{"id":2312001,"date":"2025-09-16T00:05:50","date_gmt":"2025-09-15T22:05:50","guid":{"rendered":"https:\/\/puntocritico.com\/ausajpuntocritico\/?p=2312001"},"modified":"2025-09-16T17:21:49","modified_gmt":"2025-09-16T15:21:49","slug":"ganar-y-perder-la-ultima-etapa","status":"publish","type":"post","link":"https:\/\/puntocritico.com\/ausajpuntocritico\/2025\/09\/16\/ganar-y-perder-la-ultima-etapa\/","title":{"rendered":"GANAR Y PERDER LA \u00daLTIMA ETAPA, por Carlos Alsina (15-9-2025). Las Resoluciones de la Corte Penal Internacional son vinculantes para Espa\u00f1a: Israel es investigado por Genocidio"},"content":{"rendered":"<p style=\"text-align: justify;\"><span style=\"color: #008000; font-size: 14pt;\">Ganar y perder la \u00faltima etapa<\/span><\/p>\n\n<p>&nbsp;<\/p>\n<blockquote>\n<h2 class=\"pageheading_text\" style=\"text-align: center;\"><span style=\"font-size: 24pt;\">AMOS OZ:\u00a0<strong><span class=\"pageheading_info laureates_category\">PREMIO PR\u00cdNCIPE DE ASTURIAS DE LAS LETRAS, 2007: <\/span><\/strong>DISCURSO DE AGRADECIMIENTO<\/span><\/h2>\n<p><img loading=\"lazy\" decoding=\"async\" class=\"aligncenter wp-image-2312022\" src=\"https:\/\/puntocritico.com\/ausajpuntocritico\/wp-content\/uploads\/2025\/09\/amos-oz-premio-principe-de-asturias-de-las-letras-2007-trayectoria-300x127.webp\" alt=\"\" width=\"555\" height=\"234\" srcset=\"https:\/\/puntocritico.com\/ausajpuntocritico\/wp-content\/uploads\/2025\/09\/amos-oz-premio-principe-de-asturias-de-las-letras-2007-trayectoria-300x127.webp 300w, https:\/\/puntocritico.com\/ausajpuntocritico\/wp-content\/uploads\/2025\/09\/amos-oz-premio-principe-de-asturias-de-las-letras-2007-trayectoria-768x324.webp 768w, https:\/\/puntocritico.com\/ausajpuntocritico\/wp-content\/uploads\/2025\/09\/amos-oz-premio-principe-de-asturias-de-las-letras-2007-trayectoria.webp 865w\" sizes=\"auto, (max-width: 555px) 100vw, 555px\" \/><\/p>\n<p style=\"text-align: justify;\">\u00a0<\/p>\n<p style=\"text-align: justify;\"><span style=\"font-size: 14pt;\">Si adquieres un billete y viajas a otro pa\u00eds, es posible que veas las monta\u00f1as, los palacios y las plazas, los museos, los paisajes y los enclaves hist\u00f3ricos. Si te sonr\u00ede la fortuna, quiz\u00e1 tengas la oportunidad de conversar con algunos habitantes del lugar. Luego volver\u00e1s a casa cargado con un mont\u00f3n de fotograf\u00edas y de postales.<\/span><\/p>\n<p style=\"text-align: justify;\"><span style=\"font-size: 14pt;\">Pero, si lees una novela, adquieres una entrada a los pasadizos m\u00e1s secretos de otro pa\u00eds y de otro pueblo. La lectura de una novela es una invitaci\u00f3n a visitar las casas de otras personas y a conocer sus estancias m\u00e1s \u00edntimas.<\/span><\/p>\n<p style=\"text-align: justify;\"><span style=\"font-size: 14pt;\">Si no eres m\u00e1s que un turista, quiz\u00e1 tengas ocasi\u00f3n de detenerte en una calle, observar una vieja casa del barrio antiguo de la ciudad y ver a una mujer asomada a la ventana. Luego te dar\u00e1s la vuelta y seguir\u00e1s tu camino.<\/span><\/p>\n<p style=\"text-align: justify;\"><span style=\"font-size: 14pt;\">Pero como lector no s\u00f3lo observas a la mujer que mira por la ventana, sino que est\u00e1s con ella, dentro de su habitaci\u00f3n, e incluso dentro de su cabeza.<\/span><\/p>\n<p style=\"text-align: justify;\"><span style=\"font-size: 14pt;\">Cuando lees una novela de otro pa\u00eds, se te invita a pasar al sal\u00f3n de otras personas, al cuarto de los ni\u00f1os, al despacho, e incluso al dormitorio. Se te invita a entrar en sus penas secretas, en sus alegr\u00edas familiares, en sus sue\u00f1os.<\/span><\/p>\n<p style=\"text-align: justify;\"><span style=\"font-size: 14pt;\">Y por eso creo en la literatura como puente entre los pueblos. Creo que la curiosidad tiene, de hecho, una dimensi\u00f3n moral. Creo que la capacidad de imaginar al pr\u00f3jimo es un modo de inmunizarse contra el fanatismo. La capacidad de imaginar al pr\u00f3jimo no s\u00f3lo te convierte en un hombre de negocios m\u00e1s exitoso y en un mejor amante, sino tambi\u00e9n en una persona m\u00e1s humana.<\/span><\/p>\n<p style=\"text-align: justify;\"><span style=\"font-size: 14pt;\">Parte de la tragedia \u00e1rabe-jud\u00eda es la incapacidad de muchos de nosotros, jud\u00edos y \u00e1rabes, de imaginarnos unos a otros. De imaginar realmente los amores, los miedos terribles, la ira, los instintos. Demasiada hostilidad impera entre nosotros y demasiada poca curiosidad.<\/span><\/p>\n<p style=\"text-align: justify;\"><span style=\"font-size: 14pt;\">Los jud\u00edos y los \u00e1rabes tienen algo en com\u00fan: ambos han sufrido en el pasado bajo la pesada y violenta mano de Europa. Los \u00e1rabes han sido v\u00edctimas del imperialismo, del colonialismo, de la explotaci\u00f3n y la humillaci\u00f3n. Los jud\u00edos han sido v\u00edctimas de persecuciones, discriminaci\u00f3n, expulsi\u00f3n y, al final, el asesinato de un tercio del pueblo jud\u00edo.<\/span><\/p>\n<p style=\"text-align: justify;\"><span style=\"font-size: 14pt;\">Cabr\u00eda suponer que dos v\u00edctimas, y sobre todo dos v\u00edctimas de un mismo perseguidor, desarrollar\u00edan cierta solidaridad entre ellas. Desgraciadamente las cosas no son as\u00ed, ni en las novelas ni en la vida real. Por el contrario, algunos de los conflictos m\u00e1s terribles son aquellos que se producen entre dos v\u00edctimas de un mismo perseguidor. Los dos hijos de un progenitor violento no tienen por qu\u00e9 amarse necesariamente. Con frecuencia ven reflejada el uno en el otro la imagen del cruel progenitor.<\/span><\/p>\n<p style=\"text-align: justify;\"><span style=\"font-size: 14pt;\">Exactamente as\u00ed es la situaci\u00f3n entre jud\u00edos y \u00e1rabes en Oriente Medio: mientras los \u00e1rabes ven en los israel\u00edes a los nuevos cruzados, la nueva reencarnaci\u00f3n de la Europa colonialista, muchos israel\u00edes ven en los \u00e1rabes la nueva personificaci\u00f3n de nuestros perseguidores del pasado: los responsables de los pogroms y los nazis.<\/span><\/p>\n<p style=\"text-align: justify;\"><span style=\"font-size: 14pt;\">Esta realidad impone a Europa una especial responsabilidad en la soluci\u00f3n del conflicto \u00e1rabe-israel\u00ed: en lugar de alzar un dedo acusador hacia una u otra de las partes, los europeos deber\u00edan mostrar afecto y comprensi\u00f3n y prestar ayuda a ambas partes. Ustedes no tienen por qu\u00e9 seguir eligiendo entre ser pro-israel\u00edes o pro-palestinos. Deben estar a favor de la paz.<\/span><\/p>\n<p style=\"text-align: justify;\"><span style=\"font-size: 14pt;\">La mujer de la ventana puede ser una mujer palestina de Nablus y puede ser una mujer israel\u00ed de Tel Aviv. Si desean ayudar a que haya paz entre las dos mujeres de las dos ventanas, les conviene leer m\u00e1s acerca de ellas. Lean novelas, queridos amigos, aprender\u00e1n mucho.<\/span><\/p>\n<p style=\"text-align: justify;\"><span style=\"font-size: 14pt;\">Las cosas ir\u00edan mejor si tambi\u00e9n cada una de esas dos mujeres leyese acerca de la otra, para saber, al menos, qu\u00e9 hace que la mujer de la otra ventana tenga miedo o est\u00e9 furiosa, y qu\u00e9 le infunde esperanza.<\/span><\/p>\n<p style=\"text-align: justify;\"><span style=\"font-size: 14pt;\">No he venido esta tarde a decirles que leer libros vaya a cambiar el mundo. Lo que he sugerido es que creo que leer libros es uno de los mejores modos de comprender que, en definitiva, todas las mujeres de todas las ventanas necesitan urgentemente la paz.<\/span><\/p>\n<p style=\"text-align: justify;\"><span style=\"font-size: 14pt;\">Quiero agradecer a los miembros del jurado del premio Pr\u00edncipe de Asturias que me hayan otorgado este maravilloso Premio. Muchas gracias y mis mejores deseos a todos ustedes. Shalom u-braj\u00e1.<\/span><\/p>\n<\/blockquote>\n<p>&nbsp;<\/p>\n<p><a href=\"https:\/\/www.siruela.com\/catalogo.php?id_libro=2743&amp;completa=S\" target=\"_blank\" rel=\"noopener\" data-schema-attribute=\"\"><img loading=\"lazy\" decoding=\"async\" class=\"aligncenter wp-image-2312032\" src=\"https:\/\/puntocritico.com\/ausajpuntocritico\/wp-content\/uploads\/2025\/09\/Amos-oz-una-historia-de-amor-y-oscuridad-LIBRO-211x300.png\" alt=\"\" width=\"280\" height=\"398\" srcset=\"https:\/\/puntocritico.com\/ausajpuntocritico\/wp-content\/uploads\/2025\/09\/Amos-oz-una-historia-de-amor-y-oscuridad-LIBRO-211x300.png 211w, https:\/\/puntocritico.com\/ausajpuntocritico\/wp-content\/uploads\/2025\/09\/Amos-oz-una-historia-de-amor-y-oscuridad-LIBRO.png 305w\" sizes=\"auto, (max-width: 280px) 100vw, 280px\" \/><\/a><\/p>\n<blockquote>\n<p style=\"text-align: center;\"><span style=\"font-size: 14pt;\"><strong><span style=\"color: #008000;\">Amor y oscuridad son las dos fuerzas que recorren la conmovedora autobiograf\u00eda novelada de Amos Oz, publicada por vez primera en hebreo en 2002. <\/span><\/strong><\/span><\/p>\n<p style=\"text-align: center;\"><span style=\"font-size: 14pt;\"><strong><span style=\"color: #008000;\">El autor narra su infancia y adolescencia en los a\u00f1os cuarenta y cincuenta, en Jerusal\u00e9n y en el kibutz de Hulda, marcados por la tr\u00e1gica existencia de sus padres: Yehuda, un estricto bibliotecario, y Fania, una mujer culta, rom\u00e1ntica y so\u00f1adora. <\/span><\/strong><\/span><\/p>\n<p style=\"text-align: center;\"><span style=\"font-size: 14pt;\"><strong><span style=\"color: #008000;\">Atrapado entre ellos, el futuro escritor es un ni\u00f1o que soporta sobre sus fr\u00e1giles hombros la pesada herencia de sus singulares antepasados y asiste at\u00f3nito a los grandes cambios que marcar\u00e1n su vida y la de su incipiente naci\u00f3n. <\/span><\/strong><\/span><\/p>\n<p style=\"text-align: center;\"><span style=\"font-size: 14pt;\"><strong><span style=\"color: #008000;\">La narraci\u00f3n de U<em>na historia de amor y oscuridad\u00a0<\/em>oscila hacia delante y hacia atr\u00e1s en el tiempo y refleja m\u00e1s de cien a\u00f1os de historia familiar, cuatro generaciones de so\u00f1adores, estudiosos, poetas egoc\u00e9ntricos y ovejas negras, que desde Vilna y Odesa, a trav\u00e9s de Polonia y Praga, llegaron a Israel.<\/span><\/strong><\/span><\/p>\n<\/blockquote>\n<p style=\"text-align: center;\"><span style=\"font-size: 18pt; color: #008000;\"><strong>***<\/strong><\/span><\/p>\n<h3 style=\"text-align: center;\"><span style=\"font-family: Georgia; font-size: 18pt;\">Pero c\u00f3mo<\/span><\/h3>\n<p style=\"text-align: center;\"><strong><span style=\"font-size: 14pt;\">Por Amos Oz<\/span><\/strong><\/p>\n<p>&nbsp;<\/p>\n<p style=\"text-align: center;\"><span style=\"font-family: Georgia; font-size: 14pt;\">Abandonarla, dices, es f\u00e1cil decirlo,<br \/>\nabandonarla como un piloto de combate<br \/>\nque abandona un avi\u00f3n<br \/>\nsin control o en llamas. \u00bfPero c\u00f3mo se salta<br \/>\nde un avi\u00f3n ca\u00eddo, hecho pedazos y oxidado<br \/>\no hundido en las profundidades del mar?<\/span><\/p>\n<p style=\"text-align: center;\"><span style=\"color: #008000; font-size: 14pt;\">***<\/span><\/p>\n<p style=\"text-align: center;\"><span style=\"font-size: 14pt;\"><i><span style=\"font-family: Georgia;\">De \u00abEl mismo mar\u00bb pag. 197<br \/>\nEdiciones Siruela 1999<br \/>\nVersi\u00f3n de Raquel Garc\u00eda Lozano<\/span><\/i><\/span><\/p>\n<p>&nbsp;<\/p>\n<p style=\"text-align: center;\"><span style=\"font-size: 18pt; color: #008000;\"><strong>***<\/strong><\/span><\/p>\n<h3 style=\"text-align: center;\"><span style=\"font-family: Georgia; font-size: 18pt;\">El narrador copia expresiones del diccionario<\/span><\/h3>\n<p style=\"text-align: center;\"><span style=\"font-family: Georgia; font-size: small;\"><strong><span style=\"font-size: 14pt;\">Por Amos Oz<\/span><\/strong><\/span><\/p>\n<p>&nbsp;<\/p>\n<p style=\"text-align: center;\"><span style=\"font-family: Georgia; font-size: 14pt;\">Quien ha jugado con fuego,<br \/>\nquien ha prometido el oro y el moro<br \/>\nha perdido la senda, ha perdido los estribos y est\u00e1<br \/>\ncon la soga al cuello. No ha conseguido vivir como un rey.<br \/>\nHa pasado m\u00e1s hambre que un perro. Le ha tocado.<br \/>\nLos a\u00f1os se le han echado encima, ha recibido<br \/>\nsu castigo, las desgracias nunca vienen solas.<br \/>\nAhora estampar\u00e1 su firma. Dar\u00e1 su conformidad.<\/span><\/p>\n<p style=\"text-align: center;\"><span style=\"color: #008000; font-size: 14pt;\">***<\/span><\/p>\n<p style=\"text-align: center;\"><span style=\"font-size: 14pt;\"><i><span style=\"font-family: Georgia;\">De \u00abEl mismo mar\u00bb pag. 94<br \/>\nEdiciones Siruela 1999<br \/>\nVersi\u00f3n de Raquel Garc\u00eda Lozano<\/span><\/i><\/span><\/p>\n<p>&nbsp;<\/p>\n<p><img loading=\"lazy\" decoding=\"async\" class=\"aligncenter wp-image-2312026 size-full\" src=\"https:\/\/puntocritico.com\/ausajpuntocritico\/wp-content\/uploads\/2025\/09\/Amos-Oz-2.jpg\" alt=\"\" width=\"241\" height=\"345\" srcset=\"https:\/\/puntocritico.com\/ausajpuntocritico\/wp-content\/uploads\/2025\/09\/Amos-Oz-2.jpg 241w, https:\/\/puntocritico.com\/ausajpuntocritico\/wp-content\/uploads\/2025\/09\/Amos-Oz-2-210x300.jpg 210w\" sizes=\"auto, (max-width: 241px) 100vw, 241px\" \/><\/p>\n<p style=\"text-align: center;\"><strong><span style=\"color: #008000; font-size: 18pt;\">*******<\/span><\/strong><\/p>\n<h2 class=\"entry-title\" style=\"text-align: center;\"><span style=\"font-size: 24pt;\">GANAR Y PERDER LA \u00daLTIMA ETAPA<\/span><\/h2>\n<p style=\"text-align: center;\"><strong><span style=\"font-size: 18pt;\">PONERSE EN LA PIEL DEL OTRO<\/span><\/strong><\/p>\n<blockquote>\n<div class=\"paragraph normal ng-star-inserted\" style=\"text-align: center;\" data-start-index=\"567\"><strong><span class=\"ng-star-inserted\" style=\"font-size: 14pt;\" data-start-index=\"567\">D\u00e9jenme que les cuente una historia que es muy corta, ya ver\u00e1n. Hab\u00eda una vez un ni\u00f1o, hijo de padres emigrados o refugiados, m\u00e1s bien tirando a pobres. El padre era bibliotecario, la madre maestra de historia, maestra de clases particulares en casa. Viv\u00edan en un apartamento diminuto, lleno de libros y vac\u00edo de comodidades.<\/span><\/strong><\/div>\n<div style=\"text-align: center;\" data-start-index=\"567\">\u00a0<\/div>\n<div class=\"paragraph normal ng-star-inserted\" style=\"text-align: center;\" data-start-index=\"892\"><strong><span class=\"ng-star-inserted\" style=\"font-size: 14pt;\" data-start-index=\"892\">Los padres trataban de pasar la mayor parte del tiempo fuera de ese apartamento diminuto, entonces quedaban en los caf\u00e9s con los amigos para conversar sin l\u00edmite de tiempo. Eran capaces de conversar siete d\u00edas seguidos con sus siete noches, seg\u00fan la impresi\u00f3n seguramente exagerada que qued\u00f3 en el ni\u00f1o. Como no hab\u00eda m\u00e1s familia con la que dejar a la criatura y para aliviar su soledad incuestionada, pues los padres se lo llevaban a todas partes, caf\u00e9s y conversaciones interminables con los amigos incluidos. Y le dec\u00edan al ni\u00f1o: \u00ab<em>P\u00f3rtate bien\u00bb, que significaba<\/em><em>\u00abestate callado\u00bb, \u00abp\u00f3rtate bien y te compraremos un helado<\/em>\u00ab.<\/span><\/strong><\/div>\n<div style=\"text-align: center;\" data-start-index=\"892\">\u00a0<\/div>\n<div class=\"paragraph normal ng-star-inserted\" style=\"text-align: center;\" data-start-index=\"1517\"><strong><span class=\"ng-star-inserted\" style=\"font-size: 14pt;\" data-start-index=\"1517\">Aquel ni\u00f1o se acostumbr\u00f3, para no morir de aburrimiento, a imaginar historias sobre las personas que entraban o sal\u00edan del caf\u00e9: \u00bfDe d\u00f3nde vienen? \u00bfQu\u00e9 relaci\u00f3n tienen entre ellas? \u00bfQu\u00e9 problemas les esperan en casa? \u00bfC\u00f3mo son? \u00bfQu\u00e9 piensan? \u00bfD\u00f3nde viven? \u00bfO a qu\u00e9 aspiran? Y aquel ni\u00f1o, pues por supuesto, acab\u00f3 convertido en escritor. \u00ab<em>Me hice escritor<\/em>\u00ab, contar\u00eda cuando le entrevistaran, \u00ab<em>a causa de la pobreza, de la soledad y de los helados<\/em>\u00ab. Imaginar vidas ajenas le sirvi\u00f3 ya para el resto de su vida. Le sirvi\u00f3 para hacer dos cosas: una, ganarse la vida fabulando, escribiendo novelas, y dos, ponerse en la piel del otro.<\/span><\/strong><\/div>\n<\/blockquote>\n<div data-start-index=\"256\">\u00a0<\/div>\n<div class=\"paragraph normal ng-star-inserted\" style=\"text-align: justify;\" data-start-index=\"256\"><span class=\"ng-star-inserted\" style=\"font-size: 14pt;\" data-start-index=\"256\">Por Carlos Alsina<\/span><\/div>\n<div style=\"text-align: justify;\" data-start-index=\"256\"><span style=\"font-size: 14pt;\"><a href=\"https:\/\/www.youtube.com\/watch?v=RY1DiGp3JlI\" target=\"_blank\" rel=\"noopener\">Onda Cero<\/a>, 15 SEPT 2025<\/span><\/div>\n<div data-start-index=\"256\">\n<div data-start-index=\"2517\">\u00a0<\/div>\n<div data-start-index=\"2517\">\n<figure id=\"attachment_2312012\" aria-describedby=\"caption-attachment-2312012\" style=\"width: 360px\" class=\"wp-caption aligncenter\"><img loading=\"lazy\" decoding=\"async\" class=\"wp-image-2312012\" src=\"https:\/\/puntocritico.com\/ausajpuntocritico\/wp-content\/uploads\/2025\/09\/GAZA-13-de-septiembre-de-2025-Una-multitud-de-palestinos-huyendo.jpg\" alt=\"Ganar y perder la \u00faltima etapa\" width=\"360\" height=\"288\" \/><figcaption id=\"caption-attachment-2312012\" class=\"wp-caption-text\"><span style=\"color: #008000;\">GAZA 13 de septiembre de 2025: Una multitud de palestinos, incluyendo familias con ni\u00f1os, huyen a pie por la carretera de la costa desde la Ciudad de Gaza hacia el sur. La imagen capta la escala del desplazamiento forzado y la desesperaci\u00f3n de los civiles, que cargan con las pocas pertenencias que pudieron salvar ante la inminente expansi\u00f3n de la ofensiva militar israel\u00ed sobre la ciudad. Associated Press (AP)<\/span><\/figcaption><\/figure>\n<\/div>\n<\/div>\n<div data-start-index=\"2517\">\u00a0<\/div>\n<div data-start-index=\"2517\">\u00a0<\/div>\n<div data-start-index=\"256\">\n<div data-start-index=\"2517\">\n<div class=\"paragraph normal ng-star-inserted\" style=\"text-align: justify;\" data-start-index=\"567\"><span class=\"ng-star-inserted\" style=\"font-size: 14pt;\" data-start-index=\"567\">D\u00e9jenme que les cuente una historia que es muy corta, ya ver\u00e1n. Hab\u00eda una vez un ni\u00f1o, hijo de padres emigrados o refugiados, m\u00e1s bien tirando a pobres. El padre era bibliotecario, la madre maestra de historia, maestra de clases particulares en casa. Viv\u00edan en un apartamento diminuto, lleno de libros y vac\u00edo de comodidades.<\/span><\/div>\n<div style=\"text-align: justify;\" data-start-index=\"567\">\u00a0<\/div>\n<div class=\"paragraph normal ng-star-inserted\" style=\"text-align: justify;\" data-start-index=\"892\"><span class=\"ng-star-inserted\" style=\"font-size: 14pt;\" data-start-index=\"892\">Los padres trataban de pasar la mayor parte del tiempo fuera de ese apartamento diminuto, entonces quedaban en los caf\u00e9s con los amigos para conversar sin l\u00edmite de tiempo. Eran capaces de conversar siete d\u00edas seguidos con sus siete noches, seg\u00fan la impresi\u00f3n seguramente exagerada que qued\u00f3 en el ni\u00f1o. Como no hab\u00eda m\u00e1s familia con la que dejar a la criatura y para aliviar su soledad incuestionada, pues los padres se lo llevaban a todas partes, caf\u00e9s y conversaciones interminables con los amigos incluidos. Y le dec\u00edan al ni\u00f1o: \u00ab<em>P\u00f3rtate bien\u00bb, que significaba<\/em><em>\u00abestate callado\u00bb, \u00abp\u00f3rtate bien y te compraremos un helado<\/em>\u00ab.<\/span><\/div>\n<div style=\"text-align: justify;\" data-start-index=\"892\">\u00a0<\/div>\n<div class=\"paragraph normal ng-star-inserted\" style=\"text-align: justify;\" data-start-index=\"1517\"><span class=\"ng-star-inserted\" style=\"font-size: 14pt;\" data-start-index=\"1517\">Aquel ni\u00f1o se acostumbr\u00f3, para no morir de aburrimiento, a imaginar historias sobre las personas que entraban o sal\u00edan del caf\u00e9: \u00bfDe d\u00f3nde vienen? \u00bfQu\u00e9 relaci\u00f3n tienen entre ellas? \u00bfQu\u00e9 problemas les esperan en casa? \u00bfC\u00f3mo son? \u00bfQu\u00e9 piensan? \u00bfD\u00f3nde viven? \u00bfO a qu\u00e9 aspiran? Y aquel ni\u00f1o, pues por supuesto, acab\u00f3 convertido en escritor. \u00ab<em>Me hice escritor<\/em>\u00ab, contar\u00eda cuando le entrevistaran, \u00ab<em>a causa de la pobreza, de la soledad y de los helados<\/em>\u00ab. Imaginar vidas ajenas le sirvi\u00f3 ya para el resto de su vida. Le sirvi\u00f3 para hacer dos cosas: una, ganarse la vida fabulando, escribiendo novelas, y dos, ponerse en la piel del otro.<\/span><\/div>\n<\/div>\n<\/div>\n<div data-start-index=\"1517\">\u00a0<\/div>\n<div data-start-index=\"1517\">\u00a0<\/div>\n<div data-start-index=\"1517\">\n<figure id=\"attachment_2312013\" aria-describedby=\"caption-attachment-2312013\" style=\"width: 400px\" class=\"wp-caption aligncenter\"><img loading=\"lazy\" decoding=\"async\" class=\"wp-image-2312013\" src=\"https:\/\/puntocritico.com\/ausajpuntocritico\/wp-content\/uploads\/2025\/09\/Nuseirat-Gaza-14-sept-2025-Amnistia-internacional-palestinos-huyendo-de-la-intensificacion-de-los-bombardeos.jpg\" alt=\"\" width=\"400\" height=\"320\" \/><figcaption id=\"caption-attachment-2312013\" class=\"wp-caption-text\"><span style=\"color: #008000;\">Nuseirat, Gaza, 14 de septiembre de 2025: Desplazados palestinos, huyendo de la intensificaci\u00f3n de los bombardeos israel\u00edes, se trasladan hacia el sur desde la Ciudad de Gaza. La fotograf\u00eda, tomada cerca de Nuseirat, en el centro de la Franja de Gaza, muestra una columna de personas y veh\u00edculos sobrecargados en la carretera de la costa, en un \u00e9xodo masivo mientras a lo lejos se eleva el humo de un ataque a\u00e9reo. Reuters <\/span><\/figcaption><\/figure>\n<\/div>\n<div data-start-index=\"1517\">\u00a0<\/div>\n<div data-start-index=\"1517\">\u00a0<\/div>\n<div class=\"paragraph normal ng-star-inserted\" style=\"text-align: justify;\" data-start-index=\"2146\"><span class=\"ng-star-inserted\" style=\"font-size: 14pt;\" data-start-index=\"2146\">Y esas dos actividades son las que resumen, creo yo, la obra de <a href=\"https:\/\/es.wikipedia.org\/wiki\/Amos_Oz\" target=\"_blank\" rel=\"noopener\" data-schema-attribute=\"\"><strong>Amos Oz<\/strong><\/a>, el novelista y el opinador, sus libros y sus art\u00edculos de prensa. Ponerse en la piel de quien no piensa como t\u00fa le vacun\u00f3 contra el fanatismo y le ocup\u00f3 en entender a los \u00e1rabes que viv\u00edan a unos pocos kil\u00f3metros de \u00e9l (<em>\u00e9l resid\u00eda en Jerusal\u00e9n<\/em>) y a los palestinos que habitaban su mismo territorio.<\/span><\/div>\n<div data-start-index=\"2146\">\u00a0<\/div>\n<div data-start-index=\"2146\">\u00a0<\/div>\n<div data-start-index=\"2146\">\n<figure id=\"attachment_2312010\" aria-describedby=\"caption-attachment-2312010\" style=\"width: 330px\" class=\"wp-caption aligncenter\"><img loading=\"lazy\" decoding=\"async\" class=\"wp-image-2312010 size-mh-magazine-content\" src=\"https:\/\/puntocritico.com\/ausajpuntocritico\/wp-content\/uploads\/2025\/09\/Amos_oz675-330x381.jpg\" alt=\"\" width=\"330\" height=\"381\" \/><figcaption id=\"caption-attachment-2312010\" class=\"wp-caption-text\"><span style=\"color: #008000;\"><strong>Amos Oz<\/strong> (4 de mayo de 1939\u200b-Tel Aviv, 28 de diciembre del 2018), nacido como Amos Klausner, fue un escritor, novelista y periodista israel\u00ed, considerado como uno de los m\u00e1s importantes escritores contempor\u00e1neos en hebreo.<\/span><\/figcaption><\/figure>\n<\/div>\n<div data-start-index=\"2146\">\u00a0<\/div>\n<div style=\"text-align: justify;\" data-start-index=\"2146\">\u00a0<\/div>\n<div class=\"paragraph normal ng-star-inserted\" style=\"text-align: justify;\" data-start-index=\"2517\"><span class=\"ng-star-inserted\" style=\"font-size: 14pt;\" data-start-index=\"2517\">Amos era israel\u00ed, por supuesto, fundador del <em><strong>movimiento Paz Ahora<\/strong><\/em>, predicador incansable de la repartici\u00f3n del territorio entre su pueblo y el pueblo palestino y defensor de los dos estados mucho antes que casi nadie. Tachado de traidor por muchos de sus compatriotas que le llamaban traidor y equidistante, y cordero camuflado a ojos de muchos palestinos que nunca llegaron a creer que realmente pensara lo que escrib\u00eda. Sus libros alcanzaron \u00e9xitos de tirada sobresalientes en Israel y su editor le explic\u00f3 una vez por qu\u00e9. Le dijo: \u00ab<em>Es que hay personas que compran diez o doce ejemplares de cada una de tus novelas, de cada uno de tus libros<\/em>\u00ab. Y \u00e9l dijo: \u00ab<em>Para regalarlos<\/em>\u00ab. Y le dijo el editor: \u00ab<em>No, para quemarlos<\/em>\u00ab.<\/span><\/div>\n<div data-start-index=\"2517\">\n<div data-start-index=\"256\">\n<div style=\"text-align: justify;\" data-start-index=\"2517\">\u00a0<\/div>\n<\/div>\n<div data-start-index=\"256\">\u00a0<\/div>\n<div data-start-index=\"256\">\n<figure id=\"attachment_2312006\" aria-describedby=\"caption-attachment-2312006\" style=\"width: 400px\" class=\"wp-caption aligncenter\"><img loading=\"lazy\" decoding=\"async\" class=\"wp-image-2312006\" src=\"https:\/\/puntocritico.com\/ausajpuntocritico\/wp-content\/uploads\/2025\/09\/Gaza-familias-huyendo-Nov-2023.jpg\" alt=\"\" width=\"400\" height=\"320\" \/><figcaption id=\"caption-attachment-2312006\" class=\"wp-caption-text\"><span style=\"color: #008000;\">Familias palestinas desplazadas huyen de sus hogares en el norte de la Franja de Gaza hacia el sur. La imagen, tomada en noviembre de 2023, muestra a personas caminando con sus escasas pertenencias por la carretera Salah al-Din, la principal v\u00eda de evacuaci\u00f3n. Associated Press (AP), Noviembre de 2023. \u00c9xodo de civiles palestinos desde el norte de Gaza despu\u00e9s de que el ej\u00e9rcito israel\u00ed emitiera \u00f3rdenes de evacuaci\u00f3n en medio de una intensa campa\u00f1a de bombardeos y la inminente ofensiva terrestre.<\/span><\/figcaption><\/figure>\n<\/div>\n<\/div>\n<div data-start-index=\"256\">\u00a0<\/div>\n<div class=\"paragraph normal ng-star-inserted\" style=\"text-align: justify;\" data-start-index=\"3236\"><span class=\"ng-star-inserted\" style=\"font-size: 14pt;\" data-start-index=\"3236\"><strong>Amos<\/strong> muri\u00f3 hace siete a\u00f1os sin haber llegado a ver un estado palestino en t\u00e9rminos de igualdad con el estado de Israel. S\u00ed lleg\u00f3 a ver nueve a\u00f1os de gobierno de <strong>Netanyahu<\/strong> y ocasi\u00f3n tuvo de escribir contra los cr\u00edmenes de guerra que, en su opini\u00f3n, comet\u00eda el ej\u00e9rcito israel\u00ed en Cisjordania. Y ocasi\u00f3n tuvo de desear que <strong>Benjam\u00edn Netanyahu<\/strong> y su forma de entender el poder se fueran al infierno.<\/span><\/div>\n<div data-start-index=\"3236\">\u00a0<\/div>\n<div data-start-index=\"3236\">\u00a0<\/div>\n<div data-start-index=\"3236\">\n<figure id=\"attachment_2312009\" aria-describedby=\"caption-attachment-2312009\" style=\"width: 400px\" class=\"wp-caption aligncenter\"><img loading=\"lazy\" decoding=\"async\" class=\"wp-image-2312009\" src=\"https:\/\/puntocritico.com\/ausajpuntocritico\/wp-content\/uploads\/2025\/09\/densa-columna-de-personas-y-vehiculos-avanza-lentamente-Octubre-2023.jpg\" alt=\"\" width=\"400\" height=\"320\" \/><figcaption id=\"caption-attachment-2312009\" class=\"wp-caption-text\"><span style=\"color: #008000;\">Una densa columna de personas y veh\u00edculos avanza lentamente por una de las carreteras principales que salen de la ciudad de Gaza. La imagen ilustra la escala masiva del desplazamiento forzado. Al Jazeera, Octubre de 2023:\u00a0La huida masiva de m\u00e1s de un mill\u00f3n de civiles del norte de la Franja de Gaza, calificada por la ONU y otras organizaciones como una crisis humanitaria devastadora, tras las \u00f3rdenes de evacuaci\u00f3n emitidas por Israel.<\/span><\/figcaption><\/figure>\n<\/div>\n<div data-start-index=\"3236\">\u00a0<\/div>\n<div style=\"text-align: justify;\" data-start-index=\"3236\">\u00a0<\/div>\n<div class=\"paragraph normal ng-star-inserted\" style=\"text-align: justify;\" data-start-index=\"3630\"><span class=\"ng-star-inserted\" style=\"font-size: 14pt;\" data-start-index=\"3630\">Dej\u00f3 escrito que el peor mal que debilita la sociedad israel\u00ed al cabo de tantos a\u00f1os de conflictos armados es la indiferencia. Y dej\u00f3 escrito que los ataques de <strong>Ham\u00e1s<\/strong> merecen una respuesta militar, pero limitada. Y dej\u00f3 escrito, en fin, que cuantos m\u00e1s israel\u00edes sean asesinados en los atentados de <strong>Ham\u00e1s<\/strong> es mejor para <strong>Ham\u00e1s<\/strong>. Y cuantos m\u00e1s palestinos sean asesinados por el ej\u00e9rcito de Israel, tambi\u00e9n es mejor para <strong>Ham\u00e1s<\/strong>.<\/span><\/div>\n<div style=\"text-align: justify;\" data-start-index=\"3630\">\u00a0<\/div>\n<div class=\"paragraph normal ng-star-inserted\" style=\"text-align: justify;\" data-start-index=\"4052\"><span class=\"ng-star-inserted\" style=\"font-size: 14pt;\" data-start-index=\"4052\">El escritor nunca hab\u00eda cumplido su deseo humor\u00edstico de ser contratado como profesor de fanatismo comparado en alguna universidad europea.\u00a0<\/span><\/div>\n<div data-start-index=\"4052\">\u00a0<\/div>\n<div data-start-index=\"4052\">\u00a0<\/div>\n<div data-start-index=\"4052\">\n<figure id=\"attachment_2312007\" aria-describedby=\"caption-attachment-2312007\" style=\"width: 400px\" class=\"wp-caption aligncenter\"><img loading=\"lazy\" decoding=\"async\" class=\"wp-image-2312007\" src=\"https:\/\/puntocritico.com\/ausajpuntocritico\/wp-content\/uploads\/2025\/09\/Palestinos-desplazados-se-amontonan-en-coches-Octubre-2023.jpg\" alt=\"\" width=\"400\" height=\"320\" \/><figcaption id=\"caption-attachment-2312007\" class=\"wp-caption-text\"><span style=\"color: #008000;\"> Palestinos desplazados se amontonan en coches y camionetas sobrecargados con colchones, muebles y otras pertenencias mientras huyen de la ciudad de Gaza. Agence France-Presse (AFP). Octubre de 2023: Primeros d\u00edas de las \u00f3rdenes de evacuaci\u00f3n israel\u00edes, cuando miles de familias intentaron abandonar el norte de Gaza por carretera, llevando consigo todo lo que pod\u00edan transportar en sus veh\u00edculos. <\/span><\/figcaption><\/figure>\n<\/div>\n<div data-start-index=\"4052\">\u00a0<\/div>\n<div style=\"text-align: justify;\" data-start-index=\"4052\">\u00a0<\/div>\n<div class=\"paragraph normal ng-star-inserted\" style=\"text-align: justify;\" data-start-index=\"4052\"><span class=\"ng-star-inserted\" style=\"font-size: 14pt;\" data-start-index=\"4052\"><strong>Este fin de semana nos deja la imagen devastadora de cientos de familias, si no miles, avanzando lentamente por la carretera de la costa que une la ciudad de Gaza con los campos de desplazados en el sur<\/strong>. Cr\u00edos con mochilas, mujeres con hijos en brazos, coches destartalados y camionetas atiborradas de muebles, de esteras, de ropa, de objetos de toda clase, recuerdos de toda clase que constituyen la historia de cada una de estas familias. El viaje interminable de apenas diez kil\u00f3metros, pero interminable, de miles de personas forzadas a evacuar su ciudad so pena de ser eliminadas en alguna de las acciones dinamiteras del ej\u00e9rcito israel\u00ed a las \u00f3rdenes de su gobierno bombardero.<\/span><\/div>\n<div data-start-index=\"4052\">\u00a0<\/div>\n<div data-start-index=\"4052\">\u00a0<\/div>\n<div data-start-index=\"4052\">\n<figure id=\"attachment_2312008\" aria-describedby=\"caption-attachment-2312008\" style=\"width: 400px\" class=\"wp-caption aligncenter\"><img loading=\"lazy\" decoding=\"async\" class=\"wp-image-2312008\" src=\"https:\/\/puntocritico.com\/ausajpuntocritico\/wp-content\/uploads\/2025\/09\/multitud-de-palestinos-huyendo-Noviembre-2023.jpg\" alt=\"\" width=\"400\" height=\"320\" \/><figcaption id=\"caption-attachment-2312008\" class=\"wp-caption-text\"><span style=\"color: #008000;\">Una multitud de palestinos, muchos de ellos a pie, caminan hacia el sur de la Franja de Gaza. Algunos levantan las manos o muestran banderas blancas improvisadas mientras pasan junto a tanques israel\u00edes. Reuters, Noviembre de 2023: Civiles evacuando el norte de Gaza a trav\u00e9s de los \u00abcorredores humanitarios\u00bb designados por el ej\u00e9rcito israel\u00ed. La escena captura la desesperaci\u00f3n y el peligro del viaje, donde familias enteras, incluidos ni\u00f1os y ancianos, se vieron obligadas a caminar kil\u00f3metros.<\/span><\/figcaption><\/figure>\n<\/div>\n<div data-start-index=\"4052\">\u00a0<\/div>\n<div data-start-index=\"4052\">\u00a0<\/div>\n<div style=\"text-align: justify;\" data-start-index=\"4052\">\u00a0<\/div>\n<div class=\"paragraph normal ng-star-inserted\" style=\"text-align: justify;\" data-start-index=\"4876\"><span class=\"ng-star-inserted\" style=\"font-size: 14pt;\" data-start-index=\"4876\">El gobierno de Espa\u00f1a ten\u00eda un trabajo ayer que hacer y era garantizar que pudiera desarrollarse la \u00faltima etapa de una carrera ciclista. Esa era su tarea. As\u00ed lo hab\u00eda asumido el representante de <strong>S\u00e1nchez<\/strong> para Madrid, delegado del gobierno <strong>Francisco Mart\u00edn Aguirre<\/strong>, creo que le llaman <strong>Fran<\/strong>. Y el delegado, o sea, el gobierno, fracas\u00f3 en esa tarea.<em> La Vuelta<\/em> no pudo terminar. Incapaz el gobierno de asegurar la integridad de los ciclistas e incapaz de mantener despejadas las calles del recorrido. Casi 3.000 polic\u00edas, dijo el gobierno, que hab\u00eda movilizado. Y era, alguna cr\u00f3nica dec\u00eda, ni cuando la cumbre de la OTAN hubo tanta polic\u00eda en Madrid blindado. Bueno, pues no bastaron, se ve, para cumplir con la tarea.<\/span><\/div>\n<div data-start-index=\"4876\">\u00a0<\/div>\n<div data-start-index=\"4876\">\u00a0<\/div>\n<div data-start-index=\"4876\">\n<figure id=\"attachment_2312016\" aria-describedby=\"caption-attachment-2312016\" style=\"width: 440px\" class=\"wp-caption aligncenter\"><img loading=\"lazy\" decoding=\"async\" class=\"wp-image-2312016\" src=\"https:\/\/puntocritico.com\/ausajpuntocritico\/wp-content\/uploads\/2025\/09\/Rafah-Gaza-febrero-2025-300x225.jpeg\" alt=\"\" width=\"440\" height=\"330\" srcset=\"https:\/\/puntocritico.com\/ausajpuntocritico\/wp-content\/uploads\/2025\/09\/Rafah-Gaza-febrero-2025-300x225.jpeg 300w, https:\/\/puntocritico.com\/ausajpuntocritico\/wp-content\/uploads\/2025\/09\/Rafah-Gaza-febrero-2025-1024x768.jpeg 1024w, https:\/\/puntocritico.com\/ausajpuntocritico\/wp-content\/uploads\/2025\/09\/Rafah-Gaza-febrero-2025-768x576.jpeg 768w, https:\/\/puntocritico.com\/ausajpuntocritico\/wp-content\/uploads\/2025\/09\/Rafah-Gaza-febrero-2025-1536x1152.jpeg 1536w, https:\/\/puntocritico.com\/ausajpuntocritico\/wp-content\/uploads\/2025\/09\/Rafah-Gaza-febrero-2025-2048x1536.jpeg 2048w, https:\/\/puntocritico.com\/ausajpuntocritico\/wp-content\/uploads\/2025\/09\/Rafah-Gaza-febrero-2025-678x509.jpeg 678w, https:\/\/puntocritico.com\/ausajpuntocritico\/wp-content\/uploads\/2025\/09\/Rafah-Gaza-febrero-2025-326x245.jpeg 326w, https:\/\/puntocritico.com\/ausajpuntocritico\/wp-content\/uploads\/2025\/09\/Rafah-Gaza-febrero-2025-80x60.jpeg 80w, https:\/\/puntocritico.com\/ausajpuntocritico\/wp-content\/uploads\/2025\/09\/Rafah-Gaza-febrero-2025-1320x990.jpeg 1320w\" sizes=\"auto, (max-width: 440px) 100vw, 440px\" \/><figcaption id=\"caption-attachment-2312016\" class=\"wp-caption-text\"><span style=\"color: #008000;\">Gaza, Rafah, 19 de enero de 2025<\/span><\/figcaption><\/figure>\n<\/div>\n<div data-start-index=\"4876\">\u00a0<\/div>\n<div style=\"text-align: justify;\" data-start-index=\"4876\">\u00a0<\/div>\n<div class=\"paragraph normal ng-star-inserted\" style=\"text-align: justify;\" data-start-index=\"5592\"><span class=\"ng-star-inserted\" style=\"font-size: 14pt;\" data-start-index=\"5592\">El trabajo del gobierno era hacer posible que quien quisiera manifestarse por Palestina o por la desaparici\u00f3n del Estado de Israel (<em>que tambi\u00e9n aparec\u00eda en alguna pancarta ese lema<\/em>) lo hiciera, pudiera manifestarse con normalidad. Y que <em>la Vuelta<\/em> pudiera llegar a meta y proclamar vencedor en el podio tambi\u00e9n con normalidad. Consigui\u00f3 lo primero: quien quiso pudo manifestarse. Y no logr\u00f3 lo segundo, con la duda que ahora queda, y es responsabilidad del gobierno que esa duda ahora permanezca, respecto de la voluntad real que ten\u00eda el gobierno de que <em>la Vuelta<\/em> pudiera completar su recorrido.<\/span><\/div>\n<div data-start-index=\"5592\">\u00a0<\/div>\n<div data-start-index=\"5592\">\u00a0<\/div>\n<div data-start-index=\"5592\">\n<figure id=\"attachment_2312018\" aria-describedby=\"caption-attachment-2312018\" style=\"width: 440px\" class=\"wp-caption aligncenter\"><img loading=\"lazy\" decoding=\"async\" class=\"wp-image-2312018\" src=\"https:\/\/puntocritico.com\/ausajpuntocritico\/wp-content\/uploads\/2025\/09\/Ataque-israeli-Gaza-13-Sept-2025-300x200.jpg\" alt=\"\" width=\"440\" height=\"293\" srcset=\"https:\/\/puntocritico.com\/ausajpuntocritico\/wp-content\/uploads\/2025\/09\/Ataque-israeli-Gaza-13-Sept-2025-300x200.jpg 300w, https:\/\/puntocritico.com\/ausajpuntocritico\/wp-content\/uploads\/2025\/09\/Ataque-israeli-Gaza-13-Sept-2025-1024x683.jpg 1024w, https:\/\/puntocritico.com\/ausajpuntocritico\/wp-content\/uploads\/2025\/09\/Ataque-israeli-Gaza-13-Sept-2025-768x512.jpg 768w, https:\/\/puntocritico.com\/ausajpuntocritico\/wp-content\/uploads\/2025\/09\/Ataque-israeli-Gaza-13-Sept-2025-1536x1024.jpg 1536w, https:\/\/puntocritico.com\/ausajpuntocritico\/wp-content\/uploads\/2025\/09\/Ataque-israeli-Gaza-13-Sept-2025-2048x1365.jpg 2048w, https:\/\/puntocritico.com\/ausajpuntocritico\/wp-content\/uploads\/2025\/09\/Ataque-israeli-Gaza-13-Sept-2025-1320x880.jpg 1320w\" sizes=\"auto, (max-width: 440px) 100vw, 440px\" \/><figcaption id=\"caption-attachment-2312018\" class=\"wp-caption-text\"><span style=\"color: #008000;\">Smoke billows after an Israeli strike on a building in Gaza City&#8217;s Tal al-Hawa district on September 13, 2025. (Photo by Omar AL-QATTAA \/ AFP)<\/span><\/figcaption><\/figure>\n<\/div>\n<div data-start-index=\"5592\">\u00a0<\/div>\n<div style=\"text-align: justify;\" data-start-index=\"5592\">\u00a0<\/div>\n<div class=\"paragraph normal ng-star-inserted\" style=\"text-align: justify;\" data-start-index=\"6187\"><span class=\"ng-star-inserted\" style=\"font-size: 14pt;\" data-start-index=\"6187\">Vaya por delante nuestro reconocimiento y respeto absoluto a los deportistas, pero tambi\u00e9n nuestra admiraci\u00f3n a un pueblo como el espa\u00f1ol que se moviliza por causas justas. Por la ma\u00f1ana hab\u00eda mitineado el presidente a favor de su propia causa, usando el truco este de decir que respetas a los deportistas, pero que sobre todo admiras a quienes est\u00e1n tratando de que los deportistas tengan que quedarse parados, suspendiendo <em>la Vuelta<\/em>.<\/span><\/div>\n<div style=\"text-align: justify;\" data-start-index=\"6187\">\u00a0<\/div>\n<div class=\"paragraph normal ng-star-inserted\" style=\"text-align: justify;\" data-start-index=\"6622\"><span class=\"ng-star-inserted\" style=\"font-size: 14pt;\" data-start-index=\"6622\">Digo, la duda sobre la voluntad real del gobierno respecto de <em>la Vuelta<\/em> es muy leg\u00edtima porque lleva tres semanas quitando importancia a los incidentes y defendiendo que el equipo, el equipo israel\u00ed o patrocinado por un israel\u00ed, ten\u00eda que ser expulsado de la carrera. Y la duda es leg\u00edtima, sobre todo, a la vista de la satisfacci\u00f3n con la que <em><strong>el delegado del gobierno en Madrid<\/strong><\/em> compareci\u00f3 anoche habiendo fallado su dispositivo para celebrar el balance de la jornada.<\/span><\/div>\n<div style=\"text-align: justify;\" data-start-index=\"6622\">\u00a0<\/div>\n<div class=\"paragraph normal ng-star-inserted\" style=\"text-align: justify;\" data-start-index=\"7090\"><span class=\"ng-star-inserted\" style=\"font-size: 14pt;\" data-start-index=\"7090\">\u00ab<em>El extraordinario dispositivo desplegado en el d\u00eda de hoy por las fuerzas y cuerpos de seguridad del Estado nos permite informar de que la manifestaci\u00f3n en protesta por el genocidio de Gaza que se ha producido esta tarde en nuestra capital se ha resuelto sin incidentes graves. En Madrid hoy se ha interrumpido una carrera ciclista y se ha interrumpido porque el pueblo de Madrid ha enviado al mundo un inmenso mensaje de solidaridad<\/em>\u00ab.<\/span><\/div>\n<div style=\"text-align: justify;\" data-start-index=\"7090\">\u00a0<\/div>\n<div class=\"paragraph normal ng-star-inserted\" style=\"text-align: justify;\" data-start-index=\"7526\"><span class=\"ng-star-inserted\" style=\"font-size: 14pt;\" data-start-index=\"7526\"><em><strong>El delegado<\/strong><\/em> de la Moncloa utiliza interesadamente la manifestaci\u00f3n ciudadana pac\u00edfica para diluir los incidentes de desorden p\u00fablico que acabaron provocando que la carrera fuera abortada. No fue el clamor del pueblo de Madrid lo que impidi\u00f3 que los ciclistas llegaran a meta. Fue la incompetencia de la <strong>Delegaci\u00f3n de Gobierno en Madrid<\/strong> a la hora de atajar el boicot y de restablecer la normalidad en el trayecto que quedaba por recorrer.<\/span><\/div>\n<div style=\"text-align: justify;\" data-start-index=\"7526\">\u00a0<\/div>\n<div class=\"paragraph normal ng-star-inserted\" style=\"text-align: justify;\" data-start-index=\"7963\"><span class=\"ng-star-inserted\" style=\"font-size: 14pt;\" data-start-index=\"7963\">Anotemos en el nuevo manual de supervivencia pol\u00edtico, que es un poco la esencia de nuestro tiempo (<em>manual de supervivencia esto de camuflar tu fracaso proclamando con enorme sobreactuaci\u00f3n una evidencia<\/em>): <em>\u00abEn Madrid en los \u00faltimos meses no se han asesinado a 65.000 ni\u00f1os, no se ha bombardeado hospitales, no se ha acribillado a ni\u00f1os y ni\u00f1as. En Madrid no se mata la gente<\/em>\u00ab. De donde todo eso est\u00e1 pasando es en Palestina. Y naturalmente que, naturalmente que, nada de todo eso pase en Madrid y naturalmente que s\u00ed pasa en Gaza.<\/span><\/div>\n<div data-start-index=\"7963\">\u00a0<\/div>\n<div class=\"paragraph normal ng-star-inserted\" style=\"text-align: justify;\" data-start-index=\"8493\"><span class=\"ng-star-inserted\" style=\"font-size: 14pt;\" data-start-index=\"8493\">En Madrid lo \u00fanico que pasaba ayer era una prueba deportiva que el gobierno se comprometi\u00f3 a proteger y no supo o no quiso hacerlo, bien por negligencia, bien por dejaci\u00f3n de funciones. <em><strong>El delegado<\/strong><\/em> har\u00eda bien en colgarse menos medallas y tanto \u00e9l como <strong>Ayuso<\/strong>, <strong>Almeida<\/strong>, igual deber\u00edan abstenerse ya de hablar en nombre del pueblo de Madrid.<\/span><\/div>\n<div style=\"text-align: justify;\" data-start-index=\"8493\">\u00a0<\/div>\n<div class=\"paragraph normal ng-star-inserted\" style=\"text-align: justify;\" data-start-index=\"8831\"><span class=\"ng-star-inserted\" style=\"font-size: 14pt;\" data-start-index=\"8831\">\u00abEl pueblo de Madrid ha enviado un mensaje al mundo\u00bb, dijo<em><strong> el delegado<\/strong><\/em>. \u00abE<em>l pueblo de Madrid no son disturbios que impiden una Vuelta ciclista<\/em>\u00ab, dijo ayer<em><strong> el alcalde<\/strong><\/em>. \u00ab<em>Hoy Madrid no se ha desbordado de manifestantes, hoy Madrid se ha desbordado de violencia, violencia de la cual hago directo responsable, insisto, como alcalde de esta ciudad, al presidente del gobierno por sus irresponsables declaraciones esta ma\u00f1ana teniendo en cuenta lo que ha pasado para cancelar la Vuelta Ciclista Espa\u00f1a<\/em>\u00ab.<\/span><\/div>\n<div style=\"text-align: justify;\" data-start-index=\"8831\">\u00a0<\/div>\n<div class=\"paragraph normal ng-star-inserted\" style=\"text-align: justify;\" data-start-index=\"9328\"><span class=\"ng-star-inserted\" style=\"font-size: 14pt;\" data-start-index=\"9328\">Bueno, ahora que <em>la Vuelta<\/em> ya ha terminado, pero lo de Gaza no, la pregunta que habr\u00e1 de responder el presidente en alg\u00fan momento es: \u00bfCon qu\u00e9 otras acciones de protesta celebrar\u00eda \u00e9l que el pueblo espa\u00f1ol siguiera presionando a <strong>Netanyahu<\/strong>? Si ma\u00f1ana alguien propone boicotear cualquier actividad, cualquier empresa, cualquier marca que tenga relaci\u00f3n con Israel, pongo por caso, \u00bflo celebrar\u00e1 tambi\u00e9n el presidente? Si alguien propone, qu\u00e9 s\u00e9 yo, sitiar la embajada de Israel en Madrid, \u00bflo aplaudir\u00e1 el gobierno? Si alguien propone cercar <em>Radio Televisi\u00f3n Espa\u00f1ola<\/em> e impedir el acceso de sus trabajadores hasta que abandone el concurso de <em>Eurovisi\u00f3n<\/em>, \u00bflo alentar\u00e1 tambi\u00e9n el presidente? Si alguien boicotea los actos del propio gobierno de Espa\u00f1a por mantener vivas las relaciones diplom\u00e1ticas con el \u00ab<em>Estado genocida de Israel<\/em>\u00ab, \u00bftambi\u00e9n le producir\u00e1 admiraci\u00f3n? \u00bfO todo eso ya no?<\/span><\/div>\n<div style=\"text-align: justify;\" data-start-index=\"9328\">\u00a0<\/div>\n<div class=\"paragraph normal ng-star-inserted\" style=\"text-align: justify;\" data-start-index=\"10211\"><span class=\"ng-star-inserted\" style=\"font-size: 14pt;\" data-start-index=\"10211\">Porque esta frase del ministro<strong> \u00d3scar L\u00f3pez<\/strong> anoche, en el d\u00eda en el que el gobierno no fue capaz de mantener el orden p\u00fablico, vale para justificar casi cualquier cosa. Dijo <strong>\u00d3scar L\u00f3pez<\/strong>: \u00ab<em>Lo siento por la Vuelta, pero lo siento m\u00e1s por los palestinos masacrados. Lo siento por Eurovisi\u00f3n, pero lo siento m\u00e1s por los palestinos masacrados. Lo siento por las universidades espa\u00f1olas que colaboran con universidades de Israel, pero m\u00e1s por los palestinos masacrados<\/em>\u00ab.<\/span><\/div>\n<div style=\"text-align: justify;\" data-start-index=\"10211\">\u00a0<\/div>\n<div class=\"paragraph normal ng-star-inserted\" style=\"text-align: justify;\" data-start-index=\"10674\"><span class=\"ng-star-inserted\" style=\"font-size: 14pt;\" data-start-index=\"10674\">Es que ha dicho la ministra de deportes, que es <strong>Pilar Alegr\u00eda<\/strong>, que \u00ab<em>tiene todo el sentido boicotear una carrera ciclista porque detr\u00e1s de uno de los equipos est\u00e1 el Estado de Israel<\/em>\u00ab. Claro, \u00bfqui\u00e9n fija la l\u00ednea que separa el gobierno de Israel y la matanza que el gobierno de Israel est\u00e1 realizando en Gaza de todo lo que, siendo israel\u00ed, no es un tent\u00e1culo de su gobierno?<\/span><\/div>\n<div style=\"text-align: justify;\" data-start-index=\"10674\">\u00a0<\/div>\n<div class=\"paragraph normal ng-star-inserted\" style=\"text-align: justify;\" data-start-index=\"11048\"><span class=\"ng-star-inserted\" style=\"font-size: 14pt;\" data-start-index=\"11048\">El <em><strong>Partido Laborista de Israel<\/strong><\/em>, que est\u00e1 en la oposici\u00f3n, hoy tiene nueva marca. Ahora se llama <strong><em>Los Dem\u00f3cratas<\/em><\/strong> y que est\u00e1 integrado en la <em><strong>Internacional Socialista<\/strong><\/em>. \u00bfHay que echarlo de la<em><strong> Internacional Socialista<\/strong><\/em> porque es un partido pol\u00edtico de Israel y est\u00e1 en la oposici\u00f3n a Netanyahu? \u00bfEs culpable tambi\u00e9n de lo que est\u00e1 haciendo el ej\u00e9rcito?<\/span><\/div>\n<div style=\"text-align: justify;\" data-start-index=\"11048\">\u00a0<\/div>\n<div class=\"paragraph normal ng-star-inserted\" style=\"text-align: justify;\" data-start-index=\"11393\"><span style=\"font-size: 14pt;\"><span class=\"ng-star-inserted\" data-start-index=\"11393\">El diario <\/span><i class=\"ng-star-inserted\" data-start-index=\"11403\">Haaretz<\/i><span class=\"ng-star-inserted\" data-start-index=\"11410\">, que es tremendamente israel\u00ed, ha celebrado este fin de semana en Toronto una conferencia por la que han pasado israel\u00edes que viven en Canad\u00e1 e israel\u00edes que viven en Israel. Todos son tan israel\u00edes como <strong>Netanyahu<\/strong> y todos son tan cr\u00edticos con \u00e9l o m\u00e1s que <strong>Pedro S\u00e1nchez<\/strong>. En esa conferencia ha dicho la diputada israel\u00ed que <strong>Netanyahu<\/strong> ve en <em><strong>Ham\u00e1s<\/strong> <\/em>un activo para mantener vivo el conflicto y que lidera un gobierno que prefiere la destrucci\u00f3n a la esperanza. En esa conferencia ha dicho <strong>Aiman<\/strong>, que tambi\u00e9n es diputado en Israel y es \u00e1rabe, que el reconocimiento del Estado palestino no es un premio sino un acto de justicia y que debiera ser el parlamento israel\u00ed quien reconociera ya al estado palestino.<\/span><\/span><\/div>\n<div style=\"text-align: justify;\" data-start-index=\"11393\">\u00a0<\/div>\n<div class=\"paragraph normal ng-star-inserted\" style=\"text-align: justify;\" data-start-index=\"12113\"><span class=\"ng-star-inserted\" style=\"font-size: 14pt;\" data-start-index=\"12113\">Y all\u00ed ha dicho, en fin, all\u00ed ha dicho <strong>Dan Meridor<\/strong>, que fue dirigente del <em><strong>Likud<\/strong><\/em>, que fue viceprimer ministro de <strong>Benjam\u00edn Netanyahu<\/strong> hace ahora diez a\u00f1os, ha dicho que no habr\u00e1 estado jud\u00edo en paz sin estado palestino reconocido y que es la sociedad israel\u00ed quien debe reaccionar ya ante los excesos de su gobierno. Llamamientos israel\u00edes contra la indiferencia de ciudadanos israel\u00edes que lo son y que aborrecen la expulsi\u00f3n de los palestinos de Gaza. Llamamientos contra el fanatismo de quienes s\u00ed son capaces de ponerse en la piel del otro, a imagen y semejanza de aquel ni\u00f1o que se hizo escritor a causa de la pobreza, la soledad y los helados.<\/span><\/div>\n<div data-start-index=\"12113\">\u00a0<\/div>\n<div data-start-index=\"12113\">\u00a0<\/div>\n<div data-start-index=\"12113\">\n<figure id=\"attachment_2312019\" aria-describedby=\"caption-attachment-2312019\" style=\"width: 500px\" class=\"wp-caption aligncenter\"><img loading=\"lazy\" decoding=\"async\" class=\"wp-image-2312019 size-full\" src=\"https:\/\/puntocritico.com\/ausajpuntocritico\/wp-content\/uploads\/2025\/09\/Mapa-de-Gaza-al-7-de-septiembre-de-2025.png\" alt=\"\" width=\"500\" height=\"433\" srcset=\"https:\/\/puntocritico.com\/ausajpuntocritico\/wp-content\/uploads\/2025\/09\/Mapa-de-Gaza-al-7-de-septiembre-de-2025.png 500w, https:\/\/puntocritico.com\/ausajpuntocritico\/wp-content\/uploads\/2025\/09\/Mapa-de-Gaza-al-7-de-septiembre-de-2025-300x260.png 300w\" sizes=\"auto, (max-width: 500px) 100vw, 500px\" \/><figcaption id=\"caption-attachment-2312019\" class=\"wp-caption-text\"><span style=\"color: #008000;\">Mapa de Gaza a 7 de Septiembre de 2025<\/span><\/figcaption><\/figure>\n<\/div>\n<div data-start-index=\"12113\">\u00a0<\/div>\n<div style=\"text-align: center;\" data-start-index=\"12113\"><span style=\"color: #008000;\"><strong><span style=\"font-size: 18pt;\">*******<\/span><\/strong><\/span><\/div>\n<div data-start-index=\"12113\">\u00a0<\/div>\n<h3 style=\"text-align: center;\" data-start-index=\"12113\"><strong><span style=\"font-size: 18pt;\">IMAGEN DE PORTADA<\/span><\/strong><\/h3>\n<div data-start-index=\"12113\">\u00a0<\/div>\n<div data-start-index=\"12113\"><img loading=\"lazy\" decoding=\"async\" class=\"wp-image-2312015 size-medium aligncenter\" src=\"https:\/\/puntocritico.com\/ausajpuntocritico\/wp-content\/uploads\/2025\/09\/Gaza-14-de-septiembre-de-2025-PPAL-300x199.jpg\" alt=\"\" width=\"300\" height=\"199\" srcset=\"https:\/\/puntocritico.com\/ausajpuntocritico\/wp-content\/uploads\/2025\/09\/Gaza-14-de-septiembre-de-2025-PPAL-300x199.jpg 300w, https:\/\/puntocritico.com\/ausajpuntocritico\/wp-content\/uploads\/2025\/09\/Gaza-14-de-septiembre-de-2025-PPAL-678x452.jpg 678w, https:\/\/puntocritico.com\/ausajpuntocritico\/wp-content\/uploads\/2025\/09\/Gaza-14-de-septiembre-de-2025-PPAL.jpg 680w\" sizes=\"auto, (max-width: 300px) 100vw, 300px\" \/><\/div>\n<div data-start-index=\"12113\">\n<blockquote>\n<p style=\"text-align: center;\"><span dir=\"auto\" style=\"font-size: 14pt;\">Un ni\u00f1o palestino se marcha con una olla de arroz obtenida de un comedor social en el campo de refugiados de Nuseirat, en el centro de la Franja de Gaza, el <strong>14 de septiembre de 2025<\/strong>, en medio de una hambruna declarada por la ONU tras casi dos a\u00f1os de guerra. (FOTO \/ AFP)<\/span><\/p>\n<\/blockquote>\n<\/div>\n<div class=\"paragraph normal ng-star-inserted\" data-start-index=\"12759\">\n<p>&nbsp;<\/p>\n<p><a href=\"https:\/\/puntocritico.com\/ausajpuntocritico\/2023\/10\/28\/el-golem-1920\/\"><img loading=\"lazy\" decoding=\"async\" class=\"aligncenter wp-image-2289763\" src=\"https:\/\/puntocritico.com\/ausajpuntocritico\/wp-content\/uploads\/2023\/10\/Golem-PPAL.jpg\" alt=\"\" width=\"480\" height=\"319\" data-id=\"2289763\" srcset=\"https:\/\/puntocritico.com\/ausajpuntocritico\/wp-content\/uploads\/2023\/10\/Golem-PPAL.jpg 680w, https:\/\/puntocritico.com\/ausajpuntocritico\/wp-content\/uploads\/2023\/10\/Golem-PPAL-300x199.jpg 300w, https:\/\/puntocritico.com\/ausajpuntocritico\/wp-content\/uploads\/2023\/10\/Golem-PPAL-678x452.jpg 678w\" sizes=\"auto, (max-width: 480px) 100vw, 480px\" \/><\/a><\/p>\n<p style=\"text-align: center;\"><span style=\"font-size: 18pt;\"><strong><span style=\"color: #008000;\">*******<\/span><\/strong><\/span><\/p>\n<p style=\"text-align: center;\"><span style=\"font-size: 14pt;\"><a href=\"https:\/\/puntocritico.com\/ausajpuntocritico\/2024\/01\/13\/sudafrica-contra-israel\/\"><strong>GAZA: MEDIDAS CAUTELARES SOLICITADAS EN LA DENUNCIA POR GENOCIDIO PRESENTADA POR SUD\u00c1FRICA CONTRA ISRAEL ANTE LA CORTE INTERNACIONAL DE JUSTICIA (ONU) (Vistas orales de 11 y 12 de enero de 2024)<\/strong><\/a><\/span><\/p>\n<p>&nbsp;<\/p>\n<p><a href=\"https:\/\/puntocritico.com\/ausajpuntocritico\/2024\/01\/13\/sudafrica-contra-israel\/\"><img loading=\"lazy\" decoding=\"async\" class=\"aligncenter wp-image-2291958 size-mh-magazine-content\" src=\"https:\/\/puntocritico.com\/ausajpuntocritico\/wp-content\/uploads\/2024\/01\/CIJ-ISRAEL-SUDAFRICA-PARA-PPAL-678x381.jpg\" alt=\"\" width=\"678\" height=\"381\" data-id=\"2291958\" \/><\/a><\/p>\n<p style=\"text-align: center;\"><span style=\"font-size: 18pt;\"><strong><span style=\"color: #008000;\">*******<\/span><\/strong><\/span><\/p>\n<h2 style=\"text-align: center;\"><span style=\"font-size: 24pt;\">ESTOS SON LOS POSTS M\u00c1S ENCARNIZADAMENTE CENSURADOS DE LA HISTORIA DE PUNTO CR\u00cdTICO<\/span><\/h2>\n<blockquote>\n<h3 style=\"text-align: center;\"><span style=\"font-size: 18pt;\"><strong>Porque las Resoluciones <em>de la Corte Penal Internacional<\/em>, tambi\u00e9n las Cautelares, son vinculantes para Espa\u00f1a.<\/strong><\/span><\/h3>\n<p style=\"text-align: center;\"><strong><em><span style=\"font-size: 14pt;\">La obligatoriedad de las resoluciones de la Corte Penal Internacional para Espa\u00f1a se deriva directamente de la soberan\u00eda nacional ejercida al ratificar el Estatuto de Roma, que ha pasado a formar parte del derecho interno espa\u00f1ol, y ha sido refrendada por el Tribunal Constitucional.<\/span><\/em><\/strong><\/p>\n<p style=\"text-align: center;\"><strong><em><span style=\"font-size: 14pt;\">Lo que significa que, para el citado Tribunal Penal Internacional, EXISTEN INDICIOS relevantes que apuntan a la Comisi\u00f3n de Delito de GENOCIDIO contra los Palestinos, por parte del Estado de Israel.\u00a0<\/span><\/em><\/strong><\/p>\n<\/blockquote>\n<\/div>\n<p><img loading=\"lazy\" decoding=\"async\" class=\"aligncenter wp-image-2207756\" src=\"https:\/\/puntocritico.com\/ausajpuntocritico\/wp-content\/uploads\/2021\/05\/Gaza-300x277.jpg\" alt=\"\" width=\"330\" height=\"305\" srcset=\"https:\/\/puntocritico.com\/ausajpuntocritico\/wp-content\/uploads\/2021\/05\/Gaza-300x277.jpg 300w, https:\/\/puntocritico.com\/ausajpuntocritico\/wp-content\/uploads\/2021\/05\/Gaza.jpg 460w\" sizes=\"auto, (max-width: 330px) 100vw, 330px\" \/><\/p>\n<p>&nbsp;<\/p>\n<div class=\"paragraph normal ng-star-inserted\" data-start-index=\"12759\">\n<p style=\"text-align: center;\"><span style=\"font-size: 14pt;\">VIMEO, sin previo aviso, y pese a que siempre estuvimos (tambi\u00e9n en aqu\u00e9l momento), al corriente de los pagos de cada una de sus facturas, BORR\u00d3 LOS ENLACES A TODOS LOS VIDEOS QUE ALOJ\u00c1BAMOS ALL\u00cd, no solo los de Punto Cr\u00edtico, sino tambi\u00e9n los de AUSAJ, lo que es algo m\u00e1s que borrarlos.<\/span><\/p>\n<p style=\"text-align: center;\"><span style=\"font-size: 14pt;\"> NOS BORRARON LOS ENLACES Y CON ELLO LOS PUSIERON FUERA DE NUESTRO ALCANCE, PERO TODO SIGUE EN VIMEO. LO NUESTRO, AHORA ES SUYO. <\/span><\/p>\n<p style=\"text-align: center;\"><span style=\"font-size: 14pt;\">Hemos podido recuperar as\u00ed casi todos los videos que publicamos en Punto Cr\u00edtico, pero no los dem\u00e1s.<\/span><\/p>\n<p style=\"text-align: center;\"><span style=\"font-size: 14pt;\">De ello, en su d\u00eda, os informamos -brevemente- aqu\u00ed\u00a0<\/span><\/p>\n<p>&nbsp;<\/p>\n<\/div>\n<blockquote class=\"wp-embedded-content\" data-secret=\"l67dGbcJcW\"><p><a href=\"https:\/\/puntocritico.com\/ausajpuntocritico\/2024\/07\/29\/lobotomia\/\">LOBOTOM\u00cdA SOCIAL: Historia de la Leucotom\u00eda (Lobotom\u00eda Cerebral). Carta abierta al Presidente del Gobierno de Espa\u00f1a, en torno a su \u00abPlan de Acci\u00f3n Democr\u00e1tica\u00bb<\/a><\/p><\/blockquote>\n<p><iframe loading=\"lazy\" class=\"wp-embedded-content\" sandbox=\"allow-scripts\" security=\"restricted\" style=\"position: absolute; visibility: hidden;\" title=\"\u00abLOBOTOM\u00cdA SOCIAL: Historia de la Leucotom\u00eda (Lobotom\u00eda Cerebral). Carta abierta al Presidente del Gobierno de Espa\u00f1a, en torno a su \u00abPlan de Acci\u00f3n Democr\u00e1tica\u00bb\u00bb \u2014 Punto Cr\u00edtico Derechos Humanos\" src=\"https:\/\/puntocritico.com\/ausajpuntocritico\/2024\/07\/29\/lobotomia\/embed\/#?secret=9Fujm9OIBj#?secret=l67dGbcJcW\" data-secret=\"l67dGbcJcW\" width=\"500\" height=\"282\" frameborder=\"0\" marginwidth=\"0\" marginheight=\"0\" scrolling=\"no\"><\/iframe><\/p>\n<p>&nbsp;<\/p>\n<p style=\"text-align: justify;\"><span style=\"font-size: 14pt;\"><strong><span style=\"color: #008000;\"> VIMEO borr\u00f3 todos nuestros videos (<em>que constitu\u00edan parte esencial de la Biblioteca de nuestra asociaci\u00f3n, adquiridos leg\u00edtimamente<\/em>).<\/span><\/strong><\/span><\/p>\n<p style=\"text-align: justify;\"><span style=\"color: #008000; font-size: 14pt;\">Por cierto, en Punto Cr\u00edtico nunca hemos solicitado (<em>ni, por tanto, recibido<\/em>) subvenci\u00f3n o ayuda, p\u00fablica o privada, alguna. Ni siquiera admitimos donaciones o pagos de ning\u00fan tipo. Nunca lo hemos hecho. Para preservar nuestra independencia.<\/span><\/p>\n<p style=\"text-align: center;\"><strong><span style=\"font-size: 14pt; color: #008000;\">Este es el email que recibimos el viernes, d\u00eda 19 de julio de 2024, en que VIMEO nos comunica que YA hab\u00edan borrado todo, sin dar justificaci\u00f3n alguna (<em>nuestra cuenta en VIMEO no era gratuita y durante todos estos a\u00f1os, siempre hemos estado al corriente en los pagos<\/em>)<\/span><\/strong><\/p>\n<p>&nbsp;<\/p>\n<p><img loading=\"lazy\" decoding=\"async\" class=\"aligncenter wp-image-2300096\" src=\"https:\/\/puntocritico.com\/ausajpuntocritico\/wp-content\/uploads\/2024\/07\/VIMEONOSCANCELASINJUSTIFICACION-NI-PREVIO-AVISO.jpg\" alt=\"\" width=\"480\" height=\"710\" srcset=\"https:\/\/puntocritico.com\/ausajpuntocritico\/wp-content\/uploads\/2024\/07\/VIMEONOSCANCELASINJUSTIFICACION-NI-PREVIO-AVISO.jpg 401w, https:\/\/puntocritico.com\/ausajpuntocritico\/wp-content\/uploads\/2024\/07\/VIMEONOSCANCELASINJUSTIFICACION-NI-PREVIO-AVISO-203x300.jpg 203w\" sizes=\"auto, (max-width: 480px) 100vw, 480px\" \/><\/p>\n<p style=\"text-align: center;\"><strong><span style=\"color: #008000; font-size: 18pt;\">*******<\/span><\/strong><\/p>\n<h3 style=\"text-align: center;\"><strong><span style=\"font-size: 18pt;\">Respuesta de AUSAJ a VIMEO<\/span><\/strong><\/h3>\n<p style=\"text-align: justify;\"><span style=\"font-size: 14pt;\">Muy se\u00f1ores nuestros, <\/span><\/p>\n<p style=\"text-align: justify;\"><span style=\"font-size: 14pt;\">Por estrictas instrucciones de mi cliente, la asociaci\u00f3n AUSAJ (Asociaci\u00f3n de Usuarios de la Administraci\u00f3n de Justicia), me pongo en contacto con ustedes sobre la cuesti\u00f3n relacionada con el bolet\u00edn Puntocritico.com, cuyos documentos gr\u00e1ficos y sonoros se almacenan en \u201cvimeo\u201d, encontr\u00e1ndose AUSAJ al corriente de los pagos debidos a su estimada plataforma por el hecho del almacenamiento de nuestros videos. <\/span><\/p>\n<p style=\"text-align: justify;\"><span style=\"font-size: 14pt;\">En Espa\u00f1a, como sin duda ustedes sabr\u00e1n, somos soberanos. Es un pa\u00eds con su propio sistema judicial, sus propias leyes, que hasta tiene Constituci\u00f3n aprobada en el a\u00f1o 1978. <\/span><\/p>\n<p style=\"text-align: justify;\"><span style=\"font-size: 14pt;\">Ustedes se han apropiado de todos nuestros bienes intangibles, que habiendo pagado por ello, almacen\u00e1bamos en su plataforma. Hablan de cuestiones jur\u00eddicas que ustedes tratan sin la intervenci\u00f3n de ning\u00fan \u00f3rgano, neg\u00e1ndonos la oportuna contradicci\u00f3n para poder defendernos. <\/span><\/p>\n<p style=\"text-align: justify;\"><span style=\"font-size: 14pt;\">Sin \u00e1nimo de ser exhaustivo, les adelanto que AUSAJ es una asociaci\u00f3n inscrita en el Registro Nacional de Asociaciones con n\u00ba registro 592184. <\/span><\/p>\n<p style=\"text-align: justify;\"><span style=\"font-size: 14pt;\">Lo que contratamos en AUSAJ con ustedes fue el almacenamiento de nuestros archivos audiovisuales, es decir, unas estanter\u00edas virtuales donde depositar nuestros documentos, en su caso, principalmente videos. <\/span><\/p>\n<p style=\"text-align: justify;\"><span style=\"font-size: 14pt;\">Entre todos los videos que estaban almacenados en \u201cvimeo\u201d hab\u00eda muchos archivos que no hab\u00eda sido publicados, y de los cuales no disponemos de ninguna copia de las que almacen\u00e1bamos en la citada plataforma, previo pago a su empresa. <\/span><\/p>\n<p style=\"text-align: justify;\"><span style=\"font-size: 14pt;\">En AUSAJ, no tenemos ning\u00fan tipo de actividad comercial. Podr\u00edan ustedes ganar alg\u00fan dinero por medio de nuestra p\u00e1gina, y no ser\u00edan capaces puesto que no se puede hacer. <\/span><\/p>\n<p style=\"text-align: justify;\"><span style=\"font-size: 14pt;\">En cuanto al n\u00famero de lectores de nuestra biblioteca, equivale al n\u00famero de asociados de AUSAJ. <\/span><\/p>\n<p style=\"text-align: justify;\"><span style=\"font-size: 14pt;\">Pero sobre todo, lo que debemos tener en cuenta es el acceso LEG\u00cdTIMO a cada uno de los videos que almacen\u00e1bamos con su empresa. <\/span><\/p>\n<p style=\"text-align: justify;\"><span style=\"font-size: 14pt;\">Ninguna de estas cuestiones, ni muchas otras de la legislaci\u00f3n espa\u00f1ola, han sido tenidas en cuenta por su empresa al rescindir unilateralmente el contrato. No nos interesa continuar en su plataforma, es evidente, lo que si les exigimos es la devoluci\u00f3n de todos los videos que, habiendo pagado por su almacenamiento, nos impiden ahora acceder. <strong>Los videos son de nuestra propiedad y hemos pagado por almacenarlos con ustedes, \u00bfC\u00f3mo haremos para recuperarlos? <\/strong><\/span><\/p>\n<p style=\"text-align: justify;\"><span style=\"font-size: 14pt;\">Esperamos, sinceramente, no acudir a los Tribunales ni otra v\u00eda similar. <\/span><\/p>\n<p style=\"text-align: justify;\"><span style=\"font-size: 14pt;\">Entendemos con claridad que no habiendo variados ni las circunstancias ni la forma de ejecutar el contrato concluido con ustedes, cuyo objeto era el de almacenamiento de los videos en su empresa, como parece claro, su actitud al bloquearnos responde \u00fanicamente a un criterio pol\u00edtico. <\/span><\/p>\n<p style=\"text-align: justify;\"><span style=\"font-size: 14pt;\">En cualquier caso, y con la voluntad de evitar acciones judiciales, esperamos su respuesta para ponernos en posesi\u00f3n de nuestros videos que ileg\u00edtimamente se niegan a devolvernos.<\/span><\/p>\n<p>&nbsp;<\/p>\n<p><img loading=\"lazy\" decoding=\"async\" class=\"aligncenter wp-image-2299076\" src=\"https:\/\/puntocritico.com\/ausajpuntocritico\/wp-content\/uploads\/2024\/06\/AUSAJ-cropped-logo-3_con_verde_oficial_678x381-300x169.png\" alt=\"\" width=\"480\" height=\"270\" srcset=\"https:\/\/puntocritico.com\/ausajpuntocritico\/wp-content\/uploads\/2024\/06\/AUSAJ-cropped-logo-3_con_verde_oficial_678x381-300x169.png 300w, https:\/\/puntocritico.com\/ausajpuntocritico\/wp-content\/uploads\/2024\/06\/AUSAJ-cropped-logo-3_con_verde_oficial_678x381.png 678w\" sizes=\"auto, (max-width: 480px) 100vw, 480px\" \/><\/p>\n<p style=\"text-align: center;\"><strong><span style=\"color: #008000; font-size: 18pt;\">*******<\/span><\/strong><\/p>\n<h3 style=\"text-align: center;\" align=\"center\"><strong><span style=\"font-size: 18.0pt;\">A VIMEO no le gustaron 4 videos de entre todos los que depositamos, previo pago, en sus \u00abEstanter\u00edas Virtuales\u00bb, que constitu\u00edan parte relevante de nuestra videoteca<\/span><\/strong><\/h3>\n<p>&nbsp;<\/p>\n<blockquote>\n<p style=\"text-align: justify;\"><span style=\"font-size: 14pt;\"><strong>De:<\/strong>\u00a0Vimeo Trust &amp; Safety &lt;<a href=\"mailto:support@vimeots.zendesk.com\">support@vimeots.zendesk.com<\/a>&gt;<\/span><br \/>\n<span style=\"font-size: 14pt;\"><strong>Enviado el:<\/strong>\u00a0lunes, 22 de julio de 2024 10:12<\/span><br \/>\n<span style=\"font-size: 14pt;\"><strong>Para:<\/strong>\u00a0<\/span><br \/>\n<span style=\"font-size: 14pt;\"><strong>Asunto:<\/strong>\u00a0[Vimeo] Re: Nos han bloqueado el acceso a nuestro espacio\u00a0<a href=\"http:\/\/puntocritico.com\/\" data-saferedirecturl=\"https:\/\/www.google.com\/url?q=http:\/\/puntocritico.com&amp;source=gmail&amp;ust=1722779175171000&amp;usg=AOvVaw1-OMQouOBu1HXmDy0MvZuy\">puntocritico.com<\/a><\/span><\/p>\n<p style=\"font-weight: 400; text-align: justify;\">\u00a0<\/p>\n<p style=\"text-align: justify;\"><span style=\"font-size: 14pt;\"><strong>Aaron<\/strong>\u00a0(Vimeo Trust &amp; Safety)<\/span><\/p>\n<p style=\"text-align: justify;\"><span style=\"font-size: 14pt;\">22 jul 2024, 13:42 GMT+5:30<\/span><\/p>\n<p style=\"text-align: justify;\"><span style=\"font-size: 14pt;\">Hola,<\/span><br \/>\n<span style=\"font-size: 14pt;\">\u00a0<\/span><br \/>\n<span style=\"font-size: 14pt;\">Lamentablemente, su cuenta ha sido cancelada por infringir repetidamente las condiciones de servicio de Vimeo<a href=\"https:\/\/vimeo.com\/terms\" data-saferedirecturl=\"https:\/\/www.google.com\/url?q=https:\/\/vimeo.com\/terms&amp;source=gmail&amp;ust=1722779175171000&amp;usg=AOvVaw0uRZ5atOYT7ovbxz3dr63z\" target=\"_blank\" rel=\"noopener\">(https:\/\/vimeo.com\/terms)<\/a>\u00a0y directrices de la comunidad\u00a0<a href=\"https:\/\/vimeo.com\/help\/guidelines\" data-saferedirecturl=\"https:\/\/www.google.com\/url?q=https:\/\/vimeo.com\/help\/guidelines&amp;source=gmail&amp;ust=1722779175171000&amp;usg=AOvVaw0U9X-uV9ZoC60uHC-LPABP\" target=\"_blank\" rel=\"noopener\">(https:\/\/vimeo.com\/help\/guidelines)<\/a>.<\/span><br \/>\n<span style=\"font-size: 14pt;\">\u00a0<\/span><br \/>\n<span style=\"font-size: 14pt;\">Las infracciones son:<\/span><br \/>\n<span style=\"font-size: 14pt;\">\u00a0<\/span><\/p>\n<p style=\"text-align: justify; padding-left: 40px;\"><span style=\"font-size: 14pt;\">1.\u00a0\u00a0\u00a0\u00a0\u00a0\u00a0\u00a0<a href=\"https:\/\/vimeo.com\/modworld\/rap_sheet\/59809872\" data-saferedirecturl=\"https:\/\/www.google.com\/url?q=https:\/\/vimeo.com\/modworld\/rap_sheet\/59809872&amp;source=gmail&amp;ust=1722779175171000&amp;usg=AOvVaw0RvyMLlvRVNRI512KuKXu1\" target=\"_blank\" rel=\"noopener\">Clip 316838847 \u00ab<em>Barry Lyndon<\/em><\/a>\u00a0\u00bb fue desactivado para\u00a0<strong>episodios\/clips de TV, pel\u00edculas, v\u00eddeos de Youtube o cualquier otra cosa que el usuario obviamente no haya creado.<\/strong>\u00a0mi\u00e9rcoles, 15 de julio de 2020<\/span><\/p>\n<p style=\"text-align: justify; padding-left: 40px;\"><span style=\"font-size: 14pt;\">2.\u00a0\u00a0\u00a0\u00a0\u00a0\u00a0\u00a0Clip 844135341 \u00ab<a href=\"https:\/\/vimeo.com\/844135341\/pwnd\" data-saferedirecturl=\"https:\/\/www.google.com\/url?q=https:\/\/vimeo.com\/844135341\/pwnd&amp;source=gmail&amp;ust=1722779175172000&amp;usg=AOvVaw2BRx_3gPzEqPf4b3yavp7d\" target=\"_blank\" rel=\"noopener\"><em>Idiocracia<\/em><\/a>\u00a0\u00bb fue desactivado para\u00a0<strong>Ripped<\/strong>\u00a0el viernes 31 de mayo de 2024.<\/span><\/p>\n<p style=\"text-align: justify; padding-left: 40px;\"><span style=\"font-size: 14pt;\">3.\u00a0\u00a0\u00a0\u00a0\u00a0\u00a0\u00a0Clip<a href=\"https:\/\/vimeo.com\/906971160\/pwnd\" data-saferedirecturl=\"https:\/\/www.google.com\/url?q=https:\/\/vimeo.com\/906971160\/pwnd&amp;source=gmail&amp;ust=1722779175172000&amp;usg=AOvVaw14y0B1Qe-zaxpeFA-S_J3V\" target=\"_blank\" rel=\"noopener\">906971160<\/a>\u00a0\u00ab<a href=\"https:\/\/vimeo.com\/906971160\/pwnd\" data-saferedirecturl=\"https:\/\/www.google.com\/url?q=https:\/\/vimeo.com\/906971160\/pwnd&amp;source=gmail&amp;ust=1722779175172000&amp;usg=AOvVaw14y0B1Qe-zaxpeFA-S_J3V\" target=\"_blank\" rel=\"noopener\"><em>ICJ interim ruling on genocide case against Israel &#8211; Live (1080p_30fps_H264-128kbit_AAC)<\/em><\/a>\u00a0\u00bb was deactivated for\u00a0<strong>Ripped<\/strong>\u00a07 de junio de 2024.<\/span><\/p>\n<p style=\"text-align: justify; padding-left: 40px;\"><span style=\"font-size: 14pt;\">4.\u00a0\u00a0\u00a0\u00a0\u00a0\u00a0\u00a0Clip<a href=\"https:\/\/vimeo.com\/875092950\/pwnd\" data-saferedirecturl=\"https:\/\/www.google.com\/url?q=https:\/\/vimeo.com\/875092950\/pwnd&amp;source=gmail&amp;ust=1722779175172000&amp;usg=AOvVaw0JfkawIZrLjKouGUdNgQXT\" target=\"_blank\" rel=\"noopener\">875092950 \u00ab<em>911 y el gran juego de Israel (Laurent Guy\u00e9not)<\/em><\/a>\u00a0\u00bb fue desactivado por\u00a0<strong>Teor\u00edas conspirativas<\/strong>\u00a019 de julio 2024.<\/span><\/p>\n<p style=\"text-align: justify;\"><span style=\"font-size: 14pt;\">Vimeo no permite contenidos relacionados con conspiraciones que:<\/span><\/p>\n<p style=\"text-align: justify;\"><span style=\"font-size: 14pt;\">\u00b7\u00a0\u00a0\u00a0\u00a0\u00a0\u00a0\u00a0\u00a0\u00a0Afirmen falsamente que las tragedias masivas son bulos<\/span><\/p>\n<p style=\"text-align: justify;\"><span style=\"font-size: 14pt;\">\u00b7\u00a0\u00a0\u00a0\u00a0\u00a0\u00a0\u00a0\u00a0\u00a0Cuando la teor\u00eda de la conspiraci\u00f3n subyacente difunda, entre otras cosas, discursos de odio, difamaci\u00f3n a gran escala o contenidos falsos o enga\u00f1osos sobre vacunaci\u00f3n o seguridad sanitaria.<\/span><\/p>\n<p style=\"text-align: justify;\">\n<span style=\"font-size: 14pt;\">Estaremos encantados de proporcionarle una lista de sus v\u00eddeos, que le enviaremos a la direcci\u00f3n principal de su cuenta. El archivo que reciba contendr\u00e1 la siguiente informaci\u00f3n:<\/span><br \/>\n<span style=\"font-size: 14pt;\">\u00a0<\/span><\/p>\n<p style=\"text-align: justify;\"><span style=\"font-size: 14pt;\">\u00b7\u00a0\u00a0\u00a0\u00a0\u00a0\u00a0\u00a0\u00a0\u00a0video ID<\/span><\/p>\n<p style=\"text-align: justify;\"><span style=\"font-size: 14pt;\">\u00b7\u00a0\u00a0\u00a0\u00a0\u00a0\u00a0\u00a0\u00a0\u00a0video t\u00edtulo<\/span><\/p>\n<p style=\"text-align: justify;\"><span style=\"font-size: 14pt;\">\u00b7\u00a0\u00a0\u00a0\u00a0\u00a0\u00a0\u00a0\u00a0\u00a0N\u00famero de reproducciones<\/span><\/p>\n<p style=\"text-align: justify;\"><span style=\"font-size: 14pt;\">\u00b7\u00a0\u00a0\u00a0\u00a0\u00a0\u00a0\u00a0\u00a0\u00a0N\u00famero de me gusta<\/span><\/p>\n<p style=\"text-align: justify;\"><span style=\"font-size: 14pt;\">\u00b7\u00a0\u00a0\u00a0\u00a0\u00a0\u00a0\u00a0\u00a0\u00a0descarga enlace<\/span><\/p>\n<p style=\"text-align: justify;\">\n<span style=\"font-size: 14pt;\">Si ha subido m\u00e1s de 5.000 v\u00eddeos, es posible que reciba varios correos electr\u00f3nicos con archivos adicionales, ya que cada archivo s\u00f3lo puede contener un m\u00e1ximo de 5.000 filas.<\/span><\/p>\n<p><span style=\"font-size: 14pt;\">Tendr\u00e1 que descarga esos v\u00eddeos individualmente, ya que actualmente no existe ning\u00fan m\u00e9todo para la descarga por lotes &#8211; lamento las molestias que esto pueda causarle.<\/span><br \/>\n<span style=\"font-size: 14pt;\">\u00a0<\/span><br \/>\n<span style=\"font-size: 14pt;\"><strong>NOTA: Los enlaces de esta hoja de c\u00e1lculo s\u00f3lo ser\u00e1n v\u00e1lidos durante una semana desde el momento en que llegue a su bandeja de entrada, as\u00ed que aseg\u00farese de archivar sus v\u00eddeos en los pr\u00f3ximos 7 d\u00edas.<\/strong><\/span><br \/>\n<span style=\"font-size: 14pt;\">\u00a0<\/span><br \/>\n<span style=\"font-size: 14pt;\">Por favor, \u00a1h\u00e1ganos saber si tiene alguna pregunta!<\/span><br \/>\n<span style=\"font-size: 14pt;\">\u00a0<\/span><\/p>\n<p style=\"text-align: justify;\"><span style=\"font-size: 14pt;\">Signed,<\/span><br \/>\n<span style=\"font-size: 14pt;\">Vimeo Trust &amp; Safety<\/span><\/p>\n<\/blockquote>\n<p>&nbsp;<\/p>\n<p style=\"text-align: center;\"><strong><span style=\"color: #008000; font-size: 18pt;\">*******<\/span><\/strong><\/p>\n<table role=\"presentation\" border=\"0\" width=\"100%\" cellspacing=\"0\" cellpadding=\"0\">\n<tbody>\n<tr>\n<td width=\"100%\">\n<table role=\"presentation\" border=\"0\" width=\"100%\" cellspacing=\"0\" cellpadding=\"0\">\n<tbody>\n<tr>\n<td valign=\"top\" width=\"100%\">\n<p dir=\"ltr\"><strong>EMAIL ENVIADO A VIMEO DESDE AUSAJ<\/strong><\/p>\n<p dir=\"ltr\">21 jul 2024, 18:50 GMT+5:30<\/p>\n<div dir=\"auto\">\n<p dir=\"ltr\">No podemos acceder a nuestra cuenta por una supuesta infracci\u00f3n de normas que no se nos detalla. Necesitamos urgentemente saber qu\u00e9 es lo que ha ocurrido y recuperar el acceso.<br \/>\nPor favor, les rogamos la mayor celeridad posible en la gesti\u00f3n.<br \/>\nUn cordial saludo<\/p>\n<\/div>\n<\/td>\n<\/tr>\n<\/tbody>\n<\/table>\n<\/td>\n<\/tr>\n<\/tbody>\n<\/table>\n<p style=\"text-align: center;\"><strong><span style=\"color: #008000; font-size: 18pt;\">*******<\/span><\/strong><\/p>\n<h3 style=\"text-align: center;\"><span style=\"font-size: 18pt;\"><strong>La opini\u00f3n de un Ingeniero Inform\u00e1tico, colaborador de AUSAJ<\/strong><\/span><\/h3>\n<p style=\"font-weight: 400; text-align: justify;\"><span style=\"font-size: 14pt; color: #008000;\">Cosas que no entiendo:<\/span><\/p>\n<ol style=\"font-weight: 400; text-align: justify;\">\n<li><span style=\"font-size: 14pt; color: #008000;\">Desactivan la cuenta sin ninguna notificaci\u00f3n previa.<\/span><\/li>\n<li><span style=\"font-size: 14pt; color: #008000;\">\u00bfPor qu\u00e9 la soluci\u00f3n al incumplimiento de unos cuantos v\u00eddeos de las normas de la plataforma no es la eliminaci\u00f3n o cancelaci\u00f3n de esos v\u00eddeos como p\u00fablicos o incluso su eliminaci\u00f3n, sino la cancelaci\u00f3n de la cuenta?<\/span><\/li>\n<li><span style=\"font-size: 14pt; color: #008000;\">El primer v\u00eddeo es cancelado porque no ha sido creado por el usuario. En realidad creo que s\u00f3lo el v\u00eddeo del chaval del SAT ha sido creado por el usuario, el resto ninguno lo es. \u00bfQuiere eso decir que todos los v\u00eddeos que hay en Vimeo son originales creado por los usuarios?<\/span><\/li>\n<li><span style=\"font-size: 14pt; color: #008000;\">\u00bfQu\u00e9 significa \u201cdesactivado para ripped\u201d?<\/span><\/li>\n<li><span style=\"font-size: 14pt; color: #008000;\">\u00bfPuede decidir la plataforma qu\u00e9 v\u00eddeos son conspiranoicos o no o se trata de una decisi\u00f3n objetiva? \u00bfPor qu\u00e9 el v\u00eddeo del 11S no es conspiran\u00f3ico para YouTube?\u00a0<a style=\"color: #008000;\" href=\"https:\/\/www.youtube.com\/watch?v=B2mHisQT4zM\" data-saferedirecturl=\"https:\/\/www.google.com\/url?q=https:\/\/www.youtube.com\/watch?v%3DB2mHisQT4zM&amp;source=gmail&amp;ust=1722779175215000&amp;usg=AOvVaw10nsRQp4HKr2NeFtsPCeIi\" target=\"_blank\" rel=\"noopener\">https:\/\/www.youtube.com\/watch?v=B2mHisQT4zM<\/a>\u00a0no va esto directamente contra la libertad de expresi\u00f3n:<\/span>\n<ol>\n<li><span style=\"font-size: 14pt; color: #008000;\">Constituci\u00f3n espa\u00f1ola: Art\u00edculo 20. 1. \u201c<strong><em>Se reconocen y protegen los derechos: a) A expresar y difundir libremente los pensamientos, ideas y opiniones mediante la palabra, el escrito o cualquier otro medio de reproducci\u00f3n.<\/em><\/strong>\u201d<\/span><\/li>\n<li><span style=\"font-size: 14pt; color: #008000;\">Declaraci\u00f3n Universal de los Derechos Humanos: Art\u00edculo 11: \u201c<strong><em>Toda persona tiene derecho a la libertad de expresi\u00f3n. Este derecho comprende la libertad de opini\u00f3n y la libertad de recibir o de comunicar informaciones o ideas sin que pueda haber injerencia de autoridades p\u00fablicas y sin consideraci\u00f3n de fronteras. El presente art\u00edculo no impide que\u00a0los Estados\u00a0sometan las empresas de radiodifusi\u00f3n, de cinematograf\u00eda o de televisi\u00f3n a un r\u00e9gimen de autorizaci\u00f3n previa<\/em><\/strong>\u201d<\/span><\/li>\n<\/ol>\n<\/li>\n<\/ol>\n<p style=\"font-weight: 400; text-align: justify;\"><span style=\"font-size: 14pt; color: #008000;\">En fin eso es lo que pienso. Desde luego esto es raro de test\u00edculos.<\/span><\/p>\n<p style=\"font-weight: 400; text-align: justify;\"><span style=\"font-size: 14pt; color: #008000;\">Un saludo.<\/span><\/p>\n<p>&nbsp;<\/p>\n<p><img loading=\"lazy\" decoding=\"async\" class=\"aligncenter wp-image-1662946\" src=\"https:\/\/puntocritico.com\/ausajpuntocritico\/wp-content\/uploads\/2021\/01\/AUSAJ-logo-300x150.jpg\" alt=\"\" width=\"480\" height=\"240\" srcset=\"https:\/\/puntocritico.com\/ausajpuntocritico\/wp-content\/uploads\/2021\/01\/AUSAJ-logo-300x150.jpg 300w, https:\/\/puntocritico.com\/ausajpuntocritico\/wp-content\/uploads\/2021\/01\/AUSAJ-logo-610x305.jpg 610w, https:\/\/puntocritico.com\/ausajpuntocritico\/wp-content\/uploads\/2021\/01\/AUSAJ-logo.jpg 709w\" sizes=\"auto, (max-width: 480px) 100vw, 480px\" \/><\/p>\n<p style=\"text-align: center;\"><strong><span style=\"color: #008000; font-size: 18pt;\">*******<\/span><\/strong><\/p>\n<h2 style=\"text-align: center;\"><span style=\"font-size: 18pt;\">ESTOS SON <\/span><span style=\"font-size: 18pt;\">NUESTROS DOS <\/span><span style=\"font-size: 18pt;\">POSTS\u00a0<\/span><span style=\"font-size: 18pt;\">M\u00c1S CENSURADOS\u00a0<\/span><span style=\"font-size: 18pt;\">(de nuevo, con todos los videos)\u00a0<\/span><\/h2>\n<p>&nbsp;<\/p>\n<blockquote class=\"wp-embedded-content\" data-secret=\"1z8cRvgzK7\"><p><a href=\"https:\/\/puntocritico.com\/ausajpuntocritico\/2024\/01\/27\/fallo-provisional-de-la-cij-sobre-caso-de-genocidio-contra-israel\/\">FALLO PROVISIONAL DE LA CIJ SOBRE CASO DE GENOCIDIO CONTRA ISRAEL (Corte Internacional de Justicia: lectura del fallo)<\/a><\/p><\/blockquote>\n<p><iframe loading=\"lazy\" class=\"wp-embedded-content\" sandbox=\"allow-scripts\" security=\"restricted\" style=\"position: absolute; visibility: hidden;\" title=\"\u00abFALLO PROVISIONAL DE LA CIJ SOBRE CASO DE GENOCIDIO CONTRA ISRAEL (Corte Internacional de Justicia: lectura del fallo)\u00bb \u2014 Punto Cr\u00edtico Derechos Humanos\" src=\"https:\/\/puntocritico.com\/ausajpuntocritico\/2024\/01\/27\/fallo-provisional-de-la-cij-sobre-caso-de-genocidio-contra-israel\/embed\/#?secret=XOgCyHvEsM#?secret=1z8cRvgzK7\" data-secret=\"1z8cRvgzK7\" width=\"500\" height=\"282\" frameborder=\"0\" marginwidth=\"0\" marginheight=\"0\" scrolling=\"no\"><\/iframe><\/p>\n<blockquote class=\"wp-embedded-content\" data-secret=\"9JJbmKcW0F\"><p><a href=\"https:\/\/puntocritico.com\/ausajpuntocritico\/2024\/01\/13\/sudafrica-contra-israel\/\">GAZA: MEDIDAS CAUTELARES SOLICITADAS EN LA DENUNCIA POR GENOCIDIO PRESENTADA POR  SUD\u00c1FRICA CONTRA ISRAEL ANTE LA CORTE INTERNACIONAL DE JUSTICIA (ONU) (Vistas orales de 11 y 12 de enero de 2024)<\/a><\/p><\/blockquote>\n<p><iframe loading=\"lazy\" class=\"wp-embedded-content\" sandbox=\"allow-scripts\" security=\"restricted\" style=\"position: absolute; visibility: hidden;\" title=\"\u00abGAZA: MEDIDAS CAUTELARES SOLICITADAS EN LA DENUNCIA POR GENOCIDIO PRESENTADA POR  SUD\u00c1FRICA CONTRA ISRAEL ANTE LA CORTE INTERNACIONAL DE JUSTICIA (ONU) (Vistas orales de 11 y 12 de enero de 2024)\u00bb \u2014 Punto Cr\u00edtico Derechos Humanos\" src=\"https:\/\/puntocritico.com\/ausajpuntocritico\/2024\/01\/13\/sudafrica-contra-israel\/embed\/#?secret=Jqx6aOwwdx#?secret=9JJbmKcW0F\" data-secret=\"9JJbmKcW0F\" width=\"500\" height=\"282\" frameborder=\"0\" marginwidth=\"0\" marginheight=\"0\" scrolling=\"no\"><\/iframe><\/p>\n<div class=\"paragraph normal ng-star-inserted\" data-start-index=\"12759\">\n<p>&nbsp;<\/p>\n<p>&nbsp;<\/p>\n<p><a href=\"https:\/\/puntocritico.com\/ausajpuntocritico\/author\/punto-critico\/\"><img loading=\"lazy\" decoding=\"async\" class=\"aligncenter wp-image-48\" src=\"https:\/\/puntocritico.com\/ausajpuntocritico\/wp-content\/uploads\/2016\/11\/Mosca_Punto_Cr\u00edtico_40.png\" alt=\"\" width=\"80\" height=\"80\" \/><\/a><\/p>\n<p>&nbsp;<\/p>\n<\/div>\n","protected":false},"excerpt":{"rendered":"<div class=\"mh-excerpt\"><p>Ganar y perder la \u00faltima etapa &nbsp; AMOS OZ:\u00a0PREMIO PR\u00cdNCIPE DE ASTURIAS DE LAS LETRAS, 2007: DISCURSO DE AGRADECIMIENTO \u00a0 Si adquieres un billete y viajas a otro pa\u00eds, es posible que veas las monta\u00f1as, <a class=\"mh-excerpt-more\" href=\"https:\/\/puntocritico.com\/ausajpuntocritico\/2025\/09\/16\/ganar-y-perder-la-ultima-etapa\/\" title=\"GANAR Y PERDER LA \u00daLTIMA ETAPA, por Carlos Alsina (15-9-2025). Las Resoluciones de la Corte Penal Internacional son vinculantes para Espa\u00f1a: Israel es investigado por Genocidio\">[&#8230;]<\/a><\/p>\n<\/div>","protected":false},"author":3,"featured_media":2312015,"comment_status":"closed","ping_status":"closed","sticky":false,"template":"","format":"standard","meta":{"_acf_changed":false,"_exactmetrics_skip_tracking":false,"_exactmetrics_sitenote_active":false,"_exactmetrics_sitenote_note":"","_exactmetrics_sitenote_category":0,"footnotes":""},"categories":[7],"tags":[],"class_list":{"0":"post-2312001","1":"post","2":"type-post","3":"status-publish","4":"format-standard","5":"has-post-thumbnail","7":"category-politica"},"acf":[],"_links":{"self":[{"href":"https:\/\/puntocritico.com\/ausajpuntocritico\/wp-json\/wp\/v2\/posts\/2312001","targetHints":{"allow":["GET"]}}],"collection":[{"href":"https:\/\/puntocritico.com\/ausajpuntocritico\/wp-json\/wp\/v2\/posts"}],"about":[{"href":"https:\/\/puntocritico.com\/ausajpuntocritico\/wp-json\/wp\/v2\/types\/post"}],"author":[{"embeddable":true,"href":"https:\/\/puntocritico.com\/ausajpuntocritico\/wp-json\/wp\/v2\/users\/3"}],"replies":[{"embeddable":true,"href":"https:\/\/puntocritico.com\/ausajpuntocritico\/wp-json\/wp\/v2\/comments?post=2312001"}],"version-history":[{"count":0,"href":"https:\/\/puntocritico.com\/ausajpuntocritico\/wp-json\/wp\/v2\/posts\/2312001\/revisions"}],"wp:featuredmedia":[{"embeddable":true,"href":"https:\/\/puntocritico.com\/ausajpuntocritico\/wp-json\/wp\/v2\/media\/2312015"}],"wp:attachment":[{"href":"https:\/\/puntocritico.com\/ausajpuntocritico\/wp-json\/wp\/v2\/media?parent=2312001"}],"wp:term":[{"taxonomy":"category","embeddable":true,"href":"https:\/\/puntocritico.com\/ausajpuntocritico\/wp-json\/wp\/v2\/categories?post=2312001"},{"taxonomy":"post_tag","embeddable":true,"href":"https:\/\/puntocritico.com\/ausajpuntocritico\/wp-json\/wp\/v2\/tags?post=2312001"}],"curies":[{"name":"wp","href":"https:\/\/api.w.org\/{rel}","templated":true}]}}