{"id":2310991,"date":"2025-08-23T00:05:20","date_gmt":"2025-08-22T22:05:20","guid":{"rendered":"https:\/\/puntocritico.com\/ausajpuntocritico\/?p=2310991"},"modified":"2025-10-25T12:40:12","modified_gmt":"2025-10-25T10:40:12","slug":"la-bomba-hiroshima-y-nagasaki-stone","status":"publish","type":"post","link":"https:\/\/puntocritico.com\/ausajpuntocritico\/2025\/08\/23\/la-bomba-hiroshima-y-nagasaki-stone\/","title":{"rendered":"LA BOMBA: Oliver Stone (\u00abLa historia no contada de Estados Unidos\u00bb, 03): 80 A\u00d1OS DESDE LA DESTRUCCI\u00d3N DE HIROSHIMA Y NAGASAKI (o el asesinato de m\u00e1s de 250.000 civiles)"},"content":{"rendered":"<p style=\"text-align: justify;\"><span style=\"color: #008000; font-size: 14pt;\">La bomba<\/span><\/p>\n<p style=\"text-align: justify;\"><span style=\"font-size: 14pt;\"><a href=\"https:\/\/puntocritico.com\/2017\/11\/01\/la-historia-no-contada-de-estados-unidos-oliver-stone-indice\/\">La historia no contada de Estados Unidos: INDICE<\/a><\/span><\/p>\n\n<p style=\"text-align: justify;\">\u00a0<\/p>\n<blockquote>\n<p style=\"text-align: center;\"><strong><span style=\"font-size: 14pt; color: #008000;\">\u00abLa Mentira le dijo a la Verdad: \u00abVamos a ba\u00f1arnos juntos, el agua del pozo es muy agradable.<\/span><\/strong><\/p>\n<p style=\"text-align: center;\"><strong><span style=\"font-size: 14pt; color: #008000;\">La Verdad, a\u00fan desconfiada, prob\u00f3 el agua y comprob\u00f3 que realmente era agradable. As\u00ed que se desnudaron y se ba\u00f1aron. Pero, de repente, la Mentira salt\u00f3 fuera del agua y huy\u00f3, llevando la ropa de la Verdad.<\/span><\/strong><\/p>\n<p style=\"text-align: center;\"><strong><span style=\"font-size: 14pt; color: #008000;\">La Verdad, furiosa, sali\u00f3 del pozo para recuperar su ropa. Pero el Mundo, al ver la Verdad desnuda, mir\u00f3 hacia otro lado, con ira y desprecio. La pobre Verdad volvi\u00f3 al pozo y desapareci\u00f3 para siempre, ocultando su verg\u00fcenza.<\/span><\/strong><\/p>\n<p style=\"text-align: center;\"><strong><span style=\"font-size: 14pt; color: #008000;\">Desde entonces, la Mentira corre por el mundo, vestida como la Verdad, y la sociedad es muy feliz\u2026<\/span><\/strong><\/p>\n<p style=\"text-align: center;\"><strong><span style=\"font-size: 14pt; color: #008000;\">Porque el mundo no desea conocer la Verdad desnuda\u00bb.<\/span><\/strong><\/p>\n<p>&nbsp;<\/p>\n<\/blockquote>\n<blockquote>\n<p style=\"text-align: center;\"><strong><span style=\"font-size: 14pt; color: #008000;\">AN\u00d3NIMO, <a href=\"https:\/\/www.filosofiadigital.com\/la-verdad-desnuda\/\" target=\"_blank\" rel=\"noopener\">Filosof\u00eda Digital, 19\/05\/2022<\/a>.<\/span><\/strong><\/p>\n<\/blockquote>\n<p>&nbsp;<\/p>\n<p><img loading=\"lazy\" decoding=\"async\" class=\"aligncenter wp-image-26954\" src=\"https:\/\/puntocritico.com\/ausajpuntocritico\/wp-content\/uploads\/2020\/02\/Justicia-anonimous-300x225.jpg\" alt=\"\" width=\"400\" height=\"300\" srcset=\"https:\/\/puntocritico.com\/ausajpuntocritico\/wp-content\/uploads\/2020\/02\/Justicia-anonimous-300x225.jpg 300w, https:\/\/puntocritico.com\/ausajpuntocritico\/wp-content\/uploads\/2020\/02\/Justicia-anonimous-326x245.jpg 326w, https:\/\/puntocritico.com\/ausajpuntocritico\/wp-content\/uploads\/2020\/02\/Justicia-anonimous-80x60.jpg 80w, https:\/\/puntocritico.com\/ausajpuntocritico\/wp-content\/uploads\/2020\/02\/Justicia-anonimous.jpg 650w\" sizes=\"auto, (max-width: 400px) 100vw, 400px\" \/><\/p>\n<p style=\"text-align: center;\"><span style=\"font-size: 18pt;\"><strong><span style=\"color: #008000;\">*******<\/span><\/strong><\/span><\/p>\n<blockquote>\n<h2 class=\"tno-general-single__article__header__title\" style=\"text-align: center;\"><span style=\"font-size: 24pt;\">La civilizaci\u00f3n en llamas<\/span><\/h2>\n<p class=\"tno-general-single__article__header__excerpt\" style=\"text-align: center;\"><em><strong><span style=\"font-size: 14pt;\">\u00abNo s\u00f3lo arden los bosques. Hay tambi\u00e9n una combusti\u00f3n moral: arden las ideas, los valores, las instituciones\u00bb<\/span><\/strong><\/em><\/p>\n<p style=\"text-align: center;\"><strong><em><span style=\"font-size: 14pt;\">Schopenhauer y Nietzsche talaban certezas, y el bosque mental de Europa (con sus altos cipreses plat\u00f3nicos, sus viejos robles escol\u00e1sticos, sus pinos cartesianos y sus largos abetos hegelianos) fue clareado hasta quedar irreconocible. <\/span><\/em><\/strong><\/p>\n<p style=\"text-align: center;\"><strong><em><span style=\"font-size: 14pt;\">Donde antes hab\u00eda sombra y espesura, quedaban claros pavorosos en los que ya no habitaban los dioses del lugar sino las m\u00e1quinas de vapor y la l\u00f3gica positivista, que Heidegger vinculaba a la esencia misma de la t\u00e9cnica, a su ideolog\u00eda intr\u00ednseca.<\/span><\/em><\/strong><\/p>\n<p style=\"text-align: justify;\"><span style=\"font-size: 14pt;\">Por Jes\u00fas Ferrero<\/span><\/p>\n<p style=\"text-align: justify;\"><span style=\"font-size: 14pt;\"><a href=\"https:\/\/theobjective.com\/cultura\/2025-08-16\/la-civilizacion-en-llamas\/\" target=\"_blank\" rel=\"noopener\">The Objective<\/a>, 16 AGOSTO 2025<\/span><\/p>\n<figure id=\"attachment_2311046\" aria-describedby=\"caption-attachment-2311046\" style=\"width: 678px\" class=\"wp-caption aligncenter\"><img loading=\"lazy\" decoding=\"async\" class=\"wp-image-2311046 size-mh-magazine-content\" src=\"https:\/\/puntocritico.com\/ausajpuntocritico\/wp-content\/uploads\/2025\/08\/LLAMAS-bosques-678x381.jpg\" alt=\"\" width=\"678\" height=\"381\" srcset=\"https:\/\/puntocritico.com\/ausajpuntocritico\/wp-content\/uploads\/2025\/08\/LLAMAS-bosques-678x381.jpg 678w, https:\/\/puntocritico.com\/ausajpuntocritico\/wp-content\/uploads\/2025\/08\/LLAMAS-bosques-300x169.jpg 300w, https:\/\/puntocritico.com\/ausajpuntocritico\/wp-content\/uploads\/2025\/08\/LLAMAS-bosques-1024x576.jpg 1024w, https:\/\/puntocritico.com\/ausajpuntocritico\/wp-content\/uploads\/2025\/08\/LLAMAS-bosques-768x432.jpg 768w, https:\/\/puntocritico.com\/ausajpuntocritico\/wp-content\/uploads\/2025\/08\/LLAMAS-bosques.jpg 1200w\" sizes=\"auto, (max-width: 678px) 100vw, 678px\" \/><figcaption id=\"caption-attachment-2311046\" class=\"wp-caption-text\"><span style=\"color: #008000;\">Los bomberos luchan contra las llamas en Zamora. | EFE<\/span><\/figcaption><\/figure>\n<p style=\"text-align: justify;\">\u00a0<\/p>\n<p style=\"text-align: justify;\"><span style=\"font-size: 14pt;\"><a href=\"https:\/\/puntocritico.com\/ausajpuntocritico\/2022\/03\/02\/dialectica-eristica-o-el-arte-de-tener-razon-por-arthur-schopenhauer-2\/\" target=\"_blank\" rel=\"noopener\" data-schema-attribute=\"\"><strong>Schopenhauer<\/strong> <\/a>y <a href=\"https:\/\/puntocritico.com\/ausajpuntocritico\/tag\/nietzsche\/\" target=\"_blank\" rel=\"noopener\" data-schema-attribute=\"\"><strong>Nietzsche<\/strong> <\/a>fueron, cada uno a su manera, pir\u00f3manos y desplegaron un pensamiento que no se contentaba con\u00a0 reorganizar la le\u00f1a h\u00fameda de las viejas ideas, sino que arrojaba cerillas a todo el edificio moral de su tiempo. <strong>Schopenhauer, considerado por <a href=\"https:\/\/puntocritico.com\/ausajpuntocritico\/2023\/07\/30\/el-regreso-por-guy-de-maupassant\/\" target=\"_blank\" rel=\"noopener\" data-schema-attribute=\"\">Maupassant<\/a> \u00abel mayor destructor de sue\u00f1os que haya pasado por el mundo\u00bb, encend\u00eda fuegos lentos, de le\u00f1a gorda y resinoso pesimismo<\/strong>: la vida como voluntad ciega, el mundo como un taller que no se puede clausurar y cuyo \u00fanico descanso posible es la extinci\u00f3n.<strong>\u00a0Nietzsche, en cambio, era un incendiario diurno, de esos que prenden hogueras en plazas p\u00fablicas<\/strong>:\u00a0<strong>dinamitaba a Dios, abrasaba la moral de los esclavos<\/strong>, reduc\u00eda a cenizas la ilusi\u00f3n de una verdad objetiva. Entre ambos hicieron arder buena parte de la metaf\u00edsica heredada, dejando un horizonte ennegrecido que dio lugar a pensamientos como el de Heidegger.<\/span><\/p>\n<p style=\"text-align: justify;\"><span style=\"font-size: 14pt;\">Y mientras estos dos pir\u00f3manos de la conciencia trabajaban en sus escritos, Europa ard\u00eda de verdad. No por el genio febril de los fil\u00f3sofos, sino por obra y gracia de un incendio m\u00e1s lento y devastador: la gran deforestaci\u00f3n decimon\u00f3nica.\u00a0<strong>La desamortizaci\u00f3n de tierras y la Revoluci\u00f3n Industrial fueron la gran piroman\u00eda econ\u00f3mica.<\/strong>\u00a0No se trataba de hogueras simb\u00f3licas sino de incendios pr\u00e1cticos: montes talados, bosques reducidos a carb\u00f3n vegetal, selvas templadas transformadas en pastos para ovejas o en travesa\u00f1os para el ferrocarril. La mano invisible del mercado, tan adorada, result\u00f3 ser una mano con mecha y antorcha. All\u00ed donde los le\u00f1adores no llegaban, llegaba el fuego \u00abaccidental\u00bb, que coincid\u00eda misteriosamente con intereses agrarios o mineros.<\/span><\/p>\n<p style=\"text-align: justify;\"><span style=\"font-size: 14pt;\">Fue una \u00e9poca en la que los incendios eran a la vez reales y metaf\u00f3ricos.\u00a0<strong>Las ciudades ard\u00edan de industria febril, los campos ard\u00edan por la codicia, y las conciencias ard\u00edan con la noticia de que Dios se hab\u00eda ausentado del universo<\/strong>. Schopenhauer y Nietzsche talaban certezas, y el bosque mental de Europa (con sus altos cipreses plat\u00f3nicos, sus viejos robles escol\u00e1sticos, sus pinos cartesianos y sus largos abetos hegelianos) fue clareado hasta quedar irreconocible. Donde antes hab\u00eda sombra y espesura, quedaban claros pavorosos en los que ya no habitaban los dioses del lugar sino las m\u00e1quinas de vapor y la l\u00f3gica positivista, que Heidegger vinculaba a la esencia misma de la t\u00e9cnica, a su ideolog\u00eda intr\u00ednseca.<\/span><\/p>\n<p style=\"text-align: justify;\"><span style=\"font-size: 14pt;\">Los incendios no cesaron. Las guerras mundiales quemaron ciudades enteras, reduci\u00e9ndolas a ceniza. La piroman\u00eda pas\u00f3 de la mano del le\u00f1ador al piloto de bombardero. Filos\u00f3ficamente, la llama existencialista prendi\u00f3 en los a\u00f1os posteriores: Sartre y Camus arrojando gasolina sobre las nociones de destino y sentido, invitando a habitar un mundo sin salvaci\u00f3n posible. Mientras tanto,\u00a0<strong>Hiroshima y Nagasaki fueron la pirotecnia m\u00e1s obscena de la historia: no ya un bosque ardiendo, sino la misma atm\u00f3sfera habitada por la luz de la desintegraci\u00f3n.<\/strong><\/span><\/p>\n<p style=\"text-align: justify;\"><span style=\"font-size: 14pt;\">En la segunda mitad del siglo, las llamas no fueron m\u00e1s discretas. Ard\u00edan las selvas tropicales para abrir paso a la ganader\u00eda intensiva,\u00a0<strong>ard\u00eda el petr\u00f3leo en los motores de la prosperidad, ard\u00edan las banderas en las protestas estudiantiles.\u00a0<\/strong>Y, de fondo, ard\u00edan las \u00faltimas reservas de confianza en que el progreso ser\u00eda algo m\u00e1s que destrucci\u00f3n.<\/span><\/p>\n<p>&nbsp;<\/p>\n<\/blockquote>\n<blockquote class=\"wp-block-quote is-layout-flow wp-block-quote-is-layout-flow\">\n<p style=\"text-align: center;\"><span style=\"color: #008000;\"><strong><span style=\"font-size: 14pt;\">\u00abLa democracia se quema desde dentro con discursos que estimulan la polarizaci\u00f3n y el fuego\u00bb<\/span><\/strong><\/span><\/p>\n<\/blockquote>\n<blockquote>\n<p>&nbsp;<\/p>\n<p style=\"text-align: justify;\"><span style=\"font-size: 14pt;\">Hoy, la piroman\u00eda se ha vuelto total. No s\u00f3lo arden los bosques del Amazonas, de Siberia o de Zamora cada verano. Arde el aire con el calor extremo de un clima colapsado; arden las ciudades bajo techos que no refrescan; arden los polos en su lento deshielo. Y junto a esa combusti\u00f3n f\u00edsica, una combusti\u00f3n moral: arden las ideas, los valores, las instituciones.\u00a0<strong>La mentira, convertida en material inflamable, se propaga en chispas virales que recorren las redes sociales<\/strong>. La democracia se quema desde dentro con discursos que estimulan la polarizaci\u00f3n y el fuego. La esperanza, esa vieja madera noble que sosten\u00eda el porvenir, est\u00e1 seca y al tocarla se pulveriza.<\/span><\/p>\n<p style=\"text-align: justify;\"><span style=\"font-size: 14pt;\"><strong>El pir\u00f3mano contempor\u00e1neo no es ya un fil\u00f3sofo solitario, ni un empresario maderero, ni siquiera un dictador con ansias de gloria. Es un sistema entero, un modo de vida que necesita quemar\u00a0<\/strong>(bosques, combustibles, v\u00ednculos humanos) para mantener su velocidad de crucero. La mecha ya no est\u00e1 en una mano: est\u00e1 incorporada en la cadena de producci\u00f3n, en los algoritmos de consumo, en la l\u00f3gica de lo inmediato. Como dec\u00eda anta\u00f1o Anders en\u00a0<em>La obsolescencia del hombre<\/em>,\u00a0 nadie es responsable de nada y es la estructura la que manda.<\/span><\/p>\n<\/blockquote>\n<aside class=\"tno-related-block\">\n<div class=\"tno-related-block__wrapper\">\n<div class=\"tno-related-block__content\">\n<div class=\"tno-related-block__content__authors\">\n<blockquote>\n<div class=\"tno-related-block__content__author\" style=\"text-align: justify;\"><span style=\"font-size: 14pt;\"><strong>Vivimos en un tiempo en que las met\u00e1foras del fuego han dejado de ser ret\u00f3ricas para volverse literales. Decir que \u00abtodo arde\u00bb ya no es una licencia po\u00e9tica: es una descripci\u00f3n t\u00e9cnica<\/strong>. Y sin embargo, como ocurre con todo incendio prolongado, nos hemos acostumbrado al crepitar, a la luz rojiza en el horizonte, al olor de madera muerta en el aire. Los grandes fil\u00f3sofos del XIX cre\u00edan que quemar las viejas ideas abrir\u00eda espacio para lo nuevo. La historia parece haberles dado la raz\u00f3n en un sentido ir\u00f3nico: el espacio se ha abierto, pero lo nuevo no llega; s\u00f3lo llegan m\u00e1s llamas.<\/span><\/div>\n<\/blockquote>\n<\/div>\n<\/div>\n<\/div>\n<\/aside>\n<p>&nbsp;<\/p>\n<p><img loading=\"lazy\" decoding=\"async\" class=\"aligncenter wp-image-13679\" src=\"https:\/\/puntocritico.com\/ausajpuntocritico\/wp-content\/uploads\/2018\/08\/galeria-fotografica-incendios-forestales-300x278.jpg\" alt=\"\" width=\"360\" height=\"333\" srcset=\"https:\/\/puntocritico.com\/ausajpuntocritico\/wp-content\/uploads\/2018\/08\/galeria-fotografica-incendios-forestales-300x278.jpg 300w, https:\/\/puntocritico.com\/ausajpuntocritico\/wp-content\/uploads\/2018\/08\/galeria-fotografica-incendios-forestales-162x150.jpg 162w, https:\/\/puntocritico.com\/ausajpuntocritico\/wp-content\/uploads\/2018\/08\/galeria-fotografica-incendios-forestales.jpg 525w\" sizes=\"auto, (max-width: 360px) 100vw, 360px\" \/><\/p>\n<p style=\"text-align: center;\"><span style=\"font-size: 14pt; color: #008000;\">\u2666\u2666\u2666\u2666\u2666<\/span><\/p>\n<h2 style=\"text-align: center;\"><span style=\"font-size: 24pt;\"><strong>DOCUMENTAL: La historia no contada de Estados Unidos, 03: La bomba<\/strong><\/span><\/h2>\n<p style=\"text-align: justify;\"><a href=\"https:\/\/es.wikipedia.org\/wiki\/Oliver_Stone\" target=\"_blank\" rel=\"noopener\"><span style=\"font-size: 14pt;\">Oliver Stone<\/span><\/a><\/p>\n<div style=\"text-align: center;\">\u00a0<\/p>\n<div style=\"text-align: center;\"><iframe loading=\"lazy\" src=\"https:\/\/my.mail.ru\/video\/embed\/5872357248784662536\" width=\"626\" height=\"367\" frameborder=\"0\" scrolling=\"no\" allowfullscreen=\"allowfullscreen\" data-mce-fragment=\"1\"><\/iframe><\/div>\n<\/div>\n<div style=\"text-align: center;\"><span style=\"color: #339966;\"><strong><span style=\"font-size: 10pt;\">Oliver Stone &#8211; La historia no contada de Estados Unidos 03 &#8211; La bomba<\/span><\/strong><\/span><\/div>\n<div>\u00a0<\/div>\n<blockquote>\n<div style=\"text-align: center;\"><span style=\"font-size: 14pt;\"><strong>LA BOMBA<\/strong><\/span><\/div>\n<div>\u00a0<\/div>\n<div style=\"text-align: center;\"><span style=\"font-family: 'times new roman', times, serif; font-size: 14pt;\"><a href=\"https:\/\/es.wikipedia.org\/wiki\/Oliver_Stone\" target=\"_blank\" rel=\"noopener\" data-schema-attribute=\"\">Oliver Stone<\/a> en Cap\u00edtulo 3\u00ba (La Bomba) de su \u00abHistoria no contada de EEUU\u00bb nos habla de las causas del proceso social que condujo a que se llegase a aceptar que en agosto de 1945 el Presidente Truman ordenase arrojar bombas at\u00f3micas sobre Jap\u00f3n, para provocar as\u00ed su \u00abrendici\u00f3n incondicional\u00bb. Los estragos de este terrible crimen presentan consecuencias todav\u00eda en la actualidad entre la poblaci\u00f3n civil, y eso que medidas en Kilotones (medidor de potencia de la explosi\u00f3n nuclear), los bombardeos de Hiroshima y Nagasaki distan mucho de las \u00abpruebas\u00bb nucleares de Rusia en 1961.\u00a0<\/span><\/div>\n<\/blockquote>\n<div>\u00a0<\/div>\n<p><img loading=\"lazy\" decoding=\"async\" class=\"aligncenter wp-image-2247721\" src=\"https:\/\/puntocritico.com\/ausajpuntocritico\/wp-content\/uploads\/2022\/05\/Selfie-del-fin-del-mundo-PPAL-300x199.jpg\" alt=\"\" width=\"480\" height=\"319\" srcset=\"https:\/\/puntocritico.com\/ausajpuntocritico\/wp-content\/uploads\/2022\/05\/Selfie-del-fin-del-mundo-PPAL-300x199.jpg 300w, https:\/\/puntocritico.com\/ausajpuntocritico\/wp-content\/uploads\/2022\/05\/Selfie-del-fin-del-mundo-PPAL-610x405.jpg 610w, https:\/\/puntocritico.com\/ausajpuntocritico\/wp-content\/uploads\/2022\/05\/Selfie-del-fin-del-mundo-PPAL-678x452.jpg 678w, https:\/\/puntocritico.com\/ausajpuntocritico\/wp-content\/uploads\/2022\/05\/Selfie-del-fin-del-mundo-PPAL.jpg 680w\" sizes=\"auto, (max-width: 480px) 100vw, 480px\" \/><\/p>\n<div>\u00a0<\/div>\n<div>\n<div style=\"text-align: center;\"><span style=\"font-size: 18pt; color: #008000;\">\u2666<\/span><span style=\"font-size: 18pt;\">\u2666<\/span><span style=\"font-size: 18pt; color: #008000;\">\u2666<\/span><span style=\"font-size: 18pt;\">\u2666<\/span><span style=\"font-size: 18pt; color: #008000;\">\u2666<span style=\"font-size: 18pt;\">\u2666<\/span>\u2666<\/span><\/div>\n<h3 style=\"text-align: center;\"><span style=\"font-size: 18pt;\">LA BOMBA<\/span><\/h3>\n<\/div>\n<div>\u00a0<\/div>\n<div>\n<p style=\"text-align: justify;\"><span style=\"font-size: 14pt;\">La serie documental de <strong>Oliver Stone <\/strong>y <strong>Peter Kuznick<\/strong>, <strong><i>La historia no contada de Estados Unidos<\/i><\/strong>, no se presenta simplemente como un programa de televisi\u00f3n, sino como una intervenci\u00f3n deliberada y provocadora en la memoria hist\u00f3rica estadounidense. Su prop\u00f3sito declarado es desafiar las \u00ab<em>ortodoxias prevalecientes<\/em>\u00bb y el \u00ab<em>patrioterismo<\/em>\u00bb que, seg\u00fan sus autores, dominan la educaci\u00f3n hist\u00f3rica convencional. El propio <strong>Stone<\/strong> enmarca la serie como un correctivo a la narrativa simplista de \u00ab<em>los buenos<\/em>\u00bb que \u00e9l y sus hijos recibieron en la escuela, con el objetivo de arrojar luz sobre \u00ab<em>lo que Estados Unidos ha hecho mal<\/em>\u00ab.<\/span><\/p>\n<\/div>\n<p>&nbsp;<\/p>\n<blockquote>\n<p style=\"text-align: center;\"><span style=\"font-size: 14pt; color: #008000;\"><strong>Dentro de esta ambiciosa obra, el tercer episodio, \u00abLa bomba\u00bb, emerge como la piedra angular de todo el argumento de la serie<\/strong><\/span><\/p>\n<\/blockquote>\n<p>&nbsp;<\/p>\n<div>\n<p style=\"text-align: justify;\"><span style=\"font-size: 14pt;\"><strong>Dentro de esta ambiciosa obra, el tercer episodio, \u00abLa bomba\u00bb, emerge como la piedra angular de todo el argumento de la serie<\/strong>. Aborda la decisi\u00f3n de utilizar la bomba at\u00f3mica, un evento que <strong>Stone<\/strong> y <strong>Kuznick<\/strong> presentan como el pecado original del imperio estadounidense, un momento crucial que traicion\u00f3 la misi\u00f3n democr\u00e1tica de la naci\u00f3n y sent\u00f3 las bases para la Guerra Fr\u00eda y el estado de seguridad nacional. La narrativa del episodio se centra en las estrategias detr\u00e1s de los bombardeos, el ascenso de <strong>Harry S. Truman<\/strong> al poder y la mitolog\u00eda posterior que surgi\u00f3 de la guerra.<\/span><\/p>\n<\/div>\n<p>&nbsp;<\/p>\n<figure id=\"attachment_2298058\" aria-describedby=\"caption-attachment-2298058\" style=\"width: 360px\" class=\"wp-caption aligncenter\"><a href=\"https:\/\/es.wikipedia.org\/wiki\/Bombardeo_de_Dresde\" target=\"_blank\" rel=\"noopener\"><img loading=\"lazy\" decoding=\"async\" class=\"wp-image-2298058\" src=\"https:\/\/puntocritico.com\/ausajpuntocritico\/wp-content\/uploads\/2024\/06\/Fotothek_df_ps_0000010_Blick_vom_Rathausturm-300x300.jpg\" alt=\"\" width=\"360\" height=\"360\" data-id=\"2298058\" srcset=\"https:\/\/puntocritico.com\/ausajpuntocritico\/wp-content\/uploads\/2024\/06\/Fotothek_df_ps_0000010_Blick_vom_Rathausturm-300x300.jpg 300w, https:\/\/puntocritico.com\/ausajpuntocritico\/wp-content\/uploads\/2024\/06\/Fotothek_df_ps_0000010_Blick_vom_Rathausturm-150x150.jpg 150w, https:\/\/puntocritico.com\/ausajpuntocritico\/wp-content\/uploads\/2024\/06\/Fotothek_df_ps_0000010_Blick_vom_Rathausturm.jpg 450w\" sizes=\"auto, (max-width: 360px) 100vw, 360px\" \/><\/a><figcaption id=\"caption-attachment-2298058\" class=\"wp-caption-text\"><span style=\"color: #008000;\">Dresde tras el bombardeo vista desde lo alto de la torre del ayuntamiento. Famosa foto de Richard Peter (15 de febrero de 1945)<\/span><\/figcaption><\/figure>\n<p>&nbsp;<\/p>\n<p style=\"text-align: justify;\"><span style=\"font-size: 14pt;\"><strong>La tesis fundamental del documental es que el uso de la bomba at\u00f3mica no fue una necesidad militar para poner fin a la Segunda Guerra Mundial<\/strong>. La narrativa argumenta en\u00e9rgicamente que, para el verano de 1945, Jap\u00f3n ya estaba derrotado, paralizado por un devastador bloqueo naval y una campa\u00f1a de bombardeos convencionales con bombas incendiarias que hab\u00edan reducido a cenizas la mayor\u00eda de sus ciudades.<\/span><\/p>\n<p>&nbsp;<\/p>\n<blockquote>\n<p style=\"text-align: center;\"><span style=\"color: #008000; font-size: 14pt;\"><strong>La tesis fundamental del documental es que el uso de la bomba at\u00f3mica no fue una necesidad militar para poner fin a la Segunda Guerra Mundial<\/strong><\/span><\/p>\n<\/blockquote>\n<p>&nbsp;<\/p>\n<p style=\"text-align: justify;\"><span style=\"font-size: 14pt;\">Lejos de ser un enemigo fan\u00e1tico decidido a luchar hasta el \u00faltimo hombre, se presenta a un liderazgo japon\u00e9s que \u00ab<em>buscaba alguna oportunidad que pudiera usar como medio para rendirse<\/em>\u00ab. En esta interpretaci\u00f3n, el uso de la bomba no fue el golpe de gracia necesario, sino un acto superfluo contra un enemigo ya postrado.<\/span><\/p>\n<p style=\"text-align: justify;\"><span style=\"font-size: 14pt;\">Para sustentar esta afirmaci\u00f3n, <strong>Stone<\/strong> y <strong>Kuznick<\/strong> se apoyan en pruebas clave, principalmente las comunicaciones diplom\u00e1ticas japonesas interceptadas por la inteligencia estadounidense en el marco del proyecto \u00ab<em>Magic<\/em>\u00ab. El documental destaca los cables del <em>Ministro de Asuntos Exteriores<\/em>, <strong>Shigenori Togo<\/strong>, al embajador japon\u00e9s en Mosc\u00fa, que revelaban la \u00ab<em>extrema<\/em>\u00bb ansiedad del <strong>Emperador Hirohito<\/strong> por terminar la guerra lo antes posible. Se subraya que Jap\u00f3n intentaba utilizar a la Uni\u00f3n Sovi\u00e9tica, que a\u00fan era neutral en el teatro del Pac\u00edfico, como intermediaria para negociar una paz que preservara la figura del emperador.<\/span><\/p>\n<p style=\"text-align: justify;\"><span style=\"font-size: 14pt;\">Esta presentaci\u00f3n de los hechos ataca directamente la justificaci\u00f3n tradicional de la bomba, que la presenta como la \u00fanica alternativa a una sangrienta invasi\u00f3n terrestre de Jap\u00f3n (<strong><em>Operaci\u00f3n Downfall<\/em><\/strong>), una operaci\u00f3n que, seg\u00fan se argumentaba, habr\u00eda costado cientos de miles de vidas estadounidenses. La narrativa de <strong>Stone<\/strong> desestima esta disyuntiva como una \u00ab<em>falsa dicotom\u00eda<\/em>\u00bb y una \u00ab<em>fabricaci\u00f3n de posguerra<\/em>\u00bb dise\u00f1ada para justificar un acto injustificable. <strong>El documental propone que exist\u00eda una tercera v\u00eda: simplemente esperar a que la combinaci\u00f3n del bloqueo, los bombardeos convencionales y, de manera crucial, la inminente entrada sovi\u00e9tica en la guerra forzara la rendici\u00f3n japonesa<\/strong>.<\/span><\/p>\n<p>&nbsp;<\/p>\n<blockquote>\n<p style=\"text-align: center;\"><span style=\"font-size: 14pt; color: #008000;\"><strong>El documental propone que exist\u00eda una tercera v\u00eda: simplemente esperar a que la combinaci\u00f3n del bloqueo, los bombardeos convencionales y, de manera crucial, la inminente entrada sovi\u00e9tica en la guerra forzara la rendici\u00f3n japonesa.<\/strong><\/span><\/p>\n<\/blockquote>\n<blockquote>\n<p style=\"text-align: center;\"><span style=\"color: #008000;\"><strong><span style=\"font-size: 14pt;\">El Acto \u00abMoralmente Indefendible\u00bb: El episodio describe los bombardeos de Hiroshima y Nagasaki no como operaciones militares, sino como actos de terrorismo de estado, dise\u00f1ados para atacar deliberadamente a poblaciones civiles y crear un shock psicol\u00f3gico. <\/span><\/strong><\/span><\/p>\n<p style=\"text-align: center;\"><span style=\"color: #008000;\"><strong><span style=\"font-size: 14pt;\">Un acto que demostr\u00f3 al mundo que Estados Unidos pod\u00eda ser \u00ab<em>tan b\u00e1rbaro como los nazis<\/em>\u00ab.<\/span><\/strong><\/span><\/p>\n<\/blockquote>\n<p>&nbsp;<\/p>\n<p style=\"text-align: justify;\"><span style=\"font-size: 14pt;\">El segundo pilar del argumento se centra en la inmoralidad inherente del acto. <strong>El episodio describe los bombardeos de Hiroshima y Nagasaki no como operaciones militares, sino como actos de terrorismo de estado, dise\u00f1ados para atacar deliberadamente a poblaciones civiles y crear un shock psicol\u00f3gico<\/strong>. <strong>Stone<\/strong> y <strong>Kuznick<\/strong> califican expl\u00edcitamente la decisi\u00f3n de \u00ab<em>criminal e inmoral<\/em>\u00ab, un acto que demostr\u00f3 al mundo que Estados Unidos pod\u00eda ser \u00ab<em>tan b\u00e1rbaro como los nazis<\/em>\u00ab.<\/span><\/p>\n<p style=\"text-align: justify;\"><span style=\"font-size: 14pt;\"><span style=\"vertical-align: inherit;\">En agosto de 1945, <em>Jap\u00f3n<\/em> ya estaba en una situaci\u00f3n desesperada y listo para rendirse. Poco despu\u00e9s de la guerra, el analista militar <\/span><strong><span style=\"vertical-align: inherit;\">Hanson Baldwin<\/span><\/strong><span style=\"vertical-align: inherit;\"> escribi\u00f3 en el <\/span><em><strong><span style=\"vertical-align: inherit;\">New York Times<\/span><\/strong><\/em><span style=\"vertical-align: inherit;\">:<\/span><\/span><\/p>\n<blockquote>\n<p style=\"text-align: justify;\"><strong><span style=\"font-size: 14pt; color: #008000;\"><span style=\"vertical-align: inherit;\">Para cuando el tratado de Postdam exigi\u00f3 la rendici\u00f3n incondicional el 26 de julio, el enemigo, en lo concerniente a lo militar, estaba en una situaci\u00f3n estrat\u00e9gica desesperada. Tal era entonces la situaci\u00f3n cuando arrasamos Hiroshima y Nagasaki. <\/span><\/span><\/strong><\/p>\n<p style=\"text-align: justify;\"><strong><span style=\"font-size: 14pt; color: #008000;\"><span style=\"vertical-align: inherit;\">\u00bfTen\u00edamos que haberlo hecho? Por supuesto, nadie puede estar seguro, pero la respuesta es casi con toda probabilidad negativa.<\/span><\/span><\/strong><\/p>\n<\/blockquote>\n<p>&nbsp;<\/p>\n<p style=\"text-align: justify;\"><span style=\"font-size: 14pt;\"><span style=\"vertical-align: inherit;\">El <\/span><em><strong><span style=\"vertical-align: inherit;\">United States Strategic Bombing Survey (Estudio sobre el Bombardeo Estrat\u00e9gico Estadounidense)<\/span><\/strong><\/em><span style=\"vertical-align: inherit;\"> -que el ministerio de la Guerra fundado en 1944 para estudiar los resultados de los ataques a\u00e9reos durante la guerra- entrevist\u00f3 a cientos de dirigentes civiles y militares tras la rendici\u00f3n de <em>Jap\u00f3n<\/em> , y justo tras la guerra, inform\u00f3:<\/span><\/span><\/p>\n<blockquote>\n<p style=\"text-align: justify;\"><strong><span style=\"font-size: 14pt;\"><span style=\"color: #008000;\"><span style=\"vertical-align: inherit;\">Con toda probabilidad, Jap\u00f3n se hubiera rendido antes del 1 de noviembre de 1945 y sin duda antes del 31 de diciembre de 1945, incluso si no les hubieran lanzado las bombas at\u00f3micas, incluso si Rusia no hubiera entrado en la guerra e incluso si no se hubiera planeado o sopesado ninguna invasi\u00f3n.<\/span><\/span> <\/span><\/strong><\/p>\n<\/blockquote>\n<p>&nbsp;<\/p>\n<p style=\"text-align: justify;\"><span style=\"font-size: 14pt;\"><span style=\"vertical-align: inherit;\"><strong>Pero, \u00bfpod\u00edan los dirigentes americanos haber sabido esto en agosto de 1945? Est\u00e1 claro que la respuesta es s\u00ed<\/strong>. Hab\u00edan descifrado el c\u00f3digo p\u00farpura japon\u00e9s y estaban interceptando los mensajes de Jap\u00f3n. <strong>Sab\u00edan que los japoneses hab\u00edan dado instrucciones para que su embajador en Mosc\u00fa discutiera con los aliados negociaciones de paz<\/strong>. El 13 de julio, el <\/span><em><strong><span style=\"vertical-align: inherit;\">ministro de Asuntos Exteriores<\/span><\/strong><\/em><span style=\"vertical-align: inherit;\">, <\/span><strong><span style=\"vertical-align: inherit;\">Shigenort Togo<\/span><\/strong><span style=\"vertical-align: inherit;\">, telegrafi\u00f3 a su embajador en Mosc\u00fa: <\/span><\/span><\/p>\n<blockquote>\n<p style=\"text-align: justify;\"><strong><span style=\"font-size: 14pt; color: #008000;\"><span style=\"vertical-align: inherit;\">\u00ab<\/span><em><span style=\"vertical-align: inherit;\">La rendici\u00f3n incondicional es lo \u00fanico que obstaculiza la paz<\/span><\/em><span style=\"vertical-align: inherit;\">\u00ab.<\/span><\/span><\/strong><\/p>\n<\/blockquote>\n<p>&nbsp;<\/p>\n<p style=\"text-align: justify;\"><span style=\"font-size: 14pt;\"><span style=\"vertical-align: inherit;\"><strong>\u00bfPor qu\u00e9 Estados Unidos no dio ese peque\u00f1o paso para salvar vidas, tanto americanas como japonesas?<\/strong> \u00bfEra porque hab\u00edan invertido demasiado dinero y esfuerzo en la bomba at\u00f3mica como para no lanzarla? <\/span><\/span><span style=\"font-size: 14pt;\"><span style=\"vertical-align: inherit;\">\u00bfO era -como ha sugerido el cient\u00edfico brit\u00e1nico <\/span><strong><span style=\"vertical-align: inherit;\">PMS Blackett<\/span><\/strong><span style=\"vertical-align: inherit;\"> (<\/span><em><span style=\"vertical-align: inherit;\">en su libro <\/span><strong><span style=\"vertical-align: inherit;\">Fear, War, and the Bomb<\/span><\/strong><\/em><span style=\"vertical-align: inherit;\">)- que <strong><em>Estados Unidos<\/em> ansiaba lanzar las bombas antes de que los rusos entraran en la guerra contra <em>Jap\u00f3n<\/em>?<\/strong><\/span><\/span><\/p>\n<p style=\"text-align: justify;\"><span style=\"font-size: 14pt;\"><strong><span style=\"vertical-align: inherit;\">Los rusos (<\/span><em><span style=\"vertical-align: inherit;\">que oficialmente no estaban en guerra con Jap\u00f3n<\/span><\/em><span style=\"vertical-align: inherit;\">) hab\u00edan acordado secretamente que entrar\u00edan en la guerra noventa d\u00edas despu\u00e9s del fin de la guerra europea<\/span><\/strong><span style=\"vertical-align: inherit;\">. Ese d\u00eda result\u00f3 ser el 8 de mayo, de tal forma que el 8 de agosto se esperaba que los rusos declarasen la guerra a <\/span><em><span style=\"vertical-align: inherit;\">Jap\u00f3n<\/span><\/em><span style=\"vertical-align: inherit;\">. Pero para entonces, ya hab\u00edan lanzado la gran bomba y, al d\u00eda siguiente, lanzar\u00edan otra en <\/span><strong><em><span style=\"vertical-align: inherit;\">Nagasaki<\/span><\/em><\/strong><span style=\"vertical-align: inherit;\">. <\/span><\/span><\/p>\n<p style=\"text-align: justify;\"><span style=\"font-size: 14pt;\"><strong><em><span style=\"vertical-align: inherit;\">Jap\u00f3n<\/span><\/em><span style=\"vertical-align: inherit;\"> se rendir\u00eda ante Estados Unidos, no ante <\/span><em><span style=\"vertical-align: inherit;\">Rusia<\/span><\/em><span style=\"vertical-align: inherit;\">. Estados Unidos ser\u00eda quien ocupar\u00eda el Jap\u00f3n de la posguerra<\/span><\/strong><span style=\"vertical-align: inherit;\">. Una nota en el diario de <\/span><strong><span style=\"vertical-align: inherit;\">James Forrestal<\/span><\/strong><span style=\"vertical-align: inherit;\">, <\/span><strong><em><span style=\"vertical-align: inherit;\">ministro de la Armada<\/span><\/em><\/strong><span style=\"vertical-align: inherit;\">, del 28 de julio de 1945, describe al <\/span><em><strong><span style=\"vertical-align: inherit;\">secretario de Estado<\/span><\/strong><\/em><span style=\"vertical-align: inherit;\">, <\/span><strong><span style=\"vertical-align: inherit;\">James F. Byrnes<\/span><\/strong><span style=\"vertical-align: inherit;\"> como <\/span><\/span><\/p>\n<blockquote>\n<p style=\"text-align: justify;\"><strong><span style=\"font-size: 14pt; color: #008000;\"><span style=\"vertical-align: inherit;\">\u00ab<\/span><em><span style=\"vertical-align: inherit;\">con muchas ganas de acabar con el tema de Jap\u00f3n antes de que entren los rusos<\/span><\/em><span style=\"vertical-align: inherit;\">\u00ab.<\/span><\/span><\/strong><\/p>\n<\/blockquote>\n<p>&nbsp;<\/p>\n<figure id=\"attachment_2298059\" aria-describedby=\"caption-attachment-2298059\" style=\"width: 480px\" class=\"wp-caption aligncenter\"><a href=\"https:\/\/mundoobrero.es\/2019\/04\/10\/james-forrestal-el-delirio-atomico\/\" target=\"_blank\" rel=\"noopener\"><img loading=\"lazy\" decoding=\"async\" class=\"wp-image-2298059\" src=\"https:\/\/puntocritico.com\/ausajpuntocritico\/wp-content\/uploads\/2024\/06\/20190410_james_forrestal.webp\" alt=\"\" width=\"480\" height=\"280\" data-id=\"2298059\" srcset=\"https:\/\/puntocritico.com\/ausajpuntocritico\/wp-content\/uploads\/2024\/06\/20190410_james_forrestal.webp 600w, https:\/\/puntocritico.com\/ausajpuntocritico\/wp-content\/uploads\/2024\/06\/20190410_james_forrestal-300x175.webp 300w\" sizes=\"auto, (max-width: 480px) 100vw, 480px\" \/><\/a><figcaption id=\"caption-attachment-2298059\" class=\"wp-caption-text\"><span style=\"color: #008000;\"><strong>James Forrestal<\/strong> era un rabioso anticomunista, un hombre que hab\u00eda participado en la gestaci\u00f3n del ambiente alucinado del anticomunismo m\u00e1s cruel en Estados Unidos. En esa delirante carrera, le acompa\u00f1aron <strong>Truman<\/strong>, <strong>John Foster Dulles<\/strong> (que informaba a Forrestal de las actividades del Partido Comunista norteamericano), <strong>John Edgar Hoover<\/strong>, el <strong><em>cardenal<\/em> Francis Spellman<\/strong>,<strong> Frank Wisner<\/strong> (otro man\u00edaco depresivo, cofundador de la CIA y de la siniestra<strong> red Gladio<\/strong>; que tambi\u00e9n se suicid\u00f3, aunque de un disparo en la cabeza) y otros turbios personajes que iniciaron las \u201coperaciones secretas\u201d por el mundo que causaron matanzas apocal\u00edpticas<\/span><\/figcaption><\/figure>\n<p>&nbsp;<\/p>\n<p style=\"text-align: justify;\"><span style=\"font-size: 14pt;\">La fuerza visual del documental se despliega aqu\u00ed con toda su potencia, utilizando desgarradoras im\u00e1genes de archivo de la destrucci\u00f3n y el sufrimiento humano. Estas im\u00e1genes se yuxtaponen con las cr\u00edticas de figuras contempor\u00e1neas como el <em>Almirante<\/em> <strong>William Leahy<\/strong>, <em>jefe del Estado Mayor Conjunto<\/em> de <strong>Truman<\/strong>, quien calific\u00f3 la bomba de \u00ab<em>arma b\u00e1rbara<\/em>\u00bb y afirm\u00f3 que su uso nos situaba en el nivel \u00e9tico de los \u00ab<em>b\u00e1rbaros de la Edad Media<\/em>\u00ab. La selecci\u00f3n de los objetivos refuerza esta idea: se argumenta que ciudades como <strong><em>Hiroshima<\/em> <\/strong>y <strong><em>Nagasaki<\/em><\/strong>, con instalaciones militares dispersas entre una densa poblaci\u00f3n civil, fueron elegidas precisamente para maximizar el terror psicol\u00f3gico y demostrar el poder aniquilador de la nueva arma.<\/span><\/p>\n<p>&nbsp;<\/p>\n<blockquote>\n<p style=\"text-align: center;\"><span style=\"color: #008000;\"><strong><span style=\"font-size: 14pt;\">La selecci\u00f3n de los objetivos refuerza esta idea: se argumenta que ciudades como <em>Hiroshima<\/em> y <em>Nagasaki<\/em>, con instalaciones militares dispersas entre una densa poblaci\u00f3n civil, fueron elegidas precisamente para maximizar el terror psicol\u00f3gico y demostrar el poder aniquilador de la nueva arma<\/span><\/strong><\/span><\/p>\n<\/blockquote>\n<p>&nbsp;<\/p>\n<p style=\"text-align: justify;\"><span style=\"font-size: 14pt;\">Se presta especial atenci\u00f3n al bombardeo de <em><strong>Nagasaki<\/strong><\/em>, ocurrido apenas tres d\u00edas despu\u00e9s del de <strong><em>Hiroshima<\/em><\/strong>. Este segundo ataque se presenta como particularmente gratuito e innecesario, ya que el liderazgo japon\u00e9s ni siquiera hab\u00eda tenido tiempo de comprender plenamente la naturaleza y la escala de la devastaci\u00f3n en <strong><em>Hiroshima<\/em><\/strong>. Desde esta perspectiva, el ataque a <em><strong>Nagasaki<\/strong> <\/em>no ten\u00eda justificaci\u00f3n militar ni estrat\u00e9gica, sirviendo \u00fanicamente como una cruel demostraci\u00f3n de fuerza adicional.<\/span><\/p>\n<p>&nbsp;<\/p>\n<blockquote>\n<p style=\"text-align: center;\"><span style=\"color: #008000;\"><strong><span style=\"font-size: 14pt;\">El ataque a <em>Nagasaki <\/em>no ten\u00eda justificaci\u00f3n militar ni estrat\u00e9gica, sirviendo \u00fanicamente como una cruel demostraci\u00f3n de fuerza adicional<\/span><\/strong><\/span><\/p>\n<\/blockquote>\n<p>&nbsp;<\/p>\n<p style=\"text-align: justify;\"><span style=\"font-size: 14pt;\"><strong><span style=\"vertical-align: inherit;\">Truman<\/span><\/strong><span style=\"vertical-align: inherit;\"> dijo que \u00ab<\/span><em><span style=\"vertical-align: inherit;\">el mundo se dar\u00e1 cuenta de que la primera bomba at\u00f3mica se lanz\u00f3 en Hiroshima, una base militar, porque en ese primer ataque dese\u00e1bamos evitar, en la medida de lo posible, la muerte de civiles<\/span><\/em><span style=\"vertical-align: inherit;\">\u00ab. El <\/span><em><strong><span style=\"vertical-align: inherit;\">US Strategic Bombing Survey<\/span><\/strong><\/em><span style=\"vertical-align: inherit;\"> dijo en su informe oficial que \u00ab<\/span><strong><em><span style=\"vertical-align: inherit;\">se eligi\u00f3 como objetivos a Hiroshima<\/span><\/em><span style=\"vertical-align: inherit;\"> y <\/span><em><span style=\"vertical-align: inherit;\">Nagasaki<\/span><\/em><span style=\"vertical-align: inherit;\"> debido a la concentraci\u00f3n de actividades y poblaci\u00f3n<\/span><\/strong><span style=\"vertical-align: inherit;\">\u00ab.<\/span><\/span><\/p>\n<p style=\"text-align: justify;\"><span style=\"font-size: 14pt;\"><span style=\"vertical-align: inherit;\">El lanzamiento de la segunda bomba en <\/span><em><strong><span style=\"vertical-align: inherit;\">Nagasaki<\/span><\/strong><\/em><span style=\"vertical-align: inherit;\"> parece que se plane\u00f3 de antemano, y nadie ha podido explicar jam\u00e1s por qu\u00e9 se lanz\u00f3. \u00bfEra porque se trataba de una bomba de plutonio, mientras que la de <\/span><em><strong><span style=\"vertical-align: inherit;\">Hiroshima<\/span><\/strong><\/em><span style=\"vertical-align: inherit;\"> era una bomba de uranio? \u00bfFueron los muertos y heridos de <\/span><em><strong><span style=\"vertical-align: inherit;\">Nagasaki<\/span><\/strong><\/em><span style=\"vertical-align: inherit;\"> v\u00edctimas de un experimento cient\u00edfico?<\/span><\/span><\/p>\n<p style=\"text-align: justify;\"><span style=\"font-size: 14pt;\"><span style=\"vertical-align: inherit;\">Probablemente, entre los muertos en <\/span><em><strong><span style=\"vertical-align: inherit;\">Nagasaki<\/span><\/strong><\/em><span style=\"vertical-align: inherit;\"> hab\u00eda prisioneros de guerra americana. Un informe del ej\u00e9rcito advirti\u00f3 sobre todo esto, pero el plan continu\u00f3 como estaba previsto.<\/span><\/span><\/p>\n<p style=\"text-align: justify;\"><span style=\"font-size: 14pt;\"><strong><span style=\"vertical-align: inherit;\">Es cierto que despu\u00e9s la guerra acab\u00f3 r\u00e1pidamente<\/span><\/strong><span style=\"vertical-align: inherit;\">. Un a\u00f1o antes, hab\u00edan derrotado a <\/span><em><span style=\"vertical-align: inherit;\">Italia<\/span><\/em><span style=\"vertical-align: inherit;\">. Recientemente, <\/span><em><span style=\"vertical-align: inherit;\">Alemania<\/span><\/em><span style=\"vertical-align: inherit;\"> se hab\u00eda rendido, derrotada principalmente por los ej\u00e9rcitos sovi\u00e9ticos en el frente oriental, ayudados por los ej\u00e9rcitos aliados en el oeste. Ahora se rinde <\/span><em><span style=\"vertical-align: inherit;\">Jap\u00f3n<\/span><\/em><span style=\"vertical-align: inherit;\">. <\/span><strong><span style=\"vertical-align: inherit;\">Las potencias fascistas estaban destruidas<\/span><\/strong><span style=\"vertical-align: inherit;\">.<\/span><\/span><\/p>\n<p>&nbsp;<\/p>\n<blockquote>\n<p style=\"text-align: center;\"><strong><span style=\"font-size: 14pt; color: #008000;\"><span style=\"vertical-align: inherit;\">\u00bfHab\u00edan desaparecido sus elementos esenciales -el militarismo, el racismo y el imperialismo? \u00bfO hab\u00edan absorbido los vencedores estos elementos? Los vencedores eran la Uni\u00f3n Sovi\u00e9tica y Estados Unidos (<\/span><em><span style=\"vertical-align: inherit;\">tambi\u00e9n Inglaterra, Francia y la China nacionalista, pero \u00e9stos eran d\u00e9biles<\/span><\/em><span style=\"vertical-align: inherit;\">)<\/span><\/span><\/strong><\/p>\n<\/blockquote>\n<p>&nbsp;<\/p>\n<div>\u00a0<\/div>\n<div>\n<figure id=\"attachment_2279065\" aria-describedby=\"caption-attachment-2279065\" style=\"width: 440px\" class=\"wp-caption aligncenter\"><a href=\"https:\/\/es.wikipedia.org\/wiki\/Enola_Gay\" target=\"_blank\" rel=\"noopener\"><img loading=\"lazy\" decoding=\"async\" class=\"wp-image-2279065\" src=\"https:\/\/puntocritico.com\/ausajpuntocritico\/wp-content\/uploads\/2023\/06\/B-29_Enola_Gay_tripulacao-300x225.jpg\" alt=\"\" width=\"440\" height=\"330\" data-id=\"2279065\" srcset=\"https:\/\/puntocritico.com\/ausajpuntocritico\/wp-content\/uploads\/2023\/06\/B-29_Enola_Gay_tripulacao-300x225.jpg 300w, https:\/\/puntocritico.com\/ausajpuntocritico\/wp-content\/uploads\/2023\/06\/B-29_Enola_Gay_tripulacao-1024x768.jpg 1024w, https:\/\/puntocritico.com\/ausajpuntocritico\/wp-content\/uploads\/2023\/06\/B-29_Enola_Gay_tripulacao-768x576.jpg 768w, https:\/\/puntocritico.com\/ausajpuntocritico\/wp-content\/uploads\/2023\/06\/B-29_Enola_Gay_tripulacao-678x509.jpg 678w, https:\/\/puntocritico.com\/ausajpuntocritico\/wp-content\/uploads\/2023\/06\/B-29_Enola_Gay_tripulacao-326x245.jpg 326w, https:\/\/puntocritico.com\/ausajpuntocritico\/wp-content\/uploads\/2023\/06\/B-29_Enola_Gay_tripulacao-80x60.jpg 80w, https:\/\/puntocritico.com\/ausajpuntocritico\/wp-content\/uploads\/2023\/06\/B-29_Enola_Gay_tripulacao.jpg 1200w\" sizes=\"auto, (max-width: 440px) 100vw, 440px\" \/><\/a><figcaption id=\"caption-attachment-2279065\" class=\"wp-caption-text\"><span style=\"color: #008000;\">Enola Gay es el nombre de un avi\u00f3n bombardero Boeing B-29 Superfortress que fue bautizado as\u00ed en honor a Enola Gay Tibbets, madre de su piloto Paul Tibbets. El 6 de agosto de 1945, durante los \u00faltimos compases de la Segunda Guerra Mundial, el Enola Gay se convirti\u00f3 en el primer avi\u00f3n en lanzar una bomba at\u00f3mica, la Little Boy, que cay\u00f3 sobre la ciudad japonesa de Hiroshima y la arras\u00f3 casi por completo. El bombardero tambi\u00e9n particip\u00f3 tres d\u00edas despu\u00e9s en el segundo ataque at\u00f3mico como avi\u00f3n de reconocimiento sobre el objetivo primario, la ciudad de Kokura, pero la excesiva nubosidad y el humo procedente del bombardeo de una ciudad cercana obligaron a lanzar la bomba at\u00f3mica sobre Nagasaki. En esta ocasi\u00f3n la bomba la transportaba otro bombardero B-29, Bockscar. <\/span><\/figcaption><\/figure>\n<\/div>\n<p>&nbsp;<\/p>\n<p style=\"text-align: justify;\"><span style=\"font-size: 14pt;\"><strong><span style=\"vertical-align: inherit;\">Los ciudadanos americanos estaban cansados \u200b\u200bde la guerra, pero la administraci\u00f3n Truman (<\/span><em><span style=\"vertical-align: inherit;\">Roosevelt hab\u00eda muerto en abril de 1945<\/span><\/em><span style=\"vertical-align: inherit;\">) se esforz\u00f3 por crear un clima de crisis y de guerra fr\u00eda<\/span><\/strong><span style=\"vertical-align: inherit;\">. Es cierto que la rivalidad con la <\/span><em><span style=\"vertical-align: inherit;\">Uni\u00f3n Sovi\u00e9tica<\/span><\/em><span style=\"vertical-align: inherit;\"> era real. La <\/span><em><span style=\"vertical-align: inherit;\">Uni\u00f3n Sovi\u00e9tica<\/span><\/em><span style=\"vertical-align: inherit;\">, que acab\u00f3 la guerra con una econom\u00eda arruinada y 20 millones de muertos, estaba haciendo una reaparici\u00f3n sorprendente, reconstruyendo su industria, recuperando fuerza militar. Sin embargo, la administraci\u00f3n <\/span><strong><span style=\"vertical-align: inherit;\">Truman<\/span><\/strong><span style=\"vertical-align: inherit;\"> present\u00f3 a la <\/span><em><span style=\"vertical-align: inherit;\">Uni\u00f3n Sovi\u00e9tica<\/span><\/em><span style=\"vertical-align: inherit;\"> no s\u00f3lo como un rival sino como una amenaza inminente.<\/span><\/span><\/p>\n<p style=\"text-align: justify;\"><span style=\"font-size: 14pt;\"><span style=\"vertical-align: inherit;\">Con una serie de maniobras, tanto en el extranjero como en el pa\u00eds, se abri\u00f3 un clima de miedo, una histeria con respecto al comunismo, que har\u00eda aumentar enormemente el presupuesto militar y estimular\u00eda la econom\u00eda con pedidos relacionados con la guerra. <strong>Esta combinaci\u00f3n de pol\u00edticas har\u00eda posibles acciones m\u00e1s agresivas en el extranjero y acciones m\u00e1s represoras en el propio pa\u00eds<\/strong>.<\/span><\/span><\/p>\n<p style=\"text-align: justify;\"><span style=\"font-size: 14pt;\"><span style=\"vertical-align: inherit;\"><strong>Tambi\u00e9n actuaron para controlar a sus propias poblaciones<\/strong>, cada pa\u00eds con sus propias t\u00e9cnicas -toscas en la <\/span><em><span style=\"vertical-align: inherit;\">Uni\u00f3n <\/span><\/em> <em><span style=\"vertical-align: inherit;\">Sovi\u00e9tica<\/span><\/em><span style=\"vertical-align: inherit;\">, sofisticadas en <\/span><em><span style=\"vertical-align: inherit;\">Estados Unidos-<\/span><\/em><span style=\"vertical-align: inherit;\"> para asegurar su mandato.<\/span><\/span><\/p>\n<p style=\"text-align: justify;\"><span style=\"font-size: 14pt;\"><span style=\"vertical-align: inherit;\">Al pueblo americano le describ\u00edan los movimientos revolucionarios en <\/span><em><span style=\"vertical-align: inherit;\">Europa<\/span><\/em><span style=\"vertical-align: inherit;\"> y <\/span><em><span style=\"vertical-align: inherit;\">Asia<\/span><\/em><span style=\"vertical-align: inherit;\"> como ejemplos del expansionismo sovi\u00e9tico, record\u00e1ndoles as\u00ed la indignaci\u00f3n que sintieron contra las agresiones de <\/span><strong><span style=\"vertical-align: inherit;\">Hitler<\/span><\/strong><span style=\"vertical-align: inherit;\">.<\/span><\/span><\/p>\n<p style=\"text-align: justify;\"><span style=\"font-size: 14pt;\"><span style=\"vertical-align: inherit;\"><strong>La guerra produjo grandes beneficios<\/strong> a las corporaciones, pero tambi\u00e9n elev\u00f3 los precios -para el beneficio de los granjeros-, mejor\u00f3 los salarios e hizo prosperar a la suficiente cantidad de gente como para asegurar que no se producir\u00edan las rebeliones que tanto amenazaban en la d\u00e9cada de los treinta.<\/span><\/span><\/p>\n<p>&nbsp;<\/p>\n<figure id=\"attachment_2298386\" aria-describedby=\"caption-attachment-2298386\" style=\"width: 480px\" class=\"wp-caption aligncenter\"><img loading=\"lazy\" decoding=\"async\" class=\"wp-image-2298386\" src=\"https:\/\/puntocritico.com\/ausajpuntocritico\/wp-content\/uploads\/2024\/06\/Truman-discurso-capitolio-300x169.jpg\" alt=\"\" width=\"480\" height=\"270\" srcset=\"https:\/\/puntocritico.com\/ausajpuntocritico\/wp-content\/uploads\/2024\/06\/Truman-discurso-capitolio-300x169.jpg 300w, https:\/\/puntocritico.com\/ausajpuntocritico\/wp-content\/uploads\/2024\/06\/Truman-discurso-capitolio-768x432.jpg 768w, https:\/\/puntocritico.com\/ausajpuntocritico\/wp-content\/uploads\/2024\/06\/Truman-discurso-capitolio-678x381.jpg 678w, https:\/\/puntocritico.com\/ausajpuntocritico\/wp-content\/uploads\/2024\/06\/Truman-discurso-capitolio.jpg 800w\" sizes=\"auto, (max-width: 480px) 100vw, 480px\" \/><figcaption id=\"caption-attachment-2298386\" class=\"wp-caption-text\"><span style=\"color: #008000;\">Harry S. Truman fue el trig\u00e9simo tercer presidente de los Estados Unidos desde 1945 hasta 1953. Miembro del Partido Dem\u00f3crata, se desempe\u00f1\u00f3 como trig\u00e9simo cuarto vicepresidente durante el breve cuarto mandato de Franklin Roosevelt entre enero y abril de 1945 y como senador de los Estados Unidos por Misuri desde 1935 hasta 1945. Conocido entre otros acontecimientos, por ordenar el primer y \u00fanico ataque nuclear contra otro pa\u00eds, los bombardeos at\u00f3micos a Jap\u00f3n.<\/span><\/figcaption><\/figure>\n<h3 style=\"text-align: center;\"><span style=\"font-size: 18pt;\">La \u00abDiplomacia At\u00f3mica\u00bb<\/span><\/h3>\n<p style=\"text-align: justify;\"><span style=\"font-size: 14pt;\">Este es el pilar central y m\u00e1s controvertido de la tesis del episodio. <strong>Stone<\/strong> y <strong>Kuznick<\/strong> sostienen que <strong>la principal motivaci\u00f3n para usar la bomba no fue derrotar a Jap\u00f3n, sino intimidar a la Uni\u00f3n Sovi\u00e9tica y establecer la hegemon\u00eda global de Estados Unidos en el mundo de la posguerra<\/strong>. La bomba se concibi\u00f3 como un \u00ab<em>gran &#8216;martillo<\/em>&#8216;\u00bb (<em>en palabras del propio <strong>Truman<\/strong><\/em>) para hacer que los rusos fueran <em>\u00abm\u00e1s &#8216;manejables<\/em>&#8216;\u00bb (<em>seg\u00fan la expresi\u00f3n del Secretario de Estado <strong>James Byrnes<\/strong><\/em>).<\/span><\/p>\n<p style=\"text-align: justify;\"><span style=\"font-size: 14pt;\">El documental vincula el calendario de los bombardeos directamente con la inminente entrada de la Uni\u00f3n Sovi\u00e9tica en la guerra contra Jap\u00f3n, prometida por <strong>Stalin<\/strong> en la <strong><em>Conferencia de Yalta<\/em><\/strong>. La argumentaci\u00f3n es que Estados Unidos quer\u00eda forzar la rendici\u00f3n japonesa <i>antes<\/i> de que los sovi\u00e9ticos pudieran unirse a la lucha y reclamar un papel en la administraci\u00f3n de posguerra en Asia, especialmente en la ocupaci\u00f3n de Jap\u00f3n. <\/span><\/p>\n<p style=\"text-align: justify;\"><span style=\"font-size: 14pt;\">La <em><strong>Conferencia de Potsdam<\/strong><\/em>, celebrada en julio de 1945, se presenta como el momento en que esta estrategia se cristaliz\u00f3. Fue all\u00ed donde <strong>Truman<\/strong>, tras recibir la noticia del \u00e9xito de la <em>prueba Trinity<\/em>, se sinti\u00f3 envalentonado para enfrentarse a <strong>Stalin<\/strong>, creyendo que pose\u00eda el arma definitiva que redefinir\u00eda el equilibrio de poder global.<\/span><\/p>\n<p>&nbsp;<\/p>\n<blockquote>\n<p style=\"text-align: center;\"><span style=\"font-size: 14pt; color: #008000;\"><strong>El bombardeo at\u00f3mico no como el acto final de la Segunda Guerra Mundial, sino como el primer disparo de la Guerra Fr\u00eda.<\/strong><\/span><\/p>\n<\/blockquote>\n<p>&nbsp;<\/p>\n<p style=\"text-align: justify;\"><span style=\"font-size: 14pt;\">De este modo, el episodio reformula <strong>el bombardeo at\u00f3mico no como el acto final de la Segunda Guerra Mundial, sino como el primer disparo de la Guerra Fr\u00eda<\/strong>. En esta narrativa, es Estados Unidos, y no la Uni\u00f3n Sovi\u00e9tica, quien carga con la \u00ab<em>mayor parte de la responsabilidad por perpetuar<\/em>\u00bb el conflicto que definir\u00eda la segunda mitad del siglo XX. <\/span><\/p>\n<p style=\"text-align: justify;\"><span style=\"font-size: 14pt;\">Los tres pilares del argumento est\u00e1n, por tanto, intr\u00ednsecamente conectados. La motivaci\u00f3n geopol\u00edtica (<em>intimidar a la URSS<\/em>) es la causa principal, lo que l\u00f3gicamente requiere que la justificaci\u00f3n militar (<em>salvar vidas<\/em>) sea una mentira y que el acto en s\u00ed sea moralmente indefendible. Esta secuencia l\u00f3gica forma la espina dorsal de todo el proyecto revisionista de Stone.<\/span><\/p>\n<p>&nbsp;<\/p>\n<figure id=\"attachment_2311000\" aria-describedby=\"caption-attachment-2311000\" style=\"width: 480px\" class=\"wp-caption aligncenter\"><img loading=\"lazy\" decoding=\"async\" class=\"wp-image-2311000\" src=\"https:\/\/puntocritico.com\/ausajpuntocritico\/wp-content\/uploads\/2025\/08\/Truman-tras-lanzar-las-bombas-atomicas-no-me-arrepiento-300x169.jpg\" alt=\"LA BOMBA\" width=\"480\" height=\"270\" srcset=\"https:\/\/puntocritico.com\/ausajpuntocritico\/wp-content\/uploads\/2025\/08\/Truman-tras-lanzar-las-bombas-atomicas-no-me-arrepiento-300x169.jpg 300w, https:\/\/puntocritico.com\/ausajpuntocritico\/wp-content\/uploads\/2025\/08\/Truman-tras-lanzar-las-bombas-atomicas-no-me-arrepiento-1024x576.jpg 1024w, https:\/\/puntocritico.com\/ausajpuntocritico\/wp-content\/uploads\/2025\/08\/Truman-tras-lanzar-las-bombas-atomicas-no-me-arrepiento-768x432.jpg 768w, https:\/\/puntocritico.com\/ausajpuntocritico\/wp-content\/uploads\/2025\/08\/Truman-tras-lanzar-las-bombas-atomicas-no-me-arrepiento-1536x864.jpg 1536w, https:\/\/puntocritico.com\/ausajpuntocritico\/wp-content\/uploads\/2025\/08\/Truman-tras-lanzar-las-bombas-atomicas-no-me-arrepiento-678x381.jpg 678w, https:\/\/puntocritico.com\/ausajpuntocritico\/wp-content\/uploads\/2025\/08\/Truman-tras-lanzar-las-bombas-atomicas-no-me-arrepiento-1320x743.jpg 1320w, https:\/\/puntocritico.com\/ausajpuntocritico\/wp-content\/uploads\/2025\/08\/Truman-tras-lanzar-las-bombas-atomicas-no-me-arrepiento.jpg 1920w\" sizes=\"auto, (max-width: 480px) 100vw, 480px\" \/><figcaption id=\"caption-attachment-2311000\" class=\"wp-caption-text\"><span style=\"color: #008000;\">Truman tras ordenar el lanzamiento de las bombas at\u00f3micas sobre Hiroshima y Nagasaki: \u00abno me arrepiento\u00bb<\/span><\/figcaption><\/figure>\n<h3 style=\"text-align: center;\"><span style=\"font-size: 18pt;\">Harry S. Truman: El Presidente Accidental<\/span><\/h3>\n<p style=\"text-align: justify;\"><span style=\"font-size: 14pt;\">Lejos de la imagen mitol\u00f3gica del l\u00edder resuelto que toma con firmeza la decisi\u00f3n m\u00e1s dif\u00edcil de la historia, <strong>Truman<\/strong> es retratado como un hombre que estaba \u00ab<em>fuera de su elemento<\/em>\u00bb en pol\u00edtica exterior. El documental subraya repetidamente que fue mantenido en la ignorancia sobre el <em><strong>Proyecto Manhattan<\/strong><\/em> hasta la muerte de <strong>Franklin D. Roosevelt<\/strong> y que apenas se hab\u00eda reunido con el presidente dos veces antes de sucederle. Esta falta de preparaci\u00f3n lo convierte, en la visi\u00f3n de <strong>Stone<\/strong>, en una figura maleable, f\u00e1cilmente influenciable por asesores m\u00e1s astutos y con una agenda propia.<\/span><\/p>\n<p>&nbsp;<\/p>\n<blockquote>\n<p style=\"text-align: center;\"><strong><span style=\"color: #008000; font-size: 14pt;\"> Truman hered\u00f3 un proyecto de 2.000 millones de d\u00f3lares cuyo uso se daba por sentado por casi todos los implicados.<\/span><\/strong><\/p>\n<\/blockquote>\n<p>&nbsp;<\/p>\n<p style=\"text-align: justify;\"><span style=\"font-size: 14pt;\">El episodio argumenta que <strong>Truman<\/strong> fue, en gran medida, un actor perif\u00e9rico en la decisi\u00f3n real de usar la bomba. M\u00e1s que una elecci\u00f3n meditada, el uso del arma fue el resultado de un impulso burocr\u00e1tico y militar que ven\u00eda de lejos. <strong>Truman<\/strong> hered\u00f3 un proyecto de 2.000 millones de d\u00f3lares cuyo uso se daba por sentado por casi todos los implicados. <\/span><\/p>\n<p style=\"text-align: justify;\"><span style=\"font-size: 14pt;\"><strong>Simplemente acept\u00f3 las recomendaciones del Comit\u00e9 Interino, un grupo de asesores que ya hab\u00eda decidido que la bomba deb\u00eda usarse sin previo aviso<\/strong>. Esta caracterizaci\u00f3n socava la narrativa oficial de un <strong>Truman<\/strong> que sopesa ag\u00f3nicamente las alternativas y elige el mal menor. En su lugar, vemos a un hombre abrumado por las circunstancias que se limita a ratificar una decisi\u00f3n ya tomada por otros.<\/span><\/p>\n<div>\u00a0<\/div>\n<div>\n<figure id=\"attachment_2311003\" aria-describedby=\"caption-attachment-2311003\" style=\"width: 400px\" class=\"wp-caption aligncenter\"><img loading=\"lazy\" decoding=\"async\" class=\"wp-image-2311003\" src=\"https:\/\/puntocritico.com\/ausajpuntocritico\/wp-content\/uploads\/2025\/08\/Truman-y-Byrnes-1945-300x224.png\" alt=\"\" width=\"400\" height=\"299\" srcset=\"https:\/\/puntocritico.com\/ausajpuntocritico\/wp-content\/uploads\/2025\/08\/Truman-y-Byrnes-1945-300x224.png 300w, https:\/\/puntocritico.com\/ausajpuntocritico\/wp-content\/uploads\/2025\/08\/Truman-y-Byrnes-1945-326x245.png 326w, https:\/\/puntocritico.com\/ausajpuntocritico\/wp-content\/uploads\/2025\/08\/Truman-y-Byrnes-1945-80x60.png 80w, https:\/\/puntocritico.com\/ausajpuntocritico\/wp-content\/uploads\/2025\/08\/Truman-y-Byrnes-1945.png 595w\" sizes=\"auto, (max-width: 400px) 100vw, 400px\" \/><figcaption id=\"caption-attachment-2311003\" class=\"wp-caption-text\"><span style=\"color: #008000;\">El Secretario de Estado de EE. UU., Byrnes, y el Presidente Truman en la conferencia aliada, Washington, DC, 1945<\/span><\/figcaption><\/figure>\n<\/div>\n<div>\u00a0<\/div>\n<div>\n<h3 style=\"text-align: center;\"><span style=\"font-size: 18pt;\">James F. Byrnes: El Arquitecto Maquiav\u00e9lico de la \u00abDiplomacia At\u00f3mica\u00bb<\/span><\/h3>\n<p style=\"text-align: justify;\"><span style=\"font-size: 14pt;\">Si <strong>Truman<\/strong> es el presidente accidental, <strong>James F. Byrnes<\/strong>, su <em>Secretario de Estado<\/em>, es presentado como el villano principal de la historia. Es caracterizado como la influencia clave sobre un <strong>Truman<\/strong> ingenuo y el principal arquitecto de la estrategia de utilizar la bomba como un instrumento de poder geopol\u00edtico contra los sovi\u00e9ticos. <strong>Byrnes<\/strong> es la personificaci\u00f3n de la \u00ab<strong><em>diplomacia at\u00f3mica<\/em><\/strong>\u00ab. El documental destaca su convicci\u00f3n de que la posesi\u00f3n del arma pondr\u00eda a Estados Unidos \u00ab<em>en posici\u00f3n de dictar nuestros propios t\u00e9rminos al final de la guerra<\/em>\u00bb y har\u00eda a los sovi\u00e9ticos \u00ab<em>m\u00e1s manejables<\/em>\u00ab. Se le describe asistiendo a las conferencias de posguerra con \u00ab<em>la amenaza impl\u00edcita de la bomba en el bolsillo<\/em>\u00ab.<\/span><\/p>\n<p style=\"text-align: justify;\"><span style=\"font-size: 14pt;\">La narrativa de <strong>Stone<\/strong> va m\u00e1s all\u00e1 y acusa a <strong>Byrnes<\/strong> de sabotear activamente los esfuerzos de paz. Se argumenta que fue \u00e9l quien insisti\u00f3 en eliminar del borrador final de la <em><strong>Declaraci\u00f3n de Potsdam<\/strong><\/em> el lenguaje que habr\u00eda garantizado la permanencia del <strong><em>Emperador<\/em> <\/strong>en su trono. <strong>Byrnes<\/strong> sab\u00eda, seg\u00fan esta interpretaci\u00f3n, que la \u00ab<em>rendici\u00f3n incondicional<\/em>\u00bb sin esta garant\u00eda era inaceptable para Jap\u00f3n y que mantener esta postura inflexible proporcionar\u00eda la justificaci\u00f3n necesaria para usar la bomba antes de que los sovi\u00e9ticos pudieran entrar en la guerra. De este modo, <strong>Byrnes<\/strong> no solo es el ide\u00f3logo de la diplomacia at\u00f3mica, sino tambi\u00e9n el obst\u00e1culo deliberado para una paz m\u00e1s temprana y menos destructiva.<\/span><\/p>\n<\/div>\n<p>&nbsp;<\/p>\n<figure id=\"attachment_2304854\" aria-describedby=\"caption-attachment-2304854\" style=\"width: 233px\" class=\"wp-caption aligncenter\"><a href=\"https:\/\/puntocritico.com\/ausajpuntocritico\/2024\/12\/21\/oliver-stone-2-roosevelt-truman-y-wallace\/\" target=\"_blank\" rel=\"noopener\" data-schema-attribute=\"\"><img loading=\"lazy\" decoding=\"async\" class=\"wp-image-2304854 size-full\" src=\"https:\/\/puntocritico.com\/ausajpuntocritico\/wp-content\/uploads\/2024\/12\/437px-Henry_A__Wallace.jpg\" alt=\"\" width=\"233\" height=\"320\" srcset=\"https:\/\/puntocritico.com\/ausajpuntocritico\/wp-content\/uploads\/2024\/12\/437px-Henry_A__Wallace.jpg 233w, https:\/\/puntocritico.com\/ausajpuntocritico\/wp-content\/uploads\/2024\/12\/437px-Henry_A__Wallace-218x300.jpg 218w\" sizes=\"auto, (max-width: 233px) 100vw, 233px\" \/><\/a><figcaption id=\"caption-attachment-2304854\" class=\"wp-caption-text\"><span style=\"color: #008000;\">Henry A. Wallace <\/span><\/figcaption><\/figure>\n<h3 style=\"text-align: center;\"><span style=\"font-size: 18pt;\">Henry Wallace: La Esperanza Perdida de la Paz<\/span><\/h3>\n<p style=\"text-align: justify;\"><span style=\"font-size: 14pt;\">En marcado contraste con <strong>Truman<\/strong> y <strong>Byrnes<\/strong>, el documental eleva al exvicepresidente <a href=\"https:\/\/puntocritico.com\/ausajpuntocritico\/2024\/12\/21\/oliver-stone-2-roosevelt-truman-y-wallace\/\" target=\"_blank\" rel=\"noopener\" data-schema-attribute=\"\"><strong>Henry A. Wallace<\/strong><\/a> a la categor\u00eda de h\u00e9roe tr\u00e1gico y el gran \u00ab<em>lo que pudo haber sido\u00bb<\/em> de la historia estadounidense. Se le presenta como el verdadero heredero progresista de <strong>Roosevelt<\/strong>, un hombre con ideales antiimperialistas que habr\u00eda buscado la cooperaci\u00f3n y no la confrontaci\u00f3n con la Uni\u00f3n Sovi\u00e9tica.<\/span><\/p>\n<p>&nbsp;<\/p>\n<blockquote>\n<p style=\"text-align: center;\"><strong><span style=\"font-size: 14pt; color: #008000;\">El n\u00facleo de la serie se basa en un gran contrafactual: si Wallace, y no Truman, hubiera permanecido como vicepresidente en la convenci\u00f3n dem\u00f3crata de 1944 y, por tanto, hubiera sucedido a Roosevelt en abril de 1945, la historia habr\u00eda tomado un rumbo radicalmente diferente<\/span><\/strong><\/p>\n<\/blockquote>\n<p>&nbsp;<\/p>\n<p style=\"text-align: justify;\"><span style=\"font-size: 14pt;\">El n\u00facleo de la serie se basa en un gran contrafactual: si <strong>Wallace<\/strong>, y no <strong>Truman<\/strong>, hubiera permanecido como vicepresidente en la convenci\u00f3n dem\u00f3crata de 1944 y, por tanto, hubiera sucedido a <strong>Roosevelt<\/strong> en abril de 1945, la historia habr\u00eda tomado un rumbo radicalmente diferente. Seg\u00fan <strong>Stone<\/strong> y <strong>Kuznick<\/strong>, un presidente <strong>Wallace<\/strong> no habr\u00eda utilizado las bombas at\u00f3micas, <strong>habr\u00eda evitado la Guerra Fr\u00eda y habr\u00eda inaugurado una era de paz y prosperidad mundial<\/strong>. <\/span><\/p>\n<p style=\"text-align: justify;\"><span style=\"font-size: 14pt;\">La sustituci\u00f3n de <strong>Wallace<\/strong> por <strong>Truman<\/strong> en la candidatura, orquestada por los jefes conservadores del partido, se presenta no como una maniobra pol\u00edtica interna, sino como un \u00ab<em>trastorno<\/em>\u00bb dram\u00e1tico que alter\u00f3 el curso de la historia mundial.<\/span><\/p>\n<p style=\"text-align: justify;\"><span style=\"font-size: 14pt;\">Esta forma de presentar los acontecimientos revela una metodolog\u00eda hist\u00f3rica particular. En lugar de analizar las complejas fuerzas institucionales, econ\u00f3micas e ideol\u00f3gicas que condujeron a la <em>Guerra Fr\u00eda<\/em>, el documental las simplifica en una narrativa de personalidades. Las fuerzas del imperialismo y la confrontaci\u00f3n se personifican en <strong>Byrnes<\/strong>, mientras que las fuerzas de la paz y la cooperaci\u00f3n se encarnan en <strong>Wallace<\/strong>.<\/span><\/p>\n<p>&nbsp;<\/p>\n<blockquote>\n<p style=\"text-align: center;\"><strong><span style=\"color: #008000;\"><span style=\"font-size: 14pt;\">Las fuerzas del imperialismo y la confrontaci\u00f3n se personifican en Byrnes, mientras que las fuerzas de la paz y la cooperaci\u00f3n se encarnan en Wallace.\u00a0<\/span><span style=\"font-size: 14pt;\">Truman se convierte en la figura pasiva atrapada entre estos dos polos.<\/span><\/span><\/strong><\/p>\n<\/blockquote>\n<p>&nbsp;<\/p>\n<p style=\"text-align: justify;\"><span style=\"font-size: 14pt;\"><strong>Truman<\/strong> se convierte en la figura pasiva atrapada entre estos dos polos. Si bien esta estructura crea un drama hist\u00f3rico convincente, una \u00ab<em>historia de miedo<\/em>\u00bb como la describe <strong>Stone<\/strong>, lo hace a costa de la complejidad y el matiz hist\u00f3rico.<\/span><\/p>\n<p style=\"text-align: justify;\"><span style=\"font-size: 14pt;\">El documental de <strong>Stone<\/strong> no surge de un vac\u00edo intelectual. Su arquitectura argumental se basa casi por completo en la obra del historiador <strong>Gar Alperovitz<\/strong>, y en particular en su influyente libro de 1995, <strong><i>The Decision to Use the Atomic Bomb and the Architecture of an American Myth<\/i><\/strong>. La \u00ab<em>tesis de la diplomacia at\u00f3mica<\/em>\u00bb de <strong>Alperovitz<\/strong> es la fuente directa del argumento central de <strong>Stone<\/strong>. <\/span><\/p>\n<p style=\"text-align: justify;\"><span style=\"font-size: 14pt;\">Los puntos clave del episodio -el papel central de <strong>Byrnes<\/strong>, el deseo de limitar la influencia sovi\u00e9tica en Asia y el sabotaje de los t\u00e9rminos de rendici\u00f3n para justificar el uso de la bomba- son todos elementos distintivos de la investigaci\u00f3n de <strong>Alperovitz<\/strong>.<\/span><\/p>\n<p style=\"text-align: justify;\"><span style=\"font-size: 14pt;\">La conexi\u00f3n es tan expl\u00edcita que el propio <strong>Alperovitz<\/strong> ha respaldado el trabajo de <strong>Stone<\/strong> y <strong>Kuznick<\/strong>, afirmando que est\u00e1n \u00ab<em>haciendo (\u00a1y respondiendo!) todas las preguntas correctas<\/em>\u00ab. Comprender esto es crucial: <strong>Stone<\/strong> no est\u00e1 creando una nueva historia, sino que est\u00e1 llevando al gran p\u00fablico una versi\u00f3n particular y controvertida del debate hist\u00f3rico.<\/span><\/p>\n<p>&nbsp;<\/p>\n<blockquote>\n<p style=\"text-align: center;\"><strong><span style=\"font-size: 14pt; color: #008000;\">Stone no est\u00e1 creando una nueva historia, sino que est\u00e1 llevando al gran p\u00fablico una versi\u00f3n particular y controvertida del debate hist\u00f3rico<\/span><\/strong><\/p>\n<\/blockquote>\n<p>&nbsp;<\/p>\n<p style=\"text-align: justify;\"><span style=\"font-size: 14pt;\"><strong>El n\u00facleo hist\u00f3rico del argumento de Stone es su afirmaci\u00f3n sobre qu\u00e9 caus\u00f3 la rendici\u00f3n de Jap\u00f3n<\/strong>. Al examinar esta afirmaci\u00f3n a trav\u00e9s del prisma del debate historiogr\u00e1fico, se revela una imagen mucho m\u00e1s compleja que la que presenta el documental.<\/span><\/p>\n<p>&nbsp;<\/p>\n<figure id=\"attachment_2247661\" aria-describedby=\"caption-attachment-2247661\" style=\"width: 440px\" class=\"wp-caption aligncenter\"><img loading=\"lazy\" decoding=\"async\" class=\"wp-image-2247661\" src=\"https:\/\/puntocritico.com\/ausajpuntocritico\/wp-content\/uploads\/2022\/05\/hiroshima-PPAL-300x199.jpg\" alt=\"\" width=\"440\" height=\"292\" srcset=\"https:\/\/puntocritico.com\/ausajpuntocritico\/wp-content\/uploads\/2022\/05\/hiroshima-PPAL-300x199.jpg 300w, https:\/\/puntocritico.com\/ausajpuntocritico\/wp-content\/uploads\/2022\/05\/hiroshima-PPAL-610x405.jpg 610w, https:\/\/puntocritico.com\/ausajpuntocritico\/wp-content\/uploads\/2022\/05\/hiroshima-PPAL-678x452.jpg 678w, https:\/\/puntocritico.com\/ausajpuntocritico\/wp-content\/uploads\/2022\/05\/hiroshima-PPAL.jpg 680w\" sizes=\"auto, (max-width: 440px) 100vw, 440px\" \/><figcaption id=\"caption-attachment-2247661\" class=\"wp-caption-text\"><span style=\"color: #008000;\">Hiroshima <\/span><\/figcaption><\/figure>\n<p>&nbsp;<\/p>\n<h3 style=\"text-align: center;\"><span style=\"font-size: 18pt;\">El Impacto de Hiroshima y Nagasaki<\/span><\/h3>\n<p style=\"text-align: justify;\"><span style=\"font-size: 14pt;\">El episodio minimiza deliberadamente el impacto de las bombas at\u00f3micas en el liderazgo japon\u00e9s. Las presenta como si fueran simplemente dos ciudades m\u00e1s destruidas en una larga lista de centros urbanos arrasados por los bombardeos incendiarios, un evento cuantitativamente mayor pero no cualitativamente diferente.<\/span><\/p>\n<p style=\"text-align: justify;\"><span style=\"font-size: 14pt;\">Sin embargo, existe una cantidad significativa de pruebas que contradicen esta minimizaci\u00f3n. La evidencia m\u00e1s directa es el propio <em>Rescripto Imperial de Rendici\u00f3n<\/em> de <strong>Hirohito<\/strong>, le\u00eddo al pueblo japon\u00e9s el 15 de agosto, en el que se refiere espec\u00edficamente a que \u00ab<em>el enemigo ha comenzado a emplear una bomba nueva y m\u00e1s cruel<\/em>\u00bb como una de las razones para aceptar los t\u00e9rminos de los Aliados. <\/span><\/p>\n<p style=\"text-align: justify;\"><span style=\"font-size: 14pt;\">Un an\u00e1lisis del<em> Museo Nacional de la Segunda Guerra Mundial<\/em>, basado en nuevas pruebas, concluye que fue la noticia de la bomba de <strong>Hiroshima<\/strong> lo que finalmente movi\u00f3 al <strong>Emperador<\/strong> a decidir que la guerra deb\u00eda terminar, incluso antes de que tuviera conocimiento de la invasi\u00f3n sovi\u00e9tica. <\/span><\/p>\n<p>&nbsp;<\/p>\n<figure id=\"attachment_2311005\" aria-describedby=\"caption-attachment-2311005\" style=\"width: 480px\" class=\"wp-caption aligncenter\"><img loading=\"lazy\" decoding=\"async\" class=\"wp-image-2311005\" src=\"https:\/\/puntocritico.com\/ausajpuntocritico\/wp-content\/uploads\/2025\/08\/500px-Bundesarchiv_Bild_183-R67561_Potsdamer_Konferenz_Konferenztisch-300x200.jpg\" alt=\"\" width=\"480\" height=\"320\" srcset=\"https:\/\/puntocritico.com\/ausajpuntocritico\/wp-content\/uploads\/2025\/08\/500px-Bundesarchiv_Bild_183-R67561_Potsdamer_Konferenz_Konferenztisch-300x200.jpg 300w, https:\/\/puntocritico.com\/ausajpuntocritico\/wp-content\/uploads\/2025\/08\/500px-Bundesarchiv_Bild_183-R67561_Potsdamer_Konferenz_Konferenztisch.jpg 500w\" sizes=\"auto, (max-width: 480px) 100vw, 480px\" \/><figcaption id=\"caption-attachment-2311005\" class=\"wp-caption-text\"><span style=\"color: #008000;\">Una sesi\u00f3n de la Conferencia de Potsdam. Los fotografiados incluyen a Clement Attlee, Ernest Bevin, Vyacheslav Molotov, I\u00f3sif Stalin, William D. Leahy, James F. Byrnes, y Harry S. Truman.<\/span><\/figcaption><\/figure>\n<p>&nbsp;<\/p>\n<h3 style=\"text-align: center;\"><span style=\"font-size: 18pt;\">El \u00abShock Sovi\u00e9tico\u00bb: La Invasi\u00f3n de Manchuria<\/span><\/h3>\n<p style=\"text-align: justify;\"><span style=\"font-size: 14pt;\">Este es el eje del argumento del documental. <strong>La declaraci\u00f3n de guerra de la Uni\u00f3n Sovi\u00e9tica y su r\u00e1pida invasi\u00f3n de Manchuria el 9 de agosto se presentan como el golpe estrat\u00e9gico verdaderamente decisivo<\/strong>. Este evento, seg\u00fan <strong>Stone<\/strong>, destroz\u00f3 la \u00faltima esperanza de Jap\u00f3n: la posibilidad de una paz negociada con la mediaci\u00f3n de Mosc\u00fa, que les permitiera preservar el sistema imperial.<\/span><\/p>\n<p style=\"text-align: justify;\"><span style=\"font-size: 14pt;\">Esta tesis cuenta con un s\u00f3lido respaldo acad\u00e9mico. El historiador <strong>Tsuyoshi Hasegawa,<\/strong> en su obra <strong><i>Racing the Enemy<\/i><\/strong>, argumenta convincentemente que el \u00ab<em>shock sovi\u00e9tico<\/em>\u00bb fue m\u00e1s decisivo que las bombas. La evidencia clave es una declaraci\u00f3n del <strong>Consejo Supremo de Guerra de Jap\u00f3n de junio de 1945<\/strong>, que conclu\u00eda que la entrada sovi\u00e9tica en la guerra \u00ab<em>determinar\u00eda el destino del Imperio<\/em>\u00ab. <\/span><\/p>\n<p>&nbsp;<\/p>\n<blockquote>\n<p style=\"text-align: center;\"><span style=\"color: #008000;\"><strong><span style=\"font-size: 14pt;\">El historiador Tsuyoshi Hasegawa, en su obra <i>Racing the Enemy<\/i>, argumenta convincentemente que el \u00ab<em>shock sovi\u00e9tico<\/em>\u00bb fue m\u00e1s decisivo que las bombas. <\/span><\/strong><\/span><\/p>\n<p style=\"text-align: center;\"><span style=\"color: #008000;\"><strong><span style=\"font-size: 14pt;\">La evidencia clave es una declaraci\u00f3n del Consejo Supremo de Guerra de Jap\u00f3n de junio de 1945, que conclu\u00eda que la entrada sovi\u00e9tica en la guerra \u00ab<em>determinar\u00eda el destino del Imperio<\/em>\u00ab<\/span><\/strong><\/span><\/p>\n<\/blockquote>\n<p>&nbsp;<\/p>\n<p style=\"text-align: justify;\"><span style=\"font-size: 14pt;\">La invasi\u00f3n sovi\u00e9tica elimin\u00f3 cualquier posibilidad de dividir a los Aliados y confirm\u00f3 que Jap\u00f3n se enfrentar\u00eda a una aniquilaci\u00f3n total y a una guerra en m\u00faltiples frentes sin ninguna esperanza estrat\u00e9gica.<\/span><\/p>\n<p>&nbsp;<\/p>\n<figure id=\"attachment_2311006\" aria-describedby=\"caption-attachment-2311006\" style=\"width: 400px\" class=\"wp-caption aligncenter\"><img loading=\"lazy\" decoding=\"async\" class=\"wp-image-2311006\" src=\"https:\/\/puntocritico.com\/ausajpuntocritico\/wp-content\/uploads\/2025\/08\/Hiroshima-Folleto-USA-300x231.jpg\" alt=\"\" width=\"400\" height=\"309\" srcset=\"https:\/\/puntocritico.com\/ausajpuntocritico\/wp-content\/uploads\/2025\/08\/Hiroshima-Folleto-USA-300x231.jpg 300w, https:\/\/puntocritico.com\/ausajpuntocritico\/wp-content\/uploads\/2025\/08\/Hiroshima-Folleto-USA-768x593.jpg 768w, https:\/\/puntocritico.com\/ausajpuntocritico\/wp-content\/uploads\/2025\/08\/Hiroshima-Folleto-USA.jpg 1024w\" sizes=\"auto, (max-width: 400px) 100vw, 400px\" \/><figcaption id=\"caption-attachment-2311006\" class=\"wp-caption-text\"><span style=\"color: #008000;\">Un folleto arrojado sobre Jap\u00f3n tras el bombardeo de Hiroshima. El folleto dice, en parte: El pueblo japon\u00e9s se enfrenta a un oto\u00f1o extremadamente importante. Nuestra alianza de tres pa\u00edses le present\u00f3 a vuestros l\u00edderes trece art\u00edculos de rendici\u00f3n para ponerle fin a esta guerra infructuosa. Esta propuesta fue ignorada por los l\u00edderes de vuestro ej\u00e9rcito[&#8230;] Estados Unidos ha desarrollado una bomba at\u00f3mica, algo que no ha hecho ninguna otra naci\u00f3n con anterioridad. Se ha determinado utilizar esta terror\u00edfica bomba. Una bomba at\u00f3mica tiene el poder destructivo de 2.000 B-29.<\/span><\/figcaption><\/figure>\n<p>&nbsp;<\/p>\n<h3 style=\"text-align: center;\"><span style=\"font-size: 18pt;\">El Contexto General: Colapso Interno y Estancamiento Pol\u00edtico<\/span><\/h3>\n<p style=\"text-align: justify;\"><span style=\"font-size: 14pt;\"><strong>En \u00faltima instancia, una explicaci\u00f3n monocausal \u2014ya sean las bombas o los sovi\u00e9ticos\u2014 resulta insuficiente<\/strong>. La decisi\u00f3n de Jap\u00f3n de rendirse fue el resultado de una confluencia de presiones que culminaron en la segunda semana de agosto de 1945. <\/span><\/p>\n<p style=\"text-align: justify;\"><span style=\"font-size: 14pt;\"><strong>La situaci\u00f3n de Jap\u00f3n era ya catastr\u00f3fica antes de estos eventos<\/strong>. Su econom\u00eda se estaba paralizando, privada de petr\u00f3leo, alimentos y materias primas por el bloqueo naval, y su capacidad para producir material de guerra era casi nula. <strong>La \u00e9lite gobernante tem\u00eda cada vez m\u00e1s un colapso del frente interno y un posible levantamiento comunista, alimentado por la escasez de alimentos y la devastaci\u00f3n de los bombardeos<\/strong>.<\/span><\/p>\n<p style=\"text-align: justify;\"><span style=\"font-size: 14pt;\"><strong>A pesar de esta situaci\u00f3n desesperada, el gobierno japon\u00e9s no era un actor monol\u00edtico<\/strong>. El <em><strong>Consejo Supremo de Guerra<\/strong><\/em>, el llamado \u00ab<strong>Big Six<\/strong>\u00bb que ostentaba el poder real, estaba completamente paralizado. <strong>La facci\u00f3n militar, dominante en el consejo, segu\u00eda decidida a luchar en una \u00faltima batalla apocal\u00edptica en suelo patrio<\/strong> (<em>la estrategia<\/em> <strong><i>Ketsu Go<\/i><\/strong>), con la esperanza de infligir tantas bajas a los invasores que pudieran forzar una paz negociada en lugar de una rendici\u00f3n incondicional.<\/span><\/p>\n<p style=\"text-align: justify;\"><span style=\"font-size: 14pt;\"><strong>En este contexto de par\u00e1lisis pol\u00edtica, las bombas y la invasi\u00f3n sovi\u00e9tica actuaron como dos shocks externos y simult\u00e1neos que rompieron el estancamiento<\/strong>. No fueron eventos mutuamente excluyentes en su impacto; fueron catalizadores complementarios que afectaron a diferentes facciones del liderazgo japon\u00e9s de distintas maneras. <strong>La invasi\u00f3n sovi\u00e9tica destruy\u00f3 la \u00faltima esperanza estrat\u00e9gica de la facci\u00f3n militar<\/strong>. <\/span><\/p>\n<p style=\"text-align: justify;\"><span style=\"font-size: 14pt;\"><strong>La bomba at\u00f3mica, por su parte, proporcion\u00f3 a la facci\u00f3n pacifista y, sobre todo, al Emperador, una justificaci\u00f3n novedosa y abrumadora para anular a los militares<\/strong>. Le permiti\u00f3 presentar la rendici\u00f3n no como una derrota militar, sino como un acto humanitario para salvar a su pueblo y a la civilizaci\u00f3n de un \u00ab<em>arma nueva y m\u00e1s cruel<\/em>\u00ab. La narrativa de <strong>Stone<\/strong>, al insistir en la <strong><em>primac\u00eda del shock sovi\u00e9tico<\/em><\/strong>, sirve a su objetivo de subrayar la malevolencia estadounidense, pero simplifica en exceso la compleja din\u00e1mica interna que condujo a la rendici\u00f3n de Jap\u00f3n.<\/span><\/p>\n<p>&nbsp;<\/p>\n<figure id=\"attachment_2311007\" aria-describedby=\"caption-attachment-2311007\" style=\"width: 280px\" class=\"wp-caption aligncenter\"><img loading=\"lazy\" decoding=\"async\" class=\"wp-image-2311007\" src=\"https:\/\/puntocritico.com\/ausajpuntocritico\/wp-content\/uploads\/2025\/08\/Japanese-surrender-mac-arthur-speaking-ac02716-237x300.jpg\" alt=\"\" width=\"280\" height=\"354\" srcset=\"https:\/\/puntocritico.com\/ausajpuntocritico\/wp-content\/uploads\/2025\/08\/Japanese-surrender-mac-arthur-speaking-ac02716-237x300.jpg 237w, https:\/\/puntocritico.com\/ausajpuntocritico\/wp-content\/uploads\/2025\/08\/Japanese-surrender-mac-arthur-speaking-ac02716.jpg 330w\" sizes=\"auto, (max-width: 280px) 100vw, 280px\" \/><figcaption id=\"caption-attachment-2311007\" class=\"wp-caption-text\"><span style=\"color: #008000;\">MacArthur en la ceremonia de rendici\u00f3n.<\/span><\/figcaption><\/figure>\n<p>&nbsp;<\/p>\n<p style=\"text-align: justify;\"><span style=\"font-size: 14pt;\">El mayor impacto del documental radica en su <strong>capacidad para obligar a los espectadores, especialmente a los estadounidenses, a enfrentarse a las \u00ab<em>partes m\u00e1s oscuras<\/em>\u00bb de su historia y a cuestionar los mitos fundacionales de la benevolencia y el excepcionalismo de su naci\u00f3n<\/strong>. Sirve como un contrapeso necesario y contundente al relato patri\u00f3tico autocomplaciente que a menudo domina el discurso p\u00fablico.<\/span><\/p>\n<p style=\"text-align: justify;\"><span style=\"font-size: 14pt;\">El episodio logra transmitir con eficacia el aterrador legado de la bomba at\u00f3mica: el inicio de una carrera armament\u00edstica nuclear que, como se tem\u00eda, podr\u00eda \u00ab<em>acabar con la vida en el planeta<\/em>\u00ab, y el establecimiento de un precedente para una pol\u00edtica exterior estadounidense basada, seg\u00fan la visi\u00f3n de <strong>Stone<\/strong>, en la fuerza abrumadora y la ambici\u00f3n imperial. Conecta de forma convincente la decisi\u00f3n tomada en 1945 con las acciones posteriores de <a href=\"https:\/\/puntocritico.com\/ausajpuntocritico\/2019\/06\/08\/caza-de-brujas-v-o-s-de-irwin-winkler-pelicula\/\" target=\"_blank\" rel=\"noopener\" data-schema-attribute=\"\">Estados Unidos a lo largo de la Guerra Fr\u00eda<\/a> y hasta el siglo XXI.<\/span><\/p>\n<p>&nbsp;<\/p>\n<div>\u00a0<\/div>\n<div>\n<figure id=\"attachment_21088\" aria-describedby=\"caption-attachment-21088\" style=\"width: 480px\" class=\"wp-caption aligncenter\"><a href=\"https:\/\/puntocritico.com\/ausajpuntocritico\/2020\/09\/06\/gloriosa-victoria\/\"><img loading=\"lazy\" decoding=\"async\" class=\"wp-image-21088\" src=\"https:\/\/puntocritico.com\/ausajpuntocritico\/wp-content\/uploads\/2019\/08\/Gloriosa_victoria-Diego-Rivera-678x381-300x169.jpg\" alt=\"\" width=\"480\" height=\"270\" data-id=\"21088\" srcset=\"https:\/\/puntocritico.com\/ausajpuntocritico\/wp-content\/uploads\/2019\/08\/Gloriosa_victoria-Diego-Rivera-678x381-300x169.jpg 300w, https:\/\/puntocritico.com\/ausajpuntocritico\/wp-content\/uploads\/2019\/08\/Gloriosa_victoria-Diego-Rivera-678x381.jpg 678w\" sizes=\"auto, (max-width: 480px) 100vw, 480px\" \/><\/a><figcaption id=\"caption-attachment-21088\" class=\"wp-caption-text\"><span style=\"color: #008000;\">\u201cGloriosa Victoria\u201d, el pol\u00e9mico mural de Diego Rivera para Guatemala<\/span><\/figcaption><\/figure>\n<\/div>\n<div>\u00a0<\/div>\n<div style=\"text-align: center;\"><strong><span style=\"color: #008000; font-size: 18pt;\">*******<\/span><\/strong><\/div>\n<h2 style=\"text-align: justify;\"><span style=\"font-size: 14pt;\"><strong>RELACIONADOS:<\/strong><\/span><\/h2>\n<div>\u00a0<\/div>\n<div>\n<figure id=\"attachment_2247661\" aria-describedby=\"caption-attachment-2247661\" style=\"width: 440px\" class=\"wp-caption aligncenter\"><a href=\"https:\/\/puntocritico.com\/ausajpuntocritico\/2022\/05\/09\/manifiesto-russell-einstein-las-armas-de-destruccion-masiva-y-la-disuasion-nuclear\/\"><img loading=\"lazy\" decoding=\"async\" class=\"wp-image-2247661\" src=\"https:\/\/puntocritico.com\/ausajpuntocritico\/wp-content\/uploads\/2022\/05\/hiroshima-PPAL-300x199.jpg\" alt=\"\" width=\"440\" height=\"292\" srcset=\"https:\/\/puntocritico.com\/ausajpuntocritico\/wp-content\/uploads\/2022\/05\/hiroshima-PPAL-300x199.jpg 300w, https:\/\/puntocritico.com\/ausajpuntocritico\/wp-content\/uploads\/2022\/05\/hiroshima-PPAL-610x405.jpg 610w, https:\/\/puntocritico.com\/ausajpuntocritico\/wp-content\/uploads\/2022\/05\/hiroshima-PPAL-678x452.jpg 678w, https:\/\/puntocritico.com\/ausajpuntocritico\/wp-content\/uploads\/2022\/05\/hiroshima-PPAL.jpg 680w\" sizes=\"auto, (max-width: 440px) 100vw, 440px\" \/><\/a><figcaption id=\"caption-attachment-2247661\" class=\"wp-caption-text\"><a href=\"https:\/\/puntocritico.com\/ausajpuntocritico\/2022\/05\/09\/manifiesto-russell-einstein-las-armas-de-destruccion-masiva-y-la-disuasion-nuclear\/\"><span style=\"color: #008000;\">ARMAMENTO NUCLEAR (1): LAS ARMAS DE DESTRUCCION MASIVA Y LA DISUASION NUCLEAR: Manifiesto Russell-Einstein: \u00abUna declaraci\u00f3n sobre armas nucleares\u00bb <\/span><\/a><\/figcaption><\/figure>\n<\/div>\n<div>\u00a0<\/div>\n<div>\n<figure id=\"attachment_2247721\" aria-describedby=\"caption-attachment-2247721\" style=\"width: 440px\" class=\"wp-caption aligncenter\"><a href=\"https:\/\/puntocritico.com\/ausajpuntocritico\/2022\/05\/10\/consideraciones-en-torno-al-tratado-de-no-proliferacion-de-armas-nucleares\/\"><img loading=\"lazy\" decoding=\"async\" class=\"wp-image-2247721\" src=\"https:\/\/puntocritico.com\/ausajpuntocritico\/wp-content\/uploads\/2022\/05\/Selfie-del-fin-del-mundo-PPAL-300x199.jpg\" alt=\"\" width=\"440\" height=\"292\" srcset=\"https:\/\/puntocritico.com\/ausajpuntocritico\/wp-content\/uploads\/2022\/05\/Selfie-del-fin-del-mundo-PPAL-300x199.jpg 300w, https:\/\/puntocritico.com\/ausajpuntocritico\/wp-content\/uploads\/2022\/05\/Selfie-del-fin-del-mundo-PPAL-610x405.jpg 610w, https:\/\/puntocritico.com\/ausajpuntocritico\/wp-content\/uploads\/2022\/05\/Selfie-del-fin-del-mundo-PPAL-678x452.jpg 678w, https:\/\/puntocritico.com\/ausajpuntocritico\/wp-content\/uploads\/2022\/05\/Selfie-del-fin-del-mundo-PPAL.jpg 680w\" sizes=\"auto, (max-width: 440px) 100vw, 440px\" \/><\/a><figcaption id=\"caption-attachment-2247721\" class=\"wp-caption-text\"><a href=\"https:\/\/puntocritico.com\/ausajpuntocritico\/2022\/05\/10\/consideraciones-en-torno-al-tratado-de-no-proliferacion-de-armas-nucleares\/\"><span style=\"color: #008000;\">ARMAMENTO NUCLEAR (y 2): \u00abMininukes\u00bb y nuevas armas nucleares de bajo rendimiento. CONSIDERACIONES EN TORNO AL \u201cTRATADO DE NO PROLIFERACION DE ARMAS NUCLEARES\u201d (TNP). <\/span><\/a><\/figcaption><\/figure>\n<\/div>\n<div>\u00a0<\/div>\n<div>\u00a0<\/div>\n<div>\u00a0<\/div>\n<div>\u00a0<\/div>\n<div>\u00a0<\/div>\n<div><a href=\"https:\/\/puntocritico.com\/ausajpuntocritico\/author\/punto-critico\/\"><img loading=\"lazy\" decoding=\"async\" class=\"aligncenter wp-image-48\" src=\"https:\/\/puntocritico.com\/ausajpuntocritico\/wp-content\/uploads\/2016\/11\/Mosca_Punto_Cr\u00edtico_40.png\" alt=\"\" width=\"80\" height=\"80\" data-id=\"48\" \/><\/a><\/div>\n<div>\u00a0<\/div>\n<div>\u00a0<\/div>\n","protected":false},"excerpt":{"rendered":"<div class=\"mh-excerpt\"><p>La bomba La historia no contada de Estados Unidos: INDICE \u00a0 \u00abLa Mentira le dijo a la Verdad: \u00abVamos a ba\u00f1arnos juntos, el agua del pozo es muy agradable. La Verdad, a\u00fan desconfiada, prob\u00f3 el <a class=\"mh-excerpt-more\" href=\"https:\/\/puntocritico.com\/ausajpuntocritico\/2025\/08\/23\/la-bomba-hiroshima-y-nagasaki-stone\/\" title=\"LA BOMBA: Oliver Stone (\u00abLa historia no contada de Estados Unidos\u00bb, 03): 80 A\u00d1OS DESDE LA DESTRUCCI\u00d3N DE HIROSHIMA Y NAGASAKI (o el asesinato de m\u00e1s de 250.000 civiles)\">[&#8230;]<\/a><\/p>\n<\/div>","protected":false},"author":3,"featured_media":2311011,"comment_status":"closed","ping_status":"closed","sticky":false,"template":"","format":"standard","meta":{"_acf_changed":false,"_exactmetrics_skip_tracking":false,"_exactmetrics_sitenote_active":false,"_exactmetrics_sitenote_note":"","_exactmetrics_sitenote_category":0,"footnotes":""},"categories":[7],"tags":[190,124],"class_list":{"0":"post-2310991","1":"post","2":"type-post","3":"status-publish","4":"format-standard","5":"has-post-thumbnail","7":"category-politica","8":"tag-jesus-ferrero","9":"tag-oliver-stone"},"acf":[],"_links":{"self":[{"href":"https:\/\/puntocritico.com\/ausajpuntocritico\/wp-json\/wp\/v2\/posts\/2310991","targetHints":{"allow":["GET"]}}],"collection":[{"href":"https:\/\/puntocritico.com\/ausajpuntocritico\/wp-json\/wp\/v2\/posts"}],"about":[{"href":"https:\/\/puntocritico.com\/ausajpuntocritico\/wp-json\/wp\/v2\/types\/post"}],"author":[{"embeddable":true,"href":"https:\/\/puntocritico.com\/ausajpuntocritico\/wp-json\/wp\/v2\/users\/3"}],"replies":[{"embeddable":true,"href":"https:\/\/puntocritico.com\/ausajpuntocritico\/wp-json\/wp\/v2\/comments?post=2310991"}],"version-history":[{"count":0,"href":"https:\/\/puntocritico.com\/ausajpuntocritico\/wp-json\/wp\/v2\/posts\/2310991\/revisions"}],"wp:featuredmedia":[{"embeddable":true,"href":"https:\/\/puntocritico.com\/ausajpuntocritico\/wp-json\/wp\/v2\/media\/2311011"}],"wp:attachment":[{"href":"https:\/\/puntocritico.com\/ausajpuntocritico\/wp-json\/wp\/v2\/media?parent=2310991"}],"wp:term":[{"taxonomy":"category","embeddable":true,"href":"https:\/\/puntocritico.com\/ausajpuntocritico\/wp-json\/wp\/v2\/categories?post=2310991"},{"taxonomy":"post_tag","embeddable":true,"href":"https:\/\/puntocritico.com\/ausajpuntocritico\/wp-json\/wp\/v2\/tags?post=2310991"}],"curies":[{"name":"wp","href":"https:\/\/api.w.org\/{rel}","templated":true}]}}