{"id":2310568,"date":"2025-08-18T00:05:03","date_gmt":"2025-08-17T22:05:03","guid":{"rendered":"https:\/\/puntocritico.com\/ausajpuntocritico\/?p=2310568"},"modified":"2025-11-09T14:01:36","modified_gmt":"2025-11-09T13:01:36","slug":"malleus-maleficarum","status":"publish","type":"post","link":"https:\/\/puntocritico.com\/ausajpuntocritico\/2025\/08\/18\/malleus-maleficarum\/","title":{"rendered":"Malleus Maleficarum (\u00abEl Martillo de las Brujas\u00bb), de los Inquisidores Heinrich Kramer y Jacob Sprenger (1487)"},"content":{"rendered":"<p style=\"text-align: justify;\"><span style=\"font-size: 14pt; color: #008000;\">Malleus Maleficarum<\/span><\/p>\n\n<p><img loading=\"lazy\" decoding=\"async\" class=\"aligncenter wp-image-2310881\" src=\"https:\/\/puntocritico.com\/ausajpuntocritico\/wp-content\/uploads\/2025\/08\/Malleus-Maleficarum-Libro-2.jpg\" alt=\"\" width=\"240\" height=\"329\" \/><\/p>\n<p>&nbsp;<\/p>\n<blockquote>\n<h2 class=\"post-title entry-title\" style=\"text-align: center;\"><span style=\"font-size: 24pt;\">Malleus Maleficarum (\u00abEl Martillo de las Brujas\u00bb)<\/span><\/h2>\n<p class=\"post-title entry-title\" style=\"text-align: center;\"><span style=\"font-size: 18pt;\"><em><strong>De Heinrich Kramer y Jacob Sprenger<\/strong><\/em><\/span><\/p>\n<p style=\"text-align: justify;\"><span style=\"font-size: 14pt;\">Por Antonio F. Rodr\u00edguez<\/span><\/p>\n<p style=\"text-align: justify;\"><span style=\"font-size: 14pt;\"><a href=\"https:\/\/laantiguabiblos.blogspot.com\/2015\/07\/martillo-de-brujas-heinrich-kramer-y.html\" target=\"_blank\" rel=\"noopener\">La antigua Biblos<\/a>, 2015<\/span><\/p>\n<figure id=\"attachment_2310569\" aria-describedby=\"caption-attachment-2310569\" style=\"width: 240px\" class=\"wp-caption aligncenter\"><a href=\"https:\/\/es.wikipedia.org\/wiki\/Malleus_maleficarum\" target=\"_blank\" rel=\"noopener\" data-schema-attribute=\"\"><img loading=\"lazy\" decoding=\"async\" class=\"wp-image-2310569\" src=\"https:\/\/puntocritico.com\/ausajpuntocritico\/wp-content\/uploads\/2025\/08\/MalleusMaleficarum-195x300.jpg\" alt=\"Malleus Maleficarum\" width=\"240\" height=\"368\" srcset=\"https:\/\/puntocritico.com\/ausajpuntocritico\/wp-content\/uploads\/2025\/08\/MalleusMaleficarum-195x300.jpg 195w, https:\/\/puntocritico.com\/ausajpuntocritico\/wp-content\/uploads\/2025\/08\/MalleusMaleficarum.jpg 200w\" sizes=\"auto, (max-width: 240px) 100vw, 240px\" \/><\/a><figcaption id=\"caption-attachment-2310569\" class=\"wp-caption-text\"><span style=\"color: #008000;\"> Portada de la edici\u00f3n de 1669 <\/span><\/figcaption><\/figure>\n<p>&nbsp;<\/p>\n<div style=\"text-align: justify;\"><span style=\"font-size: 14pt;\">El\u00a0<span lang=\"ES-TRAD\">\u00ab<\/span>Martillo de brujas<span lang=\"ES-TRAD\">\u00bb<\/span>\u00a0(<i>Malleus Maleficarum<\/i>\u00a0en lat\u00edn) es una obra publicada en 1486 y escrita por\u00a0<a href=\"https:\/\/es.wikipedia.org\/wiki\/Enrique_Kramer\" target=\"_blank\" rel=\"noopener\" data-schema-attribute=\"\">Heinrich Kramer<\/a>\u00a0y\u00a0<a href=\"https:\/\/es.wikipedia.org\/wiki\/Jakob_Sprenger\" target=\"_blank\" rel=\"noopener\" data-schema-attribute=\"\">Jacob Sprenger<\/a>, dos inquisidores centroeuropeos, por encargo del\u00a0<a href=\"https:\/\/es.wikipedia.org\/wiki\/Inocencio_VIII\" target=\"_blank\" rel=\"noopener\" data-schema-attribute=\"\">Papa Inocencio VIII<\/a> (1432-1492). Se trata de un refrito de otros libros y escritos, ampliado y comentado hasta formar una amplia recopilaci\u00f3n en 203 p\u00e1ginas sin ilustraciones de m\u00e9todos y t\u00e9cnicas para luchar contra las brujas. Incluye estremecedoras instrucciones y consejos sobre c\u00f3mo identificarlas, procesarlas,\u00a0 interrogarlas, torturarlas y castigarlas. Uno de los libros m\u00e1s espantosos que se han escrito.<\/span><\/div>\n<div style=\"text-align: justify;\">\u00a0<\/div>\n<div style=\"text-align: justify;\"><span style=\"font-size: 14pt;\">Su contenido no se ajustaba a la demonolog\u00eda escol\u00e1stica y una vez escrito, no result\u00f3 del agrado de Su Santidad. Sin embargo, tuvo un \u00e9xito arrollador, se convirti\u00f3 en el manual de todo buen inquisidor y fue un superventas en Europa durante los siglos XVI y XVII, solo superado por La Biblia.<\/span><\/div>\n<div>\u00a0<\/div>\n<div style=\"text-align: justify;\"><img loading=\"lazy\" decoding=\"async\" class=\"aligncenter wp-image-2310581\" src=\"https:\/\/puntocritico.com\/ausajpuntocritico\/wp-content\/uploads\/2025\/08\/El-Sabbath-de-los-brujos-2.png\" alt=\"\" width=\"360\" height=\"314\" \/><\/div>\n<div>\u00a0<\/div>\n<div style=\"text-align: justify;\"><span style=\"font-size: 14pt;\">Corr\u00edan tiempos oscuros y dif\u00edciles, en los que se hizo popular el af\u00e1n de perseguir y desenmascarar brujas (casi nunca eran brujos), personas que hab\u00edan pactado con el diablo obtener poderes, da\u00f1ar al pr\u00f3jimo y propagar la herej\u00eda. Sus ecos todav\u00eda llegan a nuestros d\u00edas con esa expresi\u00f3n tan tenebrosa,\u00a0<span lang=\"ES-TRAD\">\u00ab<\/span>caza de brujas<span lang=\"ES-TRAD\">\u00bb<\/span>, que tiene su origen en aquella \u00e9poca. Volviendo al libro, los principios en los que se basa producen v\u00e9rtigo y causan espanto.\u00a0<\/span><\/p>\n<p><span style=\"font-size: 14pt;\">Por ejemplo, si una mujer es denunciada, ya por eso era considerada culpable al menos de causar esc\u00e1ndalo y tener mala fama. Otra idea: se la somet\u00eda a tortura y si despu\u00e9s de unas cuantas sesiones confesaba ser bruja, su testimono era definitivo; pero si no confesaba, la insensibilidad al dolor era una de las pruebas de estar pose\u00edda, as\u00ed que era igualmente culpable. O el maravilloso planteamiento seg\u00fan el cual el testimonio del esposo, hijos o familiares no era v\u00e1lido si la defend\u00edan, porque se supon\u00eda que pod\u00edan estar encantados por la bruja, pero s\u00ed que lo era cuando la acusaban de brujer\u00eda.\u00a0<\/span><\/p>\n<p><span style=\"font-size: 14pt;\">Las pruebas periciales eran de lo m\u00e1s curioso. Una consist\u00eda en la b\u00fasqueda de la marca del demonio. Se desnudaba completamente a la victima y se pinchaban con un alfiler todos los granos, se\u00f1ales, verrugas y marcas de la piel. SI alguna de ellas no sangraba o no dol\u00eda, es que era la marce del diablo y la bruja estaba perdida. La historia sol\u00eda acabar s\u00ed o s\u00ed con la quema de la acusada en la plaza p\u00fablica.\u00a0<\/span><\/div>\n<div style=\"text-align: justify;\">\u00a0<\/div>\n<div style=\"text-align: justify;\"><span style=\"font-size: 14pt;\">El texto rebosa misoginia, porque naturalmente, la mujer tiene un intelecto m\u00e1s d\u00e9bil que el hombre y es m\u00e1s proclive a sucumbir ante los ataques del maligno. Y no est\u00e1 exento de una morbosa obsesi\u00f3n por el sexo, porque no se explica si no el que se dediquen varias p\u00e1ginas a describir el acoplamiento de las brujas con el diablo y c\u00f3mo obten\u00edan placer en ello.<\/span><\/div>\n<div style=\"text-align: justify;\">\u00a0<\/div>\n<div style=\"text-align: justify;\"><span style=\"font-size: 14pt;\">En fin, un compendio espantoso de crueldad, supersticiones y fanatismo, que puede ser \u00fatil como continuo contraejemplo de lo que debe ser un Estado de derecho, para recordar que no hace tanto los talibanes \u00e9ramos los europeos y como muestra de hasta d\u00f3nde es capaz de llegar el ser humano. Por otro lado, no deja de ser tan curioso como profundamente triste lo machacada que est\u00e1 y ha estado la mujer en un buen n\u00famero de sociedades y \u00e9pocas. Terrible. La conclusi\u00f3n l\u00f3gica es que debemos vigilarnos de cerca a nosotros mismos porque, desde luego si se lee este libro con un poco de atenci\u00f3n se llega al convencimiento de que los humanos no somos gente de fiar.<\/span><\/div>\n<p>&nbsp;<\/p>\n<figure id=\"attachment_2310571\" aria-describedby=\"caption-attachment-2310571\" style=\"width: 555px\" class=\"wp-caption aligncenter\"><img loading=\"lazy\" decoding=\"async\" class=\"wp-image-2310571\" src=\"https:\/\/puntocritico.com\/ausajpuntocritico\/wp-content\/uploads\/2025\/08\/Francisco_de_Goya_y_Lucientes_-_Witches_Sabbath_The_Great_He-Goat-300x95.jpg\" alt=\"\" width=\"555\" height=\"176\" srcset=\"https:\/\/puntocritico.com\/ausajpuntocritico\/wp-content\/uploads\/2025\/08\/Francisco_de_Goya_y_Lucientes_-_Witches_Sabbath_The_Great_He-Goat-300x95.jpg 300w, https:\/\/puntocritico.com\/ausajpuntocritico\/wp-content\/uploads\/2025\/08\/Francisco_de_Goya_y_Lucientes_-_Witches_Sabbath_The_Great_He-Goat.jpg 400w\" sizes=\"auto, (max-width: 555px) 100vw, 555px\" \/><figcaption id=\"caption-attachment-2310571\" class=\"wp-caption-text\"><span style=\"color: #008000;\">El aquelarre (1823) de Francisco de Goya<\/span><\/figcaption><\/figure>\n<p style=\"text-align: justify;\">\u00a0<\/p>\n<div style=\"text-align: justify;\"><span style=\"font-size: 14pt;\"><a class=\"mw-redirect\" title=\"Heinrich Kramer\" href=\"https:\/\/es.wikipedia.org\/wiki\/Heinrich_Kramer\" target=\"_blank\" rel=\"noopener\" data-schema-attribute=\"\">Heinrich Kramer<\/a>\u00a0naci\u00f3 en\u00a0S\u00e9lestat, ciudad de la baja\u00a0Alsacia\u00a0al sudeste de\u00a0Estrasburgo, y a muy temprana edad ingres\u00f3 en la\u00a0Orden de Santo Domingo. M\u00e1s tarde fue nombrado Prior de la Casa Dominica de su ciudad natal. Fue predicador general y maestro de teolog\u00eda sagrada. Antes de 1474 fue designado Inquisidor para el\u00a0Tirol,\u00a0Salzburgo,\u00a0Bohemia\u00a0y\u00a0Moravia.<\/span><\/div>\n<div style=\"text-align: justify;\">\u00a0<\/div>\n<div style=\"text-align: justify;\"><span style=\"font-size: 14pt;\"><a title=\"Jakob Sprenger\" href=\"https:\/\/es.wikipedia.org\/wiki\/Jakob_Sprenger\" target=\"_blank\" rel=\"noopener\" data-schema-attribute=\"\">Jakob Sprenger<\/a>\u00a0naci\u00f3 en\u00a0Basilea\u00a0(Suiza), ingres\u00f3 como novicio en la Casa Dominica en 1452, se gradu\u00f3 de maestro en teolog\u00eda y fue designado Prior y Regente de estudios del convento de\u00a0Colonia. En 1480 fue designado decano de la Facultad de Teolog\u00eda de la\u00a0Universidad de Colonia\u00a0y en 1488 fue designado Provincial de toda la provincia alemana.<\/span><\/div>\n<\/blockquote>\n<p style=\"text-align: justify;\">\u00a0<\/p>\n<p><img loading=\"lazy\" decoding=\"async\" class=\"aligncenter wp-image-2310570\" src=\"https:\/\/puntocritico.com\/ausajpuntocritico\/wp-content\/uploads\/2025\/08\/Malleus-Maleficarum-Libro-204x300.png\" alt=\"\" width=\"240\" height=\"354\" srcset=\"https:\/\/puntocritico.com\/ausajpuntocritico\/wp-content\/uploads\/2025\/08\/Malleus-Maleficarum-Libro-204x300.png 204w, https:\/\/puntocritico.com\/ausajpuntocritico\/wp-content\/uploads\/2025\/08\/Malleus-Maleficarum-Libro.png 431w\" sizes=\"auto, (max-width: 240px) 100vw, 240px\" \/><\/p>\n<blockquote>\n<p style=\"text-align: center;\"><strong><span style=\"color: #008000; font-size: 14pt;\">El m\u00e1s famoso de todas los libros sobre brujer\u00eda, Malleus Maleficarum (El martillo de los brujos) fue escrito en 1486 por dos monjes dominicos. En el acto, y a lo largo de los tres siglos siguientes, se convirti\u00f3 en el manual indispensable y la autoridad final para la. Inquisici\u00f3n, para todos &#8216;los jueces, magistrados y sacerdotes, cat\u00f3licos y protestantes&#8217;, en la lucha contra la brujer\u00eda en Europa. <\/span><\/strong><\/p>\n<p style=\"text-align: center;\"><strong><span style=\"color: #008000; font-size: 14pt;\">Abarcaba los poderes y pr\u00e1cticas de los brujos, sus relaciones con el demonio, su descubrimiento. La Inquisici\u00f3n, la hoguera, la tortura, mental y f\u00edsica, de la cruzada contra &#8216;la brujer\u00eda: todo esto es conocido. Y detr\u00e1s de cada uno de los actos sanguinarios se encontraba este libro, a la vez justificaci\u00f3n y manual de &#8216;instrucci\u00f3n. Para cualquier comprensi\u00f3n de la historia y naturaleza de la brujer\u00eda y el satanismo, Malleus Maleficarum es la fuente importante. La primera fuente.<\/span><\/strong><\/p>\n<p style=\"text-align: center;\"><span style=\"font-size: 14pt;\"><strong><span style=\"color: #008000;\">Heinrich Kramer naci\u00f3 en Schlettstadt, ciudad de la baja Alsacia, al sudeste de Estraburgo. A edad temprana ingres\u00f3 en la Orden de Santo Domingo y luego fue nombrado Prior de la Casa Dominica de su ciudad natal. Fue predicador general y maestro de teolog\u00eda sagrada. Antes de 1474 se lo design\u00f3 Inquisidor para el Tirol, Salzburgo, Bohemia y Moravia. <\/span><\/strong><\/span><\/p>\n<p style=\"text-align: center;\"><span style=\"font-size: 14pt;\"><strong><span style=\"color: #008000;\">]acobus Sprenger naci\u00f3 en Basilea. Ingres\u00f3 como novicio en la Casa Dominica de esa ciudad en 1452. &#8216;Se gradu\u00f3 de maestro de teolog\u00eda y fue elegido Prior &#8216;y Regente de Estudios del convento de Colonia. En 1480 se lo eligi\u00f3 decano de la facultad de Teolog\u00eda de la Universidad. En 1488, Provincial de toda la Provincia Alemana. <\/span><\/strong><\/span><\/p>\n<p style=\"text-align: center;\"><span style=\"font-size: 14pt;\"><strong><span style=\"color: #008000;\">Ambos fueron nombrados Inquisidores con poderes especiales, por bula papal de Inocencio VIII, para que investigasen los delitos de brujer\u00eda de las provincias del norte de Alemania. Malleus Maleficarum es el resultado final y autorizado de esas investigaciones y estudios.<\/span><\/strong><\/span><\/p>\n<\/blockquote>\n<p>&nbsp;<\/p>\n<p><img loading=\"lazy\" decoding=\"async\" class=\"aligncenter wp-image-2310582\" src=\"https:\/\/puntocritico.com\/ausajpuntocritico\/wp-content\/uploads\/2025\/08\/El-Sabbath-de-los-brujos-1.png\" alt=\"\" width=\"330\" height=\"285\" \/><\/p>\n<p style=\"text-align: center;\"><span style=\"font-size: 18pt;\"><strong><span style=\"color: #008000;\">*******<\/span><\/strong><\/span><\/p>\n<h2 class=\"article-title\" style=\"text-align: center;\"><span style=\"font-size: 24pt;\">Malleus Maleficarum, la Biblia de los cazadores de brujas<\/span><\/h2>\n<p class=\"article-subtitle\" style=\"text-align: center;\"><span style=\"font-size: 14pt;\"><em><strong>En 1487 se public\u00f3 el Malleus Maleficarum (\u00abEl martillo de las brujas\u00bb), un completo manual para identificar, interrogar y castigar la pr\u00e1ctica de la brujer\u00eda. Fue el m\u00e1s usado por los cazadores de brujas, a pesar de ser muy criticado incluso por la propia Iglesia.<\/strong><\/em><\/span><\/p>\n<p style=\"text-align: justify;\"><span style=\"font-size: 14pt;\">Por Abel GM<\/span><\/p>\n<p style=\"text-align: justify;\"><span style=\"font-size: 14pt;\"><a href=\"https:\/\/historia.nationalgeographic.com.es\/a\/biblia-cazadores-brujas-malleus-maleficarum_17820\" target=\"_blank\" rel=\"noopener\">National Geographic<\/a>, 31 julio 2023<\/span><\/p>\n<figure id=\"attachment_2310574\" aria-describedby=\"caption-attachment-2310574\" style=\"width: 280px\" class=\"wp-caption aligncenter\"><img loading=\"lazy\" decoding=\"async\" class=\"wp-image-2310574\" src=\"https:\/\/puntocritico.com\/ausajpuntocritico\/wp-content\/uploads\/2025\/08\/malleus-maleficarum-edicion-de-1669_0524531e_550x745-221x300.jpg\" alt=\"\" width=\"280\" height=\"379\" srcset=\"https:\/\/puntocritico.com\/ausajpuntocritico\/wp-content\/uploads\/2025\/08\/malleus-maleficarum-edicion-de-1669_0524531e_550x745-221x300.jpg 221w, https:\/\/puntocritico.com\/ausajpuntocritico\/wp-content\/uploads\/2025\/08\/malleus-maleficarum-edicion-de-1669_0524531e_550x745.jpg 550w\" sizes=\"auto, (max-width: 280px) 100vw, 280px\" \/><figcaption id=\"caption-attachment-2310574\" class=\"wp-caption-text\"><span style=\"color: #008000;\">Foto: Biblioteca Europea d&#8217;Informazione e Cultura<\/span><\/figcaption><\/figure>\n<p>&nbsp;<\/p>\n<p style=\"text-align: justify;\"><span style=\"font-size: 14pt;\">Aunque la caza de brujas se suele asociar a la Edad Media, lo cierto es que no fue hasta el Renacimiento cuando empez\u00f3 a practicarse con regularidad, alcanzando su apogeo durante la Edad Moderna. Buena parte de la culpa la tuvo un libro publicado en 1487 con el nombre de\u00a0<strong><em>Malleus Maleficarum<\/em><\/strong>\u00a0(<strong>\u201cEl martillo de las brujas\u201d<\/strong>\u00a0en lat\u00edn), el m\u00e1s extenso e importante manual para identificar, capturar, interrogar y castigar a los culpables \u2013 y especialmente, las culpables \u2013 de brujer\u00eda.<\/span><\/p>\n<aside id=\"rel-ad-content-intext\" class=\"ad-intext\">\n<div id=\"sc_intxt_container\">\n<div id=\"sc_ava_companion\" class=\"sc_intxt_hided\">\n<p id=\"sc_ending_message\" class=\"sc_ending_message\" style=\"text-align: justify;\"><span style=\"font-size: 14pt;\">A pesar de convertirse en un \u201cmanual\u201d de referencia, hasta el punto que a menudo se habla de \u00e9l como <strong>\u201cla Biblia de los cazadores de brujas\u201d<\/strong>, el\u00a0<em>Malleus Maleficarum<\/em>\u00a0fue siempre objeto de duras cr\u00edticas, incluso por parte de personajes importantes de la Iglesia. El motivo principal fueron los m\u00e9todos brutales que defend\u00eda, pero tambi\u00e9n que su autor, el inquisidor Heinrich Kramer, us\u00f3 sin permiso una bula papal condenando la brujer\u00eda para revestir su libro de la autoridad pontificia. Te\u00f3logos y la propia Inquisici\u00f3n criticaron el libro, que contradec\u00eda posiciones oficiales de la Iglesia en cuanto a la magia y la brujer\u00eda y autorizaba el uso de la tortura para obtener confesiones. Todo eso no impidi\u00f3 que fuese ampliamente utilizado como manual de referencia tanto por autoridades religiosas como seculares.<\/span><\/p>\n<p>&nbsp;<\/p>\n<h3 style=\"text-align: center;\"><span style=\"font-size: 18pt;\">La creaci\u00f3n del Malleus Maleficarum<\/span><\/h3>\n<p><img loading=\"lazy\" decoding=\"async\" class=\"aligncenter wp-image-2310577\" src=\"https:\/\/puntocritico.com\/ausajpuntocritico\/wp-content\/uploads\/2025\/08\/El-Sabbath-de-los-brujos-6.png\" alt=\"\" width=\"360\" height=\"301\" \/><\/p>\n<p>&nbsp;<\/p>\n<p style=\"text-align: justify;\"><span style=\"font-size: 14pt;\">La creencia en la magia y la brujer\u00eda estaba muy radicada en Europa desde mucho antes que la Inquisici\u00f3n, e incluso el cristianismo, aparecieran; como tambi\u00e9n lo estaba su persecuci\u00f3n por parte de las autoridades desde la \u00e9poca romana, ya que esta pr\u00e1ctica se asociaba principalmente a fen\u00f3menos negativos como maldiciones. Estas creencias perduraron con la difusi\u00f3n del cristianismo, que\u00a0<strong>atribu\u00eda la brujer\u00eda a pactos con el Diablo<\/strong>: puesto que se trataba de un fen\u00f3meno que implicaba a la vez la esfera religiosa (por tratarse de una herej\u00eda) y la secular (al causar, supuestamente, da\u00f1os a la comunidad), a menudo generaba un conflicto entre estas autoridades para decidir qui\u00e9n se ocupaba de juzgar los actos de brujer\u00eda.<\/span><\/p>\n<p>&nbsp;<\/p>\n<\/div>\n<blockquote>\n<p style=\"text-align: center;\"><strong><span style=\"color: #008000; font-size: 14pt;\">En 1487, los inquisidores Heinrich Kramer y Jakob Sprenger publicaron la primera edici\u00f3n del Malleus Maleficarum<\/span><\/strong><\/p>\n<\/blockquote>\n<\/div>\n<\/aside>\n<p style=\"text-align: justify;\">\u00a0<\/p>\n<p><img loading=\"lazy\" decoding=\"async\" class=\"aligncenter wp-image-2310578\" src=\"https:\/\/puntocritico.com\/ausajpuntocritico\/wp-content\/uploads\/2025\/08\/El-Sabbath-de-los-brujos-5-300x240.png\" alt=\"\" width=\"360\" height=\"288\" srcset=\"https:\/\/puntocritico.com\/ausajpuntocritico\/wp-content\/uploads\/2025\/08\/El-Sabbath-de-los-brujos-5-300x240.png 300w, https:\/\/puntocritico.com\/ausajpuntocritico\/wp-content\/uploads\/2025\/08\/El-Sabbath-de-los-brujos-5.png 302w\" sizes=\"auto, (max-width: 360px) 100vw, 360px\" \/><\/p>\n<p>&nbsp;<\/p>\n<p style=\"text-align: justify;\"><span style=\"font-size: 14pt;\">En este contexto, en 1484 el inquisidor alem\u00e1n Heinrich Kramer pidi\u00f3 al papa Inocencio VIII que ratificara su autoridad para ocuparse de los delitos de brujer\u00eda en las zonas bajo su jurisdicci\u00f3n; en respuesta, el pont\u00edfice emiti\u00f3 una bula en la que condenaba dicha pr\u00e1ctica y ped\u00eda a los obispos que apoyaran a los inquisidores en su tarea de erradicarla. Pero Kramer fue m\u00e1s all\u00e1 y en 1487 public\u00f3, en colaboraci\u00f3n con el tambi\u00e9n inquisidor Jakob Sprenger, un extenso tratado sobre c\u00f3mo identificar, interrogar y castigar a quienes practicaran la brujer\u00eda, e incluy\u00f3 en \u00e9l &#8211; supuestamente sin autorizaci\u00f3n previa &#8211; la bula papal a modo de legitimaci\u00f3n. Era la primera edici\u00f3n del\u00a0<strong><em>Malleus Maleficarum<\/em>, \u201cel martillo de las brujas\u201d<\/strong>.<\/span><\/p>\n<p style=\"text-align: justify;\"><span style=\"font-size: 14pt;\">La publicaci\u00f3n del tratado caus\u00f3 un gran revuelo entre los te\u00f3logos, incluso entre quienes apoyaban la persecuci\u00f3n de la brujer\u00eda. El motivo principal era que\u00a0<strong>contradec\u00eda en muchos aspectos las tesis oficiales de la Iglesia sobre demonolog\u00eda y brujer\u00eda<\/strong>, pero tambi\u00e9n porque corr\u00eda la voz de que los autores hab\u00edan falseado una recomendaci\u00f3n de la Facultad de Teolog\u00eda de la Universidad de Colonia aprobando su uso. Adem\u00e1s, el libro autorizaba e incluso animaba a usar la tortura como m\u00e9todo para obtener informaci\u00f3n y confesiones, una postura que muchos consideraban contraria a los valores cristianos. De hecho, el propio Kramer fue denunciado por la Inquisici\u00f3n, aunque finalmente fue absuelto.<\/span><\/p>\n<p>&nbsp;<\/p>\n<h3 style=\"text-align: center;\"><span style=\"font-size: 18pt;\">Manual para cazar brujas<\/span><\/h3>\n<figure id=\"attachment_2310575\" aria-describedby=\"caption-attachment-2310575\" style=\"width: 330px\" class=\"wp-caption aligncenter\"><img loading=\"lazy\" decoding=\"async\" class=\"wp-image-2310575\" src=\"https:\/\/puntocritico.com\/ausajpuntocritico\/wp-content\/uploads\/2025\/08\/t-mattson-el-interrogatorio-de-una-bruja-1853_70a70798_492x508-291x300.jpg\" alt=\"\" width=\"330\" height=\"341\" srcset=\"https:\/\/puntocritico.com\/ausajpuntocritico\/wp-content\/uploads\/2025\/08\/t-mattson-el-interrogatorio-de-una-bruja-1853_70a70798_492x508-291x300.jpg 291w, https:\/\/puntocritico.com\/ausajpuntocritico\/wp-content\/uploads\/2025\/08\/t-mattson-el-interrogatorio-de-una-bruja-1853_70a70798_492x508.jpg 492w\" sizes=\"auto, (max-width: 330px) 100vw, 330px\" \/><figcaption id=\"caption-attachment-2310575\" class=\"wp-caption-text\"><span style=\"color: #008000;\">Una de las maneras m\u00e1s comunes de identificar brujas era buscar \u00abmarcas del Maligno\u00bb, como verrugas o cicatrices.<\/span><\/figcaption><\/figure>\n<p>&nbsp;<\/p>\n<p style=\"text-align: justify;\"><span style=\"font-size: 14pt;\">En realidad, el\u00a0<em>Malleus Maleficarum<\/em>\u00a0conten\u00eda una gran cantidad de material reciclado de libros de demonolog\u00eda, tratados inquisitoriales e incluso supersticiones orales \u2013 como la capacidad de las brujas para volar \u2013, siendo esta una de las razones principales por las que muchos te\u00f3logos lo criticaron por ser \u201cpoco riguroso\u201d. Aun as\u00ed, tanto inquisidores como autoridades seculares vieron en \u00e9l una fuente de autoridad a la que remitirse en su persecuci\u00f3n de la brujer\u00eda; y\u00a0<strong>gracias a la invenci\u00f3n de la imprenta, el libro obtuvo una enorme difusi\u00f3n<\/strong>.<\/span><\/p>\n<p style=\"text-align: justify;\"><span style=\"font-size: 14pt;\"><strong>El tratado se divid\u00eda en tres partes<\/strong>: la primera dedicada a \u201c<em>demostrar<\/em>\u201d la existencia de la magia, la segunda a describir los m\u00e9todos por los cuales las brujas obtienen sus poderes y de qu\u00e9 maneras los utilizan, y la tercera a explicar c\u00f3mo identificar a las brujas y realizar un proceso por brujer\u00eda, siendo esta \u00faltima la que serv\u00eda de manual para inquisidores y jueces. <\/span><\/p>\n<p style=\"text-align: justify;\"><span style=\"font-size: 14pt;\">Un aspecto en el que\u00a0<strong>el\u00a0<em>Malleus Maleficarum<\/em>\u00a0sent\u00f3 c\u00e1tedra fue la estereotipaci\u00f3n<\/strong>: el libro describ\u00eda detalladamente el\u00a0<em>modus operandi<\/em>\u00a0de las brujas y, puesto que los interrogadores lo tomaban como fuente de autoridad, daban por cierto lo que estaba escrito en \u00e9l y buscaban, en los juicios, una confirmaci\u00f3n de ello, exponiendo a la acusada una serie de preguntas en las cuales la \u00fanica respuesta aceptada era un s\u00ed.<\/span><\/p>\n<p>&nbsp;<\/p>\n<p><img loading=\"lazy\" decoding=\"async\" class=\"aligncenter wp-image-2310579\" src=\"https:\/\/puntocritico.com\/ausajpuntocritico\/wp-content\/uploads\/2025\/08\/El-Sabbath-de-los-brujos-4.png\" alt=\"\" width=\"330\" height=\"275\" \/><\/p>\n<p>&nbsp;<\/p>\n<p style=\"text-align: justify;\"><span style=\"font-size: 14pt;\">Otro aspecto muy pernicioso de este tratado fue que\u00a0<strong>confer\u00eda a los inquisidores una presunci\u00f3n de infalibilidad<\/strong>, es decir, que no pod\u00edan equivocarse en sus sospechas; por lo tanto, su sola palabra bastaba como prueba y solo quedaba que la acusada confesara. Si lo negaba, se daba por supuesto que estaba mintiendo y que hab\u00eda que usar la tortura para arrancarle una confesi\u00f3n, aunque esta fuera absurda. Por el mismo motivo, cualquiera que la defendiera pod\u00eda ser acusado de estar tambi\u00e9n bajo el influjo de la brujer\u00eda.<\/span><\/p>\n<aside id=\"rel-ad-content-1\" class=\"ad-item ad-inline ad-r4 rendered\">\n<div class=\"creatividad\">\n<div id=\"div-gpt-ad-r4-content-1\" class=\"\" data-appear-top-offset=\"1250\" data-mangiro-top-offset=\"7042.849853515625\" data-google-query-id=\"CPO38snK7o4DFVAqBgAdr-wvJA\" data-mangiro-should-reload=\"true\">\n<p style=\"text-align: justify;\"><span style=\"font-size: 14pt;\">Desde la publicaci\u00f3n del\u00a0<strong><em>Malleus Maleficarum<\/em>\u00a0empez\u00f3 la \u00e9poca \u00e1lgida de la caza de brujas<\/strong>. Los procesos se intensificaron y se recrudecieron las condenas, que anteriormente sol\u00edan ser menores, como el pago de una multa o el destierro fuera del municipio. Otro aspecto en el que este tratado cambi\u00f3 la persecuci\u00f3n de la brujer\u00eda fue en dirigirla principalmente hacia las mujeres, a las cuales el libro describ\u00eda como especialmente propensas a los enga\u00f1os del demonio por ser \u201c<em>m\u00e1s cr\u00e9dulas, m\u00e1s propensas a la malignidad y embusteras por naturaleza<\/em>\u201d.<\/span><\/p>\n<p style=\"text-align: justify;\"><span style=\"font-size: 14pt;\">Las cifras de condenas var\u00edan enormemente,\u00a0<strong>desde decenas de miles de personas hasta varios millones<\/strong>; principalmente en territorios de religi\u00f3n protestante, puesto que <strong>Mart\u00edn Lutero<\/strong> y otros reformadores fueron especialmente agresivos en su condena de la brujer\u00eda. En 1657, mediante una nueva bula papal, el Vaticano prohibi\u00f3 la caza de brujas, pero esta no se detuvo en los territorios ajenos a la autoridad del papa. En 1782 se produjo en la poblaci\u00f3n suiza de Glarus el \u00faltimo juicio por brujer\u00eda del que se tiene noticia: <strong>Anna G\u00f6ldi<\/strong>, una sirvienta dom\u00e9stica acusada de infanticidio mediante magia negra.<\/span><\/p>\n<p>&nbsp;<\/p>\n<\/div>\n<\/div>\n<\/aside>\n<p><img loading=\"lazy\" decoding=\"async\" class=\"aligncenter wp-image-2310580\" src=\"https:\/\/puntocritico.com\/ausajpuntocritico\/wp-content\/uploads\/2025\/08\/El-Sabbath-de-los-brujos-3.png\" alt=\"\" width=\"330\" height=\"288\" \/><\/p>\n<p style=\"text-align: center;\"><span style=\"font-size: 18pt;\"><strong><span style=\"color: #008000;\">*******<\/span><\/strong><\/span><\/p>\n<h2 style=\"text-align: center;\"><span style=\"font-size: 24pt;\">BULA DE INOCENCIO VIII<\/span><\/h2>\n<p style=\"text-align: center;\"><em><strong><span style=\"font-size: 14pt;\">Inocencio, Obispo, Siervo de los siervos de Dios, para eterna memoria<\/span> <\/strong><\/em><\/p>\n<figure id=\"attachment_2310879\" aria-describedby=\"caption-attachment-2310879\" style=\"width: 280px\" class=\"wp-caption aligncenter\"><img loading=\"lazy\" decoding=\"async\" class=\"wp-image-2310879\" src=\"https:\/\/puntocritico.com\/ausajpuntocritico\/wp-content\/uploads\/2025\/08\/retrato-medievalista-de-INOCENCIO-VIII.jpg\" alt=\"\" width=\"280\" height=\"356\" \/><figcaption id=\"caption-attachment-2310879\" class=\"wp-caption-text\"><span style=\"color: #008000;\"><strong>Inocencio VIII<\/strong> (<em>G\u00e9nova, 1432-Roma, 25 de julio de 1492)<\/em>, nacido como <strong>Giovanni Battista Cybo<\/strong>, fue el 213\u00ba papa de la Iglesia cat\u00f3lica, cuyo pontificado dur\u00f3 desde 1484 hasta 1492.<\/span><\/figcaption><\/figure>\n<p>&nbsp;<\/p>\n<p style=\"text-align: justify;\"><span style=\"font-size: 14pt;\">Nos anhelamos con la m\u00e1s profunda ansiedad, tal como lo requiere Nuestro apostolado, que la Fe Cat\u00f3lica crezca y florezca por doquier, en especial en este Nuestro d\u00eda, y que toda depravaci\u00f3n her\u00e9tica sea alejada de los l\u00edmites y las fronteras de los fieles, y con gran dicha proclamamos y aun restablecemos los medios y m\u00e9todos particulares por cuyo intermedio Nuestro piadoso deseo pueda obtener su efecto esperado, puesto que cuando todos los errores hayan sido desarraigados por Muestra diligente obra, ayudada por la azada de un providente agricultor, el celo por nuestra Santa Fe y su regular observancia que dar\u00e1n impresos con m\u00e1s fuerza en los corazones de los fieles. <\/span><\/p>\n<p style=\"text-align: justify;\"><span style=\"font-size: 14pt;\">Por cierto que en los \u00faltimos tiempos lleg\u00f3 a Nuestros o\u00eddos, no sin afligirnos con la m\u00e1s amarga pena, la noticia de que en algunas partes de Alemania septentrional, as\u00ed como en las provincias, municipios, territorios, distritos y di\u00f3cesis de Magancia, Colonia, Tr\u00e9veris, Salzburgo y Bremen, muchas personas de uno y otro sexo, despreocupadas de su salvaci\u00f3n y apartadas de la Fe Cat\u00f3lica, se abandonaron a demonios, \u00edncubos y s\u00facubos, y con sus encantamientos, hechizos, conjuraciones y otros execrables embrujos y artificios, enormidades y horrendas ofensas, han matado ni\u00f1os que estaban a\u00fan en el \u00fatero materno, lo cual tambi\u00e9n hicieron con las cr\u00edas de los ganados; que arruinaron los productos de la tierra, las uvas de la vid, los frutos de los \u00e1rboles; m\u00e1s aun, a hombres y mujeres, animales de carga, reba\u00f1os y animales de otras clases, vi\u00f1edos, huertos, praderas, campos de pastoreo, trigo, cebada y todo otro cereal; estos desdichados, adem\u00e1s, acosan y atormentan a hombres y mujeres, animales de carga, reba\u00f1os y animales de otras clases, con terribles dolores y penosas enfermedades, tanto internas como exteriores; impiden a los hombres realizar el acto sexual y a las mujeres concebir, por lo cual los esposos no pueden conocer a sus mujeres, ni \u00e9stas recibir a aqu\u00e9llos; por a\u00f1adidura, en forma blasfema, renuncian a la Fe que les pertenece por el sacramento del Bautismo, y a instigaci\u00f3n del Enemigo de la Humanidad no se resguardan de cometer y perpetrar las m\u00e1s espantosas abominaciones y los m\u00e1s asquerosos excesos, con peligro moral para su alma, con lo cual ultrajan a la Divina Majestad y son causa de esc\u00e1ndalo y de peligro para muchos. <\/span><\/p>\n<p style=\"text-align: justify;\"><span style=\"font-size: 14pt;\">Y aunque Nuestros amados hijos <strong>Heinrich Kramer <\/strong>y <strong>Jacobus Sprenger<\/strong>, profesores de teolog\u00eda de la orden de los Frailes Predicadores, han sido nombrados, por medio de Cartas Apost\u00f3licas, Inquisidores de estas depravaciones her\u00e9ticas, y lo son a\u00fan, el primero en las ya mencionadas regiones de Alemania septentrional en las que se incluyen los ya citados municipios, distritos, di\u00f3cesis y otras localidades espec\u00edficas, y el segundo en ciertos territorios que se extienden a lo largo de las m\u00e1rgenes del R\u00edn, no obstante ello, no pocos cl\u00e9rigos y laicos de dichos pa\u00edses tratan, con excesiva curiosidad, de enterarse de m\u00e1s cosas de las que les conciernen, y como en las ya aludidas cartas delegatorias no hay menci\u00f3n expresa y espec\u00edfica del nombre de estas provincias, municipios, di\u00f3cesis y distritos, y dado que los dos delegados y las abominaciones que deber\u00e1n enfrentar no se designan en forma detallada y especial, esas personas no se averg\u00fcenzan de aseverar, con la m\u00e1s absoluta desfachatez, que dichas enormidades no se practican en aquellas provincias, y que en consecuencia los mencionados Inquisidores no tienen el derecho legal de ejercer sus poderes inquisitoriales en las provincias, municipios, di\u00f3cesis, distritos y territorios antes referidos, y que no pueden continuar castigando, condenando a prisi\u00f3n y corrigiendo a criminales convictos de las atroces ofensas y de las muchas maldades que se han expuesto. <\/span><\/p>\n<p style=\"text-align: justify;\"><span style=\"font-size: 14pt;\">Por consiguiente, en las referidas provincias, municipios, di\u00f3<\/span><span style=\"font-size: 14pt;\">cesis y distritos, las abominaciones y enormidades de que se trata permaneces apunes, no sin manifiesto peligro para las almas de muchos y amenaza d8 eterna condenaci\u00f3n.<\/span><\/p>\n<p style=\"text-align: justify;\"><span style=\"font-size: 14pt;\">Por cuanto Nos, como es Nuestro deber, Nos sentimos profundamente deseosos de eliminar todos los impedimentos y obst\u00e1culos que pudieren retardar y dificultar la buena obra de los Inquisidores, as\u00ed como de aplicar potentes remedios para impedir que la enfermedad de la herej\u00eda y otras infamia dan su ponzo\u00f1a pace destrucci\u00f3n de muchas almas inocentes, y como Nuestro celo por la Fe nos incita a ello en especial, y para que estas provincias, municipios, di\u00f3cesis, distritos y de Alemania, que ya hemos especificado, no se vean privados de los beneficios del Santo Oficio a ellos asignado, por el tenor de estos presentes, y en virtud de Nuestra autoridad Apost\u00f3lica, decretamos y mandamos que los mencionados Inquisidores tengan poderes para proceder a la correcci\u00f3n, encarcelamiento y castigo justos de cualesquiera personas, sin impedimento ni obst\u00e1culo algunos, en todas las maneras, como si las provincias, municipios, di\u00f3cesis, distritos, territorios, e inclusive las personas y sus delitos, hubiesen sido espec\u00edficamente nombrados y particularmente designados en Nuestras cartas. <\/span><\/p>\n<p style=\"text-align: justify;\"><span style=\"font-size: 14pt;\">M\u00e1s aun, decimos, y para mayor seguridad extendemos estas cartas, de delegaci\u00f3n de esta autoridad, de modo que alcancen a las aludidas provincias, municipios, di\u00f3cesis, distritos y territorios, personas y delitos ahora referidos, y otorgamos permiso a los antedichos Inquisidores, a cada uno de ellos por separado o a ambos, as\u00ed como tambi\u00e9n a Nuestro amado hijo <strong>Juan Gremper,<\/strong> cura de la <em>di\u00f3cesis de Constanza<\/em>, Maestro en Artes, como su notario, o a cualquier otro notario p\u00fablico que estuviere junto a ellos, o junto a uno de ellas, temporariamente delegado en las provincias, municipios, di\u00f3cesis, distritos y aludidos territorios, para proceder, en consonancia con las reglas de la Inquisici\u00f3n, contra cualesquiera personas, sin distinci\u00f3n de rango ni estado patrimonial, y para corregir, multar, encarcelar y castigar seg\u00fan lo merezcan sus delitos, a quienes hubieren sido hallados culpables, adapt\u00e1ndose la pena al grado del delito. <\/span><\/p>\n<p style=\"text-align: justify;\"><span style=\"font-size: 14pt;\">M\u00e1s aun, decimos que disfrutar\u00e1n de la plena y total facultad de exponer y predicar la palabra de Dios a los fieles, tan a menudo como la oportunidad se presentare y a ellos les pareciere adecuada, en todas y cada una de las iglesias parroquiales de dichas provincias, y podr\u00e1n celebrar libre y legalmente cualesquiera ritos o realizar cualesquiera actos que parecieren aconsejables en los casos mencionados. <\/span><\/p>\n<p style=\"text-align: justify;\"><span style=\"font-size: 14pt;\">Por Nuestra suprema Autoridad, les garantizamos nuevamente facultades plenas y totales.<\/span><\/p>\n<p>&nbsp;<\/p>\n<figure id=\"attachment_2310880\" aria-describedby=\"caption-attachment-2310880\" style=\"width: 280px\" class=\"wp-caption aligncenter\"><img loading=\"lazy\" decoding=\"async\" class=\"wp-image-2310880\" src=\"https:\/\/puntocritico.com\/ausajpuntocritico\/wp-content\/uploads\/2025\/08\/Innocent_VIII.jpg\" alt=\"\" width=\"280\" height=\"280\" srcset=\"https:\/\/puntocritico.com\/ausajpuntocritico\/wp-content\/uploads\/2025\/08\/Innocent_VIII.jpg 225w, https:\/\/puntocritico.com\/ausajpuntocritico\/wp-content\/uploads\/2025\/08\/Innocent_VIII-150x150.jpg 150w\" sizes=\"auto, (max-width: 280px) 100vw, 280px\" \/><figcaption id=\"caption-attachment-2310880\" class=\"wp-caption-text\"><span style=\"color: #008000;\">Inocencio VIII<\/span><\/figcaption><\/figure>\n<p>&nbsp;<\/p>\n<p style=\"text-align: justify;\"><span style=\"font-size: 14pt;\">Al mismo tiempo, y por Cartas Apost\u00f3licas, solicitamos a Nuestro venerable Hermano el <em><strong>Obispo de Estrasburgo<\/strong><\/em> que por si mismo anuncie o por medio de otros haga anunciar el contenido de Nuestra Bula, que publicar\u00e1 con solemnidad cuando y siempre lo considere necesario, o cuando ambos Inquisidores o uno de ellos le pidan que lo haga. <\/span><\/p>\n<p style=\"text-align: justify;\"><span style=\"font-size: 14pt;\">Tambi\u00e9n procurar\u00e1 que en obediencia a Nuestro mandato no se los moleste ni obstaculice por autoridad ninguna, sino que amenazar\u00e1 a todos los que intenten molestar o atemorizar a los Inquisidores, a todos los que se les opongan, a esos los rebeldes, cualesquiera fuere su rango, fortuna, posici\u00f3n, preeminencia, dignidad o condici\u00f3n, o cualesquiera sean los privilegios de exenci\u00f3n que puedan reclamar, con la excomuni\u00f3n, la suspensi\u00f3n, la interdicci\u00f3n y penalidades, censuras y castigos aun m\u00e1s terribles, como a \u00e9l le pluguiere, y sin derecho alguno a apelaci\u00f3n, y que seg\u00fan su deseo puede por Nuestra autoridad acentuar y renovar estas penalidades, tan a menudo como lo encontrare conveniente, y llamar en su ayuda, si as\u00ed lo deseare, al <strong><em>brazo Secular<\/em><\/strong>.<\/span><\/p>\n<p style=\"text-align: justify;\"><span style=\"font-size: 14pt;\">Non obstantibus . . . <\/span><\/p>\n<p style=\"text-align: justify;\"><span style=\"font-size: 14pt;\">Que ning\u00fan hombre, por lo tanto. Pero si alguno se atreviere a hacen tal cosa, Dios no lo quiera,. hacedle saber que sobre \u00e9l caer\u00e1 la ira de Dios todopoderoso, y de los Santos Ap\u00f3stoles Pedro y Pablo.<\/span><\/p>\n<p>&nbsp;<\/p>\n<p style=\"text-align: right;\"><span style=\"font-size: 14pt;\">Dado en Roma, en San Pedro, el 9 de diciembre del A\u00f1o de la Encarnaci\u00f3n de Nuestro Se\u00f1or un mil y cuatrocientos y cuarenta y ocho, en el primer A\u00f1o de Nuestro pontificado.<\/span><\/p>\n<p>&nbsp;<\/p>\n<figure id=\"attachment_2310884\" aria-describedby=\"caption-attachment-2310884\" style=\"width: 300px\" class=\"wp-caption aligncenter\"><img loading=\"lazy\" decoding=\"async\" class=\"wp-image-2310884\" src=\"https:\/\/puntocritico.com\/ausajpuntocritico\/wp-content\/uploads\/2025\/08\/Tumba-de-Inocencio-VIII-en-la-Basilica-de-San-Pedro-225x300.jpg\" alt=\"\" width=\"300\" height=\"400\" srcset=\"https:\/\/puntocritico.com\/ausajpuntocritico\/wp-content\/uploads\/2025\/08\/Tumba-de-Inocencio-VIII-en-la-Basilica-de-San-Pedro-225x300.jpg 225w, https:\/\/puntocritico.com\/ausajpuntocritico\/wp-content\/uploads\/2025\/08\/Tumba-de-Inocencio-VIII-en-la-Basilica-de-San-Pedro.jpg 500w\" sizes=\"auto, (max-width: 300px) 100vw, 300px\" \/><figcaption id=\"caption-attachment-2310884\" class=\"wp-caption-text\"><span style=\"color: #008000;\">Tumba de Inocencio VIII en la Bas\u00edlica de San Pedro<\/span><\/figcaption><\/figure>\n<p style=\"text-align: center;\"><span style=\"font-size: 18pt;\"><strong><span style=\"color: #008000;\">*******<\/span><\/strong><\/span><\/p>\n<blockquote class=\"wp-embedded-content\" data-secret=\"oE3plBBMpm\"><p><a href=\"https:\/\/puntocritico.com\/ausajpuntocritico\/2021\/03\/27\/las-brujas-de-salem-un-alegato-contra-la-tirania-las-brujas-de-salem-1957-pelicula-basada-en-la-obra-de-arthur-miller\/\">UN ALEGATO CONTRA LA TIRAN\u00cdA: \u00abLAS BRUJAS DE SALEM\u00bb (1957), pel\u00edcula basada en la obra de Arthur Miller, con guion de Jean-Paul Sartre<\/a><\/p><\/blockquote>\n<p><iframe loading=\"lazy\" class=\"wp-embedded-content\" sandbox=\"allow-scripts\" security=\"restricted\" style=\"position: absolute; visibility: hidden;\" title=\"\u00abUN ALEGATO CONTRA LA TIRAN\u00cdA: \u00abLAS BRUJAS DE SALEM\u00bb (1957), pel\u00edcula basada en la obra de Arthur Miller, con guion de Jean-Paul Sartre\u00bb \u2014 Punto Cr\u00edtico Derechos Humanos\" src=\"https:\/\/puntocritico.com\/ausajpuntocritico\/2021\/03\/27\/las-brujas-de-salem-un-alegato-contra-la-tirania-las-brujas-de-salem-1957-pelicula-basada-en-la-obra-de-arthur-miller\/embed\/#?secret=zUjmykjvUe#?secret=oE3plBBMpm\" data-secret=\"oE3plBBMpm\" width=\"500\" height=\"282\" frameborder=\"0\" marginwidth=\"0\" marginheight=\"0\" scrolling=\"no\"><\/iframe><\/p>\n<blockquote class=\"wp-embedded-content\" data-secret=\"DJBnIjNeRj\"><p><a href=\"https:\/\/puntocritico.com\/ausajpuntocritico\/2022\/08\/06\/haxan-la-brujeria-a-traves-de-los-tiempos-documental-2\/\">H\u00e4xan: La brujer\u00eda a trav\u00e9s de los tiempos (Documental)<\/a><\/p><\/blockquote>\n<p><iframe loading=\"lazy\" class=\"wp-embedded-content\" sandbox=\"allow-scripts\" security=\"restricted\" style=\"position: absolute; visibility: hidden;\" title=\"\u00abH\u00e4xan: La brujer\u00eda a trav\u00e9s de los tiempos (Documental)\u00bb \u2014 Punto Cr\u00edtico Derechos Humanos\" src=\"https:\/\/puntocritico.com\/ausajpuntocritico\/2022\/08\/06\/haxan-la-brujeria-a-traves-de-los-tiempos-documental-2\/embed\/#?secret=cMBiURFLRg#?secret=DJBnIjNeRj\" data-secret=\"DJBnIjNeRj\" width=\"500\" height=\"282\" frameborder=\"0\" marginwidth=\"0\" marginheight=\"0\" scrolling=\"no\"><\/iframe><\/p>\n<blockquote class=\"wp-embedded-content\" data-secret=\"3e6IxiiVGm\"><p><a href=\"https:\/\/puntocritico.com\/ausajpuntocritico\/2025\/08\/19\/el-proceso-penal-inquisitivo\/\">El Proceso Penal Inquisitivo<\/a><\/p><\/blockquote>\n<p><iframe loading=\"lazy\" class=\"wp-embedded-content\" sandbox=\"allow-scripts\" security=\"restricted\" style=\"position: absolute; visibility: hidden;\" title=\"\u00abEl Proceso Penal Inquisitivo\u00bb \u2014 Punto Cr\u00edtico Derechos Humanos\" src=\"https:\/\/puntocritico.com\/ausajpuntocritico\/2025\/08\/19\/el-proceso-penal-inquisitivo\/embed\/#?secret=auD9PfyILV#?secret=3e6IxiiVGm\" data-secret=\"3e6IxiiVGm\" width=\"500\" height=\"282\" frameborder=\"0\" marginwidth=\"0\" marginheight=\"0\" scrolling=\"no\"><\/iframe><\/p>\n<p>&nbsp;<\/p>\n<div>\u00a0<\/div>\n<div id=\"info\" class=\"style-scope ytd-video-primary-info-renderer\"><a href=\"https:\/\/puntocritico.com\/ausajpuntocritico\/author\/punto-critico\/\"><img loading=\"lazy\" decoding=\"async\" class=\"aligncenter wp-image-9528\" src=\"https:\/\/puntocritico.com\/ausajpuntocritico\/wp-content\/uploads\/2018\/03\/Mosca_Punto_Cr\u00edtico_40.png\" alt=\"\" width=\"80\" height=\"80\" data-id=\"9528\" \/><\/a><\/div>\n<p>&nbsp;<\/p>\n","protected":false},"excerpt":{"rendered":"<div class=\"mh-excerpt\"><p>Malleus Maleficarum &nbsp; Malleus Maleficarum (\u00abEl Martillo de las Brujas\u00bb) De Heinrich Kramer y Jacob Sprenger Por Antonio F. Rodr\u00edguez La antigua Biblos, 2015 &nbsp; El\u00a0\u00abMartillo de brujas\u00bb\u00a0(Malleus Maleficarum\u00a0en lat\u00edn) es una obra publicada en <a class=\"mh-excerpt-more\" href=\"https:\/\/puntocritico.com\/ausajpuntocritico\/2025\/08\/18\/malleus-maleficarum\/\" title=\"Malleus Maleficarum (\u00abEl Martillo de las Brujas\u00bb), de los Inquisidores Heinrich Kramer y Jacob Sprenger (1487)\">[&#8230;]<\/a><\/p>\n<\/div>","protected":false},"author":3,"featured_media":2310888,"comment_status":"closed","ping_status":"closed","sticky":false,"template":"","format":"standard","meta":{"_acf_changed":false,"_exactmetrics_skip_tracking":false,"_exactmetrics_sitenote_active":false,"_exactmetrics_sitenote_note":"","_exactmetrics_sitenote_category":0,"footnotes":""},"categories":[10],"tags":[],"class_list":{"0":"post-2310568","1":"post","2":"type-post","3":"status-publish","4":"format-standard","5":"has-post-thumbnail","7":"category-miscelanea"},"acf":[],"_links":{"self":[{"href":"https:\/\/puntocritico.com\/ausajpuntocritico\/wp-json\/wp\/v2\/posts\/2310568","targetHints":{"allow":["GET"]}}],"collection":[{"href":"https:\/\/puntocritico.com\/ausajpuntocritico\/wp-json\/wp\/v2\/posts"}],"about":[{"href":"https:\/\/puntocritico.com\/ausajpuntocritico\/wp-json\/wp\/v2\/types\/post"}],"author":[{"embeddable":true,"href":"https:\/\/puntocritico.com\/ausajpuntocritico\/wp-json\/wp\/v2\/users\/3"}],"replies":[{"embeddable":true,"href":"https:\/\/puntocritico.com\/ausajpuntocritico\/wp-json\/wp\/v2\/comments?post=2310568"}],"version-history":[{"count":0,"href":"https:\/\/puntocritico.com\/ausajpuntocritico\/wp-json\/wp\/v2\/posts\/2310568\/revisions"}],"wp:featuredmedia":[{"embeddable":true,"href":"https:\/\/puntocritico.com\/ausajpuntocritico\/wp-json\/wp\/v2\/media\/2310888"}],"wp:attachment":[{"href":"https:\/\/puntocritico.com\/ausajpuntocritico\/wp-json\/wp\/v2\/media?parent=2310568"}],"wp:term":[{"taxonomy":"category","embeddable":true,"href":"https:\/\/puntocritico.com\/ausajpuntocritico\/wp-json\/wp\/v2\/categories?post=2310568"},{"taxonomy":"post_tag","embeddable":true,"href":"https:\/\/puntocritico.com\/ausajpuntocritico\/wp-json\/wp\/v2\/tags?post=2310568"}],"curies":[{"name":"wp","href":"https:\/\/api.w.org\/{rel}","templated":true}]}}