{"id":2310562,"date":"2025-08-19T00:05:57","date_gmt":"2025-08-18T22:05:57","guid":{"rendered":"https:\/\/puntocritico.com\/ausajpuntocritico\/?p=2310562"},"modified":"2025-08-20T19:47:51","modified_gmt":"2025-08-20T17:47:51","slug":"el-proceso-penal-inquisitivo","status":"publish","type":"post","link":"https:\/\/puntocritico.com\/ausajpuntocritico\/2025\/08\/19\/el-proceso-penal-inquisitivo\/","title":{"rendered":"El Proceso Penal Inquisitivo"},"content":{"rendered":"<p style=\"text-align: justify;\"><span style=\"color: #008000; font-size: 14pt;\">El Proceso Penal Inquisitivo<\/span><\/p>\n\n<p>&nbsp;<\/p>\n<p style=\"text-align: right;\"><em><span style=\"font-size: 14pt;\">\u00abLa balanza ha dejado de ser adecuada, y el \u00fanico s\u00edmbolo valedero que le queda a la Justicia es la espada\u00bb.<\/span><\/em><\/p>\n<p style=\"text-align: right;\"><em><span style=\"font-size: 14pt;\">\u00ab\u00a1Qu\u00e9 hermosa es la justicia cuando espont\u00e1neamente surge en un bote de n\u00e1ufragos! Hay justicia entre los prisioneros y en cualquier comunidad de esclavos. El hombre en sociedad es naturalmente justo, porque la sociedad, si es digna de su nombre, tiene por v\u00ednculo la mutua consideraci\u00f3n. Es el hombre deshumanizado, reducido a la unidad, a cifra de orden, el que ya no tiene sentido de la justicia\u00bb.<\/span><\/em><\/p>\n<p style=\"text-align: right;\"><a href=\"https:\/\/puntocritico.com\/ausajpuntocritico\/2023\/07\/25\/acerca-de-la-justicia\/\"><span style=\"font-size: 14pt;\">Herbert Read<\/span><\/a><\/p>\n<p>&nbsp;<\/p>\n<h2 style=\"text-align: center;\"><span style=\"font-size: 24pt;\"><strong>El Proceso Penal Inquisitivo: Origen, Doctrina y Legado de un Sistema Judicial<\/strong><\/span><\/h2>\n<p style=\"text-align: center;\"><img loading=\"lazy\" decoding=\"async\" class=\"aligncenter wp-image-2311040 size-full\" src=\"https:\/\/puntocritico.com\/ausajpuntocritico\/wp-content\/uploads\/2025\/08\/Los-diositos-justicia-elroto-lqsomos.webp\" alt=\"\" width=\"418\" height=\"476\" srcset=\"https:\/\/puntocritico.com\/ausajpuntocritico\/wp-content\/uploads\/2025\/08\/Los-diositos-justicia-elroto-lqsomos.webp 418w, https:\/\/puntocritico.com\/ausajpuntocritico\/wp-content\/uploads\/2025\/08\/Los-diositos-justicia-elroto-lqsomos-263x300.webp 263w\" sizes=\"auto, (max-width: 418px) 100vw, 418px\" \/><\/p>\n<p>&nbsp;<\/p>\n<h3 style=\"text-align: center;\"><span style=\"font-size: 18pt;\"><strong>Secci\u00f3n I: Fundamentos Doctrinales del Sistema Inquisitivo<\/strong><\/span><\/h3>\n<h4 style=\"text-align: justify;\"><span style=\"font-size: 14pt;\"><strong>1.1. Definici\u00f3n y Principios Rectores<\/strong><\/span><\/h4>\n<p><img loading=\"lazy\" decoding=\"async\" class=\"aligncenter wp-image-2310859\" src=\"https:\/\/puntocritico.com\/ausajpuntocritico\/wp-content\/uploads\/2025\/08\/Modelos-acusatorio-e-inquisitivo-caricatura-1-300x169.jpg\" alt=\"El Proceso Penal Inquisitivo\" width=\"480\" height=\"270\" srcset=\"https:\/\/puntocritico.com\/ausajpuntocritico\/wp-content\/uploads\/2025\/08\/Modelos-acusatorio-e-inquisitivo-caricatura-1-300x169.jpg 300w, https:\/\/puntocritico.com\/ausajpuntocritico\/wp-content\/uploads\/2025\/08\/Modelos-acusatorio-e-inquisitivo-caricatura-1-678x381.jpg 678w, https:\/\/puntocritico.com\/ausajpuntocritico\/wp-content\/uploads\/2025\/08\/Modelos-acusatorio-e-inquisitivo-caricatura-1.jpg 686w\" sizes=\"auto, (max-width: 480px) 100vw, 480px\" \/><\/p>\n<p>&nbsp;<\/p>\n<p style=\"text-align: justify;\"><span style=\"font-size: 14pt;\">El proceso penal inquisitivo representa un paradigma de enjuiciamiento criminal cuya caracter\u00edstica esencial y definitoria es la <strong>concentraci\u00f3n de las funciones de investigar, acusar y juzgar en una \u00fanica autoridad<\/strong>. En este modelo, es un solo \u00f3rgano, t\u00edpicamente un juez, el que asume la responsabilidad de indagar los hechos presuntamente delictivos, formular los cargos contra el sospechoso y, finalmente, emitir un veredicto sobre su culpabilidad o inocencia. <\/span><\/p>\n<p style=\"text-align: justify;\"><span style=\"font-size: 14pt;\">Esta estructura monol\u00edtica se erige como <strong>la ant\u00edtesis fundamental del sistema acusatorio<\/strong>, el cual se basa en una configuraci\u00f3n trilateral donde un fiscal acusa, una defensa protege al imputado y un tribunal imparcial juzga, actuando como un \u00e1rbitro pasivo entre las partes contendientes.<\/span><\/p>\n<p style=\"text-align: justify;\"><span style=\"font-size: 14pt;\">El motor de este sistema es el <strong>principio de oficiosidad<\/strong>, que faculta y obliga al juez a iniciar el procedimiento de oficio (<em>ex officio<\/em>) ante la mera noticia de un posible delito (<em>notitia criminis<\/em>).<\/span><\/p>\n<p>&nbsp;<\/p>\n<blockquote>\n<p style=\"text-align: center;\"><strong><span style=\"font-size: 14pt; color: #008000;\">A diferencia del modelo acusatorio, que requiere un acto formal de acusaci\u00f3n por parte de un particular o de un \u00f3rgano estatal espec\u00edfico para activarse, el juez inquisidor puede poner en marcha la maquinaria judicial bas\u00e1ndose en rumores (<em>fama p\u00fablica<\/em>), delaciones o denuncias que a menudo eran secretas y an\u00f3nimas<\/span><\/strong><\/p>\n<\/blockquote>\n<p>&nbsp;<\/p>\n<p><img loading=\"lazy\" decoding=\"async\" class=\"aligncenter wp-image-2311039 size-full\" src=\"https:\/\/puntocritico.com\/ausajpuntocritico\/wp-content\/uploads\/2025\/08\/justicia-roto-3.png\" alt=\"\" width=\"351\" height=\"400\" srcset=\"https:\/\/puntocritico.com\/ausajpuntocritico\/wp-content\/uploads\/2025\/08\/justicia-roto-3.png 351w, https:\/\/puntocritico.com\/ausajpuntocritico\/wp-content\/uploads\/2025\/08\/justicia-roto-3-263x300.png 263w\" sizes=\"auto, (max-width: 351px) 100vw, 351px\" \/><\/p>\n<p>&nbsp;<\/p>\n<p style=\"text-align: justify;\"><span style=\"font-size: 14pt;\">A diferencia del modelo acusatorio, que requiere un acto formal de acusaci\u00f3n por parte de un particular o de un \u00f3rgano estatal espec\u00edfico para activarse, el juez inquisidor puede poner en marcha la maquinaria judicial bas\u00e1ndose en rumores (<em>fama p\u00fablica<\/em>), delaciones o denuncias que a menudo eran secretas y an\u00f3nimas. <strong>Esta capacidad de actuar por iniciativa propia elimina la figura del acusador como un ente separado y fusiona su rol con el del juzgador<\/strong>, subvirtiendo el principio fundamental de que nadie puede ser juez en su propia causa (<em>nemo iudex in sua causa<\/em>).<\/span><\/p>\n<p>&nbsp;<\/p>\n<blockquote>\n<p style=\"text-align: center;\"><span style=\"color: #008000;\"><strong><span style=\"font-size: 14pt;\">Esta capacidad de actuar por iniciativa propia elimina la figura del acusador como un ente separado y fusiona su rol con el del juzgador, subvirtiendo el principio fundamental de que nadie puede ser juez en su propia causa (<a href=\"https:\/\/tribunainternacional.uchile.cl\/index.php\/RTI\/article\/view\/36983\" target=\"_blank\" rel=\"noopener\" data-schema-attribute=\"\"><em>nemo iudex in sua causa<\/em><\/a>)<\/span><\/strong><\/span><\/p>\n<\/blockquote>\n<p>&nbsp;<\/p>\n<p style=\"text-align: justify;\"><span style=\"font-size: 14pt;\">La operatividad del sistema se articula a trav\u00e9s de un procedimiento que es, por naturaleza, <strong>secreto, escrito y discontinuo<\/strong>. El <strong>secreto sumarial<\/strong> no es una medida excepcional, sino la regla general que envuelve la fase de investigaci\u00f3n. <strong>El acceso a las actuaciones est\u00e1 vedado no solo al p\u00fablico, sino en gran medida al propio acusado, quien a menudo desconoce los detalles de la prueba acumulada en su contra<\/strong>. <\/span><\/p>\n<p style=\"text-align: justify;\"><span style=\"font-size: 14pt;\">Todo el proceso se materializa en la construcci\u00f3n de un expediente, un legajo de documentos que se va engrosando con declaraciones, informes y diligencias. <strong>Esta dependencia de la forma escrita es absoluta<\/strong>, consagrando el aforismo de que <\/span><\/p>\n<blockquote>\n<p style=\"text-align: justify;\"><span style=\"color: #008000;\"><strong><span style=\"font-size: 14pt;\">\u00ab<em>lo que no existe en el expediente, no existe para el proceso<\/em>\u00ab.<\/span><\/strong><\/span><\/p>\n<\/blockquote>\n<p>&nbsp;<\/p>\n<p style=\"text-align: justify;\"><span style=\"font-size: 14pt;\">Finalmente, el <strong>car\u00e1cter discontinuo o fragmentado<\/strong> del procedimiento implica que las diligencias se practican a lo largo del tiempo sin la necesidad de unidad de acto, lo que contribuye a su <strong>lentitud y burocratizaci\u00f3n<\/strong>. <\/span><\/p>\n<p style=\"text-align: justify;\"><span style=\"font-size: 14pt;\">Estos tres pilares \u2014secreto, escritura y discontinuidad\u2014 impiden estructuralmente la vigencia de los principios de publicidad, oralidad, contradicci\u00f3n e inmediaci\u00f3n que definen al proceso acusatorio moderno.<\/span><\/p>\n<p>&nbsp;<\/p>\n<blockquote>\n<p style=\"text-align: center;\"><strong><span style=\"font-size: 14pt; color: #008000;\">Estos tres pilares \u2014secreto, escritura y discontinuidad\u2014 impiden estructuralmente la vigencia de los principios de publicidad, oralidad, contradicci\u00f3n e inmediaci\u00f3n que definen al proceso acusatorio moderno.<\/span><\/strong><\/p>\n<\/blockquote>\n<p>&nbsp;<\/p>\n<p><img loading=\"lazy\" decoding=\"async\" class=\"aligncenter wp-image-2311042 size-full\" src=\"https:\/\/puntocritico.com\/ausajpuntocritico\/wp-content\/uploads\/2025\/08\/juez-que-amenaza-con-el-mazo-1.webp\" alt=\"\" width=\"480\" height=\"270\" srcset=\"https:\/\/puntocritico.com\/ausajpuntocritico\/wp-content\/uploads\/2025\/08\/juez-que-amenaza-con-el-mazo-1.webp 480w, https:\/\/puntocritico.com\/ausajpuntocritico\/wp-content\/uploads\/2025\/08\/juez-que-amenaza-con-el-mazo-1-300x169.webp 300w\" sizes=\"auto, (max-width: 480px) 100vw, 480px\" \/><\/p>\n<p>&nbsp;<\/p>\n<p style=\"text-align: justify;\"><span style=\"font-size: 14pt;\">El dise\u00f1o del sistema inquisitivo no puede entenderse como una colecci\u00f3n arbitraria de pr\u00e1cticas severas, sino como <strong>una estructura l\u00f3gicamente coherente, concebida para abordar un desaf\u00edo espec\u00edfico para el cual los modelos procesales existentes eran ineficaces: la persecuci\u00f3n de la herej\u00eda y otros delitos de conciencia<\/strong>. <\/span><\/p>\n<p style=\"text-align: justify;\"><span style=\"font-size: 14pt;\">Un delito como la <strong><em>herej\u00eda<\/em> <\/strong>es, en su esencia, un acto interno de creencia que puede carecer de manifestaciones externas evidentes o de una v\u00edctima directa que presente una acusaci\u00f3n formal.\u00a0<\/span><span style=\"font-size: 14pt;\"><strong>El sistema acusatorio tradicional, dependiente de una <em>accusatio<\/em> p\u00fablica, resultaba impotente ante este tipo de transgresi\u00f3n<\/strong>. <\/span><\/p>\n<p style=\"text-align: justify;\"><span style=\"font-size: 14pt;\"><strong>Esta ineficacia funcional fue la causa directa que impuls\u00f3 la creaci\u00f3n de un nuevo modelo<\/strong>. La <strong>oficiosidad judicial<\/strong> surgi\u00f3 como la soluci\u00f3n a la ausencia de un acusador. El <strong>secreto procesal<\/strong> se justific\u00f3 como una necesidad para proteger a los delatores y para desarticular redes clandestinas de disidentes. La <strong>presunci\u00f3n de culpabilidad<\/strong> se convirti\u00f3 en una consecuencia l\u00f3gica de un procedimiento en el que el acusado, ignorante de los cargos precisos, era compelido a examinar su conciencia y confesar para purgar tanto su alma como su delito. <\/span><\/p>\n<p>&nbsp;<\/p>\n<blockquote>\n<p style=\"text-align: center;\"><strong><span style=\"font-size: 14pt; color: #008000;\">El secreto procesal se justific\u00f3 como una necesidad para proteger a los delatores y para desarticular redes clandestinas de disidentes. <\/span><\/strong><\/p>\n<p style=\"text-align: center;\"><strong><span style=\"font-size: 14pt; color: #008000;\">La presunci\u00f3n de culpabilidad se convirti\u00f3 en una consecuencia l\u00f3gica de un procedimiento en el que el acusado, ignorante de los cargos precisos, era compelido a examinar su conciencia y confesar para purgar tanto su alma como su delito.<\/span><\/strong><\/p>\n<\/blockquote>\n<p>&nbsp;<\/p>\n<p style=\"text-align: justify;\"><span style=\"font-size: 14pt;\">En esta arquitectura, <strong>la <em>tortura<\/em> se racionaliz\u00f3 no como un castigo, sino como una herramienta procesal indispensable para obtener la <em>confesi\u00f3n<\/em>, considerada la \u00fanica prueba irrefutable de un pensamiento oculto<\/strong>. <\/span><\/p>\n<p style=\"text-align: justify;\"><span style=\"font-size: 14pt;\">As\u00ed, las caracter\u00edsticas que <strong>desde una perspectiva moderna se consideran sus mayores defectos -la falta de garant\u00edas, la opacidad y la crueldad-<\/strong> eran, desde la propia teleolog\u00eda del sistema, los elementos necesarios para asegurar su eficacia.<\/span><\/p>\n<p>&nbsp;<\/p>\n<p><a href=\"https:\/\/puntocritico.com\/ausajpuntocritico\/2021\/07\/11\/historia-de-las-persecuciones-politicas-y-religiosas-en-europa-capitulos-xi-xii-y-xiii-luis-viii-y-la-cruzada-contra-los-albigenses-en-1224-santo-domingo-de-guzman-y-el-imperio-de-la-inquisicion-e\/\" target=\"_blank\" rel=\"noopener\" data-schema-attribute=\"\"><img loading=\"lazy\" decoding=\"async\" class=\"aligncenter wp-image-2209435\" src=\"https:\/\/puntocritico.com\/ausajpuntocritico\/wp-content\/uploads\/2021\/05\/inquisisicon-300x199.jpg\" alt=\"\" width=\"440\" height=\"292\" srcset=\"https:\/\/puntocritico.com\/ausajpuntocritico\/wp-content\/uploads\/2021\/05\/inquisisicon-300x199.jpg 300w, https:\/\/puntocritico.com\/ausajpuntocritico\/wp-content\/uploads\/2021\/05\/inquisisicon-610x405.jpg 610w, https:\/\/puntocritico.com\/ausajpuntocritico\/wp-content\/uploads\/2021\/05\/inquisisicon-678x452.jpg 678w, https:\/\/puntocritico.com\/ausajpuntocritico\/wp-content\/uploads\/2021\/05\/inquisisicon.jpg 680w\" sizes=\"auto, (max-width: 440px) 100vw, 440px\" \/><\/a><\/p>\n<p>&nbsp;<\/p>\n<h4 style=\"text-align: justify;\"><span style=\"font-size: 14pt;\"><strong>1.2. La Posici\u00f3n del Acusado y la Inversi\u00f3n de la Carga de la Prueba<\/strong><\/span><\/h4>\n<p style=\"text-align: justify;\"><span style=\"font-size: 14pt;\"><em>Dentro de la estructura inquisitiva, la figura del acusado sufre una transformaci\u00f3n radical. Deja de ser un sujeto de derechos procesales para convertirse en un mero<\/em> <strong>objeto de investigaci\u00f3n<\/strong>. El sistema no lo concibe como una parte en igualdad de condiciones frente al acusador, sino como la fuente principal de la cual se debe extraer la verdad. Su participaci\u00f3n en la investigaci\u00f3n es pasiva, y su derecho a la defensa se ve severamente restringido, pues <strong>a menudo se enfrenta al proceso sin conocer la identidad de sus acusadores ni la naturaleza exacta de los cargos que pesan en su contra<\/strong>.<\/span><\/p>\n<p>&nbsp;<\/p>\n<blockquote>\n<p style=\"text-align: center;\"><strong><span style=\"font-size: 14pt; color: #008000;\">Dentro de la estructura inquisitiva, la figura del acusado sufre una transformaci\u00f3n radical. Deja de ser un sujeto de derechos procesales para convertirse en un mero objeto de investigaci\u00f3n. <\/span><\/strong><\/p>\n<p style=\"text-align: center;\"><strong><span style=\"font-size: 14pt; color: #008000;\">A menudo se enfrenta al proceso sin conocer la identidad de sus acusadores ni la naturaleza exacta de los cargos que pesan en su contra. <\/span><\/strong><\/p>\n<p style=\"text-align: center;\"><strong><span style=\"font-size: 14pt; color: #008000;\"><span style=\"font-size: 14pt;\">Este enfoque se fundamenta en una inversi\u00f3n de facto de la presunci\u00f3n de inocencia.<\/span><\/span><\/strong><\/p>\n<\/blockquote>\n<p>&nbsp;<\/p>\n<p style=\"text-align: justify;\"><span style=\"font-size: 14pt;\"><strong>Este enfoque se fundamenta en una inversi\u00f3n de facto de la presunci\u00f3n de inocencia.<\/strong> Aunque no siempre se formulase expl\u00edcitamente, el sistema opera sobre la base de una <strong>presunci\u00f3n de culpabilidad<\/strong> (<em>opinio malis<\/em>), que surge de la <strong>mera sospecha<\/strong> (<em>suspicia<\/em>) o de la <strong>difamaci\u00f3n<\/strong> (<em>diffamatio<\/em>).<\/span><\/p>\n<p>&nbsp;<\/p>\n<blockquote>\n<p style=\"text-align: center;\"><span style=\"color: #008000;\"><strong><span style=\"font-size: 14pt;\">El sistema opera sobre la base de una presunci\u00f3n de culpabilidad (<em>opinio malis<\/em>), que surge de la mera sospecha (<em>suspicia<\/em>) o de la difamaci\u00f3n (<em>diffamatio<\/em>).<\/span><\/strong><\/span><\/p>\n<\/blockquote>\n<p>&nbsp;<\/p>\n<p style=\"text-align: justify;\"><span style=\"font-size: 14pt;\">La apertura de un proceso inquisitorial ya implicaba una m\u00e1cula sobre el individuo. En consecuencia, <strong>la carga de la prueba (<em>onus probandi<\/em>)<\/strong>, que en los sistemas garantistas recae sobre quien acusa, <strong>se desplaza hacia el acusado, quien se ve en la obligaci\u00f3n de demostrar su inocencia frente a un tribunal que ya lo considera sospechoso<\/strong>. En este contexto, <strong>su silencio, su pasividad o incluso sus negativas pueden ser interpretados como indicios adicionales de culpabilidad, creando un estado de indefensi\u00f3n casi absoluto<\/strong>.<\/span><\/p>\n<p>&nbsp;<\/p>\n<blockquote>\n<p style=\"text-align: center;\"><strong><span style=\"font-size: 14pt; color: #008000;\">La carga de la prueba (<em>onus probandi<\/em>)\u00a0se desplaza hacia el acusado, quien se ve en la obligaci\u00f3n de demostrar su inocencia frente a un tribunal que ya lo considera sospechoso.<\/span><\/strong><\/p>\n<p style=\"text-align: center;\"><strong><span style=\"font-size: 14pt; color: #008000;\"> En este contexto, su silencio, su pasividad o incluso sus negativas pueden ser interpretados como indicios adicionales de culpabilidad, creando un estado de indefensi\u00f3n casi absoluto.<\/span><\/strong><\/p>\n<p style=\"text-align: center;\"><strong><span style=\"font-size: 14pt; color: #008000;\"> <span style=\"font-size: 14pt;\">Como corolario de esta presunci\u00f3n de culpabilidad, la prisi\u00f3n preventiva se instaura como la regla general y no como una medida cautelar excepcional.<\/span><\/span><\/strong><\/p>\n<\/blockquote>\n<p>&nbsp;<\/p>\n<p style=\"text-align: justify;\"><span style=\"font-size: 14pt;\">Como corolario de esta presunci\u00f3n de culpabilidad, la <strong>prisi\u00f3n preventiva<\/strong> se instaura como la regla general y no como una medida cautelar excepcional. <strong>Una vez iniciado el proceso, el imputado era com\u00fanmente encarcelado y permanec\u00eda en prisi\u00f3n durante toda la tramitaci\u00f3n del mismo, que pod\u00eda extenderse durante a\u00f1os, hasta el momento en que se dictaba la sentencia definitiva<\/strong>. La libertad durante el proceso era una rara excepci\u00f3n, en marcado contraste con los sistemas acusatorios modernos donde la libertad es la norma y la detenci\u00f3n una medida de <em>ultima ratio<\/em>.<\/span><\/p>\n<p style=\"text-align: justify;\">\u00a0<\/p>\n<p><a href=\"https:\/\/puntocritico.com\/ausajpuntocritico\/2021\/03\/15\/el-gran-inquisidor-por-fiodor-m-dostoyevski\/\" target=\"_blank\" rel=\"noopener\" data-schema-attribute=\"\"><img loading=\"lazy\" decoding=\"async\" class=\"aligncenter wp-image-3774\" src=\"https:\/\/puntocritico.com\/ausajpuntocritico\/wp-content\/uploads\/2017\/07\/DOSTOYEVSKI-Inquisidor-300x199.jpg\" alt=\"\" width=\"400\" height=\"266\" srcset=\"https:\/\/puntocritico.com\/ausajpuntocritico\/wp-content\/uploads\/2017\/07\/DOSTOYEVSKI-Inquisidor-300x199.jpg 300w, https:\/\/puntocritico.com\/ausajpuntocritico\/wp-content\/uploads\/2017\/07\/DOSTOYEVSKI-Inquisidor-678x452.jpg 678w, https:\/\/puntocritico.com\/ausajpuntocritico\/wp-content\/uploads\/2017\/07\/DOSTOYEVSKI-Inquisidor.jpg 680w\" sizes=\"auto, (max-width: 400px) 100vw, 400px\" \/><\/a><\/p>\n<p>&nbsp;<\/p>\n<h4 style=\"text-align: justify;\"><span style=\"font-size: 14pt;\"><strong>1.3. El Sistema Probatorio: La Confesi\u00f3n como \u00ab<em>Regina Probatio<\/em>\u00ab<\/strong><\/span><\/h4>\n<p style=\"text-align: justify;\"><span style=\"font-size: 14pt;\">El sistema inquisitivo se rige por un m\u00e9todo de <strong>prueba legal o tasada<\/strong>, lo que significa que <strong>el valor probatorio de cada medio de prueba no se deja a la libre convicci\u00f3n del juez, sino que est\u00e1 predeterminado por la ley o la doctrina<\/strong>. En esta jerarqu\u00eda probatoria, las pruebas aportadas por la autoridad inquisitorial o el Estado gozan, por principio, de un valor superior a las que pueda presentar la defensa. Este sistema busca la \u00ab<em>verdad material<\/em>\u00bb o hist\u00f3rica, pero lo hace a trav\u00e9s de un <strong>formalismo r\u00edgido que limita la discrecionalidad judicial y favorece sistem\u00e1ticamente a la acusaci\u00f3n<\/strong>.<\/span><\/p>\n<p>&nbsp;<\/p>\n<blockquote>\n<p style=\"text-align: center;\"><strong><span style=\"font-size: 14pt; color: #008000;\">La obtenci\u00f3n de la confesi\u00f3n se convierte en el objetivo central de la fase de instrucci\u00f3n, ya que se la considera la prueba m\u00e1s completa y definitiva de la culpabilidad. <\/span><\/strong><\/p>\n<p style=\"text-align: center;\"><strong><span style=\"font-size: 14pt; color: #008000;\">Esta centralidad es la que proporciona la justificaci\u00f3n teol\u00f3gica y jur\u00eddica para el empleo de la tortura.<\/span><\/strong><\/p>\n<\/blockquote>\n<p>&nbsp;<\/p>\n<p style=\"text-align: justify;\"><span style=\"font-size: 14pt;\">En la c\u00faspide de esta jerarqu\u00eda probatoria se encuentra la <strong>confesi\u00f3n<\/strong> del imputado, considerada la \u00ab<strong><em>reina de las pruebas<\/em><\/strong>\u00bb (<em>regina probatio<\/em>). La obtenci\u00f3n de la confesi\u00f3n se convierte en el objetivo central de la fase de instrucci\u00f3n, ya que se la considera la prueba m\u00e1s completa y definitiva de la culpabilidad. Esta centralidad es la que proporciona la justificaci\u00f3n teol\u00f3gica y jur\u00eddica para el empleo de la <strong>tortura<\/strong>.<\/span><\/p>\n<p>&nbsp;<\/p>\n<blockquote>\n<p style=\"text-align: center;\"><strong><span style=\"font-size: 14pt; color: #008000;\">La tortura no era conceptualizada como un castigo anticipado, sino como un medio procesal leg\u00edtimo y necesario para obtener la verdad de un acusado reticente.<\/span><\/strong><\/p>\n<\/blockquote>\n<p>&nbsp;<\/p>\n<p style=\"text-align: justify;\"><span style=\"font-size: 14pt;\">Es crucial entender que, dentro de la l\u00f3gica del sistema,<strong> la tortura no era conceptualizada como un castigo anticipado, sino como un medio procesal leg\u00edtimo y necesario para obtener la verdad de un acusado reticente<\/strong>. Se aplicaba cuando exist\u00edan indicios de culpabilidad pero el reo se negaba a confesar, con el fin de quebrar su voluntad y lograr que admitiera su delito.<\/span><\/p>\n<p style=\"text-align: justify;\"><span style=\"font-size: 14pt;\">Sin embargo, l<strong>a ausencia de una confesi\u00f3n, incluso despu\u00e9s de aplicado el tormento, no garantizaba la absoluci\u00f3n<\/strong>. El juez inquisidor conservaba la potestad de condenar bas\u00e1ndose en un c\u00famulo de indicios, testimonios y sospechas que, a su juicio, fueran suficientes para establecer la culpabilidad, aunque no se alcanzara la certeza plena que proporcionaba la confesi\u00f3n. <strong>Esto revela la inmensa discrecionalidad que, a pesar del sistema de prueba tasada, resid\u00eda en la figura del juez<\/strong>.<\/span><\/p>\n<p>&nbsp;<\/p>\n<blockquote>\n<p style=\"text-align: center;\"><span style=\"font-size: 14pt; color: #008000;\"><strong>El car\u00e1cter eminentemente escrito del proceso no es un detalle meramente administrativo, sino que constituye una tecnolog\u00eda de poder y control. <\/strong><\/span><\/p>\n<p style=\"text-align: center;\"><span style=\"font-size: 14pt; color: #008000;\"><strong>E<\/strong><\/span><span style=\"font-size: 14pt; color: #008000;\"><strong>n una \u00e9poca sin medios de registro alternativos, el expediente f\u00edsico se erige como el \u00fanico depositario y constructor de la \u00ab<em>verdad<\/em>\u00bb procesal. <\/strong><\/span><\/p>\n<p style=\"text-align: center;\"><span style=\"font-size: 14pt; color: #008000;\"><strong>Quien controla la formaci\u00f3n del expediente, controla la realidad del caso.<\/strong> <\/span><\/p>\n<\/blockquote>\n<p>&nbsp;<\/p>\n<p style=\"text-align: justify;\"><span style=\"font-size: 14pt;\">El car\u00e1cter eminentemente escrito del proceso no es un detalle meramente administrativo, sino que constituye una tecnolog\u00eda de poder y control. En una \u00e9poca sin medios de registro alternativos, el expediente f\u00edsico se erige como el \u00fanico depositario y constructor de la \u00ab<em>verdad<\/em>\u00bb procesal. <strong>Quien controla la formaci\u00f3n del expediente, controla la realidad del caso. El juez inquisidor, al ser la \u00fanica figura con acceso irrestricto y dominio sobre la redacci\u00f3n de este <em>corpus<\/em> documental, acumula un poder formidable<\/strong>. <\/span><\/p>\n<p style=\"text-align: justify;\"><span style=\"font-size: 14pt;\"><strong>Las partes, y en especial el acusado, solo tienen acceso a fragmentos de esta \u00ab<em>verdad<\/em>\u00bb escrita, a menudo de forma tard\u00eda y parcial<\/strong>. Este dominio sobre la narrativa escrita le permite dirigir la investigaci\u00f3n, seleccionar qu\u00e9 testimonios se transcriben y con qu\u00e9 matices, y, en \u00faltima instancia, fundamentar su sentencia en un edificio probatorio que \u00e9l mismo ha dise\u00f1ado y construido. <\/span><\/p>\n<p style=\"text-align: justify;\"><span style=\"font-size: 14pt;\">Por ello, la transici\u00f3n hist\u00f3rica de un sistema basado en el expediente a uno centrado en la audiencia oral no representa \u00fanicamente un cambio de formato, sino una transferencia radical de poder desde el <em>juez-bur\u00f3crata<\/em> hacia las partes que debaten p\u00fablicamente en un espacio transparente.<\/span><\/p>\n<p>&nbsp;<\/p>\n<blockquote>\n<p style=\"text-align: center;\"><span style=\"color: #008000;\"><strong><span style=\"font-size: 14pt;\">La transici\u00f3n hist\u00f3rica de un sistema basado en el expediente a uno centrado en la audiencia oral no representa \u00fanicamente un cambio de formato, sino una transferencia radical de poder desde el <em>juez-bur\u00f3crata<\/em> hacia las partes que debaten p\u00fablicamente en un espacio transparente.<\/span><\/strong><\/span><\/p>\n<\/blockquote>\n<p style=\"text-align: justify;\">\u00a0<\/p>\n<p><img loading=\"lazy\" decoding=\"async\" class=\"aligncenter wp-image-2310893\" src=\"https:\/\/puntocritico.com\/ausajpuntocritico\/wp-content\/uploads\/2025\/08\/Francisco-Goya-1746-1828-Escena-de-Inquisicion-que-representa-un-auto-de-fe-acto-de-penitencia-300x169.jpg\" alt=\"\" width=\"480\" height=\"270\" srcset=\"https:\/\/puntocritico.com\/ausajpuntocritico\/wp-content\/uploads\/2025\/08\/Francisco-Goya-1746-1828-Escena-de-Inquisicion-que-representa-un-auto-de-fe-acto-de-penitencia-300x169.jpg 300w, https:\/\/puntocritico.com\/ausajpuntocritico\/wp-content\/uploads\/2025\/08\/Francisco-Goya-1746-1828-Escena-de-Inquisicion-que-representa-un-auto-de-fe-acto-de-penitencia-1024x576.jpg 1024w, https:\/\/puntocritico.com\/ausajpuntocritico\/wp-content\/uploads\/2025\/08\/Francisco-Goya-1746-1828-Escena-de-Inquisicion-que-representa-un-auto-de-fe-acto-de-penitencia-768x432.jpg 768w, https:\/\/puntocritico.com\/ausajpuntocritico\/wp-content\/uploads\/2025\/08\/Francisco-Goya-1746-1828-Escena-de-Inquisicion-que-representa-un-auto-de-fe-acto-de-penitencia-678x381.jpg 678w, https:\/\/puntocritico.com\/ausajpuntocritico\/wp-content\/uploads\/2025\/08\/Francisco-Goya-1746-1828-Escena-de-Inquisicion-que-representa-un-auto-de-fe-acto-de-penitencia.jpg 1090w\" sizes=\"auto, (max-width: 480px) 100vw, 480px\" \/><\/p>\n<p style=\"text-align: justify;\">\u00a0<\/p>\n<h4 style=\"text-align: justify;\"><span style=\"font-size: 14pt;\"><strong>1.4. Tabla Comparativa de Sistemas Procesales Penales<\/strong><\/span><\/h4>\n<p style=\"text-align: justify;\"><span style=\"font-size: 14pt;\">Para visualizar con claridad las divergencias fundamentales entre los dos paradigmas de enjuiciamiento, la siguiente tabla resume sus caracter\u00edsticas principales:<\/span><\/p>\n<table>\n<thead>\n<tr>\n<td>\n<p><span style=\"font-size: 14pt;\">Caracter\u00edstica Fundamental<\/span><\/p>\n<\/td>\n<td>\n<p><strong><span style=\"font-size: 14pt;\">Sistema Inquisitivo<\/span><\/strong><\/p>\n<\/td>\n<td>\n<p><strong><span style=\"font-size: 14pt;\">Sistema Acusatorio<\/span><\/strong><\/p>\n<\/td>\n<\/tr>\n<\/thead>\n<tbody>\n<tr style=\"text-align: justify;\">\n<td>\n<p><span style=\"font-size: 14pt;\"><strong>Rol del Juez<\/strong><\/span><\/p>\n<\/td>\n<td>\n<p><span style=\"font-size: 14pt;\">Activo: Investiga, acusa y juzga.<\/span><\/p>\n<\/td>\n<td>\n<p><span style=\"font-size: 14pt;\">Pasivo e Imparcial: Act\u00faa como \u00e1rbitro entre las partes.<\/span><\/p>\n<\/td>\n<\/tr>\n<tr style=\"text-align: justify;\">\n<td>\n<p><span style=\"font-size: 14pt;\"><strong>Partes del Proceso<\/strong><\/span><\/p>\n<\/td>\n<td>\n<p><span style=\"font-size: 14pt;\">Fusi\u00f3n de roles (Juez-Acusador).<\/span><\/p>\n<\/td>\n<td>\n<p><span style=\"font-size: 14pt;\">Separaci\u00f3n clara: Fiscal (acusa), Defensa (defiende), Juez (juzga).<\/span><\/p>\n<\/td>\n<\/tr>\n<tr style=\"text-align: justify;\">\n<td>\n<p style=\"text-align: center;\"><span style=\"font-size: 14pt;\"><strong>Inicio del Proceso<\/strong><\/span><\/p>\n<\/td>\n<td>\n<p><span style=\"font-size: 14pt;\">De oficio (<em>ex officio<\/em>) o por denuncia secreta.<\/span><\/p>\n<\/td>\n<td>\n<p><span style=\"font-size: 14pt;\">A instancia de parte (acusaci\u00f3n formal).<\/span><\/p>\n<\/td>\n<\/tr>\n<tr style=\"text-align: justify;\">\n<td>\n<p style=\"text-align: center;\"><span style=\"font-size: 14pt;\"><strong>Naturaleza del Proceso<\/strong><\/span><\/p>\n<\/td>\n<td>\n<p><span style=\"font-size: 14pt;\">Secreto, escrito, burocr\u00e1tico y lento.<\/span><\/p>\n<\/td>\n<td>\n<p><span style=\"font-size: 14pt;\">P\u00fablico, oral, concentrado y contradictorio.<\/span><\/p>\n<\/td>\n<\/tr>\n<tr style=\"text-align: justify;\">\n<td>\n<p style=\"text-align: center;\"><span style=\"font-size: 14pt;\"><strong>Posici\u00f3n del Acusado<\/strong><\/span><\/p>\n<\/td>\n<td>\n<p><span style=\"font-size: 14pt;\">Objeto de investigaci\u00f3n.<\/span><\/p>\n<\/td>\n<td>\n<p><span style=\"font-size: 14pt;\">Sujeto de derechos procesales.<\/span><\/p>\n<\/td>\n<\/tr>\n<tr style=\"text-align: justify;\">\n<td>\n<p style=\"text-align: center;\"><span style=\"font-size: 14pt;\"><strong>Presunci\u00f3n<\/strong><\/span><\/p>\n<\/td>\n<td>\n<p><span style=\"font-size: 14pt;\">Culpabilidad (<em>de facto<\/em>).<\/span><\/p>\n<\/td>\n<td>\n<p><span style=\"font-size: 14pt;\">Inocencia (hasta que se demuestre lo contrario).<\/span><\/p>\n<\/td>\n<\/tr>\n<tr style=\"text-align: justify;\">\n<td>\n<p style=\"text-align: center;\"><span style=\"font-size: 14pt;\"><strong>Prueba<\/strong><\/span><\/p>\n<\/td>\n<td>\n<p><span style=\"font-size: 14pt;\">Sistema de prueba tasada. La confesi\u00f3n es la prueba reina.<\/span><\/p>\n<\/td>\n<td>\n<p><span style=\"font-size: 14pt;\">Sistema de libre valoraci\u00f3n de la prueba. La confesi\u00f3n es un medio m\u00e1s.<\/span><\/p>\n<\/td>\n<\/tr>\n<tr>\n<td style=\"text-align: justify;\">\n<p style=\"text-align: center;\"><span style=\"font-size: 14pt;\"><strong>Objetivo Principal<\/strong><\/span><\/p>\n<\/td>\n<td style=\"text-align: justify;\">\n<p><span style=\"font-size: 14pt;\">Imposici\u00f3n de un castigo; b\u00fasqueda de la \u00abverdad material\u00bb a cualquier costo.<\/span><\/p>\n<\/td>\n<td>\n<p style=\"text-align: justify;\"><span style=\"font-size: 14pt;\">Soluci\u00f3n del conflicto, reparaci\u00f3n del da\u00f1o y garant\u00edas procesales.<\/span><\/p>\n<\/td>\n<\/tr>\n<\/tbody>\n<\/table>\n<p>&nbsp;<\/p>\n<p>&nbsp;<\/p>\n<p><img loading=\"lazy\" decoding=\"async\" class=\"aligncenter wp-image-2310865\" src=\"https:\/\/puntocritico.com\/ausajpuntocritico\/wp-content\/uploads\/2025\/08\/Principios-acusatorio-e-inquisitivo-1-300x300.jpg\" alt=\"\" width=\"360\" height=\"360\" srcset=\"https:\/\/puntocritico.com\/ausajpuntocritico\/wp-content\/uploads\/2025\/08\/Principios-acusatorio-e-inquisitivo-1-300x300.jpg 300w, https:\/\/puntocritico.com\/ausajpuntocritico\/wp-content\/uploads\/2025\/08\/Principios-acusatorio-e-inquisitivo-1-150x150.jpg 150w, https:\/\/puntocritico.com\/ausajpuntocritico\/wp-content\/uploads\/2025\/08\/Principios-acusatorio-e-inquisitivo-1.jpg 512w\" sizes=\"auto, (max-width: 360px) 100vw, 360px\" \/><\/p>\n<h3 style=\"text-align: center;\"><span style=\"font-size: 18pt;\"><strong>Secci\u00f3n II: G\u00e9nesis y Consolidaci\u00f3n Hist\u00f3rica<\/strong><\/span><\/h3>\n<h4 style=\"text-align: justify;\"><span style=\"font-size: 14pt;\"><strong>2.1. De la <em>Inquisitio<\/em> Romana al Derecho Can\u00f3nico Medieval<\/strong><\/span><\/h4>\n<p style=\"text-align: justify;\"><span style=\"font-size: 14pt;\">Las ra\u00edces del procedimiento inquisitivo se hunden en el derecho romano tard\u00edo. El t\u00e9rmino <strong><em>inquisitio<\/em> <\/strong>(<em>investigaci\u00f3n<\/em>) designaba originalmente un procedimiento que, a diferencia del proceso acusatorio ordinario, <strong>permit\u00eda a los magistrados iniciar investigaciones de oficio para ciertos delitos graves que afectaban a la colectividad, como la corrupci\u00f3n o el abuso de poder<\/strong>. <\/span><\/p>\n<p style=\"text-align: justify;\"><span style=\"font-size: 14pt;\">Durante el Imperio, este m\u00e9todo se fue consolidando, caracteriz\u00e1ndose por una <strong>fase de instrucci\u00f3n preliminar encomendada a los jueces, que se desarrollaba por escrito y en secreto<\/strong>, sentando as\u00ed las bases de lo que ser\u00eda el modelo futuro.<\/span><\/p>\n<p style=\"text-align: justify;\"><span style=\"font-size: 14pt;\">Sin embargo, fue en el seno del <strong>Derecho Can\u00f3nico medieval<\/strong> donde el sistema inquisitivo encontr\u00f3 su refugio, fue perfeccionado y se convirti\u00f3 en el paradigma procesal dominante en Europa durante seis siglos. Entre los siglos XII y XIII, la Iglesia Cat\u00f3lica se enfrent\u00f3 a lo que percib\u00eda como una amenaza existencial: la proliferaci\u00f3n de movimientos her\u00e9ticos, especialmente el <strong><em>catarismo<\/em> <\/strong>en el sur de Francia.<\/span><\/p>\n<p>&nbsp;<\/p>\n<figure id=\"attachment_2215516\" aria-describedby=\"caption-attachment-2215516\" style=\"width: 240px\" class=\"wp-caption aligncenter\"><a href=\"https:\/\/puntocritico.com\/ausajpuntocritico\/2021\/06\/20\/historia-de-las-persecuciones-politicas-y-religiosas-en-europa-los-maniqueos-y-los-albigenses-capitulos-v-y-vi-como-reconoceremos-a-los-cataros\/\"><img loading=\"lazy\" decoding=\"async\" class=\"wp-image-2215516\" src=\"https:\/\/puntocritico.com\/ausajpuntocritico\/wp-content\/uploads\/2021\/06\/139_cataros_2_1623x1999-244x300.jpg\" alt=\"\" width=\"240\" height=\"296\" srcset=\"https:\/\/puntocritico.com\/ausajpuntocritico\/wp-content\/uploads\/2021\/06\/139_cataros_2_1623x1999-244x300.jpg 244w, https:\/\/puntocritico.com\/ausajpuntocritico\/wp-content\/uploads\/2021\/06\/139_cataros_2_1623x1999-831x1024.jpg 831w, https:\/\/puntocritico.com\/ausajpuntocritico\/wp-content\/uploads\/2021\/06\/139_cataros_2_1623x1999-768x946.jpg 768w, https:\/\/puntocritico.com\/ausajpuntocritico\/wp-content\/uploads\/2021\/06\/139_cataros_2_1623x1999-1247x1536.jpg 1247w, https:\/\/puntocritico.com\/ausajpuntocritico\/wp-content\/uploads\/2021\/06\/139_cataros_2_1623x1999-610x751.jpg 610w, https:\/\/puntocritico.com\/ausajpuntocritico\/wp-content\/uploads\/2021\/06\/139_cataros_2_1623x1999.jpg 1623w\" sizes=\"auto, (max-width: 240px) 100vw, 240px\" \/><\/a><figcaption id=\"caption-attachment-2215516\" class=\"wp-caption-text\"><span style=\"color: #008000;\">\u00bfC\u00f3mo reconoceremos a los C\u00e1taros? \u00abMatadlos a todos, que Dios conocer\u00e1 a los suyos\u00bb, respondi\u00f3 el Nuncio Papal<\/span><\/figcaption><\/figure>\n<p>&nbsp;<\/p>\n<p style=\"text-align: justify;\"><span style=\"font-size: 14pt;\">El procedimiento acusatorio tradicional resultaba ineficaz para combatir una disidencia que se propagaba de forma clandestina y que a menudo carec\u00eda de un acusador particular dispuesto a arriesgarse a la pena del tali\u00f3n si no probaba su denuncia. <strong>En respuesta, la Iglesia adopt\u00f3 y sistematiz\u00f3 el m\u00e9todo inquisitivo<\/strong>. <\/span><\/p>\n<p style=\"text-align: justify;\"><span style=\"font-size: 14pt;\">Se suprimi\u00f3 la necesidad de una acusaci\u00f3n particular, se facult\u00f3 al juez eclesi\u00e1stico para proceder de oficio, se admiti\u00f3 la delaci\u00f3n secreta como forma v\u00e1lida de iniciar un proceso y se transform\u00f3 al juez en un \u00ab<strong><em>inquisidor<\/em><\/strong>\u00bb activo en la b\u00fasqueda de la verdad. <\/span><\/p>\n<p style=\"text-align: justify;\"><span style=\"font-size: 14pt;\">Este cambio se formaliz\u00f3 con la <strong>creaci\u00f3n de la Inquisici\u00f3n episcopal en 1184<\/strong> y, de manera m\u00e1s decisiva, con la <strong>Inquisici\u00f3n pontificia<\/strong>, establecida por el <strong>Papa Gregorio IX<\/strong> alrededor de 1231, encomendada principalmente a las \u00f3rdenes mendicantes, como los dominicos.<\/span><\/p>\n<p>&nbsp;<\/p>\n<figure id=\"attachment_2310910\" aria-describedby=\"caption-attachment-2310910\" style=\"width: 555px\" class=\"wp-caption aligncenter\"><a href=\"https:\/\/jordifernandezramos.wordpress.com\/directorium-inquisitorum\/\" target=\"_blank\" rel=\"noopener\" data-schema-attribute=\"\"><img loading=\"lazy\" decoding=\"async\" class=\"wp-image-2310910\" src=\"https:\/\/puntocritico.com\/ausajpuntocritico\/wp-content\/uploads\/2025\/08\/DIRECTORIUM-INQUISITORUM-Del-inquisidor-general-de-Aragon-el-dominico-Nicolas-Eymerich-300x160.jpg\" alt=\"\" width=\"555\" height=\"296\" srcset=\"https:\/\/puntocritico.com\/ausajpuntocritico\/wp-content\/uploads\/2025\/08\/DIRECTORIUM-INQUISITORUM-Del-inquisidor-general-de-Aragon-el-dominico-Nicolas-Eymerich-300x160.jpg 300w, https:\/\/puntocritico.com\/ausajpuntocritico\/wp-content\/uploads\/2025\/08\/DIRECTORIUM-INQUISITORUM-Del-inquisidor-general-de-Aragon-el-dominico-Nicolas-Eymerich.jpg 308w\" sizes=\"auto, (max-width: 555px) 100vw, 555px\" \/><\/a><figcaption id=\"caption-attachment-2310910\" class=\"wp-caption-text\"><span style=\"color: #008000;\"><a href=\"https:\/\/jordifernandezramos.wordpress.com\/directorium-inquisitorum\/\" target=\"_blank\" rel=\"noopener\" data-schema-attribute=\"\"><strong>DIRECTORIUM INQUISITORUM<\/strong><\/a>:\u00a0 El Directorium Inquisitorum, tambi\u00e9n llamado <strong>Manual del inquisidor<\/strong>, es la obra m\u00e1s importante de <strong>Nicolau Eimeric<\/strong> escrita en 1376. El Directorium Inquisitorum defin\u00eda la brujer\u00eda y describ\u00eda los medios para descubrir a las brujas. Eimeric hab\u00eda escrito anteriormente un tratado sobre brujer\u00eda, que desarroll\u00f3 para convertirlo en el Directorium Inquisitorum. Para escribirlo, emple\u00f3 muchos textos de magia que hab\u00eda confiscado anteriormente de los acusados de brujos. El Directorium Inquisitorum describe varias pr\u00e1cticas m\u00e1gicas prohibidas, incluyendo el bautizo de im\u00e1genes, fumigar la cabeza de una persona muerta, echar sal al fuego, quemar cuerpos de animales, conjurar esp\u00edritus, invocar nombres \u00e1ngeles como demonio y la practica de la quiromancia. Eimeric considera en la obra a la brujer\u00eda como una forma de herej\u00eda, una definici\u00f3n importante, ya que la Inquisici\u00f3n ten\u00eda el mandato de suprimir la herej\u00eda. La idea no era exclusiva de Eimeric, hab\u00eda estado desarroll\u00e1ndose desde finales del siglo XIII, cuando el papa Alejandro IV dio por primera vez autoridad a los inquisidores sobre los brujos. En 1320 era habitual que los manuales de los inquisidores tratasen la brujer\u00eda. Existen escritos de la \u00e9poca que contienen dos discusiones de ese tipo. La contribuci\u00f3n de Eimeric fue dividir la brujer\u00eda en tres categor\u00edas, con referencias a la Biblia y a los escritos de notables te\u00f3logos. De acuerdo a Eimeric, la primera y m\u00e1s importante en forma de brujer\u00eda her\u00e9tica era la que ofrec\u00eda la adoraci\u00f3n a los demonios. Esta forma inclu\u00eda actividades como la realizaci\u00f3n de sacrificios, oraciones y la ofrenda de velas o incienso a los demonios. La segunda categor\u00eda estaba formada por los herejes que veneraban a demonios en contraposici\u00f3n a la adoraci\u00f3n a los santos por parte de los cristianos. En esta partes se refiere a los musulmanes como practicantes de herej\u00eda al venerar a Mahoma. A la tercera categor\u00eda pertenec\u00edan aquellos que buscaban la ayuda de un demonio a trav\u00e9s de las artes adivinatorias. Eimeric afirmaba que todo pacto con un demonio es una herej\u00eda y fue uno de los primeros en condenar cualquier tipo de conjura de un demonio como herej\u00eda. Adem\u00e1s de describir las pr\u00e1cticas comunes de la magia, Eimeric describe las formas de extraer una confesi\u00f3n, incluyendo formas de manipulaci\u00f3n psicol\u00f3gica y de la tortura. La primera edici\u00f3n impresa fue realizada en Barcelona en 1503. Tambi\u00e9n se hizo una en Roma en 1578. <strong>El Directorium Inquisitorum fue uno de los precursores del famoso Malleus Maleficarum (Martillo de las Brujas)<\/strong>, utilizado en el Renacimiento para la persecuci\u00f3n y ajusticiamiento de las brujas. <\/span><\/figcaption><\/figure>\n<p>&nbsp;<\/p>\n<p style=\"text-align: justify;\"><span style=\"font-size: 14pt;\">La codificaci\u00f3n definitiva de esta pr\u00e1ctica lleg\u00f3 en 1376 con la publicaci\u00f3n del <strong><em>Directorium Inquisitorum<\/em><\/strong> (<em>Manual de Inquisidores<\/em>) por el <em>inquisidor general de Arag\u00f3n<\/em>, el dominico <strong>Nicol\u00e1s Eymerich<\/strong>. Esta obra monumental no solo recopil\u00f3 la legislaci\u00f3n can\u00f3nica y las bulas papales existentes, sino que detall\u00f3 minuciosamente cada aspecto del procedimiento.<\/span><\/p>\n<p>&nbsp;<\/p>\n<blockquote>\n<p style=\"text-align: center;\"><strong><span style=\"font-size: 14pt; color: #008000;\">El <em>Directorium<\/em> se convirti\u00f3 en el manual de referencia indispensable para los inquisidores de toda la cristiandad. <\/span><\/strong><\/p>\n<p style=\"text-align: center;\"><strong><span style=\"font-size: 14pt; color: #008000;\">En \u00e9l se defin\u00edan las diversas formas de herej\u00eda, se establec\u00edan las reglas para el interrogatorio de testigos y acusados, se justificaba teol\u00f3gicamente la existencia del tribunal, se regulaba el uso de la tortura como medio para obtener la confesi\u00f3n y se delineaban las penas aplicables.<\/span><\/strong><\/p>\n<\/blockquote>\n<p>&nbsp;<\/p>\n<p style=\"text-align: justify;\"><span style=\"font-size: 14pt;\"><strong>El <em>Directorium<\/em> se convirti\u00f3 en el manual de referencia indispensable para los inquisidores de toda la cristiandad<\/strong>. En \u00e9l se defin\u00edan las diversas formas de herej\u00eda, se establec\u00edan las reglas para el interrogatorio de testigos y acusados, se justificaba teol\u00f3gicamente la existencia del tribunal, se regulaba el uso de la tortura como medio para obtener la confesi\u00f3n y se delineaban las penas aplicables. <strong>Su influencia fue tan profunda que sent\u00f3 las bases procesales sobre las que operar\u00eda, un siglo m\u00e1s tarde, la Inquisici\u00f3n Espa\u00f1ola<\/strong>.<\/span><\/p>\n<p>&nbsp;<\/p>\n<p><img loading=\"lazy\" decoding=\"async\" class=\"aligncenter wp-image-2219388\" src=\"https:\/\/puntocritico.com\/ausajpuntocritico\/wp-content\/uploads\/2021\/06\/cataros-300x199.jpg\" alt=\"\" width=\"440\" height=\"292\" srcset=\"https:\/\/puntocritico.com\/ausajpuntocritico\/wp-content\/uploads\/2021\/06\/cataros-300x199.jpg 300w, https:\/\/puntocritico.com\/ausajpuntocritico\/wp-content\/uploads\/2021\/06\/cataros-610x405.jpg 610w, https:\/\/puntocritico.com\/ausajpuntocritico\/wp-content\/uploads\/2021\/06\/cataros-678x452.jpg 678w, https:\/\/puntocritico.com\/ausajpuntocritico\/wp-content\/uploads\/2021\/06\/cataros.jpg 680w\" sizes=\"auto, (max-width: 440px) 100vw, 440px\" \/><\/p>\n<p>&nbsp;<\/p>\n<h4 style=\"text-align: justify;\"><span style=\"font-size: 14pt;\"><strong>2.2. El Apogeo del Modelo en la Europa Continental: El Caso de Francia<\/strong><\/span><\/h4>\n<p style=\"text-align: justify;\"><span style=\"font-size: 14pt;\">El \u00e9xito y la eficacia del modelo inquisitivo en el \u00e1mbito eclesi\u00e1stico propiciaron su paulatina adopci\u00f3n por las jurisdicciones seculares. Las monarqu\u00edas europeas, en su proceso de centralizaci\u00f3n del poder, vieron en este sistema una herramienta formidable para imponer el orden y afirmar la autoridad del Estado. <strong>El proceso inquisitivo se traslad\u00f3 as\u00ed del tribunal eclesi\u00e1stico al tribunal real, convirti\u00e9ndose en el procedimiento penal ordinario en gran parte de la Europa continental desde el siglo XIII hasta la Revoluci\u00f3n Francesa<\/strong>.<\/span><\/p>\n<p>&nbsp;<\/p>\n<blockquote>\n<p style=\"text-align: center;\"><strong><span style=\"font-size: 14pt; color: #008000;\">Las monarqu\u00edas europeas, en su proceso de centralizaci\u00f3n del poder, vieron en este sistema una herramienta formidable para imponer el orden y afirmar la autoridad del Estado<\/span><\/strong><\/p>\n<\/blockquote>\n<p>&nbsp;<\/p>\n<p><img loading=\"lazy\" decoding=\"async\" class=\"aligncenter wp-image-2310913 size-mh-magazine-content\" src=\"https:\/\/puntocritico.com\/ausajpuntocritico\/wp-content\/uploads\/2025\/08\/French-Language-Edict-552x381.webp\" alt=\"\" width=\"552\" height=\"381\" \/><\/p>\n<p>&nbsp;<\/p>\n<p style=\"text-align: justify;\"><span style=\"font-size: 14pt;\">Francia fue pionera en la codificaci\u00f3n de este sistema a nivel estatal. <strong>La Ordonnance de Villers-Cotter\u00eats, promulgada por Francisco I en 1539<\/strong>, es un hito en este proceso. <strong>Aunque es c\u00e9lebre por haber impuesto el uso del franc\u00e9s en todos los actos jur\u00eddicos y administrativos en detrimento del lat\u00edn, sus disposiciones sobre la justicia penal reforzaron significativamente el car\u00e1cter inquisitivo del procedimiento<\/strong>. La ordenanza consolid\u00f3 un proceso secreto y escrito, y la investigaci\u00f3n preliminar qued\u00f3 firmemente en manos de los jueces del rey, limitando dr\u00e1sticamente las garant\u00edas de la defensa.<\/span><\/p>\n<p>&nbsp;<\/p>\n<figure id=\"attachment_2310914\" aria-describedby=\"caption-attachment-2310914\" style=\"width: 240px\" class=\"wp-caption aligncenter\"><img loading=\"lazy\" decoding=\"async\" class=\"wp-image-2310914\" src=\"https:\/\/puntocritico.com\/ausajpuntocritico\/wp-content\/uploads\/2025\/08\/Ordonnance-de-Villers-Cotterets-promulgada-por-Francisco-I-en-1539-192x300.jpg\" alt=\"\" width=\"240\" height=\"374\" srcset=\"https:\/\/puntocritico.com\/ausajpuntocritico\/wp-content\/uploads\/2025\/08\/Ordonnance-de-Villers-Cotterets-promulgada-por-Francisco-I-en-1539-192x300.jpg 192w, https:\/\/puntocritico.com\/ausajpuntocritico\/wp-content\/uploads\/2025\/08\/Ordonnance-de-Villers-Cotterets-promulgada-por-Francisco-I-en-1539.jpg 513w\" sizes=\"auto, (max-width: 240px) 100vw, 240px\" \/><figcaption id=\"caption-attachment-2310914\" class=\"wp-caption-text\"><span style=\"color: #008000;\">La Ordonnance de Villers-Cotter\u00eats, promulgada por Francisco I en 1539 <\/span><\/figcaption><\/figure>\n<p>&nbsp;<\/p>\n<p style=\"text-align: justify;\"><span style=\"font-size: 14pt;\">La culminaci\u00f3n de este proceso de codificaci\u00f3n lleg\u00f3 bajo el reinado de Luis XIV con la <strong>Grande Ordonnance Criminelle de 1670<\/strong>. Esta vasta compilaci\u00f3n legislativa, impulsada por su ministro <strong>Colbert<\/strong>, unific\u00f3 y sistematiz\u00f3 el procedimiento penal para todo el reino de Francia, <strong>consagrando el triunfo definitivo del modelo inquisitivo<\/strong>. <\/span><\/p>\n<p>&nbsp;<\/p>\n<figure id=\"attachment_2310915\" aria-describedby=\"caption-attachment-2310915\" style=\"width: 400px\" class=\"wp-caption aligncenter\"><img loading=\"lazy\" decoding=\"async\" class=\"wp-image-2310915\" src=\"https:\/\/puntocritico.com\/ausajpuntocritico\/wp-content\/uploads\/2025\/08\/Luis-XIV-la-Grande-Ordonnance-Criminelle-de-1670.jpg\" alt=\"\" width=\"400\" height=\"265\" \/><figcaption id=\"caption-attachment-2310915\" class=\"wp-caption-text\">Luis XIV con la Grande Ordonnance Criminelle de 1670<\/figcaption><\/figure>\n<p>&nbsp;<\/p>\n<p style=\"text-align: justify;\"><span style=\"font-size: 14pt;\"><strong>La ordenanza de 1670 detallaba un procedimiento de extrema severidad<\/strong>: <\/span><\/p>\n<blockquote>\n<p style=\"text-align: justify;\"><strong><span style=\"font-size: 14pt;\"><span style=\"color: #008000;\">la fase de instrucci\u00f3n era completamente secreta y escrita; el acusado era interrogado sin la presencia de un abogado, cuyo papel quedaba relegado a una intervenci\u00f3n testimonial al final del proceso; se regulaba el uso de la tortura (la <em>question pr\u00e9paratoire<\/em> para obtener la confesi\u00f3n y la <em>question pr\u00e9alable<\/em> antes de la ejecuci\u00f3n para obtener nombres de c\u00f3mplices); y las sentencias de los jueces no requer\u00edan motivaci\u00f3n.<\/span> <\/span><\/strong><\/p>\n<\/blockquote>\n<p>&nbsp;<\/p>\n<p style=\"text-align: justify;\"><span style=\"font-size: 14pt;\">Este c\u00f3digo, que permaneci\u00f3 en vigor hasta la Revoluci\u00f3n, <strong>represent\u00f3 el apogeo del absolutismo judicial<\/strong> y sirvi\u00f3 de modelo e influencia para muchas otras legislaciones penales en el continente europeo.<\/span><\/p>\n<p>&nbsp;<\/p>\n<p><img loading=\"lazy\" decoding=\"async\" class=\"aligncenter wp-image-19867\" src=\"https:\/\/puntocritico.com\/ausajpuntocritico\/wp-content\/uploads\/2019\/07\/MARRANOS-4-tortura-Inquisicion-300x169.jpg\" alt=\"\" width=\"480\" height=\"270\" srcset=\"https:\/\/puntocritico.com\/ausajpuntocritico\/wp-content\/uploads\/2019\/07\/MARRANOS-4-tortura-Inquisicion-300x169.jpg 300w, https:\/\/puntocritico.com\/ausajpuntocritico\/wp-content\/uploads\/2019\/07\/MARRANOS-4-tortura-Inquisicion.jpg 660w\" sizes=\"auto, (max-width: 480px) 100vw, 480px\" \/><\/p>\n<p>&nbsp;<\/p>\n<h4 style=\"text-align: justify;\"><span style=\"font-size: 14pt;\"><strong>2.3. Estudio de Caso: El Tribunal del Santo Oficio en Espa\u00f1a<\/strong><\/span><\/h4>\n<p style=\"text-align: justify;\"><span style=\"font-size: 14pt;\"><strong>La Inquisici\u00f3n Espa\u00f1ola, aunque parte del fen\u00f3meno europeo, present\u00f3 caracter\u00edsticas singulares que la convirtieron en el arquetipo del sistema inquisitivo<\/strong> y en el principal objeto de an\u00e1lisis y cr\u00edtica posteriores.<\/span><\/p>\n<p>&nbsp;<\/p>\n<figure id=\"attachment_2205643\" aria-describedby=\"caption-attachment-2205643\" style=\"width: 300px\" class=\"wp-caption aligncenter\"><img loading=\"lazy\" decoding=\"async\" class=\"wp-image-2205643\" src=\"https:\/\/puntocritico.com\/ausajpuntocritico\/wp-content\/uploads\/2021\/04\/Index-Librorum-Prohibitorum-et-Expurgatorum-de-la-Inquisicion-203x300.jpg\" alt=\"\" width=\"300\" height=\"444\" srcset=\"https:\/\/puntocritico.com\/ausajpuntocritico\/wp-content\/uploads\/2021\/04\/Index-Librorum-Prohibitorum-et-Expurgatorum-de-la-Inquisicion-203x300.jpg 203w, https:\/\/puntocritico.com\/ausajpuntocritico\/wp-content\/uploads\/2021\/04\/Index-Librorum-Prohibitorum-et-Expurgatorum-de-la-Inquisicion-693x1024.jpg 693w, https:\/\/puntocritico.com\/ausajpuntocritico\/wp-content\/uploads\/2021\/04\/Index-Librorum-Prohibitorum-et-Expurgatorum-de-la-Inquisicion-610x902.jpg 610w, https:\/\/puntocritico.com\/ausajpuntocritico\/wp-content\/uploads\/2021\/04\/Index-Librorum-Prohibitorum-et-Expurgatorum-de-la-Inquisicion.jpg 750w\" sizes=\"auto, (max-width: 300px) 100vw, 300px\" \/><figcaption id=\"caption-attachment-2205643\" class=\"wp-caption-text\"><span style=\"color: #008000;\">Index Librorum Prohibitorum et Expurgatorum de la Inquisici\u00f3n<\/span><\/figcaption><\/figure>\n<h5 style=\"text-align: justify;\"><span style=\"font-size: 14pt;\"><strong>2.3.1. Una Instituci\u00f3n al Servicio de la Corona<\/strong><\/span><\/h5>\n<p style=\"text-align: justify;\"><span style=\"font-size: 14pt;\"><strong>Fundada en 1478 por los Reyes Cat\u00f3licos, Isabel I de Castilla y Fernando II de Arag\u00f3n<\/strong>, mediante la <strong>bula papal <em>Exigit sincerae devotionis affectus<\/em><\/strong> de <strong>Sixto IV<\/strong>, la <strong>Inquisici\u00f3n Espa\u00f1ola<\/strong> se distingui\u00f3 desde su origen por su estrecha subordinaci\u00f3n al poder pol\u00edtico. A diferencia de la <em><strong>Inquisici\u00f3n medieval<\/strong><\/em>, que depend\u00eda directamente de la autoridad papal o de los obispos locales, el <strong><em>Santo Oficio espa\u00f1ol<\/em><\/strong> fue concebido como un organismo cuya c\u00fapula \u2014el <em><strong>Inquisidor General<\/strong><\/em>\u2014 era nombrada por la <em>Corona<\/em>.<\/span><\/p>\n<p>&nbsp;<\/p>\n<blockquote>\n<p style=\"text-align: center;\"><span style=\"color: #008000;\"><strong><span style=\"font-size: 14pt;\">La Inquisici\u00f3n Espa\u00f1ola se distingui\u00f3 desde su origen por su estrecha subordinaci\u00f3n al poder pol\u00edtico. <\/span><\/strong><\/span><\/p>\n<p style=\"text-align: center;\"><span style=\"color: #008000;\"><strong><span style=\"font-size: 14pt;\">Mientras que la Inquisici\u00f3n romana o la medieval eran principalmente herramientas eclesi\u00e1sticas para la disciplina doctrinal, la espa\u00f1ola fue, en gran medida, un aparato de Estado con fines religiosos y pol\u00edticos entrelazados.<\/span><\/strong><\/span><\/p>\n<\/blockquote>\n<p>&nbsp;<\/p>\n<p style=\"text-align: justify;\"><span style=\"font-size: 14pt;\">Esta singularidad la convirti\u00f3 en <strong>la \u00fanica instituci\u00f3n con jurisdicci\u00f3n en todos los reinos de la monarqu\u00eda hisp\u00e1nica, funcionando como un eficaz instrumento de control social y pol\u00edtico<\/strong> al servicio de la consolidaci\u00f3n del Estado moderno y de la unidad religiosa. Mientras que la Inquisici\u00f3n romana o la medieval eran principalmente herramientas eclesi\u00e1sticas para la disciplina doctrinal, la espa\u00f1ola fue, en gran medida, un aparato de Estado con fines religiosos y pol\u00edticos entrelazados.<\/span><\/p>\n<p>&nbsp;<\/p>\n<blockquote>\n<p style=\"text-align: center;\"><strong><span style=\"font-size: 14pt; color: #008000;\">Mientras que la Inquisici\u00f3n romana o la medieval eran principalmente herramientas eclesi\u00e1sticas para la disciplina doctrinal, la espa\u00f1ola fue, en gran medida, un aparato de Estado con fines religiosos y pol\u00edticos entrelazados<\/span><\/strong><\/p>\n<\/blockquote>\n<p>&nbsp;<\/p>\n<figure id=\"attachment_3775\" aria-describedby=\"caption-attachment-3775\" style=\"width: 280px\" class=\"wp-caption aligncenter\"><a href=\"https:\/\/es.wikipedia.org\/wiki\/Fernando_de_Vald%C3%A9s_y_Llano\" target=\"_blank\" rel=\"noopener\" data-schema-attribute=\"\"><img loading=\"lazy\" decoding=\"async\" class=\"wp-image-3775\" src=\"https:\/\/puntocritico.com\/ausajpuntocritico\/wp-content\/uploads\/2017\/07\/fernando-de-valdes-inquisidor-general-fdr.jpg\" alt=\"\" width=\"280\" height=\"322\" \/><\/a><figcaption id=\"caption-attachment-3775\" class=\"wp-caption-text\"><span style=\"color: #008000;\">Retrato de Fernando de Vald\u00e9s y Llanos pintado por Vel\u00e1zquez ca. 1640. Fernando de Vald\u00e9s y Llano (Cangas de Tineo, 1575 &#8211; Madrid, 1639) fue un cl\u00e9rigo y hombre de estado espa\u00f1ol, obispo de Teruel, obispo electo de Le\u00f3n, arzobispo de Granada, obispo electo de Sig\u00fcenza y presidente del Consejo de Castilla. Hijo de Juan Queipo de Llano, natural de Cangas del Narcea y perteneciente a noble familia, y de Catalina Vald\u00e9s, natural de Salas y sobrina del inquisidor general, arzobispo de Sevilla y presidente del Consejo de Castilla, Fernando de Vald\u00e9s y Salas, que influir\u00eda en la carrera y en el mismo orden de los apellidos del sobrino nieto. <\/span><\/figcaption><\/figure>\n<p>&nbsp;<\/p>\n<h5 style=\"text-align: justify;\"><span style=\"font-size: 14pt;\"><strong>2.3.2. M\u00e9todos, Objetivos y Financiaci\u00f3n<\/strong><\/span><\/h5>\n<p style=\"text-align: justify;\"><span style=\"font-size: 14pt;\">El objetivo primordial y fundacional del <em><strong>Santo Oficio<\/strong><\/em> fue la persecuci\u00f3n de la \u00ab<em>her\u00e9tica pravedad<\/em>\u00ab, centrada inicialmente en los <strong>judeoconversos<\/strong> o \u00ab<em>cristianos nuevos<\/em>\u00ab, de quienes se sospechaba que continuaban practicando el juda\u00edsmo en secreto (<em>criptojuda\u00edsmo<\/em>). <\/span><\/p>\n<p style=\"text-align: justify;\"><span style=\"font-size: 14pt;\">Tras la expulsi\u00f3n de los jud\u00edos en 1492 y la conversi\u00f3n forzosa de los musulmanes, su atenci\u00f3n se extendi\u00f3 tambi\u00e9n a los <strong>moriscos<\/strong>. Con la llegada de la <strong>Reforma Protestante<\/strong>, se convirti\u00f3 en un baluarte de la <strong>Contrarreforma<\/strong>, reprimiendo eficazmente los focos <em>luteranos<\/em> en Espa\u00f1a.<\/span><\/p>\n<p style=\"text-align: justify;\"><span style=\"font-size: 14pt;\">Su procedimiento comenzaba con la publicaci\u00f3n de un <strong>\u00ab<em>edicto de fe<\/em>\u00ab<\/strong> en las iglesias, que reemplaz\u00f3 a los iniciales \u00ab<em>edictos de gracia<\/em>\u00ab. <strong>Este edicto describ\u00eda las pr\u00e1cticas consideradas her\u00e9ticas y exhortaba a los fieles, bajo pena de excomuni\u00f3n, a denunciar a quienes las cometieran y a autodenunciarse<\/strong>.<\/span><\/p>\n<p>&nbsp;<\/p>\n<blockquote>\n<p style=\"text-align: center;\"><strong><span style=\"font-size: 14pt; color: #008000;\">Esto gener\u00f3 un clima de delaci\u00f3n y miedo social generalizado. <\/span><\/strong><\/p>\n<p style=\"text-align: center;\"><strong><span style=\"font-size: 14pt; color: #008000;\">Una vez recibida una denuncia, el proceso se desarrollaba en secreto, con las caracter\u00edsticas ya descritas de indefensi\u00f3n para el acusado. <\/span><\/strong><\/p>\n<p style=\"text-align: center;\"><strong><span style=\"font-size: 14pt; color: #008000;\"><span style=\"font-size: 14pt;\">La confiscaci\u00f3n de todos los bienes de los condenados por herej\u00eda no era solo una pena accesoria, sino un pilar econ\u00f3mico fundamental.<\/span><\/span><\/strong><\/p>\n<\/blockquote>\n<p>&nbsp;<\/p>\n<p><img loading=\"lazy\" decoding=\"async\" class=\"aligncenter wp-image-2311041\" src=\"https:\/\/puntocritico.com\/ausajpuntocritico\/wp-content\/uploads\/2025\/08\/justicia-parcial-300x192.png\" alt=\"\" width=\"400\" height=\"256\" srcset=\"https:\/\/puntocritico.com\/ausajpuntocritico\/wp-content\/uploads\/2025\/08\/justicia-parcial-300x192.png 300w, https:\/\/puntocritico.com\/ausajpuntocritico\/wp-content\/uploads\/2025\/08\/justicia-parcial-768x491.png 768w, https:\/\/puntocritico.com\/ausajpuntocritico\/wp-content\/uploads\/2025\/08\/justicia-parcial.png 902w\" sizes=\"auto, (max-width: 400px) 100vw, 400px\" \/><\/p>\n<p>&nbsp;<\/p>\n<p style=\"text-align: justify;\"><span style=\"font-size: 14pt;\">Esto gener\u00f3 un <strong>clima de delaci\u00f3n y miedo social<\/strong> generalizado. Una vez recibida una denuncia, el proceso se desarrollaba en secreto, con las caracter\u00edsticas ya descritas de indefensi\u00f3n para el acusado.<\/span><\/p>\n<p style=\"text-align: justify;\"><span style=\"font-size: 14pt;\"><strong>Un aspecto crucial del funcionamiento del tribunal fue su sistema de financiaci\u00f3n<\/strong>. La <strong>confiscaci\u00f3n de todos los bienes<\/strong> de los condenados por herej\u00eda no era solo una pena accesoria, sino un pilar econ\u00f3mico fundamental. Los bienes confiscados pasaban al <strong>Fisco de la Inquisici\u00f3n<\/strong>, que los utilizaba para pagar salarios a su <strong>vasta burocracia<\/strong> (<em>inquisidores, fiscales, notarios, carceleros<\/em>) y para sufragar los costosos <em><strong>autos de fe<\/strong><\/em>. <\/span><\/p>\n<p style=\"text-align: justify;\"><span style=\"font-size: 14pt;\">Este mecanismo cre\u00f3 <strong>un poderoso incentivo econ\u00f3mico para la persecuci\u00f3n<\/strong>, ya que la supervivencia y expansi\u00f3n del aparato inquisitorial depend\u00edan directamente del n\u00famero de condenas que produjeran confiscaciones.<\/span><\/p>\n<p>&nbsp;<\/p>\n<blockquote>\n<p style=\"text-align: center;\"><span style=\"color: #008000;\"><strong><span style=\"font-size: 14pt;\">La supervivencia y expansi\u00f3n del aparato inquisitorial depend\u00edan directamente del n\u00famero de condenas que produjeran confiscaciones<\/span><\/strong><\/span><\/p>\n<\/blockquote>\n<p>&nbsp;<\/p>\n<figure id=\"attachment_1923\" aria-describedby=\"caption-attachment-1923\" style=\"width: 480px\" class=\"wp-caption aligncenter\"><img loading=\"lazy\" decoding=\"async\" class=\"wp-image-1923\" src=\"https:\/\/puntocritico.com\/ausajpuntocritico\/wp-content\/uploads\/2017\/04\/Auto_de_fe_1-300x199.jpg\" alt=\"\" width=\"480\" height=\"319\" srcset=\"https:\/\/puntocritico.com\/ausajpuntocritico\/wp-content\/uploads\/2017\/04\/Auto_de_fe_1-300x199.jpg 300w, https:\/\/puntocritico.com\/ausajpuntocritico\/wp-content\/uploads\/2017\/04\/Auto_de_fe_1-678x452.jpg 678w, https:\/\/puntocritico.com\/ausajpuntocritico\/wp-content\/uploads\/2017\/04\/Auto_de_fe_1.jpg 680w\" sizes=\"auto, (max-width: 480px) 100vw, 480px\" \/><figcaption id=\"caption-attachment-1923\" class=\"wp-caption-text\"><span style=\"color: #008000;\">Francisco Rizi,\u00a0<i>Auto de fe en la plaza Mayor de Madrid<\/i>, 1683, \u00f3leo sobre lienzo, 277 x 438 cm, Madrid,\u00a0Museo del Prado.<\/span><\/figcaption><\/figure>\n<p>&nbsp;<\/p>\n<h5 style=\"text-align: justify;\"><span style=\"font-size: 14pt;\"><strong>2.3.3. El Proceso Contra los <em>Alumbrados<\/em> de Llerena (c. 1575-1579)<\/strong><\/span><\/h5>\n<p style=\"text-align: justify;\"><span style=\"font-size: 14pt;\">El proceso contra el grupo de los <strong><em>alumbrados<\/em> <\/strong>o <em>dejados<\/em> en <strong><em>Llerena<\/em> <\/strong>(<em>Extremadura<\/em>) a finales del siglo XVI sirve como un caso de estudio paradigm\u00e1tico para observar la maquinaria inquisitorial en acci\u00f3n. El <strong><em>alumbradismo<\/em> <\/strong>era una corriente m\u00edstica que propugnaba una religiosidad interior, el \u00ab<em>dejamiento<\/em>\u00bb o abandono pasivo a la voluntad de Dios, y la oraci\u00f3n mental por encima de los ritos y sacramentos externos. <strong>Esta espiritualidad, al minimizar la mediaci\u00f3n de la Iglesia, fue r\u00e1pidamente considerada sospechosa de herej\u00eda<\/strong>.<\/span><\/p>\n<p>&nbsp;<\/p>\n<blockquote>\n<p style=\"text-align: center;\"><span style=\"color: #008000;\"><strong><span style=\"font-size: 14pt;\">El <em>alumbradismo<\/em> era una corriente m\u00edstica que propugnaba una religiosidad interior, el \u00ab<em>dejamiento<\/em>\u00bb o abandono pasivo a la voluntad de Dios, y la oraci\u00f3n mental por encima de los ritos y sacramentos externos<\/span><\/strong><\/span><\/p>\n<\/blockquote>\n<p>&nbsp;<\/p>\n<figure id=\"attachment_2310926\" aria-describedby=\"caption-attachment-2310926\" style=\"width: 400px\" class=\"wp-caption aligncenter\"><a href=\"https:\/\/www.extremaduramisteriosa.com\/la-depravada-secta-de-los-alumbrados\" target=\"_blank\" rel=\"noopener\" data-schema-attribute=\"\"><img loading=\"lazy\" decoding=\"async\" class=\"wp-image-2310926\" src=\"https:\/\/puntocritico.com\/ausajpuntocritico\/wp-content\/uploads\/2025\/08\/los-alumbrados-de-llerena-2-300x203.jpg\" alt=\"\" width=\"400\" height=\"271\" srcset=\"https:\/\/puntocritico.com\/ausajpuntocritico\/wp-content\/uploads\/2025\/08\/los-alumbrados-de-llerena-2-300x203.jpg 300w, https:\/\/puntocritico.com\/ausajpuntocritico\/wp-content\/uploads\/2025\/08\/los-alumbrados-de-llerena-2.jpg 730w\" sizes=\"auto, (max-width: 400px) 100vw, 400px\" \/><\/a><figcaption id=\"caption-attachment-2310926\" class=\"wp-caption-text\"><span style=\"color: #008000;\">Los llamados \u201cAlumbrados\u201d o \u00abIluminados\u00bb eran una secta calificada como insidiosa y depravada. Sus pont\u00edfices eran Hernando \u00c1lvarez y Crist\u00f3bal Chamizo mostraban gran menosprecio por los preceptos divinos y realizaban profanaciones de lugares sagrados. A esto un\u00edan una disoluci\u00f3n carnal inconcebible y las penitencias que impon\u00edan, eran de car\u00e1cter sexual, haci\u00e9ndoles creer que el Mes\u00edas nacer\u00eda de las relaciones sexuales entre ambos. <\/span><\/figcaption><\/figure>\n<p>&nbsp;<\/p>\n<p style=\"text-align: justify;\"><span style=\"font-size: 14pt;\"><strong>El proceso de <em>Llerena<\/em><\/strong> fue impulsado en gran medida por la tenacidad de un fraile, <strong>Fray Alonso de la Fuente<\/strong>, quien se erigi\u00f3 como el principal denunciante y experto en la \u00ab<em>secta<\/em>\u00ab. Las acusaciones se centraron en un grupo de cl\u00e9rigos y laicos, entre ellos figuras como el bachiller<\/span><\/p>\n<p style=\"text-align: justify;\"><span style=\"font-size: 14pt;\"><strong>Hernando de \u00c9cija<\/strong> y el cl\u00e9rigo <strong>Crist\u00f3bal Chamizo<\/strong>. Las denuncias mezclaban proposiciones teol\u00f3gicas consideradas her\u00e9ticas (<em>como la impecabilidad alcanzada en el estado de \u00abdejamiento\u00bb<\/em>) con acusaciones de grave inmoralidad sexual, argumentando que los <strong><em>alumbrados<\/em> <\/strong>cre\u00edan que los actos carnales cometidos en estado de \u00e9xtasis no eran pecado.<\/span><\/p>\n<p>&nbsp;<\/p>\n<p><img loading=\"lazy\" decoding=\"async\" class=\"aligncenter wp-image-2310928\" src=\"https:\/\/puntocritico.com\/ausajpuntocritico\/wp-content\/uploads\/2025\/08\/los-alumbrados-de-llerena-1-300x160.jpg\" alt=\"\" width=\"480\" height=\"256\" srcset=\"https:\/\/puntocritico.com\/ausajpuntocritico\/wp-content\/uploads\/2025\/08\/los-alumbrados-de-llerena-1-300x160.jpg 300w, https:\/\/puntocritico.com\/ausajpuntocritico\/wp-content\/uploads\/2025\/08\/los-alumbrados-de-llerena-1.jpg 750w\" sizes=\"auto, (max-width: 480px) 100vw, 480px\" \/><\/p>\n<p>&nbsp;<\/p>\n<p style=\"text-align: justify;\"><span style=\"font-size: 14pt;\"><strong>El tribunal de <em>Llerena<\/em><\/strong>, establecido en <strong>1485<\/strong>, procedi\u00f3 con la detenci\u00f3n de numerosos sospechosos. <strong>Los procesos siguieron el curso inquisitorial est\u00e1ndar: interrogatorios secretos, b\u00fasqueda de confesiones y delaciones de c\u00f3mplices<\/strong>. <\/span><\/p>\n<p style=\"text-align: justify;\"><span style=\"font-size: 14pt;\"><strong>El caso culmin\u00f3 en un gran <em><strong>a<\/strong>uto de fe<\/em> celebrado en <em>Llerena<\/em> el 14 de junio de 1579<\/strong>, donde varios de los principales acusados, como <strong>Hernando de \u00c9cija <\/strong>y <strong>Crist\u00f3bal Chamizo<\/strong>, fueron sentenciados a diversas penas, incluyendo la condena a galeras.<\/span><\/p>\n<p>&nbsp;<\/p>\n<blockquote>\n<p style=\"text-align: center;\"><span style=\"color: #008000;\"><strong><span style=\"font-size: 14pt;\">Este proceso ilustra un aspecto fundamental del m\u00e9todo inquisitorial: su capacidad no solo para perseguir la herej\u00eda, sino para \u00ab<em>construirla<\/em>\u00ab<\/span><\/strong><\/span><\/p>\n<\/blockquote>\n<p>&nbsp;<\/p>\n<p style=\"text-align: justify;\"><span style=\"font-size: 14pt;\">Este proceso ilustra un aspecto fundamental del m\u00e9todo inquisitorial: su capacidad no solo para perseguir la herej\u00eda, sino para \u00ab<em>construirla<\/em>\u00ab. <strong>A trav\u00e9s de sus interrogatorios, la sistematizaci\u00f3n de denuncias y la elaboraci\u00f3n de edictos, el Santo Oficio defin\u00eda y catalogaba la disidencia, transformando pr\u00e1cticas espirituales ambiguas o ansiedades sociales en un delito concreto y perseguible<\/strong>.\u00a0<\/span><span style=\"font-size: 14pt;\">El proceso inquisitorial, por tanto, no solo \u00ab<em>descubr\u00eda<\/em>\u00bb la desviaci\u00f3n, sino que la produc\u00eda y la defin\u00eda, actuando como un poderoso mecanismo de disciplina social en el contexto de la Contrarreforma.<\/span><\/p>\n<p>&nbsp;<\/p>\n<blockquote>\n<p style=\"text-align: center;\"><strong><span style=\"font-size: 14pt; color: #008000;\">El proceso inquisitorial, por tanto, no solo \u00ab<em>descubr\u00eda<\/em>\u00bb la desviaci\u00f3n, sino que la produc\u00eda y la defin\u00eda, actuando como un poderoso mecanismo de disciplina social en el contexto de la Contrarreforma.<\/span><\/strong><\/p>\n<\/blockquote>\n<p>&nbsp;<\/p>\n<p><a href=\"https:\/\/morrimer.com\/documentales\/los-alumbrados-y-la-inquisicion-de-llerena\/\" target=\"_blank\" rel=\"noopener\" data-schema-attribute=\"\"><img loading=\"lazy\" decoding=\"async\" class=\"aligncenter wp-image-2310927\" src=\"https:\/\/puntocritico.com\/ausajpuntocritico\/wp-content\/uploads\/2025\/08\/Alumbrados-Llerena-LIBRO-192x300.png\" alt=\"\" width=\"240\" height=\"376\" srcset=\"https:\/\/puntocritico.com\/ausajpuntocritico\/wp-content\/uploads\/2025\/08\/Alumbrados-Llerena-LIBRO-192x300.png 192w, https:\/\/puntocritico.com\/ausajpuntocritico\/wp-content\/uploads\/2025\/08\/Alumbrados-Llerena-LIBRO.png 460w\" sizes=\"auto, (max-width: 240px) 100vw, 240px\" \/><\/a><\/p>\n<p>&nbsp;<\/p>\n<h5 style=\"text-align: justify;\"><span style=\"font-size: 14pt;\"><strong>2.3.4. Resistencia, Defensa y Control Cultural<\/strong><\/span><\/h5>\n<p style=\"text-align: justify;\"><span style=\"font-size: 14pt;\">A pesar del inmenso poder del <em><strong>Santo Oficio<\/strong><\/em>, existieron formas de resistencia y estrategias de defensa, aunque limitadas. La principal forma de resistencia pasiva fue el <em><strong>criptojuda\u00edsmo<\/strong><\/em>, <strong>la pr\u00e1ctica tenaz y secreta de los ritos y creencias jud\u00edas por parte de familias conversas a lo largo de generaciones<\/strong>. Descubrir estas pr\u00e1cticas fue la obsesi\u00f3n central de la <strong>Inquisici\u00f3n<\/strong> durante sus primeros 150 a\u00f1os de existencia, dando lugar a miles de procesos.<\/span><\/p>\n<p style=\"text-align: justify;\"><span style=\"font-size: 14pt;\">Para los acusados, las <strong>estrategias de defensa<\/strong> eran precarias. Aunque formalmente se les asignaba un abogado, este sol\u00eda ser un funcionario del propio tribunal cuyo principal objetivo era exhortar al reo a confesar. <strong>La defensa real se centraba en intentar descalificar a los testigos de cargo<\/strong>.<\/span><\/p>\n<p>&nbsp;<\/p>\n<blockquote>\n<p style=\"text-align: center;\"><strong><span style=\"font-size: 14pt; color: #008000;\">Aunque formalmente se les asignaba un abogado, este sol\u00eda ser un funcionario del propio tribunal cuyo principal objetivo era exhortar al reo a confesar<\/span><\/strong><\/p>\n<\/blockquote>\n<p>&nbsp;<\/p>\n<figure id=\"attachment_2216284\" aria-describedby=\"caption-attachment-2216284\" style=\"width: 240px\" class=\"wp-caption aligncenter\"><img loading=\"lazy\" decoding=\"async\" class=\"wp-image-2216284\" src=\"https:\/\/puntocritico.com\/ausajpuntocritico\/wp-content\/uploads\/2021\/06\/Muerte-de-un-Cataro-205x300.jpg\" alt=\"\" width=\"240\" height=\"351\" srcset=\"https:\/\/puntocritico.com\/ausajpuntocritico\/wp-content\/uploads\/2021\/06\/Muerte-de-un-Cataro-205x300.jpg 205w, https:\/\/puntocritico.com\/ausajpuntocritico\/wp-content\/uploads\/2021\/06\/Muerte-de-un-Cataro-699x1024.jpg 699w, https:\/\/puntocritico.com\/ausajpuntocritico\/wp-content\/uploads\/2021\/06\/Muerte-de-un-Cataro-610x893.jpg 610w, https:\/\/puntocritico.com\/ausajpuntocritico\/wp-content\/uploads\/2021\/06\/Muerte-de-un-Cataro.jpg 754w\" sizes=\"auto, (max-width: 240px) 100vw, 240px\" \/><figcaption id=\"caption-attachment-2216284\" class=\"wp-caption-text\"><span style=\"color: #008000;\">Dibujo del siglo XIII que representa la muerte de un c\u00e1taro. (Archivos Nacionales, Par\u00eds)<\/span><\/figcaption><\/figure>\n<p>&nbsp;<\/p>\n<p style=\"text-align: justify;\"><span style=\"font-size: 14pt;\"><strong>Dado que sus identidades eran secretas, el acusado deb\u00eda presentar una lista de \u00ab<em>tachas<\/em>\u00ab, es decir, una lista de todas las personas con las que ten\u00eda enemistad capital<\/strong>, con la esperanza de que alguno de los testigos an\u00f3nimos estuviera en ella. <strong>Otra estrategia, especialmente en casos de proposiciones her\u00e9ticas, era alegar locura, embriaguez o ignorancia, lo que pod\u00eda atenuar la pena<\/strong>.<\/span><\/p>\n<p style=\"text-align: justify;\"><span style=\"font-size: 14pt;\">M\u00e1s all\u00e1 de la persecuci\u00f3n de personas, uno de los legados m\u00e1s duraderos de la <strong>Inquisici\u00f3n<\/strong> fue su rol como aparato de <strong>control cultural y censura<\/strong>. <\/span><\/p>\n<p style=\"text-align: justify;\"><span style=\"font-size: 14pt;\">A trav\u00e9s de la publicaci\u00f3n del <strong>\u00cdndice de Libros Prohibidos y Expurgados<\/strong>, el <strong>Santo Oficio<\/strong> ejerci\u00f3 una estricta vigilancia sobre la circulaci\u00f3n de ideas. <strong>La censura no se limit\u00f3 a obras teol\u00f3gicas protestantes<\/strong>.<\/span><\/p>\n<p>&nbsp;<\/p>\n<figure id=\"attachment_2310929\" aria-describedby=\"caption-attachment-2310929\" style=\"width: 240px\" class=\"wp-caption aligncenter\"><a href=\"https:\/\/es.wikipedia.org\/wiki\/Encyclop%C3%A9die_ou_Dictionnaire_raisonn%C3%A9_des_sciences,_des_arts_et_des_m%C3%A9tiers\" target=\"_blank\" rel=\"noopener\" data-schema-attribute=\"\"><img loading=\"lazy\" decoding=\"async\" class=\"wp-image-2310929\" src=\"https:\/\/puntocritico.com\/ausajpuntocritico\/wp-content\/uploads\/2025\/08\/Encyclopedie_de_DAlembert_et_Diderot_-_Premiere_Page_-_ENC_1-NA5-184x300.jpg\" alt=\"\" width=\"240\" height=\"392\" srcset=\"https:\/\/puntocritico.com\/ausajpuntocritico\/wp-content\/uploads\/2025\/08\/Encyclopedie_de_DAlembert_et_Diderot_-_Premiere_Page_-_ENC_1-NA5-184x300.jpg 184w, https:\/\/puntocritico.com\/ausajpuntocritico\/wp-content\/uploads\/2025\/08\/Encyclopedie_de_DAlembert_et_Diderot_-_Premiere_Page_-_ENC_1-NA5-627x1024.jpg 627w, https:\/\/puntocritico.com\/ausajpuntocritico\/wp-content\/uploads\/2025\/08\/Encyclopedie_de_DAlembert_et_Diderot_-_Premiere_Page_-_ENC_1-NA5-768x1255.jpg 768w, https:\/\/puntocritico.com\/ausajpuntocritico\/wp-content\/uploads\/2025\/08\/Encyclopedie_de_DAlembert_et_Diderot_-_Premiere_Page_-_ENC_1-NA5-940x1536.jpg 940w, https:\/\/puntocritico.com\/ausajpuntocritico\/wp-content\/uploads\/2025\/08\/Encyclopedie_de_DAlembert_et_Diderot_-_Premiere_Page_-_ENC_1-NA5-1253x2048.jpg 1253w, https:\/\/puntocritico.com\/ausajpuntocritico\/wp-content\/uploads\/2025\/08\/Encyclopedie_de_DAlembert_et_Diderot_-_Premiere_Page_-_ENC_1-NA5-1320x2157.jpg 1320w, https:\/\/puntocritico.com\/ausajpuntocritico\/wp-content\/uploads\/2025\/08\/Encyclopedie_de_DAlembert_et_Diderot_-_Premiere_Page_-_ENC_1-NA5-scaled.jpg 1567w\" sizes=\"auto, (max-width: 240px) 100vw, 240px\" \/><\/a><figcaption id=\"caption-attachment-2310929\" class=\"wp-caption-text\"><span style=\"color: #008000;\"><strong>La Encyclop\u00e9die, ou Dictionnaire raisonn\u00e9 des sciences, des arts et des m\u00e9tiers (Enciclopedia, o Diccionario razonado de las ciencias, las artes y los oficios)<\/strong> es una enciclopedia editada entre los a\u00f1os 1751 y 1772 en Francia bajo la direcci\u00f3n de Denis Diderot y Jean le Rond d&#8217;Alembert. Contiene 72.000 art\u00edculos de m\u00e1s de 140 colaboradores, entre ellos Voltaire, Jean-Jacques Rousseau, el bar\u00f3n de Holbach o Turgot, por citar algunos. <\/span><\/figcaption><\/figure>\n<p>&nbsp;<\/p>\n<p style=\"text-align: justify;\"><span style=\"font-size: 14pt;\">Se prohibieron obras de la literatura cl\u00e1sica consideradas lascivas como el <strong><em>Arte de Amar<\/em><\/strong> de <strong>Ovidio<\/strong>, obras cient\u00edficas que contradec\u00edan la interpretaci\u00f3n literal de las escrituras como las de <strong>Cop\u00e9rnico<\/strong> o <strong>Galileo<\/strong> (<em>aunque la Inquisici\u00f3n espa\u00f1ola fue m\u00e1s laxa en este punto que la romana<\/em>), y las obras de los fil\u00f3sofos de la <em>Ilustraci\u00f3n<\/em>, como la <strong><em>Enciclopedia<\/em> <\/strong>de <strong>Diderot<\/strong> y <strong>D&#8217;Alembert<\/strong>, consideradas un arma contra la religi\u00f3n y la monarqu\u00eda. <\/span><\/p>\n<p style=\"text-align: justify;\"><span style=\"font-size: 14pt;\">Esta censura contribuy\u00f3 a un clima de aislamiento intelectual y a la percepci\u00f3n de Espa\u00f1a como un pa\u00eds culturalmente atrasado, un elemento clave de la futura \u00ab<strong><em>Leyenda Negra<\/em><\/strong>\u00ab.<\/span><\/p>\n<p>&nbsp;<\/p>\n<p><img loading=\"lazy\" decoding=\"async\" class=\"aligncenter wp-image-2215516\" src=\"https:\/\/puntocritico.com\/ausajpuntocritico\/wp-content\/uploads\/2021\/06\/139_cataros_2_1623x1999-244x300.jpg\" alt=\"\" width=\"300\" height=\"370\" srcset=\"https:\/\/puntocritico.com\/ausajpuntocritico\/wp-content\/uploads\/2021\/06\/139_cataros_2_1623x1999-244x300.jpg 244w, https:\/\/puntocritico.com\/ausajpuntocritico\/wp-content\/uploads\/2021\/06\/139_cataros_2_1623x1999-831x1024.jpg 831w, https:\/\/puntocritico.com\/ausajpuntocritico\/wp-content\/uploads\/2021\/06\/139_cataros_2_1623x1999-768x946.jpg 768w, https:\/\/puntocritico.com\/ausajpuntocritico\/wp-content\/uploads\/2021\/06\/139_cataros_2_1623x1999-1247x1536.jpg 1247w, https:\/\/puntocritico.com\/ausajpuntocritico\/wp-content\/uploads\/2021\/06\/139_cataros_2_1623x1999-610x751.jpg 610w, https:\/\/puntocritico.com\/ausajpuntocritico\/wp-content\/uploads\/2021\/06\/139_cataros_2_1623x1999.jpg 1623w\" sizes=\"auto, (max-width: 300px) 100vw, 300px\" \/><\/p>\n<p>&nbsp;<\/p>\n<h3 style=\"text-align: center;\"><span style=\"font-size: 18pt;\"><strong>Secci\u00f3n III: La Crisis del Paradigma Inquisitivo: La Cr\u00edtica Ilustrada<\/strong><\/span><\/h3>\n<h4 style=\"text-align: justify;\"><span style=\"font-size: 14pt;\"><strong>3.1. Los Fundamentos Filos\u00f3ficos de la Cr\u00edtica<\/strong><\/span><\/h4>\n<p style=\"text-align: justify;\"><span style=\"font-size: 14pt;\"><strong>El siglo XVIII, la Era de la Raz\u00f3n, fue testigo de un asalto intelectual sistem\u00e1tico a los fundamentos del Antiguo R\u00e9gimen, y el sistema penal inquisitivo se convirti\u00f3 en uno de sus principales objetivos<\/strong>. El pensamiento de la <em>Ilustraci\u00f3n<\/em>, con su exaltaci\u00f3n de la raz\u00f3n, los derechos naturales del individuo, la humanidad y la teor\u00eda del contrato social, provey\u00f3 el <strong>marco filos\u00f3fico para desmantelar la justificaci\u00f3n teol\u00f3gica y absolutista que sustentaba al proceso inquisitorial<\/strong>.<\/span><\/p>\n<p>&nbsp;<\/p>\n<blockquote>\n<p style=\"text-align: center;\"><strong><span style=\"font-size: 14pt; color: #008000;\">El pensamiento de la <em>Ilustraci\u00f3n<\/em>, con su exaltaci\u00f3n de la raz\u00f3n, los derechos naturales del individuo, la humanidad y la teor\u00eda del contrato social, provey\u00f3 el marco filos\u00f3fico para desmantelar la justificaci\u00f3n teol\u00f3gica y absolutista que sustentaba al proceso inquisitorial<\/span><\/strong><\/p>\n<\/blockquote>\n<p>&nbsp;<\/p>\n<p style=\"text-align: justify;\"><span style=\"font-size: 14pt;\">La obra de <strong>Charles de Secondat, Bar\u00f3n de Montesquieu<\/strong>, fue fundamental en este proceso. En <a href=\"https:\/\/puntocritico.com\/ausajpuntocritico\/2025\/08\/06\/del-espiritu-de-las-leyes-montesquieu\/\" target=\"_blank\" rel=\"noopener\" data-schema-attribute=\"\"><strong><em>El esp\u00edritu de las leyes<\/em><\/strong> (1748)<\/a>, <strong>Montesquieu<\/strong> estableci\u00f3 una conexi\u00f3n directa entre la naturaleza de un gobierno y la severidad de sus leyes penales, argumentando que el despotismo se basa en el terror, mientras que los gobiernos moderados se sustentan en la virtud y el honor.<\/span><\/p>\n<p>&nbsp;<\/p>\n<blockquote>\n<p style=\"text-align: center;\"><strong><span style=\"font-size: 14pt; color: #008000;\">Para Montesquieu, la libertad individual solo pod\u00eda garantizarse si el poder de juzgar estaba separado del de legislar y ejecutar, una idea radicalmente incompatible con la figura del inquisidor que investigaba, acusaba y sentenciaba<\/span><\/strong><\/p>\n<\/blockquote>\n<p>&nbsp;<\/p>\n<p><a href=\"https:\/\/puntocritico.com\/ausajpuntocritico\/2025\/08\/06\/del-espiritu-de-las-leyes-montesquieu\/\" target=\"_blank\" rel=\"noopener\" data-schema-attribute=\"\"><img loading=\"lazy\" decoding=\"async\" class=\"aligncenter wp-image-11163\" src=\"https:\/\/puntocritico.com\/ausajpuntocritico\/wp-content\/uploads\/2018\/04\/MONTESQUIEU-Libro-El-espiritu-de-las-Leyes-300x238.gif\" alt=\"\" width=\"400\" height=\"318\" \/><\/a><\/p>\n<p>&nbsp;<\/p>\n<p style=\"text-align: justify;\"><span style=\"font-size: 14pt;\">Su teor\u00eda de la <strong>separaci\u00f3n de poderes<\/strong> (<em>legislativo, ejecutivo y judicial<\/em>) <strong>atacaba directamente el n\u00facleo del sistema inquisitivo: la concentraci\u00f3n de funciones en la figura del juez<\/strong>. <\/span><\/p>\n<p style=\"text-align: justify;\"><span style=\"font-size: 14pt;\">Para <a href=\"https:\/\/puntocritico.com\/ausajpuntocritico\/tag\/montesquieu\/\" target=\"_blank\" rel=\"noopener\" data-schema-attribute=\"\"><strong>Montesquieu<\/strong><\/a>, la libertad individual solo pod\u00eda garantizarse si el poder de juzgar estaba separado del de legislar y ejecutar, una idea radicalmente incompatible con la figura del inquisidor que investigaba, acusaba y sentenciaba.\u00a0<\/span><span style=\"font-size: 14pt;\">Abogaba por un \u00ab<em>esp\u00edritu de moderaci\u00f3n<\/em>\u00bb en el legislador, sentando las bases para un derecho penal m\u00e1s humano y racional.<\/span><\/p>\n<p>&nbsp;<\/p>\n<p><a href=\"https:\/\/puntocritico.com\/ausajpuntocritico\/2021\/02\/03\/naturaleza-y-leyes-de-la-democracia-por-montesquieu\/\" target=\"_blank\" rel=\"noopener\" data-schema-attribute=\"\"><img loading=\"lazy\" decoding=\"async\" class=\"aligncenter wp-image-1888\" src=\"https:\/\/puntocritico.com\/ausajpuntocritico\/wp-content\/uploads\/2017\/04\/Sello_Montesquieu_1-217x300.jpg\" alt=\"\" width=\"280\" height=\"387\" srcset=\"https:\/\/puntocritico.com\/ausajpuntocritico\/wp-content\/uploads\/2017\/04\/Sello_Montesquieu_1-217x300.jpg 217w, https:\/\/puntocritico.com\/ausajpuntocritico\/wp-content\/uploads\/2017\/04\/Sello_Montesquieu_1.jpg 600w\" sizes=\"auto, (max-width: 280px) 100vw, 280px\" \/><\/a><\/p>\n<p>&nbsp;<\/p>\n<h4 style=\"text-align: justify;\"><span style=\"font-size: 14pt;\"><strong>3.2. Cesare Beccaria y la Revoluci\u00f3n del Derecho Penal<\/strong><\/span><\/h4>\n<p style=\"text-align: justify;\"><span style=\"font-size: 14pt;\">Si <strong>Montesquieu<\/strong> sent\u00f3 las bases pol\u00edticas de la cr\u00edtica, fue el jurista y fil\u00f3sofo milan\u00e9s <a href=\"https:\/\/es.wikipedia.org\/wiki\/Cesare_Beccaria\" target=\"_blank\" rel=\"noopener\" data-schema-attribute=\"\"><strong>Cesare Beccaria<\/strong><\/a> quien lanz\u00f3 el ataque m\u00e1s directo y devastador contra el sistema penal de su tiempo. Su breve pero influyente tratado, <strong><em>De los delitos y de las penas<\/em><\/strong> (1764), se convirti\u00f3 en <strong>el manifiesto fundacional del derecho penal liberal y garantista<\/strong>, y su impacto fue inmediato y paneuropeo.<\/span><\/p>\n<p style=\"text-align: justify;\"><span style=\"font-size: 14pt;\"><strong>Beccaria<\/strong>, influenciado por los <em>contractualistas<\/em> y los <em>enciclopedistas franceses<\/em>, <strong>someti\u00f3 el sistema inquisitivo a una cr\u00edtica implacable basada en la raz\u00f3n y la utilidad social.<\/strong> Sus argumentos principales fueron:<\/span><\/p>\n<blockquote>\n<p style=\"text-align: justify;\"><strong><span style=\"font-size: 14pt; color: #008000;\">Cr\u00edtica a la tortura: Beccaria la denunci\u00f3 como una pr\u00e1ctica cruel e irracional. Argumentaba que la tortura no distingu\u00eda entre la inocencia y la culpabilidad; simplemente med\u00eda la resistencia f\u00edsica y la tolerancia al dolor. Un inocente de constituci\u00f3n d\u00e9bil confesar\u00eda un crimen que no cometi\u00f3 para detener el suplicio, mientras que un culpable robusto podr\u00eda resistir y ser absuelto. Por tanto, la tortura era un m\u00e9todo inherentemente falible para descubrir la verdad.<\/span><\/strong><\/p>\n<p style=\"text-align: justify;\"><strong><span style=\"font-size: 14pt; color: #008000;\">Abolici\u00f3n de la pena de muerte: Fue uno de los primeros pensadores en abogar por la abolici\u00f3n total de la pena capital. Su argumento se basaba en la teor\u00eda del contrato social: ning\u00fan individuo, al unirse a la sociedad, cede al Estado el derecho a quitarle la vida. Adem\u00e1s, la consideraba una pena ineficaz para prevenir delitos, argumentando que la certeza y la perpetuidad de un castigo (como la esclavitud perpetua o los trabajos forzados) ten\u00edan un efecto disuasorio mucho m\u00e1s poderoso que el espect\u00e1culo moment\u00e1neo y brutal de una ejecuci\u00f3n. Tambi\u00e9n se\u00f1al\u00f3 el peligro de la irreversibilidad de la pena de muerte ante un posible error judicial.<\/span><\/strong><\/p>\n<p style=\"text-align: justify;\"><strong><span style=\"font-size: 14pt; color: #008000;\">Defensa de los principios garantistas: Beccaria articul\u00f3 por primera vez muchos de los principios que hoy son pilares del derecho penal moderno. Defendi\u00f3 el principio de legalidad, afirmando que solo las leyes pueden definir los delitos y establecer las penas (<em>nullum crimen, nulla poena sine lege<\/em>), para as\u00ed eliminar la arbitrariedad judicial. Abog\u00f3 por la proporcionalidad entre el delito y la pena, la presunci\u00f3n de inocencia, la necesidad de juicios r\u00e1pidos y p\u00fablicos, y la idea de que el fin de las penas no es atormentar a un ser sensible ni deshacer un delito ya cometido, sino impedir que el reo cause nuevos da\u00f1os y disuadir a los dem\u00e1s de cometerlos.<\/span><\/strong><\/p>\n<\/blockquote>\n<p>&nbsp;<\/p>\n<figure id=\"attachment_2310924\" aria-describedby=\"caption-attachment-2310924\" style=\"width: 260px\" class=\"wp-caption aligncenter\"><a href=\"https:\/\/es.wikipedia.org\/wiki\/Cesare_Beccaria\" target=\"_blank\" rel=\"noopener\" data-schema-attribute=\"\"><img loading=\"lazy\" decoding=\"async\" class=\"wp-image-2310924\" src=\"https:\/\/puntocritico.com\/ausajpuntocritico\/wp-content\/uploads\/2025\/08\/330px-Cesare_Beccaria-225x300.jpg\" alt=\"\" width=\"260\" height=\"347\" srcset=\"https:\/\/puntocritico.com\/ausajpuntocritico\/wp-content\/uploads\/2025\/08\/330px-Cesare_Beccaria-225x300.jpg 225w, https:\/\/puntocritico.com\/ausajpuntocritico\/wp-content\/uploads\/2025\/08\/330px-Cesare_Beccaria.jpg 330w\" sizes=\"auto, (max-width: 260px) 100vw, 260px\" \/><\/a><figcaption id=\"caption-attachment-2310924\" class=\"wp-caption-text\"><span style=\"color: #008000;\"><strong>Cesare Beccaria, marqu\u00e9s de Beccaria<\/strong> (Mil\u00e1n, 1738 &#8211; Mil\u00e1n, 1794), fue un literato, fil\u00f3sofo, jurista y economista italiano, abuelo materno de Alessandro Manzoni. Es considerado uno de los pilares del Derecho penal ilustrado, movimiento que reform\u00f3 el Derecho penal europeo moderniz\u00e1ndolo. Despu\u00e9s de publicar algunos ensayos de econom\u00eda, public\u00f3 De los delitos y las penas en 1764, un breve escrito que tuvo mucho \u00e9xito en toda Europa, particularmente en Francia, donde obtuvo el aprecio entusiasta de los fil\u00f3sofos enciclopedistas.<\/span><\/figcaption><\/figure>\n<p>&nbsp;<\/p>\n<p style=\"text-align: justify;\"><span style=\"font-size: 14pt;\">El cambio de paradigma que propuso la Ilustraci\u00f3n fue, en su esencia, una revoluci\u00f3n epistemol\u00f3gica sobre la naturaleza de la \u00ab<em>verdad<\/em>\u00bb y la \u00ab<em>justicia<\/em>\u00bb en el proceso penal. El <strong>sistema inquisitivo<\/strong> operaba bajo la premisa de una <strong>verdad absoluta y trascendente<\/strong>, una verdad \u00fanica que emanaba de la autoridad divina y <strong>que el proceso deb\u00eda descubrir a cualquier precio<\/strong>, justificando as\u00ed sus m\u00e9todos m\u00e1s extremos para salvar el alma del pecador y proteger a la sociedad de la <em>herej\u00eda<\/em>.<\/span><\/p>\n<p>&nbsp;<\/p>\n<blockquote>\n<p style=\"text-align: center;\"><span style=\"color: #008000;\"><strong><span style=\"font-size: 14pt;\">El cambio de paradigma que propuso la Ilustraci\u00f3n fue, en su esencia, una revoluci\u00f3n epistemol\u00f3gica sobre la naturaleza de la \u00ab<em>verdad<\/em>\u00bb y la \u00ab<em>justicia<\/em>\u00bb en el proceso penal<\/span><\/strong><\/span><\/p>\n<\/blockquote>\n<p>&nbsp;<\/p>\n<p style=\"text-align: justify;\"><span style=\"font-size: 14pt;\">La justicia, en este marco, era fundamentalmente retributiva y expiatoria. Por el contrario, la <em>Ilustraci\u00f3n<\/em> introdujo el concepto de una <strong>verdad procesal, humana y, por tanto, falible<\/strong>. <\/span><\/p>\n<p style=\"text-align: justify;\"><span style=\"font-size: 14pt;\">Pensadores como <strong>Beccaria<\/strong> comprendieron que la justicia administrada por hombres es imperfecta y susceptible de error. <strong>Desde esta nueva perspectiva, la verdad no se \u00ab<em>extrae<\/em>\u00bb de forma absoluta, sino que se \u00ab<em>construye<\/em>\u00bb a trav\u00e9s de un debate contradictorio entre partes en igualdad de <em>condiciones<\/em>, regido por normas dise\u00f1adas para minimizar la posibilidad de error<\/strong>. <\/span><\/p>\n<p style=\"text-align: justify;\"><span style=\"font-size: 14pt;\"><strong>Esta transformaci\u00f3n en la concepci\u00f3n de la verdad es la causa subyacente de toda la cr\u00edtica ilustrada<\/strong>: la <strong>tortura<\/strong> dej\u00f3 de ser un instrumento para alcanzar la verdad para convertirse en una fuente de error y barbarie; la <strong>pena de muerte<\/strong> se volvi\u00f3 inaceptable debido a la irreversibilidad de un error judicial; y el <strong>secreto procesal<\/strong>, antes justificado para proteger la investigaci\u00f3n, pas\u00f3 a ser visto como un velo que encubr\u00eda la arbitrariedad del poder.<\/span><\/p>\n<p>&nbsp;<\/p>\n<p><a href=\"https:\/\/www.google.com\/url?sa=i&amp;url=https%3A%2F%2Fwww.amazon.es%2Flos-delitos-las-penas%2Fdp%2F8420611336&amp;psig=AOvVaw3_JcMvag-WBkfh3HHgUBfG&amp;ust=1755017609901000&amp;source=images&amp;cd=vfe&amp;opi=89978449&amp;ved=0CBUQjRxqFwoTCLichqycg48DFQAAAAAdAAAAABAL\" target=\"_blank\" rel=\"noopener\" data-schema-attribute=\"\"><img loading=\"lazy\" decoding=\"async\" class=\"aligncenter wp-image-2310932\" src=\"https:\/\/puntocritico.com\/ausajpuntocritico\/wp-content\/uploads\/2025\/08\/de-los-delitos-y-las-penas-BECCARIA-184x300.jpg\" alt=\"\" width=\"240\" height=\"391\" srcset=\"https:\/\/puntocritico.com\/ausajpuntocritico\/wp-content\/uploads\/2025\/08\/de-los-delitos-y-las-penas-BECCARIA-184x300.jpg 184w, https:\/\/puntocritico.com\/ausajpuntocritico\/wp-content\/uploads\/2025\/08\/de-los-delitos-y-las-penas-BECCARIA.jpg 614w\" sizes=\"auto, (max-width: 240px) 100vw, 240px\" \/><\/a><\/p>\n<p>&nbsp;<\/p>\n<h4 style=\"text-align: justify;\"><span style=\"font-size: 14pt;\"><strong>3.3. La Influencia de la Ilustraci\u00f3n en la Reforma Penal Espa\u00f1ola<\/strong><\/span><\/h4>\n<p style=\"text-align: justify;\"><span style=\"font-size: 14pt;\">La recepci\u00f3n de las ideas de <strong>Beccaria<\/strong> en <em>Espa\u00f1a<\/em> fue un proceso lento y complejo, marcado por la fuerte resistencia de las estructuras del <em>Antiguo R\u00e9gimen<\/em>. La <strong>Inquisici\u00f3n Espa\u00f1ola<\/strong>, sinti\u00e9ndose directamente atacada, <strong>incluy\u00f3 <em>De los delitos y de las penas<\/em> en su \u00cdndice de Libros Prohibidos y persigui\u00f3 su circulaci\u00f3n<\/strong>. A pesar de ello, la obra se difundi\u00f3 clandestinamente y ejerci\u00f3 una notable influencia en los <em>c\u00edrculos reformistas de la Ilustraci\u00f3n espa\u00f1ola<\/em>.<\/span><\/p>\n<p style=\"text-align: justify;\"><span style=\"font-size: 14pt;\">La figura m\u00e1s destacada de este movimiento fue <strong>Manuel de Lardiz\u00e1bal y Uribe<\/strong>, a menudo apodado \u00abe<em>l Beccaria espa\u00f1ol<\/em>\u00ab. En su <strong><em>Discurso sobre las penas<\/em> <\/strong>(1782), <strong>Lardiz\u00e1bal<\/strong> intent\u00f3 adaptar el pensamiento ilustrado a la realidad espa\u00f1ola, proponiendo una reforma del sistema penal desde una posici\u00f3n moderada. Adopt\u00f3 muchas de las cr\u00edticas humanistas, como la condena inequ\u00edvoca de la tortura, a la que consideraba un castigo cruel e in\u00fatil.<\/span><\/p>\n<p>&nbsp;<\/p>\n<figure id=\"attachment_2310933\" aria-describedby=\"caption-attachment-2310933\" style=\"width: 200px\" class=\"wp-caption aligncenter\"><a href=\"https:\/\/es.wikipedia.org\/wiki\/Manuel_de_Lardiz%C3%A1bal_y_Uribe\" target=\"_blank\" rel=\"noopener\" data-schema-attribute=\"\"><img loading=\"lazy\" decoding=\"async\" class=\"wp-image-2310933\" src=\"https:\/\/puntocritico.com\/ausajpuntocritico\/wp-content\/uploads\/2025\/08\/Manuel_Lardizabal_y_Uribe-169x300.jpg\" alt=\"\" width=\"200\" height=\"356\" srcset=\"https:\/\/puntocritico.com\/ausajpuntocritico\/wp-content\/uploads\/2025\/08\/Manuel_Lardizabal_y_Uribe-169x300.jpg 169w, https:\/\/puntocritico.com\/ausajpuntocritico\/wp-content\/uploads\/2025\/08\/Manuel_Lardizabal_y_Uribe.jpg 500w\" sizes=\"auto, (max-width: 200px) 100vw, 200px\" \/><\/a><figcaption id=\"caption-attachment-2310933\" class=\"wp-caption-text\"><span style=\"color: #008000;\"><strong>Manuel de Lardiz\u00e1bal y Urive\/Uribe<\/strong> (San Juan del Molino, Tlaxcala, 1739 &#8211; Madrid, 1820), jurista novohispano.<\/span><\/figcaption><\/figure>\n<p>&nbsp;<\/p>\n<p style=\"text-align: justify;\"><span style=\"font-size: 14pt;\">Sin embargo, su <strong>reformismo<\/strong> ten\u00eda l\u00edmites claros: defendi\u00f3 la utilidad y necesidad de la pena de muerte para los delitos m\u00e1s graves y <strong>trat\u00f3 de conciliar los nuevos principios con el mantenimiento de la monarqu\u00eda absoluta y la fe cat\u00f3lica como pilares del orden social<\/strong>. Su obra representa un intento de s\u00edntesis entre la tradici\u00f3n jur\u00eddica espa\u00f1ola y las nuevas corrientes europeas, <strong>un reformismo pragm\u00e1tico que buscaba modernizar la justicia sin romper con el sistema pol\u00edtico vigente<\/strong>.<\/span><\/p>\n<p style=\"text-align: justify;\"><span style=\"font-size: 14pt;\">A pesar de las resistencias, las ideas ilustradas fueron calando gradualmente.\u00a0<\/span><span style=\"font-size: 14pt;\"><strong>La abolici\u00f3n definitiva de la tortura en Espa\u00f1a se decret\u00f3 en 1811<\/strong>, y la <strong>Constituci\u00f3n de C\u00e1diz de 1812<\/strong> consagr\u00f3 por primera vez algunos de los principios garantistas. <\/span><\/p>\n<p style=\"text-align: justify;\"><span style=\"font-size: 14pt;\">Este proceso culminar\u00eda en <strong>los c\u00f3digos penales del siglo XIX, que, aunque no adoptaron un sistema acusatorio puro, marcaron el inicio de la transici\u00f3n del modelo inquisitivo a un sistema mixto<\/strong>, reflejando la duradera influencia de la cr\u00edtica ilustrada.<\/span><\/p>\n<p>&nbsp;<\/p>\n<p><img loading=\"lazy\" decoding=\"async\" class=\"aligncenter wp-image-1389829\" src=\"https:\/\/puntocritico.com\/ausajpuntocritico\/wp-content\/uploads\/2020\/11\/Const._C\u00e1diz-225x300.jpg\" alt=\"\" width=\"260\" height=\"346\" srcset=\"https:\/\/puntocritico.com\/ausajpuntocritico\/wp-content\/uploads\/2020\/11\/Const._C\u00e1diz-225x300.jpg 225w, https:\/\/puntocritico.com\/ausajpuntocritico\/wp-content\/uploads\/2020\/11\/Const._C\u00e1diz.jpg 442w\" sizes=\"auto, (max-width: 260px) 100vw, 260px\" \/><\/p>\n<p>&nbsp;<\/p>\n<h3 style=\"text-align: center;\"><span style=\"font-size: 18pt;\"><strong>Secci\u00f3n IV: El Legado del Sistema Inquisitivo en el Derecho Contempor\u00e1neo<\/strong><\/span><\/h3>\n<h4 style=\"text-align: justify;\"><span style=\"font-size: 14pt;\"><strong>4.1. La Transici\u00f3n a los Sistemas Mixtos<\/strong><\/span><\/h4>\n<p style=\"text-align: justify;\"><span style=\"font-size: 14pt;\">La demolici\u00f3n intelectual del sistema inquisitivo por parte de la Ilustraci\u00f3n y el cataclismo pol\u00edtico de la Revoluci\u00f3n Francesa no condujeron a una adopci\u00f3n inmediata y generalizada del sistema acusatorio puro en la Europa continental. En su lugar, el siglo XIX vio el surgimiento y la consolidaci\u00f3n de un <strong>sistema procesal mixto<\/strong>, tambi\u00e9n conocido como acusatorio formal. <\/span><\/p>\n<p style=\"text-align: justify;\"><span style=\"font-size: 14pt;\">Este modelo, cuyo arquetipo es el\u00a0<\/span><span style=\"font-size: 14pt;\"><strong><em>Code d&#8217;instruction criminelle<\/em> franc\u00e9s de 1808<\/strong>, representa un compromiso hist\u00f3rico entre las tradiciones del <em>Antiguo R\u00e9gimen<\/em> y los<em> nuevos principios liberales<\/em>.<\/span><\/p>\n<p style=\"text-align: justify;\"><span style=\"font-size: 14pt;\"><strong>La estructura del sistema mixto es dual<\/strong>: combina <strong>una primera fase de instrucci\u00f3n o sumario<\/strong>, que <strong>conserva las caracter\u00edsticas esenciales del modelo inquisitivo<\/strong>, con <strong>una segunda fase de juicio oral<\/strong>, que <strong>adopta los principios del modelo acusatorio<\/strong>. <\/span><\/p>\n<p style=\"text-align: justify;\"><span style=\"font-size: 14pt;\"><strong>La fase de instrucci\u00f3n<\/strong> es dirigida por un juez instructor, es predominantemente escrita y secreta, y su objetivo es recabar pruebas para determinar si existen m\u00e9ritos para llevar a juicio al imputado. <\/span><\/p>\n<p style=\"text-align: justify;\"><span style=\"font-size: 14pt;\"><strong>Una vez concluida esta fase, si se decide abrir el juicio, el proceso se transforma<\/strong>: la vista se celebra de forma p\u00fablica, oral y contradictoria ante un tribunal diferente, donde la acusaci\u00f3n y la defensa debaten en igualdad de condiciones. <\/span><\/p>\n<p style=\"text-align: justify;\"><span style=\"font-size: 14pt;\">Este <strong>modelo h\u00edbrido<\/strong> fue el que se implant\u00f3 en <em>Espa\u00f1a<\/em>, <em>Italia<\/em>, <em>Alemania<\/em> y, por extensi\u00f3n, en toda <em>Am\u00e9rica Latina<\/em>, y ha conformado la cultura jur\u00eddica de estos pa\u00edses durante casi dos siglos.<\/span><\/p>\n<p>&nbsp;<\/p>\n<figure id=\"attachment_2310947\" aria-describedby=\"caption-attachment-2310947\" style=\"width: 280px\" class=\"wp-caption aligncenter\"><img loading=\"lazy\" decoding=\"async\" class=\"wp-image-2310947\" src=\"https:\/\/puntocritico.com\/ausajpuntocritico\/wp-content\/uploads\/2025\/08\/Merida_-_Fresken_Pacheco_14_Diego_de_Landa-225x300.jpg\" alt=\"\" width=\"280\" height=\"373\" srcset=\"https:\/\/puntocritico.com\/ausajpuntocritico\/wp-content\/uploads\/2025\/08\/Merida_-_Fresken_Pacheco_14_Diego_de_Landa-225x300.jpg 225w, https:\/\/puntocritico.com\/ausajpuntocritico\/wp-content\/uploads\/2025\/08\/Merida_-_Fresken_Pacheco_14_Diego_de_Landa.jpg 330w\" sizes=\"auto, (max-width: 280px) 100vw, 280px\" \/><figcaption id=\"caption-attachment-2310947\" class=\"wp-caption-text\"><span style=\"color: #008000;\">Quema de los \u00eddolos y documentos mayas por Fray Diego de Landa. Mural del pintor mexicano Fernando Castro Pacheco.<\/span><\/figcaption><\/figure>\n<p>&nbsp;<\/p>\n<h4 style=\"text-align: justify;\"><span style=\"font-size: 14pt;\"><strong>4.2. Vestigios en el Proceso Penal Espa\u00f1ol Actual<\/strong><\/span><\/h4>\n<p style=\"text-align: justify;\"><span style=\"font-size: 14pt;\">El principal legado del sistema inquisitivo en el ordenamiento jur\u00eddico espa\u00f1ol contempor\u00e1neo se materializa en la figura del <strong>Juez de Instrucci\u00f3n<\/strong>, consagrada en la <strong>Ley de Enjuiciamiento Criminal de 1882<\/strong>, una norma que, con m\u00faltiples reformas, sigue vigente en gran parte de su estructura. <\/span><\/p>\n<p style=\"text-align: justify;\"><span style=\"font-size: 14pt;\"><strong>El Juez de Instrucci\u00f3n es el director de la fase de investigaci\u00f3n<\/strong> (<em>el sumario o las diligencias previas<\/em>). En este rol, ejerce <strong>funciones de naturaleza investigadora<\/strong>: ordena diligencias, toma declaraciones, autoriza registros, interviene comunicaciones y, en definitiva, acumula el material probatorio que servir\u00e1 de base para la acusaci\u00f3n.<\/span><\/p>\n<p style=\"text-align: justify;\"><span style=\"font-size: 14pt;\"><strong>Esta configuraci\u00f3n genera una tensi\u00f3n fundamental con el principio de imparcialidad judicial. Al dirigir la investigaci\u00f3n, el juez inevitablemente forma una convicci\u00f3n previa sobre el caso, lo que contamina su imparcialidad objetiva<\/strong>. Aunque no sea el mismo juez quien juzgue en la fase de juicio oral, su rol en la construcci\u00f3n del sumario le confiere un poder que recuerda al del antiguo inquisidor, y la fase de instrucci\u00f3n conserva rasgos de secreto y escritura que chocan con los principios de un sistema plenamente acusatorio.<\/span><\/p>\n<p style=\"text-align: justify;\"><span style=\"font-size: 14pt;\">Esta contradicci\u00f3n inherente ha alimentado un <strong>debate recurrente en Espa\u00f1a sobre la necesidad de una reforma profunda<\/strong> del proceso penal. La propuesta central, que ha estado sobre la mesa de diversos gobiernos durante d\u00e9cadas, consiste en <strong>transferir la direcci\u00f3n de la investigaci\u00f3n al Ministerio Fiscal<\/strong>, convirti\u00e9ndolo en un \u00ab<em><strong>fiscal instructor<\/strong><\/em>\u00ab, y transformar al Juez de Instrucci\u00f3n en un <strong>\u00abjuez de garant\u00edas\u00bb<\/strong>.<\/span><\/p>\n<p>&nbsp;<\/p>\n<figure id=\"attachment_2300496\" aria-describedby=\"caption-attachment-2300496\" style=\"width: 360px\" class=\"wp-caption aligncenter\"><img loading=\"lazy\" decoding=\"async\" class=\"wp-image-2300496\" src=\"https:\/\/puntocritico.com\/ausajpuntocritico\/wp-content\/uploads\/2024\/08\/Ortiz-relato-FGE-300x242.jpg\" alt=\"\" width=\"360\" height=\"291\" srcset=\"https:\/\/puntocritico.com\/ausajpuntocritico\/wp-content\/uploads\/2024\/08\/Ortiz-relato-FGE-300x242.jpg 300w, https:\/\/puntocritico.com\/ausajpuntocritico\/wp-content\/uploads\/2024\/08\/Ortiz-relato-FGE.jpg 318w\" sizes=\"auto, (max-width: 360px) 100vw, 360px\" \/><figcaption id=\"caption-attachment-2300496\" class=\"wp-caption-text\"><span style=\"color: #008000;\">\u201cSi dejamos pasar el momento nos van a ganar el relato\u00bb (\u00c1lvaro Garc\u00eda Ortiz, Fiscal General del Estado)<\/span><\/figcaption><\/figure>\n<p>&nbsp;<\/p>\n<p style=\"text-align: justify;\"><span style=\"font-size: 14pt;\">En este modelo,<strong> el fiscal dirigir\u00eda a la polic\u00eda judicial y llevar\u00eda el peso de la investigaci\u00f3n, mientras que el juez actuar\u00eda como un supervisor imparcial<\/strong>, autorizando \u00fanicamente aquellas diligencias que afecten a derechos fundamentales (<em>como detenciones, registros domiciliarios o intervenciones telef\u00f3nicas<\/em>) y velando por el respeto de las garant\u00edas del imputado. <\/span><\/p>\n<p style=\"text-align: justify;\"><span style=\"font-size: 14pt;\">Los argumentos a favor de esta reforma son la alineaci\u00f3n con la mayor\u00eda de los sistemas europeos, el fortalecimiento de la imparcialidad del poder judicial y una mayor eficiencia. <\/span><\/p>\n<p style=\"text-align: justify;\"><span style=\"font-size: 14pt;\">Sin embargo, la reforma se ha visto frenada por importantes objeciones, <strong>principalmente la preocupaci\u00f3n por la falta de independencia del Ministerio Fiscal respecto del poder ejecutivo<\/strong>, ya que su c\u00fapula es nombrada por el gobierno, lo que podr\u00eda comprometer la objetividad de las investigaciones, especialmente en casos de corrupci\u00f3n pol\u00edtica.<\/span><\/p>\n<p>&nbsp;<\/p>\n<figure id=\"attachment_2310948\" aria-describedby=\"caption-attachment-2310948\" style=\"width: 240px\" class=\"wp-caption aligncenter\"><a href=\"https:\/\/es.wikipedia.org\/wiki\/Inquisici%C3%B3n_en_Am%C3%A9rica\" target=\"_blank\" rel=\"noopener\" data-schema-attribute=\"\"><img loading=\"lazy\" decoding=\"async\" class=\"wp-image-2310948\" src=\"https:\/\/puntocritico.com\/ausajpuntocritico\/wp-content\/uploads\/2025\/08\/Matias_Moreno_c._1878_El_cardenal_Francisco_Jimenez_de_Cisneros_Museo_del_Prado-182x300.jpg\" alt=\"\" width=\"240\" height=\"395\" srcset=\"https:\/\/puntocritico.com\/ausajpuntocritico\/wp-content\/uploads\/2025\/08\/Matias_Moreno_c._1878_El_cardenal_Francisco_Jimenez_de_Cisneros_Museo_del_Prado-182x300.jpg 182w, https:\/\/puntocritico.com\/ausajpuntocritico\/wp-content\/uploads\/2025\/08\/Matias_Moreno_c._1878_El_cardenal_Francisco_Jimenez_de_Cisneros_Museo_del_Prado.jpg 500w\" sizes=\"auto, (max-width: 240px) 100vw, 240px\" \/><\/a><figcaption id=\"caption-attachment-2310948\" class=\"wp-caption-text\"><span style=\"color: #008000;\">El Cardenal Cisneros, quien orden\u00f3 en 1511 que los obispos americanos cumplieran la funci\u00f3n de inquisidores.<\/span><\/figcaption><\/figure>\n<p>&nbsp;<\/p>\n<h4 style=\"text-align: justify;\"><span style=\"font-size: 14pt;\"><strong>4.3. La Reforma Procesal en Am\u00e9rica Latina<\/strong><\/span><\/h4>\n<p style=\"text-align: justify;\"><span style=\"font-size: 14pt;\"><em>Am\u00e9rica Latina<\/em> <strong>hered\u00f3 el sistema inquisitivo mixto<\/strong> a trav\u00e9s de la legislaci\u00f3n colonial espa\u00f1ola y lo mantuvo tras su independencia. <strong>Durante gran parte del siglo XX, los procesos penales en la regi\u00f3n se caracterizaron por su lentitud, su car\u00e1cter escrito y secreto, la vulneraci\u00f3n de derechos y altos niveles de impunidad, a menudo instrumentalizados por reg\u00edmenes autoritarios<\/strong>.<\/span><\/p>\n<p style=\"text-align: justify;\"><span style=\"font-size: 14pt;\">A partir de finales de la d\u00e9cada de 1980, coincidiendo con los procesos de democratizaci\u00f3n, se inici\u00f3 en la regi\u00f3n una profunda y extensa ola de reformas procesales penales con el <strong>objetivo de abandonar el legado inquisitivo y adoptar sistemas acusatorios de corte adversarial<\/strong>. Pa\u00edses como <em>Chile<\/em> y <em>Colombia<\/em> fueron pioneros en este cambio, seguidos por la mayor\u00eda de las naciones latinoamericanas, incluyendo una reforma constitucional en <em>M\u00e9xico<\/em> en 2008.<\/span><\/p>\n<p style=\"text-align: justify;\"><span style=\"font-size: 14pt;\"><strong>Estas reformas han introducido cambios estructurales, como la separaci\u00f3n de las funciones de investigar y juzgar, la implementaci\u00f3n de la oralidad y la publicidad en todas las fases del proceso<\/strong>, y la creaci\u00f3n de la figura del <strong>\u00ab<em>juez de garant\u00edas<\/em>\u00ab<\/strong>.\u00a0<\/span><span style=\"font-size: 14pt;\">A diferencia del juez de instrucci\u00f3n, este juez no investiga; su funci\u00f3n es controlar la legalidad de la actuaci\u00f3n del fiscal durante la investigaci\u00f3n y proteger los derechos fundamentales del imputado y de la v\u00edctima.<\/span><\/p>\n<p style=\"text-align: justify;\"><span style=\"font-size: 14pt;\">A pesar del \u00e9xito normativo de estas reformas, <strong>su implementaci\u00f3n ha enfrentado un desaf\u00edo formidable: la persistencia de una \u00abcultura inquisitiva\u00bb profundamente arraigada en los operadores del sistema<\/strong> (<em>jueces, fiscales, polic\u00edas y abogados<\/em>). <\/span><\/p>\n<p style=\"text-align: justify;\"><span style=\"font-size: 14pt;\"><strong>Tras siglos de pr\u00e1ctica, muchos actores jur\u00eddicos tienden a reproducir los patrones y la l\u00f3gica del sistema anterior, incluso dentro del nuevo marco legal<\/strong>. <em>Por ejemplo<\/em>, se observa una resistencia a la oralidad y una preferencia por el expediente escrito, una tendencia de los jueces a intervenir activamente en el debate en lugar de actuar como \u00e1rbitros pasivos, y una visi\u00f3n persistente del imputado como culpable. <\/span><\/p>\n<p style=\"text-align: justify;\"><span style=\"font-size: 14pt;\"><strong>Superar este legado cultural, que es m\u00e1s profundo que el normativo, requiere no solo cambios legislativos, sino tambi\u00e9n un intenso y sostenido esfuerzo<\/strong> en formaci\u00f3n, capacitaci\u00f3n y un cambio generacional en la mentalidad de los operadores de justicia.<\/span><\/p>\n<p>&nbsp;<\/p>\n<figure id=\"attachment_2310949\" aria-describedby=\"caption-attachment-2310949\" style=\"width: 240px\" class=\"wp-caption aligncenter\"><img loading=\"lazy\" decoding=\"async\" class=\"wp-image-2310949\" src=\"https:\/\/puntocritico.com\/ausajpuntocritico\/wp-content\/uploads\/2025\/08\/Auto_de_la_Fe_-_Lima_-_23_de_enero_de_1639-198x300.jpg\" alt=\"\" width=\"240\" height=\"363\" srcset=\"https:\/\/puntocritico.com\/ausajpuntocritico\/wp-content\/uploads\/2025\/08\/Auto_de_la_Fe_-_Lima_-_23_de_enero_de_1639-198x300.jpg 198w, https:\/\/puntocritico.com\/ausajpuntocritico\/wp-content\/uploads\/2025\/08\/Auto_de_la_Fe_-_Lima_-_23_de_enero_de_1639.jpg 500w\" sizes=\"auto, (max-width: 240px) 100vw, 240px\" \/><figcaption id=\"caption-attachment-2310949\" class=\"wp-caption-text\"><span style=\"color: #008000;\">Anuncio de un Auto de Fe celebrado en Lima el 23 de enero de 1639.<\/span><\/figcaption><\/figure>\n<p>&nbsp;<\/p>\n<h4 style=\"text-align: justify;\"><span style=\"font-size: 14pt;\"><strong>4.4. Impacto Cultural y Conclusiones: La \u00ab<em>Leyenda Negra<\/em>\u00bb y la Pervivencia del Arquetipo<\/strong><\/span><\/h4>\n<p style=\"text-align: justify;\"><span style=\"font-size: 14pt;\"><strong>El impacto de la Inquisici\u00f3n Espa\u00f1ola trascendi\u00f3 con creces el \u00e1mbito jur\u00eddico y temporal de su existencia, dando lugar a la llamada<\/strong> <strong>\u00ab<em>Leyenda Negra<\/em>\u00ab<\/strong>, una construcci\u00f3n propagand\u00edstica que la convirti\u00f3 en el s\u00edmbolo por excelencia de la tiran\u00eda, la intolerancia y la barbarie. <\/span><\/p>\n<p style=\"text-align: justify;\"><span style=\"font-size: 14pt;\"><strong>Esta narrativa se origin\u00f3 en el siglo XVI, alimentada por las rivalidades pol\u00edticas y religiosas de <em>Espa\u00f1a<\/em> con otras potencias europeas<\/strong>. Escritos de <em>exiliados protestantes espa\u00f1oles<\/em>, la propaganda pol\u00edtica en los <em>Pa\u00edses Bajos<\/em> durante su guerra de independencia y la rivalidad con <em>Inglaterra<\/em> contribuyeron a forjar una imagen de la <strong>Inquisici\u00f3n<\/strong> como una instituci\u00f3n excepcionalmente cruel y sanguinaria.<\/span><\/p>\n<p style=\"text-align: justify;\"><span style=\"font-size: 14pt;\">Esta imagen fue consolidada y universalizada durante la <em>Ilustraci\u00f3n<\/em>, especialmente por pensadores franceses como <strong>Voltaire<\/strong> y los <em>enciclopedistas<\/em>, que <strong>utilizaron a la <em>Inquisici\u00f3n<\/em> como el ejemplo perfecto del oscurantismo y el fanatismo que pretend\u00edan combatir<\/strong>. <\/span><\/p>\n<p style=\"text-align: justify;\"><span style=\"font-size: 14pt;\">La \u00ab<em><strong>Leyenda Negra<\/strong><\/em>\u00bb <strong>exager\u00f3 sistem\u00e1ticamente el n\u00famero de v\u00edctimas y la frecuencia del uso de la tortura, y present\u00f3 como norma lo que a menudo eran pr\u00e1cticas excepcionales<\/strong>, creando un mito culturalmente muy poderoso que ha perdurado hasta nuestros d\u00edas a trav\u00e9s de la literatura, el cine y la cultura popular.<\/span><\/p>\n<p style=\"text-align: justify;\"><span style=\"font-size: 14pt;\"><strong>En conclusi\u00f3n<\/strong>, el proceso penal inquisitivo, desde sus or\u00edgenes en el derecho can\u00f3nico hasta su apogeo en las monarqu\u00edas absolutas, <strong>representa un modelo de justicia coherente en su l\u00f3gica interna pero fundamentalmente incompatible con los principios del Estado de derecho<\/strong>. Su estudio revela una tensi\u00f3n hist\u00f3rica perenne entre la b\u00fasqueda de la eficacia represiva del Estado y la protecci\u00f3n de las garant\u00edas individuales.<\/span><\/p>\n<p>&nbsp;<\/p>\n<blockquote>\n<p style=\"text-align: center;\"><span style=\"color: #008000;\"><strong><span style=\"font-size: 14pt;\">El proceso penal inquisitivo, desde sus or\u00edgenes en el derecho can\u00f3nico hasta su apogeo en las monarqu\u00edas absolutas, representa un modelo de justicia coherente en su l\u00f3gica interna pero fundamentalmente incompatible con los principios del Estado de derecho.<\/span><\/strong><\/span><\/p>\n<p style=\"text-align: center;\"><strong><span style=\"font-size: 14pt; color: #008000;\">Su estudio revela una tensi\u00f3n hist\u00f3rica perenne entre la b\u00fasqueda de la eficacia represiva del Estado y la protecci\u00f3n de las garant\u00edas individuales.<\/span><\/strong><\/p>\n<\/blockquote>\n<p>&nbsp;<\/p>\n<p><img loading=\"lazy\" decoding=\"async\" class=\"aligncenter wp-image-2310858\" src=\"https:\/\/puntocritico.com\/ausajpuntocritico\/wp-content\/uploads\/2025\/08\/Modelos-acusatorio-e-inquisitivo-PPAL-300x199.jpg\" alt=\"\" width=\"400\" height=\"266\" srcset=\"https:\/\/puntocritico.com\/ausajpuntocritico\/wp-content\/uploads\/2025\/08\/Modelos-acusatorio-e-inquisitivo-PPAL-300x199.jpg 300w, https:\/\/puntocritico.com\/ausajpuntocritico\/wp-content\/uploads\/2025\/08\/Modelos-acusatorio-e-inquisitivo-PPAL-678x452.jpg 678w, https:\/\/puntocritico.com\/ausajpuntocritico\/wp-content\/uploads\/2025\/08\/Modelos-acusatorio-e-inquisitivo-PPAL.jpg 680w\" sizes=\"auto, (max-width: 400px) 100vw, 400px\" \/><\/p>\n<p>&nbsp;<\/p>\n<p style=\"text-align: justify;\"><span style=\"font-size: 14pt;\">M\u00e1s all\u00e1 de su realidad hist\u00f3rica, a menudo distorsionada por la \u00ab<em><strong>Leyenda Negra<\/strong><\/em>\u00ab, <strong>el sistema inquisitivo se ha convertido en un<\/strong> <strong>arquetipo universal de la justicia autoritaria<\/strong>. Sus caracter\u00edsticas -la concentraci\u00f3n de poder, el secreto, la presunci\u00f3n de culpabilidad y la indefensi\u00f3n del individuo frente al Estado- sirven como un contrapunto constante frente al cual se definen y se defienden los sistemas garantistas.<\/span><\/p>\n<p>&nbsp;<\/p>\n<blockquote>\n<p style=\"text-align: center;\"><strong><span style=\"font-size: 14pt; color: #008000;\">El sistema inquisitivo se ha convertido en un arquetipo universal de la justicia autoritaria. <\/span><\/strong><\/p>\n<p style=\"text-align: center;\"><strong><span style=\"font-size: 14pt; color: #008000;\">Sus caracter\u00edsticas -la concentraci\u00f3n de poder, el secreto, la presunci\u00f3n de culpabilidad y la indefensi\u00f3n del individuo frente al Estado- sirven como un contrapunto constante frente al cual se definen y se defienden los sistemas garantistas.<\/span><\/strong><\/p>\n<\/blockquote>\n<p>&nbsp;<\/p>\n<p style=\"text-align: justify;\"><span style=\"font-size: 14pt;\"><strong>El legado del modelo inquisitivo no reside \u00fanicamente en los vestigios que a\u00fan perviven en los sistemas mixtos contempor\u00e1neos<\/strong>, como la figura del juez de instrucci\u00f3n, sino en la <strong>\u00ab<em>cultura inquisitiva<\/em>\u00ab<\/strong> que obstaculiza las reformas y, sobre todo, en su poderosa funci\u00f3n simb\u00f3lica. <\/span><\/p>\n<p style=\"text-align: justify;\"><span style=\"font-size: 14pt;\"><strong>El estudio del proceso inquisitivo no es, por tanto, un mero ejercicio de arqueolog\u00eda jur\u00eddica<\/strong>; es una reflexi\u00f3n esencial sobre los fundamentos de la justicia en una sociedad libre y una advertencia permanente sobre los peligros que acechan cuando se sacrifican las garant\u00edas procesales en el altar de una verdad impuesta por el poder.<\/span><\/p>\n<p>&nbsp;<\/p>\n<blockquote>\n<p style=\"text-align: center;\"><strong><span style=\"font-size: 14pt; color: #008000;\">El estudio del proceso inquisitivo es una reflexi\u00f3n esencial sobre los fundamentos de la justicia en una sociedad libre y una advertencia permanente sobre los peligros que acechan cuando se sacrifican las garant\u00edas procesales en el altar de una verdad impuesta por el poder.<\/span><\/strong><\/p>\n<\/blockquote>\n<p>&nbsp;<\/p>\n<figure id=\"attachment_2310921\" aria-describedby=\"caption-attachment-2310921\" style=\"width: 330px\" class=\"wp-caption aligncenter\"><img loading=\"lazy\" decoding=\"async\" class=\"wp-image-2310921\" src=\"https:\/\/puntocritico.com\/ausajpuntocritico\/wp-content\/uploads\/2025\/08\/Pedro_Berruguete_Saint_Dominic_Presiding_over_an_Auto-da-fe_1495-183x300.jpg\" alt=\"\" width=\"330\" height=\"542\" srcset=\"https:\/\/puntocritico.com\/ausajpuntocritico\/wp-content\/uploads\/2025\/08\/Pedro_Berruguete_Saint_Dominic_Presiding_over_an_Auto-da-fe_1495-183x300.jpg 183w, https:\/\/puntocritico.com\/ausajpuntocritico\/wp-content\/uploads\/2025\/08\/Pedro_Berruguete_Saint_Dominic_Presiding_over_an_Auto-da-fe_1495.jpg 500w\" sizes=\"auto, (max-width: 330px) 100vw, 330px\" \/><figcaption id=\"caption-attachment-2310921\" class=\"wp-caption-text\"><span style=\"color: #008000;\">Auto de Fe presidido por Santo Domingo de Guzm\u00e1n (c. 1500) de Pedro Berruguete (Museo del Prado. Seg\u00fan Joseph P\u00e9rez, \u00abla composici\u00f3n (152&#215;92 cm.) tiende a acentuar el dramatismo de la escena, puesto que el pintor representa la hoguera donde arden los condenados. Santo Domingo aparece de pie sobre una tribuna, rodeado de seis inquisidores, entre los que se encuentra un dominico y otro que lleva el estandarte del Santo Oficio; otros doce inquisidores completan el grupo; dos herejes&#8230; esperan su turno\u00bb<\/span><\/figcaption><\/figure>\n<p style=\"text-align: center;\"><strong><span style=\"color: #008000; font-size: 18pt;\">*******<\/span><\/strong><\/p>\n<h2 style=\"text-align: justify;\"><span style=\"font-size: 14pt;\"><strong>RELACIONADOS:<\/strong><\/span><\/h2>\n<blockquote class=\"wp-embedded-content\" data-secret=\"nCrULZkDCQ\"><p><a href=\"https:\/\/puntocritico.com\/ausajpuntocritico\/2025\/08\/18\/malleus-maleficarum\/\">Malleus Maleficarum (\u00abEl Martillo de las Brujas\u00bb), de los Inquisidores Heinrich Kramer y Jacob Sprenger (1487)<\/a><\/p><\/blockquote>\n<p><iframe loading=\"lazy\" class=\"wp-embedded-content\" sandbox=\"allow-scripts\" security=\"restricted\" style=\"position: absolute; visibility: hidden;\" title=\"\u00abMalleus Maleficarum (\u00abEl Martillo de las Brujas\u00bb), de los Inquisidores Heinrich Kramer y Jacob Sprenger (1487)\u00bb \u2014 Punto Cr\u00edtico Derechos Humanos\" src=\"https:\/\/puntocritico.com\/ausajpuntocritico\/2025\/08\/18\/malleus-maleficarum\/embed\/#?secret=ftcdCve5LP#?secret=nCrULZkDCQ\" data-secret=\"nCrULZkDCQ\" width=\"500\" height=\"282\" frameborder=\"0\" marginwidth=\"0\" marginheight=\"0\" scrolling=\"no\"><\/iframe><\/p>\n<blockquote class=\"wp-embedded-content\" data-secret=\"ibzF94hjUQ\"><p><a href=\"https:\/\/puntocritico.com\/ausajpuntocritico\/2025\/02\/06\/el-derecho-procesal-calamandrei\/\">EL DERECHO PROCESAL (DERECHO PROCESAL Y COSTUMBRE JUDICIAL), por Piero Calamandrei (\u00abProceso y Democracia\u00bb, 1952)<\/a><\/p><\/blockquote>\n<p><iframe loading=\"lazy\" class=\"wp-embedded-content\" sandbox=\"allow-scripts\" security=\"restricted\" style=\"position: absolute; visibility: hidden;\" title=\"\u00abEL DERECHO PROCESAL (DERECHO PROCESAL Y COSTUMBRE JUDICIAL), por Piero Calamandrei (\u00abProceso y Democracia\u00bb, 1952)\u00bb \u2014 Punto Cr\u00edtico Derechos Humanos\" src=\"https:\/\/puntocritico.com\/ausajpuntocritico\/2025\/02\/06\/el-derecho-procesal-calamandrei\/embed\/#?secret=vjp6MpWsd4#?secret=ibzF94hjUQ\" data-secret=\"ibzF94hjUQ\" width=\"500\" height=\"282\" frameborder=\"0\" marginwidth=\"0\" marginheight=\"0\" scrolling=\"no\"><\/iframe><\/p>\n<blockquote class=\"wp-embedded-content\" data-secret=\"32d4HHF91J\"><p><a href=\"https:\/\/puntocritico.com\/ausajpuntocritico\/2021\/06\/20\/historia-de-las-persecuciones-politicas-y-religiosas-en-europa-los-maniqueos-y-los-albigenses-capitulos-v-y-vi-como-reconoceremos-a-los-cataros\/\">HISTORIA DE LAS PERSECUCIONES POL\u00cdTICAS Y RELIGIOSAS EN EUROPA: LOS MANIQUEOS Y LOS ALBIGENSES: CAP\u00ccTULOS V Y VI. \u00bfC\u00f3mo reconoceremos a los C\u00e1taros? \u00abMatadlos a todos, que Dios conocer\u00e1 a los suyos\u00bb, fue la respuesta del Nuncio papal.<\/a><\/p><\/blockquote>\n<p><iframe loading=\"lazy\" class=\"wp-embedded-content\" sandbox=\"allow-scripts\" security=\"restricted\" style=\"position: absolute; visibility: hidden;\" title=\"\u00abHISTORIA DE LAS PERSECUCIONES POL\u00cdTICAS Y RELIGIOSAS EN EUROPA: LOS MANIQUEOS Y LOS ALBIGENSES: CAP\u00ccTULOS V Y VI. \u00bfC\u00f3mo reconoceremos a los C\u00e1taros? \u00abMatadlos a todos, que Dios conocer\u00e1 a los suyos\u00bb, fue la respuesta del Nuncio papal.\u00bb \u2014 Punto Cr\u00edtico Derechos Humanos\" src=\"https:\/\/puntocritico.com\/ausajpuntocritico\/2021\/06\/20\/historia-de-las-persecuciones-politicas-y-religiosas-en-europa-los-maniqueos-y-los-albigenses-capitulos-v-y-vi-como-reconoceremos-a-los-cataros\/embed\/#?secret=9eprfLqChV#?secret=32d4HHF91J\" data-secret=\"32d4HHF91J\" width=\"500\" height=\"282\" frameborder=\"0\" marginwidth=\"0\" marginheight=\"0\" scrolling=\"no\"><\/iframe><\/p>\n<blockquote class=\"wp-embedded-content\" data-secret=\"HXtLYzSY91\"><p><a href=\"https:\/\/puntocritico.com\/ausajpuntocritico\/2021\/03\/15\/el-gran-inquisidor-por-fiodor-m-dostoyevski\/\">EL GRAN INQUISIDOR, por Fiodor M. Dostoievski<\/a><\/p><\/blockquote>\n<p><iframe loading=\"lazy\" class=\"wp-embedded-content\" sandbox=\"allow-scripts\" security=\"restricted\" style=\"position: absolute; visibility: hidden;\" title=\"\u00abEL GRAN INQUISIDOR, por Fiodor M. Dostoievski\u00bb \u2014 Punto Cr\u00edtico Derechos Humanos\" src=\"https:\/\/puntocritico.com\/ausajpuntocritico\/2021\/03\/15\/el-gran-inquisidor-por-fiodor-m-dostoyevski\/embed\/#?secret=h4s5vlXvQN#?secret=HXtLYzSY91\" data-secret=\"HXtLYzSY91\" width=\"500\" height=\"282\" frameborder=\"0\" marginwidth=\"0\" marginheight=\"0\" scrolling=\"no\"><\/iframe><\/p>\n<p>&nbsp;<\/p>\n<p>&nbsp;<\/p>\n<div>\u00a0<\/div>\n<div>\u00a0<\/div>\n<div id=\"info\" class=\"style-scope ytd-video-primary-info-renderer\"><a href=\"https:\/\/puntocritico.com\/ausajpuntocritico\/\"><img loading=\"lazy\" decoding=\"async\" class=\"aligncenter wp-image-9528\" src=\"https:\/\/puntocritico.com\/ausajpuntocritico\/wp-content\/uploads\/2018\/03\/Mosca_Punto_Cr\u00edtico_40.png\" alt=\"\" width=\"80\" height=\"80\" data-id=\"9528\" \/><\/a><\/div>\n<p>&nbsp;<\/p>\n","protected":false},"excerpt":{"rendered":"<div class=\"mh-excerpt\"><p>El Proceso Penal Inquisitivo &nbsp; \u00abLa balanza ha dejado de ser adecuada, y el \u00fanico s\u00edmbolo valedero que le queda a la Justicia es la espada\u00bb. \u00ab\u00a1Qu\u00e9 hermosa es la justicia cuando espont\u00e1neamente surge en <a class=\"mh-excerpt-more\" href=\"https:\/\/puntocritico.com\/ausajpuntocritico\/2025\/08\/19\/el-proceso-penal-inquisitivo\/\" title=\"El Proceso Penal Inquisitivo\">[&#8230;]<\/a><\/p>\n<\/div>","protected":false},"author":3,"featured_media":2311038,"comment_status":"closed","ping_status":"closed","sticky":false,"template":"","format":"standard","meta":{"_acf_changed":false,"_exactmetrics_skip_tracking":false,"_exactmetrics_sitenote_active":false,"_exactmetrics_sitenote_note":"","_exactmetrics_sitenote_category":0,"footnotes":""},"categories":[6],"tags":[],"class_list":{"0":"post-2310562","1":"post","2":"type-post","3":"status-publish","4":"format-standard","5":"has-post-thumbnail","7":"category-justicia"},"acf":[],"_links":{"self":[{"href":"https:\/\/puntocritico.com\/ausajpuntocritico\/wp-json\/wp\/v2\/posts\/2310562","targetHints":{"allow":["GET"]}}],"collection":[{"href":"https:\/\/puntocritico.com\/ausajpuntocritico\/wp-json\/wp\/v2\/posts"}],"about":[{"href":"https:\/\/puntocritico.com\/ausajpuntocritico\/wp-json\/wp\/v2\/types\/post"}],"author":[{"embeddable":true,"href":"https:\/\/puntocritico.com\/ausajpuntocritico\/wp-json\/wp\/v2\/users\/3"}],"replies":[{"embeddable":true,"href":"https:\/\/puntocritico.com\/ausajpuntocritico\/wp-json\/wp\/v2\/comments?post=2310562"}],"version-history":[{"count":0,"href":"https:\/\/puntocritico.com\/ausajpuntocritico\/wp-json\/wp\/v2\/posts\/2310562\/revisions"}],"wp:featuredmedia":[{"embeddable":true,"href":"https:\/\/puntocritico.com\/ausajpuntocritico\/wp-json\/wp\/v2\/media\/2311038"}],"wp:attachment":[{"href":"https:\/\/puntocritico.com\/ausajpuntocritico\/wp-json\/wp\/v2\/media?parent=2310562"}],"wp:term":[{"taxonomy":"category","embeddable":true,"href":"https:\/\/puntocritico.com\/ausajpuntocritico\/wp-json\/wp\/v2\/categories?post=2310562"},{"taxonomy":"post_tag","embeddable":true,"href":"https:\/\/puntocritico.com\/ausajpuntocritico\/wp-json\/wp\/v2\/tags?post=2310562"}],"curies":[{"name":"wp","href":"https:\/\/api.w.org\/{rel}","templated":true}]}}