{"id":2310136,"date":"2025-08-26T00:05:16","date_gmt":"2025-08-25T22:05:16","guid":{"rendered":"https:\/\/puntocritico.com\/ausajpuntocritico\/?p=2310136"},"modified":"2025-10-25T12:38:06","modified_gmt":"2025-10-25T10:38:06","slug":"estados-unidos-acaba-de-destruir-un-gran-imperio","status":"publish","type":"post","link":"https:\/\/puntocritico.com\/ausajpuntocritico\/2025\/08\/26\/estados-unidos-acaba-de-destruir-un-gran-imperio\/","title":{"rendered":"\u00abEstados Unidos acaba de destruir un gran imperio\u00bb, por  Michael Hudson"},"content":{"rendered":"<p class=\"entry-title single-title\" style=\"text-align: justify;\"><span style=\"font-size: 14pt; color: #008000;\">Estados Unidos acaba de destruir un gran imperio<\/span><\/p>\n\n<p>&nbsp;<\/p>\n<blockquote>\n<h2 class=\"tno-general-single__article__header__title\" style=\"text-align: center;\"><span style=\"font-size: 24pt;\">El imperio de Dios<\/span><\/h2>\n<p class=\"tno-general-single__article__header__excerpt\" style=\"text-align: center;\"><strong><span style=\"font-size: 14pt;\">\u00ab\u00bfPor qu\u00e9 el emperador crey\u00f3 que el cristianismo, hasta entonces perseguido, pod\u00eda ser beneficioso para el imperio?\u00bb<\/span><\/strong><\/p>\n<p style=\"text-align: justify;\"><span style=\"font-size: 14pt;\">Por Jes\u00fas Ferrero<\/span><\/p>\n<p style=\"text-align: justify;\"><span style=\"font-size: 14pt;\"><a href=\"https:\/\/theobjective.com\/cultura\/2025-04-26\/imperio-dios\/\" target=\"_blank\" rel=\"noopener\">The Objective<\/a>, 26 ABRIL 2025<\/span><\/p>\n<figure id=\"attachment_2310138\" aria-describedby=\"caption-attachment-2310138\" style=\"width: 480px\" class=\"wp-caption aligncenter\"><img loading=\"lazy\" decoding=\"async\" class=\"wp-image-2310138\" src=\"https:\/\/puntocritico.com\/ausajpuntocritico\/wp-content\/uploads\/2025\/07\/san-pedro-entronizado-300x169.jpg\" alt=\"\" width=\"480\" height=\"270\" srcset=\"https:\/\/puntocritico.com\/ausajpuntocritico\/wp-content\/uploads\/2025\/07\/san-pedro-entronizado-300x169.jpg 300w, https:\/\/puntocritico.com\/ausajpuntocritico\/wp-content\/uploads\/2025\/07\/san-pedro-entronizado-1024x576.jpg 1024w, https:\/\/puntocritico.com\/ausajpuntocritico\/wp-content\/uploads\/2025\/07\/san-pedro-entronizado-768x432.jpg 768w, https:\/\/puntocritico.com\/ausajpuntocritico\/wp-content\/uploads\/2025\/07\/san-pedro-entronizado-678x381.jpg 678w, https:\/\/puntocritico.com\/ausajpuntocritico\/wp-content\/uploads\/2025\/07\/san-pedro-entronizado.jpg 1200w\" sizes=\"auto, (max-width: 480px) 100vw, 480px\" \/><figcaption id=\"caption-attachment-2310138\" class=\"wp-caption-text\"><span style=\"color: #008000;\">Detalle de &#8216;San Pedro entronizado entre los santos Juan Bautista y Pablo&#8217; (1516), \u00f3leo sobre tabla de Cima da Conegliano. | Wikimedia Commons<\/span><\/figcaption><\/figure>\n<p style=\"text-align: justify;\">\u00a0<\/p>\n<p style=\"text-align: justify;\"><span style=\"font-size: 14pt;\">Una rama de la Tradici\u00f3n herm\u00e9tica (o Tradici\u00f3n sin m\u00e1s) <strong>cree que el imperio romano sigue presente en nuestros d\u00edas a trav\u00e9s de la Iglesia y de su cabeza,\u00a0el Papa, \u00fanico mandatario actual que ha conservado el poder pontifical y divinizado de un emperador romano.\u00a0<\/strong>Esta rama de la Tradici\u00f3n nos invita a pensar en los v\u00ednculos que ten\u00eda la Iglesia con\u00a0el imperio\u00a0en tiempos de Constantino. \u00bfPor qu\u00e9 el emperador crey\u00f3 que el cristianismo, hasta entonces perseguido, pod\u00eda ser beneficioso para el imperio? Porque la Iglesia ten\u00eda ya una estructura que se correspond\u00eda con la del imperio, con obispos que dirig\u00edan comunidades locales, especialmente en las ciudades. Hab\u00eda por lo tanto una jerarqu\u00eda con obispos, presb\u00edteros y sacerdotes que recorr\u00eda todo el imperio, y el obispo de Roma era ya una figura respetada. El mapa del imperio coincid\u00eda con el mapa del\u00a0cristianismo, y Constantino pens\u00f3 que aceptar la doctrina de Jes\u00fas pod\u00eda ser un elemento vertebrador del sistema en lugar de un foco desintegrador. A partir de ese momento, el imperio y el cristianismo avanzan juntos hasta las invasiones b\u00e1rbaras.<\/span><\/p>\n<p style=\"text-align: justify;\"><span style=\"font-size: 14pt;\">Me est\u00e1 hablando Vilfredo Requejo, un zamorano miembro de una asociaci\u00f3n herm\u00e9tica de Par\u00eds al que conoc\u00ed al final de mi \u00e9poca estudiantil y con el que he seguido manteniendo relaciones de amistad.<strong>\u00a0Ayer estuve en la capital francesa y nos citamos en el Jard\u00edn de Luxemburgo, en un banco junto a la estatua de Baudelaire<\/strong>. Vilfredo prosigui\u00f3 diciendo:<\/span><\/p>\n<p style=\"text-align: justify;\"><span style=\"font-size: 14pt;\">\u2014Como el imperio, el cristianismo tendr\u00e1 su capital en Roma, y el Papa se va a revestir de poderes imperiales: va a ser literalmente un emperador, con su peque\u00f1o imperio: los estados pontificios que duraron hasta Mussolini, y con otro imperio mucho mayor, que recorr\u00eda toda la cristiandad, y de la que el Papa era el director espiritual, guiado por el se\u00f1or del Universo. Como en todos los monarcas de la Antig\u00fcedad incluidos los c\u00e9sares romanos, su poder proced\u00eda directamente de la divinidad. Adem\u00e1s\u00a0<strong>la Iglesia era, como los imperios, expansionista, y ten\u00eda sus sacerdotes y sus soldados dispuestos a conquistar el mundo, con compa\u00f1\u00edas de vanguardia como los jesuitas, que se atrevieron a entrar en Jap\u00f3n y en China<\/strong>, donde nunca fueron bien recibidos en parte porque los orientales ve\u00edan en aquellos sacerdotes elegantes y sosegados la avanzadilla de los imperios occidentales que trajinaban con sus barcos por el mar de China.<\/span><\/p>\n<p style=\"text-align: justify;\"><span style=\"font-size: 14pt;\">\u2014Y adem\u00e1s la iglesia ten\u00eda\u00a0<strong>su fisco particular<\/strong>\u2026 \u2014coment\u00e9.<\/span><\/p>\n<p style=\"text-align: justify;\"><span style=\"font-size: 14pt;\">\u2014S\u00ed, los impuestos camuflados en los diezmos, o en la d\u00e9cima parte de sus ingresos que el buen cristiano ten\u00eda que donar a la iglesia. Cuando este sistema tributario no era suficiente, se recurr\u00eda a las bulas papales. De esa manera, adem\u00e1s de administrar la tierra,\u00a0<strong>el santo padre vend\u00eda a los ricos parcelas en el cielo y elevaba en Roma edificios que representaban el poder terrenal m\u00e1s que el espiritual<\/strong>, propiciando as\u00ed la revoluci\u00f3n del Renacimiento tan censurada por Lutero, al que Nietzsche consideraba un inmundo resentido, una mente mezquina y atrabiliaria que no soportaba las disipaciones romanas y los gloriosos derroches est\u00e9ticos del Vaticano, as\u00ed como su innegable fasto.\u00a0<\/span><\/p>\n<p style=\"text-align: justify;\"><span style=\"font-size: 14pt;\">Hubo un breve silencio motivado por la reflexi\u00f3n. Un mirlo se pos\u00f3 sobre la cabeza de <strong>Baudelaire<\/strong>. Mi amigo prosigui\u00f3:<\/span><\/p>\n<p style=\"text-align: justify;\"><span style=\"font-size: 14pt;\">\u2014La gran ventaja que ten\u00eda la Iglesia sobre el Estado es que llegaba a todas partes, sin excepci\u00f3n.\u00a0<strong>En los pueblos de Le\u00f3n y Zamora donde pas\u00e9 largas temporadas de mi infancia no sab\u00edamos muy bien lo que era el Estado, pero s\u00ed que sab\u00edamos lo que era la Iglesia<\/strong>, que nos gobernaba creando una realidad envolvente y paralela en la que gravit\u00e1bamos todos los d\u00edas del a\u00f1o. Ocurr\u00eda adem\u00e1s el hecho de que los sacerdotes conoc\u00edan los secretos de las almas a trav\u00e9s de la confesi\u00f3n y pod\u00edan ejercer sobre los fieles un poder tan soberano como paralizador.\u00a0<\/span><\/p>\n<p style=\"text-align: justify;\"><span style=\"font-size: 14pt;\">\u2014\u00bfQu\u00e9 me dices de los papas?<\/span><\/p>\n<p style=\"text-align: justify;\"><span style=\"font-size: 14pt;\">\u2014Ver\u00e1s, hasta hace bien poco, los pont\u00edfices o eran italianos o europeos, dejando claro que Europa segu\u00eda siendo la sede primordial de la Iglesia y el cuartel desde el que dirigir el reino de este mundo. Pero en los \u00faltimos tiempos Roma estaba m\u00e1s ensimismada que nunca, perdiendo almas por todas partes, y hab\u00eda que cambiar de estrategia, sobre todo con los pueblos ajenos a Occidente, a los que a menudo ni siquiera llegaba el Estado, como en las aldeas de mi infancia. Pero he aqu\u00ed que aparece un pont\u00edfice que cae en la cuenta de ese gran vac\u00edo e inicia una labor pastoral que le har\u00e1 tan querido como c\u00e9lebre.\u00a0<strong>Una vez m\u00e1s la Iglesia apostaba por el universalismo (<em>Urbi et orbi<\/em>) y el deseo de llegar a todas partes con su mensaje nivelador y fraternal.<\/strong>\u00a0Es normal que la izquierda atea alabe a Francisco m\u00e1s que las derechas creyentes: todas las ideolog\u00edas de Occidente, desde el comunismo al\u00a0<em>wokismo<\/em>, son neocristianismos que heredan algunos principios fundamentales del cristianismo: el amor, la solidaridad, la fraternidad, la esperanza, el despertar\u2026 En cambio la derecha, cuando se olvida del tradicionalismo cristiano que la ampar\u00f3 al principio, puede derivar en paganismo g\u00e9lido, como ocurri\u00f3 con el nazismo que seg\u00fan Umberto Eco fue un neopaganismo abierto, al igual que la antigua Roma, al ejercicio de genocidio.\u00a0<\/span><\/p>\n<p style=\"text-align: justify;\"><span style=\"font-size: 14pt;\">\u2014Para tu amigo Escohotado\u00a0<strong>la izquierda ha sido m\u00e1s cristiana que la derecha, y los comunistas mucho m\u00e1s cristianos que los liberales<\/strong>, pues segu\u00edan m\u00e1s de cerca las ideas nucleares del cristianismo primordial con su odio al comercio y al mercado\u2026<\/span><\/p>\n<p style=\"text-align: justify;\"><span style=\"font-size: 14pt;\">\u2014Cierto, y en\u00a0<em>M\u00e1s all\u00e1 del bien y del mal<\/em>\u00a0Nietzsche atribuye a los partidos obreristas de su \u00e9poca un cristianismo m\u00e1s acusado que el del Vaticano. Tambi\u00e9n L\u00e9vi-Strauss le atribu\u00eda a la izquierda cierta dosis de cristianismo, si bien se tratar\u00eda de lo que Emmanuel Todd llama \u00abcristianismo zombi\u00bb, que ser\u00eda en realidad el cristianismo de nuestra \u00e9poca:\u00a0<strong>la gente no cree pero sigue ciegamente la moral cristiana, como zombi de su propio pasado. Dicho de otra manera: el cristianismo se est\u00e1 convirtiendo en una ideolog\u00eda difusa y fuertemente simb\u00f3lica, m\u00e1s que en una religi\u00f3n de revelaci\u00f3n y de fe<\/strong>. Como religi\u00f3n, el cristianismo est\u00e1 agonizando, pero no est\u00e1 muriendo como ideolog\u00eda. El sistema de ideas morales y existenciales que le da realidad al cristianismo y a los evangelios sigue, lo que explicar\u00eda los elogios de la izquierda a Francisco.\u00a0<\/span><\/p>\n<p style=\"text-align: justify;\"><span style=\"font-size: 14pt;\">\u2014\u00bfNo pas\u00f3 algo parecido en la antig\u00fcedad grecorromana?\u00a0<\/span><\/p>\n<p style=\"text-align: justify;\"><span style=\"font-size: 14pt;\">\u2014Claro que pas\u00f3.<strong>\u00a0Cuando los dioses murieron, se convirtieron en nuestra est\u00e9tica y en parte tambi\u00e9n en nuestra ideolog\u00eda y los poetas hablaban de ellos profusamente,<\/strong>\u00a0como hac\u00edan los autores del Renacimiento y m\u00e1s tard\u00edamente los del romanticismo alem\u00e1n. Murieron como dioses pero no como ideas. Y s\u00ed, lo mismo est\u00e1 ocurriendo con el cristianismo. Tengo la sospecha de que el\u00a0papa Francisco lo sab\u00eda y actuaba en consecuencia.\u00a0<\/span><\/p>\n<p style=\"text-align: justify;\"><span style=\"font-size: 14pt;\">\u2014\u00bfRealmente crees que lo sab\u00eda?<\/span><\/p>\n<p style=\"text-align: justify;\"><span style=\"font-size: 14pt;\">\u2014Eso me temo.<strong>\u00a0La iglesia estaba muerta y Francisco la ha resucitado, renovando el mensaje evang\u00e9lico e imprimi\u00e9ndole humanidad al sistema<\/strong>. Si ahora vuelve un papa conservador, la iglesia seguir\u00e1 la senda de la irrelevancia a la que le ha ido llevando su empe\u00f1o obstinado en ir siempre por detr\u00e1s de la sociedad. Eso tambi\u00e9n lo sab\u00eda Francisco, un jesuita, y los jesuitas han sido siempre la vanguardia de la iglesia. Un jesuita (Georges Lema\u00eetre) descubri\u00f3 el Big Bang y la expansi\u00f3n del universo, y otro jesuita (Teilhard de Chardin) adopt\u00f3 el evolucionismo a la doctrina cat\u00f3lica con atinada profundidad teol\u00f3gica. Y para terminar, tambi\u00e9n fue jesuita uno de mis fil\u00f3sofos preferidos: Baltasar Graci\u00e1n.<\/span><\/p>\n<p style=\"text-align: justify;\"><span style=\"font-size: 14pt;\">Estaba atardeciendo. Antes de salir del parque, le\u00edmos la cita de\u00a0<em>Las flores del mal<\/em>\u00a0que figuraba bajo el busto de Baudelaire. \u00abPues es, Se\u00f1or, el mejor testimonio que podemos dar de nuestra dignidad este ardiente sollozo que rueda de edad en edad y viene a morir al borde de vuestra eternidad\u00bb.\u00a0<\/span><\/p>\n<p style=\"text-align: justify;\"><span style=\"font-size: 14pt;\">\u2014\u00a1Qu\u00e9 piadosos son los franceses! \u2014exclam\u00f3 mi amigo\u2014,\u00a0<strong>y qu\u00e9 bien saben conjugar la virtud con el vicio.<\/strong>\u00a0\u00bfNos vamos a tomar un buen vino al caf\u00e9 de Cluny? Fue nuestro caf\u00e9 en otro tiempo, cuando pas\u00e1bamos d\u00edas enteros en las moradas filos\u00f3ficas.\u00a0<\/span><\/p>\n<p style=\"text-align: justify;\"><span style=\"font-size: 14pt;\">\u2014Perfecto. Me han dicho que tiene un Borgo\u00f1a glorioso. El vino que m\u00e1s le gustaba a \u00cd\u00f1igo de Loyola cuando estaba estudiando en Par\u00eds, donde hizo el bachillerato y despu\u00e9s se gradu\u00f3 en \u00abartes liberales\u00bb.\u00a0<\/span><\/p>\n<p style=\"text-align: justify;\"><span style=\"font-size: 14pt;\">\u00cdbamos por el bulevar Saint-Michel, a punto de entrar en el caf\u00e9, cuando le pregunt\u00e9 a Vilfredo:<\/span><\/p>\n<p style=\"text-align: justify;\"><span style=\"font-size: 14pt;\">\u2014\u00bfCu\u00e1l crees que ha sido la pregunta fundamental del papa Francisco?<\/span><\/p>\n<p style=\"text-align: justify;\"><span style=\"font-size: 14pt;\">\u2014La misma que hizo Dios al hombre en el Para\u00edso:\u00a0<strong>\u00abAd\u00e1n, \u00bfd\u00f3nde est\u00e1s?\u00bb<\/strong><\/span><\/p>\n<\/blockquote>\n<p>&nbsp;<\/p>\n<figure id=\"attachment_2239600\" aria-describedby=\"caption-attachment-2239600\" style=\"width: 400px\" class=\"wp-caption aligncenter\"><img loading=\"lazy\" decoding=\"async\" class=\"wp-image-2239600\" src=\"https:\/\/puntocritico.com\/ausajpuntocritico\/wp-content\/uploads\/2022\/01\/cristianismo-gnostico.jpg\" alt=\"\" width=\"400\" height=\"303\" srcset=\"https:\/\/puntocritico.com\/ausajpuntocritico\/wp-content\/uploads\/2022\/01\/cristianismo-gnostico.jpg 300w, https:\/\/puntocritico.com\/ausajpuntocritico\/wp-content\/uploads\/2022\/01\/cristianismo-gnostico-80x60.jpg 80w\" sizes=\"auto, (max-width: 400px) 100vw, 400px\" \/><figcaption id=\"caption-attachment-2239600\" class=\"wp-caption-text\"><span style=\"color: #008000;\">Cristianismo gn\u00f3stico<\/span><\/figcaption><\/figure>\n<p style=\"text-align: center;\"><span style=\"font-size: 18pt;\"><strong><span style=\"color: #008000;\">*******<\/span><\/strong><\/span><\/p>\n<h2 class=\"entry-title single-title\" style=\"text-align: center;\"><span style=\"font-size: 24pt;\">Estados Unidos acaba de destruir un gran imperio<\/span><\/h2>\n<p class=\"byline\" style=\"text-align: justify;\"><span style=\"font-size: 14pt;\">Michael Hudson<\/span><\/p>\n<p class=\"byline\" style=\"text-align: justify;\"><span style=\"font-size: 14pt;\"><a href=\"https:\/\/www.elviejotopo.com\/topoexpress\/estados-unidos-acaba-de-destruir-un-gran-imperio\/\" target=\"_blank\" rel=\"noopener\">El Viejo Topo<\/a>, 26 agosto, 2023<\/span><\/p>\n<p><img loading=\"lazy\" decoding=\"async\" class=\"aligncenter wp-image-2310137\" src=\"https:\/\/puntocritico.com\/ausajpuntocritico\/wp-content\/uploads\/2025\/07\/Estados-Unidos-acaba-de-destruir-un-gran-imperio--300x220.jpg\" alt=\"Estados Unidos acaba de destruir un gran imperio\" width=\"400\" height=\"294\" srcset=\"https:\/\/puntocritico.com\/ausajpuntocritico\/wp-content\/uploads\/2025\/07\/Estados-Unidos-acaba-de-destruir-un-gran-imperio--300x220.jpg 300w, https:\/\/puntocritico.com\/ausajpuntocritico\/wp-content\/uploads\/2025\/07\/Estados-Unidos-acaba-de-destruir-un-gran-imperio--768x564.jpg 768w, https:\/\/puntocritico.com\/ausajpuntocritico\/wp-content\/uploads\/2025\/07\/Estados-Unidos-acaba-de-destruir-un-gran-imperio--80x60.jpg 80w, https:\/\/puntocritico.com\/ausajpuntocritico\/wp-content\/uploads\/2025\/07\/Estados-Unidos-acaba-de-destruir-un-gran-imperio-.jpg 850w\" sizes=\"auto, (max-width: 400px) 100vw, 400px\" \/><\/p>\n<p style=\"text-align: justify;\">\u00a0<\/p>\n<p style=\"text-align: justify;\"><span style=\"font-size: 14pt;\">Herodoto (<em>Historia<\/em>\u00a0, Libro 1.53) cuenta la historia de Creso, rey de Lidia c.\u00a0585-546 aC en lo que ahora es el oeste de Turqu\u00eda y la costa j\u00f3nica del Mediterr\u00e1neo.\u00a0Creso conquist\u00f3 \u00c9feso, Mileto y los reinos vecinos de habla griega, obteniendo tributos y bot\u00edn que lo convirtieron en uno de los gobernantes m\u00e1s ricos de su tiempo.\u00a0Pero estas victorias y riquezas le llevaron a la arrogancia.\u00a0Creso volvi\u00f3 sus ojos hacia el este, con la ambici\u00f3n de conquistar Persia, gobernada por Ciro el Grande.<\/span><\/p>\n<p style=\"text-align: justify;\"><span style=\"font-size: 14pt;\">Habiendo dotado al cosmopolita Templo de Delfos de la regi\u00f3n sustanciales cantidades de plata y oro, Creso le pregunt\u00f3 a su Or\u00e1culo si tendr\u00eda \u00e9xito en la conquista que hab\u00eda planeado.\u00a0La sacerdotisa Pitia respondi\u00f3: \u201c<em>Si vas a la guerra contra Persia, destruir\u00e1s un gran imperio<\/em>\u201d.<\/span><\/p>\n<p style=\"text-align: justify;\"><span style=\"font-size: 14pt;\">Creso se dispuso a atacar Persia c.\u00a0547 a.C.\u00a0Marchando hacia el este, atac\u00f3 Frigia, estado vasallo de Persia.\u00a0Ciro mont\u00f3 una Operaci\u00f3n Militar Especial para hacer retroceder a Creso, derrotando a su ej\u00e9rcito, captur\u00e1ndolo y aprovechando la oportunidad para apoderarse del oro de Lidia para introducir su propia moneda de oro persa.\u00a0As\u00ed pues, Creso destruy\u00f3 un gran imperio: el suyo propio.<\/span><\/p>\n<p style=\"text-align: justify;\"><span style=\"font-size: 14pt;\">Avancemos r\u00e1pido hasta el impulso de nuestros d\u00edas de la administraci\u00f3n Biden para extender el poder militar estadounidense contra Rusia y, detr\u00e1s de ella, China.\u00a0El presidente pidi\u00f3 consejo al an\u00e1logo actual del or\u00e1culo de Delphi de la antig\u00fcedad: la CIA y sus grupos de expertos aliados.\u00a0En lugar de advertir contra la arrogancia, alentaron el sue\u00f1o neoconservador de que atacar a Rusia y China consolidar\u00eda el control estadounidense de la econom\u00eda mundial, logrando el fin de la historia.<\/span><\/p>\n<p style=\"text-align: justify;\"><span style=\"font-size: 14pt;\">Despu\u00e9s de organizar un golpe de estado en Ucrania en 2014, Estados Unidos envi\u00f3 su ej\u00e9rcito delegado de la OTAN hacia el este, entregando armas a Ucrania para librar una guerra \u00e9tnica contra su poblaci\u00f3n de habla rusa y convertir la base naval rusa de Crimea en una fortaleza de la OTAN.\u00a0Esta ambici\u00f3n al nivel de Creso ten\u00eda como objetivo llevar a Rusia al combate y agotar su capacidad para defenderse, arruinando su econom\u00eda en el proceso y destruyendo su capacidad para brindar apoyo militar a China y otros pa\u00edses seleccionados por buscar su autodependencia como alternativa a la hegemon\u00eda de EE.UU.<\/span><\/p>\n<p style=\"text-align: justify;\"><span style=\"font-size: 14pt;\">Despu\u00e9s de ocho a\u00f1os de provocaci\u00f3n, se prepar\u00f3 un nuevo ataque militar contra los ucranianos de habla rusa, listo para avanzar hacia la frontera rusa en febrero de 2022. Rusia protegi\u00f3 a sus compa\u00f1eros de habla rusa de una mayor violencia \u00e9tnica montando su propia Operaci\u00f3n Militar Especial.\u00a0Estados Unidos y sus aliados de la OTAN se apoderaron de inmediato de las reservas de divisas extranjeras de Rusia en Europa y Am\u00e9rica del Norte, y exigieron que todos los pa\u00edses impusieran sanciones contra la importaci\u00f3n de energ\u00eda y cereales rusos, con la esperanza de que esto derrumbara el tipo de cambio del rublo.\u00a0El Departamento de Estado esperaba que esto provocar\u00eda que los consumidores rusos se rebelaran y derrocaran al gobierno de Vladimir Putin, lo que permitir\u00eda que Estados Unidos maniobrara para instalar una oligarqu\u00eda cliente como la que hab\u00eda fomentado en la d\u00e9cada de 1990 bajo el presidente Yeltsin.<\/span><\/p>\n<p style=\"text-align: justify;\"><span style=\"font-size: 14pt;\">Un subproducto de esta confrontaci\u00f3n con Rusia ha sido asegurar el control de Estados Unidos sobre sus sat\u00e9lites de Europa Occidental.\u00a0El objetivo de esta manipulaci\u00f3n dentro de la OTAN era impedir el sue\u00f1o de Europa de beneficiarse de relaciones comerciales y de inversi\u00f3n m\u00e1s estrechas con Rusia mediante el intercambio de sus manufacturas industriales por materias primas rusas.\u00a0Estados Unidos descarril\u00f3 esa perspectiva al volar los gasoductos Nord Stream, cortando el acceso de Alemania y otros pa\u00edses al gas ruso a bajo precio.\u00a0Eso hizo que la principal econom\u00eda de Europa dependiera del gas natural licuado (GNL) de EE.UU., de mayor costo.<\/span><\/p>\n<p style=\"text-align: justify;\"><span style=\"font-size: 14pt;\">Adem\u00e1s de tener que subvencionar el gas dom\u00e9stico europeo para evitar una insolvencia generalizada, una gran proporci\u00f3n de los tanques Leopard de Alemania, los misiles Patriot de EE.UU. y otras \u201carmas maravillosas\u201d de la OTAN est\u00e1n siendo destruidas en combate contra el ej\u00e9rcito ruso.\u00a0Ha quedado claro que la estrategia de EE.UU. no es simplemente \u00abluchar hasta el \u00faltimo ucraniano\u00bb, sino luchar hasta el \u00faltimo tanque, misil y otras armas que se eliminen de las existencias de la OTAN.<\/span><\/p>\n<p style=\"text-align: justify;\"><span style=\"font-size: 14pt;\">Se esperaba que este agotamiento de las armas de la OTAN creara un vasto mercado de reemplazo para enriquecer el complejo militar-industrial de Estados Unidos.\u00a0A sus clientes de la OTAN se les dice que aumenten su gasto militar al 3 o incluso al 4 por ciento del PIB.\u00a0Pero el d\u00e9bil desempe\u00f1o de las armas estadounidenses y alemanas en el campo de batalla ucraniano puede haber arruinado este sue\u00f1o, mientras que las econom\u00edas europeas se hunden en la depresi\u00f3n.\u00a0Y con la econom\u00eda industrial de Alemania trastornada por la ruptura de su comercio con Rusia, el ministro de Finanzas alem\u00e1n, Christian Lindner, le dijo al peri\u00f3dico\u00a0<em>Die Welt<\/em>\u00a0el 16 de junio de 2023 que su pa\u00eds no puede permitirse pagar m\u00e1s dinero en el presupuesto de la Uni\u00f3n Europea, al que desde hace mucho tiempo ha sido el mayor contribuyente.<\/span><\/p>\n<p style=\"text-align: justify;\"><span style=\"font-size: 14pt;\">Sin las exportaciones alemanas que respalden el tipo de cambio del euro, la moneda se ver\u00e1 presionada frente al d\u00f3lar a medida que Europa compre GNL y la OTAN reponga sus existencias de armas agotadas comprando nuevas armas a Estados Unidos.\u00a0Un tipo de cambio m\u00e1s bajo exprimir\u00e1 el poder adquisitivo de la mano de obra europea, mientras que la reducci\u00f3n del gasto social para pagar el rearme y proporcionar subsidios al gas est\u00e1 hundiendo al continente en una depresi\u00f3n.<\/span><\/p>\n<p style=\"text-align: justify;\"><span style=\"font-size: 14pt;\">Una reacci\u00f3n nacionalista contra el dominio de EE.UU. est\u00e1 aumentando en toda la vida pol\u00edtica europea y EE. UU. puede terminar perdiendo, no solo en Europa sino, lo que es m\u00e1s importante, en todo el Sur Global.\u00a0En lugar de convertir el \u201crublo en escombros\u201d de Rusia como prometi\u00f3 el presidente Biden, la balanza comercial de Rusia se ha disparado y su suministro de oro ha aumentado.\u00a0Tambi\u00e9n lo han hecho las tenencias de oro de otros pa\u00edses cuyos gobiernos ahora buscan desdolarizar sus econom\u00edas.<\/span><\/p>\n<p style=\"text-align: justify;\"><span style=\"font-size: 14pt;\">Es la diplomacia estadounidense la que est\u00e1 sacando a Eurasia y al Sur Global de la \u00f3rbita estadounidense.\u00a0El impulso arrogante de Estados Unidos por el dominio mundial unipolar solo podr\u00eda haber sido desmantelado r\u00e1pidamente desde adentro.\u00a0La administraci\u00f3n Biden-Blinken-Nuland ha hecho lo que ni Vladimir Putin ni el presidente chino Xi podr\u00edan haber esperado lograr en tan poco tiempo.\u00a0Ninguno de los dos estaba preparado para arrojar el guante y crear una alternativa al orden mundial centrado en Estados Unidos.\u00a0Pero las sanciones de Estados Unidos contra Rusia, Ir\u00e1n, Venezuela y China han tenido el efecto de barreras arancelarias protectoras para forzar la autosuficiencia en lo que el diplom\u00e1tico de la UE, Josep Borrell, llama la \u201cjungla\u201d mundial fuera del \u201cjard\u00edn\u201d de Estados Unidos y la OTAN.<\/span><\/p>\n<p style=\"text-align: justify;\"><span style=\"font-size: 14pt;\">Aunque el Sur Global y otros pa\u00edses se han quejado del dominio estadounidense desde la Conferencia de Bandung de Naciones No Alineadas en 1955, se ha carecido de una masa cr\u00edtica para crear una alternativa viable.\u00a0Pero ahora su atenci\u00f3n se ha centrado en la confiscaci\u00f3n por parte de Estados Unidos de las reservas oficiales de d\u00f3lares de Rusia en los pa\u00edses de la OTAN.\u00a0Eso disip\u00f3 la idea del d\u00f3lar como un veh\u00edculo seguro para guardar ahorros internacionales.\u00a0La incautaci\u00f3n por parte del Banco de Inglaterra de las reservas de oro de Venezuela guardadas en Londres, con la promesa de donarlas a cualquier opositor no electo que designen los diplom\u00e1ticos estadounidenses, muestra c\u00f3mo la libra esterlina, el euro y el d\u00f3lar se han convertido en armas.\u00a0Y por cierto, \u00bfqu\u00e9 pas\u00f3 con las reservas de oro de Libia?<\/span><\/p>\n<p style=\"text-align: justify;\"><span style=\"font-size: 14pt;\">Los diplom\u00e1ticos estadounidenses evitan pensar en este escenario.\u00a0Conf\u00edan en la \u00fanica ventaja que ofrece Estados Unidos.\u00a0Puede abstenerse de bombardear directamente, de organizar una revoluci\u00f3n de color para \u201cpinochetarlos\u201d con la ayuda del Fondo Nacional para la Democracia, o instalar un nuevo \u201cYeltsin\u201d entregando la econom\u00eda a una oligarqu\u00eda cliente.<\/span><\/p>\n<p style=\"text-align: justify;\"><span style=\"font-size: 14pt;\">Pero abstenerse de tal comportamiento es todo lo que Estados Unidos puede ofrecer.\u00a0Ha desindustrializado su propia econom\u00eda, y su idea de inversi\u00f3n extranjera es forjar oportunidades de b\u00fasqueda de rentas monopolistas mediante la concentraci\u00f3n de monopolios tecnol\u00f3gicos y el control del comercio de petr\u00f3leo y cereales en manos estadounidenses, como si esto fuera eficiencia econ\u00f3mica, no b\u00fasqueda de rentas.<\/span><\/p>\n<p style=\"text-align: justify;\"><span style=\"font-size: 14pt;\">Lo que se ha producido es un cambio en las conciencias.\u00a0Estamos viendo a la Mayor\u00eda Global tratando de crear una opci\u00f3n independiente y negociada pac\u00edficamente sobre qu\u00e9 tipo de orden internacional quieren.\u00a0Su objetivo no es simplemente crear alternativas al uso de d\u00f3lares, sino un conjunto completamente nuevo de alternativas institucionales al FMI y el Banco Mundial, el sistema de compensaci\u00f3n bancaria SWIFT, la Corte Penal Internacional y toda la gama de instituciones que los diplom\u00e1ticos estadounidenses han secuestrado de las Naciones Unidas.<\/span><\/p>\n<p style=\"text-align: justify;\"><span style=\"font-size: 14pt;\">El resultado tendr\u00e1 un alcance civilizatorio.\u00a0No estamos viendo el Fin de la Historia, sino una nueva alternativa al capitalismo financiero neoliberal centrado en EE.UU. y su econom\u00eda basura de privatizaci\u00f3n, guerra de clases contra el trabajo y la idea de que el dinero y el cr\u00e9dito deber\u00edan privatizarse en manos de una clase financiera estrecha, dejar de ser un servicio p\u00fablico para financiar las necesidades econ\u00f3micas y el aumento del nivel de vida.<\/span><\/p>\n<p style=\"text-align: justify;\"><span style=\"font-size: 14pt;\">La iron\u00eda es que el papel hist\u00f3rico de Estados Unidos ha sido que, aunque no fue capaz de llevar al mundo hacia adelante en este sentido, sus intentos de encerrar al mundo en un sistema imperial antit\u00e9tico al combatir a Rusia en las llanuras de Ucrania y tratar de aislar la tecnolog\u00eda de China en un intento estadounidense de monopolio de las tecnolog\u00edas de la informaci\u00f3n han sido grandes catalizadores para empujar a la mayor\u00eda global en esta l\u00ednea.<\/span><\/p>\n<p style=\"text-align: justify;\">\u00a0<\/p>\n<p>&nbsp;<\/p>\n<p><img loading=\"lazy\" decoding=\"async\" class=\"aligncenter wp-image-2310083\" src=\"https:\/\/puntocritico.com\/ausajpuntocritico\/wp-content\/uploads\/2025\/07\/Michael-Hudson.jpg\" alt=\"\" width=\"330\" height=\"288\" \/><\/p>\n<div>\n<p style=\"text-align: center;\"><span style=\"font-size: 14pt;\"><strong><span style=\"color: #008000;\">Michael Hudson<\/span><\/strong><\/span><\/p>\n<p style=\"text-align: center;\"><strong><span style=\"color: #008000; font-size: 18pt;\">*******<\/span><\/strong><\/p>\n<h2><span style=\"font-size: 14pt;\"><strong>RELACIONADOS:<\/strong><\/span><\/h2>\n<blockquote class=\"wp-embedded-content\" data-secret=\"quJ1QoFs7N\"><p><a href=\"https:\/\/puntocritico.com\/ausajpuntocritico\/2017\/06\/29\/ano-303-inventan-el-cristianismo\/\">\u201cA\u00d1O 303: Inventan el cristianismo\u201d<\/a><\/p><\/blockquote>\n<p><iframe loading=\"lazy\" class=\"wp-embedded-content\" sandbox=\"allow-scripts\" security=\"restricted\" style=\"position: absolute; visibility: hidden;\" title=\"\u00ab\u201cA\u00d1O 303: Inventan el cristianismo\u201d\u00bb \u2014 Punto Cr\u00edtico Derechos Humanos\" src=\"https:\/\/puntocritico.com\/ausajpuntocritico\/2017\/06\/29\/ano-303-inventan-el-cristianismo\/embed\/#?secret=eLfh3q6Vbt#?secret=quJ1QoFs7N\" data-secret=\"quJ1QoFs7N\" width=\"500\" height=\"282\" frameborder=\"0\" marginwidth=\"0\" marginheight=\"0\" scrolling=\"no\"><\/iframe><\/p>\n<blockquote class=\"wp-embedded-content\" data-secret=\"NMeiWq8joX\"><p><a href=\"https:\/\/puntocritico.com\/ausajpuntocritico\/2021\/04\/27\/deuda-odiosa\/\">DEUDA ODIOSA: \u201cDeudas odiosas son aquellas contra\u00eddas contra los intereses de la poblaci\u00f3n de un pa\u00eds y con el completo conocimiento del acreedor\u201d.<\/a><\/p><\/blockquote>\n<p><iframe loading=\"lazy\" class=\"wp-embedded-content\" sandbox=\"allow-scripts\" security=\"restricted\" style=\"position: absolute; visibility: hidden;\" title=\"\u00abDEUDA ODIOSA: \u201cDeudas odiosas son aquellas contra\u00eddas contra los intereses de la poblaci\u00f3n de un pa\u00eds y con el completo conocimiento del acreedor\u201d.\u00bb \u2014 Punto Cr\u00edtico Derechos Humanos\" src=\"https:\/\/puntocritico.com\/ausajpuntocritico\/2021\/04\/27\/deuda-odiosa\/embed\/#?secret=IRxb27BwwL#?secret=NMeiWq8joX\" data-secret=\"NMeiWq8joX\" width=\"500\" height=\"282\" frameborder=\"0\" marginwidth=\"0\" marginheight=\"0\" scrolling=\"no\"><\/iframe><\/p>\n<blockquote class=\"wp-embedded-content\" data-secret=\"lFyhBu82QF\"><p><a href=\"https:\/\/puntocritico.com\/ausajpuntocritico\/2019\/01\/22\/empoderados\/\">EMPODERADOS<\/a><\/p><\/blockquote>\n<p><iframe loading=\"lazy\" class=\"wp-embedded-content\" sandbox=\"allow-scripts\" security=\"restricted\" style=\"position: absolute; visibility: hidden;\" title=\"\u00abEMPODERADOS\u00bb \u2014 Punto Cr\u00edtico Derechos Humanos\" src=\"https:\/\/puntocritico.com\/ausajpuntocritico\/2019\/01\/22\/empoderados\/embed\/#?secret=ZKg8N5eeME#?secret=lFyhBu82QF\" data-secret=\"lFyhBu82QF\" width=\"500\" height=\"282\" frameborder=\"0\" marginwidth=\"0\" marginheight=\"0\" scrolling=\"no\"><\/iframe><\/p>\n<blockquote class=\"wp-embedded-content\" data-secret=\"4lf6CrAYRM\"><p><a href=\"https:\/\/puntocritico.com\/ausajpuntocritico\/2024\/12\/04\/el-mito-de-la-izquierda-por-raymond-aron-el-opio-de-los-intelectuales-1955\/\">EL MITO DE LA IZQUIERDA, por Raymond Aron (El opio de los intelectuales, 1955)<\/a><\/p><\/blockquote>\n<p><iframe loading=\"lazy\" class=\"wp-embedded-content\" sandbox=\"allow-scripts\" security=\"restricted\" style=\"position: absolute; visibility: hidden;\" title=\"\u00abEL MITO DE LA IZQUIERDA, por Raymond Aron (El opio de los intelectuales, 1955)\u00bb \u2014 Punto Cr\u00edtico Derechos Humanos\" src=\"https:\/\/puntocritico.com\/ausajpuntocritico\/2024\/12\/04\/el-mito-de-la-izquierda-por-raymond-aron-el-opio-de-los-intelectuales-1955\/embed\/#?secret=i7FkqruqYl#?secret=4lf6CrAYRM\" data-secret=\"4lf6CrAYRM\" width=\"500\" height=\"282\" frameborder=\"0\" marginwidth=\"0\" marginheight=\"0\" scrolling=\"no\"><\/iframe><\/p>\n<blockquote class=\"wp-embedded-content\" data-secret=\"eQPnSOMSzw\"><p><a href=\"https:\/\/puntocritico.com\/ausajpuntocritico\/2020\/04\/09\/que-hemos-de-exigir-a-un-gobierno-honestidad-y-frugalidad-o-mentira-y-disposicion-al-lujo-por-thomas-jefferson-cuando-el-centro-no-existe-la-izquierda-y-la-derecha-se-confunden\/\">\u00bfQu\u00e9 hemos de exigir a un Gobierno, Honestidad y Frugalidad, o Mentira y Disposici\u00f3n al lujo?, por Thomas Jefferson. Cuando el centro no existe, la izquierda y la derecha se confunden.<\/a><\/p><\/blockquote>\n<p><iframe loading=\"lazy\" class=\"wp-embedded-content\" sandbox=\"allow-scripts\" security=\"restricted\" style=\"position: absolute; visibility: hidden;\" title=\"\u00ab\u00bfQu\u00e9 hemos de exigir a un Gobierno, Honestidad y Frugalidad, o Mentira y Disposici\u00f3n al lujo?, por Thomas Jefferson. Cuando el centro no existe, la izquierda y la derecha se confunden.\u00bb \u2014 Punto Cr\u00edtico Derechos Humanos\" src=\"https:\/\/puntocritico.com\/ausajpuntocritico\/2020\/04\/09\/que-hemos-de-exigir-a-un-gobierno-honestidad-y-frugalidad-o-mentira-y-disposicion-al-lujo-por-thomas-jefferson-cuando-el-centro-no-existe-la-izquierda-y-la-derecha-se-confunden\/embed\/#?secret=p5bxQXzks3#?secret=eQPnSOMSzw\" data-secret=\"eQPnSOMSzw\" width=\"500\" height=\"282\" frameborder=\"0\" marginwidth=\"0\" marginheight=\"0\" scrolling=\"no\"><\/iframe><\/p>\n<blockquote class=\"wp-embedded-content\" data-secret=\"EILc9PhpiD\"><p><a href=\"https:\/\/puntocritico.com\/ausajpuntocritico\/2021\/07\/15\/izquierda-y-derecha-defienden-a-la-clase-dominante-entrevista-a-diego-fusaro\/\">Derecha e izquierda hegeliana. \u00abIzquierda y derecha defienden a la clase dominante\u00bb, entrevista a Diego Fusaro.<\/a><\/p><\/blockquote>\n<p><iframe loading=\"lazy\" class=\"wp-embedded-content\" sandbox=\"allow-scripts\" security=\"restricted\" style=\"position: absolute; visibility: hidden;\" title=\"\u00abDerecha e izquierda hegeliana. \u00abIzquierda y derecha defienden a la clase dominante\u00bb, entrevista a Diego Fusaro.\u00bb \u2014 Punto Cr\u00edtico Derechos Humanos\" src=\"https:\/\/puntocritico.com\/ausajpuntocritico\/2021\/07\/15\/izquierda-y-derecha-defienden-a-la-clase-dominante-entrevista-a-diego-fusaro\/embed\/#?secret=b4yV6yw0us#?secret=EILc9PhpiD\" data-secret=\"EILc9PhpiD\" width=\"500\" height=\"282\" frameborder=\"0\" marginwidth=\"0\" marginheight=\"0\" scrolling=\"no\"><\/iframe><\/p>\n<blockquote class=\"wp-embedded-content\" data-secret=\"1RX4taVEmB\"><p><a href=\"https:\/\/puntocritico.com\/ausajpuntocritico\/2023\/06\/15\/solve-et-coagula\/\">SOLVE ET COAGULA: \u00abDERECHA \/ IZQUIERDA: \u00bfFIN O TRANSFORMACI\u00d3N DE LA DIVISI\u00d3N?\u00bb, por Arnaud Imatz.<\/a><\/p><\/blockquote>\n<p><iframe loading=\"lazy\" class=\"wp-embedded-content\" sandbox=\"allow-scripts\" security=\"restricted\" style=\"position: absolute; visibility: hidden;\" title=\"\u00abSOLVE ET COAGULA: \u00abDERECHA \/ IZQUIERDA: \u00bfFIN O TRANSFORMACI\u00d3N DE LA DIVISI\u00d3N?\u00bb, por Arnaud Imatz.\u00bb \u2014 Punto Cr\u00edtico Derechos Humanos\" src=\"https:\/\/puntocritico.com\/ausajpuntocritico\/2023\/06\/15\/solve-et-coagula\/embed\/#?secret=Q4eTQ7NPfN#?secret=1RX4taVEmB\" data-secret=\"1RX4taVEmB\" width=\"500\" height=\"282\" frameborder=\"0\" marginwidth=\"0\" marginheight=\"0\" scrolling=\"no\"><\/iframe><\/p>\n<blockquote class=\"wp-embedded-content\" data-secret=\"ZjTwuA7ndE\"><p><a href=\"https:\/\/puntocritico.com\/ausajpuntocritico\/2023\/06\/22\/la-rendicion-de-la-izquierda-dieciseis-tesis-sobre-elitismo-nueva-censura-y-relacion-con-la-extrema-derecha-por-ignacio-castro-rey\/\">\u00abLA RENDICI\u00d3N DE LA IZQUIERDA: Diecis\u00e9is tesis sobre elitismo, nueva censura y relaci\u00f3n con la extrema derecha\u00bb, por Ignacio Castro Rey.<\/a><\/p><\/blockquote>\n<p><iframe loading=\"lazy\" class=\"wp-embedded-content\" sandbox=\"allow-scripts\" security=\"restricted\" style=\"position: absolute; visibility: hidden;\" title=\"\u00ab\u00abLA RENDICI\u00d3N DE LA IZQUIERDA: Diecis\u00e9is tesis sobre elitismo, nueva censura y relaci\u00f3n con la extrema derecha\u00bb, por Ignacio Castro Rey.\u00bb \u2014 Punto Cr\u00edtico Derechos Humanos\" src=\"https:\/\/puntocritico.com\/ausajpuntocritico\/2023\/06\/22\/la-rendicion-de-la-izquierda-dieciseis-tesis-sobre-elitismo-nueva-censura-y-relacion-con-la-extrema-derecha-por-ignacio-castro-rey\/embed\/#?secret=rIGj4q22oU#?secret=ZjTwuA7ndE\" data-secret=\"ZjTwuA7ndE\" width=\"500\" height=\"282\" frameborder=\"0\" marginwidth=\"0\" marginheight=\"0\" scrolling=\"no\"><\/iframe><\/p>\n<blockquote class=\"wp-embedded-content\" data-secret=\"DNOgcB4IKC\"><p><a href=\"https:\/\/puntocritico.com\/ausajpuntocritico\/2024\/02\/22\/la-izquierda-iznogud-que-quiere-ser-la-derecha-en-lugar-de-la-derecha\/\">LA IZQUIERDA IZNOGUD, que quiere ser la Derecha en lugar de la Derecha: Las \u00abPuertas Giratorias\u00bb de la \u00abDisidencia Controlada\u00bb: ACENTO y Alberto Garz\u00f3n<\/a><\/p><\/blockquote>\n<p><iframe loading=\"lazy\" class=\"wp-embedded-content\" sandbox=\"allow-scripts\" security=\"restricted\" style=\"position: absolute; visibility: hidden;\" title=\"\u00abLA IZQUIERDA IZNOGUD, que quiere ser la Derecha en lugar de la Derecha: Las \u00abPuertas Giratorias\u00bb de la \u00abDisidencia Controlada\u00bb: ACENTO y Alberto Garz\u00f3n\u00bb \u2014 Punto Cr\u00edtico Derechos Humanos\" src=\"https:\/\/puntocritico.com\/ausajpuntocritico\/2024\/02\/22\/la-izquierda-iznogud-que-quiere-ser-la-derecha-en-lugar-de-la-derecha\/embed\/#?secret=M2OasWs9Q9#?secret=DNOgcB4IKC\" data-secret=\"DNOgcB4IKC\" width=\"500\" height=\"282\" frameborder=\"0\" marginwidth=\"0\" marginheight=\"0\" scrolling=\"no\"><\/iframe><\/p>\n<blockquote class=\"wp-embedded-content\" data-secret=\"9y2CJPgg7a\"><p><a href=\"https:\/\/puntocritico.com\/ausajpuntocritico\/2025\/07\/06\/daniele-ganser\/\">DANIELE GANSER: \u00abLas guerras sucias de la OTAN y el legado de la Operaci\u00f3n Gladio\u00bb. GLADIO, por Umberto Eco<\/a><\/p><\/blockquote>\n<p><iframe loading=\"lazy\" class=\"wp-embedded-content\" sandbox=\"allow-scripts\" security=\"restricted\" style=\"position: absolute; visibility: hidden;\" title=\"\u00abDANIELE GANSER: \u00abLas guerras sucias de la OTAN y el legado de la Operaci\u00f3n Gladio\u00bb. GLADIO, por Umberto Eco\u00bb \u2014 Punto Cr\u00edtico Derechos Humanos\" src=\"https:\/\/puntocritico.com\/ausajpuntocritico\/2025\/07\/06\/daniele-ganser\/embed\/#?secret=ovf39THcYr#?secret=9y2CJPgg7a\" data-secret=\"9y2CJPgg7a\" width=\"500\" height=\"282\" frameborder=\"0\" marginwidth=\"0\" marginheight=\"0\" scrolling=\"no\"><\/iframe><\/p>\n<blockquote class=\"wp-embedded-content\" data-secret=\"VVNk5oJS8K\"><p><a href=\"https:\/\/puntocritico.com\/ausajpuntocritico\/2023\/06\/21\/de-la-simpatia-la-teoria-de-los-sentimientos-morales-adam-smith\/\">SOBRE LA EMPAT\u00cdA: \u00abDE LA SIMPAT\u00cdA\u00bb, por Adam Smith (\u00abLa teor\u00eda de los sentimientos morales\u00bb).<\/a><\/p><\/blockquote>\n<p><iframe loading=\"lazy\" class=\"wp-embedded-content\" sandbox=\"allow-scripts\" security=\"restricted\" style=\"position: absolute; visibility: hidden;\" title=\"\u00abSOBRE LA EMPAT\u00cdA: \u00abDE LA SIMPAT\u00cdA\u00bb, por Adam Smith (\u00abLa teor\u00eda de los sentimientos morales\u00bb).\u00bb \u2014 Punto Cr\u00edtico Derechos Humanos\" src=\"https:\/\/puntocritico.com\/ausajpuntocritico\/2023\/06\/21\/de-la-simpatia-la-teoria-de-los-sentimientos-morales-adam-smith\/embed\/#?secret=9iG3y3x9uv#?secret=VVNk5oJS8K\" data-secret=\"VVNk5oJS8K\" width=\"500\" height=\"282\" frameborder=\"0\" marginwidth=\"0\" marginheight=\"0\" scrolling=\"no\"><\/iframe><\/p>\n<blockquote class=\"wp-embedded-content\" data-secret=\"OAakFfFm3p\"><p><a href=\"https:\/\/puntocritico.com\/ausajpuntocritico\/2023\/04\/06\/sobre-la-libertad-de-john-stuart-mill-no-hay-mejor-prueba-del-progreso-de-la-civilizacion-que-el-progreso-del-poder-de-cooperacion\/\">\u00abSOBRE LA LIBERTAD\u00bb, de John Stuart Mill. \u00abNo hay mejor prueba del progreso de la civilizaci\u00f3n que el progreso del poder de cooperaci\u00f3n\u00bb.<\/a><\/p><\/blockquote>\n<p><iframe loading=\"lazy\" class=\"wp-embedded-content\" sandbox=\"allow-scripts\" security=\"restricted\" style=\"position: absolute; visibility: hidden;\" title=\"\u00ab\u00abSOBRE LA LIBERTAD\u00bb, de John Stuart Mill. \u00abNo hay mejor prueba del progreso de la civilizaci\u00f3n que el progreso del poder de cooperaci\u00f3n\u00bb.\u00bb \u2014 Punto Cr\u00edtico Derechos Humanos\" src=\"https:\/\/puntocritico.com\/ausajpuntocritico\/2023\/04\/06\/sobre-la-libertad-de-john-stuart-mill-no-hay-mejor-prueba-del-progreso-de-la-civilizacion-que-el-progreso-del-poder-de-cooperacion\/embed\/#?secret=NtY0T76ru0#?secret=OAakFfFm3p\" data-secret=\"OAakFfFm3p\" width=\"500\" height=\"282\" frameborder=\"0\" marginwidth=\"0\" marginheight=\"0\" scrolling=\"no\"><\/iframe><\/p>\n<blockquote class=\"wp-embedded-content\" data-secret=\"EmPRCyJycR\"><p><a href=\"https:\/\/puntocritico.com\/ausajpuntocritico\/2021\/12\/22\/prohibido-prohibir-john-stuart-mill\/\">PROHIBIDO PROHIBIR: INTRODUCCI\u00d3N A \u00abSobre la Libertad\u00bb, de John Stuart Mill<\/a><\/p><\/blockquote>\n<p><iframe loading=\"lazy\" class=\"wp-embedded-content\" sandbox=\"allow-scripts\" security=\"restricted\" style=\"position: absolute; visibility: hidden;\" title=\"\u00abPROHIBIDO PROHIBIR: INTRODUCCI\u00d3N A \u00abSobre la Libertad\u00bb, de John Stuart Mill\u00bb \u2014 Punto Cr\u00edtico Derechos Humanos\" src=\"https:\/\/puntocritico.com\/ausajpuntocritico\/2021\/12\/22\/prohibido-prohibir-john-stuart-mill\/embed\/#?secret=3jyQbBW6MW#?secret=EmPRCyJycR\" data-secret=\"EmPRCyJycR\" width=\"500\" height=\"282\" frameborder=\"0\" marginwidth=\"0\" marginheight=\"0\" scrolling=\"no\"><\/iframe><\/p>\n<blockquote class=\"wp-embedded-content\" data-secret=\"lsrFP3B3Dc\"><p><a href=\"https:\/\/puntocritico.com\/ausajpuntocritico\/2023\/01\/12\/fabula-de-las-abejas-mandeville\/\">\u00abLA F\u00c1BULA DE LAS ABEJAS\u00bb, de Bernard de Mandeville: \u00abLos vicios privados hacen la prosperidad p\u00fablica\u00bb.<\/a><\/p><\/blockquote>\n<p><iframe loading=\"lazy\" class=\"wp-embedded-content\" sandbox=\"allow-scripts\" security=\"restricted\" style=\"position: absolute; visibility: hidden;\" title=\"\u00ab\u00abLA F\u00c1BULA DE LAS ABEJAS\u00bb, de Bernard de Mandeville: \u00abLos vicios privados hacen la prosperidad p\u00fablica\u00bb.\u00bb \u2014 Punto Cr\u00edtico Derechos Humanos\" src=\"https:\/\/puntocritico.com\/ausajpuntocritico\/2023\/01\/12\/fabula-de-las-abejas-mandeville\/embed\/#?secret=qlaOPnBFjC#?secret=lsrFP3B3Dc\" data-secret=\"lsrFP3B3Dc\" width=\"500\" height=\"282\" frameborder=\"0\" marginwidth=\"0\" marginheight=\"0\" scrolling=\"no\"><\/iframe><\/p>\n<blockquote class=\"wp-embedded-content\" data-secret=\"6dJjOdD8mI\"><p><a href=\"https:\/\/puntocritico.com\/ausajpuntocritico\/2021\/07\/26\/el-unico-y-su-propiedad-por-max-stirner\/\">ANARQUISTAS SIN EMPAT\u00cdA: \u00abEl \u00danico y su Propiedad\u00bb, por Max Stirner (1.844). El pupilo de Hegel, que se fue al extremo de la Izquierda Hegeliana y cay\u00f3 en el olvido, es quien hoy inspira la \u00abNueva Pol\u00edtica\u00bb. Los \u00abEgo\u00edstas\u00bb.<\/a><\/p><\/blockquote>\n<p><iframe loading=\"lazy\" class=\"wp-embedded-content\" sandbox=\"allow-scripts\" security=\"restricted\" style=\"position: absolute; visibility: hidden;\" title=\"\u00abANARQUISTAS SIN EMPAT\u00cdA: \u00abEl \u00danico y su Propiedad\u00bb, por Max Stirner (1.844). El pupilo de Hegel, que se fue al extremo de la Izquierda Hegeliana y cay\u00f3 en el olvido, es quien hoy inspira la \u00abNueva Pol\u00edtica\u00bb. Los \u00abEgo\u00edstas\u00bb.\u00bb \u2014 Punto Cr\u00edtico Derechos Humanos\" src=\"https:\/\/puntocritico.com\/ausajpuntocritico\/2021\/07\/26\/el-unico-y-su-propiedad-por-max-stirner\/embed\/#?secret=eKkE1PnF2A#?secret=6dJjOdD8mI\" data-secret=\"6dJjOdD8mI\" width=\"500\" height=\"282\" frameborder=\"0\" marginwidth=\"0\" marginheight=\"0\" scrolling=\"no\"><\/iframe><\/p>\n<blockquote class=\"wp-embedded-content\" data-secret=\"7dUBBnDR8A\"><p><a href=\"https:\/\/puntocritico.com\/ausajpuntocritico\/2023\/06\/04\/el-banquero-anarquista-por-fernando-pessoa\/\">EL BANQUERO ANARQUISTA, por Fernando Pessoa. \u00ab\u00bfPara qui\u00e9n quiere el anarquista la libertad? Para la humanidad entera\u00bb.<\/a><\/p><\/blockquote>\n<p><iframe loading=\"lazy\" class=\"wp-embedded-content\" sandbox=\"allow-scripts\" security=\"restricted\" style=\"position: absolute; visibility: hidden;\" title=\"\u00abEL BANQUERO ANARQUISTA, por Fernando Pessoa. \u00ab\u00bfPara qui\u00e9n quiere el anarquista la libertad? Para la humanidad entera\u00bb.\u00bb \u2014 Punto Cr\u00edtico Derechos Humanos\" src=\"https:\/\/puntocritico.com\/ausajpuntocritico\/2023\/06\/04\/el-banquero-anarquista-por-fernando-pessoa\/embed\/#?secret=dyT10qKk33#?secret=7dUBBnDR8A\" data-secret=\"7dUBBnDR8A\" width=\"500\" height=\"282\" frameborder=\"0\" marginwidth=\"0\" marginheight=\"0\" scrolling=\"no\"><\/iframe><\/p>\n<blockquote class=\"wp-embedded-content\" data-secret=\"SouRYsVgyU\"><p><a href=\"https:\/\/puntocritico.com\/ausajpuntocritico\/2022\/10\/15\/the-trap-3-we-will-force-you-to-be-free-adam-curtis-documental-con-subtitulos-dos-conceptos-de-libertad-isaiah-berlin-por-leonardo-garcia-jaramillo\/\">The Trap 3 \u2013 We Will Force You to Be Free \u2013 Adam Curtis (documental con subtitulos) \/\/ \u2018Dos conceptos de libertad\u2019 (Isaiah Berlin), por Leonardo Garc\u00eda Jaramillo<\/a><\/p><\/blockquote>\n<p><iframe loading=\"lazy\" class=\"wp-embedded-content\" sandbox=\"allow-scripts\" security=\"restricted\" style=\"position: absolute; visibility: hidden;\" title=\"\u00abThe Trap 3 \u2013 We Will Force You to Be Free \u2013 Adam Curtis (documental con subtitulos) \/\/ \u2018Dos conceptos de libertad\u2019 (Isaiah Berlin), por Leonardo Garc\u00eda Jaramillo\u00bb \u2014 Punto Cr\u00edtico Derechos Humanos\" src=\"https:\/\/puntocritico.com\/ausajpuntocritico\/2022\/10\/15\/the-trap-3-we-will-force-you-to-be-free-adam-curtis-documental-con-subtitulos-dos-conceptos-de-libertad-isaiah-berlin-por-leonardo-garcia-jaramillo\/embed\/#?secret=id1YcMQNDD#?secret=SouRYsVgyU\" data-secret=\"SouRYsVgyU\" width=\"500\" height=\"282\" frameborder=\"0\" marginwidth=\"0\" marginheight=\"0\" scrolling=\"no\"><\/iframe><\/p>\n<blockquote class=\"wp-embedded-content\" data-secret=\"7Bl2nE7hZM\"><p><a href=\"https:\/\/puntocritico.com\/ausajpuntocritico\/2019\/07\/03\/isaiah-berlin-dos-conceptos-de-libertad\/\">ISAIAH BERLIN: DOS CONCEPTOS DE LIBERTAD. \u00abLa Libertad de los lobos es la muerte para los corderos\u00bb.<\/a><\/p><\/blockquote>\n<p><iframe loading=\"lazy\" class=\"wp-embedded-content\" sandbox=\"allow-scripts\" security=\"restricted\" style=\"position: absolute; visibility: hidden;\" title=\"\u00abISAIAH BERLIN: DOS CONCEPTOS DE LIBERTAD. \u00abLa Libertad de los lobos es la muerte para los corderos\u00bb.\u00bb \u2014 Punto Cr\u00edtico Derechos Humanos\" src=\"https:\/\/puntocritico.com\/ausajpuntocritico\/2019\/07\/03\/isaiah-berlin-dos-conceptos-de-libertad\/embed\/#?secret=4V4MyV1cKq#?secret=7Bl2nE7hZM\" data-secret=\"7Bl2nE7hZM\" width=\"500\" height=\"282\" frameborder=\"0\" marginwidth=\"0\" marginheight=\"0\" scrolling=\"no\"><\/iframe><\/p>\n<p>&nbsp;<\/p>\n<p><a href=\"https:\/\/puntocritico.com\/author\/punto-critico\/\"><img loading=\"lazy\" decoding=\"async\" class=\"aligncenter wp-image-48\" src=\"https:\/\/puntocritico.com\/ausajpuntocritico\/wp-content\/uploads\/2016\/11\/Mosca_Punto_Cr%C3%ADtico_40.png\" alt=\"\" width=\"80\" height=\"80\" \/><\/a><\/p>\n<\/div>\n<p>&nbsp;<\/p>\n<p style=\"text-align: justify;\">\u00a0<\/p>\n<p>&nbsp;<\/p>\n","protected":false},"excerpt":{"rendered":"<div class=\"mh-excerpt\"><p>Estados Unidos acaba de destruir un gran imperio &nbsp; El imperio de Dios \u00ab\u00bfPor qu\u00e9 el emperador crey\u00f3 que el cristianismo, hasta entonces perseguido, pod\u00eda ser beneficioso para el imperio?\u00bb Por Jes\u00fas Ferrero The Objective, <a class=\"mh-excerpt-more\" href=\"https:\/\/puntocritico.com\/ausajpuntocritico\/2025\/08\/26\/estados-unidos-acaba-de-destruir-un-gran-imperio\/\" title=\"\u00abEstados Unidos acaba de destruir un gran imperio\u00bb, por  Michael Hudson\">[&#8230;]<\/a><\/p>\n<\/div>","protected":false},"author":3,"featured_media":2311170,"comment_status":"closed","ping_status":"closed","sticky":false,"template":"","format":"standard","meta":{"_acf_changed":false,"_exactmetrics_skip_tracking":false,"_exactmetrics_sitenote_active":false,"_exactmetrics_sitenote_note":"","_exactmetrics_sitenote_category":0,"footnotes":""},"categories":[7],"tags":[190,175],"class_list":{"0":"post-2310136","1":"post","2":"type-post","3":"status-publish","4":"format-standard","5":"has-post-thumbnail","7":"category-politica","8":"tag-jesus-ferrero","9":"tag-michael-hudson"},"acf":[],"_links":{"self":[{"href":"https:\/\/puntocritico.com\/ausajpuntocritico\/wp-json\/wp\/v2\/posts\/2310136","targetHints":{"allow":["GET"]}}],"collection":[{"href":"https:\/\/puntocritico.com\/ausajpuntocritico\/wp-json\/wp\/v2\/posts"}],"about":[{"href":"https:\/\/puntocritico.com\/ausajpuntocritico\/wp-json\/wp\/v2\/types\/post"}],"author":[{"embeddable":true,"href":"https:\/\/puntocritico.com\/ausajpuntocritico\/wp-json\/wp\/v2\/users\/3"}],"replies":[{"embeddable":true,"href":"https:\/\/puntocritico.com\/ausajpuntocritico\/wp-json\/wp\/v2\/comments?post=2310136"}],"version-history":[{"count":0,"href":"https:\/\/puntocritico.com\/ausajpuntocritico\/wp-json\/wp\/v2\/posts\/2310136\/revisions"}],"wp:featuredmedia":[{"embeddable":true,"href":"https:\/\/puntocritico.com\/ausajpuntocritico\/wp-json\/wp\/v2\/media\/2311170"}],"wp:attachment":[{"href":"https:\/\/puntocritico.com\/ausajpuntocritico\/wp-json\/wp\/v2\/media?parent=2310136"}],"wp:term":[{"taxonomy":"category","embeddable":true,"href":"https:\/\/puntocritico.com\/ausajpuntocritico\/wp-json\/wp\/v2\/categories?post=2310136"},{"taxonomy":"post_tag","embeddable":true,"href":"https:\/\/puntocritico.com\/ausajpuntocritico\/wp-json\/wp\/v2\/tags?post=2310136"}],"curies":[{"name":"wp","href":"https:\/\/api.w.org\/{rel}","templated":true}]}}