{"id":2309004,"date":"2025-08-24T00:05:44","date_gmt":"2025-08-23T22:05:44","guid":{"rendered":"https:\/\/puntocritico.com\/ausajpuntocritico\/?p=2309004"},"modified":"2025-08-24T11:11:05","modified_gmt":"2025-08-24T09:11:05","slug":"edgar-allan-poe-visto-por-ruben-dario","status":"publish","type":"post","link":"https:\/\/puntocritico.com\/ausajpuntocritico\/2025\/08\/24\/edgar-allan-poe-visto-por-ruben-dario\/","title":{"rendered":"Edgar Allan Poe visto por Rub\u00e9n Dar\u00edo (1868-1916)"},"content":{"rendered":"<p style=\"text-align: justify;\"><span style=\"color: #008000; font-size: 14pt;\">Edgar Allan Poe visto por Rub\u00e9n Dar\u00edo<\/span><\/p>\n\n<p>&nbsp;<\/p>\n<blockquote>\n<h2 class=\"entry-title\" style=\"text-align: center;\"><span style=\"font-size: 24pt;\">EDGAR ALLAN POE Y RUB\u00c9N DAR\u00cdO<\/span><\/h2>\n<div class=\"post-meta vcard\">\n<p style=\"text-align: justify;\"><span style=\"font-size: 14pt;\">Por Gonzalo Navarrete Mu\u00f1oz<\/span><\/p>\n<p style=\"text-align: justify;\"><span style=\"font-size: 14pt;\"><a href=\"https:\/\/www.meridadeyucatan.com\/poe-y-ruben-dario\/\" target=\"_blank\" rel=\"noopener\">M\u00e9rida de Yucat\u00e1n<\/a>, <span class=\"updated\">24 SEPT 2014<\/span><\/span><\/p>\n<\/div>\n<figure id=\"attachment_2311023\" aria-describedby=\"caption-attachment-2311023\" style=\"width: 500px\" class=\"wp-caption aligncenter\"><img loading=\"lazy\" decoding=\"async\" class=\"wp-image-2311023 size-full\" src=\"https:\/\/puntocritico.com\/ausajpuntocritico\/wp-content\/uploads\/2025\/08\/edgar-allan-poe-y-ruben-dario.jpg\" alt=\"Edgar Allan Poe visto por Rub\u00e9n Dar\u00edo\" width=\"500\" height=\"250\" srcset=\"https:\/\/puntocritico.com\/ausajpuntocritico\/wp-content\/uploads\/2025\/08\/edgar-allan-poe-y-ruben-dario.jpg 500w, https:\/\/puntocritico.com\/ausajpuntocritico\/wp-content\/uploads\/2025\/08\/edgar-allan-poe-y-ruben-dario-300x150.jpg 300w\" sizes=\"auto, (max-width: 500px) 100vw, 500px\" \/><figcaption id=\"caption-attachment-2311023\" class=\"wp-caption-text\"><span style=\"color: #008000;\">Edgar Allan Poe y Rub\u00e9n Dar\u00edo<\/span><\/figcaption><\/figure>\n<p style=\"text-align: justify;\">\u00a0<\/p>\n<p style=\"text-align: justify;\"><span style=\"font-size: 14pt;\"><strong>Edgar Allan Poe<\/strong> es sin duda un hombre trascendente en la historia de la literatura universal. La cr\u00edtica norteamericana ha sido muy dura con \u00e9l, lo llaman <em>jingle man<\/em>, es decir: el hombre del rintint\u00edn. Lo acusan de haberle introducido mucho ruido innecesario a la poes\u00eda. <\/span><\/p>\n<p style=\"text-align: justify;\"><span style=\"font-size: 14pt;\">Su poema m\u00e1s celebre <em><strong>El Cuervo<\/strong><\/em> es un ejemplo:<\/span><\/p>\n<p style=\"text-align: center;\"><strong><span style=\"font-size: 14pt; color: #008000;\"><em>Once upon a midnight dreary, while I pondered, weak and weary,<\/em><em><br \/>\nOver many a quaint and curious volume of forgotten lore,<br \/>\nWhile I nodded, nearly napping, suddenly there came a tapping,<br \/>\nAs of some one gently rapping, rapping at my chamber door.<br \/>\n\u00ab\u2018Tis some visitor,\u00bb I muttered, \u00abtapping at my chamber door<br \/>\n\u2013 Only this, and nothing more\u00bb.<\/em><\/span><\/strong><\/p>\n<p style=\"text-align: center;\"><span style=\"color: #008000; font-size: 14pt;\">(\u00c9rase una medianoche l\u00fagubre, mientras meditaba, d\u00e9bil y cansado,<\/span><br \/>\n<span style=\"color: #008000; font-size: 14pt;\">sobre muchos vol\u00famenes pintorescos y curiosos de sabidur\u00eda olvidada,<\/span><br \/>\n<span style=\"color: #008000; font-size: 14pt;\">mientras cabeceaba, casi dormitando, de repente se oy\u00f3 un golpeteo,<\/span><br \/>\n<span style=\"color: #008000; font-size: 14pt;\">como si alguien llamara suavemente a la puerta de mi habitaci\u00f3n.<\/span><br \/>\n<span style=\"color: #008000; font-size: 14pt;\">\u00abEs alg\u00fan visitante\u00bb, murmur\u00e9, \u00abllamando a la puerta de mi habitaci\u00f3n;<\/span><br \/>\n<span style=\"color: #008000; font-size: 14pt;\">solo esto, y nada m\u00e1s\u00bb.)<\/span><\/p>\n<p>&nbsp;<\/p>\n<p style=\"text-align: justify;\"><span style=\"font-size: 14pt;\">Esta es la primera estrofa que podr\u00eda servir de ejemplo. Con igual firmeza se le reprocha a <strong>R\u00faben Dar\u00edo<\/strong> y a todos los modernistas el exceso de ruido y de pirotecnia en sus poes\u00edas.<em><br \/>\n<\/em><\/span><\/p>\n<p style=\"text-align: center;\"><strong><span style=\"font-size: 14pt; color: #008000;\"><em>\u00cdnclitas razas ub\u00e9rrimas, sangre de Hispania fecunda,<br \/>\nesp\u00edritus fraternos, luminosas almas, \u00a1salve!<\/em><\/span><\/strong><\/p>\n<p>&nbsp;<\/p>\n<p style=\"text-align: justify;\"><span style=\"font-size: 14pt;\">Estos dos primeros versos de <em><strong>La Salutaci\u00f3n del Optimista<\/strong><\/em> son una prueba de la devoci\u00f3n de <strong>Dar\u00edo<\/strong> por el ritmo al punto de sacrificar, seg\u00fan algunos, en ese altar a toda la poes\u00eda. Algo semejante se puede encontrar en su <strong><em>Salutaci\u00f3n a Leonardo<\/em><\/strong>:<\/span><\/p>\n<p style=\"text-align: center;\"><strong><span style=\"font-size: 14pt; color: #008000;\"><em>Maestro: Pomona levanta su cesto. Tu estirpe<br \/>\n<\/em><em>saluda la Aurora. \u00a1Tu aurora! Que extirpe<br \/>\n<\/em><em>de la indiferencia la mancha; que gaste<br \/>\n<\/em><em>la dura cadena de siglos; que aplaste<br \/>\n<\/em><em>al sapo la piedra de su honda.<\/em><\/span><\/strong><\/p>\n<p>&nbsp;<\/p>\n<p style=\"text-align: justify;\"><span style=\"font-size: 14pt;\">Otro ejemplo ilustrador puede ser unos versos de <em><strong>El Reponso a Verlaine<\/strong><\/em>:<\/span><\/p>\n<p style=\"text-align: center;\"><span style=\"color: #008000;\"><strong><span style=\"font-size: 14pt;\"><em>Que p\u00faberes can\u00e9foras te ofrenden el acanto,\u00a0<\/em><em><br \/>\nque sobre tu sepulcro no se derrame el llanto,<br \/>\nsino roc\u00edo, vino, miel:<br \/>\nque el p\u00e1mpano all\u00ed brote, las flores de Citeres,<br \/>\n\u00a1y que se escuchen vagos suspiros de mujeres<br \/>\nbajo un simb\u00f3lico laurel!<\/em><\/span><\/strong><\/span><\/p>\n<p>&nbsp;<\/p>\n<\/blockquote>\n<blockquote><figure id=\"attachment_22139\" aria-describedby=\"caption-attachment-22139\" style=\"width: 300px\" class=\"wp-caption aligncenter\"><a href=\"https:\/\/puntocritico.com\/ausajpuntocritico\/2019\/09\/22\/rimbaud-y-verlaine-la-pasion-de-los-relampagos\/\" target=\"_blank\" rel=\"noopener\" data-schema-attribute=\"\"><img loading=\"lazy\" decoding=\"async\" class=\"wp-image-22139\" src=\"https:\/\/puntocritico.com\/ausajpuntocritico\/wp-content\/uploads\/2019\/09\/arthur-rimbaud-y-paul-verlaine-1-227x300.jpg\" alt=\"\" width=\"300\" height=\"397\" srcset=\"https:\/\/puntocritico.com\/ausajpuntocritico\/wp-content\/uploads\/2019\/09\/arthur-rimbaud-y-paul-verlaine-1-227x300.jpg 227w, https:\/\/puntocritico.com\/ausajpuntocritico\/wp-content\/uploads\/2019\/09\/arthur-rimbaud-y-paul-verlaine-1.jpg 620w\" sizes=\"auto, (max-width: 300px) 100vw, 300px\" \/><\/a><figcaption id=\"caption-attachment-22139\" class=\"wp-caption-text\"><span style=\"color: #008000;\">Paul Verlaine y Arthur Rimbaud, Bruselas 1873.<\/span><\/figcaption><\/figure>\n<p>&nbsp;<\/p>\n<p style=\"text-align: justify;\"><span style=\"font-size: 14pt;\">Es curioso <strong>Verlaine<\/strong> fue simbolista y en ese sentido fue influido por <strong>Edgar Allan Poe<\/strong>. Por otro lado no se puede negar que <strong>Poe<\/strong> influy\u00f3 en <strong>Dar\u00edo<\/strong> y de esa manera se vuelven a tocar los dos grandes poetas. Aunque uno haya contado con la gloria de sus traductores en franc\u00e9s.<\/span><\/p>\n<p style=\"text-align: justify;\"><span style=\"font-size: 14pt;\">Tanto a <strong>Poe<\/strong> como a <strong>Dar\u00edo<\/strong> se les acusa de excederse en el canto y faltar al cuento. Quiz\u00e1s con <strong>Dar\u00edo<\/strong> la cr\u00edtica haya sido m\u00e1s ruda. Ciertamente los barrocos, ajustados a reglas r\u00edgidas y volteretas, pudieron escribir grandes poemas con muchas ideas y revelaciones. <\/span><\/p>\n<p style=\"text-align: justify;\"><span style=\"font-size: 14pt;\"><strong>Sor Juana In\u00e9s de la Cruz<\/strong> escribi\u00f3 <em><strong>Primero Sue\u00f1o<\/strong><\/em>, un portento de ideas; <strong>G\u00f3ngora<\/strong> cre\u00f3<em><strong> El Polifemo<\/strong><\/em> donde hay ideas estupendas sobre el tiempo que seg\u00fan <strong>Salvador Elizondo<\/strong> es la dimensi\u00f3n fundamental del arte. Otro tanto se puede decir de <strong>Quevedo<\/strong> a quien le debemos uno de los sonetos m\u00e1s celebres de la historia: <em><strong>Amor Despu\u00e9s de la Muerte<\/strong><\/em>. <\/span><\/p>\n<p style=\"text-align: justify;\"><span style=\"font-size: 14pt;\">Lo cierto es que <strong>Poe<\/strong> impact\u00f3 a <a href=\"https:\/\/puntocritico.com\/ausajpuntocritico\/2023\/08\/23\/las-flores-del-mal-de-charles-baudelaire\/\" target=\"_blank\" rel=\"noopener\" data-schema-attribute=\"\"><strong>Charles Baudelaire<\/strong><\/a> al punto de que dec\u00eda que todas las noches le rezaba. Tambi\u00e9n cautiv\u00f3 a <a href=\"https:\/\/puntocritico.com\/ausajpuntocritico\/2020\/01\/26\/los-poetas-malditos-stephane-mallarme%e2%80%8b%e2%80%8b-por-paul-verlaine\/\" target=\"_blank\" rel=\"noopener\" data-schema-attribute=\"\"><strong>Mallarm\u00e9<\/strong><\/a>, quien lo tradujo y <strong>le dedic\u00f3 un soneto<\/strong>:<\/span><\/p>\n<p style=\"text-align: center;\"><strong><span style=\"font-size: 14pt; color: #008000;\"><em>LA TUMBA DE EDGAR ALLAN POE<\/em><\/span><\/strong><\/p>\n<p style=\"text-align: center;\"><strong><span style=\"font-size: 14pt; color: #008000;\"><em>Tal como al fin el tiempo lo transforma en s\u00ed mismo,<\/em><em><br \/>\nel poeta despierta con su desnuda espada<br \/>\na su edad que no supo descubrir, espantada,<br \/>\nque la muerte inundaba su extra\u00f1a voz de abismo.<\/em><\/span><\/strong><\/p>\n<p style=\"text-align: center;\"><strong><span style=\"font-size: 14pt; color: #008000;\">Vio la hidra del vulgo, con un vil paroxismo,<\/span><\/strong><br \/>\n<strong><span style=\"font-size: 14pt; color: #008000;\">que en \u00e9l la antigua lengua naci\u00f3 purificada,<\/span><\/strong><br \/>\n<strong><span style=\"font-size: 14pt; color: #008000;\">creyendo que \u00e9l beb\u00eda esa magia encantada<\/span><\/strong><br \/>\n<strong><span style=\"font-size: 14pt; color: #008000;\">en la onda vergonzosa de un oscuro exorcismo.<\/span><\/strong><\/p>\n<p style=\"text-align: center;\"><strong><span style=\"font-size: 14pt; color: #008000;\">Si, hostiles alas nubes y al suelo que lo roe,<\/span><\/strong><br \/>\n<strong><span style=\"font-size: 14pt; color: #008000;\">bajo-relieve suyo no esculpe nuestra mente<\/span><\/strong><br \/>\n<strong><span style=\"font-size: 14pt; color: #008000;\">para adornar la tumba deslumbrante de Poe,<\/span><\/strong><\/p>\n<p style=\"text-align: center;\"><strong><span style=\"font-size: 14pt; color: #008000;\">que, como bloque intacto de un cataclismo oscuro,<\/span><\/strong><br \/>\n<strong><span style=\"font-size: 14pt; color: #008000;\">este granito al menos detenga eternamente<\/span><\/strong><br \/>\n<strong><span style=\"font-size: 14pt; color: #008000;\">los negros vuelos que alce el Blasfemo futuro.<\/span><\/strong><\/p>\n<p style=\"text-align: center;\">\u00a0<\/p>\n<p style=\"text-align: justify;\"><span style=\"font-size: 14pt;\">Lo cierto es que al influir tanto en <strong>Baudelaire<\/strong> influy\u00f3 en toda la poes\u00eda francesa moderna. Aunque es posible que la poes\u00eda moderna francesa lo haya inventado a \u00e9l. A menudo los traductores mejoran a los traducidos. Esto se dice de <strong>Mallarm\u00e9<\/strong> con <strong>Poe<\/strong>. <strong>Rub\u00e9n Dar\u00edo<\/strong> no tuvo esa suerte, quiz\u00e1s por eso carga tanta cr\u00edtica a pesar de que indudablemente ha hecho una obra que sobrevivir\u00e1. <\/span><\/p>\n<p style=\"text-align: justify;\"><span style=\"font-size: 14pt;\"><strong>Poe<\/strong> fue sin duda un hombre de genio: sus cuentos de literatura fant\u00e1stica son extraordinarios y <em>cre\u00f3 al primer gran polic\u00eda de la literatura universal: <strong>Charles Auguste Dupin<\/strong><\/em>. <\/span><\/p>\n<p style=\"text-align: justify;\"><span style=\"font-size: 14pt;\"><strong>Poe<\/strong> fue un hombre de genio, esto lo hace m\u00e1s rico. Pero como poeta, a pesar de las cr\u00edticas norteamericanas, traspas\u00f3 el vasto universo de la poes\u00eda en ingl\u00e9s y dej\u00f3 una impronta de importancia en la poes\u00eda francesa que tanto ha influido en el mundo entero.<\/span><\/p>\n<\/blockquote>\n<p>&nbsp;<\/p>\n<figure id=\"attachment_2285579\" aria-describedby=\"caption-attachment-2285579\" style=\"width: 488px\" class=\"wp-caption aligncenter\"><img loading=\"lazy\" decoding=\"async\" class=\"wp-image-2285579 size-full\" src=\"https:\/\/puntocritico.com\/ausajpuntocritico\/wp-content\/uploads\/2023\/08\/Fantin-Latour_Homage_to_Delacroix.jpg\" alt=\"\" width=\"488\" height=\"298\" srcset=\"https:\/\/puntocritico.com\/ausajpuntocritico\/wp-content\/uploads\/2023\/08\/Fantin-Latour_Homage_to_Delacroix.jpg 488w, https:\/\/puntocritico.com\/ausajpuntocritico\/wp-content\/uploads\/2023\/08\/Fantin-Latour_Homage_to_Delacroix-300x183.jpg 300w\" sizes=\"auto, (max-width: 488px) 100vw, 488px\" \/><figcaption id=\"caption-attachment-2285579\" class=\"wp-caption-text\"><span style=\"color: #008000;\">Homenaje a Delacroix, Baudelaire (el \u00faltimo sentado del lado derecho).<\/span><\/figcaption><\/figure>\n<p style=\"text-align: center;\"><span style=\"font-size: 18pt; color: #008000;\"><strong>*******<\/strong><\/span><\/p>\n<div class=\"fl-module fl-module-heading fl-node-606130f893b7c\" data-node=\"606130f893b7c\">\n<div class=\"fl-module-content fl-node-content\">\n<h2 class=\"fl-heading\" style=\"text-align: center;\"><span class=\"fl-heading-text\" style=\"font-size: 24pt;\">Edgar Allan Poe visto por Rub\u00e9n Dar\u00edo<\/span><\/h2>\n<blockquote>\n<p style=\"text-align: center;\"><span style=\"font-size: 14pt;\"><strong>Rub\u00e9n Dar\u00edo, poeta y escritor nicarag\u00fcense (1868-1916) escribi\u00f3 una serie de perfiles y ensayos sobre autores que marcar\u00edan gran parte de su obra literaria, y que conformar\u00eda el libro\u00a0<em>Los raros<\/em>.\u00a0 <\/strong><\/span><\/p>\n<p style=\"text-align: center;\"><span style=\"font-size: 14pt;\"><strong>Entre esos perfiles aparece el texto que Dar\u00edo escribi\u00f3 sobre Edgar Allan Poe, el cual publicamos en Car\u00e1tula como un homenaje a dos figuras modernistas de las Am\u00e9ricas.<\/strong><\/span><\/p>\n<\/blockquote>\n<\/div>\n<\/div>\n<div class=\"fl-module fl-module-heading fl-node-606130f893b7e\" data-node=\"606130f893b7e\">\n<div class=\"fl-module-content fl-node-content\">\n<p class=\"fl-heading\" style=\"text-align: justify;\"><span class=\"fl-heading-text\" style=\"font-size: 14pt;\">Rub\u00e9n Dar\u00edo<\/span><\/p>\n<\/div>\n<\/div>\n<div class=\"fl-module fl-module-heading fl-node-606130f893b7f\" data-node=\"606130f893b7f\">\n<div class=\"fl-module-content fl-node-content\">\n<p class=\"fl-heading\" style=\"text-align: justify;\"><span class=\"fl-heading-text\" style=\"font-size: 14pt;\"><a href=\"https:\/\/www.caratula.net\/perfil-edgar-allan-poe-visto-por-ruben-dario\/\" target=\"_blank\" rel=\"noopener\">Car\u00e1tula.net<\/a>, 6 febrero, 2022<\/span><\/p>\n<\/div>\n<\/div>\n<p style=\"text-align: justify;\"><img loading=\"lazy\" decoding=\"async\" class=\"aligncenter wp-image-2308996\" src=\"https:\/\/puntocritico.com\/ausajpuntocritico\/wp-content\/uploads\/2025\/04\/Poe-300x169.jpg\" alt=\"\" width=\"480\" height=\"270\" srcset=\"https:\/\/puntocritico.com\/ausajpuntocritico\/wp-content\/uploads\/2025\/04\/Poe-300x169.jpg 300w, https:\/\/puntocritico.com\/ausajpuntocritico\/wp-content\/uploads\/2025\/04\/Poe.jpg 600w\" sizes=\"auto, (max-width: 480px) 100vw, 480px\" \/><\/p>\n<p style=\"text-align: justify;\">\u00a0<\/p>\n<p style=\"text-align: justify;\"><span style=\"font-size: 14pt;\">En una ma\u00f1ana fr\u00eda y h\u00fameda llegu\u00e9 por primera vez al inmenso pa\u00eds de los Estados Unidos. Iba el \u00ab<em>steamer<\/em>\u00bb despacio, y la sirena aullaba roncamente por temor de un choque. Quedaba atr\u00e1s Fire Island con su erecto faro; est\u00e1bamos frente a Sandy Hook, de donde nos sali\u00f3 al paso el barco de sanidad. <\/span><\/p>\n<p style=\"text-align: justify;\"><span style=\"font-size: 14pt;\">El ladrante <em>slang yanqui<\/em> sonaba por todas partes, bajo el pabell\u00f3n de bandas y estrellas. El viento fr\u00edo, los pitos arromadizados, el humo de las chimeneas, el movimiento de las m\u00e1quinas, las mismas ondas ventrudas de aquel mar esta\u00f1ado, el vapor que caminaba rumbo a la gran bah\u00eda, todo dec\u00eda: \u00ab<em>all right<\/em>\u00bb. <\/span><\/p>\n<p style=\"text-align: justify;\"><span style=\"font-size: 14pt;\">Entre las brumas se divisaban islas y barcos. <em>Long Island<\/em> desarrollaba la inmensa cinta de sus costas, y <em>Staten Island<\/em>, como en el marco de una vi\u00f1eta, se presentaba en su hermosura, tentando al l\u00e1piz, ya que no, por la falta de sol, la m\u00e1quina fotogr\u00e1fica. <\/span><\/p>\n<p style=\"text-align: justify;\"><span style=\"font-size: 14pt;\">Sobre cubierta se agrupan los pasajeros: el comerciante de gruesa panza, congestionado como un pavo, con encorvadas narices israelitas; el <em>clergyman<\/em> huesoso, enfundado en su largo levit\u00f3n negro, cubierto con su ancho sombrero de fieltro, y en la mano una peque\u00f1a Biblia; la muchacha que usa gorra de <em>jokey<\/em> y que durante toda la traves\u00eda ha cantado con voz fonogr\u00e1fica, al son de un banjo; el joven robusto, lampi\u00f1o como un beb\u00e9, y que, aficionado al box, tiene los pu\u00f1os de tal modo, que bien pudiera desquijar un rinoceronte de un solo impulso\u2026 <\/span><\/p>\n<p style=\"text-align: justify;\"><span style=\"font-size: 14pt;\">En los <em>Narrows<\/em> se alcanza a ver la tierra pintoresca y florida, las fortalezas. Luego, levantando sobre su cabeza la antorcha simb\u00f3lica, queda a un lado la gigantesca <em>Madona de la Libertad<\/em>, que tiene por peana un islote. De mi alma brota entonces la salutaci\u00f3n: <\/span><\/p>\n<blockquote>\n<p style=\"text-align: justify;\"><span style=\"color: #008000;\"><strong><span style=\"font-size: 14pt;\">\u00abA ti, prol\u00edfica, enorme, dominadora. A ti, <em>Nuestra Se\u00f1ora de la Libertad<\/em>. A ti, cuyas mamas de bronce alimentan un sinn\u00famero de almas y corazones. A ti, que te alzas solitaria y magn\u00edfica sobre tu isla, levantando la divina antorcha. <\/span><\/strong><\/span><\/p>\n<p style=\"text-align: justify;\"><span style=\"color: #008000;\"><strong><span style=\"font-size: 14pt;\">Yo te saludo al paso de mi \u201csteamer\u201d, prostern\u00e1ndome delante de tu majestad. \u00a1Ave: Good morning! Yo s\u00e9, divino icono, oh magna estatua, que tu solo nombre, el de la excelsa beldad que encarnas, ha hecho brotar estrellas sobre el mundo, a la manera del\u00a0<em>fiat<\/em>\u00a0del Se\u00f1or. <\/span><\/strong><\/span><\/p>\n<p style=\"text-align: justify;\"><span style=\"color: #008000;\"><strong><span style=\"font-size: 14pt;\">All\u00ed est\u00e1n entre todas, brillantes sobre las listas de la bandera, las que iluminan el vuelo del \u00e1guila de Am\u00e9rica, de esta tu Am\u00e9rica formidable, de ojos azules. <\/span><\/strong><\/span><\/p>\n<p style=\"text-align: justify;\"><span style=\"color: #008000;\"><strong><span style=\"font-size: 14pt;\">Ave, Libertad, llena de fuerza; el Se\u00f1or es contigo: bendita t\u00fa eres. Pero \u00bfsabes? se te ha herido mucho por el mundo, divinidad, manchando tu esplendor. <\/span><\/strong><\/span><\/p>\n<p style=\"text-align: justify;\"><span style=\"color: #008000;\"><strong><span style=\"font-size: 14pt;\">Anda en la tierra otra que ha usurpado tu nombre, y que, en vez de la antorcha, lleva la tea. Aqu\u00e9lla no es la Diana sagrada de las incomparables flechas: es H\u00e9cate\u00bb.<\/span><\/strong><\/span><\/p>\n<\/blockquote>\n<p>&nbsp;<\/p>\n<p style=\"text-align: justify;\"><span style=\"font-size: 14pt;\">Hecha mi salutaci\u00f3n, mi vista contempla la masa enorme que est\u00e1 al frente, aquella tierra coronada de torres, aquella regi\u00f3n de donde casi sent\u00eds que viene un soplo subyugador y terrible: <em>Manhattan<\/em>, la isla de hierro, <em>New-York<\/em>, la sangu\u00ednea, la cicl\u00f3pea, la monstruosa, la tormentosa, la irresistible capital del cheque. <\/span><\/p>\n<p style=\"text-align: justify;\"><span style=\"font-size: 14pt;\">Rodeada de islas menores, tiene cerca a <em>Jersey<\/em>; y agarrada a <em>Brooklin<\/em> con la u\u00f1a enorme del puente, <em>Brooklin<\/em>, que tiene sobre el palpitante pecho de acero un ramillete de campanarios. Se cree o\u00edr la voz de <em>New-York<\/em>, el eco de un vasto soliloquio de cifras. <\/span><\/p>\n<p style=\"text-align: justify;\"><span style=\"font-size: 14pt;\">\u00a1Cu\u00e1n distinta de la voz de <em>Par\u00eds<\/em>, cuando uno cree escucharla, al acercarse, halagadora como una canci\u00f3n de amor, de poes\u00eda y de juventud! Sobre el suelo de <em>Manhattan<\/em> parece que va a verse surgir de pronto un colosal <em><strong>T\u00edo Samuel<\/strong><\/em>, que llama a los pueblos todos a un inaudito remate, y que el martillo del rematador cae sobre c\u00fapulas y techumbres produciendo un ensordecedor trueno met\u00e1lico. <\/span><\/p>\n<p style=\"text-align: justify;\"><span style=\"font-size: 14pt;\">Antes de entrar al coraz\u00f3n del monstruo, recuerdo la ciudad que vio en el poema b\u00e1rbaro el <em>vidente<\/em> <strong>Thogorma<\/strong>:<\/span><\/p>\n<blockquote>\n<p style=\"text-align: center;\"><span style=\"color: #008000;\"><strong><span style=\"font-size: 14pt;\">Thogorma dans ses yeux vit monter des murailles<\/span><\/strong><\/span><br \/>\n<span style=\"color: #008000;\"><strong><span style=\"font-size: 14pt;\">Et des palais cercl\u00e9s d\u2019arain sur des blocs lourds;<\/span><\/strong><\/span><br \/>\n<span style=\"color: #008000;\"><strong><span style=\"font-size: 14pt;\">Ruche \u00e9norme, g\u00e9kenne aux l\u00fagubres entrailles<\/span><\/strong><\/span><br \/>\n<strong><span style=\"color: #008000; font-size: 14pt;\">O\u00f9 s\u2019engouffraint les Forts, princes des anciens jours.<\/span><\/strong><\/p>\n<\/blockquote>\n<p style=\"text-align: center;\"><strong><span style=\"color: #008000; font-size: 14pt;\">***<\/span><\/strong><\/p>\n<p style=\"text-align: center;\"><strong><span style=\"font-size: 14pt; color: #008000;\">Thogorma vio muros alz\u00e1ndose ante sus ojos.<\/span><\/strong><br \/>\n<strong><span style=\"font-size: 14pt; color: #008000;\">Y palacios rodeados de lluvia sobre pesados \u200b\u200bbloques;<\/span><\/strong><br \/>\n<strong><span style=\"font-size: 14pt; color: #008000;\">Colmena enorme, entra\u00f1as sombr\u00edas<\/span><\/strong><br \/>\n<strong><span style=\"font-size: 14pt; color: #008000;\">Donde los fuertes, pr\u00edncipes de los d\u00edas antiguos, se precipitaron.<\/span><\/strong><\/p>\n<p style=\"text-align: center;\">\u00a0<\/p>\n<blockquote>\n<p style=\"text-align: center;\"><span style=\"color: #008000;\"><strong><span style=\"font-size: 14pt;\">(Semejantes a los Fuertes de los d\u00edas antiguos, viven en sus torres de piedra, de hierro y de cristal, los hombres de Manhattan).<\/span><\/strong><\/span><\/p>\n<\/blockquote>\n<p>&nbsp;<\/p>\n<p style=\"text-align: justify;\"><span style=\"font-size: 14pt;\">En su fabulosa <em><strong>Babel<\/strong><\/em>, gritan, mugen, resuenan, braman, conmueven la Bolsa, la locomotora, la fragua, el banco, la imprenta, el <em>dock<\/em> y la urna electoral. El edificio <em>Produce Exchange<\/em> entre sus muros de hierro y granito re\u00fane tantas almas cuantas hacen un pueblo\u2026 He all\u00ed <em>Broadway<\/em>. <\/span><\/p>\n<p style=\"text-align: justify;\"><span style=\"font-size: 14pt;\">Se experimenta casi una impresi\u00f3n dolorosa; sent\u00eds el dominio del v\u00e9rtigo. Por un gran canal cuyos lados los forman casas monumentales que ostentan sus cien ojos de vidrios y sus tatuajes de r\u00f3tulos, pasa un r\u00edo caudaloso, confuso, de comerciantes, corredores, caballos, tranv\u00edas, \u00f3mnibus, hombres-sandwichs vestidos de anuncios, y mujeres bell\u00edsimas. Abarcando con la vista la inmensa arteria en su hervor continuo, llega a sentirse la angustia de ciertas pesadillas. <\/span><\/p>\n<p style=\"text-align: justify;\"><span style=\"font-size: 14pt;\">Reina la vida del hormiguero: un hormiguero de percherones gigantescos, de carros monstruosos, de toda clase de veh\u00edculos. El vendedor de peri\u00f3dicos, rosado y risue\u00f1o, salta como un gorri\u00f3n, de tranv\u00eda en tranv\u00eda, y grita al pasajero <em>\u00a1intanrsooonwoood!<\/em> lo que quiere decir si gust\u00e1is comprar cualquiera de esos tres diarios el \u00ab<em>Evening Telegram<\/em>\u00bb, el \u00ab<em>Sun<\/em>\u00bb o el \u00ab<em>World<\/em>\u00bb. <\/span><\/p>\n<p style=\"text-align: justify;\"><span style=\"font-size: 14pt;\">El ruido es mareador y se siente en el aire una trepidaci\u00f3n incesante; el repiqueteo de los cascos, el vuelo sonoro de las ruedas, parece a cada instante aumentarse. Temer\u00edase a cada momento un choque, un fracaso, si no se conociese que este inmenso r\u00edo que corre con una fuerza de alud, lleva en sus ondas la exactitud de una m\u00e1quina. <\/span><\/p>\n<p style=\"text-align: justify;\"><span style=\"font-size: 14pt;\">En lo m\u00e1s intrincado de la muchedumbre, en lo m\u00e1s convulsivo y crespo de la ola de movimiento, sucede que una lady anciana, bajo su capota negra, o una miss rubia, o una nodriza con su beb\u00e9 quiere pasar de una acera a otra. Un corpulento policeman alza la mano; deti\u00e9nese el torrente; pasa la dama; <em>\u00a1all right!<\/em><\/span><\/p>\n<p style=\"text-align: justify;\"><span style=\"font-size: 14pt;\">\u00ab<em>Esos c\u00edclopes\u2026<\/em>\u00bb dice <em><strong>Groussac<\/strong><\/em>; \u00ab<em>esos feroces calibanes<\/em>\u2026\u00bb escribe <em><strong>Peladan<\/strong><\/em>. \u00bfTuvo raz\u00f3n el raro <em>Sar<\/em> al llamar as\u00ed a estos hombres de la <em>Am\u00e9rica del Norte<\/em>? <em><strong>Calib\u00e1n<\/strong> <\/em>reina en la <em>isla de Manhattan<\/em>, en <em>San Francisco<\/em>, en <em>Boston<\/em>, en <em>Washington<\/em>, en todo el pa\u00eds. <\/span><\/p>\n<p style=\"text-align: justify;\"><span style=\"font-size: 14pt;\">Ha conseguido establecer el imperio de la materia desde su estado misterioso con <strong>Edison<\/strong>, hasta la apoteosis del puerco, en esa abrumadora ciudad de <em>Chicago<\/em>. <em><strong>Calib\u00e1n<\/strong> <\/em>se satura de whisky, como en el drama de <strong>Shakespeare<\/strong> de vino; se desarrolla y crece; y sin ser esclavo de ning\u00fan <em><strong>Pr\u00f3spero<\/strong><\/em>, ni martirizado por ning\u00fan genio del aire, engorda y se multiplica; su nombre es <em><strong>Legi\u00f3n<\/strong><\/em>. <\/span><\/p>\n<p style=\"text-align: justify;\"><span style=\"font-size: 14pt;\">Por voluntad de Dios suele brotar de entre esos poderosos monstruos, alg\u00fan ser de superior naturaleza, que tiende las alas a la eterna <em><strong>Miranda<\/strong> <\/em>de lo ideal. Entonces, <strong><em>Calib\u00e1n<\/em> <\/strong>mueve contra \u00e9l a <strong><em>Sicorax<\/em><\/strong>, y se le destierra o se le mata. Esto vio el mundo con <strong>Edgar Allan Poe<\/strong>, el cisne desdichado que mejor ha conocido el ensue\u00f1o y la muerte\u2026<\/span><\/p>\n<p>&nbsp;<\/p>\n<p><img loading=\"lazy\" decoding=\"async\" class=\"aligncenter wp-image-2311019\" src=\"https:\/\/puntocritico.com\/ausajpuntocritico\/wp-content\/uploads\/2025\/08\/frase-edgar-allan-poe-amor-y-odio-300x157.jpg\" alt=\"\" width=\"480\" height=\"251\" srcset=\"https:\/\/puntocritico.com\/ausajpuntocritico\/wp-content\/uploads\/2025\/08\/frase-edgar-allan-poe-amor-y-odio-300x157.jpg 300w, https:\/\/puntocritico.com\/ausajpuntocritico\/wp-content\/uploads\/2025\/08\/frase-edgar-allan-poe-amor-y-odio-1024x536.jpg 1024w, https:\/\/puntocritico.com\/ausajpuntocritico\/wp-content\/uploads\/2025\/08\/frase-edgar-allan-poe-amor-y-odio-768x402.jpg 768w, https:\/\/puntocritico.com\/ausajpuntocritico\/wp-content\/uploads\/2025\/08\/frase-edgar-allan-poe-amor-y-odio.jpg 1200w\" sizes=\"auto, (max-width: 480px) 100vw, 480px\" \/><\/p>\n<p>&nbsp;<\/p>\n<p style=\"text-align: justify;\"><span style=\"font-size: 14pt;\">\u00bfPor qu\u00e9 vino tu imagen a mi memoria, <em><strong>Stella<\/strong><\/em>, Alma, dulce reina m\u00eda, tan presto ida para siempre, el d\u00eda en que, despu\u00e9s de recorrer el hirviente <em>Broadway<\/em>, me puse a leer los versos de <strong>Poe<\/strong>, cuyo nombre de <strong>Edgar<\/strong>, armonioso y legendario, encierra tan vaga y triste poes\u00eda, y he visto desfilar la procesi\u00f3n de sus castas enamoradas a trav\u00e9s del polvo de plata de un m\u00edstico ensue\u00f1o? <\/span><\/p>\n<p style=\"text-align: justify;\"><span style=\"font-size: 14pt;\">Es porque t\u00fa eres hermana de las liliales v\u00edrgenes cantadas en brumosa lengua inglesa por el so\u00f1ador infeliz, <strong><em>pr\u00edncipe de los poetas malditos<\/em><\/strong>. T\u00fa como ellas eres llama del infinito amor. Frente al balc\u00f3n, vestido de rosas blancas, por donde en el <em>Para\u00edso<\/em> asoma tu faz de generosos y profundos ojos, pasan tus hermanas y te saludan con una sonrisa, en la maravilla de tu virtud, \u00a1oh mi \u00e1ngel consolador, oh mi esposa! <\/span><\/p>\n<p style=\"text-align: justify;\"><span style=\"font-size: 14pt;\">La primera que pasa es <strong>Irene<\/strong>, la dama brillante de palidez extra\u00f1a, venida de all\u00e1, de los mares lejanos; la segunda es <strong>Eulalia<\/strong>, la dulce <em>Eulalia<\/em> de cabellos de oro y ojos de violeta, que dirige al cielo su mirada; la tercera es <strong>Leonora<\/strong>, llamada as\u00ed por los \u00e1ngeles, joven y radiosa en el <em>Ed\u00e9n<\/em> distante; la otra es <strong>Frances<\/strong>, la amada que calma las penas con su recuerdo; la otra es <strong>Ulalume<\/strong>, cuya sombra yerra en la nebulosa regi\u00f3n de <em>Weir<\/em>, cerca del sombr\u00edo <em>lago de Auber<\/em>; la otra <strong>Helen<\/strong>, la que fue vista por la primera vez a la luz de perla de la luna; la otra Annie, la de los \u00f3sculos y las caricias y oraciones por el adorado; la otra <strong>Annabel Lee<\/strong>, que am\u00f3 con un amor envidia de los serafines del cielo; la otra <strong>Isabel<\/strong>, la de los amantes coloquios en la claridad lunar; <strong>Ligeia<\/strong>, en fin, meditabunda, envuelta en un velo de extraterrestre esplendor\u2026 <\/span><\/p>\n<p style=\"text-align: justify;\"><span style=\"font-size: 14pt;\">Ellas son, c\u00e1ndido coro de ideales oce\u00e1nidas quienes consuelan y enjugan la frente al l\u00edrico <em><strong>Prometeo<\/strong> <\/em>amarrado a la monta\u00f1a <em>Yankee<\/em>, cuyo cuervo, m\u00e1s cruel aun que el buitre <em>esquiliano<\/em>, sentado sobre el busto de <strong><em>Palas<\/em><\/strong>, tortura el coraz\u00f3n del desdichado, apu\u00f1al\u00e1ndole con la mon\u00f3tona palabra de la desesperanza. As\u00ed t\u00fa para m\u00ed. <\/span><\/p>\n<p style=\"text-align: justify;\"><span style=\"font-size: 14pt;\">En medio de los martirios de la vida, me refrescas y alientas con el aire de tus alas, porque si partiste en tu forma humana al viaje sin retorno, siento la venida de tu ser inmortal, cuando las fuerzas me faltan o cuando el dolor tiende hacia m\u00ed el negro arco. Entonces, <strong>Alma<\/strong>, <strong>Stella<\/strong>, oigo sonar cerca de m\u00ed el oro invisible de tu escudo ang\u00e9lico. Tu nombre luminoso y simb\u00f3lico surge en el cielo de mis noches como un incomparable gu\u00eda, y por tu claridad inefable llevo el incienso y la mirra a la cuna de la eterna <em>Esperanza<\/em>.<\/span><\/p>\n<div class=\"fl-module fl-module-rich-text fl-node-606130f893b7d\" data-node=\"606130f893b7d\">\n<div class=\"fl-module-content fl-node-content\">\n<div class=\"fl-rich-text\">\n<p class=\"has-medium-font-size\">\u00a0<\/p>\n<\/div>\n<\/div>\n<\/div>\n<p><img loading=\"lazy\" decoding=\"async\" class=\"size-medium wp-image-2231005 aligncenter\" src=\"https:\/\/puntocritico.com\/ausajpuntocritico\/wp-content\/uploads\/2021\/10\/edgar-allan-poe-by-david-g-fores-300x300.jpg\" alt=\"\" width=\"300\" height=\"300\" srcset=\"https:\/\/puntocritico.com\/ausajpuntocritico\/wp-content\/uploads\/2021\/10\/edgar-allan-poe-by-david-g-fores-300x300.jpg 300w, https:\/\/puntocritico.com\/ausajpuntocritico\/wp-content\/uploads\/2021\/10\/edgar-allan-poe-by-david-g-fores-150x150.jpg 150w, https:\/\/puntocritico.com\/ausajpuntocritico\/wp-content\/uploads\/2021\/10\/edgar-allan-poe-by-david-g-fores.jpg 572w\" sizes=\"auto, (max-width: 300px) 100vw, 300px\" \/><\/p>\n<h3 style=\"text-align: center;\"><span style=\"font-size: 18pt;\"><strong>E<\/strong><strong>L HOMBRE<\/strong><\/span><\/h3>\n<p style=\"text-align: justify;\"><span style=\"font-size: 14pt;\">La influencia de <strong>Poe<\/strong> en el arte universal ha sido suficientemente honda y transcendente para que su nombre y su obra no sean a la continua recordados. Desde su muerte ac\u00e1, no hay a\u00f1o casi en que, ya en el libro o en la revista, no se ocupen del excelso poeta americano, cr\u00edticos, ensayistas y poetas. La obra de Ingram ilumin\u00f3 la vida del hombre; nada puede aumentar la gloria del so\u00f1ador maravilloso. Por cierto que la publicaci\u00f3n de aquel libro cuya traducci\u00f3n a nuestra lengua hay que agradecer al se\u00f1or <strong>Mayer<\/strong>, estaba destinada al grueso p\u00fablico.<\/span><\/p>\n<p style=\"text-align: justify;\"><span style=\"font-size: 14pt;\">\u00bfEs que en el n\u00famero de los escogidos, de los arist\u00f3cratas del esp\u00edritu, no estaba ya pesado en su propio valor, el odioso f\u00e1rrago del canino <strong>Griswold<\/strong>? La infame autopsia moral que se hizo del ilustre difunto deb\u00eda tener esa bella protesta. Ha de ver ya el mundo libre de mancha al cisne inmaculado.<\/span><\/p>\n<p style=\"text-align: justify;\"><span style=\"font-size: 14pt;\">Poe, como un <strong><em>Ariel<\/em> <\/strong>hecho hombre, dir\u00edase que ha pasado su vida bajo el flotante influjo de un extra\u00f1o misterio. Nacido en un pa\u00eds de vida pr\u00e1ctica y material, la influencia del medio obra en \u00e9l al contrario. De un pa\u00eds de c\u00e1lculo brota imaginaci\u00f3n tan estupenda. El don mitol\u00f3gico parece nacer en \u00e9l por lejano atavismo y vese en su poes\u00eda un claro rayo del pa\u00eds de sol y azul en que nacieron sus antepasados. Renace en \u00e9l el alma caballeresca de los <strong><em>Le Poer<\/em><\/strong> alabados en las cr\u00f3nicas de <strong>Generaldo Gambresio<\/strong>. <\/span><\/p>\n<p style=\"text-align: justify;\"><span style=\"font-size: 14pt;\"><strong>Arnoldo Le Poer<\/strong> lanza en la Irlanda de 1327 este terrible insulto al caballero <strong>Mauricio de Desmond<\/strong>: \u00ab<em>Sois un rimador<\/em>\u00bb. Por lo cual se empu\u00f1an las espadas y se traba una ri\u00f1a que es el pr\u00f3logo de guerra sangrienta. Cinco siglos despu\u00e9s, un descendiente del provocativo <strong>Arnoldo<\/strong> glorificar\u00e1 a su raza, erigiendo sobre el rico pedestal de la lengua inglesa, y en un nuevo mundo, el palacio de oro de sus rimas.<\/span><\/p>\n<p style=\"text-align: justify;\"><span style=\"font-size: 14pt;\">El noble abolengo de <strong>Poe<\/strong>, ciertamente, no interesa sino a \u00ab<em>aquellos que tienen gusto de averiguar los efectos producidos por el pa\u00eds y el linaje en las peculiaridades mentales y constitucionales de los hombres de genio<\/em>\u00bb, seg\u00fan las palabras de la noble se\u00f1ora <strong>Whitman<\/strong>. Por lo dem\u00e1s, es \u00e9l quien hoy da valer y honra a todos los pastores protestantes, tenderos, rentistas o mercachifles que lleven su apellido en la tierra del honorable padre de su patria, <strong>Jorge Washington<\/strong>.<\/span><\/p>\n<p style=\"text-align: justify;\"><span style=\"font-size: 14pt;\">S\u00e1bese que en el linaje del poeta hubo un bravo <strong>Sir Rogerio<\/strong> que batall\u00f3 en compa\u00f1\u00eda de <strong>Strongbow<\/strong>, un osado <strong>Sir Arnoldo<\/strong> que defendi\u00f3 a una <em>lady<\/em> acusada de bruja; una mujer heroica y viril, la c\u00e9lebre \u00ab<em>Condesa<\/em>\u00bb del tiempo de <strong>Cromwell<\/strong>; y pasando sobre enredos geneal\u00f3gicos antiguos, un general de los <em>Estados Unidos<\/em>, su abuelo. <\/span><\/p>\n<p style=\"text-align: justify;\"><span style=\"font-size: 14pt;\">Despu\u00e9s de todo, ese ser tr\u00e1gico, de historia tan extra\u00f1a y romanesca, dio su primer vagido entre las coronas marchitas de una comedianta, la cual le dio vida bajo el imperio del m\u00e1s ardiente amor.\u00a0<\/span><span style=\"font-size: 14pt;\">La pobre artista hab\u00eda quedado hu\u00e9rfana desde muy tierna edad. Amaba el teatro, era inteligente y bella, y de esa dulce gracia naci\u00f3 el p\u00e1lido y melanc\u00f3lico visionario que dio al arte un mundo nuevo.<\/span><\/p>\n<p>&nbsp;<\/p>\n<p><img loading=\"lazy\" decoding=\"async\" class=\"aligncenter wp-image-2311020\" src=\"https:\/\/puntocritico.com\/ausajpuntocritico\/wp-content\/uploads\/2025\/08\/edgar-allan-poe-libre-por-no-leer.jpg\" alt=\"\" width=\"440\" height=\"293\" \/><\/p>\n<p>&nbsp;<\/p>\n<p style=\"text-align: justify;\"><span style=\"font-size: 14pt;\"><strong>Poe<\/strong> naci\u00f3 con el envidiable don de la belleza corporal. <strong>De todos los retratos que he visto suyos, ninguno da idea de aquella especial hermosura que en descripciones han dejado muchas de las personas que le conocieron<\/strong>. No hay duda que en toda la iconograf\u00eda <em>poeana<\/em>, el retrato que debe representarle mejor es el que sirvi\u00f3 a <strong>Mr. Clarke<\/strong> para publicar un grabado que copiaba al poeta en el tiempo en que \u00e9ste trabajaba en la empresa de aquel caballero. <\/span><\/p>\n<p style=\"text-align: justify;\"><span style=\"font-size: 14pt;\">El mismo <strong>Clarke<\/strong> protest\u00f3 contra los falsos retratos de <strong>Poe<\/strong> que despu\u00e9s de su muerte se publicaron. Si no tanto como los que calumniaron su hermosa alma po\u00e9tica, los que desfiguran la belleza de su rostro son dignos de la m\u00e1s justa censura. De todos los retratos que han llegado a mis manos, los que m\u00e1s me han llamado la atenci\u00f3n son el de <strong>Chiffart<\/strong>, publicado en la edici\u00f3n ilustrada de <strong>Quantin<\/strong>, de los \u00ab<em><strong>Cuentos extraordinarios<\/strong><\/em>\u00bb, y el grabado por <strong>R. Loncup<\/strong> para la traducci\u00f3n del libro de <strong>Ingram<\/strong> por <strong>Mayer<\/strong>.<\/span><\/p>\n<p>&nbsp;<\/p>\n<figure id=\"attachment_2311029\" aria-describedby=\"caption-attachment-2311029\" style=\"width: 240px\" class=\"wp-caption aligncenter\"><img loading=\"lazy\" decoding=\"async\" class=\"wp-image-2311029\" src=\"https:\/\/puntocritico.com\/ausajpuntocritico\/wp-content\/uploads\/2025\/08\/Retrato-de-Edgar-Allan-Poe-1809-1849-Anonimo-Daguerrotipo-182x300.jpg\" alt=\"\" width=\"240\" height=\"395\" srcset=\"https:\/\/puntocritico.com\/ausajpuntocritico\/wp-content\/uploads\/2025\/08\/Retrato-de-Edgar-Allan-Poe-1809-1849-Anonimo-Daguerrotipo-182x300.jpg 182w, https:\/\/puntocritico.com\/ausajpuntocritico\/wp-content\/uploads\/2025\/08\/Retrato-de-Edgar-Allan-Poe-1809-1849-Anonimo-Daguerrotipo-623x1024.jpg 623w, https:\/\/puntocritico.com\/ausajpuntocritico\/wp-content\/uploads\/2025\/08\/Retrato-de-Edgar-Allan-Poe-1809-1849-Anonimo-Daguerrotipo.jpg 766w\" sizes=\"auto, (max-width: 240px) 100vw, 240px\" \/><figcaption id=\"caption-attachment-2311029\" class=\"wp-caption-text\"><span style=\"color: #008000;\">Retrato de Edgar Allan Poe (1809-1849), An\u00f3nimo. Daguerrotipo<\/span><\/figcaption><\/figure>\n<p>&nbsp;<\/p>\n<p style=\"text-align: justify;\"><span style=\"font-size: 14pt;\">En ambos <strong>Poe<\/strong> ha llegado ya a la edad madura. No es por cierto aquel gallardo jovencito sensitivo que al conocer a <strong>Elena<\/strong> <strong>Staneand<\/strong>, qued\u00f3 tr\u00e9mulo y sin voz, como el <strong>Dante<\/strong> de la \u00ab<em>Vita Nuova\u2026<\/em>\u00bb Es el hombre que ha sufrido ya, que conoce por sus propias desgarradas carnes c\u00f3mo hieren las asperezas de la vida. <\/span><\/p>\n<p style=\"text-align: justify;\"><span style=\"font-size: 14pt;\">En el primero, el artista parece haber querido hacer una cabeza simb\u00f3lica. En los ojos, casi ornitomorfos, en el aire, en la expresi\u00f3n tr\u00e1gica del rostro, <strong>Chiffart<\/strong> ha intentado pintar al autor del \u00ab<em><strong>Cuervo<\/strong><\/em>,\u00bb al visionario, al \u00ab<em>unhappy Master<\/em>\u00bb m\u00e1s que al hombre. <\/span><\/p>\n<p style=\"text-align: justify;\"><span style=\"font-size: 14pt;\">En el segundo hay m\u00e1s realidad: esa mirada triste, de tristeza contagiosa, esa boca apretada, ese vago gesto de dolor y esa frente ancha y magn\u00edfica en donde se entroniz\u00f3 la palidez fatal del sufrimiento, pintan al desgraciado en sus d\u00edas de mayor infortunio, quiz\u00e1 en los que precedieron a su muerte. Los otros retratos, como el de <strong>Halpin<\/strong> para la edici\u00f3n de <strong>Amstrong<\/strong>, nos dan ya tipos de lechuguinos de la \u00e9poca, ya caras que nada tienen que ver con la cabeza bella e inteligente de que habla <strong>Clark<\/strong>. <\/span><\/p>\n<p style=\"text-align: justify;\"><span style=\"font-size: 14pt;\">Nada m\u00e1s cierto que la observaci\u00f3n de <strong>Gautier<\/strong>:<\/span><\/p>\n<blockquote>\n<p style=\"text-align: justify;\"><strong><span style=\"font-size: 14pt; color: #008000;\">\u00abEs raro que un poeta, dice, que un artista sea conocido bajo su primer encantador aspecto. La reputaci\u00f3n no le viene sino muy tarde, cuando ya las fatigas del estudio, la lucha por la vida y las torturas de las pasiones han alterado su fisonom\u00eda primitiva: apenas deja sino una m\u00e1scara usada, marchita, donde cada dolor ha puesto por estigma una magulladura o una arruga\u00bb.<\/span><\/strong><\/p>\n<\/blockquote>\n<p>&nbsp;<\/p>\n<figure id=\"attachment_2311033\" aria-describedby=\"caption-attachment-2311033\" style=\"width: 330px\" class=\"wp-caption aligncenter\"><img loading=\"lazy\" decoding=\"async\" class=\"wp-image-2311033\" src=\"https:\/\/puntocritico.com\/ausajpuntocritico\/wp-content\/uploads\/2025\/08\/Edgar_Allan_Poe_2-240x300.jpg\" alt=\"\" width=\"330\" height=\"413\" srcset=\"https:\/\/puntocritico.com\/ausajpuntocritico\/wp-content\/uploads\/2025\/08\/Edgar_Allan_Poe_2-240x300.jpg 240w, https:\/\/puntocritico.com\/ausajpuntocritico\/wp-content\/uploads\/2025\/08\/Edgar_Allan_Poe_2-768x962.jpg 768w, https:\/\/puntocritico.com\/ausajpuntocritico\/wp-content\/uploads\/2025\/08\/Edgar_Allan_Poe_2.jpg 800w\" sizes=\"auto, (max-width: 330px) 100vw, 330px\" \/><figcaption id=\"caption-attachment-2311033\" class=\"wp-caption-text\"><span style=\"color: #008000;\">Daguerrotipo de Edgar Allan Poe tomado en 1848 por W. S. Hartshorn<\/span><\/figcaption><\/figure>\n<p>&nbsp;<\/p>\n<p style=\"text-align: justify;\"><span style=\"font-size: 14pt;\">Desde ni\u00f1o <strong>Poe<\/strong> \u00ab<em>promet\u00eda una gran belleza<\/em>\u00bb.<\/span><\/p>\n<p style=\"text-align: justify;\"><span style=\"font-size: 14pt;\">Sus compa\u00f1eros de colegio hablan de su agilidad y robustez. Su imaginaci\u00f3n y su temperamento nervioso estaban contrapesados por la fuerza de sus m\u00fasculos. El amable y delicado \u00e1ngel de poes\u00eda, sab\u00eda dar excelentes pu\u00f1etazos. M\u00e1s tarde dir\u00e1 de \u00e9l una buena se\u00f1ora: \u00ab<em>Era un muchacho bonito<\/em>\u00bb.<\/span><\/p>\n<p style=\"text-align: justify;\"><span style=\"font-size: 14pt;\">Cuando entra a <em><strong>West Point<\/strong><\/em> hace notar en \u00e9l un colega, <strong>Mr. Gibson<\/strong>, su \u00ab<em>mirada cansada, tediosa y hastiada<\/em>\u00bb. Ya en su edad viril, recu\u00e9rdale el bibli\u00f3filo <strong>Gowans<\/strong>: <\/span><\/p>\n<blockquote>\n<p style=\"text-align: justify;\"><strong><span style=\"font-size: 14pt;\"><span style=\"color: #008000;\">\u00abPoe ten\u00eda un exterior notablemente agradable y que predispon\u00eda en su favor: lo que las damas llamar\u00edan claramente bello\u00bb.<\/span> <\/span><\/strong><\/p>\n<\/blockquote>\n<p>&nbsp;<\/p>\n<p style=\"text-align: justify;\"><span style=\"font-size: 14pt;\">Una persona que le oye recitar en <em>Boston<\/em>, dice: \u00ab<em>Era la mejor realizaci\u00f3n de un poeta, en su fisonom\u00eda, aire y manera<\/em>\u00bb. Un precioso retrato es hecho de mano femenina: <\/span><\/p>\n<blockquote>\n<p style=\"text-align: justify;\"><strong><span style=\"font-size: 14pt;\"><span style=\"color: #008000;\">\u00abuna talla algo menos que de altura mediana quiz\u00e1, pero tan perfectamente proporcionada y coronada por una cabeza tan noble, llevada tan regiamente, que, a mi juicio de muchacha, causaba la impresi\u00f3n de una estatura dominante. Esos claros y melanc\u00f3licos ojos parec\u00edan mirar desde una eminencia\u2026\u00bb<\/span> <\/span><\/strong><\/p>\n<\/blockquote>\n<p>&nbsp;<\/p>\n<p style=\"text-align: justify;\"><span style=\"font-size: 14pt;\">Otra dama recuerda la extra\u00f1a impresi\u00f3n de sus ojos: <\/span><\/p>\n<blockquote>\n<p style=\"text-align: justify;\"><strong><span style=\"font-size: 14pt;\"><span style=\"color: #008000;\">\u00abLos ojos de Poe, en verdad, eran el rasgo que m\u00e1s impresionaba y era a ellos a los que su cara deb\u00eda su atractivo peculiar. Jam\u00e1s he visto otros ojos que en algo se le parecieran. <\/span><\/span><\/strong><\/p>\n<p style=\"text-align: justify;\"><strong><span style=\"font-size: 14pt;\"><span style=\"color: #008000;\">Eran grandes, con pesta\u00f1as largas y un negro de azabache: el iris acerogris, pose\u00eda una cristalina claridad y transparencia, a trav\u00e9s de la cual la pupila negraazabache se ve\u00eda expandirse y contraerse, con toda sombra de pensamiento o de emoci\u00f3n. <\/span><\/span><\/strong><\/p>\n<p style=\"text-align: justify;\"><strong><span style=\"font-size: 14pt;\"><span style=\"color: #008000;\">Observ\u00e9 que los p\u00e1rpados jam\u00e1s se contra\u00edan, como es tan usual en la mayor parte de las personas, principalmente cuando hablan; pero su mirada siempre era llena, abierta y sin encogimiento ni emoci\u00f3n. <\/span><\/span><\/strong><\/p>\n<p style=\"text-align: justify;\"><strong><span style=\"font-size: 14pt;\"><span style=\"color: #008000;\">Su expresi\u00f3n habitual era so\u00f1adora y triste: algunas veces ten\u00eda un modo de dirigir una mirada ligera, de soslayo, sobre alguna persona que no le observaba a \u00e9l, y, con una mirada tranquila y fija, parec\u00eda que mentalmente estaba midiendo el calibre de la persona que estaba ajena de ello. <\/span><\/span><\/strong><\/p>\n<p style=\"text-align: justify;\"><strong><span style=\"font-size: 14pt;\"><span style=\"color: #008000;\">\u2014\u00a1Qu\u00e9 ojos tan tremendos tiene el se\u00f1or Poe! \u2014me dijo una se\u00f1ora. Me hace helar la sangre el verle darse vuelta lentamente y fijarlos sobre m\u00ed cuando estoy hablando\u00bb..<\/span> <\/span><\/strong><\/p>\n<\/blockquote>\n<p>&nbsp;<\/p>\n<p style=\"text-align: justify;\"><span style=\"font-size: 14pt;\">La misma agrega: <\/span><\/p>\n<blockquote>\n<p style=\"text-align: justify;\"><span style=\"font-size: 14pt; color: #008000;\"><strong>\u00abUsaba un bigote negro esmeradamente cuidado, pero que no cubr\u00eda completamente una expresi\u00f3n ligeramente contra\u00edda de la boca y una tensi\u00f3n ocasional del labio superior, que se asemejaba a una expresi\u00f3n de mofa. Esta mofa era f\u00e1cilmente excitada y se manifestaba por un movimiento del labio, apenas perceptible y, sin embargo, intensamente expresivo. No hab\u00eda en ella nada de malevolencia; pero s\u00ed mucho sarcasmo\u00bb.<\/strong> <\/span><\/p>\n<\/blockquote>\n<p>&nbsp;<\/p>\n<figure id=\"attachment_2311031\" aria-describedby=\"caption-attachment-2311031\" style=\"width: 480px\" class=\"wp-caption aligncenter\"><a href=\"https:\/\/hermeneuta.opennemas.com\/articulo\/biograf%C3%ADas\/amor-edgar-allan-poe-poetisa-frances-sargent-osgood\/20220513005420001330.html\" target=\"_blank\" rel=\"noopener\" data-schema-attribute=\"\"><img loading=\"lazy\" decoding=\"async\" class=\"wp-image-2311031\" src=\"https:\/\/puntocritico.com\/ausajpuntocritico\/wp-content\/uploads\/2025\/08\/Edgar-Allan-Poe-y-la-poetisa-Frances-S-Osgood-300x168.webp\" alt=\"\" width=\"480\" height=\"269\" srcset=\"https:\/\/puntocritico.com\/ausajpuntocritico\/wp-content\/uploads\/2025\/08\/Edgar-Allan-Poe-y-la-poetisa-Frances-S-Osgood-300x168.webp 300w, https:\/\/puntocritico.com\/ausajpuntocritico\/wp-content\/uploads\/2025\/08\/Edgar-Allan-Poe-y-la-poetisa-Frances-S-Osgood-678x381.webp 678w, https:\/\/puntocritico.com\/ausajpuntocritico\/wp-content\/uploads\/2025\/08\/Edgar-Allan-Poe-y-la-poetisa-Frances-S-Osgood.webp 768w\" sizes=\"auto, (max-width: 480px) 100vw, 480px\" \/><\/a><figcaption id=\"caption-attachment-2311031\" class=\"wp-caption-text\"><span style=\"color: #008000;\">Edgar Allan Poe y la poetisa Frances S. Osgood<\/span><\/figcaption><\/figure>\n<p>&nbsp;<\/p>\n<p style=\"text-align: justify;\"><span style=\"font-size: 14pt;\">S\u00e1bese, pues, que aquella alma potente y extra\u00f1a estaba encerrada en hermoso vaso. Parece que la distinci\u00f3n y dotes f\u00edsicas deber\u00edan ser nativas en todos los portadores de la lira. \u00bf<strong><em>Apolo<\/em><\/strong>, el crinado numen l\u00edrico, no es el prototipo de la belleza viril? Mas no todos sus hijos nacen con dote tan espl\u00e9ndido. Los privilegiados se llaman <strong>Goethe<\/strong>, <strong>Byron<\/strong>, <strong>Lamartine<\/strong>, <strong>Poe<\/strong>.<\/span><\/p>\n<p style=\"text-align: justify;\"><span style=\"font-size: 14pt;\">Nuestro poeta, por su organizaci\u00f3n vigorosa y cultivada, pudo resistir esa terrible dolencia que un m\u00e9dico escritor llama con gran propiedad \u00ab<em>la enfermedad del ensue\u00f1o<\/em>\u00bb. Era un sublime apasionado, un nervioso, uno de esos <em>divinos semilocos necesarios<\/em> para el progreso humano, lamentables cristos del arte, que por amor al eterno ideal tienen su calle de la amargura, sus espinas y su cruz. <\/span><\/p>\n<p style=\"text-align: justify;\"><span style=\"font-size: 14pt;\">Naci\u00f3 con la adorable llama de la poes\u00eda, y ella le alimentaba al propio tiempo que era su martirio. Desde ni\u00f1o qued\u00f3 hu\u00e9rfano y le recogi\u00f3 un hombre que jam\u00e1s podr\u00eda conocer el valor intelectual de su hijo adoptivo. El se\u00f1or <strong>Allan<\/strong> \u2014cuyo nombre pasar\u00e1 al porvenir al brillo del nombre del poeta\u2014 jam\u00e1s pudo imaginarse que el pobre muchacho recitador de versos que alegraba las veladas de su \u00ab<em>home<\/em>\u00bb, fuese m\u00e1s tarde un egregio pr\u00edncipe del arte. <\/span><\/p>\n<p style=\"text-align: justify;\"><span style=\"font-size: 14pt;\">En <strong>Poe<\/strong> reina el \u00ab<em>ensue\u00f1o<\/em>\u00bb desde la ni\u00f1ez. Cuando el viaje de su protector le lleva a <em>Londres<\/em>, la escuela del <em>d\u00f3mine <strong>Brandeby<\/strong> <\/em>es para \u00e9l como un lugar fant\u00e1stico que despierta en su ser extra\u00f1as reminiscencias; despu\u00e9s, en la fuerza de su genio, el recuerdo de aquella morada y del viejo profesor han de hacerle producir una de sus subyugadoras p\u00e1ginas.<\/span><\/p>\n<p>&nbsp;<\/p>\n<figure id=\"attachment_2311034\" aria-describedby=\"caption-attachment-2311034\" style=\"width: 280px\" class=\"wp-caption aligncenter\"><img loading=\"lazy\" decoding=\"async\" class=\"wp-image-2311034\" src=\"https:\/\/puntocritico.com\/ausajpuntocritico\/wp-content\/uploads\/2025\/08\/VirginiaPoe-240x300.jpg\" alt=\"\" width=\"280\" height=\"350\" srcset=\"https:\/\/puntocritico.com\/ausajpuntocritico\/wp-content\/uploads\/2025\/08\/VirginiaPoe-240x300.jpg 240w, https:\/\/puntocritico.com\/ausajpuntocritico\/wp-content\/uploads\/2025\/08\/VirginiaPoe.jpg 506w\" sizes=\"auto, (max-width: 280px) 100vw, 280px\" \/><figcaption id=\"caption-attachment-2311034\" class=\"wp-caption-text\"><span style=\"color: #008000;\">El \u00fanico retrato que se ha conservado de Virginia Clemm Poe, con quien se hab\u00eda casado en 1835. Sin embargo, cuando conoci\u00f3 a Frances, se sinti\u00f3 totalmente atra\u00eddo por ella.<\/span><\/figcaption><\/figure>\n<p>&nbsp;<\/p>\n<p style=\"text-align: justify;\"><span style=\"font-size: 14pt;\">Por una parte, posee en su fuerte cerebro la facultad musical; por otra, la fuerza matem\u00e1tica. Su \u00ab<em>ensue\u00f1o<\/em>\u00bb est\u00e1 poblado de quimeras y de cifras como la carta de un astr\u00f3logo. <\/span><\/p>\n<p style=\"text-align: justify;\"><span style=\"font-size: 14pt;\">Vuelto a Am\u00e9rica, v\u00e9mosle en la <em><strong>escuela de Clarke<\/strong><\/em>, en <em>Richmond<\/em>, en donde al mismo tiempo que se nutre de cl\u00e1sicos y recita odas latinas, boxea y llega a ser algo como un \u00ab<em>champion<\/em>\u00bb estudiantil; en la carrera hubiera dejado atr\u00e1s a <em>Atalanta<\/em>, y aspiraba a los lauros natatorios de <strong>Byron<\/strong>. <\/span><\/p>\n<p style=\"text-align: justify;\"><span style=\"font-size: 14pt;\">Pero si brilla y descuella intelectual y f\u00edsicamente entre sus compa\u00f1eros, <strong>los hijos de familia de la fofa aristocracia del lugar miran por encima del hombro al hijo de la c\u00f3mica<\/strong>. \u00bfCu\u00e1nta no ha de haber sido la hiel que tuvo que devorar este ser exquisito, humillado por un origen del cual en d\u00edas posteriores habr\u00eda orgullosamente de gloriarse? Son esos primeros golpes los que empezaron a cincelar el pliegue amargo y sarc\u00e1stico de sus labios. <\/span><\/p>\n<p style=\"text-align: justify;\"><span style=\"font-size: 14pt;\">Desde muy temprano conoci\u00f3 las acechanzas del lobo racional. Por eso buscaba la comunicaci\u00f3n con la naturaleza, tan sana y fortalecedora. \u00ab<em>Odio sobre todo y detesto este animal que se llama Hombre<\/em>\u00bb, escrib\u00eda <strong>Swift<\/strong> a <strong>Pope<\/strong>. <strong>Poe<\/strong> a su vez habla <\/span><\/p>\n<blockquote>\n<p style=\"text-align: justify;\"><span style=\"font-size: 14pt; color: #008000;\"><strong>\u00abde la mezquina amistad y de la fidelidad de polvillo de fruta (<em>gossamer fidelity<\/em>) del mero hombre\u00bb.<\/strong> <\/span><\/p>\n<\/blockquote>\n<p>&nbsp;<\/p>\n<p><img loading=\"lazy\" decoding=\"async\" class=\"aligncenter wp-image-2311021\" src=\"https:\/\/puntocritico.com\/ausajpuntocritico\/wp-content\/uploads\/2025\/08\/Una-mentira-viaja-alrededor-del-mundo-Edgar-Allan-Poe-300x203.webp\" alt=\"\" width=\"400\" height=\"270\" srcset=\"https:\/\/puntocritico.com\/ausajpuntocritico\/wp-content\/uploads\/2025\/08\/Una-mentira-viaja-alrededor-del-mundo-Edgar-Allan-Poe-300x203.webp 300w, https:\/\/puntocritico.com\/ausajpuntocritico\/wp-content\/uploads\/2025\/08\/Una-mentira-viaja-alrededor-del-mundo-Edgar-Allan-Poe-768x518.webp 768w, https:\/\/puntocritico.com\/ausajpuntocritico\/wp-content\/uploads\/2025\/08\/Una-mentira-viaja-alrededor-del-mundo-Edgar-Allan-Poe.webp 800w\" sizes=\"auto, (max-width: 400px) 100vw, 400px\" \/><\/p>\n<p>&nbsp;<\/p>\n<p style=\"text-align: justify;\"><span style=\"font-size: 14pt;\">Ya en el <em>libro de Job<\/em>, <strong>Eliphaz Themanita<\/strong> exclama: \u00ab<em>\u00bfCu\u00e1nto m\u00e1s el hombre abominable y vil que bebe como la iniquidad?<\/em>\u00bb No busc\u00f3 el l\u00edrico americano el apoyo de la oraci\u00f3n; no era creyente; o al menos, su alma estaba alejada del misticismo. A lo cual da por raz\u00f3n <strong>James Russell Lowell<\/strong> lo que podr\u00eda llamarse la matematicidad de su cerebraci\u00f3n. \u00ab<em>Hasta su misterio es matem\u00e1tico, para su propio esp\u00edritu<\/em>\u00bb. <\/span><\/p>\n<p style=\"text-align: justify;\"><span style=\"font-size: 14pt;\">La ciencia impide al poeta penetrar y tender las alas en la atm\u00f3sfera de las verdades ideales. Su necesidad de an\u00e1lisis, la condici\u00f3n algebraica de su fantas\u00eda, h\u00e1cele producir trist\u00edsimos efectos cuando nos arrastra al borde de lo desconocido. La especulaci\u00f3n filos\u00f3fica nubl\u00f3 en \u00e9l la fe, que debiera poseer como todo poeta verdadero. En todas sus obras, si mal no recuerdo, s\u00f3lo unas dos veces est\u00e1 escrito el nombre de <em>Cristo<\/em>. <\/span><\/p>\n<p style=\"text-align: justify;\"><span style=\"font-size: 14pt;\">Profesaba s\u00ed la moral cristiana; y en cuanto a los destinos del hombre, cre\u00eda en una <em>ley divina<\/em>, en un fallo inexorable. <strong>En \u00e9l la ecuaci\u00f3n dominaba a la creencia, y aun en lo referente a Dios y sus <em>atributos<\/em>, pensaba con <a href=\"https:\/\/puntocritico.com\/ausajpuntocritico\/tag\/spinoza\/\" target=\"_blank\" rel=\"noopener\" data-schema-attribute=\"\">Spinoza <\/a>que las cosas invisibles y todo lo que es objeto propio del entendimiento no puede percibirse de otro modo que por los ojos de la demostraci\u00f3n<\/strong> olvidando la profunda afirmaci\u00f3n filos\u00f3fica: <\/span><\/p>\n<blockquote>\n<p style=\"text-align: justify;\"><strong><span style=\"font-size: 14pt;\"><span style=\"color: #008000;\">\u00abintelectus noster sic \u00bfde habet? ad prima entium qu\u0153 sunt manifestissima in natura, sicut oculus vespertilionis ad solem\u00bb.<\/span> <\/span><\/strong><\/p>\n<p style=\"text-align: justify;\"><span style=\"color: #008000;\"><strong><span style=\"font-size: 14pt;\">(\u00abNuestro intelecto se siente as\u00ed atra\u00eddo hacia las primeras cosas de los seres que son m\u00e1s manifiestos en la naturaleza, como el ojo de un murci\u00e9lago lo es hacia el sol.\u00bb)<\/span><\/strong><\/span><\/p>\n<\/blockquote>\n<p>&nbsp;<\/p>\n<p style=\"text-align: justify;\"><span style=\"font-size: 14pt;\">No cre\u00eda en lo sobrenatural, seg\u00fan confesi\u00f3n propia; pero <strong>afirmaba que Dios, como creador de la naturaleza, puede, si quiere, modificarla<\/strong>. <\/span><\/p>\n<p style=\"text-align: justify;\"><span style=\"font-size: 14pt;\">En la narraci\u00f3n de la <em>metemps\u00edcosis<\/em> de <em><strong>Ligeia<\/strong> <\/em>hay una definici\u00f3n de Dios, tomada de <strong>Granwill<\/strong>, que parece ser sustentada por <strong>Poe<\/strong>: <strong>Dios no es m\u00e1s que una gran voluntad que penetra todas las cosas por la naturaleza de su intensidad<\/strong>. <\/span><\/p>\n<p style=\"text-align: justify;\"><span style=\"font-size: 14pt;\">Lo cual estaba ya dicho por <strong>Santo Tom\u00e1s<\/strong> en estas palabras: <\/span><\/p>\n<blockquote>\n<p style=\"text-align: justify;\"><strong><span style=\"font-size: 14pt;\"><span style=\"color: #008000;\">\u00abSi las cosas mismas no determinan el fin para s\u00ed, porque desconocen la raz\u00f3n del fin, es necesario que se les determine el fin por otro que sea determinador de la naturaleza. \u00c9ste es el que previene todas las cosas, que es ser por s\u00ed mismo necesario, y a \u00e9ste llamamos Dios\u2026\u00bb<\/span> <\/span><\/strong><\/p>\n<\/blockquote>\n<p>&nbsp;<\/p>\n<p style=\"text-align: justify;\"><span style=\"font-size: 14pt;\">En la \u00ab<em>Revelaci\u00f3n Magn\u00e9tica<\/em>\u00bb, a vuelta de divagaciones filos\u00f3ficas, <em><strong>Mr. Vankirk<\/strong> <\/em>\u2014que, como casi todos los personajes de <strong>Poe<\/strong>, es <strong>Poe<\/strong> mismo\u2014 afirma la existencia de un Dios material, al cual llama <em>materia suprema e imparticulada<\/em>. Pero agrega: <\/span><\/p>\n<blockquote>\n<p style=\"text-align: justify;\"><span style=\"font-size: 14pt; color: #008000;\"><strong>\u00abLa materia imparticulada, o sea Dios en estado de reposo, es en lo que entra en nuestra comprensi\u00f3n, lo que los hombres llaman esp\u00edritu\u00bb.<\/strong> <\/span><\/p>\n<\/blockquote>\n<p>&nbsp;<\/p>\n<p style=\"text-align: justify;\"><span style=\"font-size: 14pt;\">En el di\u00e1logo entre <em><strong>Oinos<\/strong> <\/em>y <strong><em>Agathos<\/em> <\/strong>pretende sondear el misterio de la divina inteligencia; as\u00ed como en los de <em><strong>Monos y Una<\/strong><\/em> y de <em><strong>Eros y Charmion<\/strong><\/em> penetra en la desconocida sombra de la Muerte, produciendo, como pocos, extra\u00f1os vislumbres en su concepci\u00f3n del esp\u00edritu en el espacio y en el tiempo.<\/span><\/p>\n<p>&nbsp;<\/p>\n<p><img loading=\"lazy\" decoding=\"async\" class=\"aligncenter wp-image-2308997\" src=\"https:\/\/puntocritico.com\/ausajpuntocritico\/wp-content\/uploads\/2025\/04\/E.A.Poe2_-300x300.jpeg\" alt=\"\" width=\"360\" height=\"360\" srcset=\"https:\/\/puntocritico.com\/ausajpuntocritico\/wp-content\/uploads\/2025\/04\/E.A.Poe2_-300x300.jpeg 300w, https:\/\/puntocritico.com\/ausajpuntocritico\/wp-content\/uploads\/2025\/04\/E.A.Poe2_-150x150.jpeg 150w, https:\/\/puntocritico.com\/ausajpuntocritico\/wp-content\/uploads\/2025\/04\/E.A.Poe2_.jpeg 600w\" sizes=\"auto, (max-width: 360px) 100vw, 360px\" \/><\/p>\n<p style=\"text-align: center;\"><span style=\"color: #008000;\"><strong><span style=\"font-size: 18pt;\">*******<\/span><\/strong><\/span><\/p>\n<div class=\"fl-module fl-module-heading fl-node-606130f893b85\" data-node=\"606130f893b85\">\n<div class=\"fl-module-content fl-node-content\">\n<h3 class=\"fl-heading\" style=\"text-align: center;\"><span class=\"fl-heading-text\" style=\"font-size: 18pt;\">Rub\u00e9n Dar\u00edo<\/span><\/h3>\n<p><img loading=\"lazy\" decoding=\"async\" class=\"size-medium wp-image-2308995 aligncenter\" src=\"https:\/\/puntocritico.com\/ausajpuntocritico\/wp-content\/uploads\/2025\/04\/Ruben-Dario-300x176.jpg\" alt=\"\" width=\"300\" height=\"176\" srcset=\"https:\/\/puntocritico.com\/ausajpuntocritico\/wp-content\/uploads\/2025\/04\/Ruben-Dario-300x176.jpg 300w, https:\/\/puntocritico.com\/ausajpuntocritico\/wp-content\/uploads\/2025\/04\/Ruben-Dario.jpg 600w\" sizes=\"auto, (max-width: 300px) 100vw, 300px\" \/><\/p>\n<\/div>\n<\/div>\n<div class=\"fl-module fl-module-rich-text fl-node-606130f893b86 lm-bio\" data-node=\"606130f893b86\">\n<div class=\"fl-module-content fl-node-content\">\n<div class=\"fl-rich-text\">\n<blockquote>\n<p style=\"text-align: center;\"><strong><span style=\"font-size: 14pt; color: #008000;\">F\u00e9lix Rub\u00e9n Garc\u00eda Sarmiento, conocido como Rub\u00e9n Dar\u00edo, fue un poeta, periodista y diplom\u00e1tico nicarag\u00fcense, m\u00e1ximo representante del modernismo literario en lengua espa\u00f1ola. <\/span><\/strong><\/p>\n<p style=\"text-align: center;\"><strong><span style=\"font-size: 14pt; color: #008000;\">Naci\u00f3 el 18 de enero de 1867 y muri\u00f3 el 6 de febrero de 1916.<\/span><\/strong><\/p>\n<\/blockquote>\n<\/div>\n<\/div>\n<\/div>\n<p style=\"text-align: justify;\">\u00a0<\/p>\n<p>&nbsp;<\/p>\n<p><a href=\"https:\/\/puntocritico.com\/ausajpuntocritico\/author\/punto-critico\/\"><img loading=\"lazy\" decoding=\"async\" class=\"aligncenter wp-image-9528\" src=\"https:\/\/puntocritico.com\/ausajpuntocritico\/wp-content\/uploads\/2018\/03\/Mosca_Punto_Cr\u00edtico_40.png\" alt=\"\" width=\"80\" height=\"80\" data-id=\"9528\" \/><\/a><\/p>\n<p>&nbsp;<\/p>\n","protected":false},"excerpt":{"rendered":"<div class=\"mh-excerpt\"><p>Edgar Allan Poe visto por Rub\u00e9n Dar\u00edo &nbsp; EDGAR ALLAN POE Y RUB\u00c9N DAR\u00cdO Por Gonzalo Navarrete Mu\u00f1oz M\u00e9rida de Yucat\u00e1n, 24 SEPT 2014 \u00a0 Edgar Allan Poe es sin duda un hombre trascendente en <a class=\"mh-excerpt-more\" href=\"https:\/\/puntocritico.com\/ausajpuntocritico\/2025\/08\/24\/edgar-allan-poe-visto-por-ruben-dario\/\" title=\"Edgar Allan Poe visto por Rub\u00e9n Dar\u00edo (1868-1916)\">[&#8230;]<\/a><\/p>\n<\/div>","protected":false},"author":3,"featured_media":2311036,"comment_status":"closed","ping_status":"closed","sticky":false,"template":"","format":"standard","meta":{"_acf_changed":false,"_exactmetrics_skip_tracking":false,"_exactmetrics_sitenote_active":false,"_exactmetrics_sitenote_note":"","_exactmetrics_sitenote_category":0,"footnotes":""},"categories":[10],"tags":[162],"class_list":{"0":"post-2309004","1":"post","2":"type-post","3":"status-publish","4":"format-standard","5":"has-post-thumbnail","7":"category-miscelanea","8":"tag-edgar-allan-poe"},"acf":[],"_links":{"self":[{"href":"https:\/\/puntocritico.com\/ausajpuntocritico\/wp-json\/wp\/v2\/posts\/2309004","targetHints":{"allow":["GET"]}}],"collection":[{"href":"https:\/\/puntocritico.com\/ausajpuntocritico\/wp-json\/wp\/v2\/posts"}],"about":[{"href":"https:\/\/puntocritico.com\/ausajpuntocritico\/wp-json\/wp\/v2\/types\/post"}],"author":[{"embeddable":true,"href":"https:\/\/puntocritico.com\/ausajpuntocritico\/wp-json\/wp\/v2\/users\/3"}],"replies":[{"embeddable":true,"href":"https:\/\/puntocritico.com\/ausajpuntocritico\/wp-json\/wp\/v2\/comments?post=2309004"}],"version-history":[{"count":0,"href":"https:\/\/puntocritico.com\/ausajpuntocritico\/wp-json\/wp\/v2\/posts\/2309004\/revisions"}],"wp:featuredmedia":[{"embeddable":true,"href":"https:\/\/puntocritico.com\/ausajpuntocritico\/wp-json\/wp\/v2\/media\/2311036"}],"wp:attachment":[{"href":"https:\/\/puntocritico.com\/ausajpuntocritico\/wp-json\/wp\/v2\/media?parent=2309004"}],"wp:term":[{"taxonomy":"category","embeddable":true,"href":"https:\/\/puntocritico.com\/ausajpuntocritico\/wp-json\/wp\/v2\/categories?post=2309004"},{"taxonomy":"post_tag","embeddable":true,"href":"https:\/\/puntocritico.com\/ausajpuntocritico\/wp-json\/wp\/v2\/tags?post=2309004"}],"curies":[{"name":"wp","href":"https:\/\/api.w.org\/{rel}","templated":true}]}}