{"id":2308766,"date":"2025-08-15T00:05:43","date_gmt":"2025-08-14T22:05:43","guid":{"rendered":"https:\/\/puntocritico.com\/ausajpuntocritico\/?p=2308766"},"modified":"2025-08-17T03:24:05","modified_gmt":"2025-08-17T01:24:05","slug":"la-etica-de-spinoza-por-agapito-maestre","status":"publish","type":"post","link":"https:\/\/puntocritico.com\/ausajpuntocritico\/2025\/08\/15\/la-etica-de-spinoza-por-agapito-maestre\/","title":{"rendered":"LA \u00c9TICA DE SPINOZA, por Agapito Maestre"},"content":{"rendered":"<p style=\"text-align: justify;\"><span style=\"font-size: 14pt; color: #008000;\">La \u00c9tica de Spinoza<\/span><\/p>\n\n<p style=\"text-align: right;\"><em><span style=\"font-size: 14pt;\">Una verdad contada con mala intenci\u00f3n<\/span><\/em><br \/>\n<em><span style=\"font-size: 14pt;\">puede con todas las Mentiras que puedas inventar.<\/span><\/em><\/p>\n<p style=\"text-align: right;\"><em><span style=\"font-size: 14pt;\">Es justo que as\u00ed sea:<\/span><\/em><br \/>\n<em><span style=\"font-size: 14pt;\">El Hombre fue hecho para la Alegr\u00eda y la Tristeza,\u00a0<\/span><\/em><\/p>\n<p style=\"text-align: right;\"><em><span style=\"font-size: 14pt;\">y cuando esto bien aprendemos<\/span><\/em><br \/>\n<em><span style=\"font-size: 14pt;\">por el Mundo seguro caminamos.<\/span><\/em><\/p>\n<p style=\"text-align: right;\"><a href=\"https:\/\/puntocritico.com\/ausajpuntocritico\/2025\/08\/17\/poemas-de-william-blake\/\"><strong><em><span style=\"font-size: 14pt;\">William Blake<\/span><\/em><\/strong><\/a><\/p>\n<p>&nbsp;<\/p>\n<header class=\"entry-header\">\n<blockquote>\n<h2 class=\"entry-title\" style=\"text-align: center;\"><span style=\"font-size: 24pt;\">La teor\u00eda de las pasiones de Spinoza<\/span><\/h2>\n<p class=\"entry-title\" style=\"text-align: justify;\"><span style=\"font-size: 14pt;\"><a href=\"https:\/\/www.lasangredelleonverde.com\/la-teoria-de-las-pasiones-de-spinoza\/\" target=\"_blank\" rel=\"noopener\">La sangre del le\u00f3n verde<\/a>, 22 Ene, 2012<\/span><\/p>\n<\/blockquote>\n<\/header>\n<blockquote>\n<p class=\"clear\" style=\"text-align: justify;\"><img loading=\"lazy\" decoding=\"async\" class=\"aligncenter wp-image-18402\" src=\"https:\/\/puntocritico.com\/ausajpuntocritico\/wp-content\/uploads\/2019\/04\/Ojos-de-Spinoza-300x125.jpg\" alt=\"\" width=\"480\" height=\"200\" srcset=\"https:\/\/puntocritico.com\/ausajpuntocritico\/wp-content\/uploads\/2019\/04\/Ojos-de-Spinoza-300x125.jpg 300w, https:\/\/puntocritico.com\/ausajpuntocritico\/wp-content\/uploads\/2019\/04\/Ojos-de-Spinoza.jpg 348w\" sizes=\"auto, (max-width: 480px) 100vw, 480px\" \/><\/p>\n<p>&nbsp;<\/p>\n<\/blockquote>\n<div class=\"entry-part text \">\n<blockquote>\n<p style=\"text-align: justify;\"><span style=\"font-size: 14pt;\">En el trabajo de hoy trataremos someramente los fundamentos de la teor\u00eda de <strong>Spinoza<\/strong> sobre las pasiones. Esta teor\u00eda ocupa\u00a0pr\u00e1cticamente toda la <strong>Parte III<\/strong> de la obra clave de este autor\u00a0<em><strong>Ethica ordine geometrico demonstrata<\/strong><\/em>.<\/span><\/p>\n<p style=\"text-align: justify;\"><span style=\"font-size: 14pt;\">Lo interesante de la perspectiva de <strong>Spinoza<\/strong> es que partiendo desde unas premisas ontol\u00f3gicas concretas y explicitas y sacando \u201c<strong><em>ordine geometrico<\/em><\/strong>\u201d las conclusiones que se siguen de ellas obtiene una teor\u00eda psicol\u00f3gica de las pasiones llamativa por lo realista y sugerente.<\/span><\/p>\n<p style=\"text-align: justify;\"><span style=\"font-size: 14pt;\">En la <strong>proposici\u00f3n III.6 Spinoza<\/strong> sostiene: <\/span><\/p>\n<p style=\"text-align: justify;\"><strong><span style=\"font-size: 14pt; color: #008000;\">\u201c<em>Cada cosa se esfuerza, cuanto est\u00e1 a su alcance, por perseverar en su ser<\/em>\u201d.<\/span><\/strong><\/p>\n<p>&nbsp;<\/p>\n<p style=\"text-align: justify;\"><span style=\"font-size: 14pt;\">Esta idea viene a decir que cada realidad, desde un grano de arena o un planeta, tiene dentro de s\u00ed cierto \u00edmpetu, cierto dinamismo que le lleva a existir y a perseverar en ese estado. Esta percepci\u00f3n muestra una visi\u00f3n de la realidad como dinamicidad o potencialidad continuamente latente. <\/span><\/p>\n<p style=\"text-align: justify;\"><span style=\"font-size: 14pt;\">Los entes no aparecen como \u201c<em>ya hechos<\/em>\u201d sino que se nos muestran como realidades que s\u00f3lo perviven por cierta potencialidad de ser continuamente actualizada. Es algo as\u00ed como la voluntad de supervivencia en el mundo animal pero desplazado a todos los seres y no \u00fanicamente aplicada a los seres vivos. <\/span><\/p>\n<p style=\"text-align: justify;\"><span style=\"font-size: 14pt;\">Obviamente esta \u201c<em><strong>perseverancia en su ser<\/strong><\/em>\u201d se muestra en los diferentes entes de diferentes maneras: en los animales es voluntad de supervivencia y en los entes inanimados es sencillamente ese \u201c<em><strong>Conatus<\/strong><\/em>\u201d por el que son y no se hunden en las profundidades de la nada.<\/span><\/p>\n<p style=\"text-align: justify;\"><span style=\"font-size: 14pt;\">Este impulso de perseverancia en la existencia l\u00f3gicamente tambi\u00e9n se encuentra en el hombre. En el <strong><em>escolio de la <\/em><\/strong><em><strong>proposici\u00f3n III.9<\/strong><\/em> explica que ese <strong>C<em><strong>onatus<\/strong> <\/em><\/strong>en el alma se llama voluntad y cuando est\u00e1 en el alma y el cuerpo se llama apetito. El apetito es, por lo tanto, la esencia del hombre entendido como conjunto de alma y de cuerpo.\u00a0<\/span><span style=\"font-size: 14pt;\">En este contexto <strong>Spinoza<\/strong> introduce su famosa cita: <\/span><\/p>\n<p style=\"text-align: justify;\"><span style=\"font-size: 14pt; color: #008000;\"><strong>\u201cnosotros no intentamos, queremos, apetecemos ni deseamos algo porque lo juzguemos bueno sino que, al contrario, juzgamos que algo es bueno porque lo intentamos, queremos, apetecemos y deseamos\u201d.<\/strong><\/span><\/p>\n<p>&nbsp;<\/p>\n<p style=\"text-align: justify;\"><span style=\"font-size: 14pt;\">Esta idea de que primero es el impulso de pervivencia (<em>y en \u00faltima instancia de conveniencia<\/em>) y despu\u00e9s el juicio moral fue, y es a\u00fan hoy, criticada como falacia naturalista sin embargo, debe tenerse en cuenta que esta idea es perfectamente coherente con la filosof\u00eda determinista del autor jud\u00edo. <\/span><\/p>\n<p style=\"text-align: justify;\"><span style=\"font-size: 14pt;\">Todo acto humano ya sea un pensamiento o una acci\u00f3n tiene como fundamento este \u00edmpetu de pervivir por lo que es perfectamente comprensible que el apetecer (<em>impulso hacia la perseveraci\u00f3n en el ser<\/em>) fundamente algo tan abstracto como la moral, pol\u00edtica o religi\u00f3n\u2026<\/span><\/p>\n<p style=\"text-align: justify;\"><span style=\"font-size: 14pt;\"><strong>Spinoza<\/strong> pretende definir una serie de pasiones primarias para a partir de ellas elaborar su completa teor\u00eda. Las primeras pasiones de las que habla nuestro autor dependen directamente de ese esfuerzo de perseverar en su ser del que hablaba antes.\u00a0<\/span><span style=\"font-size: 14pt;\">As\u00ed <strong>define el deseo en III. 9 op. cit.<\/strong><\/span><\/p>\n<p style=\"text-align: justify;\"><span style=\"font-size: 14pt; color: #008000;\"><strong>\u201ces el apetito acompa\u00f1ado de la conciencia del mismo\u201d.<\/strong><\/span><\/p>\n<p>&nbsp;<\/p>\n<p style=\"text-align: justify;\"><span style=\"font-size: 14pt;\"><strong>El deseo es, entonces, ese \u00edmpetu llevado al nivel de la conciencia<\/strong>; cuando nuestra mente capta ese apetito se transforma en anhelo, en deseo.<\/span><\/p>\n<p style=\"text-align: justify;\"><span style=\"font-size: 14pt;\">Existen otras dos pasiones primarias que fundamentar\u00e1n todas las dem\u00e1s: <strong>la alegr\u00eda<\/strong>, que se define como <\/span><\/p>\n<p style=\"text-align: justify; padding-left: 40px;\"><span style=\"font-size: 14pt;\"><span style=\"color: #008000;\"><strong>\u201c<em>una pasi\u00f3n por la que el alma pasa a una mayor perfecci\u00f3n<\/em>\u201d (III. 11. op. cit)<\/strong>;<\/span> <\/span><\/p>\n<p>&nbsp;<\/p>\n<p style=\"text-align: justify;\"><span style=\"font-size: 14pt;\">Y <strong>la tristeza,<\/strong> definida como <\/span><\/p>\n<p style=\"text-align: justify; padding-left: 40px;\"><span style=\"font-size: 14pt; color: #008000;\"><strong>\u201c<em>una pasi\u00f3n por la que el alma pasa a una menor perfecci\u00f3n<\/em>\u201d (III. 11. op. cit.)<\/strong>.<\/span><\/p>\n<p>&nbsp;<\/p>\n<p style=\"text-align: justify;\"><span style=\"font-size: 14pt;\"><strong>La pasi\u00f3n de la alegr\u00eda produce placer y regocijo, mientras que la tristeza produce dolor o melancol\u00eda<\/strong>. Podr\u00edamos decir que para <strong>Spinoza<\/strong> esa voluntad de perseverar en su ser del hombre puede o bien verse frustrada o verse realizada; en el primer caso estaremos hablando de tristeza y en el segundo de alegr\u00eda.<\/span><\/p>\n<p style=\"text-align: justify;\"><span style=\"font-size: 14pt;\">Como el mismo <strong>Spinoza<\/strong> reconoce (<em>ibidem<\/em>) s\u00f3lo existen estas tres pasiones primarias; a partir de ellas podremos sacar todas las dem\u00e1s pasiones secundarias. Aunque el n\u00famero de las pasiones secundarias es grande me detendr\u00e9 en dos que a mi juicio son, de las secundarias, las imprescindibles para entender toda su teor\u00eda de los afectos posterior: el <strong>amor<\/strong> y el <strong>odio<\/strong>.<\/span><\/p>\n<p style=\"text-align: justify;\"><span style=\"font-size: 14pt;\">En III. 13 op. cit. el fil\u00f3sofo holand\u00e9s define al <strong>amor<\/strong> como <\/span><\/p>\n<p style=\"text-align: justify; padding-left: 40px;\"><span style=\"font-size: 14pt; color: #008000;\"><strong>\u201c<em>alegr\u00eda acompa\u00f1ada por la idea de una causa exterior<\/em>\u201d;<\/strong> <\/span><\/p>\n<p>&nbsp;<\/p>\n<p style=\"text-align: justify;\"><span style=\"font-size: 14pt;\">y <strong>odio<\/strong> como <\/span><\/p>\n<p style=\"text-align: justify; padding-left: 40px;\"><strong><span style=\"font-size: 14pt;\"><span style=\"color: #008000;\">\u201c<em>tristeza acompa\u00f1ada de la idea de una causa exterior<\/em>\u201d.<\/span> <\/span><\/strong><\/p>\n<p>&nbsp;<\/p>\n<p style=\"text-align: justify;\"><span style=\"font-size: 14pt;\"><strong>As\u00ed el amor nace de la alegr\u00eda y el odio de la tristeza<\/strong>; cuando experimentamos alegr\u00eda y esa idea se asocia a una causa sentimos amor hacia esa causa, todo lo contrario pasa con el odio. <strong>El objeto amado es aquel objeto que nos permite perseverar e incrementar nuestra esencia, esa es la raz\u00f3n de nuestro amor: la alegr\u00eda<\/strong>.<\/span><\/p>\n<p style=\"text-align: justify;\"><span style=\"font-size: 14pt;\">De esta concepci\u00f3n sobre el amor podemos sacar dos consecuencias: por un lado s\u00f3lo amamos lo que nos alegra, lo que nos conviene; por otro, \u00bfno es el amor, en definitiva para <strong>Spinoza<\/strong>, el camino que nos conduce a nosotros mismos, a <strong>la perseveraci\u00f3n en nuestra esencia<\/strong>?<\/span><\/p>\n<\/blockquote>\n<\/div>\n<p>&nbsp;<\/p>\n<p><img loading=\"lazy\" decoding=\"async\" class=\"aligncenter wp-image-2259697\" src=\"https:\/\/puntocritico.com\/ausajpuntocritico\/wp-content\/uploads\/2022\/10\/BARAUCH-SPINOZA-DURMIENTE-IP-300x199.jpg\" alt=\"\" width=\"400\" height=\"266\" srcset=\"https:\/\/puntocritico.com\/ausajpuntocritico\/wp-content\/uploads\/2022\/10\/BARAUCH-SPINOZA-DURMIENTE-IP-300x199.jpg 300w, https:\/\/puntocritico.com\/ausajpuntocritico\/wp-content\/uploads\/2022\/10\/BARAUCH-SPINOZA-DURMIENTE-IP-610x405.jpg 610w, https:\/\/puntocritico.com\/ausajpuntocritico\/wp-content\/uploads\/2022\/10\/BARAUCH-SPINOZA-DURMIENTE-IP-678x452.jpg 678w, https:\/\/puntocritico.com\/ausajpuntocritico\/wp-content\/uploads\/2022\/10\/BARAUCH-SPINOZA-DURMIENTE-IP.jpg 680w\" sizes=\"auto, (max-width: 400px) 100vw, 400px\" \/><\/p>\n<p style=\"text-align: center;\"><strong><span style=\"color: #008000; font-size: 18pt;\">*******<\/span><\/strong><\/p>\n<h2 style=\"text-align: center;\"><span style=\"font-size: 24pt;\">La \u00c9tica de Spinoza<\/span><\/h2>\n<div class=\"heading\">\n<p class=\"lede\" style=\"text-align: center;\"><em><strong><span style=\"font-size: 14pt;\">Esta edici\u00f3n de la obra magna de\u00a0Spinoza\u00a0es todo un acontecimiento en el \u00e1mbito de la filosof\u00eda en lengua espa\u00f1ola. <\/span><\/strong><\/em><\/p>\n<p class=\"lede\" style=\"text-align: center;\"><em><strong><span style=\"font-size: 14pt;\">El convencimiento de que la vida y la filosof\u00eda de Spinoza son inseparables es la coincidencia feliz de\u00a0sus responsables. <\/span><\/strong><\/em><\/p>\n<p class=\"lede\" style=\"text-align: center;\"><em><strong><span style=\"font-size: 14pt;\">\u00c9sta quiz\u00e1 sea la principal raz\u00f3n que convierta a la edici\u00f3n de Tecnos en una referencia intelectual imprescindible a la hora de leer y estudiar a un\u00a0fil\u00f3sofo esencial.<\/span><\/strong><\/em><\/p>\n<\/div>\n<div class=\"toolbar\">\n<div class=\"dateline\"><span style=\"font-size: 14pt; text-align: justify;\">Por <\/span><a style=\"font-size: 14pt; text-align: justify;\" href=\"https:\/\/www.libertaddigital.com\/opinion\/libros\/la-etica-de-spinoza-1276233565.html\" target=\"_blank\" rel=\"noopener\">Agapito Maestre<\/a><span style=\"font-size: 14pt; text-align: justify;\">, 28 JUNIO 2007<\/span><\/div>\n<\/div>\n<div><img loading=\"lazy\" decoding=\"async\" class=\"aligncenter wp-image-2308767\" src=\"https:\/\/puntocritico.com\/ausajpuntocritico\/wp-content\/uploads\/2025\/03\/sueticaspinoza.jpg-246x300.webp\" alt=\"LA \u00c9TICA DE SPINOZA\" width=\"280\" height=\"342\" srcset=\"https:\/\/puntocritico.com\/ausajpuntocritico\/wp-content\/uploads\/2025\/03\/sueticaspinoza.jpg-246x300.webp 246w, https:\/\/puntocritico.com\/ausajpuntocritico\/wp-content\/uploads\/2025\/03\/sueticaspinoza.jpg.webp 480w\" sizes=\"auto, (max-width: 280px) 100vw, 280px\" \/><\/div>\n<div>\u00a0<\/div>\n<div>\u00a0<\/div>\n<div>\n<div style=\"text-align: justify;\"><span style=\"font-size: 14pt;\"><a href=\"https:\/\/puntocritico.com\/ausajpuntocritico\/2020\/10\/23\/spinoza-por-vidal-pena-introduccion-a-la-etica-republicado\/\"><strong>Vidal Pe\u00f1a <\/strong><\/a>y <a href=\"https:\/\/puntocritico.com\/ausajpuntocritico\/2024\/06\/12\/la-izquierda-ha-muerto\/\"><strong>Gabriel Albiac<\/strong><\/a>, dos especialistas ejemplares en <strong>Spinoza<\/strong>, han anotado la principal obra de este autor, que es uno de los paradigmas de la filosof\u00eda de todos los tiempos. La ayuda que ofrecen estas notas, en el caso de <strong>Albiac<\/strong> imposibles de separar de su vida, para comprender un texto \u00ab<em>modelo<\/em>\u00bb de filosof\u00eda \u00ab<em>abstracta, austera y dif\u00edcil<\/em>\u00bb es inestimable para legos y especialistas.<\/span><\/div>\n<div>\u00a0<\/div>\n<div style=\"text-align: justify;\"><span style=\"font-size: 14pt;\">Por suerte, la fidelidad al texto de los comentaristas no les impide filosofar, pensar, sobre las repercusiones del pensamiento de <strong>Spinoza<\/strong> para el aqu\u00ed y ahora. El ejercicio de actualizaci\u00f3n de la filosof\u00eda de <strong>Spinoza<\/strong> realizado por <strong>Albiac<\/strong> y <strong>Pe\u00f1a<\/strong> en sus anotaciones constituye toda una filosof\u00eda sobre el poder\u00edo de la filosof\u00eda de la inmanencia, en realidad una \u00ab<em>teor\u00eda<\/em>\u00bb materialista y atea, para el mundo actual. <\/span><\/div>\n<div>\u00a0<\/div>\n<div style=\"text-align: justify;\"><span style=\"font-size: 14pt;\">Continuadores de una tradici\u00f3n filos\u00f3fica espa\u00f1ola, quiz\u00e1 llevada a su apogeo por <strong>Unamuno<\/strong>, los anotadores circunstancian la\u00a0<strong><em>\u00c9tica <\/em><\/strong>en una sabidur\u00eda de salvaci\u00f3n donde el pensamiento, la raz\u00f3n, est\u00e1 muy lejos de agotar la vida humana.<\/span><\/div>\n<div>\u00a0<\/div>\n<div style=\"text-align: justify;\"><span style=\"font-size: 14pt;\">Por eso, precisamente, la cr\u00edtica al racionalismo\u00a0y al\u00a0idealismo dominantes, desde <strong>Kant<\/strong> hasta hoy, a partir de <strong>Spinoza<\/strong> es una de las l\u00edneas\u00a0maestras de esta edici\u00f3n. La\u00a0<strong><em>\u00c9tica <\/em><\/strong>a\u00fan muestra que la psicolog\u00eda es metaf\u00edsica, porque, como dijo la gran disc\u00edpula de <strong>Unamuno<\/strong>, el estudio y la clasificaci\u00f3n naturalista de las pasiones iban dirigidas hacia un saber superior sobre el hombre y su vida; era un mirar las pasiones para encontrar con ellas, como instrumento, una vida feliz, una vida en la eternidad.<\/span><\/div>\n<div>\u00a0<\/div>\n<div style=\"text-align: justify;\"><span style=\"font-size: 14pt;\"><strong>Spinoza<\/strong> lo dice breve y bellamente:<\/span><\/div>\n<div>\u00a0<\/div>\n<blockquote>\n<div style=\"text-align: justify;\"><span style=\"font-size: 14pt; color: #008000;\"><strong>\u00ab<em>Y acerca del alma s\u00f3lo hablaremos de aquellas cosas que nos pueden llevar por la mano al conocimiento de una vida feliz<\/em>\u00ab.<\/strong><\/span><\/div>\n<\/blockquote>\n<div>\u00a0<\/div>\n<div>\u00a0<\/div>\n<div style=\"text-align: justify;\"><span style=\"font-size: 14pt;\">Pensamiento y vida se entrecruzan permanentemente, entre otras razones, porque tanto la vida como la filosof\u00eda de <strong>Spinoza<\/strong> constituyen una genial\u00a0<em>meditatio mortis<\/em>, seguramente insuperable, sobre todo si dejamos aparte las filosof\u00edas genuinamente partidarias de la grandiosa idea de salvaci\u00f3n cristiana.<\/span><\/div>\n<div style=\"text-align: justify;\">\u00a0<\/div>\n<div style=\"text-align: justify;\"><span style=\"font-size: 14pt;\">Las anotaciones de <strong>Vidal Pe\u00f1a <\/strong>y <strong>Gabriel Albiac<\/strong> son toda una lecci\u00f3n acad\u00e9mica al servicio de uno de los textos m\u00e1s prodigiosos de la historia de la filosof\u00eda moderna y contempor\u00e1nea. Estos dos espadas consiguen una faena magistral de toreo al alim\u00f3n y por separado de uno de los ejemplares filos\u00f3ficos m\u00e1s complicados.<\/span><\/div>\n<div>\u00a0<\/div>\n<div style=\"text-align: justify;\"><span style=\"font-size: 14pt;\">\u00bfQu\u00e9 es exactamente lo m\u00e1s vivo de esta obra? Todo y nada. Depender\u00e1 de qui\u00e9n la lea. El materialista quiz\u00e1 salve todo. Por el contrario, para un racionalista nada quedar\u00e1, o peor, nada ser\u00e1 plausible del elaborado <em><strong>materialismo <\/strong><\/em>de <strong>Spinoza<\/strong>; por ejemplo, su teor\u00eda del lenguaje, no digamos nada de su cr\u00edtica a la libertad de conciencia: es la negaci\u00f3n de la argumentaci\u00f3n ilustrada que considera que la raz\u00f3n humana necesita, dicho sea con terminolog\u00eda de <strong>Kant<\/strong> y <strong>Arendt<\/strong>, comunicarse con los dem\u00e1s y, por tanto, ser p\u00fablica.<\/span><\/div>\n<div>\u00a0<\/div>\n<div style=\"text-align: justify;\"><span style=\"font-size: 14pt;\">Lejos de esa posici\u00f3n, <strong>Spinoza<\/strong>, tanto en la\u00a0<strong><em>\u00c9tica <\/em><\/strong>como en su\u00a0<strong><em>Tratado teol\u00f3gico-pol\u00edtico<\/em><\/strong>, critica ferozmente la incapacidad que tienen los hombres para ocultar sus pensamientos y callar. La necesidad de comunicaci\u00f3n del hombre es un error com\u00fan:<\/span><\/div>\n<div>\u00a0<\/div>\n<blockquote dir=\"ltr\">\n<div style=\"text-align: justify;\"><strong><span style=\"font-size: 14pt; color: #008000;\"><em>La experiencia nos ense\u00f1a sobradamente que los hombres no tienen sobre ninguna cosa menos poder que sobre su lengua, y para nada son m\u00e1s impotentes que para moderar sus apetitos; de donde resulta que los m\u00e1s creen que s\u00f3lo hacemos libremente aquello que apetecemos escasamente (\u2026) As\u00ed pues, quienes creen que hablan o callan, o hacen cualquier cosa, por libre decisi\u00f3n del alma, sue\u00f1an con los ojos abiertos.<\/em><\/span><\/strong><\/div>\n<\/blockquote>\n<div>\u00a0<\/div>\n<div>\u00a0<\/div>\n<div style=\"text-align: justify;\"><span style=\"font-size: 14pt;\">Por si quedara alguna duda sobre ese sutil materialismo de <strong>Spinoza<\/strong>, aunque mejor ser\u00eda hablar de una teor\u00eda de la corporeidad, hay una nota imprescindible de <strong>Albiac<\/strong> para hacerse cargo, o mejor, para profundizar sobre el irracionalismo metaf\u00edsico, jam\u00e1s metodol\u00f3gico, del <em>marrano<\/em> de la raz\u00f3n:<\/span><\/div>\n<div>\u00a0<\/div>\n<blockquote dir=\"ltr\">\n<div style=\"text-align: justify;\"><span style=\"color: #008000;\"><strong><span style=\"font-size: 14pt;\"><em>Lejos de cualquier visi\u00f3n id\u00edlica de la libertad y de la consciencia o de palabra, Spinoza subraya (\u2026) que el lenguaje es la primera y m\u00e1s inexorable trampa del imaginario humano. Y que, tras esa imaginaci\u00f3n que cree hablar por libre decreto, se oculta la dimensi\u00f3n esencial de la lengua: imponer a aquel que habla las representaciones imaginarias \u2013y, como tales, materialmente determinadas\u2013, que tallan a la medida del sujeto que ignora su g\u00e9nesis<\/em>.<\/span><\/strong><\/span><\/div>\n<\/blockquote>\n<div>\u00a0<\/div>\n<div>\u00a0<\/div>\n<div style=\"text-align: justify;\"><span style=\"font-size: 14pt;\">He aqu\u00ed, concluye <strong>Albiac<\/strong>, condensada la <em><strong>paradoja spinozana de la libertad en los hombres<\/strong><\/em>.<\/span><\/div>\n<div>\u00a0<\/div>\n<div style=\"text-align: justify;\"><span style=\"font-size: 14pt;\">En fin, mientras que el racionalista contempor\u00e1neo negar\u00e1 toda la \u00e9tica, la raz\u00f3n de la sin-raz\u00f3n, de <strong>Spinoza<\/strong>, el optimista actual defender\u00e1 la concepci\u00f3n del amor como alegr\u00eda; o sea, amor es la\u00a0<\/span><\/div>\n<div>\u00a0<\/div>\n<blockquote>\n<div style=\"text-align: justify;\"><strong><span style=\"font-size: 14pt;\"><span style=\"color: #008000;\">\u00ab<em>alegr\u00eda unida al conocimiento de su causa<\/em>\u00ab.<\/span><\/span><\/strong><\/div>\n<\/blockquote>\n<div>\u00a0<\/div>\n<div style=\"text-align: justify;\"><span style=\"font-size: 14pt;\">Por el contrario, el pesimista no dejar\u00e1 de recordar, por un lado, que el amor, como dir\u00eda <strong>San Agust\u00edn<\/strong>, es mi peso, o, por otro lado, como dijeron las grandes apasionadas del siglo XIX:<\/span><\/div>\n<div>\u00a0<\/div>\n<blockquote>\n<div style=\"text-align: justify;\"><strong><span style=\"font-size: 14pt;\"><span style=\"color: #008000;\">\u00abA<em>mo como hay que amar: con desesperaci\u00f3n<\/em>\u00ab.<\/span><\/span><\/strong><\/div>\n<\/blockquote>\n<div>\u00a0<\/div>\n<div style=\"text-align: justify;\"><span style=\"font-size: 14pt;\">\u00c9ste es otro ejemplo, otro asunto, para seguir pensando, o sea, para seguir discutiendo sobre las aportaciones del pensamiento de <strong>Spinoza<\/strong> para el aqu\u00ed y ahora.<\/span><\/div>\n<div>\u00a0<\/div>\n<div style=\"text-align: justify;\"><span style=\"font-size: 14pt;\">Pero, m\u00e1s all\u00e1 del materialismo optimista de esta genial\u00a0<strong><em>\u00c9tica<\/em><\/strong>, es obvia la actualidad de la filosof\u00eda de <strong>Spinoza<\/strong>. Su lectura nos atrapa. Acaso por eso sea verdad, seg\u00fan me sugiere <strong>Albiac<\/strong>, que s\u00f3lo podemos hacer parad\u00f3jicas anotaciones a lo perfecto. <strong>S\u00ed es as\u00ed, ah\u00ed va la m\u00eda. Est\u00e1 fechada en 1992, pero creo que todav\u00eda vale<\/strong>:<\/span><\/div>\n<div>\u00a0<\/div>\n<blockquote dir=\"ltr\">\n<div style=\"text-align: justify;\"><span style=\"color: #008000;\"><strong><span style=\"font-size: 14pt;\"><em>Digo que no bastan la \u00abdecisi\u00f3n\u00bb por la libertad ni la pura reflexi\u00f3n a favor de la misma. Se requiere \u00abexperimentarla\u00bb. <\/em><\/span><\/strong><\/span><\/div>\n<div style=\"text-align: justify;\"><span style=\"color: #008000;\"><strong><span style=\"font-size: 14pt;\"><em>La experiencia de la libertad s\u00f3lo puede realizarse en la negatividad, o mejor dicho, a partir de su opuesto. <\/em><\/span><\/strong><\/span><\/div>\n<div style=\"text-align: justify;\"><span style=\"color: #008000;\"><strong><span style=\"font-size: 14pt;\"><em>La \u00abmedida\u00bb de la libertad es una negaci\u00f3n d\u00e9bilmente sustentada en un factor de dif\u00edcil localizaci\u00f3n y complicada expresi\u00f3n: el impulso o, en t\u00e9rminos psicoanal\u00edticos, la pulsi\u00f3n de \u00abno querer ser esclavos de lo que hay\u00bb. <\/em><\/span><\/strong><\/span><\/div>\n<div style=\"text-align: justify;\"><span style=\"color: #008000;\"><strong><span style=\"font-size: 14pt;\"><em>Esta provocaci\u00f3n, aunque se manifiesta espont\u00e1neamente, emerge despu\u00e9s de un trabajoso esfuerzo ante la carencia de \u00abrectitud\u00bb, es decir, de compasi\u00f3n. <\/em><\/span><\/strong><\/span><\/div>\n<div style=\"text-align: justify;\"><span style=\"color: #008000;\"><strong><span style=\"font-size: 14pt;\"><em>S<\/em><\/span><\/strong><\/span><span style=\"color: #008000;\"><strong><span style=\"font-size: 14pt;\"><em>pinoza contin\u00faa, especialmente en la segunda parte de su sentencia, siendo horizonte de verdad: <\/em><\/span><\/strong><\/span><\/div>\n<div style=\"text-align: justify;\"><span style=\"color: #008000;\"><strong><span style=\"font-size: 14pt;\"><em>\u00abQuien no se sienta impulsado a prestar ayuda a los dem\u00e1s ni por la raz\u00f3n ni por la compasi\u00f3n, es llamado con justicia inhumano<\/em>\u00ab.<\/span><\/strong><\/span><\/div>\n<\/blockquote>\n<\/div>\n<div>\u00a0<\/div>\n<div style=\"text-align: center;\"><span style=\"color: #008000;\"><strong><span style=\"font-size: 14pt;\"><em>\u00abQuien no se sienta impulsado a prestar ayuda a los dem\u00e1s ni por la raz\u00f3n ni por la compasi\u00f3n, es llamado con justicia inhumano<\/em>\u00ab<\/span><\/strong><\/span><\/div>\n<div>\u00a0<\/div>\n<div>\u00a0<\/div>\n<div><img loading=\"lazy\" decoding=\"async\" class=\"aligncenter wp-image-2304974\" src=\"https:\/\/puntocritico.com\/ausajpuntocritico\/wp-content\/uploads\/2024\/12\/CIta-libertad-es-propio-criterio-spinoza-300x125.jpg\" alt=\"\" width=\"480\" height=\"200\" srcset=\"https:\/\/puntocritico.com\/ausajpuntocritico\/wp-content\/uploads\/2024\/12\/CIta-libertad-es-propio-criterio-spinoza-300x125.jpg 300w, https:\/\/puntocritico.com\/ausajpuntocritico\/wp-content\/uploads\/2024\/12\/CIta-libertad-es-propio-criterio-spinoza-768x320.jpg 768w, https:\/\/puntocritico.com\/ausajpuntocritico\/wp-content\/uploads\/2024\/12\/CIta-libertad-es-propio-criterio-spinoza.jpg 850w\" sizes=\"auto, (max-width: 480px) 100vw, 480px\" \/><\/div>\n<div style=\"text-align: center;\">\n<div>\u00a0<\/div>\n<div style=\"text-align: center;\"><span style=\"color: #008000;\"><strong><span style=\"font-size: 18pt;\">***<\/span><\/strong><\/span><\/div>\n<div>\u00a0<\/div>\n<p><span style=\"font-size: 14pt;\">BARUCH SPINOZA:\u00a0<em>\u00c9TICA DEMOSTRADA SEG\u00daN EL ORDEN GEOM\u00c9TRICO<\/em>.<\/span><\/div>\n<div>\u00a0<\/div>\n<div style=\"text-align: center;\"><span style=\"font-size: 18pt;\"><strong><span style=\"color: #008000;\">*******<\/span><\/strong><\/span><\/div>\n<div><a href=\"https:\/\/puntocritico.com\/ausajpuntocritico\/2019\/12\/18\/corrupcion-de-las-universidad-espanola-el-caso-agapito-maestre-de-aquellos-polvos-estos-lodos\/\"><img loading=\"lazy\" decoding=\"async\" class=\"aligncenter wp-image-25018\" src=\"https:\/\/puntocritico.com\/ausajpuntocritico\/wp-content\/uploads\/2019\/12\/agapito-maestre-300x169.jpg\" alt=\"\" width=\"440\" height=\"247\" srcset=\"https:\/\/puntocritico.com\/ausajpuntocritico\/wp-content\/uploads\/2019\/12\/agapito-maestre-300x169.jpg 300w, https:\/\/puntocritico.com\/ausajpuntocritico\/wp-content\/uploads\/2019\/12\/agapito-maestre.jpg 678w\" sizes=\"auto, (max-width: 440px) 100vw, 440px\" \/><\/a><\/div>\n<div class=\"default-title\">\u00a0<\/div>\n<div>\n<p class=\"entry-title\" style=\"text-align: center;\"><a href=\"https:\/\/puntocritico.com\/ausajpuntocritico\/2019\/12\/18\/corrupcion-de-las-universidad-espanola-el-caso-agapito-maestre-de-aquellos-polvos-estos-lodos\/\"><strong><span style=\"font-size: 14pt; color: #008000;\">CORRUPCI\u00d3N DE LA UNIVERSIDAD ESPA\u00d1OLA. EL CASO AGAPITO MAESTRE. De aqu\u00e9llos polvos, estos lodos<\/span><\/strong><\/a><\/p>\n<p class=\"mh-meta entry-meta\">\u00a0<\/p>\n<\/div>\n<div>\n<figure id=\"attachment_8781\" aria-describedby=\"caption-attachment-8781\" style=\"width: 555px\" class=\"wp-caption aligncenter\"><a href=\"https:\/\/puntocritico.com\/ausajpuntocritico\/2024\/02\/29\/carmen-calvo-y-la-acion-comisarial-en-la-universidad-espanola\/\"><img loading=\"lazy\" decoding=\"async\" class=\"wp-image-8781\" src=\"https:\/\/puntocritico.com\/ausajpuntocritico\/wp-content\/uploads\/2018\/02\/Estado-autocr\u00e1tico-y-cultura--300x169.jpg\" alt=\"\" width=\"555\" height=\"312\" srcset=\"https:\/\/puntocritico.com\/ausajpuntocritico\/wp-content\/uploads\/2018\/02\/Estado-autocr\u00e1tico-y-cultura--300x169.jpg 300w, https:\/\/puntocritico.com\/ausajpuntocritico\/wp-content\/uploads\/2018\/02\/Estado-autocr\u00e1tico-y-cultura-.jpg 678w\" sizes=\"auto, (max-width: 555px) 100vw, 555px\" \/><\/a><figcaption id=\"caption-attachment-8781\" class=\"wp-caption-text\"><span style=\"color: #008000;\"><a style=\"color: #008000;\" href=\"https:\/\/puntocritico.com\/ausajpuntocritico\/2024\/02\/29\/carmen-calvo-y-la-acion-comisarial-en-la-universidad-espanola\/\"><strong>CARMEN CALVO Y LA ACCI\u00d3N COMISARIAL EN LA UNIVERSIDAD ESPA\u00d1OLA<\/strong><\/a>: La Universidad espa\u00f1ola, fraudulenta f\u00e1brica de Curriculums para el R\u00e9gimen del 78\u2032<\/span><\/figcaption><\/figure>\n<\/div>\n<div>\u00a0<\/div>\n<div>\u00a0<\/div>\n<div>\n<figure id=\"attachment_2303884\" aria-describedby=\"caption-attachment-2303884\" style=\"width: 480px\" class=\"wp-caption aligncenter\"><a href=\"https:\/\/puntocritico.com\/ausajpuntocritico\/2024\/11\/27\/quod-natura-non-dat-politica-non-presta\/\"><img loading=\"lazy\" decoding=\"async\" class=\"wp-image-2303884\" src=\"https:\/\/puntocritico.com\/ausajpuntocritico\/wp-content\/uploads\/2024\/11\/Diploma-de-Burro-PPAL-300x199.jpg\" alt=\"\" width=\"480\" height=\"319\" srcset=\"https:\/\/puntocritico.com\/ausajpuntocritico\/wp-content\/uploads\/2024\/11\/Diploma-de-Burro-PPAL-300x199.jpg 300w, https:\/\/puntocritico.com\/ausajpuntocritico\/wp-content\/uploads\/2024\/11\/Diploma-de-Burro-PPAL-678x452.jpg 678w, https:\/\/puntocritico.com\/ausajpuntocritico\/wp-content\/uploads\/2024\/11\/Diploma-de-Burro-PPAL.jpg 680w\" sizes=\"auto, (max-width: 480px) 100vw, 480px\" \/><\/a><figcaption id=\"caption-attachment-2303884\" class=\"wp-caption-text\"><span style=\"color: #008000;\"><a href=\"https:\/\/puntocritico.com\/ausajpuntocritico\/2024\/11\/27\/quod-natura-non-dat-politica-non-presta\/\"><strong>\u00abQUOD NATURA NON DAT POL\u00cdTICA NON PRESTA\u00bb, por Celso Arango<\/strong><\/a>. \u00abEl asalto a lo acad\u00e9mico cubre el vac\u00edo que sobreviene al pol\u00edtico que solo tiene el cargo, cuando \u00e9ste desaparece\u00bb<\/span><\/figcaption><\/figure>\n<\/div>\n<div>\u00a0<\/div>\n<div>\u00a0<\/div>\n<div><a href=\"https:\/\/puntocritico.com\/ausajpuntocritico\/2024\/02\/28\/accion-comisarial\/\"><img loading=\"lazy\" decoding=\"async\" class=\"aligncenter wp-image-2294093\" src=\"https:\/\/puntocritico.com\/ausajpuntocritico\/wp-content\/uploads\/2024\/02\/Carga-grises-PPAL-ok-300x199.jpg\" alt=\"\" width=\"400\" height=\"266\" srcset=\"https:\/\/puntocritico.com\/ausajpuntocritico\/wp-content\/uploads\/2024\/02\/Carga-grises-PPAL-ok-300x199.jpg 300w, https:\/\/puntocritico.com\/ausajpuntocritico\/wp-content\/uploads\/2024\/02\/Carga-grises-PPAL-ok-678x452.jpg 678w, https:\/\/puntocritico.com\/ausajpuntocritico\/wp-content\/uploads\/2024\/02\/Carga-grises-PPAL-ok.jpg 680w\" sizes=\"auto, (max-width: 400px) 100vw, 400px\" \/><\/a><\/div>\n<div>\u00a0<\/div>\n<div>\n<p class=\"entry-title\" style=\"text-align: center;\"><a href=\"https:\/\/puntocritico.com\/ausajpuntocritico\/2024\/02\/28\/accion-comisarial\/\"><span style=\"color: #008000;\"><strong><span style=\"font-size: 14pt;\">LA ACCI\u00d3N COMISARIAL: \u00abLA CUESTI\u00d3N POLICIAL\u00bb, por Rafael S\u00e1nchez Ferlosio (1.987)<\/span><\/strong><\/span><\/a><\/p>\n<p class=\"mh-meta entry-meta\">\u00a0<\/p>\n<\/div>\n<p>&nbsp;<\/p>\n<p style=\"text-align: justify;\"><a href=\"https:\/\/puntocritico.com\/author\/punto-critico\/\"><img loading=\"lazy\" decoding=\"async\" class=\"aligncenter wp-image-9528\" src=\"https:\/\/puntocritico.com\/ausajpuntocritico\/wp-content\/uploads\/2018\/03\/Mosca_Punto_Cr\u00edtico_40.png\" alt=\"\" width=\"80\" height=\"80\" \/><\/a><\/p>\n<p>&nbsp;<\/p>\n","protected":false},"excerpt":{"rendered":"<div class=\"mh-excerpt\"><p>La \u00c9tica de Spinoza Una verdad contada con mala intenci\u00f3n puede con todas las Mentiras que puedas inventar. Es justo que as\u00ed sea: El Hombre fue hecho para la Alegr\u00eda y la Tristeza,\u00a0 y cuando <a class=\"mh-excerpt-more\" href=\"https:\/\/puntocritico.com\/ausajpuntocritico\/2025\/08\/15\/la-etica-de-spinoza-por-agapito-maestre\/\" title=\"LA \u00c9TICA DE SPINOZA, por Agapito Maestre\">[&#8230;]<\/a><\/p>\n<\/div>","protected":false},"author":3,"featured_media":2308804,"comment_status":"closed","ping_status":"closed","sticky":false,"template":"","format":"standard","meta":{"_acf_changed":false,"_exactmetrics_skip_tracking":false,"_exactmetrics_sitenote_active":false,"_exactmetrics_sitenote_note":"","_exactmetrics_sitenote_category":0,"footnotes":""},"categories":[8],"tags":[43],"class_list":{"0":"post-2308766","1":"post","2":"type-post","3":"status-publish","4":"format-standard","5":"has-post-thumbnail","7":"category-filosofia","8":"tag-spinoza"},"acf":[],"_links":{"self":[{"href":"https:\/\/puntocritico.com\/ausajpuntocritico\/wp-json\/wp\/v2\/posts\/2308766","targetHints":{"allow":["GET"]}}],"collection":[{"href":"https:\/\/puntocritico.com\/ausajpuntocritico\/wp-json\/wp\/v2\/posts"}],"about":[{"href":"https:\/\/puntocritico.com\/ausajpuntocritico\/wp-json\/wp\/v2\/types\/post"}],"author":[{"embeddable":true,"href":"https:\/\/puntocritico.com\/ausajpuntocritico\/wp-json\/wp\/v2\/users\/3"}],"replies":[{"embeddable":true,"href":"https:\/\/puntocritico.com\/ausajpuntocritico\/wp-json\/wp\/v2\/comments?post=2308766"}],"version-history":[{"count":0,"href":"https:\/\/puntocritico.com\/ausajpuntocritico\/wp-json\/wp\/v2\/posts\/2308766\/revisions"}],"wp:featuredmedia":[{"embeddable":true,"href":"https:\/\/puntocritico.com\/ausajpuntocritico\/wp-json\/wp\/v2\/media\/2308804"}],"wp:attachment":[{"href":"https:\/\/puntocritico.com\/ausajpuntocritico\/wp-json\/wp\/v2\/media?parent=2308766"}],"wp:term":[{"taxonomy":"category","embeddable":true,"href":"https:\/\/puntocritico.com\/ausajpuntocritico\/wp-json\/wp\/v2\/categories?post=2308766"},{"taxonomy":"post_tag","embeddable":true,"href":"https:\/\/puntocritico.com\/ausajpuntocritico\/wp-json\/wp\/v2\/tags?post=2308766"}],"curies":[{"name":"wp","href":"https:\/\/api.w.org\/{rel}","templated":true}]}}