{"id":2308724,"date":"2025-08-30T00:05:48","date_gmt":"2025-08-29T22:05:48","guid":{"rendered":"https:\/\/puntocritico.com\/ausajpuntocritico\/?p=2308724"},"modified":"2025-08-30T19:39:47","modified_gmt":"2025-08-30T17:39:47","slug":"the-guard-el-irlandes-pelicula-de-john-michael-mcdonagh-2011","status":"publish","type":"post","link":"https:\/\/puntocritico.com\/ausajpuntocritico\/2025\/08\/30\/the-guard-el-irlandes-pelicula-de-john-michael-mcdonagh-2011\/","title":{"rendered":"THE GUARD (El Irland\u00e9s), pel\u00edcula de John Michael McDonagh, 2011"},"content":{"rendered":"<p style=\"text-align: justify;\"><span style=\"font-size: 14pt; color: #008000;\">THE GUARD<\/span><\/p>\n\n<p>&nbsp;<\/p>\n<blockquote>\n<h2 style=\"text-align: center;\"><span style=\"font-size: 24pt;\"><b>GUINNESS Y DINAMITA<\/b><\/span><\/h2>\n<p style=\"text-align: center;\"><strong><em><span style=\"font-size: 14pt;\">El irland\u00e9s\u00a0(The Guard, John Michael McDonagh, Irlanda, 2011)<\/span><\/em><\/strong><\/p>\n<p style=\"text-align: justify;\"><a href=\"https:\/\/www.elantepenultimomohicano.com\/2012\/07\/el-irlandes-guard-2011.html\" data-schema-attribute=\"\" target=\"_blank\" rel=\"noopener\"><span style=\"font-size: 14pt;\">El pen\u00faltimo Mohicano<\/span><\/a><\/p>\n<figure id=\"attachment_2308734\" aria-describedby=\"caption-attachment-2308734\" style=\"width: 440px\" class=\"wp-caption aligncenter\"><img loading=\"lazy\" decoding=\"async\" class=\"wp-image-2308734\" src=\"https:\/\/puntocritico.com\/ausajpuntocritico\/wp-content\/uploads\/2025\/04\/the-guard-movie-photo-17-300x200.jpg\" alt=\"\" width=\"440\" height=\"293\" srcset=\"https:\/\/puntocritico.com\/ausajpuntocritico\/wp-content\/uploads\/2025\/04\/the-guard-movie-photo-17-300x200.jpg 300w, https:\/\/puntocritico.com\/ausajpuntocritico\/wp-content\/uploads\/2025\/04\/the-guard-movie-photo-17.jpg 600w\" sizes=\"auto, (max-width: 440px) 100vw, 440px\" \/><figcaption id=\"caption-attachment-2308734\" class=\"wp-caption-text\"><span style=\"color: #008000;\">Don Cheadle &amp; Brendan Gleeson en &#8216;El irland\u00e9s&#8217; (The Guard, 2011)<\/span><\/figcaption><\/figure>\n<p>&nbsp;<\/p>\n<p style=\"text-align: justify;\"><span style=\"font-size: 14pt;\">A\u00a0lo largo de un curso cinematogr\u00e1fico son numerosas las cintas que pasan de puntillas por la cartelera. Muchas ni siquiera llegan a estrenarse en Espa\u00f1a, o directamente sufren el ninguneo de unas distribuidoras y unos espectadores desinformados que buscan en la pirotecnia del mainstream un refugio confortable y libre de dise\u00f1os m\u00e1s sinuosos. A\u00fan as\u00ed, muchas acaban convirti\u00e9ndose en pel\u00edculas de culto. <\/span><\/p>\n<p style=\"text-align: justify;\"><span style=\"font-size: 14pt;\">Ocurri\u00f3 con\u00a0<a href=\"http:\/\/www.elantepenultimomohicano.com\/2008\/07\/escondidos-en-brujas-in-bruges.html\" target=\"_blank\" rel=\"noopener\" data-schema-attribute=\"\"><i>Escondidos en Brujas<\/i><\/a>, una producci\u00f3n brit\u00e1nica que contaba la historia de dos sicarios enviados a esa ciudad de cuento de hadas situada al norte de B\u00e9lgica, despu\u00e9s de que uno de ellos matara \u2013sin querer\u2013 a un ni\u00f1o flanqueado por im\u00e1genes religiosas, en el reconfortante templo de Dios. <\/span><\/p>\n<p style=\"text-align: justify;\"><span style=\"font-size: 14pt;\">Ante una premisa tan dura y violenta, la sospecha de estar contemplando un panfleto tur\u00edstico (que tambi\u00e9n) se desvanec\u00eda al instante: se evidenciaba un comportamiento fr\u00edo y sarc\u00e1stico de los asesinos que esperaban la se\u00f1al del boss, un g\u00e1nster psic\u00f3tico que, parad\u00f3jicamente, guarda un \u00e1pice de humanidad (ya sea por arrogancia o simple narcisismo) para tener la (in)decencia de matar en la distancia luego de nutrir a su v\u00edctima en aquellas catedrales g\u00f3ticas y canales que sortean c\u00edclicamente un subsuelo opaco. <\/span><\/p>\n<p style=\"text-align: justify;\"><span style=\"font-size: 14pt;\">Y \u00e9se es el pistoletazo de salida a una sucesi\u00f3n de escenas brillantes. Todo ello acompa\u00f1ado de unas voces y unos rostros cre\u00edbles, solventes, camuflados bajo una atm\u00f3sfera llena de matices, iron\u00eda, humor negro, ritmo y pausa para enfatizar el tempo de los inflamables di\u00e1logos que pueblan el gui\u00f3n de Martin McDonagh, quien tambi\u00e9n ocup\u00f3 la silla de director. <\/span><\/p>\n<p style=\"text-align: justify;\"><span style=\"font-size: 14pt;\">Esos actores son caras conocidas en Hollywood y, por tanto, muy \u00fatiles para representar un determinado estilo que choca de bruces contra su entorno, vali\u00e9ndose de hombres como Ralph Fiennes, Colin Farrell y Brendan Gleeson. O sea, palabras mayores.<\/span><\/p>\n<p>&nbsp;<\/p>\n<figure id=\"attachment_2308736\" aria-describedby=\"caption-attachment-2308736\" style=\"width: 600px\" class=\"wp-caption aligncenter\"><img loading=\"lazy\" decoding=\"async\" class=\"wp-image-2308736 size-mh-magazine-content\" src=\"https:\/\/puntocritico.com\/ausajpuntocritico\/wp-content\/uploads\/2025\/04\/the-guard-movie-photo-06-600x381.jpg\" alt=\"\" width=\"600\" height=\"381\" \/><figcaption id=\"caption-attachment-2308736\" class=\"wp-caption-text\"><span style=\"color: #008000;\">Brendan Gleeson es un defensor de la ley muy extravagante en &#8216;El irland\u00e9s&#8217;<\/span><\/figcaption><\/figure>\n<p>&nbsp;<\/p>\n<div>\u00a0<\/div>\n<div style=\"text-align: justify;\"><span style=\"font-size: 14pt;\"><b>T<\/b>omando como referencia ese modelo de cine inspirado en las producciones de la BBC y su mordaz humor, el debutante <strong>John Michael McDonagh<\/strong> (<em>hermano de <strong>Martin<\/strong><\/em>) nos presenta un filme titulado\u00a0<strong><i>El irland\u00e9s<\/i><\/strong>, que versa sobre un polic\u00eda heterodoxo, putero y bebedor, cuyo afilado lenguaje y modus operandi de irland\u00e9s aut\u00f3ctono no puede si no estropear una operaci\u00f3n antidrogas con un agente del FBI (<strong>Don Cheadle<\/strong>) de por medio. <\/span><\/div>\n<div style=\"text-align: justify;\"><span style=\"font-size: 14pt;\">Arranca la peli con un accidente de tr\u00e1fico en el que mueren varios j\u00f3venes, y ese guardia interpretado mod\u00e9licamente por <strong>Brendan Gleeson<\/strong> (<em>un aut\u00e9ntico irland\u00e9s<\/em>) se acerca a los cad\u00e1veres, les roba una bolsa llena de pastillas de \u00e9xtasis y se toma una, para a continuaci\u00f3n se\u00f1alar que es un d\u00eda\u00a0<i>\u201cjodidamente hermoso\u201d<\/i>. <\/span><\/div>\n<div>\u00a0<\/div>\n<div style=\"text-align: justify;\"><span style=\"font-size: 14pt;\">La presentaci\u00f3n del personaje, demoledora y pol\u00edticamente incorrecta, acaso un presagio de lo que est\u00e1 por venir, es toda una declaraci\u00f3n de intenciones: estamos ante una comedia de tintes polic\u00edacos que, a pesar de su trazo de cine independiente, funciona \u2013en parte por su genial protagonista\u2013 como el mejor cine. <\/span><\/div>\n<div>\u00a0<\/div>\n<div style=\"text-align: justify;\"><span style=\"font-size: 14pt;\">La realizaci\u00f3n se sustenta con pocos movimientos de c\u00e1mara, ya que la fuerza del gui\u00f3n reside en el sarcasmo de unos di\u00e1logos cruelmente divertidos y groseros. Porque a ese rubio no le importa decir en mitad de una reuni\u00f3n que \u00e9l cre\u00eda que los \u00fanicos que traficaban con drogas eran negros y mexicanos, o que no sab\u00eda que los negros esquiaran y nadaran, para acabar justificando su verborrea con un patri\u00f3tico:<\/span><\/div>\n<div>\u00a0<\/div>\n<div style=\"text-align: justify; padding-left: 40px;\"><strong><span style=\"font-size: 14pt; color: #008000;\">\u201cTodos los irlandeses somos racistas, forma parte de nuestra cultura\u201d.<\/span><\/strong><\/div>\n<div>\u00a0<\/div>\n<div>\u00a0<\/div>\n<\/blockquote>\n<div>\n<blockquote>\n<div style=\"text-align: justify;\"><span style=\"font-size: 14pt;\"><b>A<\/b>s\u00ed,\u00a0<i>El irland\u00e9s<\/i>\u00a0se erige como una pel\u00edcula solvente, con momentos de acci\u00f3n notables y una carga c\u00f3mica irreverente. Su esencia de producto t\u00edpico (<em>como no duda en retratarse ella misma<\/em>) nos ense\u00f1a que la sencillez formal, cuando es inteligente, no precisa de t\u00e9cnicas m\u00e1s ambiciosas.<\/span><\/div>\n<\/blockquote>\n<\/div>\n<p>&nbsp;<\/p>\n<p><img loading=\"lazy\" decoding=\"async\" class=\"aligncenter wp-image-2308735\" src=\"https:\/\/puntocritico.com\/ausajpuntocritico\/wp-content\/uploads\/2025\/04\/El_irlandes_The_Guard-528638607-large-202x300.jpg\" alt=\"\" width=\"280\" height=\"417\" srcset=\"https:\/\/puntocritico.com\/ausajpuntocritico\/wp-content\/uploads\/2025\/04\/El_irlandes_The_Guard-528638607-large-202x300.jpg 202w, https:\/\/puntocritico.com\/ausajpuntocritico\/wp-content\/uploads\/2025\/04\/El_irlandes_The_Guard-528638607-large.jpg 603w\" sizes=\"auto, (max-width: 280px) 100vw, 280px\" \/><\/p>\n<p style=\"text-align: center;\"><span style=\"font-size: 18pt;\"><strong><span style=\"color: #008000;\">*******<\/span><\/strong><\/span><\/p>\n<h2 style=\"text-align: center;\"><span style=\"font-size: 24pt;\"><strong>THE GUARD (Pel\u00edcula)<\/strong><\/span><\/h2>\n<p>&nbsp;<\/p>\n<p style=\"text-align: center;\"><iframe loading=\"lazy\" src=\"https:\/\/mega.nz\/embed\/jQtUBRJK#2CDcQ3iVd7jTUNiIWbjvrYmRVEXqOy3TaWcO-RgyadY\" width=\"640\" height=\"360\" frameborder=\"0\" allowfullscreen=\"allowfullscreen\"><\/iframe><\/p>\n<p>&nbsp;<\/p>\n<section class=\"section\">\n<blockquote>\n<p style=\"text-align: center;\"><span style=\"font-size: 14pt;\">Gerry Boyle es un exc\u00e9ntrico, grosero y subversivo polic\u00eda irland\u00e9s que debe colaborar con un m\u00e1s que aburrido agente del FBI para detener a un grupo de traficantes de drogas que est\u00e1n amenazando la tranquilidad del condado de Galway.<\/span><\/p>\n<\/blockquote>\n<\/section>\n<p>&nbsp;<\/p>\n<p><img loading=\"lazy\" decoding=\"async\" class=\"aligncenter wp-image-2308728\" src=\"https:\/\/puntocritico.com\/ausajpuntocritico\/wp-content\/uploads\/2025\/04\/THE-GUARD-1-200x300.jpg\" alt=\"\" width=\"240\" height=\"360\" srcset=\"https:\/\/puntocritico.com\/ausajpuntocritico\/wp-content\/uploads\/2025\/04\/THE-GUARD-1-200x300.jpg 200w, https:\/\/puntocritico.com\/ausajpuntocritico\/wp-content\/uploads\/2025\/04\/THE-GUARD-1.jpg 300w\" sizes=\"auto, (max-width: 240px) 100vw, 240px\" \/><\/p>\n<p style=\"text-align: center;\"><span style=\"font-size: 18pt;\"><strong><span style=\"color: #008000;\">***<\/span><\/strong><\/span><\/p>\n<blockquote>\n<h3 style=\"text-align: center;\"><span style=\"font-size: 18pt;\">Ficha T\u00e9cnica<\/span><\/h3>\n<div class=\"row-info\" style=\"text-align: center;\">\n<div class=\"col-title\"><span style=\"font-size: 14pt;\">T\u00edtulo Original: <strong>The Guard<\/strong><\/span><\/div>\n<\/div>\n<div class=\"row-info\" style=\"text-align: center;\">\n<div class=\"col-value\">\n<p><span style=\"font-size: 14pt;\"><strong>A\u00f1o<\/strong>: 2011<\/span><\/p>\n<\/div>\n<\/div>\n<div class=\"row-info\" style=\"text-align: center;\">\n<div class=\"col-title\"><span style=\"font-size: 14pt;\"><strong>Duraci\u00f3n<\/strong>: 96 min.<\/span><\/div>\n<\/div>\n<div class=\"row-info\" style=\"text-align: center;\">\n<div>\u00a0<\/div>\n<div class=\"col-title\"><span style=\"font-size: 14pt;\"><strong>Director<\/strong>: John Michael McDonagh<\/span><\/div>\n<div>\u00a0<\/div>\n<div><span style=\"font-size: 14pt;\"><strong>Gui\u00f3n<\/strong>: John Michael McDonagh<\/span><\/div>\n<\/div>\n<div class=\"row-info\" style=\"text-align: center;\">\n<div>\u00a0<\/div>\n<div class=\"col-title\"><span style=\"font-size: 14pt;\"><strong>Pa\u00eds<\/strong>: Irlanda<\/span><\/div>\n<\/div>\n<p style=\"text-align: center;\"><span style=\"font-size: 14pt;\"><strong>Reparto<\/strong>: Reparto: Brendan Gleeson, Don Cheadle, Liam Cunningham, David Wilmot, Fionnula Flanagan.<\/span><\/p>\n<p style=\"text-align: center;\"><span style=\"font-size: 14pt;\"><strong>Localizaci\u00f3n principal<\/strong>: County Galway (Irlanda). <\/span><\/p>\n<p style=\"text-align: center;\"><span style=\"font-size: 14pt;\"><strong>M\u00fasica<\/strong>: Calexico. <\/span><\/p>\n<p style=\"text-align: center;\"><span style=\"font-size: 14pt;\"><strong>Fotograf\u00eda<\/strong>: Larry Smith. <\/span><\/p>\n<p style=\"text-align: center;\"><span style=\"font-size: 14pt;\"><strong>Montaje<\/strong>: Chris Gill.<\/span><\/p>\n<\/blockquote>\n<p>&nbsp;<\/p>\n<p><img loading=\"lazy\" decoding=\"async\" class=\"aligncenter wp-image-2308770\" src=\"https:\/\/puntocritico.com\/ausajpuntocritico\/wp-content\/uploads\/2025\/04\/Gleeson-guard-300x103.jpg\" alt=\"\" width=\"555\" height=\"190\" srcset=\"https:\/\/puntocritico.com\/ausajpuntocritico\/wp-content\/uploads\/2025\/04\/Gleeson-guard-300x103.jpg 300w, https:\/\/puntocritico.com\/ausajpuntocritico\/wp-content\/uploads\/2025\/04\/Gleeson-guard-1024x350.jpg 1024w, https:\/\/puntocritico.com\/ausajpuntocritico\/wp-content\/uploads\/2025\/04\/Gleeson-guard-768x263.jpg 768w, https:\/\/puntocritico.com\/ausajpuntocritico\/wp-content\/uploads\/2025\/04\/Gleeson-guard-1320x451.jpg 1320w, https:\/\/puntocritico.com\/ausajpuntocritico\/wp-content\/uploads\/2025\/04\/Gleeson-guard.jpg 1500w\" sizes=\"auto, (max-width: 555px) 100vw, 555px\" \/><\/p>\n<p style=\"text-align: center;\"><span style=\"font-size: 18pt;\"><strong><span style=\"color: #008000;\">*******<\/span><\/strong><\/span><\/p>\n<h2 class=\"h4\" style=\"text-align: center;\"><span style=\"font-size: 24pt;\"><span class=\"verdeCorpo\">Cr\u00edtica<\/span>\u00a0El irland\u00e9s\u00a0<span class=\"h1Claro\">(2011)<\/span><\/span><\/h2>\n<div class=\"col-12 col-xl-4 bg-light\">\n<section class=\"sinopsis py-5 sticky-top\">\n<div class=\"sinopsis-body\">\n<p style=\"text-align: center;\"><span style=\"font-size: 14pt;\"><em><strong>Un exc\u00e9ntrico, grosero y subversivo polic\u00eda irland\u00e9s (papel que interpreta\u00a0Brendan Gleeson) debe colaborar con un m\u00e1s que aburrido agente del FBI (Don Cheadle) para detener a un grupo de traficantes de drogas que est\u00e1n amenazando la tranquilidad del condado de Galway.<\/strong><\/em><\/span><\/p>\n<\/div>\n<\/section>\n<\/div>\n<div class=\"col-12 col-xl-8\">\n<article class=\"critica my-5\">\n<div id=\"criticaDecine\" style=\"text-align: justify;\"><a href=\"https:\/\/decine21.com\/peliculas\/el-irlandes-21828\" target=\"_blank\" rel=\"noopener\"><span style=\"font-size: 14pt;\">De cine 21<\/span><\/a><\/div>\n<\/article>\n<\/div>\n<p>&nbsp;<\/p>\n<figure id=\"attachment_2308731\" aria-describedby=\"caption-attachment-2308731\" style=\"width: 440px\" class=\"wp-caption aligncenter\"><img loading=\"lazy\" decoding=\"async\" class=\"wp-image-2308731\" src=\"https:\/\/puntocritico.com\/ausajpuntocritico\/wp-content\/uploads\/2025\/04\/el-irlandes-21828-e1.jpg\" alt=\"THE GUARD\" width=\"440\" height=\"219\" \/><figcaption id=\"caption-attachment-2308731\" class=\"wp-caption-text\"><span style=\"color: #008000;\">Brendan Gleeson, interpreta a Gerry Boyle un exc\u00e9ntrico, grosero y subversivo polic\u00eda irland\u00e9s. <\/span><\/figcaption><\/figure>\n<p style=\"text-align: justify;\">\u00a0<\/p>\n<h3 class=\"critica-title h5\" style=\"text-align: center;\"><span style=\"font-size: 18pt;\">El poli tranquilo<\/span><\/h3>\n<p style=\"text-align: justify;\"><span style=\"font-size: 14pt;\">El brit\u00e1nico\u00a0John Michael McDonagh, hermano de\u00a0Martin McDonagh\u00a0(<em>Escondidos en Brujas<\/em>), se declar\u00f3 decepcionado tras la experiencia de trabajar como guionista en\u00a0<em>Ned Kelly<\/em>, filmada por el australiano\u00a0Gregor Jordan, que realiz\u00f3 numerosos cambios. Por esta raz\u00f3n, decidi\u00f3 que su nuevo libreto lo llevar\u00eda \u00e9l mismo a la pantalla, en su debut como realizador de largometrajes.<\/span><\/p>\n<p style=\"text-align: justify;\"><span style=\"font-size: 14pt;\">El sargento Gerry Boyle, un tipo sin pelos en la lengua, ga\u00e9lico de pura cepa, mis\u00f3gino, poco escrupuloso a la hora de recurrir a prostitutas, sirve como polic\u00eda en un pueblecito irland\u00e9s. S\u00f3lo su anciana madre enferma parece tocar su coraz\u00f3n, pues habitualmente es un tipo al que le encanta ser hiriente con el pr\u00f3jimo. <\/span><\/p>\n<p style=\"text-align: justify;\"><span style=\"font-size: 14pt;\">A pesar de sus prejuicios racistas, el poco ortodoxo oficial se ve obligado a formar t\u00e1ndem con el agente del FBI negro Wendell Everett, que ha llegado de Estados Unidos para parar los pies a una banda de narcotraficantes, que han asesinado al compa\u00f1ero de Boyle.<\/span><\/p>\n<p>&nbsp;<\/p>\n<p><img loading=\"lazy\" decoding=\"async\" class=\"aligncenter wp-image-2308772 size-mh-magazine-content\" src=\"https:\/\/puntocritico.com\/ausajpuntocritico\/wp-content\/uploads\/2025\/04\/El-irlandes-child-678x381.webp\" alt=\"\" width=\"678\" height=\"381\" srcset=\"https:\/\/puntocritico.com\/ausajpuntocritico\/wp-content\/uploads\/2025\/04\/El-irlandes-child-678x381.webp 678w, https:\/\/puntocritico.com\/ausajpuntocritico\/wp-content\/uploads\/2025\/04\/El-irlandes-child-300x169.webp 300w, https:\/\/puntocritico.com\/ausajpuntocritico\/wp-content\/uploads\/2025\/04\/El-irlandes-child-1024x576.webp 1024w, https:\/\/puntocritico.com\/ausajpuntocritico\/wp-content\/uploads\/2025\/04\/El-irlandes-child-768x432.webp 768w, https:\/\/puntocritico.com\/ausajpuntocritico\/wp-content\/uploads\/2025\/04\/El-irlandes-child-1536x864.webp 1536w, https:\/\/puntocritico.com\/ausajpuntocritico\/wp-content\/uploads\/2025\/04\/El-irlandes-child-1320x743.webp 1320w, https:\/\/puntocritico.com\/ausajpuntocritico\/wp-content\/uploads\/2025\/04\/El-irlandes-child.webp 1920w\" sizes=\"auto, (max-width: 678px) 100vw, 678px\" \/><\/p>\n<p>&nbsp;<\/p>\n<p style=\"text-align: justify;\"><span style=\"font-size: 14pt;\">Toda una sorpresa. McDonagh logra una enorme frescura mezclando variopintos elementos, como el thriller, el spaghetti-western (la escena final recuerda sobremanera al cine de\u00a0Sergio Leone), las &#8216;buddy movies&#8217; ochenteras de parejas de polic\u00edas incompatibles en la l\u00ednea de\u00a0<em>Arma letal<\/em>, el humor estilo\u00a0Quentin Tarantino, las comedias de la productora brit\u00e1nica Ealing, y el western con personajes realistas y las pel\u00edculas de tem\u00e1tica irlandesa de\u00a0John Ford.<\/span><\/p>\n<p style=\"text-align: justify;\"><span style=\"font-size: 14pt;\">No resulta extra\u00f1o que con un gui\u00f3n tan atractivo, de trama central un tanto sencilla, pero lleno de hallazgos, el cineasta haya logrado reclutar a un reparto de primera fila, que cuenta con una estrella estadounidense,\u00a0Don Cheadle, excelente para encarnar al polic\u00eda extranjero, un\u00a0Mark Strong\u00a0que vuelve a brillar como villano, y sobre todo un\u00a0Brendan Gleeson\u00a0plet\u00f3rico, que sorprende una vez m\u00e1s componiendo a un personaje que en principio parece una especie de Torrente irland\u00e9s, pero con un coraz\u00f3n de oro y s\u00f3lidas convicciones morales.<\/span><\/p>\n<p style=\"text-align: justify;\"><span style=\"font-size: 14pt;\">El film comienza con un tono disparatado, pero sin embargo, adquiere progresivamente tintes dram\u00e1ticos. Adem\u00e1s, aportan bastante fondo sus reflexiones sobre la corrupci\u00f3n y la capacidad de redenci\u00f3n del ser humano. <\/span><\/p>\n<p style=\"text-align: justify;\"><span style=\"font-size: 14pt;\">La falta de presupuesto queda muy disimulada gracias a una factura t\u00e9cnica de primera, en la que sobresale la fotograf\u00eda de\u00a0Larry Smith, veterano profesional que ha ejercido diversos cargos en pel\u00edculas de\u00a0Stanley Kubrick\u00a0como\u00a0<em>Barry Lyndon<\/em>\u00a0y\u00a0<em>El resplandor<\/em>.<\/span><\/p>\n<p style=\"text-align: justify;\">\u00a0<\/p>\n<p><img loading=\"lazy\" decoding=\"async\" class=\"aligncenter wp-image-2308771 size-mh-magazine-content\" src=\"https:\/\/puntocritico.com\/ausajpuntocritico\/wp-content\/uploads\/2025\/04\/El-irlandes-preso-675x381.webp\" alt=\"\" width=\"675\" height=\"381\" \/><\/p>\n<p>&nbsp;<\/p>\n<p>&nbsp;<\/p>\n<p style=\"text-align: justify;\"><a href=\"https:\/\/puntocritico.com\/author\/punto-critico\/\"><img loading=\"lazy\" decoding=\"async\" class=\"aligncenter wp-image-9528\" src=\"https:\/\/puntocritico.com\/ausajpuntocritico\/wp-content\/uploads\/2018\/03\/Mosca_Punto_Cr\u00edtico_40.png\" alt=\"\" width=\"80\" height=\"80\" \/><\/a><\/p>\n<p>&nbsp;<\/p>\n","protected":false},"excerpt":{"rendered":"<div class=\"mh-excerpt\"><p>THE GUARD &nbsp; GUINNESS Y DINAMITA El irland\u00e9s\u00a0(The Guard, John Michael McDonagh, Irlanda, 2011) El pen\u00faltimo Mohicano &nbsp; A\u00a0lo largo de un curso cinematogr\u00e1fico son numerosas las cintas que pasan de puntillas por la cartelera. <a class=\"mh-excerpt-more\" href=\"https:\/\/puntocritico.com\/ausajpuntocritico\/2025\/08\/30\/the-guard-el-irlandes-pelicula-de-john-michael-mcdonagh-2011\/\" title=\"THE GUARD (El Irland\u00e9s), pel\u00edcula de John Michael McDonagh, 2011\">[&#8230;]<\/a><\/p>\n<\/div>","protected":false},"author":3,"featured_media":2308842,"comment_status":"closed","ping_status":"closed","sticky":false,"template":"","format":"standard","meta":{"_acf_changed":false,"_exactmetrics_skip_tracking":false,"_exactmetrics_sitenote_active":false,"_exactmetrics_sitenote_note":"","_exactmetrics_sitenote_category":0,"footnotes":""},"categories":[10],"tags":[],"class_list":{"0":"post-2308724","1":"post","2":"type-post","3":"status-publish","4":"format-standard","5":"has-post-thumbnail","7":"category-miscelanea"},"acf":[],"_links":{"self":[{"href":"https:\/\/puntocritico.com\/ausajpuntocritico\/wp-json\/wp\/v2\/posts\/2308724","targetHints":{"allow":["GET"]}}],"collection":[{"href":"https:\/\/puntocritico.com\/ausajpuntocritico\/wp-json\/wp\/v2\/posts"}],"about":[{"href":"https:\/\/puntocritico.com\/ausajpuntocritico\/wp-json\/wp\/v2\/types\/post"}],"author":[{"embeddable":true,"href":"https:\/\/puntocritico.com\/ausajpuntocritico\/wp-json\/wp\/v2\/users\/3"}],"replies":[{"embeddable":true,"href":"https:\/\/puntocritico.com\/ausajpuntocritico\/wp-json\/wp\/v2\/comments?post=2308724"}],"version-history":[{"count":0,"href":"https:\/\/puntocritico.com\/ausajpuntocritico\/wp-json\/wp\/v2\/posts\/2308724\/revisions"}],"wp:featuredmedia":[{"embeddable":true,"href":"https:\/\/puntocritico.com\/ausajpuntocritico\/wp-json\/wp\/v2\/media\/2308842"}],"wp:attachment":[{"href":"https:\/\/puntocritico.com\/ausajpuntocritico\/wp-json\/wp\/v2\/media?parent=2308724"}],"wp:term":[{"taxonomy":"category","embeddable":true,"href":"https:\/\/puntocritico.com\/ausajpuntocritico\/wp-json\/wp\/v2\/categories?post=2308724"},{"taxonomy":"post_tag","embeddable":true,"href":"https:\/\/puntocritico.com\/ausajpuntocritico\/wp-json\/wp\/v2\/tags?post=2308724"}],"curies":[{"name":"wp","href":"https:\/\/api.w.org\/{rel}","templated":true}]}}