{"id":2308586,"date":"2025-04-03T00:05:41","date_gmt":"2025-04-02T22:05:41","guid":{"rendered":"https:\/\/puntocritico.com\/ausajpuntocritico\/?p=2308586"},"modified":"2025-04-02T12:48:29","modified_gmt":"2025-04-02T10:48:29","slug":"pensadores-deslenguados-y-sin-corazon-pico-mirandola","status":"publish","type":"post","link":"https:\/\/puntocritico.com\/ausajpuntocritico\/2025\/04\/03\/pensadores-deslenguados-y-sin-corazon-pico-mirandola\/","title":{"rendered":"PENSADORES DESLENGUADOS Y SIN CORAZ\u00d3N, GLORIOSAS MORTAJAS, por Pico della Mirandola (1463-1494)"},"content":{"rendered":"<p style=\"text-align: justify;\"><span style=\"font-size: 14pt; color: #008000;\">PENSADORES DESLENGUADOS Y SIN CORAZ\u00d3N<\/span><\/p>\n\n<p>&nbsp;<\/p>\n<p style=\"text-align: right;\"><span style=\"font-size: 14pt;\"><em>La experiencia nos ense\u00f1a sobradamente que los hombres no tienen sobre ninguna cosa menos poder que sobre su lengua, y para nada son m\u00e1s impotentes que para moderar sus apetitos; de donde resulta que los m\u00e1s creen que s\u00f3lo hacemos libremente aquello que apetecemos escasamente (\u2026) <\/em><\/span><\/p>\n<p style=\"text-align: right;\"><span style=\"font-size: 14pt;\"><em>As\u00ed pues, quienes creen que hablan o callan, o hacen cualquier cosa, por libre decisi\u00f3n del alma, sue\u00f1an con los ojos abiertos.<\/em><\/span><\/p>\n<p style=\"text-align: right;\"><a href=\"https:\/\/puntocritico.com\/ausajpuntocritico\/2020\/07\/10\/la-libertad-de-pensamiento-y-de-expresion-por-baruch-de-spinoza-2\/\"><span style=\"font-size: 14pt;\">Spinoza<\/span><\/a><\/p>\n<p style=\"text-align: right;\"><span style=\"font-size: 14pt;\"><em>\u00abCada uno es el guardi\u00e1n natural de su propia salud, sea f\u00edsica, mental o espiritual.\u00a0<\/em><\/span><span style=\"font-size: 14pt;\"><em>La humanidad sale ganando m\u00e1s consintiendo que cada cual viva a su manera antes que oblig\u00e1ndose a vivir a la manera de los dem\u00e1s\u00bb <\/em><\/span><br \/>\n<span style=\"font-size: 14pt;\"><br \/>\n<a href=\"https:\/\/puntocritico.com\/ausajpuntocritico\/2023\/04\/06\/sobre-la-libertad-de-john-stuart-mill-no-hay-mejor-prueba-del-progreso-de-la-civilizacion-que-el-progreso-del-poder-de-cooperacion\/\">John Stuart Mill<\/a><\/span><\/p>\n<p>&nbsp;<\/p>\n<blockquote>\n<h2 style=\"text-align: center;\"><span style=\"font-size: 24pt;\">Bienvenidos al futuro, en el que el pasado es lo \u00fanico relevante<\/span><\/h2>\n<p style=\"text-align: center;\"><span style=\"font-size: 14pt;\"><em><strong>La convivencia, la igualdad, son inventos fascistas<\/strong><\/em><\/span><\/p>\n<p style=\"text-align: justify;\"><span style=\"font-size: 14pt;\"><a href=\"https:\/\/puntocritico.com\/ausajpuntocritico\/2022\/02\/01\/el-lenguaje-inclusivo-es-una-imposicion\/\">Linux<\/a><\/span><\/p>\n<p><img loading=\"lazy\" decoding=\"async\" class=\"aligncenter size-full wp-image-2237204\" src=\"https:\/\/puntocritico.com\/ausajpuntocritico\/wp-content\/uploads\/2022\/01\/Clara-Campoamor-microfono.jpg\" alt=\"\" width=\"619\" height=\"350\" data-id=\"2237204\" srcset=\"https:\/\/puntocritico.com\/ausajpuntocritico\/wp-content\/uploads\/2022\/01\/Clara-Campoamor-microfono.jpg 619w, https:\/\/puntocritico.com\/ausajpuntocritico\/wp-content\/uploads\/2022\/01\/Clara-Campoamor-microfono-300x170.jpg 300w, https:\/\/puntocritico.com\/ausajpuntocritico\/wp-content\/uploads\/2022\/01\/Clara-Campoamor-microfono-610x345.jpg 610w\" sizes=\"auto, (max-width: 619px) 100vw, 619px\" \/><\/p>\n<p>&nbsp;<\/p>\n<p style=\"text-align: justify;\"><span style=\"font-size: 14pt;\">Bienvenidos al futuro, en el que el pasado es lo \u00fanico relevante. La convivencia, la igualdad, son inventos fascistas. El verdadero progreso consiste en avanzar hacia el pasado, hasta cuando no hab\u00eda fascistas, s\u00f3lo <strong><em>Blut und Boden<\/em><\/strong>, sangre y tierra. Las nuestras, no las de los dem\u00e1s. Para progresar, debemos ense\u00f1ar a nuestros hijos a glorificar de nuevo nuestras antiguas tradiciones.<\/span><\/p>\n<p style=\"text-align: center;\"><strong><span style=\"font-size: 14pt; color: #008000;\">\u201c<em>Como consecuencia, el aprendizaje no puede avanzar. La verdad ya ha sido descrita para siempre, y lo \u00fanico que podemos hacer es seguir interpretando su opaco mensaje<\/em>\u201d.<\/span><\/strong><\/p>\n<p style=\"text-align: justify;\"><span style=\"font-size: 14pt;\">El mundo moderno, racional, es un enga\u00f1o. El progreso es sencillamente la superficie de una \u201cnueva\u201d ideolog\u00eda basada en tradiciones cada vez m\u00e1s opacas: Sangre pura y tierra libre. Volver\u00e1n banderas victoriosas al paso alegre de la paz. Esta vez las nuestras. Empieza a anochecer, and I feel fine.<\/span><\/p>\n<p style=\"text-align: justify;\"><span style=\"font-size: 14pt;\">En el pasado \u00e9ramos libres. \u00c9ramos h\u00e9roes. Despu\u00e9s fuimos conquistados y nos robaron nuestras gloriosas tradiciones. Por eso ahora somos mediocres. La culpa es de los que nos intentan vender el futuro sin nuestro pasado. El futuro sin nuestro glorioso pasado es\u2026 \u00bfqu\u00e9 es? La culpa nunca puede ser nuestra. Nuestro pasado es la \u00fanica verdad. El pasado de los dem\u00e1s es fascista, como el futuro. No te dejes enga\u00f1ar.<\/span><\/p>\n<p style=\"text-align: center;\"><strong><span style=\"font-size: 14pt; color: #008000;\">\u201c<em>Dado que la acci\u00f3n es bella en s\u00ed, se debe tomar antes de la, o sin, reflexi\u00f3n. Pensar es una forma de emasculaci\u00f3n. Por eso, la cultura es sospechosa, porque se identifica con actitudes cr\u00edticas<\/em>\u201d.<\/span><\/strong><\/p>\n<p style=\"text-align: justify;\"><span style=\"font-size: 14pt;\">No te f\u00edes de los intelectuales que promueven un futuro sin tradici\u00f3n. La tradici\u00f3n es el futuro. No hay otro. Tenemos un problema sint\u00e1ctico. Sem\u00e1ntico. Afortunadamente, nada que un poco de p\u00f3lvora y metralla no puedan curar. El problema nace de las acequias, pero no de las nuestras, de las de los otros. Nuestra ignorancia no es el problema. Nuestra ignorancia es la soluci\u00f3n final.<\/span><\/p>\n<p style=\"text-align: justify;\"><span style=\"font-size: 14pt;\">Sufres de humillaci\u00f3n pol\u00edtica. Te est\u00e1n tomando el pelo. Te est\u00e1n robando el dinero. Te odian y te desprecian. Viven de tu sangre y de tu tierra. S\u00f3lo pides justicia. Que se respete tu tradici\u00f3n gloriosa, generosa, pac\u00edfica. O de lo contrario\u2026<\/span><\/p>\n<p style=\"text-align: center;\"><strong><span style=\"font-size: 14pt; color: #008000;\">\u201c<em>El fascismo de ma\u00f1ana encontrar\u00e1 su audiencia en esta nueva mayor\u00eda<\/em>\u201d.<\/span><\/strong><\/p>\n<p style=\"text-align: justify;\"><span style=\"font-size: 14pt;\">La verdadera identidad es la antigua identidad perfecta, es la ausencia de la futura identidad individual, personal, global. La identidad robotizada es la diversidad absoluta. Tu tambi\u00e9n puedes ser un h\u00e9roe. \u00a1Loor a los h\u00e9roes! Nosotros te diremos c\u00f3mo puedes ser un h\u00e9roe. Los que no son h\u00e9roes son fascistas.<\/span><\/p>\n<p style=\"text-align: justify;\"><span style=\"font-size: 14pt;\">T\u00fa solo no puedes luchar contra los fascistas. Los individuos no tienen derechos. Los derechos los tienen \u201clos pueblos\u201d, la sangre, la tierra. Tus l\u00edderes te lo interpretar\u00e1n, no padezcas. No pienses. Pensar es colaborar con el enemigo.<\/span><\/p>\n<p style=\"text-align: justify;\"><span style=\"font-size: 14pt;\">Cuando tus l\u00edderes te dicen que la constituci\u00f3n no funciona, que el parlamento es un enga\u00f1o, que tus vecinos son tus enemigos y son fascistas, te est\u00e1n avisando a tiempo. Te est\u00e1n haciendo un favor. Porque te quieren. Porque eres uno de ellos. Te est\u00e1n indicando el glorioso nuevo camino hacia el pasado futuro, por tu propio bien. Tus l\u00edderes jam\u00e1s te enga\u00f1ar\u00edan. Una sangre, una tierra, una identidad. \u00a1Viva la libertad!<\/span><\/p>\n<p style=\"text-align: right;\"><span style=\"font-size: 14pt;\">Por LINUX<\/span><\/p>\n<p style=\"text-align: right; padding-left: 200px;\"><span style=\"font-size: 14pt;\">(Citas: Umberto Eco, \u201cEternal Fascism: Fourteen Ways of Looking at a Blackshirt\u201d, New York Review of Books, 22 junio 1995, pp.12-15).<\/span><\/p>\n<\/blockquote>\n<p>&nbsp;<\/p>\n<figure id=\"attachment_12288\" aria-describedby=\"caption-attachment-12288\" style=\"width: 440px\" class=\"wp-caption aligncenter\"><img loading=\"lazy\" decoding=\"async\" class=\"wp-image-12288\" src=\"https:\/\/puntocritico.com\/ausajpuntocritico\/wp-content\/uploads\/2018\/05\/umberto-eco-300x169.jpg\" alt=\"\" width=\"440\" height=\"248\" srcset=\"https:\/\/puntocritico.com\/ausajpuntocritico\/wp-content\/uploads\/2018\/05\/umberto-eco-300x169.jpg 300w, https:\/\/puntocritico.com\/ausajpuntocritico\/wp-content\/uploads\/2018\/05\/umberto-eco.jpg 624w\" sizes=\"auto, (max-width: 440px) 100vw, 440px\" \/><figcaption id=\"caption-attachment-12288\" class=\"wp-caption-text\"><span style=\"color: #008000;\">Umberto Eco <\/span><\/figcaption><\/figure>\n<p style=\"text-align: center;\"><span style=\"font-size: 18pt;\"><strong><span style=\"color: #008000;\">*******<\/span><\/strong><\/span><\/p>\n<blockquote>\n<h2 class=\"tno-subjetivo-single__article__header__title\" style=\"text-align: center;\"><span style=\"font-size: 24pt;\">La juerga de los necios<\/span><\/h2>\n<p class=\"tno-subjetivo-single__article__header__excerpt\" style=\"text-align: center;\"><em><strong><span style=\"font-size: 14pt;\">\u00abCuando todos los d\u00edas aparecen trampas, fraudes y mentiras entre presidentes, ministros y esposas, es inevitable que la gente de escasas luces diga: \u2018\u00a1Yo tambi\u00e9n!\u2019\u00bb<\/span><\/strong><\/em><\/p>\n<div class=\"tno-subjetivo-single__article__header__meta\">\n<div class=\"meta-info\" style=\"text-align: justify;\"><span style=\"font-size: 14pt;\">Por <a href=\"https:\/\/theobjective.com\/elsubjetivo\/opinion\/2025-03-29\/juerga-necios-articulo-felix-azua\/\" target=\"_blank\" rel=\"noopener\">F\u00e9lix de Az\u00faa<\/a>, 29 de marzo de 2025<\/span><\/div>\n<div>\u00a0<\/div>\n<\/div>\n<figure id=\"attachment_2308709\" aria-describedby=\"caption-attachment-2308709\" style=\"width: 480px\" class=\"wp-caption aligncenter\"><img loading=\"lazy\" decoding=\"async\" class=\"wp-image-2308709\" src=\"https:\/\/puntocritico.com\/ausajpuntocritico\/wp-content\/uploads\/2025\/04\/abel-caballero-vigo-mundial-300x169.webp\" alt=\"PENSADORES DESLENGUADOS Y SIN CORAZ\u00d3N\" width=\"480\" height=\"270\" srcset=\"https:\/\/puntocritico.com\/ausajpuntocritico\/wp-content\/uploads\/2025\/04\/abel-caballero-vigo-mundial-300x169.webp 300w, https:\/\/puntocritico.com\/ausajpuntocritico\/wp-content\/uploads\/2025\/04\/abel-caballero-vigo-mundial-1024x576.webp 1024w, https:\/\/puntocritico.com\/ausajpuntocritico\/wp-content\/uploads\/2025\/04\/abel-caballero-vigo-mundial-768x432.webp 768w, https:\/\/puntocritico.com\/ausajpuntocritico\/wp-content\/uploads\/2025\/04\/abel-caballero-vigo-mundial-678x381.webp 678w, https:\/\/puntocritico.com\/ausajpuntocritico\/wp-content\/uploads\/2025\/04\/abel-caballero-vigo-mundial.webp 1200w\" sizes=\"auto, (max-width: 480px) 100vw, 480px\" \/><figcaption id=\"caption-attachment-2308709\" class=\"wp-caption-text\"><span style=\"color: #008000;\">El alcalde de Vigo, Abel Caballero, en una rueda de prensa sobre el Mundial. | Pedro D\u00e1vila (Europa Press)<\/span><\/figcaption><\/figure>\n<p>&nbsp;<\/p>\n<p style=\"text-align: justify;\"><span style=\"font-size: 14pt;\">Cuando yo era estudiante, lo que m\u00e1s se valoraba entre los j\u00f3venes era la libertad, pero no aquella por la que lucharon <strong>Lincoln<\/strong>, <strong>Mandela<\/strong>, <strong>Tocqueville<\/strong> o <strong>Hannah Arendt<\/strong>, sino otra entendida como <strong><a href=\"https:\/\/puntocritico.com\/ausajpuntocritico\/2017\/03\/25\/discurso-sobre-la-libertad-de-los-antiguos-comparada-con-la-de-los-modernos-benjamin-constant\/\">ausencia de autoridad<\/a><\/strong>, o sea, en negativo.\u00a0<strong>Me toc\u00f3 una \u00e9poca enemiga de la autoridad, fuera cual fuese.<\/strong><\/span><\/p>\n<p style=\"text-align: justify;\"><span style=\"font-size: 14pt;\">Todo lo que ten\u00eda un aire medianamente serio era de inmediato calificado de autoritario, como los republicanos que ejecutaban a cuantos llevaban corbata. Los uniformes, las distintas polic\u00edas, los ej\u00e9rcitos, las personas trajeadas, los guardas urbanos, los\u00a0profesores, los curas con sotana, los serenos, Dios m\u00edo, una inmensa cantidad de personas y cosas eran autoritarios. Algo as\u00ed como hoy sucede con el machismo, que es machista hasta <strong>Mae West<\/strong>.<\/span><\/p>\n<p style=\"text-align: justify;\"><span style=\"font-size: 14pt;\"><strong>La gran fiesta antiautoritaria fue Mayo del 68 y no s\u00f3lo en\u00a0Par\u00eds.<\/strong>\u00a0Ya entonces, cuando no exist\u00edan ni redes ni telefonillos, se armaron enormes manifestaciones y rebeliones urbanas en Londres, Roma, California o Madrid. Se hab\u00eda puesto en marcha ese fen\u00f3meno de masificaci\u00f3n ac\u00e9fala que afecta a las gentes como la moda, de un modo inmediato, instant\u00e1neo, intransigente y tir\u00e1nico.\u00a0<\/span><\/p>\n<p style=\"text-align: justify;\"><span style=\"font-size: 14pt;\"><strong>Todos \u00e9ramos antiautoritarios, pero, oh sorpresa, tambi\u00e9n \u00e9ramos comunistas o anarquistas o mao\u00edstas o castristas, sin darnos cuenta de la imposibilidad de albergar ambas condiciones<\/strong>. Mejor dicho, sin percatarnos de que ambos calificativos puestos en la misma persona defin\u00edan, sin lugar a dudas, a un <strong><em>idiota<\/em><\/strong>.<\/span><\/p>\n<p>&nbsp;<\/p>\n<figure id=\"attachment_2297238\" aria-describedby=\"caption-attachment-2297238\" style=\"width: 480px\" class=\"wp-caption aligncenter\"><a href=\"https:\/\/puntocritico.com\/ausajpuntocritico\/2024\/05\/13\/el-tonto-del-balcon\/\" data-schema-attribute=\"\"><img loading=\"lazy\" decoding=\"async\" class=\"wp-image-2297238\" src=\"https:\/\/puntocritico.com\/ausajpuntocritico\/wp-content\/uploads\/2024\/05\/De-mayor-quiero-ser-lameculos-PPAL-300x169.jpg\" alt=\"\" width=\"480\" height=\"270\" srcset=\"https:\/\/puntocritico.com\/ausajpuntocritico\/wp-content\/uploads\/2024\/05\/De-mayor-quiero-ser-lameculos-PPAL-300x169.jpg 300w, https:\/\/puntocritico.com\/ausajpuntocritico\/wp-content\/uploads\/2024\/05\/De-mayor-quiero-ser-lameculos-PPAL.jpg 678w\" sizes=\"auto, (max-width: 480px) 100vw, 480px\" \/><\/a><figcaption id=\"caption-attachment-2297238\" class=\"wp-caption-text\"><span style=\"color: #008000;\"><a style=\"color: #008000;\" href=\"https:\/\/puntocritico.com\/ausajpuntocritico\/2024\/05\/13\/el-tonto-del-balcon\/\">EL TONTO DEL BALC\u00d3N: La Soberbia del Abyecto<\/a>. La \u201cExtrema Izquierda\u201d en el Siglo 21: Ricos, Pijos y Burgueses <\/span><\/figcaption><\/figure>\n<p>&nbsp;<\/p>\n<p style=\"text-align: justify;\"><span style=\"font-size: 14pt;\">Han pasado muchos a\u00f1os y ya son monta\u00f1as los ensayos que estudian aquel curioso periodo y constatan la perfecta inutilidad del mismo, su ineficacia, la exactitud para conseguir lo contrario de lo que exig\u00edan las manifestaciones. Los grandes disturbios de Par\u00eds culminaron con la mayor\u00eda absoluta lograda por <strong>De Gaulle<\/strong> (militar, autoritario, y de estatura intimidante) en las elecciones.\u00a0<\/span><\/p>\n<p style=\"text-align: justify;\"><span style=\"font-size: 14pt;\"><strong>Era ya el indicio de una modernidad, la nuestra, en la que los movimientos colectivos siempre consiguen lo contrario de lo que se proponen.\u00a0<\/strong>As\u00ed, por ejemplo, en Espa\u00f1a dicen que se proponen el progresismo y realizan, con exquisito mal gusto, el m\u00e1s negro reaccionarismo, populismo y racismo fascistoide. <\/span><\/p>\n<p style=\"text-align: justify;\"><span style=\"font-size: 14pt;\">En los\u00a0EEUU\u00a0fue peor, el animalismo, el feminismo, el igualitarismo, el ecologismo, la cancelaci\u00f3n y dem\u00e1s exigencias conducidas por jefaturas fr\u00edvolas han llevado al poder a\u00a0<strong>Trump<\/strong>.<\/span><\/p>\n<p style=\"text-align: justify;\"><span style=\"font-size: 14pt;\">Aquellas personas que se presentan como antiautoritarias, en la actualidad, es casi seguro que ocultan una personalidad tir\u00e1nica, iracunda, opresora y corrupta. Es muy gracioso ver el tipo de personas de ambos sexos (o del mismo, vaya usted a saber) que rodean al presidente del Gobierno.\u00a0<\/span><\/p>\n<p style=\"text-align: justify;\"><span style=\"font-size: 14pt;\"><strong>La exaltaci\u00f3n del caudillo conduce a empleados sumisos, peque\u00f1itos, t\u00edmidos, agresivos, infantiloides<\/strong>, que en el caso de las mujeres dan una imagen de colegio mayor con besuconas y abrazadoras anud\u00e1ndose las unas a las otras con cursiler\u00eda de convent\u00edculo.<\/span><\/p>\n<p>&nbsp;<\/p>\n<p><img loading=\"lazy\" decoding=\"async\" class=\"aligncenter wp-image-2282640\" src=\"https:\/\/puntocritico.com\/ausajpuntocritico\/wp-content\/uploads\/2023\/07\/2023-06_FOCAS-APLAUDIDORAS-300x149.webp\" alt=\"\" width=\"480\" height=\"238\" srcset=\"https:\/\/puntocritico.com\/ausajpuntocritico\/wp-content\/uploads\/2023\/07\/2023-06_FOCAS-APLAUDIDORAS-300x149.webp 300w, https:\/\/puntocritico.com\/ausajpuntocritico\/wp-content\/uploads\/2023\/07\/2023-06_FOCAS-APLAUDIDORAS.webp 709w\" sizes=\"auto, (max-width: 480px) 100vw, 480px\" \/><\/p>\n<p>&nbsp;<\/p>\n<p style=\"text-align: justify;\"><span style=\"font-size: 14pt;\">Todo esto me vino a la cabeza al leer esta ma\u00f1ana que una buena mujer de mal nombre la <strong>Tato<\/strong>, presidenta de no se sabe qu\u00e9 comit\u00e9 deportivo, hab\u00eda cambiado el orden de m\u00e9ritos de los estadios espa\u00f1oles para que le tocara en suerte a uno de su preferencia cierta celebraci\u00f3n deportiva de esas que dejan un reguero de oro entre presidentes, conseguidores, directivos, entrenadores, \u00e1rbitros o periodistas.\u00a0<strong>El caso es que hundi\u00f3 a un estadio gallego para elevar a otro vasco<\/strong>.<\/span><\/p>\n<p>&nbsp;<\/p>\n<\/blockquote>\n<blockquote class=\"wp-block-quote is-layout-flow wp-block-quote-is-layout-flow\">\n<p style=\"text-align: center;\"><span style=\"color: #008000;\"><strong><span style=\"font-size: 14pt;\">\u00abEs el ejemplo que dan los mayores lo que de inmediato copia e imita malamente la turba de sumisos disc\u00edpulos \u00e1vidos de poder y dinero\u00bb<\/span><\/strong><\/span><\/p>\n<\/blockquote>\n<blockquote>\n<p>&nbsp;<\/p>\n<p style=\"text-align: justify;\"><span style=\"font-size: 14pt;\">Esa mujer, a la que, por cierto, ya hab\u00edan querido despedir sus jefes y\u00a0<a href=\"https:\/\/theobjective.com\/deportes\/futbol\/2025-03-26\/dimite-maria-tato-mundial-2030-escandalo-sedes\/\" target=\"_blank\" rel=\"noopener\" data-schema-attribute=\"\">s\u00f3lo ahora se va dando un portazo<\/a>,\u00a0<strong>ha trampeado de modo simpl\u00f3n las cifras del concurso como aquellos alumnos que falsificaban las notas del colegio<\/strong>, pero lo hac\u00edan tan mal que los pillaban. O sea, perfectos necios. De ese mismo modo infantil, tontiloco, beocio, se ha comportado la se\u00f1ora del f\u00fatbol, una rubia de bote.<\/span><\/p>\n<p style=\"text-align: justify;\"><span style=\"font-size: 14pt;\"><strong>Eso no habr\u00eda sido posible si no tuviera buenos maestros, empezando por el presidente del Gobierno.<\/strong> Es el ejemplo que dan los mayores lo que de inmediato copia e imita malamente la turba de sumisos disc\u00edpulos \u00e1vidos de poder y dinero. <\/span><\/p>\n<p style=\"text-align: justify;\"><span style=\"font-size: 14pt;\">Cuando todos los d\u00edas aparecen trampas, fraudes, mentiras y corruptelas entre presidentes, ministros, consejeros, esposas, ch\u00f3feres, rameras y guardacoches, es inevitable que la gente de escasas luces se diga: \u2018<em>\u00a1Ah, pues yo tambi\u00e9n!<\/em>\u2019.\u00a0<strong>por un mill\u00f3n. De euros, claro.<\/strong><\/span><\/p>\n<div class=\"tno-subjetivo-single__article__main__content tno-single-content\">\n<p style=\"text-align: justify;\"><span style=\"font-size: 14pt;\">Viene a ser el antiautoritarismo de mi juventud,\u00a0<strong>solo que ahora multiplicado por un mill\u00f3n. De euros, claro<\/strong>.<\/span><\/p>\n<\/div>\n<\/blockquote>\n<footer class=\"tno-subjetivo-single__article__footer\">\n<div class=\"tno-article-tags\">\n<div class=\"tno-article-tags__wrapper flickity-enabled is-draggable\" tabindex=\"0\">\n<blockquote>\n<div class=\"flickity-viewport\">\u00a0<\/div>\n<\/blockquote>\n<\/div>\n<\/div>\n<\/footer>\n<p><img loading=\"lazy\" decoding=\"async\" class=\"aligncenter wp-image-11634\" src=\"https:\/\/puntocritico.com\/ausajpuntocritico\/wp-content\/uploads\/2018\/05\/Maquiavelo-SOCIOPAT\u00cdA-Y-PSICOPAT\u00cdA-EN-POL\u00cdTICA-9-300x198.png\" alt=\"\" width=\"400\" height=\"264\" srcset=\"https:\/\/puntocritico.com\/ausajpuntocritico\/wp-content\/uploads\/2018\/05\/Maquiavelo-SOCIOPAT\u00cdA-Y-PSICOPAT\u00cdA-EN-POL\u00cdTICA-9-300x198.png 300w, https:\/\/puntocritico.com\/ausajpuntocritico\/wp-content\/uploads\/2018\/05\/Maquiavelo-SOCIOPAT\u00cdA-Y-PSICOPAT\u00cdA-EN-POL\u00cdTICA-9.png 560w\" sizes=\"auto, (max-width: 400px) 100vw, 400px\" \/><\/p>\n<p style=\"text-align: center;\"><span style=\"font-size: 18pt;\"><strong><span style=\"color: #008000;\">*******<\/span><\/strong><\/span><\/p>\n<h2 class=\"posttitle\" style=\"text-align: center;\"><span style=\"font-size: 24pt;\">PENSADORES DESLENGUADOS Y SIN CORAZ\u00d3N, GLORIOSAS MORTAJAS<\/span><\/h2>\n<blockquote>\n<p style=\"text-align: center;\"><span style=\"font-size: 14pt;\"><em><strong>\u00abPecan los que meten ciza\u00f1a entre el coraz\u00f3n y la lengua, pero los que todo se les va en la lengua sin coraz\u00f3n alguno, \u00bfno son en dicho de Cat\u00f3n, gloriosas mortajas? <\/strong><\/em><\/span><\/p>\n<p style=\"text-align: center;\"><span style=\"font-size: 14pt;\"><em><strong>Sin lengua podemos vivir, acaso no c\u00f3modamente, pero sin coraz\u00f3n de ning\u00fan modo. <\/strong><\/em><\/span><\/p>\n<p style=\"text-align: center;\"><span style=\"font-size: 14pt;\"><em><strong>No muestra humanidad el que atropella el buen estilo, pero no es hombre el que est\u00e1 limpio de filosof\u00eda. Se ha llegado (\u00a1oh, dolor!) hasta no tenerse por sabios sino a los que convierten en mercenario el cultivo de la sabidur\u00eda. <\/strong><\/em><\/span><\/p>\n<p style=\"text-align: center;\"><span style=\"font-size: 14pt;\"><em><strong>Todo lo cual yo, no sin grand\u00edsimo dolor e indignaci\u00f3n, lo digo, no contra los pr\u00edncipes, sino contra los fil\u00f3sofos de este tiempo, los que piensan y proclaman que no vale la pena filosofar, porque para los fil\u00f3sofos no hay establecidos ningunos premios, ninguna paga, como si no bastara esto para demostrar con ello que no son fil\u00f3sofos. <\/strong><\/em><\/span><\/p>\n<p style=\"text-align: center;\"><span style=\"font-size: 14pt;\"><em><strong>Pues, si toda su vida est\u00e1 puesta en la ganancia o la ambici\u00f3n, claro es que no abrazan el conocimiento de la verdad por s\u00ed misma. <\/strong><\/em><\/span><\/p>\n<p style=\"text-align: center;\"><span style=\"font-size: 14pt;\"><em><strong>Me conceder\u00e9 esto a m\u00ed, y no me avergonzar\u00e9 de alabarme por no haberme puesto a filosofar por otra causa sino por el filosofar mismo, ni esperar o buscar de mis estudios y de mis elucubraciones otra recompensa o fruto que el cultivo del esp\u00edritu y el conocimiento de la verdad, siempre y en alto grado deseada.\u00bb<\/strong><\/em><\/span><\/p>\n<\/blockquote>\n<p class=\"posttitle\" style=\"text-align: justify;\"><span style=\"font-size: 14pt;\">Por Pico della Mirandola<\/span><\/p>\n<p style=\"text-align: justify;\"><span style=\"font-size: 14pt;\"><a href=\"https:\/\/www.filosofiadigital.com\/\" target=\"_blank\" rel=\"noopener\">Filosof\u00eda Digital<\/a>, 2006<\/span><\/p>\n<figure id=\"attachment_2308581\" aria-describedby=\"caption-attachment-2308581\" style=\"width: 300px\" class=\"wp-caption aligncenter\"><a href=\"https:\/\/es.wikipedia.org\/wiki\/Giovanni_Pico_della_Mirandola\" target=\"_blank\" rel=\"noopener\" data-schema-attribute=\"\"><img loading=\"lazy\" decoding=\"async\" class=\"wp-image-2308581\" src=\"https:\/\/puntocritico.com\/ausajpuntocritico\/wp-content\/uploads\/2025\/03\/Pico-della-Mirandola-FD-270x300.jpg\" alt=\"\" width=\"300\" height=\"334\" srcset=\"https:\/\/puntocritico.com\/ausajpuntocritico\/wp-content\/uploads\/2025\/03\/Pico-della-Mirandola-FD-270x300.jpg 270w, https:\/\/puntocritico.com\/ausajpuntocritico\/wp-content\/uploads\/2025\/03\/Pico-della-Mirandola-FD.jpg 400w\" sizes=\"auto, (max-width: 300px) 100vw, 300px\" \/><\/a><figcaption id=\"caption-attachment-2308581\" class=\"wp-caption-text\"><span style=\"color: #008000;\"><a href=\"https:\/\/es.wikipedia.org\/wiki\/Giovanni_Pico_della_Mirandola\" target=\"_blank\" rel=\"noopener\" data-schema-attribute=\"\"><strong>Pico della Mirandola<\/strong><\/a>: <em>Sin lengua podemos vivir, acaso no c\u00f3modamente, pero sin coraz\u00f3n de ning\u00fan modo<\/em>. <\/span><\/figcaption><\/figure>\n<p>&nbsp;<\/p>\n<blockquote>\n<p style=\"text-align: center;\"><span style=\"font-size: 14pt; color: #008000;\"><strong>NO HAY HERMANDAD POSIBLE ENTRE EL EMBAUCADOR Y EL FIL\u00d3SOFO<\/strong><\/span><\/p>\n<\/blockquote>\n<p>&nbsp;<\/p>\n<p style=\"text-align: justify;\"><span style=\"font-size: 14pt;\"><span lang=\"ES-TRAD\"><strong>T<\/strong><\/span>anta es la contrariedad entre el oficio de fil\u00f3sofo y el del ret\u00f3rico que no pueda ser mayor. Pues <strong>\u00bfcu\u00e1l es el oficio del ret\u00f3rico sino mentir, enga\u00f1ar, acorralar, embaucar?<\/strong> <\/span><\/p>\n<p style=\"text-align: justify;\"><span style=\"font-size: 14pt;\">Es vuestro, dec\u00eds vosotros mismos, poder a voluntad cambiar con la palabra lo negro en blanco, lo blanco en negro, <strong>poder, seg\u00fan se quiera, quitar, tirar, agrandar, achicar, por medio de la fuerza casi m\u00e1gica de la elocuencia<\/strong> (<em>os preci\u00e1is de ello<\/em>) <strong>transfigurar las cosas mismas<\/strong>, poni\u00e9ndoles el rostro que os viene en gana, de modo que, si no hac\u00e9is que sean lo que no son de su propia condici\u00f3n, al menos aparezcan tal como quer\u00e9is al que os escucha. <\/span><\/p>\n<p style=\"text-align: justify;\"><span style=\"font-size: 14pt;\"><strong>Todo esto \u00bfes otra cosa que pura mentira, pura impostura y simple embaucamiento?<\/strong> Siempre a espaldas de la realidad, sali\u00e9ndose de ella por m\u00e1s o cort\u00e1ndola por menos, jugando con los \u00e1nimos de los oyentes, halagando sus o\u00eddos con cantos falaces y envolvi\u00e9ndolos en redes de enga\u00f1os y fantasmagor\u00edas. <strong>\u00bfEs que va a haber hermandad de \u00e9ste con el fil\u00f3sofo, cuyo empe\u00f1o todo est\u00e1 en conocer y demostrar la verdad a los dem\u00e1s? <\/strong><\/span><\/p>\n<p style=\"text-align: justify;\"><span style=\"font-size: 14pt;\">(<em>Carta a Hermolao B\u00e1rbaro<\/em>, p\u00e1g. 145-146).<\/span><\/p>\n<p>&nbsp;<\/p>\n<p><a href=\"https:\/\/puntocritico.com\/ausajpuntocritico\/2023\/08\/02\/william-blake\/\"><img loading=\"lazy\" decoding=\"async\" class=\"aligncenter wp-image-2283796\" src=\"https:\/\/puntocritico.com\/ausajpuntocritico\/wp-content\/uploads\/2023\/08\/William-Blake-para-la-Divina-comedia-de-Dante-dante-y-virgil-infierno-211x300.jpg\" alt=\"\" width=\"240\" height=\"342\" srcset=\"https:\/\/puntocritico.com\/ausajpuntocritico\/wp-content\/uploads\/2023\/08\/William-Blake-para-la-Divina-comedia-de-Dante-dante-y-virgil-infierno-211x300.jpg 211w, https:\/\/puntocritico.com\/ausajpuntocritico\/wp-content\/uploads\/2023\/08\/William-Blake-para-la-Divina-comedia-de-Dante-dante-y-virgil-infierno-719x1024.jpg 719w, https:\/\/puntocritico.com\/ausajpuntocritico\/wp-content\/uploads\/2023\/08\/William-Blake-para-la-Divina-comedia-de-Dante-dante-y-virgil-infierno-768x1093.jpg 768w, https:\/\/puntocritico.com\/ausajpuntocritico\/wp-content\/uploads\/2023\/08\/William-Blake-para-la-Divina-comedia-de-Dante-dante-y-virgil-infierno.jpg 1079w\" sizes=\"auto, (max-width: 240px) 100vw, 240px\" \/><\/a><\/p>\n<p>&nbsp;<\/p>\n<blockquote>\n<p style=\"text-align: center;\"><span style=\"font-size: 14pt; color: #008000;\"><strong>EN LA POL\u00cdTICA, LAS FLORES TIENEN M\u00c1S PESO QUE LOS FRUTOS<\/strong><\/span><\/p>\n<\/blockquote>\n<p>&nbsp;<\/p>\n<p style=\"text-align: justify;\"><span style=\"font-size: 14pt;\"><span lang=\"ES-TRAD\"><strong>N<\/strong><\/span>o es propio de los que andamos por la Academia, sino de los que mueven dentro de la Rep\u00fablica aquella, en la que cuanto se dice y hace se lleva a refrendo popular, donde las flores tienen m\u00e1s peso que los frutos. \u00bfNo sabes aquello de\u00a0<em>\u00abNo a todos les cae bien el mismo aire\u00bb<\/em>?<\/span><\/p>\n<p style=\"text-align: justify;\"><span style=\"font-size: 14pt;\"><span lang=\"ES-TRAD\"><strong>E<\/strong><\/span>legante cosa es (<em>lo confesamos<\/em>) la abundancia de verbo llena de atractivo y deleite, pero en el fil\u00f3sofo no es ni hermosa ni agradable. \u00bfQui\u00e9n va a condenar en el histri\u00f3n el paso muelle, las manos vivaces, los ojos l\u00fabricos? \u00bfQui\u00e9n no lo reprender\u00e1 y abominar\u00e1 en el ciudadano, en el fil\u00f3sofo? Si a la muchacha la vemos graciosa de meneos, dicharachera, la alabamos, se nos van los besos; en una grave matrona lo condenamos, lo perseguimos.<\/span><\/p>\n<p>&nbsp;<\/p>\n<blockquote>\n<p style=\"text-align: center;\"><strong><span style=\"font-size: 14pt;\"><span style=\"color: #008000;\"><em>\u00abNosotros preferimos el nuestro hirsuto, suelto el pelo, fofo, desali\u00f1ado, m\u00e1s que bellamente peinado, con la nota o sospecha de insinceridad<\/em>\u00bb<\/span> <\/span><\/strong><\/p>\n<\/blockquote>\n<p>&nbsp;<\/p>\n<p style=\"text-align: justify;\"><span style=\"font-size: 14pt;\">No nosotros, sino ellos, los est\u00fapidos, los que a los pies de\u00a0<strong>Vesta<\/strong>\u00a0festejan bacanales, los que afean la gravedad y la casta verdad de las cosas de la filosof\u00eda con juergas y tramoyas de feria. Vale decir de este modo de discursos lo que\u00a0<strong>Sinesio<\/strong> dice del mocito afeminado, con su melena siempre ungida de molicie.\u00a0<\/span><span style=\"font-size: 14pt;\"><em>\u00abNosotros preferimos el nuestro hirsuto, suelto el pelo, fofo, desali\u00f1ado, m\u00e1s que bellamente peinado, con la nota o sospecha de insinceridad<\/em>\u00bb <\/span><\/p>\n<p style=\"text-align: justify;\"><span style=\"font-size: 14pt;\">(<em>Carta a Hermolao B\u00e1rbaro<\/em>, p\u00e1g. 146-147).<\/span><\/p>\n<p>&nbsp;<\/p>\n<figure id=\"attachment_1717947\" aria-describedby=\"caption-attachment-1717947\" style=\"width: 440px\" class=\"wp-caption aligncenter\"><a href=\"https:\/\/puntocritico.com\/ausajpuntocritico\/2023\/08\/02\/william-blake\/\"><img loading=\"lazy\" decoding=\"async\" class=\"wp-image-1717947\" src=\"https:\/\/puntocritico.com\/ausajpuntocritico\/wp-content\/uploads\/2021\/01\/William_Blake_-_Nebuchadnezzar_Tate_Britain.jpg\" alt=\"\" width=\"440\" height=\"315\" \/><\/a><figcaption id=\"caption-attachment-1717947\" class=\"wp-caption-text\"><span style=\"color: #008000;\">Nabucodonosor II, el Rey loco, pastando como e ganado, por William Blake<\/span><\/figcaption><\/figure>\n<p>&nbsp;<\/p>\n<blockquote>\n<p style=\"text-align: center;\"><span style=\"font-size: 14pt; color: #008000;\"><strong>LAS TRES CREDENCIALES DEL FIL\u00d3SOFO: BONDAD, VERACIDAD Y SENCILLEZ<\/strong><\/span><\/p>\n<\/blockquote>\n<p>&nbsp;<\/p>\n<p style=\"text-align: justify;\"><span style=\"font-size: 14pt;\"><span lang=\"ES-TRAD\"><strong>P<\/strong><\/span>ero \u00bfpor qu\u00e9 gasto palabras en lo que ya se me concede? Si no se desenga\u00f1a el oyente de un discurso enga\u00f1oso, \u00bfqu\u00e9 le aguarda sino riesgos? Se convencer\u00e1 principalmente con tres cosas: la vida del orador, la verdad de la cosa, la sobriedad del discurso. <\/span><\/p>\n<p style=\"text-align: justify;\"><span style=\"font-size: 14pt;\">Estas son,\u00a0<strong>Lactancio<\/strong>, las cosas que acreditar\u00e1n al fil\u00f3sofo; si fuere bueno, si veraz, si aplicado a un g\u00e9nero de decir tal que no fluya el estilo del <strong><em>jard\u00edn de las Musas<\/em><\/strong>, sino del tenebroso antro en el que dijo\u00a0<strong>Her\u00e1clito<\/strong> <em>\u00ab<strong>esconderse la verdad<\/strong><\/em>\u00bb <\/span><\/p>\n<p style=\"text-align: justify;\"><span style=\"font-size: 14pt;\">(<em>Carta a Hermolao B\u00e1rbaro<\/em>, p\u00e1g. 150-151).<\/span><\/p>\n<p>&nbsp;<\/p>\n<figure id=\"attachment_1494021\" aria-describedby=\"caption-attachment-1494021\" style=\"width: 440px\" class=\"wp-caption aligncenter\"><a href=\"https:\/\/puntocritico.com\/ausajpuntocritico\/2023\/08\/02\/william-blake\/\"><img loading=\"lazy\" decoding=\"async\" class=\"wp-image-1494021\" src=\"https:\/\/puntocritico.com\/ausajpuntocritico\/wp-content\/uploads\/2020\/12\/William-Blake-Minos-illustration-to-the-Divine-Comedy-by-Dante-Alighieri-1-MeisterDrucke-648774-300x214.jpg\" alt=\"\" width=\"440\" height=\"314\" srcset=\"https:\/\/puntocritico.com\/ausajpuntocritico\/wp-content\/uploads\/2020\/12\/William-Blake-Minos-illustration-to-the-Divine-Comedy-by-Dante-Alighieri-1-MeisterDrucke-648774-300x214.jpg 300w, https:\/\/puntocritico.com\/ausajpuntocritico\/wp-content\/uploads\/2020\/12\/William-Blake-Minos-illustration-to-the-Divine-Comedy-by-Dante-Alighieri-1-MeisterDrucke-648774-610x435.jpg 610w, https:\/\/puntocritico.com\/ausajpuntocritico\/wp-content\/uploads\/2020\/12\/William-Blake-Minos-illustration-to-the-Divine-Comedy-by-Dante-Alighieri-1-MeisterDrucke-648774.jpg 700w\" sizes=\"auto, (max-width: 440px) 100vw, 440px\" \/><\/a><figcaption id=\"caption-attachment-1494021\" class=\"wp-caption-text\"><span style=\"color: #008000;\">William-Blake-Minos-illustration-to-the-Divine-Comedy-by-Dante-Alighieri<\/span><\/figcaption><\/figure>\n<p>&nbsp;<\/p>\n<blockquote>\n<p style=\"text-align: center;\"><span style=\"color: #008000; font-size: 14pt;\"><strong>SE PUEDE VIVIR SIN LENGUA, PERO SIN CORAZ\u00d3N DE NING\u00daN MODO<\/strong><\/span><\/p>\n<\/blockquote>\n<p>&nbsp;<\/p>\n<p style=\"text-align: justify;\"><span style=\"font-size: 14pt;\"><span lang=\"ES-TRAD\"><strong>P<\/strong><\/span>orque\u00a0<a href=\"https:\/\/puntocritico.com\/ausajpuntocritico\/2023\/01\/30\/busqueda-de-la-verdad-ciceron\/\"><strong>Cicer\u00f3n<\/strong><\/a>\u00a0prefiere una intonsa prudencia a una necia locuacidad. No buscamos en el dinero c\u00f3mo suena la moneda, sino de qu\u00e9 metal es. Ni hay quien no prefiera el oro puro acu\u00f1ado por el teut\u00f3n al falso marcado por el sello romano. Pecan los que meten ciza\u00f1a entre el coraz\u00f3n y la lengua, pero los que todo se les va en la lengua sin coraz\u00f3n alguno, \u00bfno son en dicho de\u00a0<strong>Cat\u00f3n<\/strong>, gloriosas mortajas?<\/span><\/p>\n<p>&nbsp;<\/p>\n<blockquote>\n<p style=\"text-align: center;\"><strong><span style=\"font-size: 14pt; color: #008000;\"><em>\u00abSin lengua podemos vivir, acaso no c\u00f3modamente, pero sin coraz\u00f3n de ning\u00fan modo. <\/em><\/span><\/strong><\/p>\n<p style=\"text-align: center;\"><strong><span style=\"font-size: 14pt; color: #008000;\"><em>No muestra humanidad el que atropella el buen estilo, pero no es hombre el que est\u00e1 limpio de filosof\u00eda. <\/em><\/span><\/strong><\/p>\n<p style=\"text-align: center;\"><strong><span style=\"font-size: 14pt; color: #008000;\"><em>Todav\u00eda aprovecha una sabidur\u00eda pobr\u00edsima de voz, pero una insipiente elocuencia (como espada en manos de loco) no puede no hacer grand\u00edsimo da\u00f1o<\/em>\u00bb<\/span><\/strong><\/p>\n<\/blockquote>\n<p>&nbsp;<\/p>\n<p style=\"text-align: justify;\"><span style=\"font-size: 14pt;\"><em>\u00abSin lengua podemos vivir, acaso no c\u00f3modamente, pero sin coraz\u00f3n de ning\u00fan modo. No muestra humanidad el que atropella el buen estilo, pero no es hombre el que est\u00e1 limpio de filosof\u00eda. Todav\u00eda aprovecha una sabidur\u00eda pobr\u00edsima de voz, pero una insipiente elocuencia (como espada en manos de loco) no puede no hacer grand\u00edsimo da\u00f1o<\/em>\u00bb (<em>Carta a Hermolao B\u00e1rbaro<\/em>, p\u00e1g. 154).<\/span><\/p>\n<p>&nbsp;<\/p>\n<figure id=\"attachment_2283942\" aria-describedby=\"caption-attachment-2283942\" style=\"width: 440px\" class=\"wp-caption aligncenter\"><a href=\"https:\/\/puntocritico.com\/ausajpuntocritico\/2018\/09\/24\/origenes-de-la-masoneria-en-los-estados-unidos-de-norteamerica-republicado\/\"><img loading=\"lazy\" decoding=\"async\" class=\"wp-image-2283942\" src=\"https:\/\/puntocritico.com\/ausajpuntocritico\/wp-content\/uploads\/2023\/08\/La-noche-W-Blake-300x197.jpg\" alt=\"\" width=\"440\" height=\"288\" srcset=\"https:\/\/puntocritico.com\/ausajpuntocritico\/wp-content\/uploads\/2023\/08\/La-noche-W-Blake-300x197.jpg 300w, https:\/\/puntocritico.com\/ausajpuntocritico\/wp-content\/uploads\/2023\/08\/La-noche-W-Blake-768x503.jpg 768w, https:\/\/puntocritico.com\/ausajpuntocritico\/wp-content\/uploads\/2023\/08\/La-noche-W-Blake.jpg 780w\" sizes=\"auto, (max-width: 440px) 100vw, 440px\" \/><\/a><figcaption id=\"caption-attachment-2283942\" class=\"wp-caption-text\"><span style=\"color: #008000;\">La noche, de Willian Blake<\/span><\/figcaption><\/figure>\n<p>&nbsp;<\/p>\n<blockquote>\n<p style=\"text-align: center;\"><span style=\"color: #008000; font-size: 14pt;\"><strong>QUIEN NO AMA LA VERDAD POR S\u00cd MISMA NO ES FIL\u00d3SOFO, SINO MERCENARIO<\/strong><\/span><\/p>\n<\/blockquote>\n<p>&nbsp;<\/p>\n<p style=\"text-align: justify;\"><span style=\"font-size: 14pt;\"><span lang=\"ES-TRAD\"><strong>S<\/strong><\/span>e ha llegado (<em>\u00a1oh, dolor!<\/em>) hasta no tenerse por sabios sino a los que convierten en mercenario el cultivo de la sabidur\u00eda, y se da as\u00ed el espect\u00e1culo de una p\u00fadica\u00a0<strong>Minerva<\/strong>, hu\u00e9sped de los mortales por regalo de los dioses, arrojada, gritada, silbada. No tener quien la ame, quien la ampare, a no ser que ella, como prostituta y cambiando por unas monedas su florada virginidad, eche en el cofrecito del amante la mal ganada paga.<\/span><\/p>\n<p>&nbsp;<\/p>\n<blockquote>\n<p style=\"text-align: center;\"><strong><span style=\"font-size: 14pt;\"><span style=\"color: #008000;\"><em>\u00abMe conceder\u00e9 esto a m\u00ed, y no me avergonzar\u00e9 de alabarme por no haberme puesto a filosofar por otra causa sino por el filosofar mismo, ni esperar o buscar de mis estudios y de mis elucubraciones otra recompensa o fruto que el cultivo del esp\u00edritu y el conocimiento de la verdad, siempre y en alto grado deseada<\/em>\u00bb<\/span> <\/span><\/strong><\/p>\n<\/blockquote>\n<p>&nbsp;<\/p>\n<p style=\"text-align: justify;\"><span style=\"font-size: 14pt;\">Todo lo cual yo, no sin grand\u00edsimo dolor e indignaci\u00f3n, lo digo, no contra los pr\u00edncipes, sino contra los fil\u00f3sofos de este tiempo, los que piensan y proclaman que no vale la pena filosofar, porque para los fil\u00f3sofos no hay establecidos ningunos premios, ninguna paga, como si no bastara esto para demostrar con ello que no son fil\u00f3sofos. Pues, si toda su vida est\u00e1 puesta en la ganancia o la ambici\u00f3n, claro es que no abrazan el conocimiento de la verdad por s\u00ed misma. <\/span><\/p>\n<p style=\"text-align: justify;\"><span style=\"font-size: 14pt;\"><em>\u00abMe conceder\u00e9 esto a m\u00ed, y no me avergonzar\u00e9 de alabarme por no haberme puesto a filosofar por otra causa sino por el filosofar mismo, ni esperar o buscar de mis estudios y de mis elucubraciones otra recompensa o fruto que el cultivo del esp\u00edritu y el conocimiento de la verdad, siempre y en alto grado deseada<\/em>\u00bb (<em>De la dignidad del hombre<\/em>, p\u00e1g. 121).<\/span><\/p>\n<p>&nbsp;<\/p>\n<figure id=\"attachment_2283945\" aria-describedby=\"caption-attachment-2283945\" style=\"width: 400px\" class=\"wp-caption aligncenter\"><a href=\"https:\/\/puntocritico.com\/ausajpuntocritico\/2023\/02\/28\/isaac-newton-de-la-alquimia-a-la-ciencia\/\"><img loading=\"lazy\" decoding=\"async\" class=\"wp-image-2283945\" src=\"https:\/\/puntocritico.com\/ausajpuntocritico\/wp-content\/uploads\/2023\/08\/Newton-por-W-Blake-300x231.jpg\" alt=\"\" width=\"400\" height=\"307\" srcset=\"https:\/\/puntocritico.com\/ausajpuntocritico\/wp-content\/uploads\/2023\/08\/Newton-por-W-Blake-300x231.jpg 300w, https:\/\/puntocritico.com\/ausajpuntocritico\/wp-content\/uploads\/2023\/08\/Newton-por-W-Blake-768x590.jpg 768w, https:\/\/puntocritico.com\/ausajpuntocritico\/wp-content\/uploads\/2023\/08\/Newton-por-W-Blake-80x60.jpg 80w, https:\/\/puntocritico.com\/ausajpuntocritico\/wp-content\/uploads\/2023\/08\/Newton-por-W-Blake.jpg 911w\" sizes=\"auto, (max-width: 400px) 100vw, 400px\" \/><\/a><figcaption id=\"caption-attachment-2283945\" class=\"wp-caption-text\"><span style=\"color: #008000;\">Newton, por William Blake<\/span><\/figcaption><\/figure>\n<p>&nbsp;<\/p>\n<blockquote>\n<p style=\"text-align: center;\"><span style=\"font-size: 14pt; color: #008000;\"><strong>DE BIEN ESTRECHO ESP\u00cdRITU ES VINCULARSE S\u00d3LO A UNA ESCUELA<\/strong><\/span><\/p>\n<\/blockquote>\n<p>&nbsp;<\/p>\n<p style=\"text-align: justify;\"><span style=\"font-size: 14pt;\"><span lang=\"ES-TRAD\"><strong>P<\/strong><\/span>ero yo de tal manera me form\u00e9 que, no jurando en palabras de nadie, me he internado por todos los maestros de la filosof\u00eda, he revuelto todos los pergaminos, he pasado revista a todas las escuelas. Y como ten\u00eda que pronunciarme sobre todas ellas, no fuera que si, por defender una opini\u00f3n particular, pospon\u00eda las otras, pareciera vinculado a aquella, no pudo ser sino que, aun diciendo poco de cada una, fuesen muchas las cosas que se ofrec\u00eda decir, al mismo tiempo, de todas.<\/span><\/p>\n<p>&nbsp;<\/p>\n<blockquote>\n<p style=\"text-align: center;\"><span style=\"color: #008000;\"><strong><span style=\"font-size: 14pt;\"><em>\u00abJuntad a ello que en cada familia hay algo sobresaliente que no tiene de com\u00fan con las dem\u00e1s<\/em>\u00bb<\/span><\/strong><\/span><\/p>\n<\/blockquote>\n<p>&nbsp;<\/p>\n<p style=\"text-align: justify;\"><span style=\"font-size: 14pt;\">Y nadie me reproche que haga asiento all\u00ed dondequiera me empujan los vientos de la hora, pues fue ya uso de todos los <strong><em>Antiguos<\/em> <\/strong>revolver toda clase de escritos, y no dejar por leer, en lo posible, los comentarios de otros. Principalmente desde\u00a0<strong>Arist\u00f3teles<\/strong>\u00a0que, por esta causa, era apellidado por\u00a0<strong>Plat\u00f3n<\/strong>\u00a0<em>el lector<\/em>. <\/span><\/p>\n<p style=\"text-align: justify;\"><span style=\"font-size: 14pt;\">Y<\/span><span style=\"font-size: 14pt;\">, a decir verdad, de bien estrecho esp\u00edritu es encerrarse s\u00f3lo en el <strong><em>P\u00f3rtico<\/em><\/strong>, o s\u00f3lo en la <strong><em>Academia<\/em><\/strong>, ni es posible escogerse con tino para s\u00ed una familia propia, entre todas, quien no ha tenido antes trato familiar con todas.\u00a0<\/span><span style=\"font-size: 14pt;\"><em>\u00abJuntad a ello que en cada familia hay algo sobresaliente que no tiene de com\u00fan con las dem\u00e1s<\/em>\u00bb (<em>De la dignidad del hombre<\/em>, p\u00e1g. 126).<\/span><\/p>\n<p>&nbsp;<\/p>\n<figure id=\"attachment_2308694\" aria-describedby=\"caption-attachment-2308694\" style=\"width: 360px\" class=\"wp-caption aligncenter\"><img loading=\"lazy\" decoding=\"async\" class=\"wp-image-2308694\" src=\"https:\/\/puntocritico.com\/ausajpuntocritico\/wp-content\/uploads\/2025\/04\/mirandola3-255x300.webp\" alt=\"\" width=\"360\" height=\"424\" srcset=\"https:\/\/puntocritico.com\/ausajpuntocritico\/wp-content\/uploads\/2025\/04\/mirandola3-255x300.webp 255w, https:\/\/puntocritico.com\/ausajpuntocritico\/wp-content\/uploads\/2025\/04\/mirandola3.webp 510w\" sizes=\"auto, (max-width: 360px) 100vw, 360px\" \/><figcaption id=\"caption-attachment-2308694\" class=\"wp-caption-text\"><span style=\"color: #008000;\">Retrato de Giovanni Pico della Mirandola, grabado por Theodor de Bry, en Jean-Jacques Boissard, Icones quinquaginta , vol. 1, 1597 (Biblioteca Linda Hall)<\/span><\/figcaption><\/figure>\n<p style=\"text-align: center;\"><strong><span style=\"color: #008000; font-size: 18pt;\">* * *<\/span><\/strong><\/p>\n<p style=\"text-align: justify;\"><span style=\"font-size: 14pt;\"><strong>GIOVANNI PICO DELLA MIRANDOLA<\/strong>, 1463-1494. Ediciones del Orto, 1996. Traducci\u00f3n de Carlos Go\u00f1i Zubieta. [FD, 24\/10\/2006]<\/span><\/p>\n<p>&nbsp;<\/p>\n<figure id=\"attachment_2308697\" aria-describedby=\"caption-attachment-2308697\" style=\"width: 280px\" class=\"wp-caption aligncenter\"><img loading=\"lazy\" decoding=\"async\" class=\"wp-image-2308697\" src=\"https:\/\/puntocritico.com\/ausajpuntocritico\/wp-content\/uploads\/2025\/04\/mirandola2-218x300.webp\" alt=\"\" width=\"280\" height=\"385\" srcset=\"https:\/\/puntocritico.com\/ausajpuntocritico\/wp-content\/uploads\/2025\/04\/mirandola2-218x300.webp 218w, https:\/\/puntocritico.com\/ausajpuntocritico\/wp-content\/uploads\/2025\/04\/mirandola2.webp 436w\" sizes=\"auto, (max-width: 280px) 100vw, 280px\" \/><figcaption id=\"caption-attachment-2308697\" class=\"wp-caption-text\"><span style=\"color: #008000;\">El segundo \u00abhombre musculoso\u00bb de Andreas Vesalius, De fabrica , 1543, utilizado para ilustrar la visi\u00f3n de Pico della Mirandola sobre las aspiraciones humanas (Biblioteca Linda Hall)<\/span><\/figcaption><\/figure>\n<p>&nbsp;<\/p>\n<blockquote class=\"wp-embedded-content\" data-secret=\"KIwveZX5rw\"><p><a href=\"https:\/\/puntocritico.com\/ausajpuntocritico\/2024\/02\/28\/accion-comisarial\/\">LA ACCI\u00d3N COMISARIAL: \u00abLA CUESTI\u00d3N POLICIAL\u00bb, por Rafael S\u00e1nchez Ferlosio (1.987)<\/a><\/p><\/blockquote>\n<p><iframe loading=\"lazy\" class=\"wp-embedded-content\" sandbox=\"allow-scripts\" security=\"restricted\" style=\"position: absolute; visibility: hidden;\" title=\"\u00abLA ACCI\u00d3N COMISARIAL: \u00abLA CUESTI\u00d3N POLICIAL\u00bb, por Rafael S\u00e1nchez Ferlosio (1.987)\u00bb \u2014 Punto Cr\u00edtico Derechos Humanos\" src=\"https:\/\/puntocritico.com\/ausajpuntocritico\/2024\/02\/28\/accion-comisarial\/embed\/#?secret=fRJvJxvJjn#?secret=KIwveZX5rw\" data-secret=\"KIwveZX5rw\" width=\"500\" height=\"282\" frameborder=\"0\" marginwidth=\"0\" marginheight=\"0\" scrolling=\"no\"><\/iframe><\/p>\n<blockquote class=\"wp-embedded-content\" data-secret=\"IO8wnBcaYX\"><p><a href=\"https:\/\/puntocritico.com\/ausajpuntocritico\/2021\/05\/17\/en-el-psoe-ha-existido-alguna-vez-libertad-de-expresion-culpable-me-declaro-por-susana-perez-alonso\/\">\u00bfHA EXISTIDO ALGUNA VEZ LIBERTAD DE EXPRESI\u00d3N EN EL PSOE? \u00abCULPABLE ME DECLARO\u2026\u00bb, por Susana P\u00e9rez-Alonso. \u201c\u00bfQuousque tandem abutere, Catilina, patientia nostra?\u201d<\/a><\/p><\/blockquote>\n<p><iframe loading=\"lazy\" class=\"wp-embedded-content\" sandbox=\"allow-scripts\" security=\"restricted\" style=\"position: absolute; visibility: hidden;\" title=\"\u00ab\u00bfHA EXISTIDO ALGUNA VEZ LIBERTAD DE EXPRESI\u00d3N EN EL PSOE? \u00abCULPABLE ME DECLARO\u2026\u00bb, por Susana P\u00e9rez-Alonso. \u201c\u00bfQuousque tandem abutere, Catilina, patientia nostra?\u201d\u00bb \u2014 Punto Cr\u00edtico Derechos Humanos\" src=\"https:\/\/puntocritico.com\/ausajpuntocritico\/2021\/05\/17\/en-el-psoe-ha-existido-alguna-vez-libertad-de-expresion-culpable-me-declaro-por-susana-perez-alonso\/embed\/#?secret=BEp0L6rioS#?secret=IO8wnBcaYX\" data-secret=\"IO8wnBcaYX\" width=\"500\" height=\"282\" frameborder=\"0\" marginwidth=\"0\" marginheight=\"0\" scrolling=\"no\"><\/iframe><\/p>\n<p>&nbsp;<\/p>\n<p>&nbsp;<\/p>\n<p>&nbsp;<\/p>\n<p style=\"text-align: justify;\"><a href=\"https:\/\/puntocritico.com\/author\/punto-critico\/\"><img loading=\"lazy\" decoding=\"async\" class=\"aligncenter wp-image-9528\" src=\"https:\/\/puntocritico.com\/ausajpuntocritico\/wp-content\/uploads\/2018\/03\/Mosca_Punto_Cr\u00edtico_40.png\" alt=\"\" width=\"80\" height=\"80\" \/><\/a><\/p>\n<p>&nbsp;<\/p>\n","protected":false},"excerpt":{"rendered":"<div class=\"mh-excerpt\"><p>PENSADORES DESLENGUADOS Y SIN CORAZ\u00d3N &nbsp; La experiencia nos ense\u00f1a sobradamente que los hombres no tienen sobre ninguna cosa menos poder que sobre su lengua, y para nada son m\u00e1s impotentes que para moderar sus <a class=\"mh-excerpt-more\" href=\"https:\/\/puntocritico.com\/ausajpuntocritico\/2025\/04\/03\/pensadores-deslenguados-y-sin-corazon-pico-mirandola\/\" title=\"PENSADORES DESLENGUADOS Y SIN CORAZ\u00d3N, GLORIOSAS MORTAJAS, por Pico della Mirandola (1463-1494)\">[&#8230;]<\/a><\/p>\n<\/div>","protected":false},"author":3,"featured_media":2308696,"comment_status":"closed","ping_status":"closed","sticky":false,"template":"","format":"standard","meta":{"_acf_changed":false,"_exactmetrics_skip_tracking":false,"_exactmetrics_sitenote_active":false,"_exactmetrics_sitenote_note":"","_exactmetrics_sitenote_category":0,"footnotes":""},"categories":[8],"tags":[154,166],"class_list":{"0":"post-2308586","1":"post","2":"type-post","3":"status-publish","4":"format-standard","5":"has-post-thumbnail","7":"category-filosofia","8":"tag-felix-de-azua","9":"tag-pico-della-mirandola"},"acf":[],"_links":{"self":[{"href":"https:\/\/puntocritico.com\/ausajpuntocritico\/wp-json\/wp\/v2\/posts\/2308586","targetHints":{"allow":["GET"]}}],"collection":[{"href":"https:\/\/puntocritico.com\/ausajpuntocritico\/wp-json\/wp\/v2\/posts"}],"about":[{"href":"https:\/\/puntocritico.com\/ausajpuntocritico\/wp-json\/wp\/v2\/types\/post"}],"author":[{"embeddable":true,"href":"https:\/\/puntocritico.com\/ausajpuntocritico\/wp-json\/wp\/v2\/users\/3"}],"replies":[{"embeddable":true,"href":"https:\/\/puntocritico.com\/ausajpuntocritico\/wp-json\/wp\/v2\/comments?post=2308586"}],"version-history":[{"count":0,"href":"https:\/\/puntocritico.com\/ausajpuntocritico\/wp-json\/wp\/v2\/posts\/2308586\/revisions"}],"wp:featuredmedia":[{"embeddable":true,"href":"https:\/\/puntocritico.com\/ausajpuntocritico\/wp-json\/wp\/v2\/media\/2308696"}],"wp:attachment":[{"href":"https:\/\/puntocritico.com\/ausajpuntocritico\/wp-json\/wp\/v2\/media?parent=2308586"}],"wp:term":[{"taxonomy":"category","embeddable":true,"href":"https:\/\/puntocritico.com\/ausajpuntocritico\/wp-json\/wp\/v2\/categories?post=2308586"},{"taxonomy":"post_tag","embeddable":true,"href":"https:\/\/puntocritico.com\/ausajpuntocritico\/wp-json\/wp\/v2\/tags?post=2308586"}],"curies":[{"name":"wp","href":"https:\/\/api.w.org\/{rel}","templated":true}]}}