{"id":2307101,"date":"2025-02-24T00:05:48","date_gmt":"2025-02-23T23:05:48","guid":{"rendered":"https:\/\/puntocritico.com\/ausajpuntocritico\/?p=2307101"},"modified":"2025-02-25T10:19:43","modified_gmt":"2025-02-25T09:19:43","slug":"occidente-y-el-conflicto-en-ucrania","status":"publish","type":"post","link":"https:\/\/puntocritico.com\/ausajpuntocritico\/2025\/02\/24\/occidente-y-el-conflicto-en-ucrania\/","title":{"rendered":"OCCIDENTE Y EL CONFLICTO EN UCRANIA. \u00abDonald Trump y el conflicto en\u00a0Ucrania\u00bb, por\u00a0Thierry Meyssan"},"content":{"rendered":"<p style=\"text-align: justify;\"><span style=\"font-size: 14pt; color: #008000;\">OCCIDENTE Y EL CONFLICTO EN UCRANIA<\/span><\/p>\n\n<p>&nbsp;<\/p>\n<blockquote>\n<h2 class=\"posttitle\" style=\"text-align: center;\"><span style=\"font-size: 24pt;\">\u00bfQUI\u00c9N TEN\u00cdA RAZ\u00d3N, ORWELL O HUXLEY?<\/span><\/h2>\n<p style=\"text-align: center;\"><span style=\"font-size: 14pt;\"><em><strong>\u00abContrariamente a la creencia prevaleciente entre la gente culta, Huxley y Orwell no profetizaron la misma cosa. <\/strong><\/em><\/span><\/p>\n<p style=\"text-align: center;\"><span style=\"font-size: 14pt;\"><em><strong>Orwell advierte que seremos vencidos por la opresi\u00f3n impuesta exteriormente. <\/strong><\/em><\/span><\/p>\n<p style=\"text-align: center;\"><span style=\"font-size: 14pt;\"><em><strong>Pero en la visi\u00f3n de Huxley no se requiere un Gran Hermano para privar a la gente de su autonom\u00eda, de su madurez y de su historia. Seg\u00fan \u00e9l lo percibi\u00f3, la gente llegar\u00e1 a amar su opresi\u00f3n, y a adorar las tecnolog\u00edas que anulen su capacidad de pensar\u00bb.<\/strong><\/em><\/span><\/p>\n<p class=\"posttitle\" style=\"text-align: justify;\"><span style=\"font-size: 14pt;\">Por Neil Postman<\/span><\/p>\n<p style=\"text-align: justify;\"><span style=\"font-size: 14pt;\"><a href=\"https:\/\/www.filosofiadigital.com\/%c2%bfquien-tenia-razon-orwell-o-huxley-por-neil-postman\/\" target=\"_blank\" rel=\"noopener\">Filosof\u00eda Digital<\/a>, 2006<\/span><\/p>\n<p><a href=\"https:\/\/puntocritico.com\/ausajpuntocritico\/2023\/09\/09\/orwell-rolls-in-his-grave\/\"><img loading=\"lazy\" decoding=\"async\" class=\"aligncenter wp-image-6617\" src=\"https:\/\/puntocritico.com\/ausajpuntocritico\/wp-content\/uploads\/2017\/11\/UNA-DISTOP\u00cdA-FELIZ-Chris-Hedges-300x169.png\" alt=\"\" width=\"440\" height=\"247\" srcset=\"https:\/\/puntocritico.com\/ausajpuntocritico\/wp-content\/uploads\/2017\/11\/UNA-DISTOP\u00cdA-FELIZ-Chris-Hedges-300x169.png 300w, https:\/\/puntocritico.com\/ausajpuntocritico\/wp-content\/uploads\/2017\/11\/UNA-DISTOP\u00cdA-FELIZ-Chris-Hedges.png 678w\" sizes=\"auto, (max-width: 440px) 100vw, 440px\" \/><\/a><\/p>\n<p>&nbsp;<\/p>\n<p style=\"text-align: justify;\"><span style=\"font-size: 14pt;\">Seg\u00fan <strong>Huxley<\/strong> lo percibi\u00f3, la gente llegar\u00e1 a amar su opresi\u00f3n, y a adorar las tecnolog\u00edas que anulen su capacidad de pensar.<\/span><\/p>\n<p style=\"font-weight: 400; text-align: justify;\"><span style=\"font-size: 14pt;\"><strong>H<\/strong>ab\u00edamos olvidado que al lado de la pesimista visi\u00f3n de\u00a0<strong>Orwell<\/strong>\u00a0en su obra\u00a0<em>\u201c1.984\u201d<\/em>, hab\u00eda otra, un poco anterior y menos conocida, pero igualmente escalofriante:\u00a0<em>\u201cUn mundo feliz\u201d<\/em>, de\u00a0<strong>Aldous Huxley<\/strong>. Contrariamente a la creencia prevaleciente entre la gente culta,\u00a0<strong>Huxley<\/strong>\u00a0y\u00a0<strong>Orwell<\/strong>\u00a0no profetizaron la misma cosa.<\/span><\/p>\n<p style=\"font-weight: 400; text-align: justify;\"><span style=\"font-size: 14pt;\"><strong>Orwell<\/strong>\u00a0advierte que seremos vencidos por la opresi\u00f3n impuesta exteriormente. Pero en la visi\u00f3n de\u00a0<strong>Huxley<\/strong>\u00a0no se requiere un Gran Hermano para privar a la gente de su autonom\u00eda, de su madurez y de su historia. Seg\u00fan \u00e9l lo percibi\u00f3, la gente llegar\u00e1 a amar su opresi\u00f3n, y a adorar las tecnolog\u00edas que anulen su capacidad de pensar.<\/span><\/p>\n<p style=\"font-weight: 400; text-align: justify;\"><span style=\"font-size: 14pt;\"><strong>L<\/strong>o que\u00a0<strong>Orwell<\/strong>\u00a0tem\u00eda era a los que pudieran prohibir libros, mientras que\u00a0<strong>Huxley<\/strong>\u00a0tem\u00eda que no hubiera raz\u00f3n alguna para prohibirlos, debido a que nadie tuviera inter\u00e9s en leerlos.<\/span><\/p>\n<p style=\"font-weight: 400; text-align: justify;\"><span style=\"font-size: 14pt;\"><strong>Orwell<\/strong>\u00a0tem\u00eda a los que pudieran privarnos de informaci\u00f3n.\u00a0<strong>Huxley<\/strong>, en cambio, tem\u00eda a los que pudieran brindarnos tanta que pudi\u00e9ramos ser reducidos a la pasividad y el ego\u00edsmo.<\/span><\/p>\n<p style=\"font-weight: 400; text-align: justify;\"><span style=\"font-size: 14pt;\"><strong>Orwell<\/strong>\u00a0tem\u00eda que nos fuera ocultada la verdad, mientras que\u00a0<strong>Huxley<\/strong>\u00a0tem\u00eda que la verdad fuera anegada por un mar de irrelevancia.<\/span><\/p>\n<p style=\"font-weight: 400; text-align: justify;\"><span style=\"font-size: 14pt;\"><strong>Orwell<\/strong>\u00a0tem\u00eda que nos convirti\u00e9ramos en una cultura cautiva.\u00a0<strong>Huxley<\/strong>\u00a0tem\u00eda que nuestra cultura se transformara en algo trivial, preocupada \u00fanicamente por experimentar sensaciones varias.<\/span><\/p>\n<p style=\"font-weight: 400; text-align: justify;\"><span style=\"font-size: 14pt;\"><strong>C<\/strong>omo\u00a0<strong>Huxley<\/strong>\u00a0lo destac\u00f3 en su libro\u00a0<em>\u201cNueva visita a un mundo feliz\u201d<\/em>, los libertarios civiles y racionalistas, siempre alertas para combatir la tiran\u00eda,\u00a0<em>\u201cfracasaron en cuanto a tener en cuenta el inmensurable apetito por distracciones experimentado por los humanos\u201d<\/em>. En\u00a0<em>\u201c1984\u201d<\/em>, agreg\u00f3\u00a0<strong>Huxley<\/strong>, la gente es controlada infligi\u00e9ndole dolor, mientras que en\u00a0<em>\u201cUn mundo feliz\u201d<\/em>\u00a0es controlada proporcion\u00e1ndole placer.<\/span><\/p>\n<p style=\"font-weight: 400; text-align: justify;\"><span style=\"font-size: 14pt;\"><strong>R<\/strong>esumiendo,\u00a0<strong>Orwell<\/strong>\u00a0tem\u00eda que lo que odiamos terminara arruin\u00e1ndonos y, en cambio,\u00a0<strong>Huxley<\/strong>\u00a0tem\u00eda que aquello que amamos llegue a ser lo que nos arruine.<\/span><\/p>\n<p style=\"font-weight: 400; text-align: justify;\"><span style=\"font-size: 14pt;\"><strong>E<\/strong>ste libro trata de la posibilidad de que sea\u00a0<strong>Huxley<\/strong>, y no\u00a0<strong>Orwell<\/strong>, quien tenga raz\u00f3n.<\/span><\/p>\n<p>&nbsp;<\/p>\n<p><a href=\"https:\/\/puntocritico.com\/ausajpuntocritico\/2023\/09\/09\/orwell-rolls-in-his-grave\/\"><img loading=\"lazy\" decoding=\"async\" class=\"aligncenter wp-image-6618\" src=\"https:\/\/puntocritico.com\/ausajpuntocritico\/wp-content\/uploads\/2017\/11\/Orwelll-rolls-on-his-grave-212x300.jpg\" alt=\"\" width=\"240\" height=\"339\" srcset=\"https:\/\/puntocritico.com\/ausajpuntocritico\/wp-content\/uploads\/2017\/11\/Orwelll-rolls-on-his-grave-212x300.jpg 212w, https:\/\/puntocritico.com\/ausajpuntocritico\/wp-content\/uploads\/2017\/11\/Orwelll-rolls-on-his-grave.jpg 354w\" sizes=\"auto, (max-width: 240px) 100vw, 240px\" \/><\/a><\/p>\n<p style=\"font-weight: 400; text-align: center;\"><span style=\"color: #008000; font-size: 18pt;\">* * *<\/span><\/p>\n<p style=\"font-weight: 400; text-align: justify;\"><span style=\"font-size: 14pt;\"><strong>NEIL POSTMAN<\/strong>,\u00a0<em>Divertirse hasta morir. El discurso p\u00fablico en la era del \u00abshow business<\/em><em>\u201d.<\/em> Ediciones de la Tempestad. Barcelona, 1991. Filosof\u00eda Digital, 21\/08\/2006<\/span><\/p>\n<\/blockquote>\n<p style=\"text-align: justify;\">\u00a0<\/p>\n<figure id=\"attachment_2307341\" aria-describedby=\"caption-attachment-2307341\" style=\"width: 400px\" class=\"wp-caption aligncenter\"><img loading=\"lazy\" decoding=\"async\" class=\"wp-image-2307341\" src=\"https:\/\/puntocritico.com\/ausajpuntocritico\/wp-content\/uploads\/2025\/02\/Un-mundo-feliz-2-FD-300x225.jpg\" alt=\"OCCIDENTE Y EL CONFLICTO EN UCRANIA\" width=\"400\" height=\"300\" srcset=\"https:\/\/puntocritico.com\/ausajpuntocritico\/wp-content\/uploads\/2025\/02\/Un-mundo-feliz-2-FD-300x225.jpg 300w, https:\/\/puntocritico.com\/ausajpuntocritico\/wp-content\/uploads\/2025\/02\/Un-mundo-feliz-2-FD-326x245.jpg 326w, https:\/\/puntocritico.com\/ausajpuntocritico\/wp-content\/uploads\/2025\/02\/Un-mundo-feliz-2-FD-80x60.jpg 80w, https:\/\/puntocritico.com\/ausajpuntocritico\/wp-content\/uploads\/2025\/02\/Un-mundo-feliz-2-FD.jpg 450w\" sizes=\"auto, (max-width: 400px) 100vw, 400px\" \/><figcaption id=\"caption-attachment-2307341\" class=\"wp-caption-text\"><span style=\"color: #008000;\">Seg\u00fan Huxley lo percibi\u00f3, la gente llegar\u00e1 a amar su opresi\u00f3n, y a adorar las tecnolog\u00edas que anulen su capacidad de pensar.<\/span><\/figcaption><\/figure>\n<p style=\"text-align: center;\"><span style=\"font-size: 18pt;\"><strong><span style=\"color: #008000;\">*******<\/span><\/strong><\/span><\/p>\n<article class=\"hnews hentry item\">\n<h2 class=\"crayon article-titre-221821 entry-title\" style=\"text-align: center;\"><span style=\"font-size: 24pt;\">Occidente y el conflicto en Ucrania<\/span><\/h2>\n<div class=\"article-chapo crayon article-chapo-221821 entry-content\">\n<blockquote>\n<p style=\"text-align: center;\"><strong><em><span style=\"font-size: 14pt;\">La paz en Ucrania podr\u00eda no\u00a0ser la panacea. La causa del conflicto no\u00a0es\u00a0una supuesta voluntad expansionista de Rusia, aunque sea eso lo\u00a0que\u00a0afirma la propaganda atlantista, sino la\u00a0existencia de problemas muy reales. <\/span><\/em><\/strong><\/p>\n<p style=\"text-align: center;\"><strong><em><span style=\"font-size: 14pt;\">Limitarse a reconocer modificaciones de fronteras no\u00a0resuelve el\u00a0problema de fondo.<\/span><\/em><\/strong><br class=\"autobr\" \/><br \/>\n<strong><em><span style=\"font-size: 14pt;\">La guerra en Ucrania es consecuencia de la expansi\u00f3n de la\u00a0OTAN, que viol\u00f3 compromisos previos, y esa\u00a0expansi\u00f3n amenaza directamente la\u00a0seguridad de Rusia, pa\u00eds con fronteras tan extensas que se\u00a0hace muy dif\u00edcil defenderlas. <\/span><\/em><\/strong><\/p>\n<p style=\"text-align: center;\"><strong><em><span style=\"font-size: 14pt;\">Para extenderse hasta\u00a0Ucrania, la\u00a0OTAN apoy\u00f3 grupos neonazis, que impusieron su\u00a0ley en ese pa\u00eds. <\/span><\/em><\/strong><\/p>\n<p style=\"text-align: center;\"><strong><em><span style=\"font-size: 14pt;\">A ese problema b\u00e1sico se\u00a0agrega el resurgimiento de un presunto \u201cconflicto de civilizaciones\u201d entre los valores europeos y los valores de los\u00a0pueblos de\u00a0Asia.<\/span><\/em><\/strong><br class=\"autobr\" \/><br \/>\n<strong><em><span style=\"font-size: 14pt;\">No habr\u00e1 una paz verdadera mientras las potencias occidentales no\u00a0respeten los compromisos que ya han contra\u00eddo y los que pudieran contraer en el futuro.<\/span><\/em><\/strong><\/p>\n<\/blockquote>\n<p><span style=\"font-size: 14pt;\">Por <span class=\"fn\"><span lang=\"fr\">Thierry Meyssan<\/span><\/span><\/span><\/p>\n<\/div>\n<\/article>\n<div class=\"article-date\" style=\"text-align: justify;\"><span style=\"font-size: 14pt;\"><a href=\"https:\/\/www.voltairenet.org\/article221821.html\" target=\"_blank\" rel=\"noopener\"><span class=\"source-org dateline\"><span class=\"org fn\">Red Voltaire <\/span><\/span><\/a><i>|<\/i>\u00a0Par\u00eds (Francia)\u00a0<i>|<\/i>\u00a0<span class=\"updated\" title=\"2025-02-18\"><time datetime=\"2025-02-18 06:56:10\">18 de febrero de 2025<\/time><\/span><\/span><\/div>\n<div>\n<p><a href=\"https:\/\/puntocritico.com\/ausajpuntocritico\/2022\/05\/10\/consideraciones-en-torno-al-tratado-de-no-proliferacion-de-armas-nucleares\/\"><img loading=\"lazy\" decoding=\"async\" class=\"aligncenter wp-image-2247721\" src=\"https:\/\/puntocritico.com\/ausajpuntocritico\/wp-content\/uploads\/2022\/05\/Selfie-del-fin-del-mundo-PPAL-300x199.jpg\" alt=\"\" width=\"440\" height=\"292\" srcset=\"https:\/\/puntocritico.com\/ausajpuntocritico\/wp-content\/uploads\/2022\/05\/Selfie-del-fin-del-mundo-PPAL-300x199.jpg 300w, https:\/\/puntocritico.com\/ausajpuntocritico\/wp-content\/uploads\/2022\/05\/Selfie-del-fin-del-mundo-PPAL-610x405.jpg 610w, https:\/\/puntocritico.com\/ausajpuntocritico\/wp-content\/uploads\/2022\/05\/Selfie-del-fin-del-mundo-PPAL-678x452.jpg 678w, https:\/\/puntocritico.com\/ausajpuntocritico\/wp-content\/uploads\/2022\/05\/Selfie-del-fin-del-mundo-PPAL.jpg 680w\" sizes=\"auto, (max-width: 440px) 100vw, 440px\" \/><\/a><\/p>\n<\/div>\n<div>\u00a0<\/div>\n<article class=\"entry-content\">\n<div id=\"article-text\" class=\"article-text\">\n<div class=\"article-text-images crayon article-texte-221821 \">\n<p class=\"lettrine\" style=\"text-align: justify;\"><span style=\"font-size: 14pt;\">Los presidentes de <em>Estados <\/em><em>Unidos<\/em>, <strong>Donald Trump<\/strong>, y de <em>Rusia<\/em>, <strong>Vladimir <\/strong><strong>Putin<\/strong>, iniciaron oficialmente los contactos para <strong>negociar el fin de la guerra en <em>Ucrania<\/em><\/strong>. Sin importar las eventuales soluciones territoriales, lo cierto es que \u00e9stas no resolver\u00e1n todo el conjunto del contencioso y este persistir\u00e1 probablemente m\u00e1s all\u00e1 de un regreso a la paz.<\/span><\/p>\n<p style=\"text-align: justify;\"><strong><span style=\"font-size: 14pt;\">Tres problemas diferentes se superponen en el conflicto ucraniano<\/span><\/strong><span style=\"font-size: 14pt;\">:<\/span><\/p>\n<p>&nbsp;<\/p>\n<h3 class=\"spip\" style=\"text-align: center;\"><span style=\"font-size: 18pt;\">La expansi\u00f3n de la OTAN hacia el este y la doctrina Brzezinski<\/span><\/h3>\n<\/div>\n<\/div>\n<\/article>\n<div class=\"zoom\">\n<figure id=\"attachment_2244142\" aria-describedby=\"caption-attachment-2244142\" style=\"width: 400px\" class=\"wp-caption aligncenter\"><a href=\"https:\/\/puntocritico.com\/ausajpuntocritico\/2022\/04\/26\/el-problema-neonazi-en-ucrania\/\"><img loading=\"lazy\" decoding=\"async\" class=\"wp-image-2244142\" src=\"https:\/\/puntocritico.com\/ausajpuntocritico\/wp-content\/uploads\/2022\/04\/Mcain-Senador-y-candidato-a-Presidente-USA-con-lideres-Neonazis-ucranianos-PPAL-300x199.jpg\" alt=\"\" width=\"400\" height=\"266\" srcset=\"https:\/\/puntocritico.com\/ausajpuntocritico\/wp-content\/uploads\/2022\/04\/Mcain-Senador-y-candidato-a-Presidente-USA-con-lideres-Neonazis-ucranianos-PPAL-300x199.jpg 300w, https:\/\/puntocritico.com\/ausajpuntocritico\/wp-content\/uploads\/2022\/04\/Mcain-Senador-y-candidato-a-Presidente-USA-con-lideres-Neonazis-ucranianos-PPAL-610x405.jpg 610w, https:\/\/puntocritico.com\/ausajpuntocritico\/wp-content\/uploads\/2022\/04\/Mcain-Senador-y-candidato-a-Presidente-USA-con-lideres-Neonazis-ucranianos-PPAL-678x452.jpg 678w, https:\/\/puntocritico.com\/ausajpuntocritico\/wp-content\/uploads\/2022\/04\/Mcain-Senador-y-candidato-a-Presidente-USA-con-lideres-Neonazis-ucranianos-PPAL.jpg 680w\" sizes=\"auto, (max-width: 400px) 100vw, 400px\" \/><\/a><figcaption id=\"caption-attachment-2244142\" class=\"wp-caption-text\"><span style=\"color: #008000;\">El Senador y candidato a Presidente US, Mcain, con lideres Neonazis ucranianos<\/span><\/figcaption><\/figure>\n<\/div>\n<div>\u00a0<\/div>\n<article class=\"entry-content\">\n<div id=\"article-text\" class=\"article-text\">\n<div class=\"article-text-images crayon article-texte-221821 \">\n<p style=\"text-align: justify;\"><span style=\"font-size: 14pt;\">Cuando los alemanes de la <em>Rep\u00fablica Democr\u00e1tica Alemana (RDA)<\/em> echaron abajo, por voluntad propia, el <em>muro de Berl\u00edn<\/em> \u2013el 9 de noviembre de\u00a01989\u2013, aquel hecho imprevisto tom\u00f3 por\u00a0sorpresa a las potencias occidentales y estas se\u00a0apresuraron a negociar el\u00a0fin de las dos <em>Alemanias<\/em>. Durante todo el\u00a0a\u00f1o 1990 se\u00a0plante\u00f3 la interrogante de saber si con la reunificaci\u00f3n de <em>Alemania<\/em> el territorio de <em>Alemania <\/em><em>del\u00a0este<\/em> se\u00a0convertir\u00eda o\u00a0no en \u201c<em>territorio de la\u00a0OTAN<\/em>\u201d.<\/span><\/p>\n<p style=\"text-align: justify;\"><span style=\"font-size: 14pt;\">En 1949, cuando se firm\u00f3 el <strong>Tratado del Atl\u00e1ntico Norte<\/strong>, que constituy\u00f3 la\u00a0<strong>OTAN<\/strong>, la alianza atl\u00e1ntica no\u00a0proteg\u00eda ciertos territorios de algunos de los pa\u00edses firmantes. Por\u00a0ejemplo, las\u00a0<strong>posesiones francesas del Pac\u00edfico<\/strong> (<em>las islas de La\u00a0Reuni\u00f3n, Mayotte, Wallis y\u00a0Futuna, la Polinesia francesa y Nueva Caledonia<\/em>) <strong>no\u00a0son territorios protegidos por la\u00a0OTAN<\/strong>. Exist\u00eda, por consiguiente, la posibilidad de que, en la <em>Alemania reunificada<\/em>, la\u00a0OTAN no\u00a0tuviese derecho a desplegarse en el <em>este de Alemania<\/em>.<\/span><\/p>\n<p style=\"text-align: justify;\"><span style=\"font-size: 14pt;\">Esta cuesti\u00f3n es altamente importante para los <em>Estados de Europa central <\/em>y de<em> Europa oriental<\/em> que fueron agredidos por la <strong>Alemania nazi<\/strong> durante la <em>Segunda Guerra Mundial<\/em>. Para las poblaciones de aquellos Estados, ver nuevos despliegues de armamento sofisticado en sus fronteras era muy inquietante, sobre todo para <em>Rusia<\/em>, cuyos 6 600 kil\u00f3metros de fronteras son extremadamente dif\u00edciles de defender precisamente debido a su extensi\u00f3n.<\/span><\/p>\n<\/div>\n<\/div>\n<\/article>\n<p>&nbsp;<\/p>\n<figure id=\"attachment_2252079\" aria-describedby=\"caption-attachment-2252079\" style=\"width: 500px\" class=\"wp-caption aligncenter\"><a href=\"https:\/\/puntocritico.com\/ausajpuntocritico\/2022\/07\/18\/clearview-ai-ucrania-zelensky-guy-matten-2\/\"><img loading=\"lazy\" decoding=\"async\" class=\"wp-image-2252079 size-full\" src=\"https:\/\/puntocritico.com\/ausajpuntocritico\/wp-content\/uploads\/2022\/07\/56-Ucrania-Zelensky-y-la-dignidad-del-periodismo-El-ejemplo-de-Guy-Matten-una-vez-mas-22.07.04-Burisma-Hunter-Biden-i-Joseph-Biden-d.jpg\" alt=\"\" width=\"500\" height=\"201\" srcset=\"https:\/\/puntocritico.com\/ausajpuntocritico\/wp-content\/uploads\/2022\/07\/56-Ucrania-Zelensky-y-la-dignidad-del-periodismo-El-ejemplo-de-Guy-Matten-una-vez-mas-22.07.04-Burisma-Hunter-Biden-i-Joseph-Biden-d.jpg 500w, https:\/\/puntocritico.com\/ausajpuntocritico\/wp-content\/uploads\/2022\/07\/56-Ucrania-Zelensky-y-la-dignidad-del-periodismo-El-ejemplo-de-Guy-Matten-una-vez-mas-22.07.04-Burisma-Hunter-Biden-i-Joseph-Biden-d-300x121.jpg 300w\" sizes=\"auto, (max-width: 500px) 100vw, 500px\" \/><\/a><figcaption id=\"caption-attachment-2252079\" class=\"wp-caption-text\"><span style=\"color: #008000;\">Burisma, Hunter Biden (i), Joseph Biden (d)<\/span><\/figcaption><\/figure>\n<p>&nbsp;<\/p>\n<article class=\"entry-content\">\n<div id=\"article-text\" class=\"article-text\">\n<div class=\"article-text-images crayon article-texte-221821 \">\n<p style=\"text-align: justify;\"><span style=\"font-size: 14pt;\">En la <em><strong>cumbre de Malta<\/strong><\/em>, realizada el 2 y el 3 de diciembre de\u00a01989 entre el\u00a0presidente estadounidense <strong>George Bush <\/strong><em>padre<\/em> y el\u00a0presidente sovi\u00e9tico <a href=\"https:\/\/puntocritico.com\/ausajpuntocritico\/2025\/02\/15\/oliver-stone-la-historia-no-contada-de-estados-unidos-08-reagan-gorbachov-y-el-tercer-mundo-el-ascenso-de-la-derecha-2\/\"><strong>Mija\u00edl Gorbachov<\/strong><\/a>, <em>Estados <\/em><em>Unidos<\/em> recalc\u00f3 que no\u00a0hab\u00eda participado en la eliminaci\u00f3n del <em>muro de Berl\u00edn<\/em> y que no\u00a0ten\u00eda intenciones de intervenir contra la\u00a0<em>URSS<\/em>.<\/span><\/p>\n<p style=\"text-align: justify;\"><span style=\"font-size: 14pt;\">En aquella \u00e9poca, el <em>ministro de Exteriores de Alemania occidental<\/em>, <strong>Hans-Dietrich Genscher<\/strong>, declar\u00f3 que<\/span><\/p>\n<blockquote>\n<p style=\"text-align: justify;\"><span style=\"font-size: 14pt;\"><strong><span style=\"color: #008000;\">\u00ab<i>los\u00a0cambios en\u00a0Europa del Este y el proceso de unificaci\u00f3n de Alemania no\u00a0deb\u00edan conducir a una \u201cviolaci\u00f3n contra los intereses de seguridad sovi\u00e9ticos\u201d. Por\u00a0consiguiente, la\u00a0OTAN deber\u00eda excluir una \u201cexpansi\u00f3n de su territorio hacia el\u00a0este, o\u00a0sea un acercamiento hacia las fronteras sovi\u00e9ticas\u201d<\/i>\u00bb.<span class=\"spip_note_ref\">\u00a0(1)<\/span><\/span><\/strong><\/span><\/p>\n<\/blockquote>\n<p>&nbsp;<\/p>\n<p style=\"text-align: justify;\"><span style=\"font-size: 14pt;\"><strong>Las tres potencias aliadas ocupantes en\u00a0Alemania<\/strong> (<em><strong>Estados Unidos, Francia y Reino Unido<\/strong><\/em>) multiplicaron entonces las promesas en\u00a0cuanto a <strong>no\u00a0extender la\u00a0OTAN hacia el\u00a0este<\/strong>. El\u00a0<strong>Tratado de\u00a0Mosc\u00fa<\/strong> \u2013firmado el 12 de septiembre de\u00a01990\u2013 implica que la <em>Alemania reunificada<\/em> no\u00a0reclamar\u00eda territorios en\u00a0<em>Polonia<\/em> y que no\u00a0habr\u00eda bases de la\u00a0OTAN en <em>Alemania del\u00a0este<\/em><strong><span class=\"spip_note_ref\"> (2)<\/span><\/strong>.<\/span><\/p>\n<p style=\"text-align: justify;\"><span style=\"font-size: 14pt;\">Pero los rusos descubrieron que el subsecretario de Estado, <strong>Richard Holbrooke<\/strong>, ya estaba viajando por toda <em>Europa<\/em> para preparar la incorporaci\u00f3n de los antiguos miembros del disuelto <em>Pacto de Varsovia<\/em> a la OTAN.<\/span><\/p>\n<p style=\"text-align: justify;\"><span style=\"font-size: 14pt;\">El\u00a0presidente ruso,<strong> Boris Yeltsin<\/strong>, amonest\u00f3 entonces a su hom\u00f3logo estadounidense, <strong>Bill Clinton<\/strong>, en la <strong>Cumbre de Budapest<\/strong>, el\u00a05 de diciembre de\u00a01994, de la <strong>C<\/strong><em><strong>onferencia sobre la Seguridad y la Cooperaci\u00f3n en\u00a0Europa (<\/strong><\/em><strong>CSCE<\/strong><em><strong>)<\/strong><\/em>. El\u00a0dirigente ruso declar\u00f3 en aquella cumbre: <\/span><\/p>\n<blockquote>\n<p style=\"text-align: justify;\"><strong><span style=\"font-size: 14pt; color: #008000;\">\u00ab<i>Nuestra actitud frente a los planes de ampliaci\u00f3n de la\u00a0OTAN, y sobre\u00a0todo ante la posibilidad de que las infraestructuras avancen hacia el\u00a0este, sigue siendo y ser\u00e1 invariablemente negativa. <\/i><\/span><\/strong><\/p>\n<p style=\"text-align: justify;\"><strong><span style=\"font-size: 14pt; color: #008000;\"><i>Los\u00a0argumentos del tipo: la\u00a0ampliaci\u00f3n no est\u00e1 dirigida contra ning\u00fan Estado y constituye un paso hacia la creaci\u00f3n de una Europa unificada, no\u00a0resisten la cr\u00edtica. Se\u00a0trata de una decisi\u00f3n cuyas consecuencias determinar\u00e1n la configuraci\u00f3n europea para los a\u00f1os venideros. Puede conducir<\/i>\u00a0[esa decisi\u00f3n]\u00a0<i>a un deslizamiento hacia la deterioraci\u00f3n de la confianza entre Rusia y los pa\u00edses occidentales. (\u2026) La\u00a0OTAN fue creada en\u00a0tiempos de la guerra fr\u00eda. <\/i><\/span><\/strong><\/p>\n<p style=\"text-align: justify;\"><strong><span style=\"font-size: 14pt; color: #008000;\"><i>Hoy, no\u00a0sin dificultades,<\/i>\u00a0[la\u00a0OTAN]\u00a0<i>busca su lugar en la Europa nueva. Es\u00a0importante que eso no\u00a0cree dos zonas de demarcaci\u00f3n, sino que al\u00a0contrario, consolide la unidad europea. Ese\u00a0objetivo, para\u00a0nosotros, est\u00e1 en\u00a0contradicci\u00f3n con los planes de expansi\u00f3n de la\u00a0OTAN. \u00bfPor\u00a0qu\u00e9 sembrar las semillas de la desconfianza? <\/i><\/span><\/strong><\/p>\n<p style=\"text-align: justify;\"><strong><span style=\"font-size: 14pt; color: #008000;\"><i>Despu\u00e9s de todo, ya no\u00a0somos enemigos. Ahora todos somos socios. El\u00a0a\u00f1o 1995 marca el 50\u00ba aniversario de la Segunda Guerra Mundial. Medio\u00a0siglo despu\u00e9s estamos cada\u00a0vez m\u00e1s conscientes de la verdadera significaci\u00f3n de la Gran Victoria y de la necesidad de\u00a0una reconciliaci\u00f3n hist\u00f3rica en\u00a0Europa. <\/i><\/span><\/strong><\/p>\n<p style=\"text-align: justify;\"><strong><span style=\"font-size: 14pt; color: #008000;\"><i>Ya no\u00a0debe haber adversarios, vencedores ni vencidos. Por primera vez en su historia, nuestro continente tiene una posibilidad real de hallar la\u00a0unidad. Dejarla pasar, es olvidar las lecciones del pasado y poner en\u00a0peligro el futuro mismo.<\/i>\u00bb<\/span><\/strong><\/p>\n<\/blockquote>\n<p>&nbsp;<\/p>\n<p style=\"text-align: justify;\"><span style=\"font-size: 14pt;\">\u00bfCu\u00e1l fue la respuesta del presidente estadounidense <strong>Bill Clinton<\/strong>? <\/span><\/p>\n<blockquote>\n<p style=\"text-align: justify;\"><strong><span style=\"font-size: 14pt; color: #008000;\">\u00ab<i>La\u00a0OTAN no\u00a0excluir\u00e1 autom\u00e1ticamente ninguna naci\u00f3n de la adhesi\u00f3n. (\u2026) Al\u00a0mismo tiempo, ning\u00fan pa\u00eds exterior estar\u00e1 autorizado a vetar la expansi\u00f3n.<\/i>\u00bb<span class=\"spip_note_ref\">\u00a0(3)<\/span><\/span><\/strong><\/p>\n<\/blockquote>\n<\/div>\n<\/div>\n<\/article>\n<p style=\"text-align: justify;\">\u00a0<\/p>\n<figure id=\"attachment_2245091\" aria-describedby=\"caption-attachment-2245091\" style=\"width: 440px\" class=\"wp-caption aligncenter\"><a href=\"https:\/\/puntocritico.com\/ausajpuntocritico\/2022\/04\/07\/ucrania-un-pais-de-oligarcas\/\"><img loading=\"lazy\" decoding=\"async\" class=\"wp-image-2245091\" src=\"https:\/\/puntocritico.com\/ausajpuntocritico\/wp-content\/uploads\/2022\/04\/ukrajina-korupcia-clanokW-PPAL-300x199.jpg\" alt=\"\" width=\"440\" height=\"292\" srcset=\"https:\/\/puntocritico.com\/ausajpuntocritico\/wp-content\/uploads\/2022\/04\/ukrajina-korupcia-clanokW-PPAL-300x199.jpg 300w, https:\/\/puntocritico.com\/ausajpuntocritico\/wp-content\/uploads\/2022\/04\/ukrajina-korupcia-clanokW-PPAL-610x405.jpg 610w, https:\/\/puntocritico.com\/ausajpuntocritico\/wp-content\/uploads\/2022\/04\/ukrajina-korupcia-clanokW-PPAL-678x452.jpg 678w, https:\/\/puntocritico.com\/ausajpuntocritico\/wp-content\/uploads\/2022\/04\/ukrajina-korupcia-clanokW-PPAL.jpg 680w\" sizes=\"auto, (max-width: 440px) 100vw, 440px\" \/><\/a><figcaption id=\"caption-attachment-2245091\" class=\"wp-caption-text\"><a href=\"https:\/\/puntocritico.com\/ausajpuntocritico\/2022\/04\/07\/ucrania-un-pais-de-oligarcas\/\"><span style=\"color: #008000;\">Ucrania, un pa\u00eds de oligarcas: De la Corrupci\u00f3n a la Guerra. <\/span><\/a><\/figcaption><\/figure>\n<p>&nbsp;<\/p>\n<article class=\"entry-content\">\n<div id=\"article-text\" class=\"article-text\">\n<div class=\"article-text-images crayon article-texte-221821 \">\n<p style=\"text-align: justify;\"><span style=\"font-size: 14pt;\"><strong>En aquella cumbre se firmaron 3 memor\u00e1ndums, incluyendo uno con la <em>Ucrania<\/em> independiente<\/strong>. A\u00a0cambio de su <strong>desnuclearizaci\u00f3n<\/strong>, <em>Rusia<\/em>, <em>Reino Unido <\/em>y <em>Estados Unido<\/em>s se compromet\u00edan a abstenerse de recurrir a la amenaza o al uso de la fuerza contra la integridad territorial o la independencia pol\u00edtica de <em>Ucrania<\/em>.<\/span><\/p>\n<p style=\"text-align: justify;\"><span style=\"font-size: 14pt;\">Sin embargo, durante las guerras contra <em>Yugoslavia<\/em>, <em>Alemania<\/em> intervino como miembro de la\u00a0OTAN, entren\u00f3 elementos armados <em>kosovares<\/em> en la base de la\u00a0OTAN en\u00a0<em>Incirlik<\/em> (<em>Turqu\u00eda<\/em>) y posteriormente despleg\u00f3 militares <em>alemanes<\/em> en el\u00a0terreno.<\/span><\/p>\n<p style=\"text-align: justify;\"><span style=\"font-size: 14pt;\">En la <strong>cumbre de la OTAN<\/strong> realizada en\u00a0<em>Madrid<\/em> el 8 y el 9 de julio de\u00a01997, los jefes de\u00a0Estado y de gobierno de la alianza atl\u00e1ntica anunciaron la <strong>preparaci\u00f3n de las adhesiones<\/strong> de <em>Chequia<\/em>, <em>Hungr\u00eda<\/em> y\u00a0<em>Polonia<\/em>, y tambi\u00e9n se planteaban las de <em>Eslovenia<\/em> y <em>Rumania<\/em>.<\/span><\/p>\n<p style=\"text-align: justify;\"><span style=\"font-size: 14pt;\">Consciente de que no puede impedir que los Estados soberanos se incorporen a la alianza, pero a la vez inquieta ante las consecuencias para su propia seguridad, <em>Rusia<\/em> act\u00faa en el seno de la<em><strong> Conferencia sobre la Seguridad y la Cooperaci\u00f3n en Europa<\/strong><\/em> (<strong>CSCE<\/strong>). En la <strong>cumbre de Estambul<\/strong>, el 18 y el 19 de noviembre de 1999, <em>Rusia<\/em> logra que se adopte una declaraci\u00f3n que establece simult\u00e1neamente el principio de la libre adhesi\u00f3n de cualquier Estado soberano a la alianza de su elecci\u00f3n y el principio que plantea que los Estados no deben adoptar medidas de seguridad en detrimento de la seguridad de sus vecinos.<\/span><\/p>\n<p style=\"text-align: justify;\"><span style=\"font-size: 14pt;\"><strong>En 2014, <em>Estados <\/em><em>Unidos<\/em> organiza una \u201c<\/strong><em><strong>revoluci\u00f3n de color<\/strong><\/em><strong>\u201d en\u00a0<em>Ucrania<\/em><\/strong>. <strong>Derroca al\u00a0presidente ucraniano democr\u00e1ticamente electo<\/strong> \u2013que quer\u00eda mantener el\u00a0pa\u00eds a medio camino entre <em>Estados Unidos <\/em>y <em>Rusia<\/em>\u2013 e instala en\u00a0<em>Kiev<\/em> un <strong>r\u00e9gimen neonazi<\/strong> p\u00fablicamente agresivo contra <em>Rusia<\/em>.<\/span><\/p>\n<p style=\"text-align: justify;\"><span style=\"font-size: 14pt;\">En 2004, <em>Bulgaria<\/em>, <em>Eslovaquia<\/em>, <em>Eslovenia<\/em>, <em>Estonia<\/em>, <em>Letonia<\/em>, <em>Lituania<\/em> y\u00a0<em>Rumania<\/em> se\u00a0hab\u00edan incorporado a la\u00a0OTAN. En\u00a02009, lo\u00a0hab\u00edan hecho <em>Albania<\/em> y\u00a0<em>Croacia<\/em>. En\u00a02017 tambi\u00e9n se\u00a0incorporaba <em>Montenegro<\/em> y en\u00a02020 <em>Macedonia del Norte<\/em>. M\u00e1s recientemente, en\u00a02023 y\u00a02024, se incorporaron <em>Finlandia<\/em> y\u00a0<em>Suecia<\/em>.<strong> En pocas palabras, <a href=\"https:\/\/puntocritico.com\/ausajpuntocritico\/2022\/10\/19\/ucrania-paz-los-acuerdos-de-minsk\/\"><em>Occidente<\/em> viol\u00f3 todas sus promesas<\/a><\/strong>.<\/span><\/p>\n<p style=\"text-align: justify;\"><span style=\"font-size: 14pt;\">Para una mejor comprensi\u00f3n de c\u00f3mo se\u00a0lleg\u00f3 a la situaci\u00f3n actual, es necesario saber tambi\u00e9n qu\u00e9 pensaba <em>Estados Unidos<\/em>.<\/span><\/p>\n<p style=\"text-align: justify;\"><span style=\"font-size: 14pt;\">En <strong>1997<\/strong>, el <em>ex consejero de seguridad<\/em> del presidente <a href=\"https:\/\/puntocritico.com\/ausajpuntocritico\/2024\/07\/07\/howard-zinn-21-carter-reagan-bush\/\"><strong>James Carter<\/strong><\/a>, el estadounidense de origen polaco <strong>Zbigniew <\/strong><strong>Brzezinski<\/strong>, publicaba su libro\u00a0<i><strong>The Grand Chessboard<\/strong><\/i> (\u201c<em>El gran tablero<\/em>\u201d), donde diserta sobre la \u201c<em>geopol\u00edtica<\/em>\u201d pero en el sentido original del t\u00e9rmino. <\/span><\/p>\n<p style=\"text-align: justify;\"><span style=\"font-size: 14pt;\">O\u00a0sea, <strong>el\u00a0tema de su libro no\u00a0es la influencia de los factores geogr\u00e1ficos sobre la pol\u00edtica internacional. Es m\u00e1s\u00a0bien un plan de dominaci\u00f3n global<\/strong>.<\/span><\/p>\n<p style=\"text-align: justify;\"><span style=\"font-size: 14pt;\">Seg\u00fan <strong>Zbigniew Brzezinski<\/strong>, <em>Estados <\/em><em>Unidos<\/em> puede seguir siendo la primera potencia mundial ali\u00e1ndose a los europeos y aislando a <em>Rusia<\/em>. Aunque sin\u00a0llegar a darles la raz\u00f3n, este dem\u00f3crata, entonces ya jubilado, ofrece a los seguidores de las ideas de <a href=\"https:\/\/puntocritico.com\/ausajpuntocritico\/2024\/06\/27\/la-revolucion-conservadora-alemana\/\"><strong>Leo Strauss<\/strong><\/a> una estrategia para mantener \u201c<em>los\u00a0rusos<\/em>\u201d a\u00a0raya. <\/span><\/p>\n<p style=\"text-align: justify;\"><span style=\"font-size: 14pt;\"><strong>Brzezinski<\/strong> apoya la cooperaci\u00f3n con la Uni\u00f3n Europea mientras que los <em>straussianos<\/em> quieren frenar el desarrollo de la\u00a0UE, seg\u00fan la doctrina de <strong>Paul Wolfowitz<\/strong>. En\u00a0todo caso, <strong>Zbigniew Brzezinski<\/strong> llega a convertirse en consejero del presidente <strong>Barack Obama<\/strong>.<\/span><\/p>\n<p>&nbsp;<\/p>\n<h3 class=\"spip\" style=\"text-align: center;\"><span style=\"font-size: 18pt;\">Nazificaci\u00f3n de Ucrania<\/span><\/h3>\n<\/div>\n<\/div>\n<\/article>\n<figure id=\"attachment_2244357\" aria-describedby=\"caption-attachment-2244357\" style=\"width: 440px\" class=\"wp-caption aligncenter\"><a href=\"https:\/\/puntocritico.com\/ausajpuntocritico\/2022\/04\/02\/el-caso-collini\/\"><img loading=\"lazy\" decoding=\"async\" class=\"wp-image-2244357\" src=\"https:\/\/puntocritico.com\/ausajpuntocritico\/wp-content\/uploads\/2022\/04\/Collini-PPAL-300x199.jpg\" alt=\"\" width=\"440\" height=\"292\" srcset=\"https:\/\/puntocritico.com\/ausajpuntocritico\/wp-content\/uploads\/2022\/04\/Collini-PPAL-300x199.jpg 300w, https:\/\/puntocritico.com\/ausajpuntocritico\/wp-content\/uploads\/2022\/04\/Collini-PPAL-610x405.jpg 610w, https:\/\/puntocritico.com\/ausajpuntocritico\/wp-content\/uploads\/2022\/04\/Collini-PPAL-678x452.jpg 678w, https:\/\/puntocritico.com\/ausajpuntocritico\/wp-content\/uploads\/2022\/04\/Collini-PPAL.jpg 680w\" sizes=\"auto, (max-width: 440px) 100vw, 440px\" \/><\/a><figcaption id=\"caption-attachment-2244357\" class=\"wp-caption-text\"><a href=\"https:\/\/puntocritico.com\/ausajpuntocritico\/2022\/04\/02\/el-caso-collini\/\"><span style=\"color: #008000;\">EL NAZISMO NO TERMIN\u00d3 EN 1945: EL CASO COLLINI (\u00abThe Collini Case\u00bb) &#8211; Alemania, 2019) <\/span><\/a><\/figcaption><\/figure>\n<p>&nbsp;<\/p>\n<article class=\"entry-content\">\n<div id=\"article-text\" class=\"article-text\">\n<div class=\"article-text-images crayon article-texte-221821 \">\n<p style=\"text-align: justify;\"><span style=\"font-size: 14pt;\">Al inicio de <strong>la operaci\u00f3n militar especial del ej\u00e9rcito ruso en\u00a0<em>Ucrania<\/em><\/strong>, el\u00a0presidente ruso <strong>Vladimir Putin<\/strong> declara que <strong>el primer objetivo es desnazificar el\u00a0pa\u00eds<\/strong>. Las\u00a0potencias occidentales optan entonces por fingir que no\u00a0conoc\u00edan el problema y acusan a\u00a0<em>Rusia<\/em> de exagerar algunos hechos marginales, hechos que en\u00a0realidad ya se\u00a0observaban a gran escala durante toda una d\u00e9cada.<\/span><\/p>\n<p style=\"text-align: justify;\"><span style=\"font-size: 14pt;\">El hecho es que los dos geopol\u00edticos estadounidenses rivales,<strong> Paul Wolfowitz <\/strong>y <strong>Zbigniew Brzezinski<\/strong>, hab\u00edan establecido una alianza con los <em>nacionalistas integristas ucranianos<\/em> \u2013o sea, con los disc\u00edpulos del fil\u00f3sofo <strong>Dimitro Dontsov<\/strong> y los seguidores del <em><strong>nazi ucraniano<\/strong><\/em> <a href=\"https:\/\/puntocritico.com\/ausajpuntocritico\/2023\/10\/26\/nazigate-el-maximo-general-de-canada-no-se-disculpara-por-aplaudir-al-veterano-ucraniano-de-las-waffen-ss\/#EL_HOMENAJE_DE_CANADA_AL_VETERANO_NAZI_EXPONE_LA_ANTIGUA_POLITICA_DE_OTTAWA_HACIA_UCRANIA\"><strong>Stepan Bandera<\/strong><\/a> <strong>(4)<\/strong>\u2013 durante una conferencia organizada en\u00a0<em>Washington<\/em>, en el a\u00f1o <strong>2000<\/strong>. <\/span><\/p>\n<p style=\"text-align: justify;\"><span style=\"font-size: 14pt;\"><strong>El\u00a0<em>Departamento de Defensa de Estados Unidos<\/em> ya contaba con esa alianza en\u00a02001, cuando <\/strong><a href=\"https:\/\/puntocritico.com\/ausajpuntocritico\/2022\/04\/11\/ucrania-y-hunter-biden-laboratorios-biologicos-y-ordenadores-portatiles\/\"><strong>traslad\u00f3 a <em>Ucrania<\/em> sus investigaciones sobre la guerra biol\u00f3gica<\/strong><\/a>, lo\u00a0cual se\u00a0hizo bajo la supervisi\u00f3n del <a href=\"https:\/\/puntocritico.com\/ausajpuntocritico\/2024\/09\/16\/nunca-hubo-una-pandemia\/\"><strong>Dr.\u00a0Antony Fauci<\/strong><\/a>, en aquella \u00e9poca consejero de salud de <strong>Donald Rumsfeld<\/strong>, el <em>secretario de Defensa<\/em> del presidente <strong>George Bush <\/strong><em>hijo<\/em>. <\/span><\/p>\n<p style=\"text-align: justify;\"><span style=\"font-size: 14pt;\"><strong>Fue tambi\u00e9n contando con esa alianza que el\u00a0<em>Departamento de\u00a0Estado estadounidense<\/em> apost\u00f3, en\u00a02014, por la \u201c<a href=\"https:\/\/puntocritico.com\/ausajpuntocritico\/2022\/01\/29\/oliver-stone-ucrania-en-llamas-oliver-stone-ukraine-on-fire-subtitulos-en-espanol-subtitulos-en-espanol-2\/\"><em>revoluci\u00f3n de color<\/em><\/a>\u201d denominada \u201c<a href=\"https:\/\/puntocritico.com\/ausajpuntocritico\/2024\/01\/08\/del-golpe-de-estado-a-la-guerra-de-zelensky\/\"><em>EuroMaidan<\/em><\/a>\u201d<\/strong>.<\/span><\/p>\n<p>&nbsp;<\/p>\n<figure id=\"attachment_2258389\" aria-describedby=\"caption-attachment-2258389\" style=\"width: 440px\" class=\"wp-caption aligncenter\"><a href=\"https:\/\/puntocritico.com\/ausajpuntocritico\/2022\/10\/17\/cementerio-de-los-angeles-donetsk\/\"><img loading=\"lazy\" decoding=\"async\" class=\"wp-image-2258389\" src=\"https:\/\/puntocritico.com\/ausajpuntocritico\/wp-content\/uploads\/2022\/10\/6673_cementerio_de_ninos-PPAL-300x199.jpg\" alt=\"\" width=\"440\" height=\"292\" srcset=\"https:\/\/puntocritico.com\/ausajpuntocritico\/wp-content\/uploads\/2022\/10\/6673_cementerio_de_ninos-PPAL-300x199.jpg 300w, https:\/\/puntocritico.com\/ausajpuntocritico\/wp-content\/uploads\/2022\/10\/6673_cementerio_de_ninos-PPAL-610x405.jpg 610w, https:\/\/puntocritico.com\/ausajpuntocritico\/wp-content\/uploads\/2022\/10\/6673_cementerio_de_ninos-PPAL-678x452.jpg 678w, https:\/\/puntocritico.com\/ausajpuntocritico\/wp-content\/uploads\/2022\/10\/6673_cementerio_de_ninos-PPAL.jpg 680w\" sizes=\"auto, (max-width: 440px) 100vw, 440px\" \/><\/a><figcaption id=\"caption-attachment-2258389\" class=\"wp-caption-text\"><a href=\"https:\/\/puntocritico.com\/ausajpuntocritico\/2022\/10\/17\/cementerio-de-los-angeles-donetsk\/\"><span style=\"color: #008000;\">EL CEMENTERIO DE LOS \u00c1NGELES (DONBASS): Un cementerio infantil en Donetsk en memoria de los centenares de ni\u00f1os muertos, bombardeados por el Ej\u00e9rcito de Ucrania, desde el Golpe de Estado de 2014.<\/span><\/a><\/figcaption><\/figure>\n<p>&nbsp;<\/p>\n<p style=\"text-align: justify;\"><span style=\"font-size: 14pt;\">Los presidentes ucranianos, <strong>Petro Porochenko <\/strong>y <a href=\"https:\/\/puntocritico.com\/ausajpuntocritico\/2022\/04\/04\/pandora-papers-zelensky\/\"><strong>Volodimir Zelenski<\/strong><\/a>, <strong>permitieron la aparici\u00f3n en toda Ucrania de memoriales y monumentos en homenaje a los colaboradores ucranianos del III Reich<\/strong>. Tanto <strong>Porochenko<\/strong> como <a href=\"https:\/\/puntocritico.com\/ausajpuntocritico\/2022\/04\/05\/zelenskyelfoton\/\"><strong>Zelenski<\/strong><\/a>, a pesar de ser los dos de origen jud\u00edo, permitieron que la ideolog\u00eda de <strong>Dimitro Dontsov<\/strong> fuera elevada al rango de referencia hist\u00f3rica. Por ejemplo, la poblaci\u00f3n ucraniana lee ahora que la <strong>gran hambruna de 1932-1933<\/strong>, durante la cual murieron entre 2,5 millones y 5 millones de personas, fue provocada deliberadamente por los <em>rusos<\/em> para exterminar a los <em>ucranianos<\/em>, una falacia que no resiste el an\u00e1lisis hist\u00f3rico serio<span class=\"spip_note_ref\"><strong>(5)<\/strong><\/span>, sobre\u00a0todo si tenemos en\u00a0cuenta que aquella hambruna asol\u00f3 tambi\u00e9n muchas otras regiones de la <em>Uni\u00f3n Sovi\u00e9tica<\/em>. A\u00a0pesar de todo, bas\u00e1ndose en esa mentira, <em>Kiev<\/em> ha logrado hacer creer a la poblaci\u00f3n que <em>Rusia<\/em> quer\u00eda invadir <em>Ucrania<\/em>. Es tambi\u00e9n agitando esa mentira que <strong>varias decenas de\u00a0pa\u00edses, como <em>Francia<\/em><span class=\"spip_note_ref\"> (6)<\/span>\u00a0y\u00a0<em>Alemania<\/em><span class=\"spip_note_ref\"> (7)<\/span>, han adoptado leyes o resoluciones que convierten esa propaganda en una \u201c<em>verdad incuestionable<\/em>\u201d<\/strong>.<\/span><\/p>\n<p>&nbsp;<\/p>\n<\/div>\n<\/div>\n<\/article>\n<figure id=\"attachment_2242931\" aria-describedby=\"caption-attachment-2242931\" style=\"width: 400px\" class=\"wp-caption aligncenter\"><a href=\"https:\/\/puntocritico.com\/ausajpuntocritico\/2022\/04\/05\/zelenskyelfoton\/\"><img loading=\"lazy\" decoding=\"async\" class=\"wp-image-2242931\" src=\"https:\/\/puntocritico.com\/ausajpuntocritico\/wp-content\/uploads\/2022\/03\/ZELENSKY-programa-Netfix-PPAL-300x199.jpg\" alt=\"Zelensky\" width=\"400\" height=\"266\" srcset=\"https:\/\/puntocritico.com\/ausajpuntocritico\/wp-content\/uploads\/2022\/03\/ZELENSKY-programa-Netfix-PPAL-300x199.jpg 300w, https:\/\/puntocritico.com\/ausajpuntocritico\/wp-content\/uploads\/2022\/03\/ZELENSKY-programa-Netfix-PPAL-610x405.jpg 610w, https:\/\/puntocritico.com\/ausajpuntocritico\/wp-content\/uploads\/2022\/03\/ZELENSKY-programa-Netfix-PPAL-678x452.jpg 678w, https:\/\/puntocritico.com\/ausajpuntocritico\/wp-content\/uploads\/2022\/03\/ZELENSKY-programa-Netfix-PPAL.jpg 680w\" sizes=\"auto, (max-width: 400px) 100vw, 400px\" \/><\/a><figcaption id=\"caption-attachment-2242931\" class=\"wp-caption-text\"><a href=\"https:\/\/puntocritico.com\/ausajpuntocritico\/2022\/04\/05\/zelenskyelfoton\/\"><span style=\"color: #008000;\">ZELENSKY, UN FOT\u00d3N EMANCIPADO. \u00abServidor del Pueblo\u00bb, la serie de Netflix, con la que Silicon Valley gan\u00f3 las elecciones de Ucrania. <\/span><\/a><\/figcaption><\/figure>\n<p>&nbsp;<\/p>\n<article class=\"entry-content\">\n<div id=\"article-text\" class=\"article-text\">\n<div class=\"article-text-images crayon article-texte-221821 \">\n<p style=\"text-align: justify;\"><span style=\"font-size: 14pt;\"><a href=\"https:\/\/puntocritico.com\/ausajpuntocritico\/2022\/10\/13\/la-evolucion-hacia-el-totalitarismo-nazis-del-siglo-xxi\/\"><strong>La nazificaci\u00f3n es m\u00e1s extensa de lo que puede parecer<\/strong><\/a>. Con\u00a0la implicaci\u00f3n de la\u00a0OTAN en\u00a0<em>Ucrania<\/em>, <strong>el conflicto se ha convertido en una guerra por procuraci\u00f3n de <em>Occidente<\/em> contra\u00a0<em>Rusia<\/em><\/strong>. Eso ha permitido a la <em><strong>Orden Centuria<\/strong><\/em> \u2013la sociedad secreta de los nacionalistas integristas ucranianos\u2013 ganar adeptos en los ej\u00e9rcitos de ciertos pa\u00edses de la\u00a0OTAN. En el caso de <em>Francia<\/em>, la <em><strong>Orden Centuria<\/strong><\/em> ya est\u00e1 presente en el seno de la <em>Gendarmer\u00eda Nacional<\/em>, que, dicho\u00a0sea de\u00a0paso, nunca\u00a0hizo p\u00fablico su informe sobre la masacre atribuida al ej\u00e9rcito ruso en la localidad <em>ucraniana<\/em> de <a href=\"https:\/\/puntocritico.com\/ausajpuntocritico\/2022\/08\/31\/informe-de-amnistia-internacional-sobre-la-guerra-de-ucrania\/\"><em><strong>Butcha<\/strong><\/em><\/a>.<\/span><\/p>\n<p style=\"text-align: justify;\"><span style=\"font-size: 14pt;\"><em>Occidente<\/em> ve err\u00f3neamente a los <em><strong>nazis <\/strong><\/em>como criminales que masacraban sobre todo a los <em>jud\u00edos<\/em>. Eso es absolutamente falso. <strong>Las principales v\u00edctimas de los nazis fueron los pueblos eslavos<\/strong>. Durante la <em>Segunda Guerra Mundial<\/em> los <strong>nazis<\/strong> asesinaron grandes cantidades de personas, inicialmente a tiros y despu\u00e9s, a partir de 1942, en <em>campos de concentraci\u00f3n<\/em>. <strong>Los <em>civiles eslavos<\/em> v\u00edctimas de la ideolog\u00eda racista de los nazis fueron mucho m\u00e1s numerosos que las v\u00edctimas <em>jud\u00edas<\/em><\/strong> \u2013que sumaron alrededor de 6 millones si se agregan los <em>jud\u00edos<\/em> asesinados a tiros a los asesinados en los <em>campos de concentraci\u00f3n<\/em>. En todo caso, <strong>muchas v\u00edctimas eran jud\u00edos eslavos y se contabilizan en los dos balances<\/strong>. Despu\u00e9s de las masacres de 1940 y 1941, alrededor de 18 millones de personas de todas las categor\u00edas \u00e9tnicas y nacionalidades fueron internadas en los campos de concentraci\u00f3n, y al menos 11 millones fueron asesinadas all\u00ed \u2013<strong>s\u00f3lo en el<em> campo de concentraci\u00f3n de Auschwitz-Birkenau<\/em> murieron 1.100.000 personas <\/strong><strong>(8)<\/strong>.<\/span><\/p>\n<p style=\"text-align: justify;\"><span style=\"font-size: 14pt;\">Despu\u00e9s del periodo de la <em>revoluci\u00f3n bolchevique<\/em> y la guerra\u00a0civil estimulada desde el\u00a0exterior, la <em>Uni\u00f3n Sovi\u00e9tica<\/em> recuper\u00f3 la unidad en\u00a01941, cuando <strong>Josef Stalin<\/strong> se\u00a0ali\u00f3 con la <em>iglesia ortodoxa<\/em> y <strong>puso\u00a0fin a las masacres y las purgas para enfrentar la invasi\u00f3n nazi<\/strong>. <strong>La\u00a0subsiguiente victoria sobre la ideolog\u00eda racial del nazismo es el elemento que consolida la Rusia de\u00a0hoy. El\u00a0pueblo ruso se\u00a0considera el principal enemigo del racismo<\/strong>.<\/span><\/p>\n<p>&nbsp;<\/p>\n<h3 class=\"spip\" style=\"text-align: center;\"><span style=\"font-size: 18pt;\">El esfuerzo por excluir a Rusia de Europa<\/span><\/h3>\n<\/div>\n<\/div>\n<\/article>\n<figure id=\"attachment_2246462\" aria-describedby=\"caption-attachment-2246462\" style=\"width: 440px\" class=\"wp-caption aligncenter\"><a href=\"https:\/\/puntocritico.com\/ausajpuntocritico\/2022\/05\/03\/el-plan-para-acabar-con-rusia-rand\/\"><img loading=\"lazy\" decoding=\"async\" class=\"wp-image-2246462\" src=\"https:\/\/puntocritico.com\/ausajpuntocritico\/wp-content\/uploads\/2022\/04\/rand-corpo-PPAL-300x199.jpg\" alt=\"\" width=\"440\" height=\"292\" srcset=\"https:\/\/puntocritico.com\/ausajpuntocritico\/wp-content\/uploads\/2022\/04\/rand-corpo-PPAL-300x199.jpg 300w, https:\/\/puntocritico.com\/ausajpuntocritico\/wp-content\/uploads\/2022\/04\/rand-corpo-PPAL-610x405.jpg 610w, https:\/\/puntocritico.com\/ausajpuntocritico\/wp-content\/uploads\/2022\/04\/rand-corpo-PPAL-678x452.jpg 678w, https:\/\/puntocritico.com\/ausajpuntocritico\/wp-content\/uploads\/2022\/04\/rand-corpo-PPAL.jpg 680w\" sizes=\"auto, (max-width: 440px) 100vw, 440px\" \/><\/a><figcaption id=\"caption-attachment-2246462\" class=\"wp-caption-text\"><a href=\"https:\/\/puntocritico.com\/ausajpuntocritico\/2022\/05\/03\/el-plan-para-acabar-con-rusia-rand\/\"><span style=\"color: #008000;\">El plan para acabar con Rusia: El Informe de Rand Corporation <\/span><\/a><\/figcaption><\/figure>\n<p>&nbsp;<\/p>\n<article class=\"entry-content\">\n<div id=\"article-text\" class=\"article-text\">\n<div class=\"article-text-images crayon article-texte-221821 \">\n<p style=\"text-align: justify;\"><span style=\"font-size: 14pt;\"><strong>El tercer tema de discordia entre <em>Occidente<\/em> y\u00a0<em>Rusia<\/em> surgi\u00f3 no\u00a0antes sino durante la actual guerra en\u00a0<em>Ucrania<\/em>. Las\u00a0potencias occidentales adoptaron una serie de medidas contra lo\u00a0que <em>Rusia<\/em> simbolizaba<\/strong>. Ciertamente se\u00a0tomaron medidas coercitivas unilaterales \u2013injustamente denominadas \u201c<em>sanciones<\/em>\u201d\u2013 a\u00a0nivel de gobiernos. Pero <strong>tambi\u00e9n se tomaron medidas discriminatorias al\u00a0nivel de los ciudadanos<\/strong>. En <em>Estados\u00a0Unidos<\/em>, numerosos restaurantes excluyeron a los\u00a0rusos y en\u00a0<em>Europa<\/em> se anularon espect\u00e1culos rusos.<\/span><\/p>\n<p style=\"text-align: justify;\"><span style=\"font-size: 14pt;\"><strong>Simb\u00f3licamente, se ha aceptado en <em>Occidente<\/em> la idea de que <em>Rusia<\/em> no es europea sino asi\u00e1tica, aunque en\u00a0realidad es ambas cosas<\/strong>. Incluso se ha repensado la dicotom\u00eda de la <em>guerra fr\u00eda,<\/em> que opon\u00eda el \u201c<em>mundo libre<\/em>\u201d \u2013capitalista y creyente\u2013 al espectro <em>totalitario<\/em> \u2013socialista y ateo\u2013, y <strong>se ha inventado una supuesta oposici\u00f3n entre los valores occidentales \u2013esencialmente individualistas\u2013 y los\u00a0de Asia \u2013comunitarios<\/strong>.<\/span><\/p>\n<p style=\"text-align: justify;\"><span style=\"font-size: 14pt;\"><strong>Tras ese deslizamiento, resurgen las ideolog\u00edas basadas en la raza<\/strong>. Hace 3 a\u00f1os, yo indicaba en este mismo sitio web que el <strong><i>1619\u00a0Project<\/i>\u00a0del\u00a0<i>New York Times<\/i><\/strong>\u00a0y la ret\u00f3rica\u00a0<i>woke<\/i>\u00a0del presidente estadounidense <strong>Joe Biden<\/strong> en\u00a0realidad eran una reformulaci\u00f3n invertida del racismo<strong><span class=\"spip_note_ref\"> (9)<\/span><\/strong>. Hoy observo que el presidente <strong>Donald Trump<\/strong> hace el mismo an\u00e1lisis y que ha anulado sistem\u00e1ticamente todas las innovaciones <i>woke<\/i>\u00a0que hab\u00eda introducido su predecesor. <strong>Pero el\u00a0mal ya est\u00e1 hecho<\/strong>: el\u00a0mes pasado la\u00a0reacci\u00f3n de Occidente ante la aparici\u00f3n de <em><strong>DeepSeek <\/strong><\/em>consisti\u00f3 en negar que los\u00a0chinos hayan podido inventar esa herramienta de inteligencia artificial y afirmar que s\u00f3lo han podido copiarla. Algunas entidades gubernamentales occidentales incluso han prohibido a sus empleados utilizar <em><strong>DeepSeek<\/strong><\/em>, lo\u00a0cual es de\u00a0hecho una manera de hacer que la\u00a0gente crea en la existencia de un \u201c<a href=\"https:\/\/puntocritico.com\/ausajpuntocritico\/2022\/05\/16\/china-y-la-guerra-de-ucrania\/\"><em>peligro amarillo<\/em><\/a>\u201d.<\/span><\/p>\n<\/div>\n<\/div>\n<\/article>\n<div class=\"spip_document_247965 spip_document spip_documents spip_document_image spip_documents_center spip_document_center spip_document_avec_legende\" data-legende-len=\"194\" data-legende-lenx=\"xxx\">\u00a0<\/div>\n<div data-legende-len=\"194\" data-legende-lenx=\"xxx\">\n<figure id=\"attachment_2268027\" aria-describedby=\"caption-attachment-2268027\" style=\"width: 400px\" class=\"wp-caption aligncenter\"><a href=\"https:\/\/puntocritico.com\/ausajpuntocritico\/2023\/03\/07\/nord-stream-por-seymour-hersh\/\"><img loading=\"lazy\" decoding=\"async\" class=\"wp-image-2268027\" src=\"https:\/\/puntocritico.com\/ausajpuntocritico\/wp-content\/uploads\/2023\/03\/NORD-STREAM-BOMBS-PPAL-300x199.jpg\" alt=\"\" width=\"400\" height=\"266\" srcset=\"https:\/\/puntocritico.com\/ausajpuntocritico\/wp-content\/uploads\/2023\/03\/NORD-STREAM-BOMBS-PPAL-300x199.jpg 300w, https:\/\/puntocritico.com\/ausajpuntocritico\/wp-content\/uploads\/2023\/03\/NORD-STREAM-BOMBS-PPAL-610x405.jpg 610w, https:\/\/puntocritico.com\/ausajpuntocritico\/wp-content\/uploads\/2023\/03\/NORD-STREAM-BOMBS-PPAL-678x452.jpg 678w, https:\/\/puntocritico.com\/ausajpuntocritico\/wp-content\/uploads\/2023\/03\/NORD-STREAM-BOMBS-PPAL.jpg 680w\" sizes=\"auto, (max-width: 400px) 100vw, 400px\" \/><\/a><figcaption id=\"caption-attachment-2268027\" class=\"wp-caption-text\"><a href=\"https:\/\/puntocritico.com\/ausajpuntocritico\/2023\/03\/07\/nord-stream-por-seymour-hersh\/\"><span style=\"color: #008000;\">NORD STREAM: TERRORISMO \u00abATL\u00c1NTICO\u00bb CONTRA EUROPA: \u00abDel golfo de Tonk\u00edn al mar B\u00e1ltico\u00bb, por Seymour Hersh <\/span><\/a><\/figcaption><\/figure>\n<\/div>\n<article class=\"entry-content\">\n<div id=\"article-text\" class=\"article-text\">\n<div class=\"article-text-images crayon article-texte-221821 \">\n<h3 class=\"spip\" style=\"text-align: center;\"><span style=\"font-size: 18pt;\">Conclusi\u00f3n<\/span><\/h3>\n<p style=\"text-align: justify;\"><span style=\"font-size: 14pt;\">Las negociaciones sobre Ucrania parecen dirigirse a lo\u00a0que es directamente palpable para la opini\u00f3n p\u00fablica: las\u00a0fronteras. Pero las\u00a0fronteras no\u00a0son lo m\u00e1s importante. En\u00a0aras de vivir juntos tenemos que evitar amenazar la seguridad de los\u00a0dem\u00e1s y reconocerlos como nuestros iguales. Eso\u00a0es mucho m\u00e1s dif\u00edcil y no\u00a0depende s\u00f3lo de nuestros gobiernos.<\/span><\/p>\n<p style=\"text-align: justify;\"><span style=\"font-size: 14pt;\">Desde un punto de vista ruso, el origen intelectual de los 3 problemas aqu\u00ed analizados reside en el hecho que los anglosajones rechazan el derecho internacional <strong>(10)<\/strong>. Antes del fin de la Segunda Guerra Mundial, el\u00a0presidente estadounidense Franklin Roosevelt y el primer ministro brit\u00e1nico Winston Churchill acordaron en la cumbre del Atl\u00e1ntico que, despu\u00e9s de su victoria com\u00fan, impondr\u00edan su\u00a0propia ley al\u00a0resto del mundo. Bajo la presi\u00f3n de la URSS y de Francia, los anglosajones aceptaron los\u00a0estatutos de la\u00a0ONU\u2026 pero los\u00a0violaron constantemente, obligando con\u00a0ello a\u00a0Rusia a boicotear la organizaci\u00f3n cuando negaron a\u00a0China el\u00a0puesto que le correspond\u00eda en\u00a0ella. El\u00a0ejemplo m\u00e1s evidente de la duplicidad occidental es el Estado de Israel, que pisotea un centenar de resoluciones de la Asamblea General de la\u00a0ONU, del Consejo de Seguridad y de la Corte de Internacional de Justicia (CIJ).<\/span><\/p>\n<p style=\"text-align: justify;\"><span style=\"font-size: 14pt;\">Es por eso que, el 17 de diciembre de 2021, cuando todo el mundo ve\u00eda aproximarse la guerra en Ucrania, el gobierno de Rusia propuso al gobierno de Estados Unidos\u00a0<strong>(11)<\/strong>\u00a0evitar el\u00a0conflicto con la firma de un tratado bilateral que aportaba a todos garant\u00edas de paz<strong><span class=\"spip_note_ref\"> (12)<\/span><\/strong>.<\/span><\/p>\n<p style=\"text-align: justify;\"><span style=\"font-size: 14pt;\">La idea de aquel texto era, ni\u00a0mas ni\u00a0menos, que Estados Unidos renunciara al \u00ab<i>mundo basado en\u00a0reglas<\/i>\u00bb y se\u00a0alineara del\u00a0lado del Derecho Internacional. Ese\u00a0derecho, concebido por rusos y franceses justo antes del estallido de la Primera Guerra Mundial, consiste simplemente en\u00a0respetar la palabra dada ante los\u00a0ojos de la opini\u00f3n p\u00fablica.<\/span><\/p>\n<\/div>\n<\/div>\n<\/article>\n<div class=\"clear\">\u00a0<\/div>\n<div>\u00a0<\/div>\n<div>\n<figure id=\"attachment_2257118\" aria-describedby=\"caption-attachment-2257118\" style=\"width: 440px\" class=\"wp-caption aligncenter\"><a href=\"https:\/\/puntocritico.com\/ausajpuntocritico\/2022\/04\/04\/pandora-papers-zelensky\/\"><img loading=\"lazy\" decoding=\"async\" class=\"wp-image-2257118\" src=\"https:\/\/puntocritico.com\/ausajpuntocritico\/wp-content\/uploads\/2022\/09\/El-comediante-Volodymyr-Zelensky-se-burla-de-la-corrupcion-de-la-policia-ucraniana-posterior-a-Maidan-300x198.webp\" alt=\"\" width=\"440\" height=\"291\" srcset=\"https:\/\/puntocritico.com\/ausajpuntocritico\/wp-content\/uploads\/2022\/09\/El-comediante-Volodymyr-Zelensky-se-burla-de-la-corrupcion-de-la-policia-ucraniana-posterior-a-Maidan-300x198.webp 300w, https:\/\/puntocritico.com\/ausajpuntocritico\/wp-content\/uploads\/2022\/09\/El-comediante-Volodymyr-Zelensky-se-burla-de-la-corrupcion-de-la-policia-ucraniana-posterior-a-Maidan-1024x677.webp 1024w, https:\/\/puntocritico.com\/ausajpuntocritico\/wp-content\/uploads\/2022\/09\/El-comediante-Volodymyr-Zelensky-se-burla-de-la-corrupcion-de-la-policia-ucraniana-posterior-a-Maidan-768x507.webp 768w, https:\/\/puntocritico.com\/ausajpuntocritico\/wp-content\/uploads\/2022\/09\/El-comediante-Volodymyr-Zelensky-se-burla-de-la-corrupcion-de-la-policia-ucraniana-posterior-a-Maidan-610x403.webp 610w, https:\/\/puntocritico.com\/ausajpuntocritico\/wp-content\/uploads\/2022\/09\/El-comediante-Volodymyr-Zelensky-se-burla-de-la-corrupcion-de-la-policia-ucraniana-posterior-a-Maidan-1320x872.webp 1320w, https:\/\/puntocritico.com\/ausajpuntocritico\/wp-content\/uploads\/2022\/09\/El-comediante-Volodymyr-Zelensky-se-burla-de-la-corrupcion-de-la-policia-ucraniana-posterior-a-Maidan.webp 1400w\" sizes=\"auto, (max-width: 440px) 100vw, 440px\" \/><\/a><figcaption id=\"caption-attachment-2257118\" class=\"wp-caption-text\"><span style=\"color: #008000;\">El comediante Volodymyr Zelensky se burla de la corrupci\u00f3n de la polic\u00eda ucraniana posterior a Maidan<\/span><\/figcaption><\/figure>\n<\/div>\n<article class=\"entry-content\">\n<div>\u00a0<\/div>\n<div class=\"article-text\" style=\"text-align: center;\"><span style=\"color: #008000;\"><strong><span style=\"font-size: 18pt;\">***<\/span><\/strong><\/span><\/p>\n<blockquote>\n<h3 class=\"clear\"><span style=\"font-size: 18pt;\"><strong>Notas<\/strong><\/span><\/h3>\n<div class=\"notes\">\n<div id=\"nb1\">\n<p><span style=\"font-size: 14pt;\"><span class=\"spip_note_ref\">1 <\/span>\u201c<a class=\"spip_out\" href=\"https:\/\/nsarchive.gwu.edu\/briefing-book\/russia-programs\/2017-12-12\/nato-expansion-what-gorbachev-heard-western-leaders-early\" target=\"_blank\" rel=\"noopener\" data-schema-attribute=\"\">NATO Expansion: What Gorbachev Heard<\/a>\u201d,\u00a0<i>National Security Archives<\/i>, 24 de noviembre de\u00a02021.<\/span><\/p>\n<\/div>\n<div id=\"nb2\">\n<p><span style=\"font-size: 14pt;\"><span class=\"spip_note_ref\">2 <\/span>\u201c<a class=\"spip_out\" href=\"https:\/\/nsarchive.gwu.edu\/briefing-book\/russia-programs\/2018-03-16\/nato-expansion-what-yeltsin-heard\" target=\"_blank\" rel=\"noopener\" data-schema-attribute=\"\">NATO Expansion: What Yeltsin Heard<\/a>\u201d,\u00a0<i>National Security Archives<\/i>, 16 de marzo de\u00a02018.<\/span><\/p>\n<\/div>\n<div id=\"nb3\">\n<p><span style=\"font-size: 14pt;\"><span class=\"spip_note_ref\">3 <\/span>\u201c<a class=\"spip_out\" href=\"https:\/\/nsarchive.gwu.edu\/briefing-book\/nato-75-russia-programs\/2021-11-24\/nato-expansion-budapest-blow-1994\" target=\"_blank\" rel=\"noopener\" data-schema-attribute=\"\">NATO Expansion \u2013 The Budapest Blow Up 1994<\/a>\u201d,\u00a0<i>National Security Archives<\/i>, 24 de noviembre de\u00a02021.<\/span><\/p>\n<\/div>\n<div id=\"nb4\">\n<p><span style=\"font-size: 14pt;\"><span class=\"spip_note_ref\">4 <\/span>\u00ab<a href=\"https:\/\/www.voltairenet.org\/article218413.html\" target=\"_blank\" rel=\"noopener\" data-schema-attribute=\"\">\u00bfQui\u00e9nes son los nacionalistas integristas \u200eucranianos?\u200e<\/a>\u00bb, por Thierry Meyssan,\u00a0<i>Red\u00a0Voltaire<\/i>, 17 de noviembre de\u00a02022.<\/span><\/p>\n<\/div>\n<div id=\"nb5\">\n<p><span style=\"font-size: 14pt;\"><span class=\"spip_note_ref\">5 <\/span>\u00ab<a class=\"spip_out\" href=\"https:\/\/www.histoquiz-contemporain.com\/Histoquiz\/Lesdossiers\/LaFrance19391945\/holodomor\/Dossiers.htm\" target=\"_blank\" rel=\"noopener\" data-schema-attribute=\"\">L\u2019Holodomor, nouvel avatar de l\u2019anticommunisme \u00abeurop\u00e9en\u00bb<\/a>\u00bb (pasaje de\u00a0<i>Le\u00a0Choix de la d\u00e9faite<\/i>), de la importante historiadora francesa Annie Lacroix-Riz; y\u00a0<i>Famine et transformation agricole en\u00a0URSS<\/i>, Mark Tauger, Delga, 2017.<\/span><\/p>\n<\/div>\n<div id=\"nb6\">\n<p><span style=\"font-size: 14pt;\"><span class=\"spip_note_ref\">6 <\/span>\u00ab<a class=\"spip_out\" href=\"https:\/\/www.assemblee-nationale.fr\/dyn\/16\/textes\/l16t0097_texte-adopte-seance#\" target=\"_blank\" rel=\"noopener\" data-schema-attribute=\"\">Proposition de r\u00e9solution portant sur la reconnaissance et la condamnation de la grande famine de 1932\u20111933, connue sous le nom d\u2019\u00abholodomor\u00bb, comme g\u00e9nocide<\/a>\u00bb, Asamblea Nacional de Francia, texto adoptado el 28 de marzo de\u00a02023.<\/span><\/p>\n<\/div>\n<div id=\"nb7\">\n<p><span style=\"font-size: 14pt;\"><span class=\"spip_note_ref\">7 <\/span>En Alemania, los servicios de investigaci\u00f3n del parlamento alem\u00e1n hab\u00eda realizado en\u00a02008 un estudio que desment\u00eda el\u00a0mito de aquella hambruna:\u00a0<a href=\"https:\/\/www.voltairenet.org\/IMG\/pdf\/wd-1-065-08-pdf-data.pdf\" target=\"_blank\" rel=\"noopener\" data-schema-attribute=\"\">Fragen zur ukrainischen Geschichte im 20. Jahrhundert. Die Hungersnot in der Ukraine 1932\/33 (\u00abHolodomor\u00bb) sowie die Folgen der Resowjetisierung nach Ende des Zweiten Welkrieges<\/a>.<\/span><\/p>\n<\/div>\n<div id=\"nb8\">\n<p><span style=\"font-size: 14pt;\"><span class=\"spip_note_ref\">8 <\/span><i><a class=\"spip_out\" href=\"https:\/\/eng.rosstat.gov.ru\/storage\/mediabank\/aFUPCqQP\/VOV_75_ENGLISH.pdf\" target=\"_blank\" rel=\"noopener\" data-schema-attribute=\"\">The Great Patriotic War, The anniversary statistical handbook<\/a><\/i>, Rosstat, 2019.<\/span><\/p>\n<\/div>\n<div id=\"nb9\">\n<p><span style=\"font-size: 14pt;\"><span class=\"spip_note_ref\">9 <\/span>\u00ab<a href=\"https:\/\/www.voltairenet.org\/article213020.html\" target=\"_blank\" rel=\"noopener\" data-schema-attribute=\"\">Joe Biden reinventa el racismo<\/a>\u00bb, por Thierry Meyssan,\u00a0<i>Red\u00a0Voltaire<\/i>, 11 de mayo de\u00a02021.<\/span><\/p>\n<\/div>\n<div id=\"nb10\">\n<p><span style=\"font-size: 14pt;\">10 \u00ab<a href=\"https:\/\/www.voltairenet.org\/article219961.html\" target=\"_blank\" rel=\"noopener\" data-schema-attribute=\"\">\u00bfCu\u00e1l orden internacional?<\/a>\u00bb, por Thierry Meyssan,\u00a0<i>Red\u00a0Voltaire<\/i>, 7 de noviembre de\u00a02023.<\/span><\/p>\n<\/div>\n<div id=\"nb11\">\n<p><span style=\"font-size: 14pt;\"><span class=\"spip_note_ref\">11 <\/span>\u00ab<a href=\"https:\/\/www.voltairenet.org\/article215198.html\" target=\"_blank\" rel=\"noopener\" data-schema-attribute=\"\">Rusia quiere obligar Estados Unidos a respetar \u200ela Carta de la ONU\u200e<\/a>\u00bb, por Thierry Meyssan,\u00a0<i>Red\u00a0Voltaire<\/i>, 4 de enero de\u00a02022.<\/span><\/p>\n<\/div>\n<div id=\"nb12\">\n<p><span style=\"font-size: 14pt;\">12 \u00ab<a href=\"https:\/\/www.voltairenet.org\/article218731.html\" target=\"_blank\" rel=\"noopener\" data-schema-attribute=\"\">Projet de trait\u00e9 entre les \u00c9tats-Unis et la Russie sur les garanties de s\u00e9curit\u00e9<\/a>\u00bb,\u00a0<i>Red\u00a0Voltaire<\/i>, 17 de diciembre de\u00a02021; \u201c<a href=\"https:\/\/www.voltairenet.org\/article215174.html\" target=\"_blank\" rel=\"noopener\" data-schema-attribute=\"\">Draft Agreement on measures to ensure the security of Russia and NATO<\/a>\u201d,\u00a0<i>Voltaire Network<\/i>, 17 de diciembre de\u00a02021.<\/span><\/p>\n<\/div>\n<\/div>\n<\/blockquote>\n<\/div>\n<\/article>\n<p>&nbsp;<\/p>\n<figure id=\"attachment_2245299\" aria-describedby=\"caption-attachment-2245299\" style=\"width: 480px\" class=\"wp-caption aligncenter\"><a href=\"https:\/\/puntocritico.com\/ausajpuntocritico\/2022\/04\/25\/de-la-sostenibilidad-a-la-guerra-atomica\/\"><img loading=\"lazy\" decoding=\"async\" class=\"wp-image-2245299\" src=\"https:\/\/puntocritico.com\/ausajpuntocritico\/wp-content\/uploads\/2022\/04\/Joe-Biden-y-su-hijo-300x169.jpg\" alt=\"\" width=\"480\" height=\"270\" srcset=\"https:\/\/puntocritico.com\/ausajpuntocritico\/wp-content\/uploads\/2022\/04\/Joe-Biden-y-su-hijo-300x169.jpg 300w, https:\/\/puntocritico.com\/ausajpuntocritico\/wp-content\/uploads\/2022\/04\/Joe-Biden-y-su-hijo-1024x576.jpg 1024w, https:\/\/puntocritico.com\/ausajpuntocritico\/wp-content\/uploads\/2022\/04\/Joe-Biden-y-su-hijo-768x432.jpg 768w, https:\/\/puntocritico.com\/ausajpuntocritico\/wp-content\/uploads\/2022\/04\/Joe-Biden-y-su-hijo-610x343.jpg 610w, https:\/\/puntocritico.com\/ausajpuntocritico\/wp-content\/uploads\/2022\/04\/Joe-Biden-y-su-hijo-678x381.jpg 678w, https:\/\/puntocritico.com\/ausajpuntocritico\/wp-content\/uploads\/2022\/04\/Joe-Biden-y-su-hijo.jpg 1200w\" sizes=\"auto, (max-width: 480px) 100vw, 480px\" \/><\/a><figcaption id=\"caption-attachment-2245299\" class=\"wp-caption-text\"><span style=\"color: #008000;\">El expresidente de EEUU, Joe Biden, y su hijo Hunter. Fotograf\u00eda de archivo. Reuters<\/span><\/figcaption><\/figure>\n<p style=\"text-align: center;\"><span style=\"font-size: 18pt;\"><strong><span style=\"color: #008000;\">*******<\/span><\/strong><\/span><\/p>\n<article class=\"hnews hentry item\">\n<h2 class=\"crayon article-titre-221785 entry-title\" style=\"text-align: center;\"><span style=\"font-size: 24pt;\">Donald Trump y el conflicto en\u00a0Ucrania<\/span><\/h2>\n<blockquote>\n<p style=\"text-align: center;\"><span style=\"font-size: 14pt;\"><strong><span style=\"color: #008000;\">El mandato presidencial de Volodimir Zelenski expir\u00f3 en mayo de 2024.\u00a0<\/span><\/strong><\/span><\/p>\n<p style=\"text-align: center;\"><span style=\"font-size: 14pt;\"><strong><span style=\"color: #008000;\">Pero, desde el inicio del conflicto, el\u00a0mismo\u00a0Zelenski\u00a0proclam\u00f3 en\u00a0<em>Ucrania<\/em>\u00a0el\u00a0estado de excepci\u00f3n\u00a0(<em>o \u201cestado\u00a0de emergencia<\/em>\u201d), que impide la realizaci\u00f3n de nuevas elecciones, y no\u00a0ha tratado de levantar esa medida para que los\u00a0ucranianos puedan elegir un nuevo presidente. <\/span><\/strong><\/span><\/p>\n<p style=\"text-align: center;\"><span style=\"font-size: 14pt;\"><strong><span style=\"color: #008000;\">Seg\u00fan la Constituci\u00f3n en vigor, ni siquiera es Zelenski quien deber\u00eda seguir dirigiendo el pa\u00eds hasta que se haga una nueva elecci\u00f3n.\u00a0<\/span><\/strong><\/span><\/p>\n<p style=\"text-align: center;\"><span style=\"font-size: 14pt;\"><strong><span style=\"color: #008000;\">La\u00a0C<em>onstituci\u00f3n ucraniana<\/em> estipula que eso es responsabilidad del presidente del parlamento, Ruslan Stefantchuk.\u00a0<\/span><\/strong><\/span><span style=\"font-size: 14pt;\"><strong><span style=\"color: #008000;\">Consciente de que su permanencia en el poder es ileg\u00edtima, Zelenski ahora suele hacerse acompa\u00f1ar por Stefantchuk cuando viaja al extranjero. <\/span><\/strong><\/span><\/p>\n<p style=\"text-align: center;\"><span style=\"font-size: 14pt;\"><strong><span style=\"color: #008000;\">Los 11 partidos pol\u00edticos opositores ucranianos est\u00e1n prohibidos.\u00a0<\/span><\/strong><\/span><\/p>\n<p style=\"text-align: center;\"><span style=\"font-size: 14pt;\"><strong><span style=\"color: #008000;\"><em>Kiev<\/em>\u00a0alega que fueron ilegalizados por plantear que el\u00a0pa\u00eds deb\u00eda rendirse someti\u00e9ndose a las condiciones del enemigo. <\/span><\/strong><\/span><\/p>\n<p style=\"text-align: center;\"><span style=\"font-size: 14pt;\"><strong><span style=\"color: #008000;\">En\u00a0realidad, esos partidos ped\u00edan la eliminaci\u00f3n de los\u00a0monumentos que rinden homenaje a la\u00a0<em>Organizaci\u00f3n de los Nacionalistas Ucranianos (OUN-B)<\/em>, cuyos miembros fueron los colaboradores de los nazis antes y durante la Segunda Guerra Mundial. <\/span><\/strong><\/span><\/p>\n<p style=\"text-align: center;\"><span style=\"font-size: 14pt;\"><strong><span style=\"color: #008000;\">El r\u00e9gimen actual, por el contrario, ha erigido nuevos monumentos que glorifican a aquellos colaboradores ucranianos de los nazis.<\/span><\/strong><\/span><\/p>\n<div>\n<figure id=\"attachment_2244076\" aria-describedby=\"caption-attachment-2244076\" style=\"width: 300px\" class=\"wp-caption aligncenter\"><a href=\"https:\/\/puntocritico.com\/ausajpuntocritico\/tag\/ucrania\/\"><img loading=\"lazy\" decoding=\"async\" class=\"wp-image-2244076\" src=\"https:\/\/puntocritico.com\/ausajpuntocritico\/wp-content\/uploads\/2022\/04\/Sector-derecha-257x300.png\" alt=\"\" width=\"300\" height=\"350\" srcset=\"https:\/\/puntocritico.com\/ausajpuntocritico\/wp-content\/uploads\/2022\/04\/Sector-derecha-257x300.png 257w, https:\/\/puntocritico.com\/ausajpuntocritico\/wp-content\/uploads\/2022\/04\/Sector-derecha-610x712.png 610w, https:\/\/puntocritico.com\/ausajpuntocritico\/wp-content\/uploads\/2022\/04\/Sector-derecha.png 667w\" sizes=\"auto, (max-width: 300px) 100vw, 300px\" \/><\/a><figcaption id=\"caption-attachment-2244076\" class=\"wp-caption-text\"><span style=\"color: #008000;\">Zelensky otorga al comandante del Sector Derecha Dmytro Kotsyubaylo el premio \u00abH\u00e9roe de Ucrania\u00bb<\/span><\/figcaption><\/figure>\n<\/div>\n<div>\u00a0<\/div>\n<\/blockquote>\n<div class=\"article-author author\" style=\"text-align: center;\"><em><strong><span style=\"font-size: 14pt;\">Tres semanas despu\u00e9s de su regreso a la Casa Blanca, el presidente Donald Trump trata de resolver el conflicto en Ucrania. Es evidente que sus consejeros, dej\u00e1ndose llevar por sus propios prejuicios, no entienden ninguna de las preocupaciones del gobierno ruso y le presentan a Trump una imagen falseada de las razones que llevaron la parte rusa a intervenir en Ucrania. <\/span><\/strong><\/em><\/div>\n<div class=\"article-author author\" style=\"text-align: center;\"><em><strong><span style=\"font-size: 14pt;\">Viendo que no logra avanzar, Donald Trump aplica a la cuesti\u00f3n ucraniana una estrategia similar a la que trata de utilizar en Gaza: se desv\u00eda del problema fundamental y opta por proponer transacciones econ\u00f3micas. En el caso de Ucrania, Trump trata de hacerse con el control de las \u201ctierras raras\u201d de ese pa\u00eds.<\/span><\/strong><\/em><\/div>\n<\/article>\n<div style=\"text-align: justify;\"><span style=\"font-size: 14pt;\">Por <span class=\"fn\"><span lang=\"fr\">Thierry Meyssan<\/span><\/span><\/span><\/div>\n<div style=\"text-align: justify;\">\u00a0<\/div>\n<div class=\"article-date\" style=\"text-align: justify;\"><span style=\"font-size: 14pt;\"><span class=\"source-org dateline\"><span class=\"org fn\"><a href=\"https:\/\/www.voltairenet.org\/article221785.html#nh6\" target=\"_blank\" rel=\"noopener\">Red Voltaire<\/a>, <\/span><\/span><span class=\"updated\" title=\"2025-02-12\"><time datetime=\"2025-02-12 04:46:27\">12 FEBRERO 2025<\/time><\/span><\/span><\/div>\n<figure id=\"attachment_2307103\" aria-describedby=\"caption-attachment-2307103\" style=\"width: 400px\" class=\"wp-caption aligncenter\"><img loading=\"lazy\" decoding=\"async\" class=\"wp-image-2307103\" src=\"https:\/\/puntocritico.com\/ausajpuntocritico\/wp-content\/uploads\/2025\/02\/Zelensky-Macron-y-Trump-7-dic-2024-300x225.jpg\" alt=\"Donald Trump y el conflicto en\u00a0Ucrania\" width=\"400\" height=\"300\" srcset=\"https:\/\/puntocritico.com\/ausajpuntocritico\/wp-content\/uploads\/2025\/02\/Zelensky-Macron-y-Trump-7-dic-2024-300x225.jpg 300w, https:\/\/puntocritico.com\/ausajpuntocritico\/wp-content\/uploads\/2025\/02\/Zelensky-Macron-y-Trump-7-dic-2024-678x509.jpg 678w, https:\/\/puntocritico.com\/ausajpuntocritico\/wp-content\/uploads\/2025\/02\/Zelensky-Macron-y-Trump-7-dic-2024-326x245.jpg 326w, https:\/\/puntocritico.com\/ausajpuntocritico\/wp-content\/uploads\/2025\/02\/Zelensky-Macron-y-Trump-7-dic-2024-80x60.jpg 80w, https:\/\/puntocritico.com\/ausajpuntocritico\/wp-content\/uploads\/2025\/02\/Zelensky-Macron-y-Trump-7-dic-2024.jpg 712w\" sizes=\"auto, (max-width: 400px) 100vw, 400px\" \/><figcaption id=\"caption-attachment-2307103\" class=\"wp-caption-text\"><span style=\"color: #008000;\">Por iniciativa del presidente franc\u00e9s Emmanuel Macron, Donald Trump, siendo ya presidente reelecto, convers\u00f3 en la capital francesa con el presidente no electo de Ucrania, Volodimir Zelenski, al margen de la reapertura de la catedral de Nuestra Se\u00f1ora de Par\u00eds, el 7 de diciembre de 2024.<\/span><\/figcaption><\/figure>\n<p>&nbsp;<\/p>\n<p style=\"text-align: justify;\"><span style=\"font-size: 14pt;\">El presidente estadounidense <strong>Donald Trump<\/strong> hab\u00eda declarado que resolver\u00eda el\u00a0conflicto en\u00a0<em>Ucrania<\/em> muy r\u00e1pidamente. Ahora\u00a0reconoce que va a necesitar m\u00e1s tiempo y ha designado al <em>general<\/em> <strong>Keith Kellogg<\/strong> como su enviado especial en\u00a0<em>Ucrania<\/em>. Durante el primer mandato presidencial de <strong>Donald Trump<\/strong>, el\u00a0<em>general<\/em> <strong>Kellogg<\/strong> fue el sustituto del general <strong>Michael Flynn<\/strong> como consejero de seguridad nacional y posteriormente encabez\u00f3 el estado mayor del <em><strong>Consejo de Seguridad Nacional<\/strong><\/em>.<\/span><\/p>\n<p style=\"text-align: justify;\"><span style=\"font-size: 14pt;\">Durante la \u00faltima campa\u00f1a electoral, el\u00a0<em>general<\/em> <strong>Kellogg<\/strong> encarg\u00f3 a uno de sus antiguos colaboradores, <strong>Frederic H. Fleitz<\/strong>, la preparaci\u00f3n de un plan para <em>Ucrania<\/em>. Ese\u00a0plan fue publicado, el 11 de abril de 2024, por el <em><strong>America First Policy Institute<\/strong><\/em><span class=\"spip_note_ref\">\u00a0<strong>[1]<\/strong><\/span>. Aunque se\u00a0trata, en primer lugar, de un elogio al candidato <strong>Donald Trump<\/strong> y una cr\u00edtica dirigida a <strong>Joe Biden<\/strong> \u2013en aquel entonces todav\u00eda candidato a la reelecci\u00f3n\u2013, el documento tambi\u00e9n contiene numerosas ideas.<\/span><\/p>\n<p style=\"text-align: justify;\"><span style=\"font-size: 14pt;\">En primer lugar, el <em>general<\/em> <strong>Keith Kellogg<\/strong> y <strong>Frederic Fleitz<\/strong> tildan de \u00ab<i>rid\u00edculas<\/i>\u00bb las explicaciones rusas de que la operaci\u00f3n militar especial tiene como objetivo <strong>desnazificar <\/strong><em>Ucrania<\/em>. Tambi\u00e9n califican de \u00ab<i>paranoia<\/i>\u00bb el\u00a0temor de <em>Rusia<\/em> a que <em>Ucrania<\/em> se\u00a0convierta en miembro de la\u00a0OTAN. <strong>Kellogg<\/strong> y\u00a0<strong>Fleitz<\/strong> explican el fracaso de la administraci\u00f3n <strong>Biden<\/strong> acus\u00e1ndola de haber apostado in\u00fatilmente contra\u00a0<em>Rusia<\/em> al\u00a0respaldar la aspiraci\u00f3n de\u00a0<em>Kiev<\/em> a que <em>Ucrania<\/em> se convirtiese en miembro de la\u00a0OTAN, en\u00a0vez de tratar de negociar directamente con <em>Mosc\u00fa<\/em>. Y finalmente consideran que la pol\u00edtica de <strong>Biden<\/strong>, que consisti\u00f3 en no\u00a0apoyar directamente al ej\u00e9rcito ucraniano sino en movilizar a sus aliados para que lo\u00a0hiciesen en su lugar, fue un grave error cuyo resultado fue que <em>Estados Unidos<\/em> perdi\u00f3 el control de la situaci\u00f3n.<\/span><\/p>\n<p>&nbsp;<\/p>\n<figure id=\"attachment_2306581\" aria-describedby=\"caption-attachment-2306581\" style=\"width: 480px\" class=\"wp-caption aligncenter\"><img loading=\"lazy\" decoding=\"async\" class=\"wp-image-2306581\" src=\"https:\/\/puntocritico.com\/ausajpuntocritico\/wp-content\/uploads\/2025\/02\/Trump-White-House-homework-desclasificando-JFK-MLK-300x177.jpg\" alt=\"\" width=\"480\" height=\"284\" srcset=\"https:\/\/puntocritico.com\/ausajpuntocritico\/wp-content\/uploads\/2025\/02\/Trump-White-House-homework-desclasificando-JFK-MLK-300x177.jpg 300w, https:\/\/puntocritico.com\/ausajpuntocritico\/wp-content\/uploads\/2025\/02\/Trump-White-House-homework-desclasificando-JFK-MLK-1024x605.jpg 1024w, https:\/\/puntocritico.com\/ausajpuntocritico\/wp-content\/uploads\/2025\/02\/Trump-White-House-homework-desclasificando-JFK-MLK-768x454.jpg 768w, https:\/\/puntocritico.com\/ausajpuntocritico\/wp-content\/uploads\/2025\/02\/Trump-White-House-homework-desclasificando-JFK-MLK-1536x908.jpg 1536w, https:\/\/puntocritico.com\/ausajpuntocritico\/wp-content\/uploads\/2025\/02\/Trump-White-House-homework-desclasificando-JFK-MLK-2048x1211.jpg 2048w, https:\/\/puntocritico.com\/ausajpuntocritico\/wp-content\/uploads\/2025\/02\/Trump-White-House-homework-desclasificando-JFK-MLK-1320x780.jpg 1320w\" sizes=\"auto, (max-width: 480px) 100vw, 480px\" \/><figcaption id=\"caption-attachment-2306581\" class=\"wp-caption-text\"><span style=\"color: #008000;\">Of the people in this Oval Office photo from Jan. 28, 2017, only President Trump and Vice President Pence are still part of the administration. Reince Priebus, Steve Bannon, Sean Spicer and Michael Flynn have all left.<\/span><\/figcaption><\/figure>\n<p>&nbsp;<\/p>\n<p style=\"text-align: justify;\"><span style=\"font-size: 14pt;\">En cuanto a las negociaciones de paz, <strong>Kellogg<\/strong> y <strong>Fleitz<\/strong> no excluyen que la administraci\u00f3n <strong>Biden<\/strong> haya presionado al <em>primer ministro brit\u00e1nico<\/em> <strong>Boris Johnson<\/strong> para que convenciera a <strong>Zelenski<\/strong> de que hab\u00eda que torpedearlas. Observan que en abril de 2023 la administraci\u00f3n <strong>Biden<\/strong> se apart\u00f3 del <i>establishment<\/i>\u00a0de\u00a0<em>Washington<\/em>, despu\u00e9s de haber hecho lo\u00a0mismo con los dirigentes europeos \u2013el\u00a0presidente del <em><strong>Consejo de Relaciones Exteriores,<\/strong><\/em> <strong>Richard Haass<\/strong>, y <strong>Charles Kupchan<\/strong>, profesor en la universidad estadounidense de <em>Georgetown<\/em>, publicaron en la revista\u00a0<i><strong>Foreign Affairs<\/strong><\/i>\u00a0un art\u00edculo donde se\u00f1alan que los occidentales no\u00a0logran alcanzar la victoria en\u00a0Ucrania y que deber\u00edan por\u00a0ello negociar la\u00a0paz, punto de vista que comparti\u00f3 hasta el recientemente fallecido <strong>Henry Kissinger<\/strong>. <strong>Hass<\/strong> y <strong>Kupchan<\/strong> propon\u00edan concretamente que <em>Ucrania<\/em> no\u00a0renunciara a\u00a0los territorios que ha perdido sino que se comprometiera a recuperarlos por la v\u00eda diplom\u00e1tica en\u00a0vez de recurrir a la fuerza, mientras que <em>Estados Unidos<\/em> contribuir\u00eda flexibilizando sus \u201c<em>sanciones<\/em>\u201d contra\u00a0<em>Rusia<\/em>.<\/span><\/p>\n<p style=\"text-align: justify;\"><span style=\"font-size: 14pt;\">Lo sorprendente en el razonamiento del <em><strong>America First Policy Institute<\/strong><\/em>, es que ignora totalmente el\u00a0punto de vista de <em>Rusia<\/em> y proyecta sobre <em>Mosc\u00fa<\/em> la manera de pensar de los pol\u00edticos de <em>Washington<\/em>. No\u00a0concede la menor importancia a la presencia de <em><strong>nazis<\/strong> <\/em>en el r\u00e9gimen de\u00a0<em>Kiev<\/em> y a su creciente influencia en toda <em>Ucrania<\/em>\u2026 pero no\u00a0porque ignore esa parte del problema sino porque <em>Estados Unidos<\/em> no\u00a0se implicar\u00eda en una guerra por una cuesti\u00f3n de orden ideol\u00f3gico<strong><span class=\"spip_note_ref\">\u00a0[2]<\/span><\/strong>.<\/span><\/p>\n<p>&nbsp;<\/p>\n<figure id=\"attachment_2306582\" aria-describedby=\"caption-attachment-2306582\" style=\"width: 480px\" class=\"wp-caption aligncenter\"><img loading=\"lazy\" decoding=\"async\" class=\"wp-image-2306582\" src=\"https:\/\/puntocritico.com\/ausajpuntocritico\/wp-content\/uploads\/2025\/02\/Trump-Executive-orders-2025-jan-300x169.jpg\" alt=\"\" width=\"480\" height=\"270\" srcset=\"https:\/\/puntocritico.com\/ausajpuntocritico\/wp-content\/uploads\/2025\/02\/Trump-Executive-orders-2025-jan-300x169.jpg 300w, https:\/\/puntocritico.com\/ausajpuntocritico\/wp-content\/uploads\/2025\/02\/Trump-Executive-orders-2025-jan-1024x576.jpg 1024w, https:\/\/puntocritico.com\/ausajpuntocritico\/wp-content\/uploads\/2025\/02\/Trump-Executive-orders-2025-jan-768x432.jpg 768w, https:\/\/puntocritico.com\/ausajpuntocritico\/wp-content\/uploads\/2025\/02\/Trump-Executive-orders-2025-jan-678x381.jpg 678w, https:\/\/puntocritico.com\/ausajpuntocritico\/wp-content\/uploads\/2025\/02\/Trump-Executive-orders-2025-jan-1320x743.jpg 1320w, https:\/\/puntocritico.com\/ausajpuntocritico\/wp-content\/uploads\/2025\/02\/Trump-Executive-orders-2025-jan.jpg 1480w\" sizes=\"auto, (max-width: 480px) 100vw, 480px\" \/><figcaption id=\"caption-attachment-2306582\" class=\"wp-caption-text\"><span style=\"color: #008000;\">El presidente Donald Trump firma una serie de \u00f3rdenes ejecutivas en la Oficina Oval de la Casa Blanca el jueves 23 de enero de 2025. Im\u00e1genes de Anna Moneymaker\/Getty<\/span><\/figcaption><\/figure>\n<p>&nbsp;<\/p>\n<p style=\"text-align: justify;\"><span style=\"font-size: 14pt;\">El <em><strong>America First Policy Institute<\/strong><\/em> ignora tambi\u00e9n el recelo de Rusia en\u00a0cuanto al despliegue de arsenales extranjeros justo en sus fronteras \u2013lo\u00a0interpretan a lo sumo como una fobia rusa frente a la\u00a0OTAN, sin\u00a0tener en\u00a0cuenta que para la\u00a0parte rusa se\u00a0trata de defender las fronteras m\u00e1s largas del mundo. Y, al\u00a0ignorar lo\u00a0anterior, el <em><strong>America First Policy Institute<\/strong><\/em> no\u00a0entiende \u2013o finge no\u00a0entender\u2013 por\u00a0qu\u00e9 <em>Mosc\u00fa<\/em> crey\u00f3 poder evitar la\u00a0guerra presentando a <em>Washington<\/em>, el 17 de diciembre de 2021, una propuesta de tratado sobre las garant\u00edas de seguridad<strong><span class=\"spip_note_ref\">\u00a0[3]<\/span><\/strong>. Todo eso nos lleva a la conclusi\u00f3n de que en abril de 2023 la gente que trabajaba con <strong>Donald Trump<\/strong> no\u00a0entend\u00eda absolutamente nada sobre la implicaci\u00f3n <em>rusa<\/em> en\u00a0<em>Ucrania<\/em> y, por consiguiente, tampoco entend\u00edan c\u00f3mo poner\u00a0fin al conflicto.<\/span><\/p>\n<p style=\"text-align: justify;\"><span style=\"font-size: 14pt;\">El hecho que los <em>consejeros<\/em> de <strong>Donald Trump<\/strong> no\u00a0entienden la cuesti\u00f3n ucraniana se\u00a0ha visto confirmado de m\u00faltiples maneras. Por\u00a0ejemplo, el 25 de julio de\u00a02023, <strong>Frederic<\/strong> \u201c<strong><em>Fred<\/em><\/strong>\u201d <strong>Fleitz<\/strong> se\u00a0asombraba en\u00a0<strong><i>The\u00a0Federalist<\/i><\/strong><span class=\"spip_note_ref\">\u00a0<strong>[4]<\/strong><\/span>, de que la cumbre de la\u00a0OTAN realizada en\u00a0<strong><em>Vilnius<\/em> <\/strong>(<em>Lituania<\/em>) no\u00a0fijara fecha para la adhesi\u00f3n de\u00a0<em>Ucrania<\/em> a ese bloque b\u00e9lico y optara por posponer el asunto por\u00a0temor a la reacci\u00f3n de\u00a0<em>Rusia<\/em>. En aquel mismo art\u00edculo <strong>Fleitz<\/strong> interpretaba la posici\u00f3n rusa afirmando que <em>Mosc\u00fa<\/em> teme que una \u201c<em>democratizaci\u00f3n<\/em>\u201d de\u00a0<em>Ucrania<\/em> podr\u00eda ser peligrosa ya que podr\u00eda propagarse hacia <em>Rusia<\/em>.<\/span><\/p>\n<p style=\"text-align: justify;\"><span style=\"font-size: 14pt;\">Por su parte, <em>Mosc\u00fa<\/em>, que se halla en posici\u00f3n de fuerza, ha\u00a0anunciado que no\u00a0aceptar\u00e1 sentarse a conversar mientras <em>Ucrania<\/em> no\u00a0haya renunciado p\u00fablicamente a los\u00a0territorios que ha\u00a0perdido y haya declarado, tambi\u00e9n p\u00fablicamente, que no\u00a0ser\u00e1 miembro de la\u00a0OTAN \u2013lo\u00a0cual implica para <em>Kiev<\/em> que habr\u00eda que abrogar un art\u00edculo de la <strong><em>Constituci\u00f3n ucraniana<\/em> <\/strong>adoptada en\u00a02019<span class=\"spip_note_ref\">\u00a0<strong>[5]<\/strong><\/span>\u2013, adem\u00e1s de comprometerse a ser un Estado neutral.<\/span><\/p>\n<p style=\"text-align: justify;\"><span style=\"font-size: 14pt;\">El\u00a0presidente ruso, <strong>Vladimir Putin<\/strong>, ha precisado adem\u00e1s que Rusia s\u00f3lo podr\u00eda firmar un tratado de\u00a0paz cuando Ucrania tenga un dirigente que cuente con la legitimidad necesaria para firmarlo. El\u00a0mandato presidencial de <strong>Volodimir Zelenski<\/strong> expir\u00f3 en\u00a0mayo de\u00a02024. Pero, desde el inicio del conflicto, el\u00a0mismo <strong>Zelenski<\/strong> proclam\u00f3 en\u00a0<em>Ucrania<\/em> el <strong>estado de excepci\u00f3n<\/strong> (<em>o \u201cestado\u00a0de emergencia<\/em>\u201d), que impide la realizaci\u00f3n de nuevas elecciones, y no\u00a0ha tratado de levantar esa medida para que los\u00a0ucranianos puedan elegir un nuevo presidente. Seg\u00fan la Constituci\u00f3n en\u00a0vigor, ni\u00a0siquiera es <strong>Zelenski<\/strong> quien deber\u00eda seguir dirigiendo el pa\u00eds hasta que se\u00a0haga una nueva elecci\u00f3n. La <strong>C<\/strong><em><strong>onstituci\u00f3n ucraniana<\/strong><\/em> estipula que eso es responsabilidad del presidente del parlamento, <strong>Ruslan Stefantchuk<\/strong>. Consciente de que su\u00a0permanencia en el\u00a0poder es ileg\u00edtima, <strong>Zelenski<\/strong> ahora suele hacerse acompa\u00f1ar por <strong>Stefantchuk<\/strong> cuando viaja al extranjero.<\/span><\/p>\n<p style=\"text-align: justify;\"><span style=\"font-size: 14pt;\">Los 11 partidos pol\u00edticos opositores ucranianos est\u00e1n prohibidos. <em>Kiev<\/em> alega que fueron ilegalizados por plantear que el\u00a0pa\u00eds deb\u00eda rendirse someti\u00e9ndose a las condiciones del enemigo. En\u00a0realidad, esos partidos ped\u00edan la eliminaci\u00f3n de los\u00a0monumentos que rinden homenaje a la <em><strong>Organizaci\u00f3n de los Nacionalistas Ucranianos (OUN-B)<\/strong><\/em>, cuyos miembros fueron los <strong>colaboradores de los nazis antes y durante la Segunda Guerra Mundial<\/strong>. El\u00a0r\u00e9gimen actual, por el contrario, ha erigido nuevos\u00a0monumentos que glorifican a aquellos colaboradores ucranianos de los\u00a0nazis y apoya el\u00a0mito del <em><strong>Holomodor<\/strong><\/em>, seg\u00fan el\u00a0cual la hambruna que asol\u00f3 Ucrania en\u00a01932-1933 fue provocada voluntariamente por los\u00a0rusos, una tesis claramente est\u00fapida ya\u00a0que aquella hambruna tambi\u00e9n afect\u00f3 gravemente otras regiones de la\u00a0URSS<span class=\"spip_note_ref\">\u00a0<strong>[6]<\/strong><\/span>. Uno a uno, casi todos los parlamentos de las potencias occidentales han instaurado leyes que presentan el mito del \u201c<em><strong>Holomodor<\/strong><\/em>\u201d como una verdad incuestionable.<\/span><\/p>\n<p style=\"text-align: justify;\"><span style=\"font-size: 14pt;\">Desde que el presidente <strong>Donald Trump<\/strong> regres\u00f3 a la <em>Casa Blanca<\/em>, se\u00a0observa en <em>Estados Unidos<\/em> una toma de conciencia sobre varias incoherencias ucranianas: <em>Kiev\u00a0<\/em>proh\u00edbe los partidos pol\u00edticos de oposici\u00f3n, proh\u00edbe la principal iglesia cristiana del\u00a0pa\u00eds y quema millones de libros de autores rusos o simplemente publicados en\u00a0<em>Rusia<\/em>. El\u00a0<em>general<\/em> <strong>Keith<\/strong> <strong>Kellogg<\/strong> declara: <\/span><\/p>\n<blockquote>\n<p style=\"text-align: justify;\"><span style=\"color: #008000;\"><strong><span style=\"font-size: 14pt;\">\u00ab<i>En la mayor\u00eda de las democracias se\u00a0hacen elecciones incluso en\u00a0tiempo de guerra. Pienso que eso es importante. Pienso que es bueno para la democracia. La\u00a0belleza de una democracia fuerte reside en tener m\u00e1s de un candidato potencial.<\/i>\u00bb<\/span><\/strong><\/span><\/p>\n<\/blockquote>\n<p>&nbsp;<\/p>\n<p style=\"text-align: justify;\"><span style=\"font-size: 14pt;\">La CIA parece haber optado por favorecer la elecci\u00f3n de<strong> Oleksiy Arestovytch<\/strong>, un <em>ex\u00a0consejero<\/em> de <strong>Zelenski<\/strong>. Se\u00a0trata de un personaje menos\u00a0h\u00e1bil que <strong>Zelenski<\/strong>, pero mucho m\u00e1s inteligente, especialista, entre otras cosas, en la manipulaci\u00f3n de las masas.<\/span><\/p>\n<p style=\"text-align: justify;\"><span style=\"font-size: 14pt;\">El 2 de febrero, o\u00a0sea 2\u00a0d\u00edas ante del inicio de los contactos directos entre la <em>Casa Blanca <\/em>y el\u00a0<em>Kremlin<\/em>, el SVR (<em>el servicio ruso de inteligencia exterior<\/em>) emit\u00eda un comunicado<span class=\"spip_note_ref\">\u00a0<strong>[7]<\/strong><\/span>, se\u00f1alando que <em>Estados Unidos<\/em> se\u00a0plantea deshacerse de <strong>Zelenski<\/strong>. El\u00a0mismo comunicado del SVR revela que la\u00a0OTAN, empe\u00f1ada en preservar lo\u00a0que queda de <em>Ucrania<\/em> para mantener al\u00a0menos una cabeza de playa contra\u00a0<em>Rusia<\/em>, est\u00e1 preparando condiciones para impedir que <strong>Zelenski<\/strong> pueda ser reelecto. <strong>Con\u00a0ese objetivo, la\u00a0OTAN tiene prevista la difusi\u00f3n de 3 informaciones<\/strong>:<\/span><\/p>\n<p style=\"text-align: justify; padding-left: 40px;\"><span style=\"font-size: 14pt;\">\u2022 la <em>presidencia ucraniana<\/em> <strong>desvi\u00f3 1 500 millones de euros que estaban destinados a la compra de municiones<\/strong>;<\/span><br class=\"autobr\" \/><br \/>\n<span style=\"font-size: 14pt;\">\u2022 130 000 <em>soldados ucranianos muertos en\u00a0combate<\/em><strong> siguen cobrando sus sueldos<\/strong>;<\/span><br class=\"autobr\" \/><br \/>\n<span style=\"font-size: 14pt;\">\u2022 el propio <strong>Zelenski<\/strong> cedi\u00f3 (<em>no vendi\u00f3<\/em>) bienes inmobiliarios ucranianos a empresas extranjeros y se\u00a0ech\u00f3 en el bolsillo \u201c<em>compensaciones<\/em>\u201d discretamente enviadas a cuentas en el extranjero.<\/span><\/p>\n<p style=\"text-align: justify;\">\u00a0<\/p>\n<p style=\"text-align: justify;\"><span style=\"font-size: 14pt;\">En junio de 2023, el SVR ya revelaba, en otro comunicado, que <em>Washington<\/em> quer\u00eda deshacerse de <strong>Zelenski<span class=\"spip_note_ref\"><strong>\u00a0<\/strong>[8]<\/span><\/strong>. En aquel momento la administraci\u00f3n <strong>Biden<\/strong> todav\u00eda se\u00a0hallaba en la <em>Casa Blanca<\/em>.<\/span><\/p>\n<p style=\"text-align: justify;\"><span style=\"font-size: 14pt;\">Estos \u201c<em>preparativos occidentales<\/em>\u201d y el inicio de negociaciones oficiales entre la <em>Casa Blanca <\/em>y el<em>\u00a0Kremlin<\/em>, el 5 de febrero, suscitaron dos\u00a0d\u00edas despu\u00e9s, el 7 de febrero, una extra\u00f1a proposici\u00f3n del presidente <strong>Trump<\/strong>: <em>Estados<\/em> <em>Unidos<\/em> otorgar\u00eda una ayuda financiera a\u00a0cambio de la autorizaci\u00f3n de explotar las\u00a0\u201c<em>tierras raras<\/em>\u201d de\u00a0<em>Ucrania<\/em>.<\/span><\/p>\n<div class=\"spip_document_247891 spip_document spip_documents spip_document_image spip_documents_center spip_document_center spip_document_avec_legende\" data-legende-len=\"155\" data-legende-lenx=\"xxx\">\u00a0<\/div>\n<div data-legende-len=\"155\" data-legende-lenx=\"xxx\">\n<figure id=\"attachment_2307105\" aria-describedby=\"caption-attachment-2307105\" style=\"width: 360px\" class=\"wp-caption aligncenter\"><img loading=\"lazy\" decoding=\"async\" class=\"wp-image-2307105\" src=\"https:\/\/puntocritico.com\/ausajpuntocritico\/wp-content\/uploads\/2025\/02\/Zelensky-wars-300x225.jpg\" alt=\"\" width=\"360\" height=\"270\" srcset=\"https:\/\/puntocritico.com\/ausajpuntocritico\/wp-content\/uploads\/2025\/02\/Zelensky-wars-300x225.jpg 300w, https:\/\/puntocritico.com\/ausajpuntocritico\/wp-content\/uploads\/2025\/02\/Zelensky-wars-326x245.jpg 326w, https:\/\/puntocritico.com\/ausajpuntocritico\/wp-content\/uploads\/2025\/02\/Zelensky-wars-80x60.jpg 80w, https:\/\/puntocritico.com\/ausajpuntocritico\/wp-content\/uploads\/2025\/02\/Zelensky-wars.jpg 425w\" sizes=\"auto, (max-width: 360px) 100vw, 360px\" \/><figcaption id=\"caption-attachment-2307105\" class=\"wp-caption-text\"><span style=\"color: #008000;\">El 8 de febrero pasado, Zelenski declar\u00f3 a la agencia brit\u00e1nica Reuters que, a falta de poder ganar la guerra, se propone vender las riquezas de su pa\u00eds.<\/span><\/figcaption><\/figure>\n<\/div>\n<div data-legende-len=\"155\" data-legende-lenx=\"xxx\">\u00a0<\/div>\n<div data-legende-len=\"155\" data-legende-lenx=\"xxx\"><span style=\"font-size: 14pt; text-align: justify;\">De inmediato, <\/span><strong style=\"font-size: 14pt; text-align: justify;\">Zelenski<\/strong><span style=\"font-size: 14pt; text-align: justify;\"> da a la <\/span><em style=\"font-size: 14pt; text-align: justify;\"><strong>agencia Reuters<\/strong><\/em><span style=\"font-size: 14pt; text-align: justify;\"> una entrevista y se\u00a0apresura a divulgar \u00e9l\u00a0mismo algunas de sus declaraciones en su\u00a0canal de <\/span><em style=\"font-size: 14pt; text-align: justify;\">Telegram<\/em><span style=\"font-size: 14pt; text-align: justify;\">, incluso antes de que <\/span><strong style=\"font-size: 14pt; text-align: justify;\"><em>Reuters<\/em> <\/strong><span style=\"font-size: 14pt; text-align: justify;\">las publicara. En\u00a0esa entrevista, <\/span><strong style=\"font-size: 14pt; text-align: justify;\">Zelenski<\/strong><span style=\"font-size: 14pt; text-align: justify;\"> declara:<\/span><\/div>\n<div data-legende-len=\"155\" data-legende-lenx=\"xxx\">\n<div class=\"article-text-images crayon article-texte-221785 \">\n<blockquote>\n<p style=\"text-align: justify;\"><span style=\"font-size: 14pt;\"><strong><span style=\"color: #008000;\">\u00ab[Ucrania]\u00a0<i>es una tierra muy rica. Eso no\u00a0significa que la\u00a0demos a\u00a0nadie, ni\u00a0siquiera a socios estrat\u00e9gicos. Estamos hablando de asociaci\u00f3n (\u2026) Desarrollemos esto juntos, hagamos dinero, y sobre\u00a0todo, esto tiene que ver con la seguridad del mundo occidental (\u2026) <\/i><\/span><\/strong><\/span><\/p>\n<p style=\"text-align: justify;\"><span style=\"font-size: 14pt;\"><strong><span style=\"color: #008000;\"><i>Es muy interesante para nosotros, yo\u00a0s\u00e9 que es muy interesante para la\u00a0administraci\u00f3n Trump (\u2026) Estamos listos y dispuestos a tener contratos para el suministro de GNL<\/i>\u00a0[gas natural licuado]\u00a0<i>hacia Ucrania. <\/i><\/span><\/strong><\/span><\/p>\n<p style=\"text-align: justify;\"><span style=\"font-size: 14pt;\"><strong><span style=\"color: #008000;\"><i>Y por\u00a0supuesto seremos una v\u00eda<\/i>\u00a0[de suministro]\u00a0<i>hacia el conjunto de\u00a0Europa (\u2026) Los estadounidenses son quienes m\u00e1s han ayudado y por lo tanto son\u00a0ellos quienes m\u00e1s deben ganar. Deber\u00edan tener esa prioridad y van a beneficiarse con ella. Yo quisiera hablarle de\u00a0eso al presidente Trump.<\/i>\u00bb<span class=\"spip_note_ref\">\u00a0[9]<\/span><\/span><\/strong><\/span><\/p>\n<\/blockquote>\n<p>&nbsp;<\/p>\n<p style=\"text-align: justify;\"><span style=\"font-size: 14pt;\">Los minerales denominados \u201c<em><strong>tierras raras<\/strong><\/em>\u201d son muy importantes en la fabricaci\u00f3n de imanes de alto rendimiento, de motores el\u00e9ctricos y para la industria electr\u00f3nica en\u00a0general. <em>Ucrania<\/em> tiene las mayores reservas de <em>titanio<\/em> de toda Europa, fundamental para la industria aeron\u00e1utica y espacial, y tambi\u00e9n dispone de reservas de <em>uranio<\/em>, utilizado en el terreno de la energ\u00eda nuclear y el armamento.<\/span><\/p>\n<p style=\"text-align: justify;\"><span style=\"font-size: 14pt;\"><strong>Problema<\/strong>: <em>Rusia<\/em> ya tiene bajo su control un gran yacimiento de litio en la regi\u00f3n de <em><strong>Donetsk<\/strong> <\/em>(<em>en el este<\/em>), despu\u00e9s de haber tomado otro gran\u00a0yacimiento en <em>Kruta\u00a0Balka<\/em>, en la regi\u00f3n de <strong><em>Zaporijia<\/em> <\/strong>(<em>en el sur<\/em>), dos regiones cuyas poblaciones solicitaron \u2013por v\u00eda de refer\u00e9ndum\u2013 y obtuvieron su integraci\u00f3n a la <em>Federaci\u00f3n Rusa<\/em>.<\/span><\/p>\n<p style=\"text-align: justify;\"><span style=\"font-size: 14pt;\"><strong>Conclusi\u00f3n<\/strong>: lo que quieran hacer tendr\u00e1n que hacerlo r\u00e1pido porque pronto <em>Ucrania<\/em> ya no\u00a0tendr\u00e1 nada que ofrecer.<\/span><\/p>\n<p style=\"text-align: justify;\"><span style=\"font-size: 14pt;\">Dando marcha atr\u00e1s, el <em>general<\/em> <strong>Keith<\/strong> <strong>Kellogg<\/strong> dio una entrevista al\u00a0<strong><i>New York Post<\/i><\/strong>. Seg\u00fan\u00a0\u00e9l, todo es todav\u00eda negociable y lo\u00a0importante es parar la matanza<span class=\"spip_note_ref\">\u00a0<strong>[10]<\/strong><\/span>. En otras palabras, el <em>Imperio estadounidense<\/em> est\u00e1 consciente de su propio derrumbe y lanza ideas en todas direcciones, con la esperanza de disimular su agon\u00eda.<\/span><\/p>\n<\/div>\n<\/div>\n<p>&nbsp;<\/p>\n<figure id=\"attachment_2262007\" aria-describedby=\"caption-attachment-2262007\" style=\"width: 440px\" class=\"wp-caption aligncenter\"><a href=\"https:\/\/puntocritico.com\/ausajpuntocritico\/2022\/11\/28\/nazis-en-ucrania-el-ministerio-de-la-verdad\/\"><img loading=\"lazy\" decoding=\"async\" class=\"wp-image-2262007\" src=\"https:\/\/puntocritico.com\/ausajpuntocritico\/wp-content\/uploads\/2022\/11\/Nazis-en-USA-PPAL-300x199.jpg\" alt=\"\" width=\"440\" height=\"292\" srcset=\"https:\/\/puntocritico.com\/ausajpuntocritico\/wp-content\/uploads\/2022\/11\/Nazis-en-USA-PPAL-300x199.jpg 300w, https:\/\/puntocritico.com\/ausajpuntocritico\/wp-content\/uploads\/2022\/11\/Nazis-en-USA-PPAL-610x405.jpg 610w, https:\/\/puntocritico.com\/ausajpuntocritico\/wp-content\/uploads\/2022\/11\/Nazis-en-USA-PPAL-678x452.jpg 678w, https:\/\/puntocritico.com\/ausajpuntocritico\/wp-content\/uploads\/2022\/11\/Nazis-en-USA-PPAL.jpg 680w\" sizes=\"auto, (max-width: 440px) 100vw, 440px\" \/><\/a><figcaption id=\"caption-attachment-2262007\" class=\"wp-caption-text\"><a href=\"https:\/\/puntocritico.com\/ausajpuntocritico\/2022\/11\/28\/nazis-en-ucrania-el-ministerio-de-la-verdad\/\"><span style=\"color: #008000;\">LA OTAN ADIESTR\u00d3 NAZIS EN UCRANIA: El \u201cMinisterio de la Verdad\u201d de la OTAN. \u00ab\u00bfQuien sembr\u00f3 de Nazis Ucrania, los reg\u00f3, los cuid\u00f3 y est\u00e1 listo para cosechar sus frutos?\u00bb.<\/span><\/a><\/figcaption><\/figure>\n<div class=\"clear\" style=\"text-align: center;\"><span style=\"font-size: 18pt;\"><strong><span style=\"color: #008000;\">*******<\/span><\/strong><\/span><\/div>\n<h3 style=\"text-align: center;\"><span style=\"font-size: 18pt;\">Notas<\/span><\/h3>\n<blockquote>\n<article class=\"entry-content\">\n<div id=\"article-text\" class=\"article-text\">\n<div class=\"notes\">\n<div id=\"nb1\">\n<p style=\"text-align: justify;\"><span style=\"font-size: 14pt;\"><span class=\"spip_note_ref\">[1]\u00a0<\/span><i><a class=\"spip_out\" href=\"https:\/\/americafirstpolicy.com\/assets\/uploads\/files\/America_First%2C_Russia%2C___Ukraine_.pdf\" target=\"_blank\" rel=\"noopener\" data-schema-attribute=\"\">America First, Russia and Ukraine<\/a><\/i>, Keith Kellogg y Frederic H. Fleitz, America First Policy Institute, 11 de abril de\u00a02024.<\/span><\/p>\n<\/div>\n<div id=\"nb2\" style=\"text-align: justify;\">\n<p><span style=\"font-size: 14pt;\"><span class=\"spip_note_ref\">[2]\u00a0<\/span>\u00ab<a href=\"https:\/\/www.voltairenet.org\/article218413.html\" target=\"_blank\" rel=\"noopener\" data-schema-attribute=\"\">\u00bfQui\u00e9nes son los nacionalistas integristas \u200eucranianos?\u200e<\/a>\u00bb, por Thierry Meyssan,\u00a0<i>Red\u00a0Voltaire<\/i>, 17 de noviembre de\u00a02022.<\/span><\/p>\n<\/div>\n<div id=\"nb3\" style=\"text-align: justify;\">\n<p><span style=\"font-size: 14pt;\"><span class=\"spip_note_ref\">[3]\u00a0<\/span>\u00ab<a href=\"https:\/\/www.voltairenet.org\/article215198.html\" target=\"_blank\" rel=\"noopener\" data-schema-attribute=\"\">Rusia quiere obligar Estados Unidos a respetar \u200ela Carta de la ONU\u200e<\/a>\u00bb, por Thierry Meyssan,\u00a0<i>Red\u00a0Voltaire<\/i>, 4 de enero de\u00a02022.<\/span><\/p>\n<\/div>\n<div id=\"nb4\" style=\"text-align: justify;\">\n<p><span style=\"font-size: 14pt;\"><span class=\"spip_note_ref\">[4]\u00a0<\/span>\u201c<a class=\"spip_out\" href=\"https:\/\/thefederalist.com\/2023\/07\/25\/how-promising-nato-membership-to-ukraine-could-lead-to-world-war-iii\/\" target=\"_blank\" rel=\"noopener\" data-schema-attribute=\"\">How Promising NATO Membership To Ukraine Could Lead To World\u00a0War III<\/a>\u201d, Frederic H. Fleitz,\u00a0<i>The\u00a0Federalist<\/i>, 25 de julio de\u00a02023.<\/span><\/p>\n<\/div>\n<div id=\"nb5\" style=\"text-align: justify;\">\n<p><span style=\"font-size: 14pt;\"><span class=\"spip_note_ref\">[5]\u00a0<\/span>En el art\u00edculo 85, ac\u00e1pite 5, de la Constituci\u00f3n ucraniana de\u00a02019 se\u00a0estipula que el parlamento ucraniano \u00ab<i>determina la pol\u00edtica interna y externa y aplica la orientaci\u00f3n estrat\u00e9gica del Estado con\u00a0vista a la plena adhesi\u00f3n de Ucrania a la Uni\u00f3n Europea y a la Organizaci\u00f3n del Tratado del Atl\u00e1ntico Norte<\/i>\u00bb.<\/span><\/p>\n<\/div>\n<div id=\"nb6\" style=\"text-align: justify;\">\n<p><span style=\"font-size: 14pt;\"><span class=\"spip_note_ref\">[6]\u00a0<\/span>Ver \u00ab<a class=\"spip_out\" href=\"https:\/\/www.histoquiz-contemporain.com\/Histoquiz\/Lesdossiers\/LaFrance19391945\/holodomor\/Dossiers.htm\" target=\"_blank\" rel=\"noopener\" data-schema-attribute=\"\">L\u2019Holodomor, nouvel avatar de l\u2019anticommunisme \u00abeurop\u00e9en\u00bb<\/a>\u00bb (pasaje del libro\u00a0<i>Le\u00a0Choix de la\u00a0d\u00e9faite<\/i>), de la importante historiadora francesa Annie Lacroix-Riz, publicado en\u00a02010;\u00a0<i>Famine et transformation agricole en URSS<\/i>\u00a0[en\u00a0espa\u00f1ol, \u201cHambruna y tranformaci\u00f3n agr\u00edcola en la URSS\u201d], Mark Tauger, Delga, 2017.<\/span><\/p>\n<\/div>\n<div id=\"nb7\" style=\"text-align: justify;\">\n<p><span style=\"font-size: 14pt;\"><span class=\"spip_note_ref\">[7]\u00a0<\/span>\u00ab<a class=\"spip_out\" href=\"http:\/\/svr.gov.ru\/smi\/2025\/02\/natovtsy-gotovyat-kampaniyu-po-diskreditatsii-v-zelenskogo.htm\" target=\"_blank\" rel=\"noopener\" data-schema-attribute=\"\">\u041d\u0430\u0442\u043e\u0432\u0446\u044b \u0433\u043e\u0442\u043e\u0432\u044f\u0442 \u043a\u0430\u043c\u043f\u0430\u043d\u0438\u044e \u043f\u043e \u0434\u0438\u0441\u043a\u0440\u0435\u0434\u0438\u0442\u0430\u0446\u0438\u0438 \u0412. \u0417\u0435\u043b\u0435\u043d\u0441\u043a\u043e\u0433\u043e<\/a>\u00bb, \u041f\u0440\u0435\u0441\u0441-\u0431\u044e\u0440\u043e \u0421\u0412\u0420 \u0420\u043e\u0441\u0441\u0438\u0438, 3 de enero de\u00a02025.<\/span><\/p>\n<\/div>\n<div id=\"nb8\" style=\"text-align: justify;\">\n<p><span style=\"font-size: 14pt;\"><span class=\"spip_note_ref\">[8]\u00a0<\/span>\u00ab<a class=\"spip_out\" href=\"http:\/\/svr.gov.ru\/smi\/2024\/06\/zapad-gotovitsya-spisat-zelenskogo.htm\" target=\"_blank\" rel=\"noopener\" data-schema-attribute=\"\">\u0417\u0430\u043f\u0430\u0434 \u0433\u043e\u0442\u043e\u0432\u0438\u0442\u0441\u044f \u00ab\u0441\u043f\u0438\u0441\u0430\u0442\u044c\u00bb \u0417\u0435\u043b\u0435\u043d\u0441\u043a\u043e\u0433\u043e<\/a>\u00bb, \u041f\u0440\u0435\u0441\u0441-\u0431\u044e\u0440\u043e \u0421\u0412\u0420 \u0420\u043e\u0441\u0441\u0438\u0438, 20 de junio de\u00a02024.<\/span><\/p>\n<\/div>\n<div id=\"nb9\" style=\"text-align: justify;\">\n<p><span style=\"font-size: 14pt;\"><span class=\"spip_note_ref\">[9]\u00a0<\/span>\u201c<a class=\"spip_out\" href=\"https:\/\/www.reuters.com\/world\/europe\/quotes-president-volodymyr-zelenskiys-interview-with-reuters-2025-02-07\/\" target=\"_blank\" rel=\"noopener\" data-schema-attribute=\"\">Quotes from President Volodymyr Zelenskiy\u2019s interview with Reuters<\/a>\u201d, Reuters, 7 de febrero de\u00a02025.<\/span><\/p>\n<\/div>\n<div id=\"nb10\">\n<p style=\"text-align: justify;\"><span style=\"font-size: 14pt;\"><span class=\"spip_note_ref\">[10]\u00a0<\/span>\u201cTrump ready to double down on Russian sanctions, US envoy to Ukraine Keith Kellogg says\u201d, Caitlin Doornbos,\u00a0<i>New\u00a0York Post<\/i>, 7 de febrero de\u00a02025.<\/span><\/p>\n<\/div>\n<\/div>\n<\/div>\n<\/article>\n<\/blockquote>\n<div>\u00a0<\/div>\n<div>\u00a0<\/div>\n<div>\n<figure id=\"attachment_2263317\" aria-describedby=\"caption-attachment-2263317\" style=\"width: 480px\" class=\"wp-caption aligncenter\"><a href=\"https:\/\/puntocritico.com\/ausajpuntocritico\/2022\/07\/18\/clearview-ai-ucrania-zelensky-guy-matten-2\/\"><img loading=\"lazy\" decoding=\"async\" class=\"wp-image-2263317\" src=\"https:\/\/puntocritico.com\/ausajpuntocritico\/wp-content\/uploads\/2022\/12\/Untitled-design-3-300x169.png\" alt=\"\" width=\"480\" height=\"270\" srcset=\"https:\/\/puntocritico.com\/ausajpuntocritico\/wp-content\/uploads\/2022\/12\/Untitled-design-3-300x169.png 300w, https:\/\/puntocritico.com\/ausajpuntocritico\/wp-content\/uploads\/2022\/12\/Untitled-design-3-1024x576.png 1024w, https:\/\/puntocritico.com\/ausajpuntocritico\/wp-content\/uploads\/2022\/12\/Untitled-design-3-768x432.png 768w, https:\/\/puntocritico.com\/ausajpuntocritico\/wp-content\/uploads\/2022\/12\/Untitled-design-3-610x343.png 610w, https:\/\/puntocritico.com\/ausajpuntocritico\/wp-content\/uploads\/2022\/12\/Untitled-design-3-678x381.png 678w, https:\/\/puntocritico.com\/ausajpuntocritico\/wp-content\/uploads\/2022\/12\/Untitled-design-3-1320x742.png 1320w, https:\/\/puntocritico.com\/ausajpuntocritico\/wp-content\/uploads\/2022\/12\/Untitled-design-3.png 1366w\" sizes=\"auto, (max-width: 480px) 100vw, 480px\" \/><\/a><figcaption id=\"caption-attachment-2263317\" class=\"wp-caption-text\"><span style=\"color: #008000;\">Let\u2019s Stop Pretending America Is a Functioning Democracy. A functioning democracy could easily dispatch Donald Trump and his doppelg\u00e4ngers. A failed democracy and bankrupt liberalism assures their ascendancy.<\/span><\/figcaption><\/figure>\n<\/div>\n<div data-legende-len=\"155\" data-legende-lenx=\"xxx\">\u00a0<\/div>\n<div style=\"text-align: center;\" data-legende-len=\"155\" data-legende-lenx=\"xxx\"><strong><span style=\"color: #008000; font-size: 18pt;\">*******<\/span><\/strong><\/div>\n<h2 style=\"text-align: justify;\" data-legende-len=\"155\" data-legende-lenx=\"xxx\"><span style=\"font-size: 14pt;\">RELACIONADOS (DOCUMENTALES):<\/span><\/h2>\n<div data-legende-len=\"155\" data-legende-lenx=\"xxx\">\u00a0<\/div>\n<div data-legende-len=\"155\" data-legende-lenx=\"xxx\">\n<figure id=\"attachment_1371\" aria-describedby=\"caption-attachment-1371\" style=\"width: 440px\" class=\"wp-caption aligncenter\"><a href=\"https:\/\/puntocritico.com\/ausajpuntocritico\/2022\/01\/29\/oliver-stone-ucrania-en-llamas-oliver-stone-ukraine-on-fire-subtitulos-en-espanol-subtitulos-en-espanol-2\/\"><img loading=\"lazy\" decoding=\"async\" class=\"wp-image-1371\" src=\"https:\/\/puntocritico.com\/ausajpuntocritico\/wp-content\/uploads\/2017\/03\/Oliver_Stone_1-300x199.jpg\" alt=\"\" width=\"440\" height=\"292\" srcset=\"https:\/\/puntocritico.com\/ausajpuntocritico\/wp-content\/uploads\/2017\/03\/Oliver_Stone_1-300x199.jpg 300w, https:\/\/puntocritico.com\/ausajpuntocritico\/wp-content\/uploads\/2017\/03\/Oliver_Stone_1-678x452.jpg 678w, https:\/\/puntocritico.com\/ausajpuntocritico\/wp-content\/uploads\/2017\/03\/Oliver_Stone_1.jpg 680w\" sizes=\"auto, (max-width: 440px) 100vw, 440px\" \/><\/a><figcaption id=\"caption-attachment-1371\" class=\"wp-caption-text\"><a href=\"https:\/\/puntocritico.com\/ausajpuntocritico\/2022\/01\/29\/oliver-stone-ucrania-en-llamas-oliver-stone-ukraine-on-fire-subtitulos-en-espanol-subtitulos-en-espanol-2\/\"><span style=\"color: #008000;\">UCRANIA EN LLAMAS: Oliver Stone: Ukraine on Fire (Subt\u00edtulos en espa\u00f1ol) <\/span><\/a><\/figcaption><\/figure>\n<\/div>\n<div data-legende-len=\"155\" data-legende-lenx=\"xxx\">\u00a0<\/div>\n<div data-legende-len=\"155\" data-legende-lenx=\"xxx\">\u00a0<\/div>\n<div data-legende-len=\"155\" data-legende-lenx=\"xxx\">\n<figure id=\"attachment_2243633\" aria-describedby=\"caption-attachment-2243633\" style=\"width: 440px\" class=\"wp-caption aligncenter\"><a href=\"https:\/\/puntocritico.com\/ausajpuntocritico\/2022\/03\/19\/donbass-2018-documental-de-sergei-loznitsa-ucrania\/\"><img loading=\"lazy\" decoding=\"async\" class=\"wp-image-2243633\" src=\"https:\/\/puntocritico.com\/ausajpuntocritico\/wp-content\/uploads\/2022\/03\/DONBASS-2018-Documental-de-Sergei-Loznitsa-PPAL-300x199.jpg\" alt=\"\" width=\"440\" height=\"292\" srcset=\"https:\/\/puntocritico.com\/ausajpuntocritico\/wp-content\/uploads\/2022\/03\/DONBASS-2018-Documental-de-Sergei-Loznitsa-PPAL-300x199.jpg 300w, https:\/\/puntocritico.com\/ausajpuntocritico\/wp-content\/uploads\/2022\/03\/DONBASS-2018-Documental-de-Sergei-Loznitsa-PPAL-610x405.jpg 610w, https:\/\/puntocritico.com\/ausajpuntocritico\/wp-content\/uploads\/2022\/03\/DONBASS-2018-Documental-de-Sergei-Loznitsa-PPAL-678x452.jpg 678w, https:\/\/puntocritico.com\/ausajpuntocritico\/wp-content\/uploads\/2022\/03\/DONBASS-2018-Documental-de-Sergei-Loznitsa-PPAL.jpg 680w\" sizes=\"auto, (max-width: 440px) 100vw, 440px\" \/><\/a><figcaption id=\"caption-attachment-2243633\" class=\"wp-caption-text\"><a href=\"https:\/\/puntocritico.com\/ausajpuntocritico\/2022\/03\/19\/donbass-2018-documental-de-sergei-loznitsa-ucrania\/\"><span style=\"color: #008000;\">DONBASS (2018), Documental de Sergei Loznitsa (Ucrania). LA POBLACI\u00d3N ABANDONADA. Extorsionados por las mafias del Independentismo Pro Ruso, mientras son bombardeados por su Gobierno.<\/span><\/a><\/figcaption><\/figure>\n<\/div>\n<div data-legende-len=\"155\" data-legende-lenx=\"xxx\">\u00a0<\/div>\n<div data-legende-len=\"155\" data-legende-lenx=\"xxx\">\u00a0<\/div>\n<p><figure id=\"attachment_2243283\" aria-describedby=\"caption-attachment-2243283\" style=\"width: 440px\" class=\"wp-caption aligncenter\"><a href=\"https:\/\/puntocritico.com\/ausajpuntocritico\/2022\/03\/16\/donbass-el-genocidio-cancelado\/\"><img loading=\"lazy\" decoding=\"async\" class=\"wp-image-2243283\" src=\"https:\/\/puntocritico.com\/ausajpuntocritico\/wp-content\/uploads\/2022\/03\/DONBASS-conflict-The-Observer-PPAL-300x199.jpg\" alt=\"\" width=\"440\" height=\"292\" srcset=\"https:\/\/puntocritico.com\/ausajpuntocritico\/wp-content\/uploads\/2022\/03\/DONBASS-conflict-The-Observer-PPAL-300x199.jpg 300w, https:\/\/puntocritico.com\/ausajpuntocritico\/wp-content\/uploads\/2022\/03\/DONBASS-conflict-The-Observer-PPAL-610x405.jpg 610w, https:\/\/puntocritico.com\/ausajpuntocritico\/wp-content\/uploads\/2022\/03\/DONBASS-conflict-The-Observer-PPAL-678x452.jpg 678w, https:\/\/puntocritico.com\/ausajpuntocritico\/wp-content\/uploads\/2022\/03\/DONBASS-conflict-The-Observer-PPAL.jpg 680w\" sizes=\"auto, (max-width: 440px) 100vw, 440px\" \/><\/a><figcaption id=\"caption-attachment-2243283\" class=\"wp-caption-text\"><span style=\"color: #008000;\">DONBASS, LA GUERRA OLVIDADA. La CRIMINAL INVASI\u00d3N RUSA de Ucrania, no absuelve a Occidente por su colaboraci\u00f3n con grupos paramilitares fascistas ucranianos, como el Neonazi \u00abBatall\u00f3n Azov\u00bb.<\/span><\/figcaption><\/figure> <figure id=\"attachment_2246813\" aria-describedby=\"caption-attachment-2246813\" style=\"width: 440px\" class=\"wp-caption aligncenter\"><a href=\"https:\/\/puntocritico.com\/ausajpuntocritico\/2022\/04\/30\/revealing-ukraine-oliver-stone-2019\/\"><img loading=\"lazy\" decoding=\"async\" class=\"wp-image-2246813\" src=\"https:\/\/puntocritico.com\/ausajpuntocritico\/wp-content\/uploads\/2022\/04\/Revealing-Ukraine-PPAL-300x199.jpg\" alt=\"\" width=\"440\" height=\"292\" srcset=\"https:\/\/puntocritico.com\/ausajpuntocritico\/wp-content\/uploads\/2022\/04\/Revealing-Ukraine-PPAL-300x199.jpg 300w, https:\/\/puntocritico.com\/ausajpuntocritico\/wp-content\/uploads\/2022\/04\/Revealing-Ukraine-PPAL-610x405.jpg 610w, https:\/\/puntocritico.com\/ausajpuntocritico\/wp-content\/uploads\/2022\/04\/Revealing-Ukraine-PPAL-678x452.jpg 678w, https:\/\/puntocritico.com\/ausajpuntocritico\/wp-content\/uploads\/2022\/04\/Revealing-Ukraine-PPAL.jpg 680w\" sizes=\"auto, (max-width: 440px) 100vw, 440px\" \/><\/a><figcaption id=\"caption-attachment-2246813\" class=\"wp-caption-text\"><a href=\"https:\/\/puntocritico.com\/ausajpuntocritico\/2022\/04\/30\/revealing-ukraine-oliver-stone-2019\/\"><span style=\"color: #008000;\">\u00abRevealing Ukraine\u00bb (Oliver Stone, 2019). \u00abUCRANIA Y LA VOZ DE LA INTELIGENCIA: El ejemplo de Jacques Baud\u00bb, por Jorge Cachinero.<\/span><\/a><\/figcaption><\/figure><\/p>\n<p>&nbsp;<\/p>\n<p>&nbsp;<\/p>\n<p><a href=\"https:\/\/puntocritico.com\/ausajpuntocritico\/author\/punto-critico\/\" target=\"_blank\" rel=\"noopener\"><img loading=\"lazy\" decoding=\"async\" class=\"aligncenter wp-image-9528\" src=\"https:\/\/puntocritico.com\/ausajpuntocritico\/wp-content\/uploads\/2018\/03\/Mosca_Punto_Cr\u00edtico_40.png\" alt=\"\" width=\"80\" height=\"80\" \/><\/a><\/p>\n<p>&nbsp;<\/p>\n","protected":false},"excerpt":{"rendered":"<div class=\"mh-excerpt\"><p>OCCIDENTE Y EL CONFLICTO EN UCRANIA &nbsp; \u00bfQUI\u00c9N TEN\u00cdA RAZ\u00d3N, ORWELL O HUXLEY? \u00abContrariamente a la creencia prevaleciente entre la gente culta, Huxley y Orwell no profetizaron la misma cosa. Orwell advierte que seremos vencidos <a class=\"mh-excerpt-more\" href=\"https:\/\/puntocritico.com\/ausajpuntocritico\/2025\/02\/24\/occidente-y-el-conflicto-en-ucrania\/\" title=\"OCCIDENTE Y EL CONFLICTO EN UCRANIA. \u00abDonald Trump y el conflicto en\u00a0Ucrania\u00bb, por\u00a0Thierry Meyssan\">[&#8230;]<\/a><\/p>\n<\/div>","protected":false},"author":3,"featured_media":2307353,"comment_status":"open","ping_status":"open","sticky":false,"template":"","format":"standard","meta":{"_acf_changed":false,"_exactmetrics_skip_tracking":false,"_exactmetrics_sitenote_active":false,"_exactmetrics_sitenote_note":"","_exactmetrics_sitenote_category":0,"footnotes":""},"categories":[7,12,14],"tags":[67,59,39],"class_list":{"0":"post-2307101","1":"post","2":"type-post","3":"status-publish","4":"format-standard","5":"has-post-thumbnail","7":"category-politica","8":"category-corrupcion","9":"category-corrupcion_informativa","10":"tag-huxley","11":"tag-orwell","12":"tag-ucrania"},"acf":[],"_links":{"self":[{"href":"https:\/\/puntocritico.com\/ausajpuntocritico\/wp-json\/wp\/v2\/posts\/2307101","targetHints":{"allow":["GET"]}}],"collection":[{"href":"https:\/\/puntocritico.com\/ausajpuntocritico\/wp-json\/wp\/v2\/posts"}],"about":[{"href":"https:\/\/puntocritico.com\/ausajpuntocritico\/wp-json\/wp\/v2\/types\/post"}],"author":[{"embeddable":true,"href":"https:\/\/puntocritico.com\/ausajpuntocritico\/wp-json\/wp\/v2\/users\/3"}],"replies":[{"embeddable":true,"href":"https:\/\/puntocritico.com\/ausajpuntocritico\/wp-json\/wp\/v2\/comments?post=2307101"}],"version-history":[{"count":0,"href":"https:\/\/puntocritico.com\/ausajpuntocritico\/wp-json\/wp\/v2\/posts\/2307101\/revisions"}],"wp:featuredmedia":[{"embeddable":true,"href":"https:\/\/puntocritico.com\/ausajpuntocritico\/wp-json\/wp\/v2\/media\/2307353"}],"wp:attachment":[{"href":"https:\/\/puntocritico.com\/ausajpuntocritico\/wp-json\/wp\/v2\/media?parent=2307101"}],"wp:term":[{"taxonomy":"category","embeddable":true,"href":"https:\/\/puntocritico.com\/ausajpuntocritico\/wp-json\/wp\/v2\/categories?post=2307101"},{"taxonomy":"post_tag","embeddable":true,"href":"https:\/\/puntocritico.com\/ausajpuntocritico\/wp-json\/wp\/v2\/tags?post=2307101"}],"curies":[{"name":"wp","href":"https:\/\/api.w.org\/{rel}","templated":true}]}}