{"id":2306996,"date":"2025-03-03T00:05:16","date_gmt":"2025-03-02T23:05:16","guid":{"rendered":"https:\/\/puntocritico.com\/ausajpuntocritico\/?p=2306996"},"modified":"2025-03-03T13:32:25","modified_gmt":"2025-03-03T12:32:25","slug":"wittgenstein-y-la-filosofia-de-la-matematica","status":"publish","type":"post","link":"https:\/\/puntocritico.com\/ausajpuntocritico\/2025\/03\/03\/wittgenstein-y-la-filosofia-de-la-matematica\/","title":{"rendered":"WITTGENSTEIN Y LA FILOSOF\u00cdA DE LA MATEM\u00c1TICA, por Silvio Pinto"},"content":{"rendered":"<p style=\"text-align: justify;\"><span style=\"color: #008000; font-size: 14pt;\">WITTGENSTEIN Y LA FILOSOF\u00cdA DE LA MATEM\u00c1TICA<\/span><\/p>\n\n<p>&nbsp;<\/p>\n<blockquote>\n<h2 class=\"tno-subjetivo-single__article__header__title\" style=\"text-align: center;\"><span style=\"font-size: 24pt;\">\u00bfQu\u00e9 es lo que empez\u00f3?<\/span><\/h2>\n<p class=\"tno-subjetivo-single__article__header__excerpt\" style=\"text-align: center;\"><strong><em><span style=\"font-size: 14pt;\">\u00abEn la actualidad la estructura t\u00e9cnica del poder es casi un poder absoluto que ejerce funciones de \u2018naturaleza\u2019 y exige unos relatos que el arte ya no puede dar\u00bb<\/span><\/em><\/strong><\/p>\n<p style=\"text-align: justify;\"><span style=\"font-size: 14pt;\">Por <a href=\"https:\/\/theobjective.com\/elsubjetivo\/la-peseta-cultural\/2025-02-26\/que-empezo-articulo-felix-azua\/\" target=\"_blank\" rel=\"noopener\">F\u00e9lix de Az\u00faa<\/a>, 26 FEBRERO 2025<\/span><\/p>\n<figure id=\"attachment_2307595\" aria-describedby=\"caption-attachment-2307595\" style=\"width: 480px\" class=\"wp-caption aligncenter\"><img loading=\"lazy\" decoding=\"async\" class=\"wp-image-2307595\" src=\"https:\/\/puntocritico.com\/ausajpuntocritico\/wp-content\/uploads\/2025\/03\/Georg_Wilhelm_Friedrich_Hegel-Julius_Ludwig_Sebbers-300x169.jpg\" alt=\"\" width=\"480\" height=\"270\" srcset=\"https:\/\/puntocritico.com\/ausajpuntocritico\/wp-content\/uploads\/2025\/03\/Georg_Wilhelm_Friedrich_Hegel-Julius_Ludwig_Sebbers-300x169.jpg 300w, https:\/\/puntocritico.com\/ausajpuntocritico\/wp-content\/uploads\/2025\/03\/Georg_Wilhelm_Friedrich_Hegel-Julius_Ludwig_Sebbers-1024x576.jpg 1024w, https:\/\/puntocritico.com\/ausajpuntocritico\/wp-content\/uploads\/2025\/03\/Georg_Wilhelm_Friedrich_Hegel-Julius_Ludwig_Sebbers-768x432.jpg 768w, https:\/\/puntocritico.com\/ausajpuntocritico\/wp-content\/uploads\/2025\/03\/Georg_Wilhelm_Friedrich_Hegel-Julius_Ludwig_Sebbers-678x381.jpg 678w, https:\/\/puntocritico.com\/ausajpuntocritico\/wp-content\/uploads\/2025\/03\/Georg_Wilhelm_Friedrich_Hegel-Julius_Ludwig_Sebbers.jpg 1200w\" sizes=\"auto, (max-width: 480px) 100vw, 480px\" \/><figcaption id=\"caption-attachment-2307595\" class=\"wp-caption-text\"><span style=\"color: #008000;\">Georg Wilhelm Friedrich Hegel retratado por Julius Ludwig Sebbers.<\/span><\/figcaption><\/figure>\n<p>&nbsp;<\/p>\n<p style=\"text-align: justify;\"><span style=\"font-size: 14pt;\">Hacia 1820, es decir, hace doscientos a\u00f1os, comenz\u00f3 un cambio profundo en la conciencia europea (<em>quiz\u00e1s mundial<\/em>) que todav\u00eda hoy est\u00e1 sin explicar. Los primeros en advertirlo, como las liebres advierten los temblores de tierra, fueron artistas y\u00a0fil\u00f3sofos.\u00a0<strong>Por el lado del pensamiento quien inaugura (<em>y expone<\/em>) la teor\u00eda de ese terremoto que se avecinaba fue G. F. Hegel\u00a0<\/strong>en un conjunto de ensayos descomunal, tanto en tama\u00f1o como en profundidad.<\/span><\/p>\n<p style=\"text-align: justify;\"><span style=\"font-size: 14pt;\">Pero junto a su discurso, comenzaron tambi\u00e9n las desazones art\u00edsticas, el derrumbe de las artes seg\u00fan hab\u00edan existido hasta entonces.\u00a0<strong>Miles de a\u00f1os se vieron suprimidos cuando comenzaron a aparecer pinturas, m\u00fasicas y poemas enigm\u00e1ticos para la poblaci\u00f3n y los cr\u00edticos<\/strong>. Al principio fue un enorme esc\u00e1ndalo, como la exposici\u00f3n de la\u00a0<em>Olympia\u00a0<\/em>de <strong>Manet<\/strong> en 1863 que puso en pie de guerra a la entera poblaci\u00f3n de\u00a0<em>Par\u00eds<\/em>, pero no mucho m\u00e1s tarde aparecieron los paisajes y ba\u00f1istas de <strong>C\u00e9zanne<\/strong> que nunca salieron de su estudio, y luego el cubismo de <strong>Gris<\/strong>, <strong>Braque<\/strong> y <strong>Picasso<\/strong> seguido poco despu\u00e9s por la ya caudalosa cascada de <strong>Kandinsky<\/strong> hasta desembocar en <strong>Beuys<\/strong>.<\/span><\/p>\n<p style=\"text-align: justify;\"><span style=\"font-size: 14pt;\">Todo esto es muy conocido, s\u00ed, pero no ha sido reflexionado suficientemente, a pesar de la enorme bibliograf\u00eda acumulada.\u00a0<strong>Hegel avanz\u00f3 que las artes iban hacia su fin y se hab\u00edan convertido \u00aben una forma de pasado\u00bb<\/strong>. Hasta entonces, hasta la\u00a0Revoluci\u00f3n Industrial digamos, hab\u00edan florecido como aparatos de significar y cada obra de arte, fuera pintura, m\u00fasica o poes\u00eda, abr\u00eda una ventana sobre el cosmos a cuyo panorama deb\u00edamos acomodarnos. A veces el mundo tomaba los tonos dorados de <strong>Rembrandt<\/strong> y a veces las tormentas din\u00e1micas de Beethoven, otras las perfectas armon\u00edas polif\u00f3nicas o las atormentadas espirales de <strong>Tintoretto<\/strong>. Debilitada la religi\u00f3n, y la ciencia a\u00fan no convertida en el \u00fanico discurso sobre la verdad del mundo, el arte segu\u00eda siendo entonces una s\u00f3lida explicaci\u00f3n del cosmos.<\/span><\/p>\n<p style=\"text-align: justify;\"><span style=\"font-size: 14pt;\">Y de repente todo se vino abajo. Ya en 1820 anunciaba <strong>Hegel<\/strong> a sus alumnos de la universidad de Berl\u00edn que llegaba el fin del arte y que este iba a desaparecer, pero s\u00f3lo lo supieron sus alumnos, claro. Era demasiado inteligente <strong>Hegel<\/strong> como para divulgarlo, o creer que le iban a prestar atenci\u00f3n fuera de las aulas. Pero su exposici\u00f3n era impecable:\u00a0<strong>el arte hab\u00eda sido la ilustraci\u00f3n humana de la Naturaleza, hasta que dej\u00f3 de existir la vieja Naturaleza (<em>la\u00a0physis\u00a0griega<\/em>), sustituida por el mundo t\u00e9cnico que se estaba adue\u00f1ando del universo<\/strong>. Las artes eran ya conscientes de sus l\u00edmites.<\/span><\/p>\n<p style=\"text-align: justify;\"><span style=\"font-size: 14pt;\"><strong>En la actualidad pocos negar\u00edan que la estructura t\u00e9cnica del poder es casi un poder absoluto que ejerce funciones de \u00abnaturaleza\u00bb y exige unas explicaciones (<em>unos relatos<\/em>) que el arte ya no puede proporcionar<\/strong>. Naturalmente sigue habiendo pintores y m\u00fasicos, como sigue habiendo artistas que exponen en algunos museos sus ingenios, casi todos financiados por el Estado que sabe el escaso peligro que suponen. \u00bfPor qu\u00e9 los subvenciona como si fueran sindicatos? Por inercia y para completar el panorama que ofrecen las agencias de viajes, junto a la gastronom\u00eda y el deporte.<\/span><\/p>\n<p>&nbsp;<\/p>\n<\/blockquote>\n<blockquote class=\"wp-block-quote is-layout-flow wp-block-quote-is-layout-flow\">\n<p style=\"text-align: center;\"><span style=\"font-size: 14pt;\"><strong><span style=\"color: #008000;\">\u00abAhora es m\u00e1s importante que te reconozcan como artista a que reconozcan como \u2018arte\u2019 alguno de tus productos\u00bb<\/span><\/strong><\/span><\/p>\n<\/blockquote>\n<blockquote>\n<p>&nbsp;<\/p>\n<p style=\"text-align: justify;\"><span style=\"font-size: 14pt;\">\u00bfExplican algo del mundo estas extravagantes exposiciones?\u00a0<strong>Casi todas usan un t\u00f3pico pol\u00edtico u otro, digamos una \u00abrebeld\u00eda\u00bb, para que parezcan obedecer a un deseo de explicaci\u00f3n<\/strong>. Aunque una enorme cantidad de excedente art\u00edstico expone tan solo comentarios sobre la vida privada de los artistas a modo de \u00e1lbum de fotos. Ahora es m\u00e1s importante que te reconozcan como artista a que reconozcan como \u00ab<em>arte<\/em>\u00bb alguno de tus productos, los cuales vienen a ser tan s\u00f3lo la prueba de que sus autores son unos artistas. As\u00ed como el polic\u00eda lleva una placa que le permite detener a un delincuente, as\u00ed tambi\u00e9n el artista lleva sus obras como garant\u00eda de que puede exponer en tanto que \u00ab<em>artista<\/em>\u00bb.<\/span><\/p>\n<p style=\"text-align: justify;\"><span style=\"font-size: 14pt;\">El caso es que despu\u00e9s de <strong>Hegel<\/strong> la aportaci\u00f3n de la filosof\u00eda a este agudo problema ha sido casi nula, si exceptuamos a dos grandes pensadores, <strong>Nietzsche<\/strong> y <strong>Heidegger<\/strong>, que vieron perfectamente c\u00f3mo era el agujero negro que se estaba formando y trataron de aportar alguna luz. En nuestros d\u00edas\u00a0<strong>se acaba de publicar un libro bastante \u00fatil, de Robert B. Pippin (<em>Despu\u00e9s de la belleza<\/em>, Editorial La Balsa de Medusa), que puede resultar \u00fatil a quienes sigan interesados por este enigma con seriedad.<\/strong>\u00a0<strong>Pippin<\/strong> es un <em>hegeliano<\/em> (<em>aunque lo corrige con cortes\u00eda<\/em>) y es respetuoso con dos cr\u00edticos que son de lo mejor que ha dado el siglo XX, <strong>T.J. Clark <\/strong>y <strong>M. Fried<\/strong>, aunque no oculta que el primero se ha suicidado con un sociologismo rancio en los \u00faltimos libros, defecto casi general entre los expertos de su especie. Por cierto, no es despreciable la intuici\u00f3n de<strong> Ortega y Gasset<\/strong> en su\u00a0<em>Deshumanizaci\u00f3n del arte<\/em>\u00a0de 1925.<\/span><\/p>\n<p style=\"text-align: justify;\"><span style=\"font-size: 14pt;\"><strong>Pippin<\/strong>, por supuesto, es demasiado timorato como para dar el paso que os\u00f3 dar\u00a0<strong>A. Danto en 1982, otro hegeliano, cuando afirm\u00f3 que el mundo del arte se hab\u00eda terminado como discurso relevante sobre el mundo<\/strong>. <strong>Danto<\/strong> sigui\u00f3 con rigor el dictamen de <strong>Hegel<\/strong> (\u00ab<em>el arte es una forma de pasado<\/em>\u00bb) a pesar de que todas las instituciones art\u00edsticas se le echaron encima con sus inmensos caudales de dinero p\u00fablico y el apoyo de la izquierda analfabeta. Pero eso \u00e9l ya lo sab\u00eda. <strong>Pippin<\/strong> es m\u00e1s prudente, aunque se advierte que por lo menos no se enga\u00f1a sobre eso que seguimos llamando \u00ab<em>arte<\/em>\u00bb.<\/span><\/p>\n<p style=\"text-align: justify;\"><span style=\"font-size: 14pt;\">Pero no sufran los que se dedican a esta profesi\u00f3n.\u00a0<strong>Sigue teniendo vida comercial y poco a poco se va desviando hacia las artesan\u00edas t\u00e9cnicas<\/strong>\u00a0que, a mi entender, est\u00e1n llamadas a cubrir todas las necesidades \u00ab<em>art\u00edsticas<\/em>\u00bb.<\/span><\/p>\n<p style=\"text-align: justify;\"><span style=\"font-size: 14pt;\">En todo caso, como dije al principio, a\u00fan no est\u00e1 claro lo que ha sucedido en estos doscientos a\u00f1os, ese movimiento profundo que ha producido un efecto devastador.\u00a0<strong>Heidegger lo llamaba, simplemente, \u00ab<em>la t\u00e9cnica<\/em>\u00bb, seguramente porque no hemos encontrado otro nombre\u00a0<\/strong>y las instituciones s\u00f3lo mueren cuando su nombre se extingue.<\/span><\/p>\n<\/blockquote>\n<p>&nbsp;<\/p>\n<p><img loading=\"lazy\" decoding=\"async\" class=\"aligncenter wp-image-2307596\" src=\"https:\/\/puntocritico.com\/ausajpuntocritico\/wp-content\/uploads\/2025\/03\/despues-de-la-belleza-R-B-Pippin-LIBRO-181x300.jpg\" alt=\"\" width=\"280\" height=\"463\" srcset=\"https:\/\/puntocritico.com\/ausajpuntocritico\/wp-content\/uploads\/2025\/03\/despues-de-la-belleza-R-B-Pippin-LIBRO-181x300.jpg 181w, https:\/\/puntocritico.com\/ausajpuntocritico\/wp-content\/uploads\/2025\/03\/despues-de-la-belleza-R-B-Pippin-LIBRO.jpg 600w\" sizes=\"auto, (max-width: 280px) 100vw, 280px\" \/><\/p>\n<p style=\"text-align: center;\"><strong><span style=\"color: #008000; font-size: 18pt;\">*******<\/span><\/strong><\/p>\n<h2 style=\"text-align: center;\"><span style=\"font-size: 24pt;\">WITTGENSTEIN Y LA FILOSOF\u00cdA DE LA MATEM\u00c1TICA<\/span><\/h2>\n<p style=\"text-align: center;\"><em><span style=\"font-size: 14pt;\"><strong>EI inter\u00e9s del fil\u00f3sofo vien\u00e9s Ludwig Wittgenstein (1889-1951) por la naturaleza y los fundamentos de la matem\u00e1tica fue muy temprano en \u00e9l y se extendi\u00f3 a lo largo de toda su vida. Wittgenstein hab\u00eda estudiado ingenier\u00eda en una escuela t\u00e9cnica de Berl\u00edn y realiz\u00f3 una estancia de investigaci\u00f3n en Manchester en 1908. <\/strong><\/span><\/em><\/p>\n<p style=\"text-align: center;\"><em><span style=\"font-size: 14pt;\"><strong>Ah\u00ed se interes\u00f3 por la aeron\u00e1utica y m\u00e1s espec\u00edficamente por el dise\u00f1o de h\u00e9lices. El estudio de la forma de las h\u00e9lices requer\u00eda un tratamiento matem\u00e1tico complicado y pudo haber sido esto lo que le llevo a profundizar sobre las teor\u00edas matem\u00e1ticas relevantes para su proyecto en aeron\u00e1utica y a preguntarse acerca de los propios fundamentos de estas teor\u00edas.<\/strong><\/span><\/em><\/p>\n<p style=\"text-align: justify;\"><span style=\"font-size: 14pt;\">Por Silvio Pinto<\/span><\/p>\n<p style=\"text-align: justify;\"><a href=\"https:\/\/investigacion.uam.mx\/index.php\/listado-catalogo\/57581\" target=\"_blank\" rel=\"noopener\"><span style=\"font-size: 14pt;\">Universidad Aut\u00f3noma Metropolitana (UAM)<\/span><\/a><\/p>\n<figure id=\"attachment_2240714\" aria-describedby=\"caption-attachment-2240714\" style=\"width: 260px\" class=\"wp-caption aligncenter\"><a href=\"https:\/\/puntocritico.com\/ausajpuntocritico\/2022\/02\/15\/el-enigma-no-existe-wittgenstein\/\"><img loading=\"lazy\" decoding=\"async\" class=\"wp-image-2240714\" src=\"https:\/\/puntocritico.com\/ausajpuntocritico\/wp-content\/uploads\/2022\/02\/13064657_ludwig-wittgenstein-acquerello-su-carta-anno-2018-jpgj-207x300.jpg\" alt=\"WITTGENSTEIN Y LA FILOSOF\u00cdA DE LA MATEM\u00c1TICA\" width=\"260\" height=\"376\" srcset=\"https:\/\/puntocritico.com\/ausajpuntocritico\/wp-content\/uploads\/2022\/02\/13064657_ludwig-wittgenstein-acquerello-su-carta-anno-2018-jpgj-207x300.jpg 207w, https:\/\/puntocritico.com\/ausajpuntocritico\/wp-content\/uploads\/2022\/02\/13064657_ludwig-wittgenstein-acquerello-su-carta-anno-2018-jpgj-708x1024.jpg 708w, https:\/\/puntocritico.com\/ausajpuntocritico\/wp-content\/uploads\/2022\/02\/13064657_ludwig-wittgenstein-acquerello-su-carta-anno-2018-jpgj-768x1111.jpg 768w, https:\/\/puntocritico.com\/ausajpuntocritico\/wp-content\/uploads\/2022\/02\/13064657_ludwig-wittgenstein-acquerello-su-carta-anno-2018-jpgj-1062x1536.jpg 1062w, https:\/\/puntocritico.com\/ausajpuntocritico\/wp-content\/uploads\/2022\/02\/13064657_ludwig-wittgenstein-acquerello-su-carta-anno-2018-jpgj-1416x2048.jpg 1416w, https:\/\/puntocritico.com\/ausajpuntocritico\/wp-content\/uploads\/2022\/02\/13064657_ludwig-wittgenstein-acquerello-su-carta-anno-2018-jpgj-610x882.jpg 610w, https:\/\/puntocritico.com\/ausajpuntocritico\/wp-content\/uploads\/2022\/02\/13064657_ludwig-wittgenstein-acquerello-su-carta-anno-2018-jpgj-1320x1909.jpg 1320w, https:\/\/puntocritico.com\/ausajpuntocritico\/wp-content\/uploads\/2022\/02\/13064657_ludwig-wittgenstein-acquerello-su-carta-anno-2018-jpgj.jpg 1440w\" sizes=\"auto, (max-width: 260px) 100vw, 260px\" \/><\/a><figcaption id=\"caption-attachment-2240714\" class=\"wp-caption-text\"><span style=\"color: #008000;\">Ludwig Wittgenstein<\/span><\/figcaption><\/figure>\n<p>&nbsp;<\/p>\n<p style=\"text-align: justify;\"><span style=\"font-size: 14pt;\">A finales del siglo XVIII e inicios del XIX, y coincidentemente con el movimiento de rigorizaci\u00f3n de la matem\u00e1tica, se pod\u00eda notar una tendencia reduccionista en algunos matem\u00e1ticos para <strong>encontrar la teor\u00eda m\u00e1s b\u00e1sica a partir de la cual toda la matem\u00e1tica podr\u00eda ser generada<\/strong>. Un ejemplo de tal tendencia en los siglos XVI y XVII fue el descubrimiento de la <em>geometr\u00eda cartesiana<\/em>. <\/span><\/p>\n<p style=\"text-align: justify;\"><span style=\"font-size: 14pt;\">Con esta nueva teor\u00eda es posible representar cualquier figura geom\u00e9trica en t\u00e9rminos de conjuntos de <em>n-uplas<\/em> ordenadas de n\u00fameros reales. <strong>Como resultado del movimiento reduccionista, la aritm\u00e9tica fue tomada como el fundamento de toda la matem\u00e1tica<\/strong>. Pero los matem\u00e1ticos con inclinaciones filos\u00f3ficas no quedaron satisfechos con esto; era necesario encontrar una teor\u00eda m\u00e1s fundamental sobre la cual pudiera descansar la aritm\u00e9tica.<\/span><\/p>\n<p>&nbsp;<\/p>\n<blockquote>\n<p style=\"text-align: center;\"><strong><span style=\"font-size: 14pt; color: #008000;\">Debemos al fil\u00f3sofo y matem\u00e1tico alem\u00e1n Gottlob Frege el primer gran intento de buscar un fundamento m\u00e1s s\u00f3lido para la aritm\u00e9tica de los n\u00fameros naturales<span style=\"font-size: 14pt;\">. <\/span><\/span><\/strong><\/p>\n<p style=\"text-align: center;\"><strong><span style=\"font-size: 14pt; color: #008000;\"><span style=\"font-size: 14pt;\">Seg\u00fan Frege, tal fundamento s\u00f3lo podr\u00eda ser algo tan general y tan seguro como la l\u00f3gica.<\/span><\/span><\/strong><\/p>\n<\/blockquote>\n<p>&nbsp;<\/p>\n<p style=\"text-align: justify;\"><span style=\"font-size: 14pt;\">Debemos al fil\u00f3sofo y matem\u00e1tico alem\u00e1n <a href=\"https:\/\/puntocritico.com\/ausajpuntocritico\/2025\/02\/13\/frege\/\"><strong>Gottlob Frege<\/strong><\/a> (1848-1925) el primer gran intento de buscar un fundamento m\u00e1s s\u00f3lido para la aritm\u00e9tica de los n\u00fameros naturales. Seg\u00fan <a href=\"https:\/\/puntocritico.com\/ausajpuntocritico\/2025\/02\/13\/frege\/\"><strong>Frege<\/strong><\/a>, tal fundamento s\u00f3lo podr\u00eda ser algo tan general y tan seguro como la <strong>l\u00f3gica<\/strong>. <\/span><\/p>\n<p style=\"text-align: justify;\"><span style=\"font-size: 14pt;\"><strong>El<em> programa logicista<\/em> <em>fregeano<\/em> involucraba dos tesis<\/strong>:<strong> 1)<\/strong> los conceptos b\u00e1sicos de la aritm\u00e9tica (<em>el cero, el n\u00famero natural y el sucesor<\/em>) deben ser definidos en t\u00e9rminos de conceptos estrictamente l\u00f3gicos;<strong> 2)<\/strong> las verdades m\u00e1s b\u00e1sicas de la aritm\u00e9tica (<em>los axiomas de <strong>Peano<\/strong><\/em>), deben poder ser demostrados a partir de verdades puramente l\u00f3gicas y definiciones.<\/span><\/p>\n<p>&nbsp;<\/p>\n<figure id=\"attachment_2307019\" aria-describedby=\"caption-attachment-2307019\" style=\"width: 240px\" class=\"wp-caption aligncenter\"><a href=\"https:\/\/es.wikipedia.org\/wiki\/George_Boole\" target=\"_blank\" rel=\"noopener\" data-schema-attribute=\"\"><img loading=\"lazy\" decoding=\"async\" class=\"wp-image-2307019\" src=\"https:\/\/puntocritico.com\/ausajpuntocritico\/wp-content\/uploads\/2025\/02\/330px-George_Boole-330x381.jpg\" alt=\"\" width=\"240\" height=\"294\" srcset=\"https:\/\/puntocritico.com\/ausajpuntocritico\/wp-content\/uploads\/2025\/02\/330px-George_Boole-245x300.jpg 245w, https:\/\/puntocritico.com\/ausajpuntocritico\/wp-content\/uploads\/2025\/02\/330px-George_Boole.jpg 330w\" sizes=\"auto, (max-width: 240px) 100vw, 240px\" \/><\/a><figcaption id=\"caption-attachment-2307019\" class=\"wp-caption-text\"><span style=\"color: #008000;\"><a href=\"https:\/\/es.wikipedia.org\/wiki\/George_Boole\" target=\"_blank\" rel=\"noopener\" data-schema-attribute=\"\">George Boole<\/a> (1815-1864), fue un matem\u00e1tico y l\u00f3gico brit\u00e1nico. Como inventor del \u00e1lgebra de Boole, que marca los fundamentos de la aritm\u00e9tica computacional moderna, Boole es considerado como uno de los fundadores del campo de las ciencias de la computaci\u00f3n. En 1854 public\u00f3 An Investigation of the Laws of Thought on Which are Founded the Mathematical Theories of Logic and Probabilities, donde desarroll\u00f3 un sistema de reglas que le permit\u00edan expresar, manipular y simplificar problemas l\u00f3gicos y filos\u00f3ficos cuyos argumentos admiten dos estados (verdadero o falso) por procedimientos matem\u00e1ticos. Se podr\u00eda decir que es el padre de los operadores l\u00f3gicos simb\u00f3licos y que gracias a su \u00e1lgebra hoy en d\u00eda es posible operar simb\u00f3licamente para realizar operaciones l\u00f3gicas.<\/span><\/figcaption><\/figure>\n<p>&nbsp;<\/p>\n<p style=\"text-align: justify;\"><span style=\"font-size: 14pt;\">El <em>logicismo<\/em> de <strong>Frege<\/strong> da sus primeros pasos con la publicaci\u00f3n, en el a\u00f1o de 1879, de la <a href=\"https:\/\/puntocritico.com\/ausajpuntocritico\/2025\/02\/13\/frege\/#La_Conceptografia_de_Frege\"><strong><em>Conceptograf\u00eda<\/em><\/strong><\/a>, y alcanza su madurez entre 1893 y 1903 con la publicaci\u00f3n de los dos primeros vol\u00famenes de las <strong><em>Leyes B\u00e1sicas de la Aritm\u00e9tica<\/em><\/strong>. Ir\u00f3nicamente, la consecuci\u00f3n del <em>logicismo<\/em> <em>fregeano<\/em> coincide con el descubrimiento, por el fil\u00f3sofo ingl\u00e9s <a href=\"https:\/\/puntocritico.com\/ausajpuntocritico\/2023\/04\/24\/causas-de-la-infelicidad-1-9-bertrand-russell\/\"><strong>Bertrand Russell<\/strong><\/a> (1872-1970), de la contradicci\u00f3n que vino a fulminar el programa fundacionista <em>fregeano<\/em>:<strong><em> la contradicci\u00f3n de la clase de todas las clases que no se pertenecen a s\u00ed mismas<\/em><\/strong>.<\/span><\/p>\n<p>&nbsp;<\/p>\n<blockquote>\n<p style=\"text-align: center;\"><strong><span style=\"font-size: 14pt; color: #008000;\">El fil\u00f3sofo ingl\u00e9s Bertrand Russell fue el autor de la contradicci\u00f3n que vino a fulminar el programa fundacionista <em>fregeano<\/em>:<em> la contradicci\u00f3n de la clase de todas las clases que no se pertenecen a s\u00ed mismas<\/em>.<\/span><\/strong><\/p>\n<\/blockquote>\n<p>&nbsp;<\/p>\n<p style=\"text-align: justify;\"><span style=\"font-size: 14pt;\">Un ejemplo de una clase que se pertenece a s\u00ed misma es <em><strong>la clase de todas las clases<\/strong><\/em>. Normalmente una clase no es un elemento de s\u00ed misma: la clase de los planetas del sistema solar no es un planeta; por lo tanto, no se pertenece a s\u00ed misma. <\/span><\/p>\n<p style=\"text-align: justify;\"><span style=\"font-size: 14pt;\">La <strong>contradicci\u00f3n<\/strong> est\u00e1 en que si suponemos que la clase de todas las clases que no se pertenecen a s\u00ed mismas se pertenece a s\u00ed misma, entonces estamos obligados a concluir que ella<strong><em> no se pertenece a s\u00ed misma, ya que si pertenece a s\u00ed misma entonces tiene que satisfacer a la propiedad de no pertenecerse a s\u00ed misma<\/em><\/strong>.\u00a0<\/span><\/p>\n<p style=\"text-align: justify;\"><span style=\"font-size: 14pt;\">Por otro lado, si suponemos que tal clase no se pertenece a s\u00ed misma, entonces estamos forzados a concluir que ella s\u00ed pertenece a s\u00ed misma, una vez que p<em><strong>or no pertenecerse a s\u00ed misma debe ser un miembro de la clase de todas las clases que no se pertenecen a s\u00ed mismas<\/strong><\/em> y, por lo tanto, un miembro de s\u00ed misma.<\/span><\/p>\n<p style=\"text-align: justify;\"><span style=\"font-size: 14pt;\">La contradicci\u00f3n de <strong>Russell<\/strong> llev\u00f3 a <strong>Frege<\/strong> a desistir del <em>programa logicista<\/em> pero tuvo un efecto opuesto sobre el mismo <strong>Russell<\/strong>. La contradicci\u00f3n se deriva de la famosa <strong><em>ley V del sistema de las Leyes B\u00e1sicas<\/em><\/strong>, la cual afirma que c<em>ualquier propiedad determina una clase<\/em>. Por ejemplo, la propiedad de no pertenecerse a s\u00ed mismo determina una clase, la constituida por todas las cosas que no se pertenecen a s\u00ed mismas. Si esta clase existe, entonces tiene sentido preguntar si satisface la propiedad que la define.<\/span><\/p>\n<p>&nbsp;<\/p>\n<blockquote>\n<p style=\"text-align: center;\"><strong><span style=\"font-size: 14pt; color: #008000;\">Russell se dedic\u00f3 a la tarea de reconstruir el <em>programa logicista<\/em> de manera consistente<\/span><\/strong><\/p>\n<\/blockquote>\n<p>&nbsp;<\/p>\n<p style=\"text-align: justify;\"><span style=\"font-size: 14pt;\"><strong>Russell<\/strong> se dedic\u00f3 a la tarea de reconstruir el <em>programa logicista<\/em> de manera consistente. Para evitar la contradicci\u00f3n que lleva su nombre, se hizo necesario, seg\u00fan \u00e9l, proponer una <strong>teor\u00eda de los tipos de cosas<\/strong>. Hay objetos que son cosas del primer tipo; hay clases de objetos del primer tipo las cuales son cosas del segundo tipo; hay clases de objetos del segundo tipo las cuales son cosas del tercer tipo, etc\u00e9tera. <\/span><\/p>\n<p style=\"text-align: justify;\"><span style=\"font-size: 14pt;\">Esta tipolog\u00eda impide la aplicaci\u00f3n de la relaci\u00f3n de pertenencia a cosas del mismo tipo. <em>La propiedad de pertenecerse a s\u00ed mismo es un sinsentido, de acuerdo con la teor\u00eda de tipos, pero tambi\u00e9n lo es la negaci\u00f3n de esta propiedad<\/em>. <strong>Por to tanto, ninguna de ellas determina una clase<\/strong>.<\/span><\/p>\n<p>&nbsp;<\/p>\n<blockquote>\n<p style=\"text-align: center;\"><strong><span style=\"font-size: 14pt; color: #008000;\">El <em>logicismo russelliano<\/em> no satisfizo en absoluto a Wittgenstein<\/span><\/strong><\/p>\n<\/blockquote>\n<p>&nbsp;<\/p>\n<p style=\"text-align: justify;\"><span style=\"font-size: 14pt;\">El <em><strong>logicismo russelliano<\/strong><\/em> no satisfizo en absoluto a <strong>Wittgenstein<\/strong>. <strong>Russell<\/strong> hab\u00eda publicado en 1910 el primer volumen de los monumentales <strong><em>P<\/em><em><strong>rincipia <\/strong>Mathematica<\/em><\/strong>, obra que fue duramente criticada por <strong>Wittgenstein<\/strong>, para quien algunos de los axiomas de la l\u00f3gica utilizada por <strong>Russell<\/strong> para fundar toda la matem\u00e1tica simplemente no pose\u00edan la caracter\u00edstica de una proposici\u00f3n de la l\u00f3gica: la de ser una <strong>tautolog\u00eda<\/strong>.\u00a0<\/span><span style=\"font-size: 14pt;\">Este era el <strong>caso del axioma de infinitud que afirma la existencia de infinitos objetos<\/strong>.<\/span><\/p>\n<p>&nbsp;<\/p>\n<figure id=\"attachment_2307020\" aria-describedby=\"caption-attachment-2307020\" style=\"width: 240px\" class=\"wp-caption aligncenter\"><a href=\"https:\/\/es.wikipedia.org\/wiki\/Charles_Sanders_Peirce\" target=\"_blank\" rel=\"noopener\" data-schema-attribute=\"\"><img loading=\"lazy\" decoding=\"async\" class=\"wp-image-2307020\" src=\"https:\/\/puntocritico.com\/ausajpuntocritico\/wp-content\/uploads\/2025\/02\/Charles-Sanders-Peirce-330x381.jpg\" alt=\"\" width=\"240\" height=\"327\" srcset=\"https:\/\/puntocritico.com\/ausajpuntocritico\/wp-content\/uploads\/2025\/02\/Charles-Sanders-Peirce-220x300.jpg 220w, https:\/\/puntocritico.com\/ausajpuntocritico\/wp-content\/uploads\/2025\/02\/Charles-Sanders-Peirce.jpg 330w\" sizes=\"auto, (max-width: 240px) 100vw, 240px\" \/><\/a><figcaption id=\"caption-attachment-2307020\" class=\"wp-caption-text\"><span style=\"color: #008000;\"><a href=\"https:\/\/es.wikipedia.org\/wiki\/Charles_Sanders_Peirce\" target=\"_blank\" rel=\"noopener\" data-schema-attribute=\"\"><strong>Charles Sanders Peirce<\/strong><\/a> (1839-1914), fue un fil\u00f3sofo, l\u00f3gico y cient\u00edfico estadounidense. Es considerado el fundador del pragmatismo y el padre de la semi\u00f3tica l\u00f3gica moderna o teor\u00eda de los signos, junto con <a style=\"color: #008000;\" href=\"https:\/\/puntocritico.com\/ausajpuntocritico\/2023\/07\/24\/ferdinand-de-saussure\/\"><strong>Ferdinand de Saussure<\/strong><\/a>, padre la semi\u00f3tica estructuralista o semiolog\u00eda. Precursor, en 1880, de la Tabla de Verdad que introdujo <strong>Ludwig Wittgenstein<\/strong> en su <em><strong>Tractatus logico-philosophicus<\/strong><\/em>, publicado en 1921.<\/span><\/figcaption><\/figure>\n<p>&nbsp;<\/p>\n<p style=\"text-align: justify;\"><span style=\"font-size: 14pt;\"><strong>Russell<\/strong> necesitaba este <em>axioma<\/em> para garantizar la existencia de toda la secuencia de n\u00fameros naturales, ya que <strong>en su sistema los n\u00fameros son definidos como clases de clases de objetos<\/strong>. El <em>n\u00famero 3<\/em>, por ejemplo, es definido como <em>la clase de todas las ternas de objetos<\/em>. <\/span><\/p>\n<p style=\"text-align: justify;\"><span style=\"font-size: 14pt;\"><strong>Si el n\u00famero de objetos fuera finito, entonces no habr\u00eda manera de generar dentro de la concepci\u00f3n <em>russelliana<\/em> el conjunto infinito de los n\u00fameros naturales<\/strong>. Imag\u00ednese que el mundo poseyera <em>10<\/em> objetos; todos los n\u00fameros a partir del <em>11<\/em> ser\u00edan id\u00e9nticos entre si o no existir\u00edan.<\/span><\/p>\n<p>&nbsp;<\/p>\n<blockquote>\n<p style=\"text-align: center;\"><span style=\"color: #008000;\"><strong><span style=\"font-size: 14pt;\">Para Wittgenstein, sin embargo, las proposiciones de la l\u00f3gica no pueden hacer afirmaciones sobre el mundo en que vivimos; la l\u00f3gica tiene que ser compatible con todos los mundos posibles<\/span><\/strong><\/span><\/p>\n<\/blockquote>\n<p>&nbsp;<\/p>\n<p style=\"text-align: justify;\"><span style=\"font-size: 14pt;\">Para <a href=\"https:\/\/puntocritico.com\/ausajpuntocritico\/2022\/02\/15\/el-enigma-no-existe-wittgenstein\/\"><strong>Wittgenstein<\/strong><\/a>, sin embargo, <strong>las proposiciones de la l\u00f3gica no pueden hacer afirmaciones sobre el mundo en que vivimos; la l\u00f3gica tiene que ser compatible con todos los mundos posibles<\/strong>. La caracter\u00edstica de las proposiciones de la l\u00f3gica no es, como pensaban <strong>Frege<\/strong> y <strong>Russell<\/strong>, su <em>generalidad<\/em> (<em>el hecho de que hablen de la totalidad de las cosas<\/em>) sino m\u00e1s bien, seg\u00fan el autor del <em><strong>Tractatus Logico-Philosophicus<\/strong><\/em>, <em>su no decir nada<\/em>, la <em>ausencia de contenido informacional sobre cualquier mundo en particular<\/em>.<\/span><\/p>\n<p>&nbsp;<\/p>\n<blockquote>\n<p style=\"text-align: center;\"><strong><span style=\"font-size: 14pt; color: #008000;\">Las proposiciones de la l\u00f3gica son, para el <em>Tractatus <\/em>de <span style=\"font-size: 14pt;\">Wittgenstein<\/span>, tautolog\u00edas<\/span><\/strong><\/p>\n<\/blockquote>\n<p>&nbsp;<\/p>\n<p style=\"text-align: justify;\"><span style=\"font-size: 14pt;\">Una proposici\u00f3n como \u201c<em>llueve o no llueve<\/em>\u201d es una proposici\u00f3n de la l\u00f3gica a pesar de no ser general. Las proposiciones de la l\u00f3gica son, seg\u00fan la doctrina del <strong><em>Tractatus<\/em><\/strong>, <strong>tautolog\u00edas<\/strong>.<\/span><\/p>\n<p style=\"text-align: justify;\"><span style=\"font-size: 14pt;\"><strong>Russell<\/strong> le hab\u00eda encargado a <strong>Wittgenstein<\/strong> reescribir los <em><strong>Principia<\/strong><\/em>, pero \u00e9ste hab\u00eda encontrado tantos errores que decidi\u00f3 escribir su propio libro. Este fue el <em><strong>Tractatus Logico-Philosophicus<\/strong><\/em>, concluido mientras <strong>Wittgenstein<\/strong> luchaba por el <em>Imperio Austroh\u00fangaro<\/em> en la <em>primera guerra mundial<\/em>. Las divergencias entre este libro y los <em><strong>Principia<\/strong> <\/em>con relaci\u00f3n a <strong>la naturaleza de la l\u00f3gica y la matem\u00e1tica<\/strong> son enormes. Quiz\u00e1 la m\u00e1s importante es que, en el <em><strong>Tractatus<\/strong><\/em>, <strong>ni la l\u00f3gica ni la matem\u00e1tica hacen afirmaciones sobre la realidad<\/strong>.<\/span><\/p>\n<p>&nbsp;<\/p>\n<p><img loading=\"lazy\" decoding=\"async\" class=\"aligncenter wp-image-2272153\" src=\"https:\/\/puntocritico.com\/ausajpuntocritico\/wp-content\/uploads\/2023\/04\/Russell-la-ciencia-300x126.jpg\" alt=\"\" width=\"480\" height=\"201\" srcset=\"https:\/\/puntocritico.com\/ausajpuntocritico\/wp-content\/uploads\/2023\/04\/Russell-la-ciencia-300x126.jpg 300w, https:\/\/puntocritico.com\/ausajpuntocritico\/wp-content\/uploads\/2023\/04\/Russell-la-ciencia-768x322.jpg 768w, https:\/\/puntocritico.com\/ausajpuntocritico\/wp-content\/uploads\/2023\/04\/Russell-la-ciencia-610x256.jpg 610w, https:\/\/puntocritico.com\/ausajpuntocritico\/wp-content\/uploads\/2023\/04\/Russell-la-ciencia.jpg 837w\" sizes=\"auto, (max-width: 480px) 100vw, 480px\" \/><\/p>\n<p>&nbsp;<\/p>\n<p style=\"text-align: justify;\"><span style=\"font-size: 14pt;\">En oposici\u00f3n a <strong>Frege<\/strong> y a <strong>Russell<\/strong>, <strong>Wittgenstein<\/strong> sosten\u00eda que <strong>no hay objetos l\u00f3gicos ni matem\u00e1ticos<\/strong>, y esto fue algo que mantuvo durante toda su obra. La otra divergencia fundamental entre el autor del <em><strong>Tractatus<\/strong> <\/em>y <strong>Russell<\/strong> es que, <strong>tanto la l\u00f3gica como la aritm\u00e9tica, dejan de ser para el primero dos sistemas de los enunciados m\u00e1s generales sobre el mundo<\/strong> en que vivimos. <\/span><span style=\"font-size: 14pt;\">En el <em><strong>Tractatus<\/strong><\/em>, l\u00f3gica y matem\u00e1tica constituyen reglas de sintaxis del lenguaje.<\/span><\/p>\n<p>&nbsp;<\/p>\n<blockquote>\n<p style=\"text-align: center;\"><strong><span style=\"font-size: 14pt; color: #008000;\">En el <em>Tractatus<\/em>, l\u00f3gica y matem\u00e1tica constituyen reglas de sintaxis del lenguaje. <\/span><\/strong><\/p>\n<p style=\"text-align: center;\"><strong><span style=\"font-size: 14pt; color: #008000;\">As\u00ed, una tautolog\u00eda como el principio de doble negaci\u00f3n es, en verdad, una regla de transformaci\u00f3n de s\u00edmbolos en otros s\u00edmbolos expresada como una proposici\u00f3n.<\/span><\/strong><\/p>\n<\/blockquote>\n<p>&nbsp;<\/p>\n<p style=\"text-align: justify;\"><span style=\"font-size: 14pt;\">As\u00ed, una <strong>tautolog\u00eda<\/strong> como el <strong>principio de doble negaci\u00f3n<\/strong> es, en verdad, una <strong>regla de transformaci\u00f3n de s\u00edmbolos<\/strong> en otros s\u00edmbolos expresada como una <strong>proposici\u00f3n<\/strong>. De esta forma, lo que estar\u00eda diciendo es que, de un s\u00edmbolo proposicional negado dos veces, se puede inferir el s\u00edmbolo proposicional sin las dos negaciones. <strong>Tal regla estar\u00eda explorando las propiedades sem\u00e1nticas del s\u00edmbolo de negaci\u00f3n<\/strong> (<em>la propiedad de invertir el sentido o las condiciones de verdad del s\u00edmbolo proposicional al cual se aplica<\/em>). <\/span><\/p>\n<p style=\"text-align: justify;\"><span style=\"font-size: 14pt;\">La concepci\u00f3n <strong><em>tractariana<\/em> <\/strong>sobre las <strong>conectivas l\u00f3gicas<\/strong> es que <strong>su significado no reside en su referirse a algo sino que denotan operaciones de verdad sobre s\u00edmbolos proposicionales<\/strong>. <em>Por ejemplo<\/em>, la conjunci\u00f3n opera sobre dos s\u00edmbolos proposicionales, \u201c<em>p<\/em>\u201d y \u201c<em>q<\/em>\u201d, produciendo un s\u00edmbolo proposicional cuyas condiciones de verdad dependen de las condiciones de verdad de \u201c<em>p<\/em>\u201d y \u201c<em>q<\/em>\u201d de la siguiente manera: \u201c<em>p<\/em> y <em>q<\/em>\u201d es verdadera cuando \u201c<em>p<\/em>\u201d es verdadera y \u201c<em>q<\/em>\u201d es verdadera, y es falsa en todos los dem\u00e1s casos.<\/span><\/p>\n<p style=\"text-align: justify;\"><span style=\"font-size: 14pt;\"> Este tipo de dependencia entre los valores de verdad de \u201c<em>p<\/em>\u201d y \u201c<em>q<\/em>\u201d y <strong>el valor de verdad de s\u00edmbolos proposicionales complejos vale para todas las otras conectivas l\u00f3gicas proposicionales<\/strong>. Estas <em><strong>conectivas<\/strong> <\/em>denotan reglas para la formaci\u00f3n de s\u00edmbolos proposicionales m\u00e1s complejos a partir de s\u00edmbolos proposicionales menos complejos.<\/span><\/p>\n<p>&nbsp;<\/p>\n<blockquote>\n<p style=\"text-align: center;\"><strong><span style=\"font-size: 14pt; color: #008000;\">Estas <em>conectivas <\/em>denotan reglas para la formaci\u00f3n de s\u00edmbolos proposicionales m\u00e1s complejos a partir de s\u00edmbolos proposicionales menos complejos<\/span><\/strong><\/p>\n<\/blockquote>\n<p>&nbsp;<\/p>\n<p style=\"text-align: justify;\"><span style=\"font-size: 14pt;\">An\u00e1logamente, una ecuaci\u00f3n num\u00e9rica como <em>2 + 2 = 4<\/em> corresponder\u00eda a una regla para la sustituci\u00f3n del s\u00edmbolo \u201c<em>2 + 2<\/em>\u201d por el s\u00edmbolo \u201c<em>4<\/em>\u201d en cualquier otro s\u00edmbolo proposicional en que el primero apareciera. <strong>En este sentido, las ecuaciones tambi\u00e9n ser\u00edan reglas de inferenci<em>a<\/em><\/strong>. Los s\u00edmbolos para n\u00fameros (<em>el \u201c2\u201d, el \u201c4\u201d, el \u201c2 + 2\u201d, entre otros<\/em>), que <strong>Frege<\/strong> hab\u00eda tomado como nombres propios (<em>s\u00edmbolos que se refieren a los n\u00fameros<\/em>), son considerados en el <em><strong>Tractatus<\/strong> <\/em>como <strong>contadores de las reiteraciones de las aplicaciones de una operaci\u00f3n<\/strong>.<\/span><\/p>\n<p style=\"text-align: justify;\"><span style=\"font-size: 14pt;\">Como dice <strong>Wittgenstein<\/strong>, <strong>las operaciones son transformaciones de s\u00edmbolos proposicionales en otros s\u00edmbolos proposicionales<\/strong>. La negaci\u00f3n y todas las otras conectivas proposicionales son quiz\u00e1 los ejemplos m\u00e1s comunes de operaciones. Es esencial a las <em><strong>operaciones tractarianas<\/strong> <\/em>que ellas se pueden aplicar al resultado de la aplicaci\u00f3n anterior de la primera operaci\u00f3n o de otras operaciones aplicadas a un grupo de s\u00edmbolos proposicionales. <\/span><\/p>\n<p style=\"text-align: justify;\"><span style=\"font-size: 14pt;\">Supongamos entonces que a un s\u00edmbolo proposicional \u201c<em>p<\/em>\u201d al cual le hab\u00edamos aplicado la negaci\u00f3n, le aplicamos la negaci\u00f3n una vez m\u00e1s. Podemos expresar esto de la siguiente manera: <em>\u00ac(\u00acp)<\/em>. Esto es equivalente en la notaci\u00f3n del <em><strong>Tractatus<\/strong> a \u00ac <sup>2<\/sup> p<\/em>. De ah\u00ed la <strong>tesis de que los n\u00fameros son exponentes de operaciones<\/strong>.<\/span><\/p>\n<p>&nbsp;<\/p>\n<blockquote>\n<p style=\"text-align: center;\"><strong><span style=\"font-size: 14pt; color: #008000;\">Todos los operadores sobre los n\u00fameros naturales, tales como el sucesor, la suma, la multiplicaci\u00f3n, la exponenciaci\u00f3n, entre otros, tendr\u00edan que ser interpretados como operadores sobre los exponentes de operaciones sobre proposiciones<\/span><\/strong><\/p>\n<\/blockquote>\n<p>&nbsp;<\/p>\n<p style=\"text-align: justify;\"><span style=\"font-size: 14pt;\">Todos los operadores sobre los n\u00fameros naturales, tales como el sucesor, la suma, la multiplicaci\u00f3n, la exponenciaci\u00f3n, entre otros, tendr\u00edan que ser interpretados como operadores sobre los exponentes de operaciones sobre proposiciones. Y de hecho <strong>toda la aritm\u00e9tica de las ecuaciones e inecuaciones num\u00e9ricas<\/strong>, con todas las propiedades de la suma, la multiplicaci\u00f3n, la exponenciaci\u00f3n, <strong>se aplica a los exponentes de las <em>operaciones tractarianas<\/em><\/strong>.<\/span><\/p>\n<p>&nbsp;<\/p>\n<p><a href=\"https:\/\/puntocritico.com\/ausajpuntocritico\/2022\/02\/15\/el-enigma-no-existe-wittgenstein\/\"><img loading=\"lazy\" decoding=\"async\" class=\"aligncenter wp-image-2317\" src=\"https:\/\/puntocritico.com\/ausajpuntocritico\/wp-content\/uploads\/2017\/05\/Tractatus_LPh_1.jpg\" alt=\"\" width=\"240\" height=\"372\" srcset=\"https:\/\/puntocritico.com\/ausajpuntocritico\/wp-content\/uploads\/2017\/05\/Tractatus_LPh_1.jpg 200w, https:\/\/puntocritico.com\/ausajpuntocritico\/wp-content\/uploads\/2017\/05\/Tractatus_LPh_1-194x300.jpg 194w\" sizes=\"auto, (max-width: 240px) 100vw, 240px\" \/><\/a><\/p>\n<p>&nbsp;<\/p>\n<p style=\"text-align: justify;\"><span style=\"font-size: 14pt;\">El problema de la concepci\u00f3n <em><strong>tractariana<\/strong> <\/em>de la matem\u00e1tica es que parece demasiado estrecha. Aunque el problema filos\u00f3fico acerca de la naturaleza de la matem\u00e1tica fuera simplemente dar cuenta de la aritm\u00e9tica, se podr\u00eda decir que el <strong><em>Tractatus<\/em> <\/strong>no lo ha logrado. <strong>Lo que llamamos aritm\u00e9tica de primer orden con identidad est\u00e1 lleno de proposiciones cuantificadas<\/strong> como, por ejemplo, las proposiciones \u201c<em>hay infinitos n\u00fameros primos<\/em>\u201d (<em>la proposici\u00f3n de <strong>Euclides<\/strong><\/em>) o \u201c<em>no hay ternas (x, y, z) de n\u00fameros naturales que satisfagan a la ecuaci\u00f3n x <sup>n<\/sup> + y <sup>n<\/sup> = z <sup>n<\/sup> para n mayor que 2<\/em>\u201d (<em>el \u00faltimo teorema de <strong>Fermat<\/strong><\/em>).<\/span><\/p>\n<p style=\"text-align: justify;\"><span style=\"font-size: 14pt;\"><strong>Wittgenstein<\/strong> ten\u00eda una raz\u00f3n para <strong>excluir de la aritm\u00e9tica tractariana proposiciones cuya cuantificaci\u00f3n fuera de tipo ilimitado<\/strong>; \u00e9l cre\u00eda que la generalidad propia de las proposiciones aritm\u00e9ticas es la que se relaciona con la noci\u00f3n de la reiteraci\u00f3n indefinida de una operaci\u00f3n, es decir, <strong>la generalidad que se asocia a la recursividad<\/strong>.<\/span><\/p>\n<p style=\"text-align: justify;\"><span style=\"font-size: 14pt;\">Pero de todas maneras, uno querr\u00eda incluir tambi\u00e9n estas proposiciones generales, como las arriba mencionadas, cuya generalidad no se reduce a aquella de la aritm\u00e9tica recursiva (<em>la aritm\u00e9tica de las ecuaciones num\u00e9ricas, sus funciones de verdad proposicionales y las proposiciones con cuantificadores limitados, es decir, cuantificaciones que son equivalentes a una conjunci\u00f3n o disyunci\u00f3n finita de proposiciones<\/em>). Adem\u00e1s, <strong>si uno no es un reduccionista en matem\u00e1tica, puede querer dar cuenta de la naturaleza de las proposiciones matem\u00e1ticas que no pertenecen a la aritm\u00e9tica<\/strong>.<\/span><\/p>\n<p style=\"text-align: justify;\"><span style=\"font-size: 14pt;\"><strong>Wittgenstein<\/strong> llega a una concepci\u00f3n menos estrecha sobre la matem\u00e1tica en su etapa intermedia, a saber, en sus escritos que van desde 1929, cuando regresa a <em>Cambridge<\/em>, hasta m\u00e1s o menos 1934, cuando empieza a preparar el material para las <strong><em>Investigaciones Filos\u00f3ficas<\/em><\/strong>. En esta etapa conserva la idea <strong><em>tractariana<\/em> <\/strong>de que <strong>las proposiciones matem\u00e1ticas son reglas de la sintaxis del lenguaje<\/strong>.\u00a0Lo que s\u00ed cambia es la tesis de que hay un \u00fanico sistema de reglas gramaticales que muestran la forma com\u00fan del lenguaje y del mundo.<\/span><\/p>\n<p>&nbsp;<\/p>\n<blockquote>\n<p style=\"text-align: center;\"><span style=\"font-size: 14pt; color: #008000;\"><strong>En esta etapa Wittgenstein conserva la idea <em>tractariana<\/em> de que las proposiciones matem\u00e1ticas son reglas de la sintaxis del lenguaje.\u00a0<\/strong><\/span><\/p>\n<p style=\"text-align: center;\"><span style=\"font-size: 14pt; color: #008000;\"><strong>Lo que s\u00ed cambia es la tesis de que hay un \u00fanico sistema de reglas gramaticales que muestran la forma com\u00fan del lenguaje y del mundo.<\/strong><\/span><\/p>\n<\/blockquote>\n<p>&nbsp;<\/p>\n<p style=\"text-align: justify;\"><span style=\"font-size: 14pt;\">De acuerdo con el <strong>Wittgenstein<\/strong> de esta etapa,<strong> hay varios sistemas aut\u00f3nomos de reglas gramaticales<\/strong>: la l\u00f3gica, la aritm\u00e9tica, la <em><strong>geometr\u00eda euclideana<\/strong><\/em>, la gram\u00e1tica de los colores, entre otros. <strong>Esto implica un claro rechazo al reduccionismo matem\u00e1tico del <em>Tractatus <\/em>y a su respectiva tesis de que lo estrictamente matem\u00e1tico se limita al conjunto de las ecuaciones num\u00e9ricas<\/strong>.<\/span><\/p>\n<p style=\"text-align: justify;\"><span style=\"font-size: 14pt;\">Otro cambio interesante del <strong>Wittgenstein<\/strong> de esta etapa, y que tambi\u00e9n tiene que ver con una concepci\u00f3n m\u00e1s \u201c<em>liberal<\/em>\u201d, se refiere al contenido de las proposiciones matem\u00e1ticas. Para el autor del <em><strong>Tractatus<\/strong><\/em>, la noci\u00f3n de prueba en l\u00f3gica o en matem\u00e1tica no tiene importancia, ya que todas las proposiciones l\u00f3gicas y matem\u00e1ticas est\u00e1n en el mismo nivel; <strong>no hay unas proposiciones m\u00e1s b\u00e1sicas (<em>los axiomas<\/em>) que otras que se deriven de ellas por medio de reglas de inferencia<\/strong>.<\/span><\/p>\n<p>&nbsp;<\/p>\n<p><a href=\"https:\/\/puntocritico.com\/ausajpuntocritico\/2019\/10\/01\/la-identidad-sin-la-palabra-por-luis-rodriguez-camarero\/\"><img loading=\"lazy\" decoding=\"async\" class=\"aligncenter wp-image-22388\" src=\"https:\/\/puntocritico.com\/ausajpuntocritico\/wp-content\/uploads\/2019\/10\/Animal-piensa-principal-300x169.jpg\" alt=\"\" width=\"480\" height=\"270\" srcset=\"https:\/\/puntocritico.com\/ausajpuntocritico\/wp-content\/uploads\/2019\/10\/Animal-piensa-principal-300x169.jpg 300w, https:\/\/puntocritico.com\/ausajpuntocritico\/wp-content\/uploads\/2019\/10\/Animal-piensa-principal.jpg 678w\" sizes=\"auto, (max-width: 480px) 100vw, 480px\" \/><\/a><\/p>\n<p>&nbsp;<\/p>\n<p style=\"text-align: justify;\"><span style=\"font-size: 14pt;\">En los casos de las <strong>tautolog\u00edas<\/strong> y <strong>ecuaciones complicadas<\/strong>, <strong>Wittgenstein<\/strong> cre\u00eda, en el <em><strong>Tractatus<\/strong><\/em>, que para todos los casos hab\u00eda procedimientos mec\u00e1nicos para reconocerlas.<\/span><\/p>\n<p style=\"text-align: justify;\"><span style=\"font-size: 14pt;\"> Con la <strong>tesis de los sistemas aut\u00f3nomos de reglas gramaticales<\/strong>, la noci\u00f3n de <strong><em>prueba<\/em> <\/strong>pasa a desempe\u00f1ar un papel central para <strong>Wittgenstein<\/strong> como <strong>aquello que da el contenido de una proposici\u00f3n matem\u00e1tica<\/strong>: <strong>su significado se identifica con una prueba de ella o, por lo menos, con la existencia de un m\u00e9todo para encontrar alguna prueba<\/strong>.<\/span><\/p>\n<p>&nbsp;<\/p>\n<blockquote>\n<p style=\"text-align: center;\"><strong><span style=\"font-size: 14pt; color: #008000;\">Con la tesis de los sistemas aut\u00f3nomos de reglas gramaticales, la noci\u00f3n de <em>prueba<\/em> pasa a desempe\u00f1ar un papel central para Wittgenstein como aquello que da el contenido de una proposici\u00f3n matem\u00e1tica: su significado se identifica con una prueba de ella o, por lo menos, con la existencia de un m\u00e9todo para encontrar alguna prueba<\/span><\/strong><\/p>\n<\/blockquote>\n<p>&nbsp;<\/p>\n<p style=\"text-align: justify;\"><span style=\"font-size: 14pt;\">Esta tesis aproxima el <em><strong>verificacionismo<\/strong> <\/em>de la etapa intermedia de <strong>Wittgenstein<\/strong> a la tesis seg\u00fan la cual <strong>el contenido de cualquier proposici\u00f3n est\u00e1 dado por su m\u00e9todo de verificaci\u00f3n<\/strong>; en el caso de la matem\u00e1tica, la <strong><em>verificaci\u00f3n<\/em> <\/strong>se traduce en t\u00e9rminos de una <strong><em>prueba de la proposici\u00f3n<\/em><\/strong> en cuesti\u00f3n.<\/span><\/p>\n<p>&nbsp;<\/p>\n<blockquote>\n<p style=\"text-align: center;\"><strong><span style=\"font-size: 14pt; color: #008000;\">La concepci\u00f3n de la etapa intermedia sobre el contenido de las proposiciones matem\u00e1ticas permite incluir dentro de la aritm\u00e9tica m\u00e1s proposiciones que las ecuaciones num\u00e9ricas<\/span><\/strong><\/p>\n<\/blockquote>\n<p>&nbsp;<\/p>\n<p style=\"text-align: justify;\"><span style=\"font-size: 14pt;\"><strong>La concepci\u00f3n de la etapa intermedia sobre el contenido de las proposiciones matem\u00e1ticas permite incluir dentro de la aritm\u00e9tica m\u00e1s proposiciones que las ecuaciones num\u00e9ricas<\/strong>; se incluyen ah\u00ed todas las proposiciones <strong>para las cuales hay un m\u00e9todo mec\u00e1nico<\/strong> para decidir sobre su correcci\u00f3n o incorrecci\u00f3n, adem\u00e1s de las <strong>proposiciones indecidibles<\/strong> (<em>Una <strong>proposici\u00f3n indecidible<\/strong> es aquella para la cual no hay un algoritmo que nos permita determinar su valor de verdad en un n\u00famero finito de pasos. Por ejemplo, todas las proposiciones aritm\u00e9ticas que contienen cuantificadores ilimitados son indecidibles en este sentido<\/em>)<strong> para las cuales hay una prueba<\/strong>; por ejemplo, el \u00faltimo teorema de <strong>Fermat<\/strong>.<\/span><\/p>\n<p style=\"text-align: justify;\"><span style=\"font-size: 14pt;\">Sin embargo, tal concepci\u00f3n es todav\u00eda insatisfactoria en la medida en que <strong>excluye de la matem\u00e1tica todas aquellas proposiciones indecidibles para las cuales no tenemos una prueba<\/strong>, como las conjeturas matem\u00e1ticas. Un ejemplo de \u00e9stas es la<strong> conjetura de Goldbach<\/strong>, que afirma que todo n\u00famero natural par es la suma de dos n\u00fameros primos.<\/span><\/p>\n<p>&nbsp;<\/p>\n<blockquote>\n<p style=\"text-align: center;\"><span style=\"color: #008000;\"><strong><span style=\"font-size: 14pt;\">Una concepci\u00f3n m\u00e1s satisfactoria de la matem\u00e1tica fue alcanzada por Wittgenstein \u00fanicamente hasta su etapa de madurez, es decir, a partir de 1934<\/span><\/strong><\/span><\/p>\n<\/blockquote>\n<p>&nbsp;<\/p>\n<p style=\"text-align: justify;\"><span style=\"font-size: 14pt;\">Una concepci\u00f3n m\u00e1s satisfactoria de la matem\u00e1tica fue alcanzada por <strong>Wittgenstein<\/strong> \u00fanicamente hasta su etapa de madurez, es decir, a partir de 1934. La <strong><em>tesis<\/em> <em>tractariana<\/em> <\/strong>de que <strong>las proposiciones matem\u00e1ticas son reglas de sintaxis del lenguaje se conserva a\u00fan en esta etapa<\/strong>, cuando <strong>cobra m\u00e1s importancia la idea de que la matem\u00e1tica es una actividad gobernada por reglas que se expresan por medio de proposiciones<\/strong>.<\/span><\/p>\n<p>&nbsp;<\/p>\n<p><a href=\"https:\/\/puntocritico.com\/ausajpuntocritico\/2025\/02\/13\/frege\/#La_Conceptografia_de_Frege\"><img loading=\"lazy\" decoding=\"async\" class=\"aligncenter wp-image-2306961\" src=\"https:\/\/puntocritico.com\/ausajpuntocritico\/wp-content\/uploads\/2025\/02\/Conceptografia-de-Frege-300x200.webp\" alt=\"\" width=\"440\" height=\"293\" srcset=\"https:\/\/puntocritico.com\/ausajpuntocritico\/wp-content\/uploads\/2025\/02\/Conceptografia-de-Frege-300x200.webp 300w, https:\/\/puntocritico.com\/ausajpuntocritico\/wp-content\/uploads\/2025\/02\/Conceptografia-de-Frege-1024x683.webp 1024w, https:\/\/puntocritico.com\/ausajpuntocritico\/wp-content\/uploads\/2025\/02\/Conceptografia-de-Frege-768x512.webp 768w, https:\/\/puntocritico.com\/ausajpuntocritico\/wp-content\/uploads\/2025\/02\/Conceptografia-de-Frege.webp 1080w\" sizes=\"auto, (max-width: 440px) 100vw, 440px\" \/><\/a><\/p>\n<p>&nbsp;<\/p>\n<p style=\"text-align: justify;\"><span style=\"font-size: 14pt;\">Esto significa que <strong>las reglas matem\u00e1ticas<\/strong> ya no son vistas meramente como instrucciones para la manipulaci\u00f3n de s\u00edmbolos, como ocurr\u00eda en el <em><strong>Tractatus<\/strong> <\/em>sino m\u00e1s bien como <strong>la forma de establecer una conexi\u00f3n entre ciertos s\u00edmbolos y determinadas acciones<\/strong>. <\/span><\/p>\n<p>&nbsp;<\/p>\n<blockquote>\n<p style=\"text-align: center;\"><span style=\"color: #008000;\"><strong><span style=\"font-size: 14pt;\">Las reglas matem\u00e1ticas ya no son vistas meramente como instrucciones para la manipulaci\u00f3n de s\u00edmbolos, como ocurr\u00eda en el <em>Tractatus <\/em>sino m\u00e1s bien como la forma de establecer una conexi\u00f3n entre ciertos s\u00edmbolos y determinadas acciones<\/span><\/strong><\/span><\/p>\n<\/blockquote>\n<p>&nbsp;<\/p>\n<p style=\"text-align: justify;\"><span style=\"font-size: 14pt;\"><strong>Las reglas matem\u00e1ticas corresponden a ciertas pr\u00e1cticas<\/strong> -por ejemplo, la pr\u00e1ctica de calcular- <strong>que tienen un papel fundamental en el conjunto de nuestras actividades<\/strong>. Lo que constituye a una proposici\u00f3n como matem\u00e1tica en la etapa de madurez de <strong>Wittgenstein<\/strong> deja de ser en primer t\u00e9rmino su prueba o la posibilidad de encontrar alguna; <strong>as\u00ed, una proposici\u00f3n es matem\u00e1tica, por una parte, en tanto su aplicaci\u00f3n o su uso corresponde a ciertas pr\u00e1cticas, como la antes mencionada, y por otra, en la medida en que funciona como una regla para la evaluaci\u00f3n de estas pr\u00e1cticas<\/strong>.<\/span><\/p>\n<p>&nbsp;<\/p>\n<blockquote>\n<p style=\"text-align: center;\"><span style=\"color: #008000;\"><strong><span style=\"font-size: 14pt;\">Lo que constituye a una proposici\u00f3n como matem\u00e1tica en la etapa de madurez de Wittgenstein deja de ser en primer t\u00e9rmino su prueba o la posibilidad de encontrar alguna<\/span><\/strong><\/span><\/p>\n<\/blockquote>\n<p>&nbsp;<\/p>\n<p style=\"text-align: justify;\"><span style=\"font-size: 14pt;\">Por ejemplo, la ecuaci\u00f3n num\u00e9rica <em>25 x 25 = 625<\/em> nos podr\u00eda servir para juzgar si al empacar objetos en cajas de exactamente <em>25<\/em> objetos cada una, no nos falta ni nos sobra ning\u00fan objeto. Similarmente, la proposici\u00f3n \u201c<em>la suma de los cuadrados de las dimensiones de los catetos de un tri\u00e1ngulo plano rect\u00e1ngulo es igual al cuadrado de la dimensi\u00f3n de su hipotenusa<\/em>\u201d podr\u00eda ser utilizada para decidir si un determinado tri\u00e1ngulo es plano o no. <strong>Es esencial a la proposici\u00f3n matem\u00e1tica el ejemplificar una norma que gobierna determinadas actividades<\/strong> que, por falta de un t\u00e9rmino m\u00e1s general, denominamos como \u201c<em>t\u00e9cnicas de calcular<\/em>\u201d.<\/span><\/p>\n<p>&nbsp;<\/p>\n<blockquote>\n<p style=\"text-align: center;\"><span style=\"color: #008000;\"><strong><span style=\"font-size: 14pt;\">Es esencial a la proposici\u00f3n matem\u00e1tica el ejemplificar una norma que gobierna determinadas actividades que, por falta de un t\u00e9rmino m\u00e1s general, denominamos como \u201c<em>t\u00e9cnicas de calcular<\/em>\u201d<\/span><\/strong><\/span><\/p>\n<\/blockquote>\n<p>&nbsp;<\/p>\n<p style=\"text-align: justify;\"><span style=\"font-size: 14pt;\"><strong>Esta nueva concepci\u00f3n del contenido de las proposiciones matem\u00e1ticas implica una disminuci\u00f3n en la importancia de la noci\u00f3n de prueba<\/strong>. Hay que recordar que en el <em>periodo intermedio<\/em> de <strong>Wittgenstein<\/strong> la prueba consist\u00eda en la cadena que liga la proposici\u00f3n matem\u00e1tica con su respectivo sistema.<\/span><\/p>\n<p>&nbsp;<\/p>\n<blockquote>\n<p style=\"text-align: center;\"><strong><span style=\"font-size: 14pt; color: #008000;\">La conexi\u00f3n entre proposici\u00f3n y c\u00e1lculo se da en la concepci\u00f3n de la etapa de madurez no solamente a trav\u00e9s de su respectiva prueba sino tambi\u00e9n por medio de los t\u00e9rminos constituyentes de la proposici\u00f3n que, de acuerdo con lo que hemos visto, tambi\u00e9n expresan reglas matem\u00e1ticas<\/span><\/strong><\/p>\n<\/blockquote>\n<p>&nbsp;<\/p>\n<p style=\"text-align: justify;\"><span style=\"font-size: 14pt;\">La <strong>conexi\u00f3n entre proposici\u00f3n y c\u00e1lculo<\/strong> se da en la concepci\u00f3n de la etapa de madurez no solamente a trav\u00e9s de su respectiva prueba sino tambi\u00e9n por medio de los t\u00e9rminos constituyentes de la proposici\u00f3n que, de acuerdo con lo que hemos visto, tambi\u00e9n expresan reglas matem\u00e1ticas. Esto es importante porque <strong>permite incluir tambi\u00e9n conjeturas dentro del dominio matem\u00e1tico<\/strong>. <\/span><\/p>\n<p style=\"text-align: justify;\"><span style=\"font-size: 14pt;\">As\u00ed, la <em><strong>conjetura de Goldbach<\/strong><\/em> es una proposici\u00f3n matem\u00e1tica, ya que todos sus conceptos constituyentes corresponden a reglas l\u00f3gicas o matem\u00e1ticas (<em>los conceptos de \u201cn\u00famero par\u201d o \u201cn\u00famero primo\u201d, por ejemplo<\/em>) a pesar de que no hay una prueba de ella.<\/span><\/p>\n<p style=\"text-align: justify;\"><span style=\"font-size: 14pt;\">Estas son algunas de las ideas de <strong>Wittgenstein<\/strong> sobre la naturaleza de la matem\u00e1tica. Se tuvo que dejar de lado varios aspectos importantes de su concepci\u00f3n como, por ejemplo, las cuestiones de la objetividad matem\u00e1tica, su car\u00e1cter <em>a priori<\/em> y la relaci\u00f3n entre la matem\u00e1tica y su aplicaci\u00f3n. Sin embargo, es importante subrayar la tesis, que <strong>Wittgenstein<\/strong> defendi\u00f3 durante toda su vida, de que la matem\u00e1tica no habla de objetos sino que nos ofrece parte de las reglas que nos permiten hablar con sentido de la realidad.<\/span><\/p>\n<p>&nbsp;<\/p>\n<blockquote>\n<p style=\"text-align: center;\"><span style=\"color: #008000;\"><strong><span style=\"font-size: 14pt;\">Es importante subrayar la tesis, que Wittgenstein defendi\u00f3 durante toda su vida, de que la matem\u00e1tica no habla de objetos sino que nos ofrece parte de las reglas que nos permiten hablar con sentido de la realidad<\/span><\/strong><\/span><\/p>\n<\/blockquote>\n<p>&nbsp;<\/p>\n<p><a href=\"https:\/\/puntocritico.com\/ausajpuntocritico\/2022\/02\/15\/el-enigma-no-existe-wittgenstein\/\"><img loading=\"lazy\" decoding=\"async\" class=\"aligncenter wp-image-16802\" src=\"https:\/\/puntocritico.com\/ausajpuntocritico\/wp-content\/uploads\/2019\/02\/ludwig-wittgenstein-300x164.jpg\" alt=\"\" width=\"480\" height=\"262\" srcset=\"https:\/\/puntocritico.com\/ausajpuntocritico\/wp-content\/uploads\/2019\/02\/ludwig-wittgenstein-300x164.jpg 300w, https:\/\/puntocritico.com\/ausajpuntocritico\/wp-content\/uploads\/2019\/02\/ludwig-wittgenstein.jpg 653w\" sizes=\"auto, (max-width: 480px) 100vw, 480px\" \/><\/a><\/p>\n<p style=\"text-align: center;\"><strong><span style=\"color: #008000; font-size: 18pt;\">*******<\/span><\/strong><\/p>\n<h2 class=\"firstHeading\" style=\"text-align: center;\"><span style=\"font-size: 24pt;\">Tautolog\u00eda<\/span><\/h2>\n<p style=\"text-align: justify;\"><span style=\"font-size: 12pt;\"><a href=\"https:\/\/uricocho801-2cv.es.tl\/TAUTOLOGIAS.htm\" target=\"_blank\" rel=\"noopener\">MATEMATICAS DISCRETAS &#8211; TAUTOLOGIAS<\/a><\/span><\/p>\n<p><img loading=\"lazy\" decoding=\"async\" class=\"aligncenter wp-image-2307030\" src=\"https:\/\/puntocritico.com\/ausajpuntocritico\/wp-content\/uploads\/2025\/02\/Tautologia-Manos-dibujando-300x271.jpg\" alt=\"\" width=\"400\" height=\"362\" srcset=\"https:\/\/puntocritico.com\/ausajpuntocritico\/wp-content\/uploads\/2025\/02\/Tautologia-Manos-dibujando-300x271.jpg 300w, https:\/\/puntocritico.com\/ausajpuntocritico\/wp-content\/uploads\/2025\/02\/Tautologia-Manos-dibujando.jpg 469w\" sizes=\"auto, (max-width: 400px) 100vw, 400px\" \/><\/p>\n<div id=\"bodyContent\">\n<p>&nbsp;<\/p>\n<p style=\"text-align: justify;\"><span style=\"font-size: 14pt;\"><strong>Tautolog\u00eda<\/strong>\u00a0(<em>del\u00a0griego:\u00a0<strong>\u03c4\u03b1\u03c5\u03c4\u03bf\u03bb\u03bf\u03b3\u00ed\u03b1<\/strong>, discurso o razonar autoexplicativo<\/em>) es una\u00a0<strong>redundancia\u00a0\u00ab<em>explicativa<\/em>\u00ab<\/strong> debida a una calificaci\u00f3n superflua; por ejemplo: \u00ab<em>una novedosa innovaci\u00f3n<\/em>\u00ab, o como \u00ab<em>explicaban<\/em>\u00bb los pseudo-maestros a <strong><em>M. Jordan<\/em><\/strong> en\u00a0<a title=\"El burgu\u00e9s gentilhombre\" href=\"http:\/\/es.wikipedia.org\/wiki\/El_burgu%C3%A9s_gentilhombre\" target=\"_blank\" rel=\"noopener\" data-schema-attribute=\"\"><strong><em>El burgu\u00e9s gentilhombre<\/em><\/strong><\/a>\u00a0de\u00a0<a href=\"https:\/\/puntocritico.com\/ausajpuntocritico\/2022\/02\/15\/el-enigma-no-existe-wittgenstein\/\"><strong>Moli\u00e8re<\/strong><\/a>: \u00ab<em>El calor es producido por una substancia llamada\u00a0<a class=\"mw-redirect\" title=\"Flogisto\" href=\"http:\/\/es.wikipedia.org\/wiki\/Flogisto\" target=\"_blank\" rel=\"noopener\">cal\u00f3ricum<\/a>\u00ab.<\/em><\/span><\/p>\n<\/div>\n<p>&nbsp;<\/p>\n<p><img loading=\"lazy\" decoding=\"async\" class=\"aligncenter wp-image-2307404\" src=\"https:\/\/puntocritico.com\/ausajpuntocritico\/wp-content\/uploads\/2025\/03\/Tautologia-Politica-1-300x216.webp\" alt=\"\" width=\"400\" height=\"288\" srcset=\"https:\/\/puntocritico.com\/ausajpuntocritico\/wp-content\/uploads\/2025\/03\/Tautologia-Politica-1-300x216.webp 300w, https:\/\/puntocritico.com\/ausajpuntocritico\/wp-content\/uploads\/2025\/03\/Tautologia-Politica-1-1024x738.webp 1024w, https:\/\/puntocritico.com\/ausajpuntocritico\/wp-content\/uploads\/2025\/03\/Tautologia-Politica-1-768x554.webp 768w, https:\/\/puntocritico.com\/ausajpuntocritico\/wp-content\/uploads\/2025\/03\/Tautologia-Politica-1.webp 1248w\" sizes=\"auto, (max-width: 400px) 100vw, 400px\" \/><\/p>\n<p>&nbsp;<\/p>\n<div id=\"bodyContent\">\n<p style=\"text-align: center;\"><strong><span style=\"font-size: 18pt;\"><span class=\"mw-headline\">Tautolog\u00eda ret\u00f3rica<\/span><\/span><\/strong><\/p>\n<p style=\"text-align: justify;\"><span style=\"font-size: large;\">En la <\/span><span style=\"font-size: large;\">ret\u00f3rica<\/span><span style=\"font-size: large;\">\u00a0espa\u00f1ola, la <strong>redundancia<\/strong> suele entenderse como una falta de estilo, aunque a veces se utiliza intencionadamente para dar \u00e9nfasis, por ejemplo \u00ab<em>Le voy a entregar un obsequio gratis<\/em>\u00ab, \u00ab<em>lo vi con mis propios ojos<\/em>\u00ab. En este sentido, tambi\u00e9n se puede llamar\u00a0<\/span><strong><span style=\"font-size: large;\">pleonasmos<\/span><\/strong><span style=\"font-size: large;\">. Cuando la tautolog\u00eda ret\u00f3rica pretende ser una explicaci\u00f3n, y esa explicaci\u00f3n es evidentemente redundante sin aportar m\u00e1s conocimiento, se denomina\u00a0<strong><em>perogrullada<\/em><\/strong>: \u00ab<em>el ser es lo que es<\/em>\u00ab. En ocasiones, el <strong>pleonasmo<\/strong> tiene, como la\u00a0<\/span><strong><span style=\"font-size: large;\">rima<\/span><\/strong><span style=\"font-size: large;\">, una funci\u00f3n instructiva para reforzar la\u00a0<\/span><span style=\"font-size: large;\">memoria<\/span><span style=\"font-size: large;\">\u00a0de un tema.<\/span><\/p>\n<\/div>\n<p>&nbsp;<\/p>\n<p><img loading=\"lazy\" decoding=\"async\" class=\"aligncenter wp-image-2307403 size-mh-magazine-content\" src=\"https:\/\/puntocritico.com\/ausajpuntocritico\/wp-content\/uploads\/2025\/03\/Tautologia_.Creer_.Chuck-the-monk-678x381.webp\" alt=\"\" width=\"678\" height=\"381\" \/><\/p>\n<p>&nbsp;<\/p>\n<div id=\"bodyContent\">\n<h3 style=\"text-align: center;\"><strong><span class=\"mw-headline\" style=\"font-size: 18pt;\">La Tautolog\u00eda en la l\u00f3gica<\/span><\/strong><\/h3>\n<p style=\"text-align: justify;\"><span style=\"font-size: 14pt;\">Sin embargo, en\u00a0l\u00f3gica\u00a0se entiende por tautolog\u00eda aquella\u00a0<strong>proposici\u00f3n\u00a0<\/strong>cuya\u00a0<strong><a class=\"mw-redirect\" title=\"Tabla de verdad\" href=\"http:\/\/es.wikipedia.org\/wiki\/Tabla_de_verdad\" target=\"_blank\" rel=\"noopener\" data-schema-attribute=\"\">tabla de verdad<\/a><\/strong>\u00a0da siempre el valor de verdad V en todos los casos posibles de los valores de verdad (V, F) de cada una de las proposiciones que la integran, o de un modo m\u00e1s sencillo: la supuesta explicaci\u00f3n de algo mediante una\u00a0<strong><em>perogrullada<\/em><\/strong>, la \u00ab<em>explicaci\u00f3n<\/em>\u00bb o <strong>definici\u00f3n de algo mediante una ligera variaci\u00f3n de palabras que tienen en conjunto el mismo significado ya conocido de lo supuestamente explicado<\/strong> (<em>Ej.: \u00abexiste el calor porque lo provoca el <a href=\"https:\/\/puntocritico.com\/ausajpuntocritico\/2024\/04\/18\/de-la-alquimia-a-la-quimica-robert-boyle-el-ultimo-alquimista\/\">cal\u00f3rico<\/a>\u00ab<\/em>).\u00a0<\/span><\/p>\n<\/div>\n<p>&nbsp;<\/p>\n<blockquote>\n<p style=\"text-align: center;\"><strong><span style=\"font-size: 14pt; color: #008000;\">Tautolog\u00eda: <\/span><\/strong><\/p>\n<p style=\"text-align: center;\"><strong><span style=\"font-size: 14pt; color: #008000;\">En todos los casos la forma del argumento ofrece un resultado verdadero, por lo que el argumento es v\u00e1lido.<\/span><\/strong><\/p>\n<\/blockquote>\n<p>&nbsp;<\/p>\n<div id=\"bodyContent\">\n<p style=\"text-align: justify;\"><span style=\"font-size: 14pt;\"><strong>T<\/strong><\/span><span style=\"font-size: 14pt;\"><strong>autolog\u00eda<\/strong>: en todos los casos la forma del argumento ofrece un resultado verdadero, por lo que el argumento es v\u00e1lido.<\/span><\/p>\n<p style=\"text-align: justify;\"><span style=\"font-size: 14pt;\">Consideremos la proposici\u00f3n <img loading=\"lazy\" decoding=\"async\" class=\"alignnone wp-image-2307015\" src=\"https:\/\/puntocritico.com\/ausajpuntocritico\/wp-content\/uploads\/2025\/02\/Tautologia-imagen-1.jpg\" alt=\"\" width=\"70\" height=\"21\" \/>\u00a0 cuya tabla de verdad siempre ser\u00e1 verdadera. <strong>Es una tautolog\u00eda<\/strong>. Como cuando aseguramos como verdadero que \u201c<em>o llueve o no llueve<\/em>\u201d.<\/span><\/p>\n<p style=\"text-align: justify;\"><span style=\"font-size: 14pt;\">Pero en <strong>l\u00f3gica<\/strong>, lo <strong>tautol\u00f3gico<\/strong> se convierte en la esencia del discurso deductivo, o mejor dicho de la\u00a0inferencia\u00a0deductiva.<\/span><\/p>\n<\/div>\n<p>&nbsp;<\/p>\n<blockquote>\n<p style=\"text-align: center;\"><span style=\"color: #008000;\"><strong><span style=\"font-size: 14pt;\">En l\u00f3gica, lo tautol\u00f3gico se convierte en la esencia del discurso deductivo, o mejor dicho de la inferencia deductiva<\/span><\/strong><\/span><\/p>\n<\/blockquote>\n<p style=\"text-align: justify;\">\u00a0<\/p>\n<div id=\"bodyContent\">\n<p style=\"text-align: justify;\"><span style=\"font-size: 14pt;\">La\u00a0<a title=\"Validez l\u00f3gica\" href=\"http:\/\/es.wikipedia.org\/wiki\/Validez_l%C3%B3gica\" target=\"_blank\" rel=\"noopener\" data-schema-attribute=\"\">validez l\u00f3gica<\/a>\u00a0consiste precisamente en que no puede darse el caso de que\u00a0<em>siendo verdad el antecedente, no lo sea el consecuente<\/em>.<\/span><\/p>\n<p style=\"text-align: justify;\"><span style=\"font-size: 14pt;\">Dicho en otras palabras la\u00a0<strong><a class=\"mw-redirect\" title=\"Tabla de verdad\" href=\"http:\/\/es.wikipedia.org\/wiki\/Tabla_de_verdad\" target=\"_blank\" rel=\"noopener\" data-schema-attribute=\"\">tabla de verdad<\/a><\/strong>\u00a0del\u00a0esquema de inferencia\u00a0que enlaza el antecedente y el consecuente <strong>da siempre el valor de verdad V, y en todos los casos posibles de los valores de verdad de las proposiciones que la integran<\/strong>. Es una\u00a0<strong>tautolog\u00eda<\/strong>.<\/span><\/p>\n<p style=\"text-align: justify;\"><span style=\"font-size: 14pt;\">Sea el <strong>esquema de inferencia<\/strong> <img loading=\"lazy\" decoding=\"async\" class=\"alignnone wp-image-2307016\" src=\"https:\/\/puntocritico.com\/ausajpuntocritico\/wp-content\/uploads\/2025\/02\/Tautologia-imagen-2-300x30.jpg\" alt=\"\" width=\"220\" height=\"22\" srcset=\"https:\/\/puntocritico.com\/ausajpuntocritico\/wp-content\/uploads\/2025\/02\/Tautologia-imagen-2-300x30.jpg 300w, https:\/\/puntocritico.com\/ausajpuntocritico\/wp-content\/uploads\/2025\/02\/Tautologia-imagen-2.jpg 326w\" sizes=\"auto, (max-width: 220px) 100vw, 220px\" \/>\u00a0\u00a0cuya <strong>tabla de verdad<\/strong> muestra ser una <strong>tautolog\u00eda<\/strong>. Un esquema que podr\u00eda modelizarse como: \u201c<em>Si llueve el suelo est\u00e1 mojado y si el suelo est\u00e1 mojado entonces las ruedas de los coches patinan. Por tanto si llueve las ruedas de los coches patinan<\/em>\u201d. Un argumento f\u00e1cil de comprender.<\/span><\/p>\n<p style=\"text-align: justify;\"><span style=\"font-size: 14pt;\">Lo que quiere decir que\u00a0<strong>todos los argumentos deductivos v\u00e1lidos son, por definici\u00f3n, tautolog\u00edas<\/strong>.<\/span><\/p>\n<p style=\"text-align: justify;\"><span style=\"font-size: 14pt;\">Las tautolog\u00eda son infinitas en n\u00famero, pero, algunas pueden ser consideradas como\u00a0leyes l\u00f3gicas\u00a0es decir como modelos aplicables para las\u00a0inferencias, cuando operamos en un\u00a0c\u00e1lculo formal. (<em>V\u00e9ase el art\u00edculo\u00a0<a title=\"C\u00e1lculo\" href=\"http:\/\/es.wikipedia.org\/wiki\/C%C3%A1lculo\" target=\"_blank\" rel=\"noopener\" data-schema-attribute=\"\">c\u00e1lculo<\/a><\/em>).<\/span><\/p>\n<p style=\"text-align: justify;\"><span style=\"font-size: 14pt;\">Cuando en un <strong>c\u00e1lculo<\/strong> se eligen algunas <strong>leyes l\u00f3gicas<\/strong> como el fundamento de todo, es decir, como <strong>axiomas<\/strong>, entonces el c\u00e1lculo es un\u00a0<strong>c\u00e1lculo axiom\u00e1tico<\/strong>.<\/span><\/p>\n<p style=\"text-align: justify;\"><span style=\"font-size: 14pt;\">Cuando usamos tales esquemas de inferencia en el lenguaje estamos <strong>argumentando<\/strong>.<\/span><\/p>\n<p style=\"text-align: justify;\"><span style=\"font-size: 14pt;\">Igual que la l\u00f3gica, las matem\u00e1ticas pueden ser consideradas como la ciencia de hacer tautolog\u00edas particularmente elaboradas de una forma rigurosa. <strong>Un\u00a0teorema\u00a0es un ejemplo de tautolog\u00eda \u00fatil<\/strong>.<\/span><\/p>\n<p>&nbsp;<\/p>\n<p style=\"text-align: center;\"><span style=\"font-size: 14pt;\"><strong><span style=\"color: #008000;\">Las matem\u00e1ticas pueden ser consideradas como la ciencia de hacer tautolog\u00edas particularmente elaboradas de una forma rigurosa. <\/span><\/strong><\/span><\/p>\n<p style=\"text-align: center;\"><span style=\"font-size: 14pt;\"><strong><span style=\"color: #008000;\">Un\u00a0teorema\u00a0es un ejemplo de tautolog\u00eda \u00fatil.<\/span><\/strong><\/span><\/p>\n<p style=\"text-align: justify;\">\u00a0<\/p>\n<p style=\"text-align: justify;\"><span style=\"font-size: 14pt;\">Para\u00a0<a title=\"Ludwig Wittgenstein\" href=\"http:\/\/es.wikipedia.org\/wiki\/Ludwig_Wittgenstein\" target=\"_blank\" rel=\"noopener\" data-schema-attribute=\"\">Ludwig Wittgenstein<\/a>, la tautol\u00f3gica se trata de una\u00a0proposici\u00f3n\u00a0que necesariamente es verdadera (<em><strong>A<\/strong>\u00a0es igual a\u00a0<strong>A<\/strong><\/em>), con independencia de que represente un hecho real o no. De este modo se acepta \u00ab<em>a priori<\/em>\u00bb (<em>previo a la experiencia<\/em>) y sirve de\u00a0premisa\u00a0obvia.<\/span><\/p>\n<p style=\"text-align: justify;\"><span style=\"font-size: 14pt;\">Este tipo de verdades que no dependen de los hechos han sido consideradas de diversas maneras en la historia de la filosof\u00eda:\u00a0verdad necesaria,\u00a0verdad anal\u00edtica,\u00a0verdad de raz\u00f3n.<\/span><\/p>\n<p>&nbsp;<\/p>\n<\/div>\n<div class=\"ob-smartfeed-wrapper feedIdx-0\">\n<div id=\"outbrain_widget_0\" class=\"OUTBRAIN\" data-ob-contenturl=\"https:\/\/uricocho801-2cv.es.tl\/TAUTOLOGIAS.htm\" data-widget-id=\"AR_1\" data-ob-installation-key=\"DEDER1336F53KG67MGDL4PLCO\" data-ob-mark=\"true\" data-browser=\"chrome\" data-os=\"win32\" data-dynload=\"\" data-idx=\"0\">\n<div class=\"ob-widget ob-feed-layout AR_1\">\n<div class=\"ob-widget-header\">\u00a0<\/div>\n<\/div>\n<\/div>\n<\/div>\n<figure id=\"attachment_2307023\" aria-describedby=\"caption-attachment-2307023\" style=\"width: 330px\" class=\"wp-caption aligncenter\"><a href=\"https:\/\/es.wikipedia.org\/wiki\/Tabla_de_verdad\" target=\"_blank\" rel=\"noopener\" data-schema-attribute=\"\"><img loading=\"lazy\" decoding=\"async\" class=\"wp-image-2307023\" src=\"https:\/\/puntocritico.com\/ausajpuntocritico\/wp-content\/uploads\/2025\/02\/Tabla-de-verdad.jpg\" alt=\"\" width=\"330\" height=\"262\" \/><\/a><figcaption id=\"caption-attachment-2307023\" class=\"wp-caption-text\"><span style=\"color: #008000;\">Una tabla de verdad, o tabla de valores de verdades, es una tabla que muestra el valor de verdad de una proposici\u00f3n compuesta, para cada combinaci\u00f3n de verdad que se pueda asignar. Fue desarrollada por <strong>Charles Sanders Peirce<\/strong> por los a\u00f1os 1880, pero el formato m\u00e1s popular es el que introdujo <strong>Ludwig Wittgenstein<\/strong> en su <em><strong>Tractatus logico-philosophicus<\/strong><\/em>, publicado en 1921.<\/span><\/figcaption><\/figure>\n<p style=\"text-align: center;\"><span style=\"font-size: 18pt;\"><strong><span style=\"color: #008000;\">*******<\/span><\/strong><\/span><\/p>\n<h2 style=\"text-align: justify;\"><span style=\"font-size: 14pt;\"><strong>RELACIONADOS:<\/strong><\/span><\/h2>\n<blockquote class=\"wp-embedded-content\" data-secret=\"bN7NvHkM2M\"><p><a href=\"https:\/\/puntocritico.com\/ausajpuntocritico\/2022\/02\/15\/el-enigma-no-existe-wittgenstein\/\">EL ENIGMA NO EXISTE, por Ludwig Wittgenstein<\/a><\/p><\/blockquote>\n<p><iframe loading=\"lazy\" class=\"wp-embedded-content\" sandbox=\"allow-scripts\" security=\"restricted\" style=\"position: absolute; visibility: hidden;\" title=\"\u00abEL ENIGMA NO EXISTE, por Ludwig Wittgenstein\u00bb \u2014 Punto Cr\u00edtico Derechos Humanos\" src=\"https:\/\/puntocritico.com\/ausajpuntocritico\/2022\/02\/15\/el-enigma-no-existe-wittgenstein\/embed\/#?secret=IZP9NhIskM#?secret=bN7NvHkM2M\" data-secret=\"bN7NvHkM2M\" width=\"500\" height=\"282\" frameborder=\"0\" marginwidth=\"0\" marginheight=\"0\" scrolling=\"no\"><\/iframe><\/p>\n<blockquote class=\"wp-embedded-content\" data-secret=\"YM1erz0bSF\"><p><a href=\"https:\/\/puntocritico.com\/ausajpuntocritico\/2025\/02\/25\/frege-y-el-proyecto-logicista\/\">FREGE Y EL PROYECTO LOGICISTA:\u00a0Una revoluci\u00f3n en la fundamentaci\u00f3n de la filosof\u00eda, por Miguel Fonseca\u00a0<\/a><\/p><\/blockquote>\n<p><iframe loading=\"lazy\" class=\"wp-embedded-content\" sandbox=\"allow-scripts\" security=\"restricted\" style=\"position: absolute; visibility: hidden;\" title=\"\u00abFREGE Y EL PROYECTO LOGICISTA:\u00a0Una revoluci\u00f3n en la fundamentaci\u00f3n de la filosof\u00eda, por Miguel Fonseca\u00a0\u00bb \u2014 Punto Cr\u00edtico Derechos Humanos\" src=\"https:\/\/puntocritico.com\/ausajpuntocritico\/2025\/02\/25\/frege-y-el-proyecto-logicista\/embed\/#?secret=LicKeI2cf9#?secret=YM1erz0bSF\" data-secret=\"YM1erz0bSF\" width=\"500\" height=\"282\" frameborder=\"0\" marginwidth=\"0\" marginheight=\"0\" scrolling=\"no\"><\/iframe><\/p>\n<blockquote class=\"wp-embedded-content\" data-secret=\"gqo4xnmnz6\"><p><a href=\"https:\/\/puntocritico.com\/ausajpuntocritico\/2025\/02\/18\/kant-y-frege\/\">KANT Y FREGE: LOS FUNDAMENTOS DE LA ARITM\u00c9TICA, de Gottlob Frege (Parte 1)<\/a><\/p><\/blockquote>\n<p><iframe loading=\"lazy\" class=\"wp-embedded-content\" sandbox=\"allow-scripts\" security=\"restricted\" style=\"position: absolute; visibility: hidden;\" title=\"\u00abKANT Y FREGE: LOS FUNDAMENTOS DE LA ARITM\u00c9TICA, de Gottlob Frege (Parte 1)\u00bb \u2014 Punto Cr\u00edtico Derechos Humanos\" src=\"https:\/\/puntocritico.com\/ausajpuntocritico\/2025\/02\/18\/kant-y-frege\/embed\/#?secret=2PnELRn0ah#?secret=gqo4xnmnz6\" data-secret=\"gqo4xnmnz6\" width=\"500\" height=\"282\" frameborder=\"0\" marginwidth=\"0\" marginheight=\"0\" scrolling=\"no\"><\/iframe><\/p>\n<blockquote class=\"wp-embedded-content\" data-secret=\"TAzxf2kfta\"><p><a href=\"https:\/\/puntocritico.com\/ausajpuntocritico\/2025\/02\/19\/frege-y-kant\/\">FREGE Y KANT: LOS FUNDAMENTOS DE LA ARITM\u00c9TICA, de Gottlob Frege (y Parte 2)<\/a><\/p><\/blockquote>\n<p><iframe loading=\"lazy\" class=\"wp-embedded-content\" sandbox=\"allow-scripts\" security=\"restricted\" style=\"position: absolute; visibility: hidden;\" title=\"\u00abFREGE Y KANT: LOS FUNDAMENTOS DE LA ARITM\u00c9TICA, de Gottlob Frege (y Parte 2)\u00bb \u2014 Punto Cr\u00edtico Derechos Humanos\" src=\"https:\/\/puntocritico.com\/ausajpuntocritico\/2025\/02\/19\/frege-y-kant\/embed\/#?secret=03PJJ9o35G#?secret=TAzxf2kfta\" data-secret=\"TAzxf2kfta\" width=\"500\" height=\"282\" frameborder=\"0\" marginwidth=\"0\" marginheight=\"0\" scrolling=\"no\"><\/iframe><\/p>\n<blockquote class=\"wp-embedded-content\" data-secret=\"nAn7Uzc92G\"><p><a href=\"https:\/\/puntocritico.com\/ausajpuntocritico\/2025\/02\/13\/frege\/\">Gottlob Frege (1848-1925)<\/a><\/p><\/blockquote>\n<p><iframe loading=\"lazy\" class=\"wp-embedded-content\" sandbox=\"allow-scripts\" security=\"restricted\" style=\"position: absolute; visibility: hidden;\" title=\"\u00abGottlob Frege (1848-1925)\u00bb \u2014 Punto Cr\u00edtico Derechos Humanos\" src=\"https:\/\/puntocritico.com\/ausajpuntocritico\/2025\/02\/13\/frege\/embed\/#?secret=idVZv2YIjk#?secret=nAn7Uzc92G\" data-secret=\"nAn7Uzc92G\" width=\"500\" height=\"282\" frameborder=\"0\" marginwidth=\"0\" marginheight=\"0\" scrolling=\"no\"><\/iframe><\/p>\n<blockquote class=\"wp-embedded-content\" data-secret=\"lld0DlVI39\"><p><a href=\"https:\/\/puntocritico.com\/ausajpuntocritico\/2023\/07\/24\/ferdinand-de-saussure\/\">RELEYENDO A FERDINAND DE SAUSSURE: EL SIGNO LING\u00dc\u00cdSTICO<\/a><\/p><\/blockquote>\n<p><iframe loading=\"lazy\" class=\"wp-embedded-content\" sandbox=\"allow-scripts\" security=\"restricted\" style=\"position: absolute; visibility: hidden;\" title=\"\u00abRELEYENDO A FERDINAND DE SAUSSURE: EL SIGNO LING\u00dc\u00cdSTICO\u00bb \u2014 Punto Cr\u00edtico Derechos Humanos\" src=\"https:\/\/puntocritico.com\/ausajpuntocritico\/2023\/07\/24\/ferdinand-de-saussure\/embed\/#?secret=rNgcALn0sA#?secret=lld0DlVI39\" data-secret=\"lld0DlVI39\" width=\"500\" height=\"282\" frameborder=\"0\" marginwidth=\"0\" marginheight=\"0\" scrolling=\"no\"><\/iframe><\/p>\n<blockquote class=\"wp-embedded-content\" data-secret=\"YiXheIMaLy\"><p><a href=\"https:\/\/puntocritico.com\/ausajpuntocritico\/2023\/04\/05\/vigotsky\/\">\u00abLA RELACI\u00d3N ENTRE LENGUAJE Y PENSAMIENTO DE VIGOTSKY EN EL DESARROLLO DE LA PSICOLING\u00dc\u00cdSTICA MODERNA\u00bb, por Carlos J. \u00c1lvarez Gonz\u00e1lez<\/a><\/p><\/blockquote>\n<p><iframe loading=\"lazy\" class=\"wp-embedded-content\" sandbox=\"allow-scripts\" security=\"restricted\" style=\"position: absolute; visibility: hidden;\" title=\"\u00ab\u00abLA RELACI\u00d3N ENTRE LENGUAJE Y PENSAMIENTO DE VIGOTSKY EN EL DESARROLLO DE LA PSICOLING\u00dc\u00cdSTICA MODERNA\u00bb, por Carlos J. \u00c1lvarez Gonz\u00e1lez\u00bb \u2014 Punto Cr\u00edtico Derechos Humanos\" src=\"https:\/\/puntocritico.com\/ausajpuntocritico\/2023\/04\/05\/vigotsky\/embed\/#?secret=6XhHSlCLu6#?secret=YiXheIMaLy\" data-secret=\"YiXheIMaLy\" width=\"500\" height=\"282\" frameborder=\"0\" marginwidth=\"0\" marginheight=\"0\" scrolling=\"no\"><\/iframe><\/p>\n<blockquote class=\"wp-embedded-content\" data-secret=\"vc12Umgzpf\"><p><a href=\"https:\/\/puntocritico.com\/ausajpuntocritico\/2023\/05\/01\/causas-de-la-felicidad-bertrand-russell-1930\/\">CAUSAS DE LA FELICIDAD: (LA CONQUISTA DE LA FELICIDAD, de Bertrand Russell &#8211; 1930): \u00ab\u00bfEs todav\u00eda posible la felicidad?\u00bb, \u00abIntereses no personales\u00bb, \u00abEsfuerzo y resignaci\u00f3n\u00bb y \u00abEl hombre feliz\u00bb.<\/a><\/p><\/blockquote>\n<p><iframe loading=\"lazy\" class=\"wp-embedded-content\" sandbox=\"allow-scripts\" security=\"restricted\" style=\"position: absolute; visibility: hidden;\" title=\"\u00abCAUSAS DE LA FELICIDAD: (LA CONQUISTA DE LA FELICIDAD, de Bertrand Russell &#8211; 1930): \u00ab\u00bfEs todav\u00eda posible la felicidad?\u00bb, \u00abIntereses no personales\u00bb, \u00abEsfuerzo y resignaci\u00f3n\u00bb y \u00abEl hombre feliz\u00bb.\u00bb \u2014 Punto Cr\u00edtico Derechos Humanos\" src=\"https:\/\/puntocritico.com\/ausajpuntocritico\/2023\/05\/01\/causas-de-la-felicidad-bertrand-russell-1930\/embed\/#?secret=IU0Jp9q4ub#?secret=vc12Umgzpf\" data-secret=\"vc12Umgzpf\" width=\"500\" height=\"282\" frameborder=\"0\" marginwidth=\"0\" marginheight=\"0\" scrolling=\"no\"><\/iframe><\/p>\n<p>&nbsp;<\/p>\n<p>&nbsp;<\/p>\n<p><a href=\"https:\/\/puntocritico.com\/ausajpuntocritico\/author\/punto-critico\/\"><img loading=\"lazy\" decoding=\"async\" class=\"aligncenter wp-image-48\" src=\"https:\/\/puntocritico.com\/ausajpuntocritico\/wp-content\/uploads\/2016\/11\/Mosca_Punto_Cr\u00edtico_40.png\" alt=\"\" width=\"80\" height=\"80\" data-id=\"48\" \/><\/a><\/p>\n<p>&nbsp;<\/p>\n","protected":false},"excerpt":{"rendered":"<div class=\"mh-excerpt\"><p>WITTGENSTEIN Y LA FILOSOF\u00cdA DE LA MATEM\u00c1TICA &nbsp; \u00bfQu\u00e9 es lo que empez\u00f3? \u00abEn la actualidad la estructura t\u00e9cnica del poder es casi un poder absoluto que ejerce funciones de \u2018naturaleza\u2019 y exige unos relatos <a class=\"mh-excerpt-more\" href=\"https:\/\/puntocritico.com\/ausajpuntocritico\/2025\/03\/03\/wittgenstein-y-la-filosofia-de-la-matematica\/\" title=\"WITTGENSTEIN Y LA FILOSOF\u00cdA DE LA MATEM\u00c1TICA, por Silvio Pinto\">[&#8230;]<\/a><\/p>\n<\/div>","protected":false},"author":3,"featured_media":2307003,"comment_status":"closed","ping_status":"closed","sticky":false,"template":"","format":"standard","meta":{"_acf_changed":false,"_exactmetrics_skip_tracking":false,"_exactmetrics_sitenote_active":false,"_exactmetrics_sitenote_note":"","_exactmetrics_sitenote_category":0,"footnotes":""},"categories":[8],"tags":[160,58,159],"class_list":{"0":"post-2306996","1":"post","2":"type-post","3":"status-publish","4":"format-standard","5":"has-post-thumbnail","7":"category-filosofia","8":"tag-frege","9":"tag-russell","10":"tag-wittgenstein"},"acf":[],"_links":{"self":[{"href":"https:\/\/puntocritico.com\/ausajpuntocritico\/wp-json\/wp\/v2\/posts\/2306996","targetHints":{"allow":["GET"]}}],"collection":[{"href":"https:\/\/puntocritico.com\/ausajpuntocritico\/wp-json\/wp\/v2\/posts"}],"about":[{"href":"https:\/\/puntocritico.com\/ausajpuntocritico\/wp-json\/wp\/v2\/types\/post"}],"author":[{"embeddable":true,"href":"https:\/\/puntocritico.com\/ausajpuntocritico\/wp-json\/wp\/v2\/users\/3"}],"replies":[{"embeddable":true,"href":"https:\/\/puntocritico.com\/ausajpuntocritico\/wp-json\/wp\/v2\/comments?post=2306996"}],"version-history":[{"count":0,"href":"https:\/\/puntocritico.com\/ausajpuntocritico\/wp-json\/wp\/v2\/posts\/2306996\/revisions"}],"wp:featuredmedia":[{"embeddable":true,"href":"https:\/\/puntocritico.com\/ausajpuntocritico\/wp-json\/wp\/v2\/media\/2307003"}],"wp:attachment":[{"href":"https:\/\/puntocritico.com\/ausajpuntocritico\/wp-json\/wp\/v2\/media?parent=2306996"}],"wp:term":[{"taxonomy":"category","embeddable":true,"href":"https:\/\/puntocritico.com\/ausajpuntocritico\/wp-json\/wp\/v2\/categories?post=2306996"},{"taxonomy":"post_tag","embeddable":true,"href":"https:\/\/puntocritico.com\/ausajpuntocritico\/wp-json\/wp\/v2\/tags?post=2306996"}],"curies":[{"name":"wp","href":"https:\/\/api.w.org\/{rel}","templated":true}]}}