{"id":2306311,"date":"2025-01-29T00:05:40","date_gmt":"2025-01-28T23:05:40","guid":{"rendered":"https:\/\/puntocritico.com\/ausajpuntocritico\/?p=2306311"},"modified":"2025-01-29T09:23:09","modified_gmt":"2025-01-29T08:23:09","slug":"antecedentes-de-la-evaluacion-de-impacto-ambiental","status":"publish","type":"post","link":"https:\/\/puntocritico.com\/ausajpuntocritico\/2025\/01\/29\/antecedentes-de-la-evaluacion-de-impacto-ambiental\/","title":{"rendered":"ANTECEDENTES DE LA EVALUACI\u00d3N DE IMPACTO AMBIENTAL EN EL DERECHO ESPA\u00d1OL"},"content":{"rendered":"<p style=\"text-align: justify;\"><span style=\"font-size: 14pt; color: #008000;\">ANTECEDENTES DE LA EVALUACI\u00d3N DE IMPACTO AMBIENTAL<\/span><\/p>\n\n<p style=\"text-align: center;\">\u00a0<\/p>\n<blockquote>\n<h2 style=\"text-align: center;\"><span style=\"font-size: 24pt;\">ANTECEDENTES DE LA EVALUACI\u00d3N DE IMPACTO AMBIENTAL EN EL DERECHO ESPA\u00d1OL<\/span><\/h2>\n<p style=\"text-align: center;\"><span style=\"font-size: 14pt;\"><strong>MEDIO AMBIENTE, INDUSTRIA Y AUTORIZACI\u00d3N DE ACTIVIDADES INDUSTRIALES<\/strong><\/span><\/p>\n<p style=\"text-align: justify;\"><span style=\"font-size: 14pt;\">Por <a href=\"https:\/\/puntocritico.com\/ausaj\/documentos\/Curriculum_Vitae_JDF.pdf\">Jes\u00fas D\u00edaz Formoso<\/a>, Abogado<\/span><\/p>\n<p style=\"text-align: justify;\"><span style=\"font-size: 14pt;\"><a href=\"https:\/\/puntocritico.com\/ausajpuntocritico\/punto-critico-1a-etapa-1995-2001\/\">Punto Cr\u00edtico num 1<\/a>, octubre 1.995<\/span><\/p>\n<p><a href=\"https:\/\/puntocritico.com\/ausajpuntocritico\/punto-critico-1a-etapa-1995-2001\/\"><img loading=\"lazy\" decoding=\"async\" class=\"aligncenter wp-image-2306055\" src=\"https:\/\/puntocritico.com\/ausajpuntocritico\/wp-content\/uploads\/2025\/01\/pag01-205x300.jpg\" alt=\"\" width=\"300\" height=\"439\" srcset=\"https:\/\/puntocritico.com\/ausajpuntocritico\/wp-content\/uploads\/2025\/01\/pag01-205x300.jpg 205w, https:\/\/puntocritico.com\/ausajpuntocritico\/wp-content\/uploads\/2025\/01\/pag01.jpg 670w\" sizes=\"auto, (max-width: 300px) 100vw, 300px\" \/><\/a><\/p>\n<p style=\"text-align: justify;\">\n<span style=\"font-size: 14pt;\">Desde el Siglo XI, con la aparici\u00f3n de la estructura gremial, comienza una regulaci\u00f3n de las actividades industriales, que m\u00e1s bien se puede denominar autoorganizaci\u00f3n, en la que los sujetos privados aparec\u00edan, de alguna manera, investidos de poder p\u00fablico. La estructura gremial constitu\u00eda un aut\u00e9ntico freno al libre ejercicio de la industria. Esta situaci\u00f3n dur\u00f3 hasta bien entrado el siglo XVIII. Ser\u00e1 con la doctrina mercantilista, en el siglo XVII, cuyo postulado se basa en que la libertad es la esencia del comercio y que reclama como sistema pol\u00edtico la seguridad y la autoridad del absolutismo, cuando comienza a producirse el despegue de una incipiente industria. Sin embargo, el mismo desarrollo de la doctrina mercantilista supondr\u00e1 el fin del absolutismo, levantando contra el poder mon\u00e1rquico a una burgues\u00eda que se juzga lo suficientemente fuerte para exigir una parcela del poder.<\/span><\/p>\n<p style=\"text-align: justify;\"><span style=\"font-size: 14pt;\">El siglo XVI es una \u00e9poca de revoluci\u00f3n cient\u00edfica, con <strong>Bacon<\/strong>, <strong>Kepler<\/strong>, <strong>Galileo<\/strong>, <strong>Descartes<\/strong>, <strong>Pascal<\/strong> o <strong>Newton<\/strong>. Las consecuencias pol\u00edticas de este progreso cient\u00edfico no ser\u00e1n inmediatas y habr\u00e1 que esperar hasta el <em><strong>Siglo de las Luces<\/strong><\/em>, el XVIII, para ver un verdadero ascenso de la burgues\u00eda, hasta el punto de que sea capaz de levantar la <em><strong>Revoluci\u00f3n Francesa<\/strong><\/em> y con ella alcanzar en el siglo XIX las m\u00e1s altas cotas del capitalismo \u00ab<em>salvaje<\/em>\u00ab.<\/span><\/p>\n<p style=\"text-align: justify;\"><span style=\"font-size: 14pt;\">Ser\u00e1 en el tercer decenio del Siglo XX cuando surge el Estado interventor y, a la vez, comienza la positivaci\u00f3n del principio de la libertad de industria. Hab\u00eda que superar el postulado liberal tradicional seg\u00fan el cual cualquier interferencia del Estado en el libre desarrollo de la econom\u00eda (<em>y en las actividades industriales<\/em>) constituir\u00eda una agresi\u00f3n a la \u00ab<em><strong>mano invisible<\/strong><\/em>\u00ab, que proporcionaba el adecuado nivel de bienestar a la comunidad mediante la libre conjunci\u00f3n de oferta y demanda. El objetivo prioritario de la intervenci\u00f3n p\u00fablica ser\u00e1 el control del desarrollo industrial, afrontando las consecuencias que puede tener sobre otros \u00e1mbitos.<\/span><\/p>\n<p style=\"text-align: justify;\"><span style=\"font-size: 14pt;\">La filosof\u00eda intervencionista surge de la constataci\u00f3n del hecho de que la falta de control p\u00fablico tendr\u00eda consecuencias negativas sobre todo el sistema econ\u00f3mico. En palabras de <strong>Villar Palas\u00ed<\/strong>, las grandes crisis econ\u00f3micas han sido siempre el gran motor del proceso de intervenci\u00f3n p\u00fablica sobre la econom\u00eda.<\/span><\/p>\n<p style=\"text-align: justify;\"><span style=\"font-size: 14pt;\">En el momento actual, <strong>el an\u00e1lisis de la intervenci\u00f3n administrativa en la industria<\/strong> ha de hacerse desde cada ordenamiento sectorial, que va a dise\u00f1ar una singular variedad de intervenci\u00f3n administrativa. En concreto, el ordenamiento sectorial que en los \u00faltimos a\u00f1os ha supuesto una mayor intervenci\u00f3n p\u00fablica sobre la industria ha sido el que engloba al medio ambiente junto a los recursos naturales, en cuyo \u00e1mbito se integran una serie de bienes que son especialmente sensibles a las actividades industriales.<\/span><\/p>\n<p style=\"text-align: justify;\"><span style=\"font-size: 14pt;\">La industria, en medio de la euforia econ\u00f3mica de los a\u00f1os sesenta, no se preocup\u00f3 de la capacidad del medio para soportar el desarrollo econ\u00f3mico, y ser\u00e1 en la d\u00e9cada de los a\u00f1os setenta cuando esa preocupaci\u00f3n comienza a manifestarse. En los a\u00f1os ochenta se comienza a tomar verdaderamente en serio el problema por parte del gran p\u00fablico, y los a\u00f1os noventa han transportado esa preocupaci\u00f3n a la misma industria, a veces por efecto de la propia intervenci\u00f3n administrativa, pero cada vez m\u00e1s por instinto de autoconservaci\u00f3n, pues para garantizar un crecimiento estable ha de cuidarse el elemento que lo permite, el medio ambiente y los recursos naturales. Sin embargo, este es un gran reto que a todos incumbe, y cuyo coste econ\u00f3mico no debe ni puede ser soportado por el sector industrial solamente.<\/span><\/p>\n<p style=\"text-align: justify;\"><span style=\"font-size: 14pt;\">El concepto descrito en el p\u00e1rrafo anterior se describe hoy en d\u00eda con un nombre: \u00ab<em><strong>desarrollo sostenible<\/strong><\/em>\u00ab. Por medio de \u00e9l se pretende superar el desarrollo indiscriminado o desarrollismo, que no considera otros factores m\u00e1s all\u00e1 de la propia producci\u00f3n, que pudieran rebajar la m\u00e1xima rentabilidad de la actividad industrial. El nuevo planteamiento opta por una intervenci\u00f3n p\u00fablica capaz de conciliar el desarrollo econ\u00f3mico-industrial con la conservaci\u00f3n del medio ambiente y los recursos naturales, introduciendo mesura y racionalidad en el desarrollo econ\u00f3mico global. Este es el punto de vista de la <strong>Constituci\u00f3n Espa\u00f1ola en su art\u00edculo 45<\/strong> y del <strong>Tratado Constitutivo de la Comunidad Europea<\/strong>, con las reformas del <strong>Acta \u00danica <\/strong>y del <strong>Tratado de Maastricht<\/strong>.<\/span><\/p>\n<p style=\"text-align: justify;\"><span style=\"font-size: 14pt;\">Teniendo siempre presente que <strong>la determinaci\u00f3n de las actividades industriales con incidencia ambiental es una tarea de car\u00e1cter no jur\u00eddico<\/strong>, nosotros hemos de centrarnos en aquellas que la normativa vigente concept\u00faa como tales. Pese a que entre las actividades industriales reguladas jur\u00eddicamente por repercutir negativamente sobre el medio ambiente no est\u00e1n todas las que son, s\u00ed podemos asegurar que son todas las que est\u00e1n.<\/span><\/p>\n<p>&nbsp;<\/p>\n<p><img loading=\"lazy\" decoding=\"async\" class=\"aligncenter wp-image-2306551\" src=\"https:\/\/puntocritico.com\/ausajpuntocritico\/wp-content\/uploads\/2025\/01\/Chimeneas-industriales-1-300x225.jpg\" alt=\"\" width=\"360\" height=\"270\" srcset=\"https:\/\/puntocritico.com\/ausajpuntocritico\/wp-content\/uploads\/2025\/01\/Chimeneas-industriales-1-300x225.jpg 300w, https:\/\/puntocritico.com\/ausajpuntocritico\/wp-content\/uploads\/2025\/01\/Chimeneas-industriales-1-326x245.jpg 326w, https:\/\/puntocritico.com\/ausajpuntocritico\/wp-content\/uploads\/2025\/01\/Chimeneas-industriales-1-80x60.jpg 80w, https:\/\/puntocritico.com\/ausajpuntocritico\/wp-content\/uploads\/2025\/01\/Chimeneas-industriales-1.jpg 450w\" sizes=\"auto, (max-width: 360px) 100vw, 360px\" \/><\/p>\n<p>&nbsp;<\/p>\n<p style=\"text-align: justify;\"><span style=\"font-size: 14pt;\">Siguiendo la clasificaci\u00f3n que <strong>J.M. Corella<\/strong> establece de las actividades fiscalizables por las administraciones p\u00fablicas en defensa del medio ambiente, en funci\u00f3n del medio receptor de la contaminaci\u00f3n generada, haremos menci\u00f3n de las siguientes:<\/span><\/p>\n<p><span style=\"font-size: 14pt;\">1.- Actividades que producen poluci\u00f3n de las aguas:<\/span><\/p>\n<ul style=\"text-align: justify;\">\n<li><span style=\"font-size: 14pt;\">Contaminaci\u00f3n por vertidos de aguas residuales no depuradas (<em>de origen dom\u00e9stico o industrial<\/em>).<\/span><\/li>\n<li><span style=\"font-size: 14pt;\">Contaminaci\u00f3n como consecuencia de vertido de aguas procedentes de enfriamiento industrial.<\/span><\/li>\n<li><span style=\"font-size: 14pt;\">Arrastre de plaguicidas y herbicidas.<\/span><\/li>\n<li><span style=\"font-size: 14pt;\">Arrastre de s\u00f3lidos.<\/span><\/li>\n<li><span style=\"font-size: 14pt;\">Vertidos de aguas con detergentes.<\/span><\/li>\n<\/ul>\n<p><span style=\"font-size: 14pt;\">2.- Actividades que producen contaminaci\u00f3n atmosf\u00e9rica:<\/span><\/p>\n<ul style=\"text-align: justify;\">\n<li><span style=\"font-size: 14pt;\">Emanaciones de gases y humos nocivos (<em>actividades industriales, dom\u00e9sticas y veh\u00edculos<\/em>).<\/span><\/li>\n<li><span style=\"font-size: 14pt;\">Emanaciones de calor con origen en las mismas fuentes.<\/span><\/li>\n<li><span style=\"font-size: 14pt;\">Falta de regeneraci\u00f3n de ox\u00edgeno (<em>supresi\u00f3n de \u00e1rboles, tala de bosques<\/em>).<\/span><\/li>\n<\/ul>\n<p><span style=\"font-size: 14pt;\">3.- Actividades que producen degradaci\u00f3n de suelos:<\/span><\/p>\n<ul style=\"text-align: justify;\">\n<li><span style=\"font-size: 14pt;\">El \u00e1mbito de los cultivos (<em>explotaciones intensivas, fertilizantes qu\u00edmicos<\/em>).<\/span><\/li>\n<li><span style=\"font-size: 14pt;\">Edificaciones.<\/span><\/li>\n<\/ul>\n<p style=\"text-align: justify;\"><span style=\"font-size: 14pt;\">Dentro del conjunto de actividades que degradan el medio ambiente, las actividades industriales constituyen el supuesto m\u00e1s significativo por tener una incidencia clara en los problemas ambientales, como la degradaci\u00f3n de la capa de ozono, la lluvia \u00e1cida, el efecto invernadero, contaminaci\u00f3n de las aguas y los mares, etc. Este es el motivo que aduce el legislador para someter cualquier actividad, por el solo hecho de ser considerada como industrial, a una mayor y m\u00e1s intensa intervenci\u00f3n de los poderes p\u00fablicos. Por ello, <strong>la calificaci\u00f3n de una actividad como industrial determinar\u00e1 un espec\u00edfico r\u00e9gimen de intervenci\u00f3n propio de tales actividades<\/strong>.<\/span><\/p>\n<p style=\"text-align: justify;\"><span style=\"font-size: 14pt;\">Podemos establecer el concepto de actividad industrial, en primer lugar, excluyendo las actividades comerciales y las agr\u00edcolas forestales. A la vez, hemos de definir positivamente el concepto, siendo esta labor de mayor dificultad, pues la normativa ofrece ejemplos en otros \u00e1mbitos como el mercantil, donde el concepto de industria queda absorbido dentro del de empresa, o el fiscal, donde se confunde con actividad econ\u00f3mica, pero no encontramos dentro de la normativa administrativa tal concepto.<\/span><\/p>\n<p style=\"text-align: justify;\"><span style=\"font-size: 14pt;\">Ser\u00e1 con la aparici\u00f3n de la <strong>Ley 21\/1992, de 16 de julio, de Industria<\/strong>, cuando se establecer\u00e1 la delimitaci\u00f3n del \u00e1mbito administrativo de las actividades industriales. Su <strong>art\u00edculo 3.1<\/strong> indica que se consideran industrias \u00ab<em>las actividades dirigidas a la obtenci\u00f3n, reparaci\u00f3n, mantenimiento, transformaci\u00f3n o reutilizaci\u00f3n de productos industriales, el envasado y embalaje, as\u00ed como el aprovechamiento, recuperaci\u00f3n y eliminaci\u00f3n de residuos o subproductos, cualquiera que sea la naturaleza de los recursos y procesos t\u00e9cnicos utilizados<\/em>\u00ab.<\/span><\/p>\n<p style=\"text-align: justify;\"><span style=\"font-size: 14pt;\">El <strong>art\u00edculo 8.4 de esta ley<\/strong> establece que se regir\u00e1n por ella, en lo no previsto por su legislaci\u00f3n espec\u00edfica, las siguientes actividades:<\/span><\/p>\n<p style=\"padding-left: 40px;\"><span style=\"font-size: 14pt;\">a) <strong>Generaci\u00f3n<\/strong>, distribuci\u00f3n y suministro de <strong>energ\u00eda<\/strong> y productos energ\u00e9ticos.<\/span><br \/>\n<span style=\"font-size: 14pt;\">b) Investigaci\u00f3n, aprovechamiento y beneficio de yacimientos minerales y recursos geol\u00f3gicos.<\/span><br \/>\n<span style=\"font-size: 14pt;\">c) Instalaciones nucleares y radiactivas.<\/span><br \/>\n<span style=\"font-size: 14pt;\">d) Industrias de fabricaci\u00f3n de armas, explosivos y aquellas de inter\u00e9s para la defensa nacional.<\/span><br \/>\n<span style=\"font-size: 14pt;\">e) Industrias alimentarias, agrarias, pecuarias, forestales y pesqueras.<\/span><br \/>\n<span style=\"font-size: 14pt;\">f) Actividades industriales relacionadas con transporte y telecomunicaciones.<\/span><br \/>\n<span style=\"font-size: 14pt;\">g) Industrias relativas a medicamentos y sanidad.<\/span><br \/>\n<span style=\"font-size: 14pt;\">h) Industrias dedicadas al fomento de la cultura.<\/span><br \/>\n<span style=\"font-size: 14pt;\">i) Actividades tur\u00edsticas.<\/span><\/p>\n<p>&nbsp;<\/p>\n<figure id=\"attachment_2306549\" aria-describedby=\"caption-attachment-2306549\" style=\"width: 470px\" class=\"wp-caption aligncenter\"><a href=\"https:\/\/www.elmundo.es\/elmundo\/2011\/09\/09\/galicia\/1315588078.html\" target=\"_blank\" rel=\"noopener\" data-schema-attribute=\"\"><img loading=\"lazy\" decoding=\"async\" class=\"wp-image-2306549 size-full\" src=\"https:\/\/puntocritico.com\/ausajpuntocritico\/wp-content\/uploads\/2025\/01\/desplome-del-Vertedero-de-Bens-La-Coruna-2.jpg\" alt=\"\" width=\"470\" height=\"313\" srcset=\"https:\/\/puntocritico.com\/ausajpuntocritico\/wp-content\/uploads\/2025\/01\/desplome-del-Vertedero-de-Bens-La-Coruna-2.jpg 470w, https:\/\/puntocritico.com\/ausajpuntocritico\/wp-content\/uploads\/2025\/01\/desplome-del-Vertedero-de-Bens-La-Coruna-2-300x200.jpg 300w\" sizes=\"auto, (max-width: 470px) 100vw, 470px\" \/><\/a><figcaption id=\"caption-attachment-2306549\" class=\"wp-caption-text\"><span style=\"color: #008000;\">Desmoronamiento del Vertedero de Bens, La Coru\u00f1a<\/span><\/figcaption><\/figure>\n<p>&nbsp;<\/p>\n<p style=\"text-align: justify;\"><span style=\"font-size: 14pt;\">Por otra parte, tenemos referencias de lo que puede ser la actividad industrial. La <strong>Orden de 18 de octubre de 1976<\/strong> <strong>sobre prevenci\u00f3n y correcci\u00f3n de contaminaci\u00f3n de origen industrial<\/strong> abarca sectores como: <em>energ\u00eda<\/em>, miner\u00eda, siderurgia, qu\u00edmica, metalurgia, textil, alimentaria, madera, materiales de construcci\u00f3n, de la piel y las actividades agroindustriales. Tambi\u00e9n podemos encontrar cat\u00e1logos de actividades en otras leyes, como la <strong>Ley de 14 de mayo de 1986 de residuos t\u00f3xicos y peligrosos<\/strong>, o en la <strong>Directiva comunitaria de 28 de junio de 1984 relativa a la lucha contra la contaminaci\u00f3n atmosf\u00e9rica procedente de instalaciones industriales<\/strong>.<\/span><\/p>\n<p style=\"text-align: justify;\"><span style=\"font-size: 14pt;\">Todo ello hace que, siguiendo al profesor <strong>Vera Jurado<\/strong>, consideremos un concepto amplio de actividad industrial, que ser\u00e1n:<\/span><\/p>\n<p style=\"text-align: justify;\"><span style=\"font-size: 14pt;\">1) los procesos de obtenci\u00f3n de productos mediante operaciones que tienen por base procedimientos qu\u00edmicos, el\u00e9ctricos, nucleares o mixtos.<\/span><\/p>\n<p style=\"text-align: justify;\"><span style=\"font-size: 14pt;\">2) Procesos de obtenci\u00f3n y transformaci\u00f3n de <strong>energ\u00eda<\/strong> de cualquier tipo y naturaleza.<\/span><\/p>\n<p style=\"text-align: justify;\"><span style=\"font-size: 14pt;\">3) Distribuci\u00f3n y transporte de energ\u00edas de cualquier tipo o naturaleza.<\/span><\/p>\n<p style=\"text-align: justify;\"><span style=\"font-size: 14pt;\">4) Las actividades complementarias de todas las anteriores, especialmente las que se refieren a residuos y almacenamiento.<\/span><\/p>\n<p style=\"text-align: justify;\"><span style=\"font-size: 14pt;\">Hemos de destacar que el propio <strong>Tribunal Supremo<\/strong>, que ven\u00eda manteniendo un criterio restrictivo, seg\u00fan el cual ser\u00edan actividades industriales el conjunto de operaciones necesarias para la obtenci\u00f3n, transformaci\u00f3n, y transporte de uno o varios productos, comienza, incluso con anterioridad a la promulgaci\u00f3n de la vigente <strong>Ley de industria<\/strong>, a hacerse eco de un concepto amplio de actividad industrial, y as\u00ed en la <strong>Sentencia de 18 de abril de 1,990<\/strong>, se considera que los <em><strong>vertederos<\/strong><\/em> constituyen verdaderas actividades industriales sometidas a todas las t\u00e9cnicas de control que establece la normativa vigente.<\/span><\/p>\n<p>&nbsp;<\/p>\n<figure id=\"attachment_2306550\" aria-describedby=\"caption-attachment-2306550\" style=\"width: 470px\" class=\"wp-caption aligncenter\"><a href=\"https:\/\/www.lavozdegalicia.es\/album\/coruna\/coruna\/2020\/02\/17\/derrumbe-vertedero-bens\/01101581958437033706995.htm\" target=\"_blank\" rel=\"noopener\" data-schema-attribute=\"\"><img loading=\"lazy\" decoding=\"async\" class=\"wp-image-2306550 size-full\" src=\"https:\/\/puntocritico.com\/ausajpuntocritico\/wp-content\/uploads\/2025\/01\/desplome-del-Vertedero-de-Bens-La-Coruna-1.jpg\" alt=\"\" width=\"470\" height=\"313\" srcset=\"https:\/\/puntocritico.com\/ausajpuntocritico\/wp-content\/uploads\/2025\/01\/desplome-del-Vertedero-de-Bens-La-Coruna-1.jpg 470w, https:\/\/puntocritico.com\/ausajpuntocritico\/wp-content\/uploads\/2025\/01\/desplome-del-Vertedero-de-Bens-La-Coruna-1-300x200.jpg 300w\" sizes=\"auto, (max-width: 470px) 100vw, 470px\" \/><\/a><figcaption id=\"caption-attachment-2306550\" class=\"wp-caption-text\"><span style=\"color: #008000;\">Desplome del Vertedero de Bens, La Coru\u00f1a<\/span><\/figcaption><\/figure>\n<p>&nbsp;<\/p>\n<h3 style=\"text-align: center;\"><span style=\"font-size: 18pt;\">La Ley 21\/1.992 de 16 de Julio, de Industria<\/span><\/h3>\n<p style=\"text-align: justify;\"><span style=\"font-size: 14pt;\">La ley se inserta en el marco delimitado por la <strong>Constituci\u00f3n espa\u00f1ola<\/strong>, en la cual no hay referencia expresa a la industria, pero s\u00ed a la actividad econ\u00f3mica, de cuyo conjunto forma parte.<\/span><\/p>\n<p style=\"text-align: justify;\"><span style=\"font-size: 14pt;\">Constituye la norma b\u00e1sica que sistematiza el variado elenco de disposiciones de diverso rango que hoy rigen en materia de industria, cubriendo a la vez las importantes lagunas existentes, entre ellas las relativas al registro de establecimientos industriales de \u00e1mbito estatal y al r\u00e9gimen sancionador en materia de seguridad industrial. Tambi\u00e9n cumple la funci\u00f3n de adaptaci\u00f3n de la actividad industrial en Espa\u00f1a a la derivada de las normas comunitarias, lo que implica especialmente la compatibilizaci\u00f3n de los instrumentos de pol\u00edtica industrial con los de la libre competencia y circulaci\u00f3n de mercanc\u00edas. Tambi\u00e9n en materia de seguridad y calidad industriales se tiene en cuenta el objetivo de eliminaci\u00f3n de barreras t\u00e9cnicas a trav\u00e9s de la normalizaci\u00f3n y la armonizaci\u00f3n de las reglamentaciones e instrumentos de control, as\u00ed como el nuevo enfoque comunitario basado en la progresiva sustituci\u00f3n de la tradicional homologaci\u00f3n administrativa de productos, cada vez m\u00e1s complejas, por la certificaci\u00f3n que realizan empresas y otras entidades, con la correspondiente supervisi\u00f3n de sus actuaciones por parte de los poderes p\u00fablicos (<em>\u00e9ste es el germen de la denominada \u00ab<strong>Ecoetiqueta<\/strong>\u201d<\/em>).<\/span><\/p>\n<p style=\"text-align: justify;\"><span style=\"font-size: 14pt;\">Sus objetivos son:<\/span><\/p>\n<p style=\"padding-left: 40px;\"><span style=\"font-size: 14pt;\">A) Establecer las normas b\u00e1sicas de ordenaci\u00f3n de las actividades industriales por las Administraciones P\u00fablicas,<\/span><\/p>\n<p style=\"padding-left: 40px;\"><span style=\"font-size: 14pt;\">B) Fijar los medios y procedimientos para coordinar las competencias en materia de industria de dichas Administraciones.<\/span><\/p>\n<p style=\"padding-left: 40px;\"><span style=\"font-size: 14pt;\">C) Regular la actuaci\u00f3n de la Administraci\u00f3n del Estado en relaci\u00f3n con el sector industrial.<\/span><\/p>\n<p>&nbsp;<\/p>\n<p style=\"text-align: justify;\"><img loading=\"lazy\" decoding=\"async\" class=\"aligncenter wp-image-10578\" src=\"https:\/\/puntocritico.com\/ausajpuntocritico\/wp-content\/uploads\/2018\/04\/revolucion-industrial-en-inglaterra.jpg\" alt=\"\" width=\"360\" height=\"251\" srcset=\"https:\/\/puntocritico.com\/ausajpuntocritico\/wp-content\/uploads\/2018\/04\/revolucion-industrial-en-inglaterra.jpg 328w, https:\/\/puntocritico.com\/ausajpuntocritico\/wp-content\/uploads\/2018\/04\/revolucion-industrial-en-inglaterra-300x209.jpg 300w\" sizes=\"auto, (max-width: 360px) 100vw, 360px\" \/><\/p>\n<p>&nbsp;<\/p>\n<h3 style=\"text-align: center;\"><span style=\"font-size: 18pt;\">Autorizaci\u00f3n de Actividades Industriales<\/span><\/h3>\n<p style=\"text-align: justify;\"><span style=\"font-size: 14pt;\">La <strong>Ley de Industria <em>deroga<\/em><\/strong> la anterior <strong>Ley de 1.939, de Ordenaci\u00f3n y Defensa de la Industria nacional<\/strong>, la cual, fruto de su tiempo, otorgaba al Estado facultades absolutas de control, obligando a obtener autorizaciones previas para la instalaci\u00f3n de cualquier clase de industria. Este camino ya ven\u00eda siendo iniciado por la legislaci\u00f3n sobre intervenci\u00f3n de industrias, en especial, el <strong>Real Decreto 2135\/1.980, de 26 de Septiembre, sobre liberalizaci\u00f3n en materia de instalaci\u00f3n, ampliaci\u00f3n y traslado de industrias<\/strong>, dentro del camino marcado por la <em><strong>libertad de Empresa en una econom\u00eda de mercado<\/strong><\/em>, por la <strong>Constituci\u00f3n de 1978<\/strong>. <\/span><\/p>\n<p style=\"text-align: justify;\"><span style=\"font-size: 14pt;\">El citado <strong>Real Decreto 2135\/1980<\/strong>, solamente <strong>deja afectadas a la previa autorizaci\u00f3n<\/strong> las siguientes industrias:<\/span><\/p>\n<p style=\"text-align: justify;\"><span style=\"font-size: 14pt;\">-Miner\u00eda, hidrocarburos y <strong>producci\u00f3n, transporte y distribuci\u00f3n de energ\u00eda y productos energ\u00e9ticos<\/strong>.<\/span><\/p>\n<p style=\"text-align: justify;\"><span style=\"font-size: 14pt;\">-Armas y explosivos de inter\u00e9s militar.<\/span><\/p>\n<p style=\"text-align: justify;\"><span style=\"font-size: 14pt;\">-ESTUPEFACIENTES o psicotr\u00f3picos.<\/span><\/p>\n<p style=\"text-align: justify;\"><span style=\"font-size: 14pt;\">-Y las sometida a planes de reconversi\u00f3n industrial.<\/span><\/p>\n<p>&nbsp;<\/p>\n<figure id=\"attachment_2299863\" aria-describedby=\"caption-attachment-2299863\" style=\"width: 480px\" class=\"wp-caption aligncenter\"><img loading=\"lazy\" decoding=\"async\" class=\"wp-image-2299863\" src=\"https:\/\/puntocritico.com\/ausajpuntocritico\/wp-content\/uploads\/2024\/07\/BICI-MEDIOAMBIENTE-Lopez-Rodo-en-bici-1972-678x381.webp\" alt=\"\" width=\"480\" height=\"270\" srcset=\"https:\/\/puntocritico.com\/ausajpuntocritico\/wp-content\/uploads\/2024\/07\/BICI-MEDIOAMBIENTE-Lopez-Rodo-en-bici-1972-678x381.webp 678w, https:\/\/puntocritico.com\/ausajpuntocritico\/wp-content\/uploads\/2024\/07\/BICI-MEDIOAMBIENTE-Lopez-Rodo-en-bici-1972-300x169.webp 300w, https:\/\/puntocritico.com\/ausajpuntocritico\/wp-content\/uploads\/2024\/07\/BICI-MEDIOAMBIENTE-Lopez-Rodo-en-bici-1972-1024x576.webp 1024w, https:\/\/puntocritico.com\/ausajpuntocritico\/wp-content\/uploads\/2024\/07\/BICI-MEDIOAMBIENTE-Lopez-Rodo-en-bici-1972-768x432.webp 768w, https:\/\/puntocritico.com\/ausajpuntocritico\/wp-content\/uploads\/2024\/07\/BICI-MEDIOAMBIENTE-Lopez-Rodo-en-bici-1972.webp 1240w\" sizes=\"auto, (max-width: 480px) 100vw, 480px\" \/><figcaption id=\"caption-attachment-2299863\" class=\"wp-caption-text\"><span style=\"color: #008000;\">Una de las ic\u00f3nicas im\u00e1genes de la cumbre de 1972: el ministro espa\u00f1ol Laureano L\u00f3pez Rod\u00f3 acude a la conferencia en una de las 750 bicicletas facilitadas a los participantes \u00abpara dar ejemplo\u00bb EFE<\/span><\/figcaption><\/figure>\n<p>&nbsp;<\/p>\n<p style=\"text-align: justify;\"><span style=\"font-size: 14pt;\"><strong>El proceso liberalizador en materia de industria est\u00e1 marcado por la constitucionalizaci\u00f3n de la libertad de empresa en el marco de una econom\u00eda de mercado que elimina la previa autorizaci\u00f3n con car\u00e1cter general<\/strong>.<\/span><\/p>\n<p style=\"text-align: justify;\"><span style=\"font-size: 14pt;\">El proceso liberalizador lo contin\u00faa el <strong>Real Decreto Ley 1\/1.986 de 14 de Marzo, de medidas urgentes administrativas. financieras, fiscales y laborales<\/strong>, que establece el <em><strong>silencio administrativo positivo<\/strong><\/em> para la concesi\u00f3n de licencias y autorizaciones de instalaci\u00f3n, traslado o ampliaci\u00f3n de empresas o centros de trabajo, <strong><em>excepto<\/em><\/strong> a determinadas industrias, que sustancialmente son las que el <strong>R.D. 2135\/1.980<\/strong> deja afectadas a la previa autorizaci\u00f3n.<\/span><\/p>\n<p style=\"text-align: justify;\"><span style=\"font-size: 14pt;\">El \u00faltimo paso de este proceso lo constituye el <strong>Real Decreto 1778\/1.994 de 5 de Agosto, por el que se adecuan a la Ley 30\/1.992 de R\u00e9gimen Jur\u00eddico de las Administraciones P\u00fablicas y del Procedimiento Administrativo Com\u00fan, las normas reguladoras de los procedimientos de otorgamiento, modificaci\u00f3n y extinci\u00f3n de autorizaciones<\/strong>. <\/span><\/p>\n<p style=\"text-align: justify;\"><span style=\"font-size: 14pt;\">Su <strong>art\u00edculo 1\u00ba-2<\/strong> considera autorizaciones todos aquellos actos administrativos, cualquiera que sea su denominaci\u00f3n espec\u00edfica, por los que, en uso de una potestad de intervenci\u00f3n legalmente atribuida a la Administraci\u00f3n, se permite a los particulares el ejercicio de una actividad, previa comprobaci\u00f3n de su adecuaci\u00f3n al ordenamiento jur\u00eddico y valoraci\u00f3n del inter\u00e9s p\u00fablico afectado. Sin embargo se excluyen de esta regulaci\u00f3n los procedimientos para el ejercicio de los derechos fundamentales y las libertades p\u00fablicas (<em>entre los que no se encuentra la libertad de empresa<\/em>), as\u00ed como los supuestos de modificaci\u00f3n y extinci\u00f3n de autorizaciones, cuando sean consecuencia de procedimientos de revisi\u00f3n de actos en v\u00eda administrativa, de la ejecuci\u00f3n de sentencias judiciales o de la imposici\u00f3n de sanciones administrativas. <em><strong>Tambi\u00e9n tiene este Real Decreto aplicaci\u00f3n subsidiaria<\/strong><\/em>, en cuanto no contradiga las disposiciones de su propia normativa, en los procedimientos relativos a autorizaciones reguladas por el derecho comunitario o internacional, y a las autorizaciones en materia tributaria.<\/span><\/p>\n<p style=\"text-align: justify;\"><span style=\"font-size: 14pt;\">El <strong>RD. 1778\/1.994<\/strong> es un <strong>Reglamento \u00ab<em>marco<\/em>\u00ab<\/strong>, que remite la determinaci\u00f3n del plazo m\u00e1ximo para el otorgamiento, modificaci\u00f3n y extinci\u00f3n de las autorizaciones, a su respectiva normativa reguladora. S\u00f3lo cuando \u00e9stas no lo fijan, se aplica con car\u00e1cter general el plazo m\u00e1ximo de tres meses. En cuanto a los efectos de la falta de resoluci\u00f3n expresa, transcurridos los respectivos plazos m\u00e1ximos, son los siguientes:<\/span><\/p>\n<p style=\"text-align: justify; padding-left: 40px;\"><span style=\"font-size: 14pt;\">&#8211; Las solicitudes de otorgamiento y modificaci\u00f3n de autorizaciones podr\u00e1n entenderse <em><strong>estimadas<\/strong><\/em> por medio de la <em><strong>certificaci\u00f3n del acto presunto<\/strong><\/em>, con la salvedad de las <em><strong>excluidas<\/strong><\/em> (<em>ll grupos de autorizaciones, que aparecen en el Anexo al R.D.<\/em>), que en lo que nos afecta son ciertos procedimientos de Sanidad y salud p\u00fablica (<em>medicamentos, plaguicidas, microorganismos, instalaciones nucleares y radiactivas<\/em>); ordenaci\u00f3n econ\u00f3mica y financiera (<em>entre las que cabe destacar las de comercio de especies protegidas, pesca mar\u00edtima en zonas protegidas, trasvases de venta directa a venta a industrias en el sector l\u00e1cteo<\/em>); Transportes y comunicaciones; Relaciones laborales y de seguridad social; <strong>dominio p\u00fablico, aguas, costas y medio ambiente<\/strong> (<em><strong>Ley de Patrimonio del Estado<\/strong>,<strong> Ley de Aguas<\/strong>,<strong> Ley de Costas<\/strong>, y <strong>disposiciones de desarrollo<\/strong> de las mismas, Importaci\u00f3n de residuos t\u00f3xicos y peligrosos, previstas en la <strong>Ley de residuos t\u00f3xicos y peligrosos<\/strong><\/em>); r\u00e9gimen minero y energ\u00e9tico (<em>Ley de minas, instalaciones el\u00e9ctricas, instalaciones relacionadas con la energ\u00eda nuclear, refiner\u00edas y oleoductos, hidrocarburos y suministro de combustibles gaseosos por canalizaci\u00f3n<\/em>).<\/span><\/p>\n<p style=\"text-align: justify; padding-left: 40px;\"><span style=\"font-size: 14pt;\">-Las solicitudes de extinci\u00f3n de autorizaciones podr\u00e1n entenderse estimadas.<\/span><\/p>\n<p style=\"text-align: justify; padding-left: 40px;\"><span style=\"font-size: 14pt;\">-En los <strong>procedimientos de modificaci\u00f3n y extinci\u00f3n iniciados de oficio<\/strong>, se producir\u00e1 la <strong><em>caducidad<\/em><\/strong>, en los t\u00e9rminos del <strong>Art\u00edculo 43%-4 de la Ley 30\/1.992<\/strong>. En materia de autorizaciones hay que hacer menci\u00f3n del <strong>Reglamento de actividades molestas, insalubres, nocivas y peligrosas, Decreto 2414\/1.961 de 30 de Noviembre<\/strong>, la <strong>legislaci\u00f3n urban\u00edstica<\/strong> y la <strong>normativa sobre Evaluaci\u00f3n de Impacto Ambiental<\/strong>. No nos extenderemos en este punto, largo y complejo, pues ser\u00e1 objeto de atenci\u00f3n particularizada en los pr\u00f3ximos n\u00fameros.<\/span><\/p>\n<\/blockquote>\n<p>&nbsp;<\/p>\n<p><img loading=\"lazy\" decoding=\"async\" class=\"aligncenter wp-image-2294261\" src=\"https:\/\/puntocritico.com\/ausajpuntocritico\/wp-content\/uploads\/2024\/02\/ROTO-cambio-perspectiva-251x300.png\" alt=\"\" width=\"400\" height=\"479\" srcset=\"https:\/\/puntocritico.com\/ausajpuntocritico\/wp-content\/uploads\/2024\/02\/ROTO-cambio-perspectiva-251x300.png 251w, https:\/\/puntocritico.com\/ausajpuntocritico\/wp-content\/uploads\/2024\/02\/ROTO-cambio-perspectiva.png 365w\" sizes=\"auto, (max-width: 400px) 100vw, 400px\" \/><\/p>\n<p style=\"text-align: center;\"><span style=\"font-size: 18pt;\"><strong><span style=\"color: #008000;\">*******<\/span><\/strong><\/span><\/p>\n<h2 style=\"text-align: center;\"><span style=\"font-size: 24pt;\"><strong>EVALUACI\u00d3N DE IMPACTO AMBIENTAL. R\u00c9GIMEN DE LAS AUTORIZACIONES, CONCEPTO Y PROCEDIMIENTO.<\/strong><\/span><\/h2>\n<p style=\"text-align: center;\"><span style=\"font-size: 18pt;\"><strong>(PARTE 1)<\/strong><\/span><\/p>\n<p style=\"text-align: justify;\"><span style=\"font-size: 14pt;\">Por <a href=\"https:\/\/puntocritico.com\/ausaj\/documentos\/Curriculum_Vitae_JDF.pdf\">Jes\u00fas D\u00edaz Formoso<\/a>, Abogado<\/span><\/p>\n<p style=\"text-align: justify;\"><span style=\"font-size: 14pt;\"><a href=\"https:\/\/puntocritico.com\/ausajpuntocritico\/punto-critico-1a-etapa-1995-2001\/\">Punto Cr\u00edtico num 2<\/a>, noviembre 1.995<\/span><\/p>\n<p style=\"text-align: justify;\"><a href=\"https:\/\/puntocritico.com\/ausajpuntocritico\/punto-critico-1a-etapa-1995-2001\/\"><img loading=\"lazy\" decoding=\"async\" class=\"aligncenter wp-image-2306447\" src=\"https:\/\/puntocritico.com\/ausajpuntocritico\/wp-content\/uploads\/2025\/01\/Punto-critico-num-2-portada-215x300.jpg\" alt=\"\" width=\"300\" height=\"418\" srcset=\"https:\/\/puntocritico.com\/ausajpuntocritico\/wp-content\/uploads\/2025\/01\/Punto-critico-num-2-portada-215x300.jpg 215w, https:\/\/puntocritico.com\/ausajpuntocritico\/wp-content\/uploads\/2025\/01\/Punto-critico-num-2-portada.jpg 350w\" sizes=\"auto, (max-width: 300px) 100vw, 300px\" \/><\/a><\/p>\n<p>&nbsp;<\/p>\n<p style=\"text-align: justify;\"><span style=\"font-size: 14pt;\">La Evaluaci\u00f3n de Impacto Ambiental (en lo sucesivo EIA) surge como un mecanismo aplicado por la <strong>NEPA<\/strong> de los EEUU (<strong><em>National Envirommental Policy Act<\/em><\/strong>),en vigor desde el 1 de Enero de <strong>1970<\/strong>, para prevenir que las actividades de las Agencias Federales y los fondos de procedencia estatal percibidos como subvenciones por los particulares u otros niveles de gobierno, no dieran lugar a da\u00f1os ambientales, minimizando los impactos producidos mediante la adopci\u00f3n de un procedimiento obligatorio, a cargo del titular del proyecto, garantizando antes de su ejecuci\u00f3n una incidencia ambiental compatible con los objetivos sociales que justificaban el apoyo econ\u00f3mico. <\/span><\/p>\n<p>&nbsp;<\/p>\n<blockquote>\n<p style=\"text-align: center;\"><strong><span style=\"font-size: 14pt; color: #008000;\">La Evaluaci\u00f3n de Impacto Ambiental (EIA) surge como un mecanismo aplicado para prevenir que las actividades de las Agencias Federales y los fondos de procedencia estatal percibidos como subvenciones por los particulares u otros niveles de gobierno, no dieran lugar a da\u00f1os ambientales, minimizando los impactos producidos mediante la adopci\u00f3n de un procedimiento obligatorio, a cargo del titular del proyecto, garantizando antes de su ejecuci\u00f3n una incidencia ambiental compatible con los objetivos sociales que justificaban el apoyo econ\u00f3mico<\/span><\/strong><\/p>\n<\/blockquote>\n<p>&nbsp;<\/p>\n<p style=\"text-align: justify;\"><span style=\"font-size: 14pt;\">Estas experiencias se proyectaron a los pa\u00edses industrializados, con mayor o menor fortuna, y en <em><strong>Europa<\/strong><\/em> fue recibida en primer lugar por <em><strong>Alemania<\/strong><\/em> y <em><strong>Francia<\/strong><\/em>, para generalizarse con la promulgaci\u00f3n de la <strong>Directiva de la CEE 85\/337<\/strong>, lo que determin\u00f3 la promulgaci\u00f3n de la <em><strong>normativa espa\u00f1ola<\/strong><\/em>, el <strong>R.D. legislativo 1302\/1986<\/strong> y su <em>Reglamento<\/em>, el <strong>R.D. 1131\/1988<\/strong>. A \u00e9sto han de a\u00f1adirse distintas <strong>Leyes que introducen sectorialmente este procedimiento<\/strong>, como la <strong>Ley de Carreteras <\/strong>o la de <strong>Conservaci\u00f3n de los espacios naturales y de la flora y fauna silvestre<\/strong>. <\/span><\/p>\n<p style=\"text-align: justify;\"><span style=\"font-size: 14pt;\">Las CC.AA, han asumido las competencias ejecutivas en materia de medio ambiente, as\u00ed como la promulgaci\u00f3n de normas de protecci\u00f3n adicional, por lo que la <strong>CC.AA. Gallega<\/strong> ha legislado al respecto por medio del <strong>Decreto 442\/1990<\/strong>, y la <strong>Ley 1\/1995 de Protecci\u00f3n Ambiental para Galicia<\/strong>.<\/span><\/p>\n<p style=\"text-align: justify;\"><span style=\"font-size: 14pt;\">Comenzando por la <strong>DIRECTIVA 85\/337\/CEE, DEL CONSEJO<\/strong> (EVALUACI\u00d3N DE IMPACTO AMBIENTAL), hemos de hacer notar lo siguiente: <strong>Esta directiva incluye un \u201c<em>enfoque de prevenci\u00f3n<\/em>\u201d para la protecci\u00f3n medioambiental, por el que se requiere que antes de que un \u00f3rgano gubernamental apruebe determinados proyectos de desarrollo que pueden tener repercusiones importantes sobre el medio ambiente<\/strong>.\u00a0<\/span><span style=\"font-size: 14pt;\">En general, debido a su naturaleza, sus dimensiones o su localizaci\u00f3n, tales proyectos est\u00e1n sujetos a una evaluaci\u00f3n para determinar sus posibles repercusiones medioambientales.<\/span><\/p>\n<p style=\"text-align: justify;\"><span style=\"font-size: 14pt;\"><strong>Los proyectos sujetos de antemano a tal requisito<\/strong>, puesto que se considera que <strong>siempre<\/strong> repercuten de forma considerable sobre el medioambiente, est\u00e1n relacionados en el <strong>Anexo I<\/strong>. <\/span><\/p>\n<p style=\"text-align: justify;\"><span style=\"font-size: 14pt;\"><strong>Los proyectos que pueden afectar de forma importante al medioambiente<\/strong> figuran en el <strong>Anexo II<\/strong>, y estar\u00e1n sujetos a tal evaluaci\u00f3n <strong>cuando los Estados miembros consideren<\/strong> que las caracter\u00edsticas de los mismos as\u00ed lo requieran. <\/span><\/p>\n<p style=\"text-align: justify;\"><span style=\"font-size: 14pt;\"><strong>Los proyectos del Anexo I incluyen<\/strong>: refiner\u00edas de petr\u00f3leo, centrales t\u00e9rmicas grandes; centrales y reactores nucleares; instalaciones de almacenamiento y eliminaci\u00f3n de residuos radiactivos industrias sider\u00fargicas; instalaciones de tratamiento y extracci\u00f3n de amianto; instalaciones qu\u00edmicas integradas; construcci\u00f3n de autopistas, v\u00edas r\u00e1pidas, l\u00edneas de ferrocarril y aeropuertos; v\u00edas de navegaci\u00f3n interior y portuarias; vertederos peligrosos e instalaciones de incineraci\u00f3n o de elaboraci\u00f3n de desechos.<\/span><\/p>\n<p style=\"text-align: justify;\"><span style=\"font-size: 14pt;\"><strong>Los proyectos del Anexo II incluyen 12 \u00e1mbitos<\/strong>: agricultura, industria extractiva, industria energ\u00e9tica, tratamiento de metales, fabricaci\u00f3n de vidrio, productos qu\u00edmicos, fabricaci\u00f3n de alimentos, industrias textil, del cuero, de la madera y del papel, industria del caucho, proyectos de infraestructura, algunos otros proyectos, y las <em>modificaciones de los proyectos del Anexo I<\/em>.<\/span><\/p>\n<p style=\"text-align: justify;\"><span style=\"font-size: 14pt;\"><strong>Los ejecutantes de este tipo de proyectos deben suministrar a la autoridad competente la informaci\u00f3n detallada sobre el proyecto<\/strong>, descrita en el <strong>Anexo III<\/strong>, <strong>que incluya<\/strong>: una descripci\u00f3n del mismo, las medidas que eviten, reduzcan o corrijan importantes efectos adversos, los datos necesarios para identificar y evaluar los principales efectos ambientales, y un resumen no t\u00e9cnico de esta informaci\u00f3n. <\/span><\/p>\n<p style=\"text-align: justify;\"><span style=\"font-size: 14pt;\"><strong>Debe informarse al p\u00fablico sobre la solicitud presentada para el desarrollo del proyecto, la informaci\u00f3n suministrada por el ejecutante y la decisi\u00f3n y las condiciones adjuntas al permiso de autorizaci\u00f3n para su desarrollo<\/strong>. Las autoridades con responsabilidades medioambientales espec\u00edficas y el p\u00fablico en general deben poder expresar sus puntos de vista antes de que las autoridades adopten una decisi\u00f3n con respecto al proyecto.<\/span><\/p>\n<p>&nbsp;<\/p>\n<blockquote>\n<p style=\"text-align: center;\"><strong><span style=\"font-size: 14pt; color: #008000;\">Las autoridades con responsabilidades medioambientales espec\u00edficas y el p\u00fablico en general deben poder expresar sus puntos de vista antes de que las autoridades adopten una decisi\u00f3n con respecto al proyecto<\/span><\/strong><\/p>\n<\/blockquote>\n<p>&nbsp;<\/p>\n<p style=\"text-align: justify;\"><span style=\"font-size: 14pt;\">Los <strong>proyectos adoptados en detalle por un acto especifico de la legislaci\u00f3n nacional, o los proyectos al servicio de la defensa nacional<\/strong>, est\u00e1n <strong>exentos<\/strong> de los requisitos impuestos por la directiva. En casos excepcionales y bajo controles estrictos, los Estados miembros podr\u00e1n determinar otras exenciones a los requisitos definidos en la directiva.<\/span><\/p>\n<p style=\"text-align: justify;\"><span style=\"font-size: 14pt;\"><strong>Si un proyecto es susceptible de repercutir de forma importante en otro Estado miembro<\/strong>, el Estado miembro debe someter la informaci\u00f3n presentada por el ejecutante del proyecto al Estado miembro afectado. Esta informaci\u00f3n servir\u00e1 de base para cualquier consulta que celebren entre s\u00ed. <\/span><\/p>\n<p style=\"text-align: justify;\"><span style=\"font-size: 14pt;\"><strong>Los Estados miembros y la Comisi\u00f3n deben intercambiar informaci\u00f3n sobre la experiencia lograda con la aplicaci\u00f3n de la directiva<\/strong>. En particular, los Estados miembros deben informar a la Comisi\u00f3n sobre cualquier criterio y\/o los l\u00edmites adoptados para la selecci\u00f3n de los proyectos del <strong>Anexo II<\/strong>, por lo que respecta a la aplicaci\u00f3n de los requisitos de evaluaci\u00f3n del impacto medioambiental.<\/span><\/p>\n<p style=\"text-align: justify;\"><span style=\"font-size: 14pt;\"><strong>En cuanto a la regulaci\u00f3n nacional espa\u00f1ola<\/strong>, el <strong>R.D. legislativo 1302\/1986 de EIA<\/strong> y su <strong>Reglamento, el R.D. 1131\/1988<\/strong>, cabe destacar que tras regular el procedimiento a seguir, incluye en su <strong>Anexo I<\/strong> los 9 Proyectos del <strong>Anexo I<\/strong> de la <strong>Directiva 85\/337<\/strong>, as\u00ed como otros tres del <strong>Anexo II<\/strong>, pero no se consideran las 82 actividades restantes del <strong>Anexo II<\/strong> de la <strong>Directiva<\/strong> comunitaria, tarea que se deja en manos de las CC.AA, adapt\u00e1ndola a las circunstancias de cada una de ellas.<\/span><\/p>\n<p>&nbsp;<\/p>\n<blockquote>\n<p style=\"text-align: center;\"><strong><span style=\"font-size: 14pt; color: #008000;\">El R.D. legislativo 1302\/1986 de EIA -y su Reglamento, el R.D. 1131\/1988-, tras regular el procedimiento a seguir, incluye en su Anexo I los 9 Proyectos del Anexo I de la Directiva 85\/337, as\u00ed como otros tres del Anexo II, pero no se consideran las 82 actividades restantes del Anexo II de la Directiva comunitaria, tarea que se deja en manos de las CC.AA<\/span><\/strong><\/p>\n<\/blockquote>\n<p>&nbsp;<\/p>\n<p><img loading=\"lazy\" decoding=\"async\" class=\"aligncenter wp-image-953\" src=\"https:\/\/puntocritico.com\/ausajpuntocritico\/wp-content\/uploads\/2017\/02\/Central_el\u00e9ctrica_2-300x199.jpg\" alt=\"\" width=\"440\" height=\"292\" srcset=\"https:\/\/puntocritico.com\/ausajpuntocritico\/wp-content\/uploads\/2017\/02\/Central_el\u00e9ctrica_2-300x199.jpg 300w, https:\/\/puntocritico.com\/ausajpuntocritico\/wp-content\/uploads\/2017\/02\/Central_el\u00e9ctrica_2-678x452.jpg 678w, https:\/\/puntocritico.com\/ausajpuntocritico\/wp-content\/uploads\/2017\/02\/Central_el\u00e9ctrica_2.jpg 680w\" sizes=\"auto, (max-width: 440px) 100vw, 440px\" \/><\/p>\n<p style=\"text-align: center;\"><span style=\"font-size: 18pt;\"><strong><span style=\"color: #008000;\">*******<\/span><\/strong><\/span><\/p>\n<h3 style=\"text-align: center;\"><span style=\"font-size: 18pt;\">La Regulaci\u00f3n de la CC.AA. de Galicia<\/span><\/h3>\n<p style=\"text-align: center;\"><span style=\"font-size: 14pt;\"><em><strong>(Una de las primeras normativas auton\u00f3micas sobre EIA)<\/strong><\/em><\/span><\/p>\n<p style=\"text-align: justify;\"><span style=\"font-size: 14pt;\">As\u00ed en <em>Galicia<\/em>, el <strong>Decreto 442\/1990 de EIA para Galicia<\/strong>, incluye tambi\u00e9n los Oleoductos y gaseoductos submarinos, las Centrales el\u00e9ctricas de 300 MW o m\u00e1s, as\u00ed como ciertas modificaciones en cuanto a la extracci\u00f3n a cielo abierto de hulla, lignito u otros minerales, adem\u00e1s de a\u00f1adir tanto lo que incide en el <em>Registro General de especies naturales de Galicia<\/em>, y como cl\u00e1usula residual \u201c<em>otras que considere la Xunta de Galicia posteriormente<\/em>\u201d.<\/span><\/p>\n<p style=\"text-align: justify;\"><span style=\"font-size: 14pt;\">La <strong>Ley de Protecci\u00f3n Ambiental de Galicia<\/strong>, incide sobre esta materia en su <strong>T\u00edtulo II \u201c<em>T\u00e9cnicas y medidas de defensa<\/em>\u201d<\/strong>, art. 5 y siguientes, disponiendo que<strong> se clasificar\u00e1n las actividades de acuerdo con su incidencia ambiental<\/strong>, a fin de evitar y corregir, dentro del <strong>procedimiento de Autorizaci\u00f3n Previa y de la subsiguiente vigilancia y control<\/strong>, los efectos negativos que \u00e9stas puedan tener en el medio ambiente. <\/span><\/p>\n<p style=\"text-align: justify;\"><span style=\"font-size: 14pt;\">La <strong>Autorizaci\u00f3n<\/strong> derivar\u00e1 del procedimiento que determinar\u00e1 el <strong>\u00f3rgano de la Administraci\u00f3n Ambiental<\/strong> (<strong>Comisi\u00f3n Gallega de Medio Ambiente<\/strong>), seg\u00fan la clasificaci\u00f3n del grado de protecci\u00f3n aplicable a los proyectos, obras y actividades susceptibles de afectar al medio ambiente, que puede ser:<\/span><\/p>\n<p style=\"text-align: justify;\"><span style=\"font-size: 14pt;\">1.- <strong>Evaluaci\u00f3n de Impacto Ambiental<\/strong>: Son los proyectos de la normativa vista anteriormente (<em>comunitaria, estatal y auton\u00f3mica<\/em>).<\/span><\/p>\n<p style=\"text-align: justify;\"><span style=\"font-size: 14pt;\">2.- <strong>Evaluaci\u00f3n de los efectos ambientales<\/strong>: Para las que se relacionen en la\u00a0<\/span><span style=\"font-size: 14pt;\">legislaci\u00f3n sectorial y sus normas de desarrollo, que habr\u00e1 de determinarse por Decreto de la Xunta de Galicia.<\/span><\/p>\n<p style=\"text-align: justify;\"><span style=\"font-size: 14pt;\">3.- <strong>Evaluaci\u00f3n de incidencia ambiental<\/strong>: las actividades que figuren en un <strong><em>nomencl\u00e1tor<\/em><\/strong> (<em>a\u00fan no aprobado<\/em>), as\u00ed como aquellas que merezcan la consideraci\u00f3n de <strong>Molestas<\/strong> (<em>perturban por ruidos, vibraciones, gases, olores, humos, polvos en suspensi\u00f3n o sustancias que eliminen<\/em>), <strong>Insalubres<\/strong> (<em>dan lugar a desprendimiento o evacuaci\u00f3n de productos que puedan resultar directa o indirectamente perjudiciales para la salud humana<\/em>), <strong>Nocivas<\/strong> (<em>las que por las mismas causas puedan ocasionar da\u00f1os a la riqueza forestal, agr\u00edcola, pecuaria, faun\u00edstica o pisc\u00edcola<\/em>), o <strong>Peligrosas<\/strong> (<em>las que tengan por objeto fabricar, manipular, transportar, expender, almacenar o eliminar productos susceptibles de originar riesgos graves por explosiones, combustiones, radiaciones u otros an\u00e1logos para las personas o los bienes, con arreglo a la legislaci\u00f3n vigente<\/em>). <\/span><\/p>\n<p style=\"text-align: justify;\"><span style=\"font-size: 14pt;\"><strong>Es de destacar que la Ley mantiene vigente el Reglamento de actividades molestas, insalubres, nocivas y peligrosas, en tanto no se aprueben las normas reglamentarias de desarrollo de la Ley<\/strong>.<\/span><\/p>\n<p style=\"text-align: justify;\"><span style=\"font-size: 14pt;\"><strong>Esta \u00faltima modalidad es susceptible de delegaci\u00f3n a los Municipios<\/strong>, previa solicitud de los mismos, siempre que acrediten disponer de medios t\u00e9cnicos, personales y materiales suficientes para ejercer la competencia delegada.<\/span><\/p>\n<p style=\"text-align: justify;\">\u00a0<\/p>\n<p><img loading=\"lazy\" decoding=\"async\" class=\"aligncenter wp-image-225245\" src=\"https:\/\/puntocritico.com\/ausajpuntocritico\/wp-content\/uploads\/2020\/05\/clima-3-300x225.jpg\" alt=\"\" width=\"400\" height=\"300\" srcset=\"https:\/\/puntocritico.com\/ausajpuntocritico\/wp-content\/uploads\/2020\/05\/clima-3-300x225.jpg 300w, https:\/\/puntocritico.com\/ausajpuntocritico\/wp-content\/uploads\/2020\/05\/clima-3-326x245.jpg 326w, https:\/\/puntocritico.com\/ausajpuntocritico\/wp-content\/uploads\/2020\/05\/clima-3-80x60.jpg 80w, https:\/\/puntocritico.com\/ausajpuntocritico\/wp-content\/uploads\/2020\/05\/clima-3.jpg 512w\" sizes=\"auto, (max-width: 400px) 100vw, 400px\" \/><\/p>\n<p>&nbsp;<\/p>\n<h3 style=\"text-align: center;\"><span style=\"font-size: 18pt;\"><strong>Carencias de la regulaci\u00f3n de la E.I.A. (MOPTMA, 1992)<\/strong><\/span><\/h3>\n<p style=\"text-align: justify;\"><span style=\"font-size: 14pt;\">Seg\u00fan el <strong>MOPTMA<\/strong>, \u201c<em>Medio Ambiente en Espa\u00f1a 1992<\/em>\u201d <strong>la principal carencia es la de que el procedimiento reglado se limita a la evaluaci\u00f3n ambiental de proyectos, lo cual impide la evaluaci\u00f3n ambiental de los PLANES Y PROGRAMAS<\/strong>. <\/span><span style=\"font-size: 14pt;\">La EIA se realiza sobre proyectos concretos, individualizados y <strong>descontextualizados de la figura de planificaci\u00f3n de la que derivan<\/strong> (<em>planes y programas<\/em>), y a veces <strong>segmentados<\/strong>, como en el caso de las grandes infraestructuras lineales, evaluadas por tramos, conforme aparece la oportunidad de licitar. <\/span><\/p>\n<p style=\"text-align: justify;\"><span style=\"font-size: 14pt;\">La elaboraci\u00f3n de un procedimiento para el an\u00e1lisis ambiental de planes y programas es una condici\u00f3n imprescindible para <strong><em>la efectiva integraci\u00f3n de la Pol\u00edtica Ambiental en las Pol\u00edticas Sectoriales<\/em><\/strong>, para lo cual un primer paso ser la existencia de <strong>Planes Directores o Estrat\u00e9gicos a nivel sectorial<\/strong>, que permita seleccionar aquellas alternativas que respondan a las demandas socioecon\u00f3micas de la manera m\u00e1s compatible con el concepto de desarrollo sostenible. <strong>En particular, los programas de infraestructura, no se contentan con una EIA de cada proyecto o tramo del programa, sino que ha de contemplarse la actuaci\u00f3n global, algo similar al control integrado de la contaminaci\u00f3n<\/strong>.<\/span><\/p>\n<p style=\"text-align: justify;\"><span style=\"font-size: 14pt;\">Adem\u00e1s, tambi\u00e9n se puede intentar alg\u00fan tipo de planificaci\u00f3n ambiental, que contemple especialmente el <strong>tr\u00e1mite de informaci\u00f3n p\u00fablica<\/strong> a la hora de la elaboraci\u00f3n de las leyes, aunque teniendo siempre presente la necesaria independencia del poder legislativo.<\/span><\/p>\n<p style=\"text-align: justify;\"><span style=\"font-size: 14pt;\">Cuesti\u00f3n aparte ser\u00eda la oportunidad de la inclusi\u00f3n de determinados proyectos en el<strong> anexo I del R.D. Leg 1.302\/1986 de EIA<\/strong>, como ser\u00eda el caso de los relativos a la biotecnolog\u00eda, entre otros, as\u00ed como la inclusi\u00f3n en el <strong>anexo II<\/strong> de los umbrales y criterios que determinen el sometimiento al EIA de estos proyectos del <strong>anexo II<\/strong>.<\/span><\/p>\n<p style=\"text-align: justify;\"><span style=\"font-size: 14pt;\">Tambi\u00e9n el <strong>sistema de la consulta e informaci\u00f3n p\u00fablica<\/strong>, deber\u00e1 ser desarrollado de forma que permita una m\u00e1s adecuada intervenci\u00f3n ciudadana, y especialmente regular m\u00e1s satisfactoriamente el <strong>r\u00e9gimen de publicidad<\/strong>. Y muy especialmente darle car\u00e1cter operativo, pensando en la posibilidad de que influya sobre la EIA previamente elaborada por el promotor del proyecto.<\/span><\/p>\n<p>&nbsp;<\/p>\n<p><img loading=\"lazy\" decoding=\"async\" class=\"aligncenter wp-image-970\" src=\"https:\/\/puntocritico.com\/ausajpuntocritico\/wp-content\/uploads\/2017\/02\/tendido_electrico_2-300x199.jpg\" alt=\"\" width=\"440\" height=\"292\" srcset=\"https:\/\/puntocritico.com\/ausajpuntocritico\/wp-content\/uploads\/2017\/02\/tendido_electrico_2-300x199.jpg 300w, https:\/\/puntocritico.com\/ausajpuntocritico\/wp-content\/uploads\/2017\/02\/tendido_electrico_2-678x452.jpg 678w, https:\/\/puntocritico.com\/ausajpuntocritico\/wp-content\/uploads\/2017\/02\/tendido_electrico_2.jpg 680w\" sizes=\"auto, (max-width: 440px) 100vw, 440px\" \/><\/p>\n<p>&nbsp;<\/p>\n<p style=\"text-align: justify;\"><span style=\"font-size: 14pt;\"><strong>Otras carencias y disfunciones observadas<\/strong> por el MOPTMA son las siguientes:<\/span><\/p>\n<p style=\"text-align: justify; padding-left: 40px;\"><span style=\"font-size: 14pt;\">1.- No extensi\u00f3n ni anticipaci\u00f3n del procedimiento reglado EIA, a planes y programas.<\/span><\/p>\n<p style=\"text-align: justify; padding-left: 40px;\"><span style=\"font-size: 14pt;\">2.- Falta de coordinaci\u00f3n entre el proceso de elaboraci\u00f3n y aprobaci\u00f3n del proyecto y el procedimiento EIA.<\/span><\/p>\n<p style=\"text-align: justify; padding-left: 40px;\"><span style=\"font-size: 14pt;\">3.- Inicialmente, escasa participaci\u00f3n p\u00fablica.<\/span><\/p>\n<p style=\"text-align: justify; padding-left: 40px;\"><span style=\"font-size: 14pt;\">4.- Inicialmente, cierta oligarqu\u00eda de \u201c<em>especialistas<\/em>\u201d en EIA no suficientemente cualificados en equipos pluridisciplinares.<\/span><\/p>\n<p style=\"text-align: justify; padding-left: 40px;\"><span style=\"font-size: 14pt;\">5.- Inicialmente, escaso rigor t\u00e9cnico y cient\u00edfico de los estudios de impacto ambiental no focalizaci\u00f3n los impactos significativos. No dimensionamiento t\u00e9cnico y econ\u00f3mico de medidas correctoras, escasa dedicaci\u00f3n de recursos a los estudios.<\/span><\/p>\n<p style=\"text-align: justify; padding-left: 40px;\"><span style=\"font-size: 14pt;\">6.- Inicialmente, escasa concienciaci\u00f3n de los promotores privados, p\u00fablicos y los \u00f3rganos sustantivos. Percepci\u00f3n del procedimiento EIA como un mero tr\u00e1mite.<\/span><\/p>\n<p style=\"text-align: justify; padding-left: 40px;\"><span style=\"font-size: 14pt;\">7.- Planteamiento poco riguroso de verdaderas alternativas.<\/span><\/p>\n<p style=\"text-align: justify; padding-left: 40px;\"><span style=\"font-size: 14pt;\">8.- Inicialmente, insuficiente rigor de los \u00f3rganos sustantivos en las responsabilidades que les ata\u00f1en respecto a la vigilancia y control.<\/span><\/p>\n<p style=\"text-align: justify; padding-left: 40px;\"><span style=\"font-size: 14pt;\">9.- Utilizaci\u00f3n del procedimiento EIA con fines ajenos a los que le son propios (<em>por ejemplo reclamaciones por expropiaciones<\/em>).<\/span><\/p>\n<p>&nbsp;<\/p>\n<p><img loading=\"lazy\" decoding=\"async\" class=\"aligncenter wp-image-2304488\" src=\"https:\/\/puntocritico.com\/ausajpuntocritico\/wp-content\/uploads\/2024\/12\/climatic-fools.webp\" alt=\"\" width=\"400\" height=\"249\" \/><\/p>\n<p style=\"text-align: center;\"><strong><span style=\"color: #008000; font-size: 18pt;\">*******<\/span><\/strong><\/p>\n<h2 style=\"text-align: center;\"><span style=\"font-size: 24pt;\"><strong>EVALUACI\u00d3N DE IMPACTO AMBIENTAL: PROCEDIMIENTO ADMINISTRATIVO<\/strong><\/span><\/h2>\n<p style=\"text-align: center;\"><span style=\"font-size: 18pt;\"><strong>(PARTE II)<\/strong><\/span><\/p>\n<p style=\"text-align: justify;\"><span style=\"font-size: 14pt;\">Por <a href=\"https:\/\/puntocritico.com\/ausaj\/documentos\/Curriculum_Vitae_JDF.pdf\">Jes\u00fas D\u00edaz Formoso<\/a>, Abogado<\/span><\/p>\n<p style=\"text-align: justify;\"><span style=\"font-size: 14pt;\"><a href=\"https:\/\/puntocritico.com\/ausajpuntocritico\/punto-critico-1a-etapa-1995-2001\/\">Punto Cr\u00edtico num 3<\/a>, enero 1.996<\/span><\/p>\n<p><a href=\"https:\/\/puntocritico.com\/ausajpuntocritico\/punto-critico-1a-etapa-1995-2001\/\"><img loading=\"lazy\" decoding=\"async\" class=\"aligncenter wp-image-2306446\" src=\"https:\/\/puntocritico.com\/ausajpuntocritico\/wp-content\/uploads\/2025\/01\/Punto-critico-num-3-portada-210x300.jpg\" alt=\"\" width=\"330\" height=\"471\" srcset=\"https:\/\/puntocritico.com\/ausajpuntocritico\/wp-content\/uploads\/2025\/01\/Punto-critico-num-3-portada-210x300.jpg 210w, https:\/\/puntocritico.com\/ausajpuntocritico\/wp-content\/uploads\/2025\/01\/Punto-critico-num-3-portada.jpg 352w\" sizes=\"auto, (max-width: 330px) 100vw, 330px\" \/><\/a><\/p>\n<p>&nbsp;<\/p>\n<p style=\"text-align: justify;\"><span style=\"font-size: 14pt;\">Continuando con la exposici\u00f3n del instrumento EIA, iniciada en el n\u00famero anterior, vamos a presentar su din\u00e1mica procedimental. Las evaluaciones de impacto ambiental juegan un papel fundamental entre todos los instrumentos para la protecci\u00f3n ambiental, en cuanto permiten disponer de una informaci\u00f3n sobre los efectos medioambientales de las actividades evaluadas.<\/span><\/p>\n<p>&nbsp;<\/p>\n<blockquote>\n<p style=\"text-align: center;\"><span style=\"color: #008000;\"><strong><span style=\"font-size: 14pt;\">Las evaluaciones de impacto ambiental (EIA) juegan un papel fundamental entre todos los instrumentos para la protecci\u00f3n ambiental, en cuanto permiten disponer de una informaci\u00f3n sobre los efectos medioambientales de las actividades evaluadas.<\/span><\/strong><\/span><\/p>\n<p style=\"text-align: center;\"><span style=\"font-size: 14pt; color: #008000;\"><strong>La EIA es un Procedimiento administrativo.<\/strong><\/span><\/p>\n<\/blockquote>\n<p>&nbsp;<\/p>\n<p style=\"text-align: justify;\"><span style=\"font-size: 14pt;\"><strong>La EIA es un Procedimiento administrativo<\/strong>, cuyo marco legal se encuentra en el <a href=\"https:\/\/www.boe.es\/buscar\/doc.php?id=BOE-A-1986-17240\" target=\"_blank\" rel=\"noopener\" data-schema-attribute=\"\"><strong>Real Decreto Legislativo 1302\/86, de 28 de Junio<\/strong><\/a>, promulgado en uso de la potestad delegada al Gobierno por la <a href=\"https:\/\/www.boe.es\/buscar\/doc.php?id=BOE-A-1985-26891\" target=\"_blank\" rel=\"noopener\" data-schema-attribute=\"\"><strong>Ley 47\/1985, de bases de delegaci\u00f3n al Gobierno para la aplicaci\u00f3n del derecho de las Comunidades Europeas<\/strong><\/a>, por el que se transpone al derecho interno espa\u00f1ol la <a href=\"https:\/\/www.boe.es\/buscar\/doc.php?id=DOUE-L-1985-80553\" target=\"_blank\" rel=\"noopener\" data-schema-attribute=\"\"><strong>Directiva 85\/337 sobre Evaluaci\u00f3n de los Impactos sobre el medio ambiente de ciertas obras p\u00fablicas y privadas<\/strong><\/a>. <\/span><\/p>\n<p style=\"text-align: justify;\"><span style=\"font-size: 14pt;\">En el <a href=\"https:\/\/www.boe.es\/buscar\/doc.php?id=BOE-A-1988-23079\" target=\"_blank\" rel=\"noopener\" data-schema-attribute=\"\"><strong>Real Decreto 1131\/88 de 30 de Septiembre<\/strong><\/a>, se aprueba el <strong>Reglamento ejecutivo del R.D. Leg. 1302\/86<\/strong>, directamente aplicable a la Administraci\u00f3n del Estado y a las Comunidades Aut\u00f3nomas que carezcan de competencia legislativa en materia de medio ambiente, as\u00ed como con car\u00e1cter supletorio a aqu\u00e9llas otras que la tengan atribuida en sus <strong>Estatutos de autonom\u00eda<\/strong>.<\/span><\/p>\n<p style=\"text-align: justify;\"><span style=\"font-size: 14pt;\"><strong>En caso de ser necesaria EIA<\/strong>, (<em>ver n\u00famero anterior<\/em>), la persona f\u00edsica o jur\u00eddica, p\u00fablica o privada promotora del Proyecto, (<em>qui\u00e9n solicita el permiso o licencia para el ejercicio de la actividad que se propone llevar a cabo)<\/em>, presentar\u00e1 al \u00f3rgano de medioambiente competente una <strong>Memoria-Resumen<\/strong> que recoja las caracter\u00edsticas m\u00e1s significativas del proyecto a realizar. Enviar\u00e1 otra copia al \u00f3rgano con competencia sustantiva.<\/span><\/p>\n<p>&nbsp;<\/p>\n<p><img loading=\"lazy\" decoding=\"async\" class=\"aligncenter wp-image-2306438\" src=\"https:\/\/puntocritico.com\/ausajpuntocritico\/wp-content\/uploads\/2025\/01\/EVALUACION-DE-IMPACTO-AMBIENTAL-grandes-Presas-PPAL-300x199.jpg\" alt=\"\" width=\"440\" height=\"292\" srcset=\"https:\/\/puntocritico.com\/ausajpuntocritico\/wp-content\/uploads\/2025\/01\/EVALUACION-DE-IMPACTO-AMBIENTAL-grandes-Presas-PPAL-300x199.jpg 300w, https:\/\/puntocritico.com\/ausajpuntocritico\/wp-content\/uploads\/2025\/01\/EVALUACION-DE-IMPACTO-AMBIENTAL-grandes-Presas-PPAL-678x452.jpg 678w, https:\/\/puntocritico.com\/ausajpuntocritico\/wp-content\/uploads\/2025\/01\/EVALUACION-DE-IMPACTO-AMBIENTAL-grandes-Presas-PPAL.jpg 680w\" sizes=\"auto, (max-width: 440px) 100vw, 440px\" \/><\/p>\n<p style=\"text-align: center;\"><span style=\"font-size: 18pt; color: #008000;\"><strong>*******<\/strong><\/span><\/p>\n<h3 style=\"text-align: center;\"><span style=\"font-size: 18pt;\">El Procedimiento de E.I.A. en la CC.AA. de Galicia, una <\/span><span style=\"font-size: 18pt;\">Regulaci\u00f3n pionera<\/span><\/h3>\n<p style=\"text-align: justify;\"><span style=\"font-size: 14pt;\">El <strong>\u00f3rgano administrativo de medio ambiente<\/strong> es aquel Organismo de la Administraci\u00f3n competente para la emisi\u00f3n de la <strong>Declaraci\u00f3n de Impacto Ambiental<\/strong>, en base al <strong>Estudio de Impacto Ambiental elaborado por el Promotor<\/strong>. En la Comunidad Aut\u00f3noma de Galicia, seg\u00fan establece el <strong>Decreto 442\/1990, de 13 de Septiembre de evaluaci\u00f3n del impacto ambiental para Galicia<\/strong>, en su <strong>art\u00edculo 2<\/strong>, este \u00d3rgano es la <em>Comisi\u00f3n Gallega de Medio Ambiente, dependiente de la Conseller\u00eda de Presidencia<\/em>. Su <em>Secretar\u00eda General<\/em> es la responsable de la tramitaci\u00f3n administrativa de los expedientes, as\u00ed como de la elaboraci\u00f3n de los informes t\u00e9cnicos que requiera la Comisi\u00f3n.<\/span><\/p>\n<p style=\"text-align: justify;\"><span style=\"font-size: 14pt;\">El <strong>\u00f3rgano con competencia sustantiva<\/strong> es el que <strong>recibe la solicitud de instalaci\u00f3n y tiene la competencia de autorizar o denegar su apertura<\/strong> (<em>Ayuntamiento, Ministerio, Consejer\u00eda, etc<\/em>). Aparece contemplado en el <strong>art\u00edculo 5 del RD Legislativo 1302\/1986<\/strong>, y su contenido es innovador respecto a la <strong>Directiva 85\/337<\/strong>, pues \u00e9sta conf\u00eda las cuestiones organizativas a los Estados miembros. De \u00e9l se derivan los siguientes principios:<\/span><\/p>\n<p style=\"text-align: justify; padding-left: 40px;\"><span style=\"font-size: 14pt;\">&#8211; necesidad de que sean \u00f3rganos diferentes e independientes los que realicen la aprobaci\u00f3n del proyecto y la Declaraci\u00f3n de impacto.<\/span><\/p>\n<p style=\"text-align: justify; padding-left: 40px;\"><span style=\"font-size: 14pt;\">&#8211; que la Declaraci\u00f3n de impacto la realice el \u00f3rgano ambiental.<\/span><\/p>\n<p style=\"text-align: justify; padding-left: 40px;\"><span style=\"font-size: 14pt;\">&#8211; que ambos \u00f3rganos pertenezcan a la misma administraci\u00f3n, que ser\u00e1 aquella donde resida la competencia sustantiva para la aprobaci\u00f3n o realizaci\u00f3n del proyecto.<\/span><\/p>\n<p>&nbsp;<\/p>\n<figure id=\"attachment_2306557\" aria-describedby=\"caption-attachment-2306557\" style=\"width: 672px\" class=\"wp-caption aligncenter\"><img loading=\"lazy\" decoding=\"async\" class=\"wp-image-2306557 size-full\" src=\"https:\/\/puntocritico.com\/ausajpuntocritico\/wp-content\/uploads\/2025\/01\/Ejemplo-de-Matriz-de-identificacion-de-Impactos-ambientales.jpg\" alt=\"\" width=\"672\" height=\"647\" srcset=\"https:\/\/puntocritico.com\/ausajpuntocritico\/wp-content\/uploads\/2025\/01\/Ejemplo-de-Matriz-de-identificacion-de-Impactos-ambientales.jpg 672w, https:\/\/puntocritico.com\/ausajpuntocritico\/wp-content\/uploads\/2025\/01\/Ejemplo-de-Matriz-de-identificacion-de-Impactos-ambientales-300x289.jpg 300w\" sizes=\"auto, (max-width: 672px) 100vw, 672px\" \/><figcaption id=\"caption-attachment-2306557\" class=\"wp-caption-text\"><span style=\"color: #008000;\">Fuente: Consultora Ambiental Rosario. Estudio de Impacto Ambiental \u2013 Obra: Casino y Hotel Cinco estrellas en la ciudad de Rosario. Rosario, 2005.<\/span><\/figcaption><\/figure>\n<p style=\"text-align: center;\"><strong><span style=\"color: #008000; font-size: 18pt;\">*******<\/span><\/strong><\/p>\n<h3 style=\"text-align: center;\"><span style=\"font-size: 18pt;\">El contenido de las Evaluaciones de Impacto Ambiental<\/span><\/h3>\n<p style=\"text-align: justify;\"><span style=\"font-size: 14pt;\"><strong>Se entiende por EIA el conjunto de estudios y sistemas t\u00e9cnicos que permiten estimar los efectos que la ejecuci\u00f3n de un determinado proyecto, obra o actividad, causa sobre el medio ambiente<\/strong>.<\/span><\/p>\n<p style=\"text-align: justify;\"><span style=\"font-size: 14pt;\">La <strong>Evaluaci\u00f3n de Impacto Ambiental deber\u00e1 contener, al menos<\/strong>, la estimaci\u00f3n de los efectos sobre la poblaci\u00f3n humana, la fauna, la flora, la vegetaci\u00f3n, la gea (<em>tierra<\/em>), el suelo, el agua, el aire, el clima, el paisaje y la estructura y funci\u00f3n de los ecosistemas presentes en el \u00e1rea previsiblemente afectada. Asimismo, debe comprender la estimaci\u00f3n de la incidencia que el proyecto, obra o actividad tiene sobre los elementos que componen el <em>Patrimonio Hist\u00f3rico Espa\u00f1ol<\/em>, sobre las relaciones sociales y las condiciones de sosiego p\u00fablico, tales como ruidos, vibraciones, olores y emisiones luminosas, y la de cualquier otra incidencia ambiental derivada de su ejecuci\u00f3n. <strong><em>Esto supone la extensi\u00f3n de los impactos al medio sociocultural<\/em><\/strong>.<\/span><\/p>\n<p style=\"text-align: justify;\">\u00a0<\/p>\n<p><img loading=\"lazy\" decoding=\"async\" class=\"aligncenter wp-image-2306558\" src=\"https:\/\/puntocritico.com\/ausajpuntocritico\/wp-content\/uploads\/2025\/01\/Evaluacion-de-impacto-ambiental-beneficios-y-etapas-para-llevarla-a-cabo-300x121.jpg\" alt=\"\" width=\"555\" height=\"224\" srcset=\"https:\/\/puntocritico.com\/ausajpuntocritico\/wp-content\/uploads\/2025\/01\/Evaluacion-de-impacto-ambiental-beneficios-y-etapas-para-llevarla-a-cabo-300x121.jpg 300w, https:\/\/puntocritico.com\/ausajpuntocritico\/wp-content\/uploads\/2025\/01\/Evaluacion-de-impacto-ambiental-beneficios-y-etapas-para-llevarla-a-cabo-768x310.jpg 768w, https:\/\/puntocritico.com\/ausajpuntocritico\/wp-content\/uploads\/2025\/01\/Evaluacion-de-impacto-ambiental-beneficios-y-etapas-para-llevarla-a-cabo.jpg 820w\" sizes=\"auto, (max-width: 555px) 100vw, 555px\" \/><\/p>\n<p style=\"text-align: center;\"><strong><span style=\"color: #008000; font-size: 18pt;\">*******<\/span><\/strong><\/p>\n<h3 style=\"text-align: center;\"><span style=\"font-size: 18pt;\">El contenido de los Estudios de Impacto Ambiental<\/span><\/h3>\n<p style=\"text-align: justify;\"><span style=\"font-size: 14pt;\"><strong>La Evaluaci\u00f3n de Impacto Ambiental se realiza sobre la base de un Estudio de Impacto Ambiental, que debe realizar el titular del proyecto<\/strong>, para lo cual contar\u00e1 con la m\u00e1xima informaci\u00f3n, que le ser\u00e1 suministrada por la Administraci\u00f3n, quien la podr\u00e1 obtener de personas, Instituciones cualificadas, y Administraciones P\u00fablicas, previa consulta sobre los extremos del proyecto medioambiental. <strong>Este Estudio deber\u00e1 contener, al menos, los siguientes datos<\/strong>:<\/span><\/p>\n<p style=\"text-align: justify;\"><span style=\"font-size: 14pt;\">&#8211; Descripci\u00f3n del proyecto y sus acciones susceptibles de producir un impacto sobre el medio ambiente, tanto en fase de realizaci\u00f3n como de funcionamiento. Comprende los materiales a utilizar, el suelo a ocupar, recursos naturales afectados, cantidad y tipo de vertidos o residuos, emisiones, ruidos, vibraciones, olores, etc.<\/span><\/p>\n<p style=\"text-align: justify; padding-left: 40px;\"><span style=\"font-size: 14pt;\">&#8211; Examen de alternativas t\u00e9cnicamente viables y justificaci\u00f3n de la soluci\u00f3n adoptada.<\/span><\/p>\n<p style=\"text-align: justify; padding-left: 40px;\"><span style=\"font-size: 14pt;\">&#8211; Inventario ambiental y descripci\u00f3n de las interacciones ecol\u00f3gicas o ambientales claves. Comprender\u00e1 el estudio del lugar antes de iniciar las obras, con los tipos de ocupaci\u00f3n de suelo y aprovechamientos de otros recursos naturales. Tambi\u00e9n comprender\u00e1 la identificaci\u00f3n, censo o inventario de los aspectos ambientales, contenido de la Evaluaci\u00f3n de Impacto Ambiental, susceptibles de ser afectados por la actuaci\u00f3n proyectada. Han de definirse y justificarse las interacciones ecol\u00f3gicas claves, delimitando as\u00ed mismo, cartogr\u00e1ficamente, el territorio afectado por el proyecto, para cada uno de los aspectos ambientales definidos. Ha de estudiarse comparativamente la situaci\u00f3n ambiental actual y futura, con y sin la actuaci\u00f3n derivada del proyecto, para cada alternativa examinada.<\/span><\/p>\n<p style=\"text-align: justify; padding-left: 40px;\"><span style=\"font-size: 14pt;\">&#8211; Identificaci\u00f3n y valoraci\u00f3n de impactos sobre los aspectos ambientales objeto de la EIA tanto en la soluci\u00f3n propuesta como en sus alternativas. Derivar\u00e1 del estudio de las interacciones entre las acciones derivadas del proyecto y las caracter\u00edsticas espec\u00edficas de los aspectos ambientales afectados en cada caso concreto, distinguiendo los efectos negativos de los positivos, los temporales de los permanentes, los simples de los acumulativos y sin\u00e9rgicos, los directos de los indirectos, los reversibles de los irreversibles, los peri\u00f3dicos de los irregulares, y los continuos de los discontinuos. Se indicar\u00e1 el car\u00e1cter compatible, moderado, severo o cr\u00edtico de los impactos previstos. Han de expresarse los par\u00e1metros utilizados para valorar los efectos, utilizando, a ser posible, normas o estudios t\u00e9cnicos que establezcan valores l\u00edmite o gu\u00eda para los distintos tipos de impacto. En caso de que el impacto rebase el l\u00edmite, se indicar\u00e1n sus medidas correctoras, y si no fuese posible reconducir el impacto a los l\u00edmites admisibles, se recomendar\u00e1 la correcci\u00f3n, sustituci\u00f3n o anulaci\u00f3n de la acci\u00f3n causante de tales efectos. Se indicar\u00e1n los procedimientos utilizados para conocer el grado de aceptaci\u00f3n social de la actividad, as\u00ed como las implicaciones econ\u00f3micas de los efectos ambientales y las metodolog\u00edas utilizadas y su fundamentaci\u00f3n cient\u00edfica. Finalmente se jerarquizar\u00e1n los impactos ambientales identificados y valorados, para conocer su importancia relativa, y se efectuar\u00e1 una evaluaci\u00f3n global que permita una visi\u00f3n integrada de la incidencia ambiental del proyecto.<\/span><\/p>\n<p style=\"text-align: justify; padding-left: 40px;\"><span style=\"font-size: 14pt;\">&#8211; Propuesta de establecimiento de medidas protectoras y correctoras y programa de vigilancia ambiental. Indicaci\u00f3n de las medidas previstas para reducir, eliminar o compensar los efectos ambientales negativos significativos, as\u00ed como las alternativas posibles a las condiciones inicialmente previstas en el proyecto. Medidas adecuadas para atenuar o suprimir los efectos negativos, tanto en lo referente a su dise\u00f1o y ubicaci\u00f3n como en cuanto a las medidas anticontaminantes y de protecci\u00f3n del medio ambiente. En defecto de las medidas anteriores, las destinadas a compensar los efectos negativos, o acciones de restauraci\u00f3n. El Programa de Vigilancia Ambiental ha de garantizar el cumplimiento de las indicaciones y medidas, protectoras y correctoras, contenidas en el Estudio de Impacto Ambiental.<\/span><\/p>\n<p style=\"text-align: justify; padding-left: 40px;\"><span style=\"font-size: 14pt;\">&#8211; Documento de s\u00edntesis, en forma sumaria. Conclusiones sobre la viabilidad de las actuaciones propuestas, as\u00ed como sobre el examen y elecci\u00f3n de las alternativas, con la propuesta de medidas correctoras y programa de vigilancia, tanto en fase de ejecuci\u00f3n como de funcionamiento. No exceder\u00e1 de 25 folios, y su redacci\u00f3n ser\u00e1 asequible para su comprensi\u00f3n general. Se indicar\u00e1n las dificultades informativas o t\u00e9cnicas encontradas al redactar el Estudio, explicando su origen y causa.<\/span><\/p>\n<p style=\"text-align: justify;\">\u00a0<\/p>\n<h3 style=\"text-align: center;\"><span style=\"font-size: 18pt;\">EIA:\u00a0<\/span><span style=\"font-size: 18pt;\">PROCEDIMIENTO ADMINISTRATIVO<\/span><\/h3>\n<figure id=\"attachment_2306312\" aria-describedby=\"caption-attachment-2306312\" style=\"width: 623px\" class=\"wp-caption aligncenter\"><img loading=\"lazy\" decoding=\"async\" class=\"wp-image-2306312 size-full\" src=\"https:\/\/puntocritico.com\/ausajpuntocritico\/wp-content\/uploads\/2025\/01\/Esquema-Procedimiento-EIA-1988-PC.jpg\" alt=\"EVALUACI\u00d3N DE IMPACTO AMBIENTAL - Esquema procedimiento 1995\" width=\"623\" height=\"897\" srcset=\"https:\/\/puntocritico.com\/ausajpuntocritico\/wp-content\/uploads\/2025\/01\/Esquema-Procedimiento-EIA-1988-PC.jpg 623w, https:\/\/puntocritico.com\/ausajpuntocritico\/wp-content\/uploads\/2025\/01\/Esquema-Procedimiento-EIA-1988-PC-208x300.jpg 208w\" sizes=\"auto, (max-width: 623px) 100vw, 623px\" \/><figcaption id=\"caption-attachment-2306312\" class=\"wp-caption-text\"><span style=\"color: #008000;\">Fuente del Esquema Procedimental: Jes\u00fas D\u00edaz Formoso (Punto Cr\u00edtico, 1996) <\/span><\/figcaption><\/figure>\n<p>&nbsp;<\/p>\n<p style=\"text-align: justify;\"><span style=\"font-size: 14pt;\"><strong>1.- Iniciaci\u00f3n y consultas<\/strong>. Quien se proponga realizar un proyecto que\u00a0requiera EIA, comunicar\u00e1 al \u00f3rgano de medio ambiente competente tal intenci\u00f3n, acompa\u00f1ando Memoria -Resumen que recoja sus caracter\u00edsticas m\u00e1s significativas, y remitir\u00e1 copia al \u00f3rgano con competencia sustantiva. Puede incluirse una fase previa, llamada \u201c<em>scoping<\/em>\u201d, que incorpore consultas a las personas, Instituciones o Administraciones previsiblemente afectadas, que haga innecesario el recurso a los tr\u00e1mites posteriores de apreciarse claramente la inviabilidad ambiental de la iniciativa proyectada. La contestaci\u00f3n tiene un plazo m\u00e1ximo de 30 d\u00edas.<\/span><\/p>\n<p style=\"text-align: justify;\"><span style=\"font-size: 14pt;\"><strong>2.- Informaci\u00f3n al titular del proyecto<\/strong>. Recibidas las contestaciones a las consultas del \u00f3rgano de medio ambiente, \u00e9ste en el plazo de 20 d\u00edas, las facilitar\u00e1 al titular del proyecto. Tambi\u00e9n le expondr\u00e1 su consideraci\u00f3n de los aspectos m\u00e1s significativos que deben tenerse en cuenta en la elaboraci\u00f3n del Estudio de Impacto Ambiental.<\/span><\/p>\n<p style=\"text-align: justify;\"><span style=\"font-size: 14pt;\"><strong>3.- Informaci\u00f3n p\u00fablica<\/strong>. El Estudio de Impacto Ambiental ser\u00e1 sometido al tr\u00e1mite de informaci\u00f3n p\u00fablica que se prevea dentro del procedimiento sustantivo, aplicable a la autorizaci\u00f3n (no ambiental) del proyecto, as\u00ed como a los dem\u00e1s informes que este procedimiento pueda establecer. Si en dicho procedimiento no estuviera contemplado tal tr\u00e1mite de informaci\u00f3n p\u00fablica, el \u00f3rgano administrativo de medioambiente proceder\u00e1 directamente a someter el Estudio al mismo durante 30 d\u00edas h\u00e1biles, y a recabar los informes que en cada caso considere oportunos. En el caso de que el tr\u00e1mite de informaci\u00f3n p\u00fablica estuviere previsto en el procedimiento sustantivo, el \u00f3rgano competente, previamente a la resoluci\u00f3n que pudiera adoptar en orden a la realizaci\u00f3n del proyecto, remitir\u00e1 el expediente (compuesto por el documento t\u00e9cnico del proyecto, el Estudio de Impacto Ambiental y el resultado de la informaci\u00f3n p\u00fablica) al \u00f3rgano administrativo de medioambiente, acompa\u00f1ado de las observaciones oportunas, para que formule la Declaraci\u00f3n de Impacto. Si no existiese tr\u00e1mite sustantivo de informaci\u00f3n p\u00fablica, el \u00f3rgano administrativo de medio ambiente, tras el tr\u00e1mite directo de informaci\u00f3n p\u00fablica, y a la vista de \u00e9sta, dentro de los 30 d\u00edas siguientes a la terminaci\u00f3n de dicho tr\u00e1mite, comunicar\u00e1 al titular del proyecto los aspectos en que habr\u00e1 de completarse, en su caso, el estudio, otorg\u00e1ndole 20 d\u00edas de plazo, transcurrido el cual, pasar\u00e1 a formular la Declaraci\u00f3n de Impacto Ambiental.<\/span><\/p>\n<p style=\"text-align: justify;\"><span style=\"font-size: 14pt;\"><strong>4.- Declaraci\u00f3n de Impacto Ambiental<\/strong>. Determinar\u00e1, a los solos efectos ambientales, la conveniencia o no de realizar el proyecto, y en caso afirmativo, fijar\u00e1 las condiciones en que debe realizarse, que tendr\u00e1n el mismo valor que el resto del condicionado de la autorizaci\u00f3n sustantiva. Dichas condiciones, adem\u00e1s de contener especificaciones concretas sobre la protecci\u00f3n del medio ambiente, formar\u00e1n un todo coherente con las exigidas para la aprobaci\u00f3n sustantiva del proyecto, integr\u00e1ndose, en su caso, con las previsiones de los Planes ambientales existentes. Se referir\u00e1n a la necesidad de salvaguardar los ecosistemas y su capacidad de recuperaci\u00f3n. Adem\u00e1s las condiciones se adaptar\u00e1n a las innovaciones aportadas por el progreso cient\u00edfico y t\u00e9cnico que alteren la actividad autorizada, salvo que por su incidencia en el medio ambiente resultara necesaria una nueva Declaraci\u00f3n de Impacto. Incluir\u00e1 las prescripciones pertinentes sobre la forma de realizar el seguimiento de las actuaciones, de acuerdo con el programa de vigilancia ambiental.<\/span><\/p>\n<p style=\"text-align: justify;\"><span style=\"font-size: 14pt;\">En el plazo de los 30 d\u00edas siguientes a la recepci\u00f3n del expediente por el \u00f3rgano administrativo de medio ambiente, (siempre y cuando el procedimiento autorizatorio sustantivo prevea tr\u00e1mite espec\u00edfico de informaci\u00f3n p\u00fablica, caso en el que \u00e9sta la recibir\u00e1 el \u00f3rgano con competencia. Quien se proponga realizar un proyecto que requiera EIA, comunicar\u00e1 al \u00f3rgano de medio ambiente competente tal intenci\u00f3n, acompa\u00f1ando Memoria \u2013 Resumen sustantiva, el cual la remitir\u00e1 junto con el resto del expediente al \u00f3rgano administrativo de medio ambiente), la Declaraci\u00f3n de Impacto Ambiental se remitir\u00e1 al \u00f3rgano sustantivo, encargado de dictar la resoluci\u00f3n administrativa de autorizaci\u00f3n del proyecto.<\/span><\/p>\n<p style=\"text-align: justify;\"><span style=\"font-size: 14pt;\"><strong>5.- Resoluci\u00f3n de discrepancias<\/strong>. Si existen discrepancias entre el \u00f3rgano con competencia sustantiva y el \u00f3rgano con competencia ambiental, respecto de la conveniencia de ejecutar el proyecto o sobre el contenido del condicionado de la Declaraci\u00f3n de Impacto Ambiental, resolver\u00e1 el Consejo de Ministros. En caso de proyectos sometidos al Decreto de la Xunta de Galicia, 442\/1990, de 13 de Septiembre, resolver\u00e1 el Consello de la Xunta de Galicia. En cuanto a la notificaci\u00f3n de las condiciones de la Declaraci\u00f3n de Impacto Ambiental, si en el procedimiento de otorgamiento de la autorizaci\u00f3n sustantiva est\u00e1 prevista la previa notificaci\u00f3n de las condiciones al peticionario, \u00e9sta se har\u00e1 extensiva a la Declaraci\u00f3n de Impacto. En todo caso, la Declaraci\u00f3n de Impacto se har\u00e1 p\u00fablica, en caso de Proyectos sometidos al Decreto 442\/1990 de la Xunta de Galicia, la publicidad se har\u00e1 mediante su publicaci\u00f3n en el DOGA. <strong>El r\u00e9gimen de recursos contra la Declaraci\u00f3n se vincula a la impugnaci\u00f3n de la resoluci\u00f3n administrativa de la que forma parte<\/strong>.<\/span><\/p>\n<p style=\"text-align: justify;\"><span style=\"font-size: 14pt;\"><strong>6.- Vigilancia y suspensi\u00f3n de actividades<\/strong>. Corresponde al \u00f3rgano con competencia sustantiva el seguimiento y vigilancia de lo establecido en la Declaraci\u00f3n de Impacto. Sin perjuicio de ello, el \u00f3rgano administrativo de medio ambiente, podr\u00e1 recabar informaci\u00f3n del \u00f3rgano sustantivo, as\u00ed como efectuar las comprobaciones necesarias para verificar dicho cumplimiento, para lo cual, en cualquier momento podr\u00e1 solicitar auxilio administrativo. Los objetivos de la vigilancia ser\u00e1n el velar para que el proyecto se realice de acuerdo con las condiciones en que se autoriz\u00f3, determinar la eficacia de las medidas de protecci\u00f3n ambiental contenidas en la Declaraci\u00f3n de Impacto, y verificar la correcci\u00f3n y exactitud de la Evaluaci\u00f3n de Impacto Ambiental realizada. En cuanto a la Suspensi\u00f3n, si un proyecto de los sometidos a EIA comenzara a ejecutarse sin ella, ser\u00e1 suspendida su ejecuci\u00f3n a requerimiento del \u00f3rgano administrativo de medio ambiente (<em>de oficio o a instancia de parte si se justifica la causa<\/em>), sin perjuicio de la responsabilidad a que hubiere lugar. Tambi\u00e9n podr\u00e1 acordarse la suspensi\u00f3n en caso de ocultamiento de datos o manipulaci\u00f3n maliciosa en el procedimiento de EIA, o por incumplimiento de las condiciones ambientales impuestas.<\/span><\/p>\n<p style=\"text-align: justify;\"><span style=\"font-size: 14pt;\"><strong>7.- Responsabilidad, restituci\u00f3n e indemnizaci\u00f3n sustitutoria<\/strong>. En el caso de que proceda la suspensi\u00f3n, si lo ejecutado hubiere producido una alteraci\u00f3n en la realidad f\u00edsica y biol\u00f3gica, proceder\u00e1 la restituci\u00f3n de la misma en la forma que disponga la Administraci\u00f3n, la cual podr\u00e1 imponer multas coercitivas sucesivas de hasta 50.000 pesetas cada una, sin perjuicio de la posible ejecuci\u00f3n subsidiaria, por la propia administraci\u00f3n, a costa del infractor, en el caso de que efectuado el correspondiente requerimiento para que en el plazo marcado ejecute las operaciones de restituci\u00f3n, \u00e9ste no lo hubiere atendido. <\/span><\/p>\n<p style=\"text-align: justify;\"><span style=\"font-size: 14pt;\">Adem\u00e1s, en cualquier caso, el titular del proyecto deber\u00e1 indemnizar los da\u00f1os y perjuicios ocasionados, que se valorar\u00e1n por el \u00f3rgano de medio ambiente, previa tasaci\u00f3n contradictoria. Intervendr\u00e1 el \u00f3rgano sustantivo cuando el titular del proyecto no estuviere conforme con la valoraci\u00f3n.<\/span><\/p>\n<p style=\"text-align: justify;\"><span style=\"font-size: 14pt;\"><strong>8.- Confidencialidad<\/strong>. De acuerdo con las disposiciones sobre propiedad industrial y con la pr\u00e1ctica jur\u00eddica en materia de secreto industrial y comercial, al realizarse la Evaluaci\u00f3n de Impacto Ambiental, se deber\u00e1 respetar la confidencialidad de las informaciones aportadas por el titular del proyecto, que tengan tal car\u00e1cter, teniendo en cuenta, en todo caso, la protecci\u00f3n del inter\u00e9s p\u00fablico. A este efecto, el titular del proyecto podr\u00e1 indicar qu\u00e9 datos, de entre los contenidos en el Estudio de Impacto Ambiental considera confidenciales acerca de lo cual decidir\u00e1 la Administraci\u00f3n.<\/span><\/p>\n<p style=\"text-align: justify;\">\u00a0<\/p>\n<figure id=\"attachment_2306101\" aria-describedby=\"caption-attachment-2306101\" style=\"width: 480px\" class=\"wp-caption aligncenter\"><a href=\"https:\/\/puntocritico.com\/ausajpuntocritico\/2025\/01\/16\/hidrogeologia-de-la-dana\/\"><img loading=\"lazy\" decoding=\"async\" class=\"wp-image-2306101\" src=\"https:\/\/puntocritico.com\/ausajpuntocritico\/wp-content\/uploads\/2025\/01\/Desembalse-Presa-Forata-en-plena-DANA-300x207.jpg\" alt=\"\" width=\"480\" height=\"331\" srcset=\"https:\/\/puntocritico.com\/ausajpuntocritico\/wp-content\/uploads\/2025\/01\/Desembalse-Presa-Forata-en-plena-DANA-300x207.jpg 300w, https:\/\/puntocritico.com\/ausajpuntocritico\/wp-content\/uploads\/2025\/01\/Desembalse-Presa-Forata-en-plena-DANA-768x530.jpg 768w, https:\/\/puntocritico.com\/ausajpuntocritico\/wp-content\/uploads\/2025\/01\/Desembalse-Presa-Forata-en-plena-DANA.jpg 806w\" sizes=\"auto, (max-width: 480px) 100vw, 480px\" \/><\/a><figcaption id=\"caption-attachment-2306101\" class=\"wp-caption-text\"><span style=\"color: #008000;\">El embalse de Forata tuvo que abrir compuertas el pasado martes 29 de octubre por la avenida de agua del r\u00edo Magro procedente del agua ca\u00edda en la comarca de Utiel-Requena \/ CHJ<\/span><\/figcaption><\/figure>\n<p style=\"text-align: center;\"><span style=\"font-size: 18pt;\"><strong><span style=\"color: #008000;\">*******<\/span><\/strong><\/span><\/p>\n<blockquote>\n<h2 style=\"text-align: center;\"><span style=\"font-size: 24pt;\">BREVE ACTUALIZACI\u00d3N<\/span><\/h2>\n<p style=\"text-align: center;\"><strong><span style=\"font-size: 14pt;\">La Directiva CE 85\/337\/CEE\/1985, 27 junio, fue derogada por el art\u00edculo 14 de la Directiva 2011\/92\/UE del Parlamento Europeo y del Consejo, de 13 de diciembre de 2011, relativa a la evaluaci\u00f3n de las repercusiones de determinados proyectos p\u00fablicos y privados sobre el medio ambiente (\u00abD.O.U.E.L.\u00bb 28 enero 2012) el 17 de febrero de 2012.<\/span><\/strong><\/p>\n<p style=\"text-align: center;\"><span style=\"font-size: 14pt;\">Junto con otras Directivas Comunitarias, fue traspuesta al Derecho espa\u00f1ol por la <strong>Ley 21\/2013, de 9 de diciembre, de evaluaci\u00f3n ambiental<\/strong> (<em>junto con otras normativas sectoriales<\/em> &#8211;<em>Aguas, Res\u00edduos, COVs, etc&#8230;<\/em>), que integr\u00f3 en una sola norma la <strong>Ley 9\/2006, de 28 de abril, sobre evaluaci\u00f3n de los efectos de determinados planes y programas en el medio ambiente<\/strong>, y el texto refundido de la Ley de Evaluaci\u00f3n de Impacto Ambiental de proyectos, aprobado por el <strong>Real Decreto Legislativo 1\/2008, de 11 de enero<\/strong>. <\/span><\/p>\n<p style=\"text-align: center;\"><span style=\"font-size: 14pt;\">La <strong>Ley 21\/2013, de 9 de diciembre<\/strong>, recoge en una \u00fanica norma las leyes que incorporaron al ordenamiento jur\u00eddico espa\u00f1ol dos directivas comunitarias: la <strong>Directiva 2011\/92\/UE del Parlamento Europeo y del Consejo, de 13 de diciembre de 2011<\/strong>, relativa a la evaluaci\u00f3n de las repercusiones de determinados proyectos p\u00fablicos y privados sobre el medio ambiente \u2013\u00abdirectiva sobre evaluaci\u00f3n de impacto ambiental\u00bb\u2013 y la D<strong>irectiva 2001\/42\/CE del Parlamento Europeo y del Consejo, de 27 de junio de 2001, relativa a la evaluaci\u00f3n de los efectos de determinados planes y programas en el medio ambiente<\/strong>.\u00a0<\/span><\/p>\n<p style=\"text-align: center;\"><span style=\"font-size: 14pt;\">La <strong>Ley 21\/2013, de 9 de diciembre<\/strong>, establece un esquema similar para ambos procedimientos \u2013evaluaci\u00f3n ambiental estrat\u00e9gica y evaluaci\u00f3n de impacto ambiental\u2013 y unifica la terminolog\u00eda.<\/span><\/p>\n<p class=\"parrafo\" style=\"text-align: center;\"><span style=\"font-size: 14pt;\">La <strong>Directiva 2011\/92\/UE del Parlamento Europeo y del Consejo, de 13 de diciembre<\/strong>, se ha modificado en el a\u00f1o 2014 mediante la D<strong>irectiva 2014\/52\/UE del Parlamento Europeo y del Consejo, de 16 de abril de 2014<\/strong>.<\/span><\/p>\n<p style=\"text-align: center;\"><span style=\"font-size: 14pt;\">Sobre la relaci\u00f3n entre la evaluaci\u00f3n ambiental estrat\u00e9gica y la de impacto ambiental debe se\u00f1alarse que, de conformidad con las directivas comunitarias, la primera no excluye a la segunda, de forma que se mantiene la anterior regulaci\u00f3n. Igualmente se mantiene el art\u00edculo relativo a la relaci\u00f3n entre la evaluaci\u00f3n de impacto ambiental y la autorizaci\u00f3n ambiental integrada, ya que esta regulaci\u00f3n est\u00e1 contenida en la <strong>Ley 16\/2002, de 1 de julio, de prevenci\u00f3n y control integrados de la contaminaci\u00f3n<\/strong>.<\/span><\/p>\n<p style=\"text-align: center;\"><span style=\"font-size: 14pt;\">Como novedad, se incluye la regulaci\u00f3n de la confidencialidad que deben mantener las administraciones p\u00fablicas en relaci\u00f3n con determinada documentaci\u00f3n aportada por el promotor.\u00a0<\/span><\/p>\n<p style=\"text-align: center;\"><span style=\"font-size: 14pt;\">Asimismo, se ha tratado de asimilar la terminolog\u00eda de la evaluaci\u00f3n ambiental estrat\u00e9gica con la empleada en la evaluaci\u00f3n de impacto ambiental, m\u00e1s antigua y ya consolidada en nuestro ordenamiento jur\u00eddico. De esta manera, el informe de sostenibilidad ambiental que regulaba la <strong>Ley 9\/2006, de 28 de abril<\/strong>, pasa ahora a denominarse <strong>estudio ambiental estrat\u00e9gico<\/strong>, mientras que la memoria ambiental pasa a ser, en virtud de esta ley, la <strong>declaraci\u00f3n ambiental estrat\u00e9gica<\/strong>, a semejanza, respectivamente, del estudio de impacto ambiental y la declaraci\u00f3n de impacto ambiental. <\/span><\/p>\n<p style=\"text-align: center;\"><span style=\"font-size: 14pt;\">Las consultas a las administraciones afectadas resultan fundamentales para la determinaci\u00f3n del alcance y contenido que debe tener el estudio ambiental estrat\u00e9gico y por este motivo se conforman con car\u00e1cter obligatorio en la directiva comunitaria de evaluaci\u00f3n ambiental de planes y programas, y como no puede ser de otra manera, en la propia ley.<\/span><\/p>\n<p style=\"text-align: center;\"><span style=\"font-size: 14pt;\">La Legislaci\u00f3n sectorial reviste una importancia trascendental, en especial el Derecho de Aguas, y la <a href=\"https:\/\/www.boe.es\/buscar\/doc.php?id=DOUE-L-2000-82524\" target=\"_blank\" rel=\"noopener\" data-schema-attribute=\"\"><strong>Directiva 2000\/60\/CE del 23 de octubre de 2000<\/strong>, <b>Directiva marco del agua<\/b> (DMA)<\/a>, y su legislaci\u00f3n derivada.<\/span><\/p>\n<\/blockquote>\n<p style=\"text-align: center;\"><span style=\"font-size: 18pt;\"><strong><span style=\"color: #008000;\">*******<\/span><\/strong><\/span><\/p>\n<blockquote class=\"wp-embedded-content\" data-secret=\"IUO0MUNgUE\"><p><a href=\"https:\/\/puntocritico.com\/ausajpuntocritico\/2025\/01\/16\/hidrogeologia-de-la-dana\/\">HIDROGEOLOG\u00cdA de la DANA (PARTE 1): EL DESEMBALSE DE LA PRESA DE FORATA: \u00bfUn desprop\u00f3sito tras otro o un Cataclismo Clim\u00e1tico de Falsa Bandera?<\/a><\/p><\/blockquote>\n<p><iframe loading=\"lazy\" class=\"wp-embedded-content\" sandbox=\"allow-scripts\" security=\"restricted\" style=\"position: absolute; visibility: hidden;\" title=\"\u00abHIDROGEOLOG\u00cdA de la DANA (PARTE 1): EL DESEMBALSE DE LA PRESA DE FORATA: \u00bfUn desprop\u00f3sito tras otro o un Cataclismo Clim\u00e1tico de Falsa Bandera?\u00bb \u2014 Punto Cr\u00edtico Derechos Humanos\" src=\"https:\/\/puntocritico.com\/ausajpuntocritico\/2025\/01\/16\/hidrogeologia-de-la-dana\/embed\/#?secret=jUHi4eoJmn#?secret=IUO0MUNgUE\" data-secret=\"IUO0MUNgUE\" width=\"500\" height=\"282\" frameborder=\"0\" marginwidth=\"0\" marginheight=\"0\" scrolling=\"no\"><\/iframe><\/p>\n<p>&nbsp;<\/p>\n<p>&nbsp;<\/p>\n<p><a href=\"https:\/\/puntocritico.com\/ausajpuntocritico\/author\/punto-critico\/\" target=\"_blank\" rel=\"noopener\"><img loading=\"lazy\" decoding=\"async\" class=\"aligncenter wp-image-9528\" src=\"https:\/\/puntocritico.com\/ausajpuntocritico\/wp-content\/uploads\/2018\/03\/Mosca_Punto_Cr\u00edtico_40.png\" alt=\"\" width=\"80\" height=\"80\" \/><\/a><\/p>\n<p>&nbsp;<\/p>\n<p>&nbsp;<\/p>\n","protected":false},"excerpt":{"rendered":"<div class=\"mh-excerpt\"><p>ANTECEDENTES DE LA EVALUACI\u00d3N DE IMPACTO AMBIENTAL \u00a0 ANTECEDENTES DE LA EVALUACI\u00d3N DE IMPACTO AMBIENTAL EN EL DERECHO ESPA\u00d1OL MEDIO AMBIENTE, INDUSTRIA Y AUTORIZACI\u00d3N DE ACTIVIDADES INDUSTRIALES Por Jes\u00fas D\u00edaz Formoso, Abogado Punto Cr\u00edtico num <a class=\"mh-excerpt-more\" href=\"https:\/\/puntocritico.com\/ausajpuntocritico\/2025\/01\/29\/antecedentes-de-la-evaluacion-de-impacto-ambiental\/\" title=\"ANTECEDENTES DE LA EVALUACI\u00d3N DE IMPACTO AMBIENTAL EN EL DERECHO ESPA\u00d1OL\">[&#8230;]<\/a><\/p>\n<\/div>","protected":false},"author":3,"featured_media":2306438,"comment_status":"open","ping_status":"open","sticky":false,"template":"","format":"standard","meta":{"_acf_changed":false,"_exactmetrics_skip_tracking":false,"_exactmetrics_sitenote_active":false,"_exactmetrics_sitenote_note":"","_exactmetrics_sitenote_category":0,"footnotes":""},"categories":[6],"tags":[144],"class_list":{"0":"post-2306311","1":"post","2":"type-post","3":"status-publish","4":"format-standard","5":"has-post-thumbnail","7":"category-justicia","8":"tag-dana"},"acf":[],"_links":{"self":[{"href":"https:\/\/puntocritico.com\/ausajpuntocritico\/wp-json\/wp\/v2\/posts\/2306311","targetHints":{"allow":["GET"]}}],"collection":[{"href":"https:\/\/puntocritico.com\/ausajpuntocritico\/wp-json\/wp\/v2\/posts"}],"about":[{"href":"https:\/\/puntocritico.com\/ausajpuntocritico\/wp-json\/wp\/v2\/types\/post"}],"author":[{"embeddable":true,"href":"https:\/\/puntocritico.com\/ausajpuntocritico\/wp-json\/wp\/v2\/users\/3"}],"replies":[{"embeddable":true,"href":"https:\/\/puntocritico.com\/ausajpuntocritico\/wp-json\/wp\/v2\/comments?post=2306311"}],"version-history":[{"count":0,"href":"https:\/\/puntocritico.com\/ausajpuntocritico\/wp-json\/wp\/v2\/posts\/2306311\/revisions"}],"wp:featuredmedia":[{"embeddable":true,"href":"https:\/\/puntocritico.com\/ausajpuntocritico\/wp-json\/wp\/v2\/media\/2306438"}],"wp:attachment":[{"href":"https:\/\/puntocritico.com\/ausajpuntocritico\/wp-json\/wp\/v2\/media?parent=2306311"}],"wp:term":[{"taxonomy":"category","embeddable":true,"href":"https:\/\/puntocritico.com\/ausajpuntocritico\/wp-json\/wp\/v2\/categories?post=2306311"},{"taxonomy":"post_tag","embeddable":true,"href":"https:\/\/puntocritico.com\/ausajpuntocritico\/wp-json\/wp\/v2\/tags?post=2306311"}],"curies":[{"name":"wp","href":"https:\/\/api.w.org\/{rel}","templated":true}]}}