{"id":2305318,"date":"2025-03-06T00:05:07","date_gmt":"2025-03-05T23:05:07","guid":{"rendered":"https:\/\/puntocritico.com\/ausajpuntocritico\/?p=2305318"},"modified":"2025-03-04T21:38:49","modified_gmt":"2025-03-04T20:38:49","slug":"como-juzga-el-pueblo-a-quienes-aspiran-a-los-cargos","status":"publish","type":"post","link":"https:\/\/puntocritico.com\/ausajpuntocritico\/2025\/03\/06\/como-juzga-el-pueblo-a-quienes-aspiran-a-los-cargos\/","title":{"rendered":"C\u00d3MO JUZGA EL PUEBLO A QUIENES ASPIRAN A LOS CARGOS, por Nicol\u00e1s Maquiavelo: \u00abLos pueblos cometen muchos menos errores que los pr\u00edncipes, tanto en cuanto a las falsas opiniones, como respecto a la corrupci\u00f3n\u00bb"},"content":{"rendered":"<p class=\"posttitle\" style=\"text-align: justify;\"><span id=\"COMO_JUZGA_EL_PUEBLO_EL_CARACTER_DE_LOS_QUE_ASPIRAN_A_LOS_CARGOS\" style=\"font-size: 14pt; color: #008000;\">C\u00d3MO JUZGA EL PUEBLO A QUIENES ASPIRAN A LOS CARGOS<\/span><\/p>\n\n<p>&nbsp;<\/p>\n<p style=\"text-align: right;\"><em><span style=\"font-size: 14pt;\">\u00abNosotros,<\/span><\/em><em><span style=\"font-size: 14pt;\"> los espa\u00f1oles, padecemos de una enfermedad del coraz\u00f3n, para la cual el remedio espec\u00edfico es el oro. Vine en busca del oro, y no a trabajar la tierra como pe\u00f3n\u00bb.<\/span><\/em><\/p>\n<p style=\"text-align: right;\"><span style=\"font-size: 14pt;\">Hern\u00e1n Cort\u00e9s, 1521<\/span><\/p>\n<p style=\"text-align: center;\">\u00a0<\/p>\n<blockquote>\n<h2 class=\"posttitle\" style=\"text-align: center;\"><span style=\"font-size: 24pt;\">C\u00d3MO JUZGA EL PUEBLO EL CAR\u00c1CTER DE LOS QUE ASPIRAN A LOS CARGOS<\/span><\/h2>\n<p style=\"text-align: center;\"><span style=\"font-size: 14pt;\"><em><strong>\u201cLos pueblos cometen muchos menos errores que los pr\u00edncipes, tanto en lo que respecta a las falsas opiniones como en lo que toca a la corrupci\u00f3n. <\/strong><\/em><\/span><\/p>\n<p style=\"text-align: center;\"><span style=\"font-size: 14pt;\"><em><strong>Puede ser que los pueblos sean enga\u00f1ados por la fama, la opini\u00f3n y los actos de un hombre, estim\u00e1ndolo m\u00e1s de lo que merece.<\/strong><\/em><\/span><\/p>\n<p style=\"text-align: center;\"><span style=\"font-size: 14pt;\"><em><strong>Por eso, los buenos organizadores de las rep\u00fablicas han dispuesto las cosas de modo que, cuando se hayan de efectuar los nombramientos de los cargos m\u00e1s elevados de la ciudad, en los que ser\u00eda muy peligroso colocar hombres que no estuvieran a la altura de su puesto, siempre que se vea que la voluntad popular se inclina a nombrar a un inepto, cualquier ciudadano pueda exponer p\u00fablicamente en la asamblea los defectos de ese candidato.<\/strong><\/em><\/span><\/p>\n<p style=\"text-align: center;\"><span style=\"font-size: 14pt;\"><em><strong>Esto no s\u00f3lo le ser\u00e1 l\u00edcito, sino que constituir\u00e1 un motivo de gloria, pues as\u00ed el pueblo podr\u00e1 juzgar mejor, al ser m\u00e1s completo su conocimiento. <\/strong><\/em><\/span><\/p>\n<p style=\"text-align: center;\"><span style=\"font-size: 14pt;\"><em><strong>Y el ciudadano que desee comenzar a obtener los favores del pueblo, debe ganarlos con alg\u00fan hecho notable\u201d.<\/strong><\/em><\/span><\/p>\n<p class=\"posttitle\" style=\"text-align: justify;\"><span style=\"font-size: 14pt;\">Por Nicol\u00e1s Maquiavelo<\/span><\/p>\n<p style=\"text-align: justify;\"><a href=\"https:\/\/www.filosofiadigital.com\/como-juzga-el-pueblo-el-caracter-de-los-que-aspiran-a-los-cargos-por-nicolas-maquiavelo\/\" target=\"_blank\" rel=\"noopener\"><span style=\"font-size: 14pt;\">Filosof\u00eda Digital<\/span><\/a><\/p>\n<p><img loading=\"lazy\" decoding=\"async\" class=\"aligncenter wp-image-11634\" src=\"https:\/\/puntocritico.com\/ausajpuntocritico\/wp-content\/uploads\/2018\/05\/Maquiavelo-SOCIOPAT\u00cdA-Y-PSICOPAT\u00cdA-EN-POL\u00cdTICA-9-300x198.png\" alt=\"C\u00d3MO JUZGA EL PUEBLO A QUIENES ASPIRAN A LOS CARGOS\" width=\"440\" height=\"291\" srcset=\"https:\/\/puntocritico.com\/ausajpuntocritico\/wp-content\/uploads\/2018\/05\/Maquiavelo-SOCIOPAT\u00cdA-Y-PSICOPAT\u00cdA-EN-POL\u00cdTICA-9-300x198.png 300w, https:\/\/puntocritico.com\/ausajpuntocritico\/wp-content\/uploads\/2018\/05\/Maquiavelo-SOCIOPAT\u00cdA-Y-PSICOPAT\u00cdA-EN-POL\u00cdTICA-9.png 560w\" sizes=\"auto, (max-width: 440px) 100vw, 440px\" \/><\/p>\n<p>&nbsp;<\/p>\n<p style=\"text-align: justify;\"><span style=\"font-size: 14pt;\"><span lang=\"ES-TRAD\"><strong>Y<\/strong><\/span>a hemos hablado otras veces de c\u00f3mo\u00a0<strong>Tito Manlio<\/strong>, luego llamado\u00a0<strong>Torcuato<\/strong>, salv\u00f3 a\u00a0<strong>Lucio Manlio<\/strong>, su padre, de una acusaci\u00f3n que hab\u00eda formulado contra \u00e9l\u00a0<strong>Marco\u00a0Pomponio<\/strong>, tribuno de la plebe. Y aunque el procedimiento empleado para salvarlo fue un tanto violento y extraordinario, sin embargo, esa piedad filial para con su padre result\u00f3 tan grata a la comunidad, que no s\u00f3lo no fue castigado, sino que, a la hora de nombrar tribunos para las legiones,\u00a0el segundo en resultar elegido\u00a0fue\u00a0<strong>Tito Manlio<\/strong>.\u00a0<\/span><\/p>\n<p>&nbsp;<\/p>\n<p style=\"text-align: center;\" align=\"center\"><span style=\"font-size: 14pt; color: #008000;\"><strong>EL PUEBLO DISTRIBUYE LOS CARGOS MEJOR QUE UN PR\u00cdNCIPE<\/strong><\/span><\/p>\n<p>&nbsp;<\/p>\n<p style=\"text-align: justify;\"><span style=\"font-size: 14pt;\"><span lang=\"ES-TRAD\"><strong>E<\/strong><\/span>ste suceso, en mi opini\u00f3n, resulta \u00fatil para analizar el modo que tiene el pueblo de juzgar a los hombres en el reparto de cargos, y si es verdad, como dijimos en otra ocasi\u00f3n, que el pueblo los distribuye mejor que un pr\u00edncipe.<\/span><\/p>\n<p style=\"text-align: justify;\"><span style=\"font-size: 14pt;\"><span lang=\"ES-TRAD\"><strong>D<\/strong><\/span>igo, pues, que el pueblo, al hacer el reparto, se gu\u00eda por lo que la voz p\u00fablica o la fama dicen de uno, cuando no lo conoce por sus obras notorias, o por la presunci\u00f3n o la opini\u00f3n generalizada que se tiene de \u00e9l.<\/span><\/p>\n<p style=\"text-align: justify;\"><span style=\"font-size: 14pt;\"><span lang=\"ES-TRAD\"><strong>E<\/strong><\/span>stas cosas pueden tener su origen en los padres, pues si \u00e9stos han sido ciudadanos valerosos y grandes hombres, se tiende a creer que sus hijos se les parecer\u00e1n mientras que las obras no demuestren lo contrario.<\/span><\/p>\n<p style=\"text-align: justify;\"><span style=\"font-size: 14pt;\"><span lang=\"ES-TRAD\"><strong>O<\/strong><\/span>tra causa de este tipo de fama puede ser el comportamiento que demuestran aquellos de quienes se habla. A este respecto, los comportamientos m\u00e1s deseables son: buscar la compa\u00f1\u00eda de varones graves, tener buenas costumbres y ser considerado prudente por todo el mundo.<\/span><\/p>\n<p style=\"text-align: justify;\"><span style=\"font-size: 14pt;\"><span lang=\"ES-TRAD\"><strong>Y<\/strong><\/span>\u00a0como no puede haber mejor indicio de la\u00a0naturaleza de un hombre que las compa\u00f1\u00edas que frecuenta, el que acostumbra a tener compa\u00f1\u00edas honestas conquista merecidamente su buen nombre, pues es imposible que no guarde alguna semejanza con ellas.<\/span><\/p>\n<p style=\"text-align: justify;\"><span style=\"font-size: 14pt;\"><span lang=\"ES-TRAD\"><strong>T<\/strong><\/span>ambi\u00e9n puede conquistarse la fama p\u00fablica por alguna acci\u00f3n excepcional y notable, aunque sea privada, en la que te hayas desenvuelto honorablemente. Y de estas tres cosas que otorgan reputaci\u00f3n a un hombre en sus principios, ninguna la otorga mayor que esta \u00faltima.<\/span><\/p>\n<\/blockquote>\n<p>&nbsp;<\/p>\n<p><a href=\"https:\/\/puntocritico.com\/ausajpuntocritico\/2022\/09\/12\/es-posible-establecer-un-estado-libre-en-un-pais-corrupto-por-nicolas-maquiavelo-2\/\"><img loading=\"lazy\" decoding=\"async\" class=\"aligncenter wp-image-2213729\" src=\"https:\/\/puntocritico.com\/ausajpuntocritico\/wp-content\/uploads\/2021\/06\/el-principe-de-nicolas-maquiavelo-300x158.jpg\" alt=\"\" width=\"480\" height=\"252\" srcset=\"https:\/\/puntocritico.com\/ausajpuntocritico\/wp-content\/uploads\/2021\/06\/el-principe-de-nicolas-maquiavelo-300x158.jpg 300w, https:\/\/puntocritico.com\/ausajpuntocritico\/wp-content\/uploads\/2021\/06\/el-principe-de-nicolas-maquiavelo-1024x538.jpg 1024w, https:\/\/puntocritico.com\/ausajpuntocritico\/wp-content\/uploads\/2021\/06\/el-principe-de-nicolas-maquiavelo-768x403.jpg 768w, https:\/\/puntocritico.com\/ausajpuntocritico\/wp-content\/uploads\/2021\/06\/el-principe-de-nicolas-maquiavelo-610x320.jpg 610w, https:\/\/puntocritico.com\/ausajpuntocritico\/wp-content\/uploads\/2021\/06\/el-principe-de-nicolas-maquiavelo.jpg 1200w\" sizes=\"auto, (max-width: 480px) 100vw, 480px\" \/><\/a><\/p>\n<p style=\"text-align: center;\"><strong><span style=\"color: #008000; font-size: 18pt;\">*******<\/span><\/strong><\/p>\n<blockquote>\n<h2 class=\"entry-title\" style=\"text-align: center;\"><span style=\"font-size: 24pt;\">La Cigarra y la Hormiga<\/span><\/h2>\n<p><img loading=\"lazy\" decoding=\"async\" class=\"aligncenter wp-image-2307452\" src=\"https:\/\/puntocritico.com\/ausajpuntocritico\/wp-content\/uploads\/2025\/03\/cigarras-gobernando-hormigas-300x170.jpg\" alt=\"\" width=\"440\" height=\"249\" srcset=\"https:\/\/puntocritico.com\/ausajpuntocritico\/wp-content\/uploads\/2025\/03\/cigarras-gobernando-hormigas-300x170.jpg 300w, https:\/\/puntocritico.com\/ausajpuntocritico\/wp-content\/uploads\/2025\/03\/cigarras-gobernando-hormigas-768x434.jpg 768w, https:\/\/puntocritico.com\/ausajpuntocritico\/wp-content\/uploads\/2025\/03\/cigarras-gobernando-hormigas.jpg 800w\" sizes=\"auto, (max-width: 440px) 100vw, 440px\" \/><\/p>\n<p>&nbsp;<\/p>\n<p style=\"text-align: center;\"><span style=\"font-size: 14pt;\">Hab\u00eda una vez, una alegre y despreocupada cigarra, a la que le encantaba pasar el verano cantando, sin pensar en nada m\u00e1s. En el lado contrario, se encontraba su vecina, una trabajadora hormiga, que tan solo viv\u00eda para trabajar y recolectar comida.<\/span><\/p>\n<p style=\"text-align: center;\"><span style=\"font-size: 14pt;\">Cansada de ver a la hormiga trabajar, la cigarra le dijo:<\/span><\/p>\n<p style=\"text-align: center;\"><span style=\"font-size: 14pt;\">-Querida hormiguita \u00bfPor qu\u00e9 trabajas sin descansar un momento? Si\u00e9ntate conmigo un rato y disfruta del verano.<\/span><\/p>\n<p style=\"text-align: center;\"><span style=\"font-size: 14pt;\">-Cigarra imprudente, m\u00e1s te valdr\u00eda dejar tu pereza a un lado y empezar a acumular comida para el largo invierno que se avecina.<\/span><\/p>\n<p style=\"text-align: center;\"><span style=\"font-size: 14pt;\">Una advertencia,\u00a0 que la cigarra se tom\u00f3 a broma y a la que no hizo el menor caso.<\/span><\/p>\n<p>&nbsp;<\/p>\n<p><img loading=\"lazy\" decoding=\"async\" class=\"aligncenter wp-image-2307451\" src=\"https:\/\/puntocritico.com\/ausajpuntocritico\/wp-content\/uploads\/2025\/03\/Hormigas-sirviendo-a-cigarras-cantoras-1-300x138.jpg\" alt=\"\" width=\"440\" height=\"203\" srcset=\"https:\/\/puntocritico.com\/ausajpuntocritico\/wp-content\/uploads\/2025\/03\/Hormigas-sirviendo-a-cigarras-cantoras-1-300x138.jpg 300w, https:\/\/puntocritico.com\/ausajpuntocritico\/wp-content\/uploads\/2025\/03\/Hormigas-sirviendo-a-cigarras-cantoras-1.jpg 650w\" sizes=\"auto, (max-width: 440px) 100vw, 440px\" \/><\/p>\n<p>&nbsp;<\/p>\n<p style=\"text-align: center;\"><span style=\"font-size: 14pt;\">Cuando el invierno, hizo acto de presencia, la cigarra se encontr\u00f3 con que nada hab\u00eda previsto para calentarse, ni alimentarse durante esta g\u00e9lida estaci\u00f3n. Muerta de hambre y de fr\u00edo, record\u00f3 a aquella peque\u00f1a hormiguita, que siempre pasaba por su casa, cargada de comida, a la que decidi\u00f3 pedir ayuda, para aliviar su penosa situaci\u00f3n.<\/span><\/p>\n<p style=\"text-align: center;\"><span style=\"font-size: 14pt;\">-Peque\u00f1a hormiguita, t\u00fa que tanta comida tienes guardada desde el verano \u00bfpodr\u00edas darme algo para que mi est\u00f3mago deje de rugir?<\/span><\/p>\n<p style=\"text-align: center;\"><span style=\"font-size: 14pt;\">-Me gustar\u00eda ayudarte cigarra, pero \u00bfno te re\u00edas de m\u00ed, mientras trabajaba en el verano? \u00bfQu\u00e9 te imped\u00eda imitarme?<\/span><\/p>\n<p style=\"text-align: center;\"><span style=\"font-size: 14pt;\">-Cantar y disfrutar del verano.<\/span><\/p>\n<p style=\"text-align: center;\"><span style=\"font-size: 14pt;\">-Pues en lugar de hacer tanto el vago, mejor te hubiera valido dedicar un poco de tu tiempo a guardar para el invierno.<\/span><\/p>\n<p>&nbsp;<\/p>\n<\/blockquote>\n<p><img loading=\"lazy\" decoding=\"async\" class=\"aligncenter wp-image-2261862\" src=\"https:\/\/puntocritico.com\/ausajpuntocritico\/wp-content\/uploads\/2022\/11\/hamelin-300x168.jpg\" alt=\"\" width=\"400\" height=\"224\" srcset=\"https:\/\/puntocritico.com\/ausajpuntocritico\/wp-content\/uploads\/2022\/11\/hamelin-300x168.jpg 300w, https:\/\/puntocritico.com\/ausajpuntocritico\/wp-content\/uploads\/2022\/11\/hamelin-1024x573.jpg 1024w, https:\/\/puntocritico.com\/ausajpuntocritico\/wp-content\/uploads\/2022\/11\/hamelin-768x430.jpg 768w, https:\/\/puntocritico.com\/ausajpuntocritico\/wp-content\/uploads\/2022\/11\/hamelin-610x341.jpg 610w, https:\/\/puntocritico.com\/ausajpuntocritico\/wp-content\/uploads\/2022\/11\/hamelin-678x381.jpg 678w, https:\/\/puntocritico.com\/ausajpuntocritico\/wp-content\/uploads\/2022\/11\/hamelin.jpg 1248w\" sizes=\"auto, (max-width: 400px) 100vw, 400px\" \/><\/p>\n<p style=\"text-align: center;\"><span style=\"font-size: 18pt;\"><strong><span style=\"color: #008000;\">*******<\/span><\/strong><\/span><\/p>\n<figure id=\"attachment_2307640\" aria-describedby=\"caption-attachment-2307640\" style=\"width: 360px\" class=\"wp-caption aligncenter\"><a href=\"https:\/\/elpais.com\/autor\/el-roto\/\" target=\"_blank\" rel=\"noopener\" data-schema-attribute=\"\"><img loading=\"lazy\" decoding=\"async\" class=\"wp-image-2307640\" src=\"https:\/\/puntocritico.com\/ausajpuntocritico\/wp-content\/uploads\/2025\/03\/El-Roto-Parasitos-265x300.jpg\" alt=\"\" width=\"360\" height=\"408\" srcset=\"https:\/\/puntocritico.com\/ausajpuntocritico\/wp-content\/uploads\/2025\/03\/El-Roto-Parasitos-265x300.jpg 265w, https:\/\/puntocritico.com\/ausajpuntocritico\/wp-content\/uploads\/2025\/03\/El-Roto-Parasitos.jpg 605w\" sizes=\"auto, (max-width: 360px) 100vw, 360px\" \/><\/a><figcaption id=\"caption-attachment-2307640\" class=\"wp-caption-text\"><span style=\"color: #008000;\">Por Andr\u00e9s R\u00e1bago, El Roto<\/span><\/figcaption><\/figure>\n<p>&nbsp;<\/p>\n<p style=\"text-align: right;\"><strong><span style=\"font-size: 14pt; color: #008000;\"><em>\u00a0\u00abLas mayor\u00edas espa\u00f1olas est\u00e1n de tal modo despolitizadas, que la ausencia de libertad pol\u00edtica les importa muy poco. <\/em><\/span><\/strong><\/p>\n<p style=\"text-align: right;\"><strong><span style=\"font-size: 14pt; color: #008000;\"><em>Lo mucho que no pueden hacer no les interesa, porque no querr\u00edan hacerlo, y se desentienden de ello. <\/em><\/span><\/strong><\/p>\n<p style=\"text-align: right;\"><strong><span style=\"font-size: 14pt; color: #008000;\"><em>Esto me parece inmoral y, adem\u00e1s peligroso, porque son extremadamente manipulables, y por tanto incapaces de defender esas otras libertades que les interesan\u00bb.<\/em><\/span><\/strong><\/p>\n<p style=\"text-align: right;\"><span style=\"font-size: 14pt;\"><strong><span style=\"color: #008000;\"><a href=\"https:\/\/www.amazon.es\/Espa%C3%B1a-real-ESPASA-FORUM\/dp\/8423997340\" target=\"_blank\" rel=\"noopener\" data-schema-attribute=\"\">Juli\u00e1n Mar\u00edas, \u00abLa Espa\u00f1a real\u00bb<\/a><\/span><\/strong><\/span><\/p>\n<p style=\"text-align: center;\"><strong><span style=\"color: #008000; font-size: 18pt;\">*******<\/span><\/strong><\/p>\n<h2 class=\"entry-title fn\" style=\"text-align: center;\"><span style=\"font-size: 24pt;\">NI LA \u00abO\u00bb CON UN CANUTO<\/span><\/h2>\n<p class=\"entry-title fn\" style=\"text-align: justify;\"><span style=\"font-size: 14pt;\">Por <a href=\"https:\/\/www.jotdown.es\/2013\/03\/felix-de-azua-ni-la-o-con-un-canuto\/\" target=\"_blank\" rel=\"noopener\">F\u00e9lix de Az\u00faa<\/a>, 2013<\/span><\/p>\n<p><img loading=\"lazy\" decoding=\"async\" class=\"aligncenter wp-image-2305459\" src=\"https:\/\/puntocritico.com\/ausajpuntocritico\/wp-content\/uploads\/2025\/01\/pizarra-300x185.jpg\" alt=\"\" width=\"480\" height=\"296\" srcset=\"https:\/\/puntocritico.com\/ausajpuntocritico\/wp-content\/uploads\/2025\/01\/pizarra-300x185.jpg 300w, https:\/\/puntocritico.com\/ausajpuntocritico\/wp-content\/uploads\/2025\/01\/pizarra-768x474.jpg 768w, https:\/\/puntocritico.com\/ausajpuntocritico\/wp-content\/uploads\/2025\/01\/pizarra.jpg 1021w\" sizes=\"auto, (max-width: 480px) 100vw, 480px\" \/><\/p>\n<p>&nbsp;<\/p>\n<p style=\"text-align: justify;\"><span style=\"font-size: 14pt;\">Todo el episodio es grotesco y nos arranca una de esas carcajadas seguidas de mucha tos que suenan a cascajo y desesperaci\u00f3n. El asunto comienza con <strong>unos aspirantes a maestros<\/strong> que a duras penas podr\u00edan llevar las cuentas de un fig\u00f3n con tiza sobre barra. Una vez constatan los examinadores (<em>a quienes ya me gustar\u00eda examinar<\/em>) que no pasa el examen ni el veinte por ciento, deciden publicar algunos de los disparates m\u00e1s atroces para que la poblaci\u00f3n en general se haga una idea del nivel educativo del pa\u00eds.<\/span><\/p>\n<p style=\"text-align: justify;\"><span style=\"font-size: 14pt;\">Bueno, no era necesario. Hace veinte a\u00f1os que los profesores, no de primar\u00eda sino de universidad, venimos diciendo que habr\u00eda que publicar los ex\u00e1menes de los actuales universitarios para que la poblaci\u00f3n se percatara del grado de analfabetismo que hemos alcanzado con tanto esfuerzo y solidaridad. Seguramente ser\u00eda in\u00fatil porque a la poblaci\u00f3n no solo no le parecer\u00eda una monstruosidad sino que incluso se maravillaba de lo mucho que saben los universitarios. El caso es que las propias autoridades administrativas, rectores y dem\u00e1s personal imprescindible, siempre han prohibido la divulgaci\u00f3n del genocidio educativo que ha tenido lugar en Espa\u00f1a en los \u00faltimos veinte a\u00f1os, por lo menos.<\/span><\/p>\n<p style=\"text-align: justify;\"><span style=\"font-size: 14pt;\">Ea, pues ten\u00edan toda la raz\u00f3n los bur\u00f3cratas: una vez publicados los resultados, de inmediato los sindicatos de la educaci\u00f3n, principales causantes del subdesarrollo pedag\u00f3gico hispano, han saltado como un resorte, se han indignado, amostazado, enrabiado y amenazan y denuncian. Dicen que publicar esos horrores significa humillar a los profesores y maestros. En realidad, como es l\u00f3gico, los que humillan a profesores y maestros son esos aspirantes beocios convencidos de que su ignorancia es un m\u00e9rito para llegar a profesor en Espa\u00f1a, pero los sindicatos es que son muy sensibles.<\/span><\/p>\n<p>&nbsp;<\/p>\n<p><a href=\"https:\/\/puntocritico.com\/ausajpuntocritico\/2024\/07\/29\/lobotomia\/\"><img loading=\"lazy\" decoding=\"async\" class=\"aligncenter wp-image-2300041\" src=\"https:\/\/puntocritico.com\/ausajpuntocritico\/wp-content\/uploads\/2024\/07\/lobotomia-cerebro-wide-PPAL-300x169.jpg\" alt=\"\" width=\"480\" height=\"270\" srcset=\"https:\/\/puntocritico.com\/ausajpuntocritico\/wp-content\/uploads\/2024\/07\/lobotomia-cerebro-wide-PPAL-300x169.jpg 300w, https:\/\/puntocritico.com\/ausajpuntocritico\/wp-content\/uploads\/2024\/07\/lobotomia-cerebro-wide-PPAL.jpg 678w\" sizes=\"auto, (max-width: 480px) 100vw, 480px\" \/><\/a><\/p>\n<p>&nbsp;<\/p>\n<p style=\"text-align: justify;\"><span style=\"font-size: 14pt;\">A los sindicatos parece como si les gustara, como si prefirieran ese tipo de maestro totalmente en blanco, sin el menor conocimiento, con el cerebro <a href=\"https:\/\/puntocritico.com\/ausajpuntocritico\/2024\/07\/29\/lobotomia\/\">lobotomizado<\/a>. Es posible que as\u00ed se lo parezca porque ellos, los que amenazan y denuncian, se sienten hermanados con los analfabetos euf\u00f3ricos. Porque si no, no se comprende que los sindicatos de la educaci\u00f3n (<em>insisto, de la educaci\u00f3n<\/em>) quieran humillar a profesores y maestros exigiendo la ocultaci\u00f3n de los in\u00fatiles, de los p\u00edcaros, los majaderos, los enchufados, los atontados, las nulidades a quienes se precipitan a proteger.<\/span><\/p>\n<p style=\"text-align: justify;\"><span style=\"font-size: 14pt;\">\u00bfPero qu\u00e9 idea de la educaci\u00f3n ha acabado por imponer esta falsa izquierda obsesionada por defender sus intereses burocr\u00e1ticos, sus chanchullos, sus subvenciones, sus privilegios, y a la que estar en el \u00faltimo lugar de la comunidad europea en educaci\u00f3n les parece haber alcanzado el mayor premio de su carrera?<\/span><\/p>\n<p style=\"text-align: justify;\"><span style=\"font-size: 14pt;\">Seguramente mantienen la misma opini\u00f3n, en verdad surrealista, que una tal\u00a0<strong>Mar\u00eda Antonia<\/strong>, la cual, en sus mensajes electr\u00f3nicos,\u00a0<a href=\"https:\/\/twitter.com\/matrujil\/status\/312331931285069824\" target=\"_blank\" rel=\"noopener\" data-schema-attribute=\"\">escribi\u00f3<\/a>\u00a0que ense\u00f1ar los r\u00edos espa\u00f1oles a los estudiantes es puro franquismo. Y que lo que habr\u00eda que ense\u00f1arles es lo de \u201c<em>las fosas<\/em>\u201d. Textual. Posiblemente alguien debi\u00f3 decirle a esta buena mujer que lo de las fosas era hablar con excesiva claridad sobre el nivel intelectual del partido y entonces borr\u00f3 esa parte. Pues bien, la tal <strong>Mar\u00eda<\/strong> <strong>Antonia<\/strong> ha sido ministra de vivienda de\u00a0<strong>Zapatero<\/strong>. Voy a repetirlo: ministra de <strong>Zapatero<\/strong>. Que <strong>Zapatero<\/strong> nombrara ministros (<em>y ministras, claro, como dice <strong>Santiago<\/strong><\/em>) con semejante dotaci\u00f3n intelectual lo dice todo sobre este esperpento de pa\u00eds.<\/span><\/p>\n<p style=\"text-align: justify;\"><span style=\"font-size: 14pt;\">Porque estamos hablando de lo que se supone que es la izquierda, aquella ideolog\u00eda que impulsaba el estudio, la cultura y la ense\u00f1anza de calidad a quienes m\u00e1s lo necesitan, que proteg\u00eda al trabajador y ayudaba al talentoso persiguiendo al mentecato. Que ve\u00eda en la ense\u00f1anza el instrumento de superaci\u00f3n esencial de los explotados, sin el cual no hay izquierda que valga.<\/span><\/p>\n<p style=\"text-align: justify;\"><span style=\"font-size: 14pt;\">En consecuencia, una de dos, o sindicatos y exministros (<em>o exministras<\/em>) se han pasado a la derecha extrema, o est\u00e1n dispuestos a hundir este pa\u00eds con tal de mantenerse con los sueldos que tan generosamente les pagamos.<\/span><\/p>\n<p style=\"text-align: justify;\">\u00a0<\/p>\n<figure id=\"attachment_2287954\" aria-describedby=\"caption-attachment-2287954\" style=\"width: 480px\" class=\"wp-caption aligncenter\"><a href=\"https:\/\/puntocritico.com\/ausajpuntocritico\/2023\/10\/09\/la-fisica-de-las-multitudes\/\"><img loading=\"lazy\" decoding=\"async\" class=\"wp-image-2287954\" src=\"https:\/\/puntocritico.com\/ausajpuntocritico\/wp-content\/uploads\/2023\/09\/Fisica-multitudes-3-300x123.jpg\" alt=\"\" width=\"480\" height=\"197\" srcset=\"https:\/\/puntocritico.com\/ausajpuntocritico\/wp-content\/uploads\/2023\/09\/Fisica-multitudes-3-300x123.jpg 300w, https:\/\/puntocritico.com\/ausajpuntocritico\/wp-content\/uploads\/2023\/09\/Fisica-multitudes-3-768x315.jpg 768w, https:\/\/puntocritico.com\/ausajpuntocritico\/wp-content\/uploads\/2023\/09\/Fisica-multitudes-3.jpg 817w\" sizes=\"auto, (max-width: 480px) 100vw, 480px\" \/><\/a><figcaption id=\"caption-attachment-2287954\" class=\"wp-caption-text\"><span style=\"color: #008000;\"><a href=\"https:\/\/puntocritico.com\/ausajpuntocritico\/2023\/03\/03\/multitud-y-poder-en-spinoza\/\">EXTREMISTAS DESCONOCIDOS<\/a>: Los cient\u00edficos han descubierto que, al igual que las ondas de choque que viajan a trav\u00e9s de un medio f\u00edsico, las opiniones extremas pueden propagarse r\u00e1pidamente entre las multitudes en l\u00ednea, haciendo que la mayor\u00eda adopte una nueva perspectiva peligrosa. Imagen de GoodStudio \/ Shutterstock.<\/span><\/figcaption><\/figure>\n<p style=\"text-align: center;\"><span style=\"font-size: 18pt;\"><strong><span style=\"color: #008000;\">*******<\/span><\/strong><\/span><\/p>\n<h2 style=\"text-align: center;\"><span style=\"font-size: 24pt;\">LA PI\u00d1ATA<\/span><\/h2>\n<p class=\"art-entradilla\" style=\"text-align: center;\"><em><strong><span style=\"font-size: 14pt;\">Cuando un grupo de personas se dispone a golpear la pi\u00f1ata es condici\u00f3n que se olvide de todo salvo de los regalos que le pueden caer encima<\/span><\/strong><\/em><\/p>\n<p style=\"text-align: justify;\"><span style=\"font-size: 14pt;\">Por <a href=\"https:\/\/www.vozpopuli.com\/opinion\/la-pinata.html\" target=\"_blank\" rel=\"noopener\">Gregorio Mor\u00e1n<\/a>, 26 OCT 2024<\/span><\/p>\n<p><img loading=\"lazy\" decoding=\"async\" class=\"aligncenter wp-image-2302749\" src=\"https:\/\/puntocritico.com\/ausajpuntocritico\/wp-content\/uploads\/2024\/10\/ZP-PIG-300x156.jpg\" alt=\"\" width=\"480\" height=\"249\" srcset=\"https:\/\/puntocritico.com\/ausajpuntocritico\/wp-content\/uploads\/2024\/10\/ZP-PIG-300x156.jpg 300w, https:\/\/puntocritico.com\/ausajpuntocritico\/wp-content\/uploads\/2024\/10\/ZP-PIG-768x399.jpg 768w, https:\/\/puntocritico.com\/ausajpuntocritico\/wp-content\/uploads\/2024\/10\/ZP-PIG.jpg 947w\" sizes=\"auto, (max-width: 480px) 100vw, 480px\" \/><\/p>\n<p style=\"text-align: justify;\">\u00a0<\/p>\n<p style=\"text-align: justify;\"><span style=\"font-size: 14pt;\">Entender el Estado como una\u00a0<strong>pi\u00f1ata<\/strong>\u00a0no es nueva, se viene practicando desde siglos, a\u00fan antes de que se popularizara entre nosotros para fiestas y aniversarios de ni\u00f1os. Lo nuestro es tarea de adultos y suele enmascararse bajo diferentes formas pero en el fondo siempre consiste en lo mismo: darle\u00a0<strong>garrotazos a un gran globo<\/strong>\u00a0y aprovecharse de lo que lleva dentro. La novedad se reduce a cambiar los nombres de las cosas y conseguir que el personal se convenza de que no se trata de una pi\u00f1ata si no de una forma de gobernar abierta, plural y transparente.<\/span><\/p>\n<p style=\"text-align: justify;\"><span style=\"font-size: 14pt;\">Cuando un grupo de personas se dispone a golpear la pi\u00f1ata es condici\u00f3n que se olvide de todo salvo de los regalos que le pueden caer encima, porque la presencia de la pi\u00f1ata\u00a0<strong>crea ansiedad<\/strong>. En Nicaragua el d\u00eda que perdieron las elecciones, los dirigentes sandinistas se esforzaron en poner a su nombre las propiedades del Estado. La rapi\u00f1a les ocup\u00f3 dos meses, ocurri\u00f3 en 1990 y se conoce hist\u00f3ricamente como\u00a0<strong>\u201cla pi\u00f1ata de Nicaragua\u201d<\/strong>. Las singularidades de aquel proceso de corrupci\u00f3n econ\u00f3mica y pol\u00edtica nos acercan a hoy, cuando ese pa\u00eds vive bajo una dictadura implacable capitaneada por el matrimonio Daniel Ortega-Rosario Murillo, veteranos sandinistas y expoliadores de la revoluci\u00f3n.<\/span><\/p>\n<p style=\"text-align: justify;\"><span style=\"font-size: 14pt;\">El aspecto m\u00e1s llamativo del t\u00e1ndem\u00a0<strong>Ortega-Murillo<\/strong>\u00a0no es la dictadura en s\u00ed, que es tan parecida a tantas otras, sino en que ha sido capaz de aunar en su siniestra trayectoria dos conceptos en apariencia antit\u00e9ticos: corrupci\u00f3n y antifascismo. Dicho en claro: la corrupci\u00f3n est\u00e1 amparada bajo el discurso anti fascista, y eso complica para muchas mentes primitivas la denuncia de esa estafa conceptual. Usado por los manufactureros de la ideolog\u00eda vendr\u00eda a ser un producto instalado en el mercado de la teor\u00eda: ante el peligro de la extrema derecha hay que ser comprensivos y permitir que los l\u00edderes ejerzan de\u00a0<strong>jefes de la mafia<\/strong>; una organizaci\u00f3n criminal.<\/span><\/p>\n<p style=\"text-align: justify;\"><span style=\"font-size: 14pt;\">Rondar\u00eda la estupidez, en esta ocasi\u00f3n con ribetes reaccionarios, considerar que en Espa\u00f1a nos enfrentamos ante el peligro de un modelo nicarag\u00fcense en las figuras de Pedro S\u00e1nchez-Bego\u00f1a G\u00f3mez haciendo de Ortega-Murillo; por m\u00e1s que puedan tener sue\u00f1os h\u00famedos, que de momento pertenecen a su intimidad. Lo nuestro, fuera de intenciones, apenas tiene que ver, pero el discurso deja un poso de inquietud, incluso de indignaci\u00f3n, por lo que oculta. Los sustentadores de Pedro S\u00e1nchez est\u00e1n dispuestos a ser\u00a0<strong>benevolentes ante la corrupci\u00f3n<\/strong>\u00a0bajo el se\u00f1uelo del temor a la ultraderecha.<\/span><\/p>\n<p style=\"text-align: justify;\"><span style=\"font-size: 14pt;\">Una falacia de argumento que esconde dos evidencias. La primera es que la corrupci\u00f3n del partido que gobierna facilita el\u00a0<strong>fortalecimiento de la ultraderecha<\/strong>. La segunda, que eso les importa un carajo mientras puedan acceder a golpear la pi\u00f1ata. Y sobrevol\u00e1ndolo todo, la sensaci\u00f3n de que estamos ante un fen\u00f3meno de familias constituidas en partidos que se alimentan y se fagotizan, hasta el punto que el ciudadano normal y no abducido no sabe qui\u00e9n es m\u00e1s golfo, si el que acusa o el acusado.\u00a0<\/span><\/p>\n<p>&nbsp;<\/p>\n<p><a href=\"https:\/\/puntocritico.com\/ausajpuntocritico\/2021\/07\/02\/la-autoridad-del-poder-en-el-tratado-politico-de-spinoza-parte-i-por-josep-monserrat-molas\/\"><img loading=\"lazy\" decoding=\"async\" class=\"aligncenter wp-image-12027\" src=\"https:\/\/puntocritico.com\/ausajpuntocritico\/wp-content\/uploads\/2018\/05\/poder-spinoza-ip-300x169.jpg\" alt=\"\" width=\"480\" height=\"270\" srcset=\"https:\/\/puntocritico.com\/ausajpuntocritico\/wp-content\/uploads\/2018\/05\/poder-spinoza-ip-300x169.jpg 300w, https:\/\/puntocritico.com\/ausajpuntocritico\/wp-content\/uploads\/2018\/05\/poder-spinoza-ip.jpg 678w\" sizes=\"auto, (max-width: 480px) 100vw, 480px\" \/><\/a><\/p>\n<p>&nbsp;<\/p>\n<p style=\"text-align: justify;\"><span style=\"font-size: 14pt;\">Se acabaron las apelaciones a futuros felices. Ahora lo que toca es prometer que no te vamos a hacer m\u00e1s da\u00f1o que el que te har\u00edan si el enemigo ultraderechista les sustituye. Nada m\u00e1s conservador que este juego servil de\u00a0<strong>aprobar o rechazar medidas<\/strong>\u00a0que saben no van a ponerse en pr\u00e1ctica, pero que sustentan el imaginario de la vida pol\u00edtica para hacerlo lo m\u00e1s parecido a algo real, efectivo, como si estuvi\u00e9ramos en una versi\u00f3n posmoderna de la Restauraci\u00f3n canovista.<\/span><\/p>\n<p style=\"text-align: justify;\"><span style=\"font-size: 14pt;\">La\u00a0<strong>instrumentalizaci\u00f3n institucional<\/strong>\u00a0que consiente en llenar de adictos a \u201csu causa\u201d todos los estamentos que mal que bien han de servir para equilibrar a un Estado que ya no es protector sino subsidiario e instrumental. Desde el Fiscal General militante al golpe de tim\u00f3n en RTVE que preludia d\u00edas muy duros para los dem\u00e1s medios de comunicaci\u00f3n. Un castizo dir\u00eda que donde el Amo pone la mano, lo jode, pero a qui\u00e9n le cabe duda de que disfruta. El inventor de los efectos pol\u00edticos salut\u00edferos que ten\u00eda la llamada \u201cpolarizaci\u00f3n\u201d fue Zapatero; le falt\u00f3 tiempo y fortuna para convertirla en estrategia eficaz; carec\u00eda de una cara adecuada para la funci\u00f3n; bobo sonriente para muchos, demasiado cercano a la mediocridad para otros. Sali\u00f3 colocado en un trabajo de viajante sin especificar e instal\u00f3 a sus hijas, aquellas sombr\u00edas punkis ante Obama, de empleadas en las Naciones Unidas.<\/span><\/p>\n<div id=\"roba_movil_6\">\u00a0<\/div>\n<blockquote>\n<p style=\"text-align: center;\"><span style=\"font-size: 14pt;\"><strong><span style=\"color: #008000;\">La instrumentalizaci\u00f3n institucional que consiente en llenar de adictos a \u201csu causa\u201d todos los estamentos que mal que bien han de servir para equilibrar a un Estado que ya no es protector sino subsidiario e instrumental<\/span><\/strong><\/span><\/p>\n<div id=\"roba_movil_7\">\u00a0<\/div>\n<\/blockquote>\n<p style=\"text-align: justify;\"><span style=\"font-size: 14pt;\"><strong>Zapatero no hizo historia<\/strong>\u00a0aunque lo intentara. Pedro S\u00e1nchez es otro tipo de hombre. Mientras uno se escond\u00eda de sus camaradas de Le\u00f3n hasta que le salv\u00f3 Cipri\u00e1 C\u00edscar, entonces secretario de organizaci\u00f3n del PSOE, el otro aprendi\u00f3 a amasar las urnas desde su adolescencia pol\u00edtica. Siempre subir. Antes que bajar un escal\u00f3n, hacerse con la escalera. La imposibilidad biol\u00f3gica de entender que en pol\u00edtica, unas pocas veces se gana y otras muchas se pierde. El poder o la paranoia, o ambas juntas. Hay que estar muy pagado de s\u00ed mismo para afirmar, feliz y contento, que de la necesidad hac\u00eda virtud. Un lema desalmado, propio de un individuo pol\u00edticamente peligroso. S\u00f3lo Franco dijo aquello de que no hay mal que por bien no venga.<\/span><\/p>\n<p>&nbsp;<\/p>\n<p><img loading=\"lazy\" decoding=\"async\" class=\"aligncenter wp-image-2305009\" src=\"https:\/\/puntocritico.com\/ausajpuntocritico\/wp-content\/uploads\/2024\/12\/Humor-2024-54-300x132.jpg\" alt=\"\" width=\"555\" height=\"244\" srcset=\"https:\/\/puntocritico.com\/ausajpuntocritico\/wp-content\/uploads\/2024\/12\/Humor-2024-54-300x132.jpg 300w, https:\/\/puntocritico.com\/ausajpuntocritico\/wp-content\/uploads\/2024\/12\/Humor-2024-54-1024x451.jpg 1024w, https:\/\/puntocritico.com\/ausajpuntocritico\/wp-content\/uploads\/2024\/12\/Humor-2024-54-768x338.jpg 768w, https:\/\/puntocritico.com\/ausajpuntocritico\/wp-content\/uploads\/2024\/12\/Humor-2024-54.jpg 1200w\" sizes=\"auto, (max-width: 555px) 100vw, 555px\" \/><\/p>\n<p>&nbsp;<\/p>\n<p style=\"text-align: justify;\"><span style=\"font-size: 14pt;\">Por eso la amnist\u00eda\u00a0<strong>redactada por los delincuentes<\/strong>\u00a0es virtuosa, porque es necesaria para \u00e9l. O la financiaci\u00f3n singular para Junts, por lo mismo; aunque la necesidad provoque una conmoci\u00f3n nada virtuosa en toda Espa\u00f1a. Lo mismo que llamar \u201cplural\u201d al nuevo modelo de RTVE y de control de los medios de comunicaci\u00f3n, porque necesita hacerse con el mando absoluto ante la vor\u00e1gine insalvable. \u00c1balos fue necesario cuando sirvi\u00f3 para el trabajo sucio de la Familia, del Partido y del Gobierno, pero virtualmente se convirti\u00f3 en un peligro. Durante tres a\u00f1os (lo cancel\u00f3 con salario garantizado en 2021) se prepar\u00f3 para lo que le pod\u00eda venir encima. Desde\u00f1\u00f3 a la UCO, que fue demasiado lejos; no previ\u00f3 el exceso de celo.\u00a0\u00a0<\/span><\/p>\n<p style=\"text-align: justify;\"><span style=\"font-size: 14pt;\">El que no est\u00e9 por la pi\u00f1ata que se atenga a las palabras de la ministra de Hacienda. \u201cTengo informaci\u00f3n de sobra, que por supuesto\u00a0<strong>no voy a usar jam\u00e1s<\/strong>\u201d. Es decir, que s\u00ed; basta anunciar que la tiene. La aplicaci\u00f3n de la necesidad convertida en virtud significa que estamos amenazados. La extrema derecha no es un bulo, sino realidad. La corrupci\u00f3n y la guerra al oponente, tampoco. Felices y virtuosos aquellos que se sienten satisfechos jaleando a los mafiosos porque de ellos depende participar en la pi\u00f1ata. El neofascismo acecha mientras nos roban y manipulan con la impunidad que otorga la buena conciencia. \u201cOiga, disculpe, yo s\u00f3lo quiero volver a las urnas porque esto no da m\u00e1s de s\u00ed, y adem\u00e1s huele\u201d. \u00a0<\/span><\/p>\n<p style=\"text-align: justify;\">\u00a0<\/p>\n<p><a href=\"https:\/\/puntocritico.com\/ausajpuntocritico\/2023\/05\/25\/censura-y-cancelacion\/\"><img loading=\"lazy\" decoding=\"async\" class=\"aligncenter wp-image-2267188\" src=\"https:\/\/puntocritico.com\/ausajpuntocritico\/wp-content\/uploads\/2023\/02\/totalitarismos-IP-300x199.jpg\" alt=\"\" width=\"400\" height=\"266\" srcset=\"https:\/\/puntocritico.com\/ausajpuntocritico\/wp-content\/uploads\/2023\/02\/totalitarismos-IP-300x199.jpg 300w, https:\/\/puntocritico.com\/ausajpuntocritico\/wp-content\/uploads\/2023\/02\/totalitarismos-IP-610x405.jpg 610w, https:\/\/puntocritico.com\/ausajpuntocritico\/wp-content\/uploads\/2023\/02\/totalitarismos-IP-678x452.jpg 678w, https:\/\/puntocritico.com\/ausajpuntocritico\/wp-content\/uploads\/2023\/02\/totalitarismos-IP.jpg 680w\" sizes=\"auto, (max-width: 400px) 100vw, 400px\" \/><\/a><\/p>\n<p style=\"text-align: center;\"><span style=\"font-size: 18pt;\"><strong><span style=\"color: #008000;\">*******<\/span><\/strong><\/span><\/p>\n<h2 class=\"tno-subjetivo-single__article__header__title\" style=\"text-align: center;\"><span style=\"font-size: 24pt;\">Un destino<\/span><\/h2>\n<p class=\"tno-subjetivo-single__article__header__excerpt\" style=\"text-align: center;\"><span style=\"font-size: 14pt;\"><strong><em>\u00abLos tiranos americanos, rusos y asi\u00e1ticos reunidos en Riad quieren vengarse de la humillaci\u00f3n secular que han sufrido por parte de los engre\u00eddos europeos\u00bb<\/em><\/strong><\/span><\/p>\n<p style=\"text-align: justify;\"><span style=\"font-size: 14pt;\">Por <a href=\"https:\/\/theobjective.com\/elsubjetivo\/opinion\/2025-02-22\/un-destino-articulo-felix-azua\/\" target=\"_blank\" rel=\"noopener\">F\u00e9lix de Az\u00faa<\/a>, 22 FEBRERO 2025<\/span><\/p>\n<figure id=\"attachment_2307411\" aria-describedby=\"caption-attachment-2307411\" style=\"width: 480px\" class=\"wp-caption aligncenter\"><img loading=\"lazy\" decoding=\"async\" class=\"wp-image-2307411\" src=\"https:\/\/puntocritico.com\/ausajpuntocritico\/wp-content\/uploads\/2025\/02\/TRUM_1702-300x169.webp\" alt=\"\" width=\"480\" height=\"270\" srcset=\"https:\/\/puntocritico.com\/ausajpuntocritico\/wp-content\/uploads\/2025\/02\/TRUM_1702-300x169.webp 300w, https:\/\/puntocritico.com\/ausajpuntocritico\/wp-content\/uploads\/2025\/02\/TRUM_1702-1024x576.webp 1024w, https:\/\/puntocritico.com\/ausajpuntocritico\/wp-content\/uploads\/2025\/02\/TRUM_1702-768x432.webp 768w, https:\/\/puntocritico.com\/ausajpuntocritico\/wp-content\/uploads\/2025\/02\/TRUM_1702-678x381.webp 678w, https:\/\/puntocritico.com\/ausajpuntocritico\/wp-content\/uploads\/2025\/02\/TRUM_1702.webp 1200w\" sizes=\"auto, (max-width: 480px) 100vw, 480px\" \/><figcaption id=\"caption-attachment-2307411\" class=\"wp-caption-text\"><span style=\"color: #008000;\">Ilustraci\u00f3n de Alejandra Svriz.<\/span><\/figcaption><\/figure>\n<p>&nbsp;<\/p>\n<p style=\"text-align: justify;\"><span style=\"font-size: 14pt;\">No hay que olvidar que cuando Zeus rapt\u00f3 a Europa lo hizo oculto bajo la forma de un toro blanco. En nuestros d\u00edas es raro ver un toro blanco. Haberlos haylos, pero quedan muy pocos. Da lo mismo: en este momento a\u00a0<em>Europa\u00a0<\/em>podr\u00eda raptarla perfectamente una vaca. O una cabra.\u00a0<strong>Es triste el estado en que se encuentra el continente, gordo, viejo, calvo, gag\u00e1, medio ido de la cabeza, incapaz de tener una idea o defender una justicia<\/strong>. Y pensar que en este lugar se invent\u00f3 el mundo civilizado\u2026<\/span><\/p>\n<p style=\"text-align: justify;\"><span style=\"font-size: 14pt;\"><strong>Hay otros lugares con inter\u00e9s indudable<\/strong>. Zonas asi\u00e1ticas con colosales monumentos de aspecto enigm\u00e1tico, archipi\u00e9lagos como el de\u00a0<em>Jap\u00f3n\u00a0<\/em>cuyos habitantes a\u00fan no se sabe qu\u00e9 tipo de humanos son, miles de tribus del Pac\u00edfico con la piel tatuada, esquimales que viven en el hielo, en fin, una enormidad de lugares todos ellos interesantes o por lo menos curiosos.\u00a0<strong>Pero ninguno de ellos ha creado un pensamiento, una conciencia, un esp\u00edritu universal<\/strong>.<\/span><\/p>\n<p style=\"text-align: justify;\"><span style=\"font-size: 14pt;\"><strong>La nuestra es una tierra empapada en sangre, de cuya energ\u00eda brotaron cientos de catedrales, m\u00e1s h\u00e9roes que \u00e1rboles y m\u00e1s santos que r\u00edos<\/strong>. Es la casa de disparatados como\u00a0<em>don Quijote<\/em>, melanc\u00f3licos como <em>Hamlet<\/em>, ciudadanos libres como <em>Oliver Twist<\/em>, vengadores como <em>Montecristo<\/em>. Aqu\u00ed se invent\u00f3 la tragedia, la misa cantada, los murales pintados al fresco, el cuarteto de cuerda, la metaf\u00edsica y el derecho civil.<\/span><\/p>\n<p style=\"text-align: justify;\"><span style=\"font-size: 14pt;\">De aqu\u00ed salieron cientos de guerreros para conquistar (sin \u00e9xito) las tierras b\u00edblicas y dejaron sus reinos en manos de admirables mujeres, miles de navegantes zarparon para descubrir continentes desconocidos y civilizaciones sepultadas en selvas espesas. Aqu\u00ed derrotamos a los mongoles, a los sarracenos, a los turcos, a toda suerte de invasores hasta cerrar unas fronteras inexpugnables.\u00a0<strong>Aqu\u00ed, por desdicha, tambi\u00e9n inventamos el asesinato industrial para acabar con la raza elegida o las hogueras de la Inquisici\u00f3n<\/strong>.<\/span><\/p>\n<p style=\"text-align: justify;\"><span style=\"font-size: 14pt;\">En estas tierras apareci\u00f3 el c\u00e1lculo infinitesimal, la penicilina, la perspectiva geom\u00e9trica, la locomotora, la enciclopedia, el telescopio y el microscopio, la radio, la bicicleta, el submarino y el cine. En las m\u00e1s antiguas cuevas pintamos animales nobles. Ha sido una tierra f\u00e9rtil en ingenios, sabios, adivinos y titanes del esp\u00edritu.\u00a0<strong>Y no s\u00f3lo encontraron grandezas, tambi\u00e9n las peque\u00f1eces se hicieron universales como el bol\u00edgrafo, el bidet o la minifalda<\/strong>.<\/span><\/p>\n<p>&nbsp;<\/p>\n<blockquote>\n<p style=\"text-align: center;\"><span style=\"font-size: 14pt; color: #008000;\"><strong>\u00abAhora el continente es un viejo est\u00e9ril que se desmenuza en decenas de peque\u00f1os reinos dirigidos por enanos\u00bb<\/strong><\/span><\/p>\n<\/blockquote>\n<p>&nbsp;<\/p>\n<p style=\"text-align: justify;\"><span style=\"font-size: 14pt;\">Pero ahora el continente es un viejo est\u00e9ril que se desmenuza en decenas de peque\u00f1os reinos dirigidos por enanos,\u00a0<strong>en cuyas tierras empobrecidas dominan los escribas de culo pelado y los cortesanos comidos por la codicia y la lepra de la estupidez<\/strong>. Una poblaci\u00f3n sin principios mira al cielo con la boca abierta o baila en antros hasta la extenuaci\u00f3n.<\/span><\/p>\n<p style=\"text-align: justify;\"><span style=\"font-size: 14pt;\">La insoportable prepotencia de los tiranos americanos, rusos y asi\u00e1ticos reunidos en una ciudad \u00e1rabe sin historia, han comprendido que al perro enfermo todo son pulgas y quieren vengarse de la humillaci\u00f3n secular que han sufrido por parte de los engre\u00eddos europeos.\u00a0<strong>Ahora van a hacerles pagar la humillaci\u00f3n, les van a obligar a tragarse su superioridad moral<\/strong>.<\/span><\/p>\n<p>&nbsp;<\/p>\n<blockquote>\n<p style=\"text-align: center;\"><strong><span style=\"font-size: 14pt; color: #008000;\">Una poblaci\u00f3n sin principios mira al cielo con la boca abierta o baila en antros hasta la extenuaci\u00f3n<\/span><\/strong><\/p>\n<\/blockquote>\n<p>&nbsp;<\/p>\n<p style=\"text-align: justify;\"><span style=\"font-size: 14pt;\">El desprecio mostrado en\u00a0<strong>la reuni\u00f3n de Riad va m\u00e1s all\u00e1 de la justicia o injusticia de una negociaci\u00f3n internacional<\/strong>. Va m\u00e1s all\u00e1 de comerse de un solo mordisco una porci\u00f3n enorme de tierra de cereal y patria de m\u00fasicos, como si fueran unos Hitler y Stalin de comedia.\u00a0<strong>Se trataba de poner en su sitio a los europeos, esos presumidos que se creen por encima del resto de los mortales<\/strong>. Al condenarlos a la ausencia los arrojan al tercer mundo, junto a los pobres harapientos que se api\u00f1an a la puerta de las iglesias mendigando una limosna.<\/span><\/p>\n<p style=\"text-align: justify;\"><span style=\"font-size: 14pt;\">Y es realmente rid\u00edculo ver a los representantes de la Uni\u00f3n Europea reuni\u00e9ndose y palabreando como si a alguien le importara una higa lo que opinan.\u00a0<strong>Cien mil bur\u00f3cratas descerebrados, corriendo por los pasillos, sin coraje, ni inteligencia, ni dignidad, pero planeando sus vacaciones<\/strong>.<\/span><\/p>\n<p>&nbsp;<\/p>\n<blockquote>\n<p style=\"text-align: center;\"><span style=\"font-size: 14pt; color: #008000;\"><strong>Cien mil bur\u00f3cratas descerebrados, corriendo por los pasillos, sin coraje, ni inteligencia, ni dignidad, pero planeando sus vacaciones<\/strong><\/span><\/p>\n<\/blockquote>\n<p>&nbsp;<\/p>\n<p style=\"text-align: justify;\"><span style=\"font-size: 14pt;\"><strong>\u00a1Qu\u00e9 miseria tener que contemplar el fin de una era<\/strong>, en repetici\u00f3n de los expulsados de Granada, cuyo rey, Boabdil, lloraba famosamente como una mujer, por no haber podido defender a su gente como un hombre!<\/span><\/p>\n<p>&nbsp;<\/p>\n<p><img loading=\"lazy\" decoding=\"async\" class=\"aligncenter wp-image-2206717\" src=\"https:\/\/puntocritico.com\/ausajpuntocritico\/wp-content\/uploads\/2021\/04\/mama-te-odio-1200x693-1-300x173.jpg\" alt=\"\" width=\"480\" height=\"277\" srcset=\"https:\/\/puntocritico.com\/ausajpuntocritico\/wp-content\/uploads\/2021\/04\/mama-te-odio-1200x693-1-300x173.jpg 300w, https:\/\/puntocritico.com\/ausajpuntocritico\/wp-content\/uploads\/2021\/04\/mama-te-odio-1200x693-1-1024x591.jpg 1024w, https:\/\/puntocritico.com\/ausajpuntocritico\/wp-content\/uploads\/2021\/04\/mama-te-odio-1200x693-1-768x444.jpg 768w, https:\/\/puntocritico.com\/ausajpuntocritico\/wp-content\/uploads\/2021\/04\/mama-te-odio-1200x693-1-610x352.jpg 610w, https:\/\/puntocritico.com\/ausajpuntocritico\/wp-content\/uploads\/2021\/04\/mama-te-odio-1200x693-1.jpg 1200w\" sizes=\"auto, (max-width: 480px) 100vw, 480px\" \/><\/p>\n<p style=\"text-align: center;\"><span style=\"font-size: 18pt;\"><strong><span style=\"color: #008000;\">*******<\/span><\/strong><\/span><\/p>\n<h2 style=\"text-align: center;\"><span style=\"font-size: 24pt;\">El fest\u00edn de los arrogantes<\/span><\/h2>\n<p class=\"art-entradilla\" style=\"text-align: center;\"><em><span style=\"font-size: 14pt;\"><strong>La reuni\u00f3n en Arabia Saud\u00ed de los apa\u00f1adores de la guerra de Ucrania no merecer\u00eda un Shakespeare<\/strong><\/span><\/em><\/p>\n<p style=\"text-align: justify;\"><span style=\"font-size: 14pt;\">Por <a href=\"https:\/\/www.vozpopuli.com\/opinion\/el-festin-de-los-arrogantes.html\" target=\"_blank\" rel=\"noopener\">Gregorio Mor\u00e1n,<\/a> 22 FEBRERO 2025<\/span><\/p>\n<figure id=\"attachment_2307437\" aria-describedby=\"caption-attachment-2307437\" style=\"width: 480px\" class=\"wp-caption aligncenter\"><img loading=\"lazy\" decoding=\"async\" class=\"wp-image-2307437\" src=\"https:\/\/puntocritico.com\/ausajpuntocritico\/wp-content\/uploads\/2025\/03\/pedro-Sanchez-no-tiene-espalda-300x169.jpg\" alt=\"\" width=\"480\" height=\"270\" srcset=\"https:\/\/puntocritico.com\/ausajpuntocritico\/wp-content\/uploads\/2025\/03\/pedro-Sanchez-no-tiene-espalda-300x169.jpg 300w, https:\/\/puntocritico.com\/ausajpuntocritico\/wp-content\/uploads\/2025\/03\/pedro-Sanchez-no-tiene-espalda-768x433.jpg 768w, https:\/\/puntocritico.com\/ausajpuntocritico\/wp-content\/uploads\/2025\/03\/pedro-Sanchez-no-tiene-espalda-678x381.jpg 678w, https:\/\/puntocritico.com\/ausajpuntocritico\/wp-content\/uploads\/2025\/03\/pedro-Sanchez-no-tiene-espalda.jpg 937w\" sizes=\"auto, (max-width: 480px) 100vw, 480px\" \/><figcaption id=\"caption-attachment-2307437\" class=\"wp-caption-text\"><span style=\"color: #008000;\">Pedro S\u00e1nchez de espaldas &#8211; EFE<\/span><\/figcaption><\/figure>\n<p style=\"text-align: justify;\">\u00a0<\/p>\n<p style=\"text-align: justify;\"><span style=\"font-size: 14pt;\">No nos da el aliento para inventarnos adjetivos. Como la humillaci\u00f3n no es un arte hay que esforzarse por asimilar que cada d\u00eda que pasa la realidad se vuelve tan dif\u00edcil que nuestro sentido del rid\u00edculo se deteriora de tanto echar mano de \u00e9l. El juego de las analog\u00edas es un divertimento para creernos en posesi\u00f3n de una herramienta infalible que sirve a la seguridad de nuestras convicciones. Un enga\u00f1o alimentado por la cultura. Que si volvemos a <strong>Munich 1938<\/strong>, al populismo de <strong>Per\u00f3n<\/strong> y <strong>Mussolini<\/strong>, a los liderazgos criminales de <strong>Stalin<\/strong> y el nazismo. Bajemos los humos ante la humillante realidad: el <strong><em>Amigo Americano<\/em><\/strong> es un pat\u00e1n todopoderoso, <strong>Milei<\/strong> un croupier de casino y\u00a0<strong>nuestro S\u00e1nchez hace de bailar\u00edn con un cuerpo de mamporrero<\/strong>. Es lo que hay y no nos enga\u00f1emos porque la casualidad les haya convertido en lo que son.\u00a0<strong>Elegidos democr\u00e1ticamente<\/strong>\u00a0aunque algunos no acaben de cre\u00e9rselo.<\/span><\/p>\n<p><span style=\"font-size: 14pt;\">La mayor\u00eda pensar\u00e1 que no se trata de una casualidad si no de un c\u00famulo de factores que han ido aprovechando estos dirigentes t\u00f3xicos. Se se\u00f1ala el \u201c<strong>pensamiento\u00a0<em>woke<\/em><\/strong>\u201d casi como el determinante, lo que equivaldr\u00eda a achacar la alarmante obesidad de las sociedades desarrolladas al consumo de pizzas y hamburguesas industriales. Si le damos la entidad de pensamiento a lo que es una actitud estamos jodidos y equivocados. El tr\u00e1nsito de los partidos pol\u00edticos hacia la conversi\u00f3n en tribus tiene una base econ\u00f3mica indiscutible porque da para vivir de ello. Es la diferencia entre una idea y un empleo; domina siempre lo m\u00e1s seguro.<\/span><\/p>\n<p><span style=\"font-size: 14pt;\">Pasemos de las musas al teatro. La reuni\u00f3n en <em>Arabia Saud\u00ed<\/em> de los apa\u00f1adores de la <strong><em>guerra de Ucrania<\/em><\/strong> no merecer\u00eda un <strong>Shakespeare<\/strong>. Primero los dos protagonistas principales. Sin la incitaci\u00f3n de los <em>EEUU<\/em> y sus redes clientelares europeas por convertir a la <em>Ucrania<\/em> de <strong>Zelenski<\/strong> en\u00a0<strong>aliado bien armado de la OTAN<\/strong>\u00a0(Bucarest 2008) no hubiera tenido la oportunidad <strong>Putin<\/strong> de convertir a <em>Rusia<\/em> en la dictadura mafiosa en la que se ha consolidado. Necesitaba una guerra y decret\u00f3 una \u201c<em>operaci\u00f3n especial<\/em>\u201d, porque de eso se trataba, de una singular invasi\u00f3n de <em>Goliat<\/em> frente a un <em>David<\/em> falto de todo; ser\u00eda cruel ensa\u00f1amiento recordar ahora las carencias.\u00a0<strong>Donald Trump empieza a manipularlas con desverg\u00fcenza<\/strong>\u00a0para poner en evidencia que sin el entusiasmo europeo por la aventura, que los suyos se encargaron de armar, no se entiende el quilombo. El que quiera guerra que se la pague.<\/span><\/p>\n<p><span style=\"font-size: 14pt;\">Si ha fomentado el miedo es porque el negocio est\u00e1 asegurado. Lo\u00a0<a href=\"https:\/\/www.vozpopuli.com\/internacional\/rutte-redobla-presion-sanchez-otan-elevar-gasto-defensa.html\" target=\"_blank\" rel=\"noopener\" data-schema-attribute=\"\">explic\u00f3 clarito nada menos que el secretario general de la OTAN<\/a>,\u00a0<strong>Max Rutte<\/strong>, que no es un tonto seboso a lo <strong>Javier Solana<\/strong>, sino un holand\u00e9s formado en la selva financiera: \u201c<em>Es un buen negocio para nuestros socios americanos. Si aumentamos nuestro gasto, ello conlleva d\u00f3lares para la econom\u00eda de EEUU<\/em>\u201d. <\/span><\/p>\n<p>&nbsp;<\/p>\n<p><img loading=\"lazy\" decoding=\"async\" class=\"aligncenter wp-image-23003\" src=\"https:\/\/puntocritico.com\/ausajpuntocritico\/wp-content\/uploads\/2020\/06\/Solana-ordena-bombardear-Yugoslavia-270x300.jpg\" alt=\"\" width=\"360\" height=\"400\" srcset=\"https:\/\/puntocritico.com\/ausajpuntocritico\/wp-content\/uploads\/2020\/06\/Solana-ordena-bombardear-Yugoslavia-270x300.jpg 270w, https:\/\/puntocritico.com\/ausajpuntocritico\/wp-content\/uploads\/2020\/06\/Solana-ordena-bombardear-Yugoslavia.jpg 632w\" sizes=\"auto, (max-width: 360px) 100vw, 360px\" \/><\/p>\n<p>&nbsp;<\/p>\n<p style=\"text-align: justify;\"><span style=\"font-size: 14pt;\">\u00bfQu\u00e9 mejor lugar para ajustar cuentas que <em>Ryad<\/em>, la capital de un pa\u00eds como\u00a0<strong>Arabia Saud\u00ed<\/strong>\u00a0capaz de comprarlo todo, desde emporios industriales a la elegante chusma deportiva que empodera las redes? Un estado gobernado por un descuartizador de disidentes; no basta con matarlos con retorcidos instrumentos a lo <strong>Putin<\/strong>, el <em>pr\u00edncipe<\/em> <strong>Shalman<\/strong> los mete en sede diplom\u00e1tica y se dedica al\u00a0<em>gore<\/em>. Un notario como \u00e9l garantiza que se cumplir\u00e1n los pactos que conocer\u00e1n si acaso nuestros biznietos; aunque las consecuencias las pagaremos nosotros.<\/span><\/p>\n<div id=\"roba_movil_1\" style=\"text-align: justify;\">\u00a0<\/div>\n<blockquote>\n<p style=\"text-align: center;\"><span style=\"font-size: 14pt; color: #008000;\"><strong>Mientras en Ryad se decid\u00eda el destino de Ucrania y las contrapartidas para ambos, en Munich el vicepresidente Vance daba la lecci\u00f3n inaugural del curso extraordinario para l\u00edderes europeos<\/strong><\/span><\/p>\n<\/blockquote>\n<p style=\"text-align: justify;\">\u00a0<\/p>\n<p style=\"text-align: justify;\"><span style=\"font-size: 14pt;\">Mientras en <em>Ryad<\/em> se decid\u00eda el destino de <em>Ucrania<\/em> y las contrapartidas para ambos, en <em>Munich<\/em> el vicepresidente <strong>Vance<\/strong> daba la lecci\u00f3n inaugural del curso extraordinario para l\u00edderes europeos. Un centenar de lo m\u00e1s selecto del Poder en Europa escucharon perplejos y respetuosos a un tipo, el tal <strong>Vance<\/strong>, cuyas credenciales bastar\u00edan con una cita de su curr\u00edculo, hoy cancelada: \u201c<em>\u00bfA qu\u00e9 porcentaje de la poblaci\u00f3n estadounidense no ha acosado sexualmente <strong>Donald Trump<\/strong><\/em>?\u201d (<em>tuit de octubre de 2016<\/em>). Ahora en su condici\u00f3n de n\u00famero dos del Presidente afirm\u00f3 que su misi\u00f3n consiste en \u201c<strong><em>asegurar que la tecnolog\u00eda de la IA norteamericana siga siendo el\u00a0patr\u00f3n oro\u00a0a nivel mundial<\/em><\/strong>\u201d y nada m\u00e1s expresivo como denunciar que \u201c<strong><em>la\u00a0libertad de expresi\u00f3n retrocede en Europa<\/em><\/strong>\u201d. Dos evidencias para \u00e9l concomitantes. A continuaci\u00f3n pas\u00f3 a la pr\u00e1ctica. Rechaz\u00f3 entrevistarse con el canciller<strong> Olaf Scholz<\/strong> para mantener una complaciente charla con la candidata de la extrema derecha, <strong>Alice Weidel<\/strong> (Alternativa por Alemania). Un aval definitivo para las elecciones de este domingo.<\/span><\/p>\n<p><span style=\"font-size: 14pt;\"><em><strong>El Amigo Americano<\/strong><\/em> ahora est\u00e1 con vosotros porque sois los garantes de su democracia en Europa; los dem\u00e1s, circunstanciales aliados. Dej\u00e9monos pues de las analog\u00edas complacientes con nuestra historia. El <strong><em>Munich<\/em> <\/strong>de <strong>1938<\/strong>, el de <strong>Chamberlain<\/strong> y <strong>Daladier<\/strong>, el que vendi\u00f3 <em>Checoslovaquia<\/em> con los ciudadanos dentro, fue recibido en su momento por los liberales m\u00e1s reverenciados. Echen una mirada a la correspondencia -tan privada que no s\u00e9 si ha llegado a publicarse completa- entre <strong>Ortega y Gasset<\/strong> con <strong>Gregorio Mara\u00f1\u00f3n<\/strong>, felicit\u00e1ndose por la componenda. Un momento de exaltaci\u00f3n intelectual s\u00f3lo comparable con la carta de <em>abril de 1939<\/em>: \u201c<em>\u00a1Al fin entramos en Madrid!<\/em>\u201d. Los archivos antiguos son luminosos para la cultura pero no sirven un carajo para armarnos intelectualmente frente a la realidad.\u00a0<strong>Cada situaci\u00f3n es \u00fanica e intransferible<\/strong>.<\/span><\/p>\n<p><span style=\"font-size: 14pt;\">Aunque armarnos intelectualmente sirva de poco. El falso dilema de la idea frente al tanque. Lo cierto es que se percibe un viraje en los referentes ideol\u00f3gicos, esos que los pedantes llamamos hegem\u00f3nicos. Hasta anteayer todos nos jact\u00e1bamos de ser occidentales; despu\u00e9s de <em>Ryad<\/em> y <em>Munich<\/em> ya s\u00f3lo somos europeos y en verdad que da cierto pavor pensar que nuestros adalides son\u00a0<strong>figuras como S\u00e1nchez o Macron<\/strong>\u00a0o la sencilla y dispuesta danesa\u00a0<strong>Mette Frederiksen<\/strong>, quien asegura que debe aumentar su defensa militar ante la incontenible ambici\u00f3n de <strong>Putin<\/strong>, que nadie discute, pero no osa apuntar que de momento quien amenaza su <em>Groenlandia<\/em> es <strong>Donald Trump<\/strong>; una provocaci\u00f3n desmesurada. Tambi\u00e9n lo era asaltar el <em>Capitolio<\/em> y negarse a reconocer su derrota en las urnas, pero ya ven que no cont\u00f3 para nada, m\u00e1s bien lo contrario.<\/span><\/p>\n<p><span style=\"font-size: 14pt;\">Por si algunos no nos hemos dado por enterados: la \u201c<em><strong>nueva libertad<\/strong><\/em>\u201d est\u00e1 en las redes y sus defensores m\u00e1s ac\u00e9rrimos son afanadores del poder y tienen una inveterada inclinaci\u00f3n por la delincuencia. A veces no se nota porque suelen imponer leyes que los cubren y abolen otras que les limitan. Son momentos ideales para los maestros del escaqueo; hacer como si no fuera contigo. F\u00edjense que el cronista oficial de <strong>Pedro S\u00e1nchez<\/strong> para\u00a0<em>El Pa\u00eds<\/em>, <strong>Carlos E(lordi) Cu\u00e9<\/strong>, ha titulado impert\u00e9rrito: \u201c<strong>Donald Trump aprieta a Feijoo<\/strong>\u201d. No lo olviden, porque la memoria es perezosa y el descaro cotiza al alza.\u00a0 \u00a0\u00a0\u00a0<\/span><\/p>\n<p style=\"text-align: justify;\">\u00a0<\/p>\n<p>&nbsp;<\/p>\n<p style=\"text-align: center;\"><iframe loading=\"lazy\" title=\"YouTube video player\" src=\"\/\/www.youtube.com\/embed\/k2xlF2CBSL8?si=Yp8pyPhLI3UtrsP3\" width=\"560\" height=\"315\" frameborder=\"0\" allowfullscreen=\"allowfullscreen\"><\/iframe><\/p>\n<p>&nbsp;<\/p>\n<p>&nbsp;<\/p>\n<p><a href=\"https:\/\/puntocritico.com\/ausajpuntocritico\/author\/punto-critico\/\"><img loading=\"lazy\" decoding=\"async\" class=\"aligncenter wp-image-9528\" src=\"https:\/\/puntocritico.com\/ausajpuntocritico\/wp-content\/uploads\/2018\/03\/Mosca_Punto_Cr\u00edtico_40.png\" alt=\"\" width=\"80\" height=\"80\" data-id=\"9528\" \/><\/a><\/p>\n<p>&nbsp;<\/p>\n","protected":false},"excerpt":{"rendered":"<div class=\"mh-excerpt\"><p>C\u00d3MO JUZGA EL PUEBLO A QUIENES ASPIRAN A LOS CARGOS &nbsp; \u00abNosotros, los espa\u00f1oles, padecemos de una enfermedad del coraz\u00f3n, para la cual el remedio espec\u00edfico es el oro. Vine en busca del oro, y <a class=\"mh-excerpt-more\" href=\"https:\/\/puntocritico.com\/ausajpuntocritico\/2025\/03\/06\/como-juzga-el-pueblo-a-quienes-aspiran-a-los-cargos\/\" title=\"C\u00d3MO JUZGA EL PUEBLO A QUIENES ASPIRAN A LOS CARGOS, por Nicol\u00e1s Maquiavelo: \u00abLos pueblos cometen muchos menos errores que los pr\u00edncipes, tanto en cuanto a las falsas opiniones, como respecto a la corrupci\u00f3n\u00bb\">[&#8230;]<\/a><\/p>\n<\/div>","protected":false},"author":3,"featured_media":2305192,"comment_status":"closed","ping_status":"closed","sticky":false,"template":"","format":"standard","meta":{"_acf_changed":false,"_exactmetrics_skip_tracking":false,"_exactmetrics_sitenote_active":false,"_exactmetrics_sitenote_note":"","_exactmetrics_sitenote_category":0,"footnotes":""},"categories":[7],"tags":[131],"class_list":{"0":"post-2305318","1":"post","2":"type-post","3":"status-publish","4":"format-standard","5":"has-post-thumbnail","7":"category-politica","8":"tag-maquiavelo"},"acf":[],"_links":{"self":[{"href":"https:\/\/puntocritico.com\/ausajpuntocritico\/wp-json\/wp\/v2\/posts\/2305318","targetHints":{"allow":["GET"]}}],"collection":[{"href":"https:\/\/puntocritico.com\/ausajpuntocritico\/wp-json\/wp\/v2\/posts"}],"about":[{"href":"https:\/\/puntocritico.com\/ausajpuntocritico\/wp-json\/wp\/v2\/types\/post"}],"author":[{"embeddable":true,"href":"https:\/\/puntocritico.com\/ausajpuntocritico\/wp-json\/wp\/v2\/users\/3"}],"replies":[{"embeddable":true,"href":"https:\/\/puntocritico.com\/ausajpuntocritico\/wp-json\/wp\/v2\/comments?post=2305318"}],"version-history":[{"count":0,"href":"https:\/\/puntocritico.com\/ausajpuntocritico\/wp-json\/wp\/v2\/posts\/2305318\/revisions"}],"wp:featuredmedia":[{"embeddable":true,"href":"https:\/\/puntocritico.com\/ausajpuntocritico\/wp-json\/wp\/v2\/media\/2305192"}],"wp:attachment":[{"href":"https:\/\/puntocritico.com\/ausajpuntocritico\/wp-json\/wp\/v2\/media?parent=2305318"}],"wp:term":[{"taxonomy":"category","embeddable":true,"href":"https:\/\/puntocritico.com\/ausajpuntocritico\/wp-json\/wp\/v2\/categories?post=2305318"},{"taxonomy":"post_tag","embeddable":true,"href":"https:\/\/puntocritico.com\/ausajpuntocritico\/wp-json\/wp\/v2\/tags?post=2305318"}],"curies":[{"name":"wp","href":"https:\/\/api.w.org\/{rel}","templated":true}]}}