{"id":2303872,"date":"2024-11-27T00:05:21","date_gmt":"2024-11-26T23:05:21","guid":{"rendered":"https:\/\/puntocritico.com\/ausajpuntocritico\/?p=2303872"},"modified":"2024-12-05T14:43:42","modified_gmt":"2024-12-05T13:43:42","slug":"quod-natura-non-dat-politica-non-presta","status":"publish","type":"post","link":"https:\/\/puntocritico.com\/ausajpuntocritico\/2024\/11\/27\/quod-natura-non-dat-politica-non-presta\/","title":{"rendered":"\u00abQUOD NATURA NON DAT POL\u00cdTICA NON PRESTA\u00bb, por Celso Arango. \u00abEl asalto a lo acad\u00e9mico cubre el vac\u00edo que sobreviene al pol\u00edtico que solo tiene el cargo, cuando \u00e9ste desaparece\u00bb"},"content":{"rendered":"<p style=\"text-align: justify;\"><span style=\"font-size: 14pt; color: #008000;\"><a href=\"https:\/\/puntocritico.com\/ausajpuntocritico\/2024\/11\/27\/quod-natura-non-dat-politica-non-presta\/#Quod_natura_non_dat_politica_non_presta\">Quod natura non dat pol\u00edtica non presta<\/a> <\/span><\/p>\n\n<p>&nbsp;<\/p>\n<blockquote>\n<h2 style=\"text-align: center;\"><span style=\"font-size: 24pt;\"><strong><span style=\"font-family: arial, helvetica, sans-serif;\">La enfermedad de la angustia<\/span><\/strong><\/span><\/h2>\n<p style=\"text-align: justify;\"><span style=\"font-size: 14pt;\"><span style=\"font-family: arial, helvetica, sans-serif;\">Rene Gu\u00e9non<\/span><\/span><\/p>\n<p><a href=\"https:\/\/puntocritico.com\/ausajpuntocritico\/2018\/05\/14\/conocete-a-ti-mismo-rene-guenon-2\/\"><img loading=\"lazy\" decoding=\"async\" class=\"aligncenter wp-image-2270836\" src=\"https:\/\/puntocritico.com\/ausajpuntocritico\/wp-content\/uploads\/2023\/04\/conocete-a-ti-mismo-imagen-art-guenon-PPAL-300x199.jpg\" alt=\"\" width=\"400\" height=\"266\" srcset=\"https:\/\/puntocritico.com\/ausajpuntocritico\/wp-content\/uploads\/2023\/04\/conocete-a-ti-mismo-imagen-art-guenon-PPAL-300x199.jpg 300w, https:\/\/puntocritico.com\/ausajpuntocritico\/wp-content\/uploads\/2023\/04\/conocete-a-ti-mismo-imagen-art-guenon-PPAL-610x405.jpg 610w, https:\/\/puntocritico.com\/ausajpuntocritico\/wp-content\/uploads\/2023\/04\/conocete-a-ti-mismo-imagen-art-guenon-PPAL-678x452.jpg 678w, https:\/\/puntocritico.com\/ausajpuntocritico\/wp-content\/uploads\/2023\/04\/conocete-a-ti-mismo-imagen-art-guenon-PPAL.jpg 680w\" sizes=\"auto, (max-width: 400px) 100vw, 400px\" \/><\/a><\/p>\n<p>&nbsp;<\/p>\n<p style=\"text-align: justify;\"><strong><span style=\"font-family: arial, helvetica, sans-serif; font-size: 14pt;\">\u00ab<em>Algunos, como hemos dicho, no se limitan a hablar de \u00abinquietud\u00bb, sino que llegan incluso a hablar de \u00abangustia\u00bb, lo que es a\u00fan m\u00e1s grave, y expresa una actitud quiz\u00e1 m\u00e1s claramente antimetaf\u00edsica si es posible. Por otro lado, ambos sentimientos est\u00e1n m\u00e1s o menos conectados entre s\u00ed, ya que ambos tienen a la ignorancia como com\u00fan ra\u00edz. <\/em><\/span><\/strong><\/p>\n<p style=\"text-align: justify;\"><strong><span style=\"font-family: arial, helvetica, sans-serif; font-size: 14pt;\"><em>La angustia, en efecto, no es sino una forma extrema y por as\u00ed decir \u00abcr\u00f3nica\u00bb del miedo; ahora bien, el hombre es naturalmente llevado a sufrir miedo ante lo que no conoce o no comprende, y este miedo se convierte en un obst\u00e1culo que le impide vencer la ignorancia, pues le obliga a huir del objeto en presencia del cual la comprueba y al cual atribuye la causa, cuando en realidad esta causa no est\u00e1 sin embargo m\u00e1s que en s\u00ed mismo. <\/em><\/span><\/strong><\/p>\n<p style=\"text-align: justify;\"><strong><span style=\"font-family: arial, helvetica, sans-serif; font-size: 14pt;\"><em>Esta reacci\u00f3n negativa muy a menudo es seguida de un verdadero odio respecto de lo desconocido, sobre todo si se tiene la impresi\u00f3n m\u00e1s o menos confusa de que eso desconocido es algo que supera sus actuales posibilidades de comprensi\u00f3n. Si no obstante la ignorancia pudiera disiparse, el miedo se desvanecer\u00eda por s\u00ed mismo, como se ve en el caso de la cuerda que se piensa que es una serpiente.<\/em><\/span><\/strong><\/p>\n<p>&nbsp;<\/p>\n<p style=\"text-align: center;\"><span style=\"color: #008000;\"><strong><span style=\"font-family: arial, helvetica, sans-serif; font-size: 14pt;\"><em>Si no obstante la ignorancia pudiera disiparse, el miedo se desvanecer\u00eda por s\u00ed mismo, como se ve en el caso de la cuerda que se piensa que es una serpiente<\/em><\/span><\/strong><\/span><\/p>\n<p>&nbsp;<\/p>\n<p style=\"text-align: justify;\"><strong><span style=\"font-family: arial, helvetica, sans-serif; font-size: 14pt;\"><em>El miedo, y en consecuencia la angustia que no es sino un caso particular suyo, es pues incompatible con el conocimiento, y si el miedo llegara a tal grado que fuera verdaderamente invencible, el conocimiento ser\u00eda entonces imposible, incluso en ausencia de todo otro impedimento inherente a la naturaleza del individuo. <\/em><\/span><\/strong><\/p>\n<p style=\"text-align: justify;\"><strong><span style=\"font-family: arial, helvetica, sans-serif; font-size: 14pt;\"><em>En este sentido, se podr\u00eda entonces hablar de una \u00abangustia metaf\u00edsica\u00bb, que desempe\u00f1ara en cierto modo el papel de un verdadero \u00abguardi\u00e1n del umbral\u00bb, seg\u00fan la expresi\u00f3n de los hermetistas, prohibiendo al hombre el acceso al dominio del conocimiento metaf\u00edsico. <\/em><\/span><\/strong><\/p>\n<p style=\"text-align: justify;\"><strong><span style=\"font-family: arial, helvetica, sans-serif; font-size: 14pt;\"><em>Todav\u00eda sin embargo es necesario explicar m\u00e1s completamente c\u00f3mo el miedo deriva de la ignorancia, tanto m\u00e1s cuanto que hemos tenido recientemente la ocasi\u00f3n de constatar un error bastante sorprendente: hemos visto atribuir el origen del miedo a un sentimiento de soledad, y ello en una exposici\u00f3n que se basaba en la doctrina ved\u00e1ntica, precisamente cuando \u00e9sta doctrina ense\u00f1a expresamente que el miedo es debido al sentimiento de la dualidad; y en verdad, si un ser estuviera realmente solo, \u00bfde qu\u00e9 podr\u00eda tener miedo? <\/em><\/span><\/strong><\/p>\n<p style=\"text-align: justify;\"><strong><span style=\"font-family: arial, helvetica, sans-serif; font-size: 14pt;\"><em>Se dir\u00e1 quiz\u00e1s que podr\u00eda tener miedo de algo que hubiera en s\u00ed mismo; pero esto implica la existencia en \u00e9l, en su condici\u00f3n actual, de elementos que escapan a su propia comprensi\u00f3n, y en consecuencia de una multiplicidad no unificada. El hecho de que se encuentre o no aislado, no cambia por otra parte nada y no interviene en modo alguno en semejante caso. <\/em><\/span><\/strong><\/p>\n<p style=\"text-align: justify;\"><strong><span style=\"font-family: arial, helvetica, sans-serif; font-size: 14pt;\"><em>Por otro lado, no se puede invocar v\u00e1lidamente, en favor de esta explicaci\u00f3n por la soledad, el miedo instintivo que sufre en la obscuridad mucha gente, y especialmente los ni\u00f1os; este miedo se debe en realidad a la idea de que puede haber en la obscuridad algo que no se ve, luego algo que no se conoce, y que es temible por esta misma raz\u00f3n; si por el contrario la obscuridad fuera considerada como vac\u00eda de toda presencia desconocida, el miedo no tendr\u00eda objeto y no se producir\u00eda. <\/em><\/span><\/strong><\/p>\n<p style=\"text-align: justify;\"><strong><span style=\"font-family: arial, helvetica, sans-serif; font-size: 14pt;\"><em>Lo cierto es que el ser que padece miedo busca la soledad, pero precisamente para substraerse del miedo; adopta una actitud negativa y se \u00abretracta\u00bb como para evitar todo contacto posible con lo que teme, y de all\u00ed proviene sin duda la sensaci\u00f3n de fr\u00edo y los dem\u00e1s s\u00edntomas fisiol\u00f3gicos que acompa\u00f1an habitualmente al miedo. <\/em><\/span><\/strong><\/p>\n<p style=\"text-align: justify;\"><strong><span style=\"font-family: arial, helvetica, sans-serif; font-size: 14pt;\"><em>Sin embargo esta forma de defensa irreflexiva es ineficaz, pues no deja de ser evidente que, haga lo que haga una persona, no puede aislarse realmente del medio en el cual est\u00e1 situado por sus propias condiciones de existencia contingente, y en tanto se considere como rodeado por un \u00abmundo exterior\u00bb, le es imposible estar enteramente al abrigo de su alcance. <\/em><\/span><\/strong><\/p>\n<p style=\"text-align: justify;\"><strong><span style=\"font-family: arial, helvetica, sans-serif; font-size: 14pt;\"><em>La causa del miedo no es otra que la existencia de otros seres, que, en tanto que son otros, constituyen ese \u00abmundo exterior\u00bb, o de elementos que, aunque incorporados al propio ser, no son menos extra\u00f1os y \u00bbexteriores\u00bb a su conciencia actual. Pero \u00abel otro\u00bb como tal no existe sino por efecto de la ignorancia, puesto que todo conocimiento implica esencialmente una identificaci\u00f3n.<\/em><\/span><\/strong><\/p>\n<p>&nbsp;<\/p>\n<p style=\"text-align: center;\"><span style=\"color: #008000;\"><strong><span style=\"font-family: arial, helvetica, sans-serif; font-size: 14pt;\"><em>S<\/em><\/span><\/strong><strong><span style=\"font-family: arial, helvetica, sans-serif; font-size: 14pt;\"><em>e puede decir entonces que m\u00e1s un ser conoce, menos existe para \u00e9l lo \u00abotro\u00bb y lo \u00abexterior\u00bb, y en igual medida, la posibilidad del miedo, posibilidad por otra parte totalmente negativa, que queda abolida por el conocimiento<\/em><\/span><\/strong><\/span><\/p>\n<p>&nbsp;<\/p>\n<\/blockquote>\n<blockquote>\n<p style=\"text-align: justify;\"><strong><span style=\"font-family: arial, helvetica, sans-serif; font-size: 14pt;\"><em>S<\/em><\/span><\/strong><strong><span style=\"font-family: arial, helvetica, sans-serif; font-size: 14pt;\"><em>e puede decir entonces que m\u00e1s un ser conoce, menos existe para \u00e9l lo \u00abotro\u00bb y lo \u00abexterior\u00bb, y en igual medida, la posibilidad del miedo, posibilidad por otra parte totalmente negativa, que queda abolida por el conocimiento. Finalmente, digamos que el estado de \u00absoledad\u00bb absoluta (kaivalya), que est\u00e1 m\u00e1s all\u00e1 de toda contingencia, es un estado de pura impasibilidad. <\/em><\/span><\/strong><\/p>\n<p style=\"text-align: justify;\"><strong><span style=\"font-family: arial, helvetica, sans-serif; font-size: 14pt;\"><em>Se\u00f1alemos de pasada, a prop\u00f3sito de esto, que la \u00abataraxia\u00bb (impasibilidad) estoica es concepci\u00f3n deformada de tal estado, pues pretende aplicarse a un ser que en realidad est\u00e1 todav\u00eda sometido a las contingencias, lo cual es contradictorio; esforzarse en tratar las cosas exteriores como indiferentes, tanto como se pueda en la condici\u00f3n individual, puede constituir una especie de ejercicio preparatorio con miras a la \u00abliberaci\u00f3n\u00bb, pero nada m\u00e1s, pues, para el ser que est\u00e1 verdaderamente \u00abliberado\u00bb, no hay nada exterior. <\/em><\/span><\/strong><\/p>\n<p style=\"text-align: justify;\"><strong><span style=\"font-family: arial, helvetica, sans-serif; font-size: 14pt;\"><em>Tal ejercicio podr\u00eda en suma considerarse como equivalente de lo que, en las \u00abpruebas\u00bb inici\u00e1ticas, expresa bajo una u otra forma la necesidad de superar en principio el miedo para alcanzar el conocimiento, el cual a su vez har\u00e1 imposible el miedo, puesto que no habr\u00e1 nada entonces por lo que el ser pueda verse afectado<\/em>\u00ab.\u00a0<\/span><\/strong><\/p>\n<\/blockquote>\n<p>&nbsp;<\/p>\n<figure id=\"attachment_2228741\" aria-describedby=\"caption-attachment-2228741\" style=\"width: 220px\" class=\"wp-caption aligncenter\"><a href=\"https:\/\/puntocritico.com\/ausajpuntocritico\/2021\/09\/28\/oriente-y-occidente-1-guenon\/\"><img loading=\"lazy\" decoding=\"async\" class=\"wp-image-2228741\" src=\"https:\/\/puntocritico.com\/ausajpuntocritico\/wp-content\/uploads\/2021\/10\/Rene-Guenon-Oriente-y-Occidente.jpg\" alt=\"\" width=\"220\" height=\"339\" \/><\/a><figcaption id=\"caption-attachment-2228741\" class=\"wp-caption-text\"><a href=\"https:\/\/puntocritico.com\/ausajpuntocritico\/2021\/09\/28\/oriente-y-occidente-1-guenon\/\"><span style=\"color: #008000;\">Ren\u00e9 Gu\u00e9non &#8211; Oriente y Occidente<\/span><\/a><\/figcaption><\/figure>\n<p style=\"text-align: center;\"><span style=\"font-size: 18pt;\"><strong><span style=\"color: #008000;\">*******<\/span><\/strong><\/span><\/p>\n<h2 style=\"text-align: center;\"><span style=\"font-size: 14pt;\"><span style=\"font-size: 24pt;\">Quod natura non dat pol\u00edtica non presta<\/span> <\/span><\/h2>\n<blockquote>\n<p style=\"text-align: center;\"><em><strong><span style=\"font-size: 14pt;\">\u00abEs posible que lo que subyace al ansia de conseguir el reconocimiento acad\u00e9mico sea preparar el vac\u00edo que sobreviene al pol\u00edtico que solo tiene el cargo cuando \u00e9ste desaparece. Lean, lean ustedes el curr\u00edculum de nuestros pol\u00edticos y de los miles de asesores pagados con dinero p\u00fablico que nombran. Comparen estos curr\u00edcula con las personas que nunca han pensado en meterse en pol\u00edtica y ocupan los cargos acad\u00e9micos en nuestro pa\u00eds\u00bb<\/span><\/strong><\/em><\/p>\n<\/blockquote>\n<p style=\"text-align: justify;\"><span style=\"font-size: 14pt;\">Por Celso Arango<\/span><\/p>\n<p style=\"text-align: justify;\"><span style=\"font-size: 14pt;\"><a href=\"https:\/\/www.abc.es\/\" target=\"_blank\" rel=\"noopener\">ABC<\/a>, (La Tercera), 25 NOV 2024<\/span><\/p>\n<figure id=\"attachment_2303875\" aria-describedby=\"caption-attachment-2303875\" style=\"width: 400px\" class=\"wp-caption aligncenter\"><img loading=\"lazy\" decoding=\"async\" class=\"wp-image-2303875\" src=\"https:\/\/puntocritico.com\/ausajpuntocritico\/wp-content\/uploads\/2024\/11\/Carbajo-Rojo-Arango-462x381.jpg\" alt=\"Quod natura non dat pol\u00edtica non presta\" width=\"400\" height=\"378\" srcset=\"https:\/\/puntocritico.com\/ausajpuntocritico\/wp-content\/uploads\/2024\/11\/Carbajo-Rojo-Arango-300x284.jpg 300w, https:\/\/puntocritico.com\/ausajpuntocritico\/wp-content\/uploads\/2024\/11\/Carbajo-Rojo-Arango.jpg 462w\" sizes=\"auto, (max-width: 400px) 100vw, 400px\" \/><figcaption id=\"caption-attachment-2303875\" class=\"wp-caption-text\"><span style=\"color: #008000;\">Carbajo&amp;Rojo <\/span><\/figcaption><\/figure>\n<p>&nbsp;<\/p>\n<p style=\"text-align: justify;\"><span style=\"font-size: 14pt;\">En la obra de <a href=\"https:\/\/puntocritico.com\/ausajpuntocritico\/2024\/04\/10\/prometeo-goethe\/\"><strong>Goethe<\/strong><\/a>, <strong><em>Fausto<\/em><\/strong>, \u00e9ste vende su alma al diablo, <strong><em>Mefist\u00f3feles<\/em><\/strong>, a cambio de la oportunidad de alcanzar algo que nunca hubiera alcanzado por s\u00ed mismo: comprenderlo todo y poseerlo todo, tanto en lo material como en lo espiritual. La b\u00fasqueda del poder absoluto, conocimiento y satisfacci\u00f3n personal sin l\u00edmites llevan a <a href=\"https:\/\/puntocritico.com\/ausajpuntocritico\/2022\/09\/03\/fausto-1926-pelicula-de-f-w-murnau\/\"><em><strong>Fausto<\/strong><\/em><\/a> a perder su alma. <strong>La insatisfacci\u00f3n por no alcanzar algo superfluo de forma justa y merecida acaba pasando factura<\/strong>. La factura que siglos despu\u00e9s de ser escrita esta obra nos deber\u00eda preocupar a todos es la derivada del<strong> alto precio que supone la hoguera de las vanidades de nuestros pol\u00edticos<\/strong>.<\/span><\/p>\n<p>&nbsp;<\/p>\n<blockquote>\n<p style=\"text-align: center;\"><strong><span style=\"font-size: 14pt; color: #008000;\">Fausto vende su alma al diablo, Mefist\u00f3feles, a cambio de la oportunidad de alcanzar algo que nunca hubiera alcanzado por s\u00ed mismo<\/span><\/strong><\/p>\n<\/blockquote>\n<p>&nbsp;<\/p>\n<p style=\"text-align: justify;\"><span style=\"font-size: 14pt;\"><strong>\u00bfHay algo m\u00e1s peligroso que un mediocre cegado por la ambici\u00f3n?<\/strong> Al menos <em><strong>Fausto<\/strong><\/em> era erudito e inteligente. <strong>El deseo desmedido por lo que no nos corresponde o no hemos ganado por nuestros m\u00e9ritos puede resultar en la p\u00e9rdida de lo que realmente importa en la vida<\/strong>. <\/span><\/p>\n<p style=\"text-align: justify;\"><span style=\"font-size: 14pt;\">El peligro mayor surge de que existan los mecanismos para alcanzar esos m\u00e9ritos y est\u00e9n al alcance de quien no tiene nada que perder. Ello pone en peligro a terceros, a quien se lo merece, a las instituciones instrumentalizadas y a la sociedad en general. <\/span><\/p>\n<p>&nbsp;<\/p>\n<blockquote>\n<p style=\"text-align: center;\"><span style=\"color: #008000;\"><strong><span style=\"font-size: 14pt;\">El peligro mayor surge de que existan los mecanismos para alcanzar esos m\u00e9ritos y est\u00e9n al alcance de quien no tiene nada que perder. <\/span><\/strong><\/span><\/p>\n<p style=\"text-align: center;\"><span style=\"color: #008000;\"><strong><span style=\"font-size: 14pt;\">Ello pone en peligro a terceros, a quien se lo merece, a las instituciones instrumentalizadas y a la sociedad en general.<\/span><\/strong><\/span><\/p>\n<\/blockquote>\n<p>&nbsp;<\/p>\n<p><img loading=\"lazy\" decoding=\"async\" class=\"aligncenter wp-image-2303885\" src=\"https:\/\/puntocritico.com\/ausajpuntocritico\/wp-content\/uploads\/2024\/11\/Burro-con-diploma-300x169.jpg\" alt=\"\" width=\"440\" height=\"248\" srcset=\"https:\/\/puntocritico.com\/ausajpuntocritico\/wp-content\/uploads\/2024\/11\/Burro-con-diploma-300x169.jpg 300w, https:\/\/puntocritico.com\/ausajpuntocritico\/wp-content\/uploads\/2024\/11\/Burro-con-diploma-678x381.jpg 678w, https:\/\/puntocritico.com\/ausajpuntocritico\/wp-content\/uploads\/2024\/11\/Burro-con-diploma.jpg 686w\" sizes=\"auto, (max-width: 440px) 100vw, 440px\" \/><\/p>\n<p>&nbsp;<\/p>\n<p style=\"text-align: justify;\"><span style=\"font-size: 14pt;\">C<\/span><span style=\"font-size: 14pt;\">on honrosas excepciones nuestro estamento pol\u00edtico actual est\u00e1 <strong>plagado de personas que no han hecho otra cosa en la vida que afiliarse en su juventud a un partido y vivir en \u00e9l con el \u00fanico anhelo de medrar<\/strong>. Personas que de ni\u00f1os ve\u00edan que se les negaba su anhelo de conseguir <em>contra natura<\/em> aquello que recalaba en los de intelecto y esfuerzo diario. <\/span><\/p>\n<p style=\"text-align: justify;\"><span style=\"font-size: 14pt;\">Personas que decidieron que iban a dividir la vida en dos: <em>los nuestros<\/em>, los buenos hagan lo que hagan <em>y los otros<\/em>, el enemigo siempre errado. Personas que decidieron que s\u00f3lo hab\u00eda blanco y negro. <strong>Personas que sacrificaron sus valores, si alguna vez los tuvieron. A esas personas, tan de la pol\u00edtica de nuestro tiempo, no les bast\u00f3 con el poder<\/strong>.<\/span><\/p>\n<p>&nbsp;<\/p>\n<blockquote>\n<p style=\"text-align: center;\"><strong><span style=\"font-size: 14pt; color: #008000;\">En la pol\u00edtica reciente espa\u00f1ola, de todos los palos y colores, el poder termin\u00f3 por no saciar la ambici\u00f3n desmedida. <\/span><\/strong><\/p>\n<p style=\"text-align: center;\"><strong><span style=\"font-size: 14pt; color: #008000;\">La potestad se convirti\u00f3 en demasiadas ocasiones en una puerta al enriquecimiento il\u00edcito.<\/span><\/strong><\/p>\n<p style=\"text-align: center;\"><strong><span style=\"font-size: 14pt; color: #008000;\">De nuevo el atajo, de nuevo la cultura de la apropiaci\u00f3n de lo que nunca hubiera alcanzado por mi biolog\u00eda y sacrificio personal<\/span><\/strong><\/p>\n<\/blockquote>\n<p>&nbsp;<\/p>\n<p style=\"text-align: justify;\"><span style=\"font-size: 14pt;\">En la pol\u00edtica reciente espa\u00f1ola, de todos los palos y colores, el poder termin\u00f3 por no saciar la ambici\u00f3n desmedida. La potestad se convirti\u00f3 en demasiadas ocasiones en una puerta al enriquecimiento il\u00edcito. De nuevo el atajo, de nuevo la cultura de la apropiaci\u00f3n de lo que nunca hubiera alcanzado por mi biolog\u00eda y sacrificio personal. <strong>Mandar lleva de forma inherente la capacidad de gestionar presupuesto. Esa ambici\u00f3n y codicia de poder deriv\u00f3 entonces en la necesidad no s\u00f3lo de gestionar ese dinero sino en hacerse con \u00e9l<\/strong>.<\/span><\/p>\n<p>&nbsp;<\/p>\n<p><a href=\"https:\/\/puntocritico.com\/ausajpuntocritico\/2017\/05\/23\/el-triunfo-de-la-mediocridad-por-jean-cau\/\"><img loading=\"lazy\" decoding=\"async\" class=\"aligncenter wp-image-2250256\" src=\"https:\/\/puntocritico.com\/ausajpuntocritico\/wp-content\/uploads\/2022\/06\/Debate_2-PPAL-300x226.jpg\" alt=\"\" width=\"400\" height=\"301\" srcset=\"https:\/\/puntocritico.com\/ausajpuntocritico\/wp-content\/uploads\/2022\/06\/Debate_2-PPAL-300x226.jpg 300w, https:\/\/puntocritico.com\/ausajpuntocritico\/wp-content\/uploads\/2022\/06\/Debate_2-PPAL-326x245.jpg 326w, https:\/\/puntocritico.com\/ausajpuntocritico\/wp-content\/uploads\/2022\/06\/Debate_2-PPAL-80x60.jpg 80w, https:\/\/puntocritico.com\/ausajpuntocritico\/wp-content\/uploads\/2022\/06\/Debate_2-PPAL.jpg 545w\" sizes=\"auto, (max-width: 400px) 100vw, 400px\" \/><\/a><\/p>\n<p>&nbsp;<\/p>\n<p style=\"text-align: justify;\"><span style=\"font-size: 14pt;\">Amasar dinero, o chal\u00e9s, para hacer ostentaci\u00f3n de aquello que se ha envidiado siempre, para que se enteren los que generaron dicha envidia. <strong>El poder mal gestionado hace que la gesti\u00f3n del dinero sea opaca<\/strong>. Estoy convencido de que nuestro pa\u00eds, a diferencia de los de nuestro entorno, no ha tenido nunca la tan prometida <em>ley de mecenazgo<\/em> porque ello detraer\u00eda que una parte del dinero gestionado acabara en los amigos, los que deben deudas y no deben olvidar, o en los que no son amigos pero untan la mano concesora. <strong>\u00bfQui\u00e9n es el pueblo, estando yo, para decir en qu\u00e9 hay que invertir sus impuestos?<\/strong><\/span><\/p>\n<p style=\"text-align: justify;\"><span style=\"font-size: 14pt;\"><strong>En estos \u00faltimos a\u00f1os hemos visto que la codicia desmedida ha traspasado las fronteras del poder y del enriquecimiento econ\u00f3mico<\/strong>. Se ha desplazado ahora a aquello que estaba m\u00e1s vetado, aquello que seguro que en muchos casos <em>fue el motivo inconsciente de la decisi\u00f3n de hacerse pol\u00edtico<\/em>, el conseguir lo inalcanzable por m\u00e9ritos propios: el reconocimiento intelectual. El anhelo de prestigio. El asalto a lo acad\u00e9mico. <\/span><\/p>\n<p style=\"text-align: justify;\"><span style=\"font-size: 14pt;\"><strong>El desenfreno de la ambici\u00f3n por tener t\u00edtulos universitarios, doctorados, parcelas de lo intelectual, en esa b\u00fasqueda por regar el narcisismo al que no llega el poder y el dinero<\/strong>.<\/span><\/p>\n<p>&nbsp;<\/p>\n<blockquote>\n<p style=\"text-align: center;\"><strong><span style=\"font-size: 14pt; color: #008000;\">el motivo inconsciente de la decisi\u00f3n de hacerse pol\u00edtico, el conseguir lo inalcanzable por m\u00e9ritos propios: el reconocimiento intelectual. El anhelo de prestigio. El asalto a lo acad\u00e9mico<\/span><\/strong><\/p>\n<\/blockquote>\n<p>&nbsp;<\/p>\n<p><a href=\"https:\/\/puntocritico.com\/ausajpuntocritico\/2024\/02\/29\/carmen-calvo-y-la-acion-comisarial-en-la-universidad-espanola\/\"><img loading=\"lazy\" decoding=\"async\" class=\"aligncenter wp-image-8781\" src=\"https:\/\/puntocritico.com\/ausajpuntocritico\/wp-content\/uploads\/2018\/02\/Estado-autocr\u00e1tico-y-cultura--300x169.jpg\" alt=\"\" width=\"480\" height=\"270\" srcset=\"https:\/\/puntocritico.com\/ausajpuntocritico\/wp-content\/uploads\/2018\/02\/Estado-autocr\u00e1tico-y-cultura--300x169.jpg 300w, https:\/\/puntocritico.com\/ausajpuntocritico\/wp-content\/uploads\/2018\/02\/Estado-autocr\u00e1tico-y-cultura-.jpg 678w\" sizes=\"auto, (max-width: 480px) 100vw, 480px\" \/><\/a><\/p>\n<p>&nbsp;<\/p>\n<blockquote>\n<p style=\"text-align: center;\"><strong><span style=\"font-size: 14pt; color: #008000;\">En esta ocasi\u00f3n es un prestigio, a diferencia de los tangibles poder y dinero, falso. Reputaci\u00f3n hurtada y quim\u00e9rica<\/span><\/strong><\/p>\n<\/blockquote>\n<p>&nbsp;<\/p>\n<p style=\"text-align: justify;\"><span style=\"font-size: 14pt;\">En esta ocasi\u00f3n es un prestigio, a diferencia de los tangibles poder y dinero, falso. Reputaci\u00f3n hurtada y quim\u00e9rica. La <em><strong>potestas<\/strong><\/em> se otorga digitalmente y se posee independientemente de lo justo que le parezca al resto. <strong>El incremento de patrimonio personal tras pasar por la pol\u00edtica es el que es<\/strong>. A diferencia de ellos, la <strong><em>autoritas<\/em><\/strong> depende de la percepci\u00f3n del otro y no desaparece al esfumarse el poder.<\/span><\/p>\n<p>&nbsp;<\/p>\n<p style=\"text-align: center;\"><span style=\"color: #008000;\"><strong><span style=\"font-size: 14pt;\">La <em>potestas<\/em> se otorga digitalmente y se posee independientemente de lo justo que le parezca al resto. <\/span><\/strong><\/span><\/p>\n<p style=\"text-align: center;\"><span style=\"color: #008000;\"><strong><span style=\"font-size: 14pt;\">La <em>autoritas<\/em> depende de la percepci\u00f3n del otro y no desaparece al esfumarse el poder.<\/span><\/strong><\/span><\/p>\n<p>&nbsp;<\/p>\n<p style=\"text-align: justify;\"><span style=\"font-size: 14pt;\"><strong>Es posible que lo que subyace al ansia de conseguir el reconocimiento acad\u00e9mico sea preparar el vac\u00edo que sobreviene al pol\u00edtico que solo tiene el cargo cuando \u00e9ste desaparece<\/strong>. Lean, lean ustedes el <strong><em>curr\u00edculum<\/em><\/strong> de nuestros pol\u00edticos y de los miles de asesores pagados con dinero p\u00fablico que nombran. <\/span><\/p>\n<p style=\"text-align: justify;\"><span style=\"font-size: 14pt;\">Comparen esos <strong><em>curr\u00edcula<\/em><\/strong> con las personas que nunca han pensado en meterse en pol\u00edtica y ocupan los cargos acad\u00e9micos en nuestro pa\u00eds. <strong>La m\u00e1xima para que un sistema, ll\u00e1mese pa\u00eds, funcione, es la preparaci\u00f3n de sus l\u00edderes<\/strong>. La de los nuestros es objetiva y la tienen ustedes clara y meridiana, salvo manipulaci\u00f3n o falsificaci\u00f3n, en las p\u00e1ginas web.<\/span><\/p>\n<p>&nbsp;<\/p>\n<blockquote>\n<p style=\"text-align: center;\"><strong><span style=\"font-size: 14pt; color: #008000;\">El intentar extrapolar el <em>modus operandi<\/em> del pelotazo, el atajo, los favores debidos a la ya maltrecha universidad y academia espa\u00f1ola, que languidece tras siglos de endogamia y nepotismo, puede ser su puntilla<\/span><\/strong><\/p>\n<\/blockquote>\n<p>&nbsp;<\/p>\n<p style=\"text-align: justify;\"><span style=\"font-size: 14pt;\">El intentar extrapolar el <em>modus operandi<\/em> del pelotazo, el atajo, los favores debidos a la ya maltrecha universidad y academia espa\u00f1ola, que languidece tras siglos de endogamia y nepotismo, puede ser su puntilla. <strong>Porque la realidad es que en la vida acad\u00e9mica espa\u00f1ola, al margen de sus compadreos y manidas estereotipias, clich\u00e9s feudalistas y patriarcales, se necesita, al menos, un m\u00ednimo para llegar<\/strong>. <\/span><\/p>\n<p>&nbsp;<\/p>\n<blockquote>\n<p style=\"text-align: center;\"><strong><span style=\"font-size: 14pt; color: #008000;\">El asalto que permita anular ese m\u00ednimo a trav\u00e9s de la pol\u00edtica ser\u00eda la extinci\u00f3n de nuestra vida acad\u00e9mica<\/span><\/strong><\/p>\n<\/blockquote>\n<p>&nbsp;<\/p>\n<p><img loading=\"lazy\" decoding=\"async\" class=\"wp-image-2233462 aligncenter\" src=\"https:\/\/puntocritico.com\/ausajpuntocritico\/wp-content\/uploads\/2021\/12\/Izquierda-Reaccionaria-PPAL-1-300x199.jpg\" alt=\"\" width=\"440\" height=\"292\" srcset=\"https:\/\/puntocritico.com\/ausajpuntocritico\/wp-content\/uploads\/2021\/12\/Izquierda-Reaccionaria-PPAL-1-300x199.jpg 300w, https:\/\/puntocritico.com\/ausajpuntocritico\/wp-content\/uploads\/2021\/12\/Izquierda-Reaccionaria-PPAL-1-610x405.jpg 610w, https:\/\/puntocritico.com\/ausajpuntocritico\/wp-content\/uploads\/2021\/12\/Izquierda-Reaccionaria-PPAL-1-678x452.jpg 678w, https:\/\/puntocritico.com\/ausajpuntocritico\/wp-content\/uploads\/2021\/12\/Izquierda-Reaccionaria-PPAL-1.jpg 680w\" sizes=\"auto, (max-width: 440px) 100vw, 440px\" \/><\/p>\n<p>&nbsp;<\/p>\n<p style=\"text-align: justify;\"><span style=\"font-size: 14pt;\">El asalto que permita anular ese m\u00ednimo a trav\u00e9s de la pol\u00edtica ser\u00eda la extinci\u00f3n de nuestra vida acad\u00e9mica. Un ataque frontal al <em><strong>darwinismo<\/strong><\/em> cl\u00e1sico. <strong>Un suicidio generacional<\/strong>. \u00bfAlguien da m\u00e1s? <\/span><\/p>\n<p style=\"text-align: justify;\"><span style=\"font-size: 14pt;\"><strong>Lo siguiente por muy inalcanzable que parezca, es conseguir conquistar la ciencia.<\/strong> Aunque los par\u00e1metros m\u00e1s objetivos de reconocimiento en el mundo cient\u00edfico y su universalidad la hacen m\u00e1s dif\u00edcilmente conquistable seguro que hay pol\u00edticos y allegados que fantasean con reconocimientos cient\u00edficos, m\u00e1s all\u00e1 del poder, el dinero y un doctorado o una c\u00e1tedra. <\/span><\/p>\n<p style=\"text-align: justify;\"><span style=\"font-size: 14pt;\">Asistimos at\u00f3nitos a como se quiere utilizar el incluir un \u00ab<em>cient\u00edfico<\/em>\u00bb en cada ministerio para presumir de lo que se carece, de nuevo muy nuestro. Acabar\u00e1n d\u00e1ndose premios cient\u00edficos entre pol\u00edticos. Al tiempo.<\/span><\/p>\n<p>&nbsp;<\/p>\n<blockquote>\n<p style=\"text-align: center;\"><span style=\"color: #008000;\"><strong><span style=\"font-size: 14pt;\">Asistimos at\u00f3nitos a como se quiere utilizar el incluir un \u00ab<em>cient\u00edfico<\/em>\u00bb en cada ministerio para presumir de lo que se carece, de nuevo muy nuestro. Acabar\u00e1n d\u00e1ndose premios cient\u00edficos entre pol\u00edticos. Al tiempo<\/span><\/strong><\/span><\/p>\n<\/blockquote>\n<p>&nbsp;<\/p>\n<p><a href=\"https:\/\/fundaciongoyaenaragon.es\/obra\/asta-su-abuelo\/909\" target=\"_blank\" rel=\"noopener\" data-schema-attribute=\"\"><img loading=\"lazy\" decoding=\"async\" class=\"aligncenter wp-image-1824119 size-full\" src=\"https:\/\/puntocritico.com\/ausajpuntocritico\/wp-content\/uploads\/2021\/02\/5396_2-NR-Goya-Caprichos-estupidez-wikipedia_thumb_430.jpg\" alt=\"\" width=\"429\" height=\"241\" srcset=\"https:\/\/puntocritico.com\/ausajpuntocritico\/wp-content\/uploads\/2021\/02\/5396_2-NR-Goya-Caprichos-estupidez-wikipedia_thumb_430.jpg 429w, https:\/\/puntocritico.com\/ausajpuntocritico\/wp-content\/uploads\/2021\/02\/5396_2-NR-Goya-Caprichos-estupidez-wikipedia_thumb_430-300x169.jpg 300w\" sizes=\"auto, (max-width: 429px) 100vw, 429px\" \/><\/a><\/p>\n<p>&nbsp;<\/p>\n<p style=\"text-align: justify;\"><span style=\"font-size: 14pt;\">Estamos atravesando una profunda crisis de valores. <strong>Lo arriba expuesto se convierte en un perverso modelo para las nuevas generaciones que ven como hay distintas formas de colmar el deseo de poder, dinero y <em>seudoprestigio<\/em><\/strong>. La infancia ve desde muy corta edad algo f\u00e1cilmente interpretable: las trampas tienen premio y recompensa. Se puede llegar al mismo sitio con buenos mimbres, tiempo, esfuerzo y sacrificio o sin nada de ello.<\/span><\/p>\n<p>&nbsp;<\/p>\n<blockquote>\n<p style=\"text-align: center;\"><strong><span style=\"font-size: 14pt; color: #008000;\">La infancia ve desde muy corta edad algo f\u00e1cilmente interpretable: las trampas tienen premio y recompensa. Se puede llegar al mismo sitio con buenos mimbres, tiempo, esfuerzo y sacrificio o sin nada de ello<\/span><\/strong><\/p>\n<\/blockquote>\n<p>&nbsp;<\/p>\n<p style=\"text-align: justify;\"><span style=\"font-size: 14pt;\">Nuestros hijos deben saber que no es m\u00e1s feliz el universitario que alcanza una carrera en la que debe trabajar con personas con mayor preparaci\u00f3n que el fontanero o electricista ducho que se siente orgulloso de su destreza y quehacer diario. <strong>Deben conocer que no es m\u00e1s feliz el que siempre anhela tener m\u00e1s, el que se compara continuamente con otros desde la envidia, tan nuestra, que el que acepta humildemente lo que tiene<\/strong>. <\/span><\/p>\n<p style=\"text-align: justify;\"><span style=\"font-size: 14pt;\"><strong>Como profesional de la mente s\u00e9 que la paz y serenidad con uno mismo no se obtienen anhelando lo que no se merece<\/strong>. Escuchemos la lecci\u00f3n de <em><strong>Fausto<\/strong><\/em> que nos ense\u00f1a que el desear algo m\u00e1s all\u00e1 de lo que uno merece, e incluso necesita, puede poner en peligro no solo la integridad de uno mismo, sino tambi\u00e9n la sociedad. <strong>Apartad vuestras codiciosas e infestas garras de la <em>Academia<\/em>. Se volver\u00e1 en contra de vuestros hijos<\/strong>.<\/span><\/p>\n<p>&nbsp;<\/p>\n<blockquote>\n<p style=\"text-align: center;\"><span style=\"color: #008000;\"><strong><span style=\"font-size: 14pt;\">Escuchemos la lecci\u00f3n de <em>Fausto<\/em> que nos ense\u00f1a que el desear algo m\u00e1s all\u00e1 de lo que uno merece, e incluso necesita, puede poner en peligro no solo la integridad de uno mismo, sino tambi\u00e9n la sociedad<\/span><\/strong><\/span><\/p>\n<\/blockquote>\n<p>&nbsp;<\/p>\n<p><img loading=\"lazy\" decoding=\"async\" class=\"aligncenter wp-image-2303886\" src=\"https:\/\/puntocritico.com\/ausajpuntocritico\/wp-content\/uploads\/2024\/11\/Compania-de-burros-300x169.jpg\" alt=\"\" width=\"440\" height=\"248\" srcset=\"https:\/\/puntocritico.com\/ausajpuntocritico\/wp-content\/uploads\/2024\/11\/Compania-de-burros-300x169.jpg 300w, https:\/\/puntocritico.com\/ausajpuntocritico\/wp-content\/uploads\/2024\/11\/Compania-de-burros-768x432.jpg 768w, https:\/\/puntocritico.com\/ausajpuntocritico\/wp-content\/uploads\/2024\/11\/Compania-de-burros-678x381.jpg 678w, https:\/\/puntocritico.com\/ausajpuntocritico\/wp-content\/uploads\/2024\/11\/Compania-de-burros.jpg 880w\" sizes=\"auto, (max-width: 440px) 100vw, 440px\" \/><\/p>\n<p style=\"text-align: center;\"><span style=\"color: #008000; font-size: 18pt;\">*******<\/span><\/p>\n<h3 style=\"text-align: center;\"><span style=\"font-size: 18pt;\">El Autor<\/span><\/h3>\n<blockquote>\n<p style=\"text-align: center;\"><span style=\"font-size: 14pt;\"><strong>Celso Arango<\/strong> es catedr\u00e1tico de Psiquiatr\u00eda UCM y miembro de la Real Academia de Medicina de Espa\u00f1a y de la Academia Nacional de Medicina de Estados Unidos<\/span><\/p>\n<\/blockquote>\n<p>&nbsp;<\/p>\n<figure id=\"attachment_2303874\" aria-describedby=\"caption-attachment-2303874\" style=\"width: 360px\" class=\"wp-caption aligncenter\"><img loading=\"lazy\" decoding=\"async\" class=\"wp-image-2303874\" src=\"https:\/\/puntocritico.com\/ausajpuntocritico\/wp-content\/uploads\/2024\/11\/Quod-natura-non-dat-politica-non-presta-300x238.jpg\" alt=\"\" width=\"360\" height=\"285\" srcset=\"https:\/\/puntocritico.com\/ausajpuntocritico\/wp-content\/uploads\/2024\/11\/Quod-natura-non-dat-politica-non-presta-300x238.jpg 300w, https:\/\/puntocritico.com\/ausajpuntocritico\/wp-content\/uploads\/2024\/11\/Quod-natura-non-dat-politica-non-presta.jpg 437w\" sizes=\"auto, (max-width: 360px) 100vw, 360px\" \/><figcaption id=\"caption-attachment-2303874\" class=\"wp-caption-text\"><span style=\"color: #008000;\">Quod natura non dat pol\u00edtica non presta <\/span><\/figcaption><\/figure>\n<p style=\"text-align: center;\"><span style=\"font-size: 18pt;\"><strong><span style=\"color: #008000;\">*******<\/span><\/strong><\/span><\/p>\n<h2 style=\"text-align: justify;\"><span style=\"font-size: 14pt;\"><strong>RELACIONADOS:<\/strong><\/span><\/h2>\n<blockquote class=\"wp-embedded-content\" data-secret=\"DB8EXt2W1z\"><p><a href=\"https:\/\/puntocritico.com\/ausajpuntocritico\/2024\/09\/25\/el-culto-a-la-ignorancia-asimov\/\">EL CULTO A LA IGNORANCIA (Isaac Asimov, 1980): Contra el Anti-intelectualismo. De Kant a la Inteligencia Artificial. Del \u00abAtr\u00e9vete a saber\u00bb al \u00abNo te molestes en saber\u00bb<\/a><\/p><\/blockquote>\n<p><iframe loading=\"lazy\" class=\"wp-embedded-content\" sandbox=\"allow-scripts\" security=\"restricted\" style=\"position: absolute; visibility: hidden;\" title=\"\u00abEL CULTO A LA IGNORANCIA (Isaac Asimov, 1980): Contra el Anti-intelectualismo. De Kant a la Inteligencia Artificial. Del \u00abAtr\u00e9vete a saber\u00bb al \u00abNo te molestes en saber\u00bb\u00bb \u2014 Punto Cr\u00edtico Derechos Humanos\" src=\"https:\/\/puntocritico.com\/ausajpuntocritico\/2024\/09\/25\/el-culto-a-la-ignorancia-asimov\/embed\/#?secret=yPhC39eSi6#?secret=DB8EXt2W1z\" data-secret=\"DB8EXt2W1z\" width=\"500\" height=\"282\" frameborder=\"0\" marginwidth=\"0\" marginheight=\"0\" scrolling=\"no\"><\/iframe><\/p>\n<blockquote class=\"wp-embedded-content\" data-secret=\"3PnHRcYkfh\"><p><a href=\"https:\/\/puntocritico.com\/ausajpuntocritico\/2023\/06\/15\/solve-et-coagula\/\">SOLVE ET COAGULA: \u00abDERECHA \/ IZQUIERDA: \u00bfFIN O TRANSFORMACI\u00d3N DE LA DIVISI\u00d3N?\u00bb, por Arnaud Imatz.<\/a><\/p><\/blockquote>\n<p><iframe loading=\"lazy\" class=\"wp-embedded-content\" sandbox=\"allow-scripts\" security=\"restricted\" style=\"position: absolute; visibility: hidden;\" title=\"\u00abSOLVE ET COAGULA: \u00abDERECHA \/ IZQUIERDA: \u00bfFIN O TRANSFORMACI\u00d3N DE LA DIVISI\u00d3N?\u00bb, por Arnaud Imatz.\u00bb \u2014 Punto Cr\u00edtico Derechos Humanos\" src=\"https:\/\/puntocritico.com\/ausajpuntocritico\/2023\/06\/15\/solve-et-coagula\/embed\/#?secret=Ye7BUzt3Ig#?secret=3PnHRcYkfh\" data-secret=\"3PnHRcYkfh\" width=\"500\" height=\"282\" frameborder=\"0\" marginwidth=\"0\" marginheight=\"0\" scrolling=\"no\"><\/iframe><\/p>\n<blockquote class=\"wp-embedded-content\" data-secret=\"Us4IdCmFAa\"><p><a href=\"https:\/\/puntocritico.com\/ausajpuntocritico\/2024\/11\/13\/dunning-kruger\/\">EFECTO DUNNING-KRUGER. \u00abEl problema con el mundo es que los est\u00fapidos est\u00e1n seguros de todo y los inteligentes est\u00e1n llenos de dudas\u00bb<\/a><\/p><\/blockquote>\n<p><iframe loading=\"lazy\" class=\"wp-embedded-content\" sandbox=\"allow-scripts\" security=\"restricted\" style=\"position: absolute; visibility: hidden;\" title=\"\u00abEFECTO DUNNING-KRUGER. \u00abEl problema con el mundo es que los est\u00fapidos est\u00e1n seguros de todo y los inteligentes est\u00e1n llenos de dudas\u00bb\u00bb \u2014 Punto Cr\u00edtico Derechos Humanos\" src=\"https:\/\/puntocritico.com\/ausajpuntocritico\/2024\/11\/13\/dunning-kruger\/embed\/#?secret=bZvI3TxwgU#?secret=Us4IdCmFAa\" data-secret=\"Us4IdCmFAa\" width=\"500\" height=\"282\" frameborder=\"0\" marginwidth=\"0\" marginheight=\"0\" scrolling=\"no\"><\/iframe><\/p>\n<blockquote class=\"wp-embedded-content\" data-secret=\"PRqmv6QsRT\"><p><a href=\"https:\/\/puntocritico.com\/ausajpuntocritico\/2024\/11\/21\/el-desarrollo-moral-una-introduccion-a-la-teoria-de-kohlberg-por-enrique-barra-almagia\/\">\u00abEL DESARROLLO MORAL: UNA INTRODUCCI\u00d3N A LA TEORIA DE KOHLBERG\u00bb, por Enrique Barra Almagi\u00e1<\/a><\/p><\/blockquote>\n<p><iframe loading=\"lazy\" class=\"wp-embedded-content\" sandbox=\"allow-scripts\" security=\"restricted\" style=\"position: absolute; visibility: hidden;\" title=\"\u00ab\u00abEL DESARROLLO MORAL: UNA INTRODUCCI\u00d3N A LA TEORIA DE KOHLBERG\u00bb, por Enrique Barra Almagi\u00e1\u00bb \u2014 Punto Cr\u00edtico Derechos Humanos\" src=\"https:\/\/puntocritico.com\/ausajpuntocritico\/2024\/11\/21\/el-desarrollo-moral-una-introduccion-a-la-teoria-de-kohlberg-por-enrique-barra-almagia\/embed\/#?secret=VVXEuXZb4M#?secret=PRqmv6QsRT\" data-secret=\"PRqmv6QsRT\" width=\"500\" height=\"282\" frameborder=\"0\" marginwidth=\"0\" marginheight=\"0\" scrolling=\"no\"><\/iframe><\/p>\n<blockquote class=\"wp-embedded-content\" data-secret=\"RAX1hjXZFl\"><p><a href=\"https:\/\/puntocritico.com\/ausajpuntocritico\/2024\/04\/29\/el-derecho-a-ser-informado-de-la-acusacion\/\">QUIEN A HIERRO MATA &#8230;: \u00abEl derecho a ser informado de la acusaci\u00f3n, a no declarar contra uno mismo y a no confesarse culpable\u00bb, por Julio Banacloche Palao<\/a><\/p><\/blockquote>\n<p><iframe loading=\"lazy\" class=\"wp-embedded-content\" sandbox=\"allow-scripts\" security=\"restricted\" style=\"position: absolute; visibility: hidden;\" title=\"\u00abQUIEN A HIERRO MATA &#8230;: \u00abEl derecho a ser informado de la acusaci\u00f3n, a no declarar contra uno mismo y a no confesarse culpable\u00bb, por Julio Banacloche Palao\u00bb \u2014 Punto Cr\u00edtico Derechos Humanos\" src=\"https:\/\/puntocritico.com\/ausajpuntocritico\/2024\/04\/29\/el-derecho-a-ser-informado-de-la-acusacion\/embed\/#?secret=TG9JfWUYWU#?secret=RAX1hjXZFl\" data-secret=\"RAX1hjXZFl\" width=\"500\" height=\"282\" frameborder=\"0\" marginwidth=\"0\" marginheight=\"0\" scrolling=\"no\"><\/iframe><\/p>\n<blockquote class=\"wp-embedded-content\" data-secret=\"ONcm3XyAxE\"><p><a href=\"https:\/\/puntocritico.com\/ausajpuntocritico\/2024\/04\/08\/trafico-de-influencias-en-el-corazon-de-la-moncloa-bego-conseguidora\/\">TR\u00c1FICO DE INFLUENCIAS EN EL CORAZ\u00d3N DE LA MONCLOA: \u00abBego; Conseguidora de fondos\u00bb. \u00abHic est crimen. \u00bfUbi sunt iudices?\u00bb (Aqu\u00ed est\u00e1 el delito. \u00bfD\u00f3nde est\u00e1n los jueces?)<\/a><\/p><\/blockquote>\n<p><iframe loading=\"lazy\" class=\"wp-embedded-content\" sandbox=\"allow-scripts\" security=\"restricted\" style=\"position: absolute; visibility: hidden;\" title=\"\u00abTR\u00c1FICO DE INFLUENCIAS EN EL CORAZ\u00d3N DE LA MONCLOA: \u00abBego; Conseguidora de fondos\u00bb. \u00abHic est crimen. \u00bfUbi sunt iudices?\u00bb (Aqu\u00ed est\u00e1 el delito. \u00bfD\u00f3nde est\u00e1n los jueces?)\u00bb \u2014 Punto Cr\u00edtico Derechos Humanos\" src=\"https:\/\/puntocritico.com\/ausajpuntocritico\/2024\/04\/08\/trafico-de-influencias-en-el-corazon-de-la-moncloa-bego-conseguidora\/embed\/#?secret=gx2SNQYSXX#?secret=ONcm3XyAxE\" data-secret=\"ONcm3XyAxE\" width=\"500\" height=\"282\" frameborder=\"0\" marginwidth=\"0\" marginheight=\"0\" scrolling=\"no\"><\/iframe><\/p>\n<blockquote class=\"wp-embedded-content\" data-secret=\"Hzooo9otzQ\"><p><a href=\"https:\/\/puntocritico.com\/ausajpuntocritico\/2022\/06\/13\/el-triunfo-de-la-mediocridad-por-jean-cau-2\/\">\u00abMEDIOCRACIA: Cuando los mediocres llegan al poder\u00bb. EL TRIUNFO DE LA MEDIOCRIDAD, por Jean Cau.<\/a><\/p><\/blockquote>\n<p><iframe loading=\"lazy\" class=\"wp-embedded-content\" sandbox=\"allow-scripts\" security=\"restricted\" style=\"position: absolute; visibility: hidden;\" title=\"\u00ab\u00abMEDIOCRACIA: Cuando los mediocres llegan al poder\u00bb. EL TRIUNFO DE LA MEDIOCRIDAD, por Jean Cau.\u00bb \u2014 Punto Cr\u00edtico Derechos Humanos\" src=\"https:\/\/puntocritico.com\/ausajpuntocritico\/2022\/06\/13\/el-triunfo-de-la-mediocridad-por-jean-cau-2\/embed\/#?secret=woLQaT8Bgv#?secret=Hzooo9otzQ\" data-secret=\"Hzooo9otzQ\" width=\"500\" height=\"282\" frameborder=\"0\" marginwidth=\"0\" marginheight=\"0\" scrolling=\"no\"><\/iframe><\/p>\n<blockquote class=\"wp-embedded-content\" data-secret=\"cZsL8JMx7Q\"><p><a href=\"https:\/\/puntocritico.com\/ausajpuntocritico\/2024\/02\/29\/carmen-calvo-y-la-acion-comisarial-en-la-universidad-espanola\/\">CARMEN CALVO Y LA ACCI\u00d3N COMISARIAL EN LA UNIVERSIDAD ESPA\u00d1OLA: La Universidad espa\u00f1ola, fraudulenta f\u00e1brica de Curriculums para el R\u00e9gimen del 78&#8242;<\/a><\/p><\/blockquote>\n<p><iframe loading=\"lazy\" class=\"wp-embedded-content\" sandbox=\"allow-scripts\" security=\"restricted\" style=\"position: absolute; visibility: hidden;\" title=\"\u00abCARMEN CALVO Y LA ACCI\u00d3N COMISARIAL EN LA UNIVERSIDAD ESPA\u00d1OLA: La Universidad espa\u00f1ola, fraudulenta f\u00e1brica de Curriculums para el R\u00e9gimen del 78&#8242;\u00bb \u2014 Punto Cr\u00edtico Derechos Humanos\" src=\"https:\/\/puntocritico.com\/ausajpuntocritico\/2024\/02\/29\/carmen-calvo-y-la-acion-comisarial-en-la-universidad-espanola\/embed\/#?secret=wkuwPnVb5N#?secret=cZsL8JMx7Q\" data-secret=\"cZsL8JMx7Q\" width=\"500\" height=\"282\" frameborder=\"0\" marginwidth=\"0\" marginheight=\"0\" scrolling=\"no\"><\/iframe><\/p>\n<blockquote class=\"wp-embedded-content\" data-secret=\"nX3lQYi43c\"><p><a href=\"https:\/\/puntocritico.com\/ausajpuntocritico\/2022\/09\/03\/fausto-1926-pelicula-de-f-w-murnau\/\">FAUSTO (1926) \u2013 Pel\u00edcula de F. W. Murnau<\/a><\/p><\/blockquote>\n<p><iframe loading=\"lazy\" class=\"wp-embedded-content\" sandbox=\"allow-scripts\" security=\"restricted\" style=\"position: absolute; visibility: hidden;\" title=\"\u00abFAUSTO (1926) \u2013 Pel\u00edcula de F. W. Murnau\u00bb \u2014 Punto Cr\u00edtico Derechos Humanos\" src=\"https:\/\/puntocritico.com\/ausajpuntocritico\/2022\/09\/03\/fausto-1926-pelicula-de-f-w-murnau\/embed\/#?secret=B4zjsWBhQ8#?secret=nX3lQYi43c\" data-secret=\"nX3lQYi43c\" width=\"500\" height=\"282\" frameborder=\"0\" marginwidth=\"0\" marginheight=\"0\" scrolling=\"no\"><\/iframe><\/p>\n<blockquote class=\"wp-embedded-content\" data-secret=\"wC9I1ZzvcB\"><p><a href=\"https:\/\/puntocritico.com\/ausajpuntocritico\/2024\/03\/04\/mascarillas-miedo-y-aviones\/\">MASCARILLAS, MIEDO Y AVIONES: Un negocio de 100.000 muertos<\/a><\/p><\/blockquote>\n<p><iframe loading=\"lazy\" class=\"wp-embedded-content\" sandbox=\"allow-scripts\" security=\"restricted\" style=\"position: absolute; visibility: hidden;\" title=\"\u00abMASCARILLAS, MIEDO Y AVIONES: Un negocio de 100.000 muertos\u00bb \u2014 Punto Cr\u00edtico Derechos Humanos\" src=\"https:\/\/puntocritico.com\/ausajpuntocritico\/2024\/03\/04\/mascarillas-miedo-y-aviones\/embed\/#?secret=eGCeASfGN1#?secret=wC9I1ZzvcB\" data-secret=\"wC9I1ZzvcB\" width=\"500\" height=\"282\" frameborder=\"0\" marginwidth=\"0\" marginheight=\"0\" scrolling=\"no\"><\/iframe><\/p>\n<blockquote class=\"wp-embedded-content\" data-secret=\"sGBpLIKOyb\"><p><a href=\"https:\/\/puntocritico.com\/ausajpuntocritico\/2024\/10\/30\/sociopatia-y-psicopatia-en-politica\/\">SOCIOPAT\u00cdA Y PSICOPAT\u00cdA EN POL\u00cdTICA: \u00abLos pol\u00edticos suelen aferrarse al poder como psic\u00f3patas\u00bb<\/a><\/p><\/blockquote>\n<p><iframe loading=\"lazy\" class=\"wp-embedded-content\" sandbox=\"allow-scripts\" security=\"restricted\" style=\"position: absolute; visibility: hidden;\" title=\"\u00abSOCIOPAT\u00cdA Y PSICOPAT\u00cdA EN POL\u00cdTICA: \u00abLos pol\u00edticos suelen aferrarse al poder como psic\u00f3patas\u00bb\u00bb \u2014 Punto Cr\u00edtico Derechos Humanos\" src=\"https:\/\/puntocritico.com\/ausajpuntocritico\/2024\/10\/30\/sociopatia-y-psicopatia-en-politica\/embed\/#?secret=jRYJ80CCdh#?secret=sGBpLIKOyb\" data-secret=\"sGBpLIKOyb\" width=\"500\" height=\"282\" frameborder=\"0\" marginwidth=\"0\" marginheight=\"0\" scrolling=\"no\"><\/iframe><\/p>\n<blockquote class=\"wp-embedded-content\" data-secret=\"NSgJ0nKjj8\"><p><a href=\"https:\/\/puntocritico.com\/ausajpuntocritico\/2020\/10\/06\/lideres-ciegos-guiando-a-ciegos-por-jiddu-krishnamurti\/\">L\u00cdDERES: CIEGOS GUIANDO A CIEGOS, por Jiddu Krishnamurti<\/a><\/p><\/blockquote>\n<p><iframe loading=\"lazy\" class=\"wp-embedded-content\" sandbox=\"allow-scripts\" security=\"restricted\" style=\"position: absolute; visibility: hidden;\" title=\"\u00abL\u00cdDERES: CIEGOS GUIANDO A CIEGOS, por Jiddu Krishnamurti\u00bb \u2014 Punto Cr\u00edtico Derechos Humanos\" src=\"https:\/\/puntocritico.com\/ausajpuntocritico\/2020\/10\/06\/lideres-ciegos-guiando-a-ciegos-por-jiddu-krishnamurti\/embed\/#?secret=kOlvFXr8zk#?secret=NSgJ0nKjj8\" data-secret=\"NSgJ0nKjj8\" width=\"500\" height=\"282\" frameborder=\"0\" marginwidth=\"0\" marginheight=\"0\" scrolling=\"no\"><\/iframe><\/p>\n<p>&nbsp;<\/p>\n<p><a href=\"https:\/\/puntocritico.com\/ausajpuntocritico\/author\/punto-critico\/\"><img loading=\"lazy\" decoding=\"async\" class=\"aligncenter wp-image-9528\" src=\"https:\/\/puntocritico.com\/ausajpuntocritico\/wp-content\/uploads\/2018\/03\/Mosca_Punto_Cr\u00edtico_40.png\" alt=\"\" width=\"80\" height=\"80\" data-id=\"9528\" \/><\/a><\/p>\n<p>&nbsp;<\/p>\n","protected":false},"excerpt":{"rendered":"<div class=\"mh-excerpt\"><p>Quod natura non dat pol\u00edtica non presta &nbsp; La enfermedad de la angustia Rene Gu\u00e9non &nbsp; \u00abAlgunos, como hemos dicho, no se limitan a hablar de \u00abinquietud\u00bb, sino que llegan incluso a hablar de \u00abangustia\u00bb, <a class=\"mh-excerpt-more\" href=\"https:\/\/puntocritico.com\/ausajpuntocritico\/2024\/11\/27\/quod-natura-non-dat-politica-non-presta\/\" title=\"\u00abQUOD NATURA NON DAT POL\u00cdTICA NON PRESTA\u00bb, por Celso Arango. \u00abEl asalto a lo acad\u00e9mico cubre el vac\u00edo que sobreviene al pol\u00edtico que solo tiene el cargo, cuando \u00e9ste desaparece\u00bb\">[&#8230;]<\/a><\/p>\n<\/div>","protected":false},"author":3,"featured_media":2303884,"comment_status":"closed","ping_status":"closed","sticky":false,"template":"","format":"standard","meta":{"_acf_changed":false,"_exactmetrics_skip_tracking":false,"_exactmetrics_sitenote_active":false,"_exactmetrics_sitenote_note":"","_exactmetrics_sitenote_category":0,"footnotes":""},"categories":[7],"tags":[141],"class_list":{"0":"post-2303872","1":"post","2":"type-post","3":"status-publish","4":"format-standard","5":"has-post-thumbnail","7":"category-politica","8":"tag-rene-guenon"},"acf":[],"_links":{"self":[{"href":"https:\/\/puntocritico.com\/ausajpuntocritico\/wp-json\/wp\/v2\/posts\/2303872","targetHints":{"allow":["GET"]}}],"collection":[{"href":"https:\/\/puntocritico.com\/ausajpuntocritico\/wp-json\/wp\/v2\/posts"}],"about":[{"href":"https:\/\/puntocritico.com\/ausajpuntocritico\/wp-json\/wp\/v2\/types\/post"}],"author":[{"embeddable":true,"href":"https:\/\/puntocritico.com\/ausajpuntocritico\/wp-json\/wp\/v2\/users\/3"}],"replies":[{"embeddable":true,"href":"https:\/\/puntocritico.com\/ausajpuntocritico\/wp-json\/wp\/v2\/comments?post=2303872"}],"version-history":[{"count":0,"href":"https:\/\/puntocritico.com\/ausajpuntocritico\/wp-json\/wp\/v2\/posts\/2303872\/revisions"}],"wp:featuredmedia":[{"embeddable":true,"href":"https:\/\/puntocritico.com\/ausajpuntocritico\/wp-json\/wp\/v2\/media\/2303884"}],"wp:attachment":[{"href":"https:\/\/puntocritico.com\/ausajpuntocritico\/wp-json\/wp\/v2\/media?parent=2303872"}],"wp:term":[{"taxonomy":"category","embeddable":true,"href":"https:\/\/puntocritico.com\/ausajpuntocritico\/wp-json\/wp\/v2\/categories?post=2303872"},{"taxonomy":"post_tag","embeddable":true,"href":"https:\/\/puntocritico.com\/ausajpuntocritico\/wp-json\/wp\/v2\/tags?post=2303872"}],"curies":[{"name":"wp","href":"https:\/\/api.w.org\/{rel}","templated":true}]}}