{"id":2303763,"date":"2024-11-25T00:05:54","date_gmt":"2024-11-24T23:05:54","guid":{"rendered":"https:\/\/puntocritico.com\/ausajpuntocritico\/?p=2303763"},"modified":"2024-11-24T23:11:57","modified_gmt":"2024-11-24T22:11:57","slug":"el-dilema-moral-de-la-izquierda","status":"publish","type":"post","link":"https:\/\/puntocritico.com\/ausajpuntocritico\/2024\/11\/25\/el-dilema-moral-de-la-izquierda\/","title":{"rendered":"EL DILEMA MORAL DE LA IZQUIERDA: \u00abLos esclavos felices\u00bb y \u00abLos Se\u00f1ores del Relato\u00bb"},"content":{"rendered":"<p style=\"text-align: justify;\"><span style=\"font-size: 14pt; color: #008000;\">EL DILEMA MORAL DE LA IZQUIERDA<\/span><\/p>\n\n<p>&nbsp;<\/p>\n<p style=\"text-align: right;\"><em><span style=\"color: #008000; font-size: 14pt;\">Os repugna admitir que Dios pueda, como nosotros, hacer suya la causa de otro. <\/span><\/em><\/p>\n<p style=\"text-align: right;\"><em><span style=\"color: #008000; font-size: 14pt;\">\u00ab\u00bfPero abrazar\u00eda Dios la causa de la verdad, si no fuese \u00e9l mismo la verdad?\u00bb <\/span><\/em><\/p>\n<p style=\"text-align: right;\"><em><span style=\"color: #008000; font-size: 14pt;\">Dios no se ocupa m\u00e1s que de su causa<\/span><\/em><\/p>\n<p style=\"text-align: right;\"><a href=\"https:\/\/puntocritico.com\/ausajpuntocritico\/2021\/07\/26\/el-unico-y-su-propiedad-por-max-stirner\/\"><em><span style=\"color: #008000; font-size: 14pt;\">Max Stirner, \u00abEl \u00danico y su Propiedad\u00bb<\/span><\/em><\/a><\/p>\n<p>&nbsp;<\/p>\n<blockquote>\n<p style=\"text-align: right;\"><span style=\"color: #008000;\"><em><span style=\"font-size: 14pt;\">\u00abCon esta sucesi\u00f3n de calamidades de toda \u00edndole de las que estamos siendo testigos un a\u00f1o tras otro, con medios de comunicaci\u00f3n y autoridades haci\u00e9ndonos luz de gas mientras \u2014pese a disponer de m\u00e1s informaci\u00f3n que nunca\u2014 a\u00a0duras penas logramos entender qu\u00e9 es lo que ocurre a nuestro alrededor:<\/span><\/em><\/span><\/p>\n<p style=\"text-align: right;\"><span style=\"color: #008000;\"><em><span style=\"font-size: 14pt;\">An\u00e9cdotas irrisorias ocupan portadas y se analizan con gravedad circunspecta al tiempo que atrocidades reales pasan a segundo plano, resulta constante la sospecha de que las razones que se esgrimen p\u00fablica y oficialmente no son las verdaderas. <\/span><\/em><\/span><\/p>\n<p style=\"text-align: right;\"><span style=\"color: #008000;\"><em><span style=\"font-size: 14pt;\">La propaganda es furiosa y habr\u00eda que estar muy loco para no ser conspiranoico\u00bb<\/span><\/em><\/span><\/p>\n<p style=\"text-align: right;\"><span style=\"color: #008000;\"><a style=\"color: #008000;\" href=\"https:\/\/puntocritico.com\/ausajpuntocritico\/2023\/08\/03\/los-tentaculos-mediaticos-de-soros\/\"><span style=\"font-size: 14pt;\">Javier Bilbao<\/span><\/a><\/span><\/p>\n<\/blockquote>\n<p style=\"text-align: justify;\">\u00a0<\/p>\n<blockquote>\n<h2 class=\"tno-subjetivo-single__article__header__title\" style=\"text-align: center;\"><span style=\"font-size: 24pt;\">Los esclavos felices<\/span><\/h2>\n<p class=\"tno-subjetivo-single__article__header__excerpt\" style=\"text-align: center;\"><em><strong><span style=\"font-size: 14pt;\">\u00abEn el actual periodo de autocracia creciente y pasividad irreductible, que afecta incluso a la oposici\u00f3n, ya no hay nada que justifique los abusos del Gobierno\u00bb<\/span><\/strong><\/em><\/p>\n<p style=\"text-align: justify;\"><span style=\"font-size: 14pt;\">Por F\u00e9lix de Az\u00faa<\/span><\/p>\n<p style=\"text-align: justify;\"><span style=\"font-size: 14pt;\"><a href=\"https:\/\/theobjective.com\/elsubjetivo\/opinion\/2024-11-23\/los-esclavos-felices\/\" target=\"_blank\" rel=\"noopener\">The Objective<\/a>, 23 NOV 2024<\/span><\/p>\n<figure id=\"attachment_2303764\" aria-describedby=\"caption-attachment-2303764\" style=\"width: 480px\" class=\"wp-caption aligncenter\"><img loading=\"lazy\" decoding=\"async\" class=\"wp-image-2303764\" src=\"https:\/\/puntocritico.com\/ausajpuntocritico\/wp-content\/uploads\/2024\/11\/Esclavos-felices-300x169.webp\" alt=\"\" width=\"480\" height=\"270\" srcset=\"https:\/\/puntocritico.com\/ausajpuntocritico\/wp-content\/uploads\/2024\/11\/Esclavos-felices-300x169.webp 300w, https:\/\/puntocritico.com\/ausajpuntocritico\/wp-content\/uploads\/2024\/11\/Esclavos-felices-1024x576.webp 1024w, https:\/\/puntocritico.com\/ausajpuntocritico\/wp-content\/uploads\/2024\/11\/Esclavos-felices-768x432.webp 768w, https:\/\/puntocritico.com\/ausajpuntocritico\/wp-content\/uploads\/2024\/11\/Esclavos-felices-678x381.webp 678w, https:\/\/puntocritico.com\/ausajpuntocritico\/wp-content\/uploads\/2024\/11\/Esclavos-felices.webp 1200w\" sizes=\"auto, (max-width: 480px) 100vw, 480px\" \/><figcaption id=\"caption-attachment-2303764\" class=\"wp-caption-text\"><span style=\"color: #008000;\">Ilustraci\u00f3n de Alejandra Svriz <\/span><\/figcaption><\/figure>\n<p>&nbsp;<\/p>\n<p style=\"text-align: justify;\"><span style=\"font-size: 14pt;\">Una de las rarezas m\u00e1s desconcertantes de nuestros \u00faltimos seis a\u00f1os es <strong>la mansedumbre con la que se aceptan los abusos, los enga\u00f1os, las mentiras, las traiciones y las corrupciones del Gobierno socialista<\/strong>. Es un efecto de la tiran\u00eda que ya nos tuvo sumamente confusos durante los inacabables tiempos de Franco. \u00bfC\u00f3mo pod\u00eda ser que tanta gente aceptara el yugo?<\/span><\/p>\n<p style=\"text-align: justify;\"><span style=\"font-size: 14pt;\"><strong>El problema de la <a href=\"https:\/\/puntocritico.com\/ausajpuntocritico\/2024\/03\/20\/la-servidumbre-voluntaria-por-esteban-de-la-boetie-republicado\/\">servidumbre voluntaria<\/a> est\u00e1 presente en la pol\u00edtica mundial desde, por lo menos, las reflexiones de <a href=\"https:\/\/puntocritico.com\/ausajpuntocritico\/2022\/09\/12\/es-posible-establecer-un-estado-libre-en-un-pais-corrupto-por-nicolas-maquiavelo-2\/\">Maquiavelo<\/a><\/strong>. Fue el primero en afirmar que los enga\u00f1os y la violencia sol\u00edan tener mejores resultados pol\u00edticos que el buen juicio y la honradez. No porque as\u00ed lo deseara, sino por una particular concepci\u00f3n de los humanos como incorregibles y eternamente corruptos. Hijos del pecado original.<\/span><\/p>\n<p style=\"text-align: justify;\"><span style=\"font-size: 14pt;\">Hay una masa considerable de partidarios de la\u00a0<a href=\"https:\/\/theobjective.com\/elsubjetivo\/opinion\/2024-11-16\/recordar-rematar-guerra-civil\/\" target=\"_blank\" rel=\"noopener\" data-schema-attribute=\"\">dictadura<\/a>\u00a0(o en nuestro caso de la autocracia) que son simplemente indiferentes al aparato pol\u00edtico. En sus zonas ilustradas son nihilistas, no creen que los humanos puedan perfeccionarse o progresar. Est\u00e1n sumamente ocupados por su trabajo, la vida dom\u00e9stica, sobrevivir, o simplemente no atender m\u00e1s que a lo inmediato.\u00a0<strong>Son indiferentes esenciales y s\u00f3lo se mover\u00e1n cuando las decisiones de los pol\u00edticos provoquen su ruina<\/strong>.<\/span><\/p>\n<p>&nbsp;<\/p>\n<p><img loading=\"lazy\" decoding=\"async\" class=\"aligncenter wp-image-2303798 size-medium\" src=\"https:\/\/puntocritico.com\/ausajpuntocritico\/wp-content\/uploads\/2024\/11\/Los-esclavos-felices-2-300x300.png\" alt=\"\" width=\"300\" height=\"300\" srcset=\"https:\/\/puntocritico.com\/ausajpuntocritico\/wp-content\/uploads\/2024\/11\/Los-esclavos-felices-2-300x300.png 300w, https:\/\/puntocritico.com\/ausajpuntocritico\/wp-content\/uploads\/2024\/11\/Los-esclavos-felices-2-150x150.png 150w, https:\/\/puntocritico.com\/ausajpuntocritico\/wp-content\/uploads\/2024\/11\/Los-esclavos-felices-2.png 720w\" sizes=\"auto, (max-width: 300px) 100vw, 300px\" \/><\/p>\n<\/blockquote>\n<blockquote>\n<p>&nbsp;<\/p>\n<p style=\"text-align: justify;\"><span style=\"font-size: 14pt;\"><strong>Hay una segunda masa, mucho menor, que es la de los que se enriquecen con la dictadura o la cleptocracia.<\/strong>\u00a0Algunos de modo il\u00edcito, como quienes rodean al actual Gobierno, y otros de un modo que podr\u00edamos denominar \u00abnatural\u00bb. Son empresarios que se arriman al poder y hacen lo que \u00e9ste les ordena, como los medios de comunicaci\u00f3n sumisos al Gobierno o los empleados que ven posibilidades de ascenso. Aquellos que usan el poder para enriquecerse siempre se justifican diciendo que, si no se enriquecen ellos, otros lo aprovechar\u00e1n.<\/span><\/p>\n<p>&nbsp;<\/p>\n<\/blockquote>\n<blockquote class=\"wp-block-quote is-layout-flow wp-block-quote-is-layout-flow\">\n<p style=\"text-align: center;\"><span style=\"font-size: 14pt; color: #008000;\"><strong>\u00abEste es sin duda el periodo m\u00e1s c\u00ednico de la pol\u00edtica espa\u00f1ola desde Franco\u00bb<\/strong><\/span><\/p>\n<\/blockquote>\n<blockquote>\n<p>&nbsp;<\/p>\n<p style=\"text-align: justify;\"><span style=\"font-size: 14pt;\">Y hay una tercera masa, la m\u00e1s peque\u00f1a, que protesta y maldice de los gobiernos y sus abusos, pero que son incapaces de llevar a cabo la menor acci\u00f3n contra los due\u00f1os del poder. Esta peque\u00f1a masa puede crecer y ser muy grande, como en tiempos de Franco, si se une a la de los que prosperan de cualquier modo.\u00a0<strong>El desarrollo econ\u00f3mico del franquismo lo mantuvo en el poder hasta la muerte del dictador, a pesar de la impopularidad masiva del caudillo<\/strong>. Maldec\u00edan de <strong>Franco<\/strong>, pero le obedec\u00edan.<\/span><\/p>\n<p style=\"text-align: justify;\"><span style=\"font-size: 14pt;\">En nuestro actual periodo de autocracia creciente y pasividad irreductible, que afecta incluso a los partidos de la oposici\u00f3n, ya no hay nada que justifique los abusos del Gobierno. Los socialistas han liberado y honrado a los herederos del terrorismo vasco, a los golpistas catalanes, han absorbido los restos del comunismo y del fanatismo cancelador, y acaban de blanquear y sumarse a los partidos de extrema derecha europeos a cambio de un sill\u00f3n.\u00a0<strong>No queda guarida alguna de esta pol\u00edtica nefasta que no haya aprovechado, mediante mentiras y sobornos, el actual partido socialista.\u00a0<\/strong>Es sin duda el periodo m\u00e1s c\u00ednico de la pol\u00edtica espa\u00f1ola desde Franco.<\/span><\/p>\n<p style=\"text-align: justify;\"><span style=\"font-size: 14pt;\">En este peculiar caso de esclavitud voluntaria se suman los beneficiados del tercer grupo, que protestan, pero son impotentes; los del segundo que aceptan las cadenas a cambio de dinero o privilegios; y los del primero, habituados a obedecer durante siglos a la iglesia, luego a Franco y ahora a quien mande; s\u00f3lo se despiertan cuando sus vidas se vienen abajo. Es lo que le sucedi\u00f3 al descompuesto marido de Bego\u00f1a cuando tuvo que salir huyendo de Valencia porque le arrojaban ca\u00f1as y barro.\u00a0<strong>Sin embargo, s\u00f3lo con eso no se derriba a un aut\u00f3crata rodeado de ladrones a su servicio<\/strong>.<\/span><\/p>\n<\/blockquote>\n<p>&nbsp;<\/p>\n<p><a href=\"https:\/\/puntocritico.com\/ausajpuntocritico\/2022\/05\/21\/todos-los-hombres-del-presidente\/\"><img loading=\"lazy\" decoding=\"async\" class=\"aligncenter wp-image-9183\" src=\"https:\/\/puntocritico.com\/ausajpuntocritico\/wp-content\/uploads\/2018\/02\/Todos-2-los-hombres-del-Presidente-1976-2-260x300.jpg\" alt=\"\" width=\"280\" height=\"323\" srcset=\"https:\/\/puntocritico.com\/ausajpuntocritico\/wp-content\/uploads\/2018\/02\/Todos-2-los-hombres-del-Presidente-1976-2-260x300.jpg 260w, https:\/\/puntocritico.com\/ausajpuntocritico\/wp-content\/uploads\/2018\/02\/Todos-2-los-hombres-del-Presidente-1976-2-768x887.jpg 768w, https:\/\/puntocritico.com\/ausajpuntocritico\/wp-content\/uploads\/2018\/02\/Todos-2-los-hombres-del-Presidente-1976-2-887x1024.jpg 887w, https:\/\/puntocritico.com\/ausajpuntocritico\/wp-content\/uploads\/2018\/02\/Todos-2-los-hombres-del-Presidente-1976-2.jpg 961w\" sizes=\"auto, (max-width: 280px) 100vw, 280px\" \/><\/a><\/p>\n<p style=\"text-align: center;\"><span style=\"color: #008000;\"><strong><span style=\"font-size: 18pt;\">*******<\/span><\/strong><\/span><\/p>\n<figure id=\"attachment_2231347\" aria-describedby=\"caption-attachment-2231347\" style=\"width: 512px\" class=\"wp-caption aligncenter\"><img loading=\"lazy\" decoding=\"async\" class=\"wp-image-2231347 size-full\" src=\"https:\/\/puntocritico.com\/ausajpuntocritico\/wp-content\/uploads\/2021\/10\/LUIS-ROLDAN-la-corrupcion-del-Partido-Sociopata-en-la-cima-de-la-Guardia-Civil.jpg\" alt=\"\" width=\"512\" height=\"325\" srcset=\"https:\/\/puntocritico.com\/ausajpuntocritico\/wp-content\/uploads\/2021\/10\/LUIS-ROLDAN-la-corrupcion-del-Partido-Sociopata-en-la-cima-de-la-Guardia-Civil.jpg 512w, https:\/\/puntocritico.com\/ausajpuntocritico\/wp-content\/uploads\/2021\/10\/LUIS-ROLDAN-la-corrupcion-del-Partido-Sociopata-en-la-cima-de-la-Guardia-Civil-300x190.jpg 300w\" sizes=\"auto, (max-width: 512px) 100vw, 512px\" \/><figcaption id=\"caption-attachment-2231347\" class=\"wp-caption-text\"><span style=\"color: #008000;\">TOMA DE POSESI\u00d3N DIRECTOR GENERAL GUARDIA CIVIL: Madrid, 4-11-1986.-<a href=\"https:\/\/es.wikipedia.org\/wiki\/Luis_Rold%C3%A1n_Ib%C3%A1%C3%B1ez\" target=\"_blank\" rel=\"noopener\" data-schema-attribute=\"\"> Luis Rold\u00e1n Ib\u00e1\u00f1ez<\/a>, primer civil que accede a la Direcci\u00f3n de la Guardia Civil desde su creaci\u00f3n en 1884, tom\u00f3 posesi\u00f3n de su cargo en un acto que tuvo lugar el cuartel general del Cuerpo. Rold\u00e1n, de 43 a\u00f1os, fue designado Director de la Guardia Civil, con la categor\u00eda administrativa de subsecretario, en sustituci\u00f3n del teniente general S\u00e1enz de Santamar\u00eda. EFE\/aa<\/span><\/figcaption><\/figure>\n<p style=\"text-align: center;\"><span style=\"color: #008000;\"><strong><span style=\"font-size: 18pt;\">*******<\/span><\/strong><\/span><\/p>\n<h2 class=\"voc-title\" style=\"text-align: center;\"><span style=\"font-size: 24pt;\">EL DILEMA MORAL DE LA IZQUIERDA<\/span><\/h2>\n<div class=\"voc-info-container\">\n<p class=\"voc-subtitle\" style=\"text-align: center;\"><em><strong><span style=\"font-size: 14pt;\">Cuando la pol\u00edtica se convierte en una subasta, deja de servir a su principal objetivo. Se transforma en un instrumento al servicio del dirigente y no de los ciudadanos.<\/span><\/strong><\/em><\/p>\n<p style=\"text-align: center;\"><em><strong><span style=\"font-size: 14pt;\">La cuesti\u00f3n que suscita la forma de gobernar de S\u00e1nchez es si el objetivo de cerrar el paso a la ultraderecha justifica la corrupci\u00f3n, el nepotismo y el caudillismo que impregnan su liderazgo<\/span><\/strong><\/em><\/p>\n<p style=\"text-align: justify;\"><span style=\"font-size: 14pt;\">Por Pedro Garc\u00eda Cuartango<\/span><\/p>\n<p style=\"text-align: justify;\"><span style=\"font-size: 14pt;\"><a href=\"https:\/\/www.abc.es\/opinion\/pedro-garcia-cuartango-dilema-moral-izquierda-20241124193146-nt.html\" target=\"_blank\" rel=\"noopener\">ABC<\/a>, 24 NOV 2024<\/span><\/p>\n<p><figure id=\"attachment_2303789\" aria-describedby=\"caption-attachment-2303789\" style=\"width: 180px\" class=\"wp-caption aligncenter\"><img loading=\"lazy\" decoding=\"async\" class=\"wp-image-2303789\" src=\"https:\/\/puntocritico.com\/ausajpuntocritico\/wp-content\/uploads\/2024\/11\/TERCERAABC_Eldilema_CUARTANGO-Rm5JEK6DAmuqBXCqtrdRFEN-350x624@diario_abc-168x300.webp\" alt=\"EL DILEMA MORAL DE LA IZQUIERDA\" width=\"180\" height=\"321\" srcset=\"https:\/\/puntocritico.com\/ausajpuntocritico\/wp-content\/uploads\/2024\/11\/TERCERAABC_Eldilema_CUARTANGO-Rm5JEK6DAmuqBXCqtrdRFEN-350x624@diario_abc-168x300.webp 168w, https:\/\/puntocritico.com\/ausajpuntocritico\/wp-content\/uploads\/2024\/11\/TERCERAABC_Eldilema_CUARTANGO-Rm5JEK6DAmuqBXCqtrdRFEN-350x624@diario_abc.webp 350w\" sizes=\"auto, (max-width: 180px) 100vw, 180px\" \/><figcaption id=\"caption-attachment-2303789\" class=\"wp-caption-text\"><span style=\"color: #008000;\">Carbajo&amp;Rojo<\/span><\/figcaption><\/figure>\n<\/div>\n<p style=\"text-align: justify;\">\u00a0<\/p>\n<blockquote>\n<p class=\"voc-p\" style=\"text-align: center;\"><strong><span style=\"font-size: 14pt; color: #008000;\">En un debate en televisi\u00f3n en las elecciones de 2015, Pedro S\u00e1nchez le dijo a Rajoy: \u00ab<em>Yo le advierto que, si usted sigue siendo presidente del Gobierno, el coste para nuestra democracia ser\u00e1 enorme<\/em>\u00bb.<\/span><\/strong><\/p>\n<\/blockquote>\n<p>&nbsp;<\/p>\n<p style=\"text-align: justify;\"><span style=\"font-size: 14pt;\">En un debate en televisi\u00f3n en las elecciones de 2015, <strong>Pedro S\u00e1nchez<\/strong> le dijo a <strong>Rajoy<\/strong>: \u00ab<em>Yo le advierto que, si usted sigue siendo presidente del Gobierno, el coste para nuestra democracia ser\u00e1 enorme<\/em>\u00bb.\u00a0<\/span><span style=\"font-size: 14pt;\">El candidato socialista explic\u00f3 que la corrupci\u00f3n en el PP y <a title=\"personajes como B\u00e1rcenas exig\u00edan que Rajoy\" href=\"https:\/\/www.abc.es\/espana\/rajoy-cospedal-testificar-juicio-operacion-kitchen-20240904224510-nt.html\" target=\"_blank\" rel=\"noopener\" data-voc-vtm-id=\"in-text-traffic\" data-mrf-link=\"www.abc.es\" data-schema-attribute=\"\">personajes como B\u00e1rcenas exig\u00edan que Rajoy<\/a>\u00a0dejara el cargo. <strong>Ha llegado el momento en el que S\u00e1nchez deber\u00eda aplicarse el rasero que \u00e9l estableci\u00f3 con su adversario pol\u00edtico<\/strong>. Pero todos sabemos que no lo har\u00e1. <\/span><\/p>\n<p style=\"text-align: justify;\"><span style=\"font-size: 14pt;\">Como afirm\u00f3 <strong><a href=\"https:\/\/puntocritico.com\/ausajpuntocritico\/2024\/02\/29\/carmen-calvo-y-la-acion-comisarial-en-la-universidad-espanola\/\">Carmen Calvo<\/a><\/strong>, una cosa es lo que se dice en la oposici\u00f3n y otra lo que hace cuando se est\u00e1 en el poder. <strong>S\u00e1nchez<\/strong> no va a dimitir, pero es el responsable pol\u00edtico de la corrupci\u00f3n en el PSOE. Personajes como <strong>\u00c1balos<\/strong>, <strong>Koldo<\/strong> y <strong>Aldama<\/strong> no surgieron de la nada. Fueron el producto de un ecosistema. Nada de lo que hicieron hubiera sido posible sin\u00a0<\/span><span style=\"font-size: 14pt;\">el desmantelamiento de los controles, la colocaci\u00f3n de amigos en las agencias gubernamentales y el sector p\u00fablico, la fagocitaci\u00f3n de las instituciones y la demonizaci\u00f3n del poder judicial. <strong>Los tres son criaturas del l\u00edder socialista<\/strong>. Que hubieran actuado sin su conocimiento no disminuir\u00eda su responsabilidad.<\/span><\/p>\n<p>&nbsp;<\/p>\n<figure id=\"attachment_2222334\" aria-describedby=\"caption-attachment-2222334\" style=\"width: 480px\" class=\"wp-caption aligncenter\"><img loading=\"lazy\" decoding=\"async\" class=\"wp-image-2222334\" src=\"https:\/\/puntocritico.com\/ausajpuntocritico\/wp-content\/uploads\/2021\/08\/Abalos-real-state-300x187.jpg\" alt=\"\" width=\"480\" height=\"299\" srcset=\"https:\/\/puntocritico.com\/ausajpuntocritico\/wp-content\/uploads\/2021\/08\/Abalos-real-state-300x187.jpg 300w, https:\/\/puntocritico.com\/ausajpuntocritico\/wp-content\/uploads\/2021\/08\/Abalos-real-state-768x479.jpg 768w, https:\/\/puntocritico.com\/ausajpuntocritico\/wp-content\/uploads\/2021\/08\/Abalos-real-state-610x380.jpg 610w, https:\/\/puntocritico.com\/ausajpuntocritico\/wp-content\/uploads\/2021\/08\/Abalos-real-state.jpg 797w\" sizes=\"auto, (max-width: 480px) 100vw, 480px\" \/><figcaption id=\"caption-attachment-2222334\" class=\"wp-caption-text\"><span style=\"color: #008000;\">\u00c1balos, un pol\u00edtico vers\u00e1til. Aqu\u00ed, disfrazado de Harvey Weinstein <\/span><\/figcaption><\/figure>\n<p>&nbsp;<\/p>\n<p class=\"voc-p\" style=\"text-align: justify;\"><span style=\"font-size: 14pt;\">E<\/span><span style=\"font-size: 14pt;\">l estallido de este \u00faltimo esc\u00e1ndalo nos lleva al n\u00facleo de la cuesti\u00f3n, que no es otro que la forma en la que <strong>S\u00e1nchez<\/strong> ejerce el poder. H<strong>a traicionado sus promesas, ha incumplido su palabra y ha actuado no por principios, sino para sobrevivir pol\u00edticamente<\/strong>. <strong>Es un dirigente que gobierna sin ideolog\u00eda y cuyo \u00fanico objetivo es alargar su estancia en La Moncloa<\/strong>. Podr\u00e1 argumentarse que los gobernantes est\u00e1n obligados a actuar con pragmatismo e incluso, en algunas ocasiones, con <em>maquiavelismo<\/em>. Pero en ning\u00fan lugar est\u00e1 escrito que puedan hacerlo al margen de la \u00e9tica y de los principios. Cuando la pol\u00edtica se convierte en una subasta, deja de servir a su principal objetivo. Se transforma en un instrumento al servicio del dirigente y no de los ciudadanos.<\/span><\/p>\n<p>&nbsp;<\/p>\n<blockquote>\n<p style=\"text-align: center;\"><strong><span style=\"color: #008000;\"><span style=\"font-size: 14pt;\">Personajes como \u00c1balos, Koldo y Aldama no surgieron de la nada. Fueron el producto de un ecosistema. Nada de lo que hicieron hubiera sido posible sin\u00a0<\/span><span style=\"font-size: 14pt;\">el desmantelamiento de los controles, la colocaci\u00f3n de amigos en las agencias gubernamentales y el sector p\u00fablico, la fagocitaci\u00f3n de las instituciones y la demonizaci\u00f3n del poder judicial<\/span><\/span><\/strong><\/p>\n<\/blockquote>\n<p>&nbsp;<\/p>\n<p class=\"voc-p\" style=\"text-align: justify;\"><span style=\"font-size: 14pt;\">El profesor <strong>Jos\u00e9 Mar\u00eda Valverde<\/strong> escribi\u00f3 en una pizarra en solidaridad con los profesores expulsados por <strong>Franco<\/strong>: \u00ab<em><strong>Nulla aestetica sine ethica<\/strong><\/em>\u00bb. Como ya subrayaba <strong>Valle-Incl\u00e1n<\/strong>, <strong>la \u00e9tica es el fundamento de la est\u00e9tica<\/strong>. <strong>S\u00e1nchez<\/strong> no s\u00f3lo gobierna con una lamentable ausencia de \u00e9tica, sino que, adem\u00e1s, carece de sentido de la est\u00e9tica. Lo que le funciona bien son los relatos que fabrica su aparato de asesores y la propaganda de los medios afines.<\/span><\/p>\n<p class=\"voc-p\" style=\"text-align: justify;\"><span style=\"font-size: 14pt;\"><strong>La izquierda hist\u00f3ricamente ha abrazado las causas del progreso, la igualdad y la libertad<\/strong>. Frente a la derecha, siempre ha defendido la utop\u00eda como motor de la historia. Pero ahora <strong>S\u00e1nchez<\/strong> se ha instalado en el pragmatismo m\u00e1s descarnado con la justificaci\u00f3n de que trata de cerrar el paso a la ultraderecha y a una involuci\u00f3n democr\u00e1tica. <strong>Su discurso cae por su peso cuando observamos los esc\u00e1ndalos que le rodean, la amnist\u00eda, los pactos con Bildu, ERC y Junts, la financiaci\u00f3n privilegiada para Catalu\u00f1a, sus reformas legales y su falta de respeto a la separaci\u00f3n de poderes<\/strong>. Ha llegado incluso a designar a dos subordinados en el Tribunal Constitucional tras cambiar sus reglas de juego. Nada lo detiene a la hora de aumentar su poder, de suerte que la democracia parlamentaria que establece la <em>Constituci\u00f3n<\/em> ha derivado en presidencialismo. El Congreso, el PSOE y la Administraci\u00f3n del Estado son ap\u00e9ndices que maneja <strong>S\u00e1nchez<\/strong> en funci\u00f3n de sus intereses. La pregunta es inevitable: \u00bfvale la pena la &#8216;<em>realpolitik<\/em>&#8216; y la renuncia a los principios para seguir en el poder? Esta es la cuesti\u00f3n que deber\u00edan responder sus socios de Gobierno y, particularmente, <strong><a href=\"https:\/\/puntocritico.com\/ausajpuntocritico\/2023\/07\/26\/la-burguesia-vota-a-sumar\/\">Sumar<\/a><\/strong>.<\/span><\/p>\n<p>&nbsp;<\/p>\n<blockquote>\n<p style=\"text-align: center;\"><strong><span style=\"font-size: 14pt; color: #008000;\">Ha llegado incluso a designar a dos subordinados en el Tribunal Constitucional tras cambiar sus reglas de juego. Nada lo detiene a la hora de aumentar su poder, de suerte que la democracia parlamentaria que establece la Constituci\u00f3n ha derivado en presidencialismo<\/span><\/strong><\/p>\n<\/blockquote>\n<p>&nbsp;<\/p>\n<p class=\"voc-p\" style=\"text-align: justify;\"><span style=\"font-size: 14pt;\"><strong>El debate sobre el conflicto entre las ideas y los intereses ya se plante\u00f3 en Grecia<\/strong>. Permea la historia. Pero, por no remontarnos mucho m\u00e1s atr\u00e1s, <strong>la emergencia del nacionalsocialismo y del fascismo italiano supuso un crudo triunfo de la l\u00f3gica de la fuerza sobre los valores morales que sustentan la democracia<\/strong>.<\/span><\/p>\n<p>&nbsp;<\/p>\n<p><a href=\"https:\/\/puntocritico.com\/ausajpuntocritico\/2022\/08\/29\/como-mueren-las-democracias\/#COMO_MUEREN_LAS_DEMOCRACIAS\"><img loading=\"lazy\" decoding=\"async\" class=\"aligncenter wp-image-2255482\" src=\"https:\/\/puntocritico.com\/ausajpuntocritico\/wp-content\/uploads\/2022\/08\/No-Future-PPAL-300x202.jpg\" alt=\"\" width=\"440\" height=\"296\" srcset=\"https:\/\/puntocritico.com\/ausajpuntocritico\/wp-content\/uploads\/2022\/08\/No-Future-PPAL-300x202.jpg 300w, https:\/\/puntocritico.com\/ausajpuntocritico\/wp-content\/uploads\/2022\/08\/No-Future-PPAL-610x411.jpg 610w, https:\/\/puntocritico.com\/ausajpuntocritico\/wp-content\/uploads\/2022\/08\/No-Future-PPAL.jpg 671w\" sizes=\"auto, (max-width: 440px) 100vw, 440px\" \/><\/a><\/p>\n<p>&nbsp;<\/p>\n<p class=\"voc-p\" style=\"text-align: justify;\"><span style=\"font-size: 14pt;\"><strong>Steven Levitsky <\/strong>y<strong> Daniel Ziblatt<\/strong>, en su cl\u00e1sico &#8216;<strong><em>C\u00f3mo mueren las democracias<\/em><\/strong>&#8216;, sostienen que la principal amenaza a los reg\u00edmenes parlamentarios no viene ya de dictadores que dan un golpe de Estado, sino de l\u00edderes elegidos democr\u00e1ticamente que subvierten las reglas de juego y utilizan el poder para perpetuarse en el cargo. <strong>Los dos profesores establecen unos criterios para evaluar cu\u00e1ndo un gobernante salido de las urnas da el paso hacia la autocracia<\/strong>. <\/span><\/p>\n<p class=\"voc-p\" style=\"text-align: justify;\"><span style=\"font-size: 14pt;\"><strong>Citan la negaci\u00f3n de la legitimidad de los adversarios, la restricci\u00f3n de la libertad de expresi\u00f3n, la adopci\u00f3n de leyes para fortalecer su discrecionalidad y la vulneraci\u00f3n de normas no escritas como el respeto a las minor\u00edas<\/strong>. Ser\u00eda una exageraci\u00f3n afirmar que <strong>S\u00e1nchez<\/strong> ha puesto en peligro la democracia, pero no insistir en que gobierna con una peligrosa tendencia al caudillismo y al autoritarismo. <strong>As\u00ed lo demuestra su permanente recurso al decreto-ley, el culto a la personalidad que fomenta y la falta de debate interno<\/strong>.<\/span><\/p>\n<p>&nbsp;<\/p>\n<blockquote>\n<p style=\"text-align: center;\"><strong><span style=\"font-size: 14pt; color: #008000;\">La negaci\u00f3n de la legitimidad de los adversarios, la restricci\u00f3n de la libertad de expresi\u00f3n, la adopci\u00f3n de leyes para fortalecer su discrecionalidad y la vulneraci\u00f3n de normas no escritas como el respeto a las minor\u00edas<\/span><\/strong><\/p>\n<p style=\"text-align: center;\"><span style=\"font-size: 14pt; color: #008000;\"><strong>Criterios relevantes para evaluar cu\u00e1ndo un gobernante salido de las urnas da el paso hacia la autocracia (Steven Levitsky y Daniel Ziblatt)<\/strong><\/span><\/p>\n<\/blockquote>\n<p>&nbsp;<\/p>\n<p class=\"voc-p\" style=\"text-align: justify;\"><span style=\"font-size: 14pt;\">Ha llegado el momento de que sus socios, su partido y quienes militan en la izquierda se planteen si la forma de gobernar de <strong>S\u00e1nchez<\/strong> encaja no ya s\u00f3lo con sus ideas, sino, sobre todo, con esa reivindicaci\u00f3n de la \u00e9tica que siempre ha defendido.<strong> \u00bfVale la pena aferrarse al poder a costa de destruir los ideales? \u00bfTiene sentido mirar para otro lado cuando la corrupci\u00f3n cerca al Gobierno? \u00bfEs S\u00e1nchez el l\u00edder que puede encarnar los valores de la izquierda?<\/strong><\/span><\/p>\n<p class=\"voc-p\" style=\"text-align: justify;\"><span style=\"font-size: 14pt;\">Corr\u00eda 1951 cuando <strong>Albert<\/strong> <strong>Camus<\/strong> public\u00f3 <a href=\"https:\/\/puntocritico.com\/ausajpuntocritico\/2022\/03\/28\/albert-camus-y-la-filosofia-del-limite-parte-i-2\/\">&#8216;<em><strong>El hombre rebelde<\/strong><\/em>&#8216;<\/a>, en el que hac\u00eda una implacable cr\u00edtica del comunismo sovi\u00e9tico, que, seg\u00fan sus palabras, hab\u00eda derivado en un infierno totalitario. <a href=\"https:\/\/puntocritico.com\/ausajpuntocritico\/tag\/camus\/\"><strong>Camus<\/strong><\/a> sosten\u00eda que la \u00e9tica y la libertad est\u00e1n por encima de la ideolog\u00eda. <a href=\"https:\/\/puntocritico.com\/ausajpuntocritico\/2019\/08\/13\/la-crisis-de-los-intelectuales-y-el-masoquismo-comunista-a-proposito-de-jean-paul-sartre-por-julian-gorkin\/\"><strong>Jean-Paul Sartre<\/strong><\/a> acus\u00f3 a su amigo de ignorar la historia, traicionar los intereses de la clase obrera y caer en un idealismo est\u00e9ril. <\/span><\/p>\n<p class=\"voc-p\" style=\"text-align: justify;\"><span style=\"font-size: 14pt;\">Merece la pena leer los textos de esta pol\u00e9mica, que remite al n\u00facleo del <a href=\"https:\/\/puntocritico.com\/ausajpuntocritico\/2023\/11\/07\/el-fin-justifica-los-medios\/\">debate sobre los fines y los medios<\/a>. <strong>Camus<\/strong> cre\u00eda que los cr\u00edmenes nunca pueden ser justificados; <strong>Sartre<\/strong> pensaba que la violencia revolucionaria era necesaria para alumbrar una nueva sociedad, lo que significaba una legitimaci\u00f3n moral del estalinismo. E<strong>l primero apelaba a la \u00e9tica; el segundo, a los intereses de clase<\/strong>.<\/span><\/p>\n<p>&nbsp;<\/p>\n<blockquote>\n<p style=\"text-align: center;\"><strong><span style=\"font-size: 14pt; color: #008000;\">La cuesti\u00f3n que suscita la forma de gobernar de S\u00e1nchez es si el objetivo de cerrar el paso a la ultraderecha justifica la corrupci\u00f3n, el nepotismo y el caudillismo que impregnan su liderazgo<\/span><\/strong><\/p>\n<\/blockquote>\n<p>&nbsp;<\/p>\n<p class=\"voc-p\" style=\"text-align: justify;\"><span style=\"font-size: 14pt;\">La cuesti\u00f3n que suscita la forma de gobernar de <strong>S\u00e1nchez<\/strong> es si el objetivo de cerrar el paso a la ultraderecha justifica la corrupci\u00f3n, el nepotismo y el caudillismo que impregnan su liderazgo. <a href=\"https:\/\/puntocritico.com\/ausajpuntocritico\/2024\/10\/08\/la-corrupcion-politica-ciudadanos-y-partidos\/\"><strong>Maquiavelo<\/strong><\/a> responder\u00eda que s\u00ed, porque la finalidad \u00faltima de todo gobernante es el ejercicio del poder. Pero quienes est\u00e1n convencidos de que el fin no justifica los medios y de que la \u00e9tica es el sustento de la pol\u00edtica sostendr\u00edan que no. <strong>La izquierda se halla enfrentada hoy en nuestro pa\u00eds a un dilema moral que no puede eludir. Y no es otro que si merece la pena renunciar a las convicciones para mantenerse en el poder<\/strong>. Dicho con otras palabras, si son m\u00e1s importantes los intereses que los ideales. <strong>S\u00e1nchez<\/strong> puede\u00a0<a title=\"seguir aferrado a que todo lo que ha dicho Aldama es una invenci\u00f3n\" href=\"https:\/\/www.abc.es\/espana\/confesion-aldama-pone-jaque-gobierno-psoe-20241122213121-nt.html\" target=\"_blank\" rel=\"noopener\" data-voc-vtm-id=\"in-text-traffic\" data-mrf-link=\"www.abc.es\" data-schema-attribute=\"\">seguir aferrado a que todo lo que ha dicho <strong>Aldama<\/strong> es una invenci\u00f3n<\/a>\u00a0y a que es v\u00edctima de una campa\u00f1a de insidias, pero lo que no puede negar es que ha tenido que desdecirse de todo lo que prometi\u00f3 cuando acusaba a <strong>Rajoy<\/strong> de ser un gobernante \u00ab<em>indigno<\/em>\u00bb. <strong>Le sobra pragmatismo y le faltan principios<\/strong>.<\/span><\/p>\n<p>&nbsp;<\/p>\n<blockquote>\n<p style=\"text-align: center;\"><strong><span style=\"font-size: 14pt; color: #008000;\">Dicho con otras palabras, si son m\u00e1s importantes los intereses que los ideales<\/span><\/strong><\/p>\n<\/blockquote>\n<p>&nbsp;<\/p>\n<figure id=\"attachment_2290524\" aria-describedby=\"caption-attachment-2290524\" style=\"width: 440px\" class=\"wp-caption aligncenter\"><img loading=\"lazy\" decoding=\"async\" class=\"wp-image-2290524\" src=\"https:\/\/puntocritico.com\/ausajpuntocritico\/wp-content\/uploads\/2023\/11\/impunidad-OK-300x169.jpg\" alt=\"\" width=\"440\" height=\"247\" srcset=\"https:\/\/puntocritico.com\/ausajpuntocritico\/wp-content\/uploads\/2023\/11\/impunidad-OK-300x169.jpg 300w, https:\/\/puntocritico.com\/ausajpuntocritico\/wp-content\/uploads\/2023\/11\/impunidad-OK.jpg 678w\" sizes=\"auto, (max-width: 440px) 100vw, 440px\" \/><figcaption id=\"caption-attachment-2290524\" class=\"wp-caption-text\"><span style=\"color: #008000;\">Impunidad<\/span><\/figcaption><\/figure>\n<p style=\"text-align: center;\"><span style=\"font-size: 18pt;\"><strong><span style=\"color: #008000;\">*******<\/span><\/strong><\/span><\/p>\n<h2 style=\"text-align: center;\"><span style=\"font-size: 24pt;\">Los se\u00f1ores del relato<\/span><\/h2>\n<p class=\"art-entradilla\" style=\"text-align: center;\"><span style=\"font-size: 14pt;\"><em><strong>Los Pa\u00edses Bajos han reconocido que no pueden garantizar la seguridad de su Casa Real pero nosotros seguimos poniendo sus nombres con siglas<\/strong><\/em><\/span><\/p>\n<p style=\"text-align: justify;\"><span style=\"font-size: 14pt;\">Por <a href=\"https:\/\/www.vozpopuli.com\/opinion\/los-senores-del-relato.html\" target=\"_blank\" rel=\"noopener\">Gregorio Mor\u00e1n<\/a>, 23 NOV 2024<\/span><\/p>\n<p><img loading=\"lazy\" decoding=\"async\" class=\"aligncenter wp-image-2303768\" src=\"https:\/\/puntocritico.com\/ausajpuntocritico\/wp-content\/uploads\/2024\/11\/Peter-San-EFE-escano-300x169.jpg\" alt=\"\" width=\"480\" height=\"270\" srcset=\"https:\/\/puntocritico.com\/ausajpuntocritico\/wp-content\/uploads\/2024\/11\/Peter-San-EFE-escano-300x169.jpg 300w, https:\/\/puntocritico.com\/ausajpuntocritico\/wp-content\/uploads\/2024\/11\/Peter-San-EFE-escano-768x433.jpg 768w, https:\/\/puntocritico.com\/ausajpuntocritico\/wp-content\/uploads\/2024\/11\/Peter-San-EFE-escano-678x381.jpg 678w, https:\/\/puntocritico.com\/ausajpuntocritico\/wp-content\/uploads\/2024\/11\/Peter-San-EFE-escano.jpg 946w\" sizes=\"auto, (max-width: 480px) 100vw, 480px\" \/><\/p>\n<p>&nbsp;<\/p>\n<p style=\"text-align: justify;\"><span style=\"font-size: 14pt;\">En 1970 un grupo de \u00e1cratas de la Escuela de Arquitectura de Madrid sacaron a la luz un\u00a0<strong>documento estremecedor<\/strong>. Constaba de una docena de folios ciclostilados en los que se reproduc\u00edan los\u00a0<strong>escritos de las puertas interiores de los retretes de la Facultad<\/strong>. Eran tan bestiales y cutres que ninguna de las organizaciones clandestinas que entonces proliferaban os\u00f3 hacerse eco de aquello que se denominaba \u201c<strong>De la miseria del medio estudiantil<\/strong>\u201d. Han pasado 50 a\u00f1os y hoy con una mano de prosa autoficcionada alcanzar\u00eda el\u00a0<em>trending tropic<\/em>\u00a0y hasta lo colar\u00edan entre los\u00a0<strong>finalistas del Premio Planeta<\/strong>.<\/span><\/p>\n<p><span style=\"font-size: 14pt;\">Pretender un an\u00e1lisis de la situaci\u00f3n pol\u00edtica tiene algo de hacer solitarios con la baraja. Cuando no salen las cartas que necesitas basta con un gui\u00f1o tramposo para que te sientas contento con el resultado. Puedes mentir hasta el delirio porque partes del principio de que nadie va reproch\u00e1rtelo. El relato consiste en\u00a0<strong>manipular la realidad a tu conveniencia<\/strong>. Cada vez que uno escucha que el gran peligro que nos amenaza est\u00e1 en la ultraderecha debe tomar conciencia de que se est\u00e1n burlando de \u00e9l. Una\u00a0<strong>humillaci\u00f3n de la inteligencia<\/strong>\u00a0para hacer cumplir lo que se ha convertido en el lema de nuestra realidad: \u201c<em>el poder desgasta\u2026sobre todo al que no lo tiene<\/em>\u201d. Una divisa de <strong>Giulio<\/strong> <strong>Andreotti<\/strong>, el m\u00e1s t\u00f3xico de los pol\u00edticos italianos.<\/span><\/p>\n<p><span style=\"font-size: 14pt;\">El presunto gobierno \u201c<em>m\u00e1s progresista de la historia<\/em>\u201d desde la Transici\u00f3n llega a\u00a0<strong>acuerdos de Estado con la derecha perif\u00e9rica<\/strong>,\u00a0<strong>carlistona<\/strong>\u00a0y\u00a0<strong>corrupta<\/strong>, cuando no\u00a0<strong>delicuencial<\/strong>. El mundo gira hacia la ultraderecha, pero\u00a0<strong>Meloni y Orban ya no son frontera de nada<\/strong>, ni \u201c<em>fachosfera<\/em>\u201d, ni fasciopopulismo, sino una \u201c<em>necesidad<\/em>\u201d que garantiza seguir controlando \u201c<em>la virtud<\/em>\u201d que derrama a manos llenas quien est\u00e1 habilitado para hacerlo. Pod\u00eda haber sustituido a\u00a0<strong>Teresa Ribera<\/strong>\u00a0por\u00a0<strong>Luis Planas<\/strong>\u00a0y hubiera driblado a los conservadores, pero <strong>Ribera<\/strong> es una pieza que debe ocupar el espacio que le ha marcado; est\u00e1 casada con el jurista <strong>Mariano Bacigalupo<\/strong>, un influyente curador de la magistratura vinculada al PSOE.<\/span><\/p>\n<p><span style=\"font-size: 14pt;\">La llamada nueva pol\u00edtica se hace por parejas, algo ins\u00f3lito desde Per\u00f3n.\u00a0<strong>S\u00e1nchez-Bego\u00f1a<\/strong>,\u00a0<strong>Iglesias-Montero<\/strong>. Una corriente en el PSOE madrile\u00f1o ha iniciado una propuesta singular:\u00a0<strong>oponer en la Comunidad de Madrid a la mujer del Presidente<\/strong>, \u201c<em>pulcra y honesta<\/em>\u201d,\u00a0<strong>frente a D\u00edaz Ayuso<\/strong>. Dos mujeres y la oportunidad de aprovechar el tir\u00f3n medi\u00e1tico del relato victimista.<\/span><\/p>\n<p><span style=\"font-size: 14pt;\">Seguir al precio que sea; el \u00fanico peaje que debe cubrirse puntualmente es el alimento a \u201c<em><strong>los se\u00f1ores del relato<\/strong><\/em>\u201d. \u201c<em>S\u00e1nchez ha hecho de la lucha contra la ultraderecha el coraz\u00f3n de su discurso<\/em>\u201d, escribe <strong>Carlos (Elordi) Cue<\/strong> en el diario oficial que adelanta al BOE. <strong>Tezanos<\/strong>, el desvergonzado, hace encuestas a precio de Estado; si al menos el Presidente le creyera convocar\u00eda elecciones a todo correr. Da lo mismo mientras mantenga enhiesto el pabell\u00f3n blindado; est\u00e1 para cubrir el relato.<\/span><\/p>\n<p>&nbsp;<\/p>\n<blockquote>\n<p style=\"text-align: center;\"><strong><span style=\"font-size: 14pt; color: #008000;\">Alguien que se ocupe de la realidad estar\u00eda aterrado ante la noticia de que el principal polic\u00eda del Estado en la lucha contra el narcotr\u00e1fico,\u00a0Oscar S\u00e1nchez, un jefe multicondecorado, llevaba a\u00f1os trabajando para las mafias y rellenaba las dobles paredes de su casa con millones de euros, incluso en su propia oficina<\/span><\/strong><\/p>\n<\/blockquote>\n<p style=\"text-align: justify;\">\n<p><span style=\"font-size: 14pt;\">So\u00f1ar con una sociedad normal alcanza ya la categor\u00eda de\u00a0<strong>utop\u00eda<\/strong>. \u00bfY a qu\u00e9 llamamos una sociedad normalizada? Pues a manejarnos en lo obvio. Alguien que se ocupe de la realidad estar\u00eda aterrado ante la noticia de que el principal polic\u00eda del Estado en la lucha contra el narcotr\u00e1fico,\u00a0<strong>Oscar Sanchez<\/strong>, un jefe multicondecorado, llevaba a\u00f1os trabajando para las mafias y rellenaba las dobles paredes de su casa con millones de euros, incluso en su propia oficina. Aseguran que las m\u00e1quinas de contar billetes se atascaron ante el volumen del acumulado. \u00bfY nadie pregunta nada, aunque est\u00e9 bajo secreto del Sumario? El ministro del Interior mudo, la oposici\u00f3n en otra cosa. El jefe de la todo poderosa\u00a0<strong>Mocro Maffia<\/strong>\u00a0con sede en Holanda,\u00a0<strong>Karin Bouyakrichan<\/strong>, fue puesto en libertad en febrero por un juez de M\u00e1laga; luego desapareci\u00f3, como era l\u00f3gico. \u00a0<\/span><\/p>\n<div id=\"roba_movil_1\" style=\"text-align: justify;\">\u00a0<\/div>\n<blockquote>\n<p style=\"text-align: center;\"><span style=\"color: #008000;\"><strong><span style=\"font-size: 14pt;\">Los Pa\u00edses Bajos han reconocido que no pueden garantizar la seguridad de su Casa Real frente a la Macro Maffia pero nosotros seguimos poniendo sus nombres con siglas<\/span><\/strong><\/span><\/p>\n<\/blockquote>\n<p>&nbsp;<\/p>\n<p style=\"text-align: justify;\"><span style=\"font-size: 14pt;\">Los Pa\u00edses Bajos han reconocido que no pueden garantizar la seguridad de su Casa Real frente a la <strong>Macro Maffia<\/strong> pero nosotros seguimos poniendo sus nombres con siglas. Les confieso que a m\u00ed me preocupa m\u00e1s\u00a0<strong>Oscar S\u00e1nchez<\/strong>, el gran jefe de la polic\u00eda, convertido en narcomillonario, que la ministra <strong>Ribera<\/strong> trasvasada a vicepresidenta de cuota en el Comisi\u00f3n Europea; de ella conozco sus esclavitudes, sin embargo del tal <strong>Oscar<\/strong> nada, y en verdad que \u00e9l ha influido m\u00e1s en la criminalidad de la sociedad espa\u00f1ola que cualquier empoderada apalancada. De ella s\u00e9 para qu\u00e9 est\u00e1, pero de la peripecia de ese relevante guardi\u00e1n del Estado hasta anteayer lo desconozco todo. Mosquean los ojos tuertos que se alarman de la ultraderecha del relato, una amenaza, y silencian a unos narcotraficantes con mayor presupuesto que un ministerio.\u00a0<strong>La deriva hacia el <a href=\"https:\/\/puntocritico.com\/ausajpuntocritico\/2022\/09\/25\/narcoestados-el-socialismo-del-siglo-xxi-jorge-cachinero\/\">narcoestado<\/a><\/strong>.<\/span><\/p>\n<p>&nbsp;<\/p>\n<p><img loading=\"lazy\" decoding=\"async\" class=\"aligncenter wp-image-2303799 size-medium\" src=\"https:\/\/puntocritico.com\/ausajpuntocritico\/wp-content\/uploads\/2024\/11\/Pan-33-Esclavitud-discreto-encanto-300x300.png\" alt=\"\" width=\"300\" height=\"300\" srcset=\"https:\/\/puntocritico.com\/ausajpuntocritico\/wp-content\/uploads\/2024\/11\/Pan-33-Esclavitud-discreto-encanto-300x300.png 300w, https:\/\/puntocritico.com\/ausajpuntocritico\/wp-content\/uploads\/2024\/11\/Pan-33-Esclavitud-discreto-encanto-150x150.png 150w, https:\/\/puntocritico.com\/ausajpuntocritico\/wp-content\/uploads\/2024\/11\/Pan-33-Esclavitud-discreto-encanto.png 637w\" sizes=\"auto, (max-width: 300px) 100vw, 300px\" \/><\/p>\n<p style=\"text-align: justify;\">\n<p><span style=\"font-size: 14pt;\"><strong>Un pa\u00eds normal consiste en vivir su conflictividad con las puertas abiertas<\/strong>. Que la agencia oficial\u00a0<strong>EFE<\/strong>, dirigida con descaro por el que fuera <em>Secretario de Comunicaci\u00f3n del Gobierno<\/em>, <strong>Miguel \u00c1ngel Oliver<\/strong>, trasmita bulos es m\u00e1s grave que las patochadas de un tal <strong>Alvise<\/strong> y sus 800.000 mostrencos resabiados que le votan y cubren sus mordidas. Tres bulos oficiales, luego eliminados, recuerda aquel supuesto error de la\u00a0<strong>TVE retransmitiendo un partido de f\u00fatbol de gran audiencia<\/strong>, cuando tras el gol del triunfo se col\u00f3 una sigla cubriendo la pantalla que dec\u00eda escuetamente \u201c<em>PSOE<\/em>\u201d. Se disculp\u00f3 la responsable,\u00a0<strong>Rosa Mar\u00eda Mateo<\/strong>, luego nombrada directora del <em>Ente<\/em>. En esta ocasi\u00f3n fueron tres y nadie parece haberse dado por aludido. Que la ultraderecha hab\u00eda organizado el recibimiento a las autoridades del Estado en <em><strong>Paiporta<\/strong><\/em> -mandaron un equipo especial de la <em>Guardia Civil<\/em> al pueblo devastado, con resultado negativo; se trataba de agresivos indignados. Luego un helic\u00f3ptero que explotaba en la <em>Torre de Cristal<\/em> de <em>Madrid<\/em>, que nunca tuvo lugar. Por \u00faltimo, mataron al escritor <strong>Fernando Aramburu<\/strong>, que acababa de publicar un sentido art\u00edculo despidi\u00e9ndose de \u201c<em>El Pa\u00eds<\/em>\u201d y que tuvo que salir a decir que segu\u00eda vivo y en <em>Hannover<\/em>, para suerte suya. Demasiado \u00bfno? Rectificar una falsedad es en ocasiones solicitar un perd\u00f3n innecesario que evita saber el porqu\u00e9. \u00bfAlguien ha preguntado algo? No, que yo sepa, porque <strong>los bulos siempre los fabrican los otros<\/strong>.\u00a0 \u00a0\u00a0<\/span><\/p>\n<p><span style=\"font-size: 14pt;\"><strong>En el fondo no se pelea por dominar el relato sino por la capacidad para imponerlo<\/strong>. Sobre esa suerte puede jugar siempre a ganador el que se echa las cartas del solitario. Sin un asomo de iron\u00eda, <strong>Jordi Amat<\/strong>, uno de los plumillas adictos al poder desde hace dos d\u00e9cadas, escrib\u00eda de un colega m\u00e1s veterano en la brega del relato: \u201c<em>En el curr\u00edculo de Xavier Vidal-Folch (72 a\u00f1os) apenas queda espacio para m\u00e1s premios<\/em>\u201d.\u00a0 La pol\u00edtica a la manera de <strong>Andreotti<\/strong> exige est\u00f3magos resistentes. <\/span><\/p>\n<p style=\"text-align: justify;\"><span style=\"font-size: 14pt;\">Estamos pues preparados para entrar en otra pantalla bajo el lema \u201c<strong>S\u00e9 fuerte \u00c1balos<\/strong>\u201d.<\/span><\/p>\n<p>&nbsp;<\/p>\n<p>&nbsp;<\/p>\n<p><img loading=\"lazy\" decoding=\"async\" class=\"aligncenter wp-image-2303797\" src=\"https:\/\/puntocritico.com\/ausajpuntocritico\/wp-content\/uploads\/2024\/11\/amo-y-esclavo-300x198.jpg\" alt=\"\" width=\"440\" height=\"290\" srcset=\"https:\/\/puntocritico.com\/ausajpuntocritico\/wp-content\/uploads\/2024\/11\/amo-y-esclavo-300x198.jpg 300w, https:\/\/puntocritico.com\/ausajpuntocritico\/wp-content\/uploads\/2024\/11\/amo-y-esclavo.jpg 500w\" sizes=\"auto, (max-width: 440px) 100vw, 440px\" \/><\/p>\n<div id=\"sm-it-main-container-1732360720531\" class=\"sm-it-main-container\" data-it=\"b6e54df5-cdde-43b2-ace7-e226e31773e0\" data-device=\"desktop\" data-index=\"0\">\n<p style=\"text-align: center;\"><span style=\"color: #008000;\"><strong><span style=\"font-size: 18pt;\">*******<\/span><\/strong><\/span><\/p>\n<\/div>\n<h2 style=\"text-align: justify;\"><span style=\"font-size: 14pt;\"><strong>RELACIONADOS:<\/strong><\/span><\/h2>\n<blockquote class=\"wp-embedded-content\" data-secret=\"rPRZgqTM0D\"><p><a href=\"https:\/\/puntocritico.com\/ausajpuntocritico\/2022\/09\/12\/es-posible-establecer-un-estado-libre-en-un-pais-corrupto-por-nicolas-maquiavelo-2\/\">\u00bfES POSIBLE ESTABLECER UN ESTADO LIBRE EN UN PA\u00cdS CORRUPTO?, por Nicol\u00e1s Maquiavelo<\/a><\/p><\/blockquote>\n<p><iframe loading=\"lazy\" class=\"wp-embedded-content\" sandbox=\"allow-scripts\" security=\"restricted\" style=\"position: absolute; visibility: hidden;\" title=\"\u00ab\u00bfES POSIBLE ESTABLECER UN ESTADO LIBRE EN UN PA\u00cdS CORRUPTO?, por Nicol\u00e1s Maquiavelo\u00bb \u2014 Punto Cr\u00edtico Derechos Humanos\" src=\"https:\/\/puntocritico.com\/ausajpuntocritico\/2022\/09\/12\/es-posible-establecer-un-estado-libre-en-un-pais-corrupto-por-nicolas-maquiavelo-2\/embed\/#?secret=QaPRUtC4Dw#?secret=rPRZgqTM0D\" data-secret=\"rPRZgqTM0D\" width=\"500\" height=\"282\" frameborder=\"0\" marginwidth=\"0\" marginheight=\"0\" scrolling=\"no\"><\/iframe><\/p>\n<blockquote class=\"wp-embedded-content\" data-secret=\"BUC6j3SIRU\"><p><a href=\"https:\/\/puntocritico.com\/ausajpuntocritico\/2022\/08\/29\/como-mueren-las-democracias\/\">C\u00d3MO MUEREN LAS DEMOCRACIAS. &#8220;No somos la primera civilizaci\u00f3n en colapsar, pero probablemente seremos los \u00faltimos&#8221;, por Chris Hedges<\/a><\/p><\/blockquote>\n<p><iframe loading=\"lazy\" class=\"wp-embedded-content\" sandbox=\"allow-scripts\" security=\"restricted\" style=\"position: absolute; visibility: hidden;\" title=\"\u00abC\u00d3MO MUEREN LAS DEMOCRACIAS. &#8220;No somos la primera civilizaci\u00f3n en colapsar, pero probablemente seremos los \u00faltimos&#8221;, por Chris Hedges\u00bb \u2014 Punto Cr\u00edtico Derechos Humanos\" src=\"https:\/\/puntocritico.com\/ausajpuntocritico\/2022\/08\/29\/como-mueren-las-democracias\/embed\/#?secret=tcCmYaUJFQ#?secret=BUC6j3SIRU\" data-secret=\"BUC6j3SIRU\" width=\"500\" height=\"282\" frameborder=\"0\" marginwidth=\"0\" marginheight=\"0\" scrolling=\"no\"><\/iframe><\/p>\n<blockquote class=\"wp-embedded-content\" data-secret=\"eHiN2r91ll\"><p><a href=\"https:\/\/puntocritico.com\/ausajpuntocritico\/2023\/06\/15\/solve-et-coagula\/\">SOLVE ET COAGULA: &#8220;DERECHA \/ IZQUIERDA: \u00bfFIN O TRANSFORMACI\u00d3N DE LA DIVISI\u00d3N?&#8221;, por Arnaud Imatz.<\/a><\/p><\/blockquote>\n<p><iframe loading=\"lazy\" class=\"wp-embedded-content\" sandbox=\"allow-scripts\" security=\"restricted\" style=\"position: absolute; visibility: hidden;\" title=\"\u00abSOLVE ET COAGULA: &#8220;DERECHA \/ IZQUIERDA: \u00bfFIN O TRANSFORMACI\u00d3N DE LA DIVISI\u00d3N?&#8221;, por Arnaud Imatz.\u00bb \u2014 Punto Cr\u00edtico Derechos Humanos\" src=\"https:\/\/puntocritico.com\/ausajpuntocritico\/2023\/06\/15\/solve-et-coagula\/embed\/#?secret=gaLSz0KqUg#?secret=eHiN2r91ll\" data-secret=\"eHiN2r91ll\" width=\"500\" height=\"282\" frameborder=\"0\" marginwidth=\"0\" marginheight=\"0\" scrolling=\"no\"><\/iframe><\/p>\n<blockquote class=\"wp-embedded-content\" data-secret=\"wf7ntBlg2o\"><p><a href=\"https:\/\/puntocritico.com\/ausajpuntocritico\/2024\/02\/22\/la-izquierda-iznogud-que-quiere-ser-la-derecha-en-lugar-de-la-derecha\/\">LA IZQUIERDA IZNOGUD, que quiere ser la Derecha en lugar de la Derecha: Las &#8220;Puertas Giratorias&#8221; de la &#8220;Disidencia Controlada&#8221;: ACENTO y Alberto Garz\u00f3n<\/a><\/p><\/blockquote>\n<p><iframe loading=\"lazy\" class=\"wp-embedded-content\" sandbox=\"allow-scripts\" security=\"restricted\" style=\"position: absolute; visibility: hidden;\" title=\"\u00abLA IZQUIERDA IZNOGUD, que quiere ser la Derecha en lugar de la Derecha: Las &#8220;Puertas Giratorias&#8221; de la &#8220;Disidencia Controlada&#8221;: ACENTO y Alberto Garz\u00f3n\u00bb \u2014 Punto Cr\u00edtico Derechos Humanos\" src=\"https:\/\/puntocritico.com\/ausajpuntocritico\/2024\/02\/22\/la-izquierda-iznogud-que-quiere-ser-la-derecha-en-lugar-de-la-derecha\/embed\/#?secret=loVnlltFp1#?secret=wf7ntBlg2o\" data-secret=\"wf7ntBlg2o\" width=\"500\" height=\"282\" frameborder=\"0\" marginwidth=\"0\" marginheight=\"0\" scrolling=\"no\"><\/iframe><\/p>\n<blockquote class=\"wp-embedded-content\" data-secret=\"v7i5THpxq5\"><p><a href=\"https:\/\/puntocritico.com\/ausajpuntocritico\/2024\/02\/29\/carmen-calvo-y-la-acion-comisarial-en-la-universidad-espanola\/\">CARMEN CALVO Y LA ACCI\u00d3N COMISARIAL EN LA UNIVERSIDAD ESPA\u00d1OLA: La Universidad espa\u00f1ola, fraudulenta f\u00e1brica de Curriculums para el R\u00e9gimen del 78&#8242;<\/a><\/p><\/blockquote>\n<p><iframe loading=\"lazy\" class=\"wp-embedded-content\" sandbox=\"allow-scripts\" security=\"restricted\" style=\"position: absolute; visibility: hidden;\" title=\"\u00abCARMEN CALVO Y LA ACCI\u00d3N COMISARIAL EN LA UNIVERSIDAD ESPA\u00d1OLA: La Universidad espa\u00f1ola, fraudulenta f\u00e1brica de Curriculums para el R\u00e9gimen del 78&#8242;\u00bb \u2014 Punto Cr\u00edtico Derechos Humanos\" src=\"https:\/\/puntocritico.com\/ausajpuntocritico\/2024\/02\/29\/carmen-calvo-y-la-acion-comisarial-en-la-universidad-espanola\/embed\/#?secret=zr3FmTbvCW#?secret=v7i5THpxq5\" data-secret=\"v7i5THpxq5\" width=\"500\" height=\"282\" frameborder=\"0\" marginwidth=\"0\" marginheight=\"0\" scrolling=\"no\"><\/iframe><\/p>\n<blockquote class=\"wp-embedded-content\" data-secret=\"dakn4mTpOI\"><p><a href=\"https:\/\/puntocritico.com\/ausajpuntocritico\/2023\/07\/26\/la-burguesia-vota-a-sumar\/\">ELECCIONES GENERALES DEL 23-J: LA BURGUES\u00cdA VOTA A SUMAR.<\/a><\/p><\/blockquote>\n<p><iframe loading=\"lazy\" class=\"wp-embedded-content\" sandbox=\"allow-scripts\" security=\"restricted\" style=\"position: absolute; visibility: hidden;\" title=\"\u00abELECCIONES GENERALES DEL 23-J: LA BURGUES\u00cdA VOTA A SUMAR.\u00bb \u2014 Punto Cr\u00edtico Derechos Humanos\" src=\"https:\/\/puntocritico.com\/ausajpuntocritico\/2023\/07\/26\/la-burguesia-vota-a-sumar\/embed\/#?secret=yldF7YNlIq#?secret=dakn4mTpOI\" data-secret=\"dakn4mTpOI\" width=\"500\" height=\"282\" frameborder=\"0\" marginwidth=\"0\" marginheight=\"0\" scrolling=\"no\"><\/iframe><\/p>\n<blockquote class=\"wp-embedded-content\" data-secret=\"ITCtq1c9ie\"><p><a href=\"https:\/\/puntocritico.com\/ausajpuntocritico\/2022\/09\/25\/narcoestados-el-socialismo-del-siglo-xxi-jorge-cachinero\/\">NARCOESTADOS: LA ZONA GRIS LATINA; QUE SE EXTIENDE POR ESPA\u00d1\u00c0 Y AMENAZA A EUROPA. &#8220;Narco, terror y pol\u00edtica en el suroeste de Europa&#8221;, por Jorge Cachinero (serie completa)<\/a><\/p><\/blockquote>\n<p><iframe loading=\"lazy\" class=\"wp-embedded-content\" sandbox=\"allow-scripts\" security=\"restricted\" style=\"position: absolute; visibility: hidden;\" title=\"\u00abNARCOESTADOS: LA ZONA GRIS LATINA; QUE SE EXTIENDE POR ESPA\u00d1\u00c0 Y AMENAZA A EUROPA. &#8220;Narco, terror y pol\u00edtica en el suroeste de Europa&#8221;, por Jorge Cachinero (serie completa)\u00bb \u2014 Punto Cr\u00edtico Derechos Humanos\" src=\"https:\/\/puntocritico.com\/ausajpuntocritico\/2022\/09\/25\/narcoestados-el-socialismo-del-siglo-xxi-jorge-cachinero\/embed\/#?secret=e2hq4N2XFZ#?secret=ITCtq1c9ie\" data-secret=\"ITCtq1c9ie\" width=\"500\" height=\"282\" frameborder=\"0\" marginwidth=\"0\" marginheight=\"0\" scrolling=\"no\"><\/iframe><\/p>\n<blockquote class=\"wp-embedded-content\" data-secret=\"4l21T19uJ7\"><p><a href=\"https:\/\/puntocritico.com\/ausajpuntocritico\/2019\/11\/27\/sareb-anatomia-de-un-desfalco-por-manuel-gabarre-de-sus\/\">&#8220;SAREB: anatom\u00eda de un desfalco&#8221;, por Manuel Gabarre de Sus<\/a><\/p><\/blockquote>\n<p><iframe loading=\"lazy\" class=\"wp-embedded-content\" sandbox=\"allow-scripts\" security=\"restricted\" style=\"position: absolute; visibility: hidden;\" title=\"\u00ab&#8220;SAREB: anatom\u00eda de un desfalco&#8221;, por Manuel Gabarre de Sus\u00bb \u2014 Punto Cr\u00edtico Derechos Humanos\" src=\"https:\/\/puntocritico.com\/ausajpuntocritico\/2019\/11\/27\/sareb-anatomia-de-un-desfalco-por-manuel-gabarre-de-sus\/embed\/#?secret=lHQNE11uBD#?secret=4l21T19uJ7\" data-secret=\"4l21T19uJ7\" width=\"500\" height=\"282\" frameborder=\"0\" marginwidth=\"0\" marginheight=\"0\" scrolling=\"no\"><\/iframe><\/p>\n<blockquote class=\"wp-embedded-content\" data-secret=\"JPTXVmSrCp\"><p><a href=\"https:\/\/puntocritico.com\/ausajpuntocritico\/2022\/07\/12\/cartel-de-constructoras\/\">25 A\u00d1OS DEFRAUDANDO EN LA CONTRATACI\u00d3N P\u00daBLICA: EL C\u00c1RTEL DE CONSTRUCTORAS Y EL R\u00c9GIMEN DEL 78. La transici\u00f3n espa\u00f1ola: El tr\u00e1nsito del Delito al Crimen. Siempre impunes.<\/a><\/p><\/blockquote>\n<p><iframe loading=\"lazy\" class=\"wp-embedded-content\" sandbox=\"allow-scripts\" security=\"restricted\" style=\"position: absolute; visibility: hidden;\" title=\"\u00ab25 A\u00d1OS DEFRAUDANDO EN LA CONTRATACI\u00d3N P\u00daBLICA: EL C\u00c1RTEL DE CONSTRUCTORAS Y EL R\u00c9GIMEN DEL 78. La transici\u00f3n espa\u00f1ola: El tr\u00e1nsito del Delito al Crimen. Siempre impunes.\u00bb \u2014 Punto Cr\u00edtico Derechos Humanos\" src=\"https:\/\/puntocritico.com\/ausajpuntocritico\/2022\/07\/12\/cartel-de-constructoras\/embed\/#?secret=h7iv9IP5o4#?secret=JPTXVmSrCp\" data-secret=\"JPTXVmSrCp\" width=\"500\" height=\"282\" frameborder=\"0\" marginwidth=\"0\" marginheight=\"0\" scrolling=\"no\"><\/iframe><\/p>\n<blockquote class=\"wp-embedded-content\" data-secret=\"4DQAYzEwY3\"><p><a href=\"https:\/\/puntocritico.com\/ausajpuntocritico\/2020\/05\/06\/abalos-real-estate-la-inmobiliaria-del-ibex-35-el-unico-paraiso-es-el-fiscal\/\">&#8220;\u00c1BALOS REAL ESTATE&#8221;, la inmobiliaria del IBEX 35 (el \u00fanico para\u00edso es el fiscal)<\/a><\/p><\/blockquote>\n<p><iframe loading=\"lazy\" class=\"wp-embedded-content\" sandbox=\"allow-scripts\" security=\"restricted\" style=\"position: absolute; visibility: hidden;\" title=\"\u00ab&#8220;\u00c1BALOS REAL ESTATE&#8221;, la inmobiliaria del IBEX 35 (el \u00fanico para\u00edso es el fiscal)\u00bb \u2014 Punto Cr\u00edtico Derechos Humanos\" src=\"https:\/\/puntocritico.com\/ausajpuntocritico\/2020\/05\/06\/abalos-real-estate-la-inmobiliaria-del-ibex-35-el-unico-paraiso-es-el-fiscal\/embed\/#?secret=bJhshgPix1#?secret=4DQAYzEwY3\" data-secret=\"4DQAYzEwY3\" width=\"500\" height=\"282\" frameborder=\"0\" marginwidth=\"0\" marginheight=\"0\" scrolling=\"no\"><\/iframe><\/p>\n<blockquote class=\"wp-embedded-content\" data-secret=\"MVOSqfktWA\"><p><a href=\"https:\/\/puntocritico.com\/ausajpuntocritico\/2017\/08\/28\/ejecuciones-hipotecarias-y-desahucios-como-que-los-jueces-espanoles-no-saben-derecho-de-la-union-europea-que-esta-pasando-aqui-parte-ii\/\">EJECUCIONES HIPOTECARIAS Y DESAHUCIOS: \u00bfC\u00d3MO QUE LOS JUECES ESPA\u00d1OLES NO SABEN DERECHO DE LA UNI\u00d3N EUROPEA? \u00bfQU\u00c9 EST\u00c1 PASANDO AQU\u00cd? PARTE II<\/a><\/p><\/blockquote>\n<p><iframe loading=\"lazy\" class=\"wp-embedded-content\" sandbox=\"allow-scripts\" security=\"restricted\" style=\"position: absolute; visibility: hidden;\" title=\"\u00abEJECUCIONES HIPOTECARIAS Y DESAHUCIOS: \u00bfC\u00d3MO QUE LOS JUECES ESPA\u00d1OLES NO SABEN DERECHO DE LA UNI\u00d3N EUROPEA? \u00bfQU\u00c9 EST\u00c1 PASANDO AQU\u00cd? PARTE II\u00bb \u2014 Punto Cr\u00edtico Derechos Humanos\" src=\"https:\/\/puntocritico.com\/ausajpuntocritico\/2017\/08\/28\/ejecuciones-hipotecarias-y-desahucios-como-que-los-jueces-espanoles-no-saben-derecho-de-la-union-europea-que-esta-pasando-aqui-parte-ii\/embed\/#?secret=M2saQi5kWs#?secret=MVOSqfktWA\" data-secret=\"MVOSqfktWA\" width=\"500\" height=\"282\" frameborder=\"0\" marginwidth=\"0\" marginheight=\"0\" scrolling=\"no\"><\/iframe><\/p>\n<blockquote class=\"wp-embedded-content\" data-secret=\"R3GgpvBO2U\"><p><a href=\"https:\/\/puntocritico.com\/ausajpuntocritico\/2023\/03\/06\/ferrovial-agroman\/\">\u00bfQU\u00c9 SE LLEVA A FLANDES FERROVIAL (FERROVIAL-AGROM\u00c1N)?: &#8220;De 1927 hasta hoy: esta es la historia de Agroman&#8221;<\/a><\/p><\/blockquote>\n<p><iframe loading=\"lazy\" class=\"wp-embedded-content\" sandbox=\"allow-scripts\" security=\"restricted\" style=\"position: absolute; visibility: hidden;\" title=\"\u00ab\u00bfQU\u00c9 SE LLEVA A FLANDES FERROVIAL (FERROVIAL-AGROM\u00c1N)?: &#8220;De 1927 hasta hoy: esta es la historia de Agroman&#8221;\u00bb \u2014 Punto Cr\u00edtico Derechos Humanos\" src=\"https:\/\/puntocritico.com\/ausajpuntocritico\/2023\/03\/06\/ferrovial-agroman\/embed\/#?secret=7GDREaFXEC#?secret=R3GgpvBO2U\" data-secret=\"R3GgpvBO2U\" width=\"500\" height=\"282\" frameborder=\"0\" marginwidth=\"0\" marginheight=\"0\" scrolling=\"no\"><\/iframe><\/p>\n<blockquote class=\"wp-embedded-content\" data-secret=\"5N2WFTt5Zj\"><p><a href=\"https:\/\/puntocritico.com\/ausajpuntocritico\/2023\/01\/04\/la-burocratizacion-del-mundo-por-bruno-rizzi\/\">&#8220;LA BUROCRATIZACI\u00d3N DEL MUNDO&#8221;, por Bruno Rizzi (Parte 1).<\/a><\/p><\/blockquote>\n<p><iframe loading=\"lazy\" class=\"wp-embedded-content\" sandbox=\"allow-scripts\" security=\"restricted\" style=\"position: absolute; visibility: hidden;\" title=\"\u00ab&#8220;LA BUROCRATIZACI\u00d3N DEL MUNDO&#8221;, por Bruno Rizzi (Parte 1).\u00bb \u2014 Punto Cr\u00edtico Derechos Humanos\" src=\"https:\/\/puntocritico.com\/ausajpuntocritico\/2023\/01\/04\/la-burocratizacion-del-mundo-por-bruno-rizzi\/embed\/#?secret=tmqi0UQmOA#?secret=5N2WFTt5Zj\" data-secret=\"5N2WFTt5Zj\" width=\"500\" height=\"282\" frameborder=\"0\" marginwidth=\"0\" marginheight=\"0\" scrolling=\"no\"><\/iframe><\/p>\n<blockquote class=\"wp-embedded-content\" data-secret=\"T2Iq8dPSbT\"><p><a href=\"https:\/\/puntocritico.com\/ausajpuntocritico\/2023\/04\/25\/la-segunda-transicion-salen-los-falangistas-entran-los-nacionalcatolicos-la-gaceta\/\">LA SEGUNDA TRANSICI\u00d3N: SALEN LOS FALANGISTAS, ENTRAN LOS NACIONAL-CAT\u00d3LICOS: LOS MEDIOS DE LA REACCI\u00d3N (1): CONOCIENDO &#8220;LA GACETA&#8221;. El peri\u00f3dico de Hermann Tertsch ya no es El Pa\u00eds.<\/a><\/p><\/blockquote>\n<p><iframe loading=\"lazy\" class=\"wp-embedded-content\" sandbox=\"allow-scripts\" security=\"restricted\" style=\"position: absolute; visibility: hidden;\" title=\"\u00abLA SEGUNDA TRANSICI\u00d3N: SALEN LOS FALANGISTAS, ENTRAN LOS NACIONAL-CAT\u00d3LICOS: LOS MEDIOS DE LA REACCI\u00d3N (1): CONOCIENDO &#8220;LA GACETA&#8221;. El peri\u00f3dico de Hermann Tertsch ya no es El Pa\u00eds.\u00bb \u2014 Punto Cr\u00edtico Derechos Humanos\" src=\"https:\/\/puntocritico.com\/ausajpuntocritico\/2023\/04\/25\/la-segunda-transicion-salen-los-falangistas-entran-los-nacionalcatolicos-la-gaceta\/embed\/#?secret=RruzzJdCKR#?secret=T2Iq8dPSbT\" data-secret=\"T2Iq8dPSbT\" width=\"500\" height=\"282\" frameborder=\"0\" marginwidth=\"0\" marginheight=\"0\" scrolling=\"no\"><\/iframe><\/p>\n<blockquote class=\"wp-embedded-content\" data-secret=\"TlMJ5crQAu\"><p><a href=\"https:\/\/puntocritico.com\/ausajpuntocritico\/2024\/05\/01\/izquierda-no-es-woke\/\">&#8220;IZQUIERDA NO ES WOKE&#8221;, DE SUSAN NEIMAN: LO QUE FALTA: &#8220;WOKE&#8221;, la \u201cNueva Izquierda\u201d al servicio del Capitalismo Global y de los Propietarios de los Medios de Producci\u00f3n del Siglo 21 (&#8220;TIC&#8217;s&#8221;)<\/a><\/p><\/blockquote>\n<p><iframe loading=\"lazy\" class=\"wp-embedded-content\" sandbox=\"allow-scripts\" security=\"restricted\" style=\"position: absolute; visibility: hidden;\" title=\"\u00ab&#8220;IZQUIERDA NO ES WOKE&#8221;, DE SUSAN NEIMAN: LO QUE FALTA: &#8220;WOKE&#8221;, la \u201cNueva Izquierda\u201d al servicio del Capitalismo Global y de los Propietarios de los Medios de Producci\u00f3n del Siglo 21 (&#8220;TIC&#8217;s&#8221;)\u00bb \u2014 Punto Cr\u00edtico Derechos Humanos\" src=\"https:\/\/puntocritico.com\/ausajpuntocritico\/2024\/05\/01\/izquierda-no-es-woke\/embed\/#?secret=pAVOWSruev#?secret=TlMJ5crQAu\" data-secret=\"TlMJ5crQAu\" width=\"500\" height=\"282\" frameborder=\"0\" marginwidth=\"0\" marginheight=\"0\" scrolling=\"no\"><\/iframe><\/p>\n<blockquote class=\"wp-embedded-content\" data-secret=\"LrCXck5FX6\"><p><a href=\"https:\/\/puntocritico.com\/ausajpuntocritico\/2024\/10\/24\/entropia-social-daron-acemoglu-premio-nobel-de-economia-los-magnates-tecnologicos-son-monopolistas-sin-escrupulos-y-avidos-de-beneficios\/\">ENTROP\u00cdA SOCIAL: DARON ACEMOGLU, Premio Nobel de Econom\u00eda (2.024): \u00abLos magnates tecnol\u00f3gicos son monopolistas sin escr\u00fapulos y \u00e1vidos de beneficios\u00bb<\/a><\/p><\/blockquote>\n<p><iframe loading=\"lazy\" class=\"wp-embedded-content\" sandbox=\"allow-scripts\" security=\"restricted\" style=\"position: absolute; visibility: hidden;\" title=\"\u00abENTROP\u00cdA SOCIAL: DARON ACEMOGLU, Premio Nobel de Econom\u00eda (2.024): \u00abLos magnates tecnol\u00f3gicos son monopolistas sin escr\u00fapulos y \u00e1vidos de beneficios\u00bb\u00bb \u2014 Punto Cr\u00edtico Derechos Humanos\" src=\"https:\/\/puntocritico.com\/ausajpuntocritico\/2024\/10\/24\/entropia-social-daron-acemoglu-premio-nobel-de-economia-los-magnates-tecnologicos-son-monopolistas-sin-escrupulos-y-avidos-de-beneficios\/embed\/#?secret=nDlB4AHl0b#?secret=LrCXck5FX6\" data-secret=\"LrCXck5FX6\" width=\"500\" height=\"282\" frameborder=\"0\" marginwidth=\"0\" marginheight=\"0\" scrolling=\"no\"><\/iframe><\/p>\n<blockquote class=\"wp-embedded-content\" data-secret=\"ZDTqUSYDb2\"><p><a href=\"https:\/\/puntocritico.com\/ausajpuntocritico\/2024\/11\/06\/todos-somos-estado\/\">&#8220;TODOS SOMOS ESTADO&#8221;: EL ESTADO COMPARECE: El Excmo. Sr. D. Pedro S\u00e1nchez P\u00e9rez-Castej\u00f3n, Presidente de Espa\u00f1a,  anuncia medidas de apoyo a los afectados por la DANA por importe de 10.600 Millones de Euros<\/a><\/p><\/blockquote>\n<p><iframe loading=\"lazy\" class=\"wp-embedded-content\" sandbox=\"allow-scripts\" security=\"restricted\" style=\"position: absolute; visibility: hidden;\" title=\"\u00ab&#8220;TODOS SOMOS ESTADO&#8221;: EL ESTADO COMPARECE: El Excmo. Sr. D. Pedro S\u00e1nchez P\u00e9rez-Castej\u00f3n, Presidente de Espa\u00f1a,  anuncia medidas de apoyo a los afectados por la DANA por importe de 10.600 Millones de Euros\u00bb \u2014 Punto Cr\u00edtico Derechos Humanos\" src=\"https:\/\/puntocritico.com\/ausajpuntocritico\/2024\/11\/06\/todos-somos-estado\/embed\/#?secret=CybNTmdzGX#?secret=ZDTqUSYDb2\" data-secret=\"ZDTqUSYDb2\" width=\"500\" height=\"282\" frameborder=\"0\" marginwidth=\"0\" marginheight=\"0\" scrolling=\"no\"><\/iframe><\/p>\n<blockquote class=\"wp-embedded-content\" data-secret=\"s87Z9OahV8\"><p><a href=\"https:\/\/puntocritico.com\/ausajpuntocritico\/2024\/02\/24\/toma-el-dinero-y-corre-pelicula-de-woody-allen-1969\/\">TOMA EL DINERO Y CORRE (pel\u00edcula de Woody Allen, 1969): &#8220;Democracia Conductista: El Imperio no paga traidores, solo los financia. Con tus impuestos&#8221;<\/a><\/p><\/blockquote>\n<p><iframe loading=\"lazy\" class=\"wp-embedded-content\" sandbox=\"allow-scripts\" security=\"restricted\" style=\"position: absolute; visibility: hidden;\" title=\"\u00abTOMA EL DINERO Y CORRE (pel\u00edcula de Woody Allen, 1969): &#8220;Democracia Conductista: El Imperio no paga traidores, solo los financia. Con tus impuestos&#8221;\u00bb \u2014 Punto Cr\u00edtico Derechos Humanos\" src=\"https:\/\/puntocritico.com\/ausajpuntocritico\/2024\/02\/24\/toma-el-dinero-y-corre-pelicula-de-woody-allen-1969\/embed\/#?secret=9KkUtFNxk9#?secret=s87Z9OahV8\" data-secret=\"s87Z9OahV8\" width=\"500\" height=\"282\" frameborder=\"0\" marginwidth=\"0\" marginheight=\"0\" scrolling=\"no\"><\/iframe><\/p>\n<blockquote class=\"wp-embedded-content\" data-secret=\"v6u6hW3y6G\"><p><a href=\"https:\/\/puntocritico.com\/ausajpuntocritico\/2022\/07\/27\/sentencia-definitiva-del-caso-eres-la-corrupcion-forma-del-estado-espanol\/\">SENTENCIA DEFINITIVA DEL CASO ERE: CONDENADOS, SI. PERO &#8230; \u00bfD\u00d3NDE EST\u00c1 EL DINERO?  (&#8220;los vicios privados hacen la prosperidad p\u00fablica&#8221;).<\/a><\/p><\/blockquote>\n<p><iframe loading=\"lazy\" class=\"wp-embedded-content\" sandbox=\"allow-scripts\" security=\"restricted\" style=\"position: absolute; visibility: hidden;\" title=\"\u00abSENTENCIA DEFINITIVA DEL CASO ERE: CONDENADOS, SI. PERO &#8230; \u00bfD\u00d3NDE EST\u00c1 EL DINERO?  (&#8220;los vicios privados hacen la prosperidad p\u00fablica&#8221;).\u00bb \u2014 Punto Cr\u00edtico Derechos Humanos\" src=\"https:\/\/puntocritico.com\/ausajpuntocritico\/2022\/07\/27\/sentencia-definitiva-del-caso-eres-la-corrupcion-forma-del-estado-espanol\/embed\/#?secret=sAB3kFzntI#?secret=v6u6hW3y6G\" data-secret=\"v6u6hW3y6G\" width=\"500\" height=\"282\" frameborder=\"0\" marginwidth=\"0\" marginheight=\"0\" scrolling=\"no\"><\/iframe><\/p>\n<blockquote class=\"wp-embedded-content\" data-secret=\"FQw1VwI4LE\"><p><a href=\"https:\/\/puntocritico.com\/ausajpuntocritico\/2024\/07\/29\/lobotomia\/\">LOBOTOM\u00cdA SOCIAL: Historia de la Leucotom\u00eda (Lobotom\u00eda Cerebral). Carta abierta al Presidente del Gobierno de Espa\u00f1a, en torno a su &#8220;Plan de Acci\u00f3n Democr\u00e1tica&#8221;<\/a><\/p><\/blockquote>\n<p><iframe loading=\"lazy\" class=\"wp-embedded-content\" sandbox=\"allow-scripts\" security=\"restricted\" style=\"position: absolute; visibility: hidden;\" title=\"\u00abLOBOTOM\u00cdA SOCIAL: Historia de la Leucotom\u00eda (Lobotom\u00eda Cerebral). Carta abierta al Presidente del Gobierno de Espa\u00f1a, en torno a su &#8220;Plan de Acci\u00f3n Democr\u00e1tica&#8221;\u00bb \u2014 Punto Cr\u00edtico Derechos Humanos\" src=\"https:\/\/puntocritico.com\/ausajpuntocritico\/2024\/07\/29\/lobotomia\/embed\/#?secret=2YyAxz1ZU0#?secret=FQw1VwI4LE\" data-secret=\"FQw1VwI4LE\" width=\"500\" height=\"282\" frameborder=\"0\" marginwidth=\"0\" marginheight=\"0\" scrolling=\"no\"><\/iframe><\/p>\n<blockquote class=\"wp-embedded-content\" data-secret=\"0Q3tqTFAMT\"><p><a href=\"https:\/\/puntocritico.com\/ausajpuntocritico\/2024\/08\/26\/la-gran-transformacion\/\">LA GRAN TRANSFORMACI\u00d3N: &#8220;El sistema no es una democracia representativa, sino un estado de partidos de naturaleza extractiva y clientelar&#8221;<\/a><\/p><\/blockquote>\n<p><iframe loading=\"lazy\" class=\"wp-embedded-content\" sandbox=\"allow-scripts\" security=\"restricted\" style=\"position: absolute; visibility: hidden;\" title=\"\u00abLA GRAN TRANSFORMACI\u00d3N: &#8220;El sistema no es una democracia representativa, sino un estado de partidos de naturaleza extractiva y clientelar&#8221;\u00bb \u2014 Punto Cr\u00edtico Derechos Humanos\" src=\"https:\/\/puntocritico.com\/ausajpuntocritico\/2024\/08\/26\/la-gran-transformacion\/embed\/#?secret=FNtC6ketHI#?secret=0Q3tqTFAMT\" data-secret=\"0Q3tqTFAMT\" width=\"500\" height=\"282\" frameborder=\"0\" marginwidth=\"0\" marginheight=\"0\" scrolling=\"no\"><\/iframe><\/p>\n<p>&nbsp;<\/p>\n<p>&nbsp;<\/p>\n<p><a href=\"https:\/\/puntocritico.com\/ausajpuntocritico\/author\/punto-critico\/\"><img loading=\"lazy\" decoding=\"async\" class=\"aligncenter wp-image-9528\" src=\"https:\/\/puntocritico.com\/ausajpuntocritico\/wp-content\/uploads\/2018\/03\/Mosca_Punto_Cr\u00edtico_40.png\" alt=\"\" width=\"80\" height=\"80\" data-id=\"9528\" \/><\/a><\/p>\n<p>&nbsp;<\/p>\n","protected":false},"excerpt":{"rendered":"<div class=\"mh-excerpt\"><p>EL DILEMA MORAL DE LA IZQUIERDA &nbsp; Os repugna admitir que Dios pueda, como nosotros, hacer suya la causa de otro. \u00ab\u00bfPero abrazar\u00eda Dios la causa de la verdad, si no fuese \u00e9l mismo la <a class=\"mh-excerpt-more\" href=\"https:\/\/puntocritico.com\/ausajpuntocritico\/2024\/11\/25\/el-dilema-moral-de-la-izquierda\/\" title=\"EL DILEMA MORAL DE LA IZQUIERDA: \u00abLos esclavos felices\u00bb y \u00abLos Se\u00f1ores del Relato\u00bb\">[&#8230;]<\/a><\/p>\n<\/div>","protected":false},"author":3,"featured_media":2303796,"comment_status":"closed","ping_status":"closed","sticky":false,"template":"","format":"standard","meta":{"_acf_changed":false,"_exactmetrics_skip_tracking":false,"_exactmetrics_sitenote_active":false,"_exactmetrics_sitenote_note":"","_exactmetrics_sitenote_category":0,"footnotes":""},"categories":[7,12],"tags":[],"class_list":{"0":"post-2303763","1":"post","2":"type-post","3":"status-publish","4":"format-standard","5":"has-post-thumbnail","7":"category-politica","8":"category-corrupcion"},"acf":[],"_links":{"self":[{"href":"https:\/\/puntocritico.com\/ausajpuntocritico\/wp-json\/wp\/v2\/posts\/2303763","targetHints":{"allow":["GET"]}}],"collection":[{"href":"https:\/\/puntocritico.com\/ausajpuntocritico\/wp-json\/wp\/v2\/posts"}],"about":[{"href":"https:\/\/puntocritico.com\/ausajpuntocritico\/wp-json\/wp\/v2\/types\/post"}],"author":[{"embeddable":true,"href":"https:\/\/puntocritico.com\/ausajpuntocritico\/wp-json\/wp\/v2\/users\/3"}],"replies":[{"embeddable":true,"href":"https:\/\/puntocritico.com\/ausajpuntocritico\/wp-json\/wp\/v2\/comments?post=2303763"}],"version-history":[{"count":0,"href":"https:\/\/puntocritico.com\/ausajpuntocritico\/wp-json\/wp\/v2\/posts\/2303763\/revisions"}],"wp:featuredmedia":[{"embeddable":true,"href":"https:\/\/puntocritico.com\/ausajpuntocritico\/wp-json\/wp\/v2\/media\/2303796"}],"wp:attachment":[{"href":"https:\/\/puntocritico.com\/ausajpuntocritico\/wp-json\/wp\/v2\/media?parent=2303763"}],"wp:term":[{"taxonomy":"category","embeddable":true,"href":"https:\/\/puntocritico.com\/ausajpuntocritico\/wp-json\/wp\/v2\/categories?post=2303763"},{"taxonomy":"post_tag","embeddable":true,"href":"https:\/\/puntocritico.com\/ausajpuntocritico\/wp-json\/wp\/v2\/tags?post=2303763"}],"curies":[{"name":"wp","href":"https:\/\/api.w.org\/{rel}","templated":true}]}}