{"id":2303651,"date":"2024-11-21T12:57:20","date_gmt":"2024-11-21T11:57:20","guid":{"rendered":"https:\/\/puntocritico.com\/ausajpuntocritico\/?p=2303651"},"modified":"2025-01-22T14:27:13","modified_gmt":"2025-01-22T13:27:13","slug":"x-1","status":"publish","type":"post","link":"https:\/\/puntocritico.com\/ausajpuntocritico\/2024\/11\/21\/x-1\/","title":{"rendered":"X = 1"},"content":{"rendered":"<p style=\"text-align: justify;\"><span style=\"color: #008000; font-size: 14pt;\">X = 1<\/span><\/p>\n\n<p>&nbsp;<\/p>\n<h2 class=\"style-scope ytd-watch-metadata\" style=\"text-align: center;\"><span style=\"font-size: 24pt;\">Declaraci\u00f3n de V\u00edctor de Aldama ante el juez<\/span><\/h2>\n<p>&nbsp;<\/p>\n<blockquote>\n<p style=\"text-align: center;\"><strong><span style=\"font-size: 18pt; color: #008000;\"><a href=\"https:\/\/puntocritico.com\/ausajpuntocritico\/2025\/01\/23\/juzgados-sin-ley\/\">RETIRADA POR VUNERACI\u00d3N DEL ART\u00cdCULO 301 DE LA LEY DE ENJUICIAMIENTO CRIMINAL<\/a> (\u00abLas diligencias del sumario ser\u00e1n reservadas y no tendr\u00e1n car\u00e1cter p\u00fablico hasta que se abra el juicio oral, con las excepciones determinadas en la presente Ley\u00bb)<\/span><\/strong><\/p>\n<\/blockquote>\n<p style=\"text-align: center;\"><span style=\"color: #008000; font-size: 18pt;\">***<\/span><\/p>\n<blockquote>\n<p style=\"text-align: center;\"><span style=\"font-size: 14pt;\">El empresario V\u00edctor de Aldama, presunto nexo de uni\u00f3n en toda la trama que afecta a medio PSOE, Gobierno, y a las propias personalidades de Pedro S\u00e1nchez, Bego\u00f1a G\u00f3mez, \u00c1balos, Koldo, Santos Cerd\u00e1n y dem\u00e1s, ha declarado ante el juez.\u00a0 <\/span><\/p>\n<p style=\"text-align: center;\"><span style=\"font-size: 14pt;\">Vea la declaraci\u00f3n \u00edntegra del empresario que est\u00e1 en prisi\u00f3n preventiva y que quiso declarar voluntariamente ante el juez.\u00a0<\/span><\/p>\n<\/blockquote>\n<p>&nbsp;<\/p>\n<figure id=\"attachment_2303126\" aria-describedby=\"caption-attachment-2303126\" style=\"width: 440px\" class=\"wp-caption aligncenter\"><a href=\"https:\/\/www.youtube.com\/watch?v=fk8N5hndPcQ\" target=\"_blank\" rel=\"noopener\" data-schema-attribute=\"\"><img loading=\"lazy\" decoding=\"async\" class=\"wp-image-2303126\" src=\"https:\/\/puntocritico.com\/ausajpuntocritico\/wp-content\/uploads\/2024\/11\/Pedro-Sanchez-con-Aldama-La-FOTO-300x200.webp\" alt=\"\" width=\"440\" height=\"293\" srcset=\"https:\/\/puntocritico.com\/ausajpuntocritico\/wp-content\/uploads\/2024\/11\/Pedro-Sanchez-con-Aldama-La-FOTO-300x200.webp 300w, https:\/\/puntocritico.com\/ausajpuntocritico\/wp-content\/uploads\/2024\/11\/Pedro-Sanchez-con-Aldama-La-FOTO-1024x683.webp 1024w, https:\/\/puntocritico.com\/ausajpuntocritico\/wp-content\/uploads\/2024\/11\/Pedro-Sanchez-con-Aldama-La-FOTO-768x512.webp 768w, https:\/\/puntocritico.com\/ausajpuntocritico\/wp-content\/uploads\/2024\/11\/Pedro-Sanchez-con-Aldama-La-FOTO.webp 1200w\" sizes=\"auto, (max-width: 440px) 100vw, 440px\" \/><\/a><figcaption id=\"caption-attachment-2303126\" class=\"wp-caption-text\"><span style=\"color: #008000;\">El 1 y Aldama<\/span><\/figcaption><\/figure>\n<p style=\"text-align: center;\"><strong><span style=\"color: #008000; font-size: 18pt;\">*******<\/span><\/strong><\/p>\n<h3 style=\"text-align: center;\"><span style=\"font-size: 18pt;\">Ceremonia de entrega a V\u00edctor Aldama de la Medalla al M\u00e9rito de la Guardia Civil en 2022<\/span><\/h3>\n<p>&nbsp;<\/p>\n<p style=\"text-align: center;\"><iframe loading=\"lazy\" title=\"YouTube video player\" src=\"\/\/www.youtube.com\/embed\/TiD44C4sirw?si=DTI24FL4xGmBhnPM\" width=\"560\" height=\"315\" frameborder=\"0\" allowfullscreen=\"allowfullscreen\"><\/iframe><\/p>\n<p>&nbsp;<\/p>\n<blockquote>\n<p style=\"text-align: center;\"><span style=\"font-size: 14pt;\">La Guardia Civil concedi\u00f3 a V\u00edctor de Aldama el ingreso en la Orden del M\u00e9rito de la Guardia Civil por sus \u00abprofundos valores\u00bb y sus \u00abtributos\u00bb de forma \u00abaltruista\u00bb en favor de \u00ablos intereses de Espa\u00f1a\u00bb. EL MUNDO ha tenido acceso en exclusiva a las im\u00e1genes de la ceremonia de condecoraci\u00f3n con distintivo blanco, que tuvo lugar en 2022 y en la que el responsable de la Unidad Central Especial 2 (UCE 2) del Servicio de Informaci\u00f3n ensalza la labor que hab\u00eda realizado el empresario investigado en el caso Koldo en favor del Instituto Armado. <\/span><\/p>\n<p style=\"text-align: center;\"><span style=\"font-size: 14pt;\">El coronel Francisco Jos\u00e9 V\u00e1zquez comenz\u00f3 exponiendo que hablaba en representaci\u00f3n del Cuerpo \u00abcon el coraz\u00f3n\u00bb y destac\u00f3 que la medalla que le iba a imponer a Aldama era, efectivamente, \u00abuna recompensa\u00bb. Pero que en este caso espec\u00edfico se trataba de un reconocimiento de mucho mayor calado.<\/span><\/p>\n<\/blockquote>\n<p>&nbsp;<\/p>\n<p><a href=\"https:\/\/www.elmundo.es\/espana\/2024\/11\/24\/67437d95fdddff0a338b459c.html\" target=\"_blank\" rel=\"noopener\" data-schema-attribute=\"\"><img loading=\"lazy\" decoding=\"async\" class=\"aligncenter wp-image-2303857\" src=\"https:\/\/puntocritico.com\/ausajpuntocritico\/wp-content\/uploads\/2024\/11\/Condecoracion-a-Aldama-2022-300x200.webp\" alt=\"\" width=\"400\" height=\"267\" srcset=\"https:\/\/puntocritico.com\/ausajpuntocritico\/wp-content\/uploads\/2024\/11\/Condecoracion-a-Aldama-2022-300x200.webp 300w, https:\/\/puntocritico.com\/ausajpuntocritico\/wp-content\/uploads\/2024\/11\/Condecoracion-a-Aldama-2022-768x513.webp 768w, https:\/\/puntocritico.com\/ausajpuntocritico\/wp-content\/uploads\/2024\/11\/Condecoracion-a-Aldama-2022.webp 920w\" sizes=\"auto, (max-width: 400px) 100vw, 400px\" \/><\/a><\/p>\n<p style=\"text-align: center;\"><strong><span style=\"color: #008000; font-size: 18pt;\">*******<\/span><\/strong><\/p>\n<h2 id=\"H1_js_673f7726fc6c833b578b45b1\" class=\"ue-c-article__headline js-headline\" style=\"text-align: center;\"><span style=\"font-size: 24pt;\">La Audiencia acuerda la libertad del comisionista Aldama tras su confesi\u00f3n<\/span><\/h2>\n<div class=\"ue-c-article__standfirst\">\n<p class=\"ue-c-article__paragraph\" style=\"text-align: center;\"><strong><em><span style=\"font-size: 14pt;\">La Fiscal\u00eda considera que la colaboraci\u00f3n prestada ha sido sincera, ya que ha asumido la comisi\u00f3n de varios delitos, aportado detalles nuevos a la investigaci\u00f3n<\/span><\/em><\/strong><\/p>\n<p style=\"text-align: justify;\"><span style=\"font-size: 14pt;\">Por \u00c1ngela Martialay y Esteban Urreiztieta<\/span><\/p>\n<p style=\"text-align: justify;\"><span style=\"font-size: 14pt;\"><a href=\"https:\/\/www.elmundo.es\/espana\/2024\/11\/21\/673f7726fc6c833b578b45b1.html\" target=\"_blank\" rel=\"noopener\">El Mundo<\/a>, 21 NOV 2024<\/span><\/p>\n<\/div>\n<figure id=\"attachment_2303688\" aria-describedby=\"caption-attachment-2303688\" style=\"width: 440px\" class=\"wp-caption aligncenter\"><img loading=\"lazy\" decoding=\"async\" class=\"wp-image-2303688\" src=\"https:\/\/puntocritico.com\/ausajpuntocritico\/wp-content\/uploads\/2024\/11\/Aldama-en-la-Comision-de-Investigacion-del-Caso-Koldo-300x200.webp\" alt=\"X 0 1\" width=\"440\" height=\"293\" srcset=\"https:\/\/puntocritico.com\/ausajpuntocritico\/wp-content\/uploads\/2024\/11\/Aldama-en-la-Comision-de-Investigacion-del-Caso-Koldo-300x200.webp 300w, https:\/\/puntocritico.com\/ausajpuntocritico\/wp-content\/uploads\/2024\/11\/Aldama-en-la-Comision-de-Investigacion-del-Caso-Koldo-768x512.webp 768w, https:\/\/puntocritico.com\/ausajpuntocritico\/wp-content\/uploads\/2024\/11\/Aldama-en-la-Comision-de-Investigacion-del-Caso-Koldo.webp 920w\" sizes=\"auto, (max-width: 440px) 100vw, 440px\" \/><figcaption id=\"caption-attachment-2303688\" class=\"wp-caption-text\"><span style=\"color: #008000;\">V\u00edctor de Aldama, en la Comisi\u00f3n de Investigaci\u00f3n del &#8216;caso Koldo&#8217;. EUROPA PRESS<\/span><\/figcaption><\/figure>\n<p>&nbsp;<\/p>\n<p class=\"ue-c-article__paragraph\" style=\"text-align: justify;\" data-mrf-recirculation=\"Links P\u00e1rrafos\"><span style=\"font-size: 14pt;\">El titular del <strong>Juzgado Central de Instrucci\u00f3n N\u00famero 5 de la Audiencia Nacional<\/strong>, <strong>Santiago Pedraz<\/strong>, ha acordado este jueves la puesta en libertad del l\u00edder de la\u00a0<i>trama Koldo<\/i>,\u00a0<strong>V\u00edctor de Aldama<\/strong>, seg\u00fan consta en un auto notificado al centro penitenciario.<\/span><\/p>\n<p data-mrf-recirculation=\"Links P\u00e1rrafos\">\u00a0<\/p>\n<blockquote>\n<p style=\"text-align: center;\" data-mrf-recirculation=\"Links P\u00e1rrafos\"><strong><span style=\"font-size: 14pt; color: #008000;\">El juez accede a la petici\u00f3n de la defensa de Aldama que ha sido apoyada por la Fiscal\u00eda Anticorrupci\u00f3n<\/span><\/strong><\/p>\n<\/blockquote>\n<p data-mrf-recirculation=\"Links P\u00e1rrafos\">\u00a0<\/p>\n<p class=\"ue-c-article__paragraph\" style=\"text-align: justify;\" data-mrf-recirculation=\"Links P\u00e1rrafos\"><span style=\"font-size: 14pt;\">El juez accede as\u00ed a la petici\u00f3n de la defensa de <strong>Aldama<\/strong> que, tal y como ha adelantado El MUNDO, ha sido apoyada por la Fiscal\u00eda Anticorrupci\u00f3n.<\/span><\/p>\n<p class=\"ue-c-article__paragraph\" style=\"text-align: justify;\" data-mrf-recirculation=\"Links P\u00e1rrafos\"><span style=\"font-size: 14pt;\">Sostiene el juez <strong>Pedraz<\/strong> que los motivos que llevaron a prisi\u00f3n a <strong>Aldama<\/strong> \u00ab<em>han quedado muy atenuados<\/em>\u00ab. Al mismo tiempo considera procedente acordar la prohibici\u00f3n de que salga del territorio nacional y le impone comparecencias semanales ante el juzgado.<\/span><\/p>\n<p class=\"ue-c-article__paragraph\" style=\"text-align: justify;\" data-mrf-recirculation=\"Links P\u00e1rrafos\"><span style=\"font-size: 14pt;\">El fiscal Anticorrupci\u00f3n\u00a0<strong>Luis Pastor<\/strong>\u00a0considera que la colaboraci\u00f3n prestada por <strong>Aldama<\/strong> ha sido sincera, ya que ha asumido la comisi\u00f3n de varios delitos, aportado detalles nuevos a la investigaci\u00f3n y matizado otros que obraban en el sumario.<\/span><\/p>\n<p data-mrf-recirculation=\"Links P\u00e1rrafos\">\u00a0<\/p>\n<blockquote>\n<p style=\"text-align: center;\" data-mrf-recirculation=\"Links P\u00e1rrafos\"><span style=\"color: #008000;\"><strong><span style=\"font-size: 14pt;\">El fiscal Anticorrupci\u00f3n\u00a0Luis Pastor\u00a0considera que la colaboraci\u00f3n prestada por Aldama ha sido sincera, ya que ha asumido la comisi\u00f3n de varios delitos, aportado detalles nuevos a la investigaci\u00f3n y matizado otros que obraban en el sumario<\/span><\/strong><\/span><\/p>\n<\/blockquote>\n<p data-mrf-recirculation=\"Links P\u00e1rrafos\">\u00a0<\/p>\n<p class=\"ue-c-article__paragraph\" style=\"text-align: justify;\" data-mrf-recirculation=\"Links P\u00e1rrafos\"><span style=\"font-size: 14pt;\">Fuentes fiscales muestran su satisfacci\u00f3n por el testimonio prestado por <strong>Aldama<\/strong>. Estas fuentes subrayan que ha reconocido los hechos por los que est\u00e1 siendo investigado, ha detallado c\u00f3mo cobraba las presuntas comisiones el ex ministro de Transportes\u00a0<strong>Jos\u00e9 Luis \u00c1balos<\/strong>\u00a0y ha confirmado que la presunta organizaci\u00f3n criminal no s\u00f3lo oper\u00f3 durante la pandemia.<\/span><\/p>\n<p class=\"ue-c-article__paragraph\" style=\"text-align: justify;\" data-mrf-recirculation=\"Links P\u00e1rrafos\"><span style=\"font-size: 14pt;\">Asimismo, durante su comparecencia, el denominado \u00ab<em>nexo corruptor<\/em>\u00bb ha aclarado cu\u00e1les eran los pseud\u00f3nimos de los principales integrantes de la red de corrupci\u00f3n y adem\u00e1s ha detallado c\u00f3mo se prepar\u00f3 la contrataci\u00f3n de la empresa Soluciones de Gesti\u00f3n con el Ejecutivo y diversas autonom\u00edas durante la <a href=\"https:\/\/puntocritico.com\/ausajpuntocritico\/2024\/03\/07\/residencias-en-tiempos-de-covid-informe-de-amnistia-internacional\/\"><strong>pandemia del Covid<\/strong><\/a>.<\/span><\/p>\n<p class=\"ue-c-article__paragraph\" style=\"text-align: justify;\" data-mrf-recirculation=\"Links P\u00e1rrafos\"><span style=\"font-size: 14pt;\">Seg\u00fan el Ministerio P\u00fablico, l<strong>a confesi\u00f3n de los delitos coloca al investigado en una nueva situaci\u00f3n<\/strong>, que desvirt\u00faa uno de los motivos que determinaron la prisi\u00f3n -la destrucci\u00f3n de pruebas- y aten\u00faa el otro -el riesgo de fuga-.<\/span><\/p>\n<p class=\"ue-c-article__paragraph\" style=\"text-align: justify;\" data-mrf-recirculation=\"Links P\u00e1rrafos\"><span style=\"font-size: 14pt;\">Por su parte, el titular del Juzgado Central de Instrucci\u00f3n N\u00famero 2 de la Audiencia Nacional,<strong>\u00a0Ismael Moreno,\u00a0<\/strong>instructor de la <strong>trama Koldo<\/strong>, remiti\u00f3 hoy copia de la declaraci\u00f3n de <strong>Aldama<\/strong> a su compa\u00f1ero el juez <strong>Pedraz<\/strong>.<\/span><\/p>\n<p class=\"ue-c-article__paragraph\" style=\"text-align: justify;\" data-mrf-recirculation=\"Links P\u00e1rrafos\"><span style=\"font-size: 14pt;\">Se da la circunstancia de que el comisionista <strong>Aldama<\/strong> ha comenzado la colaboraci\u00f3n con la justicia en el marco del<i>\u00a0caso Koldo<\/i>\u00a0aunque se encuentra en la actualidad en prisi\u00f3n preventiva por la trama de los hidrocarburos.<\/span><\/p>\n<p class=\"ue-c-article__paragraph\" style=\"text-align: justify;\" data-mrf-recirculation=\"Links P\u00e1rrafos\"><span style=\"font-size: 14pt;\">Tras comparecer ante Moreno, su letrado<strong>\u00a0Jos\u00e9 Antonio Chocl\u00e1n<\/strong>\u00a0present\u00f3 un escrito donde se\u00f1al\u00f3 que consideraba \u00ab<em>plenamente neutralizados los riesgos<\/em>\u00bb que justificaron la adopci\u00f3n de la prisi\u00f3n incondicional y a\u00f1ad\u00eda que consideraba necesaria la excarcelaci\u00f3n de su cliente \u00ab<em>por la complejidad de los hechos investigados y la necesaria comunicaci\u00f3n permanente con su representaci\u00f3n letrada<\/em>\u00ab.<\/span><\/p>\n<p>&nbsp;<\/p>\n<figure id=\"attachment_2293925\" aria-describedby=\"caption-attachment-2293925\" style=\"width: 660px\" class=\"wp-caption aligncenter\"><img loading=\"lazy\" decoding=\"async\" class=\"wp-image-2293925\" src=\"https:\/\/puntocritico.com\/ausajpuntocritico\/wp-content\/uploads\/2024\/02\/Pedro-y-Koldo-300x213.png\" alt=\"\" width=\"660\" height=\"468\" srcset=\"https:\/\/puntocritico.com\/ausajpuntocritico\/wp-content\/uploads\/2024\/02\/Pedro-y-Koldo-300x213.png 300w, https:\/\/puntocritico.com\/ausajpuntocritico\/wp-content\/uploads\/2024\/02\/Pedro-y-Koldo-1024x727.png 1024w, https:\/\/puntocritico.com\/ausajpuntocritico\/wp-content\/uploads\/2024\/02\/Pedro-y-Koldo-768x545.png 768w, https:\/\/puntocritico.com\/ausajpuntocritico\/wp-content\/uploads\/2024\/02\/Pedro-y-Koldo.png 1078w\" sizes=\"auto, (max-width: 660px) 100vw, 660px\" \/><figcaption id=\"caption-attachment-2293925\" class=\"wp-caption-text\"><span style=\"color: #008000;\">Pedro y Koldo<\/span><\/figcaption><\/figure>\n<p style=\"text-align: center;\"><span style=\"font-size: 18pt;\"><strong><span style=\"color: #008000;\">*******<\/span><\/strong><\/span><\/p>\n<div class=\"default-title\">\n<h2 class=\"c-detail__title\" style=\"text-align: center;\"><span style=\"font-size: 24pt;\">La Fiscal\u00eda, en entredicho con Aldama: un interrogatorio superficial y una petici\u00f3n de libertad expr\u00e9s<\/span><\/h2>\n<\/div>\n<div class=\"default-epigraph\">\n<div id=\"m42638-42637-42639\" class=\"c-detail__subtitle \">\n<p style=\"text-align: center;\"><strong><span style=\"font-size: 14pt;\">La solicitud del fiscal anticorrupci\u00f3n, Luis Pastor, llegaba apenas unas horas despu\u00e9s de que concluyese la comparecencia del empresario imputado en la trama Koldo, a petici\u00f3n voluntaria<\/span><\/strong><\/p>\n<\/div>\n<\/div>\n<p style=\"text-align: justify;\"><span style=\"font-size: 14pt;\">Por Mar\u00eda Jamardo<\/span><\/p>\n<p style=\"text-align: justify;\"><span style=\"font-size: 14pt;\"><a href=\"https:\/\/www.eldebate.com\/espana\/20241122\/fiscalia-entredicho-aldama-interrogatorio-superficial-peticion-expres-libertad_247034.html\" target=\"_blank\" rel=\"noopener\">El Debate<\/a>, 22 NOV 2024<\/span><\/p>\n<p><img loading=\"lazy\" decoding=\"async\" class=\"aligncenter wp-image-2303701\" src=\"https:\/\/puntocritico.com\/ausajpuntocritico\/wp-content\/uploads\/2024\/11\/Aldama-sale-de-prision-tras-su-declaracion-2-300x169.webp\" alt=\"\" width=\"480\" height=\"270\" srcset=\"https:\/\/puntocritico.com\/ausajpuntocritico\/wp-content\/uploads\/2024\/11\/Aldama-sale-de-prision-tras-su-declaracion-2-300x169.webp 300w, https:\/\/puntocritico.com\/ausajpuntocritico\/wp-content\/uploads\/2024\/11\/Aldama-sale-de-prision-tras-su-declaracion-2-1024x576.webp 1024w, https:\/\/puntocritico.com\/ausajpuntocritico\/wp-content\/uploads\/2024\/11\/Aldama-sale-de-prision-tras-su-declaracion-2-768x432.webp 768w, https:\/\/puntocritico.com\/ausajpuntocritico\/wp-content\/uploads\/2024\/11\/Aldama-sale-de-prision-tras-su-declaracion-2-678x381.webp 678w, https:\/\/puntocritico.com\/ausajpuntocritico\/wp-content\/uploads\/2024\/11\/Aldama-sale-de-prision-tras-su-declaracion-2-1320x742.webp 1320w, https:\/\/puntocritico.com\/ausajpuntocritico\/wp-content\/uploads\/2024\/11\/Aldama-sale-de-prision-tras-su-declaracion-2.webp 1366w\" sizes=\"auto, (max-width: 480px) 100vw, 480px\" \/><\/p>\n<p>&nbsp;<\/p>\n<p style=\"text-align: justify;\"><span style=\"font-size: 14pt;\"><strong>A<\/strong><b>nticorrupci\u00f3n\u00a0<\/b>se apresuraba en los tr\u00e1mites para la puesta en libertad del considerado cabecilla de la trama Koldo, el empresario\u00a0<b>V\u00edctor de Aldama<\/b>. El mismo fiscal,\u00a0<b>Luis Pastor<\/b>, que ha tardado \u00abm\u00e1s de un a\u00f1o en dar forma a las pesquisas iniciales\u00bb, que no ha \u00abimpulsado desde los registros practicados en marzo los avances sobre el volcado de los dispositivos tecnol\u00f3gicos incautados\u00bb \u2013de los que no se sabe nada\u2013, que \u00abinst\u00f3 el escrito inicial que dio origen a las actuaciones\u00bb despu\u00e9s del 23-J \u2013\u00abpara no influir en el resultado de las elecciones\u00bb\u2013, \u00abpisaba el acelerador\u00bb para pedir la\u00a0<b>excarcelaci\u00f3n\u00a0<\/b>de Aldama, se\u00f1alan a El Debate fuentes pr\u00f3ximas a la causa.<\/span><\/p>\n<p class=\"paragraph\" style=\"text-align: justify;\" data-mrf-recirculation=\"Enlaces p\u00e1rrafos\"><span style=\"font-size: 14pt;\">El papel del fiscal, y el de su superior\u00a0<b>Alejandro Luz\u00f3n<\/b>, en este caso, ha levantado ampollas. No s\u00f3lo por su premura en la solicitud de levantamiento de la prisi\u00f3n provisional, confirmada, el pasado viernes por el \u00abelevado riesgo de fuga\u00bb del detenido, quien cuenta con dinero fuera de nuestro pa\u00eds, en un auto de la Sala de lo Penal de la Audiencia; sino, adem\u00e1s, por su \u00abcuando menos cuestionable\u00bb papel durante el interrogatorio, a petici\u00f3n voluntaria, del considerado comisionista de la \u00aborganizaci\u00f3n criminal investigada\u00bb.<\/span><\/p>\n<p class=\"paragraph\" style=\"text-align: justify;\" data-mrf-recirculation=\"Enlaces p\u00e1rrafos\"><span style=\"font-size: 14pt;\">Las preguntas de Pastor \u2013al que antes de iniciarse la vista de le vio hablando directamente con Aldama, en la sala habilitada par la ocasi\u00f3n\u2013\u00a0<b>fueron \u00absuperficiales\u00bb<\/b>. Ni una sola repregunta sobre algunas de las confesiones m\u00e1s controvertidas que lanz\u00f3 sobre acerca de los destinatarios de las &#8216;mordidas&#8217; o sobre el rescate de<b>\u00a0Air Europa<\/b>\u00a0y las conexiones venezolanas de la trama.<\/span><\/p>\n<p class=\"paragraph\" style=\"text-align: justify;\" data-mrf-recirculation=\"Enlaces p\u00e1rrafos\"><span style=\"font-size: 14pt;\">El fiscal se centr\u00f3, en todo momento, en los detalles de las mascarillas y en los ya imputados por la presunta corrupci\u00f3n en la compraventa de las mismas, pese a que Aldama iba con ganas de tirar de la manta. \u00abLa sensaci\u00f3n es que l<b>a Fiscal\u00eda no quer\u00eda escalar<\/b>\u00bb en las posibles responsabilidades que pudieron darse, \u00abm\u00e1s all\u00e1 de Koldo y \u00c1balos\u00bb, hasta el propio S\u00e1nchez, lamentan algunas fuentes judiciales.<\/span><\/p>\n<div id=\"m42653-42652-42654\" class=\"c-detail__box \">\n<div id=\"trinityContainerScript\" class=\"c-detail__body\">\n<p class=\"paragraph\" style=\"text-align: justify;\" data-mrf-recirculation=\"Enlaces p\u00e1rrafos\"><span style=\"font-size: 14pt;\">Aldama se sentaba a primera hora de este jueves, en la\u00a0<b>Audiencia Nacional,\u00a0<\/b>frente al juez<b>\u00a0instructor Ismael Serrano<\/b>\u00a0para dar informaci\u00f3n sensible sobre un caso de corrupci\u00f3n que, presuntamente, salpicaba al presidente del Gobierno,\u00a0<b>Pedro S\u00e1nchez<\/b>, a su mujer\u00a0<b>Bego\u00f1a G\u00f3mez,<\/b>\u00a0a varios ministros y otros tantos altos cargos del\u00a0<b>PSOE<\/b>. Y no era un acto irreflexivo y &#8216;kamikaze&#8217; porque nada m\u00e1s salir de la c\u00e1rcel, el empresario asegura a S\u00e1nchez, como horas antes hiciese al fiscal, que puede aportar documentaci\u00f3n, alguna de ella gr\u00e1fica, que respalde sus declaraciones.<\/span><\/p>\n<\/div>\n<\/div>\n<p data-mrf-recirculation=\"Enlaces p\u00e1rrafos\">\u00a0<\/p>\n<blockquote>\n<p style=\"text-align: center;\" data-mrf-recirculation=\"Enlaces p\u00e1rrafos\"><span style=\"font-size: 14pt;\"><strong><span style=\"color: #008000;\">\u00ab<em>Si quiere pruebas, las tendr\u00e1<\/em>\u00bb, declaraba Aldama a los medios de comunicaci\u00f3n que le esperaban a su salida de la prisi\u00f3n madrile\u00f1a de Soto del Real<\/span><\/strong><\/span><\/p>\n<\/blockquote>\n<p data-mrf-recirculation=\"Enlaces p\u00e1rrafos\">\u00a0<\/p>\n<div id=\"m42653-42652-42654\" class=\"c-detail__box \">\n<div id=\"trinityContainerScript\" class=\"c-detail__body\">\n<p class=\"paragraph\" style=\"text-align: justify;\" data-mrf-recirculation=\"Enlaces p\u00e1rrafos\"><span style=\"font-size: 14pt;\">\u00ab<em>Si quiere pruebas, las tendr\u00e1<\/em>\u00bb, declaraba Aldama a los medios de comunicaci\u00f3n que le esperaban a su salida de la prisi\u00f3n madrile\u00f1a de Soto del Real, al final del d\u00eda. Un trabajo de coordinaci\u00f3n impecable entre el fiscal Luis Pastor y el<b>\u00a0magistrado Santiago Pedraz<\/b>, al frente de una causa distinta de la de la confesi\u00f3n ampliada, para los tiempos habituales y las dificultades de la Justicia espa\u00f1ola, que adolece de medios humanos y t\u00e9cnicos, desde hace d\u00e9cadas.<\/span><\/p>\n<p class=\"paragraph\" style=\"text-align: justify;\" data-mrf-recirculation=\"Enlaces p\u00e1rrafos\"><span style=\"font-size: 14pt;\">Una \u00abverg\u00fcenza\u00bb que, para algunas fuentes judiciales consultadas, pone de manifiesto que, como adelant\u00f3 este diario,<a title=\"Aldama se adelanta a la pr\u00f3xima declaraci\u00f3n de \u00c1balos en busca de un pacto con la Fiscal\u00eda\" href=\"https:\/\/www.eldebate.com\/espana\/20241121\/aldama-adelanta-proxima-declaracion-abalos-busca-pacto-fiscalia_246695.html\" target=\"_blank\" rel=\"noopener\" data-mrf-link=\"https:\/\/www.eldebate.com\/espana\/20241121\/aldama-adelanta-proxima-declaracion-abalos-busca-pacto-fiscalia_246695.html\" data-schema-attribute=\"\">\u00a0el &#8216;pacto&#8217; con el Ministerio P\u00fablico estaba \u00abmuy avanzado\u00bb\u00a0<\/a>antes, incluso, de que Aldama dijese una sola palabra. No en vano, su abogado<b>\u00a0Jos\u00e9 Antonio Chocl\u00e1n<\/b>, ex jefe de estudios del\u00a0<b>Consejo General del Poder Judicial (CGPJ)<\/b>\u00a0y magistrado en excedencia del Tribunal Supremo, es conocido por su gran capacidad negociadora.<\/span><\/p>\n<p class=\"paragraph\" style=\"text-align: justify;\" data-mrf-recirculation=\"Enlaces p\u00e1rrafos\"><span style=\"font-size: 14pt;\">Es cierto que el acuerdo no puede formalizarse como tal, en esta fase de la investigaci\u00f3n en curso, pero s\u00ed podr\u00eda \u00abapreciarse en el momento de formular acusaci\u00f3n\u00bb contra Aldama, m\u00e1s adelante, y de momento ha provocado su inmediata salida de la c\u00e1rcel, donde se encontraba por un motivo distinto del de su declaraci\u00f3n, un presunto\u00a0<b>fraude en el IVA de los hidrocarburos,<\/b>\u00a0bajo secreto de sumario.<\/span><\/p>\n<\/div>\n<div class=\"c-detail__tags \" style=\"text-align: justify;\">\u00a0<\/div>\n<div class=\"c-detail__comments \">\n<div id=\"comment-box\" class=\"box-comments\" data-article=\"247034\" data-sso=\"trzt58bbf9eUArRUQcPfdRrOdG0o64yE\" data-website=\"11224\">\u00a0<\/div>\n<\/div>\n<\/div>\n<figure id=\"attachment_2294614\" aria-describedby=\"caption-attachment-2294614\" style=\"width: 678px\" class=\"wp-caption aligncenter\"><img loading=\"lazy\" decoding=\"async\" class=\"wp-image-2294614 size-mh-magazine-content\" src=\"https:\/\/puntocritico.com\/ausajpuntocritico\/wp-content\/uploads\/2024\/03\/agencia-ALDAMA-0103-1024x576-1-678x381.webp\" alt=\"\" width=\"678\" height=\"381\" srcset=\"https:\/\/puntocritico.com\/ausajpuntocritico\/wp-content\/uploads\/2024\/03\/agencia-ALDAMA-0103-1024x576-1-678x381.webp 678w, https:\/\/puntocritico.com\/ausajpuntocritico\/wp-content\/uploads\/2024\/03\/agencia-ALDAMA-0103-1024x576-1-300x169.webp 300w, https:\/\/puntocritico.com\/ausajpuntocritico\/wp-content\/uploads\/2024\/03\/agencia-ALDAMA-0103-1024x576-1-768x432.webp 768w, https:\/\/puntocritico.com\/ausajpuntocritico\/wp-content\/uploads\/2024\/03\/agencia-ALDAMA-0103-1024x576-1.webp 1024w\" sizes=\"auto, (max-width: 678px) 100vw, 678px\" \/><figcaption id=\"caption-attachment-2294614\" class=\"wp-caption-text\"><span style=\"color: #008000;\">Documento donde se refleja la relaci\u00f3n de Aldama con el rescate de Air Europa.<\/span><\/figcaption><\/figure>\n<p style=\"text-align: center;\"><span style=\"font-size: 18pt;\"><strong><span style=\"color: #008000;\">*******<\/span><\/strong><\/span><\/p>\n<h2 style=\"text-align: center;\"><span style=\"font-size: 24pt;\">X = 1<\/span><\/h2>\n<p><a href=\"https:\/\/puntocritico.com\/ausajpuntocritico\/2024\/02\/07\/marino-barbero\/\"><img loading=\"lazy\" decoding=\"async\" class=\"aligncenter wp-image-2293186\" src=\"https:\/\/puntocritico.com\/ausajpuntocritico\/wp-content\/uploads\/2024\/02\/Filesa-y-la-banca-corrupta-felipismo-falangismo-PPAL-300x199.jpg\" alt=\"\" width=\"480\" height=\"319\" srcset=\"https:\/\/puntocritico.com\/ausajpuntocritico\/wp-content\/uploads\/2024\/02\/Filesa-y-la-banca-corrupta-felipismo-falangismo-PPAL-300x199.jpg 300w, https:\/\/puntocritico.com\/ausajpuntocritico\/wp-content\/uploads\/2024\/02\/Filesa-y-la-banca-corrupta-felipismo-falangismo-PPAL-678x452.jpg 678w, https:\/\/puntocritico.com\/ausajpuntocritico\/wp-content\/uploads\/2024\/02\/Filesa-y-la-banca-corrupta-felipismo-falangismo-PPAL.jpg 680w\" sizes=\"auto, (max-width: 480px) 100vw, 480px\" \/><\/a><\/p>\n<p>&nbsp;<\/p>\n<p style=\"text-align: justify;\"><img loading=\"lazy\" decoding=\"async\" class=\"aligncenter wp-image-11476\" src=\"https:\/\/puntocritico.com\/ausajpuntocritico\/wp-content\/uploads\/2018\/04\/Despedida-gonzalez-barrionuevo-y-vera-carcel-IP-300x169.jpg\" alt=\"\" width=\"480\" height=\"270\" srcset=\"https:\/\/puntocritico.com\/ausajpuntocritico\/wp-content\/uploads\/2018\/04\/Despedida-gonzalez-barrionuevo-y-vera-carcel-IP-300x169.jpg 300w, https:\/\/puntocritico.com\/ausajpuntocritico\/wp-content\/uploads\/2018\/04\/Despedida-gonzalez-barrionuevo-y-vera-carcel-IP.jpg 678w\" sizes=\"auto, (max-width: 480px) 100vw, 480px\" \/><\/p>\n<figure id=\"attachment_11486\" aria-describedby=\"caption-attachment-11486\" style=\"width: 300px\" class=\"wp-caption aligncenter\"><img loading=\"lazy\" decoding=\"async\" class=\"wp-image-11486\" src=\"https:\/\/puntocritico.com\/ausajpuntocritico\/wp-content\/uploads\/2018\/04\/GAL-1.jpg\" alt=\"\" width=\"300\" height=\"263\" \/><figcaption id=\"caption-attachment-11486\" class=\"wp-caption-text\"><span style=\"color: #008000;\">Mr X<\/span><\/figcaption><\/figure>\n<p style=\"text-align: center;\">\u00a0<\/p>\n<p><img loading=\"lazy\" decoding=\"async\" class=\"aligncenter wp-image-2303653\" src=\"https:\/\/puntocritico.com\/ausajpuntocritico\/wp-content\/uploads\/2024\/11\/X-1-bis-300x199.jpg\" alt=\"\" width=\"480\" height=\"319\" srcset=\"https:\/\/puntocritico.com\/ausajpuntocritico\/wp-content\/uploads\/2024\/11\/X-1-bis-300x199.jpg 300w, https:\/\/puntocritico.com\/ausajpuntocritico\/wp-content\/uploads\/2024\/11\/X-1-bis-1024x680.jpg 1024w, https:\/\/puntocritico.com\/ausajpuntocritico\/wp-content\/uploads\/2024\/11\/X-1-bis-768x510.jpg 768w, https:\/\/puntocritico.com\/ausajpuntocritico\/wp-content\/uploads\/2024\/11\/X-1-bis.jpg 1200w\" sizes=\"auto, (max-width: 480px) 100vw, 480px\" \/><\/p>\n<p style=\"text-align: center;\"><strong><span style=\"color: #008000; font-size: 18pt;\">*******<\/span><\/strong><\/p>\n<h2 style=\"text-align: justify;\"><span style=\"font-size: 14pt;\"><strong>RELACIONADOS:<\/strong><\/span><\/h2>\n<blockquote class=\"wp-embedded-content\" data-secret=\"YxiHTImKv9\"><p><a href=\"https:\/\/puntocritico.com\/ausajpuntocritico\/2024\/02\/07\/marino-barbero\/\">MARINO BARBERO, EL MAGISTRADO CANCELADO (1): \u00abLa Calumnia, los Jueces y el PSOE\u00bb<\/a><\/p><\/blockquote>\n<p><iframe loading=\"lazy\" class=\"wp-embedded-content\" sandbox=\"allow-scripts\" security=\"restricted\" style=\"position: absolute; visibility: hidden;\" title=\"\u00abMARINO BARBERO, EL MAGISTRADO CANCELADO (1): \u00abLa Calumnia, los Jueces y el PSOE\u00bb\u00bb \u2014 Punto Cr\u00edtico Derechos Humanos\" src=\"https:\/\/puntocritico.com\/ausajpuntocritico\/2024\/02\/07\/marino-barbero\/embed\/#?secret=5PUcSAQTly#?secret=YxiHTImKv9\" data-secret=\"YxiHTImKv9\" width=\"500\" height=\"282\" frameborder=\"0\" marginwidth=\"0\" marginheight=\"0\" scrolling=\"no\"><\/iframe><\/p>\n<blockquote class=\"wp-embedded-content\" data-secret=\"h1dIriPepr\"><p><a href=\"https:\/\/puntocritico.com\/ausajpuntocritico\/2024\/02\/14\/marino-barbero-y-el-pais\/\">MARINO BARBERO Y EL PA\u00cdS (2): LA TRANSICI\u00d3N \u2026 DE LA CENSURA A LA DESINFORMACI\u00d3N: \u00abAn\u00e1lisis del tratamiento medi\u00e1tico del Juez del Caso FILESA en \u00abEl Pa\u00eds\u00bb (1992-1995), por Antonio Carreras<\/a><\/p><\/blockquote>\n<p><iframe loading=\"lazy\" class=\"wp-embedded-content\" sandbox=\"allow-scripts\" security=\"restricted\" style=\"position: absolute; visibility: hidden;\" title=\"\u00abMARINO BARBERO Y EL PA\u00cdS (2): LA TRANSICI\u00d3N \u2026 DE LA CENSURA A LA DESINFORMACI\u00d3N: \u00abAn\u00e1lisis del tratamiento medi\u00e1tico del Juez del Caso FILESA en \u00abEl Pa\u00eds\u00bb (1992-1995), por Antonio Carreras\u00bb \u2014 Punto Cr\u00edtico Derechos Humanos\" src=\"https:\/\/puntocritico.com\/ausajpuntocritico\/2024\/02\/14\/marino-barbero-y-el-pais\/embed\/#?secret=8IlMdihiwm#?secret=h1dIriPepr\" data-secret=\"h1dIriPepr\" width=\"500\" height=\"282\" frameborder=\"0\" marginwidth=\"0\" marginheight=\"0\" scrolling=\"no\"><\/iframe><\/p>\n<blockquote class=\"wp-embedded-content\" data-secret=\"y9Sxwvonc4\"><p><a href=\"https:\/\/puntocritico.com\/ausajpuntocritico\/2024\/02\/21\/marino-barbero-los-jueces-transactos-bacigalupo\/\">MARINO BARBERO, EP\u00cdLOGO: \u00abLOS JUECES TRANSACTOS\u00bb (y 3). El Caso Sogecable, G\u00f3mez de Lia\u00f1o, Baltasar Garz\u00f3n y \u00abEl clan de los Bacigalupo\u00bb.<\/a><\/p><\/blockquote>\n<p><iframe loading=\"lazy\" class=\"wp-embedded-content\" sandbox=\"allow-scripts\" security=\"restricted\" style=\"position: absolute; visibility: hidden;\" title=\"\u00abMARINO BARBERO, EP\u00cdLOGO: \u00abLOS JUECES TRANSACTOS\u00bb (y 3). El Caso Sogecable, G\u00f3mez de Lia\u00f1o, Baltasar Garz\u00f3n y \u00abEl clan de los Bacigalupo\u00bb.\u00bb \u2014 Punto Cr\u00edtico Derechos Humanos\" src=\"https:\/\/puntocritico.com\/ausajpuntocritico\/2024\/02\/21\/marino-barbero-los-jueces-transactos-bacigalupo\/embed\/#?secret=OjnAqYqd3h#?secret=y9Sxwvonc4\" data-secret=\"y9Sxwvonc4\" width=\"500\" height=\"282\" frameborder=\"0\" marginwidth=\"0\" marginheight=\"0\" scrolling=\"no\"><\/iframe><\/p>\n<blockquote class=\"wp-embedded-content\" data-secret=\"P8PO0bIfPb\"><p><a href=\"https:\/\/puntocritico.com\/ausajpuntocritico\/2024\/03\/13\/grandes-exitos-de-la-justicia-espanola-1978-2023-delitos-de-politicos\/\">GRANDES \u00c9XITOS DE LA JUSTICIA ESPA\u00d1OLA (1978 &#8211; 2023): DELITOS DE POL\u00cdTICOS: Una breve e incompleta lista, que puede explicar causas y efectos de los nombramientos arbitrarios de jueces (y muchas otras cosas)<\/a><\/p><\/blockquote>\n<p><iframe loading=\"lazy\" class=\"wp-embedded-content\" sandbox=\"allow-scripts\" security=\"restricted\" style=\"position: absolute; visibility: hidden;\" title=\"\u00abGRANDES \u00c9XITOS DE LA JUSTICIA ESPA\u00d1OLA (1978 &#8211; 2023): DELITOS DE POL\u00cdTICOS: Una breve e incompleta lista, que puede explicar causas y efectos de los nombramientos arbitrarios de jueces (y muchas otras cosas)\u00bb \u2014 Punto Cr\u00edtico Derechos Humanos\" src=\"https:\/\/puntocritico.com\/ausajpuntocritico\/2024\/03\/13\/grandes-exitos-de-la-justicia-espanola-1978-2023-delitos-de-politicos\/embed\/#?secret=pAu46uJz4j#?secret=P8PO0bIfPb\" data-secret=\"P8PO0bIfPb\" width=\"500\" height=\"282\" frameborder=\"0\" marginwidth=\"0\" marginheight=\"0\" scrolling=\"no\"><\/iframe><\/p>\n<blockquote class=\"wp-embedded-content\" data-secret=\"dTfBPr5Y1V\"><p><a href=\"https:\/\/puntocritico.com\/ausajpuntocritico\/2018\/10\/01\/los-gal-y-la-apologia-del-terrorismo-de-estado-republicado\/\">LOS GAL Y LA APOLOG\u00cdA DEL TERRORISMO DE ESTADO<\/a><\/p><\/blockquote>\n<p><iframe loading=\"lazy\" class=\"wp-embedded-content\" sandbox=\"allow-scripts\" security=\"restricted\" style=\"position: absolute; visibility: hidden;\" title=\"\u00abLOS GAL Y LA APOLOG\u00cdA DEL TERRORISMO DE ESTADO\u00bb \u2014 Punto Cr\u00edtico Derechos Humanos\" src=\"https:\/\/puntocritico.com\/ausajpuntocritico\/2018\/10\/01\/los-gal-y-la-apologia-del-terrorismo-de-estado-republicado\/embed\/#?secret=O2s9QsXDIg#?secret=dTfBPr5Y1V\" data-secret=\"dTfBPr5Y1V\" width=\"500\" height=\"282\" frameborder=\"0\" marginwidth=\"0\" marginheight=\"0\" scrolling=\"no\"><\/iframe><\/p>\n<blockquote class=\"wp-embedded-content\" data-secret=\"rqcf9ZVqcD\"><p><a href=\"https:\/\/puntocritico.com\/ausajpuntocritico\/2019\/01\/28\/nihilismo-financiero-espanol-mucho-espanol\/\">NIHILISMO FINANCIERO ESPA\u00d1OL, MUCHO ESPA\u00d1OL<\/a><\/p><\/blockquote>\n<p><iframe loading=\"lazy\" class=\"wp-embedded-content\" sandbox=\"allow-scripts\" security=\"restricted\" style=\"position: absolute; visibility: hidden;\" title=\"\u00abNIHILISMO FINANCIERO ESPA\u00d1OL, MUCHO ESPA\u00d1OL\u00bb \u2014 Punto Cr\u00edtico Derechos Humanos\" src=\"https:\/\/puntocritico.com\/ausajpuntocritico\/2019\/01\/28\/nihilismo-financiero-espanol-mucho-espanol\/embed\/#?secret=RDXJTv3Eeq#?secret=rqcf9ZVqcD\" data-secret=\"rqcf9ZVqcD\" width=\"500\" height=\"282\" frameborder=\"0\" marginwidth=\"0\" marginheight=\"0\" scrolling=\"no\"><\/iframe><\/p>\n<blockquote class=\"wp-embedded-content\" data-secret=\"cy1ggHO0V4\"><p><a href=\"https:\/\/puntocritico.com\/ausajpuntocritico\/2020\/12\/05\/el-control-del-psoe-por-la-cia-libro-la-cia-en-espana-de-alfredo-grimaldos-2\/\">EN MEMORIA DE ALFREDO GRIMALDOS. El control del PSOE por la CIA. Libro \u00abLa CIA en Espa\u00f1a\u00bb, de Alfredo Grimaldos<\/a><\/p><\/blockquote>\n<p><iframe loading=\"lazy\" class=\"wp-embedded-content\" sandbox=\"allow-scripts\" security=\"restricted\" style=\"position: absolute; visibility: hidden;\" title=\"\u00abEN MEMORIA DE ALFREDO GRIMALDOS. El control del PSOE por la CIA. Libro \u00abLa CIA en Espa\u00f1a\u00bb, de Alfredo Grimaldos\u00bb \u2014 Punto Cr\u00edtico Derechos Humanos\" src=\"https:\/\/puntocritico.com\/ausajpuntocritico\/2020\/12\/05\/el-control-del-psoe-por-la-cia-libro-la-cia-en-espana-de-alfredo-grimaldos-2\/embed\/#?secret=f5c37Brl4u#?secret=cy1ggHO0V4\" data-secret=\"cy1ggHO0V4\" width=\"500\" height=\"282\" frameborder=\"0\" marginwidth=\"0\" marginheight=\"0\" scrolling=\"no\"><\/iframe><\/p>\n<blockquote class=\"wp-embedded-content\" data-secret=\"4os4GmdnEv\"><p><a href=\"https:\/\/puntocritico.com\/ausajpuntocritico\/2021\/06\/28\/el-psoe-y-el-terrorismo-de-estado-el-plan-zen-zona-especial-norte-y-su-confluencia-con-el-gal\/\">EL PSOE Y EL TERRORISMO DE ESTADO: EL PLAN \u00abZEN\u00bb (Zona Especial Norte) y su \u00abconfluencia\u00bb con el GAL<\/a><\/p><\/blockquote>\n<p><iframe loading=\"lazy\" class=\"wp-embedded-content\" sandbox=\"allow-scripts\" security=\"restricted\" style=\"position: absolute; visibility: hidden;\" title=\"\u00abEL PSOE Y EL TERRORISMO DE ESTADO: EL PLAN \u00abZEN\u00bb (Zona Especial Norte) y su \u00abconfluencia\u00bb con el GAL\u00bb \u2014 Punto Cr\u00edtico Derechos Humanos\" src=\"https:\/\/puntocritico.com\/ausajpuntocritico\/2021\/06\/28\/el-psoe-y-el-terrorismo-de-estado-el-plan-zen-zona-especial-norte-y-su-confluencia-con-el-gal\/embed\/#?secret=XidSvPv0Lh#?secret=4os4GmdnEv\" data-secret=\"4os4GmdnEv\" width=\"500\" height=\"282\" frameborder=\"0\" marginwidth=\"0\" marginheight=\"0\" scrolling=\"no\"><\/iframe><\/p>\n<blockquote class=\"wp-embedded-content\" data-secret=\"qXFEBYNumh\"><p><a href=\"https:\/\/puntocritico.com\/ausajpuntocritico\/2021\/07\/06\/el-psoe-y-el-tardofranquismo-en-espana-suresnes-el-asalto-de-los-jovenes-lobos-a-la-direccion-del-psoe\/\">EL PSOE Y EL TARDOFRANQUISMO EN ESPA\u00d1A: \u00abSuresnes, el asalto de los j\u00f3venes lobos a la Direcci\u00f3n del PSOE\u00bb.<\/a><\/p><\/blockquote>\n<p><iframe loading=\"lazy\" class=\"wp-embedded-content\" sandbox=\"allow-scripts\" security=\"restricted\" style=\"position: absolute; visibility: hidden;\" title=\"\u00abEL PSOE Y EL TARDOFRANQUISMO EN ESPA\u00d1A: \u00abSuresnes, el asalto de los j\u00f3venes lobos a la Direcci\u00f3n del PSOE\u00bb.\u00bb \u2014 Punto Cr\u00edtico Derechos Humanos\" src=\"https:\/\/puntocritico.com\/ausajpuntocritico\/2021\/07\/06\/el-psoe-y-el-tardofranquismo-en-espana-suresnes-el-asalto-de-los-jovenes-lobos-a-la-direccion-del-psoe\/embed\/#?secret=0qwAesuGhy#?secret=qXFEBYNumh\" data-secret=\"qXFEBYNumh\" width=\"500\" height=\"282\" frameborder=\"0\" marginwidth=\"0\" marginheight=\"0\" scrolling=\"no\"><\/iframe><\/p>\n<blockquote class=\"wp-embedded-content\" data-secret=\"PnuzsQWz5j\"><p><a href=\"https:\/\/puntocritico.com\/ausajpuntocritico\/2022\/08\/01\/la-fiscalia-general-del-estado-acabara-con-el-estado-de-derecho\/\">CUANDO LA IMPARCIALIDAD SE CONVIRTI\u00d3 EN OBEDIENCIA. La Fiscal\u00eda General del Estado acabar\u00e1 con el Estado de Derecho: De la Ley a la \u00abOportunidad\u00bb.<\/a><\/p><\/blockquote>\n<p><iframe loading=\"lazy\" class=\"wp-embedded-content\" sandbox=\"allow-scripts\" security=\"restricted\" style=\"position: absolute; visibility: hidden;\" title=\"\u00abCUANDO LA IMPARCIALIDAD SE CONVIRTI\u00d3 EN OBEDIENCIA. La Fiscal\u00eda General del Estado acabar\u00e1 con el Estado de Derecho: De la Ley a la \u00abOportunidad\u00bb.\u00bb \u2014 Punto Cr\u00edtico Derechos Humanos\" src=\"https:\/\/puntocritico.com\/ausajpuntocritico\/2022\/08\/01\/la-fiscalia-general-del-estado-acabara-con-el-estado-de-derecho\/embed\/#?secret=8fFGShHLMT#?secret=PnuzsQWz5j\" data-secret=\"PnuzsQWz5j\" width=\"500\" height=\"282\" frameborder=\"0\" marginwidth=\"0\" marginheight=\"0\" scrolling=\"no\"><\/iframe><\/p>\n<p>&nbsp;<\/p>\n<blockquote class=\"wp-embedded-content\" data-secret=\"4pNSkz3wHq\"><p><a href=\"https:\/\/puntocritico.com\/ausajpuntocritico\/2022\/09\/25\/narcoestados-el-socialismo-del-siglo-xxi-jorge-cachinero\/\">NARCOESTADOS: LA ZONA GRIS LATINA; QUE SE EXTIENDE POR ESPA\u00d1\u00c0 Y AMENAZA A EUROPA. \u00abNarco, terror y pol\u00edtica en el suroeste de Europa\u00bb, por Jorge Cachinero (serie completa)<\/a><\/p><\/blockquote>\n<p><iframe loading=\"lazy\" class=\"wp-embedded-content\" sandbox=\"allow-scripts\" security=\"restricted\" style=\"position: absolute; visibility: hidden;\" title=\"\u00abNARCOESTADOS: LA ZONA GRIS LATINA; QUE SE EXTIENDE POR ESPA\u00d1\u00c0 Y AMENAZA A EUROPA. \u00abNarco, terror y pol\u00edtica en el suroeste de Europa\u00bb, por Jorge Cachinero (serie completa)\u00bb \u2014 Punto Cr\u00edtico Derechos Humanos\" src=\"https:\/\/puntocritico.com\/ausajpuntocritico\/2022\/09\/25\/narcoestados-el-socialismo-del-siglo-xxi-jorge-cachinero\/embed\/#?secret=8bgpXtlzR5#?secret=4pNSkz3wHq\" data-secret=\"4pNSkz3wHq\" width=\"500\" height=\"282\" frameborder=\"0\" marginwidth=\"0\" marginheight=\"0\" scrolling=\"no\"><\/iframe><\/p>\n<p>&nbsp;<\/p>\n<p><a href=\"https:\/\/puntocritico.com\/ausajpuntocritico\/author\/punto-critico\/\"><img loading=\"lazy\" decoding=\"async\" class=\"aligncenter wp-image-9528\" src=\"https:\/\/puntocritico.com\/ausajpuntocritico\/wp-content\/uploads\/2018\/03\/Mosca_Punto_Cr\u00edtico_40.png\" alt=\"\" width=\"80\" height=\"80\" data-id=\"9528\" \/><\/a><\/p>\n<p>&nbsp;<\/p>\n","protected":false},"excerpt":{"rendered":"<div class=\"mh-excerpt\"><p>X = 1 &nbsp; Declaraci\u00f3n de V\u00edctor de Aldama ante el juez &nbsp; RETIRADA POR VUNERACI\u00d3N DEL ART\u00cdCULO 301 DE LA LEY DE ENJUICIAMIENTO CRIMINAL (\u00abLas diligencias del sumario ser\u00e1n reservadas y no tendr\u00e1n car\u00e1cter <a class=\"mh-excerpt-more\" href=\"https:\/\/puntocritico.com\/ausajpuntocritico\/2024\/11\/21\/x-1\/\" title=\"X = 1\">[&#8230;]<\/a><\/p>\n<\/div>","protected":false},"author":3,"featured_media":2303652,"comment_status":"closed","ping_status":"closed","sticky":false,"template":"","format":"standard","meta":{"_acf_changed":false,"_exactmetrics_skip_tracking":false,"_exactmetrics_sitenote_active":false,"_exactmetrics_sitenote_note":"","_exactmetrics_sitenote_category":0,"footnotes":""},"categories":[6],"tags":[],"class_list":{"0":"post-2303651","1":"post","2":"type-post","3":"status-publish","4":"format-standard","5":"has-post-thumbnail","7":"category-justicia"},"acf":[],"_links":{"self":[{"href":"https:\/\/puntocritico.com\/ausajpuntocritico\/wp-json\/wp\/v2\/posts\/2303651","targetHints":{"allow":["GET"]}}],"collection":[{"href":"https:\/\/puntocritico.com\/ausajpuntocritico\/wp-json\/wp\/v2\/posts"}],"about":[{"href":"https:\/\/puntocritico.com\/ausajpuntocritico\/wp-json\/wp\/v2\/types\/post"}],"author":[{"embeddable":true,"href":"https:\/\/puntocritico.com\/ausajpuntocritico\/wp-json\/wp\/v2\/users\/3"}],"replies":[{"embeddable":true,"href":"https:\/\/puntocritico.com\/ausajpuntocritico\/wp-json\/wp\/v2\/comments?post=2303651"}],"version-history":[{"count":0,"href":"https:\/\/puntocritico.com\/ausajpuntocritico\/wp-json\/wp\/v2\/posts\/2303651\/revisions"}],"wp:featuredmedia":[{"embeddable":true,"href":"https:\/\/puntocritico.com\/ausajpuntocritico\/wp-json\/wp\/v2\/media\/2303652"}],"wp:attachment":[{"href":"https:\/\/puntocritico.com\/ausajpuntocritico\/wp-json\/wp\/v2\/media?parent=2303651"}],"wp:term":[{"taxonomy":"category","embeddable":true,"href":"https:\/\/puntocritico.com\/ausajpuntocritico\/wp-json\/wp\/v2\/categories?post=2303651"},{"taxonomy":"post_tag","embeddable":true,"href":"https:\/\/puntocritico.com\/ausajpuntocritico\/wp-json\/wp\/v2\/tags?post=2303651"}],"curies":[{"name":"wp","href":"https:\/\/api.w.org\/{rel}","templated":true}]}}