{"id":2303286,"date":"2024-11-18T00:05:36","date_gmt":"2024-11-17T23:05:36","guid":{"rendered":"https:\/\/puntocritico.com\/ausajpuntocritico\/?p=2303286"},"modified":"2024-11-14T21:34:55","modified_gmt":"2024-11-14T20:34:55","slug":"pedro-carlos-gonzalez-cuevas","status":"publish","type":"post","link":"https:\/\/puntocritico.com\/ausajpuntocritico\/2024\/11\/18\/pedro-carlos-gonzalez-cuevas\/","title":{"rendered":"PEDRO CARLOS GONZ\u00c1LEZ CUEVAS: DISECCI\u00d3N DE LA DERECHA ESPA\u00d1OLA: De la Restauraci\u00f3n al agotamiento del R\u00e9gimen de la Transici\u00f3n (Falange, Nacional-Catolicismo, Tecnocracia y  Social-Catolicismo)"},"content":{"rendered":"<p>&nbsp;<\/p>\n<blockquote>\n<h2 style=\"text-align: center;\"><span style=\"font-size: 18pt;\">PEDRO CARLOS GONZ\u00c1LEZ CUEVAS<\/span><\/h2>\n<p>&nbsp;<\/p>\n<p class=\"sm\" style=\"text-align: center;\"><span style=\"font-size: 14pt;\">Espa\u00f1a, 1959. Profesor Titular de Historia de las Ideas y de las Formas Pol\u00edticas en la Universidad Nacional de Educaci\u00f3n a Distancia. Ha sido becario del Consejo Superior de Investigaciones Cient\u00edficas y del Centro de Estudios Pol\u00edticos y Constitucionales. <\/span><\/p>\n<p class=\"sm\" style=\"text-align: center;\"><span style=\"font-size: 14pt;\">Autor de las siguientes obras:\u00a0<i>Acci\u00f3n Espa\u00f1ola. Teolog\u00eda pol\u00edtica y nacionalismo autoritario en Espa\u00f1a (1913-1936),\u00a0<\/i>Madrid 1998.\u00a0<i>Historia de las derechas espa\u00f1olas. De la Ilustraci\u00f3n a nuestros d\u00edas,\u00a0<\/i>Madrid 2000.\u00a0<i>La tradici\u00f3n bloqueada. Tres ideas pol\u00edticas en Espa\u00f1a: el primer Maeztu, Charles Maurras y Carl Schmitt,\u00a0<\/i>Madrid 2002.\u00a0<i>Maeztu. Biograf\u00eda de un nacionalista espa\u00f1ol,\u00a0<\/i>Madrid 2003.\u00a0<i>El pensamiento pol\u00edtico de la derecha espa\u00f1ola en el siglo XX. De la crisis de la Restauraci\u00f3n al Estado de partidos (1898-2000),\u00a0<\/i>Madrid 2005. Colabora en revistas como\u00a0<i>Historia y Pol\u00edtica, Revista de Estudios Pol\u00edticos, Revista de Occidente, Revista de Estudios Orteguianos, Ayer, Hispania, Alcores,<\/i>\u00a0&amp;c.<\/span><\/p>\n<p>&nbsp;<\/p>\n<\/blockquote>\n<p><img loading=\"lazy\" decoding=\"async\" class=\"aligncenter wp-image-2303427\" src=\"https:\/\/puntocritico.com\/ausajpuntocritico\/wp-content\/uploads\/2024\/11\/Pedro-Carlos-Gonzalez-Cuevas-Historia-de-las-derechas-espanolas-216x300.jpg\" alt=\"\" width=\"300\" height=\"416\" srcset=\"https:\/\/puntocritico.com\/ausajpuntocritico\/wp-content\/uploads\/2024\/11\/Pedro-Carlos-Gonzalez-Cuevas-Historia-de-las-derechas-espanolas-216x300.jpg 216w, https:\/\/puntocritico.com\/ausajpuntocritico\/wp-content\/uploads\/2024\/11\/Pedro-Carlos-Gonzalez-Cuevas-Historia-de-las-derechas-espanolas-739x1024.jpg 739w, https:\/\/puntocritico.com\/ausajpuntocritico\/wp-content\/uploads\/2024\/11\/Pedro-Carlos-Gonzalez-Cuevas-Historia-de-las-derechas-espanolas-768x1064.jpg 768w, https:\/\/puntocritico.com\/ausajpuntocritico\/wp-content\/uploads\/2024\/11\/Pedro-Carlos-Gonzalez-Cuevas-Historia-de-las-derechas-espanolas-1108x1536.jpg 1108w, https:\/\/puntocritico.com\/ausajpuntocritico\/wp-content\/uploads\/2024\/11\/Pedro-Carlos-Gonzalez-Cuevas-Historia-de-las-derechas-espanolas.jpg 1200w\" sizes=\"auto, (max-width: 300px) 100vw, 300px\" \/><\/p>\n<p style=\"text-align: center;\"><strong><span style=\"color: #008000; font-size: 18pt;\">*******<\/span><\/strong><\/p>\n<div class=\"elementor-element elementor-element-0597dc3 elementor-widget elementor-widget-theme-post-title elementor-page-title elementor-widget-heading\" data-id=\"0597dc3\" data-element_type=\"widget\" data-widget_type=\"theme-post-title.default\">\n<div class=\"elementor-widget-container\">\n<h2 class=\"elementor-heading-title elementor-size-default\" style=\"text-align: center;\"><span style=\"font-size: 24pt;\">Pedro Carlos Gonz\u00e1lez Cuevas (I): \u00abEn la mente del PP sigue vigente el sistema de la Restauraci\u00f3n\u00bb<\/span><\/h2>\n<\/div>\n<\/div>\n<div class=\"elementor-element elementor-element-e815d23 elementor-widget elementor-widget-theme-post-excerpt\" data-id=\"e815d23\" data-element_type=\"widget\" data-widget_type=\"theme-post-excerpt.default\">\n<div class=\"elementor-widget-container\" style=\"text-align: center;\"><span style=\"font-size: 14pt;\"><strong>Primera parte de la conversaci\u00f3n con el historiador de las ideas conservadoras. El gran experto en el pensamiento de las derechas espa\u00f1olas conversa con GACETA sobre los problemas de nacionalizaci\u00f3n en Espa\u00f1a y el papel de la monarqu\u00eda y la Iglesia<\/strong><\/span><\/div>\n<\/div>\n<p style=\"text-align: justify;\"><span style=\"font-size: 14pt;\">Por Hugues<\/span><\/p>\n<p style=\"text-align: justify;\"><span style=\"font-size: 14pt;\"><a href=\"https:\/\/ideas.gaceta.es\/pedro-carlos-gonzalez-cuevas-i-en-la-mente-del-pp-sigue-vigente-el-sistema-de-la-restauracion\/\" target=\"_blank\" rel=\"noopener\">Gaceta<\/a>, 26 OCT 2024<\/span><\/p>\n<figure id=\"attachment_2303288\" aria-describedby=\"caption-attachment-2303288\" style=\"width: 480px\" class=\"wp-caption aligncenter\"><img loading=\"lazy\" decoding=\"async\" class=\"wp-image-2303288\" src=\"https:\/\/puntocritico.com\/ausajpuntocritico\/wp-content\/uploads\/2024\/11\/Pedro-Carlos-Gonzalez-Cuevas-1-300x164.jpg\" alt=\"\" width=\"480\" height=\"262\" srcset=\"https:\/\/puntocritico.com\/ausajpuntocritico\/wp-content\/uploads\/2024\/11\/Pedro-Carlos-Gonzalez-Cuevas-1-300x164.jpg 300w, https:\/\/puntocritico.com\/ausajpuntocritico\/wp-content\/uploads\/2024\/11\/Pedro-Carlos-Gonzalez-Cuevas-1-768x419.jpg 768w, https:\/\/puntocritico.com\/ausajpuntocritico\/wp-content\/uploads\/2024\/11\/Pedro-Carlos-Gonzalez-Cuevas-1.jpg 1024w\" sizes=\"auto, (max-width: 480px) 100vw, 480px\" \/><figcaption id=\"caption-attachment-2303288\" class=\"wp-caption-text\"><span style=\"color: #008000;\">Pedro Carlos Gonz\u00e1lez Cuevas frente a la Instituci\u00f3n Libre de Ense\u00f1anza <\/span><\/figcaption><\/figure>\n<p style=\"text-align: justify;\">\u00a0<\/p>\n<p style=\"text-align: justify;\"><span style=\"font-size: 14pt;\">Sin planearlo, pero sin evitar la casualidad, don <strong>Pedro Carlos<\/strong> nos espera frente a la I<strong>nstituci\u00f3n Libre de Ense\u00f1anza<\/strong>. Viene solo, se va solo. \u00bfEst\u00e1 solo? Sus libros, especialmente su reciente y monumental\u00a0<strong><em>Historia de la derecha espa\u00f1ola\u00a0<\/em><\/strong>(Espasa. 2023), suponen un enorme esfuerzo por comprender la naturaleza y carencias del pensamiento conservador espa\u00f1ol, si tal cosa existe. <strong>Gonz\u00e1lez Cuevas<\/strong>, dejado por imposible, en el <a href=\"https:\/\/puntocritico.com\/ausajpuntocritico\/2019\/06\/12\/ostracismo\/\">ostracismo<\/a> desolador de la historiograf\u00eda progresista, tampoco reh\u00faye la batalla contra los molinos m\u00e1s populares y facundos de la derecha. Con generosidad y no poca paciencia nos atiende en un bar cualquiera. Los lugare\u00f1os, pacientes tambi\u00e9n, ingieren su men\u00fa entre referencias a <strong>C\u00e1novas<\/strong> y <strong>Maurras<\/strong>.<\/span><\/p>\n<p style=\"text-align: justify;\"><span style=\"font-size: 14pt;\"><strong>Su libro termina en 2022, desde entonces \u00bfha pasado algo que usted incluir\u00eda?<\/strong><\/span><\/p>\n<p style=\"text-align: justify;\"><span style=\"font-size: 14pt;\">El libro termina con los discursos de <strong>Abascal<\/strong> y de <strong>Casado<\/strong>, cuando se configura la doble derecha. Creo que eso sigue vigente. De hecho, m\u00e1s vigente ahora. El gran plan del PP es acabar con Vox. El gran proyecto es ese. <strong>Sigue habiendo dos derechas y el plan del PP y de los medios de comunicaci\u00f3n del PP es acabar con Vox<\/strong>. Es la idea de que mientras exista, la derecha no va a llegar al poder.<\/span><\/p>\n<p>&nbsp;<\/p>\n<p style=\"text-align: justify;\"><span style=\"font-size: 14pt;\"><strong>Usted viene a decir que en Espa\u00f1a ha faltado una derecha no necesariamente cat\u00f3lica,<\/strong>\u00a0<strong>una derecha revolucionaria, un discurso nacional. \u00bfPor una excesiva influencia de la Iglesia?<\/strong><\/span><\/p>\n<p style=\"text-align: justify;\"><span style=\"font-size: 14pt;\">S\u00ed, he dicho que esto tiene sus ventajas, nos ha quitado ciertas cosas, cierto radicalismos que a lo mejor eran peligrosos, pero yo he hablado de la tradici\u00f3n bloqueada. Por ejemplo, pensamientos innovadores que ocurren en <em>Alemania<\/em>, en <em>Francia<\/em>, incluso en <em>Italia<\/em>, aqu\u00ed no tienen lugar por influencia cat\u00f3lica; por ejemplo, la derecha positivista de <strong>Charles<\/strong> <strong>Maurras<\/strong>, la derecha de <strong>Barr\u00e8s<\/strong> o <strong>Carl<\/strong> <strong>Schmitt<\/strong>, que ha tenido influencia pero m\u00e1s en lo jur\u00eddico y muchas cr\u00edticas, y no ha habido tampoco un idealismo espa\u00f1ol como lo hay en <em>Italia<\/em>, no hay el <strong>Benedetto<\/strong> <strong>Croce<\/strong> espa\u00f1ol, no hay el <strong>Gentile<\/strong> espa\u00f1ol, y el que en cierta forma pudo tener ese papel fue <a href=\"https:\/\/puntocritico.com\/ausajpuntocritico\/2021\/05\/03\/el-discurso-de-ortega-vieja-y-nueva-politica\/\"><strong>Ortega<\/strong><\/a>.<\/span><\/p>\n<p>&nbsp;<\/p>\n<p style=\"text-align: justify;\"><span style=\"font-size: 14pt;\"><strong>Una figura hasta cierto punto controvertida en la derecha\u2026<\/strong><\/span><\/p>\n<p style=\"text-align: justify;\"><span style=\"font-size: 14pt;\">Lo que pasa es que <strong>Ortega<\/strong> no se quiere considerar conservador porque, como en la derecha son confesionales, \u00e9l, que no es creyente, pues no lo ve. Parece ser que sufri\u00f3 bastante bajo los jesuitas cuando estudi\u00f3 en <em>M\u00e1laga<\/em>. \u00c9l no es anticlerical, pero no es creyente y eso hace que se le considere, si no de izquierdas, s\u00ed un hombre heterodoxo. Tengo un libro que se llama precisamente\u00a0<em>Conservadurismo heterodoxo<\/em>\u00a0que es fundamentalmente <strong>Ortega<\/strong>. \u00bfPor qu\u00e9? Porque el paradigma de la derecha espa\u00f1ola es fundamentalmente el de <strong>Men\u00e9ndez Pelayo<\/strong>: ortodoxos-heterodoxos y eso no se rompe hasta b\u00e1sicamente el<em><strong> Concilio Vaticano<\/strong><\/em> en el que la Iglesia ya va por otro camino y el tradicionalismo, o el catolicismo social, que hab\u00eda sido m\u00e1s o menos hegem\u00f3nico en Espa\u00f1a en la derecha se elimina porque ya no tiene el apoyo eclesi\u00e1stico. A partir de ah\u00ed hay una ruptura, pero mientras tanto hay un bloqueo, tradiciones bloqueadas. No hay aqu\u00ed un idealismo espa\u00f1ol, un positivismo espa\u00f1ol, el <em>darwinismo<\/em> es condenado\u2026<\/span><\/p>\n<p>&nbsp;<\/p>\n<p style=\"text-align: center;\"><strong><span style=\"font-size: 14pt; color: #008000;\">El paradigma de la derecha espa\u00f1ola es fundamentalmente el de Men\u00e9ndez Pelayo: ortodoxos-heterodoxos y eso no se rompe hasta b\u00e1sicamente el<em> Concilio Vaticano<\/em> en el que la Iglesia ya va por otro camino y el tradicionalismo, o el catolicismo social, que hab\u00eda sido m\u00e1s o menos hegem\u00f3nico en Espa\u00f1a en la derecha se elimina porque ya no tiene el apoyo eclesi\u00e1stico<\/span><\/strong><\/p>\n<p>&nbsp;<\/p>\n<p style=\"text-align: justify;\"><span style=\"font-size: 14pt;\"><strong>La Generaci\u00f3n del 98<\/strong>, que est\u00e1 en relaci\u00f3n con los nuevos paradigmas intelectuales de la \u00e9poca, en realidad no son nada izquierdistas, ninguno de los <em>noventayochistas<\/em>, ni <strong>Azor\u00edn<\/strong>, ni el propio <strong>Unamuno<\/strong>, ni <strong>Maeztu<\/strong> son de izquierdas y tampoco <strong>Ortega<\/strong>, que en <em>Alemania<\/em> o en <em>Francia<\/em>\u00a0 o en la propia <em>Italia<\/em> es un hombre conservador, de un conservadurismo cr\u00edtico que se enfrenta a las nuevas tendencias sociales, pero b\u00e1sicamente un conservador. Yo tengo mis dudas, por ejemplo, de que\u00a0<strong><em>Espa\u00f1a invertebrada<\/em><\/strong>\u00a0sea una obra liberal porque yo liberalismo no le veo por ning\u00fan sitio, en\u00a0<em>La rebeli\u00f3n de las masas<\/em>\u00a0habr\u00eda que matizar\u2026 En un pa\u00eds no tan confesional, <strong>Ortega<\/strong> hubiese sido el <strong>Croce<\/strong> espa\u00f1ol. El problema de la difusi\u00f3n del pensamiento de <strong>Ortega<\/strong> es lo confesional; como no era religioso, como en\u00a0<strong><em>Espa\u00f1a invertebrada<\/em><\/strong> dice que la <strong>Iglesia Cat\u00f3lica<\/strong> es un poder aparte que no cuenta con el conjunto nacional, que no es un poder nacionalizador, centr\u00edpeto, sino que vive de sus influencias, pues entonces para los <em>cat\u00f3licos<\/em> es un personaje sospechoso, le apoyan en otras cosas, en la cr\u00edtica a la revoluci\u00f3n, en el elitismo, etc\u00e9tera, pero les duele el <em>agnosticismo<\/em> y que la <em>Iglesia<\/em> para \u00e9l sea una fuerza particularista.<\/span><\/p>\n<p>&nbsp;<\/p>\n<p style=\"text-align: justify;\"><span style=\"font-size: 14pt;\"><strong>Usted se\u00f1ala la inteligencia de Ledesma para ver la ausencia de algo puramente nacional<\/strong><\/span><\/p>\n<p style=\"text-align: justify;\"><span style=\"font-size: 14pt;\">Es lo que estamos hablando. Lo que hace <strong>Ledesma<\/strong> en\u00a0<em>El discurso a las juventudes de Espa\u00f1a<\/em>\u00a0y\u00a0<em>El fascismo en Espa\u00f1a<\/em>\u00a0es el diagn\u00f3stico de por qu\u00e9 ha fracasado el fascismo aqu\u00ed y es que no hab\u00eda unas condiciones previas para que surgiera, no era ya que no hubiese posibilidades de expansi\u00f3n territorial, sino que no hab\u00eda un concepto moderno de naci\u00f3n, que en la derechas b\u00e1sicamente es eso, el <em>confesionalismo cat\u00f3lico<\/em>; pero claro, <strong>eso no puede abarcar al conjunto de la sociedad\u00a0 y la naci\u00f3n tiene que ser algo que implique al conjunto de la sociedad, sean las ideas religiosas que sean, y en Espa\u00f1a esa dicotom\u00eda heterodoxia-ortodoxia lo ha hecho imposible<\/strong>.<\/span><\/p>\n<p>&nbsp;<\/p>\n<p style=\"text-align: justify;\"><span style=\"font-size: 14pt;\"><strong>Persiste un cierto rechazo al t\u00e9rmino naci\u00f3n, siempre cogido con pinzas, pero entonces \u00bfqu\u00e9 otro concepto pol\u00edtico hay para defender lo espa\u00f1ol? \u00bfQu\u00e9 ser\u00eda en la historia lo m\u00e1s parecido a algo nacionalista en Espa\u00f1a?<\/strong><\/span><\/p>\n<p style=\"text-align: justify;\"><span style=\"font-size: 14pt;\">Lo m\u00e1s parecido ser\u00eda <strong>Falange<\/strong>. Lo dem\u00e1s no lo veo porque todo lo dem\u00e1s es confesional hasta el <strong>Concilio<\/strong>, incluso sigue si\u00e9ndolo, que no digo que est\u00e9 mal o est\u00e9 bien sino simplemente que es as\u00ed y que siempre ha habido en el concepto de naci\u00f3n unas connotaciones en el fondo movilizadoras, revolucionarias en alguna medida y eso da miedo a ciertos sectores; y no hay un nacionalismo espa\u00f1ol expl\u00edcito nunca, siempre est\u00e1 en relaci\u00f3n con otras instituciones, con la defensa de cosas que no son directamente nacionales. Yo he criticado precisamente el clericalismo que hay porque es peligroso. En el libro de <strong>Carl Schmitt<\/strong>,\u00a0\u00a0<strong><em>Catolicismo y forma pol\u00edtica<\/em><\/strong>, hay una idea (<em>que no ha sentado bien a algunas personas que yo lo diga<\/em>) y es que la <strong>Iglesia Cat\u00f3lica<\/strong> es lo que <strong>Schmitt<\/strong> llama un\u00a0<strong><em>complexio oppositorum<\/em><\/strong>, es decir, que quiere albergarlo todo en un momento dado, que amalgama posiciones distintas, pero siempre seg\u00fan sus intereses.<\/span><\/p>\n<p>&nbsp;<\/p>\n<blockquote>\n<p style=\"text-align: center;\"><strong><span style=\"font-size: 14pt; color: #008000;\">En un momento dado la Iglesia Cat\u00f3lica apoya al r\u00e9gimen de Franco, pero cuando ya no le interesa le quita el apoyo y se lo concede a los nacionalismos perif\u00e9ricos y ese es el tema, que en el fondo Men\u00e9ndez Pelayo con toda su val\u00eda intelectual se equivoca en el diagn\u00f3stico porque espa\u00f1ol y cat\u00f3lico puede coincidir o puede no coincidir<\/span><\/strong><\/p>\n<\/blockquote>\n<p>&nbsp;<\/p>\n<p style=\"text-align: justify;\"><span style=\"font-size: 14pt;\">En un momento dado la <strong>Iglesia Cat\u00f3lica<\/strong> apoya al r\u00e9gimen de <strong>Franco<\/strong>, pero cuando ya no le interesa le quita el apoyo y se lo concede a los nacionalismos perif\u00e9ricos y ese es el tema, que en el fondo <strong>Men\u00e9ndez Pelayo<\/strong> con toda su val\u00eda intelectual se equivoca en el diagn\u00f3stico porque espa\u00f1ol y cat\u00f3lico puede coincidir o puede no coincidir. El problema de este <strong><em>nacionalcatolicismo<\/em><\/strong>, si se quiere decir as\u00ed, es que depende de una instituci\u00f3n supranacional que defiende siempre sus propios intereses y que no es nacional es internacional. <strong>Seg\u00fan sus estrategias, un d\u00eda defiende una cosa y otro d\u00eda otra<\/strong>.<\/span><\/p>\n<p>&nbsp;<\/p>\n<blockquote>\n<p style=\"text-align: center;\"><strong><span style=\"font-size: 14pt; color: #008000;\">El problema de este <em>nacionalcatolicismo<\/em>, es que depende de una instituci\u00f3n supranacional que defiende siempre sus propios intereses y que no es nacional es internacional. Seg\u00fan sus estrategias, un d\u00eda defiende una cosa y otro d\u00eda otra<\/span><\/strong><\/p>\n<\/blockquote>\n<p>&nbsp;<\/p>\n<p style=\"text-align: justify;\"><span style=\"font-size: 14pt;\"><strong>Lo vemos ahora mismo con los medios de comunicaci\u00f3n de la Iglesia, a favor del PP y en contra de quienes defienden una agenda cat\u00f3lica. Se percibe incluso una tendencia a inhibirse. Su guerra es otra, est\u00e1n a otra cosa.<\/strong><\/span><\/p>\n<p style=\"text-align: justify;\"><span style=\"font-size: 14pt;\">S\u00ed, a lo que diga la propia <strong>Iglesia<\/strong>. Yo he escuchado a una periodista en la COPE decir que en un momento dado, si la Iglesia apoya la secesi\u00f3n de <em>Catalu\u00f1a<\/em>, ella la apoyar\u00eda. Eso es un peligro. <strong>El conservadurismo espa\u00f1ol hegem\u00f3nico tiene dos talones de <em>Aquiles<\/em>: uno es la <em>monarqu\u00eda<\/em> y otro es la <em>Iglesia<\/em><\/strong>; si le fallan esos dos\u2026 bueno, la Iglesia ya le ha fallado y la monarqu\u00eda\u2026<\/span><\/p>\n<p>&nbsp;<\/p>\n<blockquote>\n<p style=\"text-align: center;\"><strong><span style=\"font-size: 14pt; color: #008000;\">No creo que haya sentimiento republicano en <em>Espa\u00f1a<\/em>, pero tampoco lo hay mon\u00e1rquico<\/span><\/strong><\/p>\n<\/blockquote>\n<p>&nbsp;<\/p>\n<p style=\"text-align: justify;\"><span style=\"font-size: 14pt;\">Hace poco escuch\u00e9 unos paneg\u00edricos tremebundos a la monarqu\u00eda en <em>TreceTV<\/em>, una cosa completamente acr\u00edtica, pero bueno \u00bfc\u00f3mo se puede sostener eso?, \u00bfes que no puede haber un debate serio sobre este tema? Que s\u00ed, que la izquierda lo que usted quiera, sinceramente no creo que haya sentimiento republicano en <em>Espa\u00f1a<\/em>, pero tampoco lo hay mon\u00e1rquico. Es una cosa indiferente, que no mueve a la gente. <strong>Otro error de los republicanos es que, si todo se queda en la izquierda m\u00e1s radical, \u00bfc\u00f3mo se va a traer una rep\u00fablica apoyada por gente que habla incluso de una rep\u00fablica plurinacional?<\/strong> Eso es un h\u00e1ndicap para cualquier proyecto republicano. Pero el problema, para plantearlo racionalmente, es si la monarqu\u00eda sirve para algo. \u00bfSirve para algo?, \u00bfpuede decidir algo?, \u00bfpuede intervenir? <\/span><\/p>\n<p>&nbsp;<\/p>\n<blockquote>\n<p style=\"text-align: center;\"><strong><span style=\"font-size: 14pt; color: #008000;\">Yo creo que dada la situaci\u00f3n espa\u00f1ola y c\u00f3mo vino, la monarqu\u00eda es tributaria de lo que diga la izquierda, no tiene ninguna autonom\u00eda, siempre parte de la idea, que ya estaba en Juan Carlos, de que la derecha no le iba a echar y de que ten\u00eda que ganarse a la izquierda<\/span><\/strong><\/p>\n<\/blockquote>\n<p>&nbsp;<\/p>\n<p style=\"text-align: justify;\"><span style=\"font-size: 14pt;\">Yo creo que dada la situaci\u00f3n espa\u00f1ola y c\u00f3mo vino, la monarqu\u00eda es tributaria de lo que diga la izquierda, no tiene ninguna autonom\u00eda, siempre parte de la idea, que ya estaba en <strong>Juan Carlos<\/strong>, de que la derecha no le iba a echar y de que ten\u00eda que ganarse a la izquierda. Bueno, en los primeros momentos se puede admitir, pero es que ya se ha llegado a una situaci\u00f3n con la amnist\u00eda que no se ve qu\u00e9 funcionalidad tiene. <strong>Es que las cosas no hay que verlas desde su punto de vista sentimental, si la princesa es guapa<\/strong>\u2026 Se trata de si nos sirve para defender la naci\u00f3n, la unidad, para controlar, porque <strong>estamos viendo que los mecanismos constitucionales no sirven para controlar nada y la monarqu\u00eda tampoco<\/strong>. Entonces, <strong>\u00bfsirve la monarqu\u00eda?<\/strong><\/span><\/p>\n<p>&nbsp;<\/p>\n<p style=\"text-align: justify;\"><span style=\"font-size: 14pt;\"><strong>\u00bfNo le parece que la figura mon\u00e1rquica en cierto modo simboliza y sustituye a la naci\u00f3n, que ese debate se da por zanjado de forma tranquilizadora porque esa figura est\u00e1 ah\u00ed, de manera que nunca hay una movilizaci\u00f3n nacional?\u00a0<\/strong>\u00a0<\/span><\/p>\n<p style=\"text-align: justify;\"><span style=\"font-size: 14pt;\">Yo en eso estoy de acuerdo porque adem\u00e1s tenemos que tener en cuenta que el conservador hasta que ve el peligro no reacciona, piensa muchas veces que si el rey ha aceptado eso pues que no estar\u00e1 tan mal. <strong>En el fondo legitima esa situaci\u00f3n, entonces es contraproducente<\/strong>.<\/span><\/p>\n<p>&nbsp;<\/p>\n<blockquote>\n<p style=\"text-align: center;\"><strong><span style=\"font-size: 14pt; color: #008000;\">Si no ha ca\u00eddo ya despu\u00e9s de todo lo ocurrido con la infanta, con el propio Juan Carlos, pues es que no le interesa al PSOE, que es el que tiene la sart\u00e9n por el mango, no le interesa acabar con la instituci\u00f3n porque en el fondo yo creo que le sirve<\/span><\/strong><\/p>\n<\/blockquote>\n<p>&nbsp;<\/p>\n<p style=\"text-align: justify;\"><span style=\"font-size: 14pt;\">Yo escrib\u00ed un art\u00edculo titulado \u00ab<strong><em>Ocaso del rey taumaturgo<\/em><\/strong>\u00bb. Ah\u00ed dije que se hab\u00eda acabado ya toda la parafernalia de Juan Carlos I y que era un mito. <strong>El rey taumaturgo es una tradici\u00f3n en Francia que entra en Espa\u00f1a<\/strong>. El rey iba con las manos hacia los enfermos de <em>escr\u00f3fula<\/em> y ten\u00eda poderes curativos. Eso se ha trasladado en Espa\u00f1a al imaginario colectivo con <strong>Juan Carlos<\/strong> y la democracia, pero se ha visto que no tiene ning\u00fan sentido porque, <strong>en primer lugar, no sabemos muy bien cu\u00e1l es el papel de Juan Carlos el 23F, su gran legitimaci\u00f3n<\/strong>, y despu\u00e9s, su posici\u00f3n ha sido completamente negativa, <strong>incluso ha deslegitimado la instituci\u00f3n<\/strong>, pero ya digo, yo no creo que la monarqu\u00eda ahora mismo vaya a caer porque tampoco hay sentimientos republicanos. Si no ha ca\u00eddo ya despu\u00e9s de todo lo ocurrido con la infanta, con el propio <strong>Juan Carlos<\/strong>, pues es que <strong>no le interesa al PSOE, que es el que tiene la sart\u00e9n por el mango, no le interesa acabar con la instituci\u00f3n porque en el fondo yo creo que le sirve<\/strong>.<\/span><\/p>\n<p>&nbsp;<\/p>\n<p style=\"text-align: justify;\"><span style=\"font-size: 14pt;\"><strong>\u00bfPara coronar una especie de confederaci\u00f3n?<\/strong><\/span><\/p>\n<p style=\"text-align: justify;\"><span style=\"font-size: 14pt;\">Eso quien lo planific\u00f3 y teoriz\u00f3 fue <a href=\"https:\/\/puntocritico.com\/ausajpuntocritico\/2024\/05\/29\/de-como-el-regimen-del-78-colonizo-las-instituciones\/\"><strong>Herrero de Mi\u00f1\u00f3n<\/strong><\/a>, en realidad es un proyecto <a href=\"https:\/\/puntocritico.com\/ausajpuntocritico\/2023\/01\/31\/el-carlismo-2\/\"><strong><em>carlista<\/em><\/strong><\/a>, est\u00e1 en <strong>V\u00e1zquez de Mella<\/strong>, y har\u00eda las delicias de los <em>maurrasianos<\/em> porque la idea es esa, que haya una pluralidad de reinos y naciones y que el n\u00facleo para garantizar la unidad sea la monarqu\u00eda, pero claro, en el caso de <strong>V\u00e1zquez de Mella<\/strong> y de los <em>maurrasianos<\/em> con grandes poderes decisivos por parte del monarca. <strong>Aqu\u00ed, como no tiene ninguno, ser\u00eda una cosa simb\u00f3lica<\/strong>. Terminar\u00edamos yendo al <em>Pa\u00eds Vasco<\/em> a jurar los <em>fueros<\/em>, cosas as\u00ed. <strong>Pero ese proyecto ha fallado porque los catalanes han dicho que est\u00e1n por una rep\u00fablica<\/strong>.<\/span><\/p>\n<p>&nbsp;<\/p>\n<p style=\"text-align: justify;\"><span style=\"font-size: 14pt;\"><strong>\u00bfQu\u00e9 importancia ha tenido Catalu\u00f1a en el pensamiento de la derecha espa\u00f1ola?<\/strong><\/span><\/p>\n<p style=\"text-align: justify;\"><span style=\"font-size: 14pt;\">Hay un libro de <strong>Ucelay-Da Cal<\/strong> sobre el imperialismo catal\u00e1n que viene a decir que los or\u00edgenes del fascismo espa\u00f1ol est\u00e1n en <em>Catalu\u00f1a<\/em> con el nacionalismo catal\u00e1n, con la influencia, sobre todo, de <strong>Eugenio D\u2019Ors <\/strong>y<strong> Prat de la Riba<\/strong>, que es el primero que habla en <em>Espa\u00f1a<\/em> de<strong> imperialismo en el sentido moderno de expansi\u00f3n territorial<\/strong>. Es que la cuesti\u00f3n catalana propiamente hablando empieza a partir del <strong>98<\/strong>.<\/span><\/p>\n<p style=\"text-align: justify;\"><span style=\"font-size: 14pt;\"><a href=\"https:\/\/es.wikipedia.org\/wiki\/Marcelino_Men%C3%A9ndez_Pelayo\" target=\"_blank\" rel=\"noopener\" data-schema-attribute=\"\"><strong>Men\u00e9ndez Pelayo<\/strong><\/a> estudia all\u00ed porque en realidad no admite la influencia de los krausistas cuando est\u00e1 la universidad y se va a <em>Catalu\u00f1a<\/em> y <strong>Catalu\u00f1a, en 1860 y 1870, es la sociedad m\u00e1s conservadora que hay en Espa\u00f1a<\/strong>. Es ah\u00ed donde <strong>Men\u00e9ndez Pelayo<\/strong> toma las ideas de\u00a0<em><strong>volksgeist<\/strong>\u00a0<\/em>y toda la filosof\u00eda del sentido com\u00fan. <strong>No hay cuesti\u00f3n catalana en ese momento, es decir, en ese momento Catalu\u00f1a sigue defendiendo sus costumbres y su idioma, pero no dice que haya que separarse<\/strong>.<\/span><\/p>\n<p>&nbsp;<\/p>\n<p><a href=\"https:\/\/www.agapea.com\/libros\/Nacionalidad-catalana-la-9788420920443-i.htm\" target=\"_blank\" rel=\"noopener\" data-schema-attribute=\"\"><img loading=\"lazy\" decoding=\"async\" class=\"aligncenter wp-image-2303442\" src=\"https:\/\/puntocritico.com\/ausajpuntocritico\/wp-content\/uploads\/2024\/11\/Prat-de-la-Riba-La-nacionalidad-catalana.jpg\" alt=\"\" width=\"220\" height=\"313\" \/><\/a><\/p>\n<p>&nbsp;<\/p>\n<p style=\"text-align: justify;\"><span style=\"font-size: 14pt;\">Cuando escribe <strong>Prat de la Riba\u00a0<em>La nacionalidad catalana<\/em><\/strong>, la idea principal es esa: <strong>Catalu\u00f1a es una naci\u00f3n, Espa\u00f1a es un Estado<\/strong>, no habla expl\u00edcitamente de separatismo, pero <strong>est\u00e1 ya la idea de que la verdadera naci\u00f3n es Catalu\u00f1a desde un punto de vista organicista, de que el Estado espa\u00f1ol es una cosa superflua, artificial, que no tiene arraigo<\/strong>. A partir de ah\u00ed sale toda la <em>cuesti\u00f3n catalana<\/em> y luego el <em>posibilismo<\/em> de <strong>Camb\u00f3<\/strong>, pero es despu\u00e9s de la dictadura que salen ya tendencias abiertamente separatistas de izquierdas y luego en la guerra civil.<\/span><\/p>\n<p>&nbsp;<\/p>\n<blockquote>\n<p style=\"text-align: center;\"><strong><span style=\"font-size: 14pt; color: #008000;\">En el pensamiento conservador el catalanismo tiene mucha influencia, pero no se da una soluci\u00f3n al problema porque no la tiene, yo creo que en eso tiene raz\u00f3n Ortega, no hay soluci\u00f3n al problema catal\u00e1n, hay que conllevarlo m\u00e1s o menos, unas veces de una forma, otras veces de otra<\/span><\/strong><\/p>\n<\/blockquote>\n<p>&nbsp;<\/p>\n<p style=\"text-align: justify;\"><span style=\"font-size: 14pt;\">En el pensamiento conservador el catalanismo tiene mucha influencia, pero no se da una soluci\u00f3n al problema porque no la tiene, yo creo que en eso tiene raz\u00f3n <strong>Ortega<\/strong>, <strong>no hay soluci\u00f3n al problema catal\u00e1n, hay que conllevarlo m\u00e1s o menos, unas veces de una forma, otras veces de otra<\/strong>\u2026 Hombre, <strong>Franco<\/strong> podr\u00eda haber hecho alguna burrada estalinista, haber cogido sectores de la poblaci\u00f3n catalana y haberlos mandado a <em>Andaluc\u00eda<\/em> o a <em>Extremadura<\/em>; habr\u00eda provocado un corrimiento de poblaci\u00f3n y se hubiera acabado\u2026<\/span><\/p>\n<p>&nbsp;<\/p>\n<p style=\"text-align: justify;\"><span style=\"font-size: 14pt;\"><strong>El corrimiento fue al rev\u00e9s. La poblaci\u00f3n fue hacia la industria, en manos de la burgues\u00eda catalana, que s\u00ed ha tenido un discurso nacionalizador inexistente en la burgues\u00eda digamos espa\u00f1ola.<\/strong><\/span><\/p>\n<p style=\"text-align: justify;\"><span style=\"font-size: 14pt;\">Lo que pasa es que <strong>\u00bfen qu\u00e9 medida podemos hablar de burgues\u00eda espa\u00f1ola?<\/strong> Yo soy partidario de la tesis de <strong>Arno Mayer<\/strong>. Es un historiador jud\u00edo, muerto hace poco, que escribi\u00f3 un libro que se llama\u00a0<strong><em>La persistencia del Antiguo R\u00e9gimen<\/em><\/strong>. Parte de la idea de que esto de las revoluciones burguesas que acaban con la hegemon\u00eda de las <strong>aristocracias<\/strong> y la <strong>Iglesia<\/strong> es muy relativo, que ni siquiera en <em>Francia<\/em>, si leemos un poco a <strong>Marcel Proust<\/strong>\u2026 <\/span><\/p>\n<p>&nbsp;<\/p>\n<blockquote>\n<p style=\"text-align: center;\"><strong><span style=\"font-size: 14pt; color: #008000;\">Parte de la idea de que esto de las revoluciones burguesas que acaban con la hegemon\u00eda de las aristocracias y la Iglesia es muy relativo<\/span><\/strong><\/p>\n<\/blockquote>\n<p>&nbsp;<\/p>\n<p style=\"text-align: justify;\"><span style=\"font-size: 14pt;\">Menos aun en <em>Espa\u00f1a<\/em> con el <em>Antiguo R\u00e9gimen<\/em>, <strong>entendiendo por Antiguo R\u00e9gimen no la monarqu\u00eda absoluta y los estamentos, sino pautas de comportamiento, persistencia de mentalidades, persistencias de instituciones, m\u00edmesis de la burgues\u00edas con respecto a los modos de existir de las aristocracias<\/strong>, fen\u00f3menos como el de los ennoblecimientos que ya trat\u00f3 <strong>Vicens Vives<\/strong>, que a la burgues\u00eda m\u00e1s alta, la m\u00e1s ascendente, lo que le gusta es conseguir un t\u00edtulo nobiliario y emparejarse con la aristocracia; la propia influencia de la <a href=\"https:\/\/puntocritico.com\/ausajpuntocritico\/2022\/10\/25\/la-unica-iglesia-que-ilumina-es-la-que-arde-iglesia-fascismo-y-represion\/\"><strong>Iglesia<\/strong> <strong>Cat\u00f3lica<\/strong><\/a> con su forma de actuar, el <em>paternalismo<\/em>\u2026<\/span><\/p>\n<p>&nbsp;<\/p>\n<blockquote>\n<p style=\"text-align: center;\"><span style=\"font-size: 14pt; color: #008000;\"><strong>Lo de la revoluci\u00f3n burguesa hace tiempo que la historiograf\u00eda lo dej\u00f3 a un lado y entendemos por revoluci\u00f3n liberal no tanto que la burgues\u00eda o el liberalismo conquistara la sociedad y la transformara sino una innovaci\u00f3n en la legislaci\u00f3n<\/strong><\/span><\/p>\n<\/blockquote>\n<p>&nbsp;<\/p>\n<p style=\"text-align: justify;\"><span style=\"font-size: 14pt;\">Creo que en <em>Espa\u00f1a<\/em> lo que ocurre es eso, lo de la revoluci\u00f3n burguesa hace tiempo que la historiograf\u00eda lo dej\u00f3 a un lado y <strong>entendemos por revoluci\u00f3n liberal no tanto que la burgues\u00eda o el liberalismo conquistara la sociedad y la transformara sino una innovaci\u00f3n en la legislaci\u00f3n, y ya sabemos que las leyes<\/strong>\u2026<\/span><\/p>\n<p>&nbsp;<\/p>\n<p style=\"text-align: justify;\"><span style=\"font-size: 14pt;\"><strong>Como est\u00e1 pasando ahora.<\/strong><\/span><\/p>\n<p style=\"text-align: justify;\"><span style=\"font-size: 14pt;\">Hay unas normas que no se cumplen, leyes que no se cumplen. <strong>El propio formato del r\u00e9gimen liberal, un r\u00e9gimen ecl\u00e9ctico en el que no hay soberan\u00eda nacional, sino que es el rey con las Cortes; no se concede al conjunto de la naci\u00f3n poderes imperativos y hay unas instituciones donde se preserva la hegemon\u00eda nobiliaria como en las Cortes o el Senado<\/strong>. Siempre hay que tener en cuenta eso. <\/span><\/p>\n<p>&nbsp;<\/p>\n<blockquote>\n<p style=\"text-align: center;\"><span style=\"font-size: 14pt; color: #008000;\"><strong>Hay unas normas que no se cumplen, leyes que no se cumplen<\/strong><\/span><\/p>\n<\/blockquote>\n<p>&nbsp;<\/p>\n<p style=\"text-align: justify;\"><span style=\"font-size: 14pt;\">T<strong>riunfa aqu\u00ed el liberalismo, pero es un liberalismo ecl\u00e9ctico, como pasa en casi todos los pa\u00edses<\/strong>. El ejemplo franc\u00e9s es \u00fanico; quiz\u00e1s en Italia, que supone una ruptura entre el trono y el altar con el\u00a0<em>risorgimento<\/em>, pero <strong>en Espa\u00f1a no hay una ruptura entre el trono y el altar<\/strong>, eso es fundamental. A pesar de las desamortizaciones, de los movimientos anticlericales liberales, realmente no hay una ruptura, no hay una revoluci\u00f3n. <\/span><\/p>\n<p>&nbsp;<\/p>\n<blockquote>\n<p style=\"text-align: center;\"><strong><span style=\"font-size: 14pt; color: #008000;\">A pesar de las desamortizaciones, de los movimientos anticlericales liberales, realmente no hay una ruptura, no hay una revoluci\u00f3n<\/span><\/strong><\/p>\n<\/blockquote>\n<p>&nbsp;<\/p>\n<p style=\"text-align: justify;\"><span style=\"font-size: 14pt;\">Hay, bueno, si nos ponemos un poco <em>marxistoides<\/em> como con <a href=\"https:\/\/puntocritico.com\/ausajpuntocritico\/tag\/gramsci\/\"><strong>Gramsci<\/strong><\/a> cuando habla de revoluciones pasivas, un sector de la sociedad, dominante en un momento dado, que cuando ve que hay unas innovaciones que por imperativo del tiempo toca establecer, <strong>pacta esas innovaciones, pero contrarrestando cualquier otro radicalismo<\/strong>. <strong>Los grupos hegem\u00f3nicos siguen en el poder habiendo admitido ciertas reformas<\/strong>. Eso es lo que yo creo que ocurre en Espa\u00f1a.<\/span><\/p>\n<p>&nbsp;<\/p>\n<p style=\"text-align: justify;\"><span style=\"font-size: 14pt;\"><strong>Pero no puede evitar el momento revolucionario\u2026<\/strong><\/span><\/p>\n<p style=\"text-align: justify;\"><span style=\"font-size: 14pt;\"><strong>Hubo un Frente Revolucionario como en ning\u00fan pa\u00eds europeo, que fue la guerra civil, precisamente por esas persistencias<\/strong>. Si en un momento dado se hubieran hecho la reformas pertinentes de una forma h\u00e1bil, si se hubieran hecho hace un tiempo con el r\u00e9gimen de la <em>Restauraci\u00f3n<\/em>\u2026 Claro que el r\u00e9gimen de la <em>Restauraci\u00f3n<\/em> ha sido muy alabado.<\/span><\/p>\n<p>&nbsp;<\/p>\n<p style=\"text-align: justify;\"><span style=\"font-size: 14pt;\"><strong>Gran parte de la derecha de estas d\u00e9cadas, cercana al PP, huye completamente de cualquier reconocimiento al franquismo y salta de la mitificaci\u00f3n de la transici\u00f3n a la de la restauraci\u00f3n.<\/strong><\/span><\/p>\n<p style=\"text-align: justify;\"><span style=\"font-size: 14pt;\">Claro, es que ah\u00ed est\u00e1 el tema y adem\u00e1s yo lo he sufrido historiogr\u00e1ficamente porque en la historiograf\u00eda espa\u00f1ola hasta hace poco hab\u00eda dos paradigmas: uno era el <em>marxista<\/em>, con <strong>Tu\u00f1\u00f3n de Lara<\/strong>, y otro el <em>modernizador<\/em>, con los disc\u00edpulos de <strong>Raymond Carr<\/strong>. Al final a <strong>Tu\u00f1\u00f3n<\/strong> lo dejaron por inservible, entonces el propio PSOE, en la <strong>Fundaci\u00f3n Pablo Iglesias<\/strong>, lo que hace es invitar a los disc\u00edpulos de <strong>Carr<\/strong>: a <strong>Juan Pablo Fusi<\/strong>, <strong>Shlomo Ben Ami<\/strong>,<strong> Varela Ortega<\/strong>, etc.<\/span><\/p>\n<p>&nbsp;<\/p>\n<blockquote>\n<p style=\"text-align: center;\"><span style=\"font-size: 14pt; color: #008000;\"><strong>\u00bfY cu\u00e1l es el paradigma de esta escuela hist\u00f3rica? Pues que Espa\u00f1a es un pa\u00eds que iba consolidando sus estructuras liberales con el r\u00e9gimen de la Restauraci\u00f3n y que hab\u00eda habido un cierto desarrollo econ\u00f3mico, se iban democratizando las instituciones y vino el golpe de estado de Primo de Rivera y lo jorob\u00f3 todo<\/strong><\/span><\/p>\n<\/blockquote>\n<p>&nbsp;<\/p>\n<p style=\"text-align: justify;\"><span style=\"font-size: 14pt;\"> \u00bfY cu\u00e1l es el paradigma de esta escuela hist\u00f3rica? Pues que Espa\u00f1a es un pa\u00eds que iba consolidando sus estructuras liberales con el r\u00e9gimen de la <em>Restauraci\u00f3n<\/em> y que hab\u00eda habido un cierto desarrollo econ\u00f3mico, se iban democratizando las instituciones y vino el <a href=\"https:\/\/puntocritico.com\/ausajpuntocritico\/2023\/02\/05\/tecnica-del-golpe-de-estado-de-curzio-malaparte-capitulo-6-primo-de-ribera-y-pilsudky-un-cortesano-y-un-general-socialista\/\">golpe de estado de <strong>Primo de Rivera<\/strong><\/a> y lo jorob\u00f3 todo. <strong>Sucede que la historia no es la historia del pasado. A trav\u00e9s de la interpretaci\u00f3n que t\u00fa hagas del pasado est\u00e1s pidiendo una inserci\u00f3n en el presente<\/strong>, entonces \u00bfqu\u00e9 es lo que se deduc\u00eda de eso? Que Espa\u00f1a deb\u00eda recuperar esa tradici\u00f3n liberal del sistema de la <em>Restauraci\u00f3n<\/em> y la nueva monarqu\u00eda seguir las pautas de ese r\u00e9gimen. <strong>Ah\u00ed est\u00e1 el papel del Rey, el bipartidismo y repartirse el poder entre los dos partidos con el arbitraje de la corona. Ese sistema de la Restauraci\u00f3n sigue vigente en la mente de los del PP<\/strong>.<\/span><\/p>\n<p>&nbsp;<\/p>\n<p style=\"text-align: justify;\"><span style=\"font-size: 14pt;\"><strong>\u00bfEst\u00e1n en eso?<\/strong><\/span><\/p>\n<p style=\"text-align: justify;\"><span style=\"font-size: 14pt;\">Si lees los libros de <strong>Garc\u00eda Margallo<\/strong>, ves que est\u00e1n en eso, <strong>que hay que restaurar eso: dos partidos, por supuesto uno de ellos el PP, faltar\u00eda m\u00e1s, y otro el PSOE<\/strong> y continuar la historia de Espa\u00f1a, <strong>pero<\/strong> claro eso es una interpretaci\u00f3n que yo he tenido que padecer porque yo dec\u00eda, mire usted, yo no veo esto: <strong>C\u00e1novas<\/strong> da a la monarqu\u00eda unos poderes excepcionales y he estudiado la corte de <strong>Alfonso XII y XIII<\/strong> y la <strong>aristocracia<\/strong> sigue ejerciendo su papel, adem\u00e1s est\u00e1 el <em>caciquismo<\/em>, que se olvida\u2026<\/span><\/p>\n<p>&nbsp;<\/p>\n<blockquote>\n<p style=\"text-align: center;\"><strong><span style=\"font-size: 14pt; color: #008000;\"><em>Espa\u00f1a<\/em> es el \u00fanico pa\u00eds que tiene un movimiento anarquista de masas y el \u00fanico pa\u00eds donde los anarquistas han llegado al poder<\/span><\/strong><\/p>\n<\/blockquote>\n<p>&nbsp;<\/p>\n<p style=\"text-align: justify;\"><span style=\"font-size: 14pt;\">En el fondo, <strong>la restauraci\u00f3n no garantiza el desarrollo econ\u00f3mico<\/strong>, la gente sigue viviendo muy mal, por eso hay tendencias revolucionarias. <strong>\u00bfPor qu\u00e9 la <em>Rep\u00fablica<\/em> fracasa? Porque no hay posibilidades de pactos ni de nada y hay tendencias revolucionarias muy profundas<\/strong>. <em>Espa\u00f1a<\/em> es el \u00fanico pa\u00eds que tiene un movimiento anarquista de masas y el \u00fanico pa\u00eds donde los anarquistas han llegado al poder, con <strong>Largo Caballero<\/strong> en el <strong>36<\/strong>, <strong>y ah\u00ed hay colectivizaciones, y eso es fruto de que no se hacen la reformas pertinentes en un momento dado<\/strong>. Pongo un ejemplo: hay un libro que se debe leer,\u00a0<em><strong>La nacionalizaci\u00f3n de las masas<\/strong>,\u00a0<\/em>de <strong>George L. Mosse<\/strong>.<em>\u00a0<\/em>En ese momento, en el auge del nacionalismo en <em>Europa<\/em>, el sistema de la <em>Restauraci\u00f3n<\/em> no hace nada, no nacionaliza las masas, no hay escuelas propiamente hablando\u2026 <strong>\u00bfC\u00f3mo no va a haber nacionalismos si no se ense\u00f1a a los espa\u00f1oles a hablar espa\u00f1ol?<\/strong><\/span><\/p>\n<p>&nbsp;<\/p>\n<p style=\"text-align: justify;\"><span style=\"font-size: 14pt;\"><strong>Lo intenta Primo de Rivera<\/strong>\u2026<\/span><\/p>\n<p style=\"text-align: justify;\"><span style=\"font-size: 14pt;\">S\u00ed, se intenta algo, pero no hay presupuestos. <strong>Se podr\u00e1n hacer todos los proyectos que usted quiera, pero si no hay dinero<\/strong>\u2026 Tiene que haber una <strong><em>escuela p\u00fablica<\/em><\/strong>. Se podr\u00e1 criticar m\u00e1s o menos, pero se intenta en otros pa\u00edses. En <em>Alemania<\/em>, que no es un pa\u00eds revolucionario, ni mucho menos, hay una nacionalizaci\u00f3n de las masas. <strong>Bismarck<\/strong> y su gente nacionaliza a los sectores obreros con la colaboraci\u00f3n de sectores del socialismo. Aqu\u00ed no hay nada de eso.<\/span><\/p>\n<p>&nbsp;<\/p>\n<p><img loading=\"lazy\" decoding=\"async\" class=\"aligncenter wp-image-2303433\" src=\"https:\/\/puntocritico.com\/ausajpuntocritico\/wp-content\/uploads\/2024\/11\/Pedro-Carlos-Gonzalez-Cuevas-3-300x131.webp\" alt=\"\" width=\"480\" height=\"210\" srcset=\"https:\/\/puntocritico.com\/ausajpuntocritico\/wp-content\/uploads\/2024\/11\/Pedro-Carlos-Gonzalez-Cuevas-3-300x131.webp 300w, https:\/\/puntocritico.com\/ausajpuntocritico\/wp-content\/uploads\/2024\/11\/Pedro-Carlos-Gonzalez-Cuevas-3-1024x448.webp 1024w, https:\/\/puntocritico.com\/ausajpuntocritico\/wp-content\/uploads\/2024\/11\/Pedro-Carlos-Gonzalez-Cuevas-3-768x336.webp 768w, https:\/\/puntocritico.com\/ausajpuntocritico\/wp-content\/uploads\/2024\/11\/Pedro-Carlos-Gonzalez-Cuevas-3.webp 1200w\" sizes=\"auto, (max-width: 480px) 100vw, 480px\" \/><\/p>\n<p style=\"text-align: center;\"><strong><span style=\"color: #008000; font-size: 18pt;\">*******<\/span><\/strong><\/p>\n<div class=\"elementor-element elementor-element-0597dc3 elementor-widget elementor-widget-theme-post-title elementor-page-title elementor-widget-heading\" data-id=\"0597dc3\" data-element_type=\"widget\" data-widget_type=\"theme-post-title.default\">\n<div class=\"elementor-widget-container\">\n<h2 class=\"elementor-heading-title elementor-size-default\" style=\"text-align: center;\"><span style=\"font-size: 24pt;\">Pedro Carlos Gonz\u00e1lez Cuevas (y II): \u00abJim\u00e9nez Losantos ha hecho un da\u00f1o brutal a la derecha espa\u00f1ola\u00bb<\/span><\/h2>\n<\/div>\n<\/div>\n<div class=\"elementor-element elementor-element-e815d23 elementor-widget elementor-widget-theme-post-excerpt\" data-id=\"e815d23\" data-element_type=\"widget\" data-widget_type=\"theme-post-excerpt.default\">\n<div class=\"elementor-widget-container\" style=\"text-align: center;\"><em><strong><span style=\"font-size: 14pt;\">Segunda parte de la conversaci\u00f3n mantenida con el historiador en la que repasa el actual estado del debate intelectual e historiogr\u00e1fico en Espa\u00f1a<\/span><\/strong><\/em><\/div>\n<\/div>\n<div style=\"text-align: justify;\"><span style=\"font-size: 14pt;\">Por Hugues<\/span><\/div>\n<div style=\"text-align: justify;\"><span style=\"font-size: 14pt;\"><a href=\"https:\/\/ideas.gaceta.es\/pedro-carlos-gonzalez-cuevas-y-ii-jimenez-losantos-ha-hecho-un-dano-brutal-a-la-derecha-espanola\/\" target=\"_blank\" rel=\"noopener\">Gaceta<\/a>, 9 NOV 2024<\/span><\/div>\n<p><img loading=\"lazy\" decoding=\"async\" class=\"aligncenter wp-image-2303287\" src=\"https:\/\/puntocritico.com\/ausajpuntocritico\/wp-content\/uploads\/2024\/11\/Pedro-Carlos-Gonzalez-Cuevas-2-300x198.jpg\" alt=\"\" width=\"480\" height=\"317\" srcset=\"https:\/\/puntocritico.com\/ausajpuntocritico\/wp-content\/uploads\/2024\/11\/Pedro-Carlos-Gonzalez-Cuevas-2-300x198.jpg 300w, https:\/\/puntocritico.com\/ausajpuntocritico\/wp-content\/uploads\/2024\/11\/Pedro-Carlos-Gonzalez-Cuevas-2-768x507.jpg 768w, https:\/\/puntocritico.com\/ausajpuntocritico\/wp-content\/uploads\/2024\/11\/Pedro-Carlos-Gonzalez-Cuevas-2.jpg 1024w\" sizes=\"auto, (max-width: 480px) 100vw, 480px\" \/><\/p>\n<p style=\"text-align: justify;\">\u00a0<\/p>\n<p style=\"text-align: justify;\"><span style=\"font-size: 14pt;\"><strong>\u00bfQu\u00e9 acogida ha tenido su\u00a0<em>Historia de la derecha espa\u00f1ola<\/em>?<\/strong><\/span><\/p>\n<p style=\"text-align: justify;\"><span style=\"font-size: 14pt;\">Bueno, muchos dicen que es un buen libro, pero que se le ve escorado hacia Vox\u2026 pero no hay debate, no ha habido debate, alguien que fuera en contra y diera otras opiniones u otras interpretaciones. <strong>Es que en Espa\u00f1a no hay pr\u00e1cticamente debate intelectual<\/strong>.<\/span><\/p>\n<p>&nbsp;<\/p>\n<p style=\"text-align: justify;\"><span style=\"font-size: 14pt;\"><strong>\u00bfSilencio y ostracismo en los medios del r\u00e9gimen?<\/strong><\/span><\/p>\n<p style=\"text-align: justify;\"><span style=\"font-size: 14pt;\">Y<strong> en los de la supuesta derecha. Es que no me han llamado<\/strong>. En alguna radio, pero m\u00e1s bien marginales; no ha habido nada en la COPE, en 13 TV. En El Toro s\u00ed, he estado un par de veces\u2026<\/span><\/p>\n<p>&nbsp;<\/p>\n<p style=\"text-align: justify;\"><span style=\"font-size: 14pt;\"><strong>Nos quedamos a la altura del franquismo. \u00bfCu\u00e1l fue su influencia ideol\u00f3gica? \u00bfFue una s\u00edntesis y luego un acabarse?<\/strong><\/span><\/p>\n<p style=\"text-align: justify;\"><span style=\"font-size: 14pt;\">S\u00ed, pero hay dos factores en los que yo siempre he insistido: uno es el <em><strong>Concilio<\/strong><\/em>, que deslegitima toda una tradici\u00f3n social intelectual y otro es el desarrollo econ\u00f3mico, que destruye las bases sociales de ese conservadurismo. Es complicado que el carlismo pudiera subsistir, pero subsiste hasta despu\u00e9s de la <strong>Guerra Civil<\/strong>, incluso todav\u00eda hay sectores carlistas, pero Falange, despu\u00e9s de la <strong>Segunda Guerra Mundial<\/strong>, no pod\u00eda subsistir. <\/span><\/p>\n<p>&nbsp;<\/p>\n<blockquote>\n<p style=\"text-align: center;\"><span style=\"color: #008000;\"><strong><span style=\"font-size: 14pt;\">Es complicado que el carlismo pudiera subsistir, pero subsiste hasta despu\u00e9s de la Guerra Civil, incluso todav\u00eda hay sectores carlistas, pero Falange, despu\u00e9s de la Segunda Guerra Mundial, no pod\u00eda subsistir.<\/span><\/strong><\/span><\/p>\n<p style=\"text-align: center;\"><span style=\"color: #008000;\"><strong><span style=\"font-size: 14pt;\">Lo que s\u00ed pod\u00eda era el catolicismo social y los tecn\u00f3cratas.<\/span><\/strong><\/span><\/p>\n<p style=\"text-align: center;\"><span style=\"color: #008000;\"><strong><span style=\"font-size: 14pt;\">Entonces, claro, los <em>socialcat\u00f3licos<\/em> se adaptan siempre a lo que dice la Iglesia, a lo que diga la situaci\u00f3n<\/span><\/strong><\/span><\/p>\n<\/blockquote>\n<p>&nbsp;<\/p>\n<p style=\"text-align: justify;\"><span style=\"font-size: 14pt;\"><strong>Lo que s\u00ed pod\u00eda era el catolicismo social y los tecn\u00f3cratas<\/strong>. Entonces, claro, los <em><strong>socialcat\u00f3licos<\/strong><\/em> se adaptan siempre a lo que dice la <strong>Iglesia<\/strong>, a lo que diga la situaci\u00f3n. El <a href=\"https:\/\/puntocritico.com\/ausajpuntocritico\/2021\/06\/23\/la-continuidad-del-franquismo-en-las-instituciones-democraticas-dictadura-y-aperturismo-la-persecucion-de-un-imposible-el-diario-ya-durante-el-regimen-de-franco\/\"><em><strong>grupo T\u00e1cito<\/strong><\/em><\/a>, por ejemplo. Por el <em><strong>Concilio<\/strong><\/em> y por la influencia de <strong>Pablo VI<\/strong> la consigna es que el r\u00e9gimen tiene que acabar. <\/span><\/p>\n<p style=\"text-align: justify;\"><span style=\"font-size: 14pt;\"><strong>Y quedan los tecn\u00f3cratas, que son elitistas<\/strong>, no pueden elaborar un pensamiento pol\u00edtico para movilizar a la gente cuando llegue un r\u00e9gimen pluralista, entonces <strong>quedan siempre como asesores del poder, pero no pueden elaborar eso<\/strong>.<\/span><\/p>\n<p style=\"text-align: justify;\"><span style=\"font-size: 14pt;\">En <em>Italia<\/em>, por ejemplo, como estamos viendo, incluso en <em>Francia<\/em>, los sectores que llaman de \u00ab<em>extrema<\/em> <em>derecha<\/em>\u00bb han sabido reorganizarse y reinterpretarse en situaciones muy negativas para ellos. En <em>Espa\u00f1a<\/em> no porque no hubo una ruptura. Hubo una ruptura pol\u00edtica con el <em>franquismo<\/em> con la <strong>Constituci\u00f3n<\/strong>, pero ruptura social no hubo, entonces no se persigui\u00f3 a los del r\u00e9gimen anterior. <\/span><\/p>\n<p>&nbsp;<\/p>\n<blockquote>\n<p style=\"text-align: center;\"><span style=\"color: #008000;\"><strong><span style=\"font-size: 14pt;\">En <em>Espa\u00f1a<\/em> no porque no hubo una ruptura. Hubo una ruptura pol\u00edtica con el <em>franquismo<\/em> con la Constituci\u00f3n, pero ruptura social no hubo, entonces no se persigui\u00f3 a los del r\u00e9gimen anterior<\/span><\/strong><\/span><\/p>\n<\/blockquote>\n<p>&nbsp;<\/p>\n<p style=\"text-align: justify;\"><span style=\"font-size: 14pt;\"><strong>Bueno en <em>Italia<\/em>, en <em>Francia<\/em>, incluso en <em>Alemania<\/em> era m\u00e1s complicado por razones obvias<\/strong>. <strong>Los vencidos tuvieron que reorganizarse y reinterpretarse, aqu\u00ed no hubo necesidad<\/strong>, pero la <strong>Falange<\/strong>, por ejemplo, desapareci\u00f3 del mapa porque no sab\u00eda qu\u00e9 hacer ya. Lo que ser\u00eda, por usar un t\u00e9rmino que no me gusta, \u00ab<em>extrema derecha<\/em>\u00bb con <strong>Fuerza Nueva<\/strong> fue un conjunto de errores porque <strong>Blas Pi\u00f1ar<\/strong> no se enter\u00f3 de nada. Incluso al final quiso aliarse con <strong>Le Pen<\/strong>, tuvo relaciones con <strong>Almirante<\/strong> en <em>Italia<\/em> y tal, pero \u00e9l estaba en otro paradigma, \u00e9l no entendi\u00f3 la nueva situaci\u00f3n, se crey\u00f3 que pod\u00eda volver al <em>franquismo<\/em>. Le hicieron una entrevista una vez a <strong>Le Pen<\/strong>, qu\u00e9 tal se lleva usted con <strong>Blas Pi\u00f1ar<\/strong>, le preguntaron, y dijo: <em>no nos entendemos, no nos entendemos, entonces claro<\/em>\u2026 y luego comete un error fundamental que es la disoluci\u00f3n del partido en 1982. P<strong>arece ser que cre\u00eda que cuando ganaran los socialistas le iban a meter en la c\u00e1rcel, el partido no deja un heredero y hay una ruptura insalvable<\/strong>.<\/span><\/p>\n<p>&nbsp;<\/p>\n<p style=\"text-align: justify;\"><span style=\"font-size: 14pt;\"><strong>\u00bfQu\u00e9 hay en los \u00faltimos veinte a\u00f1os?<\/strong><\/span><\/p>\n<p style=\"text-align: justify;\"><span style=\"font-size: 14pt;\"><a href=\"https:\/\/puntocritico.com\/ausajpuntocritico\/2021\/11\/09\/la-ley-de-hierro-de-la-oligarquia-dalmacio-negro-1\/\"><strong>Dalmacio Negro Pav\u00f3n <\/strong><\/a>y<strong> Gonzalo Fern\u00e1ndez de la Mora<\/strong>. <strong>Ellos son los dos \u00faltimos pensadores de la derecha espa\u00f1ola<\/strong>. En <strong>Dalmacio<\/strong> prima m\u00e1s la abstracci\u00f3n.\u00a0Estos dos. Veo adem\u00e1s la influencia absolutamente negativa del PP que no solamente no va a hacer nada sino que va a impedir que se haga. <strong>Cuando alguien intente escribir una historia del pensamiento de la derecha espa\u00f1ola en el siglo XXI ser\u00e1 una p\u00e1gina en blanco<\/strong>.<\/span><\/p>\n<p>&nbsp;<\/p>\n<blockquote>\n<p style=\"text-align: center;\"><span style=\"font-size: 14pt; color: #008000;\"><strong>Cuando alguien intente escribir una historia del pensamiento de la derecha espa\u00f1ola en el siglo XXI ser\u00e1 una p\u00e1gina en blanco<\/strong><\/span><\/p>\n<\/blockquote>\n<p>&nbsp;<\/p>\n<p style=\"text-align: justify;\"><span style=\"font-size: 14pt;\"><strong>De Fern\u00e1ndez de la Mora celebramos el centenario<\/strong><\/span><\/p>\n<p style=\"text-align: justify;\"><span style=\"font-size: 14pt;\">Tiene unos proyectos de reforma pol\u00edtica muy interesantes en los que habr\u00eda que insistir y que se deber\u00edan tener m\u00e1s en cuenta, entre ellos est\u00e1 la rep\u00fablica presidencialista, aunque esto es mucho decir. Luego, por ejemplo, garantizar, que eso es complicado, la autonom\u00eda del diputado a trav\u00e9s de una serie de leyes. En\u00a0<strong><em>La Partitocracia<\/em><\/strong>\u00a0\u00e9l elabora un proyecto regenerador a tener en cuenta.<\/span><\/p>\n<p>&nbsp;<\/p>\n<p style=\"text-align: justify;\"><span style=\"font-size: 14pt;\"><strong>Pero al contrario, hay un gran abandono de su figura<\/strong><\/span><\/p>\n<p style=\"text-align: justify;\"><span style=\"font-size: 14pt;\">Incluso hay tradicionalistas, carlistas, que dec\u00edan que el pensamiento de <strong>Fern\u00e1ndez de la Mora<\/strong> por ser laico y ser <em>agn\u00f3stico<\/em> en el fondo era peligroso. En general no se le ha hecho caso. Porque la izquierda, por ejemplo, con una persona tan insoportable como <strong>Almudena<\/strong> <strong>Grandes<\/strong>, f\u00edjese qu\u00e9 mitificaci\u00f3n hace de ella, y aqu\u00ed el primero que quiere acabar con <strong>Fern\u00e1ndez de la Mora<\/strong> es el propio PP y antes <strong>Alianza Popular<\/strong> con <strong>Fraga<\/strong>, que no quiere saber nada, no les interesa. <\/span><\/p>\n<p>&nbsp;<\/p>\n<blockquote>\n<p style=\"text-align: center;\"><strong><span style=\"font-size: 14pt; color: #008000;\">la izquierda, por ejemplo, con una persona tan insoportable como Almudena Grandes, f\u00edjese qu\u00e9 mitificaci\u00f3n hace de ella, y aqu\u00ed el primero que quiere acabar con Fern\u00e1ndez de la Mora es el propio PP y antes Alianza Popular con Fraga<\/span><\/strong><\/p>\n<\/blockquote>\n<p>&nbsp;<\/p>\n<p style=\"text-align: justify;\"><span style=\"font-size: 14pt;\">No ha habido una conmemoraci\u00f3n, pero bueno, vamos a ver, si no conmemoran a <strong>Fraga<\/strong>, c\u00f3mo van a conmemorar a <strong>Fern\u00e1ndez de la Mora<\/strong>. Si <strong>Barreiro<\/strong>, uno de los que est\u00e1n all\u00ed de oligarcas en el PP de <strong><em>Galicia<\/em><\/strong>, tiene una semblanza de <strong>Feijoo<\/strong> y dice que <strong>Fraga<\/strong> no influy\u00f3 nada, que en quien tenemos que mirarnos es en <strong>Su\u00e1rez<\/strong>. Entonces, claro, no puede haber, no puede ser, es imposible. <strong>Hay varias personalidades que han dicho que el problema real en Espa\u00f1a es el PP<\/strong>.<\/span><\/p>\n<p>&nbsp;<\/p>\n<p style=\"text-align: justify;\"><span style=\"font-size: 14pt;\"><strong>Porque ellos s\u00ed tienen una capacidad de movilizaci\u00f3n con el dominio del panorama medi\u00e1tico<\/strong><\/span><\/p>\n<p style=\"text-align: justify;\"><span style=\"font-size: 14pt;\">El \u00fanico grupo de derechas es Vox, no hay otro, lo que pasa es que van a por ellos.<\/span><\/p>\n<p>&nbsp;<\/p>\n<p style=\"text-align: justify;\"><span style=\"font-size: 14pt;\"><strong>De las tradicionales fuerzas de la derecha, \u00bfqu\u00e9 queda?<\/strong><\/span><\/p>\n<p style=\"text-align: justify;\"><span style=\"font-size: 14pt;\">Escrib\u00ed un art\u00edculo hace poco y all\u00ed dec\u00eda que la obra de <strong>Maeztu<\/strong> sigue teniendo actualidad, pero que habr\u00eda que revisar ciertas cosas. En primer lugar, la <em>Hispanidad<\/em> ya no puede ser una afirmaci\u00f3n religiosa porque la <strong>Iglesia<\/strong>, que ya influye poco, est\u00e1 dividida en facciones y la <strong><em>Monarqu\u00eda<\/em><\/strong> no es una instituci\u00f3n que preserve la unidad nacional, y el ej\u00e9rcito despu\u00e9s de la entrada en la OTAN tampoco. En <em>Espa\u00f1a<\/em> tampoco ha habido un pensamiento militar como ha habido en <em>Francia<\/em> o en <em>Alemania<\/em>. <strong>Jorge Vig\u00f3n<\/strong> tiene cosas,\u00a0<em>Teor\u00eda del militarismo<\/em>, cosas de esas, pero <strong>no ha habido un pensamiento de Alto Estado Mayor<\/strong>. <strong>Es que en <em>Espa\u00f1a<\/em> no hay continuidad. Otro que venga despu\u00e9s y contin\u00fae<\/strong>.<\/span><\/p>\n<p>&nbsp;<\/p>\n<blockquote>\n<p style=\"text-align: center;\"><span style=\"color: #008000;\"><strong><span style=\"font-size: 14pt;\">La <em>Hispanidad<\/em> ya no puede ser una afirmaci\u00f3n religiosa porque la Iglesia, que ya influye poco, est\u00e1 dividida en facciones y la <em>Monarqu\u00eda<\/em> no es una instituci\u00f3n que preserve la unidad nacional, y el ej\u00e9rcito despu\u00e9s de la entrada en la OTAN tampoco<\/span><\/strong><\/span><\/p>\n<\/blockquote>\n<p>&nbsp;<\/p>\n<p style=\"text-align: justify;\"><span style=\"font-size: 14pt;\">T<strong>iene que haber unas pautas de revisi\u00f3n<\/strong>; por ejemplo, <strong>Ricardo de la Cierva<\/strong> todav\u00eda es un personaje de referencia, pero no, se\u00f1or, ya no tiene nada que decir, est\u00e1 completamente superado. Hay que hacer esa revisi\u00f3n y te dir\u00e1n \u00ab<em>eres un traidor<\/em>\u00bb. Tambi\u00e9n me la han dicho: usted ataca a <strong>Ricardo de la Cierva<\/strong>. Pues\u00a0 hombre, no es atacarlo, hay que revisarlo, hay que revisar por ejemplo el libro que hizo en el a\u00f1o 69 sobre la <strong>Guerra Civil<\/strong>. Y nada m\u00e1s, vive de la rentas durante a\u00f1os y a\u00f1os; y repite y repite y repite, siempre hace lo mismo y luego no est\u00e1 al tanto de lo que ocurre en la historiograf\u00eda de otros pa\u00edses. <strong>Revisar a un autor es cruel, no gusta, pero es necesario<\/strong>.<\/span><\/p>\n<p>&nbsp;<\/p>\n<p style=\"text-align: justify;\"><span style=\"font-size: 14pt;\"><strong>Actual\u00edcenos el estado de su querella (<em>no judicial<\/em>) con Jim\u00e9nez Losantos<\/strong><\/span><\/p>\n<p style=\"text-align: justify;\"><span style=\"font-size: 14pt;\">Bueno, sabe que <strong>Jim\u00e9nez<\/strong> public\u00f3 ese libro sobre el retorno de la derecha y me dedica unas p\u00e1ginas poni\u00e9ndome a parir diciendo que yo soy el profeta del pasado\u2026<\/span><\/p>\n<p>&nbsp;<\/p>\n<p style=\"text-align: justify;\"><span style=\"font-size: 14pt;\"><strong>Como historiador tampoco es lo peor que le pueden decir<\/strong><\/span><\/p>\n<p style=\"text-align: justify;\"><span style=\"font-size: 14pt;\">Es que \u00e9l se refiere a otra cosa. <strong>Me dice que yo soy el te\u00f3rico del sector neofalangista<\/strong>, esa chorrada, viene a decir m\u00e1s o menos eso, y yo estoy por hacer un art\u00edculo contra \u00e9l que se titular\u00eda \u00ab<em>El gran mu\u00f1idor de las derrotas culturales de la derecha<\/em>\u00bb.<\/span><\/p>\n<p>&nbsp;<\/p>\n<p style=\"text-align: justify;\"><span style=\"font-size: 14pt;\"><strong>\u00bfHasta qu\u00e9 punto ha causado un da\u00f1o intelectual a la derecha espa\u00f1ola?<\/strong><\/span><\/p>\n<p style=\"text-align: justify;\"><span style=\"font-size: 14pt;\"><strong>Pues ha sido un da\u00f1o brutal<\/strong>. Primero lo de <strong>Aza\u00f1a<\/strong> que se lo crey\u00f3 a <strong>Aznar<\/strong>. Dos, catapultar desde la COPE a un experto en intertextualidad y negritud como <strong>C\u00e9sar Vidal<\/strong>, que es el <strong>Sim\u00f3n<\/strong> <strong>Legree<\/strong> de la historiograf\u00eda espa\u00f1ola. \u00bfRecuerda\u00a0<strong><em>La caba\u00f1a del t\u00edo Tom<\/em><\/strong>? <strong>Sim\u00f3n Legree<\/strong> es el malo, vendedor y propietario de esclavos; y luego, tercero, promocionar a un <em>polemista<\/em> como <strong>P\u00edo Moa<\/strong>, sin saber lo que se promocionaba. En vez de tener relaciones con sectores acad\u00e9micos, se da p\u00e1bulo a un diletante que no aporta nada al debate intelectual y eso hace que la izquierda se sienta m\u00e1s fuerte.<strong> Yo empec\u00e9 a leer a Vidal y encuentro cosas que he le\u00eddo en otro y no cita la fuente<\/strong>. Claro, un t\u00edo que escribe 28 libros en un a\u00f1o pues es sospechoso\u2026<\/span><\/p>\n<p>&nbsp;<\/p>\n<p style=\"text-align: justify;\"><span style=\"font-size: 14pt;\"><strong>\u00bfLosantos ha influido mucho forjando un pseudoliberalismo personal?<\/strong><\/span><\/p>\n<p style=\"text-align: justify;\"><span style=\"font-size: 14pt;\">Totalmente. \u00c9l ha tenido \u00e9xito por dos cosas: primero, como <em>m\u00e1rtir<\/em> por el atentado que le hicieron en <em>Barcelona<\/em> y luego por su estilo, b\u00e1sicamente es un estilo, pero <strong>no tiene ideas, no ha elaborado nada, ni ha permitido que gente que est\u00e9 a su lado elabore nada<\/strong>. <strong>Es un aut\u00f3crata. Cuando \u00e9l se jubile, desaparecer\u00e1 todo lo que ha hecho<\/strong>. Tampoco habr\u00e1 continuidad ah\u00ed porque no puedo haberla, porque lo de <strong>Losantos<\/strong> es un estilo.<\/span><\/p>\n<p>&nbsp;<\/p>\n<p style=\"text-align: justify;\"><span style=\"font-size: 14pt;\"><strong>El liberal baturrismo, que dice usted<\/strong><\/span><\/p>\n<p style=\"text-align: justify;\"><span style=\"font-size: 14pt;\"><strong>El neoliberalismo baturro<\/strong>. Ese es el tema. Yo no le he atacado nunca en mis libros, solo he dicho que su concepci\u00f3n de la cultura era y es elemental, puramente mercantil, mediocre. Pero \u00e9l me ha le\u00eddo y dice que yo no le gusto.<\/span><\/p>\n<p>&nbsp;<\/p>\n<p style=\"text-align: justify;\"><span style=\"font-size: 14pt;\"><strong>Usted cita a Losantos en su obra<\/strong><\/span><\/p>\n<p style=\"text-align: justify;\"><span style=\"font-size: 14pt;\">S\u00ed, como fuente, pero no tiene ideas. No aporta nada, es un estilo. Algunos amigos de izquierdas me dicen que se lo ponen a las seis <strong>porque empieza a insultar y\u00a0 es como un chute<\/strong>, pero \u00e9l lo que ha hecho es impedir que otros hagan, ha bloqueado tambi\u00e9n muchas cosas que podr\u00edan haberse hecho y relaciones con sectores acad\u00e9micos que hubieran sido posibles.<\/span><\/p>\n<p>&nbsp;<\/p>\n<blockquote>\n<p style=\"text-align: center;\"><span style=\"color: #008000;\"><strong><span style=\"font-size: 14pt;\">No aporta nada, es un estilo. Algunos amigos de izquierdas me dicen que se lo ponen a las seis porque empieza a insultar y\u00a0 es como un chute, pero \u00e9l lo que ha hecho es impedir que otros hagan, ha bloqueado<\/span><\/strong><\/span><\/p>\n<\/blockquote>\n<p>&nbsp;<\/p>\n<p style=\"text-align: justify;\"><span style=\"font-size: 14pt;\">Yo desarroll\u00e9 en\u00a0<em><strong>El Catoblepas<\/strong>, <strong>Raz\u00f3n Espa\u00f1ola<\/strong><\/em>\u00a0y\u00a0<strong><em>La raz\u00f3n hist\u00f3rica<\/em><\/strong>\u00a0una labor de divulgaci\u00f3n de las obras de <strong>Renzo de Felice<\/strong>,<strong> Furet<\/strong>,<strong> Mosse<\/strong>,<strong> Nolte<\/strong>, etc. Gentes de izquierdas se dan cuenta y por eso han hecho una campa\u00f1a contra m\u00ed, pero es a nivel acad\u00e9mico y no se entera nadie. \u00ab<em>Cuidado con este que est\u00e1 haciendo un proyecto serio<\/em>\u00bb, pero eso se ha quedado en elucubraciones m\u00edas, o como dicen, en pajas mentales. <strong>Hay que estar al tanto de la historiograf\u00eda europea, del revisionismo hist\u00f3rico europeo; de qui\u00e9nes son los representantes<\/strong>. Por ejemplo, que <strong>Meloni<\/strong> haya llegado en <em>Italia<\/em> o que <strong>Le Pen<\/strong> tenga posibilidades en <em>Francia<\/em> tiene relaci\u00f3n con los verdaderos debates intelectuales e historiogr\u00e1ficos que se hab\u00edan hecho antes en esos pa\u00edses. Tardan, pero si se plantean, tienen eficacia. Pero aqu\u00ed\u2026 \u00bfc\u00f3mo se va a hacer eso con gente como <strong>Vidal<\/strong> y <strong>Moa<\/strong>?<\/span><\/p>\n<p>&nbsp;<\/p>\n<p style=\"text-align: justify;\"><span style=\"font-size: 14pt;\"><strong>\u00bfEn esa labor se encuentra usted solo?<\/strong><\/span><\/p>\n<p style=\"text-align: justify;\"><span style=\"font-size: 14pt;\"><strong>Hay gente, pero no se atreven como yo a decirlo en p\u00fablico<\/strong>. Una an\u00e9cdota: yo publiqu\u00e9 en\u00a0<em>El Mundo<\/em> un art\u00edculo hace un par de a\u00f1os sobre qui\u00e9nes son los historiadores que no comulgan con el pensamiento dominante, porque cada vez que la prensa de izquierdas habla de historiadores salen los mismos. Ahora mismo, para la opini\u00f3n p\u00fablica y para los sectores que leen algo son <strong>Preston<\/strong> o <strong>Vi\u00f1as<\/strong>, no hay otros. Pues hice una lista y mencion\u00e9 a varios, y uno de ellos, que es amigo, me escribi\u00f3 y me dijo: a m\u00ed no me metas en esto. Para que veas c\u00f3mo funciona el gremio. Entonces la cosa es complicada. Bien es verdad que otros me dieron las gracias, como <strong>Roberto Villa <\/strong>y<strong> Alfonso Bull\u00f3n de Mendoza<\/strong>. <\/span><\/p>\n<p>&nbsp;<\/p>\n<blockquote>\n<p style=\"text-align: center;\"><strong><span style=\"font-size: 14pt; color: #008000;\"><span style=\"font-size: 14pt;\">Hay gente que <\/span>no comulga con la historiograf\u00eda dominante, pero que no quiere meterse en l\u00edos. Es muy complicado, y hacer un equipo pr\u00e1cticamente imposible. No se ha creado ninguna escuela<\/span><\/strong><\/p>\n<\/blockquote>\n<p>&nbsp;<\/p>\n<p style=\"text-align: justify;\"><span style=\"font-size: 14pt;\">Hay gente que no comulga con la historiograf\u00eda dominante, pero que no quiere meterse en l\u00edos. Es muy complicado, y hacer un equipo pr\u00e1cticamente imposible. No se ha creado ninguna escuela. En cambio, <em>Francia<\/em> tiene, <em>Italia<\/em> s\u00ed ha creado escuelas. El referente en <em>Espa\u00f1a<\/em> es <strong>Payne<\/strong>, pero tampoco ha cuajado una escuela a su alrededor. <strong>Hay unos intentos muy interesantes en el CEU, pero que aun no fructifican a nivel medi\u00e1tico<\/strong>.\u00a0<\/span><\/p>\n<p>&nbsp;<\/p>\n<p style=\"text-align: justify;\"><span style=\"font-size: 14pt;\">\u00a0<strong>\u00bfHay poca valent\u00eda en el mundo acad\u00e9mico?<\/strong><\/span><\/p>\n<p style=\"text-align: justify;\"><span style=\"font-size: 14pt;\"><strong>No es que haya poca valent\u00eda, es que no hay ninguna<\/strong>. <\/span><span style=\"font-size: 14pt;\">Tambi\u00e9n hay que reconocer que si no se dan ciertos apoyos\u2026 Por ejemplo, cuando <strong>\u00c1ngel Vi\u00f1as<\/strong> publica cualquier cosa se recoge en entrevistas en <strong><em>Televisi\u00f3n Espa\u00f1ola<\/em><\/strong>, en <em><strong>Onda Cero<\/strong><\/em>, incluso en la <strong><em>Cope<\/em><\/strong>\u2026 Es como lo de <strong>Felipe II<\/strong>, no se puede pelear contra los elementos.<\/span><\/p>\n<p>&nbsp;<\/p>\n<p style=\"text-align: justify;\"><span style=\"font-size: 14pt;\"><strong>\u00bfQu\u00e9 ser\u00eda necesario para una revitalizaci\u00f3n hist\u00f3rica o cultural? \u00bfPor d\u00f3nde empezar\u00eda usted? \u00bfEs una cuesti\u00f3n de instituciones?<\/strong><\/span><\/p>\n<p style=\"text-align: justify;\"><span style=\"font-size: 14pt;\">Pues claro, hay que montar eso que llaman\u00a0<em>think tanks<\/em>. <strong><em>Disenso<\/em><\/strong> est\u00e1 haciendo algo interesante. <strong>Hay que crear \u00f3rganos de opini\u00f3n, revistas, hay que tener emisoras de radio, televisiones, todo lo que no hay<\/strong>. Lo digo yo, que no me gusta aparecer en los medios de comunicaci\u00f3n, que no lo digo para que me inviten porque me pongo muy nervioso, pero el \u00fanico que me invit\u00f3 fue <strong>El Toro TV<\/strong> al leer un art\u00edculo que publiqu\u00e9 en <strong>Gaceta<\/strong> y fui un d\u00eda a hablar all\u00ed, pero nada m\u00e1s. Ya le digo, en la COPE invitan a <strong>Vi\u00f1as<\/strong>. A un historiador que no est\u00e9 por esa senda, como es mi caso, no le invita nadie. Nada m\u00e1s que unos sectores, e\u00a0insisto, que a m\u00ed no me gusta estar en los medios, pero es que no llaman a nadie. <\/span><\/p>\n<p>&nbsp;<\/p>\n<blockquote>\n<p style=\"text-align: center;\"><span style=\"color: #008000;\"><strong><span style=\"font-size: 14pt;\">Creo yo que este libro m\u00edo tiene cierta calidad y pod\u00eda haber incluso despertado cierto debate, aunque fuera para ponerme a parir, pero no hay posibilidad de debatir con nadie. No hay una izquierda que quiera debatir<\/span><\/strong><\/span><\/p>\n<\/blockquote>\n<p>&nbsp;<\/p>\n<p style=\"text-align: justify;\"><span style=\"font-size: 14pt;\">Creo yo que este libro m\u00edo tiene cierta calidad y pod\u00eda haber incluso despertado cierto debate, aunque fuera para ponerme a parir, pero no hay posibilidad de debatir con nadie. No hay una izquierda que quiera debatir. Hay alg\u00fan loco por ah\u00ed llamado <strong>Alberto Reig Tapia<\/strong> que public\u00f3 un libro y <strong>me dedic\u00f3 ochenta p\u00e1ginas, pero nada m\u00e1s que para insultarme, solo para insultarme y que no someti\u00f3 ninguna de las ideas a cr\u00edtica<\/strong>.<\/span><\/p>\n<p>&nbsp;<\/p>\n<p style=\"text-align: justify;\"><span style=\"font-size: 14pt;\"><strong>O sea, que dedica una vida a hacer ese libro que es una catedral y no hay eco. \u00bfEst\u00e1 usted en el ostracismo hist\u00f3rico?<\/strong><\/span><\/p>\n<p style=\"text-align: justify;\"><span style=\"font-size: 14pt;\">S\u00ed, en gran medida s\u00ed. Hombre, yo tengo alguno que me sigue, pero son pocos. <strong>Bien es verdad que cuando yo era estudiante hab\u00eda mucho m\u00e1s inter\u00e9s sobre estos temas que ahora. Ahora hay mucho menos inter\u00e9s en la derecha que en la izquierda<\/strong>. <\/span><\/p>\n<p>&nbsp;<\/p>\n<blockquote>\n<p style=\"text-align: center;\"><span style=\"color: #008000;\"><strong><span style=\"font-size: 14pt;\">Hay historiadores armados e historiadores desarmados. T\u00fa puedes publicar todo lo que te d\u00e9 la gana, pero si no tienes ciertos apoyos, no puedes hacer nada<\/span><\/strong><\/span><\/p>\n<\/blockquote>\n<p>&nbsp;<\/p>\n<p style=\"text-align: justify;\"><span style=\"font-size: 14pt;\">Si <strong>Preston<\/strong> publica algo, concede entrevistas en todos los medios\u2026 \u00a0Yo siempre he dicho que hay historiadores armados e historiadores desarmados. T\u00fa puedes publicar todo lo que te d\u00e9 la gana, pero si no tienes ciertos apoyos, no puedes hacer nada. <strong>Est\u00e1s solo con cuatro. Si adem\u00e1s algunos te dicen que tampoco los menciones, pues m\u00e1s solo todav\u00eda<\/strong>.<\/span><\/p>\n<p>&nbsp;<\/p>\n<p style=\"text-align: justify;\"><span style=\"font-size: 14pt;\"><strong>Para terminar: Valencia, lo que est\u00e1 pasando all\u00ed, \u00bfqu\u00e9 impacto tiene en el momento hist\u00f3rico?<\/strong><\/span><\/p>\n<p style=\"text-align: justify;\"><span style=\"font-size: 14pt;\">Es una pregunta muy interesante, en el fondo decisiva. No s\u00e9, ni puedo saber cu\u00e1l ser\u00e1 la respuesta. Puedo decir lo que creo que deber\u00eda ocurrir. <strong>La mayor\u00eda de la poblaci\u00f3n espa\u00f1ola se encuentra entontecida por los medios de comunicaci\u00f3n y hegemonizada por el PP, el PSOE y los partidos secesionistas<\/strong>. Pero nada es eterno. Alg\u00fan d\u00eda esto tendr\u00e1 que cambiar. Tanto la gesti\u00f3n de la pandemia como el actual desastre en Valencia y otras regiones tiene como origen la ausencia de un Estado eficaz. Como ha se\u00f1alado <strong>Dalmacio Negro<\/strong> y otros, entre ellos <strong>Karl Marx<\/strong>, el problema de la Espa\u00f1a contempor\u00e1nea es la ausencia de aparato estatal. Se ha hablado mucho del centralismo de la Espa\u00f1a liberal, pero, como se\u00f1al\u00f3 <strong>Juan Pablo Fusi<\/strong>, se trataba de un centralismo legal, pero de un localismo real. De ah\u00ed la emergencia de los nacionalismos perif\u00e9ricos. <\/span><\/p>\n<p>&nbsp;<\/p>\n<blockquote>\n<p style=\"text-align: center;\"><strong><span style=\"font-size: 14pt; color: #008000;\">Se ha hablado mucho del centralismo de la Espa\u00f1a liberal, pero, como se\u00f1al\u00f3 Juan Pablo Fusi, se trataba de un centralismo legal, pero de un localismo real. De ah\u00ed la emergencia de los nacionalismos perif\u00e9ricos<\/span><\/strong><\/p>\n<\/blockquote>\n<p>&nbsp;<\/p>\n<p style=\"text-align: justify;\"><span style=\"font-size: 14pt;\">El centralismo fue real, se\u00f1al\u00f3 <strong>Santos Juli\u00e1<\/strong>, durante el r\u00e9gimen de <strong>Franco<\/strong>, que fue la etapa en que la sociedad espa\u00f1ola tuvo un aut\u00e9ntico Estado. La transici\u00f3n y el funesto r\u00e9gimen actual lo desbarataron. Y en eso estamos. <strong>La cat\u00e1strofe actual, en un pa\u00eds m\u00e1s o menos normal, podr\u00eda servir para plantear un debate serio sobre el Estado de las autonom\u00edas<\/strong>. Hace ya algunos a\u00f1os, el catedr\u00e1tico de derecho administrativo <a href=\"https:\/\/puntocritico.com\/ausajpuntocritico\/2022\/01\/19\/el-fracaso-de-la-descentralizacion-politica-reforma-del-estado-y-reformas-administrativas-parte-i-2\/\"><strong>Ram\u00f3n Parada<\/strong><\/a>, recientemente fallecido, se\u00f1al\u00f3, en un art\u00edculo en la\u00a0<em><strong>Revista de Occidente<\/strong>,\u00a0<\/em>su fracaso. La mayor\u00eda lo saben, pero nadie se atreve a abrir el mel\u00f3n. Cuando pase lo peor, los partidos hegem\u00f3nicos se tirar\u00e1n los trastos a la cabeza y no har\u00e1n nada. Los intereses creados son demasiado fuertes. <strong>Pero el problema est\u00e1 ah\u00ed; y tarde o temprano habr\u00e1 que decidir. En primer lugar, acabar con el bipartidismo y luego abrir un proceso constituyente<\/strong>. Este r\u00e9gimen no da ya m\u00e1s de s\u00ed.<\/span><\/p>\n<p>&nbsp;<\/p>\n<blockquote>\n<p style=\"text-align: center;\"><span style=\"color: #008000;\"><strong><span style=\"font-size: 14pt;\">Cuando pase lo peor, los partidos hegem\u00f3nicos se tirar\u00e1n los trastos a la cabeza y no har\u00e1n nada. Los intereses creados son demasiado fuertes. Pero el problema est\u00e1 ah\u00ed; y tarde o temprano habr\u00e1 que decidir. <\/span><\/strong><\/span><\/p>\n<p style=\"text-align: center;\"><span style=\"color: #008000;\"><strong><span style=\"font-size: 14pt;\">En primer lugar, acabar con el bipartidismo y luego abrir un proceso constituyente. Este r\u00e9gimen no da ya m\u00e1s de s\u00ed<\/span><\/strong><\/span><\/p>\n<\/blockquote>\n<p>&nbsp;<\/p>\n<p><a href=\"https:\/\/raulbarraltamayo.wordpress.com\/2019\/02\/19\/el-pensamiento-de-la-derecha-espanola-en-el-siglo-xx-de-pedro-carlos-gonzalez-cuevas\/\" target=\"_blank\" rel=\"noopener\"><img loading=\"lazy\" decoding=\"async\" class=\"aligncenter wp-image-2303435\" src=\"https:\/\/puntocritico.com\/ausajpuntocritico\/wp-content\/uploads\/2024\/11\/El-pensamiento-politico-de-la-derecha-espanola-en-el-siglo-XX-Gonzalez-Cuevas.jpg\" alt=\"\" width=\"240\" height=\"345\" srcset=\"https:\/\/puntocritico.com\/ausajpuntocritico\/wp-content\/uploads\/2024\/11\/El-pensamiento-politico-de-la-derecha-espanola-en-el-siglo-XX-Gonzalez-Cuevas.jpg 219w, https:\/\/puntocritico.com\/ausajpuntocritico\/wp-content\/uploads\/2024\/11\/El-pensamiento-politico-de-la-derecha-espanola-en-el-siglo-XX-Gonzalez-Cuevas-209x300.jpg 209w\" sizes=\"auto, (max-width: 240px) 100vw, 240px\" \/><\/a><\/p>\n<p>&nbsp;<\/p>\n<blockquote class=\"wp-embedded-content\" data-secret=\"yl46wCktII\"><p><a href=\"https:\/\/puntocritico.com\/ausajpuntocritico\/2021\/05\/03\/el-discurso-de-ortega-vieja-y-nueva-politica\/\">&#8220;VIEJA Y NUEVA POLITICA&#8221;: Discurso de Jos\u00e9 Ortega y Gasset (1914).<\/a><\/p><\/blockquote>\n<p><iframe loading=\"lazy\" class=\"wp-embedded-content\" sandbox=\"allow-scripts\" security=\"restricted\" style=\"position: absolute; visibility: hidden;\" title=\"\u00ab&#8220;VIEJA Y NUEVA POLITICA&#8221;: Discurso de Jos\u00e9 Ortega y Gasset (1914).\u00bb \u2014 Punto Cr\u00edtico Derechos Humanos\" src=\"https:\/\/puntocritico.com\/ausajpuntocritico\/2021\/05\/03\/el-discurso-de-ortega-vieja-y-nueva-politica\/embed\/#?secret=BIs0N2x4rp#?secret=yl46wCktII\" data-secret=\"yl46wCktII\" width=\"500\" height=\"282\" frameborder=\"0\" marginwidth=\"0\" marginheight=\"0\" scrolling=\"no\"><\/iframe><\/p>\n<p>&nbsp;<\/p>\n<p>&nbsp;<\/p>\n<p>&nbsp;<\/p>\n<p>&nbsp;<\/p>\n<p><a href=\"https:\/\/puntocritico.com\/ausajpuntocritico\/author\/punto-critico\/\"><img loading=\"lazy\" decoding=\"async\" class=\"aligncenter wp-image-48\" src=\"https:\/\/puntocritico.com\/ausajpuntocritico\/wp-content\/uploads\/2016\/11\/Mosca_Punto_Cr\u00edtico_40.png\" alt=\"\" width=\"80\" height=\"80\" \/><\/a><\/p>\n<p>&nbsp;<\/p>\n","protected":false},"excerpt":{"rendered":"<div class=\"mh-excerpt\"><p>&nbsp; PEDRO CARLOS GONZ\u00c1LEZ CUEVAS &nbsp; Espa\u00f1a, 1959. Profesor Titular de Historia de las Ideas y de las Formas Pol\u00edticas en la Universidad Nacional de Educaci\u00f3n a Distancia. Ha sido becario del Consejo Superior de <a class=\"mh-excerpt-more\" href=\"https:\/\/puntocritico.com\/ausajpuntocritico\/2024\/11\/18\/pedro-carlos-gonzalez-cuevas\/\" title=\"PEDRO CARLOS GONZ\u00c1LEZ CUEVAS: DISECCI\u00d3N DE LA DERECHA ESPA\u00d1OLA: De la Restauraci\u00f3n al agotamiento del R\u00e9gimen de la Transici\u00f3n (Falange, Nacional-Catolicismo, Tecnocracia y  Social-Catolicismo)\">[&#8230;]<\/a><\/p>\n<\/div>","protected":false},"author":3,"featured_media":2303431,"comment_status":"closed","ping_status":"closed","sticky":false,"template":"","format":"standard","meta":{"_acf_changed":false,"_exactmetrics_skip_tracking":false,"footnotes":""},"categories":[7],"tags":[],"class_list":["post-2303286","post","type-post","status-publish","format-standard","has-post-thumbnail","category-politica"],"acf":[],"_links":{"self":[{"href":"https:\/\/puntocritico.com\/ausajpuntocritico\/wp-json\/wp\/v2\/posts\/2303286","targetHints":{"allow":["GET"]}}],"collection":[{"href":"https:\/\/puntocritico.com\/ausajpuntocritico\/wp-json\/wp\/v2\/posts"}],"about":[{"href":"https:\/\/puntocritico.com\/ausajpuntocritico\/wp-json\/wp\/v2\/types\/post"}],"author":[{"embeddable":true,"href":"https:\/\/puntocritico.com\/ausajpuntocritico\/wp-json\/wp\/v2\/users\/3"}],"replies":[{"embeddable":true,"href":"https:\/\/puntocritico.com\/ausajpuntocritico\/wp-json\/wp\/v2\/comments?post=2303286"}],"version-history":[{"count":0,"href":"https:\/\/puntocritico.com\/ausajpuntocritico\/wp-json\/wp\/v2\/posts\/2303286\/revisions"}],"wp:featuredmedia":[{"embeddable":true,"href":"https:\/\/puntocritico.com\/ausajpuntocritico\/wp-json\/wp\/v2\/media\/2303431"}],"wp:attachment":[{"href":"https:\/\/puntocritico.com\/ausajpuntocritico\/wp-json\/wp\/v2\/media?parent=2303286"}],"wp:term":[{"taxonomy":"category","embeddable":true,"href":"https:\/\/puntocritico.com\/ausajpuntocritico\/wp-json\/wp\/v2\/categories?post=2303286"},{"taxonomy":"post_tag","embeddable":true,"href":"https:\/\/puntocritico.com\/ausajpuntocritico\/wp-json\/wp\/v2\/tags?post=2303286"}],"curies":[{"name":"wp","href":"https:\/\/api.w.org\/{rel}","templated":true}]}}