{"id":2303099,"date":"2024-11-06T00:05:24","date_gmt":"2024-11-05T23:05:24","guid":{"rendered":"https:\/\/puntocritico.com\/ausajpuntocritico\/?p=2303099"},"modified":"2024-12-14T18:15:54","modified_gmt":"2024-12-14T17:15:54","slug":"todos-somos-estado","status":"publish","type":"post","link":"https:\/\/puntocritico.com\/ausajpuntocritico\/2024\/11\/06\/todos-somos-estado\/","title":{"rendered":"\u00abTODOS SOMOS ESTADO\u00bb: EL ESTADO COMPARECE: El Excmo. Sr. D. Pedro S\u00e1nchez P\u00e9rez-Castej\u00f3n, Presidente de Espa\u00f1a,  anuncia medidas de apoyo a los afectados por la DANA por importe de 10.600 Millones de Euros"},"content":{"rendered":"<p style=\"text-align: justify;\"><span style=\"color: #008000; font-size: 14pt;\">TODOS SOMOS ESTADO<\/span><\/p>\n\n<p>&nbsp;<\/p>\n<p><a href=\"https:\/\/www.lamoncloa.gob.es\/info-dana\/Paginas\/index.aspx\" target=\"_blank\" rel=\"noopener\"><img loading=\"lazy\" decoding=\"async\" class=\"alignnone wp-image-2303111 size-full\" src=\"https:\/\/puntocritico.com\/ausajpuntocritico\/wp-content\/uploads\/2024\/11\/Gobierno-DANA.jpg\" alt=\"\" width=\"1292\" height=\"322\" srcset=\"https:\/\/puntocritico.com\/ausajpuntocritico\/wp-content\/uploads\/2024\/11\/Gobierno-DANA.jpg 1292w, https:\/\/puntocritico.com\/ausajpuntocritico\/wp-content\/uploads\/2024\/11\/Gobierno-DANA-300x75.jpg 300w, https:\/\/puntocritico.com\/ausajpuntocritico\/wp-content\/uploads\/2024\/11\/Gobierno-DANA-1024x255.jpg 1024w, https:\/\/puntocritico.com\/ausajpuntocritico\/wp-content\/uploads\/2024\/11\/Gobierno-DANA-768x191.jpg 768w\" sizes=\"auto, (max-width: 1292px) 100vw, 1292px\" \/><\/a><\/p>\n<div id=\"title\" class=\"style-scope ytd-watch-metadata\">\n<h2 class=\"style-scope ytd-watch-metadata\" style=\"text-align: center;\"><span style=\"font-size: 24pt;\">DANA: PEDRO S\u00c1NCHEZ NO DECRETA EMERGENCIA NACIONAL y ANUNCIA MEDIDAS POR 10.600 MILLONES<\/span><\/h2>\n<\/div>\n<div id=\"top-row\" class=\"style-scope ytd-watch-metadata\">\n<div id=\"owner\" class=\"item style-scope ytd-watch-metadata\" style=\"text-align: justify;\"><span style=\"font-size: 14pt;\"><a href=\"https:\/\/www.youtube.com\/watch?v=QrZRJRAHJE4\" target=\"_blank\" rel=\"noopener\">RTVE Noticias<\/a>, 5 NOVIEMBRE 2024<\/span><\/div>\n<\/div>\n<p style=\"text-align: center;\"><iframe loading=\"lazy\" title=\"YouTube video player\" src=\"\/\/www.youtube.com\/embed\/QrZRJRAHJE4?si=HzzdFOS4_S5Y4umt\" width=\"560\" height=\"315\" frameborder=\"0\" allowfullscreen=\"allowfullscreen\"><\/iframe><\/p>\n<p>&nbsp;<\/p>\n<blockquote>\n<p style=\"text-align: center;\"><span style=\"font-size: 14pt;\">El Gobierno ha aprobado un primer paquete de medidas urgentes por importe de 10.600 millones de euros para particulares, empresas e instituciones, que incluye ayudas directas, exenciones y moratorias de impuestos, as\u00ed como avales. <\/span><\/p>\n<p style=\"text-align: center;\"><span style=\"font-size: 14pt;\">S\u00e1nchez ha evitado decretar la emergencia nacional que implicar\u00eda la retirada del presidente de la Generalitat Carlos Maz\u00f3n por \u00abrespeto y unidad\u00bb. <\/span><\/p>\n<p style=\"text-align: center;\"><span style=\"font-size: 14pt;\">Las ayudas se reparten entre varios paquetes hasta 72.000 euros por casos de incapacidad, entre 20.000 y 60.000 euros por vivienda afectada, hasta 10.300 euros para muebles y enseres da\u00f1ados, y hasta 37.000 euros para reparar elementos de las comunidades de vecinos. <\/span><\/p>\n<p style=\"text-align: center;\"><span style=\"font-size: 14pt;\">El Consejo de Ministros ha aprobado tambi\u00e9n la declaraci\u00f3n de zona gravemente afectada por una emergencia de protecci\u00f3n civil para Valencia y el resto de territorios golpeados por la DANA, lo que facilitar\u00e1 la entrega de ayudas a los damnificados por la cat\u00e1strofe. <\/span><\/p>\n<p style=\"text-align: center;\"><span style=\"font-size: 14pt;\">S\u00e1nchez ha explicado que quedan desaparecidos por localizar sin especificar la cifra y reconoce que a\u00fan hay muchas carencias y que el compromiso del gobierno es m\u00e1s medios y m\u00e1s coordinaci\u00f3n. <\/span><\/p>\n<p style=\"text-align: center;\"><span style=\"font-size: 14pt;\">Sobre los disturbios que le obligaron a interrumpir su visita al municipio de Paiporta, en Valencia ha dicho que \u00e9l est\u00e1 bien y que hay que separar a los que ciudadanos que expresan su rabia y frustraci\u00f3n con los ultras que est\u00e1n organizados.<\/span><\/p>\n<\/blockquote>\n<p>&nbsp;<\/p>\n<p><img loading=\"lazy\" decoding=\"async\" class=\"aligncenter wp-image-24493\" src=\"https:\/\/puntocritico.com\/ausajpuntocritico\/wp-content\/uploads\/2019\/11\/Avaricia-da\u00f1a-econom\u00eda.jpg\" alt=\"\" width=\"360\" height=\"269\" srcset=\"https:\/\/puntocritico.com\/ausajpuntocritico\/wp-content\/uploads\/2019\/11\/Avaricia-da\u00f1a-econom\u00eda.jpg 260w, https:\/\/puntocritico.com\/ausajpuntocritico\/wp-content\/uploads\/2019\/11\/Avaricia-da\u00f1a-econom\u00eda-80x60.jpg 80w\" sizes=\"auto, (max-width: 360px) 100vw, 360px\" \/><\/p>\n<p style=\"text-align: center;\"><strong><span style=\"color: #008000; font-size: 18pt;\">*******<\/span><\/strong><\/p>\n<div id=\"title\" class=\"style-scope ytd-watch-metadata\">\n<h2 class=\"style-scope ytd-watch-metadata\" style=\"text-align: center;\"><span style=\"font-size: 24pt;\">DANA: un DRON muestra la devastaci\u00f3n de PAIPORTA, zona cero de la cat\u00e1strofe<\/span><\/h2>\n<\/div>\n<div class=\"item style-scope ytd-watch-metadata\" style=\"text-align: justify;\"><span style=\"font-size: 14pt;\"><a href=\"https:\/\/www.youtube.com\/watch?v=mjALOZEp0yY\" target=\"_blank\" rel=\"noopener\">El Pa\u00eds<\/a>, 5 NOVIEMBRE 2024<\/span><\/div>\n<p style=\"text-align: center;\"><iframe loading=\"lazy\" title=\"YouTube video player\" src=\"\/\/www.youtube.com\/embed\/mjALOZEp0yY?si=6xOdEoPEtbJZtN-7\" width=\"560\" height=\"315\" frameborder=\"0\" allowfullscreen=\"allowfullscreen\"><\/iframe><\/p>\n<p>&nbsp;<\/p>\n<blockquote>\n<p style=\"text-align: center;\"><span style=\"font-size: 14pt;\">El Consorcio de Compensaci\u00f3n de Seguros (CCS) trabaja a toda m\u00e1quina para intentar pagar cuanto antes a los afectados por la dana que ha azotado el Levante espa\u00f1ol la semana pasada y parte de esta. El organismo dependiente del Ministerio de Econom\u00eda \u2014aunque financiado con peque\u00f1os recargos en los seguros convencionales\u2014 ha actualizado el n\u00famero de reclamaciones que ha recibido en estos d\u00edas. En total ha registrado 72.125 solicitudes de indemnizaci\u00f3n. De esta cifra, la mayor\u00eda se corresponden a due\u00f1os de veh\u00edculos de motor (44.203) y a viviendas y comunidades de propietarios (21.405).<\/span><\/p>\n<\/blockquote>\n<p>&nbsp;<\/p>\n<figure id=\"attachment_2303029\" aria-describedby=\"caption-attachment-2303029\" style=\"width: 440px\" class=\"wp-caption aligncenter\"><img loading=\"lazy\" decoding=\"async\" class=\"wp-image-2303029\" src=\"https:\/\/puntocritico.com\/ausajpuntocritico\/wp-content\/uploads\/2024\/11\/1776-Riada-Puente-del-Mar-300x199.jpg\" alt=\"\" width=\"440\" height=\"292\" srcset=\"https:\/\/puntocritico.com\/ausajpuntocritico\/wp-content\/uploads\/2024\/11\/1776-Riada-Puente-del-Mar-300x199.jpg 300w, https:\/\/puntocritico.com\/ausajpuntocritico\/wp-content\/uploads\/2024\/11\/1776-Riada-Puente-del-Mar-768x510.jpg 768w, https:\/\/puntocritico.com\/ausajpuntocritico\/wp-content\/uploads\/2024\/11\/1776-Riada-Puente-del-Mar.jpg 957w\" sizes=\"auto, (max-width: 440px) 100vw, 440px\" \/><figcaption id=\"caption-attachment-2303029\" class=\"wp-caption-text\"><span style=\"color: #008000;\">1776 Riada Puente del Mar: La ciudad de Valencia ha sufrido, a lo largo de su historia, numerosas riadas. Se sabe, por ejemplo, que en los registros de los 636 a\u00f1os transcurridos desde 1321 (con los \u201cLlibres de Consell\u201d) hasta 1957, se han contabilizado un total de 25 episodios de riadas en Valencia, en los a\u00f1os 1321, 1328, 1340, 1358, 1406, 1427, 1475, 1517, 1540, 1581, 1589, 1590, 1610, 1651, 1672, 1731, 1776, 1783, 1845, 1860, 1864, 1870, 1897, 1949 y finalmente 1957. <\/span><\/figcaption><\/figure>\n<p style=\"text-align: center;\"><strong><span style=\"color: #008000; font-size: 18pt;\">*******<\/span><\/strong><\/p>\n<p><img loading=\"lazy\" decoding=\"async\" class=\"aligncenter wp-image-2303126\" src=\"https:\/\/puntocritico.com\/ausajpuntocritico\/wp-content\/uploads\/2024\/11\/Pedro-Sanchez-con-Aldama-La-FOTO-300x200.webp\" alt=\"\" width=\"440\" height=\"293\" srcset=\"https:\/\/puntocritico.com\/ausajpuntocritico\/wp-content\/uploads\/2024\/11\/Pedro-Sanchez-con-Aldama-La-FOTO-300x200.webp 300w, https:\/\/puntocritico.com\/ausajpuntocritico\/wp-content\/uploads\/2024\/11\/Pedro-Sanchez-con-Aldama-La-FOTO-1024x683.webp 1024w, https:\/\/puntocritico.com\/ausajpuntocritico\/wp-content\/uploads\/2024\/11\/Pedro-Sanchez-con-Aldama-La-FOTO-768x512.webp 768w, https:\/\/puntocritico.com\/ausajpuntocritico\/wp-content\/uploads\/2024\/11\/Pedro-Sanchez-con-Aldama-La-FOTO.webp 1200w\" sizes=\"auto, (max-width: 440px) 100vw, 440px\" \/><\/p>\n<div class=\"falseH1\" style=\"text-align: center;\"><strong><span style=\"color: #008000; font-size: 18pt;\">*******<\/span><\/strong><\/p>\n<h2 style=\"text-align: center;\" align=\"center\"><span class=\"maintitle\"><span style=\"font-size: 24.0pt;\">EL GOBIERNO DECLARA ZONA CATASTR\u00d3FICA EL TERRITORIO AFECTADO POR LA DANA Y ANUNCIA 10.600 MILLONES EN AYUDAS<\/span><\/span><\/h2>\n<\/div>\n<div class=\"summary\">\n<p style=\"text-align: center;\"><span style=\"font-size: 14pt;\"><em><strong>El plan incluye medidas con ayudas directas para familias, empresas y aut\u00f3momos<\/strong><\/em><\/span><\/p>\n<\/div>\n<header class=\"signBlock\">\n<p class=\"pubBox\" style=\"text-align: justify;\"><span style=\"font-size: 14pt;\"><time datetime=\"2024-11-05T12:37:58+01:00\"><span class=\"datpub\"><a href=\"https:\/\/www.rtve.es\/noticias\/20241105\/sanchez-consejo-ministros-ayudas-dana-declaracion-zona-catatrofica\/16316649.shtml\" target=\"_blank\" rel=\"noopener\">RTVE<\/a>, 05\/11\/2024<\/span><\/time><\/span><\/p>\n<p><span style=\"font-size: 14pt;\">Por <span class=\"name\">M. Carmen Cruz Mart\u00edn<\/span><\/span><\/header>\n<p><img loading=\"lazy\" decoding=\"async\" class=\"aligncenter wp-image-2303100\" src=\"https:\/\/puntocritico.com\/ausajpuntocritico\/wp-content\/uploads\/2024\/11\/Pedro-Sanchez-ayudas-dana-1-300x194.jpg\" alt=\"\" width=\"440\" height=\"285\" srcset=\"https:\/\/puntocritico.com\/ausajpuntocritico\/wp-content\/uploads\/2024\/11\/Pedro-Sanchez-ayudas-dana-1-300x194.jpg 300w, https:\/\/puntocritico.com\/ausajpuntocritico\/wp-content\/uploads\/2024\/11\/Pedro-Sanchez-ayudas-dana-1-768x497.jpg 768w, https:\/\/puntocritico.com\/ausajpuntocritico\/wp-content\/uploads\/2024\/11\/Pedro-Sanchez-ayudas-dana-1.jpg 788w\" sizes=\"auto, (max-width: 440px) 100vw, 440px\" \/><\/p>\n<p>&nbsp;<\/p>\n<p style=\"text-align: justify;\"><span style=\"font-size: 14pt;\">El Consejo de Ministros ha aprobado este martes la\u00a0<strong>declaraci\u00f3n de zona gravemente afectada &#8211;<\/strong>lo que se conoce popularmente como declaraci\u00f3n de zona catastr\u00f3fica-\u00a0<strong>para los territorios afectados por la devastadora\u00a0<\/strong><strong>DANA<\/strong><strong>,<\/strong>\u00a0que ha dejado al menos 215 muertos, principalmente en la Comunidad Valenciana, as\u00ed como tambi\u00e9n se ha aprobado un decreto ley de urgencia con<strong>\u00a0ayudas econ\u00f3micas, laborales y fiscales para los afectados<\/strong>.<\/span><\/p>\n<div class=\"incluBox L\">\n<div class=\"mediaBox\">\n<p style=\"text-align: justify;\"><span style=\"font-size: 14pt;\">\u00abLa respuesta se va a articular en el marco de un plan que vamos a denominar\u00a0<strong>Plan de Respuesta Inmediata, Reconstrucci\u00f3n y Relanzamiento de la Comunidad Valenciana<\/strong>\u00ab, ha anunciado el presidente del Gobierno, Pedro S\u00e1nchez, en una rueda de prensa en la que ha comparecido para dar cuenta de las medidas aprobadas en el Consejo de Ministros.<\/span><\/p>\n<p style=\"text-align: justify;\"><span style=\"font-size: 14pt;\">S\u00e1nchez ha especificado que aunque el plan lleva el t\u00edtulo de Comunidad Valenciana, el plan y\u00a0<strong>las ayudas son extensibles a los otros territorios que tambi\u00e9n se han visto afectados<\/strong>\u00a0por la devastadora DANA en Castilla-La Mancha y Andaluc\u00eda.<\/span><\/p>\n<p style=\"text-align: justify;\"><span style=\"font-size: 14pt;\">Este primer\u00a0<strong>paquete de medidas cuenta con una inversi\u00f3n de 10.600 millones de euros<\/strong>, que se aplicar\u00e1 a los 78 municipios, de los que 75 son de la Comunidad Valenciana, dos de Castilla-La Mancha y uno de Andaluc\u00eda, aunque se podr\u00eda ampliar a otros municipios y comunidades aut\u00f3nomas.<\/span><\/p>\n<p style=\"text-align: justify;\"><span style=\"font-size: 14pt;\">El\u00a0<strong>plan de medidas constar\u00e1 de tres fases<\/strong>: la respuesta inmediata y urgente, la reconstrucci\u00f3n de las zonas afectadas; y por \u00faltimo, la fase de relanzamiento y transformaci\u00f3n \u00abpara adaptar el territorio a la emergencia clim\u00e1tica que est\u00e1 afectando singularmente al Mar Mediterr\u00e1neo\u00bb.<\/span><\/p>\n<p style=\"text-align: justify;\"><span style=\"font-size: 14pt;\">Adem\u00e1s, tendr\u00e1 el \u00abmenor papeleo posible y con la mayor celeridad y agilidad posible\u00bb para que los afectados puedan recibir las ayudas cuanto antes, ha defendido S\u00e1nchez.<\/span><\/p>\n<div class=\"section\">\n<h3 class=\"ladillo\" style=\"text-align: center;\"><span style=\"font-size: 18pt;\">Ayudas directas<\/span><\/h3>\n<p style=\"text-align: justify;\"><span style=\"font-size: 14pt;\">El paquete de medidas contempla\u00a0<strong>ayudas directas<\/strong>\u00a0para los afectados, as\u00ed como medidas fiscales y laborales para empresas y aut\u00f3nomos. Entre las medidas, S\u00e1nchez ha explicado que<strong>\u00a0se cuadriplican las ayudas previstas en la ley por fallecimiento, incapacidad<\/strong>, da\u00f1os en enseres y en vivienda, \u00absin umbrales de renta\u00bb.<\/span><\/p>\n<p style=\"text-align: justify;\"><span style=\"font-size: 14pt;\">En total, el Gobierno va a transferir hasta 72.000 euros por casos de incapacidad; entre\u00a0<strong>20.000 y 60.000 euros para la reparaci\u00f3n de las viviendas da\u00f1adas<\/strong>; hasta 10.300 euros para cambiar o reparar muebles, electrodom\u00e9sticos y enseres, y hasta 37.000 euros para reparar elementos de las comunidades de vecinos, como portales o ascensores.<\/span><\/p>\n<p style=\"text-align: justify;\"><span style=\"font-size: 14pt;\">En cuanto a las pymes y aut\u00f3nomos con domicilio fiscal en los municipios afectados por la DANA,<strong>\u00a0habr\u00e1 ayudas directas por 838 millones de euros<\/strong>. En concreto, las ayudas ascender\u00e1n a 5.000 euros para aut\u00f3nomos y entre los 10.000 y los 150.000 euros para las empresas, en funci\u00f3n de su volumen de negocio.<\/span><\/p>\n<p style=\"text-align: justify;\"><span style=\"font-size: 14pt;\">Para facilitar el acceso a las ayudas, S\u00e1nchez ha explicado que \u00ab<strong>bastar\u00e1 con indicar el n\u00famero con indicar el n\u00famero de cuenta bancaria<\/strong>, y empezar\u00e1n a cobrarse en menos de un mes, beneficiando a unos 65.000 trabajadores aut\u00f3nomos y unas 30.000 empresas\u00bb.<\/span><\/p>\n<\/div>\n<div class=\"section\">\n<h3 class=\"ladillo\" style=\"text-align: center;\"><span style=\"font-size: 18pt;\">L\u00ednea de avales ICO y medidas fiscales<\/span><\/h3>\n<p style=\"text-align: justify;\"><span style=\"font-size: 14pt;\">Asimismo S\u00e1nchez ha anunciado que se crea una\u00a0<strong>l\u00ednea de cr\u00e9ditos denominada ICO-DANA<\/strong>, para que pymes, aut\u00f3nomos y, como novedad, tambi\u00e9n familias, \u00abpuedan solicitar cr\u00e9ditos avalados por el Gobierno\u00bb para hacer frente a los gastos sufridos por la cat\u00e1strofe.<\/span><\/p>\n<p style=\"text-align: justify;\"><span style=\"font-size: 14pt;\">Esta l\u00ednea de avales, por valor de 5.000 millones de euros, estar\u00e1\u00a0<strong>disponible a partir de la semana que viene<\/strong>, seg\u00fan S\u00e1nchez. El Consejo de Ministros ha aprobado este martes un primer tramo de 1.000 millones de euros, que se ir\u00e1 ampliando hasta un total de 5.000 millones de euros.<\/span><\/p>\n<p style=\"text-align: justify;\"><span style=\"font-size: 14pt;\">Entre las medidas fiscales,<strong>\u00a0se retrasa el segundo pago de la declaraci\u00f3n del IRPF<\/strong>\u00a0para los contribuyentes valencianos cuya declaraci\u00f3n de la Renta 2023 sali\u00f3 a pagar y que deb\u00edan abonar ahora, as\u00ed como hay tambi\u00e9n habr\u00e1 exenciones en el pago del IBI, del Impuesto de Actividades Econ\u00f3micas o no se tendr\u00e1 que pagar la tasa de tramitaci\u00f3n de las bajas de los veh\u00edculos da\u00f1ados, as\u00ed como si se tiene que sustituir el DNI o carn\u00e9 de conducir.<\/span><\/p>\n<p style=\"text-align: justify;\"><span style=\"font-size: 14pt;\">S\u00e1nchez tambi\u00e9n ha explicado que el Gobierno ha llegado a un acuerdo con los bancos para que quienes tengan una\u00a0<strong>hipoteca\u00a0<\/strong>o pr\u00e9stamo, puedan\u00a0<strong>posponer tres meses<\/strong>\u00a0el pago de la misma, y pagar solo los intereses durante 9 meses adicionales.<\/span><\/p>\n<\/div>\n<div class=\"section\">\n<h3 class=\"ladillo\" style=\"text-align: center;\"><span style=\"font-size: 18pt;\">Abono de las primeras indemnizaciones<\/span><\/h3>\n<p style=\"text-align: justify;\"><span style=\"font-size: 14pt;\">Asimismo el presidente del Gobierno ha avanzado que el\u00a0<strong>Consorcio de Compensaci\u00f3n de Seguros<\/strong>, dependiente del Ministerio de Econom\u00eda<strong>, empezar\u00e1 a abonar desde este mi\u00e9rcoles las primeras indemnizaciones<\/strong>\u00a0a las familias y empresas que han perdido su veh\u00edculo, y que ser\u00e1n un 20% superiores al valor de tasaci\u00f3n del coche.<\/span><\/p>\n<p style=\"text-align: justify;\"><span style=\"font-size: 14pt;\">Y ha estimado que la cuant\u00eda a la que ascender\u00e1n las indemnizaciones, para las que se han recibido m\u00e1s de 70.000 solicitudes, llegar\u00e1 a una cifra in\u00e9dita de 3.500 millones de euros.<\/span><\/p>\n<\/div>\n<div class=\"section\">\n<h3 class=\"ladillo\" style=\"text-align: center;\"><span style=\"font-size: 18pt;\">Ayudas para trabajadores y empresas<\/span><\/h3>\n<p style=\"text-align: justify;\"><span style=\"font-size: 14pt;\">Para trabajadores y aut\u00f3nomos con da\u00f1os f\u00edsicos o psicol\u00f3gicos, se crea una\u00a0<strong>incapacidad temporal extraordinaria<\/strong>, que se considerar\u00e1 accidente de trabajo, por lo que se garantiza el 75% de su salario desde el primer d\u00eda de incapacidad.<\/span><\/p>\n<p style=\"text-align: justify;\"><span style=\"font-size: 14pt;\">Tambi\u00e9n habr\u00e1 una\u00a0<strong>prestaci\u00f3n por cese de actividad para aut\u00f3nomos<\/strong>\u00a0que tengan que parar o suspender su trabajo y que corresponder\u00e1 al 70% de la base de cotizaci\u00f3n, una ayuda a la que podr\u00e1n acceder aunque no tengan el m\u00ednimo de cotizaci\u00f3n exigido y sin que se les reduzca sus prestaciones en el futuro.<\/span><\/p>\n<p style=\"text-align: justify;\"><span style=\"font-size: 14pt;\">Por su parte, el Ministerio de Trabajo y Econom\u00eda Social ya avanz\u00f3 una serie de\u00a0<strong>medidas destinadas a la protecci\u00f3n de las personas trabajadoras afectadas por la DANA<\/strong>, que pasan por prohibir el despido y ofrecer permisos retribuidos en determinadas situaciones, as\u00ed como priorizar el uso del teletrabajo, todo ello con efectos desde el 29 de octubre.<\/span><\/p>\n<p style=\"text-align: justify;\"><span style=\"font-size: 14pt;\">Asimismo \u00ablas empresas afectadas que suspendan temporalmente la actividad de sus trabajadores a trav\u00e9s de un ERTE estar\u00e1n\u00a0<strong>exentas de pagar el 100% de las cotizaciones a la Seguridad Social de la plantilla<\/strong>\u00a0al menos hasta febrero de 2025&#8243;, ha indicado S\u00e1nchez.<\/span><\/p>\n<\/div>\n<div class=\"section\">\n<h3 class=\"ladillo\" style=\"text-align: center;\"><span style=\"font-size: 18pt;\">Ayudas para los ayuntamientos afectados<\/span><\/h3>\n<p style=\"text-align: justify;\"><span style=\"font-size: 14pt;\">Adem\u00e1s, el\u00a0<strong>Gobierno \u00abpagar\u00e1 el 100% de los gastos de emergencia que tengan los ayuntamientos afectados<\/strong>, y se pagar\u00e1 hasta el 50% de todas las obras que tengan que llevar a cabo en los pr\u00f3ximos meses y a\u00f1os para reparar infraestructuras, instalaciones y servicios como carreteras, polideportivos, o centros c\u00edvicos, y se les compensar\u00e1 por los impuestos municipales que dejen de percibir\u00bb.<\/span><\/p>\n<p style=\"text-align: justify;\"><span style=\"font-size: 14pt;\">Por otro lado, S\u00e1nchez ha anunciado la creaci\u00f3n de una\u00a0<strong>Comisi\u00f3n interministerial que coordinar\u00e1 las labores de reconstrucci\u00f3n y relanzamiento\u00a0<\/strong>del Plan para la Comunidad Valenciana.<\/span><\/p>\n<\/div>\n<div class=\"section\">\n<h3 class=\"ladillo\" style=\"text-align: center;\"><span style=\"font-size: 18pt;\">Petici\u00f3n de ayuda a Bruselas<\/span><\/h3>\n<p style=\"text-align: justify;\"><span style=\"font-size: 14pt;\">Tambi\u00e9n ha afirmado que el Gobierno ha solicitado a la Comisi\u00f3n Europea la\u00a0<strong>Ayuda del Fondo Europeo de Solidaridad\u00a0<\/strong>por la v\u00eda de urgencia. \u00abEs el momento de que la Uni\u00f3n Europea nos ayude a nosotros\u00bb, ha defendido S\u00e1nchez.<\/span><\/p>\n<p style=\"text-align: justify;\"><span style=\"font-size: 14pt;\">El Fondo Europeo de Solidaridad (FES) cuenta con una partida de hasta 1.144 millones de euros anuales a la que se puede recurrir en casos de cat\u00e1strofes naturales, pero cuyo desembolso no es inmediato, sino que puede demorarse algunos meses. El importe de las ayudas se determina<strong>\u00a0en funci\u00f3n de los da\u00f1os directos totales<\/strong>\u00a0causados en relaci\u00f3n al PIB del pa\u00eds o regi\u00f3n afectado.<\/span><\/p>\n<p style=\"text-align: justify;\"><span style=\"font-size: 14pt;\">S\u00e1nchez tambi\u00e9n ha anunciado que el Gobierno ha pedido al Consejo Europeo y a la Euroc\u00e1mara \u00abla\u00a0<strong>aprobaci\u00f3n, por v\u00eda de urgencia, de un nuevo reglamento denominado Restore<\/strong>\u00ab, que permitir\u00eda \u00abreprogramar los fondos de cohesi\u00f3n FEDER y FSE+, para dedicar parte de esos recursos a paliar los da\u00f1os ocasionados por desastres naturales\u00bb.<\/span><\/p>\n<\/div>\n<div class=\"section\">\n<h3 class=\"ladillo\" style=\"text-align: center;\"><span style=\"font-size: 18pt;\">Despliegue de medios<\/span><\/h3>\n<p style=\"text-align: justify;\"><span style=\"font-size: 14pt;\">Por otro lado, el presidente del Gobierno ha detallado el n\u00famero de efectivos desplegados a las zonas afectadas. En concreto,\u00a0<strong>se ha pasado de 7.300 militares a 14.898<\/strong>, a los que se suman 287 brigadistas forestales, un centenar de agentes aduaneros, 44 m\u00e9dicos forenses y 600 veh\u00edculos y maquinaria especializada para el bombeo, el abastecimiento y la limpieza.<\/span><\/p>\n<p style=\"text-align: justify;\"><span style=\"font-size: 14pt;\">Asimismo ha asegurado que ya se ha restablecido el suministro el\u00e9ctrico del 98% de los hogares afectados, se han reparado 40 km de carreteras, se han habilitado todos los carriles de la A-7 y de la A-3 norte, as\u00ed como se ha reparado tambi\u00e9n 74 km de v\u00edas ferroviarias y se ha podido reactivar el servicio de media y larga distancia entre Valencia y Castell\u00f3n, Tarragona, Teruel y Barcelona.<\/span><\/p>\n<p style=\"text-align: justify;\"><span style=\"font-size: 14pt;\">Moncloa, en su web, deja claro que todas las medidas de ayuda aprobadas este martes van en el Real Decreto, es decir, que ser\u00e1n de aplicaci\u00f3n inmediata.<\/span><\/p>\n<\/div>\n<\/div>\n<\/div>\n<p>&nbsp;<\/p>\n<p><img loading=\"lazy\" decoding=\"async\" class=\"aligncenter wp-image-2238700\" src=\"https:\/\/puntocritico.com\/ausajpuntocritico\/wp-content\/uploads\/2022\/01\/Espana-enpastada-300x171.jpg\" alt=\"\" width=\"440\" height=\"251\" srcset=\"https:\/\/puntocritico.com\/ausajpuntocritico\/wp-content\/uploads\/2022\/01\/Espana-enpastada-300x171.jpg 300w, https:\/\/puntocritico.com\/ausajpuntocritico\/wp-content\/uploads\/2022\/01\/Espana-enpastada-768x439.jpg 768w, https:\/\/puntocritico.com\/ausajpuntocritico\/wp-content\/uploads\/2022\/01\/Espana-enpastada-610x349.jpg 610w, https:\/\/puntocritico.com\/ausajpuntocritico\/wp-content\/uploads\/2022\/01\/Espana-enpastada.jpg 901w\" sizes=\"auto, (max-width: 440px) 100vw, 440px\" \/><\/p>\n<p style=\"text-align: center;\"><strong><span style=\"color: #008000; font-size: 18pt;\">*******<\/span><\/strong><\/p>\n<h2 style=\"text-align: center;\" align=\"center\"><span style=\"font-size: 24.0pt;\">PEDRO S\u00c1NCHEZ ANUNCIA UN PRIMER PAQUETE DE MEDIDAS POR VALOR DE 10.600 MILLONES DE EUROS PARA AYUDAR A HOGARES, EMPRESAS Y AYUNTAMIENTOS AFECTADOS POR LA DANA<\/span><\/h2>\n<p style=\"text-align: center;\"><span style=\"font-size: 14pt;\"><em><strong>El presidente del Gobierno ha explicado que estas medidas forman parte del &#8216;Plan de respuesta inmediata, reconstrucci\u00f3n y relanzamiento de la Comunitat Valenciana&#8217;, que \u00abdurar\u00e1 el tiempo que sea necesario\u00bb.<\/strong><\/em><\/span><\/p>\n<p id=\"noticia_sitedate\" class=\"sitedate\" style=\"text-align: justify;\"><span style=\"font-size: 14pt;\"><a href=\"https:\/\/www.lamoncloa.gob.es\/presidente\/actividades\/Paginas\/2024\/051124-sanchez-plan-respuesta-dana.aspx?galv2r=1\" target=\"_blank\" rel=\"noopener\">La Moncloa.gov.es<\/a> &#8211; Actividad del presidente\u00a0&#8211;\u00a0<span id=\"ctl00_PlaceHolderMain_DisplayMode_noticia_pDate\" class=\"date\">5.11.2024<\/span><\/span><\/p>\n<p><img loading=\"lazy\" decoding=\"async\" class=\"aligncenter wp-image-2303104\" src=\"https:\/\/puntocritico.com\/ausajpuntocritico\/wp-content\/uploads\/2024\/11\/Pedro-Sanchez-ayudas-dana-2-300x251.jpg\" alt=\"\" width=\"400\" height=\"334\" srcset=\"https:\/\/puntocritico.com\/ausajpuntocritico\/wp-content\/uploads\/2024\/11\/Pedro-Sanchez-ayudas-dana-2-300x251.jpg 300w, https:\/\/puntocritico.com\/ausajpuntocritico\/wp-content\/uploads\/2024\/11\/Pedro-Sanchez-ayudas-dana-2.jpg 547w\" sizes=\"auto, (max-width: 400px) 100vw, 400px\" \/><\/p>\n<p>&nbsp;<\/p>\n<p class=\"news-location\" style=\"text-align: justify;\"><span style=\"font-size: 14pt;\">La Moncloa, Madrid<\/span><\/p>\n<p class=\"ms-rteElement-Parrafo_Normal\" style=\"text-align: justify;\"><span style=\"font-size: 14pt;\">El presidente del Gobierno, Pedro S\u00e1nchez, ha anunciado que el Consejo de Ministros ha aprobado hoy un primer paquete de medidas por importe de 10.600 millones de euros, destinadas a ayudar a los hogares, empresas, aut\u00f3nomos y ayuntamientos de los 78 municipios valencianos, castellanomanchegos y andaluces golpeados por la DANA. Un listado que podr\u00e1 ampliarse a otros municipios y comunidades aut\u00f3nomas, en funci\u00f3n de las necesidades.<\/span><\/p>\n<p class=\"ms-rteElement-Parrafo_Normal\" style=\"text-align: justify;\"><span style=\"font-size: 14pt;\">Entre las medidas, se incluyen ayudas directas a los ciudadanos y empresas, moratorias y exenciones fiscales, medidas en materia de seguridad social, l\u00edneas de avales, cr\u00e9ditos ICO y ayudas a las administraciones locales, entre otras.<\/span><\/p>\n<p class=\"ms-rteElement-Parrafo_Normal\" style=\"text-align: justify;\"><span style=\"font-size: 14pt;\">Pedro S\u00e1nchez ha explicado que estas medidas, \u00abconcretas y realistas, que entran en vigor ya\u00bb, son \u00abun buen primer paso\u00bb, pero no el \u00faltimo, porque suponen el comienzo de un \u00abPlan de respuesta inmediata, de reconstrucci\u00f3n y de relanzamiento de la Comunitat Valenciana\u00bb, que es la regi\u00f3n m\u00e1s afectada por esta tragedia, y que constar\u00e1 de tres fases: la primera, que es la respuesta inmediata; la segunda, la de la reconstrucci\u00f3n de las zonas afectadas, y, finalmente, una tercera, que es la fase de relanzamiento y, por tanto, de la transformaci\u00f3n necesaria para adaptar el territorio a la emergencia clim\u00e1tica. Un Plan que -tal y como avanz\u00f3 el jefe del Ejecutivo- \u00abdurar\u00e1 el tiempo que sea necesario para recuperar la normalidad en el territorio valenciano\u00bb.<\/span><\/p>\n<p class=\"ms-rteElement-Parrafo_Normal\" style=\"text-align: justify;\"><span style=\"font-size: 14pt;\">En este sentido, ha avanzado que en los pr\u00f3ximos d\u00edas el Ejecutivo aprobar\u00e1 nuevas medidas m\u00e1s sectoriales para los trabajadores, las empresas, los sectores que se han visto m\u00e1s afectados -como la agricultura, la industria o el turismo- y las Administraciones p\u00fablicas. \u00abQueda mucho trabajo por delante. Y vamos a estar con nuestra gente hasta el final. Con todos los medios, todo el tiempo que sea necesario\u00bb, ha remarcado Pedro S\u00e1nchez, en una rueda de prensa en La Moncloa, en la que ha insistido en que las prioridades del Gobierno son \u00absalvar vidas, localizar e identificar a los fallecidos, reconstruir las viviendas, calles e infraestructuras da\u00f1adas y recuperar la normalidad\u00bb. \u00abEsas son nuestras prioridades. No nos vamos a desviar\u00bb asever\u00f3.<\/span><\/p>\n<h3 style=\"text-align: center;\"><span style=\"font-size: 18pt;\">Ayudas directas a ciudadanos y empresas afectadas<\/span><\/h3>\n<p class=\"ms-rteElement-Parrafo_Normal\" style=\"text-align: justify;\"><span style=\"font-size: 14pt;\">Pedro S\u00e1nchez ha pasado a desgranar el contenido del primer paquete de medidas destinado a ayudar a los hogares, empresas y ayuntamientos, que se activar\u00e1 \u00abcon el menor papeleo y la mayor celeridad y agilidad posible\u00bb.<\/span><\/p>\n<p class=\"ms-rteElement-Parrafo_Normal\" style=\"text-align: justify;\"><span style=\"font-size: 14pt;\">Con el Real Decreto-ley de medidas urgentes para paliar los da\u00f1os causados por la DANA aprobado hoy por el Consejo de Ministros se van a cuadruplicar las ayudas p\u00fablicas previstas en el Real Decreto 307, que regula las subvenciones en atenci\u00f3n a necesidades derivadas de situaciones de emergencia o de naturaleza catastr\u00f3fica, y se har\u00e1n universales, de modo que puedan llegar a todos los hogares afectados con independencia de los umbrales de renta. En concreto, el Estado va a transferir hasta 72.000 euros por casos de incapacidad; entre 20.000 y 60.000 euros para la reparaci\u00f3n de las viviendas da\u00f1adas; hasta 10.300 euros para cambiar o reparar muebles, electrodom\u00e9sticos y enseres, y hasta 37.000 euros para reparar elementos de las comunidades de vecinos, como portales o ascensores.<\/span><\/p>\n<p class=\"ms-rteElement-Parrafo_Normal\" style=\"text-align: justify;\"><span style=\"font-size: 14pt;\">Adem\u00e1s, se van a transferir ayudas directas para las pymes y los trabajadores aut\u00f3nomos con domicilio fiscal en las zonas afectadas por la DANA por un valor total de 838 millones de euros. Estas ayudas ser\u00e1n de 5.000 euros para los aut\u00f3nomos y oscilar\u00e1n entre los 10.000 y los 150.000 euros para las empresas, en funci\u00f3n de su volumen de operaciones. Para recibirlas, bastar\u00e1 con indicar el n\u00famero de cuenta bancaria y empezar\u00e1n a cobrarse en menos de un mes, estim\u00e1ndose una cifra de beneficiarios de 65.000 trabajadores aut\u00f3nomos y unas 30.000 empresas.<\/span><\/p>\n<p>&nbsp;<\/p>\n<figure id=\"attachment_2303103\" aria-describedby=\"caption-attachment-2303103\" style=\"width: 480px\" class=\"wp-caption aligncenter\"><img loading=\"lazy\" decoding=\"async\" class=\"wp-image-2303103\" src=\"https:\/\/puntocritico.com\/ausajpuntocritico\/wp-content\/uploads\/2024\/11\/051124-sanchez-comparecencia-consejo-ministros2-300x200.jpg\" alt=\"\" width=\"480\" height=\"319\" srcset=\"https:\/\/puntocritico.com\/ausajpuntocritico\/wp-content\/uploads\/2024\/11\/051124-sanchez-comparecencia-consejo-ministros2-300x200.jpg 300w, https:\/\/puntocritico.com\/ausajpuntocritico\/wp-content\/uploads\/2024\/11\/051124-sanchez-comparecencia-consejo-ministros2-1024x681.jpg 1024w, https:\/\/puntocritico.com\/ausajpuntocritico\/wp-content\/uploads\/2024\/11\/051124-sanchez-comparecencia-consejo-ministros2-768x511.jpg 768w, https:\/\/puntocritico.com\/ausajpuntocritico\/wp-content\/uploads\/2024\/11\/051124-sanchez-comparecencia-consejo-ministros2-1536x1022.jpg 1536w, https:\/\/puntocritico.com\/ausajpuntocritico\/wp-content\/uploads\/2024\/11\/051124-sanchez-comparecencia-consejo-ministros2-1320x878.jpg 1320w, https:\/\/puntocritico.com\/ausajpuntocritico\/wp-content\/uploads\/2024\/11\/051124-sanchez-comparecencia-consejo-ministros2.jpg 2000w\" sizes=\"auto, (max-width: 480px) 100vw, 480px\" \/><figcaption id=\"caption-attachment-2303103\" class=\"wp-caption-text\"><span style=\"color: #008000;\">El presidente del Gobierno, Pedro S\u00e1nchez, durante su comparecencia tras el Consejo de Ministros. | Pool Moncloa\/Borja Puig de la Bellacasa<\/span><\/figcaption><\/figure>\n<p>&nbsp;<\/p>\n<h3 style=\"text-align: center;\"><span style=\"font-size: 18pt;\">Incapacidad temporal extraordinaria, prestaci\u00f3n por cese de actividad y aumento del 15% del Ingreso M\u00ednimo y pensiones no contributivas<\/span><\/h3>\n<p class=\"ms-rteElement-Parrafo_Normal\" style=\"text-align: justify;\"><span style=\"font-size: 14pt;\">Al mismo tiempo, se crea una incapacidad temporal extraordinaria de trabajadores y aut\u00f3nomos con da\u00f1os f\u00edsicos o psicol\u00f3gicos por la DANA, a las que se les garantizar\u00e1 el cobro del 75% de su salario desde el primer d\u00eda de incapacidad. Las pensiones por incapacidad, viudedad y orfandad causadas por la DANA tambi\u00e9n se asimilar\u00e1n a accidentes laborales y, por tanto, ver\u00e1n aumentadas su cuant\u00eda y mejoradas sus condiciones al calcularse en base a los ingresos totales del \u00faltimo a\u00f1o.<\/span><\/p>\n<p class=\"ms-rteElement-Parrafo_Normal\" style=\"text-align: justify;\"><span style=\"font-size: 14pt;\">Tambi\u00e9n se ha habilitado a aquellos aut\u00f3nomos que se hayan visto afectados la posibilidad de solicitar una prestaci\u00f3n por cese de actividad que corresponder\u00e1 al 70% de su base de cotizaci\u00f3n, aunque no hayan cumplido los 12 meses m\u00ednimos exigidos por ley para acceder a ella.<\/span><\/p>\n<p class=\"ms-rteElement-Parrafo_Normal\" style=\"text-align: justify;\"><span style=\"font-size: 14pt;\">Asimismo, las personas que ya reciben el ingreso m\u00ednimo vital o pensi\u00f3n no contributiva las ver\u00e1n aumentadas en un 15% durante los pr\u00f3ximos 3 meses. Con la posibilidad de prorrogar m\u00e1s tiempo esta medida, en funci\u00f3n de c\u00f3mo avance la situaci\u00f3n.<\/span><\/p>\n<h3 style=\"text-align: center;\"><span style=\"font-size: 18pt;\">Consorcio de Compensaci\u00f3n de Seguros: indemnizaciones a familias y empresas<\/span><\/h3>\n<p class=\"ms-rteElement-Parrafo_Normal\" style=\"text-align: justify;\"><span style=\"font-size: 14pt;\">De su lado, el Consorcio de Compensaci\u00f3n de Seguros, dependiente del Ministerio de Econom\u00eda, Comercio y Empresa, empezar\u00e1 a abonar desde ma\u00f1ana las primeras indemnizaciones a aquellas familias y empresas que han perdido su veh\u00edculo. Estas indemnizaciones ser\u00e1n un 20% superiores al valor de tasaci\u00f3n de cada veh\u00edculo y se calcula que se alcanzar\u00e1 la cifra in\u00e9dita de 3.500 millones de euros. \u00abSomos conscientes de que, para muchas familias y pymes, contar con un coche es esencial para recuperar la normalidad, por eso los equipos han estado trabajando a contrarreloj para empezar a transferir estas partidas en un tiempo r\u00e9cord de siete d\u00edas\u00bb, ha se\u00f1alado Pedro S\u00e1nchez al respecto.<\/span><\/p>\n<h3 style=\"text-align: center;\"><span style=\"font-size: 18pt;\">L\u00ednea de avales DANA por 5.000 millones de euros<\/span><\/h3>\n<p class=\"ms-rteElement-Parrafo_Normal\" style=\"text-align: justify;\"><span style=\"font-size: 14pt;\">Para complementar estas ayudas, el Consejo de Ministros ha aprobado la creaci\u00f3n de una L\u00ednea de avales DANA por valor de 5.000 millones de euros. Esta nueva l\u00ednea de avales ser\u00e1 gestionada por el Instituto de Cr\u00e9dito Oficial (ICO) y permitir\u00e1 a pymes, empresas, aut\u00f3nomos y, como novedad, a los hogares, acceder a trav\u00e9s de su banco a cr\u00e9ditos con la garant\u00eda del Gobierno y en condiciones muy favorables. Se trata de \u00abcr\u00e9ditos para reequipar sus empresas, abrir sus negocios, o reparar sus viviendas lo antes posible, ha explicado Pedro S\u00e1nchez, quien ha se\u00f1alado que, normalmente, se necesitan entre 2 y 3 meses para poner en marcha esta clase de mecanismo, si bien el Gobierno trabajando con las entidades financieras para que los cr\u00e9ditos puedan solicitarse a partir de la semana que viene. Hoy se ha aprobado un primer tramo de 1.000 millones de euros, y en los pr\u00f3ximos d\u00edas se aprobar\u00e1 el resto hasta llegar a los 5.000 millones de euros, una cuant\u00eda similar a la que las empresas de toda la provincia de Valencia requirieron durante la crisis provocada por la COVID-19, seg\u00fan ha apuntado.<\/span><\/p>\n<h3 style=\"text-align: center;\"><span style=\"font-size: 18pt;\">Paquete de moratorias y exenciones fiscales<\/span><\/h3>\n<p class=\"ms-rteElement-Parrafo_Normal\" style=\"text-align: justify;\"><span style=\"font-size: 14pt;\">Adem\u00e1s de las ayudas directas y los cr\u00e9ditos ICO, el Consejo de Ministros ha aprobado un amplio paquete de moratorias y exenciones fiscales. Los ciudadanos de las zonas afectadas podr\u00e1n retrasar el segundo pago de la declaraci\u00f3n de la Renta 2023 al 2025 -afectando a unos 200.000 contribuyentes en la provincia de<\/span><\/p>\n<p class=\"ms-rteElement-Parrafo_Normal\" style=\"text-align: justify;\"><span style=\"font-size: 14pt;\">Valencia-, as\u00ed como cualquier otro impuesto que tuviesen pendiente con la Agencia Tributaria. Adem\u00e1s, se conceden exenciones y reducciones en las cuotas del Impuesto sobre Bienes Inmuebles (IBI) o el Impuesto sobre Actividades Econ\u00f3micas (IAE) del ejercicio 2024 de los inmuebles da\u00f1ados como consecuencia directa de la DANA. Tampoco tendr\u00e1n que pagar las tasas de tramitaci\u00f3n de las bajas de los veh\u00edculos en Tr\u00e1fico, o la expedici\u00f3n de los documentos oficiales que hayan perdido. Se contempla tambi\u00e9n para las actividades agrarias una reducci\u00f3n de los \u00edndices de rendimiento neto para el a\u00f1o 2024 del m\u00e9todo de estimaci\u00f3n objetiva (m\u00f3dulos) del IRPF y el r\u00e9gimen especial simplificado del IVA, en relaci\u00f3n con las explotaciones y actividades agrarias realizadas en la zona afectada.<\/span><\/p>\n<p class=\"ms-rteElement-Parrafo_Normal\" style=\"text-align: justify;\"><span style=\"font-size: 14pt;\">Adicionalmente, y en base a la reforma laboral aprobada la pasada legislatura, las empresas afectadas que suspendan temporalmente la actividad de sus trabajadores a trav\u00e9s de un ERTE estar\u00e1n exentas de pagar el 100% de las cotizaciones a la Seguridad Social de sus trabajadores, al menos hasta febrero de 2025, con el fin de para paliar la falta de ingresos y favorecer el mantenimiento del empleo y del tejido productivo. Junto a este &#8216;coste cero&#8217; de las cotizaciones a empresas y trabajadores afectados en ERTE, se considerar\u00e1 adem\u00e1s este periodo como plenamente cotizado para futuras prestaciones. De igual forma, el \u00abescudo social\u00bb frente a la DANA incluye aplazamientos y moratorias para las empresas de la zona no afectadas directamente y se dar\u00e1n facilidades en los pagos a la Seguridad Social, con la suspensi\u00f3n y ampliaci\u00f3n de plazos.<\/span><\/p>\n<p class=\"ms-rteElement-Parrafo_Normal\" style=\"text-align: justify;\"><span style=\"font-size: 14pt;\">Gracias al acuerdo alcanzado con los bancos, los ciudadanos y las pymes que tengan una hipoteca o un pr\u00e9stamo al consumo, podr\u00e1n posponer el pago \u00edntegro de sus cr\u00e9ditos durante 3 meses, y pagar solo los intereses durante 9 meses adicionales. A modo de ejemplo, ha se\u00f1alado que los ciudadanos afectados por la DANA con una hipoteca media de 120.000 euros con una cuota mensual de 600 euros, no pagar\u00e1n durante tres meses y, durante los siguientes nueve meses, abonar\u00e1n 300 euros. Se estima que este alivio total de un a\u00f1o podr\u00e1 beneficiar a unas 30.000 empresas y a miles de hogares. \u00abNos ayudar\u00e1 a proteger al tejido productivo local hasta que la situaci\u00f3n mejore, como ya hizo durante la Covid\u00bb, ha enfatizado Pedro S\u00e1nchez.<\/span><\/p>\n<h3 style=\"text-align: center;\"><span style=\"font-size: 18pt;\">Refuerzo de recursos financieros y humanos de las administraciones locales afectadas<\/span><\/h3>\n<p class=\"ms-rteElement-Parrafo_Normal\" style=\"text-align: justify;\"><span style=\"font-size: 14pt;\">El Consejo de Ministros ha aprobado tambi\u00e9n este martes el acuerdo por el que se declara \u00abZona afectada gravemente por una emergencia de protecci\u00f3n civil\u00bb al territorio damnificado como consecuencia de la DANA, que aplicar\u00e1 a la Comunidad Valenciana, Castilla-La Mancha, Andaluc\u00eda, Baleares, Catalu\u00f1a y Arag\u00f3n, incluyendo una serie de medidas para reforzar los recursos financieros y humanos de las administraciones locales afectadas. \u00abQueremos que los ayuntamientos puedan dar el mejor servicio posible a la ciudadan\u00eda en estas circunstancias tan dif\u00edciles y que puedan empezar -cuanto antes- las tareas de reconstrucci\u00f3n\u00bb, ha apostillado.<\/span><\/p>\n<p class=\"ms-rteElement-Parrafo_Normal\" style=\"text-align: justify;\"><span style=\"font-size: 14pt;\">En concreto, el Gobierno de Espa\u00f1a pagar\u00e1 el 100% de los gastos de emergencia que tengan los ayuntamientos afectados por la DANA. Financiando todas las acciones que tengan que ver con la retirada de lodo, escombros y enseres inservibles, el suministro de agua potable, la limpieza de las calles, y el alojamiento y manutenci\u00f3n de los vecinos afectados. Adem\u00e1s, el Estado pagar\u00e1 hasta el 50% de todas las obras que tengan que llevar a cabo en los pr\u00f3ximos meses y a\u00f1os para reparar infraestructuras, instalaciones y servicios como carreteras, polideportivos, o centros c\u00edvicos y culturales para \u00abrecuperar la normalidad y cotidianeidad\u00bb. Tambi\u00e9n se compensar\u00e1 por los impuestos municipales que van a dejar de percibir durante esta crisis y se ampliar\u00e1 su posibilidad de gasto con las inversiones financieramente sostenibles.<\/span><\/p>\n<p class=\"ms-rteElement-Parrafo_Normal\" style=\"text-align: justify;\"><span style=\"font-size: 14pt;\">Al mismo tiempo, se van a reforzar los juzgados y los equipos de notarios y registradores de la propiedad y se va a habilitar un Portal de emergencias registrales para que, v\u00eda sat\u00e9lite, los ciudadanos puedan certificar la ubicaci\u00f3n de sus bienes inmuebles de la forma m\u00e1s sencilla y r\u00e1pida posible. Igualmente, se van a abrir oficinas de refuerzo en los municipios afectados que apoyar\u00e1n a los funcionarios locales a atender a la ciudadan\u00eda y acelerar los tr\u00e1mites burocr\u00e1ticos. \u00abLas administraciones locales est\u00e1n ah\u00ed, conocen mejor que nadie las necesidades y la realidad de sus municipios. Est\u00e1n haciendo un extraordinario y encomiable trabajo, y lo que el Gobierno y el conjunto de Espa\u00f1a tiene que hacer es apoyarlas, d\u00e1ndoles todos los medios econ\u00f3micos, humanos y t\u00e9cnicos que necesiten para superar esta terrible tragedia\u00bb, ha a\u00f1adido Pedro S\u00e1nchez.<\/span><\/p>\n<h3 style=\"text-align: center;\"><span style=\"font-size: 18pt;\">Comisi\u00f3n Interministerial y refuerzo de la cooperaci\u00f3n con gobiernos auton\u00f3micos<\/span><\/h3>\n<p class=\"ms-rteElement-Parrafo_Normal\" style=\"text-align: justify;\"><span style=\"font-size: 14pt;\">El presidente del Gobierno ha anunciado tambi\u00e9n la creaci\u00f3n de una Comisi\u00f3n interministerial que coordinar\u00e1 las labores de reconstrucci\u00f3n entre todos los ministerios competentes y se abrir\u00e1n canales de interlocuci\u00f3n con el sector privado, los sindicatos, y la sociedad civil. A su vez, se ha adoptado una serie de mecanismos para fortalecer la cooperaci\u00f3n bilateral con los gobiernos auton\u00f3micos afectados y, muy especialmente, el gobierno de la Generalitat Valenciana.<\/span><\/p>\n<h3 style=\"text-align: center;\"><span style=\"font-size: 18pt;\">Solicitud del Fondo Europeo de Solidaridad<\/span><\/h3>\n<p class=\"ms-rteElement-Parrafo_Normal\" style=\"text-align: justify;\"><span style=\"font-size: 14pt;\">Finalmente, se ha solicitado a la Comisi\u00f3n Europea la Ayuda del Fondo Europeo de Solidaridad y se ha solicitado al Consejo y al Parlamento Europeo la aprobaci\u00f3n por v\u00eda de urgencia de un nuevo Reglamento denominado RESTORE, que nos permitir\u00e1 reprogramar los fondos de cohesi\u00f3n FEDER y FSE+ para dedicar parte de estos recursos a paliar los da\u00f1os ocasionados por desastres naturales. \u00abEspa\u00f1a siempre ha sido un pa\u00eds constructivo que ha ayudado a la Uni\u00f3n Europea cuando ha hecho falta y ahora es el momento de que la Uni\u00f3n Europea nos ayude a nosotros\u00bb, ha a\u00f1adido.<\/span><\/p>\n<h3 style=\"text-align: center;\"><span style=\"font-size: 18pt;\">M\u00e1s de 15.300 efectivos desplegados en la zona<\/span><\/h3>\n<p class=\"ms-rteElement-Parrafo_Normal\" style=\"text-align: justify;\"><span style=\"font-size: 14pt;\">En cuanto a la acci\u00f3n m\u00e1s pegada al terreno, el presidente explic\u00f3 que, \u00abdesde el primer momento, el Gobierno de Espa\u00f1a est\u00e1 trabajando en cuatro \u00e1mbitos prioritarios: salvar vidas, recuperar el cuerpo de los fallecidos con la prontitud y dignidad que merecen, garantizar la seguridad en las calles, y restablecer los suministros y servicios de las zonas afectadas\u00bb; \u00e1reas todas ellas en las que, en las \u00faltimas 72 horas, \u00abse han logrado avances importantes\u00bb. As\u00ed, se\u00f1al\u00f3 que \u00abel n\u00famero de militares, polic\u00edas nacionales y guardias civiles desplegados en la provincia de Valencia ha pasado de 7.300 a 14.898 efectivos. Que han sido reforzados -a su vez- por 287 brigadistas forestales, un centenar de agentes aduaneros, 44 m\u00e9dicos forenses, 600 veh\u00edculos, y maquinaria especializada para el bombeo, la limpieza y el abastecimiento\u00bb.<\/span><\/p>\n<p class=\"ms-rteElement-Parrafo_Normal\" style=\"text-align: justify;\"><span style=\"font-size: 14pt;\">Con todo este despliegue humano y t\u00e9cnico -a\u00f1adi\u00f3- se han realizado 1.300 nuevos rescates, asistido a las autoridades y a la poblaci\u00f3n local en tareas como la retirada de veh\u00edculos, de escombros y la inspecci\u00f3n de garajes; y se han distribuido 95.000 litros de agua embotellada y 18.500 raciones de alimento\u00bb. Adem\u00e1s, se ha logrado restablecer el suministro el\u00e9ctrico del 98% de los hogares afectados, y el 68% de las l\u00edneas de telefon\u00eda da\u00f1adas. Han sido reparados 40 kil\u00f3metros de carreteras -incluida la rehabilitaci\u00f3n de todos los carriles de la A-7 y la A-3 norte-, as\u00ed como 74 kil\u00f3metros de v\u00edas ferroviarias, a lo que se suma la activaci\u00f3n del servicio de media y larga distancia entre Valencia y Castell\u00f3n, Tarragona, Teruel y Barcelona.<\/span><\/p>\n<h3 style=\"text-align: center;\"><span style=\"font-size: 18pt;\">Trabajar hasta que la normalidad vuelva a todos los hogares golpeados<\/span><\/h3>\n<p class=\"ms-rteElement-Parrafo_Normal\" style=\"text-align: justify;\"><span style=\"font-size: 14pt;\">\u00abSabemos, en todo caso, que esto no es suficiente, que a\u00fan quedan desaparecidos por localizar, viviendas y negocios destruidos, sepultados bajo el lodo, y mucha gente que sufre carencias severas\u00bb, ha enfatizado Pedro S\u00e1nchez. \u00abY por eso, tenemos que seguir trabajando, sin distracciones, con m\u00e1s medios, m\u00e1s coordinaci\u00f3n y m\u00e1s esfuerzo, hasta que la normalidad haya vuelto a todos los municipios y a todos los hogares golpeados por esta tragedia: Este es el compromiso del Gobierno de Espa\u00f1a\u00bb.<\/span><\/p>\n<p class=\"ms-rteElement-Parrafo_Normal\" style=\"text-align: justify;\"><span style=\"font-size: 14pt;\">Refiri\u00e9ndose a las administraciones locales, el jefe del Ejecutivo ha se\u00f1alado que \u00abest\u00e1n haciendo un extraordinario y encomiable trabajo\u00bb y ha a\u00f1adido que \u00ablo que el Gobierno y el conjunto de la sociedad quiere es apoyar a esos alcaldes y alcaldesas, d\u00e1ndoles todos los medios econ\u00f3micos y t\u00e9cnicos que necesiten para superar esta terrible tragedia\u00bb. \u00abVivimos en un pa\u00eds descentralizado, compuesto, en el que las competencias y los recursos est\u00e1n repartidos entre distintas administraciones p\u00fablicas que van desde Bruselas al menor de los ayuntamientos afectados por esta DANA, pasando -l\u00f3gicamente- por el Gobierno central, los gobiernos auton\u00f3micos, y las diputaciones provinciales. Todos somos Estado, desde el Gobierno de Espa\u00f1a al \u00faltimo de los ayuntamientos, y por eso tenemos que trabajar codo con codo. Si queremos acelerar el auxilio y la recuperaci\u00f3n, tenemos que usar todos esos recursos, de la forma m\u00e1s coordinada posible\u00bb.<\/span><\/p>\n<p class=\"ms-rteElement-Parrafo_Normal\" style=\"text-align: justify;\"><span style=\"font-size: 14pt;\">En este sentido, y ante las preguntas de los medios sobre la posibilidad de que el Gobierno asumiera el mando de la situaci\u00f3n, el presidente ha afirmado que en un momento de crisis en el que \u00abno hay minuto que perder\u00bb, entrar en una situaci\u00f3n de sustituci\u00f3n de la administraci\u00f3n territorial, en este caso de la Generalitat Valenciana, \u00abser\u00eda restar eficacia a la acci\u00f3n y a la respuesta de los poderes p\u00fablicos\u00bb. Pedro S\u00e1nchez ha apelado, en cualquier caso, a la unidad y a la cooperaci\u00f3n entre todas las administraciones, porque as\u00ed lo demandan los ciudadanos, pero tambi\u00e9n por razones de eficacia, respeto institucional y responsabilidad.<\/span><\/p>\n<p style=\"text-align: justify;\">\u00a0<\/p>\n<p><img loading=\"lazy\" decoding=\"async\" class=\"aligncenter wp-image-2302931\" src=\"https:\/\/puntocritico.com\/ausajpuntocritico\/wp-content\/uploads\/2024\/11\/mapa-de-espana-en-negro-para-PPAL-300x199.jpg\" alt=\"\" width=\"400\" height=\"266\" srcset=\"https:\/\/puntocritico.com\/ausajpuntocritico\/wp-content\/uploads\/2024\/11\/mapa-de-espana-en-negro-para-PPAL-300x199.jpg 300w, https:\/\/puntocritico.com\/ausajpuntocritico\/wp-content\/uploads\/2024\/11\/mapa-de-espana-en-negro-para-PPAL-678x452.jpg 678w, https:\/\/puntocritico.com\/ausajpuntocritico\/wp-content\/uploads\/2024\/11\/mapa-de-espana-en-negro-para-PPAL.jpg 680w\" sizes=\"auto, (max-width: 400px) 100vw, 400px\" \/><\/p>\n<p style=\"text-align: center;\"><strong><span style=\"color: #008000; font-size: 18pt;\">*******<\/span><\/strong><\/p>\n<h2 style=\"text-align: center;\" align=\"center\"><span style=\"font-size: 24.0pt;\">LISTADO COMPLETO DE LAS AYUDAS ANUNCIADAS POR PEDRO S\u00c1NCHEZ PARA LA COMUNITAT VALENCIANA<\/span><\/h2>\n<p class=\"v-p\" style=\"text-align: center;\"><em><strong><span style=\"font-size: 14pt;\">Pedro S\u00e1nchez ha anunciado un paquete de medidas que \u00abdurar\u00e1 lo que haga falta\u00bb y que tendr\u00e1 como objetivo \u00abla reconstrucci\u00f3n de Valencia\u00bb. A falta de su publicaci\u00f3n detallada en el Bolet\u00edn Oficial del Estado (BOE), estas son las principales ayudas anunciadas por el presidente del Gobierno tras su respectivo acuerdo en el Consejo de Ministros. El coste total asciende hasta los 10.600 millones de euros.<\/span><\/strong><\/em><\/p>\n<p class=\"v-p\" style=\"text-align: center;\"><em><strong><span style=\"font-size: 14pt;\">\u00c1mbito: 78 municipios ( 75 de la Comunitat Valenciana, 2 de Castilla-La Mancha y 1 de Andaluc\u00eda ).<\/span><\/strong><\/em><\/p>\n<p class=\"v-a-sub-t\" style=\"text-align: center;\"><em><strong><span style=\"font-size: 14pt;\">\u00a0El paquete total tiene un coste aproximado de 10.600 millones de euros<\/span><\/strong><\/em><\/p>\n<p class=\"v-a-epi\" style=\"text-align: justify;\"><span style=\"font-size: 14pt;\"><a href=\"https:\/\/www.lasprovincias.es\/comunitat\/listado-completo-ayudas-anunciadas-pedro-sanchez-comunitat-20241105131515-nt.html?ref=https%3A%2F%2Fwww.lasprovincias.es%2Fcomunitat%2Flistado-completo-ayudas-anunciadas-pedro-sanchez-comunitat-20241105131515-nt.html\" target=\"_blank\" rel=\"noopener\">Las Provincias<\/a>, 5 NOVIEMBRE 2024<\/span><\/p>\n<p><img loading=\"lazy\" decoding=\"async\" class=\"aligncenter wp-image-2303106\" src=\"https:\/\/puntocritico.com\/ausajpuntocritico\/wp-content\/uploads\/2024\/11\/ayudas-pedro-sanchez-valencia-kPeD-U2201723712446ViE-1200x840@Las-Provincias-300x210.webp\" alt=\"\" width=\"440\" height=\"308\" srcset=\"https:\/\/puntocritico.com\/ausajpuntocritico\/wp-content\/uploads\/2024\/11\/ayudas-pedro-sanchez-valencia-kPeD-U2201723712446ViE-1200x840@Las-Provincias-300x210.webp 300w, https:\/\/puntocritico.com\/ausajpuntocritico\/wp-content\/uploads\/2024\/11\/ayudas-pedro-sanchez-valencia-kPeD-U2201723712446ViE-1200x840@Las-Provincias-1024x717.webp 1024w, https:\/\/puntocritico.com\/ausajpuntocritico\/wp-content\/uploads\/2024\/11\/ayudas-pedro-sanchez-valencia-kPeD-U2201723712446ViE-1200x840@Las-Provincias-768x538.webp 768w, https:\/\/puntocritico.com\/ausajpuntocritico\/wp-content\/uploads\/2024\/11\/ayudas-pedro-sanchez-valencia-kPeD-U2201723712446ViE-1200x840@Las-Provincias.webp 1200w\" sizes=\"auto, (max-width: 440px) 100vw, 440px\" \/><\/p>\n<p class=\"v-p\" style=\"text-align: center;\"><strong><span style=\"font-size: 18pt;\">Todas las ayudas y medidas<\/span><\/strong><\/p>\n<div class=\"v-c-cmp v-n-mrg\">\n<h3 class=\"v-cmp-suh\" style=\"text-align: center;\"><span style=\"font-size: 14pt;\">Ayudas p\u00fablicas x 4<\/span><\/h3>\n<\/div>\n<p class=\"v-p\" style=\"text-align: justify;\"><span style=\"font-size: 14pt;\">Se cuadriplican las ayudas p\u00fablicas previstas en la ley por fallecimiento, incapacidad, da\u00f1os en enseres y en vivienda, sin umbrales de renta. El Gobierno de Espa\u00f1a va a transferir hasta 72.000 euros por casos de incapacidad. Entre 20.000 y 60.000 euros para la reparaci\u00f3n de las viviendas da\u00f1adas. Hasta 10.300 euros para cambiar o reparar muebles, electrodom\u00e9sticos y enseres. Y hasta 37.000 euros para reparar elementos de las comunidades de vecinos.<\/span><\/p>\n<div class=\"v-c-cmp v-n-mrg\" style=\"text-align: justify;\">\n<h3 class=\"v-cmp-suh\" style=\"text-align: center;\"><span style=\"font-size: 14pt;\">Nueva incapacidad temporal extraordinaria<\/span><\/h3>\n<\/div>\n<p class=\"v-p\" style=\"text-align: justify;\"><span style=\"font-size: 14pt;\">Se crea una\u00a0<a title=\"incapacidad temporal extraordinaria\" href=\"https:\/\/www.lasprovincias.es\/economia\/nueva-baja-laboral-extraordinaria-dana-20241105130431-nt.html\" target=\"_blank\" rel=\"noopener\" data-voc-vtm-id=\"in-text-traffic\" data-mrf-link=\"https:\/\/www.lasprovincias.es\/economia\/nueva-baja-laboral-extraordinaria-dana-20241105130431-nt.html\" data-schema-attribute=\"\">incapacidad temporal extraordinaria<\/a>\u00a0de trabajadores y aut\u00f3nomos con da\u00f1os f\u00edsicos o psicol\u00f3gicos provocada por la DANA. Al considerarse accidente de trabajo, lo que garantiza el 75% de su salario desde el primer d\u00eda de incapacidad.<\/span><\/p>\n<div class=\"v-c-cmp v-n-mrg\" style=\"text-align: justify;\">\n<h3 class=\"v-cmp-suh\" style=\"text-align: center;\"><span style=\"font-size: 14pt;\">Ayudas para pymes y aut\u00f3nomos<\/span><\/h3>\n<\/div>\n<p class=\"v-p\" style=\"text-align: justify;\"><span style=\"font-size: 14pt;\">Ayudas directas por 838 millones de euros para pymes y aut\u00f3nomos de las zonas m\u00e1s gravemente afectadas. Estas ayudas ser\u00e1n de 5.000 euros para los aut\u00f3nomos y oscilar\u00e1n entre los 10.000 y los 150.000 euros para las empresas, en funci\u00f3n de su volumen de negocio. Para recibirlas, bastar\u00e1 con indicar el n\u00famero de cuenta bancaria y empezar\u00e1n a cobrarse en menos de un mes, beneficiando a unos 65.000 trabajadores aut\u00f3nomos y unas 30.000 empresas.<\/span><\/p>\n<div class=\"v-w\" style=\"text-align: justify;\" data-voc-adbd-layer=\"\">\n<div class=\"v-c\">\n<div class=\"v-g v-g--ab-c\">\n<div class=\"v-g__c\">\n<div class=\"v-d v-d--ab-c v-d--bs\" data-mrf-recirculation=\"Links articulo\">\n<div class=\"v-c-cmp v-n-mrg\">\n<h3 class=\"v-cmp-suh\" style=\"text-align: center;\"><span style=\"font-size: 14pt;\">Cese de actividad<\/span><\/h3>\n<\/div>\n<p class=\"v-p\"><span style=\"font-size: 14pt;\">Prestaci\u00f3n por cese de actividad para aut\u00f3nomos que deben parar o suspender su trabajo, que corresponde al 70% de la base de cotizaci\u00f3n. Podr\u00e1n acceder a la ayuda aunque no tengan el periodo m\u00ednimo de cotizaci\u00f3n exigido y sin que les reduzca sus prestaciones en el futuro.<\/span><\/p>\n<div class=\"v-c-cmp v-n-mrg\">\n<h3 class=\"v-cmp-suh\" style=\"text-align: center;\"><span style=\"font-size: 14pt;\">Avales para empresas y aut\u00f3nomos<\/span><\/h3>\n<\/div>\n<p class=\"v-p\"><span style=\"font-size: 14pt;\">Se crea de una l\u00ednea de avales DANA por valor de 5.000 millones de euros para empresas y aut\u00f3nomos. Hoy se ha aprobado el primer tramo, por 1.000 millones de euros.<\/span><\/p>\n<div class=\"v-c-cmp v-n-mrg\">\n<h3 class=\"v-cmp-suh\" style=\"text-align: center;\"><span style=\"font-size: 14pt;\">IMV + 15%<\/span><\/h3>\n<\/div>\n<div id=\"wms-intext-multi1\" class=\"wms-intext\">\n<div id=\"sm-it-main-container-1730835655733\" class=\"sm-it-main-container\" data-it=\"88d3368f-4365-42e2-86ad-645709ed4d20\" data-device=\"desktop\" data-index=\"0\">\n<div id=\"sm-reference-1730835655733\" class=\"sm-reference\"><span style=\"font-size: 14pt;\">\ufe0fAumento del 15% durante tres meses para las personas que perciben el ingreso m\u00ednimo vital o pensiones no contributivas.<\/span><\/div>\n<\/div>\n<\/div>\n<div class=\"v-c-cmp v-n-mrg\">\n<h3 class=\"v-cmp-suh\" style=\"text-align: center;\"><span style=\"font-size: 14pt;\">Ayudas por coche<\/span><\/h3>\n<\/div>\n<p class=\"v-p\"><span style=\"font-size: 14pt;\">El Consorcio de Compensaci\u00f3n de Seguros, dependiente del Ministerio de Econom\u00eda, empezar\u00e1 a abonar el 6 de noviembre las primeras indemnizaciones a aquellas familias y empresas que han perdido su veh\u00edculo.<\/span><\/p>\n<div class=\"v-c-cmp v-c-cmp--t1 v-c-cmp--ab-sm v-bdr-b\">\n<div class=\"v-cmp-rld v-cmp-rld--2 \">\n<header class=\"v-cnt-m v-cnt-m--xs\">\n<div class=\"v-cnt-m__c\">\n<h3 class=\"v-cnt-m__w v-cnt-m__w--1\" style=\"text-align: center;\"><span style=\"font-size: 14pt;\">ERTE<\/span><\/h3>\n<\/div>\n<\/header>\n<\/div>\n<\/div>\n<p class=\"v-p\"><span style=\"font-size: 14pt;\">Las empresas afectadas que suspendan temporalmente la actividad de sus trabajadores a trav\u00e9s de un ERTE estar\u00e1n exentas de pagar el 100% de las cotizaciones a la Seguridad Social de la plantilla, al menos hasta febrero de 2025.<\/span><\/p>\n<div class=\"v-c-cmp v-n-mrg\">\n<h3 class=\"v-cmp-suh\" style=\"text-align: center;\"><span style=\"font-size: 14pt;\">Hipotecas<\/span><\/h3>\n<\/div>\n<p class=\"v-p\"><span style=\"font-size: 14pt;\">El Gobierno de Espa\u00f1a ha llegado a un acuerdo con los bancos mediante el cual los ciudadanos y las pymes que tengan una hipoteca o un pr\u00e9stamo al consumo podr\u00e1n posponer el pago \u00edntegro de sus cr\u00e9ditos durante 3 meses, y pagar solo los intereses durante 9 meses adicionales.<\/span><\/p>\n<div class=\"v-c-cmp v-n-mrg\">\n<h3 class=\"v-cmp-suh\" style=\"text-align: center;\"><span style=\"font-size: 14pt;\">Medidas fiscales: IBI, IAE, IRPF<\/span><\/h3>\n<\/div>\n<p class=\"v-p\"><span style=\"font-size: 14pt;\">\u2022\ufe0f Exenci\u00f3n del IBI correspondiente al ejercicio 2024.<\/span><\/p>\n<p class=\"v-p\"><span style=\"font-size: 14pt;\">\u2022\ufe0f Reducci\u00f3n el IAE correspondiente al ejercicio 2024.<\/span><\/p>\n<p class=\"v-p\"><span style=\"font-size: 14pt;\">\u2022\ufe0f No se pagar\u00e1n tasas de Tr\u00e1fico ni en la Polic\u00eda al tramitar la baja de veh\u00edculos da\u00f1ados o sustituir los carnets de conducir y los DNI.<\/span><\/p>\n<p class=\"v-p\"><span style=\"font-size: 14pt;\">\u2022\ufe0f Las ayudas por da\u00f1os personales quedan exentas de tributaci\u00f3n en el IRPF.<\/span><\/p>\n<p class=\"v-p\"><span style=\"font-size: 14pt;\">\u2022\ufe0f Aplazado el segundo pago de la declaraci\u00f3n de la renta hasta 2025 para los afectados por la DANA, beneficiando a 200.000 contribuyentes<\/span><\/p>\n<p class=\"v-p\"><span style=\"font-size: 14pt;\">\u2022\ufe0f Reducci\u00f3n en IRPF e IVA para explotaciones y actividades agrarias de la zona afectada.<\/span><\/p>\n<div class=\"v-c-cmp v-n-mrg\">\n<h3 class=\"v-cmp-suh\" style=\"text-align: center;\"><span style=\"font-size: 14pt;\">Gastos de Ayuntamientos<\/span><\/h3>\n<\/div>\n<p class=\"v-p\"><span style=\"font-size: 14pt;\">El Gobierno de Espa\u00f1a pagar\u00e1 el 100% de los gastos de emergencia que tengan los ayuntamientos afectados. Se pagar\u00e1 hasta el 50% de todas las obras que tengan que llevar a cabo en los pr\u00f3ximos meses y a\u00f1os para reparar infraestructuras, instalaciones y servicios como carreteras, polideportivos, o centros c\u00edvicos. Se les compensar\u00e1 por los impuestos municipales que dejen de percibir. Y se ampliar\u00e1 su posibilidad de gasto con las inversiones financieramente sostenibles.<\/span><\/p>\n<div class=\"v-c-cmp v-n-mrg\">\n<h3 class=\"v-cmp-suh\" style=\"text-align: center;\"><span style=\"font-size: 14pt;\">Juzgados, notar\u00edas, registros&#8230;<\/span><\/h3>\n<\/div>\n<p class=\"v-p\"><span style=\"font-size: 14pt;\">Se reforzar\u00e1n los juzgados y los equipos de notarios y registradores de la propiedad. Portal de emergencias registrales para que, v\u00eda sat\u00e9lite, los ciudadanos puedan certificar la ubicaci\u00f3n de sus bienes inmuebles de la forma m\u00e1s sencilla. Oficinas de refuerzo en los municipios afectados que apoyar\u00e1n a los funcionarios locales a atender a la ciudadan\u00eda y acelerar los tr\u00e1mites burocr\u00e1ticos.<\/span><\/p>\n<div class=\"v-c-cmp v-n-mrg\">\n<h3 class=\"v-cmp-suh\" style=\"text-align: center;\"><span style=\"font-size: 14pt;\">Plan de reconstrucci\u00f3n<\/span><\/h3>\n<\/div>\n<p class=\"v-p\"><span style=\"font-size: 14pt;\">Se crea una Comisi\u00f3n interministerial que coordinar\u00e1 las labores de reconstrucci\u00f3n y relanzamiento del Plan para la Comunidad Valenciana.<\/span><\/p>\n<p class=\"v-p\"><span style=\"font-size: 14pt;\">Habr\u00e1 m\ufe0fecanismos para fortalecer la cooperaci\u00f3n bilateral con los gobiernos auton\u00f3micos afectados y, muy especialmente, el gobierno de la Generalitat Valenciana.<\/span><\/p>\n<p class=\"v-p\"><span style=\"font-size: 14pt;\">Se solicita a la Comisi\u00f3n Europea la Ayuda del Fondo Europeo de Solidaridad. Petici\u00f3n de aprobaci\u00f3n al Consejo y al Parlamento Europeo \u2013por v\u00eda de urgencia\u2013 de un nuevo Reglamento denominado RESTORE, que permitir\u00e1 reprogramar los fondos de cohesi\u00f3n FEDER y FSE+ para dedicar parte de sus recursos a paliar los da\u00f1os ocasionados por desastres naturales.<\/span><\/p>\n<section class=\"v-mdl-tpc\"><\/section>\n<\/div>\n<\/div>\n<\/div>\n<\/div>\n<\/div>\n<div id=\"sm-ad-container-1730835655733-2\" class=\"sm-ad-container\" data-it=\"88d3368f-4365-42e2-86ad-645709ed4d20\" data-index=\"0\" data-device=\"desktop\">\n<div class=\"sm-ui-container sm-volume-off\">\n<div class=\"sm-counter sm-controls sm-visible\" style=\"text-align: justify;\">\u00a0<\/div>\n<\/div>\n<\/div>\n<p><a href=\"https:\/\/puntocritico.com\/ausajpuntocritico\/2024\/02\/26\/del-isabelgate-al-koldogate\/\"><img loading=\"lazy\" decoding=\"async\" class=\"aligncenter wp-image-2235303\" src=\"https:\/\/puntocritico.com\/ausajpuntocritico\/wp-content\/uploads\/2021\/12\/6883422-corrupcion-en-el-gobierno-en-un-sistema-corrupto-300x194.webp\" alt=\"\" width=\"480\" height=\"310\" srcset=\"https:\/\/puntocritico.com\/ausajpuntocritico\/wp-content\/uploads\/2021\/12\/6883422-corrupcion-en-el-gobierno-en-un-sistema-corrupto-300x194.webp 300w, https:\/\/puntocritico.com\/ausajpuntocritico\/wp-content\/uploads\/2021\/12\/6883422-corrupcion-en-el-gobierno-en-un-sistema-corrupto-1024x662.webp 1024w, https:\/\/puntocritico.com\/ausajpuntocritico\/wp-content\/uploads\/2021\/12\/6883422-corrupcion-en-el-gobierno-en-un-sistema-corrupto-768x496.webp 768w, https:\/\/puntocritico.com\/ausajpuntocritico\/wp-content\/uploads\/2021\/12\/6883422-corrupcion-en-el-gobierno-en-un-sistema-corrupto-610x394.webp 610w, https:\/\/puntocritico.com\/ausajpuntocritico\/wp-content\/uploads\/2021\/12\/6883422-corrupcion-en-el-gobierno-en-un-sistema-corrupto.webp 1300w\" sizes=\"auto, (max-width: 480px) 100vw, 480px\" \/><\/a><\/p>\n<p style=\"text-align: center;\"><span style=\"font-size: 18pt; color: #008000;\"><strong>*******<\/strong><\/span><\/p>\n<h2 style=\"text-align: justify;\"><span style=\"font-size: 14pt;\"><strong>RELACIONADOS:<\/strong><\/span><\/h2>\n<blockquote class=\"wp-embedded-content\" data-secret=\"aUqfeCZpVy\"><p><a href=\"https:\/\/puntocritico.com\/ausajpuntocritico\/2024\/11\/04\/espana-nihilismo-de-estado\/\">ESPA\u00d1A: NIHILISMO DE ESTADO. \u00abEl ruise\u00f1or y la rosa\u00bb, por Oscar Wilde<\/a><\/p><\/blockquote>\n<p><iframe loading=\"lazy\" class=\"wp-embedded-content\" sandbox=\"allow-scripts\" security=\"restricted\" style=\"position: absolute; visibility: hidden;\" title=\"\u00abESPA\u00d1A: NIHILISMO DE ESTADO. \u00abEl ruise\u00f1or y la rosa\u00bb, por Oscar Wilde\u00bb \u2014 Punto Cr\u00edtico Derechos Humanos\" src=\"https:\/\/puntocritico.com\/ausajpuntocritico\/2024\/11\/04\/espana-nihilismo-de-estado\/embed\/#?secret=2um7C1dyWu#?secret=aUqfeCZpVy\" data-secret=\"aUqfeCZpVy\" width=\"500\" height=\"282\" frameborder=\"0\" marginwidth=\"0\" marginheight=\"0\" scrolling=\"no\"><\/iframe><\/p>\n<blockquote class=\"wp-embedded-content\" data-secret=\"lZmpcnK7uf\"><p><a href=\"https:\/\/puntocritico.com\/ausajpuntocritico\/2022\/05\/28\/la-democracia-como-problema\/\">LA DEMOCRACIA COMO PROBLEMA. Alexis de Tocqueville, por Eduardo Nolla<\/a><\/p><\/blockquote>\n<p><iframe loading=\"lazy\" class=\"wp-embedded-content\" sandbox=\"allow-scripts\" security=\"restricted\" style=\"position: absolute; visibility: hidden;\" title=\"\u00abLA DEMOCRACIA COMO PROBLEMA. Alexis de Tocqueville, por Eduardo Nolla\u00bb \u2014 Punto Cr\u00edtico Derechos Humanos\" src=\"https:\/\/puntocritico.com\/ausajpuntocritico\/2022\/05\/28\/la-democracia-como-problema\/embed\/#?secret=SpV6tXCxly#?secret=lZmpcnK7uf\" data-secret=\"lZmpcnK7uf\" width=\"500\" height=\"282\" frameborder=\"0\" marginwidth=\"0\" marginheight=\"0\" scrolling=\"no\"><\/iframe><\/p>\n<blockquote class=\"wp-embedded-content\" data-secret=\"7jSoFY4QqE\"><p><a href=\"https:\/\/puntocritico.com\/ausajpuntocritico\/2024\/02\/26\/del-isabelgate-al-koldogate\/\">DEL ISABELGATE AL KOLDOGATE: El \u00abAsunto\u00bb D\u00edaz Ayuso y la Directiva de \u00abAlertadores\u00bb: \u00abLa (\u00bfirreversible?) descomposici\u00f3n de lo p\u00fablico\u00bb<\/a><\/p><\/blockquote>\n<p><iframe loading=\"lazy\" class=\"wp-embedded-content\" sandbox=\"allow-scripts\" security=\"restricted\" style=\"position: absolute; visibility: hidden;\" title=\"\u00abDEL ISABELGATE AL KOLDOGATE: El \u00abAsunto\u00bb D\u00edaz Ayuso y la Directiva de \u00abAlertadores\u00bb: \u00abLa (\u00bfirreversible?) descomposici\u00f3n de lo p\u00fablico\u00bb\u00bb \u2014 Punto Cr\u00edtico Derechos Humanos\" src=\"https:\/\/puntocritico.com\/ausajpuntocritico\/2024\/02\/26\/del-isabelgate-al-koldogate\/embed\/#?secret=ltA1X8OMAX#?secret=7jSoFY4QqE\" data-secret=\"7jSoFY4QqE\" width=\"500\" height=\"282\" frameborder=\"0\" marginwidth=\"0\" marginheight=\"0\" scrolling=\"no\"><\/iframe><\/p>\n<blockquote class=\"wp-embedded-content\" data-secret=\"d2TAIQqITl\"><p><a href=\"https:\/\/puntocritico.com\/ausajpuntocritico\/2024\/03\/04\/mascarillas-miedo-y-aviones\/\">MASCARILLAS, MIEDO Y AVIONES: Un negocio de 100.000 muertos<\/a><\/p><\/blockquote>\n<p><iframe loading=\"lazy\" class=\"wp-embedded-content\" sandbox=\"allow-scripts\" security=\"restricted\" style=\"position: absolute; visibility: hidden;\" title=\"\u00abMASCARILLAS, MIEDO Y AVIONES: Un negocio de 100.000 muertos\u00bb \u2014 Punto Cr\u00edtico Derechos Humanos\" src=\"https:\/\/puntocritico.com\/ausajpuntocritico\/2024\/03\/04\/mascarillas-miedo-y-aviones\/embed\/#?secret=Bro4UPgc05#?secret=d2TAIQqITl\" data-secret=\"d2TAIQqITl\" width=\"500\" height=\"282\" frameborder=\"0\" marginwidth=\"0\" marginheight=\"0\" scrolling=\"no\"><\/iframe><\/p>\n<blockquote class=\"wp-embedded-content\" data-secret=\"4NFLjwdPge\"><p><a href=\"https:\/\/puntocritico.com\/ausajpuntocritico\/2022\/03\/03\/los-fondos-de-la-union-europea-para-la-recuperacion-economica-post-covid\/\">FONDOS \u00abNEXT GENERATION\u00bb: LOS FONDOS DE LA UNI\u00d3N EUROPEA PARA LA RECUPERACI\u00d3N ECON\u00d3MICA POST COVID. An\u00e1lisis y significado en un Informe suscrito por 21 organizaciones sociales, pol\u00edticas, culturales y sindicales<\/a><\/p><\/blockquote>\n<p><iframe loading=\"lazy\" class=\"wp-embedded-content\" sandbox=\"allow-scripts\" security=\"restricted\" style=\"position: absolute; visibility: hidden;\" title=\"\u00abFONDOS \u00abNEXT GENERATION\u00bb: LOS FONDOS DE LA UNI\u00d3N EUROPEA PARA LA RECUPERACI\u00d3N ECON\u00d3MICA POST COVID. An\u00e1lisis y significado en un Informe suscrito por 21 organizaciones sociales, pol\u00edticas, culturales y sindicales\u00bb \u2014 Punto Cr\u00edtico Derechos Humanos\" src=\"https:\/\/puntocritico.com\/ausajpuntocritico\/2022\/03\/03\/los-fondos-de-la-union-europea-para-la-recuperacion-economica-post-covid\/embed\/#?secret=W6rKRQeEOd#?secret=4NFLjwdPge\" data-secret=\"4NFLjwdPge\" width=\"500\" height=\"282\" frameborder=\"0\" marginwidth=\"0\" marginheight=\"0\" scrolling=\"no\"><\/iframe><\/p>\n<blockquote class=\"wp-embedded-content\" data-secret=\"Q8Zxcozlzq\"><p><a href=\"https:\/\/puntocritico.com\/ausajpuntocritico\/2021\/09\/11\/20-anos-del-11-s\/\">20 A\u00d1OS DEL 11-S: NEW WORLD ORDER: SU IMPLANTACI\u00d3N ES AJENA AL PRINCIPIO DEMOCR\u00c1TICO, SE IMPONE POR MEDIO DE UNA CADENA DE \u00abSHOCKS\u00bb: Documentales \u00ab11-S: ZONA CERO\u00bb y \u00ab11S, Arquitectos e Ingenieros Por la Verdad\u00bb<\/a><\/p><\/blockquote>\n<p><iframe loading=\"lazy\" class=\"wp-embedded-content\" sandbox=\"allow-scripts\" security=\"restricted\" style=\"position: absolute; visibility: hidden;\" title=\"\u00ab20 A\u00d1OS DEL 11-S: NEW WORLD ORDER: SU IMPLANTACI\u00d3N ES AJENA AL PRINCIPIO DEMOCR\u00c1TICO, SE IMPONE POR MEDIO DE UNA CADENA DE \u00abSHOCKS\u00bb: Documentales \u00ab11-S: ZONA CERO\u00bb y \u00ab11S, Arquitectos e Ingenieros Por la Verdad\u00bb\u00bb \u2014 Punto Cr\u00edtico Derechos Humanos\" src=\"https:\/\/puntocritico.com\/ausajpuntocritico\/2021\/09\/11\/20-anos-del-11-s\/embed\/#?secret=s9uyMKZpBe#?secret=Q8Zxcozlzq\" data-secret=\"Q8Zxcozlzq\" width=\"500\" height=\"282\" frameborder=\"0\" marginwidth=\"0\" marginheight=\"0\" scrolling=\"no\"><\/iframe><\/p>\n<blockquote class=\"wp-embedded-content\" data-secret=\"u17F08WVgi\"><p><a href=\"https:\/\/puntocritico.com\/ausajpuntocritico\/2021\/07\/06\/el-psoe-y-el-tardofranquismo-en-espana-suresnes-el-asalto-de-los-jovenes-lobos-a-la-direccion-del-psoe\/\">EL PSOE Y EL TARDOFRANQUISMO EN ESPA\u00d1A: \u00abSuresnes, el asalto de los j\u00f3venes lobos a la Direcci\u00f3n del PSOE\u00bb.<\/a><\/p><\/blockquote>\n<p><iframe loading=\"lazy\" class=\"wp-embedded-content\" sandbox=\"allow-scripts\" security=\"restricted\" style=\"position: absolute; visibility: hidden;\" title=\"\u00abEL PSOE Y EL TARDOFRANQUISMO EN ESPA\u00d1A: \u00abSuresnes, el asalto de los j\u00f3venes lobos a la Direcci\u00f3n del PSOE\u00bb.\u00bb \u2014 Punto Cr\u00edtico Derechos Humanos\" src=\"https:\/\/puntocritico.com\/ausajpuntocritico\/2021\/07\/06\/el-psoe-y-el-tardofranquismo-en-espana-suresnes-el-asalto-de-los-jovenes-lobos-a-la-direccion-del-psoe\/embed\/#?secret=MTycS6p1PC#?secret=u17F08WVgi\" data-secret=\"u17F08WVgi\" width=\"500\" height=\"282\" frameborder=\"0\" marginwidth=\"0\" marginheight=\"0\" scrolling=\"no\"><\/iframe><\/p>\n<blockquote class=\"wp-embedded-content\" data-secret=\"sM0SC7D8Yb\"><p><a href=\"https:\/\/puntocritico.com\/ausajpuntocritico\/2022\/02\/10\/deuda-odiosa-2\/\">DEUDA ODIOSA Y CORRUPCI\u00d3N: \u201cDeudas odiosas son aquellas contra\u00eddas contra los intereses de la poblaci\u00f3n de un pa\u00eds y con el completo conocimiento del acreedor\u201d.<\/a><\/p><\/blockquote>\n<p><iframe loading=\"lazy\" class=\"wp-embedded-content\" sandbox=\"allow-scripts\" security=\"restricted\" style=\"position: absolute; visibility: hidden;\" title=\"\u00abDEUDA ODIOSA Y CORRUPCI\u00d3N: \u201cDeudas odiosas son aquellas contra\u00eddas contra los intereses de la poblaci\u00f3n de un pa\u00eds y con el completo conocimiento del acreedor\u201d.\u00bb \u2014 Punto Cr\u00edtico Derechos Humanos\" src=\"https:\/\/puntocritico.com\/ausajpuntocritico\/2022\/02\/10\/deuda-odiosa-2\/embed\/#?secret=UeDsDPGbYD#?secret=sM0SC7D8Yb\" data-secret=\"sM0SC7D8Yb\" width=\"500\" height=\"282\" frameborder=\"0\" marginwidth=\"0\" marginheight=\"0\" scrolling=\"no\"><\/iframe><\/p>\n<blockquote class=\"wp-embedded-content\" data-secret=\"WnzOSH6PYU\"><p><a href=\"https:\/\/puntocritico.com\/ausajpuntocritico\/2024\/04\/08\/trafico-de-influencias-en-el-corazon-de-la-moncloa-bego-conseguidora\/\">TR\u00c1FICO DE INFLUENCIAS EN EL CORAZ\u00d3N DE LA MONCLOA: \u00abBego; Conseguidora de fondos\u00bb. \u00abHic est crimen. \u00bfUbi sunt iudices?\u00bb (Aqu\u00ed est\u00e1 el delito. \u00bfD\u00f3nde est\u00e1n los jueces?)<\/a><\/p><\/blockquote>\n<p><iframe loading=\"lazy\" class=\"wp-embedded-content\" sandbox=\"allow-scripts\" security=\"restricted\" style=\"position: absolute; visibility: hidden;\" title=\"\u00abTR\u00c1FICO DE INFLUENCIAS EN EL CORAZ\u00d3N DE LA MONCLOA: \u00abBego; Conseguidora de fondos\u00bb. \u00abHic est crimen. \u00bfUbi sunt iudices?\u00bb (Aqu\u00ed est\u00e1 el delito. \u00bfD\u00f3nde est\u00e1n los jueces?)\u00bb \u2014 Punto Cr\u00edtico Derechos Humanos\" src=\"https:\/\/puntocritico.com\/ausajpuntocritico\/2024\/04\/08\/trafico-de-influencias-en-el-corazon-de-la-moncloa-bego-conseguidora\/embed\/#?secret=FFdjT3gLFe#?secret=WnzOSH6PYU\" data-secret=\"WnzOSH6PYU\" width=\"500\" height=\"282\" frameborder=\"0\" marginwidth=\"0\" marginheight=\"0\" scrolling=\"no\"><\/iframe><\/p>\n<blockquote class=\"wp-embedded-content\" data-secret=\"loNgItGcWW\"><p><a href=\"https:\/\/puntocritico.com\/ausajpuntocritico\/2023\/06\/15\/solve-et-coagula\/\">SOLVE ET COAGULA: \u00abDERECHA \/ IZQUIERDA: \u00bfFIN O TRANSFORMACI\u00d3N DE LA DIVISI\u00d3N?\u00bb, por Arnaud Imatz.<\/a><\/p><\/blockquote>\n<p><iframe loading=\"lazy\" class=\"wp-embedded-content\" sandbox=\"allow-scripts\" security=\"restricted\" style=\"position: absolute; visibility: hidden;\" title=\"\u00abSOLVE ET COAGULA: \u00abDERECHA \/ IZQUIERDA: \u00bfFIN O TRANSFORMACI\u00d3N DE LA DIVISI\u00d3N?\u00bb, por Arnaud Imatz.\u00bb \u2014 Punto Cr\u00edtico Derechos Humanos\" src=\"https:\/\/puntocritico.com\/ausajpuntocritico\/2023\/06\/15\/solve-et-coagula\/embed\/#?secret=ba73Ob9I7H#?secret=loNgItGcWW\" data-secret=\"loNgItGcWW\" width=\"500\" height=\"282\" frameborder=\"0\" marginwidth=\"0\" marginheight=\"0\" scrolling=\"no\"><\/iframe><\/p>\n<p>&nbsp;<\/p>\n<p><a href=\"https:\/\/puntocritico.com\/ausajpuntocritico\/author\/punto-critico\/\" target=\"_blank\" rel=\"noopener\"><img loading=\"lazy\" decoding=\"async\" class=\"aligncenter wp-image-9528\" src=\"https:\/\/puntocritico.com\/ausajpuntocritico\/wp-content\/uploads\/2018\/03\/Mosca_Punto_Cr\u00edtico_40.png\" alt=\"\" width=\"80\" height=\"80\" \/><\/a><\/p>\n<p>&nbsp;<\/p>\n","protected":false},"excerpt":{"rendered":"<div class=\"mh-excerpt\"><p>TODOS SOMOS ESTADO &nbsp; DANA: PEDRO S\u00c1NCHEZ NO DECRETA EMERGENCIA NACIONAL y ANUNCIA MEDIDAS POR 10.600 MILLONES RTVE Noticias, 5 NOVIEMBRE 2024 &nbsp; El Gobierno ha aprobado un primer paquete de medidas urgentes por importe <a class=\"mh-excerpt-more\" href=\"https:\/\/puntocritico.com\/ausajpuntocritico\/2024\/11\/06\/todos-somos-estado\/\" title=\"\u00abTODOS SOMOS ESTADO\u00bb: EL ESTADO COMPARECE: El Excmo. Sr. D. Pedro S\u00e1nchez P\u00e9rez-Castej\u00f3n, Presidente de Espa\u00f1a,  anuncia medidas de apoyo a los afectados por la DANA por importe de 10.600 Millones de Euros\">[&#8230;]<\/a><\/p>\n<\/div>","protected":false},"author":3,"featured_media":2303115,"comment_status":"closed","ping_status":"closed","sticky":false,"template":"","format":"standard","meta":{"_acf_changed":false,"_exactmetrics_skip_tracking":false,"_exactmetrics_sitenote_active":false,"_exactmetrics_sitenote_note":"","_exactmetrics_sitenote_category":0,"footnotes":""},"categories":[7],"tags":[144],"class_list":{"0":"post-2303099","1":"post","2":"type-post","3":"status-publish","4":"format-standard","5":"has-post-thumbnail","7":"category-politica","8":"tag-dana"},"acf":[],"_links":{"self":[{"href":"https:\/\/puntocritico.com\/ausajpuntocritico\/wp-json\/wp\/v2\/posts\/2303099","targetHints":{"allow":["GET"]}}],"collection":[{"href":"https:\/\/puntocritico.com\/ausajpuntocritico\/wp-json\/wp\/v2\/posts"}],"about":[{"href":"https:\/\/puntocritico.com\/ausajpuntocritico\/wp-json\/wp\/v2\/types\/post"}],"author":[{"embeddable":true,"href":"https:\/\/puntocritico.com\/ausajpuntocritico\/wp-json\/wp\/v2\/users\/3"}],"replies":[{"embeddable":true,"href":"https:\/\/puntocritico.com\/ausajpuntocritico\/wp-json\/wp\/v2\/comments?post=2303099"}],"version-history":[{"count":0,"href":"https:\/\/puntocritico.com\/ausajpuntocritico\/wp-json\/wp\/v2\/posts\/2303099\/revisions"}],"wp:featuredmedia":[{"embeddable":true,"href":"https:\/\/puntocritico.com\/ausajpuntocritico\/wp-json\/wp\/v2\/media\/2303115"}],"wp:attachment":[{"href":"https:\/\/puntocritico.com\/ausajpuntocritico\/wp-json\/wp\/v2\/media?parent=2303099"}],"wp:term":[{"taxonomy":"category","embeddable":true,"href":"https:\/\/puntocritico.com\/ausajpuntocritico\/wp-json\/wp\/v2\/categories?post=2303099"},{"taxonomy":"post_tag","embeddable":true,"href":"https:\/\/puntocritico.com\/ausajpuntocritico\/wp-json\/wp\/v2\/tags?post=2303099"}],"curies":[{"name":"wp","href":"https:\/\/api.w.org\/{rel}","templated":true}]}}