{"id":2301999,"date":"2024-10-14T00:05:05","date_gmt":"2024-10-13T22:05:05","guid":{"rendered":"https:\/\/puntocritico.com\/ausajpuntocritico\/?p=2301999"},"modified":"2024-10-16T20:20:23","modified_gmt":"2024-10-16T18:20:23","slug":"la-justicia-en-un-mundo-de-mera-opinion-por-platon","status":"publish","type":"post","link":"https:\/\/puntocritico.com\/ausajpuntocritico\/2024\/10\/14\/la-justicia-en-un-mundo-de-mera-opinion-por-platon\/","title":{"rendered":"LA JUSTICIA EN UN MUNDO DE MERA OPINI\u00d3N, por Plat\u00f3n"},"content":{"rendered":"<p style=\"text-align: justify;\"><strong><span style=\"font-size: 14pt; color: #008000;\">LA JUSTICIA EN UN MUNDO DE MERA OPINI\u00d3N<\/span><\/strong><\/p>\n<blockquote>\n<p style=\"text-align: right;\"><span style=\"font-size: 14pt;\"><em><span style=\"color: #008000;\">\u00abUn sue\u00f1o, contado por un loco. Lleno de ruido y pasi\u00f3n; y que nada significa\u00bb<\/span><\/em><\/span><\/p>\n<p style=\"text-align: right;\"><span style=\"color: #008000; font-size: 14pt;\">Shakespeare, Macbeth<\/span><\/p>\n<\/blockquote>\n\n<p style=\"text-align: justify;\">\u00a0<\/p>\n<p style=\"text-align: center;\"><span style=\"font-size: 18pt;\"><strong><span style=\"color: #008000;\">***<\/span><\/strong><\/span><\/p>\n<blockquote>\n<h2 class=\"post-title text-center\" style=\"text-align: center;\"><span style=\"font-size: 24pt;\">\u00bfRe\u00edmos, o lloramos?<\/span><\/h2>\n<p style=\"text-align: justify;\"><span style=\"font-size: 14pt;\">Por <a href=\"https:\/\/www.vozpopuli.com\/opinion\/reimos-o-lloramos.html\" target=\"_blank\" rel=\"noopener\">Gregorio Mor\u00e1n<\/a>, 12 OCT 2024<\/span><\/p>\n<figure id=\"attachment_2302194\" aria-describedby=\"caption-attachment-2302194\" style=\"width: 360px\" class=\"wp-caption aligncenter\"><img loading=\"lazy\" decoding=\"async\" class=\"wp-image-2302194\" src=\"https:\/\/puntocritico.com\/ausajpuntocritico\/wp-content\/uploads\/2024\/10\/El-Roto-Master-de-captacion-de-fondos-266x300.jpg\" alt=\"\" width=\"360\" height=\"405\" srcset=\"https:\/\/puntocritico.com\/ausajpuntocritico\/wp-content\/uploads\/2024\/10\/El-Roto-Master-de-captacion-de-fondos-266x300.jpg 266w, https:\/\/puntocritico.com\/ausajpuntocritico\/wp-content\/uploads\/2024\/10\/El-Roto-Master-de-captacion-de-fondos.jpg 642w\" sizes=\"auto, (max-width: 360px) 100vw, 360px\" \/><figcaption id=\"caption-attachment-2302194\" class=\"wp-caption-text\"><span style=\"color: #008000;\">El Roto, en El Pa\u00eds <\/span><\/figcaption><\/figure>\n<p style=\"text-align: justify;\">\u00a0<\/p>\n<\/blockquote>\n<figure class=\"post-image post-image-fullwidth stretch-mobile post-image-with-caption\" style=\"text-align: justify;\"><\/figure>\n<blockquote>\n<p style=\"text-align: justify;\"><span style=\"font-size: 14pt;\">Son dos opciones y para cada una hay motivos sobrados. El\u00a0<strong>dilema inevitable<\/strong>\u00a0consiste en tom\u00e1rselo tan en serio que acabemos por no saber cu\u00e1ndo debemos parar de llorar de verg\u00fcenza o que de tanto re\u00edr caigamos en la peor de las misantrop\u00edas, la de re\u00edrnos de nosotros mismos, y hacerlo solos y ante el espejo. La invenci\u00f3n de un <strong>Plan para la Regeneraci\u00f3n Democr\u00e1tica<\/strong> del que forman parte 7 ministros y un secretario de Estado me tiene sumido en la duda; no s\u00e9 si echarme a llorar por lo que nos espera o soltar una carcajada ante un chiste espectacular.<\/span><\/p>\n<p style=\"text-align: justify;\"><span style=\"font-size: 14pt;\">Hay precedentes. En 1964 el m\u00e1s joven y m\u00e1s arrebatado de los ministros del Caudillo, <strong>Manuel Fraga Iribarne<\/strong>, con la ayuda de su cu\u00f1ado, experimentado manipulador, <strong>Carlos Robles Piquer<\/strong>, pusieron en marcha una campa\u00f1a que dio un vuelco a la ret\u00f3rica. Se conmemoraron como hito emblem\u00e1tico los XXV A\u00f1os de Paz, en cesarianos n\u00fameros romanos.\u00a0<strong>Ah\u00ed se cambi\u00f3 el relato<\/strong>, que dir\u00edamos hoy. <\/span><\/p>\n<p style=\"text-align: justify;\"><span style=\"font-size: 14pt;\"><strong>En una Espa\u00f1a zaragatera y triste, con una represi\u00f3n omn\u00edmoda y un temor sin l\u00edmites, se utilizaron todos los medios para imponer un ox\u00edmoron<\/strong>: ten\u00edamos los dirigentes m\u00e1s virtuosos, m\u00e1s pac\u00edficos y m\u00e1s comprensivos en una dictadura implacable. Quien no se lo creyera y osara manifestarlo, sobre \u00e9l caer\u00eda el peso aplastante del Poder. Franco se convert\u00eda en pacifista y la oposici\u00f3n en guerrera. Quienes lo vivieron no necesitan que se lo cuenten, ni echar mano de una supuesta Memoria Hist\u00f3rica, por m\u00e1s que en alg\u00fan caso sea menester un psicoanalista que despeje las fantas\u00edas.<\/span><\/p>\n<p>&nbsp;<\/p>\n<figure id=\"attachment_27717\" aria-describedby=\"caption-attachment-27717\" style=\"width: 400px\" class=\"wp-caption aligncenter\"><img loading=\"lazy\" decoding=\"async\" class=\"wp-image-27717\" src=\"https:\/\/puntocritico.com\/ausajpuntocritico\/wp-content\/uploads\/2020\/03\/Coronavirus-Bego\u00f1a-Gomez-OK.jpg\" alt=\"\" width=\"400\" height=\"266\" \/><figcaption id=\"caption-attachment-27717\" class=\"wp-caption-text\"><span style=\"color: #008000;\"><a style=\"color: #008000;\" href=\"https:\/\/dle.rae.es\/proxeneta\" target=\"_blank\" rel=\"noopener\">PROXENETA (RAE)<\/a>: \u00abPersona que obtiene beneficios de la prostituci\u00f3n de otra persona\u00bb.<\/span><\/figcaption><\/figure><\/blockquote>\n<blockquote>\n<p>&nbsp;<\/p>\n<p style=\"text-align: justify;\"><span style=\"font-size: 14pt;\">La ministra portavoz <strong>Pilar Alegr\u00eda<\/strong> -hay apellidos que delatan- nos regal\u00f3 una rueda de prensa esta semana que inevitablemente me retrotrajo a tiempos pasados que felizmente ella no vivi\u00f3. Se puede ser m\u00e1s falaz pero no m\u00e1s descarado.\u00a0<strong>Minti\u00f3 con plena conciencia<\/strong> sobre las causas abiertas a <strong>Bego\u00f1a G\u00f3mez<\/strong>, sobre los procedimientos del juez <strong>Peinado<\/strong>, sobre la amnist\u00eda, sobre la singularidad del cupo y alcanz\u00f3 el sarcasmo al enfocar la dr\u00e1stica reducci\u00f3n de penas a 44 condenados por delitos de sangre, vulgo asesinatos, pactados por el presidente <strong>S\u00e1nchez<\/strong> y <strong><em>Bildu<\/em><\/strong> para sacar adelante los Presupuestos.<\/span><\/p>\n<p>&nbsp;<\/p>\n<p style=\"text-align: center;\"><span style=\"color: #008000;\"><strong><span style=\"font-size: 14pt;\">La ministra portavoz Pilar Alegr\u00eda -hay apellidos que delatan- nos regal\u00f3 una rueda de prensa esta semana que inevitablemente me retrotrajo a tiempos pasados que felizmente ella no vivi\u00f3<\/span><\/strong><\/span><\/p>\n<p>&nbsp;<\/p>\n<p style=\"text-align: justify;\"><span style=\"font-size: 14pt;\">Sin pretenderlo, porque la inteligencia no es valor que cuente en los nombramientos, <strong>Pilar Alegr\u00eda<\/strong> ha puesto sobre la mesa de nuestras conciencias algo tan evidente como aquello de los XXV A\u00f1os de Paz. O lo tragas o lo denuncias con grave riesgo de tu futuro, o de lo que quede de \u00e9l. Me estoy refiriendo en concreto al arma letal pero nada secreta que administra el Gobierno:\u00a0<strong>los medios de comunicaci\u00f3n y su cohorte de columnistas<\/strong>, tertulianos, editorialistas, blogueros y dem\u00e1s soldados de la palabra. <\/span><\/p>\n<p style=\"text-align: justify;\"><span style=\"font-size: 14pt;\">No somos conscientes de que el silencio, cuando no la adhesi\u00f3n, exigir\u00e1n un d\u00eda otro proceso de Transici\u00f3n en el que se pedir\u00e1 a la ciudadan\u00eda que sea benevolente y olvide, por el bien de la concordia. Un modo muy particular de disolver el servilismo que tantos beneficios les ha prodigado, en aras de no ser proclives al resentimiento. Y lo dir\u00e1n con una sonrisa, como buscando la complicidad. Ahora que me entero que <strong>Juan Luis<\/strong> <strong>Cebri\u00e1n<\/strong>, curtido hacendado pol\u00edtico durante d\u00e9cadas, siempre fue -sospecho que en su fuero interno- un defensor a ultranza de la cr\u00edtica al Gobierno, intuyo el advenimiento de un nuevo per\u00edodo de reconversiones que dejar\u00e1n chicas las que hizo el ministro <strong>Solchaga<\/strong> en el campo de la industria.\u00a0<\/span><\/p>\n<p style=\"text-align: justify;\"><span style=\"font-size: 14pt;\">No inquietarse. Aunque todo pueda cambiar, seguir\u00e1 igual de inseguro. Quiz\u00e1 se ha deteriorado hasta un extremo ins\u00f3lito el valor de la palabra, que no del discurso. Los tiempos que se marcaba el presidente <strong>S\u00e1nchez<\/strong> para expresar lo contrario de lo que ya hab\u00eda afirmado con vigor de converso, se han ido reduciendo. Hace seis a\u00f1os tardaban meses pero ahora pueden ser cuesti\u00f3n de un d\u00eda. Hacer de la necesidad virtud obliga a un aparato fiel y engrasado que borre y reescriba. Desde el momento que asignas al adversario el\u00a0<strong>monopolio de las mentiras<\/strong>\u00a0y los bulos, debes incluir la pretensi\u00f3n de organizar un aparato adicto que las controle y diluya; a partir de ah\u00ed eres el <strong>Puto Amo<\/strong>.\u00a0<\/span><\/p>\n<div id=\"sm-it-main-container-1728720548318\" class=\"sm-it-main-container\" style=\"text-align: center;\" data-it=\"b6e54df5-cdde-43b2-ace7-e226e31773e0\" data-device=\"desktop\" data-index=\"1\">\n<p style=\"text-align: justify;\"><span style=\"font-size: 14pt;\">Esa curiosa situaci\u00f3n de provocar la crispaci\u00f3n al tiempo que\u00a0<strong>descargas la artiller\u00eda sobre el enemigo<\/strong>\u00a0es tan vieja como el arte de la guerra pol\u00edtico. Hay dos referentes que deber\u00edan hacernos pensar, porque son letales. Uno es el sustantivo \u201c<strong><em>innovaci\u00f3n<\/em><\/strong>\u201d. Cada vez que lo escuchen mant\u00e9nganse atentos; es una palabra se\u00f1uelo y si pican comprobar\u00e1n que esconde intenciones nada novedosas tras el trampantojo sem\u00e1ntico.<\/span><\/p>\n<p style=\"text-align: justify;\"><span style=\"font-size: 14pt;\">La otra es \u201c<em><strong>patr\u00f3n europeo<\/strong><\/em>\u201d, con sus derivadas \u201c<em>los pa\u00edses de nuestro entorno<\/em>\u201d, \u201c<em>ajustarse a las normas de la Comunidad\u201d<\/em>, \u201c<em>homologar la legislaci\u00f3n<\/em>\u201d. <em><strong>Europa<\/strong><\/em> no es s\u00f3lo una realidad sino una evidencia beneficiosa para todos. El antieurope\u00edsmo, dicho en bruto, es una\u00a0<strong>estupidez geopol\u00edtica<\/strong>\u00a0y regresiva. Ahora bien, cabe leerse bien la letra peque\u00f1a. Sucede con los productos que llevan como un adhesivo el mantra \u201c<em><strong>ecol\u00f3gico<\/strong><\/em>\u201d, que en muchos casos es una treta de la mercadotecnia y no una marca de calidad.\u00a0<\/span><\/p>\n<\/div>\n<p style=\"text-align: justify;\">\u00a0<\/p>\n<\/blockquote>\n<div id=\"sm-it-main-container-1728720548318\" class=\"sm-it-main-container\" style=\"text-align: center;\" data-it=\"b6e54df5-cdde-43b2-ace7-e226e31773e0\" data-device=\"desktop\" data-index=\"1\">\n<blockquote class=\"wp-block-quote is-layout-flow wp-block-quote-is-layout-flow\"><p><span style=\"color: #008000;\"><strong><span style=\"font-size: 14pt;\">Tarradellas dec\u00eda que en pol\u00edtica se puede hacer de todo menos el rid\u00edculo<\/span><\/strong><\/span><\/p><\/blockquote>\n<blockquote>\n<p>&nbsp;<\/p>\n<p style=\"text-align: justify;\"><span style=\"font-size: 14pt;\">El\u00a0<strong>pat\u00e9tico rid\u00edculo del Partido Popular<\/strong>, con su presidente a la cabeza, aceptando una enmienda, propuesta por Sumar en el papel de palanganeros, para rebajar las penas de 44 militantes de ETA convictos de asesinatos, con el marchamo de \u201c<strong><em>ajustarse a la legislaci\u00f3n europea<\/em><\/strong>\u201d, es un ejemplo hispano, espa\u00f1ol\u00edsimo, de incompetencia. Sin m\u00e1s, por decencia, deber\u00edan abandonar los tres expertos \u00a1juristas! que avalaron el <em><strong>pacto Otegui-S\u00e1nchez<\/strong><\/em>. En \u00e9pocas taurinas se denominaba \u201c<em>verg\u00fcenza torera<\/em>\u201d y no necesitaban que los sacaran a la fuerza de la plaza, sal\u00edan solos. <\/span><\/p>\n<p style=\"text-align: justify;\"><span style=\"font-size: 14pt;\">Como no va a suceder as\u00ed, tendremos otra raz\u00f3n para confirmar que el patio est\u00e1 hecho un asco. Que una periodista, <strong>Itziar Reyero<\/strong>, descubriera la truca, la honra a ella y hasta al gremio, muy falto de incentivos \u00faltimamente. Tendremos ocasi\u00f3n de comprobarlo ante la emergencia del \u201c<strong><em>caso \u00c1balos<\/em><\/strong>\u201d que amenaza arrasar con los titulares adictos. Las hemerotecas cerrar\u00e1n por decreto.\u00a0<\/span><\/p>\n<p style=\"text-align: justify;\"><span style=\"font-size: 14pt;\">Tarradellas dec\u00eda que en pol\u00edtica\u00a0<strong>se puede hacer de todo menos el rid\u00edculo<\/strong>. El relato a\u00fan se mantiene, aunque tartamudee, y la verg\u00fcenza ajena les importa un carajo. La mayor\u00eda que sostiene al <strong>Amo<\/strong> seguir\u00e1 cosechando sin haber arado y a eso se llama vivir en el mejor de los mundos posibles, el sue\u00f1o del agricultor autocomplaciente. <strong>Recibir frutos de un Gobierno exang\u00fce<\/strong>. Lo que dure. Nosotros podremos llorar o descojonarnos de risa, pero hay muchos m\u00e1s de los que creemos que viven de esta situaci\u00f3n an\u00f3mala y letal. Siempre habr\u00e1 otra Transici\u00f3n que les evoque lo astutos que han sido. Comprensivos y a esperar. \u00a1Vaya consuelo!<\/span><\/p>\n<p>&nbsp;<\/p>\n<p><span style=\"color: #008000;\"><strong><span style=\"font-size: 14pt;\">Siempre habr\u00e1 otra Transici\u00f3n que les evoque lo astutos que han sido. Comprensivos y a esperar. \u00a1Vaya consuelo!<\/span><\/strong><\/span><\/p>\n<\/blockquote>\n<\/div>\n<blockquote>\n<p>&nbsp;<\/p>\n<figure id=\"attachment_2302195\" aria-describedby=\"caption-attachment-2302195\" style=\"width: 440px\" class=\"wp-caption aligncenter\"><img loading=\"lazy\" decoding=\"async\" class=\"wp-image-2302195\" src=\"https:\/\/puntocritico.com\/ausajpuntocritico\/wp-content\/uploads\/2024\/10\/PEDRO-SANCHEZ-PILAR-ALEGRIA-INMIGRACION-300x169.jpeg\" alt=\"\" width=\"440\" height=\"248\" srcset=\"https:\/\/puntocritico.com\/ausajpuntocritico\/wp-content\/uploads\/2024\/10\/PEDRO-SANCHEZ-PILAR-ALEGRIA-INMIGRACION-300x169.jpeg 300w, https:\/\/puntocritico.com\/ausajpuntocritico\/wp-content\/uploads\/2024\/10\/PEDRO-SANCHEZ-PILAR-ALEGRIA-INMIGRACION-1024x576.jpeg 1024w, https:\/\/puntocritico.com\/ausajpuntocritico\/wp-content\/uploads\/2024\/10\/PEDRO-SANCHEZ-PILAR-ALEGRIA-INMIGRACION-768x432.jpeg 768w, https:\/\/puntocritico.com\/ausajpuntocritico\/wp-content\/uploads\/2024\/10\/PEDRO-SANCHEZ-PILAR-ALEGRIA-INMIGRACION-678x381.jpeg 678w, https:\/\/puntocritico.com\/ausajpuntocritico\/wp-content\/uploads\/2024\/10\/PEDRO-SANCHEZ-PILAR-ALEGRIA-INMIGRACION.jpeg 1200w\" sizes=\"auto, (max-width: 440px) 100vw, 440px\" \/><figcaption id=\"caption-attachment-2302195\" class=\"wp-caption-text\"><span style=\"color: #008000;\">Pedro S\u00e1nchez y Pilar Alegr\u00eda, este mi\u00e9rcoles, en el Congreso. EUROPA PRESS \/ Jes\u00fas Hell\u00edn.<\/span><\/figcaption><\/figure>\n<p style=\"text-align: center;\"><strong><span style=\"color: #008000; font-size: 18pt;\">*******<\/span><\/strong><\/p>\n<h3 class=\"style-scope ytd-watch-metadata\" style=\"text-align: center;\"><span style=\"font-size: 18pt;\">El esc\u00e1ndalo Plus Ultra <\/span><\/h3>\n<p class=\"style-scope ytd-watch-metadata\" style=\"text-align: center;\"><span style=\"font-size: 14pt;\"><strong>El esc\u00e1ndalo Plus Ultra a trav\u00e9s de las exclusivas de Vozp\u00f3puli<\/strong><\/span><\/p>\n<p>&nbsp;<\/p>\n<\/blockquote>\n<p style=\"text-align: center;\"><iframe loading=\"lazy\" title=\"YouTube video player\" src=\"\/\/www.youtube.com\/embed\/1cKq0T1GRDo?si=gHFxLfh5xdfkNOU5\" width=\"560\" height=\"315\" frameborder=\"0\" allowfullscreen=\"allowfullscreen\"><\/iframe><\/p>\n<div>\u00a0<\/div>\n<blockquote>\n<div id=\"info-container\" class=\"style-scope ytd-watch-info-text\" style=\"text-align: center;\"><strong><span class=\"style-scope yt-formatted-string bold\" dir=\"auto\" style=\"font-size: 14pt;\">Vozp\u00f3puli, 22 jul 2021<\/span><\/strong><\/div>\n<p style=\"text-align: center;\"><span class=\"yt-core-attributed-string yt-core-attributed-string--white-space-pre-wrap\" dir=\"auto\" style=\"font-size: 14pt;\"><span class=\"yt-core-attributed-string--link-inherit-color\" dir=\"auto\">En plena crisis econ\u00f3mica causada por la covid, el Consejo de Ministros anunci\u00f3 el 9 de marzo de 2021 el rescate a la aerol\u00ednea Plus Ultra por valor de 53 millones. Vozp\u00f3puli desvel\u00f3 al d\u00eda siguiente las relaciones de esta aerol\u00ednea con el n\u00facleo duro del chavismo, as\u00ed como el historial de los fundadores.<\/span><\/span><\/p>\n<\/blockquote>\n<p>&nbsp;<\/p>\n<p><a href=\"https:\/\/puntocritico.com\/ausajpuntocritico\/2022\/02\/10\/deuda-odiosa-2\/#El_marido_de_Calvino_es_directivo_de_una_empresa_que_gestiona_fondos_UE_a_pymes\"><img loading=\"lazy\" decoding=\"async\" class=\"aligncenter wp-image-2240519\" src=\"https:\/\/puntocritico.com\/ausajpuntocritico\/wp-content\/uploads\/2022\/02\/calvino-marido-fondos-ue-interior-interior-300x169.jpg\" alt=\"\" width=\"440\" height=\"248\" srcset=\"https:\/\/puntocritico.com\/ausajpuntocritico\/wp-content\/uploads\/2022\/02\/calvino-marido-fondos-ue-interior-interior-300x169.jpg 300w, https:\/\/puntocritico.com\/ausajpuntocritico\/wp-content\/uploads\/2022\/02\/calvino-marido-fondos-ue-interior-interior-1024x576.jpg 1024w, https:\/\/puntocritico.com\/ausajpuntocritico\/wp-content\/uploads\/2022\/02\/calvino-marido-fondos-ue-interior-interior-768x432.jpg 768w, https:\/\/puntocritico.com\/ausajpuntocritico\/wp-content\/uploads\/2022\/02\/calvino-marido-fondos-ue-interior-interior-1536x864.jpg 1536w, https:\/\/puntocritico.com\/ausajpuntocritico\/wp-content\/uploads\/2022\/02\/calvino-marido-fondos-ue-interior-interior-610x343.jpg 610w, https:\/\/puntocritico.com\/ausajpuntocritico\/wp-content\/uploads\/2022\/02\/calvino-marido-fondos-ue-interior-interior-678x381.jpg 678w, https:\/\/puntocritico.com\/ausajpuntocritico\/wp-content\/uploads\/2022\/02\/calvino-marido-fondos-ue-interior-interior-1320x743.jpg 1320w, https:\/\/puntocritico.com\/ausajpuntocritico\/wp-content\/uploads\/2022\/02\/calvino-marido-fondos-ue-interior-interior.jpg 1800w\" sizes=\"auto, (max-width: 440px) 100vw, 440px\" \/><\/a><\/p>\n<p style=\"text-align: center;\"><strong><span style=\"color: #008000; font-size: 18pt;\">*******<\/span><\/strong><\/p>\n<h2 style=\"text-align: center;\"><span style=\"font-size: 24pt;\">LA JUSTICIA EN UN MUNDO DE MERA OPINI\u00d3N<\/span><\/h2>\n<blockquote>\n<p style=\"text-align: center;\"><span style=\"font-size: 14pt;\"><strong><em>\u00abPero a vosotros os hemos dado nosotros el ser, con objeto de que lo emple\u00e9is en vuestro provecho y en el de la ciudad, como jefes y reyes de la colmena, mejor y m\u00e1s celosamente educados, porque habr\u00e9is visto ya la verdad en relaci\u00f3n con lo bello, lo justo y lo bueno. <\/em><\/strong><\/span><\/p>\n<p style=\"text-align: center;\"><span style=\"font-size: 14pt;\"><strong><em>De este modo nuestra ciudad y la vuestra ser\u00e1 una plena realidad y no un sue\u00f1o, como ocurre ahora a la mayor\u00eda de ellas, con las luchas f\u00fatiles y las disputas de unos ciudadanos con otros por el poder, al igual que si se tratase de alg\u00fan gran bien. <\/em><\/strong><\/span><\/p>\n<p style=\"text-align: center;\"><span style=\"font-size: 14pt;\"><strong><em>La verdad, sencillamente, se reduce a esto: la ciudad en la que muestren menos deseos de gobernar los que deben hacerlo ser\u00e1, sin duda, la mejor y necesariamente la m\u00e1s tranquila; y ocurrir\u00e1 lo contrario en aquella que presenten un cariz de gobierno distinto\u00bb<\/em><\/strong><\/span><\/p>\n<\/blockquote>\n<p style=\"text-align: center;\"><a href=\"https:\/\/puntocritico.com\/ausajpuntocritico\/2021\/11\/22\/prohibido-pensar\/\"><strong><span style=\"font-size: 18pt;\">Plat\u00f3n<\/span><\/strong><\/a><\/p>\n<p style=\"text-align: justify;\"><span style=\"font-size: 14pt;\"><a href=\"https:\/\/www.filosofiadigital.com\/la-justicia-en-un-mundo-de-mera-opinion-por-platon\/\" target=\"_blank\" rel=\"noopener\">Filosof\u00eda Digital<\/a>, 2010<\/span><\/p>\n<figure id=\"attachment_2302000\" aria-describedby=\"caption-attachment-2302000\" style=\"width: 300px\" class=\"wp-caption aligncenter\"><img loading=\"lazy\" decoding=\"async\" class=\"wp-image-2302000\" src=\"https:\/\/puntocritico.com\/ausajpuntocritico\/wp-content\/uploads\/2024\/10\/Platon-y-Aristoteles-FD1-229x300.jpg\" alt=\"LA JUSTICIA EN UN MUNDO DE MERA OPINI\u00d3N, por Plat\u00f3n\n\" width=\"300\" height=\"392\" srcset=\"https:\/\/puntocritico.com\/ausajpuntocritico\/wp-content\/uploads\/2024\/10\/Platon-y-Aristoteles-FD1-229x300.jpg 229w, https:\/\/puntocritico.com\/ausajpuntocritico\/wp-content\/uploads\/2024\/10\/Platon-y-Aristoteles-FD1.jpg 400w\" sizes=\"auto, (max-width: 300px) 100vw, 300px\" \/><figcaption id=\"caption-attachment-2302000\" class=\"wp-caption-text\"><span style=\"color: #008000;\">Platon y Aristoteles, conversando de filosof\u00eda. No estaremos bien educados, ni capacitados para ayudar a otros, mientras no hayamos contemplado, a cara descubierta, la bondad, la justicia y la belleza. <\/span><\/figcaption><\/figure>\n<p>&nbsp;<\/p>\n<h3 style=\"text-align: center;\"><span style=\"font-size: 18pt;\"><strong>La verdadera educaci\u00f3n y la falta de ella<\/strong><\/span><\/h3>\n<p style=\"text-align: justify;\"><span style=\"font-size: 14pt;\">\u2013\u00a0<strong><span lang=\"ES-TRAD\">R<\/span><\/strong>epres\u00e9ntate la naturaleza humana en la siguiente coyuntura, con relaci\u00f3n a la educaci\u00f3n y a la falta de ella. Imag\u00ednate una caverna subterr\u00e1nea, que dispone de una larga entrada para la luz a todo lo largo de ella, y fig\u00farate unos hombres que se encuentran ah\u00ed ya desde la ni\u00f1ez, atados por los pies y el cuello, de tal modo que hayan de permanecer en la misma posici\u00f3n y mirando solo hacia adelante, imposibilitados como est\u00e1n por las cadenas de volver la vista hacia atr\u00e1s. Pon a su espalda la llama de un fuego que arde sobre una altura a distancia de ellos, y entre el fuego y los cautivos un camino eminente flanqueado por un muro, semejante a los tabiques que se colocan entre los charlatanes y el p\u00fablico para que aquellos puedan mostrar, sobre este muro, las maravillas de que disponen. <\/span><\/p>\n<p style=\"text-align: justify;\"><span style=\"font-size: 14pt;\"><em>\u2013 Ya me imagino eso -dijo. <\/em><\/span><\/p>\n<p style=\"text-align: justify;\"><span style=\"font-size: 14pt;\">\u2013\u00a0<strong><span lang=\"ES-TRAD\">P<\/span><\/strong>ues bien: observa ahora a lo largo de ese muro unos hombres que llevan objetos de todas clases que sobresalen sobre \u00e9l, y figuras de hombres o de animales, hechas de piedra, de madera y de otros materiales. Es natural que entre estos portadores unos vayan hablando y otros pasen en silencio. <\/span><\/p>\n<p style=\"text-align: justify;\"><span style=\"font-size: 14pt;\"><em>\u2013 \u00a1Extra\u00f1as im\u00e1genes describes -dijo- y extra\u00f1os son tambi\u00e9n esos prisioneros!<\/em><\/span><\/p>\n<p style=\"text-align: justify;\"><span style=\"font-size: 14pt;\">\u2013\u00a0<strong><span lang=\"ES-TRAD\">S<\/span><\/strong>in embargo, son semejantes en todo a nosotros -observ\u00e9. Porque, \u00bfcrees en primer lugar que esos hombres han visto de s\u00ed mismos o de otros algo que no sea las sombras proyectadas por el fuego en la caverna, exactamente enfrente de ellos? <\/span><\/p>\n<p style=\"text-align: justify;\"><span style=\"font-size: 14pt;\"><em>\u2013 \u00bfC\u00f3mo -dijo- iban a poder verlo, si durante toda su vida se han visto obligados a mantener inm\u00f3viles sus cabezas?<\/em><\/span><\/p>\n<p class=\"wp-caption-text\">\u00a0<\/p>\n<figure id=\"attachment_2302001\" aria-describedby=\"caption-attachment-2302001\" style=\"width: 400px\" class=\"wp-caption aligncenter\"><img loading=\"lazy\" decoding=\"async\" class=\"wp-image-2302001\" src=\"https:\/\/puntocritico.com\/ausajpuntocritico\/wp-content\/uploads\/2024\/10\/caverna-con-luz-FD-300x225.jpg\" alt=\"\" width=\"400\" height=\"300\" srcset=\"https:\/\/puntocritico.com\/ausajpuntocritico\/wp-content\/uploads\/2024\/10\/caverna-con-luz-FD-300x225.jpg 300w, https:\/\/puntocritico.com\/ausajpuntocritico\/wp-content\/uploads\/2024\/10\/caverna-con-luz-FD-326x245.jpg 326w, https:\/\/puntocritico.com\/ausajpuntocritico\/wp-content\/uploads\/2024\/10\/caverna-con-luz-FD-80x60.jpg 80w, https:\/\/puntocritico.com\/ausajpuntocritico\/wp-content\/uploads\/2024\/10\/caverna-con-luz-FD.jpg 425w\" sizes=\"auto, (max-width: 400px) 100vw, 400px\" \/><figcaption id=\"caption-attachment-2302001\" class=\"wp-caption-text\"><span style=\"color: #008000;\">Caverna con una abertura por la que entra la luz: excelente ilustraci\u00f3n del estado de ignorancia innata en que yacemos mientras no ascendamos hacia la verdad.<\/span><\/figcaption><\/figure>\n<p>&nbsp;<\/p>\n<p style=\"text-align: justify;\"><span style=\"font-size: 14pt;\">\u2013 \u00bf<strong><span lang=\"ES-TRAD\">Y<\/span><\/strong> no ocurrir\u00e1 lo mismo con los objetos que pasan detr\u00e1s de ellos? <\/span><\/p>\n<p style=\"text-align: justify;\"><span style=\"font-size: 14pt;\"><em>\u2013 Desde luego. <\/em><\/span><\/p>\n<p style=\"text-align: justify;\"><span style=\"font-size: 14pt;\">\u2013\u00a0<strong><span lang=\"ES-TRAD\">S<\/span><\/strong>i, pues, tuviesen que dialogar unos con otros, \u00bfno crees que convendr\u00edan en dar a las sombras que ven los nombres de las cosas? <\/span><\/p>\n<p style=\"text-align: justify;\"><span style=\"font-size: 14pt;\"><em>\u2013 Por fuerza. <\/em><\/span><\/p>\n<p style=\"text-align: justify;\"><span style=\"font-size: 14pt;\">\u2013\u00a0<strong><span lang=\"ES-TRAD\">P<\/span><\/strong>ero sup\u00f3n que la prisi\u00f3n dispusiese de un eco que repitiese las palabras de los que pasan. \u00bfNo crees que cuando hablase alguno de estos pensar\u00edan que eran las sombras mismas las que hablaban? <\/span><\/p>\n<p style=\"text-align: justify;\"><span style=\"font-size: 14pt;\"><em>\u2013 No, \u00a1por Zeus! -dijo.<\/em><\/span><\/p>\n<p style=\"text-align: justify;\"><span style=\"font-size: 14pt;\">\u2013\u00a0<strong><span lang=\"ES-TRAD\">C<\/span><\/strong>iertamente -indiqu\u00e9-, esos hombres tendr\u00edan que pensar que lo \u00fanico verdadero son las sombras.<\/span><\/p>\n<p style=\"text-align: justify;\"><span style=\"font-size: 14pt;\"><em>\u2013 Con entera necesidad -dijo.<\/em><\/span><\/p>\n<p>&nbsp;<\/p>\n<p><a href=\"https:\/\/puntocritico.com\/ausajpuntocritico\/2017\/11\/21\/la-filosofia-y-los-mitos-politicos-por-ernst-cassirer\/\"><img loading=\"lazy\" decoding=\"async\" class=\"aligncenter wp-image-2287517\" src=\"https:\/\/puntocritico.com\/ausajpuntocritico\/wp-content\/uploads\/2023\/09\/doxa-y-poder-mito-de-la-caverna-PPAL-300x169.jpg\" alt=\"\" width=\"480\" height=\"270\" srcset=\"https:\/\/puntocritico.com\/ausajpuntocritico\/wp-content\/uploads\/2023\/09\/doxa-y-poder-mito-de-la-caverna-PPAL-300x169.jpg 300w, https:\/\/puntocritico.com\/ausajpuntocritico\/wp-content\/uploads\/2023\/09\/doxa-y-poder-mito-de-la-caverna-PPAL.jpg 678w\" sizes=\"auto, (max-width: 480px) 100vw, 480px\" \/><\/a><\/p>\n<p align=\"center\">\u00a0<\/p>\n<h3 style=\"text-align: center;\" align=\"center\"><strong><span style=\"font-size: 18.0pt;\">Es doloroso salir de la caverna de la ignorancia<\/span><\/strong><\/h3>\n<p style=\"text-align: justify;\"><span style=\"font-size: 14pt;\">\u2013\u00a0<strong><span lang=\"ES-TRAD\">C<\/span><\/strong>onsidera, pues -a\u00f1ad\u00ed-, la situaci\u00f3n de los prisioneros, una vez liberados de las cadenas y curados de su insensatez. \u00bfQu\u00e9 les ocurrir\u00eda si volviesen a su estado natural? Indudablemente, cuando alguno de ellos quedase desligado y se se le obligase a levantarse s\u00fabitamente, a torcer el cuello y a caminar y a dirigir la mirada hacia la luz, har\u00eda todo esto con dolor, y con el centelleo de la luz se ver\u00eda imposibilitado de distinguir los objetos cuyas sombras percib\u00eda con anterioridad. \u00bfQu\u00e9 crees que podr\u00eda contestar ese hombre si alguien le dijese que entonces solo ve\u00eda bagatelas y que ahora, en cambio, estaba m\u00e1s cerca del ser y de objetos m\u00e1s verdaderos? Sup\u00f3n adem\u00e1s que al presentarle a cada uno de los transe\u00fantes, le obligasen a decir lo que es cada uno de ellos. \u00bfNo piensas que le alcanzar\u00eda gran dificultad y que juzgar\u00eda las cosas vistas anteriormente como m\u00e1s verdaderas que las que ahora se le muestran? <\/span><\/p>\n<p style=\"text-align: justify;\"><span style=\"font-size: 14pt;\"><em>\u2013 Sin duda alguna contest\u00f3.<\/em><\/span><\/p>\n<p style=\"text-align: justify;\"><span style=\"font-size: 14pt;\">\u2013\u00a0<strong><span lang=\"ES-TRAD\">Y<\/span><\/strong> si, por a\u00f1adidura, se le forzase a mirar a la luz misma, \u00bfno sentir\u00eda sus ojos doloridos y tratar\u00eda de huir, volvi\u00e9ndose hacia las sombras que contempla con facilidad y pensando que son ellas m\u00e1s reales y di\u00e1fanas que todo lo que se le muestra?<\/span><\/p>\n<p style=\"text-align: justify;\"><span style=\"font-size: 14pt;\"><em>\u2013 Eso ocurrir\u00eda -dijo.<\/em><\/span><\/p>\n<p style=\"text-align: justify;\"><span style=\"font-size: 14pt;\">\u2013\u00a0<strong><span lang=\"ES-TRAD\">Y<\/span><\/strong> si ahora le llevasen a la fuerza por la \u00e1spera y escarpada subida y no le dejasen de la mano hasta enfrentarse con la luz del sol, \u00bfno sufrir\u00eda dolor y se indignar\u00eda contra el que le arrastrase, y luego, cuando estuviese ante la luz, no tendr\u00eda los ojos hartos de tanto resplandor, hasta el punto de no poder ver ninguno de los objetos que llamamos verdaderos?<\/span><\/p>\n<p style=\"text-align: justify;\"><span style=\"font-size: 14pt;\"><em>\u2013 Es claro que, de momento, no podr\u00eda hacerlo -dijo.<\/em><\/span><\/p>\n<p style=\"text-align: justify;\"><span style=\"font-size: 14pt;\">\u2013\u00a0<strong><span lang=\"ES-TRAD\">S<\/span><\/strong>olo la fuerza de la costumbre, creo yo, le habituar\u00eda a ver las cosas de lo alto. Primero, distinguir\u00eda con m\u00e1s facilidad las sombras, y despu\u00e9s de esto, las im\u00e1genes de los hombres y dem\u00e1s objetos, reflejados en las aguas; por \u00faltimo, percibir\u00eda los objetos mismos. En adelante, le resultar\u00eda m\u00e1s f\u00e1cil contemplar por la noche las cosas del cielo y el mismo cielo, mirando para ello a la luz de las estrellas y a la luna, que durante el d\u00eda el sol y todo lo que a \u00e9l pertenece.<\/span><\/p>\n<p style=\"text-align: justify;\"><span style=\"font-size: 14pt;\"><em>\u2013 \u00bfC\u00f3mo no?<\/em><\/span><\/p>\n<p style=\"text-align: justify;\"><span style=\"font-size: 14pt;\">\u2013\u00a0<strong><span lang=\"ES-TRAD\">Y<\/span><\/strong> finalmente, seg\u00fan yo creo, podr\u00eda ver y contemplar el sol, no en sus im\u00e1genes reflejadas en las aguas, ni en otro lugar extra\u00f1o, sino en s\u00ed mismo y tal cual es.<\/span><\/p>\n<p style=\"text-align: justify;\"><span style=\"font-size: 14pt;\"><em>\u2013 Necesariamente -dijo.<\/em><\/span><\/p>\n<p style=\"text-align: justify;\"><span style=\"font-size: 14pt;\">\u2013\u00a0<strong><span lang=\"ES-TRAD\">E<\/span><\/strong>ntonces, ya le ser\u00eda posible deducir, respecto al sol, que es \u00e9l quien produce las estaciones y los a\u00f1os y endereza a la vez todo lo que acontece en la regi\u00f3n visible, siendo, por tanto, la causa de todas las cosas que se ve\u00edan en la caverna.<\/span><\/p>\n<p style=\"text-align: justify;\"><span style=\"font-size: 14pt;\"><em>\u2013 Est\u00e1 claro -dijo- que despu\u00e9s de todo aquello vendr\u00eda a parar en estas conclusiones.<\/em><\/span><\/p>\n<p>&nbsp;<\/p>\n<p><a href=\"https:\/\/puntocritico.com\/ausajpuntocritico\/2022\/01\/11\/narcisismo-y-psicopatia-3\/\"><img loading=\"lazy\" decoding=\"async\" class=\"aligncenter wp-image-2234223\" src=\"https:\/\/puntocritico.com\/ausajpuntocritico\/wp-content\/uploads\/2021\/11\/La-Caverna-Tecnologica-PPAL-300x199.jpg\" alt=\"\" width=\"440\" height=\"292\" srcset=\"https:\/\/puntocritico.com\/ausajpuntocritico\/wp-content\/uploads\/2021\/11\/La-Caverna-Tecnologica-PPAL-300x199.jpg 300w, https:\/\/puntocritico.com\/ausajpuntocritico\/wp-content\/uploads\/2021\/11\/La-Caverna-Tecnologica-PPAL-610x405.jpg 610w, https:\/\/puntocritico.com\/ausajpuntocritico\/wp-content\/uploads\/2021\/11\/La-Caverna-Tecnologica-PPAL-678x452.jpg 678w, https:\/\/puntocritico.com\/ausajpuntocritico\/wp-content\/uploads\/2021\/11\/La-Caverna-Tecnologica-PPAL.jpg 680w\" sizes=\"auto, (max-width: 440px) 100vw, 440px\" \/><\/a><\/p>\n<p align=\"center\">\u00a0<\/p>\n<h3 style=\"text-align: center;\" align=\"center\"><strong><span style=\"font-size: 18.0pt;\">La alegr\u00eda de ver y la compasi\u00f3n hacia los ciegos<\/span><\/strong><\/h3>\n<p style=\"text-align: justify;\"><span style=\"font-size: 14pt;\">\u2013\u00a0<strong><span lang=\"ES-TRAD\">P<\/span><\/strong>ues qu\u00e9, \u00bfqu\u00e9 ocurrir\u00eda cuando recordase su primera morada y la ciencia de que tanto \u00e9l como sus compa\u00f1eros de prisi\u00f3n disfutaban all\u00ed? \u00bfNo crees que se regocijar\u00eda con el cambio y que compadecer\u00eda la situaci\u00f3n de aquellos? <\/span><\/p>\n<p style=\"text-align: justify;\"><span style=\"font-size: 14pt;\"><em>\u2013 Desde luego.<\/em><\/span><\/p>\n<p style=\"text-align: justify;\"><span style=\"font-size: 14pt;\">\u2013 \u00bf<strong><span lang=\"ES-TRAD\">Y<\/span><\/strong>\u00a0te parece que llegar\u00eda a desear los honores, las alabanzas o las recompensas que se conced\u00edan en la caverna a los que demostraban m\u00e1s agudeza al contemplar las sombras que pasaban y y acordarse con m\u00e1s certidumbre del orden que ocupaban, circunstancia m\u00e1s propicia que ninguna otra para la profec\u00eda del futuro? \u00bfPodr\u00eda sentir envidia de los que recibiesen esos honores o disfrutasen de ese poder, o experimentar\u00eda los mismo que\u00a0<strong>Homero<\/strong>, esto es, que prefirir\u00eda m\u00e1s que nada\u00a0<em>\u00abser labriego al servicio de otro hombre sin bienes\u00bb<\/em> o sufrir cualquier otra vicisitud que que sobrellevar la vida de aquellos en un mundo de mera opini\u00f3n?<\/span><\/p>\n<p style=\"text-align: justify;\"><span style=\"font-size: 14pt;\"><em>\u2013 A mi juicio -dijo-, aceptar\u00eda vivir as\u00ed antes que amoldarse a una vida como la de aquellos.<\/em><\/span><\/p>\n<p style=\"text-align: justify;\"><span style=\"font-size: 14pt;\">\u2013\u00a0<strong><span lang=\"ES-TRAD\">P<\/span><\/strong>ues ahora medita un poco en esto -a\u00f1ad\u00ed-. Si vuelto de nuevo a la caverna, disfrutase all\u00ed del mismo asiento, \u00bfno piensas que es mismo cambio, esto es, el abandono s\u00fabito de la luz del sol, deslumbrar\u00eda sus ojos hasta cegarle?<\/span><\/p>\n<p style=\"text-align: justify;\"><span style=\"font-size: 14pt;\"><em>\u2013 En efecto -dijo.<\/em><\/span><\/p>\n<p style=\"text-align: justify;\"><span style=\"font-size: 14pt;\">\u2013\u00a0<strong><span lang=\"ES-TRAD\">S<\/span><\/strong>up\u00f3n tambi\u00e9n que tenga que disputar otra vez con los que contin\u00faan en la prisi\u00f3n, dando a conocer su parecer sobre las sombras en el momento en que a\u00fan mantiene su cortedad de vista y no ha llegado a alcanzar la plenitud de la visi\u00f3n. Desde luego, ser\u00e1 corto el tiempo de habituaci\u00f3n a su nuevo estado, pero \u00bfno mover\u00eda a risa y no obligar\u00eda a decir que, precisamente por haber salido fuera de la caverna hab\u00eda perdido la vista, y que, por tanto, no conven\u00eda intentar esa subida? \u00bfNo proceder\u00edan a dar muerte, si pudiesen cogerle en sus manos y matarle, al que intentase desatarles y obligarles a la ascensi\u00f3n?<\/span><\/p>\n<p style=\"text-align: justify;\"><span style=\"font-size: 14pt;\"><em>\u2013 Sin duda -dijo.<\/em><\/span><\/p>\n<p>&nbsp;<\/p>\n<p><a href=\"https:\/\/puntocritico.com\/ausajpuntocritico\/2022\/01\/11\/narcisismo-y-psicopatia-3\/\"><img loading=\"lazy\" decoding=\"async\" class=\"aligncenter wp-image-23630\" src=\"https:\/\/puntocritico.com\/ausajpuntocritico\/wp-content\/uploads\/2019\/11\/La-Caverna-Platon-300x158.png\" alt=\"\" width=\"480\" height=\"252\" srcset=\"https:\/\/puntocritico.com\/ausajpuntocritico\/wp-content\/uploads\/2019\/11\/La-Caverna-Platon-300x158.png 300w, https:\/\/puntocritico.com\/ausajpuntocritico\/wp-content\/uploads\/2019\/11\/La-Caverna-Platon-768x403.png 768w, https:\/\/puntocritico.com\/ausajpuntocritico\/wp-content\/uploads\/2019\/11\/La-Caverna-Platon-1024x538.png 1024w, https:\/\/puntocritico.com\/ausajpuntocritico\/wp-content\/uploads\/2019\/11\/La-Caverna-Platon.png 1200w\" sizes=\"auto, (max-width: 480px) 100vw, 480px\" \/><\/a><\/p>\n<p align=\"center\">\u00a0<\/p>\n<h3 style=\"text-align: center;\" align=\"center\"><strong><span style=\"font-size: 18.0pt;\">El secreto de una vida\u00a0sensata, p\u00fablica y privada<\/span><\/strong><\/h3>\n<p style=\"text-align: justify;\"><span style=\"font-size: 14pt;\">\u2013\u00a0<strong><span lang=\"ES-TRAD\">P<\/span><\/strong>ues bien, mi querido <strong>Glauc\u00f3n<\/strong> -dije-: toda esta imagen debe ponerse en relaci\u00f3n con lo dicho anteriormente; por ejemplo, la realidad que la vista nos proporciona con la morada de los prisioneros, y esa luz del fuego de que se habla con el poder del sol. No te equivocar\u00e1s si comparas esa subida al mundo de arriba y la contemplaci\u00f3n de las cosas que en \u00e9l hay, con la ascensi\u00f3n del alma hasta la regi\u00f3n de lo inteligible. Este es mi pensamiento que tanto deseabas escuchar. S\u00f3lo Dios sabe si est\u00e1 conforme con la realidad. Pero seguir\u00e9 d\u00e1ndotelo a conocer: lo \u00faltimo que se percibe, aunque ya dif\u00edcilmente, en el mundo inteligible es la idea del bien, idea que, una vez percibida, da pie para afirmar que es la causa de todo lo recto y hermoso que existe en todas las cosas. En el mundo visible ha producido la luz y el astro se\u00f1or de esta, y en el inteligible, la verdad y el puro conocimiento. Conviene, pues, que tenga los ojos fijos en ella quien quiera proceder sensatamente tanto en su vida p\u00fablica como privada.<\/span><\/p>\n<p style=\"text-align: justify;\"><span style=\"font-size: 14pt;\"><em>\u2013 Convengo contigo -afirm\u00f3- en la medida en que ello me es posible.<\/em><\/span><\/p>\n<p style=\"text-align: justify;\"><span style=\"font-size: 14pt;\">\u2013\u00a0<strong><span lang=\"ES-TRAD\">T<\/span><\/strong>endr\u00e1s que convenir tambi\u00e9n -dije yo- que no hay raz\u00f3n para extra\u00f1arse de que los que han llegado a esa contemplaci\u00f3n no deseen ocuparse ya de las cosas humanas y anhelen m\u00e1s que sus almas asciendan a lo alto. Parece l\u00f3gico que ocurra as\u00ed, si lo que digo se muestra de acuerdo con la imagen ya referida.<\/span><\/p>\n<p style=\"text-align: justify;\"><span style=\"font-size: 14pt;\"><em>\u2013 L\u00f3gico de todo punto -dijo.<\/em><\/span><\/p>\n<p style=\"text-align: justify;\"><span style=\"font-size: 14pt;\">\u2013\u00a0<strong><span lang=\"ES-TRAD\">P<\/span><\/strong>ues qu\u00e9, \u00bfjuzgas extra\u00f1o -pregunt\u00e9- que al pasar un hombre de la contemplaci\u00f3n de la cosas divinas a las miserias humanas, obre torpemente y caiga en el m\u00e1s deplorable de los rid\u00edculos cuando, con toda su cortedad de vista y no suficientemente habituado a las tinieblas, se vea obligado a discutir sobre las sombras de lo justo o las im\u00e1genes de que son reflejo esas mismas sombras, e incluso a luchas por esa causa, precisamente con quienes no han tenido nunca ocasi\u00f3n de admirar la justicia en s\u00ed?<\/span><\/p>\n<p style=\"text-align: justify;\"><span style=\"font-size: 14pt;\"><em>\u2013 Nada extra\u00f1o me parece -dijo.<\/em><\/span><\/p>\n<p style=\"text-align: justify;\"><span style=\"font-size: 14pt;\">\u2013\u00a0<strong><span lang=\"ES-TRAD\">C<\/span><\/strong>onviene, pues -dije yo, si esto que se dice es verdad, formular la siguiente conclusi\u00f3n: que la educaci\u00f3n no hemos de entenderla como nos la prescriben algunos. Dicen estos que podr\u00edan proporcionar la ciencia al alma que carece de ella, igual que si se tratase de dar luz a unos ojos ciegos.<\/span><\/p>\n<p style=\"text-align: justify;\"><span style=\"font-size: 14pt;\"><em>\u2013 S\u00ed, eso dicen -afirm\u00f3. Habr\u00e1, pues, que precisar cu\u00e1l ser\u00e1 el arte que m\u00e1s convenga, por su utilidad y eficacia, para la rotaci\u00f3n de que hablamos. Es claro que este arte no producir\u00e1 la visi\u00f3n, sino que tratar\u00e1 de enderezar el \u00f3rgano que, teniendo vista, no se ordena ni mira hacia donde debe.<\/em><\/span><\/p>\n<p style=\"text-align: justify;\"><span style=\"font-size: 14pt;\">\u2013\u00a0<strong><span lang=\"ES-TRAD\">C<\/span><\/strong>orresponde, pues a nosotros -a\u00f1ad\u00ed- obligar a los hombres de mejor condici\u00f3n a que se apliquen al conocimiento que antes consider\u00e1bamos como el m\u00e1s importante, con objeto de que contemplen el bien y practiquen la ascensi\u00f3n aquella. Luego, despu\u00e9s de haber realizado la subida y contemplado de manera suficiente el bien, no podr\u00e1 permit\u00edrseles lo que ahora se les permite.<\/span><\/p>\n<p>&nbsp;<\/p>\n<p><a href=\"https:\/\/puntocritico.com\/ausajpuntocritico\/2024\/03\/27\/la-decadencia-de-la-mentira-por-oscar-wilde-2\/\"><img loading=\"lazy\" decoding=\"async\" class=\"aligncenter wp-image-23631\" src=\"https:\/\/puntocritico.com\/ausajpuntocritico\/wp-content\/uploads\/2019\/11\/La-Caverna-Platon-2-300x134.png\" alt=\"\" width=\"440\" height=\"197\" srcset=\"https:\/\/puntocritico.com\/ausajpuntocritico\/wp-content\/uploads\/2019\/11\/La-Caverna-Platon-2-300x134.png 300w, https:\/\/puntocritico.com\/ausajpuntocritico\/wp-content\/uploads\/2019\/11\/La-Caverna-Platon-2.png 335w\" sizes=\"auto, (max-width: 440px) 100vw, 440px\" \/><\/a><\/p>\n<p align=\"center\">\u00a0<\/p>\n<h3 style=\"text-align: center;\" align=\"center\"><strong><span style=\"font-size: 18.0pt;\">El Gobierno de la Bondad, la Justicia y la Belleza\u00a0<\/span><\/strong><\/h3>\n<p style=\"text-align: justify;\"><span style=\"font-size: 14pt;\"><em>\u2013 \u00bfY qu\u00e9 es eso?<\/em><\/span><\/p>\n<p style=\"text-align: justify;\"><span style=\"font-size: 14pt;\">\u2013\u00a0<strong><span lang=\"ES-TRAD\">E<\/span><\/strong>l que permanezcan en la situaci\u00f3n referida, sin querer bajar de nuevo hasta la caverna de los prisioneros ni participar en los trabajos y en los honores de estos, sean de poco o de mucho valor.<\/span><\/p>\n<p style=\"text-align: justify;\"><span style=\"font-size: 14pt;\"><em>\u2013 Si es as\u00ed -dijo-, \u00bfno cometeremos una injusticia con ellos y haremos que vivan peor cuando les es posible vivir mejor?<br \/>\n<\/em>\u2013\u00a0<strong><span lang=\"ES-TRAD\">C<\/span><\/strong>reo que echas en olvido, querido amigo -objet\u00e9-, que es indiferente para la ciudad que exista en ella una clase de hombres priviligiados, pues el objetivo importante es que alcance este honor a todos los ciudadanos. Lo que interesa a la ley es llevar el orden a los que viven en la ciudad, bien sea por el convencimiento o por la fuerza, haciendo a la vez que unos ciudadanos presten a los otros el apoyo que necesiten para el bien de la comunidad y formando ciudadanos de esa clase en la ciudad, no para dejarles cumplir su capricho, sino para servirse de ellos con miras a la unificaci\u00f3n de aquella.<\/span><br \/>\n<span style=\"font-size: 14pt;\"><em>\u2013 Ciertamente -repuso- ya lo echaba en olvido.<\/em><\/span><\/p>\n<p style=\"text-align: justify;\"><span style=\"font-size: 14pt;\">\u2013\u00a0<strong><span lang=\"ES-TRAD\">P<\/span><\/strong>ero a vosotros os hemos dado nosotros el ser, con objeto de que lo emple\u00e9is en vuestro provecho y en el de la ciudad, como jefes y reyes de la colmena, mejor y m\u00e1s celosamente educados. Os convendr\u00e1 descender a la morada de los dem\u00e1s para acostumbrar vuestros ojos a las tinieblas. Y una vez que hay\u00e1is adquirido ese h\u00e1bito, ver\u00e9is mucho mejor que los de all\u00ed\u2026 porque habr\u00e9is visto ya la verdad en relaci\u00f3n con lo bello, lo justo y lo bueno. De este modo nuestra ciudad y la vuestra ser\u00e1 una plena realidad y no un sue\u00f1o, como ocurre ahora a la mayor\u00eda de ellas, con las luchas f\u00fatiles y las disputas de unos ciudadanos con otros por el poder, al igual que si se tratase de alg\u00fan gran bien. La verdad, sencillamente, se reduce a esto: la ciudad en la que muestren menos deseos de gobernar los que deben hacerlo ser\u00e1, sin duda, la mejor y necesariamente la m\u00e1s tranquila; y ocurrir\u00e1 lo contrario en aquella que presenten un cariz de gobierno distinto.<\/span><\/p>\n<p>&nbsp;<\/p>\n<figure id=\"attachment_2302001\" aria-describedby=\"caption-attachment-2302001\" style=\"width: 425px\" class=\"wp-caption aligncenter\"><img loading=\"lazy\" decoding=\"async\" class=\"wp-image-2302001 size-full\" src=\"https:\/\/puntocritico.com\/ausajpuntocritico\/wp-content\/uploads\/2024\/10\/caverna-con-luz-FD.jpg\" alt=\"\" width=\"425\" height=\"319\" srcset=\"https:\/\/puntocritico.com\/ausajpuntocritico\/wp-content\/uploads\/2024\/10\/caverna-con-luz-FD.jpg 425w, https:\/\/puntocritico.com\/ausajpuntocritico\/wp-content\/uploads\/2024\/10\/caverna-con-luz-FD-300x225.jpg 300w, https:\/\/puntocritico.com\/ausajpuntocritico\/wp-content\/uploads\/2024\/10\/caverna-con-luz-FD-326x245.jpg 326w, https:\/\/puntocritico.com\/ausajpuntocritico\/wp-content\/uploads\/2024\/10\/caverna-con-luz-FD-80x60.jpg 80w\" sizes=\"auto, (max-width: 425px) 100vw, 425px\" \/><figcaption id=\"caption-attachment-2302001\" class=\"wp-caption-text\"><span style=\"color: #008000;\">Caverna con una abertura por la que entra la luz: excelente ilustraci\u00f3n del estado de ignorancia innata en que yacemos mientras no ascendamos hacia la verdad.<\/span><\/figcaption><\/figure>\n<p style=\"text-align: center;\"><strong><span style=\"font-size: 18pt; color: #008000;\">* * *<\/span><\/strong><\/p>\n<p style=\"text-align: justify;\"><span style=\"font-size: 14pt;\"><strong>PLAT\u00d3N<\/strong>, extracto de\u00a0<em>La Rep\u00fablica o De la justicia<\/em>, libro VII. Obras completas, Aguilar, 1990. [FD, 22\/10\/2006]<\/span><\/p>\n<p style=\"text-align: justify;\">\u00a0<\/p>\n<p style=\"text-align: justify;\"><img loading=\"lazy\" decoding=\"async\" class=\"aligncenter wp-image-4530\" src=\"https:\/\/puntocritico.com\/ausajpuntocritico\/wp-content\/uploads\/2017\/08\/democracia-en-la-Antigua-Grecia-300x232.jpg\" alt=\"\" width=\"400\" height=\"309\" srcset=\"https:\/\/puntocritico.com\/ausajpuntocritico\/wp-content\/uploads\/2017\/08\/democracia-en-la-Antigua-Grecia-300x232.jpg 300w, https:\/\/puntocritico.com\/ausajpuntocritico\/wp-content\/uploads\/2017\/08\/democracia-en-la-Antigua-Grecia-768x594.jpg 768w, https:\/\/puntocritico.com\/ausajpuntocritico\/wp-content\/uploads\/2017\/08\/democracia-en-la-Antigua-Grecia.jpg 980w\" sizes=\"auto, (max-width: 400px) 100vw, 400px\" \/><\/p>\n<p style=\"text-align: center;\"><strong><span style=\"color: #008000; font-size: 18pt;\">*******<\/span><\/strong><\/p>\n<div class=\"elementor-element elementor-element-3244f97 elementor-widget elementor-widget-theme-post-title elementor-page-title elementor-widget-heading\" data-id=\"3244f97\" data-element_type=\"widget\" data-widget_type=\"theme-post-title.default\">\n<div class=\"elementor-widget-container\">\n<h2 class=\"elementor-heading-title elementor-size-default\" style=\"text-align: center;\"><span style=\"font-size: 24pt;\">12-O: MORDER CABEZAS DE SERPIENTE<\/span><\/h2>\n<\/div>\n<\/div>\n<div class=\"elementor-element elementor-element-c084de0 elementor-widget elementor-widget-theme-post-excerpt\" data-id=\"c084de0\" data-element_type=\"widget\" data-widget_type=\"theme-post-excerpt.default\">\n<blockquote>\n<div class=\"elementor-widget-container\" style=\"text-align: center;\"><em><strong><span style=\"font-size: 14pt;\">Las elites criollas usurparon literalmente la identidad ind\u00edgena: para legitimar su poder frente a la vieja metr\u00f3poli, se calzaron el gorro de plumas mientras machacaban a los indios de verdad.<\/span><\/strong><\/em><\/div>\n<div style=\"text-align: center;\"><em><strong><span style=\"font-size: 14pt;\">Hay algo grotesco, obsceno, indecente, en la estampa de esos s\u00e1trapas que claman contra la vieja Espa\u00f1a, disfrazados de ind\u00edgenas, desde sus suntuosos palacios.<\/span><\/strong><\/em><\/div>\n<\/blockquote>\n<\/div>\n<p style=\"text-align: justify;\"><span style=\"font-size: 14pt;\">Por <a href=\"https:\/\/ideas.gaceta.es\/12-o-morder-cabezas-de-serpiente\/\" target=\"_blank\" rel=\"noopener\">Jos\u00e9 Javier Esparza<\/a>, 12 OCT 2024<\/span><\/p>\n<p style=\"text-align: justify;\"><img loading=\"lazy\" decoding=\"async\" class=\"aligncenter wp-image-2302207\" src=\"https:\/\/puntocritico.com\/ausajpuntocritico\/wp-content\/uploads\/2024\/10\/EuropaPress_1882765_venezuela__morales_expresa_apoyo_maduro_golpismo_eeuu_venezuela-e1728468518612-300x171.jpg\" alt=\"\" width=\"480\" height=\"274\" srcset=\"https:\/\/puntocritico.com\/ausajpuntocritico\/wp-content\/uploads\/2024\/10\/EuropaPress_1882765_venezuela__morales_expresa_apoyo_maduro_golpismo_eeuu_venezuela-e1728468518612-300x171.jpg 300w, https:\/\/puntocritico.com\/ausajpuntocritico\/wp-content\/uploads\/2024\/10\/EuropaPress_1882765_venezuela__morales_expresa_apoyo_maduro_golpismo_eeuu_venezuela-e1728468518612-1024x585.jpg 1024w, https:\/\/puntocritico.com\/ausajpuntocritico\/wp-content\/uploads\/2024\/10\/EuropaPress_1882765_venezuela__morales_expresa_apoyo_maduro_golpismo_eeuu_venezuela-e1728468518612-768x439.jpg 768w, https:\/\/puntocritico.com\/ausajpuntocritico\/wp-content\/uploads\/2024\/10\/EuropaPress_1882765_venezuela__morales_expresa_apoyo_maduro_golpismo_eeuu_venezuela-e1728468518612.jpg 1217w\" sizes=\"auto, (max-width: 480px) 100vw, 480px\" \/><\/p>\n<p style=\"text-align: justify;\">\u00a0<\/p>\n<p style=\"text-align: justify;\"><span style=\"font-size: 14pt;\">Cuenta <a href=\"https:\/\/puntocritico.com\/ausajpuntocritico\/2022\/08\/24\/estado-es-el-nombre-que-se-da-al-mas-frio-de-todos-los-monstruos-frios-por-friedrich-nietzsche-3\/\"><strong>Nietzsche<\/strong><\/a> que paseaba <a href=\"https:\/\/puntocritico.com\/ausajpuntocritico\/2022\/12\/29\/asi-hablo-zarathustra-por-friedrich-nietzsche-2\/\"><em><strong>Zaratustra<\/strong><\/em><\/a> por el campo cuando hall\u00f3 a un labrador en serio apuro: una negra serpiente se le hab\u00eda deslizado dentro de la boca y clavaba sus colmillos en la garganta del desdichado, que apenas pod\u00eda hacer otra cosa que implorar auxilio con ojos de espanto. <em><strong>Zaratustra<\/strong><\/em> se dirigi\u00f3 al campesino y \u2013cito de memoria\u2013 le increp\u00f3 con palabras parecidas a estas: \u201c<em><strong>\u00bfPor qu\u00e9 gimes? \u00a1Mu\u00e9rdela! \u00a1Mu\u00e9rdele la cabeza y esc\u00fapela lejos!<\/strong><\/em>\u201d. La truculenta escena vale como figura de esas situaciones en las que nuestra raz\u00f3n o nuestra acci\u00f3n quedan paralizadas por la superstici\u00f3n, el prejuicio, el dogma, la culpa o cualquier otro \u201c<em>relato<\/em>\u201d que sofoque la voluntad. Y este 12 de octubre, como todos los a\u00f1os, veremos un mont\u00f3n de serpientes negras colgando de la boca de miles de desdichados espa\u00f1oles.<\/span><\/p>\n<p style=\"text-align: justify;\"><span style=\"font-size: 14pt;\">El problema, en efecto, no son <strong>Maduro<\/strong> o <strong>Sheinbaum<\/strong> (<em>esos son otros problemas<\/em>). El problema es cu\u00e1ntos compatriotas han comprado el discurso del indigenismo impostado, del genocidio que nunca existi\u00f3, de la condena sumaria de Espa\u00f1a y del descubrimiento y conquista de Am\u00e9rica. Hoy ese discurso est\u00e1 solemnemente sentado en el Ministerio de Cultura de Espa\u00f1a, lo cual da fe de la gravedad del asunto. \u201c<em>Si Am\u00e9rica es pobre \u2013vienen a decirnos\u2013 es porque Espa\u00f1a todo se lo rob\u00f3<\/em>\u201d. <\/span><\/p>\n<p style=\"text-align: justify;\"><span style=\"font-size: 14pt;\">Al margen del peque\u00f1o detalle de que Am\u00e9rica no es pobre, multitud de estudios \u2013yo mismo he trabajado el tema en\u00a0<em>La cruzada del oc\u00e9ano<\/em>\u2014 demuestran que all\u00ed se qued\u00f3, por lo menos, dos tercios de lo que se extrajo, pero da igual,\u00a0<strong>porque la caracter\u00edstica fundamental del discurso condenatorio es que no ha estudiado nada<\/strong>. \u201c<em>Si los indios sufren <\/em>\u2013a\u00f1aden\u2013<em> es por el genocidio que Espa\u00f1a perpetr\u00f3<\/em>\u201d. Si Espa\u00f1a hubiera perpetrado un genocidio, hoy no habr\u00eda millones de ind\u00edgenas en Hispanoam\u00e9rica, pero la evidencia l\u00f3gica tampoco amilana a los vindicadores. \u201c<em>\u00bfY los muertos que denuncia Las Casas?<\/em>\u201d, rubrican con el aire de quien ha encontrado el argumento definitivo. Innumerables estudios han demostrado que la causa mayor de la mortandad ind\u00edgena no fue la guerra ni la esclavitud, sino los virus, bichitos cuya existencia se ignoraba en el siglo XVI (<em>v\u00e9ase la compilaci\u00f3n de Cook y Lovell\u00a0Juicios secretos de Dios,\u00a0ed. Abya Yala, 2000<\/em>), pero, una vez m\u00e1s, de poco sirven los estudios para quien ha decidido su verdad de antemano: la serpiente que se le aferra a la garganta.<\/span><\/p>\n<p style=\"text-align: justify;\"><span style=\"font-size: 14pt;\">En la conquista de Am\u00e9rica, que sin duda fue tan truculenta como todas las conquistas que en la Historia han sido, corri\u00f3 sangre, claro que s\u00ed. Mucha. No hay m\u00e1s que leer a los cronistas. Pero, en primer lugar,\u00a0<strong>no fue una guerra de espa\u00f1oles contra indios<\/strong>: ni <strong>Col\u00f3n<\/strong> en <em>La Espa\u00f1ola<\/em>, ni <strong>N\u00fa\u00f1ez de Balboa<\/strong> en <em>Panam\u00e1<\/em>, ni <strong>Cort\u00e9s<\/strong> en <em>M\u00e9xico<\/em> ni <strong>Pizarro<\/strong> en el <em>Per\u00fa<\/em> habr\u00edan obtenido otra cosa que una miserable tumba de no haber contado con el apoyo masivo de centenares de miles de indios \u2013desde <em>ta\u00ednos<\/em> en la Espa\u00f1ola hasta <em>huancas<\/em> y <em>tallanes<\/em> en Per\u00fa o <em>tlaxcaltecas<\/em> en M\u00e9xico\u2013 que se unieron a sus filas para liberarse de la brutal opresi\u00f3n a las que les somet\u00edan caribes, mexicas o incas. Despu\u00e9s, Espa\u00f1a cre\u00f3 all\u00ed su propio mundo y no lo hizo peor que los romanos o los \u00e1rabes que antes hab\u00edan conquistado la pen\u00ednsula ib\u00e9rica. Incluso lo hizo bastante mejor. <\/span><\/p>\n<p style=\"text-align: justify;\"><span style=\"font-size: 14pt;\"><strong>Nunca nadie antes hab\u00eda prohibido esclavizar a los vencidos, y Espa\u00f1a lo prohibi\u00f3 en 1504<\/strong>. Nunca nadie antes hab\u00eda dictado leyes de protecci\u00f3n laboral para los siervos \u2013en este caso, ind\u00edgenas\u2013, y Espa\u00f1a lo hizo desde 1512. Nunca nadie antes hab\u00eda reconocido la dignidad humana de las poblaciones dominadas, y Espa\u00f1a lo hizo en las sucesivas Leyes de Indias. Nunca nadie antes hab\u00eda sometido a juicio moral la legitimidad de sus conquistas, y Espa\u00f1a lo hizo en la <em>Controversia de Valladolid de 1550-1551<\/em>. Podemos seguir flagel\u00e1ndonos las espaldas, pero el hecho objetivo es que la conquista de Am\u00e9rica \u2013que s\u00ed, que fue una conquista armada\u2013, lejos de ser una monstruosa empresa depredadora, signific\u00f3 un trascendental paso adelante en la conciencia de la humanidad. Ser\u00eda magn\u00edfico que la izquierda espa\u00f1ola leyera un poquito m\u00e1s.<\/span><\/p>\n<p>&nbsp;<\/p>\n<p style=\"text-align: center;\"><span style=\"font-size: 18pt;\"><strong>El hip\u00f3crita s\u00e1trapa<\/strong><\/span><\/p>\n<p><img loading=\"lazy\" decoding=\"async\" class=\"aligncenter wp-image-2182626\" src=\"https:\/\/puntocritico.com\/ausajpuntocritico\/wp-content\/uploads\/2021\/04\/250px-Codex_Magliabechiano_141_cropped.jpg\" alt=\"\" width=\"280\" height=\"296\" \/><\/p>\n<p>&nbsp;<\/p>\n<p style=\"text-align: justify;\"><span style=\"font-size: 14pt;\">Algo que hay que decir tambi\u00e9n, necesariamente, sobre esa costumbre, cada vez m\u00e1s extendida al otro lado del mar, de conmemorar la \u201c<em>resistencia ind\u00edgena<\/em>\u201d contra el \u201c<em>opresor espa\u00f1ol<\/em>\u201d, viaje en el tiempo del que tuvimos un espectacular testimonio en la ceremonia de \u201c<em>inmersi\u00f3n azteca<\/em>\u201d de la se\u00f1ora <strong>Sheinbaum<\/strong>. Porque ocurre que la verdadera represi\u00f3n contra los amerindios, la m\u00e1s cruenta y letal, no fue la de los conquistadores espa\u00f1oles \u2013ni la que los propios amerindios hab\u00edan ejecutado antes sobre s\u00ed mismos, cosa que frecuentemente se olvida\u2013, sino la que acometieron las nuevas naciones hispanoamericanas\u00a0<em>despu\u00e9s de la independencia.<\/em>\u00a0<\/span><\/p>\n<p style=\"text-align: justify;\"><strong><span style=\"font-size: 14pt;\">L<\/span><\/strong><span style=\"font-size: 14pt;\"><strong>os espa\u00f1oles vencieron a los charr\u00faas, pero no los exterminaron<\/strong>. Quienes los aniquilaron fueron los <em>uruguayos<\/em> despu\u00e9s de la independencia. Las guerras m\u00e1s feroces contra los <em><strong>mapuches<\/strong><\/em> no fueron las libradas por los espa\u00f1oles y sus aliados indios del norte, sino las planificadas por <em>Chile<\/em> y <em>Argentina<\/em> entre 1878 y 1885. Despu\u00e9s \u2013mucho despu\u00e9s\u2013 de la independencia. <\/span><\/p>\n<p style=\"text-align: justify;\"><span style=\"font-size: 14pt;\">Fue igualmente\u00a0<em>despu\u00e9s de la independencia<\/em>\u00a0cuando se ejecutaron las campa\u00f1as de \u201c<a href=\"https:\/\/puntocritico.com\/ausajpuntocritico\/2020\/03\/30\/eugenesia-y-eutanasia-en-la-alemania-nazi-por-daniel-soutullo\/\"><em><strong>eugenesia<\/strong><\/em><\/a>\u201d en <em>Bolivia<\/em>, que consist\u00edan no s\u00f3lo en la esterilizaci\u00f3n de los ind\u00edgenas, sino tambi\u00e9n en su muerte f\u00edsica.\u00a0<strong>Todo eso se hizo en nombre del progreso y la modernidad<\/strong>. Lo mismo en <em>Colombia<\/em>, <em>Venezuela<\/em>, <em>Per\u00fa<\/em> o <em>M\u00e9xico<\/em>. En este \u00faltimo pa\u00eds, la desamortizaci\u00f3n de la <em>ley Lerdo (1856)<\/em> conden\u00f3 literalmente a morir por inanici\u00f3n a millares de ind\u00edgenas que conservaban sus tierras desde la \u00e9poca colonial.<\/span><\/p>\n<p style=\"text-align: justify;\"><span style=\"font-size: 14pt;\">\u00bfY todo eso por maldad? No necesariamente. <strong>Para las naciones liberales emancipadas, los ind\u00edgenas eran un obst\u00e1culo indeseable<\/strong>. La mayor parte de ellos hab\u00eda combatido para la corona en las guerras de la independencia, como los propios mapuches, y ah\u00ed estuvieron los <em>caciques<\/em> <strong>Huenchukir<\/strong>, <strong>Lincopi<\/strong> y <strong>Cheuquemilla<\/strong>, entre otros. Cuando <em>la corona<\/em> espa\u00f1ola abandon\u00f3 Am\u00e9rica, s\u00f3lo un 30% de la poblaci\u00f3n hablaba espa\u00f1ol. La construcci\u00f3n de naciones modernas exig\u00eda arrasar el campo, y a ello se emplearon las elites criollas. <\/span><\/p>\n<p style=\"text-align: justify;\"><span style=\"font-size: 14pt;\">En 1894 el historiador mejicano <strong>Joaqu\u00edn Garc\u00eda Icazbalceta<\/strong> escribe sobre los indios: \u201c<em>Y ah\u00ed est\u00e1n todav\u00eda, causando mil estragos, los restos de sus descendientes, que en tantos a\u00f1os no han tomado de la civilizaci\u00f3n sino el uso de las nuevas armas, y que al fin ser\u00e1 preciso exterminar por completo<\/em>\u201d. En 1931, <strong>Alejandro O. Deustua<\/strong> lamentaba la existencia de ind\u00edgenas en el Per\u00fa y elogiaba a Argentina por haberlos exterminado. Todo ello mientras esas mismas elites criollas inventaban un hip\u00f3crita discurso legitimador reivindicando para s\u00ed la herencia ind\u00edgena. Esa herencia que ellos estaban exterminando. \u00bfQui\u00e9n habla hoy de \u201c<em>genocidio<\/em>\u201d?<\/span><\/p>\n<p style=\"text-align: justify;\"><span style=\"font-size: 14pt;\">Las elites criollas usurparon literalmente la identidad ind\u00edgena: para legitimar su poder frente a la vieja metr\u00f3poli, se calzaron el gorro de plumas mientras machacaban a los indios de verdad.<strong>\u00a0Y bien, \u00bfqu\u00e9 han hecho con ese poder? Han pasado doscientos a\u00f1os. \u00a1Doscientos!\u00a0<\/strong>Hace doscientos a\u00f1os, <em>Espa\u00f1a<\/em> estaba devastada por la guerra con <em>Francia<\/em>, <em>Alemania<\/em> e <em>Italia<\/em> no exist\u00edan, los <em>Estados Unidos<\/em> eran una inconexa aglomeraci\u00f3n de territorios en la costa atl\u00e1ntica norteamericana, <em>Australia<\/em> no era m\u00e1s que la colonia penal de <em>Nueva Gales del Sur<\/em> y el salario de un campesino europeo, seg\u00fan <strong>Humboldt<\/strong>, era inferior al de un labrador mejicano. <strong>\u00bfQu\u00e9 es hoy, doscientos a\u00f1os despu\u00e9s, la Am\u00e9rica emancipada bajo la direcci\u00f3n de aquellas elites criollas? Que contesten ellos. Pero la culpa no es de Espa\u00f1a<\/strong>.<\/span><\/p>\n<p style=\"text-align: justify;\"><span style=\"font-size: 14pt;\">Las naciones hispanoamericanas, en general, son un mundo de enormes promesas. No s\u00f3lo hay riquezas naturales. Hay adem\u00e1s una cultura social pujante. Y personalidades de relieve impresionante en todos los \u00e1mbitos. Y una vitalidad sin par, que ya quisi\u00e9ramos en Europa. Y adem\u00e1s, para un espa\u00f1ol, es necesariamente\u00a0<em>nuestro mundo,<\/em>\u00a0porque habla nuestra lengua, lleva nuestros nombres y reza a nuestro mismo Dios. Por eso duele.\u00a0<strong>\u00bfC\u00f3mo no amar a nuestra Am\u00e9rica?<\/strong>\u00a0<\/span><\/p>\n<p style=\"text-align: justify;\"><span style=\"font-size: 14pt;\">Pero ese discurso neo indigenista, tan hip\u00f3crita, tan falsario, la est\u00e1 matando. El nuevo indigenismo est\u00e1 actuando, en la pr\u00e1ctica, como un t\u00edpico recurso de \u201c<em>falsa conciencia<\/em>\u201d, por emplear la terminolog\u00eda marxista<em>\u00a0(<\/em><em>falsche Bewutseins)<\/em>: se hace creer a la gente una realidad que no es para ocultarle la verdad sobre sus condiciones materiales de existencia. Es la serpiente cuya cabeza hay que morder.<\/span><\/p>\n<p style=\"text-align: justify;\"><span style=\"font-size: 14pt;\"><strong>Alienaci\u00f3n de la identidad<\/strong>: poniendo en escena una supuesta ceremonia religiosa mexica, el poder trata de conducir a los mejicanos a asumir como propia una identidad que no es realmente la suya, sino otra reconstruida artificialmente y con la que no cabe identificaci\u00f3n alguna, porque nadie guarda memoria veraz de ese mundo tan remoto y ajeno. \u00bfQui\u00e9n mantiene en su casa, en sus antepasados directos o en su comunidad el\u00a0<em>tlahuizmatlaxopilli<\/em>\u00a0de <em>Matlatzincatzin<\/em> del que Cort\u00e9s se apoder\u00f3 en Otumba?\u00a0<strong>La operaci\u00f3n tiene algo de criminal: el poder provee al pueblo de una identidad que s\u00f3lo el poder puede conceder<\/strong>. <\/span><\/p>\n<p style=\"text-align: justify;\"><span style=\"font-size: 14pt;\">En consecuencia, el pueblo, para entenderse a s\u00ed mismo, necesita del poder, queda irremediablemente subordinado a la voz del poderoso, convertido en el \u00fanico ente capaz de decirle al pueblo qui\u00e9n es. Segunda derivada: como esta resignificaci\u00f3n de la identidad popular necesariamente disuelve las identidades populares reales, construidas desde hace siglos en torno a la pertenencia nacional, las naciones dejan de ser instancia de soberan\u00eda y, en el mismo movimiento, la democracia pasa a subordinarse a la nueva definici\u00f3n del Estado. El poder se inventa un pueblo nuevo. Para manipularlo mejor.<\/span><\/p>\n<p style=\"text-align: justify;\"><span style=\"font-size: 14pt;\">Hay algo grotesco, obsceno, indecente, en la estampa de esos s\u00e1trapas que claman contra la vieja <em>Espa\u00f1a<\/em>, disfrazados de ind\u00edgenas, desde sus suntuosos palacios. La fortuna de <strong>Cristina Fern\u00e1ndez de Kirchner<\/strong>, presidenta de <em>Argentina<\/em>, se multiplic\u00f3 por 32 desde que lleg\u00f3 al poder: de dos millones de pesos a 64 en doce a\u00f1os. La fortuna de <strong>Evo Morales<\/strong>, seg\u00fan la Contralor\u00eda General del Estado de <em>Bolivia<\/em>, se multiplic\u00f3 por tres en apenas seis a\u00f1os de mandato. <strong>Maduro<\/strong> y las <em><strong>hijas de<\/strong><\/em> <strong>Ch\u00e1vez<\/strong> gastan 2,6 millones de euros diarios, seg\u00fan denunci\u00f3 la oposici\u00f3n con asiento en las propias cifras oficiales.<\/span><\/p>\n<p>&nbsp;<\/p>\n<blockquote>\n<p style=\"text-align: center;\"><span style=\"font-size: 14pt; color: #008000;\"><strong>La investigaci\u00f3n sobre la Banca Privada de Andorra puso al descubierto el sucio tr\u00e1fico de dinero negro de la nueva oligarqu\u00eda venezolana<\/strong><\/span><\/p>\n<\/blockquote>\n<p>&nbsp;<\/p>\n<p style=\"text-align: justify;\"><span style=\"font-size: 14pt;\"><strong>La investigaci\u00f3n sobre la Banca Privada de Andorra puso al descubierto el sucio tr\u00e1fico de dinero negro de la nueva oligarqu\u00eda venezolana<\/strong>. Esas\u00a0<strong>nuevas oligarqu\u00edas<\/strong>, aupadas en la cima de una monta\u00f1a de oro, reciben al pueblo que les grita \u201c<em>\u00bfD\u00f3nde est\u00e1 nuestro dinero?<\/em>\u201d y contestan: \u201c<em>\u00a1Se lo llevaron los espa\u00f1oles!<\/em>\u201d. Y en Espa\u00f1a no faltan almas simples dispuestas a decir, que s\u00ed, que la culpa es nuestra. Hay que ser imb\u00e9cil.<\/span><\/p>\n<p style=\"text-align: justify;\"><span style=\"font-size: 14pt;\">\u00bfCulpa? \u00bfGenocidio? \u00bfExplotaci\u00f3n? Basta ya. Mu\u00e9rdela. Mu\u00e9rdele la cabeza y esc\u00fapela lejos. Como la serpiente del desdichado campesino de <strong>Zaratustra<\/strong>. No s\u00f3lo los espa\u00f1oles. Tambi\u00e9n los hispanoamericanos. Quiz\u00e1s ellos necesitan m\u00e1s que nadie\u00a0<em>morder.<\/em><\/span><\/p>\n<p>&nbsp;<\/p>\n<p><img loading=\"lazy\" decoding=\"async\" class=\"aligncenter wp-image-1476263\" src=\"https:\/\/puntocritico.com\/ausajpuntocritico\/wp-content\/uploads\/2020\/12\/heracles-matando-serpientes-copia-300x246.jpg\" alt=\"\" width=\"330\" height=\"271\" srcset=\"https:\/\/puntocritico.com\/ausajpuntocritico\/wp-content\/uploads\/2020\/12\/heracles-matando-serpientes-copia-300x246.jpg 300w, https:\/\/puntocritico.com\/ausajpuntocritico\/wp-content\/uploads\/2020\/12\/heracles-matando-serpientes-copia.jpg 500w\" sizes=\"auto, (max-width: 330px) 100vw, 330px\" \/><\/p>\n<p>&nbsp;<\/p>\n<p style=\"text-align: center;\"><span style=\"font-size: 18pt;\"><strong><span style=\"color: #008000;\">*******<\/span><\/strong><\/span><\/p>\n<h2 style=\"text-align: justify;\"><span style=\"font-size: 14pt;\"><strong>RELACIONADOS:<\/strong><\/span><\/h2>\n<blockquote class=\"wp-embedded-content\" data-secret=\"m14KWFTDZg\"><p><a href=\"https:\/\/puntocritico.com\/ausajpuntocritico\/2024\/03\/13\/grandes-exitos-de-la-justicia-espanola-1978-2023-delitos-de-politicos\/\">GRANDES \u00c9XITOS DE LA JUSTICIA ESPA\u00d1OLA (1978 &#8211; 2023): DELITOS DE POL\u00cdTICOS: Una breve e incompleta lista, que puede explicar causas y efectos de los nombramientos arbitrarios de jueces (y muchas otras cosas)<\/a><\/p><\/blockquote>\n<p><iframe loading=\"lazy\" class=\"wp-embedded-content\" sandbox=\"allow-scripts\" security=\"restricted\" style=\"position: absolute; visibility: hidden;\" title=\"\u00abGRANDES \u00c9XITOS DE LA JUSTICIA ESPA\u00d1OLA (1978 &#8211; 2023): DELITOS DE POL\u00cdTICOS: Una breve e incompleta lista, que puede explicar causas y efectos de los nombramientos arbitrarios de jueces (y muchas otras cosas)\u00bb \u2014 Punto Cr\u00edtico Derechos Humanos\" src=\"https:\/\/puntocritico.com\/ausajpuntocritico\/2024\/03\/13\/grandes-exitos-de-la-justicia-espanola-1978-2023-delitos-de-politicos\/embed\/#?secret=n3g2M2BHVS#?secret=m14KWFTDZg\" data-secret=\"m14KWFTDZg\" width=\"500\" height=\"282\" frameborder=\"0\" marginwidth=\"0\" marginheight=\"0\" scrolling=\"no\"><\/iframe><\/p>\n<blockquote class=\"wp-embedded-content\" data-secret=\"RdyvPKAeLZ\"><p><a href=\"https:\/\/puntocritico.com\/ausajpuntocritico\/2024\/04\/08\/trafico-de-influencias-en-el-corazon-de-la-moncloa-bego-conseguidora\/\">TR\u00c1FICO DE INFLUENCIAS EN EL CORAZ\u00d3N DE LA MONCLOA: &#8220;Bego; Conseguidora de fondos&#8221;. &#8220;Hic est crimen. \u00bfUbi sunt iudices?&#8221; (Aqu\u00ed est\u00e1 el delito. \u00bfD\u00f3nde est\u00e1n los jueces?)<\/a><\/p><\/blockquote>\n<p><iframe loading=\"lazy\" class=\"wp-embedded-content\" sandbox=\"allow-scripts\" security=\"restricted\" style=\"position: absolute; visibility: hidden;\" title=\"\u00abTR\u00c1FICO DE INFLUENCIAS EN EL CORAZ\u00d3N DE LA MONCLOA: &#8220;Bego; Conseguidora de fondos&#8221;. &#8220;Hic est crimen. \u00bfUbi sunt iudices?&#8221; (Aqu\u00ed est\u00e1 el delito. \u00bfD\u00f3nde est\u00e1n los jueces?)\u00bb \u2014 Punto Cr\u00edtico Derechos Humanos\" src=\"https:\/\/puntocritico.com\/ausajpuntocritico\/2024\/04\/08\/trafico-de-influencias-en-el-corazon-de-la-moncloa-bego-conseguidora\/embed\/#?secret=DV2Utouatq#?secret=RdyvPKAeLZ\" data-secret=\"RdyvPKAeLZ\" width=\"500\" height=\"282\" frameborder=\"0\" marginwidth=\"0\" marginheight=\"0\" scrolling=\"no\"><\/iframe><\/p>\n<blockquote class=\"wp-embedded-content\" data-secret=\"owcC9k47rn\"><p><a href=\"https:\/\/puntocritico.com\/ausajpuntocritico\/2024\/04\/29\/el-derecho-a-ser-informado-de-la-acusacion\/\">QUIEN A HIERRO MATA &#8230;: &#8220;El derecho a ser informado de la acusaci\u00f3n, a no declarar contra uno mismo y a no confesarse culpable&#8221;, por Julio Banacloche Palao<\/a><\/p><\/blockquote>\n<p><iframe loading=\"lazy\" class=\"wp-embedded-content\" sandbox=\"allow-scripts\" security=\"restricted\" style=\"position: absolute; visibility: hidden;\" title=\"\u00abQUIEN A HIERRO MATA &#8230;: &#8220;El derecho a ser informado de la acusaci\u00f3n, a no declarar contra uno mismo y a no confesarse culpable&#8221;, por Julio Banacloche Palao\u00bb \u2014 Punto Cr\u00edtico Derechos Humanos\" src=\"https:\/\/puntocritico.com\/ausajpuntocritico\/2024\/04\/29\/el-derecho-a-ser-informado-de-la-acusacion\/embed\/#?secret=x77BAefpA1#?secret=owcC9k47rn\" data-secret=\"owcC9k47rn\" width=\"500\" height=\"282\" frameborder=\"0\" marginwidth=\"0\" marginheight=\"0\" scrolling=\"no\"><\/iframe><\/p>\n<blockquote class=\"wp-embedded-content\" data-secret=\"v0FOZbPE1U\"><p><a href=\"https:\/\/puntocritico.com\/ausajpuntocritico\/2022\/02\/10\/deuda-odiosa-2\/\">DEUDA ODIOSA Y CORRUPCI\u00d3N: \u201cDeudas odiosas son aquellas contra\u00eddas contra los intereses de la poblaci\u00f3n de un pa\u00eds y con el completo conocimiento del acreedor\u201d.<\/a><\/p><\/blockquote>\n<p><iframe loading=\"lazy\" class=\"wp-embedded-content\" sandbox=\"allow-scripts\" security=\"restricted\" style=\"position: absolute; visibility: hidden;\" title=\"\u00abDEUDA ODIOSA Y CORRUPCI\u00d3N: \u201cDeudas odiosas son aquellas contra\u00eddas contra los intereses de la poblaci\u00f3n de un pa\u00eds y con el completo conocimiento del acreedor\u201d.\u00bb \u2014 Punto Cr\u00edtico Derechos Humanos\" src=\"https:\/\/puntocritico.com\/ausajpuntocritico\/2022\/02\/10\/deuda-odiosa-2\/embed\/#?secret=eMaA69Pv6m#?secret=v0FOZbPE1U\" data-secret=\"v0FOZbPE1U\" width=\"500\" height=\"282\" frameborder=\"0\" marginwidth=\"0\" marginheight=\"0\" scrolling=\"no\"><\/iframe><\/p>\n<blockquote class=\"wp-embedded-content\" data-secret=\"0ObbPMgIdc\"><p><a href=\"https:\/\/puntocritico.com\/ausajpuntocritico\/2024\/03\/04\/mascarillas-miedo-y-aviones\/\">MASCARILLAS, MIEDO Y AVIONES: Un negocio de 100.000 muertos<\/a><\/p><\/blockquote>\n<p><iframe loading=\"lazy\" class=\"wp-embedded-content\" sandbox=\"allow-scripts\" security=\"restricted\" style=\"position: absolute; visibility: hidden;\" title=\"\u00abMASCARILLAS, MIEDO Y AVIONES: Un negocio de 100.000 muertos\u00bb \u2014 Punto Cr\u00edtico Derechos Humanos\" src=\"https:\/\/puntocritico.com\/ausajpuntocritico\/2024\/03\/04\/mascarillas-miedo-y-aviones\/embed\/#?secret=JgifIvIO5m#?secret=0ObbPMgIdc\" data-secret=\"0ObbPMgIdc\" width=\"500\" height=\"282\" frameborder=\"0\" marginwidth=\"0\" marginheight=\"0\" scrolling=\"no\"><\/iframe><\/p>\n<blockquote class=\"wp-embedded-content\" data-secret=\"gpd2XNyo6W\"><p><a href=\"https:\/\/puntocritico.com\/ausajpuntocritico\/2022\/03\/03\/los-fondos-de-la-union-europea-para-la-recuperacion-economica-post-covid\/\">FONDOS &#8220;NEXT GENERATION&#8221;: LOS FONDOS DE LA UNI\u00d3N EUROPEA PARA LA RECUPERACI\u00d3N ECON\u00d3MICA POST COVID. An\u00e1lisis y significado en un Informe suscrito por 21 organizaciones sociales, pol\u00edticas, culturales y sindicales<\/a><\/p><\/blockquote>\n<p><iframe loading=\"lazy\" class=\"wp-embedded-content\" sandbox=\"allow-scripts\" security=\"restricted\" style=\"position: absolute; visibility: hidden;\" title=\"\u00abFONDOS &#8220;NEXT GENERATION&#8221;: LOS FONDOS DE LA UNI\u00d3N EUROPEA PARA LA RECUPERACI\u00d3N ECON\u00d3MICA POST COVID. An\u00e1lisis y significado en un Informe suscrito por 21 organizaciones sociales, pol\u00edticas, culturales y sindicales\u00bb \u2014 Punto Cr\u00edtico Derechos Humanos\" src=\"https:\/\/puntocritico.com\/ausajpuntocritico\/2022\/03\/03\/los-fondos-de-la-union-europea-para-la-recuperacion-economica-post-covid\/embed\/#?secret=wvRCBS869q#?secret=gpd2XNyo6W\" data-secret=\"gpd2XNyo6W\" width=\"500\" height=\"282\" frameborder=\"0\" marginwidth=\"0\" marginheight=\"0\" scrolling=\"no\"><\/iframe><\/p>\n<blockquote class=\"wp-embedded-content\" data-secret=\"phNwzHkjlx\"><p><a href=\"https:\/\/puntocritico.com\/ausajpuntocritico\/2024\/02\/18\/zinn-1-colon\/\">HOWARD ZINN: LA OTRA HISTORIA DE LOS ESTADOS UNIDOS (Desde 1492 hasta el presente): Cap\u00edtulo 1: &#8220;Col\u00f3n, los ind\u00edgenas y el progreso humano&#8221;<\/a><\/p><\/blockquote>\n<p><iframe loading=\"lazy\" class=\"wp-embedded-content\" sandbox=\"allow-scripts\" security=\"restricted\" style=\"position: absolute; visibility: hidden;\" title=\"\u00abHOWARD ZINN: LA OTRA HISTORIA DE LOS ESTADOS UNIDOS (Desde 1492 hasta el presente): Cap\u00edtulo 1: &#8220;Col\u00f3n, los ind\u00edgenas y el progreso humano&#8221;\u00bb \u2014 Punto Cr\u00edtico Derechos Humanos\" src=\"https:\/\/puntocritico.com\/ausajpuntocritico\/2024\/02\/18\/zinn-1-colon\/embed\/#?secret=WslbYsjQAP#?secret=phNwzHkjlx\" data-secret=\"phNwzHkjlx\" width=\"500\" height=\"282\" frameborder=\"0\" marginwidth=\"0\" marginheight=\"0\" scrolling=\"no\"><\/iframe><\/p>\n<blockquote class=\"wp-embedded-content\" data-secret=\"U9GN1BrBmN\"><p><a href=\"https:\/\/puntocritico.com\/ausajpuntocritico\/2024\/02\/25\/howard-zinn-la-otra-historia-de-los-estados-unidos-desde-1492-hasta-el-presente-capitulo-2-estableciendo-la-barrera-racial\/\">HOWARD ZINN: LA OTRA HISTORIA DE LOS ESTADOS UNIDOS (Desde 1492 hasta el presente): Cap\u00edtulo 2: &#8220;ESTABLECIENDO LA BARRERA RACIAL&#8221;<\/a><\/p><\/blockquote>\n<p><iframe loading=\"lazy\" class=\"wp-embedded-content\" sandbox=\"allow-scripts\" security=\"restricted\" style=\"position: absolute; visibility: hidden;\" title=\"\u00abHOWARD ZINN: LA OTRA HISTORIA DE LOS ESTADOS UNIDOS (Desde 1492 hasta el presente): Cap\u00edtulo 2: &#8220;ESTABLECIENDO LA BARRERA RACIAL&#8221;\u00bb \u2014 Punto Cr\u00edtico Derechos Humanos\" src=\"https:\/\/puntocritico.com\/ausajpuntocritico\/2024\/02\/25\/howard-zinn-la-otra-historia-de-los-estados-unidos-desde-1492-hasta-el-presente-capitulo-2-estableciendo-la-barrera-racial\/embed\/#?secret=8lc0rNWxbc#?secret=U9GN1BrBmN\" data-secret=\"U9GN1BrBmN\" width=\"500\" height=\"282\" frameborder=\"0\" marginwidth=\"0\" marginheight=\"0\" scrolling=\"no\"><\/iframe><\/p>\n<blockquote class=\"wp-embedded-content\" data-secret=\"6KJ3TCkWKP\"><p><a href=\"https:\/\/puntocritico.com\/ausajpuntocritico\/2022\/09\/17\/memoria-del-saqueo-documental-de-pino-solanas-2\/\">MEMORIA DEL SAQUEO, documental de Pino Solanas<\/a><\/p><\/blockquote>\n<p><iframe loading=\"lazy\" class=\"wp-embedded-content\" sandbox=\"allow-scripts\" security=\"restricted\" style=\"position: absolute; visibility: hidden;\" title=\"\u00abMEMORIA DEL SAQUEO, documental de Pino Solanas\u00bb \u2014 Punto Cr\u00edtico Derechos Humanos\" src=\"https:\/\/puntocritico.com\/ausajpuntocritico\/2022\/09\/17\/memoria-del-saqueo-documental-de-pino-solanas-2\/embed\/#?secret=8BBJX2XhGr#?secret=6KJ3TCkWKP\" data-secret=\"6KJ3TCkWKP\" width=\"500\" height=\"282\" frameborder=\"0\" marginwidth=\"0\" marginheight=\"0\" scrolling=\"no\"><\/iframe><\/p>\n<blockquote class=\"wp-embedded-content\" data-secret=\"Ujh4khL2jc\"><p><a href=\"https:\/\/puntocritico.com\/ausajpuntocritico\/2024\/03\/28\/breve-historia-de-las-privatizaciones-en-espana\/\">&#8220;Breve historia de las privatizaciones en Espa\u00f1a (1985-1995)&#8221;, por Carlos Mart\u00edn Urriza<\/a><\/p><\/blockquote>\n<p><iframe loading=\"lazy\" class=\"wp-embedded-content\" sandbox=\"allow-scripts\" security=\"restricted\" style=\"position: absolute; visibility: hidden;\" title=\"\u00ab&#8220;Breve historia de las privatizaciones en Espa\u00f1a (1985-1995)&#8221;, por Carlos Mart\u00edn Urriza\u00bb \u2014 Punto Cr\u00edtico Derechos Humanos\" src=\"https:\/\/puntocritico.com\/ausajpuntocritico\/2024\/03\/28\/breve-historia-de-las-privatizaciones-en-espana\/embed\/#?secret=iNF97rdrpG#?secret=Ujh4khL2jc\" data-secret=\"Ujh4khL2jc\" width=\"500\" height=\"282\" frameborder=\"0\" marginwidth=\"0\" marginheight=\"0\" scrolling=\"no\"><\/iframe><\/p>\n<blockquote class=\"wp-embedded-content\" data-secret=\"2DxWFG8Tqd\"><p><a href=\"https:\/\/puntocritico.com\/ausajpuntocritico\/2022\/07\/12\/cartel-de-constructoras\/\">25 A\u00d1OS DEFRAUDANDO EN LA CONTRATACI\u00d3N P\u00daBLICA: EL C\u00c1RTEL DE CONSTRUCTORAS Y EL R\u00c9GIMEN DEL 78. La transici\u00f3n espa\u00f1ola: El tr\u00e1nsito del Delito al Crimen. Siempre impunes.<\/a><\/p><\/blockquote>\n<p><iframe loading=\"lazy\" class=\"wp-embedded-content\" sandbox=\"allow-scripts\" security=\"restricted\" style=\"position: absolute; visibility: hidden;\" title=\"\u00ab25 A\u00d1OS DEFRAUDANDO EN LA CONTRATACI\u00d3N P\u00daBLICA: EL C\u00c1RTEL DE CONSTRUCTORAS Y EL R\u00c9GIMEN DEL 78. La transici\u00f3n espa\u00f1ola: El tr\u00e1nsito del Delito al Crimen. Siempre impunes.\u00bb \u2014 Punto Cr\u00edtico Derechos Humanos\" src=\"https:\/\/puntocritico.com\/ausajpuntocritico\/2022\/07\/12\/cartel-de-constructoras\/embed\/#?secret=4JR0kxpQA9#?secret=2DxWFG8Tqd\" data-secret=\"2DxWFG8Tqd\" width=\"500\" height=\"282\" frameborder=\"0\" marginwidth=\"0\" marginheight=\"0\" scrolling=\"no\"><\/iframe><\/p>\n<blockquote class=\"wp-embedded-content\" data-secret=\"6Jvrv6Cran\"><p><a href=\"https:\/\/puntocritico.com\/ausajpuntocritico\/2018\/04\/05\/deficiencias-generalizadas-y-beneficios-ilimitados-el-neoliberalismo-de-rapina-espanol-escandaliza-en-la-u-e-tribunal-de-cuentas-europeo-informe-especial-no-09-2018-asociaciones-publico-privad\/\">&#8220;DEFICIENCIAS GENERALIZADAS Y BENEFICIOS ILIMITADOS&#8221;. El Neoliberalismo de rapi\u00f1a espa\u00f1ol escandaliza en la U. E. (Tribunal de Cuentas Europeo: Informe Especial &#8211; asociaciones p\u00fablico-privadas)<\/a><\/p><\/blockquote>\n<p><iframe loading=\"lazy\" class=\"wp-embedded-content\" sandbox=\"allow-scripts\" security=\"restricted\" style=\"position: absolute; visibility: hidden;\" title=\"\u00ab&#8220;DEFICIENCIAS GENERALIZADAS Y BENEFICIOS ILIMITADOS&#8221;. El Neoliberalismo de rapi\u00f1a espa\u00f1ol escandaliza en la U. E. (Tribunal de Cuentas Europeo: Informe Especial &#8211; asociaciones p\u00fablico-privadas)\u00bb \u2014 Punto Cr\u00edtico Derechos Humanos\" src=\"https:\/\/puntocritico.com\/ausajpuntocritico\/2018\/04\/05\/deficiencias-generalizadas-y-beneficios-ilimitados-el-neoliberalismo-de-rapina-espanol-escandaliza-en-la-u-e-tribunal-de-cuentas-europeo-informe-especial-no-09-2018-asociaciones-publico-privad\/embed\/#?secret=FrEYInUzAM#?secret=6Jvrv6Cran\" data-secret=\"6Jvrv6Cran\" width=\"500\" height=\"282\" frameborder=\"0\" marginwidth=\"0\" marginheight=\"0\" scrolling=\"no\"><\/iframe><\/p>\n<blockquote class=\"wp-embedded-content\" data-secret=\"ER2RIbIfVT\"><p><a href=\"https:\/\/puntocritico.com\/ausajpuntocritico\/2023\/03\/06\/ferrovial-agroman\/\">\u00bfQU\u00c9 SE LLEVA A FLANDES FERROVIAL (FERROVIAL-AGROM\u00c1N)?: &#8220;De 1927 hasta hoy: esta es la historia de Agroman&#8221;<\/a><\/p><\/blockquote>\n<p><iframe loading=\"lazy\" class=\"wp-embedded-content\" sandbox=\"allow-scripts\" security=\"restricted\" style=\"position: absolute; visibility: hidden;\" title=\"\u00ab\u00bfQU\u00c9 SE LLEVA A FLANDES FERROVIAL (FERROVIAL-AGROM\u00c1N)?: &#8220;De 1927 hasta hoy: esta es la historia de Agroman&#8221;\u00bb \u2014 Punto Cr\u00edtico Derechos Humanos\" src=\"https:\/\/puntocritico.com\/ausajpuntocritico\/2023\/03\/06\/ferrovial-agroman\/embed\/#?secret=njGIUrSAAx#?secret=ER2RIbIfVT\" data-secret=\"ER2RIbIfVT\" width=\"500\" height=\"282\" frameborder=\"0\" marginwidth=\"0\" marginheight=\"0\" scrolling=\"no\"><\/iframe><\/p>\n<blockquote class=\"wp-embedded-content\" data-secret=\"fTW5x3IuWd\"><p><a href=\"https:\/\/puntocritico.com\/ausajpuntocritico\/2016\/12\/21\/la-justicia-es-una-emocion\/\">LA JUSTICIA ES UNA EMOCI\u00d3N<\/a><\/p><\/blockquote>\n<p><iframe loading=\"lazy\" class=\"wp-embedded-content\" sandbox=\"allow-scripts\" security=\"restricted\" style=\"position: absolute; visibility: hidden;\" title=\"\u00abLA JUSTICIA ES UNA EMOCI\u00d3N\u00bb \u2014 Punto Cr\u00edtico Derechos Humanos\" src=\"https:\/\/puntocritico.com\/ausajpuntocritico\/2016\/12\/21\/la-justicia-es-una-emocion\/embed\/#?secret=sULQvARp28#?secret=fTW5x3IuWd\" data-secret=\"fTW5x3IuWd\" width=\"500\" height=\"282\" frameborder=\"0\" marginwidth=\"0\" marginheight=\"0\" scrolling=\"no\"><\/iframe><\/p>\n<p>&nbsp;<\/p>\n<p>&nbsp;<\/p>\n<p><a href=\"https:\/\/puntocritico.com\/author\/punto-critico\/\"><img loading=\"lazy\" decoding=\"async\" class=\"aligncenter wp-image-48\" src=\"https:\/\/puntocritico.com\/ausajpuntocritico\/wp-content\/uploads\/2016\/11\/Mosca_Punto_Cr\u00edtico_40.png\" alt=\"\" width=\"70\" height=\"70\" \/><\/a><\/p>\n<p>&nbsp;<\/p>\n<p>&nbsp;<\/p>\n","protected":false},"excerpt":{"rendered":"<div class=\"mh-excerpt\"><p>LA JUSTICIA EN UN MUNDO DE MERA OPINI\u00d3N \u00abUn sue\u00f1o, contado por un loco. Lleno de ruido y pasi\u00f3n; y que nada significa\u00bb Shakespeare, Macbeth \u00a0 *** \u00bfRe\u00edmos, o lloramos? Por Gregorio Mor\u00e1n, 12 OCT <a class=\"mh-excerpt-more\" href=\"https:\/\/puntocritico.com\/ausajpuntocritico\/2024\/10\/14\/la-justicia-en-un-mundo-de-mera-opinion-por-platon\/\" title=\"LA JUSTICIA EN UN MUNDO DE MERA OPINI\u00d3N, por Plat\u00f3n\">[&#8230;]<\/a><\/p>\n<\/div>","protected":false},"author":3,"featured_media":2302180,"comment_status":"closed","ping_status":"closed","sticky":false,"template":"","format":"standard","meta":{"_acf_changed":false,"_exactmetrics_skip_tracking":false,"_exactmetrics_sitenote_active":false,"_exactmetrics_sitenote_note":"","_exactmetrics_sitenote_category":0,"footnotes":""},"categories":[6,8],"tags":[100],"class_list":{"0":"post-2301999","1":"post","2":"type-post","3":"status-publish","4":"format-standard","5":"has-post-thumbnail","7":"category-justicia","8":"category-filosofia","9":"tag-platon"},"acf":[],"_links":{"self":[{"href":"https:\/\/puntocritico.com\/ausajpuntocritico\/wp-json\/wp\/v2\/posts\/2301999","targetHints":{"allow":["GET"]}}],"collection":[{"href":"https:\/\/puntocritico.com\/ausajpuntocritico\/wp-json\/wp\/v2\/posts"}],"about":[{"href":"https:\/\/puntocritico.com\/ausajpuntocritico\/wp-json\/wp\/v2\/types\/post"}],"author":[{"embeddable":true,"href":"https:\/\/puntocritico.com\/ausajpuntocritico\/wp-json\/wp\/v2\/users\/3"}],"replies":[{"embeddable":true,"href":"https:\/\/puntocritico.com\/ausajpuntocritico\/wp-json\/wp\/v2\/comments?post=2301999"}],"version-history":[{"count":0,"href":"https:\/\/puntocritico.com\/ausajpuntocritico\/wp-json\/wp\/v2\/posts\/2301999\/revisions"}],"wp:featuredmedia":[{"embeddable":true,"href":"https:\/\/puntocritico.com\/ausajpuntocritico\/wp-json\/wp\/v2\/media\/2302180"}],"wp:attachment":[{"href":"https:\/\/puntocritico.com\/ausajpuntocritico\/wp-json\/wp\/v2\/media?parent=2301999"}],"wp:term":[{"taxonomy":"category","embeddable":true,"href":"https:\/\/puntocritico.com\/ausajpuntocritico\/wp-json\/wp\/v2\/categories?post=2301999"},{"taxonomy":"post_tag","embeddable":true,"href":"https:\/\/puntocritico.com\/ausajpuntocritico\/wp-json\/wp\/v2\/tags?post=2301999"}],"curies":[{"name":"wp","href":"https:\/\/api.w.org\/{rel}","templated":true}]}}