{"id":2301765,"date":"2024-10-22T00:05:40","date_gmt":"2024-10-21T22:05:40","guid":{"rendered":"https:\/\/puntocritico.com\/ausajpuntocritico\/?p=2301765"},"modified":"2024-11-05T09:23:48","modified_gmt":"2024-11-05T08:23:48","slug":"dos-cartas-de-kropotkin","status":"publish","type":"post","link":"https:\/\/puntocritico.com\/ausajpuntocritico\/2024\/10\/22\/dos-cartas-de-kropotkin\/","title":{"rendered":"DOS CARTAS DE KROPOTKIN. Introducci\u00f3n y traducci\u00f3n por Alain Vieillard-Baron (Parte 1: Biograf\u00eda de Piotr Kropotkin)"},"content":{"rendered":"<p style=\"text-align: justify;\"><span style=\"font-size: 14pt; color: #008000;\">DOS CARTAS DE KROPOTKIN<\/span><\/p>\n<p class=\"entry-title\" style=\"text-align: justify;\"><a href=\"https:\/\/puntocritico.com\/ausajpuntocritico\/2024\/10\/29\/dos-cartas-de-kropotkin-introduccion-y-traduccion-por-alain-vieillard-baron-y-parte-2\/\"><span style=\"font-size: 14pt; color: #008000;\">DOS CARTAS DE KROPOTKIN. (Parte 2: Biograf\u00eda de Kropotkin, \u00faltimos a\u00f1os)<\/span><\/a><\/p>\n<p class=\"entry-title\" style=\"text-align: justify;\"><a href=\"https:\/\/puntocritico.com\/ausajpuntocritico\/2024\/11\/05\/las-dos-cartas-de-kropotkin-y-parte-3-las-cartas\/\"><span style=\"font-size: 14pt; color: #008000;\">DOS CARTAS DE KROPOTKIN: (y Parte 3: Las dos Cartas de Kropotkin)<\/span><\/a><\/p>\n<p class=\"mh-meta entry-meta\">\u00a0<\/p>\n\n<p>&nbsp;<\/p>\n<h2 style=\"text-align: center;\"><span style=\"font-size: 14pt;\"><span style=\"font-size: 24pt;\">DOS CARTAS DE KROPOTKIN<\/span> <\/span><\/h2>\n<p style=\"text-align: center;\"><strong><span style=\"font-size: 14pt;\"><em>Introducci\u00f3n y traducci\u00f3n por <a href=\"https:\/\/bibcatalogo.uca.es\/cgi-bin\/koha\/opac-detail.pl?biblionumber=921104\" target=\"_blank\" rel=\"noopener\">Alain Vieillard-Baron<\/a><\/em> <\/span><\/strong><\/p>\n<p><img loading=\"lazy\" decoding=\"async\" class=\"aligncenter wp-image-2301797\" src=\"https:\/\/puntocritico.com\/ausajpuntocritico\/wp-content\/uploads\/2024\/10\/Kropotkin-inedito-1-foto.jpg\" alt=\"DOS CARTAS DE KROPOTKIN\" width=\"400\" height=\"546\" srcset=\"https:\/\/puntocritico.com\/ausajpuntocritico\/wp-content\/uploads\/2024\/10\/Kropotkin-inedito-1-foto.jpg 437w, https:\/\/puntocritico.com\/ausajpuntocritico\/wp-content\/uploads\/2024\/10\/Kropotkin-inedito-1-foto-220x300.jpg 220w\" sizes=\"auto, (max-width: 400px) 100vw, 400px\" \/><\/p>\n<p>&nbsp;<\/p>\n<blockquote>\n<h3 style=\"text-align: center;\"><span style=\"font-size: 14pt;\"><span style=\"font-size: 18pt;\">INTRODUCCI\u00d3N<\/span> <\/span><\/h3>\n<p style=\"text-align: center;\"><span style=\"font-size: 14pt;\">Publicamos dos cartas, que creemos in\u00e9ditas, de <strong>Pedro Kropotkin<\/strong>. Los originales est\u00e1n conservados en el archivo del Lic. <strong>Emilio Jim\u00e9nez Pacheco<\/strong> (<em>San<\/em> <em>Jos\u00e9<\/em>), sobrino de <a href=\"https:\/\/es.wikipedia.org\/wiki\/El%C3%ADas_Jim%C3%A9nez_Rojas\" target=\"_blank\" rel=\"noopener\" data-schema-attribute=\"\"><strong>El\u00edas Jim\u00e9nez Rojas<\/strong><\/a>, a quien iban dirigidas. Las fotocopias se hallan en el <em>Archivo de la Biblioteca de la Universidad de Costa Rica<\/em>. <\/span><\/p>\n<p style=\"text-align: center;\"><span style=\"font-size: 14pt;\">Antes de analizar dichas cartas, creemos necesario esbozar la fisonom\u00eda del que fue uno de los principales pensadores del anarquismo, y de su corresponsal josefino.<\/span><\/p>\n<\/blockquote>\n<p style=\"text-align: center;\"><span style=\"color: #008000; font-size: 18pt;\">***<\/span><\/p>\n<h3 style=\"text-align: center;\"><span style=\"font-size: 14pt;\"><span style=\"font-size: 18pt;\">PEDRO KROPOTKIN<\/span> <\/span><\/h3>\n<p><img loading=\"lazy\" decoding=\"async\" class=\"aligncenter wp-image-1983760 size-full\" src=\"https:\/\/puntocritico.com\/ausajpuntocritico\/wp-content\/uploads\/2021\/03\/El-apoyo-mutuo-Un-factor-de-la-evoluci\u00f3n-Piotr-Kropotkin.jpg\" alt=\"\" width=\"598\" height=\"262\" srcset=\"https:\/\/puntocritico.com\/ausajpuntocritico\/wp-content\/uploads\/2021\/03\/El-apoyo-mutuo-Un-factor-de-la-evoluci\u00f3n-Piotr-Kropotkin.jpg 598w, https:\/\/puntocritico.com\/ausajpuntocritico\/wp-content\/uploads\/2021\/03\/El-apoyo-mutuo-Un-factor-de-la-evoluci\u00f3n-Piotr-Kropotkin-300x131.jpg 300w\" sizes=\"auto, (max-width: 598px) 100vw, 598px\" \/><\/p>\n<p>&nbsp;<\/p>\n<p style=\"text-align: justify;\"><span style=\"font-size: 14pt;\">\u00ab<strong>Kropotkin<\/strong>,<strong><em> descendiente de los Grandes Pr\u00edncipes de Smolensk<\/em>, paje del Emperador, sabio ilustre, revolucionario internacional, vulgarizador del pensamiento anarquista<\/strong>\u00ab: Este t\u00edtulo de un estudio dedicado al pensador ruso resume la trayectoria parad\u00f3jica de <strong>Pedro Kropotkin<\/strong> <strong>(1)<\/strong>. <\/span><\/p>\n<p style=\"text-align: justify;\"><span style=\"font-size: 14pt;\">El <em><strong>Pr\u00edncipe<\/strong><\/em> <strong>Piotr (<em>Pedro<\/em>) Alexeievich<\/strong> <strong>Kropotkin<\/strong> naci\u00f3 en <em>Mosc\u00fa<\/em> el 9 de diciembre de <strong>1842<\/strong> (<em>Antiguo Estilo<\/em>). En su obra <em><strong>Memorias de un Revolucionario<\/strong><\/em>, \u00e9l mismo ha descrito el ambiente en que se desarroll\u00f3 su infancia: el de una t\u00edpica <em>familia aristocr\u00e1tica rusa<\/em>, propietaria de centenares de \u00ab<em>almas<\/em>\u00ab, diseminadas en las fincas que pose\u00eda en varias provincias, y un palacio en <em>Mosc\u00fa<\/em> con docenas de sirvientes; la misma vida, pues, que conocieron aquellos otros arist\u00f3cratas convertidos a la Revoluci\u00f3n: <strong>Miguel Bakunin <\/strong>y<strong> Le\u00f3n Tolstoi<\/strong>. <\/span><\/p>\n<p style=\"text-align: justify;\"><span style=\"font-size: 14pt;\">A la edad de quince a\u00f1os, ingresa en el <strong><em>Cuerpo de Pajes en San Petersburgo<\/em><\/strong>. \u00ab<em>Aquella era una instituci\u00f3n que combinaba el car\u00e1cter de una academia militar y de una escuela selecta para los hijos de la nobleza agregada a la Corte<\/em>\u00bb <strong>(2)<\/strong>. Tan selecta era la instituci\u00f3n que s\u00f3lo ofrec\u00eda ciento cincuenta plazas, y abr\u00eda casi autom\u00e1ticamente el paso a los cargos m\u00e1s codiciados de la <em>Corte<\/em>. <\/span><\/p>\n<p style=\"text-align: justify;\"><span style=\"font-size: 14pt;\">Ello explica la consternaci\u00f3n de los familiares y amigos de <strong>Pedro<\/strong> cuando, terminados sus estudios, en vez de elegir uno de los prestigiosos regimientos que serv\u00edan a la <em>Casa<\/em> <em>Imperial<\/em>, solicit\u00f3 ser destinado a los \u00ab<em><strong>Cosacos montados del Amur<\/strong><\/em>\u00ab, regimiento de formaci\u00f3n reciente, en aquella regi\u00f3n siberiana anexionada poco antes por <em>Rusia<\/em>. <\/span><\/p>\n<p style=\"text-align: justify;\"><span style=\"font-size: 14pt;\">La verdad es que, durante su estancia en <em>San Petersburgo<\/em>, el joven <strong>Pedro<\/strong>, con su inteligencia abierta, hab\u00eda empezado a percibir en parte los vicios del sistema vigente. En primer lugar, antes de su ingreso en el <em><strong>Cuerpo de Pajes<\/strong><\/em>, la <strong>campa\u00f1a de\u00a0<\/strong><\/span><span style=\"font-size: 14pt;\"><strong>Crimea<\/strong>, con las penalidades que acarre\u00f3, especialmente entre los campesinos, acab\u00f3 con el entusiasmo guerrero del futuro oficial del ej\u00e9rcito. \u00ab<em>Cuando lleg\u00f3 para <strong>Kropotkin<\/strong> el momento de ingresar en el <strong>Cuerpo de Pajes<\/strong>, \u00e9l consideraba ya como una desgracia el hecho de ser alumno de una escuela militar<\/em>\u00bb <strong>(3)<\/strong>.<\/span><\/p>\n<p>&nbsp;<\/p>\n<figure id=\"attachment_2302272\" aria-describedby=\"caption-attachment-2302272\" style=\"width: 440px\" class=\"wp-caption aligncenter\"><img loading=\"lazy\" decoding=\"async\" class=\"wp-image-2302272\" src=\"https:\/\/puntocritico.com\/ausajpuntocritico\/wp-content\/uploads\/2024\/10\/nicolas-ii-con-su-familia_5123999e_800x707-300x265.jpg\" alt=\"\" width=\"440\" height=\"389\" srcset=\"https:\/\/puntocritico.com\/ausajpuntocritico\/wp-content\/uploads\/2024\/10\/nicolas-ii-con-su-familia_5123999e_800x707-300x265.jpg 300w, https:\/\/puntocritico.com\/ausajpuntocritico\/wp-content\/uploads\/2024\/10\/nicolas-ii-con-su-familia_5123999e_800x707-768x679.jpg 768w, https:\/\/puntocritico.com\/ausajpuntocritico\/wp-content\/uploads\/2024\/10\/nicolas-ii-con-su-familia_5123999e_800x707.jpg 800w\" sizes=\"auto, (max-width: 440px) 100vw, 440px\" \/><figcaption id=\"caption-attachment-2302272\" class=\"wp-caption-text\"><span style=\"color: #008000;\">El zar Nicol\u00e1s II con su familia, de izquierda a derecha: Olga, la primog\u00e9nita; Mar\u00eda, la tercera hija; la zarina Alejandra; Anastasia, la cuarta hija; Aleks\u00e9i, el hijo menor y heredero; y Tatiana, la segunda hija. Foto: Boasson and Eggler (CC)<\/span><\/figcaption><\/figure>\n<p>&nbsp;<\/p>\n<p style=\"text-align: justify;\"><span style=\"font-size: 14pt;\">Luego, sobrevino otra desilusi\u00f3n. La muerte de <strong>Nicol\u00e1s I<\/strong>, d\u00e9spota militar, desesperado por los reveses de <em>Crimea<\/em>, provoc\u00f3 una ola de esperanza en los medios liberales de <em>Rusia<\/em>; y la emancipaci\u00f3n de los siervos por <strong>Alejandro II<\/strong>, el 5 de marzo de 1861 (<em>Antiguo Estilo<\/em>) pareci\u00f3 confirmar este optimismo. En realidad, durante el a\u00f1o que pas\u00f3 en la <em>Corte<\/em> (1862), <strong>Pedro<\/strong> <strong>Kropotkin<\/strong> perdi\u00f3 toda confianza en un <em><strong>Zar<\/strong><\/em> cuya pol\u00edtica volv\u00eda a la brutalidad de su antecesor. <\/span><\/p>\n<p style=\"text-align: justify;\"><span style=\"font-size: 14pt;\">La soluci\u00f3n elegida por <strong>Kropotkin<\/strong>, su marcha a las provincias del <em>Amur<\/em>, le daba la posibilidad de entregarse a dos preocupaciones que sus a\u00f1os de estudio en <em>San<\/em> <em>Petersburgo<\/em> hab\u00edan despertado en \u00e9l: el inter\u00e9s cient\u00edfico, y m\u00e1s especialmente geogr\u00e1fico, y la preocupaci\u00f3n humana. <\/span><\/p>\n<p style=\"text-align: justify;\"><span style=\"font-size: 14pt;\">A este respecto, <em><strong>Siberia<\/strong><\/em> se le ofreci\u00f3 como \u00ab<em>un campo inmenso para la aplicaci\u00f3n de las grandes reformas ya hechas o por hacer<\/em>\u00bb <strong>(4)<\/strong>. Como<em><strong> Edec\u00e1n del Gobernador de Transbaikalia<\/strong><\/em>, se interesa por la reforma del sistema penitenciario y estudia un plan de autonom\u00eda municipal. <\/span><\/p>\n<p style=\"text-align: justify;\"><span style=\"font-size: 14pt;\">En <strong>1863<\/strong>, se le encarga una <em>expedici\u00f3n geogr\u00e1fica<\/em>, de reconocimiento (<em>pues la regi\u00f3n jam\u00e1s hab\u00eda sido visitada por un europeo<\/em>) a lo largo del <em>r\u00edo Amur<\/em>. Llev\u00f3 a feliz t\u00e9rmino una serie de exploraciones semejantes a trav\u00e9s de esas comarcas, desconocidas incluso de los ge\u00f3grafos chinos. De ellas iba <strong>Kropotkin<\/strong> a sacar una tesis que por s\u00ed sola hubiera bastado para asegurar su celebridad: en <strong>1873<\/strong>, public\u00f3 un mapa y un estudio demostrando que los mapas de <em>Asia<\/em> hasta entonces existentes representaban de un modo err\u00f3neo la formaci\u00f3n f\u00edsica del continente, puesto que la estructura del mismo no est\u00e1 orientada del norte al sur, o del este al oeste, como se cre\u00eda, sino del suroeste al noroeste.<\/span><\/p>\n<p>&nbsp;<\/p>\n<figure id=\"attachment_2302273\" aria-describedby=\"caption-attachment-2302273\" style=\"width: 360px\" class=\"wp-caption aligncenter\"><img loading=\"lazy\" decoding=\"async\" class=\"wp-image-2302273\" src=\"https:\/\/puntocritico.com\/ausajpuntocritico\/wp-content\/uploads\/2024\/10\/rio-Amur-300x236.png\" alt=\"\" width=\"360\" height=\"284\" srcset=\"https:\/\/puntocritico.com\/ausajpuntocritico\/wp-content\/uploads\/2024\/10\/rio-Amur-300x236.png 300w, https:\/\/puntocritico.com\/ausajpuntocritico\/wp-content\/uploads\/2024\/10\/rio-Amur-768x605.png 768w, https:\/\/puntocritico.com\/ausajpuntocritico\/wp-content\/uploads\/2024\/10\/rio-Amur.png 800w\" sizes=\"auto, (max-width: 360px) 100vw, 360px\" \/><figcaption id=\"caption-attachment-2302273\" class=\"wp-caption-text\"><span style=\"color: #008000;\">Rio Amur, uno de los r\u00edos m\u00e1s largos del mundo<\/span><\/figcaption><\/figure>\n<p>&nbsp;<\/p>\n<p style=\"text-align: justify;\"><span style=\"font-size: 14pt;\">Para dedicarse m\u00e1s enteramente a sus estudios, <strong>Kropotkin<\/strong> hab\u00eda abandonado el ej\u00e9rcito en 1867 y se hab\u00eda matriculado en la <em>Universidad<\/em> <em>de<\/em> <em>San Petersburgo<\/em>. El valor de los informes que present\u00f3 a la <em><strong>Sociedad Rusa de Geograf\u00eda<\/strong><\/em> hizo que se le nombrara <em>secretario de la secci\u00f3n de geograf\u00eda f\u00edsica<\/em> de dicha <em>Sociedad<\/em>. <\/span><\/p>\n<p style=\"text-align: justify;\"><span style=\"font-size: 14pt;\">En <strong>1871<\/strong>, explor\u00f3, a petici\u00f3n de la <em>Sociedad<\/em>, los dep\u00f3sitos glaciares de <em>Suecia<\/em> y <em>Finlandia<\/em>. De estas expediciones, <strong>Kropotkin<\/strong> deb\u00eda traer tambi\u00e9n nuevas teor\u00edas sobre la glaciaci\u00f3n que provocaron hondas repercusiones entre los ge\u00f3logos contempor\u00e1neos. <\/span><\/p>\n<p style=\"text-align: justify;\"><span style=\"font-size: 14pt;\">Antes de abandonar esta primera etapa, tan fecunda, de la juventud de <strong>Kropotkin<\/strong>, conviene hablar brevemente de un \u00faltimo aspecto de sus investigaciones, aspecto \u00e9ste en que se compaginan las preocupaciones a la vez cient\u00edficas y humanitarias. <\/span><\/p>\n<p style=\"text-align: justify;\"><span style=\"font-size: 14pt;\">En efecto, las atrevidas exploraciones a <em>Manchuria<\/em>, y, despu\u00e9s, las expediciones a <em>Finlandia<\/em>, le proporcionaron las primeras observaciones que, m\u00e1s tarde, vendr\u00edan a ser como la materia prima de su teor\u00eda fundamental: <a href=\"https:\/\/puntocritico.com\/ausajpuntocritico\/2021\/03\/07\/el-apoyo-mutuo-un-factor-de-la-evolucion-por-piotr-kropotkin-presentacion\/\"><strong>el apoyo mutuo<\/strong><\/a>.\u00a0<\/span><span style=\"font-size: 14pt;\">En el libro, tal vez el m\u00e1s importante de los escritos por <strong>Kropotkin<\/strong>, que lleva este t\u00edtulo <strong>(5)<\/strong> y resume su tesis, el autor dice:\u00a0<\/span><\/p>\n<blockquote>\n<p style=\"text-align: justify;\"><strong><span style=\"font-size: 14pt; color: #008000;\">\u00ab<em>Dos rasgos caracter\u00edsticos llamaron poderosamente mi atenci\u00f3n durante los viajes que, en mi juventud, realic\u00e9 por esas regiones del Asia Oriental<\/em>. <em>Me llam\u00f3 la atenci\u00f3n, por una parte, la extraordinaria dureza de la lucha por la existencia que deben sostener la mayor\u00eda de las especies animales contra la naturaleza inclemente, as\u00ed como la extinci\u00f3n de grandes cantidades de individuos, que ocurr\u00eda peri\u00f3dicamente, en virtud de causas naturales, debido a lo cual se produc\u00eda una extraordinaria pobreza de vida y la despoblaci\u00f3n de la superficie de los vastos territorios donde realizaba yo mis investigaciones. \u00abLa otra particularidad era que, aun en aquellos pocos puntos aislados en donde la vida animal aparec\u00eda en abundancia, no encontr\u00e9, a pesar de haber buscado empe\u00f1osamente sus rastros, aquella lucha cruel por los medios de subsistencia entre los animales pertenecientes a una misma especie (6), que la mayor\u00eda de los darwinistas (aunque no siempre el mismo Darwin) consideraban como el rasgo predominante y caracter\u00edstico de la lucha por la vida, y como la principal fuerza activa del desarrollo gradual en el mundo de los animales<\/em>\u00bb (7).<\/span><\/strong><\/p>\n<\/blockquote>\n<p>&nbsp;<\/p>\n<p style=\"text-align: justify;\"><span style=\"font-size: 14pt;\">Bien al contrario, a 10 largo de sus viajes ve\u00eda <\/span><\/p>\n<blockquote>\n<p style=\"text-align: justify;\"><strong><span style=\"font-size: 14pt; color: #008000;\">\u00ab<em>la ayuda y el apoyo mutuo, llevado a tales proporciones que involuntariamente me hizo pensar en la enorme importancia que debe tener en la econom\u00eda de la naturaleza, para el mantenimiento de la existencia de cada especie, su conservaci\u00f3n y desarrollo futuro<\/em>\u00bb (8). <\/span><\/strong><\/p>\n<p style=\"text-align: justify;\"><strong><span style=\"font-size: 14pt; color: #008000;\">\u00ab<em>Despu\u00e9s de haber examinado la importancia de la Ayuda Mutua para el \u00e9xito y el desarrollo de las diferentes clases de animales, evidentemente, estaba obligado a juzgar la importancia de aquel mismo factor en el desarrollo del hombre. Esto era aun m\u00e1s indispensable porque existen evolucionistas dispuestos a admitir la importancia de la Ayuda Mutua entre los animales, pero a la vez, como Herbert Spencer, neg\u00e1ndola con respecto al hombre<\/em>\u00bb (9).<\/span><\/strong><\/p>\n<\/blockquote>\n<p>&nbsp;<\/p>\n<figure id=\"attachment_2207735\" aria-describedby=\"caption-attachment-2207735\" style=\"width: 260px\" class=\"wp-caption aligncenter\"><img loading=\"lazy\" decoding=\"async\" class=\"wp-image-2207735\" src=\"https:\/\/puntocritico.com\/ausajpuntocritico\/wp-content\/uploads\/2021\/05\/ilustracion-Apoyo-Mutuo-232x300.jpg\" alt=\"\" width=\"260\" height=\"336\" srcset=\"https:\/\/puntocritico.com\/ausajpuntocritico\/wp-content\/uploads\/2021\/05\/ilustracion-Apoyo-Mutuo-232x300.jpg 232w, https:\/\/puntocritico.com\/ausajpuntocritico\/wp-content\/uploads\/2021\/05\/ilustracion-Apoyo-Mutuo.jpg 396w\" sizes=\"auto, (max-width: 260px) 100vw, 260px\" \/><figcaption id=\"caption-attachment-2207735\" class=\"wp-caption-text\"><span style=\"color: #008000;\">El Apoyo Mutuo<\/span><\/figcaption><\/figure>\n<p>&nbsp;<\/p>\n<p style=\"text-align: justify;\"><span style=\"font-size: 14pt;\"> Pero estas conclusiones, <strong>Kropotkin<\/strong> las sacar\u00eda mucho m\u00e1s tarde. Por lo pronto, tiene alrededor de treinta a\u00f1os, y una carrera brillante de cient\u00edfico a la vista. En efecto, en <strong>1873<\/strong>, mientras estaba llevando a cabo su misi\u00f3n en <em>Suecia<\/em> y <em>Finlandia<\/em>, le ofrec\u00edan el <em>Secretariado de la Sociedad Rusa de Geograf\u00eda<\/em>. Y he aqu\u00ed la extra\u00f1\u00edsima decisi\u00f3n del homenajeado: <strong><em>rechaza la lisonjera oferta<\/em><\/strong>. <\/span><\/p>\n<p style=\"text-align: justify;\"><span style=\"font-size: 14pt;\">El mismo ha contado en las <em><strong>Memorias de un Revolucionario<\/strong> <\/em>c\u00f3mo ocurri\u00f3 la cosa: al recibir el telegrama de la Sociedad, dice, \u00ab<em>mis esperanzas se ve\u00edan colmadas. Pero mientras tanto, otros pensamientos y otros deseos hab\u00edan invadido mi esp\u00edritu. Reflexion\u00e9 seriamente sobre mi contestaci\u00f3n, y telegrafi\u00e9: \u00abMuy cordial agradecimiento, pero no puedo aceptar<\/em>\u00bb <strong>(10)<\/strong>. <\/span><\/p>\n<p style=\"text-align: justify;\"><span style=\"font-size: 14pt;\">En realidad, un largo proceso de maduraci\u00f3n hab\u00eda llevado su generosidad por los senderos elegidos en aquella \u00e9poca por tantos otros j\u00f3venes rusos de las clases privilegiadas: la necesidad de \u00ab<em>ir al pueblo<\/em>\u00ab, como para borrar su sentimiento de culpabilidad social: <\/span><\/p>\n<blockquote>\n<p style=\"text-align: justify;\"><span style=\"font-size: 14pt; color: #008000;\"><strong>\u00ab<em>\u00bfQu\u00e9 derecho ten\u00eda yo a esos deleites superiores, cuando en tomo m\u00edo todo era miseria y lucha por un pedazo de pan enmohecido, cuando todo lo que pod\u00eda gastar para vivir en ese mundo de emociones elevadas deb\u00eda necesariamente ser arrancado de la boca de aquellos que cultivaban el trigo, y no ten\u00edan pan suficiente para sus ni\u00f1os?<\/em>\u00bb (11).<\/strong> <\/span><\/p>\n<\/blockquote>\n<p>&nbsp;<\/p>\n<p style=\"text-align: justify;\"><span style=\"font-size: 14pt;\">Abandonando, pues, la vida holgada que sus capacidades cient\u00edficas le brindaban, como a\u00f1os antes hab\u00eda apartado de s\u00ed la excepcional carrera militar a que ten\u00eda derecho por su nacimiento y sus dotes excepcionales, <strong>Kropotkin<\/strong> se lanza deliberadamente a la vida azarosa del <em>agitador<\/em>. <\/span><\/p>\n<p style=\"text-align: justify;\"><span style=\"font-size: 14pt;\">Con el fin de tomar un contacto m\u00e1s directo con las necesidades del pueblo, <strong>Kropotkin<\/strong> decide viajar. Se dirige a <em>Europa<\/em> <em>occidental<\/em>, donde el <em>movimiento obrero<\/em> ha adquirido, por esas fechas, un desarrollo y una madurez de que carece todav\u00eda en <em>Rusia<\/em>.<\/span><\/p>\n<p>&nbsp;<\/p>\n<figure id=\"attachment_2029129\" aria-describedby=\"caption-attachment-2029129\" style=\"width: 220px\" class=\"wp-caption aligncenter\"><img loading=\"lazy\" decoding=\"async\" class=\"wp-image-2029129\" src=\"https:\/\/puntocritico.com\/ausajpuntocritico\/wp-content\/uploads\/2021\/03\/Pr\u00edncipe-Kropotin-juventud.jpg\" alt=\"\" width=\"220\" height=\"326\" \/><figcaption id=\"caption-attachment-2029129\" class=\"wp-caption-text\"><span style=\"color: #008000;\">El Pr\u00edncipe Kropotkin<\/span><\/figcaption><\/figure>\n<p>&nbsp;<\/p>\n<p style=\"text-align: justify;\"><span style=\"font-size: 14pt;\">La primera meta es <em>Suiza<\/em>, pa\u00eds tradicionalmente liberal y centro de las .secciones m\u00e1s activas de la Internacional. All\u00ed encuentra numerosos compatriotas y comparte con ellos una vida frugal, pero sumamente formativa para el nuevo defensor de los oprimidos. En <em>Zurich<\/em>, y sobre todo en <em>Ginebra<\/em>, <strong>Kropotkin<\/strong> percibe pronto la oposici\u00f3n que divide el movimiento socialista internacional. <\/span><\/p>\n<p style=\"text-align: justify;\"><span style=\"font-size: 14pt;\"><strong>Vale detenerse un momento sobre este punto, pues hemos llegado al meollo del asunto<\/strong>. <\/span><\/p>\n<blockquote>\n<p style=\"text-align: justify;\"><span style=\"color: #008000;\"><strong><span style=\"font-size: 14pt;\">\u00ab<em>El conflicto se cristalizaba en torno a las figuras dirigentes de la organizaci\u00f3n: Karl Marx y Miguel Bakunin. Estos dos hombres difer\u00edan tanto por su car\u00e1cter como por sus ideas. Marx, el erudito amargo, dictatorial, dotado de un gran poder de an\u00e1lisis social, absorbido por su concepci\u00f3n mesi\u00e1nica de la historia; Bakunin, h\u00e9roe de las insurrecciones y c\u00e1rceles, orador generoso y capaz de un entusiasmo extravagante, demasiado impaciente para pensar sistem\u00e1ticamente, pero que posee, en cambio, una clarividencia pol\u00edtica que le permite ver, con notable precisi\u00f3n, los defectos de sus adversarios y de sus doctrinas<\/em>\u00bb (12).<\/span><\/strong><\/span><\/p>\n<\/blockquote>\n<p>&nbsp;<\/p>\n<p style=\"text-align: justify;\"><span style=\"font-size: 14pt;\">Pero la oposici\u00f3n no es solamente de personalidad; es, mucho m\u00e1s, de doctrina: <\/span><\/p>\n<blockquote>\n<p style=\"text-align: justify;\"><strong><span style=\"color: #008000;\"><span style=\"font-size: 14pt;\">\u00ab<em>Era tambi\u00e9n&#8230;&#8230; el choque de dos filosof\u00edas de la vida mutuamente hostiles. Marx cre\u00eda en el socialismo de Estado, basado sobre la autoridad; contemplaba la dictadura del proletariado; recomendaba a los socialistas apoderarse de los mecanismos del Estado, y su sue\u00f1o de un eventual withering away (13) era indefinido y lejano, una simple concesi\u00f3n a la tradici\u00f3n libertaria del socialismo del siglo XIX.\u00a0<\/em><\/span><span style=\"font-size: 14pt;\"><em>&#8230; Bakunin, por su parte, cre\u00eda en la supresi\u00f3n del Estado y en la sustituci\u00f3n del mismo por una sociedad federal basada en comunas libres y asociaciones de productores. Colocaba el principio de la cooperaci\u00f3n voluntaria en lugar de la autoridad y rechazaba la actividad pol\u00edtica a favor de la acci\u00f3n econ\u00f3mica directa<\/em>\u00bb (14).<\/span><\/span><\/strong><\/p>\n<\/blockquote>\n<p>&nbsp;<\/p>\n<p style=\"text-align: justify;\"><span style=\"font-size: 14pt;\"> Claramente se advierte que de la primera tendencia iba a salir la evoluci\u00f3n que llevar\u00eda al socialismo autoritario de los bolcheviques, mientras <strong>Bakunin<\/strong> puede ser considerado como el padre del anarquismo y del sindicalismo apol\u00edtico.<\/span><\/p>\n<p style=\"text-align: justify;\"><span style=\"font-size: 14pt;\"> Frente a un <strong><em>marxismo<\/em><\/strong> orientado hacia el combate contra el capitalismo, el <strong><em>anarquismo<\/em><\/strong> (<strong>Grave<\/strong>, <strong>Reclus<\/strong>, <strong>Kropotkin<\/strong>) \u00ab<em>subordina la lucha contra la explotaci\u00f3n capitalista a la lucha contra toda presi\u00f3n, pone siempre el acento sobre la libertad indio vidual y opta, sin vacilar, por el apoyo mutuo espont\u00e1neo<\/em>\u00bb <strong>(15)<\/strong>.<\/span><\/p>\n<p>&nbsp;<\/p>\n<figure id=\"attachment_2302274\" aria-describedby=\"caption-attachment-2302274\" style=\"width: 240px\" class=\"wp-caption aligncenter\"><a href=\"https:\/\/es.wikipedia.org\/wiki\/%C3%89lis%C3%A9e_Reclus\" target=\"_blank\" rel=\"noopener\"><img loading=\"lazy\" decoding=\"async\" class=\"wp-image-2302274\" src=\"https:\/\/puntocritico.com\/ausajpuntocritico\/wp-content\/uploads\/2024\/10\/Elisee_Reclus_by_Nadar_retouched-223x300.jpg\" alt=\"\" width=\"240\" height=\"322\" srcset=\"https:\/\/puntocritico.com\/ausajpuntocritico\/wp-content\/uploads\/2024\/10\/Elisee_Reclus_by_Nadar_retouched-223x300.jpg 223w, https:\/\/puntocritico.com\/ausajpuntocritico\/wp-content\/uploads\/2024\/10\/Elisee_Reclus_by_Nadar_retouched.jpg 330w\" sizes=\"auto, (max-width: 240px) 100vw, 240px\" \/><\/a><figcaption id=\"caption-attachment-2302274\" class=\"wp-caption-text\"><span style=\"color: #008000;\">Jacques \u00c9lis\u00e9e Reclus\u200b (Sainte Foy la Grande, 15 de marzo de 1830-Torhout, 4 de julio de 1905) fue un ge\u00f3grafo franc\u00e9s. Miembro anarquista de la Primera Internacional y creador de la geograf\u00eda social, fue autor de innumerables trabajos sobre geograf\u00eda humana y geograf\u00eda econ\u00f3mica (Hermano menor de <a href=\"https:\/\/es.wikipedia.org\/wiki\/%C3%89lie_Reclus\" target=\"_blank\" rel=\"noopener\" data-schema-attribute=\"\">\u00c8lie Reclus<\/a>)<\/span><\/figcaption><\/figure>\n<p>&nbsp;<\/p>\n<p style=\"text-align: justify;\"><span style=\"font-size: 14pt;\">Con esto, hemos indicado hacia qu\u00e9 lado ir\u00edan las simpat\u00edas de <strong>Kropotkin<\/strong> en el momento de enfrentarse con el conflicto que divid\u00eda la <em>Internacional<\/em>.\u00a0<\/span><\/p>\n<p style=\"text-align: justify;\"><span style=\"font-size: 14pt;\">A pesar de los triunfos logrados por los marxistas en la secci\u00f3n de <em>Ginebra<\/em>, <strong>Kropotkin<\/strong>, en efecto, no simpatiz\u00f3 con ellos, y, despu\u00e9s de cinco semanas de convivencia, dese\u00f3 estudiar la rama rival, la de los partidarios de <strong>Bakunin<\/strong>. <strong>Jukovski<\/strong>, l\u00edder de dicha tendencia, lo envi\u00f3 al <strong>Jura<\/strong>, pues la <em><strong>Federaci\u00f3n<\/strong><\/em> de esta comarca era el centro de la rebeld\u00eda contra los <em>marxistas<\/em>. <\/span><\/p>\n<p style=\"text-align: justify;\"><span style=\"font-size: 14pt;\">All\u00ed <strong>Kropotkin<\/strong> deb\u00eda encontrar a <strong>James<\/strong> <strong>Guillaume<\/strong>, ex-maestro destituido por sus ideas, y a la saz\u00f3n jefe de un peque\u00f1o taller de imprenta en <em>Neuchatel<\/em>. Este <strong>Guillaume<\/strong>, que hab\u00eda desempe\u00f1ado un papel important\u00edsimo en la fundaci\u00f3n del <em><strong>grupo libertario del Jura<\/strong><\/em>, tendr\u00eda una influencia no menos decisiva en la formaci\u00f3n, o mejor dicho, en la maduraci\u00f3n del pensamiento de <strong>Kropotkin<\/strong>. Conviene citar sus propias palabras: <\/span><\/p>\n<blockquote>\n<p style=\"text-align: justify;\"><span style=\"color: #008000;\"><strong><span style=\"font-size: 14pt;\">\u00abLa exposici\u00f3n te\u00f3rica del anarquismo, tal y como empezaban a expresarlo en la Federaci\u00f3n del Jura, especialmente por Bakunin, la cr\u00edtica del socialismo de Estado, el miedo al despotismo econ\u00f3mico, mucho m\u00e1s peligroso que el simple despotismo pol\u00edtico, todo esto que o\u00ed formular all\u00ed (<em>as\u00ed como el car\u00e1cter revolucionario de esta agitaci\u00f3n<\/em>), ejerc\u00edan fuerte atracci\u00f3n sobre mi esp\u00edritu. <\/span><\/strong><\/span><\/p>\n<p style=\"text-align: justify;\"><span style=\"color: #008000;\"><strong><span style=\"font-size: 14pt;\">Pero los principios igualitarios que encontr\u00e9 en las monta\u00f1as del Jura, la independencia del pensamiento y de expresi\u00f3n que ve\u00eda desarrollarse entre los obreros y la abnegaci\u00f3n ilimitada por la causa, atra\u00edan m\u00e1s poderosamente aun mi sensibilidad; y, cuando abandon\u00e9 aquellas monta\u00f1as, despu\u00e9s de haber pasado una semana con los obreros relojeros, mis opiniones sobre el socialismo estaban fijadas. Yo era anarquista\u00bb (16).<\/span><\/strong><\/span><\/p>\n<\/blockquote>\n<p>&nbsp;<\/p>\n<figure id=\"attachment_1990862\" aria-describedby=\"caption-attachment-1990862\" style=\"width: 480px\" class=\"wp-caption aligncenter\"><img loading=\"lazy\" decoding=\"async\" class=\"wp-image-1990862\" src=\"https:\/\/puntocritico.com\/ausajpuntocritico\/wp-content\/uploads\/2021\/03\/KROPOTIN-300x181.jpg\" alt=\"\" width=\"480\" height=\"290\" srcset=\"https:\/\/puntocritico.com\/ausajpuntocritico\/wp-content\/uploads\/2021\/03\/KROPOTIN-300x181.jpg 300w, https:\/\/puntocritico.com\/ausajpuntocritico\/wp-content\/uploads\/2021\/03\/KROPOTIN-768x464.jpg 768w, https:\/\/puntocritico.com\/ausajpuntocritico\/wp-content\/uploads\/2021\/03\/KROPOTIN-610x368.jpg 610w, https:\/\/puntocritico.com\/ausajpuntocritico\/wp-content\/uploads\/2021\/03\/KROPOTIN.jpg 800w\" sizes=\"auto, (max-width: 480px) 100vw, 480px\" \/><figcaption id=\"caption-attachment-1990862\" class=\"wp-caption-text\"><span style=\"color: #008000;\">Piotr Kropotkin<\/span><\/figcaption><\/figure>\n<p>&nbsp;<\/p>\n<p style=\"text-align: justify;\"><span style=\"font-size: 14pt;\">Afirmadas estas convicciones, <strong>Kropotkin<\/strong> regresa a <em>Rusia<\/em> y las propaga entre sus compa\u00f1eros revolucionarios. A pesar de las precauciones tomadas, la polic\u00eda acaba por descubrirlo; <strong>es detenido y encarcelado en la c\u00e9lebre <em>fortaleza Pedro y Pablo de San Petersburgo<\/em><\/strong> (1874). En <strong>1876<\/strong>, logra escaparse, aprovechando su traslado a un hospital militar. <\/span><\/p>\n<p style=\"text-align: justify;\"><span style=\"font-size: 14pt;\">No podemos ahora seguir, sino a grandes rasgos, la prodigiosa actividad desarrollada por <strong>Kropotk\u00edn<\/strong> entre su evasi\u00f3n de las c\u00e1rceles de <em>Rusia<\/em> y su liberaci\u00f3n de las de <em>Francia<\/em>, donde su acci\u00f3n revolucionaria lo hab\u00eda llevado. Diez a\u00f1os median entre estas dos etapas. De <em>Inglaterra<\/em>, pa\u00eds en que se hab\u00eda refugiado en primer lugar, <strong>Kropotkin<\/strong> pasa nuevamente al continente, empujado por su fe, y reanuda su contacto con la <em><strong>Federaci\u00f3n del Jura<\/strong><\/em>. <\/span><\/p>\n<p style=\"text-align: justify;\"><span style=\"font-size: 14pt;\">La colaboraci\u00f3n en las hojas revolucionarias le hace indeseable hasta en la pac\u00edfica y liberal <em>Suiza<\/em>; huye a <em>B\u00e9lgica<\/em>; lo vemos trabajar en <em>Par\u00eds<\/em>, visita <em><strong>Espa\u00f1a<\/strong><\/em>, pa\u00eds en que, por primera vez, <strong><em>encuentra sindicatos numerosos enteramente bajo la influencia de los libertarios<\/em><\/strong>, cosa que le impresion\u00f3 mucho. En <em>Suiza<\/em>, de nuevo, funda el peri\u00f3dico <strong><em>Le R\u00e9volt\u00e9<\/em><\/strong>. Otra vez expulsado de este pa\u00eds, y despu\u00e9s de una corta estancia en <em>Inglaterra<\/em>, vuelve a <em>Francia<\/em>. <\/span><\/p>\n<p style=\"text-align: justify;\"><span style=\"font-size: 14pt;\">En breves palabras, lleva la vida siempre inquieta del agitador cl\u00e1sico, a pesar de que, en 1878, se casa con una joven compatriota, a la cual encuentra en <em>Ginebra<\/em>, <strong>Sof\u00eda<\/strong> <strong>Ananiev<\/strong>, joven estudiante de Biolog\u00eda en la <em>Universidad de Berna<\/em>. Pose\u00edan un ideal id\u00e9ntico: su indignaci\u00f3n frente a la vida dif\u00edcil de los trabajadores; y una experiencia com\u00fan: la vida en <em><strong>Siberia<\/strong><\/em>, donde la joven hab\u00eda vivido gran parte de su juventud. <\/span><\/p>\n<p style=\"text-align: justify;\"><span style=\"font-size: 14pt;\"><strong>Sof\u00eda<\/strong> ser\u00eda la compa\u00f1era fiel de la vida ajetreada de su marido, el cual no pod\u00eda admitir que el matrimonio impidiese su labor de agitador. Le dar\u00eda, en <strong>1887<\/strong>, una hija, llamada <strong>Alexandra<\/strong>. Una primera prueba fue la <em><strong>detenci\u00f3n, en 1882, de <\/strong><\/em><strong>Kropotkin<\/strong><em><strong> por las auto<\/strong><\/em><\/span><em><strong><span style=\"font-size: 14pt;\">ridades francesas<\/span><\/strong><\/em><span style=\"font-size: 14pt;\">.<\/span><\/p>\n<p>&nbsp;<\/p>\n<p><img loading=\"lazy\" decoding=\"async\" class=\"size-medium wp-image-2302275 aligncenter\" src=\"https:\/\/puntocritico.com\/ausajpuntocritico\/wp-content\/uploads\/2024\/10\/en-defensa-de-las-mujeres-en-las-sombras-de-los-grandes-hombres-el-caso-de-sofia-kropotkin-10-28-2020-267x300.jpg\" alt=\"\" width=\"267\" height=\"300\" srcset=\"https:\/\/puntocritico.com\/ausajpuntocritico\/wp-content\/uploads\/2024\/10\/en-defensa-de-las-mujeres-en-las-sombras-de-los-grandes-hombres-el-caso-de-sofia-kropotkin-10-28-2020-267x300.jpg 267w, https:\/\/puntocritico.com\/ausajpuntocritico\/wp-content\/uploads\/2024\/10\/en-defensa-de-las-mujeres-en-las-sombras-de-los-grandes-hombres-el-caso-de-sofia-kropotkin-10-28-2020.jpg 500w\" sizes=\"auto, (max-width: 267px) 100vw, 267px\" \/><\/p>\n<p>&nbsp;<\/p>\n<p style=\"text-align: justify;\"><span style=\"font-size: 14pt;\">La vista del proceso tuvo lugar ante el <em>tribunal de Lyon<\/em>, del 8 al 19 de enero de <strong>1883<\/strong>. Los cargos parec\u00edan d\u00e9biles, pero la situaci\u00f3n social del pa\u00eds estaba tensa; por otra parte, hasta las preocupaciones internacionales parecen haber influido: <em>Francia<\/em>, aislada frente <em>Alemania<\/em>, no quer\u00eda disgustar a <em>Rusia<\/em> <strong>(17)<\/strong>. <\/span><\/p>\n<p style=\"text-align: justify;\"><span style=\"font-size: 14pt;\"><strong>Kropotk\u00edn y otros tres acusados fueron condenados a cinco a\u00f1os de c\u00e1rcel y una fuerte multa<\/strong>. Poco despu\u00e9s, fueron trasladados a la <em>C\u00e1rcel de Clairveaux<\/em>, antigua <em>abad\u00eda de San Bernardo<\/em>. Si bien <em>se les otorg\u00f3 el estatuto de prisioneros pol\u00edticos<\/em>, si las autoridades penitenciarias les manifestaron mucho respeto, no es menos cierto que la detenci\u00f3n acab\u00f3 por afectar gravemente la salud de <strong>Kropotkin<\/strong>. <\/span><\/p>\n<p style=\"text-align: justify;\"><span style=\"font-size: 14pt;\">El aburrimiento, y sobre todo el <em>paludismo<\/em> lo llevaron a un estado bastante grave. Por toda <em>Francia<\/em>, lo mismo que desde Inglaterra y otros pa\u00edses, se levantaron voces que ped\u00edan la liberaci\u00f3n del prisionero, mientras su abnegada esposa se hab\u00eda establecido en aquel rinc\u00f3n perdido con el fin de ayudarle durante aquella prueba. <strong>Frente a la ola de peticiones y protestas, el Presidente del Consejo acab\u00f3 por indultar a Kropotkin y sus compa\u00f1eros de detenci\u00f3n, que recobraron su libertad el 15 de enero de 1886<\/strong>. <\/span><\/p>\n<p style=\"text-align: justify;\"><span style=\"font-size: 14pt;\">De su experiencia de <em><strong>Siberia<\/strong><\/em> y de la <em>fortaleza Pedro y Pablo<\/em>, as\u00ed como de la reciente de <em>Clairvaux<\/em>, <strong>Kropotkin<\/strong> sac\u00f3 su libro <em><strong>En las c\u00e1rceles rusas y francesas<\/strong><\/em>, informe objetivo y, a la vez, afirmaci\u00f3n del car\u00e1cter in\u00fatil y nocivo de la detenci\u00f3n. <\/span><\/p>\n<p style=\"text-align: justify;\"><span style=\"font-size: 14pt;\">Poco despu\u00e9s de su liberaci\u00f3n, y a pesar de ella, <strong>Kropotkin<\/strong> comprendi\u00f3 que era <em>persona non grata<\/em> en <em>Francia<\/em>. Por cuarta vez, <em>Inglaterra<\/em> iba a ser el refugio del revolucionario. Ahora bien, con la liberaci\u00f3n de <em>Clairvaux<\/em> y la llegada a <em>Inglaterra<\/em>, <strong>empieza una nueva etapa de la vida del revolucionario, que durar\u00e1 hasta 1917, a\u00f1o de su regreso a <em>Rusia<\/em><\/strong>.<\/span><\/p>\n<p style=\"text-align: justify;\"><span style=\"font-size: 14pt;\"> Como lo notan sus bi\u00f3grafos, \u00ab<em>en aquel momento, empieza el per\u00edodo de santidad, de ciencia, el per\u00edodo del teorizante que vive en el retiro<\/em>\u00bb <strong>(18)<\/strong>. La salud quebrantada ya no le permite el desgaste de energ\u00edas de anta\u00f1o; y la tolerancia, por liberal que sea, de las autoridades brit\u00e1nicas, le obliga a cierta prudencia.<\/span><\/p>\n<p>&nbsp;<\/p>\n<figure id=\"attachment_2302276\" aria-describedby=\"caption-attachment-2302276\" style=\"width: 440px\" class=\"wp-caption aligncenter\"><img loading=\"lazy\" decoding=\"async\" class=\"wp-image-2302276\" src=\"https:\/\/puntocritico.com\/ausajpuntocritico\/wp-content\/uploads\/2024\/10\/Proudhon_Bakunin_Kropotkin-300x200.jpg\" alt=\"\" width=\"440\" height=\"293\" srcset=\"https:\/\/puntocritico.com\/ausajpuntocritico\/wp-content\/uploads\/2024\/10\/Proudhon_Bakunin_Kropotkin-300x200.jpg 300w, https:\/\/puntocritico.com\/ausajpuntocritico\/wp-content\/uploads\/2024\/10\/Proudhon_Bakunin_Kropotkin-1024x683.jpg 1024w, https:\/\/puntocritico.com\/ausajpuntocritico\/wp-content\/uploads\/2024\/10\/Proudhon_Bakunin_Kropotkin-768x512.jpg 768w, https:\/\/puntocritico.com\/ausajpuntocritico\/wp-content\/uploads\/2024\/10\/Proudhon_Bakunin_Kropotkin.jpg 1200w\" sizes=\"auto, (max-width: 440px) 100vw, 440px\" \/><figcaption id=\"caption-attachment-2302276\" class=\"wp-caption-text\"><span style=\"color: #008000;\">Proudhon, Bakunin y Kropotkin<\/span><\/figcaption><\/figure>\n<p>&nbsp;<\/p>\n<p>&nbsp;<\/p>\n<p style=\"text-align: justify;\"><span style=\"font-size: 14pt;\">Durante este largo per\u00edodo, <strong>Kropotkin<\/strong>, sin renunciar en nada a sus ideales, profundiza su pensamiento, se entrega a sus labores cient\u00edficas, tanto en el terreno sociol\u00f3gico como en el geogr\u00e1fico: su figura adquiere un prestigio y una dimensi\u00f3n internacionales. <\/span><\/p>\n<p style=\"text-align: justify;\"><span style=\"font-size: 14pt;\">Uno de sus amigos ingleses, <strong>James<\/strong> <strong>Mavor<\/strong>, ha dejado un excelente retrato de <strong>Kropotkin<\/strong> en aquella \u00e9poca: <\/span><\/p>\n<blockquote>\n<p style=\"text-align: justify;\"><span style=\"color: #008000;\"><strong><span style=\"font-size: 14pt;\">\u00abEra bajo, apenas de cinco pies y medio, de complexi\u00f3n delicada, con unos pies extraordinariamente peque\u00f1os, cintura estrecha y anchas espaldas. Ten\u00eda el cuello rechoncho y una cabeza gorda. Llevaba una barba morena bien poblada, raras veces cuidada y que jam\u00e1s perd\u00eda su aspecto caracter\u00edstico. La cima de\u00a0<\/span><\/strong><span style=\"font-size: 14pt;\"><strong>su cr\u00e1neo era calva, pero, en los lados y por detr\u00e1s, su pelo, moreno oscuro, era abundante. Sus ojos centelleaban de inteligencia, y cuando estaba irritado, parec\u00eda que ard\u00edan. Sus maneras eran las de un cortesano pero la solicitud que manifestaba a sus amigos era la expresi\u00f3n de un coraz\u00f3n sincero y caluroso. Escrib\u00eda el ingl\u00e9s con esmero y con un sentimiento inequ\u00edvoco del estilo; tenia para el franc\u00e9s la misma facilidad y elegancia; pero, cuando hablaba, su acento distaba mucho de ser perfecto\u00bb (19).<\/strong> <\/span><\/span><\/p>\n<\/blockquote>\n<p>&nbsp;<\/p>\n<p style=\"text-align: justify;\"><span style=\"font-size: 14pt;\">A pesar del car\u00e1cter m\u00e1s estable que adquiere la vida de <strong>Kropotkin<\/strong> desde su instalaci\u00f3n en <em>Inglaterra<\/em>, ser\u00eda err\u00f3neo considerarla como un estancamiento del ex-agitador. En <em>Londres<\/em>, entra en relaci\u00f3n con los pioneros ingleses del movimiento socialista, a los cuales se un\u00eda un n\u00famero considerable de refugiados del continente, esencialmente alemanes y franceses. Pronto, crea un peri\u00f3dico anarquista, <em><strong>Freedom<\/strong><\/em>. Recorre el pa\u00eds, dando conferencias. Dos veces visita <em>Am\u00e9rica<\/em>: <em>Canad\u00e1<\/em> y <em>Estados Unidos<\/em> (1897 y 1901). <\/span><\/p>\n<p style=\"text-align: justify;\"><span style=\"font-size: 14pt;\">En julio de <strong>1896<\/strong>, el <strong>Congreso de la Segunda Internacional socialista<\/strong>, celebrado en <em>Londres<\/em>, hizo definitiva la ruptura entre los social-dem\u00f3cratas y los socialistas libertarios. Aqu\u00e9llos consiguieron la expulsi\u00f3n de \u00e9stos, a pesar de lo cual el prestigio de <strong>Kropotkin<\/strong> y de sus amigos permaneci\u00f3 intacto, si no es que aument\u00f3. Resumiendo los resultados de dicho <em>Congreso<\/em>, <strong>Kropotkin<\/strong> subrayaba <\/span><\/p>\n<blockquote>\n<p style=\"text-align: justify;\"><strong><span style=\"font-size: 14pt;\"><span style=\"color: #008000;\">\u00ab<em>la separaci\u00f3n del movimiento econ\u00f3mico de la clase trabajadora del movimiento pol\u00edtico semiburgu\u00e9s que, bajo el nombre de social democracia o socialismo parlamentario, amenaza con absorber el movimiento socialista en nuestro pa\u00eds<\/em>\u00bb (20).<\/span> <\/span><\/strong><\/p>\n<\/blockquote>\n<p>&nbsp;<\/p>\n<p style=\"text-align: justify;\"><span style=\"font-size: 14pt;\">Durante este per\u00edodo, <strong>Kropotkin<\/strong>, redacta varias de sus obras principales, especialmente E<strong>l Apoyo Mutuo, Memorias de un<\/strong> <strong>Revolucionario<\/strong>,<strong> Ideales y Realidades en la Literatura rusa<\/strong>, y su obra \u00ab<em>monumental<\/em>\u00ab, <strong>La gran Revoluci\u00f3n Frances<\/strong><strong>a<\/strong>. <\/span><\/p>\n<p style=\"text-align: justify;\"><span style=\"font-size: 14pt;\">Sin embargo, una preocupaci\u00f3n va dominando cada d\u00eda m\u00e1s la vida de <strong>Kropotkin<\/strong>. la guerra. Al comentar las cartas que constituyen el objeto del presente estudio, examinaremos la actitud dram\u00e1ticamente parad\u00f3jica del gran anarquista frente a este grave problema, que deb\u00eda provocar su ruptura con la mayor\u00eda de sus compa\u00f1eros de lucha.<\/span><\/p>\n<p>&nbsp;<\/p>\n<figure id=\"attachment_2302277\" aria-describedby=\"caption-attachment-2302277\" style=\"width: 400px\" class=\"wp-caption aligncenter\"><a href=\"https:\/\/es.m.wikipedia.org\/wiki\/Mija%C3%ADl_Bakunin\" target=\"_blank\" rel=\"noopener\"><img loading=\"lazy\" decoding=\"async\" class=\"wp-image-2302277\" src=\"https:\/\/puntocritico.com\/ausajpuntocritico\/wp-content\/uploads\/2024\/10\/bakunin-300x196.jpg\" alt=\"\" width=\"400\" height=\"261\" srcset=\"https:\/\/puntocritico.com\/ausajpuntocritico\/wp-content\/uploads\/2024\/10\/bakunin-300x196.jpg 300w, https:\/\/puntocritico.com\/ausajpuntocritico\/wp-content\/uploads\/2024\/10\/bakunin.jpg 460w\" sizes=\"auto, (max-width: 400px) 100vw, 400px\" \/><\/a><figcaption id=\"caption-attachment-2302277\" class=\"wp-caption-text\"><span style=\"color: #008000;\">Mija\u00edl Bakunin <\/span><\/figcaption><\/figure>\n<p>&nbsp;<\/p>\n<p style=\"text-align: justify;\"><span style=\"font-size: 14pt;\">Abandonado, pues, por casi todos sus pares, enfermo, <strong>Kropotkin<\/strong> pod\u00eda creer terminada una carrera excepcionalmente activa, cuando en mayo de <strong>1917<\/strong> llegaron a <em>Londres<\/em>, procedentes de <em>Rusia<\/em>, noticias extraordinarias: el pueblo se hab\u00eda sublevado y la autocracia hab\u00eda sido derribada. <\/span><\/p>\n<p style=\"text-align: justify;\"><span style=\"font-size: 14pt;\">Esta era la hora que \u00e9l esperaba desde hac\u00eda tantos a\u00f1os, esta era la noticia que parec\u00eda brindarle, a pesar de sus a\u00f1os y de sus achaques, una nueva oportunidad de servir. El entusiasmo de <strong>Kropotkin<\/strong> era sin l\u00edmite. Pronto entabl\u00f3 las gestiones necesarias para volver a la <em>Patria<\/em> que hab\u00eda dejado, en las condiciones que sabemos, cuarenta y un a\u00f1os antes. Se despidi\u00f3 de sus amigos, agradeciendo la hospitalidad inglesa, y se embarc\u00f3 con su familia en <em>Aberdeen<\/em>. <\/span><\/p>\n<p style=\"text-align: justify;\"><span style=\"font-size: 14pt;\">Como la guerra imped\u00eda el viaje directo, el barco ten\u00eda que dirigirse primero a <em>Noruega<\/em> y <em>Suecia<\/em>. En ambos pa\u00edses, a pesar de viajar inc\u00f3gnito, fue reconocido y homenajeado. Al llegar a <em>Tornio<\/em>, en <em>Finlandia<\/em>, cruz\u00f3 las antiguas fronteras de la <em>Rusia<\/em> imperial, y fue acogido cari\u00f1osamente por oficiales y soldados rusos. En <em>Petrogrado<\/em>, donde el tren lleg\u00f3 a las 2 de la madrugada, la recepci\u00f3n fue triunfal. <\/span><\/p>\n<blockquote>\n<p style=\"text-align: justify;\"><strong><span style=\"font-size: 14pt;\"><span style=\"color: #008000;\">\u00ab<em>Cuando el tren penetr\u00f3 lentamente en la estaci\u00f3n, a los acordes de la Marsellesa, ejecutada por bandas militares y en medio de los aplausos del regimiento de los guardas de Semenovski, sesenta mil personas esperaban para aclamar a Kropotkin<\/em>\u00bb (21).<\/span> <\/span><\/strong><\/p>\n<\/blockquote>\n<p>&nbsp;<\/p>\n<p style=\"text-align: justify;\"><span style=\"font-size: 14pt;\"><strong>Sin embargo, el pensador anarquista no tardar\u00eda en encontrarse en una posici\u00f3n ambigua<\/strong>. Ya durante su \u00ab<em>marcha triunfal<\/em>\u00bb entre <em>Tornio<\/em> y <em>Petrogrado<\/em>, hab\u00eda podido notar la presencia, en la revoluci\u00f3n rusa, del conflicto que divid\u00eda el mundo obrero. En varias circunstancias, los obreros y soldados que le escuchaban opusieron el silencio a sus palabras. \u00ab<em>Eran, apunta, lo que llaman bolcheviques<\/em>\u00ab<strong> (22)<\/strong>.<\/span><\/p>\n<p>&nbsp;<\/p>\n<figure id=\"attachment_2264194\" aria-describedby=\"caption-attachment-2264194\" style=\"width: 260px\" class=\"wp-caption aligncenter\"><img loading=\"lazy\" decoding=\"async\" class=\"wp-image-2264194\" src=\"https:\/\/puntocritico.com\/ausajpuntocritico\/wp-content\/uploads\/2023\/01\/330px-Kerensky24971v-252x300.jpg\" alt=\"\" width=\"260\" height=\"310\" srcset=\"https:\/\/puntocritico.com\/ausajpuntocritico\/wp-content\/uploads\/2023\/01\/330px-Kerensky24971v-252x300.jpg 252w, https:\/\/puntocritico.com\/ausajpuntocritico\/wp-content\/uploads\/2023\/01\/330px-Kerensky24971v.jpg 330w\" sizes=\"auto, (max-width: 260px) 100vw, 260px\" \/><figcaption id=\"caption-attachment-2264194\" class=\"wp-caption-text\"><span style=\"color: #008000;\">K\u00e9renski exhortando a las tropas como ministro de Defensa del Gobierno provisional, primavera-verano de 1917<\/span><\/figcaption><\/figure>\n<p>&nbsp;<\/p>\n<p style=\"text-align: justify;\"><span style=\"font-size: 14pt;\">Mientras tanto, <strong>Kropotkin<\/strong> lleva una vida agotadora: visitas, conversaciones, conferencias; tiene buenas relaciones con el <em>primer ministro<\/em> del <em>Gobierno<\/em> <em>provisional<\/em>, <strong>Kerenski<\/strong>, pero, fiel consigo mismo, <strong>se niega a entrar en el Gobierno<\/strong>. La situaci\u00f3n, en aquel a\u00f1o de <strong>1917<\/strong>, era ca\u00f3tica tanto en el interior como en el frente. <strong>Kropotkin<\/strong> abogaba por la continuaci\u00f3n de la guerra, y esto contribu\u00eda a aislarlo en medio de una opini\u00f3n cada vez m\u00e1s deseosa de la paz, a toda costa. La tentativa de los bolchevique s, en julio, para tomar el poder, aument\u00f3 sus preocupaciones. En agosto, sali\u00f3 para <em>Mosc\u00fa<\/em>. <em><strong>La Revoluci\u00f3n de octubre<\/strong><\/em> fue la repetici\u00f3n lograda de la intentona de julio. <\/span><\/p>\n<p style=\"text-align: justify;\"><span style=\"font-size: 14pt;\">La paz con <em>Alemania<\/em>, decidida por el nuevo gobierno revolucionario, suprim\u00eda uno de los objetivos de <strong>Kropotkin<\/strong>. En <strong>1918<\/strong>, se dedic\u00f3 al triunfo de otra de sus ideas: la lucha contra la centralizaci\u00f3n gubernamental, por medio de la \u00ab<em>Liga federalista<\/em>\u00ab.\u00a0<\/span><\/p>\n<p style=\"text-align: justify;\"><span style=\"font-size: 14pt;\">\u00ab<em>Era un grupo relativamente poco numeroso de gente interesada por la sociolog\u00eda y que esperaba ( &#8230; ) alentar las diferentes regiones para que intenten enderezar su industria y su agricultura sin confiar en la eficacia dudosa de las autoridades centrales<\/em>\u00ab. Era aqu\u00e9lla una de las ideas fundamentales de <strong>Kropotkin<\/strong> y del <em>anarquismo<\/em>. <\/span><\/p>\n<p style=\"text-align: justify;\"><span style=\"font-size: 14pt;\">Pero nada m\u00e1s opuesto a la pol\u00edtica estatal, centralizadora, de los <em>bolcheviques<\/em>. En la primera de <strong>1918<\/strong>, \u00e9stos suprimieron la <em>Liga<\/em> y confiscaron sus documentos. En realidad, <strong>Kropotkin<\/strong>, se sent\u00eda cada vez m\u00e1s solo. Los \u00faltimos acontecimientos, y especialmente el triunfo de los <em>bolcheviques<\/em>, hab\u00edan asestado un golpe duro a su fe en el pueblo ruso. <\/span><\/p>\n<p style=\"text-align: justify;\"><span style=\"font-size: 14pt;\">He aqu\u00ed su juicio, severo, sobre <strong>Lenin<\/strong>: <\/span><\/p>\n<blockquote>\n<p style=\"text-align: justify;\"><strong><span style=\"font-size: 14pt; color: #008000;\">\u00ab<em>Lenin no puede ser comparado con ninguna otra figura revolucionaria de la historia. Los revolucionarios ten\u00edan ideales. Lenin no tiene ninguno. Es un loco, un sacr\u00edficador, deseoso de quemar, de matar y sacrificar. Lo que se llama bien y lo que se llama mal son para \u00e9l palabras sin significado. Est\u00e1 dispuesto a traicionar a Rusia para hacer un experimento<\/em>\u00bb (23).<\/span><\/strong><\/p>\n<\/blockquote>\n<p>&nbsp;<\/p>\n<figure id=\"attachment_2302278\" aria-describedby=\"caption-attachment-2302278\" style=\"width: 360px\" class=\"wp-caption aligncenter\"><img loading=\"lazy\" decoding=\"async\" class=\"wp-image-2302278\" src=\"https:\/\/puntocritico.com\/ausajpuntocritico\/wp-content\/uploads\/2024\/10\/Consejo-de-Comisarios-del-Pueblo-a-principios-de-1918-209x300.jpg\" alt=\"\" width=\"360\" height=\"517\" srcset=\"https:\/\/puntocritico.com\/ausajpuntocritico\/wp-content\/uploads\/2024\/10\/Consejo-de-Comisarios-del-Pueblo-a-principios-de-1918-209x300.jpg 209w, https:\/\/puntocritico.com\/ausajpuntocritico\/wp-content\/uploads\/2024\/10\/Consejo-de-Comisarios-del-Pueblo-a-principios-de-1918-713x1024.jpg 713w, https:\/\/puntocritico.com\/ausajpuntocritico\/wp-content\/uploads\/2024\/10\/Consejo-de-Comisarios-del-Pueblo-a-principios-de-1918-768x1103.jpg 768w, https:\/\/puntocritico.com\/ausajpuntocritico\/wp-content\/uploads\/2024\/10\/Consejo-de-Comisarios-del-Pueblo-a-principios-de-1918-1069x1536.jpg 1069w, https:\/\/puntocritico.com\/ausajpuntocritico\/wp-content\/uploads\/2024\/10\/Consejo-de-Comisarios-del-Pueblo-a-principios-de-1918-1320x1897.jpg 1320w, https:\/\/puntocritico.com\/ausajpuntocritico\/wp-content\/uploads\/2024\/10\/Consejo-de-Comisarios-del-Pueblo-a-principios-de-1918.jpg 1392w\" sizes=\"auto, (max-width: 360px) 100vw, 360px\" \/><figcaption id=\"caption-attachment-2302278\" class=\"wp-caption-text\"><span style=\"color: #008000;\">Consejo de Comisarios del Pueblo a principios de 1918<\/span><\/figcaption><\/figure>\n<p>&nbsp;<\/p>\n<p style=\"text-align: justify;\"><span style=\"font-size: 14pt;\">En abril de 1918, empezaron las detenciones de <em>anarquistas<\/em> y la supresi\u00f3n de organizaciones, y, bien pronto, <strong>todo movimiento anarquista organizado desapareci\u00f3 en <em>Rusia<\/em><\/strong>. En estas condiciones, <strong>Kropotkin<\/strong> juzg\u00f3 preferible marcharse de <em>Mosc\u00fa<\/em>. <\/span><\/p>\n<p style=\"text-align: justify;\"><span style=\"font-size: 14pt;\">Los amigos encontraron para \u00e9l una casa en la aldea de <em>Dmitrov<\/em>, a unos kil\u00f3metros en el norte de la capital, y all\u00ed se estableci\u00f3 en junio de 1918. En aquel retiro, <strong>Kropotkin<\/strong> prosigui\u00f3 su combate con los pocos medios que quedaban a su alcance. Escrib\u00eda: su <strong>Moral<\/strong> fue redactada en <em>Dmitrov<\/em>. <\/span><\/p>\n<p style=\"text-align: justify;\"><span style=\"font-size: 14pt;\">Recib\u00eda visitas, incluso la de <strong>Lenin<\/strong>, que parec\u00eda deseoso de ganarse el apoyo de <strong>Kropotkin<\/strong> en los d\u00edas dif\u00edciles porque atravesaban los <em>bolcheviques<\/em>. Pero el viejo luchador no cej\u00f3 en sus criticas contra la actuaci\u00f3n de \u00e9stos. Desilusionado, sometido al r\u00e9gimen alimenticio deficiente que imperaba entonces en el pa\u00eds, y a la privaci\u00f3n (<em>m\u00e1s dura para \u00e9l<\/em>) de alimento intelectual en su aldea, <strong>Kropork\u00edn<\/strong> se neg\u00f3 sin embargo a salir de <em>Rusia<\/em>. <\/span><\/p>\n<blockquote>\n<p style=\"text-align: justify;\"><span style=\"color: #008000;\"><strong><span style=\"font-size: 14pt;\">\u00ab<em>No, dec\u00eda; despu\u00e9s de cuarenta\u00a0<\/em><\/span><span style=\"font-size: 14pt;\"><em>a\u00f1os de exilio, no tengo otro deseo que el de morir en el pa\u00eds que tanto quiero, y en que creo es mi deber ayudar a la Revoluci\u00f3n en todas sus fases<\/em>\u00bb (24).<\/span><\/strong><\/span><\/p>\n<\/blockquote>\n<p>&nbsp;<\/p>\n<p style=\"text-align: justify;\"><span style=\"font-size: 14pt;\">Un \u00faltimo y grave conflicto deb\u00eda oponerle al r\u00e9gimen leninista: el asunto de los rehenes. <\/span><\/p>\n<blockquote>\n<p style=\"text-align: justify;\"><span style=\"font-size: 14pt;\">\u00ab<strong><span style=\"color: #008000;\">La indignaci\u00f3n de Kropotkin aument\u00f3 y, finalmente, durante el oto\u00f1o de 1920, cuando los <em>bolcheviques<\/em> adoptaron el repugnante m\u00e9todo medieval de tomar rehenes con el fin de protegerse contra toda violencia posible de parte de sus adversarios, se sinti\u00f3 en la obligaci\u00f3n de escribir su famosa carta a Lenin\u00bb. <\/span><\/strong><\/span><\/p>\n<p style=\"text-align: justify;\"><strong><span style=\"font-size: 14pt; color: #008000;\">\u00abVladimir Il\u00edch, sus acciones reales son enteramente indignas de las ideas que usted pretende defender &#8230; \u00bb (25).<\/span><\/strong><\/p>\n<\/blockquote>\n<p>&nbsp;<\/p>\n<figure id=\"attachment_2302279\" aria-describedby=\"caption-attachment-2302279\" style=\"width: 400px\" class=\"wp-caption aligncenter\"><img loading=\"lazy\" decoding=\"async\" class=\"wp-image-2302279\" src=\"https:\/\/puntocritico.com\/ausajpuntocritico\/wp-content\/uploads\/2024\/10\/Kropotkin_Funeral-300x218.jpg\" alt=\"\" width=\"400\" height=\"290\" srcset=\"https:\/\/puntocritico.com\/ausajpuntocritico\/wp-content\/uploads\/2024\/10\/Kropotkin_Funeral-300x218.jpg 300w, https:\/\/puntocritico.com\/ausajpuntocritico\/wp-content\/uploads\/2024\/10\/Kropotkin_Funeral-768x558.jpg 768w, https:\/\/puntocritico.com\/ausajpuntocritico\/wp-content\/uploads\/2024\/10\/Kropotkin_Funeral.jpg 807w\" sizes=\"auto, (max-width: 400px) 100vw, 400px\" \/><figcaption id=\"caption-attachment-2302279\" class=\"wp-caption-text\"><span style=\"color: #008000;\">Funeral de Kropotkin<\/span><\/figcaption><\/figure>\n<p>&nbsp;<\/p>\n<p style=\"text-align: justify;\"><span style=\"font-size: 14pt;\"><strong>En enero de 1921, una neumon\u00eda lo derrib\u00f3. Muri\u00f3 el 8 de febrero, a las tres de la madrugada, rodeado por su esposa, su hija y un par de amigos<\/strong>. El gobierno ofreci\u00f3 hacerle funerales nacionales y los familiares y amigos rechazaron el ofrecimiento, pues el viejo anarquista lo hubiese tomado como una injuria. <\/span><\/p>\n<p style=\"text-align: justify;\"><span style=\"font-size: 14pt;\">Las exequias de <strong>Kropotkin<\/strong> dieron lugar a un \u00faltimo incidente con las autoridades <em>bolcheviques<\/em>. El comit\u00e9 encargado de la ceremonia, constituido por agrupaciones anarquistas, exigi\u00f3 la liberaci\u00f3n de compa\u00f1eros encarcelados en <em>Mosc\u00fa<\/em> por sus opiniones. <em><strong>La<\/strong> <strong>Cheka<\/strong><\/em> afirm\u00f3 que no hab\u00eda tales detenidos. El d\u00eda de las exequias, el comit\u00e9 exigi\u00f3 de <strong>Kamenev<\/strong> por tel\u00e9fono la liberaci\u00f3n inmediata de los detenidos, o dar\u00eda a conocer p\u00fablicamente a las muchedumbres reunidas en la <em>Palacio del Pueblo<\/em> y fuera de \u00e9l la falta de los <em>bolcheviquies<\/em> a su palabra y las banderas <em>bolcheviques<\/em> ser\u00edan arrancadas del ata\u00fad. Numerosos corresponsales extranjeros presenciaban la escena, y la multitud se volv\u00eda amenazadora. <strong>Kamenev<\/strong> prometi\u00f3 que los detenidos llegar\u00edan dentro de veinte minutos. Las exequias empezaron, pero los detenidos no llegaron nunca. <\/span><\/p>\n<blockquote>\n<p style=\"text-align: justify;\"><strong><span style=\"font-size: 14pt;\"><span style=\"color: #008000;\">\u00abEl funeral fue una demostraci\u00f3n de las m\u00e1s impresionantes, y nunca vista en otro pa\u00eds. Largas filas de miembros de organizaciones anarquistas, sindicatos, sociedades cientificas, literarias, estudiantiles, caminaron m\u00e1s de dos horas desde el Templo del Trabajo hasta la tumba, a una distancia de siete verstas. Encabezaban la procesi\u00f3n estudiantes y ni\u00f1os llevando coronas de flores ofrecidas por varias organizaciones. Negras banderas anarquistas y rojos emblemas socialistas ondeaban encima de la muchedumbre. La procesi\u00f3n, larga de m\u00e1s de un kil\u00f3metro, hizo absolutamente in\u00fatil el servicio de los polic\u00edas oficiales. La misma muchedumbre mantuvo espont\u00e1neamente un orden perfecto, formando varias filas, mientras estudiantes y obreros organizaban una cadena a ambos lados de los caminantes. Al pasar frente al <em>Museo Tolstoi<\/em>, el cortejo hizo alto, y las banderas fueron alzadas en honor a la memoria del otro gran hijo de Rusia. Un grupo de tolstoianos, en las gradas del Museo, ejecut\u00f3 la <em>Marcha f\u00fanebre<\/em> de Chop\u00edn como manifestaci\u00f3n de amor y respeto hacia Kropotkin.<\/span> <\/span><\/strong><\/p>\n<p style=\"text-align: justify;\"><strong><span style=\"font-size: 14pt; color: #008000;\">\u00abEl brillante sol de invierno se hund\u00eda en el horizonte cuando los restos de Kropotk\u00edn fueron bajados a la tumba, despu\u00e9s de que oradores de muchas tendencias pol\u00edticas hubiesen rendido un \u00faltimo tributo a su gran maestro y compa\u00f1ero\u00bb (26).\u00a0<\/span><\/strong><\/p>\n<\/blockquote>\n<p>&nbsp;<\/p>\n<p><img loading=\"lazy\" decoding=\"async\" class=\"aligncenter wp-image-2208243\" src=\"https:\/\/puntocritico.com\/ausajpuntocritico\/wp-content\/uploads\/2021\/05\/el-apoyo-mutuo-kropotkin-f-sempere-y-comp-editores-207x300.jpg\" alt=\"\" width=\"240\" height=\"348\" srcset=\"https:\/\/puntocritico.com\/ausajpuntocritico\/wp-content\/uploads\/2021\/05\/el-apoyo-mutuo-kropotkin-f-sempere-y-comp-editores-207x300.jpg 207w, https:\/\/puntocritico.com\/ausajpuntocritico\/wp-content\/uploads\/2021\/05\/el-apoyo-mutuo-kropotkin-f-sempere-y-comp-editores.jpg 224w\" sizes=\"auto, (max-width: 240px) 100vw, 240px\" \/><\/p>\n<p style=\"text-align: center;\"><strong><span style=\"color: #008000; font-size: 18pt;\">*******<\/span><\/strong><\/p>\n<h3 style=\"text-align: center;\"><span style=\"font-size: 14pt;\"><span style=\"font-size: 18pt;\">EL\u00cdAS JIM\u00c9NEZ ROJAS<\/span><\/span><\/h3>\n<p style=\"text-align: center;\"><span style=\"font-size: 14pt;\"><em><strong><a href=\"https:\/\/es.wikipedia.org\/wiki\/El%C3%ADas_Jim%C3%A9nez_Rojas\" target=\"_blank\" rel=\"noopener\">El\u00edas Jim\u00e9nez Rojas<\/a> (San Jos\u00e9, Costa Rica, 6 de abril de 1869-12 de octubre de 1945), fue un profesor, farmac\u00e9utico, escritor y empresario costarricense, reconocido por su trabajo como docente y divulgador del positivismo, individualismo y anarquismo en Costa rica.\u200b Se le considera el padre de la Farmacia en Costa Rica<\/strong><\/em><\/span><\/p>\n<p><img loading=\"lazy\" decoding=\"async\" class=\"aligncenter wp-image-8850\" src=\"https:\/\/puntocritico.com\/ausajpuntocritico\/wp-content\/uploads\/2018\/02\/a-de-anarquia-para-imagen-principal-PAINT-300x169.jpg\" alt=\"\" width=\"400\" height=\"225\" srcset=\"https:\/\/puntocritico.com\/ausajpuntocritico\/wp-content\/uploads\/2018\/02\/a-de-anarquia-para-imagen-principal-PAINT-300x169.jpg 300w, https:\/\/puntocritico.com\/ausajpuntocritico\/wp-content\/uploads\/2018\/02\/a-de-anarquia-para-imagen-principal-PAINT.jpg 678w\" sizes=\"auto, (max-width: 400px) 100vw, 400px\" \/><\/p>\n<p>&nbsp;<\/p>\n<p style=\"text-align: justify;\"><span style=\"font-size: 14pt;\">El admirador y corresponsal epistolar de <strong>Kropotkin<\/strong> se ha descrito a s\u00ed mismo mucho mejor de lo que podr\u00edamos hacer. En la <em><strong>Revista Apuntes<\/strong><\/em>, por \u00e9l dirigida, escrib\u00eda en efecto lo siguiente <strong>(27)<\/strong>:<\/span><\/p>\n<p>&nbsp;<\/p>\n<blockquote>\n<p style=\"text-align: right;\"><strong><span style=\"font-size: 14pt;\">\u00ab<span style=\"font-family: 'courier new', courier, monospace;\">San Jos\u00e9, 25 de mayo de 1931<\/span><\/span><\/strong><\/p>\n<p style=\"text-align: justify;\"><strong><span style=\"font-size: 14pt;\">\u00ab<span style=\"font-family: 'courier new', courier, monospace;\">Sr. don Hem\u00e1n G. Peralta, <\/span><\/span><\/strong><\/p>\n<p style=\"text-align: justify;\"><strong><span style=\"font-size: 14pt; font-family: 'courier new', courier, monospace;\">\u00abPresente. <\/span><\/strong><\/p>\n<p style=\"text-align: justify;\"><strong><span style=\"font-size: 14pt; font-family: 'courier new', courier, monospace;\">\u00abSr. don Hern\u00e1n Peralta, <\/span><\/strong><\/p>\n<p style=\"text-align: justify;\"><strong><span style=\"font-size: 14pt; font-family: 'courier new', courier, monospace;\">\u00abTengo el gusto de responder a las preguntas de su amable carta de 8 de mayo en curso. <\/span><\/strong><\/p>\n<p style=\"text-align: justify;\"><strong><span style=\"font-size: 14pt; font-family: 'courier new', courier, monospace;\">\u00abNac\u00ed en San Jos\u00e9 de Costa Rica el 6 de abril de 1869. Un a\u00f1o despu\u00e9s de haber terminado los estudios de segunda ense\u00f1anza, se me confiri\u00f3, con las formalidades del caso, el titulo de Bachiller en Filosof\u00eda de la Universidad de Costa Rica, el 12 de diciembre de 1887. Hice mis estudios profesionales en Paris, en la Sorbona, bajo la direcci\u00f3n especial de los qu\u00edmicos C. Friedel y L. Troost. El 3 de mayo de 1893 fui recibido como miembro de la \u00abSoci\u00e9t\u00e9 Chirnique de Paris\u00bb, hoy \u00abSoci\u00e9t\u00e9 Chimique de France\u00bb, honor al alcance de todos los qu\u00edmicos y \u00fanico que merec\u00ed en Europa. Como qu\u00edmico fui en mi juventud un operador muy torpe, pero aplaudido como expositor de las teor\u00edas del momento. Durante los a\u00f1os de 1895 a 1897 fui profesor de qu\u00edmica e higiene en el Liceo de Costa Rica. El a\u00f1o de 1898 lo pas\u00e9 en Italia, casi todo en la ciudad de Tur\u00edn. En los cuatro a\u00f1os de 1899 a 1902 fui profesor de qu\u00edmica y Director de la Escuela de Farmacia de Costa Rica. Desde 1903 estoy dedicado al comercio, pero he interrumpido algunas veces mis ocupaciones, sea por viajes (a Estados Unidos y al Canad\u00e1), sea por ligeras correr\u00edas en el campo de la ense\u00f1anza (Sub direcci\u00f3n del Colegio de San Luis, de Cartago, y Direcci\u00f3n del Liceo de Costa Rica, en 1905). En la trastienda de mi botica he redactado algunas revistas peque\u00f1as, de car\u00e1cter enciclop\u00e9dico pero superficial: \u00abRenovaci\u00f3n\u00bb (de 1911 a 1913), \u00abEos\u00bb (de 1916 a 1919), \u00abReproducci\u00f3n\u00bb (de 1919 a 1930). <\/span><\/strong><\/p>\n<p style=\"text-align: justify;\"><strong><span style=\"font-size: 14pt; font-family: 'courier new', courier, monospace;\">\u00abEl problema religioso no me ha preocupado. El pol\u00edtico, s\u00ed. Siento una gran aversi\u00f3n hacia todo lo que limita mi libertad individual, principalmente en lo econ\u00f3mico. El socialismo de Estado y el comunismo son mis pesadillas pero no hasta el punto de quitarme el sue\u00f1o, pues tengo la convicci\u00f3n de que son males no perdurables. <\/span><\/strong><\/p>\n<p style=\"text-align: justify;\"><strong><span style=\"font-size: 14pt; font-family: 'courier new', courier, monospace;\">\u00abNo teniendo marcadas disposiciones naturales para ninguna cosa en particular, me he adaptado f\u00e1cilmente y con placer a todos los trabajos a que me han obligado las circunstancias. Para desbaratar una leyenda quiero confesar que nunca he sido muy aficionado a la lectura. Son muy pocos los libros o peri\u00f3dicos que he le\u00eddo enteramente. <\/span><\/strong><\/p>\n<p style=\"text-align: justify;\"><strong><span style=\"font-size: 14pt; font-family: 'courier new', courier, monospace;\">\u00abAl escribir estas l\u00edneas he tenido muy presente que son para un historiador, que ha de publicarlas en un lugar u otro, y las he escrito con absoluta sinceridad. <\/span><\/strong><\/p>\n<p style=\"text-align: right;\"><strong><span style=\"font-size: 14pt; font-family: 'courier new', courier, monospace;\">\u00abAffmo . ..<\/span><\/strong><\/p>\n<p style=\"text-align: right;\"><strong><span style=\"font-size: 14pt;\"><span style=\"font-family: 'courier new', courier, monospace;\">El\u00edas Jim\u00e9nez<\/span>\u00bb <\/span><\/strong><\/p>\n<\/blockquote>\n<p>&nbsp;<\/p>\n<p style=\"text-align: justify;\"><span style=\"font-size: 14pt;\">El\u00edas Jim\u00e9nez Rojas falleci\u00f3 el a\u00f1o 1945, en San Jos\u00e9, Costa Rica.\u00a0<\/span><\/p>\n<p style=\"text-align: justify;\">\u00a0<\/p>\n<figure id=\"attachment_2302148\" aria-describedby=\"caption-attachment-2302148\" style=\"width: 206px\" class=\"wp-caption aligncenter\"><a href=\"https:\/\/es.wikipedia.org\/wiki\/El%C3%ADas_Jim%C3%A9nez_Rojas\" target=\"_blank\" rel=\"noopener\"><img loading=\"lazy\" decoding=\"async\" class=\"wp-image-2302148 size-full\" src=\"https:\/\/puntocritico.com\/ausajpuntocritico\/wp-content\/uploads\/2024\/10\/Elias-Jimenez-Rojas.jpg\" alt=\"\" width=\"206\" height=\"318\" srcset=\"https:\/\/puntocritico.com\/ausajpuntocritico\/wp-content\/uploads\/2024\/10\/Elias-Jimenez-Rojas.jpg 206w, https:\/\/puntocritico.com\/ausajpuntocritico\/wp-content\/uploads\/2024\/10\/Elias-Jimenez-Rojas-194x300.jpg 194w\" sizes=\"auto, (max-width: 206px) 100vw, 206px\" \/><\/a><figcaption id=\"caption-attachment-2302148\" class=\"wp-caption-text\"><span style=\"color: #008000;\">El\u00edas Jim\u00e9nez Rojas <\/span><\/figcaption><\/figure>\n<p style=\"text-align: center;\"><span style=\"font-size: 18pt;\"><strong><span style=\"color: #008000;\">*******<\/span><\/strong><\/span><\/p>\n<blockquote>\n<h2 style=\"text-align: center;\"><span style=\"font-size: 18pt;\">Notas<\/span><\/h2>\n<p style=\"text-align: justify;\"><span style=\"font-size: 14pt;\">(1) FERNAND PLANCHE Y JEAN DELPHY, Par\u00eds, 1948. <\/span><\/p>\n<p style=\"text-align: justify;\"><span style=\"font-size: 14pt;\">(2) Kropotkin-Selections from bis &#8216;Writings (Introd. de Herbert Read), Freedom Press, Londres, 1942, p. 8.<\/span><\/p>\n<p style=\"text-align: justify;\"><span style=\"font-size: 14pt;\">(3) Pierre &#8216;Kropotkin, The Anarchist Prince, por G. WOODKOCK e 1. AVAKUMOVICH. Hemos utilizado la traducci\u00f3n francesa de Eugene Bestaux- Pierre &#8216;Kropotkine, le Prince anarchiste, Paris, 1953, Calmann L\u00e9vy. <\/span><\/p>\n<p style=\"text-align: justify;\"><span style=\"font-size: 14pt;\">(4) HERBERT READ, op. cit. p. 9.<\/span><\/p>\n<p style=\"text-align: justify;\"><span style=\"font-size: 14pt;\"> (5) El Apoyo Mutuo como factor de progreso entre los animales y los hombres. Trad. del ruso por Luis Orsetti. Editorial Americalee. Buenos Aires.<\/span><\/p>\n<p style=\"text-align: justify;\"><span style=\"font-size: 14pt;\">( 6) El subrayado es del autor. <\/span><\/p>\n<p style=\"text-align: justify;\"><span style=\"font-size: 14pt;\">(7) El Apoyo Mutuo, p. 13. <\/span><\/p>\n<p style=\"text-align: justify;\"><span style=\"font-size: 14pt;\">( 8) Op. cit., p. 15. <\/span><\/p>\n<p style=\"text-align: justify;\"><span style=\"font-size: 14pt;\">( 9 ) Op. cit., p. 21. <\/span><\/p>\n<p style=\"text-align: justify;\"><span style=\"font-size: 14pt;\">(10) Citado por HERBERT READ, op. cit., p. 29. <\/span><\/p>\n<p style=\"text-align: justify;\"><span style=\"font-size: 14pt;\">(11) os. cit., p. 31.<\/span><\/p>\n<p style=\"text-align: justify;\"><span style=\"font-size: 14pt;\">(12) WOODKOCK y AVAKUMOVICH, op. cit., p. 72-73. <\/span><\/p>\n<p style=\"text-align: justify;\"><span style=\"font-size: 14pt;\">(13) Expresi\u00f3n que significa la desaparici\u00f3n del Estado. <\/span><\/p>\n<p style=\"text-align: justify;\"><span style=\"font-size: 14pt;\">(14) WOODKOCK y AVAKUMOVICH, op. cit. <\/span><\/p>\n<p style=\"text-align: justify;\"><span style=\"font-size: 14pt;\">(15) Buen reflejo de estas tendencias son, por ejemplo, la \u00abCarta de Amiens\u00bb de 1905, por la cual la C.C.T. afirma su voluntad de llevar \u00abla lucha de clase &#8230; fuera de toda escuela pol\u00edtica\u00bb. Y la moci\u00f3n de Malatesta (anarquista italiano, amigo de Kropotk\u00edn), favorable a la acci\u00f3n aut\u00f3noma de los sindicatos. A este respecto, d. R. SCHNERB; Le XJX&#8217; Sieclt, in &#8216;Ristoire y\u00e9n\u00e9rale des Civilisations, Presses Universitaires de France, Par\u00eds, 1957.<\/span><\/p>\n<p style=\"text-align: justify;\"><span style=\"font-size: 14pt;\">(16): Memorias de un Revolucionario, en HERBERT READ, o. cit. p. 33.<\/span><\/p>\n<p style=\"text-align: justify;\"><span style=\"font-size: 14pt;\">(17) Kropotkin present\u00f3 su propia defensa y todos los inculpados firmaron una declaraci\u00f3n de principios, redactada por \u00e9l, que constituye una especie de verdadero programa anarquista, \u00ab<em>Queremos,-dec\u00eda- la libertad, es decir que reclamamos para todo ser humano el derecho y el medio de hacer todo 10 que le gusta; de satisfacer \u00edntegramente todas sus necesidades sin otro l\u00edmite que las imposibilidades naturales y las necesidades de sus vecinos, igualmente respetados<\/em>\u00ab. \u00ab<em>Queremos la libertad y creemos en la existencia de la misma incompatible con la existencia de cualquier poder, cualesquiera que sean sus or\u00edgenes y su forma &#8230; \u00abQueremos, en una palabra, la igualdad, la igualdad de hecho como corolario o m\u00e1s bien como condici\u00f3n primordial de la libertad. A cada uno seg\u00fan sus facultades; a cada uno seg\u00fan sus necesidades&#8230; \u00a1Malvados nosotros! \u00a1Reclamamos el pan para todos; la ciencia para todos, el trabajo para todos, as\u00ed como la independencia y la justicia!<\/em>\u00ab. (WOODKOCK y AVAKUMOVICH, ob, cit., p. 138). <\/span><\/p>\n<p style=\"text-align: justify;\"><span style=\"font-size: 14pt;\">(18) Op. cit. p. 145.<\/span><\/p>\n<p style=\"text-align: justify;\"><span style=\"font-size: 14pt;\">(19) Op. cit. p. 153. <\/span><\/p>\n<p style=\"text-align: justify;\"><span style=\"font-size: 14pt;\">(20) Op. cit. p. 187. <\/span><\/p>\n<p style=\"text-align: justify;\"><span style=\"font-size: 14pt;\">(21) Op. cit.; p 303.<\/span><\/p>\n<p style=\"text-align: justify;\"><span style=\"font-size: 14pt;\">(22) Op. cit. p. 30l. <\/span><\/p>\n<p style=\"text-align: justify;\"><span style=\"font-size: 14pt;\">(23) Op. cit.<\/span><\/p>\n<p style=\"text-align: justify;\"><span style=\"font-size: 14pt;\">(24) Op. cit., p. 320. <\/span><\/p>\n<p style=\"text-align: justify;\"><span style=\"font-size: 14pt;\">(25) Op. cit. p. 327. Encontramos como un eco de aquella protesta indignada de <strong>Kropotkin<\/strong> en J:.&#8217;Espo\u00edr1, de <strong>Malraux<\/strong>: \u00ab<em>Yo no digo que el comunismo pas\u00f3 a ser una religi\u00f3n; pero digo que los comunistas se est\u00e1n transformando en curas. Ser revolucionarios, para vosotros es ser astutos. Para <strong>Bakunin<\/strong>, para <strong>Kropotkin<\/strong>, no era eso; no era eso en absoluto. El partido os devora. La disciplina os devora. La complicidad os devora; para aqu\u00e9l que no es de los vuestros, ya no ten\u00e9is ni honradez, ni deberes, ni nada. Ya no sois fieles<\/em>\u00ab. ANDRE MALRAUX, L&#8217;Espo\u00edr, Paris, Gallimard, 1937, p. 201. <\/span><\/p>\n<p style=\"text-align: justify;\"><span style=\"font-size: 14pt;\">(26) <\/span><span style=\"font-size: 14pt;\">EMMA GOLDMAN, :My d\u00eds\u00edllusionment in Russia (London, C. W. Daniel and Co., 1925).<\/span><\/p>\n<p style=\"text-align: justify;\"><span style=\"font-size: 14pt;\">(27) Apuntes, San Jos\u00e9, 15 de julio de 1931.<\/span><\/p>\n<\/blockquote>\n<p style=\"text-align: justify;\">\u00a0<\/p>\n<p style=\"text-align: justify;\">\u00a0<\/p>\n<p><img loading=\"lazy\" decoding=\"async\" class=\"aligncenter wp-image-2208247\" src=\"https:\/\/puntocritico.com\/ausajpuntocritico\/wp-content\/uploads\/2021\/05\/250px-Kropotkinen_su_estudio-1.jpg\" alt=\"\" width=\"300\" height=\"227\" srcset=\"https:\/\/puntocritico.com\/ausajpuntocritico\/wp-content\/uploads\/2021\/05\/250px-Kropotkinen_su_estudio-1.jpg 250w, https:\/\/puntocritico.com\/ausajpuntocritico\/wp-content\/uploads\/2021\/05\/250px-Kropotkinen_su_estudio-1-80x60.jpg 80w\" sizes=\"auto, (max-width: 300px) 100vw, 300px\" \/><\/p>\n<p style=\"text-align: center;\"><strong><span style=\"color: #008000; font-size: 18pt;\">*******<\/span><\/strong><\/p>\n<blockquote class=\"wp-embedded-content\" data-secret=\"de1iWwd4pU\"><p><a href=\"https:\/\/puntocritico.com\/ausajpuntocritico\/2024\/10\/29\/dos-cartas-de-kropotkin-introduccion-y-traduccion-por-alain-vieillard-baron-y-parte-2\/\">DOS CARTAS DE KROPOTKIN. Introducci\u00f3n y traducci\u00f3n por Alain Vieillard-Baron (Parte 2: Biograf\u00eda de Kropotkin, \u00faltimos a\u00f1os)<\/a><\/p><\/blockquote>\n<p><iframe loading=\"lazy\" class=\"wp-embedded-content\" sandbox=\"allow-scripts\" security=\"restricted\" style=\"position: absolute; visibility: hidden;\" title=\"\u00abDOS CARTAS DE KROPOTKIN. Introducci\u00f3n y traducci\u00f3n por Alain Vieillard-Baron (Parte 2: Biograf\u00eda de Kropotkin, \u00faltimos a\u00f1os)\u00bb \u2014 Punto Cr\u00edtico Derechos Humanos\" src=\"https:\/\/puntocritico.com\/ausajpuntocritico\/2024\/10\/29\/dos-cartas-de-kropotkin-introduccion-y-traduccion-por-alain-vieillard-baron-y-parte-2\/embed\/#?secret=4u9AE5h27u#?secret=de1iWwd4pU\" data-secret=\"de1iWwd4pU\" width=\"500\" height=\"282\" frameborder=\"0\" marginwidth=\"0\" marginheight=\"0\" scrolling=\"no\"><\/iframe><\/p>\n<h2 style=\"text-align: justify;\"><span style=\"font-size: 14pt;\"><strong>RELACIONADOS:<\/strong><\/span><\/h2>\n<blockquote class=\"wp-embedded-content\" data-secret=\"Z4WxQ4dKsR\"><p><a href=\"https:\/\/puntocritico.com\/ausajpuntocritico\/2021\/03\/07\/el-apoyo-mutuo-un-factor-de-la-evolucion-por-piotr-kropotkin-presentacion\/\">\u00abEL APOYO MUTUO. Un factor de la evoluci\u00f3n\u00bb, por Piotr Kropotkin. Presentaci\u00f3n<\/a><\/p><\/blockquote>\n<p><iframe loading=\"lazy\" class=\"wp-embedded-content\" sandbox=\"allow-scripts\" security=\"restricted\" style=\"position: absolute; visibility: hidden;\" title=\"\u00ab\u00abEL APOYO MUTUO. Un factor de la evoluci\u00f3n\u00bb, por Piotr Kropotkin. Presentaci\u00f3n\u00bb \u2014 Punto Cr\u00edtico Derechos Humanos\" src=\"https:\/\/puntocritico.com\/ausajpuntocritico\/2021\/03\/07\/el-apoyo-mutuo-un-factor-de-la-evolucion-por-piotr-kropotkin-presentacion\/embed\/#?secret=duCIdJwhQA#?secret=Z4WxQ4dKsR\" data-secret=\"Z4WxQ4dKsR\" width=\"500\" height=\"282\" frameborder=\"0\" marginwidth=\"0\" marginheight=\"0\" scrolling=\"no\"><\/iframe><\/p>\n<blockquote class=\"wp-embedded-content\" data-secret=\"IUSANXvR1C\"><p><a href=\"https:\/\/puntocritico.com\/ausajpuntocritico\/2021\/03\/14\/el-apoyo-mutuo-kropotkin-2\/\">&#8220;EL APOYO MUTUO; Introducci\u00f3n&#8221;, por Piotr Kropotkin.<\/a><\/p><\/blockquote>\n<p><iframe loading=\"lazy\" class=\"wp-embedded-content\" sandbox=\"allow-scripts\" security=\"restricted\" style=\"position: absolute; visibility: hidden;\" title=\"\u00ab&#8220;EL APOYO MUTUO; Introducci\u00f3n&#8221;, por Piotr Kropotkin.\u00bb \u2014 Punto Cr\u00edtico Derechos Humanos\" src=\"https:\/\/puntocritico.com\/ausajpuntocritico\/2021\/03\/14\/el-apoyo-mutuo-kropotkin-2\/embed\/#?secret=YPvZxUplY5#?secret=IUSANXvR1C\" data-secret=\"IUSANXvR1C\" width=\"500\" height=\"282\" frameborder=\"0\" marginwidth=\"0\" marginheight=\"0\" scrolling=\"no\"><\/iframe><\/p>\n<blockquote class=\"wp-embedded-content\" data-secret=\"2OZlW5FaLc\"><p><a href=\"https:\/\/puntocritico.com\/ausajpuntocritico\/2021\/03\/21\/el-apoyo-mutuo-introduccion-por-piotr-kropotkin\/\">&#8220;El apoyo mutuo&#8221;, por Piotr Kropotkin. Capitulo I: &#8220;La ayuda entre los animales&#8221;.<\/a><\/p><\/blockquote>\n<p><iframe loading=\"lazy\" class=\"wp-embedded-content\" sandbox=\"allow-scripts\" security=\"restricted\" style=\"position: absolute; visibility: hidden;\" title=\"\u00ab&#8220;El apoyo mutuo&#8221;, por Piotr Kropotkin. Capitulo I: &#8220;La ayuda entre los animales&#8221;.\u00bb \u2014 Punto Cr\u00edtico Derechos Humanos\" src=\"https:\/\/puntocritico.com\/ausajpuntocritico\/2021\/03\/21\/el-apoyo-mutuo-introduccion-por-piotr-kropotkin\/embed\/#?secret=XW6lQMpVg3#?secret=2OZlW5FaLc\" data-secret=\"2OZlW5FaLc\" width=\"500\" height=\"282\" frameborder=\"0\" marginwidth=\"0\" marginheight=\"0\" scrolling=\"no\"><\/iframe><\/p>\n<blockquote class=\"wp-embedded-content\" data-secret=\"VdOmzdQr2m\"><p><a href=\"https:\/\/puntocritico.com\/ausajpuntocritico\/2021\/03\/28\/el-apoyo-mutuo-introduccion-por-piotr-kropotkin-2\/\">&#8220;El apoyo mutuo&#8221;, por Piotr Kropotkin. Capitulo II: La ayuda entre los animales (continuaci\u00f3n).<\/a><\/p><\/blockquote>\n<p><iframe loading=\"lazy\" class=\"wp-embedded-content\" sandbox=\"allow-scripts\" security=\"restricted\" style=\"position: absolute; visibility: hidden;\" title=\"\u00ab&#8220;El apoyo mutuo&#8221;, por Piotr Kropotkin. Capitulo II: La ayuda entre los animales (continuaci\u00f3n).\u00bb \u2014 Punto Cr\u00edtico Derechos Humanos\" src=\"https:\/\/puntocritico.com\/ausajpuntocritico\/2021\/03\/28\/el-apoyo-mutuo-introduccion-por-piotr-kropotkin-2\/embed\/#?secret=ToDZLKbnnf#?secret=VdOmzdQr2m\" data-secret=\"VdOmzdQr2m\" width=\"500\" height=\"282\" frameborder=\"0\" marginwidth=\"0\" marginheight=\"0\" scrolling=\"no\"><\/iframe><\/p>\n<blockquote class=\"wp-embedded-content\" data-secret=\"wDQjo6OvKL\"><p><a href=\"https:\/\/puntocritico.com\/ausajpuntocritico\/2021\/04\/04\/el-apoyo-mutuo-por-piotr-kropotkin-capitulo-iii-la-ayuda-mutua-entre-los-salvajes\/\">&#8220;El apoyo mutuo&#8221;; por Piotr Kropotkin. Capitulo III: La ayuda mutua entre los salvajes.<\/a><\/p><\/blockquote>\n<p><iframe loading=\"lazy\" class=\"wp-embedded-content\" sandbox=\"allow-scripts\" security=\"restricted\" style=\"position: absolute; visibility: hidden;\" title=\"\u00ab&#8220;El apoyo mutuo&#8221;; por Piotr Kropotkin. Capitulo III: La ayuda mutua entre los salvajes.\u00bb \u2014 Punto Cr\u00edtico Derechos Humanos\" src=\"https:\/\/puntocritico.com\/ausajpuntocritico\/2021\/04\/04\/el-apoyo-mutuo-por-piotr-kropotkin-capitulo-iii-la-ayuda-mutua-entre-los-salvajes\/embed\/#?secret=0HgdgajdI0#?secret=wDQjo6OvKL\" data-secret=\"wDQjo6OvKL\" width=\"500\" height=\"282\" frameborder=\"0\" marginwidth=\"0\" marginheight=\"0\" scrolling=\"no\"><\/iframe><\/p>\n<blockquote class=\"wp-embedded-content\" data-secret=\"Yh2Cjbe7Ib\"><p><a href=\"https:\/\/puntocritico.com\/ausajpuntocritico\/2021\/04\/11\/el-apoyo-mutuo-por-piotr-kropotkin-capitulo-iv-la-ayuda-mutua-entre-los-barbaros\/\">&#8220;El apoyo mutuo&#8221;; por Piotr Kropotkin. Cap\u00edtulo IV: La ayuda mutua entre los barbaros.<\/a><\/p><\/blockquote>\n<p><iframe loading=\"lazy\" class=\"wp-embedded-content\" sandbox=\"allow-scripts\" security=\"restricted\" style=\"position: absolute; visibility: hidden;\" title=\"\u00ab&#8220;El apoyo mutuo&#8221;; por Piotr Kropotkin. Cap\u00edtulo IV: La ayuda mutua entre los barbaros.\u00bb \u2014 Punto Cr\u00edtico Derechos Humanos\" src=\"https:\/\/puntocritico.com\/ausajpuntocritico\/2021\/04\/11\/el-apoyo-mutuo-por-piotr-kropotkin-capitulo-iv-la-ayuda-mutua-entre-los-barbaros\/embed\/#?secret=oYqhP5rCMA#?secret=Yh2Cjbe7Ib\" data-secret=\"Yh2Cjbe7Ib\" width=\"500\" height=\"282\" frameborder=\"0\" marginwidth=\"0\" marginheight=\"0\" scrolling=\"no\"><\/iframe><\/p>\n<blockquote class=\"wp-embedded-content\" data-secret=\"oqO1Cq9Lgn\"><p><a href=\"https:\/\/puntocritico.com\/ausajpuntocritico\/2021\/04\/18\/el-apoyo-mutuo-por-piotr-kropotkin-capitulo-v-la-ayuda-mutua-en-la-ciudad-medieval\/\">&#8220;El apoyo mutuo&#8221;; por Piotr Kropotkin. Cap\u00edtulo V: La ayuda mutua en la ciudad medieval.<\/a><\/p><\/blockquote>\n<p><iframe loading=\"lazy\" class=\"wp-embedded-content\" sandbox=\"allow-scripts\" security=\"restricted\" style=\"position: absolute; visibility: hidden;\" title=\"\u00ab&#8220;El apoyo mutuo&#8221;; por Piotr Kropotkin. Cap\u00edtulo V: La ayuda mutua en la ciudad medieval.\u00bb \u2014 Punto Cr\u00edtico Derechos Humanos\" src=\"https:\/\/puntocritico.com\/ausajpuntocritico\/2021\/04\/18\/el-apoyo-mutuo-por-piotr-kropotkin-capitulo-v-la-ayuda-mutua-en-la-ciudad-medieval\/embed\/#?secret=DNcNofyWZU#?secret=oqO1Cq9Lgn\" data-secret=\"oqO1Cq9Lgn\" width=\"500\" height=\"282\" frameborder=\"0\" marginwidth=\"0\" marginheight=\"0\" scrolling=\"no\"><\/iframe><\/p>\n<blockquote class=\"wp-embedded-content\" data-secret=\"fEt1QdLnO8\"><p><a href=\"https:\/\/puntocritico.com\/ausajpuntocritico\/2021\/04\/25\/el-apoyo-mutuo-por-piotr-kropotkin-capitulo-vi-la-ayuda-mutua-en-la-ciudad-medieval\/\">&#8220;El apoyo mutuo&#8221;; por Piotr Kropotkin. Cap\u00edtulo VI: La ayuda mutua en la ciudad medieval. (Segunda parte)<\/a><\/p><\/blockquote>\n<p><iframe loading=\"lazy\" class=\"wp-embedded-content\" sandbox=\"allow-scripts\" security=\"restricted\" style=\"position: absolute; visibility: hidden;\" title=\"\u00ab&#8220;El apoyo mutuo&#8221;; por Piotr Kropotkin. Cap\u00edtulo VI: La ayuda mutua en la ciudad medieval. (Segunda parte)\u00bb \u2014 Punto Cr\u00edtico Derechos Humanos\" src=\"https:\/\/puntocritico.com\/ausajpuntocritico\/2021\/04\/25\/el-apoyo-mutuo-por-piotr-kropotkin-capitulo-vi-la-ayuda-mutua-en-la-ciudad-medieval\/embed\/#?secret=OSLbiFtSEH#?secret=fEt1QdLnO8\" data-secret=\"fEt1QdLnO8\" width=\"500\" height=\"282\" frameborder=\"0\" marginwidth=\"0\" marginheight=\"0\" scrolling=\"no\"><\/iframe><\/p>\n<blockquote class=\"wp-embedded-content\" data-secret=\"lMLFR2knjt\"><p><a href=\"https:\/\/puntocritico.com\/ausajpuntocritico\/2021\/05\/02\/el-apoyo-mutuo-por-piotr-kropotkin-capitulo-vii\/\">&#8220;El apoyo mutuo&#8221;; por Piotr Kropotkin. Cap\u00edtulo VII: La ayuda mutua en la Sociedad Moderna.<\/a><\/p><\/blockquote>\n<p><iframe loading=\"lazy\" class=\"wp-embedded-content\" sandbox=\"allow-scripts\" security=\"restricted\" style=\"position: absolute; visibility: hidden;\" title=\"\u00ab&#8220;El apoyo mutuo&#8221;; por Piotr Kropotkin. Cap\u00edtulo VII: La ayuda mutua en la Sociedad Moderna.\u00bb \u2014 Punto Cr\u00edtico Derechos Humanos\" src=\"https:\/\/puntocritico.com\/ausajpuntocritico\/2021\/05\/02\/el-apoyo-mutuo-por-piotr-kropotkin-capitulo-vii\/embed\/#?secret=qQ4Nq6lwPx#?secret=lMLFR2knjt\" data-secret=\"lMLFR2knjt\" width=\"500\" height=\"282\" frameborder=\"0\" marginwidth=\"0\" marginheight=\"0\" scrolling=\"no\"><\/iframe><\/p>\n<blockquote class=\"wp-embedded-content\" data-secret=\"HhdvWlC7At\"><p><a href=\"https:\/\/puntocritico.com\/ausajpuntocritico\/2021\/05\/09\/el-apoyo-mutuo-por-piotr-kropotkin-capitulo-viii-la-ayuda-mutua-en-la-sociedad-moderna-continuacion\/\">&#8220;El apoyo mutuo&#8221;; por Piotr Kropotkin. Cap\u00edtulo VIII: La ayuda mutua en la Sociedad Moderna. (Continuaci\u00f3n)<\/a><\/p><\/blockquote>\n<p><iframe loading=\"lazy\" class=\"wp-embedded-content\" sandbox=\"allow-scripts\" security=\"restricted\" style=\"position: absolute; visibility: hidden;\" title=\"\u00ab&#8220;El apoyo mutuo&#8221;; por Piotr Kropotkin. Cap\u00edtulo VIII: La ayuda mutua en la Sociedad Moderna. (Continuaci\u00f3n)\u00bb \u2014 Punto Cr\u00edtico Derechos Humanos\" src=\"https:\/\/puntocritico.com\/ausajpuntocritico\/2021\/05\/09\/el-apoyo-mutuo-por-piotr-kropotkin-capitulo-viii-la-ayuda-mutua-en-la-sociedad-moderna-continuacion\/embed\/#?secret=LkWUJRzCqB#?secret=HhdvWlC7At\" data-secret=\"HhdvWlC7At\" width=\"500\" height=\"282\" frameborder=\"0\" marginwidth=\"0\" marginheight=\"0\" scrolling=\"no\"><\/iframe><\/p>\n<blockquote class=\"wp-embedded-content\" data-secret=\"zF4osDGl84\"><p><a href=\"https:\/\/puntocritico.com\/ausajpuntocritico\/2021\/05\/16\/el-apoyo-mutuo-por-piotr-kropotkin-resumen\/\">&#8220;El apoyo mutuo&#8221;; por Piotr Kropotkin. Conclusiones.<\/a><\/p><\/blockquote>\n<p><iframe loading=\"lazy\" class=\"wp-embedded-content\" sandbox=\"allow-scripts\" security=\"restricted\" style=\"position: absolute; visibility: hidden;\" title=\"\u00ab&#8220;El apoyo mutuo&#8221;; por Piotr Kropotkin. Conclusiones.\u00bb \u2014 Punto Cr\u00edtico Derechos Humanos\" src=\"https:\/\/puntocritico.com\/ausajpuntocritico\/2021\/05\/16\/el-apoyo-mutuo-por-piotr-kropotkin-resumen\/embed\/#?secret=ua7J8QMZKK#?secret=zF4osDGl84\" data-secret=\"zF4osDGl84\" width=\"500\" height=\"282\" frameborder=\"0\" marginwidth=\"0\" marginheight=\"0\" scrolling=\"no\"><\/iframe><\/p>\n<blockquote class=\"wp-embedded-content\" data-secret=\"QrYNEKXo17\"><p><a href=\"https:\/\/puntocritico.com\/ausajpuntocritico\/2021\/08\/12\/el-libro-de-los-animales-de-al-jahiz-un-esbozo-evolucionista-del-siglo-ix\/\">&#8220;El Libro de los Animales&#8221;, de Al-Jahiz; un esbozo evolucionista del siglo IX.<\/a><\/p><\/blockquote>\n<p><iframe loading=\"lazy\" class=\"wp-embedded-content\" sandbox=\"allow-scripts\" security=\"restricted\" style=\"position: absolute; visibility: hidden;\" title=\"\u00ab&#8220;El Libro de los Animales&#8221;, de Al-Jahiz; un esbozo evolucionista del siglo IX.\u00bb \u2014 Punto Cr\u00edtico Derechos Humanos\" src=\"https:\/\/puntocritico.com\/ausajpuntocritico\/2021\/08\/12\/el-libro-de-los-animales-de-al-jahiz-un-esbozo-evolucionista-del-siglo-ix\/embed\/#?secret=wDMV9VPUJO#?secret=QrYNEKXo17\" data-secret=\"QrYNEKXo17\" width=\"500\" height=\"282\" frameborder=\"0\" marginwidth=\"0\" marginheight=\"0\" scrolling=\"no\"><\/iframe><\/p>\n<blockquote class=\"wp-embedded-content\" data-secret=\"TpsdEwueRg\"><p><a href=\"https:\/\/puntocritico.com\/ausajpuntocritico\/2021\/03\/10\/el-pensamiento-de-lamarck-en-su-contexto-historico-por-faustino-cordon\/\">EL PENSAMIENTO DE LAMARCK EN SU CONTEXTO HIST\u00d3RICO, por Faustino Cord\u00f3n<\/a><\/p><\/blockquote>\n<p><iframe loading=\"lazy\" class=\"wp-embedded-content\" sandbox=\"allow-scripts\" security=\"restricted\" style=\"position: absolute; visibility: hidden;\" title=\"\u00abEL PENSAMIENTO DE LAMARCK EN SU CONTEXTO HIST\u00d3RICO, por Faustino Cord\u00f3n\u00bb \u2014 Punto Cr\u00edtico Derechos Humanos\" src=\"https:\/\/puntocritico.com\/ausajpuntocritico\/2021\/03\/10\/el-pensamiento-de-lamarck-en-su-contexto-historico-por-faustino-cordon\/embed\/#?secret=TXKlRtmbKN#?secret=TpsdEwueRg\" data-secret=\"TpsdEwueRg\" width=\"500\" height=\"282\" frameborder=\"0\" marginwidth=\"0\" marginheight=\"0\" scrolling=\"no\"><\/iframe><\/p>\n<blockquote class=\"wp-embedded-content\" data-secret=\"YgV1SaTaFA\"><p><a href=\"https:\/\/puntocritico.com\/ausajpuntocritico\/2021\/07\/18\/fenomeno-humano-chardin-parte-1-2\/\">Teilhard de Chard\u00edn \u2013 \u00abEL FEN\u00d3MENO HUMANO\u00bb<\/a><\/p><\/blockquote>\n<p><iframe loading=\"lazy\" class=\"wp-embedded-content\" sandbox=\"allow-scripts\" security=\"restricted\" style=\"position: absolute; visibility: hidden;\" title=\"\u00abTeilhard de Chard\u00edn \u2013 \u00abEL FEN\u00d3MENO HUMANO\u00bb\u00bb \u2014 Punto Cr\u00edtico Derechos Humanos\" src=\"https:\/\/puntocritico.com\/ausajpuntocritico\/2021\/07\/18\/fenomeno-humano-chardin-parte-1-2\/embed\/#?secret=vGetYE8qyA#?secret=YgV1SaTaFA\" data-secret=\"YgV1SaTaFA\" width=\"500\" height=\"282\" frameborder=\"0\" marginwidth=\"0\" marginheight=\"0\" scrolling=\"no\"><\/iframe><\/p>\n<blockquote class=\"wp-embedded-content\" data-secret=\"hz8ILFez4D\"><p><a href=\"https:\/\/puntocritico.com\/ausajpuntocritico\/2021\/03\/06\/piotr-kropotkin-y-la-conquista-del-pan\/\">Piotr Kropotkin y &#8220;La Conquista del pan&#8221;<\/a><\/p><\/blockquote>\n<p><iframe loading=\"lazy\" class=\"wp-embedded-content\" sandbox=\"allow-scripts\" security=\"restricted\" style=\"position: absolute; visibility: hidden;\" title=\"\u00abPiotr Kropotkin y &#8220;La Conquista del pan&#8221;\u00bb \u2014 Punto Cr\u00edtico Derechos Humanos\" src=\"https:\/\/puntocritico.com\/ausajpuntocritico\/2021\/03\/06\/piotr-kropotkin-y-la-conquista-del-pan\/embed\/#?secret=mhGwdnvcyN#?secret=hz8ILFez4D\" data-secret=\"hz8ILFez4D\" width=\"500\" height=\"282\" frameborder=\"0\" marginwidth=\"0\" marginheight=\"0\" scrolling=\"no\"><\/iframe><\/p>\n<blockquote class=\"wp-embedded-content\" data-secret=\"prLd0w8Fcy\"><p><a href=\"https:\/\/puntocritico.com\/ausajpuntocritico\/2023\/08\/01\/herbert-read-la-filosofia-del-anarquismo\/\">HERBERT READ: LA FILOSOF\u00cdA DEL ANARQUISMO.\u00abPara crear hay que destruir; y un agente de destrucci\u00f3n en la sociedad es el poeta&#8221;.<\/a><\/p><\/blockquote>\n<p><iframe loading=\"lazy\" class=\"wp-embedded-content\" sandbox=\"allow-scripts\" security=\"restricted\" style=\"position: absolute; visibility: hidden;\" title=\"\u00abHERBERT READ: LA FILOSOF\u00cdA DEL ANARQUISMO.\u00abPara crear hay que destruir; y un agente de destrucci\u00f3n en la sociedad es el poeta&#8221;.\u00bb \u2014 Punto Cr\u00edtico Derechos Humanos\" src=\"https:\/\/puntocritico.com\/ausajpuntocritico\/2023\/08\/01\/herbert-read-la-filosofia-del-anarquismo\/embed\/#?secret=lnRTuyFayb#?secret=prLd0w8Fcy\" data-secret=\"prLd0w8Fcy\" width=\"500\" height=\"282\" frameborder=\"0\" marginwidth=\"0\" marginheight=\"0\" scrolling=\"no\"><\/iframe><\/p>\n<blockquote class=\"wp-embedded-content\" data-secret=\"0zavrzxf63\"><p><a href=\"https:\/\/puntocritico.com\/ausajpuntocritico\/2023\/06\/10\/nestor-makhno-campesino-de-ucrania-anaquismo-real-en-el-donbass\/\">N\u00c9STOR MAKHNO, CAMPESINO DE UCRANIA (DOCUMENTAL). El Territorio Libre de Makhnovia (1917-1921), el estado anarquista que los bolcheviques convirtieron en parte de Ucrania.<\/a><\/p><\/blockquote>\n<p><iframe loading=\"lazy\" class=\"wp-embedded-content\" sandbox=\"allow-scripts\" security=\"restricted\" style=\"position: absolute; visibility: hidden;\" title=\"\u00abN\u00c9STOR MAKHNO, CAMPESINO DE UCRANIA (DOCUMENTAL). El Territorio Libre de Makhnovia (1917-1921), el estado anarquista que los bolcheviques convirtieron en parte de Ucrania.\u00bb \u2014 Punto Cr\u00edtico Derechos Humanos\" src=\"https:\/\/puntocritico.com\/ausajpuntocritico\/2023\/06\/10\/nestor-makhno-campesino-de-ucrania-anaquismo-real-en-el-donbass\/embed\/#?secret=Unehx7sqHg#?secret=0zavrzxf63\" data-secret=\"0zavrzxf63\" width=\"500\" height=\"282\" frameborder=\"0\" marginwidth=\"0\" marginheight=\"0\" scrolling=\"no\"><\/iframe><\/p>\n<blockquote class=\"wp-embedded-content\" data-secret=\"UTO4RczpeU\"><p><a href=\"https:\/\/puntocritico.com\/ausajpuntocritico\/2023\/09\/13\/libertad-y-anarquia-max-nettlau\/\">&#8220;LIBERTAD Y ANARQU\u00cdA: sus m\u00e1s antiguas manifestaciones y las concepciones libertarias hasta 1789&#8221;, por Max Nettlau<\/a><\/p><\/blockquote>\n<p><iframe loading=\"lazy\" class=\"wp-embedded-content\" sandbox=\"allow-scripts\" security=\"restricted\" style=\"position: absolute; visibility: hidden;\" title=\"\u00ab&#8220;LIBERTAD Y ANARQU\u00cdA: sus m\u00e1s antiguas manifestaciones y las concepciones libertarias hasta 1789&#8221;, por Max Nettlau\u00bb \u2014 Punto Cr\u00edtico Derechos Humanos\" src=\"https:\/\/puntocritico.com\/ausajpuntocritico\/2023\/09\/13\/libertad-y-anarquia-max-nettlau\/embed\/#?secret=06wYhlofVv#?secret=UTO4RczpeU\" data-secret=\"UTO4RczpeU\" width=\"500\" height=\"282\" frameborder=\"0\" marginwidth=\"0\" marginheight=\"0\" scrolling=\"no\"><\/iframe><\/p>\n<blockquote class=\"wp-embedded-content\" data-secret=\"JvW4lxHM5y\"><p><a href=\"https:\/\/puntocritico.com\/ausajpuntocritico\/2023\/09\/20\/william-godwin-los-iluminados-robert-owen-y-william-thompson-fourier-y-algunos-fourieristas-por-max-nettlau\/\">&#8220;William Godwin; los iluminados; Robert Owen y William Thompson; Fourier y algunos fourieristas&#8221;, por Max Nettlau<\/a><\/p><\/blockquote>\n<p><iframe loading=\"lazy\" class=\"wp-embedded-content\" sandbox=\"allow-scripts\" security=\"restricted\" style=\"position: absolute; visibility: hidden;\" title=\"\u00ab&#8220;William Godwin; los iluminados; Robert Owen y William Thompson; Fourier y algunos fourieristas&#8221;, por Max Nettlau\u00bb \u2014 Punto Cr\u00edtico Derechos Humanos\" src=\"https:\/\/puntocritico.com\/ausajpuntocritico\/2023\/09\/20\/william-godwin-los-iluminados-robert-owen-y-william-thompson-fourier-y-algunos-fourieristas-por-max-nettlau\/embed\/#?secret=i4EBHb9EQe#?secret=JvW4lxHM5y\" data-secret=\"JvW4lxHM5y\" width=\"500\" height=\"282\" frameborder=\"0\" marginwidth=\"0\" marginheight=\"0\" scrolling=\"no\"><\/iframe><\/p>\n<blockquote class=\"wp-embedded-content\" data-secret=\"vMOL68DmtM\"><p><a href=\"https:\/\/puntocritico.com\/ausajpuntocritico\/2023\/08\/30\/autoridad-dictadura-abajo-los-jefes-por-joseph-dejacque-1859\/\">ABAJO LOS JEFES (La Autoridad \u2013 La Dictadura), por Joseph D\u00e8jacque (1859)<\/a><\/p><\/blockquote>\n<p><iframe loading=\"lazy\" class=\"wp-embedded-content\" sandbox=\"allow-scripts\" security=\"restricted\" style=\"position: absolute; visibility: hidden;\" title=\"\u00abABAJO LOS JEFES (La Autoridad \u2013 La Dictadura), por Joseph D\u00e8jacque (1859)\u00bb \u2014 Punto Cr\u00edtico Derechos Humanos\" src=\"https:\/\/puntocritico.com\/ausajpuntocritico\/2023\/08\/30\/autoridad-dictadura-abajo-los-jefes-por-joseph-dejacque-1859\/embed\/#?secret=7Wx80ssqxg#?secret=vMOL68DmtM\" data-secret=\"vMOL68DmtM\" width=\"500\" height=\"282\" frameborder=\"0\" marginwidth=\"0\" marginheight=\"0\" scrolling=\"no\"><\/iframe><\/p>\n<blockquote class=\"wp-embedded-content\" data-secret=\"6GPz8s1Rq4\"><p><a href=\"https:\/\/puntocritico.com\/ausajpuntocritico\/2023\/09\/25\/la-mascara-de-la-anarquia-por-percy-bysshe-shelley\/\">&#8220;La m\u00e1scara de la Anarqu\u00eda&#8221;, por Percy Bysshe Shelley<\/a><\/p><\/blockquote>\n<p><iframe loading=\"lazy\" class=\"wp-embedded-content\" sandbox=\"allow-scripts\" security=\"restricted\" style=\"position: absolute; visibility: hidden;\" title=\"\u00ab&#8220;La m\u00e1scara de la Anarqu\u00eda&#8221;, por Percy Bysshe Shelley\u00bb \u2014 Punto Cr\u00edtico Derechos Humanos\" src=\"https:\/\/puntocritico.com\/ausajpuntocritico\/2023\/09\/25\/la-mascara-de-la-anarquia-por-percy-bysshe-shelley\/embed\/#?secret=pV1CM2UPM2#?secret=6GPz8s1Rq4\" data-secret=\"6GPz8s1Rq4\" width=\"500\" height=\"282\" frameborder=\"0\" marginwidth=\"0\" marginheight=\"0\" scrolling=\"no\"><\/iframe><\/p>\n<blockquote class=\"wp-embedded-content\" data-secret=\"iYTVtzbolK\"><p><a href=\"https:\/\/puntocritico.com\/ausajpuntocritico\/2023\/06\/04\/el-banquero-anarquista-por-fernando-pessoa\/\">EL BANQUERO ANARQUISTA, por Fernando Pessoa. &#8220;\u00bfPara qui\u00e9n quiere el anarquista la libertad? Para la humanidad entera&#8221;.<\/a><\/p><\/blockquote>\n<p><iframe loading=\"lazy\" class=\"wp-embedded-content\" sandbox=\"allow-scripts\" security=\"restricted\" style=\"position: absolute; visibility: hidden;\" title=\"\u00abEL BANQUERO ANARQUISTA, por Fernando Pessoa. &#8220;\u00bfPara qui\u00e9n quiere el anarquista la libertad? Para la humanidad entera&#8221;.\u00bb \u2014 Punto Cr\u00edtico Derechos Humanos\" src=\"https:\/\/puntocritico.com\/ausajpuntocritico\/2023\/06\/04\/el-banquero-anarquista-por-fernando-pessoa\/embed\/#?secret=0CK8gBOlM5#?secret=iYTVtzbolK\" data-secret=\"iYTVtzbolK\" width=\"500\" height=\"282\" frameborder=\"0\" marginwidth=\"0\" marginheight=\"0\" scrolling=\"no\"><\/iframe><\/p>\n<blockquote class=\"wp-embedded-content\" data-secret=\"DR2cMU20dP\"><p><a href=\"https:\/\/puntocritico.com\/ausajpuntocritico\/2024\/02\/12\/la-sociedad-actual-2\/\">LA SOCIEDAD ACTUAL, por Emile Armand (&#8220;El Anarquismo Individualista&#8221;)<\/a><\/p><\/blockquote>\n<p><iframe loading=\"lazy\" class=\"wp-embedded-content\" sandbox=\"allow-scripts\" security=\"restricted\" style=\"position: absolute; visibility: hidden;\" title=\"\u00abLA SOCIEDAD ACTUAL, por Emile Armand (&#8220;El Anarquismo Individualista&#8221;)\u00bb \u2014 Punto Cr\u00edtico Derechos Humanos\" src=\"https:\/\/puntocritico.com\/ausajpuntocritico\/2024\/02\/12\/la-sociedad-actual-2\/embed\/#?secret=EiDKj8t6an#?secret=DR2cMU20dP\" data-secret=\"DR2cMU20dP\" width=\"500\" height=\"282\" frameborder=\"0\" marginwidth=\"0\" marginheight=\"0\" scrolling=\"no\"><\/iframe><\/p>\n<p>&nbsp;<\/p>\n<p>&nbsp;<\/p>\n<p><a href=\"https:\/\/puntocritico.com\/ausajpuntocritico\/author\/punto-critico\/\" target=\"_blank\" rel=\"noopener\"><img loading=\"lazy\" decoding=\"async\" class=\"aligncenter wp-image-9528\" src=\"https:\/\/puntocritico.com\/ausajpuntocritico\/wp-content\/uploads\/2018\/03\/Mosca_Punto_Cr\u00edtico_40.png\" alt=\"\" width=\"80\" height=\"80\" \/><\/a><\/p>\n<p>&nbsp;<\/p>\n","protected":false},"excerpt":{"rendered":"<div class=\"mh-excerpt\"><p>DOS CARTAS DE KROPOTKIN DOS CARTAS DE KROPOTKIN. (Parte 2: Biograf\u00eda de Kropotkin, \u00faltimos a\u00f1os) DOS CARTAS DE KROPOTKIN: (y Parte 3: Las dos Cartas de Kropotkin) \u00a0 &nbsp; DOS CARTAS DE KROPOTKIN Introducci\u00f3n y <a class=\"mh-excerpt-more\" href=\"https:\/\/puntocritico.com\/ausajpuntocritico\/2024\/10\/22\/dos-cartas-de-kropotkin\/\" title=\"DOS CARTAS DE KROPOTKIN. Introducci\u00f3n y traducci\u00f3n por Alain Vieillard-Baron (Parte 1: Biograf\u00eda de Piotr Kropotkin)\">[&#8230;]<\/a><\/p>\n<\/div>","protected":false},"author":3,"featured_media":2301788,"comment_status":"closed","ping_status":"closed","sticky":false,"template":"","format":"standard","meta":{"_acf_changed":false,"_exactmetrics_skip_tracking":false,"_exactmetrics_sitenote_active":false,"_exactmetrics_sitenote_note":"","_exactmetrics_sitenote_category":0,"footnotes":""},"categories":[7],"tags":[130],"class_list":{"0":"post-2301765","1":"post","2":"type-post","3":"status-publish","4":"format-standard","5":"has-post-thumbnail","7":"category-politica","8":"tag-kropotkin"},"acf":[],"_links":{"self":[{"href":"https:\/\/puntocritico.com\/ausajpuntocritico\/wp-json\/wp\/v2\/posts\/2301765","targetHints":{"allow":["GET"]}}],"collection":[{"href":"https:\/\/puntocritico.com\/ausajpuntocritico\/wp-json\/wp\/v2\/posts"}],"about":[{"href":"https:\/\/puntocritico.com\/ausajpuntocritico\/wp-json\/wp\/v2\/types\/post"}],"author":[{"embeddable":true,"href":"https:\/\/puntocritico.com\/ausajpuntocritico\/wp-json\/wp\/v2\/users\/3"}],"replies":[{"embeddable":true,"href":"https:\/\/puntocritico.com\/ausajpuntocritico\/wp-json\/wp\/v2\/comments?post=2301765"}],"version-history":[{"count":0,"href":"https:\/\/puntocritico.com\/ausajpuntocritico\/wp-json\/wp\/v2\/posts\/2301765\/revisions"}],"wp:featuredmedia":[{"embeddable":true,"href":"https:\/\/puntocritico.com\/ausajpuntocritico\/wp-json\/wp\/v2\/media\/2301788"}],"wp:attachment":[{"href":"https:\/\/puntocritico.com\/ausajpuntocritico\/wp-json\/wp\/v2\/media?parent=2301765"}],"wp:term":[{"taxonomy":"category","embeddable":true,"href":"https:\/\/puntocritico.com\/ausajpuntocritico\/wp-json\/wp\/v2\/categories?post=2301765"},{"taxonomy":"post_tag","embeddable":true,"href":"https:\/\/puntocritico.com\/ausajpuntocritico\/wp-json\/wp\/v2\/tags?post=2301765"}],"curies":[{"name":"wp","href":"https:\/\/api.w.org\/{rel}","templated":true}]}}