{"id":2299306,"date":"2024-06-20T00:05:10","date_gmt":"2024-06-19T22:05:10","guid":{"rendered":"https:\/\/puntocritico.com\/ausajpuntocritico\/?p=2299306"},"modified":"2024-06-20T10:59:29","modified_gmt":"2024-06-20T08:59:29","slug":"las-10-estrategias-para-la-manipulacion-de-masas-sylvain-timsit","status":"publish","type":"post","link":"https:\/\/puntocritico.com\/ausajpuntocritico\/2024\/06\/20\/las-10-estrategias-para-la-manipulacion-de-masas-sylvain-timsit\/","title":{"rendered":"LAS 10 ESTRATEGIAS PARA LA MANIPULACI\u00d3N DE MASAS, por Sylvain Timsit. Violencia Totalitaria y Sumisi\u00f3n"},"content":{"rendered":"<p style=\"text-align: justify;\"><strong><a href=\"https:\/\/puntocritico.com\/ausajpuntocritico\/2024\/06\/20\/las-10-estrategias-para-la-manipulacion-de-masas-sylvain-timsit\/#LAS_10_ESTRATEGIAS_PARA_LA_MANIPULACION_DE_MASAS\"><span style=\"color: #008000; font-size: 14pt;\">LAS 10 ESTRATEGIAS PARA LA MANIPULACI\u00d3N DE MASAS, por Sylvain Timsit<\/span><\/a><\/strong><\/p>\n<p style=\"text-align: justify;\"><span style=\"color: #008000; font-size: 14pt;\">(err\u00f3neamente atribuidas a Noam Chomsky)<\/span><\/p>\n<p style=\"text-align: justify;\"><a href=\"https:\/\/www.filosofiadigital.com\/\" target=\"_blank\" rel=\"noopener\"><img loading=\"lazy\" decoding=\"async\" class=\"alignnone wp-image-2299351\" src=\"https:\/\/puntocritico.com\/ausajpuntocritico\/wp-content\/uploads\/2024\/06\/Filosofia-digital-new-300x99.png\" alt=\"\" width=\"440\" height=\"146\" data-id=\"2299351\" srcset=\"https:\/\/puntocritico.com\/ausajpuntocritico\/wp-content\/uploads\/2024\/06\/Filosofia-digital-new-300x99.png 300w, https:\/\/puntocritico.com\/ausajpuntocritico\/wp-content\/uploads\/2024\/06\/Filosofia-digital-new-768x254.png 768w, https:\/\/puntocritico.com\/ausajpuntocritico\/wp-content\/uploads\/2024\/06\/Filosofia-digital-new.png 792w\" sizes=\"auto, (max-width: 440px) 100vw, 440px\" \/><\/a><\/p>\n<p><span style=\"color: #008000; font-size: 14pt;\"><a href=\"https:\/\/www.filosofiadigital.com\/\" target=\"_blank\" rel=\"noopener\">Filosof\u00eda Digital<\/a><\/span><\/p>\n<p>&nbsp;<\/p>\n<blockquote>\n<p style=\"text-align: center;\"><span style=\"font-size: 14pt; color: #008000;\"><strong>NOTA DE PUNTO CR\u00cdTICO (AUSAJ)<\/strong><\/span><\/p>\n<p style=\"text-align: center;\"><span style=\"font-size: 14pt; color: #008000;\"><strong> Ma\u00f1ana NO nos vamos de vacaciones. <\/strong><\/span><\/p>\n<p style=\"text-align: center;\"><span style=\"font-size: 14pt; color: #008000;\"><strong>Pero, hasta el 1 de septiembre, estaremos menos d\u00edas a la semana<\/strong><\/span><\/p>\n<\/blockquote>\n<p>&nbsp;<\/p>\n\n<p>&nbsp;<\/p>\n<blockquote>\n<h2 class=\"posttitle\" style=\"text-align: center;\"><span style=\"font-size: 24pt;\">VIOLENCIA TOTALITARIA Y SUMISI\u00d3N<\/span><\/h2>\n<p style=\"text-align: center;\"><span style=\"font-size: 14pt;\"><em><b>\u00abLa experiencia mostr\u00f3 que en el curso de las campa\u00f1as de exterminio la mayor parte de la poblaci\u00f3n obedec\u00eda hipn\u00f3ticamente todas las indicaciones de las autoridades. <\/b><\/em><\/span><\/p>\n<p style=\"text-align: center;\"><span style=\"font-size: 14pt;\"><em><b>La extrema violencia de los sistemas totalitarios demostr\u00f3 ser capaz de paralizar el esp\u00edritu humano en continentes enteros. <\/b><\/em><\/span><\/p>\n<p style=\"text-align: center;\"><span style=\"font-size: 14pt;\"><em><b>La violencia del Estado totalitario es tan grande que deja de ser un medio para convertirse en un objeto de culto m\u00edstico, de exaltaci\u00f3n religiosa. <\/b><\/em><\/span><\/p>\n<p style=\"text-align: center;\"><span style=\"font-size: 14pt;\"><em><b>Uno de los medios de que se sirve el fascismo para actuar sobre el hombre es la total, o casi total, ceguera. <\/b><\/em><\/span><\/p>\n<p style=\"text-align: center;\"><span style=\"font-size: 14pt;\"><em><b>Es sorprendente que aquellos que se encontraban al borde de la tumba fueran tan optimistas. <\/b><\/em><\/span><\/p>\n<p style=\"text-align: center;\"><span style=\"font-size: 14pt;\"><em><b>Sobre la base de la esperanza -una esperanza absurda, a veces deshonesta, a veces infame- surgi\u00f3 la sumisi\u00f3n, que a menudo era igual de miserable y ruin. <\/b><\/em><\/span><\/p>\n<p style=\"text-align: center;\"><span style=\"font-size: 14pt;\"><em><b>Pero la aspiraci\u00f3n innata del hombre a la libertad es invencible; puede ser aplastada, pero no aniquilada. El hombre no renuncia a la libertad por propia voluntad. <\/b><\/em><\/span><\/p>\n<p style=\"text-align: center;\"><span style=\"font-size: 14pt;\"><em><b>En esta conclusi\u00f3n se halla la luz de nuestros tiempos, la luz del futuro\u00bb<\/b><\/em><\/span><\/p>\n<p class=\"posttitle\" style=\"text-align: justify;\"><span style=\"font-size: 14pt;\">Por Vasili Grossman<\/span><\/p>\n<p style=\"text-align: justify;\"><a href=\"https:\/\/www.filosofiadigital.com\/violencia-totalitaria-y-sumision-por-vasili-grossman\/\" target=\"_blank\" rel=\"noopener\"><span style=\"font-size: 14pt;\">Filosof\u00eda Digital<\/span><\/a><\/p>\n<figure id=\"attachment_2299313\" aria-describedby=\"caption-attachment-2299313\" style=\"width: 440px\" class=\"wp-caption aligncenter\"><img loading=\"lazy\" decoding=\"async\" class=\"wp-image-2299313\" src=\"https:\/\/puntocritico.com\/ausajpuntocritico\/wp-content\/uploads\/2024\/06\/Victimas-judias-llegadas-de-Hungria-al-campo-de-exterminio-de-Auschwitz-mayo-de-1944-300x227.jpg\" alt=\"LAS 10 ESTRATEGIAS PARA LA MANIPULACI\u00d3N DE MASAS\" width=\"440\" height=\"333\" data-id=\"2299313\" srcset=\"https:\/\/puntocritico.com\/ausajpuntocritico\/wp-content\/uploads\/2024\/06\/Victimas-judias-llegadas-de-Hungria-al-campo-de-exterminio-de-Auschwitz-mayo-de-1944-300x227.jpg 300w, https:\/\/puntocritico.com\/ausajpuntocritico\/wp-content\/uploads\/2024\/06\/Victimas-judias-llegadas-de-Hungria-al-campo-de-exterminio-de-Auschwitz-mayo-de-1944-80x60.jpg 80w, https:\/\/puntocritico.com\/ausajpuntocritico\/wp-content\/uploads\/2024\/06\/Victimas-judias-llegadas-de-Hungria-al-campo-de-exterminio-de-Auschwitz-mayo-de-1944.jpg 768w\" sizes=\"auto, (max-width: 440px) 100vw, 440px\" \/><figcaption id=\"caption-attachment-2299313\" class=\"wp-caption-text\"><span style=\"color: #008000;\">Victimas jud\u00edas llegadas de Hungr\u00eda al campo de exterminio de Auschwitz, mayo de 1944<\/span><\/figcaption><\/figure>\n<p>&nbsp;<\/p>\n<p style=\"text-align: justify;\"><span style=\"font-size: 14pt;\">Antes del sacrificio del ganado infectado deben adoptarse varias medidas preparatorias: el transporte, la concentraci\u00f3n en puntos adecuados, la instrucci\u00f3n de personal cualificado, la excavaci\u00f3n de fosas y zanjas.<\/span><\/p>\n<p style=\"text-align: justify;\"><span style=\"font-size: 14pt;\">La poblaci\u00f3n que colabora con las autoridades para llevar el ganado infectado a los mataderos o para capturar los animales dispersos no lo hace por un miedo cerval a los terneros y las vacas, sino por instinto de conservaci\u00f3n.<\/span><\/p>\n<p>&nbsp;<\/p>\n<p style=\"text-align: center;\"><span style=\"color: #008000; font-size: 14pt;\"><strong>EN LAS REUNIONES PREVIAS AL EXTERMINIO MASIVO, COMO EL DE LOS JUD\u00cdOS POR EL FASCISMO O EL DE LOS CAMPESINOS POR EL ESTALINISMO, SIEMPRE HA HABIDO UNA \u00abUNANIMIDAD SILENCIOSA\u00bb<\/strong><\/span><\/p>\n<p>&nbsp;<\/p>\n<p style=\"text-align: justify;\"><span style=\"font-size: 14pt;\">Asimismo, en los casos de exterminios masivos de personas la poblaci\u00f3n local no profesa un odio sanguinario contra las mujeres, los ancianos y los ni\u00f1os que van a ser aniquilados. Por ese motivo, la campa\u00f1a para el exterminio masivo de personas exige una preparaci\u00f3n especial. En este caso no basta tan solo con el instinto de conservaci\u00f3n: es necesario incitar en la poblaci\u00f3n el odio y la repugnancia.<\/span><\/p>\n<p style=\"text-align: justify;\"><span style=\"font-size: 14pt;\">Fue precisamente en una atm\u00f3sfera de odio y repulsi\u00f3n como se prepar\u00f3 y se llev\u00f3 a cabo la aniquilaci\u00f3n de los jud\u00edos ucranianos y bielorrusos. En un momento anterior, en aquella misma tierra, despu\u00e9s de haber movilizado y atizado la ira de las masas, Stalin abander\u00f3 la campa\u00f1a para la aniquilaci\u00f3n de los kulaks\u00a0<em>[campesinos rusos]<\/em>\u00a0como clase, la campa\u00f1a para la destrucci\u00f3n de los degenerados y saboteadores trotskistas-bujarinistas.<\/span><\/p>\n<p style=\"text-align: justify; padding-left: 40px;\"><strong><span style=\"color: #008000; font-size: 14pt;\">La experiencia mostr\u00f3 que en el curso de estas campa\u00f1as la mayor parte de la poblaci\u00f3n obedec\u00eda hipn\u00f3ticamente todas las indicaciones de las autoridades.<\/span><\/strong><\/p>\n<p>&nbsp;<\/p>\n<p style=\"text-align: justify;\"><span style=\"font-size: 14pt;\">Luego, hay un minor\u00eda particular que ayuda activamente a crear la atm\u00f3sfera de la campa\u00f1a: fan\u00e1ticos ideol\u00f3gicos, sanguinarios que disfrutan y se alegran ante las desgracias ajenas, gente que act\u00faa en beneficio propio en la rapi\u00f1a de objetos, apartamentos y la ocupaci\u00f3n de eventuales puestos vacantes.<\/span><\/p>\n<p style=\"text-align: justify; padding-left: 40px;\"><span style=\"font-size: 14pt;\"><strong><span style=\"color: #008000;\">A la mayor\u00eda, sin embargo, la horrorizan las ejecuciones masivas, y esconden su propio estado de \u00e1nimo no s\u00f3lo a sus m\u00e1s allegados, sino a s\u00ed mismos.<\/span><\/strong><\/span><\/p>\n<p>&nbsp;<\/p>\n<p style=\"text-align: justify;\"><span style=\"font-size: 14pt;\">Estas personas llenan salas donde se celebran reuniones dedicadas a las campa\u00f1as de exterminio; pero,<\/span><\/p>\n<p style=\"text-align: justify; padding-left: 40px;\"><span style=\"color: #008000;\"><strong><span style=\"font-size: 14pt;\">por frecuentes que sean las reuniones y grandes las dimensiones de las salas, no existe casi ning\u00fan caso en que alguien haya infringido la unanimidad silenciosa.<\/span><\/strong><\/span><\/p>\n<p>&nbsp;<\/p>\n<p style=\"text-align: justify;\"><span style=\"font-size: 14pt;\">Y, naturalmente, todav\u00eda fue m\u00e1s extraordinario que un hombre, ante un perro que acaso tenga la rabia, no aparte la mirada de sus ojos suplicantes, sino que lo acoja en la casa donde vive junto a su mujer e hijos. Sin embargo tambi\u00e9n hubo casos as\u00ed.<\/span><\/p>\n<p style=\"text-align: justify;\"><span style=\"font-size: 14pt;\">La primera mitad del siglo XX ser\u00e1 recordada como una \u00e9poca de grandes descubrimientos cient\u00edficos, revoluciones, grandiosas transformaciones sociales y dos guerras mundiales.<\/span><\/p>\n<p>&nbsp;<\/p>\n<p style=\"text-align: center;\"><span style=\"font-size: 14pt; color: #008000;\"><strong>LA SUMISI\u00d3N DE LAS MASAS FRENTE A LA BARBARIE TOTALITARIA ES UN HECHO IRREBATIBLE<\/strong><\/span><\/p>\n<p>&nbsp;<\/p>\n<p style=\"text-align: justify;\"><span style=\"font-size: 14pt;\">Pero la primera mitad del siglo XX tambi\u00e9n entrar\u00e1 en la historia de la humanidad como la \u00e9poca del exterminio total de enormes estratos de la poblaci\u00f3n jud\u00eda, un exterminio basado en teor\u00edas sociales o raciales. Hoy en d\u00eda se guarda silencio sobre ello con una discreci\u00f3n comprensible.<\/span><\/p>\n<p style=\"text-align: justify;\"><span style=\"font-size: 14pt;\">En ese tiempo, una de las particularidades m\u00e1s sorprendentes de la naturaleza humana que se revel\u00f3 fue la sumisi\u00f3n. Hubo episodios en que se formaron enormes colas en las inmediaciones del lugar de la ejecuci\u00f3n y eran las propias v\u00edctimas las que regulaban el movimiento de las colas. Se dieron casos en que algunas madres previsoras, sabiendo que habr\u00eda que hacer cola desde la ma\u00f1ana hasta bien entrada la noche en espera de la ejecuci\u00f3n, que tendr\u00edan un d\u00eda largo y caluroso por delante, se llevaban botellas de agua y pan para sus hijos. Millones de inocentes, presintiendo un arresto inminente, preparaban con antelaci\u00f3n fardos con ropa blanca, toallas, y se desped\u00edan de sus m\u00e1s allegados.<\/span><\/p>\n<p style=\"text-align: justify; padding-left: 40px;\"><span style=\"font-size: 14pt;\"><strong><span style=\"color: #008000;\">Millones de seres humanos vivieron en campos gigantescos, no solo construidos sino tambi\u00e9n custodiados por ellos mismos.<\/span><\/strong><\/span><\/p>\n<p>&nbsp;<\/p>\n<p style=\"text-align: justify;\"><span style=\"font-size: 14pt;\">Y no ya decenas de miles, ni siquiera decenas de millones, sino<\/span><\/p>\n<p style=\"text-align: justify; padding-left: 40px;\"><span style=\"font-size: 14pt;\"><strong><span style=\"color: #008000;\">masas ingentes de hombres fueron testigos sumisos de la masacre de inocentes. Pero no solo fueron testigos sumisos: cuando era preciso votaban a favor de la aniquilaci\u00f3n en medio de un barullo de voces aprobador. hab\u00eda algo ins\u00f3lito en aquella extrema sumisi\u00f3n.<\/span><\/strong><\/span><\/p>\n<p>&nbsp;<\/p>\n<p style=\"text-align: justify;\"><span style=\"font-size: 14pt;\">Por supuesto, hubo resistencia, hubo valent\u00eda y tenacidad por parte de los condenados, alzamientos, incluso sacrificios llegado el caso cuando, para salvar a un hombre desconocido y lejano, otros hombres arriesgaban su propia vida y la de su familia.<\/span><\/p>\n<p style=\"text-align: justify; padding-left: 40px;\"><span style=\"font-size: 14pt;\"><strong><span style=\"color: #008000;\">Pero la sumisi\u00f3n de las masas es un hecho irrebatible.<\/span><\/strong><\/span><\/p>\n<p>&nbsp;<\/p>\n<figure id=\"attachment_21131\" aria-describedby=\"caption-attachment-21131\" style=\"width: 360px\" class=\"wp-caption aligncenter\"><a href=\"https:\/\/puntocritico.com\/ausajpuntocritico\/2023\/03\/03\/multitud-y-poder-en-spinoza\/\"><img loading=\"lazy\" decoding=\"async\" class=\"wp-image-21131\" src=\"https:\/\/puntocritico.com\/ausajpuntocritico\/wp-content\/uploads\/2019\/08\/roto-anarquia-de-las-masas-249x300.gif\" alt=\"\" width=\"360\" height=\"434\" data-id=\"21131\" \/><\/a><figcaption id=\"caption-attachment-21131\" class=\"wp-caption-text\"><span style=\"color: #008000;\">El Roto <\/span><\/figcaption><\/figure>\n<p>&nbsp;<\/p>\n<p style=\"text-align: center;\"><span style=\"font-size: 14pt; color: #008000;\"><strong>EL ESTADO TOTALITARIO CON SU VIOLENCIA ILIMITADA NO SOLO ES CAPAZ DE PARALIZAR EL ESP\u00cdRITU HUMANO, SINO QUE CONSIGUE CONVERTIRSE EN UN OBJETO DE CULTO M\u00cdSTICO Y EXALTACI\u00d3N RELIGIOSA<\/strong><\/span><\/p>\n<p>&nbsp;<\/p>\n<p style=\"text-align: justify;\"><span style=\"font-size: 14pt;\">\u00bfQu\u00e9 hemos aprendido? \u00bfSe trata de un nuevo rasgo que brot\u00f3 de repente en la naturaleza humana? No, esta sumisi\u00f3n nos habla de una nueva fuerza terrible que triunf\u00f3 sobre los hombres.<\/span><\/p>\n<p style=\"text-align: justify; padding-left: 40px;\"><span style=\"color: #008000;\"><strong><span style=\"font-size: 14pt;\">La extrema violencia de los sistemas totalitarios demostr\u00f3 ser capaz de paralizar el esp\u00edritu humano en continentes enteros.<\/span><\/strong><\/span><\/p>\n<p>&nbsp;<\/p>\n<p style=\"text-align: justify;\"><span style=\"font-size: 14pt;\">Una vez puesta al servicio del fascismo, el alma del hombre declara que la esclavitud, ese mal absoluto portador de muerte, es el \u00fanico bien verdadero.<\/span><\/p>\n<p style=\"text-align: justify; padding-left: 40px;\"><span style=\"color: #008000;\"><strong><span style=\"font-size: 14pt;\">Sin renegar de los sentimientos humanos, el alma traidora proclama que los cr\u00edmenes cometidos por el fascismo son la m\u00e1s alta forma de humanitarismo y est\u00e1 conforme en dividir a los hombres en puros y dignos e impuros e indignos.<\/span><\/strong><\/span><\/p>\n<p>&nbsp;<\/p>\n<p style=\"text-align: justify;\"><span style=\"font-size: 14pt;\">La voluntad de sobrevivir a cualquier precio se expresa en la conciliaci\u00f3n del instinto y la conciencia.<\/span><\/p>\n<p style=\"text-align: justify; padding-left: 40px;\"><span style=\"font-size: 14pt;\"><strong><span style=\"color: #008000;\">En la ayuda del instinto acude la fuerza hipn\u00f3tica de las grandes ideas.<\/span><\/strong><\/span><\/p>\n<p>&nbsp;<\/p>\n<p style=\"text-align: justify;\"><span style=\"font-size: 14pt;\">Apelan a que se produzca cualquier v\u00edctima, a que se acepte cualquier medio en aras del logro de objetivos supremos: la futura grandeza de la patria, la felicidad de la humanidad, la naci\u00f3n o una clase, el progreso mundial.<\/span><\/p>\n<p style=\"text-align: justify;\"><span style=\"font-size: 14pt;\">Y al lado del instinto de supervivencia, al lado de la fuerza hipn\u00f3tica de las grandes ideas, trabaja tambi\u00e9n una tercera fuerza: el terror ante la violencia ilimitada de un Estado poderoso que utiliza el asesinato como medio cotidiano para gobernar.<\/span><\/p>\n<p style=\"text-align: justify; padding-left: 40px;\"><strong><span style=\"font-size: 14pt; color: #008000;\">La violencia del Estado totalitario es tan grande que deja de ser un medio para convertirse en un objeto de culto m\u00edstico, de exaltaci\u00f3n religiosa.<\/span><\/strong><\/p>\n<p>&nbsp;<\/p>\n<p style=\"text-align: justify;\"><span style=\"font-size: 14pt;\">\u00bfC\u00f3mo si no cabe explicar las posiciones de algunos pensadores e intelectuales jud\u00edos que juzgaron necesario el asesinato de los jud\u00edos para la felicidad de la humanidad, que afirmaron que, a sabiendas de eso, los jud\u00edos estaban dispuestos a conducir a sus propios hijos al matadero para la felicidad de la patria, dispuestos a realizar el sacrificio que en un tiempo hab\u00eda realizado <strong>Abraham<\/strong>?<\/span><\/p>\n<p style=\"text-align: justify;\"><span style=\"font-size: 14pt;\">\u00bfC\u00f3mo si no cabe explicar que un poeta, campesino de nacimiento, dotado de raz\u00f3n y talento, escribiera con sentimiento genuino un poema que exalta los a\u00f1os terribles de sufrimientos padecidos por los campesinos, a\u00f1os que engulleron a su propio padre, un trabajador honrado y sencillo?<\/span><\/p>\n<p style=\"text-align: justify; padding-left: 40px;\"><span style=\"color: #008000;\"><strong><span style=\"font-size: 14pt;\">Uno de los medios de que se sirve el fascismo para actuar sobre el hombre es la total, o casi total, ceguera. El hombre no cree que vaya al encuentro de su propia aniquilaci\u00f3n.<\/span><\/strong><\/span><\/p>\n<p>&nbsp;<\/p>\n<p style=\"text-align: justify;\"><span style=\"font-size: 14pt;\">Es sorprendente que aquellos que se encontraban al borde de la tumba fueran tan optimistas.<\/span><\/p>\n<p style=\"text-align: justify; padding-left: 40px;\"><span style=\"color: #008000;\"><strong><span style=\"font-size: 14pt;\">Sobre la base de la esperanza -una esperanza absurda, a veces deshonesta, a veces infame- surgi\u00f3 la sumisi\u00f3n, que a menudo era igual de miserable y ruin.<\/span><\/strong><\/span><\/p>\n<p>&nbsp;<\/p>\n<p style=\"text-align: justify;\"><span style=\"font-size: 14pt;\">La insurrecci\u00f3n de Varsovia, la insurrecci\u00f3n de Treblinka, la insurrecci\u00f3n de Sobibor, las peque\u00f1as revueltas y levantamientos de los Brenner nacieron de la desesperaci\u00f3n m\u00e1s absoluta. Pero, naturalmente, la desesperaci\u00f3n total y l\u00facida no gener\u00f3 s\u00f3lo levantamientos y resistencia: engendr\u00f3 tambi\u00e9n el deseo \u2013 extra\u00f1o en un hombre normal- de ser ejecutado lo m\u00e1s pronto posible.<\/span><\/p>\n<p style=\"text-align: justify;\"><span style=\"font-size: 14pt;\">La gente discut\u00eda por el puesto en la cola hacia la fosa sangrienta mientras en el aire resonaba un voz excitada, demente, casi exultante:<\/span><\/p>\n<p style=\"text-align: justify;\"><span style=\"font-size: 14pt;\">-Jud\u00edos, no teng\u00e1is miedo. No es nada terrible. Cinco minutos y todo habr\u00e1 terminado.<\/span><\/p>\n<p style=\"text-align: justify; padding-left: 40px;\"><strong><span style=\"font-size: 14pt; color: #008000;\">Todo, todo engendra sumisi\u00f3n, tanto la esperanza como la desesperaci\u00f3n. Sin embargo, los hombres, aunque sometidos a la misma suerte, no tienen el mismo car\u00e1cter.<\/span><\/strong><\/p>\n<p>&nbsp;<\/p>\n<figure id=\"attachment_2299335\" aria-describedby=\"caption-attachment-2299335\" style=\"width: 400px\" class=\"wp-caption aligncenter\"><a href=\"https:\/\/puntocritico.com\/ausajpuntocritico\/2022\/01\/18\/psicosis-de-formacion-masiva\/\"><img loading=\"lazy\" decoding=\"async\" class=\"wp-image-2299335\" src=\"https:\/\/puntocritico.com\/ausajpuntocritico\/wp-content\/uploads\/2024\/06\/obediencia-y-conformidad-2-300x235.png\" alt=\"\" width=\"400\" height=\"313\" data-id=\"2299335\" srcset=\"https:\/\/puntocritico.com\/ausajpuntocritico\/wp-content\/uploads\/2024\/06\/obediencia-y-conformidad-2-300x235.png 300w, https:\/\/puntocritico.com\/ausajpuntocritico\/wp-content\/uploads\/2024\/06\/obediencia-y-conformidad-2.png 571w\" sizes=\"auto, (max-width: 400px) 100vw, 400px\" \/><\/a><figcaption id=\"caption-attachment-2299335\" class=\"wp-caption-text\"><span style=\"color: #008000;\"><a href=\"https:\/\/puntocritico.com\/ausajpuntocritico\/2022\/01\/18\/psicosis-de-formacion-masiva\/\">PSICOSIS DE FORMACI\u00d3N MASIVA. COVID-19<\/a>: \u00abComo los medios corporativos, generando ansiedad, han formado masas que les creen sin cuestionar\u00bb <\/span><\/figcaption><\/figure>\n<p>&nbsp;<\/p>\n<\/blockquote>\n<blockquote>\n<p style=\"text-align: center;\"><span style=\"font-size: 14pt; color: #008000;\"><strong>LA ASPIRACI\u00d3N INNATA DEL HOMBRE A LA LIBERTAD ES INVENCIBLE; PUEDE SER APLASTADA , PERO NO ANIQUILADA. EN ESTA CONCLUSI\u00d3N SE HALLA LA LUZ DE NUESTROS TIEMPOS, LA LUZ DEL FUTURO<\/strong><\/span><\/p>\n<p>&nbsp;<\/p>\n<p style=\"text-align: justify;\"><span style=\"font-size: 14pt;\">Es necesario reflexionar sobre qu\u00e9 debi\u00f3 de soportar y experimentar un hombre para llegar a considerar la muerte inminente como una alegr\u00eda.<\/span><\/p>\n<p style=\"text-align: justify; padding-left: 40px;\"><span style=\"color: #008000;\"><strong><span style=\"font-size: 14pt;\">Son muchas las personas que deber\u00edan reflexionar, y sobre todo las que tienen tendencia a aleccionar sobre c\u00f3mo deber\u00eda haberse luchado en unas condiciones de las que, por suerte, esos fr\u00edvolos profesores no tienen ni la menor idea.<\/span><\/strong><\/span><\/p>\n<p>&nbsp;<\/p>\n<p style=\"text-align: justify;\"><span style=\"font-size: 14pt;\">Una vez establecida la disposici\u00f3n del hombre a someterse ante una violencia ilimitada, cabe extraer la \u00faltima conclusi\u00f3n, de gran relevancia para entender la humanidad y su futuro.<\/span><\/p>\n<p style=\"text-align: justify;\"><span style=\"font-size: 14pt;\">\u00bfSufre la naturaleza del hombre una mutaci\u00f3n dentro del caldero de la violencia totalitaria? \u00bfPierde el hombre su deseo inherente a ser libre? Esta respuesta encierra el destino de la humanidad y el destino del Estado totalitario. La transformaci\u00f3n de la naturaleza misma del hombre presagia el triunfo universal y eterno de la dictadura del Estado; la inmutabilidad de la aspiraci\u00f3n del hombre a la libertad es la condena del Estado totalitario.<\/span><\/p>\n<p style=\"text-align: justify;\"><span style=\"font-size: 14pt;\">He aqu\u00ed que las grandes insurrecciones en el gueto de Varsovia, en Treblinka y Sobibor, el gran movimiento partisano que inflam\u00f3 decenas de pa\u00edses subyugados por Hitler, las insurrecciones postestalinianas en Berl\u00edn en 1953 o en Hungr\u00eda en 1956, los levantamientos que estallaron en los campos de Siberia y Extremo Oriente tras la muerte de Stalin, los disturbios en Polonia, los movimientos estudiantiles de protesta contra la represi\u00f3n del derecho de opini\u00f3n que se extendi\u00f3 por muchas ciudades, las huelgas en numerosas f\u00e1bricas,<\/span><\/p>\n<p style=\"text-align: justify; padding-left: 40px;\"><span style=\"color: #008000;\"><strong><span style=\"font-size: 14pt;\">todo ello demostr\u00f3 que el instinto de libertad en el hombre es invencible. Hab\u00eda sido reprimido, pero exist\u00eda. El hombre condenado a la esclavitud se convierte en esclavo por destino, pero no por naturaleza.<\/span><\/strong><\/span><\/p>\n<p>&nbsp;<\/p>\n<p style=\"text-align: justify;\"><span style=\"font-size: 14pt;\">La aspiraci\u00f3n innata del hombre a la libertad es invencible; puede ser aplastada, pero no aniquilada. El totalitarismo no puede renunciar a la violencia. Si lo hiciera, perecer\u00eda. La eterna, ininterrumpida violencia, directa o enmascarada, es la base del totalitarismo.<\/span><\/p>\n<p style=\"text-align: justify; padding-left: 40px;\"><span style=\"color: #008000;\"><strong><span style=\"font-size: 14pt;\">El hombre no renuncia a la libertad por propia voluntad. En esta conclusi\u00f3n se halla la luz de nuestros tiempos, la luz del futuro.<\/span><\/strong><\/span><\/p>\n<p>&nbsp;<\/p>\n<p><img loading=\"lazy\" decoding=\"async\" class=\"aligncenter wp-image-2242622\" src=\"https:\/\/puntocritico.com\/ausajpuntocritico\/wp-content\/uploads\/2022\/03\/Libertad-seguridad-BF-678x240.jpg\" alt=\"\" width=\"555\" height=\"175\" data-id=\"2242622\" srcset=\"https:\/\/puntocritico.com\/ausajpuntocritico\/wp-content\/uploads\/2022\/03\/Libertad-seguridad-BF-300x95.jpg 300w, https:\/\/puntocritico.com\/ausajpuntocritico\/wp-content\/uploads\/2022\/03\/Libertad-seguridad-BF-610x193.jpg 610w, https:\/\/puntocritico.com\/ausajpuntocritico\/wp-content\/uploads\/2022\/03\/Libertad-seguridad-BF.jpg 760w\" sizes=\"auto, (max-width: 555px) 100vw, 555px\" \/><\/p>\n<\/blockquote>\n<blockquote>\n<p style=\"text-align: center;\"><span style=\"font-size: 18pt;\"><strong><span style=\"color: #008000;\">* * *<\/span><\/strong><\/span><\/p>\n<p style=\"text-align: justify;\"><span style=\"font-size: 14pt;\"><strong>AUTOR: <\/strong><strong>Vasili Grossman<\/strong>\u00a0(Berd\u00edchev, 1905 \u2013 Mosc\u00fa, 1964). Escritor y periodista ruso, cubri\u00f3 con sus cr\u00f3nicas la batalla de Stalingrado y fue el primero en dar noticia al mundo de la existencia de los campos de exterminio nazis. Escritores como <a href=\"https:\/\/puntocritico.com\/ausajpuntocritico\/2021\/03\/30\/nos-han-enganado-hasta-con-dios-por-maximo-gorki\/\">Maksim Gorki<\/a> alabaron en su d\u00eda la obra literaria de Grossman.\u00a0<\/span><\/p>\n<p style=\"text-align: justify;\"><span style=\"font-size: 14pt;\"><strong>FUENTE:<\/strong>\u00a0Vida y destino, Galaxia Gutenberg, 2021.<\/span><\/p>\n<\/blockquote>\n<p>&nbsp;<\/p>\n<figure id=\"attachment_22179\" aria-describedby=\"caption-attachment-22179\" style=\"width: 480px\" class=\"wp-caption aligncenter\"><a href=\"https:\/\/puntocritico.com\/ausajpuntocritico\/2019\/09\/23\/la-disonancia-cognitiva-o-como-el-ser-humano-se-convierte-en-esclavo-de-si-mismo-por-miguel-a-vadillo\/\"><img loading=\"lazy\" decoding=\"async\" class=\"wp-image-22179\" src=\"https:\/\/puntocritico.com\/ausajpuntocritico\/wp-content\/uploads\/2019\/09\/La-pastilla-roja-1024x551-678x381-300x169.jpg\" alt=\"\" width=\"480\" height=\"270\" data-id=\"22179\" srcset=\"https:\/\/puntocritico.com\/ausajpuntocritico\/wp-content\/uploads\/2019\/09\/La-pastilla-roja-1024x551-678x381-300x169.jpg 300w, https:\/\/puntocritico.com\/ausajpuntocritico\/wp-content\/uploads\/2019\/09\/La-pastilla-roja-1024x551-678x381.jpg 678w\" sizes=\"auto, (max-width: 480px) 100vw, 480px\" \/><\/a><figcaption id=\"caption-attachment-22179\" class=\"wp-caption-text\"><span style=\"color: #008000;\"><a style=\"color: #008000;\" href=\"https:\/\/puntocritico.com\/ausajpuntocritico\/2019\/09\/23\/la-disonancia-cognitiva-o-como-el-ser-humano-se-convierte-en-esclavo-de-si-mismo-por-miguel-a-vadillo\/\">\u00bfSEGURO QUE HAS TOMADO LA PASTILLA ROJA? \u00abLa Disonancia Cognitiva, o c\u00f3mo el ser humano se convierte en esclavo de s\u00ed mismo\u00bb, por Miguel A. Vadillo<\/a><\/span><\/figcaption><\/figure>\n<p style=\"text-align: center;\"><span style=\"font-size: 18pt;\"><strong><span style=\"color: #008000;\">*******<\/span><\/strong><\/span><\/p>\n<h2 class=\"posttitle\" style=\"text-align: center;\"><span style=\"font-size: 24pt;\">LAS 10 ESTRATEGIAS PARA LA MANIPULACI\u00d3N DE MASAS<\/span><\/h2>\n<p style=\"text-align: center;\"><strong><span style=\"font-size: 18pt;\">(<em>err\u00f3neamente atribuidas a Noam Chomsky<\/em>)<\/span><\/strong><\/p>\n<p style=\"text-align: center;\"><span style=\"font-size: 14pt;\"><strong><em><span class=\"texte\">\u00abA trav\u00e9s de la biolog\u00eda, la neurobiolog\u00eda y la psicolog\u00eda aplicada, el \u00absistema\u00bb ha logrado un conocimiento avanzado del ser humano, tanto f\u00edsica como psicol\u00f3gicamente. El sistema ha llegado a conocer a la persona promedio mejor de lo que la persona promedio se conoce a s\u00ed misma. Esto significa que en la mayor\u00eda de los casos, el sistema tiene mayor control y poder sobre los individuos que los propios individuos\u00bb<\/span><\/em><\/strong><\/span><\/p>\n<p class=\"posttitle\"><span style=\"font-size: 14pt;\">Por <a href=\"https:\/\/sociologiaifdtbo.wordpress.com\/2013\/05\/22\/noam-chomsky-las-10-estrategias-de-manipulacion-mediatica\/\" target=\"_blank\" rel=\"noopener\">Sylvain Timsit<\/a><\/span><\/p>\n<p style=\"text-align: justify;\"><a href=\"https:\/\/www.filosofiadigital.com\/estrategias-para-la-manipulacion-de-masas-por-sylvain-timsit\/\" target=\"_blank\" rel=\"noopener\"><span style=\"font-size: 14pt;\">Filosof\u00eda Digital<\/span><\/a><\/p>\n<figure id=\"attachment_2299309\" aria-describedby=\"caption-attachment-2299309\" style=\"width: 370px\" class=\"wp-caption aligncenter\"><img loading=\"lazy\" decoding=\"async\" class=\"wp-image-2299309\" src=\"https:\/\/puntocritico.com\/ausajpuntocritico\/wp-content\/uploads\/2024\/06\/Manipulacion-de-masas-a-traves-de-los-medios-de-comunicacion-300x263.webp\" alt=\"ESTRATEGIAS PARA LA MANIPULACI\u00d3N DE MASAS, por Sylvain Timsit (Filosof\u00eda Digital)\" width=\"370\" height=\"324\" data-id=\"2299309\" srcset=\"https:\/\/puntocritico.com\/ausajpuntocritico\/wp-content\/uploads\/2024\/06\/Manipulacion-de-masas-a-traves-de-los-medios-de-comunicacion-300x263.webp 300w, https:\/\/puntocritico.com\/ausajpuntocritico\/wp-content\/uploads\/2024\/06\/Manipulacion-de-masas-a-traves-de-los-medios-de-comunicacion.webp 500w\" sizes=\"auto, (max-width: 370px) 100vw, 370px\" \/><figcaption id=\"caption-attachment-2299309\" class=\"wp-caption-text\"><span style=\"color: #008000;\">Manipulaci\u00f3n de masas a trav\u00e9s de los medios de comunicaci\u00f3n<\/span><\/figcaption><\/figure>\n<p>&nbsp;<\/p>\n<h3 style=\"text-align: center;\"><span style=\"font-size: 18pt;\"><strong><span class=\"chapitre_chiffre\">1.<\/span><span class=\"chapitre\">\u00a0La estrategia de la desviaci\u00f3n<\/span><\/strong><\/span><\/h3>\n<p style=\"text-align: justify;\"><span class=\"texte\" style=\"font-size: 14pt;\">El elemento primario del control social, la estrategia de desv\u00edo, consiste en desviar la atenci\u00f3n p\u00fablica de los problemas y cambios importantes decididos por las \u00e9lites pol\u00edticas y econ\u00f3micas, a trav\u00e9s de un diluvio continuo de\u00a0<a href=\"http:\/\/www.syti.net\/JTContents.html\" target=\"_blank\" rel=\"noopener\" data-schema-attribute=\"\">distracciones e informaci\u00f3n trivial<\/a>.<\/span><\/p>\n<p class=\"texte\" style=\"text-align: justify;\"><span style=\"font-size: 14pt;\">La estrategia de desviaci\u00f3n tambi\u00e9n es esencial para evitar que el p\u00fablico se involucre en conocimientos esenciales, en los campos de la ciencia, la econom\u00eda, la psicolog\u00eda, la neurobiolog\u00eda y la\u00a0<a href=\"http:\/\/www.syti.net\/Cybernetics.html\" target=\"_blank\" rel=\"noopener\" data-schema-attribute=\"\">cibern\u00e9tica<\/a>.<\/span><\/p>\n<p class=\"texte\" style=\"text-align: justify;\"><span style=\"font-size: 14pt;\"><i>\u00abMantener la atenci\u00f3n del p\u00fablico distra\u00edda, lejos de los problemas sociales reales, cautivada por temas sin importancia real. Mantenga a la audiencia ocupada, ocupada, ocupada, sin tiempo para pensar; De vuelta en la granja con los otros animales.<\/i><span class=\"note_blue\"><i>(de <a href=\"https:\/\/puntocritico.com\/ausajpuntocritico\/2020\/11\/15\/armas-silenciosas-para-guerras-tranquilas-literatura-conspiranoica-el-ensayo-ficcion-como-genero-literario-republicado\/\">\u00abArmas silenciosas para guerras tranquilas<span class=\"texte\">\u00bb<\/span><\/a>).<\/i><\/span><\/span><\/p>\n<p style=\"text-align: justify;\">\u00a0<\/p>\n<p><a href=\"https:\/\/puntocritico.com\/ausajpuntocritico\/2024\/03\/30\/pasame-con-roger-stone-desinformacion-arma-hibrida\/\"><img loading=\"lazy\" decoding=\"async\" class=\"aligncenter wp-image-2299325\" src=\"https:\/\/puntocritico.com\/ausajpuntocritico\/wp-content\/uploads\/2024\/06\/Politica-guinol-1-300x199.webp\" alt=\"\" width=\"400\" height=\"265\" data-id=\"2299325\" srcset=\"https:\/\/puntocritico.com\/ausajpuntocritico\/wp-content\/uploads\/2024\/06\/Politica-guinol-1-300x199.webp 300w, https:\/\/puntocritico.com\/ausajpuntocritico\/wp-content\/uploads\/2024\/06\/Politica-guinol-1.webp 600w\" sizes=\"auto, (max-width: 400px) 100vw, 400px\" \/><\/a><\/p>\n<h3 class=\"bloc_titre\" style=\"text-align: center;\"><span style=\"font-size: 18pt;\"><strong><span class=\"chapitre_chiffre\">2.<\/span><span class=\"chapitre\">\u00a0Crear problemas, luego ofrecer soluciones<\/span><\/strong><\/span><\/h3>\n<p style=\"text-align: justify;\"><span class=\"texte\" style=\"font-size: 14pt;\">Este m\u00e9todo tambi\u00e9n se llama \u00abproblema-reacci\u00f3n-soluci\u00f3n\u00bb. En primer lugar, se crea un problema, una \u00ab<a href=\"http:\/\/www.syti.net\/SilentWeapons.html#armessilentieuses\" target=\"_blank\" rel=\"noopener\" data-schema-attribute=\"\">situaci\u00f3n<\/a>\u00bb para provocar una cierta reacci\u00f3n del p\u00fablico, de modo que el propio p\u00fablico est\u00e1 pidiendo las medidas que queremos que acepte. Por ejemplo: permitir que se desarrolle la violencia urbana, u organizar\u00a0<a href=\"http:\/\/www.syti.net\/AttentatsUS2.html\" target=\"_blank\" rel=\"noopener\" data-schema-attribute=\"\">ataques<\/a>\u00a0sangrientos, para que el p\u00fablico exija\u00a0<a href=\"http:\/\/www.syti.net\/Criminalisation.html\" target=\"_blank\" rel=\"noopener\" data-schema-attribute=\"\">leyes de seguridad<\/a>\u00a0a expensas de la libertad. O de nuevo: crear una crisis econ\u00f3mica para hacer aceptar como un mal necesario el retroceso de los derechos sociales y el desmantelamiento de los servicios p\u00fablicos.<\/span><\/p>\n<p>&nbsp;<\/p>\n<p><a href=\"https:\/\/puntocritico.com\/ausajpuntocritico\/2023\/07\/03\/tiktok-el-caballo-de-troya-chino\/\"><img loading=\"lazy\" decoding=\"async\" class=\"aligncenter wp-image-2261000\" src=\"https:\/\/puntocritico.com\/ausajpuntocritico\/wp-content\/uploads\/2022\/11\/Tiktok-war-PPAL-300x199.jpg\" alt=\"\" width=\"400\" height=\"266\" data-id=\"2261000\" srcset=\"https:\/\/puntocritico.com\/ausajpuntocritico\/wp-content\/uploads\/2022\/11\/Tiktok-war-PPAL-300x199.jpg 300w, https:\/\/puntocritico.com\/ausajpuntocritico\/wp-content\/uploads\/2022\/11\/Tiktok-war-PPAL-610x405.jpg 610w, https:\/\/puntocritico.com\/ausajpuntocritico\/wp-content\/uploads\/2022\/11\/Tiktok-war-PPAL-678x452.jpg 678w, https:\/\/puntocritico.com\/ausajpuntocritico\/wp-content\/uploads\/2022\/11\/Tiktok-war-PPAL.jpg 680w\" sizes=\"auto, (max-width: 400px) 100vw, 400px\" \/><\/a><\/p>\n<h3 style=\"text-align: center;\"><span style=\"font-size: 18pt;\"><strong><span class=\"chapitre_chiffre\">3.<\/span><span class=\"chapitre\">\u00a0La estrategia degradante<\/span><\/strong><\/span><\/h3>\n<p style=\"text-align: justify;\"><span class=\"texte\" style=\"font-size: 14pt;\">Para que se acepte una medida inaceptable, basta con aplicarla gradualmente, en \u00abdegradada\u00bb, durante un per\u00edodo de 10 a\u00f1os. As\u00ed es como se impusieron radicalmente nuevas condiciones socioecon\u00f3micas durante las d\u00e9cadas de 1980 a 1990. El desempleo masivo, la precariedad, la flexibilidad, las deslocalizaciones, los salarios ya no garantizan unos ingresos dignos, tantos cambios que habr\u00edan provocado una revoluci\u00f3n si se hubieran aplicado brutalmente.<\/span><\/p>\n<p>&nbsp;<\/p>\n<p><a href=\"https:\/\/puntocritico.com\/ausajpuntocritico\/2022\/08\/03\/extension-de-la-guerra-hibrida-al-control-social-global\/\"><img loading=\"lazy\" decoding=\"async\" class=\"aligncenter wp-image-2281699\" src=\"https:\/\/puntocritico.com\/ausajpuntocritico\/wp-content\/uploads\/2023\/07\/TIKTOK-LIER-300x246.webp\" alt=\"\" width=\"360\" height=\"295\" data-id=\"2281699\" srcset=\"https:\/\/puntocritico.com\/ausajpuntocritico\/wp-content\/uploads\/2023\/07\/TIKTOK-LIER-300x246.webp 300w, https:\/\/puntocritico.com\/ausajpuntocritico\/wp-content\/uploads\/2023\/07\/TIKTOK-LIER-768x630.webp 768w, https:\/\/puntocritico.com\/ausajpuntocritico\/wp-content\/uploads\/2023\/07\/TIKTOK-LIER.webp 828w\" sizes=\"auto, (max-width: 360px) 100vw, 360px\" \/><\/a><\/p>\n<h3 style=\"text-align: center;\"><span style=\"font-size: 18pt;\"><strong><span class=\"chapitre_chiffre\">4.<\/span><span class=\"chapitre\">\u00a0La estrategia del aplazamiento<\/span><\/strong><\/span><\/h3>\n<p style=\"text-align: justify;\"><span class=\"texte\" style=\"font-size: 14pt;\">Otra forma de conseguir que se acepte una decisi\u00f3n impopular es presentarla como \u00abdolorosa pero necesaria\u00bb, obteniendo el acuerdo del p\u00fablico en el presente para su aplicaci\u00f3n en el futuro. Siempre es m\u00e1s f\u00e1cil aceptar un sacrificio futuro que uno inmediato. En primer lugar, porque el esfuerzo no tiene que hacerse inmediatamente. En segundo lugar, porque el p\u00fablico siempre tiende a esperar ingenuamente que \u00abtodo ser\u00e1 mejor ma\u00f1ana\u00bb y que se pueda evitar el sacrificio exigido.\u00a0<\/span><span class=\"texte\"><span style=\"font-size: 14pt;\">Finalmente, le da tiempo a la audiencia para acostumbrarse a la idea de cambio y aceptarla con resignaci\u00f3n cuando llegue el momento.<\/span><br \/>\n<\/span><\/p>\n<p style=\"text-align: justify;\"><span class=\"texte\" style=\"font-size: 14pt;\">Ejemplo reciente: el paso al euro y la p\u00e9rdida de soberan\u00eda monetaria y econ\u00f3mica fueron aceptados por los pa\u00edses europeos en 1994-95 para su aplicaci\u00f3n en 2001. Otro ejemplo son los acuerdos multilaterales del\u00a0<a href=\"http:\/\/www.syti.net\/AMI.html#FTAA\" target=\"_blank\" rel=\"noopener\" data-schema-attribute=\"\">ALCA<\/a>\u00a0que Estados Unidos impuso en 2001 a los pa\u00edses del continente americano, aunque reacios, al conceder una aplicaci\u00f3n diferida hasta 2005.<\/span><\/p>\n<p>&nbsp;<\/p>\n<p><a href=\"https:\/\/puntocritico.com\/ausajpuntocritico\/2022\/08\/03\/extension-de-la-guerra-hibrida-al-control-social-global\/\"><img loading=\"lazy\" decoding=\"async\" class=\"aligncenter wp-image-2225018\" src=\"https:\/\/puntocritico.com\/ausajpuntocritico\/wp-content\/uploads\/2021\/09\/Desinformacion-salud-300x199.jpg\" alt=\"desinformaci\u00f3n\" width=\"400\" height=\"266\" data-id=\"2225018\" srcset=\"https:\/\/puntocritico.com\/ausajpuntocritico\/wp-content\/uploads\/2021\/09\/Desinformacion-salud-300x199.jpg 300w, https:\/\/puntocritico.com\/ausajpuntocritico\/wp-content\/uploads\/2021\/09\/Desinformacion-salud-610x405.jpg 610w, https:\/\/puntocritico.com\/ausajpuntocritico\/wp-content\/uploads\/2021\/09\/Desinformacion-salud-678x452.jpg 678w, https:\/\/puntocritico.com\/ausajpuntocritico\/wp-content\/uploads\/2021\/09\/Desinformacion-salud.jpg 680w\" sizes=\"auto, (max-width: 400px) 100vw, 400px\" \/><\/a><\/p>\n<h3 style=\"text-align: center;\"><span style=\"font-size: 18pt;\"><strong><span class=\"chapitre_chiffre\">5.<\/span><span class=\"chapitre\">\u00a0Dirigirse al p\u00fablico como si fueran ni\u00f1os peque\u00f1os<\/span><\/strong><\/span><\/h3>\n<p style=\"text-align: justify;\"><span class=\"texte\" style=\"font-size: 14pt;\">La mayor\u00eda de los anuncios convencionales utilizan discursos, argumentos, personajes y tonos particularmente infantilizantes, a menudo bordeando lo debilitante, como si el espectador fuera un ni\u00f1o peque\u00f1o o mentalmente discapacitado. Ejemplo t\u00edpico: la campa\u00f1a televisiva francesa para el paso al euro (\u00abEuro days\u00bb). Cuanto m\u00e1s intentemos enga\u00f1ar al espectador, m\u00e1s adoptaremos un tono infantilizante. \u00bfPara qu\u00e9?<\/span><\/p>\n<p style=\"text-align: justify;\"><span style=\"font-size: 14pt;\"><i>\u00abSi te diriges a una persona como si tuviera 12 a\u00f1os, entonces, debido a la sugestionabilidad, tendr\u00e1, con cierta probabilidad, una respuesta o reacci\u00f3n tan acr\u00edtica como un ni\u00f1o de 12 a\u00f1os\u00bb. (cf. <span class=\"note_blue\"><a href=\"https:\/\/puntocritico.com\/ausajpuntocritico\/2020\/11\/15\/armas-silenciosas-para-guerras-tranquilas-literatura-conspiranoica-el-ensayo-ficcion-como-genero-literario-republicado\/\">\u00abArmas silenciosas para guerras tranquilas<span class=\"texte\">\u00bb<\/span><\/a><\/span>)<\/i><\/span><\/p>\n<p>&nbsp;<\/p>\n<p><a href=\"https:\/\/puntocritico.com\/ausajpuntocritico\/2021\/09\/16\/desinformacion-por-que-el-efecto-contraproducente-no-explica-la-durabilidad-de-las-percepciones-politicas-erroneas\/\"><img loading=\"lazy\" decoding=\"async\" class=\"aligncenter wp-image-2225017\" src=\"https:\/\/puntocritico.com\/ausajpuntocritico\/wp-content\/uploads\/2021\/09\/desinformacion-960x670-1-300x199.jpg\" alt=\"\" width=\"400\" height=\"266\" data-id=\"2225017\" srcset=\"https:\/\/puntocritico.com\/ausajpuntocritico\/wp-content\/uploads\/2021\/09\/desinformacion-960x670-1-300x199.jpg 300w, https:\/\/puntocritico.com\/ausajpuntocritico\/wp-content\/uploads\/2021\/09\/desinformacion-960x670-1-610x405.jpg 610w, https:\/\/puntocritico.com\/ausajpuntocritico\/wp-content\/uploads\/2021\/09\/desinformacion-960x670-1-678x452.jpg 678w, https:\/\/puntocritico.com\/ausajpuntocritico\/wp-content\/uploads\/2021\/09\/desinformacion-960x670-1.jpg 680w\" sizes=\"auto, (max-width: 400px) 100vw, 400px\" \/><\/a><\/p>\n<h3 class=\"bloc_titre\" style=\"text-align: center;\"><span style=\"font-size: 18pt;\"><strong><span class=\"chapitre_chiffre\">6.<\/span><span class=\"chapitre\">\u00a0Apelar a las emociones m\u00e1s que a la reflexi\u00f3n<\/span><\/strong><\/span><\/h3>\n<p style=\"text-align: justify;\"><span class=\"texte\" style=\"font-size: 14pt;\">Apelar a lo emocional es una t\u00e9cnica cl\u00e1sica para cortocircuitar el an\u00e1lisis racional, y por lo tanto el sentido cr\u00edtico de los individuos. Adem\u00e1s, el uso del registro emocional permite abrir la puerta de acceso al inconsciente para implantar ideas, deseos, miedos, impulsos, o comportamientos\u2026<\/span><\/p>\n<p>&nbsp;<\/p>\n<p><a href=\"https:\/\/puntocritico.com\/ausajpuntocritico\/2021\/02\/09\/las-leyes-fundamentales-de-la-estupidez-humana-por-carlo-m-cipolla\/\"><img loading=\"lazy\" decoding=\"async\" class=\"aligncenter wp-image-1824082\" src=\"https:\/\/puntocritico.com\/ausajpuntocritico\/wp-content\/uploads\/2021\/02\/simpson-Cipolla-PPal-300x199.jpg\" alt=\"\" width=\"400\" height=\"266\" data-id=\"1824082\" srcset=\"https:\/\/puntocritico.com\/ausajpuntocritico\/wp-content\/uploads\/2021\/02\/simpson-Cipolla-PPal-300x199.jpg 300w, https:\/\/puntocritico.com\/ausajpuntocritico\/wp-content\/uploads\/2021\/02\/simpson-Cipolla-PPal-610x405.jpg 610w, https:\/\/puntocritico.com\/ausajpuntocritico\/wp-content\/uploads\/2021\/02\/simpson-Cipolla-PPal-678x452.jpg 678w, https:\/\/puntocritico.com\/ausajpuntocritico\/wp-content\/uploads\/2021\/02\/simpson-Cipolla-PPal.jpg 680w\" sizes=\"auto, (max-width: 400px) 100vw, 400px\" \/><\/a><\/p>\n<p>&nbsp;<\/p>\n<h3 class=\"bloc_titre\" style=\"text-align: center;\"><span style=\"font-size: 18pt;\"><strong><span class=\"chapitre_chiffre\">7.<\/span><span class=\"chapitre\">\u00a0Mantener al p\u00fablico en la ignorancia y la estupidez<\/span><\/strong><\/span><\/h3>\n<p style=\"text-align: justify;\"><span class=\"texte\" style=\"font-size: 14pt;\">Hacer imposible que el p\u00fablico entienda las tecnolog\u00edas y m\u00e9todos utilizados para su control y esclavitud.<\/span><\/p>\n<p class=\"texte\" style=\"text-align: justify;\"><span style=\"font-size: 14pt;\"><i>\u00abLa calidad de la educaci\u00f3n dada a las clases bajas debe ser de la clase m\u00e1s pobre, de modo que el abismo de ignorancia que a\u00edsla a las clases bajas de las clases altas sea y siga siendo incomprensible para las clases bajas\u00bb.\u00a0<\/i><i>(cf. <span class=\"note_blue\"><a href=\"https:\/\/puntocritico.com\/ausajpuntocritico\/2020\/11\/15\/armas-silenciosas-para-guerras-tranquilas-literatura-conspiranoica-el-ensayo-ficcion-como-genero-literario-republicado\/\">\u00abArmas silenciosas para guerras tranquilas<span class=\"texte\">\u00bb<\/span><\/a><\/span>)<\/i><\/span><\/p>\n<p style=\"text-align: justify;\">\u00a0<\/p>\n<p><a href=\"https:\/\/puntocritico.com\/ausajpuntocritico\/2021\/08\/16\/politica-y-desinformacion\/\"><img loading=\"lazy\" decoding=\"async\" class=\"aligncenter wp-image-1824103\" src=\"https:\/\/puntocritico.com\/ausajpuntocritico\/wp-content\/uploads\/2021\/02\/Cipolla-busto-300x158.jpeg\" alt=\"\" width=\"400\" height=\"210\" data-id=\"1824103\" srcset=\"https:\/\/puntocritico.com\/ausajpuntocritico\/wp-content\/uploads\/2021\/02\/Cipolla-busto-300x158.jpeg 300w, https:\/\/puntocritico.com\/ausajpuntocritico\/wp-content\/uploads\/2021\/02\/Cipolla-busto.jpeg 480w\" sizes=\"auto, (max-width: 400px) 100vw, 400px\" \/><\/a><\/p>\n<h3 class=\"bloc_titre\" style=\"text-align: center;\"><span style=\"font-size: 18pt;\"><strong><span class=\"chapitre_chiffre\">8.<\/span><span class=\"chapitre\">\u00a0Animar al p\u00fablico a revolcarse en la mediocridad<\/span><\/strong><\/span><\/h3>\n<p style=\"text-align: justify;\"><span class=\"texte\" style=\"font-size: 14pt;\">Anime al p\u00fablico a encontrar \u00abgenial\u00bb ser tonto, vulgar y sin educaci\u00f3n\u2026<\/span><\/p>\n<p>&nbsp;<\/p>\n<p><a href=\"https:\/\/puntocritico.com\/ausajpuntocritico\/2022\/04\/25\/de-la-sostenibilidad-a-la-guerra-atomica\/\"><img loading=\"lazy\" decoding=\"async\" class=\"aligncenter wp-image-2247721\" src=\"https:\/\/puntocritico.com\/ausajpuntocritico\/wp-content\/uploads\/2022\/05\/Selfie-del-fin-del-mundo-PPAL-300x199.jpg\" alt=\"\" width=\"400\" height=\"266\" data-id=\"2247721\" srcset=\"https:\/\/puntocritico.com\/ausajpuntocritico\/wp-content\/uploads\/2022\/05\/Selfie-del-fin-del-mundo-PPAL-300x199.jpg 300w, https:\/\/puntocritico.com\/ausajpuntocritico\/wp-content\/uploads\/2022\/05\/Selfie-del-fin-del-mundo-PPAL-610x405.jpg 610w, https:\/\/puntocritico.com\/ausajpuntocritico\/wp-content\/uploads\/2022\/05\/Selfie-del-fin-del-mundo-PPAL-678x452.jpg 678w, https:\/\/puntocritico.com\/ausajpuntocritico\/wp-content\/uploads\/2022\/05\/Selfie-del-fin-del-mundo-PPAL.jpg 680w\" sizes=\"auto, (max-width: 400px) 100vw, 400px\" \/><\/a><\/p>\n<h3 style=\"text-align: center;\"><span style=\"font-size: 18pt;\"><strong><span class=\"chapitre_chiffre\">9.<\/span><span class=\"chapitre\">\u00a0Reemplazar la revoluci\u00f3n por la culpabilidad<\/span><\/strong><\/span><\/h3>\n<p style=\"text-align: justify;\"><span style=\"font-size: 14pt;\">Hacer creer al individuo que es el \u00fanico responsable de su desgracia, debido a la insuficiencia de su inteligencia, sus habilidades o sus esfuerzos. As\u00ed, en lugar de rebelarse contra el sistema econ\u00f3mico, el individuo se auto-deval\u00faa y se siente culpable, lo que genera un estado depresivo cuyo uno de los efectos es la inhibici\u00f3n de la acci\u00f3n. Y sin acci\u00f3n, \u00a1no hay revoluci\u00f3n!\u2026<\/span><\/p>\n<p>&nbsp;<\/p>\n<p><img loading=\"lazy\" decoding=\"async\" class=\"aligncenter wp-image-2299328\" src=\"https:\/\/puntocritico.com\/ausajpuntocritico\/wp-content\/uploads\/2024\/06\/10tecnicas-MANIPULACION-DE-MASAS-1-300x300.jpg\" alt=\"\" width=\"400\" height=\"400\" data-id=\"2299328\" srcset=\"https:\/\/puntocritico.com\/ausajpuntocritico\/wp-content\/uploads\/2024\/06\/10tecnicas-MANIPULACION-DE-MASAS-1-300x300.jpg 300w, https:\/\/puntocritico.com\/ausajpuntocritico\/wp-content\/uploads\/2024\/06\/10tecnicas-MANIPULACION-DE-MASAS-1-150x150.jpg 150w, https:\/\/puntocritico.com\/ausajpuntocritico\/wp-content\/uploads\/2024\/06\/10tecnicas-MANIPULACION-DE-MASAS-1-768x767.jpg 768w, https:\/\/puntocritico.com\/ausajpuntocritico\/wp-content\/uploads\/2024\/06\/10tecnicas-MANIPULACION-DE-MASAS-1.jpg 916w\" sizes=\"auto, (max-width: 400px) 100vw, 400px\" \/><\/p>\n<h3 class=\"bloc_titre\" style=\"text-align: center;\"><span style=\"font-size: 18pt;\"><strong><span class=\"chapitre_chiffre\">10.<\/span><span class=\"chapitre\">\u00a0Conocer a las personas mejor de lo que se conocen a s\u00ed mismas<\/span><\/strong><\/span><\/h3>\n<p style=\"text-align: justify;\"><span class=\"texte\"><span style=\"font-size: 14pt;\">En los \u00faltimos 50 a\u00f1os, los avances mete\u00f3ricos en la ciencia han creado una brecha creciente entre el conocimiento p\u00fablico y el que tienen y utilizan las \u00e9lites gobernantes. A trav\u00e9s de la biolog\u00eda, la neurobiolog\u00eda y la psicolog\u00eda aplicada, el \u00absistema\u00bb ha logrado un conocimiento avanzado del ser humano, tanto f\u00edsica como psicol\u00f3gicamente. El sistema ha llegado a conocer a la persona promedio mejor de lo que la persona promedio se conoce a s\u00ed misma. Esto significa que en la mayor\u00eda de los casos, el sistema tiene mayor control y poder sobre los individuos que los propios individuos.<\/span><br \/>\n<\/span><\/p>\n<p>&nbsp;<\/p>\n<p><a href=\"https:\/\/puntocritico.com\/ausajpuntocritico\/2021\/11\/20\/they-live-pelicula-de-john-carpenter-sociedad-y-enfermedad-psiquica-2\/\"><img loading=\"lazy\" decoding=\"async\" class=\"aligncenter wp-image-2299326\" src=\"https:\/\/puntocritico.com\/ausajpuntocritico\/wp-content\/uploads\/2024\/06\/MANIPULACION-DE-MASAS-zombie-300x141.jpg\" alt=\"\" width=\"480\" height=\"226\" data-id=\"2299326\" srcset=\"https:\/\/puntocritico.com\/ausajpuntocritico\/wp-content\/uploads\/2024\/06\/MANIPULACION-DE-MASAS-zombie-300x141.jpg 300w, https:\/\/puntocritico.com\/ausajpuntocritico\/wp-content\/uploads\/2024\/06\/MANIPULACION-DE-MASAS-zombie.jpg 736w\" sizes=\"auto, (max-width: 480px) 100vw, 480px\" \/><\/a><\/p>\n<p style=\"text-align: center;\"><span style=\"font-size: 18pt; color: #008000;\">* * *<\/span><\/p>\n<div><strong>AUTOR:<\/strong>\u00a0Sylvain Timsit, 2002.\u00a0<strong>FUENTE:<\/strong>\u00a0\u00a9\u00a0<i><a href=\"http:\/\/www.syti.net\/Manipulations.html\" target=\"_blank\" rel=\"noopener\">Syti.net<\/a>.<\/i><\/div>\n<p>&nbsp;<\/p>\n<p><a href=\"https:\/\/puntocritico.com\/ausajpuntocritico\/2023\/02\/14\/entetanimiento-tittytainment-propaganda-del-siglo-xxi\/\"><img loading=\"lazy\" decoding=\"async\" class=\"aligncenter wp-image-4893\" src=\"https:\/\/puntocritico.com\/ausajpuntocritico\/wp-content\/uploads\/2017\/08\/TO_WONDERLAND-300x199.jpg\" alt=\"\" width=\"400\" height=\"266\" data-id=\"4893\" srcset=\"https:\/\/puntocritico.com\/ausajpuntocritico\/wp-content\/uploads\/2017\/08\/TO_WONDERLAND-300x199.jpg 300w, https:\/\/puntocritico.com\/ausajpuntocritico\/wp-content\/uploads\/2017\/08\/TO_WONDERLAND-678x452.jpg 678w, https:\/\/puntocritico.com\/ausajpuntocritico\/wp-content\/uploads\/2017\/08\/TO_WONDERLAND.jpg 680w\" sizes=\"auto, (max-width: 400px) 100vw, 400px\" \/><\/a><\/p>\n<p style=\"text-align: center;\"><span style=\"font-size: 18pt;\"><strong><span style=\"color: #008000;\">*******<\/span><\/strong><\/span><\/p>\n<blockquote>\n<h2 style=\"text-align: center;\"><span style=\"font-size: 18pt;\">Chomsky no es el autor del texto de \u00ablas 10 estrategias de manipulaci\u00f3n medi\u00e1tica\u00bb. El verdadero autor es el franc\u00e9s Sylvain Timsit<\/span><\/h2>\n<figure id=\"attachment_2299329\" aria-describedby=\"caption-attachment-2299329\" style=\"width: 440px\" class=\"wp-caption aligncenter\"><a href=\"https:\/\/ibasque.com\/las-10-estrategias-de-manipulacion-de-sylvain-timsit-que-no-de-chomsky-como-se-puede-ver-en-muchos-sitios\/\" target=\"_blank\" rel=\"noopener\"><img loading=\"lazy\" decoding=\"async\" class=\"wp-image-2299329\" src=\"https:\/\/puntocritico.com\/ausajpuntocritico\/wp-content\/uploads\/2024\/06\/chomski_timsit-300x217.jpg\" alt=\"\" width=\"440\" height=\"318\" data-id=\"2299329\" srcset=\"https:\/\/puntocritico.com\/ausajpuntocritico\/wp-content\/uploads\/2024\/06\/chomski_timsit-300x217.jpg 300w, https:\/\/puntocritico.com\/ausajpuntocritico\/wp-content\/uploads\/2024\/06\/chomski_timsit-768x556.jpg 768w, https:\/\/puntocritico.com\/ausajpuntocritico\/wp-content\/uploads\/2024\/06\/chomski_timsit.jpg 965w\" sizes=\"auto, (max-width: 440px) 100vw, 440px\" \/><\/a><figcaption id=\"caption-attachment-2299329\" class=\"wp-caption-text\"><span style=\"color: #008000;\"><a href=\"https:\/\/blogdelviejotopo.blogspot.com\/2013\/02\/un-texto-apocrifo-de-chomsky-las-10.html\" target=\"_blank\" rel=\"noopener\">Las 10 Estrategias de Manipulaci\u00f3n de Sylvain Timsit<\/a> (que no de Chomsky como se puede ver en muchos sitios) <\/span><\/figcaption><\/figure>\n<p>&nbsp;<\/p>\n<p style=\"text-align: center;\"><span style=\"font-size: 14pt;\">Chomsky no es el autor de \u00ablas 10 estrategias de manipulaci\u00f3n medi\u00e1tica\u00bb, texto que se ha convertido en un fen\u00f3meno viral en Internet. El verdadero autor es el franc\u00e9s Sylvain Timsit. El documento fue publicado por primera vez en franc\u00e9s, en 2002, con el t\u00edtulo original \u00abStrat\u00e9gies de manipulation\u00bb, en la web syti.net.<sup id=\"cite_ref-1\" class=\"reference separada\"><\/sup>\u200b <\/span><\/p>\n<p style=\"text-align: center;\"><span style=\"font-size: 14pt;\">El copyright del texto es de esa fecha y de dicho lugar y el texto todav\u00eda se encuentra en el sitio web de origen. El origen de la falsa atribuci\u00f3n a Chomsky, estar\u00eda en el error que en su d\u00eda cometi\u00f3 la agencia Pressenza (Pressenza, 2010: <i>A propos des \u00ab dix strat\u00e9gies de manipulation de masses \u00bb attribu\u00e9 \u00e0 Noam Chomsky)<\/i>,<sup id=\"cite_ref-2\" class=\"reference separada\"><\/sup>\u00a0seg\u00fan ha manifestado Timsit.<\/span><\/p>\n<p style=\"text-align: right;\"><span style=\"font-size: 14pt;\"><a href=\"https:\/\/es.wikipedia.org\/wiki\/Manipulaci%C3%B3n_medi%C3%A1tica_seg%C3%BAn_Noam_Chomsky#:~:text=Chomsky%2C%20en%20cambio%2C%20no%20es,es%20el%20franc%C3%A9s%20Sylvain%20Timsit.\" target=\"_blank\" rel=\"noopener\">Wikipedia<\/a><\/span><\/p>\n<\/blockquote>\n<p>&nbsp;<\/p>\n<p><a href=\"https:\/\/blogdelviejotopo.blogspot.com\/2013\/02\/un-texto-apocrifo-de-chomsky-las-10.html\" target=\"_blank\" rel=\"noopener\"><img loading=\"lazy\" decoding=\"async\" class=\"aligncenter wp-image-2299330\" src=\"https:\/\/puntocritico.com\/ausajpuntocritico\/wp-content\/uploads\/2024\/06\/Manipulacion-masiva-vt-300x300.jpg\" alt=\"\" width=\"400\" height=\"399\" data-id=\"2299330\" srcset=\"https:\/\/puntocritico.com\/ausajpuntocritico\/wp-content\/uploads\/2024\/06\/Manipulacion-masiva-vt-300x300.jpg 300w, https:\/\/puntocritico.com\/ausajpuntocritico\/wp-content\/uploads\/2024\/06\/Manipulacion-masiva-vt-150x150.jpg 150w, https:\/\/puntocritico.com\/ausajpuntocritico\/wp-content\/uploads\/2024\/06\/Manipulacion-masiva-vt.jpg 550w\" sizes=\"auto, (max-width: 400px) 100vw, 400px\" \/><\/a><\/p>\n<p style=\"text-align: center;\"><span style=\"font-size: 18pt;\"><strong><span style=\"color: #008000;\">*******<\/span><\/strong><\/span><\/p>\n<p style=\"text-align: justify;\"><span style=\"font-size: 14pt;\">DE INTER\u00c9S<\/span><\/p>\n<blockquote class=\"wp-embedded-content\" data-secret=\"DvYY7UjUbi\"><p><a href=\"https:\/\/puntocritico.com\/ausajpuntocritico\/2024\/05\/04\/el-cerebro-es-el-campo-de-batalla-del-futuro-el-objetivo-declarado-del-fem-world-economic-forum-es-alterar-al-ser-humano\/\">EL CEREBRO ES EL CAMPO DE BATALLA DEL FUTURO<\/a><\/p><\/blockquote>\n<p><iframe loading=\"lazy\" class=\"wp-embedded-content\" sandbox=\"allow-scripts\" security=\"restricted\" style=\"position: absolute; clip: rect(1px, 1px, 1px, 1px);\" title=\"\u00abEL CEREBRO ES EL CAMPO DE BATALLA DEL FUTURO\u00bb \u2014 Punto Cr\u00edtico Derechos Humanos\" src=\"https:\/\/puntocritico.com\/ausajpuntocritico\/2024\/05\/04\/el-cerebro-es-el-campo-de-batalla-del-futuro-el-objetivo-declarado-del-fem-world-economic-forum-es-alterar-al-ser-humano\/embed\/#?secret=gj0ucMizNA#?secret=DvYY7UjUbi\" data-secret=\"DvYY7UjUbi\" width=\"500\" height=\"282\" frameborder=\"0\" marginwidth=\"0\" marginheight=\"0\" scrolling=\"no\"><\/iframe><\/p>\n<blockquote class=\"wp-embedded-content\" data-secret=\"IGdDjPeWwQ\"><p><a href=\"https:\/\/puntocritico.com\/ausajpuntocritico\/2024\/05\/11\/interfaz-cerebro-computadora\/\">MCCAIN CONFERENCIA 2022. PANEL: INTERFAZ CEREBRO-COMPUTADORA, con James Giordano y Nick Evans (VIDEO)<\/a><\/p><\/blockquote>\n<p><iframe loading=\"lazy\" class=\"wp-embedded-content\" sandbox=\"allow-scripts\" security=\"restricted\" style=\"position: absolute; clip: rect(1px, 1px, 1px, 1px);\" title=\"\u00abMCCAIN CONFERENCIA 2022. PANEL: INTERFAZ CEREBRO-COMPUTADORA, con James Giordano y Nick Evans (VIDEO)\u00bb \u2014 Punto Cr\u00edtico Derechos Humanos\" src=\"https:\/\/puntocritico.com\/ausajpuntocritico\/2024\/05\/11\/interfaz-cerebro-computadora\/embed\/#?secret=o9oWR1oXU5#?secret=IGdDjPeWwQ\" data-secret=\"IGdDjPeWwQ\" width=\"500\" height=\"282\" frameborder=\"0\" marginwidth=\"0\" marginheight=\"0\" scrolling=\"no\"><\/iframe><\/p>\n<blockquote class=\"wp-embedded-content\" data-secret=\"rt4TaKkS3i\"><p><a href=\"https:\/\/puntocritico.com\/ausajpuntocritico\/2022\/01\/18\/psicosis-de-formacion-masiva\/\">PSICOSIS DE FORMACI\u00d3N MASIVA. COVID-19: &#8220;Como los medios corporativos, generando ansiedad, han formado masas que les creen sin cuestionar&#8221;<\/a><\/p><\/blockquote>\n<p><iframe loading=\"lazy\" class=\"wp-embedded-content\" sandbox=\"allow-scripts\" security=\"restricted\" style=\"position: absolute; clip: rect(1px, 1px, 1px, 1px);\" title=\"\u00abPSICOSIS DE FORMACI\u00d3N MASIVA. COVID-19: &#8220;Como los medios corporativos, generando ansiedad, han formado masas que les creen sin cuestionar&#8221;\u00bb \u2014 Punto Cr\u00edtico Derechos Humanos\" src=\"https:\/\/puntocritico.com\/ausajpuntocritico\/2022\/01\/18\/psicosis-de-formacion-masiva\/embed\/#?secret=6sYDUwQ2Ck#?secret=rt4TaKkS3i\" data-secret=\"rt4TaKkS3i\" width=\"500\" height=\"282\" frameborder=\"0\" marginwidth=\"0\" marginheight=\"0\" scrolling=\"no\"><\/iframe><\/p>\n<blockquote class=\"wp-embedded-content\" data-secret=\"2T5fDSEefT\"><p><a href=\"https:\/\/puntocritico.com\/ausajpuntocritico\/2023\/04\/18\/efecto-dunning-kruger\/\">EFECTO DUNNING-KRUGER. &#8220;El problema con el mundo es que los est\u00fapidos est\u00e1n seguros de todo y los inteligentes est\u00e1n llenos de dudas&#8221;<\/a><\/p><\/blockquote>\n<p><iframe loading=\"lazy\" class=\"wp-embedded-content\" sandbox=\"allow-scripts\" security=\"restricted\" style=\"position: absolute; clip: rect(1px, 1px, 1px, 1px);\" title=\"\u00abEFECTO DUNNING-KRUGER. &#8220;El problema con el mundo es que los est\u00fapidos est\u00e1n seguros de todo y los inteligentes est\u00e1n llenos de dudas&#8221;\u00bb \u2014 Punto Cr\u00edtico Derechos Humanos\" src=\"https:\/\/puntocritico.com\/ausajpuntocritico\/2023\/04\/18\/efecto-dunning-kruger\/embed\/#?secret=aTd2Gyiyht#?secret=2T5fDSEefT\" data-secret=\"2T5fDSEefT\" width=\"500\" height=\"282\" frameborder=\"0\" marginwidth=\"0\" marginheight=\"0\" scrolling=\"no\"><\/iframe><\/p>\n<p>&nbsp;<\/p>\n<p><a href=\"https:\/\/puntocritico.com\/author\/punto-critico\/\"><img loading=\"lazy\" decoding=\"async\" class=\"aligncenter wp-image-9528\" src=\"https:\/\/puntocritico.com\/ausajpuntocritico\/wp-content\/uploads\/2018\/03\/Mosca_Punto_Cr\u00edtico_40.png\" alt=\"\" width=\"80\" height=\"80\" \/><\/a><\/p>\n<p>&nbsp;<\/p>\n","protected":false},"excerpt":{"rendered":"<div class=\"mh-excerpt\"><p>LAS 10 ESTRATEGIAS PARA LA MANIPULACI\u00d3N DE MASAS, por Sylvain Timsit (err\u00f3neamente atribuidas a Noam Chomsky) Filosof\u00eda Digital &nbsp; NOTA DE PUNTO CR\u00cdTICO (AUSAJ) Ma\u00f1ana NO nos vamos de vacaciones. Pero, hasta el 1 de <a class=\"mh-excerpt-more\" href=\"https:\/\/puntocritico.com\/ausajpuntocritico\/2024\/06\/20\/las-10-estrategias-para-la-manipulacion-de-masas-sylvain-timsit\/\" title=\"LAS 10 ESTRATEGIAS PARA LA MANIPULACI\u00d3N DE MASAS, por Sylvain Timsit. Violencia Totalitaria y Sumisi\u00f3n\">[&#8230;]<\/a><\/p>\n<\/div>","protected":false},"author":3,"featured_media":2299323,"comment_status":"closed","ping_status":"closed","sticky":false,"template":"","format":"standard","meta":{"_acf_changed":false,"_exactmetrics_skip_tracking":false,"_exactmetrics_sitenote_active":false,"_exactmetrics_sitenote_note":"","_exactmetrics_sitenote_category":0,"footnotes":""},"categories":[7,12,14],"tags":[],"class_list":{"0":"post-2299306","1":"post","2":"type-post","3":"status-publish","4":"format-standard","5":"has-post-thumbnail","7":"category-politica","8":"category-corrupcion","9":"category-corrupcion_informativa"},"acf":[],"_links":{"self":[{"href":"https:\/\/puntocritico.com\/ausajpuntocritico\/wp-json\/wp\/v2\/posts\/2299306","targetHints":{"allow":["GET"]}}],"collection":[{"href":"https:\/\/puntocritico.com\/ausajpuntocritico\/wp-json\/wp\/v2\/posts"}],"about":[{"href":"https:\/\/puntocritico.com\/ausajpuntocritico\/wp-json\/wp\/v2\/types\/post"}],"author":[{"embeddable":true,"href":"https:\/\/puntocritico.com\/ausajpuntocritico\/wp-json\/wp\/v2\/users\/3"}],"replies":[{"embeddable":true,"href":"https:\/\/puntocritico.com\/ausajpuntocritico\/wp-json\/wp\/v2\/comments?post=2299306"}],"version-history":[{"count":0,"href":"https:\/\/puntocritico.com\/ausajpuntocritico\/wp-json\/wp\/v2\/posts\/2299306\/revisions"}],"wp:featuredmedia":[{"embeddable":true,"href":"https:\/\/puntocritico.com\/ausajpuntocritico\/wp-json\/wp\/v2\/media\/2299323"}],"wp:attachment":[{"href":"https:\/\/puntocritico.com\/ausajpuntocritico\/wp-json\/wp\/v2\/media?parent=2299306"}],"wp:term":[{"taxonomy":"category","embeddable":true,"href":"https:\/\/puntocritico.com\/ausajpuntocritico\/wp-json\/wp\/v2\/categories?post=2299306"},{"taxonomy":"post_tag","embeddable":true,"href":"https:\/\/puntocritico.com\/ausajpuntocritico\/wp-json\/wp\/v2\/tags?post=2299306"}],"curies":[{"name":"wp","href":"https:\/\/api.w.org\/{rel}","templated":true}]}}