{"id":2298679,"date":"2024-05-29T00:05:00","date_gmt":"2024-05-28T22:05:00","guid":{"rendered":"https:\/\/puntocritico.com\/ausajpuntocritico\/?p=2298679"},"modified":"2024-05-28T10:44:23","modified_gmt":"2024-05-28T08:44:23","slug":"de-como-el-regimen-del-78-colonizo-las-instituciones","status":"publish","type":"post","link":"https:\/\/puntocritico.com\/ausajpuntocritico\/2024\/05\/29\/de-como-el-regimen-del-78-colonizo-las-instituciones\/","title":{"rendered":"DE C\u00d3MO EL R\u00c9GIMEN DEL 78 COLONIZ\u00d3 LAS INSTITUCIONES: La Transici\u00f3n; o como Franquistas de \u00abAdhesi\u00f3n Inquebrantable\u00bb pasaron a ser \u00abDem\u00f3cratas de toda la vida\u00bb. Todo queda en casa."},"content":{"rendered":"<h2 style=\"text-align: justify;\"><span style=\"color: #008000; font-size: 14pt;\">DE C\u00d3MO EL R\u00c9GIMEN DEL 78 COLONIZ\u00d3 LAS INSTITUCIONES<\/span><\/h2>\n\n<p>&nbsp;<\/p>\n<blockquote>\n<h2 class=\"new_title\" style=\"text-align: center;\"><span style=\"font-size: 24pt;\">EL EX POL\u00cdTICO DE LA UCD, \u00d3SCAR ALZAGA, REVELA LA QUEMA SECRETA DE ARCHIVOS FRANQUISTAS A MANOS DE SU\u00c1REZ Y MART\u00cdN VILLA<\/span><\/h2>\n<p class=\"new_subtitle\" style=\"text-align: center;\"><span style=\"font-size: 18pt;\"><em><strong>C\u00f3mo los herederos del franquismo incineraron la memoria de Espa\u00f1a para reinventarse a s\u00ed mismos como dem\u00f3cratas<\/strong><\/em><\/span><\/p>\n<p class=\"new_entry \" style=\"text-align: center;\"><strong><span style=\"font-size: 14pt;\">En un giro copernicano que sacude los cimientos de la Historia espa\u00f1ola, el ex pol\u00edtico conservador <a href=\"https:\/\/puntocritico.com\/ausajpuntocritico\/2020\/12\/30\/el-consenso-del-proceso-constituyente-a-las-practicas-postconstitucionales-por-oscar-alzaga-2\/\">\u00d3scar Alzaga<\/a>, descorre el velo sobre la destrucci\u00f3n sistem\u00e1tica de archivos durante la llamada \u201ctransici\u00f3n democr\u00e1tica\u201d, desenmascarando a los pol\u00edticos que quemaron evidencias clave, para presentarse como nuevos dem\u00f3cratas. En aquel \u00abaquelarre incendiario\u00bb, los herederos directos del franquismo mandaron a las llamas de la hoguera centenares de toneladas de documentos de la Brigada Pol\u00edtico-Social de la dictadura y de la Guardia civil.<\/span><\/strong><\/p>\n<p style=\"text-align: justify;\"><span style=\"font-size: 14pt;\">Por M\u00e1ximo Relti<\/span><\/p>\n<p style=\"text-align: justify;\"><span style=\"font-size: 14pt;\"><a href=\"https:\/\/canarias-semanal.org\/art\/36017\/el-ex-politico-de-la-ucd-oscar-alzaga-revela-la-quema-secreta-de-archivos-franquistas-a-manos-de-suarez-y-martin-villa\" target=\"_blank\" rel=\"noopener\">Canarias Semanal<\/a>, 12 ABRIL 2024<\/span><\/p>\n<p style=\"text-align: justify;\"><img loading=\"lazy\" decoding=\"async\" class=\"aligncenter wp-image-2296697\" src=\"https:\/\/puntocritico.com\/ausajpuntocritico\/wp-content\/uploads\/2024\/05\/Martin-villa-el-incinerador-300x134.jpg\" alt=\"DE C\u00d3MO EL R\u00c9GIMEN DEL 78 COLONIZ\u00d3 LAS INSTITUCIONES\" width=\"555\" height=\"249\" data-id=\"2296697\" srcset=\"https:\/\/puntocritico.com\/ausajpuntocritico\/wp-content\/uploads\/2024\/05\/Martin-villa-el-incinerador-300x134.jpg 300w, https:\/\/puntocritico.com\/ausajpuntocritico\/wp-content\/uploads\/2024\/05\/Martin-villa-el-incinerador.jpg 670w\" sizes=\"auto, (max-width: 555px) 100vw, 555px\" \/><\/p>\n<p>&nbsp;<\/p>\n<p style=\"text-align: justify;\"><span style=\"font-size: 14pt;\"><strong>\u00d3scar Alzaga\u00a0<\/strong>fue un destacado pol\u00edtico de derechas y catedr\u00e1tico de\u00a0<strong>Derecho Constitucional<\/strong>, que durante los a\u00f1os de la llamada\u00a0<strong>\u00ab<\/strong><em><strong>transici\u00f3n democr\u00e1tica\u00bb<\/strong>, entr\u00f3 a\u00a0<\/em>militar en la\u00a0<strong>UCD\u00a0<\/strong>desde las filas inmaculadas de la\u00a0<em><strong>democracia -cristiana\u00a0<\/strong><\/em>de<em><strong>\u00a0Ruiz Gim\u00e9nez.<\/strong><\/em><\/span><\/p>\n<p style=\"text-align: justify;\"><span style=\"font-size: 14pt;\">Hace unas pocas fechas, <strong>\u00d3scar Alzaga<\/strong>\u00a0ha realizado unas explosivas declaraciones a un medio estatal, en las que, por primera vez en las\u00a0\u00faltimas cuatro d\u00e9cadas, alguien que dispuso de responsabilidades pol\u00edticas representativas\u00a0 en las instituciones de la \u00e9poca\u00a0 se ha atrevido a decir cu\u00e1l fue el destino que los herederos de la Dictadura dieron a<strong> cientos de toneladas de los archivos secretos acumulados a lo largo de los 40 a\u00f1os de Dictadura en las oficinas centrales de la Guardia Civil y la Brigada Pol\u00edtico-Social<\/strong>.<\/span><\/p>\n<p style=\"text-align: justify;\"><span style=\"font-size: 14pt;\">Al respecto, <strong>Alzaga\u00a0<\/strong>precis\u00f3 en sus declaraciones que:<\/span><\/p>\n<p style=\"text-align: justify;\"><span style=\"color: #008000;\"><strong><span style=\"font-size: 14pt;\">\u00abEspa\u00f1a\u00a0se ha distinguido tristemente en\u00a0Europa\u00a0por una pr\u00e1ctica poco com\u00fan durante la transici\u00f3n posdictatorial del siglo XX en\u00a0Europa.<\/span><\/strong><\/span><\/p>\n<p style=\"text-align: justify;\"><span style=\"color: #008000;\"><strong><span style=\"font-size: 14pt;\">\u00abSiendo ministro del Interior Rodolfo Mart\u00edn Villa\u00a0y presidente del Gobierno\u00a0Adolfo Su\u00e1rez, se procedi\u00f3 a la destrucci\u00f3n sistem\u00e1tica de aquellos archivos que conten\u00edan los informes de las\u00a0Direcciones Generales de Seguridad\u00a0y de la\u00a0Guardia Civil\u00a0sobre las actividades de quienes desde la ilegalidad combatieron el franquismo\u00bb.<\/span><\/strong><\/span><\/p>\n<p>&nbsp;<\/p>\n<p style=\"text-align: justify;\"><span style=\"font-size: 14pt;\">El ex pol\u00edtico de la\u00a0<strong>UCD<\/strong>\u00a0precis\u00f3 que, a diferencia de lo sucedido en\u00a0<strong>Alemania<\/strong>\u00a0o en\u00a0<strong>Italia<\/strong>, donde se conservan como<em><strong>\u00a0\u00abpa\u00f1o en oro\u00bb<\/strong><\/em>\u00a0los vastos archivos policiales sobre los opositores a ambos reg\u00edmenes totalitarios, en Espa\u00f1a los herederos de la dictadura optaron por:<\/span><\/p>\n<p style=\"text-align: justify;\"><span style=\"font-size: 14pt;\"><strong><span style=\"color: #008000;\">\u00abproceder a la quema de documentos esenciales para el conocimiento de la intrahistoria tanto de la dictadura de Franco\u00a0como de la de aquellos que luchaban en contra de ella\u00bb.<\/span><\/strong><\/span><\/p>\n<p>&nbsp;<\/p>\n<p style=\"text-align: justify;\"><span style=\"font-size: 14pt;\"><strong>Alzaga,\u00a0<\/strong>en un libro de su autor\u00eda recientemente publicado, dedica todo un cap\u00edtulo a explicar<em><strong> la orden de quema de millones de documentos policiales<\/strong>.<\/em><\/span><\/p>\n<p style=\"text-align: justify;\"><span style=\"font-size: 14pt;\"><strong>\u00a0Alzaga<\/strong>\u00a0a\u00f1adi\u00f3 que a pol\u00edticos que proven\u00edan de las filas del\u00a0<strong>R\u00e9gimen de Franco\u00a0<\/strong>y que se presentaron a las elecciones de 1977, \u00ab<em>no les conven\u00eda que se supiera la dura realidad del franquismo y la forma en que su r\u00e9gimen pol\u00edtico reprimi\u00f3 sistem\u00e1ticamente a la oposici\u00f3n democr\u00e1tica\u00bb.<\/em><\/span><\/p>\n<p style=\"text-align: justify;\"><span style=\"font-size: 14pt;\">Y para eso, qu\u00e9 mejor que pasar por el <strong>fuego purificador de la hoguera<\/strong>\u00a0todo aquello que pudiera arrojar luz\u00a0<strong>sobre el R\u00e9gimen, su aparato represivo y sus propias biograf\u00edas pol\u00edticas personales<\/strong>.<\/span><\/p>\n<p style=\"text-align: justify;\"><span style=\"font-size: 14pt;\"><strong><span style=\"color: #008000;\">\u00abEllos quer\u00edan participar durante el nuevo periodo de nuestra vida p\u00fablica, &#8211;\u00a0agrega\u00a0Alzaga\u00a0-, en los nuevos partidos pol\u00edticos y comparecer ante la opini\u00f3n p\u00fablica como \u201cdem\u00f3cratas\u201d. Estos hombres p\u00fablicos siguieron en cierta medida el modelo de\u00a0Fernando VII\u00a0y otros espa\u00f1oles de nuestro siglo XIX\u00a0que procuraron borrar de nuestra historia importantes hechos que hab\u00edan sucedido, para lo cual quemaban toda la documentaci\u00f3n que se refer\u00eda a los mismos.<\/span><\/strong><\/span><\/p>\n<p style=\"text-align: justify;\"><span style=\"font-size: 14pt;\"><strong><span style=\"color: #008000;\">\u00abNuestra historia tuvo esta singularidad, y aunque en Espa\u00f1a y la Portugal de la dictadura de Oliveira Salazar\u00a0hubo durante m\u00e1s de cuarenta a\u00f1os dictaduras con similar orientaci\u00f3n totalitaria, en nuestro pa\u00eds hermano\u00a0se conservan hoy m\u00e1s de cuatro archivos gigantescos de aquella \u00e9poca,\u00a0sin que nuestros historiadores aqu\u00ed gocen de an\u00e1logos fondos documentales\u00bb.<\/span><\/strong><\/span><\/p>\n<p>&nbsp;<\/p>\n<p style=\"text-align: justify;\"><span style=\"font-size: 14pt;\">Pese al intento por parte de algunos senadores de entonces, &#8211; prosigui\u00f3 diciendo -, que pidieron al ministro del Interior, <strong>Rodolfo Mart\u00edn Villa<\/strong>\u00a0su preservaci\u00f3n, la destrucci\u00f3n documental se hizo efectiva sin contemplaciones. Sin embargo, esta quema indiscriminada no lleg\u00f3 a afectar a los\u00a0<strong>Juzgados de lo Penal,<\/strong>\u00a0ni al\u00a0<strong>Tribunal de Orden P\u00fablico<\/strong>, ni\u00a0 tampoco a los\u00a0<strong>Juzgados militares<\/strong>. Ello es lo que permite que algunas\u00a0 fuentes, &#8211; no las m\u00e1s esenciales-, contin\u00faen estando disponibles para el uso e investigaci\u00f3n por parte de los historiadores.<\/span><\/p>\n<p style=\"text-align: justify;\"><span style=\"font-size: 14pt;\">En <strong>Madrid,<\/strong>\u00a0-cuenta ahora el ex pol\u00edtico derechista-\u00a0<strong>se emplearon camiones enteros<\/strong>\u00a0que hac\u00edan m\u00faltiples viajes\u00a0 portando toneladas de documentos al\u00a0<strong>Cuartel General de la Guardia Civil,<\/strong>\u00a0sito en la calle\u00a0<strong>Guzm\u00e1n el Bueno<\/strong>, donde se procedi\u00f3 a<strong>\u00a0incinerar, d\u00eda tras d\u00eda,\u00a0<\/strong>todo aquel enorme\u00a0<strong>tonelaje de documentaci\u00f3n<\/strong>,\u00a0 seg\u00fan le contaban a\u00a0<strong>Alzaga<\/strong>\u00a0los archiveros veteranos, encargados de realizar aquella\u00a0<strong><em>\u00edgnea purificaci\u00f3n desmemorizadora<\/em><\/strong><em>.<\/em><\/span><\/p>\n<p style=\"text-align: justify;\"><span style=\"font-size: 14pt;\">Al fin y al cabo,\u00a0<strong>la fogata y la candela\u00a0<\/strong>han sido hist\u00f3ricamente dos recurridos instrumentos por parte de las clases conservadoras espa\u00f1olas, para hacer desaparecer de la faz de la tierra todo aquello que pudiera perturbar la seguridad de sus intereses.\u00a0<\/span><\/p>\n<p><span style=\"color: #008000;\"><strong><span style=\"font-size: 14pt;\">\u00abDurante los inicios de la Transici\u00f3n, -asegura\u00a0Alzaga- hubo funcionarios que, consternados, presenciaron c\u00f3mo se destru\u00eda informaci\u00f3n crucial sobre el esfuerzo democr\u00e1tico contra el franquismo\u00bb.\u00a0<\/span><\/strong><\/span><\/p>\n<p><span style=\"color: #008000;\"><strong><span style=\"font-size: 14pt;\">\u00abLa documentaci\u00f3n sobre la represi\u00f3n democr\u00e1tica no solo desapareci\u00f3 de archivos clave como la Brigada Social\u00a0o los servicios de informaci\u00f3n de la\u00a0Guardia Civil,\u00a0sino tambi\u00e9n de otros organismos estatales\u00bb.<\/span><\/strong><\/span><\/p>\n<p>&nbsp;<\/p>\n<p style=\"text-align: justify;\"><span style=\"font-size: 14pt;\">Finalmente,<strong>\u00a0Alzaga<\/strong>\u00a0hace una dura cr\u00edtica a la manipulaci\u00f3n historiogr\u00e1fica posdictatorial, evidenciada por aquellos que, una vez instaurado la<strong>\u00a0Monarqu\u00eda,<\/strong>\u00a0buscaron\u00a0<strong>reinventar los 40 a\u00f1os de franquismo<\/strong>\u00a0mediante publicaciones y art\u00edculos, distorsionando as\u00ed la realidad hist\u00f3rica del pa\u00eds.<\/span><\/p>\n<p style=\"text-align: justify;\"><span style=\"font-size: 14pt;\">En cualquier caso, a uno no le queda m\u00e1s remedio que preguntarse medio siglo despu\u00e9s de aquel <em><strong>aquelarre incendiario<\/strong><\/em>, cu\u00e1l\u00a0 pudo ser la poderosa raz\u00f3n\u00a0 que impidi\u00f3 a\u00a0<strong>Oscar<\/strong> Alzaga, que era entonces\u00a0 nada menos que un destacado diputado del Partido en el Gobierno, la <strong>UCD<\/strong>,\u00a0 tener las agallas de hacer p\u00fablica su protesta por la ejecuci\u00f3n de un \u00ab<em><strong>historicidio\u00bb<\/strong><\/em>\u00a0que, sin duda, privar\u00e1 a futuras generaciones del conocimiento de partes importantes y valiosas de las p\u00fatridas entra\u00f1as de la pasada dictadura.<\/span><\/p>\n<\/blockquote>\n<p>&nbsp;<\/p>\n<figure id=\"attachment_13965\" aria-describedby=\"caption-attachment-13965\" style=\"width: 330px\" class=\"wp-caption aligncenter\"><a href=\"https:\/\/puntocritico.com\/ausajpuntocritico\/2020\/12\/30\/el-consenso-del-proceso-constituyente-a-las-practicas-postconstitucionales-por-oscar-alzaga-2\/\"><img loading=\"lazy\" decoding=\"async\" class=\"wp-image-13965\" src=\"https:\/\/puntocritico.com\/ausajpuntocritico\/wp-content\/uploads\/2018\/09\/Oscar-Alzaga-Primer-Plano.jpg\" alt=\"\" width=\"330\" height=\"247\" data-id=\"13965\" srcset=\"https:\/\/puntocritico.com\/ausajpuntocritico\/wp-content\/uploads\/2018\/09\/Oscar-Alzaga-Primer-Plano.jpg 259w, https:\/\/puntocritico.com\/ausajpuntocritico\/wp-content\/uploads\/2018\/09\/Oscar-Alzaga-Primer-Plano-200x150.jpg 200w, https:\/\/puntocritico.com\/ausajpuntocritico\/wp-content\/uploads\/2018\/09\/Oscar-Alzaga-Primer-Plano-80x60.jpg 80w\" sizes=\"auto, (max-width: 330px) 100vw, 330px\" \/><\/a><figcaption id=\"caption-attachment-13965\" class=\"wp-caption-text\"><span style=\"color: #008000;\">\u00d3SCAR ALZAGA<\/span><\/figcaption><\/figure>\n<p style=\"text-align: center;\"><strong><span style=\"color: #008000; font-size: 18pt;\">*******<\/span><\/strong><\/p>\n<h2 style=\"text-align: center;\"><span style=\"font-size: 24pt;\"><strong>LA INS\u00d3LITA VIDA DEL FRANQUISTA QUE ESCRIBI\u00d3 EL &#8216;CARA AL SOL&#8217; Y ACAB\u00d3 DEFENDIENDO EL SOCIALISMO<\/strong><\/span><\/h2>\n<p class=\"voc-subtitle\" style=\"text-align: center;\"><em><strong><span style=\"font-size: 14pt;\">El escritor Dionisio Ridruejo protagoniz\u00f3 una de las carreras pol\u00edticas m\u00e1s ins\u00f3litas del siglo pasado<\/span><\/strong><\/em><\/p>\n<p style=\"text-align: justify;\"><span style=\"font-size: 14pt;\">Por Israel Viana<\/span><\/p>\n<p style=\"text-align: justify;\"><span style=\"font-size: 14pt;\"><a href=\"https:\/\/www.abc.es\/historia\/insolita-vida-franquista-escribio-cara-sol-acabo-20240225235426-nt.html\" target=\"_blank\" rel=\"noopener\">ABC<\/a>, 26 FEBRERO 2024<\/span><\/p>\n<figure id=\"attachment_2294452\" aria-describedby=\"caption-attachment-2294452\" style=\"width: 480px\" class=\"wp-caption aligncenter\"><img loading=\"lazy\" decoding=\"async\" class=\"wp-image-2294452\" src=\"https:\/\/puntocritico.com\/ausajpuntocritico\/wp-content\/uploads\/2024\/03\/dionisio-ridruejo-R8e1iaxQ7dLcPobgUGlWB6O-1200x840@abc.webp\" alt=\"\" width=\"480\" height=\"336\" data-id=\"2294452\" srcset=\"https:\/\/puntocritico.com\/ausajpuntocritico\/wp-content\/uploads\/2024\/03\/dionisio-ridruejo-R8e1iaxQ7dLcPobgUGlWB6O-1200x840@abc.webp 1200w, https:\/\/puntocritico.com\/ausajpuntocritico\/wp-content\/uploads\/2024\/03\/dionisio-ridruejo-R8e1iaxQ7dLcPobgUGlWB6O-1200x840@abc-300x210.webp 300w, https:\/\/puntocritico.com\/ausajpuntocritico\/wp-content\/uploads\/2024\/03\/dionisio-ridruejo-R8e1iaxQ7dLcPobgUGlWB6O-1200x840@abc-1024x717.webp 1024w, https:\/\/puntocritico.com\/ausajpuntocritico\/wp-content\/uploads\/2024\/03\/dionisio-ridruejo-R8e1iaxQ7dLcPobgUGlWB6O-1200x840@abc-768x538.webp 768w\" sizes=\"auto, (max-width: 480px) 100vw, 480px\" \/><figcaption id=\"caption-attachment-2294452\" class=\"wp-caption-text\"><span style=\"color: #008000;\">Dionisio Ridruejo, en una imagen de 1970 &#8211; ABC<\/span><\/figcaption><\/figure>\n<p>&nbsp;<\/p>\n<p class=\"voc-p\" style=\"text-align: justify;\"><span style=\"font-size: 14pt;\">A lo largo de los siglos XX y XIX, en la pol\u00edtica espa\u00f1ola ha habido una gran cantidad de tr\u00e1nsfugas. En los primero cuatro meses de 2021, ABC inform\u00f3 de m\u00e1s de diez casos. El m\u00e1s pol\u00e9mico fue el del exdiputado Toni Cant\u00f3, que abandon\u00f3 Ciudadanos con la intenci\u00f3n de presentarse en la candidatura de Isabel D\u00edaz Ayuso a la Comunidad de Madrid. Un mes antes cont\u00e1bamos c\u00f3mo el PSOE hab\u00eda \u00ab<em>comprado<\/em>\u00bb a una tr\u00e1nsfuga para arrebatar la Alcald\u00eda de Valencina al PP y, en enero de ese a\u00f1o, que el Ayuntamiento de La Guardia , en Ja\u00e9n, hab\u00eda presentado un recurso para evitar que otro concejal tr\u00e1nsfuga cobrara 35.000 euros al a\u00f1o.<\/span><\/p>\n<p class=\"voc-p\" style=\"text-align: justify;\"><span style=\"font-size: 14pt;\">Todos ellos casos sorprendentes y llamativos, pero ninguno como el de\u00a0<a title=\"Dionisio Ridruejo\" href=\"https:\/\/www.abc.es\/cultura\/libros\/20130226\/abci-dionisio-ridruejo-biografia-completa-201302251430.html\" target=\"_blank\" rel=\"noopener\" data-voc-vtm-id=\"in-text-traffic\" data-mrf-link=\"https:\/\/www.abc.es\/cultura\/libros\/20130226\/abci-dionisio-ridruejo-biografia-completa-201302251430.html\" data-schema-attribute=\"\">Dionisio Ridruejo<\/a>, un personaje que tuvo una de las trayectorias pol\u00edticas m\u00e1s extra\u00f1amente sugerentes de la historia de Espa\u00f1a, al protagonizar un singular viaje desde la esv\u00e1stica hasta la rosa socialista. Esta conversi\u00f3n pol\u00edtica es menos frecuente, ya que lo habitual es ser un joven rebelde de izquierdas que, al llegar a la edad adulta, se convierte en un conservador. Sin embargo, en la Espa\u00f1a del franquismo hubo muchos viejos falangistas que acabaron decepcionados con la dictadura y abrazaron ideolog\u00edas contrarias e, incluso, perseguidas por esta. Pero ninguno lo hizo con la brusquedad y la rapidez que el ins\u00f3lito caso de <strong>Dionisio<\/strong>.<\/span><\/p>\n<p style=\"text-align: justify;\"><span style=\"font-size: 14pt;\">\u00ab<em><strong>Ridruejo<\/strong> pertenec\u00eda a la clase privilegiada de provincias, pero detestaba el conservadurismo de la derecha y crey\u00f3 ver en el falangismo un movimiento a su medida: sagradas tradiciones y revoluci\u00f3n igualitaria, todo a la vez. A ello hay que sumar una jugarreta del destino, pues el joven provinciano se enamor\u00f3 perdidamente de Marichu de la Mora, una dama de alta sociedad, falangista, que fue quien le present\u00f3 al carism\u00e1tico l\u00edder de Falange Espa\u00f1ola, Jos\u00e9 Antonio Primo de Rivera<\/em>\u00bb, contaba a ABC el historiador\u00a0<a title=\"Manuel Penella\" href=\"https:\/\/incursionesintempestivas.blogspot.com\/2012\/10\/recordando-dionisio-ridruejo.html\" target=\"_blank\" rel=\"noopener\" data-voc-vtm-id=\"in-text-traffic\" data-mrf-link=\"https:\/\/incursionesintempestivas.blogspot.com\/2012\/10\/recordando-dionisio-ridruejo.html\" data-schema-attribute=\"\">Manuel Penella<\/a>, autor de la primera biograf\u00eda de este pol\u00edtico, escritor y poeta Soriano.<\/span><\/p>\n<p style=\"text-align: justify;\"><span style=\"font-size: 14pt;\">El 3 de diciembre de 1935, a petici\u00f3n precisamente de Primo de Rivera, Ridruejo se reuni\u00f3 con otros falangistas en el s\u00f3tano del Or Kompon, un restaurante vasco cercano a la Gran V\u00eda. All\u00ed se le encomend\u00f3 que escribiera un himno alegre y triunfalista que los camaradas pudieran cantar al final de sus reuniones. Fue entonces cuando cre\u00f3, junto a Jos\u00e9 Antonio, el diplom\u00e1tico Agust\u00edn de Fox\u00e1 y el escritor Rafael S\u00e1nchez Mazas, el famoso\u00a0<a title=\"&#039;Cara al sol&#039;\" href=\"https:\/\/www.abc.es\/espana\/cara-sol-presente-campanas-electorales-23j-20230707202225-nt.html\" target=\"_blank\" rel=\"noopener\" data-voc-vtm-id=\"in-text-traffic\" data-mrf-link=\"https:\/\/www.abc.es\/espana\/cara-sol-presente-campanas-electorales-23j-20230707202225-nt.html\" data-schema-attribute=\"\">&#8216;Cara al sol&#8217;<\/a>. Hasta llegar a esta posici\u00f3n privilegiada de la historia pol\u00edtica de Espa\u00f1a, nuestro protagonista, hijo de un comerciante pr\u00f3spero de Soria, se convirti\u00f3 en delegado de la Falange en Valladolid y se mud\u00f3 a Madrid para estudiar Derecho. Era en la gran ciudad donde quer\u00eda estar, porque era all\u00ed donde ocurr\u00edan las cosas.<\/span><\/p>\n<div class=\"voc-c-container\" style=\"text-align: justify;\">\n<h3 class=\"voc-d-c__s-title\" style=\"text-align: justify;\"><span style=\"font-size: 14pt;\">Guerra Civil<\/span><\/h3>\n<\/div>\n<p class=\"voc-p\" style=\"text-align: justify;\"><span style=\"font-size: 14pt;\">Desde la capital viaj\u00f3 a Alemania con una delegaci\u00f3n del partido para conocer de primera mano las bondades del nazismo. Tanto a \u00e9l como al dictador Miguel Primo de Rivera siempre le hab\u00edan interesado el nacionalsocialismo y el fascimo surgido en Italia. As\u00ed lo reconoci\u00f3 el otro dictador espa\u00f1ol en 1926: \u00ab<em>El gesto de Mussolini [la Marcha sobre Roma] ilumin\u00f3 el camino que deb\u00eda seguir para salvar a mi pa\u00eds. Mussolini es la antorcha que alumbra a los pueblos [&#8230;] y creo, como \u00e9l, que el principio de la libertad ya no es eficaz como regla de conducta de los pueblos. Debe ser reemplazado por el principio de autoridad<\/em>\u00bb.<\/span><\/p>\n<p class=\"voc-p\" style=\"text-align: justify;\"><span style=\"font-size: 14pt;\">Durante la\u00a0<a title=\"Guerra Civil\" href=\"https:\/\/www.abc.es\/historia\/carta-anonima-bala-pozo-azufre-misterio-guerra-20240130042049-nt.html\" target=\"_blank\" rel=\"noopener\" data-voc-vtm-id=\"in-text-traffic\" data-mrf-link=\"https:\/\/www.abc.es\/historia\/carta-anonima-bala-pozo-azufre-misterio-guerra-20240130042049-nt.html\" data-schema-attribute=\"\">Guerra Civil<\/a>, Ridruejo se convirti\u00f3 en el responsable de la propaganda del Gobierno franquista en Burgos, donde contribuy\u00f3 a crear todo el imaginario del alzamiento contra la Rep\u00fablica. Es decir, las referencias imperiales, la est\u00e9tica de los soldados aguerridos que deb\u00edan salvar la patria y la belleza de la violencia contra los comunistas, entre otras cosas. Tambi\u00e9n escribi\u00f3 en el <strong>diario &#8216;Arriba&#8217;<\/strong> una serie de encendidos art\u00edculos elogiando a Hitler y Mussolini y dirigi\u00f3 la revista literaria <strong>&#8216;Escorial&#8217;<\/strong>, en la cual reivindicaba el totalitarismo desde la cultura.<\/span><\/p>\n<p class=\"voc-p\" style=\"text-align: justify;\"><span style=\"font-size: 14pt;\"><strong><a title=\"Franco\" href=\"https:\/\/www.abc.es\/historia\/abci-vidas-anarquista-punto-estuvo-matar-franco-cuatro-dias-antes-guerra-civil-202012031859_noticia.html\" target=\"_blank\" rel=\"noopener\" data-voc-vtm-id=\"in-text-traffic\" data-mrf-link=\"https:\/\/www.abc.es\/historia\/abci-vidas-anarquista-punto-estuvo-matar-franco-cuatro-dias-antes-guerra-civil-202012031859_noticia.html\" data-schema-attribute=\"\">Franco<\/a><\/strong>, sin embargo, empez\u00f3 a relegar de los falangistas y perseguirlos por temor a que estos le usurparan el poder para transformar su r\u00e9gimen. Eso llev\u00f3 a <strong>Ridruejo<\/strong> a abandonar algunos de los cargos que ocupaba. Incluso se atrevi\u00f3 a escribir una carta cr\u00edtica al dictador espa\u00f1ol por la deriva que estaba tomando el r\u00e9gimen que hab\u00eda salido de la guerra, muy lejos de las promesas que inicialmente hab\u00eda hecho este. \u00ab<em>Da la impresi\u00f3n de que Ridruejo le cay\u00f3 en gracia a Franco, a quien alguna vez sac\u00f3 de sus casillas sin consecuencias. Franco habr\u00eda podido aplastarlo, pero no lo hizo. Lo trat\u00f3 con cierta deferencia, incluso despu\u00e9s de la dura carta de ruptura con el R\u00e9gimen que Ridruejo le escribi\u00f3 en 1942<\/em>\u00bb, explicaba Penella.<\/span><\/p>\n<div class=\"voc-c-container\" style=\"text-align: justify;\">\n<h3 class=\"voc-d-c__s-title\" style=\"text-align: justify;\"><span style=\"font-size: 14pt;\">Divisi\u00f3n Azul<\/span><\/h3>\n<\/div>\n<p class=\"voc-p\" style=\"text-align: justify;\"><span style=\"font-size: 14pt;\">En junio de 1941, <strong>Dionisio Ridruejo se alist\u00f3 a la Divisi\u00f3n Azul para ir a luchar contra la URSS<\/strong> durante la\u00a0<a title=\"Segunda Guerra Mundial\" href=\"https:\/\/www.abc.es\/cultura\/libros\/imposible-guerra-devastadora-historia-secretos-20230321170936-nt.html\" target=\"_blank\" rel=\"noopener\" data-voc-vtm-id=\"in-text-traffic\" data-mrf-link=\"https:\/\/www.abc.es\/cultura\/libros\/imposible-guerra-devastadora-historia-secretos-20230321170936-nt.html\" data-schema-attribute=\"\">Segunda Guerra Mundial<\/a>. Aquella unidad de voluntarios fue iniciativa de\u00a0<a title=\"Ram\u00f3n Serrano Su\u00f1er\" href=\"https:\/\/www.abc.es\/historia\/tensa-conversacion-privada-hitler-serrano-suner-pudo-20230317120608-nt.html\" target=\"_blank\" rel=\"noopener\" data-voc-vtm-id=\"in-text-traffic\" data-mrf-link=\"https:\/\/www.abc.es\/historia\/tensa-conversacion-privada-hitler-serrano-suner-pudo-20230317120608-nt.html\" data-schema-attribute=\"\">Ram\u00f3n Serrano Su\u00f1er<\/a>, uno de los protectores de Ridruejo dentro del r\u00e9gimen, que la cre\u00f3 con el objetivo de se\u00f1alar el compromiso de Falange contra el comunismo. Fue su primera experiencia en el campo de batalla, porque no dispar\u00f3 una sola bala durante la Guerra Civil. De la Uni\u00f3n Sovi\u00e9tica volvi\u00f3 con el alma hecha trizas y un libro bajo el brazo, sus &#8216;<strong><em>Los cuadernos de Rusia<\/em><\/strong>&#8216;, un testimonio literario de aquellos terribles meses en las trincheras.<\/span><\/p>\n<div id=\"wms-intext-multi1\" class=\"wms-intext\" style=\"text-align: justify;\">\n<div id=\"jw-5367453674-multi1\"><span style=\"font-size: 14pt;\">A su regreso, a pesar de que todav\u00eda cre\u00eda que los nazis pod\u00edan ganar la guerra, sent\u00eda ya un profundo desprecio por Franco. Renunci\u00f3 a los cargos que le quedaban. A ra\u00edz de su transformaci\u00f3n, el dictador no se qued\u00f3 con los brazos cruzados y le desterr\u00f3 durante cinco a\u00f1os a Ronda y San Cugat del Vall\u00e9s. En estos destinos vivi\u00f3 la derrota de <strong>Hitler<\/strong> y el final de la Alemania nazi, lo que endureci\u00f3 su postura contra el r\u00e9gimen sin esconderse. \u00ab<em>Hizo todo lo posible para transformar el Estado franquista en un Estado fascista &#8216;revolucionario&#8217;, lo que le llev\u00f3 a serios enfrentamientos con el propio Franco. Los mon\u00e1rquicos le odiaban y estuvo a punto de batirse en duelo con unos cuantos, algo que impidi\u00f3 Serrano Su\u00f1er<\/em>\u00bb, recuerda <strong>Penella<\/strong>.<\/span><\/div>\n<\/div>\n<p class=\"voc-p\" style=\"text-align: justify;\"><span style=\"font-size: 14pt;\">En ese momento comenz\u00f3 a emprender acciones que le vinculaban directamente con el antifranquismo de izquierdas, siendo incluso <strong>detenido durante los disturbios universitarios de febrero de 1956<\/strong>. M\u00e1s tarde fue enviado a la prisi\u00f3n de Carabanchel por participar en un movimiento de escritores contrarios al franquismo. <strong>Las c\u00e1rceles ser\u00edan desde entonces una de sus residencias habituales<\/strong>. Antes de acabar la d\u00e9cada pas\u00f3 otros cinco meses en una de ellas por acusar al r\u00e9gimen en una revista cubana. Al ser liberado, comenz\u00f3 a frecuentar los c\u00edrculos comunistas, aunque reneg\u00f3 de esta ideolog\u00eda para posicionarse finalmente con los liberales y los dem\u00f3cratas.<\/span><\/p>\n<div class=\"voc-c-container\" style=\"text-align: justify;\">\n<h3 class=\"voc-d-c__s-title\" style=\"text-align: justify;\"><span style=\"font-size: 14pt;\">Contra los totalitarismos<\/span><\/h3>\n<\/div>\n<p class=\"voc-p\" style=\"text-align: justify;\"><span style=\"font-size: 14pt;\">A estas alturas renegaba ya de cualquier totalitarismo e, incluso, fund\u00f3 un partido, <strong>Acci\u00f3n Democr\u00e1tica<\/strong>, por el que fue detenido de nuevo, juzgado y encarcelado en numerosas ocasiones m\u00e1s. Siguiendo sus nuevos principios, en 1962 asisti\u00f3 al <strong>IV Congreso del Movimiento Europeo en M\u00fanich<\/strong>, el conocido por los franquistas como \u00ab<em><strong>contubernio de M\u00fanich<\/strong><\/em>\u00bb. En \u00e9l, junto a los republicanos exiliados, exigi\u00f3 \u00ab<em>la instauraci\u00f3n de instituciones aut\u00e9nticamente representativas y democr\u00e1ticas<\/em>\u00bb. Despu\u00e9s de aquel viaje, <strong>Ridruejo<\/strong> ya no pudo volver a Espa\u00f1a hasta dos a\u00f1os despu\u00e9s. Nada m\u00e1s poner el pie en suelo espa\u00f1ol, fue condenado de nuevo a seis meses de prisi\u00f3n y a pagar 10.000 pesetas de multa.<\/span><\/p>\n<p class=\"voc-p\" style=\"text-align: justify;\"><span style=\"font-size: 14pt;\">En esos a\u00f1os ten\u00eda ya la salud muy delicada, pero continu\u00f3 escribiendo en revistas antifranquistas y participando en la promoci\u00f3n de nuevos partidos, con los que busc\u00f3 alianzas con los liberales, los cat\u00f3licos y los conservadores democr\u00e1ticos. Como \u00e9l mismo dijo: \u00ab<em>Yo quiero una fuerza intermedia, de nuevo cu\u00f1o, que interprete la herencia liberal hacia la izquierda con un esp\u00edritu reformista: una socialdemocracia o un socialismo no clasista. Este tercer grupo, en el que yo trabajo, ser\u00e1 en el futuro un fragmento o un ala moderada anexionada al socialismo<\/em>\u00bb.<\/span><\/p>\n<p class=\"voc-p\" style=\"text-align: justify;\"><span style=\"font-size: 14pt;\">Sin embargo, no le dio tiempo. Padec\u00eda una insuficiencia card\u00edaca que no hab\u00eda revelado a nadie y acab\u00f3 siendo internado en la cl\u00ednica de la Concepci\u00f3n de Madrid a la espera de ser operado. Sin embargo, la intervenci\u00f3n no se pudo llevar a cabo, porque falleci\u00f3 antes de entrar en el quir\u00f3fano, en la madrugada del 29 de junio de 1975. Como explic\u00f3 Penella: \u00ab<em>Al final de sus d\u00edas se defin\u00eda como socialdem\u00f3crata, o como neosocialista, es decir, como socialista no marxista. No lo veo ingresando en el PSOE de entonces, ni en el PSP de <strong>Tierno Galv\u00e1n<\/strong>, que eran marxistas. En 1975 consideraba que el PSOE deb\u00eda ser puesto al d\u00eda desde dentro, no por la injerencia de intelectuales burgueses<\/em>\u00bb.<\/span><\/p>\n<p>&nbsp;<\/p>\n<p><img loading=\"lazy\" decoding=\"async\" class=\"aligncenter wp-image-2298684\" src=\"https:\/\/puntocritico.com\/ausajpuntocritico\/wp-content\/uploads\/2024\/06\/EL-NACIMIENTO-DEL-REGIMEN-DEL-78.jpg\" alt=\"\" width=\"360\" height=\"231\" data-id=\"2298684\" \/><\/p>\n<p style=\"text-align: center;\"><strong><span style=\"color: #008000; font-size: 18pt;\">*******<\/span><\/strong><\/p>\n<h2 style=\"text-align: center;\"><span style=\"font-size: 18pt;\">V\u00edctor Manuel, el comunista que canta a la Dictadura de Franco. \u201cUn gran hombre\u201d &#8211; 1966<\/span><\/h2>\n<figure id=\"attachment_16682\" aria-describedby=\"caption-attachment-16682\" style=\"width: 280px\" class=\"wp-caption aligncenter\"><a href=\"https:\/\/puntocritico.com\/ausajpuntocritico\/2019\/02\/12\/fabricando-disidencia-globalistas-y-elites-controlan-movimientos-populares-por-michel-chossudovsky\/\"><img loading=\"lazy\" decoding=\"async\" class=\"wp-image-16682\" src=\"https:\/\/puntocritico.com\/ausajpuntocritico\/wp-content\/uploads\/2019\/02\/V\u00edctor-Manuel-cantando-a-Franco-286x300.jpg\" alt=\"\" width=\"280\" height=\"294\" data-id=\"16682\" srcset=\"https:\/\/puntocritico.com\/ausajpuntocritico\/wp-content\/uploads\/2019\/02\/V\u00edctor-Manuel-cantando-a-Franco-286x300.jpg 286w, https:\/\/puntocritico.com\/ausajpuntocritico\/wp-content\/uploads\/2019\/02\/V\u00edctor-Manuel-cantando-a-Franco.jpg 300w\" sizes=\"auto, (max-width: 280px) 100vw, 280px\" \/><\/a><figcaption id=\"caption-attachment-16682\" class=\"wp-caption-text\"><span style=\"color: #008000;\">V\u00edctor Manuel en el a\u00f1o 1966 public\u00f3 un single con la productora Belter que ten\u00eda dos canciones, la canci\u00f3n de la cara \u201cA\u201d del mencionado disco, que estaba dedicada a Franco, se llamaba \u201cUn gran hombre\u201d.\u00a0 <\/span><\/figcaption><\/figure>\n<p style=\"text-align: center;\"><strong><span style=\"color: #008000; font-size: 18pt;\">*******<\/span><\/strong><\/p>\n<h2 style=\"text-align: center;\"><span style=\"font-size: 24pt;\">HUGHES ENTREVISTA A CARLOS BUSTELO: \u00abHEMOS VIVIDO DE MENTIRAS\u00bb<\/span><\/h2>\n<div class=\"elementor-element elementor-element-196358f elementor-widget__width-initial elementor-widget-mobile__width-auto elementor-widget elementor-widget-heading\" data-id=\"196358f\" data-element_type=\"widget\" data-widget_type=\"heading.default\">\n<div class=\"elementor-widget-container\">\n<div class=\"elementor-element elementor-element-e815d23 elementor-widget elementor-widget-theme-post-excerpt\" data-id=\"e815d23\" data-element_type=\"widget\" data-widget_type=\"theme-post-excerpt.default\">\n<div class=\"elementor-widget-container\" style=\"text-align: center;\"><em><strong><span style=\"font-size: 14pt;\">El veterano pol\u00edtico, ministro con Su\u00e1rez, comparte con la Gaceta sus experiencias y su visi\u00f3n de la Transici\u00f3n y de la Espa\u00f1a actual<\/span><\/strong><\/em><\/div>\n<\/div>\n<\/div>\n<\/div>\n<div class=\"elementor-element elementor-element-d2a2365 elementor-widget elementor-widget-heading\" data-id=\"d2a2365\" data-element_type=\"widget\" data-widget_type=\"heading.default\">\n<div class=\"elementor-widget-container\">\n<div style=\"text-align: justify;\"><span style=\"font-size: 14pt;\">Por Hughes<\/span><\/div>\n<div class=\"elementor-heading-title elementor-size-default\" style=\"text-align: justify;\"><span style=\"font-size: 14pt;\"><a href=\"https:\/\/ideas.gaceta.es\/carlos-bustelo-hemos-vivido-de-mentiras\/\" target=\"_blank\" rel=\"noopener\">Gaceta<\/a>, 13 ENERO 2024<\/span><\/div>\n<\/div>\n<\/div>\n<figure id=\"attachment_2291985\" aria-describedby=\"caption-attachment-2291985\" style=\"width: 440px\" class=\"wp-caption aligncenter\"><img loading=\"lazy\" decoding=\"async\" class=\"wp-image-2291985\" src=\"https:\/\/puntocritico.com\/ausajpuntocritico\/wp-content\/uploads\/2024\/01\/carlos-bustelo-1024x683.jpg-300x200.webp\" alt=\"\" width=\"440\" height=\"293\" data-id=\"2291985\" srcset=\"https:\/\/puntocritico.com\/ausajpuntocritico\/wp-content\/uploads\/2024\/01\/carlos-bustelo-1024x683.jpg-300x200.webp 300w, https:\/\/puntocritico.com\/ausajpuntocritico\/wp-content\/uploads\/2024\/01\/carlos-bustelo-1024x683.jpg-768x512.webp 768w, https:\/\/puntocritico.com\/ausajpuntocritico\/wp-content\/uploads\/2024\/01\/carlos-bustelo-1024x683.jpg.webp 1024w\" sizes=\"auto, (max-width: 440px) 100vw, 440px\" \/><figcaption id=\"caption-attachment-2291985\" class=\"wp-caption-text\"><span style=\"color: #008000;\">Carlos Bustelo<\/span><\/figcaption><\/figure>\n<p>&nbsp;<\/p>\n<p style=\"text-align: justify;\"><span style=\"font-size: 14pt;\">Carlos Bustelo conserva a sus 87 a\u00f1os un sentido del humor intacto. Atiende al periodista con una cortes\u00eda y amabilidad desusadas y repasa la actualidad, los asuntos de Espa\u00f1a, con una retranca de gallego de Madrid y de quien est\u00e1 de vuelta de todo: jovenc\u00edsimo t\u00e9cnico comercial del Estado por oposici\u00f3n, una dilatada e importante experiencia en organismos internacionales, ministro de Industria y Energ\u00eda en democracia, presidente del INI, miembro de diversos consejos de administraci\u00f3n y hasta directivo del Real Madrid de Mendoza; y con todo, aun tuvo el coraje, pues no es cosa habitual, de tomar partido p\u00fablicamente por VOX como patrono de la Fundaci\u00f3n Disenso y candidato al senado. Los que buscan \u00abalmas liberales\u00bb aqu\u00ed tienen una. \u00abQuiero vivir hasta ver a Pedro S\u00e1nchez en la c\u00e1rcel\u00bb, dijo hace poco. Bustelo estuvo en el gobierno de Su\u00e1rez, pero, desde luego, no participa del consenso que atenaza a Espa\u00f1a.<\/span><\/p>\n<p style=\"text-align: justify;\"><span style=\"font-size: 14pt;\"><strong>No padece usted el famoso complejo de la derecha<\/strong><\/span><\/p>\n<p style=\"text-align: justify;\"><span style=\"font-size: 14pt;\">Es que la derecha espa\u00f1ola esta que viene de la UCD, donde yo estuve, compra cualquier cretinez que se le ocurra a la izquierda. \u00abHan muerto 100.000 madrile\u00f1os por la contaminaci\u00f3n\u00bb, les dicen. Y no se levantan y se van de la reuni\u00f3n. \u00a0Al contrario: no, nosotros vamos a impedir que los madrile\u00f1os puedan entrar con su coche en su ciudad. Yo con mis coches no puedo entrar. Pero si en la ITV me dicen que mis coches no contaminan nada\u2026 Pero este alcalde\u2026 He conocido a muchos abogados del Estado muy tontos. Aprenderse el C\u00f3digo Civil art\u00edculo por art\u00edculo exige tal esfuerzo que yo creo que se quedan\u00a0<em>tocaos<\/em>.<\/span><\/p>\n<p style=\"text-align: justify;\"><span style=\"font-size: 14pt;\"><strong>Como presidente que fue del Instituto Nacional de Industria y exministro, \u00bfcree que se permiti\u00f3 la desindustrializaci\u00f3n de Espa\u00f1a, que har\u00eda falta una nueva pol\u00edtica de industrializaci\u00f3n?<\/strong><\/span><\/p>\n<p style=\"text-align: justify;\"><span style=\"font-size: 14pt;\">Son bobadas. Hay tendencia a creer que el gobierno lo hace todo. Es verdad que Espa\u00f1a se convirti\u00f3 en uno de los grandes centros de producci\u00f3n de autom\u00f3viles, algo importante por la industria auxiliar. Pero qu\u00e9 man\u00eda con esto\u2026 Me recuerda a los sovi\u00e9ticos de los a\u00f1os 30: \u00abHay que industrializar, industrializar\u00bb. Pero si tenemos 82 millones de turistas anuales extranjeros. Es much\u00edsimo m\u00e1s rentable, es much\u00edsimo mejor, contaminan mucho menos. Hoy en d\u00eda las econom\u00edas m\u00e1s avanzadas suelen ser un 60% servicios, incluso m\u00e1s. No s\u00e9 por qu\u00e9 le ha dado a la gente ahora con esto. Me est\u00e1n recordando a Franco en los a\u00f1os 50.<\/span><\/p>\n<p style=\"text-align: justify;\"><span style=\"font-size: 14pt;\"><strong>No cree entonces que sea necesario un impulso estatal<\/strong><\/span><\/p>\n<p style=\"text-align: justify;\"><span style=\"font-size: 14pt;\">No, nada, mentira absoluta. Los impulsos estatales no son la respuesta, como va a demostrar el autom\u00f3vil el\u00e9ctrico, que va a ser uno de los mayores fracasos y esc\u00e1ndalos industriales de la historia de la humanidad.<\/span><\/p>\n<p style=\"text-align: justify;\"><span style=\"font-size: 14pt;\"><strong>\u00bfLe ve futuro a eso?<\/strong><\/span><\/p>\n<p style=\"text-align: justify;\"><span style=\"font-size: 14pt;\">Se mantendr\u00e1 mientras los gobiernos, que han ido creciendo lamentablemente desde la segunda guerra mundial, quieran.<\/span><\/p>\n<p style=\"text-align: justify;\"><span style=\"font-size: 14pt;\"><strong>Ha escrito muy cr\u00edticamente sobre los sindicatos, para usted la gran reforma pendiente<\/strong><\/span><\/p>\n<p style=\"text-align: justify;\"><span style=\"font-size: 14pt;\">Han sido mi obsesi\u00f3n. UGT y CC.OO han sido el gran desastre de la Transici\u00f3n. Pero los tontos estos de la UCD\u2026 Ten\u00edan tal complejo, qu\u00e9 cosa tan asombrosa\u2026 Ten\u00edan que haber empezado completamente al rev\u00e9s. Eran unos tipos magn\u00edficos, pero ten\u00edan un complejo tan grande\u2026 Alfonso Guerra les ten\u00eda completamente atemorizados porque ten\u00eda fotos de ellos con la chaquetilla blanca y la camisa azul. No es una\u00a0<em>boutade<\/em>. Lo he hablado con ellos.<\/span><\/p>\n<p>&nbsp;<\/p>\n<p style=\"text-align: center;\"><strong><span style=\"font-size: 14pt; color: #008000;\"> UGT y CC.OO han sido el gran desastre de la Transici\u00f3n \u2026 Alfonso Guerra les ten\u00eda completamente atemorizados porque ten\u00eda fotos de ellos con la chaquetilla blanca y la camisa azul.<\/span><\/strong><\/p>\n<p>&nbsp;<\/p>\n<p style=\"text-align: justify;\"><span style=\"font-size: 14pt;\">Los ministros casi nunca hablan con el presidente del gobierno, pero como yo viajaba con <strong>Su\u00e1rez<\/strong> he hablado con \u00e9l en los aviones. Por ejemplo yendo a <em>Cuba<\/em>, un viaje completamente rid\u00edculo en el que <strong>Su\u00e1rez<\/strong> estaba feliz de que el gran l\u00edder del rojer\u00edo mundial le recibiera y en vez de haber dicho: \u00ab<em>S\u00ed, se\u00f1or, el franquismo es una dictadura, y como tal criticable, y Franco se aferr\u00f3 al poder, pero est\u00e1 claro que fue una dictadura infinitamente mejor que la que hubi\u00e9ramos tenido si hubieran ganado los otros\u2026<\/em>\u00bb. Y la prueba es que los rumanos han acabado vendiendo cl\u00ednex aqu\u00ed en los sem\u00e1foros de Madrid y los espa\u00f1oles no hemos acabado vendiendo cl\u00ednex en los de Bucarest. Y adem\u00e1s ten\u00eda raz\u00f3n <strong>Sholzhenitsyn<\/strong> cuando vino aqu\u00ed, ustedes no saben lo que es una dictadura de verdad. Tienen ustedes pasaporte, pueden viajar al extranjero cuando quieran, pueden viajar por el interior de Espa\u00f1a cuando quieran\u2026 En la URSS no puede usted moverse de barrio en Mosc\u00fa sin varias autorizaciones. Aqu\u00ed se cabrearon todos. El rojer\u00edo con <strong>Juan Benet<\/strong>, que era amigo de mi hermano mayor, ingeniero de caminos, que cuando yo estaba en <strong><em>Ferrovial<\/em><\/strong> me lo encontr\u00e9 trabajando en <em>Teher\u00e1n<\/em>, y lo pasamos muy bien. Luego pidi\u00f3 perd\u00f3n. Pero es mucho peor lo de los tontos de los democristianos de UCD que estaban en\u00a0<em>Cuadernos para el Di\u00e1logo<\/em>, el <strong><em>grupo T\u00e1cito<\/em><\/strong>\u2026<\/span><\/p>\n<p style=\"text-align: justify;\"><span style=\"font-size: 14pt;\"><strong>El buscado consenso entre socialdem\u00f3cratas y democristianos<\/strong><\/span><\/p>\n<p style=\"text-align: justify;\"><span style=\"font-size: 14pt;\">Yo creo que los democristianos tienen mucha culpa de que <em>Espa\u00f1a<\/em>, al morir <strong>Franco<\/strong>, no eligiera la salida hacia una democracia liberal no tan impregnada de socialismo y de marxismo. Yo creo que a los democristianos los machac\u00f3 el <em>Concilio Vaticano II<\/em>. Yo creo que es ah\u00ed cuando la fastidiaron.<\/span><\/p>\n<p style=\"text-align: justify;\"><span style=\"font-size: 14pt;\">A estos t\u00edos, que los he tratado, a <strong>\u00d3scar Alzaga<\/strong>,<strong> Herrero de Mi\u00f1\u00f3n<\/strong>, etc., <strong>ellos lo que quer\u00edan era ser muy antifranquistas, ya en la democracia<\/strong>. Cre\u00edan por ejemplo que el separatismo era una fuerza antifranquista, y como el PNV y CiU eran de la Internacional Democristiana, pues entonces hab\u00eda que entenderse con ellos.<\/span><\/p>\n<p style=\"text-align: justify;\"><span style=\"font-size: 14pt;\"><strong>Lo de \u00abEstado espa\u00f1ol\u00bb lo empiezan a usar ellos<\/strong><\/span><\/p>\n<p style=\"text-align: justify;\"><span style=\"font-size: 14pt;\">S\u00ed, porque estaban convencidos de que lo importante era dar una imagen completamente antifranquista, y como eran chicos listejos que hab\u00edan ganado oposiciones, como me pas\u00f3 a m\u00ed, que las gan\u00e9 aunque con alg\u00fan informe negativo de cuando la universidad, que me denunciaba por rojeras porque a los 18 a\u00f1os era, como casi todo el mundo, un gilipollas.<\/span><\/p>\n<p style=\"text-align: justify;\"><span style=\"font-size: 14pt;\"><strong>\u00bfFue ese el error econ\u00f3mico de la Transici\u00f3n?<\/strong><\/span><\/p>\n<p style=\"text-align: justify;\"><span style=\"font-size: 14pt;\">Ha sido una pena. Porque este pa\u00eds ha tenido unas posibilidades inmensas. Porque adem\u00e1s, en lo \u00fanico bueno que hicimos en el Ministerio y en el Banco de Espa\u00f1a, cuando liberamos la econom\u00eda espa\u00f1ola, se demostr\u00f3 que en Espa\u00f1a hab\u00eda una capacidad de competencia, y salieron empresarios, salieron empresas fuera de Espa\u00f1a. Las cifras de exportaci\u00f3n fueron espectaculares. En cuanto se liberaliz\u00f3 el comercio espa\u00f1ol, Espa\u00f1a demostr\u00f3 una capacidad de competencia tremenda.<\/span><\/p>\n<p style=\"text-align: justify;\"><span style=\"font-size: 14pt;\">Y no digo ya lo del turismo\u2026 Yo he vivido tres a\u00f1os en Par\u00eds y lo que era tener ni\u00f1os peque\u00f1os en Par\u00eds\u2026 Par\u00eds es un camelo que se han inventado los franceses. Siempre el dictado del colegio era\u00a0<em>\u00abParis, la ville lumi\u00e8re\u00bb<\/em>. Par\u00eds la ciudad de la luz. \u00a1Mentira! Yo he estado tres a\u00f1os ah\u00ed y ha llovido todos los d\u00edas del a\u00f1o. Con los ni\u00f1os peque\u00f1os no se pod\u00eda salir de casa. \u00a1Que ha dejado de llover, viste a los ni\u00f1os! Baj\u00e1bamos las escaleras y al salir ya estaba lloviendo otra vez.<\/span><\/p>\n<p style=\"text-align: justify;\"><span style=\"font-size: 14pt;\">Tenemos una ventaja enorme con el clima. Enorme.<\/span><\/p>\n<p style=\"text-align: justify;\"><span style=\"font-size: 14pt;\"><strong>\u00bfY qu\u00e9 tributo paga esa generaci\u00f3n en la constituci\u00f3n? \u00bfLa idea de conflicto social?<\/strong><\/span><\/p>\n<p style=\"text-align: justify;\"><span style=\"font-size: 14pt;\"><em><strong>En la UCD hay permanentemente un complejo: que no se crean que nosotros est\u00e1bamos bien con la dictadura. CC.OO empez\u00f3 con Franco, y UGT tambi\u00e9n<\/strong><\/em>. Entonces ten\u00edan esa obsesi\u00f3n.. Deb\u00edan de haber le\u00eddo un manual en alg\u00fan sitio diciendo que los sindicatos eran grandes protectores de la clase obrera y del proletariado y entonces es incre\u00edble lo que se le dio a UGT y lo que se le ha seguido dando.<\/span><\/p>\n<p style=\"text-align: justify;\"><span style=\"font-size: 14pt;\"><strong>Patrimonio o poder<\/strong><\/span><\/p>\n<p style=\"text-align: justify;\"><span style=\"font-size: 14pt;\"><em><strong>Yo creo que a UGT se le dieron como 400 inmuebles, y creo que sus gastos y mantenimientos siguen con cargo a nuestros impuestos, y a CC.OO unos 200<\/strong><\/em>. Adem\u00e1s se cre\u00f3 una legislaci\u00f3n, con la famosa ley org\u00e1nica de Gonz\u00e1lez del verano del 85 (<em><strong>Ley Org\u00e1nica de Libertad Sindical<\/strong><\/em>), que es asombrosa. <em><strong>Recib\u00edan miles de millones de pesetas en aquella \u00e9poca y no tienen ninguna obligaci\u00f3n de publicar ninguna cuenta. Es una instituci\u00f3n \u00fanica en Europa<\/strong><\/em>.<\/span><\/p>\n<p style=\"text-align: justify;\"><span style=\"font-size: 14pt;\"><strong>\u00bfY no se fiscaliza?<\/strong><\/span><\/p>\n<p style=\"text-align: justify;\"><span style=\"font-size: 14pt;\">No, de eso nada. <strong><em>Ni tienen obligaci\u00f3n de publicar<\/em><\/strong>. Alguna vez alg\u00fan periodista ingenuo dice \u00ab<em>no sabemos cu\u00e1nto gana C\u00e1ndido M\u00e9ndez<\/em>\u00bb. <strong>No sabemos nada. Lo que se gastan en nada. Ni en gambas ni en nada. Porque se dec\u00eda que una instituci\u00f3n sindical ten\u00eda que estar muy protegida por la reserva<\/strong>. Y luego ten\u00edan la figura asombrosa del <strong>liberado sindical<\/strong>. Es un caso asombroso. Es un t\u00edo que una vez que es liberado sindical el empresario no puede decirle nada, gana su sueldo, y tiene derecho a que cuando sus iguales en la empresa ascienden, \u00e9l tenga que ascender como el que m\u00e1s.<\/span><\/p>\n<p style=\"text-align: justify;\"><span style=\"font-size: 14pt;\">Luego ha habido gente como <strong>Ruiz Gallard\u00f3n<\/strong>, que era muy popular, que compet\u00eda, los organismos aut\u00f3nomos y comunidades aut\u00f3nomas compet\u00edan por quien quedaba mejor con UGT y CCOO. \u00bfPor qu\u00e9 las empresas espa\u00f1olas no crecen? porque a partir de los 50 empleados tienen que tener comit\u00e9 de empresa donde tiene\u00a0 representaci\u00f3n (<em>que adem\u00e1s no les vota nadie ya<\/em>), CCOO, UGT, tienen liberados sindicales, le hacen la pu\u00f1eta y el empresario dice: yo vuelvo a tener 40 empleados. <strong>\u00bfPor qu\u00e9 el \u00fanico sector donde han crecido monstruos empresariales es en la construcci\u00f3n? Han crecido porque UGT y CC.OO ah\u00ed no pueden hacer nada<\/strong>. Porque los constructores dicen: somos un conjunto de obras por todo el mundo. No hay una f\u00e1brica donde el t\u00edo de CC.OO te puede hacer la pu\u00f1eta. <strong>Hay 10 empresas constructoras espa\u00f1olas que han triunfado. Hay que ver lo que han hecho: carreteras, puentes, puertos<\/strong>\u2026 Y eso ha sido porque UGT y CC.OO no lo han podido impedir.<\/span><\/p>\n<p style=\"text-align: justify;\"><span style=\"font-size: 14pt;\"><strong>Usted form\u00f3 parte de los equipos que liberalizaron la econom\u00eda espa\u00f1ola<\/strong><\/span><\/p>\n<p style=\"text-align: justify;\"><span style=\"font-size: 14pt;\"><strong>En la d\u00e9cada de los 60, con el Plan de Estabilizaci\u00f3n, que en realidad era de Liberalizaci\u00f3n, pero que se llam\u00f3 as\u00ed para que los generales no lo fastidiaran<\/strong>. Yo tuve la suerte de entrar muy deprisa en el ministerio. El comercial del Estado m\u00e1s joven. Y me recibieron ah\u00ed <strong>Enrique Fuentes<\/strong>,<strong> \u00c1ngel Rojo<\/strong>,<strong> Manolo Varela<\/strong>, entonces estos t\u00edos lo ten\u00edan clar\u00edsimo y como resultado de la autarqu\u00eda casi impuesta por las condiciones pol\u00edticas liberalizaron; <em><strong>empezaron en el 59, yo entr\u00e9 en el 61<\/strong><\/em> con <strong>Ullastres<\/strong> de <em>Ministro de Comercio<\/em>. Al principio se apret\u00f3. Era una econom\u00eda tan absurda\u2026 Una de las primeras cosas que hicimos fue hacer un arancel de aduana adaptado a la nomenclatura de <em>Bruselas<\/em> porque no ten\u00edamos ni arancel ni nada, estaba todo revuelto. Se moderniz\u00f3 el pa\u00eds a una velocidad tremebunda.<\/span><\/p>\n<p style=\"text-align: justify;\"><span style=\"font-size: 14pt;\">Fue tan r\u00e1pida la expansi\u00f3n espa\u00f1ola que la mayor\u00eda de la emigraci\u00f3n volvi\u00f3. Es que Espa\u00f1a crec\u00eda a una velocidad que se transform\u00f3, del 1960 al 1965. Un pa\u00eds creciendo al 7\u20195 anual acumulativo es que multiplica por tres el nivel de renta, las ciudades crec\u00edan, el campo se vaciaba\u2026 Que ahora quieren que la gente vuelva al campo a vivir ah\u00ed, en la cochambre. La Espa\u00f1a vaciada, tenemos que volverla a llenar\u2026 Esto est\u00e1 lleno de idiotas.<\/span><\/p>\n<p style=\"text-align: justify;\"><span style=\"font-size: 14pt;\"><strong>Tambi\u00e9n fue pionero en los organismos internacionales<\/strong><\/span><\/p>\n<p style=\"text-align: justify;\"><span style=\"font-size: 14pt;\">Yo fui a la OCDE, me entrevist\u00f3 el gran <strong>Cornelius Castoriadis<\/strong>, que fue mi jefe all\u00ed. Estaba gordo, le encantaba comer y el vino espa\u00f1ol. Yo iba acojonado. Director del Departamento de Informes Nacionales de la OCDE. Su segundo, que tambi\u00e9n era griego, era mi jefe.<\/span><\/p>\n<p style=\"text-align: justify;\"><span style=\"font-size: 14pt;\"><strong>Castoriadis<\/strong> se parec\u00eda a \u00a0<em><strong>Kojak<\/strong><\/em> completamente. Era muy inteligente. Los informes de la OCDE eran muy liberalizadores. Descubrimos, o descubrieron los <strong>Fuentes<\/strong>, <strong>Rojo<\/strong>,<strong> Manolo Varela<\/strong> y los del Banco de Espa\u00f1a que a <strong>Franco<\/strong> y a sus almirantes les influ\u00edan mucho los organismos internacionales y los informes que hac\u00edan en ingl\u00e9s. Entonces a m\u00ed, que estaba en el <em>ministerio de Comercio<\/em>, me dijeron un d\u00eda: oye, que est\u00e1 <strong>Castoriadis<\/strong> en el <em>Wellington<\/em>; si quer\u00e9is que un espa\u00f1ol est\u00e9 ah\u00ed para tener mejor informaci\u00f3n sobre Espa\u00f1a, hemos pensado que eres el tipo pintiparado. Entonces me fui a verle y la verdad es que me divert\u00ed bastante. Entonces estuve tres a\u00f1os con el papel curios\u00edsimo de pedir que los informes fueran m\u00e1s duros y empujaran m\u00e1s la liberalizaci\u00f3n. Y en el <strong>FMI<\/strong> fue lo mismo.<strong> Yo fui el primer espa\u00f1ol en el Consejo directivo<\/strong>, aunque estaba de suplente de un italiano. Como el italiano era un poco vago y siempre estaba peleando con tres esposas que ten\u00eda entonces me adoptaron.<\/span><\/p>\n<p style=\"text-align: justify;\"><span style=\"font-size: 14pt;\"><strong>Hasta entonces, en Espa\u00f1a, en cuanto a organismos internacionales, se le daba m\u00e1s importancia al Banco Mundial que al FMI<\/strong>. Ah\u00ed ten\u00edamos a un alto diplom\u00e1tico, pero a nadie en el FMI. Pero <strong>Manolo Varela<\/strong>, catedr\u00e1tico de Econom\u00eda Internacional, el que de verdad mandaba en el ministerio de comercio, se hizo muy amigo de <strong>Guido Carli<\/strong>, el que mandaba en la econom\u00eda italiana en esa \u00e9poca. Ellos hicieron un acuerdo. <strong>Carli les dijo que lo m\u00e1s importante era tener a alguien en el FMI<\/strong>.<\/span><\/p>\n<p style=\"text-align: justify;\"><span style=\"font-size: 14pt;\">Yo llegu\u00e9 a Washington a tomar posesi\u00f3n. \u00cdbamos con el apoyo italiano, pero crecimos tanto que nos aproximamos a Italia, y luego la administraci\u00f3n espa\u00f1ola demostr\u00f3 que era mucho mejor que la italiana. Ese sistema de oposiciones del franquismo\u2026<\/span><\/p>\n<p style=\"text-align: justify;\"><span style=\"font-size: 14pt;\"><strong>\u00bfY qu\u00e9 piensa de esos organismos?<\/strong><\/span><\/p>\n<p style=\"text-align: justify;\"><span style=\"font-size: 14pt;\">Yo soy partidario de suprimir todos los organismos internacionales empezando por la ONU.<\/span><\/p>\n<p style=\"text-align: justify;\"><span style=\"font-size: 14pt;\"><strong>Pero usted estuvo en estos sitios<\/strong><\/span><\/p>\n<p style=\"text-align: justify;\"><span style=\"font-size: 14pt;\">Tuve suerte. Porque la OCDE era como un servicio de estudios. Siempre en la l\u00ednea de liberalizar. Pero f\u00edjate c\u00f3mo eran, solo un detalle. Cuando acabamos, nos pagaban un apartamento bastante agradable y nos llevaron al sur de Italia para que vi\u00e9ramos, como futuros l\u00edderes de la pol\u00edtica internacional, lo que era la pol\u00edtica regional de desarrollo. Pero el sur de Italia es un esc\u00e1ndalo desastroso donde han invertido miles de millones de los que se ha acabado beneficiando la mafia. Vimos una siderurgia que se tuvo que cerrar. Nos llevaron a Sicilia. Un desastre. Los manuales serios ponen el caso del sur de Italia como ejemplo de lo que no hay que hacer, que es poner el dinero p\u00fablico en regiones as\u00ed, pero claro, lo que quer\u00edan era ir al maravilloso sur de Italia.<\/span><\/p>\n<p style=\"text-align: justify;\"><span style=\"font-size: 14pt;\">Lo \u00fanico bueno que ten\u00eda el Banco Mundial era un Instituto de Desarrollo Econ\u00f3mico y nos organizaban un curso entero y ah\u00ed nos dieron clase. Todo un poquito progre, pero llevaban a todos los economistas buenos americanos. Ah\u00ed aprend\u00ed bastante.<\/span><\/p>\n<p style=\"text-align: justify;\"><span style=\"font-size: 14pt;\">Y luego Naciones Unidas. Cuando el FMI escrib\u00eda su gran informe anual sobre el mundo lo present\u00e1bamos primero en Nueva York, las Naciones Unidas, y eso era un cachondeo\u2026 Luego he ido a alguna asamblea de ONU, acompa\u00f1ando a alg\u00fan ministro, y solo serv\u00eda para que Gadafi y Castro echaran discursos que nadie escuchaba, solo lo suyos y su televisi\u00f3n nacional. Qu\u00e9 sinverg\u00fcenzas. Si lo controla un consejo de seguridad con 5 t\u00edos que tienen veto\u2026 \u00a1Francia, que ya no pinta nada, tiene derecho de veto!<\/span><\/p>\n<p style=\"text-align: justify;\"><span style=\"font-size: 14pt;\"><strong>Francia no pintar\u00e1 pero lo intenta<\/strong><\/span><\/p>\n<p style=\"text-align: justify;\"><span style=\"font-size: 14pt;\">Es que han sido muy importantes. Los m\u00e1s ricos y poblados de Europa a principio del siglo XX. Lo que pasa es que gracias a su izquierda son una sociedad tan sindicalizada que no hay manera de parar el gasto p\u00fablico. Tienen d\u00e9ficit p\u00fablico desde hace 40 a\u00f1os.<\/span><\/p>\n<p style=\"text-align: justify;\"><span style=\"font-size: 14pt;\"><strong>Charles de Gaulle tuvo una genialidad, que fue comprar a la CGT (Confederaci\u00f3n General del Trabajo) para que no se opusiese a la energ\u00eda nuclear. Les dar\u00eda un porcentaje de ingresos. Es una prueba m\u00e1s de la gran mentira, un poco como ahora con la patra\u00f1a clim\u00e1tica<\/strong>. A cambio de ese dinero que De Gaulle firm\u00f3 y la CGT acept\u00f3, la izquierda francesa no han sido nunca antinucleares. Y en Espa\u00f1a cuando yo como ministro autoric\u00e9 la central de Valdecaballeros sali\u00f3 una t\u00eda diciendo que el Guadiana bajaba contaminado y en Extremadura dejaron de comer tomates. Porque dec\u00edan que los tomates afectan a\u00a0 la cosa de la erecci\u00f3n sexual.<\/span><\/p>\n<p style=\"text-align: justify;\"><span style=\"font-size: 14pt;\">En Francia por lo menos la CGT cumpli\u00f3 su compromiso. La izquierda espa\u00f1ola se dejaba matar en manifestaciones por la energ\u00eda nuclear. Pero c\u00f3mo es posible\u2026<\/span><\/p>\n<p style=\"text-align: justify;\"><span style=\"font-size: 14pt;\">He sido el \u00fanico ministro democr\u00e1tico en Espa\u00f1a que ha autorizado centrales nucleares.<\/span><\/p>\n<p style=\"text-align: justify;\"><span style=\"font-size: 14pt;\"><strong>\u00bfPor qu\u00e9 acaba eso?<\/strong><\/span><\/p>\n<p style=\"text-align: justify;\"><span style=\"font-size: 14pt;\">Felipe. La moratoria nuclear de Felipe. La izquierda en Espa\u00f1a organizaba una manifestaciones, una violencia cada vez que autorizaba una central nuclear\u2026 Consegu\u00ed aprobar un plan energ\u00e9tico donde la energ\u00eda nuclear iba a acabar suponiendo un 30% de consumo de energ\u00eda. <strong>Ros\u00f3n<\/strong>, ministro de Interior, cada vez que autorizaba una central me mandaba m\u00e1s guardias, m\u00e1s grises a mi casa. Pero c\u00f3mo es posible\u2026 Luego Felipe dijo \u00abes una de mis equivocaciones\u00bb. Les convencen de cualquier cosa.<\/span><\/p>\n<p style=\"text-align: justify;\"><span style=\"font-size: 14pt;\"><strong>\u00bfDesde fuera?<\/strong><\/span><\/p>\n<p style=\"text-align: justify;\"><span style=\"font-size: 14pt;\">Yo creo que no.<\/span><\/p>\n<p style=\"text-align: justify;\"><span style=\"font-size: 14pt;\"><strong>\u00bfPero c\u00f3mo nos tiramos un tiro en el pie as\u00ed?<\/strong><\/span><\/p>\n<p style=\"text-align: justify;\"><span style=\"font-size: 14pt;\">Pues como lo hace Italia ahora o Alemania que cierra unas centrales nucleares fenomenales de Siemens. No, yo no creo en esto, en estas cosas que se dicen, en que Europa tienen inter\u00e9s en que Espa\u00f1a no se desarrolle. Yo nunca he tenido esa sensaci\u00f3n. Los pa\u00edses se fastidian cuando tienen malos gobiernos y porque son una panda de cretinos. Esto de que Soros ha dedicado 3 millones a no s\u00e9 qu\u00e9\u2026 Irene Montero ten\u00eda 500 millones anuales, 2000 millones anuales en cuatro a\u00f1os, pero c\u00f3mo va a tener m\u00e1s influencia uno como Soros, que yo com\u00ed con \u00e9l y me pareci\u00f3 gilipollas\u2026 Yo no creo en eso del globalismo. Ni he estado en reuniones parecidas a las de Davos. Si lo que quieren es salir en la foto\u2026 Bastante tienen con poder sacar adelante a una empresa grande con la cuenta de resultados afectada.<\/span><\/p>\n<p style=\"text-align: justify;\"><span style=\"font-size: 14pt;\"><strong>\u00bfY c\u00f3mo ve Estados Unidos?<\/strong><\/span><\/p>\n<p style=\"text-align: justify;\"><span style=\"font-size: 14pt;\">EE.UU est\u00e1 mal porque manda gente parecida a Podemos. Se han vuelto locas todas las universidades. Todas estas idioteces de los trans, los LGTBI, la banda del arco iris, todo viene de California y de Nueva York, aunque afortunadamente, yo lo sigo, est\u00e1 tratando de haber una reacci\u00f3n. Hay que quitarse de encima a Trump. Yo fui partidario de Trump, pero creo que hay que echarle a pesar de que sea muy popular. Es un demagogo tremendo. A los burros americanos les gusta. Pero yo conf\u00edo en que si el Partido Republicano presenta otro candidato, habr\u00e1 una reacci\u00f3n importante.<\/span><\/p>\n<p style=\"text-align: justify;\"><span style=\"font-size: 14pt;\"><strong>\u00bfVe en el PP la continuaci\u00f3n ya sin valores de aquellos democristianos de los que hablaba?<\/strong><\/span><\/p>\n<p style=\"text-align: justify;\"><span style=\"font-size: 14pt;\">S\u00ed, aunque antes al menos era gente que abandonaba una carrera profesional brillante. Qu\u00e9 obsesi\u00f3n los del PP con \u00aba m\u00ed no me gusta Vox\u00bb. Yo soy bastante pesimista sobre este pa\u00eds.<\/span><\/p>\n<p style=\"text-align: justify;\"><span style=\"font-size: 14pt;\">Por cierto, uno de los libros que m\u00e1s me ha impresionado es\u00a0<em>1917. El Estado catal\u00e1n y el Soviet espa\u00f1ol\u00a0<\/em>(Espasa), donde Roberto Villa demuestra que la Espa\u00f1a de la restauraci\u00f3n era bastante comparable a cualquier pa\u00eds europeo, y que de la famosa huelga de 1917 con UGT, CNT, y los catalanes es de donde arrancan los 60 a\u00f1os siguientes, hasta el 74. Nos han contado unas mentiras\u2026 Hemos vivido de mentiras. Mis padres no hablaban de la Guerra Civil.<\/span><\/p>\n<p style=\"text-align: justify;\"><span style=\"font-size: 14pt;\"><strong>Usted naci\u00f3 en el 36<\/strong><\/span><\/p>\n<p style=\"text-align: justify;\"><span style=\"font-size: 14pt;\"><strong>Mi padre era ingeniero de caminos<\/strong> obsesionado con producir sulfato am\u00f3nico para la agricultura espa\u00f1ola. El primero que ley\u00f3 aqu\u00ed la\u00a0<em>Teoria General\u00a0<\/em>de Keynes. <strong>Una pandilla notable, Entrecanales, mi padre con Industrias y Energ\u00edas Aragonesas<\/strong>\u2026<\/span><\/p>\n<p style=\"text-align: justify;\"><span style=\"font-size: 14pt;\">Con la guerra lo debieron pasar tan mal que no quer\u00edan hablar de eso. Estaban tan horrorizados de lo que hab\u00edan vivido que no quisieron enterarse, ni por supuesto cont\u00e1rnoslo. Un horror que enloqueci\u00f3 a mi abuelo paterno. No s\u00e9 qu\u00e9 vio. Se sent\u00eda responsable cuando empezaron a matarse unos a otros. Intent\u00f3 pararlo y no lo consigui\u00f3. Vino vivir a Madrid.<\/span><\/p>\n<p style=\"text-align: justify;\"><span style=\"font-size: 14pt;\"><strong>\u00bfY el futuro en Espa\u00f1a?<\/strong><\/span><\/p>\n<p style=\"text-align: justify;\"><span style=\"font-size: 14pt;\">Hay un problema nacional pero no se consigue transmitir en los peri\u00f3dicos, en los medios. Tenemos gente rara. Gente que odia al pa\u00eds.<\/span><\/p>\n<p style=\"text-align: justify;\">\u00a0<\/p>\n<p style=\"text-align: justify;\"><img loading=\"lazy\" decoding=\"async\" class=\"aligncenter wp-image-8366\" src=\"https:\/\/puntocritico.com\/ausajpuntocritico\/wp-content\/uploads\/2018\/01\/suarez-en-el-congreso-300x194.jpg\" alt=\"\" width=\"400\" height=\"258\" data-id=\"8366\" srcset=\"https:\/\/puntocritico.com\/ausajpuntocritico\/wp-content\/uploads\/2018\/01\/suarez-en-el-congreso-300x194.jpg 300w, https:\/\/puntocritico.com\/ausajpuntocritico\/wp-content\/uploads\/2018\/01\/suarez-en-el-congreso-768x496.jpg 768w, https:\/\/puntocritico.com\/ausajpuntocritico\/wp-content\/uploads\/2018\/01\/suarez-en-el-congreso.jpg 997w\" sizes=\"auto, (max-width: 400px) 100vw, 400px\" \/><\/p>\n<blockquote>\n<p style=\"text-align: center;\"><strong><span style=\"color: #008000; font-size: 18pt;\">*******<\/span><\/strong><\/p>\n<div class=\"article-header-title col-12\">\n<h2 style=\"text-align: center;\" align=\"center\"><span style=\"font-size: 24.0pt;\">LA \u00abACCI\u00d3N FINAL\u00bb DE VILLAREJO PARA EL BBVA: DESTRUIR PAPELES EN EL INCENDIO DEL WINDSOR<\/span><\/h2>\n<\/div>\n<div class=\"article-header-epigraph col-12\">\n<p id=\"m69-68-70\" style=\"text-align: center;\"><em><strong><span style=\"font-size: 18pt;\">El comisario retirado se atribuye en unos escritos la presunta destrucci\u00f3n de documentos clave para la entidad bancaria<\/span><\/strong><\/em><\/p>\n<p style=\"text-align: justify;\"><span style=\"font-size: 14pt;\"><a href=\"https:\/\/www.publico.es\/politica\/villarejo-dejo-escrito-destruyo-papeles-francisco-gonzalez-quemados-incendio-windsor.html\" target=\"_blank\" rel=\"noopener\">Publico<\/a><\/span>, 12 FEBRERO 2019<\/p>\n<\/div>\n<p id=\"m390-2-391\" style=\"text-align: justify;\"><img loading=\"lazy\" decoding=\"async\" class=\"aligncenter wp-image-2296704\" src=\"https:\/\/puntocritico.com\/ausajpuntocritico\/wp-content\/uploads\/2024\/05\/Incendio-Windsor-300x155.jpg\" alt=\"\" width=\"555\" height=\"286\" data-id=\"2296704\" srcset=\"https:\/\/puntocritico.com\/ausajpuntocritico\/wp-content\/uploads\/2024\/05\/Incendio-Windsor-300x155.jpg 300w, https:\/\/puntocritico.com\/ausajpuntocritico\/wp-content\/uploads\/2024\/05\/Incendio-Windsor.jpg 660w\" sizes=\"auto, (max-width: 555px) 100vw, 555px\" \/><\/p>\n<p>&nbsp;<\/p>\n<p id=\"m380-379-381\" style=\"text-align: justify;\"><span style=\"font-size: 14pt;\">Hoy se cumplen 14 a\u00f1os desde que el\u00a0<a title=\"Diez a\u00f1os del sospechoso cigarrillo mal apagado que acab\u00f3 con el edificio Windsor\" href=\"https:\/\/www.publico.es\/actualidad\/diez-anos-del-sospechoso-cigarrillo.html#analytics-noticia:contenido-enlace\" target=\"_blank\" rel=\"noopener\" data-schema-attribute=\"\">rascacielos Windsor ardi\u00f3 en uno de los mayores incendios<\/a>\u00a0registrados en d\u00e9cadas en Madrid. Y tambi\u00e9n hoy revela\u00a0<a title=\"Windsor: la \u201cacci\u00f3n final\u201d de Villarejo para Francisco Gonz\u00e1lez, destruir los documentos de FG Valores\" href=\"https:\/\/www.moncloa.com\/windsor-villarejo-francisco-gonzalez\/\" target=\"_blank\" rel=\"noopener\" data-schema-attribute=\"\"><i>Moncloa.com<\/i><\/a>\u00a0que este siniestro tuvo relaci\u00f3n con los documentos que se guardaban en las oficinas de la auditoria Deloitte \u2014comprometedores para el presidente del BBVA, Francisco Gonz\u00e1lez\u2014 y con el comisario retirado Jose Manuel Villarejo, quien en un resumen del trabajo realizado para esta entidad bancaria, anot\u00f3 una \u00abacci\u00f3n final\u00bb con la frase: \u00ab<b>Eliminar rastros documentales de la Firma de Auditor\u00eda DEL\u00bb<\/b>. Despu\u00e9s del incendio, inform\u00f3 a los responsables de la entidad bancaria de que los servicios para<b>\u00a0los que fue contratado se \u00abcumplieron totalmente\u00bb.\u00a0<\/b>De este modo, Villarejo se atribuye la presunta destrucci\u00f3n de estos documentos clave, por lo que esta revelaci\u00f3n obliga a revisar este suceso.\u00a0<\/span><\/p>\n<div id=\"newsletters--bloque\" class=\"newsletters--bloque\">\u00a0<\/div>\n<p style=\"text-align: center;\"><strong><span style=\"color: #008000; font-size: 14pt;\">Villarejo dej\u00f3 por escrito que destruy\u00f3 documentos comprometedores para el expresidente\u00a0del BBVA, Francisco Gonz\u00e1lez<\/span><\/strong><\/p>\n<p id=\"m390-2-391\" style=\"text-align: justify;\">\u00a0<\/p>\n<p style=\"text-align: justify;\"><span style=\"font-size: 14pt;\">Los documentos eliminados formaban parte de la operaci\u00f3n Trampa. En ella,\u00a0<b>Villarejo ayudaba supuestamente a Francisco Gonz\u00e1lez (FG)<\/b>\u00a0a evitar que\u00a0los empresarios\u00a0Luis del Rivero, Juan Abell\u00f3 y el\u00a0ex ministro de Industria socialista, Miguel Sebasti\u00e1n,\u00a0<b>le arrebataran la presidencia del BBVA<\/b>.<\/span><\/p>\n<p id=\"m395-3-396\" style=\"text-align: justify;\"><span style=\"font-size: 14pt;\">En 2005 la\u00a0Fiscal\u00eda Anticorrupci\u00f3n investigaba la<b>\u00a0venta de la cartera de valores de Francisco Gonz\u00e1lez a Merryl Linch<\/b>, llamada FG Valores, por presuntas irregularidades, y hab\u00eda pedido estos documentos,\u00a0<b>ubicados en la sede de Deloitte en el edificio Windsor<\/b>, justo un d\u00eda antes del siniestro. D\u00edas despu\u00e9s,\u00a0Deloitte confirm\u00f3 a la Fiscal\u00eda que los papeles hab\u00edan sido destruidos entre las llamas.<\/span><\/p>\n<p>&nbsp;<\/p>\n<p style=\"text-align: center;\"><span style=\"font-size: 14pt;\"><strong><span style=\"color: #008000;\">Dichos documentos se ubicaban en la sede principal de Deloitte, en el edificio Windsor<\/span><\/strong><\/span><\/p>\n<p>&nbsp;<\/p>\n<p id=\"m405-5-406\" style=\"text-align: justify;\"><span style=\"font-size: 14pt;\">Lo que para entonces no se conoc\u00eda era que hab\u00eda\u00a0<a title=\"El presidente del BBVA confirma que el banco contrat\u00f3 los servicios de Villarejo, pero no aclara si hubo espionaje\" href=\"https:\/\/www.publico.es\/politica\/bbva-villarejo-torres-confirma-bbva-contrato-servicios-villarejo-no-aclara-hubo-espionaje.html#analytics-noticia:contenido-enlace\" target=\"_blank\" rel=\"noopener\" data-schema-attribute=\"\">contratado al comisario Jos\u00e9 Manuel Villarejo.<\/a>\u00a0BBVA pag\u00f3 a Villarejo, solo entre 2012 y 2017, unos cinco millones de euros, seg\u00fan informa\u00a0<i>Moncloa.com<\/i>. Una cantidad abonada\u00a0<a title=\"El jefe de seguridad del BBVA pag\u00f3 a Villarejo 242.000 euros cuando ya estaba encarcelado\" href=\"https:\/\/www.publico.es\/politica\/exclusiva-cloacas-interior-jefe-seguridad-bbva-pago-villarejo-242000-euros-encarcelado.html#analytics-noticia:contenido-enlace\" target=\"_blank\" rel=\"noopener\" data-schema-attribute=\"\">incluso cuando el comisario ya estaba en prisi\u00f3n<\/a>, que ponen de nuevo el foco en el incendio del edificio Windsor.\u00a0<\/span><\/p>\n<h3 id=\"m410-6-411\" class=\"highlighted\" style=\"text-align: justify;\">\u00bfQu\u00e9 sucedi\u00f3 realmente?<\/h3>\n<p id=\"m420-8-421\" style=\"text-align: justify;\"><span style=\"font-size: 14pt;\">Aquella noche a las 23.08 horas del s\u00e1bado 12 de febrero de 2005 se activ\u00f3 el sistema de detecci\u00f3n de fuego de la Torre Windsor en la planta 21 del edificio. A las 23.30 horas las llamas envolv\u00edan la parte superior del emblem\u00e1tico rascacielos del coraz\u00f3n financiero de la capital.\u00a0<b>D\u00edas despu\u00e9s apareci\u00f3 una grabaci\u00f3n en la que se ven varias figuras en diferentes plantas del rascacielos<\/b>\u00a0y la declaraci\u00f3n de Eva, una abogada que asegur\u00f3 haber estado trabajando en el despacho 2.109 de la planta 21 la tarde del s\u00e1bado, hasta minutos antes de declararse el incendio, y que fumaba pero que crey\u00f3 haber apagado todos los cigarrillos.<\/span><\/p>\n<p id=\"m425-9-426\" style=\"text-align: justify;\"><span style=\"font-size: 14pt;\">A mediados de marzo la incredulidad salt\u00f3 a los ciudadanos cuando el informe elaborado por los bomberos sobre el v\u00eddeo fantasmag\u00f3rico grabado por un aficionado aseguraba que\u00a0<b>las siluetas que se vislumbran son un reflejo \u00f3ptico de un edificio cercano<\/b>, lo que contradec\u00eda al estudio realizado por la Polic\u00eda cient\u00edfica, que indicaba que pod\u00eda tratarse de personas. Nueva incertidumbre creada.<\/span><\/p>\n<p id=\"m430-10-431\" style=\"text-align: justify;\"><span style=\"font-size: 14pt;\">La Polic\u00eda hall\u00f3 un\u00a0<b>butr\u00f3n en la zona de garajes del subterr\u00e1neo de Azca<\/b>. Nunca se ha sabido qui\u00e9n realiz\u00f3 el agujero y por qu\u00e9. Pero no fue la \u00fanica. La Polic\u00eda hall\u00f3 un butr\u00f3n en la zona de garajes del subterr\u00e1neo de Azca, que pudo ser realizado esa noche por alguna persona para salir del Windsor, al que supuestamente accedi\u00f3 por otro lugar. Nunca se ha sabido qui\u00e9n realiz\u00f3 el agujero y por qu\u00e9.\u00a0<\/span><\/p>\n<p id=\"m435-11-436\" style=\"text-align: justify;\"><span style=\"font-size: 14pt;\">Sin embargo,\u00a0<b>estas nuevas revelaciones podr\u00edan suponer un vuelco respecto a la versi\u00f3n oficial\u00a0<\/b>del origen del medi\u00e1tico incendio del rascacielo Windsor.<\/span><\/p>\n<h3 id=\"m662-12-663\" class=\"highlighted\" style=\"text-align: justify;\">El juez pide los documentos sobre el Windsor<\/h3>\n<p id=\"m683-13-684\" style=\"text-align: justify;\"><span style=\"font-size: 14pt;\">El magistrado del Juzgado Central de Instrucci\u00f3n n\u00famero 6 de la Audiencia Nacional, Manuel Garc\u00eda Castell\u00f3n, ha solicitado esta ma\u00f1ana a\u00a0<i><a title=\"El juez Garc\u00eda Castell\u00f3n pide a MONCLOA.COM los documentos sobre el Windsor\" href=\"https:\/\/www.moncloa.com\/juez-garcia-castellon-moncloa-com-windsor\/\" target=\"_blank\" rel=\"noopener\" data-schema-attribute=\"\">Moncloa.com<\/a><\/i>\u00a0la entrega de la documentaci\u00f3n publicada hoy sobre el incendio del edificio Windsor.<\/span><\/p>\n<p id=\"m696-14-697\" style=\"text-align: justify;\"><span style=\"font-size: 14pt;\">Seg\u00fan cuenta este diario, una agente de la Unidad de Asuntos Internos de la Polic\u00eda se person\u00f3 poco antes del mediod\u00eda en las oficinas para hacer entrega del requerimiento judicial.\u00a0<\/span><\/p>\n<\/blockquote>\n<p>&nbsp;<\/p>\n<p style=\"text-align: center;\"><img loading=\"lazy\" decoding=\"async\" class=\"aligncenter wp-image-2298694\" src=\"https:\/\/puntocritico.com\/ausajpuntocritico\/wp-content\/uploads\/2024\/06\/Fotografia-Presidentes-Gobierno-300x150.jpeg\" alt=\"\" width=\"480\" height=\"240\" data-id=\"2298694\" srcset=\"https:\/\/puntocritico.com\/ausajpuntocritico\/wp-content\/uploads\/2024\/06\/Fotografia-Presidentes-Gobierno-300x150.jpeg 300w, https:\/\/puntocritico.com\/ausajpuntocritico\/wp-content\/uploads\/2024\/06\/Fotografia-Presidentes-Gobierno.jpeg 630w\" sizes=\"auto, (max-width: 480px) 100vw, 480px\" \/><\/p>\n<p style=\"text-align: center;\"><span style=\"font-size: 18pt;\"><strong><span style=\"color: #008000;\">*******<\/span><\/strong><\/span><\/p>\n<blockquote>\n<p style=\"text-align: justify;\"><span style=\"font-size: 14pt; color: #008000;\">Curiosamente ni siquiera se menciona al presidente del BBVA, Francisco Gonz\u00e1lez<\/span><\/p>\n<h2 id=\"title\" class=\"style-scope ytd-watch-metadata\" style=\"text-align: center;\"><span style=\"font-size: 24pt;\">Recordando el incendio del Windsor ante los medios (video, 2005)<\/span><\/h2>\n<p style=\"text-align: justify;\"><a href=\"https:\/\/www.youtube.com\/watch?v=578ZophHq9A\" target=\"_blank\" rel=\"noopener\"><span style=\"font-size: 14pt;\">La hemeroteca del buitre<\/span><\/a><\/p>\n<div id=\"top-row\" class=\"style-scope ytd-watch-metadata\">\n<div id=\"owner\" class=\"item style-scope ytd-watch-metadata\">\u00a0<\/div>\n<\/div>\n<\/blockquote>\n<p><iframe loading=\"lazy\" title=\"Recordando el incendio del Windsor ante los medios -  2005\" width=\"500\" height=\"281\" src=\"https:\/\/www.youtube.com\/embed\/578ZophHq9A?feature=oembed\" frameborder=\"0\" allow=\"accelerometer; autoplay; clipboard-write; encrypted-media; gyroscope; picture-in-picture; web-share\" referrerpolicy=\"strict-origin-when-cross-origin\" allowfullscreen><\/iframe><\/p>\n<p>&nbsp;<\/p>\n<p>&nbsp;<\/p>\n<figure id=\"attachment_2235906\" aria-describedby=\"caption-attachment-2235906\" style=\"width: 500px\" class=\"wp-caption aligncenter\"><a href=\"https:\/\/puntocritico.com\/ausajpuntocritico\/2020\/12\/05\/el-control-del-psoe-por-la-cia-libro-la-cia-en-espana-de-alfredo-grimaldos-2\/\"><img loading=\"lazy\" decoding=\"async\" class=\"wp-image-2235906 size-full\" src=\"https:\/\/puntocritico.com\/ausajpuntocritico\/wp-content\/uploads\/2021\/12\/EL-REGIMEN-DEL-78.jpg\" alt=\"\" width=\"500\" height=\"220\" data-id=\"2235906\" srcset=\"https:\/\/puntocritico.com\/ausajpuntocritico\/wp-content\/uploads\/2021\/12\/EL-REGIMEN-DEL-78.jpg 500w, https:\/\/puntocritico.com\/ausajpuntocritico\/wp-content\/uploads\/2021\/12\/EL-REGIMEN-DEL-78-300x132.jpg 300w\" sizes=\"auto, (max-width: 500px) 100vw, 500px\" \/><\/a><figcaption id=\"caption-attachment-2235906\" class=\"wp-caption-text\"><a href=\"https:\/\/puntocritico.com\/ausajpuntocritico\/2020\/12\/05\/el-control-del-psoe-por-la-cia-libro-la-cia-en-espana-de-alfredo-grimaldos-2\/\"><span style=\"color: #008000;\">EN MEMORIA DE ALFREDO GRIMALDOS. El control del PSOE por la CIA. Libro \u00abLa CIA en Espa\u00f1a\u00bb, de Alfredo Grimaldos <\/span><\/a><\/figcaption><\/figure>\n<p style=\"text-align: center;\"><strong><span style=\"font-size: 18pt; color: #008000;\">*******<\/span><\/strong><\/p>\n<h2 style=\"text-align: justify;\"><span style=\"font-size: 14pt;\"><strong>RELACIONADOS:<\/strong><\/span><\/h2>\n<blockquote class=\"wp-embedded-content\" data-secret=\"qr1Li5loxa\"><p><a href=\"https:\/\/puntocritico.com\/ausajpuntocritico\/2024\/02\/14\/marino-barbero-y-el-pais\/\">MARINO BARBERO Y EL PA\u00cdS (2): LA TRANSICI\u00d3N \u2026 DE LA CENSURA A LA DESINFORMACI\u00d3N: &#8220;An\u00e1lisis del tratamiento medi\u00e1tico del Juez del Caso FILESA en &#8220;El Pa\u00eds&#8221; (1992-1995), por Antonio Carreras<\/a><\/p><\/blockquote>\n<p><iframe loading=\"lazy\" class=\"wp-embedded-content\" sandbox=\"allow-scripts\" security=\"restricted\" style=\"position: absolute; clip: rect(1px, 1px, 1px, 1px);\" title=\"\u00abMARINO BARBERO Y EL PA\u00cdS (2): LA TRANSICI\u00d3N \u2026 DE LA CENSURA A LA DESINFORMACI\u00d3N: &#8220;An\u00e1lisis del tratamiento medi\u00e1tico del Juez del Caso FILESA en &#8220;El Pa\u00eds&#8221; (1992-1995), por Antonio Carreras\u00bb \u2014 Punto Cr\u00edtico Derechos Humanos\" src=\"https:\/\/puntocritico.com\/ausajpuntocritico\/2024\/02\/14\/marino-barbero-y-el-pais\/embed\/#?secret=mZPHbZIdPw#?secret=qr1Li5loxa\" data-secret=\"qr1Li5loxa\" width=\"500\" height=\"282\" frameborder=\"0\" marginwidth=\"0\" marginheight=\"0\" scrolling=\"no\"><\/iframe><\/p>\n<blockquote class=\"wp-embedded-content\" data-secret=\"JyuSdwe0TK\"><p><a href=\"https:\/\/puntocritico.com\/ausajpuntocritico\/2017\/04\/27\/ejecutados-en-indefension-parte-ii-stc-pleno-no-141992-de-10-de-febrero-por-jesus-diaz-formoso\/\">EJECUTADOS EN INDEFENSI\u00d3N (Parte II): STC Pleno, n\u00ba 14\/1992, de 10 de febrero. Por Jes\u00fas D\u00edaz Formoso<\/a><\/p><\/blockquote>\n<p><iframe loading=\"lazy\" class=\"wp-embedded-content\" sandbox=\"allow-scripts\" security=\"restricted\" style=\"position: absolute; clip: rect(1px, 1px, 1px, 1px);\" title=\"\u00abEJECUTADOS EN INDEFENSI\u00d3N (Parte II): STC Pleno, n\u00ba 14\/1992, de 10 de febrero. Por Jes\u00fas D\u00edaz Formoso\u00bb \u2014 Punto Cr\u00edtico Derechos Humanos\" src=\"https:\/\/puntocritico.com\/ausajpuntocritico\/2017\/04\/27\/ejecutados-en-indefension-parte-ii-stc-pleno-no-141992-de-10-de-febrero-por-jesus-diaz-formoso\/embed\/#?secret=PiK8T3OMJK#?secret=JyuSdwe0TK\" data-secret=\"JyuSdwe0TK\" width=\"500\" height=\"282\" frameborder=\"0\" marginwidth=\"0\" marginheight=\"0\" scrolling=\"no\"><\/iframe><\/p>\n<blockquote class=\"wp-embedded-content\" data-secret=\"0HqQzA1Lid\"><p><a href=\"https:\/\/puntocritico.com\/ausajpuntocritico\/2017\/03\/04\/mazaborombo-y-burundanga-judicial\/\">MAZABOROMBO Y BURUNDANGA JUDICIAL.<\/a><\/p><\/blockquote>\n<p><iframe loading=\"lazy\" class=\"wp-embedded-content\" sandbox=\"allow-scripts\" security=\"restricted\" style=\"position: absolute; clip: rect(1px, 1px, 1px, 1px);\" title=\"\u00abMAZABOROMBO Y BURUNDANGA JUDICIAL.\u00bb \u2014 Punto Cr\u00edtico Derechos Humanos\" src=\"https:\/\/puntocritico.com\/ausajpuntocritico\/2017\/03\/04\/mazaborombo-y-burundanga-judicial\/embed\/#?secret=9JubleDAgr#?secret=0HqQzA1Lid\" data-secret=\"0HqQzA1Lid\" width=\"500\" height=\"282\" frameborder=\"0\" marginwidth=\"0\" marginheight=\"0\" scrolling=\"no\"><\/iframe><\/p>\n<blockquote class=\"wp-embedded-content\" data-secret=\"5YvYFXre6N\"><p><a href=\"https:\/\/puntocritico.com\/ausajpuntocritico\/2022\/09\/13\/recuerdo-de-la-infamia-caso-los-albertos-parte-1-la-coartada-la-base-axiologica-de-la-sentencia-del-tribunal-constitucional-29-2008\/\">RECUERDO DE LA INFAMIA: CASO \u00abLOS ALBERTOS\u00bb \u2013 Parte 1: LA COARTADA (la \u00abBase Axiol\u00f3gica\u00bb de la Sentencia del Tribunal Constitucional 29\/2008)<\/a><\/p><\/blockquote>\n<p><iframe loading=\"lazy\" class=\"wp-embedded-content\" sandbox=\"allow-scripts\" security=\"restricted\" style=\"position: absolute; clip: rect(1px, 1px, 1px, 1px);\" title=\"\u00abRECUERDO DE LA INFAMIA: CASO \u00abLOS ALBERTOS\u00bb \u2013 Parte 1: LA COARTADA (la \u00abBase Axiol\u00f3gica\u00bb de la Sentencia del Tribunal Constitucional 29\/2008)\u00bb \u2014 Punto Cr\u00edtico Derechos Humanos\" src=\"https:\/\/puntocritico.com\/ausajpuntocritico\/2022\/09\/13\/recuerdo-de-la-infamia-caso-los-albertos-parte-1-la-coartada-la-base-axiologica-de-la-sentencia-del-tribunal-constitucional-29-2008\/embed\/#?secret=yNcYflQULY#?secret=5YvYFXre6N\" data-secret=\"5YvYFXre6N\" width=\"500\" height=\"282\" frameborder=\"0\" marginwidth=\"0\" marginheight=\"0\" scrolling=\"no\"><\/iframe><\/p>\n<blockquote class=\"wp-embedded-content\" data-secret=\"8CU8Bs6goI\"><p><a href=\"https:\/\/puntocritico.com\/ausajpuntocritico\/2021\/10\/30\/de-camisa-vieja-a-chaqueta-nueva\/\">EL &#8220;R\u00c9GIMEN DEL 78&#8221;, LA MEGAM\u00c1QUINA DE ROBAR HEREDADA DEL FRANQUISMO. &#8220;DESPU\u00c9S DE FRANCO, LAS INSTITUCIONES&#8221;: &#8220;De camisa vieja a chaqueta nueva&#8221;, Pel\u00edcula de Rafael Gil (1982).<\/a><\/p><\/blockquote>\n<p><iframe loading=\"lazy\" class=\"wp-embedded-content\" sandbox=\"allow-scripts\" security=\"restricted\" style=\"position: absolute; clip: rect(1px, 1px, 1px, 1px);\" title=\"\u00abEL &#8220;R\u00c9GIMEN DEL 78&#8221;, LA MEGAM\u00c1QUINA DE ROBAR HEREDADA DEL FRANQUISMO. &#8220;DESPU\u00c9S DE FRANCO, LAS INSTITUCIONES&#8221;: &#8220;De camisa vieja a chaqueta nueva&#8221;, Pel\u00edcula de Rafael Gil (1982).\u00bb \u2014 Punto Cr\u00edtico Derechos Humanos\" src=\"https:\/\/puntocritico.com\/ausajpuntocritico\/2021\/10\/30\/de-camisa-vieja-a-chaqueta-nueva\/embed\/#?secret=8zok833fM0#?secret=8CU8Bs6goI\" data-secret=\"8CU8Bs6goI\" width=\"500\" height=\"282\" frameborder=\"0\" marginwidth=\"0\" marginheight=\"0\" scrolling=\"no\"><\/iframe><\/p>\n<blockquote class=\"wp-embedded-content\" data-secret=\"afNUjyUd1V\"><p><a href=\"https:\/\/puntocritico.com\/ausajpuntocritico\/2024\/01\/17\/tierno-galvan-o-la-falsificacion-politica-de-una-vida-la-mascara-de-tierno-galvan-de-cesar-alonso-de-los-rios-2\/\">TIERNO GALV\u00c1N O LA FALSIFICACI\u00d3N (POL\u00cdTICA) DE UNA VIDA. \u00abLa M\u00e1scara de Tierno Galv\u00e1n\u00bb, de C\u00e9sar Alonso de los R\u00edos<\/a><\/p><\/blockquote>\n<p><iframe loading=\"lazy\" class=\"wp-embedded-content\" sandbox=\"allow-scripts\" security=\"restricted\" style=\"position: absolute; clip: rect(1px, 1px, 1px, 1px);\" title=\"\u00abTIERNO GALV\u00c1N O LA FALSIFICACI\u00d3N (POL\u00cdTICA) DE UNA VIDA. \u00abLa M\u00e1scara de Tierno Galv\u00e1n\u00bb, de C\u00e9sar Alonso de los R\u00edos\u00bb \u2014 Punto Cr\u00edtico Derechos Humanos\" src=\"https:\/\/puntocritico.com\/ausajpuntocritico\/2024\/01\/17\/tierno-galvan-o-la-falsificacion-politica-de-una-vida-la-mascara-de-tierno-galvan-de-cesar-alonso-de-los-rios-2\/embed\/#?secret=sAmH7Xc5Hh#?secret=afNUjyUd1V\" data-secret=\"afNUjyUd1V\" width=\"500\" height=\"282\" frameborder=\"0\" marginwidth=\"0\" marginheight=\"0\" scrolling=\"no\"><\/iframe><\/p>\n<blockquote class=\"wp-embedded-content\" data-secret=\"shMEqqGZHJ\"><p><a href=\"https:\/\/puntocritico.com\/ausajpuntocritico\/2021\/06\/23\/la-continuidad-del-franquismo-en-las-instituciones-democraticas-dictadura-y-aperturismo-la-persecucion-de-un-imposible-el-diario-ya-durante-el-regimen-de-franco\/\">LA CONTINUIDAD DEL FRANQUISMO EN LAS INSTITUCIONES &#8220;DEMOCR\u00c1TICAS&#8221;: &#8220;DICTADURA Y APERTURISMO, la persecuci\u00f3n de un imposible: El Diario YA durante el R\u00e9gimen de Franco&#8221;.<\/a><\/p><\/blockquote>\n<p><iframe loading=\"lazy\" class=\"wp-embedded-content\" sandbox=\"allow-scripts\" security=\"restricted\" style=\"position: absolute; clip: rect(1px, 1px, 1px, 1px);\" title=\"\u00abLA CONTINUIDAD DEL FRANQUISMO EN LAS INSTITUCIONES &#8220;DEMOCR\u00c1TICAS&#8221;: &#8220;DICTADURA Y APERTURISMO, la persecuci\u00f3n de un imposible: El Diario YA durante el R\u00e9gimen de Franco&#8221;.\u00bb \u2014 Punto Cr\u00edtico Derechos Humanos\" src=\"https:\/\/puntocritico.com\/ausajpuntocritico\/2021\/06\/23\/la-continuidad-del-franquismo-en-las-instituciones-democraticas-dictadura-y-aperturismo-la-persecucion-de-un-imposible-el-diario-ya-durante-el-regimen-de-franco\/embed\/#?secret=f5KKDyFuiy#?secret=shMEqqGZHJ\" data-secret=\"shMEqqGZHJ\" width=\"500\" height=\"282\" frameborder=\"0\" marginwidth=\"0\" marginheight=\"0\" scrolling=\"no\"><\/iframe><\/p>\n<blockquote class=\"wp-embedded-content\" data-secret=\"OO6ACme1tm\"><p><a href=\"https:\/\/puntocritico.com\/ausajpuntocritico\/2020\/12\/30\/el-consenso-del-proceso-constituyente-a-las-practicas-postconstitucionales-por-oscar-alzaga-2\/\">EL CONSENSO (Del proceso constituyente a las pr\u00e1cticas postconstitucionales), por \u00d3scar Alzaga<\/a><\/p><\/blockquote>\n<p><iframe loading=\"lazy\" class=\"wp-embedded-content\" sandbox=\"allow-scripts\" security=\"restricted\" style=\"position: absolute; clip: rect(1px, 1px, 1px, 1px);\" title=\"\u00abEL CONSENSO (Del proceso constituyente a las pr\u00e1cticas postconstitucionales), por \u00d3scar Alzaga\u00bb \u2014 Punto Cr\u00edtico Derechos Humanos\" src=\"https:\/\/puntocritico.com\/ausajpuntocritico\/2020\/12\/30\/el-consenso-del-proceso-constituyente-a-las-practicas-postconstitucionales-por-oscar-alzaga-2\/embed\/#?secret=LHWH9ctXn4#?secret=OO6ACme1tm\" data-secret=\"OO6ACme1tm\" width=\"500\" height=\"282\" frameborder=\"0\" marginwidth=\"0\" marginheight=\"0\" scrolling=\"no\"><\/iframe><\/p>\n<blockquote class=\"wp-embedded-content\" data-secret=\"9Re2KCV84k\"><p><a href=\"https:\/\/puntocritico.com\/ausajpuntocritico\/2023\/09\/05\/espana-por-un-estado-federal-prologo-obra-colectivo-javier-de-burgos-1978-2\/\">ESPA\u00d1A: POR UN ESTADO FEDERAL, Pr\u00f3logo obra Colectivo Javier de Burgos (1978)<\/a><\/p><\/blockquote>\n<p><iframe loading=\"lazy\" class=\"wp-embedded-content\" sandbox=\"allow-scripts\" security=\"restricted\" style=\"position: absolute; clip: rect(1px, 1px, 1px, 1px);\" title=\"\u00abESPA\u00d1A: POR UN ESTADO FEDERAL, Pr\u00f3logo obra Colectivo Javier de Burgos (1978)\u00bb \u2014 Punto Cr\u00edtico Derechos Humanos\" src=\"https:\/\/puntocritico.com\/ausajpuntocritico\/2023\/09\/05\/espana-por-un-estado-federal-prologo-obra-colectivo-javier-de-burgos-1978-2\/embed\/#?secret=QeGGJkili2#?secret=9Re2KCV84k\" data-secret=\"9Re2KCV84k\" width=\"500\" height=\"282\" frameborder=\"0\" marginwidth=\"0\" marginheight=\"0\" scrolling=\"no\"><\/iframe><\/p>\n<blockquote class=\"wp-embedded-content\" data-secret=\"ZO2Dro6rQl\"><p><a href=\"https:\/\/puntocritico.com\/ausajpuntocritico\/2024\/01\/25\/extraido-del-libro-un-rey-golpe-a-golpe-biografia-no-autorizada-de-juan-carlos-de-borbon-3\/\">JUAN CARLOS I, &#8220;UN REY GOLPE A GOLPE, Biograf\u00eda no autorizada de Juan Carlos de Borb\u00f3n&#8221;<\/a><\/p><\/blockquote>\n<p><iframe loading=\"lazy\" class=\"wp-embedded-content\" sandbox=\"allow-scripts\" security=\"restricted\" style=\"position: absolute; clip: rect(1px, 1px, 1px, 1px);\" title=\"\u00abJUAN CARLOS I, &#8220;UN REY GOLPE A GOLPE, Biograf\u00eda no autorizada de Juan Carlos de Borb\u00f3n&#8221;\u00bb \u2014 Punto Cr\u00edtico Derechos Humanos\" src=\"https:\/\/puntocritico.com\/ausajpuntocritico\/2024\/01\/25\/extraido-del-libro-un-rey-golpe-a-golpe-biografia-no-autorizada-de-juan-carlos-de-borbon-3\/embed\/#?secret=pN19EdEp2b#?secret=ZO2Dro6rQl\" data-secret=\"ZO2Dro6rQl\" width=\"500\" height=\"282\" frameborder=\"0\" marginwidth=\"0\" marginheight=\"0\" scrolling=\"no\"><\/iframe><\/p>\n<blockquote class=\"wp-embedded-content\" data-secret=\"xR8kV7CNF7\"><p><a href=\"https:\/\/puntocritico.com\/ausajpuntocritico\/2023\/06\/14\/la-borbonizacion-de-la-politica-por-david-souto-alcalde\/\">LA RENOVACI\u00d3N DEL R\u00c9GIMEN DEL 78: &#8220;LA BORBONIZACI\u00d3N DE LA POL\u00cdTICA&#8221;, por David Souto Alcalde<\/a><\/p><\/blockquote>\n<p><iframe loading=\"lazy\" class=\"wp-embedded-content\" sandbox=\"allow-scripts\" security=\"restricted\" style=\"position: absolute; clip: rect(1px, 1px, 1px, 1px);\" title=\"\u00abLA RENOVACI\u00d3N DEL R\u00c9GIMEN DEL 78: &#8220;LA BORBONIZACI\u00d3N DE LA POL\u00cdTICA&#8221;, por David Souto Alcalde\u00bb \u2014 Punto Cr\u00edtico Derechos Humanos\" src=\"https:\/\/puntocritico.com\/ausajpuntocritico\/2023\/06\/14\/la-borbonizacion-de-la-politica-por-david-souto-alcalde\/embed\/#?secret=4D0qzVz9bO#?secret=xR8kV7CNF7\" data-secret=\"xR8kV7CNF7\" width=\"500\" height=\"282\" frameborder=\"0\" marginwidth=\"0\" marginheight=\"0\" scrolling=\"no\"><\/iframe><\/p>\n<blockquote class=\"wp-embedded-content\" data-secret=\"DCO1JdJo9I\"><p><a href=\"https:\/\/puntocritico.com\/ausajpuntocritico\/2023\/10\/02\/toda-espana-era-una-carcel-fragmento\/\">&#8220;TODA ESPA\u00d1A ERA UNA C\u00c1RCEL&#8221; (fragmento). &#8220;La construcci\u00f3n del R\u00e9gimen del 78 empez\u00f3 en Carabanchel, con la prisi\u00f3n light de los hijos del franquismo, que transmut\u00f3 a la Falange en la Izquierda del nuevo R\u00e9gimen&#8221;.<\/a><\/p><\/blockquote>\n<p><iframe loading=\"lazy\" class=\"wp-embedded-content\" sandbox=\"allow-scripts\" security=\"restricted\" style=\"position: absolute; clip: rect(1px, 1px, 1px, 1px);\" title=\"\u00ab&#8220;TODA ESPA\u00d1A ERA UNA C\u00c1RCEL&#8221; (fragmento). &#8220;La construcci\u00f3n del R\u00e9gimen del 78 empez\u00f3 en Carabanchel, con la prisi\u00f3n light de los hijos del franquismo, que transmut\u00f3 a la Falange en la Izquierda del nuevo R\u00e9gimen&#8221;.\u00bb \u2014 Punto Cr\u00edtico Derechos Humanos\" src=\"https:\/\/puntocritico.com\/ausajpuntocritico\/2023\/10\/02\/toda-espana-era-una-carcel-fragmento\/embed\/#?secret=xiA8CiykNG#?secret=DCO1JdJo9I\" data-secret=\"DCO1JdJo9I\" width=\"500\" height=\"282\" frameborder=\"0\" marginwidth=\"0\" marginheight=\"0\" scrolling=\"no\"><\/iframe><\/p>\n<blockquote class=\"wp-embedded-content\" data-secret=\"xR8kV7CNF7\"><p><a href=\"https:\/\/puntocritico.com\/ausajpuntocritico\/2023\/06\/14\/la-borbonizacion-de-la-politica-por-david-souto-alcalde\/\">LA RENOVACI\u00d3N DEL R\u00c9GIMEN DEL 78: &#8220;LA BORBONIZACI\u00d3N DE LA POL\u00cdTICA&#8221;, por David Souto Alcalde<\/a><\/p><\/blockquote>\n<p><iframe loading=\"lazy\" class=\"wp-embedded-content\" sandbox=\"allow-scripts\" security=\"restricted\" style=\"position: absolute; clip: rect(1px, 1px, 1px, 1px);\" title=\"\u00abLA RENOVACI\u00d3N DEL R\u00c9GIMEN DEL 78: &#8220;LA BORBONIZACI\u00d3N DE LA POL\u00cdTICA&#8221;, por David Souto Alcalde\u00bb \u2014 Punto Cr\u00edtico Derechos Humanos\" src=\"https:\/\/puntocritico.com\/ausajpuntocritico\/2023\/06\/14\/la-borbonizacion-de-la-politica-por-david-souto-alcalde\/embed\/#?secret=4D0qzVz9bO#?secret=xR8kV7CNF7\" data-secret=\"xR8kV7CNF7\" width=\"500\" height=\"282\" frameborder=\"0\" marginwidth=\"0\" marginheight=\"0\" scrolling=\"no\"><\/iframe><\/p>\n<blockquote class=\"wp-embedded-content\" data-secret=\"9qPsRwY3Qb\"><p><a href=\"https:\/\/puntocritico.com\/ausajpuntocritico\/2023\/03\/16\/la-segunda-transicion-podemitas-y-masmaderitas\/\">LA SEGUNDA TRANSICI\u00d3N: ACTORES SECUNDARIOS A LA IZQUIERDA DEL ESCENARIO: &#8220;Podemitas, Masmaderitas y otros Pijomitas&#8221;.<\/a><\/p><\/blockquote>\n<p><iframe loading=\"lazy\" class=\"wp-embedded-content\" sandbox=\"allow-scripts\" security=\"restricted\" style=\"position: absolute; clip: rect(1px, 1px, 1px, 1px);\" title=\"\u00abLA SEGUNDA TRANSICI\u00d3N: ACTORES SECUNDARIOS A LA IZQUIERDA DEL ESCENARIO: &#8220;Podemitas, Masmaderitas y otros Pijomitas&#8221;.\u00bb \u2014 Punto Cr\u00edtico Derechos Humanos\" src=\"https:\/\/puntocritico.com\/ausajpuntocritico\/2023\/03\/16\/la-segunda-transicion-podemitas-y-masmaderitas\/embed\/#?secret=Q7Wed8PU6I#?secret=9qPsRwY3Qb\" data-secret=\"9qPsRwY3Qb\" width=\"500\" height=\"282\" frameborder=\"0\" marginwidth=\"0\" marginheight=\"0\" scrolling=\"no\"><\/iframe><\/p>\n<blockquote class=\"wp-embedded-content\" data-secret=\"ZQuF6AHkkV\"><p><a href=\"https:\/\/puntocritico.com\/ausajpuntocritico\/2022\/07\/12\/cartel-de-constructoras\/\">25 A\u00d1OS DEFRAUDANDO EN LA CONTRATACI\u00d3N P\u00daBLICA: EL C\u00c1RTEL DE CONSTRUCTORAS Y EL R\u00c9GIMEN DEL 78. La transici\u00f3n espa\u00f1ola: El tr\u00e1nsito del Delito al Crimen. Siempre impunes.<\/a><\/p><\/blockquote>\n<p><iframe loading=\"lazy\" class=\"wp-embedded-content\" sandbox=\"allow-scripts\" security=\"restricted\" style=\"position: absolute; clip: rect(1px, 1px, 1px, 1px);\" title=\"\u00ab25 A\u00d1OS DEFRAUDANDO EN LA CONTRATACI\u00d3N P\u00daBLICA: EL C\u00c1RTEL DE CONSTRUCTORAS Y EL R\u00c9GIMEN DEL 78. La transici\u00f3n espa\u00f1ola: El tr\u00e1nsito del Delito al Crimen. Siempre impunes.\u00bb \u2014 Punto Cr\u00edtico Derechos Humanos\" src=\"https:\/\/puntocritico.com\/ausajpuntocritico\/2022\/07\/12\/cartel-de-constructoras\/embed\/#?secret=7Z2Jwtj4dz#?secret=ZQuF6AHkkV\" data-secret=\"ZQuF6AHkkV\" width=\"500\" height=\"282\" frameborder=\"0\" marginwidth=\"0\" marginheight=\"0\" scrolling=\"no\"><\/iframe><\/p>\n<blockquote class=\"wp-embedded-content\" data-secret=\"6Xqv5xCsXy\"><p><a href=\"https:\/\/puntocritico.com\/ausajpuntocritico\/2022\/03\/07\/totalitarismo-global-jueces-represion-y-justicia-transicional\/\">TRANSICIONES DESDE EL TOTALITARISMO CL\u00c1SICO HASTA EL TOTALITARISMO GLOBAL: &#8220;Jueces, represi\u00f3n y justicia transicional en Espa\u00f1a, Chile y Argentina&#8221;.<\/a><\/p><\/blockquote>\n<p><iframe loading=\"lazy\" class=\"wp-embedded-content\" sandbox=\"allow-scripts\" security=\"restricted\" style=\"position: absolute; clip: rect(1px, 1px, 1px, 1px);\" title=\"\u00abTRANSICIONES DESDE EL TOTALITARISMO CL\u00c1SICO HASTA EL TOTALITARISMO GLOBAL: &#8220;Jueces, represi\u00f3n y justicia transicional en Espa\u00f1a, Chile y Argentina&#8221;.\u00bb \u2014 Punto Cr\u00edtico Derechos Humanos\" src=\"https:\/\/puntocritico.com\/ausajpuntocritico\/2022\/03\/07\/totalitarismo-global-jueces-represion-y-justicia-transicional\/embed\/#?secret=eJGO5apFiX#?secret=6Xqv5xCsXy\" data-secret=\"6Xqv5xCsXy\" width=\"500\" height=\"282\" frameborder=\"0\" marginwidth=\"0\" marginheight=\"0\" scrolling=\"no\"><\/iframe><\/p>\n<blockquote class=\"wp-embedded-content\" data-secret=\"ZyPWPdAhVx\"><p><a href=\"https:\/\/puntocritico.com\/ausajpuntocritico\/2022\/04\/12\/nacionalismo-y-franquismo-el-regimen-del-78\/\">NACIONALISMO Y FRANQUISMO: EL R\u00c9GIMEN DEL 78, LA MEGAM\u00c1QUINA DE ROBAR HEREDADA DEL FRANQUISMO. Desde el Franquismo a la Posdemocracia. Oprimidos por los mismos perros; sujetos por los mismos collares.<\/a><\/p><\/blockquote>\n<p><iframe loading=\"lazy\" class=\"wp-embedded-content\" sandbox=\"allow-scripts\" security=\"restricted\" style=\"position: absolute; clip: rect(1px, 1px, 1px, 1px);\" title=\"\u00abNACIONALISMO Y FRANQUISMO: EL R\u00c9GIMEN DEL 78, LA MEGAM\u00c1QUINA DE ROBAR HEREDADA DEL FRANQUISMO. Desde el Franquismo a la Posdemocracia. Oprimidos por los mismos perros; sujetos por los mismos collares.\u00bb \u2014 Punto Cr\u00edtico Derechos Humanos\" src=\"https:\/\/puntocritico.com\/ausajpuntocritico\/2022\/04\/12\/nacionalismo-y-franquismo-el-regimen-del-78\/embed\/#?secret=aAoGVeT4NL#?secret=ZyPWPdAhVx\" data-secret=\"ZyPWPdAhVx\" width=\"500\" height=\"282\" frameborder=\"0\" marginwidth=\"0\" marginheight=\"0\" scrolling=\"no\"><\/iframe><\/p>\n<blockquote class=\"wp-embedded-content\" data-secret=\"rNC0PsyVd2\"><p><a href=\"https:\/\/puntocritico.com\/ausajpuntocritico\/2019\/02\/12\/fabricando-disidencia-globalistas-y-elites-controlan-movimientos-populares-por-michel-chossudovsky\/\">FABRICANDO DISIDENCIA: GLOBALISTAS Y \u00c9LITES CONTROLAN MOVIMIENTOS POPULARES, por Michel Chossudovsky<\/a><\/p><\/blockquote>\n<p><iframe loading=\"lazy\" class=\"wp-embedded-content\" sandbox=\"allow-scripts\" security=\"restricted\" style=\"position: absolute; clip: rect(1px, 1px, 1px, 1px);\" title=\"\u00abFABRICANDO DISIDENCIA: GLOBALISTAS Y \u00c9LITES CONTROLAN MOVIMIENTOS POPULARES, por Michel Chossudovsky\u00bb \u2014 Punto Cr\u00edtico Derechos Humanos\" src=\"https:\/\/puntocritico.com\/ausajpuntocritico\/2019\/02\/12\/fabricando-disidencia-globalistas-y-elites-controlan-movimientos-populares-por-michel-chossudovsky\/embed\/#?secret=WAJoCJp9DW#?secret=rNC0PsyVd2\" data-secret=\"rNC0PsyVd2\" width=\"500\" height=\"282\" frameborder=\"0\" marginwidth=\"0\" marginheight=\"0\" scrolling=\"no\"><\/iframe><\/p>\n<p>&nbsp;<\/p>\n<p><a href=\"https:\/\/puntocritico.com\/ausajpuntocritico\/author\/punto-critico\/\"><img loading=\"lazy\" decoding=\"async\" class=\"aligncenter wp-image-9528\" src=\"https:\/\/puntocritico.com\/ausajpuntocritico\/wp-content\/uploads\/2018\/03\/Mosca_Punto_Cr\u00edtico_40.png\" alt=\"\" width=\"80\" height=\"80\" data-id=\"9528\" \/><\/a><\/p>\n<p>&nbsp;<\/p>\n","protected":false},"excerpt":{"rendered":"<div class=\"mh-excerpt\"><p>DE C\u00d3MO EL R\u00c9GIMEN DEL 78 COLONIZ\u00d3 LAS INSTITUCIONES &nbsp; EL EX POL\u00cdTICO DE LA UCD, \u00d3SCAR ALZAGA, REVELA LA QUEMA SECRETA DE ARCHIVOS FRANQUISTAS A MANOS DE SU\u00c1REZ Y MART\u00cdN VILLA C\u00f3mo los herederos <a class=\"mh-excerpt-more\" href=\"https:\/\/puntocritico.com\/ausajpuntocritico\/2024\/05\/29\/de-como-el-regimen-del-78-colonizo-las-instituciones\/\" title=\"DE C\u00d3MO EL R\u00c9GIMEN DEL 78 COLONIZ\u00d3 LAS INSTITUCIONES: La Transici\u00f3n; o como Franquistas de \u00abAdhesi\u00f3n Inquebrantable\u00bb pasaron a ser \u00abDem\u00f3cratas de toda la vida\u00bb. Todo queda en casa.\">[&#8230;]<\/a><\/p>\n<\/div>","protected":false},"author":3,"featured_media":2298683,"comment_status":"closed","ping_status":"closed","sticky":false,"template":"","format":"standard","meta":{"_acf_changed":false,"_exactmetrics_skip_tracking":false,"_exactmetrics_sitenote_active":false,"_exactmetrics_sitenote_note":"","_exactmetrics_sitenote_category":0,"footnotes":""},"categories":[7],"tags":[40],"class_list":{"0":"post-2298679","1":"post","2":"type-post","3":"status-publish","4":"format-standard","5":"has-post-thumbnail","7":"category-politica","8":"tag-regimen-del-78"},"acf":[],"_links":{"self":[{"href":"https:\/\/puntocritico.com\/ausajpuntocritico\/wp-json\/wp\/v2\/posts\/2298679","targetHints":{"allow":["GET"]}}],"collection":[{"href":"https:\/\/puntocritico.com\/ausajpuntocritico\/wp-json\/wp\/v2\/posts"}],"about":[{"href":"https:\/\/puntocritico.com\/ausajpuntocritico\/wp-json\/wp\/v2\/types\/post"}],"author":[{"embeddable":true,"href":"https:\/\/puntocritico.com\/ausajpuntocritico\/wp-json\/wp\/v2\/users\/3"}],"replies":[{"embeddable":true,"href":"https:\/\/puntocritico.com\/ausajpuntocritico\/wp-json\/wp\/v2\/comments?post=2298679"}],"version-history":[{"count":0,"href":"https:\/\/puntocritico.com\/ausajpuntocritico\/wp-json\/wp\/v2\/posts\/2298679\/revisions"}],"wp:featuredmedia":[{"embeddable":true,"href":"https:\/\/puntocritico.com\/ausajpuntocritico\/wp-json\/wp\/v2\/media\/2298683"}],"wp:attachment":[{"href":"https:\/\/puntocritico.com\/ausajpuntocritico\/wp-json\/wp\/v2\/media?parent=2298679"}],"wp:term":[{"taxonomy":"category","embeddable":true,"href":"https:\/\/puntocritico.com\/ausajpuntocritico\/wp-json\/wp\/v2\/categories?post=2298679"},{"taxonomy":"post_tag","embeddable":true,"href":"https:\/\/puntocritico.com\/ausajpuntocritico\/wp-json\/wp\/v2\/tags?post=2298679"}],"curies":[{"name":"wp","href":"https:\/\/api.w.org\/{rel}","templated":true}]}}