{"id":2298276,"date":"2024-05-25T00:05:59","date_gmt":"2024-05-24T22:05:59","guid":{"rendered":"https:\/\/puntocritico.com\/ausajpuntocritico\/?p=2298276"},"modified":"2024-09-17T09:51:58","modified_gmt":"2024-09-17T07:51:58","slug":"la-naranja-mecanica","status":"publish","type":"post","link":"https:\/\/puntocritico.com\/ausajpuntocritico\/2024\/05\/25\/la-naranja-mecanica\/","title":{"rendered":"LA NARANJA MEC\u00c1NICA Y EL INTEGRISMO WOKE: Paratexto Filos\u00f3fico Pol\u00edtico: \u00abLa naranja mec\u00e1nica\u00bb, (pel\u00edcula de Stanley Kubrick, 1971)"},"content":{"rendered":"<header class=\"wrapper entry-header page-header\">\n<div class=\"page-title title-with-sep single-title\">\n<p style=\"text-align: justify;\"><span style=\"font-size: 14pt; color: #008000;\">La naranja mec\u00e1nica<\/span><\/p>\n\n<p style=\"text-align: center;\"><span style=\"color: #008000;\"><strong><span style=\"font-size: 18pt;\">***<\/span><\/strong><\/span><\/p>\n<blockquote>\n<h2 class=\"entry-title\" style=\"text-align: center;\"><span style=\"font-size: 24pt;\">\u201cLa Naranja Mec\u00e1nica\u201d como Paratexto Filos\u00f3fico Pol\u00edtico<\/span><\/h2>\n<p class=\"entry-title\" style=\"text-align: justify;\"><span style=\"font-size: 14pt;\"> Por Antonio Jes\u00fas S\u00e1nchez Rodr\u00edguez<\/span><\/p>\n<\/blockquote>\n<\/div>\n<\/header>\n<blockquote>\n<div class=\"entry-media full-width-media\" style=\"text-align: justify;\"><a href=\"https:\/\/www.odiseacultural.com\/2020\/11\/20\/la-naranja-mecanica-como-paratexto-filosofico-politico-por-antonio-jesus-sanchez-rodriguez\/\" target=\"_blank\" rel=\"noopener\" data-schema-attribute=\"\"><span style=\"font-size: 14pt;\">Odisea Cultural<\/span><\/a><\/div>\n<p><img loading=\"lazy\" decoding=\"async\" class=\"aligncenter wp-image-2232120\" src=\"https:\/\/puntocritico.com\/ausajpuntocritico\/wp-content\/uploads\/2021\/11\/cartel-La-naranja-1-200x300.jpg\" alt=\"La naranja mec\u00e1nica\" width=\"280\" height=\"420\" data-id=\"2232120\" srcset=\"https:\/\/puntocritico.com\/ausajpuntocritico\/wp-content\/uploads\/2021\/11\/cartel-La-naranja-1-200x300.jpg 200w, https:\/\/puntocritico.com\/ausajpuntocritico\/wp-content\/uploads\/2021\/11\/cartel-La-naranja-1-683x1024.jpg 683w, https:\/\/puntocritico.com\/ausajpuntocritico\/wp-content\/uploads\/2021\/11\/cartel-La-naranja-1-768x1152.jpg 768w, https:\/\/puntocritico.com\/ausajpuntocritico\/wp-content\/uploads\/2021\/11\/cartel-La-naranja-1-610x915.jpg 610w, https:\/\/puntocritico.com\/ausajpuntocritico\/wp-content\/uploads\/2021\/11\/cartel-La-naranja-1.jpg 960w\" sizes=\"auto, (max-width: 280px) 100vw, 280px\" \/><\/p>\n<p>&nbsp;<\/p>\n<p style=\"text-align: justify;\"><span style=\"font-size: 14pt;\"><a href=\"https:\/\/puntocritico.com\/ausajpuntocritico\/2017\/03\/23\/la-creacion-de-una-sociedad-justa-no-tiene-nada-que-ver-con-la-politica-por-a-burgess\/\">Anthony Burgess<\/a> (1917-1993) acabar\u00eda renegando, quiz\u00e1 con algo de hipocres\u00eda, de su obra <em>La Naranja Mec\u00e1nica<\/em>\u00a0(<em>Clockwork Orange<\/em>, 1962). En las ediciones posteriores a 1971, a\u00f1o de la pel\u00edcula de Stanley Kubrick (1928-1999), dijo en la Introducci\u00f3n (1986) lo siguiente: \u00abPubliqu\u00e9 la novela\u00a0<em>A Clockwork Orange<\/em>\u00a0en 1962, lapso que deber\u00eda haber bastado para borrarla de la memoria literaria del mundo. Sin embargo, se resiste a ser borrada, y de esto la versi\u00f3n cinematogr\u00e1fica de Stanley Kubrick es la principal responsable. De buena gana la repudiar\u00eda por diferentes razones, pero eso no est\u00e1 permitido\u2026\u00bb<\/span><\/p>\n<p style=\"text-align: justify;\"><span style=\"font-size: 14pt;\">Parece como si la poderosa estetificaci\u00f3n de la violencia que presenta Kubrick en la pel\u00edcula, adem\u00e1s del mensaje final del director, totalmente opuesto al de la novela, como posteriormente veremos, hiciera dudar a Burgess sobre el alcance de su trabajo por el solapamiento y relegamiento de sus intenciones iniciales. Pues la novela es una obra moral, con un mensaje claro de redenci\u00f3n, que lo hipn\u00f3tico de la pel\u00edcula y su nihilismo de violencia omnipresente nos hurtan.<\/span><\/p>\n<p style=\"text-align: justify;\"><span style=\"font-size: 14pt;\">Lo cierto es que la novela, cuyo paratexto (mensajes paralelos) se regodea sobre los l\u00edmites del poder del Estado, sobre el alcance del libre albedr\u00edo y la responsabilidad \u00e9tica de cada ser humano, o sobre la misma idea del pecado original seg\u00fan reconoce Burgess en la Introducci\u00f3n, a m\u00ed no me parece una obra menor. M\u00e1s bien me sugiere que est\u00e1 en perfecta sinton\u00eda con\u00a0<em>1984<\/em>\u00a0(1949) de <a href=\"https:\/\/puntocritico.com\/ausajpuntocritico\/2020\/11\/07\/rebelion-en-la-granja-pelicula-completa-y-los-dos-minutos-de-odio\/\">George Orwell<\/a> (1903-1950) o\u00a0<em>Un Mundo Feliz<\/em>\u00a0(1932) de <a href=\"https:\/\/puntocritico.com\/ausajpuntocritico\/2021\/09\/27\/el-tiempo-y-la-maquina-por-aldous-huxley\/\">Aldous Huxley<\/a> (1894-1963), y no solo por ser otra met\u00e1fora pol\u00edtica dist\u00f3pica.<\/span><\/p>\n<p style=\"text-align: justify;\"><span style=\"font-size: 14pt;\">Tambi\u00e9n parece beber de algunos textos filos\u00f3fico pol\u00edticos cl\u00e1sicos como\u00a0<em>El Pr\u00edncipe<\/em>\u00a0(1513-1532) y los\u00a0<em>Discursos sobre la Primera d\u00e9cada de Tito Livio<\/em>\u00a0(1531), as\u00ed como su correspondencia particular, de <a href=\"https:\/\/puntocritico.com\/ausajpuntocritico\/2017\/11\/07\/es-posible-establecer-un-estado-libre-en-un-pais-corrupto-por-nicolas-maquiavelo\/\">Nicol\u00e1s de Maquiavelo<\/a> (1469-1527), y el\u00a0<em>Discurso de la servidumbre voluntaria<\/em>\u00a0(c. 1548) de <a href=\"https:\/\/puntocritico.com\/ausajpuntocritico\/2020\/07\/14\/la-servidumbre-voluntaria-por-esteban-de-la-boetie-republicado\/\">\u00c9tienne de La Bo\u00e9tie<\/a> (1530-1563). Podr\u00edamos seguir con una amplia lista de textos teol\u00f3gicos, pol\u00edticos y filos\u00f3ficos, pasando por la Biblia hasta llegar incluso a la reflexi\u00f3n sobre el libre albedr\u00edo contenida en la\u00a0<em>\u00c9tica<\/em>\u00a0de <a href=\"https:\/\/puntocritico.com\/ausajpuntocritico\/2020\/10\/23\/spinoza-por-vidal-pena-introduccion-a-la-etica-republicado\/\">Baruch de Spinoza<\/a>, donde se dice en su proposici\u00f3n XV que \u00abTodo cuanto es, es en Dios y sin Dios nada puede ser sin concebirse\u00bb. Si todo es Dios, es en Dios y nada puede concebirse fuera de \u00c9l, no hay espacio para la libertad humana, pues lo malo y lo bueno, lo noble y lo vil est\u00e1n dentro de las potencialidades de la sustancia divina en la cual se inserta el hombre. Seg\u00fan esta perspectiva, no existir\u00eda el libre albedr\u00edo en el ser humano, todo le es condicionado.<\/span><\/p>\n<p style=\"text-align: justify;\"><span style=\"font-size: 14pt;\"><em>La Naranja Mec\u00e1nica<\/em>\u00a0es una reflexi\u00f3n sobre el espacio para la libertad humana en un mundo donde el sujeto debe elegir entre el bien y el mal, sin que quepan condicionamientos externos.<\/span><\/p>\n<p style=\"text-align: justify;\"><span style=\"font-size: 14pt;\">Desconozco si Burgess se plante\u00f3 un di\u00e1logo de su obra con estos textos. Estoy seguro de que al menos s\u00ed con respecto a la Biblia,\u00a0<em>1984<\/em>\u00a0y\u00a0<em>Un Mundo Feliz<\/em>. Podr\u00eda hacerse una lectura desde una visi\u00f3n cat\u00f3lica sobre la relaci\u00f3n del hombre con Dios, d\u00f3nde queda la voluntad de uno y d\u00f3nde la voluntad del otro, y c\u00f3mo juegan aqu\u00ed las ideas teol\u00f3gicas de pecado original y de Juicio Final. O una lectura desde la idea teol\u00f3gica de la gracia y la redenci\u00f3n, como decisi\u00f3n voluntaria del ser humano de elegir el bien.<\/span><\/p>\n<p style=\"text-align: justify;\"><span style=\"font-size: 14pt;\">La novela acabar\u00eda siendo mundialmente famosa gracias a la pel\u00edcula del mismo nombre que Kubrick rodara en 1971, con Malcolm McDowell (1943-) como protagonista y narrador en el papel de \u00c1lex DeLarge. Kubrick filma una obra visualmente impactante, con su violencia omn\u00edmoda (en esto es uno de los precursores de Quentin Tarantino, y no solo Sam Peckinpah o las pel\u00edculas de artes marciales de la\u00a0<em>Golden Harvest<\/em>), con unos escenarios y unos personajes magistralmente fotografiados sobre un guion de potente pulso. Todo ello marca de la casa Kubrick.<\/span><\/p>\n<p>&nbsp;<\/p>\n<figure id=\"attachment_2232124\" aria-describedby=\"caption-attachment-2232124\" style=\"width: 480px\" class=\"wp-caption aligncenter\"><img loading=\"lazy\" decoding=\"async\" class=\"wp-image-2232124\" src=\"https:\/\/puntocritico.com\/ausajpuntocritico\/wp-content\/uploads\/2021\/11\/Alex-con-sus-drugos.-\u00a9-Warner-Bros-y-Hawk-Films-2-678x381.jpg\" alt=\"La naranja mec\u00e1nica\" width=\"480\" height=\"270\" data-id=\"2232124\" srcset=\"https:\/\/puntocritico.com\/ausajpuntocritico\/wp-content\/uploads\/2021\/11\/Alex-con-sus-drugos.-\u00a9-Warner-Bros-y-Hawk-Films-2-678x381.jpg 678w, https:\/\/puntocritico.com\/ausajpuntocritico\/wp-content\/uploads\/2021\/11\/Alex-con-sus-drugos.-\u00a9-Warner-Bros-y-Hawk-Films-2-300x169.jpg 300w, https:\/\/puntocritico.com\/ausajpuntocritico\/wp-content\/uploads\/2021\/11\/Alex-con-sus-drugos.-\u00a9-Warner-Bros-y-Hawk-Films-2-768x432.jpg 768w, https:\/\/puntocritico.com\/ausajpuntocritico\/wp-content\/uploads\/2021\/11\/Alex-con-sus-drugos.-\u00a9-Warner-Bros-y-Hawk-Films-2-610x343.jpg 610w, https:\/\/puntocritico.com\/ausajpuntocritico\/wp-content\/uploads\/2021\/11\/Alex-con-sus-drugos.-\u00a9-Warner-Bros-y-Hawk-Films-2.jpg 820w\" sizes=\"auto, (max-width: 480px) 100vw, 480px\" \/><figcaption id=\"caption-attachment-2232124\" class=\"wp-caption-text\"><span style=\"color: #008000;\">\u00c1lex con sus drugos. \u00a9 Warner Bros y Hawk Films.<\/span><\/figcaption><\/figure>\n<p style=\"text-align: justify;\">\u00a0<\/p>\n<p style=\"text-align: justify;\"><span style=\"font-size: 14pt;\">En\u00a0<em>La Naranja Mec\u00e1nica<\/em>\u00a0(novela y pel\u00edcula) su protagonista, \u00c1lex, es un joven completamente amoral, rebelde, l\u00edder de una banda de psic\u00f3patas y lerdos, soci\u00f3pata y eg\u00f3latra. Para \u00e9l el \u00fanico poder es el suyo, ni siquiera el de los miembros de su banda. El resto de seres humanos, incluida su familia y sus amigos (drugos), est\u00e1n para someterse a sus deseos y sus impulsos de violencia (ultraviolencia). No teniendo l\u00edmites ni control, termina cometiendo un horrendo crimen (violaci\u00f3n y asesinato) y por ello es encarcelado.<\/span><\/p>\n<p style=\"text-align: justify;\"><span style=\"font-size: 14pt;\">Buscando redimir pronto su pena y creyendo que es capaz de doblegar al sistema identificado en la figura del Ministro, enga\u00f1\u00e1ndolo, \u00c1lex decide someterse en prisi\u00f3n a un programa (el \u00abm\u00e9todo Ludovico\u00bb) de pretendida re-moralizaci\u00f3n del sujeto, por el que controlar sus impulsos violentos a trav\u00e9s del uso de la m\u00fasica que \u00c1lex adora (Ludwig van Beethoven), utilizada como condicionamiento pavloviano o modelo est\u00edmulo-respuesta. Se busca con este m\u00e9todo hacerle comprender en qu\u00e9 lugar est\u00e1 el poder (lo no disponible por el sujeto) y en qu\u00e9 lugar la \u00e9tica (lo disponible por el sujeto, pero dentro de las normas del Estado), y c\u00f3mo la \u00e9tica del sujeto en nuestras sociedades ha de servir al poder porque el poder es \u00e9tico (Maquiavelo). \u00c1lex en el programa es utilizado como el perro de Pavlov, que terminar\u00e1 no eligiendo, sino asociando. No elige entre el bien y el mal, sino que asocia lo bueno al placer de la m\u00fasica de Beethoven. Se cambia el az\u00facar del perro por la m\u00fasica de Beethoven.<\/span><\/p>\n<p style=\"text-align: justify;\"><span style=\"font-size: 14pt;\">El sacerdote de la prisi\u00f3n est\u00e1 en contra del programa al que se ha de someter \u00c1lex. Siente desagrado por el m\u00e9todo, pues dice que en realidad no cura a nadie, sino que suprime la voluntad, el libre albedr\u00edo del sujeto: \u00abLa cuesti\u00f3n es si el tratamiento realmente hace bueno a alguien. La bondad viene de adentro. Cuando un hombre no tiene elecci\u00f3n, deja de ser un hombre\u00bb. El Dios cat\u00f3lico no puede juzgar a los inimputables, por lo que la idea del pecado original quedar\u00e1 vac\u00eda de contenido ante la llegada del Juicio Final. As\u00ed pues, no es lo mismo asociaci\u00f3n de ideas frente a est\u00edmulos que elecci\u00f3n entre lo bueno y lo malo.<\/span><\/p>\n<p style=\"text-align: justify;\"><span style=\"font-size: 14pt;\">Tras el programa, \u00c1lex ha cambiado, es otro sujeto: aparentemente es capaz de empatizar con los dem\u00e1s, de no da\u00f1arlos pues eso le provoca a \u00e9l dolor, pero tambi\u00e9n ha quedado sin ninguna defensa contra todos los que ahora le atacan. Carece totalmente de libre albedr\u00edo, de poder de decisi\u00f3n, de voluntad para hacer el mal, pero tambi\u00e9n de voluntad para hacer el bien y de voluntad para defenderse. Elimin\u00e1ndole toda capacidad de hacer el mal, tambi\u00e9n ha quedado sin voluntad para elegir hacer el bien. Ahora \u00c1lex es una naranja mec\u00e1nica a la que el Estado, Dios, o el Diablo dan cuerda, exprimen y sacan zumo. Si otro le da cuerda, \u00c1lex se ha quedado sin responsabilidad moral. Por eso dice Burgess que \u00abes tan inhumano ser totalmente bueno como totalmente malvado\u00bb. Por eso el sacerdote se opone al tratamiento, porque, como decimos, \u00c1lex no puede ser juzgado en el Juicio Final. Para juzgarnos, Dios nos necesita libres.<\/span><\/p>\n<p>&nbsp;<\/p>\n<figure id=\"attachment_2232126\" aria-describedby=\"caption-attachment-2232126\" style=\"width: 555px\" class=\"wp-caption aligncenter\"><img loading=\"lazy\" decoding=\"async\" class=\"wp-image-2232126\" src=\"https:\/\/puntocritico.com\/ausajpuntocritico\/wp-content\/uploads\/2021\/11\/Malcolm-McDowell-como-Alex-en-La-Naranja-Mecanica-1971.-\u00a9-Warner-Bros-y-Hawk-Films.jpg\" alt=\"La naranja mec\u00e1nica\" width=\"555\" height=\"218\" data-id=\"2232126\" srcset=\"https:\/\/puntocritico.com\/ausajpuntocritico\/wp-content\/uploads\/2021\/11\/Malcolm-McDowell-como-Alex-en-La-Naranja-Mecanica-1971.-\u00a9-Warner-Bros-y-Hawk-Films.jpg 644w, https:\/\/puntocritico.com\/ausajpuntocritico\/wp-content\/uploads\/2021\/11\/Malcolm-McDowell-como-Alex-en-La-Naranja-Mecanica-1971.-\u00a9-Warner-Bros-y-Hawk-Films-300x118.jpg 300w, https:\/\/puntocritico.com\/ausajpuntocritico\/wp-content\/uploads\/2021\/11\/Malcolm-McDowell-como-Alex-en-La-Naranja-Mecanica-1971.-\u00a9-Warner-Bros-y-Hawk-Films-610x240.jpg 610w\" sizes=\"auto, (max-width: 555px) 100vw, 555px\" \/><figcaption id=\"caption-attachment-2232126\" class=\"wp-caption-text\"><span style=\"color: #008000;\">Malcolm McDowell como Alex (1971). \u00a9 Warner Bros y Hawk Films<\/span><\/figcaption><\/figure>\n<p style=\"text-align: justify;\">\u00a0<\/p>\n<p style=\"text-align: justify;\"><span style=\"font-size: 14pt;\">\u00c1lex se ha quedado sin elecci\u00f3n moral, someti\u00e9ndose al dictado del poder, del otro, de lo ajeno. Ahora \u00c1lex es un ser inimputable desde el punto de vista moral. Un ser tan antinatural como el \u00c1lex previo al programa. Si no tiene elecci\u00f3n moral propia libremente elegida, en realidad vuelve a no tener moral. No es un sujeto moral, pues no toma decisiones morales, pues no toma decisiones, ya que ello significa un ejercicio de libre voluntad que conlleva una responsabilidad. Otros toman las decisiones por \u00e9l, aunque el resultado sea moral: no da\u00f1ar al pr\u00f3jimo.<\/span><\/p>\n<p style=\"text-align: justify;\"><span style=\"font-size: 14pt;\">Pero no hay moral sin libre albedr\u00edo. \u00c1lex se ha quedado incluso sin conciencia. Lutero dec\u00eda que conciencia le imped\u00eda actuar de un modo distinto a como lo estaba haciendo, pero eso no era un determinismo que inutilizara o eliminara su libre albedr\u00edo. Lutero part\u00eda de su libertad de conciencia. \u00c1lex en cambio ya ni siquiera tiene libertad de conciencia. Su determinismo no deriva de una nueva conciencia asumida, sino de una mera asociaci\u00f3n de ideas, de contrapuestos dolor\/placer.<\/span><\/p>\n<p style=\"text-align: justify;\"><span style=\"font-size: 14pt;\">Como vemos, este discurso est\u00e1 entre dos polos: el poder y la \u00e9tica, quedando en medio la libre elecci\u00f3n o libre albedr\u00edo del sujeto. Realmente, la \u00e9tica, como la religi\u00f3n, nacieron a la par que el poder pol\u00edtico. En los grandes imperios neol\u00edticos esto se ve muy bien: el emperador es, a la vez, el sumo sacerdote. La religi\u00f3n va unida al poder. El fara\u00f3n es un dios en la Tierra. Al generarse un excedente econ\u00f3mico aparece un excedente de ciudadanos sobre los cuales los mecanismos de control y represi\u00f3n inmediatos (las fuerzas del incipiente ej\u00e9rcito del fara\u00f3n o el emperador) no son suficientes. Se precisa un control m\u00e1s all\u00e1, y lo mejor y m\u00e1s seguro es el autocontrol, intervenir sobre la conciencia. Los ciudadanos asumen la realidad pol\u00edtica, que se enmascara en discurso religioso. Aparece una forma de servidumbre voluntaria.<\/span><\/p>\n<p>&nbsp;<\/p>\n<figure id=\"attachment_2232127\" aria-describedby=\"caption-attachment-2232127\" style=\"width: 480px\" class=\"wp-caption aligncenter\"><img loading=\"lazy\" decoding=\"async\" class=\"wp-image-2232127\" src=\"https:\/\/puntocritico.com\/ausajpuntocritico\/wp-content\/uploads\/2021\/11\/Alex-y-sus-drugos-tomando-leche-plus-en-el-Korova-Milk-Bar.-\u00a9-Warner-Bros-y-Hawk-Films-678x381.jpg\" alt=\"La naranja mec\u00e1nica\" width=\"480\" height=\"271\" data-id=\"2232127\" srcset=\"https:\/\/puntocritico.com\/ausajpuntocritico\/wp-content\/uploads\/2021\/11\/Alex-y-sus-drugos-tomando-leche-plus-en-el-Korova-Milk-Bar.-\u00a9-Warner-Bros-y-Hawk-Films-678x381.jpg 678w, https:\/\/puntocritico.com\/ausajpuntocritico\/wp-content\/uploads\/2021\/11\/Alex-y-sus-drugos-tomando-leche-plus-en-el-Korova-Milk-Bar.-\u00a9-Warner-Bros-y-Hawk-Films-300x169.jpg 300w, https:\/\/puntocritico.com\/ausajpuntocritico\/wp-content\/uploads\/2021\/11\/Alex-y-sus-drugos-tomando-leche-plus-en-el-Korova-Milk-Bar.-\u00a9-Warner-Bros-y-Hawk-Films-610x344.jpg 610w, https:\/\/puntocritico.com\/ausajpuntocritico\/wp-content\/uploads\/2021\/11\/Alex-y-sus-drugos-tomando-leche-plus-en-el-Korova-Milk-Bar.-\u00a9-Warner-Bros-y-Hawk-Films.jpg 720w\" sizes=\"auto, (max-width: 480px) 100vw, 480px\" \/><figcaption id=\"caption-attachment-2232127\" class=\"wp-caption-text\"><span style=\"color: #008000;\">\u00c1lex y sus drugos tomando leche-plus en el Korova Milk Bar. \u00a9 Warner Bros y Hawk Films<\/span><\/figcaption><\/figure>\n<p style=\"text-align: justify;\">\u00a0<\/p>\n<p style=\"text-align: justify;\"><span style=\"font-size: 14pt;\">En\u00a0<em><a href=\"https:\/\/puntocritico.com\/ausajpuntocritico\/2020\/07\/14\/la-servidumbre-voluntaria-por-esteban-de-la-boetie-republicado\/\">Discurso de la servidumbre voluntaria<\/a>,\u00a0<\/em>\u00c9tienne de La Bo\u00e9tie dice que no es que el tirano imponga su poder sobre los ciudadanos, sino que son los ciudadanos los que, incomprensiblemente, en una realidad contra natura, se someten (voluntariamente) al poder del tirano. Si el tirano es solo uno, y los ciudadanos muchos, \u00bfqu\u00e9 les hace soportar la tiran\u00eda? El programa al que se somete \u00c1lex en la c\u00e1rcel quiere este tipo de ciudadanos, aquellos que asumen su servidumbre frente al poder como buena, como propia, como algo moralmente bueno. \u00c1lex sale a la calle sometido al poder exterior, que asume como natural, a pesar de perder su libertad y a pesar de que no hay nada natural para el ser humano sin libertad.<\/span><\/p>\n<p style=\"text-align: justify;\"><span style=\"font-size: 14pt;\">Uno de los personajes de\u00a0<em>La Naranja Mec\u00e1nica\u00a0<\/em>dice que \u00abLas personas comunes venden la libertad por una vida m\u00e1s tranquila\u00bb. Que en palabras de La Bo\u00e9tie ser\u00eda que solo unos pocos tienen el coraje suficiente para querer ser libres.<\/span><\/p>\n<p style=\"text-align: justify;\"><span style=\"font-size: 14pt;\">Pero lo de \u00c1lex en realidad no es la servidumbre voluntaria de La Bo\u00e9tie. Porque aqu\u00ed no hay ni siquiera decisi\u00f3n, por tanto, no hay voluntad libremente expresada, aunque sea una voluntad fruto de una aberrante inclinaci\u00f3n contra natura (contra la libertad) derivada de la costumbre. En La Bo\u00e9tie precisamente lo que le repugna es la inclinaci\u00f3n con la que los ciudadanos toman decisiones contra la naturaleza humana de la cual forma parte indisoluble la libertad. Estamos, como puede intuirse, en un contexto de contrato social. En \u00c1lex hay solamente una asociaci\u00f3n pavloviana de ideas. Nada m\u00e1s. No hay educaci\u00f3n moral, no hay conciencia moral. \u00c1lex es tan solo el perro de Pavlov, con un comportamiento \u00e9tico similar al que pudiera tener ese perro, gracias al poder del Estado que ha intervenido en los resortes morales y de libertad de \u00c1lex, lamin\u00e1ndolos por completo. \u00c1lex no ha contratado nada, de igual a igual, con el poder.<\/span><\/p>\n<p style=\"text-align: justify;\"><span style=\"font-size: 14pt;\">En\u00a0<em>1984<\/em>\u00a0y en\u00a0<em>Un Mundo Feliz\u00a0<\/em>George Orwell y Aldoux Huxley, respectivamente, recrean un mundo controlado en el que el individuo ha perdido todo rastro de su libertad, incluida su libertad personal y su libertad de pensamiento. Se propugna que cada individuo asuma que el control externo es bueno, que el poderoso que todo lo controla es bueno. No es ese el escenario, sin embargo, en que se desenvuelve \u00c1lex. La sociedad en la que \u00c1lex ha crecido no vive sometida a un control estatal absoluto y omn\u00edmodo.<\/span><\/p>\n<p style=\"text-align: justify;\"><span style=\"font-size: 14pt;\">En la novela hay personajes que viven su libertad. No son humanos con apariencia de robots deshumanizados en un ambiente totalitario. El poder no ha controlado hasta el lenguaje, el pensamiento, los cuerpos y las mentes. Ese poder omn\u00edmodo del Estado aparece \u00fanicamente, y de forma parcial y temporal, en la c\u00e1rcel a la que es destinado \u00c1lex y m\u00e1s espec\u00edficamente en el programa al que es sometido, no olvidemos que voluntariamente. Pero fuera de la c\u00e1rcel, e incluso dentro de ella (en la figura representativa del sacerdote) hay todav\u00eda dignidad humana y espacio para la libertad personal y la libre decisi\u00f3n. De hecho, \u00c1lex es perfectamente libre para decidir no someterse al programa. Solo se somete a \u00e9l porque se considera m\u00e1s listo que el sistema.<\/span><\/p>\n<p style=\"text-align: justify;\"><span style=\"font-size: 14pt;\">Burgess no escribe una novela sobre la idea del totalitarismo, sobre el control absoluto del ser humano frente al cual solo cabe una rebeli\u00f3n de seres especialmente dotados que aparecen como disfunciones sociales, sino una fantas\u00eda sobre c\u00f3mo eliminar la voluntad de un sujeto corriente en un ambiente de libertad, y c\u00f3mo ese ambiente de libertad puede volverse opresivo y amenazador cuando encuentra su oportunidad (al salir \u00c1lex de la c\u00e1rcel se va topando con todas las personas a las que hizo da\u00f1o, seres otrora bondadosos, que ahora aprovechan la circunstancia para vengarse de \u00e9l). La novela de Burgess no es sobre el poder que todo lo domina y frente al cual solo cabe la rebeli\u00f3n, sino sobre un pecado que cotidianamente est\u00e1 entre nosotros y ante el cual debemos tomar libremente una decisi\u00f3n moral de elecci\u00f3n. Es una reflexi\u00f3n sobre el mal que cohabita entre nosotros, no sobre el totalitarismo.<\/span><\/p>\n<p style=\"text-align: justify;\"><span style=\"font-size: 14pt;\">Nicol\u00e1s de Maquiavelo en\u00a0<em>El Pr\u00edncipe\u00a0<\/em>y en los\u00a0<em>Discursos sobre la Primera d\u00e9cada de Tito Livio<\/em>, propugna la primac\u00eda del poder del Estado sobre la libertad, pero tambi\u00e9n reconoce el libre albedr\u00edo dentro de un \u00e1mbito limitado por la propia naturaleza humana y por el contexto exterior. No es tanto que el fin justifique los medios, es que el poder pol\u00edtico tiene sus propios fines que ha de cumplir, incluso empleando la violencia, cuando la libertad ha degenerado en corrupci\u00f3n y atenta a la libertad. La Florencia en que vivi\u00f3 Maquiavelo estaba dominada por la corrupci\u00f3n. Maquiavelo ve en el poder del Estado una forma de superaci\u00f3n de dicha zozobra, concibi\u00e9ndole como fin \u00faltimo que supera la naturaleza humana, que siempre es la misma en el devenir hist\u00f3rico. El hombre no cambia con el tiempo, solo cambian los hechos hist\u00f3ricos.<\/span><\/p>\n<p style=\"text-align: justify;\"><span style=\"font-size: 14pt;\">Frente a la Historia se alza la Pol\u00edtica, a la que considera verdadera ciencia, siendo la Historia un mero mecanismo utilitario, de registro de la memoria, para la acci\u00f3n pol\u00edtica. Pero el poder del Estado no debe eliminar el libre albedr\u00edo del ciudadano, que ser\u00eda tanto como negarle su raz\u00f3n, su conciencia y su naturaleza. Para Maquiavelo, el libre albedr\u00edo es una forma de enfrentarse al designio de la fortuna, no someterse a ella. Es la exaltaci\u00f3n de la astucia, de la fuerza, de la voluntad, de no sometimiento a los designios de la Historia. Ecos de esto ver\u00edamos m\u00e1s tarde en Friedrich Nietzsche (1844-1900) en dos de sus m\u00e1s importantes e inquietantes teor\u00edas: el eterno retorno de lo id\u00e9ntico y la idea del superhombre.<\/span><\/p>\n<p style=\"text-align: justify;\"><span style=\"font-size: 14pt;\">Maquiavelo le reconoce al individuo su parcela de libertad de decisi\u00f3n, de margen de actuaci\u00f3n frente a los designios de la fortuna. \u00c1lex, en cambio, tras someterse al programa ha quedado sin voluntad, es una barca sin rumbo en el devenir hist\u00f3rico. Est\u00e1 aplastado por la Historia. El poder pol\u00edtico ha arrasado cualquier rastro de libre albedr\u00edo del sujeto. \u00c1lex ahora se somete enteramente a la fortuna. Se ha convertido en un ser sometido a las leyes de la Historia, sin capacidad ninguna para siquiera intentar cambiarla. A \u00c1lex, por tanto, se le ha eliminado toda raz\u00f3n, toda conciencia, toda voluntad y toda libertad. No es el arquetipo de ser humano que propugna Maquiavelo. El Estado maquiav\u00e9lico no est\u00e1 para eso: para cercenar del individuo todo libre albedr\u00edo, toda capacidad de no someterse a la Historia, a la fortuna, incluso a su propia naturaleza. El Estado maquiav\u00e9lico ayudar\u00e1 al individuo para superar el determinismo de la Historia, apoy\u00e1ndose en su naturaleza. En suma, Maquiavelo en modo alguno propugnar\u00eda un resultado como el que provoc\u00f3 en \u00c1lex el m\u00e9todo Ludovico.<\/span><\/p>\n<p style=\"text-align: justify;\"><span style=\"font-size: 14pt;\">Finalmente, hay una diferencia entre la novela y la pel\u00edcula, que es fundamental para entender por qu\u00e9 Burgess terminar\u00eda renegando de su novela tras el \u00e9xito de la pel\u00edcula: Kubrick aparentemente no ley\u00f3 el cap\u00edtulo 21 de la novela porque la edici\u00f3n americana que \u00e9l manej\u00f3 no conten\u00eda ese cap\u00edtulo, a\u00fan siendo fundamental. El caso es que la conclusi\u00f3n de la pel\u00edcula es negativa antropol\u00f3gicamente: el hombre es malvado por naturaleza y vive en un entorno malvado. En la pel\u00edcula, \u00c1lex vuelve al final a la casilla de salida, al mismo bar donde bebe leche-plus con sus drugos, preparado para una nueva sesi\u00f3n de ultraviolencia. Vuelve a ser, por decisi\u00f3n propia, el mismo sujeto amoral y despiadado.<\/span><\/p>\n<p style=\"text-align: justify;\"><span style=\"font-size: 14pt;\">El cap\u00edtulo 21 de la novela describe c\u00f3mo \u00c1lex, ante todo lo que le ha pasado, decide tomar el camino del bien. La visi\u00f3n antropol\u00f3gica, por tanto, es completamente opuesta a la que presenta Kubrick. Aparece aqu\u00ed la idea teol\u00f3gica de la redenci\u00f3n. Burgess es un cat\u00f3lico que escribe esta novela como cat\u00f3lico. No es un nihilista ni un determinista protestante ni tampoco un determinista materialista. Sin redenci\u00f3n elegida voluntariamente por el sujeto no hay salvaci\u00f3n. Esa redenci\u00f3n ha de encontrarla el ser humano en su propia naturaleza.<\/span><\/p>\n<p style=\"text-align: justify;\"><span style=\"font-size: 14pt;\">El cap\u00edtulo 21 justifica todos los precedentes de violencia orgi\u00e1stica, por los que ha circulado la obra. Es una novela, pues, que desarrolla el mito cristiano (y dantesco) de la redenci\u00f3n, que luego ver\u00edamos m\u00e1s tarde, por ejemplo, en pel\u00edculas de Martin Scorsese, otro cat\u00f3lico (no me refiero a\u00a0<em>La \u00faltima tentaci\u00f3n de Cristo<\/em>, sino a\u00a0<em>Toro Salvaje<\/em>, pel\u00edcula donde se hace una reflexi\u00f3n sobre c\u00f3mo conocer el mal para desear el bien).<\/span><\/p>\n<p style=\"text-align: justify;\"><span style=\"font-size: 14pt;\">En Romanos 9:21 (curiosa coincidencia en el n\u00famero 21, no s\u00e9 si buscada por Burgess), San Pablo, refiri\u00e9ndose a las ideas de responsabilidad, libre albedr\u00edo, gracia y redenci\u00f3n, dice lo siguiente: \u00ab\u00bfEs que el alfarero no es due\u00f1o de hacer de una misma masa unas vasijas para usos nobles y otras para usos despreciables?\u00bb. El cap\u00edtulo 21, y por tanto la novela (no as\u00ed la pel\u00edcula) es una gran met\u00e1fora sobre el mensaje de este San Pablo.<\/span><\/p>\n<\/blockquote>\n<p>&nbsp;<\/p>\n<p><img loading=\"lazy\" decoding=\"async\" class=\"aligncenter wp-image-2232128\" src=\"https:\/\/puntocritico.com\/ausajpuntocritico\/wp-content\/uploads\/2021\/11\/La-naranja-mecanica-2.jpg\" alt=\"La naranja mec\u00e1nica\" width=\"480\" height=\"270\" data-id=\"2232128\" srcset=\"https:\/\/puntocritico.com\/ausajpuntocritico\/wp-content\/uploads\/2021\/11\/La-naranja-mecanica-2.jpg 1280w, https:\/\/puntocritico.com\/ausajpuntocritico\/wp-content\/uploads\/2021\/11\/La-naranja-mecanica-2-300x169.jpg 300w, https:\/\/puntocritico.com\/ausajpuntocritico\/wp-content\/uploads\/2021\/11\/La-naranja-mecanica-2-1024x576.jpg 1024w, https:\/\/puntocritico.com\/ausajpuntocritico\/wp-content\/uploads\/2021\/11\/La-naranja-mecanica-2-768x432.jpg 768w, https:\/\/puntocritico.com\/ausajpuntocritico\/wp-content\/uploads\/2021\/11\/La-naranja-mecanica-2-610x343.jpg 610w, https:\/\/puntocritico.com\/ausajpuntocritico\/wp-content\/uploads\/2021\/11\/La-naranja-mecanica-2-678x381.jpg 678w\" sizes=\"auto, (max-width: 480px) 100vw, 480px\" \/><\/p>\n<p style=\"text-align: center;\"><strong><span style=\"color: #008000; font-size: 18pt;\">*******<\/span><\/strong><\/p>\n<h2 class=\"entry-title\" style=\"text-align: center;\"><span style=\"font-size: 24pt;\"><span class=\"title-master\">\u00abLa naranja mec\u00e1nica\u00bb (Pel\u00edcula de\u00a0<\/span><strong>Stanley Kubrick, 1971)<\/strong><\/span><\/h2>\n<p style=\"text-align: center;\"><iframe loading=\"lazy\" src=\"https:\/\/mega.nz\/embed\/WdUjXaKA#ymUi-yYLujwLXV3OgUAPBhiVYiedfAyvUVqtp4PMWwg\" width=\"640\" height=\"360\" frameborder=\"0\" allowfullscreen=\"allowfullscreen\"><\/iframe><\/p>\n<p>&nbsp;<\/p>\n<p style=\"text-align: center;\"><span style=\"font-size: 18pt;\"><strong><span style=\"color: #008000;\">*******<\/span><\/strong><\/span><\/p>\n<h3 id=\"main-title\" style=\"text-align: center;\"><span style=\"font-size: 18pt;\"><strong>La naranja mec\u00e1nica:\u00a0<\/strong><a href=\"https:\/\/www.filmaffinity.com\/es\/film745383.html\" target=\"_blank\" rel=\"noopener\" data-schema-attribute=\"\"><strong>FICHA <\/strong>(Filmaffinity)<\/a><\/span><\/h3>\n<dl class=\"movie-info\">\n<dt>\n<blockquote><p><span style=\"font-size: 14pt;\"><strong>T\u00edtulo original<\/strong>:\u00a0A Clockwork Orange<\/span><\/p><\/blockquote>\n<\/dt>\n<dt><\/dt>\n<dt>\n<blockquote><p><span style=\"font-size: 14pt;\"><strong>A\u00f1o<\/strong>:\u00a01971<\/span><\/p><\/blockquote>\n<\/dt>\n<dt><\/dt>\n<dt>\n<blockquote><p><span style=\"font-size: 14pt;\"><strong>Duraci\u00f3n<\/strong>:\u00a0137 min.<\/span><\/p><\/blockquote>\n<\/dt>\n<dt><\/dt>\n<dt>\n<blockquote><p><span style=\"font-size: 14pt;\"><strong>Pa\u00eds<\/strong>:\u00a0<span id=\"country-img\"><\/span>\u00a0Reino Unido<\/span><\/p><\/blockquote>\n<\/dt>\n<dt><\/dt>\n<dt>\n<blockquote><p><span style=\"font-size: 14pt;\"><strong>Direcci\u00f3n<\/strong>: Stanley Kubrick<\/span><\/p><\/blockquote>\n<\/dt>\n<dt><\/dt>\n<dt>\n<blockquote><p><span style=\"font-size: 14pt;\"><strong>Guion<\/strong>: <span class=\"nb\">Stanley Kubrick.<\/span><i>\u00a0Novela:<\/i>\u00a0<span class=\"nb\">Anthony Burgess<\/span><\/span><\/p><\/blockquote>\n<\/dt>\n<dt><\/dt>\n<dt>\n<blockquote><p><span style=\"font-size: 14pt;\"><strong>M\u00fasica<\/strong>: Wendy Carlos<\/span><\/p><\/blockquote>\n<\/dt>\n<dt><\/dt>\n<dt>\n<blockquote><p><span style=\"font-size: 14pt;\"><strong>Fotograf\u00eda<\/strong>: John Alcott<\/span><\/p><\/blockquote>\n<\/dt>\n<dt><\/dt>\n<dt>\n<blockquote><p><span style=\"font-size: 14pt;\"><strong>Reparto<\/strong>: <span class=\"nb\">Malcolm McDowell,<\/span>\u00a0<span class=\"nb\">Patrick Magee,<\/span>\u00a0<span class=\"nb\">Michael Bates,<\/span>\u00a0<span class=\"nb\">Adrienne Corri,<\/span>\u00a0<span class=\"nb\">Warren Clarke,<\/span>\u00a0<span class=\"nb\">John Clive,<\/span>\u00a0<span class=\"nb\">Aubrey Morris,<\/span>\u00a0<span class=\"nb\">Carl Duering,<\/span>\u00a0<span class=\"nb\">Paul Farrell,<\/span>\u00a0<span class=\"nb\">Clive Francis,<\/span>\u00a0<span class=\"nb\">Michael Gover,<\/span>\u00a0<span class=\"nb\">Miriam Karlin,<\/span>\u00a0<span class=\"nb\">James Marcus,<\/span>\u00a0<span class=\"see-more-credits\">ver 5 m\u00e1s<\/span><\/span><\/p><\/blockquote>\n<\/dt>\n<dt><\/dt>\n<dt>\n<blockquote><p><span style=\"font-size: 14pt;\"><strong>Productora<\/strong>: <span class=\"nb\">Warner Bros.,<\/span>\u00a0<span class=\"nb\">Hawk Films<\/span><\/span><\/p><\/blockquote>\n<\/dt>\n<dt><\/dt>\n<dt>\n<blockquote><p><span style=\"font-size: 14pt;\"><strong>G\u00e9nero<\/strong>:\u00a0Drama\u00a0|\u00a0Crimen.\u00a0Distop\u00eda.\u00a0Thriller futurista.\u00a0Thriller psicol\u00f3gico.\u00a0Pel\u00edcula de culto.\u00a0Bandas\/pandillas callejeras<\/span><\/p><\/blockquote>\n<\/dt>\n<dt><\/dt>\n<dt>\n<blockquote><p><span style=\"font-size: 14pt;\"><strong>Sinopsis:\u00a0<\/strong><\/span><\/p><\/blockquote>\n<blockquote><p><span style=\"font-size: 14pt;\">Gran Breta\u00f1a, en un futuro indeterminado. Alex (Malcolm McDowell) es un joven muy agresivo que tiene dos pasiones: la violencia desaforada y Beethoven. Es el jefe de la banda de los drugos, que dan rienda suelta a sus instintos m\u00e1s salvajes apaleando, violando y aterrorizando a la poblaci\u00f3n. Cuando esa escalada de terror llega hasta el asesinato, Alex es detenido y, en prisi\u00f3n, se someter\u00e1 voluntariamente a una innovadora experiencia de reeducaci\u00f3n que pretende anular dr\u00e1sticamente cualquier atisbo de conducta antisocial. (FILMAFFINITY)<\/span><\/p><\/blockquote>\n<\/dt>\n<\/dl>\n<blockquote>\n<dl class=\"margin-top movie-info\">\n<dt><span style=\"font-size: 14pt;\"><strong>Posici\u00f3n en rankings FA<\/strong>:\u00a0<\/span><\/dt>\n<dd id=\"movie-rankings-pos\" class=\"no-padding\">\n<ul>\n<li><span style=\"font-size: 14pt;\"><strong>3<\/strong>\u00a0Mejores pel\u00edculas brit\u00e1nicas<\/span><\/li>\n<li><span style=\"font-size: 14pt;\"><strong>15<\/strong>\u00a0Mejores pel\u00edculas sobre el mundo criminal<\/span><\/li>\n<li><span style=\"font-size: 14pt;\"><strong>57<\/strong>\u00a0Mejores pel\u00edculas de drama<\/span><\/li>\n<li><span style=\"font-size: 14pt;\"><strong>75<\/strong>\u00a0Mejores pel\u00edculas de la historia del cine<\/span><\/li>\n<\/ul>\n<\/dd>\n<\/dl>\n<dl class=\"margin-top movie-info\">\n<dt><span style=\"font-size: 14pt;\"><strong>Premios<\/strong>\u00a0<\/span><\/dt>\n<dd class=\"award\">\n<div class=\"margin-bottom\"><span style=\"font-size: 14pt;\">1971: 4 nominaciones al Oscar: Mejor pel\u00edcula, director, montaje, gui\u00f3n adaptado<\/span><\/div>\n<div class=\"margin-bottom\"><span style=\"font-size: 14pt;\">1971: Globos de Oro: 3 nominaciones, incluyendo mejor pel\u00edcula &#8211; Drama<\/span><\/div>\n<div class=\"margin-bottom\"><span style=\"font-size: 14pt;\">1972: Premios BAFTA: 7 nominaciones, incluyendo Mejor pel\u00edcula y mejor director<\/span><\/div>\n<div class=\"margin-bottom\"><span style=\"font-size: 14pt;\">1971: C\u00edrculo de Cr\u00edticos de Nueva York: Mejor pel\u00edcula y director. 3 nominaciones<\/span><\/div>\n<div class=\"margin-bottom\"><span style=\"font-size: 14pt;\">1971: Sindicato de Directores (DGA): Nominada a Mejor director<\/span><\/div>\n<div class=\"margin-bottom\"><span style=\"font-size: 14pt;\">1971: Sindicato de Guionistas (WGA): Nominada a Mejor gui\u00f3n adaptado drama<\/span><\/div>\n<\/dd>\n<\/dl>\n<p style=\"text-align: justify;\">\u00a0<\/p>\n<\/blockquote>\n<p><img loading=\"lazy\" decoding=\"async\" class=\"aligncenter wp-image-2232111\" src=\"https:\/\/puntocritico.com\/ausajpuntocritico\/wp-content\/uploads\/2021\/11\/4911-50-anos-de-la-naranja-mecanica-1-2-ultraviolento-678x381.png\" alt=\"\" width=\"480\" height=\"312\" data-id=\"2232111\" srcset=\"https:\/\/puntocritico.com\/ausajpuntocritico\/wp-content\/uploads\/2021\/11\/4911-50-anos-de-la-naranja-mecanica-1-2-ultraviolento-300x195.png 300w, https:\/\/puntocritico.com\/ausajpuntocritico\/wp-content\/uploads\/2021\/11\/4911-50-anos-de-la-naranja-mecanica-1-2-ultraviolento-768x499.png 768w, https:\/\/puntocritico.com\/ausajpuntocritico\/wp-content\/uploads\/2021\/11\/4911-50-anos-de-la-naranja-mecanica-1-2-ultraviolento-610x397.png 610w, https:\/\/puntocritico.com\/ausajpuntocritico\/wp-content\/uploads\/2021\/11\/4911-50-anos-de-la-naranja-mecanica-1-2-ultraviolento.png 1000w\" sizes=\"auto, (max-width: 480px) 100vw, 480px\" \/><\/p>\n<p style=\"text-align: center;\"><span style=\"color: #008000;\"><strong><span style=\"font-size: 18pt;\">*******<\/span><\/strong><\/span><\/p>\n<h2 class=\"entry-title\" style=\"text-align: center;\"><span class=\"title-master\" style=\"font-size: 24pt;\">El integrismo &#8216;woke&#8217; visto desde \u00abLa naranja mec\u00e1nica\u00bb<\/span><\/h2>\n<p class=\"entry-subtitle\" style=\"text-align: center;\"><span style=\"font-size: 14pt;\"><strong><em>El cl\u00e1sico de Kubrick cumple cincuenta a\u00f1os y nos confronta con una pol\u00e9mica: \u00bfes aceptable forzar al individuo a un comportamiento \u2018pol\u00edticamente correcto\u2019?<\/em><\/strong><\/span><\/p>\n<p style=\"text-align: justify;\"><span style=\"font-size: 14pt;\">Por Vidal Arranz<\/span><\/p>\n<p style=\"text-align: justify;\"><a href=\"https:\/\/www.vozpopuli.com\/altavoz\/cultura\/woke-naranja-mecanica.html\" target=\"_blank\" rel=\"nofollow noopener\" data-schema-attribute=\"\"><span style=\"font-size: 14pt;\">Vozpopuli<\/span><\/a><\/p>\n<p><img loading=\"lazy\" decoding=\"async\" class=\"aligncenter wp-image-2231852\" src=\"https:\/\/puntocritico.com\/ausajpuntocritico\/wp-content\/uploads\/2021\/10\/captura-98-277x300.png\" alt=\"\" width=\"300\" height=\"325\" data-id=\"2231852\" srcset=\"https:\/\/puntocritico.com\/ausajpuntocritico\/wp-content\/uploads\/2021\/10\/captura-98-277x300.png 277w, https:\/\/puntocritico.com\/ausajpuntocritico\/wp-content\/uploads\/2021\/10\/captura-98-610x661.png 610w, https:\/\/puntocritico.com\/ausajpuntocritico\/wp-content\/uploads\/2021\/10\/captura-98.png 622w\" sizes=\"auto, (max-width: 300px) 100vw, 300px\" \/><\/p>\n<p>&nbsp;<\/p>\n<p style=\"text-align: justify;\"><span style=\"font-size: 14pt;\">No estamos tan lejos de lo que\u00a0<em>La naranja mec\u00e1nica<\/em>\u00a0anticip\u00f3 hace ya cincuenta a\u00f1os. Sustituyan la violencia por cualquiera de las nuevas acepciones que hoy recibe el Mal y podr\u00e1n intuir hasta qu\u00e9 punto la novela de\u00a0<strong>Anthony Burgess<\/strong>\u00a0y la pel\u00edcula de\u00a0<strong><a href=\"https:\/\/www.vozpopuli.com\/tag\/stanley_kubrick\/\" target=\"_blank\" rel=\"noreferrer noopener\" data-type=\"URL\" data-id=\"https:\/\/www.vozpopuli.com\/tag\/stanley_kubrick\/\">Stanley Kubrick<\/a><\/strong>\u00a0resultaron prof\u00e9ticas. El estreno de un\u00a0<strong>documental sobre sus primeras proyecciones en Espa\u00f1a<\/strong>\u00a0en la Semana de Cine de Valladolid (<a href=\"https:\/\/www.vozpopuli.com\/tag\/seminci\/\" target=\"_blank\" rel=\"noreferrer noopener\" data-type=\"URL\" data-id=\"https:\/\/www.vozpopuli.com\/tag\/seminci\/\">Seminci<\/a>), que se titula\u00a0<em>La naranja prohibida<\/em>\u00a0(<strong>Pedro Gonz\u00e1lez Berm\u00fadez<\/strong>), da pie a una doble reflexi\u00f3n: sobre el libre albedr\u00edo y la libertad, y sobre la censura y sus nuevos paradigmas. \u00bfRealmente el integrismo<em>\u00a0woke\u00a0<\/em>es tan distinto del <strong>Programa Ludovico<\/strong>? \u00bfNo buscan ambos, aunque sea por medios diferentes, extirpar el mal, e imponer el bien, al margen de la libertad de elecci\u00f3n? Es m\u00e1s, \u00bfno es incluso peor el primero, dado que se proyecta sobre males discutibles -de creencias- mientras Ludovico buscaba erradicar males que todos reconocemos como tales, como la violaci\u00f3n o el asesinato?<\/span><\/p>\n<p>&nbsp;<\/p>\n<blockquote>\n<p style=\"text-align: center;\"><span style=\"color: #008000;\"><strong><span style=\"font-size: 14pt;\">\u201c<em>El poder ya no ambiciona tanto reprimir externamente como trabajar para que cada conciencia tenga su propio gendarme<\/em>\u201d. <\/span><\/strong><\/span><\/p>\n<p style=\"text-align: center;\"><span style=\"color: #008000;\"><strong><span style=\"font-size: 14pt;\">\u201c<em>El irresistible poder de coacci\u00f3n del grupo es el gran hallazgo sociol\u00f3gico de nuestros contempor\u00e1neos<\/em>\u201d<\/span><\/strong><\/span><\/p>\n<p style=\"text-align: center;\"><span style=\"color: #008000;\"><strong><span style=\"font-size: 14pt;\">Carlos Mar\u00edn-Bl\u00e1zquez<\/span><\/strong><\/span><\/p>\n<\/blockquote>\n<p>&nbsp;<\/p>\n<p style=\"text-align: justify;\"><span style=\"font-size: 14pt;\">Dos reflexiones de\u00a0<strong>Carlos Mar\u00edn-Bl\u00e1zquez<\/strong>, extra\u00eddas de su recomendable ensayo afor\u00edstico\u00a0<em>Contramundo<\/em>, nos proporcionar\u00e1n un primer marco para adentrarnos en esta aventura. La primera: \u201c<em>El poder ya no ambiciona tanto reprimir externamente como trabajar para que cada conciencia tenga su propio gendarme<\/em>\u201d. Y la segunda: \u201c<em>El irresistible poder de coacci\u00f3n del grupo es el gran hallazgo sociol\u00f3gico de nuestros contempor\u00e1neos<\/em>\u201d. Unan ambas y tendr\u00e1n una descripci\u00f3n casi perfecta del izquierdismo\u00a0<em>woke<\/em>\u00a0y de su\u00a0<strong>extraordinario poder de intimidaci\u00f3n y coacci\u00f3n<\/strong>. Y tambi\u00e9n podr\u00e1n empezar a hacerse una idea del nuevo <strong>M\u00e9todo Ludovico<\/strong> -sin qu\u00edmica, ni terapias conductistas- mediante el que los nuevos representantes de la bondad pretenden imponer el Bien, entre comillas, a\u00fan en contra de la voluntad y libertad de los individuos.<\/span><\/p>\n<p>&nbsp;<\/p>\n<p style=\"text-align: center;\"><iframe loading=\"lazy\" title=\"YouTube video player\" src=\"https:\/\/www.youtube.com\/embed\/exTvTd1tI1I\" width=\"560\" height=\"315\" frameborder=\"0\" allowfullscreen=\"allowfullscreen\"><\/iframe><\/p>\n<p>&nbsp;<\/p>\n<p style=\"text-align: justify;\"><span style=\"font-size: 14pt;\">Para quienes no tengan la pel\u00edcula de Kubrick fresca, recordemos de forma sucinta su argumento. \u00c1lex (<strong>Malcolm McDowell<\/strong>) lidera una banda de delincuentes juveniles que se caracteriza por despreciar cualquier l\u00edmite moral: roban, golpean a mendigos, violan a mujeres y obligan a sus maridos a verlo, e incluso llegan al asesinato. Cuando esto \u00faltimo ocurre, \u00c1lex es detenido y encerrado en prisi\u00f3n, y all\u00ed descubre que puede eludir la pena si se somete a un tratamiento experimental que aplica terapias de\u00a0<em>shock<\/em>\u00a0para inducir un rechazo repulsivo a aquellas tendencias de la persona que se quieren extirpar. En su caso, la violencia y la agresividad sexual. <strong>El experimento no resulta tan ben\u00e9fico como se esperaba, pues aparecen efectos secundarios imprevistos<\/strong>.<\/span><\/p>\n<p>&nbsp;<\/p>\n<h3 style=\"text-align: center;\"><span style=\"font-size: 18pt;\"><strong>Obligados a hacer el bien<\/strong><\/span><\/h3>\n<p style=\"text-align: justify;\"><span style=\"font-size: 14pt;\">No me centrar\u00e9 tanto en el problema de la violencia, pese a que es central en la pel\u00edcula, ni siquiera en la discusi\u00f3n de qu\u00e9 sea el bien, sino en el otro debate de fondo que est\u00e1 detr\u00e1s: el de la libre elecci\u00f3n. El sacerdote de la prisi\u00f3n de Alex rechaza el procedimiento Ludovico en varias ocasiones en\u00a0<em>La naranja mec\u00e1nica<\/em>\u00a0justamente por este motivo: <strong>un bien que no es resultado de una decisi\u00f3n libre no tiene ning\u00fan valor \u00e9tico<\/strong>. \u201c<em><strong>Si el hombre no escoge, deja de ser hombre<\/strong><\/em>\u201d, explica el sacerdote. \u00c1lex, m\u00e1s pragm\u00e1tico, replicar\u00e1 con cinismo: \u201c<em>Padre, yo no entiendo nada de los c\u00f3mo, ni de los porqu\u00e9s. Yo s\u00f3lo quiero ser bueno<\/em>\u201d. Lo que podr\u00edamos traducir como: &#8216;<em>No me importa renunciar a una parte de mi libertad si eso me libra de la c\u00e1rcel<\/em>&#8216;.<\/span><\/p>\n<p>&nbsp;<\/p>\n<blockquote>\n<p style=\"text-align: center;\"><strong><span style=\"font-size: 14pt; color: #008000;\">El editor estadounidense se neg\u00f3 a publicar la novela si no se suprim\u00eda el cap\u00edtulo vigesimoprimero, donde \u00c1lex reconduc\u00eda su vida hacia la estabilidad familiar gracias a su evoluci\u00f3n<\/span><\/strong><\/p>\n<\/blockquote>\n<p>&nbsp;<\/p>\n<p style=\"text-align: justify;\"><span style=\"font-size: 14pt;\">El modo como en la pel\u00edcula se plasma ese bien externamente inducido es un tratamiento ps\u00edquico qu\u00edmico personalizado que da pie a algunas de las escenas m\u00e1s ic\u00f3nicas del filme, como aquella en la que \u00c1lex es obligado a ver im\u00e1genes de extrema violencia mediante un dispositivo que le impide cerrar los p\u00e1rpados. Pero hoy se busca algo similar mediante la\u00a0<strong>coacci\u00f3n sociocultural y las campa\u00f1as de acoso en las redes sociales<\/strong>. En este caso no es la violencia f\u00edsica o sexual lo que est\u00e1 en juego, sino la opini\u00f3n ofensiva, lo que afecta a la libertad de expresi\u00f3n y de opini\u00f3n. La amenaza de\u00a0<em>shock<\/em>\u00a0mediante acoso comunitario busca inducir la reacci\u00f3n preventiva de callar y no meterse en l\u00edos. Como en la pel\u00edcula, a los inductores del Bien social les importa poco que el Mal siga dentro mientras no se atreva a manifestarse fuera. A fin de cuentas, lo que est\u00e1 en juego no es otra cosa que el poder. En ning\u00fan caso la verdad.<\/span><\/p>\n<p style=\"text-align: justify;\"><span style=\"font-size: 14pt;\">El asunto del libre albedr\u00edo es central en la novela de <strong>Anthony Burgess<\/strong>, publicada en 1962, si bien algo menos en la pel\u00edcula de Kubrick, que finalmente parece asumir un cierto fatalismo. Su \u00faltima escena final sugiere que el que es violento seguir\u00e1 si\u00e9ndolo. La raz\u00f3n de este sesgo la explica el propio novelista en un pr\u00f3logo a su libro escrito en 1986, m\u00e1s de veinte a\u00f1os despu\u00e9s del estreno del film: su editor norteamericano decidi\u00f3 suprimir el \u00faltimo cap\u00edtulo de la novela, el 21, en el que \u00c1lex, en efecto, reconduc\u00eda su vida hacia la estabilidad familiar gracias a su propia evoluci\u00f3n personal. \u201c<em>Mi editor de Nueva York\u00a0<strong>ve\u00eda mi vig\u00e9simoprimer cap\u00edtulo como una traici\u00f3n<\/strong><\/em>\u201d, explica <strong>Burgess<\/strong>, y se neg\u00f3 a publicar la novela si no se suprim\u00eda. Esa versi\u00f3n, que tambi\u00e9n fue la que se public\u00f3 en Espa\u00f1a en 1976, es la que sirvi\u00f3 de base para la c\u00e9lebre pel\u00edcula de Stanley Kubrick.<\/span><\/p>\n<p>&nbsp;<\/p>\n<p style=\"text-align: center;\"><iframe loading=\"lazy\" title=\"YouTube video player\" src=\"https:\/\/www.youtube.com\/embed\/F4S40vn9MJo\" width=\"560\" height=\"315\" frameborder=\"0\" allowfullscreen=\"allowfullscreen\"><\/iframe><\/p>\n<p>&nbsp;<\/p>\n<h3 style=\"text-align: center;\"><span style=\"font-size: 18pt;\">\u00bfSomos libres?<\/span><\/h3>\n<p style=\"text-align: justify;\"><span style=\"font-size: 14pt;\">Para ser honestos, la filosof\u00eda\u00a0<em>woke<\/em>\u00a0s\u00ed acepta la posibilidad de convencer a algunos. Pero asume, por encima de todo, que la posibilidad del mal no debe consentirse. Es una actitud que se percibe con claridad en el activismo clim\u00e1tico. Por ejemplo, cuando un autor como\u00a0<strong>Nathaniel Rich\u00a0<\/strong>(<em>Perdiendo la Tierra<\/em>) explica que lo primero que un concienciado debe hacer para salvar el planeta es\u00a0<strong>fustigar con su dedo acusador, sin piedad<\/strong>, a quienes dudan, discrepan o no colaboran; hay que acallar las voces que impiden que el Bien se abra paso. No importa aqu\u00ed convencer. Silenciar es ben\u00e9fico en s\u00ed mismo.<\/span><\/p>\n<p style=\"text-align: justify;\"><span style=\"font-size: 14pt;\">Pero tales extirpaciones tienen efectos secundarios. La pel\u00edcula muestra que la violencia no s\u00f3lo sirve para agredir, sino tambi\u00e9n para defenderse. Y a \u00c1lex, a quien se ha privado de ese recurso para evitar que cometa delitos, se le ha dejado al mismo tiempo indefenso ante la violencia de los dem\u00e1s. Dejo a los lectores la elucidaci\u00f3n de los efectos secundarios que produce la castraci\u00f3n de la libertad de pensamiento y de expresi\u00f3n, pues est\u00e1n a la vista de todos. Apuntaremos s\u00f3lo la m\u00e1s evidente:\u00a0<strong>el progresivo deterioro, incluso corrosi\u00f3n, del di\u00e1logo y la convivencia social<\/strong>. Y, adem\u00e1s, hay que insistir, en un terreno en el que el Mal en juego no es tan evidente como en la pel\u00edcula de Kubrick.<\/span><\/p>\n<p>&nbsp;<\/p>\n<p style=\"text-align: center;\"><iframe loading=\"lazy\" title=\"YouTube video player\" src=\"https:\/\/www.youtube.com\/embed\/VGJI6uTOW4Y\" width=\"560\" height=\"315\" frameborder=\"0\" allowfullscreen=\"allowfullscreen\"><\/iframe><\/p>\n<p>&nbsp;<\/p>\n<p style=\"text-align: justify;\"><span style=\"font-size: 14pt;\">Por no olvidarnos de nada, hay que reconocer que el debate sobre el libre albedr\u00edo tiene hoy unas dimensiones distintas de las que ten\u00eda hace medio siglo. En la d\u00e9cada de los ochenta, los experimentos del neuropsic\u00f3logo\u00a0<strong>Benjam\u00edn Libet\u00a0<\/strong>parec\u00edan abonar la idea de que la toma consciente de decisiones era una ilusi\u00f3n, que cada cosa que el hombre decide es el resultado de una combinatoria de causas y est\u00edmulos ocultos, inconscientes, previos a la actuaci\u00f3n de la conciencia. Posteriormente, los estudios psicosociales de la corriente situacionista atribuyeron al contexto, a las condiciones socioecon\u00f3micas externas, el origen de las elecciones. Las dos l\u00edneas argumentales han sido refutadas, entre otros, por el fil\u00f3sofo\u00a0<strong>Alfred R. Mele<\/strong>\u00a0en su ensayo Libres:<em>\u00a0por qu\u00e9 la ciencia no ha rebatido la existencia del libre albedr\u00edo<\/em>\u00a0(Avarigani, 2017): \u201c<em>Si hay alguna ilusi\u00f3n por estos lares, es la ilusi\u00f3n de que existen datos cient\u00edficos s\u00f3lidos que prueban que el libre albedr\u00edo no existe<\/em>\u201d.<\/span><\/p>\n<p>&nbsp;<\/p>\n<h3 style=\"text-align: center;\"><span style=\"font-size: 18pt;\">Desconfianza radical en el hombre<\/span><\/h3>\n<p style=\"text-align: justify;\"><span style=\"font-size: 14pt;\">La cuesti\u00f3n no es balad\u00ed, porque est\u00e1n en juego no s\u00f3lo el control personal sobre la propia vida, sino, como consecuencia de ello, la posibilidad de exigir responsabilidades. La filosof\u00eda\u00a0<em>woke<\/em>\u00a0es coherente, en cierto modo, con la negaci\u00f3n del libre albedr\u00edo al poner el \u00e9nfasis en la creaci\u00f3n de unas condiciones externas, e internas, que induzcan a \u2018<em>elegir bien<\/em>\u2019. No podemos fiarnos de la conciencia del individuo, tan enga\u00f1osa, enga\u00f1ada y enga\u00f1able. Late tambi\u00e9n la desconfianza en la posibilidad de una verdadera libre elecci\u00f3n en la abusiva tendencia a exculpar de cualquier responsabilidad a los desafortunados. Pero, sin embargo, l<strong>o\u00a0<em>woke<\/em>\u00a0no puede renunciar a los culpables<\/strong>, de modo que tiene que dividir el mundo entre los privilegiados (<em>que s\u00ed son responsables<\/em>) y los dem\u00e1s (<em>inocentes<\/em>). Pero si las teor\u00edas situacionistas y de\u00a0<strong>Libet\u00a0<\/strong>fueran correctas, los blancos ricos tendr\u00edan tan poca culpa de sus actos como los negros pobres. Lo que conduce a un callej\u00f3n sin salida que lo\u00a0<em>woke<\/em>\u00a0intenta resolver con el apriorismo de que la posici\u00f3n de privilegio es un mal en s\u00ed mismo. Y un mal que contagia de forma extensiva y a trav\u00e9s de las generaciones.<\/span><\/p>\n<p>&nbsp;<\/p>\n<blockquote class=\"wp-block-quote\">\n<p style=\"text-align: center;\"><strong><span style=\"font-size: 14pt; color: #008000;\">No podemos descartar que el \u00e9xito actual de las creencias &#8216;woke&#8217; se asiente en una desconfianza radical sobre el hombre<\/span><\/strong><\/p>\n<\/blockquote>\n<p>&nbsp;<\/p>\n<p style=\"text-align: justify;\"><span style=\"font-size: 14pt;\">En cambio, la otra convicci\u00f3n: la de que tenemos capacidad para decidir sobre nuestras vidas, es beneficiosa para el individuo, tal como prob\u00f3 un estudio de\u00a0<strong>Dweck<\/strong>\u00a0y\u00a0<strong>Molden<\/strong>\u00a0de 2008. \u201c<em>Si uno se considera responsable de las acciones que realizar\u00e1 en el futuro, se concebir\u00e1 como alguien que tiene\u00a0<strong>las<\/strong>\u00a0<strong>habilidades y capacidades de las que depende la responsabilidad<\/strong>\u00a0y, por lo tanto, como alguien que tiene un control considerable sobre lo que hace<\/em>\u201d, explica Alfred R. Mele. \u201c<em>Tal como yo veo las cosas, este punto de vista es mucho m\u00e1s exacto que el que nos retrata como seres que est\u00e1n totalmente a merced de fuerzas que escapan a nuestro control. A\u00fan m\u00e1s, hay evidencia de que la creencia en el libre albedr\u00edo promueve el bienestar personal<\/em>\u201d.<\/span><\/p>\n<p>&nbsp;<\/p>\n<p style=\"text-align: center;\"><iframe loading=\"lazy\" title=\"YouTube video player\" src=\"https:\/\/www.youtube.com\/embed\/gzxStdVcDiE\" width=\"560\" height=\"315\" frameborder=\"0\" allowfullscreen=\"allowfullscreen\"><\/iframe><\/p>\n<p>&nbsp;<\/p>\n<p style=\"text-align: justify;\"><span style=\"font-size: 14pt;\">Pese a Mele, <strong>no podemos descartar que el \u00e9xito actual de las creencias\u00a0<em>woke<\/em>\u00a0se asiente en una desconfianza radical sobre el hombre<\/strong>. No s\u00f3lo sobre su capacidad de decidir bien, que deber\u00eda ser tutelada, sino incluso sobre la posibilidad misma de que pueda optar. Desde este punto de vista, el abrasivo bombardeo sociocultural y la intensiva coacci\u00f3n social ser\u00edan procedimientos l\u00edcitos. Si la libertad es una ilusi\u00f3n, no hay ninguna raz\u00f3n por la que deba ser respetada, m\u00e1s all\u00e1 de lo que, por puro inter\u00e9s o conveniencia, aconsejen las apariencias de la vida democr\u00e1tica.<\/span><\/p>\n<p>&nbsp;<\/p>\n<h3 style=\"text-align: center;\"><span style=\"font-size: 18pt;\">El enga\u00f1o a Kubrick<\/span><\/h3>\n<p style=\"text-align: justify;\"><span style=\"font-size: 14pt;\">El documental\u00a0<em>La naranja prohibida<\/em>\u00a0nos ilustra sobre el otro aspecto de la cuesti\u00f3n: la evoluci\u00f3n de las formas de censura. La obra de Pedro Gonz\u00e1lez Berm\u00fadez muestra las dificultades que tuvo la pel\u00edcula para estrenarse en la Espa\u00f1a de 1975, y rinde homenaje al\u00a0<strong>papel jugado por el festival de cine de Valladolid durante el franquismo<\/strong>. La Seminci fue una persiana de apertura por la que se colaron directores y pel\u00edculas conflictivas a partir de una creencia firme en el valor del arte en s\u00ed mismo.<\/span><\/p>\n<p>&nbsp;<\/p>\n<blockquote class=\"wp-block-quote\">\n<p style=\"text-align: center;\"><strong><span style=\"font-size: 14pt; color: #008000;\">La proyecci\u00f3n en la Seminci recibi\u00f3 una amenaza de bomba y el director pidi\u00f3 a la polic\u00eda que no pararan la proyecci\u00f3n<\/span><\/strong><\/p>\n<\/blockquote>\n<p>&nbsp;<\/p>\n<p style=\"text-align: justify;\"><span style=\"font-size: 14pt;\">La pel\u00edcula recuerda la intrahistoria de aquellas proyecciones, incluyendo la paradoja de que, cuando el r\u00e9gimen hab\u00eda dado ya su\u00a0<em>pl\u00e1cet<\/em>, necesitado de abonar una idea de apertura, fue el propio Kubrick el que se neg\u00f3 a que su pel\u00edcula se proyectara en el festival de Valladolid, lo que\u00a0<strong>oblig\u00f3 a su director a enga\u00f1arle<\/strong>\u00a0dici\u00e9ndole que su pel\u00edcula se exhibir\u00eda en la Universidad. Lo que, despu\u00e9s de todo, no fue exactamente incierto, pues fueron los universitarios quienes abarrotaron\u00a0<em>de facto<\/em>\u00a0las proyecciones.<\/span><\/p>\n<p style=\"text-align: justify;\"><span style=\"font-size: 14pt;\">La memoria del estreno incluye, adem\u00e1s, un momento impactante. Cuando, tras muchas peleas y gestiones,\u00a0<em>La naranja mec\u00e1nica\u00a0<\/em>se estaba viendo, al fin, en el Teatro Carri\u00f3n de Valladolid, se recibi\u00f3 una amenaza de bomba. El director del festival entonces,\u00a0<strong>Carmelo Romero<\/strong>, recuerda haberles dicho a los agentes de polic\u00eda presentes en el cine que la proyecci\u00f3n no se iba a suspender en ning\u00fan caso, y que asum\u00eda toda la responsabilidad. \u201c<em>Entonces eran frecuentes los falsos avisos de bomba para sabotear actos culturales<\/em>\u201d, recuerda Romero, quien luego ser\u00eda director del Instituto de Cinematograf\u00eda y del Festival de Cine Espa\u00f1ol de M\u00e1laga. \u201c<em>Pero tengo que reconocer que asum\u00ed un riesgo grande, y que, a d\u00eda de hoy, no lo har\u00eda<\/em>\u201d.<\/span><\/p>\n<p style=\"text-align: justify;\"><span style=\"font-size: 14pt;\">Carmelo Romero, que, como sus predecesores, empuj\u00f3 siempre que pudo del lado de la apertura, declara en el film: \u201c<em>Aborrezco la existencia de la censura. Aquella (la franquista) era m\u00e1s brutal y dura, pero menos sutil que lo que puede suponer hoy aceptar la\u00a0<strong>censura de costumbres y h\u00e1bitos<\/strong>\u00a0de lo pol\u00edticamente correcto. Ante toda actividad cultural, la libertad es fundamental<\/em>\u201d.<\/span><\/p>\n<p>&nbsp;<\/p>\n<h3 style=\"text-align: center;\"><span style=\"font-size: 18pt;\">\u00bfQu\u00e9 piensan los j\u00f3venes de 2021?<\/span><\/h3>\n<p style=\"text-align: justify;\"><span style=\"font-size: 14pt;\">El documental<em>\u00a0La naranja prohibida<\/em>\u00a0da buena cuenta de ello en la que, sin duda, es una de sus mayores aportaciones: poner de manifiesto c\u00f3mo hoy se admiten con naturalidad cortapisas a una libertad que cost\u00f3 mucho conquistar. La pel\u00edcula lo logra al contraponer la mirada de algunos de aquellos primeros espectadores vallisoletanos de 1975 con la de j\u00f3venes de hoy, desconocedores de la obra de Kubrick, y convocados para la ocasi\u00f3n para verla y opinar. Para los primeros, la posibilidad de ver\u00a0<em>La naranja mec\u00e1nica<\/em>\u00a0-por la que se hicieron\u00a0<strong>largu\u00edsimas colas durante d\u00eda y medio<\/strong>, pasando la noche en la calle con sacos de dormir- era, ante todo, una conquista de espacios de libertad. Luego, la obra pod\u00eda gustar m\u00e1s o menos. Eso era secundario. Algunos asistentes, como la periodista\u00a0<strong>Mar\u00eda Aurora Viloria<\/strong>, la vieron \u201c<em>tremendamente divertida<\/em>\u201d; no faltaron quienes se taparon los ojos, al no poder soportar su violencia; y otros, como el escritor\u00a0<strong>Gustavo Mart\u00edn Garzo<\/strong>, destacaron su fuerza visual y su condici\u00f3n \u201c<em>tremendamente<\/em> <em>perturbadora<\/em>\u201d.<\/span><\/p>\n<p>&nbsp;<\/p>\n<blockquote class=\"wp-block-quote\">\n<p style=\"text-align: center;\"><strong><span style=\"font-size: 14pt; color: #008000;\">Casi todos los j\u00f3venes entrevistados en el documental piensan que algo as\u00ed no se tolerar\u00eda hoy y no acompa\u00f1an esta constataci\u00f3n de ning\u00fan lamento o protesta<\/span><\/strong><\/p>\n<\/blockquote>\n<p>&nbsp;<\/p>\n<p style=\"text-align: justify;\"><span style=\"font-size: 14pt;\">Se trata de una perturbaci\u00f3n que nac\u00eda de la \u00fanica indicaci\u00f3n que Kubrick dio al actor protagonista. \u201c<em>La instrucci\u00f3n que yo recib\u00ed<\/em>\u201d, explica Malcolm McDowell, \u201c<em>es que deb\u00eda\u00a0<strong>interpretar a un ser inmoral<\/strong>, a un violador y un asesino, y ten\u00eda que lograr que el p\u00fablico simpatizase con \u00e9l. Que estuviera a favor de \u00c1lex<\/em>\u201d. Es la ant\u00edtesis de una posici\u00f3n moral, y, por ello, justamente ah\u00ed, en esa inversi\u00f3n, la pel\u00edcula abr\u00eda la posibilidad de que el espectador pudiera mirar a la cara un mundo pulsional no tan ajeno y, quiz\u00e1s, verse confrontado con una cierta verdad inc\u00f3moda.<\/span><\/p>\n<p style=\"text-align: justify;\"><span style=\"font-size: 14pt;\">Pero si los espectadores de 1975 vieron\u00a0<em>La naranja mec\u00e1nica<\/em>\u00a0como un hito de apertura, en una \u00e9poca en la que, por ausencia de plena libertad, estaban claras las\u00a0<strong>prioridades, el p\u00fablico joven de hoy<\/strong>\u00a0la interpreta, al parecer, de un modo bastante diferente. Aprecia, desde luego, sus cualidades art\u00edsticas, pero aparecen al tiempo otros comentarios. \u201c<em>Me parecer\u00eda muy atrevido que se hiciera ahora<\/em>\u201d. \u201c<em>Actualmente no ser\u00eda recibida igual, no ser\u00eda aceptable<\/em>\u201d. \u201c<em>No creo que hoy se pudiera rodar<\/em>\u201d. Casi todos ellos tienen interiorizada la idea de que algo as\u00ed no se tolerar\u00eda hoy. Y no acompa\u00f1an esta constataci\u00f3n de ning\u00fan lamento o protesta.<\/span><\/p>\n<p>&nbsp;<\/p>\n<p style=\"text-align: center;\"><iframe loading=\"lazy\" title=\"YouTube video player\" src=\"https:\/\/www.youtube.com\/embed\/Oy7w3C5-2ac\" width=\"560\" height=\"315\" frameborder=\"0\" allowfullscreen=\"allowfullscreen\"><\/iframe><\/p>\n<div class=\"entry-content parts-content\">\n<p>&nbsp;<\/p>\n<p style=\"text-align: justify;\"><span style=\"font-size: 14pt;\">Incluso el escritor\u00a0<strong>Vicente Molina Foix<\/strong>, que ejerci\u00f3 de traductor de la pel\u00edcula en aquel lejano 1975, lo admite: \u201c<em>Es posible que hoy no se pudiera hacer porque los productores pensaran que no era pol\u00edticamente correcta<\/em>\u201d. Es una sensaci\u00f3n que puede ser acertada o no, pero que se repite ante algunas\u00a0<strong>obras maestras inc\u00f3modas<\/strong>\u00a0del pasado (del caso de\u00a0<em>Crash<\/em>, de\u00a0<strong>David Cronenberg<\/strong>,\u00a0<a href=\"https:\/\/www.vozpopuli.com\/altavoz\/cultura\/rodarse-crash-verla.html\" rel=\"nofollow noopener\" target=\"_blank\">nos ocupamos en este otro art\u00edculo<\/a>) y que delata que hoy la censura no necesita de la maquinaria estatal para abrirse paso. La pregunta se impone: \u00bfqu\u00e9 es preferible, que el gendarme est\u00e9 fuera o dentro? Y si est\u00e1 dentro \u00bfes por elecci\u00f3n o por temor?<\/span><\/p>\n<\/div>\n<p>&nbsp;<\/p>\n<blockquote>\n<p style=\"text-align: center;\"><strong><span style=\"font-size: 14pt; color: #008000;\">Hoy la censura no necesita de la maquinaria estatal para abrirse paso. La pregunta se impone: \u00bfqu\u00e9 es preferible, que el gendarme est\u00e9 fuera o dentro? Y si est\u00e1 dentro \u00bfes por elecci\u00f3n o por temor?<\/span><\/strong><\/p>\n<\/blockquote>\n<p>&nbsp;<\/p>\n<div class=\"entry-content parts-content\">\n<p style=\"text-align: justify;\"><span style=\"font-size: 14pt;\">La de hoy es una censura sin rostro, sin un Franco al que apuntar, que pone en cuesti\u00f3n el t\u00f3pico biempensante del progreso moral. Una censura real, interiorizada, insidiosa, como si la sociedad entera hubiera sido sometida a un programa Ludovico de media intensidad que les provocaran reacciones pavlovianas de autodefensa ante determinados est\u00edmulos. \u201c<em>Est\u00e1 muy bien, pero hoy\u2026 No, hoy no podr\u00eda ser. Hoy esa pel\u00edcula ser\u00eda inconcebible<\/em>\u201d.<\/span><\/p>\n<\/div>\n<p>&nbsp;<\/p>\n<p><img loading=\"lazy\" decoding=\"async\" class=\"aligncenter wp-image-2232140\" src=\"https:\/\/puntocritico.com\/ausajpuntocritico\/wp-content\/uploads\/2021\/11\/La_naranja_mec_nica-944007379-large-678x381.jpg\" alt=\"\" width=\"440\" height=\"330\" data-id=\"2232140\" srcset=\"https:\/\/puntocritico.com\/ausajpuntocritico\/wp-content\/uploads\/2021\/11\/La_naranja_mec_nica-944007379-large-300x225.jpg 300w, https:\/\/puntocritico.com\/ausajpuntocritico\/wp-content\/uploads\/2021\/11\/La_naranja_mec_nica-944007379-large-1024x768.jpg 1024w, https:\/\/puntocritico.com\/ausajpuntocritico\/wp-content\/uploads\/2021\/11\/La_naranja_mec_nica-944007379-large-768x576.jpg 768w, https:\/\/puntocritico.com\/ausajpuntocritico\/wp-content\/uploads\/2021\/11\/La_naranja_mec_nica-944007379-large-1536x1152.jpg 1536w, https:\/\/puntocritico.com\/ausajpuntocritico\/wp-content\/uploads\/2021\/11\/La_naranja_mec_nica-944007379-large-610x458.jpg 610w, https:\/\/puntocritico.com\/ausajpuntocritico\/wp-content\/uploads\/2021\/11\/La_naranja_mec_nica-944007379-large-678x509.jpg 678w, https:\/\/puntocritico.com\/ausajpuntocritico\/wp-content\/uploads\/2021\/11\/La_naranja_mec_nica-944007379-large-326x245.jpg 326w, https:\/\/puntocritico.com\/ausajpuntocritico\/wp-content\/uploads\/2021\/11\/La_naranja_mec_nica-944007379-large-80x60.jpg 80w, https:\/\/puntocritico.com\/ausajpuntocritico\/wp-content\/uploads\/2021\/11\/La_naranja_mec_nica-944007379-large-1320x990.jpg 1320w, https:\/\/puntocritico.com\/ausajpuntocritico\/wp-content\/uploads\/2021\/11\/La_naranja_mec_nica-944007379-large.jpg 1600w\" sizes=\"auto, (max-width: 440px) 100vw, 440px\" \/><\/p>\n<p>&nbsp;<\/p>\n<div id=\"vozpopuli-after-article\" class=\" trc_related_container trc_spotlight_widget trc_elastic trc_elastic_thumbnails-a \" data-placement-name=\"Below Article Thumbnails\">\n<div class=\"trc_rbox_container\">\n<div>\n<div id=\"trc_wrapper_27894\" class=\"trc_rbox thumbnails-a trc-content-sponsored \">\n<div id=\"trc_header_27894\" class=\"trc_rbox_header trc_rbox_border_elm\" style=\"text-align: justify;\"><a href=\"https:\/\/puntocritico.com\/ausajpuntocritico\/author\/punto-critico\/\"><img loading=\"lazy\" decoding=\"async\" class=\"aligncenter wp-image-48\" src=\"https:\/\/puntocritico.com\/ausajpuntocritico\/wp-content\/uploads\/2016\/11\/Mosca_Punto_Cr\u00edtico_40.png\" alt=\"\" width=\"80\" height=\"80\" data-id=\"48\" \/><\/a><\/div>\n<div>\u00a0<\/div>\n<\/div>\n<\/div>\n<\/div>\n<\/div>\n","protected":false},"excerpt":{"rendered":"<div class=\"mh-excerpt\"><p>La naranja mec\u00e1nica *** \u201cLa Naranja Mec\u00e1nica\u201d como Paratexto Filos\u00f3fico Pol\u00edtico Por Antonio Jes\u00fas S\u00e1nchez Rodr\u00edguez Odisea Cultural &nbsp; Anthony Burgess (1917-1993) acabar\u00eda renegando, quiz\u00e1 con algo de hipocres\u00eda, de su obra La Naranja Mec\u00e1nica\u00a0(Clockwork <a class=\"mh-excerpt-more\" href=\"https:\/\/puntocritico.com\/ausajpuntocritico\/2024\/05\/25\/la-naranja-mecanica\/\" title=\"LA NARANJA MEC\u00c1NICA Y EL INTEGRISMO WOKE: Paratexto Filos\u00f3fico Pol\u00edtico: \u00abLa naranja mec\u00e1nica\u00bb, (pel\u00edcula de Stanley Kubrick, 1971)\">[&#8230;]<\/a><\/p>\n<\/div>","protected":false},"author":3,"featured_media":2232109,"comment_status":"closed","ping_status":"closed","sticky":false,"template":"","format":"standard","meta":{"_acf_changed":false,"_exactmetrics_skip_tracking":false,"_exactmetrics_sitenote_active":false,"_exactmetrics_sitenote_note":"","_exactmetrics_sitenote_category":0,"footnotes":""},"categories":[10],"tags":[],"class_list":{"0":"post-2298276","1":"post","2":"type-post","3":"status-publish","4":"format-standard","5":"has-post-thumbnail","7":"category-miscelanea"},"acf":[],"_links":{"self":[{"href":"https:\/\/puntocritico.com\/ausajpuntocritico\/wp-json\/wp\/v2\/posts\/2298276","targetHints":{"allow":["GET"]}}],"collection":[{"href":"https:\/\/puntocritico.com\/ausajpuntocritico\/wp-json\/wp\/v2\/posts"}],"about":[{"href":"https:\/\/puntocritico.com\/ausajpuntocritico\/wp-json\/wp\/v2\/types\/post"}],"author":[{"embeddable":true,"href":"https:\/\/puntocritico.com\/ausajpuntocritico\/wp-json\/wp\/v2\/users\/3"}],"replies":[{"embeddable":true,"href":"https:\/\/puntocritico.com\/ausajpuntocritico\/wp-json\/wp\/v2\/comments?post=2298276"}],"version-history":[{"count":0,"href":"https:\/\/puntocritico.com\/ausajpuntocritico\/wp-json\/wp\/v2\/posts\/2298276\/revisions"}],"wp:featuredmedia":[{"embeddable":true,"href":"https:\/\/puntocritico.com\/ausajpuntocritico\/wp-json\/wp\/v2\/media\/2232109"}],"wp:attachment":[{"href":"https:\/\/puntocritico.com\/ausajpuntocritico\/wp-json\/wp\/v2\/media?parent=2298276"}],"wp:term":[{"taxonomy":"category","embeddable":true,"href":"https:\/\/puntocritico.com\/ausajpuntocritico\/wp-json\/wp\/v2\/categories?post=2298276"},{"taxonomy":"post_tag","embeddable":true,"href":"https:\/\/puntocritico.com\/ausajpuntocritico\/wp-json\/wp\/v2\/tags?post=2298276"}],"curies":[{"name":"wp","href":"https:\/\/api.w.org\/{rel}","templated":true}]}}