{"id":2298039,"date":"2024-05-20T00:05:03","date_gmt":"2024-05-19T22:05:03","guid":{"rendered":"https:\/\/puntocritico.com\/ausajpuntocritico\/?p=2298039"},"modified":"2024-05-19T17:51:29","modified_gmt":"2024-05-19T15:51:29","slug":"la-comision-europea-suspende-la-comercializacion-de-la-vacuna-covid-de-astrazeneca","status":"publish","type":"post","link":"https:\/\/puntocritico.com\/ausajpuntocritico\/2024\/05\/20\/la-comision-europea-suspende-la-comercializacion-de-la-vacuna-covid-de-astrazeneca\/","title":{"rendered":"LA SUPERSTICI\u00d3N CIENT\u00cdFICA, UNA NUEVA ESPECIE DE OPIO, por Antonio Gramsci. La Comisi\u00f3n Europea suspende la comercializaci\u00f3n de la VACUNA COVID de ASTRAZENECA (Vaxzevria)"},"content":{"rendered":"<p style=\"text-align: justify;\" align=\"center\"><span style=\"font-size: 14pt; color: #008000;\">La Comisi\u00f3n Europea suspende la comercializaci\u00f3n de la VACUNA COVID de ASTRAZENECA<\/span><\/p>\n<p class=\"entry-title\"><a href=\"https:\/\/puntocritico.com\/ausajpuntocritico\/2020\/04\/01\/indice-pandemia-coronavirus\/\"><span style=\"font-size: 14pt; color: #008000;\">INDICE PANDEMIA CORONAVIRUS<\/span><\/a><\/p>\n\n<p>&nbsp;<\/p>\n<p class=\"mh-meta entry-meta\" style=\"text-align: center;\"><span style=\"font-size: 18pt; color: #008000;\">***<\/span><\/p>\n<blockquote>\n<h2 style=\"text-align: center;\"><strong style=\"font-size: 24pt;\">LA SUPERSTICI\u00d3N CIENT\u00cdFICA, UNA NUEVA ESPECIE DE OPIO<\/strong><\/h2>\n<p style=\"text-align: center;\"><span style=\"font-size: 14pt;\"><strong>\u201cLa superstici\u00f3n cient\u00edfica conlleva ilusiones tan rid\u00edculas y concepciones tan infantiles que hasta la superstici\u00f3n religiosa resulta ennoblecida. <\/strong><\/span><\/p>\n<p style=\"text-align: center;\"><span style=\"font-size: 14pt;\"><strong>El progreso cient\u00edfico ha hecho nacer la creencia expectante en un nuevo tipo de Mes\u00edas que convertir\u00e1 esta tierra en el pa\u00eds de Jauja; como si las fuerzas de la naturaleza, sin que intervenga la fatiga humana, sino por obra de mecanismos cada vez m\u00e1s perfeccionados, fuera a dar a la sociedad, y en abundancia, todo lo necesario para satisfacer sus necesidades y vivir c\u00f3modamente. <\/strong><\/span><\/p>\n<p style=\"text-align: center;\"><span style=\"font-size: 14pt;\"><strong>Hay que combatir esta infatuaci\u00f3n, pues la fe abstracta y supersticiosa en la fuerza taumat\u00fargica del hombre lleva parad\u00f3jicamente a esterilizar las bases mismas de la fuerza humana y contribuye a destruir todo amor por el trabajo concreto y necesario, como si se hubiera fumado una nueva especie de opio\u201c<\/strong><\/span><\/p>\n<p style=\"text-align: justify;\"><span style=\"font-size: 14pt;\">Por <a href=\"https:\/\/puntocritico.com\/ausajpuntocritico\/tag\/gramsci\/\">Antonio Gramsci<\/a><\/span><\/p>\n<p><img loading=\"lazy\" decoding=\"async\" class=\"aligncenter size-medium wp-image-2271896\" src=\"https:\/\/puntocritico.com\/ausajpuntocritico\/wp-content\/uploads\/2023\/04\/Para-Gramsci-supersticion-cientifica-245x300.jpg\" alt=\"\" width=\"245\" height=\"300\" data-id=\"2271896\" srcset=\"https:\/\/puntocritico.com\/ausajpuntocritico\/wp-content\/uploads\/2023\/04\/Para-Gramsci-supersticion-cientifica-245x300.jpg 245w, https:\/\/puntocritico.com\/ausajpuntocritico\/wp-content\/uploads\/2023\/04\/Para-Gramsci-supersticion-cientifica.jpg 253w\" sizes=\"auto, (max-width: 245px) 100vw, 245px\" \/><\/p>\n<p>&nbsp;<\/p>\n<p style=\"text-align: justify;\"><span style=\"font-size: 14pt;\"><strong>H<\/strong>ay que notar que junto a la\u00a0 m\u00e1s superficial infatuaci\u00f3n por la ciencia existe en realidad la mayor de las ignorancias respecto de los hechos y de los m\u00e9todos cient\u00edficos, cosas amabas muy dif\u00edciles y que cada vez tienden a serlo m\u00e1s por la progresiva especializaci\u00f3n en los nuevos campos de investigaci\u00f3n.<\/span><\/p>\n<p style=\"text-align: justify;\"><span style=\"font-size: 14pt;\"><strong>L<\/strong>a superstici\u00f3n cient\u00edfica conlleva ilusiones tan rid\u00edculas y concepciones tan infantiles que hasta la superstici\u00f3n religiosa resulta ennoblecida. El progreso cient\u00edfico ha hecho nacer la creencia expectante en un nuevo tipo de Mes\u00edas que convertir\u00e1 esta tierra en el pa\u00eds de Jauja; como si las fuerzas de la naturaleza, sin que intervenga la fatiga humana, sino por obra de mecanismos cada vez m\u00e1s perfeccionados, fuera a dar a la sociedad, y en abundancia, todo lo necesario para satisfacer sus necesidades y vivir c\u00f3modamente.<\/span><\/p>\n<p style=\"text-align: justify;\"><span style=\"font-size: 14pt;\"><strong>H<\/strong>ay que combatir esta infatuaci\u00f3n, cuyos peligros son evidentes, pues la fe abstracta y supersticiosa en la fuerza taumat\u00fargica del hombre lleva parad\u00f3jicamente a esterilizar las bases mismas de la fuerza humana y contribuye a destruir todo amor por el trabajo concreto y necesario, como si se hubiera fumado una nueva especie de opio.<\/span><\/p>\n<p style=\"text-align: justify;\"><span style=\"font-size: 14pt;\"><strong>Y<\/strong>\u00a0hay que combatirla con varios medios, de los cuales el m\u00e1s importante deber\u00eda ser: facilitar un mejor conocimiento de las nociones cient\u00edficas esenciales. Para ello lo que conviene es que el trabajo de divulgaci\u00f3n de la ciencia lo hagan los propios cient\u00edficos y estudiosos serios, y no periodistas sabelotodo o autodidactas presuntuosos.<\/span><\/p>\n<p style=\"text-align: justify;\"><span style=\"font-size: 14pt;\"><strong>E<\/strong>n realidad, como se espera demasiado de la ciencia, se la concibe como una superior hechicer\u00eda y por eso no se logra valorar de manera realista lo que la ciencia ofrece en concreto.<\/span><\/p>\n<\/blockquote>\n<p>&nbsp;<\/p>\n<p><img loading=\"lazy\" decoding=\"async\" class=\"aligncenter wp-image-2298337\" src=\"https:\/\/puntocritico.com\/ausajpuntocritico\/wp-content\/uploads\/2024\/05\/key-intuition-300x188.jpg\" alt=\"\" width=\"400\" height=\"250\" data-id=\"2298337\" srcset=\"https:\/\/puntocritico.com\/ausajpuntocritico\/wp-content\/uploads\/2024\/05\/key-intuition-300x188.jpg 300w, https:\/\/puntocritico.com\/ausajpuntocritico\/wp-content\/uploads\/2024\/05\/key-intuition-1024x640.jpg 1024w, https:\/\/puntocritico.com\/ausajpuntocritico\/wp-content\/uploads\/2024\/05\/key-intuition-768x480.jpg 768w, https:\/\/puntocritico.com\/ausajpuntocritico\/wp-content\/uploads\/2024\/05\/key-intuition-1536x960.jpg 1536w, https:\/\/puntocritico.com\/ausajpuntocritico\/wp-content\/uploads\/2024\/05\/key-intuition-2048x1280.jpg 2048w, https:\/\/puntocritico.com\/ausajpuntocritico\/wp-content\/uploads\/2024\/05\/key-intuition-1320x825.jpg 1320w\" sizes=\"auto, (max-width: 400px) 100vw, 400px\" \/><\/p>\n<blockquote>\n<p style=\"text-align: center;\"><span style=\"font-size: 18pt; color: #008000;\">* * *<\/span><\/p>\n<p style=\"text-align: justify;\"><span style=\"font-size: 14pt;\"><strong>ANTONIO GRAMSCI<\/strong>,\u00a0<em>Cuaderno 11<\/em>. Para la reforma intelectual y moral, selecci\u00f3n de Francisco Fern\u00e1ndez Buey. Los Libros de la Catarata, 1998<\/span><\/p>\n<\/blockquote>\n<p style=\"text-align: center;\"><strong><span style=\"color: #008000; font-size: 18pt;\">*******<\/span><\/strong><\/p>\n<blockquote><figure id=\"attachment_2234825\" aria-describedby=\"caption-attachment-2234825\" style=\"width: 220px\" class=\"wp-caption aligncenter\"><a href=\"https:\/\/es.wikipedia.org\/wiki\/Miguel_Sebasti%C3%A1n\" target=\"_blank\" rel=\"noopener\"><img loading=\"lazy\" decoding=\"async\" class=\"wp-image-2234825\" src=\"https:\/\/puntocritico.com\/ausajpuntocritico\/wp-content\/uploads\/2021\/11\/Miguel-Sebastian.jpg\" alt=\"\" width=\"220\" height=\"220\" data-id=\"2234825\" \/><\/a><figcaption id=\"caption-attachment-2234825\" class=\"wp-caption-text\"><span style=\"color: #008000;\">Miguel Sebasti\u00e1n, exministro de Industria en el Gobierno de Zapatero (PSOE)<\/span><\/figcaption><\/figure>\n<p style=\"text-align: justify;\">\u00a0<\/p>\n<p style=\"text-align: center;\"><span style=\"font-size: 14pt;\"><em>\u00abEl que est\u00e1 vacunado tambi\u00e9n puede transmitir el covid. Eso es correcto. Pero yo creo que <strong>la idea del pasaporte Covid es hacerles la vida imposible a los que no se quieren vacunar<\/strong>. Eso es de lo que se trata. Es decir, que pueda ir al parque y al supermercado y poco m\u00e1s. Como cuando est\u00e1bamos m\u00e1s o menos confinados. Que no pueda ir ni a los gimnasios, ni a los restaurantes, ni a los conciertos, ni al f\u00fatbol, ni viajar en avi\u00f3n, ni viajar en tren y, si me apuras, incluso ni viajar en metro o en autob\u00fas. \u00c9se es el objetivo del pasaporte covid: hacerle la vida imposible porque no es de recibo que tengamos a 4.022.000 espa\u00f1oles mayores de 12 a\u00f1os que no est\u00e1n vacunados porque no les da la gana, y est\u00e1n poniendo en riesgo la salud y la econom\u00eda del resto de los espa\u00f1oles\u00bb.<\/em><\/span><\/p>\n<p style=\"text-align: justify;\">\u00a0<\/p>\n<\/blockquote>\n<figure id=\"attachment_2238224\" aria-describedby=\"caption-attachment-2238224\" style=\"width: 480px\" class=\"wp-caption aligncenter\"><img loading=\"lazy\" decoding=\"async\" class=\"wp-image-2238224\" src=\"https:\/\/puntocritico.com\/ausajpuntocritico\/wp-content\/uploads\/2022\/01\/El-miedo-es-el-virus.png\" alt=\"LOS NO VACUNADOS\" width=\"480\" height=\"288\" data-id=\"2238224\" srcset=\"https:\/\/puntocritico.com\/ausajpuntocritico\/wp-content\/uploads\/2022\/01\/El-miedo-es-el-virus.png 810w, https:\/\/puntocritico.com\/ausajpuntocritico\/wp-content\/uploads\/2022\/01\/El-miedo-es-el-virus-300x180.png 300w, https:\/\/puntocritico.com\/ausajpuntocritico\/wp-content\/uploads\/2022\/01\/El-miedo-es-el-virus-768x461.png 768w, https:\/\/puntocritico.com\/ausajpuntocritico\/wp-content\/uploads\/2022\/01\/El-miedo-es-el-virus-610x366.png 610w\" sizes=\"auto, (max-width: 480px) 100vw, 480px\" \/><figcaption id=\"caption-attachment-2238224\" class=\"wp-caption-text\"><span style=\"font-size: 12pt;\"><span style=\"color: #008000;\"><strong>El consentimiento informado tiene sus ra\u00edces legales en 1947 con el C\u00f3digo de N\u00faremberg<\/strong>, a trav\u00e9s del cual se juzg\u00f3 a un grupo de m\u00e9dicos acusados de realizar <strong>experimentos caracterizados como cr\u00edmenes en contra de la humanidad<\/strong>, cometidos contra prisioneros de guerra en campos de concentraci\u00f3n nazis durante la Segunda Guerra Mundial, los cuales se realizaban sin informaci\u00f3n o consentimiento sobre los riesgos a los que se enfrentaban las v\u00edctimas. (<a style=\"color: #008000;\" href=\"https:\/\/es.wikipedia.org\/wiki\/Consentimiento_informado\" target=\"_blank\" rel=\"noopener\">Wikipedia<\/a>)<\/span><\/span><\/figcaption><\/figure>\n<p style=\"text-align: center;\"><strong><span style=\"color: #008000; font-size: 18pt;\">*******<\/span><\/strong><\/p>\n<h2 style=\"text-align: center;\"><span style=\"font-size: 24pt;\">DESCARGA:\u00a0<\/span><span style=\"font-size: 24pt;\">Decisi\u00f3n Ejecutiva de la Comisi\u00f3n Europea (Retirada de la vacuna del COVID 19 de Astra-Z\u00e9neca, \u00abVaxzevria\u00bb)<\/span><\/h2>\n<p style=\"text-align: center;\"><a href=\"https:\/\/puntocritico.com\/ausajpuntocritico\/wp-content\/uploads\/2024\/05\/Com-UE-Decision-ejecutiva-27-3-24-retirada-de-Vaxzevria-Vacuna-COVID-19-astrazeneca.pdf\"><strong><span style=\"font-size: 14pt; color: #008000;\">DESCAGA LA DECISI\u00d3N EJECUTIVA DE LA COMISI\u00d3N EUROPEA SUSPENDIENDO LA AUTORIZACI\u00d3N DE LA VACUNA DE ASTRAZENECA<\/span><\/strong><\/a><\/p>\n<p>&nbsp;<\/p>\n<p><a href=\"https:\/\/puntocritico.com\/ausajpuntocritico\/wp-content\/uploads\/2024\/05\/Com-UE-Decision-ejecutiva-27-3-24-retirada-de-Vaxzevria-Vacuna-COVID-19-astrazeneca.pdf\"><img loading=\"lazy\" decoding=\"async\" class=\"aligncenter wp-image-2298153 size-mh-magazine-content\" src=\"https:\/\/puntocritico.com\/ausajpuntocritico\/wp-content\/uploads\/2024\/05\/Decision-ejecutiva-de-la-Comision-Europea-de-retirada-de-la-vacuna-del-COVID-19-de-Astra-Zeneca-Vaxzevria-678x381.png\" alt=\"LA COMISI\u00d3N EUROPEA SUSPENDE LA COMERCIALIZACI\u00d3N DE LA VACUNA COVID DE ASTRAZENECA\" width=\"678\" height=\"381\" data-id=\"2298153\" \/><\/a><\/p>\n<p style=\"text-align: center;\"><strong><span style=\"color: #008000; font-size: 18pt;\">*******<\/span><\/strong><\/p>\n<div id=\"titulo-noticia\" class=\"elementor-element elementor-element-1cdef16 elementor-widget elementor-widget-theme-post-title elementor-page-title elementor-widget-heading\" data-id=\"1cdef16\" data-element_type=\"widget\" data-widget_type=\"theme-post-title.default\">\n<div class=\"elementor-widget-container\">\n<h2 style=\"text-align: center;\"><span style=\"font-size: 24pt;\">LA COMISI\u00d3N EUROPEA SUSPENDE LA COMERCIALIZACI\u00d3N DE LA VACUNA COVID DE ASTRAZENECA<\/span><\/h2>\n<\/div>\n<\/div>\n<div class=\"elementor-element elementor-element-2be9017 extracto elementor-widget elementor-widget-theme-post-excerpt\" data-id=\"2be9017\" data-element_type=\"widget\" data-widget_type=\"theme-post-excerpt.default\">\n<div class=\"elementor-widget-container\" style=\"text-align: center;\"><strong><span style=\"font-size: 18pt;\">La compa\u00f1\u00eda pidi\u00f3 su retirada la retirada de autorizaci\u00f3n el pasado 5 de marzo<\/span><\/strong><\/div>\n<div>\u00a0<\/div>\n<div style=\"text-align: center;\"><strong><em><span style=\"font-size: 14pt;\">En Espa\u00f1a, seg\u00fan las cifras aportadas por el Ministerio de Sanidad, se han administrado\u00a09,7 millones de dosis<\/span><\/em><\/strong><\/div>\n<div>\u00a0<\/div>\n<div style=\"text-align: justify;\"><span style=\"font-size: 14pt;\"><a href=\"https:\/\/diariofarma.com\/2024\/05\/06\/la-comision-europea-suspende-la-comercializacion-de-la-vacuna-covid-de-az\" target=\"_blank\" rel=\"noopener\">Diariofarma<\/a>, 6 MAYO 2024<\/span><\/div>\n<div><img loading=\"lazy\" decoding=\"async\" class=\"aligncenter wp-image-2298159\" src=\"https:\/\/puntocritico.com\/ausajpuntocritico\/wp-content\/uploads\/2024\/05\/Vacuna-covid-19-AstraZeneca-5-800x533.jpg-678x381.webp\" alt=\"\" width=\"480\" height=\"320\" data-id=\"2298159\" srcset=\"https:\/\/puntocritico.com\/ausajpuntocritico\/wp-content\/uploads\/2024\/05\/Vacuna-covid-19-AstraZeneca-5-800x533.jpg-300x200.webp 300w, https:\/\/puntocritico.com\/ausajpuntocritico\/wp-content\/uploads\/2024\/05\/Vacuna-covid-19-AstraZeneca-5-800x533.jpg-768x512.webp 768w, https:\/\/puntocritico.com\/ausajpuntocritico\/wp-content\/uploads\/2024\/05\/Vacuna-covid-19-AstraZeneca-5-800x533.jpg.webp 800w\" sizes=\"auto, (max-width: 480px) 100vw, 480px\" \/><\/div>\n<\/div>\n<p>&nbsp;<\/p>\n<div class=\"postmeta-footer__author__info\">\n<div class=\"postmeta-footer__author__avatar\">\n<p style=\"text-align: justify;\"><span style=\"font-size: 14pt;\">La\u00a0Comisi\u00f3n Europea\u00a0ha anunciado este lunes la <strong>suspensi\u00f3n de comercializaci\u00f3n de la vacuna Vaxzevria<\/strong>, desarrollada por\u00a0<strong>AstraZeneca<\/strong>\u00a0para hacer frente al Covid. L<strong>a suspensi\u00f3n se realiza a petici\u00f3n de la propia compa\u00f1\u00eda, que el pasado 5 de marzo realiz\u00f3 una solicitud en este sentido a las autoridades europeas. La vacuna dejar\u00e1 de estar autorizada este mismo martes.<\/strong><\/span><\/p>\n<p style=\"text-align: justify;\"><span style=\"font-size: 14pt;\">\u201c<em>La comercializaci\u00f3n del medicamento <strong>Vaxzevria<\/strong> &#8211; Vacuna\u00a0Covid-19\u00a0(ChAdOx1-S [recombinante]), inscrito en el Registro de Medicamentos de la Uni\u00f3n con el n\u00famero EU\/1\/21\/1529, fue autorizada por la Decisi\u00f3n C(2021) 698(final) de la Comisi\u00f3n, de 29 de enero de 2021. A petici\u00f3n del titular, procede retirar dicha autorizaci\u00f3n<\/em>\u201d.<\/span><\/p>\n<p style=\"text-align: justify;\"><span style=\"font-size: 14pt;\">La retirada del compuesto est\u00e1 condicionada a los efectos adversos especialmente relacionados con trombosis en casos muy raros y que ya fueron dados a conocer durante la pandemia. N<strong>o obstante, en la actualidad la compa\u00f1\u00eda tiene abierta en\u00a0Reino Unido\u00a0una demanda colectiva de 51 casos de v\u00edctimas y familiares que reclaman a AstraZeneca 100 millones de libras por da\u00f1os y perjuicios ocasionados por los efectos secundarios de la vacuna.<\/strong>\u00a0Desde <strong>AZ<\/strong> se asegura que la raz\u00f3n de la retirada tiene otros motivos: \u00ab<em>Dado que se han desarrollado m\u00faltiples\u00a0vacunas\u00a0actualizadas para variantes de covid-19, ahora hay un excedente de vacunas disponibles. Esto ha provocado una disminuci\u00f3n en la demanda de Vaxzervria, que ya no se fabrica ni suministra<\/em>\u00ab.<\/span><\/p>\n<p style=\"text-align: justify;\"><span style=\"font-size: 14pt;\">Desde la pandemia se han administrado unos\u00a0<strong>68 millones de Vaxzevria y fue autorizada por la\u00a0Agencia Europea del Medicamento\u00a0como \u201c<em>segura y eficaz<\/em>\u201d,<\/strong> cuando le concedi\u00f3 la autorizaci\u00f3n de comercializaci\u00f3n para el conjunto de la UE. En Espa\u00f1a, seg\u00fan las cifras aportadas por el Ministerio de Sanidad, se han administrado\u00a0<strong>9,7 millones de dosis<\/strong>.<\/span><\/p>\n<p style=\"text-align: justify;\"><span style=\"font-size: 14pt;\">En mayo de 2021 la\u00a0<strong>Agencia Espa\u00f1ola de Medicamentos\u00a0y Productos Sanitarios<\/strong> anunci\u00f3 que estaba evaluando tres posibles efectos secundarios de esta vacuna: el <em>s\u00edndrome de trombosis con trombocitopenia<\/em>,<em> el s\u00edndrome de fuga capilar<\/em> y el <em>s\u00edndrome de Guillain-Barr\u00e9<\/em>.<\/span><\/p>\n<p style=\"text-align: justify;\"><span style=\"font-size: 14pt;\">El texto reconoc\u00eda la aparici\u00f3n trombosis venosas en lugares poco habituales como los senos venosos cerebrales (<em>donde los co\u00e1gulos de sangre impiden el drenaje al exterior del cerebro<\/em>), o las venas espl\u00e1cnicas (<em>que involucran a una o m\u00e1s venas de los \u00f3rganos abdominales<\/em>), y trombosis arteriales. La mayor\u00eda de los casos sucedieron durante los primeros 14 d\u00edas tras la vacunaci\u00f3n y en menores de 60 a\u00f1os; algunos de los casos fueron mortales, si bien no se pudieron identificar factores de riesgo espec\u00edficos.<\/span><\/p>\n<p style=\"text-align: justify;\"><span style=\"font-size: 14pt;\">La <strong>Aemps<\/strong> incluy\u00f3 las trombosis con trombocitopenia en el prospecto de la vacuna de <strong>AstraZeneca<\/strong>, a\u00f1adiendo que estos casos se daban \u201c<em>muy raramente<\/em>\u201d y alertaban a los\u00a0pacientes\u00a0sobre los s\u00edntomas para tener una atenci\u00f3n inmediata.<\/span><\/p>\n<p style=\"text-align: justify;\"><span style=\"font-size: 14pt;\"><strong>El 17 de marzo de 2021<\/strong>, la <strong>Agencia Espa\u00f1ola de Medicamentos y Productos Sanitarios<\/strong> emiti\u00f3\u00a0<a href=\"https:\/\/www.aemps.gob.es\/la-aemps\/ultima-informacion-de-la-aemps-acerca-del-covid%e2%80%9119\/vacunas-contra-la-covid%e2%80%9119\/suspension-cautelar-de-la-vacunacion-con-astrazeneca-preguntas-frecuentes\/\" target=\"_blank\" rel=\"nofollow noopener\" data-schema-attribute=\"\">un comunicado<\/a>\u00a0anunciado\u00a0<strong>la suspensi\u00f3n cautelar de la vacunaci\u00f3n con este compuesto.\u00a0<\/strong>Seg\u00fan explic\u00f3 la <strong>Aemps<\/strong>, hab\u00eda venido \u00ab<em>informando a lo largo de la \u00faltima semana de la notificaci\u00f3n de varios acontecimientos adversos tromb\u00f3ticos poco frecuentes temporalmente relacionados con la administraci\u00f3n de la vacuna de AstraZenec<\/em>a\u00bb. En este contexto, la mayor\u00eda de pa\u00edses de la\u00a0Uni\u00f3n Europea, incluido Espa\u00f1a,<strong>\u00a0\u00ab<em>han considerado prudente suspender temporalmente la vacunaci\u00f3n con esta vacuna mientras las agencias reguladoras europeas eval\u00faan si estos acontecimientos est\u00e1n relacionados o no con la vacuna<\/em>\u00ab<\/strong>.<\/span><\/p>\n<p style=\"text-align: justify;\"><span style=\"font-size: 14pt;\">Desde la filial espa\u00f1ola de AZ se ha emitido un comunicado oficial en el que destacan\u00a0<strong>el papel crucial de la vacuna y no vincula directamente la retirada de la vacuna en Europa con el proceso judicial abierto, sino con un excedente de vacunas disponible y una disminuci\u00f3n de la demanda<\/strong>.<\/span><\/p>\n<\/div>\n<\/div>\n<p>&nbsp;<\/p>\n<figure id=\"attachment_2298157\" aria-describedby=\"caption-attachment-2298157\" style=\"width: 400px\" class=\"wp-caption aligncenter\"><img loading=\"lazy\" decoding=\"async\" class=\"wp-image-2298157\" src=\"https:\/\/puntocritico.com\/ausajpuntocritico\/wp-content\/uploads\/2024\/05\/vacuna-covid-astrazeneca-300x169.webp\" alt=\"La Comisi\u00f3n Europea suspende la comercializaci\u00f3n de la VACUNA COVID de ASTRAZENECA (Vaxzevria)\" width=\"400\" height=\"225\" data-id=\"2298157\" srcset=\"https:\/\/puntocritico.com\/ausajpuntocritico\/wp-content\/uploads\/2024\/05\/vacuna-covid-astrazeneca-300x169.webp 300w, https:\/\/puntocritico.com\/ausajpuntocritico\/wp-content\/uploads\/2024\/05\/vacuna-covid-astrazeneca-1024x576.webp 1024w, https:\/\/puntocritico.com\/ausajpuntocritico\/wp-content\/uploads\/2024\/05\/vacuna-covid-astrazeneca-768x432.webp 768w, https:\/\/puntocritico.com\/ausajpuntocritico\/wp-content\/uploads\/2024\/05\/vacuna-covid-astrazeneca-678x381.webp 678w, https:\/\/puntocritico.com\/ausajpuntocritico\/wp-content\/uploads\/2024\/05\/vacuna-covid-astrazeneca.webp 1200w\" sizes=\"auto, (max-width: 400px) 100vw, 400px\" \/><figcaption id=\"caption-attachment-2298157\" class=\"wp-caption-text\"><span style=\"color: #008000;\">Vacunaci\u00f3n<\/span><\/figcaption><\/figure>\n<p style=\"text-align: center;\"><strong><span style=\"color: #008000; font-size: 18pt;\">*******<\/span><\/strong><\/p>\n<h2 style=\"text-align: center;\"><span style=\"font-size: 24pt;\"><strong>NO EXISTE OBLIGACI\u00d3N LEGAL DE VACUNACI\u00d3N<\/strong><\/span><\/h2>\n<figure id=\"attachment_2242067\" aria-describedby=\"caption-attachment-2242067\" style=\"width: 440px\" class=\"wp-caption aligncenter\"><a href=\"https:\/\/puntocritico.com\/ausajpuntocritico\/2022\/03\/17\/covid-mascarillas-y-vacunas-para-ninos\/\"><img loading=\"lazy\" decoding=\"async\" class=\"wp-image-2242067\" src=\"https:\/\/puntocritico.com\/ausajpuntocritico\/wp-content\/uploads\/2022\/03\/covid-masks-for-kids-PPAL-300x199.jpg\" alt=\"\" width=\"440\" height=\"292\" data-id=\"2242067\" srcset=\"https:\/\/puntocritico.com\/ausajpuntocritico\/wp-content\/uploads\/2022\/03\/covid-masks-for-kids-PPAL-300x199.jpg 300w, https:\/\/puntocritico.com\/ausajpuntocritico\/wp-content\/uploads\/2022\/03\/covid-masks-for-kids-PPAL-610x405.jpg 610w, https:\/\/puntocritico.com\/ausajpuntocritico\/wp-content\/uploads\/2022\/03\/covid-masks-for-kids-PPAL-678x452.jpg 678w, https:\/\/puntocritico.com\/ausajpuntocritico\/wp-content\/uploads\/2022\/03\/covid-masks-for-kids-PPAL.jpg 680w\" sizes=\"auto, (max-width: 440px) 100vw, 440px\" \/><\/a><figcaption id=\"caption-attachment-2242067\" class=\"wp-caption-text\"><span style=\"color: #008000;\">COVID: Mascarillas y Vacunas para ni\u00f1os. \u00abEs la compulsi\u00f3n la que necesita ser restringida\u00bb. <\/span><\/figcaption><\/figure>\n<p>&nbsp;<\/p>\n<h3 style=\"text-align: center;\"><span style=\"font-size: 24pt;\"><strong>La coacci\u00f3n y la incitaci\u00f3n al odio a los no vacunados pueden ser constitutivas de delito\u00a0<\/strong><\/span><\/h3>\n<p style=\"text-align: center;\"><span style=\"font-size: 14pt;\"><em><strong>Por una parte, se les pretende forzar a hacer lo que la Ley no les exige (vacunarse), y por otra, obligarlos a prestar su Consentimiento (que la Ley define como Previo, Informado, Libre y Voluntario, que es siempre Revocable), o bien a otorgarlo sin disponer de la Informaci\u00f3n (Adecuada y Previa al Consentimiento), a que tienen derecho<\/strong><\/em><\/span><\/p>\n<p><span style=\"font-size: 14pt;\"><a href=\"https:\/\/puntocritico.com\/ausajpuntocritico\/2022\/01\/10\/los-no-vacunados\/\">AUSAJ<\/a>, 10 ENERO 2022<\/span><\/p>\n<figure id=\"attachment_2238210\" aria-describedby=\"caption-attachment-2238210\" style=\"width: 440px\" class=\"wp-caption aligncenter\"><a href=\"https:\/\/elpais.com\/sociedad\/2022-01-04\/macron-dice-que-quiere-fastidiar-a-los-no-vacunados.html\" target=\"_blank\" rel=\"noopener\"><img loading=\"lazy\" decoding=\"async\" class=\"wp-image-2238210\" src=\"https:\/\/puntocritico.com\/ausajpuntocritico\/wp-content\/uploads\/2022\/01\/Macron-peleando.jpg\" alt=\"LOS NO VACUNADOS\" width=\"440\" height=\"293\" data-id=\"2238210\" srcset=\"https:\/\/puntocritico.com\/ausajpuntocritico\/wp-content\/uploads\/2022\/01\/Macron-peleando.jpg 1960w, https:\/\/puntocritico.com\/ausajpuntocritico\/wp-content\/uploads\/2022\/01\/Macron-peleando-300x200.jpg 300w, https:\/\/puntocritico.com\/ausajpuntocritico\/wp-content\/uploads\/2022\/01\/Macron-peleando-1024x683.jpg 1024w, https:\/\/puntocritico.com\/ausajpuntocritico\/wp-content\/uploads\/2022\/01\/Macron-peleando-768x512.jpg 768w, https:\/\/puntocritico.com\/ausajpuntocritico\/wp-content\/uploads\/2022\/01\/Macron-peleando-1536x1024.jpg 1536w, https:\/\/puntocritico.com\/ausajpuntocritico\/wp-content\/uploads\/2022\/01\/Macron-peleando-610x407.jpg 610w, https:\/\/puntocritico.com\/ausajpuntocritico\/wp-content\/uploads\/2022\/01\/Macron-peleando-1320x880.jpg 1320w\" sizes=\"auto, (max-width: 440px) 100vw, 440px\" \/><\/a><figcaption id=\"caption-attachment-2238210\" class=\"wp-caption-text\"><span style=\"color: #008000;\">En una entrevista con el diario \u2018Le Parisien\u2019 Emmanuel Macron, advirti\u00f3 que ten\u00eda ganas de \u201cjoder\u201d a los no vacunados: les limitar\u00e1 la actividad social. Foto: AP\u00a0<\/span><\/figcaption><\/figure>\n<p style=\"text-align: center;\"><strong><span style=\"color: #008000; font-size: 18pt;\">***<\/span><\/strong><\/p>\n<h4 class=\"documento-tit\" style=\"text-align: center;\"><span style=\"font-size: 18pt;\"><a href=\"https:\/\/www.boe.es\/buscar\/act.php?id=BOE-A-2002-22188\" target=\"_blank\" rel=\"noopener\">Ley 41\/2002, de 14 de noviembre<\/a>, b\u00e1sica reguladora de la autonom\u00eda del paciente y de derechos y obligaciones en materia de informaci\u00f3n y documentaci\u00f3n cl\u00ednica.<\/span><\/h4>\n<div class=\"metadatosDoc\">\n<div>\u00a0<\/div>\n<div class=\"metadatos\" style=\"text-align: justify;\"><strong><span style=\"font-size: 14pt;\"><span style=\"text-decoration: underline;\">Art\u00edculo 2. Principios b\u00e1sicos<\/span>. <\/span><\/strong><\/div>\n<div>\u00a0<\/div>\n<div class=\"metadatos\" style=\"text-align: justify;\"><span style=\"font-size: 14pt;\">1. La dignidad de la persona humana, el respeto a la autonom\u00eda de su voluntad y a su intimidad orientar\u00e1n toda la actividad encaminada a obtener, utilizar, archivar, custodiar y transmitir la informaci\u00f3n y la documentaci\u00f3n cl\u00ednica. <\/span><\/div>\n<div>\u00a0<\/div>\n<div class=\"metadatos\" style=\"text-align: justify;\"><span style=\"font-size: 14pt;\"><strong>2. Toda actuaci\u00f3n en el \u00e1mbito de la sanidad requiere, con car\u00e1cter general, el previo consentimiento de los pacientes o usuarios. El consentimiento, que debe obtenerse despu\u00e9s de que el paciente reciba una informaci\u00f3n adecuada, se har\u00e1 por escrito en los supuestos previstos en la Ley.<\/strong><\/span><\/div>\n<div>\u00a0<\/div>\n<div class=\"metadatos\" style=\"text-align: justify;\"><span style=\"font-size: 14pt;\"><strong>3. El paciente o usuario tiene derecho a decidir libremente, despu\u00e9s de recibir la informaci\u00f3n adecuada, entre las opciones cl\u00ednicas disponibles.<\/strong><\/span><\/div>\n<div>\u00a0<\/div>\n<div class=\"metadatos\" style=\"text-align: justify;\"><span style=\"font-size: 14pt;\"><strong>4. Todo paciente o usuario tiene derecho a negarse al tratamiento, excepto en los casos determinados en la Ley. Su negativa al tratamiento constar\u00e1 por escrito.<\/strong><\/span><\/div>\n<div>\u00a0<\/div>\n<div class=\"metadatos\" style=\"text-align: justify;\"><span style=\"font-size: 14pt;\">5. Los pacientes o usuarios tienen el deber de facilitar los datos sobre su estado f\u00edsico o sobre su salud de manera leal y verdadera, as\u00ed como el de colaborar en su obtenci\u00f3n, especialmente cuando sean necesarios por razones de inter\u00e9s p\u00fablico o con motivo de la asistencia sanitaria. <\/span><\/div>\n<div>\u00a0<\/div>\n<div class=\"metadatos\" style=\"text-align: justify;\"><span style=\"font-size: 14pt;\">6. Todo profesional que interviene en la actividad asistencial est\u00e1 obligado no s\u00f3lo a la correcta prestaci\u00f3n de sus t\u00e9cnicas, sino al cumplimiento de los deberes de informaci\u00f3n y de documentaci\u00f3n cl\u00ednica, y al <strong>respeto de las decisiones adoptadas libre y voluntariamente por el paciente<\/strong>. <\/span><\/div>\n<div>\u00a0<\/div>\n<div class=\"metadatos\" style=\"text-align: justify;\"><span style=\"font-size: 14pt;\">7. La persona que elabore o tenga acceso a la informaci\u00f3n y la documentaci\u00f3n cl\u00ednica est\u00e1 obligada a guardar la reserva debida.<\/span><\/div>\n<\/div>\n<p style=\"text-align: center;\"><span style=\"color: #008000;\"><strong><span style=\"font-size: 18pt;\">***<\/span><\/strong><\/span><\/p>\n<p style=\"text-align: justify;\"><span style=\"font-size: 14pt;\"><strong><span style=\"text-decoration: underline;\">Art\u00edculo 8. Consentimiento informado<\/span>.<\/strong><\/span><\/p>\n<p style=\"text-align: justify;\"><strong><span style=\"font-size: 14pt;\">1.\u2003Toda actuaci\u00f3n en el \u00e1mbito de la salud de un paciente necesita el consentimiento libre y voluntario del afectado, una vez que, recibida la informaci\u00f3n prevista en el art\u00edculo 4, haya valorado las opciones propias del caso.<\/span><\/strong><\/p>\n<p style=\"text-align: justify;\"><span style=\"font-size: 14pt;\">2.\u2003El consentimiento ser\u00e1 verbal por regla general. Sin embargo, se prestar\u00e1 por escrito en los casos siguientes: intervenci\u00f3n quir\u00fargica, procedimientos diagn\u00f3sticos y terap\u00e9uticos invasores y, en general, aplicaci\u00f3n de procedimientos que suponen riesgos o inconvenientes de notoria y previsible repercusi\u00f3n negativa sobre la salud del paciente.<\/span><\/p>\n<p style=\"text-align: justify;\"><span style=\"font-size: 14pt;\">3.\u2003El consentimiento escrito del paciente ser\u00e1 necesario para cada una de las actuaciones especificadas en el punto anterior de este art\u00edculo, dejando a salvo la posibilidad de incorporar anejos y otros datos de car\u00e1cter general, y tendr\u00e1 informaci\u00f3n suficiente sobre el procedimiento de aplicaci\u00f3n y sobre sus riesgos.<\/span><\/p>\n<p style=\"text-align: justify;\"><span style=\"font-size: 14pt;\">4.\u2003Todo paciente o usuario tiene derecho a ser advertido sobre la posibilidad de utilizar los procedimientos de pron\u00f3stico, diagn\u00f3stico y terap\u00e9uticos que se le apliquen en un proyecto docente o de investigaci\u00f3n, que en ning\u00fan caso podr\u00e1 comportar riesgo adicional para su salud.<\/span><\/p>\n<p style=\"text-align: justify;\"><strong><span style=\"font-size: 14pt;\">5.\u2003El paciente puede revocar libremente por escrito su consentimiento en cualquier momento.<\/span><\/strong><\/p>\n<p style=\"text-align: center;\"><span style=\"color: #008000;\"><strong><span style=\"font-size: 18pt;\">***<\/span><\/strong><\/span><\/p>\n<p style=\"text-align: justify;\"><span style=\"font-size: 14pt;\"><strong><span style=\"text-decoration: underline;\">Art\u00edculo 9. L\u00edmites del consentimiento informado y consentimiento por representaci\u00f3n<\/span>.<\/strong><\/span><\/p>\n<p style=\"text-align: justify;\"><span style=\"font-size: 14pt;\">1- <strong>La renuncia del paciente a recibir informaci\u00f3n est\u00e1 limitada por el inter\u00e9s de la salud del propio paciente, de terceros, de la colectividad y por las exigencias terap\u00e9uticas del caso<\/strong>. Cuando el paciente manifieste expresamente su deseo de no ser informado, se respetar\u00e1 su voluntad haciendo constar su renuncia documentalmente, sin perjuicio de la obtenci\u00f3n de su consentimiento previo para la intervenci\u00f3n.<\/span><\/p>\n<p style=\"text-align: justify;\"><strong><span style=\"font-size: 14pt;\">2. Los facultativos podr\u00e1n llevar a cabo las intervenciones cl\u00ednicas indispensables en favor de la salud del paciente, sin necesidad de contar con su consentimiento, en los siguientes casos:<\/span><\/strong><\/p>\n<p style=\"padding-left: 40px; text-align: justify;\"><span style=\"font-size: 14pt;\">a) Cuando existe riesgo para la salud p\u00fablica a causa de razones sanitarias <strong>establecidas por la Ley<\/strong>. En todo caso, una vez adoptadas las medidas pertinentes, de conformidad con lo establecido en la <a href=\"https:\/\/www.boe.es\/buscar\/act.php?id=BOE-A-1986-10498\" target=\"_blank\" rel=\"noopener\"><u>Ley Org\u00e1nica 3\/1986<\/u><\/a>, se comunicar\u00e1n a la autoridad judicial en el plazo m\u00e1ximo de 24 horas siempre que dispongan el internamiento obligatorio de personas.<\/span><\/p>\n<p style=\"padding-left: 40px; text-align: justify;\"><span style=\"font-size: 14pt;\">b) Cuando existe riesgo inmediato grave para la integridad f\u00edsica o ps\u00edquica del enfermo y no es posible conseguir su autorizaci\u00f3n, consultando, cuando las circunstancias lo permitan, a sus familiares o a las personas vinculadas de hecho a \u00e9l.<\/span><\/p>\n<p style=\"text-align: justify;\"><span style=\"font-size: 14pt;\">3.- Se otorgar\u00e1 el consentimiento por representaci\u00f3n en los siguientes supuestos:<\/span><\/p>\n<p style=\"padding-left: 40px; text-align: justify;\"><span style=\"font-size: 14pt;\">a) Cuando el paciente no sea capaz de tomar decisiones, a criterio del m\u00e9dico responsable de la asistencia, o su estado f\u00edsico o ps\u00edquico no le permita hacerse cargo de su situaci\u00f3n. Si el paciente carece de representante legal, el consentimiento lo prestar\u00e1n las personas vinculadas a \u00e9l por razones familiares o de hecho.<\/span><\/p>\n<p style=\"padding-left: 40px; text-align: justify;\"><span style=\"font-size: 14pt;\">b) Cuando el paciente tenga la capacidad modificada judicialmente y as\u00ed conste en la sentencia.<\/span><\/p>\n<p style=\"padding-left: 40px; text-align: justify;\"><span style=\"font-size: 14pt;\">c) Cuando el paciente menor de edad no sea capaz intelectual ni emocionalmente de comprender el alcance de la intervenci\u00f3n. En este caso, el consentimiento lo dar\u00e1 el representante legal del menor, despu\u00e9s de haber escuchado su opini\u00f3n, conforme a lo dispuesto en el <u>art\u00edculo 9<\/u>de la<u> Ley Org\u00e1nica 1\/1996, de 15 de enero <\/u>, de Protecci\u00f3n Jur\u00eddica del Menor.<\/span><\/p>\n<p style=\"text-align: justify;\"><span style=\"font-size: 14pt;\">4.- Cuando se trate de menores emancipados o mayores de 16 a\u00f1os que no se encuentren en los supuestos b) y c) del apartado anterior, no cabe prestar el consentimiento por representaci\u00f3n.<\/span><\/p>\n<p style=\"text-align: justify;\"><span style=\"font-size: 14pt;\">No obstante lo dispuesto en el p\u00e1rrafo anterior, cuando se trate de una actuaci\u00f3n de grave riesgo para la vida o salud del menor, seg\u00fan el criterio del facultativo, el consentimiento lo prestar\u00e1 el representante legal del menor, una vez o\u00edda y tenida en cuenta la opini\u00f3n del mismo.<\/span><\/p>\n<p style=\"text-align: justify;\"><span style=\"font-size: 14pt;\">5.- La pr\u00e1ctica de ensayos cl\u00ednicos y la pr\u00e1ctica de t\u00e9cnicas de reproducci\u00f3n humana asistida se rigen por lo establecido con car\u00e1cter general sobre la mayor\u00eda de edad y por las disposiciones especiales de aplicaci\u00f3n.<\/span><\/p>\n<p style=\"text-align: justify;\"><span style=\"font-size: 14pt;\">Para la interrupci\u00f3n voluntaria del embarazo de menores de edad o personas con capacidad modificada judicialmente ser\u00e1 preciso, adem\u00e1s de su manifestaci\u00f3n de voluntad, el consentimiento expreso de sus representantes legales. En este caso, los conflictos que surjan en cuanto a la prestaci\u00f3n del consentimiento por parte de los representantes legales, se resolver\u00e1n de conformidad con lo dispuesto en el<u> C\u00f3digo Civil<\/u>.<\/span><\/p>\n<p style=\"text-align: justify;\"><span style=\"font-size: 14pt;\">6.- En los casos en los que el consentimiento haya de otorgarlo el representante legal o las personas vinculadas por razones familiares o de hecho en cualquiera de los supuestos descritos en los apartados 3 a 5, la decisi\u00f3n deber\u00e1 adoptarse atendiendo siempre al mayor beneficio para la vida o salud del paciente. Aquellas decisiones que sean contrarias a dichos intereses deber\u00e1n ponerse en conocimiento de la autoridad judicial, directamente o a trav\u00e9s del Ministerio Fiscal, para que adopte la resoluci\u00f3n correspondiente, salvo que, por razones de urgencia, no fuera posible recabar la autorizaci\u00f3n judicial, en cuyo caso los profesionales sanitarios adoptar\u00e1n las medidas necesarias en salvaguarda de la vida o salud del paciente, amparados por las causas de justificaci\u00f3n de cumplimiento de un deber y de estado de necesidad.<\/span><\/p>\n<p style=\"text-align: justify;\"><span style=\"font-size: 14pt;\">7.- La prestaci\u00f3n del consentimiento por representaci\u00f3n ser\u00e1 adecuada a las circunstancias y proporcionada a las necesidades que haya que atender, siempre en favor del paciente y con respeto a su dignidad personal. El paciente participar\u00e1 en la medida de lo posible en la toma de decisiones a lo largo del proceso sanitario. Si el paciente es una persona con discapacidad, se le ofrecer\u00e1n las medidas de apoyo pertinentes, incluida la informaci\u00f3n en formatos adecuados, siguiendo las reglas marcadas por el principio del dise\u00f1o para todos de manera que resulten accesibles y comprensibles a las personas con discapacidad, para favorecer que pueda prestar por s\u00ed su consentimiento.<\/span><\/p>\n<p style=\"text-align: justify;\">\u00a0<\/p>\n<p><img loading=\"lazy\" decoding=\"async\" class=\"aligncenter wp-image-2234647\" src=\"https:\/\/puntocritico.com\/ausajpuntocritico\/wp-content\/uploads\/2021\/12\/El-triple-alegato-de-1984-contra-el-totalitarismo-la-vigilancia-y-la-desinformacion.jpg\" alt=\"\" width=\"400\" height=\"267\" data-id=\"2234647\" srcset=\"https:\/\/puntocritico.com\/ausajpuntocritico\/wp-content\/uploads\/2021\/12\/El-triple-alegato-de-1984-contra-el-totalitarismo-la-vigilancia-y-la-desinformacion.jpg 1299w, https:\/\/puntocritico.com\/ausajpuntocritico\/wp-content\/uploads\/2021\/12\/El-triple-alegato-de-1984-contra-el-totalitarismo-la-vigilancia-y-la-desinformacion-300x200.jpg 300w, https:\/\/puntocritico.com\/ausajpuntocritico\/wp-content\/uploads\/2021\/12\/El-triple-alegato-de-1984-contra-el-totalitarismo-la-vigilancia-y-la-desinformacion-1024x683.jpg 1024w, https:\/\/puntocritico.com\/ausajpuntocritico\/wp-content\/uploads\/2021\/12\/El-triple-alegato-de-1984-contra-el-totalitarismo-la-vigilancia-y-la-desinformacion-768x512.jpg 768w, https:\/\/puntocritico.com\/ausajpuntocritico\/wp-content\/uploads\/2021\/12\/El-triple-alegato-de-1984-contra-el-totalitarismo-la-vigilancia-y-la-desinformacion-610x407.jpg 610w\" sizes=\"auto, (max-width: 400px) 100vw, 400px\" \/><\/p>\n<blockquote>\n<p style=\"text-align: center;\"><strong style=\"color: #008000;\"><span style=\"font-size: 18pt;\">*******<\/span><\/strong><\/p>\n<h3 style=\"text-align: center;\"><span style=\"font-size: 18pt;\"><strong>Estos a\u00f1os \u00abCOVID\u00bb, farmaindustria y la ONU han invertido TODO en vacunar a los sanos. Y NADA en tratar a los enfermos<\/strong><\/span><\/h3>\n<p><img loading=\"lazy\" decoding=\"async\" class=\"aligncenter wp-image-2212273\" src=\"https:\/\/puntocritico.com\/ausajpuntocritico\/wp-content\/uploads\/2021\/05\/Ninos-migrantes-detenidos.jpg\" alt=\"\" width=\"400\" height=\"266\" data-id=\"2212273\" srcset=\"https:\/\/puntocritico.com\/ausajpuntocritico\/wp-content\/uploads\/2021\/05\/Ninos-migrantes-detenidos.jpg 680w, https:\/\/puntocritico.com\/ausajpuntocritico\/wp-content\/uploads\/2021\/05\/Ninos-migrantes-detenidos-300x199.jpg 300w, https:\/\/puntocritico.com\/ausajpuntocritico\/wp-content\/uploads\/2021\/05\/Ninos-migrantes-detenidos-610x405.jpg 610w, https:\/\/puntocritico.com\/ausajpuntocritico\/wp-content\/uploads\/2021\/05\/Ninos-migrantes-detenidos-678x452.jpg 678w\" sizes=\"auto, (max-width: 400px) 100vw, 400px\" \/><\/p>\n<div>\u00a0<\/div>\n<div style=\"text-align: center;\"><span style=\"font-size: 14pt;\">Cuando era un beb\u00e9, no me limpiaban el chupete cuando se ca\u00eda al suelo. De ni\u00f1o me pasaba las tardes en charcas sucias pescando ranas y renacuajos. De mayor, tengo un sistema inmune cojonudo. Ahora solo tengo que cuidarlo, darle ejercicio, vitaminas, minerales, sol y mar.<\/span><\/div>\n<div style=\"text-align: center;\">\u00a0<\/div>\n<div style=\"text-align: center;\"><span style=\"font-size: 14pt;\">Las vacunas no vacunan. <strong>Estos dos a\u00f1os \u00abCOVID\u00bb, farmaindustria y la ONU han invertido TODO en vacunar a los sanos. Y NADA en tratar a los enfermos<\/strong>. Y resulta que ya hab\u00eda tratamientos disponibles &#8211;para el gobierno\u00a0 y los due\u00f1os de la informaci\u00f3n, no para ti o para mi; ni para los ancianos dejados morir solos en las Residencias, que son con lo que hoy nos meten el miedo&#8211;. el 8M de 2020, basados en la mol\u00e9cula del SOVALDI (VHC), el SOFOSBUVIR; <strong>inhibidores<\/strong> <strong>de la proteasa<\/strong>. Sin casi nada de inversi\u00f3n, hoy hay ya varios tratamientos para los enfermos, con un 90% de efectividad.\u00a0<\/span><\/div>\n<\/blockquote>\n<p>&nbsp;<\/p>\n<figure id=\"attachment_2238903\" aria-describedby=\"caption-attachment-2238903\" style=\"width: 555px\" class=\"wp-caption aligncenter\"><a href=\"https:\/\/puntocritico.com\/ausajpuntocritico\/2022\/12\/26\/vacuna-covid-politica-britanica-sobre-la-pandemia\/\"><img loading=\"lazy\" decoding=\"async\" class=\"wp-image-2238903\" src=\"https:\/\/puntocritico.com\/ausajpuntocritico\/wp-content\/uploads\/2022\/01\/conform_1-678x381.jpeg\" alt=\"\" width=\"555\" height=\"446\" data-id=\"2238903\" srcset=\"https:\/\/puntocritico.com\/ausajpuntocritico\/wp-content\/uploads\/2022\/01\/conform_1-300x241.jpeg 300w, https:\/\/puntocritico.com\/ausajpuntocritico\/wp-content\/uploads\/2022\/01\/conform_1-1024x823.jpeg 1024w, https:\/\/puntocritico.com\/ausajpuntocritico\/wp-content\/uploads\/2022\/01\/conform_1-768x618.jpeg 768w, https:\/\/puntocritico.com\/ausajpuntocritico\/wp-content\/uploads\/2022\/01\/conform_1-610x491.jpeg 610w, https:\/\/puntocritico.com\/ausajpuntocritico\/wp-content\/uploads\/2022\/01\/conform_1.jpeg 1200w\" sizes=\"auto, (max-width: 555px) 100vw, 555px\" \/><\/a><figcaption id=\"caption-attachment-2238903\" class=\"wp-caption-text\"><span style=\"color: #008000;\">En esta respuesta coordinada de propaganda y censura, podemos ver claramente las manos de la Trusted News Initiative liderada por la BBC , la \u00e9lite tecnol\u00f3gica cient\u00edfica , los fondos de inversi\u00f3n transnacionales y sus aliados del Foro Econ\u00f3mico Mundial (que controlan Pfizer y la mayor\u00eda de las grandes farmac\u00e9uticas), el legado. Los medios de comunicaci\u00f3n y las grandes tecnolog\u00edas (y muchos gobiernos nacionales) act\u00faan en tiempo real para suprimir la creciente conciencia del p\u00fablico en general de haber sido manipulados activamente utilizando herramientas de psicolog\u00eda de masas para generar miedo y ansiedad cl\u00ednicamente significativos de COVID-19 (tambi\u00e9n conocido como \u2018coronafobia\u2018) para avanzar en sus agendas a escala global.<\/span><br \/>\n<span style=\"color: #008000;\">\u201cLa operaci\u00f3n psicol\u00f3gica es real. La historia demuestra que los verificadores de hechos est\u00e1n completamente equivocados\u201d, dijo el psicoanalista y autor Dr. Bruce Scott a Church Militant. \u201cLos departamentos acad\u00e9micos de psicolog\u00eda han estado estudiando durante a\u00f1os los procesos grupales (en t\u00e9rminos de altruismo\/sacrificio), as\u00ed como los m\u00e9todos de psicolog\u00eda de la salud (lavado de manos, vacilaci\u00f3n ante las vacunas, etc.)\u201d. (Dr. Malone).<\/span><\/figcaption><\/figure>\n<p style=\"text-align: center;\"><span style=\"font-size: 18pt;\"><strong><span style=\"color: #008000;\">*******<\/span><\/strong><\/span><\/p>\n<h2 style=\"text-align: justify;\"><span style=\"font-size: 14pt;\"><strong>RELACIONADOS:<\/strong><\/span><\/h2>\n<blockquote class=\"wp-embedded-content\" data-secret=\"Sc4hMbvESd\"><p><a href=\"https:\/\/puntocritico.com\/ausajpuntocritico\/2024\/05\/13\/el-tonto-del-balcon\/\">EL TONTO DEL BALC\u00d3N: La Soberbia del Abyecto. La \u201cExtrema Izquierda\u201d en el Siglo 21: Ricos, Pijos y Burgueses<\/a><\/p><\/blockquote>\n<p><iframe loading=\"lazy\" class=\"wp-embedded-content\" sandbox=\"allow-scripts\" security=\"restricted\" style=\"position: absolute; clip: rect(1px, 1px, 1px, 1px);\" title=\"\u00abEL TONTO DEL BALC\u00d3N: La Soberbia del Abyecto. La \u201cExtrema Izquierda\u201d en el Siglo 21: Ricos, Pijos y Burgueses\u00bb \u2014 Punto Cr\u00edtico Derechos Humanos\" src=\"https:\/\/puntocritico.com\/ausajpuntocritico\/2024\/05\/13\/el-tonto-del-balcon\/embed\/#?secret=hLTE8rxTbT#?secret=Sc4hMbvESd\" data-secret=\"Sc4hMbvESd\" width=\"500\" height=\"282\" frameborder=\"0\" marginwidth=\"0\" marginheight=\"0\" scrolling=\"no\"><\/iframe><\/p>\n<blockquote class=\"wp-embedded-content\" data-secret=\"znNNxYYwMK\"><p><a href=\"https:\/\/puntocritico.com\/ausajpuntocritico\/2022\/02\/12\/comparecencia-de-d-joan-ramon-laporte\/\">CONGRESO DE LOS DIPUTADOS: Comisi\u00f3n de Investigaci\u00f3n relativa a la gesti\u00f3n de las vacunas y el Plan de Vacunaci\u00f3n en Espa\u00f1a: Comparecencia de D. Joan-Ramon Laporte Rosell\u00f3 (Universidad Aut\u00f3noma de Barcelona)<\/a><\/p><\/blockquote>\n<p><iframe loading=\"lazy\" class=\"wp-embedded-content\" sandbox=\"allow-scripts\" security=\"restricted\" style=\"position: absolute; clip: rect(1px, 1px, 1px, 1px);\" title=\"\u00abCONGRESO DE LOS DIPUTADOS: Comisi\u00f3n de Investigaci\u00f3n relativa a la gesti\u00f3n de las vacunas y el Plan de Vacunaci\u00f3n en Espa\u00f1a: Comparecencia de D. Joan-Ramon Laporte Rosell\u00f3 (Universidad Aut\u00f3noma de Barcelona)\u00bb \u2014 Punto Cr\u00edtico Derechos Humanos\" src=\"https:\/\/puntocritico.com\/ausajpuntocritico\/2022\/02\/12\/comparecencia-de-d-joan-ramon-laporte\/embed\/#?secret=dygLB2YVTr#?secret=znNNxYYwMK\" data-secret=\"znNNxYYwMK\" width=\"500\" height=\"282\" frameborder=\"0\" marginwidth=\"0\" marginheight=\"0\" scrolling=\"no\"><\/iframe><\/p>\n<blockquote class=\"wp-embedded-content\" data-secret=\"F8BXVDFMxP\"><p><a href=\"https:\/\/puntocritico.com\/ausajpuntocritico\/2020\/04\/06\/coronavirus-biodictadura-suspension-de-los-derechos-humanos-sin-control-parlamentario-ni-judicial-la-otra-pandemia\/\">#CORONAVIRUS: BIODICTADURA. Suspensi\u00f3n de los Derechos Humanos sin control parlamentario ni judicial. La otra Pandemia<\/a><\/p><\/blockquote>\n<p><iframe loading=\"lazy\" class=\"wp-embedded-content\" sandbox=\"allow-scripts\" security=\"restricted\" style=\"position: absolute; clip: rect(1px, 1px, 1px, 1px);\" title=\"\u00ab#CORONAVIRUS: BIODICTADURA. Suspensi\u00f3n de los Derechos Humanos sin control parlamentario ni judicial. La otra Pandemia\u00bb \u2014 Punto Cr\u00edtico Derechos Humanos\" src=\"https:\/\/puntocritico.com\/ausajpuntocritico\/2020\/04\/06\/coronavirus-biodictadura-suspension-de-los-derechos-humanos-sin-control-parlamentario-ni-judicial-la-otra-pandemia\/embed\/#?secret=Yz6Ghh4vO4#?secret=F8BXVDFMxP\" data-secret=\"F8BXVDFMxP\" width=\"500\" height=\"282\" frameborder=\"0\" marginwidth=\"0\" marginheight=\"0\" scrolling=\"no\"><\/iframe><\/p>\n<blockquote class=\"wp-embedded-content\" data-secret=\"NY10297uTh\"><p><a href=\"https:\/\/puntocritico.com\/ausajpuntocritico\/2021\/11\/29\/apartheid-sanitario\/\">&#8220;DOSTOIEVSKI, LA LIBERTAD Y EL PASAPORTE COVID&#8221;: EL APARTHEID SANITARIO. Cuando el Miedo se hace cargo de la sociedad, los ciudadanos se convierten en siervos.<\/a><\/p><\/blockquote>\n<p><iframe loading=\"lazy\" class=\"wp-embedded-content\" sandbox=\"allow-scripts\" security=\"restricted\" style=\"position: absolute; clip: rect(1px, 1px, 1px, 1px);\" title=\"\u00ab&#8220;DOSTOIEVSKI, LA LIBERTAD Y EL PASAPORTE COVID&#8221;: EL APARTHEID SANITARIO. Cuando el Miedo se hace cargo de la sociedad, los ciudadanos se convierten en siervos.\u00bb \u2014 Punto Cr\u00edtico Derechos Humanos\" src=\"https:\/\/puntocritico.com\/ausajpuntocritico\/2021\/11\/29\/apartheid-sanitario\/embed\/#?secret=ZTrzhH2ILa#?secret=NY10297uTh\" data-secret=\"NY10297uTh\" width=\"500\" height=\"282\" frameborder=\"0\" marginwidth=\"0\" marginheight=\"0\" scrolling=\"no\"><\/iframe><\/p>\n<blockquote class=\"wp-embedded-content\" data-secret=\"RJ9qyTW4CE\"><p><a href=\"https:\/\/puntocritico.com\/ausajpuntocritico\/2020\/04\/13\/coronavirus-la-pandemia-social-en-revistas-medicas-especializadas-articulos-entre-otros-de-joseph-stiglitz-en-the-lancet-hay-plagas-y-victimas-y-nada-mas-camus\/\">#CORONAVIRUS: Joseph Stiglitz en &#8220;The Lancet&#8221;. LA PANDEMIA SOCIAL en las revistas m\u00e9dicas especializadas. &#8220;Hay Plagas y v\u00edctimas, y nada m\u00e1s&#8221; (Camus, La Peste)<\/a><\/p><\/blockquote>\n<p><iframe loading=\"lazy\" class=\"wp-embedded-content\" sandbox=\"allow-scripts\" security=\"restricted\" style=\"position: absolute; clip: rect(1px, 1px, 1px, 1px);\" title=\"\u00ab#CORONAVIRUS: Joseph Stiglitz en &#8220;The Lancet&#8221;. LA PANDEMIA SOCIAL en las revistas m\u00e9dicas especializadas. &#8220;Hay Plagas y v\u00edctimas, y nada m\u00e1s&#8221; (Camus, La Peste)\u00bb \u2014 Punto Cr\u00edtico Derechos Humanos\" src=\"https:\/\/puntocritico.com\/ausajpuntocritico\/2020\/04\/13\/coronavirus-la-pandemia-social-en-revistas-medicas-especializadas-articulos-entre-otros-de-joseph-stiglitz-en-the-lancet-hay-plagas-y-victimas-y-nada-mas-camus\/embed\/#?secret=ky0Lni5tOS#?secret=RJ9qyTW4CE\" data-secret=\"RJ9qyTW4CE\" width=\"500\" height=\"282\" frameborder=\"0\" marginwidth=\"0\" marginheight=\"0\" scrolling=\"no\"><\/iframe><\/p>\n<blockquote class=\"wp-embedded-content\" data-secret=\"GRx2oUbKM9\"><p><a href=\"https:\/\/puntocritico.com\/ausajpuntocritico\/2022\/01\/31\/vacunas-covid-sin-informacion-veraz\/\">VACUNAS COVID: SIN INFORMACI\u00d3N VERAZ. The British Medical Journal (BMJ) denuncia la censura de Facebook. \u201cEst\u00e1n tratando de controlar c\u00f3mo piensa la gente con el pretexto de verificar los hechos\u201d.<\/a><\/p><\/blockquote>\n<p><iframe loading=\"lazy\" class=\"wp-embedded-content\" sandbox=\"allow-scripts\" security=\"restricted\" style=\"position: absolute; clip: rect(1px, 1px, 1px, 1px);\" title=\"\u00abVACUNAS COVID: SIN INFORMACI\u00d3N VERAZ. The British Medical Journal (BMJ) denuncia la censura de Facebook. \u201cEst\u00e1n tratando de controlar c\u00f3mo piensa la gente con el pretexto de verificar los hechos\u201d.\u00bb \u2014 Punto Cr\u00edtico Derechos Humanos\" src=\"https:\/\/puntocritico.com\/ausajpuntocritico\/2022\/01\/31\/vacunas-covid-sin-informacion-veraz\/embed\/#?secret=5oB3JBMtql#?secret=GRx2oUbKM9\" data-secret=\"GRx2oUbKM9\" width=\"500\" height=\"282\" frameborder=\"0\" marginwidth=\"0\" marginheight=\"0\" scrolling=\"no\"><\/iframe><\/p>\n<blockquote class=\"wp-embedded-content\" data-secret=\"ysNxI6ZvE1\"><p><a href=\"https:\/\/puntocritico.com\/ausajpuntocritico\/2022\/01\/18\/psicosis-de-formacion-masiva\/\">PSICOSIS DE FORMACI\u00d3N MASIVA. COVID-19: &#8220;Como los medios corporativos, generando ansiedad, han formado masas que les creen sin cuestionar&#8221;<\/a><\/p><\/blockquote>\n<p><iframe loading=\"lazy\" class=\"wp-embedded-content\" sandbox=\"allow-scripts\" security=\"restricted\" style=\"position: absolute; clip: rect(1px, 1px, 1px, 1px);\" title=\"\u00abPSICOSIS DE FORMACI\u00d3N MASIVA. COVID-19: &#8220;Como los medios corporativos, generando ansiedad, han formado masas que les creen sin cuestionar&#8221;\u00bb \u2014 Punto Cr\u00edtico Derechos Humanos\" src=\"https:\/\/puntocritico.com\/ausajpuntocritico\/2022\/01\/18\/psicosis-de-formacion-masiva\/embed\/#?secret=1AnTJocpe4#?secret=ysNxI6ZvE1\" data-secret=\"ysNxI6ZvE1\" width=\"500\" height=\"282\" frameborder=\"0\" marginwidth=\"0\" marginheight=\"0\" scrolling=\"no\"><\/iframe><\/p>\n<blockquote class=\"wp-embedded-content\" data-secret=\"LoykijFw9k\"><p><a href=\"https:\/\/puntocritico.com\/ausajpuntocritico\/2021\/12\/20\/vacunacion-obligatoria-o-coactiva-catastrofe-total\/\">COVID: VACUNACI\u00d3N OBLIGATORIA O COACTIVA. \u00bfY SI NOS EQUIVOCAMOS? \u00bfOBLIGAR A TODA LA HUMANIDAD? Un destacado experto en vacunas advierte: &#8220;Las vacunas COVID destruyen el Sistema Inmunol\u00f3gico innato&#8221;.<\/a><\/p><\/blockquote>\n<p><iframe loading=\"lazy\" class=\"wp-embedded-content\" sandbox=\"allow-scripts\" security=\"restricted\" style=\"position: absolute; clip: rect(1px, 1px, 1px, 1px);\" title=\"\u00abCOVID: VACUNACI\u00d3N OBLIGATORIA O COACTIVA. \u00bfY SI NOS EQUIVOCAMOS? \u00bfOBLIGAR A TODA LA HUMANIDAD? Un destacado experto en vacunas advierte: &#8220;Las vacunas COVID destruyen el Sistema Inmunol\u00f3gico innato&#8221;.\u00bb \u2014 Punto Cr\u00edtico Derechos Humanos\" src=\"https:\/\/puntocritico.com\/ausajpuntocritico\/2021\/12\/20\/vacunacion-obligatoria-o-coactiva-catastrofe-total\/embed\/#?secret=vAyI3osun8#?secret=LoykijFw9k\" data-secret=\"LoykijFw9k\" width=\"500\" height=\"282\" frameborder=\"0\" marginwidth=\"0\" marginheight=\"0\" scrolling=\"no\"><\/iframe><\/p>\n<blockquote class=\"wp-embedded-content\" data-secret=\"Mjg4RXKZvF\"><p><a href=\"https:\/\/puntocritico.com\/ausajpuntocritico\/2022\/02\/28\/150-estudios-de-investigacion-afirman-la-inmunidad-adquirida-naturalmente-al-covid-19-documentados-vinculados-y-citados\/\">COVID: INMUNIDAD NATURAL: 150 estudios de investigaci\u00f3n afirman la inmunidad adquirida naturalmente al covid-19: documentados, vinculados y citados<\/a><\/p><\/blockquote>\n<p><iframe loading=\"lazy\" class=\"wp-embedded-content\" sandbox=\"allow-scripts\" security=\"restricted\" style=\"position: absolute; clip: rect(1px, 1px, 1px, 1px);\" title=\"\u00abCOVID: INMUNIDAD NATURAL: 150 estudios de investigaci\u00f3n afirman la inmunidad adquirida naturalmente al covid-19: documentados, vinculados y citados\u00bb \u2014 Punto Cr\u00edtico Derechos Humanos\" src=\"https:\/\/puntocritico.com\/ausajpuntocritico\/2022\/02\/28\/150-estudios-de-investigacion-afirman-la-inmunidad-adquirida-naturalmente-al-covid-19-documentados-vinculados-y-citados\/embed\/#?secret=hm0XjkjOVu#?secret=Mjg4RXKZvF\" data-secret=\"Mjg4RXKZvF\" width=\"500\" height=\"282\" frameborder=\"0\" marginwidth=\"0\" marginheight=\"0\" scrolling=\"no\"><\/iframe><\/p>\n<blockquote class=\"wp-embedded-content\" data-secret=\"99Ibf9LzDs\"><p><a href=\"https:\/\/puntocritico.com\/ausajpuntocritico\/2022\/02\/24\/vacunas-covid\/\">VACUNAS COVID, FALTA DE TRANSPARENCIA Y DISONANCIA COGNITIVA. Bill Gates reconoce que &#8220;Omicron&#8221; &#8220;result\u00f3 ser una Vacuna Natural&#8221;, y &#8220;m\u00e1s eficaz que los productos farmac\u00e9uticos que han estado disponibles hasta ahora&#8221;.<\/a><\/p><\/blockquote>\n<p><iframe loading=\"lazy\" class=\"wp-embedded-content\" sandbox=\"allow-scripts\" security=\"restricted\" style=\"position: absolute; clip: rect(1px, 1px, 1px, 1px);\" title=\"\u00abVACUNAS COVID, FALTA DE TRANSPARENCIA Y DISONANCIA COGNITIVA. Bill Gates reconoce que &#8220;Omicron&#8221; &#8220;result\u00f3 ser una Vacuna Natural&#8221;, y &#8220;m\u00e1s eficaz que los productos farmac\u00e9uticos que han estado disponibles hasta ahora&#8221;.\u00bb \u2014 Punto Cr\u00edtico Derechos Humanos\" src=\"https:\/\/puntocritico.com\/ausajpuntocritico\/2022\/02\/24\/vacunas-covid\/embed\/#?secret=Kajo69QZJ1#?secret=99Ibf9LzDs\" data-secret=\"99Ibf9LzDs\" width=\"500\" height=\"282\" frameborder=\"0\" marginwidth=\"0\" marginheight=\"0\" scrolling=\"no\"><\/iframe><\/p>\n<blockquote class=\"wp-embedded-content\" data-secret=\"B3yMl1hOd3\"><p><a href=\"https:\/\/puntocritico.com\/ausajpuntocritico\/2024\/03\/04\/mascarillas-miedo-y-aviones\/\">MASCARILLAS, MIEDO Y AVIONES: Un negocio de 100.000 muertos<\/a><\/p><\/blockquote>\n<p><iframe loading=\"lazy\" class=\"wp-embedded-content\" sandbox=\"allow-scripts\" security=\"restricted\" style=\"position: absolute; clip: rect(1px, 1px, 1px, 1px);\" title=\"\u00abMASCARILLAS, MIEDO Y AVIONES: Un negocio de 100.000 muertos\u00bb \u2014 Punto Cr\u00edtico Derechos Humanos\" src=\"https:\/\/puntocritico.com\/ausajpuntocritico\/2024\/03\/04\/mascarillas-miedo-y-aviones\/embed\/#?secret=4PLNTwNM5W#?secret=B3yMl1hOd3\" data-secret=\"B3yMl1hOd3\" width=\"500\" height=\"282\" frameborder=\"0\" marginwidth=\"0\" marginheight=\"0\" scrolling=\"no\"><\/iframe><\/p>\n<blockquote class=\"wp-embedded-content\" data-secret=\"WUp4aumanR\"><p><a href=\"https:\/\/puntocritico.com\/ausajpuntocritico\/2024\/04\/03\/residencias-geriatricas-durante-la-pandemia\/\">DERECHOS DE LAS PERSONAS MAYORES Y DISCRIMINACI\u00d3N EN LAS RESIDENCIAS GERI\u00c1TRICAS DURANTE LA PANDEMIA DE COVID-19, por Fernando Flores Gim\u00e9nez<\/a><\/p><\/blockquote>\n<p><iframe loading=\"lazy\" class=\"wp-embedded-content\" sandbox=\"allow-scripts\" security=\"restricted\" style=\"position: absolute; clip: rect(1px, 1px, 1px, 1px);\" title=\"\u00abDERECHOS DE LAS PERSONAS MAYORES Y DISCRIMINACI\u00d3N EN LAS RESIDENCIAS GERI\u00c1TRICAS DURANTE LA PANDEMIA DE COVID-19, por Fernando Flores Gim\u00e9nez\u00bb \u2014 Punto Cr\u00edtico Derechos Humanos\" src=\"https:\/\/puntocritico.com\/ausajpuntocritico\/2024\/04\/03\/residencias-geriatricas-durante-la-pandemia\/embed\/#?secret=7e52pQb8wA#?secret=WUp4aumanR\" data-secret=\"WUp4aumanR\" width=\"500\" height=\"282\" frameborder=\"0\" marginwidth=\"0\" marginheight=\"0\" scrolling=\"no\"><\/iframe><\/p>\n<blockquote class=\"wp-embedded-content\" data-secret=\"ulSkD4qg74\"><p><a href=\"https:\/\/puntocritico.com\/ausajpuntocritico\/2020\/04\/15\/coronavirus-y-derechos-humanos-nos-enfrentamos-a-la-criminalizacion-del-ejercicio-de-los-derechos-humanos-el-estado-mas-violento-sera-pues-aquel-en-que-se-niega-a-cada-uno-la-libertad-de-dec\/\">#CORONAVIRUS Y DERECHOS HUMANOS: NOS ENFRENTAMOS A LA CRIMINALIZACI\u00d3N DEL EJERCICIO DE LOS DERECHOS HUMANOS&#8221;. &#8220;El Estado m\u00e1s violento ser\u00e1, pues, aquel en que se niega a cada uno la libertad de decir y ense\u00f1ar lo que se piensa&#8221;<\/a><\/p><\/blockquote>\n<p><iframe loading=\"lazy\" class=\"wp-embedded-content\" sandbox=\"allow-scripts\" security=\"restricted\" style=\"position: absolute; clip: rect(1px, 1px, 1px, 1px);\" title=\"\u00ab#CORONAVIRUS Y DERECHOS HUMANOS: NOS ENFRENTAMOS A LA CRIMINALIZACI\u00d3N DEL EJERCICIO DE LOS DERECHOS HUMANOS&#8221;. &#8220;El Estado m\u00e1s violento ser\u00e1, pues, aquel en que se niega a cada uno la libertad de decir y ense\u00f1ar lo que se piensa&#8221;\u00bb \u2014 Punto Cr\u00edtico Derechos Humanos\" src=\"https:\/\/puntocritico.com\/ausajpuntocritico\/2020\/04\/15\/coronavirus-y-derechos-humanos-nos-enfrentamos-a-la-criminalizacion-del-ejercicio-de-los-derechos-humanos-el-estado-mas-violento-sera-pues-aquel-en-que-se-niega-a-cada-uno-la-libertad-de-dec\/embed\/#?secret=bID1rk9vSN#?secret=ulSkD4qg74\" data-secret=\"ulSkD4qg74\" width=\"500\" height=\"282\" frameborder=\"0\" marginwidth=\"0\" marginheight=\"0\" scrolling=\"no\"><\/iframe><\/p>\n<blockquote class=\"wp-embedded-content\" data-secret=\"k4R9BWIyIW\"><p><a href=\"https:\/\/puntocritico.com\/ausajpuntocritico\/2024\/03\/07\/residencias-en-tiempos-de-covid-informe-de-amnistia-internacional\/\">RESIDENCIAS EN TIEMPOS DE COVID, Informe de Amnist\u00eda Internacional denuncia violaciones de Derechos Humanos (Salud, Vida, Igualdad, Privacidad e Integridad Moral)<\/a><\/p><\/blockquote>\n<p><iframe loading=\"lazy\" class=\"wp-embedded-content\" sandbox=\"allow-scripts\" security=\"restricted\" style=\"position: absolute; clip: rect(1px, 1px, 1px, 1px);\" title=\"\u00abRESIDENCIAS EN TIEMPOS DE COVID, Informe de Amnist\u00eda Internacional denuncia violaciones de Derechos Humanos (Salud, Vida, Igualdad, Privacidad e Integridad Moral)\u00bb \u2014 Punto Cr\u00edtico Derechos Humanos\" src=\"https:\/\/puntocritico.com\/ausajpuntocritico\/2024\/03\/07\/residencias-en-tiempos-de-covid-informe-de-amnistia-internacional\/embed\/#?secret=DqREYR1GU5#?secret=k4R9BWIyIW\" data-secret=\"k4R9BWIyIW\" width=\"500\" height=\"282\" frameborder=\"0\" marginwidth=\"0\" marginheight=\"0\" scrolling=\"no\"><\/iframe><\/p>\n<p>&nbsp;<\/p>\n<p>&nbsp;<\/p>\n<p><a href=\"https:\/\/puntocritico.com\/ausajpuntocritico\/2020\/04\/01\/indice-pandemia-coronavirus\/\" target=\"_blank\" rel=\"noopener\"><img loading=\"lazy\" decoding=\"async\" class=\"aligncenter wp-image-9528\" src=\"https:\/\/puntocritico.com\/ausajpuntocritico\/wp-content\/uploads\/2018\/03\/Mosca_Punto_Cr\u00edtico_40.png\" alt=\"\" width=\"80\" height=\"80\" data-id=\"9528\" \/><\/a><\/p>\n<p>&nbsp;<\/p>\n","protected":false},"excerpt":{"rendered":"<div class=\"mh-excerpt\"><p>La Comisi\u00f3n Europea suspende la comercializaci\u00f3n de la VACUNA COVID de ASTRAZENECA INDICE PANDEMIA CORONAVIRUS &nbsp; *** LA SUPERSTICI\u00d3N CIENT\u00cdFICA, UNA NUEVA ESPECIE DE OPIO \u201cLa superstici\u00f3n cient\u00edfica conlleva ilusiones tan rid\u00edculas y concepciones tan <a class=\"mh-excerpt-more\" href=\"https:\/\/puntocritico.com\/ausajpuntocritico\/2024\/05\/20\/la-comision-europea-suspende-la-comercializacion-de-la-vacuna-covid-de-astrazeneca\/\" title=\"LA SUPERSTICI\u00d3N CIENT\u00cdFICA, UNA NUEVA ESPECIE DE OPIO, por Antonio Gramsci. La Comisi\u00f3n Europea suspende la comercializaci\u00f3n de la VACUNA COVID de ASTRAZENECA (Vaxzevria)\">[&#8230;]<\/a><\/p>\n<\/div>","protected":false},"author":3,"featured_media":2298162,"comment_status":"closed","ping_status":"closed","sticky":false,"template":"","format":"standard","meta":{"_acf_changed":false,"_exactmetrics_skip_tracking":false,"_exactmetrics_sitenote_active":false,"_exactmetrics_sitenote_note":"","_exactmetrics_sitenote_category":0,"footnotes":""},"categories":[7,12,14],"tags":[52,61],"class_list":{"0":"post-2298039","1":"post","2":"type-post","3":"status-publish","4":"format-standard","5":"has-post-thumbnail","7":"category-politica","8":"category-corrupcion","9":"category-corrupcion_informativa","10":"tag-covid","11":"tag-gramsci"},"acf":[],"_links":{"self":[{"href":"https:\/\/puntocritico.com\/ausajpuntocritico\/wp-json\/wp\/v2\/posts\/2298039","targetHints":{"allow":["GET"]}}],"collection":[{"href":"https:\/\/puntocritico.com\/ausajpuntocritico\/wp-json\/wp\/v2\/posts"}],"about":[{"href":"https:\/\/puntocritico.com\/ausajpuntocritico\/wp-json\/wp\/v2\/types\/post"}],"author":[{"embeddable":true,"href":"https:\/\/puntocritico.com\/ausajpuntocritico\/wp-json\/wp\/v2\/users\/3"}],"replies":[{"embeddable":true,"href":"https:\/\/puntocritico.com\/ausajpuntocritico\/wp-json\/wp\/v2\/comments?post=2298039"}],"version-history":[{"count":0,"href":"https:\/\/puntocritico.com\/ausajpuntocritico\/wp-json\/wp\/v2\/posts\/2298039\/revisions"}],"wp:featuredmedia":[{"embeddable":true,"href":"https:\/\/puntocritico.com\/ausajpuntocritico\/wp-json\/wp\/v2\/media\/2298162"}],"wp:attachment":[{"href":"https:\/\/puntocritico.com\/ausajpuntocritico\/wp-json\/wp\/v2\/media?parent=2298039"}],"wp:term":[{"taxonomy":"category","embeddable":true,"href":"https:\/\/puntocritico.com\/ausajpuntocritico\/wp-json\/wp\/v2\/categories?post=2298039"},{"taxonomy":"post_tag","embeddable":true,"href":"https:\/\/puntocritico.com\/ausajpuntocritico\/wp-json\/wp\/v2\/tags?post=2298039"}],"curies":[{"name":"wp","href":"https:\/\/api.w.org\/{rel}","templated":true}]}}