{"id":2297192,"date":"2024-05-01T00:05:40","date_gmt":"2024-04-30T22:05:40","guid":{"rendered":"https:\/\/puntocritico.com\/ausajpuntocritico\/?p=2297192"},"modified":"2024-05-06T10:04:57","modified_gmt":"2024-05-06T08:04:57","slug":"izquierda-no-es-woke","status":"publish","type":"post","link":"https:\/\/puntocritico.com\/ausajpuntocritico\/2024\/05\/01\/izquierda-no-es-woke\/","title":{"rendered":"\u00abIZQUIERDA NO ES WOKE\u00bb, DE SUSAN NEIMAN: LO QUE FALTA: \u00abWOKE\u00bb, la \u201cNueva Izquierda\u201d al servicio del Capitalismo Global y de los Propietarios de los Medios de Producci\u00f3n del Siglo 21 (\u00abTIC&#8217;s\u00bb)"},"content":{"rendered":"<h2 style=\"text-align: justify;\"><span style=\"color: #008000; font-size: 14pt;\"><span style=\"vertical-align: inherit;\"><span style=\"vertical-align: inherit;\">Izquierda no es Woke<\/span><\/span><\/span><\/h2>\n<p><span style=\"vertical-align: inherit;\"><span style=\"vertical-align: inherit;\"><\/span><\/span><\/p>\n<p style=\"text-align: justify;\">\u00a0<\/p>\n<blockquote>\n<p style=\"text-align: right;\"><span style=\"font-size: 14pt; color: #008000;\"><em>\u00abSe llama libre a aquella cosa que existe en virtud de la sola necesidad de su naturaleza y es determinada por s\u00ed sola a obrar; y necesaria, o mejor compelida, a la que es determinada por otra cosa a existir, y operar, de cierta y determinada manera. La voluntad no puede llamarse causa libre, sino s\u00f3lo causa necesaria\u00bb.<\/em><\/span><\/p>\n<p style=\"text-align: right;\"><span style=\"font-size: 14pt; color: #008000;\"><em>\u201cLa felicidad no es la recompensa de la virtud, sino la virtud misma, esto es, la fuerza alegre con que dominamos nuestras emociones pasivas\u201d.<\/em><\/span><\/p>\n<p style=\"text-align: right;\"><span style=\"font-size: 14pt; color: #008000;\">Spinoza (<em>\u00c9tica<\/em>)<\/span><\/p>\n<p>&nbsp;<\/p>\n<\/blockquote>\n<p style=\"text-align: justify;\"><span style=\"font-size: 14pt; color: #008000;\">\u00abWOKE\u00bb, la \u201cNueva Izquierda\u201d al servicio del Capitalismo Global y de los \u00abMilmillonarios\u00bb, Propietarios de los Medios de Producci\u00f3n del Siglo 21 (las \u00abTIC&#8217;s\u00bb, \u00abTecnolog\u00edas de la Informaci\u00f3n y las Comunicaciones\u00bb)<\/span><\/p>\n<blockquote>\n<h2 style=\"text-align: center;\"><span style=\"font-size: 24pt;\"><span style=\"vertical-align: inherit;\"><span style=\"vertical-align: inherit;\">\u00abIZQUIERDA NO ES WOKE\u00bb: FALTA ALGO<\/span><\/span><\/span><\/h2>\n<p style=\"text-align: center;\"><em><strong><span style=\"font-size: 14pt;\"><span style=\"vertical-align: inherit;\"><span style=\"vertical-align: inherit;\">DEL A PRIORI A LA EXPERIENCIA<\/span><\/span><\/span><\/strong><\/em><\/p>\n<p style=\"text-align: center;\"><strong><span style=\"font-size: 14pt;\"><span style=\"vertical-align: inherit;\">Del meritorio ensayo de Susan Neiman est\u00e1, sin embargo, ausente toda referencia a<\/span><span style=\"vertical-align: inherit;\"> la PROPIEDAD DE LOS MEDIOS DE PRODUCCI\u00d3N DEL SIGLO XXI, las llamadas<em> \u00abTecnolog\u00edas de la Informaci\u00f3n y las Comunicaciones\u00bb (<\/em>TICs), as\u00ed como a las relaciones entre el OLIGOPOLIO formado por sus milmillonarios due\u00f1os y los POL\u00cdTICOS que asumieron la \u00ab<\/span><em><span style=\"vertical-align: inherit;\">moda<\/span><\/em><span style=\"vertical-align: inherit;\">\u00bb Woke (\u00abDisidencia Controlada\u00bb)<\/span><span style=\"vertical-align: inherit;\">. Que primero coloniz\u00f3 la que una vez fue la \u00ab<\/span><em><span style=\"vertical-align: inherit;\">Izquierda<\/span><\/em><span style=\"vertical-align: inherit;\">\u00ab, para ahora, recalar donde resulta m\u00e1s propio, en la<\/span><span style=\"vertical-align: inherit;\"><em> Derecha<\/em>\u00a0de siempre.<\/span><\/span><\/strong><\/p>\n<p style=\"text-align: center;\"><strong><span style=\"font-size: 14pt;\"><span style=\"vertical-align: inherit;\"><span style=\"vertical-align: inherit;\">Nuestro tiempo ya no nos pertenece. Es una Mercanc\u00eda.<\/span><\/span><\/span><\/strong><\/p>\n<p style=\"text-align: center;\"><span style=\"font-size: 14pt;\"><strong><span style=\"vertical-align: inherit;\">En el seno de los Mercados sujetos a la \u00abNueva Soberan\u00eda\u00bb (NWO), las \u00ab<\/span><em><span style=\"vertical-align: inherit;\">Nuevas Mercanc\u00edas<\/span><\/em><span style=\"vertical-align: inherit;\">\u00bb est\u00e1n hechas de carne humana. Un \u00ab<\/span><em><span style=\"vertical-align: inherit;\">Nuevo Mercado<\/span><\/em><span style=\"vertical-align: inherit;\">\u00bb que cambia la \u00ab<\/span><em><span style=\"vertical-align: inherit;\">Mano Invisible<\/span><\/em><span style=\"vertical-align: inherit;\">\u00bb por la \u00ab<\/span><em><span style=\"vertical-align: inherit;\">Onda Transparente<\/span><\/em><span style=\"vertical-align: inherit;\">\u00ab<\/span><\/strong><span style=\"vertical-align: inherit;\">.<\/span><\/span><\/p>\n<p><img loading=\"lazy\" decoding=\"async\" class=\"aligncenter wp-image-21687\" src=\"https:\/\/puntocritico.com\/ausajpuntocritico\/wp-content\/uploads\/2019\/09\/afectos-razon-y-tiempo-300x199.jpg\" alt=\"\" width=\"440\" height=\"292\" data-id=\"21687\" srcset=\"https:\/\/puntocritico.com\/ausajpuntocritico\/wp-content\/uploads\/2019\/09\/afectos-razon-y-tiempo-300x199.jpg 300w, https:\/\/puntocritico.com\/ausajpuntocritico\/wp-content\/uploads\/2019\/09\/afectos-razon-y-tiempo-678x452.jpg 678w, https:\/\/puntocritico.com\/ausajpuntocritico\/wp-content\/uploads\/2019\/09\/afectos-razon-y-tiempo.jpg 680w\" sizes=\"auto, (max-width: 440px) 100vw, 440px\" \/><\/p>\n<p style=\"text-align: justify;\">\u00a0<\/p>\n<p style=\"text-align: center;\"><span style=\"font-size: 14pt; color: #008000;\"><strong>\u00ab<em>Los Momentos de Lucidez son tan reales como los Momentos de Estupidez<\/em>\u00ab<\/strong><\/span><\/p>\n<p style=\"text-align: justify;\">\u00a0<\/p>\n<h3 style=\"text-align: center;\"><span style=\"font-size: 18pt;\"><strong>Para la Izquierda real, \u00abel infierno son los nuestros\u00bb<\/strong><\/span><\/h3>\n<p style=\"text-align: justify;\"><span style=\"font-size: 14pt;\"><span style=\"vertical-align: inherit;\"><span style=\"vertical-align: inherit;\">A la presentaci\u00f3n de \u00ab<\/span><\/span><strong><em><span style=\"vertical-align: inherit;\"><span style=\"vertical-align: inherit;\">Izquierda no es woke<\/span><\/span><\/em><\/strong><span style=\"vertical-align: inherit;\"><span style=\"vertical-align: inherit;\">\u00bb, el libro de reciente aparici\u00f3n de <\/span><\/span><strong><span style=\"vertical-align: inherit;\"><span style=\"vertical-align: inherit;\">Susan Neiman<\/span><\/span><\/strong><span style=\"vertical-align: inherit;\"><span style=\"vertical-align: inherit;\">, solo quiero hacer una precisi\u00f3n, no una cr\u00edtica a un ensayo que me parece<\/span><\/span><span style=\"vertical-align: inherit;\"><span style=\"vertical-align: inherit;\">, m\u00e1s que acertado, necesario.<\/span><\/span><\/span><\/p>\n<p style=\"text-align: justify;\"><span style=\"font-size: 14pt;\"><strong><span style=\"vertical-align: inherit;\"><span style=\"vertical-align: inherit;\">El Capital del Siglo XXI se llama \u00ab<\/span><\/span><em><span style=\"vertical-align: inherit;\"><span style=\"vertical-align: inherit;\">tiempo<\/span><\/span><\/em><span style=\"vertical-align: inherit;\"><span style=\"vertical-align: inherit;\">\u00ab<\/span><\/span><\/strong><span style=\"vertical-align: inherit;\"><span style=\"vertical-align: inherit;\">, tiempo para ofrecerse uno mismo -como mercanc\u00eda- al dios Mercado.<\/span><\/span><\/span><\/p>\n<p style=\"text-align: justify;\"><span style=\"font-size: 14pt;\">No hay ya actividad de la vida que no est\u00e9 relacionada con la inform\u00e1tica y las comunicaciones, mucho m\u00e1s all\u00e1 de lo evidente en casos como el omnipresente \u201c<em>Comercio Electr\u00f3nico<\/em>\u201d, interesa detenerse en una de las caras de este poliedro, la m\u00e1s visible del NUEVO OLIGOPOLIO Global: <strong>El caso de quienes utilizan las TIC\u2019s como Medio de Vida<\/strong>, en su infinidad de variantes.<\/span><\/p>\n<p>&nbsp;<\/p>\n<p style=\"text-align: center;\"><strong><span style=\"font-size: 14pt; color: #008000;\"><span style=\"vertical-align: inherit;\">El Capitalista del Siglo XXI, el milmillonario, la clase social m\u00e1s rica de la historia, es quien distribuye -en su inter\u00e9s y beneficio- el tiempo de todos<\/span><span style=\"vertical-align: inherit;\"> (<\/span><em><span style=\"vertical-align: inherit;\">tiempo para ofrecerse y ser visible al Mercado<\/span><\/em><span style=\"vertical-align: inherit;\">)<\/span><\/span><\/strong><\/p>\n<p>&nbsp;<\/p>\n<p style=\"text-align: justify;\"><span style=\"font-size: 14pt;\"><strong><span style=\"vertical-align: inherit;\"><span style=\"vertical-align: inherit;\">El Capitalista del Siglo XXI, el milmillonario, la clase social m\u00e1s rica de la historia, es quien distribuye -en su inter\u00e9s y beneficio- el tiempo de todos<\/span><\/span><\/strong><span style=\"vertical-align: inherit;\"><span style=\"vertical-align: inherit;\"> (<\/span><\/span><em><span style=\"vertical-align: inherit;\"><span style=\"vertical-align: inherit;\">tiempo para ofrecerse y ser visible al Mercado<\/span><\/span><\/em><span style=\"vertical-align: inherit;\"><span style=\"vertical-align: inherit;\">).<\/span><\/span><\/span><\/p>\n<p style=\"text-align: justify;\"><span style=\"font-size: 14pt;\"><strong><span style=\"vertical-align: inherit;\"><span style=\"vertical-align: inherit;\">Los Capitalistas del Siglo XXI, due\u00f1os de las TICs<\/span><\/span><\/strong><span style=\"vertical-align: inherit;\"><span style=\"vertical-align: inherit;\"> (<\/span><\/span><em><span style=\"vertical-align: inherit;\"><span style=\"vertical-align: inherit;\">los propietarios del OLIGOPOLIO de las \u00abTecnolog\u00edas de la Informaci\u00f3n y las Comunicaciones\u00bb, los verdaderos due\u00f1os de las Mercanc\u00edas -humanas- ofertadas en sus redes; de las personas atrapadas en sus Telara\u00f1as<\/span><\/span><\/em><span style=\"vertical-align: inherit;\"><span style=\"vertical-align: inherit;\">), establecen las Leyes del Mundo. Hasta ahora, de Hecho; pronto las establecer\u00e1n de Derecho.<\/span><\/span><\/span><\/p>\n<p style=\"text-align: justify;\"><span style=\"font-size: 14pt;\"><strong><span style=\"vertical-align: inherit;\"><span style=\"vertical-align: inherit;\">Tu tiempo ya no te pertenece. Es una Mercanc\u00eda<\/span><\/span><\/strong><span style=\"vertical-align: inherit;\"><span style=\"vertical-align: inherit;\">. En los \u00ab<\/span><\/span><em><span style=\"vertical-align: inherit;\"><span style=\"vertical-align: inherit;\">Nuevos Mercados<\/span><\/span><\/em><span style=\"vertical-align: inherit;\"><span style=\"vertical-align: inherit;\">\u00bb de los milmillonarios, la Mercanc\u00eda eres t\u00fa, que no eres m\u00e1s que el imperceptible instante de una vida en la inmensidad de su tiempo.<\/span><\/span><\/span><\/p>\n<p style=\"text-align: justify;\"><span style=\"font-size: 14pt;\"><span style=\"vertical-align: inherit;\"><span style=\"vertical-align: inherit;\">Los \u00ab<\/span><\/span><em><span style=\"vertical-align: inherit;\"><span style=\"vertical-align: inherit;\">Mercados<\/span><\/span><\/em><span style=\"vertical-align: inherit;\"><span style=\"vertical-align: inherit;\">\u00bb del Siglo XXI no ser\u00e1n m\u00e1s los de <\/span><\/span><a href=\"https:\/\/es.wikipedia.org\/wiki\/Jean-Baptiste_Say\" target=\"_blank\" rel=\"noopener\"><strong><span style=\"vertical-align: inherit;\"><span style=\"vertical-align: inherit;\">Jean Baptiste Say<\/span><\/span><\/strong><\/a><span style=\"vertical-align: inherit;\"><span style=\"vertical-align: inherit;\">. En los \u00abNuevos Mercados\u00bb, las Leyes las imponen los Milmillonarios, los Capitalistas del Tercer Milenio, que aspiran a sustituir a los Estados, poniendo el Mundo bajo su Soberan\u00eda.<\/span><\/span><\/span><\/p>\n<p style=\"text-align: justify;\"><span style=\"font-size: 14pt;\">Son las sombras ocultas bajo la \u00ab<em>idea<\/em>\u00bb de <strong>Carl Schmitt<\/strong>:\u00a0\u00abS<i>i hay una persona o instituci\u00f3n, en un sistema pol\u00edtico determinado, capaz de provocar una suspensi\u00f3n total de la ley y luego utilizar fuerza extra-legal para normalizar la situaci\u00f3n, entonces esa persona o instituci\u00f3n es la soberana en ese cuerpo pol\u00edtico<\/i>\u00bb.<\/span><\/p>\n<p style=\"text-align: justify;\"><span style=\"font-size: 14pt;\"><em><strong>Schmitt<\/strong> bien podr\u00eda haberse inspirado en el <strong>Marqu\u00e9s de Sade<\/strong>, para quien \u00abla ley solo existe para los pobres; los ricos y los poderosos la desobedecen cuando quieren, y lo hacen sin recibir castigo porque no hay juez en el mundo que no pueda comprarse con dinero\u00bb<\/em>.<\/span><\/p>\n<p>&nbsp;<\/p>\n<p><a href=\"https:\/\/puntocritico.com\/ausajpuntocritico\/2023\/06\/15\/solve-et-coagula\/\"><img loading=\"lazy\" decoding=\"async\" class=\"aligncenter wp-image-2280263\" src=\"https:\/\/puntocritico.com\/ausajpuntocritico\/wp-content\/uploads\/2023\/06\/izqda-y-derecha-02-713x480-1-300x202.jpg\" alt=\"\" width=\"400\" height=\"269\" data-id=\"2280263\" srcset=\"https:\/\/puntocritico.com\/ausajpuntocritico\/wp-content\/uploads\/2023\/06\/izqda-y-derecha-02-713x480-1-300x202.jpg 300w, https:\/\/puntocritico.com\/ausajpuntocritico\/wp-content\/uploads\/2023\/06\/izqda-y-derecha-02-713x480-1.jpg 713w\" sizes=\"auto, (max-width: 400px) 100vw, 400px\" \/><\/a><\/p>\n<p>&nbsp;<\/p>\n<p style=\"text-align: justify;\"><span style=\"font-size: 14pt;\"><strong><span style=\"vertical-align: inherit;\"><span style=\"vertical-align: inherit;\">En el seno de los Mercados sujetos a la \u00abNueva Soberan\u00eda\u00bb (NWO), las \u00ab<\/span><\/span><em><span style=\"vertical-align: inherit;\"><span style=\"vertical-align: inherit;\">Nuevas Mercanc\u00edas<\/span><\/span><\/em><span style=\"vertical-align: inherit;\"><span style=\"vertical-align: inherit;\">\u00bb est\u00e1n hechas de carne humana. Un \u00ab<\/span><\/span><em><span style=\"vertical-align: inherit;\"><span style=\"vertical-align: inherit;\">Nuevo Mercado<\/span><\/span><\/em><span style=\"vertical-align: inherit;\"><span style=\"vertical-align: inherit;\">\u00bb que cambia la \u00ab<\/span><\/span><em><span style=\"vertical-align: inherit;\"><span style=\"vertical-align: inherit;\">Mano Invisible<\/span><\/span><\/em><span style=\"vertical-align: inherit;\"><span style=\"vertical-align: inherit;\">\u00bb por la \u00ab<\/span><\/span><em><span style=\"vertical-align: inherit;\"><span style=\"vertical-align: inherit;\">Onda Transparente<\/span><\/span><\/em><span style=\"vertical-align: inherit;\"><span style=\"vertical-align: inherit;\">\u00ab<\/span><\/span><\/strong><span style=\"vertical-align: inherit;\"><span style=\"vertical-align: inherit;\">.<\/span><\/span><\/span><\/p>\n<p style=\"text-align: justify;\"><span style=\"font-size: 14pt;\"><strong><span style=\"vertical-align: inherit;\"><span style=\"vertical-align: inherit;\">Asume la autora, siquiera t\u00e1citamente, ser Socialista<\/span><\/span><\/strong><span style=\"vertical-align: inherit;\"><span style=\"vertical-align: inherit;\">. Y, sin embargo, en ning\u00fan momento se detiene en los MEDIOS DE PRODUCCI\u00d3N DEL SIGLO XXI (TICs), ni mucho menos en sus due\u00f1os o en sus siervos.<\/span><\/span><\/span><\/p>\n<p style=\"text-align: justify;\"><span style=\"font-size: 14pt;\"><span style=\"vertical-align: inherit;\"><span style=\"vertical-align: inherit;\">Por tanto, <\/span><\/span><strong><span style=\"vertical-align: inherit;\"><span style=\"vertical-align: inherit;\">est\u00e1 ausente toda referencia a la \u00ab<\/span><\/span><em><span style=\"vertical-align: inherit;\"><span style=\"vertical-align: inherit;\">Dial\u00e9ctica<\/span><\/span><\/em><span style=\"vertical-align: inherit;\"><span style=\"vertical-align: inherit;\">\u00bb entre los <\/span><\/span><\/strong><\/span><span style=\"font-size: 14pt;\"><strong>Propietarios -privados- de los Medios de Producci\u00f3n del Siglo XXI <\/strong><\/span><span style=\"font-size: 14pt;\"><strong><span style=\"vertical-align: inherit;\"><span style=\"vertical-align: inherit;\">y los Partidos Pol\u00edticos que asumieron la \u00ab<\/span><\/span><em><span style=\"vertical-align: inherit;\"><span style=\"vertical-align: inherit;\">moda<\/span><\/span><\/em><span style=\"vertical-align: inherit;\"><span style=\"vertical-align: inherit;\">\u00bb Woke<\/span><\/span><\/strong><span style=\"vertical-align: inherit;\"><span style=\"vertical-align: inherit;\">. Que primero coloniz\u00f3 la \u00ab<\/span><\/span><em><span style=\"vertical-align: inherit;\"><span style=\"vertical-align: inherit;\">Izquierda<\/span><\/span><\/em><span style=\"vertical-align: inherit;\"><span style=\"vertical-align: inherit;\">\u00ab, para ahora, caminar hacia donde resulta m\u00e1s propio; en la \u00ab<\/span><\/span><a href=\"https:\/\/puntocritico.com\/ausajpuntocritico\/2022\/07\/04\/partido-servil-2\/\"><em><span style=\"vertical-align: inherit;\"><span style=\"vertical-align: inherit;\">Derecha Servil<\/span><\/span><\/em><\/a><span style=\"vertical-align: inherit;\"><span style=\"vertical-align: inherit;\">\u00bb de siempre.<\/span><\/span><\/span><\/p>\n<p style=\"text-align: justify;\"><span style=\"font-size: 14pt;\"><span style=\"vertical-align: inherit;\"><span style=\"vertical-align: inherit;\">Todo cambia muy r\u00e1pidamente, pero solo para que nunca podamos saber d\u00f3nde estamos, y todo siga igual. \u00ab<em>Cambiarlo todo para que todo siga igual<\/em>\u00bb, como advirti\u00f3 <strong>Giuseppe Tomasi di Lampedusa<\/strong>, llevado al cine por <strong>Luchino<\/strong><strong>Visconti<\/strong> (\u00ab<a href=\"https:\/\/puntocritico.com\/ausajpuntocritico\/2023\/02\/18\/el-gatopardo-pelicula-de-luchino-visconti\/\">El Gatopardo<\/a>\u00ab).<\/span><\/span><\/span><\/p>\n<p style=\"text-align: justify;\"><span style=\"font-size: 14pt;\"><span style=\"vertical-align: inherit;\"><span style=\"vertical-align: inherit;\">Los Pol\u00edticos corruptos de todos los tristes partidos pol\u00edticos, han sido quienes, con el apoyo del amo milmillonario, han desactivado (\u00ab<\/span><\/span><em><span style=\"vertical-align: inherit;\"><span style=\"vertical-align: inherit;\">Movimiento Woke<\/span><\/span><\/em><span style=\"vertical-align: inherit;\"><span style=\"vertical-align: inherit;\">\u00bb <em>mediante<\/em>) todas las opciones pol\u00edticas, e incluso sociales, de la Izquierda real, cancelada y sustituida masivamente por la <a href=\"https:\/\/puntocritico.com\/ausajpuntocritico\/2021\/02\/11\/disidencia-controlada-por-michel-chossudovsky\/\">DISIDENCIA CONTROLADA<\/a>. <\/span><\/span><\/span><\/p>\n<p style=\"text-align: justify;\"><span style=\"font-size: 14pt;\"><span style=\"vertical-align: inherit;\"><span style=\"vertical-align: inherit;\">Caminamos con paso firme hacia el <a href=\"https:\/\/puntocritico.com\/ausajpuntocritico\/2023\/06\/22\/la-rendicion-de-la-izquierda-dieciseis-tesis-sobre-elitismo-nueva-censura-y-relacion-con-la-extrema-derecha-por-ignacio-castro-rey\/\">Totalitarismo del ansiado Reich de los mil a\u00f1os<\/a>, que ser\u00e1 tecnol\u00f3gico e inhumano.<\/span><\/span><\/span><\/p>\n<p>&nbsp;<\/p>\n<p><a href=\"https:\/\/puntocritico.com\/ausajpuntocritico\/tag\/regimen-del-78\/\"><img loading=\"lazy\" decoding=\"async\" class=\"aligncenter wp-image-24054\" src=\"https:\/\/puntocritico.com\/ausajpuntocritico\/wp-content\/uploads\/2019\/11\/Los-poderes-totalitarios-del-Estado-OK.jpg\" alt=\"\" width=\"280\" height=\"280\" data-id=\"24054\" srcset=\"https:\/\/puntocritico.com\/ausajpuntocritico\/wp-content\/uploads\/2019\/11\/Los-poderes-totalitarios-del-Estado-OK.jpg 225w, https:\/\/puntocritico.com\/ausajpuntocritico\/wp-content\/uploads\/2019\/11\/Los-poderes-totalitarios-del-Estado-OK-150x150.jpg 150w\" sizes=\"auto, (max-width: 280px) 100vw, 280px\" \/><\/a><\/p>\n<p>&nbsp;<\/p>\n<h3 style=\"text-align: center;\"><span style=\"font-size: 18pt;\"><strong><span style=\"vertical-align: inherit;\"><span style=\"vertical-align: inherit;\">La Pol\u00edtica como el territorio de la Disidencia Controlada&#8230; por los Due\u00f1os de los Medios de Producci\u00f3n<\/span><\/span><\/strong><\/span><\/h3>\n<p style=\"text-align: justify;\"><span style=\"font-size: 14pt;\"><span style=\"vertical-align: inherit;\"><span style=\"vertical-align: inherit;\"><strong>Los Derechos Humanos<\/strong> (<em>por definici\u00f3n, Universales<\/em>) fueron lo primero que se sacrific\u00f3 en el altar del Dios Mercado, el becerro de oro posmoderno. <\/span><\/span><\/span><\/p>\n<p style=\"text-align: justify;\"><span style=\"font-size: 14pt;\"><span style=\"vertical-align: inherit;\"><span style=\"vertical-align: inherit;\"><strong>La autodenominada \u00ab<em>Izquierda Woke<\/em>\u00ab, fue el agente que destruy\u00f3 la mejor herramienta que la sociedad ha podido crear para defenderse de los poderosos<\/strong>, haciendo desaparecer la posibilidad misma de la Emancipaci\u00f3n del Poder del Capital (<\/span><\/span><em><span style=\"vertical-align: inherit;\"><span style=\"vertical-align: inherit;\">y de sus \u00abagentes\u00bb<\/span><\/span><\/em><span style=\"vertical-align: inherit;\"><span style=\"vertical-align: inherit;\"><em> Woke<\/em>). Con la destrucci\u00f3n de los Derechos Humanos, se han lanzado a destruir la Libertad; hasta la misma esperanza de alcanzarla.<\/span><\/span><\/span><\/p>\n<p style=\"text-align: justify;\"><span style=\"font-size: 14pt;\"><span style=\"vertical-align: inherit;\"><span style=\"vertical-align: inherit;\">Porque, sin la promoci\u00f3n y el apoyo -especialmente con la <a href=\"https:\/\/puntocritico.com\/ausajpuntocritico\/2023\/05\/25\/censura-y-cancelacion\/\"><strong>cancelaci\u00f3n<\/strong><\/a><strong>de sus cr\u00edticos<\/strong>&#8211; que les proporcionar\u00e1n las Redes Sociales, es decir, sus due\u00f1os; los Milmillonarios Capitalistas del Siglo XXI, nunca habr\u00edan logrado destruir el Socialismo, condenando a todos sus vasallos a la manipulaci\u00f3n emocional, pol\u00edtica, social, y de todo orden, que exige el hambre infinita del Capitalista: EL DOMINIO DEL OTRO, HASTA DOMINARLO TODO.\u00a0<\/span><\/span><\/span><\/p>\n<p>&nbsp;<\/p>\n<p><img loading=\"lazy\" decoding=\"async\" class=\"aligncenter wp-image-2282790\" src=\"https:\/\/puntocritico.com\/ausajpuntocritico\/wp-content\/uploads\/2023\/07\/mark-twain-no-discutir-con-estupidos-300x147.jpg\" alt=\"\" width=\"480\" height=\"235\" data-id=\"2282790\" srcset=\"https:\/\/puntocritico.com\/ausajpuntocritico\/wp-content\/uploads\/2023\/07\/mark-twain-no-discutir-con-estupidos-300x147.jpg 300w, https:\/\/puntocritico.com\/ausajpuntocritico\/wp-content\/uploads\/2023\/07\/mark-twain-no-discutir-con-estupidos-1024x501.jpg 1024w, https:\/\/puntocritico.com\/ausajpuntocritico\/wp-content\/uploads\/2023\/07\/mark-twain-no-discutir-con-estupidos-768x376.jpg 768w, https:\/\/puntocritico.com\/ausajpuntocritico\/wp-content\/uploads\/2023\/07\/mark-twain-no-discutir-con-estupidos.jpg 1226w\" sizes=\"auto, (max-width: 480px) 100vw, 480px\" \/><\/p>\n<p>&nbsp;<\/p>\n<h3 style=\"text-align: center;\"><span style=\"font-size: 18pt;\"><strong>El \u00abCiudadano Woke\u00bb: Est\u00fapido y Totalitario<\/strong><\/span><\/h3>\n<p style=\"text-align: right;\"><strong><span style=\"color: #008000;\"><em><span style=\"font-size: 14pt;\">\u00abNunca atribuyas a la maldad lo que se explica adecuadamente por la estupidez\u00bb<\/span><\/em><\/span><\/strong><\/p>\n<p style=\"text-align: right;\"><strong><span style=\"font-size: 14pt; color: #008000;\"><a style=\"color: #008000;\" href=\"https:\/\/es.wikipedia.org\/wiki\/Principio_de_Hanlon\" target=\"_blank\" rel=\"noopener\">Robert J.\u00a0 Hanlon<\/a><\/span><\/strong><\/p>\n<p>&nbsp;<\/p>\n<p style=\"text-align: justify;\"><span style=\"font-size: 14pt;\"><span style=\"vertical-align: inherit;\"><span style=\"vertical-align: inherit;\">El \u00ab<\/span><\/span><em><span style=\"vertical-align: inherit;\"><span style=\"vertical-align: inherit;\">Ciudadano Woke<\/span><\/span><\/em><span style=\"vertical-align: inherit;\"><span style=\"vertical-align: inherit;\">\u00ab, cumple las especificaciones del <a href=\"https:\/\/puntocritico.com\/ausajpuntocritico\/2021\/02\/09\/las-leyes-fundamentales-de-la-estupidez-humana-por-carlo-m-cipolla\/\">EST\u00daPIDO<\/a>, que elige lo peor (<\/span><\/span><em><span style=\"vertical-align: inherit;\"><span style=\"vertical-align: inherit;\">para todos y para \u00e9l mismo<\/span><\/span><\/em><span style=\"vertical-align: inherit;\"><span style=\"vertical-align: inherit;\">), as\u00ed como tambi\u00e9n las del <a href=\"https:\/\/puntocritico.com\/ausajpuntocritico\/2024\/03\/07\/residencias-en-tiempos-de-covid-informe-de-amnistia-internacional\/\">TOTALITARIO<\/a>, que niega los <a href=\"https:\/\/puntocritico.com\/ausajpuntocritico\/2022\/05\/30\/por-que-socialismo-einstein\/\">Derechos Humanos<\/a> (<\/span><\/span><em><span style=\"vertical-align: inherit;\"><span style=\"vertical-align: inherit;\">los de todos, y tambi\u00e9n los suyos<\/span><\/span><\/em><span style=\"vertical-align: inherit;\"><span style=\"vertical-align: inherit;\">).<\/span><\/span><\/span><\/p>\n<p>&nbsp;<\/p>\n<p style=\"text-align: center;\"><strong><span style=\"font-size: 14pt; color: #008000;\">La Estupidez, generalizada en un\u00a0entorno socio-pol\u00edtico generador de ansiedad, es inducida<span style=\"font-size: 14pt;\">. Y su expansi\u00f3n es obra de los Medios de Informaci\u00f3n<\/span><\/span><\/strong><\/p>\n<p>&nbsp;<\/p>\n<p style=\"text-align: justify;\"><span style=\"font-size: 14pt;\">La Estupidez, generalizada en un\u00a0<strong>entorno socio-pol\u00edtico generador de ansiedad<\/strong>, es inducida. Y su expansi\u00f3n es obra de los Medios de Informaci\u00f3n, que no solo desinforman en base a la \u00ab<em>Veracidad<\/em>\u00ab, que a diferencia de la \u00ab<em>verdad<\/em>\u00ab, se puede crear como apariencia, y <strong>esa falsa apariencia, se trata como el \u00fanico objeto de la Libertad de Informaci\u00f3n: La Mentira interesada con apariencia veraz<\/strong>.\u00a0<\/span><\/p>\n<p style=\"text-align: justify;\"><span style=\"font-size: 14pt;\">As\u00ed, por ejemplo, hemos visto estos d\u00edas como es ya habitual formular acciones judiciales fraudulentas y mendaces, por las que el Juez est\u00e1 obligado a incoar Diligencias Penales e investigar la denuncia, de cuya falsedad nada consta en ese momento. <strong>Ese acto obligado para el Juez, es utilizado para vestir lo \u00ab<em>Falso<\/em>\u00bb de \u00ab<em>Veraz<\/em>\u00ab, y luego convertirlo de \u00ab<em>Veraz<\/em>\u00bb a \u00ab<em>Verdad<\/em>\u00ab<\/strong>. <\/span><\/p>\n<p style=\"text-align: justify;\"><span style=\"font-size: 14pt;\">En un c\u00edrculo vicioso, cada falsedad que alcanza la categor\u00eda de \u00ab<em>Veraz<\/em>\u00bb gracias a la ansiedad social que genera la Desinformaci\u00f3n al grupo social, a su vez, produce m\u00e1s ansiedad. <strong>La mentira \u00ab<em>veraz<\/em>\u00bb se confundir\u00e1 con la realidad por medio de la producci\u00f3n medi\u00e1tica de ansiedad Social<\/strong>.<\/span><\/p>\n<p>&nbsp;<\/p>\n<p style=\"text-align: center;\"><strong><span style=\"font-size: 14pt; color: #008000;\">La mentira \u00ab<em>veraz<\/em>\u00bb se confundir\u00e1 con la realidad por medio de la producci\u00f3n medi\u00e1tica de ansiedad Social.<\/span><\/strong><\/p>\n<p>&nbsp;<\/p>\n<p style=\"text-align: justify;\"><span style=\"font-size: 14pt;\">En palabras de <strong><a href=\"https:\/\/puntocritico.com\/ausajpuntocritico\/2021\/02\/09\/las-leyes-fundamentales-de-la-estupidez-humana-por-carlo-m-cipolla\/\">Carlo Cipolla<\/a><\/strong>, <\/span><\/p>\n<p style=\"text-align: justify; padding-left: 40px;\"><span style=\"font-size: 14pt;\"><strong><span style=\"color: #008000;\">\u00abla gran mayor\u00eda de personas est\u00fapidas son fundamentalmente y firmemente est\u00fapidas; en otras palabras, insisten con perseverancia en causar da\u00f1os o p\u00e9rdidas a otras personas sin obtener ninguna ganancia para s\u00ed, sea esto positivo o negativo. Pero a\u00fan hay m\u00e1s. Existen personas que, con sus inveros\u00edmiles acciones, no s\u00f3lo causan da\u00f1os a otras personas, sino tambi\u00e9n a s\u00ed mismas. Estas personas pertenecen al g\u00e9nero de los <em>superest\u00fapidos<\/em>\u00ab.<\/span><\/strong><\/span><\/p>\n<p style=\"text-align: justify;\">\u00a0<\/p>\n<p style=\"text-align: justify;\"><span style=\"font-size: 14pt;\"><strong><span style=\"vertical-align: inherit;\"><span style=\"vertical-align: inherit;\">Porque hay \u00ab<\/span><\/span><em><span style=\"vertical-align: inherit;\"><span style=\"vertical-align: inherit;\">Momentos de Lucidez<\/span><\/span><\/em><span style=\"vertical-align: inherit;\"><span style=\"vertical-align: inherit;\">\u00ab, hay \u00ab<\/span><\/span><em><span style=\"vertical-align: inherit;\"><span style=\"vertical-align: inherit;\">Momentos de Estupidez<\/span><\/span><\/em><\/strong><span style=\"vertical-align: inherit;\"><span style=\"vertical-align: inherit;\"><strong>\u00ab<\/strong>. Lucidez que construye, frente a Estupidez que solo destruye. <\/span><\/span><\/span><\/p>\n<p style=\"text-align: justify;\"><span style=\"font-size: 14pt;\">Y, como ya no es cuestionable, <strong>la Desinformaci\u00f3n genera Estupidez Social Masiva<\/strong>. Las consecuencias est\u00e1n hoy a nuestro alrededor, a plena vista. <\/span><\/p>\n<p style=\"text-align: justify;\"><span style=\"font-size: 14pt;\">Necesitamos recuperar la tranquilidad para superar la ansiedad social: Es urgente recuperar el Derecho a la Libertad de Informaci\u00f3n, despojando de sus vicios, tanto a los <em>informantes<\/em>, como a los <em>informandos<\/em>.<\/span><\/p>\n<p style=\"text-align: justify;\"><span style=\"font-size: 14pt;\"><span style=\"vertical-align: inherit;\"><span style=\"vertical-align: inherit;\">Como siempre, tambi\u00e9n despertaremos de la <\/span><\/span><span style=\"vertical-align: inherit;\"><span style=\"vertical-align: inherit;\">pesadilla de la Estupidez (<\/span><\/span><em><span style=\"vertical-align: inherit;\"><span style=\"vertical-align: inherit;\">inducida por las TICs<\/span><\/span><\/em><span style=\"vertical-align: inherit;\"><span style=\"vertical-align: inherit;\">). Pero, esta vez, cuando despertemos, la pesadilla seguir\u00e1 aqu\u00ed.\u00a0<\/span><\/span><\/span><\/p>\n<p>&nbsp;<\/p>\n<p style=\"text-align: center;\"><strong><span style=\"font-size: 14pt; color: #008000;\"><span style=\"vertical-align: inherit;\">Como siempre, tambi\u00e9n despertaremos de la <\/span><span style=\"vertical-align: inherit;\">pesadilla de la Estupidez (<\/span><em><span style=\"vertical-align: inherit;\">inducida por las TICs<\/span><\/em><span style=\"vertical-align: inherit;\">). Pero, esta vez, cuando despertemos, la pesadilla seguir\u00e1 aqu\u00ed.\u00a0<\/span><\/span><\/strong><\/p>\n<p style=\"text-align: center;\">\u00a0<\/p>\n<figure id=\"attachment_2240633\" aria-describedby=\"caption-attachment-2240633\" style=\"width: 400px\" class=\"wp-caption aligncenter\"><img loading=\"lazy\" decoding=\"async\" class=\"wp-image-2240633\" src=\"https:\/\/puntocritico.com\/ausajpuntocritico\/wp-content\/uploads\/2022\/02\/2017-09-04-odios-448x280-1.jpg\" alt=\"SIN AFFECTIO SOCIETATIS (Societatis sine afecto)\" width=\"400\" height=\"250\" data-id=\"2240633\" srcset=\"https:\/\/puntocritico.com\/ausajpuntocritico\/wp-content\/uploads\/2022\/02\/2017-09-04-odios-448x280-1.jpg 448w, https:\/\/puntocritico.com\/ausajpuntocritico\/wp-content\/uploads\/2022\/02\/2017-09-04-odios-448x280-1-300x188.jpg 300w\" sizes=\"auto, (max-width: 400px) 100vw, 400px\" \/><figcaption id=\"caption-attachment-2240633\" class=\"wp-caption-text\"><span style=\"color: #008000;\">Nos quedamos sin afectos sociales; Nos quedamos sin poder expresarnos. Entonces, solo la violencia impera en la Sociedad<\/span><\/figcaption><\/figure>\n<p>&nbsp;<\/p>\n<h3 style=\"text-align: center;\"><span style=\"font-size: 18pt;\"><strong>La Ingenier\u00eda Pol\u00edtica del NWO (<em>o el asesinato de la Democracia<\/em>)<\/strong><\/span><\/h3>\n<div style=\"text-align: right;\"><span style=\"font-size: 14pt;\"><em>\u201cA trav\u00e9s de una <strong>propaganda constante<\/strong> y astuta se puede hacer que la gente vea el para\u00edso como si fuera el infierno y viceversa, que considere la forma de vida m\u00e1s miserable como el propio cielo.\u201d<\/em><\/span><\/div>\n<div style=\"text-align: right;\"><span style=\"font-size: 14pt;\"><em><strong>Adolf Hitler<\/strong>, \u201cMi lucha\u201d.<\/em><\/span><\/div>\n<div>\u00a0<\/div>\n<p style=\"text-align: justify;\"><span style=\"vertical-align: inherit; font-size: 14pt;\">El mal uso de la Democracia ha producido una ciudadan\u00eda que desconoce sus derechos y rechaza sus obligaciones (<em>y que pese a ello cree vivir en un Estado de Derecho<\/em>), ha producido una sociedad de Siervos, que compiten entre ellos furiosamente, para conseguir las migajas sobrantes de los poderosos. <\/span><\/p>\n<p style=\"text-align: justify;\"><span style=\"vertical-align: inherit; font-size: 14pt;\">Que se justifica afirmando una naturaleza \u00ab<em>Democr\u00e1tica<\/em>\u00ab, sin comprender que as\u00ed, se est\u00e1 definiendo a s\u00ed misma como <strong>una Sociedad sometida a unas cadenas que ama, como parte de su ser<\/strong>, vislumbr\u00e1ndose el final del camino, de un camino que conduce a una Sociedad apreciablemente compuesta por <a href=\"https:\/\/puntocritico.com\/ausajpuntocritico\/2022\/12\/23\/la-soberbia-spinoza\/\">soberbios, abyectos y serviles<\/a>.<\/span><\/p>\n<p style=\"text-align: justify;\"><span style=\"vertical-align: inherit; font-size: 14pt;\">Esa \u00ab<em><strong>Sociedad de siervos democr\u00e1ticos<\/strong><\/em>\u00bb se ufana de ser una sociedad \u00ab<strong><em>Civilizada<\/em><\/strong>\u00ab. Por ello, la experiencia no es un valor positivo en un mundo en el que se va despojando a la sociedad y al individuo de su potencia, produciendo sociedades atomizadas y d\u00e9biles, desinformadas y con ansiedad, que provoca epis\u00f3dicos estallidos de ira, s\u00edntoma de ning\u00fan valor; sociedades en las que los muchos carecen de medios para liberarse de la opresi\u00f3n a la que les someten los muy pocos.<\/span><\/p>\n<p style=\"text-align: justify;\"><span style=\"vertical-align: inherit; font-size: 14pt;\"><span style=\"vertical-align: inherit;\">Una sociedad cuya Pol\u00edtica es indigna de su nombre. Construida como \u00ab<a href=\"https:\/\/puntocritico.com\/ausajpuntocritico\/2023\/06\/06\/los-traidores-del-noveno-circulo-del-infierno-la-tactica-trotskista-del-entrismo-por-rolando-astarita-2\/\"><em>Trotskista<\/em><\/a>\u00bb (<em>meramente t\u00e1ctica, sin ideolog\u00eda, consistente en el hecho en s\u00ed de la conquista del poder<\/em>) alejada tanto del <a href=\"https:\/\/puntocritico.com\/ausajpuntocritico\/2021\/02\/09\/las-leyes-fundamentales-de-la-estupidez-humana-por-carlo-m-cipolla\/\">\u00ab<em>Liberalismo<\/em>\u00bb como del \u00ab<em>Socialismo<\/em>\u00ab<\/a> (<em>lo que ser\u00eda una Pol\u00edtica Estrat\u00e9gica, que aspira a construir un modelo concreto de sociedad<\/em>).<\/span><\/span><\/p>\n<p style=\"text-align: justify;\"><span style=\"font-size: 14pt;\">As\u00ed, una mayor\u00eda de las personas que pretenden ejercer su voto para oponerse a la<strong> Globalizaci\u00f3n del NWO<\/strong> (<em>la de los milmillonarios, due\u00f1os de las TIC&#8217;s, los Nuevos Medios de Producci\u00f3n<\/em>), provienen de la Izquierda cl\u00e1sica, la Izquierda \u00ab<em>Universalista<\/em>\u00ab, por lo que hoy son hu\u00e9rfanos pol\u00edticos. Su \u00fanica opci\u00f3n de voto, en la Espa\u00f1a actual, ser\u00eda la de votar a un partido pol\u00edtico nacionalista y <a href=\"https:\/\/puntocritico.com\/ausajpuntocritico\/2019\/06\/24\/19500\/\">cristiano<\/a> (<em>cat\u00f3lico o protestante<\/em>).\u00a0<\/span><\/p>\n<p style=\"text-align: justify;\"><span style=\"font-size: 14pt;\">Porque la llamada \u00ab<em>Izquierda Woke<\/em>\u00bb (<a href=\"https:\/\/puntocritico.com\/ausajpuntocritico\/2020\/05\/27\/bots-y-fakes-impunes-destructores-de-nuestra-convivencia-subvencionados-para-agredirnos-la-nueva-politica-totalitarismo-virtual-pero-muy-real\/\"><em>la Izquierda medi\u00e1tica<\/em><\/a>), no solo est\u00e1 a favor de la <strong>Globalizaci\u00f3n del NWO<\/strong>, de los milmillonarios due\u00f1os de los Nuevos Medios de Producci\u00f3n, sino que nacieron, crecieron y se enriquecieron gracias a ellos.\u00a0<\/span><\/p>\n<p style=\"text-align: justify;\"><span style=\"font-size: 14pt;\">Esta es s\u00f3lo una muestra del <strong>jerogl\u00edfico indescifrable en que se ha convertido esta \u00ab<em>Democracia<\/em>\u00ab<\/strong>, donde convencer al votante, significa enga\u00f1arlo. De continuar esta deriva, ni como sociedad, ni como individuos, llegaremos muy lejos del colapso y la servidumbre forzosa (<em>siendo optimista<\/em>).<\/span><\/p>\n<p>&nbsp;<\/p>\n<p><a href=\"https:\/\/puntocritico.com\/ausajpuntocritico\/2023\/06\/15\/solve-et-coagula\/\"><img loading=\"lazy\" decoding=\"async\" class=\"aligncenter wp-image-2280397\" src=\"https:\/\/puntocritico.com\/ausajpuntocritico\/wp-content\/uploads\/2023\/06\/Partido-Embudista-2-3-300x200.png\" alt=\"\" width=\"555\" height=\"371\" data-id=\"2280397\" srcset=\"https:\/\/puntocritico.com\/ausajpuntocritico\/wp-content\/uploads\/2023\/06\/Partido-Embudista-2-3-300x200.png 300w, https:\/\/puntocritico.com\/ausajpuntocritico\/wp-content\/uploads\/2023\/06\/Partido-Embudista-2-3-1024x684.png 1024w, https:\/\/puntocritico.com\/ausajpuntocritico\/wp-content\/uploads\/2023\/06\/Partido-Embudista-2-3-768x513.png 768w, https:\/\/puntocritico.com\/ausajpuntocritico\/wp-content\/uploads\/2023\/06\/Partido-Embudista-2-3-1320x882.png 1320w, https:\/\/puntocritico.com\/ausajpuntocritico\/wp-content\/uploads\/2023\/06\/Partido-Embudista-2-3.png 1347w\" sizes=\"auto, (max-width: 555px) 100vw, 555px\" \/><\/a><\/p>\n<p>&nbsp;<\/p>\n<p style=\"text-align: justify;\"><span style=\"font-size: 14pt;\">La \u00ab<em>nov\u00edsima Izquierda<\/em>\u00bb que los <strong>Globalistas del NWO<\/strong> preparan en Espa\u00f1a, es Liberal y Cat\u00f3lica. Los pasos dados en este sentido, son ya evidentes, o al menos, est\u00e1n a la vista. Pero no son objeto de la Informaci\u00f3n de los Medios informativos, cuya misi\u00f3n es hoy desinformar, acogi\u00e9ndose, no a la verdad, sino a la \u00ab<em>veracidad<\/em>\u00ab, que a menudo esconde un fraude que protege la Calumnia (<em>y al calumniador<\/em>). <strong>La Verdad existe; la Veracidad se fabrica<\/strong>.<\/span><\/p>\n<p style=\"text-align: justify;\"><span style=\"font-size: 14pt;\"><strong>Todo ello pone en duda si, actualmente, todav\u00eda existe una Izquierda que lucha contra el Poderoso, que lucha por los Derechos del d\u00e9bil<\/strong>. <a href=\"https:\/\/puntocritico.com\/ausajpuntocritico\/2020\/07\/29\/sociopatia-y-psicopatia-en-politica-los-politicos-suelen-aferrarse-al-poder-como-psicopatas-2\/\">Realmente parece extinta<\/a>.\u00a0<\/span><\/p>\n<p style=\"text-align: justify;\"><span style=\"font-size: 14pt;\">Somos las v\u00edctimas de la <a href=\"https:\/\/puntocritico.com\/ausajpuntocritico\/tag\/guerras-hibridas\/\"><strong>GUERRA H\u00cdBRIDA<\/strong><\/a>. La Guerra del Siglo XXI, de <a href=\"https:\/\/puntocritico.com\/ausajpuntocritico\/2024\/03\/30\/pasame-con-roger-stone-desinformacion-arma-hibrida\/\">Estados contra Ciudadanos<\/a>. <strong>Puro Totalitarismo<\/strong>.<\/span><\/p>\n<p style=\"text-align: right;\"><span style=\"font-size: 14pt;\">Chus<\/span><\/p>\n<p style=\"text-align: right;\"><a href=\"https:\/\/puntocritico.com\/ausajpuntocritico\/\"><span style=\"font-size: 14pt;\">Punto Cr\u00edtico<\/span><\/a><\/p>\n<figure id=\"attachment_2262821\" aria-describedby=\"caption-attachment-2262821\" style=\"width: 440px\" class=\"wp-caption aligncenter\"><a href=\"https:\/\/puntocritico.com\/ausajpuntocritico\/2022\/12\/05\/conductismo-y-condicionamiento-operante\/\"><img loading=\"lazy\" decoding=\"async\" class=\"wp-image-2262821\" src=\"https:\/\/puntocritico.com\/ausajpuntocritico\/wp-content\/uploads\/2022\/12\/nines-PPAL-2-300x199.jpg\" alt=\"\" width=\"440\" height=\"292\" data-id=\"2262821\" srcset=\"https:\/\/puntocritico.com\/ausajpuntocritico\/wp-content\/uploads\/2022\/12\/nines-PPAL-2-300x199.jpg 300w, https:\/\/puntocritico.com\/ausajpuntocritico\/wp-content\/uploads\/2022\/12\/nines-PPAL-2-610x405.jpg 610w, https:\/\/puntocritico.com\/ausajpuntocritico\/wp-content\/uploads\/2022\/12\/nines-PPAL-2-678x452.jpg 678w, https:\/\/puntocritico.com\/ausajpuntocritico\/wp-content\/uploads\/2022\/12\/nines-PPAL-2.jpg 680w\" sizes=\"auto, (max-width: 440px) 100vw, 440px\" \/><\/a><figcaption id=\"caption-attachment-2262821\" class=\"wp-caption-text\"><span style=\"color: #008000;\"><span style=\"vertical-align: inherit;\"><span style=\"vertical-align: inherit;\">LA F\u00c1BRICA DE NI\u00d1ES: Conductismo y Condicionamiento Operante.<\/span><\/span><\/span><\/figcaption><\/figure>\n<p style=\"text-align: center;\"><span style=\"font-size: 18pt;\"><strong><span style=\"color: #008000;\"><span style=\"vertical-align: inherit;\"><span style=\"vertical-align: inherit;\">*******<\/span><\/span><\/span><\/strong><\/span><\/p>\n<p class=\"entry-title\" style=\"text-align: center;\"><span style=\"font-size: 14pt; color: #008000;\"><em><strong>\u00ab<\/strong><\/em><\/span><a href=\"https:\/\/puntocritico.com\/ausajpuntocritico\/2022\/11\/22\/pequenas-y-grandes-ambiciones-gramsci\/\"><span style=\"font-size: 14pt; color: #008000;\"><em><strong>Las peque\u00f1as ambiciones (del individuo particular) luchan contra la gran ambici\u00f3n (inseparable del bien colectivo)<\/strong><\/em><\/span><\/a><span style=\"font-size: 14pt; color: #008000;\"><em><strong>\u00bb<\/strong><\/em><\/span><\/p>\n<p style=\"text-align: center;\"><a href=\"https:\/\/puntocritico.com\/ausajpuntocritico\/2022\/11\/22\/pequenas-y-grandes-ambiciones-gramsci\/\"><span style=\"font-size: 14pt; color: #008000;\"><strong>Antonio Gramsci<\/strong><\/span><\/a><\/p>\n<p><a href=\"https:\/\/puntocritico.com\/ausajpuntocritico\/2023\/03\/16\/la-segunda-transicion-podemitas-y-masmaderitas\/\"><img loading=\"lazy\" decoding=\"async\" class=\"aligncenter wp-image-26087\" src=\"https:\/\/puntocritico.com\/ausajpuntocritico\/wp-content\/uploads\/2020\/01\/podemos-asocia-la-crisis-del-psoe-al-15-m-y-se-atribuye-su-precipitacion.jpg\" alt=\"\" width=\"480\" height=\"270\" data-id=\"26087\" srcset=\"https:\/\/puntocritico.com\/ausajpuntocritico\/wp-content\/uploads\/2020\/01\/podemos-asocia-la-crisis-del-psoe-al-15-m-y-se-atribuye-su-precipitacion.jpg 600w, https:\/\/puntocritico.com\/ausajpuntocritico\/wp-content\/uploads\/2020\/01\/podemos-asocia-la-crisis-del-psoe-al-15-m-y-se-atribuye-su-precipitacion-300x169.jpg 300w\" sizes=\"auto, (max-width: 480px) 100vw, 480px\" \/><\/a><\/p>\n<p style=\"text-align: center;\"><span style=\"font-size: 14pt; color: #008000;\"><strong>LAS CIGARRAS A CARGO DEL HORMIGUERO<\/strong><\/span><\/p>\n<\/blockquote>\n<p style=\"text-align: center;\"><strong><span style=\"color: #008000; font-size: 18pt;\">*******<\/span><\/strong><\/p>\n<blockquote>\n<h2 style=\"text-align: center;\"><span style=\"font-size: 24pt;\"><span style=\"vertical-align: inherit;\"><span style=\"vertical-align: inherit;\">GUERRAS H\u00cdBRIDAS (VII). EL OLEODUCTO DE LA OTAN A TIKTOK<\/span><\/span><\/span><\/h2>\n<p style=\"text-align: justify;\"><span style=\"font-size: 14pt;\"><a href=\"https:\/\/puntocritico.com\/ausajpuntocritico\/2022\/11\/16\/de-la-otan-a-tiktok\/\"><span style=\"vertical-align: inherit;\"><span style=\"vertical-align: inherit;\">Punto Cr\u00edtico, 2022<\/span><\/span><\/a><\/span><\/p>\n<div class=\"clear\"><a href=\"https:\/\/puntocritico.com\/ausajpuntocritico\/2022\/11\/16\/de-la-otan-a-tiktok\/\"><img loading=\"lazy\" decoding=\"async\" class=\"aligncenter wp-image-2261000\" src=\"https:\/\/puntocritico.com\/ausajpuntocritico\/wp-content\/uploads\/2022\/11\/Tiktok-war-PPAL-300x199.jpg\" alt=\"\" width=\"440\" height=\"292\" data-id=\"2261000\" srcset=\"https:\/\/puntocritico.com\/ausajpuntocritico\/wp-content\/uploads\/2022\/11\/Tiktok-war-PPAL-300x199.jpg 300w, https:\/\/puntocritico.com\/ausajpuntocritico\/wp-content\/uploads\/2022\/11\/Tiktok-war-PPAL-610x405.jpg 610w, https:\/\/puntocritico.com\/ausajpuntocritico\/wp-content\/uploads\/2022\/11\/Tiktok-war-PPAL-678x452.jpg 678w, https:\/\/puntocritico.com\/ausajpuntocritico\/wp-content\/uploads\/2022\/11\/Tiktok-war-PPAL.jpg 680w\" sizes=\"auto, (max-width: 440px) 100vw, 440px\" \/><\/a><\/div>\n<div>\u00a0<\/div>\n<div>\u00a0<\/div>\n<div style=\"text-align: center;\"><strong><span style=\"font-size: 14pt; color: #008000;\"><span style=\"vertical-align: inherit;\"><span style=\"vertical-align: inherit;\">Hemos abordado ya, gracias a las investigaciones documentadas de <\/span><\/span><\/span><span style=\"color: #008000; font-size: 14pt;\"><span style=\"vertical-align: inherit;\"><span style=\"vertical-align: inherit;\">Alan Macleod y MintPress News. <\/span><\/span><\/span><span style=\"font-size: 14pt; color: #008000;\"><span style=\"vertical-align: inherit;\"><span style=\"vertical-align: inherit;\">la infiltraci\u00f3n de los Servicios de Inteligencia y espionaje Occidentales, m\u00e1s intensa en cuanto a los pa\u00edses anglosajones, relativa a las Redes Sociales de mayor implantaci\u00f3n a nivel mundial, <\/span><\/span><span style=\"font-size: 18pt;\"><a style=\"color: #008000;\" href=\"https:\/\/puntocritico.com\/ausajpuntocritico\/2022\/07\/21\/armas-hibridas-redes-sociales-la-mediatizacion-del-mal\/\"><span style=\"vertical-align: inherit;\"><span style=\"vertical-align: inherit;\">Facebook<\/span><\/span><\/a> <\/span><span style=\"vertical-align: inherit;\"><span style=\"vertical-align: inherit;\"> y\u00a0 <\/span><\/span><span style=\"font-size: 18pt;\"><a style=\"color: #008000;\" href=\"https:\/\/puntocritico.com\/ausajpuntocritico\/2022\/07\/11\/desinformacion-como-arma-en-las-guerras-hibridas\/\"><span style=\"vertical-align: inherit;\"><span style=\"vertical-align: inherit;\">Twitter<\/span><\/span><\/a><\/span><span style=\"vertical-align: inherit;\"><span style=\"vertical-align: inherit;\">, adem\u00e1s de <\/span><\/span><span style=\"font-size: 18pt;\"><a style=\"color: #008000;\" href=\"https:\/\/puntocritico.com\/ausajpuntocritico\/2022\/08\/03\/extension-de-la-guerra-hibrida-al-control-social-global\/\"><span style=\"vertical-align: inherit;\"><span style=\"vertical-align: inherit;\">Google<\/span><\/span><\/a><\/span><span style=\"vertical-align: inherit;\"><span style=\"vertical-align: inherit;\"> y los llamados \u00ab<\/span><\/span><span style=\"font-size: 18pt;\"><a style=\"color: #008000;\" href=\"https:\/\/puntocritico.com\/ausajpuntocritico\/2022\/08\/08\/el-camino-de-la-desinformacion\/\"><span style=\"vertical-align: inherit;\"><span style=\"vertical-align: inherit;\">Verificadores de Hechos<\/span><\/span><\/a><\/span><span style=\"vertical-align: inherit;\"><span style=\"vertical-align: inherit;\">\u00ab, que en realidad son instrumentos -pol\u00edticos- para el establecimiento de la <\/span><\/span><a href=\"https:\/\/puntocritico.com\/ausajpuntocritico\/2021\/08\/16\/politica-y-desinformacion\/\"><span style=\"vertical-align: inherit;\"><span style=\"vertical-align: inherit;\">CENSURA<\/span><\/span><\/a><span style=\"vertical-align: inherit;\"><span style=\"vertical-align: inherit;\"> global en una \u00ab<\/span><\/span><a href=\"https:\/\/puntocritico.com\/ausajpuntocritico\/2022\/07\/23\/la-zona-gris-en-las-guerras-hibridas-conferencia\/\"><span style=\"font-size: 18pt;\"><span style=\"vertical-align: inherit;\"><span style=\"vertical-align: inherit;\">Zona Gris<\/span><\/span><\/span><\/a><span style=\"vertical-align: inherit;\"><span style=\"vertical-align: inherit;\">\u00bb que, cabalgando a lomos de la <\/span><\/span><a href=\"https:\/\/puntocritico.com\/ausajpuntocritico\/2021\/08\/16\/politica-y-desinformacion\/\"><span style=\"vertical-align: inherit;\"><span style=\"vertical-align: inherit;\">Desinformaci\u00f3n<\/span><\/span><\/a><span style=\"vertical-align: inherit;\"><span style=\"vertical-align: inherit;\"> \u00a0<\/span><\/span><em><span style=\"vertical-align: inherit;\"><span style=\"vertical-align: inherit;\">cuya peligrosidad nos fue seriamente advertida, ya hace a\u00f1os, por el <\/span><\/span><\/em><a href=\"https:\/\/puntocritico.com\/ausajpuntocritico\/2017\/02\/16\/michel-chossudovsky-contra-la-desinformacion-pavimentar-la-via-hacia-la-paz-traduccion-completa\/\"><em><span style=\"vertical-align: inherit;\"><span style=\"vertical-align: inherit;\">profesor Chossudovsky<\/span><\/span><\/em><span style=\"vertical-align: inherit;\"><span style=\"vertical-align: inherit;\">)<\/span><\/span><\/a><span style=\"vertical-align: inherit;\"><span style=\"vertical-align: inherit;\">, hoy ya <\/span><\/span><a href=\"https:\/\/puntocritico.com\/ausajpuntocritico\/2022\/09\/25\/narcoestados-el-socialismo-del-siglo-xxi-jorge-cachinero\/\"><span style=\"vertical-align: inherit;\"><span style=\"vertical-align: inherit;\">aspira a abarcar el Mundo<\/span><\/span><\/a><span style=\"vertical-align: inherit;\"><span style=\"vertical-align: inherit;\">.<\/span><\/span><\/span><\/strong><\/div>\n<div>\u00a0<\/div>\n<div style=\"text-align: center;\"><strong><span style=\"font-size: 14pt; color: #008000;\"><span style=\"vertical-align: inherit;\"><span style=\"vertical-align: inherit;\">\u00ab<\/span><\/span><a href=\"https:\/\/puntocritico.com\/ausajpuntocritico\/2022\/07\/23\/la-zona-gris-en-las-guerras-hibridas-conferencia\/\"><span style=\"font-size: 18pt;\"><span style=\"vertical-align: inherit;\"><span style=\"vertical-align: inherit;\">Zona Gris<\/span><\/span><\/span><\/a><span style=\"vertical-align: inherit;\"><span style=\"vertical-align: inherit;\">\u00ab, generada por la \u00ab<\/span><\/span><a href=\"https:\/\/puntocritico.com\/ausajpuntocritico\/2022\/07\/06\/la-amenaza-hibrida\/\"><span style=\"font-size: 18pt;\"><span style=\"vertical-align: inherit;\"><span style=\"vertical-align: inherit;\">Guerra H\u00edbrida<\/span><\/span><\/span><\/a>\u00ab<span style=\"vertical-align: inherit;\"><span style=\"vertical-align: inherit;\">\u00a0 en la que, sin ser plenamente conscientes de ello <\/span><\/span><em><span style=\"vertical-align: inherit;\"><span style=\"vertical-align: inherit;\">(pese a que representa el fin del Estado de Derecho, de la Democracia y, desde luego, de los cualesquiera Derechos Sociales, que dejar\u00e1n de ser Derechos, y pasar\u00e1n -volver\u00e1n- al \u00e1mbito de la Caridad<\/span><\/span><\/em><span style=\"vertical-align: inherit;\"><span style=\"vertical-align: inherit;\">), <\/span><\/span><a href=\"https:\/\/puntocritico.com\/ausajpuntocritico\/2021\/11\/29\/apartheid-sanitario\/\"><span style=\"vertical-align: inherit;\"><span style=\"vertical-align: inherit;\">hace tiempo<\/span><\/span><\/a><span style=\"vertical-align: inherit;\"><span style=\"vertical-align: inherit;\"> que estamos inmersos.\u00a0<\/span><\/span><\/span><\/strong><\/div>\n<div style=\"text-align: center;\">\u00a0<\/div>\n<div style=\"text-align: center;\"><strong><span style=\"font-size: 14pt; color: #008000;\"><span style=\"vertical-align: inherit;\"><span style=\"vertical-align: inherit;\">Finalizaremos esa serie de art\u00edculos con esta entrada, dedicada a la Red Social <\/span><\/span><span style=\"font-size: 18pt;\"><span style=\"vertical-align: inherit;\"><span style=\"vertical-align: inherit;\">TIKTOK<\/span><\/span><\/span><span style=\"vertical-align: inherit;\"><span style=\"vertical-align: inherit;\"> , infiltrada al mismo nivel -y por los mismos Servicios Secretos Occidentales- que las anteriormente analizadas.<\/span><\/span><\/span><\/strong><\/div>\n<div>\u00a0<\/div>\n<div style=\"text-align: center;\"><strong><span style=\"font-size: 14pt; color: #008000;\"><span style=\"vertical-align: inherit;\"><span style=\"vertical-align: inherit;\">No debemos pensar solo en los Estados del llamado Occidente. El fen\u00f3meno es verdaderamente global. Todos los Estados se ven obligados a crear -y usar- sus propias Armas H\u00edbridas; de otra manera, quedar\u00edan desprotegidos ante la amenaza h\u00edbrida, esta nueva y perversa forma de Guerra. Que parece ocurrir entre Estados, pero que, en realidad, se libra siempre contra los ciudadanos (<\/span><\/span><em><span style=\"vertical-align: inherit;\"><span style=\"vertical-align: inherit;\">no suele llegar a afectar gravemente a los ej\u00e9rcitos convencionales, caso en el que la escalada no ser\u00eda ya Guerra H\u00edbrida, sino Guerra Convencional; incluso Guerra <\/span><\/span><a href=\"https:\/\/puntocritico.com\/ausajpuntocritico\/2022\/05\/10\/consideraciones-en-torno-al-tratado-de-no-proliferacion-de-armas-nucleares\/\"><span style=\"vertical-align: inherit;\"><span style=\"vertical-align: inherit;\">At\u00f3mica<\/span><\/span><\/a><\/em><span style=\"vertical-align: inherit;\"><span style=\"vertical-align: inherit;\">).<\/span><\/span><\/span><\/strong><\/div>\n<\/blockquote>\n<div>\u00a0<\/div>\n<div><a href=\"https:\/\/puntocritico.com\/ausajpuntocritico\/2022\/05\/10\/consideraciones-en-torno-al-tratado-de-no-proliferacion-de-armas-nucleares\/\"><img loading=\"lazy\" decoding=\"async\" class=\"aligncenter wp-image-2247721\" src=\"https:\/\/puntocritico.com\/ausajpuntocritico\/wp-content\/uploads\/2022\/05\/Selfie-del-fin-del-mundo-PPAL.jpg\" alt=\"\" width=\"480\" height=\"319\" data-id=\"2247721\" srcset=\"https:\/\/puntocritico.com\/ausajpuntocritico\/wp-content\/uploads\/2022\/05\/Selfie-del-fin-del-mundo-PPAL.jpg 680w, https:\/\/puntocritico.com\/ausajpuntocritico\/wp-content\/uploads\/2022\/05\/Selfie-del-fin-del-mundo-PPAL-300x199.jpg 300w, https:\/\/puntocritico.com\/ausajpuntocritico\/wp-content\/uploads\/2022\/05\/Selfie-del-fin-del-mundo-PPAL-610x405.jpg 610w, https:\/\/puntocritico.com\/ausajpuntocritico\/wp-content\/uploads\/2022\/05\/Selfie-del-fin-del-mundo-PPAL-678x452.jpg 678w\" sizes=\"auto, (max-width: 480px) 100vw, 480px\" \/><\/a><\/div>\n<div style=\"text-align: center;\"><strong><span style=\"color: #008000; font-size: 18pt;\"><span style=\"vertical-align: inherit;\"><span style=\"vertical-align: inherit;\">*******<\/span><\/span><\/span><\/strong><\/div>\n<h2 style=\"text-align: center;\" align=\"center\"><span style=\"font-size: 24.0pt;\">SUSAN NEIMAN: \u00abIZQUIERDA NO ES WOKE\u00bb<\/span><\/h2>\n<p class=\"td-post-sub-title\" style=\"text-align: center;\"><span style=\"font-size: 14pt;\"><em><strong><span style=\"vertical-align: inherit;\"><span style=\"vertical-align: inherit;\">La fil\u00f3sofa reivindica el legado de la Ilustraci\u00f3n y el universalismo frente al tribalismo de las ideolog\u00edas identitarias.<\/span><\/span><\/strong><\/em><\/span><\/p>\n<div class=\"meta-info\">\n<div class=\"td-post-author-name\">\n<div class=\"td-author-by\" style=\"text-align: justify;\"><span style=\"font-size: 14pt;\"><span style=\"vertical-align: inherit;\"><span style=\"vertical-align: inherit;\">Por \u00c1ngel Vivas<\/span><\/span><\/span><\/div>\n<div class=\"td-author-line\" style=\"text-align: justify;\"><span style=\"font-size: 14pt;\"><a href=\"https:\/\/www.nuevarevista.net\/susan-neiman-izquierda-no-es-woke\/\" target=\"_blank\" rel=\"noopener\"><span style=\"vertical-align: inherit;\"><span style=\"vertical-align: inherit;\">Nueva Revista<\/span><\/span><\/a><span style=\"vertical-align: inherit;\"><span style=\"vertical-align: inherit;\">,<\/span><\/span><span class=\"td-post-date\"><time class=\"entry-date updated td-module-date\" datetime=\"2024-04-04T10:41:03+02:00\"><span style=\"vertical-align: inherit;\"><span style=\"vertical-align: inherit;\">4 abril, 2024<\/span><\/span><\/time><\/span><\/span><\/div>\n<\/div>\n<\/div>\n<figure id=\"attachment_2297193\" aria-describedby=\"caption-attachment-2297193\" style=\"width: 480px\" class=\"wp-caption aligncenter\"><img loading=\"lazy\" decoding=\"async\" class=\"wp-image-2297193\" src=\"https:\/\/puntocritico.com\/ausajpuntocritico\/wp-content\/uploads\/2024\/04\/Izqu-no-woke-1021x580-1-300x170.jpg\" alt=\"Izquierda no es Woke\" width=\"480\" height=\"273\" data-id=\"2297193\" srcset=\"https:\/\/puntocritico.com\/ausajpuntocritico\/wp-content\/uploads\/2024\/04\/Izqu-no-woke-1021x580-1-300x170.jpg 300w, https:\/\/puntocritico.com\/ausajpuntocritico\/wp-content\/uploads\/2024\/04\/Izqu-no-woke-1021x580-1-768x436.jpg 768w, https:\/\/puntocritico.com\/ausajpuntocritico\/wp-content\/uploads\/2024\/04\/Izqu-no-woke-1021x580-1.jpg 1021w\" sizes=\"auto, (max-width: 480px) 100vw, 480px\" \/><figcaption id=\"caption-attachment-2297193\" class=\"wp-caption-text\"><span style=\"color: #008000;\"><span style=\"vertical-align: inherit;\"><span style=\"vertical-align: inherit;\">Detalle de la cubierta del libro<\/span><\/span><\/span><\/figcaption><\/figure>\n<blockquote>\n<h3 class=\"wp-block-heading\" style=\"text-align: center;\"><span style=\"font-size: 18pt;\"><span style=\"vertical-align: inherit;\"><span style=\"vertical-align: inherit;\">Avance<\/span><\/span><\/span><\/h3>\n<p style=\"text-align: justify;\"><span style=\"font-size: 14pt;\"><span style=\"vertical-align: inherit;\"><span style=\"vertical-align: inherit;\">El llamado <strong>movimiento <\/strong><\/span><\/span><strong><em><span style=\"vertical-align: inherit;\"><span style=\"vertical-align: inherit;\">woke<\/span><\/span><\/em><\/strong><span style=\"vertical-align: inherit;\"><span style=\"vertical-align: inherit;\"> ha conseguido imponerse en Occidente hasta el punto de que ya no requiere de mayores aclaraciones. Normalmente aparece asociada a la izquierda, con la que comparte preocupaciones b\u00e1sicas, pero la autora de este libro, ella misma asociada a la izquierda seg\u00fan confesa, sostiene con rotundidad que, <strong>por encima de cualquier presupuesto com\u00fan, la izquierda no es <\/strong><\/span><\/span><strong><em><span style=\"vertical-align: inherit;\"><span style=\"vertical-align: inherit;\">Woke<\/span><\/span><\/em><\/strong><span style=\"vertical-align: inherit;\"><span style=\"vertical-align: inherit;\"><strong>, y confundir los t\u00e9rminos solo lleva a un inmerecido descr\u00e9dito de la misma<\/strong>. <strong>No son asuntos menores, sino esenciales, los que diferencian a un movimiento y otro<\/strong>. Frente al <strong>universalismo<\/strong> que caracteriza a la izquierda desde sus or\u00edgenes, los <\/span><\/span><em><span style=\"vertical-align: inherit;\"><span style=\"vertical-align: inherit;\">Woke<\/span><\/span><\/em><span style=\"vertical-align: inherit;\"><span style=\"vertical-align: inherit;\">\u00a0han apostatado por el <a href=\"https:\/\/puntocritico.com\/ausajpuntocritico\/2019\/12\/04\/la-era-de-la-indignacion-por-jonathan-haidt-letras-libres-la-esfera-publica-esta-cada-vez-mas-polarizada-la-democracia-liberal-necesita-ajustes-para-evitar-el-tribalismo-2\/\"><strong>tribalismo<\/strong><\/a> de las pol\u00edticas identitarias. La aceptaci\u00f3n o no del legado de la <strong>Ilustraci\u00f3n<\/strong> es otra diferencia; y frente al pesimismo de ra\u00edz <\/span><\/span><a href=\"https:\/\/puntocritico.com\/ausajpuntocritico\/2021\/01\/04\/poder-pastoral-y-neoliberalismo-a-proposito-de-poder-y-estado-en-michel-foucault-por-monica-flores-gomez-2\/\"><span style=\"vertical-align: inherit;\"><span style=\"vertical-align: inherit;\">foucaultiana<\/span><\/span><\/a><span style=\"vertical-align: inherit;\"><span style=\"vertical-align: inherit;\"> de los <\/span><\/span><em><span style=\"vertical-align: inherit;\"><span style=\"vertical-align: inherit;\">Woke<\/span><\/span><\/em><span style=\"vertical-align: inherit;\"><span style=\"vertical-align: inherit;\">, que les hace ver maniobras encubiertas del poder detr\u00e1s de cualquier forma de progreso, la izquierda debe enarbolar su confianza en las posibilidades de cambiar la realidad; algo manifiesto en los avances logrados por las mujeres o en la lucha contra el racismo.<\/span><\/span><\/span><\/p>\n<p style=\"text-align: justify;\"><span style=\"font-size: 14pt;\"><span style=\"vertical-align: inherit;\"><span style=\"vertical-align: inherit;\"><strong>Susan Neiman<\/strong> critica con dureza, por ejemplo, el empe\u00f1o <\/span><\/span><em><span style=\"vertical-align: inherit;\"><span style=\"vertical-align: inherit;\">Woke<\/span><\/span><\/em><span style=\"vertical-align: inherit;\"><span style=\"vertical-align: inherit;\">\u00a0por enfatizar el <strong>victimismo<\/strong>, reduciendo a ciertos grupos y personas a la paralizante condici\u00f3n de v\u00edctimas. Porque igual que no se puede juzgar a nadie por lo peor que ha hecho en su vida, tampoco se debe identificar a nadie con lo peor que le ha ocurrido. E igual que enfatizan el victimismo, enfatizan los<\/span><\/span><span style=\"vertical-align: inherit;\"><span style=\"vertical-align: inherit;\"> elementos privilegiados de la <strong>identidad<\/strong> -esencialmente la raza y el sexo- que no son tan determinantes como ellos pretenden. \u00ab<em>La pol\u00edtica identitaria nos hace mirar hacia atr\u00e1s, ancl\u00e1ndonos en el pasado<\/em>\u00bb, afirma <strong>Neiman<\/strong>. Por otro lado, la Ilustraci\u00f3n no fue el movimiento euroc\u00e9ntrico de hombres blancos que dicen los Woke<\/span><\/span><span style=\"vertical-align: inherit;\"><span style=\"vertical-align: inherit;\">. Al contrario, fueron los ilustrados como <a href=\"https:\/\/puntocritico.com\/ausajpuntocritico\/2021\/02\/03\/naturaleza-y-leyes-de-la-democracia-por-montesquieu\/\"><strong>Montesquieu<\/strong><\/a> los primeros en combatir el eurocentrismo. Los ilustrados asentaron las bases te\u00f3ricas del universalismo, y la raz\u00f3n por la que reivindicaron sigue siendo una herramienta imprescindible.<\/span><\/span><\/span><\/p>\n<p style=\"text-align: justify;\"><span style=\"font-size: 14pt;\"><span style=\"vertical-align: inherit;\"><span style=\"vertical-align: inherit;\">El <strong>movimiento Woke<\/strong><\/span><\/span><span style=\"vertical-align: inherit;\"><span style=\"vertical-align: inherit;\">\u00a0acierta cuando se\u00f1ala los machos, pero no suele ir m\u00e1s all\u00e1. Por supuesto que hay muchas injusticias que desenmascarar, dice <strong>Neiman<\/strong>, pero <strong>sin la esperanza de poner otra cosa en su lugar, el desenmascaramiento se convierte en un ejercicio vac\u00edo de exhibici\u00f3n de ingenio<\/strong>. Adem\u00e1s de que no basta con enfrentarse al pasado para abordar el racismo, el colonialismo o la esclavitud. Tan importante como honrar a las v\u00edctimas es exaltar a los <strong>h\u00e9roes<\/strong>; por ejemplo, a los blancos sure\u00f1os que en su d\u00eda combatieron la esclavitud o se opusieron a los linchamientos. <strong>Los h\u00e9roes nos recuerdan que los ideales que valoramos ya fueron puestos en pr\u00e1ctica por personas valientes y las guerras de la historia tratan de valores y de qui\u00e9nes queremos ser<\/strong>.<\/span><\/span><\/span><\/p>\n<p style=\"text-align: justify;\"><span style=\"font-size: 14pt;\"><span style=\"vertical-align: inherit;\"><span style=\"vertical-align: inherit;\">En definitiva, por su abandono de principios esenciales de la izquierda, el concepto de izquierda Woke<\/span><\/span><span style=\"vertical-align: inherit;\"><span style=\"vertical-align: inherit;\"> le parece a la autora incoherente en s\u00ed mismo.<\/span><\/span><\/span><\/p>\n<\/blockquote>\n<p style=\"text-align: center;\"><span style=\"font-size: 18pt;\"><strong><span style=\"color: #008000;\"><span style=\"vertical-align: inherit;\"><span style=\"vertical-align: inherit;\">*******<\/span><\/span><\/span><\/strong><\/span><\/p>\n<p><a href=\"https:\/\/puntocritico.com\/ausajpuntocritico\/2023\/06\/05\/el-poder-woke\/\"><img loading=\"lazy\" decoding=\"async\" class=\"aligncenter wp-image-2277308\" src=\"https:\/\/puntocritico.com\/ausajpuntocritico\/wp-content\/uploads\/2023\/06\/PODER-WOKE-PPAL-300x199.jpg\" alt=\"\" width=\"400\" height=\"266\" data-id=\"2277308\" srcset=\"https:\/\/puntocritico.com\/ausajpuntocritico\/wp-content\/uploads\/2023\/06\/PODER-WOKE-PPAL-300x199.jpg 300w, https:\/\/puntocritico.com\/ausajpuntocritico\/wp-content\/uploads\/2023\/06\/PODER-WOKE-PPAL-678x452.jpg 678w, https:\/\/puntocritico.com\/ausajpuntocritico\/wp-content\/uploads\/2023\/06\/PODER-WOKE-PPAL.jpg 680w\" sizes=\"auto, (max-width: 400px) 100vw, 400px\" \/><\/a><\/p>\n<p>&nbsp;<\/p>\n<p style=\"text-align: justify;\"><span style=\"font-size: 14pt;\"><span style=\"vertical-align: inherit;\"><span style=\"vertical-align: inherit;\">\u00bfEs el movimiento <\/span><\/span><em><span style=\"vertical-align: inherit;\"><span style=\"vertical-align: inherit;\">Woke<\/span><\/span><\/em><span style=\"vertical-align: inherit;\"><span style=\"vertical-align: inherit;\"> el nuevo ropaje de la izquierda de siempre, su forma de adaptarse a los tiempos tras la ca\u00edda del bloque sovi\u00e9tico y el fracaso de otras estrategias? Esta idea, sostenida en distintos \u00e1mbitos, es rebatida por la fil\u00f3sofa\u00a0 <\/span><\/span><strong><span style=\"vertical-align: inherit;\"><span style=\"vertical-align: inherit;\">Susan Neiman<\/span><\/span><\/strong><span style=\"vertical-align: inherit;\"><span style=\"vertical-align: inherit;\">, que se considera a s\u00ed misma de izquierdas\u00a0 <\/span><\/span><strong><span style=\"vertical-align: inherit;\"><span style=\"vertical-align: inherit;\">(\u201cno tengo ning\u00fan problema en que me califiquen de izquierdista o socialista\u201d<\/span><\/span><\/strong><span style=\"vertical-align: inherit;\"><span style=\"vertical-align: inherit;\">). S\u00ed admite que el movimiento Woke<\/span><\/span><span style=\"vertical-align: inherit;\"><span style=\"vertical-align: inherit;\">\u00a0pudo tener su punto de partida en la conmoci\u00f3n que se produjo hacia 1990-91 con la ca\u00edda del Muro de Berl\u00edn y la consiguiente desaparici\u00f3n del bloque sovi\u00e9tico. Pero niega rotundamente, desde la portada expl\u00edcita de su libro, que izquierda y movimiento\u00a0 <\/span><\/span><em><span style=\"vertical-align: inherit;\"><span style=\"vertical-align: inherit;\">despertaron<\/span><\/span><\/em><span style=\"vertical-align: inherit;\"><span style=\"vertical-align: inherit;\"> \u00a0sean lo mismo. A poner de manifiesto sus diferencias dedica este trabajo, en el que rastrea en las ra\u00edces filos\u00f3ficas de una y otro. Entre esas diferencias, tiene una importancia especial el concepto de universalismo, b\u00e1sico en la izquierda y ausente entre los <i>Woke<\/i><\/span><\/span><span style=\"vertical-align: inherit;\"><span style=\"vertical-align: inherit;\">. Mientras que ser de izquierdas implica insistir en que las aspiraciones contenidas en la <strong>Declaraci\u00f3n Universal de los Derechos Humanos<\/strong> no son ut\u00f3picas, los conflictos identitarios que suelen ser el caballo de batalla de la cultura <\/span><\/span><em><span style=\"vertical-align: inherit;\"><span style=\"vertical-align: inherit;\">Woke<\/span><\/span><\/em><span style=\"vertical-align: inherit;\"><span style=\"vertical-align: inherit;\">\u00a0<em>(en otras palabras, el tribalismo<\/em>) se alimentan de la desilusi\u00f3n respecto a las ideas mismas de la justicia social y de una econom\u00eda justa, como ha se\u00f1alado\u00a0 <\/span><\/span><strong><span style=\"vertical-align: inherit;\"><span style=\"vertical-align: inherit;\">Thomas Piketty<\/span><\/span><\/strong><span style=\"vertical-align: inherit;\"><span style=\"vertical-align: inherit;\">.<\/span><\/span><\/span><\/p>\n<p style=\"text-align: justify;\"><span style=\"font-size: 14pt;\"><span style=\"vertical-align: inherit;\"><span style=\"vertical-align: inherit;\">Desde la introducci\u00f3n del libro, la autora sostiene la necesidad de que la izquierda denuncie los excesos de ese movimiento y marca distancias<\/span><\/span><span style=\"vertical-align: inherit;\"><span style=\"vertical-align: inherit;\">: <\/span><\/span><strong><span style=\"vertical-align: inherit;\"><span style=\"vertical-align: inherit;\">\u00ab<em>Yo no estoy dispuesta a ceder la palabra izquierda, o a aceptar el planteamiento dicot\u00f3mico de que los que no son Wo<\/em><\/span><\/span><em><span style=\"vertical-align: inherit;\"><span style=\"vertical-align: inherit;\">ke<\/span><\/span><\/em><span style=\"vertical-align: inherit;\"><span style=\"vertical-align: inherit;\"><em> tienen que ser reaccionarios<\/em>\u00bb<\/span><\/span><\/strong><span style=\"vertical-align: inherit;\"><span style=\"vertical-align: inherit;\">.<\/span><\/span><span style=\"vertical-align: inherit;\"><span style=\"vertical-align: inherit;\">\u00a0\u00ab<em><strong>Mi prop\u00f3sito es analizar cu\u00e1ntos de los que actualmente se autoidentifican como de izquierdas han abandonado ideas fundamentales que cualquier persona de izquierdas deber\u00eda defender<\/strong><\/em>\u00bb. \u00ab<em><strong>Las diferencias que me separan de los que son\u00a0 <\/strong><\/em><\/span><\/span><em><strong><span style=\"vertical-align: inherit;\"><span style=\"vertical-align: inherit;\">woke<\/span><\/span><\/strong><\/em><span style=\"vertical-align: inherit;\"><span style=\"vertical-align: inherit;\"><em><strong> \u00a0no son menores\u2026 entran en el coraz\u00f3n mismo de lo que significa estar a la izquierda<\/strong><\/em>\u00bb.<\/span><\/span><\/span><\/p>\n<p style=\"text-align: justify;\"><span style=\"font-size: 14pt;\"><span style=\"vertical-align: inherit;\"><span style=\"vertical-align: inherit;\">Admite, sin embargo, alg\u00fan punto de contacto y, como la mayor\u00eda de los analistas, las intenciones buenas que animan a lo\u00a0 <\/span><\/span><em><span style=\"vertical-align: inherit;\"><span style=\"vertical-align: inherit;\">woke<\/span><\/span><\/em><span style=\"vertical-align: inherit;\"><span style=\"vertical-align: inherit;\">,\u00a0 <\/span><\/span><strong><span style=\"vertical-align: inherit;\"><span style=\"vertical-align: inherit;\">\u00ab<em>que naci\u00f3 de emociones tradicionalmente de izquierdas: la empat\u00eda con los marginados, la indignaci\u00f3n ante la dif\u00edcil situaci\u00f3n de los oprimidos, la determinaci\u00f3n de que los errores hist\u00f3ricos deben ser corregidos<\/em>\u00bb<\/span><\/span><\/strong><span style=\"vertical-align: inherit;\"><span style=\"vertical-align: inherit;\">. <\/span><\/span><span style=\"vertical-align: inherit;\"><span style=\"vertical-align: inherit;\">El problema es que lo que comienza con la preocupaci\u00f3n por las personas marginadas, termina reduciendo a cada una de ellas al prisma de su marginaci\u00f3n; <strong>se centra en aquellas partes de esas identidades que est\u00e1n m\u00e1s marginadas y en multiplicarlas, dando lugar a un panorama traum\u00e1tico<\/strong>. Adem\u00e1s de que sus pretensiones pueden llegar a ser no solo rid\u00edculas, sino aterradoras. La autora pone un t\u00edtulo de ejemplo el caso de la poeta negra que (<em>seg\u00fan una bloguera holandesa<\/em>) solo puede ser traducida por una mujer negra. <strong>Posturas a las que se pliegan -y esto es quiz\u00e1s lo m\u00e1s preocupante- editores y autoridades acad\u00e9micas<\/strong>.<\/span><\/span><\/span><\/p>\n<p>&nbsp;<\/p>\n<p><a href=\"https:\/\/puntocritico.com\/ausajpuntocritico\/2023\/09\/27\/la-nueva-religion-de-estado-canada-woke\/\"><img loading=\"lazy\" decoding=\"async\" class=\"aligncenter size-medium wp-image-2287798\" src=\"https:\/\/puntocritico.com\/ausajpuntocritico\/wp-content\/uploads\/2023\/09\/Trudeau-nazi-rosa-300x234.jpg\" alt=\"\" width=\"300\" height=\"234\" data-id=\"2287798\" srcset=\"https:\/\/puntocritico.com\/ausajpuntocritico\/wp-content\/uploads\/2023\/09\/Trudeau-nazi-rosa-300x234.jpg 300w, https:\/\/puntocritico.com\/ausajpuntocritico\/wp-content\/uploads\/2023\/09\/Trudeau-nazi-rosa.jpg 513w\" sizes=\"auto, (max-width: 300px) 100vw, 300px\" \/><\/a><\/p>\n<h3 class=\"wp-block-heading\" style=\"text-align: center;\"><span style=\"font-size: 18pt;\"><span style=\"vertical-align: inherit;\"><span style=\"vertical-align: inherit;\">victimismo<\/span><\/span><\/span><\/h3>\n<p style=\"text-align: justify;\"><span style=\"font-size: 14pt;\"><span style=\"vertical-align: inherit;\"><span style=\"vertical-align: inherit;\">Tambi\u00e9n es interesante la cuesti\u00f3n del victimismo por las derivaciones a que da lugar. De entrada, \u00ab<em>es se\u00f1al de progreso moral que las historias de las v\u00edctimas ya no se desestimen, como durante tanto tiempo ocurri\u00f3<\/em>\u00bb El problema es que \u00ab<em>lo que hasta hace poco era un estigma se ha convertido en una manera de conseguir estatus<\/em>\u00bb. Por otro lado, el sufrimiento no nos hace mejores ni m\u00e1s sabios. <\/span><\/span><strong><span style=\"vertical-align: inherit;\"><span style=\"vertical-align: inherit;\">\u00ab<em>No nos hicimos m\u00e1s sabios en Auschwitz<\/em>\u00bb, como escribi\u00f3 <\/span><\/span><a href=\"https:\/\/puntocritico.com\/ausajpuntocritico\/2017\/08\/16\/la-tortura-por-jean-amery\/\"><span style=\"vertical-align: inherit;\"><span style=\"vertical-align: inherit;\">Jean Am\u00e9ry<\/span><\/span><\/a><\/strong><span style=\"vertical-align: inherit;\"><span style=\"vertical-align: inherit;\">, <\/span><\/span><strong><span style=\"vertical-align: inherit;\"><span style=\"vertical-align: inherit;\">que sufri\u00f3 la experiencia<\/span><\/span><\/strong><span style=\"vertical-align: inherit;\"><span style=\"vertical-align: inherit;\">. \u00ab<em>La opresi\u00f3n no es una escuela preparatoria<\/em>\u00bb, ha dicho otro autor; \u00ab<em>no es algo que me d\u00e9 especial derecho a hablar, evaluar o decidir por un grupo<\/em>\u00bb. <strong>Otorgar valor al trauma conduce a una pol\u00edtica de expresi\u00f3n personal y no de cambio social<\/strong>. Y, en fin, igual que cualquier persona es algo m\u00e1s que lo peor que ha hecho en su vida (<em>y no se la puede definir por eso<\/em>), tampoco somos lo peor que nos ha pasado y nadie deber\u00eda querer ser definido por la peor cosa. que le haya pasado. Esto vale tambi\u00e9n para las naciones.\u00a0 <\/span><\/span><strong><span style=\"vertical-align: inherit;\"><span style=\"vertical-align: inherit;\">As\u00ed como la larga colonizaci\u00f3n musulmana de la Pen\u00ednsula Ib\u00e9rica es considerada un cap\u00edtulo de las historias de Espa\u00f1a y Portugal, la m\u00e1s breve colonizaci\u00f3n europea de \u00c1frica deber\u00eda ser considerada por esos pa\u00edses un cap\u00edtulo de su historia y no el centro de la misma<\/span><\/span><\/strong><span style=\"vertical-align: inherit;\"><span style=\"vertical-align: inherit;\"> . En resumen, preocuparse por las v\u00edctimas es una virtud, pero ser v\u00edctima no lo es, y \u00ab<em>esencializar el victimismo no es un camino que la izquierda debe seguir<\/em>\u00bb.<\/span><\/span><\/span><\/p>\n<p>&nbsp;<\/p>\n<p><a href=\"https:\/\/puntocritico.com\/ausajpuntocritico\/2023\/03\/08\/8-m-la-fiesta-del-odio\/\"><img loading=\"lazy\" decoding=\"async\" class=\"aligncenter wp-image-2268455\" src=\"https:\/\/puntocritico.com\/ausajpuntocritico\/wp-content\/uploads\/2023\/03\/ODIO-AL-HOMBRE-NO-ES-FEMINISMO-SINO-SUPREMACISMO-300x169.jpg\" alt=\"\" width=\"400\" height=\"225\" data-id=\"2268455\" srcset=\"https:\/\/puntocritico.com\/ausajpuntocritico\/wp-content\/uploads\/2023\/03\/ODIO-AL-HOMBRE-NO-ES-FEMINISMO-SINO-SUPREMACISMO-300x169.jpg 300w, https:\/\/puntocritico.com\/ausajpuntocritico\/wp-content\/uploads\/2023\/03\/ODIO-AL-HOMBRE-NO-ES-FEMINISMO-SINO-SUPREMACISMO-610x343.jpg 610w, https:\/\/puntocritico.com\/ausajpuntocritico\/wp-content\/uploads\/2023\/03\/ODIO-AL-HOMBRE-NO-ES-FEMINISMO-SINO-SUPREMACISMO.jpg 678w\" sizes=\"auto, (max-width: 400px) 100vw, 400px\" \/><\/a><\/p>\n<h3 class=\"wp-block-heading\" style=\"text-align: center;\"><span style=\"font-size: 18pt;\"><span style=\"vertical-align: inherit;\"><span style=\"vertical-align: inherit;\">Identitarismo versus universalismo<\/span><\/span><\/span><\/h3>\n<p style=\"text-align: justify;\"><span style=\"font-size: 14pt;\"><span style=\"vertical-align: inherit;\"><span style=\"vertical-align: inherit;\">La pol\u00edtica identitaria, opuesta al universalismo y uno de los postulados del movimiento Woke<\/span><\/span><span style=\"vertical-align: inherit;\"><span style=\"vertical-align: inherit;\">, es otro blanco de las cr\u00edticas de la autora. Por un lado, la idea de universalismo se defini\u00f3 en su d\u00eda a la izquierda, cuyo lema era la solidaridad internacional. Por otro, la pol\u00edtica identitaria se centra, entre los m\u00faltiples componentes de la identidad, principalmente en dos: <strong>la identidad \u00e9tnica y la de g\u00e9nero. Pero esos dos elementos son menos determinantes de lo que se cree<\/strong>. Es obvio que no es lo mismo ser negro en <em>Nueva York<\/em> que en <em>Ruanda<\/em>, como no es lo mismo ser mujer en <em>Ir\u00e1n<\/em> que en <em>Espa\u00f1a<\/em>. <\/span><\/span><strong><span style=\"vertical-align: inherit;\"><span style=\"vertical-align: inherit;\">Primar lo identitario ha llevado a pol\u00edticas de discriminaci\u00f3n positiva discutibles, pese a contar con un fondo de raz\u00f3n. \u00ab<em>Diversificar estructuras de poder sin preguntarse para qu\u00e9 se usa el poder puede conducir a sistemas de opresi\u00f3n m\u00e1s fuertes<\/em>\u00bb<\/span><\/span><\/strong><span style=\"vertical-align: inherit;\"><span style=\"vertical-align: inherit;\">,<\/span><\/span><span style=\"vertical-align: inherit;\"><span style=\"vertical-align: inherit;\">\u00a0dice <strong>Neiman<\/strong>, que aporta otro caso en que coincide lo aterrador y lo rid\u00edculo: una encuesta en la que se preguntaba si los <em>interrogatorios extraterritoriales<\/em> -para entendernos, las torturas practicadas en lugares como <em>Guant\u00e1namo<\/em> tras el<strong> 11-S<\/strong>&#8211; deben ser m\u00e1s diversas en cuanto al g\u00e9nero y la raza, ya la que la mayor\u00eda respond\u00eda en serio que s\u00ed, sin plantearse nada m\u00e1s.<\/span><\/span><\/span><\/p>\n<p style=\"text-align: justify;\"><span style=\"font-size: 14pt;\"><span style=\"vertical-align: inherit;\"><span style=\"vertical-align: inherit;\">\u00ab<em>La pol\u00edtica identitaria nos hace mirar hacia atr\u00e1s, ancl\u00e1ndonos en el pasado<\/em>\u00bb, sostiene la autora, que a\u00f1ade esta cita de un colega: \u00ab<em>Incluso cuando toma un cariz radical, la pol\u00edtica identitaria es una pol\u00edtica de grupos de inter\u00e9s. Su objetivo es cambiar la distribuci\u00f3n de beneficios, no las reglas bajo las cuales tiene lugar esa distribuci\u00f3n<\/em>\u00bb. Asunto que recuerda a aquella vieja cr\u00edtica que, en la <em>Espa\u00f1a<\/em> de los 80, algunos de sus componentes (<em>Savater y otros<\/em>) dirigieron a un movimiento de PNNs que perdi\u00f3 el inter\u00e9s por cambiar el sistema una vez que llegaron los suyos a los tribunales de oposici\u00f3n.<\/span><\/span><\/span><\/p>\n<p style=\"text-align: justify;\"><span style=\"font-size: 14pt;\"><span style=\"vertical-align: inherit;\"><span style=\"vertical-align: inherit;\">Volviendo al universalismo, \u00ab<em>si las reclamaciones de las minor\u00edas no son consideradas derechos humanos, sino como derechos de grupos particulares, \u00bfqu\u00e9 impide a una mayor\u00eda insistir en los suyos?<\/em>\u00bb. <strong>Neiman<\/strong> recuerda\u00a0 <\/span><\/span><strong><span style=\"vertical-align: inherit;\"><span style=\"vertical-align: inherit;\">que Hannah Arendt sosten\u00eda que Adolf Eichmann deber\u00eda haber sido juzgado por cr\u00edmenes contra la humanidad, no por cr\u00edmenes contra el pueblo jud\u00edo<\/span><\/span><\/strong><span style=\"vertical-align: inherit;\"><span style=\"vertical-align: inherit;\">.<\/span><\/span><\/span><\/p>\n<p>&nbsp;<\/p>\n<p><a href=\"https:\/\/puntocritico.com\/ausajpuntocritico\/2023\/05\/25\/censura-y-cancelacion\/\"><img loading=\"lazy\" decoding=\"async\" class=\"aligncenter wp-image-2272847\" src=\"https:\/\/puntocritico.com\/ausajpuntocritico\/wp-content\/uploads\/2023\/04\/cultura-cancelacion-e1682525717238-300x166.webp\" alt=\"\" width=\"440\" height=\"243\" data-id=\"2272847\" srcset=\"https:\/\/puntocritico.com\/ausajpuntocritico\/wp-content\/uploads\/2023\/04\/cultura-cancelacion-e1682525717238-300x166.webp 300w, https:\/\/puntocritico.com\/ausajpuntocritico\/wp-content\/uploads\/2023\/04\/cultura-cancelacion-e1682525717238-1024x566.webp 1024w, https:\/\/puntocritico.com\/ausajpuntocritico\/wp-content\/uploads\/2023\/04\/cultura-cancelacion-e1682525717238-768x424.webp 768w, https:\/\/puntocritico.com\/ausajpuntocritico\/wp-content\/uploads\/2023\/04\/cultura-cancelacion-e1682525717238-610x337.webp 610w, https:\/\/puntocritico.com\/ausajpuntocritico\/wp-content\/uploads\/2023\/04\/cultura-cancelacion-e1682525717238.webp 1225w\" sizes=\"auto, (max-width: 440px) 100vw, 440px\" \/><\/a><\/p>\n<h3 class=\"wp-block-heading\" style=\"text-align: center;\"><span style=\"font-size: 18pt;\"><span style=\"vertical-align: inherit;\"><span style=\"vertical-align: inherit;\">Defensa de la Ilustraci\u00f3n<\/span><\/span><\/span><\/h3>\n<p style=\"text-align: justify;\"><span style=\"font-size: 14pt;\"><span style=\"vertical-align: inherit;\"><span style=\"vertical-align: inherit;\">El universalismo es uno de los legados de una Ilustraci\u00f3n que hoy algunos sectores (<\/span><\/span><em><span style=\"vertical-align: inherit;\"><span style=\"vertical-align: inherit;\">woke<\/span><\/span><\/em><span style=\"vertical-align: inherit;\"><span style=\"vertical-align: inherit;\">\u00a0y adl\u00e1teres) desde\u00f1an como movimiento europeo y euroc\u00e9ntrico de hombres blancos. La autora, por supuesto, echa su cuarto a espadas en defensa de los ilustrados. \u00ab<em><strong>Los pensadores de la Ilustraci\u00f3n fueron quienes inventaron la cr\u00edtica del eurocentrismo y los primeros en atacar el colonialismo bas\u00e1ndose en ideas universalistas<\/strong><\/em>\u00bb. La acusaci\u00f3n de eurocentrismo dirigida a la ilustraci\u00f3n es tanto m\u00e1s desconcertante por cuanto la tradici\u00f3n de ver el mundo desde una perspectiva no europea, que hoy reivindican los te\u00f3ricos poscoloniales, se remonta a\u00a0 <\/span><\/span><a href=\"https:\/\/puntocritico.com\/ausajpuntocritico\/?s=Montesquieu\"><strong><span style=\"vertical-align: inherit;\"><span style=\"vertical-align: inherit;\">Montesquieu<\/span><\/span><\/strong><\/a><span style=\"vertical-align: inherit;\"><span style=\"vertical-align: inherit;\"> \u00a0y sus\u00a0 <\/span><\/span><em><span style=\"vertical-align: inherit;\"><span style=\"vertical-align: inherit;\">Cartas persas<\/span><\/span><\/em><span style=\"vertical-align: inherit;\"><span style=\"vertical-align: inherit;\"> . \u00ab<em>La Ilustraci\u00f3n marc\u00f3 un hito a la hora de rechazar el eurocentrismo e instar a los europeos a examinarse a s\u00ed mismos desde la perspectiva del resto del mundo<\/em>\u00bb. \u00ab<em>El universalismo no es una fraudulenta imposici\u00f3n europea<\/em>\u00bb, a\u00f1ade.<\/span><\/span><\/span><\/p>\n<p style=\"text-align: justify;\"><span style=\"font-size: 14pt;\"><span style=\"vertical-align: inherit;\"><span style=\"vertical-align: inherit;\">Los mejores pensadores de la <strong>Ilustraci\u00f3n<\/strong> denunciaron tambi\u00e9n el robo de tierras que conform\u00f3 los imperios europeos, igual que fueron rotundos en la <strong>condena de la esclavitud<\/strong> (<em>el <a href=\"https:\/\/puntocritico.com\/ausajpuntocritico\/2024\/04\/09\/metafisica-de-las-costumbres-philosophia-practica-universalis\/\">imperativo categ\u00f3rico de\u00a0<strong>Kant<\/strong><\/a><\/em><\/span><\/span><span style=\"vertical-align: inherit;\"><span style=\"vertical-align: inherit;\"><em>\u00a0establece que las personas nunca pueden ser tratadas como medios<\/em>). Por encima de que dejaran comentarios racistas dispersos o que muy pocos llegaran a cuestionar el sexismo, los ilustrados \u00ab<em>asentaron las bases te\u00f3ricas del universalismo<\/em>\u00bb. Aunque la mayor\u00eda de ellos negaran la raz\u00f3n a las mujeres, esa raz\u00f3n que reivindicaron es una herramienta sin la que no podemos vivir. <strong>Hemos heredado las ideas de la Ilustraci\u00f3n y las hemos asimilado hasta tal punto que somos incapaces de ver lo radicales que fueron en su momento y lo sumamente necesarios que siguen siendo<\/strong>.<\/span><\/span><\/span><\/p>\n<p style=\"text-align: justify;\"><span style=\"font-size: 14pt;\"><span style=\"vertical-align: inherit;\"><span style=\"vertical-align: inherit;\">Frente al legado de la Ilustraci\u00f3n, el movimiento Woke<\/span><\/span><span style=\"vertical-align: inherit;\"><span style=\"vertical-align: inherit;\"> ha tomado como referente a\u00a0<\/span><\/span><strong><span style=\"vertical-align: inherit;\"><span style=\"vertical-align: inherit;\">Michel Foucault<\/span><\/span><\/strong><span style=\"vertical-align: inherit;\"><span style=\"vertical-align: inherit;\">, cuyo pensamiento ha permeado los estudios coloniales.\u00a0 <\/span><\/span><strong><span style=\"vertical-align: inherit;\"><span style=\"vertical-align: inherit;\">El problema con Foucault no es solo que su estilo de apariencia radical encubriera un mensaje reaccionario de fondo<\/span><\/span><\/strong><span style=\"vertical-align: inherit;\"><span style=\"vertical-align: inherit;\"> , o que, como dijo el citado\u00a0 <\/span><\/span><strong><span style=\"vertical-align: inherit;\"><span style=\"vertical-align: inherit;\">Am\u00e9ry<\/span><\/span><\/strong><span style=\"vertical-align: inherit;\"><span style=\"vertical-align: inherit;\">, resulta muy dif\u00edcil entenderse mediante el sentido com\u00fan con hombres como \u00e9l, sino que su capacidad -si es que no su deseo-para ver siempre el lado oscuro de las cosas, y encontrar detr\u00e1s de cualquier avance social la mano negra del poder, resulta totalmente paralizante a la hora de luchar por el progreso: si todo es poder, no hay nada que se pueda hacer. Contra ese pensamiento <em>foucaultiano<\/em>, la autora sostiene que \u00ab<em>el cometido de la raz\u00f3n es negar que las afirmaciones de la experiencia son definitivas, e impulsarnos a ampliar el horizonte proporcion\u00e1ndonos unos ideales a los que la experiencia deber\u00eda obedecer<\/em>\u00bb. Otro ejemplo en que el pesimismo <em>Woke<\/em><\/span><\/span><span style=\"vertical-align: inherit;\"><span style=\"vertical-align: inherit;\">, de ra\u00edz <em>foucaultiana<\/em> o no, conduce a la par\u00e1lisis, es su afirmaci\u00f3n de que el racismo est\u00e1 en el ADN de Estados Unidos. Si as\u00ed fuera, tampoco aqu\u00ed habr\u00eda nada que hacer.<\/span><\/span><\/span><\/p>\n<p>&nbsp;<\/p>\n<p><a href=\"https:\/\/puntocritico.com\/ausajpuntocritico\/2022\/03\/08\/despedida-las-campanas-doblan-por-ti\/\"><img loading=\"lazy\" decoding=\"async\" class=\"aligncenter size-medium wp-image-2242355\" src=\"https:\/\/puntocritico.com\/ausajpuntocritico\/wp-content\/uploads\/2022\/03\/ODIO-al-Hombre-PPAL-300x199.jpg\" alt=\"\" width=\"300\" height=\"199\" data-id=\"2242355\" srcset=\"https:\/\/puntocritico.com\/ausajpuntocritico\/wp-content\/uploads\/2022\/03\/ODIO-al-Hombre-PPAL-300x199.jpg 300w, https:\/\/puntocritico.com\/ausajpuntocritico\/wp-content\/uploads\/2022\/03\/ODIO-al-Hombre-PPAL-610x405.jpg 610w, https:\/\/puntocritico.com\/ausajpuntocritico\/wp-content\/uploads\/2022\/03\/ODIO-al-Hombre-PPAL-678x452.jpg 678w, https:\/\/puntocritico.com\/ausajpuntocritico\/wp-content\/uploads\/2022\/03\/ODIO-al-Hombre-PPAL.jpg 680w\" sizes=\"auto, (max-width: 300px) 100vw, 300px\" \/><\/a><\/p>\n<h3 class=\"wp-block-heading\" style=\"text-align: center;\"><span style=\"font-size: 18pt;\"><span style=\"vertical-align: inherit;\"><span style=\"vertical-align: inherit;\">A vueltas con el progreso<\/span><\/span><\/span><\/h3>\n<p style=\"text-align: justify;\"><span style=\"font-size: 14pt;\"><span style=\"vertical-align: inherit;\"><span style=\"vertical-align: inherit;\">La <strong>idea de progreso<\/strong> le parece tan importante a <strong>Neiman<\/strong> que sostiene que la creencia en su posibilidad es lo que marca la diferencia m\u00e1s profunda entre la izquierda y la derecha. \u00ab<strong><em>Si renunciamos a la perspectiva del progreso, la pol\u00edtica se convierte en una mera lucha por el poder<\/em><\/strong>\u00bb. Lo cual no implica que el progreso sea inexorable o est\u00e9 garantizado; pero la izquierda se afana por conseguirlo. Y aunque esperanza y optimismo no sean lo mismo, \u00ab<em>se puede afirmar con total certeza: si sucumbimos a la seducci\u00f3n del pesimismo, el mundo tal y como lo conocemos est\u00e1 perdido<\/em>\u00bb. Para <strong>Neiman<\/strong>, \u00ab<em>la esperanza no constituye una perspectiva epistemol\u00f3gica sino moral\u00bb, y \u00abpara preocuparse por cu\u00e1l vaya a ser el destino del mundo debemos amar al menos alguna parte de \u00e9l<\/em>\u00bb.<\/span><\/span><\/span><\/p>\n<p style=\"text-align: justify;\"><span style=\"font-size: 14pt;\"><span style=\"vertical-align: inherit;\"><span style=\"vertical-align: inherit;\">As\u00ed, \u00ab<em>progresistas ser\u00eda el t\u00e9rmino correcto para los que hoy se inclinan hacia la izquierda si estos no abrazaran filosof\u00edas que niegan la esperanza de progreso<\/em>\u00bb. Por supuesto, los activistas Woke<\/span><\/span><span style=\"vertical-align: inherit;\"><span style=\"vertical-align: inherit;\">\u00a0por lo general no niegan que aspiran al progreso, pero ser\u00eda m\u00e1s f\u00e1cil creerles \u00ab<em>si estuvieran dispuestos a reconocer que algunas formas de progreso se alcanzaron en el pasado<\/em>\u00bb. Y ejemplos indiscutibles de progreso son que hoy nos producen escalofr\u00edos convertir la tortura en espect\u00e1culo (<em>incluso para ni\u00f1os<\/em>); que una familia negra haya llegado a vivir ocho a\u00f1os en la <em>Casa Blanca<\/em>; o que, pese al racismo remanente, ya no haya que luchar contra las leyes que segregan a los negros en las cafeter\u00edas. Por no hablar de los evidentes logros de las mujeres.<\/span><\/span><\/span><\/p>\n<p style=\"text-align: justify;\"><span style=\"font-size: 14pt;\"><span style=\"vertical-align: inherit;\"><span style=\"vertical-align: inherit;\">Los <em>Woke <\/em><\/span><\/span><span style=\"vertical-align: inherit;\"><span style=\"vertical-align: inherit;\">aciertan al se\u00f1alar los machos, pero suelen quedarse ah\u00ed. \u00ab<\/span><\/span><strong><span style=\"vertical-align: inherit;\"><span style=\"vertical-align: inherit;\"><em>Hay muchos ejemplos de injusticia que desenmascarar\u2026 Pero sin la esperanza de poner otra cosa en su lugar, ese desenmascaramiento se convierte en un ejercicio vac\u00edo de exhibici\u00f3n de ingenio<\/em><\/span><\/span><\/strong><span style=\"vertical-align: inherit;\"><span style=\"vertical-align: inherit;\">\u00bb.<\/span><\/span><span style=\"vertical-align: inherit;\"><span style=\"vertical-align: inherit;\"> \u00a0La parte buena de enfrentarse al pasado y abordar el racismo, el colonialismo o la esclavitud es que se avanza hacia naciones m\u00e1s saludables, pero \u00ab<em>un exceso de concentraci\u00f3n en el pasado puede dificultar la visi\u00f3n del presente, y m\u00e1s a\u00fan del futuro<\/em>\u00bb. Y no es solo cuesti\u00f3n de mirar hacia adelante; Tambi\u00e9n importa la forma de mirar al pasado. Porque <strong>si hemos sido negligentes a la hora de honrar a las v\u00edctimas, no podemos ahora olvidar a los h\u00e9roes<\/strong>; \u00ab<em>ninguna naci\u00f3n puede prosperar aliment\u00e1ndose solamente de malos recuerdos<\/em>\u00bb. Como se ha dicho m\u00e1s de una vez (<em>lo dec\u00eda, por ejemplo, el espa\u00f1ol <\/em><\/span><\/span><em><strong><span style=\"vertical-align: inherit;\"><span style=\"vertical-align: inherit;\">Juan Marichal<\/span><\/span><\/strong><\/em><span style=\"vertical-align: inherit;\"><span style=\"vertical-align: inherit;\">), a la causa de la libertad se la ayuda mostrando ejemplos que la enaltecen. <a href=\"https:\/\/puntocritico.com\/ausajpuntocritico\/2024\/02\/18\/indice-la-otra-historia-de-los-estados-unidos-de-howard-zinn\/\"><strong>La historia de Estados Unidos no es solo de conquista y esclavitud, tambi\u00e9n de resistencia contra ambas<\/strong><\/a>. Y los h\u00e9roes nos recuerdan que los ideales que valoramos fueron puestos en pr\u00e1ctica por personas valientes. \u00ab<em>Las guerras de la historia no tratan de herencia, sino de valores. No son luchas sobre qui\u00e9nes \u00e9ramos, sino sobre qui\u00e9nes queremos ser. Los actuales debates sobre monumentos centran la atenci\u00f3n en qu\u00e9 estatuas habr\u00eda que derribar, pero tendr\u00edamos que preguntarnos por qui\u00e9nes habr\u00eda que reemplazarlas<\/em>\u00bb. Por ejemplo, por sure\u00f1os blancos que se opusieron a la esclavitud y lucharon contra los linchamientos. \u00ab<em>Si esos nombres fueran conocidos y conmemorados, el pa\u00eds podr\u00eda pasar de la verg\u00fcenza al orgullo<\/em>\u00bb, dice <strong>Neiman<\/strong>.<\/span><\/span><\/span><\/p>\n<p style=\"text-align: justify;\"><span style=\"font-size: 14pt;\"><span style=\"vertical-align: inherit;\"><span style=\"vertical-align: inherit;\">En definitiva, ha habido, por parte del movimiento Woke<\/span><\/span><span style=\"vertical-align: inherit;\"><span style=\"vertical-align: inherit;\">, un \u00ab<em>progresivo abandono de tres principios esenciales para la izquierda: el compromiso con el universalismo, una distinci\u00f3n clara entre la justicia y el poder, y la posibilidad del progreso<\/em>\u00bb. Por eso, porque \u00ab<em><strong>el poscolonialismo Woke<\/strong><\/em><\/span><\/span><em><strong><span style=\"vertical-align: inherit;\"><span style=\"vertical-align: inherit;\"> ha abandonado todos los principios liberales o de izquierdas que necesitamos para mantenernos rectos<\/span><\/span><\/strong><\/em><span style=\"vertical-align: inherit;\"><span style=\"vertical-align: inherit;\">\u00bb, el concepto de izquierda Woke<\/span><\/span><span style=\"vertical-align: inherit;\"><span style=\"vertical-align: inherit;\">\u00a0le parece a la autora incoherente en s\u00ed mismo, y \u00ab<em><strong>una confusi\u00f3n que desacredita a la izquierda en muchos sentidos<\/strong><\/em>\u00bb.<\/span><\/span><\/span><\/p>\n<p style=\"text-align: justify;\"><span style=\"font-size: 14pt;\"><span style=\"vertical-align: inherit;\"><span style=\"vertical-align: inherit;\">Curiosamente, tras la larga argumentaci\u00f3n para marcar distancias entre el campo de la izquierda y el movimiento Woke<\/span><\/span><span style=\"vertical-align: inherit;\"><span style=\"vertical-align: inherit;\">; o entre la izquierda y el liberalismo <\/span><\/span><span style=\"vertical-align: inherit;\"><span style=\"vertical-align: inherit;\">(<\/span><\/span><strong><span style=\"vertical-align: inherit;\"><span style=\"vertical-align: inherit;\"><strong>\u00ab<\/strong><em>el supuesto que diferencia a la izquierda de cualquier forma de liberalismo es la idea de que los derechos sociales no son menos derechos humanos que los pol\u00edticos<\/em><\/span><\/span><\/strong><span style=\"vertical-align: inherit;\"><span style=\"vertical-align: inherit;\">\u00bb<\/span><\/span><span style=\"vertical-align: inherit;\"><span style=\"vertical-align: inherit;\">), <strong>Susan Neiman<\/strong> cierra su libro afirmando que algunas ideas filos\u00f3ficas b\u00e1sicas comentadas en \u00e9l, como el compromiso con la posibilidad de progreso, con la justicia y con el universalismo, podr\u00edan ser compartidas por izquierdistas y liberales. Algo importante, dado que, ante\u00a0 <\/span><\/span><strong><span style=\"vertical-align: inherit;\"><span style=\"vertical-align: inherit;\">el proto fascismo que encarna a Trump<\/span><\/span><\/strong><span style=\"vertical-align: inherit;\"><span style=\"vertical-align: inherit;\">, le parece imprescindible la uni\u00f3n de todos los dem\u00f3cratas de verdad. \u00ab<em>Es el momento de un frente popular<\/em>\u00bb, concluye rotunda.<\/span><\/span><\/span><\/p>\n<p>&nbsp;<\/p>\n<figure id=\"attachment_2297194\" aria-describedby=\"caption-attachment-2297194\" style=\"width: 198px\" class=\"wp-caption aligncenter\"><img loading=\"lazy\" decoding=\"async\" class=\"size-medium wp-image-2297194\" src=\"https:\/\/puntocritico.com\/ausajpuntocritico\/wp-content\/uploads\/2024\/04\/Portada-izquierda-no-woke-277x420-1-198x300.jpg\" alt=\"\" width=\"198\" height=\"300\" data-id=\"2297194\" srcset=\"https:\/\/puntocritico.com\/ausajpuntocritico\/wp-content\/uploads\/2024\/04\/Portada-izquierda-no-woke-277x420-1-198x300.jpg 198w, https:\/\/puntocritico.com\/ausajpuntocritico\/wp-content\/uploads\/2024\/04\/Portada-izquierda-no-woke-277x420-1.jpg 277w\" sizes=\"auto, (max-width: 198px) 100vw, 198px\" \/><figcaption id=\"caption-attachment-2297194\" class=\"wp-caption-text\"><span style=\"color: #008000;\"><span style=\"vertical-align: inherit;\"><span style=\"vertical-align: inherit;\">Susan Neiman. \u00abIzquierda no es despertada\u00bb. Debate, 2024.<\/span><\/span><\/span><\/figcaption><\/figure>\n<p style=\"text-align: center;\"><span style=\"font-size: 18pt;\"><strong><span style=\"color: #008000;\"><span style=\"vertical-align: inherit;\"><span style=\"vertical-align: inherit;\">***<\/span><\/span><\/span><\/strong><\/span><\/p>\n<p><strong><span style=\"vertical-align: inherit;\"><span style=\"vertical-align: inherit;\">Susan Neiman<\/span><\/span><\/strong><span style=\"vertical-align: inherit;\"><span style=\"vertical-align: inherit;\"> . Doctora en Filosof\u00eda por la Universidad de Harvard, con una tesis dirigida por John Rawls. Ha centrado su trabajo en la Ilustraci\u00f3n, la filosof\u00eda moral, la metaf\u00edsica y la pol\u00edtica. Colabora en publicaciones como\u00a0 <\/span><\/span><em><span style=\"vertical-align: inherit;\"><span style=\"vertical-align: inherit;\">The New York Times<\/span><\/span><\/em><span style=\"vertical-align: inherit;\"><span style=\"vertical-align: inherit;\"> \u00a0o\u00a0 <\/span><\/span><em><span style=\"vertical-align: inherit;\"><span style=\"vertical-align: inherit;\">Frankfurter Allgemeine Zeitung<\/span><\/span><\/em><span style=\"vertical-align: inherit;\"><span style=\"vertical-align: inherit;\"> .<\/span><\/span><\/p>\n<p style=\"text-align: center;\"><span style=\"color: #008000;\"><strong><span style=\"font-size: 18pt;\">*******<\/span><\/strong><\/span><\/p>\n<div id=\"title\" class=\"style-scope ytd-watch-metadata\">\n<h2 style=\"text-align: center;\">PRESENTACI\u00d3N DE LIBRO: IZQUIERDA NO ES WOKE CON SUSAN NEIMAN<\/h2>\n<div id=\"container\" class=\"style-scope ytd-channel-name\">\n<div id=\"text-container\" class=\"style-scope ytd-channel-name\" style=\"text-align: justify;\"><a href=\"https:\/\/www.youtube.com\/watch?v=l_KcGpd_dkQ\" target=\"_blank\" rel=\"noopener\"><span style=\"font-size: 14pt;\">Universidad Diego Portales<\/span><\/a><\/div>\n<\/div>\n<\/div>\n<div>\u00a0<\/div>\n<div>\n<div id=\"content\" class=\"style-scope ytd-expander\"><span class=\"yt-core-attributed-string yt-core-attributed-string--white-space-pre-wrap\" dir=\"auto\">Empieza en <span class=\"\" dir=\"auto\">12:16<\/span><\/span><\/div>\n<\/div>\n<div>\u00a0<\/div>\n<div class=\"item style-scope ytd-watch-metadata\">\u00a0<\/div>\n<p><iframe loading=\"lazy\" title=\"Presentaci\u00f3n de libro: Izquierda no es woke con Susan Neiman\" width=\"500\" height=\"281\" src=\"https:\/\/www.youtube.com\/embed\/l_KcGpd_dkQ?feature=oembed\" frameborder=\"0\" allow=\"accelerometer; autoplay; clipboard-write; encrypted-media; gyroscope; picture-in-picture; web-share\" referrerpolicy=\"strict-origin-when-cross-origin\" allowfullscreen><\/iframe><\/p>\n<p>&nbsp;<\/p>\n<p><span style=\"color: #008000;\"><img loading=\"lazy\" decoding=\"async\" class=\"aligncenter size-full wp-image-9789\" src=\"https:\/\/puntocritico.com\/ausajpuntocritico\/wp-content\/uploads\/2018\/03\/Ideologia-y-redes-sociales-Tuitter-censura.jpg\" alt=\"\" width=\"294\" height=\"171\" data-id=\"9789\" \/><\/span><\/p>\n<p style=\"text-align: center;\"><span style=\"font-size: 18pt;\"><span style=\"color: #008000;\"><span style=\"vertical-align: inherit;\"><span style=\"vertical-align: inherit;\">\u2666<\/span><\/span><\/span><span style=\"vertical-align: inherit;\"><span style=\"vertical-align: inherit;\"> \u2666 <\/span><\/span><span style=\"color: #008000;\"><span style=\"vertical-align: inherit;\"><span style=\"vertical-align: inherit;\">\u2666<\/span><\/span><\/span><span style=\"vertical-align: inherit;\"><span style=\"vertical-align: inherit;\"> \u2666 <\/span><\/span><span style=\"color: #008000;\"><span style=\"vertical-align: inherit;\"><span style=\"vertical-align: inherit;\">\u2666<\/span><\/span><\/span><span style=\"vertical-align: inherit;\"><span style=\"vertical-align: inherit;\"> \u2666 <\/span><\/span><span style=\"color: #008000;\"><span style=\"vertical-align: inherit;\"><span style=\"vertical-align: inherit;\">\u2666<\/span><\/span><\/span><\/span><\/p>\n<h2 class=\"entry-title single-title\" style=\"text-align: center;\"><span style=\"font-size: 24pt;\">CAPITALISMO WOKE<\/span><\/h2>\n<blockquote>\n<p style=\"text-align: center;\"><strong><span style=\"font-size: 14pt;\">El capitalismo\u00a0<em>woke\u00a0<\/em>es el arma hegem\u00f3nica contra la pol\u00edtica y, especialmente, contra la elaboraci\u00f3n de v\u00edas pol\u00edticas alternativas al capital. Este salto cualitativo es posible gracias al vaciado de la pol\u00edtica, que ahora depende de la cadena de mando de las grandes empresas y corporaciones multinacionales. El disfraz del capitalismo con ropajes progresistas es tambi\u00e9n el s\u00edntoma evidente del vac\u00edo cultural y pol\u00edtico de la izquierda oficial, por el que el <em>wokismo<\/em> puede avanzar sin ser molestado, con el aplauso transversal de la pol\u00edtica y con la tr\u00e1gica admiraci\u00f3n de las masas cada vez m\u00e1s impotentes y empobrecidas en esp\u00edritu de clase y materialmente.<\/span><\/strong><\/p>\n<p style=\"text-align: center;\"><strong><span style=\"font-size: 14pt;\"> La popularidad de abrazar \u00ab<em>causas simb\u00f3licas<\/em>\u00bb permite a los multimillonarios preservar la distribuci\u00f3n desigual de los recursos, la inseguridad social y el recorte del Estado del bienestar con el consentimiento de muchos, especialmente de la generaci\u00f3n m\u00e1s joven que no conoce nada m\u00e1s all\u00e1 del capitalismo<\/span><\/strong><\/p>\n<\/blockquote>\n<p style=\"text-align: justify;\"><span style=\"font-size: 14pt;\">Por <a href=\"https:\/\/www.elviejotopo.com\/topoexpress\/capitalismo-woke\/\" target=\"_blank\" rel=\"noopener\">Salvatore Bravo<\/a><\/span><\/p>\n<p style=\"text-align: justify;\"><span style=\"font-size: 14pt;\">Fuente: Sinistrainrette<\/span><\/p>\n<p><img loading=\"lazy\" decoding=\"async\" class=\"aligncenter wp-image-2297201\" src=\"https:\/\/puntocritico.com\/ausajpuntocritico\/wp-content\/uploads\/2024\/05\/Capitalismo-woke-PPAL-300x199.jpg\" alt=\"\" width=\"440\" height=\"292\" data-id=\"2297201\" srcset=\"https:\/\/puntocritico.com\/ausajpuntocritico\/wp-content\/uploads\/2024\/05\/Capitalismo-woke-PPAL-300x199.jpg 300w, https:\/\/puntocritico.com\/ausajpuntocritico\/wp-content\/uploads\/2024\/05\/Capitalismo-woke-PPAL-678x452.jpg 678w, https:\/\/puntocritico.com\/ausajpuntocritico\/wp-content\/uploads\/2024\/05\/Capitalismo-woke-PPAL.jpg 680w\" sizes=\"auto, (max-width: 440px) 100vw, 440px\" \/><\/p>\n<p>&nbsp;<\/p>\n<h3 style=\"text-align: center;\"><span style=\"font-size: 18pt;\"><strong>Populismo empresarial<\/strong><\/span><\/h3>\n<p style=\"text-align: justify;\"><span style=\"font-size: 14pt;\">El capitalismo\u00a0<em>woke\u00a0<\/em>es la nueva frontera del capital. Las sinuosas metamorfosis del capitalismo est\u00e1n en consonancia con el nihilismo que lo sustenta. La capacidad de supervivencia del modo de producci\u00f3n capitalista tiene su raz\u00f3n profunda en el vac\u00edo metaf\u00edsico del capital. La econom\u00eda se autofunda, no tiene verdad en su fondo, es\u00a0<em><strong>causa sui<\/strong>.<\/em>\u00a0Todo es s\u00f3lo valor de cambio: la vida y la muerte valen en la medida en que producen PIB. S\u00f3lo as\u00ed podemos entender el camino que est\u00e1 tomando el capital: a partir de 2024 ser\u00e1 posible en Canad\u00e1 que los enfermos mentales exijan el derecho a la \u00ab<em>muerte dulce<\/em>\u00bb. Al no invertir en sanar los efectos sobre la psique y el cuerpo de un sistema que niega la naturaleza humana y social, se fomenta la autoeliminaci\u00f3n. Los que no son resistentes pueden exigir el derecho a la muerte. Sin investigaci\u00f3n ni an\u00e1lisis de la causa del mal de vivir, se procede a la \u201c<em>libre eliminaci\u00f3n de los \u00faltimos<\/em>\u201d.<\/span><\/p>\n<p style=\"text-align: justify;\"><span style=\"font-size: 14pt;\">El capitalismo es ateo, ya que no contempla la verdad, sino que se opone a ella. El ate\u00edsmo del capitalismo es la liberaci\u00f3n de todo v\u00ednculo con la verdad.<\/span><\/p>\n<p style=\"text-align: justify;\"><span style=\"font-size: 14pt;\">Todo es espect\u00e1culo y todo \u00ab<em>debe contribuir al PIB<\/em>\u00bb.<\/span><\/p>\n<p style=\"text-align: justify;\"><span style=\"font-size: 14pt;\">El capitalismo es absoluto, en la medida en que es\u00a0<em>ab solutus<\/em>, libre de toda limitaci\u00f3n \u00e9tica y de toda planificaci\u00f3n pol\u00edtica. La comunidad no est\u00e1 contemplada, s\u00f3lo es \u00ab<em>mercado<\/em>\u00bb.<\/span><\/p>\n<p style=\"text-align: justify;\"><span style=\"font-size: 14pt;\">La \u00faltima frontera del capital es el Capitalismo\u00a0<em>woke\u00a0<\/em>(<em>progresista<\/em>), una nueva metamorfosis, una mutaci\u00f3n gen\u00e9tica que no cambia la sustancia del capitalismo, m\u00e1s bien acent\u00faa su peligrosidad.<\/span><\/p>\n<p>&nbsp;<\/p>\n<p><a href=\"https:\/\/puntocritico.com\/ausajpuntocritico\/2023\/08\/21\/capitalismo-verde\/\"><img loading=\"lazy\" decoding=\"async\" class=\"aligncenter wp-image-2285278\" src=\"https:\/\/puntocritico.com\/ausajpuntocritico\/wp-content\/uploads\/2023\/08\/CAPITALISMO-VERDE-22.jpg\" alt=\"\" width=\"280\" height=\"279\" data-id=\"2285278\" srcset=\"https:\/\/puntocritico.com\/ausajpuntocritico\/wp-content\/uploads\/2023\/08\/CAPITALISMO-VERDE-22.jpg 225w, https:\/\/puntocritico.com\/ausajpuntocritico\/wp-content\/uploads\/2023\/08\/CAPITALISMO-VERDE-22-150x150.jpg 150w\" sizes=\"auto, (max-width: 280px) 100vw, 280px\" \/><\/a><\/p>\n<p>&nbsp;<\/p>\n<h3 style=\"text-align: center;\" align=\"center\"><span style=\"font-size: 18.0pt;\">Capitalismo de la indecencia<\/span><\/h3>\n<p style=\"text-align: justify;\"><span style=\"font-size: 14pt;\">El capitalismo\u00a0<em>woke\u00a0<\/em>es el arma hegem\u00f3nica contra la pol\u00edtica y, especialmente, contra la elaboraci\u00f3n de v\u00edas pol\u00edticas alternativas al capital. Este salto cualitativo es posible gracias al vaciado de la pol\u00edtica, que ahora depende de la cadena de mando de las grandes empresas y corporaciones multinacionales. El disfraz del capitalismo con ropajes progresistas es tambi\u00e9n el s\u00edntoma evidente del vac\u00edo cultural y pol\u00edtico de la izquierda oficial, por el que el <em>wokismo<\/em> puede avanzar sin ser molestado, con el aplauso transversal de la pol\u00edtica y con la tr\u00e1gica admiraci\u00f3n de las masas cada vez m\u00e1s impotentes y empobrecidas en esp\u00edritu de clase y materialmente.<\/span><\/p>\n<p style=\"text-align: justify;\"><span style=\"font-size: 14pt;\">Se defienden los derechos individuales, se convierten ciertos acontecimientos noticiosos en manifestaciones <em>semirreligiosas<\/em> con las que adiestrar a las masas bajo los dogmas del capital. Los pueblos se convierten en obedientes plebeyos en el abrevadero de los derechos individuales mientras se ocultan h\u00e1bilmente los efectos de los recortes en los derechos sociales. Las campa\u00f1as sobre determinados casos noticiosos que ocupan sincr\u00f3nicamente todos los espacios medi\u00e1ticos demuestran la manipulaci\u00f3n de la informaci\u00f3n y la sumisi\u00f3n organizada de los medios de comunicaci\u00f3n al \u00ab<em>credo<\/em>\u00bb de la religi\u00f3n del capital.<\/span><\/p>\n<p style=\"text-align: justify;\"><span style=\"font-size: 14pt;\">El capitalismo\u00a0<em>woke<\/em>\u00a0amenaza la democracia y lo que queda de ella. <strong>Algunos exponentes de la derecha del capitalismo temen que el capitalismo\u00a0<em>woke\u00a0<\/em>pueda ser \u00ab<em>el fin del capitalismo<\/em>\u00bb, ya que est\u00e1 adoptando formas socialistas, pero esto es un juego de mesa<\/strong>:<\/span><\/p>\n<blockquote>\n<p style=\"text-align: justify;\"><strong><span style=\"color: #008000; font-size: 14pt;\">\u00ab\u00bfY si, por\u00a0el contrario, la adopci\u00f3n del wokismo por parte de las corporaciones produjera efectos exactamente opuestos a los condenados por los cr\u00edticos conservadores? En lugar de ser la sentencia de muerte del capitalismo, \u00bfpodr\u00eda el hecho de que las corporaciones se vuelvan woke no ser m\u00e1s bien el medio por el cual extienden el poder y el alcance del capitalismo de formas altamente problem\u00e1ticas? Si este fuera el caso, y esta es la idea fundamental de la que trata mi libro, entonces habr\u00eda que oponerse al capitalismo woke y luchar contra \u00e9l sobre una base democr\u00e1tica, ya que hace que los intereses pol\u00edticos p\u00fablicos est\u00e9n cada vez m\u00e1s dominados por los intereses privados del capital global. Si seguimos esta l\u00ednea de pensamiento, los problemas para la democracia surgen cuando el considerable peso de los recursos corporativos se moviliza para capitalizar la moralidad p\u00fablica. Cuando nuestra propia moralidad se aprovecha y explota como un recurso corporativo, los intereses privados de las corporaciones siempre est\u00e1n trabajando tras ella\u00bb[1].<\/span><\/strong><\/p>\n<\/blockquote>\n<p>&nbsp;<\/p>\n<p style=\"text-align: justify;\"><span style=\"font-size: 14pt;\">El capitalismo de la indecencia se ha apropiado as\u00ed de una serie de iniciativas en favor de los derechos individuales y del medio ambiente para presentarse ante los pueblos y las clases como el liberador de los infelices, sensible al medio ambiente que ha devastado. En esta manipulaci\u00f3n fantasmag\u00f3rica de las palabras y los hechos, ha logrado su objetivo \u00faltimo: eliminar la pol\u00edtica y presentarse como la \u00fanica izquierda cre\u00edble. El juego es f\u00e1cil: inclusi\u00f3n, feminicidio, igualdad de g\u00e9nero, etc. son temas que concitan f\u00e1cil consenso y que el capitalismo\u00a0<em>clemente\u00a0<\/em>apoya e incentiva. Se procede por esl\u00f3ganes, no se hace ning\u00fan an\u00e1lisis estructural, por lo que el anuncio es dulcemente aceptado por la gente, ahora plebe. La pol\u00edtica calla, de hecho en la izquierda aplauden su sustituci\u00f3n efectiva y alaban al capital. Los pueblos deben creer la versi\u00f3n del mundo de las oligarqu\u00edas, deben recurrir a los capitalistas para aprender a decodificar la historia y el mundo social. La econom\u00eda ha fagocitado a la pol\u00edtica, que est\u00e1 a su servicio. <strong>La soberan\u00eda del pueblo es suplantada por el populismo corporativo<\/strong>:<\/span><\/p>\n<blockquote>\n<p style=\"text-align: justify;\"><span style=\"font-size: 14pt;\"><strong><span style=\"color: #008000;\">\u00abPor el contrario, el\u00a0<em>verdadero peligro del capitalismo woke no es que debilite el sistema capitalista, sino que consolide a\u00fan m\u00e1s la concentraci\u00f3n del poder pol\u00edtico en manos de una \u00e9lite empresarial. La continuaci\u00f3n de esta tendencia constituye una amenaza para la democracia. Y tambi\u00e9n es una amenaza para la pol\u00edtica progresista que a\u00fan tiene el valor de esperar la igualdad, la libertad y la solidaridad social\u00bb [2].<\/em><\/span><\/strong><\/span><\/p>\n<\/blockquote>\n<p>&nbsp;<\/p>\n<p><a href=\"https:\/\/puntocritico.com\/ausajpuntocritico\/2023\/08\/21\/capitalismo-verde\/\"><img loading=\"lazy\" decoding=\"async\" class=\"aligncenter wp-image-2285282\" src=\"https:\/\/puntocritico.com\/ausajpuntocritico\/wp-content\/uploads\/2023\/08\/CAPITALISMO-VERDE-44-300x200.jpg\" alt=\"\" width=\"440\" height=\"294\" data-id=\"2285282\" srcset=\"https:\/\/puntocritico.com\/ausajpuntocritico\/wp-content\/uploads\/2023\/08\/CAPITALISMO-VERDE-44-300x200.jpg 300w, https:\/\/puntocritico.com\/ausajpuntocritico\/wp-content\/uploads\/2023\/08\/CAPITALISMO-VERDE-44-768x512.jpg 768w, https:\/\/puntocritico.com\/ausajpuntocritico\/wp-content\/uploads\/2023\/08\/CAPITALISMO-VERDE-44.jpg 781w\" sizes=\"auto, (max-width: 440px) 100vw, 440px\" \/><\/a><\/p>\n<p>&nbsp;<\/p>\n<h3 style=\"text-align: center;\"><span style=\"font-size: 18pt;\">El lobo y el cordero<\/span><\/h3>\n<p style=\"text-align: justify;\"><span style=\"font-size: 14pt;\"><strong>Andrew Forrest<\/strong> es un ejemplo t\u00edpico de capitalismo\u00a0<em>woke.\u00a0<\/em>En 2020 Australia fue devastada por los incendios forestales, el magnate destin\u00f3 70 millones de d\u00f3lares a obras ben\u00e9ficas para paliar el desastre medioambiental, s\u00f3lo para que hasta 50 millones volvieran a su fundaci\u00f3n,\u00a0<em>la Minderoo Foundation.\u00a0<\/em><strong>La caridad es un negocio, se financian fundaciones cuyos resultados finales se ajustar\u00e1n a las expectativas del benefactor, que luego producir\u00e1 bienes y tecnolog\u00edas, present\u00e1ndolos en el mercado como innovadores y \u00ab<em>verdes<\/em>\u00bb<\/strong>. Las emergencias se producen en laboratorios, son un tipo especial de mercanc\u00eda que se vende a la plebe.<\/span><\/p>\n<p>&nbsp;<\/p>\n<blockquote>\n<p style=\"text-align: center;\"><strong><span style=\"font-size: 14pt; color: #008000;\">Las emergencias se producen en laboratorios, son un tipo especial de mercanc\u00eda que se vende a la plebe.<\/span><\/strong><\/p>\n<\/blockquote>\n<p>&nbsp;<\/p>\n<p style=\"text-align: justify;\"><span style=\"font-size: 14pt;\">La fundaci\u00f3n del \u00ab<em>benefactor<\/em>\u00bb, por lo tanto, confirmar\u00e1 la versi\u00f3n oficial del cambio clim\u00e1tico, en consecuencia orientar\u00e1 y condicionar\u00e1 a la opini\u00f3n p\u00fablica con su halo \u00e9tico, y al mismo tiempo apoyar\u00e1 la venta de la mercanc\u00eda que resuelve la emergencia. <strong>El ciclo de producci\u00f3n se cierra<\/strong>:<\/span><\/p>\n<blockquote>\n<p style=\"text-align: justify;\"><span style=\"color: #008000;\"><strong><span style=\"font-size: 14pt;\"><em>A caballo regalado no se le mira el dentado. De los 70 millones prometidos, 10 se destinaron directamente a las v\u00edctimas de los incendios y la misma cantidad a financiar un \u00abej\u00e9rcito de ayudantes\u00bb que contribuir\u00edan a la recuperaci\u00f3n. Los 50 millones restantes se ofrecieron para investigaciones de \u00abmitigaci\u00f3n de incendios\u00bb, al frente de las cuales, sin embargo, est\u00e1 la Fundaci\u00f3n Minderoo, de su propiedad, lo que hace dudar de los resultados, que deben responder a los intereses de su propietario. As\u00ed que, de repente, su donaci\u00f3n parec\u00eda m\u00e1s bien una inversi\u00f3n\u00bb [3].<\/em><\/span><\/strong><\/span><\/p>\n<\/blockquote>\n<p>&nbsp;<\/p>\n<p style=\"text-align: justify;\"><span style=\"font-size: 14pt;\"><strong>Hay momentos hist\u00f3ricos nodales, en los que la verdad se hace evidente e ineludible<\/strong>. Son momentos hist\u00f3ricos en los que los pueblos pueden pasar de la condici\u00f3n de plebe a la de un pueblo consciente de ser una \u00abclase social ampliada\u00bb que puede emanciparse del yugo alienante de la mentira. Durante la pandemia del <strong>Covid 19<\/strong>, las corporaciones multinacionales no s\u00f3lo compraron las empresas m\u00e1s d\u00e9biles y negocios que hab\u00edan quebrado debido al cierre generalizado, sino que exigieron subsidios del Estado por los \u00ab<em>da\u00f1os causados<\/em>\u00bb, mientras los trabajadores eran forzosamente desempleados, y muchos nunca volver\u00edan a trabajar. <strong>Esta es la verdadera cara del capitalismo, detr\u00e1s del barniz de progresismo s\u00f3lo se esconden los intereses de las oligarqu\u00edas<\/strong>:<\/span><\/p>\n<blockquote>\n<p style=\"text-align: justify;\"><span style=\"color: #008000;\"><strong><span style=\"font-size: 14pt;\">\u00abEl\u00a0<em>hecho de que hayan utilizado la crisis para llenar sus propias arcas es una broma cruel y ego\u00edsta. En tiempos dif\u00edciles, las multinacionales de todo el mundo se han alineado para llorar pobreza con la esperanza de obtener ayuda gubernamental financiada por los contribuyentes contra el coronavirus. Durante d\u00e9cadas, el dogma neoliberal ha favorecido a las corporaciones multinacionales, insistiendo en la necesidad de gobiernos no intervencionistas con respecto a la regulaci\u00f3n empresarial, el bienestar y la educaci\u00f3n. La perversi\u00f3n del inter\u00e9s propio alcanz\u00f3 entonces su cl\u00edmax cuando las mismas personas que festejaban ferozmente en la mesa neoliberal fueron las primeras en la cola de las subvenciones (empresariales). Los despidos y el creciente desempleo masivo provocados por la crisis de COVID-19 mostraron las prioridades de las empresas. Tambi\u00e9n lo hizo el riesgo de que empresas ricas en efectivo como Apple, Johnson &amp; Johnson y Unilever reforzaran su poder monopol\u00edstico adquiriendo competidores m\u00e1s peque\u00f1os que luchaban por sobrevivir\u00bb [4].<\/em><\/span><\/strong><\/span><\/p>\n<\/blockquote>\n<p>&nbsp;<\/p>\n<p style=\"text-align: justify;\"><span style=\"font-size: 14pt;\">El monopolio cada vez mayor niega de hecho los principios liberalistas y liberales que proclaman las empresas. <strong>Estamos ante un nuevo feudalismo, en el que unos pocos actores son los amos de la pol\u00edtica y la econom\u00eda<\/strong>. Se trata de un disfraz que hay que desenmascarar. El lobo se\u00a0<em>ha disfrazado de cordero\u00a0<\/em>para desorientar y ocultar las verdaderas razones del \u00ab<em>progresismo capitalista<\/em>\u00bb.<\/span><\/p>\n<p>&nbsp;<\/p>\n<p><a href=\"https:\/\/puntocritico.com\/ausajpuntocritico\/2023\/08\/21\/capitalismo-verde\/\"><img loading=\"lazy\" decoding=\"async\" class=\"aligncenter wp-image-2285275\" src=\"https:\/\/puntocritico.com\/ausajpuntocritico\/wp-content\/uploads\/2023\/08\/211203-CapitalismoVerde2-1024x576-1-300x169.jpeg\" alt=\"\" width=\"440\" height=\"248\" data-id=\"2285275\" srcset=\"https:\/\/puntocritico.com\/ausajpuntocritico\/wp-content\/uploads\/2023\/08\/211203-CapitalismoVerde2-1024x576-1-300x169.jpeg 300w, https:\/\/puntocritico.com\/ausajpuntocritico\/wp-content\/uploads\/2023\/08\/211203-CapitalismoVerde2-1024x576-1-768x432.jpeg 768w, https:\/\/puntocritico.com\/ausajpuntocritico\/wp-content\/uploads\/2023\/08\/211203-CapitalismoVerde2-1024x576-1-678x381.jpeg 678w, https:\/\/puntocritico.com\/ausajpuntocritico\/wp-content\/uploads\/2023\/08\/211203-CapitalismoVerde2-1024x576-1.jpeg 1024w\" sizes=\"auto, (max-width: 440px) 100vw, 440px\" \/><\/a><\/p>\n<p>&nbsp;<\/p>\n<h3 style=\"text-align: center;\"><span style=\"font-size: 18pt;\">Hegemon\u00eda cultural<\/span><\/h3>\n<p style=\"text-align: justify;\"><span style=\"font-size: 14pt;\"><strong>Para dominar sin oposici\u00f3n en una realidad pacificada y adial\u00e9ctica, el capitalismo\u00a0<em>woke\u00a0<\/em>debe controlar la estructura y la superestructura, inaugurando as\u00ed un totalitarismo in\u00e9dito y laxo.<\/strong> Orienta la opini\u00f3n p\u00fablica hacia determinadas causas sociales, abraza la igualdad de derechos, se viste de arco iris, present\u00e1ndose como la \u00fanica alternativa posible. La popularidad de abrazar \u00ab<em>causas simb\u00f3licas<\/em>\u00bb permite a los multimillonarios preservar la distribuci\u00f3n desigual de los recursos, la inseguridad social y el recorte del Estado del bienestar con el consentimiento de muchos, especialmente de la generaci\u00f3n m\u00e1s joven que no conoce nada m\u00e1s all\u00e1 del capitalismo. <strong>Se trata de una operaci\u00f3n hegem\u00f3nica bien planificada, en la que pol\u00edtica y econom\u00eda coinciden peligrosamente<\/strong>:<\/span><\/p>\n<blockquote>\n<p style=\"text-align: justify;\"><span style=\"font-size: 14pt;\"><strong><span style=\"color: #008000;\">\u00ab<em>Para Dreher, el capitalismo woke es una forma de \u2018imperialismo cultural\u2019 o \u2018totalitarismo blando\u2019, en el que la adopci\u00f3n por parte de las empresas de posturas progresistas ejerce una considerable presi\u00f3n pol\u00edtica sobre otros \u2013por ejemplo, los empleados\u2013 para que abracen esas mismas posturas, aunque no crean en ellas. El ejemplo que cita es el de IKEA, la multinacional sueca que despidi\u00f3 a un empleado por desaprobar el apoyo de la empresa al movimiento del orgullo gay, porque entraba en conflicto con sus creencias religiosas\u00bb [5].<\/em><\/span><\/strong><\/span><\/p>\n<\/blockquote>\n<p>&nbsp;<\/p>\n<p style=\"text-align: justify;\"><span style=\"font-size: 14pt;\"><strong>Frente al capitalismo antropof\u00e1gico que ha devorado la pol\u00edtica y la cultura, la \u00fanica alternativa para seguir siendo humanos y devolver la historia al pueblo es reafirmar la primac\u00eda de la pol\u00edtica-cultura sobre lo econ\u00f3mico<\/strong><\/span>:<\/p>\n<blockquote>\n<p style=\"text-align: justify;\"><span style=\"font-size: 14pt;\"><strong><span style=\"color: #008000;\">\u00abEl\u00a0<em>verdadero cambio proviene de la acci\u00f3n democr\u00e1tica, no de que las empresas act\u00faen por su cuenta. Es hora de abandonar la idea de que las empresas, como actores principalmente econ\u00f3micos, pueden allanar de alg\u00fan modo el camino pol\u00edtico hacia un mundo m\u00e1s justo, equitativo y sostenible. La pol\u00edtica democr\u00e1tica se basa en la creencia de que las personas tienen derecho a gobernarse a s\u00ed mismas. Esta pol\u00edtica debe reafirmarse como primordial, mientras que la econom\u00eda debe pasar a un segundo plano. Con el capitalismo woke, sin embargo, hemos visto c\u00f3mo la tendencia contraria alcanzaba un peligroso cl\u00edmax, ya que las organizaciones capitalistas han invadido cada vez m\u00e1s la vida moral y pol\u00edtica de los ciudadanos\u00bb [6].<\/em><\/span><\/strong><\/span><\/p>\n<\/blockquote>\n<p>&nbsp;<\/p>\n<p style=\"text-align: justify;\"><span style=\"font-size: 14pt;\"><strong>Estamos en un momento de la historia en que el peligro se ha convertido en amenaza, pero cuando el peligro amenaza con aniquilar a toda una civilizaci\u00f3n, el despertar de una conciencia de clase extendida a amplias capas de la poblaci\u00f3n es decisivo<\/strong>.<\/span><\/p>\n<p style=\"text-align: justify;\"><span style=\"font-size: 14pt;\">Para neutralizar esta deriva, hay que mirar los efectos y los datos objetivos del capitalismo con \u00ab<em>rostro humano<\/em>\u00bb y disipar as\u00ed las sombras en las que nos encontramos.<\/span><\/p>\n<p style=\"text-align: justify;\"><span style=\"font-size: 14pt;\">Cada uno con su compromiso puede contribuir a devolver la verdad, all\u00ed donde prevalece la manipulaci\u00f3n planificada. Todos estamos llamados a contribuir a la formaci\u00f3n, desde abajo, de una nueva conciencia comunitaria y comunista con la que reabrir \u00abel sendero interrumpido de la pol\u00edtica\u00bb.<\/span><\/p>\n<p>&nbsp;<\/p>\n<p>&nbsp;<\/p>\n<p><a href=\"https:\/\/puntocritico.com\/ausajpuntocritico\/2023\/08\/21\/capitalismo-verde\/\"><img loading=\"lazy\" decoding=\"async\" class=\"aligncenter wp-image-2284941\" src=\"https:\/\/puntocritico.com\/ausajpuntocritico\/wp-content\/uploads\/2023\/08\/bonoverde-696x348-1-300x150.jpg\" alt=\"\" width=\"480\" height=\"240\" data-id=\"2284941\" srcset=\"https:\/\/puntocritico.com\/ausajpuntocritico\/wp-content\/uploads\/2023\/08\/bonoverde-696x348-1-300x150.jpg 300w, https:\/\/puntocritico.com\/ausajpuntocritico\/wp-content\/uploads\/2023\/08\/bonoverde-696x348-1.jpg 696w\" sizes=\"auto, (max-width: 480px) 100vw, 480px\" \/><\/a><\/p>\n<p style=\"text-align: center;\"><strong><span style=\"color: #008000; font-size: 18pt;\">*******<\/span><\/strong><\/p>\n<h3 style=\"text-align: center;\"><span style=\"font-size: 18pt;\">Notas<\/span><\/h3>\n<p style=\"text-align: center;\"><span style=\"font-size: 14pt;\"><a href=\"https:\/\/www.elviejotopo.com\/topoexpress\/capitalismo-woke\/#_ftnref1\" name=\"_ftn1\" target=\"_blank\" rel=\"noopener\">[1]<\/a>\u00a0Carl Rhodes, El capitalismo woke, c\u00f3mo la moral de las empresas amenaza la democracia, editorial Fazi, Roma 2023, Cap\u00edtulo I\u00a0<em>El problema del capitalismo, pp. 22 23.<\/em><\/span><\/p>\n<p style=\"text-align: center;\"><span style=\"font-size: 14pt;\"><a href=\"https:\/\/www.elviejotopo.com\/topoexpress\/capitalismo-woke\/#_ftnref2\" name=\"_ftn2\" target=\"_blank\" rel=\"noopener\">[2]<\/a>\u00a0Ibid p. 25.<\/span><\/p>\n<p style=\"text-align: center;\"><span style=\"font-size: 14pt;\"><a href=\"https:\/\/www.elviejotopo.com\/topoexpress\/capitalismo-woke\/#_ftnref3\" name=\"_ftn3\" target=\"_blank\" rel=\"noopener\">[3]<\/a>\u00a0Ibid Cap\u00edtulo\u00a0<em>Populistas Corporativos<\/em>\u00a0p. 32.<\/span><\/p>\n<p style=\"text-align: center;\"><span style=\"font-size: 14pt;\"><a href=\"https:\/\/www.elviejotopo.com\/topoexpress\/capitalismo-woke\/#_ftnref4\" name=\"_ftn4\" target=\"_blank\" rel=\"noopener\">[4]<\/a>\u00a0Ibid pp. 40 41<\/span><\/p>\n<p style=\"text-align: center;\"><span style=\"font-size: 14pt;\"><a href=\"https:\/\/www.elviejotopo.com\/topoexpress\/capitalismo-woke\/#_ftnref5\" name=\"_ftn5\" target=\"_blank\" rel=\"noopener\">[5]<\/a>\u00a0Ibid, Cap\u00edtulo VI\u00a0<em>Un lobo con piel de lobo<\/em>, p. 94.<\/span><\/p>\n<p style=\"text-align: center;\"><span style=\"font-size: 14pt;\"><a href=\"https:\/\/www.elviejotopo.com\/topoexpress\/capitalismo-woke\/#_ftnref6\" name=\"_ftn6\" target=\"_blank\" rel=\"noopener\">[6]<\/a>\u00a0Ibid Cap\u00edtulo XIII\u00a0<em>Despertar al capitalismo woke<\/em>\u00a0p. 197.<\/span><\/p>\n<p>&nbsp;<\/p>\n<blockquote class=\"wp-embedded-content\" data-secret=\"X2dboymxrW\"><p><a href=\"https:\/\/puntocritico.com\/ausajpuntocritico\/2023\/08\/21\/capitalismo-verde\/\">CAPITALISMO VERDE: &#8220;&#8216;Enverdeciendo&#8217; el Capitalismo: Una Guerra contra la Subsistencia&#8221;, por Ana Isla<\/a><\/p><\/blockquote>\n<p><iframe loading=\"lazy\" class=\"wp-embedded-content\" sandbox=\"allow-scripts\" security=\"restricted\" style=\"position: absolute; clip: rect(1px, 1px, 1px, 1px);\" title=\"\u00abCAPITALISMO VERDE: &#8220;&#8216;Enverdeciendo&#8217; el Capitalismo: Una Guerra contra la Subsistencia&#8221;, por Ana Isla\u00bb \u2014 Punto Cr\u00edtico Derechos Humanos\" src=\"https:\/\/puntocritico.com\/ausajpuntocritico\/2023\/08\/21\/capitalismo-verde\/embed\/#?secret=R0FBxnjrH3#?secret=X2dboymxrW\" data-secret=\"X2dboymxrW\" width=\"500\" height=\"282\" frameborder=\"0\" marginwidth=\"0\" marginheight=\"0\" scrolling=\"no\"><\/iframe><\/p>\n<blockquote class=\"wp-embedded-content\" data-secret=\"tw3U8kRC86\"><p><a href=\"https:\/\/puntocritico.com\/ausajpuntocritico\/2022\/08\/30\/general-motors-la-corporacion-que-enveneno-el-mundo\/\">GENERAL MOTORS, la Corporaci\u00f3n que envenen\u00f3 el mundo y destruy\u00f3 nuestra salud inund\u00e1ndonos de gasolina con plomo y clorofluorocarbonos (CFC&#8217;s).<\/a><\/p><\/blockquote>\n<p><iframe loading=\"lazy\" class=\"wp-embedded-content\" sandbox=\"allow-scripts\" security=\"restricted\" style=\"position: absolute; clip: rect(1px, 1px, 1px, 1px);\" title=\"\u00abGENERAL MOTORS, la Corporaci\u00f3n que envenen\u00f3 el mundo y destruy\u00f3 nuestra salud inund\u00e1ndonos de gasolina con plomo y clorofluorocarbonos (CFC&#8217;s).\u00bb \u2014 Punto Cr\u00edtico Derechos Humanos\" src=\"https:\/\/puntocritico.com\/ausajpuntocritico\/2022\/08\/30\/general-motors-la-corporacion-que-enveneno-el-mundo\/embed\/#?secret=Zox5Lrn2KS#?secret=tw3U8kRC86\" data-secret=\"tw3U8kRC86\" width=\"500\" height=\"282\" frameborder=\"0\" marginwidth=\"0\" marginheight=\"0\" scrolling=\"no\"><\/iframe><\/p>\n<p style=\"text-align: center;\"><strong><span style=\"color: #008000; font-size: 18pt;\">*******<\/span><\/strong><\/p>\n<h2 style=\"text-align: center;\" align=\"center\"><span style=\"font-size: 24pt;\">HISTORIA DE LA ESPA\u00d1A CONTEMPOR\u00c1NEA: DEL 25-S AL 25-A<\/span><\/h2>\n<p style=\"text-align: center;\"><span style=\"font-size: 18pt;\"><strong>Sin Derechos Humanos<\/strong><\/span><\/p>\n<p class=\"mh-meta entry-meta\" style=\"text-align: justify;\"><a href=\"https:\/\/puntocritico.com\/ausajpuntocritico\/2018\/09\/29\/25a-fran-molero-contra-el-reino-de-espana-demanda-ante-el-tribunal-europeo-de-derechos-humanos\/\"><span style=\"font-size: 14pt;\"><span style=\"vertical-align: inherit;\"><span style=\"vertical-align: inherit;\">AUSAJ, 2016<\/span><\/span><\/span><\/a><\/p>\n<div style=\"text-align: center;\"><iframe loading=\"lazy\" src=\"https:\/\/player.vimeo.com\/video\/197941915\" width=\"640\" height=\"351\" frameborder=\"0\" allowfullscreen=\"allowfullscreen\" data-mce-fragment=\"1\"><\/iframe><\/p>\n<p>&nbsp;<\/p>\n<\/div>\n<p style=\"text-align: center;\"><span style=\"color: #008000;\"><strong><span style=\"font-size: 18pt;\"><span style=\"vertical-align: inherit;\"><span style=\"vertical-align: inherit;\">*******<\/span><\/span><\/span><\/strong><\/span><\/p>\n<p><img loading=\"lazy\" decoding=\"async\" class=\"aligncenter size-medium wp-image-2297403\" src=\"https:\/\/puntocritico.com\/ausajpuntocritico\/wp-content\/uploads\/2024\/05\/mussolini-grand-daughter-alessandra-PPAL-300x169.jpg\" alt=\"\" width=\"300\" height=\"169\" data-id=\"2297403\" srcset=\"https:\/\/puntocritico.com\/ausajpuntocritico\/wp-content\/uploads\/2024\/05\/mussolini-grand-daughter-alessandra-PPAL-300x169.jpg 300w, https:\/\/puntocritico.com\/ausajpuntocritico\/wp-content\/uploads\/2024\/05\/mussolini-grand-daughter-alessandra-PPAL.jpg 678w\" sizes=\"auto, (max-width: 300px) 100vw, 300px\" \/><\/p>\n<div style=\"text-align: center;\">\n<h2><span style=\"font-size: 14pt;\"><strong><span style=\"vertical-align: inherit;\"><span style=\"vertical-align: inherit;\">Imagen portada<\/span><\/span><\/strong><\/span><\/h2>\n<p><span style=\"vertical-align: inherit; font-size: 14pt;\"><span style=\"vertical-align: inherit;\">Alessandra, nieta de Mussolini, vestida de \u00ab<em>Arco Iris Woke<\/em>\u00ab<\/span><\/span><\/p>\n<\/div>\n<p style=\"text-align: center;\"><span style=\"color: #008000;\"><strong><span style=\"font-size: 18pt;\"><span style=\"vertical-align: inherit;\"><span style=\"vertical-align: inherit;\">*******<\/span><\/span><\/span><\/strong><\/span><\/p>\n<h2 style=\"text-align: justify;\"><span style=\"font-size: 14pt;\"><span style=\"vertical-align: inherit;\"><span style=\"vertical-align: inherit;\">RELACIONADOS:<\/span><\/span><\/span><\/h2>\n<p><span style=\"vertical-align: inherit;\"><span style=\"vertical-align: inherit;\">https:\/\/puntocritico.com\/ausajpuntocritico\/2022\/05\/17\/la-izquierda-reaccionaria-la-deriva-reaccionaria-de-la-izquierda-por-felix-ovejero\/<\/span><\/span><\/p>\n<blockquote class=\"wp-embedded-content\" data-secret=\"EdEebHa73Z\"><p><a href=\"https:\/\/puntocritico.com\/ausajpuntocritico\/2021\/09\/21\/la-intolerancia-en-el-siglo-xxi-quemando-libros-alli-auto-de-fe-tintin-y-asterix\/\">QUEMANDO LIBROS: LA INTOLERANCIA EN EL SIGLO XXI: Auto de fe de Tint\u00edn y Asterix en Canad\u00e1. &#8220;All\u00ed donde se queman los libros, se acaba quemando personas\u201d.<\/a><\/p><\/blockquote>\n<p><iframe loading=\"lazy\" class=\"wp-embedded-content\" sandbox=\"allow-scripts\" security=\"restricted\" style=\"position: absolute; clip: rect(1px, 1px, 1px, 1px);\" title=\"\u00abQUEMANDO LIBROS: LA INTOLERANCIA EN EL SIGLO XXI: Auto de fe de Tint\u00edn y Asterix en Canad\u00e1. &#8220;All\u00ed donde se queman los libros, se acaba quemando personas\u201d.\u00bb \u2014 Punto Cr\u00edtico Derechos Humanos\" src=\"https:\/\/puntocritico.com\/ausajpuntocritico\/2021\/09\/21\/la-intolerancia-en-el-siglo-xxi-quemando-libros-alli-auto-de-fe-tintin-y-asterix\/embed\/#?secret=g9zVg7Amwg#?secret=EdEebHa73Z\" data-secret=\"EdEebHa73Z\" width=\"500\" height=\"282\" frameborder=\"0\" marginwidth=\"0\" marginheight=\"0\" scrolling=\"no\"><\/iframe><\/p>\n<p><span style=\"vertical-align: inherit;\"><span style=\"vertical-align: inherit;\">https:\/\/puntocritico.com\/ausajpuntocritico\/2023\/06\/09\/metafisica-de-la-servidumbre-voluntaria-por-enrique-alvarez-asiain-por-que-los-hombres-luchan-por-su-esclavitud- como-si-se-tratase-de-su-libertad\/<\/span><\/span><\/p>\n<blockquote class=\"wp-embedded-content\" data-secret=\"BIi1Zs1aID\"><p><a href=\"https:\/\/puntocritico.com\/ausajpuntocritico\/2021\/10\/20\/teatro-dentro-del-teatro-el-asesinato-de-gonzago-la-ratonera-hamlet-por-william-shakespeare-2\/\">CAMILO JOS\u00c9 CELA y EL PLAGIO: El plagio del Siglo, del que est\u00e1 prohibido hablar (PARTE 5). TEATRO DENTRO DEL TEATRO: &#8220;El asesinato de Gonzago&#8221; (La ratonera), HAMLET, por William Shakespeare<\/a><\/p><\/blockquote>\n<p><iframe loading=\"lazy\" class=\"wp-embedded-content\" sandbox=\"allow-scripts\" security=\"restricted\" style=\"position: absolute; clip: rect(1px, 1px, 1px, 1px);\" title=\"\u00abCAMILO JOS\u00c9 CELA y EL PLAGIO: El plagio del Siglo, del que est\u00e1 prohibido hablar (PARTE 5). TEATRO DENTRO DEL TEATRO: &#8220;El asesinato de Gonzago&#8221; (La ratonera), HAMLET, por William Shakespeare\u00bb \u2014 Punto Cr\u00edtico Derechos Humanos\" src=\"https:\/\/puntocritico.com\/ausajpuntocritico\/2021\/10\/20\/teatro-dentro-del-teatro-el-asesinato-de-gonzago-la-ratonera-hamlet-por-william-shakespeare-2\/embed\/#?secret=1FGbT9sahF#?secret=BIi1Zs1aID\" data-secret=\"BIi1Zs1aID\" width=\"500\" height=\"282\" frameborder=\"0\" marginwidth=\"0\" marginheight=\"0\" scrolling=\"no\"><\/iframe><\/p>\n<p><span style=\"vertical-align: inherit;\"><span style=\"vertical-align: inherit;\">https:\/\/puntocritico.com\/ausajpuntocritico\/2019\/12\/26\/el-martirio-judicial-de-las-temporeras-marroquies-de-la-fresa-la-esclavitud-en-espana-es-cuestion-de- estado\/<\/span><\/span><\/p>\n<blockquote class=\"wp-embedded-content\" data-secret=\"fBHRhElhM6\"><p><a href=\"https:\/\/puntocritico.com\/ausajpuntocritico\/2022\/05\/19\/si-la-libertad-significa-algo-es-el-derecho-a-decirles-a-los-demas-lo-que-no-quieren-oir-por-george-orwell-2\/\">SI LA LIBERTAD SIGNIFICA ALGO, ES EL DERECHO A DECIRLES A LOS DEM\u00c1S LO QUE NO QUIEREN O\u00cdR, por George Orwell<\/a><\/p><\/blockquote>\n<p><iframe loading=\"lazy\" class=\"wp-embedded-content\" sandbox=\"allow-scripts\" security=\"restricted\" style=\"position: absolute; clip: rect(1px, 1px, 1px, 1px);\" title=\"\u00abSI LA LIBERTAD SIGNIFICA ALGO, ES EL DERECHO A DECIRLES A LOS DEM\u00c1S LO QUE NO QUIEREN O\u00cdR, por George Orwell\u00bb \u2014 Punto Cr\u00edtico Derechos Humanos\" src=\"https:\/\/puntocritico.com\/ausajpuntocritico\/2022\/05\/19\/si-la-libertad-significa-algo-es-el-derecho-a-decirles-a-los-demas-lo-que-no-quieren-oir-por-george-orwell-2\/embed\/#?secret=13ZWaQTEFr#?secret=fBHRhElhM6\" data-secret=\"fBHRhElhM6\" width=\"500\" height=\"282\" frameborder=\"0\" marginwidth=\"0\" marginheight=\"0\" scrolling=\"no\"><\/iframe><\/p>\n<p><span style=\"vertical-align: inherit;\"><span style=\"vertical-align: inherit;\">https:\/\/puntocritico.com\/ausajpuntocritico\/2017\/08\/16\/la-tortura-por-jean-amery\/<\/span><\/span><\/p>\n<blockquote class=\"wp-embedded-content\" data-secret=\"RM7hLU9JOh\"><p><a href=\"https:\/\/puntocritico.com\/ausajpuntocritico\/2022\/11\/16\/de-la-otan-a-tiktok\/\">GUERRAS H\u00cdBRIDAS (VII). EL OLEODUCTO DE LA OTAN A TIKTOK: \u00bfPOR QU\u00c9 TIKTOK EMPLEA TANTOS AGENTES DE SEGURIDAD NACIONAL?<\/a><\/p><\/blockquote>\n<p><iframe loading=\"lazy\" class=\"wp-embedded-content\" sandbox=\"allow-scripts\" security=\"restricted\" style=\"position: absolute; clip: rect(1px, 1px, 1px, 1px);\" title=\"\u00abGUERRAS H\u00cdBRIDAS (VII). EL OLEODUCTO DE LA OTAN A TIKTOK: \u00bfPOR QU\u00c9 TIKTOK EMPLEA TANTOS AGENTES DE SEGURIDAD NACIONAL?\u00bb \u2014 Punto Cr\u00edtico Derechos Humanos\" src=\"https:\/\/puntocritico.com\/ausajpuntocritico\/2022\/11\/16\/de-la-otan-a-tiktok\/embed\/#?secret=b4NKKQp4R1#?secret=RM7hLU9JOh\" data-secret=\"RM7hLU9JOh\" width=\"500\" height=\"282\" frameborder=\"0\" marginwidth=\"0\" marginheight=\"0\" scrolling=\"no\"><\/iframe><\/p>\n<blockquote class=\"wp-embedded-content\" data-secret=\"QjKxNJ1DJE\"><p><a href=\"https:\/\/puntocritico.com\/ausajpuntocritico\/2023\/05\/30\/los-servicios-secretos-y-su-guerra-hibrida-contra-el-mundo\/\">NEW WORLD ORDER, TOTALITARISMO GLOBAL: Los Servicios Secretos y su Guerra H\u00edbrida contra el mundo; del 11-S a los bloqueos de Covid<\/a><\/p><\/blockquote>\n<p><iframe loading=\"lazy\" class=\"wp-embedded-content\" sandbox=\"allow-scripts\" security=\"restricted\" style=\"position: absolute; clip: rect(1px, 1px, 1px, 1px);\" title=\"\u00abNEW WORLD ORDER, TOTALITARISMO GLOBAL: Los Servicios Secretos y su Guerra H\u00edbrida contra el mundo; del 11-S a los bloqueos de Covid\u00bb \u2014 Punto Cr\u00edtico Derechos Humanos\" src=\"https:\/\/puntocritico.com\/ausajpuntocritico\/2023\/05\/30\/los-servicios-secretos-y-su-guerra-hibrida-contra-el-mundo\/embed\/#?secret=OxeuyEUXKO#?secret=QjKxNJ1DJE\" data-secret=\"QjKxNJ1DJE\" width=\"500\" height=\"282\" frameborder=\"0\" marginwidth=\"0\" marginheight=\"0\" scrolling=\"no\"><\/iframe><\/p>\n<blockquote class=\"wp-embedded-content\" data-secret=\"JFuD6vbd7U\"><p><a href=\"https:\/\/puntocritico.com\/ausajpuntocritico\/2022\/07\/23\/la-zona-gris-en-las-guerras-hibridas-conferencia\/\">GUERRAS H\u00cdBRIDAS (IV): LA ZONA GRIS. CONFERENCIA DE JOSEP BAQU\u00c9S (Video). &#8220;Concepto de Zona Gris; Fundamentos de su creaci\u00f3n y medidas preventivas para afrontarlas&#8221;.<\/a><\/p><\/blockquote>\n<p><iframe loading=\"lazy\" class=\"wp-embedded-content\" sandbox=\"allow-scripts\" security=\"restricted\" style=\"position: absolute; clip: rect(1px, 1px, 1px, 1px);\" title=\"\u00abGUERRAS H\u00cdBRIDAS (IV): LA ZONA GRIS. CONFERENCIA DE JOSEP BAQU\u00c9S (Video). &#8220;Concepto de Zona Gris; Fundamentos de su creaci\u00f3n y medidas preventivas para afrontarlas&#8221;.\u00bb \u2014 Punto Cr\u00edtico Derechos Humanos\" src=\"https:\/\/puntocritico.com\/ausajpuntocritico\/2022\/07\/23\/la-zona-gris-en-las-guerras-hibridas-conferencia\/embed\/#?secret=XVy6zaeGCY#?secret=JFuD6vbd7U\" data-secret=\"JFuD6vbd7U\" width=\"500\" height=\"282\" frameborder=\"0\" marginwidth=\"0\" marginheight=\"0\" scrolling=\"no\"><\/iframe><\/p>\n<p><span style=\"vertical-align: inherit;\"><span style=\"vertical-align: inherit;\">https:\/\/puntocritico.com\/ausajpuntocritico\/2021\/07\/12\/grande-marlasca-un-juez-de-excepcion-las-6-condenas-del-tedh-a-espana-por-el-encubrimiento-de- torturadores-por-parte-del-juez-marlaska-hoy-ministro-de-interior\/<\/span><\/span><\/p>\n<p><span style=\"vertical-align: inherit;\"><span style=\"vertical-align: inherit;\">https:\/\/puntocritico.com\/ausajpuntocritico\/2018\/10\/28\/tortura-y-dialectica-henri-alleg-republicado\/<\/span><\/span><\/p>\n<p>&nbsp;<\/p>\n<p>&nbsp;<\/p>\n<p>&nbsp;<\/p>\n<p><a href=\"https:\/\/puntocritico.com\/ausajpuntocritico\/author\/punto-critico\/\"><img loading=\"lazy\" decoding=\"async\" class=\"aligncenter wp-image-9528\" src=\"https:\/\/puntocritico.com\/ausajpuntocritico\/wp-content\/uploads\/2018\/03\/Mosca_Punto_Cr\u00edtico_40.png\" alt=\"\" width=\"80\" height=\"80\" data-id=\"9528\" \/><\/a><\/p>\n<p>&nbsp;<\/p>\n","protected":false},"excerpt":{"rendered":"<div class=\"mh-excerpt\"><p>Izquierda no es Woke \u00a0 \u00abSe llama libre a aquella cosa que existe en virtud de la sola necesidad de su naturaleza y es determinada por s\u00ed sola a obrar; y necesaria, o mejor compelida, <a class=\"mh-excerpt-more\" href=\"https:\/\/puntocritico.com\/ausajpuntocritico\/2024\/05\/01\/izquierda-no-es-woke\/\" title=\"\u00abIZQUIERDA NO ES WOKE\u00bb, DE SUSAN NEIMAN: LO QUE FALTA: \u00abWOKE\u00bb, la \u201cNueva Izquierda\u201d al servicio del Capitalismo Global y de los Propietarios de los Medios de Producci\u00f3n del Siglo 21 (\u00abTIC&#8217;s\u00bb)\">[&#8230;]<\/a><\/p>\n<\/div>","protected":false},"author":3,"featured_media":2297403,"comment_status":"closed","ping_status":"closed","sticky":false,"template":"","format":"standard","meta":{"_acf_changed":false,"_exactmetrics_skip_tracking":false,"_exactmetrics_sitenote_active":false,"_exactmetrics_sitenote_note":"","_exactmetrics_sitenote_category":0,"footnotes":""},"categories":[7],"tags":[],"class_list":{"0":"post-2297192","1":"post","2":"type-post","3":"status-publish","4":"format-standard","5":"has-post-thumbnail","7":"category-politica"},"acf":[],"_links":{"self":[{"href":"https:\/\/puntocritico.com\/ausajpuntocritico\/wp-json\/wp\/v2\/posts\/2297192","targetHints":{"allow":["GET"]}}],"collection":[{"href":"https:\/\/puntocritico.com\/ausajpuntocritico\/wp-json\/wp\/v2\/posts"}],"about":[{"href":"https:\/\/puntocritico.com\/ausajpuntocritico\/wp-json\/wp\/v2\/types\/post"}],"author":[{"embeddable":true,"href":"https:\/\/puntocritico.com\/ausajpuntocritico\/wp-json\/wp\/v2\/users\/3"}],"replies":[{"embeddable":true,"href":"https:\/\/puntocritico.com\/ausajpuntocritico\/wp-json\/wp\/v2\/comments?post=2297192"}],"version-history":[{"count":0,"href":"https:\/\/puntocritico.com\/ausajpuntocritico\/wp-json\/wp\/v2\/posts\/2297192\/revisions"}],"wp:featuredmedia":[{"embeddable":true,"href":"https:\/\/puntocritico.com\/ausajpuntocritico\/wp-json\/wp\/v2\/media\/2297403"}],"wp:attachment":[{"href":"https:\/\/puntocritico.com\/ausajpuntocritico\/wp-json\/wp\/v2\/media?parent=2297192"}],"wp:term":[{"taxonomy":"category","embeddable":true,"href":"https:\/\/puntocritico.com\/ausajpuntocritico\/wp-json\/wp\/v2\/categories?post=2297192"},{"taxonomy":"post_tag","embeddable":true,"href":"https:\/\/puntocritico.com\/ausajpuntocritico\/wp-json\/wp\/v2\/tags?post=2297192"}],"curies":[{"name":"wp","href":"https:\/\/api.w.org\/{rel}","templated":true}]}}