{"id":2297178,"date":"2024-05-28T00:05:17","date_gmt":"2024-05-27T22:05:17","guid":{"rendered":"https:\/\/puntocritico.com\/ausajpuntocritico\/?p=2297178"},"modified":"2024-05-23T16:40:11","modified_gmt":"2024-05-23T14:40:11","slug":"sobre-verdad-y-mentira-en-sentido-extramoral-por-friedrich-nietzsche-parte-2","status":"publish","type":"post","link":"https:\/\/puntocritico.com\/ausajpuntocritico\/2024\/05\/28\/sobre-verdad-y-mentira-en-sentido-extramoral-por-friedrich-nietzsche-parte-2\/","title":{"rendered":"\u00abSobre verdad y mentira en sentido extramoral\u00bb, por Friedrich Nietzsche (Parte 2)"},"content":{"rendered":"<p style=\"text-align: justify;\"><a href=\"https:\/\/puntocritico.com\/ausajpuntocritico\/2024\/05\/21\/nietzsche-sobre-verdad-y-mentira-en-sentido-extramoral\/\"><span style=\"color: #008000; font-size: 14pt;\">\u00abSobre verdad y mentira en sentido extramoral\u00bb, por Friedrich Nietzsche (Parte 1)<\/span><\/a><\/p>\n<p>&nbsp;<\/p>\n<h2 style=\"text-align: center;\"><span style=\"font-size: 24pt;\">SOBRE VERDAD Y MENTIRA EN SENTIDO EXTRAMORAL<\/span><\/h2>\n<h3 style=\"text-align: center;\"><strong><span style=\"font-size: 18pt;\">(y Parte 2)<\/span><\/strong><\/h3>\n<p style=\"text-align: justify;\"><span style=\"font-size: 14pt;\">Friedrich Nietzsche (<a href=\"https:\/\/es.wikipedia.org\/wiki\/Sobre_verdad_y_mentira_en_sentido_extramoral\" target=\"_blank\" rel=\"noopener\">1873<\/a>)<\/span><\/p>\n<p><img loading=\"lazy\" decoding=\"async\" class=\"aligncenter wp-image-2297187 size-full\" src=\"https:\/\/puntocritico.com\/ausajpuntocritico\/wp-content\/uploads\/2024\/05\/Nietzsche-rec-cara.png\" alt=\"SOBRE VERDAD Y MENTIRA EN SENTIDO EXTRAMORAL\" width=\"373\" height=\"312\" data-id=\"2297187\" srcset=\"https:\/\/puntocritico.com\/ausajpuntocritico\/wp-content\/uploads\/2024\/05\/Nietzsche-rec-cara.png 373w, https:\/\/puntocritico.com\/ausajpuntocritico\/wp-content\/uploads\/2024\/05\/Nietzsche-rec-cara-300x251.png 300w\" sizes=\"auto, (max-width: 373px) 100vw, 373px\" \/><\/p>\n<p>&nbsp;<\/p>\n<p style=\"text-align: center;\"><strong><span style=\"font-size: 18pt;\">-II-<\/span><\/strong><\/p>\n<p style=\"text-align: justify;\"><span style=\"font-size: 14pt;\"><strong>Como hemos visto, en la construcci\u00f3n de los conceptos trabaja originariamente el lenguaje; m\u00e1s tarde la ciencia<\/strong>. Y as\u00ed como la abeja construye las celdas y simult\u00e1neamente las rellena de miel, as\u00ed tambi\u00e9n la ciencia trabaja sin cesar en ese gran <em>columbarium<\/em> de los conceptos, <em>necr\u00f3polis<\/em> de las intuiciones; construye sin cesar nuevas y m\u00e1s elevadas plantas, apuntala, limpia y renueva las celdas viejas y, <strong>sobre todo, se esfuerza en llenar ese colosal andamiaje que desmesuradamente ha apilado y en ordenar dentro de \u00e9l todo el mundo emp\u00edrico, es decir, el mundo antropom\u00f3rfico<\/strong>. Si ya el hombre que act\u00faa ata su vida a la raz\u00f3n y sus conceptos para no ser arrastrado ni perderse a s\u00ed mismo, el investigador construye su caba\u00f1a junto a la torre de la ciencia para poder cooperar en su edificaci\u00f3n y para encontrar \u00e9l mismo protecci\u00f3n bajo ese baluarte ya existente. <strong>De hecho necesita protecci\u00f3n, puesto que existen fuerzas terribles que constantemente le amenazan y que oponen a la verdad cient\u00edfica verdades de un tipo completamente diferente con las m\u00e1s diversas etiquetas<\/strong>.<\/span><\/p>\n<p>&nbsp;<\/p>\n<blockquote>\n<p style=\"text-align: center;\"><span style=\"font-size: 14pt; color: #008000;\"><strong>Si ya el hombre que act\u00faa ata su vida a la raz\u00f3n y sus conceptos para no ser arrastrado ni perderse a s\u00ed mismo, el investigador construye su caba\u00f1a junto a la torre de la ciencia para poder cooperar en su edificaci\u00f3n y para encontrar \u00e9l mismo protecci\u00f3n bajo ese baluarte ya existente<\/strong><\/span><\/p>\n<\/blockquote>\n<p>&nbsp;<\/p>\n<p style=\"text-align: justify;\"><span style=\"font-size: 14pt;\"><strong>Ese impulso hacia la construcci\u00f3n de met\u00e1foras, ese impulso fundamental del hombre del que no se puede prescindir ni un solo instante, pues si as\u00ed se hiciese se prescindir\u00eda del hombre mismo, no est\u00e1 en verdad dominado ni apenas domado por el hecho de que con sus evanescentes productos, los conceptos, se construya un mundo nuevo, regular y r\u00edgido, que es como una fortaleza para \u00e9l<\/strong>. Dicho impulso se busca para su actividad un campo nuevo y un cauce distinto, y los encuentra en el mito y, de modo general, en el arte. <\/span><\/p>\n<p>&nbsp;<\/p>\n<blockquote>\n<p style=\"text-align: center;\"><span style=\"font-size: 14pt; color: #008000;\"><strong>Dicho impulso se busca para su actividad un campo nuevo y un cauce distinto, y los encuentra en el mito y, de modo general, en el arte<\/strong><\/span><\/p>\n<\/blockquote>\n<p>&nbsp;<\/p>\n<p style=\"text-align: justify;\"><span style=\"font-size: 14pt;\">Confunde sin cesar las r\u00fabricas y las celdas de los conceptos introduciendo de esta manera nuevas extrapolaciones, met\u00e1foras y metonimias, <strong>continuamente muestra el af\u00e1n de configurar el mundo existente del hombre despierto, haci\u00e9ndolo tan abigarradamente irregular, tan inconsecuente, tan encantador y eternamente nuevo, como lo es el mundo de los sue\u00f1os<\/strong>. En s\u00ed, ciertamente, el hombre despierto solamente adquiere consciencia de que est\u00e1 despierto, gracias al r\u00edgido y regular tejido conceptual y, justamente por eso, llega a la creencia de que est\u00e1 so\u00f1ando si, en alguna ocasi\u00f3n, ese tejido conceptual es desgarrado por el arte.<\/span><\/p>\n<p>&nbsp;<\/p>\n<blockquote>\n<p style=\"text-align: center;\"><span style=\"font-size: 14pt; color: #008000;\"><strong>En s\u00ed, ciertamente, el hombre despierto solamente adquiere consciencia de que est\u00e1 despierto, gracias al r\u00edgido y regular tejido conceptual y, justamente por eso, llega a la creencia de que est\u00e1 so\u00f1ando si, en alguna ocasi\u00f3n, ese tejido conceptual es desgarrado por el arte<\/strong><\/span><\/p>\n<\/blockquote>\n<p>&nbsp;<\/p>\n<figure id=\"attachment_2298332\" aria-describedby=\"caption-attachment-2298332\" style=\"width: 480px\" class=\"wp-caption aligncenter\"><a href=\"https:\/\/psicologiaymente.com\/biografias\/blaise-pascal\" target=\"_blank\" rel=\"noopener\"><img loading=\"lazy\" decoding=\"async\" class=\"wp-image-2298332\" src=\"https:\/\/puntocritico.com\/ausajpuntocritico\/wp-content\/uploads\/2024\/05\/blaise-pascal-wide_webp-300x169.webp\" alt=\"\" width=\"480\" height=\"270\" data-id=\"2298332\" srcset=\"https:\/\/puntocritico.com\/ausajpuntocritico\/wp-content\/uploads\/2024\/05\/blaise-pascal-wide_webp-300x169.webp 300w, https:\/\/puntocritico.com\/ausajpuntocritico\/wp-content\/uploads\/2024\/05\/blaise-pascal-wide_webp-1024x576.webp 1024w, https:\/\/puntocritico.com\/ausajpuntocritico\/wp-content\/uploads\/2024\/05\/blaise-pascal-wide_webp-768x432.webp 768w, https:\/\/puntocritico.com\/ausajpuntocritico\/wp-content\/uploads\/2024\/05\/blaise-pascal-wide_webp-678x381.webp 678w, https:\/\/puntocritico.com\/ausajpuntocritico\/wp-content\/uploads\/2024\/05\/blaise-pascal-wide_webp.webp 1200w\" sizes=\"auto, (max-width: 480px) 100vw, 480px\" \/><\/a><figcaption id=\"caption-attachment-2298332\" class=\"wp-caption-text\"><span style=\"color: #008000;\">Blaise Pascal<\/span><\/figcaption><\/figure>\n<p>&nbsp;<\/p>\n<p style=\"text-align: justify;\"><span style=\"font-size: 14pt;\">Ten\u00eda raz\u00f3n <strong>Pascal<\/strong> <strong>(5)<\/strong> cuando afirmaba que, <strong>si todas las noches nos sobreviniese el mismo sue\u00f1o, nos ocupar\u00edamos tanto de \u00e9l como de las cosas que vemos todos los d\u00edas<\/strong>: <em>Si un artesano\u00a0<\/em><\/span><span style=\"font-size: 14pt;\"><em>estuviese seguro de so\u00f1ar todas las noches durante doce horas seguidas que era rey, yo creo<\/em> \u2014dice <strong>Pascal<\/strong>\u2014 <em>que ser\u00eda exactamente tan dichoso como un rey que so\u00f1ase todas las noches durante doce horas que es artesano<\/em> <strong>(6)<\/strong>. <strong>La diurna vigilia de un pueblo m\u00edticamente excitado, por ejemplo, la de los griegos m\u00e1s antiguos, es, de hecho, gracias al prodigio que constantemente se produce, tal y como el mito lo supone, m\u00e1s parecida al sue\u00f1o que a la vigilia del pensador cient\u00edficamente desilusionado<\/strong>. Si cualquier \u00e1rbol puede hablar como una <em>ninfa<\/em> <strong>(7)<\/strong>, o si un dios, bajo la apariencia de un toro <strong>(8)<\/strong>, puede raptar doncellas, si de pronto la misma diosa <strong>Atenea<\/strong> puede ser vista en compa\u00f1\u00eda de <strong>Pis\u00edstrato<\/strong> recorriendo las plazas de <em>Atenas<\/em> en un hermoso carro de caballos -y esto el honrado ateniense lo cre\u00eda-, <strong>entonces, en cada momento, como en los sue\u00f1os, todo es posible<\/strong> y la naturaleza entera revolotea alrededor hombre como si solamente se tratase de una mascarada de los dioses, para quienes no constituir\u00eda m\u00e1s que una broma el enga\u00f1ar a los hombres bajo todas las figuras.<\/span><\/p>\n<p>&nbsp;<\/p>\n<blockquote>\n<p style=\"text-align: center;\"><span style=\"font-size: 14pt; color: #008000;\"><strong>Pero el hombre mismo tiene una invencible tendencia a dejarse enga\u00f1ar y est\u00e1 como hechizado por la felicidad cuando el rapsoda le narra cuentos \u00e9picos como si fuesen verdades, o cuando en una representaci\u00f3n teatral el actor, haciendo el papel de rey, act\u00faa m\u00e1s regiamente que un rey en la realidad<\/strong><\/span><\/p>\n<\/blockquote>\n<p>&nbsp;<\/p>\n<p style=\"text-align: justify;\"><span style=\"font-size: 14pt;\">Pero el hombre mismo tiene una invencible tendencia a dejarse enga\u00f1ar y est\u00e1 como hechizado por la felicidad cuando el rapsoda le narra cuentos \u00e9picos como si fuesen verdades, o cuando en una representaci\u00f3n teatral el actor, haciendo el papel de rey, act\u00faa m\u00e1s regiamente que un rey en la realidad. <strong>El intelecto, ese maestro de la\u00a0<\/strong><\/span><span style=\"font-size: 14pt;\"><strong>ficci\u00f3n, se encuentra libre y relevado de su esclavitud habitual tanto tiempo cuanto puede enga\u00f1ar sin causar da\u00f1o y, en esos momentos, celebra sus <em>Saturnales<\/em><\/strong>; nunca es tan exhuberante, tan rico, tan soberbio, tan \u00e1gil y tan temerario: pose\u00eddo de un gozo creador, <strong>arroja las met\u00e1foras sin orden ni concierto y remueve los mojones de las abstracciones<\/strong> de tal manera que, por ejemplo, designa a la corriente como el camino m\u00f3vil que lleva al hombre all\u00ed donde \u00e9ste habitualmente va.<\/span><\/p>\n<p>&nbsp;<\/p>\n<blockquote>\n<p style=\"text-align: center;\"><span style=\"color: #008000;\"><strong><span style=\"font-size: 14pt;\">En esos momentos ha arrojado de s\u00ed el signo de la servidumbre: mientras que de ordinario se esforzaba con triste solicitud en mostrarle el camino y las herramientas a un pobre individuo que ans\u00eda la existencia y se lanzaba, como un siervo, en busca de presa y bot\u00edn para su se\u00f1or, ahora se ha convertido en se\u00f1or y puede borrar de su semblante la expresi\u00f3n de indigencia<\/span><\/strong><\/span><\/p>\n<\/blockquote>\n<p>&nbsp;<\/p>\n<p style=\"text-align: justify;\"><span style=\"font-size: 14pt;\">En esos momentos ha arrojado de s\u00ed el signo de la servidumbre: mientras que de ordinario se esforzaba con triste solicitud en mostrarle el camino y las herramientas a un pobre individuo que ans\u00eda la existencia y se lanzaba, como un siervo, en busca de presa y bot\u00edn para su se\u00f1or, ahora se ha convertido en se\u00f1or y puede borrar de su semblante la expresi\u00f3n de indigencia. <strong>Tambi\u00e9n ahora todo lo que haga, conllevar\u00e1, en comparaci\u00f3n con sus acciones anteriores, la ficci\u00f3n, lo mismo que las anteriores conllevaban la distorsi\u00f3n. Copia la vida del hombre, pero la toma como una cosa buena y parece darse por satisfecho con ella<\/strong>.\u00a0<\/span><span style=\"font-size: 14pt;\">Aquel enorme entramado y andamiaje de los conceptos, al que de por vida se aferra el hombre indigente para salvarse, es, solamente, un armaz\u00f3n para el intelecto liberado y un juguete para sus m\u00e1s audaces obras de arte y, cuando lo destruye, lo mezcla desordenadamente y lo vuelve a juntar ir\u00f3nicamente, uniendo lo m\u00e1s diverso y separando lo m\u00e1s af\u00edn, as\u00ed revela que no necesita de aquellos recursos de la indigencia y que ahora no se gu\u00eda por conceptos, sino por intuiciones. <strong>No existe ning\u00fan camino regular que conduzca desde esas intuiciones a la regi\u00f3n de los esquemas fantasmales, de las abstracciones: la palabra no est\u00e1 hecha para ellas, el hombre enmudece al verlas o habla en met\u00e1foras rigurosamente prohibidas o mediante inauditas concatenaciones conceptuales, para corresponder de un modo creador, aunque s\u00f3lo sea mediante la destrucci\u00f3n y la\u00a0<\/strong><\/span><span style=\"font-size: 14pt;\"><strong>burla de los antiguos l\u00edmites conceptuales, a la impresi\u00f3n de la poderosa intuici\u00f3n actual<\/strong>.<\/span><\/p>\n<p>&nbsp;<\/p>\n<blockquote>\n<p style=\"text-align: center;\"><span style=\"font-size: 14pt; color: #008000;\"><strong>Aquel enorme entramado y andamiaje de los conceptos, al que de por vida se aferra el hombre indigente para salvarse, es, solamente, un armaz\u00f3n para el intelecto liberado y un juguete para sus m\u00e1s audaces obras de arte y, cuando lo destruye, lo mezcla desordenadamente y lo vuelve a juntar ir\u00f3nicamente, uniendo lo m\u00e1s diverso y separando lo m\u00e1s af\u00edn, as\u00ed revela que no necesita de aquellos recursos de la indigencia y que ahora no se gu\u00eda por conceptos, sino por intuiciones<\/strong><\/span><\/p>\n<\/blockquote>\n<p>&nbsp;<\/p>\n<p><img loading=\"lazy\" decoding=\"async\" class=\"aligncenter wp-image-2298334\" src=\"https:\/\/puntocritico.com\/ausajpuntocritico\/wp-content\/uploads\/2024\/05\/2016FILOSOFIAFITNESS_Nietzsche-212x300.jpg\" alt=\"\" width=\"240\" height=\"340\" data-id=\"2298334\" srcset=\"https:\/\/puntocritico.com\/ausajpuntocritico\/wp-content\/uploads\/2024\/05\/2016FILOSOFIAFITNESS_Nietzsche-212x300.jpg 212w, https:\/\/puntocritico.com\/ausajpuntocritico\/wp-content\/uploads\/2024\/05\/2016FILOSOFIAFITNESS_Nietzsche-723x1024.jpg 723w, https:\/\/puntocritico.com\/ausajpuntocritico\/wp-content\/uploads\/2024\/05\/2016FILOSOFIAFITNESS_Nietzsche.jpg 768w\" sizes=\"auto, (max-width: 240px) 100vw, 240px\" \/><\/p>\n<p>&nbsp;<\/p>\n<p style=\"text-align: justify;\"><span style=\"font-size: 14pt;\"><strong>Hay \u00e9pocas en las que el hombre racional y el hombre intuitivo caminan juntos; el uno angustiado ante la intuici\u00f3n, el otro mof\u00e1ndose de la abstracci\u00f3n; es tan irracional este \u00faltimo como poco art\u00edstico el primero<\/strong>. <strong>Ambos ans\u00edan dominar la vida<\/strong>: <em>\u00e9ste sabiendo afrontar las necesidades m\u00e1s imperiosas, mediante la previsi\u00f3n, la prudencia y la regularidad, aqu\u00e9l, como un h\u00e9roe desbordante de alegr\u00eda, sin ver sus propias necesidades y sin tomar como real nada m\u00e1s que la vida disfrazada en la apariencia y la belleza<\/em>. <\/span><\/p>\n<p style=\"text-align: justify;\"><span style=\"font-size: 14pt;\"><strong>All\u00ed donde el hombre intuitivo, como, por ejemplo, en la Grecia m\u00e1s antigua, maneja sus armas de manera m\u00e1s potente y victoriosa que su contrario, puede, en circunstancias favorables, formarse una cultura y establecerse el dominio del arte sobre la vida<\/strong>; esa ficci\u00f3n, esa <em>negaci\u00f3n de la indigencia<\/em>, ese brillo de las <em>intuiciones metaf\u00f3ricas<\/em> y, en suma, esa <em>inmediatez de la ilusi\u00f3n<\/em>, acompa\u00f1an a todas las manifestaciones de una vida semejante. <strong>Ni la vivienda, ni la forma de caminar, ni la indumentaria, ni la tinaja de barro revelan que ha sido la necesidad la que los ha creado<\/strong>: parece como si en todos ellos hubiera de expresarse una felicidad sublime y una serenidad ol\u00edmpica y, en cierto modo, un juego con la seriedad. <\/span><\/p>\n<p>&nbsp;<\/p>\n<blockquote>\n<p style=\"text-align: center;\"><strong><span style=\"font-size: 14pt; color: #008000;\">Ni la vivienda, ni la forma de caminar, ni la indumentaria, ni la tinaja de barro revelan que ha sido la necesidad la que los ha creado: parece como si en todos ellos hubiera de expresarse una felicidad sublime y una serenidad ol\u00edmpica y, en cierto modo, un juego con la seriedad<\/span><\/strong><\/p>\n<\/blockquote>\n<p>&nbsp;<\/p>\n<p style=\"text-align: justify;\"><span style=\"font-size: 14pt;\"><strong>Mientras que el hombre guiado por conceptos y abstracciones \u00fanicamente con esta ayuda previene la desgracia, sin ni siquiera extraer alg\u00fan tipo de felicidad de las abstracciones mismas, aspirando a estar lo m\u00e1s libre posible de dolores, el hombre intuitivo, manteni\u00e9ndose en medio de una cultura, cosecha a partir ya de sus intuiciones, adem\u00e1s de la prevenci\u00f3n contra el mal, un flujo constante de claridad, jovialidad y redenci\u00f3n que afluyen constantemente<\/strong>. Es cierto que, cuando sufre, su sufrimiento es m\u00e1s intenso; e incluso sufre con mayor frecuencia, porque no sabe aprender de la experiencia y una y otra vez tropieza en la misma piedra en la que ya ha tropezado anteriormente. <\/span><\/p>\n<p>&nbsp;<\/p>\n<blockquote>\n<p style=\"text-align: center;\"><span style=\"font-size: 14pt; color: #008000;\"><strong>Es cierto que, cuando sufre, su sufrimiento es m\u00e1s intenso; e incluso sufre con mayor frecuencia, porque no sabe aprender de la experiencia y una y otra vez tropieza en la misma piedra en la que ya ha tropezado anteriormente<\/strong><\/span><\/p>\n<\/blockquote>\n<p>&nbsp;<\/p>\n<p style=\"text-align: justify;\"><span style=\"font-size: 14pt;\">Es tan irracional en el sufrimiento como en la felicidad, grita como un condenado y no encuentra ning\u00fan consuelo. <strong>\u00a1Cu\u00e1n distintamente se comporta el hombre estoico ante las mismas desgracias, instruido por la experiencia y domin\u00e1ndose a s\u00ed mismo mediante conceptos! <\/strong><\/span><\/p>\n<p>&nbsp;<\/p>\n<blockquote>\n<p style=\"text-align: center;\"><strong><span style=\"font-size: 14pt; color: #008000;\">\u00c9l, que s\u00f3lo busca habitualmente sinceridad, verdad, emanciparse de los enga\u00f1os y protegerse de las sorpresas seductoras, ahora, en la desgracia, como aqu\u00e9l en la felicidad, lleva a cabo la obra maestra de la ficci\u00f3n; no presenta un rostro humano que se contrae y se altera, sino, por as\u00ed decirlo, una m\u00e1scara con digna simetr\u00eda en los rasgos, no grita, ni siquiera lo m\u00e1s m\u00ednimo altera el tono de voz<\/span><\/strong><\/p>\n<\/blockquote>\n<p>&nbsp;<\/p>\n<p style=\"text-align: justify;\"><span style=\"font-size: 14pt;\"><em>\u00c9l, que s\u00f3lo busca habitualmente sinceridad, verdad, emanciparse de los enga\u00f1os y protegerse de las sorpresas seductoras, ahora, en la desgracia<\/em>, como aqu\u00e9l en la felicidad, lleva a cabo la obra maestra de la ficci\u00f3n; <em>no presenta un rostro humano que se contrae y se altera, sino, por as\u00ed decirlo, una m\u00e1scara con digna simetr\u00eda en los rasgos, no grita, ni siquiera lo m\u00e1s m\u00ednimo altera el tono de voz<\/em>. <strong>Cuando todo un chaparr\u00f3n descarga sobre \u00e9l, se envuelve en su capa y se marcha, a paso lento, bajo la lluvia<\/strong>.<\/span><\/p>\n<p>&nbsp;<\/p>\n<blockquote>\n<p style=\"text-align: center;\"><span style=\"font-size: 14pt; color: #008000;\"><strong>\u00a1Cu\u00e1n distintamente se comporta el hombre estoico ante las mismas desgracias, instruido por la experiencia y domin\u00e1ndose a s\u00ed mismo mediante conceptos!<\/strong> <\/span><\/p>\n<\/blockquote>\n<p>&nbsp;<\/p>\n<p><img loading=\"lazy\" decoding=\"async\" class=\"aligncenter wp-image-3707\" src=\"https:\/\/puntocritico.com\/ausajpuntocritico\/wp-content\/uploads\/2017\/07\/Nietzsche-y-el-nihilismo-7.jpg\" alt=\"\" width=\"280\" height=\"267\" data-id=\"3707\" \/><\/p>\n<p style=\"text-align: center;\"><strong><span style=\"color: #008000; font-size: 18pt;\">*******<\/span><\/strong><\/p>\n<blockquote>\n<h3 style=\"text-align: center;\"><span style=\"font-size: 18pt;\">Notas<\/span><\/h3>\n<p style=\"text-align: justify;\"><span style=\"font-size: 14pt;\">5 <strong>Blaise Pascal<\/strong> (1623-1662), cient\u00edfico y fil\u00f3sofo franc\u00e9s. Muy importante en las matem\u00e1ticas, relacionado con los f\u00edsicos <strong>Torricelli<\/strong> y <strong>Fermat<\/strong>, e inventor de la m\u00e1quina calculadora (1642). Ya antes de comenzar su principal obra filos\u00f3fica, <strong><em>Los Pensamientos<\/em><\/strong>, editados de forma p\u00f3stuma en 1670, se mostr\u00f3 contrario a mezclar la reflexi\u00f3n filos\u00f3fica y las ciencias naturales, con lo que se situaba entre los cr\u00edticos del cartesianismo. Influido por la corriente cristiana conocida como <em>jansenismo<\/em> y por su <em>austeridad estoica<\/em>, se enfrent\u00f3 a los jesuitas, con los que mantuvo una fuerte pol\u00e9mica teol\u00f3gica, y se opuso a la religi\u00f3n natural o <em>de\u00edsmo<\/em> de los racionalistas. Su posici\u00f3n intermedia entre el estoicismo (<em><strong>Epicteto<\/strong><\/em>) y el escepticismo (<em><strong>Montaigne<\/strong><\/em>) pon\u00eda de manifiesto <em>la impotencia de la raz\u00f3n humana matematizante<\/em> (<em>esp\u00edritu de la geometr\u00eda<\/em>) <em>y la necesidad de acudir a la ayuda de la intuici\u00f3n<\/em>, a un <em>esp\u00edritu de la finura capaz de captar las contradicciones de la existencia y de vivir en su irresoluble tensi\u00f3n constante<\/em>; sin olvidar la miseria infinita del hombre ni su infinita grandeza, consistente la \u00faltima en el privilegio de la conciencia y del pensamiento, aunque conciencia, precisamente, de la primera, de su propia miseria y limitaciones.<\/span><\/p>\n<p style=\"text-align: justify;\"><span style=\"font-size: 14pt;\">6 <strong>Pascal<\/strong> Pensamientos VI (380) 386.<\/span><\/p>\n<p style=\"text-align: justify;\"><span style=\"font-size: 14pt;\">7 La <em>ninfa<\/em> <strong>Dafne<\/strong> se transforma en laurel para huir de los requerimientos amorosos de <strong>Apolo<\/strong>. (Ovidio Metamorfosis L.I, 10, v.452-567), y un pastor grosero con las <em>ninfas<\/em> danzantes de <strong>Pan<\/strong> se transform\u00f3 en olivo (Ibid. L.XIV, 8, v.512-526).<\/span><\/p>\n<p style=\"text-align: justify;\"><span style=\"font-size: 14pt;\">8 La doncella <strong>Europa<\/strong> fue raptada por <strong>Zeus<\/strong> convertido en toro y llevada a la <em>isla de Creta<\/em>. (Ovidio Metamorfosis L.II, 12, v.836-875; Apolodoro Biblioteca L.III, 1-2). (Robert Graves Los mitos griegos, 58: Europa y Cadmo, p\u00e1gs.239- 244 del vol. I en la edici\u00f3n espa\u00f1ola, Alianza editorial). La leyenda de Atenea en un carro de caballos con <strong>Pis\u00edstrato<\/strong> la narra <strong>Di\u00f3genes Laercio<\/strong>.<\/span><\/p>\n<\/blockquote>\n<p>&nbsp;<\/p>\n<p><img loading=\"lazy\" decoding=\"async\" class=\"aligncenter wp-image-2298333\" src=\"https:\/\/puntocritico.com\/ausajpuntocritico\/wp-content\/uploads\/2024\/05\/muertedios-Nietzsche-204x300.jpg\" alt=\"\" width=\"220\" height=\"323\" data-id=\"2298333\" srcset=\"https:\/\/puntocritico.com\/ausajpuntocritico\/wp-content\/uploads\/2024\/05\/muertedios-Nietzsche-204x300.jpg 204w, https:\/\/puntocritico.com\/ausajpuntocritico\/wp-content\/uploads\/2024\/05\/muertedios-Nietzsche.jpg 218w\" sizes=\"auto, (max-width: 220px) 100vw, 220px\" \/><\/p>\n<p>&nbsp;<\/p>\n<blockquote class=\"wp-embedded-content\" data-secret=\"PMJ4yZBH5s\"><p><a href=\"https:\/\/puntocritico.com\/ausajpuntocritico\/2024\/05\/21\/nietzsche-sobre-verdad-y-mentira-en-sentido-extramoral\/\">&#8220;Sobre verdad y mentira en sentido extramoral&#8221;, por Friedrich Nietzsche (Parte 1)<\/a><\/p><\/blockquote>\n<p><iframe loading=\"lazy\" class=\"wp-embedded-content\" sandbox=\"allow-scripts\" security=\"restricted\" style=\"position: absolute; clip: rect(1px, 1px, 1px, 1px);\" title=\"\u00ab&#8220;Sobre verdad y mentira en sentido extramoral&#8221;, por Friedrich Nietzsche (Parte 1)\u00bb \u2014 Punto Cr\u00edtico Derechos Humanos\" src=\"https:\/\/puntocritico.com\/ausajpuntocritico\/2024\/05\/21\/nietzsche-sobre-verdad-y-mentira-en-sentido-extramoral\/embed\/#?secret=VS8UGK2wnK#?secret=PMJ4yZBH5s\" data-secret=\"PMJ4yZBH5s\" width=\"500\" height=\"282\" frameborder=\"0\" marginwidth=\"0\" marginheight=\"0\" scrolling=\"no\"><\/iframe><\/p>\n<p>&nbsp;<\/p>\n<p><a href=\"https:\/\/puntocritico.com\/ausajpuntocritico\/author\/punto-critico\/\"><img loading=\"lazy\" decoding=\"async\" class=\"aligncenter wp-image-9528\" src=\"https:\/\/puntocritico.com\/ausajpuntocritico\/wp-content\/uploads\/2018\/03\/Mosca_Punto_Cr\u00edtico_40.png\" alt=\"\" width=\"80\" height=\"80\" data-id=\"9528\" \/><\/a><\/p>\n<p>&nbsp;<\/p>\n<p>&nbsp;<\/p>\n","protected":false},"excerpt":{"rendered":"<div class=\"mh-excerpt\"><p>\u00abSobre verdad y mentira en sentido extramoral\u00bb, por Friedrich Nietzsche (Parte 1) &nbsp; SOBRE VERDAD Y MENTIRA EN SENTIDO EXTRAMORAL (y Parte 2) Friedrich Nietzsche (1873) &nbsp; -II- Como hemos visto, en la construcci\u00f3n de <a class=\"mh-excerpt-more\" href=\"https:\/\/puntocritico.com\/ausajpuntocritico\/2024\/05\/28\/sobre-verdad-y-mentira-en-sentido-extramoral-por-friedrich-nietzsche-parte-2\/\" title=\"\u00abSobre verdad y mentira en sentido extramoral\u00bb, por Friedrich Nietzsche (Parte 2)\">[&#8230;]<\/a><\/p>\n<\/div>","protected":false},"author":3,"featured_media":2297185,"comment_status":"closed","ping_status":"closed","sticky":false,"template":"","format":"standard","meta":{"_acf_changed":false,"_exactmetrics_skip_tracking":false,"_exactmetrics_sitenote_active":false,"_exactmetrics_sitenote_note":"","_exactmetrics_sitenote_category":0,"footnotes":""},"categories":[8],"tags":[84,53],"class_list":{"0":"post-2297178","1":"post","2":"type-post","3":"status-publish","4":"format-standard","5":"has-post-thumbnail","7":"category-filosofia","8":"tag-estoicismo","9":"tag-nietzsche"},"acf":[],"_links":{"self":[{"href":"https:\/\/puntocritico.com\/ausajpuntocritico\/wp-json\/wp\/v2\/posts\/2297178","targetHints":{"allow":["GET"]}}],"collection":[{"href":"https:\/\/puntocritico.com\/ausajpuntocritico\/wp-json\/wp\/v2\/posts"}],"about":[{"href":"https:\/\/puntocritico.com\/ausajpuntocritico\/wp-json\/wp\/v2\/types\/post"}],"author":[{"embeddable":true,"href":"https:\/\/puntocritico.com\/ausajpuntocritico\/wp-json\/wp\/v2\/users\/3"}],"replies":[{"embeddable":true,"href":"https:\/\/puntocritico.com\/ausajpuntocritico\/wp-json\/wp\/v2\/comments?post=2297178"}],"version-history":[{"count":0,"href":"https:\/\/puntocritico.com\/ausajpuntocritico\/wp-json\/wp\/v2\/posts\/2297178\/revisions"}],"wp:featuredmedia":[{"embeddable":true,"href":"https:\/\/puntocritico.com\/ausajpuntocritico\/wp-json\/wp\/v2\/media\/2297185"}],"wp:attachment":[{"href":"https:\/\/puntocritico.com\/ausajpuntocritico\/wp-json\/wp\/v2\/media?parent=2297178"}],"wp:term":[{"taxonomy":"category","embeddable":true,"href":"https:\/\/puntocritico.com\/ausajpuntocritico\/wp-json\/wp\/v2\/categories?post=2297178"},{"taxonomy":"post_tag","embeddable":true,"href":"https:\/\/puntocritico.com\/ausajpuntocritico\/wp-json\/wp\/v2\/tags?post=2297178"}],"curies":[{"name":"wp","href":"https:\/\/api.w.org\/{rel}","templated":true}]}}