{"id":2295205,"date":"2024-03-11T00:05:54","date_gmt":"2024-03-10T23:05:54","guid":{"rendered":"https:\/\/puntocritico.com\/ausajpuntocritico\/?p=2295205"},"modified":"2026-01-19T16:59:10","modified_gmt":"2026-01-19T15:59:10","slug":"aniversario-y-prescripcion-del-11-m","status":"publish","type":"post","link":"https:\/\/puntocritico.com\/ausajpuntocritico\/2024\/03\/11\/aniversario-y-prescripcion-del-11-m\/","title":{"rendered":"ANIVERSARIO Y PRESCRIPCI\u00d3N DEL 11 M (2004-2024): La Doctrina del Shock en Espa\u00f1a: \u00abEstrenamos tiempo nuevo\u00bb (Rodr\u00edguez Zapatero, 2004)"},"content":{"rendered":"<h2 style=\"text-align: justify;\"><span style=\"color: #008000; font-size: 14pt;\"><span style=\"vertical-align: inherit;\"><span style=\"vertical-align: inherit;\">ANIVERSARIO Y PRESCRIPCI\u00d3N DEL 11M<\/span><\/span><\/span><\/h2>\n<p><span style=\"vertical-align: inherit;\"><span style=\"vertical-align: inherit;\"><\/span><\/span><\/p>\n<p>&nbsp;<\/p>\n<div class=\"elementor-element elementor-element-3244f97 elementor-widget elementor-widget-theme-post-title elementor-page-title elementor-widget-heading\" data-id=\"3244f97\" data-element_type=\"widget\" data-widget_type=\"theme-post-title.default\">\n<div class=\"elementor-widget-container\">\n<blockquote>\n<h2 class=\"elementor-heading-title elementor-size-default\" style=\"text-align: center;\"><span style=\"font-size: 24pt;\"><span style=\"vertical-align: inherit;\"><span style=\"vertical-align: inherit;\">HACE 20 A\u00d1OS<\/span><\/span><\/span><\/h2>\n<p style=\"text-align: center;\"><span style=\"font-size: 18pt;\"><strong><span style=\"vertical-align: inherit;\"><span style=\"vertical-align: inherit;\">193 muertos y 2.000 heridos despu\u00e9s, y tantas y tantas mentiras despu\u00e9s, los atentados del 11 de marzo de 2004 van a prescribir este a\u00f1o.<\/span><\/span><\/strong><\/span><\/p>\n<\/blockquote>\n<\/div>\n<\/div>\n<blockquote>\n<div class=\"elementor-element elementor-element-c084de0 elementor-widget elementor-widget-theme-post-excerpt\" data-id=\"c084de0\" data-element_type=\"widget\" data-widget_type=\"theme-post-excerpt.default\">\n<div class=\"elementor-widget-container\" style=\"text-align: center;\"><em><strong><span style=\"font-size: 14pt;\"><span style=\"vertical-align: inherit;\"><span style=\"vertical-align: inherit;\">Se dir\u00e1 que esto ya es cosa juzgada y que acudamos a la sentencia; <\/span><span style=\"vertical-align: inherit;\">pero es la propia sentencia la que no aclara puntos absolutamente claves<\/span><\/span><\/span><\/strong><\/em><\/div>\n<div>\u00a0<\/div>\n<div><span style=\"font-size: 14pt;\"><span style=\"vertical-align: inherit;\"><span style=\"vertical-align: inherit;\">Por Getro ( <\/span><\/span><\/span><em style=\"font-size: 14pt;\"><span style=\"vertical-align: inherit;\"><span style=\"vertical-align: inherit;\">Terra Ignota <\/span><\/span><\/em><span style=\"font-size: 14pt;\"><span style=\"vertical-align: inherit;\"><span style=\"vertical-align: inherit;\">)<\/span><\/span><\/span><\/div>\n<\/div>\n<section class=\"elementor-section elementor-top-section elementor-element elementor-element-fc9d029 elementor-section-content-middle elementor-section-boxed elementor-section-height-default elementor-section-height-default\" data-id=\"fc9d029\" data-element_type=\"section\">\n<div class=\"elementor-container elementor-column-gap-default\">\n<div class=\"elementor-column elementor-col-100 elementor-top-column elementor-element elementor-element-8a2d33f\" data-id=\"8a2d33f\" data-element_type=\"column\">\n<div class=\"elementor-widget-wrap elementor-element-populated\">\n<section class=\"elementor-section elementor-inner-section elementor-element elementor-element-ded23d5 elementor-section-content-middle elementor-section-boxed elementor-section-height-default elementor-section-height-default\" data-id=\"ded23d5\" data-element_type=\"section\">\n<div class=\"elementor-container elementor-column-gap-default\">\n<div class=\"elementor-column elementor-col-50 elementor-inner-column elementor-element elementor-element-b10f97c\" data-id=\"b10f97c\" data-element_type=\"column\">\n<div class=\"elementor-widget-wrap elementor-element-populated\">\n<div class=\"elementor-element elementor-element-b8aebda elementor-widget elementor-widget-autor_entrada\" data-id=\"b8aebda\" data-element_type=\"widget\" data-widget_type=\"autor_entrada.default\">\n<div class=\"elementor-widget-container\">\n<div class=\"grilla-autor_entrada cols- cols-tablet- cols-mobile-\">\n<article class=\"alineacion- alineacion-tablet- alineacion-mobile-\">\n<div class=\"bloque-texto\">\n<p><span style=\"font-size: 14pt;\"><a href=\"https:\/\/ideas.gaceta.es\/ignacio-lopez-bru-la-version-oficial-es-la-mayor-estafa-jamas-perpetrada-contra-los-espanoles\/?scroll-event=true\" target=\"_blank\" rel=\"noopener\"><span style=\"vertical-align: inherit;\"><span style=\"vertical-align: inherit;\">Ideas<\/span><\/span><\/a><span style=\"vertical-align: inherit;\"><span style=\"vertical-align: inherit;\"> , 10 DE MARZO DE 2024<\/span><\/span><\/span><\/p>\n<\/div>\n<\/article>\n<\/div>\n<\/div>\n<\/div>\n<\/div>\n<\/div>\n<\/div>\n<\/section>\n<\/div>\n<\/div>\n<\/div>\n<\/section>\n<p><img loading=\"lazy\" decoding=\"async\" class=\"aligncenter wp-image-14424\" src=\"https:\/\/puntocritico.com\/ausajpuntocritico\/wp-content\/uploads\/2018\/10\/trenes-cirylle-martin-zougan-300x194.jpg\" alt=\"\" width=\"440\" height=\"284\" data-id=\"14424\" srcset=\"https:\/\/puntocritico.com\/ausajpuntocritico\/wp-content\/uploads\/2018\/10\/trenes-cirylle-martin-zougan-300x194.jpg 300w, https:\/\/puntocritico.com\/ausajpuntocritico\/wp-content\/uploads\/2018\/10\/trenes-cirylle-martin-zougan-233x150.jpg 233w, https:\/\/puntocritico.com\/ausajpuntocritico\/wp-content\/uploads\/2018\/10\/trenes-cirylle-martin-zougan.jpg 634w\" sizes=\"auto, (max-width: 440px) 100vw, 440px\" \/><\/p>\n<p>&nbsp;<\/p>\n<\/blockquote>\n<section class=\"elementor-section elementor-top-section elementor-element elementor-element-112c87b elementor-section-boxed elementor-section-height-default elementor-section-height-default\" data-id=\"112c87b\" data-element_type=\"section\">\n<div class=\"elementor-container elementor-column-gap-default\">\n<div class=\"elementor-column elementor-col-100 elementor-top-column elementor-element elementor-element-d5eb397\" data-id=\"d5eb397\" data-element_type=\"column\">\n<div class=\"elementor-widget-wrap elementor-element-populated\">\n<div class=\"elementor-element elementor-element-430ec10 elementor-widget-mobile__width-initial elementor-widget elementor-widget-theme-post-content\" data-id=\"430ec10\" data-element_type=\"widget\" data-widget_type=\"theme-post-content.default\">\n<div class=\"elementor-widget-container\">\n<blockquote>\n<p style=\"text-align: justify;\"><span style=\"font-size: 14pt;\"><span style=\"vertical-align: inherit;\"><span style=\"vertical-align: inherit;\">En la peque\u00f1a televisi\u00f3n de la cocina, asist\u00ed a las primeras ca\u00f3ticas informaciones sobre los atentados de Atocha. <\/span><span style=\"vertical-align: inherit;\">Era 11 de marzo y ese d\u00eda no estaba en la facultad porque hab\u00eda huelga. <\/span><span style=\"vertical-align: inherit;\">Luego supe que varios de mis compa\u00f1eros, que usaban esa l\u00ednea de tren para llegar a la Universidad, se salvaron precisamente por eso.<\/span><\/span><\/span><\/p>\n<p style=\"text-align: justify;\"><span style=\"font-size: 14pt;\"><strong><span style=\"vertical-align: inherit;\"><span style=\"vertical-align: inherit;\">193 muertos y 2.000 heridos despu\u00e9s, y tantas y tantas mentiras despu\u00e9s, los atentados del 11 de marzo de 2004 van a prescribir este a\u00f1o.<\/span><\/span><\/strong><\/span><\/p>\n<p style=\"text-align: justify;\"><span style=\"font-size: 14pt;\"><span style=\"vertical-align: inherit;\"><span style=\"vertical-align: inherit;\">Es interesante explicar brevemente que, aunque estamos hablando de un atentado terrorista y los delitos de terrorismo ahora no prescritos (con matices), no ocurrir\u00eda lo mismo antes de la reforma del c\u00f3digo penal de 2010, donde el l\u00edmite eran 20 a\u00f1os. <\/span><span style=\"vertical-align: inherit;\">Sorprende a los m\u00e1s ingenuos que en un pa\u00eds tan golpeado por el terrorismo existe este l\u00edmite, pero esa era la realidad.<\/span><\/span><\/span><\/p>\n<p style=\"text-align: justify;\"><span style=\"font-size: 14pt;\"><span style=\"vertical-align: inherit;\"><span style=\"vertical-align: inherit;\">A los que ya no somos tan ingenuos ya nos sorprenden pocas de las cosas que ocurren en este sistema del 78, creado para el blindaje de una oligarqu\u00eda de familias poderosas que a su vez quedan bien sometidas a intereses extranjeros, intereses que s\u00ed pueden (o no) estar en \u00abdesiertos remotos o en monta\u00f1as lejanas\u00bb. <\/span><span style=\"vertical-align: inherit;\">Por eso no nos sorprende, aunque s\u00ed nos duela, que una de las voces m\u00e1s autorizadas\u00a0 <\/span><\/span><strong><span style=\"vertical-align: inherit;\"><span style=\"vertical-align: inherit;\">para <\/span><\/span><\/strong><strong><span style=\"vertical-align: inherit;\"><span style=\"vertical-align: inherit;\">exigir la verdad de los atentados m\u00e1s graves de la historia de Europa<\/span><\/span><\/strong><span style=\"vertical-align: inherit;\"><span style=\"vertical-align: inherit;\"> , y que hab\u00eda logrado reavivar la b\u00fasqueda de la verdad, haya sido infiltrada y silenciada paulatinamente. hasta la eutanasiarla. <\/span><span style=\"vertical-align: inherit;\">Hablo de la <\/span><\/span><strong><span style=\"vertical-align: inherit;\"><span style=\"vertical-align: inherit;\">Asociaci\u00f3n de V\u00edctimas del 11M<\/span><\/span><\/strong><span style=\"vertical-align: inherit;\"><span style=\"vertical-align: inherit;\"> , que en un giro de 180 grados formaliz\u00f3 su disoluci\u00f3n a pocos d\u00edas del vig\u00e9simo aniversario de la tragedia.<\/span><\/span><\/span><\/p>\n<p>&nbsp;<\/p>\n<p style=\"text-align: center;\"><strong><span style=\"font-size: 14pt; color: #008000;\"><span style=\"vertical-align: inherit;\"><span style=\"vertical-align: inherit;\">este sistema del 78, creado para el blindaje de una oligarqu\u00eda de familias poderosas que a su vez quedan bien sometidas a intereses extranjeros<\/span><\/span><\/span><\/strong><\/p>\n<p>&nbsp;<\/p>\n<p style=\"text-align: justify;\"><span style=\"font-size: 14pt;\">\u00bfY por qu\u00e9 hablo de exigir la verdad? Porque <strong>lo que sabemos del 11-M es de todo menos la verdad<\/strong>. Alguno dir\u00e1 que esto ya es cosa juzgada y que acudamos a la sentencia; <strong>pero es la propia sentencia la que no aclara\u00a0puntos absolutamente claves<\/strong>:<\/span><\/p>\n<p style=\"text-align: justify;\"><span style=\"font-size: 14pt;\">De estos atentados no sabemos sus autores intelectuales, ni por qu\u00e9 se elimin\u00f3 con tanta premura el lugar del crimen. No sabemos qui\u00e9n dio la orden de hacer desaparecer los trenes. No sabemos por qu\u00e9 hubo un coche que se salv\u00f3 de la fundici\u00f3n y apareci\u00f3 a\u00f1os m\u00e1s tarde. No sabemos el arma utilizada en el crimen porque no sabemos de d\u00f3nde sali\u00f3 <strong>la mochila (bolsa) de Vallecas<\/strong>. No sabemos por qu\u00e9 esa bomba ten\u00eda metralla y las de los trenes no. No sabemos por qu\u00e9 estaba dise\u00f1ada para no explotar. No sabemos por qu\u00e9 la fiscal\u00eda no ten\u00eda inter\u00e9s alguno en averiguar qu\u00e9 explosivo se utiliz\u00f3, a\u00f1os despu\u00e9s en el juicio. No sabemos qu\u00e9 pas\u00f3 con las fotos que se hicieron de ella en el parque Azor\u00edn. No sabemos qui\u00e9n filtr\u00f3 otras fotos a ABC News. No sabemos por qu\u00e9 en Alcal\u00e1 no se detectaron todos los objetos \u2014restos de explosivos inclu\u00eddos\u2014 y en la comisar\u00eda de Canillas s\u00ed, a pesar de las unidades caninas que rastrearon la furgoneta Kangoo. No sabemos por qu\u00e9 la muestra analizada era exactamente igual a la que ten\u00edan los TEDAX en su poder. No sabemos qui\u00e9n dej\u00f3\u00a0<strong>el Skoda Fabia<\/strong>\u00a0en Alcal\u00e1 ni por qu\u00e9 el juez, tras ver la tremenda chapuza que era esa prueba la descart\u00f3, pero no descart\u00f3 las pruebas encontradas en \u00e9l. No sabemos por qu\u00e9 Aznar excluy\u00f3 al CNI de las primeras reuniones. No sabemos por qu\u00e9 no se suspendieron las elecciones. No sabemos qui\u00e9n puso la bomba del AVE en Mocej\u00f3n d\u00edas m\u00e1s tarde. No sabemos por qu\u00e9 ordenaron a los GEO que entraran en\u00a0<strong>el piso de Legan\u00e9s<\/strong>\u00a0cuando no hac\u00eda falta. No sabemos por qu\u00e9 se profan\u00f3 el cuerpo de Francisco Javier Torronteras, el GEO v\u00edctima de aquella operaci\u00f3n. No sabemos por qu\u00e9 no se hicieron autopsias de los \u201cinmolados\u201d en Legan\u00e9s. No sabemos por qu\u00e9 cuando el PP retom\u00f3 el poder, decidi\u00f3 poner el \u00faltimo clavo al ata\u00fad de las investigaciones sobre el atentado.<\/span><\/p>\n<p style=\"text-align: justify;\"><span style=\"font-size: 14pt;\">Lo que s\u00ed sabemos es que los atentados fueron ejecutados con una precisi\u00f3n milim\u00e9trica y eso no cuadra con el perfil de los supuestos autores materiales; hay que ser muy idiota para querer atentar de esa manera y para ello utilizar una tarjeta sim que t\u00fa mismo has vendido.<strong> S\u00ed sabemos que\u00a0<\/strong><strong>hubo una campa\u00f1a de bulos comandada por el Grupo Prisa<\/strong>. S\u00ed sabemos que en la COPE y en el ABC ciertos periodistas avanzaban en el tiempo lo que iba a pasar horas despu\u00e9s. S\u00ed sabemos que el PP gestion\u00f3 horriblemente mal las informaciones de la investigaci\u00f3n. S\u00ed sabemos que todos cre\u00edan al principio que hab\u00eda sido ETA. S\u00ed sabemos que pr\u00e1cticamente todos los implicados estaban fichados por las FFCCSS del Estado o directamente trabajaban para ellos.<strong> S\u00ed sabemos que\u00a0<\/strong><strong>se incumpli\u00f3 el protocolo de los TEDAX<\/strong>. S\u00ed sabemos sus primeras declaraciones tras llegar a los lugares de los atentados. S\u00ed sabemos que los \u201cinmolados\u201d en Legan\u00e9s lo hicieron cuando ya no hab\u00eda peligro para ning\u00fan vecino. S\u00ed sabemos que en la sentencia del juicio no se identifican a los autores intelectuales. S\u00ed sabemos que cuando se peritaron de forma independiente las pocas muestras que a\u00fan quedaban, no salieron los resultados esperados. S\u00ed sabemos que <a href=\"https:\/\/es.wikipedia.org\/wiki\/Coro_Cill%C3%A1n\" target=\"_blank\" rel=\"noopener\"><strong>cuando a\u00f1os m\u00e1s tarde una juez valiente empez\u00f3 a hacer las preguntas correctas, acab\u00f3 internada en un centro psiqui\u00e1trico de Palencia<\/strong><\/a>. S\u00ed sabemos que muchos de los mandos policiales responsables de que una masacre as\u00ed no ocurriera fueron condecorados y promocionados despu\u00e9s. S\u00ed sabemos que hay \u201cfamilias\u201d en los servicios de inteligencia espa\u00f1oles. S\u00ed sabemos que otras potencias extranjeras tienen en su bolsillo a muchos de ellos, y no s\u00f3lo a agentes o mandos policiales. S\u00ed, sabemos que <strong>Espa\u00f1a cambi\u00f3 sustancialmente<\/strong>\u00a0tras aquella barbarie.<\/span><\/p>\n<p style=\"text-align: justify;\"><span style=\"font-size: 14pt;\">Desde <a href=\"https:\/\/www.youtube.com\/playlist?list=PLToEFX4AD-Ldbh8chh025OGyzVhqZrbPB\" target=\"_blank\" rel=\"noopener\"><strong>Terra Ignota<\/strong><\/a> hemos intentado contribuir a la lucha para que la memoria de las v\u00edctimas de esta masacre no sea, tambi\u00e9n, eutanasiada. Por ello<strong>, nos hemos enfrentado a calificativos de todo tipo\u00a0<\/strong>por parte de gente que vive muy c\u00f3moda sin cuestionarse absolutamente nada y que, en su comodidad, prefiere vivir de rodillas. Es doloroso, pero nos da igual.<\/span><\/p>\n<p>&nbsp;<\/p>\n<p style=\"text-align: center;\"><strong><span style=\"font-size: 14pt; color: #008000;\">La prescripci\u00f3n de estos atentados es la historia de la ignominia y del desprecio hacia las v\u00edctimas directas de esas 12 bombas pero tambi\u00e9n hacia el resto de espa\u00f1oles<\/span><\/strong><\/p>\n<p>&nbsp;<\/p>\n<p style=\"text-align: justify;\"><span style=\"font-size: 14pt;\">La prescripci\u00f3n de estos atentados es la historia de la ignominia y del desprecio hacia las v\u00edctimas directas de esas 12 bombas pero tambi\u00e9n hacia el resto de espa\u00f1oles,<strong>\u00a0a quienes nos han impuesto un relato del que se nos proh\u00edbe objetar<\/strong>. La \u00fanica esperanza que nos queda a los que no somos ingenuos es que, con el tiempo, este negro episodio de la historia de Espa\u00f1a sea socialmente considerado como lo que es, una Gran Mentira que dio inicio al principio del fin. Y, en \u00faltimo t\u00e9rmino, s\u00ed sea juzgado por el \u00danico que de verdad s\u00ed hace justicia.<\/span><\/p>\n<p>&nbsp;<\/p>\n<figure id=\"attachment_2243013\" aria-describedby=\"caption-attachment-2243013\" style=\"width: 400px\" class=\"wp-caption aligncenter\"><img loading=\"lazy\" decoding=\"async\" class=\"wp-image-2243013\" src=\"https:\/\/puntocritico.com\/ausajpuntocritico\/wp-content\/uploads\/2022\/03\/desguace-tren11m.jpg-300x199.webp\" alt=\"\" width=\"400\" height=\"266\" data-id=\"2243013\" srcset=\"https:\/\/puntocritico.com\/ausajpuntocritico\/wp-content\/uploads\/2022\/03\/desguace-tren11m.jpg-300x199.webp 300w, https:\/\/puntocritico.com\/ausajpuntocritico\/wp-content\/uploads\/2022\/03\/desguace-tren11m.jpg-768x510.webp 768w, https:\/\/puntocritico.com\/ausajpuntocritico\/wp-content\/uploads\/2022\/03\/desguace-tren11m.jpg-610x405.webp 610w, https:\/\/puntocritico.com\/ausajpuntocritico\/wp-content\/uploads\/2022\/03\/desguace-tren11m.jpg.webp 954w\" sizes=\"auto, (max-width: 400px) 100vw, 400px\" \/><figcaption id=\"caption-attachment-2243013\" class=\"wp-caption-text\"><span style=\"color: #008000;\">Desguace de uno de los trenes del 11-M. | Cordon Press<\/span><\/figcaption><\/figure>\n<div>\u00a0<\/div>\n<div style=\"text-align: center;\"><span style=\"color: #008000; font-size: 18pt;\">***<\/span><\/div>\n<div class=\"autor\" style=\"text-align: center;\"><span style=\"font-size: 14pt;\"><strong>Getro (Terra Ignota)<\/strong><\/span><\/div>\n<div class=\"biografia\" style=\"text-align: center;\">Es integrante de Terra Ignota, canal de YouTube autor del documental \u00ab<em><strong>11M: el principio del fin<\/strong><\/em>\u00ab, en el que, a lo largo de ocho cap\u00edtulos y varias entrevistas anexas se dedica a ordenar y poner en contexto los hechos que ocurrieron el 11 de marzo de 2004 y en d\u00edas posteriores<\/div>\n<\/blockquote>\n<\/div>\n<\/div>\n<\/div>\n<\/div>\n<\/div>\n<\/section>\n<blockquote>\n<p>&nbsp;<\/p>\n<p><img loading=\"lazy\" decoding=\"async\" class=\"aligncenter wp-image-2243036\" src=\"https:\/\/puntocritico.com\/ausajpuntocritico\/wp-content\/uploads\/2022\/03\/11m-queremos-la-verdad-300x225.jpg\" alt=\"\" width=\"400\" height=\"300\" data-id=\"2243036\" srcset=\"https:\/\/puntocritico.com\/ausajpuntocritico\/wp-content\/uploads\/2022\/03\/11m-queremos-la-verdad-300x225.jpg 300w, https:\/\/puntocritico.com\/ausajpuntocritico\/wp-content\/uploads\/2022\/03\/11m-queremos-la-verdad-610x458.jpg 610w, https:\/\/puntocritico.com\/ausajpuntocritico\/wp-content\/uploads\/2022\/03\/11m-queremos-la-verdad-326x245.jpg 326w, https:\/\/puntocritico.com\/ausajpuntocritico\/wp-content\/uploads\/2022\/03\/11m-queremos-la-verdad-80x60.jpg 80w, https:\/\/puntocritico.com\/ausajpuntocritico\/wp-content\/uploads\/2022\/03\/11m-queremos-la-verdad.jpg 640w\" sizes=\"auto, (max-width: 400px) 100vw, 400px\" \/><\/p>\n<\/blockquote>\n<p style=\"text-align: center;\"><strong><span style=\"color: #008000; font-size: 18pt;\">*******<\/span><\/strong><\/p>\n<h2 style=\"text-align: center;\"><span style=\"font-size: 24pt;\">LA ASOCIACI\u00d3N DE V\u00cdCTIMAS DEL 11-M CIERRA POR \u00abFALTA DE MEDIOS ECON\u00d3MICOS\u00bb TRAS 20 A\u00d1OS<\/span><\/h2>\n<p class=\"tno-general-single__article__header__excerpt\" style=\"text-align: center;\"><strong><span style=\"font-size: 18pt;\">Unos 600 integrantes de la agrupaci\u00f3n buscar\u00e1n asistencia en otras organizaciones<\/span><\/strong><\/p>\n<p style=\"text-align: center;\"><strong><span style=\"font-size: 14pt;\">Desde su constituci\u00f3n en 2004, la Asociaci\u00f3n de V\u00edctimas del\u00a0<a href=\"https:\/\/theobjective.com\/espana\/2024-03-02\/trashorras-exminero-explosivos-11-m-eutanasia\/\" target=\"_blank\" rel=\"noopener\" data-schema-attribute=\"\">11-M<\/a>\u00a0ha sido la m\u00e1s activa de las organizaciones en la\u00a0lucha contra la prescripci\u00f3n\u00a0del atentado terrorista acontecido en Madrid. Durante su per\u00edodo de actividad, esta agrupaci\u00f3n ha dado\u00a0cobertura, voz y atenci\u00f3n\u00a0a los afectados por el suceso. Ahora, con el anuncio del cese de su actividad\u00a0el pr\u00f3ximo 15 de marzo, unas\u00a0600 personas que contin\u00faan necesitando ayuda y atenci\u00f3n psicol\u00f3gica, as\u00ed como compa\u00f1\u00eda, se quedar\u00e1n sin esta cobertura<\/span><\/strong><\/p>\n<p style=\"text-align: justify;\"><span style=\"font-size: 14pt;\">Por Chema Mu\u00f1oz<\/span><\/p>\n<p style=\"text-align: justify;\"><span style=\"font-size: 14pt;\"><a href=\"https:\/\/theobjective.com\/sociedad\/2024-03-09\/asociacion-victimas-11m-cierra\/\" target=\"_blank\" rel=\"noopener\">The Objective<\/a>, 9 MARZO 2024<\/span><\/p>\n<figure id=\"attachment_2295226\" aria-describedby=\"caption-attachment-2295226\" style=\"width: 678px\" class=\"wp-caption aligncenter\"><img loading=\"lazy\" decoding=\"async\" class=\"wp-image-2295226 size-mh-magazine-content\" src=\"https:\/\/puntocritico.com\/ausajpuntocritico\/wp-content\/uploads\/2024\/03\/asociacion-11m-scaled-e1709729099902-1200x675-1-678x381.jpg\" alt=\"\" width=\"678\" height=\"381\" data-id=\"2295226\" srcset=\"https:\/\/puntocritico.com\/ausajpuntocritico\/wp-content\/uploads\/2024\/03\/asociacion-11m-scaled-e1709729099902-1200x675-1-678x381.jpg 678w, https:\/\/puntocritico.com\/ausajpuntocritico\/wp-content\/uploads\/2024\/03\/asociacion-11m-scaled-e1709729099902-1200x675-1-300x169.jpg 300w, https:\/\/puntocritico.com\/ausajpuntocritico\/wp-content\/uploads\/2024\/03\/asociacion-11m-scaled-e1709729099902-1200x675-1-1024x576.jpg 1024w, https:\/\/puntocritico.com\/ausajpuntocritico\/wp-content\/uploads\/2024\/03\/asociacion-11m-scaled-e1709729099902-1200x675-1-768x432.jpg 768w, https:\/\/puntocritico.com\/ausajpuntocritico\/wp-content\/uploads\/2024\/03\/asociacion-11m-scaled-e1709729099902-1200x675-1.jpg 1200w\" sizes=\"auto, (max-width: 678px) 100vw, 678px\" \/><figcaption id=\"caption-attachment-2295226\" class=\"wp-caption-text\"><span style=\"color: #008000;\">La Asociaci\u00f3n de V\u00edctimas del 11-M ha sido la m\u00e1s activa de las organizaciones en la lucha contra la prescripci\u00f3n del atentado terrorista acontecido en Madrid<\/span><\/figcaption><\/figure>\n<p>&nbsp;<\/p>\n<p style=\"text-align: justify;\"><span style=\"font-size: 14pt;\">A\u00a0punto de cumplirse\u00a0<strong>20 a\u00f1os de los atentados\u00a0<a href=\"https:\/\/theobjective.com\/espana\/politica\/2024-03-07\/psoe-junts-amnistia-terrorismo-traicion\/\" target=\"_blank\" rel=\"noopener\" data-schema-attribute=\"\">terroristas<\/a>\u00a0del 11 de marzo<\/strong>, el mayor episodio de estas caracter\u00edsticas en la historia de Espa\u00f1a, la\u00a0<strong>Asociaci\u00f3n de V\u00edctimas del 11-M<\/strong>, fundada por aquel entonces, ha anunciado el\u00a0<strong>cese de su actividad\u00a0<\/strong>por \u00abfalta de medios econ\u00f3micos\u00bb, entre otros motivos.<\/span><\/p>\n<p style=\"text-align: justify;\"><span style=\"font-size: 14pt;\"><span style=\"vertical-align: inherit;\"><span style=\"vertical-align: inherit;\">El 11 de marzo del 2004, un total de <\/span><\/span><strong><span style=\"vertical-align: inherit;\"><span style=\"vertical-align: inherit;\">\u00a0193 personas fueron asesinadas<\/span><\/span><\/strong><span style=\"vertical-align: inherit;\"><span style=\"vertical-align: inherit;\"> \u00a0en cuatro atentados terroristas que se llevaron a cabo en diferentes puntos de la red ferroviaria de\u00a0 <\/span><\/span><a href=\"https:\/\/theobjective.com\/espana\/madrid\/2024-03-08\/demoras-cercanias-madrid-incidencia\/\" target=\"_blank\" rel=\"noopener\" data-schema-attribute=\"\"><span style=\"vertical-align: inherit;\"><span style=\"vertical-align: inherit;\">Renfe en Madrid<\/span><\/span><\/a><span style=\"vertical-align: inherit;\"><span style=\"vertical-align: inherit;\"> . <\/span><span style=\"vertical-align: inherit;\">Cuatro explosiones simult\u00e1neas, en cuatro vagones diferentes, sumadas a tres artefactos que fueron localizados y detonados de manera controlada por la polic\u00eda, ante su compleja desactivaci\u00f3n. <\/span><span style=\"vertical-align: inherit;\">Con la investigaci\u00f3n para determinar las causas del suceso en curso,\u00a0 <\/span><\/span><strong><span style=\"vertical-align: inherit;\"><span style=\"vertical-align: inherit;\">las autoridades situaron a los presuntos autores materiales e intelectuales de los atentados en el municipio de <\/span><\/span><a href=\"https:\/\/theobjective.com\/sociedad\/2024-02-24\/urgencias-leganes-jovenes-latinos-heridos-reyertas\/\" target=\"_blank\" rel=\"noopener\" data-schema-attribute=\"\"><span style=\"vertical-align: inherit;\"><span style=\"vertical-align: inherit;\">\u00a0Legan\u00e9s<\/span><\/span><\/a><\/strong><span style=\"vertical-align: inherit;\"><span style=\"vertical-align: inherit;\"> . <\/span><span style=\"vertical-align: inherit;\">Tras versos acorralados por los agentes, los terroristas se inmolaron, matando a un polic\u00eda del Grupo Especial de Operaciones (GEO), que se convertir\u00eda en la \u00faltima v\u00edctima.<\/span><\/span><\/span><\/p>\n<p style=\"text-align: justify;\"><span style=\"font-size: 14pt;\"><span style=\"vertical-align: inherit;\"><span style=\"vertical-align: inherit;\">EL OBJETIVO ha contactado con Cristina Garrido, actual secretaria en funciones de la asociaci\u00f3n, quien comenta los principales motivos que han llevado al cese de la agrupaci\u00f3n. <\/span><span style=\"vertical-align: inherit;\">El pasado mes de noviembre, la \u00faltima Junta Directiva de Asociaci\u00f3n de V\u00edctimas del <\/span><\/span><a href=\"https:\/\/theobjective.com\/espana\/politica\/2024-03-08\/urdaci-izquierda-presiono-11m-capas-calzoncillos\/+\" target=\"_blank\" rel=\"noopener\" data-schema-attribute=\"\"><span style=\"vertical-align: inherit;\"><span style=\"vertical-align: inherit;\">\u00a011-M<\/span><\/span><\/a><span style=\"vertical-align: inherit;\"><span style=\"vertical-align: inherit;\"> , que presid\u00eda Adoraci\u00f3n Majali Mart\u00ednez, superviviente de los atentados, dimiti\u00f3. <\/span><span style=\"vertical-align: inherit;\">Tras ello, no se present\u00f3 ning\u00fan candidato al puesto, una de las razones por las que la agrupaci\u00f3n no puede salir adelante:\u00a0 <\/span><\/span><strong><span style=\"vertical-align: inherit;\"><span style=\"vertical-align: inherit;\">carece de una Junta Directiva<\/span><\/span><\/strong><span style=\"vertical-align: inherit;\"><span style=\"vertical-align: inherit;\"> .<\/span><\/span><\/span><\/p>\n<p style=\"text-align: justify;\">\u00a0<\/p>\n<figure id=\"attachment_2295227\" aria-describedby=\"caption-attachment-2295227\" style=\"width: 440px\" class=\"wp-caption aligncenter\"><img loading=\"lazy\" decoding=\"async\" class=\"wp-image-2295227\" src=\"https:\/\/puntocritico.com\/ausajpuntocritico\/wp-content\/uploads\/2024\/03\/homenaje11m-2023-1024x683-1-300x200.webp\" alt=\"\" width=\"440\" height=\"293\" data-id=\"2295227\" srcset=\"https:\/\/puntocritico.com\/ausajpuntocritico\/wp-content\/uploads\/2024\/03\/homenaje11m-2023-1024x683-1-300x200.webp 300w, https:\/\/puntocritico.com\/ausajpuntocritico\/wp-content\/uploads\/2024\/03\/homenaje11m-2023-1024x683-1-768x512.webp 768w, https:\/\/puntocritico.com\/ausajpuntocritico\/wp-content\/uploads\/2024\/03\/homenaje11m-2023-1024x683-1.webp 1024w\" sizes=\"auto, (max-width: 440px) 100vw, 440px\" \/><figcaption id=\"caption-attachment-2295227\" class=\"wp-caption-text\"><span style=\"color: #008000;\"><span style=\"vertical-align: inherit;\"><span style=\"vertical-align: inherit;\">Homenaje a las v\u00edctimas el pasado 11 de marzo del 2023. | <\/span><span style=\"vertical-align: inherit;\">Luis Soto, Zuma Press<\/span><\/span><\/span><\/figcaption><\/figure>\n<div class=\"tno-related-block\">\n<div class=\"tno-related-block__wrapper\">\n<p>&nbsp;<\/p>\n<p style=\"text-align: justify;\"><span style=\"font-size: 14pt;\"><span style=\"vertical-align: inherit;\"><span style=\"vertical-align: inherit;\">Garrido apunta a esto \u00faltimo como uno de los principales motivos, pero tambi\u00e9n resalta la importancia de tener una\u00a0 <\/span><\/span><strong><span style=\"vertical-align: inherit;\"><span style=\"vertical-align: inherit;\">viabilidad econ\u00f3mica<\/span><\/span><\/strong><span style=\"vertical-align: inherit;\"><span style=\"vertical-align: inherit;\"> : \u00ab <\/span><\/span><em><span style=\"vertical-align: inherit;\"><span style=\"vertical-align: inherit;\">El dinero que se recibe de las subvenciones de las administraciones no cubre la totalidad de los gastos y pr\u00e1cticamente no se recibe donaciones, por lo que econ\u00f3micamente no es viable su continuidad<\/span><\/span><\/em><span style=\"vertical-align: inherit;\"><span style=\"vertical-align: inherit;\"> \u00bb. <\/span><span style=\"vertical-align: inherit;\">El pasado 14 de febrero se celebr\u00f3 una <\/span><\/span><a href=\"https:\/\/theobjective.com\/espana\/politica\/2024-01-15\/abascal-blindara-nucleo-duro-sector-critico\/\" target=\"_blank\" rel=\"noopener\" data-schema-attribute=\"\"><span style=\"vertical-align: inherit;\"><span style=\"vertical-align: inherit;\">\u00a0Asamblea Extraordinaria<\/span><\/span><\/a><span style=\"vertical-align: inherit;\"><span style=\"vertical-align: inherit;\"> , a la cual acudieron la mayor\u00eda de los integrantes de la organizaci\u00f3n. <\/span><span style=\"vertical-align: inherit;\">En la misma, y \u200b\u200bcon motivo de seguir sin candidatos para formar una nueva Junta Directiva, se puso en votaci\u00f3n la continuidad de la Asociaci\u00f3n de V\u00edctimas del 11-M.<\/span><\/span><\/span><\/p>\n<p style=\"text-align: justify;\"><span style=\"font-size: 14pt;\"><strong><span style=\"vertical-align: inherit;\"><span style=\"vertical-align: inherit;\">Su cierre fue inmediato aprobado por unanimidad<\/span><\/span><\/strong><span style=\"vertical-align: inherit;\"><span style=\"vertical-align: inherit;\"> . <\/span><span style=\"vertical-align: inherit;\">La actual secretar\u00eda en funciones ha declarado a THE OBJETIVE que est\u00e1 trabajando conjuntamente con los trabajadores y otros integrantes de la asociaci\u00f3n en su cierre y disoluci\u00f3n, as\u00ed como en no dejar desamparadas a las <\/span><\/span><strong><span style=\"vertical-align: inherit;\"><span style=\"vertical-align: inherit;\">\u00a0m\u00e1s de 1.000 personas que forman parte de ella<\/span><\/span><\/strong><span style=\"vertical-align: inherit;\"><span style=\"vertical-align: inherit;\"> .<\/span><\/span><\/span><\/p>\n<p>&nbsp;<\/p>\n<p><img loading=\"lazy\" decoding=\"async\" class=\"aligncenter wp-image-2295233\" src=\"https:\/\/puntocritico.com\/ausajpuntocritico\/wp-content\/uploads\/2024\/03\/Gobierno-de-aznar-11M-PPAL-300x199.jpg\" alt=\"\" width=\"400\" height=\"266\" data-id=\"2295233\" srcset=\"https:\/\/puntocritico.com\/ausajpuntocritico\/wp-content\/uploads\/2024\/03\/Gobierno-de-aznar-11M-PPAL-300x199.jpg 300w, https:\/\/puntocritico.com\/ausajpuntocritico\/wp-content\/uploads\/2024\/03\/Gobierno-de-aznar-11M-PPAL-678x452.jpg 678w, https:\/\/puntocritico.com\/ausajpuntocritico\/wp-content\/uploads\/2024\/03\/Gobierno-de-aznar-11M-PPAL.jpg 680w\" sizes=\"auto, (max-width: 400px) 100vw, 400px\" \/><\/p>\n<p>&nbsp;<\/p>\n<\/div>\n<\/div>\n<h3 id=\"h-falta-de-donaciones-la-agrupacion-ha-caido-en-el-olvido\" class=\"wp-block-heading\" style=\"text-align: center;\"><span style=\"font-size: 18pt;\"><span style=\"vertical-align: inherit;\"><span style=\"vertical-align: inherit;\">Falta de donaciones: la agrupaci\u00f3n ha ca\u00eddo en el olvido<\/span><\/span><\/span><\/h3>\n<p style=\"text-align: justify;\"><span style=\"font-size: 14pt;\"><span style=\"vertical-align: inherit;\"><span style=\"vertical-align: inherit;\">Desde su constituci\u00f3n en 2004, la Asociaci\u00f3n de V\u00edctimas del\u00a0 <\/span><\/span><a href=\"https:\/\/theobjective.com\/espana\/2024-03-02\/trashorras-exminero-explosivos-11-m-eutanasia\/\" target=\"_blank\" rel=\"noopener\" data-schema-attribute=\"\"><span style=\"vertical-align: inherit;\"><span style=\"vertical-align: inherit;\">11-M<\/span><\/span><\/a><span style=\"vertical-align: inherit;\"><span style=\"vertical-align: inherit;\"> \u00a0ha sido la m\u00e1s activa de las organizaciones en la <\/span><\/span><strong><span style=\"vertical-align: inherit;\"><span style=\"vertical-align: inherit;\">\u00a0lucha contra la prescripci\u00f3n<\/span><\/span><\/strong><span style=\"vertical-align: inherit;\"><span style=\"vertical-align: inherit;\"> \u00a0del atentado terrorista acontecido en Madrid. <\/span><span style=\"vertical-align: inherit;\">Durante su per\u00edodo de actividad, esta agrupaci\u00f3n ha dado\u00a0 <\/span><\/span><strong><span style=\"vertical-align: inherit;\"><span style=\"vertical-align: inherit;\">cobertura, voz y atenci\u00f3n<\/span><\/span><\/strong><span style=\"vertical-align: inherit;\"><span style=\"vertical-align: inherit;\"> \u00a0a los afectados por el suceso. <\/span><span style=\"vertical-align: inherit;\">Ahora, con el anuncio del cese de su actividad\u00a0 <\/span><\/span><strong><span style=\"vertical-align: inherit;\"><span style=\"vertical-align: inherit;\">el pr\u00f3ximo 15 de marzo<\/span><\/span><\/strong><span style=\"vertical-align: inherit;\"><span style=\"vertical-align: inherit;\"> , unas\u00a0 <\/span><\/span><strong><span style=\"vertical-align: inherit;\"><span style=\"vertical-align: inherit;\">600 personas<\/span><\/span><\/strong><span style=\"vertical-align: inherit;\"><span style=\"vertical-align: inherit;\"> \u00a0que contin\u00faan necesitando ayuda y atenci\u00f3n psicol\u00f3gica, as\u00ed como compa\u00f1\u00eda, se quedar\u00e1n sin esta cobertura.<\/span><\/span><\/span><\/p>\n<p style=\"text-align: justify;\"><span style=\"font-size: 14pt;\"><span style=\"vertical-align: inherit;\"><span style=\"vertical-align: inherit;\">La asociaci\u00f3n siempre ha buscado m\u00e1s explicaciones, considerando insuficientes las recogidas en la versi\u00f3n oficial que refleja la sentencia del juicio de la Audiencia Nacional. <\/span><span style=\"vertical-align: inherit;\">As\u00ed, cada a\u00f1o han reclamado que este hecho no prescriba, con el fin de que se contin\u00faa investigando el\u00a0 <\/span><\/span><strong><span style=\"vertical-align: inherit;\"><span style=\"vertical-align: inherit;\">mayor <\/span><\/span><a href=\"https:\/\/theobjective.com\/espana\/2024-01-16\/covite-etarras-terceros-grados-requisitos\/\" target=\"_blank\" rel=\"noopener\" data-schema-attribute=\"\"><span style=\"vertical-align: inherit;\"><span style=\"vertical-align: inherit;\">\u00a0atentado<\/span><\/span><\/a><span style=\"vertical-align: inherit;\"><span style=\"vertical-align: inherit;\"> \u00a0de la historia de Espa\u00f1a<\/span><\/span><\/strong><span style=\"vertical-align: inherit;\"><span style=\"vertical-align: inherit;\"> .<\/span><\/span><\/span><\/p>\n<div class=\"tno-general-single__article__main__content tno-single-content\">\n<p style=\"text-align: justify;\"><span style=\"font-size: 14pt;\"><span style=\"vertical-align: inherit;\"><span style=\"vertical-align: inherit;\">\u00c1ngeles Dom\u00ednguez y Adoraci\u00f3n Majali,\u00a0 <\/span><\/span><strong><span style=\"vertical-align: inherit;\"><span style=\"vertical-align: inherit;\">supervivientes del ataque terrorista<\/span><\/span><\/strong><span style=\"vertical-align: inherit;\"><span style=\"vertical-align: inherit;\"> , presidieron la Asociaci\u00f3n de V\u00edctimas del 11-M anteriormente, y Cristina Garrido es la actual secretar\u00eda en funciones, madre de un espa\u00f1ol asesinado en el\u00a0 <\/span><\/span><a href=\"https:\/\/theobjective.com\/cultura\/2023-05-06\/carrere-bataclan-comprension-horror\/\" target=\"_blank\" rel=\"noopener\" data-schema-attribute=\"\"><span style=\"vertical-align: inherit;\"><span style=\"vertical-align: inherit;\">atentado parisino de la sala Bataclan<\/span><\/span><\/a><span style=\"vertical-align: inherit;\"><span style=\"vertical-align: inherit;\"> , en el a\u00f1o 2015. Aquellos que contin\u00faen unidos a la asociaci\u00f3n buscar\u00e1n ayuda y cobijo en otras organizaciones que dan visibilidad y voz a todas las v\u00edctimas del terrorismo en el pa\u00eds.<\/span><\/span><\/span><\/p>\n<\/div>\n<p style=\"text-align: justify;\">\u00a0<\/p>\n<p><img loading=\"lazy\" decoding=\"async\" class=\"aligncenter wp-image-2295230\" src=\"https:\/\/puntocritico.com\/ausajpuntocritico\/wp-content\/uploads\/2024\/03\/Pedro-y-Pablo-los-ganadores-del-11M-300x169.jpg\" alt=\"Pedro y Pablo ganadores del 11M\" width=\"400\" height=\"225\" data-id=\"2295230\" srcset=\"https:\/\/puntocritico.com\/ausajpuntocritico\/wp-content\/uploads\/2024\/03\/Pedro-y-Pablo-los-ganadores-del-11M-300x169.jpg 300w, https:\/\/puntocritico.com\/ausajpuntocritico\/wp-content\/uploads\/2024\/03\/Pedro-y-Pablo-los-ganadores-del-11M.jpg 640w\" sizes=\"auto, (max-width: 400px) 100vw, 400px\" \/><\/p>\n<p style=\"text-align: center;\"><strong><span style=\"color: #008000; font-size: 18pt;\"><span style=\"vertical-align: inherit;\"><span style=\"vertical-align: inherit;\">*******<\/span><\/span><\/span><\/strong><\/p>\n<div>\n<blockquote>\n<h2 style=\"text-align: center;\"><span style=\"font-size: 24pt;\"><span style=\"vertical-align: inherit;\"><span style=\"vertical-align: inherit;\">EL 11M \u201cTODO SE TRUNC\u00d3\u201d: CONVERSANDO CON PILAR MANJ\u00d3N <\/span><\/span><strong><span style=\"vertical-align: inherit;\"><span style=\"vertical-align: inherit;\">\u00a0(2018)<\/span><\/span><\/strong><\/span><\/h2>\n<p style=\"text-align: center;\"><strong><span style=\"font-size: 14pt; font-family: arial, helvetica, sans-serif; color: #008000;\"><span style=\"vertical-align: inherit;\"><span style=\"vertical-align: inherit;\">A\u00f1os de dolor y falta de entendimiento. <\/span><span style=\"vertical-align: inherit;\">Desprecio, amenazas e insultos por parte de muchos. <\/span><\/span><\/span><\/strong><\/p>\n<p style=\"text-align: center;\"><strong><span style=\"font-size: 14pt; font-family: arial, helvetica, sans-serif; color: #008000;\"><span style=\"vertical-align: inherit;\"><span style=\"vertical-align: inherit;\">Pilar recuerda las palabras de \u00c1lvarez Cascos: \u00ab<\/span><\/span><em><span style=\"vertical-align: inherit;\"><span style=\"vertical-align: inherit;\">cambiamos de gobierno por esta puta y cuatro mierdas m\u00e1s<\/span><\/span><\/em><span style=\"vertical-align: inherit;\"><span style=\"vertical-align: inherit;\">\u00ab.<\/span><\/span><\/span><\/strong><\/p>\n<p style=\"text-align: center;\"><strong><span style=\"font-size: 14pt; font-family: arial, helvetica, sans-serif; color: #008000;\"><span style=\"vertical-align: inherit;\"><span style=\"vertical-align: inherit;\">O cuando Esperanza Aguirre, al entregarle una subvenci\u00f3n para la Asociaci\u00f3n le dijo: \u00ab<\/span><\/span><em><span style=\"vertical-align: inherit;\"><span style=\"vertical-align: inherit;\">esto es mejor que un premio de loter\u00eda, porque no paga a Hacienda<\/span><\/span><\/em><span style=\"vertical-align: inherit;\"><span style=\"vertical-align: inherit;\">\u00ab.<\/span><\/span><\/span><\/strong><\/p>\n<p style=\"text-align: center;\"><strong><span style=\"font-size: 14pt; font-family: arial, helvetica, sans-serif; color: #008000;\"><span style=\"vertical-align: inherit;\"><span style=\"vertical-align: inherit;\">Tambi\u00e9n Manuel Cobo, entonces vicealcalde de Madrid, en la inauguraci\u00f3n del monumento a las V\u00edctimas del 11M: \u00ab<\/span><\/span><em><span style=\"vertical-align: inherit;\"><span style=\"vertical-align: inherit;\">Ahora vendr\u00e1n las putas de la Montera a pedir otro monumentito<\/span><\/span><\/em><span style=\"vertical-align: inherit;\"><span style=\"vertical-align: inherit;\">\u00ab.<\/span><\/span><\/span><\/strong><\/p>\n<div class=\"author-data\">\n<div class=\"author-bio\" style=\"text-align: justify;\"><span style=\"font-size: 14pt;\"><span style=\"vertical-align: inherit;\"><span style=\"vertical-align: inherit;\">Por V\u00edctor Arrogante\u00a0<\/span><\/span><\/span><\/div>\n<div class=\"author-bio\" style=\"text-align: justify;\"><span style=\"font-size: 14pt;\"><a href=\"http:\/\/www.nuevatribuna.es\/opinion\/victor-arrogante\/11-marzo-2004-todo-trunco-conversando-pilar-manjon\/20180311094159149552.html\" target=\"_blank\" rel=\"noopener\"><span style=\"vertical-align: inherit;\"><span style=\"vertical-align: inherit;\">Nueva Tribuna<\/span><\/span><\/a><span style=\"vertical-align: inherit;\"><span style=\"vertical-align: inherit;\"> , 11 MARZO 2018<\/span><\/span><\/span><\/div>\n<\/div>\n<div>\u00a0<\/div>\n<div>\n<figure id=\"attachment_9834\" aria-describedby=\"caption-attachment-9834\" style=\"width: 440px\" class=\"wp-caption aligncenter\"><a href=\"https:\/\/puntocritico.com\/ausajpuntocritico\/wp-content\/uploads\/2018\/03\/2014031113235148387.jpg\" rel=\"lightbox[2295205]\"><img loading=\"lazy\" decoding=\"async\" class=\"wp-image-9834\" src=\"https:\/\/puntocritico.com\/ausajpuntocritico\/wp-content\/uploads\/2018\/03\/2014031113235148387.jpg\" alt=\"\" width=\"440\" height=\"289\" \/><\/a><figcaption id=\"caption-attachment-9834\" class=\"wp-caption-text\"><span style=\"font-size: 10pt; color: #339966;\"><strong><span style=\"vertical-align: inherit;\"><span style=\"vertical-align: inherit;\">Pilar Manjon. <\/span><span style=\"vertical-align: inherit;\">Aquel d\u00eda \u00abTodo se trunc\u00f3 brutalmente. Escuchaba la Cadena Ser; I\u00f1aki Gabilondo informaba sobre el atentado y desde entonces todo ha sido un sin vivir. Levant\u00e9 a mi otro hijo y le dije: vamos a la universidad a buscar al ni\u00f1o\u00bb<\/span><\/span><\/strong><\/span><\/figcaption><\/figure>\n<\/div>\n<div>\n<p>&nbsp;<\/p>\n<p style=\"text-align: justify;\"><span style=\"font-family: arial, helvetica, sans-serif; font-size: 14pt;\"><span style=\"vertical-align: inherit;\"><span style=\"vertical-align: inherit;\">Con motivo del triste aniversario del 11M en Madrid, tuve la oportunidad de mantener una larga conversaci\u00f3n en 2014 con\u00a0 <\/span><\/span><\/span><strong style=\"font-family: arial, helvetica, sans-serif; font-size: 14pt;\"><span style=\"vertical-align: inherit;\"><span style=\"vertical-align: inherit;\">Pilar Manj\u00f3n <\/span><\/span><\/strong><span style=\"font-family: arial, helvetica, sans-serif; font-size: 14pt;\"><span style=\"vertical-align: inherit;\"><span style=\"vertical-align: inherit;\">, presidenta de la <\/span><\/span><strong><span style=\"vertical-align: inherit;\"><span style=\"vertical-align: inherit;\">Asociaci\u00f3n 11M Afectados por el Terrorismo<\/span><\/span><\/strong><span style=\"vertical-align: inherit;\"><span style=\"vertical-align: inherit;\"> y madre de\u00a0 <\/span><\/span><\/span><strong style=\"font-family: arial, helvetica, sans-serif; font-size: 14pt;\"><span style=\"vertical-align: inherit;\"><span style=\"vertical-align: inherit;\">Daniel <\/span><\/span><\/strong><span style=\"font-family: arial, helvetica, sans-serif; font-size: 14pt;\"><span style=\"vertical-align: inherit;\"><span style=\"vertical-align: inherit;\">, que perdi\u00f3 la vida en los terribles atentados terroristas. <\/span><span style=\"vertical-align: inherit;\">Hoy cuatro a\u00f1os despu\u00e9s, retomo la entrevista que public\u00f3 en Diario Progresista ( <\/span><\/span><em><span style=\"vertical-align: inherit;\"><span style=\"vertical-align: inherit;\">etapa anterior<\/span><\/span><\/em><span style=\"vertical-align: inherit;\"><span style=\"vertical-align: inherit;\"> ) con el t\u00edtulo: \u00bb <\/span><\/span><em><span style=\"vertical-align: inherit;\"><span style=\"vertical-align: inherit;\">Desde el dolor se puede llegar a los derechos humanos y la paz<\/span><\/span><\/em><span style=\"vertical-align: inherit;\"><span style=\"vertical-align: inherit;\"> \u00ab.<\/span><\/span><\/span><\/p>\n<p style=\"text-align: justify;\"><span style=\"font-size: 14pt; font-family: arial, helvetica, sans-serif;\"><span style=\"vertical-align: inherit;\"><span style=\"vertical-align: inherit;\">Aquel d\u00eda \u00bb <\/span><\/span><em><span style=\"vertical-align: inherit;\"><span style=\"vertical-align: inherit;\">Todo se trunc\u00f3 brutalmente. Escuchaba la Cadena Ser;\u00a0 <\/span><\/span><strong><span style=\"vertical-align: inherit;\"><span style=\"vertical-align: inherit;\">I\u00f1aki Gabilondo\u00a0<\/span><\/span><\/strong><span style=\"vertical-align: inherit;\"><span style=\"vertical-align: inherit;\"> informaba sobre el atentado y desde entonces todo ha sido un sin vivir. Levant\u00e9 a mi otro hijo y le dije: <\/span><\/span><\/em><em><span style=\"vertical-align: inherit;\"><span style=\"vertical-align: inherit;\">vamos a la universidad a buscar al ni\u00f1o<\/span><\/span><\/em><span style=\"vertical-align: inherit;\"><span style=\"vertical-align: inherit;\"> \u00ab. <\/span><span style=\"vertical-align: inherit;\">Ella \u00bb <\/span><\/span><em><span style=\"vertical-align: inherit;\"><span style=\"vertical-align: inherit;\">sab\u00eda<\/span><\/span><\/em><span style=\"vertical-align: inherit;\"><span style=\"vertical-align: inherit;\"> \u00ab, dice, que a su hijo le hab\u00eda cogido de lleno el atentado. <\/span><span style=\"vertical-align: inherit;\">Me relat\u00f3, en una amplia conversaci\u00f3n, sobre aquel d\u00eda aciago y los <\/span><\/span><em><span style=\"vertical-align: inherit;\"><span style=\"vertical-align: inherit;\">diez a\u00f1os<\/span><\/span><\/em><span style=\"vertical-align: inherit;\"><span style=\"vertical-align: inherit;\"> \u00a0( <\/span><\/span><em><span style=\"vertical-align: inherit;\"><span style=\"vertical-align: inherit;\">ahora catorce<\/span><\/span><\/em><span style=\"vertical-align: inherit;\"><span style=\"vertical-align: inherit;\"> ) de su calvario.<\/span><\/span><\/span><\/p>\n<p style=\"text-align: justify;\"><span style=\"font-size: 14pt; font-family: arial, helvetica, sans-serif;\"><span style=\"vertical-align: inherit;\"><span style=\"vertical-align: inherit;\">A\u00f1os de dolor y falta de entendimiento. <\/span><span style=\"vertical-align: inherit;\">Desprecio, amenazas e insultos por parte de muchos.\u00a0<\/span><\/span><strong><span style=\"vertical-align: inherit;\"><span style=\"vertical-align: inherit;\">Pilar<\/span><\/span><\/strong><span style=\"vertical-align: inherit;\"><span style=\"vertical-align: inherit;\"> \u00a0recuerda las palabras de <\/span><\/span><strong><span style=\"vertical-align: inherit;\"><span style=\"vertical-align: inherit;\">\u00a0\u00c1lvarez Cascos<\/span><\/span><\/strong><span style=\"vertical-align: inherit;\"><span style=\"vertical-align: inherit;\"> : \u00bb <\/span><\/span><em><span style=\"vertical-align: inherit;\"><span style=\"vertical-align: inherit;\">cambiamos de gobierno por esta puta y cuatro mierdas m\u00e1s<\/span><\/span><\/em><span style=\"vertical-align: inherit;\"><span style=\"vertical-align: inherit;\"> \u00ab. <\/span><span style=\"vertical-align: inherit;\">O cuando <\/span><\/span><strong><span style=\"vertical-align: inherit;\"><span style=\"vertical-align: inherit;\">Esperanza Aguirre<\/span><\/span><\/strong><span style=\"vertical-align: inherit;\"><span style=\"vertical-align: inherit;\"> , al entregarle una subvenci\u00f3n para la Asociaci\u00f3n le dijo: \u00bb <\/span><\/span><em><span style=\"vertical-align: inherit;\"><span style=\"vertical-align: inherit;\">esto es mejor que un premio de loter\u00eda, porque no paga a Hacienda<\/span><\/span><\/em><span style=\"vertical-align: inherit;\"><span style=\"vertical-align: inherit;\"> \u00ab. <\/span><span style=\"vertical-align: inherit;\">Tambi\u00e9n\u00a0 <\/span><\/span><strong><span style=\"vertical-align: inherit;\"><span style=\"vertical-align: inherit;\">Manuel Cobo<\/span><\/span><\/strong><span style=\"vertical-align: inherit;\"><span style=\"vertical-align: inherit;\"> , entonces vicealcalde de Madrid, en la inauguraci\u00f3n del monumento a las V\u00edctimas del 11M: \u00bb <\/span><\/span><em><span style=\"vertical-align: inherit;\"><span style=\"vertical-align: inherit;\">Ahora vendr\u00e1n las putas de la Montera a pedir otro monumentito<\/span><\/span><\/em><span style=\"vertical-align: inherit;\"><span style=\"vertical-align: inherit;\"> \u00ab. <\/span><span style=\"vertical-align: inherit;\">El PP no mantiene relaci\u00f3n con la Asociaci\u00f3n y menos con\u00a0 <\/span><\/span><strong><span style=\"vertical-align: inherit;\"><span style=\"vertical-align: inherit;\">Pilar<\/span><\/span><\/strong><span style=\"vertical-align: inherit;\"><span style=\"vertical-align: inherit;\"> . <\/span><span style=\"vertical-align: inherit;\">Cuenta, que en un acto de homenaje a las v\u00edctimas, \u00bb <\/span><\/span><em><span style=\"vertical-align: inherit;\"><span style=\"vertical-align: inherit;\">fui a saludar a\u00a0 <\/span><\/span><strong><span style=\"vertical-align: inherit;\"><span style=\"vertical-align: inherit;\">Rajoy<\/span><\/span><\/strong><span style=\"vertical-align: inherit;\"><span style=\"vertical-align: inherit;\"> , ya presidente del Gobierno, cosa que el no hab\u00eda hecho, la reina s\u00ed; y la despidi\u00f3 con un: pues nada a ver si acaba esto que es domingo y habr\u00e1 que descansar<\/span><\/span><\/em><span style=\"vertical-align: inherit;\"><span style=\"vertical-align: inherit;\"> \u00ab.<\/span><\/span><\/span><\/p>\n<p style=\"text-align: justify;\"><span style=\"font-size: 14pt; font-family: arial, helvetica, sans-serif;\"><strong><span style=\"vertical-align: inherit;\"><span style=\"vertical-align: inherit;\">Pilar Manj\u00f3n<\/span><\/span><\/strong><span style=\"vertical-align: inherit;\"><span style=\"vertical-align: inherit;\"> \u00a0naci\u00f3 en el peque\u00f1o pueblo cacere\u00f1o de Palazuelo-Empalme; <\/span><span style=\"vertical-align: inherit;\">su padre era el jefe de estaci\u00f3n. <\/span><span style=\"vertical-align: inherit;\">Con la imagen del tren ha vivido y ahora el tren sigue siendo una pesadilla negra, sin so\u00f1ar, viviendo la realidad, de forma intensa, con dolor, la p\u00e9rdida de\u00a0 <\/span><\/span><strong><span style=\"vertical-align: inherit;\"><span style=\"vertical-align: inherit;\">Daniel<\/span><\/span><\/strong><span style=\"vertical-align: inherit;\"><span style=\"vertical-align: inherit;\"> , su hijo de 20 a\u00f1os, muerto en los atentados del 11-M. en Madrid, en el a\u00f1o 2004, en los que murieron con \u00e9l 193 personas y 2.057 resultaron heridas.<\/span><\/span><\/span><\/p>\n<p style=\"text-align: justify;\"><span style=\"font-size: 14pt; font-family: arial, helvetica, sans-serif;\"><span style=\"vertical-align: inherit;\"><span style=\"vertical-align: inherit;\">Hablando con ella, se me borraron las preguntas que ten\u00eda preparadas hacerle, hipnotiza su serenidad y emociona su actitud. <\/span><span style=\"vertical-align: inherit;\">Su dolor y sus l\u00e1grimas se estremecen; <\/span><span style=\"vertical-align: inherit;\">y sus palabras convencen fluidas contando lo vivido aquel negro d\u00eda. <\/span><span style=\"vertical-align: inherit;\">Recuerda todo, cada instante, cada palabra, cada paso que dio, desde las 7 de la ma\u00f1ana, hasta que 8 d\u00edas despu\u00e9s del atentado, le entregaron en \u00bb <\/span><\/span><em><span style=\"vertical-align: inherit;\"><span style=\"vertical-align: inherit;\">un caj\u00f3n<\/span><\/span><\/em><span style=\"vertical-align: inherit;\"><span style=\"vertical-align: inherit;\"> \u00bb los restos mortales de\u00a0 <\/span><\/span><strong><span style=\"vertical-align: inherit;\"><span style=\"vertical-align: inherit;\">Daniel<\/span><\/span><\/strong><span style=\"vertical-align: inherit;\"><span style=\"vertical-align: inherit;\"> .<\/span><\/span><\/span><\/p>\n<p>&nbsp;<\/p>\n<figure id=\"attachment_2243035\" aria-describedby=\"caption-attachment-2243035\" style=\"width: 440px\" class=\"wp-caption aligncenter\"><a href=\"https:\/\/puntocritico.com\/ausajpuntocritico\/2022\/03\/14\/la-destruccion-de-los-trenes-del-11-m\/\"><img loading=\"lazy\" decoding=\"async\" class=\"wp-image-2243035\" src=\"https:\/\/puntocritico.com\/ausajpuntocritico\/wp-content\/uploads\/2022\/03\/11m-QUeremos-saber-la-verdad-PPAL-300x199.jpg\" alt=\"Los trenes del 11-M\" width=\"440\" height=\"292\" data-id=\"2243035\" srcset=\"https:\/\/puntocritico.com\/ausajpuntocritico\/wp-content\/uploads\/2022\/03\/11m-QUeremos-saber-la-verdad-PPAL-300x199.jpg 300w, https:\/\/puntocritico.com\/ausajpuntocritico\/wp-content\/uploads\/2022\/03\/11m-QUeremos-saber-la-verdad-PPAL-610x405.jpg 610w, https:\/\/puntocritico.com\/ausajpuntocritico\/wp-content\/uploads\/2022\/03\/11m-QUeremos-saber-la-verdad-PPAL-678x452.jpg 678w, https:\/\/puntocritico.com\/ausajpuntocritico\/wp-content\/uploads\/2022\/03\/11m-QUeremos-saber-la-verdad-PPAL.jpg 680w\" sizes=\"auto, (max-width: 440px) 100vw, 440px\" \/><\/a><figcaption id=\"caption-attachment-2243035\" class=\"wp-caption-text\"><a href=\"https:\/\/puntocritico.com\/ausajpuntocritico\/2022\/03\/14\/la-destruccion-de-los-trenes-del-11-m\/\"><span style=\"color: #008000;\"><span style=\"vertical-align: inherit;\"><span style=\"vertical-align: inherit;\">LA DESTRUCCI\u00d3N DE LOS TRENES DEL 11-M. <\/span><span style=\"vertical-align: inherit;\">\u00abEs imposible cerrar el duelo sin saber qui\u00e9n orden\u00f3 y financi\u00f3 el 11-M\u00bb.<\/span><\/span><\/span><\/a><\/figcaption><\/figure>\n<p>&nbsp;<\/p>\n<p style=\"text-align: justify;\"><span style=\"font-size: 14pt; font-family: arial, helvetica, sans-serif;\"><span style=\"vertical-align: inherit;\"><span style=\"vertical-align: inherit;\">Cuando llegaron a la <\/span><\/span><strong><span style=\"vertical-align: inherit;\"><span style=\"vertical-align: inherit;\">estaci\u00f3n del Pozo<\/span><\/span><\/strong><span style=\"vertical-align: inherit;\"><span style=\"vertical-align: inherit;\"> , la situaci\u00f3n era indescriptible, me cuenta. <\/span><span style=\"vertical-align: inherit;\">Un caos de gente vagando de un lado a otro; <\/span><span style=\"vertical-align: inherit;\">Ambulancias, sirenas y gritos. <\/span><span style=\"vertical-align: inherit;\">\u00bb <\/span><\/span><em><span style=\"vertical-align: inherit;\"><span style=\"vertical-align: inherit;\">Vamos a casa, por si llama el ni\u00f1o<\/span><\/span><\/em><span style=\"vertical-align: inherit;\"><span style=\"vertical-align: inherit;\"> \u00ab, dec\u00eda su hijo para apartarse de aquella dantesca visi\u00f3n. <\/span><span style=\"vertical-align: inherit;\">Empezaba un calvario para\u00a0 <\/span><\/span><strong><span style=\"vertical-align: inherit;\"><span style=\"vertical-align: inherit;\">Pilar<\/span><\/span><\/strong><span style=\"vertical-align: inherit;\"><span style=\"vertical-align: inherit;\"> \u00a0y su familia que dura hasta hoy. <\/span><span style=\"vertical-align: inherit;\">Conocieron que en el hospital Gregorio Mara\u00f1\u00f3n, estaban llevando heridos y hacia all\u00ed se dirigieron, con la esperanza de encontrar a Daniel. <\/span><span style=\"vertical-align: inherit;\">\u00bb <\/span><\/span><em><span style=\"vertical-align: inherit;\"><span style=\"vertical-align: inherit;\">Un psic\u00f3logo cl\u00ednico estaba leyendo los nombres de los heridos que se encontraban ingresados<\/span><\/span><\/em><span style=\"vertical-align: inherit;\"><span style=\"vertical-align: inherit;\"> \u200b\u200b\u00bb.\u00a0<\/span><\/span><em><span style=\"vertical-align: inherit;\"><span style=\"vertical-align: inherit;\">\u00a1Encuentren a mi hijo! <\/span><\/span><\/em><span style=\"vertical-align: inherit;\"><span style=\"vertical-align: inherit;\">, fue su grito desgarrador y se derrumb\u00f3.<\/span><\/span><\/span><\/p>\n<p style=\"text-align: justify;\"><span style=\"font-size: 14pt; font-family: arial, helvetica, sans-serif;\"><span style=\"vertical-align: inherit;\"><span style=\"vertical-align: inherit;\">\u00bb <\/span><\/span><em><span style=\"vertical-align: inherit;\"><span style=\"vertical-align: inherit;\">Recuperada, nos dirigimos al IFEMA, donde se hab\u00eda instalado un tanatorio forense, para albergar a los 191 cuerpos destrozados y sin vida. Todo era un caos; nadie sab\u00eda nada y poco se hac\u00eda<\/span><\/span><\/em><span style=\"vertical-align: inherit;\"><span style=\"vertical-align: inherit;\"> \u00ab. <\/span><span style=\"vertical-align: inherit;\">El caos que cuenta Pilar, estaba siendo dirigido por la que entonces era subsecretaria del Ministerio del Interior,\u00a0 <\/span><\/span><strong><span style=\"vertical-align: inherit;\"><span style=\"vertical-align: inherit;\">Mar\u00eda Dolores de Cospedal<\/span><\/span><\/strong><span style=\"vertical-align: inherit;\"><span style=\"vertical-align: inherit;\"> , quien contaba, que al llegar, se dio cuenta de que hab\u00eda mucha gente de muchos sitios diferentes, Ayuntamiento, bomberos, Instituto. Anat\u00f3mico Forense, pero no hab\u00eda nadie que coordinase y se puso ella.\u00a0<\/span><\/span><strong><span style=\"vertical-align: inherit;\"><span style=\"vertical-align: inherit;\">Pilar Manj\u00f3n<\/span><\/span><\/strong><span style=\"vertical-align: inherit;\"><span style=\"vertical-align: inherit;\"> \u00a0dice \u00bb <\/span><\/span><em><span style=\"vertical-align: inherit;\"><span style=\"vertical-align: inherit;\">Despu\u00e9s de entender el por qu\u00e9 de la desorganizaci\u00f3n, siendo la directora del operativo quien era. Los cuerpos hacinados y una multitud de familias que acud\u00edan para reconocer a los muertos<\/span><\/span><\/em><span style=\"vertical-align: inherit;\"><span style=\"vertical-align: inherit;\"> \u00ab.<\/span><\/span><\/span><\/p>\n<p style=\"text-align: justify;\"><span style=\"font-size: 14pt; font-family: arial, helvetica, sans-serif;\"><span style=\"vertical-align: inherit;\"><span style=\"vertical-align: inherit;\">El proceso forense de reconocimiento fue penoso por su lentitud. <\/span><span style=\"vertical-align: inherit;\">No se quer\u00edan cometer los mismos errores que se hab\u00edan producido, un a\u00f1o antes, con los 62 cuerpos de los militares fallecidos en el accidente del Yak-42, cuando 30 de los militares espa\u00f1oles muertos, fueron enterrados o incinerados, sin que se hubiera acreditado. su identidad, seg\u00fan inform\u00f3 <\/span><\/span><strong><span style=\"vertical-align: inherit;\"><span style=\"vertical-align: inherit;\">El Pa\u00eds el 2 de marzo de 2004<\/span><\/span><\/strong><span style=\"vertical-align: inherit;\"><span style=\"vertical-align: inherit;\"> . <\/span><span style=\"vertical-align: inherit;\">Ahora, recuerda <\/span><\/span><strong><span style=\"vertical-align: inherit;\"><span style=\"vertical-align: inherit;\">\u00a0Pilar<\/span><\/span><\/strong><span style=\"vertical-align: inherit;\"><span style=\"vertical-align: inherit;\"> , \u00bb <\/span><\/span><em><span style=\"vertical-align: inherit;\"><span style=\"vertical-align: inherit;\">con 191 cuerpos, se quer\u00eda tener la seguridad de la identidad de las v\u00edctimas, antes de entregarlos a las familias. Mi hijo y la novia de\u00a0 <\/span><\/span><strong><span style=\"vertical-align: inherit;\"><span style=\"vertical-align: inherit;\">Daniel<\/span><\/span><\/strong><span style=\"vertical-align: inherit;\"><span style=\"vertical-align: inherit;\"> , no me dejaron sola ni un momento, pero necesitaba andar y ver\u00bb. lo que me rodeaba. Les dije: dejadme, voy a dar una vuelta<\/span><\/span><\/em><span style=\"vertical-align: inherit;\"><span style=\"vertical-align: inherit;\"> \u00ab. <\/span><span style=\"vertical-align: inherit;\">De los muchos grupos y colectivos de voluntarios que hab\u00eda para atender a las v\u00edctimas, se me acerc\u00f3 un se\u00f1or que dijo ser del <\/span><\/span><strong><span style=\"vertical-align: inherit;\"><span style=\"vertical-align: inherit;\">Opus Dei<\/span><\/span><\/strong><span style=\"vertical-align: inherit;\"><span style=\"vertical-align: inherit;\"> : \u00bb <\/span><\/span><em><span style=\"vertical-align: inherit;\"><span style=\"vertical-align: inherit;\">dios te ha mandado esta prueba y tienes que sobrellevarla<\/span><\/span><\/em><span style=\"vertical-align: inherit;\"><span style=\"vertical-align: inherit;\"> \u00ab. <\/span><span style=\"vertical-align: inherit;\">Hundida, pero airada, sac\u00f3 la fuerza de su convicci\u00f3n y contest\u00f3: \u00bb <\/span><\/span><em><span style=\"vertical-align: inherit;\"><span style=\"vertical-align: inherit;\">Yo no le he pedido nada a su dios, ni a ning\u00fan otro, d\u00e9jenme en paz<\/span><\/span><\/em><span style=\"vertical-align: inherit;\"><span style=\"vertical-align: inherit;\"> \u00ab. <\/span><span style=\"vertical-align: inherit;\">Despu\u00e9s de 8 d\u00edas y 8 noches, \u00bb <\/span><\/span><em><span style=\"vertical-align: inherit;\"><span style=\"vertical-align: inherit;\">Me entregaron el cuerpo dentro de un caj\u00f3n, con un crucifijo<\/span><\/span><\/em><span style=\"vertical-align: inherit;\"><span style=\"vertical-align: inherit;\"> \u00ab. <\/span><span style=\"vertical-align: inherit;\">Suspira y comenta \u00bb <\/span><\/span><em><span style=\"vertical-align: inherit;\"><span style=\"vertical-align: inherit;\">en este pa\u00eds no aprenderemos a respetar a la gente ni a sus ideas<\/span><\/span><\/em><span style=\"vertical-align: inherit;\"><span style=\"vertical-align: inherit;\"> \u00ab.<\/span><\/span><\/span><\/p>\n<p style=\"text-align: justify;\"><span style=\"font-size: 14pt; font-family: arial, helvetica, sans-serif;\"><strong><span style=\"vertical-align: inherit;\"><span style=\"vertical-align: inherit;\">Daniel<\/span><\/span><\/strong><span style=\"vertical-align: inherit;\"><span style=\"vertical-align: inherit;\"> \u00a0ten\u00eda 20 a\u00f1os y fue asesinado cuando se dirig\u00eda a la Universidad. <\/span><span style=\"vertical-align: inherit;\">Era estudiante en la Facultad de Ciencias de la Actividad F\u00edsica y del Deporte (INEF). <\/span><span style=\"vertical-align: inherit;\">Joven alto, fuerte; <\/span><span style=\"vertical-align: inherit;\">un prototipo de atleta. <\/span><span style=\"vertical-align: inherit;\">Eran las 7 horas y 10 minutos de la ma\u00f1ana cuando Daniel se levant\u00f3. <\/span><span style=\"vertical-align: inherit;\">\u00bb <\/span><\/span><em><span style=\"vertical-align: inherit;\"><span style=\"vertical-align: inherit;\">Mami hasta la tarde no regreso, que tengo hockey<\/span><\/span><\/em><span style=\"vertical-align: inherit;\"><span style=\"vertical-align: inherit;\"> \u00ab. <\/span><span style=\"vertical-align: inherit;\">Le prepar\u00f3 el desayuno, la comida y despidi\u00f3 a Daniel con \u00bb <\/span><\/span><em><span style=\"vertical-align: inherit;\"><span style=\"vertical-align: inherit;\">besitos<\/span><\/span><\/em><span style=\"vertical-align: inherit;\"><span style=\"vertical-align: inherit;\"> \u00ab. <\/span><span style=\"vertical-align: inherit;\">Ser\u00edan las 7:25 a.m. <\/span><span style=\"vertical-align: inherit;\">Cinco minutos despu\u00e9s, caer\u00eda muerto en la <\/span><\/span><strong><span style=\"vertical-align: inherit;\"><span style=\"vertical-align: inherit;\">estaci\u00f3n del Pozo del T\u00edo Raimundo<\/span><\/span><\/strong><span style=\"vertical-align: inherit;\"><span style=\"vertical-align: inherit;\"> , junto con otras 67 personas trabajadoras.<\/span><\/span><\/span><\/p>\n<p>&nbsp;<\/p>\n<blockquote>\n<p style=\"text-align: center;\"><strong><span style=\"font-size: 14pt; font-family: arial, helvetica, sans-serif; color: #008000;\"><span style=\"vertical-align: inherit;\"><span style=\"vertical-align: inherit;\">Para Pilar Manj\u00f3n, el detonante final, fue la participaci\u00f3n de Espa\u00f1a en la guerra de Irak y encuentra una constante en los actos de estos grupos terroristas.<\/span><\/span><\/span><\/strong><\/p>\n<\/blockquote>\n<p>&nbsp;<\/p>\n<p style=\"text-align: justify;\"><span style=\"font-size: 14pt; font-family: arial, helvetica, sans-serif;\"><strong><span style=\"vertical-align: inherit;\"><span style=\"vertical-align: inherit;\">Pilar<\/span><\/span><\/strong><span style=\"vertical-align: inherit;\"><span style=\"vertical-align: inherit;\"> , \u00bfexisten responsabilidades previas al atentado?: \u00bb <\/span><\/span><em><span style=\"vertical-align: inherit;\"><span style=\"vertical-align: inherit;\">S\u00ed, en cuanto que no se tuvo en cuenta toda la informaci\u00f3n que iba saliendo referente a los grupos yihadistas en Espa\u00f1a<\/span><\/span><\/em><span style=\"vertical-align: inherit;\"><span style=\"vertical-align: inherit;\"> \u00ab. <\/span><span style=\"vertical-align: inherit;\">Los atentados del 11M fueron ideados en 2001, un a\u00f1o antes de la invasi\u00f3n de Irak, como venganza por el desmantelamiento de la c\u00e9lula de Al Qaeda. <\/span><span style=\"vertical-align: inherit;\">Esta c\u00e9lula se hab\u00eda establecido siete a\u00f1os antes en Espa\u00f1a, acusando a ciudadanos y gobernantes de ocupar el territorio isl\u00e1mico de Al Andalus. <\/span><\/span><strong><span style=\"vertical-align: inherit;\"><span style=\"vertical-align: inherit;\">Pilar<\/span><\/span><\/strong><span style=\"vertical-align: inherit;\"><span style=\"vertical-align: inherit;\"> recuerda que unos d\u00edas antes ( <\/span><\/span><em><span style=\"vertical-align: inherit;\"><span style=\"vertical-align: inherit;\">trabaj\u00f3 en el Ministerio de Defensa<\/span><\/span><\/em><span style=\"vertical-align: inherit;\"><span style=\"vertical-align: inherit;\"> ), observaron un exceso de precauciones y medidas de seguridad. <\/span><span style=\"vertical-align: inherit;\">\u00bb <\/span><\/span><em><span style=\"vertical-align: inherit;\"><span style=\"vertical-align: inherit;\">Algo tem\u00edan, sobre algo que se preparaba y en concreto en el transporte p\u00fablico<\/span><\/span><\/em><span style=\"vertical-align: inherit;\"><span style=\"vertical-align: inherit;\"> \u00ab.<\/span><\/span><\/span><\/p>\n<p>&nbsp;<\/p>\n<\/div>\n<p style=\"text-align: center;\"><strong><span style=\"font-size: 14pt; font-family: arial, helvetica, sans-serif; color: #008000;\"><span style=\"vertical-align: inherit;\"><span style=\"vertical-align: inherit;\">Pilar recuerda que unos d\u00edas antes ( <\/span><\/span><em><span style=\"vertical-align: inherit;\"><span style=\"vertical-align: inherit;\">trabaj\u00f3 en el Ministerio de Defensa<\/span><\/span><\/em><span style=\"vertical-align: inherit;\"><span style=\"vertical-align: inherit;\"> ), observaron un exceso de precauciones y medidas de seguridad. <\/span><span style=\"vertical-align: inherit;\">\u00bb <\/span><\/span><em><span style=\"vertical-align: inherit;\"><span style=\"vertical-align: inherit;\">Algo tem\u00edan, sobre algo que se preparaba y en concreto en el transporte p\u00fablico<\/span><\/span><\/em><span style=\"vertical-align: inherit;\"><span style=\"vertical-align: inherit;\"> \u00ab<\/span><\/span><\/span><\/strong><\/p>\n<div>\n<p>&nbsp;<\/p>\n<p><figure id=\"attachment_14421\" aria-describedby=\"caption-attachment-14421\" style=\"width: 440px\" class=\"wp-caption aligncenter\"><a href=\"https:\/\/puntocritico.com\/ausajpuntocritico\/2020\/03\/11\/aniversario-del-11-m-un-nuevo-dreyfus-jamal-zougam-chivo-expiatorio-del-atentado-de-madrid-documental\/\"><img loading=\"lazy\" decoding=\"async\" class=\"wp-image-14421\" src=\"https:\/\/puntocritico.com\/ausajpuntocritico\/wp-content\/uploads\/2018\/10\/cirylle-martin-un-nuevo-dreyffus-zougan-IP-300x169.jpg\" alt=\"\" width=\"440\" height=\"247\" data-id=\"14421\" srcset=\"https:\/\/puntocritico.com\/ausajpuntocritico\/wp-content\/uploads\/2018\/10\/cirylle-martin-un-nuevo-dreyffus-zougan-IP-300x169.jpg 300w, https:\/\/puntocritico.com\/ausajpuntocritico\/wp-content\/uploads\/2018\/10\/cirylle-martin-un-nuevo-dreyffus-zougan-IP-267x150.jpg 267w, https:\/\/puntocritico.com\/ausajpuntocritico\/wp-content\/uploads\/2018\/10\/cirylle-martin-un-nuevo-dreyffus-zougan-IP.jpg 678w\" sizes=\"auto, (max-width: 440px) 100vw, 440px\" \/><\/a><figcaption id=\"caption-attachment-14421\" class=\"wp-caption-text\"><a href=\"https:\/\/puntocritico.com\/ausajpuntocritico\/2020\/03\/11\/aniversario-del-11-m-un-nuevo-dreyfus-jamal-zougam-chivo-expiatorio-del-atentado-de-madrid-documental\/\"><span style=\"color: #008000;\"><span style=\"vertical-align: inherit;\"><span style=\"vertical-align: inherit;\">ANIVERSARIO DEL 11 M: \u00abUn nuevo Dreyfus, Jamal Zougam \u00bfchivo expiatorio del atentado de Madrid?\u00bb <\/span><span style=\"vertical-align: inherit;\">(Documental de Cyrille Mart\u00edn)<\/span><\/span><\/span><\/a><\/figcaption><\/figure>\n<\/div>\n<\/blockquote>\n<\/div>\n<div>\n<blockquote>\n<div>\n<p>&nbsp;<\/p>\n<p style=\"text-align: justify;\"><span style=\"font-size: 14pt; font-family: arial, helvetica, sans-serif;\"><span style=\"vertical-align: inherit;\"><span style=\"vertical-align: inherit;\">Cuenta\u00a0 <\/span><\/span><strong><span style=\"vertical-align: inherit;\"><span style=\"vertical-align: inherit;\">Pilar<\/span><\/span><\/strong><span style=\"vertical-align: inherit;\"><span style=\"vertical-align: inherit;\"> , que la <\/span><\/span><strong><span style=\"vertical-align: inherit;\"><span style=\"vertical-align: inherit;\">Asociaci\u00f3n 11M Afectados por el Terrorismo<\/span><\/span><\/strong><span style=\"vertical-align: inherit;\"><span style=\"vertical-align: inherit;\"> que preside, present\u00f3 en los juicios su informe, que coinciden con la tesis del profesor\u00a0 <\/span><\/span><strong><span style=\"vertical-align: inherit;\"><span style=\"vertical-align: inherit;\">Fernando Reinares<\/span><\/span><\/strong><span style=\"vertical-align: inherit;\"><span style=\"vertical-align: inherit;\"> \u00a0en su libro\u00a0 <\/span><\/span><strong><em><span style=\"vertical-align: inherit;\"><span style=\"vertical-align: inherit;\">\u00a1Matadlos!\u00a0<\/span><\/span><\/em><\/strong><span style=\"vertical-align: inherit;\"><span style=\"vertical-align: inherit;\">( <\/span><\/span><em><span style=\"vertical-align: inherit;\"><span style=\"vertical-align: inherit;\">El t\u00edtulo procede de una serie de vers\u00edculos del Cor\u00e1n, que el instigador,\u00a0 <\/span><\/span><strong><span style=\"vertical-align: inherit;\"><span style=\"vertical-align: inherit;\">Abu Dahdah<\/span><\/span><\/strong><span style=\"vertical-align: inherit;\"><span style=\"vertical-align: inherit;\"> , dirigente terrorista, ten\u00eda subrayados<\/span><\/span><\/em><span style=\"vertical-align: inherit;\"><span style=\"vertical-align: inherit;\"> ). <\/span><span style=\"vertical-align: inherit;\">La decisi\u00f3n de atacar en Espa\u00f1a se tom\u00f3 por motivos de venganza por haber desmantelado la red de <\/span><\/span><strong><span style=\"vertical-align: inherit;\"><span style=\"vertical-align: inherit;\">Al Qaeda<\/span><\/span><\/strong><span style=\"vertical-align: inherit;\"><span style=\"vertical-align: inherit;\"> en 2001 y el conjunto de actuaciones antiterroristas en las que Espa\u00f1a se hab\u00eda destacado en los noventa.<\/span><\/span><\/span><\/p>\n<p style=\"text-align: justify;\"><span style=\"font-size: 14pt; font-family: arial, helvetica, sans-serif;\"><strong><span style=\"vertical-align: inherit;\"><span style=\"vertical-align: inherit;\">Para Pilar Manj\u00f3n, el detonante final, fue la participaci\u00f3n de Espa\u00f1a en la guerra de Irak y encuentra una constante en los actos de estos grupos terroristas<\/span><\/span><\/strong><span style=\"vertical-align: inherit;\"><span style=\"vertical-align: inherit;\"> : En Nueva York, el 11-S hubo cuatro aviones y en Madrid cuatro trenes. <\/span><span style=\"vertical-align: inherit;\">En Nueva York fue un d\u00eda 11, como en Madrid, y el presidente\u00a0 <\/span><\/span><strong><span style=\"vertical-align: inherit;\"><span style=\"vertical-align: inherit;\">Aznar\u00a0<\/span><\/span><\/strong><span style=\"vertical-align: inherit;\"><span style=\"vertical-align: inherit;\"> y su pol\u00edtica, ten\u00edan puesto el foco en ETA. <\/span><span style=\"vertical-align: inherit;\">\u00bb <\/span><\/span><em><span style=\"vertical-align: inherit;\"><span style=\"vertical-align: inherit;\">No protegi\u00f3 a la ciudadan\u00eda, contra el terrorismo islamista y no prest\u00f3 atenci\u00f3n a las consecuencias de la participaci\u00f3n de Espa\u00f1a en la guerra de Irak<\/span><\/span><\/em><span style=\"vertical-align: inherit;\"><span style=\"vertical-align: inherit;\"> \u00ab.<\/span><\/span><\/span><\/p>\n<p style=\"text-align: justify;\"><span style=\"font-size: 14pt; font-family: arial, helvetica, sans-serif;\"><span style=\"vertical-align: inherit;\"><span style=\"vertical-align: inherit;\">Seg\u00fan\u00a0 <\/span><\/span><strong><span style=\"vertical-align: inherit;\"><span style=\"vertical-align: inherit;\">Manj\u00f3n<\/span><\/span><\/strong><span style=\"vertical-align: inherit;\"><span style=\"vertical-align: inherit;\"> , tanto la investigaci\u00f3n policial, como la instrucci\u00f3n del sumario, estuvieron algunas veces a una presi\u00f3n constante. <\/span><span style=\"vertical-align: inherit;\">\u00bb <\/span><\/span><em><span style=\"vertical-align: inherit;\"><span style=\"vertical-align: inherit;\">El sumario consta de 245.000 folios, riguroso con el m\u00e1s m\u00ednimo detalle, respaldado por siete informes<\/span><\/span><\/em><span style=\"vertical-align: inherit;\"><span style=\"vertical-align: inherit;\"> \u00ab. <\/span><span style=\"vertical-align: inherit;\">Ella no cree en las verdades absolutas, pero s\u00ed en el Estado de Derecho y en los hechos probados de la <\/span><\/span><strong><span style=\"vertical-align: inherit;\"><span style=\"vertical-align: inherit;\">sentencia del sumario 20\/2004<\/span><\/span><\/strong><span style=\"vertical-align: inherit;\"><span style=\"vertical-align: inherit;\"> y la <\/span><\/span><strong><span style=\"vertical-align: inherit;\"><span style=\"vertical-align: inherit;\">sentencia del Tribunal Supremo 503\/2008<\/span><\/span><\/strong><span style=\"vertical-align: inherit;\"><span style=\"vertical-align: inherit;\"> .<\/span><\/span><\/span><\/p>\n<p style=\"text-align: justify;\"><span style=\"font-size: 14pt; font-family: arial, helvetica, sans-serif;\"><strong><span style=\"vertical-align: inherit;\"><span style=\"vertical-align: inherit;\">Tres d\u00edas despu\u00e9s del atentado, el 14 de marzo, se celebraron elecciones generales y gan\u00f3 el PSOE. <\/span><span style=\"vertical-align: inherit;\">Los resultados estuvieron condicionados por los atentados, pero no por el atentado mismo, sino por la gesti\u00f3n del gobierno Aznar durante tres d\u00edas<\/span><\/span><\/strong><span style=\"vertical-align: inherit;\"><span style=\"vertical-align: inherit;\"> .\u00a0<\/span><\/span><strong><span style=\"vertical-align: inherit;\"><span style=\"vertical-align: inherit;\">Pilar<\/span><\/span><\/strong><span style=\"vertical-align: inherit;\"><span style=\"vertical-align: inherit;\"> \u00a0iba abstenerse, estaba hastiada de la pol\u00edtica, pero record\u00f3 las palabras de\u00a0 <\/span><\/span><strong><span style=\"vertical-align: inherit;\"><span style=\"vertical-align: inherit;\">Daniel<\/span><\/span><\/strong><span style=\"vertical-align: inherit;\"><span style=\"vertical-align: inherit;\"> : \u00bb <\/span><\/span><em><span style=\"vertical-align: inherit;\"><span style=\"vertical-align: inherit;\">tu tienes que ir a votar, despu\u00e9s de la guerra de Irak no puedes abstenerte<\/span><\/span><\/em><span style=\"vertical-align: inherit;\"><span style=\"vertical-align: inherit;\"> \u00ab. <\/span><span style=\"vertical-align: inherit;\">Y el domingo, derrumbada b\u00e1sicamente y emocionalmente rota \u2212todav\u00eda no le hab\u00edan entregado el cuerpo de Daniel\u2212, sostenida por su hijo, se dirigi\u00f3 al colegio electoral en el distrito Puente de Vallecas y exigi\u00f3 a la presidenta de la mesa electoral, que se hizo. constar que a\u00a0 <\/span><\/span><strong><span style=\"vertical-align: inherit;\"><span style=\"vertical-align: inherit;\">Daniel Paz Manj\u00f3n<\/span><\/span><\/strong><span style=\"vertical-align: inherit;\"><span style=\"vertical-align: inherit;\"> , \u00bb <\/span><\/span><em><span style=\"vertical-align: inherit;\"><span style=\"vertical-align: inherit;\">no le hab\u00edan dejado votar unos asesinos<\/span><\/span><\/em><span style=\"vertical-align: inherit;\"><span style=\"vertical-align: inherit;\"> \u00ab.<\/span><\/span><\/span><\/p>\n<p style=\"text-align: justify;\"><span style=\"font-size: 14pt; font-family: arial, helvetica, sans-serif;\"><strong><span style=\"vertical-align: inherit;\"><span style=\"vertical-align: inherit;\">\u00bfA tu entender como ha sido la actuaci\u00f3n de los responsables pol\u00edticos de los gobiernos de Aznar, Zapatero y Rajoy ante los atentados; <\/span><span style=\"vertical-align: inherit;\">\u00bfEstaba a la altura de las circunstancias?<\/span><\/span><\/strong><\/span><\/p>\n<p style=\"text-align: justify;\"><span style=\"font-size: 14pt; font-family: arial, helvetica, sans-serif;\"><em><span style=\"vertical-align: inherit;\"><span style=\"vertical-align: inherit;\">\u00abResponsabilizo al gobierno de Aznar de los atentados del 11M. Tambi\u00e9n al gobierno de Zapatero por abandonar a las v\u00edctimas. Soy maltratada por la Administraci\u00f3n del PP y sigo sufriendo insultos y amenazas. Pese a ello, hace dos a\u00f1os que no tengo escolta; el gobierno de Rajoy me la retir\u00f3, porque ETA ya no mata. No me importa, desde que mi segundo hijo se independiz\u00f3, ya no me preocupa la protecci\u00f3n, ya no llamo a la polic\u00eda, ni tampoco pongo denuncias: si vienen me encontrar\u00e1n \u00ab<\/span><\/span><\/em><span style=\"vertical-align: inherit;\"><span style=\"vertical-align: inherit;\"> .<\/span><\/span><\/span><\/p>\n<p style=\"text-align: justify;\"><span style=\"font-size: 14pt; font-family: arial, helvetica, sans-serif;\"><span style=\"vertical-align: inherit;\"><span style=\"vertical-align: inherit;\">Finalizando la conversaci\u00f3n,\u00a0 <\/span><\/span><strong><span style=\"vertical-align: inherit;\"><span style=\"vertical-align: inherit;\">Pilar<\/span><\/span><\/strong><span style=\"vertical-align: inherit;\"><span style=\"vertical-align: inherit;\"> \u00a0se crece, mientras yo sigo emocionado por sus palabras y dignidad, cuando dice: \u00bb <\/span><\/span><em><span style=\"vertical-align: inherit;\"><span style=\"vertical-align: inherit;\">La Asociaci\u00f3n y yo misma, vamos a ser intolerantes hacia las acciones y actitudes de falsedad, enga\u00f1o, ineptitud y desidia que conocemos y sean constitutivas\u00bb. de desamparo o hacia estafa los afectados<\/span><\/span><\/em><span style=\"vertical-align: inherit;\"><span style=\"vertical-align: inherit;\"> \u00ab.<\/span><\/span><\/span><\/p>\n<p style=\"text-align: justify;\"><span style=\"font-size: 14pt; font-family: arial, helvetica, sans-serif;\"><span style=\"vertical-align: inherit;\"><span style=\"vertical-align: inherit;\">El d\u00eda 11 de marzo, se cumplen catorce a\u00f1os de los atentados de Madrid, en los que murieron 193 personas. <\/span><span style=\"vertical-align: inherit;\">En este tiempo ha habido un entorno pol\u00e9mico a quien estaba detr\u00e1s de los autores; <\/span><span style=\"vertical-align: inherit;\">qu\u00e9 pretend\u00edan; <\/span><span style=\"vertical-align: inherit;\">si hubo en la investigaci\u00f3n policial e instrucci\u00f3n judicial; <\/span><span style=\"vertical-align: inherit;\">si la sentencia lleg\u00f3 al final de los hechos; <\/span><span style=\"vertical-align: inherit;\">o si la teor\u00eda de la\u00a0 <\/span><\/span><em><span style=\"vertical-align: inherit;\"><span style=\"vertical-align: inherit;\">conspiraci\u00f3n<\/span><\/span><\/em><span style=\"vertical-align: inherit;\"><span style=\"vertical-align: inherit;\"> \u00a0era cierta. <\/span><span style=\"vertical-align: inherit;\">Infinidad de preguntas que\u00a0 <\/span><\/span><strong><span style=\"vertical-align: inherit;\"><span style=\"vertical-align: inherit;\">Pilar Manj\u00f3n<\/span><\/span><\/strong><span style=\"vertical-align: inherit;\"><span style=\"vertical-align: inherit;\"> \u00a0tiene respuesta para casi todas. <\/span><span style=\"vertical-align: inherit;\">Madre de\u00a0 <\/span><\/span><strong><span style=\"vertical-align: inherit;\"><span style=\"vertical-align: inherit;\">Daniel Paz Manj\u00f3n<\/span><\/span><\/strong><span style=\"vertical-align: inherit;\"><span style=\"vertical-align: inherit;\"> , asesinada el 11 de marzo de 2004 en la estaci\u00f3n de El Pozo.<\/span><\/span><\/span><\/p>\n<p style=\"text-align: justify;\"><span style=\"font-size: 14pt; font-family: arial, helvetica, sans-serif;\"><span style=\"vertical-align: inherit;\"><span style=\"vertical-align: inherit;\">Hace unos d\u00edas me dijo en relaci\u00f3n a aquel art\u00edculo \u00bb <\/span><\/span><em><span style=\"vertical-align: inherit;\"><span style=\"vertical-align: inherit;\">Me sigue encantando, aunque me haga llorar. Gracias<\/span><\/span><\/em><span style=\"vertical-align: inherit;\"><span style=\"vertical-align: inherit;\"> \u00ab.<\/span><\/span><\/span><\/p>\n<\/div>\n<\/blockquote>\n<\/div>\n<p>&nbsp;<\/p>\n<p>&nbsp;<\/p>\n<p style=\"text-align: center;\"><span style=\"font-size: 18pt;\"><strong><span style=\"color: #008000;\">*******<\/span><\/strong><\/span><\/p>\n<h3 style=\"text-align: center;\"><span style=\"font-size: 18pt;\"><strong>\u00bfRecuerdas la elecci\u00f3n del Presidente del Tribunal que juzg\u00f3 el 11M?: \u00bfPORQU\u00c9 TEN\u00cdA QUE SER BERM\u00daDEZ Y NO OTRO?<\/strong><\/span><\/h3>\n<blockquote>\n<p>&nbsp;<\/p>\n<p><img decoding=\"async\" class=\"aligncenter\" src=\"https:\/\/puntocritico.com\/ausajpuntocritico\/wp-content\/uploads\/2020\/03\/G%C3%93MEZ-BERM%C3%9ADEZ-11M-TUIT.jpg\" \/><\/p>\n<p style=\"text-align: center;\"><strong><span style=\"color: #008000; font-size: 18pt;\"><span style=\"vertical-align: inherit;\"><span style=\"vertical-align: inherit;\">*******<\/span><\/span><\/span><\/strong><\/p>\n<div>\n<div id=\"title\" class=\"style-scope ytd-watch-metadata\">\n<h3 class=\"style-scope ytd-watch-metadata\" style=\"text-align: center;\"><span style=\"font-size: 18pt;\"><span style=\"vertical-align: inherit;\"><span style=\"vertical-align: inherit;\">11-M (V\u00eddeo): Llamamiento de Paco Gonz\u00e1lez y el sitio a las sedes del PP en Jornada de Reflexi\u00f3n &#8211; 2004<\/span><\/span><\/span><\/h3>\n<\/div>\n<\/div>\n<div class=\"item style-scope ytd-watch-metadata\" style=\"text-align: justify;\"><span style=\"font-size: 14pt;\"><a href=\"https:\/\/www.youtube.com\/watch?v=6yAPcod5KYw\" target=\"_blank\" rel=\"noopener\"><span style=\"vertical-align: inherit;\"><span style=\"vertical-align: inherit;\">La hemeroteca del buitre<\/span><\/span><\/a><span style=\"vertical-align: inherit;\"><span style=\"vertical-align: inherit;\"> , 9 MARZO 2024<\/span><\/span><\/span><\/div>\n<div>\u00a0<\/div>\n<\/blockquote>\n<div>\n<blockquote><figure id=\"attachment_2295140\" aria-describedby=\"caption-attachment-2295140\" style=\"width: 555px\" class=\"wp-caption aligncenter\"><a href=\"https:\/\/www.youtube.com\/watch?v=6yAPcod5KYw\" target=\"_blank\" rel=\"noopener\"><img loading=\"lazy\" decoding=\"async\" class=\"wp-image-2295140\" src=\"https:\/\/puntocritico.com\/ausajpuntocritico\/wp-content\/uploads\/2024\/03\/Hemerotec-buitre-11M-manis-sedes-PP-300x146.png\" alt=\"ANIVERSARIO Y PRESCRIPCI\u00d3N DEL 11M\" width=\"555\" height=\"271\" data-id=\"2295140\" srcset=\"https:\/\/puntocritico.com\/ausajpuntocritico\/wp-content\/uploads\/2024\/03\/Hemerotec-buitre-11M-manis-sedes-PP-300x146.png 300w, https:\/\/puntocritico.com\/ausajpuntocritico\/wp-content\/uploads\/2024\/03\/Hemerotec-buitre-11M-manis-sedes-PP-1024x499.png 1024w, https:\/\/puntocritico.com\/ausajpuntocritico\/wp-content\/uploads\/2024\/03\/Hemerotec-buitre-11M-manis-sedes-PP-768x375.png 768w, https:\/\/puntocritico.com\/ausajpuntocritico\/wp-content\/uploads\/2024\/03\/Hemerotec-buitre-11M-manis-sedes-PP.png 1052w\" sizes=\"auto, (max-width: 555px) 100vw, 555px\" \/><\/a><figcaption id=\"caption-attachment-2295140\" class=\"wp-caption-text\"><a href=\"https:\/\/www.youtube.com\/watch?v=6yAPcod5KYw\" target=\"_blank\" rel=\"noopener\"><span style=\"color: #008000;\"><span style=\"vertical-align: inherit;\"><span style=\"vertical-align: inherit;\">Para ver el video, haga clic en esta imagen<\/span><\/span><\/span><\/a><\/figcaption><\/figure><\/blockquote>\n<\/div>\n<div style=\"text-align: center;\"><strong><span style=\"color: #008000; font-size: 18pt;\"><span style=\"vertical-align: inherit;\"><span style=\"vertical-align: inherit;\">*******<\/span><\/span><\/span><\/strong><\/div>\n<div><a href=\"https:\/\/puntocritico.com\/ausajpuntocritico\/2021\/11\/15\/la-codorniz\/\"><img loading=\"lazy\" decoding=\"async\" class=\"aligncenter wp-image-2295160\" src=\"https:\/\/puntocritico.com\/ausajpuntocritico\/wp-content\/uploads\/2024\/03\/Captura-de-pantalla-2024-03-09-141930-300x198.png\" alt=\"\" width=\"440\" height=\"290\" data-id=\"2295160\" srcset=\"https:\/\/puntocritico.com\/ausajpuntocritico\/wp-content\/uploads\/2024\/03\/Captura-de-pantalla-2024-03-09-141930-300x198.png 300w, https:\/\/puntocritico.com\/ausajpuntocritico\/wp-content\/uploads\/2024\/03\/Captura-de-pantalla-2024-03-09-141930.png 584w\" sizes=\"auto, (max-width: 440px) 100vw, 440px\" \/><\/a><\/div>\n<div>\n<div>\n<div>\u00a0<\/div>\n<\/div>\n<div style=\"text-align: center;\"><strong><span style=\"color: #008000; font-size: 18pt;\"><span style=\"vertical-align: inherit;\"><span style=\"vertical-align: inherit;\"><span style=\"vertical-align: inherit;\">*******<\/span><\/span><\/span><\/span><\/strong><\/div>\n<\/div>\n<div class=\"post-auto-loaded-title\">\n<h2 style=\"text-align: center;\"><span style=\"font-size: 24pt;\"><span style=\"vertical-align: inherit;\"><span style=\"vertical-align: inherit;\">IGNACIO L\u00d3PEZ BR\u00da: \u00abLA VERSI\u00d3N OFICIAL ES LA MAYOR ESTAFA JAM\u00c1S PERPETRADA CONTRA LOS ESPA\u00d1OLES\u00bb<\/span><\/span><\/span><\/h2>\n<\/div>\n<div class=\"post-auto-loaded-excerpt\">\n<p style=\"text-align: center;\"><strong><span style=\"font-size: 14pt;\"><span style=\"vertical-align: inherit;\"><span style=\"vertical-align: inherit;\">Uno de los autores que en solitario han investigado el 11-M atiende a LA GACETA en el veinte aniversario del atentado<\/span><\/span><\/span><\/strong><\/p>\n<\/div>\n<p class=\"autor\" style=\"text-align: justify;\"><span style=\"font-size: 14pt;\"><span style=\"vertical-align: inherit;\"><span style=\"vertical-align: inherit;\">Por Hughes<\/span><\/span><\/span><\/p>\n<p class=\"fecha\" style=\"text-align: justify;\"><span style=\"font-size: 14pt;\"><a href=\"https:\/\/ideas.gaceta.es\/ignacio-lopez-bru-la-version-oficial-es-la-mayor-estafa-jamas-perpetrada-contra-los-espanoles\/?scroll-event=true\" target=\"_blank\" rel=\"noopener\"><span style=\"vertical-align: inherit;\"><span style=\"vertical-align: inherit;\">Ideas<\/span><\/span><\/a><span style=\"vertical-align: inherit;\"><span style=\"vertical-align: inherit;\"> , 10 de marzo de 2024<\/span><\/span><\/span><\/p>\n<figure id=\"attachment_2243035\" aria-describedby=\"caption-attachment-2243035\" style=\"width: 480px\" class=\"wp-caption aligncenter\"><a href=\"https:\/\/puntocritico.com\/ausajpuntocritico\/2022\/03\/14\/la-destruccion-de-los-trenes-del-11-m\/\"><img loading=\"lazy\" decoding=\"async\" class=\"wp-image-2243035\" src=\"https:\/\/puntocritico.com\/ausajpuntocritico\/wp-content\/uploads\/2022\/03\/11m-QUeremos-saber-la-verdad-PPAL-300x199.jpg\" alt=\"Los trenes del 11-M\" width=\"480\" height=\"319\" data-id=\"2243035\" srcset=\"https:\/\/puntocritico.com\/ausajpuntocritico\/wp-content\/uploads\/2022\/03\/11m-QUeremos-saber-la-verdad-PPAL-300x199.jpg 300w, https:\/\/puntocritico.com\/ausajpuntocritico\/wp-content\/uploads\/2022\/03\/11m-QUeremos-saber-la-verdad-PPAL-610x405.jpg 610w, https:\/\/puntocritico.com\/ausajpuntocritico\/wp-content\/uploads\/2022\/03\/11m-QUeremos-saber-la-verdad-PPAL-678x452.jpg 678w, https:\/\/puntocritico.com\/ausajpuntocritico\/wp-content\/uploads\/2022\/03\/11m-QUeremos-saber-la-verdad-PPAL.jpg 680w\" sizes=\"auto, (max-width: 480px) 100vw, 480px\" \/><\/a><figcaption id=\"caption-attachment-2243035\" class=\"wp-caption-text\"><a href=\"https:\/\/puntocritico.com\/ausajpuntocritico\/2022\/03\/14\/la-destruccion-de-los-trenes-del-11-m\/\"><span style=\"color: #008000;\"><span style=\"vertical-align: inherit;\"><span style=\"vertical-align: inherit;\">LA DESTRUCCI\u00d3N DE LOS TRENES DEL 11-M. <\/span><span style=\"vertical-align: inherit;\">\u00abEs imposible cerrar el duelo sin saber qui\u00e9n orden\u00f3 y financi\u00f3 el 11-M\u00bb.<\/span><\/span><\/span><\/a><\/figcaption><\/figure>\n<p>&nbsp;<\/p>\n<p style=\"text-align: justify;\"><span style=\"font-size: 14pt;\"><span style=\"vertical-align: inherit;\"><span style=\"vertical-align: inherit;\">La investigaci\u00f3n del 11-M se convirti\u00f3 desde el principio en una tarea obsesiva para algunos periodistas y &#8216;civiles&#8217; que, con el tiempo, fueron desarrollado una exhaustiva labor de indagaci\u00f3n sobre el atentado. <\/span><span style=\"vertical-align: inherit;\">Esto ha tenido el efecto de elevar un conjunto narrativo alternativo al relato oficial. <\/span><span style=\"vertical-align: inherit;\">Uno de estos autores es <\/span><\/span><strong><span style=\"vertical-align: inherit;\"><span style=\"vertical-align: inherit;\">Ignacio L\u00f3pez Br\u00fa<\/span><\/span><\/strong><span style=\"vertical-align: inherit;\"><span style=\"vertical-align: inherit;\"> , licenciado en Econom\u00eda y Sociolog\u00eda y Diplomado comercial del Estado, que plasm\u00f3 sus pesquisas en el libro\u00a0 <\/span><\/span><em><span style=\"vertical-align: inherit;\"><span style=\"vertical-align: inherit;\">Las cloacas del 11-M<\/span><\/span><\/em><span style=\"vertical-align: inherit;\"><span style=\"vertical-align: inherit;\"> .<\/span><\/span><\/span><\/p>\n<p style=\"text-align: justify;\"><span style=\"font-size: 14pt;\"><strong><span style=\"vertical-align: inherit;\"><span style=\"vertical-align: inherit;\">\u00bfCu\u00e1les fueron las motivaciones o sensaciones que le llevaron a dedicarse al 11-M?<\/span><\/span><\/strong><\/span><\/p>\n<p style=\"text-align: justify;\"><span style=\"font-size: 14pt;\"><span style=\"vertical-align: inherit;\"><span style=\"vertical-align: inherit;\">El 11-M fue para m\u00ed, como para todos los que vivimos ese terrible d\u00eda, el mayor golpe que hemos sufrido en nuestra vida como espa\u00f1oles. <\/span><span style=\"vertical-align: inherit;\">Yo, desde el primer d\u00eda, sobre todo a partir de la noche, sent\u00ed que estaba ocurriendo cosas muy raras. <\/span><span style=\"vertical-align: inherit;\">Sent\u00ed que nos estaban robando, despojando. <\/span><span style=\"vertical-align: inherit;\">No me cre\u00ed nada, y empec\u00e9 a devorar todas las noticias que sal\u00edan, sobre todo el fundamental Primer Agujero Negro de Fernando M\u00fagica, que marc\u00f3 el inicio de la b\u00fasqueda de la verdad del 11-M al margen de las instituciones oficiales. <\/span><span style=\"vertical-align: inherit;\">Cuando sali\u00f3 el blog de Luis del Pino en Libertad Digital me un\u00ed de una manera natural al chat, el que se conoci\u00f3 como el foro de los Peones Negros, y ah\u00ed ya perdi\u00f3 la noci\u00f3n del tiempo, enfrascado junto a todos los dem\u00e1s \u201cpeones\u201d en desentra\u00f1ar la verdad que nos estaban ocultando del 11-M<\/span><\/span><\/span><\/p>\n<p style=\"text-align: justify;\"><span style=\"font-size: 14pt;\"><strong><span style=\"vertical-align: inherit;\"><span style=\"vertical-align: inherit;\">\u00bfHasta qu\u00e9 punto cree usted (si es que lo cree en punto alguno) la versi\u00f3n oficial del atentado?<\/span><\/span><\/strong><\/span><\/p>\n<p style=\"text-align: justify;\"><span style=\"font-size: 14pt;\">Todo lo que nos han contado del 11-M y que se ha plasmado finalmente en una sentencia judicial es una patra\u00f1a desde el principio hasta el fin. La versi\u00f3n oficial del 11-M se fundamenta en una operaci\u00f3n perversa, que consisti\u00f3, en un primer momento, en cambiar el escenario del crimen, los trenes, y el arma del crimen, los explosivos, para lo cual se destruyeron en 48 horas la totalidad de los trenes y se hicieron desaparecer todos los restos de las explosiones para que no pudieran ser analizados. Caso inaudito en toda la historia de la criminolog\u00eda espa\u00f1ola e internacional.<\/span><\/p>\n<p style=\"text-align: justify;\"><span style=\"font-size: 14pt;\">A su vez, se fueron introduciendo nuevos escenarios que suplantaron al verdadero, especialmente una mochila-bomba que aparece en la comisar\u00eda de Vallecas a la 1.45 de la madrugada del d\u00eda 12, con la que se construye toda la falsa versi\u00f3n oficial del 11-M a partir de un m\u00f3vil y una tarjeta que llevan a la detenci\u00f3n de toda una serie de delincuentes magreb\u00edes, la mayor\u00eda de dudosa inclinaci\u00f3n religiosa, todos ellos confidentes de las Fuerzas de Seguridad. Es decir, \u00a1\u00a1\u00a1las Fuerzas de Seguridad atentando contra s\u00ed mismas!!!<\/span><\/p>\n<p style=\"text-align: justify;\"><span style=\"font-size: 14pt;\">Desde las primeras horas de la ma\u00f1ana se sab\u00eda, porque se hab\u00edan analizado restos de explosivos, que lo que hab\u00eda estallado en los trenes era Titadyne, el explosivo habitual de ETA. Jorge Dezcallar reconoci\u00f3 en sus memorias que el CNI defendi\u00f3 la tesis de la autor\u00eda etarra porque la polic\u00eda les inform\u00f3 por la ma\u00f1ana que hab\u00eda estallado Titadyne. Al CNI no se le enga\u00f1a, y menos la polic\u00eda, muchos de cuyos miembros trabajan para el CNI. Sin embargo, esos an\u00e1lisis se ocultaron, y a las dos y media de la tarde comenz\u00f3 el criminal proceso de ocultaci\u00f3n y destrucci\u00f3n de pruebas para tapar la verdadera autor\u00eda de los atentados.\u00a0<\/span><\/p>\n<p style=\"text-align: justify;\"><span style=\"font-size: 14pt;\">Quiero hacer la precisi\u00f3n que del hecho de que hubiera estallado Titadyne no tendr\u00eda que deducirse necesariamente que hubiera sido ETA la autora. Jorge Dezcallar, el director del CNI, de una manera enigm\u00e1tica lo dej\u00f3 claro en la comisi\u00f3n parlamentaria cuando dijo que usar ese explosivo no significaba que ETA hubiera sido su autora, sino que llevaba su firma, sus se\u00f1as de identidad, dejando abierta la posibilidad de un atentado de bandera falsa de ETA, tesis que creo, despu\u00e9s de mis investigaciones, que puede ser la m\u00e1s probable.\u00a0\u00a0<\/span><\/p>\n<p style=\"text-align: justify;\"><span style=\"font-size: 14pt;\"><strong>\u00bfCu\u00e1les son en su opini\u00f3n, las inconsistencias y cabos sueltos m\u00e1s importantes de la versi\u00f3n oficial?<\/strong><\/span><\/p>\n<p style=\"text-align: justify;\"><span style=\"font-size: 14pt;\">La versi\u00f3n oficial no tiene cabos sueltos. Lo est\u00e1n todos. Es absolutamente impermeable a la verdad. Toda la versi\u00f3n se fundamenta en esa mochila encontrada en Vallecas. Sin ella no hay caso. Yo he escrito cerca de 90 p\u00e1ginas sobre su falsedad. Pero baste, entre el sin fin de anormalidades que presenta, el hecho de que\u00a0<strong>cinco horas antes<\/strong>\u00a0de que se descubriera la mochila bomba en la comisar\u00eda de Vallecas, en el noticiario de la COPE de las 9 de la noche Juan Ba\u00f1o y Jos\u00e9 Apezarena dieron la noticia de que, seg\u00fan las fuentes de la lucha antiterrorista, en una de las mochilas que no hab\u00eda explotado hab\u00eda aparecido un tel\u00e9fono m\u00f3vil. Al d\u00eda siguiente, a las 9 de la noche, cuando ya era oficial la aparici\u00f3n de la mochila, Juan Ba\u00f1o dej\u00f3 claro que esa era la mochila que hab\u00edan anunciado ellos el d\u00eda anterior. El reconocimiento m\u00e1s evidente de lo que es una prueba pre-constituida. Y as\u00ed todo.<\/span><\/p>\n<p style=\"text-align: justify;\"><span style=\"font-size: 14pt;\">En los trenes no estall\u00f3 Goma2Eco. En la pericial de explosivos que orden\u00f3 el juez Berm\u00fadez \u00a1\u00a1\u00a1TRES A\u00d1OS DESPU\u00c9S!!!, lo cual revela ya la anomal\u00eda que fue el 11-M, lo \u00fanico que se pudo afirmar es que muy probablemente hab\u00eda Titadine en las explosiones de los trenes, y casi absolutamente imposible que hubiera estallado Goma2Eco, como hab\u00eda en la mochila, aunque el juez Berm\u00fadez, en uno de sus m\u00e1s extraordinarios ejercicios de prestidigitaci\u00f3n, a lo que nos ten\u00eda muy acostumbrados, dijera todo lo contrario.<\/span><\/p>\n<p style=\"text-align: justify;\"><span style=\"font-size: 14pt;\">Los cabezas de turco, sospechosos habituales, a los que se suicid\u00f3 en Legan\u00e9s, aunque parece que ya estaban muertos antes de las explosiones porque no se encontr\u00f3 ni una gota de sangre en el suelo y paredes del piso, no pudieron poner los explosivos en los trenes, porque en ellos estall\u00f3, como poco, Titadyne, y no la Goma2Eco que, seg\u00fan dice la versi\u00f3n oficial, robaron en Mina Conchita. Ahora bien, si se hace caso a la teor\u00eda del fiscal Jefe Javier Zaragoza, que ha revolucionado toda la teor\u00eda y la doctrina del derecho procesal, seg\u00fan la cual no importaba el explosivo que hubiera explotado en los trenes para condenar a quien hab\u00eda que condenar, entonces no habr\u00e1 m\u00e1s remedio que comulgar con esas ruedas de molino.<\/span><\/p>\n<p style=\"text-align: justify;\"><span style=\"font-size: 14pt;\">Lamentando utilizar la iron\u00eda o el sarcasmo en un asunto tan serio, termino a su pregunta afirmando que la versi\u00f3n oficial del 11-M ha sido la mayor estafa intelectual, policial, judicial y moral que jam\u00e1s se haya perpetrado contra los espa\u00f1oles.\u00a0\u00a0<\/span><\/p>\n<p style=\"text-align: justify;\"><span style=\"font-size: 14pt;\"><strong>\u00bfCree que el PP no quiso impulsar la b\u00fasqueda de la verdad del 11-M?<\/strong><\/span><\/p>\n<p style=\"text-align: justify;\"><span style=\"font-size: 14pt;\">La pregunta que me hace es important\u00edsima, porque encierra toda la clave oculta del 11-M. Pong\u00e1monos en antecedentes. El m\u00e1s grande investigador del 11-M, Fernando M\u00fagica, en su primer Agujero Negro, revel\u00f3 que las Fuerzas de Seguridad del Estado hab\u00edan vendido al Gobierno que ETA iba a realizar un gran atentado antes de las elecciones, pero que iba a ser abortado por la alt\u00edsima infiltraci\u00f3n de los cuerpos de seguridad en la banda terrorista, a la cual se iba a poder desmantelar por completo. Los extra\u00f1os conatos anteriores de Chamart\u00edn, Baqueira-Beret y Ca\u00f1averas avalaban esa eficacia policial que hizo que el Gobierno se tirara a esa piscina y viera con buenos ojos esa operaci\u00f3n que tantos r\u00e9ditos electorales iban a granjearle, adem\u00e1s de lo que supon\u00eda como gran regalo de despedida a Aznar, que ver\u00eda as\u00ed, no solo neutralizada a la banda terrorista, sino, lo que era m\u00e1s importante, a sus aliados y fuente nutricia: los separatismos cruentos e incruentos.<\/span><\/p>\n<p style=\"text-align: justify;\"><span style=\"font-size: 14pt;\">Y dijeron la fecha en que iba a ocurrir ese conato de atentado controlado: el 12 de Marzo.<\/span><\/p>\n<p style=\"text-align: justify;\"><span style=\"font-size: 14pt;\">Pero es muy probable que en las cloacas del Estado, que no llevan como divisa la m\u00e1xima evang\u00e9lica de \u201cser todos Uno\u201d, hubiera facciones que no estaban dispuestas a despedir a Aznar con un regalo sino con algo mucho m\u00e1s contundente.<\/span><\/p>\n<p style=\"text-align: justify;\"><span style=\"font-size: 14pt;\">El hecho es que el atentado se produjo un d\u00eda antes, probablemente cambiado por las cloacas enemigas del Gobierno que conoc\u00edan la operaci\u00f3n del d\u00eda 12, y con esa terrible magnitud que dej\u00f3 noqueadas y descolocadas a las Fuerzas de Seguridad en su conjunto, que, adem\u00e1s, podr\u00edan quedar expuestas por los infiltrados que pudieran tener en la banda, especialmente en el aparato log\u00edstico encargado de fabricar las bombas, a los que, de alguna manera, aunque no tuvieran esa intenci\u00f3n, se les podr\u00eda culpar de la terrible matanza, si se les descubriera. Es decir, es muy probable que hubiera elementos de gran peso con los que poder chantajear al Gobierno, al que se podr\u00eda culpar, materialmente, del propio atentado.<\/span><\/p>\n<p style=\"text-align: justify;\"><span style=\"font-size: 14pt;\">Esta posibilidad la sugiri\u00f3 Luis del Pino en un importante art\u00edculo, en el que se preguntaba \u2014seguramente por alguna fuente de inteligencia\u2014 si la inacci\u00f3n y desgana del PP por investigar los atentados podr\u00eda deberse a que hubiera algunos topos de las Fuerzas de Seguridad en el aparato log\u00edstico de la banda que estuvieran al cargo de la confecci\u00f3n de las bombas.<\/span><\/p>\n<p style=\"text-align: justify;\"><span style=\"font-size: 14pt;\">Este escenario habr\u00eda la veda para que se le hicieran al Gobierno \u201cofertas indeclinables\u201d para torcer su voluntad, y hay una alt\u00edsima probabilidad que \u00e9stas se produjeron, como se puede deducir de lo que considero uno de los momentos m\u00e1s importantes y desconocidos que podr\u00edan explicar el sentido \u00faltimo de lo que se pretendi\u00f3 con el 11-M. Me refiero a lo que denomin\u00e9 la Gran Soflama de I\u00f1aki Gabilondo, en la alocuci\u00f3n le\u00edda que solt\u00f3 a las 11:30 de la ma\u00f1ana, cuando las noticias daban ya 130 muertos. Gabilondo daba por supuesto que hab\u00eda sido ETA la autora de la gran matanza, y, sin embargo, con su abstrusa y enrevesada prosa, expon\u00eda que ten\u00edamos que aprovechar esta oportunidad para inaugurar un TIEMPO NUEVO, como el que se llev\u00f3 a cabo en la Transici\u00f3n y en los Pactos de la Moncloa, un Tiempo en el que estaba impl\u00edcito la negociaci\u00f3n pol\u00edtica con ETA y un cambio de R\u00e9gimen pactado por todos.<\/span><\/p>\n<p style=\"text-align: justify;\"><span style=\"font-size: 14pt;\">\u00ab<strong>Estrenamos tiempo nuevo\u00bb, por cierto, fue lo primero que dijo Zapatero como presidente<\/strong><\/span><\/p>\n<p style=\"text-align: justify;\"><span style=\"font-size: 14pt;\">Es absolutamente incomprensible que nadie pudiera proponer en esas circunstancias echar una mano tendida a ETA, y menos a Aznar, a quien sin duda iba dirigida esa Soflama, y que ya habr\u00eda recibido por otros conductos las ofertas en cuesti\u00f3n. Incomprensible si no se ten\u00edan bazas muy fuertes que jugar como las que hemos descrito.<\/span><\/p>\n<p style=\"text-align: justify;\"><span style=\"font-size: 14pt;\">El hecho es que Aznar no recogi\u00f3 el guante y a las 2:30 en su primera alocuci\u00f3n a la naci\u00f3n dijo tajantemente: \u201cEspa\u00f1a\u00a0<strong>no va a<\/strong>\u00a0<strong>cambiar de R\u00e9gimen<\/strong>, ni porque los terroristas maten ni para que dejen de matar\u2026 No hay negociaci\u00f3n posible con esos asesinos\u2026 Quien decide es el Pueblo Espa\u00f1ol\u201d. \u00bfTienen sentido esas palabras de Aznar? \u00bfEs que a los espa\u00f1oles podr\u00eda pasarles por la imaginaci\u00f3n que se planteara nada menos que un cambio de R\u00e9gimen porque esos criminales hubieran perpetrado la mayor masacre de nuestra historia?<\/span><\/p>\n<p style=\"text-align: justify;\"><span style=\"font-size: 14pt;\">En absoluto. Esas palabras solo tienen sentido si iban dirigidas a alguien, alguien que, precisamente, le estar\u00eda sugiriendo todo lo que pretend\u00eda la Gran Soflama que ley\u00f3 Gabilondo.\u00a0<\/span><\/p>\n<p style=\"text-align: justify;\"><span style=\"font-size: 14pt;\">Aznar se plant\u00f3, y ese el momento crucial cuando se produce el punto de inflexi\u00f3n que pone en marcha toda la maquinaria para cambiar el atentado de signo y destruir al PP que hemos descrito anteriormente, o al menos al PP que representaba Jos\u00e9 Mar\u00eda Aznar. Pero aqu\u00ed viene lo fundamental y, lo que estoy seguro, chocar\u00e1 m\u00e1s al lector. \u00bfQui\u00e9nes fueron los que pusieron en marcha todo ese proceso, tanto de destrucci\u00f3n como de \u201cconstrucci\u00f3n\u201d de una nueva realidad sumarial y judicial ajena a los atentados? Pues, en su gran mayor\u00eda, elementos de las Fuerzas de Seguridad de los que se pueden considerar afines a la ideolog\u00eda del PP. Y no solo eso, sino que los pol\u00edticos del PP, los Acebes, los Astarloa, e incluso Aznar, que seguramente se vio solo y sobrepasado por los acontecimientos, miraron a partir de entonces para otro lado mientras se llevaba a cabo tan descomunal escamoteo. No voy a citar ahora personas concretas, pero en mi libro est\u00e1n con nombres y apellidos todos los que han tenido una responsabilidad directa en los citados sucesos.<\/span><\/p>\n<p style=\"text-align: justify;\"><span style=\"font-size: 14pt;\">\u00bfC\u00f3mo se puede entender semejante desafuero? Muy dif\u00edcilmente, pero lo que nos est\u00e1n mostrando estos hechos es que deb\u00edan de haber circunstancias muy complejas en la lucha antiterrorista susceptibles de torcer la voluntad del Gobierno, como las que describen M\u00fagica y del Pino, y que muy probablemente se opt\u00f3 por colaborar en la eliminaci\u00f3n de las huellas del crimen para no salir salpicados, o algo mucho peor.<\/span><\/p>\n<p style=\"text-align: justify;\"><span style=\"font-size: 14pt;\">Ahora bien, si esto es as\u00ed, y es muy probable que as\u00ed fuera, el PP quedaba ya expuesto para siempre, y con la necesidad de ir poco a poco desnaturaliz\u00e1ndose y subsumi\u00e9ndose en ese Tiempo Nuevo que anunci\u00f3 premonitoriamente I\u00f1aki Gabilondo y que 20 a\u00f1os despu\u00e9s cada vez estamos m\u00e1s cerca de que se cumpla, para nuestra desgracia.<\/span><\/p>\n<p style=\"text-align: justify;\"><span style=\"font-size: 14pt;\">No sabemos qui\u00e9nes fueron los autores de los atentados, pero yo estoy convencido de que para eso se hizo el 11-M.\u00a0\u00a0<\/span><\/p>\n<p style=\"text-align: justify;\"><span style=\"font-size: 14pt;\"><strong>\u00bfEl 11-M le recuerda, por sus efectos, estrategia o trascendencia a alg\u00fan otro atentado, golpe o episodio de la historia de Espa\u00f1a?<\/strong><\/span><\/p>\n<p style=\"text-align: justify;\"><span style=\"font-size: 14pt;\">M\u00e1s que recordar, me parece que hay un hilo conductor com\u00fan, con muchas coincidencias, entre el magnicidio de Carrero, el 23-F y el 11-M. Aparcando de momento lo de Carrero, por falta de tiempo, tanto en el 23-F como en el 11-M las cloacas del Estado tuvieron una actuaci\u00f3n determinante (tambi\u00e9n lo tuvo en el de Carrero), y los resultados finales de esos golpes de Estado fueron muy gravosos para el devenir de Espa\u00f1a como naci\u00f3n. En el 23-F las Fuerzas Armadas quedaron deslegitimadas para garantizar su misi\u00f3n constitucional de defender la unidad de Espa\u00f1a, como reza el art\u00edculo octavo, y en el 11-M el PP qued\u00f3 neutralizado para defenderla, algo que hoy podemos constatar a ojos vista.<\/span><\/p>\n<p style=\"text-align: justify;\"><span style=\"font-size: 14pt;\">En mi libro dedico 23 p\u00e1ginas al 23-F, que es un di\u00e1logo<\/span> con la obra del historiador que desvel\u00f3 su verdadera intrahistoria, Jes\u00fas Palacios, y tres p\u00e1ginas m\u00e1s a compararlo con el 11-M.\u00a0<\/p>\n<p style=\"text-align: justify;\"><span style=\"font-size: 14pt;\"><strong>\u00bfCree que despu\u00e9s de la prescripci\u00f3n, en el futuro, conoceremos algo m\u00e1s de los atentados?<\/strong><\/span><\/p>\n<p style=\"text-align: justify;\"><span style=\"font-size: 14pt;\">Ojal\u00e1 fuera as\u00ed, y que algunos de los que han permanecido callados nos cuenten lo que saben, aun con la ignominia de haber esperado ese tiempo para eludir la acci\u00f3n de la justicia. Pero me temo que la\u00a0<em>omert\u00e1<\/em>\u00a0es un c\u00f3digo que tiene mucha m\u00e1s fuerza y vigencia que el que dicta la conciencia y el honor.<\/span><\/p>\n<p style=\"text-align: justify;\"><span style=\"font-size: 14pt;\">Pero no abandonemos la esperanza. Las v\u00edctimas del 11-M, ya que no han podido obtener la justicia que se les deb\u00eda para reparar sus terribles sufrimientos, al menos deber\u00edan poder saber qu\u00e9 fue lo que les arrebat\u00f3 a sus seres queridos y destroz\u00f3 sus vidas.<\/span><\/p>\n<p style=\"text-align: justify;\"><span style=\"font-size: 14pt;\">Nosotros, mientras tanto, siguiendo a nuestro querido y admirado Gabriel Moris, \u201c<em>no vamos a olvidar lo inolvidable<\/em>\u201d\u00a0<\/span><\/p>\n<p>&nbsp;<\/p>\n<p><a href=\"https:\/\/www.amazon.es\/Las-cloacas-11-M-Ignacio-L%C3%B3pez-ebook\/dp\/B00UXRO3SK\" target=\"_blank\" rel=\"noopener\"><img loading=\"lazy\" decoding=\"async\" class=\"aligncenter wp-image-2295209\" src=\"https:\/\/puntocritico.com\/ausajpuntocritico\/wp-content\/uploads\/2024\/03\/Las-cloacas-del-11-M-Ignacio-lopez-Bru-204x300.jpg\" alt=\"\" width=\"240\" height=\"353\" data-id=\"2295209\" srcset=\"https:\/\/puntocritico.com\/ausajpuntocritico\/wp-content\/uploads\/2024\/03\/Las-cloacas-del-11-M-Ignacio-lopez-Bru-204x300.jpg 204w, https:\/\/puntocritico.com\/ausajpuntocritico\/wp-content\/uploads\/2024\/03\/Las-cloacas-del-11-M-Ignacio-lopez-Bru.jpg 340w\" sizes=\"auto, (max-width: 240px) 100vw, 240px\" \/><\/a><\/p>\n<p style=\"text-align: center;\"><strong><span style=\"color: #008000; font-size: 18pt;\">*******<\/span><\/strong><\/p>\n<figure id=\"attachment_2295282\" aria-describedby=\"caption-attachment-2295282\" style=\"width: 360px\" class=\"wp-caption aligncenter\"><a href=\"https:\/\/www.lavozdegalicia.es\/noticia\/espana\/2014\/12\/10\/pablo-iglesias-presume-pasalo-tras-11-m-gesto-facultad\/00031418223022398791765.htm\" target=\"_blank\" rel=\"noopener\"><img loading=\"lazy\" decoding=\"async\" class=\"wp-image-2295282\" src=\"https:\/\/puntocritico.com\/ausajpuntocritico\/wp-content\/uploads\/2024\/03\/Pablo-Iglesias-pasalo-2004-11m-297x300.png\" alt=\"\" width=\"360\" height=\"364\" data-id=\"2295282\" srcset=\"https:\/\/puntocritico.com\/ausajpuntocritico\/wp-content\/uploads\/2024\/03\/Pablo-Iglesias-pasalo-2004-11m-297x300.png 297w, https:\/\/puntocritico.com\/ausajpuntocritico\/wp-content\/uploads\/2024\/03\/Pablo-Iglesias-pasalo-2004-11m.png 620w\" sizes=\"auto, (max-width: 360px) 100vw, 360px\" \/><\/a><figcaption id=\"caption-attachment-2295282\" class=\"wp-caption-text\"><span style=\"color: #008000;\">Pablo Iglesias presume de que el \u00abP\u00e1salo\u00bb tras el 11- M se gest\u00f3 en su facultad. Hace 20 a\u00f1os, en 2004, la tecnolog\u00eda distaba mucho de la de hoy. Enviar cientos de miles de mensajes sms estaba al alcance de muy pocos. En Espa\u00f1a, del PSOE (Rubalcaba la acababa de adquirir) y de muy poquitos m\u00e1s.<\/span><\/figcaption><\/figure>\n<p style=\"text-align: center;\"><strong><span style=\"color: #008000; font-size: 18pt;\">*******<\/span><\/strong><\/p>\n<div class=\"post-auto-loaded-image-single\">\n<div>\n<div class=\"post-auto-loaded-title\">\n<h2 style=\"text-align: center;\"><span style=\"font-size: 24pt;\">11M Y TEOR\u00cdA DE LA CONSPIRACI\u00d3N<\/span><\/h2>\n<\/div>\n<div class=\"post-auto-loaded-excerpt\">\n<p style=\"text-align: center;\"><strong><span style=\"font-size: 14pt;\">Quienes siguen intentando arrojar luz sobre el atentado rinden el mejor homenaje posible a las v\u00edctimas<\/span><\/strong><\/p>\n<\/div>\n<\/div>\n<\/div>\n<div class=\"post-auto-loaded-author-share elementor-container elementor-column-gap-default\">\n<div class=\"elementor-column elementor-col-50 elementor-top-column\">\n<div class=\"post-auto-loaded-author\">\n<div>\n<p class=\"autor\" style=\"text-align: justify;\"><span style=\"font-size: 14pt;\">Por Carlos Moliner<\/span><\/p>\n<p class=\"fecha\" style=\"text-align: justify;\"><span style=\"font-size: 14pt;\"><a href=\"https:\/\/ideas.gaceta.es\/11m-y-teoria-de-la-conspiracion\/?scroll-event=true\" target=\"_blank\" rel=\"noopener\">Ideas<\/a>, 10 de marzo de 2024<\/span><\/p>\n<\/div>\n<\/div>\n<\/div>\n<\/div>\n<p>&nbsp;<\/p>\n<p><img loading=\"lazy\" decoding=\"async\" class=\"aligncenter wp-image-2295210\" src=\"https:\/\/puntocritico.com\/ausajpuntocritico\/wp-content\/uploads\/2024\/03\/diferencias-entre-funeral-velatorio-y-tanatorio.jpg\" alt=\"\" width=\"660\" height=\"279\" data-id=\"2295210\" srcset=\"https:\/\/puntocritico.com\/ausajpuntocritico\/wp-content\/uploads\/2024\/03\/diferencias-entre-funeral-velatorio-y-tanatorio.jpg 710w, https:\/\/puntocritico.com\/ausajpuntocritico\/wp-content\/uploads\/2024\/03\/diferencias-entre-funeral-velatorio-y-tanatorio-300x127.jpg 300w\" sizes=\"auto, (max-width: 660px) 100vw, 660px\" \/><\/p>\n<p class=\"has-text-align-right\" style=\"text-align: right;\"><em>\u00abLo que se deja expresar, debe ser dicho de forma clara; sobre lo que no se puede hablar, es mejor callar\u00bb.<\/em><\/p>\n<p class=\"has-text-align-right\" style=\"text-align: right;\">Ludwig Wittgenstein<\/p>\n<p style=\"text-align: right;\">\u00a0<\/p>\n<p style=\"text-align: justify;\"><span style=\"font-size: 14pt;\">A punto de cumplirse 20 a\u00f1os del atentado terrorista m\u00e1s grave de la historia de Espa\u00f1a por n\u00famero de v\u00edctimas, y en paralelo a la cuenta atr\u00e1s para la prescripci\u00f3n de los cr\u00edmenes cometidos, no esperamos grandes avances en el conocimiento de las causas. La mayor parte del ejercicio period\u00edstico ir\u00e1 dedicado a se\u00f1alar a los\u00a0<em>te\u00f3ricos de la conspiraci\u00f3n<\/em>, aquellos que insisten en no dar el caso por cerrado o que siguen especulando sobre esas causas y sus consecuencias. Salvo\u00a0<a href=\"https:\/\/cesarvidal.com\/la-voz\/candilejas-teatro-y-espectaculo\/entrevista-a-lorenzo-ramirez-las-claves-ocultas-del-11-m-02-02-24\" target=\"_blank\" rel=\"noopener\" data-schema-attribute=\"\">honrosas excepciones<\/a>, el recuerdo del 11M es el tr\u00e1mite para pasar cuanto antes a su olvido.<\/span><\/p>\n<p style=\"text-align: justify;\"><span style=\"font-size: 14pt;\">Uno de los investigadores del asesinato de Kennedy se quejaba amargamente de lo mucho que se hab\u00edan centrado los periodistas en el qu\u00e9, y lo desatendido que hab\u00eda quedado el porqu\u00e9. Algo parecido podr\u00edamos afirmar sobre el 11M, y tambi\u00e9n sobre otros dos sucesos que han dado forma a la historia reciente de Espa\u00f1a: el atentado que acab\u00f3 con la vida de Carrero Blanco y el 23F. Conocemos much\u00edsimos hechos, tantos que incluso nos abruman, pero muy pocos motivos, cuando desde un punto de vista nacional son lo relevante. Sin negar la importancia del lado humano de la tragedia, o del pol\u00edtico en clave nacional, son los aspectos geopol\u00edticos los que hacen inteligibles la mayor parte de los acontecimientos hist\u00f3ricos, y el 11M no es la excepci\u00f3n.<\/span><\/p>\n<p style=\"text-align: justify;\"><span style=\"font-size: 14pt;\">Sin embargo, preguntarse sobre ellos es una de las actividades m\u00e1s ingratas que pueden imaginarse hoy. Hace falta vencer la reticencia inicial del p\u00fablico, que est\u00e1 ya harto de repasar los mismos datos una y otra vez , y al que la sola menci\u00f3n del 11M, o del 23F, ya produce una cierta saturaci\u00f3n, entendible por cuanto es escasa la informaci\u00f3n adicional que se ha a\u00f1adido en estos veinte a\u00f1os. Adem\u00e1s, cualquier iniciativa que se aparte de las explicaciones oficiales es tachada de\u00a0<em>teor\u00eda de la conspiraci\u00f3n<\/em>, lo que redobla las reticencias a la hora de acercarse a esta clase de informaciones. Por si fuera poco,\u00a0<strong>el n\u00famero de personas dedicadas a restringir la amplitud de lo pensable en la Espa\u00f1a pospand\u00e9mica alcanza proporciones de industria<\/strong>, la \u00fanica que a estas alturas de convergencia con Europa podemos considerar competitiva. Esta misma semana hemos tenido nuevas muestras de ello.<\/span><\/p>\n<p style=\"text-align: justify;\"><span style=\"font-size: 14pt;\">A esta aventura en territorio hostil y plagada de riesgos s\u00f3lo se apuntan un pu\u00f1ado de personas que no cuentan con el respaldo de grandes medios a su servicio, ni con generosos presupuestos o posibilidades de difusi\u00f3n. Es gracias a los resquicios que todav\u00eda permite la comunicaci\u00f3n por Internet que accedemos a su trabajo, que en muchas ocasiones es el fruto de horas hurtadas al tiempo libre o a la actividad profesional y dedicadas a indagar sobre cuestiones que les interpelan por motivos personales, o que despiertan en ellos la responsabilidad de hacer el trabajo de quienes han decidido no hacerlo. En la mayor\u00eda de los casos les gu\u00eda un impulso moral, un compromiso con las v\u00edctimas o con la verdad, algo imprescindible para atravesar el rosario de dificultades con las que topan enseguida. Un paso mal dado en ese camino puede pagarse tan caro como un acierto, y la peque\u00f1a cuota de prestigio a ganar entre un reducido grupo de afines es una recompensa escasa ante el riesgo de ser condenado al ostracismo, con las graves consecuencias que puede ocasionar para un particular a la intemperie.<\/span><\/p>\n<p style=\"text-align: justify;\"><span style=\"font-size: 14pt;\">Por todo ello, desde aqu\u00ed vaya mi reconocimiento y mi admiraci\u00f3n por todos esos deplorables\u00a0<em>te\u00f3ricos de la conspiraci\u00f3n\u00a0<\/em>que siguen intentando arrojar luz sobre los atentados del 11M. Ellos rinden, en mi opini\u00f3n, el mejor homenaje posible a las v\u00edctimas.<\/span><\/p>\n<p>&nbsp;<\/p>\n<h3 style=\"text-align: center;\"><span style=\"font-size: 18pt;\"><strong>El origen de la teor\u00eda de la conspiraci\u00f3n<\/strong><\/span><\/h3>\n<p style=\"text-align: justify;\"><span style=\"font-size: 14pt;\">Gracias a\u00a0<a href=\"https:\/\/www.youtube.com\/watch?v=CRYSKaS-XtQ\" target=\"_blank\" rel=\"noreferrer noopener\">Mike Benz<\/a>, el que fuera designado por Mike Pompeo para un puesto en el Departamento de Estado durante la Administraci\u00f3n Trump y actual director de la Fundaci\u00f3n para la Libertad Online, sabemos que existe una coalici\u00f3n que re\u00fane a pol\u00edticos de ambos partidos, empresas tecnol\u00f3gicas, grupos de comunicaci\u00f3n, ej\u00e9rcito y agencias de inteligencia, lo que Benz denomina\u00a0<a href=\"https:\/\/archive.ph\/DguYG\" target=\"_blank\" rel=\"noopener\" data-schema-attribute=\"\">The Blob<\/a>, que se coordina para fijar las pol\u00edticas y los relatos adecuados a sus intereses conjuntos, dentro y fuera de Estados Unidos.<\/span><\/p>\n<p style=\"text-align: justify;\"><span style=\"font-size: 14pt;\">La informaci\u00f3n real que contradice las versiones patrocinadas por este colectivo es objeto de censura, pero hoy la conocemos, gracias a ellos, con el nombre de\u00a0<em>desinformaci\u00f3n<\/em>, lo que les permite suprimirla sin incurrir, al menos nominalmente, en una pr\u00e1ctica propia de los reg\u00edmenes totalitarios. De forma paralela, las pol\u00edticas que buscan el inter\u00e9s p\u00fablico y amenazan por tanto los intereses de\u00a0<a href=\"https:\/\/archive.ph\/WDgY2\" target=\"_blank\" rel=\"noopener\" data-schema-attribute=\"\"><em>The Blob<\/em><\/a>\u00a0son lo que hoy conocemos como\u00a0<em>populismo<\/em>, etiqueta creada para justificar la persecuci\u00f3n legal y medi\u00e1tica de los disidentes, pr\u00e1cticas en teor\u00eda incompatibles con la democracia. Bajo los par\u00e1metros de esta neolengua, populista ser\u00eda aquel que se aprovecha de la\u00a0<em>desinformaci\u00f3n<\/em>\u00a0o emite las distorsiones de la realidad que conocemos como\u00a0<em>posverdades<\/em>, dise\u00f1adas para influir emocionalmente en la opini\u00f3n p\u00fablica y as\u00ed acceder al poder.<\/span><\/p>\n<p style=\"text-align: justify;\"><span style=\"font-size: 14pt;\">Dentro de la desinformaci\u00f3n, existe una categor\u00eda que, en lugar de enfatizar las intenciones dudosas del emisor, resalta su desequilibrio mental: son las conocidas como\u00a0<em>teor\u00edas de la conspiraci\u00f3n<\/em>. El profesor\u00a0<a href=\"https:\/\/www.amazon.com\/dp\/B00CBVSLR0\/ref=cm_cr_lh_d_bdcrb_top?ie=UTF8\" target=\"_blank\" rel=\"noopener\" data-schema-attribute=\"\">Lance DeHaven-Smith<\/a>\u00a0explica que la expresi\u00f3n \u00abteor\u00eda de la conspiraci\u00f3n\u00bb se populariz\u00f3 precisamente tras el asesinato de Kennedy para calificar las versiones distintas de la oficial, como un temprano ejercicio de manipulaci\u00f3n psicol\u00f3gica y control del relato por parte de los servicios secretos. Fueron una serie de art\u00edculos en el New York Times los encargados de popularizar el t\u00e9rmino, atendiendo as\u00ed un\u00a0<a href=\"https:\/\/archive.org\/stream\/CIADOC1035960\/CIA%20DOC%201035-960_djvu.txt\" target=\"_blank\" rel=\"noopener\" data-schema-attribute=\"\">informe interno de la CIA<\/a>\u00a0que alertaba del escaso \u00e9xito de la Comisi\u00f3n Warren para fijar la verdad oficial. En esta coordinaci\u00f3n entre agencias de inteligencia, prensa prestigiosa y poder pol\u00edtico bipartidista vemos a\u00a0<em>The Blob<\/em>\u00a0en acci\u00f3n.<\/span><\/p>\n<p><img loading=\"lazy\" decoding=\"async\" class=\"aligncenter wp-image-2295207\" src=\"https:\/\/puntocritico.com\/ausajpuntocritico\/wp-content\/uploads\/2024\/03\/NYT-TIME-Conspiracy-Theory-276x300.png\" alt=\"\" width=\"660\" height=\"717\" data-id=\"2295207\" srcset=\"https:\/\/puntocritico.com\/ausajpuntocritico\/wp-content\/uploads\/2024\/03\/NYT-TIME-Conspiracy-Theory-276x300.png 276w, https:\/\/puntocritico.com\/ausajpuntocritico\/wp-content\/uploads\/2024\/03\/NYT-TIME-Conspiracy-Theory-768x835.png 768w, https:\/\/puntocritico.com\/ausajpuntocritico\/wp-content\/uploads\/2024\/03\/NYT-TIME-Conspiracy-Theory.png 910w\" sizes=\"auto, (max-width: 660px) 100vw, 660px\" \/><\/p>\n<p style=\"text-align: justify;\"><span style=\"font-size: 14pt;\">Con las conclusiones de la Comisi\u00f3n Warren, tal y como escribi\u00f3 un asistente del fiscal general un d\u00eda despu\u00e9s del asesinato de Lee Harvey Oswald en una\u00a0<a href=\"https:\/\/nymag.com\/intelligencer\/article\/jfk-assassination-documents-national-archives.html\" target=\"_blank\" rel=\"noopener\" data-schema-attribute=\"\">nota desclasificada<\/a>, \u00abel p\u00fablico debe quedar convencido de que Oswald era el asesino; de que no ten\u00eda c\u00f3mplices que todav\u00eda estuvieran libres; y de que las pruebas eran tales que habr\u00eda sido condenado en juicio\u00bb.<\/span><\/p>\n<p style=\"text-align: justify;\"><span style=\"font-size: 14pt;\">Del fracaso de la comisi\u00f3n para esclarecer ante la opini\u00f3n p\u00fablica cualquier duda sobre la actuaci\u00f3n en solitario de Lee Oswald y su\u00a0<a href=\"https:\/\/en.wikipedia.org\/wiki\/Single-bullet_theory\" target=\"_blank\" rel=\"noopener\" data-schema-attribute=\"\">bala m\u00e1gica<\/a>\u00a0como verdad oficial da cuenta la necesidad de crear otra comisi\u00f3n 16 a\u00f1os despu\u00e9s para fijar una segunda versi\u00f3n oficial del caso. Esta vez las conclusiones reconoc\u00edan, sin entrar en muchos detalles, que el asesinato era probablemente el resultado de\u00a0<a href=\"https:\/\/en.wikipedia.org\/wiki\/United_States_House_Select_Committee_on_Assassinations\" target=\"_blank\" rel=\"noopener\" data-schema-attribute=\"\">alguna clase de conspiraci\u00f3n<\/a>.<\/span><\/p>\n<p style=\"text-align: justify;\"><span style=\"font-size: 14pt;\">Vista con perspectiva, sin embargo, la operaci\u00f3n tuvo en \u00e9xito enorme, considerando el nivel de credulidad necesario para aceptar que a JFK lo hab\u00eda asesinado de tres disparos un hombre solo por motivos propios, sin c\u00f3mplices ni conexiones. Y eso era s\u00f3lo la autor\u00eda. Dar por bueno el m\u00e9todo implicaba admitir adem\u00e1s que\u00a0<strong>la segunda bala<\/strong>\u00a0hab\u00eda atravesado el cuello del presidente, herido acto seguido en el pecho y la mu\u00f1eca al gobernador de Texas que viajaba sentado en el asiento del copiloto, hasta alojarse despu\u00e9s en su muslo, produciendo en su periplo un total de siete orificios de entrada y salida, para acabar finalmente casi sin m\u00e1cula encima de la camilla del gobernador Connally.<\/span><\/p>\n<p><img loading=\"lazy\" decoding=\"async\" class=\"aligncenter wp-image-2295206\" src=\"https:\/\/puntocritico.com\/ausajpuntocritico\/wp-content\/uploads\/2024\/03\/Kennedy-Bala-CE399-300x297.png\" alt=\"\" width=\"480\" height=\"475\" data-id=\"2295206\" srcset=\"https:\/\/puntocritico.com\/ausajpuntocritico\/wp-content\/uploads\/2024\/03\/Kennedy-Bala-CE399-300x297.png 300w, https:\/\/puntocritico.com\/ausajpuntocritico\/wp-content\/uploads\/2024\/03\/Kennedy-Bala-CE399.png 702w\" sizes=\"auto, (max-width: 480px) 100vw, 480px\" \/><\/p>\n<p style=\"text-align: justify;\"><span style=\"font-size: 14pt;\">Una candidez similar es preceptiva para aceptar que el asesinato de Carrero Blanco no tuvo m\u00e1s razones que las de sus ejecutores, los cinco integrantes del Comando\u00a0<em>Txikia<\/em>\u00a0de ETA, que el 23F fue cosa exclusiva de un grupo de militares franquistas nost\u00e1lgicos contrarios a la Constituci\u00f3n, o que en el 11M los \u00fanicos intereses en juego fueron los del variopinto grupo de terroristas que recoge la\u00a0<a href=\"https:\/\/web.archive.org\/web\/20230603191658\/https:\/www.losgenoveses.net\/especiales\/11M\/sentencia\/Sentencia%2011M.pdf\" target=\"_blank\" rel=\"noopener\" data-schema-attribute=\"\">sentencia<\/a>\u00a0que cierra el caso.<\/span><\/p>\n<p style=\"text-align: justify;\"><span style=\"font-size: 14pt;\">Pero ni siquiera es la idea. El objetivo de los\u00a0<a href=\"https:\/\/www.cisa.gov\/sites\/default\/files\/publications\/tactics-of-disinformation_508.pdf\" target=\"_blank\" rel=\"noopener\" data-schema-attribute=\"\">promotores<\/a>\u00a0del t\u00e9rmino\u00a0<em>desinformaci\u00f3n<\/em>\u00a0o\u00a0<em>teor\u00eda de la conspiraci\u00f3n<\/em>\u00a0no es tanto fijar una verdad oficial convincente como hacer que cualquier alternativa resulte tan farragosa, estrafalaria y complicada, y est\u00e9 mezclada entre tal cantidad de afirmaciones delirantes, que cualquier persona normal prefiera quedarse al margen y asumir una versi\u00f3n oficial simplificada, si acaso con un grano de sal.<\/span><\/p>\n<p style=\"text-align: justify;\"><span style=\"font-size: 14pt;\">El problema, como ha demostrado la reciente pandemia, es que lo admisible como cierto hoy es cambiante y tiende a ser modificado ma\u00f1ana. Es algo parecido a lo que ocurre con la correcci\u00f3n pol\u00edtica:\u00a0<strong>los m\u00e1rgenes de la verdad admisible se estrechan tanto y tan r\u00e1pido<\/strong>\u00a0que un hombre adulto m\u00ednimamente alfabetizado debe hacer grandes esfuerzos para poder pensar dentro de ellos.<\/span><\/p>\n<p style=\"text-align: justify;\"><span style=\"font-size: 14pt;\">Alrededor del 11M, adem\u00e1s, tuvo lugar una artificial guerra de almohadas partidista que debat\u00eda sobre la autor\u00eda etarra o islamista que de fondo escond\u00eda un consenso sobre los puntos a evitar que sobrevive hasta hoy. Sea la que sea la teor\u00eda de la conspiraci\u00f3n que analicemos, siempre enfrente encontraremos un consenso pol\u00edtico; es uno de sus requisitos. Sin ese consenso, el debate sobre la cuesti\u00f3n pasa a ser aceptable, y como mucho estaremos ante\u00a0<a href=\"https:\/\/es.wikipedia.org\/wiki\/Desaparecidos_durante_el_franquismo\" target=\"_blank\" rel=\"noopener\" data-schema-attribute=\"\">asuntos discutidos<\/a>,\u00a0<a href=\"https:\/\/es.wikipedia.org\/wiki\/Grupos_Antiterroristas_de_Liberaci%C3%B3n\" target=\"_blank\" rel=\"noopener\" data-schema-attribute=\"\">autor\u00edas a debate<\/a>\u00a0o\u00a0<a href=\"https:\/\/es.wikipedia.org\/wiki\/Accidente_ferroviario_de_Santiago_de_Compostela\" target=\"_blank\" rel=\"noopener\" data-schema-attribute=\"\">accidentes pol\u00e9micos<\/a>. Son, en definitiva, temas sobre los que se puede hablar sin temor a pisar el charco equivocado.<\/span><\/p>\n<p style=\"text-align: justify;\"><span style=\"font-size: 14pt;\">Todos sabemos que la verdad oficial no es la verdad completa; incluso quienes tienen salvoconducto para hacer\u00a0<a href=\"https:\/\/www.youtube.com\/watch?v=PBXKnAgczog\" target=\"_blank\" rel=\"noopener\" data-schema-attribute=\"\">literatura<\/a>\u00a0sobre los motivos lo saben, y por eso siguen a\u00f1adiendo nuevos cap\u00edtulos a la trama. La cuesti\u00f3n es: \u00bfpor qu\u00e9 es tan dif\u00edcil avanzar hacia la verdad? \u00bfPor qu\u00e9 est\u00e1 tan penalizado acercarse a ella? La tecnolog\u00eda y la pujanza de nuestros investigadores nos han permitido reconstruir itinerarios humanos de hace cientos de miles de a\u00f1os a partir de\u00a0<a href=\"https:\/\/www.youtube.com\/watch?v=PBXKnAgczog\" target=\"_blank\" rel=\"noopener\" data-schema-attribute=\"\">indicios limitad\u00edsimos<\/a>, pero seguimos siendo incapaces de esclarecer con exactitud lo que sucedi\u00f3 ni las motivaciones en el peor atentado de nuestra historia.<\/span><\/p>\n<p style=\"text-align: justify;\"><span style=\"font-size: 14pt;\">Llega un punto en el que se asienta en la opini\u00f3n p\u00fablica la idea que detr\u00e1s de estos hechos se encuentran\u00a0<strong>circunstancias demasiado oscuras<\/strong>\u00a0para ser desentra\u00f1adas, razones que superan al com\u00fan de los mortales. En estos casos, hablar de cuestiones geopol\u00edticas es equivalente a dejarlo en un gen\u00e9rico \u00abcosas de esp\u00edas, intereses de poderosos y pa\u00edses, etc.\u00bb. No es mi intenci\u00f3n aqu\u00ed intentar\u00a0<a href=\"https:\/\/www.youtube.com\/playlist?list=PLToEFX4AD-Ldbh8chh025OGyzVhqZrbPB\" target=\"_blank\" rel=\"noopener\" data-schema-attribute=\"\">desentra\u00f1ar el 11M<\/a>, pero s\u00ed dejar constancia de una sensaci\u00f3n que es moneda com\u00fan entre el pueblo espa\u00f1ol. Si la semana que viene, una vez prescrita la causa y todos los posibles delitos asociados a ella, aparecieran las pruebas y los testimonios definitivos que dieran la raz\u00f3n a una o varias de las denostadas\u00a0<em>teor\u00edas de la conspiraci\u00f3n<\/em>\u00a0en circulaci\u00f3n, estoy convencido de que no habr\u00eda gestos de sorpresa. Todos sabemos que es entre ellas donde se encuentra\u00a0<a href=\"https:\/\/www.amazon.es\/Las-claves-ocultas-del-11M\/dp\/8413847389\" target=\"_blank\" rel=\"noopener\" data-schema-attribute=\"\">lo m\u00e1s cercano a la verdad<\/a>, del mismo modo que sabemos que hay presiones para dejar las cosas como est\u00e1n, y que quien las resiste asume un riesgo que est\u00e1 por cuantificar.<\/span><\/p>\n<p style=\"text-align: justify;\"><span style=\"font-size: 14pt;\">El 11M no es un caso \u00fanico: hay muchos episodios hist\u00f3ricos, y\u00a0<a href=\"https:\/\/archive.ph\/7gP9d\" target=\"_blank\" rel=\"noopener\" data-schema-attribute=\"\">no tan hist\u00f3ricos<\/a>, que son radioactivos y es\u00a0<strong>mejor obviar si uno pretende vivir una vida tranquila<\/strong>. Todos sabemos identificarlos sin necesidad de hacerlos expl\u00edcitos; quienes buscan alguna clase de \u00e9xito profesional, mejor que ning\u00fan otro.<\/span><\/p>\n<p style=\"text-align: justify;\"><span style=\"font-size: 14pt;\">Pero tambi\u00e9n sabemos que callar implica asumir que el c\u00f3mplice por acci\u00f3n u omisi\u00f3n de hoy puede convertirse en la v\u00edctima inocente o el chivo expiatorio de ma\u00f1ana, y que en la medida en que fuerzas que se nos escapan sean las que determinen nuestro destino, los niveles de autoenga\u00f1o necesarios para continuar creyendo que vivimos en una sociedad libre o que contamos con derechos garantizados por la ley ir\u00e1n en aumento.<\/span><\/p>\n<p style=\"text-align: justify;\"><span style=\"font-size: 14pt;\">Las maquinaciones de lo que Mike Benz llama\u00a0<em>The Blob,\u00a0<\/em>que no es m\u00e1s que una forma de referirse a las oligarqu\u00edas mundiales, a esos poderes cuya dimensi\u00f3n nos supera y cuyos planes no paran de interferir en nuestras vidas diarias sin que apenas podamos vislumbrar su definici\u00f3n completa,no son un fen\u00f3meno reciente, y estamos acostumbrados a vivir driblando ente ellas.<\/span><\/p>\n<p style=\"text-align: justify;\"><span style=\"font-size: 14pt;\"><span style=\"vertical-align: inherit;\"><span style=\"vertical-align: inherit;\">Del mismo modo que hay temas\u00a0 <\/span><\/span><a href=\"https:\/\/archive.ph\/QrAOe\" target=\"_blank\" rel=\"noopener\" data-schema-attribute=\"\"><span style=\"vertical-align: inherit;\"><span style=\"vertical-align: inherit;\">vetados<\/span><\/span><\/a><span style=\"vertical-align: inherit;\"><span style=\"vertical-align: inherit;\"> , hay otros en los que el paso del tiempo permite cierta holgura a la hora de publicar\u00a0 <\/span><\/span><a href=\"https:\/\/s3.eu-west-3.amazonaws.com\/webpte\/Documentos\/23+F\/El+gobierno+de+concentraci%C3%B3n+nacional+acordado+por+el+general+Armada+para+pedir+la+investidura+el+23+de+febrero+de+1981.pdf\" target=\"_blank\" rel=\"noopener\" data-schema-attribute=\"\"><span style=\"vertical-align: inherit;\"><span style=\"vertical-align: inherit;\">informaci\u00f3n<\/span><\/span><\/a><span style=\"vertical-align: inherit;\"><span style=\"vertical-align: inherit;\"> . <\/span><span style=\"vertical-align: inherit;\">Pero cuando se trata de recordar a los muertos en el peor atentado yihadista en el suelo europeo, lo justo para los asesinados es reconocer que han sido v\u00edctimas de una trama que nada ten\u00eda que ver con ellos, y ser conscientes de que\u00a0 <\/span><\/span><strong><span style=\"vertical-align: inherit;\"><span style=\"vertical-align: inherit;\">cuando fuerzas que escapan a nuestro control puede jugar con la vida de los espa\u00f1oles\u00a0<\/span><\/span><\/strong><span style=\"vertical-align: inherit;\"><span style=\"vertical-align: inherit;\"> sin asumir ninguna responsabilidad, y contando con la colaboraci\u00f3n de quienes deber\u00edan haberles protegido, todos estamos en peligro.<\/span><\/span><\/span><\/p>\n<p style=\"text-align: justify;\"><span style=\"font-size: 14pt;\"><span style=\"vertical-align: inherit;\"><span style=\"vertical-align: inherit;\">Quiz\u00e1s ha llegado el momento de preguntarnos si no har\u00edamos bien en intentar descubrir la verdad en lugar de dejar el campo despejado para que el consenso pol\u00edtico patrocine la siguiente estrategia dentro de un juego tan peligroso que puede asumir dos centenares de v\u00edctimas sin tener que pararse a pensar en las consecuencias.<\/span><\/span><\/span><\/p>\n<p style=\"text-align: justify;\"><span style=\"font-size: 14pt;\"><span style=\"vertical-align: inherit;\"><span style=\"vertical-align: inherit;\">La \u00fanica defensa posible es\u00a0 <\/span><\/span><strong><span style=\"vertical-align: inherit;\"><span style=\"vertical-align: inherit;\">que nos hagamos todos lo bastante inteligentes<\/span><\/span><\/strong><span style=\"vertical-align: inherit;\"><span style=\"vertical-align: inherit;\"> \u00a0como para que quienes pretenden hacernos alg\u00fan da\u00f1o sepan que no quedar\u00e1n impunes. <\/span><span style=\"vertical-align: inherit;\">T\u00e9nganlo en cuenta la pr\u00f3xima vez que alguien busque su aprobaci\u00f3n para llamar la boca a alg\u00fan\u00a0 <\/span><\/span><em><span style=\"vertical-align: inherit;\"><span style=\"vertical-align: inherit;\">te\u00f3rico de la conspiraci\u00f3n<\/span><\/span><\/em><span style=\"vertical-align: inherit;\"><span style=\"vertical-align: inherit;\"> .<\/span><\/span><\/span><\/p>\n<p style=\"text-align: justify;\"><span style=\"font-size: 14pt;\"><span style=\"vertical-align: inherit;\"><span style=\"vertical-align: inherit;\">Que en paz descansen los 193 muertos de la masacre del 11 de marzo de 2004 en Madrid.<\/span><\/span><\/span><\/p>\n<p>&nbsp;<\/p>\n<p><img loading=\"lazy\" decoding=\"async\" class=\"aligncenter wp-image-2295234\" src=\"https:\/\/puntocritico.com\/ausajpuntocritico\/wp-content\/uploads\/2024\/03\/Homenaje-a-las-victimas-del-11-de-marzo-del-2004-masacre-en-Madrid.-Foto-archivo.-lasvocesdelpueblo-650x381.png\" alt=\"\" width=\"440\" height=\"330\" data-id=\"2295234\" srcset=\"https:\/\/puntocritico.com\/ausajpuntocritico\/wp-content\/uploads\/2024\/03\/Homenaje-a-las-victimas-del-11-de-marzo-del-2004-masacre-en-Madrid.-Foto-archivo.-lasvocesdelpueblo-300x225.png 300w, https:\/\/puntocritico.com\/ausajpuntocritico\/wp-content\/uploads\/2024\/03\/Homenaje-a-las-victimas-del-11-de-marzo-del-2004-masacre-en-Madrid.-Foto-archivo.-lasvocesdelpueblo-326x245.png 326w, https:\/\/puntocritico.com\/ausajpuntocritico\/wp-content\/uploads\/2024\/03\/Homenaje-a-las-victimas-del-11-de-marzo-del-2004-masacre-en-Madrid.-Foto-archivo.-lasvocesdelpueblo-80x60.png 80w, https:\/\/puntocritico.com\/ausajpuntocritico\/wp-content\/uploads\/2024\/03\/Homenaje-a-las-victimas-del-11-de-marzo-del-2004-masacre-en-Madrid.-Foto-archivo.-lasvocesdelpueblo.png 650w\" sizes=\"auto, (max-width: 440px) 100vw, 440px\" \/><\/p>\n<p style=\"text-align: center;\"><strong><span style=\"color: #008000; font-size: 18pt;\"><span style=\"vertical-align: inherit;\"><span style=\"vertical-align: inherit;\">*******<\/span><\/span><\/span><\/strong><\/p>\n<h2 style=\"text-align: justify;\"><span style=\"font-size: 14pt;\"><strong><span style=\"vertical-align: inherit;\"><span style=\"vertical-align: inherit;\">RELACIONES:<\/span><\/span><\/strong><\/span><\/h2>\n<p><span style=\"vertical-align: inherit;\"><span style=\"vertical-align: inherit;\">https:\/\/puntocritico.com\/ausajpuntocritico\/2022\/03\/14\/la-destruccion-de-los-trenes-del-11-m\/<\/span><\/span><\/p>\n<p><span style=\"vertical-align: inherit;\"><span style=\"vertical-align: inherit;\">https:\/\/puntocritico.com\/ausajpuntocritico\/2020\/03\/11\/aniversario-del-11-m-un-nuevo-dreyfus-jamal-zougam-chivo-expiatorio-del-atentado-de-madrid-documental\/<\/span><\/span><\/p>\n<blockquote class=\"wp-embedded-content\" data-secret=\"f9KMZ5Ojrk\"><p><a href=\"https:\/\/puntocritico.com\/ausajpuntocritico\/2020\/10\/03\/la-doctrina-del-shock-documental\/\">La doctrina del shock &#8211; Documental<\/a><\/p><\/blockquote>\n<p><iframe loading=\"lazy\" class=\"wp-embedded-content\" sandbox=\"allow-scripts\" security=\"restricted\" style=\"position: absolute; visibility: hidden;\" title=\"\u00abLa doctrina del shock &#8211; Documental\u00bb \u2014 Punto Cr\u00edtico Derechos Humanos\" src=\"https:\/\/puntocritico.com\/ausajpuntocritico\/2020\/10\/03\/la-doctrina-del-shock-documental\/embed\/#?secret=AcI4JJXY3r#?secret=f9KMZ5Ojrk\" data-secret=\"f9KMZ5Ojrk\" width=\"500\" height=\"282\" frameborder=\"0\" marginwidth=\"0\" marginheight=\"0\" scrolling=\"no\"><\/iframe><\/p>\n<p><span style=\"vertical-align: inherit;\"><span style=\"vertical-align: inherit;\">https:\/\/puntocritico.com\/ausajpuntocritico\/2021\/09\/11\/20-anos-del-11-s\/<\/span><\/span><\/p>\n<p><span style=\"vertical-align: inherit;\"><span style=\"vertical-align: inherit;\">https:\/\/puntocritico.com\/ausajpuntocritico\/2021\/10\/30\/de-camisa-vieja-a-chaqueta-nueva\/<\/span><\/span><\/p>\n<blockquote class=\"wp-embedded-content\" data-secret=\"pb6NTDAdUm\"><p><a href=\"https:\/\/puntocritico.com\/ausajpuntocritico\/2020\/04\/02\/osse-es-la-hora-y-tenemos-la-edad-la-masoneria-espanola-por-perez-galdos\/\">OSS\u00c9. \u00abEs la hora, y tenemos la edad\u00bb. La Masoner\u00eda espa\u00f1ola, por Benito P\u00e9rez Gald\u00f3s. Cuarenta a\u00f1os viajando y sin movernos de sitio, por AUSAJ<\/a><\/p><\/blockquote>\n<p><iframe loading=\"lazy\" class=\"wp-embedded-content\" sandbox=\"allow-scripts\" security=\"restricted\" style=\"position: absolute; visibility: hidden;\" title=\"\u00abOSS\u00c9. \u00abEs la hora, y tenemos la edad\u00bb. La Masoner\u00eda espa\u00f1ola, por Benito P\u00e9rez Gald\u00f3s. Cuarenta a\u00f1os viajando y sin movernos de sitio, por AUSAJ\u00bb \u2014 Punto Cr\u00edtico Derechos Humanos\" src=\"https:\/\/puntocritico.com\/ausajpuntocritico\/2020\/04\/02\/osse-es-la-hora-y-tenemos-la-edad-la-masoneria-espanola-por-perez-galdos\/embed\/#?secret=AY5crhaBej#?secret=pb6NTDAdUm\" data-secret=\"pb6NTDAdUm\" width=\"500\" height=\"282\" frameborder=\"0\" marginwidth=\"0\" marginheight=\"0\" scrolling=\"no\"><\/iframe><\/p>\n<p><span style=\"vertical-align: inherit;\"><span style=\"vertical-align: inherit;\">https:\/\/puntocritico.com\/ausajpuntocritico\/2023\/10\/21\/laurent-guyenot-9-11-and-israels-great-game\/<\/span><\/span><\/p>\n<p><span style=\"vertical-align: inherit;\"><span style=\"vertical-align: inherit;\">https:\/\/puntocritico.com\/ausajpuntocritico\/2019\/09\/25\/la-corrupcion-judicial-preludio-del-fascismo-yo-acuso-carta-a-monsieur-felix-faure-presidente-de-la-republica- por-emile-zola\/<\/span><\/span><\/p>\n<p><span style=\"vertical-align: inherit;\"><span style=\"vertical-align: inherit;\">https:\/\/puntocritico.com\/ausajpuntocritico\/2020\/01\/22\/espana-en-llamas-paralelismos-y-coincidencias-por-jesus-diaz-formoso-conversacion-con-carlos-tena\/<\/span><\/span><\/p>\n<p><span style=\"vertical-align: inherit;\"><span style=\"vertical-align: inherit;\">https:\/\/puntocritico.com\/ausajpuntocritico\/2020\/12\/24\/ppoe-la-hidra-de-cinco-cabezas-de-momento\/<\/span><\/span><\/p>\n<p><span style=\"vertical-align: inherit;\"><span style=\"vertical-align: inherit;\">https:\/\/puntocritico.com\/ausajpuntocritico\/2022\/04\/12\/nacionalismo-y-franquismo-el-regimen-del-78\/<\/span><\/span><\/p>\n<p>&nbsp;<\/p>\n<p>&nbsp;<\/p>\n<p><a href=\"https:\/\/puntocritico.com\/ausajpuntocritico\/author\/punto-critico\/\"><img loading=\"lazy\" decoding=\"async\" class=\"aligncenter wp-image-48\" src=\"https:\/\/puntocritico.com\/ausajpuntocritico\/wp-content\/uploads\/2016\/11\/Mosca_Punto_Cr\u00edtico_40.png\" alt=\"\" width=\"80\" height=\"80\" data-id=\"48\" \/><\/a><\/p>\n<p>&nbsp;<\/p>\n","protected":false},"excerpt":{"rendered":"<div class=\"mh-excerpt\"><p>ANIVERSARIO Y PRESCRIPCI\u00d3N DEL 11M &nbsp; HACE 20 A\u00d1OS 193 muertos y 2.000 heridos despu\u00e9s, y tantas y tantas mentiras despu\u00e9s, los atentados del 11 de marzo de 2004 van a prescribir este a\u00f1o. Se <a class=\"mh-excerpt-more\" href=\"https:\/\/puntocritico.com\/ausajpuntocritico\/2024\/03\/11\/aniversario-y-prescripcion-del-11-m\/\" title=\"ANIVERSARIO Y PRESCRIPCI\u00d3N DEL 11 M (2004-2024): La Doctrina del Shock en Espa\u00f1a: \u00abEstrenamos tiempo nuevo\u00bb (Rodr\u00edguez Zapatero, 2004)\">[&#8230;]<\/a><\/p>\n<\/div>","protected":false},"author":3,"featured_media":2295256,"comment_status":"closed","ping_status":"closed","sticky":false,"template":"","format":"standard","meta":{"_acf_changed":false,"_exactmetrics_skip_tracking":false,"_exactmetrics_sitenote_active":false,"_exactmetrics_sitenote_note":"","_exactmetrics_sitenote_category":0,"footnotes":""},"categories":[7],"tags":[],"class_list":{"0":"post-2295205","1":"post","2":"type-post","3":"status-publish","4":"format-standard","5":"has-post-thumbnail","7":"category-politica"},"acf":[],"_links":{"self":[{"href":"https:\/\/puntocritico.com\/ausajpuntocritico\/wp-json\/wp\/v2\/posts\/2295205","targetHints":{"allow":["GET"]}}],"collection":[{"href":"https:\/\/puntocritico.com\/ausajpuntocritico\/wp-json\/wp\/v2\/posts"}],"about":[{"href":"https:\/\/puntocritico.com\/ausajpuntocritico\/wp-json\/wp\/v2\/types\/post"}],"author":[{"embeddable":true,"href":"https:\/\/puntocritico.com\/ausajpuntocritico\/wp-json\/wp\/v2\/users\/3"}],"replies":[{"embeddable":true,"href":"https:\/\/puntocritico.com\/ausajpuntocritico\/wp-json\/wp\/v2\/comments?post=2295205"}],"version-history":[{"count":0,"href":"https:\/\/puntocritico.com\/ausajpuntocritico\/wp-json\/wp\/v2\/posts\/2295205\/revisions"}],"wp:featuredmedia":[{"embeddable":true,"href":"https:\/\/puntocritico.com\/ausajpuntocritico\/wp-json\/wp\/v2\/media\/2295256"}],"wp:attachment":[{"href":"https:\/\/puntocritico.com\/ausajpuntocritico\/wp-json\/wp\/v2\/media?parent=2295205"}],"wp:term":[{"taxonomy":"category","embeddable":true,"href":"https:\/\/puntocritico.com\/ausajpuntocritico\/wp-json\/wp\/v2\/categories?post=2295205"},{"taxonomy":"post_tag","embeddable":true,"href":"https:\/\/puntocritico.com\/ausajpuntocritico\/wp-json\/wp\/v2\/tags?post=2295205"}],"curies":[{"name":"wp","href":"https:\/\/api.w.org\/{rel}","templated":true}]}}