{"id":2294822,"date":"2024-03-13T00:05:27","date_gmt":"2024-03-12T23:05:27","guid":{"rendered":"https:\/\/puntocritico.com\/ausajpuntocritico\/?p=2294822"},"modified":"2024-10-16T20:18:55","modified_gmt":"2024-10-16T18:18:55","slug":"grandes-exitos-de-la-justicia-espanola-1978-2023-delitos-de-politicos","status":"publish","type":"post","link":"https:\/\/puntocritico.com\/ausajpuntocritico\/2024\/03\/13\/grandes-exitos-de-la-justicia-espanola-1978-2023-delitos-de-politicos\/","title":{"rendered":"GRANDES \u00c9XITOS DE LA JUSTICIA ESPA\u00d1OLA (1978 &#8211; 2023): DELITOS DE POL\u00cdTICOS: Una breve e incompleta lista, que puede explicar causas y efectos de los nombramientos arbitrarios de jueces (y muchas otras cosas)"},"content":{"rendered":"<h2 style=\"text-align: center;\"><span style=\"color: #008000; font-size: 18pt;\"><span style=\"vertical-align: inherit;\"><span style=\"vertical-align: inherit;\">GRANDES \u00c9XITOS DE LA JUSTICIA ESPA\u00d1OLA (1978 &#8211; 2023):\u00a0<\/span><\/span><span style=\"vertical-align: inherit;\">DELITOS DE POL\u00cdTICOS, LA VERDADERA PANDEMIA<\/span><\/span><\/h2>\n<p style=\"text-align: right;\"><strong><span style=\"font-size: 14pt; color: #008000;\">\u00ab<em>En este pa\u00eds, la mafia y la pol\u00edtica son lo mismo<\/em>\u00bb<\/span><\/strong><\/p>\n<p style=\"text-align: right;\"><strong><span style=\"font-size: 14pt; color: #008000;\">Lu\u00eds B\u00e1rcenas<\/span><\/strong><\/p>\n<p><img loading=\"lazy\" decoding=\"async\" class=\"aligncenter wp-image-2267945 size-full\" src=\"https:\/\/puntocritico.com\/ausajpuntocritico\/wp-content\/uploads\/2023\/03\/mafia-politica.jpg\" alt=\"\" width=\"320\" height=\"191\" data-id=\"2267945\" srcset=\"https:\/\/puntocritico.com\/ausajpuntocritico\/wp-content\/uploads\/2023\/03\/mafia-politica.jpg 320w, https:\/\/puntocritico.com\/ausajpuntocritico\/wp-content\/uploads\/2023\/03\/mafia-politica-300x179.jpg 300w\" sizes=\"auto, (max-width: 320px) 100vw, 320px\" \/><\/p>\n<p>&nbsp;<\/p>\n<p style=\"text-align: right;\"><em><span style=\"font-size: 14pt;\">\u00abUna persona no puede ser sometida mas que a las leyes que ella misma se da (ya a si sola, ya a s\u00ed al mismo tiempo que a otros)\u00bb<\/span><\/em><\/p>\n<p style=\"text-align: right;\"><em><span style=\"font-size: 14pt;\">\u00abUna cosa es lo que no es susceptible de ninguna imputaci\u00f3n. Todo objeto del libre arbitrio, que carece de libertad por si, se llama, pues, cosa (res corporalis)\u00bb<\/span><\/em><\/p>\n<p style=\"text-align: right;\"><span style=\"font-size: 14pt;\">Inmanuel Kant<\/span><\/p>\n<p><img loading=\"lazy\" decoding=\"async\" class=\"aligncenter wp-image-2295307\" src=\"https:\/\/puntocritico.com\/ausajpuntocritico\/wp-content\/uploads\/2024\/03\/Imperativo-categorico-OK-PPAL-4-300x169.jpg\" alt=\"\" width=\"400\" height=\"225\" data-id=\"2295307\" srcset=\"https:\/\/puntocritico.com\/ausajpuntocritico\/wp-content\/uploads\/2024\/03\/Imperativo-categorico-OK-PPAL-4-300x169.jpg 300w, https:\/\/puntocritico.com\/ausajpuntocritico\/wp-content\/uploads\/2024\/03\/Imperativo-categorico-OK-PPAL-4.jpg 678w\" sizes=\"auto, (max-width: 400px) 100vw, 400px\" \/><\/p>\n<p>&nbsp;<\/p>\n<p style=\"text-align: justify;\"><span style=\"color: #008000; font-size: 14pt;\">El Poder Judicial ha fracasado. La Corrupci\u00f3n lo invade todo. <\/span><\/p>\n<p style=\"text-align: justify;\"><span style=\"color: #008000; font-size: 14pt;\">La Corrupci\u00f3n de los que nombran a los Jueces no puede ser perseguida y sancionada por aqu\u00e9llos a quienes han nombrado ellos mismos (<em>nombrados, a menudo, sino siempre, para garantizar la impunidad de los Delitos DE Pol\u00edticos<\/em>), ni por quienes se encuentran sometidos al Poder Institucional de un Gobierno de los Jueces (CGPJ) que constituye un sustantivo, efectivo y real Comisariado Pol\u00edtico, que antepone su arbitraria voluntad a las leyes, precisamente en los Templos de la Justicia, en los Juzgados y Tribunales.<\/span><\/p>\n<p style=\"text-align: justify;\"><span style=\"color: #008000; font-size: 14pt;\">La Sociedad, inerme y desinformada, no puede hacer frente al Nuevo Totalitarismo Global. Mediante la implantaci\u00f3n de la m\u00e1xima competitividad, del Odio al otro, conseguimos alcanzar la Esclavitud para todos. La locura es colectiva.<\/span><\/p>\n<p style=\"text-align: justify;\"><span style=\"color: #008000; font-size: 14pt;\">Hemos perdido los Derechos Humanos. En realidad, hemos renunciado a ellos. Para quit\u00e1rselos al \u00ab<em>otro<\/em>\u00ab, hemos aceptado su p\u00e9rdida para todos, tambi\u00e9n para nosotros mismos.\u00a0 <\/span><\/p>\n<p style=\"text-align: justify;\"><span style=\"color: #008000; font-size: 14pt;\">El fin de la Libertad est\u00e1 servido. El olvido y el tiempo har\u00e1n el resto. <\/span><\/p>\n<p style=\"text-align: justify;\"><span style=\"color: #008000; font-size: 14pt;\">Con nuestro Consentimiento t\u00e1cito, con nuestra conformidad manifestada durante medio siglo en que siempre hemos votado masivamente para dar el poder a los Partidos Pol\u00edticos Corruptos, que son propios de un Estado, no de Derecho, sino de Corrupci\u00f3n (<em>Espa\u00f1a como territorio en el que la Corrupci\u00f3n es total, absoluta, que lo abarca todo; la Corrupci\u00f3n General Institucionalizada, como Forma de Estado: Corrupci\u00f3n Judicial, Policial, empresarial, medi\u00e1tica, desinformativa, pol\u00edtica, &#8230; corrupci\u00f3n de todo orden<\/em>)<\/span><\/p>\n<p style=\"text-align: justify;\"><span style=\"color: #008000; font-size: 14pt;\">Sacrificarse ya ha perdido todo sentido. La derrota es segura. Todo sufrimiento deviene est\u00e9ril. <\/span><\/p>\n<p style=\"text-align: justify;\"><span style=\"color: #008000; font-size: 14pt;\">Es el fin de los tiempos para el Individuo, que ya no es m\u00e1s un ente transcendente, ni un fin en si mismo, sino nada m\u00e1s que otro objeto al que\u00a0 dominar.<\/span><\/p>\n<p>&nbsp;<\/p>\n<p><img loading=\"lazy\" decoding=\"async\" class=\"aligncenter wp-image-2247721\" src=\"https:\/\/puntocritico.com\/ausajpuntocritico\/wp-content\/uploads\/2022\/05\/Selfie-del-fin-del-mundo-PPAL-300x199.jpg\" alt=\"\" width=\"400\" height=\"266\" data-id=\"2247721\" srcset=\"https:\/\/puntocritico.com\/ausajpuntocritico\/wp-content\/uploads\/2022\/05\/Selfie-del-fin-del-mundo-PPAL-300x199.jpg 300w, https:\/\/puntocritico.com\/ausajpuntocritico\/wp-content\/uploads\/2022\/05\/Selfie-del-fin-del-mundo-PPAL-610x405.jpg 610w, https:\/\/puntocritico.com\/ausajpuntocritico\/wp-content\/uploads\/2022\/05\/Selfie-del-fin-del-mundo-PPAL-678x452.jpg 678w, https:\/\/puntocritico.com\/ausajpuntocritico\/wp-content\/uploads\/2022\/05\/Selfie-del-fin-del-mundo-PPAL.jpg 680w\" sizes=\"auto, (max-width: 400px) 100vw, 400px\" \/><\/p>\n<p style=\"text-align: center;\"><span style=\"color: #008000; font-size: 18pt;\">***<\/span><\/p>\n<p><span style=\"vertical-align: inherit;\"><span style=\"vertical-align: inherit;\"><\/span><\/span><\/p>\n<div style=\"text-align: justify;\">\u00a0<\/div>\n<div style=\"text-align: right;\"><span style=\"font-size: 14pt;\">\u201c<em>Nos hemos encontrado un Estado convertido en una organizaci\u00f3n criminal dise\u00f1ada para que en cada permiso, en cada regulaci\u00f3n, en cada tr\u00e1mite y en cada operaci\u00f3n haya una coima para el pol\u00edtico de turno. Este esquema putrefacto est\u00e1 extendido a todos los poderes del Estado y en todos sus niveles, sustentado por medios de comunicaci\u00f3n que viven de la pauta oficial y formadores de opini\u00f3n ensobrados que miran para el otro lado o que eligen cuidadosamente a qui\u00e9n acusar y a qui\u00e9n no. Sustentado tambi\u00e9n por empresarios prebendarios que apoyan este modelo porque el retorno de pagar una coima es m\u00e1s tentador que el desaf\u00edo de competir en el mercado (\u2026) Es decir, un sistema corrupto que ha generado cientos de millones de d\u00f3lares de retorno que terminan en el bolsillo de los pol\u00edticos, un sistema en absoluta bancarrota moral e intr\u00ednsecamente injusto. Un sistema que solo puede generar pobres y a costa de ellos produce una casta privilegiada que vive como si fueran Monarcas<\/em>\u2026\u201d<\/span><\/div>\n<div>\u00a0<\/div>\n<div style=\"text-align: right;\"><strong><span style=\"font-size: 14pt;\">Javier Milei<\/span><\/strong><\/div>\n<div>\u00a0<\/div>\n<div style=\"text-align: center;\"><span style=\"font-size: 18pt;\"><strong><span style=\"color: #008000;\">*******<\/span><\/strong><\/span><\/div>\n<div>\n<blockquote>\n<h2 style=\"text-align: center;\"><span style=\"font-size: 24pt;\">KOLDO SE REUNI\u00d3 CON EL &#8216;N\u00daMERO DOS&#8217; DE LA GUARDIA CIVIL 40 D\u00cdAS ANTES DE SU DETENCI\u00d3N<\/span><\/h2>\n<p class=\"tno-general-single__article__header__excerpt\" style=\"text-align: center;\"><strong><span style=\"font-size: 14pt;\">Los pinchazos telef\u00f3nicos apuntan a que Koldo habr\u00eda tenido un encuentro con el DAO de la Guardia Civil el 10 de enero<\/span><\/strong><\/p>\n<p style=\"text-align: justify;\"><span style=\"font-size: 14pt;\">Por Enrique Recio<\/span><\/p>\n<p style=\"text-align: justify;\"><span style=\"font-size: 14pt;\"><a href=\"https:\/\/theobjective.com\/espana\/2024-03-08\/koldo-numero-dos-guardia-civil-40-dias-detencion\/\" target=\"_blank\" rel=\"noopener\">The Objective<\/a>, 8 MARZO 2024<\/span><\/p>\n<div class=\"tno-general-single__article__header__top\" style=\"text-align: center;\">\n<figure class=\"tno-post-image\">\n<div class=\"tno-post-image__wrapper tno-post-image__wrapper--article\"><picture><source srcset=\"https:\/\/theobjective.com\/wp-content\/uploads\/2024\/03\/koldo-y-el-dao.webp \" type=\"image\/webp\" \/><\/picture><\/div>\n<\/figure>\n<\/div>\n<\/blockquote>\n<\/div>\n<blockquote>\n<div style=\"text-align: center;\">\n<figure id=\"attachment_2295164\" aria-describedby=\"caption-attachment-2295164\" style=\"width: 440px\" class=\"wp-caption aligncenter\"><img loading=\"lazy\" decoding=\"async\" class=\"wp-image-2295164\" src=\"https:\/\/puntocritico.com\/ausajpuntocritico\/wp-content\/uploads\/2024\/03\/Koldo-y-el-DAO-300x182.png\" alt=\"\" width=\"440\" height=\"268\" data-id=\"2295164\" srcset=\"https:\/\/puntocritico.com\/ausajpuntocritico\/wp-content\/uploads\/2024\/03\/Koldo-y-el-DAO-300x182.png 300w, https:\/\/puntocritico.com\/ausajpuntocritico\/wp-content\/uploads\/2024\/03\/Koldo-y-el-DAO-768x467.png 768w, https:\/\/puntocritico.com\/ausajpuntocritico\/wp-content\/uploads\/2024\/03\/Koldo-y-el-DAO.png 880w\" sizes=\"auto, (max-width: 440px) 100vw, 440px\" \/><figcaption id=\"caption-attachment-2295164\" class=\"wp-caption-text\"><span style=\"color: #008000;\">El DAO de la Guardia Civil y Koldo Garc\u00eda. | Ilustraci\u00f3n: Alejandra Svriz<\/span><\/figcaption><\/figure>\n<\/div>\n<div>\u00a0<\/div>\n<div style=\"text-align: justify;\"><span style=\"font-size: 14pt;\">Las conversaciones intervenidas por la <strong>Unidad Central Operativa\u00a0<\/strong>(UCO) de la Guardia Civil en el marco de la investigaci\u00f3n que se sigue en la <em><strong>Audiencia Nacional<\/strong><\/em> por el <strong>caso de las mascarillas<\/strong> han arrojado nuevos datos sobre la relaci\u00f3n que presuntamente ten\u00edan el hombre de confianza de Jos\u00e9 Luis \u00c1balos y uno de los principales implicados en la trama, <strong>Koldo Garc\u00eda Izaguirre<\/strong>, y <em><strong>el director adjunto operativo (DAO) de la Guardia Civil<\/strong><\/em><strong><em>, el <\/em>teniente general<\/strong><strong>Manuel Llamas,\u00a0<\/strong>que fue designado en el puesto por el Ministerio del Interior\u00a0<a href=\"https:\/\/confilegal.com\/20231212-manuel-llamas-nuevo-director-adjunto-operativo-dao-de-la-guardia-civil\/\" target=\"_blank\" rel=\"noreferrer noopener\">el pasado 12 de diciembre<\/a>. Seg\u00fan revela\u00a0<a href=\"https:\/\/theobjective.com\/espana\/2024-03-01\/koldo-contacto-numero-dos-guardia-civil\/\" target=\"_blank\" rel=\"noreferrer noopener\">uno de los pinchazos telef\u00f3nicos<\/a>, ambos se habr\u00edan reunido el pasado 10 de enero, 40 d\u00edas antes de que <strong>Garc\u00eda<\/strong><strong>Izaguirre<\/strong> fuese detenido por la UCO en la <strong>operaci\u00f3n Delorme<\/strong>. \u00ab<em>Le he visto esta ma\u00f1ana<\/em>\u00bb, se\u00f1ala este \u00faltimo.<\/span><\/p>\n<p style=\"text-align: justify;\"><span style=\"font-size: 14pt;\">Es lo que se extrae de una conversaci\u00f3n de nueve minutos mantenida ese d\u00eda\u00a0<strong>en el restaurante La Chalana<\/strong>\u00a0por el propio <strong>Koldo<\/strong> con <strong>Jos\u00e9 Luis Rodr\u00edguez Garc\u00eda<\/strong>, el <strong>subteniente de la Guardia Civil<\/strong>, destinado en el complejo de Nuevos Ministerios, que tambi\u00e9n se habr\u00eda beneficiado de las comisiones por la adjudicaci\u00f3n de los contratos. En la misma conversaci\u00f3n, <strong>Rodr\u00edguez Garc\u00eda<\/strong> insiste al hombre de confianza de \u00c1balos que la empresa de pizarras, en la que figura como \u00ab<em><strong>director de explotaci\u00f3n<\/strong><\/em>\u00bb y que la trama habr\u00eda utilizado para blanquear parte de las mordidas, est\u00e1 atravesando un problema. En concreto, habla de\u00a0<a href=\"https:\/\/theobjective.com\/espana\/2024-03-01\/koldo-contacto-numero-dos-guardia-civil\/\" target=\"_blank\" rel=\"noopener\" data-schema-attribute=\"\">un inconveniente con una cantera y el Servicio de Protecci\u00f3n de la Naturaleza (<strong>Seprona<\/strong>) del Instituto Armado<\/a>.<\/span><\/p>\n<\/div>\n<p>&nbsp;<\/p>\n<p style=\"text-align: center;\"><span style=\"font-size: 14pt;\"><strong><span style=\"color: #008000;\">Se trata del teniente general Manuel Llamas, el actual\u00a0<em>n\u00famero dos<\/em>\u00a0de la Guardia Civil<\/span><\/strong><\/span><\/p>\n<p>&nbsp;<\/p>\n<div>\n<p style=\"text-align: justify;\"><span style=\"font-size: 14pt;\">\u00ab<em>No te puedes ni imaginar, el Seprona nos ha insultado con lo que est\u00e1n haciendo y me preguntan\u2026 si t\u00fa sigues teniendo algo con<\/em>\u2026\u00bb, interpela el guardia civil al hombre de confianza de <strong>\u00c1balos<\/strong>.\u00a0<strong>\u00ab<em>Hombre, claro, s\u00ed, pero para un guardia no va a hablar con Fernando, hablo con Manolo Llamas que, en fin, es el general<\/em>\u2026\u00bb<\/strong>, responde <strong>Koldo<\/strong>. Conforme avanza la conversaci\u00f3n, ambos aclaran que se trata del <strong>teniente general Manuel Llamas<\/strong>, el actual\u00a0<em>n\u00famero dos<\/em>\u00a0de la Guardia Civil. Es m\u00e1s, <strong>Garc\u00eda Izaguirre<\/strong> intenta demostrar cercan\u00eda con el mando: \u00ab<em>Estuvo conmigo en Pamplona y en Ir\u00fan (\u2026) Lo han cambiado hace un mes\u2026<\/em>\u00bb.<\/span><\/p>\n<div class=\"tno-related-block\">\n<div class=\"tno-related-block__wrapper\">\n<h3 id=\"h-en-una-cena-con-abalos\" class=\"wp-block-heading\" style=\"text-align: center;\"><span style=\"font-size: 18pt;\">En una cena con \u00c1balos<\/span><\/h3>\n<p style=\"text-align: justify;\"><span style=\"font-size: 14pt;\">El <strong>subteniente de la Guardia Civil<\/strong> sigue insistiendo en la cuesti\u00f3n y vuelve a preguntar a <strong>Koldo<\/strong> si \u00ab<em>manda en la zona de Le\u00f3n<\/em>\u00bb, donde se entiende que est\u00e1 ubicada la cantera de pizarras. \u00ab<em>Mandan en toda la\u2026<\/em>\u00bb, responde el asesor de \u00c1balos, tras lo que se compromete a llamarlo para solucionar la cuesti\u00f3n que afecta a la compa\u00f1\u00eda de la trama, <strong>Comercializadora Pizarras Santa B\u00e1rbara SL.<\/strong> \u00ab<em>Llamo a Manolo<\/em>\u00bb, dice. No obstante, la charla entre ambos contin\u00faa, mientras parecen esperar al exministro <strong>Jos\u00e9 Luis \u00c1balos Meco<\/strong>, seg\u00fan apunta su mano derecha en la <strong>conversaci\u00f3n intervenida por la Guardia Civil<\/strong>.\u00a0<\/span><\/p>\n<p style=\"text-align: justify;\"><span style=\"font-size: 14pt;\">\u00ab<em>Ahora cuando venga este\u2026<\/em>\u00bb, dice <strong>Garc\u00eda Izaguirre<\/strong> en relaci\u00f3n al exministro, que supuestamente acud\u00eda esa noche a <em><strong>La Chalana<\/strong><\/em>. <strong>Koldo<\/strong> responde as\u00ed a <strong>Jos\u00e9 Luis Garc\u00eda<\/strong> cuando trata de convencerle de que invierta en la empresa. \u00ab<em>La inversi\u00f3n que aporte, inversi\u00f3n no porque lo va a recuperar (\u2026) Si t\u00fa ves la nave, flipas. Tiene 200 metros de largo, 6.000 metros de\u2026, todo lleno de m\u00e1quinas. Tengo siete sierras para cortar la piedra. Y todo eso aqu\u00ed, lo que te cuente es poco<\/em>\u00bb, apunta.\u00a0<\/span><\/p>\n<h3 id=\"h-koldo-lo-he-visto-esta-manana\" class=\"wp-block-heading\" style=\"text-align: center;\"><span style=\"font-size: 18pt;\">Koldo: \u00ab<em>Lo he visto esta ma\u00f1ana<\/em>\u00bb<\/span><\/h3>\n<p style=\"text-align: justify;\"><span style=\"font-size: 14pt;\"><strong>Rodr\u00edguez Garc\u00eda <\/strong>revela a<strong> Koldo<\/strong> que est\u00e1 atravesando dificultades con otros socios, en concreto con <strong>V\u00edctor de Aldama <\/strong>y<strong> Juan Carlos Cueto<\/strong>: \u00ab<em>T\u00edo, yo soy un puto se\u00f1or, soy buena persona<\/em>\u00bb. \u00ab<em>De esto tampoco dudas<\/em>\u00bb, le dice <strong>Koldo<\/strong>. \u00ab\u2026<em> no qued\u00f3 ni un alma y se largaron, y apareci\u00f3 a los 15 d\u00edas\u2026 si doy la palabra la cumplo<\/em>\u00bb. \u00ab<em>Te est\u00e1n sacando los ojos\u2026<\/em>\u00bb, le replica <strong>Garc\u00eda Izaguirre<\/strong>. En este punto de la conversaci\u00f3n, el guardia civil hace referencia al exministro, seg\u00fan la UCO: \u00ab<em>Jos\u00e9<\/em>\u2026\u00bb, para que, se entiende, <strong>intermedie para solucionar sus problemas con el Seprona<\/strong>.<\/span><\/p>\n<p style=\"text-align: justify;\"><span style=\"font-size: 14pt;\">\u00ab<em>Jos\u00e9 viene ahora despu\u00e9s<\/em>\u00bb. \u00ab<em>Dame un poco de margen. Yo ma\u00f1ana por la ma\u00f1ana te llamo. D\u00e9jame que haga esta noche que si no, te llamo a las 11\u2026<\/em>\u00bb, le comenta el asesor de \u00c1balos. A lo que el guardia civil le responde: \u00ab<em>Me puedes llamar a las tres de la ma\u00f1ana (\u2026) Importante\u2026 con la Guardia Civil\u2026<\/em>\u00bb. Y es cuando, ante la insistencia, <strong>Koldo Garc\u00eda<\/strong> vuelve a mencionar al DAO del Instituto Armado y dice que se habr\u00eda visto con \u00e9l ese d\u00eda, aunque no precisa el motivo:\u00a0<strong>\u00ab<em>Manolo Llamas\u2026 co\u00f1o, pero le he visto esta ma\u00f1ana<\/em>\u00bb.\u00a0<\/strong>Cabe destacar que el asesor de \u00c1balos, que en esa \u00e9poca ya no estaba en el Gobierno, y otra veintena de personas fueron detenidos solo cuarenta d\u00edas despu\u00e9s.<\/span><\/p>\n<div class=\"tno-related-block\">\n<div class=\"tno-related-block__wrapper\">\n<figure class=\"tno-related-block__image\"><a href=\"https:\/\/theobjective.com\/espana\/2024-03-07\/guardia-civil-suspende-comandante-koldo\/\" aria-label=\"Lee m\u00e1s sobre: La Guardia Civil suspende de funciones al comandante vinculado al &#039;caso Koldo&#039;\" target=\"_blank\" rel=\"noopener\"><picture><source srcset=\"https:\/\/theobjective.com\/wp-content\/uploads\/2024\/03\/imagen-archivo-guardia-civil-469x317.webp \" type=\"image\/webp\" \/><\/picture><\/a><\/figure>\n<\/div>\n<\/div>\n<\/div>\n<\/div>\n<\/div>\n<div>\n<h3 id=\"h-blanqueo\" class=\"wp-block-heading\" style=\"text-align: center;\"><span style=\"font-size: 18pt;\">Blanqueo<\/span><\/h3>\n<p style=\"text-align: justify;\"><span style=\"font-size: 14pt;\">Tras esto, <strong>Jos\u00e9 Luis Rodr\u00edguez Garc\u00eda<\/strong> sigue intentando persuadir a <strong>Koldo<\/strong> para que este \u00faltimo y, seg\u00fan deja entender, el ministro se interesen por la cantera de Le\u00f3n. \u00ab<em>T\u00fa dile que s\u00ed, que tiene proyecto,\u2026 y que tienes m\u00e1ximo inter\u00e9s, adem\u00e1s a tener margen de negocio\u2026<\/em>\u00bb. <strong>Comercializadora Pizarras Santa B\u00e1rbara SL<\/strong> ha cobrado especial relevancia en el caso que investiga el juez de la <em><strong>Audiencia Nacional<\/strong><\/em>, <strong>Ismael Moreno<\/strong>.<\/span><\/p>\n<p style=\"text-align: justify;\"><span style=\"font-size: 14pt;\">La empresa, constituida por los dos cerebros de la trama, J<strong>uan Carlos Cueto <\/strong>y<strong> V\u00edctor de Aldama<\/strong>, y que estos \u00faltimos habr\u00edan dejado en manos del <strong>subteniente de la Guardia Civil Rodr\u00edguez Garc\u00eda<\/strong>, habr\u00eda sido utilizada por la organizaci\u00f3n para desviar parte de las comisiones ilegales obtenidas con los contratos adjudicados\u00a0<strong>Soluciones de Gesti\u00f3n y Apoyo a la Empresa SL<\/strong>, el proveedor favorito de material sanitario del exministro\u00a0Jos\u00e9 Luis \u00c1balos\u00a0durante la pandemia.<\/span><\/p>\n<\/div>\n<div>\u00a0<\/div>\n<div>\u00a0<\/div>\n<div>\n<figure id=\"attachment_13790\" aria-describedby=\"caption-attachment-13790\" style=\"width: 440px\" class=\"wp-caption aligncenter\"><a href=\"https:\/\/puntocritico.com\/ausajpuntocritico\/2018\/08\/28\/la-policia-es-mia-en-entredicho-la-actuacion-de-la-guardia-civil-en-el-caso-donana-1998-que-investiga-el-juez-pedraz\/\"><img loading=\"lazy\" decoding=\"async\" class=\"wp-image-13790\" src=\"https:\/\/puntocritico.com\/ausajpuntocritico\/wp-content\/uploads\/2018\/08\/Foto-Luc\u00eda-Mu\u00f1oz-702x336-1-300x169.jpg\" alt=\"\" width=\"440\" height=\"247\" data-id=\"13790\" srcset=\"https:\/\/puntocritico.com\/ausajpuntocritico\/wp-content\/uploads\/2018\/08\/Foto-Luc\u00eda-Mu\u00f1oz-702x336-1-300x169.jpg 300w, https:\/\/puntocritico.com\/ausajpuntocritico\/wp-content\/uploads\/2018\/08\/Foto-Luc\u00eda-Mu\u00f1oz-702x336-1-267x150.jpg 267w, https:\/\/puntocritico.com\/ausajpuntocritico\/wp-content\/uploads\/2018\/08\/Foto-Luc\u00eda-Mu\u00f1oz-702x336-1.jpg 678w\" sizes=\"auto, (max-width: 440px) 100vw, 440px\" \/><\/a><figcaption id=\"caption-attachment-13790\" class=\"wp-caption-text\"><a href=\"https:\/\/puntocritico.com\/ausajpuntocritico\/2018\/08\/28\/la-policia-es-mia-en-entredicho-la-actuacion-de-la-guardia-civil-en-el-caso-donana-1998-que-investiga-el-juez-pedraz\/\"><span style=\"color: #008000;\">ESCLAVITUD EN HUELVA: \u201cLa Polic\u00eda es m\u00eda\u201d, en entredicho la actuaci\u00f3n de la Guardia Civil en el \u2018caso Do\u00f1ana 1998\u2019 que investiga el juez Pedraz<\/span><\/a><\/figcaption><\/figure>\n<\/div>\n<div>\u00a0<\/div>\n<div style=\"text-align: center;\"><strong><span style=\"color: #008000; font-size: 18pt;\"><span style=\"vertical-align: inherit;\">*******<\/span><\/span><\/strong><\/div>\n<\/blockquote>\n<div>\n<div class=\"elementor-element elementor-element-532f972 elementor-widget elementor-widget-heading\" data-id=\"532f972\" data-element_type=\"widget\" data-widget_type=\"heading.default\">\n<div class=\"elementor-widget-container\">\n<blockquote>\n<div class=\"elementor-heading-title elementor-size-default\" style=\"text-align: justify;\"><span style=\"color: #008000; font-size: 14pt;\">EL INSPECTOR JEFE QUE LIDER\u00d3 LA INVESTIGACI\u00d3N DEL CASO HA DENUNCIADO A VARIOS AGENTES<\/span><\/div>\n<\/blockquote>\n<\/div>\n<\/div>\n<\/div>\n<blockquote>\n<div>\n<div class=\"elementor-element elementor-element-5bef02f elementor-widget elementor-widget-theme-post-title elementor-page-title elementor-widget-heading\" data-id=\"5bef02f\" data-element_type=\"widget\" data-widget_type=\"theme-post-title.default\">\n<div class=\"elementor-widget-container\">\n<h2 style=\"text-align: center;\"><span style=\"font-size: 24pt;\">ROBAN DE UNA CAJA FUERTE DE LA POLIC\u00cdA LOS TEL\u00c9FONOS DEL \u2018MEDIADOR\u2019 DEL CASO \u2018TITO BERNI\u2019<\/span><\/h2>\n<\/div>\n<\/div>\n<\/div>\n<div style=\"text-align: justify;\"><span style=\"font-size: 14pt;\"><a href=\"https:\/\/gaceta.es\/espana\/roban-de-una-caja-fuerte-de-la-policia-los-telefonos-del-mediador-del-caso-tito-berni-20240311-1033\/\" target=\"_blank\" rel=\"noopener\">Gaceta<\/a>, 11 MARZO 2024<\/span><\/div>\n<div>\n<figure id=\"attachment_2295348\" aria-describedby=\"caption-attachment-2295348\" style=\"width: 440px\" class=\"wp-caption aligncenter\"><img loading=\"lazy\" decoding=\"async\" class=\"wp-image-2295348\" src=\"https:\/\/puntocritico.com\/ausajpuntocritico\/wp-content\/uploads\/2024\/03\/EuropaPress_5301456_ex_diputado_psoe_juan_bernardo_fuentes_curbelo_alias_tito_berni_llegada-1.jpg-300x200.webp\" alt=\"\" width=\"440\" height=\"293\" data-id=\"2295348\" srcset=\"https:\/\/puntocritico.com\/ausajpuntocritico\/wp-content\/uploads\/2024\/03\/EuropaPress_5301456_ex_diputado_psoe_juan_bernardo_fuentes_curbelo_alias_tito_berni_llegada-1.jpg-300x200.webp 300w, https:\/\/puntocritico.com\/ausajpuntocritico\/wp-content\/uploads\/2024\/03\/EuropaPress_5301456_ex_diputado_psoe_juan_bernardo_fuentes_curbelo_alias_tito_berni_llegada-1.jpg-1024x683.webp 1024w, https:\/\/puntocritico.com\/ausajpuntocritico\/wp-content\/uploads\/2024\/03\/EuropaPress_5301456_ex_diputado_psoe_juan_bernardo_fuentes_curbelo_alias_tito_berni_llegada-1.jpg-768x512.webp 768w, https:\/\/puntocritico.com\/ausajpuntocritico\/wp-content\/uploads\/2024\/03\/EuropaPress_5301456_ex_diputado_psoe_juan_bernardo_fuentes_curbelo_alias_tito_berni_llegada-1.jpg.webp 1200w\" sizes=\"auto, (max-width: 440px) 100vw, 440px\" \/><figcaption id=\"caption-attachment-2295348\" class=\"wp-caption-text\"><span style=\"color: #008000;\">El exdiputado del PSOE Juan Bernardo Fuentes Curbelo, alias &#8216;Tito Berni&#8217;. Europa Press<\/span><\/figcaption><\/figure>\n<\/div>\n<div>\u00a0<\/div>\n<div>\n<p style=\"text-align: justify;\"><span style=\"font-size: 14pt;\"><strong>Los tel\u00e9fonos m\u00f3viles de Antonio Navarro Tacoronte<\/strong>\u00a0(alias\u00a0<em>El Mediador<\/em>)\u00a0<strong>fueron sustra\u00eddos<\/strong>, presuntamente por otros agentes de la Polic\u00eda Nacional y sin su permiso,\u00a0de la caja fuerte del despacho que ocupaba\u00a0el entonces jefe de la Brigada Provincial de la Polic\u00eda Judicial, Francisco Moar.<\/span><\/p>\n<p style=\"text-align: justify;\"><span style=\"font-size: 14pt;\">El inspector jefe que lider\u00f3 la investigaci\u00f3n\u00a0<strong>ha denunciado a varios agentes<\/strong>\u00a0y ha remitido una queja contra la juez ante el Consejo General del Poder Judicial (CGPJ), de la que hoy ofrece detalles\u00a0<em>The Objective<\/em>.<\/span><\/p>\n<\/div>\n<div>\n<p style=\"text-align: justify;\"><span style=\"font-size: 14pt;\">Esta revelaci\u00f3n que puede\u00a0<strong>poner en duda la fiabilidad de la cadena de custodia de los dos dispositivos del Mediador<\/strong>, importantes para la investigaci\u00f3n, puesto que sobre los audios, fotograf\u00edas, documentos y mensajes almacenados en su interior se bas\u00f3 inicialmente la investigaci\u00f3n contra el exdiputado del PSOE\u00a0<strong>Juan Bernardo Fuertes Curbelo<\/strong>\u00a0y otra veintena de personas por presuntos delitos de corrupci\u00f3n.<\/span><\/p>\n<p style=\"text-align: justify;\"><span style=\"font-size: 14pt;\">El inspector jefe, que fue apartado del\u00a0<em><a href=\"https:\/\/gaceta.es\/espana\/la-trama-del-tito-berni-quien-es-quien-en-el-caso-mediador-20230301-0700\/\" target=\"_blank\" rel=\"noopener\" data-schema-attribute=\"\">caso Tito Berni<\/a><\/em>\u00a0en abril de 2023, se ha<strong>\u00a0querellado por presunta denuncia falsa contra siete de los agentes del Grupo de Delitos Tecnol\u00f3gicos\u00a0<\/strong>integrado en la Brigada Provincial de Santa Cruz de Tenerife, quienes a d\u00eda de hoy permanecen al frente de las pesquisas.<\/span><\/p>\n<p style=\"text-align: justify;\"><span style=\"font-size: 14pt;\">Tambi\u00e9n ha remitido una queja ante el\u00a0CGPJ\u00a0en la que denuncia una<strong>\u00a0supuesta relaci\u00f3n de \u00abamistad \u00edntima\u00bb entre la juez Lorenzo C\u00e1ceres y el jefe del Grupo de Delitos Tecnol\u00f3gicos<\/strong>\u00a0de la Brigada Provincial de Santa Cruz de Tenerife, Jos\u00e9 Antonio Bueno.<\/span><\/p>\n<\/div>\n<div>\u00a0<\/div>\n<\/blockquote>\n<div>\u00a0<\/div>\n<div><img loading=\"lazy\" decoding=\"async\" class=\"aligncenter wp-image-2288727\" src=\"https:\/\/puntocritico.com\/ausajpuntocritico\/wp-content\/uploads\/2023\/10\/Robar-no-es-siempre-ilegal.jpg\" alt=\"\" width=\"330\" height=\"282\" data-id=\"2288727\" \/><\/div>\n<div style=\"text-align: center;\"><strong><span style=\"color: #008000; font-size: 18pt;\"><span style=\"vertical-align: inherit;\">*******<\/span><\/span><\/strong><\/div>\n<div>\n<div class=\"default-title\">\n<blockquote>\n<h2 style=\"text-align: center;\" align=\"center\"><span style=\"font-size: 24pt;\">LA JUSTICIA BLINDA LA OPACIDAD DEL GOBIERNO EN EL RESCATE DE AIR EUROPA<\/span><\/h2>\n<\/blockquote>\n<\/div>\n<blockquote>\n<div class=\"default-epigraph\">\n<div id=\"m46565-46564-46566\" class=\"c-detail__subtitle \">\n<p style=\"text-align: center;\"><strong><span style=\"font-size: 14pt;\">Transparencia ha pedido a Hacienda hasta en tres ocasiones que aporte informaci\u00f3n sobre las ayudas a la aerol\u00ednea<\/span><\/strong><\/p>\n<\/div>\n<\/div>\n<\/blockquote>\n<\/div>\n<blockquote>\n<div style=\"text-align: justify;\"><span style=\"font-size: 14pt;\">Por Jos\u00e9 Rosado\u00a0<\/span><\/div>\n<div style=\"text-align: justify;\"><span style=\"font-size: 14pt;\"><a href=\"https:\/\/www.eldebate.com\/economia\/20240307\/justicia-blinda-opacidad-gobierno-rescate-air-europa_179883.html\" target=\"_blank\" rel=\"noopener\">El Debate<\/a>, 7 FEB 2024<\/span><\/div>\n<div><a href=\"https:\/\/puntocritico.com\/ausajpuntocritico\/2024\/03\/04\/mascarillas-miedo-y-aviones\/\"><img loading=\"lazy\" decoding=\"async\" class=\"aligncenter wp-image-2294611\" src=\"https:\/\/puntocritico.com\/ausajpuntocritico\/wp-content\/uploads\/2024\/03\/Abalos-y-Armengol-PPAL-300x169.jpg\" alt=\"\" width=\"480\" height=\"270\" data-id=\"2294611\" srcset=\"https:\/\/puntocritico.com\/ausajpuntocritico\/wp-content\/uploads\/2024\/03\/Abalos-y-Armengol-PPAL-300x169.jpg 300w, https:\/\/puntocritico.com\/ausajpuntocritico\/wp-content\/uploads\/2024\/03\/Abalos-y-Armengol-PPAL.jpg 678w\" sizes=\"auto, (max-width: 480px) 100vw, 480px\" \/><\/a><\/div>\n<div style=\"text-align: justify;\">\n<p class=\"entry-title\" style=\"text-align: center;\"><span style=\"font-size: 12pt;\"><a href=\"https:\/\/puntocritico.com\/ausajpuntocritico\/2024\/03\/04\/mascarillas-miedo-y-aviones\/\"><span style=\"color: #008000;\"><strong>MASCARILLAS, MIEDO Y AVIONES: <\/strong><\/span><\/a><\/span><\/p>\n<p class=\"entry-title\" style=\"text-align: center;\"><a href=\"https:\/\/puntocritico.com\/ausajpuntocritico\/2024\/03\/04\/mascarillas-miedo-y-aviones\/\"><span style=\"color: #008000; font-size: 12pt;\"><strong>Un negocio de 100.000 muertos<\/strong><\/span><\/a><\/p>\n<p class=\"mh-meta entry-meta\">\u00a0<\/p>\n<\/div>\n<div style=\"text-align: justify;\"><span style=\"font-size: 14pt;\">El <a href=\"https:\/\/www.eldebate.com\/economia\/20240306\/rescate-air-europa-ayuda-expres-implicacion-abalos-cuya-particion-esquivo-bruselas_179544.html\" target=\"_blank\" rel=\"noopener\" data-mrf-link=\"https:\/\/www.eldebate.com\/economia\/20240306\/rescate-air-europa-ayuda-expres-implicacion-abalos-cuya-particion-esquivo-bruselas_179544.html\" data-schema-attribute=\"\">rescate p\u00fablico de Air Europa<\/a>\u00a0pudo ser el origen del\u00a0<i>caso Koldo<\/i>, seg\u00fan reconoce Hacienda en uno de los informes que envi\u00f3 al juez encargado de la investigaci\u00f3n. Sin embargo, este mismo Ministerio lleva a\u00f1os neg\u00e1ndose a dar detalles de la operaci\u00f3n a pesar de los muchos requerimientos de Transparencia y el caso acab\u00f3 en los tribunales, donde un juzgado\u00a0<b>ha dado la raz\u00f3n al Ejecutivo<\/b>. <\/span><\/div>\n<div style=\"text-align: justify;\">\u00a0<\/div>\n<div style=\"text-align: justify;\"><span style=\"font-size: 14pt;\">El Consejo de Transparencia y Buen Gobierno acept\u00f3 parcialmente las reclamaciones de un ciudadano para que el Gobierno aportara todos los datos relativos al rescate de Air Europa y hasta en <b>tres ocasiones<\/b> remiti\u00f3 la petici\u00f3n al Ejecutivo. <\/span><\/div>\n<div style=\"text-align: justify;\">\u00a0<\/div>\n<div style=\"text-align: justify;\"><span style=\"font-size: 14pt;\">Esta instituci\u00f3n consider\u00f3 que deb\u00eda ser reclamada debido al \u00abelevado inter\u00e9s p\u00fablico\u00bb de la informaci\u00f3n elaborada \u00aben el marco de un procedimiento de concesi\u00f3n de ayudas p\u00fablicas a una entidad empresarial con cargo al Fondo de apoyo a la solvencia de empresas estrat\u00e9gicas\u00bb.<\/span><\/div>\n<div style=\"text-align: center;\">\u00a0<\/div>\n<div style=\"text-align: center;\">\n<div class=\"paragraph\" style=\"text-align: justify;\" data-mrf-recirculation=\"Enlaces p\u00e1rrafos\"><span style=\"font-size: 14pt;\">Transparencia se refiere al mecanismo de ayuda a las empresas de la SEPI que en 2020 aprob\u00f3 una ayuda de\u00a0<b>475 millones<\/b>\u00a0de euros para la aerol\u00ednea. La ayuda se dividi\u00f3 en un cr\u00e9dito participativo de 240 millones y otro ordinario por 235 con el objetivo de eludir el control de la Comisi\u00f3n Europea, que exige al Estado dar cuenta de operaciones por encima de los 250 millones de euros. Adem\u00e1s, la compa\u00f1\u00eda de\u00a0<b>Juan Jos\u00e9 Hidalgo<\/b> recibi\u00f3 un pr\u00e9stamo avalado por el ICO de 140 millones de euros. <\/span><\/div>\n<div style=\"text-align: justify;\" data-mrf-recirculation=\"Enlaces p\u00e1rrafos\">\u00a0<\/div>\n<div class=\"paragraph\" style=\"text-align: justify;\" data-mrf-recirculation=\"Enlaces p\u00e1rrafos\"><span style=\"font-size: 14pt;\">La \u00faltima resoluci\u00f3n de Transparencia fue recurrida por la SEPI el pasado a\u00f1o ante el Juzgado Central de los Contencioso-Administrativo n\u00famero 7, que dio la raz\u00f3n al ente p\u00fablico al entender que no se ajusta al derecho.<\/span><\/div>\n<\/div>\n<div style=\"text-align: justify;\" data-mrf-recirculation=\"Enlaces p\u00e1rrafos\">\u00a0<\/div>\n<div style=\"text-align: justify;\" data-mrf-recirculation=\"Enlaces p\u00e1rrafos\"><span style=\"font-size: 14pt;\">En la sentencia, el tribunal aduce que el decreto-ley de medidas extraordinarias \u2013aprobado al inicio de la pandemia\u2013 establece que la informaci\u00f3n en poder de la gestora del fondo creado para evitar la quiebra de empresas estrat\u00e9gicas \u00abtendr\u00e1 car\u00e1cter reservado y, con las excepciones previstas en la normativa vigente, no podr\u00e1n ser divulgados a ninguna persona o autoridad, ni utilizados con finalidades distintas de aquellas para las que fueron obtenidos\u00bb. <\/span><\/div>\n<div style=\"text-align: justify;\" data-mrf-recirculation=\"Enlaces p\u00e1rrafos\">\u00a0<\/div>\n<div style=\"text-align: justify;\" data-mrf-recirculation=\"Enlaces p\u00e1rrafos\"><span style=\"font-size: 14pt;\">El Consejo, no conforme con esta sentencia, ha interpuesto un recurso de apelaci\u00f3n ante la Audiencia Nacional, aunque todav\u00eda no se ha pronunciado.<\/span><\/div>\n<div data-mrf-recirculation=\"Enlaces p\u00e1rrafos\">\u00a0<\/div>\n<div>\n<h3 class=\"subtitle\" style=\"text-align: center;\"><span style=\"font-size: 18pt;\">Origen del caso Koldo<\/span><\/h3>\n<div class=\"paragraph\" style=\"text-align: justify;\" data-mrf-recirculation=\"Enlaces p\u00e1rrafos\"><span style=\"font-size: 14pt;\">Hacienda, que se niega a proporcionar informaci\u00f3n sobre la operaci\u00f3n de Air Europa, cree que el caso Koldo pudo iniciarse precisamente durante el rescate de la aerol\u00ednea. En un informe enviado al juez encargado de la investigaci\u00f3n, la Agencia Tributaria apunta a que\u00a0<b>V\u00edctor de Aldama<\/b>, uno de los supuestos cabecillas de la trama, habr\u00eda trabajado como asesor de Globalia \u2013matriz de Air Europa\u2013 durante la concesi\u00f3n de las ayudas.\u00a0<\/span><\/div>\n<div style=\"text-align: justify;\" data-mrf-recirculation=\"Enlaces p\u00e1rrafos\">\u00a0<\/div>\n<div class=\"paragraph\" style=\"text-align: justify;\" data-mrf-recirculation=\"Enlaces p\u00e1rrafos\"><span style=\"font-size: 14pt;\">En el documento, Hacienda considerar que Aldama aprovech\u00f3 la \u00abcercan\u00eda\u00bb a algunos funcionarios durante el rescate para colocar las mascarillas que dieron origen al caso de corrupci\u00f3n.<\/span><\/div>\n<\/div>\n<div>\u00a0<\/div>\n<div><a href=\"https:\/\/puntocritico.com\/ausajpuntocritico\/2021\/04\/22\/corrupcion-judicial-el-iuez-si-iudga-tuerto-tolero-una-republica-corrompida-que-asegure-los-derechos-de-los-ciudadanos-pero-jamas-aceptare-una-dictadura-sin-ning\/\"><img loading=\"lazy\" decoding=\"async\" class=\"aligncenter wp-image-2289078\" src=\"https:\/\/puntocritico.com\/ausajpuntocritico\/wp-content\/uploads\/2023\/10\/Elogio-Jueces-300x262.jpg\" alt=\"\" width=\"330\" height=\"288\" data-id=\"2289078\" srcset=\"https:\/\/puntocritico.com\/ausajpuntocritico\/wp-content\/uploads\/2023\/10\/Elogio-Jueces-300x262.jpg 300w, https:\/\/puntocritico.com\/ausajpuntocritico\/wp-content\/uploads\/2023\/10\/Elogio-Jueces.jpg 500w\" sizes=\"auto, (max-width: 330px) 100vw, 330px\" \/><\/a><\/div>\n<div>\u00a0<\/div>\n<div style=\"text-align: center;\"><strong><span style=\"color: #008000; font-size: 18pt;\">*******<\/span><\/strong><\/div>\n<h2 style=\"text-align: center;\" align=\"center\"><span style=\"font-size: 24.0pt;\"><span style=\"vertical-align: inherit;\"><span style=\"vertical-align: inherit;\">EL CHIVATO DEL CASO KOLDO ES UN COMANDANTE DE LA GUARDIA CIVIL, PREMIADO CON UN DESTINO EN VENEZUELA HACE UN MES<\/span><\/span><\/span><\/h2>\n<p class=\"voc-subtitle\" style=\"text-align: center;\"><strong><span style=\"font-size: 14pt;\"><span style=\"vertical-align: inherit;\"><span style=\"vertical-align: inherit;\">El juez le imputa cohecho y organizaci\u00f3n criminal y lo deja en libertad con medidas cautelares.\u00a0<\/span><\/span><\/span><\/strong><\/p>\n<p class=\"voc-subtitle\" style=\"text-align: center;\"><strong><span style=\"font-size: 14pt;\"><span style=\"vertical-align: inherit;\"><span style=\"vertical-align: inherit;\">Estuvo destinado durante a\u00f1os en los servicios antiterroristas y es amigo personal de Koldo.<\/span><\/span><\/span><\/strong><\/p>\n<div style=\"text-align: justify;\"><span style=\"font-size: 14pt;\"><span style=\"vertical-align: inherit;\"><span style=\"vertical-align: inherit;\">Por Cruz Morcillo y Pablo Mu\u00f1oz<\/span><\/span><\/span><\/div>\n<div style=\"text-align: justify;\"><span style=\"font-size: 14pt;\"><a href=\"https:\/\/www.abc.es\/espana\/juez-koldo-deja-libertad-guardia-civil-investigado-20240306144313-nt.html\" target=\"_blank\" rel=\"noopener\"><span style=\"vertical-align: inherit;\"><span style=\"vertical-align: inherit;\">ABC<\/span><\/span><\/a><span style=\"vertical-align: inherit;\"><span style=\"vertical-align: inherit;\"> , 6 DE MARZO DE 2024<\/span><\/span><\/span><\/div>\n<div>\n<figure id=\"attachment_2294879\" aria-describedby=\"caption-attachment-2294879\" style=\"width: 440px\" class=\"wp-caption aligncenter\"><img loading=\"lazy\" decoding=\"async\" class=\"wp-image-2294879\" src=\"https:\/\/puntocritico.com\/ausajpuntocritico\/wp-content\/uploads\/2024\/03\/guardias-ku3C-U601428365489Y0B-1200x840@diario_abc-300x210.webp\" alt=\"\" width=\"440\" height=\"308\" data-id=\"2294879\" srcset=\"https:\/\/puntocritico.com\/ausajpuntocritico\/wp-content\/uploads\/2024\/03\/guardias-ku3C-U601428365489Y0B-1200x840@diario_abc-300x210.webp 300w, https:\/\/puntocritico.com\/ausajpuntocritico\/wp-content\/uploads\/2024\/03\/guardias-ku3C-U601428365489Y0B-1200x840@diario_abc-1024x717.webp 1024w, https:\/\/puntocritico.com\/ausajpuntocritico\/wp-content\/uploads\/2024\/03\/guardias-ku3C-U601428365489Y0B-1200x840@diario_abc-768x538.webp 768w, https:\/\/puntocritico.com\/ausajpuntocritico\/wp-content\/uploads\/2024\/03\/guardias-ku3C-U601428365489Y0B-1200x840@diario_abc.webp 1200w\" sizes=\"auto, (max-width: 440px) 100vw, 440px\" \/><figcaption id=\"caption-attachment-2294879\" class=\"wp-caption-text\"><span style=\"color: #008000;\"><span style=\"vertical-align: inherit;\"><span style=\"vertical-align: inherit;\">Imagen de recurso de la Guardia Civil ABC<\/span><\/span><\/span><\/figcaption><\/figure>\n<\/div>\n<div>\u00a0<\/div>\n<div>\u00a0<\/div>\n<\/blockquote>\n<div>\n<blockquote>\n<p class=\"voc-p\" style=\"text-align: justify;\"><span style=\"font-size: 14pt;\"><span style=\"vertical-align: inherit;\"><span style=\"vertical-align: inherit;\">El chivato -o al menos uno de ellos- que inform\u00f3 a la trama de Koldo de que la UCO les estaba investigando es un comandante de la Guardia Civil, Rub\u00e9n VC destinado durante a\u00f1os en los servicios centrales de Informaci\u00f3n. <\/span><span style=\"vertical-align: inherit;\">Desde hace poco m\u00e1s de un mes estaba asignado a la Embajada de Espa\u00f1a en Venezuela. <\/span><span style=\"vertical-align: inherit;\">Su nombre apareci\u00f3 en las escuchas telef\u00f3nicas y m\u00e1s tarde los investigadores confirmaron que hab\u00eda accedido a bases de datos de car\u00e1cter reservados e informado a Koldo Garc\u00eda, amigo personal del mando, de las pesquisas. <\/span><span style=\"vertical-align: inherit;\">El lunes sus compa\u00f1eros lo detuvieron y registraron su vivienda en C\u00f3rdoba donde reside su familia.<\/span><\/span><\/span><\/p>\n<p class=\"voc-p\" style=\"text-align: justify;\"><span style=\"font-size: 14pt;\"><span style=\"vertical-align: inherit;\"><span style=\"vertical-align: inherit;\">Hab\u00eda regresado de Caracas con un permiso de paternidad pero en los pr\u00f3ximos d\u00edas ten\u00eda previsto volver a su destino. <\/span><span style=\"vertical-align: inherit;\">El juez de la Audiencia Nacional que investiga el caso Koldo lo ha puesto en libertad tras acordar con \u00e9l la presentaci\u00f3n en la Audiencia Nacional. <\/span><span style=\"vertical-align: inherit;\">Le atribuye delitos de pertenencia a\u00a0 <\/span><\/span><strong><span style=\"vertical-align: inherit;\"><span style=\"vertical-align: inherit;\">organizaci\u00f3n criminal y cohecho.\u00a0<\/span><\/span><\/strong><span style=\"vertical-align: inherit;\"><span style=\"vertical-align: inherit;\">El magistrado le ha impuesto como medidas cautelares la prohibici\u00f3n de abandonar el territorio nacional y la retirada de pasaporte.<\/span><\/span><\/span><\/p>\n<p class=\"voc-p\" style=\"text-align: justify;\"><span style=\"font-size: 14pt;\"><span style=\"vertical-align: inherit;\"><span style=\"vertical-align: inherit;\">La sospecha es que el comandante no solo habr\u00eda revelado los datos de la investigaci\u00f3n a la trama, sino que tambi\u00e9n\u00a0 <\/span><\/span><strong><span style=\"vertical-align: inherit;\"><span style=\"vertical-align: inherit;\">habr\u00eda participado en el presunto cobro de comisiones<\/span><\/span><\/strong><span style=\"vertical-align: inherit;\"><span style=\"vertical-align: inherit;\"> \u00a0por la venta de mascarillas, seg\u00fan fuentes de la investigaci\u00f3n consultadas por ABC. <\/span><span style=\"vertical-align: inherit;\">Este extremo se est\u00e1 analizando tras la incautaci\u00f3n de material en la vivienda del mando y el estudio de sus cuentas bancarias.<\/span><\/span><\/span><\/p>\n<p class=\"voc-p\" style=\"text-align: justify;\"><span style=\"font-size: 14pt;\"><span style=\"vertical-align: inherit;\"><span style=\"vertical-align: inherit;\">El comandante, destacado tanto en la lucha contra la banda terrorista ETA como posteriormente contra el yihadismo, ha declarado este mi\u00e9rcoles ante el titular del Juzgado Central de Instrucci\u00f3n N\u00famero 2 en el marco de una l\u00ednea de investigaci\u00f3n secreta en la que se investigan delitos relacionados con el presunto cobro de\u00a0 <\/span><\/span><a title=\"comisiones por la venta de mascarillas\" href=\"https:\/\/www.abc.es\/espana\/plan-gobierno-baleares-recuperar-dinero-pago-armengol-20240306133940-nt.html\" target=\"_blank\" rel=\"noopener\" data-voc-vtm-id=\"in-text-traffic\" data-mrf-link=\"https:\/\/www.abc.es\/espana\/plan-gobierno-baleares-recuperar-dinero-pago-armengol-20240306133940-nt.html\" data-schema-attribute=\"\"><span style=\"vertical-align: inherit;\"><span style=\"vertical-align: inherit;\">comisiones por la venta de mascarillas<\/span><\/span><\/a><span style=\"vertical-align: inherit;\"><span style=\"vertical-align: inherit;\"> .<\/span><\/span><\/span><\/p>\n<p class=\"voc-p\" style=\"text-align: justify;\"><span style=\"font-size: 14pt;\"><span style=\"vertical-align: inherit;\"><span style=\"vertical-align: inherit;\">La sombra del chivatazo persigue esta investigaci\u00f3n, como inform\u00f3 ABC. <\/span><span style=\"vertical-align: inherit;\">El propio asesor del exministro, Koldo Garc\u00eda, cont\u00f3 a su hermano Joseba en octubre del a\u00f1o pasado, cuatro meses antes de ser detenido, que agentes de la Unidad Central Operativa de la Guardia Civil estaban investigando al menos a su hermano ya un total de 27 personas, \u00abdetr\u00e1s de joder a Jos\u00e9 Luis\u00bb.<\/span><\/span><\/span><\/p>\n<p class=\"voc-p\" style=\"text-align: justify;\"><span style=\"font-size: 14pt;\"><span style=\"vertical-align: inherit;\"><span style=\"vertical-align: inherit;\">La conversaci\u00f3n est\u00e1 transcrita en uno de los oficios de esta unidad de \u00e9lite incorporadas al sumario del caso que se sigue en el Juzgado Central de Instrucci\u00f3n n\u00famero 2 de la Audiencia Nacional al que tuvo acceso ABC. <\/span><span style=\"vertical-align: inherit;\">Tuvo lugar en el restaurante epicentro de la trama, la marisquer\u00eda madrile\u00f1a La Chalana, despu\u00e9s de que el empresario investigado Juan Carlos Cueto abandonase el local tras reunirse con los dos hermanos.<\/span><\/span><\/span><\/p>\n<p class=\"voc-p\" style=\"text-align: justify;\"><span style=\"font-size: 14pt;\"><span style=\"vertical-align: inherit;\"><span style=\"vertical-align: inherit;\">\u00abAhora viene la Guardia Civil a verme y vienen tambi\u00e9n de la UCO para explicarme que no me pusieron el seguimiento a m\u00ed\u00bb, dice Koldo a su hermano. <\/span><span style=\"vertical-align: inherit;\">Le explica que \u00abera en el seguimiento de Izaskun y era al padre\u00bb, personas que no se identifican en el oficio policial y a\u00f1ade que estaban \u00abdetr\u00e1s de joder a Jos\u00e9 Luis, detr\u00e1s del Secretario de Estado, detr\u00e1s del&#8230; hay, me parece que son 27 personas las cuales est\u00e1n siguiendo\u00bb.<\/span><\/span><\/span><\/p>\n<div class=\"voc-c-container\">\n<h3 class=\"voc-d-c__s-title\" style=\"text-align: justify;\"><span style=\"vertical-align: inherit;\"><span style=\"vertical-align: inherit;\">La UCO audit\u00f3 sus propias bases de datos<\/span><\/span><\/h3>\n<\/div>\n<p class=\"voc-p\" style=\"text-align: justify;\"><span style=\"font-size: 14pt;\"><span style=\"vertical-align: inherit;\"><span style=\"vertical-align: inherit;\">\u00abPero han venido&#8230; que s\u00f3lo me siguen a m\u00ed\u00bb, contesta Joseba. <\/span><span style=\"vertical-align: inherit;\">\u00abT\u00fa eres tonto&#8230; es que eres gilipollas. <\/span><span style=\"vertical-align: inherit;\">Pues esos me los he tra\u00eddo esta noche para ver&#8230;, lo que m\u00e1s me interesa es mantener la distancia, somos dos y que no se te vea a ti. <\/span><span style=\"vertical-align: inherit;\">Delante&#8230;y no nos miramos porque voy a estar en una direcci\u00f3n particular\u00bb, le replica Koldo Garc\u00eda.<\/span><\/span><\/span><\/p>\n<div id=\"wms-intext-multi1\" class=\"wms-intext\">\n<div id=\"sm-it-main-container-1709740392524\" class=\"sm-it-main-container\" style=\"text-align: justify;\" data-it=\"d03cd130-8ea5-47b0-bc36-0143afa37f3b\" data-device=\"desktop\" data-index=\"0\"><span style=\"font-size: 14pt;\"><span style=\"vertical-align: inherit;\"><span style=\"vertical-align: inherit;\">Los investigadores dieron plena credibilidad a estas afirmaciones porque seg\u00fan recoge un informe de la Fiscal\u00eda Anticorrupci\u00f3n, \u00abhabida cuenta de que esta informaci\u00f3n podr\u00eda venir de alg\u00fan tipo de filtraci\u00f3n proveniente de la propia Guardia Civil\u00bb, los agentes de la UCO que llevaban el caso procedieron a \u00abauditar todas aquellas bases de datos a las que se tiene acceso y en las que se encuentra cualquier tipo de informaci\u00f3n relativa a la investigaci\u00f3n\u00bb.<\/span><\/span><\/span><\/div>\n<\/div>\n<p class=\"voc-p\" style=\"text-align: justify;\"><span style=\"font-size: 14pt;\"><span style=\"vertical-align: inherit;\"><span style=\"vertical-align: inherit;\">\u00abBases de datos referentes a sistemas de investigaci\u00f3n, veh\u00edculos oficiales empleados por los investigadores o las propias bases de datos de recursos humanos en las que figuran datos de car\u00e1cter personal de los propios investigadores\u00bb, concreta el dictamen.<\/span><\/span><\/span><\/p>\n<p class=\"voc-p\" style=\"text-align: justify;\"><span style=\"font-size: 14pt;\"><span style=\"vertical-align: inherit;\"><span style=\"vertical-align: inherit;\">Esas bases fueron consultadas por el comandante, seg\u00fan comprobaron los agentes, que luego transmiti\u00f3 la informaci\u00f3n a su amigo Koldo.<\/span><\/span><\/span><\/p>\n<p class=\"voc-p\" style=\"text-align: justify;\"><span style=\"font-size: 14pt;\"><span style=\"vertical-align: inherit;\"><span style=\"vertical-align: inherit;\">La principal consecuencia de aquella informaci\u00f3n que compartieron Koldo y su hermano es que ambos se pusieron a intentar \u00abrevertir actuaciones notariales\u00bb que hab\u00edan sido apuntadas por al Guardia Civil \u00abcomo indicios del incremento patrimonial de Koldo y su entorno\u00bb fruto de presuntas comisiones a cambio de interceder para que la empresa \u00abinstrumental\u00bb Soluciones de Gesti\u00f3n se llevase hasta 53 millones de euros en contratos p\u00fablicos de mascarillas.<\/span><\/span><\/span><\/p>\n<p style=\"text-align: justify;\"><span style=\"font-size: 14pt;\"><span style=\"vertical-align: inherit;\"><span style=\"vertical-align: inherit;\">El magistrado acord\u00f3 abrir esta pieza \u2013cuyo secreto ha levantado hoy mismo\u2013 para investigar varias cuentas bancarias y practicar un nuevo registro. <\/span><span style=\"vertical-align: inherit;\">Todo ello en el marco del caso Koldo, denominado as\u00ed por Koldo Garc\u00eda, el exasesor y exescolta del que fuera ministro Jos\u00e9 Luis \u00c1balos.<\/span><\/span><\/span><\/p>\n<\/blockquote>\n<\/div>\n<div>\u00a0<\/div>\n<div>\u00a0<\/div>\n<div>\n<figure id=\"attachment_2294890\" aria-describedby=\"caption-attachment-2294890\" style=\"width: 440px\" class=\"wp-caption aligncenter\"><img loading=\"lazy\" decoding=\"async\" class=\"wp-image-2294890\" src=\"https:\/\/puntocritico.com\/ausajpuntocritico\/wp-content\/uploads\/2024\/03\/Piramide-judicial-espanola-1.jpg\" alt=\"\" width=\"440\" height=\"270\" data-id=\"2294890\" \/><figcaption id=\"caption-attachment-2294890\" class=\"wp-caption-text\"><span style=\"color: #008000;\"><span style=\"vertical-align: inherit;\"><span style=\"vertical-align: inherit;\">La Pir\u00e1mide Judicial espa\u00f1ola<\/span><\/span><\/span><\/figcaption><\/figure>\n<\/div>\n<blockquote>\n<div style=\"text-align: center;\"><strong><span style=\"color: #008000; font-size: 18pt;\"><span style=\"vertical-align: inherit;\"><span style=\"vertical-align: inherit;\"><span style=\"vertical-align: inherit;\">*******<\/span><\/span><\/span><\/span><\/strong><\/div>\n<div>\n<h2 style=\"text-align: center;\" align=\"center\"><span style=\"font-size: 24.0pt;\"><span style=\"vertical-align: inherit;\"><span style=\"vertical-align: inherit;\">LUIS MEDINA, ALBERTO LUCE\u00d1O Y EL PRIMO DE ALMEIDA: EL CASO DE LAS COMISIONES POR LAS MASCARILLAS DEL AYUNTAMIENTO DE MADRID<\/span><\/span><\/span><\/h2>\n<div class=\"articleList\">\n<p class=\"articleSubtitle\" style=\"text-align: center;\"><strong><span style=\"font-size: 14pt;\"><span style=\"vertical-align: inherit;\"><span style=\"vertical-align: inherit;\">Conoce aqu\u00ed todo lo que se sabe sobre el caso de las comisiones por las mascarillas, guantes y material sanitario del Ayuntamiento de Madrid.<\/span><\/span><\/span><\/strong><\/p>\n<\/div>\n<\/div>\n<div style=\"text-align: justify;\"><span style=\"font-size: 14pt;\"><a href=\"https:\/\/www.ondacero.es\/emisoras\/comunidad-madrid\/madrid\/noticias\/luis-medina-alberto-luceno-primo-almeida-caso-comisiones-mascarillas-ayuntamiento-madrid_20220407624eb05b2dc8df00010b1d2b.html\" target=\"_blank\" rel=\"noopener\"><span style=\"vertical-align: inherit;\"><span style=\"vertical-align: inherit;\">Onda Cero<\/span><\/span><\/a><span style=\"vertical-align: inherit;\"><span style=\"vertical-align: inherit;\"> , 7 DE ABRIL DE 2022<\/span><\/span><\/span><\/div>\n<div>\n<figure id=\"attachment_2294880\" aria-describedby=\"caption-attachment-2294880\" style=\"width: 480px\" class=\"wp-caption aligncenter\"><img loading=\"lazy\" decoding=\"async\" class=\"wp-image-2294880\" src=\"https:\/\/puntocritico.com\/ausajpuntocritico\/wp-content\/uploads\/2024\/03\/alcalde-madrid-jose-luis-martinez-almeida_97-300x169.webp\" alt=\"\" width=\"480\" height=\"270\" data-id=\"2294880\" srcset=\"https:\/\/puntocritico.com\/ausajpuntocritico\/wp-content\/uploads\/2024\/03\/alcalde-madrid-jose-luis-martinez-almeida_97-300x169.webp 300w, https:\/\/puntocritico.com\/ausajpuntocritico\/wp-content\/uploads\/2024\/03\/alcalde-madrid-jose-luis-martinez-almeida_97-1024x576.webp 1024w, https:\/\/puntocritico.com\/ausajpuntocritico\/wp-content\/uploads\/2024\/03\/alcalde-madrid-jose-luis-martinez-almeida_97-768x432.webp 768w, https:\/\/puntocritico.com\/ausajpuntocritico\/wp-content\/uploads\/2024\/03\/alcalde-madrid-jose-luis-martinez-almeida_97-1536x864.webp 1536w, https:\/\/puntocritico.com\/ausajpuntocritico\/wp-content\/uploads\/2024\/03\/alcalde-madrid-jose-luis-martinez-almeida_97-678x381.webp 678w, https:\/\/puntocritico.com\/ausajpuntocritico\/wp-content\/uploads\/2024\/03\/alcalde-madrid-jose-luis-martinez-almeida_97-1320x743.webp 1320w, https:\/\/puntocritico.com\/ausajpuntocritico\/wp-content\/uploads\/2024\/03\/alcalde-madrid-jose-luis-martinez-almeida_97.webp 1600w\" sizes=\"auto, (max-width: 480px) 100vw, 480px\" \/><figcaption id=\"caption-attachment-2294880\" class=\"wp-caption-text\"><span style=\"color: #008000;\"><span style=\"vertical-align: inherit;\"><span style=\"vertical-align: inherit;\">El alcalde de Madrid, Jos\u00e9 Luis Mart\u00ednez Almeida | <\/span><span style=\"vertical-align: inherit;\">EFE\/Juan Carlos Hidalgo<\/span><\/span><\/span><\/figcaption><\/figure>\n<\/div>\n<div>\u00a0<\/div>\n<div><span style=\"font-size: 14pt; text-align: justify;\"><span style=\"vertical-align: inherit;\"><span style=\"vertical-align: inherit;\">La <\/span><\/span><\/span><b style=\"font-size: 14pt; text-align: justify;\"><span style=\"vertical-align: inherit;\"><span style=\"vertical-align: inherit;\">pandemia del coronavirus, <\/span><\/span><\/b><span style=\"font-size: 14pt; text-align: justify;\"><span style=\"vertical-align: inherit;\"><span style=\"vertical-align: inherit;\">\u00a0que comenz\u00f3 en marzo de 2020, ha causado muchos estragos en la vida de todo el mundo. <\/span><span style=\"vertical-align: inherit;\">Adem\u00e1s de\u00a0 <\/span><\/span><\/span><b style=\"font-size: 14pt; text-align: justify;\"><span style=\"vertical-align: inherit;\"><span style=\"vertical-align: inherit;\">causar millas de muertes <\/span><\/span><\/b><span style=\"font-size: 14pt; text-align: justify;\"><span style=\"vertical-align: inherit;\"><span style=\"vertical-align: inherit;\">, ha provocado que <\/span><\/span><\/span><b style=\"font-size: 14pt; text-align: justify;\"><span style=\"vertical-align: inherit;\"><span style=\"vertical-align: inherit;\">\u00a0muchas personas\u00a0 <\/span><\/span><\/b><span style=\"font-size: 14pt; text-align: justify;\"><span style=\"vertical-align: inherit;\"><span style=\"vertical-align: inherit;\">tengan que\u00a0 <\/span><\/span><\/span><b style=\"font-size: 14pt; text-align: justify;\"><span style=\"vertical-align: inherit;\"><span style=\"vertical-align: inherit;\">cerrar sus negocios <\/span><\/span><\/b><span style=\"font-size: 14pt; text-align: justify;\"><span style=\"vertical-align: inherit;\"><span style=\"vertical-align: inherit;\">\u00a0y, por el lado contrario, que <\/span><\/span><\/span><b style=\"font-size: 14pt; text-align: justify;\"><span style=\"vertical-align: inherit;\"><span style=\"vertical-align: inherit;\">\u00a0otros muchos se enriquecen\u00a0 <\/span><\/span><\/b><span style=\"font-size: 14pt; text-align: justify;\"><span style=\"vertical-align: inherit;\"><span style=\"vertical-align: inherit;\">considerablemente gracias a las nuevas necesidades que surgieron, como la\u00a0 <\/span><\/span><\/span><b style=\"font-size: 14pt; text-align: justify;\"><span style=\"vertical-align: inherit;\"><span style=\"vertical-align: inherit;\">venta de mascarillas o material de protecci\u00f3n <\/span><\/span><\/b><span style=\"font-size: 14pt; text-align: justify;\"><span style=\"vertical-align: inherit;\"><span style=\"vertical-align: inherit;\">\u00a0frente al Covid. -19.<\/span><\/span><\/span><\/div>\n<\/blockquote>\n<div>\n<div class=\"layoutSidebar\">\n<div class=\"layoutSidebar_primary\">\n<div class=\"layoutSidebar_primary_content\">\n<article class=\"articleContainer\">\n<div class=\"articleContent\">\n<blockquote>\n<p class=\"articleParagraph\" style=\"text-align: justify;\"><span style=\"font-size: 14pt;\"><span style=\"vertical-align: inherit;\"><span style=\"vertical-align: inherit;\">Este es el caso, presuntamente, de <\/span><\/span><b><span style=\"vertical-align: inherit;\"><span style=\"vertical-align: inherit;\">\u00a0Luis Medina Abascal<\/span><\/span><\/b><span style=\"vertical-align: inherit;\"><span style=\"vertical-align: inherit;\"> , hijo del duque de Feria y de Nati Abascal y un amigo,\u00a0 <\/span><\/span><b><span style=\"vertical-align: inherit;\"><span style=\"vertical-align: inherit;\">Alberto Luce\u00f1o<\/span><\/span><\/b><span style=\"vertical-align: inherit;\"><span style=\"vertical-align: inherit;\"> , que consiguieron altas comisiones del Ayuntamiento de Madrid, con el que se pusieron en contacto gracias a\u00a0 <\/span><\/span><b><span style=\"vertical-align: inherit;\"><span style=\"vertical-align: inherit;\">Carlos Mart\u00ednez-Almeida<\/span><\/span><\/b><span style=\"vertical-align: inherit;\"><span style=\"vertical-align: inherit;\"> . primo del alcalde de la capital, Jos\u00e9 Luis Mart\u00ednez-Almeida.<\/span><\/span><\/span><\/p>\n<h3 class=\"article-title-1\" style=\"text-align: justify;\"><span style=\"vertical-align: inherit;\"><span style=\"vertical-align: inherit;\">Una comisi\u00f3n de seis millones de d\u00f3lares.<\/span><\/span><\/h3>\n<p class=\"articleParagraph\" style=\"text-align: justify;\"><span style=\"font-size: 14pt;\"><span style=\"vertical-align: inherit;\"><span style=\"vertical-align: inherit;\">En concreto, la\u00a0 <\/span><\/span><a title=\"Fiscal\u00eda Anticorrupci\u00f3n se ha querellado\" href=\"https:\/\/www.ondacero.es\/emisoras\/comunidad-madrid\/madrid\/anticorrupcion-querella-luis-medina-otro-empresario-presuntamente-llevarse-comisiones-contratos-ayuntamiento-madrid_20220406624d93a08c9d5000015022d4.html\" target=\"_blank\" rel=\"noopener\" data-schema-attribute=\"\"><span style=\"vertical-align: inherit;\"><span style=\"vertical-align: inherit;\">Fiscal\u00eda Anticorrupci\u00f3n se ha querrellado<\/span><\/span><\/a><span style=\"vertical-align: inherit;\"><span style=\"vertical-align: inherit;\"> \u00a0contra Medina y Luce\u00f1o por delitos de <\/span><\/span><b><span style=\"vertical-align: inherit;\"><span style=\"vertical-align: inherit;\">\u00a0agravada, falsedad en documento mercantil y blanqueo de capitales,\u00a0<\/span><\/span><\/b><span style=\"vertical-align: inherit;\"><span style=\"vertical-align: inherit;\"> porque supuestamente\u00a0 <\/span><\/span><b><span style=\"vertical-align: inherit;\"><span style=\"vertical-align: inherit;\">cobraron una comisi\u00f3n entre los dos de seis millones de d\u00f3lares<\/span><\/span><\/b><span style=\"vertical-align: inherit;\"><span style=\"vertical-align: inherit;\"> \u00a0por unas contrataciones por las que\u00a0 <\/span><\/span><b><span style=\"vertical-align: inherit;\"><span style=\"vertical-align: inherit;\">el consistorio madrile\u00f1o.<\/span><\/span><\/b><span style=\"vertical-align: inherit;\"><span style=\"vertical-align: inherit;\"> . <\/span><span style=\"vertical-align: inherit;\">Por ello, Anticorrupci\u00f3n ha solicitado que se abra una investigaci\u00f3n penal, que finalmente ha <\/span><\/span><b><span style=\"vertical-align: inherit;\"><span style=\"vertical-align: inherit;\">\u00a0aceptado y asumido el juzgado 47 de Madrid<\/span><\/span><\/b><span style=\"vertical-align: inherit;\"><span style=\"vertical-align: inherit;\"> .<\/span><\/span><\/span><\/p>\n<p class=\"articleParagraph\" style=\"text-align: justify;\"><span style=\"font-size: 14pt;\"><span style=\"vertical-align: inherit;\"><span style=\"vertical-align: inherit;\">Seg\u00fan parece, los dos empresarios actuaron con \u00e1nimo de <\/span><\/span><b><span style=\"vertical-align: inherit;\"><span style=\"vertical-align: inherit;\">\u00a0\u00abobtener un beneficio econ\u00f3mico exagerado e injustificado<\/span><\/span><\/b><span style=\"vertical-align: inherit;\"><span style=\"vertical-align: inherit;\"> \u00ab<\/span><\/span><b><\/b><span style=\"vertical-align: inherit;\"><span style=\"vertical-align: inherit;\">por la venta\u00a0 <\/span><\/span><b><span style=\"vertical-align: inherit;\"><span style=\"vertical-align: inherit;\">un mill\u00f3n de mascarillas, 2,5 millones de guantes y 250.000 test de autodiagn\u00f3stico\u00a0<\/span><\/span><\/b><span style=\"vertical-align: inherit;\"><span style=\"vertical-align: inherit;\"> r\u00e1pido al Ayuntamiento de Madrid. <\/span><span style=\"vertical-align: inherit;\">Seg\u00fan Anticorrupci\u00f3n, <\/span><\/span><b><span style=\"vertical-align: inherit;\"><span style=\"vertical-align: inherit;\">\u00a0Luis Medina se llev\u00f3 un mill\u00f3n de d\u00f3lares y Alberto Luce\u00f1o cinco<\/span><\/span><\/b><span style=\"vertical-align: inherit;\"><span style=\"vertical-align: inherit;\"> , dinero que les ha permitido comprar coches de alta gama, relojes de lujo e inmuebles con dinero p\u00fablico, aprovech\u00e1ndose de \u00bb <\/span><\/span><b><span style=\"vertical-align: inherit;\"><span style=\"vertical-align: inherit;\">su condici\u00f3n de personaje conocido en la vida p\u00fablica<\/span><\/span><\/b><span style=\"vertical-align: inherit;\"><span style=\"vertical-align: inherit;\"> \u00ab.<\/span><\/span><\/span><\/p>\n<p class=\"articleParagraph\" style=\"text-align: justify;\"><span style=\"font-size: 14pt;\"><span style=\"vertical-align: inherit;\"><span style=\"vertical-align: inherit;\">Asimismo, en la querella tambi\u00e9n se se\u00f1ala que para conseguir la operaci\u00f3n\u00a0 <\/span><\/span><b><span style=\"vertical-align: inherit;\"><span style=\"vertical-align: inherit;\">Luis Medina se aprovech\u00f3\u00a0<\/span><\/span><\/b><span style=\"vertical-align: inherit;\"><span style=\"vertical-align: inherit;\"> de <\/span><\/span><b><span style=\"vertical-align: inherit;\"><span style=\"vertical-align: inherit;\">\u00a0\u00absu amistad con un familiar del alcalde de Madrid\u00bb<\/span><\/span><\/b><span style=\"vertical-align: inherit;\"><span style=\"vertical-align: inherit;\"> , seg\u00fan explican se tratar\u00eda de\u00a0 <\/span><\/span><b><span style=\"vertical-align: inherit;\"><span style=\"vertical-align: inherit;\">Carlos Mart\u00ednez-Almeida<\/span><\/span><\/b><span style=\"vertical-align: inherit;\"><span style=\"vertical-align: inherit;\"> , primo de Jos\u00e9 Luis Mart\u00ednez-Almeida.<\/span><\/span><\/span><\/p>\n<p class=\"articleParagraph\" style=\"text-align: justify;\"><span style=\"font-size: 14pt;\"><span style=\"vertical-align: inherit;\"><span style=\"vertical-align: inherit;\">Al parecer, una vez los empresarios consiguieron\u00a0 <\/span><\/span><b><span style=\"vertical-align: inherit;\"><span style=\"vertical-align: inherit;\">contactar con la coordinadora General de Presupuestos y Recursos Humanos\u00a0<\/span><\/span><\/b><span style=\"vertical-align: inherit;\"><span style=\"vertical-align: inherit;\"> del Ayuntamiento de Madrid, fue\u00a0 <\/span><\/span><b><span style=\"vertical-align: inherit;\"><span style=\"vertical-align: inherit;\">Luce\u00f1o el que centraliz\u00f3 las operaciones,\u00a0<\/span><\/span><\/b><span style=\"vertical-align: inherit;\"><span style=\"vertical-align: inherit;\"> present\u00e1ndose como\u00a0 <\/span><\/span><b><span style=\"vertical-align: inherit;\"><span style=\"vertical-align: inherit;\">\u00abexperto en importaci\u00f3n de productos procedentes del mercado asi\u00e1tico,<\/span><\/span><\/b><span style=\"vertical-align: inherit;\"><span style=\"vertical-align: inherit;\"> \u00a0con f\u00e1bricas en China a su disposici\u00f3n, y como agente exclusivo de la empresa malaya EEE, a trav\u00e9s de la cual se iba a realizar la importaci\u00f3n\u00bb. <\/span><span style=\"vertical-align: inherit;\">Asimismo, asegur\u00f3 que su intenci\u00f3n era <\/span><\/span><b><span style=\"vertical-align: inherit;\"><span style=\"vertical-align: inherit;\">\u00a0\u00abcolaborar en la lucha contra la pandemia\u00bb<\/span><\/span><\/b><span style=\"vertical-align: inherit;\"><span style=\"vertical-align: inherit;\"> .<\/span><\/span><\/span><\/p>\n<h3 class=\"article-title-1\" style=\"text-align: justify;\"><span style=\"vertical-align: inherit;\"><span style=\"vertical-align: inherit;\">Coches de alta gama, inmuebles, relojes de lujo, yates,etc.<\/span><\/span><\/h3>\n<p class=\"articleParagraph\" style=\"text-align: justify;\"><span style=\"font-size: 14pt;\"><span style=\"vertical-align: inherit;\"><span style=\"vertical-align: inherit;\">Afirmaciones de Anticorrupci\u00f3n desmiente porque \u00aben realidad, <\/span><\/span><b><span style=\"vertical-align: inherit;\"><span style=\"vertical-align: inherit;\">\u00a0ni ten\u00eda experiencia significativa en negocios de importaci\u00f3n ni dispon\u00eda de f\u00e1bricas en China,\u00a0<\/span><\/span><\/b><span style=\"vertical-align: inherit;\"><span style=\"vertical-align: inherit;\"> del mismo modo que tampoco era agente exclusivo de ninguna empresa malaya ni actuaba movido por ninguna intenci\u00f3n altruista, como se ver\u00e1 a continuaci\u00f3n\u00bb , ya que sostienen que con los cinco millones que se llev\u00f3 de comisi\u00f3n, Luce\u00f1o se compr\u00f3, facturando a trav\u00e9s de una sociedad en la que es administrador \u00fanico,\u00a0 <\/span><\/span><b><span style=\"vertical-align: inherit;\"><span style=\"vertical-align: inherit;\">tres Rolex<\/span><\/span><\/b><span style=\"vertical-align: inherit;\"><span style=\"vertical-align: inherit;\"> \u00a0valorados en 42.000 euros,\u00a0 <\/span><\/span><b><span style=\"vertical-align: inherit;\"><span style=\"vertical-align: inherit;\">ocho coches<\/span><\/span><\/b><span style=\"vertical-align: inherit;\"><span style=\"vertical-align: inherit;\"> \u00a0de marcas conocidas como\u00a0 <\/span><\/span><b><span style=\"vertical-align: inherit;\"><span style=\"vertical-align: inherit;\">Aston Martin, Ferrari, Mercedes, o BMW<\/span><\/span><\/b><span style=\"vertical-align: inherit;\"><span style=\"vertical-align: inherit;\"> , por m\u00e1s de un mill\u00f3n de euros y adquiri\u00f3 un\u00a0 <\/span><\/span><b><span style=\"vertical-align: inherit;\"><span style=\"vertical-align: inherit;\">inmueble en Pozuelo<\/span><\/span><\/b><span style=\"vertical-align: inherit;\"><span style=\"vertical-align: inherit;\"> \u00a0(Madrid), tambi\u00e9n por m\u00e1s de un mill\u00f3n de euros. <\/span><span style=\"vertical-align: inherit;\">Asimismo, explican que el empresario se pag\u00f3 unas vacaciones en un\u00a0 <\/span><\/span><b><span style=\"vertical-align: inherit;\"><span style=\"vertical-align: inherit;\">hotel de Marbella<\/span><\/span><\/b><span style=\"vertical-align: inherit;\"><span style=\"vertical-align: inherit;\"> , de aproximadamente <\/span><\/span><b><span style=\"vertical-align: inherit;\"><span style=\"vertical-align: inherit;\">\u00a060.000 euros<\/span><\/span><\/b><span style=\"vertical-align: inherit;\"><span style=\"vertical-align: inherit;\"> .<\/span><\/span><\/span><\/p>\n<p class=\"articleParagraph\" style=\"text-align: justify;\"><span style=\"font-size: 14pt;\"><span style=\"vertical-align: inherit;\"><span style=\"vertical-align: inherit;\">Y en cuanto a\u00a0 <\/span><\/span><b><span style=\"vertical-align: inherit;\"><span style=\"vertical-align: inherit;\">Luis Medina,\u00a0<\/span><\/span><\/b><span style=\"vertical-align: inherit;\"><span style=\"vertical-align: inherit;\"> Anticorrupci\u00f3n alega que se compr\u00f3, con el mill\u00f3n que se llev\u00f3 de comisi\u00f3n, <\/span><\/span><b><span style=\"vertical-align: inherit;\"><span style=\"vertical-align: inherit;\">\u00a0yate modelo Eagle 44 valorado en 325.000 euros.<\/span><\/span><\/b><\/span><\/p>\n<h3 class=\"article-title-1\" style=\"text-align: justify;\"><span style=\"vertical-align: inherit;\"><span style=\"vertical-align: inherit;\">Inflaron el precio de los productos<\/span><\/span><\/h3>\n<p class=\"articleParagraph\" style=\"text-align: justify;\"><span style=\"font-size: 14pt;\"><span style=\"vertical-align: inherit;\"><span style=\"vertical-align: inherit;\">Por su parte, Anticorrupci\u00f3n tambi\u00e9n ha justificado en su querella que los <\/span><\/span><b><span style=\"vertical-align: inherit;\"><span style=\"vertical-align: inherit;\">\u00a0empresarios inflaron\u00a0<\/span><\/span><\/b><span style=\"vertical-align: inherit;\"><span style=\"vertical-align: inherit;\"> el precio de los materiales que vendieron al Ayuntamiento de Madrid. <\/span><span style=\"vertical-align: inherit;\">El de las mascarillas, por ejemplo, aument\u00f3 su valor en un\u00a0 <\/span><\/span><b><span style=\"vertical-align: inherit;\"><span style=\"vertical-align: inherit;\">148%,\u00a0<\/span><\/span><\/b><span style=\"vertical-align: inherit;\"><span style=\"vertical-align: inherit;\"> en los <\/span><\/span><b><span style=\"vertical-align: inherit;\"><span style=\"vertical-align: inherit;\">\u00a0guantes, que \u00aberan de \u00ednfima calidad\u00bb y \u00abs\u00f3lo llegaban hasta la mu\u00f1eca\u00bb<\/span><\/span><\/b><span style=\"vertical-align: inherit;\"><span style=\"vertical-align: inherit;\"> . <\/span><span style=\"vertical-align: inherit;\">Adem\u00e1s, denunciaron que \u00abgran parte\u00bb de los test eran \u00abdefectuosos\u00bb ya que de las <\/span><\/span><b><span style=\"vertical-align: inherit;\"><span style=\"vertical-align: inherit;\">\u00a0250.000 pruebas que compraron, solamente 75.000 \u00abten\u00edan un nivel de sensibilidad aceptable\u00bb,<\/span><\/span><\/b><span style=\"vertical-align: inherit;\"><span style=\"vertical-align: inherit;\"> \u00a0de aproximadamente el 94%.<\/span><\/span><\/span><\/p>\n<p class=\"articleParagraph\" style=\"text-align: justify;\"><span style=\"font-size: 14pt;\">Por ello, la Fiscal\u00eda Anticorrupci\u00f3n reconoce que \u00ab<b>estos precios los fij\u00f3 Alberto Luce\u00f1o\u00a0<\/b>y los impuso al Ayuntamiento de Madrid, ampar\u00e1ndose\u00a0<b>en su falsa posici\u00f3n de fabricante y agente exclusivo de la compa\u00f1\u00eda vendedora<\/b>\u00ab.<\/span><\/p>\n<h3 class=\"article-title-1\" style=\"text-align: justify;\">Jos\u00e9 Luis Mart\u00ednez-Almeida defiende la legalidad de la operaci\u00f3n<\/h3>\n<p class=\"articleParagraph\" style=\"text-align: justify;\"><span style=\"font-size: 14pt;\">Sin embargo, seg\u00fan explic\u00f3 el alcalde popular, su \u00ab<b>familiar no conoc\u00eda a Luis Medina, le contacta una amiga com\u00fan.<\/b>\u00a0\u00c9l le da un correo electr\u00f3nico y le indica que ese es el\u00a0<b>cauce oficial para realizar estas cosas<\/b>\u00ab.<\/span><\/p>\n<p class=\"articleParagraph\" style=\"text-align: justify;\"><span style=\"font-size: 14pt;\">Adem\u00e1s, el alcalde ha confirmado que\u00a0<b>el Ayuntamiento se personar\u00e1 en la causa como afectado:\u00a0<\/b>\u00abDurante la instrucci\u00f3n, la\u00a0<b>Fiscal\u00eda no nos ha llamado en ning\u00fan momento ni a mi familiar ni a m\u00ed.\u00a0<\/b>No nos hace objeto de la querella, que se dirige exclusivamente contra dos personas\u00bb.<\/span><\/p>\n<p class=\"articleParagraph\" style=\"text-align: justify;\"><span style=\"font-size: 14pt;\">Asimismo, este jueves el alcalde de Madrid ha confirmado durante una comparecencia que<b>\u00a0Luis Medina contact\u00f3 con el Ayuntamiento<\/b>\u00a0a trav\u00e9s de\u00a0<b>dos correos electr\u00f3nicos el 18 y 19 de marzo.\u00a0<\/b>\u00abHay dos correos de Luis Medina que llegan al buz\u00f3n de Coordinaci\u00f3n de Alcald\u00eda, uno el 18 de marzo y otro el 19 de marzo.<b>\u00a0Esa es la forma que tuvo de entrar en contacto con el Ayuntamiento, como tantos. Tuvimos m\u00e1s de mil<\/b>\u00ab<b>,\u00a0<\/b>ha corroborado.<\/span><\/p>\n<p class=\"articleParagraph\" style=\"text-align: justify;\"><span style=\"font-size: 14pt;\">Y contin\u00faa diciendo: \u00ab<b>Estos correos acreditan<\/b>\u00a0lo que dijimos desde el primer momento<b>. La persona con la que contact\u00f3 mi primo no fui yo<\/b>. Yo no ten\u00eda ni idea\u00bb.<\/span><\/p>\n<h3 class=\"article-title-1\" style=\"text-align: justify;\">Villac\u00eds se distancia de Almeida aunque asegura que el Gobierno de coalici\u00f3n no peligra<\/h3>\n<p class=\"articleParagraph\" style=\"text-align: justify;\"><span style=\"font-size: 14pt;\">La vicealcaldesa de Madrid,\u00a0<b>Bego\u00f1a Villac\u00eds,<\/b>\u00a0se ha distanciado de Almeida evitando comparecer a su lado. Sin embargo, ha confirmado que el Gobierno de coalici\u00f3n de Madrid no peligra, aunque<b>\u00a0pedir\u00e1n una auditor\u00eda externa\u00a0<\/b>para esclarecer lo que ha pasado.<\/span><\/p>\n<p class=\"articleParagraph\" style=\"text-align: justify;\"><span style=\"font-size: 14pt;\">Y ha aprovechado para criticar lo sucedido: \u00abHoy el Ayuntamiento vuelve a ser noticia porque cuando en Madrid estaba muriendo gente,\u00a0<b>ha habido unos &#8216;jetas&#8217; que se han aprovechado y se han ido a comprar yates de lujo con el dinero de los madrile\u00f1os<\/b>. Es indecente\u00bb.<\/span><\/p>\n<\/blockquote>\n<\/div>\n<\/article>\n<\/div>\n<\/div>\n<\/div>\n<footer class=\"articleFooter\">\n<div class=\"band band__tags\">\u00a0<\/div>\n<\/footer>\n<\/div>\n<div>\u00a0<\/div>\n<div><img loading=\"lazy\" decoding=\"async\" class=\"aligncenter wp-image-2294889\" src=\"https:\/\/puntocritico.com\/ausajpuntocritico\/wp-content\/uploads\/2024\/03\/Piramide-de-la-usticia-espanola-2.jpg\" alt=\"\" width=\"360\" height=\"281\" data-id=\"2294889\" \/><\/div>\n<div>\u00a0<\/div>\n<div>\n<div style=\"text-align: center;\"><strong><span style=\"color: #008000; font-size: 18pt;\"><span style=\"vertical-align: inherit;\">*******<\/span><\/span><\/strong><\/div>\n<\/div>\n<h2 style=\"text-align: center;\"><span style=\"font-size: 24pt;\">DELITOS DE POL\u00cdTICOS: GRANDES \u00c9XITOS DE LA JUSTICIA ESPA\u00d1OLA (1978 \u2013 2023)<\/span><\/h2>\n<p><img loading=\"lazy\" decoding=\"async\" class=\"aligncenter wp-image-2294892\" src=\"https:\/\/puntocritico.com\/ausajpuntocritico\/wp-content\/uploads\/2024\/03\/justicia-telaranas-de-las-punetas-OK-300x199.jpg\" alt=\"DELITOS DE POL\u00cdTICOS GRANDES \u00c9XITOS DE LA JUSTICIA ESPA\u00d1OLA (1978 - 2023)\" width=\"440\" height=\"292\" data-id=\"2294892\" srcset=\"https:\/\/puntocritico.com\/ausajpuntocritico\/wp-content\/uploads\/2024\/03\/justicia-telaranas-de-las-punetas-OK-300x199.jpg 300w, https:\/\/puntocritico.com\/ausajpuntocritico\/wp-content\/uploads\/2024\/03\/justicia-telaranas-de-las-punetas-OK-678x452.jpg 678w, https:\/\/puntocritico.com\/ausajpuntocritico\/wp-content\/uploads\/2024\/03\/justicia-telaranas-de-las-punetas-OK.jpg 680w\" sizes=\"auto, (max-width: 440px) 100vw, 440px\" \/><\/p>\n<p>&nbsp;<\/p>\n<p style=\"text-align: justify;\"><span style=\"font-size: 14pt;\">Nada m\u00e1s escribir el t\u00edtulo de esta entrada, percib\u00ed la dificultad y, sobre todo, la extraordinaria extensi\u00f3n a que estaba abocado. Decidido a seguir con el art\u00edculo, ca\u00ed en la cuenta de que <a href=\"https:\/\/puntocritico.com\/ausajpuntocritico\/2022\/07\/27\/sentencia-definitiva-del-caso-eres-la-corrupcion-forma-del-estado-espanol\/\">algunas<\/a>\u00a0 de las cosas, <a href=\"https:\/\/puntocritico.com\/ausajpuntocritico\/2019\/09\/15\/jueces-juezas-y-tratantes-de-esclavas-temporeras-contra-la-esclavitud-recurso-contra-auto-de-archivo-juzgado-de-instruccion-numero-1-de-la-palma-del-condado-huelva\/\">ya las hab\u00edamos publicado<\/a> y <a href=\"https:\/\/puntocritico.com\/ausajpuntocritico\/2017\/10\/18\/vhc-el-virus-de-la-hepatitis-c-parte-vii-aspectos-penales\/\">Denunciado<\/a>, incluso <a href=\"https:\/\/puntocritico.com\/ausajpuntocritico\/2021\/12\/23\/temporeras-fundamentos-tratos-inhumanos-1\/\">reiteradamente<\/a>.<\/span><\/p>\n<p style=\"text-align: justify;\"><span style=\"font-size: 14pt;\">En especial, en relaci\u00f3n <a href=\"https:\/\/puntocritico.com\/ausajpuntocritico\/2024\/01\/02\/jueces-y-franquismo-el-pensamiento-politico-del-tribunal-supremo-durante-los-anos-1964-y-1974-por-francisco-j-bastida-parte-1-2\/\">al final del franquismo legitimado en la persona del viejecito Dictador<\/a>, y <a href=\"https:\/\/puntocritico.com\/ausajpuntocritico\/2024\/02\/21\/marino-barbero-los-jueces-transactos-bacigalupo\/\">al inicio del franquismo \u00abtransacto\u00bb, tras la muerte de Franco<\/a>.<\/span><\/p>\n<p style=\"text-align: justify;\"><span style=\"font-size: 14pt;\">Por otra parte, de los \u00faltimos a\u00f1os de la triste historia de Espa\u00f1a, marcados por el COVID-19, ya hemos tratado del <strong><a href=\"https:\/\/puntocritico.com\/ausajpuntocritico\/2024\/02\/26\/del-isabelgate-al-koldogate\/\">ISABELGATE Y DEL KOLDOGATE<\/a><\/strong>, as\u00ed como del reciente (<em>aunque muy tard\u00edo<\/em>) inicio de los <a href=\"https:\/\/puntocritico.com\/ausajpuntocritico\/2024\/03\/04\/mascarillas-miedo-y-aviones\/\">Asuntos relativos a las compras de Productos Sanitarios para la Pandemia de COVID (en especial, mascarillas)<\/a>, cuyos detalles, tambi\u00e9n muy tard\u00edamente, empezamos a conocer estos d\u00edas. Abordaremos en las pr\u00f3ximas semanas la investigaci\u00f3n, actualmente desconocida, pero que sin duda se est\u00e1 produciendo -tanto a nivel estatal como comunitario-, relativa al destino de los conocidos gen\u00e9ricamente como Fondos COVID (financiaci\u00f3n tanto estatal, como de la Uni\u00f3n Europea).\u00a0<\/span><\/p>\n<p>&nbsp;<\/p>\n<figure id=\"attachment_6553\" aria-describedby=\"caption-attachment-6553\" style=\"width: 400px\" class=\"wp-caption aligncenter\"><a href=\"https:\/\/puntocritico.com\/ausajpuntocritico\/2022\/09\/12\/es-posible-establecer-un-estado-libre-en-un-pais-corrupto-por-nicolas-maquiavelo-2\/\"><img loading=\"lazy\" decoding=\"async\" class=\"wp-image-6553\" src=\"https:\/\/puntocritico.com\/ausajpuntocritico\/wp-content\/uploads\/2017\/11\/La-\u00faltima-cena-rey-aznar-Rajoy-ZPero-Y-Mr-X3169-300x169.jpg\" alt=\"\" width=\"400\" height=\"225\" data-id=\"6553\" srcset=\"https:\/\/puntocritico.com\/ausajpuntocritico\/wp-content\/uploads\/2017\/11\/La-\u00faltima-cena-rey-aznar-Rajoy-ZPero-Y-Mr-X3169-300x169.jpg 300w, https:\/\/puntocritico.com\/ausajpuntocritico\/wp-content\/uploads\/2017\/11\/La-\u00faltima-cena-rey-aznar-Rajoy-ZPero-Y-Mr-X3169.jpg 678w\" sizes=\"auto, (max-width: 400px) 100vw, 400px\" \/><\/a><figcaption id=\"caption-attachment-6553\" class=\"wp-caption-text\"><a href=\"https:\/\/puntocritico.com\/ausajpuntocritico\/2022\/09\/12\/es-posible-establecer-un-estado-libre-en-un-pais-corrupto-por-nicolas-maquiavelo-2\/\"><span style=\"color: #008000;\">\u00ab\u00bfEs posible establecer un estado libre en un pa\u00eds corrupto?\u00bb, se preguntaba Nicolas Maquiavelo<\/span><\/a><\/figcaption><\/figure>\n<p>&nbsp;<\/p>\n<p style=\"text-align: justify;\"><span style=\"font-size: 14pt;\">As\u00ed las cosas, comprob\u00e9 que, deducido todo lo anterior, as\u00ed como otros asuntos tambi\u00e9n abordados ya en Punto Critico, la labor segu\u00ed siendo inmensa. Decid\u00ed entonces nivelar lo inmenso con lo posible. Y este es el resultado: Una brev\u00edsima e incompleta relaci\u00f3n de procedimientos judiciales con implicaciones pol\u00edticas que, sin embargo, permite hacerse una idea \u00abclara y distinta\u00bb, de lo que se intenta ocultar poni\u00e9ndolo a la vista de todos: El problema del \u00abGobierno de los Jueces\u00bb (CGPJ).<\/span><\/p>\n<p style=\"text-align: justify;\"><span style=\"font-size: 14pt;\">En efecto, todos reconocen que existe un grave problema. Pero, \u00bfcu\u00e1l es ese grave problema?<\/span><\/p>\n<p>&nbsp;<\/p>\n<blockquote>\n<p class=\"entry-title\" style=\"text-align: center;\"><strong><span style=\"color: #008000; font-size: 18pt;\">\u00abLa Justicia nos importa un carajo. Lo que queremos es que nos den la raz\u00f3n, y a eso llamarle Justicia\u00bb<\/span><\/strong><\/p>\n<\/blockquote>\n<p>&nbsp;<\/p>\n<p style=\"text-align: justify;\"><span style=\"font-size: 14pt;\">Les dejamos a continuaci\u00f3n con una breve (<em>si, es incre\u00edble, pero si; para ambos partidos, los listados que siguen son breves, pese a su desmesurada extensi\u00f3n<\/em>). Pero es que, a m\u00e1s de breves, <a href=\"https:\/\/puntocritico.com\/ausajpuntocritico\/2018\/10\/08\/asesinos-protegidos-de-estado-policial-a-estado-judicial-republicado\/\">no incluyen<\/a>, ni los asuntos de sus -respectivos o conjuntos- \u00ab<em>partidos instrumentales<\/em>\u00ab, ni los de la pl\u00e9yade de <a href=\"https:\/\/puntocritico.com\/ausajpuntocritico\/2022\/07\/09\/el-asco-monica-oltra\/\">partidos locales o auton\u00f3micos<\/a> surgidos desde 1978 (<em>muchos de ellos hoy, absorbidos de hecho o de derecho por los dos partidos que soportan la acci\u00f3n de la <a href=\"https:\/\/puntocritico.com\/ausajpuntocritico\/2020\/12\/24\/ppoe-la-hidra-de-cinco-cabezas-de-momento\/\"><strong>Hidra<\/strong> en que hemos convertido a la pol\u00edtica espa\u00f1ola<\/a><\/em>). En esta <a href=\"https:\/\/puntocritico.com\/ausajpuntocritico\/2024\/02\/14\/marino-barbero-y-el-pais\/\">segunda vida del franquismo<\/a>, <a href=\"https:\/\/puntocritico.com\/ausajpuntocritico\/2018\/04\/05\/deficiencias-generalizadas-y-beneficios-ilimitados-el-neoliberalismo-de-rapina-espanol-escandaliza-en-la-u-e-tribunal-de-cuentas-europeo-informe-especial-no-09-2018-asociaciones-publico-privad\/\">con la apariencia y los forzados ropajes democr\u00e1ticos<\/a> que, desde las <a href=\"https:\/\/puntocritico.com\/ausajpuntocritico\/2022\/09\/13\/recuerdo-de-la-infamia-caso-los-albertos-parte-1-la-coartada-la-base-axiologica-de-la-sentencia-del-tribunal-constitucional-29-2008\/\">Instituciones espa\u00f1olas<\/a>, legitiman los expolios que contin\u00faan la obra de la <a href=\"https:\/\/puntocritico.com\/ausajpuntocritico\/2022\/07\/12\/cartel-de-constructoras\/\"><em><strong>Gran Burgues\u00eda Franquista<\/strong><\/em><\/a>. Parafraseando a <a href=\"https:\/\/puntocritico.com\/ausajpuntocritico\/?s=zinn\"><strong>Howard Zinn<\/strong><\/a>, los denominar\u00e9 \u00ab<a href=\"https:\/\/puntocritico.com\/ausajpuntocritico\/2023\/03\/06\/ferrovial-agroman\/\"><em><strong>nuestros Barones Ladrones<\/strong><\/em><\/a>\u00ab, que nos han tenido, como se\u00f1alaba en otro lugar, \u00ab<a href=\"https:\/\/puntocritico.com\/ausajpuntocritico\/2020\/04\/02\/osse-es-la-hora-y-tenemos-la-edad-la-masoneria-espanola-por-perez-galdos\/\"><strong><em>40 a\u00f1os viajando, y sin movernos de sitio<\/em><\/strong><\/a>\u00ab.<\/span><\/p>\n<p style=\"text-align: justify;\"><span style=\"font-size: 14pt;\"><a href=\"https:\/\/es.wikipedia.org\/wiki\/Anexo:Casos_judiciales_relacionados_con_corrupci%C3%B3n_pol%C3%ADtica_en_Espa%C3%B1a\" target=\"_blank\" rel=\"noopener\"><em><strong>Wikipedia<\/strong><\/em><\/a> tiene su propia lista -tambi\u00e9n breve e incompleta- de \u00ab<strong><em><a href=\"https:\/\/es.wikipedia.org\/wiki\/Anexo:Casos_judiciales_relacionados_con_corrupci%C3%B3n_pol%C3%ADtica_en_Espa%C3%B1a\" target=\"_blank\" rel=\"noopener\">Casos judiciales relacionados con corrupci\u00f3n pol\u00edtica en Espa\u00f1a<\/a><\/em><\/strong>\u00ab, que es recomendable visitar.<\/span><\/p>\n<p style=\"text-align: justify;\"><span style=\"font-size: 14pt;\">En este post de <strong>Punto Cr\u00edtico<\/strong> (Hoja del lunes, \u00ab<a href=\"https:\/\/puntocritico.com\/ausajpuntocritico\/2018\/03\/12\/rhoja-del-lunes-ni-patriotas-ni-ciudadanos-con-banderas\/#ref11\">Cuadro de honor del saqueo -incompleto y desgraciadamente provisional<\/a>\u00ab) hay una \u00ab<a href=\"https:\/\/puntocritico.com\/ausajpuntocritico\/2018\/03\/12\/rhoja-del-lunes-ni-patriotas-ni-ciudadanos-con-banderas\/#ref11\"><strong>Lista alfab\u00e9tica de casos y personas implicadas en casos de mal gobierno desde 1977 en Espa\u00f1a\u00bb<\/strong><\/a>, elaborada y comentada por el escritor y periodista <strong>Luciano Egido en 2018<\/strong>, cuya lectura es tambi\u00e9n recomendable.<\/span><\/p>\n<p>&nbsp;<\/p>\n<p><img loading=\"lazy\" decoding=\"async\" class=\"aligncenter wp-image-2294899\" src=\"https:\/\/puntocritico.com\/ausajpuntocritico\/wp-content\/uploads\/2024\/03\/Unidos-por-la-impunidad-300x200.jpeg\" alt=\"\" width=\"400\" height=\"267\" data-id=\"2294899\" srcset=\"https:\/\/puntocritico.com\/ausajpuntocritico\/wp-content\/uploads\/2024\/03\/Unidos-por-la-impunidad-300x200.jpeg 300w, https:\/\/puntocritico.com\/ausajpuntocritico\/wp-content\/uploads\/2024\/03\/Unidos-por-la-impunidad.jpeg 720w\" sizes=\"auto, (max-width: 400px) 100vw, 400px\" \/><\/p>\n<p style=\"text-align: center;\"><strong><span style=\"color: #008000; font-size: 18pt;\">*******<\/span><\/strong><\/p>\n<h2 style=\"text-align: center;\" align=\"center\"><span style=\"font-size: 24.0pt;\">CASOS DE CORRUPCI\u00d3N DEL PARTIDO POPULAR<\/span><\/h2>\n<p style=\"text-align: justify;\"><a href=\"https:\/\/casos-aislados.com\/Caso-por-partido.php?Partido=PP\" target=\"_blank\" rel=\"noopener\">CASOS AISLADOS<\/a><\/p>\n<figure id=\"attachment_2294952\" aria-describedby=\"caption-attachment-2294952\" style=\"width: 555px\" class=\"wp-caption aligncenter\"><a href=\"https:\/\/casos-aislados.com\/Caso-por-partido.php?Partido=PP\" target=\"_blank\" rel=\"noopener\"><img loading=\"lazy\" decoding=\"async\" class=\"wp-image-2294952\" src=\"https:\/\/puntocritico.com\/ausajpuntocritico\/wp-content\/uploads\/2024\/03\/casos-aislados-PP-300x156.png\" alt=\"\" width=\"555\" height=\"289\" data-id=\"2294952\" srcset=\"https:\/\/puntocritico.com\/ausajpuntocritico\/wp-content\/uploads\/2024\/03\/casos-aislados-PP-300x156.png 300w, https:\/\/puntocritico.com\/ausajpuntocritico\/wp-content\/uploads\/2024\/03\/casos-aislados-PP-1024x534.png 1024w, https:\/\/puntocritico.com\/ausajpuntocritico\/wp-content\/uploads\/2024\/03\/casos-aislados-PP-768x401.png 768w, https:\/\/puntocritico.com\/ausajpuntocritico\/wp-content\/uploads\/2024\/03\/casos-aislados-PP-1320x688.png 1320w, https:\/\/puntocritico.com\/ausajpuntocritico\/wp-content\/uploads\/2024\/03\/casos-aislados-PP.png 1323w\" sizes=\"auto, (max-width: 555px) 100vw, 555px\" \/><\/a><figcaption id=\"caption-attachment-2294952\" class=\"wp-caption-text\"><span style=\"color: #008000;\">En la WEB de \u00abCasos Aislados\u00bb (click en la imagen) hay informaci\u00f3n acerca de cada uno de los Casos Aislados referenciados<\/span><\/figcaption><\/figure>\n<p>&nbsp;<\/p>\n<blockquote>\n<h3 style=\"text-align: center;\"><span style=\"font-size: 18pt;\"><strong>Esta es una lista de algunos de los Casos Aislados de Corrupci\u00f3n del Partido Popular (PP):<\/strong><\/span><\/h3>\n<p style=\"text-align: center;\"><span style=\"font-size: 14pt;\">Caso Abogados Melilla Partido\/Org: PP Lugar: Melilla PP<\/span><\/p>\n<p style=\"text-align: center;\"><span style=\"font-size: 14pt;\">Caso Aceinsa Partido\/Org: PP Lugar: Castilla y Le\u00f3n PP<\/span><\/p>\n<p style=\"text-align: center;\"><span style=\"font-size: 14pt;\">Caso Aceinsa II Partido\/Org: PP Lugar: Castilla y Le\u00f3n PP<\/span><\/p>\n<p style=\"text-align: center;\"><span style=\"font-size: 14pt;\">Caso Acuamed Partido\/Org: PP Lugar: Comunidad Valenciana PP<\/span><\/p>\n<p style=\"text-align: center;\"><span style=\"font-size: 14pt;\">Caso Aerocas Partido\/Org: PP Lugar: Comunidad Valenciana PP<\/span><\/p>\n<p style=\"text-align: center;\"><span style=\"font-size: 14pt;\">Caso AEXPA Partido\/Org: PP Lugar: Galicia PP<\/span><\/p>\n<p style=\"text-align: center;\"><span style=\"font-size: 14pt;\">Caso Aguas de Calpe Partido\/Org: PP Lugar: Comunidad Valenciana PP<\/span><\/p>\n<p style=\"text-align: center;\"><span style=\"font-size: 14pt;\">Caso Alhama de Granada Partido\/Org: PP Lugar: Andaluc\u00eda PP<\/span><\/p>\n<p style=\"text-align: center;\"><span style=\"font-size: 14pt;\">Caso Amat Partido\/Org: PP Lugar: Andaluc\u00eda PP<\/span><\/p>\n<p style=\"text-align: center;\"><span style=\"font-size: 14pt;\">Caso Ambulancias Partido\/Org: PP Lugar: Comunidad de Madrid PP<\/span><\/p>\n<p style=\"text-align: center;\"><span style=\"font-size: 14pt;\">Caso Amnist\u00eda Fiscal Partido\/Org: PP Lugar: Comunidad de Madrid PP<\/span><\/p>\n<p style=\"text-align: center;\"><span style=\"font-size: 14pt;\">Caso Ampuero Partido\/Org: PP Lugar: Comunidad de Madrid PP<\/span><\/p>\n<p style=\"text-align: center;\"><span style=\"font-size: 14pt;\">Caso Ana Gago Partido\/Org: PP Lugar: Castilla y Le\u00f3n PP<\/span><\/p>\n<p style=\"text-align: center;\"><span style=\"font-size: 14pt;\">Caso Andratx Partido\/Org: PP Lugar: Baleares PP<\/span><\/p>\n<p style=\"text-align: center;\"><span style=\"font-size: 14pt;\">Caso Aplauso Partido\/Org: PP Lugar: Comunidad Valenciana PP<\/span><\/p>\n<p style=\"text-align: center;\"><span style=\"font-size: 14pt;\">Caso Arena Partido\/Org: PP Lugar: Galicia PP<\/span><\/p>\n<p style=\"text-align: center;\"><span style=\"font-size: 14pt;\">Caso Arquitecto Partido\/Org: PP Lugar: Melilla PP<\/span><\/p>\n<p style=\"text-align: center;\"><span style=\"font-size: 14pt;\">Caso Arroyo Encomienda Partido\/Org: PP Lugar: Castilla y Le\u00f3n PP<\/span><\/p>\n<p style=\"text-align: center;\"><span style=\"font-size: 14pt;\">Caso Asesor\u00edas Partido\/Org: PP Lugar: Comunidad Valenciana PP<\/span><\/p>\n<p style=\"text-align: center;\"><span style=\"font-size: 14pt;\">Caso \u00c1tico Estepona Partido\/Org: PP Lugar: Comunidad de Madrid PP<\/span><\/p>\n<p style=\"text-align: center;\"><span style=\"font-size: 14pt;\">Caso Auditori Paterna Partido\/Org: PP Lugar: Comunidad Valenciana PP<\/span><\/p>\n<p style=\"text-align: center;\"><span style=\"font-size: 14pt;\">Caso Auditorio Partido\/Org: PP Lugar: Regi\u00f3n de Murcia PP<\/span><\/p>\n<p style=\"text-align: center;\"><span style=\"font-size: 14pt;\"><span style=\"vertical-align: inherit;\"><span style=\"vertical-align: inherit;\">Caso Avialsa Partido\/Org: PP Lugar: Comunidad Valenciana PP<\/span><\/span><\/span><\/p>\n<p style=\"text-align: center;\"><span style=\"font-size: 14pt;\"><span style=\"vertical-align: inherit;\"><span style=\"vertical-align: inherit;\">Caso Azud Partido\/Org: PP Lugar: Comunidad Valenciana PP<\/span><\/span><\/span><\/p>\n<p style=\"text-align: center;\"><span style=\"font-size: 14pt;\"><span style=\"vertical-align: inherit;\"><span style=\"vertical-align: inherit;\">Caso Baltar Partido\/Org: PP Lugar: Galicia PP<\/span><\/span><\/span><\/p>\n<p style=\"text-align: center;\"><span style=\"font-size: 14pt;\"><span style=\"vertical-align: inherit;\"><span style=\"vertical-align: inherit;\">Caso B\u00e1rcenas Partido\/Org: PP Lugar: Comunidad de Madrid PP<\/span><\/span><\/span><\/p>\n<p style=\"text-align: center;\"><span style=\"font-size: 14pt;\"><span style=\"vertical-align: inherit;\"><span style=\"vertical-align: inherit;\">Caso Barraca Partido\/Org: PP Lugar: Regi\u00f3n de Murcia PP<\/span><\/span><\/span><\/p>\n<p style=\"text-align: center;\"><span style=\"font-size: 14pt;\"><span style=\"vertical-align: inherit;\"><span style=\"vertical-align: inherit;\">Caso Barreiros Partido\/Org: PP Lugar: Galicia PP<\/span><\/span><\/span><\/p>\n<p style=\"text-align: center;\"><span style=\"font-size: 14pt;\"><span style=\"vertical-align: inherit;\"><span style=\"vertical-align: inherit;\">Caso Bea Gondar Partido\/Org: PP Lugar: Galicia PP<\/span><\/span><\/span><\/p>\n<p style=\"text-align: center;\"><span style=\"font-size: 14pt;\"><span style=\"vertical-align: inherit;\"><span style=\"vertical-align: inherit;\">Caso Benag\u00e9ber Partido\/Org: PP Lugar: Comunidad Valenciana PP<\/span><\/span><\/span><\/p>\n<p style=\"text-align: center;\"><span style=\"font-size: 14pt;\"><span style=\"vertical-align: inherit;\"><span style=\"vertical-align: inherit;\">Caso Biblioteca Partido\/Org: PP Lugar: Regi\u00f3n de Murcia PP<\/span><\/span><\/span><\/p>\n<p style=\"text-align: center;\"><span style=\"font-size: 14pt;\"><span style=\"vertical-align: inherit;\"><span style=\"vertical-align: inherit;\">Caso Bitel Partido\/Org: PP Lugar: Baleares PP<\/span><\/span><\/span><\/p>\n<p style=\"text-align: center;\"><span style=\"font-size: 14pt;\"><span style=\"vertical-align: inherit;\"><span style=\"vertical-align: inherit;\">Caso Bolsos Partido\/Org: PP Lugar: Comunidad de Madrid PP<\/span><\/span><\/span><\/p>\n<p style=\"text-align: center;\"><span style=\"font-size: 14pt;\"><span style=\"vertical-align: inherit;\"><span style=\"vertical-align: inherit;\">Caso Bomsai Partido\/Org: PP Lugar: Baleares PP<\/span><\/span><\/span><\/p>\n<p style=\"text-align: center;\"><span style=\"font-size: 14pt;\"><span style=\"vertical-align: inherit;\"><span style=\"vertical-align: inherit;\">Caso Bon Sosec Partido\/Org: PP Lugar: Baleares PP<\/span><\/span><\/span><\/p>\n<p style=\"text-align: center;\"><span style=\"font-size: 14pt;\"><span style=\"vertical-align: inherit;\"><span style=\"vertical-align: inherit;\">Caso Bragasgate Partido\/Org: PP Lugar: Canarias PP<\/span><\/span><\/span><\/p>\n<p style=\"text-align: center;\"><span style=\"font-size: 14pt;\"><span style=\"vertical-align: inherit;\"><span style=\"vertical-align: inherit;\">Caso Brugal Partido\/Org: PP Lugar: Comunidad Valenciana PP<\/span><\/span><\/span><\/p>\n<p style=\"text-align: center;\"><span style=\"font-size: 14pt;\"><span style=\"vertical-align: inherit;\"><span style=\"vertical-align: inherit;\">Caso Brugger Partido\/Org: PP Lugar: Comunidad Valenciana PP<\/span><\/span><\/span><\/p>\n<p style=\"text-align: center;\"><span style=\"font-size: 14pt;\"><span style=\"vertical-align: inherit;\"><span style=\"vertical-align: inherit;\">Caso Caballo de Troya Partido\/Org: PP Lugar: Galicia PP<\/span><\/span><\/span><\/p>\n<p style=\"text-align: center;\"><span style=\"font-size: 14pt;\"><span style=\"vertical-align: inherit;\"><span style=\"vertical-align: inherit;\">Caso Cabanes Partido\/Org: PP Lugar: Comunidad Valenciana PP<\/span><\/span><\/span><\/p>\n<p style=\"text-align: center;\"><span style=\"font-size: 14pt;\"><span style=\"vertical-align: inherit;\"><span style=\"vertical-align: inherit;\">Caso Caldelas Partido\/Org: PP Lugar: Galicia PP<\/span><\/span><\/span><\/p>\n<p style=\"text-align: center;\"><span style=\"font-size: 14pt;\"><span style=\"vertical-align: inherit;\"><span style=\"vertical-align: inherit;\">Caso CAM Partido\/Org: PP Lugar: Comunidad Valenciana PP<\/span><\/span><\/span><\/p>\n<p style=\"text-align: center;\"><span style=\"font-size: 14pt;\"><span style=\"vertical-align: inherit;\"><span style=\"vertical-align: inherit;\">Caso Camelot Partido\/Org: PP Lugar: Regi\u00f3n de Murcia PP<\/span><\/span><\/span><\/p>\n<p style=\"text-align: center;\"><span style=\"font-size: 14pt;\"><span style=\"vertical-align: inherit;\"><span style=\"vertical-align: inherit;\">Caso Campe\u00f3n Partido\/Org: PP Lugar: Galicia PP<\/span><\/span><\/span><\/p>\n<p style=\"text-align: center;\"><span style=\"font-size: 14pt;\"><span style=\"vertical-align: inherit;\"><span style=\"vertical-align: inherit;\">Caso Campus de la Justicia Partido\/Org: PP Lugar: Comunidad de Madrid PP<\/span><\/span><\/span><\/p>\n<p style=\"text-align: center;\"><span style=\"font-size: 14pt;\"><span style=\"vertical-align: inherit;\"><span style=\"vertical-align: inherit;\">Caso Canillas Albaida Partido\/Org: PP Lugar: Andaluc\u00eda PP<\/span><\/span><\/span><\/p>\n<p style=\"text-align: center;\"><span style=\"font-size: 14pt;\"><span style=\"vertical-align: inherit;\"><span style=\"vertical-align: inherit;\">Caso Carioca Partido\/Org: PP Lugar: Galicia PP<\/span><\/span><\/span><\/p>\n<p style=\"text-align: center;\"><span style=\"font-size: 14pt;\"><span style=\"vertical-align: inherit;\"><span style=\"vertical-align: inherit;\">Caso Carlos Fabra Partido\/Org: PP Lugar: Comunidad Valenciana PP<\/span><\/span><\/span><\/p>\n<p style=\"text-align: center;\"><span style=\"font-size: 14pt;\"><span style=\"vertical-align: inherit;\"><span style=\"vertical-align: inherit;\">Caso Carmelitas Partido\/Org: PP Lugar: Comunidad Valenciana PP<\/span><\/span><\/span><\/p>\n<p style=\"text-align: center;\"><span style=\"font-size: 14pt;\"><span style=\"vertical-align: inherit;\"><span style=\"vertical-align: inherit;\">Caso C\u00e1rtel del fuego Partido\/Org: PP Lugar: Comunidad Valenciana PP<\/span><\/span><\/span><\/p>\n<p style=\"text-align: center;\"><span style=\"font-size: 14pt;\"><span style=\"vertical-align: inherit;\"><span style=\"vertical-align: inherit;\">Caso Casalarreina Partido\/Org: PP Lugar: La Rioja PP<\/span><\/span><\/span><\/p>\n<p style=\"text-align: center;\"><span style=\"font-size: 14pt;\"><span style=\"vertical-align: inherit;\"><span style=\"vertical-align: inherit;\">Caso Castor Partido\/Org: PP Lugar: Comunidad de Madrid PP<\/span><\/span><\/span><\/p>\n<p style=\"text-align: center;\"><span style=\"font-size: 14pt;\"><span style=\"vertical-align: inherit;\"><span style=\"vertical-align: inherit;\">Caso Catis Partido\/Org: PP Lugar: Canarias PP<\/span><\/span><\/span><\/p>\n<p style=\"text-align: center;\"><span style=\"font-size: 14pt;\"><span style=\"vertical-align: inherit;\"><span style=\"vertical-align: inherit;\">Caso CDEIB Partido\/Org: PP Lugar: Baleares PP<\/span><\/span><\/span><\/p>\n<p style=\"text-align: center;\"><span style=\"font-size: 14pt;\"><span style=\"vertical-align: inherit;\"><span style=\"vertical-align: inherit;\">Caso Ceivam Partido\/Org: PP Lugar: Galicia PP<\/span><\/span><\/span><\/p>\n<p style=\"text-align: center;\"><span style=\"font-size: 14pt;\"><span style=\"vertical-align: inherit;\"><span style=\"vertical-align: inherit;\">Caso Cend\u00e1n Partido\/Org: PP Lugar: Galicia PP<\/span><\/span><\/span><\/p>\n<p style=\"text-align: center;\"><span style=\"font-size: 14pt;\"><span style=\"vertical-align: inherit;\"><span style=\"vertical-align: inherit;\">Caso Centeno Partido\/Org: PP Lugar: Castilla y Le\u00f3n PP<\/span><\/span><\/span><\/p>\n<p style=\"text-align: center;\"><span style=\"font-size: 14pt;\"><span style=\"vertical-align: inherit;\"><span style=\"vertical-align: inherit;\">Caso Chocr\u00f3n Partido\/Org: PP Lugar: Melilla PP<\/span><\/span><\/span><\/p>\n<p style=\"text-align: center;\"><span style=\"font-size: 14pt;\"><span style=\"vertical-align: inherit;\"><span style=\"vertical-align: inherit;\">Caso Citur Partido\/Org: PP Lugar: Baleares PP<\/span><\/span><\/span><\/p>\n<p style=\"text-align: center;\"><span style=\"font-size: 14pt;\"><span style=\"vertical-align: inherit;\"><span style=\"vertical-align: inherit;\">Caso Clepsidra Partido\/Org: PP Lugar: Comunidad Valenciana PP<\/span><\/span><\/span><\/p>\n<p style=\"text-align: center;\"><span style=\"font-size: 14pt;\"><span style=\"vertical-align: inherit;\"><span style=\"vertical-align: inherit;\">Caso Colmenar Viejo Partido\/Org: PP Lugar: Comunidad de Madrid PP<\/span><\/span><\/span><\/p>\n<p style=\"text-align: center;\"><span style=\"font-size: 14pt;\"><span style=\"vertical-align: inherit;\"><span style=\"vertical-align: inherit;\">Caso Colmenar Viejo II Partido\/Org: PP Lugar: Comunidad de Madrid PP<\/span><\/span><\/span><\/p>\n<p style=\"text-align: center;\"><span style=\"font-size: 14pt;\"><span style=\"vertical-align: inherit;\"><span style=\"vertical-align: inherit;\">Caso Carta de Confort Partido\/Org: PP Lugar: Castilla y Le\u00f3n PP<\/span><\/span><\/span><\/p>\n<p style=\"text-align: center;\"><span style=\"font-size: 14pt;\"><span style=\"vertical-align: inherit;\"><span style=\"vertical-align: inherit;\">Caso Conde Roa Partido\/Org: PP Lugar: Galicia PP<\/span><\/span><\/span><\/p>\n<p style=\"text-align: center;\"><span style=\"font-size: 14pt;\"><span style=\"vertical-align: inherit;\"><span style=\"vertical-align: inherit;\">Caso Contratos Marbella Partido\/Org: PP Lugar: Andaluc\u00eda PP<\/span><\/span><\/span><\/p>\n<p style=\"text-align: center;\"><span style=\"font-size: 14pt;\"><span style=\"vertical-align: inherit;\"><span style=\"vertical-align: inherit;\">CASO COOPERACI\u00d3N\/PIEZA 1 Partido\/Org: PP Lugar: Comunidad Valenciana PP<\/span><\/span><\/span><\/p>\n<p style=\"text-align: center;\"><span style=\"font-size: 14pt;\"><span style=\"vertical-align: inherit;\"><span style=\"vertical-align: inherit;\">Caso Cooperaci\u00f3n\/Piezas 2 y 3 Partido\/Org: PP Lugar: Comunidad Valenciana PP<\/span><\/span><\/span><\/p>\n<p style=\"text-align: center;\"><span style=\"font-size: 14pt;\"><span style=\"vertical-align: inherit;\"><span style=\"vertical-align: inherit;\">Caso Coristanco Partido\/Org: PP Lugar: Galicia PP<\/span><\/span><\/span><\/p>\n<p style=\"text-align: center;\"><span style=\"font-size: 14pt;\"><span style=\"vertical-align: inherit;\"><span style=\"vertical-align: inherit;\">Caso Cuevas del Concejo Partido\/Org: PP Lugar: Comunidad de Madrid PP<\/span><\/span><\/span><\/p>\n<p style=\"text-align: center;\"><span style=\"font-size: 14pt;\"><span style=\"vertical-align: inherit;\"><span style=\"vertical-align: inherit;\">Caso Cursach Partido\/Org: PP Lugar: Baleares PP<\/span><\/span><\/span><\/p>\n<p style=\"text-align: center;\"><span style=\"font-size: 14pt;\"><span style=\"vertical-align: inherit;\"><span style=\"vertical-align: inherit;\">Caso de la Ciudad del Golf Partido\/Org: PP Lugar: Castilla y Le\u00f3n PP<\/span><\/span><\/span><\/p>\n<p style=\"text-align: center;\"><span style=\"font-size: 14pt;\"><span style=\"vertical-align: inherit;\"><span style=\"vertical-align: inherit;\">Caso de la Construcci\u00f3n Partido\/Org: PP Lugar: Castilla y Le\u00f3n PP<\/span><\/span><\/span><\/p>\n<p style=\"text-align: center;\"><span style=\"font-size: 14pt;\"><span style=\"vertical-align: inherit;\"><span style=\"vertical-align: inherit;\">Caso de las Ratas Partido\/Org: PP Lugar: Baleares PP<\/span><\/span><\/span><\/p>\n<p style=\"text-align: center;\"><span style=\"font-size: 14pt;\"><span style=\"vertical-align: inherit;\"><span style=\"vertical-align: inherit;\">Caso de los Esp\u00edas Partido\/Org: PP Lugar: Comunidad de Madrid PP<\/span><\/span><\/span><\/p>\n<p style=\"text-align: center;\"><span style=\"font-size: 14pt;\"><span style=\"vertical-align: inherit;\"><span style=\"vertical-align: inherit;\">Caso De Santos Partido\/Org: PP Lugar: Baleares PP<\/span><\/span><\/span><\/p>\n<p style=\"text-align: center;\"><span style=\"font-size: 14pt;\">Caso Deportes Crevillente Partido\/Org: PP Lugar: Comunidad Valenciana PP<\/span><\/p>\n<p style=\"text-align: center;\"><span style=\"font-size: 14pt;\">Caso Depuradora Borriol Partido\/Org: PP Lugar: Comunidad Valenciana PP<\/span><\/p>\n<p style=\"text-align: center;\"><span style=\"font-size: 14pt;\">Caso Depuradora de H\u00famera Partido\/Org: PP Lugar: Comunidad de Madrid PP<\/span><\/p>\n<p style=\"text-align: center;\"><span style=\"font-size: 14pt;\">Caso Depuradora Pinedo Partido\/Org: PP Lugar: Comunidad Valenciana PP<\/span><\/p>\n<p style=\"text-align: center;\"><span style=\"font-size: 14pt;\">Caso Desguaces La Torre Partido\/Org: PP Lugar: Comunidad de Madrid PP<\/span><\/p>\n<p style=\"text-align: center;\"><span style=\"font-size: 14pt;\">Caso Despacho Montoro Partido\/Org: PP Lugar: Comunidad de Madrid PP<\/span><\/p>\n<p style=\"text-align: center;\"><span style=\"font-size: 14pt;\">Caso DV4 Partido\/Org: PP Lugar: Comunidad Valenciana PP<\/span><\/p>\n<p style=\"text-align: center;\"><span style=\"font-size: 14pt;\">Caso El Carabass\u00ed Partido\/Org: PP Lugar: Comunidad Valenciana PP<\/span><\/p>\n<p style=\"text-align: center;\"><span style=\"font-size: 14pt;\">Caso El Roblecillo Partido\/Org: PP Lugar: Regi\u00f3n de Murcia PP<\/span><\/p>\n<p style=\"text-align: center;\"><span style=\"font-size: 14pt;\">Caso Emarsa Partido\/Org: PP Lugar: Comunidad Valenciana PP<\/span><\/p>\n<p style=\"text-align: center;\"><span style=\"font-size: 14pt;\">Caso Emucesa Partido\/Org: PP Lugar: Andaluc\u00eda PP<\/span><\/p>\n<p style=\"text-align: center;\"><span style=\"font-size: 14pt;\">Caso Emusvil Partido\/Org: PP Lugar: Andaluc\u00eda PP<\/span><\/p>\n<p style=\"text-align: center;\"><span style=\"font-size: 14pt;\">Caso Emvicesa Partido\/Org: PP Lugar: Ceuta PP<\/span><\/p>\n<p style=\"text-align: center;\"><span style=\"font-size: 14pt;\">Caso EMVS Partido\/Org: PP Lugar: Comunidad de Madrid PP<\/span><\/p>\n<p style=\"text-align: center;\"><span style=\"font-size: 14pt;\">Caso EMVS II Partido\/Org: PP Lugar: Comunidad de Madrid PP<\/span><\/p>\n<p style=\"text-align: center;\"><span style=\"font-size: 14pt;\">Caso Enredadera Partido\/Org: PP-PSOE-CS Lugar: Nacional PP-PSOE-CS<\/span><\/p>\n<p style=\"text-align: center;\"><span style=\"font-size: 14pt;\">Caso E\u00f3lica Valladolid Partido\/Org: PP Lugar: Castilla y Le\u00f3n PP<\/span><\/p>\n<p style=\"text-align: center;\"><span style=\"font-size: 14pt;\">Caso E\u00f3lico Partido\/Org: PP Lugar: Canarias PP<\/span><\/p>\n<p style=\"text-align: center;\"><span style=\"font-size: 14pt;\">Caso Erial Partido\/Org: PP Lugar: Comunidad Valenciana PP<\/span><\/p>\n<p style=\"text-align: center;\"><span style=\"font-size: 14pt;\">Caso Escorratel Partido\/Org: PP Lugar: Comunidad Valenciana PP<\/span><\/p>\n<p style=\"text-align: center;\"><span style=\"font-size: 14pt;\">Caso Esther Merino Partido\/Org: PP Lugar: Cantabria PP<\/span><\/p>\n<p style=\"text-align: center;\"><span style=\"font-size: 14pt;\">Caso Fayc\u00e1n Partido\/Org: PP Lugar: Canarias PP<\/span><\/p>\n<p style=\"text-align: center;\"><span style=\"font-size: 14pt;\">Caso Fern\u00e1ndez de la Cueva Partido\/Org: PP Lugar: Castilla La Mancha PP<\/span><\/p>\n<p style=\"text-align: center;\"><span style=\"font-size: 14pt;\">Caso Fitonovo Partido\/Org: PP Lugar: Nacional PP<\/span><\/p>\n<p style=\"text-align: center;\"><span style=\"font-size: 14pt;\">Caso Flotador\/Aig\u00fces Sagunt Partido\/Org: PP Lugar: Comunidad Valenciana PP<\/span><\/p>\n<p style=\"text-align: center;\"><span style=\"font-size: 14pt;\">Caso Funeraria Madrid Partido\/Org: PP Lugar: Comunidad de Madrid PP<\/span><\/p>\n<p style=\"text-align: center;\"><span style=\"font-size: 14pt;\">Caso G\u00f3ndola Partido\/Org: PP Lugar: Canarias PP<\/span><\/p>\n<p style=\"text-align: center;\"><span style=\"font-size: 14pt;\">Caso Gondomar Partido\/Org: PP Lugar: Galicia PP<\/span><\/p>\n<p style=\"text-align: center;\"><span style=\"font-size: 14pt;\">Caso G\u00f3ngora Partido\/Org: PP Lugar: Andaluc\u00eda PP<\/span><\/p>\n<p style=\"text-align: center;\"><span style=\"font-size: 14pt;\">Caso Gran Alacant Partido\/Org: PP Lugar: Comunidad Valenciana PP<\/span><\/p>\n<p style=\"text-align: center;\"><span style=\"font-size: 14pt;\">Caso Guateque Partido\/Org: PP Lugar: Comunidad de Madrid PP<\/span><\/p>\n<p style=\"text-align: center;\"><span style=\"font-size: 14pt;\">Caso Guerra 21 Partido\/Org: PP Lugar: Andaluc\u00eda PP<\/span><\/p>\n<p style=\"text-align: center;\"><span style=\"font-size: 14pt;\">Caso G\u00fcrtel Partido\/Org: PP Lugar: Nacional PP<\/span><\/p>\n<p style=\"text-align: center;\"><span style=\"font-size: 14pt;\">Caso G\u00fcrtel\/Arganda Partido\/Org: PP Lugar: Comunidad de Madrid PP<\/span><\/p>\n<p style=\"text-align: center;\"><span style=\"font-size: 14pt;\">Caso G\u00fcrtel\/Ayto. de Jerez Partido\/Org: PP Lugar: Andaluc\u00eda PP<\/span><\/p>\n<p style=\"text-align: center;\"><span style=\"font-size: 14pt;\">Caso G\u00fcrtel\/Boadilla Partido\/Org: PP Lugar: Comunidad de Madrid PP<\/span><\/p>\n<p style=\"text-align: center;\"><span style=\"font-size: 14pt;\">Caso G\u00fcrtel\/Caja B PP Valencia Partido\/Org: PP Lugar: Comunidad Valenciana PP<\/span><\/p>\n<p style=\"text-align: center;\"><span style=\"font-size: 14pt;\">Caso G\u00fcrtel\/Contratos Valencia Partido\/Org: PP Lugar: Comunidad Valenciana PP<\/span><\/p>\n<p style=\"text-align: center;\"><span style=\"font-size: 14pt;\">Caso G\u00fcrtel\/Fitur Partido\/Org: PP Lugar: Comunidad Valenciana PP<\/span><\/p>\n<p style=\"text-align: center;\"><span style=\"font-size: 14pt;\">Caso G\u00fcrtel\/Papeles B\u00e1rcenas Partido\/Org: PP Lugar: Comunidad de Madrid PP<\/span><\/p>\n<p style=\"text-align: center;\"><span style=\"font-size: 14pt;\">Caso G\u00fcrtel\/Primera \u00c9poca Partido\/Org: PP Lugar: Comunidad de Madrid PP<\/span><\/p>\n<p style=\"text-align: center;\"><span style=\"font-size: 14pt;\">Caso G\u00fcrtel\/Visita del Papa Partido\/Org: PP Lugar: Comunidad Valenciana PP<\/span><\/p>\n<p style=\"text-align: center;\"><span style=\"font-size: 14pt;\">Caso Halsa Partido\/Org: PP Lugar: Andaluc\u00eda PP<\/span><\/p>\n<p style=\"text-align: center;\"><span style=\"font-size: 14pt;\">Caso Hidrogea Partido\/Org: PP Lugar: Regi\u00f3n de Murcia PP<\/span><\/p>\n<p style=\"text-align: center;\"><span style=\"font-size: 14pt;\">Caso Horas Extras Partido\/Org: PP Lugar: Andaluc\u00eda PP<\/span><\/p>\n<p style=\"text-align: center;\"><span style=\"font-size: 14pt;\">Caso Hoyo de Manzanares Partido\/Org: PP Lugar: Comunidad de Madrid PP<\/span><\/p>\n<p style=\"text-align: center;\"><span style=\"font-size: 14pt;\">Caso Imarol Partido\/Org: PP Lugar: Comunidad Valenciana PP<\/span><\/p>\n<p style=\"text-align: center;\"><span style=\"font-size: 14pt;\">Caso Imelsa Partido\/Org: PP Lugar: Comunidad Valenciana PP<\/span><\/p>\n<p style=\"text-align: center;\"><span style=\"font-size: 14pt;\">CASO INESTUR\/CONTRATOS Partido\/Org: PP Lugar: Baleares PP<\/span><\/p>\n<p style=\"text-align: center;\"><span style=\"font-size: 14pt;\"><span style=\"vertical-align: inherit;\"><span style=\"vertical-align: inherit;\">Caso Innova Gand\u00eda Partido\/Org: PP-PSOE Lugar: Comunidad Valenciana PP-PSOE<\/span><\/span><\/span><\/p>\n<p style=\"text-align: center;\"><span style=\"font-size: 14pt;\"><span style=\"vertical-align: inherit;\"><span style=\"vertical-align: inherit;\">Caso Isjoma Partido\/Org: PP Lugar: Comunidad Valenciana PP<\/span><\/span><\/span><\/p>\n<p style=\"text-align: center;\"><span style=\"font-size: 14pt;\"><span style=\"vertical-align: inherit;\"><span style=\"vertical-align: inherit;\">Caso IVAM Partido\/Org: PP Lugar: Comunidad Valenciana PP<\/span><\/span><\/span><\/p>\n<p style=\"text-align: center;\"><span style=\"font-size: 14pt;\"><span style=\"vertical-align: inherit;\"><span style=\"vertical-align: inherit;\">Caso IVIMA Partido\/Org: PP Lugar: Comunidad de Madrid PP<\/span><\/span><\/span><\/p>\n<p style=\"text-align: center;\"><span style=\"font-size: 14pt;\"><span style=\"vertical-align: inherit;\"><span style=\"vertical-align: inherit;\">Caso Iznatoraf Partido\/Org: PP Lugar: Andaluc\u00eda PP<\/span><\/span><\/span><\/p>\n<p style=\"text-align: center;\"><span style=\"font-size: 14pt;\"><span style=\"vertical-align: inherit;\"><span style=\"vertical-align: inherit;\">Caso Jadraque Partido\/Org: PP Lugar: Castilla La Mancha PP<\/span><\/span><\/span><\/p>\n<p style=\"text-align: center;\"><span style=\"font-size: 14pt;\"><span style=\"vertical-align: inherit;\"><span style=\"vertical-align: inherit;\">Caso La Fabriquilla Partido\/Org: PP Lugar: Andaluc\u00eda PP<\/span><\/span><\/span><\/p>\n<p style=\"text-align: center;\"><span style=\"font-size: 14pt;\"><span style=\"vertical-align: inherit;\"><span style=\"vertical-align: inherit;\">Caso La Sal Partido\/Org: PP Lugar: Regi\u00f3n de Murcia PP<\/span><\/span><\/span><\/p>\n<p style=\"text-align: center;\"><span style=\"font-size: 14pt;\"><span style=\"vertical-align: inherit;\"><span style=\"vertical-align: inherit;\">Caso Lezo Partido\/Org: PP Lugar: Comunidad de Madrid PP<\/span><\/span><\/span><\/p>\n<p style=\"text-align: center;\"><span style=\"font-size: 14pt;\"><span style=\"vertical-align: inherit;\"><span style=\"vertical-align: inherit;\">Caso Lezo\/Blanqueo capitales Partido\/Org: PP Lugar: Comunidad de Madrid PP<\/span><\/span><\/span><\/p>\n<p style=\"text-align: center;\"><span style=\"font-size: 14pt;\"><span style=\"vertical-align: inherit;\"><span style=\"vertical-align: inherit;\">Caso Lezo\/Canal Golf Partido\/Org: PP Lugar: Comunidad de Madrid PP<\/span><\/span><\/span><\/p>\n<p style=\"text-align: center;\"><span style=\"font-size: 14pt;\"><span style=\"vertical-align: inherit;\"><span style=\"vertical-align: inherit;\">Caso Lezo\/Financiaci\u00f3n PP Partido\/Org: PP Lugar: Comunidad de Madrid PP<\/span><\/span><\/span><\/p>\n<p style=\"text-align: center;\"><span style=\"font-size: 14pt;\"><span style=\"vertical-align: inherit;\"><span style=\"vertical-align: inherit;\">Caso Lezo\/Inassa y Emissao Partido\/Org: PP Lugar: Comunidad de Madrid PP<\/span><\/span><\/span><\/p>\n<p style=\"text-align: center;\"><span style=\"font-size: 14pt;\"><span style=\"vertical-align: inherit;\"><span style=\"vertical-align: inherit;\">Caso Lezo\/Mercasa Partido\/Org: PP Lugar: Comunidad de Madrid PP<\/span><\/span><\/span><\/p>\n<p style=\"text-align: center;\"><span style=\"font-size: 14pt;\"><span style=\"vertical-align: inherit;\"><span style=\"vertical-align: inherit;\">Caso Lezo\/Tren Navalcarnero Partido\/Org: PP Lugar: Comunidad de Madrid PP<\/span><\/span><\/span><\/p>\n<p style=\"text-align: center;\"><span style=\"font-size: 14pt;\"><span style=\"vertical-align: inherit;\"><span style=\"vertical-align: inherit;\">Caso L\u00edber Partido\/Org: PP Lugar: Regi\u00f3n de Murcia PP<\/span><\/span><\/span><\/p>\n<p style=\"text-align: center;\"><span style=\"font-size: 14pt;\"><span style=\"vertical-align: inherit;\"><span style=\"vertical-align: inherit;\">Caso Los Bonales Partido\/Org: PP Lugar: Castilla La Mancha PP<\/span><\/span><\/span><\/p>\n<p style=\"text-align: center;\"><span style=\"font-size: 14pt;\"><span style=\"vertical-align: inherit;\"><span style=\"vertical-align: inherit;\">Caso Maldonado Partido\/Org: PP Lugar: Andaluc\u00eda PP<\/span><\/span><\/span><\/p>\n<p style=\"text-align: center;\"><span style=\"font-size: 14pt;\"><span style=\"vertical-align: inherit;\"><span style=\"vertical-align: inherit;\">Caso Mar Blau Partido\/Org: PP-PSOE Lugar: Baleares PP-PSOE<\/span><\/span><\/span><\/p>\n<p style=\"text-align: center;\"><span style=\"font-size: 14pt;\"><span style=\"vertical-align: inherit;\"><span style=\"vertical-align: inherit;\">Caso Mar Menor Golf Resort Partido\/Org: PP Lugar: Regi\u00f3n de Murcia PP<\/span><\/span><\/span><\/p>\n<p style=\"text-align: center;\"><span style=\"font-size: 14pt;\"><span style=\"vertical-align: inherit;\"><span style=\"vertical-align: inherit;\">Caso Marchelo Partido\/Org: PP Lugar: Andaluc\u00eda PP<\/span><\/span><\/span><\/p>\n<p style=\"text-align: center;\"><span style=\"font-size: 14pt;\"><span style=\"vertical-align: inherit;\"><span style=\"vertical-align: inherit;\">Caso Mar\u00eda Casado Partido\/Org: PP Lugar: Comunidad de Madrid PP<\/span><\/span><\/span><\/p>\n<p style=\"text-align: center;\"><span style=\"font-size: 14pt;\"><span style=\"vertical-align: inherit;\"><span style=\"vertical-align: inherit;\">Caso M\u00e1ster Partido\/Org: PP Lugar: Comunidad de Madrid PP<\/span><\/span><\/span><\/p>\n<p style=\"text-align: center;\"><span style=\"font-size: 14pt;\"><span style=\"vertical-align: inherit;\"><span style=\"vertical-align: inherit;\">Caso Matinsreg Partido\/Org: PP Lugar: Andaluc\u00eda PP<\/span><\/span><\/span><\/p>\n<p style=\"text-align: center;\"><span style=\"font-size: 14pt;\"><span style=\"vertical-align: inherit;\"><span style=\"vertical-align: inherit;\">Caso Medina del Campo Partido\/Org: PP Lugar: Castilla y Le\u00f3n PP<\/span><\/span><\/span><\/p>\n<p style=\"text-align: center;\"><span style=\"font-size: 14pt;\"><span style=\"vertical-align: inherit;\"><span style=\"vertical-align: inherit;\">Caso Mercadillos Partido\/Org: PP Lugar: Canarias PP<\/span><\/span><\/span><\/p>\n<p style=\"text-align: center;\"><span style=\"font-size: 14pt;\"><span style=\"vertical-align: inherit;\"><span style=\"vertical-align: inherit;\">Caso Mercamadrid Partido\/Org: PP Lugar: Comunidad de Madrid PP<\/span><\/span><\/span><\/p>\n<p style=\"text-align: center;\"><span style=\"font-size: 14pt;\"><span style=\"vertical-align: inherit;\"><span style=\"vertical-align: inherit;\">Caso Mijas Partido\/Org: PP Lugar: Andaluc\u00eda PP<\/span><\/span><\/span><\/p>\n<p style=\"text-align: center;\"><span style=\"font-size: 14pt;\"><span style=\"vertical-align: inherit;\"><span style=\"vertical-align: inherit;\">Caso Mislata Partido\/Org: PP Lugar: Comunidad Valenciana PP<\/span><\/span><\/span><\/p>\n<p style=\"text-align: center;\"><span style=\"font-size: 14pt;\"><span style=\"vertical-align: inherit;\"><span style=\"vertical-align: inherit;\">Caso Monroy Partido\/Org: PP Lugar: Extremadura PP<\/span><\/span><\/span><\/p>\n<p style=\"text-align: center;\"><span style=\"font-size: 14pt;\"><span style=\"vertical-align: inherit;\"><span style=\"vertical-align: inherit;\">Caso M\u00f3viles Benig\u00e0nim Partido\/Org: PP Lugar: Comunidad Valenciana PP<\/span><\/span><\/span><\/p>\n<p style=\"text-align: center;\"><span style=\"font-size: 14pt;\"><span style=\"vertical-align: inherit;\"><span style=\"vertical-align: inherit;\">Caso Naseiro Partido\/Org: PP Lugar: Comunidad Valenciana PP<\/span><\/span><\/span><\/p>\n<p style=\"text-align: center;\"><span style=\"font-size: 14pt;\"><span style=\"vertical-align: inherit;\"><span style=\"vertical-align: inherit;\">Caso Navajas Partido\/Org: PP Lugar: Comunidad Valenciana PP<\/span><\/span><\/span><\/p>\n<p style=\"text-align: center;\"><span style=\"font-size: 14pt;\"><span style=\"vertical-align: inherit;\"><span style=\"vertical-align: inherit;\">Caso Nazar\u00ed Partido\/Org: PP Lugar: Andaluc\u00eda PP<\/span><\/span><\/span><\/p>\n<p style=\"text-align: center;\"><span style=\"font-size: 14pt;\"><span style=\"vertical-align: inherit;\"><span style=\"vertical-align: inherit;\">Caso Nelson Santos Partido\/Org: PP Lugar: Galicia PP<\/span><\/span><\/span><\/p>\n<p style=\"text-align: center;\"><span style=\"font-size: 14pt;\"><span style=\"vertical-align: inherit;\"><span style=\"vertical-align: inherit;\">Caso Nerer Partido\/Org: PP Lugar: Baleares PP<\/span><\/span><\/span><\/p>\n<p style=\"text-align: center;\"><span style=\"font-size: 14pt;\"><span style=\"vertical-align: inherit;\"><span style=\"vertical-align: inherit;\">Caso N\u00f3os Partido\/Org: PP Lugar: Baleares PP<\/span><\/span><\/span><\/p>\n<p style=\"text-align: center;\"><span style=\"font-size: 14pt;\"><span style=\"vertical-align: inherit;\"><span style=\"vertical-align: inherit;\">Caso Novo Cartago Partido\/Org: PP Lugar: Regi\u00f3n de Murcia PP<\/span><\/span><\/span><\/p>\n<p style=\"text-align: center;\"><span style=\"font-size: 14pt;\"><span style=\"vertical-align: inherit;\"><span style=\"vertical-align: inherit;\">Caso Obras de Arte Partido\/Org: PP Lugar: Comunidad Valenciana PP<\/span><\/span><\/span><\/p>\n<p style=\"text-align: center;\"><span style=\"font-size: 14pt;\"><span style=\"vertical-align: inherit;\"><span style=\"vertical-align: inherit;\">Caso Olula del R\u00edo Partido\/Org: PP Lugar: Andaluc\u00eda PP<\/span><\/span><\/span><\/p>\n<p style=\"text-align: center;\"><span style=\"font-size: 14pt;\"><span style=\"vertical-align: inherit;\"><span style=\"vertical-align: inherit;\">Caso \u00d3pera Partido\/Org: PP Lugar: Baleares PP<\/span><\/span><\/span><\/p>\n<p style=\"text-align: center;\"><span style=\"font-size: 14pt;\"><span style=\"vertical-align: inherit;\"><span style=\"vertical-align: inherit;\">Caso Oposiciones Melilla Partido\/Org: PP Lugar: Melilla PP<\/span><\/span><\/span><\/p>\n<p style=\"text-align: center;\"><span style=\"font-size: 14pt;\"><span style=\"vertical-align: inherit;\"><span style=\"vertical-align: inherit;\">Caso ORA Partido\/Org: PP Lugar: Baleares PP<\/span><\/span><\/span><\/p>\n<p style=\"text-align: center;\"><span style=\"font-size: 14pt;\"><span style=\"vertical-align: inherit;\"><span style=\"vertical-align: inherit;\">Caso Ordenadores B\u00e1rcenas Partido\/Org: PP Lugar: Nacional PP<\/span><\/span><\/span><\/p>\n<p style=\"text-align: center;\"><span style=\"font-size: 14pt;\"><span style=\"vertical-align: inherit;\"><span style=\"vertical-align: inherit;\">Caso Osvaldos Partido\/Org: PP Lugar: Comunidad Valenciana PP<\/span><\/span><\/span><\/p>\n<p style=\"text-align: center;\"><span style=\"font-size: 14pt;\"><span style=\"vertical-align: inherit;\"><span style=\"vertical-align: inherit;\">Caso Otura Partido\/Org: PP Lugar: Andaluc\u00eda PP<\/span><\/span><\/span><\/p>\n<p style=\"text-align: center;\"><span style=\"font-size: 14pt;\"><span style=\"vertical-align: inherit;\"><span style=\"vertical-align: inherit;\">Caso Sobre Marketing Partido\/Org: PP Lugar: Baleares PP<\/span><\/span><\/span><\/p>\n<p style=\"text-align: center;\"><span style=\"font-size: 14pt;\"><span style=\"vertical-align: inherit;\"><span style=\"vertical-align: inherit;\">Caso Pabell\u00f3n Andr\u00e9s Torrej\u00f3n Partido\/Org: PP Lugar: Comunidad de Madrid PP<\/span><\/span><\/span><\/p>\n<p style=\"text-align: center;\"><span style=\"font-size: 14pt;\"><span style=\"vertical-align: inherit;\"><span style=\"vertical-align: inherit;\">Caso Palas de Rei Partido\/Org: PP Lugar: Galicia PP<\/span><\/span><\/span><\/p>\n<p style=\"text-align: center;\"><span style=\"font-size: 14pt;\"><span style=\"vertical-align: inherit;\"><span style=\"vertical-align: inherit;\">Caso Palau de les Arts Partido\/Org: PP Lugar: Comunidad Valenciana PP<\/span><\/span><\/span><\/p>\n<p style=\"text-align: center;\"><span style=\"font-size: 14pt;\"><span style=\"vertical-align: inherit;\"><span style=\"vertical-align: inherit;\">Caso Palma Arena Partido\/Org: PP Lugar: Baleares PP<\/span><\/span><\/span><\/p>\n<p style=\"text-align: center;\"><span style=\"font-size: 14pt;\"><span style=\"vertical-align: inherit;\"><span style=\"vertical-align: inherit;\">Caso Pardellas Partido\/Org: PP Lugar: Galicia PP<\/span><\/span><\/span><\/p>\n<p style=\"text-align: center;\"><span style=\"font-size: 14pt;\"><span style=\"vertical-align: inherit;\"><span style=\"vertical-align: inherit;\">Caso Parking Las Calcosas Partido\/Org: PP Lugar: Canarias PP<\/span><\/span><\/span><\/p>\n<p style=\"text-align: center;\"><span style=\"font-size: 14pt;\"><span style=\"vertical-align: inherit;\"><span style=\"vertical-align: inherit;\">Caso Pasarelas Partido\/Org: PP Lugar: Regi\u00f3n de Murcia PP<\/span><\/span><\/span><\/p>\n<p style=\"text-align: center;\"><span style=\"font-size: 14pt;\"><span style=\"vertical-align: inherit;\"><span style=\"vertical-align: inherit;\">Caso Patos\/Fornelos Partido\/Org: PP Lugar: Galicia PP<\/span><\/span><\/span><\/p>\n<p style=\"text-align: center;\"><span style=\"font-size: 14pt;\"><span style=\"vertical-align: inherit;\"><span style=\"vertical-align: inherit;\">Caso Patos\/Mora\u00f1a Partido\/Org: PP Lugar: Galicia PP<\/span><\/span><\/span><\/p>\n<p style=\"text-align: center;\"><span style=\"font-size: 14pt;\"><span style=\"vertical-align: inherit;\"><span style=\"vertical-align: inherit;\">Caso Patos\/Nigr\u00e1n Partido\/Org: PP Lugar: Galicia PP<\/span><\/span><\/span><\/p>\n<p style=\"text-align: center;\"><span style=\"font-size: 14pt;\"><span style=\"vertical-align: inherit;\"><span style=\"vertical-align: inherit;\">Caso Perla Negra Partido\/Org: PP Lugar: Castilla y Le\u00f3n PP<\/span><\/span><\/span><\/p>\n<p style=\"text-align: center;\"><span style=\"font-size: 14pt;\"><span style=\"vertical-align: inherit;\"><span style=\"vertical-align: inherit;\">Caso PGOU Vall de Alba Partido\/Org: PP Lugar: Comunidad Valenciana PP<\/span><\/span><\/span><\/p>\n<p style=\"text-align: center;\"><span style=\"font-size: 14pt;\"><span style=\"vertical-align: inherit;\"><span style=\"vertical-align: inherit;\">Caso PGOU Valladolid Partido\/Org: PP Lugar: Castilla y Le\u00f3n PP<\/span><\/span><\/span><\/p>\n<p style=\"text-align: center;\"><span style=\"font-size: 14pt;\"><span style=\"vertical-align: inherit;\"><span style=\"vertical-align: inherit;\">Caso Piscina Partido\/Org: PP Lugar: Canarias PP<\/span><\/span><\/span><\/p>\n<p style=\"text-align: center;\"><span style=\"font-size: 14pt;\"><span style=\"vertical-align: inherit;\"><span style=\"vertical-align: inherit;\">Caso Pok\u00e9mon Partido\/Org: PP-PSOE Lugar: Galicia PP-PSOE<\/span><\/span><\/span><\/p>\n<p style=\"text-align: center;\"><span style=\"font-size: 14pt;\"><span style=\"vertical-align: inherit;\"><span style=\"vertical-align: inherit;\">Caso Pokemon\/Concello Santiago Partido\/Org: PP Lugar: Galicia PP<\/span><\/span><\/span><\/p>\n<p style=\"text-align: center;\"><span style=\"font-size: 14pt;\"><span style=\"vertical-align: inherit;\"><span style=\"vertical-align: inherit;\">Caso Pokemon\/Vendex Partido\/Org: PP-PSOE Lugar: Galicia PP-PSOE<\/span><\/span><\/span><\/p>\n<p style=\"text-align: center;\"><span style=\"font-size: 14pt;\"><span style=\"vertical-align: inherit;\"><span style=\"vertical-align: inherit;\">Caso Polideportivo Estaci\u00f3n Partido\/Org: PP Lugar: Comunidad de Madrid PP<\/span><\/span><\/span><\/p>\n<p style=\"text-align: center;\"><span style=\"font-size: 14pt;\"><span style=\"vertical-align: inherit;\"><span style=\"vertical-align: inherit;\">Caso Polideportivo Ibi Partido\/Org: PP Lugar: Comunidad Valenciana PP<\/span><\/span><\/span><\/p>\n<p style=\"text-align: center;\"><span style=\"font-size: 14pt;\"><span style=\"vertical-align: inherit;\"><span style=\"vertical-align: inherit;\">Caso Ponteceso Partido\/Org: PP Lugar: Galicia PP<\/span><\/span><\/span><\/p>\n<p style=\"text-align: center;\"><span style=\"font-size: 14pt;\"><span style=\"vertical-align: inherit;\"><span style=\"vertical-align: inherit;\">Caso Porto Partido\/Org: PP Lugar: Comunidad de Madrid PP<\/span><\/span><\/span><\/p>\n<p style=\"text-align: center;\"><span style=\"font-size: 14pt;\"><span style=\"vertical-align: inherit;\"><span style=\"vertical-align: inherit;\">Caso PP alcazare\u00f1o Partido\/Org: PP Lugar: Castilla La Mancha PP<\/span><\/span><\/span><\/p>\n<p style=\"text-align: center;\"><span style=\"font-size: 14pt;\"><span style=\"vertical-align: inherit;\"><span style=\"vertical-align: inherit;\">Caso PP de Valga Partido\/Org: PP Lugar: Galicia PP<\/span><\/span><\/span><\/p>\n<p style=\"text-align: center;\"><span style=\"font-size: 14pt;\"><span style=\"vertical-align: inherit;\"><span style=\"vertical-align: inherit;\">Caso PP Moj\u00e1car Partido\/Org: PP Lugar: Andaluc\u00eda PP<\/span><\/span><\/span><\/p>\n<p style=\"text-align: center;\"><span style=\"font-size: 14pt;\"><span style=\"vertical-align: inherit;\"><span style=\"vertical-align: inherit;\">Caso Puerta de Hierro Partido\/Org: PP Lugar: Comunidad de Madrid PP<\/span><\/span><\/span><\/p>\n<p style=\"text-align: center;\"><span style=\"font-size: 14pt;\"><span style=\"vertical-align: inherit;\"><span style=\"vertical-align: inherit;\">Caso Puertos Deportivos Partido\/Org: PP Lugar: Comunidad Valenciana PP<\/span><\/span><\/span><\/p>\n<p style=\"text-align: center;\"><span style=\"font-size: 14pt;\"><span style=\"vertical-align: inherit;\"><span style=\"vertical-align: inherit;\">Caso Pujalte Partido\/Org: PP Lugar: Comunidad de Madrid PP<\/span><\/span><\/span><\/p>\n<p style=\"text-align: center;\"><span style=\"font-size: 14pt;\"><span style=\"vertical-align: inherit;\"><span style=\"vertical-align: inherit;\">Caso P\u00fanica Partido\/Org: PP Lugar: Nacional PP<\/span><\/span><\/span><\/p>\n<p style=\"text-align: center;\"><span style=\"font-size: 14pt;\"><span style=\"vertical-align: inherit;\"><span style=\"vertical-align: inherit;\">Caso P\u00fanica\/Alfedel Partido\/Org: PP Lugar: Comunidad de Madrid PP<\/span><\/span><\/span><\/p>\n<p style=\"text-align: center;\"><span style=\"font-size: 14pt;\"><span style=\"vertical-align: inherit;\"><span style=\"vertical-align: inherit;\">Caso P\u00fanica\/Arpegio Partido\/Org: PP Lugar: Comunidad de Madrid PP<\/span><\/span><\/span><\/p>\n<p style=\"text-align: center;\"><span style=\"font-size: 14pt;\"><span style=\"vertical-align: inherit;\"><span style=\"vertical-align: inherit;\">Caso P\u00fanica\/Blanqueo capitales Partido\/Org: PP Lugar: Comunidad de Madrid PP<\/span><\/span><\/span><\/p>\n<p style=\"text-align: center;\"><span style=\"font-size: 14pt;\"><span style=\"vertical-align: inherit;\"><span style=\"vertical-align: inherit;\">Caso P\u00fanica\/Cofely Partido\/Org: PP Lugar: Comunidad de Madrid PP<\/span><\/span><\/span><\/p>\n<p style=\"text-align: center;\"><span style=\"font-size: 14pt;\"><span style=\"vertical-align: inherit;\"><span style=\"vertical-align: inherit;\">Caso P\u00fanica\/Contratos P\u00fablicos Partido\/Org: PP Lugar: Comunidad de Madrid PP<\/span><\/span><\/span><\/p>\n<p style=\"text-align: center;\"><span style=\"font-size: 14pt;\"><span style=\"vertical-align: inherit;\"><span style=\"vertical-align: inherit;\">Caso P\u00fanica\/Diputaci\u00f3n de Le\u00f3n Partido\/Org: PP Lugar: Castilla y Le\u00f3n PP<\/span><\/span><\/span><\/p>\n<p style=\"text-align: center;\"><span style=\"font-size: 14pt;\"><span style=\"vertical-align: inherit;\"><span style=\"vertical-align: inherit;\">Caso P\u00fanica\/Eico y Madiva Partido\/Org: PP Lugar: Comunidad de Madrid PP<\/span><\/span><\/span><\/p>\n<p style=\"text-align: center;\"><span style=\"font-size: 14pt;\"><span style=\"vertical-align: inherit;\"><span style=\"vertical-align: inherit;\">Caso P\u00fanica\/Financiaci\u00f3n PP Partido\/Org: PP Lugar: Comunidad de Madrid PP<\/span><\/span><\/span><\/p>\n<p style=\"text-align: center;\"><span style=\"font-size: 14pt;\"><span style=\"vertical-align: inherit;\"><span style=\"vertical-align: inherit;\">Caso P\u00fanica\/Murcia Partido\/Org: PP Lugar: Regi\u00f3n de Murcia PP<\/span><\/span><\/span><\/p>\n<p style=\"text-align: center;\"><span style=\"font-size: 14pt;\"><span style=\"vertical-align: inherit;\"><span style=\"vertical-align: inherit;\">Caso P\u00fanica\/Talamino Partido\/Org: PP Lugar: Comunidad de Madrid PP<\/span><\/span><\/span><\/p>\n<p style=\"text-align: center;\"><span style=\"font-size: 14pt;\"><span style=\"vertical-align: inherit;\"><span style=\"vertical-align: inherit;\">Caso P\u00fanica\/Valdemoro Partido\/Org: PP Lugar: Comunidad de Madrid PP<\/span><\/span><\/span><\/p>\n<p style=\"text-align: center;\"><span style=\"font-size: 14pt;\"><span style=\"vertical-align: inherit;\"><span style=\"vertical-align: inherit;\">Caso P\u00fanica\/M\u00fasica Camarero Partido\/Org: PP Lugar: Comunidad de Madrid PP<\/span><\/span><\/span><\/p>\n<p style=\"text-align: center;\"><span style=\"font-size: 14pt;\"><span style=\"vertical-align: inherit;\"><span style=\"vertical-align: inherit;\">Caso Rasput\u00edn Partido\/Org: PP Lugar: Baleares PP<\/span><\/span><\/span><\/p>\n<p style=\"text-align: center;\"><span style=\"font-size: 14pt;\"><span style=\"vertical-align: inherit;\"><span style=\"vertical-align: inherit;\">Caso Rato\/Blanqueo de capitales Partido\/Org: PP Lugar: Nacional PP<\/span><\/span><\/span><\/p>\n<p style=\"text-align: center;\"><span style=\"font-size: 14pt;\"><span style=\"vertical-align: inherit;\"><span style=\"vertical-align: inherit;\">Caso Rato\/Fraude Fiscal Partido\/Org: PP Lugar: Nacional PP<\/span><\/span><\/span><\/p>\n<p style=\"text-align: center;\"><span style=\"font-size: 14pt;\"><span style=\"vertical-align: inherit;\"><span style=\"vertical-align: inherit;\">Caso Residencia El Gordo Partido\/Org: PP Lugar: Extremadura PP<\/span><\/span><\/span><\/p>\n<p style=\"text-align: center;\"><span style=\"font-size: 14pt;\"><span style=\"vertical-align: inherit;\"><span style=\"vertical-align: inherit;\">Caso Rosinos Partido\/Org: PP Lugar: Castilla y Le\u00f3n PP<\/span><\/span><\/span><\/p>\n<p style=\"text-align: center;\"><span style=\"font-size: 14pt;\"><span style=\"vertical-align: inherit;\"><span style=\"vertical-align: inherit;\">Caso Rototom Partido\/Org: PP Lugar: Comunidad Valenciana PP<\/span><\/span><\/span><\/p>\n<p style=\"text-align: center;\"><span style=\"font-size: 14pt;\"><span style=\"vertical-align: inherit;\"><span style=\"vertical-align: inherit;\">Caso RTVV Partido\/Org: PP Lugar: Comunidad Valenciana PP<\/span><\/span><\/span><\/p>\n<p style=\"text-align: center;\"><span style=\"font-size: 14pt;\"><span style=\"vertical-align: inherit;\"><span style=\"vertical-align: inherit;\">Caso Salm\u00f3n Partido\/Org: PP Lugar: Canarias PP<\/span><\/span><\/span><\/p>\n<p style=\"text-align: center;\"><span style=\"font-size: 14pt;\"><span style=\"vertical-align: inherit;\"><span style=\"vertical-align: inherit;\">Caso Samaniego Partido\/Org: PP Lugar: Castilla y Le\u00f3n PP<\/span><\/span><\/span><\/p>\n<p style=\"text-align: center;\"><span style=\"font-size: 14pt;\"><span style=\"vertical-align: inherit;\"><span style=\"vertical-align: inherit;\">Caso San Antonio Partido\/Org: PP Lugar: Pa\u00eds Vasco PP<\/span><\/span><\/span><\/p>\n<p style=\"text-align: center;\"><span style=\"font-size: 14pt;\"><span style=\"vertical-align: inherit;\"><span style=\"vertical-align: inherit;\">Caso San Javier Partido\/Org: PP Lugar: Regi\u00f3n de Murcia PP<\/span><\/span><\/span><\/p>\n<p style=\"text-align: center;\"><span style=\"font-size: 14pt;\"><span style=\"vertical-align: inherit;\"><span style=\"vertical-align: inherit;\">Caso Santa Br\u00edgida Partido\/Org: PP Lugar: Canarias PP<\/span><\/span><\/span><\/p>\n<p style=\"text-align: center;\"><span style=\"font-size: 14pt;\"><span style=\"vertical-align: inherit;\"><span style=\"vertical-align: inherit;\">Caso Sebasti\u00e1n Ruiz Partido\/Org: PP Lugar: Andaluc\u00eda PP<\/span><\/span><\/span><\/p>\n<p style=\"text-align: center;\"><span style=\"font-size: 14pt;\"><span style=\"vertical-align: inherit;\"><span style=\"vertical-align: inherit;\">Caso Serrallo Partido\/Org: PP Lugar: Andaluc\u00eda PP<\/span><\/span><\/span><\/p>\n<p style=\"text-align: center;\"><span style=\"font-size: 14pt;\"><span style=\"vertical-align: inherit;\"><span style=\"vertical-align: inherit;\">Caso Sobresueldos Partido\/Org: PP-PSOE Lugar: Andaluc\u00eda PP-PSOE<\/span><\/span><\/span><\/p>\n<p style=\"text-align: center;\"><span style=\"font-size: 14pt;\"><span style=\"vertical-align: inherit;\"><span style=\"vertical-align: inherit;\">Caso Son Espases Partido\/Org: PP Lugar: Baleares PP<\/span><\/span><\/span><\/p>\n<p style=\"text-align: center;\"><span style=\"font-size: 14pt;\"><span style=\"vertical-align: inherit;\"><span style=\"vertical-align: inherit;\">Caso Sporting Partido\/Org: PP Lugar: Comunidad Valenciana PP<\/span><\/span><\/span><\/p>\n<p style=\"text-align: center;\"><span style=\"font-size: 14pt;\"><span style=\"vertical-align: inherit;\"><span style=\"vertical-align: inherit;\">Caso Subastas Partido\/Org: PP Lugar: Andaluc\u00eda PP<\/span><\/span><\/span><\/p>\n<p style=\"text-align: center;\"><span style=\"font-size: 14pt;\"><span style=\"vertical-align: inherit;\"><span style=\"vertical-align: inherit;\">Caso Subvenci\u00f3n PP Partido\/Org: PP Lugar: Baleares PP<\/span><\/span><\/span><\/p>\n<p style=\"text-align: center;\"><span style=\"font-size: 14pt;\"><span style=\"vertical-align: inherit;\"><span style=\"vertical-align: inherit;\">Caso Subvenciones Melilla Partido\/Org: PP Lugar: Melilla PP<\/span><\/span><\/span><\/p>\n<p style=\"text-align: center;\"><span style=\"font-size: 14pt;\"><span style=\"vertical-align: inherit;\"><span style=\"vertical-align: inherit;\">Caso Suma Chiva Partido\/Org: PP Lugar: Comunidad Valenciana PP<\/span><\/span><\/span><\/p>\n<p style=\"text-align: center;\"><span style=\"font-size: 14pt;\"><span style=\"vertical-align: inherit;\"><span style=\"vertical-align: inherit;\">Caso Taula Partido\/Org: PP Lugar: Comunidad Valenciana PP<\/span><\/span><\/span><\/p>\n<p style=\"text-align: center;\"><span style=\"font-size: 14pt;\"><span style=\"vertical-align: inherit;\"><span style=\"vertical-align: inherit;\">Caso Teatro Partido\/Org: PP Lugar: Comunidad de Madrid PP<\/span><\/span><\/span><\/p>\n<p style=\"text-align: center;\"><span style=\"font-size: 14pt;\"><span style=\"vertical-align: inherit;\"><span style=\"vertical-align: inherit;\">Caso Teatro de Ceheg\u00edn Partido\/Org: PP Lugar: Regi\u00f3n de Murcia PP<\/span><\/span><\/span><\/p>\n<p style=\"text-align: center;\"><span style=\"font-size: 14pt;\"><span style=\"vertical-align: inherit;\"><span style=\"vertical-align: inherit;\">Caso Tele7 Partido\/Org: PP Lugar: Comunidad Valenciana PP<\/span><\/span><\/span><\/p>\n<p style=\"text-align: center;\"><span style=\"font-size: 14pt;\"><span style=\"vertical-align: inherit;\"><span style=\"vertical-align: inherit;\">Caso Terra Natura Benidorm Partido\/Org: PP Lugar: Comunidad Valenciana PP<\/span><\/span><\/span><\/p>\n<p style=\"text-align: center;\"><span style=\"font-size: 14pt;\"><span style=\"vertical-align: inherit;\"><span style=\"vertical-align: inherit;\">Caso TG7 Partido\/Org: PP Lugar: Andaluc\u00eda PP<\/span><\/span><\/span><\/p>\n<p style=\"text-align: center;\"><span style=\"font-size: 14pt;\"><span style=\"vertical-align: inherit;\"><span style=\"vertical-align: inherit;\">Caso Torre Pacheco Partido\/Org: PP Lugar: Regi\u00f3n de Murcia PP<\/span><\/span><\/span><\/p>\n<p style=\"text-align: center;\"><span style=\"font-size: 14pt;\"><span style=\"vertical-align: inherit;\"><span style=\"vertical-align: inherit;\">Caso Torres de Calatrava Partido\/Org: PP Lugar: Comunidad Valenciana PP<\/span><\/span><\/span><\/p>\n<p style=\"text-align: center;\"><span style=\"font-size: 14pt;\"><span style=\"vertical-align: inherit;\"><span style=\"vertical-align: inherit;\">Caso Torrevieja Partido\/Org: PP Lugar: Comunidad Valenciana PP<\/span><\/span><\/span><\/p>\n<p style=\"text-align: center;\"><span style=\"font-size: 14pt;\"><span style=\"vertical-align: inherit;\"><span style=\"vertical-align: inherit;\">Caso Tosca Partido\/Org: PP Lugar: Melilla PP<\/span><\/span><\/span><\/p>\n<p style=\"text-align: center;\"><span style=\"font-size: 14pt;\"><span style=\"vertical-align: inherit;\"><span style=\"vertical-align: inherit;\">Caso T\u00f3tem Partido\/Org: PP Lugar: Regi\u00f3n de Murcia PP<\/span><\/span><\/span><\/p>\n<p style=\"text-align: center;\"><span style=\"font-size: 14pt;\"><span style=\"vertical-align: inherit;\"><span style=\"vertical-align: inherit;\">Caso Trajes Partido\/Org: PP Lugar: Comunidad Valenciana PP<\/span><\/span><\/span><\/p>\n<p style=\"text-align: center;\"><span style=\"font-size: 14pt;\"><span style=\"vertical-align: inherit;\"><span style=\"vertical-align: inherit;\">Caso Trama Solar Partido\/Org: PP Lugar: Castilla y Le\u00f3n PP<\/span><\/span><\/span><\/p>\n<p style=\"text-align: center;\"><span style=\"font-size: 14pt;\"><span style=\"vertical-align: inherit;\"><span style=\"vertical-align: inherit;\">Caso Trapur Partido\/Org: PP Lugar: Cantabria PP<\/span><\/span><\/span><\/p>\n<p style=\"text-align: center;\"><span style=\"font-size: 14pt;\"><span style=\"vertical-align: inherit;\"><span style=\"vertical-align: inherit;\">Caso Trasso Partido\/Org: PP Lugar: Comunidad Valenciana PP<\/span><\/span><\/span><\/p>\n<p style=\"text-align: center;\"><span style=\"font-size: 14pt;\"><span style=\"vertical-align: inherit;\"><span style=\"vertical-align: inherit;\">Caso Troya Partido\/Org: PP Lugar: Andaluc\u00eda PP<\/span><\/span><\/span><\/p>\n<p style=\"text-align: center;\"><span style=\"font-size: 14pt;\"><span style=\"vertical-align: inherit;\"><span style=\"vertical-align: inherit;\">Caso T\u00fanel de S\u00f3ller Partido\/Org: PP Lugar: Baleares PP<\/span><\/span><\/span><\/p>\n<p style=\"text-align: center;\"><span style=\"font-size: 14pt;\"><span style=\"vertical-align: inherit;\"><span style=\"vertical-align: inherit;\">Caso Turismo Joven Partido\/Org: PP Lugar: Baleares PP<\/span><\/span><\/span><\/p>\n<p style=\"text-align: center;\"><span style=\"font-size: 14pt;\"><span style=\"vertical-align: inherit;\"><span style=\"vertical-align: inherit;\">Caso Umbra Partido\/Org: PP Lugar: Regi\u00f3n de Murcia PP<\/span><\/span><\/span><\/p>\n<p style=\"text-align: center;\"><span style=\"font-size: 14pt;\"><span style=\"vertical-align: inherit;\"><span style=\"vertical-align: inherit;\">Caso Uniformes Partido\/Org: PP Lugar: Andaluc\u00eda PP<\/span><\/span><\/span><\/p>\n<p style=\"text-align: center;\"><span style=\"font-size: 14pt;\"><span style=\"vertical-align: inherit;\"><span style=\"vertical-align: inherit;\">Caso Uniformes Santa Pola Partido\/Org: PP Lugar: Comunidad Valenciana PP<\/span><\/span><\/span><\/p>\n<p style=\"text-align: center;\"><span style=\"font-size: 14pt;\"><span style=\"vertical-align: inherit;\"><span style=\"vertical-align: inherit;\">Caso Valle Partido\/Org: PP Lugar: Regi\u00f3n de Murcia PP<\/span><\/span><\/span><\/p>\n<p style=\"text-align: center;\"><span style=\"font-size: 14pt;\"><span style=\"vertical-align: inherit;\"><span style=\"vertical-align: inherit;\">Caso Valmor F\u00f3rmula 1 Partido\/Org: PP Lugar: Comunidad Valenciana PP<\/span><\/span><\/span><\/p>\n<p style=\"text-align: center;\"><span style=\"font-size: 14pt;\"><span style=\"vertical-align: inherit;\"><span style=\"vertical-align: inherit;\">Caso Vela Mata Partido\/Org: PP Lugar: Comunidad Valenciana PP<\/span><\/span><\/span><\/p>\n<p style=\"text-align: center;\"><span style=\"font-size: 14pt;\"><span style=\"vertical-align: inherit;\"><span style=\"vertical-align: inherit;\">Caso Vertedero Molina de Segura Partido\/Org: PP Lugar: Regi\u00f3n de Murcia PP<\/span><\/span><\/span><\/p>\n<p style=\"text-align: center;\"><span style=\"font-size: 14pt;\"><span style=\"vertical-align: inherit;\"><span style=\"vertical-align: inherit;\">Caso Vertedero Nerja Partido\/Org: PP-PSOE Lugar: Andaluc\u00eda PP-PSOE<\/span><\/span><\/span><\/p>\n<p style=\"text-align: center;\"><span style=\"font-size: 14pt;\"><span style=\"vertical-align: inherit;\"><span style=\"vertical-align: inherit;\">Caso V\u00edcar Partido\/Org: PP Lugar: Andaluc\u00eda PP<\/span><\/span><\/span><\/p>\n<p style=\"text-align: center;\"><span style=\"font-size: 14pt;\"><span style=\"vertical-align: inherit;\"><span style=\"vertical-align: inherit;\">Caso Vilari\u00f1o Partido\/Org: PP Lugar: Galicia PP<\/span><\/span><\/span><\/p>\n<p style=\"text-align: center;\"><span style=\"font-size: 14pt;\"><span style=\"vertical-align: inherit;\"><span style=\"vertical-align: inherit;\">Caso Villas del Arenal Partido\/Org: PP Lugar: Andaluc\u00eda PP<\/span><\/span><\/span><\/p>\n<p style=\"text-align: center;\"><span style=\"font-size: 14pt;\"><span style=\"vertical-align: inherit;\"><span style=\"vertical-align: inherit;\">Caso Villaviciosa de Od\u00f3n Partido\/Org: PP Lugar: Comunidad de Madrid PP<\/span><\/span><\/span><\/p>\n<p style=\"text-align: center;\"><span style=\"font-size: 14pt;\"><span style=\"vertical-align: inherit;\"><span style=\"vertical-align: inherit;\">Caso Voltar Lassen Partido\/Org: PP Lugar: Comunidad de Madrid PP<\/span><\/span><\/span><\/p>\n<p style=\"text-align: center;\"><span style=\"font-size: 14pt;\"><span style=\"vertical-align: inherit;\"><span style=\"vertical-align: inherit;\">Caso Xinzo de Limia Partido\/Org: PP Lugar: Galicia PP<\/span><\/span><\/span><\/p>\n<p style=\"text-align: center;\"><span style=\"font-size: 14pt;\"><span style=\"vertical-align: inherit;\"><span style=\"vertical-align: inherit;\">Caso Zahorras Partido\/Org: PP Lugar: Castilla La Mancha PP<\/span><\/span><\/span><\/p>\n<p style=\"text-align: center;\"><span style=\"font-size: 14pt;\"><span style=\"vertical-align: inherit;\"><span style=\"vertical-align: inherit;\">Caso Zamora Partido\/Org: PP Lugar: Castilla y Le\u00f3n PP<\/span><\/span><\/span><\/p>\n<p style=\"text-align: center;\"><span style=\"font-size: 14pt;\"><span style=\"vertical-align: inherit;\"><span style=\"vertical-align: inherit;\">Caso Zebra\/Barral Partido\/Org: PP Lugar: Galicia PP<\/span><\/span><\/span><\/p>\n<p style=\"text-align: center;\"><span style=\"font-size: 14pt;\"><span style=\"vertical-align: inherit;\"><span style=\"vertical-align: inherit;\">Caso Zerrichera Partido\/Org: PP Lugar: Regi\u00f3n de Murcia<\/span><\/span><\/span><\/p>\n<\/blockquote>\n<p>&nbsp;<\/p>\n<p>&nbsp;<\/p>\n<figure id=\"attachment_2294953\" aria-describedby=\"caption-attachment-2294953\" style=\"width: 400px\" class=\"wp-caption aligncenter\"><img loading=\"lazy\" decoding=\"async\" class=\"wp-image-2294953\" src=\"https:\/\/puntocritico.com\/ausajpuntocritico\/wp-content\/uploads\/2024\/03\/Espana-ba-vien-300x199.jpg\" alt=\"\" width=\"400\" height=\"265\" data-id=\"2294953\" srcset=\"https:\/\/puntocritico.com\/ausajpuntocritico\/wp-content\/uploads\/2024\/03\/Espana-ba-vien-300x199.jpg 300w, https:\/\/puntocritico.com\/ausajpuntocritico\/wp-content\/uploads\/2024\/03\/Espana-ba-vien.jpg 600w\" sizes=\"auto, (max-width: 400px) 100vw, 400px\" \/><figcaption id=\"caption-attachment-2294953\" class=\"wp-caption-text\"><span style=\"color: #008000;\"><span style=\"vertical-align: inherit;\"><span style=\"vertical-align: inherit;\">Espa\u00f1a ba Viena<\/span><\/span><\/span><\/figcaption><\/figure>\n<div>\n<div style=\"text-align: center;\"><strong><span style=\"color: #008000; font-size: 18pt;\"><span style=\"vertical-align: inherit;\"><span style=\"vertical-align: inherit;\"><span style=\"vertical-align: inherit;\">*******<\/span><\/span><\/span><\/span><\/strong><\/div>\n<\/div>\n<h2 style=\"text-align: center;\" align=\"center\"><span style=\"font-size: 24.0pt;\"><span style=\"vertical-align: inherit;\"><span style=\"vertical-align: inherit;\">CASOS DE CORRUPCI\u00d3N DEL PARTIDO SOCIALISTA OBRERO ESPA\u00d1OL<\/span><\/span><\/span><\/h2>\n<div class=\"fb-share-button fb_iframe_widget\" style=\"text-align: justify;\" data-href=\"http:\/\/www.Casos-Aislados.com\/Caso-por-partido.php?Partido=PSOE\" data-layout=\"button_count\" data-size=\"small\" data-mobile-iframe=\"true\"><a href=\"https:\/\/casos-aislados.com\/Caso-por-partido.php?Partido=PSOE\" target=\"_blank\" rel=\"noopener\"><span style=\"vertical-align: inherit;\"><span style=\"vertical-align: inherit;\">CASOS AISLADOS<\/span><\/span><\/a><\/div>\n<div data-href=\"http:\/\/www.Casos-Aislados.com\/Caso-por-partido.php?Partido=PSOE\" data-layout=\"button_count\" data-size=\"small\" data-mobile-iframe=\"true\">\n<div style=\"text-align: justify;\">\u00a0<\/div>\n<\/div>\n<div data-href=\"http:\/\/www.Casos-Aislados.com\/Caso-por-partido.php?Partido=PSOE\" data-layout=\"button_count\" data-size=\"small\" data-mobile-iframe=\"true\">\n<figure id=\"attachment_2294951\" aria-describedby=\"caption-attachment-2294951\" style=\"width: 555px\" class=\"wp-caption aligncenter\"><a href=\"https:\/\/casos-aislados.com\/Caso-por-partido.php?Partido=PSOE\" target=\"_blank\" rel=\"noopener\"><img loading=\"lazy\" decoding=\"async\" class=\"wp-image-2294951\" src=\"https:\/\/puntocritico.com\/ausajpuntocritico\/wp-content\/uploads\/2024\/03\/Casos-Aisalados-PSOE-300x152.png\" alt=\"\" width=\"555\" height=\"282\" data-id=\"2294951\" srcset=\"https:\/\/puntocritico.com\/ausajpuntocritico\/wp-content\/uploads\/2024\/03\/Casos-Aisalados-PSOE-300x152.png 300w, https:\/\/puntocritico.com\/ausajpuntocritico\/wp-content\/uploads\/2024\/03\/Casos-Aisalados-PSOE-1024x520.png 1024w, https:\/\/puntocritico.com\/ausajpuntocritico\/wp-content\/uploads\/2024\/03\/Casos-Aisalados-PSOE-768x390.png 768w, https:\/\/puntocritico.com\/ausajpuntocritico\/wp-content\/uploads\/2024\/03\/Casos-Aisalados-PSOE.png 1316w\" sizes=\"auto, (max-width: 555px) 100vw, 555px\" \/><\/a><figcaption id=\"caption-attachment-2294951\" class=\"wp-caption-text\"><span style=\"color: #008000;\"><span style=\"vertical-align: inherit;\"><span style=\"vertical-align: inherit;\">En la WEB de \u00abCasos Aislados\u00bb (click en la imagen) hay informaci\u00f3n acerca de cada uno de los Casos Aislados referenciados<\/span><\/span><\/span><\/figcaption><\/figure>\n<\/div>\n<div data-href=\"http:\/\/www.Casos-Aislados.com\/Caso-por-partido.php?Partido=PSOE\" data-layout=\"button_count\" data-size=\"small\" data-mobile-iframe=\"true\">\u00a0<\/div>\n<blockquote>\n<h3 style=\"text-align: center;\" data-href=\"http:\/\/www.Casos-Aislados.com\/Caso-por-partido.php?Partido=PSOE\" data-layout=\"button_count\" data-size=\"small\" data-mobile-iframe=\"true\"><span style=\"font-size: 18pt;\"><span style=\"vertical-align: inherit;\"><span style=\"vertical-align: inherit;\">Esta es una lista de algunos de los Casos Aislados de Corrupci\u00f3n de: Partido Socialista Obrero Espa\u00f1ol (PSOE):<\/span><\/span><\/span><\/h3>\n<div style=\"text-align: center;\" data-href=\"http:\/\/www.Casos-Aislados.com\/Caso-por-partido.php?Partido=PSOE\" data-layout=\"button_count\" data-size=\"small\" data-mobile-iframe=\"true\">\u00a0<\/div>\n<div style=\"text-align: center;\" data-href=\"http:\/\/www.Casos-Aislados.com\/Caso-por-partido.php?Partido=PSOE\" data-layout=\"button_count\" data-size=\"small\" data-mobile-iframe=\"true\"><span style=\"font-size: 14pt;\"><span style=\"vertical-align: inherit;\"><span style=\"vertical-align: inherit;\">Caso ACM Partido\/Org: PSOE Lugar: Andaluc\u00eda PSOE<\/span><\/span><\/span><\/div>\n<div style=\"text-align: center;\" data-href=\"http:\/\/www.Casos-Aislados.com\/Caso-por-partido.php?Partido=PSOE\" data-layout=\"button_count\" data-size=\"small\" data-mobile-iframe=\"true\"><span style=\"font-size: 14pt;\"><span style=\"vertical-align: inherit;\"><span style=\"vertical-align: inherit;\">Caso Alhambra\/Audiogu\u00edas Partido\/Org: PSOE Lugar: Andaluc\u00eda PSOE<\/span><\/span><\/span><\/div>\n<div style=\"text-align: center;\" data-href=\"http:\/\/www.Casos-Aislados.com\/Caso-por-partido.php?Partido=PSOE\" data-layout=\"button_count\" data-size=\"small\" data-mobile-iframe=\"true\"><span style=\"font-size: 14pt;\"><span style=\"vertical-align: inherit;\"><span style=\"vertical-align: inherit;\">Caso Aljaraque Partido\/Org: PSOE Lugar: Andaluc\u00eda PSOE<\/span><\/span><\/span><\/div>\n<div style=\"text-align: center;\" data-href=\"http:\/\/www.Casos-Aislados.com\/Caso-por-partido.php?Partido=PSOE\" data-layout=\"button_count\" data-size=\"small\" data-mobile-iframe=\"true\"><span style=\"font-size: 14pt;\"><span style=\"vertical-align: inherit;\"><span style=\"vertical-align: inherit;\">Caso Aller Partido\/Org: PSOE Lugar: Asturias PSOE<\/span><\/span><\/span><\/div>\n<div style=\"text-align: center;\" data-href=\"http:\/\/www.Casos-Aislados.com\/Caso-por-partido.php?Partido=PSOE\" data-layout=\"button_count\" data-size=\"small\" data-mobile-iframe=\"true\"><span style=\"font-size: 14pt;\"><span style=\"vertical-align: inherit;\"><span style=\"vertical-align: inherit;\">Caso Almenas Partido\/Org: PSOE Lugar: Castilla La Mancha PSOE<\/span><\/span><\/span><\/div>\n<div style=\"text-align: center;\" data-href=\"http:\/\/www.Casos-Aislados.com\/Caso-por-partido.php?Partido=PSOE\" data-layout=\"button_count\" data-size=\"small\" data-mobile-iframe=\"true\"><span style=\"font-size: 14pt;\"><span style=\"vertical-align: inherit;\"><span style=\"vertical-align: inherit;\">Caso Alonso de Le\u00f3n Partido\/Org: PSOE Lugar: Galicia PSOE<\/span><\/span><\/span><\/div>\n<div style=\"text-align: center;\" data-href=\"http:\/\/www.Casos-Aislados.com\/Caso-por-partido.php?Partido=PSOE\" data-layout=\"button_count\" data-size=\"small\" data-mobile-iframe=\"true\"><span style=\"font-size: 14pt;\"><span style=\"vertical-align: inherit;\"><span style=\"vertical-align: inherit;\">Caso Arcos Partido\/Org: PSOE Lugar: Andaluc\u00eda PSOE<\/span><\/span><\/span><\/div>\n<div style=\"text-align: center;\" data-href=\"http:\/\/www.Casos-Aislados.com\/Caso-por-partido.php?Partido=PSOE\" data-layout=\"button_count\" data-size=\"small\" data-mobile-iframe=\"true\"><span style=\"font-size: 14pt;\"><span style=\"vertical-align: inherit;\"><span style=\"vertical-align: inherit;\">Caso Asesores Partido\/Org: PSOE Lugar: Andaluc\u00eda PSOE<\/span><\/span><\/span><\/div>\n<div style=\"text-align: center;\" data-href=\"http:\/\/www.Casos-Aislados.com\/Caso-por-partido.php?Partido=PSOE\" data-layout=\"button_count\" data-size=\"small\" data-mobile-iframe=\"true\"><span style=\"font-size: 14pt;\"><span style=\"vertical-align: inherit;\"><span style=\"vertical-align: inherit;\">Caso Astapa Partido\/Org: PSOE Lugar: Andaluc\u00eda PSOE<\/span><\/span><\/span><\/div>\n<div style=\"text-align: center;\" data-href=\"http:\/\/www.Casos-Aislados.com\/Caso-por-partido.php?Partido=PSOE\" data-layout=\"button_count\" data-size=\"small\" data-mobile-iframe=\"true\"><span style=\"font-size: 14pt;\"><span style=\"vertical-align: inherit;\"><span style=\"vertical-align: inherit;\">Caso Atarfe Partido\/Org: PSOE Lugar: Andaluc\u00eda PSOE<\/span><\/span><\/span><\/div>\n<div style=\"text-align: center;\" data-href=\"http:\/\/www.Casos-Aislados.com\/Caso-por-partido.php?Partido=PSOE\" data-layout=\"button_count\" data-size=\"small\" data-mobile-iframe=\"true\"><span style=\"font-size: 14pt;\"><span style=\"vertical-align: inherit;\"><span style=\"vertical-align: inherit;\">Caso AVE Partido\/Org: PSOE Lugar: Nacional PSOE<\/span><\/span><\/span><\/div>\n<div style=\"text-align: center;\" data-href=\"http:\/\/www.Casos-Aislados.com\/Caso-por-partido.php?Partido=PSOE\" data-layout=\"button_count\" data-size=\"small\" data-mobile-iframe=\"true\"><span style=\"font-size: 14pt;\"><span style=\"vertical-align: inherit;\"><span style=\"vertical-align: inherit;\">Caso Bajo Guadalquivir Partido\/Org: PSOE Lugar: Andaluc\u00eda PSOE<\/span><\/span><\/span><\/div>\n<div style=\"text-align: center;\" data-href=\"http:\/\/www.Casos-Aislados.com\/Caso-por-partido.php?Partido=PSOE\" data-layout=\"button_count\" data-size=\"small\" data-mobile-iframe=\"true\"><span style=\"font-size: 14pt;\"><span style=\"vertical-align: inherit;\"><span style=\"vertical-align: inherit;\">Caso Beniferri Partido\/Org: PSOE Lugar: Comunidad Valenciana PSOE<\/span><\/span><\/span><\/div>\n<div style=\"text-align: center;\" data-href=\"http:\/\/www.Casos-Aislados.com\/Caso-por-partido.php?Partido=PSOE\" data-layout=\"button_count\" data-size=\"small\" data-mobile-iframe=\"true\"><span style=\"font-size: 14pt;\"><span style=\"vertical-align: inherit;\"><span style=\"vertical-align: inherit;\">Caso Cerr\u00fa Partido\/Org: PSOE Lugar: Castilla La Mancha PSOE<\/span><\/span><\/span><\/div>\n<div style=\"text-align: center;\" data-href=\"http:\/\/www.Casos-Aislados.com\/Caso-por-partido.php?Partido=PSOE\" data-layout=\"button_count\" data-size=\"small\" data-mobile-iframe=\"true\"><span style=\"font-size: 14pt;\"><span style=\"vertical-align: inherit;\"><span style=\"vertical-align: inherit;\">Caso CIBIC Partido\/Org: PSOE Lugar: Andaluc\u00eda PSOE<\/span><\/span><\/span><\/div>\n<div style=\"text-align: center;\" data-href=\"http:\/\/www.Casos-Aislados.com\/Caso-por-partido.php?Partido=PSOE\" data-layout=\"button_count\" data-size=\"small\" data-mobile-iframe=\"true\"><span style=\"font-size: 14pt;\"><span style=\"vertical-align: inherit;\"><span style=\"vertical-align: inherit;\">Caso Ciempozuelos Partido\/Org: PSOE Lugar: Comunidad de Madrid PSOE<\/span><\/span><\/span><\/div>\n<div style=\"text-align: center;\" data-href=\"http:\/\/www.Casos-Aislados.com\/Caso-por-partido.php?Partido=PSOE\" data-layout=\"button_count\" data-size=\"small\" data-mobile-iframe=\"true\"><span style=\"font-size: 14pt;\"><span style=\"vertical-align: inherit;\"><span style=\"vertical-align: inherit;\">Caso Comercio Partido\/Org: PSOE Lugar: Comunidad Valenciana PSOE<\/span><\/span><\/span><\/div>\n<div style=\"text-align: center;\" data-href=\"http:\/\/www.Casos-Aislados.com\/Caso-por-partido.php?Partido=PSOE\" data-layout=\"button_count\" data-size=\"small\" data-mobile-iframe=\"true\"><span style=\"font-size: 14pt;\"><span style=\"vertical-align: inherit;\"><span style=\"vertical-align: inherit;\">Caso Contenedores Partido\/Org: PSOE Lugar: Andaluc\u00eda PSOE<\/span><\/span><\/span><\/div>\n<div style=\"text-align: center;\" data-href=\"http:\/\/www.Casos-Aislados.com\/Caso-por-partido.php?Partido=PSOE\" data-layout=\"button_count\" data-size=\"small\" data-mobile-iframe=\"true\"><span style=\"font-size: 14pt;\"><span style=\"vertical-align: inherit;\"><span style=\"vertical-align: inherit;\">Caso Contratos Granada Partido\/Org: PSOE Lugar: Andaluc\u00eda PSOE<\/span><\/span><\/span><\/div>\n<div style=\"text-align: center;\" data-href=\"http:\/\/www.Casos-Aislados.com\/Caso-por-partido.php?Partido=PSOE\" data-layout=\"button_count\" data-size=\"small\" data-mobile-iframe=\"true\"><span style=\"font-size: 14pt;\"><span style=\"vertical-align: inherit;\"><span style=\"vertical-align: inherit;\">Caso Cudillero Partido\/Org: PSOE Lugar: Asturias PSOE<\/span><\/span><\/span><\/div>\n<div style=\"text-align: center;\" data-href=\"http:\/\/www.Casos-Aislados.com\/Caso-por-partido.php?Partido=PSOE\" data-layout=\"button_count\" data-size=\"small\" data-mobile-iframe=\"true\"><span style=\"font-size: 14pt;\"><span style=\"vertical-align: inherit;\"><span style=\"vertical-align: inherit;\">Caso Cursos Formaci\u00f3n\/\u00c1ngel Ojeda Partido\/Org: PSOE Lugar: Andaluc\u00eda PSOE<\/span><\/span><\/span><\/div>\n<div style=\"text-align: center;\" data-href=\"http:\/\/www.Casos-Aislados.com\/Caso-por-partido.php?Partido=PSOE\" data-layout=\"button_count\" data-size=\"small\" data-mobile-iframe=\"true\"><span style=\"font-size: 14pt;\"><span style=\"vertical-align: inherit;\"><span style=\"vertical-align: inherit;\">Caso Cursos Formaci\u00f3n\/CIOMIJAS Partido\/Org: PSOE Lugar: Andaluc\u00eda PSOE<\/span><\/span><\/span><\/div>\n<div style=\"text-align: center;\" data-href=\"http:\/\/www.Casos-Aislados.com\/Caso-por-partido.php?Partido=PSOE\" data-layout=\"button_count\" data-size=\"small\" data-mobile-iframe=\"true\"><span style=\"font-size: 14pt;\"><span style=\"vertical-align: inherit;\"><span style=\"vertical-align: inherit;\">Caso Cursos Formaci\u00f3n\/CTI Partido\/Org: PSOE Lugar: Andaluc\u00eda PSOE<\/span><\/span><\/span><\/div>\n<div style=\"text-align: center;\" data-href=\"http:\/\/www.Casos-Aislados.com\/Caso-por-partido.php?Partido=PSOE\" data-layout=\"button_count\" data-size=\"small\" data-mobile-iframe=\"true\"><span style=\"font-size: 14pt;\"><span style=\"vertical-align: inherit;\"><span style=\"vertical-align: inherit;\">Caso Cursos Formaci\u00f3n\/FAFFE Partido\/Org: PSOE Lugar: Andaluc\u00eda PSOE<\/span><\/span><\/span><\/div>\n<div style=\"text-align: center;\" data-href=\"http:\/\/www.Casos-Aislados.com\/Caso-por-partido.php?Partido=PSOE\" data-layout=\"button_count\" data-size=\"small\" data-mobile-iframe=\"true\"><span style=\"font-size: 14pt;\"><span style=\"vertical-align: inherit;\"><span style=\"vertical-align: inherit;\">Caso Cursos Formaci\u00f3n\/Formas Partido\/Org: PSOE Lugar: Andaluc\u00eda PSOE<\/span><\/span><\/span><\/div>\n<div style=\"text-align: center;\" data-href=\"http:\/\/www.Casos-Aislados.com\/Caso-por-partido.php?Partido=PSOE\" data-layout=\"button_count\" data-size=\"small\" data-mobile-iframe=\"true\"><span style=\"font-size: 14pt;\"><span style=\"vertical-align: inherit;\"><span style=\"vertical-align: inherit;\">Caso Cursos Formaci\u00f3n\/JM P\u00e9rez Partido\/Org: PSOE Lugar: Andaluc\u00eda PSOE<\/span><\/span><\/span><\/div>\n<div style=\"text-align: center;\" data-href=\"http:\/\/www.Casos-Aislados.com\/Caso-por-partido.php?Partido=PSOE\" data-layout=\"button_count\" data-size=\"small\" data-mobile-iframe=\"true\"><span style=\"font-size: 14pt;\"><span style=\"vertical-align: inherit;\"><span style=\"vertical-align: inherit;\">Caso Cursos Formaci\u00f3n\/Rafael Velasco Partido\/Org: PSOE Lugar: Andaluc\u00eda PSOE<\/span><\/span><\/span><\/div>\n<div style=\"text-align: center;\" data-href=\"http:\/\/www.Casos-Aislados.com\/Caso-por-partido.php?Partido=PSOE\" data-layout=\"button_count\" data-size=\"small\" data-mobile-iframe=\"true\"><span style=\"font-size: 14pt;\"><span style=\"vertical-align: inherit;\"><span style=\"vertical-align: inherit;\">Caso de los Avales Partido\/Org: PSOE Lugar: Andaluc\u00eda PSOE<\/span><\/span><\/span><\/div>\n<div style=\"text-align: center;\" data-href=\"http:\/\/www.Casos-Aislados.com\/Caso-por-partido.php?Partido=PSOE\" data-layout=\"button_count\" data-size=\"small\" data-mobile-iframe=\"true\"><span style=\"font-size: 14pt;\"><span style=\"vertical-align: inherit;\"><span style=\"vertical-align: inherit;\">Caso Divalterra Partido\/Org: PSOE Lugar: Comunidad Valenciana PSOE<\/span><\/span><\/span><\/div>\n<div style=\"text-align: center;\" data-href=\"http:\/\/www.Casos-Aislados.com\/Caso-por-partido.php?Partido=PSOE\" data-layout=\"button_count\" data-size=\"small\" data-mobile-iframe=\"true\"><span style=\"font-size: 14pt;\"><span style=\"vertical-align: inherit;\"><span style=\"vertical-align: inherit;\">Caso Dolores Reyes Partido\/Org: PSOE Lugar: Andaluc\u00eda PSOE<\/span><\/span><\/span><\/div>\n<div style=\"text-align: center;\" data-href=\"http:\/\/www.Casos-Aislados.com\/Caso-por-partido.php?Partido=PSOE\" data-layout=\"button_count\" data-size=\"small\" data-mobile-iframe=\"true\"><span style=\"font-size: 14pt;\"><span style=\"vertical-align: inherit;\"><span style=\"vertical-align: inherit;\">Caso Edu\/El Para\u00edso Partido\/Org: PSOE Lugar: Andaluc\u00eda PSOE<\/span><\/span><\/span><\/div>\n<div style=\"text-align: center;\" data-href=\"http:\/\/www.Casos-Aislados.com\/Caso-por-partido.php?Partido=PSOE\" data-layout=\"button_count\" data-size=\"small\" data-mobile-iframe=\"true\"><span style=\"font-size: 14pt;\"><span style=\"vertical-align: inherit;\"><span style=\"vertical-align: inherit;\">Caso Edu\/Huelva Partido\/Org: PSOE Lugar: Andaluc\u00eda PSOE<\/span><\/span><\/span><\/div>\n<div style=\"text-align: center;\" data-href=\"http:\/\/www.Casos-Aislados.com\/Caso-por-partido.php?Partido=PSOE\" data-layout=\"button_count\" data-size=\"small\" data-mobile-iframe=\"true\"><span style=\"font-size: 14pt;\"><span style=\"vertical-align: inherit;\"><span style=\"vertical-align: inherit;\">Caso Eivissa Crea Partido\/Org: PSOE Lugar: Baleares PSOE<\/span><\/span><\/span><\/div>\n<div style=\"text-align: center;\" data-href=\"http:\/\/www.Casos-Aislados.com\/Caso-por-partido.php?Partido=PSOE\" data-layout=\"button_count\" data-size=\"small\" data-mobile-iframe=\"true\"><span style=\"font-size: 14pt;\"><span style=\"vertical-align: inherit;\"><span style=\"vertical-align: inherit;\">Caso Eivissa Crea\/Iglesia Partido\/Org: PSOE Lugar: Baleares PSOE<\/span><\/span><\/span><\/div>\n<div style=\"text-align: center;\" data-href=\"http:\/\/www.Casos-Aislados.com\/Caso-por-partido.php?Partido=PSOE\" data-layout=\"button_count\" data-size=\"small\" data-mobile-iframe=\"true\"><span style=\"font-size: 14pt;\"><span style=\"vertical-align: inherit;\"><span style=\"vertical-align: inherit;\">Caso Enchufes Vigo Partido\/Org: PSOE Lugar: Galicia PSOE<\/span><\/span><\/span><\/div>\n<div style=\"text-align: center;\" data-href=\"http:\/\/www.Casos-Aislados.com\/Caso-por-partido.php?Partido=PSOE\" data-layout=\"button_count\" data-size=\"small\" data-mobile-iframe=\"true\"><span style=\"font-size: 14pt;\"><span style=\"vertical-align: inherit;\"><span style=\"vertical-align: inherit;\">Caso Enredadera Partido\/Org: PP-PSOE-CS Lugar: Nacional PP-PSOE-CS<\/span><\/span><\/span><\/div>\n<div style=\"text-align: center;\" data-href=\"http:\/\/www.Casos-Aislados.com\/Caso-por-partido.php?Partido=PSOE\" data-layout=\"button_count\" data-size=\"small\" data-mobile-iframe=\"true\"><span style=\"font-size: 14pt;\"><span style=\"vertical-align: inherit;\"><span style=\"vertical-align: inherit;\">Caso ERE Partido\/Org: PSOE Lugar: Andaluc\u00eda PSOE<\/span><\/span><\/span><\/div>\n<div style=\"text-align: center;\" data-href=\"http:\/\/www.Casos-Aislados.com\/Caso-por-partido.php?Partido=PSOE\" data-layout=\"button_count\" data-size=\"small\" data-mobile-iframe=\"true\"><span style=\"font-size: 14pt;\"><span style=\"vertical-align: inherit;\"><span style=\"vertical-align: inherit;\">Caso ERE\/A-NOVO Partido\/Org: PSOE Lugar: Andaluc\u00eda PSOE<\/span><\/span><\/span><\/div>\n<div style=\"text-align: center;\" data-href=\"http:\/\/www.Casos-Aislados.com\/Caso-por-partido.php?Partido=PSOE\" data-layout=\"button_count\" data-size=\"small\" data-mobile-iframe=\"true\"><span style=\"font-size: 14pt;\"><span style=\"vertical-align: inherit;\"><span style=\"vertical-align: inherit;\">Caso ERE\/Acyco Partido\/Org: PSOE Lugar: Andaluc\u00eda PSOE<\/span><\/span><\/span><\/div>\n<div style=\"text-align: center;\" data-href=\"http:\/\/www.Casos-Aislados.com\/Caso-por-partido.php?Partido=PSOE\" data-layout=\"button_count\" data-size=\"small\" data-mobile-iframe=\"true\"><span style=\"font-size: 14pt;\"><span style=\"vertical-align: inherit;\"><span style=\"vertical-align: inherit;\">Caso ERE\/Aglomerados Morell Partido\/Org: PSOE Lugar: Andaluc\u00eda PSOE<\/span><\/span><\/span><\/div>\n<div style=\"text-align: center;\" data-href=\"http:\/\/www.Casos-Aislados.com\/Caso-por-partido.php?Partido=PSOE\" data-layout=\"button_count\" data-size=\"small\" data-mobile-iframe=\"true\"><span style=\"font-size: 14pt;\"><span style=\"vertical-align: inherit;\"><span style=\"vertical-align: inherit;\">Caso ERE\/Alcolea del R\u00edo Partido\/Org: PSOE Lugar: Andaluc\u00eda PSOE<\/span><\/span><\/span><\/div>\n<div style=\"text-align: center;\" data-href=\"http:\/\/www.Casos-Aislados.com\/Caso-por-partido.php?Partido=PSOE\" data-layout=\"button_count\" data-size=\"small\" data-mobile-iframe=\"true\"><span style=\"font-size: 14pt;\"><span style=\"vertical-align: inherit;\"><span style=\"vertical-align: inherit;\">Caso ERE\/Ayuntamiento San Nicol\u00e1s Partido\/Org: PSOE Lugar: Andaluc\u00eda PSOE<\/span><\/span><\/span><\/div>\n<div style=\"text-align: center;\" data-href=\"http:\/\/www.Casos-Aislados.com\/Caso-por-partido.php?Partido=PSOE\" data-layout=\"button_count\" data-size=\"small\" data-mobile-iframe=\"true\"><span style=\"font-size: 14pt;\"><span style=\"vertical-align: inherit;\"><span style=\"vertical-align: inherit;\">Caso ERE\/CENFORPRE Partido\/Org: PSOE Lugar: Andaluc\u00eda PSOE<\/span><\/span><\/span><\/div>\n<div style=\"text-align: center;\" data-href=\"http:\/\/www.Casos-Aislados.com\/Caso-por-partido.php?Partido=PSOE\" data-layout=\"button_count\" data-size=\"small\" data-mobile-iframe=\"true\"><span style=\"font-size: 14pt;\"><span style=\"vertical-align: inherit;\"><span style=\"vertical-align: inherit;\">Caso ERE\/Cetro Aceitunas Partido\/Org: PSOE Lugar: Andaluc\u00eda PSOE<\/span><\/span><\/span><\/div>\n<div style=\"text-align: center;\" data-href=\"http:\/\/www.Casos-Aislados.com\/Caso-por-partido.php?Partido=PSOE\" data-layout=\"button_count\" data-size=\"small\" data-mobile-iframe=\"true\"><span style=\"font-size: 14pt;\"><span style=\"vertical-align: inherit;\"><span style=\"vertical-align: inherit;\">Caso ERE\/Egmasa Partido\/Org: PSOE Lugar: Andaluc\u00eda PSOE<\/span><\/span><\/span><\/div>\n<div style=\"text-align: center;\" data-href=\"http:\/\/www.Casos-Aislados.com\/Caso-por-partido.php?Partido=PSOE\" data-layout=\"button_count\" data-size=\"small\" data-mobile-iframe=\"true\"><span style=\"font-size: 14pt;\"><span style=\"vertical-align: inherit;\"><span style=\"vertical-align: inherit;\">Caso ERE\/Empresa ABB Partido\/Org: PSOE Lugar: Andaluc\u00eda PSOE<\/span><\/span><\/span><\/div>\n<div style=\"text-align: center;\" data-href=\"http:\/\/www.Casos-Aislados.com\/Caso-por-partido.php?Partido=PSOE\" data-layout=\"button_count\" data-size=\"small\" data-mobile-iframe=\"true\"><span style=\"font-size: 14pt;\"><span style=\"vertical-align: inherit;\"><span style=\"vertical-align: inherit;\">Caso ERE\/Franja Pir\u00edtica Partido\/Org: PSOE Lugar: Andaluc\u00eda PSOE<\/span><\/span><\/span><\/div>\n<div style=\"text-align: center;\" data-href=\"http:\/\/www.Casos-Aislados.com\/Caso-por-partido.php?Partido=PSOE\" data-layout=\"button_count\" data-size=\"small\" data-mobile-iframe=\"true\"><span style=\"font-size: 14pt;\"><span style=\"vertical-align: inherit;\"><span style=\"vertical-align: inherit;\">Caso ERE\/Fundaci\u00f3n San Telmo Partido\/Org: PSOE Lugar: Andaluc\u00eda PSOE<\/span><\/span><\/span><\/div>\n<div style=\"text-align: center;\" data-href=\"http:\/\/www.Casos-Aislados.com\/Caso-por-partido.php?Partido=PSOE\" data-layout=\"button_count\" data-size=\"small\" data-mobile-iframe=\"true\"><span style=\"font-size: 14pt;\"><span style=\"vertical-align: inherit;\"><span style=\"vertical-align: inherit;\">Caso ERE\/Gonz\u00e1lez Byass Partido\/Org: PSOE Lugar: Andaluc\u00eda PSOE<\/span><\/span><\/span><\/div>\n<div style=\"text-align: center;\" data-href=\"http:\/\/www.Casos-Aislados.com\/Caso-por-partido.php?Partido=PSOE\" data-layout=\"button_count\" data-size=\"small\" data-mobile-iframe=\"true\"><span style=\"font-size: 14pt;\"><span style=\"vertical-align: inherit;\"><span style=\"vertical-align: inherit;\">Caso ERE\/Guerrero y Trujillo Partido\/Org: PSOE Lugar: Andaluc\u00eda PSOE<\/span><\/span><\/span><\/div>\n<div style=\"text-align: center;\" data-href=\"http:\/\/www.Casos-Aislados.com\/Caso-por-partido.php?Partido=PSOE\" data-layout=\"button_count\" data-size=\"small\" data-mobile-iframe=\"true\"><span style=\"font-size: 14pt;\"><span style=\"vertical-align: inherit;\"><span style=\"vertical-align: inherit;\">Caso ERE\/Hamsa Primayor Partido\/Org: PSOE Lugar: Andaluc\u00eda PSOE<\/span><\/span><\/span><\/div>\n<div style=\"text-align: center;\" data-href=\"http:\/\/www.Casos-Aislados.com\/Caso-por-partido.php?Partido=PSOE\" data-layout=\"button_count\" data-size=\"small\" data-mobile-iframe=\"true\"><span style=\"font-size: 14pt;\"><span style=\"vertical-align: inherit;\"><span style=\"vertical-align: inherit;\">Caso ERE\/Heineken Espa\u00f1a Partido\/Org: PSOE Lugar: Andaluc\u00eda PSOE<\/span><\/span><\/span><\/div>\n<div style=\"text-align: center;\" data-href=\"http:\/\/www.Casos-Aislados.com\/Caso-por-partido.php?Partido=PSOE\" data-layout=\"button_count\" data-size=\"small\" data-mobile-iframe=\"true\"><span style=\"font-size: 14pt;\"><span style=\"vertical-align: inherit;\"><span style=\"vertical-align: inherit;\">Caso ERE\/Hotel Cervantes Partido\/Org: PSOE Lugar: Andaluc\u00eda PSOE<\/span><\/span><\/span><\/div>\n<div style=\"text-align: center;\" data-href=\"http:\/\/www.Casos-Aislados.com\/Caso-por-partido.php?Partido=PSOE\" data-layout=\"button_count\" data-size=\"small\" data-mobile-iframe=\"true\"><span style=\"font-size: 14pt;\"><span style=\"vertical-align: inherit;\"><span style=\"vertical-align: inherit;\">Caso ERE\/Instaladora Moderna Partido\/Org: PSOE Lugar: Andaluc\u00eda PSOE<\/span><\/span><\/span><\/div>\n<div style=\"text-align: center;\" data-href=\"http:\/\/www.Casos-Aislados.com\/Caso-por-partido.php?Partido=PSOE\" data-layout=\"button_count\" data-size=\"small\" data-mobile-iframe=\"true\"><span style=\"font-size: 14pt;\"><span style=\"vertical-align: inherit;\"><span style=\"vertical-align: inherit;\">Caso ERE\/Partido Intersur\/Org: PSOE Lugar: Andaluc\u00eda PSOE<\/span><\/span><\/span><\/div>\n<div style=\"text-align: center;\" data-href=\"http:\/\/www.Casos-Aislados.com\/Caso-por-partido.php?Partido=PSOE\" data-layout=\"button_count\" data-size=\"small\" data-mobile-iframe=\"true\"><span style=\"font-size: 14pt;\"><span style=\"vertical-align: inherit;\"><span style=\"vertical-align: inherit;\">Caso ERE\/Mac Puar Partido\/Org: PSOE Lugar: Andaluc\u00eda PSOE<\/span><\/span><\/span><\/div>\n<div style=\"text-align: center;\" data-href=\"http:\/\/www.Casos-Aislados.com\/Caso-por-partido.php?Partido=PSOE\" data-layout=\"button_count\" data-size=\"small\" data-mobile-iframe=\"true\"><span style=\"font-size: 14pt;\"><span style=\"vertical-align: inherit;\"><span style=\"vertical-align: inherit;\">Caso ERE\/Matadero Fuenteobejuna Partido\/Org: PSOE Lugar: Andaluc\u00eda PSOE<\/span><\/span><\/span><\/div>\n<div style=\"text-align: center;\" data-href=\"http:\/\/www.Casos-Aislados.com\/Caso-por-partido.php?Partido=PSOE\" data-layout=\"button_count\" data-size=\"small\" data-mobile-iframe=\"true\"><span style=\"font-size: 14pt;\"><span style=\"vertical-align: inherit;\"><span style=\"vertical-align: inherit;\">Caso ERE\/Nexprom Partido\/Org: PSOE Lugar: Andaluc\u00eda PSOE<\/span><\/span><\/span><\/div>\n<div style=\"text-align: center;\" data-href=\"http:\/\/www.Casos-Aislados.com\/Caso-por-partido.php?Partido=PSOE\" data-layout=\"button_count\" data-size=\"small\" data-mobile-iframe=\"true\"><span style=\"font-size: 14pt;\"><span style=\"vertical-align: inherit;\"><span style=\"vertical-align: inherit;\">Caso ERE\/Peninsular del Lat\u00f3n Partido\/Org: PSOE Lugar: Andaluc\u00eda PSOE<\/span><\/span><\/span><\/div>\n<div style=\"text-align: center;\" data-href=\"http:\/\/www.Casos-Aislados.com\/Caso-por-partido.php?Partido=PSOE\" data-layout=\"button_count\" data-size=\"small\" data-mobile-iframe=\"true\"><span style=\"font-size: 14pt;\"><span style=\"vertical-align: inherit;\"><span style=\"vertical-align: inherit;\">Caso ERE\/Pickman La Cartuja Partido\/Org: PSOE Lugar: Andaluc\u00eda PSOE<\/span><\/span><\/span><\/div>\n<div style=\"text-align: center;\" data-href=\"http:\/\/www.Casos-Aislados.com\/Caso-por-partido.php?Partido=PSOE\" data-layout=\"button_count\" data-size=\"small\" data-mobile-iframe=\"true\"><span style=\"font-size: 14pt;\"><span style=\"vertical-align: inherit;\"><span style=\"vertical-align: inherit;\">Caso ERE\/Pieza Pol\u00edtica Partido\/Org: PSOE Lugar: Andaluc\u00eda PSOE<\/span><\/span><\/span><\/div>\n<div style=\"text-align: center;\" data-href=\"http:\/\/www.Casos-Aislados.com\/Caso-por-partido.php?Partido=PSOE\" data-layout=\"button_count\" data-size=\"small\" data-mobile-iframe=\"true\"><span style=\"font-size: 14pt;\"><span style=\"vertical-align: inherit;\"><span style=\"vertical-align: inherit;\">Caso ERE\/Promi Partido\/Org: PSOE Lugar: Andaluc\u00eda PSOE<\/span><\/span><\/span><\/div>\n<div style=\"text-align: center;\" data-href=\"http:\/\/www.Casos-Aislados.com\/Caso-por-partido.php?Partido=PSOE\" data-layout=\"button_count\" data-size=\"small\" data-mobile-iframe=\"true\"><span style=\"font-size: 14pt;\"><span style=\"vertical-align: inherit;\"><span style=\"vertical-align: inherit;\">Caso ERE\/R\u00edo Grande Partido\/Org: PSOE Lugar: Andaluc\u00eda PSOE<\/span><\/span><\/span><\/div>\n<div style=\"text-align: center;\" data-href=\"http:\/\/www.Casos-Aislados.com\/Caso-por-partido.php?Partido=PSOE\" data-layout=\"button_count\" data-size=\"small\" data-mobile-iframe=\"true\"><span style=\"font-size: 14pt;\"><span style=\"vertical-align: inherit;\"><span style=\"vertical-align: inherit;\">Caso ERE\/Partido Santana Motor\/Org: PSOE Lugar: Andaluc\u00eda PSOE<\/span><\/span><\/span><\/div>\n<div style=\"text-align: center;\" data-href=\"http:\/\/www.Casos-Aislados.com\/Caso-por-partido.php?Partido=PSOE\" data-layout=\"button_count\" data-size=\"small\" data-mobile-iframe=\"true\"><span style=\"font-size: 14pt;\"><span style=\"vertical-align: inherit;\"><span style=\"vertical-align: inherit;\">Caso ERE\/Siemens Metering Partido\/Org: PSOE Lugar: Andaluc\u00eda PSOE<\/span><\/span><\/span><\/div>\n<div style=\"text-align: center;\" data-href=\"http:\/\/www.Casos-Aislados.com\/Caso-por-partido.php?Partido=PSOE\" data-layout=\"button_count\" data-size=\"small\" data-mobile-iframe=\"true\"><span style=\"font-size: 14pt;\"><span style=\"vertical-align: inherit;\"><span style=\"vertical-align: inherit;\">Caso ERE\/Sierra Norte de Sevilla Partido\/Org: PSOE Lugar: Andaluc\u00eda PSOE<\/span><\/span><\/span><\/div>\n<div style=\"text-align: center;\" data-href=\"http:\/\/www.Casos-Aislados.com\/Caso-por-partido.php?Partido=PSOE\" data-layout=\"button_count\" data-size=\"small\" data-mobile-iframe=\"true\"><span style=\"font-size: 14pt;\"><span style=\"vertical-align: inherit;\"><span style=\"vertical-align: inherit;\">Caso ERE\/SK 3000 Partido\/Org: PSOE Lugar: Andaluc\u00eda PSOE<\/span><\/span><\/span><\/div>\n<div style=\"text-align: center;\" data-href=\"http:\/\/www.Casos-Aislados.com\/Caso-por-partido.php?Partido=PSOE\" data-layout=\"button_count\" data-size=\"small\" data-mobile-iframe=\"true\"><span style=\"font-size: 14pt;\"><span style=\"vertical-align: inherit;\"><span style=\"vertical-align: inherit;\">Caso ERE\/Sobrecomisiones Partido\/Org: PSOE Lugar: Andaluc\u00eda PSOE<\/span><\/span><\/span><\/div>\n<div style=\"text-align: center;\" data-href=\"http:\/\/www.Casos-Aislados.com\/Caso-por-partido.php?Partido=PSOE\" data-layout=\"button_count\" data-size=\"small\" data-mobile-iframe=\"true\"><span style=\"font-size: 14pt;\"><span style=\"vertical-align: inherit;\"><span style=\"vertical-align: inherit;\">Caso ERE\/Surcolor Partido\/Org: PSOE Lugar: Andaluc\u00eda PSOE<\/span><\/span><\/span><\/div>\n<div style=\"text-align: center;\" data-href=\"http:\/\/www.Casos-Aislados.com\/Caso-por-partido.php?Partido=PSOE\" data-layout=\"button_count\" data-size=\"small\" data-mobile-iframe=\"true\"><span style=\"font-size: 14pt;\"><span style=\"vertical-align: inherit;\"><span style=\"vertical-align: inherit;\">Caso ERE\/Grupo Ubago Mare Partido\/Org: PSOE Lugar: Andaluc\u00eda PSOE<\/span><\/span><\/span><\/div>\n<div style=\"text-align: center;\" data-href=\"http:\/\/www.Casos-Aislados.com\/Caso-por-partido.php?Partido=PSOE\" data-layout=\"button_count\" data-size=\"small\" data-mobile-iframe=\"true\"><span style=\"font-size: 14pt;\"><span style=\"vertical-align: inherit;\"><span style=\"vertical-align: inherit;\">Caso ERE\/Universidad de Sevilla Partido\/Org: PSOE Lugar: Andaluc\u00eda PSOE<\/span><\/span><\/span><\/div>\n<div style=\"text-align: center;\" data-href=\"http:\/\/www.Casos-Aislados.com\/Caso-por-partido.php?Partido=PSOE\" data-layout=\"button_count\" data-size=\"small\" data-mobile-iframe=\"true\"><span style=\"font-size: 14pt;\"><span style=\"vertical-align: inherit;\"><span style=\"vertical-align: inherit;\">Caso ERE\/Yogures Andaluces Partido\/Org: PSOE Lugar: Andaluc\u00eda PSOE<\/span><\/span><\/span><\/div>\n<div style=\"text-align: center;\" data-href=\"http:\/\/www.Casos-Aislados.com\/Caso-por-partido.php?Partido=PSOE\" data-layout=\"button_count\" data-size=\"small\" data-mobile-iframe=\"true\"><span style=\"font-size: 14pt;\"><span style=\"vertical-align: inherit;\"><span style=\"vertical-align: inherit;\">Caso Facturas Baena Partido\/Org: PSOE Lugar: Andaluc\u00eda PSOE<\/span><\/span><\/span><\/div>\n<div style=\"text-align: center;\" data-href=\"http:\/\/www.Casos-Aislados.com\/Caso-por-partido.php?Partido=PSOE\" data-layout=\"button_count\" data-size=\"small\" data-mobile-iframe=\"true\"><span style=\"font-size: 14pt;\"><span style=\"vertical-align: inherit;\"><span style=\"vertical-align: inherit;\">Caso Feval Partido\/Org: PSOE Lugar: Extremadura PSOE<\/span><\/span><\/span><\/div>\n<div style=\"text-align: center;\" data-href=\"http:\/\/www.Casos-Aislados.com\/Caso-por-partido.php?Partido=PSOE\" data-layout=\"button_count\" data-size=\"small\" data-mobile-iframe=\"true\"><span style=\"font-size: 14pt;\"><span style=\"vertical-align: inherit;\"><span style=\"vertical-align: inherit;\">Caso Filesa Partido\/Org: PSOE Lugar: Nacional PSOE<\/span><\/span><\/span><\/div>\n<div style=\"text-align: center;\" data-href=\"http:\/\/www.Casos-Aislados.com\/Caso-por-partido.php?Partido=PSOE\" data-layout=\"button_count\" data-size=\"small\" data-mobile-iframe=\"true\"><span style=\"font-size: 14pt;\"><span style=\"vertical-align: inherit;\"><span style=\"vertical-align: inherit;\">Caso Flick Partido\/Org: PSOE Lugar: Nacional PSOE C<\/span><\/span><\/span><\/div>\n<div style=\"text-align: center;\" data-href=\"http:\/\/www.Casos-Aislados.com\/Caso-por-partido.php?Partido=PSOE\" data-layout=\"button_count\" data-size=\"small\" data-mobile-iframe=\"true\"><span style=\"font-size: 14pt;\"><span style=\"vertical-align: inherit;\"><span style=\"vertical-align: inherit;\">aso Flotador\/Uniformes Partido\/Org: PSOE Lugar: Comunidad Valenciana PSOE<\/span><\/span><\/span><\/div>\n<div style=\"text-align: center;\" data-href=\"http:\/\/www.Casos-Aislados.com\/Caso-por-partido.php?Partido=PSOE\" data-layout=\"button_count\" data-size=\"small\" data-mobile-iframe=\"true\"><span style=\"font-size: 14pt;\"><span style=\"vertical-align: inherit;\"><span style=\"vertical-align: inherit;\">Caso Fondos Jeremie Partido\/Org: PSOE Lugar: Andaluc\u00eda PSOE<\/span><\/span><\/span><\/div>\n<div style=\"text-align: center;\" data-href=\"http:\/\/www.Casos-Aislados.com\/Caso-por-partido.php?Partido=PSOE\" data-layout=\"button_count\" data-size=\"small\" data-mobile-iframe=\"true\"><span style=\"font-size: 14pt;\"><span style=\"vertical-align: inherit;\"><span style=\"vertical-align: inherit;\">Caso Grandas de Salime Partido\/Org: PSOE Lugar: Asturias PSOE<\/span><\/span><\/span><\/div>\n<div style=\"text-align: center;\" data-href=\"http:\/\/www.Casos-Aislados.com\/Caso-por-partido.php?Partido=PSOE\" data-layout=\"button_count\" data-size=\"small\" data-mobile-iframe=\"true\"><span style=\"font-size: 14pt;\"><span style=\"vertical-align: inherit;\"><span style=\"vertical-align: inherit;\">Caso Guerra Partido\/Org: PSOE Lugar: Andaluc\u00eda PSOE<\/span><\/span><\/span><\/div>\n<div style=\"text-align: center;\" data-href=\"http:\/\/www.Casos-Aislados.com\/Caso-por-partido.php?Partido=PSOE\" data-layout=\"button_count\" data-size=\"small\" data-mobile-iframe=\"true\"><span style=\"font-size: 14pt;\"><span style=\"vertical-align: inherit;\"><span style=\"vertical-align: inherit;\">Caso Hacienda Partido\/Org: PSOE Lugar: Catalu\u00f1a PSOE<\/span><\/span><\/span><\/div>\n<div style=\"text-align: center;\" data-href=\"http:\/\/www.Casos-Aislados.com\/Caso-por-partido.php?Partido=PSOE\" data-layout=\"button_count\" data-size=\"small\" data-mobile-iframe=\"true\"><span style=\"font-size: 14pt;\"><span style=\"vertical-align: inherit;\"><span style=\"vertical-align: inherit;\">Caso Harrag Partido\/Org: PSOE Lugar: Regi\u00f3n de Murcia PSOE<\/span><\/span><\/span><\/div>\n<div style=\"text-align: center;\" data-href=\"http:\/\/www.Casos-Aislados.com\/Caso-por-partido.php?Partido=PSOE\" data-layout=\"button_count\" data-size=\"small\" data-mobile-iframe=\"true\"><span style=\"font-size: 14pt;\"><span style=\"vertical-align: inherit;\"><span style=\"vertical-align: inherit;\">Caso Ibiza Centro Partido\/Org: PSOE Lugar: Baleares PSOE<\/span><\/span><\/span><\/div>\n<div style=\"text-align: center;\" data-href=\"http:\/\/www.Casos-Aislados.com\/Caso-por-partido.php?Partido=PSOE\" data-layout=\"button_count\" data-size=\"small\" data-mobile-iframe=\"true\"><span style=\"font-size: 14pt;\"><span style=\"vertical-align: inherit;\"><span style=\"vertical-align: inherit;\">Caso Idelpa Partido\/Org: PSOE Lugar: Andaluc\u00eda PSOE<\/span><\/span><\/span><\/div>\n<div style=\"text-align: center;\" data-href=\"http:\/\/www.Casos-Aislados.com\/Caso-por-partido.php?Partido=PSOE\" data-layout=\"button_count\" data-size=\"small\" data-mobile-iframe=\"true\"><span style=\"font-size: 14pt;\"><span style=\"vertical-align: inherit;\"><span style=\"vertical-align: inherit;\">Caso Infoca Partido\/Org: PSOE Lugar: Andaluc\u00eda PSOE<\/span><\/span><\/span><\/div>\n<div style=\"text-align: center;\" data-href=\"http:\/\/www.Casos-Aislados.com\/Caso-por-partido.php?Partido=PSOE\" data-layout=\"button_count\" data-size=\"small\" data-mobile-iframe=\"true\"><span style=\"font-size: 14pt;\"><span style=\"vertical-align: inherit;\"><span style=\"vertical-align: inherit;\">Caso Innova Gand\u00eda Partido\/Org: PP-PSOE Lugar: Comunidad Valenciana PP-PSOE<\/span><\/span><\/span><\/div>\n<div style=\"text-align: center;\" data-href=\"http:\/\/www.Casos-Aislados.com\/Caso-por-partido.php?Partido=PSOE\" data-layout=\"button_count\" data-size=\"small\" data-mobile-iframe=\"true\"><span style=\"font-size: 14pt;\"><span style=\"vertical-align: inherit;\"><span style=\"vertical-align: inherit;\">Caso Interligare Partido\/Org: PSOE Lugar: Comunidad de Madrid PSOE<\/span><\/span><\/span><\/div>\n<div style=\"text-align: center;\" data-href=\"http:\/\/www.Casos-Aislados.com\/Caso-por-partido.php?Partido=PSOE\" data-layout=\"button_count\" data-size=\"small\" data-mobile-iframe=\"true\"><span style=\"font-size: 14pt;\"><span style=\"vertical-align: inherit;\"><span style=\"vertical-align: inherit;\">Caso Invercaria\/Aceitunas Tatis Partido\/Org: PSOE Lugar: Andaluc\u00eda PSOE<\/span><\/span><\/span><\/div>\n<div style=\"text-align: center;\" data-href=\"http:\/\/www.Casos-Aislados.com\/Caso-por-partido.php?Partido=PSOE\" data-layout=\"button_count\" data-size=\"small\" data-mobile-iframe=\"true\"><span style=\"font-size: 14pt;\"><span style=\"vertical-align: inherit;\"><span style=\"vertical-align: inherit;\">Caso Invercaria\/\u00c1ndalus Partido\/Org: PSOE Lugar: Andaluc\u00eda PSOE<\/span><\/span><\/span><\/div>\n<div style=\"text-align: center;\" data-href=\"http:\/\/www.Casos-Aislados.com\/Caso-por-partido.php?Partido=PSOE\" data-layout=\"button_count\" data-size=\"small\" data-mobile-iframe=\"true\"><span style=\"font-size: 14pt;\"><span style=\"vertical-align: inherit;\"><span style=\"vertical-align: inherit;\">Caso Invercaria\/EDM Partido\/Org: PSOE Lugar: Andaluc\u00eda PSOE<\/span><\/span><\/span><\/div>\n<div style=\"text-align: center;\" data-href=\"http:\/\/www.Casos-Aislados.com\/Caso-por-partido.php?Partido=PSOE\" data-layout=\"button_count\" data-size=\"small\" data-mobile-iframe=\"true\"><span style=\"font-size: 14pt;\"><span style=\"vertical-align: inherit;\"><span style=\"vertical-align: inherit;\">Caso Invercaria\/FIVA Partido\/Org: PSOE Lugar: Andaluc\u00eda PSOE<\/span><\/span><\/span><\/div>\n<div style=\"text-align: center;\" data-href=\"http:\/\/www.Casos-Aislados.com\/Caso-por-partido.php?Partido=PSOE\" data-layout=\"button_count\" data-size=\"small\" data-mobile-iframe=\"true\"><span style=\"font-size: 14pt;\"><span style=\"vertical-align: inherit;\"><span style=\"vertical-align: inherit;\">Caso Invercaria\/Fumapa Partido\/Org: PSOE Lugar: Andaluc\u00eda PSOE<\/span><\/span><\/span><\/div>\n<div style=\"text-align: center;\" data-href=\"http:\/\/www.Casos-Aislados.com\/Caso-por-partido.php?Partido=PSOE\" data-layout=\"button_count\" data-size=\"small\" data-mobile-iframe=\"true\"><span style=\"font-size: 14pt;\"><span style=\"vertical-align: inherit;\"><span style=\"vertical-align: inherit;\">Caso Invercaria\/J. <\/span><span style=\"vertical-align: inherit;\">Mart\u00edn Partido\/Org: PSOE Lugar: Andaluc\u00eda PSOE<\/span><\/span><\/span><\/div>\n<div style=\"text-align: center;\" data-href=\"http:\/\/www.Casos-Aislados.com\/Caso-por-partido.php?Partido=PSOE\" data-layout=\"button_count\" data-size=\"small\" data-mobile-iframe=\"true\"><span style=\"font-size: 14pt;\"><span style=\"vertical-align: inherit;\"><span style=\"vertical-align: inherit;\">Caso Invercaria\/Kandor Partido\/Org: PSOE Lugar: Andaluc\u00eda PSOE<\/span><\/span><\/span><\/div>\n<div style=\"text-align: center;\" data-href=\"http:\/\/www.Casos-Aislados.com\/Caso-por-partido.php?Partido=PSOE\" data-layout=\"button_count\" data-size=\"small\" data-mobile-iframe=\"true\"><span style=\"font-size: 14pt;\"><span style=\"vertical-align: inherit;\"><span style=\"vertical-align: inherit;\">Caso Invercaria\/Keepfresh Partido\/Org: PSOE Lugar: Andaluc\u00eda PSOE<\/span><\/span><\/span><\/div>\n<div style=\"text-align: center;\" data-href=\"http:\/\/www.Casos-Aislados.com\/Caso-por-partido.php?Partido=PSOE\" data-layout=\"button_count\" data-size=\"small\" data-mobile-iframe=\"true\"><span style=\"font-size: 14pt;\"><span style=\"vertical-align: inherit;\"><span style=\"vertical-align: inherit;\">Caso Invercaria\/Lolita Canalla Partido\/Org: PSOE Lugar: Andaluc\u00eda PSOE<\/span><\/span><\/span><\/div>\n<div style=\"text-align: center;\" data-href=\"http:\/\/www.Casos-Aislados.com\/Caso-por-partido.php?Partido=PSOE\" data-layout=\"button_count\" data-size=\"small\" data-mobile-iframe=\"true\"><span style=\"font-size: 14pt;\"><span style=\"vertical-align: inherit;\"><span style=\"vertical-align: inherit;\">Caso Invercaria\/Propio Spa Partido\/Org: PSOE Lugar: Andaluc\u00eda PSOE<\/span><\/span><\/span><\/div>\n<div style=\"text-align: center;\" data-href=\"http:\/\/www.Casos-Aislados.com\/Caso-por-partido.php?Partido=PSOE\" data-layout=\"button_count\" data-size=\"small\" data-mobile-iframe=\"true\"><span style=\"font-size: 14pt;\"><span style=\"vertical-align: inherit;\"><span style=\"vertical-align: inherit;\">Caso Invercaria\/Servivaci\u00f3n Partido\/Org: PSOE Lugar: Andaluc\u00eda PSOE<\/span><\/span><\/span><\/div>\n<div style=\"text-align: center;\" data-href=\"http:\/\/www.Casos-Aislados.com\/Caso-por-partido.php?Partido=PSOE\" data-layout=\"button_count\" data-size=\"small\" data-mobile-iframe=\"true\"><span style=\"font-size: 14pt;\"><span style=\"vertical-align: inherit;\"><span style=\"vertical-align: inherit;\">Caso J. P\u00e9rez\/Oria Partido\/Org: PSOE Lugar: Andaluc\u00eda PSOE<\/span><\/span><\/span><\/div>\n<div style=\"text-align: center;\" data-href=\"http:\/\/www.Casos-Aislados.com\/Caso-por-partido.php?Partido=PSOE\" data-layout=\"button_count\" data-size=\"small\" data-mobile-iframe=\"true\"><span style=\"font-size: 14pt;\"><span style=\"vertical-align: inherit;\"><span style=\"vertical-align: inherit;\">Caso L\u00e1minas Goya Partido\/Org: PSOE Lugar: Andaluc\u00eda PSOE<\/span><\/span><\/span><\/div>\n<div style=\"text-align: center;\" data-href=\"http:\/\/www.Casos-Aislados.com\/Caso-por-partido.php?Partido=PSOE\" data-layout=\"button_count\" data-size=\"small\" data-mobile-iframe=\"true\"><span style=\"font-size: 14pt;\"><span style=\"vertical-align: inherit;\"><span style=\"vertical-align: inherit;\">Caso Lan Party Partido\/Org: PSOE Lugar: Andaluc\u00eda PSOE<\/span><\/span><\/span><\/div>\n<div style=\"text-align: center;\" data-href=\"http:\/\/www.Casos-Aislados.com\/Caso-por-partido.php?Partido=PSOE\" data-layout=\"button_count\" data-size=\"small\" data-mobile-iframe=\"true\"><span style=\"font-size: 14pt;\"><span style=\"vertical-align: inherit;\"><span style=\"vertical-align: inherit;\">Caso Limusa Partido\/Org: PSOE Lugar: Regi\u00f3n de Murcia PSOE<\/span><\/span><\/span><\/div>\n<div style=\"text-align: center;\" data-href=\"http:\/\/www.Casos-Aislados.com\/Caso-por-partido.php?Partido=PSOE\" data-layout=\"button_count\" data-size=\"small\" data-mobile-iframe=\"true\"><span style=\"font-size: 14pt;\"><span style=\"vertical-align: inherit;\"><span style=\"vertical-align: inherit;\">Caso Luciano Alonso Partido\/Org: PSOE Lugar: Andaluc\u00eda PSOE<\/span><\/span><\/span><\/div>\n<div style=\"text-align: center;\" data-href=\"http:\/\/www.Casos-Aislados.com\/Caso-por-partido.php?Partido=PSOE\" data-layout=\"button_count\" data-size=\"small\" data-mobile-iframe=\"true\"><span style=\"font-size: 14pt;\"><span style=\"vertical-align: inherit;\"><span style=\"vertical-align: inherit;\">Caso Mall\u00e9n Partido\/Org: PSOE Lugar: Arag\u00f3n PSOE<\/span><\/span><\/span><\/div>\n<div style=\"text-align: center;\" data-href=\"http:\/\/www.Casos-Aislados.com\/Caso-por-partido.php?Partido=PSOE\" data-layout=\"button_count\" data-size=\"small\" data-mobile-iframe=\"true\"><span style=\"font-size: 14pt;\"><span style=\"vertical-align: inherit;\"><span style=\"vertical-align: inherit;\">Caso Mar Blau Partido\/Org: PP-PSOE Lugar: Baleares PP-PSOE<\/span><\/span><\/span><\/div>\n<div style=\"text-align: center;\" data-href=\"http:\/\/www.Casos-Aislados.com\/Caso-por-partido.php?Partido=PSOE\" data-layout=\"button_count\" data-size=\"small\" data-mobile-iframe=\"true\"><span style=\"font-size: 14pt;\"><span style=\"vertical-align: inherit;\"><span style=\"vertical-align: inherit;\">Caso Marat\u00f3n Santa Pola Partido\/Org: PSOE Lugar: Comunidad Valenciana PSOE<\/span><\/span><\/span><\/div>\n<div style=\"text-align: center;\" data-href=\"http:\/\/www.Casos-Aislados.com\/Caso-por-partido.php?Partido=PSOE\" data-layout=\"button_count\" data-size=\"small\" data-mobile-iframe=\"true\"><span style=\"font-size: 14pt;\"><span style=\"vertical-align: inherit;\"><span style=\"vertical-align: inherit;\">Caso Marismas Partido\/Org: PSOE Lugar: Andaluc\u00eda PSOE<\/span><\/span><\/span><\/div>\n<div style=\"text-align: center;\" data-href=\"http:\/\/www.Casos-Aislados.com\/Caso-por-partido.php?Partido=PSOE\" data-layout=\"button_count\" data-size=\"small\" data-mobile-iframe=\"true\"><span style=\"font-size: 14pt;\"><span style=\"vertical-align: inherit;\"><span style=\"vertical-align: inherit;\">Caso Massamagrell Partido\/Org: PSOE Lugar: Comunidad Valenciana PSOE<\/span><\/span><\/span><\/div>\n<div style=\"text-align: center;\" data-href=\"http:\/\/www.Casos-Aislados.com\/Caso-por-partido.php?Partido=PSOE\" data-layout=\"button_count\" data-size=\"small\" data-mobile-iframe=\"true\"><span style=\"font-size: 14pt;\"><span style=\"vertical-align: inherit;\"><span style=\"vertical-align: inherit;\">Caso Mercasevilla Partido\/Org: PSOE Lugar: Andaluc\u00eda PSOE<\/span><\/span><\/span><\/div>\n<div style=\"text-align: center;\" data-href=\"http:\/\/www.Casos-Aislados.com\/Caso-por-partido.php?Partido=PSOE\" data-layout=\"button_count\" data-size=\"small\" data-mobile-iframe=\"true\"><span style=\"font-size: 14pt;\"><span style=\"vertical-align: inherit;\"><span style=\"vertical-align: inherit;\">Caso Mercasevilla\/Escuela Hosteler\u00eda Partido\/Org: PSOE Lugar: Andaluc\u00eda PSOE<\/span><\/span><\/span><\/div>\n<div style=\"text-align: center;\" data-href=\"http:\/\/www.Casos-Aislados.com\/Caso-por-partido.php?Partido=PSOE\" data-layout=\"button_count\" data-size=\"small\" data-mobile-iframe=\"true\"><span style=\"font-size: 14pt;\"><span style=\"vertical-align: inherit;\"><span style=\"vertical-align: inherit;\">Caso Mercasevilla\/Guarder\u00eda Partido\/Org: PSOE Lugar: Andaluc\u00eda PSOE<\/span><\/span><\/span><\/div>\n<div style=\"text-align: center;\" data-href=\"http:\/\/www.Casos-Aislados.com\/Caso-por-partido.php?Partido=PSOE\" data-layout=\"button_count\" data-size=\"small\" data-mobile-iframe=\"true\"><span style=\"font-size: 14pt;\"><span style=\"vertical-align: inherit;\"><span style=\"vertical-align: inherit;\">Caso Miraflores Partido\/Org: PSOE Lugar: Comunidad de Madrid PSOE<\/span><\/span><\/span><\/div>\n<div style=\"text-align: center;\" data-href=\"http:\/\/www.Casos-Aislados.com\/Caso-por-partido.php?Partido=PSOE\" data-layout=\"button_count\" data-size=\"small\" data-mobile-iframe=\"true\"><span style=\"font-size: 14pt;\"><span style=\"vertical-align: inherit;\"><span style=\"vertical-align: inherit;\">Caso Para\u00edso Partido\/Org: PSOE Lugar: Canarias PSOE<\/span><\/span><\/span><\/div>\n<div style=\"text-align: center;\" data-href=\"http:\/\/www.Casos-Aislados.com\/Caso-por-partido.php?Partido=PSOE\" data-layout=\"button_count\" data-size=\"small\" data-mobile-iframe=\"true\"><span style=\"font-size: 14pt;\"><span style=\"vertical-align: inherit;\"><span style=\"vertical-align: inherit;\">Caso Plaold Partido\/Org: PSOE Lugar: Pa\u00eds Vasco PSOE<\/span><\/span><\/span><\/div>\n<div style=\"text-align: center;\" data-href=\"http:\/\/www.Casos-Aislados.com\/Caso-por-partido.php?Partido=PSOE\" data-layout=\"button_count\" data-size=\"small\" data-mobile-iframe=\"true\"><span style=\"font-size: 14pt;\"><span style=\"vertical-align: inherit;\"><span style=\"vertical-align: inherit;\">Caso Plasencia Partido\/Org: PSOE Lugar: Extremadura PSOE<\/span><\/span><\/span><\/div>\n<div style=\"text-align: center;\" data-href=\"http:\/\/www.Casos-Aislados.com\/Caso-por-partido.php?Partido=PSOE\" data-layout=\"button_count\" data-size=\"small\" data-mobile-iframe=\"true\"><span style=\"font-size: 14pt;\"><span style=\"vertical-align: inherit;\"><span style=\"vertical-align: inherit;\">Caso Plasenzuela Partido\/Org: PSOE Lugar: Extremadura PSOE<\/span><\/span><\/span><\/div>\n<div style=\"text-align: center;\" data-href=\"http:\/\/www.Casos-Aislados.com\/Caso-por-partido.php?Partido=PSOE\" data-layout=\"button_count\" data-size=\"small\" data-mobile-iframe=\"true\"><span style=\"font-size: 14pt;\"><span style=\"vertical-align: inherit;\"><span style=\"vertical-align: inherit;\">Caso Plaza Partido\/Org: PSOE Lugar: Arag\u00f3n PSOE<\/span><\/span><\/span><\/div>\n<div style=\"text-align: center;\" data-href=\"http:\/\/www.Casos-Aislados.com\/Caso-por-partido.php?Partido=PSOE\" data-layout=\"button_count\" data-size=\"small\" data-mobile-iframe=\"true\"><span style=\"font-size: 14pt;\"><span style=\"vertical-align: inherit;\"><span style=\"vertical-align: inherit;\">Caso Plaza de Toros Partido\/Org: PSOE Lugar: Castilla La Mancha PSOE<\/span><\/span><\/span><\/div>\n<div style=\"text-align: center;\" data-href=\"http:\/\/www.Casos-Aislados.com\/Caso-por-partido.php?Partido=PSOE\" data-layout=\"button_count\" data-size=\"small\" data-mobile-iframe=\"true\"><span style=\"font-size: 14pt;\"><span style=\"vertical-align: inherit;\"><span style=\"vertical-align: inherit;\">Caso Plaza\/Kart\u00f3dromo Partido\/Org: PSOE Lugar: Arag\u00f3n PSOE<\/span><\/span><\/span><\/div>\n<div style=\"text-align: center;\" data-href=\"http:\/\/www.Casos-Aislados.com\/Caso-por-partido.php?Partido=PSOE\" data-layout=\"button_count\" data-size=\"small\" data-mobile-iframe=\"true\"><span style=\"font-size: 14pt;\"><span style=\"vertical-align: inherit;\"><span style=\"vertical-align: inherit;\">Caso Plaza\/Naves Partido\/Org: PSOE Lugar: Arag\u00f3n PSOE<\/span><\/span><\/span><\/div>\n<div style=\"text-align: center;\" data-href=\"http:\/\/www.Casos-Aislados.com\/Caso-por-partido.php?Partido=PSOE\" data-layout=\"button_count\" data-size=\"small\" data-mobile-iframe=\"true\"><span style=\"font-size: 14pt;\"><span style=\"vertical-align: inherit;\"><span style=\"vertical-align: inherit;\">Caso Pok\u00e9mon Partido\/Org: PP-PSOE Lugar: Galicia PP-PSOE<\/span><\/span><\/span><\/div>\n<div style=\"text-align: center;\" data-href=\"http:\/\/www.Casos-Aislados.com\/Caso-por-partido.php?Partido=PSOE\" data-layout=\"button_count\" data-size=\"small\" data-mobile-iframe=\"true\"><span style=\"font-size: 14pt;\"><span style=\"vertical-align: inherit;\"><span style=\"vertical-align: inherit;\">Caso Pokemon\/Gr\u00faa de Lugo Partido\/Org: PSOE Lugar: Galicia PSOE<\/span><\/span><\/span><\/div>\n<div style=\"text-align: center;\" data-href=\"http:\/\/www.Casos-Aislados.com\/Caso-por-partido.php?Partido=PSOE\" data-layout=\"button_count\" data-size=\"small\" data-mobile-iframe=\"true\"><span style=\"font-size: 14pt;\"><span style=\"vertical-align: inherit;\"><span style=\"vertical-align: inherit;\">Caso Pokemon\/Mi\u00f1o-Sil Partido\/Org: PSOE Lugar: Galicia PSOE<\/span><\/span><\/span><\/div>\n<div style=\"text-align: center;\" data-href=\"http:\/\/www.Casos-Aislados.com\/Caso-por-partido.php?Partido=PSOE\" data-layout=\"button_count\" data-size=\"small\" data-mobile-iframe=\"true\"><span style=\"font-size: 14pt;\"><span style=\"vertical-align: inherit;\"><span style=\"vertical-align: inherit;\">Caso Pokemon\/Vendex Partido\/Org: PP-PSOE Lugar: Galicia PP-PSOE<\/span><\/span><\/span><\/div>\n<div style=\"text-align: center;\" data-href=\"http:\/\/www.Casos-Aislados.com\/Caso-por-partido.php?Partido=PSOE\" data-layout=\"button_count\" data-size=\"small\" data-mobile-iframe=\"true\"><span style=\"font-size: 14pt;\"><span style=\"vertical-align: inherit;\"><span style=\"vertical-align: inherit;\">Caso PSPV y Bloc Partido\/Org: PSOE Lugar: Comunidad Valenciana PSOE<\/span><\/span><\/span><\/div>\n<div style=\"text-align: center;\" data-href=\"http:\/\/www.Casos-Aislados.com\/Caso-por-partido.php?Partido=PSOE\" data-layout=\"button_count\" data-size=\"small\" data-mobile-iframe=\"true\"><span style=\"font-size: 14pt;\"><span style=\"vertical-align: inherit;\"><span style=\"vertical-align: inherit;\">Caso PTA Partido\/Org: PSOE Lugar: Andaluc\u00eda PSOE<\/span><\/span><\/span><\/div>\n<div style=\"text-align: center;\" data-href=\"http:\/\/www.Casos-Aislados.com\/Caso-por-partido.php?Partido=PSOE\" data-layout=\"button_count\" data-size=\"small\" data-mobile-iframe=\"true\"><span style=\"font-size: 14pt;\"><span style=\"vertical-align: inherit;\"><span style=\"vertical-align: inherit;\">Caso Puerto Gallego Partido\/Org: PSOE Lugar: Cantabria PSOE<\/span><\/span><\/span><\/div>\n<div style=\"text-align: center;\" data-href=\"http:\/\/www.Casos-Aislados.com\/Caso-por-partido.php?Partido=PSOE\" data-layout=\"button_count\" data-size=\"small\" data-mobile-iframe=\"true\"><span style=\"font-size: 14pt;\"><span style=\"vertical-align: inherit;\"><span style=\"vertical-align: inherit;\">Caso Pulpo Partido\/Org: PSOE Lugar: Galicia PSOE<\/span><\/span><\/span><\/div>\n<div style=\"text-align: center;\" data-href=\"http:\/\/www.Casos-Aislados.com\/Caso-por-partido.php?Partido=PSOE\" data-layout=\"button_count\" data-size=\"small\" data-mobile-iframe=\"true\"><span style=\"font-size: 14pt;\"><span style=\"vertical-align: inherit;\"><span style=\"vertical-align: inherit;\">Caso Renedo Partido\/Org: PSOE Lugar: Asturias PSOE<\/span><\/span><\/span><\/div>\n<div style=\"text-align: center;\" data-href=\"http:\/\/www.Casos-Aislados.com\/Caso-por-partido.php?Partido=PSOE\" data-layout=\"button_count\" data-size=\"small\" data-mobile-iframe=\"true\"><span style=\"font-size: 14pt;\"><span style=\"vertical-align: inherit;\"><span style=\"vertical-align: inherit;\">Caso R\u00edo Manzanares Partido\/Org: PSOE Lugar: Comunidad de Madrid PSOE<\/span><\/span><\/span><\/div>\n<div style=\"text-align: center;\" data-href=\"http:\/\/www.Casos-Aislados.com\/Caso-por-partido.php?Partido=PSOE\" data-layout=\"button_count\" data-size=\"small\" data-mobile-iframe=\"true\"><span style=\"font-size: 14pt;\"><span style=\"vertical-align: inherit;\"><span style=\"vertical-align: inherit;\">Caso Sanl\u00facar Partido\/Org: PSOE Lugar: Andaluc\u00eda PSOE<\/span><\/span><\/span><\/div>\n<div style=\"text-align: center;\" data-href=\"http:\/\/www.Casos-Aislados.com\/Caso-por-partido.php?Partido=PSOE\" data-layout=\"button_count\" data-size=\"small\" data-mobile-iframe=\"true\"><span style=\"font-size: 14pt;\"><span style=\"vertical-align: inherit;\"><span style=\"vertical-align: inherit;\">Caso Santa Cruz de Paniagua Partido\/Org: PSOE Lugar: Extremadura PSOE<\/span><\/span><\/span><\/div>\n<div style=\"text-align: center;\" data-href=\"http:\/\/www.Casos-Aislados.com\/Caso-por-partido.php?Partido=PSOE\" data-layout=\"button_count\" data-size=\"small\" data-mobile-iframe=\"true\"><span style=\"font-size: 14pt;\"><span style=\"vertical-align: inherit;\"><span style=\"vertical-align: inherit;\">Caso Asiento Partido\/Org: PSOE Lugar: Nacional PSOE<\/span><\/span><\/span><\/div>\n<div style=\"text-align: center;\" data-href=\"http:\/\/www.Casos-Aislados.com\/Caso-por-partido.php?Partido=PSOE\" data-layout=\"button_count\" data-size=\"small\" data-mobile-iframe=\"true\"><span style=\"font-size: 14pt;\"><span style=\"vertical-align: inherit;\"><span style=\"vertical-align: inherit;\">Caso Sobresueldos Partido\/Org: PP-PSOE Lugar: Andaluc\u00eda PP-PSOE<\/span><\/span><\/span><\/div>\n<div style=\"text-align: center;\" data-href=\"http:\/\/www.Casos-Aislados.com\/Caso-por-partido.php?Partido=PSOE\" data-layout=\"button_count\" data-size=\"small\" data-mobile-iframe=\"true\"><span style=\"font-size: 14pt;\"><span style=\"vertical-align: inherit;\"><span style=\"vertical-align: inherit;\">Caso Sogiese Partido\/Org: PSOE Lugar: Cantabria PSOE<\/span><\/span><\/span><\/div>\n<div style=\"text-align: center;\" data-href=\"http:\/\/www.Casos-Aislados.com\/Caso-por-partido.php?Partido=PSOE\" data-layout=\"button_count\" data-size=\"small\" data-mobile-iframe=\"true\"><span style=\"font-size: 14pt;\"><span style=\"vertical-align: inherit;\"><span style=\"vertical-align: inherit;\">Caso Someso Partido\/Org: PSOE Lugar: Galicia PSOE<\/span><\/span><\/span><\/div>\n<div style=\"text-align: center;\" data-href=\"http:\/\/www.Casos-Aislados.com\/Caso-por-partido.php?Partido=PSOE\" data-layout=\"button_count\" data-size=\"small\" data-mobile-iframe=\"true\"><span style=\"font-size: 14pt;\"><span style=\"vertical-align: inherit;\"><span style=\"vertical-align: inherit;\">Caso Ter\u00e1n Partido\/Org: PSOE Lugar: Andaluc\u00eda PSOE<\/span><\/span><\/span><\/div>\n<div style=\"text-align: center;\" data-href=\"http:\/\/www.Casos-Aislados.com\/Caso-por-partido.php?Partido=PSOE\" data-layout=\"button_count\" data-size=\"small\" data-mobile-iframe=\"true\"><span style=\"font-size: 14pt;\"><span style=\"vertical-align: inherit;\"><span style=\"vertical-align: inherit;\">Caso Umax Partido\/Org: PSOE Lugar: Andaluc\u00eda PSOE<\/span><\/span><\/span><\/div>\n<div style=\"text-align: center;\" data-href=\"http:\/\/www.Casos-Aislados.com\/Caso-por-partido.php?Partido=PSOE\" data-layout=\"button_count\" data-size=\"small\" data-mobile-iframe=\"true\"><span style=\"font-size: 14pt;\"><span style=\"vertical-align: inherit;\"><span style=\"vertical-align: inherit;\">Caso Urralburu Partido\/Org: PSOE Lugar: Navarra PSOE<\/span><\/span><\/span><\/div>\n<div style=\"text-align: center;\" data-href=\"http:\/\/www.Casos-Aislados.com\/Caso-por-partido.php?Partido=PSOE\" data-layout=\"button_count\" data-size=\"small\" data-mobile-iframe=\"true\"><span style=\"font-size: 14pt;\"><span style=\"vertical-align: inherit;\"><span style=\"vertical-align: inherit;\">Caso Valle Gran Rey Partido\/Org: PSOE Lugar: Canarias PSOE<\/span><\/span><\/span><\/div>\n<div style=\"text-align: center;\" data-href=\"http:\/\/www.Casos-Aislados.com\/Caso-por-partido.php?Partido=PSOE\" data-layout=\"button_count\" data-size=\"small\" data-mobile-iframe=\"true\"><span style=\"font-size: 14pt;\"><span style=\"vertical-align: inherit;\"><span style=\"vertical-align: inherit;\">Caso Vertedero Nerja Partido\/Org: PP-PSOE Lugar: Andaluc\u00eda<\/span><\/span><\/span><\/div>\n<\/blockquote>\n<div data-href=\"http:\/\/www.Casos-Aislados.com\/Caso-por-partido.php?Partido=PSOE\" data-layout=\"button_count\" data-size=\"small\" data-mobile-iframe=\"true\">\u00a0<\/div>\n<div data-href=\"http:\/\/www.Casos-Aislados.com\/Caso-por-partido.php?Partido=PSOE\" data-layout=\"button_count\" data-size=\"small\" data-mobile-iframe=\"true\">\u00a0<\/div>\n<div data-href=\"http:\/\/www.Casos-Aislados.com\/Caso-por-partido.php?Partido=PSOE\" data-layout=\"button_count\" data-size=\"small\" data-mobile-iframe=\"true\"><img loading=\"lazy\" decoding=\"async\" class=\"aligncenter wp-image-2252720\" src=\"https:\/\/puntocritico.com\/ausajpuntocritico\/wp-content\/uploads\/2022\/07\/PSOE-2-300x199.png\" alt=\"\" width=\"400\" height=\"266\" data-id=\"2252720\" srcset=\"https:\/\/puntocritico.com\/ausajpuntocritico\/wp-content\/uploads\/2022\/07\/PSOE-2-300x199.png 300w, https:\/\/puntocritico.com\/ausajpuntocritico\/wp-content\/uploads\/2022\/07\/PSOE-2-610x405.png 610w, https:\/\/puntocritico.com\/ausajpuntocritico\/wp-content\/uploads\/2022\/07\/PSOE-2-678x452.png 678w, https:\/\/puntocritico.com\/ausajpuntocritico\/wp-content\/uploads\/2022\/07\/PSOE-2.png 680w\" sizes=\"auto, (max-width: 400px) 100vw, 400px\" \/><\/div>\n<div data-href=\"http:\/\/www.Casos-Aislados.com\/Caso-por-partido.php?Partido=PSOE\" data-layout=\"button_count\" data-size=\"small\" data-mobile-iframe=\"true\">\u00a0<\/div>\n<div data-href=\"http:\/\/www.Casos-Aislados.com\/Caso-por-partido.php?Partido=PSOE\" data-layout=\"button_count\" data-size=\"small\" data-mobile-iframe=\"true\">\n<div style=\"text-align: center;\" data-href=\"http:\/\/www.Casos-Aislados.com\/Caso-por-partido.php?Partido=PSOE\" data-layout=\"button_count\" data-size=\"small\" data-mobile-iframe=\"true\"><span style=\"font-size: 18pt;\"><strong><span style=\"color: #008000;\"><span style=\"vertical-align: inherit;\"><span style=\"vertical-align: inherit;\">***<\/span><\/span><\/span><\/strong><\/span><\/div>\n<div data-href=\"http:\/\/www.Casos-Aislados.com\/Caso-por-partido.php?Partido=PSOE\" data-layout=\"button_count\" data-size=\"small\" data-mobile-iframe=\"true\">\n<h3 style=\"text-align: center;\"><span style=\"font-size: 14pt; text-align: justify;\"><strong><span style=\"vertical-align: inherit;\"><span style=\"vertical-align: inherit;\">Los \u00abcasos aislados\u00bb de corrupci\u00f3n sistem\u00e1tica y crimen de Estado<\/span><\/span><\/strong><\/span><\/h3>\n<div>\u00a0<\/div>\n<div style=\"text-align: justify;\"><span style=\"font-size: 14pt; text-align: justify;\"><span style=\"vertical-align: inherit;\"><span style=\"vertical-align: inherit;\">Caso Puerta. <\/span><span style=\"vertical-align: inherit;\">Caso Mart\u00edn Luna. <\/span><span style=\"vertical-align: inherit;\">Caso Sarasola. <\/span><span style=\"vertical-align: inherit;\">Caso Lasa y Zabala. <\/span><span style=\"vertical-align: inherit;\">Caso Segundo Marey. <\/span><span style=\"vertical-align: inherit;\">Caso O\u00f1aederra. <\/span><span style=\"vertical-align: inherit;\">Caso Txapela. <\/span><span style=\"vertical-align: inherit;\">Rumasa (pulsi\u00f3n chavista expropiadora). <\/span><span style=\"vertical-align: inherit;\">Casos Perurena-Gurmindo-Tigre. <\/span><span style=\"vertical-align: inherit;\">Caso Leiba. <\/span><span style=\"vertical-align: inherit;\">Soborno del PSOE en Murcia. <\/span><span style=\"vertical-align: inherit;\">Caso P\u00e9rez de Arenaza Pasajes. <\/span><span style=\"vertical-align: inherit;\">Caso Tomas\u00f3n. <\/span><span style=\"vertical-align: inherit;\">Caso Brouard. <\/span><span style=\"vertical-align: inherit;\">Caso Flick (\u00abNi de Flick, ni de Flock\u00bb). <\/span><span style=\"vertical-align: inherit;\">Caso Galdeano. <\/span><span style=\"vertical-align: inherit;\">Matanza en el bar Monbar. <\/span><span style=\"vertical-align: inherit;\">Caso Caplano. <\/span><span style=\"vertical-align: inherit;\">Caso Zabalza. <\/span><span style=\"vertical-align: inherit;\">Caso Pekus. <\/span><span style=\"vertical-align: inherit;\">Caso Garc\u00eda Goena. <\/span><span style=\"vertical-align: inherit;\">Caso Luc\u00eda Urigoitia. <\/span><span style=\"vertical-align: inherit;\">Caso Pablo Castellano. <\/span><span style=\"vertical-align: inherit;\">Caso Barreiro Rivas. <\/span><span style=\"vertical-align: inherit;\">La lencer\u00eda de Pilar Mir\u00f3 con carga al presupuesto de RTVE. <\/span><span style=\"vertical-align: inherit;\">Caso Iberia. <\/span><span style=\"vertical-align: inherit;\">Juan Guerra (\u00abMihenmano\u00bb). <\/span><span style=\"vertical-align: inherit;\">Exportaci\u00f3n de archivos y hora. <\/span><span style=\"vertical-align: inherit;\">Caso Renfe y Caso Ave. Caso Ibercorp y caso Rubio. <\/span><span style=\"vertical-align: inherit;\">Caso UCIFA. <\/span><span style=\"vertical-align: inherit;\">Caso Collado. <\/span><span style=\"vertical-align: inherit;\">Caso Petromocho. <\/span><span style=\"vertical-align: inherit;\">Espionaje industrial del Cesid. <\/span><span style=\"vertical-align: inherit;\">Ley de la patada en la puerta (Corcuera). <\/span><span style=\"vertical-align: inherit;\">Caso PSV. <\/span><span style=\"vertical-align: inherit;\">Caso Rold\u00e1n. <\/span><span style=\"vertical-align: inherit;\">Esc\u00e1ndalo de los Fondos Reservados. <\/span><span style=\"vertical-align: inherit;\">Caso Cruz Roja. <\/span><span style=\"vertical-align: inherit;\">Caso Azpiegitura. <\/span><span style=\"vertical-align: inherit;\">Caso Urralburu, Caso Palomino. <\/span><\/span><\/span><span style=\"vertical-align: inherit;\"><span style=\"vertical-align: inherit;\">Al Kassar, el PSOE y las cloacas. <\/span><span style=\"vertical-align: inherit;\">GAL\u00d3N. <\/span><span style=\"vertical-align: inherit;\">Caso BOE. <\/span><span style=\"vertical-align: inherit;\">Escuchas del CESID. <\/span><span style=\"vertical-align: inherit;\">Caso Otano. <\/span><span style=\"vertical-align: inherit;\">Cintas de Pedro J. Caso Hacienda <\/span><\/span><span style=\"font-size: 14pt; text-align: justify;\"><span style=\"vertical-align: inherit;\"><span style=\"vertical-align: inherit;\">. <\/span><span style=\"vertical-align: inherit;\">Caso Isabel Garc\u00eda Marcos. <\/span><span style=\"vertical-align: inherit;\">Corrupci\u00f3n inmobiliaria en el PSOE madrile\u00f1o. <\/span><span style=\"vertical-align: inherit;\">Caso de los Maletines. <\/span><span style=\"vertical-align: inherit;\">Corrupci\u00f3n del PSC en 2009. Caso Fais\u00e1n. <\/span><span style=\"vertical-align: inherit;\">Corrupci\u00f3n en la Fundaci\u00f3n de Psoe (Amy Martin). <\/span><span style=\"vertical-align: inherit;\">Caso Cursos de Formaci\u00f3n. <\/span><span style=\"vertical-align: inherit;\">Caso P\u00fanica. <\/span><span style=\"vertical-align: inherit;\">Caso ERE (\u00abY qu\u00e9 si Chaves se ha llevado algo\u00bb). <\/span><span style=\"vertical-align: inherit;\">Declaraci\u00f3n inconstitucional del estado de alarma y cierre de las Cortes. <\/span><span style=\"vertical-align: inherit;\">Tito Berni.<\/span><\/span><\/span><\/div>\n<div>\n<p style=\"text-align: right;\"><span style=\"font-size: 14pt;\"><a href=\"https:\/\/gaceta.es\/opinion\/con-lo-que-ha-sido-el-psoe-20240227-0450\/?scroll-event=true\" target=\"_blank\" rel=\"noopener\"><span style=\"vertical-align: inherit;\"><span style=\"vertical-align: inherit;\">Esperanza Ruiz<\/span><\/span><\/a><\/span><\/p>\n<\/div>\n<\/div>\n<div style=\"text-align: justify;\">\n<figure id=\"attachment_5341\" aria-describedby=\"caption-attachment-5341\" style=\"width: 380px\" class=\"wp-caption aligncenter\"><img loading=\"lazy\" decoding=\"async\" class=\"wp-image-5341\" src=\"https:\/\/puntocritico.com\/ausajpuntocritico\/wp-content\/uploads\/2017\/09\/Gobierno-Felipe-Gonz\u00e1lez-a\u00f1os-80-300x169.jpg\" alt=\"\" width=\"380\" height=\"214\" data-id=\"5341\" srcset=\"https:\/\/puntocritico.com\/ausajpuntocritico\/wp-content\/uploads\/2017\/09\/Gobierno-Felipe-Gonz\u00e1lez-a\u00f1os-80-300x169.jpg 300w, https:\/\/puntocritico.com\/ausajpuntocritico\/wp-content\/uploads\/2017\/09\/Gobierno-Felipe-Gonz\u00e1lez-a\u00f1os-80.jpg 678w\" sizes=\"auto, (max-width: 380px) 100vw, 380px\" \/><figcaption id=\"caption-attachment-5341\" class=\"wp-caption-text\"><span style=\"color: #008000;\">\u201cSi nos tuvi\u00e9semos que ir todos los que un d\u00eda gritamos \u00a1Viva Franco! Aqu\u00ed qued\u00e1bamos cuatro\u201d (Jos\u00e9 Bono)<\/span><\/figcaption><\/figure>\n<\/div>\n<\/div>\n<p style=\"text-align: center;\"><span style=\"font-size: 18pt;\"><strong><span style=\"color: #008000;\">*******<\/span><\/strong><\/span><img loading=\"lazy\" decoding=\"async\" class=\"aligncenter wp-image-2294888\" src=\"https:\/\/puntocritico.com\/ausajpuntocritico\/wp-content\/uploads\/2024\/03\/Piramide-de-la-usticia-espanola-3-300x260.png\" alt=\"\" width=\"400\" height=\"347\" data-id=\"2294888\" srcset=\"https:\/\/puntocritico.com\/ausajpuntocritico\/wp-content\/uploads\/2024\/03\/Piramide-de-la-usticia-espanola-3-300x260.png 300w, https:\/\/puntocritico.com\/ausajpuntocritico\/wp-content\/uploads\/2024\/03\/Piramide-de-la-usticia-espanola-3-1024x889.png 1024w, https:\/\/puntocritico.com\/ausajpuntocritico\/wp-content\/uploads\/2024\/03\/Piramide-de-la-usticia-espanola-3-768x667.png 768w, https:\/\/puntocritico.com\/ausajpuntocritico\/wp-content\/uploads\/2024\/03\/Piramide-de-la-usticia-espanola-3.png 1280w\" sizes=\"auto, (max-width: 400px) 100vw, 400px\" \/><\/p>\n<p>&nbsp;<\/p>\n<blockquote class=\"wp-embedded-content\" data-secret=\"YGM6ZC7eU9\"><p><a href=\"https:\/\/puntocritico.com\/ausajpuntocritico\/2023\/02\/16\/sobre-la-eleccion-de-jueces-en-nombre-del-pueblo-pero-sin-el-pueblo\/\">SOBRE LA ELECCI\u00d3N DE JUECES: En nombre del Pueblo, pero sin el Pueblo<\/a><\/p><\/blockquote>\n<p><iframe loading=\"lazy\" class=\"wp-embedded-content\" sandbox=\"allow-scripts\" security=\"restricted\" style=\"position: absolute; visibility: hidden;\" title=\"\u00abSOBRE LA ELECCI\u00d3N DE JUECES: En nombre del Pueblo, pero sin el Pueblo\u00bb \u2014 Punto Cr\u00edtico Derechos Humanos\" src=\"https:\/\/puntocritico.com\/ausajpuntocritico\/2023\/02\/16\/sobre-la-eleccion-de-jueces-en-nombre-del-pueblo-pero-sin-el-pueblo\/embed\/#?secret=NbVYziS7RT#?secret=YGM6ZC7eU9\" data-secret=\"YGM6ZC7eU9\" width=\"500\" height=\"282\" frameborder=\"0\" marginwidth=\"0\" marginheight=\"0\" scrolling=\"no\"><\/iframe><\/p>\n<blockquote class=\"wp-embedded-content\" data-secret=\"kOgZ1YaNhU\"><p><a href=\"https:\/\/puntocritico.com\/ausajpuntocritico\/2024\/02\/19\/la-renovacion-del-consejo-general-del-poder-judicial-una-farsa\/\">LA RENOVACI\u00d3N DEL CONSEJO GENERAL DEL PODER JUDICIAL: \u00bfUNA FARSA?, por Francisco Vila<\/a><\/p><\/blockquote>\n<p><iframe loading=\"lazy\" class=\"wp-embedded-content\" sandbox=\"allow-scripts\" security=\"restricted\" style=\"position: absolute; visibility: hidden;\" title=\"\u00abLA RENOVACI\u00d3N DEL CONSEJO GENERAL DEL PODER JUDICIAL: \u00bfUNA FARSA?, por Francisco Vila\u00bb \u2014 Punto Cr\u00edtico Derechos Humanos\" src=\"https:\/\/puntocritico.com\/ausajpuntocritico\/2024\/02\/19\/la-renovacion-del-consejo-general-del-poder-judicial-una-farsa\/embed\/#?secret=HNXtKcKd9y#?secret=kOgZ1YaNhU\" data-secret=\"kOgZ1YaNhU\" width=\"500\" height=\"282\" frameborder=\"0\" marginwidth=\"0\" marginheight=\"0\" scrolling=\"no\"><\/iframe><\/p>\n<blockquote class=\"wp-embedded-content\" data-secret=\"Fi8mkw0TaC\"><p><a href=\"https:\/\/puntocritico.com\/ausajpuntocritico\/2018\/03\/12\/rhoja-del-lunes-ni-patriotas-ni-ciudadanos-con-banderas\/\">HOJA DEL LUNES: Ni patriotas ni ciudadanos con banderas<\/a><\/p><\/blockquote>\n<p><iframe loading=\"lazy\" class=\"wp-embedded-content\" sandbox=\"allow-scripts\" security=\"restricted\" style=\"position: absolute; visibility: hidden;\" title=\"\u00abHOJA DEL LUNES: Ni patriotas ni ciudadanos con banderas\u00bb \u2014 Punto Cr\u00edtico Derechos Humanos\" src=\"https:\/\/puntocritico.com\/ausajpuntocritico\/2018\/03\/12\/rhoja-del-lunes-ni-patriotas-ni-ciudadanos-con-banderas\/embed\/#?secret=Ys3MvSKFmo#?secret=Fi8mkw0TaC\" data-secret=\"Fi8mkw0TaC\" width=\"500\" height=\"282\" frameborder=\"0\" marginwidth=\"0\" marginheight=\"0\" scrolling=\"no\"><\/iframe><\/p>\n<p>&nbsp;<\/p>\n<p>&nbsp;<\/p>\n<p><a href=\"https:\/\/puntocritico.com\/ausajpuntocritico\/author\/punto-critico\/\"><img loading=\"lazy\" decoding=\"async\" class=\"aligncenter wp-image-48\" src=\"https:\/\/puntocritico.com\/ausajpuntocritico\/wp-content\/uploads\/2016\/11\/Mosca_Punto_Cr\u00edtico_40.png\" alt=\"\" width=\"80\" height=\"80\" data-id=\"48\" \/><\/a><\/p>\n<p>&nbsp;<\/p>\n","protected":false},"excerpt":{"rendered":"<div class=\"mh-excerpt\"><p>GRANDES \u00c9XITOS DE LA JUSTICIA ESPA\u00d1OLA (1978 &#8211; 2023):\u00a0DELITOS DE POL\u00cdTICOS, LA VERDADERA PANDEMIA \u00abEn este pa\u00eds, la mafia y la pol\u00edtica son lo mismo\u00bb Lu\u00eds B\u00e1rcenas &nbsp; \u00abUna persona no puede ser sometida mas <a class=\"mh-excerpt-more\" href=\"https:\/\/puntocritico.com\/ausajpuntocritico\/2024\/03\/13\/grandes-exitos-de-la-justicia-espanola-1978-2023-delitos-de-politicos\/\" title=\"GRANDES \u00c9XITOS DE LA JUSTICIA ESPA\u00d1OLA (1978 &#8211; 2023): DELITOS DE POL\u00cdTICOS: Una breve e incompleta lista, que puede explicar causas y efectos de los nombramientos arbitrarios de jueces (y muchas otras cosas)\">[&#8230;]<\/a><\/p>\n<\/div>","protected":false},"author":3,"featured_media":13049,"comment_status":"closed","ping_status":"closed","sticky":false,"template":"","format":"standard","meta":{"_acf_changed":false,"_exactmetrics_skip_tracking":false,"_exactmetrics_sitenote_active":false,"_exactmetrics_sitenote_note":"","_exactmetrics_sitenote_category":0,"footnotes":""},"categories":[6,12],"tags":[40],"class_list":{"0":"post-2294822","1":"post","2":"type-post","3":"status-publish","4":"format-standard","5":"has-post-thumbnail","7":"category-justicia","8":"category-corrupcion","9":"tag-regimen-del-78"},"acf":[],"_links":{"self":[{"href":"https:\/\/puntocritico.com\/ausajpuntocritico\/wp-json\/wp\/v2\/posts\/2294822","targetHints":{"allow":["GET"]}}],"collection":[{"href":"https:\/\/puntocritico.com\/ausajpuntocritico\/wp-json\/wp\/v2\/posts"}],"about":[{"href":"https:\/\/puntocritico.com\/ausajpuntocritico\/wp-json\/wp\/v2\/types\/post"}],"author":[{"embeddable":true,"href":"https:\/\/puntocritico.com\/ausajpuntocritico\/wp-json\/wp\/v2\/users\/3"}],"replies":[{"embeddable":true,"href":"https:\/\/puntocritico.com\/ausajpuntocritico\/wp-json\/wp\/v2\/comments?post=2294822"}],"version-history":[{"count":0,"href":"https:\/\/puntocritico.com\/ausajpuntocritico\/wp-json\/wp\/v2\/posts\/2294822\/revisions"}],"wp:featuredmedia":[{"embeddable":true,"href":"https:\/\/puntocritico.com\/ausajpuntocritico\/wp-json\/wp\/v2\/media\/13049"}],"wp:attachment":[{"href":"https:\/\/puntocritico.com\/ausajpuntocritico\/wp-json\/wp\/v2\/media?parent=2294822"}],"wp:term":[{"taxonomy":"category","embeddable":true,"href":"https:\/\/puntocritico.com\/ausajpuntocritico\/wp-json\/wp\/v2\/categories?post=2294822"},{"taxonomy":"post_tag","embeddable":true,"href":"https:\/\/puntocritico.com\/ausajpuntocritico\/wp-json\/wp\/v2\/tags?post=2294822"}],"curies":[{"name":"wp","href":"https:\/\/api.w.org\/{rel}","templated":true}]}}