{"id":2294597,"date":"2024-03-04T00:05:31","date_gmt":"2024-03-03T23:05:31","guid":{"rendered":"https:\/\/puntocritico.com\/ausajpuntocritico\/?p=2294597"},"modified":"2024-03-31T21:17:15","modified_gmt":"2024-03-31T19:17:15","slug":"mascarillas-miedo-y-aviones","status":"publish","type":"post","link":"https:\/\/puntocritico.com\/ausajpuntocritico\/2024\/03\/04\/mascarillas-miedo-y-aviones\/","title":{"rendered":"MASCARILLAS, MIEDO Y AVIONES: Un negocio de 100.000 muertos"},"content":{"rendered":"<h2 style=\"text-align: justify;\"><span style=\"font-size: 14pt; color: #008000;\">MASCARILLAS, MIEDO Y AVIONES<\/span><\/h2>\n<p style=\"text-align: justify;\"><span id=\"INDICE_PANDEMIA_CORONAVIRUS\" style=\"font-size: 14pt; color: #008000;\"><a style=\"color: #008000;\" href=\"https:\/\/puntocritico.com\/ausajpuntocritico\/2020\/04\/01\/indice-pandemia-coronavirus\/\">INDICE PANDEMIA CORONAVIRUS\u00a0<\/a><\/span><\/p>\n\n<p>&nbsp;<\/p>\n<blockquote>\n<h2 style=\"text-align: center;\"><span style=\"font-size: 24pt;\">TRIBUTO DE SANGRE<\/span><\/h2>\n<p style=\"text-align: center;\"><span style=\"font-size: 18pt;\"><strong><em>\u00abEl que es Ciudadano en una Democracia, con frecuencia no es Ciudadano en una Oligarqu\u00eda\u00bb<\/em><\/strong><\/span><\/p>\n<p><img loading=\"lazy\" decoding=\"async\" class=\"aligncenter wp-image-2294634\" src=\"https:\/\/puntocritico.com\/ausajpuntocritico\/wp-content\/uploads\/2024\/03\/Tributo-de-sangre-300x225.jpg\" alt=\"\" width=\"360\" height=\"270\" data-id=\"2294634\" srcset=\"https:\/\/puntocritico.com\/ausajpuntocritico\/wp-content\/uploads\/2024\/03\/Tributo-de-sangre-300x225.jpg 300w, https:\/\/puntocritico.com\/ausajpuntocritico\/wp-content\/uploads\/2024\/03\/Tributo-de-sangre-678x509.jpg 678w, https:\/\/puntocritico.com\/ausajpuntocritico\/wp-content\/uploads\/2024\/03\/Tributo-de-sangre-326x245.jpg 326w, https:\/\/puntocritico.com\/ausajpuntocritico\/wp-content\/uploads\/2024\/03\/Tributo-de-sangre-80x60.jpg 80w, https:\/\/puntocritico.com\/ausajpuntocritico\/wp-content\/uploads\/2024\/03\/Tributo-de-sangre.jpg 720w\" sizes=\"auto, (max-width: 360px) 100vw, 360px\" \/><\/p>\n<p>&nbsp;<\/p>\n<p style=\"text-align: right;\"><em>Perdida ya la condici\u00f3n de Ciudadano como \u00abpersona considerada como miembro activo de un Estado, titular de derechos pol\u00edticos y sometido a su vez a sus leyes\u00bb, mudada en la de mero Residente con derecho a ser Representado, olvidada la autonom\u00eda personal junto a la Responsabilidad individual, desconocido el significado de los preceptos de la Constituci\u00f3n, que es por ello, por esa ignorancia mayoritaria, mutante. <\/em><\/p>\n<p style=\"text-align: right;\"><em>Ignorante y soberbia, la Desinformada Multitud, que no atiende a razones y solo escucha y repite propaganda, cree vivir en un Estado de Derecho, mientras lo ignora todo acerca del Derecho. Una masa querulante, que encomienda su bienestar a unos personajes que solo conocen por lo que leen o escuchan en la Propaganda que se obcecan y ufanan en llamar Informaci\u00f3n; una multitud iracunda que elige como Legisladores a unos actorcillos proclamados candidatos a Representantes nadie sabe de qui\u00e9n. <\/em><\/p>\n<p style=\"text-align: right;\"><em>Es desde esta perspectiva que podemos, sin dificultad, apreciar la raz\u00f3n aristot\u00e9lica (\u00abEl que es ciudadano en una democracia con frecuencia no es ciudadano en una oligarqu\u00eda.\u00bb)<\/em><\/p>\n<p style=\"text-align: justify;\">\u00a0<\/p>\n<p style=\"text-align: justify;\"><span style=\"font-size: 14pt;\"><strong>La Corrupci\u00f3n es a Espa\u00f1a, como la arena a la playa<\/strong>. Ahora le (vuelve) a tocar al Falangismo Peseoero. Ya no recordamos a los Tecn\u00f3cratas Nacional Cat\u00f3licos robando, pero eran mucho mejores. Los de Aznar, que acababan de ver a Felipe Gonz\u00e1lez rob\u00e1ndolo todo, no perdieron el tiempo y nada mas llegar, se robaron Telef\u00f3nica (por un 1% de su valor) y la pusieron al cuidado del amiguito del cole de Aznar, un tal Villalonga, del que no merece la pena hablar m\u00e1s.\u00a0<\/span><\/p>\n<p style=\"text-align: justify;\"><span style=\"font-size: 14pt;\"><strong>La corrupci\u00f3n de los canallas<\/strong>, de los pol\u00edticos \u00abTransactos\u00bb, de los herederos del Franquismo, en este franquismo sin Franco al que llamamos R\u00e9gimen del 78&#8242; (PPSOE y sus respectivas confluencias)\u00a0 -a los que, por cierto, llevamos votando masivamente desde que nos dejaron volver a votar- <strong>es c\u00edclica<\/strong>. <\/span><\/p>\n<p style=\"text-align: justify;\"><span style=\"font-size: 14pt;\"><strong>Los ciclos son electorales<\/strong>. <a href=\"https:\/\/puntocritico.com\/ausajpuntocritico\/2018\/11\/06\/breve-historia-de-las-privatizaciones-en-espana-1985-1995-por-carlos-martin-urriza-republicado\/\">Cuando Gobierna uno, roba todo lo que puede, y facilita as\u00ed la alternancia<\/a>, cayendo en las encuestas electorales que se publican y son asumidas por la generalidad de una poblaci\u00f3n esclava de los deseos que los medios de desinformaci\u00f3n del m\u00e1s abyecto capitalismo salvaje inculcan a los d\u00e9biles mentales, que forman una mayor\u00eda imbatible, que transita de los malos del momento a los que rechazaron por ser muy malos unos pocos a\u00f1os antes.<\/span><\/p>\n<p style=\"text-align: justify;\"><span style=\"font-size: 14pt;\">Ahora viene el PP. Los Tecn\u00f3cratas. Los que saben robar de verdad. Para ello, antes, tiene que haber un esc\u00e1ndalo que movilice a los <a href=\"https:\/\/puntocritico.com\/ausajpuntocritico\/2022\/06\/15\/teoria-de-la-estupidez\/\">Est\u00fapidos<\/a>, esa mayor\u00eda silenciosa cebada con piensos mentales (posmodernos y tradicionales, que para todos hay p\u00edldoras negras de <a href=\"https:\/\/puntocritico.com\/ausajpuntocritico\/2021\/02\/09\/las-leyes-fundamentales-de-la-estupidez-humana-por-carlo-m-cipolla\/\">Estupidez<\/a>). <\/span><\/p>\n<p style=\"text-align: justify;\"><span style=\"font-size: 14pt;\">Existen los Momentos de Lucidez, como existen los Momentos de Estupidez. <a href=\"https:\/\/puntocritico.com\/ausajpuntocritico\/2022\/01\/18\/psicosis-de-formacion-masiva\/\">Ambos pueden ser Inducidos, y por ello, afectar a grandes colectivos simult\u00e1neamente<\/a>, pero nunca son permanentes. Pero, al poder ser inducidos, un Momento de Estupidez puede suceder a otro Momento de Estupidez sim\u00e9trico pero que apunte en direcci\u00f3n opuesta. La inducci\u00f3n no es m\u00e1s que la Propaganda tradicional, ampliada tecnol\u00f3gicamente, con una inusitada potencia, capaz de hacer que los Momentos de Estupidez colectivos se sucedan unos a otros, en bucle.<\/span><\/p>\n<p>&nbsp;<\/p>\n<p style=\"text-align: center;\"><strong><span style=\"color: #008000; font-size: 14pt;\">Existen los Momentos de Lucidez, como existen los Momentos de Estupidez. <\/span><\/strong><strong><span style=\"color: #008000; font-size: 14pt;\">Ambos pueden ser colectivos, pero nunca son permanentes<\/span><\/strong><\/p>\n<p>&nbsp;<\/p>\n<p style=\"text-align: justify;\"><span style=\"font-size: 14pt;\">Vamos a dedicar este post al esc\u00e1ndalo que necesitaba el PP para volver a acceder a los sillones de robar. Con desgana, porque la realidad no es nunca la que parece, en este reino de la corrupci\u00f3n que es Espa\u00f1a. Y es que cuanto m\u00e1s burros, peor roban. Y en el PSOE (<em>as\u00ed como en los partiditos que les pusieron a sus hijos, reto\u00f1os de la m\u00e1s pura \u00abcasta\u00bb de ladrones, que conocemos como podemitas, masmaderitas o yoyolanditas<\/em>), los burros son especie protegida, porque roban a granel.\u00a0<\/span><\/p>\n<p style=\"text-align: justify;\"><span style=\"font-size: 14pt;\">Lo intentan, pero no pueden igualarse a los tecn\u00f3cratas del PP, preparados t\u00e9cnicamente para robar desde su mas tierna infancia. As\u00ed, se consigue que el par de milloncejos \u00abafanados\u00bb por Tito Berni, tengan un fulgor que ilumine los ojos de los <a href=\"https:\/\/puntocritico.com\/ausajpuntocritico\/2023\/04\/18\/efecto-dunning-kruger\/\">Est\u00fapidos<\/a>\u00a0<strong>que ni se enteraron de los <a href=\"https:\/\/puntocritico.com\/ausajpuntocritico\/2018\/11\/06\/breve-historia-de-las-privatizaciones-en-espana-1985-1995-por-carlos-martin-urriza-republicado\/\">\u00abotros\u00bb robos del siglo, como entre muchos otros, los de TELEF\u00d3NICA, REPSOL O ENDESA<\/a><\/strong>.<\/span><\/p>\n<p>&nbsp;<\/p>\n<figure id=\"attachment_2271706\" aria-describedby=\"caption-attachment-2271706\" style=\"width: 360px\" class=\"wp-caption aligncenter\"><a href=\"https:\/\/puntocritico.com\/ausajpuntocritico\/2023\/04\/18\/efecto-dunning-kruger\/\"><img loading=\"lazy\" decoding=\"async\" class=\"wp-image-2271706\" src=\"https:\/\/puntocritico.com\/ausajpuntocritico\/wp-content\/uploads\/2023\/04\/fenomenos-psicologicos-mas-curiosos-large-PPAL-300x205.jpg\" alt=\"\" width=\"360\" height=\"247\" data-id=\"2271706\" srcset=\"https:\/\/puntocritico.com\/ausajpuntocritico\/wp-content\/uploads\/2023\/04\/fenomenos-psicologicos-mas-curiosos-large-PPAL-300x205.jpg 300w, https:\/\/puntocritico.com\/ausajpuntocritico\/wp-content\/uploads\/2023\/04\/fenomenos-psicologicos-mas-curiosos-large-PPAL-610x418.jpg 610w, https:\/\/puntocritico.com\/ausajpuntocritico\/wp-content\/uploads\/2023\/04\/fenomenos-psicologicos-mas-curiosos-large-PPAL.jpg 660w\" sizes=\"auto, (max-width: 360px) 100vw, 360px\" \/><\/a><figcaption id=\"caption-attachment-2271706\" class=\"wp-caption-text\"><span style=\"color: #008000;\"><a style=\"color: #008000;\" href=\"https:\/\/puntocritico.com\/ausajpuntocritico\/2023\/04\/18\/efecto-dunning-kruger\/\">EFECTO DUNNING-KRUGER<\/a>. \u00abEl problema con el mundo es que los est\u00fapidos est\u00e1n seguros de todo y los inteligentes est\u00e1n llenos de dudas\u00bb <\/span><\/figcaption><\/figure>\n<p>&nbsp;<\/p>\n<h3 style=\"text-align: center;\"><span style=\"font-size: 14pt;\"><strong><span style=\"color: #008000;\">La Guerra borrar\u00e1 todos los cr\u00edmenes. Y dar\u00e1 lugar a enormes fortunas. A cambio de nuestra sangre<\/span><\/strong><\/span><\/h3>\n<p>&nbsp;<\/p>\n<p style=\"text-align: justify;\"><span style=\"font-size: 14pt;\">Pero, como siempre, lo peor est\u00e1 por llegar. La Guerra borrar\u00e1 todos los cr\u00edmenes. Y dar\u00e1 lugar a enormes fortunas. A cambio de nuestra sangre. El <strong>Tributo de Sangre<\/strong> es una invenci\u00f3n espa\u00f1ola, aunque para nada original.<\/span><\/p>\n<p style=\"text-align: justify;\"><span style=\"font-size: 14pt;\">El <strong><a href=\"https:\/\/es.wikipedia.org\/wiki\/Tributo_de_sangre\" target=\"_blank\" rel=\"noopener\">Tributo de sangre<\/a><\/strong> o Tributo en sangre es la denominaci\u00f3n popular que recibi\u00f3 el derecho de familias, una imposici\u00f3n de la Corona espa\u00f1ola a las Islas Canarias, que consist\u00eda en la obligaci\u00f3n de enviar cinco familias canarias a Am\u00e9rica por cada cien toneladas de mercanc\u00edas que llevaran los barcos con productos de las Islas Canarias (obligaci\u00f3n impuesta por el Reglamento Real de 1718, que romp\u00eda el monopolio comercial con Am\u00e9rica que hasta ese momento manten\u00eda la Casa de Contrataci\u00f3n).<\/span><\/p>\n<p style=\"text-align: justify;\"><span style=\"font-size: 14pt;\">En esta posmodernidad el <strong>Tributo de Sangre<\/strong> se refleja en la escasez; <a href=\"https:\/\/puntocritico.com\/ausajpuntocritico\/2018\/01\/15\/la-revolucion-de-las-elites-de-la-privatizacion-de-los-servicios-publicos-a-la-desaparicion-del-estado\/\">escasez de todos los Servicios P\u00fablicos<\/a>, por los que pagamos una ingente cantidad de dinero anualmente en forma de Tributos, que son destinados a las mafias corruptas que se enriquecen con lo p\u00fablico, escasez que ya lo est\u00e1 siendo, para muchos, de comida, y pronto ser\u00e1 de agua. La miseria que mata, por la que llevamos medio siglo votando masivamente. Y que, \u00a1por fin! estamos apunto de empezar a disfrutar. Antes, despu\u00e9s, o m\u00e1s probablemente durante, la <strong>guerra<\/strong>, que anhelan los Canallas de medio mundo. El <strong>Tributo de Sangre<\/strong> definitivo. El precio de la Codicia.<\/span><\/p>\n<p style=\"text-align: justify;\"><span style=\"font-size: 14pt;\"><a href=\"https:\/\/puntocritico.com\/ausajpuntocritico\/2024\/02\/14\/marino-barbero-y-el-pais\/\">La Desinformaci\u00f3n es el c\u00e1ncer de la Democracia<\/a>. La elecci\u00f3n libre no tiene nunca lugar en una sociedad desinformada. <a href=\"https:\/\/puntocritico.com\/ausajpuntocritico\/2021\/12\/31\/2021-el-ano-de-la-autocensura-sin-las-libertades-de-expresion-e-informacion-no-es-posible-una-sociedad-libre-y-plural-la-marcha-radetzky-y-el-mariscal\/\">No hay Libertad en una voluntad guiada por el error o el enga\u00f1o<\/a>.\u00a0<\/span><\/p>\n<\/blockquote>\n<p>&nbsp;<\/p>\n<p><img loading=\"lazy\" decoding=\"async\" class=\"aligncenter wp-image-2294647\" src=\"https:\/\/puntocritico.com\/ausajpuntocritico\/wp-content\/uploads\/2024\/03\/El-Roto-flautista-de-Hamelin-262x300.png\" alt=\"\" width=\"300\" height=\"343\" data-id=\"2294647\" srcset=\"https:\/\/puntocritico.com\/ausajpuntocritico\/wp-content\/uploads\/2024\/03\/El-Roto-flautista-de-Hamelin-262x300.png 262w, https:\/\/puntocritico.com\/ausajpuntocritico\/wp-content\/uploads\/2024\/03\/El-Roto-flautista-de-Hamelin.png 643w\" sizes=\"auto, (max-width: 300px) 100vw, 300px\" \/><\/p>\n<p style=\"text-align: center;\"><span style=\"font-size: 18pt;\"><strong><span style=\"color: #008000;\">*******<\/span><\/strong><\/span><\/p>\n<p style=\"text-align: justify;\"><span style=\"font-size: 14pt; color: #008000;\">\u00bfCU\u00c1L ES COMISI\u00d3N DE UN PORTAAVIONES? \u00bfY LA DE UN SUBMARINO NUCLEAR?<\/span><\/p>\n<div class=\"elementor-element elementor-element-5bef02f elementor-widget elementor-widget-theme-post-title elementor-page-title elementor-widget-heading\" data-id=\"5bef02f\" data-element_type=\"widget\" data-widget_type=\"theme-post-title.default\">\n<div class=\"elementor-widget-container\">\n<blockquote>\n<h2 style=\"text-align: center;\" align=\"center\"><span style=\"font-size: 24.0pt;\">VON DER LEYEN ABOGA POR UNA COMPRA \u00abCONJUNTA\u00bb DE MATERIAL MILITAR SIGUIENDO EL \u00abMODELO\u00bb DE LAS VACUNAS<\/span><\/h2>\n<\/blockquote>\n<\/div>\n<\/div>\n<blockquote>\n<div class=\"elementor-element elementor-element-ff92fec imagen-destacada-single-general elementor-widget elementor-widget-image\" data-id=\"ff92fec\" data-element_type=\"widget\" data-widget_type=\"image.default\">\n<div class=\"elementor-widget-container\">\n<div class=\"elementor-element elementor-element-532f972 elementor-widget elementor-widget-heading\" data-id=\"532f972\" data-element_type=\"widget\" data-widget_type=\"heading.default\">\n<div class=\"elementor-widget-container\">\n<div class=\"elementor-heading-title elementor-size-default\" style=\"text-align: center;\"><span style=\"font-size: 18pt;\"><strong><span style=\"color: #008000;\">\u00ab<em>LA GUERRA NO ES IMPOSIBLE\u00bb<\/em><\/span><\/strong><\/span><\/div>\n<div style=\"text-align: justify;\"><span style=\"font-size: 14pt;\">Por M. Ruiz (<em>Bruselas<\/em>)<\/span><\/div>\n<div style=\"text-align: justify;\"><span style=\"font-size: 14pt;\"><a href=\"https:\/\/gaceta.es\/europa\/von-der-leyen-aboga-por-una-compra-conjunta-de-material-militar-siguiendo-el-modelo-de-las-vacunas-20240301-1136\/\" target=\"_blank\" rel=\"noopener\">Gaceta<\/a>, 1 Marzo 2014<\/span><\/div>\n<div>\u00a0<\/div>\n<\/div>\n<\/div>\n<div class=\"elementor-element elementor-element-5bef02f elementor-widget elementor-widget-theme-post-title elementor-page-title elementor-widget-heading\" data-id=\"5bef02f\" data-element_type=\"widget\" data-widget_type=\"theme-post-title.default\">\n<div class=\"elementor-widget-container\">\n<figure id=\"attachment_2294598\" aria-describedby=\"caption-attachment-2294598\" style=\"width: 440px\" class=\"wp-caption aligncenter\"><img loading=\"lazy\" decoding=\"async\" class=\"wp-image-2294598\" src=\"https:\/\/puntocritico.com\/ausajpuntocritico\/wp-content\/uploads\/2024\/03\/Ursula-Von-der-Leyen-GZT-300x200.webp\" alt=\"\" width=\"440\" height=\"293\" data-id=\"2294598\" srcset=\"https:\/\/puntocritico.com\/ausajpuntocritico\/wp-content\/uploads\/2024\/03\/Ursula-Von-der-Leyen-GZT-300x200.webp 300w, https:\/\/puntocritico.com\/ausajpuntocritico\/wp-content\/uploads\/2024\/03\/Ursula-Von-der-Leyen-GZT-1024x683.webp 1024w, https:\/\/puntocritico.com\/ausajpuntocritico\/wp-content\/uploads\/2024\/03\/Ursula-Von-der-Leyen-GZT-768x512.webp 768w, https:\/\/puntocritico.com\/ausajpuntocritico\/wp-content\/uploads\/2024\/03\/Ursula-Von-der-Leyen-GZT.webp 1200w\" sizes=\"auto, (max-width: 440px) 100vw, 440px\" \/><figcaption id=\"caption-attachment-2294598\" class=\"wp-caption-text\"><span style=\"color: #008000;\">Ursula Von der Leyen. Europa Press<\/span><\/figcaption><\/figure>\n<\/div>\n<\/div>\n<\/div>\n<\/div>\n<p>&nbsp;<\/p>\n<p style=\"text-align: justify;\"><span style=\"font-size: 14pt;\">La presidenta de la Comisi\u00f3n Europea,\u00a0<strong>Ursula von der Leyen<\/strong>, reclam\u00f3 esta semana un \u00abdespertar urgente\u00bb en materia de Defensa en Europa y manifest\u00f3 que\u00a0<strong>\u00abla amenaza de guerra no es inminente, pero no es imposible\u00bb.<\/strong><\/span><\/p>\n<p style=\"text-align: justify;\"><span style=\"font-size: 14pt;\">As\u00ed, avis\u00f3 de los \u00abpeligros de una creciente e inquietante liga de autoritarios\u00bb, en referencia a Rusia, Ir\u00e1n y Corea del Norte, adem\u00e1s de la inestabilidad en Oriente Pr\u00f3ximo con la guerra en Gaza.\u00a0Por todo ello llam\u00f3 a que Europa<strong>\u00a0\u00abdespierte urgentemente\u00bb<\/strong>\u00a0en materia de seguridad. \u00abTenemos que empezar a actuar como tal\u00bb, dijo la dirigente globalista.<\/span><\/p>\n<p style=\"text-align: justify;\"><span style=\"font-size: 14pt;\">De este modo, adelant\u00f3 que su plan de estrategia industrial de Defensa que se presentar\u00e1 pr\u00f3ximamente pasa por que Europa pueda estar a la cabeza en \u00abla pr\u00f3xima generaci\u00f3n de capacidades operativas ganadoras de batallas\u00bb y<strong>\u00a0garantizarse suficiente material armament\u00edstico y superioridad tecnol\u00f3gica.<\/strong>\u00a0Y confirm\u00f3 que este tipo de adquisiciones conjuntas de material militar,\u00a0<strong>como con las vacunas<\/strong>, ser\u00e1 la prioridad y \u00abayudar\u00e1n a reducir la fragmentaci\u00f3n y aumentar la interoperabilidad\u00bb.<\/span><\/p>\n<p style=\"text-align: justify;\"><span style=\"font-size: 14pt;\">Cabe se\u00f1alar que\u00a0<strong>Von der Leyen<\/strong>\u00a0ser\u00e1 la candidata del Partido Popular Europeo para repetir mandato en la Comisi\u00f3n Europea puesto que ya cerr\u00f3\u00a0<strong>el plazo de inscripciones sin propuestas alternativas<\/strong>.<\/span><\/p>\n<\/blockquote>\n<p>&nbsp;<\/p>\n<figure id=\"attachment_2258156\" aria-describedby=\"caption-attachment-2258156\" style=\"width: 400px\" class=\"wp-caption aligncenter\"><a href=\"https:\/\/puntocritico.com\/ausajpuntocritico\/2022\/10\/06\/ursula-von-der-leyen\/\"><img loading=\"lazy\" decoding=\"async\" class=\"wp-image-2258156\" src=\"https:\/\/puntocritico.com\/ausajpuntocritico\/wp-content\/uploads\/2022\/10\/von-der-Leyen-dedo-PPAL-300x199.jpg\" alt=\"\" width=\"400\" height=\"266\" data-id=\"2258156\" srcset=\"https:\/\/puntocritico.com\/ausajpuntocritico\/wp-content\/uploads\/2022\/10\/von-der-Leyen-dedo-PPAL-300x199.jpg 300w, https:\/\/puntocritico.com\/ausajpuntocritico\/wp-content\/uploads\/2022\/10\/von-der-Leyen-dedo-PPAL-610x405.jpg 610w, https:\/\/puntocritico.com\/ausajpuntocritico\/wp-content\/uploads\/2022\/10\/von-der-Leyen-dedo-PPAL-678x452.jpg 678w, https:\/\/puntocritico.com\/ausajpuntocritico\/wp-content\/uploads\/2022\/10\/von-der-Leyen-dedo-PPAL.jpg 680w\" sizes=\"auto, (max-width: 400px) 100vw, 400px\" \/><\/a><figcaption id=\"caption-attachment-2258156\" class=\"wp-caption-text\"><a href=\"https:\/\/puntocritico.com\/ausajpuntocritico\/2022\/10\/06\/ursula-von-der-leyen\/\"><span style=\"color: #008000;\">URSULA VON DER LEYEN, LA DESTRUCTORA DE EUROPA. El camino de la millonaria arist\u00f3crata: De Bur\u00f3crata Corrupta a Dictadora de Europa. <\/span><\/a><\/figcaption><\/figure>\n<p style=\"text-align: center;\"><span style=\"font-size: 18pt;\"><strong><span style=\"color: #008000;\">*******<\/span><\/strong><\/span><\/p>\n<blockquote>\n<h2 class=\"tno-subjetivo-single__article__header__title\" style=\"text-align: center;\"><span style=\"font-size: 24pt;\">NUESTRA CONDENA<\/span><\/h2>\n<p class=\"tno-subjetivo-single__article__header__excerpt\" style=\"text-align: center;\"><strong><em><span style=\"font-size: 14pt;\">\u00abSi sumamos los tres rasgos \u00e9tnicos, la chuler\u00eda, el mangoneo, y la jactancia de lo local, ver\u00e1n ustedes c\u00f3mo se cumple, una vez m\u00e1s, lo que nos hace insoportables\u00bb<\/span><\/em><\/strong><\/p>\n<div class=\"tno-subjetivo-single__article__header__meta\">\n<div class=\"meta-info\">\n<div class=\"tno-subjetivo-single__article__header__meta__category\" style=\"text-align: justify;\"><span style=\"font-size: 14pt;\">Por F\u00e9lix de Az\u00faa<\/span><\/div>\n<div class=\"tno-subjetivo-single__article__header__meta__dates\" style=\"text-align: justify;\"><span style=\"font-size: 14pt;\"><time class=\"tno-subjetivo-single__article__header__meta__date\" datetime=\"1709350200\"><a href=\"https:\/\/theobjective.com\/elsubjetivo\/opinion\/2024-03-02\/nuestra-condena\/\" target=\"_blank\" rel=\"noopener\">The\u00a0 Objective<\/a>, 2 MARZO 2024<\/time><\/span><\/div>\n<div>\u00a0<\/div>\n<\/div>\n<\/div>\n<figure id=\"attachment_2294615\" aria-describedby=\"caption-attachment-2294615\" style=\"width: 480px\" class=\"wp-caption aligncenter\"><img loading=\"lazy\" decoding=\"async\" class=\"wp-image-2294615\" src=\"https:\/\/puntocritico.com\/ausajpuntocritico\/wp-content\/uploads\/2024\/03\/Acoso-al-espanol-en-Cataluna-300x169.jpg\" alt=\"LAS MASCARILLAS Y EL MIEDO\" width=\"480\" height=\"270\" data-id=\"2294615\" srcset=\"https:\/\/puntocritico.com\/ausajpuntocritico\/wp-content\/uploads\/2024\/03\/Acoso-al-espanol-en-Cataluna-300x169.jpg 300w, https:\/\/puntocritico.com\/ausajpuntocritico\/wp-content\/uploads\/2024\/03\/Acoso-al-espanol-en-Cataluna-1024x576.jpg 1024w, https:\/\/puntocritico.com\/ausajpuntocritico\/wp-content\/uploads\/2024\/03\/Acoso-al-espanol-en-Cataluna-768x432.jpg 768w, https:\/\/puntocritico.com\/ausajpuntocritico\/wp-content\/uploads\/2024\/03\/Acoso-al-espanol-en-Cataluna-678x381.jpg 678w, https:\/\/puntocritico.com\/ausajpuntocritico\/wp-content\/uploads\/2024\/03\/Acoso-al-espanol-en-Cataluna.jpg 1200w\" sizes=\"auto, (max-width: 480px) 100vw, 480px\" \/><figcaption id=\"caption-attachment-2294615\" class=\"wp-caption-text\"><span style=\"color: #008000;\">Ilustraci\u00f3n de Erich Gordon<\/span><\/figcaption><\/figure>\n<p>&nbsp;<\/p>\n<p style=\"text-align: justify;\"><span style=\"font-size: 14pt;\">Es\u00a0tan acuciante lo que sucede todos los d\u00edas en este pa\u00eds, es tan violento y va tan acelerado, que resulta cada vez m\u00e1s dif\u00edcil recordar. Por ejemplo,\u00a0<strong>recordar qui\u00e9nes somos y de qui\u00e9n se habla cuando decimos \u00ab<em>los espa\u00f1oles<\/em>\u00bb<\/strong>. \u00bfQui\u00e9nes son esos individuos?<\/span><\/p>\n<p style=\"text-align: justify;\"><span style=\"font-size: 14pt;\">Hemos olvidado, por ejemplo, que\u00a0<strong>nuestras tres m\u00e1s insistentes locuras<\/strong>, desvar\u00edos, neurosis, vicios o inconvenientes, como quieras llamarlos,\u00a0<strong>son el robo, el chovinismo y la arrogancia<\/strong>. As\u00ed nos vieron los visitantes extranjeros, ingleses, franceses, alemanes, durante siglos. Todos coincid\u00edan en que lo peor de Espa\u00f1a eran las posadas y la gente guapa, o sea, feroz. Hay que leer una y otra vez aquel librito de <strong>Ferlosio<\/strong> titulado\u00a0<a href=\"https:\/\/amzn.to\/3Ikvigx\" target=\"_blank\" rel=\"noopener\" data-schema-attribute=\"\"><em>Guapo y sus is\u00f3topos<\/em>.<\/a><\/span><\/p>\n<p style=\"text-align: justify;\"><span style=\"font-size: 14pt;\"><strong>El chulo espa\u00f1ol, antiguamente llamado \u00abguapo\u00bb, era un tipo capaz de morir antes de reconocer sus errores, su escasez, su estupidez<\/strong>. Aquella frase de una ministra de\u00a0S\u00e1nchez: \u00ab<em>Antes rota que dobl\u00e1<\/em>\u00bb es un lema perfecto para la guapura espa\u00f1ola. Esa fragilidad de esp\u00edritu que pone de manifiesto una actitud tan infantil, es signo de orgullo para el chul\u00e1ngano y la chulapa. Nunca darse por vencido, aunque sea a costa de machacar a los inocentes. Lo dec\u00eda un personaje zafio, pero muy valorado: en Espa\u00f1a resistir es vencer, dec\u00eda.<\/span><\/p>\n<p style=\"text-align: justify;\"><span style=\"font-size: 14pt;\">Solemos caer en las garras de estos prepotentes porque nos amparamos en el modelo. Sobre todo, algunas mujeres que se sienten m\u00e1s seguras en compa\u00f1\u00eda de los chulos. Y ellos, cuya tiran\u00eda es, a su entender, lo natural, lo que se merecen, las usan sin compasi\u00f3n y se rodean de mujeres porque las saben m\u00e1s sumisas. Y entre ellas, tienen preferencia por las que creen haber superado su fr\u00e1gil car\u00e1cter mediante la exageraci\u00f3n,\u00a0<strong>las que m\u00e1s gritan, las mandonas, esas son aquellas que m\u00e1s gusta de doblegar el chulo<\/strong>, el guapo, verlas obedientes y aplaudiendo sus fechor\u00edas. \u00a1Y c\u00f3mo aplauden!<\/span><\/p>\n<p style=\"text-align: justify;\"><span style=\"font-size: 14pt;\"><strong>Y digo fechor\u00edas porque el guapo, en cuanto puede, roba<\/strong>. Tiene tambi\u00e9n muy aprendido que a \u00e9l se le debe todo y que \u00e9l no debe nada a nadie. De modo que, si puede, roba porque \u00e9l se lo merece. Y si le pillan, le echa la culpa a otro, a quien sea, a su hermano o a su padre si es preciso. La mentira es su mayor defensa.<\/span><\/p>\n<p>&nbsp;<\/p>\n<\/blockquote>\n<blockquote class=\"wp-block-quote\">\n<p style=\"text-align: center;\"><span style=\"font-size: 14pt;\"><strong><span style=\"color: #008000;\">\u00abEso que suelen llamar identidad no es sino lo que los franceses llaman \u2018el esp\u00edritu del campanario\u2019\u00bb<\/span><\/strong><\/span><\/p>\n<\/blockquote>\n<blockquote>\n<p>&nbsp;<\/p>\n<p style=\"text-align: justify;\"><span style=\"font-size: 14pt;\">Y otro rasgo que fue constantemente remarcado por los visitantes extranjeros es el apego a lo pr\u00f3ximo, a lo inmediato, al peque\u00f1o pueblo o aldea, al lugar de nacimiento, al terru\u00f1o, a lo que ahora los populistas llaman \u00ab<em>identidad<\/em>\u00bb como si \u00e9sta pudiera conocerse, asumirse y propagarse. Sin embargo, eso que suelen llamar identidad no es sino lo que los franceses llaman \u00ab<em>el esp\u00edritu del campanario<\/em>\u00bb,<strong>\u00a0la pasi\u00f3n por lo propio, por lo peque\u00f1o, por lo inmediato, lo f\u00e1cil de entender.<\/strong><\/span><\/p>\n<p style=\"text-align: justify;\"><span style=\"font-size: 14pt;\">Hace a\u00f1os me fascinaba un programa de la televisi\u00f3n de\u00a0<strong>Franco<\/strong>\u00a0en el que un autob\u00fas recorr\u00eda los pueblos espa\u00f1oles. Cuando llegaba a una aldea, se reun\u00eda la gente y el locutor, por lo general un guapo de ciudad, les preguntaba por los asuntos de inter\u00e9s en aquel lugarejo. Inmediatamente\u00a0<strong>hombres y mujeres se quitaban la palabra para gritar, unos que las aguas de la fuente no las hay igual en toda Espa\u00f1a<\/strong>, otras que las tortillas de sebo vienen de todo el mundo para comerlas. Los cr\u00edos asist\u00edan serios y sombr\u00edos a la algarab\u00eda de los mayores. Luego el autob\u00fas part\u00eda hacia otro poblach\u00f3n de casas arruinadas, granjas puercas y patios repletos de chatarra oxidada, para escuchar nuevamente que all\u00ed estaba la ermita m\u00e1s santa de la humanidad y que se hab\u00edan dado ya medio centenar de curaciones milagrosas, o una poza de r\u00edo donde ba\u00f1arse era la gloria.<\/span><\/p>\n<p style=\"text-align: justify;\"><span style=\"font-size: 14pt;\">Si sumamos los tres rasgos \u00e9tnicos, la chuler\u00eda, el mangoneo, y la jactancia de lo local, ver\u00e1n ustedes c\u00f3mo se cumple, una vez m\u00e1s, nuestra condena, lo que nos hace insoportables,\u00a0<strong>lo que demuestra la inferioridad espiritual que nos atenaza desde hace siglos<\/strong>\u00a0y que no hay modo de superar.<\/span><\/p>\n<p style=\"text-align: justify;\"><span style=\"font-size: 14pt;\">Y, sin embargo, yo dir\u00eda que s\u00ed hay remedio.\u00a0<strong>Los vasallos suelen ser honrados y serios. Lo malo son los se\u00f1ores, pero, sobre todo, los se\u00f1oritos<\/strong>.<\/span><\/p>\n<\/blockquote>\n<p style=\"text-align: justify;\">\u00a0<\/p>\n<p><img loading=\"lazy\" decoding=\"async\" class=\"aligncenter wp-image-26167\" src=\"https:\/\/puntocritico.com\/ausajpuntocritico\/wp-content\/uploads\/2020\/01\/ESPA\u00d1A-EN-LLAMAS-Principal-678x381-300x169.jpg\" alt=\"\" width=\"400\" height=\"225\" data-id=\"26167\" srcset=\"https:\/\/puntocritico.com\/ausajpuntocritico\/wp-content\/uploads\/2020\/01\/ESPA\u00d1A-EN-LLAMAS-Principal-678x381-300x169.jpg 300w, https:\/\/puntocritico.com\/ausajpuntocritico\/wp-content\/uploads\/2020\/01\/ESPA\u00d1A-EN-LLAMAS-Principal-678x381.jpg 678w\" sizes=\"auto, (max-width: 400px) 100vw, 400px\" \/><\/p>\n<p style=\"text-align: center;\"><span style=\"font-size: 18pt;\"><strong><span style=\"color: #008000;\">*******<\/span><\/strong><\/span><\/p>\n<div class=\"default-title\">\n<h2 style=\"text-align: center;\"><span style=\"font-size: 24pt;\">MONTERO AYUD\u00d3 A \u00c1BALOS A DAR 53 MILLONES A PLUS ULTRA CON EL PRETEXTO DE LA PANDEMIA Y A ESCONDER EL RESCATE<\/span><\/h2>\n<\/div>\n<div class=\"default-epigraph\">\n<div id=\"m26555-26554-26556\" class=\"c-detail__subtitle \">\n<p style=\"text-align: center;\"><strong><span style=\"font-size: 14pt;\">La n\u00famero 2 del Gobierno y del PSOE ocult\u00f3, hasta que la ley la oblig\u00f3, la concesi\u00f3n de 53 millones a una empresa con acento venezolano, en p\u00e9rdidas y con aviones alquilados<\/span><\/strong><\/p>\n<\/div>\n<\/div>\n<p style=\"text-align: justify;\"><span style=\"font-size: 14pt;\">Por Antonio R. Naranjo<\/span><\/p>\n<p style=\"text-align: justify;\"><span style=\"font-size: 14pt;\"><a href=\"https:\/\/www.eldebate.com\/espana\/20240302\/montero-ayudo-abalos-dar-53-millones-plus-ultra-pretexto-pandemia-esconder-rescate_178675.html\" target=\"_blank\" rel=\"noopener\">El Debate<\/a>, 2 Marzo 2024<\/span><\/p>\n<figure id=\"attachment_2294600\" aria-describedby=\"caption-attachment-2294600\" style=\"width: 550px\" class=\"wp-caption aligncenter\"><img loading=\"lazy\" decoding=\"async\" class=\"wp-image-2294600\" src=\"https:\/\/puntocritico.com\/ausajpuntocritico\/wp-content\/uploads\/2024\/03\/Montero-Abalos-1-300x131.jpeg\" alt=\"LAS MASCARILLAS, EL MIEDO Y LOS AVIONES\" width=\"550\" height=\"240\" data-id=\"2294600\" srcset=\"https:\/\/puntocritico.com\/ausajpuntocritico\/wp-content\/uploads\/2024\/03\/Montero-Abalos-1-300x131.jpeg 300w, https:\/\/puntocritico.com\/ausajpuntocritico\/wp-content\/uploads\/2024\/03\/Montero-Abalos-1-768x336.jpeg 768w, https:\/\/puntocritico.com\/ausajpuntocritico\/wp-content\/uploads\/2024\/03\/Montero-Abalos-1.jpeg 940w\" sizes=\"auto, (max-width: 550px) 100vw, 550px\" \/><figcaption id=\"caption-attachment-2294600\" class=\"wp-caption-text\"><span style=\"color: #008000;\">Montaje de la vicepresidenta Mar\u00eda Jes\u00fas Montero y del exministro Jos\u00e9 Lu\u00eds \u00c1balos con un avi\u00f3n de Plus Ultra &#8211; Paula Andrade<\/span><\/figcaption><\/figure>\n<p style=\"text-align: justify;\">\u00a0<\/p>\n<div class=\"paragraph\" style=\"text-align: justify;\" data-mrf-recirculation=\"Enlaces p\u00e1rrafos\"><span style=\"font-size: 14pt;\">\u00ab<em><strong>Yo s\u00e9 lo que yo har\u00eda\u00bb<\/strong><\/em>. Son palabras de <b>Mar\u00eda Jes\u00fas Montero<\/b>, n\u00famero dos del Gobierno y del PSOE a la vez, inst\u00e1ndole esta semana a\u00a0<b>Jos\u00e9 Luis \u00c1balos<\/b> a renunciar el acta de diputado, cinco minutos antes de que el partido le suspendiera de militancia y \u00e9l optara por plantar cara y quedarse con el esca\u00f1o.\u00a0<\/span><\/div>\n<div style=\"text-align: justify;\" data-mrf-recirculation=\"Enlaces p\u00e1rrafos\">\u00a0<\/div>\n<div class=\"paragraph\" style=\"text-align: justify;\" data-mrf-recirculation=\"Enlaces p\u00e1rrafos\"><span style=\"font-size: 14pt;\">Esa \u00ab<em>rotundidad<\/em>\u00bb de la vicepresidenta primera de\u00a0<b>S\u00e1nchez\u00a0<\/b>es, sin embargo, sobrevenida. No la tuvo para reclamar el dinero defraudado con los <strong>ERE<\/strong> en Andaluc\u00eda, cuando ella ejerc\u00eda las competencias requeridas para hacerlo desde la Junta.\u00a0<\/span><\/div>\n<div style=\"text-align: justify;\" data-mrf-recirculation=\"Enlaces p\u00e1rrafos\">\u00a0<\/div>\n<div class=\"paragraph\" style=\"text-align: justify;\" data-mrf-recirculation=\"Enlaces p\u00e1rrafos\"><span style=\"font-size: 14pt;\">Y no mostr\u00f3 la m\u00e1s m\u00ednima precauci\u00f3n para frenar o al menos examinar alguna de las operaciones m\u00e1s controvertidas de quien ha puesto ahora al PSOE al borde del precipicio: el extra\u00f1o rescate de<b>\u00a0Plus Ultra<\/b>.\u00a0<\/span><\/div>\n<div style=\"text-align: justify;\" data-mrf-recirculation=\"Enlaces p\u00e1rrafos\">\u00a0<\/div>\n<div class=\"paragraph\" style=\"text-align: justify;\" data-mrf-recirculation=\"Enlaces p\u00e1rrafos\"><span style=\"font-size: 14pt;\">Seg\u00fan la documentaci\u00f3n en posesi\u00f3n de<b>\u00a0<em>El Debate<\/em><\/b>, <strong>Montero<\/strong> ayud\u00f3 a <strong>\u00c1balos<\/strong> como nadie en el Gobierno para que prosperara una ayuda de\u00a0<b>53 millones de euros<\/b> a una empresa <em>hispanovenezolana<\/em> que se benefici\u00f3 de fondos reservados para compa\u00f1\u00edas en problemas por la pandemia pese a que, en realidad, arrastraba p\u00e9rdidas desde antes de la pandemia: el hoy ca\u00eddo en desgracia impuls\u00f3 la operaci\u00f3n, pero solo pudo prosperar gracias a la vicesecretaria general del PSOE.\u00a0<\/span><\/div>\n<div style=\"text-align: justify;\" data-mrf-recirculation=\"Enlaces p\u00e1rrafos\">\u00a0<\/div>\n<div class=\"paragraph\" style=\"text-align: justify;\" data-mrf-recirculation=\"Enlaces p\u00e1rrafos\"><span style=\"font-size: 14pt;\">Y no solo eso. Adem\u00e1s de favorecer la aportaci\u00f3n de 9.000 millones de las antiguas pesetas, <strong>Montero<\/strong> hizo todo lo posible para\u00a0<b>esconder el expediente\u00a0<\/b>justificativo del costos\u00edsimo rescate, finalmente publicado por este peri\u00f3dico tras meses de investigaci\u00f3n y una pugna legal para doblegar la resistencia de todos los protagonistas de la historia.\u00a0<\/span><\/div>\n<div style=\"text-align: justify;\" data-mrf-recirculation=\"Enlaces p\u00e1rrafos\">\u00a0<\/div>\n<div class=\"paragraph\" style=\"text-align: justify;\" data-mrf-recirculation=\"Enlaces p\u00e1rrafos\"><span style=\"font-size: 14pt;\">Solo as\u00ed pudieron conocerse las tripas de una operaci\u00f3n que, junto al misterioso encuentro de <strong>\u00c1balos<\/strong> con\u00a0<b>Delcy Rodr\u00edguez\u00a0<\/b>en Barajas, simboliza mejor las inexplicadas conexiones pol\u00edticas entre Espa\u00f1a y Venezuela y cobra ahora todo el sentido al trascender que la trama de las mascarillas tambi\u00e9n intent\u00f3 participar en otra operaci\u00f3n de altos vuelos, en concreto con la compa\u00f1\u00eda\u00a0<b>Air Europa<\/b>, a cuyo representante lleg\u00f3 a recibir la esposa de Pedro S\u00e1nchez,\u00a0<b>Bego\u00f1a G\u00f3mez<\/b>, sin que se sepa el contenido y las consecuencias exactas del encuentro.\u00a0<\/span><\/div>\n<div style=\"text-align: justify;\" data-mrf-recirculation=\"Enlaces p\u00e1rrafos\">\u00a0<\/div>\n<div class=\"paragraph\" style=\"text-align: justify;\" data-mrf-recirculation=\"Enlaces p\u00e1rrafos\"><span style=\"font-size: 14pt;\">En concreto, <strong>Mar\u00eda Jes\u00fas Montero<\/strong> convirti\u00f3 la\u00a0<b>SEPI\u00a0<\/b>en una especie de \u00ab<em>abogado defensor<\/em>\u00bb de <strong>Plus Ultra<\/strong> en la negativa de la compa\u00f1\u00eda a ofrecer explicaciones detalladas de su rescate con dinero p\u00fablico, seg\u00fan la documentaci\u00f3n oficial obtenida por este peri\u00f3dico. <\/span><\/div>\n<div data-mrf-recirculation=\"Enlaces p\u00e1rrafos\">\u00a0<\/div>\n<blockquote>\n<div class=\"paragraph\" style=\"text-align: center;\" data-mrf-recirculation=\"Enlaces p\u00e1rrafos\"><span style=\"font-size: 14pt;\"><strong><span style=\"color: #008000;\">El Gobierno us\u00f3 fondos destinados a empresas en problemas por la COVID para darle 53 millones a Plus Ultra, con la complicidad absoluta de \u00c1balos y Montero<\/span><\/strong><\/span><\/div>\n<\/blockquote>\n<div style=\"text-align: justify;\" data-mrf-recirculation=\"Enlaces p\u00e1rrafos\">\u00a0<\/div>\n<div class=\"paragraph\" style=\"text-align: justify;\" data-mrf-recirculation=\"Enlaces p\u00e1rrafos\"><span style=\"font-size: 14pt;\">La n\u00famero dos de S\u00e1nchez se sirvi\u00f3, para ese fin, del secretario de su consejo y director de asuntos jur\u00eddicos,\u00a0<b>Javier Morales Abad<\/b>, que en un largo informe de 16 p\u00e1ginas de fecha 11 de enero de 2022, en propiedad de\u00a0<b>El Debate<\/b>, respalda la estrategia de la aerol\u00ednea y defiende seguir escondiendo las razones del millonario rescate, con argumentos sorprendentes.\u00a0<\/span><\/div>\n<div style=\"text-align: justify;\" data-mrf-recirculation=\"Enlaces p\u00e1rrafos\">\u00a0<\/div>\n<div class=\"paragraph\" style=\"text-align: justify;\" data-mrf-recirculation=\"Enlaces p\u00e1rrafos\"><span style=\"font-size: 14pt;\">\u00ab<em>Parece claro que el<b>\u00a0da\u00f1o directo<\/b>\u00a0a la aerol\u00ednea Plus Ultra est\u00e1 probado, dado que la puesta a disposici\u00f3n de la solicitante de la documentaci\u00f3n objeto de la solicitud de acceso, implica facilitar informaci\u00f3n comercial sensible relativa a sus\u00a0<b>estrategias comerciales\u00a0<\/b>y sobre sus relaciones comerciales, para su posterior divulgaci\u00f3n en un medio de comunicaci\u00f3n accesible al p\u00fablico, que sin riesgo de duda perjudicar\u00eda gravemente la capacidad competitiva y su posici\u00f3n negociadora en el mercado<\/em>\u00bb.\u00a0<\/span><\/div>\n<div style=\"text-align: justify;\" data-mrf-recirculation=\"Enlaces p\u00e1rrafos\">\u00a0<\/div>\n<div class=\"paragraph\" style=\"text-align: justify;\" data-mrf-recirculation=\"Enlaces p\u00e1rrafos\"><span style=\"font-size: 14pt;\">O este otro, a\u00fan m\u00e1s llamativo: \u00ab<em>Asimismo, la revelaci\u00f3n de la informaci\u00f3n\u00a0<b>puede ir en detrimento de la competitividad de la empresa\u00a0<\/b>frente a sus competidores, debilitando su posici\u00f3n en el mercado o causando un da\u00f1o econ\u00f3mico al hacer accesible a los competidores conocimientos exclusivos de car\u00e1cter t\u00e9cnico o comercial<\/em>\u00bb.<\/span><\/div>\n<div data-mrf-recirculation=\"Enlaces p\u00e1rrafos\">\u00a0<\/div>\n<h3 class=\"subtitle\" style=\"text-align: center;\"><span style=\"font-size: 18pt;\">53 millones para rescatar Plus Ultra<\/span><\/h3>\n<div data-mrf-recirculation=\"Enlaces p\u00e1rrafos\">\u00a0<\/div>\n<div class=\"paragraph\" style=\"text-align: justify;\" data-mrf-recirculation=\"Enlaces p\u00e1rrafos\"><span style=\"font-size: 14pt;\">Lo que se tapaba, en realidad, es algo bien distinto: el juego de complicidades de \u00c1balos desde<b>\u00a0Transportes y Montero<\/b> en Hacienda que permiti\u00f3 transferir una millonada a una compa\u00f1\u00eda ya en p\u00e9rdidas, pese a que el fondo creado en la SEPI en tiempos de pandemia impon\u00eda, como gran requisito, que los problemas financieros comenzaran con la pandemia.\u00a0<\/span><\/div>\n<div style=\"text-align: justify;\" data-mrf-recirculation=\"Enlaces p\u00e1rrafos\">\u00a0<\/div>\n<div class=\"paragraph\" style=\"text-align: justify;\" data-mrf-recirculation=\"Enlaces p\u00e1rrafos\"><span style=\"font-size: 14pt;\">El Fondo se cre\u00f3, seg\u00fan establece el\u00a0<b>RDL 25\/2020 de 3 de julio<\/b> en su art\u00edculo 2.2, para apoyar a empresas \u00ab<em>que atraviesen severas dificultades de car\u00e1cter temporal a consecuencia de la pandemia de la covid y que sean consideradas estrat\u00e9gicas para el tejido productivo nacional o regional (\u2026)<\/em>\u00bb.<\/span><\/div>\n<div style=\"text-align: justify;\" data-mrf-recirculation=\"Enlaces p\u00e1rrafos\">\u00a0<\/div>\n<div class=\"paragraph\" style=\"text-align: justify;\" data-mrf-recirculation=\"Enlaces p\u00e1rrafos\"><span style=\"font-size: 14pt;\">Pero seg\u00fan datos oficiales obrantes en el\u00a0<b>Registro Mercantil<\/b>\u00a0a los que ha accedido <strong><em>El Debate<\/em><\/strong> y relativos a los cinco \u00faltimos ejercicios contables depositados,<strong> Plus Ultra<\/strong> acumulaba ya importantes p\u00e9rdidas operativas para cada ejercicio en el per\u00edodo comprendido entre 2016 y 2020, ambos inclusive.<\/span><\/div>\n<div data-mrf-recirculation=\"Enlaces p\u00e1rrafos\">\u00a0<\/div>\n<blockquote id=\"m26570-26569-26571\">\n<p class=\"summary\" style=\"text-align: center;\"><span style=\"font-size: 14pt;\"><strong><span style=\"color: #008000;\">A Plus Ultra la rescata el Gobierno pese a incumplir los requisitos del fondo: a continuaci\u00f3n, todos hicieron lo imposible por esconder los detalles de la operaci\u00f3n<\/span><\/strong><\/span><\/p>\n<\/blockquote>\n<div style=\"text-align: justify;\" data-mrf-recirculation=\"Enlaces p\u00e1rrafos\">\u00a0<\/div>\n<div class=\"paragraph\" style=\"text-align: justify;\" data-mrf-recirculation=\"Enlaces p\u00e1rrafos\"><span style=\"font-size: 14pt;\">As\u00ed, por ejemplo, en <strong>2018<\/strong> el resultado del ejercicio es de\u00a0<b>p\u00e9rdidas\u00a0<\/b>por importe de 6.725.682 euros; en <strong>2019<\/strong>, de 2.113.286 y en <strong>2020<\/strong> por un total de 2.781.883 euros.\u00a0<\/span><\/div>\n<div style=\"text-align: justify;\" data-mrf-recirculation=\"Enlaces p\u00e1rrafos\">\u00a0<\/div>\n<div class=\"paragraph\" style=\"text-align: justify;\" data-mrf-recirculation=\"Enlaces p\u00e1rrafos\"><span style=\"font-size: 14pt;\">En ese a\u00f1o de pandemia, el incremento de las p\u00e9rdidas estructurales no supone m\u00e1s que la tendencia ya existente de una empresa a la deriva y que maquilla su <strong>RAI<\/strong> (<em>Resultado antes de impuestos<\/em>) por la liquidaci\u00f3n del <strong>IS<\/strong> (<em>Impuesto de Sociedades<\/em>), que reporta un beneficio contable sobre la cuenta de explotaci\u00f3n, al compensar en parte tal liquidaci\u00f3n las p\u00e9rdidas acumuladas.\u00a0<\/span><\/div>\n<div style=\"text-align: justify;\" data-mrf-recirculation=\"Enlaces p\u00e1rrafos\">\u00a0<\/div>\n<div class=\"paragraph\" style=\"text-align: justify;\" data-mrf-recirculation=\"Enlaces p\u00e1rrafos\"><span style=\"font-size: 14pt;\">As\u00ed, en 2018 el\u00a0<b>Resultado Antes de Impuestos (<em>RAI<\/em>)<\/b>\u00a0es de -9.028.890, que se reduce por la liquidaci\u00f3n del <strong>IS<\/strong> hasta la cifra de -6.725.682 mencionados, en p\u00e9rdidas en ambos casos. No cumple, por ello, el requisito se\u00f1alado por el <em>Real Decreto<\/em>, al evidenciarse que las p\u00e9rdidas acumuladas son previas al coronavirus.<\/span><\/div>\n<div style=\"text-align: justify;\" data-mrf-recirculation=\"Enlaces p\u00e1rrafos\">\u00a0<\/div>\n<div class=\"paragraph\" style=\"text-align: justify;\" data-mrf-recirculation=\"Enlaces p\u00e1rrafos\"><span style=\"font-size: 14pt;\">Abundando en este dato, se puede constatar igualmente c\u00f3mo el importe neto de la\u00a0<b>cifra de negocios\u00a0<\/b>se ve incrementado de manera muy significativa precisamente en el a\u00f1o <strong>2020<\/strong>. Es decir, que la\u00a0<b>crisis pand\u00e9mica\u00a0<\/b>no hab\u00eda afectado a sus ingresos, puesto que los mismos aumentaron de manera importante, al pasar de los 63.543.689 euros correspondientes a <strong>2019<\/strong>, a los 94.024.701 euros de 2020.\u00a0<\/span><\/div>\n<div style=\"text-align: justify;\" data-mrf-recirculation=\"Enlaces p\u00e1rrafos\">\u00a0<\/div>\n<div class=\"paragraph\" style=\"text-align: justify;\" data-mrf-recirculation=\"Enlaces p\u00e1rrafos\"><span style=\"font-size: 14pt;\">Y tambi\u00e9n lo hizo de manera notable los llamados \u00ab<em>otros ingresos de\u00a0<b>explotaci\u00f3n<\/b><\/em>\u00bb, pasando a 6.935.442 euros en <strong>2020<\/strong>, cuando en el <strong>2019<\/strong> fueron de 1.146.332 euros.<\/span><\/div>\n<div data-mrf-recirculation=\"Enlaces p\u00e1rrafos\">\u00a0<\/div>\n<div data-mrf-recirculation=\"Enlaces p\u00e1rrafos\">\u00a0<\/div>\n<div data-mrf-recirculation=\"Enlaces p\u00e1rrafos\">\n<figure id=\"attachment_2294601\" aria-describedby=\"caption-attachment-2294601\" style=\"width: 480px\" class=\"wp-caption aligncenter\"><img loading=\"lazy\" decoding=\"async\" class=\"wp-image-2294601\" src=\"https:\/\/puntocritico.com\/ausajpuntocritico\/wp-content\/uploads\/2024\/03\/Recorte-del-documento-Paula-Andrade-300x169.jpeg\" alt=\"LAS MASCARILLAS, EL MIEDO Y LOS AVIONES\" width=\"480\" height=\"270\" data-id=\"2294601\" srcset=\"https:\/\/puntocritico.com\/ausajpuntocritico\/wp-content\/uploads\/2024\/03\/Recorte-del-documento-Paula-Andrade-300x169.jpeg 300w, https:\/\/puntocritico.com\/ausajpuntocritico\/wp-content\/uploads\/2024\/03\/Recorte-del-documento-Paula-Andrade-768x432.jpeg 768w, https:\/\/puntocritico.com\/ausajpuntocritico\/wp-content\/uploads\/2024\/03\/Recorte-del-documento-Paula-Andrade-678x381.jpeg 678w, https:\/\/puntocritico.com\/ausajpuntocritico\/wp-content\/uploads\/2024\/03\/Recorte-del-documento-Paula-Andrade.jpeg 940w\" sizes=\"auto, (max-width: 480px) 100vw, 480px\" \/><figcaption id=\"caption-attachment-2294601\" class=\"wp-caption-text\"><span style=\"color: #008000;\">Recorte del documento &#8211; Paula Andrade<\/span><\/figcaption><\/figure>\n<\/div>\n<div data-mrf-recirculation=\"Enlaces p\u00e1rrafos\">\u00a0<\/div>\n<h3 class=\"subtitle\" style=\"text-align: center;\"><span style=\"font-size: 18pt;\">La verdad del rescate<\/span><\/h3>\n<div class=\"paragraph\" style=\"text-align: justify;\" data-mrf-recirculation=\"Enlaces p\u00e1rrafos\"><span style=\"font-size: 14pt;\">Finalmente, y pese a la resistencia del ministro ca\u00eddo en desgracia y de la ministra ascendida luego por S\u00e1nchez, este peri\u00f3dico pudo acceder al expediente \u00edntegro del\u00a0<b>rescate<\/b>, cuyo contenido demuestra una evidente generosidad del Gobierno en la concesi\u00f3n de dinero p\u00fablico al que tantos otros no pudieron acceder, hasta el punto de que la pandemia se llev\u00f3 por delante a cerca de\u00a0<b>300.000 empresas<\/b>\u00a0durante la pandemia.<\/span><\/div>\n<div data-mrf-recirculation=\"Enlaces p\u00e1rrafos\">\u00a0<\/div>\n<div class=\"paragraph\" style=\"text-align: justify;\" data-mrf-recirculation=\"Enlaces p\u00e1rrafos\"><span style=\"font-size: 14pt;\">Se trata de un documento de<b>\u00a022 p\u00e1ginas<\/b>, bajo el sello de \u00ab<em><strong>Confidencial<\/strong><\/em>\u00bb, firmado por el <strong>Ministerio de Transportes, Movilidad y Agenda Urbana<\/strong>, entonces encabezado por <strong>Jos\u00e9 Luis \u00c1balos<\/strong>, destituido luego sin explicaciones y de manera fulminante por S\u00e1nchez.<\/span><\/div>\n<div data-mrf-recirculation=\"Enlaces p\u00e1rrafos\">\u00a0<\/div>\n<blockquote id=\"m26586-26585-26587\">\n<p class=\"summary\" style=\"text-align: center;\"><span style=\"font-size: 14pt; color: #008000;\"><strong>El Ministerio de \u00c1balos reconoci\u00f3 por escrito que Plus Ultra estaba en p\u00e9rdidas, apenas ten\u00eda pasajeros y su futuro era negro<\/strong><\/span><\/p>\n<\/blockquote>\n<div data-mrf-recirculation=\"Enlaces p\u00e1rrafos\">\u00a0<\/div>\n<div class=\"paragraph\" style=\"text-align: justify;\" data-mrf-recirculation=\"Enlaces p\u00e1rrafos\"><span style=\"font-size: 14pt;\">La raz\u00f3n de tanto\u00a0<b>oscurantismo\u00a0<\/b>puede intuirse, al conocerse al fin los argumentos esgrimidos por el Ejecutivo para aprobar la operaci\u00f3n: Plus Ultra era una empresa irrelevante en el sector, que arrastraba p\u00e9rdidas desde su nacimiento, que no estaba en crisis por la covid como exig\u00edan las normas para insuflar un dineral y que, incluso, carec\u00eda de aviones propios.\u00a0<\/span><\/div>\n<div data-mrf-recirculation=\"Enlaces p\u00e1rrafos\">\u00a0<\/div>\n<blockquote>\n<div style=\"text-align: center;\" data-mrf-recirculation=\"Enlaces p\u00e1rrafos\"><span style=\"color: #008000;\"><strong><span style=\"font-size: 14pt;\">El rescate de Plus Ultra, firmado un 9 de marzo de 2021, coincidi\u00f3 con la quiebra de firmas tan conocidas como\u00a0Majorica<\/span><\/strong><\/span><\/div>\n<\/blockquote>\n<div data-mrf-recirculation=\"Enlaces p\u00e1rrafos\">\u00a0<\/div>\n<div class=\"paragraph\" style=\"text-align: justify;\" data-mrf-recirculation=\"Enlaces p\u00e1rrafos\"><span style=\"font-size: 14pt;\">As\u00ed, el rescate de <strong>Plus Ultra<\/strong>, firmado un 9 de marzo de 2021, coincidi\u00f3 con la quiebra de firmas tan conocidas como\u00a0<b>Majorica<\/b>, la firma espa\u00f1ola l\u00edder mundial en perlas cultivadas, o con el cierre de otras ilustres compa\u00f1\u00edas de fuerte presencia en nuestro pa\u00eds: desde\u00a0<b>Pullmantur\u00a0<\/b>hasta <strong>Imaginarium<\/strong> o <strong>Kodak<\/strong>, cavaron su tumba con la pala de una crisis agravada por la pandemia, como tantas otras de menor fama que dejaron familias enteras en la ruina.\u00a0<\/span><\/div>\n<div data-mrf-recirculation=\"Enlaces p\u00e1rrafos\">\u00a0<\/div>\n<div class=\"paragraph\" style=\"text-align: justify;\" data-mrf-recirculation=\"Enlaces p\u00e1rrafos\"><span style=\"font-size: 14pt;\">No fue el caso de la compa\u00f1\u00eda a\u00e9rea, pese a que en el informe secreto al que ha accedido <em><strong>El Debate<\/strong><\/em> se reconocen cosas como \u00e9sta: \u00ab<em>Plus Ultra ha venido mostrando una\u00a0<b>posici\u00f3n d\u00e9bil\u00a0<\/b>en resultados desde el inicio de su operativa. Desde 2015, todos los a\u00f1os ha cerrado sus ejercicios con\u00a0<b>p\u00e9rdidas<\/b>. Dichas p\u00e9rdidas fueron especialmente negativas en 2017<\/em>\u00bb.\u00a0<\/span><\/div>\n<div data-mrf-recirculation=\"Enlaces p\u00e1rrafos\">\u00a0<\/div>\n<blockquote>\n<div style=\"text-align: center;\" data-mrf-recirculation=\"Enlaces p\u00e1rrafos\"><span style=\"color: #008000;\"><strong><span style=\"font-size: 14pt;\">las empresas rescatadas deb\u00edan haber entrado en crisis por la influencia en su actividad del\u00a0coronavirus\u00a0y las subsiguientes restricciones<\/span><\/strong><\/span><\/div>\n<\/blockquote>\n<div data-mrf-recirculation=\"Enlaces p\u00e1rrafos\">\u00a0<\/div>\n<div data-mrf-recirculation=\"Enlaces p\u00e1rrafos\">\u00a0<\/div>\n<div class=\"paragraph\" style=\"text-align: justify;\" data-mrf-recirculation=\"Enlaces p\u00e1rrafos\"><span style=\"font-size: 14pt;\">La confesi\u00f3n escrita del propio <em><strong>Ministerio<\/strong><\/em> de <strong>\u00c1balos<\/strong> es relevante porque derriba, ya de entrada, la justificaci\u00f3n que impon\u00eda la ley para proceder a inyecciones de dinero p\u00fablico: las empresas rescatadas deb\u00edan haber entrado en crisis por la influencia en su actividad del\u00a0<b>coronavirus\u00a0<\/b>y las subsiguientes restricciones, pero <strong>Plus Ultra<\/strong> ya estaba en esa situaci\u00f3n desde un lustro antes de que se desatara la pandemia.<\/span><\/div>\n<div data-mrf-recirculation=\"Enlaces p\u00e1rrafos\">\u00a0<\/div>\n<h3 class=\"subtitle\" style=\"text-align: center;\"><span style=\"font-size: 18pt;\">P\u00e9rdidas desde siempre<\/span><\/h3>\n<div class=\"paragraph\" style=\"text-align: justify;\" data-mrf-recirculation=\"Enlaces p\u00e1rrafos\"><span style=\"font-size: 14pt;\">El <strong>Fondo Covid<\/strong> se cre\u00f3, seg\u00fan establece el<b>\u00a0RDL 25\/2020<\/b>\u00a0de 3 de julio en su art\u00edculo 2.2, para apoyar a empresas \u00ab<em>que atraviesen severas dificultades de car\u00e1cter temporal a consecuencia de la\u00a0<b>pandemia\u00a0<\/b>de la covid y que sean consideradas estrat\u00e9gicas para el tejido productivo nacional o regional (\u2026)<\/em>\u00bb. La crisis de <strong>Plus Ultra<\/strong> era su estado natural desde mucho antes, pese a la cual recibi\u00f3 un \u00ab<em>premio<\/em>\u00bb de 9.000 millones de las viejas pesetas.\u00a0<\/span><\/div>\n<div data-mrf-recirculation=\"Enlaces p\u00e1rrafos\">\u00a0<\/div>\n<blockquote>\n<div class=\"paragraph\" style=\"text-align: center;\" data-mrf-recirculation=\"Enlaces p\u00e1rrafos\"><span style=\"font-size: 14pt; color: #008000;\"><strong>La crisis de Plus Ultra era su estado natural desde mucho antes, pese a la cual recibi\u00f3 un \u00ab<em>premio<\/em>\u00bb de 9.000 millones de las viejas pesetas<\/strong><\/span><\/div>\n<\/blockquote>\n<div data-mrf-recirculation=\"Enlaces p\u00e1rrafos\">\u00a0<\/div>\n<div data-mrf-recirculation=\"Enlaces p\u00e1rrafos\">\u00a0<\/div>\n<div class=\"paragraph\" style=\"text-align: justify;\" data-mrf-recirculation=\"Enlaces p\u00e1rrafos\"><span style=\"font-size: 14pt;\">Es una de las \u00ab<em>joyas<\/em>\u00bb del informe, que redacta cada una de sus p\u00e1ginas bajo el sello \u00ab<em><b>Confidencial<\/b><\/em>\u00bb por la dificultad, probablemente, para defender en p\u00fablico la justificaci\u00f3n de un rescate negado a tantas otras, con el caso de <strong>Abengoa<\/strong> tan reciente, un gigante con 11.000 empleos en vilo ignorado por la <strong>SEPI<\/strong>, el mismo organismo que s\u00ed mim\u00f3 a <strong>Plus<\/strong> <strong>Ultra<\/strong> pese a tener poco de \u00ab<em>estrat\u00e9gica<\/em>\u00bb, otra de las exigencias para recibir dinero p\u00fablico.\u00a0<\/span><\/div>\n<div style=\"text-align: justify;\" data-mrf-recirculation=\"Enlaces p\u00e1rrafos\">\u00a0<\/div>\n<div class=\"paragraph\" style=\"text-align: justify;\" data-mrf-recirculation=\"Enlaces p\u00e1rrafos\"><span style=\"font-size: 14pt;\">El propio <em><strong>Ministerio<\/strong><\/em> lo reconoce en el informe, al glosar la paup\u00e9rrima cifra de negocio, de clientes y de presencia en el mercado de la compa\u00f1\u00eda: \u00ab<em>Tiene una cuota del 0.2 % en relaci\u00f3n con el volumen de pasajeros (\u2026) y esta cuota se sit\u00faa en el\u00a0<b>0.1 %<\/b> en t\u00e9rminos de ingresos<\/em>\u00bb.\u00a0<\/span><\/div>\n<div style=\"text-align: justify;\" data-mrf-recirculation=\"Enlaces p\u00e1rrafos\">\u00a0<\/div>\n<div class=\"paragraph\" style=\"text-align: justify;\" data-mrf-recirculation=\"Enlaces p\u00e1rrafos\"><span style=\"font-size: 14pt;\">Para hacerse una idea de la irrelevancia de la compa\u00f1\u00eda no hace falta fabular: basta con consultar lo que el propio <strong>Ministerio de\u00a0<\/strong><b>Transportes\u00a0<\/b>recog\u00eda en su informe, un retrato feroz de la realidad de <strong>Plus Ultra<\/strong>.<\/span><\/div>\n<div data-mrf-recirculation=\"Enlaces p\u00e1rrafos\">\u00a0<\/div>\n<blockquote id=\"m26591-26590-26592\">\n<p class=\"summary\" style=\"text-align: center;\"><span style=\"font-size: 14pt; color: #008000;\"><strong>El informe lo firm\u00f3 el Ministerio de \u00c1balos, pero el cheque a Plus Ultra sali\u00f3 de Mar\u00eda Jes\u00fas Montero, n\u00famero 2 del PSOE de S\u00e1nchez<\/strong><\/span><\/p>\n<\/blockquote>\n<div data-mrf-recirculation=\"Enlaces p\u00e1rrafos\">\u00a0<\/div>\n<div class=\"paragraph\" style=\"text-align: justify;\" data-mrf-recirculation=\"Enlaces p\u00e1rrafos\"><span style=\"font-size: 14pt;\">Por mucho esfuerzo que los responsables del informe intentar hacer para maquillar la realidad, sus propias conclusiones estad\u00edsticas son demoledoras: <strong>Plus Ultra<\/strong> parece por\u00a0<b>debajo\u00a0<\/b>incluso de aerol\u00edneas menores, cuando no desconocidas para el gran p\u00fablico, como <strong>Wamos Air<\/strong>, <strong>Evelop<\/strong>, <strong>Canary Fly<\/strong> o <strong>Volotea<\/strong>, todas ellas con cifras de pasajeros entre tres y diez veces superiores.\u00a0<\/span><\/div>\n<div data-mrf-recirculation=\"Enlaces p\u00e1rrafos\">\u00a0<\/div>\n<div class=\"paragraph\" style=\"text-align: justify;\" data-mrf-recirculation=\"Enlaces p\u00e1rrafos\"><span style=\"font-size: 14pt;\">\u00ab<em>Este volumen de actividad sit\u00faa a la compa\u00f1\u00eda en el puesto 77 en el ranking de compa\u00f1\u00edas en 2019 (a\u00f1o que se utiliza de referencia) en Espa\u00f1a, con una cuota inferior al\u00a0<b>0.1 % del tr\u00e1fico<\/b>\u00a0de pasajeros en la red de AENA<\/em>\u00bb, confiesa el estudio secreto.\u00a0<\/span><\/div>\n<div data-mrf-recirculation=\"Enlaces p\u00e1rrafos\">\u00a0<\/div>\n<div class=\"paragraph\" style=\"text-align: justify;\" data-mrf-recirculation=\"Enlaces p\u00e1rrafos\"><span style=\"font-size: 14pt;\">\u00ab<em>La cifra de negocios de Plus Ultra se encuentra lejos de las de otras compa\u00f1ias espa\u00f1olas, no solo del nivel de Iberia, Air Europa o Vueling, sino tambi\u00e9n del segmento de compa\u00f1\u00edas con u volumen de facturaci\u00f3n del entorno de los 500 millones de euros (como Iberia Express, Air Nostrum o Volotea). Con respecto a compa\u00f1\u00edas como Wamos o Evelop, la\u00a0<b>facturaci\u00f3n\u00a0<\/b>se sit\u00faa en torno a la mitad de las anteriores<\/em>\u00bb, a\u00f1ade el informe.\u00a0<\/span><\/div>\n<div data-mrf-recirculation=\"Enlaces p\u00e1rrafos\">\u00a0<\/div>\n<div class=\"paragraph\" style=\"text-align: justify;\" data-mrf-recirculation=\"Enlaces p\u00e1rrafos\"><span style=\"font-size: 14pt;\">Es decir, para el propio <em><strong>Ministerio<\/strong><\/em> la aerol\u00ednea era marginal, acumulaba p\u00e9rdidas desde su nacimiento, apenas ten\u00eda\u00a0<b>pasajeros<\/b>, era superada por todas las compa\u00f1\u00edas de \u00ab<strong><em>tipo A<\/em><\/strong>\u00bb (<em>as\u00ed se califica a las que pueden realizar servicios a\u00e9reos comerciales de pasajeros, carga y\/o correo<\/em>)\u2026 y sin embargo se merec\u00eda 53 millones de dinero p\u00fablico.\u00a0<\/span><\/div>\n<div data-mrf-recirculation=\"Enlaces p\u00e1rrafos\">\u00a0<\/div>\n<div class=\"paragraph\" style=\"text-align: justify;\" data-mrf-recirculation=\"Enlaces p\u00e1rrafos\"><span style=\"font-size: 14pt;\">Ni siquiera el argumento de que, pese al\u00a0<b>desastroso\u00a0<\/b>cuadro general, era estrat\u00e9gica por la naturaleza exclusiva del servicio, aguanta la opini\u00f3n que el propio <em><strong>Ministerio<\/strong><\/em> vierte en su informe preceptivo para liberar la millonada.\u00a0<\/span><\/div>\n<div data-mrf-recirculation=\"Enlaces p\u00e1rrafos\">\u00a0<\/div>\n<div class=\"paragraph\" style=\"text-align: justify;\" data-mrf-recirculation=\"Enlaces p\u00e1rrafos\"><span style=\"font-size: 14pt;\">Porque, de manera casi hilarante, intenta justificar el valor de la empresa argumentando que \u00ab<em>centrando la vista en el sur del continente americano, se puede se\u00f1alar que <strong>Plus Ultra<\/strong> es la<b>\u00a0\u00fanica compa\u00f1\u00eda<\/b> espa\u00f1ola que opera de forma regular en el mercado Madrid-Latinoam\u00e9rica<\/em>\u00bb.\u00a0<\/span><\/div>\n<div data-mrf-recirculation=\"Enlaces p\u00e1rrafos\">\u00a0<\/div>\n<div class=\"paragraph\" style=\"text-align: justify;\" data-mrf-recirculation=\"Enlaces p\u00e1rrafos\"><span style=\"font-size: 14pt;\">Pero a\u00f1ade a continuaci\u00f3n una frase definitiva: \u00ab<em><b>Aparte\u00a0<\/b>de las compa\u00f1\u00edas de la red Iberia y Air Europa, aunque como se ha indicado, con un volumen de actividad muy inferior<\/em>\u00bb. Es decir, <strong>Plus Ultra<\/strong> ten\u00eda alternativas y, de hecho, frente a ellas su volumen de pasajeros era \u00ednfimo.\u00a0<\/span><\/div>\n<div data-mrf-recirculation=\"Enlaces p\u00e1rrafos\">\u00a0<\/div>\n<div class=\"paragraph\" style=\"text-align: justify;\" data-mrf-recirculation=\"Enlaces p\u00e1rrafos\"><span style=\"font-size: 14pt;\">Para dejarlo a\u00fan m\u00e1s claro, y hacer m\u00e1s extravagante el rescate, el <strong><em>Ministerio<\/em><\/strong> tambi\u00e9n se ve obligado a reconocer su irrelevancia frente a m\u00e1s competidores: \u00ab<em>Su presencia en el hub madrile\u00f1o es\u00a0<b>minoritaria<\/b>, muy por debajo de las grandes compa\u00f1\u00edas tanto espa\u00f1olas (Iberia y Air Europa) como latinoamericanas que ofrecen conexiones regulares desde sus pa\u00edses de bandera hasta Madrid (Avianca, LATAM Airlines, Aerom\u00e9xico y Aerol\u00edneas Argentinas) y los turoperadores Evelop y Wamos Air\u00bb<\/em>.<\/span><\/div>\n<div data-mrf-recirculation=\"Enlaces p\u00e1rrafos\">\u00a0<\/div>\n<blockquote id=\"m26596-26595-26597\">\n<p class=\"summary\" style=\"text-align: center;\"><strong><span style=\"font-size: 14pt; color: #008000;\">Montero y \u00c1balos fueron de la mano: el segundo defendi\u00f3 el rescate; su ahora enemiga le busc\u00f3 la financiaci\u00f3n que necesitaba la operaci\u00f3n<\/span><\/strong><\/p>\n<\/blockquote>\n<div data-mrf-recirculation=\"Enlaces p\u00e1rrafos\">\u00a0<\/div>\n<div class=\"paragraph\" style=\"text-align: justify;\" data-mrf-recirculation=\"Enlaces p\u00e1rrafos\"><span style=\"font-size: 14pt;\">Y un dato m\u00e1s, bien curioso: \u00ab<em>Si el an\u00e1lisis se centra \u00fanicamente en los enlaces que opera la compa\u00f1\u00eda, sus cuotas son reducidas en comparaci\u00f3n con sus competidoras. Solamente en el caso de\u00a0<b>Venezuela\u00a0<\/b>(con conexi\u00f3n con algunos de los accionistas de la compa\u00f1\u00eda), la presencia de Plus Ultra cobra cierta relevancia, llegando al 19.4 % de cuota)<\/em>\u00bb.\u00a0<\/span><\/div>\n<div data-mrf-recirculation=\"Enlaces p\u00e1rrafos\">\u00a0<\/div>\n<div class=\"paragraph\" style=\"text-align: justify;\" data-mrf-recirculation=\"Enlaces p\u00e1rrafos\"><span style=\"font-size: 14pt;\">Las conclusiones del departamento de <strong>\u00c1balos<\/strong> tampoco mejoraron el panorama y hacen a\u00fan m\u00e1s inexplicable el socorro prestado a una empresa (<em>Plus Ultra<\/em>) <em><strong>dominada<\/strong><\/em> mayoritariamente por <a href=\"https:\/\/www.larazon.es\/economia\/20210322\/7ne34cefjjgw3bsntfiebs3r2e.html\" target=\"_blank\" rel=\"noopener\" data-schema-attribute=\"\"><em><b>Snip Aviation<\/b><\/em><\/a>, la sociedad en la que se ubican empresarios de larga trayectoria en Venezuela:\u00a0<\/span><\/div>\n<div data-mrf-recirculation=\"Enlaces p\u00e1rrafos\">\u00a0<\/div>\n<div class=\"paragraph\" style=\"text-align: justify;\" data-mrf-recirculation=\"Enlaces p\u00e1rrafos\"><span style=\"font-size: 14pt;\">\u00ab<em>(\u2026) Se perfila una\u00a0<b>situaci\u00f3n complicada<\/b> para la compa\u00f1\u00eda de cara a afrontar la recuperaci\u00f3n durante los pr\u00f3ximos a\u00f1os, debida a su elevada exposici\u00f3n al largo radio con Latinoam\u00e9rica, mercado para el que se anticipa una recuperaci\u00f3n m\u00e1s lenta que para otros mercados internacionales (\u2026)<\/em>\u00bb.\u00a0<\/span><\/div>\n<div data-mrf-recirculation=\"Enlaces p\u00e1rrafos\">\u00a0<\/div>\n<div class=\"paragraph\" style=\"text-align: justify;\" data-mrf-recirculation=\"Enlaces p\u00e1rrafos\"><span style=\"font-size: 14pt;\">Con un pasado de p\u00e9rdidas, un presente modesto y un futuro negro, en palabras del propio Gobierno, \u00bfpor qu\u00e9 accedi\u00f3 a un \u00ab<em><b>regalo<\/b><\/em>\u00bb inabordable para tantos y por qu\u00e9 se clasific\u00f3 todo ello de confidencial?\u00a0<\/span><\/div>\n<div data-mrf-recirculation=\"Enlaces p\u00e1rrafos\">\u00a0<\/div>\n<blockquote>\n<div style=\"text-align: center;\" data-mrf-recirculation=\"Enlaces p\u00e1rrafos\"><strong><span style=\"font-size: 14pt; color: #008000;\">Con un pasado de p\u00e9rdidas, un presente modesto y un futuro negro, en palabras del propio Gobierno, \u00bfpor qu\u00e9 accedi\u00f3 a un \u00ab<em>regalo<\/em>\u00bb inabordable para tantos y por qu\u00e9 se clasific\u00f3 todo ello de confidencial?\u00a0<\/span><\/strong><\/div>\n<\/blockquote>\n<div data-mrf-recirculation=\"Enlaces p\u00e1rrafos\">\u00a0<\/div>\n<div class=\"paragraph\" style=\"text-align: justify;\" data-mrf-recirculation=\"Enlaces p\u00e1rrafos\"><span style=\"font-size: 14pt;\">Esas respuestas siguen pendientes. Quiz\u00e1 puedan darlas <strong>Jos\u00e9 Luis \u00c1balos<\/strong>, destituido al poco de esta operaci\u00f3n, o\u00a0<b>Mar\u00eda Jes\u00fas Montero<\/b>, <em><strong>ministra de Hacienda<\/strong><\/em>, n\u00famero 2 del <strong>PSOE<\/strong> y responsable final del <strong>SEPI<\/strong>, desde donde se extendi\u00f3 el jugoso cheque que hoy vuelve a estar de actualidad por el enfrentamiento aparente entre dos dirigentes que, al menos en esto, fueron<b>\u00a0u\u00f1a y carne<\/b>. Y una vez m\u00e1s, como con las mascarillas, el <strong>coronavirus<\/strong> fue el contexto, o el pretexto, para un gran movimiento de dinero p\u00fablico.<\/span><\/div>\n<div data-mrf-recirculation=\"Enlaces p\u00e1rrafos\">\u00a0<\/div>\n<div data-mrf-recirculation=\"Enlaces p\u00e1rrafos\">\u00a0<\/div>\n<div data-mrf-recirculation=\"Enlaces p\u00e1rrafos\">\u00a0<\/div>\n<div data-mrf-recirculation=\"Enlaces p\u00e1rrafos\"><img loading=\"lazy\" decoding=\"async\" class=\"aligncenter wp-image-2294674\" src=\"https:\/\/puntocritico.com\/ausajpuntocritico\/wp-content\/uploads\/2024\/03\/MJ-Montero-in-love-300x168.png\" alt=\"\" width=\"400\" height=\"224\" data-id=\"2294674\" srcset=\"https:\/\/puntocritico.com\/ausajpuntocritico\/wp-content\/uploads\/2024\/03\/MJ-Montero-in-love-300x168.png 300w, https:\/\/puntocritico.com\/ausajpuntocritico\/wp-content\/uploads\/2024\/03\/MJ-Montero-in-love.png 581w\" sizes=\"auto, (max-width: 400px) 100vw, 400px\" \/><\/div>\n<div style=\"text-align: center;\" data-mrf-recirculation=\"Enlaces p\u00e1rrafos\"><strong><span style=\"color: #008000; font-size: 18pt;\">*******<\/span><\/strong><\/div>\n<h2 style=\"text-align: center;\"><span style=\"font-size: 24pt;\">EL TRIBUNAL DE CUENTAS DE CHICANO ELIMIN\u00d3 EN SU INFORME FINAL LOS 748 MILLONES DEL COVID SIN JUSTIFICAR DEL GOBIERNO<\/span><\/h2>\n<div class=\"heading\">\n<p class=\"lede\" style=\"text-align: center;\"><span style=\"font-size: 14pt;\"><strong>El \u2018Informe de Fiscalizaci\u00f3n de los contratos de emergencia 2020\u2019, al que ha tenido acceso LD, fue aprobado por unanimidad en el Tribunal de Cuentas.<\/strong><\/span><\/p>\n<\/div>\n<div class=\"toolbar\">\n<div class=\"dateline\">\n<div class=\"byline\" style=\"text-align: justify;\"><span style=\"font-size: 14pt;\">Por Miguel \u00c1ngel P\u00e9rez<\/span><\/div>\n<div style=\"text-align: justify;\"><span style=\"font-size: 14pt;\"><a href=\"https:\/\/www.libertaddigital.com\/espana\/2024-02-28\/tribunal-cuentas-chicano-elimino-informe-final-748-millones-covid-gobierno-7102502\/\" target=\"_blank\" rel=\"noopener\">LD<\/a>, 28 Mayo 2024<\/span><\/div>\n<\/div>\n<\/div>\n<figure id=\"attachment_2294599\" aria-describedby=\"caption-attachment-2294599\" style=\"width: 400px\" class=\"wp-caption aligncenter\"><img loading=\"lazy\" decoding=\"async\" class=\"wp-image-2294599\" src=\"https:\/\/puntocritico.com\/ausajpuntocritico\/wp-content\/uploads\/2024\/03\/enriqueta-chicano-y-santos-cerdan-300x225.jpg\" alt=\"\" width=\"400\" height=\"300\" data-id=\"2294599\" srcset=\"https:\/\/puntocritico.com\/ausajpuntocritico\/wp-content\/uploads\/2024\/03\/enriqueta-chicano-y-santos-cerdan-300x225.jpg 300w, https:\/\/puntocritico.com\/ausajpuntocritico\/wp-content\/uploads\/2024\/03\/enriqueta-chicano-y-santos-cerdan-1024x769.jpg 1024w, https:\/\/puntocritico.com\/ausajpuntocritico\/wp-content\/uploads\/2024\/03\/enriqueta-chicano-y-santos-cerdan-768x576.jpg 768w, https:\/\/puntocritico.com\/ausajpuntocritico\/wp-content\/uploads\/2024\/03\/enriqueta-chicano-y-santos-cerdan-678x509.jpg 678w, https:\/\/puntocritico.com\/ausajpuntocritico\/wp-content\/uploads\/2024\/03\/enriqueta-chicano-y-santos-cerdan-326x245.jpg 326w, https:\/\/puntocritico.com\/ausajpuntocritico\/wp-content\/uploads\/2024\/03\/enriqueta-chicano-y-santos-cerdan-80x60.jpg 80w, https:\/\/puntocritico.com\/ausajpuntocritico\/wp-content\/uploads\/2024\/03\/enriqueta-chicano-y-santos-cerdan-1320x991.jpg 1320w, https:\/\/puntocritico.com\/ausajpuntocritico\/wp-content\/uploads\/2024\/03\/enriqueta-chicano-y-santos-cerdan.jpg 1439w\" sizes=\"auto, (max-width: 400px) 100vw, 400px\" \/><figcaption id=\"caption-attachment-2294599\" class=\"wp-caption-text\"><span style=\"color: #008000;\">La presidenta del Tribunal de Cuentas, Enriqueta Chicano y Santos Cerd\u00e1n. | Congreso.<\/span><\/figcaption><\/figure>\n<p>&nbsp;<\/p>\n<p style=\"text-align: justify;\"><span style=\"font-size: 14pt;\">El Tribunal de Cuentas que preside\u00a0<strong>Enriqueta Chicano<\/strong>\u00a0elimin\u00f3 en su informe final de fiscalizaci\u00f3n los 748 millones de euros que el Gobierno de\u00a0<strong>Pedro S\u00e1nchez<\/strong>\u00a0no justific\u00f3 al efectuar compras de material sanitario para las CC.AA. durante la pandemia del covid-19.<\/span><\/p>\n<p style=\"text-align: justify;\"><span style=\"font-size: 14pt;\">El\u00a0<strong>\u2018Anteproyecto de Informe de Fiscalizaci\u00f3n del Tribunal de Cuentas\u2019<\/strong>\u00a0remitido para alegaciones a la Junta de Extremadura en septiembre de 2021\u00a0<a href=\"https:\/\/www.libertaddigital.com\/espana\/2024-02-27\/gobierno-no-justifico-paradero-748-millones-comprar-material-sanitario-pandemia-7101907\/\" target=\"_blank\" rel=\"noopener\" data-schema-attribute=\"\"><strong>desvelado por LD<\/strong><\/a>, reflejaba que de los 1.000 millones de euros que destin\u00f3 el Ejecutivo para comprar mascarillas, gel hidroalcoh\u00f3lico, kits para pruebas de PCR, equipamiento de protecci\u00f3n o guantes en plena pandemia, Sanidad s\u00f3lo entreg\u00f3 material a las Comunidades Aut\u00f3nomas por valor de 256 millones. Es decir, el Ejecutivo dej\u00f3 sin justificar el paradero de 748 millones de euros.<\/span><\/p>\n<p style=\"text-align: justify;\"><span style=\"font-size: 14pt;\">As\u00ed lo expon\u00eda textualmente el citado documento del Tribunal de Cuentas: \u00ab<em>Debe resaltarse que\u00a0<strong>el Ministerio realiz\u00f3 contratos o comprometi\u00f3 la adquisici\u00f3n de bienes por un valor de algo m\u00e1s de 1.000 millones de euros entre marzo y mayo<\/strong>, fundamentalmente en marzo (863,8 millones) y abril (130,9 millones), con unos plazos que en varios contratos fijaban la entrega por semanas con un m\u00e1ximo de 4 semanas o como mucho 60 d\u00edas, si bien en algunos no se fijaba siquiera el plazo de entrega. No obstante, las entregas realizadas en los meses de mayor desabastecimiento fueron las siguientes: marzo 8,4 millones de euros, abril 54 millones, mayo 35,6 millones y junio 15,8 millones, esto es, un total de 113,8 millones de euros, lo que supone un 44,5% de los 256 millones entregados y\u00a0<strong>un 11,4% de los 1.000 millones dotados para los gastos extraordinarios de las CC.AA<\/strong><\/em>\u00ab.<\/span><\/p>\n<p style=\"text-align: justify;\"><span style=\"font-size: 14pt;\">No obstante, el informe final del Tribunal de Cuentas, al que ha tenido acceso\u00a0<strong>Libertad Digital<\/strong>, elimin\u00f3 la denuncia del informe previo en la que se alertaba de que el Gobierno socialista no hab\u00eda justificado los 748 millones de euros que supuestamente iban a parar a compra de material sanitario.<\/span><\/p>\n<p style=\"text-align: justify;\"><span style=\"font-size: 14pt;\">Dicho informe, denominado \u00ab<strong><em>Informe de Fiscalizaci\u00f3n de los contratos de emergencia celebrados en 2020 para la gesti\u00f3n de la situaci\u00f3n de crisis sanitaria ocasionada por el COVID-19 por las Comunidades Aut\u00f3nomas<\/em><\/strong><em> y Ciudades Aut\u00f3nomas sin \u00f3rgano de control externo propio<\/em>\u00ab, fue aprobado por unanimidad por el <strong>Pleno del Tribunal de Cuentas el 29 de septiembre de 2022<\/strong>, ya bajo la presidencia de <strong>Chicano<\/strong>.<\/span><\/p>\n<p style=\"text-align: justify;\"><span style=\"font-size: 14pt;\">Recordamos que tras el pacto de renovaci\u00f3n del Tribunal de Cuentas alcanzado por socialistas y populares en noviembre de 2021,\u00a0<strong>salieron los 7 consejeros que propuso el PP en la anterior renovaci\u00f3n<\/strong>, 2 de los 4 que propuso el PSOE y tambi\u00e9n se cubri\u00f3 la vacante de otro consejero socialista. Las \u00fanicas consejeras que se mantuvieron fueron las propuestas en su d\u00eda por los socialistas:<strong> Enriqueta Chicano<\/strong> (<em>nueva presidenta<\/em>) y <strong>Dolores Genaro<\/strong> (<em>Presidencia de Fiscalizaci\u00f3n<\/em>).<\/span><\/p>\n<h3 style=\"text-align: justify;\"><strong>El Tribunal de Cuentas, la coartada del Gobierno y del PSOE<\/strong><\/h3>\n<p style=\"text-align: justify;\"><span style=\"font-size: 14pt;\">Cabe destacar que la supuesta fiscalizaci\u00f3n de los contratos de compra de material sanitario durante la pandemia por parte del Tribunal de Cuentas que preside <strong>Enriqueta Chicano<\/strong> ha sido la coartada recurrente en los \u00faltimos d\u00edas por parte de miembros del PSOE e incluso del Ejecutivo para defender la legalidad de los mismos tras estallar el <strong>caso \u00c1balos<\/strong>. El primero en apelar a la fiscalizaci\u00f3n de este tribunal fue el propio exministro de Transportes,\u00a0<strong>Jos\u00e9 Luis \u00c1balos<\/strong>.<\/span><\/p>\n<p style=\"text-align: justify;\"><span style=\"font-size: 14pt;\">Este martes, la ministra de Educaci\u00f3n y portavoz del Ejecutivo,<strong>\u00a0Pilar Alegr\u00eda<\/strong>, hac\u00eda lo propio: \u00ab<em>Todos los contratos que se establecieron por parte del Estado son contratos conforme a la legalidad y han sido auditados por el Tribunal de Cuentas y la IGAE<\/em>\u00ab. El mismo argumento fue empleado por el portavoz socialista en el Congreso de los Diputados,\u00a0<strong>Patxi L\u00f3pez<\/strong>: \u00ab<em>Sabemos que el Tribunal de Cuentas audit\u00f3 los contratos y, seg\u00fan su informe, todo se hizo con conformidad<\/em>\u00ab.<\/span><\/p>\n<p>&nbsp;<\/p>\n<p><img loading=\"lazy\" decoding=\"async\" class=\"aligncenter wp-image-10631\" src=\"https:\/\/puntocritico.com\/ausajpuntocritico\/wp-content\/uploads\/2018\/04\/tribunal-de-cuentas-678x381-300x169.jpg\" alt=\"\" width=\"440\" height=\"247\" data-id=\"10631\" srcset=\"https:\/\/puntocritico.com\/ausajpuntocritico\/wp-content\/uploads\/2018\/04\/tribunal-de-cuentas-678x381-300x169.jpg 300w, https:\/\/puntocritico.com\/ausajpuntocritico\/wp-content\/uploads\/2018\/04\/tribunal-de-cuentas-678x381.jpg 678w\" sizes=\"auto, (max-width: 440px) 100vw, 440px\" \/><\/p>\n<p style=\"text-align: center;\"><span style=\"font-size: 18pt;\"><strong><span style=\"color: #008000;\">*******<\/span><\/strong><\/span><\/p>\n<div style=\"text-align: center;\" data-mrf-recirculation=\"Enlaces p\u00e1rrafos\">\u00a0<\/div>\n<div data-mrf-recirculation=\"Enlaces p\u00e1rrafos\">\n<figure id=\"attachment_2294673\" aria-describedby=\"caption-attachment-2294673\" style=\"width: 400px\" class=\"wp-caption aligncenter\"><img loading=\"lazy\" decoding=\"async\" class=\"wp-image-2294673\" src=\"https:\/\/puntocritico.com\/ausajpuntocritico\/wp-content\/uploads\/2024\/03\/Francina-enmascarada-300x169.jpeg\" alt=\"\" width=\"400\" height=\"225\" data-id=\"2294673\" srcset=\"https:\/\/puntocritico.com\/ausajpuntocritico\/wp-content\/uploads\/2024\/03\/Francina-enmascarada-300x169.jpeg 300w, https:\/\/puntocritico.com\/ausajpuntocritico\/wp-content\/uploads\/2024\/03\/Francina-enmascarada-768x432.jpeg 768w, https:\/\/puntocritico.com\/ausajpuntocritico\/wp-content\/uploads\/2024\/03\/Francina-enmascarada-678x381.jpeg 678w, https:\/\/puntocritico.com\/ausajpuntocritico\/wp-content\/uploads\/2024\/03\/Francina-enmascarada.jpeg 800w\" sizes=\"auto, (max-width: 400px) 100vw, 400px\" \/><figcaption id=\"caption-attachment-2294673\" class=\"wp-caption-text\"><span style=\"color: #008000;\"><a href=\"https:\/\/es.wikipedia.org\/wiki\/Francina_Armengol\" target=\"_blank\" rel=\"noopener\"><strong>Francina Armengol es Licenciada en Farmacia<\/strong><\/a>, puede por tanto ser -y lo es, o lo fue- titular de Establecimientos Farmac\u00e9uticos, o Farmacias, que es donde se pueden adquirir Productos Sanitarios, como las mascarillas.<\/span><\/figcaption><\/figure>\n<\/div>\n<div data-mrf-recirculation=\"Enlaces p\u00e1rrafos\">\u00a0<\/div>\n<div style=\"text-align: center;\" data-mrf-recirculation=\"Enlaces p\u00e1rrafos\"><strong><span style=\"color: #008000; font-size: 18pt;\">*******<\/span><\/strong><\/div>\n<div>\n<div class=\"elementor-element elementor-element-196358f elementor-widget__width-initial elementor-widget-mobile__width-auto elementor-widget elementor-widget-heading\" data-id=\"196358f\" data-element_type=\"widget\" data-widget_type=\"heading.default\">\n<div class=\"elementor-widget-container\">\n<h2 class=\"elementor-heading-title elementor-size-xxl\" style=\"text-align: center;\"><span style=\"font-size: 24pt;\">ES LA HORA DE LA POL\u00cdTICA<\/span><\/h2>\n<\/div>\n<\/div>\n<\/div>\n<div style=\"text-align: justify;\"><span style=\"font-size: 14pt;\">Por Mar\u00eda Zald\u00edvar<\/span><\/div>\n<div style=\"text-align: justify;\"><span style=\"font-size: 14pt;\"><a href=\"https:\/\/gaceta.es\/opinion\/es-la-hora-de-la-politica-20240302-0450\/\" target=\"_blank\" rel=\"noopener\">Gaceta<\/a>, 2 MARZO 2024<\/span><\/div>\n<div><img loading=\"lazy\" decoding=\"async\" class=\"aligncenter wp-image-2294612\" src=\"https:\/\/puntocritico.com\/ausajpuntocritico\/wp-content\/uploads\/2024\/03\/17093950240188973760551723311958-300x217.jpg\" alt=\"LAS MASCARILLAS, EL MIEDO Y LOS AVIONES\" width=\"400\" height=\"290\" data-id=\"2294612\" srcset=\"https:\/\/puntocritico.com\/ausajpuntocritico\/wp-content\/uploads\/2024\/03\/17093950240188973760551723311958-300x217.jpg 300w, https:\/\/puntocritico.com\/ausajpuntocritico\/wp-content\/uploads\/2024\/03\/17093950240188973760551723311958.jpg 690w\" sizes=\"auto, (max-width: 400px) 100vw, 400px\" \/><\/div>\n<div style=\"text-align: justify;\">\u00a0<\/div>\n<div style=\"text-align: justify;\">\u00a0<\/div>\n<div class=\"paragraph\" data-mrf-recirculation=\"Enlaces p\u00e1rrafos\">\n<p style=\"text-align: justify;\"><span style=\"font-size: 14pt;\">La historia del sapo es equiparable a todo proceso donde existe alguien con una intenci\u00f3n manifiesta de manipular a otros.\u00a0<strong>La reacci\u00f3n de los productores europeos de la que hemos sido espectadores durante las \u00faltimas semanas no es intempestiva<\/strong>; es el resultado de una larga lista de pol\u00edticas arbitrarias, inconsultas y abusivas que fueron abrum\u00e1ndoles hasta empujarlos a una rebeli\u00f3n pac\u00edfica pero contundente. Durante d\u00e9cadas, unos bur\u00f3cratas millonarios desde su torre de cristal han ido construyendo un universo paralelo con normas alejadas de la realidad de aquellos que trabajan la tierra y que producen alimentos y servicios para millones de personas; han impuestos condiciones y restricciones en todas las \u00e1reas de la vida, desde las formas de cultivo a la educaci\u00f3n de los hijos. En todo han querido intervenir y, en aras de una supuesta mejora del planeta, se apoderaron de las banderas de la \u00e9tica.<\/span><\/p>\n<p style=\"text-align: justify;\"><span style=\"font-size: 14pt;\">Bruselas y el macabro invento de la <strong>Agenda 2030<\/strong> son el caldero; desde all\u00ed dictaron normas y prohibiciones, aumentaron la burocracia, encarecieron la producci\u00f3n y condicionaron la vida del ciudadano de a pie. En la actualidad, ya est\u00e1n intentando que sus decisiones primen sobre la autodeterminaci\u00f3n de los pa\u00edses queriendo demonizar la soberan\u00eda nacional. Con mala fe,\u00a0<strong>tergiversan las posturas de quienes reivindican la libre determinaci\u00f3n de las naciones y apelan a la falacia de sugerir que, quienes no adhieren a esa cesi\u00f3n informal de la autoridad, son antieuropeos<\/strong>. Nada m\u00e1s lejano a la verdad, porque la <strong>UE<\/strong> fue creada con el esp\u00edritu de ampliar la capacidad de desarrollo de los pa\u00edses miembros y no para cercenarles derechos. El reciente proyecto de <strong>Ursula von der Leyen<\/strong>, una pieza clave en la cruzada globalista, de <strong>unificar la compra de armas entre los pa\u00edses de la Uni\u00f3n Europea<\/strong> demuestra que el plan sigue en marcha y que solo han levantado el pie del acelerador en cuanto al <em>Pacto Verde<\/em> por imperio de la efervescencia que produjo recientemente el tremendo reclamo rural. \u00a0<\/span><\/p>\n<p style=\"text-align: justify;\"><span style=\"font-size: 14pt;\">Ahora bien. Hay muchos sectores que se han percatado del proceso en el que estamos y, desde sus lugares, hacen su contribuci\u00f3n.<\/span><\/p>\n<p style=\"text-align: justify;\"><span style=\"font-size: 14pt;\">Los\u00a0<em>think tanks<\/em>\u00a0y fundaciones cumplen la funci\u00f3n de difundir ideas para concientizar a la poblaci\u00f3n concentrada en el d\u00eda a d\u00eda, que es cada vez m\u00e1s complejo; esas organizaciones hacen una valiosa tarea docente, exponen temas que no siempre son obvios para el hombre com\u00fan pero que, directa o indirectamente, lo involucran. Son las que llevan adelante la batalla cultural, las que toman a su cargo la responsabilidad de desmantelar la trama que las izquierdas tan bien han tejido. Hoy\u00a0<strong>esa batalla, tit\u00e1nica por cierto, consiste en desmitificar las bondades del ecologismo fren\u00e9tico<\/strong>, los ficticios horrores y amenazas que plantaron alrededor del cambio clim\u00e1tico, el feminismo desmedido cuyas ra\u00edces no son el respeto de la mujer sino la guerra declarada al entendimiento con el hombre o la defensa de las migraciones ilegales.<\/span><\/p>\n<p style=\"text-align: justify;\"><span style=\"font-size: 14pt;\">La batalla cultural implica denunciar, sin medias palabras, que el <strong>Pacto Verde<\/strong> se asienta sobre el encarecimiento de los productos para la poblaci\u00f3n en general y la ruina de los productores y que en otras \u00e1reas, el globalismo es m\u00e1s sutil pero no menos invasivo y da\u00f1ino: el estado adoctrinando a nuestros hijos intenta atribuirse una preminencia sobre su educaci\u00f3n que pertenece a los padres. A ese nivel de desquicio han llegado los planes que la <strong>Agenda 2030<\/strong> impulsa.<\/span><\/p>\n<p style=\"text-align: justify;\"><span style=\"font-size: 14pt;\">Los castigos impuestos a los pa\u00edses que cuestionan o rechazan sus medidas es la demostraci\u00f3n palmaria de que no est\u00e1n dispuestos a ceder.<\/span><\/p>\n<p style=\"text-align: justify;\"><span style=\"font-size: 14pt;\">Pero la pr\u00e9dica de estas organizaciones y sus colaboradores tienen un l\u00edmite; tienen capacidad de difusi\u00f3n y, con ella, generan un cambio de mentalidad pero no de las medidas que ya est\u00e1n en marcha y de otras por venir; para frenarlas es imprescindible que sus principios se transformen en pol\u00edticas de estado.<\/span><\/p>\n<p style=\"text-align: justify;\"><span style=\"font-size: 14pt;\"><strong>Los productores, inorg\u00e1nicamente pero con cuerpo y alma, han hecho historia y han puesto un freno al avance de la arbitrariedad\u00a0<em>woke<\/em><\/strong>. Las <em>ongs<\/em> tambi\u00e9n vienen aportando lo suyo. La sociedad civil ha hecho su parte. Ahora es el momento de la pol\u00edtica. Porque solo la pol\u00edtica puede concentrar, dar forma, encauzar esas masivas protestas y obtener resultados pr\u00e1cticos.<\/span><\/p>\n<p style=\"text-align: justify;\"><span style=\"font-size: 14pt;\">Por eso tambi\u00e9n es tiempo de enfrentar los discursos antipol\u00edtica; con ellos se allana el camino a los dictadores que luego imponen su propia agenda. Donde no hay pol\u00edtica no hay participaci\u00f3n general, no hay disenso ni discusi\u00f3n de ideas. Hay una idea, la del aut\u00f3crata. El camino para derrotar el globalismo no es m\u00e1s autoritarismo sino m\u00e1s libertad, m\u00e1s democracia y m\u00e1s principio recto.<\/span><\/p>\n<p style=\"text-align: justify;\"><span style=\"font-size: 14pt;\">\u00ab<em>Un gran l\u00edder no es un buscador de consensos sino un moldeador de consensos<\/em>\u00bb dec\u00eda <strong>Martin Luther King<\/strong>. Se requiere de hombres decididos a defender los valores tradicionales, la soberan\u00eda de las naciones, la familia como n\u00facleo primario de la sociedad y tener espaldas para tolerar el embate izquierdista; ese mantra que repiten los enemigos de la libertad que llaman \u00ab<em>ultra derecha<\/em>\u00bb a todo lo que no sea de izquierdas y \u00ab<em>populismo<\/em>\u00bb a todo lo que no sea colectivismo tambi\u00e9n de izquierdas.<\/span><\/p>\n<p style=\"text-align: justify;\"><span style=\"font-size: 14pt;\">La buena noticia es que\u00a0<strong>personas con esas caracter\u00edsticas est\u00e1n apareciendo en distintas latitudes y est\u00e1n uniendo fuerzas para un trabajo com\u00fan<\/strong>, pues luchar contra el globalismo empobrecedor es una tarea que excede las nacionalidades.<\/span><\/p>\n<p style=\"text-align: justify;\"><span style=\"font-size: 14pt;\">Y se los ve con la fuerza de mantener sus convicciones a pesar de los embates. <strong>Thomas Jefferson<\/strong> lo defin\u00eda con claridad: \u00ab<em>En t\u00e9rminos de estilo, nada con la corriente. En t\u00e9rminos de principios, permanece como una roca<\/em>\u00bb. Claramente,\u00a0<strong>atravesamos un tiempo extremadamente dif\u00edcil que necesita la inspiraci\u00f3n y la acci\u00f3n de aquellos que son capaces de mantenerse como una roca<\/strong>\u00a0en defensa de los principios que han iluminado la civilizaci\u00f3n occidental.<\/span><\/p>\n<\/div>\n<p>&nbsp;<\/p>\n<figure id=\"attachment_1517247\" aria-describedby=\"caption-attachment-1517247\" style=\"width: 300px\" class=\"wp-caption aligncenter\"><a href=\"https:\/\/puntocritico.com\/ausajpuntocritico\/2022\/11\/23\/que-es-la-politica-por-hannah-arendt\/\"><img loading=\"lazy\" decoding=\"async\" class=\"wp-image-1517247 size-medium\" src=\"https:\/\/puntocritico.com\/ausajpuntocritico\/wp-content\/uploads\/2020\/12\/Hannah-Arendt-Portada-300x164.jpg\" alt=\"\" width=\"300\" height=\"164\" data-id=\"1517247\" srcset=\"https:\/\/puntocritico.com\/ausajpuntocritico\/wp-content\/uploads\/2020\/12\/Hannah-Arendt-Portada-300x164.jpg 300w, https:\/\/puntocritico.com\/ausajpuntocritico\/wp-content\/uploads\/2020\/12\/Hannah-Arendt-Portada-768x419.jpg 768w, https:\/\/puntocritico.com\/ausajpuntocritico\/wp-content\/uploads\/2020\/12\/Hannah-Arendt-Portada-610x333.jpg 610w, https:\/\/puntocritico.com\/ausajpuntocritico\/wp-content\/uploads\/2020\/12\/Hannah-Arendt-Portada.jpg 829w\" sizes=\"auto, (max-width: 300px) 100vw, 300px\" \/><\/a><figcaption id=\"caption-attachment-1517247\" class=\"wp-caption-text\"><a href=\"https:\/\/puntocritico.com\/ausajpuntocritico\/2022\/11\/23\/que-es-la-politica-por-hannah-arendt\/\"><span style=\"color: #008000;\">HANNAH ARENDT: \u00abEl prejuicio contra la pol\u00edtica y lo que la pol\u00edtica es hoy de hecho\u00bb. \u00bfQu\u00e9 es la Pol\u00edtica?. <\/span><\/a><\/figcaption><\/figure>\n<p>&nbsp;<\/p>\n<p style=\"text-align: center;\"><span style=\"font-size: 18pt;\"><strong><span style=\"color: #008000;\">*******<\/span><\/strong><\/span><\/p>\n<h2 style=\"text-align: center;\"><span style=\"font-size: 24pt;\">ALDAMA CONFIESA A ANTIFRAUDE QUE NEGOCI\u00d3 EL RESCATE DE AIR EUROPA CON TRANSPORTES<\/span><\/h2>\n<p class=\"tno-general-single__article__header__excerpt\" style=\"text-align: center;\"><em><strong><span style=\"font-size: 14pt;\">El investigado por la trama de las mascarillas cobr\u00f3 169.400 euros en 2020 por mediar a favor de la ayuda p\u00fablica<\/span><\/strong><\/em><\/p>\n<p style=\"text-align: justify;\"><span style=\"font-size: 14pt;\">Por Fernando Cano, Antonio Rodr\u00edguez y Fran Serrato<\/span><\/p>\n<p style=\"text-align: justify;\"><span style=\"font-size: 14pt;\"><a href=\"https:\/\/theobjective.com\/economia\/2024-03-02\/aldama-antifraude-rescate-air-europa\/\" target=\"_blank\" rel=\"noopener\">The Objective<\/a>, 2 MARZO 2024<\/span><\/p>\n<figure id=\"attachment_2294613\" aria-describedby=\"caption-attachment-2294613\" style=\"width: 480px\" class=\"wp-caption aligncenter\"><img loading=\"lazy\" decoding=\"async\" class=\"wp-image-2294613\" src=\"https:\/\/puntocritico.com\/ausajpuntocritico\/wp-content\/uploads\/2024\/03\/ABALOS-AIREUROPA-2802-300x169.webp\" alt=\"\" width=\"480\" height=\"270\" data-id=\"2294613\" srcset=\"https:\/\/puntocritico.com\/ausajpuntocritico\/wp-content\/uploads\/2024\/03\/ABALOS-AIREUROPA-2802-300x169.webp 300w, https:\/\/puntocritico.com\/ausajpuntocritico\/wp-content\/uploads\/2024\/03\/ABALOS-AIREUROPA-2802-1024x576.webp 1024w, https:\/\/puntocritico.com\/ausajpuntocritico\/wp-content\/uploads\/2024\/03\/ABALOS-AIREUROPA-2802-768x432.webp 768w, https:\/\/puntocritico.com\/ausajpuntocritico\/wp-content\/uploads\/2024\/03\/ABALOS-AIREUROPA-2802-678x381.webp 678w, https:\/\/puntocritico.com\/ausajpuntocritico\/wp-content\/uploads\/2024\/03\/ABALOS-AIREUROPA-2802.webp 1200w\" sizes=\"auto, (max-width: 480px) 100vw, 480px\" \/><figcaption id=\"caption-attachment-2294613\" class=\"wp-caption-text\"><span style=\"color: #008000;\">Jos\u00e9 Luis \u00c1balos, Javier Hidalgo (exCEO de Air Europa), Juan Jos\u00e9 Hidalgo (fundador de Air Europa) y V\u00edctor de Aldama. | Alejandra Svriz<\/span><\/figcaption><\/figure>\n<p>&nbsp;<\/p>\n<p style=\"text-align: justify;\"><span style=\"font-size: 14pt;\"><strong>V\u00edctor de Aldama<\/strong>, uno de los supuestos cabecillas de la trama Koldo por la venta irregular de mascarillas durante la pandemia, reconoci\u00f3 a la <strong>Oficina Nacional de Investigaci\u00f3n del Fraude (ONIF)<\/strong> que <strong>medi\u00f3 en las negociaciones con el Ministerio de Transportes para sacar adelante el millonario rescate de Air Europa<\/strong>\u00a0que se har\u00eda efectivo en noviembre de 2020. Seg\u00fan los documentos a los que ha tenido acceso\u00a0THE OBJECTIVE\u00a0en el marco del sumario de la investigaci\u00f3n de la Audiencia Nacional, el consultor present\u00f3 los contratos y facturas que confirmaban esta relaci\u00f3n.<\/span><\/p>\n<p style=\"text-align: justify;\"><span style=\"font-size: 14pt;\">La vinculaci\u00f3n directa de <strong>De Aldama<\/strong> con el rescate de <strong>Air Europa<\/strong> es clave para entender algunas de las interrogantes que\u00a0<a href=\"https:\/\/theobjective.com\/espana\/2024-02-28\/air-europa-contrato-asesor-caso-koldo\/\" target=\"_blank\" rel=\"noopener\" data-schema-attribute=\"\">planean sobre el millonario desembolso de 475 millones de euros de dinero p\u00fablico<\/a>. Este diario ya ha explicado que el principal promotor de esta operaci\u00f3n fue el propio <strong>Jos\u00e9 Luis \u00c1balos<\/strong>, desde el<em><strong> Ministerio de Transportes<\/strong><\/em>,\u00a0<strong>quien medi\u00f3 ante el resto de ministerios para sacar adelante el mayor salvavidas entregado en el marco de este fondo de rescate de la SEPI,<\/strong>\u00a0el que se dio con mayor rapidez y el que consigui\u00f3 las mejores condiciones de devoluci\u00f3n.<\/span><\/p>\n<p style=\"text-align: justify;\"><span style=\"font-size: 14pt;\"><strong>\u00ab<em>El se\u00f1or De Aldama era consultor\u00a0en la sombra\u00a0del grupo de empresas Air Europa.<\/em><\/strong><em>\u00a0Esta relaci\u00f3n ten\u00eda su eje en la amistad personal con miembros de la <strong>familia Hidalgo<\/strong> y se plasm\u00f3 en la presencia del se\u00f1or <strong>De Aldama<\/strong> en las negociaciones de dos temas de gran importancia:\u00a0<a href=\"https:\/\/theobjective.com\/economia\/2024-03-01\/gobierno-rescate-air-europa-requisitos\/\" target=\"_blank\" rel=\"noopener\" data-schema-attribute=\"\">negociaciones con el Ministerio de Transportes en relaci\u00f3n al rescate de la compa\u00f1\u00eda Air Europa<\/a>\u00a0y negociaciones para conseguir el pago de 200 millones de d\u00f3lares a <strong>Globalia<\/strong> (matriz de Air Europa) retenidos por el Gobierno de Venezuela<\/em>\u00bb.<\/span><\/p>\n<p>&nbsp;<\/p>\n<figure id=\"attachment_2294614\" aria-describedby=\"caption-attachment-2294614\" style=\"width: 440px\" class=\"wp-caption aligncenter\"><img loading=\"lazy\" decoding=\"async\" class=\"wp-image-2294614\" src=\"https:\/\/puntocritico.com\/ausajpuntocritico\/wp-content\/uploads\/2024\/03\/agencia-ALDAMA-0103-1024x576-1-300x169.webp\" alt=\"\" width=\"440\" height=\"248\" data-id=\"2294614\" srcset=\"https:\/\/puntocritico.com\/ausajpuntocritico\/wp-content\/uploads\/2024\/03\/agencia-ALDAMA-0103-1024x576-1-300x169.webp 300w, https:\/\/puntocritico.com\/ausajpuntocritico\/wp-content\/uploads\/2024\/03\/agencia-ALDAMA-0103-1024x576-1-768x432.webp 768w, https:\/\/puntocritico.com\/ausajpuntocritico\/wp-content\/uploads\/2024\/03\/agencia-ALDAMA-0103-1024x576-1-678x381.webp 678w, https:\/\/puntocritico.com\/ausajpuntocritico\/wp-content\/uploads\/2024\/03\/agencia-ALDAMA-0103-1024x576-1.webp 1024w\" sizes=\"auto, (max-width: 440px) 100vw, 440px\" \/><figcaption id=\"caption-attachment-2294614\" class=\"wp-caption-text\"><span style=\"color: #008000;\">Documento donde se refleja la relaci\u00f3n de Aldama con el rescate de Air Europa.<\/span><\/figcaption><\/figure>\n<h3 id=\"h-onif-y-aldama\" class=\"wp-block-heading\" style=\"text-align: center;\"><span style=\"font-size: 18pt;\">ONIF y Aldama<\/span><\/h3>\n<p style=\"text-align: justify;\"><span style=\"font-size: 14pt;\">\u00c9sta es la conclusi\u00f3n de la <strong>ONIF<\/strong> respecto de los v\u00ednculos de <strong>De Aldama<\/strong> con <strong>Air Europa<\/strong>,\u00a0<a href=\"https:\/\/theobjective.com\/espana\/tribunales\/2024-02-28\/foto-koldo-air-europa-rescate\/\" target=\"_blank\" rel=\"noopener\" data-schema-attribute=\"\">una relaci\u00f3n de la que se han publicado m\u00faltiples nexos durante esta semana<\/a>, pero de la que hasta la fecha\u00a0<strong>no se hab\u00eda publicado ninguna conexi\u00f3n directa entre la asesor\u00eda del implicado y su mediaci\u00f3n en el millonario rescate de la compa\u00f1\u00eda<\/strong>\u00a0que se sald\u00f3 con en 2020 con un pr\u00e9stamo de 140 millones avalado por la entidad p\u00fablica <strong>Instituto de Cr\u00e9dito Oficial (ICO)<\/strong> en marzo y otros 475 millones del <strong>Fondo de Ayuda para la Solvencia de Empresas Estrat\u00e9gicas (Fasee) de la SEPI<\/strong> aprobados en noviembre.<\/span><\/p>\n<p style=\"text-align: justify;\"><span style=\"font-size: 14pt;\">En el documento fechado el 2 de febrero de este a\u00f1o, se indica que la <strong>ONIF<\/strong> requiri\u00f3 a <strong>De Aldama<\/strong> para confirmar su vinculaci\u00f3n con la trama y con la venta de mascarillas a diferentes administraciones y<strong>\u00a0en ese interrogatorio aport\u00f3 contrato y facturas emitidas a Air Europa en las que se confirmaba que,<\/strong>\u00a0por medio de <strong>MTM 180 Capital SL<\/strong> (<em>sociedad de la que es administrador \u00fanico<\/em>) trabaj\u00f3 para la compa\u00f1\u00eda a\u00e9rea en asuntos como el rescate. <strong>Air Europa<\/strong>, por su parte,\u00a0<a href=\"https:\/\/theobjective.com\/espana\/2024-02-28\/air-europa-contrato-asesor-caso-koldo\/\" target=\"_blank\" rel=\"noopener\" data-schema-attribute=\"\">confirm\u00f3 el contrato sobre Venezuela<\/a>, pero no mencion\u00f3 que <strong>Aldama<\/strong> hubiera trabajado en nada relacionado con las mascarillas o la gesti\u00f3n de la ayuda de la compa\u00f1\u00eda, seg\u00fan dice el informe.<\/span><\/p>\n<p style=\"text-align: justify;\"><span style=\"font-size: 14pt;\"><strong>El contrato al que se refiere es la asesor\u00eda pactada con Air Europa<\/strong> y que\u00a0<a href=\"https:\/\/theobjective.com\/economia\/2024-02-29\/air-europa-prometio-millones-aldama\/\" target=\"_blank\" rel=\"noopener\" data-schema-attribute=\"\">este jueves public\u00f3 este diario<\/a>. Fue firmado por <strong>Javier<\/strong> <strong>Hidalgo<\/strong> y el CEO de <strong>MTM 180<\/strong>, <strong>V\u00edctor de Aldama<\/strong>. La prestaci\u00f3n acordada fue de 10.000 euros mensuales y se firm\u00f3 por una duraci\u00f3n de dos a\u00f1os a contar de la fecha efectiva, es decir el 1 de noviembre de 2019.\u00a0<strong>Se mantuvo al menos durante todo el a\u00f1o 2020, el tiempo en el que se negoci\u00f3 y aprob\u00f3 el rescate<\/strong>.<\/span><\/p>\n<p>&nbsp;<\/p>\n<h3 id=\"h-mtm-180-y-globalia\" class=\"wp-block-heading\" style=\"text-align: center;\"><span style=\"font-size: 18pt;\">MTM 180 y Globalia<\/span><\/h3>\n<p style=\"text-align: justify;\"><span style=\"font-size: 14pt;\"><strong>MTM 180 Capital<\/strong> design\u00f3 espec\u00edficamente a <strong>Aldama<\/strong> como persona f\u00edsica encargada de prestar la asesor\u00eda\u00a0<strong>\u00abd<em>urante toda la vigencia del contrato<\/em>\u00bb<\/strong>. Oficialmente se contrataron servicios de consultor\u00eda y asesoramiento, an\u00e1lisis estrat\u00e9gico, b\u00fasqueda de potenciales inversores, ahorro de costes, negociaci\u00f3n con proveedores, realizaci\u00f3n de estudios de mercado o asesoramiento en la b\u00fasqueda de soluciones viables a problemas operativos.<\/span><\/p>\n<p style=\"text-align: justify;\"><span style=\"font-size: 14pt;\"><strong>El sumario indica que la facturaci\u00f3n total de MTM 180 Capital a Globalia fue de 140.000 euros en 2020, 169.400 euros si se incluye el IVA.\u00a0<\/strong>Este diario ha podido corroborar este extremo con las facturas emitidas por la sociedad de De Aldama, la primera por 60.000 euros emitida en abril y otras ocho durante los respectivos meses siguientes hasta diciembre, un mes despu\u00e9s de que se hiciera oficial el rescate de <strong>Air<\/strong> <strong>Europa<\/strong>. Se emit\u00edan la primera semana de cada mes antes de que expirase el mes el curso respecto del que se realizaba el pago.<\/span><\/p>\n<p style=\"text-align: justify;\"><span style=\"font-size: 14pt;\">En relaci\u00f3n con el contrato sobre Venezuela, <strong>MTM<\/strong> 180 aport\u00f3 un acuerdo\u00a0<strong>\u00ab<em>con el que quer\u00eda demostrar las amplias relaciones de consultor\u00eda de su administrador \u00fanico con Air Europa<\/em>\u00bb<\/strong>. Este contrato tiene fecha de septiembre de 2019 y el objetivo era convertir en d\u00f3lares una cifra no determinada de bol\u00edvares venezolanos en poder de <strong>Air<\/strong> <strong>Europa<\/strong> -seg\u00fan <strong>Aldama<\/strong> por compra de vuelos-\u00a0<a href=\"https:\/\/theobjective.com\/economia\/2024-02-29\/air-europa-prometio-millones-aldama\/\" target=\"_blank\" rel=\"noopener\" data-schema-attribute=\"\">cifrada en 200 millones de d\u00f3lares<\/a>\u00a0(<em>185 millones de euros<\/em>).<\/span><\/p>\n<p>&nbsp;<\/p>\n<h3 id=\"h-air-europa-y-venezuela\" class=\"wp-block-heading\" style=\"text-align: center;\"><span style=\"font-size: 18pt;\">Air Europa y Venezuela<\/span><\/h3>\n<p style=\"text-align: justify;\"><span style=\"font-size: 14pt;\">Seg\u00fan la <strong>ONIF<\/strong>, \u00ab<em>esto resulta llamativo, por la cifra, por la imposibilidad del cambio en mercados oficiales (salvo blanqueo), pero sobre todo por el hecho de que una compa\u00f1\u00eda como la que comentamos encargue esta gesti\u00f3n a una persona con el perfil del <strong>Aldama<\/strong> (el expresidente Zapatero parec\u00eda haber fracasado en un cometido semejante)<\/em>\u00bb.\u00a0<a href=\"https:\/\/theobjective.com\/economia\/2024-02-29\/air-europa-prometio-millones-aldama\/\" target=\"_blank\" rel=\"noopener\" data-schema-attribute=\"\">La retribuci\u00f3n pactada prevista en el contrato, en caso de \u00e9xito, era de cinco millones de d\u00f3lares (4,6 millones de euros).<\/a><\/span><\/p>\n<p style=\"text-align: justify;\"><span style=\"font-size: 14pt;\"><strong>Aldama<\/strong> confirm\u00f3 la existencia del contrato, de las gestiones realizadas por el Gobierno venezolano y la posibilidad real, seg\u00fan inform\u00f3, <em>\u00abde haber podido cobrar la presunta deuda en\u00a0Petros<\/em>\u00bb (<em>un\u00a0token\u00a0venezolano ya desaparecido<\/em>). Pero acto seguido reconoci\u00f3 que las negociaciones no fructificaron al no admitir este acuerdo \u00ab<em>el se\u00f1or <strong>Hidalgo<\/strong><\/em>\u00bb (<em>en referencia a <strong>Javier Hidalgo<\/strong>, hijo del fundador de <strong>Globalia<\/strong> y por esas fechas CEO de la compa\u00f1\u00eda<\/em>)\u00a0y concluy\u00f3 que no hab\u00eda cobrado nada.<\/span><\/p>\n<p style=\"text-align: justify;\"><span style=\"font-size: 14pt;\">En este mismo sentido, <strong>Air Europa<\/strong> reconoci\u00f3 el contrato aunque afirm\u00f3 que \u00ab<em>no hab\u00eda pagado nada<\/em>\u00bb. <strong>De Aldama<\/strong> complement\u00f3 esta informaci\u00f3n demostrando que el cobro no hab\u00eda sido posible por lo que varios despachos de abogados\u00a0<strong>siguieron trabajando en el cobro de la deuda por medio de la compa\u00f1\u00eda Venezolana de Petr\u00f3leos<\/strong>.<\/span><\/p>\n<p>&nbsp;<\/p>\n<p><img loading=\"lazy\" decoding=\"async\" class=\"aligncenter wp-image-2249495\" src=\"https:\/\/puntocritico.com\/ausajpuntocritico\/wp-content\/uploads\/2022\/06\/petroleo-PPAL-300x199.jpg\" alt=\"\" width=\"400\" height=\"266\" data-id=\"2249495\" srcset=\"https:\/\/puntocritico.com\/ausajpuntocritico\/wp-content\/uploads\/2022\/06\/petroleo-PPAL-300x199.jpg 300w, https:\/\/puntocritico.com\/ausajpuntocritico\/wp-content\/uploads\/2022\/06\/petroleo-PPAL-610x405.jpg 610w, https:\/\/puntocritico.com\/ausajpuntocritico\/wp-content\/uploads\/2022\/06\/petroleo-PPAL-678x452.jpg 678w, https:\/\/puntocritico.com\/ausajpuntocritico\/wp-content\/uploads\/2022\/06\/petroleo-PPAL.jpg 680w\" sizes=\"auto, (max-width: 400px) 100vw, 400px\" \/><\/p>\n<p style=\"text-align: center;\"><strong><span style=\"color: #008000; font-size: 18pt;\">*******<\/span><\/strong><\/p>\n<div class=\"elementor-element elementor-element-532f972 elementor-widget elementor-widget-heading\" data-id=\"532f972\" data-element_type=\"widget\" data-widget_type=\"heading.default\">\n<div class=\"elementor-widget-container\">\n<div class=\"elementor-heading-title elementor-size-default\" style=\"text-align: justify;\"><span style=\"font-size: 14pt; color: #008000;\">LA VICEPRESIDENTA PARTICIP\u00d3 EN LA \u00abCREACI\u00d3N DE UNA COMISI\u00d3N AD HOC PARA CENTRALIZAR LAS COMPRAS\u00bb<\/span><\/div>\n<div>\n<h2 style=\"text-align: center;\"><span style=\"font-size: 24pt;\"><strong>MAR\u00cdA JES\u00daS MONTERO CONOC\u00cdA LOS CONTRATOS FRAUDULENTOS DE MATERIAL SANITARIO: \u00abSe implic\u00f3 personalmente\u00bb<\/strong><\/span><\/h2>\n<p style=\"text-align: justify;\"><span style=\"font-size: 14pt;\"><a href=\"https:\/\/gaceta.es\/espana\/maria-jesus-montero-conocia-los-contratos-fraudulentos-de-material-sanitario-se-implico-personalmente-20240304-1123\/\" target=\"_blank\" rel=\"noopener\">Gaceta<\/a>, MARZO 4, 2024<\/span><\/p>\n<\/div>\n<\/div>\n<\/div>\n<div class=\"elementor-element elementor-element-5bef02f elementor-widget elementor-widget-theme-post-title elementor-page-title elementor-widget-heading\" data-id=\"5bef02f\" data-element_type=\"widget\" data-widget_type=\"theme-post-title.default\">\n<div class=\"elementor-widget-container\">\n<figure id=\"attachment_2294750\" aria-describedby=\"caption-attachment-2294750\" style=\"width: 480px\" class=\"wp-caption aligncenter\"><img loading=\"lazy\" decoding=\"async\" class=\"wp-image-2294750\" src=\"https:\/\/puntocritico.com\/ausajpuntocritico\/wp-content\/uploads\/2024\/03\/Marisu-conection-300x170.png\" alt=\"\" width=\"480\" height=\"272\" data-id=\"2294750\" srcset=\"https:\/\/puntocritico.com\/ausajpuntocritico\/wp-content\/uploads\/2024\/03\/Marisu-conection-300x170.png 300w, https:\/\/puntocritico.com\/ausajpuntocritico\/wp-content\/uploads\/2024\/03\/Marisu-conection-1024x581.png 1024w, https:\/\/puntocritico.com\/ausajpuntocritico\/wp-content\/uploads\/2024\/03\/Marisu-conection-768x436.png 768w, https:\/\/puntocritico.com\/ausajpuntocritico\/wp-content\/uploads\/2024\/03\/Marisu-conection-1320x749.png 1320w, https:\/\/puntocritico.com\/ausajpuntocritico\/wp-content\/uploads\/2024\/03\/Marisu-conection.png 1370w\" sizes=\"auto, (max-width: 480px) 100vw, 480px\" \/><figcaption id=\"caption-attachment-2294750\" class=\"wp-caption-text\"><span style=\"color: #008000;\">La vicepresidenta primera del Gobierno, Mar\u00eda Jes\u00fas Montero. Europa Press.<\/span><\/figcaption><\/figure>\n<\/div>\n<\/div>\n<p>&nbsp;<\/p>\n<p style=\"text-align: justify;\"><span style=\"font-size: 14pt;\">La vicepresidenta primera del Gobierno, Mar\u00eda Jes\u00fas Montero, fue conocedora de las irregularidades en la compra de mascarillas. La que fuera consejera de Econom\u00eda en la Junta de Andaluc\u00eda durante los a\u00f1os \u2014\u00a1d\u00e9cadas!\u2014 de corrupci\u00f3n socialista,\u00a0<strong>ahora parece presuntamente implicada en la trama de contratos fraudulentos de material sanitario durante los peores meses de la pandemia.<\/strong><\/span><\/p>\n<p style=\"text-align: justify;\"><span style=\"font-size: 14pt;\">Fuentes conocedoras de los procesos de contrataci\u00f3n p\u00fablica durante los mencionados meses se\u00f1alan directamente a la titular de Hacienda y n\u00famero dos del Ejecutivo.<strong>\u00a0Ella particip\u00f3 en la \u00abcreaci\u00f3n de una comisi\u00f3n ad hoc para centralizar las compras\u00bb<\/strong>, tal y como adelanta\u00a0<em>Vozp\u00f3puli<\/em>. Ante la incapacidad del Ministerio de Sanidad, desprovisto de competencias y competentes, el Gobierno quiso centralizar la compra de todo el material sanitario.<\/span><\/p>\n<p style=\"text-align: justify;\"><span style=\"font-size: 14pt;\"><strong>\u00abNing\u00fan contrato se ejecutaba sin el visto bueno de aquel equipo\u00bb<\/strong>, han explicado las mencionadas fuentes. Un visto bueno que tambi\u00e9n ha llegado a reconocer el que fuera ministro de Sanidad, Salvador Illa. En su libro\u00a0<em>El a\u00f1o de la pandemia<\/em>, Illa reconoce que \u00aben el ministerio fuimos reforzando el equipo de compras hasta\u00a0montar una c\u00e9lula log\u00edstica\u00a0de apoyo de\u00a0medio centenar de personas\u00a0que\u00a0<strong>se trasladaron f\u00edsicamente a la sede del Ingesa y en la que\u00a0se implic\u00f3 personalmente la ministra de Hacienda, Mar\u00eda Jes\u00fas Montero\u00bb.<\/strong><\/span><\/p>\n<p style=\"text-align: justify;\"><span style=\"font-size: 14pt;\">As\u00ed, las \u00faltimas informaciones publicadas quedan verificadas por las declaraciones de Illa, que deja en evidencia la implicaci\u00f3n de Montero en el proceso de contrataci\u00f3n, que ahora se ha demostrado fraudulento: \u00abAdem\u00e1s, dos secretarias de Estado, la de Hacienda y la de Comercio; y representantes del\u00a0Ministerio de Defensa\u00a0y de Exteriores, entre otros,\u00a0pasaron en la primera planta del edificio de la calle Alcal\u00e1\u00a0<strong>largas jornadas encargados de localizar suministros,\u00a0comprobar su\u00a0viabilidad, negociar\u00a0precios\u00a0y organizar el operativo de traslado.<\/strong>\u00a0Se sumaban as\u00ed al equipo que lideraban Patricia Lacruz<strong>\u00a0<\/strong>\u2014directora general de\u00a0Cartera Com\u00fan de Servicios del Sistema Nacional de Salud y Farmacia\u00a0que vino al Ministerio de la mano de\u00a0Carmen Mont\u00f3n\u2014 y Alfonso Gim\u00e9nez, exdirector del\u00a0Ingesa\u00a0\u2014que tambi\u00e9n lleg\u00f3 con Mont\u00f3n\u2014\u00ab.<\/span><\/p>\n<p style=\"text-align: justify;\"><span style=\"font-size: 14pt;\">Pese a la implicaci\u00f3n de la ahora vicepresidenta y de todos los altos cargos de la Administraci\u00f3n, \u00abaquel equipo\u00bb termin\u00f3 contratando material que nunca lleg\u00f3. Pese a las \u00ablargas jornadas\u00bb del n\u00facleo que se encarg\u00f3 de la compra de mascarillas,\u00a0<strong>el Gobierno termin\u00f3 adjudicando contratos millonarios a empresas como\u00a0<\/strong><em><strong>Member of the Tribe<\/strong><\/em><strong>, que cobr\u00f3 m\u00e1s de 5 millones de euros p\u00fablicos por unos guantes de nitrilo que nunca fueron recibidos.<\/strong><\/span><\/p>\n<p style=\"text-align: justify;\"><span style=\"font-size: 14pt;\">As\u00ed, fuentes de Hacienda explican que aquel equipo liderado por Mar\u00eda Jes\u00fas Montero \u00abintentaba traer mascarillas con bastante \u00e9xito\u00bb. Precisamente por eso, aquellos que involucran a la vicepresidenta en el \u00ab\u00e9xito\u00bb tambi\u00e9n lo hacen en el fracaso. O en la corrupci\u00f3n.\u00a0<strong>Las citadas fuentes explican que \u00abla ministra de Hacienda tiene responsabilidad por haber comprado mascarillas\u00bb<\/strong>.<\/span><\/p>\n<p>&nbsp;<\/p>\n<p><img loading=\"lazy\" decoding=\"async\" class=\"aligncenter wp-image-2294751\" src=\"https:\/\/puntocritico.com\/ausajpuntocritico\/wp-content\/uploads\/2024\/03\/marisu-Montero-y-la-banda-del-falcon-678x381.jpg\" alt=\"\" width=\"555\" height=\"312\" data-id=\"2294751\" srcset=\"https:\/\/puntocritico.com\/ausajpuntocritico\/wp-content\/uploads\/2024\/03\/marisu-Montero-y-la-banda-del-falcon-678x381.jpg 678w, https:\/\/puntocritico.com\/ausajpuntocritico\/wp-content\/uploads\/2024\/03\/marisu-Montero-y-la-banda-del-falcon-300x169.jpg 300w, https:\/\/puntocritico.com\/ausajpuntocritico\/wp-content\/uploads\/2024\/03\/marisu-Montero-y-la-banda-del-falcon-1024x576.jpg 1024w, https:\/\/puntocritico.com\/ausajpuntocritico\/wp-content\/uploads\/2024\/03\/marisu-Montero-y-la-banda-del-falcon-768x432.jpg 768w, https:\/\/puntocritico.com\/ausajpuntocritico\/wp-content\/uploads\/2024\/03\/marisu-Montero-y-la-banda-del-falcon.jpg 1200w\" sizes=\"auto, (max-width: 555px) 100vw, 555px\" \/><\/p>\n<p style=\"text-align: center;\"><strong><span style=\"color: #008000; font-size: 18pt;\">*******<\/span><\/strong><\/p>\n<h2 style=\"text-align: justify;\"><span style=\"font-size: 14pt;\"><strong>RELACIONADOS:<\/strong><\/span><\/h2>\n<blockquote class=\"wp-embedded-content\" data-secret=\"FexdUP2LrU\"><p><a href=\"https:\/\/puntocritico.com\/ausajpuntocritico\/2022\/01\/18\/psicosis-de-formacion-masiva\/\">PSICOSIS DE FORMACI\u00d3N MASIVA. COVID-19: \u00abComo los medios corporativos, generando ansiedad, han formado masas que les creen sin cuestionar\u00bb<\/a><\/p><\/blockquote>\n<p><iframe loading=\"lazy\" class=\"wp-embedded-content\" sandbox=\"allow-scripts\" security=\"restricted\" style=\"position: absolute; clip: rect(1px, 1px, 1px, 1px);\" title=\"\u00abPSICOSIS DE FORMACI\u00d3N MASIVA. COVID-19: \u00abComo los medios corporativos, generando ansiedad, han formado masas que les creen sin cuestionar\u00bb\u00bb \u2014 Punto Cr\u00edtico Derechos Humanos\" src=\"https:\/\/puntocritico.com\/ausajpuntocritico\/2022\/01\/18\/psicosis-de-formacion-masiva\/embed\/#?secret=Q1nJ2Onnlg#?secret=FexdUP2LrU\" data-secret=\"FexdUP2LrU\" width=\"500\" height=\"282\" frameborder=\"0\" marginwidth=\"0\" marginheight=\"0\" scrolling=\"no\"><\/iframe><\/p>\n<blockquote class=\"wp-embedded-content\" data-secret=\"9Qj4quq9gY\"><p><a href=\"https:\/\/puntocritico.com\/ausajpuntocritico\/2024\/02\/26\/del-isabelgate-al-koldogate\/\">DEL ISABELGATE AL KOLDOGATE: El \u00abAsunto\u00bb D\u00edaz Ayuso y la Directiva de \u00abAlertadores\u00bb: \u00abLa (\u00bfirreversible?) descomposici\u00f3n de lo p\u00fablico\u00bb<\/a><\/p><\/blockquote>\n<p><iframe loading=\"lazy\" class=\"wp-embedded-content\" sandbox=\"allow-scripts\" security=\"restricted\" style=\"position: absolute; clip: rect(1px, 1px, 1px, 1px);\" title=\"\u00abDEL ISABELGATE AL KOLDOGATE: El \u00abAsunto\u00bb D\u00edaz Ayuso y la Directiva de \u00abAlertadores\u00bb: \u00abLa (\u00bfirreversible?) descomposici\u00f3n de lo p\u00fablico\u00bb\u00bb \u2014 Punto Cr\u00edtico Derechos Humanos\" src=\"https:\/\/puntocritico.com\/ausajpuntocritico\/2024\/02\/26\/del-isabelgate-al-koldogate\/embed\/#?secret=sYfg1e3ezQ#?secret=9Qj4quq9gY\" data-secret=\"9Qj4quq9gY\" width=\"500\" height=\"282\" frameborder=\"0\" marginwidth=\"0\" marginheight=\"0\" scrolling=\"no\"><\/iframe><\/p>\n<blockquote class=\"wp-embedded-content\" data-secret=\"2EXtgp76lq\"><p><a href=\"https:\/\/puntocritico.com\/ausajpuntocritico\/2020\/05\/06\/abalos-real-estate-la-inmobiliaria-del-ibex-35-el-unico-paraiso-es-el-fiscal\/\">\u00ab\u00c1BALOS REAL ESTATE\u00bb, la inmobiliaria del IBEX 35 (el \u00fanico para\u00edso es el fiscal)<\/a><\/p><\/blockquote>\n<p><iframe loading=\"lazy\" class=\"wp-embedded-content\" sandbox=\"allow-scripts\" security=\"restricted\" style=\"position: absolute; clip: rect(1px, 1px, 1px, 1px);\" title=\"\u00ab\u00ab\u00c1BALOS REAL ESTATE\u00bb, la inmobiliaria del IBEX 35 (el \u00fanico para\u00edso es el fiscal)\u00bb \u2014 Punto Cr\u00edtico Derechos Humanos\" src=\"https:\/\/puntocritico.com\/ausajpuntocritico\/2020\/05\/06\/abalos-real-estate-la-inmobiliaria-del-ibex-35-el-unico-paraiso-es-el-fiscal\/embed\/#?secret=iwGLwP9ChI#?secret=2EXtgp76lq\" data-secret=\"2EXtgp76lq\" width=\"500\" height=\"282\" frameborder=\"0\" marginwidth=\"0\" marginheight=\"0\" scrolling=\"no\"><\/iframe><\/p>\n<p>&nbsp;<\/p>\n<p>&nbsp;<\/p>\n<p><a href=\"https:\/\/puntocritico.com\/author\/punto-critico\/\"><img loading=\"lazy\" decoding=\"async\" class=\"aligncenter wp-image-48\" src=\"https:\/\/puntocritico.com\/ausajpuntocritico\/wp-content\/uploads\/2016\/11\/Mosca_Punto_Cr\u00edtico_40.png\" alt=\"\" width=\"80\" height=\"80\" \/><\/a><\/p>\n<p>&nbsp;<\/p>\n","protected":false},"excerpt":{"rendered":"<div class=\"mh-excerpt\"><p>MASCARILLAS, MIEDO Y AVIONES INDICE PANDEMIA CORONAVIRUS\u00a0 &nbsp; TRIBUTO DE SANGRE \u00abEl que es Ciudadano en una Democracia, con frecuencia no es Ciudadano en una Oligarqu\u00eda\u00bb &nbsp; Perdida ya la condici\u00f3n de Ciudadano como \u00abpersona <a class=\"mh-excerpt-more\" href=\"https:\/\/puntocritico.com\/ausajpuntocritico\/2024\/03\/04\/mascarillas-miedo-y-aviones\/\" title=\"MASCARILLAS, MIEDO Y AVIONES: Un negocio de 100.000 muertos\">[&#8230;]<\/a><\/p>\n<\/div>","protected":false},"author":3,"featured_media":2294611,"comment_status":"closed","ping_status":"closed","sticky":false,"template":"","format":"standard","meta":{"_acf_changed":false,"_exactmetrics_skip_tracking":false,"_exactmetrics_sitenote_active":false,"_exactmetrics_sitenote_note":"","_exactmetrics_sitenote_category":0,"footnotes":""},"categories":[7,12],"tags":[52,40],"class_list":{"0":"post-2294597","1":"post","2":"type-post","3":"status-publish","4":"format-standard","5":"has-post-thumbnail","7":"category-politica","8":"category-corrupcion","9":"tag-covid","10":"tag-regimen-del-78"},"acf":[],"_links":{"self":[{"href":"https:\/\/puntocritico.com\/ausajpuntocritico\/wp-json\/wp\/v2\/posts\/2294597","targetHints":{"allow":["GET"]}}],"collection":[{"href":"https:\/\/puntocritico.com\/ausajpuntocritico\/wp-json\/wp\/v2\/posts"}],"about":[{"href":"https:\/\/puntocritico.com\/ausajpuntocritico\/wp-json\/wp\/v2\/types\/post"}],"author":[{"embeddable":true,"href":"https:\/\/puntocritico.com\/ausajpuntocritico\/wp-json\/wp\/v2\/users\/3"}],"replies":[{"embeddable":true,"href":"https:\/\/puntocritico.com\/ausajpuntocritico\/wp-json\/wp\/v2\/comments?post=2294597"}],"version-history":[{"count":0,"href":"https:\/\/puntocritico.com\/ausajpuntocritico\/wp-json\/wp\/v2\/posts\/2294597\/revisions"}],"wp:featuredmedia":[{"embeddable":true,"href":"https:\/\/puntocritico.com\/ausajpuntocritico\/wp-json\/wp\/v2\/media\/2294611"}],"wp:attachment":[{"href":"https:\/\/puntocritico.com\/ausajpuntocritico\/wp-json\/wp\/v2\/media?parent=2294597"}],"wp:term":[{"taxonomy":"category","embeddable":true,"href":"https:\/\/puntocritico.com\/ausajpuntocritico\/wp-json\/wp\/v2\/categories?post=2294597"},{"taxonomy":"post_tag","embeddable":true,"href":"https:\/\/puntocritico.com\/ausajpuntocritico\/wp-json\/wp\/v2\/tags?post=2294597"}],"curies":[{"name":"wp","href":"https:\/\/api.w.org\/{rel}","templated":true}]}}