{"id":2293919,"date":"2024-02-26T00:05:10","date_gmt":"2024-02-25T23:05:10","guid":{"rendered":"https:\/\/puntocritico.com\/ausajpuntocritico\/?p=2293919"},"modified":"2024-08-20T20:22:28","modified_gmt":"2024-08-20T18:22:28","slug":"del-isabelgate-al-koldogate","status":"publish","type":"post","link":"https:\/\/puntocritico.com\/ausajpuntocritico\/2024\/02\/26\/del-isabelgate-al-koldogate\/","title":{"rendered":"DEL ISABELGATE AL KOLDOGATE: El \u00abAsunto\u00bb D\u00edaz Ayuso y la Directiva de \u00abAlertadores\u00bb: \u00abLa (\u00bfirreversible?) descomposici\u00f3n de lo p\u00fablico\u00bb"},"content":{"rendered":"<h2 style=\"text-align: justify;\"><span style=\"font-size: 14pt; color: #008000;\"><span style=\"vertical-align: inherit;\"><span style=\"vertical-align: inherit;\"><span style=\"vertical-align: inherit;\"><span style=\"vertical-align: inherit;\">DEL ISABELGATE AL KOLDOGATE<\/span><\/span><\/span><\/span><\/span><\/h2>\n<p><span style=\"vertical-align: inherit;\"><span style=\"vertical-align: inherit;\"><span style=\"vertical-align: inherit;\"><span style=\"vertical-align: inherit;\"><\/span><\/span><\/span><\/span><\/p>\n<p>&nbsp;<\/p>\n<blockquote>\n<h2 style=\"text-align: center;\"><span style=\"font-size: 24pt;\"><span style=\"vertical-align: inherit;\"><span style=\"vertical-align: inherit;\"><span style=\"vertical-align: inherit;\">DEL ISABELGATE AL KOLDOGATE<\/span><\/span><\/span><\/span><\/h2>\n<p><a href=\"https:\/\/puntocritico.com\/ausajpuntocritico\/2020\/12\/28\/la-virgen-de-wuhan-ance-asociacion-de-nacional-catolicos-empoderados-ha-iniciado-el-proceso-canonico-para-la-beatificacion-de-santa-isabel-de-wuhan\/\"><img loading=\"lazy\" decoding=\"async\" class=\"aligncenter wp-image-1609724\" src=\"https:\/\/puntocritico.com\/ausajpuntocritico\/wp-content\/uploads\/2020\/12\/virgen-de-wuhan-con-vampiros-300x183.jpg\" alt=\"\" width=\"440\" height=\"268\" data-id=\"1609724\" srcset=\"https:\/\/puntocritico.com\/ausajpuntocritico\/wp-content\/uploads\/2020\/12\/virgen-de-wuhan-con-vampiros-300x183.jpg 300w, https:\/\/puntocritico.com\/ausajpuntocritico\/wp-content\/uploads\/2020\/12\/virgen-de-wuhan-con-vampiros-768x467.jpg 768w, https:\/\/puntocritico.com\/ausajpuntocritico\/wp-content\/uploads\/2020\/12\/virgen-de-wuhan-con-vampiros-610x371.jpg 610w, https:\/\/puntocritico.com\/ausajpuntocritico\/wp-content\/uploads\/2020\/12\/virgen-de-wuhan-con-vampiros.jpg 996w\" sizes=\"auto, (max-width: 440px) 100vw, 440px\" \/><\/a><\/p>\n<p>&nbsp;<\/p>\n<p style=\"text-align: justify;\"><span style=\"font-size: 14pt;\"><span style=\"vertical-align: inherit;\"><span style=\"vertical-align: inherit;\">No es posible referirse a los \u00abGrandes \u00c9xitos de la Justicia espa\u00f1ola de los \u00faltimos a\u00f1os\u00bb, sin citar, al menos, al famoso Juan Guerra, \u00abMienmano\u00bb, que actuaba como \u00abconseguidor\u00bb del Gobierno vicepresidido por su hermano Alfonso, en un edificio oficial pegado a la propia Junta de Andaluc\u00eda; <\/span><\/span><\/span><span style=\"font-size: 14pt;\"><span style=\"vertical-align: inherit;\"><span style=\"vertical-align: inherit;\">Juan Guerra, el hermano -y alter ego- de Alfonso Guerra.<\/span><\/span><\/span><\/p>\n<p style=\"text-align: justify;\"><span style=\"font-size: 14pt;\"><span style=\"vertical-align: inherit;\"><span style=\"vertical-align: inherit;\">Pero resulta necesario referirse a los grandes cambios ocurridos en cuanto a la interpretaci\u00f3n jurisprudencial del concepto \u00abhermano\u00bb. <\/span><span style=\"vertical-align: inherit;\">Hablamos de Hermanos enriquecidos con el dinero P\u00fablico gestionado por sus hermanos.<\/span><\/span><\/span><\/p>\n<p style=\"text-align: justify;\"><span style=\"font-size: 14pt;\"><span style=\"vertical-align: inherit;\"><span style=\"vertical-align: inherit;\">Partiremos del <\/span><\/span><a href=\"https:\/\/puntocritico.com\/ausajpuntocritico\/2021\/04\/22\/corrupcion-judicial-el-iuez-si-iudga-tuerto-tolero-una-republica-corrompida-que-asegure-los-derechos-de-los-ciudadanos-pero-jamas-aceptare-una-dictadura-sin-ning\/\"><span style=\"vertical-align: inherit;\"><span style=\"vertical-align: inherit;\">CASO TANIA S\u00c1NCHEZ<\/span><\/span><\/a><span style=\"vertical-align: inherit;\"><span style=\"vertical-align: inherit;\"> , en el que el PP acusaba a la entonces novia de Pablo Iglesias -y quintacolumnista en Izquierda Unida-, de graves delitos ( <\/span><\/span><em><span style=\"vertical-align: inherit;\"><span style=\"vertical-align: inherit;\">Prevaricaci\u00f3n, Malversaci\u00f3n de Caudales P\u00fablicos y Tr\u00e1fico de Influencias<\/span><\/span><\/em><span style=\"vertical-align: inherit;\"><span style=\"vertical-align: inherit;\"> ), al haber concedido 1.200.000 euros en \u201c <\/span><\/span><em><span style=\"vertical-align: inherit;\"><span style=\"vertical-align: inherit;\">subvenciones<\/span><\/span><\/em><span style=\"vertical-align: inherit;\"><span style=\"vertical-align: inherit;\"> \u201d municipales ( <\/span><\/span><em><span style=\"vertical-align: inherit;\"><span style=\"vertical-align: inherit;\">del Ayuntamiento de Rivas Vaciamadrid del que ella y su padre, pol\u00edticos \u00abprofesionales\u00bb, eran concejales<\/span><\/span><\/em><span style=\"vertical-align: inherit;\"><span style=\"vertical-align: inherit;\"> ) a su hermano, con sus votos a favor del otorgamiento de la cantidad a su hermano e hijo. <\/span><span style=\"vertical-align: inherit;\">Siendo que tales hechos se encontraron acreditados documentalmente, y en todo caso, eran susceptibles de investigaci\u00f3n con garant\u00edas de \u00e9xito.<\/span><\/span><\/span><\/p>\n<p style=\"text-align: justify;\"><span style=\"font-size: 14pt;\"><span style=\"vertical-align: inherit;\"><span style=\"vertical-align: inherit;\">Sin embargo la causa fue archivada por no apreciar la Juez de Instrucci\u00f3n (do\u00f1a <\/span><\/span><a href=\"https:\/\/www.boe.es\/diario_boe\/txt.php?id=BOE-A-2017-10143\" target=\"_blank\" rel=\"noopener\"><em><span style=\"vertical-align: inherit;\"><span style=\"vertical-align: inherit;\">Gladys L\u00f3pez Manzanares<\/span><\/span><\/em><\/a><em><span style=\"vertical-align: inherit;\"><span style=\"vertical-align: inherit;\"> , que poco tiempo despu\u00e9s ser\u00eda nombrada juez de Primera Instancia n\u00famero 64 de Madrid, quiz\u00e1s una merecida satisfacci\u00f3n por haber tenido que comer un marr\u00f3n pol\u00edtico en su juzgado<\/span><\/span><\/em><span style=\"vertical-align: inherit;\"><span style=\"vertical-align: inherit;\"> ) que existe el <\/span><\/span><strong><em><span style=\"vertical-align: inherit;\"><span style=\"vertical-align: inherit;\">elemento subjetivo del injusto (<\/span><\/span><\/em><\/strong><strong><span style=\"vertical-align: inherit;\"><span style=\"vertical-align: inherit;\"> la intenci\u00f3n)<\/span><\/span><\/strong><span style=\"vertical-align: inherit;\"><span style=\"vertical-align: inherit;\"> . <\/span><span style=\"vertical-align: inherit;\">Pese a que, en realidad, el archivo, procesalmente, parece haber sido debido a la negligencia del Partido Pol\u00edtico Denunciante, el PP, pues los hechos, en efecto, sucedieron (el hermano de Tania recibi\u00f3 el dinero del Ayuntamiento \u00abfamiliar\u00bb).<\/span><\/span><\/span><\/p>\n<p style=\"text-align: justify;\"><span style=\"font-size: 14pt;\"><strong><span style=\"vertical-align: inherit;\"><span style=\"vertical-align: inherit;\">Justamente lo que, en tales supuestos de existencia de Elementos Subjetivos del Injusto, ha de ser dirimido en Juicio Oral<\/span><\/span><\/strong><span style=\"vertical-align: inherit;\"><span style=\"vertical-align: inherit;\"> ; <\/span><span style=\"vertical-align: inherit;\">que se nos lastim\u00f3, a favor de la impunidad de quien efectivamente, hab\u00eda otorgado una millonaria subvenci\u00f3n a su propio hermano ( <\/span><\/span><i><span style=\"vertical-align: inherit;\"><span style=\"vertical-align: inherit;\">en este sentido, la valoraci\u00f3n del elemento subjetivo del injusto, el cual trasciende o va m\u00e1s all\u00e1 de lo que el dolo representa \u2013 entendido como conocimiento de los elementos objetivos del tipo-, s\u00f3lo cabe entender que su valoraci\u00f3n ha de producirse en fase de juicio oral; es decir determinada la existencia de indicios objetivos de la existencia \u201cexterior\u201d del delito, la valoraci\u00f3n de la existencia \u201cinterior\u201d \u201d, solo puede producirse por el \u00f3rgano competente para enjuiciamiento, siendo de profusa discusi\u00f3n incluso si esa valoraci\u00f3n del elemento subjetivo ha de residir en la declaraci\u00f3n de hechos probados de una Sentencia o en sus fundamentos; as\u00ed se infiere, entre otras, de las Sentencias del Tribunal Supremo, Sala Segunda, de 7 de junio de 2012 y 15 de noviembre de 2011<\/span><\/span><\/i><span style=\"vertical-align: inherit;\"><span style=\"vertical-align: inherit;\"> ).<\/span><\/span><\/span><\/p>\n<p>&nbsp;<\/p>\n<p style=\"text-align: center;\"><strong><span style=\"font-size: 14pt;\"><span style=\"color: #008000;\"><span style=\"vertical-align: inherit;\"><span style=\"vertical-align: inherit;\">No fue el \u00fanico asunto en que la \u201c <\/span><\/span><em><span style=\"vertical-align: inherit;\"><span style=\"vertical-align: inherit;\">discrecionalidad <\/span><\/span><\/em><em><span style=\"vertical-align: inherit;\"><span style=\"vertical-align: inherit;\">judicial<\/span><\/span><\/em><span style=\"vertical-align: inherit;\"><span style=\"vertical-align: inherit;\"> \u201d gener\u00f3 la impunidad de los que se apropian de ese dinero \u00bb <\/span><\/span><em><span style=\"vertical-align: inherit;\"><span style=\"vertical-align: inherit;\">que no es de nadie<\/span><\/span><\/em><span style=\"vertical-align: inherit;\"><span style=\"vertical-align: inherit;\"> \u00ab, pero lo pones t\u00fa.<\/span><\/span><\/span><\/span><\/strong><\/p>\n<p>&nbsp;<\/p>\n<p style=\"text-align: justify;\"><span style=\"font-size: 14pt;\"><span style=\"vertical-align: inherit;\"><span style=\"vertical-align: inherit;\">No fue el \u00fanico asunto en que la \u201c <\/span><\/span><em><span style=\"vertical-align: inherit;\"><span style=\"vertical-align: inherit;\">discrecionalidad <\/span><\/span><\/em><em><span style=\"vertical-align: inherit;\"><span style=\"vertical-align: inherit;\">judicial<\/span><\/span><\/em><span style=\"vertical-align: inherit;\"><span style=\"vertical-align: inherit;\"> \u201d gener\u00f3 la impunidad de los que se apropian de ese dinero \u00bb <\/span><\/span><em><span style=\"vertical-align: inherit;\"><span style=\"vertical-align: inherit;\">que no es de nadie<\/span><\/span><\/em><span style=\"vertical-align: inherit;\"><span style=\"vertical-align: inherit;\"> \u00ab, pero lo pones t\u00fa.<\/span><\/span><\/span><\/p>\n<p style=\"text-align: justify;\"><span style=\"font-size: 14pt;\"><span style=\"vertical-align: inherit;\"><span style=\"vertical-align: inherit;\">Son Asuntos que se encuentran -o deber\u00edan- en los <\/span><\/span><em><span style=\"vertical-align: inherit;\"><span style=\"vertical-align: inherit;\">Anales de la Jurisprudencia espa\u00f1ola<\/span><\/span><\/em><span style=\"vertical-align: inherit;\"><span style=\"vertical-align: inherit;\"> , en un volumen anexo a los \u00bb <\/span><\/span><em><span style=\"vertical-align: inherit;\"><span style=\"vertical-align: inherit;\">Grandes \u00e9xitos de la Justicia espa\u00f1ola<\/span><\/span><\/em><span style=\"vertical-align: inherit;\"><span style=\"vertical-align: inherit;\"> \u00ab. <\/span><span style=\"vertical-align: inherit;\">El \u00e9xito de esta Jurisprudencia de la Impunidad, es que las decisiones judiciales en este sentido, resultan predecibles para sus destinatarios. <\/span><span style=\"vertical-align: inherit;\">Por la Seguridad Jur\u00eddica.<\/span><\/span><\/span><\/p>\n<p style=\"text-align: justify;\"><span style=\"font-size: 14pt;\"><span style=\"vertical-align: inherit;\"><span style=\"vertical-align: inherit;\">Si los Jueces archivan sin Juicio esos \u00bb <\/span><\/span><em><span style=\"vertical-align: inherit;\"><span style=\"vertical-align: inherit;\">Asuntos<\/span><\/span><\/em><span style=\"vertical-align: inherit;\"><span style=\"vertical-align: inherit;\"> \u00ab, la Conclusi\u00f3n, a la vista tanto de la relaci\u00f3n de Hechos investigados, como de la Resoluci\u00f3n Judicial, solo puede ser que <\/span><\/span><strong><span style=\"vertical-align: inherit;\"><span style=\"vertical-align: inherit;\">nos han robado con arreglo a la Ley<\/span><\/span><\/strong><span style=\"vertical-align: inherit;\"><span style=\"vertical-align: inherit;\"> .<\/span><\/span><\/span><\/p>\n<p>&nbsp;<\/p>\n<p style=\"text-align: center;\"><strong><span style=\"font-size: 14pt; color: #008000;\"><span style=\"vertical-align: inherit;\"><span style=\"vertical-align: inherit;\">Si los Jueces archivan sin Juicio esos \u00bb <\/span><\/span><em><span style=\"vertical-align: inherit;\"><span style=\"vertical-align: inherit;\">Asuntos<\/span><\/span><\/em><span style=\"vertical-align: inherit;\"><span style=\"vertical-align: inherit;\"> \u00ab, la Conclusi\u00f3n, a la vista tanto de la relaci\u00f3n de Hechos investigados, como de la Resoluci\u00f3n Judicial, solo puede ser que nos han robado con arreglo a la Ley.<\/span><\/span><\/span><\/strong><\/p>\n<p>&nbsp;<\/p>\n<p style=\"text-align: justify;\"><span style=\"font-size: 14pt;\"><span style=\"vertical-align: inherit;\"><span style=\"vertical-align: inherit;\">Un paso m\u00e1s en la b\u00fasqueda de la impunidad de los hermanos de los poderosos, pasa recordar las palabras de <\/span><\/span><strong><span style=\"vertical-align: inherit;\"><span style=\"vertical-align: inherit;\">Pablo Casado<\/span><\/span><\/strong><span style=\"vertical-align: inherit;\"><span style=\"vertical-align: inherit;\"> en la COPE, criticando la gesti\u00f3n de <\/span><\/span><strong><span style=\"vertical-align: inherit;\"><span style=\"vertical-align: inherit;\">Ayuso<\/span><\/span><\/strong><span style=\"vertical-align: inherit;\"><span style=\"vertical-align: inherit;\"> :<\/span><\/span><\/span><\/p>\n<p style=\"text-align: justify; padding-left: 40px;\"><strong><span style=\"font-size: 14pt; color: #008000;\"><span style=\"vertical-align: inherit;\"><span style=\"vertical-align: inherit;\">\u00abLa cuesti\u00f3n es si es entendible que el 1 de abril, cuando mor\u00edan en Espa\u00f1a 700 personas, se puede contratar con tu hermano y recibir 286.000 euros de beneficio por vender mascarillas\u00bb.<\/span><\/span><\/span><\/strong><\/p>\n<p>&nbsp;<\/p>\n<p style=\"text-align: justify;\"><span style=\"font-size: 14pt;\"><span style=\"vertical-align: inherit;\"><span style=\"vertical-align: inherit;\">As\u00ed, el <\/span><\/span><strong><span style=\"vertical-align: inherit;\"><span style=\"vertical-align: inherit;\">Caso Ayuso<\/span><\/span><\/strong><span style=\"vertical-align: inherit;\"><span style=\"vertical-align: inherit;\"> , genera otra jurisprudencia similar a la del <\/span><\/span><strong><span style=\"vertical-align: inherit;\"><span style=\"vertical-align: inherit;\">Caso Tania S\u00e1nchez<\/span><\/span><\/strong><span style=\"vertical-align: inherit;\"><span style=\"vertical-align: inherit;\"> , reca\u00edda en otro caso de Hermano enriquecido con fondos p\u00fablicos del Gobierno -Auton\u00f3mico, en este caso- presidido por su <\/span><\/span><span style=\"vertical-align: inherit;\"><span style=\"vertical-align: inherit;\"><span style=\"vertical-align: inherit;\">hermana.<\/span><\/span><\/span><\/span><\/p>\n<p style=\"text-align: justify;\"><span style=\"font-size: 14pt;\"><span style=\"vertical-align: inherit;\"><strong><span style=\"vertical-align: inherit;\"><span style=\"vertical-align: inherit;\">Tom\u00e1s<\/span><\/span><\/strong><span style=\"vertical-align: inherit;\"><span style=\"vertical-align: inherit;\"> , el hermano que hace negocio como intermediario en la adquisici\u00f3n, por parte del Gobierno presidido por su hermana <\/span><\/span><strong><span style=\"vertical-align: inherit;\"><span style=\"vertical-align: inherit;\">Isabel<\/span><\/span><\/strong><span style=\"vertical-align: inherit;\"><span style=\"vertical-align: inherit;\"> , de suministros Urgentes durante la terrible Pandemia de COVID-19, result\u00f3 enriquecido con la tragedia, gracias al Gobierno que preside su hermana <\/span><\/span><strong><span style=\"vertical-align: inherit;\"><span style=\"vertical-align: inherit;\">Isabel<\/span><\/span><\/strong><span style=\"vertical-align: inherit;\"><span style=\"vertical-align: inherit;\"> . <\/span><\/span><strong><span style=\"vertical-align: inherit;\"><span style=\"vertical-align: inherit;\">No ser\u00e1 Delito, pero apesta<\/span><\/span><\/strong><span style=\"vertical-align: inherit;\"><span style=\"vertical-align: inherit;\"> .<\/span><\/span><\/span><\/span><\/p>\n<p style=\"text-align: justify;\"><span style=\"font-size: 14pt;\"><span style=\"vertical-align: inherit;\"><span style=\"vertical-align: inherit;\">As\u00ed las cosas, cabe preguntarse: El \u00ab<\/span><\/span><strong><span style=\"vertical-align: inherit;\"><span style=\"vertical-align: inherit;\">Caso Koldo<\/span><\/span><\/strong><span style=\"vertical-align: inherit;\"><span style=\"vertical-align: inherit;\">\u00ab, \u00bfpodr\u00eda sostenerse si se demuestra que <\/span><\/span><a href=\"https:\/\/www.elconfidencial.com\/espana\/2020-02-25\/jose-luis-abalos-delcy-coloca-ministerio-transportes-mujer-asesor-koldo-venezuela_2466568\/\" target=\"_blank\" rel=\"noopener\"><strong><span style=\"vertical-align: inherit;\"><span style=\"vertical-align: inherit;\">Koldo<\/span><\/span><\/strong><\/a><span style=\"vertical-align: inherit;\"><span style=\"vertical-align: inherit;\"> es tan cercano a su Jefe, como lo es un Hermano?<\/span><\/span><\/span><\/p>\n<p style=\"text-align: justify;\"><span style=\"font-size: 14pt;\"><span style=\"vertical-align: inherit;\"><span style=\"vertical-align: inherit;\">Porque, tras un par de d\u00e9cadas alborotados, los corderos volvemos al <\/span><\/span><strong><span style=\"vertical-align: inherit;\"><span style=\"vertical-align: inherit;\">Dogma tradicional<\/span><\/span><\/strong><span style=\"vertical-align: inherit;\"><span style=\"vertical-align: inherit;\"> , el que conviene tanto a los Sucesores de Tecn\u00f3cratas y Nacionales Cat\u00f3licos, como a los causahabientes de los Falangista: la <\/span><\/span><strong><span style=\"vertical-align: inherit;\"><span style=\"vertical-align: inherit;\">Verdad Metaf\u00edsica<\/span><\/span><\/strong><span style=\"vertical-align: inherit;\"><span style=\"vertical-align: inherit;\"> , que satisface a los dos bandos de Dem\u00f3cratas de toda la vida que nos han tenido entretenidos estos \u00abotros\u00bb 40 a\u00f1os:<\/span><\/span><\/span><\/p>\n<p>&nbsp;<\/p>\n<p style=\"text-align: center;\"><strong><span style=\"font-size: 14pt; color: #008000;\"><span style=\"vertical-align: inherit;\"><span style=\"vertical-align: inherit;\">LOS JUEZES HAN HABLADO; <\/span><span style=\"vertical-align: inherit;\">QUE SE CALLE LA RAZ\u00d3N<\/span><\/span><\/span><\/strong><\/p>\n<p>&nbsp;<\/p>\n<p style=\"text-align: justify;\"><span style=\"font-size: 14pt;\"><span style=\"vertical-align: inherit;\"><span style=\"vertical-align: inherit;\">Porque la raz\u00f3n se resiste a comprender como es posible que se haya negado la investigaci\u00f3n judicial de los Cargos pol\u00edticos responsables, presuntamente y todo eso, de <\/span><\/span><strong><span style=\"vertical-align: inherit;\"><span style=\"vertical-align: inherit;\">la Muerte de 100.000 ancianos en las Residencias<\/span><\/span><\/strong><span style=\"vertical-align: inherit;\"><span style=\"vertical-align: inherit;\"> , abandonados a su suerte en plena pandemia, muchos de ellos solos. y desasistidos, quienes habiendo incluso <\/span><\/span><\/span><span style=\"font-size: 18.6667px;\"><span style=\"vertical-align: inherit;\"><span style=\"vertical-align: inherit;\">sido <\/span><\/span><\/span><span style=\"font-size: 14pt;\"><span style=\"vertical-align: inherit;\"><span style=\"vertical-align: inherit;\">prohibida la asistencia -y las mismas visitas- de sus hijos, familiares o allegados, tuvieron una de las muertes m\u00e1s espantosas: los dejaron morir de sed.<\/span><\/span><\/span><\/p>\n<p>&nbsp;<\/p>\n<p style=\"text-align: center;\"><strong><span style=\"color: #008000;\"><span style=\"font-size: 14pt;\"><span style=\"vertical-align: inherit;\"><span style=\"vertical-align: inherit;\">Porque la raz\u00f3n se resiste a comprender como es posible que se haya negado la investigaci\u00f3n judicial de los Cargos pol\u00edticos responsables, presuntamente y todo eso, de la Muerte de 100.000 ancianos en las Residencias, abandonados a su suerte en plena pandemia, muchos de ellos solos. y desasistidos, quienes habiendo incluso <\/span><\/span><\/span><span style=\"font-size: 18.6667px;\"><span style=\"vertical-align: inherit;\"><span style=\"vertical-align: inherit;\">sido <\/span><\/span><\/span><span style=\"font-size: 14pt;\"><span style=\"vertical-align: inherit;\"><span style=\"vertical-align: inherit;\">prohibida la asistencia -y las mismas visitas- de sus hijos, familiares o allegados, tuvieron una de las muertes m\u00e1s espantosas: los dejaron morir de sed.<\/span><\/span><\/span><\/span><\/strong><\/p>\n<\/blockquote>\n<blockquote>\n<p>&nbsp;<\/p>\n<p style=\"text-align: justify;\"><span style=\"font-size: 14pt;\"><span style=\"vertical-align: inherit;\"><span style=\"vertical-align: inherit;\">En el Tribunal Supremo, el Ministerio Fiscal se opuso a la admisi\u00f3n a tr\u00e1mite de las Querellas y Denuncias formuladas contra los Pol\u00edticos Aforados (m\u00e1s bien con Impunidad Garantizada) ante la Sala II del Tribunal Supremo, en bloque, sin estudiarlas individualmente, lo que <\/span><\/span><a href=\"https:\/\/noticias.juridicas.com\/actualidad\/noticias\/15856-el-tribunal-supremo-inadmite-las-denuncias-y-querellas-contra-el-gobierno-por-la-gestion-de-la-covid\/\" target=\"_blank\" rel=\"noopener\"><span style=\"vertical-align: inherit;\"><span style=\"vertical-align: inherit;\">as\u00ed fue decidido por los Magistrados de Dicha Sala II, de lo Penal, del Tribunal Supremo<\/span><\/span><\/a><span style=\"vertical-align: inherit;\"><span style=\"vertical-align: inherit;\"> .<\/span><\/span><\/span><\/p>\n<p style=\"text-align: justify;\"><span style=\"font-size: 14pt;\"><span style=\"vertical-align: inherit;\"><span style=\"vertical-align: inherit;\">Se negaron a investigar la horrible muerte de 100.000 ancianos bajo custodia p\u00fablica (en las Residencias de Ancianos del Estado), remitiendo las denuncias y querellas a los juzgados ordinarios, que en su inmensa mayor\u00eda se han perdido en el infinito judicial.\u00a0<\/span><\/span><\/span><\/p>\n<p style=\"text-align: justify;\"><span style=\"font-size: 14pt;\"><span style=\"vertical-align: inherit;\"><span style=\"vertical-align: inherit;\">Y ahora se llevan las manos a la cabeza por el dinero defraudado por los Impunes.<\/span><\/span><\/span><\/p>\n<p style=\"text-align: justify;\">\u00a0<\/p>\n<p>&nbsp;<\/p>\n<figure id=\"attachment_13049\" aria-describedby=\"caption-attachment-13049\" style=\"width: 440px\" class=\"wp-caption aligncenter\"><img loading=\"lazy\" decoding=\"async\" class=\"wp-image-13049\" src=\"https:\/\/puntocritico.com\/ausajpuntocritico\/wp-content\/uploads\/2018\/07\/justicia-tuerta-post-juez-alaya-ip-300x169.jpg\" alt=\"\" width=\"440\" height=\"247\" data-id=\"13049\" srcset=\"https:\/\/puntocritico.com\/ausajpuntocritico\/wp-content\/uploads\/2018\/07\/justicia-tuerta-post-juez-alaya-ip-300x169.jpg 300w, https:\/\/puntocritico.com\/ausajpuntocritico\/wp-content\/uploads\/2018\/07\/justicia-tuerta-post-juez-alaya-ip-267x150.jpg 267w, https:\/\/puntocritico.com\/ausajpuntocritico\/wp-content\/uploads\/2018\/07\/justicia-tuerta-post-juez-alaya-ip.jpg 678w\" sizes=\"auto, (max-width: 440px) 100vw, 440px\" \/><figcaption id=\"caption-attachment-13049\" class=\"wp-caption-text\"><span style=\"color: #008000;\"><strong><span style=\"vertical-align: inherit;\"><span style=\"vertical-align: inherit;\">Parciales e impunes, pero independientes<\/span><\/span><\/strong><span style=\"vertical-align: inherit;\"><span style=\"vertical-align: inherit;\"> ( <\/span><\/span><em><span style=\"vertical-align: inherit;\"><span style=\"vertical-align: inherit;\">de la Ley, no de la Corrupci\u00f3n<\/span><\/span><\/em><span style=\"vertical-align: inherit;\"><span style=\"vertical-align: inherit;\"> ), son los Jueces del R\u00e9gimen del 78&#8242;, los salvadores del PPSOE. <\/span><span style=\"vertical-align: inherit;\">No responden de sus actos m\u00e1s que ante ellos mismos.\u00a0<\/span><\/span><\/span><\/figcaption><\/figure><\/blockquote>\n<p style=\"text-align: center;\"><strong><span style=\"color: #008000; font-size: 18pt;\"><span style=\"vertical-align: inherit;\"><span style=\"vertical-align: inherit;\">*******<\/span><\/span><\/span><\/strong><\/p>\n<p style=\"text-align: justify;\"><span style=\"color: #008000;\"><span style=\"font-size: 14pt;\"><span style=\"vertical-align: inherit;\"><span style=\"vertical-align: inherit;\"><span style=\"vertical-align: inherit;\">KOLDOGATE, NUEVO CAP\u00cdTULO DE LA SAGA \u00abPPSOE Y COVID\u00bb<\/span><\/span><\/span><\/span><\/span><\/p>\n<h2 style=\"text-align: center;\"><span style=\"font-size: 24pt;\"><span style=\"vertical-align: inherit;\"><span style=\"vertical-align: inherit;\"><span style=\"vertical-align: inherit;\"><span style=\"vertical-align: inherit;\">JOS\u00c9 LUIS \u00c1BALOS Y KOLDO GARC\u00cdA: LOS CONTRATOS SANITARIOS, LAS JUERGAS Y SU ESTRECHA AMISTAD<\/span><\/span><\/span><\/span><\/span><\/h2>\n<p class=\"tno-general-single__article__header__excerpt\" style=\"text-align: center;\"><em><span style=\"font-size: 14pt;\"><strong><span style=\"vertical-align: inherit;\"><span style=\"vertical-align: inherit;\"><span style=\"vertical-align: inherit;\"><span style=\"vertical-align: inherit;\">El libro &#8216;Conexi\u00f3n Caracas-Moncloa&#8217;, del director de EL OBJETIVO, desvela todos los datos sobre el &#8216;Koldogate&#8217;<\/span><\/span><\/span><\/span><\/strong><\/span><\/em><\/p>\n<p style=\"text-align: justify;\"><span style=\"font-size: 14pt;\"><span style=\"vertical-align: inherit;\"><span style=\"vertical-align: inherit;\"><span style=\"vertical-align: inherit;\"><span style=\"vertical-align: inherit;\">Por \u00c1lvaro Nieto<\/span><\/span><\/span><\/span><\/span><\/p>\n<p style=\"text-align: justify;\"><span style=\"font-size: 14pt;\"><a href=\"https:\/\/theobjective.com\/espana\/2024-02-22\/koldo-garcia-contratos-pandemia-abalos\/\" target=\"_blank\" rel=\"noopener\"><span style=\"vertical-align: inherit;\"><span style=\"vertical-align: inherit;\"><span style=\"vertical-align: inherit;\"><span style=\"vertical-align: inherit;\">El Objetivo<\/span><\/span><\/span><\/span><\/a><span style=\"vertical-align: inherit;\"><span style=\"vertical-align: inherit;\"><span style=\"vertical-align: inherit;\"><span style=\"vertical-align: inherit;\"> , 22 DE FEBRERO DE 2024<\/span><\/span><\/span><\/span><\/span><\/p>\n<p><a href=\"https:\/\/puntocritico.com\/ausajpuntocritico\/2020\/05\/06\/abalos-real-estate-la-inmobiliaria-del-ibex-35-el-unico-paraiso-es-el-fiscal\/\"><img loading=\"lazy\" decoding=\"async\" class=\"aligncenter wp-image-2293931\" src=\"https:\/\/puntocritico.com\/ausajpuntocritico\/wp-content\/uploads\/2024\/02\/koldo-abalos-svriz-678x381.webp\" alt=\"\" width=\"555\" height=\"312\" data-id=\"2293931\" srcset=\"https:\/\/puntocritico.com\/ausajpuntocritico\/wp-content\/uploads\/2024\/02\/koldo-abalos-svriz-678x381.webp 678w, https:\/\/puntocritico.com\/ausajpuntocritico\/wp-content\/uploads\/2024\/02\/koldo-abalos-svriz-300x169.webp 300w, https:\/\/puntocritico.com\/ausajpuntocritico\/wp-content\/uploads\/2024\/02\/koldo-abalos-svriz-1024x576.webp 1024w, https:\/\/puntocritico.com\/ausajpuntocritico\/wp-content\/uploads\/2024\/02\/koldo-abalos-svriz-768x432.webp 768w, https:\/\/puntocritico.com\/ausajpuntocritico\/wp-content\/uploads\/2024\/02\/koldo-abalos-svriz.webp 1200w\" sizes=\"auto, (max-width: 555px) 100vw, 555px\" \/><\/a><\/p>\n<p>&nbsp;<\/p>\n<p style=\"text-align: center;\"><span style=\"font-size: 14pt;\"><strong><span style=\"vertical-align: inherit;\"><span style=\"vertical-align: inherit;\"><span style=\"vertical-align: inherit;\"><span style=\"vertical-align: inherit;\">POR SU INDUDABLE INTER\u00c9S, THE OBJETIVE PUBLICA A CONTINUACI\u00d3N UN EXTRACTO DEL LIBRO &#8216;CONEXI\u00d3N CARACAS MONCLOA&#8217;, PUBLICADO POR EL DIRECTOR DE THE OBJETIVE, \u00c1LVARO NIETO, EN FEBRERO DE 2022 EN LA EDITORIAL B.<\/span><\/span><\/span><\/span><\/strong><\/span><\/p>\n<p>&nbsp;<\/p>\n<p style=\"text-align: justify;\"><span style=\"font-size: 14pt;\"><span style=\"vertical-align: inherit;\"><span style=\"vertical-align: inherit;\"><span style=\"vertical-align: inherit;\"><span style=\"vertical-align: inherit;\">Cuando Jos\u00e9 Luis \u00c1balos llega a la sede central del PSOE como secretario de Organizaci\u00f3n, Santos Cerd\u00e1n, otro de los hombres de confianza de Pedro S\u00e1nchez, le recomienda la contrataci\u00f3n de Koldo Garc\u00eda Izaguirre como asistente personal. <\/span><\/span><\/span><span style=\"vertical-align: inherit;\"><span style=\"vertical-align: inherit;\"><span style=\"vertical-align: inherit;\">Cerd\u00e1n conoci\u00f3 a Garc\u00eda de su Navarra natal, donde hab\u00eda empezado a destacar dentro del partido como chico para todo.<\/span><\/span><\/span><\/span><\/span><\/p>\n<p style=\"text-align: justify;\"><span style=\"font-size: 14pt;\"><span style=\"vertical-align: inherit;\"><span style=\"vertical-align: inherit;\">Garc\u00eda, que no tiene estudios y cuyo historial laboral arranc\u00f3 como portero de algunos locales turbios en Pamplona, \u200b\u200benseguida se gana la confianza de \u00c1balos y este, cuando es nombrado ministro, se lo lleva como miembro de su gabinete. <\/span><span style=\"vertical-align: inherit;\">Pero es que adem\u00e1s lo coloca, entre otras bicocas, como consejero de la empresa p\u00fablica Renfe Mercanc\u00edas, esc\u00e1ndalo que tambi\u00e9n desvelamos cuando hicimos famoso a Garc\u00eda al publicar que hab\u00eda sido el que, en su coche particular, hab\u00eda trasladado al ministro a Barajas la noche. del &#8216;Delcygate&#8217;.<\/span><\/span><\/span><\/p>\n<p style=\"text-align: justify;\"><span style=\"font-size: 14pt;\"><span style=\"vertical-align: inherit;\"><span style=\"vertical-align: inherit;\">La vida de Garc\u00eda es un culebr\u00f3n en s\u00ed misma. <\/span><span style=\"vertical-align: inherit;\">La noche navarra le uni\u00f3 a Cerd\u00e1n, quien acab\u00f3 fich\u00e1ndolo de ch\u00f3fer del partido. <\/span><span style=\"vertical-align: inherit;\">Luego le propuso ir de relleno en la lista de las elecciones municipales en la localidad de Huarte, donde termin\u00f3 de concejal por una serie de rebotes. <\/span><span style=\"vertical-align: inherit;\">Cuando \u00c1balos se hizo cargo de la secretar\u00eda de Organizaci\u00f3n del PSOE, se incorpor\u00f3 como escolta y conductora ocasional. <\/span><span style=\"vertical-align: inherit;\">Y, finalmente, cuando el dirigente socialista entr\u00f3 en el Gobierno, se lo llev\u00f3 de asesor, dentro de los puestos de libre designaci\u00f3n que suelen tener los ministros. <\/span><span style=\"vertical-align: inherit;\">A \u00e9l ya su mujer, Patricia \u00dariz, a la que tambi\u00e9n coloc\u00f3on como ayudante de secretar\u00eda en el ministerio.<\/span><\/span><\/span><\/p>\n<p style=\"text-align: justify;\"><span style=\"font-size: 14pt;\"><span style=\"vertical-align: inherit;\"><span style=\"vertical-align: inherit;\">Cuando estall\u00f3 el &#8216;Delcygate&#8217;, y en respuesta a una pregunta parlamentaria, \u00c1balos justific\u00f3 la contrataci\u00f3n de Garc\u00eda porque \u00absalv\u00f3 la vida de dos polic\u00edas\u00bb. <\/span><span style=\"vertical-align: inherit;\">Y algo parecido tambi\u00e9n deb\u00eda pensar en \u00e9l S\u00e1nchez, pues el 23 de junio de 2014 le dedic\u00f3 un art\u00edculo en la red social Facebook. <\/span><span style=\"vertical-align: inherit;\">Bajo el t\u00edtulo \u00abEl \u00faltimo aizkolari socialista; <\/span><span style=\"vertical-align: inherit;\">un tit\u00e1n contra los desahucios\u00bb, el presidente del Gobierno afirmaba que Garc\u00eda es \u00abuno de los gigantes de la militancia en tierras navarras\u00bb, \u00abun guerrillero de grandes dimensiones f\u00edsicas y coraz\u00f3n comprometido, que es un referente pol\u00edtico en la lucha contra los efectos de la crisis y las pol\u00edticas de la derecha\u00bb. <\/span><span style=\"vertical-align: inherit;\">Y terminaba as\u00ed: \u00abUn inagotable aizkolari contra las injusticias, un ejemplo para la militancia\u00bb. <\/span><span style=\"vertical-align: inherit;\">A pesar de tantos elogios en el pasado, Garc\u00eda tambi\u00e9n fue destituido como consejero en Renfe Mercanc\u00edas en cuanto \u00c1balos sali\u00f3 del Gobierno.<\/span><\/span><\/span><\/p>\n<h3 id=\"h-episodios-truculentos\" class=\"wp-block-heading\" style=\"text-align: justify;\"><span style=\"font-size: 14pt;\"><span style=\"vertical-align: inherit;\"><span style=\"vertical-align: inherit;\">Episodios truculentos<\/span><\/span><\/span><\/h3>\n<p style=\"text-align: justify;\"><span style=\"font-size: 14pt;\"><span style=\"vertical-align: inherit;\"><span style=\"vertical-align: inherit;\">La historia de Garc\u00eda est\u00e1 plagada de episodios truculentos, hasta el punto de que ha sido condenado dos veces por agresiones. <\/span><span style=\"vertical-align: inherit;\">La primera de ellas, en 1991, se la impuso el Juzgado de lo Penal N\u00famero 3 de Pamplona y le acarre\u00f3 una pena de dos a\u00f1os y cuatro meses de c\u00e1rcel y la suspensi\u00f3n de todo cargo p\u00fablico por un delito de lesiones, aunque luego fue indultado. en 1996 por el Gobierno del Partido Popular. <\/span><span style=\"vertical-align: inherit;\">Y en 2011 fue condenado por el juzgado de instrucci\u00f3n n\u00famero 1 de Pamplona a una multa de 900 euros por haber agredido a una menor de edad que hab\u00eda entrado en un bar con una camiseta con la palabra \u00abIndependentzia\u00bb la noche que Espa\u00f1a gan\u00f3 el mundial. de f\u00fatbol. <\/span><span style=\"vertical-align: inherit;\">Acabaron los dos por los suelos en una pelea.<\/span><\/span><\/span><\/p>\n<p style=\"text-align: justify;\"><span style=\"font-size: 14pt;\"><span style=\"vertical-align: inherit;\"><span style=\"vertical-align: inherit;\">Por si eso fuera poco, Garc\u00eda particip\u00f3 en una trifulca que tuvo el ministro en un pub de M\u00e9rida en febrero de 2019. Y, c\u00f3mo no, tambi\u00e9n apareci\u00f3 en escena unos meses m\u00e1s tarde del &#8216;Delcygate&#8217; cuando se destap\u00f3 la famosa juerga de \u00c1balos. en las islas Canarias, en noviembre de 2020. El diario\u00a0 <\/span><\/span><em><span style=\"vertical-align: inherit;\"><span style=\"vertical-align: inherit;\">ABC\u00a0<\/span><\/span><\/em><span style=\"vertical-align: inherit;\"><span style=\"vertical-align: inherit;\"> hab\u00eda destapado que, tras una serie de actos oficiales en Las Palmas y Tenerife debido a una crisis migratoria, \u00c1balos hab\u00eda pasado un fin de semana con su familia y su s\u00e9quito en dos hoteles de lujo (Palacio de Isora y Santa Catalina) tras ir a visitar un viernes un centro de inmigrantes en Arguinegu\u00edn. <\/span><span style=\"vertical-align: inherit;\">La noticia puso el acento en la doble moral del ministro, capaz de organizarse una breve visita a los inmigrantes con tal de tener una excusa para, en mitad de la pandemia y con restricciones de movilidad en toda Espa\u00f1a, poder pasar unos d\u00edas de asueto.<\/span><\/span><\/span><\/p>\n<p style=\"text-align: justify;\"><span style=\"font-size: 14pt;\"><span style=\"vertical-align: inherit;\"><span style=\"vertical-align: inherit;\">Pero el problema de aquel viaje iba mucho m\u00e1s all\u00e1 de la doble moral. <\/span><span style=\"vertical-align: inherit;\">Como destap\u00f3 posteriormente mi compa\u00f1ero Antonio Rodr\u00edguez, Garc\u00eda lleg\u00f3 a pagar en met\u00e1lico y con billetes de 500 euros una factura de gastos extras de 1.800 euros que inclu\u00eda un masaje para \u00c1balos y diversas bebidas alcoh\u00f3licas, entre ellas varias botellas de champ\u00e1n de la marca Mo\u00ebt &amp; Chand\u00f3n. <\/span><span style=\"vertical-align: inherit;\">Seg\u00fan supimos m\u00e1s tarde, ese d\u00eda era el cumplea\u00f1os de uno de sus escoltas y decidi\u00f3 celebrarlo por todo lo alto.<\/span><\/span><\/span><\/p>\n<p style=\"text-align: justify;\"><span style=\"font-size: 14pt;\"><span style=\"vertical-align: inherit;\"><span style=\"vertical-align: inherit;\">Lo sorprendente, aparte de la juerga en s\u00ed, fue c\u00f3mo en Espa\u00f1a nadie parec\u00eda escandalizarse por el asunto. <\/span><span style=\"vertical-align: inherit;\">Se descubre que un asesor del Ministerio de Transportes ha pagado gastos particulares del ministro con billetes de 500 euros sacados de un sobre y casi nadie se pregunta de d\u00f3nde ha salido el dinero y qui\u00e9n ha pagado realmente la fiesta. <\/span><span style=\"vertical-align: inherit;\">\u00c1balos, obviamente, sali\u00f3 al paso de las informaciones diciendo que no se hab\u00eda utilizado dinero p\u00fablico.<\/span><\/span><\/span><\/p>\n<p style=\"text-align: justify;\"><span style=\"font-size: 14pt;\"><span style=\"vertical-align: inherit;\"><span style=\"vertical-align: inherit;\">En respuesta a preguntas del Partido Popular, el Gobierno contest\u00f3 en febrero de 2021 que el coste oficial del viaje (ministro, jefe de gabinete, dos asesores y dos escoltas) fue de 7.150 euros, al tiempo que empresarial que se hubiera abonado partida alguna al margen de la agenda oficial. <\/span><span style=\"vertical-align: inherit;\">Seg\u00fan \u00c1balos, el alojamiento de su mujer y de dos de sus hijos lo pag\u00f3 de su bolsillo: 381 euros por dormir en Tenerife y 168 por el hotel en Gran Canaria. <\/span><span style=\"vertical-align: inherit;\">No obstante, el PP sigui\u00f3 preguntando en d\u00edas posteriores si se hab\u00edan utilizado fondos reservados en ese viaje.<\/span><\/span><\/span><\/p>\n<p style=\"text-align: justify;\"><span style=\"font-size: 14pt;\"><span style=\"vertical-align: inherit;\"><span style=\"vertical-align: inherit;\">La versi\u00f3n de \u00c1balos deja muchos aristas sobre lo ocurrido. <\/span><span style=\"vertical-align: inherit;\">Si los gastos eran particulares, \u00bfpor qu\u00e9 los pag\u00f3 su asesor? <\/span><span style=\"vertical-align: inherit;\">\u00bfY por qu\u00e9 se pagaron en efectivo en lugar de usar la t\u00edpica tarjeta de cr\u00e9dito? <\/span><span style=\"vertical-align: inherit;\">En este punto conviene recordar que el propio Gobierno del PSOE puso en marcha un cambio en la legislaci\u00f3n espa\u00f1ola para evitar los pagos en efectivo superiores a 1.000 euros con la idea de combatir el lavado de dinero negro. <\/span><span style=\"vertical-align: inherit;\">\u00bfQu\u00e9 hac\u00eda un ministro de Espa\u00f1a movi\u00e9ndose con grandes sumas de dinero en efectivo?\u00bfDe d\u00f3nde sac\u00f3 ese dinero?<\/span><\/span><\/span><\/p>\n<p style=\"text-align: justify;\"><span style=\"font-size: 14pt;\"><span style=\"vertical-align: inherit;\"><span style=\"vertical-align: inherit;\">Las respuestas pueden ser muy variadas, pero fuentes del Ministerio de Transportes confirman que durante el mandato de \u00c1balos se siguieron procedimientos un tanto\u00a0 <\/span><\/span><em><span style=\"vertical-align: inherit;\"><span style=\"vertical-align: inherit;\">sui generis\u00a0<\/span><\/span><\/em><span style=\"vertical-align: inherit;\"><span style=\"vertical-align: inherit;\"> a la hora de justificar los gastos del ministro. <\/span><span style=\"vertical-align: inherit;\">De hecho, era habitual que Garc\u00eda se dotase de grandes sumas de dinero en efectivo antes de cualquier viaje para ir pagando los gastos que estaban surgiendo. <\/span><span style=\"vertical-align: inherit;\">La duda est\u00e1 en saber si tanto \u00c1balos como Garc\u00eda fueron lo suficientemente escrupulosos a la hora de separar los gastos particulares de los oficiales.<\/span><\/span><\/span><\/p>\n<p style=\"text-align: justify;\"><span style=\"font-size: 14pt;\"><span style=\"vertical-align: inherit;\"><span style=\"vertical-align: inherit;\">Garc\u00eda sol\u00eda viajar con tres sobres con dinero en efectivo. <\/span><span style=\"vertical-align: inherit;\">Uno para pagar los gastos del ministerio, otro para saldar las facturas relacionadas con el partido y un tercero para los gastillos del propio ministro. <\/span><span style=\"vertical-align: inherit;\">Extra\u00f1o m\u00e9todo en un mundo tan digitalizado, pero todo es posible. <\/span><span style=\"vertical-align: inherit;\">Como nunca se pudo crear una comisi\u00f3n de investigaci\u00f3n en el Parlamento para aclarar el asunto, nos quedaremos de momento con las ganas de saber si Garc\u00eda llevaba bien las cuentas.<\/span><\/span><\/span><\/p>\n<h3 id=\"h-inseparables\" class=\"wp-block-heading\" style=\"text-align: justify;\"><span style=\"font-size: 14pt;\"><span style=\"vertical-align: inherit;\"><span style=\"vertical-align: inherit;\">inseparables<\/span><\/span><\/span><\/h3>\n<p style=\"text-align: justify;\"><span style=\"font-size: 14pt;\"><span style=\"vertical-align: inherit;\"><span style=\"vertical-align: inherit;\">Koldo Garc\u00eda y Jos\u00e9 Luis \u00c1balos son inseparables, incluso aunque el segundo haya dejado de ser ministro. <\/span><span style=\"vertical-align: inherit;\">La prueba es que ambos visitaron juntos una vez pa\u00edses en los tres meses siguientes a su salida del Gobierno, entre ellos la Rep\u00fablica Dominicana y Guinea Ecuatorial. <\/span><span style=\"vertical-align: inherit;\">Y eso a pesar de que Garc\u00eda ha concedido desde hace a\u00f1os una invalidez parcial por una discapacidad en los dedos de un pie que, supuestamente, no le permite andar con normalidad. <\/span><span style=\"vertical-align: inherit;\">\u00abTrabajaba con permiso de la Seguridad Social\u00bb, se justifica desde el Ministerio de Transportes. <\/span><span style=\"vertical-align: inherit;\">En su momento pidi\u00f3 la invalidez completa, pero no se la dieron y lleg\u00f3 a pleitear.<\/span><\/span><\/span><\/p>\n<p style=\"text-align: justify;\"><span style=\"font-size: 14pt;\"><span style=\"vertical-align: inherit;\"><span style=\"vertical-align: inherit;\">Oficialmente, y seg\u00fan se han encargado de airear desde el Palacio de la Moncloa, \u00c1balos tuvo que salir del Gobierno debido a su vida disoluta, como desvel\u00f3 la periodista Ketty Garat enTHE OBJECTIVE <\/span><\/span><em><span style=\"vertical-align: inherit;\"><span style=\"vertical-align: inherit;\">.\u00a0<\/span><\/span><\/em><span style=\"vertical-align: inherit;\"><span style=\"vertical-align: inherit;\">Otras fuentes apuntan a diversos informes del Centro Nacional de Inteligencia (CNI) en donde supuestamente se mencionan hechos m\u00e1s graves.<\/span><\/span><\/span><\/p>\n<p style=\"text-align: justify;\"><span style=\"font-size: 14pt;\"><span style=\"vertical-align: inherit;\"><span style=\"vertical-align: inherit;\">Como desvelamos en su d\u00eda, \u00c1balos aprovech\u00f3 la pandemia para controlar personalmente buena parte de las compras de material sanitario que hizo el Gobierno en las primeras semanas de coronavirus. <\/span><span style=\"vertical-align: inherit;\">Gracias al estado de alarma, se pudo gastar grandes sumas de dinero sin seguir las normas tradicionales de contrataci\u00f3n. <\/span><span style=\"vertical-align: inherit;\">Se suprimieron los concursos p\u00fablicos y rein\u00f3 la adjudicaci\u00f3n directa.<\/span><\/span><\/span><\/p>\n<p style=\"text-align: justify;\"><span style=\"font-size: 14pt;\"><span style=\"vertical-align: inherit;\"><span style=\"vertical-align: inherit;\">El 14 de marzo de 2020, cuando el Ejecutivo aprob\u00f3 oficialmente el estado de alarma, Espa\u00f1a pas\u00f3 a tener un mando administrativo \u00fanico, al frente del cual estaba el presidente del Gobierno. <\/span><span style=\"vertical-align: inherit;\">Sin embargo, seg\u00fan el decreto aprobado ese d\u00eda, ese poder se delegaba en cuatro de sus ministros: Margarita Robles (Defensa), Fernando Grande-Marlaska (Interior), Jos\u00e9 Luis \u00c1balos (Transportes) y Salvador Illa (Sanidad).<\/span><\/span><\/span><\/p>\n<p style=\"text-align: justify;\"><span style=\"font-size: 14pt;\"><span style=\"vertical-align: inherit;\"><span style=\"vertical-align: inherit;\">Gracias a ese poder delegado, \u00c1balos firm\u00f3 una orden ministerial el 20 de marzo en la que el Ministerio de Transportes tom\u00f3 la compra de mascarillas. <\/span><span style=\"vertical-align: inherit;\">Hasta ese d\u00eda, era Sanidad quien llevaba el peso de la contrataci\u00f3n de material sanitario y no sin dificultades, porque el organismo dirigido por Illa apenas contaba con personal y recursos suficientes para afrontar una crisis de tanta magnitud: su ministerio se hab\u00eda quedado escu\u00e1lido al haber ido transfiriendo durante a\u00f1os las competencias sanitarias a las comunidades aut\u00f3nomas.<\/span><\/span><\/span><\/p>\n<p style=\"text-align: justify;\"><span style=\"font-size: 14pt;\"><span style=\"vertical-align: inherit;\"><span style=\"vertical-align: inherit;\">Por tanto, el Bolet\u00edn Oficial del Estado public\u00f3 la orden de \u00c1balos el s\u00e1bado 21 de marzo. <\/span><span style=\"vertical-align: inherit;\">En teor\u00eda, esa instrucci\u00f3n era para regular la compra y distribuci\u00f3n de mascarillas por parte del Ministerio de Transportes con el objetivo de garantizar el tr\u00e1nsito de mercanc\u00edas y viajeros en condiciones adecuadas durante la vigencia del estado de alarma.<\/span><\/span><\/span><\/p>\n<p style=\"text-align: justify;\"><span style=\"font-size: 14pt;\"><span style=\"vertical-align: inherit;\"><span style=\"vertical-align: inherit;\">El problema es que, al haber suprimido las tradicionales normas de adjudicaci\u00f3n de contratos en la administraci\u00f3n, la compra se hizo mediante adquisici\u00f3n centralizada, adjudicaci\u00f3n directa y tramitaci\u00f3n de emergencia. <\/span><span style=\"vertical-align: inherit;\">Es decir, se concedieron los contratos a dedo y se redujeron a la m\u00ednima expresi\u00f3n la transparencia y el control sobre los mismos.<\/span><\/span><\/span><\/p>\n<p style=\"text-align: justify;\"><span style=\"font-size: 14pt;\"><span style=\"vertical-align: inherit;\"><span style=\"vertical-align: inherit;\">Y luego pasa lo que pasa. <\/span><span style=\"vertical-align: inherit;\">El 14 de abril de 2020,\u00a0 <\/span><\/span><em><span style=\"vertical-align: inherit;\"><span style=\"vertical-align: inherit;\">Vozp\u00f3puli\u00a0<\/span><\/span><\/em><span style=\"vertical-align: inherit;\"><span style=\"vertical-align: inherit;\"> abr\u00eda su edici\u00f3n con el siguiente titular: \u00abEl Ministerio de Transportes compra ocho millones de mascarillas a una empresa sin experiencia en material sanitario\u00bb. <\/span><span style=\"vertical-align: inherit;\">La informaci\u00f3n estaba firmada por los periodistas Alberto Sanz, Antonio Rodr\u00edguez y Gonzalo Araluce.<\/span><\/span><\/span><\/p>\n<p style=\"text-align: justify;\"><span style=\"font-size: 14pt;\"><span style=\"vertical-align: inherit;\"><span style=\"vertical-align: inherit;\">Resulta que, en virtud de la orden ministerial del 20 de marzo, el ministerio dirigido por \u00c1balos hab\u00eda ordenado la compra de 8 millones de mascarillas a la empresa p\u00fablica Puertos del Estado y esa compra se adjudic\u00f3 a Soluciones de Gesti\u00f3n y Apoyo de Empresas SL, una sociedad completamente desconocida en el sector sanitario espa\u00f1ol y dedicada a la ejecuci\u00f3n de proyectos en \u00c1frica.<\/span><\/span><\/span><\/p>\n<p style=\"text-align: justify;\"><span style=\"font-size: 14pt;\"><span style=\"vertical-align: inherit;\"><span style=\"vertical-align: inherit;\">La compa\u00f1\u00eda, con sede en Zaragoza, ofrece supuestamente asesoramiento t\u00e9cnico a empresas en campos como la salud, la energ\u00eda o las infraestructuras agr\u00edcolas, y opera en pa\u00edses como Mauritania o T\u00fanez. <\/span><span style=\"vertical-align: inherit;\">No obstante, en abril de 2020, que es cuando fue contratada, la empresa llevaba casi tres a\u00f1os sin comunicar ning\u00fan proyecto, desde que particip\u00f3 en la construcci\u00f3n de una central el\u00e9ctrica en Angola en agosto de 2017.<\/span><\/span><\/span><\/p>\n<p style=\"text-align: justify;\"><span style=\"font-size: 14pt;\"><span style=\"vertical-align: inherit;\"><span style=\"vertical-align: inherit;\">Todo lo que rodea a la empresa Soluciones de Gesti\u00f3n huele especialmente mal. <\/span><span style=\"vertical-align: inherit;\">Pese a contar con apenas cinco trabajadores, seg\u00fan los datos del Registro Mercantil, logr\u00f3 contratos del Gobierno para la compra de material sanitario valorados en 40,5 millones de euros: dos de ellos del Ministerio de Transportes y otro del de Interior por recomendaci\u00f3n del equipo de \u00c1balos, seg\u00fan confes\u00f3 Marlaska en una respuesta parlamentaria<\/span><\/span><\/span><\/p>\n<p style=\"text-align: justify;\"><span style=\"font-size: 14pt;\"><span style=\"vertical-align: inherit;\"><span style=\"vertical-align: inherit;\">El primer contrato se hizo a trav\u00e9s de Puertos del Estado (24,2 millones de euros por 8 millones de mascarillas), el segundo a trav\u00e9s de Adif, el gestor de las infraestructuras ferroviarias (12,5 millones de euros por 5 millones de mascarillas). ) y el tercero fue obra de Interior (3,48 millones de euros por 1 mill\u00f3n de mascarillas). <\/span><span style=\"vertical-align: inherit;\">Las adjudicaciones se hicieron a hecho y con una sola oferta presentada. <\/span><span style=\"vertical-align: inherit;\">En el caso del departamento de Marlaska, lo m\u00e1s sorprendente es que la entrega de la oferta por parte de Soluciones de Gesti\u00f3n se hizo en mano, una pr\u00e1ctica casi erradicada en la Administraci\u00f3n General del Estado, pues la totalidad de las empresas utilizan la v\u00eda electr\u00f3nica. cuando entreguen la documentaci\u00f3n.<\/span><\/span><\/span><\/p>\n<h3 id=\"h-una-empresa-extrana\" class=\"wp-block-heading\" style=\"text-align: justify;\"><span style=\"font-size: 14pt;\"><span style=\"vertical-align: inherit;\"><span style=\"vertical-align: inherit;\">Una empresa extra\u00f1a<\/span><\/span><\/span><\/h3>\n<p style=\"text-align: justify;\"><span style=\"font-size: 14pt;\"><span style=\"vertical-align: inherit;\"><span style=\"vertical-align: inherit;\">As\u00ed pues, una compa\u00f1\u00eda que apenas hab\u00eda facturado 100.000 euros en sus \u00faltimas cuentas publicadas y que hab\u00eda arrojado unos n\u00fameros rojos de 1,1 millones de euros (a\u00f1o 2018), pas\u00f3 a convertirse en uno de los principales proveedores de mascarillas del Gobierno. <\/span><span style=\"vertical-align: inherit;\">Sin tener una gran experiencia en el sector y sin producir directamente el material, su misi\u00f3n se limit\u00f3 a intermediar con China, pero tampoco constaba que tuviera v\u00ednculos especiales con aquel pa\u00eds.<\/span><\/span><\/span><\/p>\n<p style=\"text-align: justify;\"><span style=\"font-size: 14pt;\"><span style=\"vertical-align: inherit;\"><span style=\"vertical-align: inherit;\">El Ministerio de Transportes y Puertos del Estado nunca aclararon por qu\u00e9 se recurri\u00f3 a esta empresa. <\/span><span style=\"vertical-align: inherit;\">Pero las principales firmas del sector sanitario espa\u00f1ol, y en especial las que se hab\u00edan dedicado tradicionalmente a importar material desde China, dieron de inmediato la voz de alarma y expresaron su malestar al Gobierno, lo que acab\u00f3 provocando que en los meses sucesivos el Ejecutivo fuera un poco m\u00e1s cauto en la adjudicaci\u00f3n a dedo de contratos y diversificara el n\u00famero de proveedores.<\/span><\/span><\/span><\/p>\n<p style=\"text-align: justify;\"><span style=\"font-size: 14pt;\"><span style=\"vertical-align: inherit;\"><span style=\"vertical-align: inherit;\">El accionista mayoritario de Soluciones de Gesti\u00f3n es Erromar Soluciones, con sede en Guecho (Bilbao). <\/span><span style=\"vertical-align: inherit;\">Y el administrador \u00fanico de esta sociedad es Purdey Investment, a quien representa a Jos\u00e9 \u00c1ngel Escorial Senante (tambi\u00e9n detenido por la Guardia Civil). <\/span><span style=\"vertical-align: inherit;\">Seg\u00fan public\u00f3\u00a0 <\/span><\/span><em><span style=\"vertical-align: inherit;\"><span style=\"vertical-align: inherit;\">El Mundo<\/span><\/span><\/em><span style=\"vertical-align: inherit;\"><span style=\"vertical-align: inherit;\"> , Escorial fund\u00f3 dos empresas\u00a0 <\/span><\/span><em><span style=\"vertical-align: inherit;\"><span style=\"vertical-align: inherit;\">offshore\u00a0<\/span><\/span><\/em><span style=\"vertical-align: inherit;\"><span style=\"vertical-align: inherit;\"> en Malta en septiembre de 2008: Delta Advisory and Management Services Limited y Arce Investment Consulting Limited. <\/span><span style=\"vertical-align: inherit;\">Adem\u00e1s, Escorial se presenta en las redes como consejero de un fondo especializado en el sector inmobiliario, Goya Global Holding, y es consejero delegado de la empresa Malta Capital, aunque no tiene actividad actualmente.<\/span><\/span><\/span><\/p>\n<p style=\"text-align: justify;\"><span style=\"font-size: 14pt;\"><span style=\"vertical-align: inherit;\"><span style=\"vertical-align: inherit;\">El d\u00eda 16 de abril de 2020,\u00a0 <\/span><\/span><em><span style=\"vertical-align: inherit;\"><span style=\"vertical-align: inherit;\">Vozp\u00f3puli\u00a0<\/span><\/span><\/em><span style=\"vertical-align: inherit;\"><span style=\"vertical-align: inherit;\"> destap\u00f3 que \u00abel proveedor de mascarillas de \u00c1balos es socio en Angola de una empresa procesada por corrupci\u00f3n\u00bb. <\/span><span style=\"vertical-align: inherit;\">Y es que Soluciones de Gesti\u00f3n se involucr\u00f3 en dos proyectos en Angola a trav\u00e9s de una Uni\u00f3n Temporal de Empresas (UTE), Boavista II, con Cueto Comercial 92, una compa\u00f1\u00eda procesada por corrupci\u00f3n en el caso Defex. <\/span><span style=\"vertical-align: inherit;\">La UTE se cre\u00f3 para la implantaci\u00f3n de una central t\u00e9rmica flotante y para construir un centro m\u00e9dico en Luanda.<\/span><\/span><\/span><\/p>\n<p style=\"text-align: justify;\"><span style=\"font-size: 14pt;\"><span style=\"vertical-align: inherit;\"><span style=\"vertical-align: inherit;\">La empresa Cueto Comercial 92 se hizo famosa en mayo de 2019 porque el magistrado Jos\u00e9 de la Mata la involucr\u00f3 en el presunto desv\u00edo y apropiaci\u00f3n de fondos en contratos de suministro de material policial. <\/span><span style=\"vertical-align: inherit;\">El juez detall\u00f3 que exist\u00edan indicios s\u00f3lidos de que esa sociedad y Defex, empresa p\u00fablica espa\u00f1ola de venta de armas, manten\u00edan una operativa en Angola para \u00abcontratos p\u00fablicos mediante el pago de comisiones il\u00edcitas a autoridades y funcionarios p\u00fablicos angole\u00f1os\u00bb. <\/span><span style=\"vertical-align: inherit;\">Curiosamente, la oficina de Soluciones de Gesti\u00f3n en Madrid est\u00e1 en el mismo edificio que la de Cueto.<\/span><\/span><\/span><\/p>\n<p style=\"text-align: justify;\"><span style=\"font-size: 14pt;\"><span style=\"vertical-align: inherit;\"><span style=\"vertical-align: inherit;\">Pese a las reiteradas consultas al Portal de la Transparencia y reclamaciones de informaci\u00f3n a las diferentes administraciones, los pliegos de estos contratos y los detalles de Soluciones de Gesti\u00f3n siguen siendo un misterio.<\/span><\/span><\/span><\/p>\n<p style=\"text-align: justify;\"><span style=\"font-size: 14pt;\"><span style=\"vertical-align: inherit;\"><span style=\"vertical-align: inherit;\">El esc\u00e1ndalo de las mascarillas, unido al Delcygate y posteriormente a su participaci\u00f3n directa en el rescate de Plus Ultra, han dejado a \u00c1balos con la permanente sombra de la corrupci\u00f3n a sus espaldas, si bien es cierto que todav\u00eda no se ha conseguido demostrar ninguna ilegalidad. en los tribunales y tampoco est\u00e1 claro si accionaba por inter\u00e9s propio o para beneficio de su partido. <\/span><span style=\"vertical-align: inherit;\">En este sentido, resulta extra\u00f1o que S\u00e1nchez le echase del Gobierno y del PSOE, pero le haya permitido conservar el esca\u00f1o en el Congreso de los Diputados, por lo que \u00c1balos mantiene el aforamiento y solo podr\u00eda ser juzgado por el Tribunal Supremo.<\/span><\/span><\/span><\/p>\n<p style=\"text-align: justify;\"><span style=\"font-size: 14pt;\"><span style=\"vertical-align: inherit;\"><span style=\"vertical-align: inherit;\">Todos los indicios apuntan a que \u00c1balos fue destituido de forma preventiva: S\u00e1nchez solt\u00f3 lastre ante el temor de lo que pudiera aparecer en el futuro. <\/span><span style=\"vertical-align: inherit;\">Y la prueba es que lo quit\u00f3 a la vez del Gobierno y del PSOE, para que no hubiera contaminaci\u00f3n posible cuando estallara la bomba. <\/span><span style=\"vertical-align: inherit;\">Eso s\u00ed, le dej\u00f3 con el esca\u00f1o y el aforamiento, por si acaso llega a tener problemas con la Justicia.<\/span><\/span><\/span><\/p>\n<p>&nbsp;<\/p>\n<blockquote>\n<p><a href=\"https:\/\/www.amazon.es\/Conexi%C3%B3n-Caracas-Moncloa-Delcygate-relaciones-Venezuela\/dp\/8466671102?&amp;linkCode=sl1&amp;tag=toredaccion-21&amp;linkId=8047a55bdacb1737294fcb99cefcddf7&amp;language=es_ES&amp;ref_=as_li_ss_tl\" target=\"_blank\" rel=\"noopener\"><img loading=\"lazy\" decoding=\"async\" class=\"aligncenter wp-image-2293936\" src=\"https:\/\/puntocritico.com\/ausajpuntocritico\/wp-content\/uploads\/2024\/02\/Conexion-Caracas-Moncloa-Alvaro-Nieto-Portada-198x300.webp\" alt=\"\" width=\"220\" height=\"334\" data-id=\"2293936\" srcset=\"https:\/\/puntocritico.com\/ausajpuntocritico\/wp-content\/uploads\/2024\/02\/Conexion-Caracas-Moncloa-Alvaro-Nieto-Portada-198x300.webp 198w, https:\/\/puntocritico.com\/ausajpuntocritico\/wp-content\/uploads\/2024\/02\/Conexion-Caracas-Moncloa-Alvaro-Nieto-Portada.webp 307w\" sizes=\"auto, (max-width: 220px) 100vw, 220px\" \/><\/a><\/p>\n<\/blockquote>\n<p style=\"text-align: center;\"><strong><span style=\"color: #008000; font-size: 18pt;\">*******<\/span><\/strong><\/p>\n<figure id=\"attachment_233153\" aria-describedby=\"caption-attachment-233153\" style=\"width: 400px\" class=\"wp-caption aligncenter\"><img loading=\"lazy\" decoding=\"async\" class=\"wp-image-233153\" src=\"https:\/\/puntocritico.com\/ausajpuntocritico\/wp-content\/uploads\/2020\/05\/Abalos-en-carnavales-disfrado-de-Harvey-Weinstein-300x200.jpg\" alt=\"\" width=\"400\" height=\"267\" data-id=\"233153\" srcset=\"https:\/\/puntocritico.com\/ausajpuntocritico\/wp-content\/uploads\/2020\/05\/Abalos-en-carnavales-disfrado-de-Harvey-Weinstein-300x200.jpg 300w, https:\/\/puntocritico.com\/ausajpuntocritico\/wp-content\/uploads\/2020\/05\/Abalos-en-carnavales-disfrado-de-Harvey-Weinstein-768x512.jpg 768w, https:\/\/puntocritico.com\/ausajpuntocritico\/wp-content\/uploads\/2020\/05\/Abalos-en-carnavales-disfrado-de-Harvey-Weinstein.jpg 937w\" sizes=\"auto, (max-width: 400px) 100vw, 400px\" \/><figcaption id=\"caption-attachment-233153\" class=\"wp-caption-text\"><span style=\"color: #008000;\">\u00c1balos, un pol\u00edtico vers\u00e1til. Aqu\u00ed, disfrazado de Harvey Weinstein<\/span><\/figcaption><\/figure>\n<blockquote>\n<p style=\"text-align: center;\"><span style=\"font-size: 18pt;\"><strong><span style=\"color: #008000;\"><span style=\"vertical-align: inherit;\">*******<\/span><\/span><\/strong><\/span><\/p>\n<\/blockquote>\n<div id=\"title\" class=\"style-scope ytd-watch-metadata\">\n<blockquote>\n<h3 class=\"style-scope ytd-watch-metadata\" style=\"text-align: center;\"><span style=\"font-size: 18pt;\"><span style=\"vertical-align: inherit;\">\u00c1lvaro Nieto explica todas las claves del &#8216;Koldogate&#8217; (V\u00eddeo)<\/span><\/span><\/h3>\n<\/blockquote>\n<\/div>\n<blockquote>\n<div id=\"top-row\" class=\"style-scope ytd-watch-metadata\">\n<div id=\"owner\" class=\"item style-scope ytd-watch-metadata\">\n<div id=\"container\" class=\"style-scope ytd-channel-name\">\n<div id=\"text-container\" class=\"style-scope ytd-channel-name\" style=\"text-align: justify;\"><span style=\"font-size: 14pt;\"><a href=\"https:\/\/www.youtube.com\/watch?v=NAa-FA6j-Fc\" target=\"_blank\" rel=\"noopener\"><span style=\"vertical-align: inherit;\">El Objetivo<\/span><\/a><span style=\"vertical-align: inherit;\"> , 22 FEBRERO 2024<\/span><\/span><\/div>\n<\/div>\n<\/div>\n<\/div>\n<p>&nbsp;<\/p>\n<p><span style=\"vertical-align: inherit;\">https:\/\/www.youtube.com\/watch?v=NAa-FA6j-Fc<\/span><\/p>\n<p>&nbsp;<\/p>\n<figure id=\"attachment_2293950\" aria-describedby=\"caption-attachment-2293950\" style=\"width: 360px\" class=\"wp-caption aligncenter\"><a href=\"https:\/\/www.youtube.com\/watch?v=NAa-FA6j-Fc\" target=\"_blank\" rel=\"noopener\"><img loading=\"lazy\" decoding=\"async\" class=\"wp-image-2293950\" src=\"https:\/\/puntocritico.com\/ausajpuntocritico\/wp-content\/uploads\/2024\/02\/Nieto-objective-300x140.png\" alt=\"\" width=\"360\" height=\"168\" data-id=\"2293950\" srcset=\"https:\/\/puntocritico.com\/ausajpuntocritico\/wp-content\/uploads\/2024\/02\/Nieto-objective-300x140.png 300w, https:\/\/puntocritico.com\/ausajpuntocritico\/wp-content\/uploads\/2024\/02\/Nieto-objective-1024x478.png 1024w, https:\/\/puntocritico.com\/ausajpuntocritico\/wp-content\/uploads\/2024\/02\/Nieto-objective-768x358.png 768w, https:\/\/puntocritico.com\/ausajpuntocritico\/wp-content\/uploads\/2024\/02\/Nieto-objective.png 1052w\" sizes=\"auto, (max-width: 360px) 100vw, 360px\" \/><\/a><figcaption id=\"caption-attachment-2293950\" class=\"wp-caption-text\"><span style=\"color: #008000;\"><a style=\"color: #008000;\" href=\"https:\/\/www.youtube.com\/watch?v=NAa-FA6j-Fc\" target=\"_blank\" rel=\"noopener\">Si el video no carga, pulsa en esta imagen<\/a><\/span><\/figcaption><\/figure><\/blockquote>\n<p style=\"text-align: center;\"><strong><span style=\"color: #008000; font-size: 18pt;\">***<\/span><\/strong><\/p>\n<h2 style=\"text-align: center;\"><span style=\"font-size: 24pt;\">EL OTRO FRENTE DEL PROVEEDOR DE KOLDO Y \u00c1BALOS: UN LITIGIO MILLONARIO CON UN MISTERIOSO PROVEEDOR CHINO<\/span><\/h2>\n<p style=\"text-align: center;\"><strong><em><span style=\"font-size: 14pt;\">Soluciones de Gesti\u00f3n y Apoyo a Empresas reclama m\u00e1s de 1 mill\u00f3n de euros a una sociedad especializada en la distribuci\u00f3n de material sanitario<\/span><\/em><\/strong><\/p>\n<p style=\"text-align: justify;\"><span style=\"font-size: 14pt;\">Por <a href=\"https:\/\/www.vozpopuli.com\/economia_y_finanzas\/otro-frente-proveedor-koldo-abalos.html#google_vignette\" target=\"_blank\" rel=\"noopener\">Alberto Sanz y Rub\u00e9n Arranz<\/a>, 25 FEBRERO 2024<\/span><\/p>\n<p>&nbsp;<\/p>\n<figure id=\"attachment_2294180\" aria-describedby=\"caption-attachment-2294180\" style=\"width: 480px\" class=\"wp-caption aligncenter\"><img loading=\"lazy\" decoding=\"async\" class=\"wp-image-2294180\" src=\"https:\/\/puntocritico.com\/ausajpuntocritico\/wp-content\/uploads\/2024\/02\/abalos_delorme-300x169.jpg\" alt=\"\" width=\"480\" height=\"270\" data-id=\"2294180\" srcset=\"https:\/\/puntocritico.com\/ausajpuntocritico\/wp-content\/uploads\/2024\/02\/abalos_delorme-300x169.jpg 300w, https:\/\/puntocritico.com\/ausajpuntocritico\/wp-content\/uploads\/2024\/02\/abalos_delorme-1024x576.jpg 1024w, https:\/\/puntocritico.com\/ausajpuntocritico\/wp-content\/uploads\/2024\/02\/abalos_delorme-768x432.jpg 768w, https:\/\/puntocritico.com\/ausajpuntocritico\/wp-content\/uploads\/2024\/02\/abalos_delorme-678x381.jpg 678w, https:\/\/puntocritico.com\/ausajpuntocritico\/wp-content\/uploads\/2024\/02\/abalos_delorme.jpg 1200w\" sizes=\"auto, (max-width: 480px) 100vw, 480px\" \/><figcaption id=\"caption-attachment-2294180\" class=\"wp-caption-text\"><span style=\"color: #008000;\">El exministro, Jos\u00e9 Luis \u00c1balos EUROPA PRESS<\/span><\/figcaption><\/figure>\n<p>&nbsp;<\/p>\n<p style=\"text-align: justify;\"><span style=\"font-size: 14pt;\">No todo fueron buenas noticias para la empresa investigada en el\u00a0\u2018caso Koldo\u2019\u00a0durante la pandemia. Un a\u00f1o despu\u00e9s de que el Gobierno le adjudicara varios contratos multimillonarios por parte del Gobierno de Espa\u00f1a y de algunas Administraciones socialistas, se vio obligada a acudir a la\u00a0Corte Internacional de Arbitraje de Par\u00eds\u00a0ante los problemas que encontr\u00f3 con un opaco proveedor chino de mascarillas.<\/span><\/p>\n<p style=\"text-align: justify;\"><span style=\"font-size: 14pt;\">As\u00ed lo reconoce el auditor de\u00a0Soluciones de Gesti\u00f3n y Apoyo a Empresas\u00a0en su informe cuentas de 2021, es decir, el \u00faltimo que est\u00e1 disponible en el Registro Mercantil, en el que eleva a\u00a01,53 millones de euros\u00a0el montante de este litigio, frente a los\u00a01,4 millones\u00a0que registr\u00f3 en el ejercicio anterior.<\/span><\/p>\n<p style=\"text-align: justify;\"><span style=\"font-size: 14pt;\">La entidad expresa que recurri\u00f3 a este \u00f3rgano de justicia por el \u2013considera- \u201cincumplimiento continuado por parte del proveedor\u201d, en cuya web \u2013china- figura como especialista en la distribuci\u00f3n de material sanitario. Entre otras cosas, del relacionado con las\u00a0mascarillas\u00a0y las\u00a0pruebas r\u00e1pidas de detecci\u00f3n de covid-19.<\/span><\/p>\n<h3 style=\"text-align: justify;\">Un contrato que acab\u00f3 en los tribunales<\/h3>\n<p style=\"text-align: justify;\"><span style=\"font-size: 14pt;\">El contrato entre las partes se rubric\u00f3 el 3 de abril de 2020, o sea, 18 d\u00edas despu\u00e9s de la declaraci\u00f3n del primer estado de alarma en Espa\u00f1a, cuando la demanda de m\u00e1scaras y equipos de protecci\u00f3n individual se dispar\u00f3 en todo el mundo y los diferentes pa\u00edses tuvieron que salir al mercado para comprarlo de forma urgente. Muchos de ellos miraron hacia Asia, donde encontraron proveedores de estos materiales.<\/span><\/p>\n<p style=\"text-align: justify;\"><span style=\"font-size: 14pt;\">Estos investigados dentro del \u2018<strong>caso Koldo<\/strong>\u2019 contactaron con la sociedad\u00a0<strong>HRH Holdings Limited<\/strong>\u00a0y llegaron a un acuerdo millonario. Sin embargo, las diferencias entre las partes provocaron que terminara en el tribunal parisino. En la base de datos de resoluciones no consta que este caso se haya resuelto.<\/span><\/p>\n<p style=\"text-align: justify;\"><span style=\"font-size: 14pt;\">Sea como sea, conviene tener presente que el primer contrato entre\u00a0<strong>Soluciones de Gesti\u00f3n y Apoyo a las Empresas S.L.<\/strong>\u00a0y el Ejecutivo se cerr\u00f3 el 21 de marzo de 2020, dos semanas despu\u00e9s de decretarse el estado de alarma, y su cliente fue el <strong>Ministerio de Transportes<\/strong>, una instituci\u00f3n que por entonces lideraba\u00a0Jos\u00e9 Luis \u00c1balos.<\/span><\/p>\n<p style=\"text-align: justify;\"><span style=\"font-size: 14pt;\">Este organismo compr\u00f3 entonces a trav\u00e9s de\u00a0Puertos del Estado, sociedad que depende de Transportes,\u00a0ocho millones de mascarillas FFP2 por un total de\u00a024 millones de euros, impuestos incluidos.<\/span><\/p>\n<p style=\"text-align: justify;\"><span style=\"font-size: 14pt;\">El segundo contrato con<strong> Soluciones de Gesti\u00f3n y Apoyo a las Empresas<\/strong> lleg\u00f3 cinco d\u00edas despu\u00e9s.\u00a0Cinco millones de mascarillas por\u00a012,5 millones de euros.\u00a0La compra de emergencia se realiz\u00f3 a trav\u00e9s de\u00a0<strong>Adif<\/strong>, una sociedad que tambi\u00e9n depende del organismo que dirig\u00eda Jos\u00e9 Luis \u00c1balos.<\/span><\/p>\n<p style=\"text-align: justify;\"><span style=\"font-size: 14pt;\">El siguiente cliente llegar\u00eda en abril y tambi\u00e9n llegar\u00eda del Gobierno que lidera\u00a0Pedro S\u00e1nchez. El Ministerio de Interior compr\u00f3 un mill\u00f3n de mascarillas a esta sociedad por 3,4 millones de euros,\u00a0seg\u00fan comentaban fuentes conocedoras de esta compra a\u00a0Vozp\u00f3puli, por recomendaci\u00f3n del propio Ministerio de Transportes.<\/span><\/p>\n<p style=\"text-align: justify;\"><span style=\"font-size: 14pt;\">Los siguientes en recurrir al material sanitario de esta micropyme zaragozana fueron dos gobiernos regionales, tambi\u00e9n del PSOE. El balear, presidido por\u00a0Francina Armengol, adjudic\u00f3 de emergencia y sin concurso un pedido de 3,7 millones de euros en mascarillas a Soluciones de Gesti\u00f3n. Por \u00faltimo, el equipo del socialista\u00a0\u00c1ngel V\u00edctor Torres,\u00a0presidente de Canarias, cerr\u00f3 tres contratos de suministro por un total de\u00a011,2 millones de euros\u00a0con esta sociedad.<\/span><\/p>\n<p style=\"text-align: justify;\"><span style=\"font-size: 14pt;\">Estos acuerdos hicieron que la empresa alcanzara\u00a0una facturaci\u00f3n de 53 millones de euros en 2020, seg\u00fan el Registro Mercantil, y 54 millones ,seg\u00fan la Fiscal\u00eda. En 2019, hab\u00eda obtenido 0 euros, mientras que en 2018, algo m\u00e1s de 100.000.<\/span><\/p>\n<p style=\"text-align: justify;\"><span style=\"font-size: 14pt;\">Un a\u00f1o despu\u00e9s de la declaraci\u00f3n de la pandemia, en 2021, la cifra de negocio disminuy\u00f3 hasta los 2 millones de euros. Fue entonces cuando acudi\u00f3 a la Corte de Par\u00eds.<\/span><\/p>\n<p style=\"text-align: justify;\"><span style=\"font-size: 14pt;\"><span style=\"vertical-align: inherit;\"><span style=\"vertical-align: inherit;\">Referencia a la Fiscal\u00eda Anticorrupci\u00f3n <\/span><\/span><\/span><br \/>\n<span style=\"font-size: 14pt;\"><span style=\"vertical-align: inherit;\"><span style=\"vertical-align: inherit;\">Llama la atenci\u00f3n que ya en su informe de cuentas de 2020, los gestores de Soluciones de Gesti\u00f3n y Apoyo a Empresas reconocieron que hab\u00edan tenido noticia, a trav\u00e9s de la prensa, de la apertura de una investigaci\u00f3n por parte de la Fiscal\u00eda Anticorrupci\u00f3n \u2013en 2022- \u201cdebido a las adjudicaciones concedidas por el Gobierno en el estado de alarma\u201d.<\/span><\/span><\/span><\/p>\n<p style=\"text-align: justify;\"><span style=\"font-size: 14pt;\"><span style=\"vertical-align: inherit;\"><span style=\"vertical-align: inherit;\">A este respecto, la empresa consider\u00f3 que \u201ctodas las operaciones realizadas a cabo durante la situaci\u00f3n extraordinaria de pandemia mundial (\u2026) se realizaron dentro de la legalidad\u201d.<\/span><\/span><\/span><\/p>\n<p>&nbsp;<\/p>\n<figure id=\"attachment_2293930\" aria-describedby=\"caption-attachment-2293930\" style=\"width: 555px\" class=\"wp-caption aligncenter\"><a href=\"https:\/\/puntocritico.com\/ausajpuntocritico\/2020\/05\/06\/abalos-real-estate-la-inmobiliaria-del-ibex-35-el-unico-paraiso-es-el-fiscal\/\"><img loading=\"lazy\" decoding=\"async\" class=\"wp-image-2293930\" src=\"https:\/\/puntocritico.com\/ausajpuntocritico\/wp-content\/uploads\/2024\/02\/ministro-fomento-funciones-jose-luis-abalos-dech-koldo-garcia-izaguirre-izq-llegada-congreso-2020_98-300x169.webp\" alt=\"\" width=\"555\" height=\"312\" data-id=\"2293930\" srcset=\"https:\/\/puntocritico.com\/ausajpuntocritico\/wp-content\/uploads\/2024\/02\/ministro-fomento-funciones-jose-luis-abalos-dech-koldo-garcia-izaguirre-izq-llegada-congreso-2020_98-300x169.webp 300w, https:\/\/puntocritico.com\/ausajpuntocritico\/wp-content\/uploads\/2024\/02\/ministro-fomento-funciones-jose-luis-abalos-dech-koldo-garcia-izaguirre-izq-llegada-congreso-2020_98-1024x576.webp 1024w, https:\/\/puntocritico.com\/ausajpuntocritico\/wp-content\/uploads\/2024\/02\/ministro-fomento-funciones-jose-luis-abalos-dech-koldo-garcia-izaguirre-izq-llegada-congreso-2020_98-768x432.webp 768w, https:\/\/puntocritico.com\/ausajpuntocritico\/wp-content\/uploads\/2024\/02\/ministro-fomento-funciones-jose-luis-abalos-dech-koldo-garcia-izaguirre-izq-llegada-congreso-2020_98-1536x864.webp 1536w, https:\/\/puntocritico.com\/ausajpuntocritico\/wp-content\/uploads\/2024\/02\/ministro-fomento-funciones-jose-luis-abalos-dech-koldo-garcia-izaguirre-izq-llegada-congreso-2020_98-678x381.webp 678w, https:\/\/puntocritico.com\/ausajpuntocritico\/wp-content\/uploads\/2024\/02\/ministro-fomento-funciones-jose-luis-abalos-dech-koldo-garcia-izaguirre-izq-llegada-congreso-2020_98-1320x743.webp 1320w, https:\/\/puntocritico.com\/ausajpuntocritico\/wp-content\/uploads\/2024\/02\/ministro-fomento-funciones-jose-luis-abalos-dech-koldo-garcia-izaguirre-izq-llegada-congreso-2020_98.webp 1900w\" sizes=\"auto, (max-width: 555px) 100vw, 555px\" \/><\/a><figcaption id=\"caption-attachment-2293930\" class=\"wp-caption-text\"><a href=\"https:\/\/puntocritico.com\/ausajpuntocritico\/2020\/05\/06\/abalos-real-estate-la-inmobiliaria-del-ibex-35-el-unico-paraiso-es-el-fiscal\/\"><span style=\"color: #008000;\"><span style=\"vertical-align: inherit;\"><span style=\"vertical-align: inherit;\"><span style=\"vertical-align: inherit;\"><span style=\"vertical-align: inherit;\">\u00ab\u00c1BALOS REAL ESTATE\u00bb, la inmobiliaria del IBEX 35 (el \u00fanico para\u00edso es el fiscal)<\/span><\/span><\/span><\/span><\/span><\/a><\/figcaption><\/figure>\n<p style=\"text-align: center;\"><span style=\"font-size: 18pt;\"><strong><span style=\"color: #008000;\"><span style=\"vertical-align: inherit;\"><span style=\"vertical-align: inherit;\"><span style=\"vertical-align: inherit;\"><span style=\"vertical-align: inherit;\">*******<\/span><\/span><\/span><\/span><\/span><\/strong><\/span><\/p>\n<h2 style=\"text-align: center;\"><span style=\"font-size: 24pt;\"><strong><span style=\"vertical-align: inherit;\"><span style=\"vertical-align: inherit;\"><span style=\"vertical-align: inherit;\"><span style=\"vertical-align: inherit;\">ISABELGATE: SUMINISTROS PARA LA PANDEMIA:\u00a0 <\/span><\/span><\/span><\/span><\/strong><\/span><strong><span style=\"font-size: 24.0pt;\"><span style=\"vertical-align: inherit;\"><span style=\"vertical-align: inherit;\"><span style=\"vertical-align: inherit;\"><span style=\"vertical-align: inherit;\">La corrupci\u00f3n del Gobierno de Isabel D\u00edaz Ayuso y la Directiva de Alertadores<\/span><\/span><\/span><\/span><\/span><\/strong><\/h2>\n<p style=\"text-align: center;\"><strong><span style=\"font-size: 14pt;\"><span style=\"text-align: justify;\"><span style=\"vertical-align: inherit;\"><span style=\"vertical-align: inherit;\"><span style=\"vertical-align: inherit;\"><span style=\"vertical-align: inherit;\">La <\/span><\/span><\/span><\/span><\/span><a style=\"text-align: justify;\" href=\"https:\/\/www.boe.es\/doue\/2019\/305\/L00017-00056.pdf\" target=\"_blank\" rel=\"noopener\"><span style=\"vertical-align: inherit;\"><span style=\"vertical-align: inherit;\"><span style=\"vertical-align: inherit;\"><span style=\"vertical-align: inherit;\">DIRECTIVA (UE) 2019\/1937 DEL PARLAMENTO EUROPEO Y DEL CONSEJO de 23 de octubre de 2019 relativa a la protecci\u00f3n de las personas que informan sobre infracciones del Derecho de la Uni\u00f3n <\/span><\/span><\/span><\/span><\/a><span style=\"text-align: justify;\"><span style=\"vertical-align: inherit;\"><span style=\"vertical-align: inherit;\"><span style=\"vertical-align: inherit;\"><span style=\"vertical-align: inherit;\">, cuyo plazo de trasposici\u00f3n al derecho interno espa\u00f1ol finaliz\u00f3 el d\u00eda 17 de diciembre de 2021, sin que hubiere sido traspuesta, resultando por ello directamente aplicable en Espa\u00f1a,<\/span><\/span><\/span><\/span><\/span><\/span><\/strong><strong><span style=\"font-size: 14pt;\"><span style=\"vertical-align: inherit;\"><span style=\"vertical-align: inherit;\"><span style=\"vertical-align: inherit;\"><span style=\"vertical-align: inherit;\"> exige la CONFIDENCIALIDAD DE LAS DENUNCIAS DE CORRUPCI\u00d3N, a fin de evitar que los Alertadores sean represaliados por los Corruptos, a quienes han denunciado. <\/span><\/span><\/span><span style=\"vertical-align: inherit;\"><span style=\"vertical-align: inherit;\"><span style=\"vertical-align: inherit;\">Y esa es quiz\u00e1s la cuesti\u00f3n principal de la Directiva, poner a cubierto de las represalias a los denunciantes de corrupci\u00f3n.<\/span><\/span><\/span><\/span><\/span><\/strong><\/p>\n<p style=\"text-align: center;\"><strong><span style=\"font-size: 14pt;\"><span style=\"vertical-align: inherit;\"><span style=\"vertical-align: inherit;\"><span style=\"vertical-align: inherit;\"><span style=\"vertical-align: inherit;\">\u00a0Y es este punto esencial el que se est\u00e1 destrozando con el \u00abCaso Ayuso\u00bb, llegando incluso a exigir que se identifique al denunciante inicial.<\/span><\/span><\/span><\/span><\/span><\/strong><\/p>\n<p style=\"text-align: justify;\"><span style=\"font-size: 14pt;\"><span style=\"vertical-align: inherit;\"><span style=\"vertical-align: inherit;\"><span style=\"vertical-align: inherit;\"><span style=\"vertical-align: inherit;\">Por Jes\u00fas D\u00edaz Formoso, 20 FEB 2022<\/span><\/span><\/span><\/span><\/span><\/p>\n<p style=\"text-align: justify;\"><span style=\"font-size: 14pt;\"><span style=\"vertical-align: inherit;\"><span style=\"vertical-align: inherit;\"><span style=\"vertical-align: inherit;\"><span style=\"vertical-align: inherit;\">abogado<\/span><\/span><\/span><\/span><\/span><\/p>\n<figure id=\"attachment_2241256\" aria-describedby=\"caption-attachment-2241256\" style=\"width: 620px\" class=\"wp-caption aligncenter\"><img loading=\"lazy\" decoding=\"async\" class=\"wp-image-2241256 size-full\" src=\"https:\/\/puntocritico.com\/ausajpuntocritico\/wp-content\/uploads\/2022\/02\/tomasdiazayuso-k0AB-620x349@abc.jpg\" alt=\"ISABELGATE: SUMINISTROS PARA LA PANDEMIA: LA PRESUNTA CORRUPCI\u00d3N DE ISABEL D\u00cdAZ AYUSO Y LA DIRECTIVA DE ALERTADORES\" width=\"620\" height=\"349\" data-id=\"2241256\" srcset=\"https:\/\/puntocritico.com\/ausajpuntocritico\/wp-content\/uploads\/2022\/02\/tomasdiazayuso-k0AB-620x349@abc.jpg 620w, https:\/\/puntocritico.com\/ausajpuntocritico\/wp-content\/uploads\/2022\/02\/tomasdiazayuso-k0AB-620x349@abc-300x169.jpg 300w, https:\/\/puntocritico.com\/ausajpuntocritico\/wp-content\/uploads\/2022\/02\/tomasdiazayuso-k0AB-620x349@abc-610x343.jpg 610w\" sizes=\"auto, (max-width: 620px) 100vw, 620px\" \/><figcaption id=\"caption-attachment-2241256\" class=\"wp-caption-text\"><span style=\"color: #008000;\"><span style=\"vertical-align: inherit;\"><span style=\"vertical-align: inherit;\"><span style=\"vertical-align: inherit;\"><span style=\"vertical-align: inherit;\">Isabel D\u00edaz Ayuso con su hermano Tom\u00e1s, enriquecido por la contrataci\u00f3n de suministros Urgentes durante la terrible Pandemia de COVID-19. <\/span><\/span><\/span><span style=\"vertical-align: inherit;\"><span style=\"vertical-align: inherit;\"><span style=\"vertical-align: inherit;\">Enriquecido con la tragedia, gracias al Gobierno que preside su hermana Isabel. <\/span><\/span><\/span><span style=\"vertical-align: inherit;\"><span style=\"vertical-align: inherit;\"><span style=\"vertical-align: inherit;\">No ser\u00e1 Delito, pero apesta.<\/span><\/span><\/span><\/span><\/span><\/figcaption><\/figure>\n<p>&nbsp;<\/p>\n<p style=\"text-align: justify;\"><span style=\"font-size: 14pt;\"><span style=\"vertical-align: inherit;\"><span style=\"vertical-align: inherit;\"><span style=\"vertical-align: inherit;\"><span style=\"vertical-align: inherit;\">La cara de la empat\u00eda, que tanto han agradecido tantos, Isabel D\u00edaz Ayuso, t\u00e9cnica en Marketing y Presidenta de la Comunidad Aut\u00f3noma de Madrid (CAM), acusada de Tr\u00e1fico de Influencias, Malversaci\u00f3n de Caudales P\u00fablicos y otros delitos relacionados en la contrataci\u00f3n de suministros de mascarillas para la CAM, adjudicado por el procedimiento de emergencia el 1 de abril de 2020.<\/span><\/span><\/span><\/span><\/span><\/p>\n<p style=\"text-align: justify;\"><span style=\"font-size: 14pt;\"><span style=\"vertical-align: inherit;\"><span style=\"vertical-align: inherit;\"><span style=\"vertical-align: inherit;\"><span style=\"vertical-align: inherit;\">Conforme a la escasa informaci\u00f3n disponible, y pese a los r\u00edos de tinta que est\u00e1n manchando la verdad desde la prensa corrupta del R\u00e9gimen del 78&#8242;, sabemos que el hermano de la Presidenta de la CAM habr\u00eda contratado con la propia CAM, mediante persona interpuesta, la <\/span><\/span><\/span><\/span><\/span><span style=\"font-size: 18.6667px;\"><span style=\"vertical-align: inherit;\"><span style=\"vertical-align: inherit;\"><span style=\"vertical-align: inherit;\"><span style=\"vertical-align: inherit;\">empresa <\/span><\/span><\/span><\/span><\/span><strong style=\"font-size: 18.6667px;\"><span style=\"vertical-align: inherit;\"><span style=\"vertical-align: inherit;\"><span style=\"vertical-align: inherit;\"><span style=\"vertical-align: inherit;\">Priviet Sportive <\/span><\/span><\/span><\/span><\/strong><span style=\"font-size: 18.6667px;\"><strong><span style=\"vertical-align: inherit;\"><span style=\"vertical-align: inherit;\"><span style=\"vertical-align: inherit;\"><span style=\"vertical-align: inherit;\">, SL<\/span><\/span><\/span><\/span><\/strong><span style=\"vertical-align: inherit;\"><span style=\"vertical-align: inherit;\"><span style=\"vertical-align: inherit;\"><span style=\"vertical-align: inherit;\"> , que estar\u00eda controlada por <\/span><\/span><\/span><\/span><\/span><span style=\"font-size: 14pt;\"><span style=\"vertical-align: inherit;\"><span style=\"vertical-align: inherit;\"><span style=\"vertical-align: inherit;\"><span style=\"vertical-align: inherit;\">un amigo de la infancia de los hermanos D\u00edaz Ayuso.<\/span><\/span><\/span><\/span><\/span><\/p>\n<p style=\"text-align: justify;\"><span style=\"font-size: 14pt;\"><span style=\"vertical-align: inherit;\"><span style=\"vertical-align: inherit;\"><span style=\"vertical-align: inherit;\"><span style=\"vertical-align: inherit;\">Dicha mercantil, <\/span><\/span><\/span><\/span><strong style=\"font-size: 18.6667px;\"><span style=\"vertical-align: inherit;\"><span style=\"vertical-align: inherit;\"><span style=\"vertical-align: inherit;\"><span style=\"vertical-align: inherit;\">Priviet Sportive <\/span><\/span><\/span><\/span><\/strong><span style=\"font-size: 18.6667px;\"><span style=\"vertical-align: inherit;\"><span style=\"vertical-align: inherit;\"><span style=\"vertical-align: inherit;\"><span style=\"vertical-align: inherit;\">,<\/span><\/span><\/span><\/span><\/span><span style=\"vertical-align: inherit;\"><span style=\"vertical-align: inherit;\"><span style=\"vertical-align: inherit;\"><span style=\"vertical-align: inherit;\"> obtuvo la adjudicaci\u00f3n del contrato p\u00fablico, tramitado por el procedimiento de urgencia, del Servicio de Salud de la CAM ( <\/span><\/span><\/span><\/span><em><span style=\"vertical-align: inherit;\"><span style=\"vertical-align: inherit;\"><span style=\"vertical-align: inherit;\"><span style=\"vertical-align: inherit;\">Servicio Madrile\u00f1o de Salud, que es el ente de derecho p\u00fablico encargado del sistema de prestaciones sanitarias en la Comunidad de Madrid<\/span><\/span><\/span><\/span><\/em><span style=\"vertical-align: inherit;\"><span style=\"vertical-align: inherit;\"><span style=\"vertical-align: inherit;\"><span style=\"vertical-align: inherit;\"> ), para el suministro de mascarillas, <\/span><\/span><\/span><\/span><strong><span style=\"vertical-align: inherit;\"><span style=\"vertical-align: inherit;\"><span style=\"vertical-align: inherit;\"><span style=\"vertical-align: inherit;\">en un momento en que su adquisici\u00f3n resultaba especialmente urgente, ya unos precios muy inferiores a los que, entonces, marcaba un mercado lastrado por la escasez<\/span><\/span><\/span><\/span><\/strong><span style=\"vertical-align: inherit;\"><span style=\"vertical-align: inherit;\"><span style=\"vertical-align: inherit;\"><span style=\"vertical-align: inherit;\"> de este tipo de suministros.\u00a0<\/span><\/span><\/span><\/span><\/span><\/p>\n<p style=\"text-align: justify;\"><span style=\"font-size: 14pt;\"><span style=\"vertical-align: inherit;\"><span style=\"vertical-align: inherit;\"><span style=\"vertical-align: inherit;\"><span style=\"vertical-align: inherit;\">Mientras que, seg\u00fan el PP, la denuncia del Alertador ( <\/span><\/span><\/span><\/span><em><span style=\"vertical-align: inherit;\"><span style=\"vertical-align: inherit;\"><span style=\"vertical-align: inherit;\"><span style=\"vertical-align: inherit;\">seg\u00fan nos cuentan, porque nosotros, el pueblo, los que pagamos todas las rondas corruptas, no sabemos m\u00e1s que lo que quieren decirnos<\/span><\/span><\/span><\/span><\/em><span style=\"vertical-align: inherit;\"><span style=\"vertical-align: inherit;\"><span style=\"vertical-align: inherit;\"><span style=\"vertical-align: inherit;\"> ) se refiere a unas comisiones por importaci\u00f3n de 286.000 euros, la Presidenta ha reducido la cantidad a 55.000 euros, que habr\u00eda facturado a <\/span><\/span><\/span><\/span><strong style=\"font-size: 18.6667px;\"><span style=\"vertical-align: inherit;\"><span style=\"vertical-align: inherit;\"><span style=\"vertical-align: inherit;\"><span style=\"vertical-align: inherit;\">Priviet Sportive &#8211;<\/span><\/span><\/span><\/span><\/strong><span style=\"vertical-align: inherit;\"><span style=\"vertical-align: inherit;\"><span style=\"vertical-align: inherit;\"><span style=\"vertical-align: inherit;\"> y no a la CAM- el propio hermano de Isabel D\u00edaz Ayuso, en concepto de \u00abGesti\u00f3n\u00bb ( <\/span><\/span><\/span><\/span><em><span style=\"vertical-align: inherit;\"><span style=\"vertical-align: inherit;\"><span style=\"vertical-align: inherit;\"><span style=\"vertical-align: inherit;\">\u00bfqu\u00e9 gesti\u00f3n?<\/span><\/span><\/span><\/span><\/em><span style=\"vertical-align: inherit;\"><span style=\"vertical-align: inherit;\"><span style=\"vertical-align: inherit;\"><span style=\"vertical-align: inherit;\"> ), negando su condici\u00f3n de comisionista, sin argumentos atendibles, solo cambiando una palabra por otra.<\/span><\/span><\/span><\/span><\/span><\/p>\n<p style=\"text-align: justify;\"><span style=\"font-size: 14pt;\"><span style=\"vertical-align: inherit;\"><span style=\"vertical-align: inherit;\"><span style=\"vertical-align: inherit;\"><span style=\"vertical-align: inherit;\">Pero lo que nos interesa son los Hechos, no las palabras. <\/span><\/span><\/span><span style=\"vertical-align: inherit;\"><span style=\"vertical-align: inherit;\"><span style=\"vertical-align: inherit;\">Las palabras de Ayuso fueron \u00ab <\/span><\/span><\/span><\/span><em><span style=\"vertical-align: inherit;\"><span style=\"vertical-align: inherit;\"><span style=\"vertical-align: inherit;\"><span style=\"vertical-align: inherit;\">La factura a Priviet Sportive no es una comisi\u00f3n por obtener el contrato de la Administraci\u00f3n, sino el cobro de las gestiones realizadas para conseguir el material en China y su traslado a Madrid, que es distinto. <\/span><\/span><\/span><span style=\"vertical-align: inherit;\"><span style=\"vertical-align: inherit;\"><span style=\"vertical-align: inherit;\">Es una contraprestaci\u00f3n por su trabajo, no una comisi\u00f3n por intermediaci\u00f3n<\/span><\/span><\/span><\/span><\/em><span style=\"vertical-align: inherit;\"><span style=\"vertical-align: inherit;\"><span style=\"vertical-align: inherit;\"><span style=\"vertical-align: inherit;\"> \u00bb.\u00a0<\/span><\/span><\/span><\/span><\/span><\/p>\n<p style=\"text-align: justify;\"><span style=\"font-size: 14pt;\"><span style=\"vertical-align: inherit;\"><span style=\"vertical-align: inherit;\"><span style=\"vertical-align: inherit;\"><span style=\"vertical-align: inherit;\">Como acertadamente se\u00f1ala al respecto el periodista, <\/span><\/span><\/span><\/span><a href=\"https:\/\/www.abc.es\/espana\/abci-tres-facturas-ayuso-deja-fuera-principal-laguna-explicaciones-202202190224_noticia.html#ancla_comentarios\" target=\"_blank\" rel=\"noopener\" data-schema-attribute=\"\"><span style=\"vertical-align: inherit;\"><span style=\"vertical-align: inherit;\"><span style=\"vertical-align: inherit;\"><span style=\"vertical-align: inherit;\">Javier Chicote, en ABC<\/span><\/span><\/span><\/span><\/a><span style=\"vertical-align: inherit;\"><span style=\"vertical-align: inherit;\"><span style=\"vertical-align: inherit;\"><span style=\"vertical-align: inherit;\"> , \u00bb <\/span><\/span><\/span><\/span><em><span style=\"vertical-align: inherit;\"><span style=\"vertical-align: inherit;\"><span style=\"vertical-align: inherit;\"><span style=\"vertical-align: inherit;\">Lo cierto es que los comisionistas -legales, por supuesto- obtienen un porcentaje a cambio de su trabajo, de las gestiones que realizan, por lo que no se entiende demasiado bien esa distinci\u00f3n que hace Ayuso<\/span><\/span><\/span><\/span><\/em><span style=\"vertical-align: inherit;\"><span style=\"vertical-align: inherit;\"><span style=\"vertical-align: inherit;\"><span style=\"vertical-align: inherit;\"> \u00ab.<\/span><\/span><\/span><\/span><\/span><\/p>\n<p style=\"text-align: justify;\"><span style=\"font-size: 14pt;\"><span style=\"vertical-align: inherit;\"><span style=\"vertical-align: inherit;\"><span style=\"vertical-align: inherit;\"><span style=\"vertical-align: inherit;\">En efecto, como declara Pablo Casado en la COPE \u00bb <\/span><\/span><\/span><\/span><em><span style=\"vertical-align: inherit;\"><span style=\"vertical-align: inherit;\"><span style=\"vertical-align: inherit;\"><span style=\"vertical-align: inherit;\">mientras mor\u00edan en Espa\u00f1a 700 personas al d\u00eda se firmaba una venta de mascarillas contratando con tu hermana para recibir 300.000 euros de beneficios<\/span><\/span><\/span><\/span><\/em><span style=\"vertical-align: inherit;\"><span style=\"vertical-align: inherit;\"><span style=\"vertical-align: inherit;\"><span style=\"vertical-align: inherit;\"> \u00ab. <\/span><\/span><\/span><span style=\"vertical-align: inherit;\"><span style=\"vertical-align: inherit;\"><span style=\"vertical-align: inherit;\">Escuchando las exculpaciones de Ayuso, parecer\u00eda que, sustituyendo la palabra \u00bb <\/span><\/span><\/span><\/span><em><span style=\"vertical-align: inherit;\"><span style=\"vertical-align: inherit;\"><span style=\"vertical-align: inherit;\"><span style=\"vertical-align: inherit;\">comisi\u00f3n<\/span><\/span><\/span><\/span><\/em><span style=\"vertical-align: inherit;\"><span style=\"vertical-align: inherit;\"><span style=\"vertical-align: inherit;\"><span style=\"vertical-align: inherit;\"> \u00bb por la palabra \u00bb <\/span><\/span><\/span><\/span><em><span style=\"vertical-align: inherit;\"><span style=\"vertical-align: inherit;\"><span style=\"vertical-align: inherit;\"><span style=\"vertical-align: inherit;\">gesti\u00f3n<\/span><\/span><\/span><\/span><\/em><span style=\"vertical-align: inherit;\"><span style=\"vertical-align: inherit;\"><span style=\"vertical-align: inherit;\"><span style=\"vertical-align: inherit;\"> \u00ab, y rebajando a 55.000 los euros fundidos, \u00bfya es admisible el presunto fraude y resulta inadmisible investigarlo?<\/span><\/span><\/span><\/span><\/span><\/p>\n<p style=\"text-align: justify;\"><span style=\"font-size: 14pt;\"><span style=\"vertical-align: inherit;\"><span style=\"vertical-align: inherit;\"><span style=\"vertical-align: inherit;\"><span style=\"vertical-align: inherit;\">En absoluto. <\/span><\/span><\/span><span style=\"vertical-align: inherit;\"><span style=\"vertical-align: inherit;\"><span style=\"vertical-align: inherit;\">Ha de investigarse, y todos debemos estar al resultado de la Investigaci\u00f3n (que, en mi opini\u00f3n, dif\u00edcilmente podr\u00e1 tener resultado incriminatorio para los hermanos D\u00edaz Ayuso, si bien ello en nada obsta a que la investigaci\u00f3n haya de ser sustanciada).<\/span><\/span><\/span><\/span><\/span><\/p>\n<p style=\"text-align: justify;\"><span style=\"font-size: 14pt;\"><span style=\"vertical-align: inherit;\"><span style=\"vertical-align: inherit;\">Por otra parte, y dejando al margen todo lo relativo a los <\/span><\/span><strong><span style=\"vertical-align: inherit;\"><span style=\"vertical-align: inherit;\">Procedimientos de \u00bb <\/span><\/span><a href=\"https:\/\/puntocritico.com\/ausajpuntocritico\/2017\/07\/03\/3577\/\"><span style=\"vertical-align: inherit;\"><span style=\"vertical-align: inherit;\">Compliance<\/span><\/span><\/a><span style=\"vertical-align: inherit;\"><span style=\"vertical-align: inherit;\"> \u00ab<\/span><\/span><\/strong><span style=\"vertical-align: inherit;\"><span style=\"vertical-align: inherit;\"> ( <\/span><\/span><em><span style=\"vertical-align: inherit;\"><span style=\"vertical-align: inherit;\">conjunto de procedimientos y buenas pr\u00e1cticas adoptadas por las organizaciones para identificar y clasificar los riesgos operativos y legales a los que se enfrentan y establecer mecanismos internos de prevenci\u00f3n, gesti\u00f3n, control y reacci\u00f3n frente a los mismos<\/span><\/span><\/em><span style=\"vertical-align: inherit;\"><span style=\"vertical-align: inherit;\"> ) que, en muchos casos, ha dejado de ser una opci\u00f3n voluntaria para las organizaciones -p\u00fablicas y privadas- y ha pasado a ser un <\/span><\/span><strong><span style=\"vertical-align: inherit;\"><span style=\"vertical-align: inherit;\">requisito a integrar<\/span><\/span><\/strong><span style=\"vertical-align: inherit;\"><span style=\"vertical-align: inherit;\"> \u00a0dentro de su estrategia y estructuras internas a fin de\u00a0 <\/span><\/span><strong><span style=\"vertical-align: inherit;\"><span style=\"vertical-align: inherit;\">Dar cumplimiento a los preceptos legales o protegerse ante situaciones de riesgo<\/span><\/span><\/strong><span style=\"vertical-align: inherit;\"><span style=\"vertical-align: inherit;\"> que pondr\u00edan en serios problemas la estabilidad y continuidad de la actividad de la organizaci\u00f3n, <\/span><\/span><strong><span style=\"vertical-align: inherit;\"><span style=\"vertical-align: inherit;\">nos centraremos \u00fanicamente en la Protecci\u00f3n legalmente establecida a favor de los \u00abDenunciantes de Corrupci\u00f3n\u00bb ( <\/span><\/span><em><span style=\"vertical-align: inherit;\"><span style=\"vertical-align: inherit;\">Alertadores o Whistleblowers<\/span><\/span><\/em><span style=\"vertical-align: inherit;\"><span style=\"vertical-align: inherit;\"> )<\/span><\/span><\/strong><span style=\"vertical-align: inherit;\"><span style=\"vertical-align: inherit;\"> .<\/span><\/span><\/span><\/p>\n<p style=\"text-align: justify;\"><span style=\"font-size: 14pt;\"><span style=\"vertical-align: inherit;\"><span style=\"vertical-align: inherit;\">As\u00ed, la <\/span><\/span><span style=\"text-align: justify;\"><span style=\"vertical-align: inherit;\"><span style=\"vertical-align: inherit;\">DIRECTIVA <\/span><\/span><\/span><a style=\"text-align: justify;\" href=\"https:\/\/www.boe.es\/doue\/2019\/305\/L00017-00056.pdf\" target=\"_blank\" rel=\"noopener\" data-schema-attribute=\"\"><span style=\"vertical-align: inherit;\"><span style=\"vertical-align: inherit;\">(UE) 2019\/1937 DEL PARLAMENTO EUROPEO Y DEL CONSEJO de 23 de octubre de 2019 relativa a la protecci\u00f3n de las personas que informan sobre infracciones del Derecho de la Uni\u00f3n <\/span><\/span><\/a><span style=\"text-align: justify;\"><span style=\"vertical-align: inherit;\"><span style=\"vertical-align: inherit;\">, cuyo plazo para ser traspuesta al derecho interno espa\u00f1ol finaliz\u00f3 el d\u00eda 17 de diciembre de 2021, sin que hubiere sido traspuesta, resulta por ello directamente aplicable en Espa\u00f1a.\u00a0<\/span><\/span><\/span><\/span><\/p>\n<p style=\"text-align: justify;\"><span style=\"font-size: 14pt;\"><span style=\"vertical-align: inherit;\"><span style=\"vertical-align: inherit;\">Y esta importante Directiva exige la CONFIDENCIALIDAD del Denunciante, a fin de evitar que sea <\/span><\/span><img loading=\"lazy\" decoding=\"async\" class=\"alignright wp-image-2241298 size-medium\" src=\"https:\/\/puntocritico.com\/ausajpuntocritico\/wp-content\/uploads\/2022\/02\/Casado-el-ilota-PPAL-300x199.jpg\" alt=\"\" width=\"300\" height=\"199\" data-id=\"2241298\" srcset=\"https:\/\/puntocritico.com\/ausajpuntocritico\/wp-content\/uploads\/2022\/02\/Casado-el-ilota-PPAL-300x199.jpg 300w, https:\/\/puntocritico.com\/ausajpuntocritico\/wp-content\/uploads\/2022\/02\/Casado-el-ilota-PPAL-610x405.jpg 610w, https:\/\/puntocritico.com\/ausajpuntocritico\/wp-content\/uploads\/2022\/02\/Casado-el-ilota-PPAL-678x452.jpg 678w, https:\/\/puntocritico.com\/ausajpuntocritico\/wp-content\/uploads\/2022\/02\/Casado-el-ilota-PPAL.jpg 680w\" sizes=\"auto, (max-width: 300px) 100vw, 300px\" \/><span style=\"vertical-align: inherit;\"><span style=\"vertical-align: inherit;\">represaliado por los presuntos Corruptos, a quienes ha denunciado. <\/span><span style=\"vertical-align: inherit;\">Y esa es quiz\u00e1s la cuesti\u00f3n principal de la Directiva, poner a cubierto de las represalias a los denunciantes de corrupci\u00f3n.<\/span><\/span><\/span><\/p>\n<p style=\"text-align: justify;\"><span style=\"font-size: 14pt;\"><span style=\"vertical-align: inherit;\"><span style=\"vertical-align: inherit;\">Y es este punto esencial el que est\u00e1 siendo destruido con el \u00abCaso Ayuso\u00bb, y en especial, por la \u00abexigencia\u00bb, reiterada por la mayor\u00eda de los medios pro-Ayuso, de dar a conocer qui\u00e9n ha sido el denunciante inicial, que remiti\u00f3 a la sede del Partido Popular documentaci\u00f3n de la cual sabemos ( <\/span><\/span><em><span style=\"vertical-align: inherit;\"><span style=\"vertical-align: inherit;\">por haberlo afirmado el Presidente del PP, Sr. Casado, en el <\/span><\/span><a href=\"https:\/\/www.youtube.com\/watch?v=2iB81ygJ1BI\" target=\"_blank\" rel=\"noopener\" data-schema-attribute=\"\"><span style=\"vertical-align: inherit;\"><span style=\"vertical-align: inherit;\">programa de radio -de m\u00e1xima audiencia- conducido por Carlos Herrera<\/span><\/span><\/a><\/em><span style=\"vertical-align: inherit;\"><span style=\"vertical-align: inherit;\"> ) que <\/span><\/span><strong><span style=\"vertical-align: inherit;\"><span style=\"vertical-align: inherit;\">conten\u00eda \u00abdatos fiscales y bancarios y se pod\u00eda inferir que podr\u00eda venir de una instituci\u00f3n p\u00fablica<\/span><\/span><\/strong><span style=\"vertical-align: inherit;\"><span style=\"vertical-align: inherit;\"> \u00ab.<\/span><\/span><\/span><\/p>\n<p style=\"text-align: justify;\"><span style=\"font-size: 14pt;\"><span style=\"vertical-align: inherit;\"><span style=\"vertical-align: inherit;\">El periodista, cumpliendo con su obligaci\u00f3n, pregunt\u00f3 qui\u00e9n hab\u00eda remitido la denuncia an\u00f3nima, y \u200b\u200bel Sr. Casado, cumpliendo con su propia obligaci\u00f3n, se neg\u00f3 a identificar al Denunciante.\u00a0<\/span><\/span><\/span><\/p>\n<p style=\"text-align: justify;\"><span style=\"font-size: 14pt;\"><span style=\"vertical-align: inherit;\"><span style=\"vertical-align: inherit;\">Lo que no parece que haya sido observado por el PP, es el Plazo de 3 meses que instaura la Directiva para realizar la Investigaci\u00f3n interna.<\/span><\/span><\/span><\/p>\n<p style=\"text-align: justify;\"><span style=\"font-size: 14pt;\"><span style=\"vertical-align: inherit;\"><span style=\"vertical-align: inherit;\"><span style=\"vertical-align: inherit;\"><span style=\"vertical-align: inherit;\">Por otra parte, conforme a la citada Directiva, y en relaci\u00f3n con la obtenci\u00f3n de la informaci\u00f3n remitida con su Denuncia por el an\u00f3nimo Alertador ( <\/span><\/span><\/span><\/span><em><span style=\"vertical-align: inherit;\"><span style=\"vertical-align: inherit;\"><span style=\"vertical-align: inherit;\"><span style=\"vertical-align: inherit;\">sin perjuicio de la protecci\u00f3n prevista en el art\u00edculo 21, apartado 7, de la tan citada Directiva<\/span><\/span><\/span><\/span><\/em><span style=\"vertical-align: inherit;\"><span style=\"vertical-align: inherit;\"><span style=\"vertical-align: inherit;\"><span style=\"vertical-align: inherit;\"> ), <\/span><\/span><\/span><\/span><strong><span style=\"vertical-align: inherit;\"><span style=\"vertical-align: inherit;\"><span style=\"vertical-align: inherit;\"><span style=\"vertical-align: inherit;\">cuando los denunciantes hayan cometido un delito<\/span><\/span><\/span><\/span><\/strong><span style=\"vertical-align: inherit;\"><span style=\"vertical-align: inherit;\"><span style=\"vertical-align: inherit;\"><span style=\"vertical-align: inherit;\"> , como la intrusi\u00f3n o la pirater\u00eda inform\u00e1tica, <\/span><\/span><\/span><\/span><strong><span style=\"vertical-align: inherit;\"><span style=\"vertical-align: inherit;\"><span style=\"vertical-align: inherit;\"><span style=\"vertical-align: inherit;\">para obtener o acceder a la informaci\u00f3n o los documentos en cuesti\u00f3n<\/span><\/span><\/span><\/span><\/strong><span style=\"vertical-align: inherit;\"><span style=\"vertical-align: inherit;\"><span style=\"vertical-align: inherit;\"><span style=\"vertical-align: inherit;\"> , deben seguir siendo considerados <\/span><\/span><\/span><\/span><strong><span style=\"vertical-align: inherit;\"><span style=\"vertical-align: inherit;\"><span style=\"vertical-align: inherit;\"><span style=\"vertical-align: inherit;\">penalmente responsables<\/span><\/span><\/span><\/span><\/strong><span style=\"vertical-align: inherit;\"><span style=\"vertical-align: inherit;\"><span style=\"vertical-align: inherit;\"><span style=\"vertical-align: inherit;\"> de conformidad con la legislaci\u00f3n nacional aplicable.<\/span><\/span><\/span><\/span><\/span><\/p>\n<p style=\"text-align: justify;\"><span style=\"font-size: 14pt;\"><span style=\"vertical-align: inherit;\"><span style=\"vertical-align: inherit;\"><span style=\"vertical-align: inherit;\"><span style=\"vertical-align: inherit;\">El problema se agrava, en especial pol\u00edticamente, cuando los <\/span><\/span><\/span><\/span><a href=\"https:\/\/www.abc.es\/espana\/abci-anticorrupcion-tiene-sobre-mesa-tres-denuncias-trafico-influencias-contra-ayuso-202202181253_noticia.html\" target=\"_blank\" rel=\"noopener\" data-schema-attribute=\"\"><span style=\"vertical-align: inherit;\"><span style=\"vertical-align: inherit;\"><span style=\"vertical-align: inherit;\"><span style=\"vertical-align: inherit;\">Partidos Globalistas madrile\u00f1os (PSM, MM y UP) denuncian estos hechos en la Fiscal\u00eda Anticorrupci\u00f3n<\/span><\/span><\/span><\/span><\/a><span style=\"vertical-align: inherit;\"><span style=\"vertical-align: inherit;\"><span style=\"vertical-align: inherit;\"><span style=\"vertical-align: inherit;\"> .\u00a0<\/span><\/span><\/span><\/span><\/span><\/p>\n<figure id=\"attachment_2241309\" aria-describedby=\"caption-attachment-2241309\" style=\"width: 330px\" class=\"wp-caption alignleft\"><img loading=\"lazy\" decoding=\"async\" class=\"wp-image-2241309\" src=\"https:\/\/puntocritico.com\/ausajpuntocritico\/wp-content\/uploads\/2022\/02\/mickey-mouse-aprendiz-de-brujo.jpg\" alt=\"\" width=\"330\" height=\"231\" data-id=\"2241309\" srcset=\"https:\/\/puntocritico.com\/ausajpuntocritico\/wp-content\/uploads\/2022\/02\/mickey-mouse-aprendiz-de-brujo.jpg 400w, https:\/\/puntocritico.com\/ausajpuntocritico\/wp-content\/uploads\/2022\/02\/mickey-mouse-aprendiz-de-brujo-300x210.jpg 300w\" sizes=\"auto, (max-width: 330px) 100vw, 330px\" \/><figcaption id=\"caption-attachment-2241309\" class=\"wp-caption-text\"><span style=\"color: #008000;\"><span style=\"vertical-align: inherit;\"><span style=\"vertical-align: inherit;\"><span style=\"vertical-align: inherit;\"><span style=\"vertical-align: inherit;\">Mickey Mouse, el aprendiz de brujo (Fantas\u00eda)<\/span><\/span><\/span><\/span><\/span><\/figcaption><\/figure>\n<p style=\"text-align: justify;\"><span style=\"font-size: 14pt;\"><span style=\"vertical-align: inherit;\"><span style=\"vertical-align: inherit;\"><span style=\"vertical-align: inherit;\"><span style=\"vertical-align: inherit;\">Desde este momento, la <\/span><\/span><\/span><\/span><strong><span style=\"vertical-align: inherit;\"><span style=\"vertical-align: inherit;\"><span style=\"vertical-align: inherit;\"><span style=\"vertical-align: inherit;\">Fiscal\u00eda<\/span><\/span><\/span><\/span><\/strong><span style=\"vertical-align: inherit;\"><span style=\"vertical-align: inherit;\"><span style=\"vertical-align: inherit;\"><span style=\"vertical-align: inherit;\"> -manejada con absoluta parcialidad y, acaso, delictivamente, por los partidos pol\u00edticos que ostentan el Poder Ejecutivo Nacional, el \u00bb <\/span><\/span><\/span><\/span><strong><span style=\"vertical-align: inherit;\"><span style=\"vertical-align: inherit;\"><span style=\"vertical-align: inherit;\"><span style=\"vertical-align: inherit;\">Complejo PsPSOE<\/span><\/span><\/span><\/span><\/strong><span style=\"vertical-align: inherit;\"><span style=\"vertical-align: inherit;\"><span style=\"vertical-align: inherit;\"><span style=\"vertical-align: inherit;\"> \u00ab-, se ha negado a investigar, a la <\/span><\/span><\/span><\/span><\/span><span style=\"font-size: 14pt;\"><span style=\"vertical-align: inherit;\"><span style=\"vertical-align: inherit;\"><span style=\"vertical-align: inherit;\"><span style=\"vertical-align: inherit;\">vez que ha forzado que el mismo Tribunal Supremo se haya negado a investigar los indicios de grav\u00edsimos cr\u00edmenes, que habr\u00edan sido <\/span><\/span><\/span><\/span><\/span><span style=\"font-size: 14pt;\"><span style=\"vertical-align: inherit;\"><span style=\"vertical-align: inherit;\"><span style=\"vertical-align: inherit;\"><span style=\"vertical-align: inherit;\">perpetrados desde el poder con ocasi\u00f3n de la Pandemia de COVID 19, que podr\u00edan ir desde inmensos fraudes en las contrataciones p\u00fablicas, hasta el Genocidio de nuestros mayores, cuyas muertes tuvieron como causa inmediata, no la pandemia, sino la <\/span><\/span><\/span><\/span><a href=\"https:\/\/puntocritico.com\/ausajpuntocritico\/2017\/10\/18\/vhc-el-virus-de-la-hepatitis-c-parte-vii-aspectos-penales\/\"><strong><span style=\"vertical-align: inherit;\"><span style=\"vertical-align: inherit;\"><span style=\"vertical-align: inherit;\"><span style=\"vertical-align: inherit;\">Omisi\u00f3n del Deber de Socorro<\/span><\/span><\/span><\/span><\/strong><\/a><span style=\"vertical-align: inherit;\"><span style=\"vertical-align: inherit;\"><span style=\"vertical-align: inherit;\"><span style=\"vertical-align: inherit;\"> , por parte de las Autoridades y Funcionarios que ostentaban la <\/span><\/span><\/span><\/span><a href=\"https:\/\/puntocritico.com\/ausajpuntocritico\/2017\/10\/18\/vhc-el-virus-de-la-hepatitis-c-parte-vii-aspectos-penales\/\"><strong><span style=\"vertical-align: inherit;\"><span style=\"vertical-align: inherit;\"><span style=\"vertical-align: inherit;\"><span style=\"vertical-align: inherit;\">Posici\u00f3n de Garant\u00eda<\/span><\/span><\/span><\/span><\/strong><\/a><span style=\"vertical-align: inherit;\"><span style=\"vertical-align: inherit;\"><span style=\"vertical-align: inherit;\"><span style=\"vertical-align: inherit;\"> respecto a los mayores a quienes dejaron morir solos, encerrados en residencias y asilos, llev\u00e1ndolos a la muerte, conforme a numerosos indicios, por presunta omisi\u00f3n delictiva. <\/span><\/span><\/span><span style=\"vertical-align: inherit;\"><span style=\"vertical-align: inherit;\"><span style=\"vertical-align: inherit;\">La muerte de nuestros mayores, de nuestras madres y padres, abandonados a su suerte, encerrados, aislados y sin medicaci\u00f3n, solo sedados con morfina.<\/span><\/span><\/span><\/span><\/span><\/p>\n<p style=\"text-align: justify;\"><span style=\"font-size: 14pt;\"><span style=\"vertical-align: inherit;\"><span style=\"vertical-align: inherit;\"><span style=\"vertical-align: inherit;\"><span style=\"vertical-align: inherit;\">Es decir, el \u00abComplejo PsPSOE\u00bb, de lograr la ca\u00edda de Pablo Casado, tendr\u00e1 en sus manos al PP de Ayuso, a quien podr\u00e1, en el momento preciso, atacar utilizando la Fiscal\u00eda unida a la correspondiente campa\u00f1a de acoso y derribo en sus medios corruptos (casi todos), bien pagados con nuestro sudor, ese que nos es confiscado en forma de Tributos, inconstitucionalmente, pues su destino no es el Inter\u00e9s General ni el pago de leg\u00edtimas cargas p\u00fablicas, sino el Inter\u00e9s Particular de los Corruptos y el pago de mordidas y otras corrupciones; <\/span><\/span><\/span><span style=\"vertical-align: inherit;\"><span style=\"vertical-align: inherit;\"><span style=\"vertical-align: inherit;\">algo habitual en esta Espa\u00f1a en que la CORRUPCI\u00d3N INFORMATIVA con sus juicios medi\u00e1ticos regidos por las leyes de la guerra por las audiencias -feroces linchamientos, en realidad-, ha sustituido al Poder Judicial en el enjuiciamiento pol\u00edtico.<\/span><\/span><\/span><\/span><\/span><\/p>\n<p>&nbsp;<\/p>\n<p style=\"text-align: center;\"><strong><span style=\"font-size: 14pt; color: #008000;\"><span style=\"vertical-align: inherit;\"><span style=\"vertical-align: inherit;\"><span style=\"vertical-align: inherit;\"><span style=\"vertical-align: inherit;\">\u00aben Espa\u00f1a hay 47 millones de jueces, que no permiten no tener raz\u00f3n. <\/span><\/span><\/span><span style=\"vertical-align: inherit;\"><span style=\"vertical-align: inherit;\"><span style=\"vertical-align: inherit;\">Que odian a quien opina diferente. <\/span><\/span><\/span><span style=\"vertical-align: inherit;\"><span style=\"vertical-align: inherit;\"><span style=\"vertical-align: inherit;\">Un pa\u00eds desquiciado, es lo que hemos obtenido de los Nuevos Partidos, todos ellos, como los de la Vieja Pol\u00edtica, Partidos Partidarios de su Inter\u00e9s Mercenario\u00bb<\/span><\/span><\/span><\/span><\/span><\/strong><\/p>\n<p>&nbsp;<\/p>\n<p style=\"text-align: justify;\"><span style=\"font-size: 14pt;\"><span style=\"vertical-align: inherit;\"><span style=\"vertical-align: inherit;\"><span style=\"vertical-align: inherit;\"><span style=\"vertical-align: inherit;\">Es el <\/span><\/span><\/span><\/span><strong><span style=\"vertical-align: inherit;\"><span style=\"vertical-align: inherit;\"><span style=\"vertical-align: inherit;\"><span style=\"vertical-align: inherit;\">populismo<\/span><\/span><\/span><\/span><\/strong><span style=\"vertical-align: inherit;\"><span style=\"vertical-align: inherit;\"><span style=\"vertical-align: inherit;\"><span style=\"vertical-align: inherit;\"> aplicado a la justicia, en el que estamos inmersos. <\/span><\/span><\/span><span style=\"vertical-align: inherit;\"><span style=\"vertical-align: inherit;\"><span style=\"vertical-align: inherit;\">Es uno de los rasgos constitutivos de la Nueva Pol\u00edtica; <\/span><\/span><\/span><span style=\"vertical-align: inherit;\"><span style=\"vertical-align: inherit;\"><span style=\"vertical-align: inherit;\">porque en Espa\u00f1a hay 47 millones de jueces, que no permiten no tener raz\u00f3n. <\/span><\/span><\/span><span style=\"vertical-align: inherit;\"><span style=\"vertical-align: inherit;\"><span style=\"vertical-align: inherit;\">Que odian a quien opina diferente. <\/span><\/span><\/span><span style=\"vertical-align: inherit;\"><span style=\"vertical-align: inherit;\"><span style=\"vertical-align: inherit;\">Un pa\u00eds desquiciado, es lo que hemos obtenido de los Nuevos Partidos, partidos partidarios de su inter\u00e9s mercenario.<\/span><\/span><\/span><\/span><\/span><\/p>\n<p style=\"text-align: justify;\"><span style=\"font-size: 14pt;\"><span style=\"vertical-align: inherit;\"><span style=\"vertical-align: inherit;\"><span style=\"vertical-align: inherit;\"><span style=\"vertical-align: inherit;\">Repasemos: El Asunto Ayuso entr\u00f3 con el caso \u00bb <\/span><\/span><\/span><\/span><strong><span style=\"vertical-align: inherit;\"><span style=\"vertical-align: inherit;\"><span style=\"vertical-align: inherit;\"><span style=\"vertical-align: inherit;\">Avalmadrid<\/span><\/span><\/span><\/span><\/strong><span style=\"vertical-align: inherit;\"><span style=\"vertical-align: inherit;\"><span style=\"vertical-align: inherit;\"><span style=\"vertical-align: inherit;\"> \u00ab, en el que la CAM no pudo ejecutar unos prestamos con avales, por importaci\u00f3n de 400.000 euros concedidos a la empresa de los padres de los hermanos Ayuso en 2011, pues los inmuebles que garantizaban la devoluci\u00f3n del pr\u00e9stamo se perdi\u00f3. <\/span><\/span><\/span><span style=\"vertical-align: inherit;\"><span style=\"vertical-align: inherit;\"><span style=\"vertical-align: inherit;\">Dos de estos inmuebles ser\u00edan sendos pisos que sus padres habr\u00edan donado (regalado) a Isabel ya Tom\u00e1s D\u00edaz Ayuso.<\/span><\/span><\/span><\/span><\/span><\/p>\n<p style=\"text-align: justify;\"><span style=\"font-size: 14pt;\"><span style=\"vertical-align: inherit;\"><span style=\"vertical-align: inherit;\"><span style=\"vertical-align: inherit;\"><span style=\"vertical-align: inherit;\">Los negocios familiares de los D\u00edaz Ayuso con la Comunidad Aut\u00f3noma presidida por Isabel son numerosos. <\/span><\/span><\/span><span style=\"vertical-align: inherit;\"><span style=\"vertical-align: inherit;\"><span style=\"vertical-align: inherit;\">La informaci\u00f3n que no est\u00e1 en los medios de manipulaci\u00f3n social de derechas, si se puede encontrar en los de izquierdas: \u00bb <\/span><\/span><\/span><\/span><a href=\"https:\/\/www.publico.es\/politica\/otros-contratos-polemicos-comunidad-madrid-vinculados-hermano-ayuso.html\" target=\"_blank\" rel=\"noopener\"><span style=\"vertical-align: inherit;\"><span style=\"vertical-align: inherit;\"><span style=\"vertical-align: inherit;\"><span style=\"vertical-align: inherit;\">Los otros contratos pol\u00e9micos de la Comunidad de Madrid vinculados al hermano de Ayuso<\/span><\/span><\/span><\/span><\/a><span style=\"vertical-align: inherit;\"><span style=\"vertical-align: inherit;\"><span style=\"vertical-align: inherit;\"><span style=\"vertical-align: inherit;\"> \u00ab; <\/span><\/span><\/span><span style=\"vertical-align: inherit;\"><span style=\"vertical-align: inherit;\"><span style=\"vertical-align: inherit;\">\u00bb <\/span><\/span><\/span><\/span><a href=\"https:\/\/www.publico.es\/politica\/consejeria-sanidad-ayuso-adjudico-contrato-925000-euros-socio-madre-presidenta.html\" target=\"_blank\" rel=\"noopener\" data-schema-attribute=\"\"><span style=\"vertical-align: inherit;\"><span style=\"vertical-align: inherit;\"><span style=\"vertical-align: inherit;\"><span style=\"vertical-align: inherit;\">La Consejer\u00eda de Sanidad de Ayuso adjudic\u00f3 un contrato de 925.000 euros, para la dotaci\u00f3n de 25 respiradores fue adjudicado por la tramitaci\u00f3n de emergencia el pasado 10 de enero y adjudicado a un socio de la madre de la presidenta<\/span><\/span><\/span><\/span><\/a><span style=\"vertical-align: inherit;\"><span style=\"vertical-align: inherit;\"><span style=\"vertical-align: inherit;\"><span style=\"vertical-align: inherit;\"> \u00ab. <\/span><\/span><\/span><span style=\"vertical-align: inherit;\"><span style=\"vertical-align: inherit;\"><span style=\"vertical-align: inherit;\">Por ejemplo.<\/span><\/span><\/span><\/span><\/span><\/p>\n<p style=\"text-align: justify;\"><span style=\"font-size: 14pt;\"><span style=\"vertical-align: inherit;\"><span style=\"vertical-align: inherit;\"><span style=\"vertical-align: inherit;\"><span style=\"vertical-align: inherit;\">Vemos que los Alertadores juegan un important\u00edsimo papel en la lucha contra la corrupci\u00f3n. <\/span><\/span><\/span><span style=\"vertical-align: inherit;\"><span style=\"vertical-align: inherit;\"><span style=\"vertical-align: inherit;\">O deber\u00edan. <\/span><\/span><\/span><span style=\"vertical-align: inherit;\"><span style=\"vertical-align: inherit;\"><span style=\"vertical-align: inherit;\">Porque la realidad es que durante estos dos a\u00f1os de gasto sin control en todas las administraciones p\u00fablicas, de todos los colorines pol\u00edtico-medi\u00e1ticos, ha estado tan presente la corrupci\u00f3n, como ausentes los Alertadores. <\/span><\/span><\/span><span style=\"vertical-align: inherit;\"><span style=\"vertical-align: inherit;\"><span style=\"vertical-align: inherit;\">El \u00abAsunto Ayuso\u00bb consolidar\u00e1 esta situaci\u00f3n en la que las bases de los partidos pol\u00edticos consienten cualquier corrupci\u00f3n en los suyos, bien porque se niegan a verla, bien porque vi\u00e9ndola, se benefician de ella; <\/span><\/span><\/span><span style=\"vertical-align: inherit;\"><span style=\"vertical-align: inherit;\"><span style=\"vertical-align: inherit;\">o esperan beneficiarse, impidiendo as\u00ed cualquier investigaci\u00f3n.<\/span><\/span><\/span><\/span><\/span><\/p>\n<p style=\"text-align: justify;\"><span style=\"font-size: 14pt;\"><span style=\"vertical-align: inherit;\"><span style=\"vertical-align: inherit;\">En definitiva, la DIRETIVA DE ALERTADORES, que no ha sido traspuesta al derecho interno espa\u00f1ol dentro del plazo debido, adem\u00e1s de resultar por ello, directamente aplicable -en cuanto sus disposiciones incondicionales no precisan de desarrollo anterior- comienza su andadura tarde y mal, como era m\u00e1s que previsible en un Estado, como el espa\u00f1ol, en que la Corrupci\u00f3n sustenta las principales partidas del PIB, instrumentalizando el \u00abolvido\u00bb de esta Directiva para disuadir a los Alertadores de Corrupci\u00f3n, ante la m\u00e1s que posible eventualidad de ser desveladas sus identidades. y ser perseguidos por los poderosos corruptos a quienes se atrevan a denunciar.<\/span><\/span><\/span><\/p>\n<p style=\"text-align: justify;\"><span style=\"font-size: 14pt;\"><span style=\"vertical-align: inherit;\"><span style=\"vertical-align: inherit;\">La realidad es m\u00e1s tenebrosa. <\/span><span style=\"vertical-align: inherit;\">A lo largo de estos a\u00f1os de restricciones variadas -por lo dem\u00e1s, inconstitucionales- de nuestros Derechos y Libertades, han existido algunas constantes. <\/span><span style=\"vertical-align: inherit;\">Una de ellas es la denuncia de los grav\u00edsimos hechos presuntamente delictivos perpetrados por las Autoridades p\u00fablicas en la adquisici\u00f3n de Material m\u00e9dico y sanitario destinado a la lucha contra la Pandemia. <\/span><span style=\"vertical-align: inherit;\">Denuncias que el Poder Judicial se ha negado a investigar por, dicen, carecer de indicios suficientes para incoar actuaciones judiciales penales.<\/span><\/span><\/span><\/p>\n<p style=\"text-align: justify;\"><span style=\"font-size: 14pt;\"><span style=\"vertical-align: inherit;\"><span style=\"vertical-align: inherit;\">No hay Alertadores que denuncian y proporcionan pruebas o indicios con sus denuncias. <\/span><span style=\"vertical-align: inherit;\">Nadie conf\u00eda en la Justicia hasta el punto de jugarse sus medios de vida -quiz\u00e1s la vida misma- denunciando la corrupci\u00f3n de la que son testigos. <\/span><span style=\"vertical-align: inherit;\">No ha habido Alertadores a lo largo de estos \u00faltimos dos a\u00f1os.<\/span><\/span><\/span><\/p>\n<p>&nbsp;<\/p>\n<p style=\"text-align: center;\"><span style=\"font-size: 14pt; color: #008000;\"><strong><span style=\"vertical-align: inherit;\"><span style=\"vertical-align: inherit;\">\u00abMiles de millones dilapid\u00f3 el ex \u00c1balos en lo peor de la pandemia, con empresas sospechosas, amigos luciferinos, tramposos por doquier, compras truchas, respiradores sin ox\u00edgeno, y a\u00fan no se ha visto ni una factura ( <\/span><\/span><a style=\"color: #008000;\" href=\"https:\/\/www.vozpopuli.com\/opinion\/no-perdonaran-jamas-casado.html\" target=\"_blank\" rel=\"noopener\"><span style=\"vertical-align: inherit;\"><span style=\"vertical-align: inherit;\">Jos\u00e9 Alejandro Vara, Vozpopuli<\/span><\/span><\/a><span style=\"vertical-align: inherit;\"><span style=\"vertical-align: inherit;\"> )\u00bb<\/span><\/span><\/strong><\/span><\/p>\n<p>&nbsp;<\/p>\n<p style=\"text-align: justify;\"><span style=\"font-size: 14pt;\"><span style=\"vertical-align: inherit;\"><span style=\"vertical-align: inherit;\">La raz\u00f3n no es ajena al hecho de que no se les otorgue protecci\u00f3n alguna, dej\u00e1ndolos desamparados ante los poderosos corruptos. <\/span><span style=\"vertical-align: inherit;\">Que son quienes nombran a los que nombran a los jueces que les tendr\u00e1n que juzgar. <\/span><span style=\"vertical-align: inherit;\">Los ciudadanos tenemos suficientes <\/span><\/span><\/span><span style=\"font-size: 18.6667px;\"><span style=\"vertical-align: inherit;\"><span style=\"vertical-align: inherit;\">razones <\/span><\/span><\/span><span style=\"font-size: 14pt;\"><span style=\"vertical-align: inherit;\"><span style=\"vertical-align: inherit;\">para desconfiar de la Justicia, estamos llenos de motivos para no confiar en ella.<\/span><\/span><\/span><\/p>\n<p style=\"text-align: justify;\"><span style=\"font-size: 14pt;\"><span style=\"vertical-align: inherit;\"><span style=\"vertical-align: inherit;\">El peor de los males para una sociedad es el no tener confianza en la administraci\u00f3n de justicia (\u201cDesgraciada la generaci\u00f3n cuyos jueces merecen ser juzgados\u201d, advierte el Talmud). <\/span><span style=\"vertical-align: inherit;\">Esa es la situaci\u00f3n a la que nos venimos enfrentando, y que no hemos podido superar, pese a los medi\u00e1ticos nuevos partidos, que solo han aportado m\u00e1s problemas y ninguna soluci\u00f3n. <\/span><span style=\"vertical-align: inherit;\">Parece que esa sea, precisamente, su misi\u00f3n, aletargar sociedades conden\u00e1ndolas a la injusticia.<\/span><\/span><\/span><\/p>\n<p style=\"text-align: justify;\"><span style=\"font-size: 14pt;\"><span style=\"vertical-align: inherit;\"><span style=\"vertical-align: inherit;\">Es el fin, que ha llegado antes que el principio. <\/span><span style=\"vertical-align: inherit;\">Quiz\u00e1s porque todos los Principios han encontrado, hoy en nuestra Espa\u00f1a, asolada por la Corrupci\u00f3n, su Final.<\/span><\/span><\/span><\/p>\n<p style=\"text-align: center;\"><span style=\"color: #008000; font-size: 14pt;\"><span style=\"vertical-align: inherit;\"><span style=\"vertical-align: inherit;\">***<\/span><\/span><\/span><\/p>\n<p style=\"text-align: justify;\"><span style=\"font-size: 14pt;\"><strong><span style=\"vertical-align: inherit;\"><span style=\"vertical-align: inherit;\"><span style=\"vertical-align: inherit;\"><span style=\"vertical-align: inherit;\">PD:<\/span><\/span><\/span><\/span><\/strong><span style=\"vertical-align: inherit;\"><span style=\"vertical-align: inherit;\"><span style=\"vertical-align: inherit;\"><span style=\"vertical-align: inherit;\"> Al margen de toda otra cuesti\u00f3n, el deseo lo mejor a la Excma. <\/span><\/span><\/span><span style=\"vertical-align: inherit;\"><span style=\"vertical-align: inherit;\"><span style=\"vertical-align: inherit;\">Sra. <\/span><\/span><\/span><span style=\"vertical-align: inherit;\"><span style=\"vertical-align: inherit;\"><span style=\"vertical-align: inherit;\">D\u00edaz Ayuso, cuya empat\u00eda ha devuelto la ilusi\u00f3n a tantos compatriotas. <\/span><\/span><\/span><span style=\"vertical-align: inherit;\"><span style=\"vertical-align: inherit;\"><span style=\"vertical-align: inherit;\">Le deseo mucha suerte, ya que justicia, en esta Espa\u00f1a de hoy, no es seguro que encuentre; <\/span><\/span><\/span><span style=\"vertical-align: inherit;\"><span style=\"vertical-align: inherit;\"><span style=\"vertical-align: inherit;\">bueno, tal vez ella si que \u00abpueda\u00bb.<\/span><\/span><\/span><\/span><\/span><\/p>\n<p style=\"text-align: justify;\"><span style=\"font-size: 14pt;\"><span style=\"vertical-align: inherit;\"><span style=\"vertical-align: inherit;\"><span style=\"vertical-align: inherit;\"><span style=\"vertical-align: inherit;\">No quiero finalizar esta nota sin, al menos, referirme a la extraordinaria similitud existente entre la ascensi\u00f3n a los altares del Presidente el Gobierno, <\/span><\/span><\/span><\/span><strong><span style=\"vertical-align: inherit;\"><span style=\"vertical-align: inherit;\"><span style=\"vertical-align: inherit;\"><span style=\"vertical-align: inherit;\">Pedro S\u00e1nchez<\/span><\/span><\/span><\/span><\/strong><span style=\"vertical-align: inherit;\"><span style=\"vertical-align: inherit;\"><span style=\"vertical-align: inherit;\"><span style=\"vertical-align: inherit;\"> , aupado por su enfrentamiento con la entonces candidata \u00aboficial\u00bb del PSOE a la Presidencia del Gobierno espa\u00f1ol, <\/span><\/span><\/span><\/span><strong><span style=\"vertical-align: inherit;\"><span style=\"vertical-align: inherit;\"><span style=\"vertical-align: inherit;\"><span style=\"vertical-align: inherit;\">Susana D\u00edaz<\/span><\/span><\/span><\/span><\/strong><span style=\"vertical-align: inherit;\"><span style=\"vertical-align: inherit;\"><span style=\"vertical-align: inherit;\"><span style=\"vertical-align: inherit;\"> , y la que se anuncia ya, la elevaci\u00f3n de <\/span><\/span><\/span><\/span><strong><span style=\"vertical-align: inherit;\"><span style=\"vertical-align: inherit;\"><span style=\"vertical-align: inherit;\"><span style=\"vertical-align: inherit;\">Isabel D\u00edaz Ayuso<\/span><\/span><\/span><\/span><\/strong><span style=\"vertical-align: inherit;\"><span style=\"vertical-align: inherit;\"><span style=\"vertical-align: inherit;\"><span style=\"vertical-align: inherit;\"> a los altares pol\u00edticos, sobre los restos del hasta ahora candidato oficial del PP a la Presidencia del Gobierno espa\u00f1ol, <\/span><\/span><\/span><\/span><strong><span style=\"vertical-align: inherit;\"><span style=\"vertical-align: inherit;\"><span style=\"vertical-align: inherit;\"><span style=\"vertical-align: inherit;\">Pablo Casado<\/span><\/span><\/span><\/span><\/strong><span style=\"vertical-align: inherit;\"><span style=\"vertical-align: inherit;\"><span style=\"vertical-align: inherit;\"><span style=\"vertical-align: inherit;\"> .<\/span><\/span><\/span><\/span><\/span><\/p>\n<p>&nbsp;<\/p>\n<p style=\"text-align: center;\"><strong><span style=\"font-size: 14pt; color: #008000;\"><span style=\"vertical-align: inherit;\"><span style=\"vertical-align: inherit;\"><span style=\"vertical-align: inherit;\"><span style=\"vertical-align: inherit;\">De aquel \u00bb <\/span><\/span><\/span><\/span><em><span style=\"vertical-align: inherit;\"><span style=\"vertical-align: inherit;\"><span style=\"vertical-align: inherit;\"><span style=\"vertical-align: inherit;\">Las rosas son rojas, la sangre es roja, y yo con Pedro<\/span><\/span><\/span><\/span><\/em><span style=\"vertical-align: inherit;\"><span style=\"vertical-align: inherit;\"><span style=\"vertical-align: inherit;\"><span style=\"vertical-align: inherit;\"> \u00ab, al actual \u00bb <\/span><\/span><\/span><\/span><em><span style=\"vertical-align: inherit;\"><span style=\"vertical-align: inherit;\"><span style=\"vertical-align: inherit;\"><span style=\"vertical-align: inherit;\">El cielo es azul, el mar es azul, y yo con Isabel<\/span><\/span><\/span><\/span><\/em><span style=\"vertical-align: inherit;\"><span style=\"vertical-align: inherit;\"><span style=\"vertical-align: inherit;\"><span style=\"vertical-align: inherit;\"> \u00ab, han pasado muy pocos a\u00f1os, los suficientes para olvidar el pasado reciente y no ver el futuro inmediato.<\/span><\/span><\/span><\/span><\/span><\/strong><\/p>\n<p style=\"text-align: center;\"><strong><span style=\"font-size: 14pt; color: #008000;\"><span style=\"vertical-align: inherit;\"><span style=\"vertical-align: inherit;\"><span style=\"vertical-align: inherit;\"><span style=\"vertical-align: inherit;\">Porque si \u00bb <\/span><\/span><\/span><\/span><em><span style=\"vertical-align: inherit;\"><span style=\"vertical-align: inherit;\"><span style=\"vertical-align: inherit;\"><span style=\"vertical-align: inherit;\">Susana es a Pedro como Casado es a Isabel<\/span><\/span><\/span><\/span><\/em><span style=\"vertical-align: inherit;\"><span style=\"vertical-align: inherit;\"><span style=\"vertical-align: inherit;\"><span style=\"vertical-align: inherit;\"> \u00ab, tambi\u00e9n es posible expresar la misma relaci\u00f3n con la frase \u00bb <\/span><\/span><\/span><\/span><em><span style=\"vertical-align: inherit;\"><span style=\"vertical-align: inherit;\"><span style=\"vertical-align: inherit;\"><span style=\"vertical-align: inherit;\">Vox es al PP, como Podemos es al PSOE<\/span><\/span><\/span><\/span><\/em><span style=\"vertical-align: inherit;\"><span style=\"vertical-align: inherit;\"><span style=\"vertical-align: inherit;\"><span style=\"vertical-align: inherit;\"> \u00ab.<\/span><\/span><\/span><\/span><\/span><\/strong><\/p>\n<p>&nbsp;<\/p>\n<p style=\"text-align: justify;\"><span style=\"font-size: 14pt;\"><span style=\"vertical-align: inherit;\"><span style=\"vertical-align: inherit;\"><span style=\"vertical-align: inherit;\"><span style=\"vertical-align: inherit;\">De aquel \u00bb <\/span><\/span><\/span><\/span><strong><em><span style=\"vertical-align: inherit;\"><span style=\"vertical-align: inherit;\"><span style=\"vertical-align: inherit;\"><span style=\"vertical-align: inherit;\">Las rosas son rojas, la sangre es roja, y yo con Pedro<\/span><\/span><\/span><\/span><\/em><\/strong><span style=\"vertical-align: inherit;\"><span style=\"vertical-align: inherit;\"><span style=\"vertical-align: inherit;\"><span style=\"vertical-align: inherit;\"> \u00ab, al actual \u00bb <\/span><\/span><\/span><\/span><em><strong><span style=\"vertical-align: inherit;\"><span style=\"vertical-align: inherit;\"><span style=\"vertical-align: inherit;\"><span style=\"vertical-align: inherit;\">El cielo es azul, el mar es azul, y yo con Isabel<\/span><\/span><\/span><\/span><\/strong><\/em><span style=\"vertical-align: inherit;\"><span style=\"vertical-align: inherit;\"><span style=\"vertical-align: inherit;\"><span style=\"vertical-align: inherit;\"> \u00ab, han pasado muy pocos a\u00f1os, los suficientes para olvidar el pasado reciente y no ver el futuro inmediato. <\/span><\/span><\/span><span style=\"vertical-align: inherit;\"><span style=\"vertical-align: inherit;\"><span style=\"vertical-align: inherit;\">Porque si \u00bb <\/span><\/span><\/span><\/span><strong><em><span style=\"vertical-align: inherit;\"><span style=\"vertical-align: inherit;\"><span style=\"vertical-align: inherit;\"><span style=\"vertical-align: inherit;\">Susana es a Pedro como Casado es a Isabel<\/span><\/span><\/span><\/span><\/em><\/strong><span style=\"vertical-align: inherit;\"><span style=\"vertical-align: inherit;\"><span style=\"vertical-align: inherit;\"><span style=\"vertical-align: inherit;\"> \u00ab, tambi\u00e9n es posible expresar la misma relaci\u00f3n con la frase \u00bb <\/span><\/span><\/span><\/span><strong><em><span style=\"vertical-align: inherit;\"><span style=\"vertical-align: inherit;\"><span style=\"vertical-align: inherit;\"><span style=\"vertical-align: inherit;\">Vox es al PP, como Podemos es al PSOE<\/span><\/span><\/span><\/span><\/em><\/strong><span style=\"vertical-align: inherit;\"><span style=\"vertical-align: inherit;\"><span style=\"vertical-align: inherit;\"><span style=\"vertical-align: inherit;\"> \u00ab.<\/span><\/span><\/span><\/span><\/span><\/p>\n<p style=\"text-align: justify;\"><span style=\"font-size: 14pt;\"><span style=\"vertical-align: inherit;\"><span style=\"vertical-align: inherit;\"><span style=\"vertical-align: inherit;\"><span style=\"vertical-align: inherit;\">No parece, pues, adivinaci\u00f3n, sino <\/span><\/span><\/span><\/span><strong><span style=\"vertical-align: inherit;\"><span style=\"vertical-align: inherit;\"><span style=\"vertical-align: inherit;\"><span style=\"vertical-align: inherit;\">planificaci\u00f3n<\/span><\/span><\/span><\/span><\/strong><span style=\"vertical-align: inherit;\"><span style=\"vertical-align: inherit;\"><span style=\"vertical-align: inherit;\"><span style=\"vertical-align: inherit;\"> ( <\/span><\/span><\/span><\/span><em><span style=\"vertical-align: inherit;\"><span style=\"vertical-align: inherit;\"><span style=\"vertical-align: inherit;\"><span style=\"vertical-align: inherit;\">desvelada por la incontinencia verbal del l\u00edder Podemita de la banda globalista que ha llevado el cinismo en la pol\u00edtica hasta cotas nunca antes alcanzadas, Pablo Iglesias<\/span><\/span><\/span><\/span><\/em><span style=\"vertical-align: inherit;\"><span style=\"vertical-align: inherit;\"><span style=\"vertical-align: inherit;\"><span style=\"vertical-align: inherit;\"> ), la advertencia que en la Sesi\u00f3n de Control al Gobierno del <\/span><\/span><\/span><\/span><strong><span style=\"vertical-align: inherit;\"><span style=\"vertical-align: inherit;\"><span style=\"vertical-align: inherit;\"><span style=\"vertical-align: inherit;\">3 de junio de 2020<\/span><\/span><\/span><\/span><\/strong><span style=\"vertical-align: inherit;\"><span style=\"vertical-align: inherit;\"><span style=\"vertical-align: inherit;\"><span style=\"vertical-align: inherit;\"> en el Congreso de los Diputados realiz\u00f3 el Globalista de Podemos, Pablo Iglesias, al Globalista del PP, Pablo Casado: \u00bb <\/span><\/span><\/span><\/span><a href=\"https:\/\/www.youtube.com\/watch?v=Kzk-aIAA0N8\" target=\"_blank\" rel=\"noopener\" data-schema-attribute=\"\"><span style=\"vertical-align: inherit;\"><span style=\"vertical-align: inherit;\"><span style=\"vertical-align: inherit;\"><span style=\"vertical-align: inherit;\">Usted nunca ser\u00e1 Presidente del Gobierno<\/span><\/span><\/span><\/span><\/a><span style=\"vertical-align: inherit;\"><span style=\"vertical-align: inherit;\"><span style=\"vertical-align: inherit;\"><span style=\"vertical-align: inherit;\"> \u00ab.<\/span><\/span><\/span><\/span><\/span><\/p>\n<p style=\"text-align: justify;\"><span style=\"font-size: 14pt;\"><span style=\"vertical-align: inherit;\"><span style=\"vertical-align: inherit;\"><span style=\"vertical-align: inherit;\"><span style=\"vertical-align: inherit;\">Bienvenidos a la Distop\u00eda de la mano del <\/span><\/span><\/span><\/span><a href=\"https:\/\/puntocritico.com\/ausajpuntocritico\/2021\/10\/30\/de-camisa-vieja-a-chaqueta-nueva\/\" target=\"_blank\" rel=\"noopener\" data-schema-attribute=\"\"><strong><span style=\"vertical-align: inherit;\"><span style=\"vertical-align: inherit;\"><span style=\"vertical-align: inherit;\"><span style=\"vertical-align: inherit;\">R\u00e9gimen del 78&#8242;<\/span><\/span><\/span><\/span><\/strong><\/a><span style=\"vertical-align: inherit;\"><span style=\"vertical-align: inherit;\"><span style=\"vertical-align: inherit;\"><span style=\"vertical-align: inherit;\"> , o lo que es igual, de la mano del <\/span><\/span><\/span><\/span><a href=\"https:\/\/puntocritico.com\/ausajpuntocritico\/2020\/12\/24\/ppoe-la-hidra-de-cinco-cabezas-de-momento\/\" target=\"_blank\" rel=\"noopener\" data-schema-attribute=\"\"><span style=\"vertical-align: inherit;\"><span style=\"vertical-align: inherit;\"><span style=\"vertical-align: inherit;\"><span style=\"vertical-align: inherit;\">PPSOE<\/span><\/span><\/span><\/span><\/a><span style=\"vertical-align: inherit;\"><span style=\"vertical-align: inherit;\"><span style=\"vertical-align: inherit;\"><span style=\"vertical-align: inherit;\"> y sus \u00abconfluencias\u00bb.\u00a0<\/span><\/span><\/span><\/span><\/span><span style=\"font-size: 14pt;\"><span style=\"vertical-align: inherit;\"><span style=\"vertical-align: inherit;\"><span style=\"vertical-align: inherit;\"><span style=\"vertical-align: inherit;\">Nuevos Partidos, a los que <\/span><\/span><\/span><\/span><strong><span style=\"vertical-align: inherit;\"><span style=\"vertical-align: inherit;\"><span style=\"vertical-align: inherit;\"><span style=\"vertical-align: inherit;\">Gregorio Mor\u00e1n<\/span><\/span><\/span><\/span><\/strong><span style=\"vertical-align: inherit;\"><span style=\"vertical-align: inherit;\"><span style=\"vertical-align: inherit;\"><span style=\"vertical-align: inherit;\"> redefini\u00f3, de manera muy gr\u00e1fica, como \u00bb <\/span><\/span><\/span><\/span><strong><span style=\"vertical-align: inherit;\"><span style=\"vertical-align: inherit;\"><span style=\"vertical-align: inherit;\"><span style=\"vertical-align: inherit;\">Asociaciones con \u00e1nimo de lucro<\/span><\/span><\/span><\/span><\/strong><span style=\"vertical-align: inherit;\"><span style=\"vertical-align: inherit;\"><span style=\"vertical-align: inherit;\"><span style=\"vertical-align: inherit;\"> \u00ab.<\/span><\/span><\/span><\/span><\/span><\/p>\n<p style=\"text-align: center;\"><span style=\"font-size: 18pt; color: #008000;\"><span style=\"vertical-align: inherit;\"><span style=\"vertical-align: inherit;\"><span style=\"vertical-align: inherit;\"><span style=\"vertical-align: inherit;\">***<\/span><\/span><\/span><\/span><\/span><\/p>\n<p style=\"text-align: justify;\"><span style=\"font-size: 14pt;\"><strong><span style=\"vertical-align: inherit;\"><span style=\"vertical-align: inherit;\"><span style=\"vertical-align: inherit;\"><span style=\"vertical-align: inherit;\">PPS:<\/span><\/span><\/span><\/span><\/strong><span style=\"vertical-align: inherit;\"><span style=\"vertical-align: inherit;\"><span style=\"vertical-align: inherit;\"><span style=\"vertical-align: inherit;\"> He intentado comentar sobre la Directiva de Alertadores y su relaci\u00f3n con la Denuncia an\u00f3nima que dio lugar a que Isabel D\u00edaz Ayuso fuese Investigada por su partido, el Partido Popular, lo que encuentro justificado por la aplicaci\u00f3n de esta Directiva <\/span><\/span><\/span><\/span><em><span style=\"vertical-align: inherit;\"><span style=\"vertical-align: inherit;\"><span style=\"vertical-align: inherit;\"><span style=\"vertical-align: inherit;\">.<\/span><\/span><\/span><\/span><\/em><\/span><\/p>\n<p style=\"text-align: justify;\"><span style=\"font-size: 14pt;\"><strong><span style=\"vertical-align: inherit;\"><span style=\"vertical-align: inherit;\"><span style=\"vertical-align: inherit;\"><span style=\"vertical-align: inherit;\">No tiene posible justificaci\u00f3n, evidentemente, el hecho de que tal investigaci\u00f3n haya sido filtrada -y adem\u00e1s, por el propio PP- a los medios<\/span><\/span><\/span><\/span><\/strong><span style=\"vertical-align: inherit;\"><span style=\"vertical-align: inherit;\"><span style=\"vertical-align: inherit;\"><span style=\"vertical-align: inherit;\"> , lo que entiendo presuntamente <\/span><\/span><\/span><\/span><strong><em><span style=\"vertical-align: inherit;\"><span style=\"vertical-align: inherit;\"><span style=\"vertical-align: inherit;\"><span style=\"vertical-align: inherit;\">delictivo<\/span><\/span><\/span><\/span><\/em><\/strong><span style=\"vertical-align: inherit;\"><span style=\"vertical-align: inherit;\"><span style=\"vertical-align: inherit;\"><span style=\"vertical-align: inherit;\"> , adem\u00e1s de <\/span><\/span><\/span><\/span><strong><em><span style=\"vertical-align: inherit;\"><span style=\"vertical-align: inherit;\"><span style=\"vertical-align: inherit;\"><span style=\"vertical-align: inherit;\">inmoral<\/span><\/span><\/span><\/span><\/em><\/strong><span style=\"vertical-align: inherit;\"><span style=\"vertical-align: inherit;\"><span style=\"vertical-align: inherit;\"><span style=\"vertical-align: inherit;\"> y acreditativo de una nauseabunda perversi\u00f3n <\/span><\/span><\/span><\/span><strong><em><span style=\"vertical-align: inherit;\"><span style=\"vertical-align: inherit;\"><span style=\"vertical-align: inherit;\"><span style=\"vertical-align: inherit;\">\u00e9tica<\/span><\/span><\/span><\/span><\/em><\/strong><span style=\"vertical-align: inherit;\"><span style=\"vertical-align: inherit;\"><span style=\"vertical-align: inherit;\"><span style=\"vertical-align: inherit;\"> que, finalmente ha derivado en la desagradable <\/span><\/span><\/span><\/span><strong><em><span style=\"vertical-align: inherit;\"><span style=\"vertical-align: inherit;\"><span style=\"vertical-align: inherit;\"><span style=\"vertical-align: inherit;\">est\u00e9tica<\/span><\/span><\/span><\/span><\/em><\/strong><span style=\"vertical-align: inherit;\"><span style=\"vertical-align: inherit;\"><span style=\"vertical-align: inherit;\"><span style=\"vertical-align: inherit;\"> que est\u00e1n reflejando estos \u00faltimos d\u00edas los medios.<\/span><\/span><\/span><\/span><\/span><\/p>\n<p style=\"text-align: justify;\"><span style=\"font-size: 14pt;\"><span style=\"vertical-align: inherit;\"><span style=\"vertical-align: inherit;\"><span style=\"vertical-align: inherit;\"><span style=\"vertical-align: inherit;\">Sin embargo, todos mis intentos de encontrar la menci\u00f3n a esta Directiva en las noticias sobre el \u00abAsunto Ayuso\u00bb en diversos Medios, resultaron infructuosos. <\/span><\/span><\/span><span style=\"vertical-align: inherit;\"><span style=\"vertical-align: inherit;\"><span style=\"vertical-align: inherit;\">Los comentarios desaparecieron de inmediato. <\/span><\/span><\/span><span style=\"vertical-align: inherit;\"><span style=\"vertical-align: inherit;\"><span style=\"vertical-align: inherit;\">Es este teatrillo medi\u00e1tico-pol\u00edtico que nos embriaga con sus \u00abRuidos y Pasiones\u00bb (Macbeth), incapacit\u00e1ndonos para actuar en el \u00bb <\/span><\/span><\/span><\/span><em><span style=\"vertical-align: inherit;\"><span style=\"vertical-align: inherit;\"><span style=\"vertical-align: inherit;\"><span style=\"vertical-align: inherit;\">Mercado Pol\u00edtico<\/span><\/span><\/span><\/span><\/em><span style=\"vertical-align: inherit;\"><span style=\"vertical-align: inherit;\"><span style=\"vertical-align: inherit;\"><span style=\"vertical-align: inherit;\"> \u00bb como individuos Racionales y Libres.<\/span><\/span><\/span><\/span><\/span><\/p>\n<p style=\"text-align: justify;\"><span style=\"font-size: 14pt;\"><span style=\"vertical-align: inherit;\"><span style=\"vertical-align: inherit;\"><span style=\"vertical-align: inherit;\"><span style=\"vertical-align: inherit;\">Considere de la mayor importancia <\/span><\/span><\/span><\/span><strong><span style=\"vertical-align: inherit;\"><span style=\"vertical-align: inherit;\"><span style=\"vertical-align: inherit;\"><span style=\"vertical-align: inherit;\">Garantizar la CONFIDENCIALIDAD del Denunciante de Corrupci\u00f3n y garantizar su indemnidad<\/span><\/span><\/span><\/span><\/strong><span style=\"vertical-align: inherit;\"><span style=\"vertical-align: inherit;\"><span style=\"vertical-align: inherit;\"><span style=\"vertical-align: inherit;\"> , ya tal fin, <\/span><\/span><\/span><\/span><\/span><span style=\"font-size: 14pt;\"><strong><span style=\"vertical-align: inherit;\"><span style=\"vertical-align: inherit;\"><span style=\"vertical-align: inherit;\"><span style=\"vertical-align: inherit;\">evitar el cuestionamiento<\/span><\/span><\/span><\/span><\/strong><span style=\"vertical-align: inherit;\"><span style=\"vertical-align: inherit;\"><span style=\"vertical-align: inherit;\"><span style=\"vertical-align: inherit;\"> , m\u00e1s en ausencia de informaci\u00f3n veraz al respecto, <\/span><\/span><\/span><\/span><strong><span style=\"vertical-align: inherit;\"><span style=\"vertical-align: inherit;\"><span style=\"vertical-align: inherit;\"><span style=\"vertical-align: inherit;\">de los Denunciantes de Corrupci\u00f3n<\/span><\/span><\/span><\/span><\/strong><span style=\"vertical-align: inherit;\"><span style=\"vertical-align: inherit;\"><span style=\"vertical-align: inherit;\"><span style=\"vertical-align: inherit;\"> ; <\/span><\/span><\/span><span style=\"vertical-align: inherit;\"><span style=\"vertical-align: inherit;\"><span style=\"vertical-align: inherit;\">quienes, <\/span><\/span><\/span><\/span><strong><span style=\"vertical-align: inherit;\"><span style=\"vertical-align: inherit;\"><span style=\"vertical-align: inherit;\"><span style=\"vertical-align: inherit;\">en el momento oportuno<\/span><\/span><\/span><\/span><\/strong><span style=\"vertical-align: inherit;\"><span style=\"vertical-align: inherit;\"><span style=\"vertical-align: inherit;\"><span style=\"vertical-align: inherit;\"> , esto es, tras finalizar la preceptiva investigaci\u00f3n con la motivada conclusi\u00f3n de no ser ciertos los hechos denunciados o de haber vulnerado los Denunciantes de Corrupci\u00f3n la Ley al acceder, sustraer o copiar la informaci\u00f3n aportada con su Denuncia, <\/span><\/span><\/span><\/span><strong><span style=\"vertical-align: inherit;\"><span style=\"vertical-align: inherit;\"><span style=\"vertical-align: inherit;\"><span style=\"vertical-align: inherit;\">tendr\u00e1n que responde, incluso ante la jurisdicci\u00f3n Penal, de sus actos<\/span><\/span><\/span><\/span><\/strong><span style=\"vertical-align: inherit;\"><span style=\"vertical-align: inherit;\"><span style=\"vertical-align: inherit;\"><span style=\"vertical-align: inherit;\"> , conforme a la propia Directiva, como ha quedado expuesto m\u00e1s atr\u00e1s.<\/span><\/span><\/span><\/span><\/span><\/p>\n<p style=\"text-align: justify;\"><span style=\"font-size: 14pt;\"><span style=\"vertical-align: inherit;\"><span style=\"vertical-align: inherit;\"><span style=\"vertical-align: inherit;\"><span style=\"vertical-align: inherit;\">De hecho, la \u00fanica referencia no expl\u00edcita &#8211; incluso lejana- a la Directiva de Alertadores, que he encontrado en medios de derechas, ha sido \u00e9sta, solo para \u00abiniciados\u00bb, del Editorial de <\/span><\/span><\/span><\/span><a href=\"https:\/\/www.abc.es\/opinion\/abci-editorial-abc-unica-salida-202202182024_noticia.html#vca=mod-lo-mas-p1&amp;vmc=leido&amp;vso=abc-es&amp;vli=portada.portada&amp;vtm_loMas=si\" target=\"_blank\" rel=\"noopener\" data-schema-attribute=\"\"><span style=\"vertical-align: inherit;\"><span style=\"vertical-align: inherit;\"><span style=\"vertical-align: inherit;\"><span style=\"vertical-align: inherit;\">ABC<\/span><\/span><\/span><\/span><\/a><span style=\"vertical-align: inherit;\"><span style=\"vertical-align: inherit;\"><span style=\"vertical-align: inherit;\"><span style=\"vertical-align: inherit;\"> , que merece la pena rese\u00f1ar, pues no excluye de la necesaria investigaci\u00f3n el \u00abAsunto Ayuso\u00bb, si bien recuerda otros asuntos en los que tambi\u00e9n resulta necesaria la Investigaci\u00f3n, no producida hasta el momento (al contrario de lo sucedido en el \u00abAsunto Ayuso\u00bb, cuya Investigaci\u00f3n sabemos que el PP inici\u00f3) :<\/span><\/span><\/span><\/span><\/span><\/p>\n<p class=\"ladillo\" style=\"text-align: center;\"><strong><span style=\"font-size: 14pt;\"><span style=\"vertical-align: inherit;\"><span style=\"vertical-align: inherit;\"><span style=\"vertical-align: inherit;\"><span style=\"vertical-align: inherit;\">Ley del embudo con la corrupci\u00f3n y transparencia<\/span><\/span><\/span><\/span><\/span><\/strong><\/p>\n<p style=\"text-align: center;\"><span style=\"font-size: 14pt;\"><span style=\"vertical-align: inherit;\"><span style=\"vertical-align: inherit;\"><span style=\"vertical-align: inherit;\"><span style=\"vertical-align: inherit;\">\u00abEs cierto que algunos de los casos de enchufismo que est\u00e1 denunciando ABC no adquieren la notoriedad pol\u00edtica de la crisis que afecta al liderazgo del PP. Pero eso no oculta que son casos reales. El modo en que el marido de Nadia Calvi\u00f1o se ha visto favorecido con ayudas europeas, la imputaci\u00f3n de Ada Colau por regar con dinero p\u00fablico y subvenciones a organizaciones de amigos, o revelaciones como las que hoy hace ABC sobre los contratos que consigue el marido de la directora general de la Guardia Civil, podr\u00e1n ser legales o No. Cada caso es distinto y tendr\u00e1 sus matices. Pero no se puede aplicar la ley del embudo, y criminalizar a Ayuso sin pruebas mientras se condenan al ostracismo casos de aparentes corruptelas solo porque sus protagonistas pertenecen a la izquierda. En todos los casos, m\u00e1s all\u00e1 de que existen o no ilicitudes penales, lo id\u00f3neo es la transparencia. Porque pueden no ser ilegales. Pero la ciudadan\u00eda tiene derecho a conocerlo todo con pelos y se\u00f1ales\u00bb.<\/span><\/span><\/span><\/span><\/span><\/p>\n<p style=\"text-align: center;\"><span style=\"color: #008000; font-size: 18pt;\"><span style=\"vertical-align: inherit;\"><span style=\"vertical-align: inherit;\"><span style=\"vertical-align: inherit;\"><span style=\"vertical-align: inherit;\">***<\/span><\/span><\/span><\/span><\/span><\/p>\n<p style=\"text-align: justify;\"><span style=\"font-size: 14pt;\"><span style=\"vertical-align: inherit;\"><span style=\"vertical-align: inherit;\"><span style=\"vertical-align: inherit;\"><span style=\"vertical-align: inherit;\">Y, para acabar, citaremos al gran <\/span><\/span><\/span><\/span><a href=\"https:\/\/blogs.publico.es\/repartidor\/2022\/02\/19\/lirica-carniceria-en-el-pp\/\" target=\"_blank\" rel=\"noopener\"><span style=\"vertical-align: inherit;\"><span style=\"vertical-align: inherit;\"><span style=\"vertical-align: inherit;\"><span style=\"vertical-align: inherit;\">An\u00edbal Malvar<\/span><\/span><\/span><\/span><\/a><span style=\"vertical-align: inherit;\"><span style=\"vertical-align: inherit;\"><span style=\"vertical-align: inherit;\"><span style=\"vertical-align: inherit;\"> :<\/span><\/span><\/span><\/span><\/span><\/p>\n<p style=\"text-align: center;\"><span style=\"font-size: 14pt;\"><span style=\"vertical-align: inherit;\"><span style=\"vertical-align: inherit;\"><span style=\"vertical-align: inherit;\"><span style=\"vertical-align: inherit;\">\u00abPero no os perd\u00e1is la\u00a0 <\/span><\/span><\/span><\/span><em><span style=\"vertical-align: inherit;\"><span style=\"vertical-align: inherit;\"><span style=\"vertical-align: inherit;\"><span style=\"vertical-align: inherit;\">doctrina Cristina de Borb\u00f3n<\/span><\/span><\/span><\/span><\/em><span style=\"vertical-align: inherit;\"><span style=\"vertical-align: inherit;\"><span style=\"vertical-align: inherit;\"><span style=\"vertical-align: inherit;\"> con la que pretenden exculpar a nuestra IDA: \u00abLa presidenta alega desconocimiento y eso significa que no se ha dado irregularidad formal alguna, aunque objetivamente se ha producido un efecto no deseado por las leyes, incumpliendo el esp\u00edritu de lo que persigue\u00bb. \u00abEsto de exculpar a las damas que se dicen tontas a m\u00ed me suena un poco machista, cuando menos\u00bb.<\/span><\/span><\/span><\/span><\/span><\/p>\n<p style=\"text-align: center;\"><span style=\"font-size: 14pt;\"><em><span style=\"vertical-align: inherit;\"><span style=\"vertical-align: inherit;\"><span style=\"vertical-align: inherit;\"><span style=\"vertical-align: inherit;\">\u00ab&#8230; editorialista de El Mundo<\/span><\/span><\/span><\/span><\/em><span style=\"vertical-align: inherit;\"><span style=\"vertical-align: inherit;\"><span style=\"vertical-align: inherit;\"><span style=\"vertical-align: inherit;\"> : \u00abLos votantes del PP hoy saben que el partido al que votaron o al que pensaban votar est\u00e1 dirigido por una desafortunada conjunci\u00f3n de insensatos sin escr\u00fapulos\u00bb. <\/span><\/span><\/span><\/span><strong><span style=\"vertical-align: inherit;\"><span style=\"vertical-align: inherit;\"><span style=\"vertical-align: inherit;\"><span style=\"vertical-align: inherit;\">Vaya plagio: Pedro S\u00e1nchez tambi\u00e9n era un \u00abinsensato sin escr\u00fapulos\u00bb en el editorial que le dedic\u00f3\u00a0 <\/span><\/span><\/span><\/span><em><span style=\"vertical-align: inherit;\"><span style=\"vertical-align: inherit;\"><span style=\"vertical-align: inherit;\"><span style=\"vertical-align: inherit;\">El Pa\u00eds\u00a0<\/span><\/span><\/span><\/span><\/em><span style=\"vertical-align: inherit;\"><span style=\"vertical-align: inherit;\"><span style=\"vertical-align: inherit;\"><span style=\"vertical-align: inherit;\"> en 2016, cuando en el PSOE volaban los pu\u00f1ales entre Susana D\u00edaz y S\u00e1nchez<\/span><\/span><\/span><\/span><\/strong><span style=\"vertical-align: inherit;\"><span style=\"vertical-align: inherit;\"><span style=\"vertical-align: inherit;\"><span style=\"vertical-align: inherit;\"> \u00ab.<\/span><\/span><\/span><\/span><\/span><\/p>\n<p>&nbsp;<\/p>\n<figure id=\"attachment_2241259\" aria-describedby=\"caption-attachment-2241259\" style=\"width: 678px\" class=\"wp-caption aligncenter\"><img loading=\"lazy\" decoding=\"async\" class=\"wp-image-2241259 size-mh-magazine-content\" src=\"https:\/\/puntocritico.com\/ausajpuntocritico\/wp-content\/uploads\/2022\/02\/Isabel-y-Tomas-Diaz-Ayuso-678x370.jpg\" alt=\"\" width=\"678\" height=\"370\" data-id=\"2241259\" \/><figcaption id=\"caption-attachment-2241259\" class=\"wp-caption-text\"><span style=\"color: #008000;\"><span style=\"vertical-align: inherit;\"><span style=\"vertical-align: inherit;\"><span style=\"vertical-align: inherit;\"><span style=\"vertical-align: inherit;\">Isabel y Tom\u00e1s D\u00edaz Ayuso.<\/span><\/span><\/span><\/span><\/span><\/figcaption><\/figure>\n<blockquote>\n<p style=\"text-align: center;\"><strong><span style=\"color: #008000; font-size: 18pt;\"><span style=\"vertical-align: inherit;\"><span style=\"vertical-align: inherit;\"><span style=\"vertical-align: inherit;\"><span style=\"vertical-align: inherit;\">*******<\/span><\/span><\/span><\/span><\/span><\/strong><\/p>\n<\/blockquote>\n<header class=\"entry-header\">\n<h2 class=\"entry-title\" style=\"text-align: center;\"><span style=\"font-size: 24pt;\"><span style=\"vertical-align: inherit;\"><span style=\"vertical-align: inherit;\"><span style=\"vertical-align: inherit;\"><span style=\"vertical-align: inherit;\">LA (\u00bfIRREVERSIBLE?) DESCOMPOSICI\u00d3N DE LO P\u00daBLICO<\/span><\/span><\/span><\/span><\/span><\/h2>\n<\/header>\n<div class=\"entry-content parts-content\">\n<p style=\"text-align: center;\"><strong><span style=\"font-size: 14pt;\"><span style=\"vertical-align: inherit;\"><span style=\"vertical-align: inherit;\"><span style=\"vertical-align: inherit;\"><span style=\"vertical-align: inherit;\">\u201cSe detecta un deterioro profundo del ecosistema p\u00fablico, que comienza a ofrecer s\u00edntomas evidentes de procesamiento. <\/span><\/span><\/span><span style=\"vertical-align: inherit;\"><span style=\"vertical-align: inherit;\"><span style=\"vertical-align: inherit;\">Lo grave de la situaci\u00f3n no es tanto el presente, que lo es, sino especialmente el futuro; <\/span><\/span><\/span><span style=\"vertical-align: inherit;\"><span style=\"vertical-align: inherit;\"><span style=\"vertical-align: inherit;\">pues el deterioro del actual sistema pol\u00edtico-administrativo en Espa\u00f1a tendr\u00e1 inevitables consecuencias devastadoras sobre el futuro del pa\u00eds y de sus pr\u00f3ximas generaciones. <\/span><\/span><\/span><span style=\"vertical-align: inherit;\"><span style=\"vertical-align: inherit;\"><span style=\"vertical-align: inherit;\">La pandemia ha consolidado ( <\/span><\/span><\/span><\/span><em><span style=\"vertical-align: inherit;\"><span style=\"vertical-align: inherit;\"><span style=\"vertical-align: inherit;\"><span style=\"vertical-align: inherit;\">aunque ven\u00eda de lejos<\/span><\/span><\/span><\/span><\/em><span style=\"vertical-align: inherit;\"><span style=\"vertical-align: inherit;\"><span style=\"vertical-align: inherit;\"><span style=\"vertical-align: inherit;\"> ) una forma de hacer pol\u00edtica y de gestionar lo p\u00fablico basada en la contingencia ( <\/span><\/span><\/span><\/span><em><span style=\"vertical-align: inherit;\"><span style=\"vertical-align: inherit;\"><span style=\"vertical-align: inherit;\"><span style=\"vertical-align: inherit;\">a veces chapucera<\/span><\/span><\/span><\/span><\/em><span style=\"vertical-align: inherit;\"><span style=\"vertical-align: inherit;\"><span style=\"vertical-align: inherit;\"><span style=\"vertical-align: inherit;\"> ) y en la inmediata. <\/span><\/span><\/span><span style=\"vertical-align: inherit;\"><span style=\"vertical-align: inherit;\"><span style=\"vertical-align: inherit;\">Hay s\u00edntomas muy preocupantes de ineptitud pol\u00edtica e ineficacia gestora, am\u00e9n de dispendio constante de recursos p\u00fablicos, ahora \u201c <\/span><\/span><\/span><\/span><em><span style=\"vertical-align: inherit;\"><span style=\"vertical-align: inherit;\"><span style=\"vertical-align: inherit;\"><span style=\"vertical-align: inherit;\">abundantes<\/span><\/span><\/span><\/span><\/em><span style=\"vertical-align: inherit;\"><span style=\"vertical-align: inherit;\"><span style=\"vertical-align: inherit;\"><span style=\"vertical-align: inherit;\"> \u201d ( <\/span><\/span><\/span><\/span><em><span style=\"vertical-align: inherit;\"><span style=\"vertical-align: inherit;\"><span style=\"vertical-align: inherit;\"><span style=\"vertical-align: inherit;\">por las vacaciones de las reglas fiscales, el endeudamiento y los fondos europeos<\/span><\/span><\/span><\/span><\/em><span style=\"vertical-align: inherit;\"><span style=\"vertical-align: inherit;\"><span style=\"vertical-align: inherit;\"><span style=\"vertical-align: inherit;\"> ) y dentro de poco escasos ( <\/span><\/span><\/span><\/span><em><span style=\"vertical-align: inherit;\"><span style=\"vertical-align: inherit;\"><span style=\"vertical-align: inherit;\"><span style=\"vertical-align: inherit;\">por los planes de reequilibrio). ). <\/span><span style=\"vertical-align: inherit;\">que habr\u00e1 que aprobar<\/span><\/span><\/span><\/span><\/em><span style=\"vertical-align: inherit;\"><span style=\"vertical-align: inherit;\"><span style=\"vertical-align: inherit;\"><span style=\"vertical-align: inherit;\"> ). <\/span><\/span><\/span><span style=\"vertical-align: inherit;\"><span style=\"vertical-align: inherit;\"><span style=\"vertical-align: inherit;\">Y, en ese momento, no muy lejano, aflorar\u00e1n crudamente los machos nunca resueltos\u201d.<\/span><\/span><\/span><\/span><\/span><\/strong><\/p>\n<\/div>\n<p style=\"text-align: justify;\"><span style=\"font-size: 14pt;\"><span style=\"vertical-align: inherit;\"><span style=\"vertical-align: inherit;\"><span style=\"vertical-align: inherit;\"><span style=\"vertical-align: inherit;\">Por <\/span><\/span><\/span><\/span><a href=\"https:\/\/rafaeljimenezasensio.com\/2022\/02\/13\/la-irreversible-descomposicion-de-lo-publico\/\" target=\"_blank\" rel=\"noopener\"><span style=\"vertical-align: inherit;\"><span style=\"vertical-align: inherit;\"><span style=\"vertical-align: inherit;\"><span style=\"vertical-align: inherit;\">Rafael Jim\u00e9nez Asensio<\/span><\/span><\/span><\/span><\/a><\/span><\/p>\n<p><img loading=\"lazy\" decoding=\"async\" class=\"aligncenter wp-image-2241100 size-mh-magazine-content\" src=\"https:\/\/puntocritico.com\/ausajpuntocritico\/wp-content\/uploads\/2022\/02\/wordle_figure_11-678x381.jpg\" alt=\"DESCOMPOSICI\u00d3N DE LO P\u00daBLICO\" width=\"678\" height=\"381\" data-id=\"2241100\" \/><\/p>\n<p style=\"text-align: right;\"><em><span style=\"vertical-align: inherit;\"><span style=\"vertical-align: inherit;\"><span style=\"vertical-align: inherit;\"><span style=\"vertical-align: inherit;\">\u201cTodo acaba, todo termina.<\/span><\/span><\/span><\/span><\/em><\/p>\n<p style=\"text-align: right;\"><em><span style=\"vertical-align: inherit;\"><span style=\"vertical-align: inherit;\"><span style=\"vertical-align: inherit;\"><span style=\"vertical-align: inherit;\">No dura siempre el mismo sol ardiente <\/span><\/span><\/span><\/span><\/em>\u00a0<em><span style=\"vertical-align: inherit;\"><span style=\"vertical-align: inherit;\"><span style=\"vertical-align: inherit;\"><span style=\"vertical-align: inherit;\">en el mismo cielo azul\u201d<\/span><\/span><\/span><\/span><\/em><\/p>\n<p style=\"text-align: right;\"><em><span style=\"vertical-align: inherit;\"><span style=\"vertical-align: inherit;\"><span style=\"vertical-align: inherit;\"><span style=\"vertical-align: inherit;\">(Jos\u00e9 Hierro,\u00a0 <\/span><\/span><\/span><\/span><u><span style=\"vertical-align: inherit;\"><span style=\"vertical-align: inherit;\"><span style=\"vertical-align: inherit;\"><span style=\"vertical-align: inherit;\">Poes\u00edas completas 1947-2003<\/span><\/span><\/span><\/span><\/u><span style=\"vertical-align: inherit;\"><span style=\"vertical-align: inherit;\"><span style=\"vertical-align: inherit;\"><span style=\"vertical-align: inherit;\"> , Visor, 2017, p. 255)<\/span><\/span><\/span><\/span><\/em><\/p>\n<p>&nbsp;<\/p>\n<h3 style=\"text-align: center;\"><span style=\"font-size: 18pt;\"><strong><span style=\"vertical-align: inherit;\"><span style=\"vertical-align: inherit;\"><span style=\"vertical-align: inherit;\"><span style=\"vertical-align: inherit;\">preliminar<\/span><\/span><\/span><\/span><\/strong><\/span><\/h3>\n<p class=\"has-text-align-justify\" style=\"text-align: justify;\"><span style=\"font-size: 14pt;\"><span style=\"vertical-align: inherit;\"><span style=\"vertical-align: inherit;\"><span style=\"vertical-align: inherit;\"><span style=\"vertical-align: inherit;\">Los datos de contexto m\u00e1s inmediatos nos muestran algunas se\u00f1ales de alarma. <\/span><\/span><\/span><span style=\"vertical-align: inherit;\"><span style=\"vertical-align: inherit;\"><span style=\"vertical-align: inherit;\">Pero, no les ocultos que no me interesan demasiado ahora: son mera sintomatolog\u00eda de una enfermedad mucho m\u00e1s profunda. <\/span><\/span><\/span><span style=\"vertical-align: inherit;\"><span style=\"vertical-align: inherit;\"><span style=\"vertical-align: inherit;\">Que el \u00cdndice de Transparencia Internacional sobre la percepci\u00f3n de la corrupci\u00f3n en 2021 nos haga bajar dos escalones y nos sit\u00fae en el puesto 14 de la UE, es preocupante (por debajo de la media); <\/span><\/span><\/span><span style=\"vertical-align: inherit;\"><span style=\"vertical-align: inherit;\"><span style=\"vertical-align: inherit;\">pero no pasa tampoco de mero s\u00edntoma. <\/span><\/span><\/span><span style=\"vertical-align: inherit;\"><span style=\"vertical-align: inherit;\"><span style=\"vertical-align: inherit;\">Lo mismo se puede afirmar del reciente\u00a0 <\/span><\/span><\/span><\/span><em><span style=\"vertical-align: inherit;\"><span style=\"vertical-align: inherit;\"><span style=\"vertical-align: inherit;\"><span style=\"vertical-align: inherit;\">Democracy Index\u00a0<\/span><\/span><\/span><\/span><\/em><span style=\"vertical-align: inherit;\"><span style=\"vertical-align: inherit;\"><span style=\"vertical-align: inherit;\"><span style=\"vertical-align: inherit;\"> editado por\u00a0 <\/span><\/span><\/span><\/span><em><span style=\"vertical-align: inherit;\"><span style=\"vertical-align: inherit;\"><span style=\"vertical-align: inherit;\"><span style=\"vertical-align: inherit;\">The Economist<\/span><\/span><\/span><\/span><\/em><span style=\"vertical-align: inherit;\"><span style=\"vertical-align: inherit;\"><span style=\"vertical-align: inherit;\"><span style=\"vertical-align: inherit;\"> \u00a0que, sin perjuicio de las inteligentes objeciones que plantea Carlos S\u00e1nchez en su art\u00edculo dominical en\u00a0 <\/span><\/span><\/span><\/span><em><span style=\"vertical-align: inherit;\"><span style=\"vertical-align: inherit;\"><span style=\"vertical-align: inherit;\"><span style=\"vertical-align: inherit;\">El Confidencial<\/span><\/span><\/span><\/span><\/em><span style=\"vertical-align: inherit;\"><span style=\"vertical-align: inherit;\"><span style=\"vertical-align: inherit;\"><span style=\"vertical-align: inherit;\"> , desciende a la democracia espa\u00f1ola al segundo escal\u00f3n, fuera ya de los sistemas pol\u00edticos m\u00e1s consistentes. . <\/span><span style=\"vertical-align: inherit;\">. <\/span><\/span><\/span><span style=\"vertical-align: inherit;\"><span style=\"vertical-align: inherit;\"><span style=\"vertical-align: inherit;\">Estas son noticias de inmediata, siempre interesantes y que tantos comentarios medi\u00e1ticos levantan, pero ofrecen solo una parte del problema.<\/span><\/span><\/span><\/span><\/span><\/p>\n<p class=\"has-text-align-justify\" style=\"text-align: justify;\"><span style=\"font-size: 14pt;\"><span style=\"vertical-align: inherit;\"><span style=\"vertical-align: inherit;\"><span style=\"vertical-align: inherit;\"><span style=\"vertical-align: inherit;\">Lo que aqu\u00ed sigue, es una mirada personal e incompleta. <\/span><\/span><\/span><span style=\"vertical-align: inherit;\"><span style=\"vertical-align: inherit;\"><span style=\"vertical-align: inherit;\">Hay momentos en que cabe trascender de lo inmediato e intentar, al menos, analizar el presente y el futuro con una lente m\u00e1s amplia, que nos permita identificar los movimientos s\u00edsmicos que realmente se est\u00e1n produciendo en nuestro panorama p\u00fablico-institucional, y sobre todo hacer. . <\/span><span style=\"vertical-align: inherit;\">un ejercicio de prospectiva sobre cu\u00e1les ser\u00e1n sus efectos hipot\u00e9ticos. <\/span><\/span><\/span><span style=\"vertical-align: inherit;\"><span style=\"vertical-align: inherit;\"><span style=\"vertical-align: inherit;\">Esa mirada es necesaria, aunque nos incomode, disguste y perturbamos, pues \u2013al menos en mi caso y tras m\u00e1s de cuatro d\u00e9cadas trabajando\u00a0 <\/span><\/span><\/span><\/span><em><span style=\"vertical-align: inherit;\"><span style=\"vertical-align: inherit;\"><span style=\"vertical-align: inherit;\"><span style=\"vertical-align: inherit;\">desde\u00a0<\/span><\/span><\/span><\/span><\/em><span style=\"vertical-align: inherit;\"><span style=\"vertical-align: inherit;\"><span style=\"vertical-align: inherit;\"><span style=\"vertical-align: inherit;\"> y\u00a0 <\/span><\/span><\/span><\/span><em><span style=\"vertical-align: inherit;\"><span style=\"vertical-align: inherit;\"><span style=\"vertical-align: inherit;\"><span style=\"vertical-align: inherit;\">sobre\u00a0<\/span><\/span><\/span><\/span><\/em><span style=\"vertical-align: inherit;\"><span style=\"vertical-align: inherit;\"><span style=\"vertical-align: inherit;\"><span style=\"vertical-align: inherit;\"> lo p\u00fablico- se detecta un deterioro profundo del ecosistema p\u00fablico, que comienza a ofrecer s\u00edntomas evidentes (m\u00e1s all\u00e1 de los \u00edndices expuestos) de revisi\u00f3n. <\/span><\/span><\/span><span style=\"vertical-align: inherit;\"><span style=\"vertical-align: inherit;\"><span style=\"vertical-align: inherit;\">Lo grave de la situaci\u00f3n no es tanto el presente, que lo es, sino especialmente el futuro; <\/span><\/span><\/span><span style=\"vertical-align: inherit;\"><span style=\"vertical-align: inherit;\"><span style=\"vertical-align: inherit;\">pues el deterioro del actual sistema pol\u00edtico-administrativo en Espa\u00f1a tendr\u00e1 inevitables consecuencias devastadoras sobre el futuro del pa\u00eds y de sus pr\u00f3ximas generaciones. <\/span><\/span><\/span><span style=\"vertical-align: inherit;\"><span style=\"vertical-align: inherit;\"><span style=\"vertical-align: inherit;\">La pandemia ha consolidado (aunque ven\u00eda de lejos) una forma de hacer pol\u00edtica y de gestionar lo p\u00fablico basada en la contingencia (a veces chapucera) y en la inmediata. <\/span><\/span><\/span><span style=\"vertical-align: inherit;\"><span style=\"vertical-align: inherit;\"><span style=\"vertical-align: inherit;\">Hay s\u00edntomas muy preocupantes de ineptitud pol\u00edtica e ineficacia gestora, am\u00e9n de dispendio constante de recursos p\u00fablicos, ahora \u201cabundantes\u201d (por las vacaciones de las reglas fiscales, el endeudamiento y los fondos europeos) y dentro de poco escasos (por los planes de reequilibrio). ). <\/span><span style=\"vertical-align: inherit;\">que habr\u00e1 que aprobar). <\/span><\/span><\/span><span style=\"vertical-align: inherit;\"><span style=\"vertical-align: inherit;\"><span style=\"vertical-align: inherit;\">Y, en ese momento, no muy lejano, aflorar\u00e1n crudamente los machos nunca resueltos.<\/span><\/span><\/span><\/span><\/span><\/p>\n<p>&nbsp;<\/p>\n<p><img loading=\"lazy\" decoding=\"async\" class=\"aligncenter wp-image-2241145\" src=\"https:\/\/puntocritico.com\/ausajpuntocritico\/wp-content\/uploads\/2022\/02\/protesta-hatillo-1040x585-1-678x381.jpg\" alt=\"\" width=\"480\" height=\"270\" data-id=\"2241145\" srcset=\"https:\/\/puntocritico.com\/ausajpuntocritico\/wp-content\/uploads\/2022\/02\/protesta-hatillo-1040x585-1-678x382.jpg 678w, https:\/\/puntocritico.com\/ausajpuntocritico\/wp-content\/uploads\/2022\/02\/protesta-hatillo-1040x585-1-300x169.jpg 300w, https:\/\/puntocritico.com\/ausajpuntocritico\/wp-content\/uploads\/2022\/02\/protesta-hatillo-1040x585-1-610x343.jpg 610w, https:\/\/puntocritico.com\/ausajpuntocritico\/wp-content\/uploads\/2022\/02\/protesta-hatillo-1040x585-1.jpg 680w\" sizes=\"auto, (max-width: 480px) 100vw, 480px\" \/><\/p>\n<p>&nbsp;<\/p>\n<h3 style=\"text-align: center;\"><span style=\"font-size: 18pt;\"><strong><span style=\"vertical-align: inherit;\"><span style=\"vertical-align: inherit;\"><span style=\"vertical-align: inherit;\"><span style=\"vertical-align: inherit;\">Una sintomatolog\u00eda (incompleta) del estado de revisi\u00f3n de lo p\u00fablico en Espa\u00f1a<\/span><\/span><\/span><\/span><\/strong><\/span><\/h3>\n<p class=\"has-text-align-justify\" style=\"text-align: justify;\"><span style=\"font-size: 14pt;\"><span style=\"vertical-align: inherit;\"><span style=\"vertical-align: inherit;\">Estas son algunas muestras evidentes del estado de an\u00e1lisis de lo p\u00fablico en este pa\u00eds llamado Espa\u00f1a y en todos sus niveles territoriales de gobierno: \u00a0<\/span><\/span><\/span><\/p>\n<p class=\"has-text-align-justify\" style=\"text-align: justify; padding-left: 40px;\"><span style=\"font-size: 14pt;\"><span style=\"vertical-align: inherit;\"><span style=\"vertical-align: inherit;\">a) No funciona (nunca lo ha hecho) el principio de separaci\u00f3n de poderes: las instituciones de control est\u00e1n capturadas por el clientelismo partidista. <\/span><span style=\"vertical-align: inherit;\">No cumplen, o lo hacen de forma muy insatisfactoria, las misiones existenciales que tienen asignadas. <\/span><span style=\"vertical-align: inherit;\">No hay contrapesos efectivos, ni frenos institucionales del poder. <\/span><span style=\"vertical-align: inherit;\">Y sin ellos, ya se sabe: los atropellos son constantes.<\/span><\/span><\/span><\/p>\n<p style=\"text-align: justify; padding-left: 40px;\"><span style=\"font-size: 14pt;\"><span style=\"vertical-align: inherit;\"><span style=\"vertical-align: inherit;\">b) El sistema pol\u00edtico institucional est\u00e1 devastado, sin legitimidad; <\/span><span style=\"vertical-align: inherit;\">en hundimiento imparable.<\/span><\/span><\/span><\/p>\n<p class=\"has-text-align-justify\" style=\"text-align: justify; padding-left: 40px;\"><span style=\"font-size: 14pt;\"><span style=\"vertical-align: inherit;\"><span style=\"vertical-align: inherit;\">c) El Parlamento es una instituci\u00f3n sin pulso que ha cedido graciosamente su potestad legislativa al Ejecutivo, que \u201clegisla\u201d excepcionalmente sin freno ni control. <\/span><span style=\"vertical-align: inherit;\">El ruido parlamentario es un insulto a la inteligencia.<\/span><\/span><\/span><\/p>\n<p class=\"has-text-align-justify\" style=\"text-align: justify; padding-left: 40px;\"><span style=\"font-size: 14pt;\"><span style=\"vertical-align: inherit;\"><span style=\"vertical-align: inherit;\">d) Los partidos pol\u00edticos ya no son lo que eran, est\u00e1n adosados \u200b\u200bal poder. <\/span><span style=\"vertical-align: inherit;\">Alejados de la ciudadan\u00eda, son ya partidos de cargos p\u00fablicos.\u00a0<\/span><\/span><a href=\"https:\/\/www.hayderecho.com\/2021\/10\/28\/partidos-de-cargos-publicos-y-direccion-publica-en-espana\/\" target=\"_blank\" rel=\"noopener\" data-schema-attribute=\"\"><span style=\"vertical-align: inherit;\"><span style=\"vertical-align: inherit;\">Viven en el poder o esperando alcanzarlo<\/span><\/span><\/a><span style=\"vertical-align: inherit;\"><span style=\"vertical-align: inherit;\"> .<\/span><\/span><\/span><\/p>\n<p class=\"has-text-align-justify\" style=\"text-align: justify; padding-left: 40px;\"><span style=\"font-size: 14pt;\"><span style=\"vertical-align: inherit;\"><span style=\"vertical-align: inherit;\">e) Hay una connivencia espuria entre pol\u00edtica gubernamental y sindicalismo del sector p\u00fablico, para defender el\u00a0 <\/span><\/span><em><span style=\"vertical-align: inherit;\"><span style=\"vertical-align: inherit;\">statu quo\u00a0<\/span><\/span><\/em><span style=\"vertical-align: inherit;\"><span style=\"vertical-align: inherit;\"> y paralizar\u00a0 <\/span><\/span><em><span style=\"vertical-align: inherit;\"><span style=\"vertical-align: inherit;\">de facto\u00a0<\/span><\/span><\/em><span style=\"vertical-align: inherit;\"><span style=\"vertical-align: inherit;\"> cualquier transformaci\u00f3n de lo p\u00fablico que altere sus intereses rec\u00edprocos endog\u00e1micos.<\/span><\/span><\/span><\/p>\n<p class=\"has-text-align-justify\" style=\"text-align: justify; padding-left: 40px;\"><span style=\"font-size: 14pt;\"><span style=\"vertical-align: inherit;\"><span style=\"vertical-align: inherit;\">g) Disponemos de \u00e9lites pol\u00edticas de muy baja calidad y liderazgos efectivos inexistentes. <\/span><span style=\"vertical-align: inherit;\">La pol\u00edtica no sabe gobernar con mirada estrat\u00e9gica, vive atada a la contingencia. <\/span><span style=\"vertical-align: inherit;\">Solo quieren ganar elecciones para\u00a0 <\/span><\/span><em><span style=\"vertical-align: inherit;\"><span style=\"vertical-align: inherit;\">estar\u00a0<\/span><\/span><\/em><span style=\"vertical-align: inherit;\"><span style=\"vertical-align: inherit;\"> en el Gobierno. <\/span><span style=\"vertical-align: inherit;\">No para\u00a0 <\/span><\/span><em><span style=\"vertical-align: inherit;\"><span style=\"vertical-align: inherit;\">hacer\u00a0<\/span><\/span><\/em><span style=\"vertical-align: inherit;\"><span style=\"vertical-align: inherit;\"> realmente la vida m\u00e1s feliz a la ciudadan\u00eda ni resolver los grandes problemas siempre pendientes <\/span><\/span><em><span style=\"vertical-align: inherit;\"><span style=\"vertical-align: inherit;\">.\u00a0<\/span><\/span><\/em><span style=\"vertical-align: inherit;\"><span style=\"vertical-align: inherit;\">Las decisiones inc\u00f3modas se aplazan eternamente.<\/span><\/span><\/span><\/p>\n<p class=\"has-text-align-justify\" style=\"text-align: justify; padding-left: 40px;\"><span style=\"font-size: 14pt;\"><span style=\"vertical-align: inherit;\"><span style=\"vertical-align: inherit;\">h) La pol\u00edtica actual est\u00e1 pre\u00f1ada de impotencia, sectarismo, fragmentaci\u00f3n y polarizaci\u00f3n. <\/span><span style=\"vertical-align: inherit;\">Notas apropiadas para el triunfo (ya se anuncia) de las pol\u00edticas populistas y de la pura demagogia. <\/span><span style=\"vertical-align: inherit;\">Las redes sociales fomentan una ciudadan\u00eda cada vez m\u00e1s ignorante que se mueve principalmente por est\u00edmulos primarios. <\/span><span style=\"vertical-align: inherit;\">El debate se ha enterrado. <\/span><span style=\"vertical-align: inherit;\">La deliberaci\u00f3n apenas existe.\u00a0<\/span><\/span><\/span><\/p>\n<p class=\"has-text-align-justify\" style=\"text-align: justify; padding-left: 40px;\"><span style=\"font-size: 14pt;\"><span style=\"vertical-align: inherit;\"><span style=\"vertical-align: inherit;\">i) Todo se f\u00eda en pol\u00edtica a una comunicaci\u00f3n pol\u00edtica de baratija, que vende discursos autocomplacientes que nada tienen que ver con la realidad, y que la ciudadan\u00eda ya no compra.<\/span><\/span><\/span><\/p>\n<p class=\"has-text-align-justify\" style=\"text-align: justify; padding-left: 40px;\"><span style=\"font-size: 14pt;\"><span style=\"vertical-align: inherit;\"><span style=\"vertical-align: inherit;\">j) No hay alineamiento real entre pol\u00edtica y gesti\u00f3n. <\/span><span style=\"vertical-align: inherit;\">La realidad p\u00fablico-institucional vive en compartimentos estancos y con muy baja interacci\u00f3n. <\/span><span style=\"vertical-align: inherit;\">Desconfianza rec\u00edproca y aislamiento.<\/span><\/span><\/span><\/p>\n<p class=\"has-text-align-justify\" style=\"text-align: justify; padding-left: 40px;\"><span style=\"font-size: 14pt;\"><span style=\"vertical-align: inherit;\"><span style=\"vertical-align: inherit;\">k) Las pol\u00edticas se cuartean en estructuras de gobierno multinivel descoordinadas y hasta cierto punto an\u00e1rquicas, con costos elevad\u00edsimos de transacci\u00f3n. <\/span><span style=\"vertical-align: inherit;\">No funciona la Gobernanza. <\/span><span style=\"vertical-align: inherit;\">El Estado es un conglomerado de estructuras territoriales adosadas que hacen lo mismo (isomorfismo) o se diferencian en la nimiedad absurda y desconcertante (Covid19).<\/span><\/span><\/span><\/p>\n<p class=\"has-text-align-justify\" style=\"text-align: justify; padding-left: 40px;\"><span style=\"font-size: 14pt;\"><span style=\"vertical-align: inherit;\"><span style=\"vertical-align: inherit;\">l) Internamente los gobiernos se fragmentan en compartimentos estancos (silos) que apenas interact\u00faan entre s\u00ed, agravado por estructuras de gobiernos de coalici\u00f3n con l\u00f3gicas internas disgregadoras y contradictorias. <\/span><span style=\"vertical-align: inherit;\">Sin cultura de coalici\u00f3n. <\/span><span style=\"vertical-align: inherit;\">Los ministerios \u201clegislan\u201d sobre \u201csu negociado\u201d, dando lugar, por ejemplo, a disparatados complejos normativos incoherentes y absurdos en su aplicaci\u00f3n al sector p\u00fablico (Ley 20\/2021 y RDL 32\/2021).<\/span><\/span><\/span><\/p>\n<p class=\"has-text-align-justify\" style=\"text-align: justify; padding-left: 40px;\"><span style=\"font-size: 14pt;\"><span style=\"vertical-align: inherit;\"><span style=\"vertical-align: inherit;\">ll) La alta administraci\u00f3n est\u00e1 colonizada por la pol\u00edtica, sin resquicio alguno a la profesionalizaci\u00f3n efectiva. <\/span><span style=\"vertical-align: inherit;\">Espa\u00f1a es uno de los pa\u00edses de la UE con mayor politizaci\u00f3n de la Administraci\u00f3n (que alcanza decenas de millas de niveles org\u00e1nicos de responsabilidad).<\/span><\/span><\/span><\/p>\n<p class=\"has-text-align-justify\" style=\"text-align: justify; padding-left: 40px;\"><span style=\"font-size: 14pt;\"><span style=\"vertical-align: inherit;\"><span style=\"vertical-align: inherit;\">m) Las Administraciones p\u00fablicas no son tractoras de (casi) nada, son m\u00e1quinas repartidoras de recursos p\u00fablicos ya tasados \u200b\u200b(pensiones, retribuciones a empleados) o discrecionalmente distribuidas por medio de subvenciones, ayudas o contratos p\u00fablicos, frecuentemente dirigidas por criterios clientelares o hacia grandes. empresas, despachos y consultoras.<\/span><\/span><\/span><\/p>\n<p class=\"has-text-align-justify\" style=\"text-align: justify; padding-left: 40px;\"><span style=\"font-size: 14pt;\"><span style=\"vertical-align: inherit;\"><span style=\"vertical-align: inherit;\">n) La transformaci\u00f3n digital est\u00e1 empeorando los servicios p\u00fablicos, con abandono de la atenci\u00f3n ciudadana y afectaci\u00f3n brutal a la brecha digital. <\/span><span style=\"vertical-align: inherit;\">No hay una transici\u00f3n ordenada.<\/span><\/span><\/span><\/p>\n<p class=\"has-text-align-justify\" style=\"text-align: justify; padding-left: 40px;\"><span style=\"font-size: 14pt;\"><span style=\"vertical-align: inherit;\"><span style=\"vertical-align: inherit;\">\u00f1) El sector p\u00fablico est\u00e1 perdiendo a marchas forzadas\u00a0 <\/span><\/span><em><span style=\"vertical-align: inherit;\"><span style=\"vertical-align: inherit;\">capacidad ejecutiva\u00a0<\/span><\/span><\/em><span style=\"vertical-align: inherit;\"><span style=\"vertical-align: inherit;\"> vi\u00e9ndose cada vez m\u00e1s obligado a echarse en manos de un sector privado que ve en lo p\u00fablico un nicho de negocio de proporciones incalculables (algo que ya se visualiza con los fondos europeos). \u00a0<\/span><\/span><\/span><\/p>\n<p class=\"has-text-align-justify\" style=\"text-align: justify; padding-left: 40px;\"><span style=\"font-size: 14pt;\"><span style=\"vertical-align: inherit;\"><span style=\"vertical-align: inherit;\">o) La Agenda 2030 sigue sin calar, convertida en un marchamo publicitario (desarrollo sostenible), sin aplicaci\u00f3n efectiva. <\/span><span style=\"vertical-align: inherit;\">Los ODS son, en buena medida, elementos decorativos. <\/span><span style=\"vertical-align: inherit;\">Las instituciones s\u00f3lidas del ODS 16 se est\u00e1n transformando en instituciones gaseosas. <\/span><span style=\"vertical-align: inherit;\">Nadie (o muy pocos) se cree nada: ni la integridad, ni la transparencia, ni la participaci\u00f3n.<\/span><\/span><\/span><\/p>\n<p class=\"has-text-align-justify\" style=\"text-align: justify; padding-left: 40px;\"><span style=\"font-size: 14pt;\"><span style=\"vertical-align: inherit;\"><span style=\"vertical-align: inherit;\">p) Las Administraciones P\u00fablicas son organizaciones del pleistoceno. <\/span><span style=\"vertical-align: inherit;\">No se trabaja por proyectos, se dispone de estructuras r\u00edgidas e inadaptadas, que nadie quiere tocar. <\/span><span style=\"vertical-align: inherit;\">El sector p\u00fablico empresarial sigue siendo, en buena medida, la cueva de\u00a0 <\/span><\/span><em><span style=\"vertical-align: inherit;\"><span style=\"vertical-align: inherit;\">Al\u00ed Baba<\/span><\/span><\/em><span style=\"vertical-align: inherit;\"><span style=\"vertical-align: inherit;\"> \u00a0de lo p\u00fablico.<\/span><\/span><\/span><\/p>\n<p class=\"has-text-align-justify\" style=\"text-align: justify; padding-left: 40px;\"><span style=\"font-size: 14pt;\"><span style=\"vertical-align: inherit;\"><span style=\"vertical-align: inherit;\">q) Las AAPP est\u00e1n perdiendo su (escaso) talento interno por las jubilaciones masivas. <\/span><span style=\"vertical-align: inherit;\">Y nadie piensa en c\u00f3mo rehacerlo. <\/span><span style=\"vertical-align: inherit;\">La Administraci\u00f3n se descapitaliza a marchas forzadas. <\/span><span style=\"vertical-align: inherit;\">Los recursos humanos del sector p\u00fablico son el gran nudo. <\/span><span style=\"vertical-align: inherit;\">Irresoluble.<\/span><\/span><\/span><\/p>\n<p class=\"has-text-align-justify\" style=\"text-align: justify; padding-left: 40px;\"><span style=\"font-size: 14pt;\"><span style=\"vertical-align: inherit;\"><span style=\"vertical-align: inherit;\">r) El declive del m\u00e9rito y la capacidad es absoluta en el acceso. <\/span><span style=\"vertical-align: inherit;\">Las oposiciones libres son ya casi anecd\u00f3ticas porcentualmente. <\/span><span style=\"vertical-align: inherit;\">Las Ofertas de empleo p\u00fablico, en buena parte mentira. <\/span><span style=\"vertical-align: inherit;\">Los RPT instrumentos r\u00edgidos y obsoletos.<\/span><\/span><\/span><\/p>\n<p class=\"has-text-align-justify\" style=\"text-align: justify; padding-left: 40px;\"><span style=\"font-size: 14pt;\"><span style=\"vertical-align: inherit;\"><span style=\"vertical-align: inherit;\">t) El\u00a0 <\/span><\/span><em><span style=\"vertical-align: inherit;\"><span style=\"vertical-align: inherit;\">aplantillamiento\u00a0<\/span><\/span><\/em><span style=\"vertical-align: inherit;\"><span style=\"vertical-align: inherit;\"> autom\u00e1tico (sin pruebas reales de acceso) de centenares de millas de plazas fruto de una pol\u00edtica populista y demag\u00f3gica de pretendido combate contra la temporalidad, comportar\u00e1 muy bajos est\u00e1ndares profesionales en las pr\u00f3ximas d\u00e9cadas. <\/span><span style=\"vertical-align: inherit;\">Se han dado un tiro en la cabeza. <\/span><span style=\"vertical-align: inherit;\">Sin conocimiento interno, la dependencia del mercado ser\u00e1 total. <\/span><span style=\"vertical-align: inherit;\">No puede haber conocimiento (talento) cuando no se exige en el acceso. <\/span><span style=\"vertical-align: inherit;\">No se crea por generaci\u00f3n espont\u00e1nea<\/span><\/span><\/span><\/p>\n<p class=\"has-text-align-justify\" style=\"text-align: justify; padding-left: 40px;\"><span style=\"font-size: 14pt;\"><span style=\"vertical-align: inherit;\"><span style=\"vertical-align: inherit;\">u) Sigue el reinado absoluto de la libre designaci\u00f3n y la aplicaci\u00f3n p\u00e9sima de los sistemas de concurso. <\/span><span style=\"vertical-align: inherit;\">Los RRHH del sector p\u00fablico son compartimentos estanco e incomunicados. <\/span><span style=\"vertical-align: inherit;\">Es la ca\u00f1er\u00eda principal por donde se van los mayores costos de ineficiencia del sector p\u00fablico (tambi\u00e9n en el docente y sanitario) por incapacidad estrat\u00e9gica y de gesti\u00f3n.<\/span><\/span><\/span><\/p>\n<p class=\"has-text-align-justify\" style=\"text-align: justify; padding-left: 40px;\"><span style=\"font-size: 14pt;\"><span style=\"vertical-align: inherit;\"><span style=\"vertical-align: inherit;\">v) Ni hay evaluaci\u00f3n del desempe\u00f1o, ni carrera profesional efectiva, ni Direcci\u00f3n P\u00fablica Profesional. <\/span><span style=\"vertical-align: inherit;\">Los valores p\u00fablicos juegan en retirada en un bastardo empleo p\u00fablico, contaminado hasta los tu\u00e9tanos por la impronta laboral. <\/span><span style=\"vertical-align: inherit;\">La funci\u00f3n p\u00fablica (servicio p\u00fablico) ha dejado paso a la centralidad del empleado p\u00fablico, que de forma espuria y perversa se convierte en el centro end\u00f3geno de lo p\u00fablico.<\/span><\/span><\/span><\/p>\n<p class=\"has-text-align-justify\" style=\"text-align: justify; padding-left: 40px;\"><span style=\"font-size: 14pt;\"><span style=\"vertical-align: inherit;\"><span style=\"vertical-align: inherit;\">x) La ciudadan\u00eda (la persona), por tanto, ya no est\u00e1 en el centro de las pol\u00edticas (solo de boquilla), que se han convertido en endog\u00e1micas (garantizar el\u00a0 <\/span><\/span><em><span style=\"vertical-align: inherit;\"><span style=\"vertical-align: inherit;\">statu quo\u00a0<\/span><\/span><\/em><span style=\"vertical-align: inherit;\"><span style=\"vertical-align: inherit;\"> y los intereses end\u00f3genos y ex\u00f3genos cruzados). <\/span><span style=\"vertical-align: inherit;\">No hay nadie ya que defensa al ciudadano. <\/span><span style=\"vertical-align: inherit;\">La digitalizaci\u00f3n lo hace a\u00fan m\u00e1s vulnerable.<\/span><\/span><\/span><\/p>\n<p class=\"has-text-align-justify\" style=\"text-align: justify; padding-left: 40px;\"><span style=\"font-size: 14pt;\"><span style=\"vertical-align: inherit;\"><span style=\"vertical-align: inherit;\">y) Un pa\u00eds que es incapaz de promover reformas y transformaci\u00f3n si no nos las exige la UE (que siempre procuramos orillar), es un fracaso colectivo. <\/span><span style=\"vertical-align: inherit;\">No dispone de visi\u00f3n ni proyecto.<\/span><\/span><\/span><\/p>\n<p class=\"has-text-align-justify\" style=\"text-align: justify; padding-left: 40px;\"><span style=\"font-size: 14pt;\"><span style=\"vertical-align: inherit;\"><span style=\"vertical-align: inherit;\">z) El\u00a0 <\/span><\/span><em><span style=\"vertical-align: inherit;\"><span style=\"vertical-align: inherit;\">inter\u00e9s general\u00a0<\/span><\/span><\/em><span style=\"vertical-align: inherit;\"><span style=\"vertical-align: inherit;\"> se ha convertido en un eufemismo formal, pues est\u00e1 dando paso a una\u00a0 <\/span><\/span><em><span style=\"vertical-align: inherit;\"><span style=\"vertical-align: inherit;\">privatizaci\u00f3n\u00a0<\/span><\/span><\/em><span style=\"vertical-align: inherit;\"><span style=\"vertical-align: inherit;\"> creciente de lo p\u00fablico, tanto por los partidos pol\u00edticos, por el sindicalismo del sector p\u00fablico, por un empleo p\u00fablico en zona de confort, as\u00ed como por las grandes empresas que se benefician de todas las carencias indicadas. <\/span><span style=\"vertical-align: inherit;\">Los dem\u00e1s, a pasar por caja.<\/span><\/span><\/span><\/p>\n<p>&nbsp;<\/p>\n<figure id=\"attachment_2241146\" aria-describedby=\"caption-attachment-2241146\" style=\"width: 480px\" class=\"wp-caption aligncenter\"><img loading=\"lazy\" decoding=\"async\" class=\"size-full wp-image-2241146\" src=\"https:\/\/puntocritico.com\/ausajpuntocritico\/wp-content\/uploads\/2022\/02\/full-monty-bailando-en-la-cola-del-paro.jpg\" alt=\"\" width=\"480\" height=\"360\" data-id=\"2241146\" srcset=\"https:\/\/puntocritico.com\/ausajpuntocritico\/wp-content\/uploads\/2022\/02\/full-monty-bailando-en-la-cola-del-paro.jpg 480w, https:\/\/puntocritico.com\/ausajpuntocritico\/wp-content\/uploads\/2022\/02\/full-monty-bailando-en-la-cola-del-paro-300x225.jpg 300w, https:\/\/puntocritico.com\/ausajpuntocritico\/wp-content\/uploads\/2022\/02\/full-monty-bailando-en-la-cola-del-paro-326x245.jpg 326w, https:\/\/puntocritico.com\/ausajpuntocritico\/wp-content\/uploads\/2022\/02\/full-monty-bailando-en-la-cola-del-paro-80x60.jpg 80w\" sizes=\"auto, (max-width: 480px) 100vw, 480px\" \/><figcaption id=\"caption-attachment-2241146\" class=\"wp-caption-text\"><span style=\"color: #008000;\"><span style=\"vertical-align: inherit;\"><span style=\"vertical-align: inherit;\">Bailando en la cola del paro (The Full Monty)<\/span><\/span><\/span><\/figcaption><\/figure>\n<p>&nbsp;<\/p>\n<h3 style=\"text-align: center;\"><span style=\"font-size: 18pt;\"><strong><span style=\"vertical-align: inherit;\"><span style=\"vertical-align: inherit;\">Final<\/span><\/span><\/strong><\/span><\/h3>\n<p class=\"has-text-align-justify\" style=\"text-align: justify;\"><span style=\"font-size: 14pt;\"><span style=\"vertical-align: inherit;\"><span style=\"vertical-align: inherit;\">Quienes sean finos analistas del pasado, presente y futuro del sistema p\u00fablico objetar\u00e1n al planteamiento anterior muchas limitaciones y una mirada muy cargada de elementos disfuncionales, sin poner el acento en lo positivo. <\/span><span style=\"vertical-align: inherit;\">No lo negar\u00e9. <\/span><span style=\"vertical-align: inherit;\">Tampoco pido que se comparta, sino que sirva de elemento de reflexi\u00f3n. <\/span><span style=\"vertical-align: inherit;\">Cada uno es hijo de su pasado y de sus obsesiones. <\/span><span style=\"vertical-align: inherit;\">Tambi\u00e9n se objetar\u00e1 que muchas de esas taras detectadas son globales, fruto de una sociedad en proceso de aceleraci\u00f3n y divisi\u00f3n permanente, y con unos retos o desaf\u00edos comunes. <\/span><span style=\"vertical-align: inherit;\">Esto es verdad, al menos parcialmente, pero en Espa\u00f1a se multiplican esas patolog\u00edas por factores end\u00f3genos nunca bien analizados. <\/span><span style=\"vertical-align: inherit;\">O simplemente preteridos u olvidados.<\/span><\/span><\/span><\/p>\n<p class=\"has-text-align-justify\" style=\"text-align: justify;\"><span style=\"font-size: 14pt;\"><span style=\"vertical-align: inherit;\"><span style=\"vertical-align: inherit;\">Ross Douthat, en un libro editado en 2021, pon\u00eda el foco en cuatro notas que identificaban a la actual sociedad decadente:\u00a0 <\/span><\/span><em><span style=\"vertical-align: inherit;\"><span style=\"vertical-align: inherit;\">estancamiento, esterilidad, esclerosis y repetici\u00f3n<\/span><\/span><\/em><span style=\"vertical-align: inherit;\"><span style=\"vertical-align: inherit;\"> . <\/span><span style=\"vertical-align: inherit;\">Las cuatro notas se reiteran de forma clara en el caso espa\u00f1ol y en todos sus \u00e1mbitos territoriales de gobierno, si bien en caso nuestro incrementan sus efectos hasta multiplicarse. <\/span><span style=\"vertical-align: inherit;\">Y no parece haber absolutamente nadie con capacidad de decisi\u00f3n y liderazgo en el \u00e1mbito de lo p\u00fablico que quiera darle la vuelta a este estado de cosas.<\/span><\/span><\/span><\/p>\n<p class=\"has-text-align-justify\" style=\"text-align: justify;\"><span style=\"font-size: 14pt;\"><span style=\"vertical-align: inherit;\"><span style=\"vertical-align: inherit;\">Hay, adem\u00e1s, un modo de entender lo p\u00fablico enquistado, viejo y dominado por un conjunto de vicios innatos que proceden de la particular concepci\u00f3n de hacer pol\u00edtica en Espa\u00f1a desde tiempos inmemoriales (herencia decimon\u00f3nica), pre\u00f1ada de clientelismo y pegada a las ubres de los presupuestos p\u00fablicos como fuente de absorci\u00f3n y reparto \u201cde poder\u201d (ahora incrementada la leche de la vaca con la gesti\u00f3n de fondos europeos, que corre el riesgo de transformarse en un enorme fiasco). <\/span><span style=\"vertical-align: inherit;\">Ah\u00ed y no en otro sitio est\u00e1n nuestras grandes dolencias. <\/span><span style=\"vertical-align: inherit;\">Las de siempre. <\/span><span style=\"vertical-align: inherit;\">Las que nadie quiere resolver, porque \u201csiempre se ha hecho as\u00ed\u201d. <\/span><span style=\"vertical-align: inherit;\">El peso de las mentalidades (o de las patolog\u00edas heredadas) es inmenso. <\/span><span style=\"vertical-align: inherit;\">Y ni siquiera las admoniciones permanentes de la UE sirven para mucho. <\/span><span style=\"vertical-align: inherit;\">Entran por un o\u00eddo y salen por otro. <\/span><span style=\"vertical-align: inherit;\">Estamos instalados en el reino de la impostura y de la mentira, en el que la mala pol\u00edtica abunda cada vez m\u00e1s y la burocracia empieza a dar muestras evidentes de esterilidad, y ambas tendencias se retroalimentan a s\u00ed mismas en ese espacio cerrado que es lo p\u00fablico. , en plena era de Gobierno Abierto. <\/span><span style=\"vertical-align: inherit;\">Nada es como deber\u00eda ser, todo son apariencias. <\/span><span style=\"vertical-align: inherit;\">Se vive de vender humo. <\/span><span style=\"vertical-align: inherit;\">O, en su defecto, de trampear. <\/span><span style=\"vertical-align: inherit;\">As\u00ed, hasta que el toldo se derrumbe. <\/span><span style=\"vertical-align: inherit;\">Nada es eterno, tampoco los sistemas p\u00fablico-institucionales.<\/span><\/span><\/span><\/p>\n<p>&nbsp;<\/p>\n<figure id=\"attachment_2241129\" aria-describedby=\"caption-attachment-2241129\" style=\"width: 360px\" class=\"wp-caption aligncenter\"><img loading=\"lazy\" decoding=\"async\" class=\"wp-image-2241129 size-full\" src=\"https:\/\/puntocritico.com\/ausajpuntocritico\/wp-content\/uploads\/2022\/02\/Seguridad-en-el-trabajo-360.jpg\" alt=\"\" width=\"360\" height=\"392\" data-id=\"2241129\" srcset=\"https:\/\/puntocritico.com\/ausajpuntocritico\/wp-content\/uploads\/2022\/02\/Seguridad-en-el-trabajo-360.jpg 360w, https:\/\/puntocritico.com\/ausajpuntocritico\/wp-content\/uploads\/2022\/02\/Seguridad-en-el-trabajo-360-276x300.jpg 276w\" sizes=\"auto, (max-width: 360px) 100vw, 360px\" \/><figcaption id=\"caption-attachment-2241129\" class=\"wp-caption-text\"><span style=\"color: #008000;\"><span style=\"vertical-align: inherit;\"><span style=\"vertical-align: inherit;\">Seguridad en el Trabajo<\/span><\/span><\/span><\/figcaption><\/figure>\n<p style=\"text-align: center;\"><span style=\"color: #008000; font-size: 18pt;\"><strong><span style=\"vertical-align: inherit;\"><span style=\"vertical-align: inherit;\">*******<\/span><\/span><\/strong><\/span><\/p>\n<div class=\"default-title\">\n<h2 style=\"text-align: center;\" align=\"center\"><span style=\"font-size: 24.0pt;\">LA TRAMA DE KOLDO QUE SALPICA A VARIOS MINISTROS AMASA 130 MILLONES EN UNA OFFSHORE DE LUXEMBURGO<\/span><\/h2>\n<\/div>\n<div class=\"default-epigraph\">\n<div id=\"m43095-43094-43096\" class=\"c-detail__subtitle \">\n<p style=\"text-align: center;\"><em><strong><span style=\"font-size: 14pt;\">La Guardia Civil sostiene que sacaron las comisiones al extranjero para dificultar el seguimiento y la trazabilidad del dinero<\/span><\/strong><\/em><\/p>\n<\/div>\n<\/div>\n<p style=\"text-align: justify;\"><span style=\"font-size: 14pt;\">Por Alejandro Entrambasaguas<\/span><\/p>\n<p style=\"text-align: justify;\"><span style=\"font-size: 14pt;\"><a href=\"https:\/\/www.eldebate.com\/espana\/20240226\/la-trama-de-koldo-que-salpica-a-varios-ministros-amasa-130-millones-en-una-offshore-de-luxemburgo_177309.html\" target=\"_blank\" rel=\"noopener\">El Debate<\/a>, 26 FEBRERO 2024<\/span><\/p>\n<p><img loading=\"lazy\" decoding=\"async\" class=\"aligncenter wp-image-2294299\" src=\"https:\/\/puntocritico.com\/ausajpuntocritico\/wp-content\/uploads\/2024\/02\/Abalos-congreso.jpeg\" alt=\"\" width=\"550\" height=\"240\" data-id=\"2294299\" srcset=\"https:\/\/puntocritico.com\/ausajpuntocritico\/wp-content\/uploads\/2024\/02\/Abalos-congreso.jpeg 940w, https:\/\/puntocritico.com\/ausajpuntocritico\/wp-content\/uploads\/2024\/02\/Abalos-congreso-300x131.jpeg 300w, https:\/\/puntocritico.com\/ausajpuntocritico\/wp-content\/uploads\/2024\/02\/Abalos-congreso-768x336.jpeg 768w\" sizes=\"auto, (max-width: 550px) 100vw, 550px\" \/><\/p>\n<p>&nbsp;<\/p>\n<div class=\"paragraph\" style=\"text-align: justify;\" data-mrf-recirculation=\"Enlaces p\u00e1rrafos\"><span style=\"font-size: 14pt;\">La Unidad Central Operativa (UCO) de la <a href=\"https:\/\/www.eldebate.com\/espana\/20240225\/trama-koldo-salpica-nuevo-ministro-torres-adjudico-122-millones-empresa-mordidas_177224.html\" target=\"_blank\" rel=\"noopener\" data-mrf-link=\"https:\/\/www.eldebate.com\/espana\/20240225\/trama-koldo-salpica-nuevo-ministro-torres-adjudico-122-millones-empresa-mordidas_177224.html\" data-schema-attribute=\"\">Guardia Civil<\/a>\u00a0ha descubierto que las mordidas de la trama de Koldo Garc\u00eda, asesor del exministro\u00a0<b>Jos\u00e9 Luis \u00c1balos<\/b>, que ya salpica a varios ministros, cuenta con una sociedad ubicada en el para\u00edso fiscal de Luxemburgo que tiene un activo de m\u00e1s de 130 millones de euros. Por el momento, \u00c1balos se niega a dejar su acta de diputado en el Congreso e insiste en que no va a dimitir. \u00abYo no tengo ninguna responsabilidad en esto e irme ser\u00eda darle un tributo a la estrategia de la derecha\u00bb, ha asegurado este fin de semana.<\/span><\/div>\n<div style=\"text-align: justify;\" data-mrf-recirculation=\"Enlaces p\u00e1rrafos\">\u00a0<\/div>\n<div class=\"paragraph\" style=\"text-align: justify;\" data-mrf-recirculation=\"Enlaces p\u00e1rrafos\"><span style=\"font-size: 14pt;\">Tal y como figura en el sumario de la trama, la red con la que contaba \u00c1balos se dedic\u00f3 a sacar de Espa\u00f1a las comisiones ilegales que obten\u00eda de los contratos p\u00fablicos de mascarillas. Los dos pa\u00edses que escogieron para camuflar las mordidas fueron Luxemburgo y Brasil. El primero de los pa\u00edses est\u00e1 considerado un para\u00edso fiscal. Siguiendo el rastro del dinero, los investigadores han descubierto que los integrantes de la trama constituyen justo despu\u00e9s de recibir las adjudicaciones p\u00fablicas la sociedad\u00a0<b>Stronghold Topco SARL<\/b>. En concreto, esta sociedad offshore se abri\u00f3 el 15 de diciembre de 2020.<\/span><\/div>\n<div data-mrf-recirculation=\"Enlaces p\u00e1rrafos\">\n<div id=\"SunMediaIntext\" class=\"content-add\">\n<div id=\"sm-it-main-container-1708936412280\" class=\"sm-it-main-container\" data-it=\"6ffd15ad-e905-4faf-9557-73a6e6d2f460\" data-device=\"desktop\" data-index=\"0\">\n<figure id=\"attachment_2294300\" aria-describedby=\"caption-attachment-2294300\" style=\"width: 660px\" class=\"wp-caption aligncenter\"><img loading=\"lazy\" decoding=\"async\" class=\"wp-image-2294300\" src=\"https:\/\/puntocritico.com\/ausajpuntocritico\/wp-content\/uploads\/2024\/02\/Activos-de-la-sociedad-luxemburguesa-que-uso-la-trama-de-Koldo.jpeg\" alt=\"\" width=\"660\" height=\"226\" data-id=\"2294300\" srcset=\"https:\/\/puntocritico.com\/ausajpuntocritico\/wp-content\/uploads\/2024\/02\/Activos-de-la-sociedad-luxemburguesa-que-uso-la-trama-de-Koldo.jpeg 940w, https:\/\/puntocritico.com\/ausajpuntocritico\/wp-content\/uploads\/2024\/02\/Activos-de-la-sociedad-luxemburguesa-que-uso-la-trama-de-Koldo-300x103.jpeg 300w, https:\/\/puntocritico.com\/ausajpuntocritico\/wp-content\/uploads\/2024\/02\/Activos-de-la-sociedad-luxemburguesa-que-uso-la-trama-de-Koldo-768x263.jpeg 768w\" sizes=\"auto, (max-width: 660px) 100vw, 660px\" \/><figcaption id=\"caption-attachment-2294300\" class=\"wp-caption-text\"><span style=\"color: #008000;\">Activos de la sociedad luxemburguesa que us\u00f3 la trama de Koldo Garc\u00eda<\/span><\/figcaption><\/figure>\n<\/div>\n<\/div>\n<\/div>\n<div data-mrf-recirculation=\"Enlaces p\u00e1rrafos\">\u00a0<\/div>\n<div class=\"paragraph\" style=\"text-align: justify;\" data-mrf-recirculation=\"Enlaces p\u00e1rrafos\"><span style=\"font-size: 14pt;\">El Debate ha tenido acceso a las finanzas de la mercantil, donde hay constancia que a los pocos meses de iniciar sus actividades, la sociedad luxemburguesa declar\u00f3 un activo de\u00a0<b>94.084.708 millones de euros<\/b>. A d\u00eda de hoy esa cifra ha llegado hasta los\u00a0<b>130.882.339 millones de euros<\/b>. Un crecimiento r\u00e1pido que coincide con las fechas en que ministerios como el de Sanidad o Transportes pagaron a Soluciones de Gesti\u00f3n y Apoyo a la Empresa SL. En paralelo, la offshore tiene tambi\u00e9n una cuenta a parte con ahorros por valor de\u00a0<b>7.935.775 millones de euros<\/b>, notablemente superiores a los que declar\u00f3 en 2021, que fueron de\u00a0<b>3.488.724 millones de euros<\/b>.<\/span><\/div>\n<div data-mrf-recirculation=\"Enlaces p\u00e1rrafos\">\u00a0<\/div>\n<div data-mrf-recirculation=\"Enlaces p\u00e1rrafos\">\n<div class=\"paragraph\" style=\"text-align: justify;\" data-mrf-recirculation=\"Enlaces p\u00e1rrafos\"><span style=\"font-size: 14pt;\"><span style=\"font-size: 14pt;\">La Fiscal\u00eda Anticorrupci\u00f3n sostiene que parte de las ganancias obtenidas por Soluciones de Gesti\u00f3n y Apoyo a Empresas SL fueron transferidos a la sociedad MTM 180 Capital SL, propiedad del empresario V\u00edctor de Aldama, detenido junto a Koldo la semana pasada en el marco de la \u2018operaci\u00f3n Delorme\u2019 por el pago de mordidas. La UCO cifra este dinero, al que hay que sumarle un pr\u00e9stamo del proveedor de \u00c1balos, en m\u00e1s de un mill\u00f3n de euros. Concretamente en<b>\u00a01.600.150,50 millones de euros<\/b>. El destino final de estos emolumentos acabaron en y a su vez en la sociedad luxemburguesa.<\/span><\/span><\/div>\n<div class=\"paragraph\" style=\"text-align: justify;\" data-mrf-recirculation=\"Enlaces p\u00e1rrafos\">\n<p>&nbsp;<\/p>\n<p><figure id=\"attachment_2294301\" aria-describedby=\"caption-attachment-2294301\" style=\"width: 660px\" class=\"wp-caption aligncenter\"><img loading=\"lazy\" decoding=\"async\" class=\"wp-image-2294301\" src=\"https:\/\/puntocritico.com\/ausajpuntocritico\/wp-content\/uploads\/2024\/02\/sociedad-luxemburguesa-participa-en-las-sociedades-donde-se-escondian-las-mordidas-COVID-PSOE.jpeg\" alt=\"\" width=\"660\" height=\"258\" data-id=\"2294301\" srcset=\"https:\/\/puntocritico.com\/ausajpuntocritico\/wp-content\/uploads\/2024\/02\/sociedad-luxemburguesa-participa-en-las-sociedades-donde-se-escondian-las-mordidas-COVID-PSOE.jpeg 940w, https:\/\/puntocritico.com\/ausajpuntocritico\/wp-content\/uploads\/2024\/02\/sociedad-luxemburguesa-participa-en-las-sociedades-donde-se-escondian-las-mordidas-COVID-PSOE-300x117.jpeg 300w, https:\/\/puntocritico.com\/ausajpuntocritico\/wp-content\/uploads\/2024\/02\/sociedad-luxemburguesa-participa-en-las-sociedades-donde-se-escondian-las-mordidas-COVID-PSOE-768x301.jpeg 768w\" sizes=\"auto, (max-width: 660px) 100vw, 660px\" \/><figcaption id=\"caption-attachment-2294301\" class=\"wp-caption-text\"><span style=\"color: #008000;\">La sociedad luxemburguesa participa en las sociedades donde se escond\u00edan las mordidas &#8211; El Debate<\/span><\/figcaption><\/figure>\n<\/div>\n<\/div>\n<div data-mrf-recirculation=\"Enlaces p\u00e1rrafos\">\u00a0<\/div>\n<div data-mrf-recirculation=\"Enlaces p\u00e1rrafos\">\n<div class=\"paragraph\" style=\"text-align: justify;\" data-mrf-recirculation=\"Enlaces p\u00e1rrafos\"><span style=\"font-size: 14pt;\">Los investigadores expertos en blanqueo de capitales describen los traspasos societarios llevados a cabo por la trama de \u00c1balos como \u00abhacer el helic\u00f3ptero\u00bb. Se trata de una forma de hacer desaparecer el dinero mediante varias sociedades y el uso de testaferros. Adem\u00e1s de Luxemburgo, la red tambi\u00e9n us\u00f3 Brasil para blanquear las comisiones. Para ello utilizaron la sociedad Suro Capital\u00a0<b>Brasil Participacoes LTDA<\/b>\u00a0y una cuenta bancaria a nombre de la mercantil en la entidad Banco Itau Bba SA. La Fiscal\u00eda Anticorrupci\u00f3n sostiene que el empleo de estos dos pa\u00edses fue para \u00abdificultar el seguimiento y la trazabilidad del dinero\u00bb.<\/span><\/div>\n<div data-mrf-recirculation=\"Enlaces p\u00e1rrafos\">\u00a0<\/div>\n<div class=\"paragraph\" style=\"text-align: justify;\" data-mrf-recirculation=\"Enlaces p\u00e1rrafos\"><span style=\"font-size: 14pt;\">Adem\u00e1s de \u00c1balos, desde que estall\u00f3 este esc\u00e1ndalo de corrupci\u00f3n tambi\u00e9n se han visto salpicados otros ministros y altos cargos del Gobierno. Uno de ellos ha sido Salvador Illa, extitular de Sanidad y actual l\u00edder del PSC. En 2020 incluy\u00f3 a Soluciones de Gesti\u00f3n y Apoyo a la Empresa SL en un megacontrato sanitario de mascarillas de 2.500 millones de euros. El director del Instituto Nacional de Gesti\u00f3n Sanitaria (Ingesa) en aquel momento, Alfonso Jim\u00e9nez Palacios, ha declarado ante uno de los juzgados que investiga estas adjudicaciones que\u00a0<a href=\"https:\/\/www.eldebate.com\/espana\/20240223\/illa-dicto-orden-funcionario-incluyera-proveedor-abalos-contrato-2500-millones_176876.html\" target=\"_blank\" rel=\"noopener\" data-mrf-link=\"https:\/\/www.eldebate.com\/espana\/20240223\/illa-dicto-orden-funcionario-incluyera-proveedor-abalos-contrato-2500-millones_176876.html\" data-schema-attribute=\"\">recibi\u00f3 una orden ministerial del propio Illa<\/a>\u00a0para escoger a esta empresa, hoy en el punto de mira de la UCO y de Anticorrupci\u00f3n.<\/span><\/div>\n<div style=\"text-align: justify;\" data-mrf-recirculation=\"Enlaces p\u00e1rrafos\">\u00a0<\/div>\n<div class=\"paragraph\" style=\"text-align: justify;\" data-mrf-recirculation=\"Enlaces p\u00e1rrafos\"><span style=\"font-size: 14pt;\">Otro de los miembros del Gobierno afectados es \u00c1ngel V\u00edctor Torres, ministro de Pol\u00edtica Territorial y Memoria Democr\u00e1tica. Durante la pandemia era presidente de Canarias y\u00a0<a href=\"https:\/\/www.eldebate.com\/espana\/20240225\/trama-koldo-salpica-nuevo-ministro-torres-adjudico-122-millones-empresa-mordidas_177224.html\" target=\"_blank\" rel=\"noopener\" data-mrf-link=\"https:\/\/www.eldebate.com\/espana\/20240225\/trama-koldo-salpica-nuevo-ministro-torres-adjudico-122-millones-empresa-mordidas_177224.html\" data-schema-attribute=\"\">adjudic\u00f3 11 contratos\u00a0<\/a>por un valor total de 12,2 millones de euros a la empresa de la trama. Torres sostiene ahora que no sabe de d\u00f3nde pudo llegar la oferta, aunque ha reconocido que pudo tener su origen en una llamada del Ministerio de Transportes, que en ese momento dirig\u00eda Jos\u00e9 Luis \u00c1balos, ya que \u00abellos ya hab\u00edan contratado a esta empresa en otras ocasiones\u00bb. \u00c1balos se niega por el momento a dimitir alegando que \u00abyo soy diputado ahora, no soy ministro. Si esto se hubiera producido yo siendo ministro, es evidente que tendr\u00eda que haber dimitido\u00bb.<\/span><\/div>\n<\/div>\n<div data-mrf-recirculation=\"Enlaces p\u00e1rrafos\">\u00a0<\/div>\n<div data-mrf-recirculation=\"Enlaces p\u00e1rrafos\">\u00a0<\/div>\n<div data-mrf-recirculation=\"Enlaces p\u00e1rrafos\">\u00a0<\/div>\n<figure id=\"attachment_2472\" aria-describedby=\"caption-attachment-2472\" style=\"width: 640px\" class=\"wp-caption aligncenter\"><img loading=\"lazy\" decoding=\"async\" class=\"wp-image-2472 size-full\" src=\"https:\/\/puntocritico.com\/ausajpuntocritico\/wp-content\/uploads\/2017\/05\/VERSTRYNGE-FIRMANDOLE-UN-AUT\u00d3GRAFO-A-ESPERANZA-AGUIRRE-EN-SU-EPOCA-DE-SECRETARIO-GENERAL-DEL-PARTIDO-DE-MANUEL-FRAGA.jpg\" alt=\"\" width=\"640\" height=\"475\" data-id=\"2472\" srcset=\"https:\/\/puntocritico.com\/ausajpuntocritico\/wp-content\/uploads\/2017\/05\/VERSTRYNGE-FIRMANDOLE-UN-AUT\u00d3GRAFO-A-ESPERANZA-AGUIRRE-EN-SU-EPOCA-DE-SECRETARIO-GENERAL-DEL-PARTIDO-DE-MANUEL-FRAGA.jpg 640w, https:\/\/puntocritico.com\/ausajpuntocritico\/wp-content\/uploads\/2017\/05\/VERSTRYNGE-FIRMANDOLE-UN-AUT\u00d3GRAFO-A-ESPERANZA-AGUIRRE-EN-SU-EPOCA-DE-SECRETARIO-GENERAL-DEL-PARTIDO-DE-MANUEL-FRAGA-300x223.jpg 300w, https:\/\/puntocritico.com\/ausajpuntocritico\/wp-content\/uploads\/2017\/05\/VERSTRYNGE-FIRMANDOLE-UN-AUT\u00d3GRAFO-A-ESPERANZA-AGUIRRE-EN-SU-EPOCA-DE-SECRETARIO-GENERAL-DEL-PARTIDO-DE-MANUEL-FRAGA-80x60.jpg 80w\" sizes=\"auto, (max-width: 640px) 100vw, 640px\" \/><figcaption id=\"caption-attachment-2472\" class=\"wp-caption-text\"><span style=\"color: #008000;\"><span style=\"vertical-align: inherit;\"><span style=\"vertical-align: inherit;\"><span style=\"vertical-align: inherit;\"><span style=\"vertical-align: inherit;\">Jorge Verstringe, Secretario General de Alianza Popular, el partido fundado por Fraga, antecedente del actual PP, con Esperanza Aguirre (mentora de Isabel D\u00edaz Ayuso), antes de que el Gran Wayoming la convirtiese en un referente pol\u00edtico<\/span><\/span><\/span><\/span><\/span><\/figcaption><\/figure>\n<p>&nbsp;<\/p>\n<hr \/>\n<h2 style=\"text-align: justify;\"><span id=\"RELACIONADOS\" style=\"font-size: 14pt;\"><strong><span style=\"vertical-align: inherit;\"><span style=\"vertical-align: inherit;\"><span style=\"vertical-align: inherit;\"><span style=\"vertical-align: inherit;\">RELACIONES<\/span><\/span><\/span><\/span><\/strong><\/span><\/h2>\n<p><span style=\"vertical-align: inherit;\"><span style=\"vertical-align: inherit;\"><span style=\"vertical-align: inherit;\"><span style=\"vertical-align: inherit;\">https:\/\/puntocritico.com\/ausajpuntocritico\/2020\/05\/06\/abalos-real-estate-la-inmobiliaria-del-ibex-35-el-unico-paraiso-es-el-fiscal\/<\/span><\/span><\/span><\/span><\/p>\n<p><span style=\"vertical-align: inherit;\"><span style=\"vertical-align: inherit;\">https:\/\/puntocritico.com\/ausajpuntocritico\/2021\/12\/01\/polibio\/<\/span><\/span><\/p>\n<p><span style=\"vertical-align: inherit;\"><span style=\"vertical-align: inherit;\"><span style=\"vertical-align: inherit;\"><span style=\"vertical-align: inherit;\">https:\/\/puntocritico.com\/ausajpuntocritico\/2018\/04\/05\/deficiencias-generalizadas-y-beneficios-ilimitados-el-neoliberalismo-de-rapina-espanol-escandaliza-en-la-ue-tribunal-de-cuentas- informe-europeo-especial-n\u00b009-2018-asociaciones-publico-privad\/<\/span><\/span><\/span><\/span><\/p>\n<p><span style=\"vertical-align: inherit;\"><span style=\"vertical-align: inherit;\"><span style=\"vertical-align: inherit;\"><span style=\"vertical-align: inherit;\">https:\/\/puntocritico.com\/ausajpuntocritico\/2018\/04\/04\/la-enfermedad-de-la-sanidad-publica-es-la-codicia-privada-la-sanidad-gallega-por-juan-oliver\/<\/span><\/span><\/span><\/span><\/p>\n<p><span style=\"vertical-align: inherit;\"><span style=\"vertical-align: inherit;\"><span style=\"vertical-align: inherit;\"><span style=\"vertical-align: inherit;\">https:\/\/puntocritico.com\/ausajpuntocritico\/2018\/01\/15\/la-revolucion-de-las-elites-de-la-privatizacion-de-los-servicios-publicos-a-la-desaparicion-del-estado\/<\/span><\/span><\/span><\/span><\/p>\n<blockquote class=\"wp-embedded-content\" data-secret=\"n1u5eSSVF8\"><p><a href=\"https:\/\/puntocritico.com\/ausajpuntocritico\/2022\/02\/10\/deuda-odiosa-2\/\">DEUDA ODIOSA Y CORRUPCI\u00d3N: \u201cDeudas odiosas son aquellas contra\u00eddas contra los intereses de la poblaci\u00f3n de un pa\u00eds y con el completo conocimiento del acreedor\u201d.<\/a><\/p><\/blockquote>\n<p><iframe loading=\"lazy\" class=\"wp-embedded-content\" sandbox=\"allow-scripts\" security=\"restricted\" style=\"position: absolute; clip: rect(1px, 1px, 1px, 1px);\" title=\"\u00abDEUDA ODIOSA Y CORRUPCI\u00d3N: \u201cDeudas odiosas son aquellas contra\u00eddas contra los intereses de la poblaci\u00f3n de un pa\u00eds y con el completo conocimiento del acreedor\u201d.\u00bb \u2014 Punto Cr\u00edtico Derechos Humanos\" src=\"https:\/\/puntocritico.com\/ausajpuntocritico\/2022\/02\/10\/deuda-odiosa-2\/embed\/#?secret=JxOzu2Y7n8#?secret=n1u5eSSVF8\" data-secret=\"n1u5eSSVF8\" width=\"500\" height=\"282\" frameborder=\"0\" marginwidth=\"0\" marginheight=\"0\" scrolling=\"no\"><\/iframe><\/p>\n<p><span style=\"vertical-align: inherit;\"><span style=\"vertical-align: inherit;\"><span style=\"vertical-align: inherit;\"><span style=\"vertical-align: inherit;\">https:\/\/puntocritico.com\/ausajpuntocritico\/2021\/11\/08\/como-sacar-provecho-de-los-enemigos-por-plutarco-2\/<\/span><\/span><\/span><\/span><\/p>\n<p><span style=\"vertical-align: inherit;\"><span style=\"vertical-align: inherit;\"><span style=\"vertical-align: inherit;\"><span style=\"vertical-align: inherit;\">https:\/\/puntocritico.com\/ausajpuntocritico\/2019\/06\/08\/caza-de-brujas-vos-de-irwin-winkler-pelicula\/<\/span><\/span><\/span><\/span><\/p>\n<p><span style=\"vertical-align: inherit;\"><span style=\"vertical-align: inherit;\"><span style=\"vertical-align: inherit;\"><span style=\"vertical-align: inherit;\">https:\/\/puntocritico.com\/ausajpuntocritico\/2020\/12\/28\/la-virgen-de-wuhan-ance-asociacion-de-nacional-catolicos-empoderados-ha-iniciado-el-proceso-canonico-para-la- beatificaci\u00f3n-de-santa-isabel-de-wuhan\/<\/span><\/span><\/span><\/span><\/p>\n<p>&nbsp;<\/p>\n<p><a href=\"https:\/\/puntocritico.com\/ausajpuntocritico\/author\/punto-critico\/\"><img loading=\"lazy\" decoding=\"async\" class=\"smush-detected-img smush-image-2 aligncenter wp-image-9528\" src=\"https:\/\/puntocritico.com\/ausajpuntocritico\/wp-content\/uploads\/2018\/03\/Mosca_Punto_Cr%C3%ADtico_40.png\" alt=\"\" width=\"80\" height=\"80\" data-id=\"9528\" \/><\/a><\/p>\n<p>&nbsp;<\/p>\n","protected":false},"excerpt":{"rendered":"<div class=\"mh-excerpt\"><p>DEL ISABELGATE AL KOLDOGATE &nbsp; DEL ISABELGATE AL KOLDOGATE &nbsp; No es posible referirse a los \u00abGrandes \u00c9xitos de la Justicia espa\u00f1ola de los \u00faltimos a\u00f1os\u00bb, sin citar, al menos, al famoso Juan Guerra, \u00abMienmano\u00bb, <a class=\"mh-excerpt-more\" href=\"https:\/\/puntocritico.com\/ausajpuntocritico\/2024\/02\/26\/del-isabelgate-al-koldogate\/\" title=\"DEL ISABELGATE AL KOLDOGATE: El \u00abAsunto\u00bb D\u00edaz Ayuso y la Directiva de \u00abAlertadores\u00bb: \u00abLa (\u00bfirreversible?) descomposici\u00f3n de lo p\u00fablico\u00bb\">[&#8230;]<\/a><\/p>\n<\/div>","protected":false},"author":3,"featured_media":2241147,"comment_status":"closed","ping_status":"closed","sticky":false,"template":"","format":"standard","meta":{"_acf_changed":false,"_exactmetrics_skip_tracking":false,"_exactmetrics_sitenote_active":false,"_exactmetrics_sitenote_note":"","_exactmetrics_sitenote_category":0,"footnotes":""},"categories":[7,12],"tags":[122,52],"class_list":{"0":"post-2293919","1":"post","2":"type-post","3":"status-publish","4":"format-standard","5":"has-post-thumbnail","7":"category-politica","8":"category-corrupcion","9":"tag-alertadores","10":"tag-covid"},"acf":[],"_links":{"self":[{"href":"https:\/\/puntocritico.com\/ausajpuntocritico\/wp-json\/wp\/v2\/posts\/2293919","targetHints":{"allow":["GET"]}}],"collection":[{"href":"https:\/\/puntocritico.com\/ausajpuntocritico\/wp-json\/wp\/v2\/posts"}],"about":[{"href":"https:\/\/puntocritico.com\/ausajpuntocritico\/wp-json\/wp\/v2\/types\/post"}],"author":[{"embeddable":true,"href":"https:\/\/puntocritico.com\/ausajpuntocritico\/wp-json\/wp\/v2\/users\/3"}],"replies":[{"embeddable":true,"href":"https:\/\/puntocritico.com\/ausajpuntocritico\/wp-json\/wp\/v2\/comments?post=2293919"}],"version-history":[{"count":0,"href":"https:\/\/puntocritico.com\/ausajpuntocritico\/wp-json\/wp\/v2\/posts\/2293919\/revisions"}],"wp:featuredmedia":[{"embeddable":true,"href":"https:\/\/puntocritico.com\/ausajpuntocritico\/wp-json\/wp\/v2\/media\/2241147"}],"wp:attachment":[{"href":"https:\/\/puntocritico.com\/ausajpuntocritico\/wp-json\/wp\/v2\/media?parent=2293919"}],"wp:term":[{"taxonomy":"category","embeddable":true,"href":"https:\/\/puntocritico.com\/ausajpuntocritico\/wp-json\/wp\/v2\/categories?post=2293919"},{"taxonomy":"post_tag","embeddable":true,"href":"https:\/\/puntocritico.com\/ausajpuntocritico\/wp-json\/wp\/v2\/tags?post=2293919"}],"curies":[{"name":"wp","href":"https:\/\/api.w.org\/{rel}","templated":true}]}}