{"id":2292829,"date":"2024-01-27T00:05:20","date_gmt":"2024-01-26T23:05:20","guid":{"rendered":"https:\/\/puntocritico.com\/ausajpuntocritico\/?p=2292829"},"modified":"2024-01-27T00:42:34","modified_gmt":"2024-01-26T23:42:34","slug":"fallo-provisional-de-la-cij-sobre-caso-de-genocidio-contra-israel","status":"publish","type":"post","link":"https:\/\/puntocritico.com\/ausajpuntocritico\/2024\/01\/27\/fallo-provisional-de-la-cij-sobre-caso-de-genocidio-contra-israel\/","title":{"rendered":"FALLO PROVISIONAL DE LA CIJ SOBRE CASO DE GENOCIDIO CONTRA ISRAEL (Corte Internacional de Justicia: lectura del fallo)"},"content":{"rendered":"<p style=\"text-align: justify;\"><span style=\"color: #008000; font-size: 14pt;\">FALLO PROVISIONAL DE LA CIJ SOBRE CASO DE GENOCIDIO CONTRA ISRAEL<\/span><\/p>\n\n<p>&nbsp;<\/p>\n<blockquote>\n<h2 style=\"text-align: center;\"><span class=\"field\" style=\"font-size: 24pt;\">ISRAEL-PALESTINA: LA CORTE INTERNACIONAL DE JUSTICIA ORDENA A ISRAEL \u201cTOMAR TODAS LAS MEDIDAS\u00bb POSIBLES PARA \u00abPREVENIR\u201d UN GENOCIDIO EN GAZA<\/span><\/h2>\n<div id=\"block-views-block-content-fields-block-lead\" class=\"views-element-container block block-views block-views-block-content-fields-block-lead\">\n<div class=\"block-content block__content\">\n<div>\n<div class=\"view view-content-fields view-id-content_fields view-display-id-block_lead js-view-dom-id-1a32f0f8b29baf62069435461465deb88b537f488e785104452615a92018e364\">\n<div class=\"view-content\">\n<div class=\"views-row\">\n<div class=\"views-field views-field-field-news-story-lead\">\n<div class=\"field-content\">\n<p style=\"text-align: center;\"><em><strong><span lang=\"ES\" style=\"font-size: 14pt;\" xml:lang=\"ES\">El tribunal reconoce que los palestinos tienen derecho a ser protegidos de actos de genocidio. La decisi\u00f3n se produce a petici\u00f3n de Sud\u00e1frica, que pidi\u00f3 tribunal que tomase medidas cautelares para detener la \u00abconducta genocida\u00bb de Israel despu\u00e9s de que su Ej\u00e9rcito haya matado a m\u00e1s de 25.000 civiles, herido a m\u00e1s de 60.000 y desplazado a 1,7 millones de personas<\/span><\/strong><\/em><\/p>\n<p><a style=\"font-size: 14pt; text-align: justify;\" href=\"https:\/\/news.un.org\/es\/story\/2024\/01\/1527332?_gl=1*hra35f*_ga*MTQ4NDU4NjA2OC4xNzA1MDg1NTIx*_ga_TK9BQL5X7Z*MTcwNjMxMTQ0OC4yLjEuMTcwNjMxMTQ4NS4wLjAuMA..\" target=\"_blank\" rel=\"noopener\">Noticias ONU<\/a><span style=\"font-size: 14pt; text-align: justify;\">\u00a0, 26 ENERO 2024<\/span><\/p>\n<p>&nbsp;<\/p>\n<\/div>\n<\/div>\n<\/div>\n<\/div>\n<\/div>\n<\/div>\n<\/div>\n<\/div>\n<figure id=\"attachment_2292853\" aria-describedby=\"caption-attachment-2292853\" style=\"width: 678px\" class=\"wp-caption aligncenter\"><img loading=\"lazy\" decoding=\"async\" class=\"wp-image-2292853 size-mh-magazine-content\" src=\"https:\/\/puntocritico.com\/ausajpuntocritico\/wp-content\/uploads\/2024\/01\/ONU-HAYA-MC-GAzA-678x381.jpg\" alt=\"\" width=\"678\" height=\"381\" data-id=\"2292853\" \/><figcaption id=\"caption-attachment-2292853\" class=\"wp-caption-text\"><span style=\"color: #008000;\">\u00a9 ICJ-CIJ\/ Frank van Beek Miembros de los equipos jur\u00eddicos del caso Sud\u00e1frica contra Israel en el pronunciamiento de la sentencia de la Corte Internacional de Justicia en La Haya.<\/span><\/figcaption><\/figure>\n<p>&nbsp;<\/p>\n<p style=\"text-align: justify;\"><span style=\"font-size: 14pt;\">La\u00a0<a href=\"https:\/\/www.icj-cij.org\/es\" target=\"_blank\" rel=\"noopener\" data-schema-attribute=\"\">Corte Internacional de Justicia<\/a>, m\u00e1ximo \u00f3rgano judicial de la arquitectura de paz y seguridad internacional, ha ordenado este viernes a Israel \u201ctomar todas las medidas\u00bb posibles para \u00abprevenir\u201d un genocidio en Gaza, reconociendo que al menos algunos de los derechos reivindicados por Sud\u00e1frica y para los que solicita protecci\u00f3n son plausibles.\u00a0<\/span><\/p>\n<p style=\"text-align: justify;\"><span style=\"font-size: 14pt;\">As\u00ed mismo \u201cIsrael tambi\u00e9n debe tomar\u00a0<strong>medidas efectivas para impedir la destrucci\u00f3n y garantizar la preservaci\u00f3n de las pruebas<\/strong>\u00a0relacionadas con las denuncias de actos comprendidos en el \u00e1mbito del art\u00edculo segundo y el art\u00edculo tercero de la Convenci\u00f3n sobre el Genocidio contra miembros del grupo palestino en la Franja de Gaza\u00bb, dijo el tribunal.<\/span><\/p>\n<p style=\"text-align: justify;\"><span style=\"font-size: 14pt;\">\u00abEl tribunal considera adem\u00e1s que Israel debe tomar medidas inmediatas y efectivas para\u00a0<strong>permitir la prestaci\u00f3n de los servicios b\u00e1sicos y la asistencia humanitaria<\/strong>\u00a0que se necesitan urgentemente para hacer frente a las adversas condiciones de vida a las que se enfrentan los palestinos en la Franja de Gaza\u00bb, agreg\u00f3 la Corte.<\/span><\/p>\n<h3 style=\"text-align: center;\"><span style=\"font-size: 18pt;\">Sin pronunciamiento sobre el cese de las operaciones militares<\/span><\/h3>\n<p style=\"text-align: justify;\"><span style=\"font-size: 14pt;\">No obstante, la Corte no se ha pronunciado sobre el cese de las operaciones militares por parte de Israel, tal y como hab\u00eda solicitado el Estado de Sud\u00e1frica denunciando una \u201cconducta genocida\u201d en\u00a0<a href=\"https:\/\/news.un.org\/es\/events\/israel-palestina\" target=\"_blank\" rel=\"noopener\" data-schema-attribute=\"\">Gaza<\/a>, aunque los jueces s\u00ed exigen que Israel \u201cgarantice con efecto inmediato que sus militares no cometan\u201d actos de genocidio.<\/span><\/p>\n<p style=\"text-align: justify;\"><span style=\"font-size: 14pt;\">Las medidas provisionales, que son \u201cde obligado cumplimiento\u201d si bien el tribunal no dispone de medios para hacerlas cumplir, son un tipo de medida cautelar antes de que se adopte una decisi\u00f3n definitiva sobre el litigio, sobre el que\u00a0<strong>es probable que pasen a\u00f1os antes de que se dicte sentencia<\/strong>.<\/span><\/p>\n<\/blockquote>\n<div class=\"context-un_news_feature_credit_caption type-entermedia_image media media--type-entermedia-image media--view-mode-un-news-feature-credit-caption\">\n<blockquote>\n<h3 style=\"text-align: center;\"><span style=\"font-size: 18pt;\">Las exigencias de Sud\u00e1frica son cre\u00edbles<\/span><\/h3>\n<p style=\"text-align: justify;\"><span style=\"font-size: 14pt;\">La\u00a0<a href=\"https:\/\/www.icc-cpi.int\/\" target=\"_blank\" rel=\"noopener noreferrer\">Corte Penal Internacional<\/a>\u00a0admite en la explicaci\u00f3n de su decisi\u00f3n que \u201cal menos algunos de los derechos reivindicados por Sud\u00e1frica y para los que solicita protecci\u00f3n\u00a0<strong>son plausibles<\/strong>\u00ab.<\/span><\/p>\n<p style=\"text-align: justify;\"><span style=\"font-size: 14pt;\">En concreto, asegura el tribunal: \u201c<strong>Este es el caso con respecto al derecho de los palestinos de Gaza a ser protegidos de actos de genocidio y actos prohibidos conexos<\/strong>\u00a0(\u2026) y el derecho de Sud\u00e1frica a exigir el cumplimiento por parte de Israel de las obligaciones de este \u00faltimo en virtud de la Convenci\u00f3n\u201d.<\/span><\/p>\n<p style=\"text-align: justify;\"><span style=\"font-size: 14pt;\">En varios p\u00e1rrafos, la corte explica en qu\u00e9 basa esas afirmaciones.<\/span><\/p>\n<p style=\"text-align: justify;\"><span style=\"font-size: 14pt;\">\u201cEl Tribunal observa que la operaci\u00f3n militar llevada a cabo por Israel tras el ataque del 7 de octubre de 2023 ha causado un gran n\u00famero de muertos y heridos, as\u00ed como la destrucci\u00f3n masiva de viviendas, el desplazamiento forzoso de la gran mayor\u00eda de la poblaci\u00f3n y grandes da\u00f1os a la infraestructura civil\u201d, indica el tribunal.<\/span><\/p>\n<p style=\"text-align: justify;\"><span style=\"font-size: 14pt;\">Y a\u00f1ade que, aunque las cifras no pueden verificarse de forma independiente, \u201cla informaci\u00f3n m\u00e1s reciente indica que 25.700 palestinos han muerto, se han registrado m\u00e1s de 63.000 heridos, m\u00e1s de 360.000 viviendas han quedado destruidas o parcialmente da\u00f1adas y aproximadamente 1,7 millones de personas han sido desplazadas internamente\u201d.<\/span><\/p>\n<p style=\"text-align: justify;\"><span style=\"font-size: 14pt;\">La Corte tambi\u00e9n recoge los informes de una misi\u00f3n al norte de Gaza de la\u00a0<a href=\"http:\/\/www.who.int\/es\/\" target=\"_blank\" rel=\"noopener noreferrer\">Organizaci\u00f3n Mundial de la Salud<\/a>\u00a0(OMS) en la que indic\u00f3 que, a 21 de diciembre de 2023, \u00ab<strong>un porcentaje sin precedentes del 93% de la poblaci\u00f3n de Gaza se enfrenta a niveles de crisis de hambre<\/strong>, con alimentos insuficientes y altos niveles de malnutrici\u00f3n\u201d.<\/span><\/p>\n<p style=\"text-align: justify;\"><span style=\"font-size: 14pt;\">El informe agregaba que, al menos uno de cada cuatro hogares, enfrenta \u00abcondiciones catastr\u00f3ficas\u00bb: experimenta una falta extrema de alimentos e inanici\u00f3n y ha recurrido a la venta de sus posesiones y a otras medidas extremas para poder permitirse una simple comida.<\/span><\/p>\n<p style=\"text-align: justify;\"><span style=\"font-size: 14pt;\">\u201c<strong>El hambre, la indigencia y la muerte son evidentes<\/strong>\u00ab, aseguraba la OMS.<\/span><\/p>\n<p style=\"text-align: justify;\"><span style=\"font-size: 14pt;\">El tribunal tambi\u00e9n refleja otras declaraciones de diferentes agencias humanitarias de la ONU en las que se recoge que \u201ceste ha sido el mayor desplazamiento del pueblo palestino desde 1948 y que la actual guerra afecta a m\u00e1s de dos millones de personas, literalmente toda la poblaci\u00f3n de Gaza\u201d o que la crisis de Gaza \u00abse ve agravada por un lenguaje deshumanizador\u00bb de los palestinos.<\/span><\/p>\n<p style=\"text-align: justify;\"><span style=\"font-size: 14pt;\">\u201cLa Corte tambi\u00e9n toma nota de un comunicado de prensa de 16 de noviembre de 2023, emitido por 37 relatores especiales, expertos independientes y miembros de grupos de trabajo que forman parte de los procedimientos especiales del\u00a0<a href=\"https:\/\/www.ohchr.org\/SP\/HRBodies\/HRC\/Pages\/Home.aspx\" target=\"_blank\" rel=\"noopener\" data-schema-attribute=\"\">Consejo de Derechos Humanos<\/a>\u00a0de las Naciones Unidas, en el que expresan su alarma por la\u00a0<em><strong>ret\u00f3rica claramente genocida y deshumanizadora<\/strong>\u00a0procedente de altos funcionarios del gobierno israel\u00ed<\/em>\u00ab.<\/span><\/p>\n<h3 style=\"text-align: center;\"><span style=\"font-size: 18pt;\">Acusaci\u00f3n de Sud\u00e1frica, rechazo de Israel<\/span><\/h3>\n<p style=\"text-align: justify;\"><span style=\"font-size: 14pt;\">En su demanda, que comenz\u00f3 a principios de este mes en La Haya, Sud\u00e1frica pidi\u00f3 al Tribunal -\u00f3rgano principal de la ONU- que indicara medidas provisionales para \u00abproteger contra nuevos da\u00f1os graves e irreparables a los derechos del pueblo palestino en virtud de la Convenci\u00f3n sobre el Genocidio\u00bb.<\/span><\/p>\n<p style=\"text-align: justify;\"><span style=\"font-size: 14pt;\">Entre las medidas solicitadas por Sud\u00e1frica figura la suspensi\u00f3n inmediata de las operaciones militares de Israel en la Franja, y que sus fuerzas tomen \u00abtodas las medidas razonables\u00bb para impedir el genocidio.<\/span><\/p>\n<p style=\"text-align: justify;\"><span style=\"font-size: 14pt;\">Sud\u00e1frica tambi\u00e9n pidi\u00f3 al tribunal mundial que ordenara a Israel que impidiera los desplazamientos forzosos, permitiera que la poblaci\u00f3n civil recibiera agua y alimentos adecuados y garantizara que se conservaran las pruebas de cualquier posible genocidio.<\/span><\/p>\n<p style=\"text-align: justify;\"><span style=\"font-size: 14pt;\">Los abogados de Israel afirmaron, por su parte, que las medidas provisionales, en caso de concederse, equivaldr\u00edan a \u00abun intento de negar a Israel su capacidad para cumplir sus obligaciones con la defensa de sus ciudadanos\u00bb, en referencia a los ataques de Ham\u00e1s el 7 de octubre, que causaron 1200 muertos, la captura de 250 personas como rehenes y el desplazamiento de 110.000 personas, seg\u00fan datos de Israel.<\/span><\/p>\n<h3 style=\"text-align: center;\"><span style=\"font-size: 18pt;\">Medidas tomadas por inmensa mayor\u00eda<\/span><\/h3>\n<p style=\"text-align: justify;\"><span style=\"font-size: 14pt;\">La mayor\u00eda de las medidas cautelares expresadas por la Corte fueron tomadas por una inmensa mayor\u00eda de los jueces (que variaron entre 15 a favor y dos en contra o 16 a favor y uno en contra).<\/span><\/p>\n<p style=\"text-align: justify;\"><span style=\"font-size: 14pt;\">El Estado de Israel deber\u00e1 presentar un informe al Tribunal sobre todas las medidas adoptadas para dar efecto a las \u00f3rdenes del Tribunal en el plazo de un mes a partir de ahora.<\/span><\/p>\n<\/blockquote>\n<\/div>\n<p>&nbsp;<\/p>\n<figure id=\"attachment_2292854\" aria-describedby=\"caption-attachment-2292854\" style=\"width: 678px\" class=\"wp-caption aligncenter\"><img loading=\"lazy\" decoding=\"async\" class=\"wp-image-2292854 size-mh-magazine-content\" src=\"https:\/\/puntocritico.com\/ausajpuntocritico\/wp-content\/uploads\/2024\/01\/nina-gaza-1-678x381.jpg\" alt=\"\" width=\"678\" height=\"381\" data-id=\"2292854\" \/><figcaption id=\"caption-attachment-2292854\" class=\"wp-caption-text\"><span style=\"color: #008000;\">\u00a9 UNICEF\/Eyad El Baba Una ni\u00f1a de once a\u00f1os sentada en as ruinas de una casa en Rafaj, en el sur de Gaza.<\/span><\/figcaption><\/figure>\n<p style=\"text-align: center;\"><span style=\"font-size: 14pt;\"><strong><span style=\"color: #008000;\">*******<\/span><\/strong><\/span><\/p>\n<div class=\"article-header-title col-12\">\n<blockquote>\n<h2 style=\"text-align: center;\"><span style=\"font-size: 24pt;\">EL FALLO DE LA ONU SOBRE INDICIOS DE GENOCIDIO EN GAZA A\u00cdSLA M\u00c1S A ISRAEL INTERNACIONALMENTE<\/span><\/h2>\n<\/blockquote>\n<\/div>\n<blockquote>\n<div class=\"article-header-epigraph col-12\">\n<p id=\"m69-68-70\" style=\"text-align: center;\"><strong><span style=\"font-size: 14pt;\">Para Israel es una bofetada que la corte no haya cerrado el caso, como ped\u00eda. La UE exige que las medidas cautelares se apliquen de inmediato<\/span><\/strong><\/p>\n<p style=\"text-align: justify;\"><span style=\"font-size: 14pt;\">Por Mar\u00eda G. Zornoza<\/span><\/p>\n<\/div>\n<p style=\"text-align: justify;\"><span style=\"font-size: 14pt;\"><a href=\"https:\/\/www.publico.es\/internacional\/fallo-onu-indicios-genocidio-gaza-aisla-israel-internacionalmente.html#md=modulo-portada-bloque:4col-t5;mm=mobile-verybig\" target=\"_blank\" rel=\"noopener\">P\u00fablico<\/a>, 26 ENERO 2024<\/span><\/p>\n<figure id=\"attachment_2292841\" aria-describedby=\"caption-attachment-2292841\" style=\"width: 678px\" class=\"wp-caption aligncenter\"><img loading=\"lazy\" decoding=\"async\" class=\"wp-image-2292841 size-mh-magazine-content\" src=\"https:\/\/puntocritico.com\/ausajpuntocritico\/wp-content\/uploads\/2024\/01\/CJI-GAZA-MC-678x381.webp\" alt=\"\" width=\"678\" height=\"381\" data-id=\"2292841\" \/><figcaption id=\"caption-attachment-2292841\" class=\"wp-caption-text\"><br \/>\n<span style=\"color: #008000;\">Los jueces del TJI se pronuncian sobre medidas de emergencia contra Israel tras las acusaciones de genocidio de Sud\u00e1frica, en La Haya, Pa\u00edses Bajos, el 26 de enero de 2024. \u2014 REUTERS<\/span><\/figcaption><\/figure>\n<p style=\"text-align: justify;\">\u00a0<\/p>\n<p id=\"m60-59-61\" class=\"pb-article-item-iteration\" style=\"text-align: justify;\"><span style=\"font-size: 14pt;\">El\u00a0<b>Tribunal Internacional de Justicia (TJI)\u00a0<\/b>ha dictaminado que existen suficientes pruebas \u00abpara concluir que al menos algunas\u00bb de las\u00a0<b>acusaciones de genocidio de Sud\u00e1frica contra Israel \u00abson plausibles\u00bb<\/b>. Es uno de los grandes titulares que deja el fallo de la corte de la ONU, que estaba llamado a pronunciarse sobre las\u00a0medidas cautelares demandadas por Sud\u00e1frica\u00a0para frenar la operaci\u00f3n militar de Israel en la Franja. El hist\u00f3rico fallo arroja m\u00e1s presi\u00f3n no solo sobre Tel Aviv, sino sobre aliados como Estados Unidos o la UE.<\/span><\/p>\n<p id=\"m65-1-66\" class=\"pb-article-item-iteration\" style=\"text-align: justify;\"><span style=\"font-size: 14pt;\">Los 17 jueces de La Haya no han ido tan lejos como Pretoria esperaba. Los sudafricanos quer\u00edan que pidiese de forma expl\u00edcita el\u00a0alto al fuego. En su lugar,<b>\u00a0ha exigido a Israel que alivie la situaci\u00f3n humanitaria\u00a0<\/b>en Gaza, que utilice todos los medios en su poder para evitar un genocidio y que no destruya pruebas. Asimismo, le ha instado a remitir un informe completo con las medidas que est\u00e1 tomando a en el plazo de un mes. Amnist\u00eda Internacional ha calificado lo ocurrido este viernes en la ciudad neerlandesa como \u00abextremadamente importante\u00bb.<\/span><\/p>\n<p style=\"text-align: justify;\"><span style=\"font-size: 14pt;\">El dictamen se ha producido tan solo dos semanas despu\u00e9s de que tanto Sud\u00e1frica como Israel presentasen sus casos en las audiencias. La sentencia definitiva sobre la cuesti\u00f3n de fondo, es decir, sobre las acusaciones de genocidio, tardar\u00e1 a\u00f1os en llegar. Sin embargo,\u00a0<b>para Israel es una bofetada que la corte no haya cerrado el caso<\/b>, como ped\u00eda. La Haya ha confirmado que tiene jurisprudencia para investigarlo y ha reconocido que algunas de las acusaciones sudafricanas sobre la violaci\u00f3n de la Convenci\u00f3n de Genocidio son \u00abplausibles\u00bb. Su jueza, <strong>Joan Donoghue<\/strong>, presidenta y encargada de leer el veredicto ha advertido de que\u00a0<b>la situaci\u00f3n todav\u00eda puede empeorar<\/b>: \u00abLa catastr\u00f3fica situaci\u00f3n humanitaria en la Franja de Gaza corre un grave riesgo de deteriorarse a\u00fan m\u00e1s antes de que el tribunal emita su sentencia final\u00bb.<\/span><\/p>\n<p>&nbsp;<\/p>\n<p style=\"text-align: center;\"><strong><span style=\"color: #008000; font-size: 14pt;\">Israel celebra que la corte no haya hecho una llamada al alto al fuego. Sud\u00e1frica aplaude la continuidad del caso<\/span><\/strong><\/p>\n<p>&nbsp;<\/p>\n<p id=\"m80-4-81\" class=\"pb-article-item-iteration\" style=\"text-align: justify;\"><span style=\"font-size: 14pt;\">Cada una de las partes lo ve como una victoria. Israel celebra que la corte global no haya hecho una llamada al alto al fuego. Mientras que los sudafricanos aplauden la continuidad del caso y las \u00f3rdenes al Ej\u00e9rcito israel\u00ed a no llevar a cabo un genocidio. Los fallos son vinculantes, aunque el organismo no cuenta con ning\u00fan mecanismo para hacer que se cumplan.\u00a0<b>Benjam\u00edn Netanyahu<\/b>, primer ministro israel\u00ed, asever\u00f3 que\u00a0\u00abnadie, ni La Haya, ni el eje del mal\u00bb\u00a0frenar\u00eda sus planes de erradicar a Ham\u00e1s.<\/span><\/p>\n<p id=\"m85-5-86\" class=\"pb-article-item-iteration\" style=\"text-align: justify;\"><span style=\"font-size: 14pt;\">La clave pasa ahora por ver si Tel Aviv recoge el guante y acata las \u00f3rdenes. Tambi\u00e9n por seguir de cerca las reacciones de la comunidad internacional, que cada vez tiene m\u00e1s complicado mantenerse de perfil ante<b>\u00a0la tragedia en Gaza, que ya deja m\u00e1s de 26.000 muertos,<\/b>\u00a0seg\u00fan las autoridades de La Franja.<\/span><\/p>\n<p id=\"m90-6-91\" class=\"pb-article-item-iteration\" style=\"text-align: justify;\"><span style=\"font-size: 14pt;\">Uno de los primeros l\u00edderes internacionales en reaccionar ha sido\u00a0<b>Pedro S\u00e1nchez<\/b>. \u00abCelebramos la decisi\u00f3n de la Corte Internacional de Justicia y pedimos a las partes que apliquen las medidas provisionales que ha decretado. Seguiremos defendiendo la paz y el fin de la guerra, la liberaci\u00f3n de los rehenes, el acceso a la ayuda humanitaria y el establecimiento del Estado palestino junto a Israel, para que ambas naciones coexistan en paz y con seguridad\u00bb, ha asegurado a trav\u00e9s de X.<\/span><\/p>\n<p>&nbsp;<\/p>\n<p style=\"text-align: center;\"><strong><span style=\"color: #008000; font-size: 14pt;\">La UE exige que las medidas cautelares se apliquen de inmediato<\/span><\/strong><\/p>\n<p>&nbsp;<\/p>\n<p id=\"m100-8-101\" class=\"pb-article-item-iteration\" style=\"text-align: justify;\"><span style=\"font-size: 14pt;\">La UE, que tradicionalmente ha sido el actor global que m\u00e1s ha defendido el trabajo y la importancia del TJI y al Tribunal Penal Internacional (TPI), ha reaccionado recordando que\u00a0<b>las \u00f3rdenes son \u00abvinculantes\u00bb. \u00ab<\/b>La Uni\u00f3n Europea espera su aplicaci\u00f3n plena, inmediata y efectiva\u00bb, han se\u00f1alado la Comisi\u00f3n Europea y Josep Borrell, jefe de la diplomacia europea, en un comunicado conjunto, que prosigue: \u00abEl derecho de cada Parte a presentar argumentos con respecto a la jurisdicci\u00f3n, la admisibilidad o el fondo no se ve afectado por la decisi\u00f3n de hoy sobre la solicitud de Sud\u00e1frica de que se indiquen medidas provisionales\u00bb.<\/span><\/p>\n<p id=\"m105-9-106\" class=\"pb-article-item-iteration\" style=\"text-align: justify;\"><span style=\"font-size: 14pt;\">Todo ello llega en medio de una creciente presi\u00f3n de los europeos hacia Israel. El\u00a0<b>Parlamento Europeo<\/b>\u00a0pidi\u00f3 la semana pasada por primera vez un alto al fuego inmediato. Las presiones de los Populares acu\u00f1aron las condiciones de que se liberen a todos los rehenes y se termine con el grupo armado de Ham\u00e1s. La presidenta de la Comisi\u00f3n Europea,\u00a0<b>Ursula von der Leyen<\/b>, se ha mantenido como el gran escudo de Israel en la capital comunitaria, pero cada vez le es m\u00e1s dif\u00edcil mantener la tibieza.<\/span><\/p>\n<p id=\"m110-10-111\" class=\"pb-article-item-iteration\" style=\"text-align: justify;\"><span style=\"font-size: 14pt;\">El presidente de Israel,<b>\u00a0Isaac Herzog<\/b>, culpabiliz\u00f3 a toda \u00abla naci\u00f3n palestina\u00bb de los hechos del 7 de octubre, cuando Ham\u00e1s perpetr\u00f3 el ataque en suelo israel\u00ed. Un d\u00eda despu\u00e9s recib\u00eda y estrechaba la mano de la ex ministra de Defensa de\u00a0<b>Angela Merkel<\/b>, que respald\u00f3 sin fisuras a Israel. Este viernes, estas declaraciones han sido utilizadas por la jueza de La Haya en el marco de las \u00abplausibles\u00bb pruebas de incitaci\u00f3n al genocidio por parte de altos cargos israel\u00edes.<\/span><\/p>\n<p id=\"m115-11-116\" class=\"pb-article-item-iteration\" style=\"text-align: justify;\"><span style=\"font-size: 14pt;\">Esta misma semana, los 27 ministros de Asuntos Exteriores recib\u00edan a su hom\u00f3logo israel\u00ed en Bruselas en lo que fue un encuentro tenso. El bloque comunitario habla por primera vez de<b>\u00a0\u00abconsecuencias\u00bb para Israel<\/b>\u00a0si no se implica en un plan de paz futuro y Josep Borrell sugiri\u00f3 que se impusiera la creaci\u00f3n de un Estado palestino desde el exterior.<\/span><\/p>\n<p id=\"m120-12-121\" class=\"pb-article-item-iteration\" style=\"text-align: justify;\"><span style=\"font-size: 14pt;\">Quien sigue equidistante es\u00a0<b>Estados Unidos<\/b>, el gran valedor y protector de Israel. \u00abSeguimos creyendo que las acusaciones de genocidio son infundadas y observamos que el tribunal no lleg\u00f3 a ninguna conclusi\u00f3n sobre el genocidio ni pidi\u00f3 un alto el fuego en su fallo y que pidi\u00f3 la liberaci\u00f3n incondicional e inmediata de todos los rehenes retenidos por Hamas\u00bb, ha reaccionado un portavoz de la Administraci\u00f3n norteamericana, en declaraciones que recoge\u00a0<i>The Times of Israel.<\/i><\/span><\/p>\n<p>&nbsp;<\/p>\n<figure id=\"attachment_2289146\" aria-describedby=\"caption-attachment-2289146\" style=\"width: 440px\" class=\"wp-caption aligncenter\"><a href=\"https:\/\/puntocritico.com\/ausajpuntocritico\/2023\/10\/12\/gaza-under-fire\/\"><img loading=\"lazy\" decoding=\"async\" class=\"wp-image-2289146\" src=\"https:\/\/puntocritico.com\/ausajpuntocritico\/wp-content\/uploads\/2023\/10\/Llamas-y-humo-surgen-de-los-ataques-aereos-israelies-en-Gaza-300x200.jpg\" alt=\"\" width=\"440\" height=\"293\" data-id=\"2289146\" srcset=\"https:\/\/puntocritico.com\/ausajpuntocritico\/wp-content\/uploads\/2023\/10\/Llamas-y-humo-surgen-de-los-ataques-aereos-israelies-en-Gaza-300x200.jpg 300w, https:\/\/puntocritico.com\/ausajpuntocritico\/wp-content\/uploads\/2023\/10\/Llamas-y-humo-surgen-de-los-ataques-aereos-israelies-en-Gaza-1024x683.jpg 1024w, https:\/\/puntocritico.com\/ausajpuntocritico\/wp-content\/uploads\/2023\/10\/Llamas-y-humo-surgen-de-los-ataques-aereos-israelies-en-Gaza-768x512.jpg 768w, https:\/\/puntocritico.com\/ausajpuntocritico\/wp-content\/uploads\/2023\/10\/Llamas-y-humo-surgen-de-los-ataques-aereos-israelies-en-Gaza-1320x880.jpg 1320w, https:\/\/puntocritico.com\/ausajpuntocritico\/wp-content\/uploads\/2023\/10\/Llamas-y-humo-surgen-de-los-ataques-aereos-israelies-en-Gaza.jpg 1366w\" sizes=\"auto, (max-width: 440px) 100vw, 440px\" \/><\/a><figcaption id=\"caption-attachment-2289146\" class=\"wp-caption-text\"><span style=\"color: #008000;\">Llamas y humo surgen de los ataques a\u00e9reos israel\u00edes en Gaza despu\u00e9s de que Israel cortara el suministro de agua mientras segu\u00eda bombardeando edificios palestinos abarrotados. Ahmed Zakot | Sipa v\u00eda AP<\/span><\/figcaption><\/figure>\n<p style=\"text-align: center;\"><span style=\"font-size: 18pt;\"><strong><span style=\"color: #008000;\">*******<\/span><\/strong><\/span><\/p>\n<div class=\"article-header-title col-12\">\n<h2 style=\"text-align: center;\" align=\"center\"><span style=\"font-size: 24.0pt;\">EL TRIBUNAL DE LA ONU EVITA EXIGIR UN ALTO EL FUEGO EN GAZA Y SOLO PIDE A ISRAEL \u00abADOPTAR MEDIDAS\u00bb PARA EVITAR UN GENOCIDIO<\/span><\/h2>\n<\/div>\n<div class=\"article-header-epigraph col-12\">\n<p id=\"m69-68-70\" style=\"text-align: center;\"><em><strong><span style=\"font-size: 14pt;\">Sud\u00e1frica solicit\u00f3 a este tribunal medidas cautelares para suspender las operaciones militares israel\u00edes en la Franja hasta que concluya el juicio por su denuncia por genocidio.<\/span><\/strong><\/em><\/p>\n<\/div>\n<footer class=\"article-info\">\n<p id=\"m95-94-96\" class=\"signature\" style=\"text-align: justify;\"><a href=\"https:\/\/www.publico.es\/internacional\/tribunal-onu-evita-exigir-alto-fuego-gaza-y-pide-israel-adoptar-medidas-evitar-genocidio.html#analytics-noticia:relacionada\" target=\"_blank\" rel=\"noopener\"><span style=\"font-size: 14pt;\">P\u00daBLICO\u00a0\/\u00a0AGENCIAS<\/span><\/a><\/p>\n<\/footer>\n<div class=\"article-text\">\n<figure id=\"attachment_2292842\" aria-describedby=\"caption-attachment-2292842\" style=\"width: 678px\" class=\"wp-caption aligncenter\"><img loading=\"lazy\" decoding=\"async\" class=\"wp-image-2292842 size-mh-magazine-content\" src=\"https:\/\/puntocritico.com\/ausajpuntocritico\/wp-content\/uploads\/2024\/01\/CJI-GAZA-MC-1-678x381.webp\" alt=\"\" width=\"678\" height=\"381\" data-id=\"2292842\" \/><figcaption id=\"caption-attachment-2292842\" class=\"wp-caption-text\"><br \/>\n<span style=\"color: #008000;\">La Corte Internacional de Justicia durante el juicio por la denuncia de Sud\u00e1frica a Israel por el genocidio en Gaza, en La Haya, a 11 de enero de 2024. \u2014 Thilo Schmuelgen \/ REUTERS<\/span><\/figcaption><\/figure><\/p>\n<p>&nbsp;<\/p>\n<p id=\"m1613-1612-1614\" class=\"pb-article-item-iteration\" style=\"text-align: justify;\"><span style=\"font-size: 14pt;\">La Corte Internacional de Justicia (CIJ) de la ONU, ubicada en La Haya, ha exigido\u00a0este viernes a Israel \u00abadoptar medidas inmediatas y efectivas\u00bb para permitir el acceso de la asistencia humanitaria a Gaza y\u00a0<b>\u00abcastigar\u00bb cualquier incitaci\u00f3n al genocidio\u00a0<\/b>contra los civiles palestinos, aunque no inst\u00f3 a un alto el fuego en la Franja.<\/span><\/p>\n<p id=\"m1618-1-1619\" class=\"pb-article-item-iteration\" style=\"text-align: justify;\"><span style=\"font-size: 14pt;\">En una sesi\u00f3n para anunciar medidas provisionales como parte de un\u00a0caso iniciado por Sud\u00e1frica\u00a0para frenar la grave situaci\u00f3n humanitaria en la Franja de Gaza, la CIJ tambi\u00e9n pidi\u00f3 a Israel \u00abasegurarse con efecto inmediato\u00a0<b>de que sus militares no cometan ning\u00fan acto\u00bb prohibido<\/b> por la Convenci\u00f3n sobre el Genocidio.<\/span><\/p>\n<\/div>\n<p id=\"m1623-2-1624\" class=\"pb-article-item-iteration\" style=\"text-align: justify;\"><span style=\"font-size: 14pt;\">Sud\u00e1frica\u00a0solicit\u00f3 a este tribunal<b>\u00a0medidas cautelares para suspender las operaciones militares\u00a0<\/b>de Israel en la Franja de Gaza a la espera de que este tribunal de la ONU celebre el fondo del procedimiento por genocidio.<\/span><\/p>\n<p id=\"m1628-3-1629\" class=\"pb-article-item-iteration\" style=\"text-align: justify;\"><span style=\"font-size: 14pt;\">De esta manera, si bien no ordena a Israel detener sus maniobras militares en la Franja, ha anunciado una serie de medidas\u00a0<b>para prevenir que no se cometa un genocidio<\/b>\u00a0en Gaza. La CIJ ha decretado que con efecto inmediato no se cometa ning\u00fan acto de los especificados en la Convenci\u00f3n contra el Genocidio, que no se incite a cometer genocidio, que se permita proporcionar servicios de base y que Israel someta a la Corte en el plazo de un mes un informe sobre sus movimientos en la Franja.<\/span><\/p>\n<p id=\"m1633-4-1634\" class=\"pb-article-item-iteration\" style=\"text-align: justify;\"><span style=\"font-size: 14pt;\">El Ministro de Exteriores de la Autoridad Nacional Palestina (ANP), Riyad al Maliki, celebr\u00f3 el fallo de la Corte Internacional y\u00a0record\u00f3 que las decisiones del tribunal de la ONU son de \u00abobligado cumplimiento\u00bb.\u00a0\u00abPalestina acoge con satisfacci\u00f3n las medidas provisionales ordenadas hoy por la Corte Internacional de Justicia. Los jueces de la CIJ evaluaron los hechos y el derecho. Fallaron a favor de la humanidad y el derecho internacional\u00bb, afirm\u00f3 Maliki.<\/span><\/p>\n<p id=\"m1638-5-1639\" class=\"pb-article-item-iteration\" style=\"text-align: justify;\"><span style=\"font-size: 14pt;\">\u00abHacemos\u00a0<b>un llamado a todos los estados para que garanticen\u00a0<\/b>que se implementen todas las medidas provisionales ordenadas por la Corte, incluido Israel, la potencia ocupante. Se trata de una obligaci\u00f3n jur\u00eddica vinculante\u00bb, agreg\u00f3 el ministro palestino.\u00a0<\/span><\/p>\n<p id=\"m1643-6-1644\" class=\"pb-article-item-iteration\" style=\"text-align: justify;\"><span style=\"font-size: 14pt;\">\u00abLos Estados ahora<b>\u00a0tienen obligaciones jur\u00eddicas\u00a0<\/b>claras de detener la guerra genocida de Israel contra el pueblo palestino en Gaza y de asegurarse de que no sean c\u00f3mplices\u00bb, se\u00f1al\u00f3 Maliki, quien mostr\u00f3 su \u00abeterno agradecimiento\u00bb a Sud\u00e1frica por dar este \u00abaudaz paso de solidaridad\u00bb.<\/span><\/p>\n<h3 id=\"m1648-7-1649\" class=\"highlighted\" style=\"text-align: center;\"><span style=\"font-size: 18pt;\">\u00abAplicar\u00bb las ordenes de la CIJ \u00abimplica un alto el fuego\u00bb, seg\u00fan Sud\u00e1frica<\/span><\/h3>\n<p id=\"m1769-9-1770\" class=\"pb-article-item-iteration\" style=\"text-align: justify;\"><span style=\"font-size: 14pt;\">El Gobierno de Sud\u00e1frica advirti\u00f3 este viernes de que \u00absin un alto el fuego,\u00a0<b>ninguna de las medidas exigidas\u00bb por la CIJ a Israel podr\u00edan \u00abllevarse a cabo\u00bb<\/b>\u00a0y consider\u00f3 que un cese de las hostilidades en la Franja de Gaza es \u00abimprescindible\u00bb para que el Estado israel\u00ed cumpla las \u00f3rdenes del tribunal.<\/span><\/p>\n<p id=\"m1653-8-1654\" class=\"pb-article-item-iteration\" style=\"text-align: justify;\"><span style=\"font-size: 14pt;\">El Ejecutivo sudafricano afirm\u00f3 tras el fallo que supone\u00a0<b>\u00abuna victoria decisiva para el Estado de derecho internacional\u00bb.<\/b>\u00a0La decisi\u00f3n del tribunal marca tambi\u00e9n \u00abun hito importante en la b\u00fasqueda de\u00a0justicia para el pueblo palestino\u00bb, afirm\u00f3 en un comunicado el Ministerio de Relaciones Exteriores y Cooperaci\u00f3n de Sud\u00e1frica.\u00a0<\/span><\/p>\n<p id=\"m1658-9-1659\" class=\"pb-article-item-iteration\" style=\"text-align: justify;\"><span style=\"font-size: 14pt;\">El comunicado se\u00f1al\u00f3 que, en\u00a0<b>un \u00abfallo hist\u00f3rico\u00bb,\u00a0<\/b>la corte determin\u00f3 que \u00ablas acciones de Israel en Gaza son plausiblemente genocidas\u00bb e indic\u00f3 \u00abmedidas provisionales sobre esa base\u00bb. \u00abPara la implementaci\u00f3n del Estado de derecho internacional, la decisi\u00f3n es trascendental. Sud\u00e1frica agradece a la corte su r\u00e1pido fallo\u00bb, subray\u00f3.<\/span><\/p>\n<h3 id=\"m1663-10-1664\" class=\"highlighted\" style=\"text-align: center;\"><span style=\"font-size: 18pt;\">Netanyahu tilda la acusaci\u00f3n de genocidio de \u00abescandalosa\u00bb<\/span><\/h3>\n<p id=\"m1668-11-1669\" class=\"pb-article-item-iteration\" style=\"text-align: justify;\"><span style=\"font-size: 14pt;\">El primer ministro israel\u00ed, Benjam\u00edn Netanyahu, asegur\u00f3 este viernes que\u00a0la acusaci\u00f3n de genocidio\u00a0<b>\u00abno solo es falsa, es escandalosa\u00bb,<\/b>\u00a0aunque celebr\u00f3 que el tribunal no ordenara el cese inmediato de las hostilidades.<\/span><\/p>\n<p id=\"m1673-12-1674\" class=\"pb-article-item-iteration\" style=\"text-align: justify;\"><span style=\"font-size: 14pt;\">\u00abComo todo pa\u00eds, Israel\u00a0<b>tiene el derecho b\u00e1sico a la autodefensa.<\/b>\u00a0El tribunal de La Haya rechaz\u00f3 con raz\u00f3n la escandalosa exigencia de privarnos de este derecho\u00bb, afirm\u00f3 Netanyahu.\u00a0El primer ministro destac\u00f3 que Israel \u00abseguir\u00e1 defendi\u00e9ndose\u00bb de Ham\u00e1s, que defini\u00f3 como una \u00aborganizaci\u00f3n terrorista y genocida\u00bb.<\/span><\/p>\n<h3 id=\"m1678-13-1679\" class=\"highlighted\" style=\"text-align: center;\"><span style=\"font-size: 18pt;\">El Gobierno reitera su llamamiento al alto el fuego<\/span><\/h3>\n<p id=\"m1683-14-1684\" class=\"pb-article-item-iteration\" style=\"text-align: justify;\"><span style=\"font-size: 14pt;\">El Gobierno de Espa\u00f1a ha celebrado el fallo de la CIJ y \u00abllama a todas las partes a\u00a0<b>respetar y cumplir estas medidas<\/b>\u00a0en su integridad\u00bb. Adem\u00e1s, ha reforzado su apoyo al tribunal de la ONU.<\/span><\/p>\n<p id=\"m1688-15-1689\" class=\"pb-article-item-iteration\" style=\"text-align: justify;\"><span style=\"font-size: 14pt;\">Con todo, el Ejecutivo ha\u00a0<b>reiterado su postura de exigir un alto el fuego<\/b>\u00a0\u00abinmediato\u00bb en Gaza. Adem\u00e1s de \u00abla liberaci\u00f3n incondicional de los rehenes, el acceso humanitario inmediato y regular y la necesidad de avanzar hacia la materializaci\u00f3n de la soluci\u00f3n de los dos Estados\u00bb.<\/span><\/p>\n<\/blockquote>\n<p>&nbsp;<\/p>\n<figure id=\"attachment_2289145\" aria-describedby=\"caption-attachment-2289145\" style=\"width: 400px\" class=\"wp-caption aligncenter\"><a href=\"https:\/\/puntocritico.com\/ausajpuntocritico\/2023\/10\/25\/el-hombre-animal-social-o-politico\/\"><img loading=\"lazy\" decoding=\"async\" class=\"wp-image-2289145\" src=\"https:\/\/puntocritico.com\/ausajpuntocritico\/wp-content\/uploads\/2023\/10\/Un-familiar-lleva-el-cuerpo-de-un-nino-Palestino-asesinado-por-Sion-300x200.jpg\" alt=\"\" width=\"400\" height=\"267\" data-id=\"2289145\" srcset=\"https:\/\/puntocritico.com\/ausajpuntocritico\/wp-content\/uploads\/2023\/10\/Un-familiar-lleva-el-cuerpo-de-un-nino-Palestino-asesinado-por-Sion-300x200.jpg 300w, https:\/\/puntocritico.com\/ausajpuntocritico\/wp-content\/uploads\/2023\/10\/Un-familiar-lleva-el-cuerpo-de-un-nino-Palestino-asesinado-por-Sion-1024x683.jpg 1024w, https:\/\/puntocritico.com\/ausajpuntocritico\/wp-content\/uploads\/2023\/10\/Un-familiar-lleva-el-cuerpo-de-un-nino-Palestino-asesinado-por-Sion-768x512.jpg 768w, https:\/\/puntocritico.com\/ausajpuntocritico\/wp-content\/uploads\/2023\/10\/Un-familiar-lleva-el-cuerpo-de-un-nino-Palestino-asesinado-por-Sion-1320x880.jpg 1320w, https:\/\/puntocritico.com\/ausajpuntocritico\/wp-content\/uploads\/2023\/10\/Un-familiar-lleva-el-cuerpo-de-un-nino-Palestino-asesinado-por-Sion.jpg 1366w\" sizes=\"auto, (max-width: 400px) 100vw, 400px\" \/><\/a><figcaption id=\"caption-attachment-2289145\" class=\"wp-caption-text\"><span style=\"color: #008000;\">Un familiar lleva el cuerpo de un ni\u00f1o, Amir Ganan, muerto por un ataque a\u00e9reo israel\u00ed, en Khan Younis, Gaza, el 10 de octubre de 2023. Hatem Ali | AP<\/span><\/figcaption><\/figure>\n<p style=\"text-align: center;\"><strong><span style=\"color: #008000; font-size: 18pt;\">*******<\/span><\/strong><\/p>\n<h2 style=\"text-align: center;\"><span style=\"font-size: 24pt;\">FALLO PROVISIONAL DE LA CIJ SOBRE CASO DE GENOCIDIO CONTRA ISRAEL<\/span><\/h2>\n<p style=\"text-align: center;\"><strong><span style=\"font-size: 18pt;\">(Corte Internacional de Justicia: lectura del fallo)<\/span><\/strong><\/p>\n<div id=\"container\" class=\"style-scope ytd-channel-name\">\n<div id=\"text-container\" class=\"style-scope ytd-channel-name\" style=\"text-align: justify;\"><span style=\"font-size: 14pt;\"><a href=\"https:\/\/www.youtube.com\/watch?v=FRsprNTNiNM\" target=\"_blank\" rel=\"noopener\">Al Jazeera English<\/a>, 26 ENERO 2024<\/span><\/div>\n<\/div>\n<p>&nbsp;<\/p>\n<p><iframe loading=\"lazy\" title=\"ICJ  interim ruling on genocide case against Israel -  Live\" width=\"500\" height=\"281\" src=\"https:\/\/www.youtube.com\/embed\/FRsprNTNiNM?feature=oembed\" frameborder=\"0\" allow=\"accelerometer; autoplay; clipboard-write; encrypted-media; gyroscope; picture-in-picture; web-share\" referrerpolicy=\"strict-origin-when-cross-origin\" allowfullscreen><\/iframe><\/p>\n<p>&nbsp;<\/p>\n<blockquote>\n<p style=\"text-align: center;\"><span style=\"font-size: 14pt;\">INTERNATIONAL COURT OF JUSTICE &#8211; Friday 26 January 2024 <\/span><\/p>\n<p style=\"text-align: center;\"><span style=\"font-size: 14pt;\">The Convention on the Prevention and Punishment of the Crime of Genocide in the Gaza Strip (South Africa v. Israel) &#8211; Request for the indication of provisional measures &#8211; The Court to deliver its Order on Friday, 26 January 2024,<\/span><\/p>\n<\/blockquote>\n<p>&nbsp;<\/p>\n<p><img loading=\"lazy\" decoding=\"async\" class=\"aligncenter wp-image-2288968\" src=\"https:\/\/puntocritico.com\/ausajpuntocritico\/wp-content\/uploads\/2023\/10\/2023-10-09T104912Z_613452620_RC2YO3AN1ZZF_RTRMADP_3_ISRAEL-PALESTINIANS-SAFRICA-1024x715-1-300x209.jpg\" alt=\"\" width=\"360\" height=\"251\" data-id=\"2288968\" srcset=\"https:\/\/puntocritico.com\/ausajpuntocritico\/wp-content\/uploads\/2023\/10\/2023-10-09T104912Z_613452620_RC2YO3AN1ZZF_RTRMADP_3_ISRAEL-PALESTINIANS-SAFRICA-1024x715-1-300x209.jpg 300w, https:\/\/puntocritico.com\/ausajpuntocritico\/wp-content\/uploads\/2023\/10\/2023-10-09T104912Z_613452620_RC2YO3AN1ZZF_RTRMADP_3_ISRAEL-PALESTINIANS-SAFRICA-1024x715-1-768x536.jpg 768w, https:\/\/puntocritico.com\/ausajpuntocritico\/wp-content\/uploads\/2023\/10\/2023-10-09T104912Z_613452620_RC2YO3AN1ZZF_RTRMADP_3_ISRAEL-PALESTINIANS-SAFRICA-1024x715-1.jpg 1024w\" sizes=\"auto, (max-width: 360px) 100vw, 360px\" \/><\/p>\n<p style=\"text-align: center;\"><strong><span style=\"color: #008000; font-size: 18pt;\">*******<\/span><\/strong><\/p>\n<div id=\"title\" class=\"style-scope ytd-watch-metadata\">\n<h2 class=\"style-scope ytd-watch-metadata\" style=\"text-align: center;\"><span style=\"font-size: 24pt;\">ISRAEL: La CORTE INTERNACIONAL DE JUSTICIA PIDE A TEL AVIV MEDIDAS PARA EVITAR EL GENOCIDIO EN GAZA<\/span><\/h2>\n<\/div>\n<div id=\"top-row\" class=\"style-scope ytd-watch-metadata\">\n<div id=\"owner\" class=\"item style-scope ytd-watch-metadata\" style=\"text-align: justify;\"><span style=\"font-size: 14pt;\"><a href=\"https:\/\/www.youtube.com\/watch?v=aB4fM2EkG0k\" target=\"_blank\" rel=\"noopener\">RTVE Noticias<\/a>, 26 ENERO 2024<\/span><\/div>\n<\/div>\n<div>\u00a0<\/div>\n<div>\n<figure id=\"attachment_2292845\" aria-describedby=\"caption-attachment-2292845\" style=\"width: 678px\" class=\"wp-caption aligncenter\"><a href=\"https:\/\/www.youtube.com\/watch?v=aB4fM2EkG0k\" target=\"_blank\" rel=\"noopener\"><img loading=\"lazy\" decoding=\"async\" class=\"wp-image-2292845 size-mh-magazine-content\" src=\"https:\/\/puntocritico.com\/ausajpuntocritico\/wp-content\/uploads\/2024\/01\/RTVE-GAZA-FALLO-CIJ-MC-678x381.jpg\" alt=\"\" width=\"678\" height=\"381\" data-id=\"2292845\" \/><\/a><figcaption id=\"caption-attachment-2292845\" class=\"wp-caption-text\"><span style=\"color: #008000;\">Para ir al video, pulsar en la imagen. La LECTURA DEL FALLO EN ESPA\u00d1OL a partir del 01:20:00<\/span><\/figcaption><\/figure>\n<\/div>\n<div>\u00a0<\/div>\n<blockquote>\n<p style=\"text-align: center;\"><span style=\"font-size: 14pt;\">El principal \u00f3rgano judicial de la ONU con sede en La Haya ha fallado que Israel, como ha pedido Sud\u00e1frica, debe tomar todas las medidas que est\u00e9n en su mano para evitar el presunto genocidio de los palestinos en la Franja de Gaza. Lo han decidido por quince votos a dos. Tel Aviv tiene ahora un mes para presentar al tribunal todas las medidas que ha decidido adoptar para evitar no s\u00f3lo un genocidio sino tambi\u00e9n la incitaci\u00f3n al mismo, y garantizar que entre la ayuda humanitaria a la Franja. <\/span><\/p>\n<p style=\"text-align: center;\"><span style=\"font-size: 14pt;\">De lo que no habla expl\u00edcitamente el tribunal es de un alto el fuego como ped\u00eda Sud\u00e1frica. Aunque la medida es vinculante, el tribunal no tiene medios suficientes para obligar a Israel a cumplir. As\u00ed que la pregunta ahora es hasta que punto este fallo quedar\u00e1 o no, en papel mojado. Se abre el debate.<\/span><\/p>\n<\/blockquote>\n<p>&nbsp;<\/p>\n<p><a href=\"https:\/\/puntocritico.com\/ausajpuntocritico\/2023\/10\/17\/es-hamas-una-criatura-de-israel-el-11-de-septiembre-del-medio-oriente\/\"><img loading=\"lazy\" decoding=\"async\" class=\"aligncenter wp-image-2289335\" src=\"https:\/\/puntocritico.com\/ausajpuntocritico\/wp-content\/uploads\/2023\/10\/Gaza-10-OCT-2023-PPAL-300x169.jpg\" alt=\"\" width=\"480\" height=\"270\" data-id=\"2289335\" srcset=\"https:\/\/puntocritico.com\/ausajpuntocritico\/wp-content\/uploads\/2023\/10\/Gaza-10-OCT-2023-PPAL-300x169.jpg 300w, https:\/\/puntocritico.com\/ausajpuntocritico\/wp-content\/uploads\/2023\/10\/Gaza-10-OCT-2023-PPAL.jpg 678w\" sizes=\"auto, (max-width: 480px) 100vw, 480px\" \/><\/a><\/p>\n<p style=\"text-align: center;\"><strong><span style=\"color: #008000; font-size: 18pt;\">*******<\/span><\/strong><\/p>\n<blockquote>\n<h2 style=\"text-align: center;\"><span style=\"font-size: 24pt;\">LAS NUEVE MEDIDAS CAUTELARES SOLICITADAS POR SUD\u00c1FRICA<\/span><\/h2>\n<p><img loading=\"lazy\" decoding=\"async\" class=\"aligncenter wp-image-2291961\" src=\"https:\/\/puntocritico.com\/ausajpuntocritico\/wp-content\/uploads\/2024\/01\/Juicio-SUD-ISR-V2-300x184.png\" alt=\"\" width=\"480\" height=\"294\" data-id=\"2291961\" srcset=\"https:\/\/puntocritico.com\/ausajpuntocritico\/wp-content\/uploads\/2024\/01\/Juicio-SUD-ISR-V2-300x184.png 300w, https:\/\/puntocritico.com\/ausajpuntocritico\/wp-content\/uploads\/2024\/01\/Juicio-SUD-ISR-V2.png 656w\" sizes=\"auto, (max-width: 480px) 100vw, 480px\" \/><\/p>\n<p style=\"text-align: center;\">\u00a0<\/p>\n<p style=\"text-align: justify;\"><span style=\"font-size: 14pt;\"><span style=\"vertical-align: inherit;\">El Estado de Sud\u00e1frica ha solicitado al tribunal que decrete las siguientes nueve medidas cautelares:<\/span><\/span><\/p>\n<ol>\n<li style=\"text-align: justify;\"><span style=\"font-size: 14pt;\"><span style=\"vertical-align: inherit;\">El Estado de Israel deber\u00e1 suspender inmediatamente sus operaciones militares en Gaza y contra Gaza\u00a0<\/span><\/span><\/li>\n<li style=\"text-align: justify;\"><span style=\"font-size: 14pt;\"><span style=\"vertical-align: inherit;\">El Estado de Israel se asegurar\u00e1 de que las unidades armadas militares o irregulares que puedan estar dirigidas, apoyadas o influenciadas por \u00e9l, as\u00ed como las organizaciones y personas que estar\u00e1n sujetas a su control, direcci\u00f3n o influencia, no tomen ninguna medida para promover las operaciones militares mencionadas en el punto anterior<\/span><\/span><\/li>\n<li style=\"text-align: justify;\"><span style=\"font-size: 14pt;\">La Rep\u00fablica de Sud\u00e1frica y el Estado de Israel, de conformidad con sus obligaciones en virtud de la Convenci\u00f3n para la Prevenci\u00f3n y la Sanci\u00f3n del Delito de Genocidio, adoptar\u00e1n, en relaci\u00f3n con el pueblo palestino, todas las medidas razonables a su alcance para prevenir el genocidio<\/span><\/li>\n<li style=\"text-align: justify;\"><span style=\"font-size: 14pt;\">El Estado de Israel, de conformidad con sus obligaciones en virtud de la Convenci\u00f3n para la Prevenci\u00f3n y la Sanci\u00f3n del Delito de Genocidio, en relaci\u00f3n con el pueblo palestino como grupo protegido por la <a href=\"https:\/\/www.ohchr.org\/es\/instruments-mechanisms\/instruments\/convention-prevention-and-punishment-crime-genocide\" target=\"_blank\" rel=\"noopener\">Convenci\u00f3n para la Prevenci\u00f3n y la Sanci\u00f3n del Delito de Genocidio<\/a>, desistir\u00e1 de cometer todos y cada uno de los actos comprendidos en el \u00e1mbito del art\u00edculo II de la Convenci\u00f3n, en particular:\u00a0<\/span>\n<ol>\n<li><span style=\"font-size: 14pt;\">matar a miembros del pueblo palestino<\/span><\/li>\n<li><span style=\"font-size: 14pt;\">causar lesiones corporales o mentales graves a los miembros del pueblo palestino<\/span><\/li>\n<li><span style=\"font-size: 14pt;\">someter deliberadamente al pueblo palestino a condiciones de existencia que hayan de acarrear su destrucci\u00f3n f\u00edsica, total o parcial\u00a0<\/span><\/li>\n<li><span style=\"font-size: 14pt;\">imponer medidas destinadas a impedir los nacimientos dentro del pueblo<\/span><\/li>\n<\/ol>\n<\/li>\n<li style=\"text-align: justify;\"><span style=\"font-size: 14pt;\">El Estado de Israel, de conformidad con el punto (4 c) anterior tomar\u00e1 todas las medidas a su alcance, incluida la revocaci\u00f3n de las \u00f3rdenes pertinentes, de las restricciones o de las prohibiciones para impedir:<\/span>\n<ol>\n<li><span style=\"font-size: 14pt;\">la expulsi\u00f3n y el desplazamiento forzoso de sus hogares<\/span><\/li>\n<li><span style=\"font-size: 14pt;\">la privaci\u00f3n de:\u00a0<\/span>\n<ol>\n<li><span style=\"font-size: 14pt;\">el acceso a alimentos y agua adecuados<\/span><\/li>\n<li><span style=\"font-size: 14pt;\">el acceso a asistencia humanitaria, incluido el acceso a combustible, refugio, ropa, higiene y saneamiento adecuados<\/span><\/li>\n<li><span style=\"font-size: 14pt;\">suministros y asistencia m\u00e9dica\u00a0<\/span><\/li>\n<li><span style=\"font-size: 14pt;\">la destrucci\u00f3n de la vida palestina en Gaza<\/span><\/li>\n<\/ol>\n<\/li>\n<\/ol>\n<\/li>\n<li style=\"text-align: justify;\"><span style=\"font-size: 14pt;\">El Estado de Israel garantizar\u00e1, en relaci\u00f3n con los palestinos, que sus militares, as\u00ed como cualesquiera unidades armadas irregulares o individuos que puedan ser dirigidos, apoyados o influenciados de otro modo por \u00e9l y cualesquiera organizaciones y personas que puedan estar sujetas a su control, direcci\u00f3n o influencia no cometan ninguno de los actos descritos en los apartados (4) y (5) anteriores ni participen en incitaci\u00f3n directa y p\u00fablica a cometer genocidio, conspiraci\u00f3n para cometer genocidio, tentativa de cometer genocidio o complicidad en genocidio, y en la medida en que participen en ellos, que se adopten medidas para su castigo de conformidad con los art\u00edculos I, II, III y IV de la Convenci\u00f3n para la Prevenci\u00f3n y la Sanci\u00f3n del Delito de Genocidio<\/span><\/li>\n<li style=\"text-align: justify;\"><span style=\"font-size: 14pt;\">El Estado de Israel adoptar\u00e1 medidas efectivas para impedir la destrucci\u00f3n y garantizar la conservaci\u00f3n de las pruebas relacionadas con las denuncias de actos comprendidos en el \u00e1mbito del art\u00edculo II de la Convenci\u00f3n para la Prevenci\u00f3n y la Sanci\u00f3n del Delito de Genocidio; a tal fin, el Estado de Israel no actuar\u00e1 para denegar o restringir de otro modo el acceso de las misiones de investigaci\u00f3n, los mandatos internacionales y otros organismos a Gaza para ayudar a garantizar la conservaci\u00f3n y retenci\u00f3n de dichas pruebas\u00a0<\/span><\/li>\n<li style=\"text-align: justify;\"><span style=\"font-size: 14pt;\">El Estado de Israel presentar\u00e1 un informe al Tribunal sobre todas las medidas adoptadas para dar efecto a la presente Orden en el plazo de una semana, a partir de la fecha de la presente Orden, y posteriormente a los intervalos regulares que ordene el Tribunal, hasta que \u00e9ste dicte una resoluci\u00f3n definitiva sobre el caso\u00a0<\/span><\/li>\n<li style=\"text-align: justify;\"><span style=\"font-size: 14pt;\">El Estado de Israel se abstendr\u00e1 de cualquier acci\u00f3n y se asegurar\u00e1 de que no se tome ninguna acci\u00f3n que pueda agravar o extender la disputa ante el Tribunal o hacerla m\u00e1s dif\u00edcil de resolver<\/span><\/li>\n<\/ol>\n<\/blockquote>\n<p>&nbsp;<\/p>\n<p><img loading=\"lazy\" decoding=\"async\" class=\"aligncenter wp-image-2291839\" src=\"https:\/\/puntocritico.com\/ausajpuntocritico\/wp-content\/uploads\/2024\/01\/maxresdefault-4-300x169.jpg\" alt=\"\" width=\"400\" height=\"225\" data-id=\"2291839\" srcset=\"https:\/\/puntocritico.com\/ausajpuntocritico\/wp-content\/uploads\/2024\/01\/maxresdefault-4-300x169.jpg 300w, https:\/\/puntocritico.com\/ausajpuntocritico\/wp-content\/uploads\/2024\/01\/maxresdefault-4-1024x576.jpg 1024w, https:\/\/puntocritico.com\/ausajpuntocritico\/wp-content\/uploads\/2024\/01\/maxresdefault-4-768x432.jpg 768w, https:\/\/puntocritico.com\/ausajpuntocritico\/wp-content\/uploads\/2024\/01\/maxresdefault-4-678x381.jpg 678w, https:\/\/puntocritico.com\/ausajpuntocritico\/wp-content\/uploads\/2024\/01\/maxresdefault-4.jpg 1280w\" sizes=\"auto, (max-width: 400px) 100vw, 400px\" \/><\/p>\n<p style=\"text-align: center;\"><strong><span style=\"color: #008000; font-size: 18pt;\">*******<\/span><\/strong><\/p>\n<h2 style=\"text-align: center;\"><span style=\"font-size: 24pt;\"><strong>Gaza: fallo de la CIJ, fracasos de la ONU y complicidad de Estados Unidos:\u00a0<\/strong>El informe de Chris Hedges con Craig Mokhiber<\/span><\/h2>\n<p style=\"text-align: center;\"><strong><span style=\"font-size: 14pt;\">Craig Mokhiber, ex director de la Oficina del Alto Comisionado para los Derechos Humanos en Nueva York (ONU)<\/span><\/strong><\/p>\n<div>\n<div id=\"container\" class=\"style-scope ytd-channel-name\">\n<div id=\"text-container\" class=\"style-scope ytd-channel-name\" style=\"text-align: justify;\"><span style=\"font-size: 14pt;\"><a href=\"https:\/\/www.youtube.com\/watch?v=aQUopbLHOtg\" target=\"_blank\" rel=\"noopener\">The Real News Network<\/a>, 26 ENERO 2024<\/span><\/div>\n<\/div>\n<\/div>\n<div>\u00a0<\/div>\n<div>\u00a0<\/div>\n<div>\n<figure id=\"attachment_2292830\" aria-describedby=\"caption-attachment-2292830\" style=\"width: 660px\" class=\"wp-caption aligncenter\"><a href=\"https:\/\/www.youtube.com\/watch?v=aQUopbLHOtg\" target=\"_blank\" rel=\"noopener\"><img loading=\"lazy\" decoding=\"async\" class=\"wp-image-2292830\" src=\"https:\/\/puntocritico.com\/ausajpuntocritico\/wp-content\/uploads\/2024\/01\/CIJ-GAZA-MEDIDAS-PROV-CHRIN-HEDGES-REPORT-300x137.png\" alt=\"Fallo provisional de la CIJ sobre caso de genocidio contra Israel\" width=\"660\" height=\"301\" data-id=\"2292830\" srcset=\"https:\/\/puntocritico.com\/ausajpuntocritico\/wp-content\/uploads\/2024\/01\/CIJ-GAZA-MEDIDAS-PROV-CHRIN-HEDGES-REPORT-300x137.png 300w, https:\/\/puntocritico.com\/ausajpuntocritico\/wp-content\/uploads\/2024\/01\/CIJ-GAZA-MEDIDAS-PROV-CHRIN-HEDGES-REPORT-768x351.png 768w, https:\/\/puntocritico.com\/ausajpuntocritico\/wp-content\/uploads\/2024\/01\/CIJ-GAZA-MEDIDAS-PROV-CHRIN-HEDGES-REPORT.png 988w\" sizes=\"auto, (max-width: 660px) 100vw, 660px\" \/><\/a><figcaption id=\"caption-attachment-2292830\" class=\"wp-caption-text\"><span style=\"color: #008000;\">Para ir al video, pulsar en la imagen<\/span><\/figcaption><\/figure>\n<\/div>\n<div>\u00a0<\/div>\n<div>\u00a0<\/div>\n<blockquote>\n<div style=\"text-align: center;\"><span style=\"font-size: 14pt;\">La Corte Internacional de Justicia acaba de dictar medidas preliminares contra Israel por el crimen de genocidio en Gaza. El fallo se produce tras semanas de anticipaci\u00f3n y meses de protesta internacional para que Israel enfrente la responsabilidad de la ONU. Si bien queda mucho por determinar, este es un acontecimiento cr\u00edtico en un momento en que la integridad de las instituciones internacionales ha entrado en crisis por su ineficacia frente a la matanza de Israel.<\/span><\/div>\n<div>\u00a0<\/div>\n<div style=\"text-align: center;\"><span style=\"font-size: 14pt;\">El ex director de la <a href=\"https:\/\/www.ohchr.org\/es\/about-us\/where-we-work\/headquarters\/new-york\" target=\"_blank\" rel=\"noopener\">Oficina del Alto Comisionado para los Derechos Humanos en Nueva York<\/a>, Craig Mokhiber, quien renunci\u00f3 a su cargo el oto\u00f1o pasado en protesta por lo que llam\u00f3 el \u00abfracaso\u00bb de la ONU para proteger a los palestinos, se une al Informe Chris Hedges para una discusi\u00f3n sobre las debilidades de la ONU ante la impunidad de Estados Unidos e Israel.<\/span><\/p>\n<p><span style=\"font-size: 14pt;\">Nota del editor: Esta entrevista fue grabada antes del fallo de la CIJ del 26 de enero.<\/span><\/div>\n<\/blockquote>\n<p>&nbsp;<\/p>\n<p><a href=\"https:\/\/puntocritico.com\/ausajpuntocritico\/2023\/10\/28\/el-golem-1920\/\"><img loading=\"lazy\" decoding=\"async\" class=\"aligncenter wp-image-2289763\" src=\"https:\/\/puntocritico.com\/ausajpuntocritico\/wp-content\/uploads\/2023\/10\/Golem-PPAL.jpg\" alt=\"\" width=\"480\" height=\"319\" data-id=\"2289763\" srcset=\"https:\/\/puntocritico.com\/ausajpuntocritico\/wp-content\/uploads\/2023\/10\/Golem-PPAL.jpg 680w, https:\/\/puntocritico.com\/ausajpuntocritico\/wp-content\/uploads\/2023\/10\/Golem-PPAL-300x199.jpg 300w, https:\/\/puntocritico.com\/ausajpuntocritico\/wp-content\/uploads\/2023\/10\/Golem-PPAL-678x452.jpg 678w\" sizes=\"auto, (max-width: 480px) 100vw, 480px\" \/><\/a><\/p>\n<p style=\"text-align: center;\"><span style=\"font-size: 18pt;\"><strong><span style=\"color: #008000;\">*******<\/span><\/strong><\/span><\/p>\n<h2><span style=\"font-size: 14pt;\">RELACIONADA:<\/span><\/h2>\n<p style=\"text-align: center;\"><span style=\"font-size: 14pt;\"><a href=\"https:\/\/puntocritico.com\/ausajpuntocritico\/2024\/01\/13\/sudafrica-contra-israel\/\"><strong>GAZA: MEDIDAS CAUTELARES SOLICITADAS EN LA DENUNCIA POR GENOCIDIO PRESENTADA POR SUD\u00c1FRICA CONTRA ISRAEL ANTE LA CORTE INTERNACIONAL DE JUSTICIA (ONU) (Vistas orales de 11 y 12 de enero de 2024)<\/strong><\/a><\/span><\/p>\n<p>&nbsp;<\/p>\n<p><a href=\"https:\/\/puntocritico.com\/ausajpuntocritico\/2024\/01\/13\/sudafrica-contra-israel\/\"><img loading=\"lazy\" decoding=\"async\" class=\"aligncenter wp-image-2291958 size-mh-magazine-content\" src=\"https:\/\/puntocritico.com\/ausajpuntocritico\/wp-content\/uploads\/2024\/01\/CIJ-ISRAEL-SUDAFRICA-PARA-PPAL-678x381.jpg\" alt=\"\" width=\"678\" height=\"381\" data-id=\"2291958\" \/><\/a><\/p>\n<p>&nbsp;<\/p>\n<p>&nbsp;<\/p>\n<p>&nbsp;<\/p>\n<p><a href=\"https:\/\/puntocritico.com\/ausajpuntocritico\/author\/punto-critico\/\"><img loading=\"lazy\" decoding=\"async\" class=\"aligncenter wp-image-48\" src=\"https:\/\/puntocritico.com\/ausajpuntocritico\/wp-content\/uploads\/2016\/11\/Mosca_Punto_Cr\u00edtico_40.png\" alt=\"\" width=\"80\" height=\"80\" \/><\/a><\/p>\n<p>&nbsp;<\/p>\n","protected":false},"excerpt":{"rendered":"<div class=\"mh-excerpt\"><p>FALLO PROVISIONAL DE LA CIJ SOBRE CASO DE GENOCIDIO CONTRA ISRAEL &nbsp; ISRAEL-PALESTINA: LA CORTE INTERNACIONAL DE JUSTICIA ORDENA A ISRAEL \u201cTOMAR TODAS LAS MEDIDAS\u00bb POSIBLES PARA \u00abPREVENIR\u201d UN GENOCIDIO EN GAZA El tribunal reconoce <a class=\"mh-excerpt-more\" href=\"https:\/\/puntocritico.com\/ausajpuntocritico\/2024\/01\/27\/fallo-provisional-de-la-cij-sobre-caso-de-genocidio-contra-israel\/\" title=\"FALLO PROVISIONAL DE LA CIJ SOBRE CASO DE GENOCIDIO CONTRA ISRAEL (Corte Internacional de Justicia: lectura del fallo)\">[&#8230;]<\/a><\/p>\n<\/div>","protected":false},"author":3,"featured_media":2292837,"comment_status":"closed","ping_status":"closed","sticky":false,"template":"","format":"standard","meta":{"_acf_changed":false,"_exactmetrics_skip_tracking":false,"_exactmetrics_sitenote_active":false,"_exactmetrics_sitenote_note":"","_exactmetrics_sitenote_category":0,"footnotes":""},"categories":[6],"tags":[72],"class_list":{"0":"post-2292829","1":"post","2":"type-post","3":"status-publish","4":"format-standard","5":"has-post-thumbnail","7":"category-justicia","8":"tag-palestina"},"acf":[],"_links":{"self":[{"href":"https:\/\/puntocritico.com\/ausajpuntocritico\/wp-json\/wp\/v2\/posts\/2292829","targetHints":{"allow":["GET"]}}],"collection":[{"href":"https:\/\/puntocritico.com\/ausajpuntocritico\/wp-json\/wp\/v2\/posts"}],"about":[{"href":"https:\/\/puntocritico.com\/ausajpuntocritico\/wp-json\/wp\/v2\/types\/post"}],"author":[{"embeddable":true,"href":"https:\/\/puntocritico.com\/ausajpuntocritico\/wp-json\/wp\/v2\/users\/3"}],"replies":[{"embeddable":true,"href":"https:\/\/puntocritico.com\/ausajpuntocritico\/wp-json\/wp\/v2\/comments?post=2292829"}],"version-history":[{"count":0,"href":"https:\/\/puntocritico.com\/ausajpuntocritico\/wp-json\/wp\/v2\/posts\/2292829\/revisions"}],"wp:featuredmedia":[{"embeddable":true,"href":"https:\/\/puntocritico.com\/ausajpuntocritico\/wp-json\/wp\/v2\/media\/2292837"}],"wp:attachment":[{"href":"https:\/\/puntocritico.com\/ausajpuntocritico\/wp-json\/wp\/v2\/media?parent=2292829"}],"wp:term":[{"taxonomy":"category","embeddable":true,"href":"https:\/\/puntocritico.com\/ausajpuntocritico\/wp-json\/wp\/v2\/categories?post=2292829"},{"taxonomy":"post_tag","embeddable":true,"href":"https:\/\/puntocritico.com\/ausajpuntocritico\/wp-json\/wp\/v2\/tags?post=2292829"}],"curies":[{"name":"wp","href":"https:\/\/api.w.org\/{rel}","templated":true}]}}