{"id":2291918,"date":"2024-01-13T00:05:00","date_gmt":"2024-01-12T23:05:00","guid":{"rendered":"https:\/\/puntocritico.com\/ausajpuntocritico\/?p=2291918"},"modified":"2024-12-07T19:36:55","modified_gmt":"2024-12-07T18:36:55","slug":"sudafrica-contra-israel","status":"publish","type":"post","link":"https:\/\/puntocritico.com\/ausajpuntocritico\/2024\/01\/13\/sudafrica-contra-israel\/","title":{"rendered":"GAZA: MEDIDAS CAUTELARES SOLICITADAS EN LA DENUNCIA POR GENOCIDIO PRESENTADA POR  SUD\u00c1FRICA CONTRA ISRAEL ANTE LA CORTE INTERNACIONAL DE JUSTICIA (ONU) (Vistas orales de 11 y 12 de enero de 2024)"},"content":{"rendered":"<h2 style=\"text-align: justify;\"><span style=\"font-size: 14pt; color: #008000;\"><span style=\"vertical-align: inherit;\"><span style=\"vertical-align: inherit;\">DEMANDA POR GENOCIDIO PRESENTADA POR SUD\u00c1FRICA CONTRA ISRAEL ANTE LA CORTE INTERNACIONAL DE JUSTICIA (ONU)<\/span><\/span><\/span><\/h2>\n<p><span style=\"vertical-align: inherit;\"><span style=\"vertical-align: inherit;\"><\/span><\/span><\/p>\n<p>&nbsp;<\/p>\n<blockquote>\n<h2 style=\"text-align: center;\" align=\"center\"><span style=\"font-size: 24.0pt; line-height: 107%;\">CORTE INTERNACIONAL DE JUSTICIA DE LA HAYA (CIJ) PRESENTACI\u00d3N DEL CASO POR GENOCIDIO CONTRA ISRAEL TRAMITADO POR DENUNCIA PRESENTADA POR SUD\u00c1FRICA (Vista Oral de 11 de enero de 2024)<\/span><\/h2>\n<p style=\"text-align: center;\"><strong style=\"font-size: 14pt;\"><em><span style=\"vertical-align: inherit;\"><span style=\"vertical-align: inherit;\">El pa\u00eds africano acusa a Israel de un patr\u00f3n de conducta genocida: \u201cEsta matanza no es otra cosa que la destrucci\u00f3n de la vida palestina. Se inflige deliberadamente, no se perdona a nadie, ni siquiera a los reci\u00e9n nacidos\u201d, asegur\u00f3 su equipo jur\u00eddico .\u00a0<\/span><\/span><\/em><\/strong><\/p>\n<div id=\"block-un-base-theme-content\" class=\"block block-system block-system-main-block block-un-base-theme-content\">\n<div class=\"block-content block__content\">\n<article class=\"node node--type-news-story node--view-mode-full clearfix\">\n<header><\/header>\n<div class=\"node__content clearfix\"><a style=\"font-size: 14pt; text-align: justify;\" href=\"https:\/\/news.un.org\/es\/story\/2024\/01\/1526992\" target=\"_blank\" rel=\"noopener\"><span style=\"vertical-align: inherit;\"><span style=\"vertical-align: inherit;\">Noticias ONU <\/span><\/span><\/a><span style=\"font-size: 14pt; text-align: justify;\"><span style=\"vertical-align: inherit;\"><span style=\"vertical-align: inherit;\">, 11 ENERO 2024<\/span><\/span><\/span><\/div>\n<\/article>\n<\/div>\n<\/div>\n<figure id=\"attachment_12152\" aria-describedby=\"caption-attachment-12152\" style=\"width: 678px\" class=\"wp-caption aligncenter\"><a href=\"https:\/\/www.ohchr.org\/es\/instruments-mechanisms\/instruments\/convention-prevention-and-punishment-crime-genocide\" target=\"_blank\" rel=\"noopener\"><img loading=\"lazy\" decoding=\"async\" class=\"wp-image-12152 size-mh-magazine-content\" src=\"https:\/\/puntocritico.com\/ausajpuntocritico\/wp-content\/uploads\/2018\/05\/palestina-y-el-terrorismo-de-estado3-678x381.jpg\" alt=\"\" width=\"678\" height=\"381\" data-id=\"12152\" srcset=\"https:\/\/puntocritico.com\/ausajpuntocritico\/wp-content\/uploads\/2018\/05\/palestina-y-el-terrorismo-de-estado3-678x381.jpg 678w, https:\/\/puntocritico.com\/ausajpuntocritico\/wp-content\/uploads\/2018\/05\/palestina-y-el-terrorismo-de-estado3-300x169.jpg 300w, https:\/\/puntocritico.com\/ausajpuntocritico\/wp-content\/uploads\/2018\/05\/palestina-y-el-terrorismo-de-estado3-768x432.jpg 768w, https:\/\/puntocritico.com\/ausajpuntocritico\/wp-content\/uploads\/2018\/05\/palestina-y-el-terrorismo-de-estado3-1024x576.jpg 1024w, https:\/\/puntocritico.com\/ausajpuntocritico\/wp-content\/uploads\/2018\/05\/palestina-y-el-terrorismo-de-estado3.jpg 1280w\" sizes=\"auto, (max-width: 678px) 100vw, 678px\" \/><\/a><figcaption id=\"caption-attachment-12152\" class=\"wp-caption-text\"><a href=\"https:\/\/www.ohchr.org\/es\/instruments-mechanisms\/instruments\/convention-prevention-and-punishment-crime-genocide\" target=\"_blank\" rel=\"noopener\"><span style=\"color: #008000;\">Convenci\u00f3n para la Prevenci\u00f3n y la Sanci\u00f3n del Delito de Genocidio <\/span><\/a><\/figcaption><\/figure>\n<p style=\"text-align: justify;\">\u00a0<\/p>\n<p style=\"text-align: justify;\"><span style=\"font-size: 14pt;\"><span style=\"vertical-align: inherit;\"><span style=\"vertical-align: inherit;\">Sud\u00e1frica se dirigi\u00f3 el jueves al m\u00e1s alto tribunal de la ONU en un intento de poner fin a la matanza masiva de civiles en\u00a0 <\/span><\/span><span style=\"vertical-align: inherit;\"><span style=\"vertical-align: inherit;\">Gaza<\/span><\/span><span style=\"vertical-align: inherit;\"><span style=\"vertical-align: inherit;\">, acusando a Israel de llevar a cabo un <a href=\"https:\/\/www.ohchr.org\/es\/instruments-mechanisms\/instruments\/convention-prevention-and-punishment-crime-genocide\" target=\"_blank\" rel=\"noopener\">genocidio<\/a> contra los palestinos de la zona, afirmaci\u00f3n que Israel ha negado rotundamente por considerarla \u00abinfundada\u00bb.<\/span><\/span><\/span><\/p>\n<p style=\"text-align: justify;\"><span style=\"font-size: 14pt;\"><span style=\"vertical-align: inherit;\"><span style=\"vertical-align: inherit;\">La audiencia se produce despu\u00e9s de que 23.000 palestinos en la Franja hayan muerto a manos del Ej\u00e9rcito de Israel, 60.000 millas hayan resultado heridos, cientos de millas hayan sido desplazados y m\u00e1s de un mill\u00f3n est\u00e9 pasando hambre.<\/span><\/span><\/span><\/p>\n<p style=\"text-align: justify;\"><span style=\"font-size: 14pt;\"><span style=\"vertical-align: inherit;\"><span style=\"vertical-align: inherit;\">Los bombardeos masivos de Israel sobre la Franja de Gaza son la respuesta a los ataques del 7 de octubre dirigidos por Ham\u00e1s, que causaron la muerte de 1200 israel\u00edes y extranjeros y la toma de unos 250 rehenes.<\/span><\/span><\/span><\/p>\n<p style=\"text-align: justify;\"><span style=\"font-size: 14pt;\"><span style=\"vertical-align: inherit;\"><span style=\"vertical-align: inherit;\">En su alegato, el equipo jur\u00eddico sudafricano declar\u00f3 ante la\u00a0 <\/span><\/span><a href=\"https:\/\/www.icj-cij.org\/es\" target=\"_blank\" rel=\"noopener\" data-schema-attribute=\"\"><span style=\"vertical-align: inherit;\"><span style=\"vertical-align: inherit;\">Corte Internacional de Justicia<\/span><\/span><\/a><span style=\"vertical-align: inherit;\"><span style=\"vertical-align: inherit;\"> \u00a0(CIJ) en La Haya que Israel hab\u00eda demostrado un \u00bb <\/span><\/span><strong><span style=\"vertical-align: inherit;\"><span style=\"vertical-align: inherit;\">patr\u00f3n de conducta genocida<\/span><\/span><\/strong><span style=\"vertical-align: inherit;\"><span style=\"vertical-align: inherit;\"> \u00bb desde que lanz\u00f3 su guerra a gran escala en Gaza, la franja de 365 kil\u00f3metros cuadrados que Ocupa desde 1967.<\/span><\/span><\/span><\/p>\n<p style=\"text-align: justify;\"><span style=\"font-size: 14pt;\"><span style=\"vertical-align: inherit;\"><span style=\"vertical-align: inherit;\">\u00abEsta matanza no es otra cosa que la destrucci\u00f3n de la vida palestina. Se inflige deliberadamente, no se perdona a nadie, ni siquiera a los reci\u00e9n nacidos\u00bb, declar\u00f3.<\/span><\/span><\/span><\/p>\n<h3 style=\"text-align: center;\"><span style=\"font-size: 18pt;\"><span style=\"vertical-align: inherit;\"><span style=\"vertical-align: inherit;\">Violencia sin precedentes<\/span><\/span><\/span><\/h3>\n<p style=\"text-align: justify;\"><span style=\"font-size: 14pt;\"><span style=\"vertical-align: inherit;\"><span style=\"vertical-align: inherit;\">Las acciones de Israel han sometido a los 2,3 millones de habitantes de Gaza a un nivel de ataques sin precedentes desde el aire, la tierra y el mar, lo que ha provocado la muerte de millas de civiles y la destrucci\u00f3n de viviendas e infraestructuras. p\u00fablicos esenciales, insisti\u00f3 Adila Hassim.<\/span><\/span><\/span><\/p>\n<p style=\"text-align: justify;\"><span style=\"font-size: 14pt;\"><span style=\"vertical-align: inherit;\"><span style=\"vertical-align: inherit;\">Israel tambi\u00e9n ha impedido que llegue suficiente ayuda humanitaria a quienes la necesitan y\u00a0 <\/span><\/span><strong><span style=\"vertical-align: inherit;\"><span style=\"vertical-align: inherit;\">ha creado el riesgo de muerte por inanici\u00f3n y enfermedad<\/span><\/span><\/strong><span style=\"vertical-align: inherit;\"><span style=\"vertical-align: inherit;\"> \u00a0debido a la imposibilidad de proporcionar asistencia \u00abmientras caen las bombas\u00bb, aleg\u00f3 la abogada sudafricana.<\/span><\/span><\/span><\/p>\n<p style=\"text-align: justify;\"><span style=\"font-size: 14pt;\"><span style=\"vertical-align: inherit;\"><span style=\"vertical-align: inherit;\">\u00abLos palestinos de Gaza son objeto de incesantes bombardeos dondequiera que vayan\u00bb, declar\u00f3 Hassim ante el tribunal, a\u00f1adiendo que\u00a0 <\/span><\/span><strong><span style=\"vertical-align: inherit;\"><span style=\"vertical-align: inherit;\">han muerto tantas personas que a menudo son enterradas sin identificar en fosas comunes<\/span><\/span><\/strong><span style=\"vertical-align: inherit;\"><span style=\"vertical-align: inherit;\"> . <\/span><span style=\"vertical-align: inherit;\">Adem\u00e1s, otros 60.000 palestinos han resultado heridos y mutilados<\/span><\/span><\/span><\/p>\n<p style=\"text-align: justify;\"><span style=\"font-size: 14pt;\"><span style=\"vertical-align: inherit;\"><span style=\"vertical-align: inherit;\">\u00abLos matan en sus casas, en lugares donde buscan refugio, en hospitales, en escuelas, en mezquitas y mientras intentan encontrar comida y agua para sus familias. Se les ha matado si no han evacuado los lugares a los que han huido e incluso cuando Intentaban huir por rutas seguras declaradas por Israel\u00bb<\/span><\/span><\/span><\/p>\n<p style=\"text-align: justify;\"><span style=\"font-size: 14pt;\"><span style=\"vertical-align: inherit;\"><span style=\"vertical-align: inherit;\">Como parte de su demanda contra Israel, Sud\u00e1frica alega que\u00a0 <\/span><\/span><strong><span style=\"vertical-align: inherit;\"><span style=\"vertical-align: inherit;\">6000 bombas cayeron sobre Gaza en la primera semana de la respuesta israel\u00ed<\/span><\/span><\/strong><span style=\"vertical-align: inherit;\"><span style=\"vertical-align: inherit;\"> \u00a0a los ataques dirigidos por Ham\u00e1s. <\/span><span style=\"vertical-align: inherit;\">Esto incluy\u00f3 el uso de\u00a0 <\/span><\/span><strong><span style=\"vertical-align: inherit;\"><span style=\"vertical-align: inherit;\">bombas de 2000 libras al menos 200 veces<\/span><\/span><\/strong><span style=\"vertical-align: inherit;\"><span style=\"vertical-align: inherit;\"> \u00a0\u00aben zonas del sur de la Franja que fueron designadas como seguras\u00bb, y en el norte, donde se encontraban los campos de refugiados, dijo Hassim.<\/span><\/span><\/span><\/p>\n<p style=\"text-align: justify;\"><span style=\"font-size: 14pt;\"><span style=\"vertical-align: inherit;\"><span style=\"vertical-align: inherit;\">Estas armas eran \u00abalgunas de las bombas m\u00e1s grandes y destructivas disponibles\u00bb, afirm\u00f3, y agreg\u00f3 que los genocidios \u00abnunca se declaran de antemano, pero este tribunal tiene el beneficio de las\u00a0 <\/span><\/span><strong><span style=\"vertical-align: inherit;\"><span style=\"vertical-align: inherit;\">pruebas de las \u00faltimas 13 semanas<\/span><\/span><\/strong><span style=\"vertical-align: inherit;\"><span style=\"vertical-align: inherit;\"> \u00a0que muestran de forma incontrovertible un patr\u00f3n\u00bb. de conducta y una intenci\u00f3n relacionada que justifica una afirmaci\u00f3n plausible de actos genocidas\u00bb.<\/span><\/span><\/span><\/p>\n<h3 style=\"text-align: center;\"><span style=\"font-size: 18pt;\"><span style=\"vertical-align: inherit;\"><span style=\"vertical-align: inherit;\">Obligaciones de la Convenci\u00f3n<\/span><\/span><\/span><\/h3>\n<p style=\"text-align: justify;\"><span style=\"font-size: 14pt;\"><span style=\"vertical-align: inherit;\"><span style=\"vertical-align: inherit;\">Debido a estas acciones, Israel ha infringido la Convenci\u00f3n sobre el Genocidio, seg\u00fan escucharon posteriormente los jueces de la Corte, en referencia al tratado mundial suscrito por los miembros de las Naciones Unidas tras la Segunda Guerra Mundial para prevenir los cr\u00edmenes contra la humanidad.<\/span><\/span><\/span><\/p>\n<p style=\"text-align: justify;\"><span style=\"font-size: 14pt;\"><span style=\"vertical-align: inherit;\"><span style=\"vertical-align: inherit;\">La Convenci\u00f3n est\u00e1 \u00bb <\/span><\/span><strong><span style=\"vertical-align: inherit;\"><span style=\"vertical-align: inherit;\">dedicada a salvar a la humanidad<\/span><\/span><\/strong><span style=\"vertical-align: inherit;\"><span style=\"vertical-align: inherit;\"> \u00ab, insisti\u00f3 John Dugard, tambi\u00e9n en representaci\u00f3n de Sud\u00e1frica, y todos los pa\u00edses firmantes de la Convenci\u00f3n \u00abest\u00e1n obligados no s\u00f3lo a desistir de actos genocidas, sino tambi\u00e9n a prevenirlos\u00bb, se mantuvo.<\/span><\/span><\/span><\/p>\n<p style=\"text-align: justify;\"><span style=\"font-size: 14pt;\"><span style=\"vertical-align: inherit;\"><span style=\"vertical-align: inherit;\">La audiencia contin\u00faa el viernes con la presentaci\u00f3n israel\u00ed.<\/span><\/span><\/span><\/p>\n<h3 style=\"text-align: center;\"><span style=\"font-size: 18pt;\"><span style=\"vertical-align: inherit;\"><span style=\"vertical-align: inherit;\">Satisfacci\u00f3n de los expertos en derechos humanos<\/span><\/span><\/span><\/h3>\n<p style=\"text-align: justify;\"><span style=\"font-size: 14pt;\"><span style=\"vertical-align: inherit;\"><span style=\"vertical-align: inherit;\">M\u00e1s de una veintena de expertos en derechos humanos* firmaron este jueves un comunicado en el que acogen con satisfacci\u00f3n el inicio de las audiencias y subrayan que cualquier medida decisi\u00f3n que adopte la Corte sobre provisionales\u00a0 <\/span><\/span><strong><span style=\"vertical-align: inherit;\"><span style=\"vertical-align: inherit;\">debe ser respetada y aplicada por las partes<\/span><\/span><\/strong><span style=\"vertical-align: inherit;\"><span style=\"vertical-align: inherit;\"> .<\/span><\/span><\/span><\/p>\n<p style=\"text-align: justify;\"><span style=\"font-size: 14pt;\"><span style=\"vertical-align: inherit;\"><span style=\"vertical-align: inherit;\">En una declaraci\u00f3n conjunta, m\u00e1s de 30 relatores y expertos independientes recuerdan que las decisiones de la Corte son definitivas, vinculantes e inapelables.<\/span><\/span><\/span><\/p>\n<p style=\"text-align: justify;\"><span style=\"font-size: 14pt;\"><span style=\"vertical-align: inherit;\"><span style=\"vertical-align: inherit;\">\u201cLa adhesi\u00f3n de las partes implicadas a cualquier orden que dicte la Corte\u00a0 <\/span><\/span><strong><span style=\"vertical-align: inherit;\"><span style=\"vertical-align: inherit;\">es imperativa para proteger los derechos de los palestinos<\/span><\/span><\/strong><span style=\"vertical-align: inherit;\"><span style=\"vertical-align: inherit;\"> \u00a0y reforzar la primac\u00eda del derecho internacional\u201d, afirmaron los expertos.<\/span><\/span><\/span><\/p>\n<p style=\"text-align: justify;\"><span style=\"font-size: 14pt;\"><span style=\"vertical-align: inherit;\"><span style=\"vertical-align: inherit;\">\u00abElogiamos a Sud\u00e1frica por llevar este caso ante la CIJ\u00a0 <\/span><\/span><strong><span style=\"vertical-align: inherit;\"><span style=\"vertical-align: inherit;\">en un momento en que los derechos de los palestinos de Gaza est\u00e1n siendo violados con impunidad<\/span><\/span><\/strong><span style=\"vertical-align: inherit;\"><span style=\"vertical-align: inherit;\"> . Pedimos a todos los Estados que cooperan con la Corte en su interpretaci\u00f3n de la Convenci\u00f3n sobre el Genocidio y que respeten el papel de la CIJ como tribunal independiente\u00bb, a\u00f1adieron.<\/span><\/span><\/span><\/p>\n<p style=\"text-align: justify;\"><span style=\"font-size: 14pt;\"><span style=\"vertical-align: inherit;\"><span style=\"vertical-align: inherit;\">Los expertos tambi\u00e9n acogieron con satisfacci\u00f3n las declaraciones de apoyo de muchos Estados, individuos y organizaciones de todo el mundo a la acci\u00f3n de Sud\u00e1frica.<\/span><\/span><\/span><\/p>\n<p>&nbsp;<\/p>\n<p><img loading=\"lazy\" decoding=\"async\" class=\"aligncenter wp-image-2291958 size-mh-magazine-content\" src=\"https:\/\/puntocritico.com\/ausajpuntocritico\/wp-content\/uploads\/2024\/01\/CIJ-ISRAEL-SUDAFRICA-PARA-PPAL-678x381.jpg\" alt=\"\" width=\"678\" height=\"381\" data-id=\"2291958\" \/><\/p>\n<p>&nbsp;<\/p>\n<h3 style=\"text-align: center;\"><span style=\"font-size: 18pt;\"><span style=\"vertical-align: inherit;\"><span style=\"vertical-align: inherit;\">Nueve medidas cautelares<\/span><\/span><\/span><\/h3>\n<p style=\"text-align: justify;\"><span style=\"font-size: 14pt;\"><span style=\"vertical-align: inherit;\"><span style=\"vertical-align: inherit;\">El Estado de Sud\u00e1frica ha solicitado al tribunal que decrete las siguientes nueve medidas cautelares:<\/span><\/span><\/span><\/p>\n<ol>\n<li style=\"text-align: justify;\"><span style=\"font-size: 14pt;\"><span style=\"vertical-align: inherit;\"><span style=\"vertical-align: inherit;\">El Estado de Israel deber\u00e1 suspender inmediatamente sus operaciones militares en Gaza y contra Gaza\u00a0<\/span><\/span><\/span><\/li>\n<li style=\"text-align: justify;\"><span style=\"font-size: 14pt;\"><span style=\"vertical-align: inherit;\"><span style=\"vertical-align: inherit;\">El Estado de Israel se asegurar\u00e1 de que las unidades armadas militares o irregulares que puedan estar dirigidas, apoyadas o influenciadas por \u00e9l, as\u00ed como las organizaciones y personas que estar\u00e1n sujetas a su control, direcci\u00f3n o influencia, no tomen ninguna medida para promover las operaciones militares mencionadas en el punto anterior<\/span><\/span><\/span><\/li>\n<li style=\"text-align: justify;\"><span style=\"font-size: 14pt;\">La Rep\u00fablica de Sud\u00e1frica y el Estado de Israel, de conformidad con sus obligaciones en virtud de la Convenci\u00f3n para la Prevenci\u00f3n y la Sanci\u00f3n del Delito de Genocidio, adoptar\u00e1n, en relaci\u00f3n con el pueblo palestino, todas las medidas razonables a su alcance para prevenir el genocidio<\/span><\/li>\n<li style=\"text-align: justify;\"><span style=\"font-size: 14pt;\">El Estado de Israel, de conformidad con sus obligaciones en virtud de la Convenci\u00f3n para la Prevenci\u00f3n y la Sanci\u00f3n del Delito de Genocidio, en relaci\u00f3n con el pueblo palestino como grupo protegido por la <a href=\"https:\/\/www.ohchr.org\/es\/instruments-mechanisms\/instruments\/convention-prevention-and-punishment-crime-genocide\" target=\"_blank\" rel=\"noopener\">Convenci\u00f3n para la Prevenci\u00f3n y la Sanci\u00f3n del Delito de Genocidio<\/a>, desistir\u00e1 de cometer todos y cada uno de los actos comprendidos en el \u00e1mbito del art\u00edculo II de la Convenci\u00f3n, en particular:\u00a0<\/span>\n<ol>\n<li><span style=\"font-size: 14pt;\">matar a miembros del pueblo palestino<\/span><\/li>\n<li><span style=\"font-size: 14pt;\">causar lesiones corporales o mentales graves a los miembros del pueblo palestino<\/span><\/li>\n<li><span style=\"font-size: 14pt;\">someter deliberadamente al pueblo palestino a condiciones de existencia que hayan de acarrear su destrucci\u00f3n f\u00edsica, total o parcial\u00a0<\/span><\/li>\n<li><span style=\"font-size: 14pt;\">imponer medidas destinadas a impedir los nacimientos dentro del pueblo<\/span><\/li>\n<\/ol>\n<\/li>\n<li style=\"text-align: justify;\"><span style=\"font-size: 14pt;\">El Estado de Israel, de conformidad con el punto (4 c) anterior tomar\u00e1 todas las medidas a su alcance, incluida la revocaci\u00f3n de las \u00f3rdenes pertinentes, de las restricciones o de las prohibiciones para impedir:<\/span>\n<ol>\n<li><span style=\"font-size: 14pt;\">la expulsi\u00f3n y el desplazamiento forzoso de sus hogares<\/span><\/li>\n<li><span style=\"font-size: 14pt;\">la privaci\u00f3n de:\u00a0<\/span>\n<ol>\n<li><span style=\"font-size: 14pt;\">el acceso a alimentos y agua adecuados<\/span><\/li>\n<li><span style=\"font-size: 14pt;\">el acceso a asistencia humanitaria, incluido el acceso a combustible, refugio, ropa, higiene y saneamiento adecuados<\/span><\/li>\n<li><span style=\"font-size: 14pt;\">suministros y asistencia m\u00e9dica\u00a0<\/span><\/li>\n<li><span style=\"font-size: 14pt;\">la destrucci\u00f3n de la vida palestina en Gaza<\/span><\/li>\n<\/ol>\n<\/li>\n<\/ol>\n<\/li>\n<li style=\"text-align: justify;\"><span style=\"font-size: 14pt;\">El Estado de Israel garantizar\u00e1, en relaci\u00f3n con los palestinos, que sus militares, as\u00ed como cualesquiera unidades armadas irregulares o individuos que puedan ser dirigidos, apoyados o influenciados de otro modo por \u00e9l y cualesquiera organizaciones y personas que puedan estar sujetas a su control, direcci\u00f3n o influencia no cometan ninguno de los actos descritos en los apartados (4) y (5) anteriores ni participen en incitaci\u00f3n directa y p\u00fablica a cometer genocidio, conspiraci\u00f3n para cometer genocidio, tentativa de cometer genocidio o complicidad en genocidio, y en la medida en que participen en ellos, que se adopten medidas para su castigo de conformidad con los art\u00edculos I, II, III y IV de la Convenci\u00f3n para la Prevenci\u00f3n y la Sanci\u00f3n del Delito de Genocidio<\/span><\/li>\n<li style=\"text-align: justify;\"><span style=\"font-size: 14pt;\">El Estado de Israel adoptar\u00e1 medidas efectivas para impedir la destrucci\u00f3n y garantizar la conservaci\u00f3n de las pruebas relacionadas con las denuncias de actos comprendidos en el \u00e1mbito del art\u00edculo II de la Convenci\u00f3n para la Prevenci\u00f3n y la Sanci\u00f3n del Delito de Genocidio; a tal fin, el Estado de Israel no actuar\u00e1 para denegar o restringir de otro modo el acceso de las misiones de investigaci\u00f3n, los mandatos internacionales y otros organismos a Gaza para ayudar a garantizar la conservaci\u00f3n y retenci\u00f3n de dichas pruebas\u00a0<\/span><\/li>\n<li style=\"text-align: justify;\"><span style=\"font-size: 14pt;\">El Estado de Israel presentar\u00e1 un informe al Tribunal sobre todas las medidas adoptadas para dar efecto a la presente Orden en el plazo de una semana, a partir de la fecha de la presente Orden, y posteriormente a los intervalos regulares que ordene el Tribunal, hasta que \u00e9ste dicte una resoluci\u00f3n definitiva sobre el caso\u00a0<\/span><\/li>\n<li style=\"text-align: justify;\"><span style=\"font-size: 14pt;\">El Estado de Israel se abstendr\u00e1 de cualquier acci\u00f3n y se asegurar\u00e1 de que no se tome ninguna acci\u00f3n que pueda agravar o extender la disputa ante el Tribunal o hacerla m\u00e1s dif\u00edcil de resolver<\/span><\/li>\n<\/ol>\n<p style=\"text-align: justify;\"><span style=\"font-size: 14pt;\">La audiencia contin\u00faa el viernes con la presentaci\u00f3n israel\u00ed.<\/span><\/p>\n<p>&nbsp;<\/p>\n<p style=\"text-align: right;\"><span style=\"font-size: 14pt;\"><em><strong>*\u00a0<\/strong>Los relatores especiales y los Grupos de Trabajo forman parte de lo que se conoce como\u00a0<\/em><a href=\"https:\/\/www.ohchr.org\/es\/special-procedures-human-rights-council\" target=\"_blank\" rel=\"noopener noreferrer\"><em>Procedimientos Especiales<\/em><\/a><em>\u00a0del\u00a0<\/em><a href=\"https:\/\/www.ohchr.org\/SP\/HRBodies\/HRC\/Pages\/Home.aspx\" target=\"_blank\" rel=\"noopener noreferrer\"><em>Consejo de Derechos Humanos<\/em><\/a><em>. Procedimientos Especiales, el mayor \u00f3rgano de expertos independientes del sistema de derechos humanos de la ONU, es el nombre general de los mecanismos independientes de investigaci\u00f3n y supervisi\u00f3n del Consejo. Los titulares de mandatos de los Procedimientos Especiales son expertos independientes en derechos humanos nombrados por el\u00a0<\/em><a href=\"https:\/\/www.ohchr.org\/SP\/HRBodies\/HRC\/Pages\/Home.aspx\" target=\"_blank\" rel=\"noopener noreferrer\"><em>Consejo de Derechos Humanos<\/em><\/a><em>\u00a0para abordar situaciones espec\u00edficas de pa\u00edses o cuestiones tem\u00e1ticas en todo el mundo. No forman parte del personal de la ONU y son independientes de cualquier gobierno u organizaci\u00f3n. Prestan sus servicios a t\u00edtulo individual y no reciben un salario por su trabajo.<\/em><\/span><\/p>\n<p>&nbsp;<\/p>\n<\/blockquote>\n<p><img loading=\"lazy\" decoding=\"async\" class=\"aligncenter wp-image-2289721\" src=\"https:\/\/puntocritico.com\/ausajpuntocritico\/wp-content\/uploads\/2023\/10\/Israel-Hamas-Golem-300x169.jpg\" alt=\"\" width=\"440\" height=\"248\" data-id=\"2289721\" srcset=\"https:\/\/puntocritico.com\/ausajpuntocritico\/wp-content\/uploads\/2023\/10\/Israel-Hamas-Golem-300x169.jpg 300w, https:\/\/puntocritico.com\/ausajpuntocritico\/wp-content\/uploads\/2023\/10\/Israel-Hamas-Golem-678x381.jpg 678w, https:\/\/puntocritico.com\/ausajpuntocritico\/wp-content\/uploads\/2023\/10\/Israel-Hamas-Golem.jpg 748w\" sizes=\"auto, (max-width: 440px) 100vw, 440px\" \/><\/p>\n<p style=\"text-align: center;\"><strong><span style=\"color: #008000; font-size: 18pt;\"><span style=\"vertical-align: inherit;\"><span style=\"vertical-align: inherit;\">*******<\/span><\/span><\/span><\/strong><\/p>\n<h2 style=\"text-align: center;\"><span style=\"font-size: 24pt;\"><span style=\"vertical-align: inherit;\"><span style=\"vertical-align: inherit;\">11 ENERO 2024: PRESENTACI\u00d3N DEL CASO POR SUD\u00c1FRICA (Videos)<\/span><\/span><\/span><\/h2>\n<h3 style=\"text-align: center;\"><span style=\"font-size: 18pt;\"><span style=\"vertical-align: inherit;\"><span style=\"vertical-align: inherit;\">\u00abLa Corte Internacional de Justicia de La Haya\u00bb (CIJ), m\u00e1ximo tribunal de la ONU, escucha la denuncia por genocidio contra Israel presentada por Sud\u00e1frica<\/span><\/span><\/span><\/h3>\n<p style=\"text-align: justify;\"><span style=\"font-size: 14pt;\"><a href=\"https:\/\/www.youtube.com\/watch?v=-6F0aB0HLYY\" target=\"_blank\" rel=\"noopener\"><span style=\"vertical-align: inherit;\"><span style=\"vertical-align: inherit;\">RTVE Noticias<\/span><\/span><\/a><span style=\"vertical-align: inherit;\"><span style=\"vertical-align: inherit;\"> , 11 ENERO 2024<\/span><\/span><\/span><\/p>\n<p>&nbsp;<\/p>\n<p style=\"text-align: center;\"><iframe loading=\"lazy\" src=\"https:\/\/mega.nz\/embed\/PN0i1bTS#JSh9sNGXSFa3QOopLMPn8QXTbVqdvd2pxdFr1j1ovMA\" width=\"640\" height=\"360\" frameborder=\"0\" allowfullscreen=\"allowfullscreen\"><\/iframe><\/p>\n<p style=\"text-align: center;\"><a href=\"https:\/\/www.youtube.com\/watch?v=-6F0aB0HLYY\" target=\"_blank\" rel=\"noopener\"><strong><span style=\"font-size: 14pt;\">VER EN YOUTUBE<\/span><\/strong><\/a><\/p>\n<blockquote>\n<p style=\"text-align: center;\"><span style=\"font-size: 14pt;\"><span style=\"vertical-align: inherit;\"><span style=\"vertical-align: inherit;\">La Corte Internacional de Justicia de La Haya (CIJ) escucha la denuncia por genocidio contra Israel presentada por Sud\u00e1frica, que acusa a Tel Aviv de tener la \u201cintenci\u00f3n\u201d de \u201cdestruir a los palestinos\u201d.<\/span><\/span><\/span><\/p>\n<p style=\"text-align: center;\"><span style=\"font-size: 14pt;\"><span style=\"vertical-align: inherit;\"><span style=\"vertical-align: inherit;\">A pocas horas del inicio de la primera vista, el primer ministro israel\u00ed, Benjam\u00edn Netanyahu, ha asegurado que Israel no pretende desplazar a los civiles de Gaza. <\/span><span style=\"vertical-align: inherit;\">\u00abIsrael no tiene ninguna intenci\u00f3n de ocupar Gaza permanentemente ni de desplazar a su poblaci\u00f3n civil\u00bb, ha dicho Netanyahu, tras la pol\u00e9mica por declaraciones de algunos de ministros de su coalici\u00f3n de gobierno como los ultraderechistas Itamar Ben Gvir o Bezalel Smotrich, que han instant\u00e1neo al reasentamiento de gazat\u00edes ya la recolonizaci\u00f3n jud\u00eda del enclave palestino.<\/span><\/span><\/span><\/p>\n<p style=\"text-align: center;\"><span style=\"font-size: 14pt;\"><span style=\"vertical-align: inherit;\"><span style=\"vertical-align: inherit;\">El equipo legal de Sud\u00e1frica comenzar\u00e1 a exponer sus argumentos legales ante la CIJ, m\u00e1ximo tribunal de la ONU, para exigir medidas cautelares urgentes contra Israel, a la que acusa de tener \u201cuna intenci\u00f3n genocida\u201d en su guerra en Gaza y exige poner fin a los bombardeos sobre la Franja.<\/span><\/span><\/span><\/p>\n<\/blockquote>\n<p>&nbsp;<\/p>\n<p><img loading=\"lazy\" decoding=\"async\" class=\"aligncenter wp-image-2291851 size-medium\" src=\"https:\/\/puntocritico.com\/ausajpuntocritico\/wp-content\/uploads\/2024\/01\/CIJ-Logo-300x266.png\" alt=\"SUD\u00c1FRICA CONTRA ISRAEL\" width=\"300\" height=\"266\" data-id=\"2291851\" srcset=\"https:\/\/puntocritico.com\/ausajpuntocritico\/wp-content\/uploads\/2024\/01\/CIJ-Logo-300x266.png 300w, https:\/\/puntocritico.com\/ausajpuntocritico\/wp-content\/uploads\/2024\/01\/CIJ-Logo.png 437w\" sizes=\"auto, (max-width: 300px) 100vw, 300px\" \/><\/p>\n<p style=\"text-align: center;\"><strong><span style=\"color: #008000; font-size: 18pt;\"><span style=\"vertical-align: inherit;\"><span style=\"vertical-align: inherit;\">*******<\/span><\/span><\/span><\/strong><\/p>\n<h3 style=\"text-align: center;\"><span style=\"font-size: 18pt;\"><span style=\"vertical-align: inherit;\"><span style=\"vertical-align: inherit;\">Impresionante presentaci\u00f3n de un abogado sudafricano que acusa a Israel de genocidio ante la Corte Internacional de Justicia<\/span><\/span><\/span><\/h3>\n<p style=\"text-align: justify;\"><span style=\"vertical-align: inherit; font-size: 14pt;\"><span style=\"vertical-align: inherit;\"><a href=\"https:\/\/www.youtube.com\/watch?v=5ufbfFTi38A\" target=\"_blank\" rel=\"noopener\">Politics Joe<\/a>, 11 ENERO 2024<\/span><\/span><\/p>\n<p style=\"text-align: center;\"><iframe loading=\"lazy\" title=\"YouTube video player\" src=\"\/\/www.youtube.com\/embed\/5ufbfFTi38A?si=5aeEd7DB2YXhyeuY\" width=\"560\" height=\"315\" frameborder=\"0\" allowfullscreen=\"allowfullscreen\"><\/iframe><\/p>\n<p>&nbsp;<\/p>\n<blockquote>\n<p style=\"text-align: center;\"><span style=\"font-size: 14pt;\"><span style=\"vertical-align: inherit;\"><span style=\"vertical-align: inherit;\">Tembeka Ngcukaitobi testificando en La Haya contra los continuos bombardeos de Gaza por parte de Israel en el caso iniciado por Sud\u00e1frica contra Israel ante la Corte Internacional de Justicia.<\/span><\/span><\/span><\/p>\n<\/blockquote>\n<p><img loading=\"lazy\" decoding=\"async\" class=\"aligncenter wp-image-2289549\" src=\"https:\/\/puntocritico.com\/ausajpuntocritico\/wp-content\/uploads\/2023\/10\/Netanyahu-y-biden-banalidad-del-mal-OK-300x199.jpg\" alt=\"\" width=\"360\" height=\"239\" data-id=\"2289549\" srcset=\"https:\/\/puntocritico.com\/ausajpuntocritico\/wp-content\/uploads\/2023\/10\/Netanyahu-y-biden-banalidad-del-mal-OK-300x199.jpg 300w, https:\/\/puntocritico.com\/ausajpuntocritico\/wp-content\/uploads\/2023\/10\/Netanyahu-y-biden-banalidad-del-mal-OK-678x452.jpg 678w, https:\/\/puntocritico.com\/ausajpuntocritico\/wp-content\/uploads\/2023\/10\/Netanyahu-y-biden-banalidad-del-mal-OK.jpg 680w\" sizes=\"auto, (max-width: 360px) 100vw, 360px\" \/><\/p>\n<p style=\"text-align: center;\"><strong><span style=\"color: #008000; font-size: 18pt;\"><span style=\"vertical-align: inherit;\"><span style=\"vertical-align: inherit;\">*******<\/span><\/span><\/span><\/strong><\/p>\n<h3 style=\"text-align: center;\"><span style=\"font-size: 18pt;\"><span style=\"vertical-align: inherit;\"><span style=\"vertical-align: inherit;\">El Ministro de Justicia de Sud\u00e1frica, Ronald Lamola, pronunci\u00f3 el discurso de apertura durante la audiencia del caso de genocidio contra Israel ante la Corte Internacional de Justicia.<\/span><\/span><\/span><\/h3>\n<div id=\"container\" class=\"style-scope ytd-channel-name\">\n<div id=\"text-container\" class=\"style-scope ytd-channel-name\" style=\"text-align: justify;\"><a href=\"https:\/\/www.youtube.com\/watch?v=f2tfA_p-iLA\" target=\"_blank\" rel=\"noopener\"><span style=\"font-size: 14pt;\"><span style=\"vertical-align: inherit;\"><span style=\"vertical-align: inherit;\">Hindustan Times<\/span><\/span><\/span><\/a><\/div>\n<\/div>\n<p style=\"text-align: center;\"><iframe loading=\"lazy\" title=\"YouTube video player\" src=\"\/\/www.youtube.com\/embed\/f2tfA_p-iLA?si=lNEfieLw6VOidwEe\" width=\"560\" height=\"315\" frameborder=\"0\" allowfullscreen=\"allowfullscreen\"><\/iframe><\/p>\n<p>&nbsp;<\/p>\n<blockquote>\n<p style=\"text-align: center;\"><span style=\"font-size: 14pt;\"><span style=\"vertical-align: inherit;\"><span style=\"vertical-align: inherit;\">El Ministro de Justicia de Sud\u00e1frica, Ronald Lamola, pronunci\u00f3 el discurso de apertura durante la audiencia del caso de genocidio contra Israel ante la Corte Internacional de Justicia. <\/span><span style=\"vertical-align: inherit;\">Dijo que el pa\u00eds estaba extendiendo su mano al pueblo de Palestina con \u00abpleno conocimiento de que somos parte de una humanidad\u00bb.<\/span><\/span><\/span><\/p>\n<\/blockquote>\n<p><img loading=\"lazy\" decoding=\"async\" class=\"aligncenter wp-image-2234855 size-full\" src=\"https:\/\/puntocritico.com\/ausajpuntocritico\/wp-content\/uploads\/2021\/11\/Invictus-mandela.jpg\" alt=\"\" width=\"464\" height=\"309\" data-id=\"2234855\" srcset=\"https:\/\/puntocritico.com\/ausajpuntocritico\/wp-content\/uploads\/2021\/11\/Invictus-mandela.jpg 464w, https:\/\/puntocritico.com\/ausajpuntocritico\/wp-content\/uploads\/2021\/11\/Invictus-mandela-300x200.jpg 300w\" sizes=\"auto, (max-width: 464px) 100vw, 464px\" \/><\/p>\n<p style=\"text-align: center;\"><span style=\"font-size: 18pt;\"><strong><span style=\"color: #008000;\"><span style=\"vertical-align: inherit;\"><span style=\"vertical-align: inherit;\">*******<\/span><\/span><\/span><\/strong><\/span><\/p>\n<h2 style=\"text-align: center;\"><span style=\"font-size: 24pt;\"><span style=\"vertical-align: inherit;\"><span style=\"vertical-align: inherit;\">12 ENERO 2024: PRESENTACI\u00d3N DEL CASO POR ISRAEL (Videos)<\/span><\/span><\/span><\/h2>\n<h3 style=\"text-align: center;\"><span style=\"font-size: 18pt;\"><span style=\"vertical-align: inherit;\"><span style=\"vertical-align: inherit;\">\u00abLa Corte Internacional de Justicia de La Haya\u00bb (CIJ), m\u00e1ximo tribunal de la ONU, escucha la DEFENSA de Israel frente a la denuncia por genocidio presentada por Sud\u00e1frica<\/span><\/span><\/span><\/h3>\n<div class=\"item style-scope ytd-watch-metadata\" style=\"text-align: justify;\"><span style=\"font-size: 14pt;\"><a href=\"https:\/\/www.youtube.com\/watch?v=9HdZQVpFDLk\" target=\"_blank\" rel=\"noopener\"><span style=\"vertical-align: inherit;\"><span style=\"vertical-align: inherit;\">PBS NewsHour<\/span><\/span><\/a><span style=\"vertical-align: inherit;\"><span style=\"vertical-align: inherit;\"> , 12 DE ENERO DE 2024<\/span><\/span><\/span><\/div>\n<div>\u00a0<\/div>\n<div style=\"text-align: center;\"><iframe loading=\"lazy\" title=\"YouTube video player\" src=\"\/\/www.youtube.com\/embed\/9HdZQVpFDLk?si=7nAx9j1R_IEgbRnx\" width=\"560\" height=\"315\" frameborder=\"0\" allowfullscreen=\"allowfullscreen\"><\/iframe><\/div>\n<p>&nbsp;<\/p>\n<p>&nbsp;<\/p>\n<p><img loading=\"lazy\" decoding=\"async\" class=\"aligncenter wp-image-2291963\" src=\"https:\/\/puntocritico.com\/ausajpuntocritico\/wp-content\/uploads\/2024\/01\/Juicio-SUD-ISR-V6-300x98.png\" alt=\"\" width=\"400\" height=\"130\" data-id=\"2291963\" srcset=\"https:\/\/puntocritico.com\/ausajpuntocritico\/wp-content\/uploads\/2024\/01\/Juicio-SUD-ISR-V6-300x98.png 300w, https:\/\/puntocritico.com\/ausajpuntocritico\/wp-content\/uploads\/2024\/01\/Juicio-SUD-ISR-V6-768x250.png 768w, https:\/\/puntocritico.com\/ausajpuntocritico\/wp-content\/uploads\/2024\/01\/Juicio-SUD-ISR-V6.png 1008w\" sizes=\"auto, (max-width: 400px) 100vw, 400px\" \/><\/p>\n<p style=\"text-align: center;\"><strong><span style=\"color: #008000; font-size: 18pt;\"><span style=\"vertical-align: inherit;\"><span style=\"vertical-align: inherit;\">*******<\/span><\/span><\/span><\/strong><\/p>\n<div id=\"title\" class=\"style-scope ytd-watch-metadata\">\n<h3 class=\"style-scope ytd-watch-metadata\" style=\"text-align: center;\"><span style=\"font-size: 18pt;\"><span style=\"vertical-align: inherit;\"><span style=\"vertical-align: inherit;\">Caso CIJ SA-Israel | <\/span><span style=\"vertical-align: inherit;\">Ministerio de Justicia israel\u00ed: Galit Raguan<\/span><\/span><\/span><\/h3>\n<\/div>\n<div class=\"item style-scope ytd-watch-metadata\" style=\"text-align: justify;\"><span style=\"font-size: 14pt;\"><a href=\"https:\/\/www.youtube.com\/watch?v=iuH8qJ2OlI0\" target=\"_blank\" rel=\"noopener\"><span style=\"vertical-align: inherit;\"><span style=\"vertical-align: inherit;\">Noticias SABC<\/span><\/span><\/a><span style=\"vertical-align: inherit;\"><span style=\"vertical-align: inherit;\"> , 12 ENERO, 2024<\/span><\/span><\/span><\/div>\n<div>\u00a0<\/div>\n<div style=\"text-align: center;\"><iframe loading=\"lazy\" title=\"YouTube video player\" src=\"\/\/www.youtube.com\/embed\/iuH8qJ2OlI0?si=Zty4GKN2L1dYZigg\" width=\"560\" height=\"315\" frameborder=\"0\" allowfullscreen=\"allowfullscreen\"><\/iframe><\/div>\n<p>&nbsp;<\/p>\n<blockquote>\n<p style=\"text-align: center;\"><span style=\"font-size: 14pt;\"><span style=\"vertical-align: inherit;\"><span style=\"vertical-align: inherit;\">Para SA, necesita demostrar que la Convenci\u00f3n de Ginebra es relevante, s\u00f3lo respecto a algunos niveles de actos y cierta intenci\u00f3n. <\/span><span style=\"vertical-align: inherit;\">Israel no puede abordar todas las acusaciones porque Sud\u00e1frica pint\u00f3 un panorama terrible e incompleto. <\/span><span style=\"vertical-align: inherit;\">Sud\u00e1frica ignora o distorsiona la realidad<\/span><\/span><\/span><\/p>\n<\/blockquote>\n<div class=\"mceTemp\">\n<p>&nbsp;<\/p>\n<\/div>\n<p style=\"text-align: center;\"><strong><span style=\"color: #008000; font-size: 18pt;\"><span style=\"vertical-align: inherit;\"><span style=\"vertical-align: inherit;\">*******<\/span><\/span><\/span><\/strong><\/p>\n<div id=\"title\" class=\"style-scope ytd-watch-metadata\">\n<h3 class=\"style-scope ytd-watch-metadata\" style=\"text-align: center;\"><span style=\"font-size: 18pt;\"><span style=\"vertical-align: inherit;\"><span style=\"vertical-align: inherit;\">Caso CIJ SA-Israel | <\/span><span style=\"vertical-align: inherit;\">Malcolm Shaw (KC): \u00abHacen falta dos para bailar un Tango\u00bb<\/span><\/span><\/span><\/h3>\n<\/div>\n<div id=\"top-row\" class=\"style-scope ytd-watch-metadata\">\n<div id=\"owner\" class=\"item style-scope ytd-watch-metadata\"><a href=\"https:\/\/www.youtube.com\/watch?v=eXbT8x7Au3g\" target=\"_blank\" rel=\"noopener\"><span style=\"font-size: 14pt;\"><span style=\"vertical-align: inherit;\"><span style=\"vertical-align: inherit;\">Noticias SABC<\/span><\/span><\/span><\/a><span style=\"font-size: 14pt;\"><span style=\"vertical-align: inherit;\"><span style=\"vertical-align: inherit;\"> , 12 ENERO, 2024<\/span><\/span><\/span><\/div>\n<div>\u00a0<\/div>\n<div style=\"text-align: center;\"><iframe loading=\"lazy\" title=\"YouTube video player\" src=\"\/\/www.youtube.com\/embed\/eXbT8x7Au3g?si=JuIOuHZsswboE8sH\" width=\"560\" height=\"315\" frameborder=\"0\" allowfullscreen=\"allowfullscreen\"><\/iframe><\/div>\n<\/div>\n<p>&nbsp;<\/p>\n<blockquote>\n<p style=\"text-align: center;\"><span style=\"font-size: 14pt;\"><span style=\"vertical-align: inherit;\"><span style=\"vertical-align: inherit;\">El abogado ingl\u00e9s se adquiri\u00f3 de la jurisdicci\u00f3n prima facie y de la preservaci\u00f3n de los supuestos derechos. <\/span><\/span><\/span><br \/>\n<span style=\"font-size: 14pt;\"><span style=\"vertical-align: inherit;\"><span style=\"vertical-align: inherit;\">Dice que las SA arrojaron una amplia red, hablando del contexto de opresi\u00f3n palestina durante m\u00e1s de 75 a\u00f1os. <\/span><span style=\"vertical-align: inherit;\">Pero dice que las acusaciones son s\u00f3lo del 7 de octubre, por lo que el tribunal no deber\u00eda mirar atr\u00e1s en la historia. <\/span><span style=\"vertical-align: inherit;\">El 7 de octubre es el contexto real. <\/span><span style=\"vertical-align: inherit;\">Un funcionario de la ONU cit\u00f3 a un combatiente de Ham\u00e1s diciendo que \u00abno hab\u00eda l\u00edmite&#8230; porque eran jud\u00edos\u00bb. <\/span><span style=\"vertical-align: inherit;\">Estas acciones no justifican el genocidio, pero s\u00ed justifican el derecho inherente de un Estado a defenderse contra una amenaza que se repite a menudo.<\/span><\/span><\/span><\/p>\n<\/blockquote>\n<p>&nbsp;<\/p>\n<p><a href=\"https:\/\/puntocritico.com\/ausajpuntocritico\/2023\/10\/28\/el-golem-1920\/\"><img loading=\"lazy\" decoding=\"async\" class=\"aligncenter size-medium wp-image-2207756\" src=\"https:\/\/puntocritico.com\/ausajpuntocritico\/wp-content\/uploads\/2021\/05\/Gaza-300x277.jpg\" alt=\"\" width=\"300\" height=\"277\" data-id=\"2207756\" srcset=\"https:\/\/puntocritico.com\/ausajpuntocritico\/wp-content\/uploads\/2021\/05\/Gaza-300x277.jpg 300w, https:\/\/puntocritico.com\/ausajpuntocritico\/wp-content\/uploads\/2021\/05\/Gaza.jpg 460w\" sizes=\"auto, (max-width: 300px) 100vw, 300px\" \/><\/a><\/p>\n<p>&nbsp;<\/p>\n<p><a href=\"https:\/\/puntocritico.com\/ausajpuntocritico\/author\/punto-critico\/\"><img loading=\"lazy\" decoding=\"async\" class=\"aligncenter wp-image-48\" src=\"https:\/\/puntocritico.com\/ausajpuntocritico\/wp-content\/uploads\/2016\/11\/Mosca_Punto_Cr\u00edtico_40.png\" alt=\"\" width=\"80\" height=\"80\" \/><\/a><\/p>\n<p>&nbsp;<\/p>\n","protected":false},"excerpt":{"rendered":"<div class=\"mh-excerpt\"><p>DEMANDA POR GENOCIDIO PRESENTADA POR SUD\u00c1FRICA CONTRA ISRAEL ANTE LA CORTE INTERNACIONAL DE JUSTICIA (ONU) &nbsp; CORTE INTERNACIONAL DE JUSTICIA DE LA HAYA (CIJ) PRESENTACI\u00d3N DEL CASO POR GENOCIDIO CONTRA ISRAEL TRAMITADO POR DENUNCIA PRESENTADA <a class=\"mh-excerpt-more\" href=\"https:\/\/puntocritico.com\/ausajpuntocritico\/2024\/01\/13\/sudafrica-contra-israel\/\" title=\"GAZA: MEDIDAS CAUTELARES SOLICITADAS EN LA DENUNCIA POR GENOCIDIO PRESENTADA POR  SUD\u00c1FRICA CONTRA ISRAEL ANTE LA CORTE INTERNACIONAL DE JUSTICIA (ONU) (Vistas orales de 11 y 12 de enero de 2024)\">[&#8230;]<\/a><\/p>\n<\/div>","protected":false},"author":3,"featured_media":2291957,"comment_status":"closed","ping_status":"closed","sticky":false,"template":"","format":"standard","meta":{"_acf_changed":false,"_exactmetrics_skip_tracking":false,"_exactmetrics_sitenote_active":false,"_exactmetrics_sitenote_note":"","_exactmetrics_sitenote_category":0,"footnotes":""},"categories":[6],"tags":[72],"class_list":{"0":"post-2291918","1":"post","2":"type-post","3":"status-publish","4":"format-standard","5":"has-post-thumbnail","7":"category-justicia","8":"tag-palestina"},"acf":[],"_links":{"self":[{"href":"https:\/\/puntocritico.com\/ausajpuntocritico\/wp-json\/wp\/v2\/posts\/2291918","targetHints":{"allow":["GET"]}}],"collection":[{"href":"https:\/\/puntocritico.com\/ausajpuntocritico\/wp-json\/wp\/v2\/posts"}],"about":[{"href":"https:\/\/puntocritico.com\/ausajpuntocritico\/wp-json\/wp\/v2\/types\/post"}],"author":[{"embeddable":true,"href":"https:\/\/puntocritico.com\/ausajpuntocritico\/wp-json\/wp\/v2\/users\/3"}],"replies":[{"embeddable":true,"href":"https:\/\/puntocritico.com\/ausajpuntocritico\/wp-json\/wp\/v2\/comments?post=2291918"}],"version-history":[{"count":0,"href":"https:\/\/puntocritico.com\/ausajpuntocritico\/wp-json\/wp\/v2\/posts\/2291918\/revisions"}],"wp:featuredmedia":[{"embeddable":true,"href":"https:\/\/puntocritico.com\/ausajpuntocritico\/wp-json\/wp\/v2\/media\/2291957"}],"wp:attachment":[{"href":"https:\/\/puntocritico.com\/ausajpuntocritico\/wp-json\/wp\/v2\/media?parent=2291918"}],"wp:term":[{"taxonomy":"category","embeddable":true,"href":"https:\/\/puntocritico.com\/ausajpuntocritico\/wp-json\/wp\/v2\/categories?post=2291918"},{"taxonomy":"post_tag","embeddable":true,"href":"https:\/\/puntocritico.com\/ausajpuntocritico\/wp-json\/wp\/v2\/tags?post=2291918"}],"curies":[{"name":"wp","href":"https:\/\/api.w.org\/{rel}","templated":true}]}}