{"id":2290992,"date":"2023-12-27T18:15:38","date_gmt":"2023-12-27T17:15:38","guid":{"rendered":"https:\/\/puntocritico.com\/ausajpuntocritico\/?p=2290992"},"modified":"2024-10-25T15:19:07","modified_gmt":"2024-10-25T13:19:07","slug":"carmen-formoso-por-laura","status":"publish","type":"post","link":"https:\/\/puntocritico.com\/ausajpuntocritico\/2023\/12\/27\/carmen-formoso-por-laura\/","title":{"rendered":"ENTREVISTA A JES\u00daS D\u00cdAZ FORMOSO (Final). \u00abEl escabroso caso de plagio de Camilo Jose\u0301 Cela a Carmen Formoso, por Laura Rodr\u00edguez Rojas (Espa\u00f1ol en casa)"},"content":{"rendered":"<p style=\"text-align: justify;\"><span style=\"color: #008000; font-size: 14pt;\">El escabroso caso de plagio de Camilo Jose\u0301 Cela a Carmen Formoso<\/span><\/p>\n\n<div class=\"item style-scope ytd-watch-metadata\">\u00a0<\/div>\n<div>\u00a0<\/div>\n<blockquote>\n<h2 style=\"text-align: center;\"><span style=\"font-size: 24pt;\"><strong>EL MAYOR PLAGIO LITERARIO DEL SIGLO XX. ENTREVISTA A JES\u00daS D\u00cdAZ FORMOSO (Y PARTE 7)<\/strong><\/span><\/h2>\n<p style=\"text-align: justify;\"><a href=\"https:\/\/www.youtube.com\/watch?v=LqVs1LdjOQs\" target=\"_blank\" rel=\"noopener\"><span style=\"font-size: 14pt;\">Laura Rodr\u00edguez Rojas<\/span><\/a><\/p>\n<p style=\"text-align: justify;\"><span style=\"font-size: 14pt;\"><a href=\"https:\/\/www.youtube.com\/@Espanolencasa\/videos\" target=\"_blank\" rel=\"noopener\">ESPA\u00d1OL EN CASA<\/a><\/span><\/p>\n<\/blockquote>\n<p style=\"text-align: center;\"><iframe loading=\"lazy\" title=\"YouTube video player\" src=\"\/\/www.youtube.com\/embed\/LqVs1LdjOQs?si=Y6gu6a4ZZOtpsbb8\" width=\"560\" height=\"315\" frameborder=\"0\" allowfullscreen=\"allowfullscreen\"><\/iframe><\/p>\n<p>&nbsp;<\/p>\n<blockquote>\n<div id=\"title\" class=\"style-scope ytd-watch-metadata\">\n<div class=\"item style-scope ytd-watch-metadata\">\n<div><img loading=\"lazy\" decoding=\"async\" class=\"aligncenter wp-image-2291153\" src=\"https:\/\/puntocritico.com\/ausajpuntocritico\/wp-content\/uploads\/2023\/12\/Carmen-Formoso-y-Chus-1970-REC-1-300x228.jpg\" alt=\"\" width=\"330\" height=\"251\" data-id=\"2291153\" srcset=\"https:\/\/puntocritico.com\/ausajpuntocritico\/wp-content\/uploads\/2023\/12\/Carmen-Formoso-y-Chus-1970-REC-1-300x228.jpg 300w, https:\/\/puntocritico.com\/ausajpuntocritico\/wp-content\/uploads\/2023\/12\/Carmen-Formoso-y-Chus-1970-REC-1-80x60.jpg 80w, https:\/\/puntocritico.com\/ausajpuntocritico\/wp-content\/uploads\/2023\/12\/Carmen-Formoso-y-Chus-1970-REC-1.jpg 654w\" sizes=\"auto, (max-width: 330px) 100vw, 330px\" \/><\/div>\n<\/div>\n<p>&nbsp;<\/p>\n<\/div>\n<\/blockquote>\n<div id=\"title\" class=\"style-scope ytd-watch-metadata\">\n<blockquote>\n<div id=\"title\" class=\"style-scope ytd-watch-metadata\">\n<div id=\"title\" class=\"style-scope ytd-watch-metadata\">\n<h3 class=\"style-scope ytd-watch-metadata\" style=\"text-align: center;\"><a href=\"https:\/\/www.youtube.com\/watch?v=LqVs1LdjOQs\" target=\"_blank\" rel=\"noopener\"><span style=\"color: #008000;\">CUIDADO escritores noveles. Famosa editorial en Espa\u00f1a roba libros. Entrevista Jes\u00fas Formoso (Parte 7)<\/span><\/a><\/h3>\n<\/div>\n<div id=\"top-row\" class=\"style-scope ytd-watch-metadata\">\n<div id=\"owner\" class=\"item style-scope ytd-watch-metadata\">\u00a0<\/div>\n<\/div>\n<\/div>\n<\/blockquote>\n<\/div>\n<p class=\"style-scope ytd-watch-metadata\" style=\"text-align: center;\"><strong style=\"font-size: 18pt;\"><span style=\"color: #008000;\">*******<\/span><\/strong><\/p>\n<h2 style=\"text-align: center;\" align=\"center\"><span style=\"font-size: 24.0pt;\">EL ESCABROSO CASO DE PLAGIO DE CAMILO JOSE\u0301 CELA A CARMEN FORMOSO<\/span><\/h2>\n<p style=\"text-align: center;\"><strong><span style=\"font-size: 18pt;\">#editorialplaneta<\/span><\/strong><\/p>\n<h3 style=\"text-align: center;\"><strong><span style=\"font-size: 18pt;\">Introducci\u00f3n<\/span><\/strong><\/h3>\n<p style=\"text-align: justify;\"><span style=\"font-size: 14pt;\"><a href=\"https:\/\/www.youtube.com\/@Espanolencasa\" target=\"_blank\" rel=\"noopener\">Laura Rodr\u00edguez Rojas<\/a> <\/span><\/p>\n<p style=\"text-align: justify;\"><span style=\"font-size: 14pt;\"><a href=\"https:\/\/www.youtube.com\/@Espanolencasa\/videos\" target=\"_blank\" rel=\"noopener\">ESPA\u00d1OL EN CASA<\/a><\/span><\/p>\n<p style=\"text-align: right;\"><em><span style=\"font-size: 14pt;\">Lo \u00fanico que los malos necesitan para triunfar es que los buenos no hagan nada.<\/span><\/em><br \/>\n<span style=\"font-size: 14pt;\">Edmund Burke<\/span><\/p>\n<p style=\"text-align: center;\"><iframe loading=\"lazy\" title=\"YouTube video player\" src=\"\/\/www.youtube.com\/embed\/-vCykDDLlgk?si=mTnbatWzT5iHvx3S\" width=\"560\" height=\"315\" frameborder=\"0\" allowfullscreen=\"allowfullscreen\"><\/iframe><\/p>\n<p>&nbsp;<\/p>\n<blockquote>\n<p style=\"text-align: center;\"><span style=\"font-size: 14pt;\">En octubre de 1994, Camilo Jos\u00e9 Cela se alzaba con el Premio Planeta, dotado entonces con cincuenta millones de pesetas o 600 mil d\u00f3lares, el galard\u00f3n literario m\u00e1s importante en Espa\u00f1a en cuesti\u00f3n econ\u00f3mica. La novela llevaba por t\u00edtulo\u00a0La cruz de San Andr\u00e9s y fue un \u00e9xito instant\u00e1neo.<\/span><\/p>\n<p style=\"text-align: center;\"><span style=\"font-size: 14pt;\">En las semanas previas a la noche del fallo se ven\u00eda ya especulando con la posibilidad de que el premio fuera a manos del escritor gallego. Unos meses m\u00e1s tarde, una maestra coru\u00f1esa, escritora de cuentos infantiles llamada Carmen Formoso, ley\u00f3 la obra de su ilustre paisano y casi le da un ataque cuando comprob\u00f3 que esa historia que Cela contaba le era absolutamente familiar. \u00a1Y tanto, porque la trama era id\u00e9ntica a la que hab\u00eda vivido ella misma y algunos de sus antepasados y que plasm\u00f3 en otra novela\u2026 \u00a1que envi\u00f3 a la editorial que convocaba dicho Premio Planeta! La obra no se llamaba la Cruz de San Andr\u00e9s, pero las similitudes eran evidentes.<\/span><\/p>\n<p style=\"text-align: center;\"><span style=\"font-size: 14pt;\">En ese momento, Carmen se lo cont\u00f3 a sus hijos, pero estos no le creyeron. Entonces Carmen inici\u00f3 una huelga de hambre para que su hijo y abogado Jes\u00fas D\u00edaz Formoso, leyera su novela y la de Cela. A medida que avanzaba en la lectura, Jes\u00fas D\u00edaz Formoso fue descubriendo sorprendentes similitudes entre ambas novelas. Los mismos personajes, el mismo argumento, los mismos lugares, y sobre todo la vida que su madre tantas veces le hab\u00eda contado. La sorpresa fue seguida por la indignaci\u00f3n, as\u00ed que Jes\u00fas consult\u00f3 a varios catedr\u00e1ticos de Literatura y la opini\u00f3n de todos ellos fue id\u00e9ntica: ambas novelas eran parecid\u00edsimas, pr\u00e1cticamente iguales en su argumento y en muchas de las frases y di\u00e1logos. Esto ser\u00eda el inicio de una querella penal en contra de Editorial Planeta y el Premio Nobel de Literatura que durar\u00eda 20 a\u00f1os. Una aut\u00e9ntica batalla sin cuartel similar a la protagonizada por el David y el Goliat b\u00edblicos.<\/span><\/p>\n<p style=\"text-align: center;\"><span style=\"font-size: 14pt;\">Esta es la historia completa y sin censura de la ignominia cometida contra Carmen Formoso, porque aunque los a\u00f1os han pasado, la herida sigue abierta. Acomp\u00e1\u00f1ame en este ciclo de reportajes especiales sobre el mayor caso de plagio del siglo XX.<\/span><\/p>\n<\/blockquote>\n<div class=\"mceTemp\">\n<p style=\"text-align: center;\">\u00a0<\/p>\n<\/div>\n<p style=\"text-align: center;\"><iframe loading=\"lazy\" title=\"YouTube video player\" src=\"\/\/www.youtube.com\/embed\/XPgYCad7SDQ?si=LEQ1DHuyE2xmtAyD\" width=\"560\" height=\"315\" frameborder=\"0\" allowfullscreen=\"allowfullscreen\"><\/iframe><\/p>\n<div id=\"title\" class=\"style-scope ytd-watch-metadata\">\n<h3 class=\"style-scope ytd-watch-metadata\" style=\"text-align: center;\">Fernando S\u00e1nchez Drag\u00f3 sobre el gran plagio de Camilo Jos\u00e9 Cela<\/h3>\n<\/div>\n<div id=\"top-row\" class=\"style-scope ytd-watch-metadata\">\n<div id=\"owner\" class=\"item style-scope ytd-watch-metadata\">\n<div id=\"container\" class=\"style-scope ytd-channel-name\">\n<div id=\"text-container\" class=\"style-scope ytd-channel-name\" style=\"text-align: center;\"><a href=\"https:\/\/www.youtube.com\/watch?v=XPgYCad7SDQ&amp;t=1s\" target=\"_blank\" rel=\"noopener\"><span style=\"font-size: 14pt;\">Dr. Luis A. Anchondo<\/span><\/a><\/div>\n<\/div>\n<\/div>\n<\/div>\n<p style=\"text-align: center;\"><a href=\"https:\/\/www.youtube.com\/watch?v=ZV6ZsDvSfnM&amp;list=PL6x_Fg7ayBvh3PA89l0HoQ82mfJNiaMmJ&amp;index=6\" target=\"_blank\" rel=\"noopener\"><strong><span style=\"font-size: 14pt;\">Entrevista completa<\/span><\/strong><\/a><\/p>\n<p style=\"text-align: center;\"><strong><span style=\"color: #008000; font-size: 18pt;\">*******<\/span><\/strong><\/p>\n<div id=\"title\" class=\"style-scope ytd-watch-metadata\">\n<h2 style=\"text-align: center;\" align=\"center\"><span style=\"font-size: 24.0pt;\">EL MAYOR PLAGIO LITERARIO DEL SIGLO XX. ENTREVISTA A JES\u00daS D\u00cdAZ FORMOSO (PARTE 1)<\/span><\/h2>\n<p style=\"text-align: justify;\"><a href=\"https:\/\/www.youtube.com\/watch?v=MgqgFKSi4m8\" target=\"_blank\" rel=\"noopener\"><span style=\"font-size: 14pt;\">Laura Rodr\u00edguez Rojas <\/span><\/a><\/p>\n<p style=\"text-align: justify;\"><span style=\"font-size: 14pt;\"><a href=\"https:\/\/www.youtube.com\/@Espanolencasa\/videos\" target=\"_blank\" rel=\"noopener\">ESPA\u00d1OL EN CASA<\/a><\/span><\/p>\n<\/div>\n<p style=\"text-align: center;\"><iframe loading=\"lazy\" title=\"YouTube video player\" src=\"\/\/www.youtube.com\/embed\/MgqgFKSi4m8?si=T0Z_w6NsVSucqhHw\" width=\"560\" height=\"315\" frameborder=\"0\" allowfullscreen=\"allowfullscreen\"><\/iframe><\/p>\n<p>&nbsp;<\/p>\n<div>\n<div><img loading=\"lazy\" decoding=\"async\" class=\"aligncenter wp-image-2291031\" src=\"https:\/\/puntocritico.com\/ausajpuntocritico\/wp-content\/uploads\/2023\/12\/Chus-peque-PPAL-300x199.jpg\" alt=\"\" width=\"400\" height=\"266\" data-id=\"2291031\" srcset=\"https:\/\/puntocritico.com\/ausajpuntocritico\/wp-content\/uploads\/2023\/12\/Chus-peque-PPAL-300x199.jpg 300w, https:\/\/puntocritico.com\/ausajpuntocritico\/wp-content\/uploads\/2023\/12\/Chus-peque-PPAL-678x452.jpg 678w, https:\/\/puntocritico.com\/ausajpuntocritico\/wp-content\/uploads\/2023\/12\/Chus-peque-PPAL.jpg 680w\" sizes=\"auto, (max-width: 400px) 100vw, 400px\" \/><\/div>\n<\/div>\n<div>\n<div id=\"title\" class=\"style-scope ytd-watch-metadata\">\n<h3 class=\"style-scope ytd-watch-metadata\" style=\"text-align: center;\"><a href=\"https:\/\/www.youtube.com\/watch?v=MgqgFKSi4m8\" target=\"_blank\" rel=\"noopener\">BOMBA. El mayor plagio literario del siglo XX. Entrevista exclusiva a Jes\u00fas D\u00edaz Formoso (Parte 1)<\/a><\/h3>\n<p>&nbsp;<\/p>\n<p style=\"text-align: center;\"><span style=\"font-size: 18pt; color: #008000;\"><strong>*******<\/strong><\/span><\/p>\n<div id=\"title\" class=\"style-scope ytd-watch-metadata\">\n<h2 style=\"text-align: center;\"><span style=\"font-size: 24pt;\"><strong>EL MAYOR PLAGIO LITERARIO DEL SIGLO XX. ENTREVISTA A JES\u00daS D\u00cdAZ FORMOSO (PARTE 2)<\/strong><\/span><\/h2>\n<p style=\"text-align: justify;\"><span style=\"font-size: 14pt;\"><a href=\"https:\/\/www.youtube.com\/watch?v=Feb1Jh9zKt8\" target=\"_blank\" rel=\"noopener\">Laura Rodr\u00edguez Rojas<\/a><\/span><\/p>\n<p style=\"text-align: justify;\"><span style=\"font-size: 14pt;\"><a href=\"https:\/\/www.youtube.com\/@Espanolencasa\/videos\" target=\"_blank\" rel=\"noopener\">ESPA\u00d1OL EN CASA<\/a><\/span><\/p>\n<\/div>\n<\/div>\n<p style=\"text-align: center;\"><iframe loading=\"lazy\" title=\"YouTube video player\" src=\"\/\/www.youtube.com\/embed\/Feb1Jh9zKt8?si=HkoKZofVjesNtP1V\" width=\"560\" height=\"315\" frameborder=\"0\" allowfullscreen=\"allowfullscreen\"><\/iframe><\/p>\n<div id=\"title\" class=\"style-scope ytd-watch-metadata\">\n<div id=\"title\" class=\"style-scope ytd-watch-metadata\">\n<h3 class=\"style-scope ytd-watch-metadata\" style=\"text-align: center;\"><span style=\"font-size: 14pt;\"><a href=\"https:\/\/www.youtube.com\/watch?v=Feb1Jh9zKt8\" target=\"_blank\" rel=\"noopener\">VERG\u00dcENZA. CELA y Vargas Llosa pactaron con PLANETA su premio. Entrevista a Jes\u00fas D\u00edaz Formoso (Parte 2)<\/a><\/span><\/h3>\n<\/div>\n<\/div>\n<\/div>\n<div id=\"title\" class=\"style-scope ytd-watch-metadata\">\n<p>&nbsp;<\/p>\n<p style=\"text-align: center;\"><strong style=\"font-size: 18pt;\"><span style=\"color: #008000;\">*******<\/span><\/strong><\/p>\n<h2 style=\"text-align: center;\"><span style=\"font-size: 24pt;\"><strong>EL MAYOR PLAGIO LITERARIO DEL SIGLO XX. ENTREVISTA A JES\u00daS D\u00cdAZ FORMOSO (PARTE 3)<\/strong><\/span><\/h2>\n<p style=\"text-align: justify;\"><a href=\"https:\/\/www.youtube.com\/watch?v=n-Y8Jz49RLw\" target=\"_blank\" rel=\"noopener\"><span style=\"font-size: 14pt;\">Laura Rodr\u00edguez Rojas<\/span><\/a><\/p>\n<p style=\"text-align: justify;\"><span style=\"font-size: 14pt;\"><a href=\"https:\/\/www.youtube.com\/@Espanolencasa\/videos\" target=\"_blank\" rel=\"noopener\">ESPA\u00d1OL EN CASA<\/a><\/span><\/p>\n<\/div>\n<p style=\"text-align: center;\"><iframe loading=\"lazy\" title=\"YouTube video player\" src=\"\/\/www.youtube.com\/embed\/n-Y8Jz49RLw?si=9cB-rwd-zSIpHjqq\" width=\"560\" height=\"315\" frameborder=\"0\" allowfullscreen=\"allowfullscreen\"><\/iframe><\/p>\n<div id=\"title\" class=\"style-scope ytd-watch-metadata\">\n<h3 class=\"style-scope ytd-watch-metadata\" style=\"text-align: center;\"><a style=\"font-size: 16px;\" href=\"https:\/\/www.youtube.com\/watch?v=n-Y8Jz49RLw\" target=\"_blank\" rel=\"noopener\"><span style=\"font-size: 14pt;\">ROBO y corrupci\u00f3n en PLANETA. Cela tambi\u00e9n fue v\u00edctima. Entrevista a Jes\u00fas D\u00edaz Formoso (Parte 3)<\/span><\/a><\/h3>\n<\/div>\n<p class=\"style-scope ytd-watch-metadata\" style=\"text-align: center;\">\u00a0<\/p>\n<p><img loading=\"lazy\" decoding=\"async\" class=\"aligncenter wp-image-2291062\" src=\"https:\/\/puntocritico.com\/ausajpuntocritico\/wp-content\/uploads\/2023\/12\/Carmen-Formoso-1964-300x199.jpg\" alt=\"\" width=\"400\" height=\"266\" data-id=\"2291062\" srcset=\"https:\/\/puntocritico.com\/ausajpuntocritico\/wp-content\/uploads\/2023\/12\/Carmen-Formoso-1964-300x199.jpg 300w, https:\/\/puntocritico.com\/ausajpuntocritico\/wp-content\/uploads\/2023\/12\/Carmen-Formoso-1964-678x452.jpg 678w, https:\/\/puntocritico.com\/ausajpuntocritico\/wp-content\/uploads\/2023\/12\/Carmen-Formoso-1964.jpg 680w\" sizes=\"auto, (max-width: 400px) 100vw, 400px\" \/><\/p>\n<p style=\"text-align: center;\"><span style=\"color: #008000;\">Carmen Formoso, 1962<\/span><\/p>\n<div>\n<div id=\"title\" class=\"style-scope ytd-watch-metadata\">\n<p class=\"style-scope ytd-watch-metadata\" style=\"text-align: center;\"><strong style=\"font-size: 18pt;\"><span style=\"color: #008000;\">*******<\/span><\/strong><\/p>\n<\/div>\n<blockquote>\n<h2 style=\"text-align: center;\"><span style=\"font-size: 24pt;\"><strong>EL MAYOR PLAGIO LITERARIO DEL SIGLO XX. ENTREVISTA A JES\u00daS D\u00cdAZ FORMOSO (PARTE 4)<\/strong><\/span><\/h2>\n<p style=\"text-align: justify;\"><a href=\"https:\/\/www.youtube.com\/watch?v=PCh9iG2yVKo&amp;t=42s\" target=\"_blank\" rel=\"noopener\"><span style=\"font-size: 14pt;\">Laura Rodr\u00edguez Rojas<\/span><\/a><\/p>\n<p style=\"text-align: justify;\"><span style=\"font-size: 14pt;\"><a href=\"https:\/\/www.youtube.com\/@Espanolencasa\/videos\" target=\"_blank\" rel=\"noopener\">ESPA\u00d1OL EN CASA<\/a><\/span><\/p>\n<div id=\"title\" class=\"style-scope ytd-watch-metadata\" style=\"text-align: center;\"><iframe loading=\"lazy\" title=\"YouTube video player\" src=\"\/\/www.youtube.com\/embed\/PCh9iG2yVKo?si=10U2JuyrIqK0oL8p\" width=\"560\" height=\"315\" frameborder=\"0\" allowfullscreen=\"allowfullscreen\"><\/iframe><\/div>\n<\/blockquote>\n<blockquote>\n<p>&nbsp;<\/p>\n<\/blockquote>\n<div id=\"title\" class=\"style-scope ytd-watch-metadata\">\n<blockquote>\n<h3 class=\"style-scope ytd-watch-metadata\" style=\"text-align: center;\"><a href=\"https:\/\/www.youtube.com\/watch?v=PCh9iG2yVKo\" target=\"_blank\" rel=\"noopener\">V\u00cdCTIMA HUNDIDA mientras Cela y Planeta facturaban 1 mill\u00f3n de euros. Entrevista a Jes\u00fas.(Parte 4)<\/a><\/h3>\n<\/blockquote>\n<\/div>\n<div id=\"top-row\" class=\"style-scope ytd-watch-metadata\">\n<div>\u00a0<\/div>\n<div id=\"owner\" class=\"item style-scope ytd-watch-metadata\" style=\"text-align: center;\"><strong style=\"font-size: 18pt;\"><span style=\"color: #008000;\">*******<\/span><\/strong><\/div>\n<\/div>\n<div id=\"title\" class=\"style-scope ytd-watch-metadata\">\n<blockquote>\n<h2 style=\"text-align: center;\"><span style=\"font-size: 24pt;\"><strong>EL MAYOR PLAGIO LITERARIO DEL SIGLO XX. ENTREVISTA A JES\u00daS D\u00cdAZ FORMOSO (PARTE 5)<\/strong><\/span><\/h2>\n<p style=\"text-align: justify;\"><a href=\"https:\/\/www.youtube.com\/watch?v=Hnsg8d0Onvc\" target=\"_blank\" rel=\"noopener\"><span style=\"font-size: 14pt;\">Laura Rodr\u00edguez Rojas<\/span><\/a><\/p>\n<p style=\"text-align: justify;\"><span style=\"font-size: 14pt;\"><a href=\"https:\/\/www.youtube.com\/@Espanolencasa\/videos\" target=\"_blank\" rel=\"noopener\">ESPA\u00d1OL EN CASA<\/a><\/span><\/p>\n<p style=\"text-align: center;\"><iframe loading=\"lazy\" title=\"YouTube video player\" src=\"\/\/www.youtube.com\/embed\/Hnsg8d0Onvc?si=9nLFeFOHwJKO3CwI\" width=\"560\" height=\"315\" frameborder=\"0\" allowfullscreen=\"allowfullscreen\"><\/iframe><\/p>\n<\/blockquote>\n<div id=\"title\" class=\"style-scope ytd-watch-metadata\">\n<blockquote>\n<div id=\"title\" class=\"style-scope ytd-watch-metadata\">\n<h3 class=\"style-scope ytd-watch-metadata\" style=\"text-align: center;\"><a href=\"https:\/\/www.youtube.com\/watch?v=Hnsg8d0Onvc\" target=\"_blank\" rel=\"noopener\">REVELACI\u00d3N inesperada. CELA cont\u00f3 el PLAGIO en la Cruz de San Andr\u00e9s. Entrevista a Jes\u00fas(Parte 5)<\/a><\/h3>\n<\/div>\n<\/blockquote>\n<\/div>\n<\/div>\n<\/div>\n<div>\n<div id=\"title\" class=\"style-scope ytd-watch-metadata\">\n<blockquote>\n<p style=\"text-align: justify;\">\u00a0<\/p>\n<div id=\"title\" class=\"style-scope ytd-watch-metadata\"><img loading=\"lazy\" decoding=\"async\" class=\"aligncenter wp-image-2291105\" src=\"https:\/\/puntocritico.com\/ausajpuntocritico\/wp-content\/uploads\/2023\/12\/Carmen-Formoso-bn-OK-300x199.jpg\" alt=\"\" width=\"440\" height=\"292\" data-id=\"2291105\" srcset=\"https:\/\/puntocritico.com\/ausajpuntocritico\/wp-content\/uploads\/2023\/12\/Carmen-Formoso-bn-OK-300x199.jpg 300w, https:\/\/puntocritico.com\/ausajpuntocritico\/wp-content\/uploads\/2023\/12\/Carmen-Formoso-bn-OK-678x452.jpg 678w, https:\/\/puntocritico.com\/ausajpuntocritico\/wp-content\/uploads\/2023\/12\/Carmen-Formoso-bn-OK.jpg 680w\" sizes=\"auto, (max-width: 440px) 100vw, 440px\" \/><\/div>\n<\/blockquote>\n<p class=\"style-scope ytd-watch-metadata\" style=\"text-align: center;\"><strong style=\"font-size: 18pt;\"><span style=\"color: #008000;\">*******<\/span><\/strong><\/p>\n<blockquote>\n<h2 style=\"text-align: center;\"><span style=\"font-size: 24pt;\"><strong>EL MAYOR PLAGIO LITERARIO DEL SIGLO XX. ENTREVISTA A JES\u00daS D\u00cdAZ FORMOSO (PARTE 6)<\/strong><\/span><\/h2>\n<p style=\"text-align: justify;\"><a href=\"https:\/\/www.youtube.com\/watch?v=f7GdfIdFUf4\" target=\"_blank\" rel=\"noopener\"><span style=\"font-size: 14pt;\">Laura Rodr\u00edguez Rojas<\/span><\/a><\/p>\n<p style=\"text-align: justify;\"><span style=\"font-size: 14pt;\"><a href=\"https:\/\/www.youtube.com\/@Espanolencasa\/videos\" target=\"_blank\" rel=\"noopener\">ESPA\u00d1OL EN CASA<\/a><\/span><\/p>\n<\/blockquote>\n<\/div>\n<\/div>\n<div style=\"text-align: center;\"><iframe loading=\"lazy\" title=\"YouTube video player\" src=\"\/\/www.youtube.com\/embed\/f7GdfIdFUf4?si=vzUo5d7Hf4W_D6LI\" width=\"560\" height=\"315\" frameborder=\"0\" allowfullscreen=\"allowfullscreen\"><\/iframe><\/div>\n<div>\u00a0<\/div>\n<div>\n<div id=\"title\" class=\"style-scope ytd-watch-metadata\">\n<div id=\"title\" class=\"style-scope ytd-watch-metadata\">\n<blockquote>\n<div id=\"title\" class=\"style-scope ytd-watch-metadata\">\n<h3 class=\"style-scope ytd-watch-metadata\" style=\"text-align: center;\"><a href=\"https:\/\/www.youtube.com\/watch?v=f7GdfIdFUf4\" target=\"_blank\" rel=\"noopener\">FRAUDE en editorial Planeta. Plagian a escritores noveles. Entrevista a Jes\u00fas D\u00edaz Formoso\u00a0 (Parte 6)<\/a><\/h3>\n<\/div>\n<\/blockquote>\n<\/div>\n<p>&nbsp;<\/p>\n<figure id=\"attachment_2291154\" aria-describedby=\"caption-attachment-2291154\" style=\"width: 400px\" class=\"wp-caption aligncenter\"><img loading=\"lazy\" decoding=\"async\" class=\"wp-image-2291154\" src=\"https:\/\/puntocritico.com\/ausajpuntocritico\/wp-content\/uploads\/2023\/12\/Carmen-Formoso-2012-OK-300x199.jpg\" alt=\"\" width=\"400\" height=\"266\" data-id=\"2291154\" srcset=\"https:\/\/puntocritico.com\/ausajpuntocritico\/wp-content\/uploads\/2023\/12\/Carmen-Formoso-2012-OK-300x199.jpg 300w, https:\/\/puntocritico.com\/ausajpuntocritico\/wp-content\/uploads\/2023\/12\/Carmen-Formoso-2012-OK-678x452.jpg 678w, https:\/\/puntocritico.com\/ausajpuntocritico\/wp-content\/uploads\/2023\/12\/Carmen-Formoso-2012-OK.jpg 680w\" sizes=\"auto, (max-width: 400px) 100vw, 400px\" \/><figcaption id=\"caption-attachment-2291154\" class=\"wp-caption-text\">Carmen Formoso, 2010<\/figcaption><\/figure>\n<p class=\"style-scope ytd-watch-metadata\" style=\"text-align: center;\"><strong style=\"font-size: 18pt;\"><span style=\"color: #008000;\">*******<\/span><\/strong><\/p>\n<\/div>\n<\/div>\n<h2 style=\"text-align: center;\"><span style=\"font-size: 24pt;\"><strong>LA NOVELA DE CARMEN FORMOSO, \u00abCARMEN, CARMELA, CARMI\u00d1A (FLUORESCENCIA)\u00bb<\/strong><\/span><\/h2>\n<p style=\"text-align: center;\">\u00a0<\/p>\n<blockquote>\n<p><img loading=\"lazy\" decoding=\"async\" class=\"aligncenter wp-image-2249154\" src=\"https:\/\/puntocritico.com\/ausajpuntocritico\/wp-content\/uploads\/2022\/05\/CCC-Verbum.jpg\" alt=\"CARMEN FORMOSO - CAMILO JOS\u00c9 CELA Y EL PLAGIO\" width=\"360\" height=\"510\" data-id=\"2249154\" srcset=\"https:\/\/puntocritico.com\/ausajpuntocritico\/wp-content\/uploads\/2022\/05\/CCC-Verbum.jpg 1091w, https:\/\/puntocritico.com\/ausajpuntocritico\/wp-content\/uploads\/2022\/05\/CCC-Verbum-212x300.jpg 212w, https:\/\/puntocritico.com\/ausajpuntocritico\/wp-content\/uploads\/2022\/05\/CCC-Verbum-723x1024.jpg 723w, https:\/\/puntocritico.com\/ausajpuntocritico\/wp-content\/uploads\/2022\/05\/CCC-Verbum-768x1088.jpg 768w, https:\/\/puntocritico.com\/ausajpuntocritico\/wp-content\/uploads\/2022\/05\/CCC-Verbum-1085x1536.jpg 1085w, https:\/\/puntocritico.com\/ausajpuntocritico\/wp-content\/uploads\/2022\/05\/CCC-Verbum-610x864.jpg 610w\" sizes=\"auto, (max-width: 360px) 100vw, 360px\" \/><\/p>\n<p>&nbsp;<\/p>\n<div>\n<div style=\"text-align: justify;\"><span style=\"font-size: 14pt;\">Por iniciativa\u00a0del <strong>Frente de Afirmaci\u00f3n Hispanista<\/strong> (<a href=\"https:\/\/edicionesdeslinde.us4.list-manage.com\/track\/click?u=19e1ffdba8a0678c10891e624&amp;id=ae24e12215&amp;e=e72d9f64e1\" target=\"_blank\" rel=\"noopener\">http:\/\/www.hispanista.org\/<\/a>), instituci\u00f3n promotora y benefactora de la cultura hisp\u00e1nica a nivel mundial, dirigida por <strong>Fredo Arias de la Canal<\/strong>, se ha editado una obra literaria\u00a0que consideramos de gran valor y que puede ser de vuestro m\u00e1ximo inter\u00e9s. Se trata de un libro que fue v\u00edctima de lo que algunos consideran como uno de los m\u00e1s sonados plagios literarios ocurridos en el siglo XX.\u00a0\u00a0<\/span><\/div>\n<div>\u00a0<\/div>\n<div style=\"text-align: justify;\"><span style=\"font-size: 14pt;\">Este libro es la <strong>novela\u00a0<\/strong><em><strong>Carmen, Carmela, Carmi\u00f1a<\/strong>,<\/em> publicada recientemente por la <strong>Editorial Verbum<\/strong> y por el mismo <strong>Frente Hispanista<\/strong>, despu\u00e9s de mantenerse desconocida durante muchos a\u00f1os, obra original de la gallega <strong>Carmen Formoso<\/strong> (1940-2020), quien se Querell\u00f3 contra el escritor <strong>Camilo Jos\u00e9 Cela<\/strong> (premio Nobel de Literatura) por <strong>Delitos contra la Propiedad Intelectual<\/strong> (en especial, por Delito de <strong>Plagio<\/strong>).\u00a0<\/span><\/div>\n<div>\u00a0<\/div>\n<div style=\"text-align: justify;\"><span style=\"font-size: 14pt;\">Con esta edici\u00f3n que intenta hacer justicia sobre la memoria hist\u00f3rica, el abogado en el referido Proceso Penal, e hijo de la autora, <strong>Jes\u00fas D\u00edaz Formoso<\/strong>, presenta un texto introductorio que contextualiza y describe los sucesos, incluido el <strong>proceso<\/strong> <strong>legal<\/strong>.\u00a0<\/span><\/div>\n<div>\u00a0<\/div>\n<div style=\"text-align: justify;\"><span style=\"font-size: 14pt;\">Cierta vez, preguntado por tal asunto, seg\u00fan declaraciones de <strong>Marisa Pascual<\/strong>, bibliotecaria de la Fundaci\u00f3n Cela, este le confes\u00f3: \u00ab<em>Todos cometemos errores en esta vida<\/em>\u00bb.<\/span><\/div>\n<\/div>\n<div>\u00a0<\/div>\n<div>\u00a0<\/div>\n<div>\n<div>\n<figure id=\"attachment_2249255\" aria-describedby=\"caption-attachment-2249255\" style=\"width: 220px\" class=\"wp-caption aligncenter\"><img loading=\"lazy\" decoding=\"async\" class=\"wp-image-2249255\" src=\"https:\/\/puntocritico.com\/ausajpuntocritico\/wp-content\/uploads\/2022\/05\/Carmen-Formoso.jpg\" alt=\"&quot;El escabroso caso de plagio de Camilo Jose\u0301 Cela a Carmen Formoso. #editorialplaneta&quot;, por Laura Rodr\u00edguez Rojas (Espa\u00f1ol en casa)\" width=\"220\" height=\"342\" data-id=\"2249255\" srcset=\"https:\/\/puntocritico.com\/ausajpuntocritico\/wp-content\/uploads\/2022\/05\/Carmen-Formoso.jpg 234w, https:\/\/puntocritico.com\/ausajpuntocritico\/wp-content\/uploads\/2022\/05\/Carmen-Formoso-193x300.jpg 193w\" sizes=\"auto, (max-width: 220px) 100vw, 220px\" \/><figcaption id=\"caption-attachment-2249255\" class=\"wp-caption-text\"><span style=\"color: #008000;\">Carmen Formoso<\/span><\/figcaption><\/figure>\n<\/div>\n<div>\u00a0<\/div>\n<div style=\"text-align: center;\"><span style=\"font-size: 14pt;\"><strong>Mar\u00eda del Carmen Formoso Lapido<\/strong> (A Coru\u00f1a, 1940-2020), escritora, poeta y pintora. Licenciada en Filosof\u00eda y Ciencias de la Educaci\u00f3n, diplomada en Bellas Artes. Altern\u00f3 su trabajo como Maestra Nacional con la obra pict\u00f3rica que hab\u00eda iniciado en la adolescencia, y con la escritura. Ten\u00eda catorce a\u00f1os cuando La Voz de Galicia public\u00f3 tres de sus poemas. Autora de numerosos cuentos infantiles, narraciones y novelas. En 1990 obtuvo un primer premio auton\u00f3mico en cuentos infantiles ilustrados. <\/span><\/div>\n<div>\u00a0<\/div>\n<div style=\"text-align: center;\"><span style=\"font-size: 14pt;\">Present\u00f3 el original de <strong>Carmen Carmela Carmi\u00f1a<\/strong> al <strong>Premio Planeta en 1994<\/strong>, donde resultara premiado <strong>Camilo Jos\u00e9 Cela<\/strong> con <strong>La Cruz de San Andr\u00e9s<\/strong>. Alarmada, al encontrar all\u00ed nada menos que la historia de su propia vida, interpuso una <strong>Querella Criminal<\/strong> contra el premio Nobel y contra el Editor\u00a0 propietario de la Editorial Planeta, Jos\u00e9 Manuel Lara Bosch, por plagio, juicio que provocar\u00eda una tormenta en la escena literaria espa\u00f1ola.<\/span><\/div>\n<div>\u00a0<\/div>\n<div style=\"text-align: center;\"><span style=\"color: #008000; font-size: 18pt;\">***<\/span><\/div>\n<\/div>\n<\/blockquote>\n<blockquote>\n<div style=\"text-align: justify;\">\n<h3 dir=\"ltr\" style=\"text-align: center;\"><span style=\"font-size: 24pt;\"><strong>La Novela de Carmen Formoso, \u00abCarmen, Carmela, Carmi\u00f1a (Fluorescencia)\u00bb, en Editorial Verbum\u00a0<\/strong><\/span><\/h3>\n<div dir=\"ltr\">\u00a0<\/div>\n<div dir=\"ltr\" style=\"text-align: center;\"><span style=\"color: #008000; font-size: 14pt;\"><strong>Carmen, Carmela, Carmi\u00f1a (Fluorescencia), de Carmen Formoso;\u00a0 458 p\u00e1ginas.<\/strong> <\/span><\/div>\n<div dir=\"ltr\">\u00a0<\/div>\n<div dir=\"ltr\"><span style=\"color: #008000; font-size: 14pt;\"><strong>SINOPSIS<\/strong>: Tres mujeres, descendientes una de otra, desarrollan su existencia en La Coru\u00f1a, que es tan protagonista como ellas de Carmen, Carmela, Carmi\u00f1a (Fluorescencia). La historia de una gran parte del siglo XX espa\u00f1ol, y de Cuba tambi\u00e9n, aparece en sus p\u00e1ginas a trav\u00e9s de la mirada de estas mujeres \u201cespeciales\u201d, no s\u00f3lo por sus conocimientos heredados matriarcalmente, sino tambi\u00e9n por sus \u201cpoderes\u201d. <\/span><\/div>\n<div dir=\"ltr\">\u00a0<\/div>\n<div dir=\"ltr\"><span style=\"color: #008000; font-size: 14pt;\">Esta es una novela en la que las mujeres llevan la vanguardia, en su interacci\u00f3n necesaria con hombres que a veces s\u00f3lo observan; otras, cuidan; pocas, temen; y varias, aman: novios, amantes, esposos, hijos, familiares, vecinos, amigos y, por supuesto, enemigos. Cada generaci\u00f3n de estas mujeres tendr\u00e1 una forma diferente de lidiar con el mundo que le rodea, pero, en esencia, coincidir\u00e1n en que el amor que les une y el que brindan es el punto de convergencia que anula sus desacuerdos en la forma con que eligen vivir y enfrentar la vida, tanto como lo es la presencia de \u201cla cubana\u201d centenaria, Mamita Carmen. <\/span><\/div>\n<div dir=\"ltr\">\u00a0<\/div>\n<div dir=\"ltr\"><span style=\"color: #008000; font-size: 14pt;\">Pareciera que Mar\u00eda del Carmen Formoso Lapido volc\u00f3 en estas p\u00e1ginas mucha de su experiencia vital, y as\u00ed nos leg\u00f3 una historia en la que la sensaci\u00f3n de verosimilitud, realidad y autenticidad, se impone; incluso aunque haya pinceladas de realismo m\u00e1gico cuando las \u201chabilidades sobrenaturales\u201d de las protagonistas entran en juego. Una lectura donde la representaci\u00f3n de un escenario particular nos refleja de modo universal.<\/span><\/div>\n<div dir=\"ltr\">\u00a0<\/div>\n<div dir=\"ltr\">\n<p><a href=\"https:\/\/editorialverbum.es\/producto\/carmen-carmela-carmina-fluorescencia\/\" target=\"_blank\" rel=\"noopener\"><img loading=\"lazy\" decoding=\"async\" class=\"aligncenter wp-image-2249154 size-medium\" src=\"https:\/\/puntocritico.com\/ausajpuntocritico\/wp-content\/uploads\/2022\/05\/CCC-Verbum-212x300.jpg\" alt=\"\" width=\"212\" height=\"300\" data-id=\"2249154\" srcset=\"https:\/\/puntocritico.com\/ausajpuntocritico\/wp-content\/uploads\/2022\/05\/CCC-Verbum-212x300.jpg 212w, https:\/\/puntocritico.com\/ausajpuntocritico\/wp-content\/uploads\/2022\/05\/CCC-Verbum-723x1024.jpg 723w, https:\/\/puntocritico.com\/ausajpuntocritico\/wp-content\/uploads\/2022\/05\/CCC-Verbum-768x1088.jpg 768w, https:\/\/puntocritico.com\/ausajpuntocritico\/wp-content\/uploads\/2022\/05\/CCC-Verbum-1085x1536.jpg 1085w, https:\/\/puntocritico.com\/ausajpuntocritico\/wp-content\/uploads\/2022\/05\/CCC-Verbum-610x864.jpg 610w, https:\/\/puntocritico.com\/ausajpuntocritico\/wp-content\/uploads\/2022\/05\/CCC-Verbum.jpg 1091w\" sizes=\"auto, (max-width: 212px) 100vw, 212px\" \/><\/a><\/p>\n<\/div>\n<div dir=\"ltr\">\u00a0<\/div>\n<div dir=\"ltr\" style=\"text-align: center;\"><span style=\"font-size: 14pt;\">\u00a0<a href=\"https:\/\/edicionesdeslinde.us4.list-manage.com\/track\/click?u=19e1ffdba8a0678c10891e624&amp;id=8e0dc8ca76&amp;e=e72d9f64e1\" target=\"_blank\" rel=\"noopener\">https:\/\/<wbr \/>editorialverbum.es\/producto\/<wbr \/>carmen-carmela-carmina-<wbr \/>fluorescencia\/<\/a><\/span><\/div>\n<\/div>\n<div dir=\"ltr\" style=\"text-align: justify;\">\u00a0<\/div>\n<div dir=\"ltr\" style=\"text-align: right;\"><span style=\"font-size: 14pt;\"><strong>Frente de Afirmaci\u00f3n Hispanista<\/strong>, A. C., M\u00e9xico.<\/span><\/div>\n<div dir=\"ltr\" style=\"text-align: justify;\">\u00a0<\/div>\n<div dir=\"ltr\" style=\"text-align: justify;\"><img loading=\"lazy\" decoding=\"async\" class=\"aligncenter wp-image-2249158\" src=\"https:\/\/puntocritico.com\/ausajpuntocritico\/wp-content\/uploads\/2022\/05\/Frente-de-Afirmacion-hispanista-sello.png\" alt=\"\" width=\"200\" height=\"201\" data-id=\"2249158\" srcset=\"https:\/\/puntocritico.com\/ausajpuntocritico\/wp-content\/uploads\/2022\/05\/Frente-de-Afirmacion-hispanista-sello.png 317w, https:\/\/puntocritico.com\/ausajpuntocritico\/wp-content\/uploads\/2022\/05\/Frente-de-Afirmacion-hispanista-sello-300x300.png 300w, https:\/\/puntocritico.com\/ausajpuntocritico\/wp-content\/uploads\/2022\/05\/Frente-de-Afirmacion-hispanista-sello-150x150.png 150w\" sizes=\"auto, (max-width: 200px) 100vw, 200px\" \/><\/div>\n<\/blockquote>\n<p style=\"text-align: center;\"><span style=\"color: #008000;\"><strong><span style=\"font-size: 18pt;\">*******<\/span><\/strong><\/span><\/p>\n<h2 class=\"entry-title\" style=\"text-align: center;\"><span style=\"font-size: 24pt;\">CAMILO JOS\u00c9 CELA Y EL PLAGIO: \u00abLA CRUZ DE SAN ANDR\u00c9S\u00bb, el plagio del Siglo, del que est\u00e1 prohibido hablar<\/span><\/h2>\n<h3 style=\"text-align: center;\"><span style=\"font-size: 18pt;\"><strong>\u00cdNDICE DE ART\u00cdCULOS<\/strong><\/span><\/h3>\n<p>&nbsp;<\/p>\n<blockquote class=\"wp-embedded-content\" data-secret=\"693Kiby1mE\"><p><a href=\"https:\/\/puntocritico.com\/ausajpuntocritico\/2022\/05\/26\/camilo-jose-cela-y-el-plagio-la-cruz-de-san-andres-y-el-cervantes-por-ian-gibson-el-plagio-del-siglo-del-que-esta-prohibido-hablar-parte-1-3\/\">CAMILO JOS\u00c9 CELA Y EL PLAGIO. \u00abLA `CRUZ DE SAN ANDR\u00c9S\u00b4 y EL CERVANTES\u00bb, por Ian Gibson. El plagio del Siglo, del que est\u00e1 prohibido hablar \u2013 PARTE 1<\/a><\/p><\/blockquote>\n<p><iframe loading=\"lazy\" class=\"wp-embedded-content\" sandbox=\"allow-scripts\" security=\"restricted\" style=\"position: absolute; visibility: hidden;\" title=\"\u00abCAMILO JOS\u00c9 CELA Y EL PLAGIO. \u00abLA `CRUZ DE SAN ANDR\u00c9S\u00b4 y EL CERVANTES\u00bb, por Ian Gibson. El plagio del Siglo, del que est\u00e1 prohibido hablar \u2013 PARTE 1\u00bb \u2014 Punto Cr\u00edtico Derechos Humanos\" src=\"https:\/\/puntocritico.com\/ausajpuntocritico\/2022\/05\/26\/camilo-jose-cela-y-el-plagio-la-cruz-de-san-andres-y-el-cervantes-por-ian-gibson-el-plagio-del-siglo-del-que-esta-prohibido-hablar-parte-1-3\/embed\/#?secret=ZvaSLJqxfl#?secret=693Kiby1mE\" data-secret=\"693Kiby1mE\" width=\"500\" height=\"282\" frameborder=\"0\" marginwidth=\"0\" marginheight=\"0\" scrolling=\"no\"><\/iframe><\/p>\n<blockquote class=\"wp-embedded-content\" data-secret=\"QjonDe6nuH\"><p><a href=\"https:\/\/puntocritico.com\/ausajpuntocritico\/2020\/02\/12\/camilo-jose-cela-y-el-plagio-la-interminable-querella-de-la-cruz-de-san-andres-por-ian-gibson-el-plagio-del-siglo-del-que-esta-prohibido-hablar-parte-2\/\">CAMILO JOSE CELA y EL PLAGIO. &#8220;LA INTERMINABLE QUERELLA DE LA CRUZ DE SAN ANDRES&#8221;, por Ian Gibson. El plagio del Siglo, del que est\u00e1 prohibido hablar \u2013 PARTE 2<\/a><\/p><\/blockquote>\n<p><iframe loading=\"lazy\" class=\"wp-embedded-content\" sandbox=\"allow-scripts\" security=\"restricted\" style=\"position: absolute; visibility: hidden;\" title=\"\u00abCAMILO JOSE CELA y EL PLAGIO. &#8220;LA INTERMINABLE QUERELLA DE LA CRUZ DE SAN ANDRES&#8221;, por Ian Gibson. El plagio del Siglo, del que est\u00e1 prohibido hablar \u2013 PARTE 2\u00bb \u2014 Punto Cr\u00edtico Derechos Humanos\" src=\"https:\/\/puntocritico.com\/ausajpuntocritico\/2020\/02\/12\/camilo-jose-cela-y-el-plagio-la-interminable-querella-de-la-cruz-de-san-andres-por-ian-gibson-el-plagio-del-siglo-del-que-esta-prohibido-hablar-parte-2\/embed\/#?secret=vMmH7t4Tdh#?secret=QjonDe6nuH\" data-secret=\"QjonDe6nuH\" width=\"500\" height=\"282\" frameborder=\"0\" marginwidth=\"0\" marginheight=\"0\" scrolling=\"no\"><\/iframe><\/p>\n<blockquote class=\"wp-embedded-content\" data-secret=\"Yr0U5hXFX6\"><p><a href=\"https:\/\/puntocritico.com\/ausajpuntocritico\/2020\/02\/19\/camilo-jose-cela-y-el-plagio-el-juicio-contra-carmen-formoso-el-plagio-del-siglo-del-que-esta-prohibido-hablar-parte-3\/\">CAMILO JOS\u00c9 CELA y EL PLAGIO. EL JUICIO DE REPRESALIA CONTRA CARMEN FORMOSO. El plagio del Siglo, del que est\u00e1 prohibido hablar \u2013 PARTE 3<\/a><\/p><\/blockquote>\n<p><iframe loading=\"lazy\" class=\"wp-embedded-content\" sandbox=\"allow-scripts\" security=\"restricted\" style=\"position: absolute; visibility: hidden;\" title=\"\u00abCAMILO JOS\u00c9 CELA y EL PLAGIO. EL JUICIO DE REPRESALIA CONTRA CARMEN FORMOSO. El plagio del Siglo, del que est\u00e1 prohibido hablar \u2013 PARTE 3\u00bb \u2014 Punto Cr\u00edtico Derechos Humanos\" src=\"https:\/\/puntocritico.com\/ausajpuntocritico\/2020\/02\/19\/camilo-jose-cela-y-el-plagio-el-juicio-contra-carmen-formoso-el-plagio-del-siglo-del-que-esta-prohibido-hablar-parte-3\/embed\/#?secret=4A774PJIgi#?secret=Yr0U5hXFX6\" data-secret=\"Yr0U5hXFX6\" width=\"500\" height=\"282\" frameborder=\"0\" marginwidth=\"0\" marginheight=\"0\" scrolling=\"no\"><\/iframe><\/p>\n<blockquote class=\"wp-embedded-content\" data-secret=\"hwGXeFmhEl\"><p><a href=\"https:\/\/puntocritico.com\/ausajpuntocritico\/2020\/02\/26\/camilo-jose-cela-y-el-plagio-la-absolucion-de-carmen-formoso-y-la-amenaza-de-la-audiencia-provincial-el-prologo-censurado-el-plagio-del-siglo-del-que-esta-prohibido-hablar-parte-4\/\">CAMILO JOS\u00c9 CELA y EL PLAGIO. EL PR\u00d3LOGO DE LA NOVELA DE CARMEN FORMOSO, CENSURADO Y PERSEGUIDO: El plagio del Siglo, del que est\u00e1 prohibido hablar \u2013 PARTE 4<\/a><\/p><\/blockquote>\n<p><iframe loading=\"lazy\" class=\"wp-embedded-content\" sandbox=\"allow-scripts\" security=\"restricted\" style=\"position: absolute; visibility: hidden;\" title=\"\u00abCAMILO JOS\u00c9 CELA y EL PLAGIO. EL PR\u00d3LOGO DE LA NOVELA DE CARMEN FORMOSO, CENSURADO Y PERSEGUIDO: El plagio del Siglo, del que est\u00e1 prohibido hablar \u2013 PARTE 4\u00bb \u2014 Punto Cr\u00edtico Derechos Humanos\" src=\"https:\/\/puntocritico.com\/ausajpuntocritico\/2020\/02\/26\/camilo-jose-cela-y-el-plagio-la-absolucion-de-carmen-formoso-y-la-amenaza-de-la-audiencia-provincial-el-prologo-censurado-el-plagio-del-siglo-del-que-esta-prohibido-hablar-parte-4\/embed\/#?secret=2CI7DyVkOX#?secret=hwGXeFmhEl\" data-secret=\"hwGXeFmhEl\" width=\"500\" height=\"282\" frameborder=\"0\" marginwidth=\"0\" marginheight=\"0\" scrolling=\"no\"><\/iframe><\/p>\n<blockquote class=\"wp-embedded-content\" data-secret=\"r90tgIqmvz\"><p><a href=\"https:\/\/puntocritico.com\/ausajpuntocritico\/2021\/10\/20\/teatro-dentro-del-teatro-el-asesinato-de-gonzago-la-ratonera-hamlet-por-william-shakespeare-2\/\">CAMILO JOS\u00c9 CELA y EL PLAGIO: El plagio del Siglo, del que est\u00e1 prohibido hablar (PARTE 5). TEATRO DENTRO DEL TEATRO: &#8220;El asesinato de Gonzago&#8221; (La ratonera), HAMLET, por William Shakespeare<\/a><\/p><\/blockquote>\n<p><iframe loading=\"lazy\" class=\"wp-embedded-content\" sandbox=\"allow-scripts\" security=\"restricted\" style=\"position: absolute; visibility: hidden;\" title=\"\u00abCAMILO JOS\u00c9 CELA y EL PLAGIO: El plagio del Siglo, del que est\u00e1 prohibido hablar (PARTE 5). TEATRO DENTRO DEL TEATRO: &#8220;El asesinato de Gonzago&#8221; (La ratonera), HAMLET, por William Shakespeare\u00bb \u2014 Punto Cr\u00edtico Derechos Humanos\" src=\"https:\/\/puntocritico.com\/ausajpuntocritico\/2021\/10\/20\/teatro-dentro-del-teatro-el-asesinato-de-gonzago-la-ratonera-hamlet-por-william-shakespeare-2\/embed\/#?secret=WmjAqmEPPk#?secret=r90tgIqmvz\" data-secret=\"r90tgIqmvz\" width=\"500\" height=\"282\" frameborder=\"0\" marginwidth=\"0\" marginheight=\"0\" scrolling=\"no\"><\/iframe><\/p>\n<blockquote class=\"wp-embedded-content\" data-secret=\"x33jm9N2r6\"><p><a href=\"https:\/\/puntocritico.com\/ausajpuntocritico\/2021\/10\/27\/la-reapertura-stc\/\">CAMILO JOS\u00c9 CELA y EL PLAGIO: El plagio del Siglo, del que est\u00e1 prohibido hablar (PARTE 6):\u00a0LA SENTENCIA DEL TRIBUNAL CONSTITUCIONAL (STC 190\/2006), QUE ORDENA LA REAPERTURA DE LAS ACTUACIONES POR DELITO DE PLAGIO.<\/a><\/p><\/blockquote>\n<p><iframe loading=\"lazy\" class=\"wp-embedded-content\" sandbox=\"allow-scripts\" security=\"restricted\" style=\"position: absolute; visibility: hidden;\" title=\"\u00abCAMILO JOS\u00c9 CELA y EL PLAGIO: El plagio del Siglo, del que est\u00e1 prohibido hablar (PARTE 6):\u00a0LA SENTENCIA DEL TRIBUNAL CONSTITUCIONAL (STC 190\/2006), QUE ORDENA LA REAPERTURA DE LAS ACTUACIONES POR DELITO DE PLAGIO.\u00bb \u2014 Punto Cr\u00edtico Derechos Humanos\" src=\"https:\/\/puntocritico.com\/ausajpuntocritico\/2021\/10\/27\/la-reapertura-stc\/embed\/#?secret=jWlMS54RDi#?secret=x33jm9N2r6\" data-secret=\"x33jm9N2r6\" width=\"500\" height=\"282\" frameborder=\"0\" marginwidth=\"0\" marginheight=\"0\" scrolling=\"no\"><\/iframe><\/p>\n<blockquote class=\"wp-embedded-content\" data-secret=\"hC7nHJYnka\"><p><a href=\"https:\/\/puntocritico.com\/ausajpuntocritico\/2023\/12\/26\/camilo-jose-cela-y-el-plagio-el-plagio-del-siglo-del-que-esta-prohibido-hablar-y-parte-7-epilogo-la-impunidad-del-delito-de-plagio-la-impunidad-privilegio-del-regimen-del-78\/\">CAMILO JOS\u00c9 CELA y EL PLAGIO: El plagio del Siglo, del que est\u00e1 prohibido hablar (Y PARTE 7): EP\u00cdLOGO: &#8220;La Impunidad del Delito de Plagio; la Impunidad, Privilegio del R\u00e9gimen del 78&#8221;.<\/a><\/p><\/blockquote>\n<p><iframe loading=\"lazy\" class=\"wp-embedded-content\" sandbox=\"allow-scripts\" security=\"restricted\" style=\"position: absolute; visibility: hidden;\" title=\"\u00abCAMILO JOS\u00c9 CELA y EL PLAGIO: El plagio del Siglo, del que est\u00e1 prohibido hablar (Y PARTE 7): EP\u00cdLOGO: &#8220;La Impunidad del Delito de Plagio; la Impunidad, Privilegio del R\u00e9gimen del 78&#8221;.\u00bb \u2014 Punto Cr\u00edtico Derechos Humanos\" src=\"https:\/\/puntocritico.com\/ausajpuntocritico\/2023\/12\/26\/camilo-jose-cela-y-el-plagio-el-plagio-del-siglo-del-que-esta-prohibido-hablar-y-parte-7-epilogo-la-impunidad-del-delito-de-plagio-la-impunidad-privilegio-del-regimen-del-78\/embed\/#?secret=JLy1JbibZC#?secret=hC7nHJYnka\" data-secret=\"hC7nHJYnka\" width=\"500\" height=\"282\" frameborder=\"0\" marginwidth=\"0\" marginheight=\"0\" scrolling=\"no\"><\/iframe><\/p>\n<p>&nbsp;<\/p>\n<p><a href=\"https:\/\/puntocritico.com\/ausajpuntocritico\/author\/punto-critico\/\" target=\"_blank\" rel=\"noopener\"><img loading=\"lazy\" decoding=\"async\" class=\"aligncenter wp-image-48\" src=\"https:\/\/puntocritico.com\/ausajpuntocritico\/wp-content\/uploads\/2016\/11\/Mosca_Punto_Cr\u00edtico_40.png\" alt=\"\" width=\"80\" height=\"80\" data-id=\"48\" \/><\/a><\/p>\n<p>&nbsp;<\/p>\n<p>&nbsp;<\/p>\n","protected":false},"excerpt":{"rendered":"<div class=\"mh-excerpt\"><p>El escabroso caso de plagio de Camilo Jose\u0301 Cela a Carmen Formoso \u00a0 \u00a0 EL MAYOR PLAGIO LITERARIO DEL SIGLO XX. ENTREVISTA A JES\u00daS D\u00cdAZ FORMOSO (Y PARTE 7) Laura Rodr\u00edguez Rojas ESPA\u00d1OL EN CASA <a class=\"mh-excerpt-more\" href=\"https:\/\/puntocritico.com\/ausajpuntocritico\/2023\/12\/27\/carmen-formoso-por-laura\/\" title=\"ENTREVISTA A JES\u00daS D\u00cdAZ FORMOSO (Final). \u00abEl escabroso caso de plagio de Camilo Jose\u0301 Cela a Carmen Formoso, por Laura Rodr\u00edguez Rojas (Espa\u00f1ol en casa)\">[&#8230;]<\/a><\/p>\n<\/div>","protected":false},"author":3,"featured_media":2291433,"comment_status":"open","ping_status":"open","sticky":false,"template":"","format":"standard","meta":{"_acf_changed":false,"_exactmetrics_skip_tracking":false,"_exactmetrics_sitenote_active":false,"_exactmetrics_sitenote_note":"","_exactmetrics_sitenote_category":0,"footnotes":""},"categories":[6,12,14,13],"tags":[73,74,46],"class_list":{"0":"post-2290992","1":"post","2":"type-post","3":"status-publish","4":"format-standard","5":"has-post-thumbnail","7":"category-justicia","8":"category-corrupcion","9":"category-corrupcion_informativa","10":"category-corrupcion_judicial","11":"tag-camilo-jose-cela","12":"tag-carmen-formoso","13":"tag-plagio"},"acf":[],"_links":{"self":[{"href":"https:\/\/puntocritico.com\/ausajpuntocritico\/wp-json\/wp\/v2\/posts\/2290992","targetHints":{"allow":["GET"]}}],"collection":[{"href":"https:\/\/puntocritico.com\/ausajpuntocritico\/wp-json\/wp\/v2\/posts"}],"about":[{"href":"https:\/\/puntocritico.com\/ausajpuntocritico\/wp-json\/wp\/v2\/types\/post"}],"author":[{"embeddable":true,"href":"https:\/\/puntocritico.com\/ausajpuntocritico\/wp-json\/wp\/v2\/users\/3"}],"replies":[{"embeddable":true,"href":"https:\/\/puntocritico.com\/ausajpuntocritico\/wp-json\/wp\/v2\/comments?post=2290992"}],"version-history":[{"count":0,"href":"https:\/\/puntocritico.com\/ausajpuntocritico\/wp-json\/wp\/v2\/posts\/2290992\/revisions"}],"wp:featuredmedia":[{"embeddable":true,"href":"https:\/\/puntocritico.com\/ausajpuntocritico\/wp-json\/wp\/v2\/media\/2291433"}],"wp:attachment":[{"href":"https:\/\/puntocritico.com\/ausajpuntocritico\/wp-json\/wp\/v2\/media?parent=2290992"}],"wp:term":[{"taxonomy":"category","embeddable":true,"href":"https:\/\/puntocritico.com\/ausajpuntocritico\/wp-json\/wp\/v2\/categories?post=2290992"},{"taxonomy":"post_tag","embeddable":true,"href":"https:\/\/puntocritico.com\/ausajpuntocritico\/wp-json\/wp\/v2\/tags?post=2290992"}],"curies":[{"name":"wp","href":"https:\/\/api.w.org\/{rel}","templated":true}]}}