{"id":2290853,"date":"2023-11-20T09:15:42","date_gmt":"2023-11-20T08:15:42","guid":{"rendered":"https:\/\/puntocritico.com\/ausajpuntocritico\/?p=2290853"},"modified":"2023-12-09T21:18:10","modified_gmt":"2023-12-09T20:18:10","slug":"spanish-democracy-is-a-big-piece-of-shit","status":"publish","type":"post","link":"https:\/\/puntocritico.com\/ausajpuntocritico\/2023\/11\/20\/spanish-democracy-is-a-big-piece-of-shit\/","title":{"rendered":"SLAVERY IN SPAIN: Spanish democracy is a big piece of shit"},"content":{"rendered":"<h2 style=\"text-align: center;\"><span style=\"font-size: 24pt;\"><strong>Spanish democracy is a big piece of shit<\/strong><\/span><\/h2>\n<p class=\"entry-title\"><span style=\"color: #008000;\"><strong><a style=\"color: #008000;\" href=\"https:\/\/puntocritico.com\/2018\/06\/01\/indice-esclavitud-en-la-espana-del-siglo-xxi\/\"><span style=\"font-size: 14pt;\">Indice \u2013 Esclavitud en la Espa\u00f1a del siglo XXI<\/span><\/a><\/strong><\/span><\/p>\n<figure id=\"attachment_22572\" aria-describedby=\"caption-attachment-22572\" style=\"width: 400px\" class=\"wp-caption aligncenter\"><img loading=\"lazy\" decoding=\"async\" class=\"wp-image-22572\" src=\"https:\/\/puntocritico.com\/ausajpuntocritico\/wp-content\/uploads\/2019\/10\/Temporeras-con-Belen-en-casa-300x197.jpg\" alt=\"Spanish democracy is a big piece of shit\" width=\"400\" height=\"262\" data-id=\"22572\" srcset=\"https:\/\/puntocritico.com\/ausajpuntocritico\/wp-content\/uploads\/2019\/10\/Temporeras-con-Belen-en-casa-300x197.jpg 300w, https:\/\/puntocritico.com\/ausajpuntocritico\/wp-content\/uploads\/2019\/10\/Temporeras-con-Belen-en-casa.jpg 600w\" sizes=\"auto, (max-width: 400px) 100vw, 400px\" \/><figcaption id=\"caption-attachment-22572\" class=\"wp-caption-text\"><span style=\"color: #008000;\">La letrada de AUSAJ, Bel\u00e9n Luj\u00e1n, con algunas de las mujeres marroqu\u00edes conocidas como Temporeras contra la esclavitud.<\/span><\/figcaption><\/figure>\n<h2 style=\"text-align: center;\">LA ESCLAVITUD DE LAS MUJERES M\u00c1S VULNERABLES ES UN HECHO EN LA ESPA\u00d1A \u00ab<a href=\"https:\/\/puntocritico.com\/ausajpuntocritico\/2018\/10\/04\/las-temporeras-contra-la-esclavitud-huyen-del-sat-por-perico-echevarria\/\">FEMINISTA<\/a>\u00ab<\/h2>\n<p style=\"text-align: center;\"><a href=\"https:\/\/puntocritico.com\/ausajpuntocritico\/2018\/10\/03\/la-segunda-huida-de-las-temporeras\/\"><span style=\"font-size: 14pt;\">LA IZQUIERDA MERCENARIA SE LUCRA CON ELLA<\/span><\/a><\/p>\n<p style=\"text-align: center;\"><span style=\"font-size: 14pt;\">Y LOS JUECES -TODOS LOS JUECES QUE HAN INTERVENIDO EN LOS <a href=\"https:\/\/puntocritico.com\/ausajpuntocritico\/2021\/10\/21\/tratarevictimizacion\/\">M\u00daLTIPLES PROCESOS JUDICIALES<\/a> QUE HAN DERIVADO DE LAS DENUNCIAS FORMULADAS POR LOS LETRADOS DE AUSAJ EN NOMBRE Y REPRESENTACI\u00d3N DE LAS \u00ab<a href=\"https:\/\/puntocritico.com\/ausajpuntocritico\/2021\/10\/07\/de-la-contratacion-en-origen-a-la-trata\/\">TEMPORERAS CONTRA LA ESCLAVITUD<\/a>\u00ab, EN TODAS LAS INSTANCIAS DE LOS ORDENES <a href=\"https:\/\/puntocritico.com\/2019\/02\/14\/las-denuncias-de-las-victimas-de-trata-y-esclavitud-sexual-y-laboral-que-la-justicia-se-niega-a-investigar\/\">PENAL<\/a> Y <a href=\"https:\/\/puntocritico.com\/2018\/07\/04\/esclavitud-en-la-espana-del-siglo-xxi-demanda-ante-la-jurisdiccion-social-por-vulneracion-de-derechos-fundamentales\/\">SOCIAL<\/a>, INCLUYENDO EL <a href=\"https:\/\/puntocritico.com\/ausajpuntocritico\/2021\/09\/23\/la-esclavitud-en-huelva-que-los-jueces-se-negaron-a-investigar-demanda-de-amparo-constitucional\/\">TRIBUNAL CONSTITUCIONAL<\/a> &#8211; <a href=\"https:\/\/puntocritico.com\/ausajpuntocritico\/2021\/11\/11\/los-jueces-de-huelva-no-aplican-la-ley-organica-4-2000\/\">HAN PROTEGIDO A LA ORGANIZACI\u00d3N CRIMINAL DEDICADA A LA TRATA DE ESCLAVOS<\/a>,<\/span><\/p>\n<p style=\"text-align: center;\"><span style=\"font-size: 14pt;\"><a href=\"https:\/\/puntocritico.com\/ausajpuntocritico\/2019\/05\/27\/la-mar-de-onuba-periodismo-desde-huelva-el-guantanamo-espanol\/\">TAMBI\u00c9N LOS POL\u00cdTICOS, LOS FISCALES<\/a>, LOS<a href=\"https:\/\/puntocritico.com\/ausajpuntocritico\/2021\/11\/04\/temporeras-contra-la-esclavitud-analisis-de-los-informes-de-la-inspeccion-de-trabajo-en-la-demanda-de-amparo-constitucional\/\"> INSPECTORES DE TRABAJO<\/a> Y, SOBRE TODO, LA<a href=\"https:\/\/puntocritico.com\/ausajpuntocritico\/2021\/10\/28\/analisis-de-los-atestados-policiales\/\"> GUARDIA CIVIL<\/a>.<\/span><\/p>\n<p style=\"text-align: center;\"><a href=\"https:\/\/puntocritico.com\/2018\/08\/08\/temporeras-denunciantes-de-abusos-laborales-y-sexuales-nadie-quiere-ver-las-pruebas-para-el-neoliberalismo-la-esclavitud-es-cuestion-de-estado\/\"><span style=\"font-size: 14pt;\">TENEMOS LAS PRUEBAS. PERO DA IGUAL.<\/span><\/a><\/p>\n<p style=\"text-align: center;\"><a href=\"https:\/\/puntocritico.com\/ausajpuntocritico\/2018\/08\/09\/esclavitud-en-la-espana-en-el-siglo-xxi-mas-que-los-actos-de-los-malos-me-horroriza-la-indiferencia-de-los-buenos\/\"><span style=\"font-size: 14pt;\">PERO LO PEOR SON\u00a0 LOS ESPA\u00d1OLES \u00abBUENOS\u00bb, LOS QUE MIRAN Y NO HACEN NADA.<\/span><\/a><\/p>\n<p style=\"text-align: center;\"><span style=\"font-size: 14pt;\">PORQUE UNA SOCIEDAD DONDE LA <a href=\"https:\/\/puntocritico.com\/ausajpuntocritico\/2021\/02\/09\/las-leyes-fundamentales-de-la-estupidez-humana-por-carlo-m-cipolla\/\">ESTUPIDEZ<\/a> ES MAYORITARIA NUNCA PODR\u00c1 CONSERVAR LA LIBERTAD<\/span><\/p>\n<p>&nbsp;<\/p>\n<figure id=\"attachment_22580\" aria-describedby=\"caption-attachment-22580\" style=\"width: 591px\" class=\"wp-caption aligncenter\"><a href=\"https:\/\/puntocritico.com\/ausajpuntocritico\/2021\/10\/28\/analisis-de-los-atestados-policiales\/\"><img loading=\"lazy\" decoding=\"async\" class=\"wp-image-22580 size-full\" src=\"https:\/\/puntocritico.com\/ausajpuntocritico\/wp-content\/uploads\/2019\/10\/JAULA-Temporeras.jpg\" alt=\"\" width=\"591\" height=\"320\" data-id=\"22580\" srcset=\"https:\/\/puntocritico.com\/ausajpuntocritico\/wp-content\/uploads\/2019\/10\/JAULA-Temporeras.jpg 591w, https:\/\/puntocritico.com\/ausajpuntocritico\/wp-content\/uploads\/2019\/10\/JAULA-Temporeras-300x162.jpg 300w\" sizes=\"auto, (max-width: 591px) 100vw, 591px\" \/><\/a><figcaption id=\"caption-attachment-22580\" class=\"wp-caption-text\"><a href=\"https:\/\/puntocritico.com\/ausajpuntocritico\/2021\/10\/28\/analisis-de-los-atestados-policiales\/\"><span style=\"color: #008000;\">La Jaula d\u00f3nde viv\u00edan encerradas. Fotograf\u00eda obrante en el Atestado de la Guardia Civil<\/span><\/a><\/figcaption><\/figure>\n<div style=\"text-align: center;\">\u00a0<\/div>\n<p style=\"text-align: justify;\">\u00a0<\/p>\n<p style=\"text-align: center;\"><span style=\"font-size: 14pt;\"><em>Si la tromba de mi amenaza<\/em><\/span><\/p>\n<p style=\"text-align: center;\"><span style=\"font-size: 14pt;\"><em>pasajera cuando maldigo,<\/em><\/span><\/p>\n<p style=\"text-align: center;\"><span style=\"font-size: 14pt;\"><em>todo lo enturbia o deslavaza,<\/em><\/span><\/p>\n<p style=\"text-align: center;\"><span style=\"font-size: 14pt;\"><em>\u2013 <strong>La mudez sea conmigo.<\/strong>..<\/em><\/span><\/p>\n<p style=\"text-align: center;\">\u00a0<\/p>\n<p style=\"text-align: center;\"><a href=\"https:\/\/puntocritico.com\/ausajpuntocritico\/2018\/02\/27\/los-poetas-malditos-por-paul-verlaine-tristan-corbiere\/\"><span style=\"font-size: 14pt;\">Tristan Corbi\u00e8re<\/span><\/a><\/p>\n<p>&nbsp;<\/p>\n<figure id=\"attachment_12946\" aria-describedby=\"caption-attachment-12946\" style=\"width: 440px\" class=\"wp-caption aligncenter\"><img loading=\"lazy\" decoding=\"async\" class=\"wp-image-12946\" src=\"https:\/\/puntocritico.com\/ausajpuntocritico\/wp-content\/uploads\/2018\/07\/jornaleras-de-huelva-de-origen-marroqu\u00ed-IP-300x169.jpg\" alt=\"\" width=\"440\" height=\"247\" data-id=\"12946\" srcset=\"https:\/\/puntocritico.com\/ausajpuntocritico\/wp-content\/uploads\/2018\/07\/jornaleras-de-huelva-de-origen-marroqu\u00ed-IP-300x169.jpg 300w, https:\/\/puntocritico.com\/ausajpuntocritico\/wp-content\/uploads\/2018\/07\/jornaleras-de-huelva-de-origen-marroqu\u00ed-IP-267x150.jpg 267w, https:\/\/puntocritico.com\/ausajpuntocritico\/wp-content\/uploads\/2018\/07\/jornaleras-de-huelva-de-origen-marroqu\u00ed-IP.jpg 678w\" sizes=\"auto, (max-width: 440px) 100vw, 440px\" \/><figcaption id=\"caption-attachment-12946\" class=\"wp-caption-text\"><strong><span style=\"color: #008000;\">Esclavitud en la Espa\u00f1a del siglo XXI: Testimonio de una v\u00edctima de trata de personas (temporeras de Huelva) <\/span><\/strong><\/figcaption><\/figure>\n<p>&nbsp;<\/p>\n<h2 class=\"entry-title\" style=\"text-align: center;\"><a href=\"https:\/\/puntocritico.com\/2018\/08\/09\/esclavitud-en-la-espana-en-el-siglo-xxi-mas-que-los-actos-de-los-malos-me-horroriza-la-indiferencia-de-los-buenos\/\"><span style=\"font-size: 24pt;\">\u00abM\u00e1s que los actos de los malos, me horroriza la indiferencia de los buenos\u00bb<\/span><\/a><\/h2>\n<div class=\"articulo-encabezado-texto\">\n<div id=\"articulo-titulares\" class=\"articulo-titulares\">\n<p style=\"text-align: center;\"><span style=\"font-size: 18pt;\"><strong>***<\/strong><\/span><\/p>\n<p><a href=\"https:\/\/puntocritico.com\/ausajpuntocritico\/2018\/08\/19\/peligro-de-esclavitud-en-espana-la-justicia-debe-investigar-a-fondo-la-denuncia-por-trata-y-delitos-de-lesa-humanidad-de-las-temporeras-marroquies-en-huelva\/\"><span style=\"color: #008000; font-size: 14pt;\">EDITORIAL DE \u00abEL PA\u00cdS\u00bb<\/span><\/a><\/p>\n<h2 id=\"articulo-titulo\" class=\"articulo-titulo \" style=\"text-align: center;\"><span style=\"font-size: 24pt;\">Peligro de esclavitud en Espa\u00f1a<\/span><\/h2>\n<div class=\"articulo-subtitulos\">\n<p class=\"articulo-subtitulo\" style=\"text-align: center;\"><em><strong><span style=\"font-size: 18pt;\">La justicia debe investigar a fondo la denuncia por trata y delitos de lesa humanidad de las temporeras marroqu\u00edes en Huelva<\/span><\/strong><\/em><\/p>\n<p>EDITORIAL \u00abEL PAIS\u00bb, 18\/08\/2018<\/p>\n<p><a href=\"https:\/\/elpais.com\/elpais\/2018\/08\/17\/opinion\/1534529683_983617.html\" target=\"_blank\" rel=\"noopener\">https:\/\/elpais.com\/elpais\/2018\/08\/17\/opinion\/1534529683_983617.html<\/a><\/p>\n<p>&nbsp;<\/p>\n<\/div>\n<\/div>\n<\/div>\n<aside id=\"compartir_superior\" class=\"compartir\">\n<div class=\"compartir__interior\">\n<div id=\"compartir_social\" class=\"compartir-social\">\n<p style=\"text-align: justify;\"><span style=\"font-size: 14pt;\">Diez mujeres marroqu\u00edes han llegado hasta la Audiencia Nacional para denunciar las condiciones de explotaci\u00f3n, esclavizaci\u00f3n y acoso sexual que, conforme a sus declaraciones, han sufrido en una finca de Huelva a la que acudieron a trabajar en abril como temporeras de la fresa. Los testimonios que aportan constituyen un espeluznante relato de lo que llaman \u201ccosificaci\u00f3n\u201d de decenas de empleadas contratadas en origen a las que, una vez en el lugar de trabajo, se las confin\u00f3 en barracones met\u00e1licos sin agua, se les neg\u00f3 acceso a tratamiento m\u00e9dico cuando lo necesitaron y se les mengu\u00f3 o escatim\u00f3 el salario hasta provocar situaciones de hambre o mendicidad. Algunas de ellas denuncian tambi\u00e9n acoso sexual, agresi\u00f3n y presi\u00f3n para ejercer la prostituci\u00f3n con hombres que se acercaban a la finca.<\/span><\/p>\n<div id=\"elpais_gpt-INTEXT\" style=\"text-align: justify;\" data-google-query-id=\"CMLDj5ri99wCFU4UGwodPYoECw\">\n<div id=\"google_ads_iframe_\/7811748\/elpais_web\/opinion\/intext_0__container__\"><span style=\"font-size: 14pt;\">El relato de los hechos, que consideran constitutivos de delitos de \u201ctrata de seres humanos en concurso con delitos de lesa humanidad\u201d, se agrava adem\u00e1s por la ristra de dificultades que ha jalonado sus denuncias ante la Guardia Civil o juzgados de instrucci\u00f3n o el intento de devolverlas en contra de su voluntad a Marruecos, del que algunas escaparon. El juez de la Audiencia Nacional Santiago Pedraz ha abierto sumario y ha solicitado a la Fiscal\u00eda su criterio sobre la competencia de este tribunal ante los hechos al considerar que pueden ser delictivos.<\/span><\/div>\n<div>\u00a0<\/div>\n<\/div>\n<p style=\"text-align: justify;\"><span style=\"font-size: 14pt;\">La Fiscal\u00eda y la Audiencia deben aclarar la cuesti\u00f3n de competencia pero, corresponda a quien corresponda, las instituciones judiciales deben aclarar con la mayor diligencia la verdad sobre unos hechos que no puede albergar la Espa\u00f1a de 2018. Cerca de 17.000 marroqu\u00edes, normalmente madres con hijos a su cargo que no hablan espa\u00f1ol y de escasa formaci\u00f3n, se convierten cada a\u00f1o en temporeras en Huelva. Los tribunales espa\u00f1oles deben demostrar que son capaces de salvaguardar su integridad en caso de abuso y de perseguir a los supuestos responsables sin demora.<\/span><\/p>\n<p>&nbsp;<\/p>\n<\/div>\n<blockquote>\n<p style=\"text-align: center;\"><span style=\"color: #008000;\"><strong><span style=\"font-size: 14pt;\">Y, TRAS ESTE <a href=\"https:\/\/puntocritico.com\/ausajpuntocritico\/2018\/08\/19\/peligro-de-esclavitud-en-espana-la-justicia-debe-investigar-a-fondo-la-denuncia-por-trata-y-delitos-de-lesa-humanidad-de-las-temporeras-marroquies-en-huelva\/\">EDITORIAL<\/a>, CUANDO LA JUSTICIA SE NIEGA, DEFINITIVAMENTE, A INVESTIGAR, \u00bfCALLAN?<\/span><\/strong><\/span><\/p>\n<\/blockquote>\n<div id=\"compartir_social\" class=\"compartir-social\">\n<p style=\"text-align: justify;\">\u00a0<\/p>\n<blockquote>\n<p><a href=\"https:\/\/puntocritico.com\/ausajpuntocritico\/2018\/08\/19\/peligro-de-esclavitud-en-espana-la-justicia-debe-investigar-a-fondo-la-denuncia-por-trata-y-delitos-de-lesa-humanidad-de-las-temporeras-marroquies-en-huelva\/\"><img loading=\"lazy\" decoding=\"async\" class=\"aligncenter size-full wp-image-13748\" src=\"https:\/\/puntocritico.com\/ausajpuntocritico\/wp-content\/uploads\/2018\/08\/buzzfeed-temporeras-4-IP.jpg\" alt=\"\" width=\"678\" height=\"381\" data-id=\"13748\" srcset=\"https:\/\/puntocritico.com\/ausajpuntocritico\/wp-content\/uploads\/2018\/08\/buzzfeed-temporeras-4-IP.jpg 678w, https:\/\/puntocritico.com\/ausajpuntocritico\/wp-content\/uploads\/2018\/08\/buzzfeed-temporeras-4-IP-300x169.jpg 300w, https:\/\/puntocritico.com\/ausajpuntocritico\/wp-content\/uploads\/2018\/08\/buzzfeed-temporeras-4-IP-267x150.jpg 267w\" sizes=\"auto, (max-width: 678px) 100vw, 678px\" \/><\/a><\/p>\n<\/blockquote>\n<p style=\"text-align: center;\"><span style=\"color: #008000;\"><strong><span style=\"font-size: 18pt;\">*****<\/span><\/strong><\/span><\/p>\n<p style=\"text-align: center;\"><strong><span style=\"font-size: 18pt;\">SLAVERY IN SPAIN: Spanish democracy is a big piece of shit<\/span><\/strong><\/p>\n<h3 style=\"text-align: center;\"><span style=\"font-size: 18pt;\"><strong><a href=\"https:\/\/puntocritico.com\/ausajpuntocritico\/2018\/07\/17\/la-cosecha-sucia-de-europa-documental-aleman-sobre-las-formas-contemporaneas-de-esclavitud-desde-huelva-hasta-almeria\/\">\u00abLA COSECHA SUCIA DE EUROPA\u00bb<\/a><\/strong><\/span><\/h3>\n<p style=\"text-align: center;\"><span style=\"font-size: 18pt;\"><strong><em>Documental alem\u00e1n sobre las Formas Contempor\u00e1neas de Esclavitud; desde Huelva hasta Almer\u00eda<\/em><\/strong><\/span><\/p>\n<\/div>\n<\/div>\n<\/aside>\n<p style=\"text-align: center;\">\u00a0<\/p>\n<h1 style=\"text-align: center;\"><iframe loading=\"lazy\" src=\"\/\/player.vimeo.com\/video\/280271302?title=0&amp;amp;byline=0\" width=\"640\" height=\"480\" frameborder=\"0\" allowfullscreen=\"allowfullscreen\" data-mce-fragment=\"1\"><\/iframe><\/h1>\n<p style=\"text-align: center;\"><span style=\"font-size: 18pt;\">\u2666<span style=\"color: #339966;\">\u2666<span style=\"color: #000000;\">\u2666<\/span>\u2666<\/span>\u2666<span style=\"color: #008000;\">\u2666<\/span>\u2666<\/span><\/p>\n<div style=\"text-align: center;\">\n<h2 class=\"taFHO sc-bRBYWo cijsCw\"><span class=\"_1fHNK\" style=\"font-size: 24pt;\"> <a href=\"https:\/\/actualidad.rt.com\/actualidad\/286847-travesia-dolor-mujeres-marroquies-abusos-espana\" target=\"_blank\" rel=\"noopener\">Traves\u00eda de dolor<\/a>: Mujeres marroqu\u00edes denuncian abusos laborales y sexuales en Espa\u00f1a<\/span><\/h2>\n<div class=\"arcticle-summary\">\n<p><span style=\"font-size: 14pt;\"><em><strong>Llegaron legalmente a trabajar en el campo, pero encontraron abusos y desamparo de parte de las autoridades. Ahora, RT divulga sus clamores por justicia.<\/strong><\/em><\/span><\/p>\n<\/div>\n<div class=\"arcticle-media\">\u00a0<\/div>\n<p><iframe loading=\"lazy\" src=\"https:\/\/player.vimeo.com\/video\/288054799\" width=\"640\" height=\"480\" frameborder=\"0\" allowfullscreen=\"allowfullscreen\" data-mce-fragment=\"1\"><\/iframe><\/div>\n<div>\u00a0<\/div>\n<div>\u00a0<\/div>\n<div><span style=\"color: #008000;\">Francisco Guaita RT Espa\u00f1a<\/span>\u00a0<\/div>\n<div><span style=\"color: #008000;\">Publicado el 29 de agosto de 2018<\/span><\/div>\n<div style=\"text-align: center;\">\n<p style=\"text-align: left;\"><a href=\"https:\/\/actualidad.rt.com\/actualidad\/286847-travesia-dolor-mujeres-marroquies-abusos-espana\" target=\"_blank\" rel=\"noopener\">https:\/\/actualidad.rt.com\/actualidad\/286847-travesia-dolor-mujeres-marroquies-abusos-espana<\/a><\/p>\n<p style=\"text-align: justify;\"><span style=\"font-size: 14pt;\">Andaluc\u00eda, en el sur de Espa\u00f1a, se ha convertido en el refugio de diez mujeres marroqu\u00edes que llegaron legalmente el pasado mes de abril bajo la promesa de trabajo digno.\u00a0En su lugar, seg\u00fan relatan a RT, se encontraron con\u00a0una\u00a0<strong>pesadilla<\/strong>.<\/span><\/p>\n<p>&nbsp;<\/p>\n<p style=\"text-align: left;\"><a href=\"https:\/\/puntocritico.com\/ausajpuntocritico\/wp-content\/uploads\/2018\/09\/jornaleras-de-huelva-RT-2.png\" rel=\"lightbox[2290853]\"><img loading=\"lazy\" decoding=\"async\" class=\"aligncenter wp-image-13934 size-mh-magazine-content\" src=\"https:\/\/puntocritico.com\/ausajpuntocritico\/wp-content\/uploads\/2018\/09\/jornaleras-de-huelva-RT-2-678x381.png\" alt=\"\" width=\"678\" height=\"381\" srcset=\"https:\/\/puntocritico.com\/ausajpuntocritico\/wp-content\/uploads\/2018\/09\/jornaleras-de-huelva-RT-2-678x381.png 678w, https:\/\/puntocritico.com\/ausajpuntocritico\/wp-content\/uploads\/2018\/09\/jornaleras-de-huelva-RT-2-300x169.png 300w, https:\/\/puntocritico.com\/ausajpuntocritico\/wp-content\/uploads\/2018\/09\/jornaleras-de-huelva-RT-2-768x432.png 768w, https:\/\/puntocritico.com\/ausajpuntocritico\/wp-content\/uploads\/2018\/09\/jornaleras-de-huelva-RT-2-1024x575.png 1024w, https:\/\/puntocritico.com\/ausajpuntocritico\/wp-content\/uploads\/2018\/09\/jornaleras-de-huelva-RT-2-267x150.png 267w, https:\/\/puntocritico.com\/ausajpuntocritico\/wp-content\/uploads\/2018\/09\/jornaleras-de-huelva-RT-2.png 1566w\" sizes=\"auto, (max-width: 678px) 100vw, 678px\" \/><\/a><\/p>\n<p>&nbsp;<\/p>\n<p style=\"text-align: justify;\"><span style=\"font-size: 14pt;\">\u00abYo denuncio que he venido a trabajar y\u00a0<strong>no me han pagado. Nada de nada<\/strong>\u00ab,\u00a0asevera\u00a0una de\u00a0las j\u00f3venes que viajaron a\u00a0la naci\u00f3n europea esperando recibir\u00a040 euros al d\u00eda por trabajar los campos de fresa de la provincia de Huelva, para luego volver con dinero a Marruecos.\u00a0\u00abYo he venido a denunciar a mi jefe, que\u00a0<strong>abus\u00f3 sexualmente de m\u00ed<\/strong>\u00ab, afirma otra de ellas.<\/span><\/p>\n<p style=\"text-align: justify;\">\u00a0<\/p>\n<p><a href=\"https:\/\/puntocritico.com\/ausajpuntocritico\/wp-content\/uploads\/2018\/09\/jornaleras-de-Huelva-RT-3.png\" rel=\"lightbox[2290853]\"><img loading=\"lazy\" decoding=\"async\" class=\"aligncenter wp-image-13936 size-mh-magazine-content\" src=\"https:\/\/puntocritico.com\/ausajpuntocritico\/wp-content\/uploads\/2018\/09\/jornaleras-de-Huelva-RT-3-678x381.png\" alt=\"\" width=\"678\" height=\"381\" srcset=\"https:\/\/puntocritico.com\/ausajpuntocritico\/wp-content\/uploads\/2018\/09\/jornaleras-de-Huelva-RT-3-678x381.png 678w, https:\/\/puntocritico.com\/ausajpuntocritico\/wp-content\/uploads\/2018\/09\/jornaleras-de-Huelva-RT-3-300x168.png 300w, https:\/\/puntocritico.com\/ausajpuntocritico\/wp-content\/uploads\/2018\/09\/jornaleras-de-Huelva-RT-3-768x431.png 768w, https:\/\/puntocritico.com\/ausajpuntocritico\/wp-content\/uploads\/2018\/09\/jornaleras-de-Huelva-RT-3-267x150.png 267w, https:\/\/puntocritico.com\/ausajpuntocritico\/wp-content\/uploads\/2018\/09\/jornaleras-de-Huelva-RT-3.png 900w\" sizes=\"auto, (max-width: 678px) 100vw, 678px\" \/><\/a><\/p>\n<\/div>\n<div>\u00a0<\/div>\n<div style=\"text-align: center;\"><span style=\"font-size: 18pt;\">\u2666<span style=\"color: #339966;\">\u2666<\/span>\u2666<span style=\"color: #008000;\">\u2666<\/span>\u2666<span style=\"color: #008000;\">\u2666<\/span>\u2666<\/span><\/div>\n<div>\u00a0<\/div>\n<div>\n<p class=\"entry-title\" style=\"text-align: justify;\"><a href=\"https:\/\/puntocritico.com\/ausajpuntocritico\/2018\/08\/19\/peligro-de-esclavitud-en-espana-la-justicia-debe-investigar-a-fondo-la-denuncia-por-trata-y-delitos-de-lesa-humanidad-de-las-temporeras-marroquies-en-huelva\/\"><span style=\"font-size: 14pt;\">EDITORIAL DE \u00abEL PA\u00cdS\u00bb: \u00abPELIGRO DE ESCLAVITUD EN ESPA\u00d1A: La justicia debe investigar a fondo la denuncia por trata y delitos de lesa humanidad de las temporeras marroqu\u00edes en Huelva\u00bb<\/span><\/a><\/p>\n<p class=\"mh-meta entry-meta\">\u00a0<\/p>\n<\/div>\n<blockquote class=\"wp-embedded-content\" data-secret=\"2FdF2zyt0b\"><p><a href=\"https:\/\/puntocritico.com\/ausajpuntocritico\/2021\/10\/14\/esclavitud-laboral-y-sexual-la-trata-de-personas-en-los-campos-de-fresas-de-huelva-antecedentes-publicados-2001-2010-2\/\">ESCLAVITUD LABORAL Y SEXUAL. LA TRATA DE PERSONAS EN LOS CAMPOS DE FRESAS DE HUELVA: ANTECEDENTES PUBLICADOS (2001 \u2013 2010)<\/a><\/p><\/blockquote>\n<p><iframe loading=\"lazy\" class=\"wp-embedded-content\" sandbox=\"allow-scripts\" security=\"restricted\" style=\"position: absolute; clip: rect(1px, 1px, 1px, 1px);\" title=\"\u00abESCLAVITUD LABORAL Y SEXUAL. LA TRATA DE PERSONAS EN LOS CAMPOS DE FRESAS DE HUELVA: ANTECEDENTES PUBLICADOS (2001 \u2013 2010)\u00bb \u2014 Punto Cr\u00edtico Derechos Humanos\" src=\"https:\/\/puntocritico.com\/ausajpuntocritico\/2021\/10\/14\/esclavitud-laboral-y-sexual-la-trata-de-personas-en-los-campos-de-fresas-de-huelva-antecedentes-publicados-2001-2010-2\/embed\/#?secret=xGRgH0iFOp#?secret=2FdF2zyt0b\" data-secret=\"2FdF2zyt0b\" width=\"500\" height=\"282\" frameborder=\"0\" marginwidth=\"0\" marginheight=\"0\" scrolling=\"no\"><\/iframe><\/p>\n<blockquote class=\"wp-embedded-content\" data-secret=\"6OYwE51Opa\"><p><a href=\"https:\/\/puntocritico.com\/ausajpuntocritico\/2021\/10\/07\/de-la-contratacion-en-origen-a-la-trata\/\">\u00abDe la contrataci\u00f3n en origen a la trata de seres humanos: El caso de las temporeras de la fresa\u00bb, por Gloria Almarcha D\u00edaz<\/a><\/p><\/blockquote>\n<p><iframe loading=\"lazy\" class=\"wp-embedded-content\" sandbox=\"allow-scripts\" security=\"restricted\" style=\"position: absolute; clip: rect(1px, 1px, 1px, 1px);\" title=\"\u00ab\u00abDe la contrataci\u00f3n en origen a la trata de seres humanos: El caso de las temporeras de la fresa\u00bb, por Gloria Almarcha D\u00edaz\u00bb \u2014 Punto Cr\u00edtico Derechos Humanos\" src=\"https:\/\/puntocritico.com\/ausajpuntocritico\/2021\/10\/07\/de-la-contratacion-en-origen-a-la-trata\/embed\/#?secret=vEnRhCj5Wi#?secret=6OYwE51Opa\" data-secret=\"6OYwE51Opa\" width=\"500\" height=\"282\" frameborder=\"0\" marginwidth=\"0\" marginheight=\"0\" scrolling=\"no\"><\/iframe><\/p>\n<blockquote class=\"wp-embedded-content\" data-secret=\"phcNeYiU1G\"><p><a href=\"https:\/\/puntocritico.com\/ausajpuntocritico\/2019\/12\/26\/el-martirio-judicial-de-las-temporeras-marroquies-de-la-fresa-la-esclavitud-en-espana-es-cuestion-de-estado\/\">El martirio judicial de las temporeras marroqu\u00edes de la fresa: La Esclavitud, en Espa\u00f1a, es Cuesti\u00f3n de Estado<\/a><\/p><\/blockquote>\n<p><iframe loading=\"lazy\" class=\"wp-embedded-content\" sandbox=\"allow-scripts\" security=\"restricted\" style=\"position: absolute; clip: rect(1px, 1px, 1px, 1px);\" title=\"\u00abEl martirio judicial de las temporeras marroqu\u00edes de la fresa: La Esclavitud, en Espa\u00f1a, es Cuesti\u00f3n de Estado\u00bb \u2014 Punto Cr\u00edtico Derechos Humanos\" src=\"https:\/\/puntocritico.com\/ausajpuntocritico\/2019\/12\/26\/el-martirio-judicial-de-las-temporeras-marroquies-de-la-fresa-la-esclavitud-en-espana-es-cuestion-de-estado\/embed\/#?secret=qKZcXFZ5ax#?secret=phcNeYiU1G\" data-secret=\"phcNeYiU1G\" width=\"500\" height=\"282\" frameborder=\"0\" marginwidth=\"0\" marginheight=\"0\" scrolling=\"no\"><\/iframe><\/p>\n<blockquote class=\"wp-embedded-content\" data-secret=\"kJqiIzYnn0\"><p><a href=\"https:\/\/puntocritico.com\/ausajpuntocritico\/2020\/03\/01\/temporeras-contra-la-esclavitud-el-trabajo-de-ausaj-censurado-en-espana-premiado-en-el-certamen-juridico-internacional-de-caen-franciarelato-sobre-la-esclavitud-por-suen-k-gift\/\">TEMPORERAS CONTRA LA ESCLAVITUD: El trabajo de AUSAJ, censurado en Espa\u00f1a, premiado en el Certamen Jur\u00eddico Internacional de Caen (Francia). \u00abSobre la esclavitud\u00bb, por SUEN K. GIFT<\/a><\/p><\/blockquote>\n<p><iframe loading=\"lazy\" class=\"wp-embedded-content\" sandbox=\"allow-scripts\" security=\"restricted\" style=\"position: absolute; clip: rect(1px, 1px, 1px, 1px);\" title=\"\u00abTEMPORERAS CONTRA LA ESCLAVITUD: El trabajo de AUSAJ, censurado en Espa\u00f1a, premiado en el Certamen Jur\u00eddico Internacional de Caen (Francia). \u00abSobre la esclavitud\u00bb, por SUEN K. GIFT\u00bb \u2014 Punto Cr\u00edtico Derechos Humanos\" src=\"https:\/\/puntocritico.com\/ausajpuntocritico\/2020\/03\/01\/temporeras-contra-la-esclavitud-el-trabajo-de-ausaj-censurado-en-espana-premiado-en-el-certamen-juridico-internacional-de-caen-franciarelato-sobre-la-esclavitud-por-suen-k-gift\/embed\/#?secret=OcFiCteDZq#?secret=kJqiIzYnn0\" data-secret=\"kJqiIzYnn0\" width=\"500\" height=\"282\" frameborder=\"0\" marginwidth=\"0\" marginheight=\"0\" scrolling=\"no\"><\/iframe><\/p>\n<blockquote class=\"wp-embedded-content\" data-secret=\"f2PGA4PvGC\"><p><a href=\"https:\/\/puntocritico.com\/ausajpuntocritico\/2021\/11\/04\/temporeras-contra-la-esclavitud-analisis-de-los-informes-de-la-inspeccion-de-trabajo-en-la-demanda-de-amparo-constitucional\/\">TEMPORERAS CONTRA LA ESCLAVITUD: AN\u00c1LISIS DE LOS INFORMES DE LA INSPECCI\u00d3N DE TRABAJO EN LA DEMANDA DE AMPARO CONSTITUCIONAL<\/a><\/p><\/blockquote>\n<p><iframe loading=\"lazy\" class=\"wp-embedded-content\" sandbox=\"allow-scripts\" security=\"restricted\" style=\"position: absolute; clip: rect(1px, 1px, 1px, 1px);\" title=\"\u00abTEMPORERAS CONTRA LA ESCLAVITUD: AN\u00c1LISIS DE LOS INFORMES DE LA INSPECCI\u00d3N DE TRABAJO EN LA DEMANDA DE AMPARO CONSTITUCIONAL\u00bb \u2014 Punto Cr\u00edtico Derechos Humanos\" src=\"https:\/\/puntocritico.com\/ausajpuntocritico\/2021\/11\/04\/temporeras-contra-la-esclavitud-analisis-de-los-informes-de-la-inspeccion-de-trabajo-en-la-demanda-de-amparo-constitucional\/embed\/#?secret=4qc1W0YVVZ#?secret=f2PGA4PvGC\" data-secret=\"f2PGA4PvGC\" width=\"500\" height=\"282\" frameborder=\"0\" marginwidth=\"0\" marginheight=\"0\" scrolling=\"no\"><\/iframe><\/p>\n<p>https:\/\/puntocritico.com\/2018\/08\/07\/damas-de-fresas-por-chadia-arab-denuncia-de-las-jornaleras-ante-audiencia-nacional\/<\/p>\n<aside id=\"compartir_superior\" class=\"compartir\">\n<div class=\"compartir__interior\">\n<div id=\"compartir_social\" class=\"compartir-social\">\n<p>https:\/\/puntocritico.com\/2019\/04\/16\/the-guardian-violacion-y-abuso-el-precio-de-un-trabajo-en-la-industria-de-la-fresa-en-espana\/<\/p>\n<\/div>\n<\/div>\n<\/aside>\n<blockquote class=\"wp-embedded-content\" data-secret=\"NG2kgKCvqW\"><p><a href=\"https:\/\/puntocritico.com\/ausajpuntocritico\/2019\/09\/15\/jueces-juezas-y-tratantes-de-esclavas-temporeras-contra-la-esclavitud-recurso-contra-auto-de-archivo-juzgado-de-instruccion-numero-1-de-la-palma-del-condado-huelva\/\">JUECES, JUEZAS Y TRATANTES DE ESCLAVAS: TEMPORERAS CONTRA LA ESCLAVITUD: RECURSO CONTRA AUTO DE ARCHIVO (Juzgado de Instrucci\u00f3n n\u00famero 1 de La Palma del Condado, Huelva)<\/a><\/p><\/blockquote>\n<p><iframe loading=\"lazy\" class=\"wp-embedded-content\" sandbox=\"allow-scripts\" security=\"restricted\" style=\"position: absolute; clip: rect(1px, 1px, 1px, 1px);\" title=\"\u00abJUECES, JUEZAS Y TRATANTES DE ESCLAVAS: TEMPORERAS CONTRA LA ESCLAVITUD: RECURSO CONTRA AUTO DE ARCHIVO (Juzgado de Instrucci\u00f3n n\u00famero 1 de La Palma del Condado, Huelva)\u00bb \u2014 Punto Cr\u00edtico Derechos Humanos\" src=\"https:\/\/puntocritico.com\/ausajpuntocritico\/2019\/09\/15\/jueces-juezas-y-tratantes-de-esclavas-temporeras-contra-la-esclavitud-recurso-contra-auto-de-archivo-juzgado-de-instruccion-numero-1-de-la-palma-del-condado-huelva\/embed\/#?secret=ZkheZUOLLY#?secret=NG2kgKCvqW\" data-secret=\"NG2kgKCvqW\" width=\"500\" height=\"282\" frameborder=\"0\" marginwidth=\"0\" marginheight=\"0\" scrolling=\"no\"><\/iframe><\/p>\n<blockquote class=\"wp-embedded-content\" data-secret=\"sCoDUsaKIF\"><p><a href=\"https:\/\/puntocritico.com\/ausajpuntocritico\/2022\/01\/13\/temporeras-contra-la-esclavitud-el-mundo-el-diario-de-la-bola-y-el-bulo\/\">TEMPORERAS CONTRA LA ESCLAVITUD: LA TRAMA MEDI\u00c1TICA DE LA ORGANIZACI\u00d3N CRIMINAL DE TRATANTES DE SERES HUMANOS (1): El Mundo, el Diario de la BOLA y el BULO.<\/a><\/p><\/blockquote>\n<p><iframe loading=\"lazy\" class=\"wp-embedded-content\" sandbox=\"allow-scripts\" security=\"restricted\" style=\"position: absolute; clip: rect(1px, 1px, 1px, 1px);\" title=\"\u00abTEMPORERAS CONTRA LA ESCLAVITUD: LA TRAMA MEDI\u00c1TICA DE LA ORGANIZACI\u00d3N CRIMINAL DE TRATANTES DE SERES HUMANOS (1): El Mundo, el Diario de la BOLA y el BULO.\u00bb \u2014 Punto Cr\u00edtico Derechos Humanos\" src=\"https:\/\/puntocritico.com\/ausajpuntocritico\/2022\/01\/13\/temporeras-contra-la-esclavitud-el-mundo-el-diario-de-la-bola-y-el-bulo\/embed\/#?secret=Ir1KCbbjqq#?secret=sCoDUsaKIF\" data-secret=\"sCoDUsaKIF\" width=\"500\" height=\"282\" frameborder=\"0\" marginwidth=\"0\" marginheight=\"0\" scrolling=\"no\"><\/iframe><\/p>\n<p>&nbsp;<\/p>\n<p>&nbsp;<\/p>\n<p><a href=\"https:\/\/puntocritico.com\/ausajpuntocritico\/author\/punto-critico\/\"><img loading=\"lazy\" decoding=\"async\" class=\"aligncenter wp-image-9528\" src=\"https:\/\/puntocritico.com\/ausajpuntocritico\/wp-content\/uploads\/2018\/03\/Mosca_Punto_Cr\u00edtico_40.png\" alt=\"\" width=\"80\" height=\"80\" data-id=\"9528\" \/><\/a><\/p>\n<p>&nbsp;<\/p>\n","protected":false},"excerpt":{"rendered":"<div class=\"mh-excerpt\"><p>Spanish democracy is a big piece of shit Indice \u2013 Esclavitud en la Espa\u00f1a del siglo XXI LA ESCLAVITUD DE LAS MUJERES M\u00c1S VULNERABLES ES UN HECHO EN LA ESPA\u00d1A \u00abFEMINISTA\u00ab LA IZQUIERDA MERCENARIA SE <a class=\"mh-excerpt-more\" href=\"https:\/\/puntocritico.com\/ausajpuntocritico\/2023\/11\/20\/spanish-democracy-is-a-big-piece-of-shit\/\" title=\"SLAVERY IN SPAIN: Spanish democracy is a big piece of shit\">[&#8230;]<\/a><\/p>\n<\/div>","protected":false},"author":3,"featured_media":2197617,"comment_status":"closed","ping_status":"closed","sticky":false,"template":"","format":"standard","meta":{"_acf_changed":false,"_exactmetrics_skip_tracking":false,"_exactmetrics_sitenote_active":false,"_exactmetrics_sitenote_note":"","_exactmetrics_sitenote_category":0,"footnotes":""},"categories":[6],"tags":[],"class_list":{"0":"post-2290853","1":"post","2":"type-post","3":"status-publish","4":"format-standard","5":"has-post-thumbnail","7":"category-justicia"},"acf":[],"_links":{"self":[{"href":"https:\/\/puntocritico.com\/ausajpuntocritico\/wp-json\/wp\/v2\/posts\/2290853","targetHints":{"allow":["GET"]}}],"collection":[{"href":"https:\/\/puntocritico.com\/ausajpuntocritico\/wp-json\/wp\/v2\/posts"}],"about":[{"href":"https:\/\/puntocritico.com\/ausajpuntocritico\/wp-json\/wp\/v2\/types\/post"}],"author":[{"embeddable":true,"href":"https:\/\/puntocritico.com\/ausajpuntocritico\/wp-json\/wp\/v2\/users\/3"}],"replies":[{"embeddable":true,"href":"https:\/\/puntocritico.com\/ausajpuntocritico\/wp-json\/wp\/v2\/comments?post=2290853"}],"version-history":[{"count":0,"href":"https:\/\/puntocritico.com\/ausajpuntocritico\/wp-json\/wp\/v2\/posts\/2290853\/revisions"}],"wp:featuredmedia":[{"embeddable":true,"href":"https:\/\/puntocritico.com\/ausajpuntocritico\/wp-json\/wp\/v2\/media\/2197617"}],"wp:attachment":[{"href":"https:\/\/puntocritico.com\/ausajpuntocritico\/wp-json\/wp\/v2\/media?parent=2290853"}],"wp:term":[{"taxonomy":"category","embeddable":true,"href":"https:\/\/puntocritico.com\/ausajpuntocritico\/wp-json\/wp\/v2\/categories?post=2290853"},{"taxonomy":"post_tag","embeddable":true,"href":"https:\/\/puntocritico.com\/ausajpuntocritico\/wp-json\/wp\/v2\/tags?post=2290853"}],"curies":[{"name":"wp","href":"https:\/\/api.w.org\/{rel}","templated":true}]}}