{"id":2290628,"date":"2023-11-16T00:05:02","date_gmt":"2023-11-15T23:05:02","guid":{"rendered":"https:\/\/puntocritico.com\/ausajpuntocritico\/?p=2290628"},"modified":"2024-12-04T18:45:31","modified_gmt":"2024-12-04T17:45:31","slug":"proposicion-de-ley-organica-de-amnistia","status":"publish","type":"post","link":"https:\/\/puntocritico.com\/ausajpuntocritico\/2023\/11\/16\/proposicion-de-ley-organica-de-amnistia\/","title":{"rendered":"LA JUSTICIA BIEN VALE UNA REVOLUCI\u00d3N: \u00abProposici\u00f3n de Ley Org\u00e1nica de amnist\u00eda para la normalizaci\u00f3n institucional, pol\u00edtica y social en Catalu\u00f1a\u00bb"},"content":{"rendered":"<p style=\"text-align: justify;\"><strong><span style=\"font-size: 14pt; color: #008000;\"><span class=\"a\">Proposici\u00f3n de Ley Org\u00e1nica de amnist\u00eda<\/span><\/span><\/strong><\/p>\n\n<p>&nbsp;<\/p>\n<blockquote>\n<h2 class=\"entry-title\" style=\"text-align: center;\"><span style=\"font-size: 24pt;\">LA JUSTICIA BIEN VALE UNA REVOLUCI\u00d3N, por Albert Camus<\/span><\/h2>\n<p class=\"mh-meta entry-meta\"><img loading=\"lazy\" decoding=\"async\" class=\"aligncenter wp-image-1303\" src=\"https:\/\/puntocritico.com\/ausajpuntocritico\/wp-content\/uploads\/2017\/02\/Albert_Camus_1-300x199.jpg\" alt=\"\" width=\"440\" height=\"292\" data-id=\"1303\" srcset=\"https:\/\/puntocritico.com\/ausajpuntocritico\/wp-content\/uploads\/2017\/02\/Albert_Camus_1-300x199.jpg 300w, https:\/\/puntocritico.com\/ausajpuntocritico\/wp-content\/uploads\/2017\/02\/Albert_Camus_1-678x452.jpg 678w, https:\/\/puntocritico.com\/ausajpuntocritico\/wp-content\/uploads\/2017\/02\/Albert_Camus_1.jpg 680w\" sizes=\"auto, (max-width: 440px) 100vw, 440px\" \/><\/p>\n<p>&nbsp;<\/p>\n<p id=\"post-1233\" class=\"storytitle\" style=\"text-align: center;\"><span style=\"font-family: arial, helvetica, sans-serif; font-size: 14pt;\"><em><strong>\u201cNo es absolutamente necesario que las doctrinas pol\u00edticas sean nuevas. La pol\u00edtica (no decimos la acci\u00f3n) no tiene nada que hacer con el genio. Los asuntos humanos son complicados en el detalle, pero sencillos en su principio. Puede hacerse muy bien la justicia social sin una filosof\u00eda ingeniosa. Exige algunas verdades de sentido com\u00fan, y estas cosas sencillas que se llaman clarividencia, energ\u00eda y desinter\u00e9s.<\/strong><\/em><em><strong>Las doctrinas no son eficaces por su novedad, sino \u00fanicamente por la energ\u00eda que arrastran consigo y por el esp\u00edritu de sacrificio de los hombres que las sirven. Hay cierta forma de la doctrina socialista que nosotros detestamos todav\u00eda m\u00e1s que las pol\u00edticas de tiran\u00eda. Es la que descansa en el optimismo, la que se prevale del amor a la humanidad para evitarse tener que servir a los hombres, la que invoca al progreso inevitable para esquivar las cuestiones de salarios y apela a la paz universal para soslayar los sacrificios necesarios. Este socialismo est\u00e1 hecho, sobre todo, con el sacrifico de los obreros. Nunca ha comprometido al que lo profesaba. En una palabra, este socialismo tiene miedo de todo y de la revoluci\u00f3n.\u201d<\/strong><\/em><\/span><\/p>\n<div class=\"storycontent\">\n<p style=\"text-align: center;\"><strong><span style=\"font-family: arial, helvetica, sans-serif; font-size: 18pt; color: #008000;\">***<\/span><\/strong><\/p>\n<p style=\"text-align: justify;\"><span style=\"font-family: arial, helvetica, sans-serif; font-size: 14pt;\"><span lang=\"ES-TRAD\"><strong>C<\/strong><\/span>uanto m\u00e1s se reflexiona en ello, m\u00e1s se persuade uno de que una doctrina socialista est\u00e1 tomando cuerpo en amplias fracciones de la opini\u00f3n p\u00fablica. Ayer ya lo indic\u00e1bamos. Pero el tema merece la pena de que a\u00f1adamos algunas precisiones. Pues, en fin de cuentas, nada de todo ello es original. Algunos cr\u00edticos mal predispuestos podr\u00edan asombrarse de que los hombres de la Resistencia y muchos franceses con ellos hayan hecho tantos esfuerzos para llegar ah\u00ed.<\/span><\/p>\n<p style=\"text-align: justify;\"><span style=\"font-family: arial, helvetica, sans-serif; font-size: 14pt;\"><span lang=\"ES-TRAD\"><strong>P<\/strong><\/span>ero, en primer lugar, no es absolutamente necesario que las doctrinas pol\u00edticas sean nuevas. La pol\u00edtica (no decimos la acci\u00f3n) no tiene nada que hacer con el genio. Los asuntos humanos son complicados en el detalle, pero sencillos en su principio.<\/span><\/p>\n<p style=\"text-align: justify;\"><span style=\"font-family: arial, helvetica, sans-serif; font-size: 14pt;\"><span lang=\"ES-TRAD\"><strong>P<\/strong><\/span>uede hacerse muy bien la justicia social sin una filosof\u00eda ingeniosa. Exige algunas verdades de sentido com\u00fan, y estas cosas sencillas que se llaman clarividencia, energ\u00eda y desinter\u00e9s. En estas materias, querer hacer cosas nuevas a toda costa es trabajar para el a\u00f1o tres mil. Y es enseguida, ma\u00f1ana mismo si es posible, cuando los asuntos de nuestra sociedad deben ser puestos en orden.<\/span><\/p>\n<p style=\"text-align: justify;\"><span style=\"font-family: arial, helvetica, sans-serif; font-size: 14pt;\"><span lang=\"ES-TRAD\"><strong>E<\/strong><\/span>n segundo lugar, las doctrinas no son eficaces por su novedad, sino \u00fanicamente por la energ\u00eda que arrastran consigo y por el esp\u00edritu de sacrificio de los hombres que las sirven. Es dif\u00edcil saber si el socialismo te\u00f3rico ha representado algo profundo para los socialistas de la III Rep\u00fablica. Pero hoy es una quemadura lancinante para muchos hombres. Es que da forma a la impaciencia y a la fiebre de justicia que las anima.<\/span><\/p>\n<p style=\"text-align: justify;\"><span style=\"font-family: arial, helvetica, sans-serif; font-size: 14pt;\"><span lang=\"ES-TRAD\"><strong>F<\/strong><\/span>inalmente, quiz\u00e1 es en nombre de una idea disminuida del socialismo como se llega a estar casi convencido para creer que el hecho de haber llegado a eso es poca cosa. Hay cierta forma de esta doctrina que nosotros detestamos todav\u00eda m\u00e1s que las pol\u00edticas de tiran\u00eda. Es la que descansa en el optimismo, la que se prevale del amor a la humanidad para evitarse tener que servir a los hombres, la que invoca al progreso inevitable para esquivar las cuestiones de salarios y apela a la paz universal para soslayar los sacrificios necesarios. Este socialismo est\u00e1 hecho, sobre todo, con el sacrifico de los obreros. Nunca ha comprometido al que lo profesaba. En una palabra, este socialismo tiene miedo de todo y de la revoluci\u00f3n.<\/span><\/p>\n<p style=\"text-align: justify;\"><span style=\"font-family: arial, helvetica, sans-serif; font-size: 14pt;\"><span lang=\"ES-TRAD\"><strong>T<\/strong><\/span>odos hemos conocido eso. Y es cierto que ser\u00eda bien poca cosa si volvi\u00e9ramos a \u00e9l. Pero existe otro socialismo que est\u00e1 decidido a pagar. Rechaza por igual la mentira y la debilidad. No se plantea la f\u00fatil cuesti\u00f3n del progreso, pero est\u00e1 persuadido de que la suerte del hombre sigue estando en las manos del hombre.<\/span><\/p>\n<p style=\"text-align: justify;\"><span style=\"font-family: arial, helvetica, sans-serif; font-size: 14pt;\"><span lang=\"ES-TRAD\"><strong>N<\/strong><\/span>o cree en las doctrinas absolutas e infalibles, sino en la obstinada mejora, ca\u00f3tica pero incansable, de la condici\u00f3n humana. La justicia, para \u00e9l, bien vale una revoluci\u00f3n. Y si \u00e9sta le es m\u00e1s dif\u00edcil que a otros, porque \u00e9l no profesa el desprecio del hombre, tambi\u00e9n tiene m\u00e1s oportunidades de no pedir m\u00e1s que sacrificios que sean \u00fatiles. En cuanto a saber si tal disposici\u00f3n del coraz\u00f3n y del esp\u00edritu puede traducirse en los hechos, es un punto sobre el que volveremos.<\/span><\/p>\n<p style=\"text-align: justify;\"><span style=\"font-family: arial, helvetica, sans-serif; font-size: 14pt;\"><span lang=\"ES-TRAD\"><strong>Q<\/strong><\/span>uer\u00edamos hoy disipar algunos equ\u00edvocos. Es evidente que el socialismo de la III Rep\u00fablica no ha respondido a las exigencias que acabamos de formular. Hoy tiene la oportunidad de reformarse. Nosotros lo deseamos. Deseamos tambi\u00e9n que los hombres de la Resistencia y los franceses que se sienten de acuerdo con ellos conserven intactas estas exigencias fundamentales.<\/span><\/p>\n<p style=\"text-align: justify;\"><span style=\"font-family: arial, helvetica, sans-serif; font-size: 14pt;\"><span lang=\"ES-TRAD\"><strong>P<\/strong><\/span>ues si el socialismo tradicional quiere reformarse, no lo har\u00e1 \u00fanicamente llamando a sus filas a estos hombres nuevos que empiezan a tomar conciencia de esta nueva doctrina. Lo har\u00e1 viniendo \u00e9l mismo a esta doctrina y aceptando incorporarse totalmente a ella. No hay socialismo sin un compromiso y una fidelidad de todo el ser; esto es lo que sabemos hoy. Y esto es lo que es nuevo.<\/span><\/p>\n<p style=\"text-align: right;\"><span style=\"font-family: arial, helvetica, sans-serif; font-size: 14pt;\"><em>\u201cCombat\u201d, 24 de noviembre de 1944.<\/em><\/span><\/p>\n<p style=\"text-align: center;\"><span style=\"font-family: arial, helvetica, sans-serif; font-size: 18pt; color: #008000;\">***<\/span><\/p>\n<p style=\"text-align: justify;\"><span style=\"font-family: arial, helvetica, sans-serif; font-size: 14pt;\"><strong>ALBERT CAMUS<\/strong>, <em>Ensayos-Actualidades 1, cap. VII<\/em>. Obras completas, Aguilar, 1968. [Filosof\u00eda Digital, 02\/07\/2008]<\/span><\/p>\n<\/div>\n<p>&nbsp;<\/p>\n<figure id=\"attachment_22926\" aria-describedby=\"caption-attachment-22926\" style=\"width: 480px\" class=\"wp-caption aligncenter\"><img loading=\"lazy\" decoding=\"async\" class=\"wp-image-22926\" src=\"https:\/\/puntocritico.com\/ausajpuntocritico\/wp-content\/uploads\/2019\/10\/Manifestantes-llegado-a-Barcelona-18-10-19-300x169.jpg\" alt=\"\" width=\"480\" height=\"270\" data-id=\"22926\" srcset=\"https:\/\/puntocritico.com\/ausajpuntocritico\/wp-content\/uploads\/2019\/10\/Manifestantes-llegado-a-Barcelona-18-10-19-300x169.jpg 300w, https:\/\/puntocritico.com\/ausajpuntocritico\/wp-content\/uploads\/2019\/10\/Manifestantes-llegado-a-Barcelona-18-10-19-768x432.jpg 768w, https:\/\/puntocritico.com\/ausajpuntocritico\/wp-content\/uploads\/2019\/10\/Manifestantes-llegado-a-Barcelona-18-10-19-1024x576.jpg 1024w, https:\/\/puntocritico.com\/ausajpuntocritico\/wp-content\/uploads\/2019\/10\/Manifestantes-llegado-a-Barcelona-18-10-19-678x381.jpg 678w, https:\/\/puntocritico.com\/ausajpuntocritico\/wp-content\/uploads\/2019\/10\/Manifestantes-llegado-a-Barcelona-18-10-19.jpg 1900w\" sizes=\"auto, (max-width: 480px) 100vw, 480px\" \/><figcaption id=\"caption-attachment-22926\" class=\"wp-caption-text\"><span style=\"color: #008000;\">Manifestantes llegando a Barcelona, 18 octubre 2019<\/span><\/figcaption><\/figure>\n<p style=\"text-align: center;\"><span style=\"font-size: 18pt;\"><strong><span style=\"color: #008000;\">*******<\/span><\/strong><\/span><\/p>\n<p style=\"text-align: right;\">\u00ab<em>Buscando al constructor del edificio (&#8216;el escritor teatral&#8217;=&#8217;el demiurgo&#8217;)<\/em><\/p>\n<p style=\"text-align: right;\"><em>he recorrido sin pausa el trayecto circular de muchas vidas.<\/em><\/p>\n<p style=\"text-align: right;\"><em>Ahora te he encontrado y he penetrado en tu ser.<\/em><\/p>\n<p style=\"text-align: right;\"><em>\u00a1Nunca m\u00e1s me construir\u00e1s casa alguna!<\/em>\u00ab<\/p>\n<p style=\"text-align: right;\">Buda Gautama<\/p>\n<blockquote>\n<div>\u00a0<\/div>\n<div style=\"text-align: center;\"><iframe loading=\"lazy\" width=\"640\" height=\"360\" frameborder=\"0\" src=\"https:\/\/mega.nz\/embed\/uJsXUT6S#DovRI-t7ZjHNopQJ2wQrsVbw6xZOlCQm4BnEPPZ7oCU\" allowfullscreen ><\/iframe> <\/p>\n<p>&nbsp;<\/p>\n<\/div>\n<\/blockquote>\n<\/blockquote>\n<blockquote>\n<blockquote>\n<div style=\"text-align: center;\">\n<p><a href=\"https:\/\/puntocritico.com\/ausajpuntocritico\/2021\/06\/15\/el-franquismo-sigue-presente-en-el-poder-judicial-el-comite-de-derechos-humanos-del-consejo-de-europa-pide-la-excarcelacion-de-los-presos-del-1-o\/\"><strong><span style=\"color: #008000; font-family: arial, helvetica, sans-serif; font-size: 14pt;\">As\u00ed defend\u00eda Rajoy el refer\u00e9ndum sobre el Estatut de Catalunya en 2006.<\/span><\/strong><\/a><\/p>\n<\/div>\n<\/blockquote>\n<p style=\"text-align: center;\"><span style=\"color: #008000;\"><span style=\"font-size: 14pt;\">\u2666\u2666\u2666\u2666\u2666<\/span><\/span><\/p>\n<h2 class=\"entry-title\" style=\"text-align: center;\"><a href=\"https:\/\/puntocritico.com\/ausajpuntocritico\/2020\/10\/01\/spainisafasciststate-por-catalan-repression\/\"><span style=\"font-size: 24pt;\">OCTUBRE DE 2019: BRUTALIDAD POLICIAL EN CATALU\u00d1A<\/span><\/a><\/h2>\n<p><img loading=\"lazy\" decoding=\"async\" class=\"aligncenter wp-image-18313\" src=\"https:\/\/puntocritico.com\/ausajpuntocritico\/wp-content\/uploads\/2019\/04\/Periodismo-como-arma-300x132.jpg\" alt=\"\" width=\"440\" height=\"193\" data-id=\"18313\" srcset=\"https:\/\/puntocritico.com\/ausajpuntocritico\/wp-content\/uploads\/2019\/04\/Periodismo-como-arma-300x132.jpg 300w, https:\/\/puntocritico.com\/ausajpuntocritico\/wp-content\/uploads\/2019\/04\/Periodismo-como-arma.jpg 339w\" sizes=\"auto, (max-width: 440px) 100vw, 440px\" \/><\/p>\n<p>&nbsp;<\/p>\n<p style=\"text-align: center;\"><a href=\"https:\/\/puntocritico.com\/ausajpuntocritico\/2020\/10\/01\/spainisafasciststate-por-catalan-repression\/\"><span style=\"font-size: 14pt;\"><strong>En esta entrada recopilamos un centenar de videos que muestran la Brutalidad Policial durante los sucesos de Octubre de 2019 en Catalu\u00f1a<\/strong><\/span><\/a><\/p>\n<p style=\"text-align: center;\"><span style=\"font-size: 14pt;\"><strong>PERO, EN UNO DE LOS HABITUALES ATAQUES INFORM\u00c1TICOS QUE HEMOS VENIDO SOPORTANDO TODOS ESTOS A\u00d1OS, LOS HAN HACKEADO Y NO SE PUEDEN VER<\/strong><\/span><\/p>\n<p style=\"text-align: center;\"><span style=\"font-size: 18pt;\"><strong><span style=\"color: #008000;\">*******<\/span><\/strong><\/span><\/p>\n<div>\n<figure id=\"attachment_22918\" aria-describedby=\"caption-attachment-22918\" style=\"width: 640px\" class=\"wp-caption aligncenter\"><a href=\"https:\/\/twitter.com\/i\/status\/1185292621440258049\" target=\"_blank\" rel=\"noopener noreferrer\"><img loading=\"lazy\" decoding=\"async\" class=\"wp-image-22918 size-full\" src=\"https:\/\/puntocritico.com\/ausajpuntocritico\/wp-content\/uploads\/2019\/10\/image.png\" alt=\"\" width=\"640\" height=\"293\" srcset=\"https:\/\/puntocritico.com\/ausajpuntocritico\/wp-content\/uploads\/2019\/10\/image.png 640w, https:\/\/puntocritico.com\/ausajpuntocritico\/wp-content\/uploads\/2019\/10\/image-300x137.png 300w\" sizes=\"auto, (max-width: 640px) 100vw, 640px\" \/><\/a><figcaption id=\"caption-attachment-22918\" class=\"wp-caption-text\"><span style=\"color: #008000;\">Click en la imagen. Video grabado desde un balc\u00f3n en Tarragona el 18 de octubre de 2019, difundido por redes sociales\u00a0 donde se ven a encapuchados saliendo de un furg\u00f3n policial<\/span><\/figcaption><\/figure>\n<\/div>\n<\/blockquote>\n<p style=\"text-align: center;\"><span style=\"font-size: 18pt;\"><strong><span style=\"color: #008000;\">***<\/span><\/strong><\/span><\/p>\n<p style=\"text-align: center;\"><iframe loading=\"lazy\" width=\"640\" height=\"360\" frameborder=\"0\" src=\"https:\/\/mega.nz\/embed\/qcEXGBJL#UkbyPqqC6Whb-lRRPej2dyl4Owhufc2WcwzSpNofIFI\" allowfullscreen ><\/iframe><\/p>\n<p style=\"text-align: center;\"><span style=\"font-size: 14pt;\"><strong><span style=\"color: #008000;\">Click en la imagen: video de c\u00f3mo se inician las cargas policiales contra manifestantes pac\u00edficos en Via Laietana, Barcelona, 18 octubre 2018<\/span><\/strong><\/span><\/p>\n<div style=\"text-align: center;\"><strong><span style=\"color: #008000; font-size: 18pt;\">***<\/span><\/strong><\/div>\n<p style=\"text-align: center;\"><iframe loading=\"lazy\" width=\"640\" height=\"360\" frameborder=\"0\" src=\"https:\/\/mega.nz\/embed\/2V9BURyR#VcKwaoI96gscWC8sIEDEKRiXgzFvVoT6R_nBFY1rSuE\" allowfullscreen ><\/iframe><\/p>\n<blockquote>\n<p style=\"text-align: center;\"><span style=\"font-size: 14pt;\"><strong><span style=\"color: #008000;\">Click en la imagen: video de c\u00f3mo se inician las cargas policiales contra manifestantes pac\u00edficos en Via Laietana, Barcelona, 18 octubre 2018<\/span><\/strong><\/span><\/p>\n<div style=\"text-align: center;\"><strong><span style=\"color: #008000; font-size: 18pt;\">***<\/span><\/strong><\/div>\n<\/blockquote>\n<div>\n<blockquote>\n<p class=\"title style-scope ytd-video-primary-info-renderer\" style=\"text-align: center;\"><span style=\"font-size: 18pt;\"><strong><span style=\"color: #008000;\"><a href=\"https:\/\/puntocritico.com\/ausajpuntocritico\/2020\/09\/28\/el-sindrome-de-sherwood-ahora-en-el-proces-el-final-del-regimen-del-78\/\">S\u00edndrome de Sherwood<\/a>: <\/span>La pol\u00edtica como guerra, el periodismo como arma y el voto como venganza<\/strong><\/span><\/p>\n<p>&nbsp;<\/p>\n<p><a href=\"https:\/\/puntocritico.com\/ausajpuntocritico\/2019\/04\/22\/del-manual-de-gene-sharp-al-sindrome-de-sherwood-la-politica-como-guerra-el-periodismo-como-arma-y-el-voto-como-venganza\/\"><img loading=\"lazy\" decoding=\"async\" class=\"aligncenter wp-image-18314\" src=\"https:\/\/puntocritico.com\/ausajpuntocritico\/wp-content\/uploads\/2019\/04\/politica-como-guerra-y-periodismo-como-arma-Principal-300x200.jpg\" alt=\"\" width=\"440\" height=\"293\" data-id=\"18314\" srcset=\"https:\/\/puntocritico.com\/ausajpuntocritico\/wp-content\/uploads\/2019\/04\/politica-como-guerra-y-periodismo-como-arma-Principal-300x200.jpg 300w, https:\/\/puntocritico.com\/ausajpuntocritico\/wp-content\/uploads\/2019\/04\/politica-como-guerra-y-periodismo-como-arma-Principal.jpg 678w\" sizes=\"auto, (max-width: 440px) 100vw, 440px\" \/><\/a><\/p>\n<p class=\"title style-scope ytd-video-primary-info-renderer\" style=\"text-align: center;\"><span style=\"color: #008000;\"><span style=\"font-size: 18pt;\" data-lang=\"es\"><strong>*<\/strong><\/span><span style=\"font-size: 18pt;\" data-lang=\"es\"><strong>*****<\/strong><\/span><span style=\"font-size: 18pt;\" data-lang=\"es\"><strong>*<\/strong><\/span><\/span><\/p>\n<div class=\"title-container\">\n<h2 class=\"title\" style=\"text-align: center;\"><span style=\"font-size: 24pt;\">El Comit\u00e9 de Derechos Humanos del Consejo de Europa pide la excarcelaci\u00f3n de los presos del 1-O<\/span><\/h2>\n<\/div>\n<div class=\"supra-title-container\">\n<div class=\"epigraph-container\" data-gtm-element-container=\"modulo-texto-link\">\n<p class=\"epigraph\" style=\"text-align: center;\"><strong><span style=\"font-size: 14pt;\"><em>El borrador de informe del\u00a0socialista let\u00f3n Boriss Cilevics, que ha hecho trabajo sobre el terreno durante un a\u00f1o y medio,\u00a0se debatir\u00e1 en la Asamblea Parlamentaria el 21 de junio<\/em><\/span><\/strong><\/p>\n<\/div>\n<\/div>\n<div class=\"article-media-main\" style=\"text-align: justify;\"><span style=\"font-size: 14pt;\"><a href=\"https:\/\/www.lavanguardia.com\/politica\/20210603\/7503568\/comite-derechos-humanos-consejo-europa-pide-excarcelacion-presos-independentistas.html\" target=\"_blank\" rel=\"noopener\" data-schema-attribute=\"\">La Vanguardia<\/a>, 3-6-2021<\/span><\/div>\n<div>\u00a0<\/div>\n<div>\n<figure id=\"attachment_2217376\" aria-describedby=\"caption-attachment-2217376\" style=\"width: 678px\" class=\"wp-caption aligncenter\"><img loading=\"lazy\" decoding=\"async\" class=\"wp-image-2217376 size-mh-magazine-content\" src=\"https:\/\/puntocritico.com\/ausajpuntocritico\/wp-content\/uploads\/2021\/06\/Lledoners-678x381.jpeg\" alt=\"\" width=\"678\" height=\"381\" data-id=\"2217376\" \/><figcaption id=\"caption-attachment-2217376\" class=\"wp-caption-text\"><span style=\"color: #008000;\">Jordi S\u00e0nchez, Oriol Junqueras, Jordi Turull, Joaquim Forn, Jordi Cuixart, Josep Rull y Ra\u00fcl Romeva en su \u00fanica imagen conjunto dentro de la prisi\u00f3n de Lledoners.<\/span><\/figcaption><\/figure>\n<\/div>\n<div>\u00a0<\/div>\n<p class=\"paragraph\" style=\"text-align: justify;\" data-gtm-element-container=\"modulo-texto-link\"><span style=\"font-size: 14pt;\">El borrador del informe del Consejo de Europa sobre los l\u00edderes independentistas presos pide a Espa\u00f1a que \u00ablos indulte o libere\u00bb y que retire las peticiones de extradici\u00f3n contra el expresident Carles Puigdemont y los exconsellers que viven en B\u00e9lgica.<\/span><\/p>\n<p class=\"paragraph\" style=\"text-align: justify;\" data-gtm-element-container=\"modulo-texto-link\"><span style=\"font-size: 14pt;\">Redactada por un ponente que ha hecho una investigaci\u00f3n sobre el terreno, especialmente en Turqu\u00eda y Espa\u00f1a, la resoluci\u00f3n, titulada \u00abLos pol\u00edticos no deben ser procesados por declaraciones hechas en el ejercicio de su mandato pol\u00edtico siempre que respeten ciertos l\u00edmites\u00bb,\u00a0tambi\u00e9n aboga por una reforma de los delitos de rebeli\u00f3n y sedici\u00f3n para evitar \u00abpenas desproporcionadas por transgresiones no violentas\u00bb o la criminalizaci\u00f3n de \u00abla organizaci\u00f3n de un refer\u00e9ndum ilegal\u00bb.\u00a0<\/span><\/p>\n<p class=\"paragraph\" style=\"text-align: justify;\" data-gtm-element-container=\"modulo-texto-link\"><span style=\"font-size: 14pt;\">El documento, ya votado en la Comisi\u00f3n de Asuntos Legales y Derechos Humanos, ha salido adelante con 21 votos a favor y 6 en contra.<\/span><\/p>\n<p>&nbsp;<\/p>\n<p><a href=\"https:\/\/twitter.com\/PACE_LegalHR\/status\/1400458231701413897?ref_src=twsrc%5Etfw%7Ctwcamp%5Etweetembed%7Ctwterm%5E1400458231701413897%7Ctwgr%5E%7Ctwcon%5Es1_&amp;ref_url=https%3A%2F%2Fwww.lavanguardia.com%2Fpolitica%2F20210603%2F7503568%2Fcomite-derechos-humanos-consejo-europa-pide-excarcelacion-presos-independentistas.html\" target=\"_blank\" rel=\"noopener\" data-schema-attribute=\"\"><img loading=\"lazy\" decoding=\"async\" class=\"aligncenter wp-image-2217379\" src=\"https:\/\/puntocritico.com\/ausajpuntocritico\/wp-content\/uploads\/2021\/06\/CdE-Indulto.jpg\" alt=\"\" width=\"460\" height=\"226\" data-id=\"2217379\" srcset=\"https:\/\/puntocritico.com\/ausajpuntocritico\/wp-content\/uploads\/2021\/06\/CdE-Indulto.jpg 681w, https:\/\/puntocritico.com\/ausajpuntocritico\/wp-content\/uploads\/2021\/06\/CdE-Indulto-300x147.jpg 300w, https:\/\/puntocritico.com\/ausajpuntocritico\/wp-content\/uploads\/2021\/06\/CdE-Indulto-610x299.jpg 610w, https:\/\/puntocritico.com\/ausajpuntocritico\/wp-content\/uploads\/2021\/06\/CdE-Indulto-678x334.jpg 678w\" sizes=\"auto, (max-width: 460px) 100vw, 460px\" \/><\/a><\/p>\n<p>&nbsp;<\/p>\n<p class=\"subtitle\"><span style=\"font-size: 14pt;\"><strong>El texto aboga por retirar la acusaci\u00f3n contra el resto de cargos de la Generalitat encausados y retirar la sanci\u00f3n a Torra.<\/strong><\/span><\/p>\n<p class=\"paragraph\" style=\"text-align: justify;\" data-gtm-element-container=\"modulo-texto-link\"><span style=\"font-size: 14pt;\">El Comit\u00e9 de Asuntos Legales y Derechos Humanos del Consejo de Europa ha aprobado este jueves el texto que se debatir\u00e1 en la Asamblea Parlamentaria a finales de junio. El borrador de la resoluci\u00f3n tambi\u00e9n pide a Espa\u00f1a que retire la acusaci\u00f3n contra el resto de cargos y excargos de menor rango de la Generalitat tambi\u00e9n encausados por el refer\u00e9ndum ilegal.\u00a0<\/span><\/p>\n<p class=\"paragraph\" style=\"text-align: justify;\" data-gtm-element-container=\"modulo-texto-link\"><span style=\"font-size: 14pt;\">\u00abTambi\u00e9n que se abstengan de sancionar a los sucesores de los encarcelados por acciones simb\u00f3licas que solo expresan su solidaridad con los detenidos\u00bb, a\u00f1ade el texto, en referencia al expresident Quim Torra, inhabilitado por colgar una pancarta en solidaridad con los presos del\u00a0<i>proc\u00e9s<\/i>\u00a0en el balc\u00f3n del Palau de la Generalitat.<\/span><\/p>\n<p class=\"subtitle\" style=\"text-align: justify;\"><span style=\"font-size: 14pt;\"><strong>El informe del comit\u00e9 apuesta por que Espa\u00f1a abra \u00abun di\u00e1logo constructivo con todas las fuerzas pol\u00edticas en Catalunya\u00bb.<\/strong><\/span><\/p>\n<p class=\"paragraph\" style=\"text-align: justify;\" data-gtm-element-container=\"modulo-texto-link\"><span style=\"font-size: 14pt;\">Adem\u00e1s de todo ello, el informe sugiere al Gobierno espa\u00f1ol que abra \u00abun di\u00e1logo abierto y constructivo con todas las fuerzas pol\u00edticas en Catalunya, incluidas las que se oponen a la independencia, para fortalecer la calidad de la democracia espa\u00f1ola\u00bb.<\/span><\/p>\n<p class=\"paragraph\" style=\"text-align: justify;\" data-gtm-element-container=\"modulo-texto-link\"><span style=\"font-size: 14pt;\">El informe ha sido muy bien recibido por las fuerzas independentistas, comenzando por el propio expresidente de la Generalitat Carles Puigdemont, que ha asegurado que el informe es \u00abdemoledor\u00bb. \u00abLas instituciones de la Uni\u00f3n Europea har\u00edan bien de preocuparse por el comportamiento de uno de sus miembros, cada vez m\u00e1s cuestionable\u00bb, ha recalcado, subrayando que \u00abse va ampliando la brecha\u00bb, en referencia al libro de uno de sus abogados, el exdiputado Josep Costa<\/span>.\u00a0<\/p>\n<p>&nbsp;<\/p>\n<p><a href=\"https:\/\/twitter.com\/KRLS\/status\/1400484130081619973?ref_src=twsrc%5Etfw%7Ctwcamp%5Etweetembed%7Ctwterm%5E1400484130081619973%7Ctwgr%5E%7Ctwcon%5Es1_&amp;ref_url=https%3A%2F%2Fwww.lavanguardia.com%2Fpolitica%2F20210603%2F7503568%2Fcomite-derechos-humanos-consejo-europa-pide-excarcelacion-presos-independentistas.html\" target=\"_blank\" rel=\"noopener\" data-schema-attribute=\"\"><img loading=\"lazy\" decoding=\"async\" class=\"aligncenter wp-image-2217380\" src=\"https:\/\/puntocritico.com\/ausajpuntocritico\/wp-content\/uploads\/2021\/06\/Informe-CdE-Junts.jpg\" alt=\"\" width=\"460\" height=\"247\" data-id=\"2217380\" srcset=\"https:\/\/puntocritico.com\/ausajpuntocritico\/wp-content\/uploads\/2021\/06\/Informe-CdE-Junts.jpg 681w, https:\/\/puntocritico.com\/ausajpuntocritico\/wp-content\/uploads\/2021\/06\/Informe-CdE-Junts-300x161.jpg 300w, https:\/\/puntocritico.com\/ausajpuntocritico\/wp-content\/uploads\/2021\/06\/Informe-CdE-Junts-610x328.jpg 610w, https:\/\/puntocritico.com\/ausajpuntocritico\/wp-content\/uploads\/2021\/06\/Informe-CdE-Junts-678x366.jpg 678w\" sizes=\"auto, (max-width: 460px) 100vw, 460px\" \/><\/a><\/p>\n<p>&nbsp;<\/p>\n<p class=\"paragraph\" style=\"text-align: justify;\" data-gtm-element-container=\"modulo-texto-link\"><span style=\"font-size: 14pt;\">Por su parte, Esquerra Republicana ha enviado un comunicado en el que celebra la resoluci\u00f3n del comit\u00e9, especialmente despu\u00e9s de que \u00abmiembro del PP y del PSOE presentaran 20 enmiendas, de las que solo se ha aprobado una\u00bb. En este sentido, los republicanos sostienen que hay \u00abinquietud en Madrid\u00bb.\u00a0<\/span><\/p>\n<p class=\"paragraph\" style=\"text-align: justify;\" data-gtm-element-container=\"modulo-texto-link\"><span style=\"font-size: 14pt;\">Poco despu\u00e9s se ha pronunciado el presidente de la Generalitat, Pere Aragon\u00e8s, quien ha asegurado que \u00abla liberaci\u00f3n de los presos pol\u00edticos y el libre retorno de los exiliados es un clamor cada vez m\u00e1s un\u00e1nime\u00bb. \u00abDe nuevo Europa evidencia la represi\u00f3n y cuestiona duramente la justicia espa\u00f1ola, no dejaremos de trabajar para la libertad de todos\u00bb, ha agregado en un mensaje en Twitter.<\/span><\/p>\n<p class=\"paragraph\" style=\"text-align: justify;\" data-gtm-element-container=\"modulo-texto-link\"><span style=\"font-size: 14pt;\">El diputado socialista let\u00f3n, Boriss Cilevics, ha sido el encargado de realizar el informe durante un a\u00f1o y medio, tiempo en el que ha visitado tanto Madrid como Barcelona.<\/span><\/p>\n<\/blockquote>\n<\/div>\n<p data-gtm-element-container=\"modulo-texto-link\">\u00a0<\/p>\n<figure id=\"attachment_21844\" aria-describedby=\"caption-attachment-21844\" style=\"width: 555px\" class=\"wp-caption aligncenter\"><a href=\"https:\/\/puntocritico.com\/ausajpuntocritico\/2017\/10\/16\/investigacion-ataques-policiales-1-o\/\"><img loading=\"lazy\" decoding=\"async\" class=\"wp-image-21844\" src=\"https:\/\/puntocritico.com\/ausajpuntocritico\/wp-content\/uploads\/2019\/09\/Catalu\u00f1a-1O-brutalidad-policia-300x169.jpg\" alt=\"\" width=\"555\" height=\"312\" data-id=\"21844\" srcset=\"https:\/\/puntocritico.com\/ausajpuntocritico\/wp-content\/uploads\/2019\/09\/Catalu\u00f1a-1O-brutalidad-policia-300x169.jpg 300w, https:\/\/puntocritico.com\/ausajpuntocritico\/wp-content\/uploads\/2019\/09\/Catalu\u00f1a-1O-brutalidad-policia-768x432.jpg 768w, https:\/\/puntocritico.com\/ausajpuntocritico\/wp-content\/uploads\/2019\/09\/Catalu\u00f1a-1O-brutalidad-policia-1024x576.jpg 1024w, https:\/\/puntocritico.com\/ausajpuntocritico\/wp-content\/uploads\/2019\/09\/Catalu\u00f1a-1O-brutalidad-policia-678x381.jpg 678w, https:\/\/puntocritico.com\/ausajpuntocritico\/wp-content\/uploads\/2019\/09\/Catalu\u00f1a-1O-brutalidad-policia.jpg 1280w\" sizes=\"auto, (max-width: 555px) 100vw, 555px\" \/><\/a><figcaption id=\"caption-attachment-21844\" class=\"wp-caption-text\"><span style=\"color: #008000;\">LOS ATAQUES POLICIALES A LOS VOTANTES DEL 1-O, INVESTIGADOS POR LA JUSTICIA<\/span><\/figcaption><\/figure>\n<div>\n<p style=\"text-align: center;\"><span style=\"font-size: 18pt; color: #008000;\">\u2666<\/span><span style=\"font-size: 18pt;\">\u2666<\/span><span style=\"font-size: 18pt; color: #008000;\">\u2666<\/span><span style=\"font-size: 18pt;\">\u2666<\/span><span style=\"font-size: 18pt; color: #008000;\">\u2666<\/span><span style=\"font-size: 18pt;\">\u2666<\/span><span style=\"font-size: 18pt; color: #008000;\">\u2666<\/span><\/p>\n<\/div>\n<h2 style=\"text-align: center;\"><span style=\"font-size: 24pt;\"><strong>PROPOSICI\u00d3N DE LEY ORG\u00c1NICA DE AMNIST\u00cdA PARA LA NORMALIZACI\u00d3N\u00a0INSTITUCIONAL, POL\u00cdTICA Y SOCIAL EN CATALU\u00d1A<\/strong><\/span><\/h2>\n<div id=\"outer_page_1\" class=\"outer_page only_ie6_border  \">\n<div id=\"page1\" class=\"newpage\">\n<div class=\"text_layer\">\n<div class=\"ie_fix\"><img loading=\"lazy\" decoding=\"async\" class=\"aligncenter wp-image-2290661\" src=\"https:\/\/puntocritico.com\/ausajpuntocritico\/wp-content\/uploads\/2023\/11\/Bolanos-Ley-amnistia-300x95.jpg\" alt=\"\" width=\"480\" height=\"151\" data-id=\"2290661\" srcset=\"https:\/\/puntocritico.com\/ausajpuntocritico\/wp-content\/uploads\/2023\/11\/Bolanos-Ley-amnistia-300x95.jpg 300w, https:\/\/puntocritico.com\/ausajpuntocritico\/wp-content\/uploads\/2023\/11\/Bolanos-Ley-amnistia.jpg 400w\" sizes=\"auto, (max-width: 480px) 100vw, 480px\" \/><\/div>\n<div class=\"ie_fix\">\n<div class=\"ff5\" style=\"text-align: justify;\">\u00a0<\/div>\n<div>\u00a0<\/div>\n<div class=\"ff7\" style=\"text-align: justify;\"><span class=\"a\" style=\"font-size: 14pt;\">A LA MESA DEL CONGRESO DE LOS DIPUTADOS<\/span><\/div>\n<div>\u00a0<\/div>\n<div class=\"ff5\" style=\"text-align: justify;\"><span style=\"font-size: 14pt;\"><span class=\"a\">Los Grupos Parlamentarios abajo firmantes tienen el honor de dirigirse a la Mesa,\u00a0<\/span><span class=\"a\">al amparo del art\u00edculo 124 y siguientes del Reglamento vigente, para presentar<\/span><span class=\"a\">la siguiente <strong>Proposici\u00f3n de Ley Org\u00e1nica de amnist\u00eda para la normalizaci\u00f3n <\/strong><\/span><span class=\"a\"><strong>institucional, pol\u00edtica y social en Catalu\u00f1a<\/strong>.<\/span><span class=\"a\">\u00a0Asimismo, se\u00a0<span class=\"l6\">solicita que\u00a0<span class=\"l7\">se tramite por el <strong>procedimiento de urgencia<\/strong>, al amparo\u00a0<\/span><\/span><\/span><span class=\"a\">del art\u00edculo 93 del vigente Reglamento.\u00a0<\/span><span class=\"a\">En el Congreso de los\u00a0Diputados, a 13 de Noviembre de\u00a02023.<\/span><\/span><\/div>\n<\/div>\n<\/div>\n<\/div>\n<div class=\"b_tl\" style=\"text-align: justify;\">\u00a0<\/div>\n<div class=\"b_tr\" style=\"text-align: justify;\">\u00a0<\/div>\n<div class=\"b_l\" style=\"text-align: justify;\">\u00a0<\/div>\n<\/div>\n<div id=\"outer_page_2\" class=\"outer_page only_ie6_border  \" style=\"text-align: justify;\">\n<div id=\"page2\" class=\"newpage\">\n<div class=\"text_layer\">\n<div class=\"ie_fix\">\n<div class=\"ff7\" style=\"text-align: center;\"><span style=\"font-size: 14pt;\"><strong><span class=\"a\">EXPOSICI\u00d3N DE MOTIVOS<\/span><\/strong><\/span><\/div>\n<div>\u00a0<\/div>\n<div class=\"ff2\" style=\"text-align: center;\"><span class=\"a\" style=\"font-size: 14pt;\">I<\/span><\/div>\n<div>\u00a0<\/div>\n<div class=\"ff5\"><span style=\"font-size: 14pt;\"><span class=\"a\">Toda amnist\u00eda se concibe como una figura jur\u00eddica dirigida a excepcionar la <\/span><span class=\"a\">aplicaci\u00f3n de normas plenamente vigentes, cuando los actos que hayan sido <\/span><span class=\"a\">declarados o est\u00e9n tipificados como delito o determinantes de cualquier otro tipo <\/span><span class=\"a\">de responsabilidad se han producido en un contexto concreto.\u00a0<\/span><span class=\"a\">Esta facultad legislativa se configura en el ordenamiento como un medio <\/span><span class=\"a\">adecuado para abordar circunstancias pol\u00edticas excepcionales que, en el seno <\/span><span class=\"a\">de un Estado de derecho, persigue la consecuci\u00f3n de un inter\u00e9s general, como <\/span><span class=\"a\">puede ser la necesidad de superar y encauzar conflictos pol\u00edticos y sociales <\/span><span class=\"a\">arraigados, en la b\u00fasqueda de la mejora de la convivencia y la cohesi\u00f3n social, <\/span><span class=\"a\">as\u00ed como de una integraci\u00f3n de las diversas sensibilidades pol\u00edticas.\u00a0<\/span><span class=\"a\">Es, por tanto, <strong>una instituci\u00f3n que articula una decisi\u00f3n pol\u00edtica mediante una ley\u00a0<\/strong><\/span><strong><span class=\"a\">aprobada por el Parlamento como expresi\u00f3n del papel otorgado por la <\/span><span class=\"a\">Constituci\u00f3n a las Cortes Generales, que se erigen como el \u00f3rgano encargado <\/span><span class=\"a\">de representar a la soberan\u00eda popular en los poderes constituidos y configurar <\/span><span class=\"a\">libremente la voluntad general a trav\u00e9s del ejercicio de la potestad legislativa por\u00a0<\/span><\/strong><span class=\"a\"><strong>los cauces preestablecidos<\/strong>.\u00a0<\/span><\/span><span style=\"font-size: 14pt;\"><span class=\"a\">La amnist\u00eda ha sido utilizada en numerosas ocasiones en nuestra tradici\u00f3n<\/span><span class=\"a\"> jur\u00eddica.\u00a0<\/span><\/span><\/div>\n<div>\u00a0<\/div>\n<div class=\"ff5\"><span style=\"font-size: 14pt;\"><span class=\"a\">No\u00a0es\u00a0una\u00a0v\u00eda\u00a0novedosa,\u00a0cuenta\u00a0con\u00a0numerosos\u00a0precedentes\u00a0en\u00a0<\/span><span class=\"a\">Espa\u00f1a. El m\u00e1s importante, pero no el\u00a0\u00fanico, es la<strong> Ley de Amnist\u00eda de 1977<\/strong> (Ley<\/span><span class=\"a\">46\/1977, de 15 de octubre).<\/span><span class=\"a\">\u00a0Adem\u00e1s, se\u00a0<span class=\"l8\">reconoce\u00a0<span class=\"l7\">en el ord<span class=\"l6\">en constitucional de\u00a0buena parte\u00a0<span class=\"l9\">de los pa\u00edses de\u00a0<\/span><\/span><\/span><\/span><\/span><span class=\"a\">nuestro entorno geogr\u00e1fico e influencia jur\u00eddica. As\u00ed, est\u00e1 prevista expresamente\u00a0<\/span><span class=\"a\">en los textos constitucionales de Italia, Francia o Portugal, que han aplicado esta\u00a0<\/span><span class=\"a\">medida en diversas ocasiones, siendo la m\u00e1s reciente la Ley 38-A\/2023, de 2 de\u00a0<\/span><span class=\"a\">agosto, de Portugal, que amnist\u00eda a todos los j\u00f3venes de entre diecis\u00e9is y treinta <\/span><span class=\"a\">a\u00f1os por la comisi\u00f3n de determinados delitos, con motivo de la visita del <strong><em>papa <\/em><\/strong><\/span><span class=\"a\"><strong><em>Francisco<\/em><\/strong> a dicho pa\u00eds. <\/span><span class=\"a\">T<span class=\"l10\">ambi\u00e9n existen otras normas constitucionales de pa\u00edses europeos que, si bien\u00a0<\/span><\/span><span class=\"a\">no mencionan expresamente la amnist\u00eda, como en el caso de Alemania, Austria,\u00a0<\/span><span class=\"a\">B\u00e9lgica, Irlanda o Suecia, ello no ha impedido que se afirmara su <\/span><span class=\"a\">constitucionalidad. Desde la <em>Segunda Guerra Mundial<\/em> se han promulgado m\u00e1s <\/span><span class=\"a\">de medio centenar de estas leyes en los citados pa\u00edses, considerando la propia <\/span><span class=\"a\">doctrina que una amnist\u00eda es aplicable en el Estado constitucional en <\/span><span class=\"a\">circunstancias de especial crisis pol\u00edtica. <\/span><strong><span class=\"a\">Desde la perspectiva del derecho de la Uni\u00f3n Europea, la instituci\u00f3n de la <\/span><\/strong><span class=\"a\"><strong>amnist\u00eda est\u00e1 perfectamente homologada<\/strong>. Destacan en este sentido, por <\/span><span class=\"a\">ejemplo, la <strong>Decisi\u00f3n Marco del Consejo, de 13 de junio de 2002, relativa a la <\/strong><\/span><strong><span class=\"a\">orden de detenci\u00f3n europea y a los procedimientos de entrega entre Estados <\/span><\/strong><span class=\"a\"><strong>miembros<\/strong>, cuyo art\u00edculo 3 prev\u00e9 que cuando el delito est\u00e9 cubierto por la amnist\u00eda <\/span><span class=\"a\">en el Estado miembro de ejecuci\u00f3n se denegar\u00e1 la orden de detenci\u00f3n europea.\u00a0<\/span><span class=\"a\">M\u00e1s recientemente, tambi\u00e9n el <strong>Acuerdo de comercio y cooperaci\u00f3n entre la <\/strong><\/span><strong><span class=\"a\">Uni\u00f3n Europea y la Comunidad Europea de la Energ\u00eda At\u00f3mica, por una parte, y\u00a0<\/span><\/strong><span class=\"a\"><strong>el Reino Unido de Gran Breta\u00f1a e Irlanda del Norte,<\/strong> cuyo art\u00edculo 600 contiene <\/span><span class=\"a\">una previsi\u00f3n similar a la mencionada anteriormente.\u00a0<\/span><span class=\"a\">Coherentemente, el <a href=\"https:\/\/curia.europa.eu\/juris\/document\/document.jsf?text=&amp;docid=239909&amp;pageIndex=0&amp;doclang=es&amp;mode=req&amp;dir=&amp;occ=first&amp;part=1\" target=\"_blank\" rel=\"noopener\"><strong>Tribunal de Justicia de la Uni\u00f3n Europea<\/strong>, <\/a><\/span><span class=\"a\">en su <strong>sentencia <\/strong><\/span><strong><span class=\"a\">de 29 de abril de 2021, dictada en el asunto C<\/span><\/strong><\/span><strong><span class=\"a\" style=\"font-size: 14pt;\">&#8211;<\/span><\/strong><span class=\"a\" style=\"font-size: 14pt;\"><strong>665\/20 PPU<\/strong>, no solo reconoce la\u00a0<\/span><span class=\"a\" style=\"font-size: 14pt;\">posibilidad de la existencia de amnist\u00edas sino que, adem\u00e1s, establece que la <\/span><span class=\"a\" style=\"font-size: 14pt;\">misma \u201c<em>tiene por finalidad despojar de su car\u00e1cter delictivo a los hechos a los <\/em><\/span><em><span class=\"a\" style=\"font-size: 14pt;\">que se aplica, de tal modo que el delito ya no pueda dar lugar al ejercicio de <\/span><span class=\"a\" style=\"font-size: 14pt;\">acciones penales y, en caso de que ya se haya impuesto una condena, que se <\/span><span class=\"a\" style=\"font-size: 14pt;\">ponga fin a su ejecuci\u00f3n, implica por tanto, en principio, que la sanci\u00f3n impuesta\u00a0<\/span><\/em><span class=\"a\" style=\"font-size: 14pt;\"><em>ya no pueda ejecutarse<\/em>\u201d. Y m\u00e1s recientemente, en su <a href=\"https:\/\/cdeuv.es\/documentos\/menujuris\/item\/23351-sentencia-tjue-asunto-c-203-20-ab-y-otros-revocacion-de-una-amnistia-de-16-de-diciembre-de-2021.html\" target=\"_blank\" rel=\"noopener\"><strong>sentencia de 16 de <\/strong><\/a><\/span><strong><span class=\"a\" style=\"font-size: 14pt;\">diciembre de 2021, dictada en el asunto C<\/span><span class=\"a\" style=\"font-size: 14pt;\">&#8211;<\/span><\/strong><span class=\"a\" style=\"font-size: 14pt;\"><strong>203\/20<\/strong>, el mismo tribunal ha <\/span><span class=\"a\" style=\"font-size: 14pt;\">establecido la posibilidad de archivar diligencias penales y de poner fin a las <\/span><span class=\"a\" style=\"font-size: 14pt;\">penas, bas\u00e1ndose en resoluciones judiciales dictadas al amparo de una amnist\u00eda <\/span><span class=\"a\" style=\"font-size: 14pt;\">resultante de un procedimiento de \u00edndole legislativa.\u00a0<\/span><span class=\"a\" style=\"font-size: 14pt;\">En esa misma l\u00ednea, el <strong>Tribunal Europeo de Derechos Humanos<\/strong> ha reconocido <\/span><span class=\"a\" style=\"font-size: 14pt;\">la validez y oportunidad pol\u00edtica de la amnist\u00eda, fijando como l\u00edmite las graves <\/span><span class=\"a\" style=\"font-size: 14pt;\">violaciones de los derechos humanos, por tratarse de hechos que no pueden <\/span><span class=\"a\" style=\"font-size: 14pt;\">quedar al margen de la obligaci\u00f3n de los Estados de enjuiciarlos y sancionarlos <\/span><span class=\"a\" style=\"font-size: 14pt;\">(<em>entre otras, la <strong>sentencia de 27 de mayo 2014 de la Gran Sala, dictada en el caso\u00a0<\/strong><\/em><\/span><span class=\"a\" style=\"font-size: 14pt;\"><em><strong>Margu\u0161 contra Croacia<\/strong><\/em>).<\/span><span class=\"a\" style=\"font-size: 14pt;\">Y, por su parte, la <strong>Comisi\u00f3n Europea para la Democracia mediante el Derecho <\/strong><\/span><span class=\"a\" style=\"font-size: 14pt;\"><strong>(Comisi\u00f3n de Venecia)<\/strong> tambi\u00e9n ha dejado clara la validez de medidas como la <\/span><span class=\"a\" style=\"font-size: 14pt;\">amnist\u00eda y su compatibilidad con las decisiones judiciales, tanto en su <\/span><span class=\"a\" style=\"font-size: 14pt;\"><strong>Recomendaci\u00f3n CM\/Rec (2010) 12<\/strong>, como en su sesi\u00f3n plenaria del 8 y 9 de <\/span><span class=\"a\" style=\"font-size: 14pt;\">marzo del a\u00f1o 2013.<\/span><\/div>\n<\/div>\n<\/div>\n<\/div>\n<\/div>\n<div id=\"outer_page_3\" class=\"outer_page only_ie6_border    not_visible\" style=\"text-align: justify;\">\n<div id=\"page3\" class=\"newpage\">\n<div class=\"text_layer\">\n<div class=\"ie_fix\">\n<div>\u00a0<\/div>\n<div>\u00a0<\/div>\n<div class=\"ff1\" style=\"text-align: center;\"><span style=\"font-size: 14pt;\"><strong><span class=\"a\">II<\/span><\/strong><\/span><\/div>\n<div>\u00a0<\/div>\n<div class=\"ff1\"><span style=\"font-size: 14pt;\"><span class=\"a\">La presente ley org\u00e1nica amnist\u00eda los actos que hayan sido declarados o <\/span><span class=\"a\">estuvieran tipificados como delitos o como conductas determinantes de <\/span><span class=\"a\">responsabilidad administrativa o contable, vinculados a la <strong>consulta celebrada en\u00a0<\/strong><\/span><strong><span class=\"a\">Catalu\u00f1a el 9 de noviembre de 2014 y al refer\u00e9ndum de 1 de octubre de 2017 <\/span><\/strong><span class=\"a\">(<em>declarados ambos inconstitucionales en las <strong>sentencias del Tribunal <\/strong><\/em><\/span><span class=\"a\"><strong><em>Constitucional 31\/2015, de 25 de febrero, y\u00a01<\/em><\/strong><span class=\"l8\"><strong><em>14\/2017, de 17 de octubre<\/em><\/strong>), <strong>que se\u00a0<\/strong><\/span><\/span><strong><span class=\"a\">hubiesen realizado entre el 1 de enero de 2012, a\u00f1o en el que comenzaron a <\/span><span class=\"a\">desarrollarse los hechos del proceso independentista, y el 13 de noviembre de <\/span><\/strong><span class=\"a\"><strong>2023<\/strong>. La amnist\u00eda abarca no solo la organizaci\u00f3n y celebraci\u00f3n de la consulta y <\/span><span class=\"a\">el refer\u00e9ndum, sino tambi\u00e9n otros posibles il\u00edcitos que guardan una profunda <\/span><span class=\"a\">conexi\u00f3n con los mismos, como pueden ser, a modo de ejemplo, los actos <\/span><span class=\"a\">preparatorios, las diferentes acciones de protesta para permitir su celebraci\u00f3n o\u00a0<\/span><span class=\"a\">mostrar oposici\u00f3n al procesamiento o condena de sus responsables, incluyendo <\/span><span class=\"a\">tambi\u00e9n la asistencia, colaboraci\u00f3n, asesoramiento o representaci\u00f3n de <\/span><span class=\"a\">cualquier tipo, protecci\u00f3n y seguridad a los responsables, as\u00ed como todos los <\/span><span class=\"a\">actos objeto de la presente Ley que acreditan una tensi\u00f3n pol\u00edtica, social e <\/span><span class=\"a\">institucional que esta norma aspira a resolver de acuerdo con las facultades que<\/span><span class=\"a\">la <strong>Constituci\u00f3n<\/strong> confiere a las <strong>Cortes Generales<\/strong>.\u00a0<\/span><span class=\"a\">Los hechos enmarcados en el denominado proceso independentista, impulsado\u00a0<\/span><span class=\"a\">por las fuerzas pol\u00edticas al frente de las instituciones de la <strong>Generalitat de <\/strong><\/span><span class=\"a\"><strong>Catalunya<\/strong> (<em>President, Parlament y Govern<\/em>) y apoyados por parte de la sociedad\u00a0<\/span><span class=\"a\">civil, as\u00ed como los representantes pol\u00edticos al frente de un buen n\u00famero de los <\/span><span class=\"a\">ayuntamientos de Catalunya, tuvieron como precedente el intenso debate sobre\u00a0<\/span><span class=\"a\">el futuro pol\u00edtico de Catalunya abierto a ra\u00edz de la <a href=\"https:\/\/www.boe.es\/diario_boe\/txt.php?id=BOE-A-2010-11409\" target=\"_blank\" rel=\"noopener\"><strong>sentencia del Tribunal <\/strong><\/a><\/span><span class=\"a\"><strong>Constitucional 31\/2010, de 28 de\u00a0junio<\/strong>. Adem\u00e1<span class=\"l6\">s, desembocaron en una serie de <\/span><\/span><span class=\"a\">movilizaciones intensas y sostenidas en el tiempo, as\u00ed como en mayor\u00edas <\/span><span class=\"a\">parlamentarias indepen<strong>dentistas. <\/strong><\/span><strong><span class=\"a\">Estos hechos comportaron una tensi\u00f3n institucional que dio lugar a la <\/span><span class=\"a\">intervenci\u00f3n de la Justicia y una tensi\u00f3n social y pol\u00edtica que provoc\u00f3 la <\/span><span class=\"a\">desafecci\u00f3n de una parte sustancial de la sociedad catalana hacia las <\/span><span class=\"a\">instituciones estatales, que todav\u00eda no ha desaparecido y que es reavivada de<\/span><span class=\"a\">forma recurrente cuando se manifiestan las m\u00faltiples consecuencias legales que\u00a0<\/span><\/strong><span class=\"a\"><strong>siguen teniendo, especialmente en el \u00e1mbito penal<\/strong>. <\/span><span class=\"a\">En este tiempo, las <strong>Cortes Generales<\/strong> han tenido un papel preponderante a la <\/span><span class=\"a\">hora de configurar la respuesta de la soberan\u00eda popular a ese proceso <\/span><span class=\"a\">independentista. Un papel que esta ley org\u00e1nica reafirma al reconocer su <\/span><span class=\"a\">competencia y legitimidad para hacer una evaluaci\u00f3n de la situaci\u00f3n pol\u00edtica y <\/span><span class=\"a\">promover una serie de soluciones que deben ofrecerse en cada contexto, de <\/span><span class=\"a\">acuerdo con el inter\u00e9s general.<\/span><span class=\"a\">\u00a0As\u00ed, con esta ley org\u00e1nica de amnist\u00eda las<strong> Cortes Generales<\/strong> acuden\u00a0<span class=\"l6\">de nuevo a<\/span><\/span><span class=\"a\">un mecanismo constitucional que refuerza el Estado de derecho para dar una <\/span><span class=\"a\">respuesta adecuada m\u00e1s de diez a\u00f1os despu\u00e9s del comienzo del proceso <\/span><span class=\"a\">independentista, cuando ya se han superado los momentos m\u00e1s acusados de la <\/span><span class=\"a\">crisis y toca establecer las bases para garantizar la convivencia de cara al futuro. <\/span><strong><span class=\"a\">De esta manera, al asumir las Cortes Generales esta decisi\u00f3n de pol\u00edtica <\/span><span class=\"a\">legislativa, no solo no invaden otros espacios, sino que, muy al contrario y en <\/span><span class=\"a\">uso de sus competencias, asumen la mejor v\u00eda de las posibles para abordar, <\/span><span class=\"a\">desde la pol\u00edtica, un conflicto pol\u00edtico. <\/span><span class=\"a\">La aprobaci\u00f3n de esta ley org\u00e1nica se entiende, por tanto, como un paso <\/span><span class=\"a\">necesario para superar las tensiones referidas y eliminar algunas de las <\/span><span class=\"a\">circunstancias que provocan la desafecci\u00f3n que mantiene alejada de las <\/span><\/strong><span class=\"a\"><strong>instituciones estatales a una parte de la poblaci\u00f3n<\/strong>. Unas consecuencias, <\/span><span class=\"a\">adem\u00e1s, que podr\u00edan agravarse en los pr\u00f3ximos a\u00f1os a medida que se <\/span><span class=\"a\">sustancien procedimientos judiciales que afectan no solo a los l\u00edderes de aquel <\/span><span class=\"a\">proceso (<em>que son los menos<\/em>), sino tambi\u00e9n a los m\u00faltiples casos de ciudadanos\u00a0<\/span><span class=\"a\">e incluso a empleados p\u00fablicos que ejercen funciones esenciales en la <\/span><span class=\"a\">administraci\u00f3n auton\u00f3mica y local y cuyo procesamiento y eventual condena e <\/span><span class=\"a\">inhabilitaci\u00f3n producir\u00eda un trastorno grave en el funcionamiento de los servicios\u00a0<\/span><span class=\"a\">en la vida\u00a0diaria de sus vecinos y<span class=\"l6\">, en definitiva, en la convivencia social.\u00a0<\/span><\/span><strong><span class=\"a\">Con la aprobaci\u00f3n de esta ley org\u00e1nica, por tanto, lo que el legislador pretende <\/span><span class=\"a\">es excepcionar la aplicaci\u00f3n de normas vigentes a unos hechos acontecidos en\u00a0<\/span><span class=\"a\">el contexto del proceso independentista catal\u00e1n en aras del inter\u00e9s general, <\/span><span class=\"a\">consistente en garantizar la convivencia dentro del Estado de derecho, y generar\u00a0<\/span><span class=\"a\">un contexto social, pol\u00edtico e institucional que fomente la estabilidad econ\u00f3mica <\/span><span class=\"a\">y el progreso cultural y social tanto de Catalu\u00f1a como del conjunto de Espa\u00f1a, <\/span><\/strong><span class=\"a\"><strong>sirviendo al mismo tiempo de base para la superaci\u00f3n de un conflicto pol\u00edtico<\/strong>.<\/span><span class=\"a\">\u00a0Adem\u00e1s,\u00a0y\u00a0en\u00a0relaci\u00f3n\u00a0directa\u00a0con\u00a0lo\u00a0anterior<span class=\"l7\">, debe tenerse presente que <span style=\"text-decoration: underline;\"><strong>en\u00a0<\/strong><\/span><\/span><\/span><span style=\"text-decoration: underline;\"><strong><span class=\"a\">nuestro ordenamiento constitucional no tiene cabida un modelo de democracia <\/span><\/strong><\/span><span class=\"a\"><span style=\"text-decoration: underline;\"><strong>militante<\/strong><\/span>, esto es, un modelo en el que se imponga no ya el respeto, sino la <\/span><span class=\"a\">adhesi\u00f3n positiva al ordenamiento. <strong>Las metas a perseguir dentro del marco <\/strong><\/span><span class=\"a\"><strong>constitucional son plurales<\/strong>. No obstante, todos los caminos deben transitar <\/span><span class=\"a\">dentro del ordenamiento jur\u00eddico nacional e\u00a0internacional.<\/span><span class=\"a\">\u00a0As\u00ed, esta\u00a0<span class=\"l7\">amnist\u00eda n<span class=\"l6\">o puede\u00a0<span class=\"l8\">interpretarse como un alejamiento de nuestro marco\u00a0<\/span><\/span><\/span><\/span><span class=\"a\">legal. Muy al contrario, es una herramienta que lo fortalece y mira hacia el futuro, <\/span><span class=\"a\">devolviendo al debate parlamentario las divisiones que siguen tensando las <\/span><span class=\"a\">costuras de la sociedad, mediante una renuncia al ejercicio del <\/span><em>ius puniendi<\/em><span class=\"a\">\u00a0por <\/span><span class=\"a\">razones de utilidad social que <strong>se fundamenta en la consecuci\u00f3n de un inter\u00e9s <\/strong><\/span><span class=\"a\"><strong>superior: la convivencia democr\u00e1tica<\/strong>.\u00a0<\/span><span class=\"a\">Esta ley org\u00e1nica es un paso m\u00e1s en un camino dif\u00edcil, pero a la vez valiente y <\/span><span class=\"a\">reconciliador; una demostraci\u00f3n de respeto a la ciudadan\u00eda y de que la aplicaci\u00f3n\u00a0<\/span><span class=\"a\">de la legalidad es necesaria, pero, en ocasiones, no es suficiente para resolver <\/span><span class=\"a\">un conflicto pol\u00edtico sostenido en el tiempo. <strong>Por tanto, esta amnist\u00eda constituye <\/strong><\/span><strong><span class=\"a\">una decisi\u00f3n pol\u00edtica adoptada bajo el principio de justicia en el entendimiento de\u00a0<\/span><span class=\"a\">que los instrumentos con los que cuenta un Estado de derecho no son, ni deben\u00a0<\/span><span class=\"a\">ser, inamovibles; toda vez que es el Derecho el que est\u00e1 al servicio de la <\/span><span class=\"a\">sociedad y no al contrario, y que por tanto este debe tener la capacidad de <\/span><\/strong><span class=\"a\"><strong>actualizarse adapt\u00e1ndose al contexto de cada momento<\/strong>.<\/span><\/span><\/div>\n<div>\u00a0<\/div>\n<div>\u00a0<\/div>\n<div class=\"ff1\" style=\"text-align: center;\"><span style=\"font-size: 14pt;\"><strong><span class=\"a\">III<\/span><\/strong><\/span><\/div>\n<div>\u00a0<\/div>\n<div class=\"ff1\"><span style=\"font-size: 14pt;\"><span class=\"a\">El contexto jur\u00eddico y pol\u00edtico en el que se aprueba esta amnist\u00eda es muy diferente\u00a0<\/span><span class=\"a\">de aquel en el que se aprobaron las dos \u00faltimas normas que implementaron esta\u00a0<\/span><span class=\"a\">medida en nuestro pa\u00eds: el <strong>Real Decreto-ley 10\/1976, de 30 de julio<\/strong>, y la <strong>Ley<\/strong><\/span><span class=\"a\"><strong>46\/1977, de 15 de octubre<\/strong>. En ese momento, formaban parte del conjunto de <\/span><span class=\"a\">actos con los que se pretend\u00eda poner fin a una larga dictadura para iniciar la <\/span><span class=\"a\">construcci\u00f3n de un Estado social y democr\u00e1tico de derecho en el marco de la <\/span><span class=\"a\">Uni\u00f3n Europea, presidido por el reconocimiento de un amplio elenco de derechos\u00a0<\/span><span class=\"a\">fundamentales y por la divisi\u00f3n de poderes. <strong>Hoy, en el a\u00f1o 2023, Espa\u00f1a se <\/strong><\/span><strong><span class=\"a\">caracteriza por ser una democracia y un Estado de derecho, en el que el principio <\/span><span class=\"a\">de legalidad, el principio democr\u00e1tico y el respeto a los derechos fundamentales\u00a0<\/span><\/strong><span class=\"a\"><strong>se configuran como pilares esenciales<\/strong>. <\/span><span class=\"a\">Desde el a\u00f1o 1978, Espa\u00f1a cuenta con un texto constitucional homologable al <\/span><span class=\"a\">de los pa\u00edses de nuestro entorno, que garantiza los derechos fundamentales <\/span><span class=\"a\">individualmente considerados y preserva los derechos ideol\u00f3gicos y pol\u00edticos de\u00a0<\/span><span class=\"a\">todos, y que establece para los poderes p\u00fablicos la obligaci\u00f3n de interpretar las\u00a0<\/span><span class=\"a\">normas relativas a los derechos fundamentales y a las libertades de conformidad\u00a0 <\/span><span class=\"a\">con la Declaraci\u00f3n Universal de Derechos Humanos y los tratados y acuerdos <\/span><span class=\"a\">internacionales ratificados, tal y como reconoce la propia Constituci\u00f3n.\u00a0<\/span><span class=\"a\">De acuerdo con este marco, <strong>una ley de amnist\u00eda solo puede fundamentarse en\u00a0 <\/strong><\/span><strong><span class=\"a\">la solidez del sistema democr\u00e1tico, que demuestra as\u00ed su capacidad de <\/span><span class=\"a\">conciliaci\u00f3n a trav\u00e9s de un acto soberano de las Cortes Generales, cuya <\/span><\/strong><span class=\"a\"><strong>legitimidad encuentra fundamento en dos pilares de distinta naturaleza<\/strong>: por un <\/span><span class=\"a\">lado, <em>la constitucionalidad de la\u00a0medida<\/em> y<span class=\"l7\">, por otro, <em>la necesidad de abordar una\u00a0<\/em><\/span><\/span><span class=\"a\"><em>situaci\u00f3n excepcional en pro del inter\u00e9s general<\/em>, apostando por un futuro de <\/span><span class=\"a\">entendimiento, di\u00e1logo y negociaci\u00f3n entre las distintas sensibilidades pol\u00edticas,\u00a0<\/span><span class=\"a\">ideol\u00f3gicas y nacionales. <strong>Una sociedad que pretende avanzar desde un punto <\/strong><\/span><strong><span class=\"a\">de vista democr\u00e1tico debe tener la capacidad de favorecer y ubicar entre sus <\/span><span class=\"a\">prioridades la convivencia, el di\u00e1logo, el respeto y el eventual entendimiento <\/span><span class=\"a\">entre las diferentes posiciones y reivindicaciones pol\u00edticas democr\u00e1ticas<\/span><\/strong><span class=\"a\">. <\/span><span class=\"a\">Y es que, en coherencia con el<strong> Convenio Europeo de Derechos Humanos<\/strong> y con\u00a0<\/span><span class=\"a\">la <strong>Carta Europea de Derechos Fundamentales<\/strong>, es necesario recordar que la <\/span><span class=\"a\"><strong>Constituci\u00f3n espa\u00f1ola de 1978<\/strong> consagra el pluralismo pol\u00edtico como uno de los\u00a0 <\/span><span class=\"a\">valores superiores de nuestro ordenamiento jur\u00eddico (<span style=\"text-decoration: underline;\">art\u00edculo 1<\/span>), configura los <\/span><span class=\"a\">partidos pol\u00edticos como cauce de expresi\u00f3n de la voluntad popular y como <\/span><span class=\"a\">instrumento fundamental para la participaci\u00f3n pol\u00edtica (<span style=\"text-decoration: underline;\">art\u00edculo 6<\/span>), el principio de\u00a0<\/span><span class=\"a\">legalidad, la seguridad jur\u00eddica y la interdicci\u00f3n de la arbitrariedad de los poderes\u00a0<\/span><span class=\"a\">p\u00fablicos (<span style=\"text-decoration: underline;\">art\u00edculo 9<\/span>) y garantiza el derecho fundamental a la libertad ideol\u00f3gica <\/span><span class=\"a\">(<span style=\"text-decoration: underline;\">art\u00edculo 16<\/span>), as\u00ed como los derechos a la libertad de expresi\u00f3n y de informaci\u00f3n <\/span><span class=\"a\">(<span style=\"text-decoration: underline;\">art\u00edculo 20<\/span>), el derecho de reuni\u00f3n y manifestaci\u00f3n pac\u00edfica y sin armas (<span style=\"text-decoration: underline;\">art\u00edculo\u00a0<\/span><\/span><span class=\"a\"><span style=\"text-decoration: underline;\">21<\/span>) y el derecho de asociaci\u00f3n (<span style=\"text-decoration: underline;\">art\u00edculo 22<\/span>). A partir de estos presupuestos, se<\/span><span class=\"a\">da una adecuada articulaci\u00f3n con los principios y valores generales del texto <\/span><span class=\"a\">constitucional, especialmente teniendo en cuenta que la <strong>Constituci\u00f3n de 1978<\/strong> se\u00a0<\/span><span class=\"a\">integra en la tradici\u00f3n liberal-democr\u00e1tica que ha alumbrado los Estados sociales\u00a0<\/span><span class=\"a\">y democr\u00e1ticos de derecho contempor\u00e1neos. <strong>Ello exige que valores como el <\/strong><\/span><strong><span class=\"a\">pluralismo pol\u00edtico, la justicia y la igualdad presidan el fundamento, la finalidad, <\/span><\/strong><span class=\"a\"><strong>el \u00e1mbito y las condiciones de una ley de amnist\u00eda<\/strong>. <\/span><span class=\"a\">Este es el marco jur\u00eddico general en el que se concibe la presente ley de <\/span><span class=\"a\">amnist\u00eda, en el claro entendimiento de que,<strong> si bien no hay democracia fuera del <\/strong><\/span><strong><span class=\"a\">Estado de derecho, es necesario crear las condiciones para que la pol\u00edtica, el <\/span><span class=\"a\">di\u00e1logo y los cauces parlamentarios sean los protagonistas en la b\u00fasqueda de <\/span><span class=\"a\">soluciones a una cuesti\u00f3n pol\u00edtica con una presencia recurrente en nuestra <\/span><\/strong><span class=\"a\"><strong>histori<\/strong>a. Se trata, pues, de utilizar cuantos instrumentos est\u00e9n en manos del <\/span><span class=\"a\">Estado para procurar la normalizaci\u00f3n institucional tras un periodo de grave <\/span><span class=\"a\">perturbaci\u00f3n, as\u00ed como seguir favoreciendo el di\u00e1logo, el entendimiento y la <\/span><span class=\"a\">convivencia. Este proceso est\u00e1 inspirado, adem\u00e1s, por la interpretaci\u00f3n que <\/span><span class=\"a\">ofrece el <strong>Tribunal<\/strong> <strong>Constitucional<\/strong> sobre las obligaciones pol\u00edticas de los poderes <\/span><span class=\"a\">p\u00fablicos al decir que \u201cl<em>a Constituci\u00f3n no aborda ni puede abordar expresamente\u00a0<\/em><\/span><em><span class=\"a\">todos los problemas que se pueden suscitar en el orden constitucional [\u2026]. Por <\/span><span class=\"a\">ello, los poderes p\u00fablicos y muy especialmente los poderes territoriales que <\/span><span class=\"a\">conforman nuestro Estado auton\u00f3mico son quienes est\u00e1n llamados a resolver <\/span><span class=\"a\">mediante el di\u00e1logo y la cooperaci\u00f3n los problemas que se desenvuelven en este <\/span><\/em><span class=\"a\"><em>\u00e1mbito<\/em>\u201d (<strong>sentencia 42\/2014, de 24 de marzo<\/strong>).<\/span><\/span><\/div>\n<div>\u00a0<\/div>\n<div>\u00a0<\/div>\n<div class=\"ff1\" style=\"text-align: center;\"><span style=\"font-size: 14pt;\"><strong><span class=\"a\">IV<\/span><\/strong><\/span><\/div>\n<div>\u00a0<\/div>\n<div class=\"ff1\"><span style=\"font-size: 14pt;\"><span class=\"a\">La constitucionalidad de la amnist\u00eda fue declarada por el <strong>Tribunal Constitucional<\/strong>,\u00a0<\/span><span class=\"a\">en su <strong>sentencia 147\/1986, de 25 de noviembre<\/strong>, a prop\u00f3sito precisamente de la <\/span><span class=\"a\">aplicaci\u00f3n de la <strong>Ley 46\/1977<\/strong>. En este pronunciamiento, se afirma taxativamente\u00a0<\/span><span class=\"a\">que \u201c<em>no hay restricci\u00f3n constitucional directa sobre esta materia<\/em>\u201d.\u00a0<\/span><span class=\"a\">La Constituci\u00f3n no proh\u00edbe la instituci\u00f3n jur\u00eddica de la amnist\u00eda, sino solo una <\/span><span class=\"a\">manifestaci\u00f3n concreta del derecho de gracia, como son los indultos generales,\u00a0<\/span><span class=\"a\">que cuentan con una naturaleza jur\u00eddica muy diferente a la que es propia de una\u00a0<\/span><span class=\"a\">ley org\u00e1nica de amnist\u00eda, al ser el indulto una prerrogativa del Poder Ejecutivo. <\/span><span class=\"a\">La propia <strong>sentencia 147\/1986<\/strong> abunda en esta cuesti\u00f3n al afirmar que \u201c<em>es err\u00f3neo\u00a0<\/em><\/span><em><span class=\"a\">razonar sobre el indulto y la amnist\u00eda como figuras cuya diferencia es meramente\u00a0<\/span><\/em><span class=\"a\"><em>cuantitativa, pues se hallan entre s\u00ed en una relaci\u00f3n de diferenciaci\u00f3n cualitativa<\/em>\u201d.\u00a0<\/span><span class=\"a\">Parece razonable entender que el constituyente de 1978 no prohibi\u00f3 la instituci\u00f3n\u00a0<\/span><span class=\"a\">de la amnist\u00eda porque, entre otras razones, ello hubiera implicado la derogaci\u00f3n\u00a0<\/span><span class=\"a\">del ya mencionado <strong>Real Decreto-ley 10\/1976, de 30 de julio<\/strong>, y la <strong>Ley 46\/1977,<\/strong><\/span><span class=\"a\"><strong>de 15 de octubre<\/strong>, que constituyeron el punto de partida del pacto constitucional <\/span><span class=\"a\">y sin las cuales no hubiera sido posible la Transici\u00f3n Democr\u00e1tica ni el amplio <\/span><span class=\"a\">consenso parlamentario y social que avalaron e hicieron posible que la <\/span><span class=\"a\"><strong>Constituci\u00f3n espa\u00f1ola<\/strong> de 1978 viera la luz. Esta circunstancia se revela evidente <\/span><span class=\"a\">en la jurisprudencia, toda vez que el <strong>Tribunal Supremo<\/strong> ha afirmado de forma <\/span><span class=\"a\">taxativa que la<strong> Ley 46\/1977<\/strong> es \u201c<em>una ley vigente cuya eventual derogaci\u00f3n <\/em><\/span><span class=\"a\"><em>corresponder\u00eda, en exclusiva, al Parlamento<\/em>\u201d (<strong>sentencia 101\/2012, de 27 de <\/strong><\/span><span class=\"a\"><strong>febrero<\/strong>).<\/span><span class=\"a\">Todo ello nos permite inferir que la amnist\u00eda, lejos de ser una figura <\/span><span class=\"a\">inconstitucional, forma parte del pacto fundacional de la democracia espa\u00f1ola y <\/span><span class=\"a\">se presenta como una facultad de las <strong>Cortes Generales<\/strong>, en las que est\u00e1 <\/span><span class=\"a\">representado todo el pueblo espa\u00f1ol, titular de la soberan\u00eda nacional. <strong>De esta <\/strong><\/span><strong><span class=\"a\">manera, a quien se halla legitimado para tipificar o destipificar una determinada <\/span><span class=\"a\">conducta se le reconoce, en l\u00f3gica consecuencia, la facultad de amnistiar esos <\/span><span class=\"a\">mismos hechos sin otros l\u00edmites que los que directamente dimanen de la <\/span><\/strong><span class=\"a\"><strong>Constituci\u00f3n<\/strong>.<\/span><\/span><\/div>\n<\/div>\n<\/div>\n<\/div>\n<\/div>\n<div id=\"outer_page_8\" class=\"outer_page only_ie6_border    not_visible\" style=\"text-align: justify;\">\n<div class=\"b_l\">\u00a0<\/div>\n<div id=\"page8\" class=\"newpage\">\n<div class=\"text_layer\">\n<div class=\"ie_fix\">\n<div class=\"ff5\"><span style=\"font-size: 14pt;\"><span class=\"a\">Cabe subrayar que <strong>la amnist\u00eda no afecta al principio de separaci\u00f3n de poderes <\/strong><\/span><span class=\"a\"><strong>ni a la exclusividad de la jurisdicci\u00f3n<\/strong> previsto en el <strong>art\u00edculo 117 de la Constituci\u00f3n<\/strong>\u00a0<\/span><span class=\"a\">porque, como reza su propio texto, el <strong>Poder Judicial<\/strong> est\u00e1 sometido al imperio de<\/span><span class=\"a\">la ley y es precisamente una ley con valor de org\u00e1nica la que, dentro de los <\/span><span class=\"a\">par\u00e1metros antes expuestos, prev\u00e9 los supuestos de exenci\u00f3n de la <\/span><span class=\"a\">responsabilidad, correspondiendo a los jueces y tribunales, as\u00ed como al <strong>Tribunal\u00a0<\/strong><\/span><span class=\"a\"><strong>de Cuentas<\/strong> o a las autoridades administrativas que sigan o hubieran seguido las\u00a0<\/span><span class=\"a\">diligencias, procesos, expedientes y causas a las que afecten los actos <\/span><span class=\"a\">amnistiados, su aplicaci\u00f3n a cada caso concreto. <\/span><span class=\"a\">Lo anterior <strong>es as\u00ed tal cual se ha venido reconociendo impl\u00edcitamente en nuestro <\/strong><\/span><strong><span class=\"a\">ordenamiento jur\u00eddico que, con normalidad, incorpora en distintos preceptos la <\/span><\/strong><span class=\"a\"><strong>figura de la amnist\u00eda<\/strong>. <\/span><span class=\"a\">Entre la legislaci\u00f3n estatal cabr\u00eda destacar, por ejemplo, el <strong>art\u00edculo 666.4\u00aa del <\/strong><\/span><strong><span class=\"a\">Real Decreto de 14 de septiembre de 1882 por el que se aprueba la Ley de <\/span><\/strong><span class=\"a\"><strong>Enjuiciamiento Criminal<\/strong>, <strong>donde se prev\u00e9 la amnist\u00eda como una de las causas que\u00a0<\/strong><\/span><span class=\"a\"><strong>obligan al sobreseimiento<\/strong>. <strong>As\u00ed como toda una serie de normas que han sido <\/strong><\/span><span class=\"a\"><strong>aprobadas desde los a\u00f1os 80, como<\/strong> (i) el <em>art\u00edculo 16 del Real Decreto 796\/2005,\u00a0<\/em><\/span><em><span class=\"a\">de 1 de julio, por el que se aprueba el Reglamento general de r\u00e9gimen <\/span><\/em><span class=\"a\"><em>disciplinario del personal al servicio de la Administraci\u00f3n de Justicia<\/em>; (ii) el <em>art\u00edculo <\/em><\/span><em><span class=\"a\">163 del Real Decreto 1608\/2005, de 30 de diciembre, por el que se aprueba el <\/span><\/em><span class=\"a\"><em>Reglamento Org\u00e1nico del Cuerpo de Secretarios Judiciales<\/em>; (iii) el <em>art\u00edculo 108 <\/em><\/span><em><span class=\"a\">del Real Decreto 429\/1988, de 29 de abril, por el que se aprueba el Reglamento\u00a0<\/span><\/em><span class=\"a\"><em>Org\u00e1nico del Cuerpo de Secretarios Judiciales<\/em>; (iv) el <em>art\u00edculo 88 del Real <\/em><\/span><em><span class=\"a\">Decreto 2003\/1986, de 19 de septiembre, por el que se aprueba el Reglamento <\/span><span class=\"a\">Org\u00e1nico de los Cuerpos Oficiales, Auxiliares y Agentes de la Administraci\u00f3n de\u00a0<\/span><\/em><span class=\"a\"><em>Justicia<\/em>; y (v) el <em>art\u00edculo 19 del Real Decreto 33\/1986, de 10 de enero, por el que se aprueba el Reglamento de R\u00e9gimen Disciplinario de los Funcionarios de la Administraci\u00f3n del Estado<\/em>, en los que se prev\u00e9 que la responsabilidad disciplinaria de los integrantes de estos cuerpos puede extinguirse, entre otras causas, por la amnist\u00eda<\/span><span class=\"a\">. <strong>O la exposici\u00f3n de motivos y el art\u00edculo 2 de la m\u00e1s <\/strong><\/span><span class=\"a\"><strong>reciente Ley 20\/2022, de 19 de octubre, de Memoria Democr\u00e1tica<\/strong>, donde se <\/span><span class=\"a\">reconoce que la <strong>Ley de 46\/1977, de 15 de octubre, de Amnist\u00eda<\/strong>, forma parte de<\/span><span class=\"a\">las leyes plenamente vigentes del Estado espa\u00f1ol. <\/span><strong><span class=\"a\">En la normativa auton\u00f3mica tambi\u00e9n encontramos referencias a la amnist\u00eda <\/span><span class=\"a\">como causa de extinci\u00f3n de responsabilidad disciplinaria en normas aprobadas <\/span><\/strong><span class=\"a\"><strong>desde los a\u00f1os 90<\/strong>, por ejemplo, (i)\u00a0el <em>art\u00edculo 144 del Decreto Legislativo 1\/2020,<\/em><\/span><em><span class=\"a\">de 22 de julio, por el que se aprueba el texto refundido de la Ley de Polic\u00eda del <\/span><\/em><span class=\"a\"><em>Pa\u00eds Vasco<\/em>; (ii) el <em>art\u00edculo 57.4 de la Ley Foral 8\/2007, de 23 de marzo, de las <\/em><\/span><span class=\"a\"><em>Polic\u00edas Navarra<\/em>; (iii) el <em>art\u00edculo 89.1 de la Ley 6\/1989, de 6 de julio, de la Funci\u00f3n\u00a0<\/em><\/span><span class=\"a\"><em>P\u00fablica V<\/em><span class=\"l6\"><em>asca<\/em>; (iv) el <em>art\u00edculo 64 de la Ley 6\/2005, de 3 de junio, de coordinaci\u00f3n\u00a0<\/em><\/span><\/span><span class=\"a\"><em>de las Polic\u00edas Locales de las Illes Balears<\/em>; (v) el <em>art\u00edculo 78.1 de la Ley del <\/em><\/span><span class=\"a\"><em>Parlament de Catalu\u00f1a 10\/1994, de 11 de julio, de la Polic\u00eda de la Generalitat<\/em>; o\u00a0<\/span><span class=\"a\">(vi) el <em>art\u00edculo 58.1 de la Ley del Parlament de Catalu\u00f1a 16\/1991, de 10 de julio,\u00a0<\/em><\/span><span class=\"a\"><em>de las Polic\u00edas Locales<\/em>.<\/span><\/span><\/div>\n<\/div>\n<\/div>\n<\/div>\n<\/div>\n<div id=\"outer_page_9\" class=\"outer_page only_ie6_border    not_visible\" style=\"text-align: justify;\">\n<div class=\"b_l\">\u00a0<\/div>\n<div id=\"page9\" class=\"newpage\">\n<div class=\"text_layer\">\n<div class=\"ie_fix\">\n<div class=\"ff5\"><span style=\"font-size: 14pt;\"><span class=\"a\">Por \u00faltimo, cabe destacar que <strong>la amnist\u00eda se contempla en m\u00e1s de treinta <\/strong><\/span><span class=\"a\"><strong>acuerdos internacionales suscritos por Espa\u00f1a<\/strong> en materia de traslado de <\/span><span class=\"a\">personas condenadas o extradiciones, teniendo m\u00e1s de veinte de ellos rango de <\/span><span class=\"a\">tratado o convenio internacional, lo que implica una revisi\u00f3n previa sobre su <\/span><span class=\"a\">plena constitucionalidad.<\/span><\/span><\/div>\n<div>\u00a0<\/div>\n<div>\u00a0<\/div>\n<div class=\"ff5\" style=\"text-align: center;\"><span style=\"font-size: 14pt;\"><strong><span class=\"a\">V<\/span><\/strong><\/span><\/div>\n<div>\u00a0<\/div>\n<div class=\"ff5\"><span style=\"font-size: 14pt;\"><span class=\"a\">El <strong>Tribunal Constitucional<\/strong> no solo ha dejado clara la constitucionalidad de las <\/span><span class=\"a\">leyes de amnist\u00eda con car\u00e1cter general, sino que, con ocasi\u00f3n de la amnist\u00eda <\/span><span class=\"a\">aprobada en 1977, ha establecido los requisitos para que una ley de estas <\/span><span class=\"a\">caracter\u00edsticas pueda ser v\u00e1lida en nuestro ordenamiento jur\u00eddico. En este <\/span><span class=\"a\">sentido, ha insistido en que este\u00a0tipo de normas, como el resto\u00a0del ordenamiento<\/span><span class=\"a\">\u00a0jur\u00eddico, han\u00a0de ajustarse\u00a0a los\u00a0principios constitucionales (<strong><em>sentencias 28\/1982, <\/em><\/strong><\/span><span class=\"a\"><strong><em>de 26 de mayo;\u00a063\/1983, de 20 de julio;\u00a01<\/em><\/strong><span class=\"l7\"><em><strong>16\/1987, de 7 de\u00a0julio<\/strong>, entre otras<\/em>). <\/span><\/span><span class=\"a\">En este mismo sentido, cabe destacar que el <strong>Consejo de Estado<\/strong>, cuyo cometido\u00a0<\/span><span class=\"a\">es tambi\u00e9n el examen de la constitucionalidad de los proyectos de disposiciones\u00a0<\/span><span class=\"a\">generales, en su <strong>Dictamen 895\/2005<\/strong>, emitido con ocasi\u00f3n de la tramitaci\u00f3n del <\/span><span class=\"a\">ya citado <strong>Real Decreto 796\/2005, por el que se aprueba el Reglamento <\/strong><\/span><span class=\"a\"><strong>disciplinario del personal al servicio de la Administraci\u00f3n de Justicia<\/strong>, no efectu\u00f3 <\/span><span class=\"a\">reproche alguno a la inclusi\u00f3n de la amnist\u00eda como causa de extinci\u00f3n de la <\/span><span class=\"a\">responsabilidad disciplinaria (art. 16). <\/span><span class=\"a\">Pues bien, declarada su constitucionalidad, solo cabe entender esta opci\u00f3n <\/span><span class=\"a\">legislativa en el marco de las leyes singulares, respecto de las que el <strong>Tribunal <\/strong><\/span><span class=\"a\"><strong>Constitucional<\/strong> ha venido sosteniendo su excepcionalidad, pero tambi\u00e9n su <\/span><span class=\"a\">conformidad con el texto constitucional al afirmar que \u201c<em>el dogma de la <\/em><\/span><em><span class=\"a\">generalidad de la Ley no es obst\u00e1culo insalvable que impida al legislador dictar,\u00a0<\/span><span class=\"a\">con valor de Ley, preceptos espec\u00edficos para supuestos \u00fanicos o sujetos <\/span><\/em><span class=\"a\"><em>concretos<\/em>\u201d (<strong>sentencia 166\/1986, de 19 de diciembre<\/strong>). Esta jurisprudencia se ha <\/span><span class=\"a\">mantenido en el tiempo y, d\u00e9cadas despu\u00e9s, nuestro int\u00e9rprete supremo ha <\/span><span class=\"a\">seguido afirmando que \u201c<em>el concepto de ley presente en la Constituci\u00f3n no impide\u00a0<\/em><\/span><span class=\"a\"><em>la existencia de leyes singulares<\/em>\u201d (<strong>sentencia 129\/2013, de 4\u00a0de junio<\/strong>).<\/span><span style=\"text-decoration: underline;\"><span class=\"a\"> Ahora bien, la regulaci\u00f3n\u00a0<\/span><em><span class=\"a\">ad casum <\/span><\/em><span class=\"a\">que supone toda ley singular, solo supera el <\/span><span class=\"a\">canon constitucional de igualdad cuando se trata de normas \u201c<em>dictadas en <\/em><\/span><em><span class=\"a\">atenci\u00f3n a un supuesto de hecho concreto y singular, que agotan su contenido y\u00a0<\/span><span class=\"a\">eficacia en la adopci\u00f3n y ejecuci\u00f3n de la medida tomada por el legislador ante <\/span><\/em><\/span><span class=\"a\"><span style=\"text-decoration: underline;\"><em>ese supuesto de hecho, aislado en la Ley singular<\/em>\u201d<\/span> (<strong>sentencia del Tribunal <\/strong><\/span><span class=\"a\"><strong>Constitucional 129\/2013, de 4 de junio<\/strong>). <strong>Este es precisamente el par\u00e1metro de <\/strong><\/span><strong><span class=\"a\">constitucionalidad que cumple la presente ley org\u00e1nica de amnist\u00eda, toda vez que\u00a0<\/span><span class=\"a\">su objeto y \u00e1mbito se dirige a un grupo concreto de destinatarios y agota su <\/span><span class=\"a\">contenido en la adopci\u00f3n de la medida para un supuesto de hecho singular, en <\/span><span class=\"a\">este caso el conjunto de actos vinculados, de diversas formas, al ya mencionado <\/span><\/strong><span class=\"a\"><strong>proceso independentista, que quedan acotados material\u00a0y temporalmente<\/strong>.<\/span><\/span><\/div>\n<\/div>\n<\/div>\n<\/div>\n<\/div>\n<div id=\"outer_page_10\" class=\"outer_page only_ie6_border   not_visible\" style=\"text-align: justify;\">\n<div class=\"b_tl\">\u00a0<\/div>\n<div id=\"page10\" class=\"newpage\">\n<div class=\"text_layer\">\n<div class=\"ie_fix\">\n<div class=\"ff5\"><span style=\"font-size: 14pt;\"><span class=\"a\">En efecto, el principio de igualdad no implica la necesidad de dar un alcance <\/span><span class=\"a\">universal a los efectos de la amnist\u00eda, sino a que no existan discriminaciones <\/span><span class=\"a\">entre personas que se encuentren comprendidas en el supuesto habilitante de<\/span><span class=\"a\">la norma (<em>en este caso, los actos determinantes de distintos tipos de <\/em><\/span><span class=\"a\"><em>responsabilidad en relaci\u00f3n con el proceso independentista<\/em>). Y ello porque, como\u00a0<\/span><span class=\"a\">ha dejado claro el <em>m\u00e1ximo int\u00e9rprete de la <strong>Constituci\u00f3n<\/strong><\/em>, el <strong>principio de igualdad <\/strong><\/span><span class=\"a\">debe aplicarse cuando exista \u201c<em>identidad sustancial de las situaciones jur\u00eddicas<\/em>\u201d, <\/span><span class=\"a\">sin que se pueda <em>\u201ctrabar comparaci\u00f3n [\u2026] entre situaciones jur\u00eddicas que en <\/em><\/span><span class=\"a\"><em>origen no han sido equiparadas por\u00a0las propias normas que las crean<\/em>\u201d (<strong>sentencia <\/strong><\/span><span class=\"a\"><strong>194\/1999, de 25 de octubre<\/strong>), atendiendo para ello al principio de justificaci\u00f3n y <\/span><span class=\"a\">razonabilidad (<strong>sentencias 62\/1982, de 15 de octubre; 112\/1996, de 24 de junio; <\/strong><\/span><span class=\"a\"><strong>102\/1999, de 31 de mayo<\/strong>). <strong>Esta ley org\u00e1nica respeta, por tanto, el principio de <\/strong><\/span><strong><span class=\"a\">igualdad en la medida en que el \u00e1mbito de aplicaci\u00f3n se identifica de forma <\/span><span class=\"a\">objetiva y justificada, de acuerdo a valores constitucionales, y sin que <\/span><\/strong><span class=\"a\"><strong>arbitrariamente se excluyan de la misma supuestos con una identidad sustancial<\/strong>.\u00a0<\/span><span class=\"a\">Enmarcada la presente ley org\u00e1nica de amnist\u00eda en la categor\u00eda de <strong>ley singular <\/strong><\/span><span class=\"a\">y definida la <strong>situaci\u00f3n excepcional a la que pretende dar respuesta<\/strong>, su se inspira,\u00a0<\/span><span class=\"a\">como no puede ser de otra manera, en los principios de razonabilidad, <\/span><span class=\"a\">proporcionalidad y adecuaci\u00f3n. <\/span><strong><span class=\"a\">La razonabilidad de la misma se vincula a la justificaci\u00f3n objetiva y razonable de\u00a0<\/span><span class=\"a\">su singularidad, que se enmarca en la necesidad de superar, como ya se ha <\/span><span class=\"a\">puesto de manifiesto, la situaci\u00f3n de alta tensi\u00f3n pol\u00edtica que vivi\u00f3 la sociedad <\/span><\/strong><span class=\"a\"><strong>catalana de forma especialmente intensa desde 2012<\/strong>. Se consagra as\u00ed <\/span><span class=\"a\">legalmente la voluntad de avanzar en el camino del di\u00e1logo pol\u00edtico y social <\/span><span class=\"a\">necesario para la cohesi\u00f3n y el progreso de la sociedad catalana, en el <\/span><span class=\"a\">entendimiento de que <strong>el refuerzo de la convivencia justifica la presente ley de <\/strong><\/span><span class=\"a\"><strong>amnist\u00eda<\/strong>, que supone un punto de inflexi\u00f3n, con la finalidad de superar <\/span><span class=\"a\">obst\u00e1culos y mejorar la convivencia avanzando hacia la plena normalizaci\u00f3n de\u00a0<\/span><span class=\"a\">una <strong>sociedad plural<\/strong> que aborda los principales debates sobre su futuro mediante <\/span><span class=\"a\">el di\u00e1logo, la negociaci\u00f3n, y los acuerdos democr\u00e1ticos. <strong>De esta manera, se<\/strong><\/span><span class=\"a\"><strong>de vuelve la resoluci\u00f3n del conflicto pol\u00edtico a los cauces de la discusi\u00f3n pol\u00edtica<\/strong>.<\/span><\/span><\/div>\n<div>\u00a0<\/div>\n<div class=\"ff5\"><span style=\"font-size: 14pt;\"><strong><span class=\"a\">La proporcionalidad de la ley deriva de la concreci\u00f3n del elenco de actos que <\/span><span class=\"a\">hayan sido declarados o est\u00e9n tipificados como delitos y conductas que se <\/span><span class=\"a\">amnist\u00edan y de su necesaria vinculaci\u00f3n con los actos realizados en un periodo <\/span><\/strong><span class=\"a\"><strong>de tiempo acotado por\u00a0la ley<\/strong><span class=\"l6\">. De este modo, se elude una referencia gen\u00e9rica e\u00a0<\/span><\/span><span class=\"a\">imprecisa, evitando que la amnist\u00eda pueda abarcar otro tipo de actos no <\/span><span class=\"a\">conectados directamente con el proceso independentista y las consecuencias de\u00a0<\/span><span class=\"a\">este, cuya exoneraci\u00f3n no tendr\u00eda cabida dentro del fundamento sobre el que se\u00a0<\/span><span class=\"a\">erige esta medida. <\/span><span class=\"a\">T<span class=\"l10\">odo ello conecta con el <strong>principio de adecuaci\u00f3n<\/strong> y con la finalidad que pretende\u00a0<\/span><\/span><span class=\"a\">la norma, vinculada al mandato de optimizaci\u00f3n que se deriva del <strong>art\u00edculo 9 de <\/strong><\/span><span class=\"a\"><strong>la Constituci\u00f3n<\/strong> y <strong>que se dirige a todos los poderes p\u00fablicos, pero particularmente\u00a0<\/strong><\/span><strong><span class=\"a\">al legislador, que es quien configura los tipos penales, quien los deroga y quien <\/span><span class=\"a\">aprueba, como es el caso, una ley de amnist\u00eda con una finalidad leg\u00edtima y <\/span><\/strong><span class=\"a\"><strong>constitucional<\/strong>. Finalidad, adem\u00e1s, que, debido a su naturaleza jur\u00eddica o a la <\/span><span class=\"a\">diversidad de situaciones procesales vigentes en el momento de la promulgaci\u00f3n\u00a0<\/span><span class=\"a\">de esta norma, no podr\u00eda lograrse con otro tipo de figuras legales como la <\/span><span class=\"a\">concesi\u00f3n de <strong>indultos<\/strong> o la reforma del <strong>C\u00f3digo Penal<\/strong>.\u00a0<\/span><span class=\"a\">Por otra parte, el car\u00e1cter de ley singular que excepciona la aplicaci\u00f3n de normas\u00a0<\/span><span class=\"a\">vigentes a los hechos acontecidos en un determinado contexto en aras del <\/span><span class=\"a\">inter\u00e9s general deber\u00e1 conllevar el<strong> inmediato alzamiento de las medidas <\/strong><\/span><span class=\"a\"><strong>cautelares que hubieran sido adoptadas<\/strong>, incluso cuando tenga lugar el <\/span><span class=\"a\">planteamiento de un recurso o una cuesti\u00f3n de inconstitucionalidad, as\u00ed como l<strong>a\u00a0<\/strong><\/span><span class=\"a\"><strong>finalizaci\u00f3n de la ejecuci\u00f3n de las\u00a0penas impuestas<\/strong>.<\/span><\/span><\/div>\n<div>\u00a0<\/div>\n<div class=\"ff5\" style=\"text-align: center;\"><span style=\"font-size: 14pt;\"><strong><span class=\"a\">VI<\/span><\/strong><\/span><\/div>\n<div>\u00a0<\/div>\n<div class=\"ff5\"><span style=\"font-size: 14pt;\"><strong><span class=\"a\">Esta ley consta de 16 art\u00edculos, divididos en tres t\u00edtulos, dos disposiciones <\/span><\/strong><span class=\"a\"><strong>adicionales y una disposici\u00f3n final<\/strong>. <\/span><span class=\"a\">El <strong>T\u00edtulo I<\/strong> delimita el \u00e1mbito objetivo de la amnist\u00eda. A estos efectos, primero <\/span><span class=\"a\">describe los actos tipificados como delito o determinantes de responsabilidad <\/span><span class=\"a\">administrativa o contable vinculados, de una u otra forma, a la consulta del 9 de\u00a0<\/span><span class=\"a\">noviembre de 2014 y al refer\u00e9ndum del 1 de octubre de 2017, declarados ambos\u00a0<\/span><span class=\"a\">inconstitucionales, que quedan exonerados, delimitando el per\u00edodo marco <\/span><span class=\"a\">temporal en el que deben haberse producido desde el 1 de enero de 2012 hasta\u00a0<\/span><span class=\"a\">el 13 de noviembre de 2023. <\/span><span class=\"a\">Despu\u00e9s identifica los actos delictivos a los que, en todo caso, no resultar\u00e1 de <\/span><span class=\"a\">aplicaci\u00f3n esta amnist\u00eda, en el entendido de que no todo hecho ni delito puede <\/span><span class=\"a\">ni merece ser amnistiado. Como sucede con los hechos previstos en el art\u00edculo<\/span><span class=\"a\">3 de la <strong>Directiva (UE) 2017\/541 del Parlamento Europeo y del Conejo de 15 de <\/strong><\/span><span class=\"a\"><strong>marzo de 2017, relativa a la lucha contra el terrorismo<\/strong>, o con el <strong>art\u00edculo 3 del <\/strong><\/span><strong><span class=\"a\">Convenio Europeo de Derechos Humanos, que proh\u00edbe la tortura y las penas o <\/span><\/strong><span class=\"a\"><strong>tratos inhumanos o degradantes<\/strong>, que se supone a la par que un l\u00edmite <\/span><span class=\"a\">infranqueable, un claro ejemplo de ello. No obstante, conviene recordar que no <\/span><span class=\"a\">todo acto degradante tiene encaje en dicho precepto, pues para ello se precisa <\/span><span class=\"a\">que la acci\u00f3n, adem\u00e1s de ser il\u00edcita, alcance un nivel m\u00ednimo de gravedad. As\u00ed, <\/span><span class=\"a\">de acuerdo con la jurisprudencia del <strong>Tribunal Europeo de Derechos Humanos<\/strong>, <\/span><span class=\"a\">para que el acto sea considerado degradante con arreglo al art\u00edculo 3 del <\/span><span class=\"a\">mencionado convenio, usualmente ser\u00e1 preciso que las lesiones corporales <\/span><span class=\"a\">ocasionadas o el sufrimiento experimentado por la v\u00edctima revistan cierta <\/span><span class=\"a\">intensidad o, en todo caso, sean capaces de quebrar la resistencia moral o f\u00edsica\u00a0<\/span><span class=\"a\">de una persona. Se opta por un criterio restrictivo de exclusiones en la aplicaci\u00f3n\u00a0<\/span><span class=\"a\">de la presente ley, debido a que determinadas conductas podr\u00edan generar <\/span><span class=\"a\">confusi\u00f3n con otros delitos, lo que suceder\u00eda en algunas acciones comprendidas <\/span><span class=\"a\">en el <strong>Cap\u00edtulo VII del T\u00edtulo XXII del Libro II del C\u00f3digo Penal<\/strong>.\u00a0<\/span><span class=\"a\">Sobre el art\u00edculo 1.1, conviene precisar que el hecho de que la presente ley <\/span><span class=\"a\">extienda la amnist\u00eda a las acciones delictivas que pudieran haberse ejecutado en <\/span><span class=\"a\">la defensa de la legalidad y del orden constitucional no supone dem\u00e9rito o <\/span><span class=\"a\">reproche alguno para los colectivos concernidos. En ning\u00fan caso implica la <\/span><span class=\"a\">criminalizaci\u00f3n de los funcionarios que intervinieron en defensa del orden <\/span><span class=\"a\">p\u00fablico, pues la presunci\u00f3n de inocencia es un principio b\u00e1sico de nuestro <\/span><span class=\"a\">ordenamiento jur\u00eddico. Lejos de ello, persigue aliviar la situaci\u00f3n procesal de los\u00a0<\/span><span class=\"a\">encausados y con ello las tensiones derivadas de unos hechos que se <\/span><span class=\"a\">enmarcaron en un determinado momento y como consecuencia de las tensiones\u00a0<\/span><span class=\"a\">existentes entonces y a lo largo de m\u00e1s de diez a\u00f1os. Asimismo, la presente ley\u00a0<\/span><span class=\"a\">aspira a sentar unas s\u00f3lidas bases para, de una vez por todas, continuar <\/span><span class=\"a\">mitigando las consecuencias de un conflicto que jam\u00e1s debi\u00f3 producirse y que, <\/span><span class=\"a\">a pesar de los pasos de los \u00faltimos a\u00f1os, a\u00fan sigue latente.<\/span><\/span><\/div>\n<div>\u00a0<\/div>\n<div class=\"ff5\"><span style=\"font-size: 14pt;\"><span class=\"a\">El <strong>T\u00edtulo II<\/strong> describe los efectos de la exoneraci\u00f3n de responsabilidad que supone\u00a0<\/span><span class=\"a\">la aprobaci\u00f3n de esta medida en el \u00e1mbito penal, administrativo y contable.<\/span><span class=\"a\"> Asimismo, dedica\u00a0un art\u00edculo\u00a0a\u00a0concretar las\u00a0consecuencias que\u00a0se derivan\u00a0de\u00a0<\/span><span class=\"a\">dicha exoneraci\u00f3n para los empleados p\u00fablicos. Y, por \u00faltimo, determina que la <\/span><span class=\"a\">amnist\u00eda no dar\u00e1 derecho a percibir indemnizaci\u00f3n alguna, ni dar\u00e1 lugar a la <\/span><span class=\"a\">restituci\u00f3n de las cantidades abonadas en concepto de multa o sanci\u00f3n, <\/span>ni <span class=\"a\">exonerar\u00e1 la responsabilidad civil frente a particulares.\u00a0<\/span><\/span><\/div>\n<div>\u00a0<\/div>\n<div class=\"ff5\"><span style=\"font-size: 14pt;\"><span class=\"a\">Y, por \u00faltimo, el <strong>T\u00edtulo III<\/strong> identifica la competencia para aplicar esta amnist\u00eda a <\/span><span class=\"a\">cada caso concreto y describe el procedimiento en el orden\u00a0penal y contencioso-<\/span><span class=\"a\">administrativo, as\u00ed como en el \u00e1mbito administrativo y contable, estableciendo un\u00a0<\/span><span class=\"a\">plazo de prescripci\u00f3n de 5 a\u00f1os para que los afectados puedan solicitar la <\/span><span class=\"a\">amnist\u00eda aqu\u00ed reconocida. Adicionalmente, se reconoce la posibilidad de <\/span><span class=\"a\">interponer los recursos que en Derecho procedan contra las resoluciones que se\u00a0<\/span><span class=\"a\">dicten en aplicaci\u00f3n de esta ley.\u00a0<\/span><span class=\"a\">Por su parte, la\u00a0disposici\u00f3n adicional primera tiene por objeto modificar el art\u00edculo<\/span><span class=\"a\">130 del C\u00f3digo Penal para incluir expresamente la amnist\u00eda como un supuesto <\/span><span class=\"a\">de extinci\u00f3n de responsabilidad criminal, en l\u00ednea con las previsiones que ya <\/span><span class=\"a\">contiene la Ley de Enjuiciamiento Criminal. La disposici\u00f3n adicional segunda <\/span><span class=\"a\">tiene por objeto modificar el art\u00edculo 39 de la Ley Org\u00e1nica 2\/1982, de 12 de <\/span><span class=\"a\">mayo, del Tribunal de Cuentas, para adaptarlo a la entrada en vigor de la <\/span><span class=\"a\">presente Ley<span class=\"l8\">. Y la disposici\u00f3n final determina que esta ley entrar\u00e1 en vigor el d\u00eda\u00a0<\/span><\/span><span class=\"a\">de su publicaci\u00f3n en el Bolet\u00edn Oficial del Estado. <\/span><span class=\"a\">Por todo lo expuesto, y atendiendo al \u00e1mbito penal de esta regulaci\u00f3n (art\u00edculo <\/span><span class=\"a\">149.1.6\u00aa CE) y a su afecci\u00f3n a derechos fundamentales (art\u00edculo 81.1 CE), las <\/span><span class=\"a\">Cortes Generales aprueban la siguiente proposici\u00f3n de ley org\u00e1nica.<\/span><\/span><\/div>\n<\/div>\n<\/div>\n<\/div>\n<\/div>\n<div id=\"outer_page_13\" class=\"outer_page only_ie6_border    not_visible\" style=\"text-align: justify;\">\n<div class=\"b_tl\">\u00a0<\/div>\n<div class=\"b_br\">\u00a0<\/div>\n<div id=\"page13\" class=\"newpage\">\n<div class=\"text_layer\">\n<div class=\"ie_fix\">\n<div class=\"ff5\">\u00a0<\/div>\n<div class=\"ff4\" style=\"text-align: center;\"><span style=\"font-size: 14pt;\"><strong><span class=\"a\">T\u00cdTULO I<\/span><\/strong><\/span><\/div>\n<div class=\"ff4\" style=\"text-align: center;\"><span style=\"font-size: 14pt;\"><strong><span class=\"a\">\u00c1mbito objetivo y exclusiones<\/span><\/strong><\/span><\/div>\n<div>\u00a0<\/div>\n<div class=\"ff4\"><strong><span class=\"a\" style=\"font-size: 14pt;\">Art\u00edculo 1. \u00c1mbito objetivo<\/span><\/strong><\/div>\n<div class=\"ff5\"><span style=\"font-size: 14pt;\"><span class=\"a\">1. Quedan amnistiados los siguientes actos determinantes de responsabilidad <\/span><span class=\"a\">penal, administrativa o contable, ejecutados en el marco de las consultas <\/span><span class=\"a\">celebradas en Catalu\u00f1a el 9 de noviembre de 2014 y el 1 de octubre de 2017, de <\/span><span class=\"a\">su preparaci\u00f3n o de sus consecuencias, siempre que hubieren sido realizados <\/span><span class=\"a\">entre los d\u00edas 1 de enero de 2012 y 13 de noviembre de 2023, as\u00ed como las <\/span><span class=\"a\">siguientes acciones cometidas entre estas fechas, aunque no se encuentren <\/span><span class=\"a\">directamente relacionadas con estas consultas o incluso hayan sido realizadas <\/span><span class=\"a\">con posterioridad a su respectiva celebraci\u00f3n: <\/span><\/span><\/div>\n<div class=\"ff5\" style=\"padding-left: 40px;\"><span style=\"font-size: 14pt;\"><span class=\"a\">a)\u00a0Los\u00a0<span class=\"l6\">actos cometidos\u00a0<span class=\"l7\">con la\u00a0<span class=\"l10\">intenci\u00f3n de\u00a0<span class=\"l8\">reivindicar, promover o\u00a0<span class=\"l9\">procurar la <\/span><\/span><\/span><\/span><\/span><\/span><span class=\"a\">secesi\u00f3n o independencia de Catalu\u00f1a, as\u00ed como los que hubieran <\/span><span class=\"a\">contribuido a la consecuci\u00f3n de tales prop\u00f3sitos. <\/span><span class=\"a\">En todo caso, se entender\u00e1n comprendidos en este supuesto los actos <\/span><span class=\"a\">tipificados como delitos de usurpaci\u00f3n de funciones p\u00fablicas o de <\/span><span class=\"a\">malversaci\u00f3n dirigidos a financiar, sufragar o facilitar la realizaci\u00f3n de <\/span><span class=\"a\">cualesquiera de las conductas descritas en el primer p\u00e1rrafo de esta letra, <\/span><span class=\"a\">directamente o a trav\u00e9s de cualquier entidad p\u00fablica o privada, as\u00ed como <\/span><span class=\"a\">cualquier otro acto tipificado como delito que tuviere id\u00e9ntica finalidad.\u00a0<\/span><span class=\"a\">Tambi\u00e9n se entender\u00e1n comprendidas en este supuesto aquellas <\/span><span class=\"a\">actuaciones desarrolladas, a t\u00edtulo personal o institucional, con el fin de <\/span><span class=\"a\">divulgar el proyecto independentista, recabar informaci\u00f3n y adquirir <\/span><span class=\"a\">conocimiento sobre experiencias similares o lograr que otras entidades <\/span><span class=\"a\">p\u00fablicas o privadas prestaran su apoyo\u00a0a la consecuci\u00f3n de la\u00a0independenci<span class=\"l6\">a <\/span><\/span><span class=\"a\">de Catalu\u00f1a.<\/span><span class=\"a\">\u00a0Asimismo, se\u00a0<span class=\"l7\">entender\u00e1n c<span class=\"l6\">omprendidos\u00a0aquellos actos, vinculados\u00a0<span class=\"l8\">directa o <\/span><\/span><\/span><\/span><span class=\"a\">indirectamente al denominado proceso independentista desarrollado en <\/span><span class=\"a\">Catalu\u00f1a o a sus l\u00edderes en el marco de ese proceso, y realizados por <\/span><span class=\"a\">quienes, de forma manifiesta y constatada, hubieran prestado asistencia, <\/span><span class=\"a\">colaboraci\u00f3n, asesoramiento de cualquier tipo, representaci\u00f3n, protecci\u00f3n o <\/span><span class=\"a\">seguridad a los responsables de las conductas a las que se refiere el primer <\/span><span class=\"a\">p\u00e1rrafo de esta letra, o hubieran recabado informaci\u00f3n a estos efectos.\u00a0<\/span><\/span><\/div>\n<div class=\"ff5\" style=\"padding-left: 40px;\"><span style=\"font-size: 14pt;\"><span class=\"a\">b)\u00a0Los actos\u00a0<span class=\"l7\">cometidos con\u00a0la intenci\u00f3n\u00a0<span class=\"l6\">de convocar, promover o procurar la\u00a0<\/span><\/span><\/span><span class=\"a\">celebraci\u00f3n de las consultas que tuvieron lugar en Catalu\u00f1a el 9 de <\/span><span class=\"a\">noviembre de 2014 y el 1 de octubre de 2017 por quien careciera de <\/span><span class=\"a\">competencias para ello o cuya convocatoria o celebraci\u00f3n haya sido <\/span><span class=\"a\">declarada il\u00edcita, as\u00ed como aquellos que hubieran contribuido a su <\/span><span class=\"a\">consecuci\u00f3n. <\/span><span class=\"a\">En todo caso, se entender\u00e1n comprendidos en este supuesto los actos <\/span><span class=\"a\">tipificados como delitos de usurpaci\u00f3n de funciones p\u00fablicas o de <\/span><span class=\"a\">malversaci\u00f3n dirigidos a financiar, sufragar o facilitar la realizaci\u00f3n de <\/span><\/span><span class=\"a\" style=\"font-size: 14pt;\">cualesquiera de las conductas descritas en el p\u00e1rrafo anterior, as\u00ed como <\/span><span class=\"a\" style=\"font-size: 14pt;\">cualquier otro acto tipificado como delito que tuviere id\u00e9ntica finalidad.\u00a0<\/span><\/div>\n<div class=\"ff5\" style=\"padding-left: 40px;\"><span class=\"a\" style=\"font-size: 14pt;\">c)\u00a0Los\u00a0<span class=\"l7\">actos de\u00a0<span class=\"l12\">desobediencia, cualquiera que sea su naturaleza, des\u00f3rdenes\u00a0<\/span><\/span><\/span><span class=\"a\" style=\"font-size: 14pt;\">p\u00fablicos, atentado contra la autoridad, sus agentes y los funcionarios p\u00fablicos <\/span><span class=\"a\" style=\"font-size: 14pt;\">o resistencia que hubieran sido ejecutados con el prop\u00f3sito de permitir la <\/span><span class=\"a\" style=\"font-size: 14pt;\">celebraci\u00f3n de las consultas populares a que se refiere la letra b) del presente <\/span><span class=\"a\" style=\"font-size: 14pt;\">art\u00edculo o sus consecuencias, as\u00ed como cualesquiera otros actos tipificados <\/span><span class=\"a\" style=\"font-size: 14pt;\">como delitos realizados con id\u00e9ntica intenci\u00f3n. <\/span><span class=\"a\" style=\"font-size: 14pt;\">En todo caso, se entender\u00e1n comprendidos en este supuesto los actos <\/span><span class=\"a\" style=\"font-size: 14pt;\">tipificados como delitos de prevaricaci\u00f3n o cualesquiera otros actos que <\/span><span class=\"a\" style=\"font-size: 14pt;\">hubieran consistido en la aprobaci\u00f3n o ejecuci\u00f3n de leyes, normas o <\/span><span class=\"a\" style=\"font-size: 14pt;\">resoluciones por autoridades o funcionarios p\u00fablicos que hayan sido <\/span><span class=\"a\" style=\"font-size: 14pt;\">realizados con el prop\u00f3sito de permitir, favorecer o coadyuvar a la celebraci\u00f3n <\/span><span class=\"a\" style=\"font-size: 14pt;\">de las consultas populares a que se refiere la letra b) del presente art\u00edculo. <\/span><span class=\"a\" style=\"font-size: 14pt;\">Tambi\u00e9n quedar\u00e1n amnistiados los actos de desconsideraci\u00f3n o cr\u00edtica <\/span><span class=\"a\" style=\"font-size: 14pt;\">vertidos contra las autoridades y funcionarios p\u00fablicos, los entes e <\/span><span class=\"a\" style=\"font-size: 14pt;\">instituciones p\u00fablicas, as\u00ed como sus s\u00edmbolos o emblemas, en el curso de <\/span><span class=\"a\" style=\"font-size: 14pt;\">manifestaciones, asambleas, obras o actividades art\u00edsticas u otras de similar <\/span><span class=\"a\" style=\"font-size: 14pt;\">naturaleza que tuvieran por objeto reivindicar la independencia de Catalu\u00f1a <\/span><span class=\"a\" style=\"font-size: 14pt;\">o la celebraci\u00f3n de las consultas a las que se refiere la letra b) o prestar <\/span><span class=\"a\" style=\"font-size: 14pt;\">p\u00fablico apoyo a quienes hubieran ejecutado los actos amnistiados con <\/span><span class=\"a\" style=\"font-size: 14pt;\">arreglo a esta ley. <\/span><\/div>\n<div class=\"ff5\" style=\"padding-left: 40px;\"><span class=\"a\" style=\"font-size: 14pt;\">d)\u00a0Los\u00a0<span class=\"l6\">actos de\u00a0<span class=\"l10\">desobediencia, cualquiera que\u00a0<span class=\"l9\">sea su naturaleza, des\u00f3rdenes\u00a0<\/span><\/span><\/span><\/span><span class=\"a\" style=\"font-size: 14pt;\">p\u00fablicos, atentado contra la autoridad, sus agentes y los funcionarios <\/span><span class=\"a\" style=\"font-size: 14pt;\">p\u00fablicos, resistencia u otros actos contra el orden y la paz p\u00fablica que <\/span><span class=\"a\" style=\"font-size: 14pt;\">hubieran sido ejecutados con el prop\u00f3sito de mostrar apoyo a los objetivos y <\/span><span class=\"a\" style=\"font-size: 14pt;\">fines descritos en las letras precedentes o a los encausados o condenados <\/span><span class=\"a\" style=\"font-size: 14pt;\">por la ejecuci\u00f3n de cualesquiera de los delitos comprendidos en el presente <\/span><span class=\"a\" style=\"font-size: 14pt;\">art\u00edculo. <\/span><\/div>\n<div class=\"ff5\" style=\"padding-left: 40px;\"><span class=\"a\" style=\"font-size: 14pt;\">e)\u00a0Las acciones\u00a0<span class=\"l7\">realizadas en\u00a0<span class=\"l6\">el curso\u00a0<span class=\"l8\">de actuaciones policiales dirigidas a\u00a0<\/span><\/span><\/span><\/span><span class=\"a\" style=\"font-size: 14pt;\">dificultar o impedir la realizaci\u00f3n de los actos determinantes de <\/span><span class=\"a\" style=\"font-size: 14pt;\">responsabilidad penal o administrativa comprendidos en este art\u00edculo. <\/span><\/div>\n<div class=\"ff5\" style=\"padding-left: 40px;\"><span class=\"a\" style=\"font-size: 14pt;\">f)\u00a0Los\u00a0<span class=\"l6\">actos\u00a0cometidos con\u00a0<span class=\"l10\">el prop\u00f3sito\u00a0<span class=\"l9\">de\u00a0<span class=\"l7\">favorecer, procurar o\u00a0<span class=\"l12\">facilitar <\/span><\/span><\/span><\/span><\/span><\/span><span class=\"a\" style=\"font-size: 14pt;\">cualesquiera de las acciones determinantes de responsabilidad penal, <\/span><span class=\"a\" style=\"font-size: 14pt;\">administrativa o contable contempladas en los apartados anteriores del <\/span><span class=\"a\" style=\"font-size: 14pt;\">presente art\u00edculo, as\u00ed como cualesquiera otros que fueran materialmente <\/span><span class=\"a\" style=\"font-size: 14pt;\">conexos con tales acciones.<\/span><\/div>\n<div>\u00a0<\/div>\n<\/div>\n<\/div>\n<\/div>\n<\/div>\n<div id=\"outer_page_14\" class=\"outer_page only_ie6_border     not_visible\" style=\"text-align: justify;\">\n<div id=\"page14\" class=\"newpage\">\n<div class=\"text_layer\">\n<div class=\"ie_fix\">\n<div class=\"ff3\"><span class=\"a\" style=\"font-size: 14pt;\">2. Los actos\u00a0<\/span><span class=\"a\" style=\"font-size: 14pt;\">determinantes de responsabilidad penal,\u00a0<\/span><span style=\"font-size: 14pt;\"><span class=\"a\"> administrativa o contable\u00a0<\/span><span class=\"a\">amnistiados en virtud del apartado 1 de este art\u00edculo lo ser\u00e1n cualquiera que<\/span><span class=\"a\">sea su grado de ejecuci\u00f3n, incluidos los actos preparatorios, y cualquiera que\u00a0<\/span><span class=\"a\">fuera la forma de autor\u00eda o participaci\u00f3n.<\/span><\/span><\/div>\n<\/div>\n<\/div>\n<\/div>\n<\/div>\n<div id=\"outer_page_15\" class=\"outer_page only_ie6_border      not_visible\" style=\"text-align: justify;\">\n<div class=\"b_tl\">\u00a0<\/div>\n<div id=\"page15\" class=\"newpage\">\n<div class=\"text_layer\">\n<div class=\"ie_fix\">\n<div class=\"ff3\"><span style=\"font-size: 14pt;\"><span class=\"a\">3. Los actos cuya realizaci\u00f3n se hubiera iniciado antes del d\u00eda 1 de enero de <\/span><span class=\"a\">2012 \u00fanicamente se entender\u00e1n comprendidos en el\u00a0\u00e1mbito de aplicaci\u00f3n de<\/span><span class=\"a\">la presente ley cuando su ejecuci\u00f3n finalizase con posterioridad a esa fecha. <\/span><span class=\"a\">Los actos cuya realizaci\u00f3n se hubiera iniciado antes del d\u00eda 13 de noviembre <\/span><span class=\"a\">de 2023 tambi\u00e9n se entender\u00e1n comprendidos en el \u00e1mbito de aplicaci\u00f3n de<\/span><span class=\"a\">la presente ley aunque su ejecuci\u00f3n finalizase con\u00a0posterioridad a esa fecha.<\/span><\/span><\/div>\n<div>\u00a0<\/div>\n<div class=\"ff4\"><span style=\"font-size: 14pt;\"><strong><span class=\"a\">Art\u00edculo 2. Exclusiones<\/span><\/strong><\/span><\/div>\n<div>\u00a0<\/div>\n<div class=\"ff3\"><span style=\"font-size: 14pt;\"><span class=\"a\">En todo caso, quedan excluidos de la aplicaci\u00f3n de la amnist\u00eda prevista en el <\/span><span class=\"a\">art\u00edculo 1: <\/span><\/span><\/div>\n<div>\u00a0<\/div>\n<div class=\"ff3\" style=\"padding-left: 40px;\"><span style=\"font-size: 14pt;\"><span class=\"a\">a)\u00a0Los actos dolosos contr<span class=\"l6\">a las personas que hubieran producido un <\/span><\/span><span class=\"a\">resultado de muerte, aborto o lesiones al feto, la p\u00e9rdida o la inutilidad de <\/span><span class=\"a\">un \u00f3rgano o miembro, la p\u00e9rdida o inutilidad de un sentido, la impotencia, <\/span><span class=\"a\">la esterilidad o una grave deformidad. <\/span><\/span><\/div>\n<div class=\"ff3\" style=\"padding-left: 40px;\"><span style=\"font-size: 14pt;\"><span class=\"a\">b)\u00a0Los actos\u00a0<span class=\"l7\">tipificados como\u00a0delitos de\u00a0torturas o\u00a0de tratos\u00a0<span class=\"l6\">inhumanos o <\/span><\/span><\/span><span class=\"a\">degradantes con arreglo al art\u00edculo 3 del\u00a0<strong>Convenio para la Protecci\u00f3n de<\/strong><\/span><span class=\"a\"><strong>los Derechos Humanos y de las Libertades Fundamentales<\/strong>, siempre que <\/span><span class=\"a\">superen un umbral m\u00ednimo de gravedad. <\/span><\/span><\/div>\n<div class=\"ff3\" style=\"padding-left: 40px;\"><span style=\"font-size: 14pt;\"><span class=\"a\">c) Los <span class=\"l6\">actos tipificados\u00a0<span class=\"l9\">como\u00a0delitos de\u00a0<span class=\"l8\">terrorismo castigados en el <strong>Cap\u00edtulo\u00a0<\/strong><\/span><\/span><\/span><\/span><span class=\"a\"><strong>VII del T\u00edtulo XXII del Libro II del C\u00f3digo Penal<\/strong> siempre y cuando haya <\/span><span class=\"a\">reca\u00eddo sentencia firme y hayan consistido en la comisi\u00f3n de alguna de<\/span><span class=\"a\">las conductas descritas en el art\u00edculo 3 de la <strong>Directiva (UE) 2017\/541 del\u00a0<\/strong><\/span><span class=\"a\"><strong>Parlamento Europeo y del Consejo de 15 de marzo de 2017<\/strong>. <\/span><\/span><\/div>\n<div class=\"ff3\" style=\"padding-left: 40px;\"><span style=\"font-size: 14pt;\"><span class=\"a\">d)\u00a0Los delitos de\u00a0<span class=\"l7\">traici\u00f3n y contra\u00a0la paz o\u00a0<span class=\"l6\">la independencia del Estado y <\/span><\/span><\/span><span class=\"a\">relativos a la Defensa Nacional del <strong>T\u00edtulo XXIII del Libro II del C\u00f3digo <\/strong><\/span><strong><span class=\"a\">Penal. <\/span><\/strong><\/span><\/div>\n<div class=\"ff3\" style=\"padding-left: 40px;\"><span style=\"font-size: 14pt;\"><span class=\"a\">e)\u00a0Los delitos\u00a0<span class=\"l8\">que afectaran\u00a0<span class=\"l9\">a los\u00a0intereses financieros\u00a0de la\u00a0<span class=\"l6\">Uni\u00f3n Europea. <\/span><\/span><\/span><\/span><\/span><\/div>\n<div class=\"ff3\" style=\"padding-left: 40px;\"><span style=\"font-size: 14pt;\"><span class=\"a\">f)\u00a0Los\u00a0<span class=\"l7\">delitos\u00a0en\u00a0<span class=\"l6\">cuya\u00a0ejecuci\u00f3n\u00a0hubieran sido\u00a0<span class=\"l12\">apreciadas motivaciones\u00a0<\/span><\/span><\/span><\/span><span class=\"a\">racistas, antisemitas, antigitanas u otra clase de discriminaci\u00f3n referente <\/span><span class=\"a\">a la religi\u00f3n y creencias de la v\u00edctima, su etnia o raza, su sexo, edad, <\/span><span class=\"a\">orientaci\u00f3n o identidad sexual o de g\u00e9nero, razones de g\u00e9nero, de <\/span><span class=\"a\">aporofobia o de exclusi\u00f3n social, la enfermedad que padezca o su <\/span><span class=\"a\">discapacidad, con independencia de que tales condiciones o <\/span><span class=\"a\">circunstancias concurrieran de forma efectiva en la persona sobre la que <\/span><span class=\"a\">recay\u00f3 la conducta.<\/span><\/span><\/div>\n<\/div>\n<\/div>\n<\/div>\n<\/div>\n<div id=\"outer_page_16\" class=\"outer_page only_ie6_border      not_visible\" style=\"text-align: justify;\">\n<div class=\"b_tl\">\u00a0<\/div>\n<div class=\"b_tr\">\u00a0<\/div>\n<div id=\"page16\" class=\"newpage\">\n<div class=\"text_layer\">\n<div class=\"ie_fix\">\n<div class=\"ff5\">\u00a0<\/div>\n<div class=\"ff7\" style=\"text-align: center;\"><span style=\"font-size: 14pt;\"><strong><span class=\"a\">T\u00cdTULO II <\/span><\/strong><\/span><\/div>\n<div class=\"ff7\" style=\"text-align: center;\"><span style=\"font-size: 14pt;\"><strong><span class=\"a\">Efectos<\/span><\/strong><\/span><\/div>\n<div>\u00a0<\/div>\n<div class=\"ff7\"><span style=\"font-size: 14pt;\"><strong><span class=\"a\">Art\u00edculo 3. Extinci\u00f3n de la\u00a0responsabilidad pen<span class=\"l6\">al, administrativa o contable<\/span><\/span><\/strong><\/span><\/div>\n<div>\u00a0<\/div>\n<div class=\"ff3\"><span style=\"font-size: 14pt;\"><span class=\"a\">La amnist\u00eda declarada en virtud de la presente ley produce la extinci\u00f3n de la <\/span><span class=\"a\">responsabilidad penal, administrativa o contable, en los t\u00e9rminos previstos <\/span><span class=\"a\">en este T\u00edtulo.<\/span><\/span><\/div>\n<div>\u00a0<\/div>\n<div class=\"ff4\"><span style=\"font-size: 14pt;\"><strong><span class=\"a\">Art\u00edculo 4. Efectos sobre la responsabilidad penal<\/span><\/strong><\/span><\/div>\n<div>\u00a0<\/div>\n<div class=\"ff3\"><span style=\"font-size: 14pt;\"><span class=\"a\">1. El \u00f3rgano judicial competente ordenar\u00e1 la inmediata puesta en libertad de<\/span><span class=\"a\">las personas beneficiadas por la amnist\u00eda que se hallaran en prisi\u00f3n. <\/span><span class=\"a\">Las penas privativas de libertad total o parcialmente cumplidas no podr\u00e1n ser <\/span><span class=\"a\">abonadas en otros procedimientos penales para el caso de que los actos que\u00a0<\/span><span class=\"a\">motivaron la condena ejecutada resulten amnistiados en aplicaci\u00f3n de esta <\/span><span class=\"a\">ley. Id\u00e9ntica regla se aplicar\u00e1 en relaci\u00f3n con los periodos de prisi\u00f3n <\/span><span class=\"a\">preventiva no seguidos de condena a causa de la entrada en vigor de la <\/span><span class=\"a\">presente ley.<\/span><\/span><\/div>\n<div class=\"ff3\"><span style=\"font-size: 14pt;\"><span class=\"a\">2. Se proceder\u00e1 a la eliminaci\u00f3n de antecedentes penales derivados de la <\/span><span class=\"a\">condena por el acto delictivo amnistiado. <\/span><\/span><\/div>\n<div class=\"ff3\"><span style=\"font-size: 14pt;\"><span class=\"a\">3. Quedar\u00e1n sin efecto las \u00f3rdenes de busca y captura e ingreso en prisi\u00f3n <\/span><span class=\"a\">de las personas a las que resulte de aplicaci\u00f3n esta amnist\u00eda, as\u00ed como las <\/span><span class=\"a\">\u00f3rdenes nacionales, europeas e internacionales de detenci\u00f3n.<\/span><\/span><\/div>\n<div class=\"ff3\"><span style=\"font-size: 14pt;\"><span class=\"a\">4. La entrada en vigor de esta ley implicar\u00e1 el inmediato alzamiento de las <\/span><span class=\"a\">medidas cautelares que hubieran sido adoptadas respecto de acciones u <\/span><span class=\"a\">omisiones amnistiadas en relaci\u00f3n con las personas beneficiadas por la <\/span><span class=\"a\">amnist\u00eda, con la \u00fanica salvedad de las medidas de car\u00e1cter civil a las que se\u00a0<\/span><span class=\"a\">refiere el art\u00edculo 8.2. Asimismo, supondr\u00e1 la finalizaci\u00f3n de la ejecuci\u00f3n de<\/span><span class=\"a\">las penas impuestas por aquellas acciones u omisiones que hubieran sido <\/span><span class=\"a\">amnistiadas. <\/span><span class=\"a\">En todo caso, se alzar\u00e1n las citadas medidas cautelares incluso cuando <\/span><span class=\"a\">tenga lugar el planteamiento de un recurso o una cuesti\u00f3n de <\/span><span class=\"a\">inconstitucionalidad contra la presente ley o alguna de sus disposiciones.<\/span><\/span><\/div>\n<div>\u00a0<\/div>\n<div class=\"ff4\"><span style=\"font-size: 14pt;\"><strong><span class=\"a\">Art\u00edculo 5. Efectos sobre la responsabilidad administrativa<\/span><\/strong><\/span><\/div>\n<div>\u00a0<\/div>\n<div class=\"ff3\"><span style=\"font-size: 14pt;\"><span class=\"a\">1. El \u00f3rgano administrativo competente acordar\u00e1 el archivo definitivo de todo <\/span><span class=\"a\">procedimiento administrativo incoado al objeto de hacer efectivas las <\/span><span class=\"a\">responsabilidades administrativas en que se hubiera incurrido.<\/span><\/span><\/div>\n<div class=\"ff3\"><span style=\"font-size: 14pt;\"><span class=\"a\">2. Se proceder\u00e1 al alzamiento de las medidas cautelares de cualquier tipo <\/span><span class=\"a\">adoptadas en el procedimiento administrativo, sin perjuicio de aquellas <\/span><span class=\"a\">medidas que deban mantenerse a efectos de satisfacer la responsabilidad <\/span><span class=\"a\">civil prevista en el art\u00edculo 8.2 de esta ley, devolvi\u00e9ndose, en su caso, las <\/span><span class=\"a\">cantidades que hayan sido consignadas.<\/span><\/span><\/div>\n<div>\u00a0<\/div>\n<\/div>\n<\/div>\n<\/div>\n<\/div>\n<div id=\"outer_page_17\" class=\"outer_page only_ie6_border          not_visible\" style=\"text-align: justify;\">\n<div id=\"page17\" class=\"newpage\">\n<div class=\"text_layer\">\n<div class=\"ie_fix\">\n<div class=\"ff4\"><span style=\"font-size: 14pt;\"><strong><span class=\"a\">Art\u00edculo 6. Efectos sobre los empleados p\u00fablicos<\/span><\/strong><\/span><\/div>\n<div>\u00a0<\/div>\n<div class=\"ff3\"><span style=\"font-size: 14pt;\"><span class=\"a\">1. Se proceder\u00e1 a la reintegraci\u00f3n en la plenitud de sus derechos activos y <\/span><span class=\"a\">pasivos de los empleados p\u00fablicos sancionados o condenados, as\u00ed como a<\/span><span class=\"a\">la reincorporaci\u00f3n de los mismos a sus respectivos cuerpos, si hubieran sido <\/span><span class=\"a\">separados.<\/span><\/span><\/div>\n<div class=\"ff3\"><span style=\"font-size: 14pt;\"><span class=\"a\">2. Los empleados p\u00fablicos no tendr\u00e1n derecho a recibir ning\u00fan haber por el <\/span><span class=\"a\">tiempo en que no hubieran prestado un servicio efectivo, pero ser\u00e1 <\/span><span class=\"a\">reconocida su antig\u00fcedad como si no hubiera habido interrupci\u00f3n en la <\/span><span class=\"a\">prestaci\u00f3n de los servicios.<\/span><\/span><\/div>\n<div class=\"ff3\"><span style=\"font-size: 14pt;\"><span class=\"a\">3. Se proceder\u00e1 a la eliminaci\u00f3n de las notas desfavorables en las hojas de<\/span><span class=\"a\">servicio por cualquier otra raz\u00f3n que no fuera la sanci\u00f3n, incluso cuando la <\/span><span class=\"a\">persona sancionada hubiera fallecido o causado baja por enfermedad.<\/span><\/span><\/div>\n<div>\u00a0<\/div>\n<div class=\"ff4\"><span style=\"font-size: 14pt;\"><strong><span class=\"a\">Art\u00edculo 7. Efectos sobre indemnizaciones y restituciones<\/span><\/strong><\/span><\/div>\n<div>\u00a0<\/div>\n<div class=\"ff3\"><span style=\"font-size: 14pt;\"><span class=\"a\">1. La amnist\u00eda de un acto\u00a0<\/span><span class=\"a\">determinante de responsabilidad penal,\u00a0<\/span><span class=\"a\">administrativa o contable no dar\u00e1 derecho a percibir indemnizaci\u00f3n de <\/span><span class=\"a\">ninguna clase ni generar\u00e1 derechos econ\u00f3micos de ning\u00fan tipo en favor de <\/span><span class=\"a\">persona alguna.<\/span><span class=\"a\">2. Tampoco dar\u00e1 derecho a la restituci\u00f3n de las cantidades abonadas en <\/span><span class=\"a\">concepto de multa.<\/span><\/span><\/div>\n<div>\u00a0<\/div>\n<div class=\"ff7\"><span style=\"font-size: 14pt;\"><strong><span class=\"a\">Art\u00edculo 8. Efectos sobre la\u00a0responsabilida<span class=\"l6\">d civil y contable<\/span><\/span><\/strong><\/span><\/div>\n<div>\u00a0<\/div>\n<div class=\"ff3\"><span style=\"font-size: 14pt;\"><span class=\"a\">1. Quedar\u00e1n extinguidas las responsabilidades civiles y contables derivadas <\/span><span class=\"a\">de los actos descritos en el art\u00edculo 1.1 de esta ley, incluidas las que est\u00e9n <\/span><span class=\"a\">siendo objeto de procedimientos tramitados ante el Tribunal de Cuentas, <\/span><span class=\"a\">salvo aquellas que ya hubieran sido declaradas en virtud de sentencia o <\/span><span class=\"a\">resoluci\u00f3n administrativa firme y ejecutada.<\/span><\/span><\/div>\n<div class=\"ff3\"><span style=\"font-size: 14pt;\"><span class=\"a\">2. Sin perjuicio de lo establecido en el apartado anterior, la amnist\u00eda otorgada <\/span><span class=\"a\">dejar\u00e1 siempre a salvo la responsabilidad civil que pudiera corresponder por <\/span><span class=\"a\">los da\u00f1os sufridos por los particulares, que no se sustanciar\u00e1 ante la<\/span><span class=\"a\">\u00a0jurisdicci\u00f3n penal.<\/span><\/span><\/div>\n<div class=\"ff3\"><span style=\"font-size: 14pt;\"><span class=\"a\">3. Se proceder\u00e1 al alzamiento de las medidas cautelares acordadas en fase <\/span><span class=\"a\">de actuaciones previas o de primera\u00a0instancia previstas en los art\u00edculos 47 y<\/span><span class=\"a\">67 de la Ley 7\/1988, de 5 de abril, de Funcionamiento del Tribunal de <\/span><span class=\"a\">Cuentas.<\/span><\/span><\/div>\n<\/div>\n<\/div>\n<\/div>\n<\/div>\n<div id=\"outer_page_18\" class=\"outer_page only_ie6_border          not_visible\" style=\"text-align: justify;\">\n<div class=\"b_tl\">\u00a0<\/div>\n<div id=\"page18\" class=\"newpage\">\n<div class=\"text_layer\">\n<div class=\"ie_fix\">\n<div class=\"ff5\">\u00a0<\/div>\n<div class=\"ff7\" style=\"text-align: center;\"><span style=\"font-size: 14pt;\"><strong><span class=\"a\">T\u00cdTULO III<\/span><\/strong><\/span><\/div>\n<div class=\"ff4\" style=\"text-align: center;\"><span style=\"font-size: 14pt;\"><strong><span class=\"a\">Competencia y procedimiento<\/span><\/strong><\/span><\/div>\n<div>\u00a0<\/div>\n<div class=\"ff4\"><span style=\"font-size: 14pt;\"><strong><span class=\"a\">Art\u00edculo 9. Competencia para la aplicaci\u00f3n de la amnist\u00eda<\/span><\/strong><\/span><\/div>\n<div>\u00a0<\/div>\n<div class=\"ff3\"><span style=\"font-size: 14pt;\"><span class=\"a\">1. La amnist\u00eda de actos tipificados como delitos ser\u00e1 aplicada por los \u00f3rganos<\/span><span class=\"a\">\u00a0judiciales\u00a0determinados en\u00a0el art\u00edculo\u00a01<span class=\"l8\">1 de esta ley, de oficio o a instancia\u00a0<\/span><\/span><span class=\"a\">de parte o del Ministerio Fiscal y, en todo caso, previa audiencia del Ministerio\u00a0<\/span><span class=\"a\">Fiscal y de las partes.<\/span><\/span><\/div>\n<div class=\"ff3\"><span style=\"font-size: 14pt;\"><span class=\"a\">2. La amnist\u00eda de las conductas que constituyan infracciones de naturaleza <\/span><span class=\"a\">administrativa o que sean determinantes de responsabilidad contable <\/span><span class=\"a\">corresponder\u00e1 aplicarla a los \u00f3rganos competentes para el inicio, tramitaci\u00f3n <\/span><span class=\"a\">o resoluci\u00f3n de los procedimientos que se sigan por tales conductas, seg\u00fan <\/span><span class=\"a\">el estado en que se encuentren, previa audiencia del interesado.<\/span><\/span><\/div>\n<div class=\"ff3\"><span style=\"font-size: 14pt;\"><span class=\"a\">3. Solo podr\u00e1 entenderse amnistiado un acto\u00a0<\/span><span class=\"a\">determinante de responsabilidad <\/span><span class=\"a\">penal, administrativa o contable\u00a0<\/span><span class=\"a\">concreto cuando as\u00ed haya sido declarado por <\/span><span class=\"a\">resoluci\u00f3n firme dictada por el \u00f3rgano competente para ello con arreglo a los <\/span><span class=\"a\">preceptos de esta ley.<\/span><\/span><\/div>\n<div>\u00a0<\/div>\n<div class=\"ff4\"><span style=\"font-size: 14pt;\"><strong><span class=\"a\">Art\u00edculo 10. Tramitaci\u00f3n preferente y urgente<\/span><\/strong><\/span><\/div>\n<div>\u00a0<\/div>\n<div class=\"ff3\"><span style=\"font-size: 14pt;\"><span class=\"a\">La aplicaci\u00f3n de la amnist\u00eda en cada caso corresponder\u00e1 a los \u00f3rganos<\/span><span class=\"a\">\u00a0judiciales,\u00a0administrativos\u00a0o\u00a0contables\u00a0determinados\u00a0en\u00a0la\u00a0presente\u00a0ley<span class=\"l7\">, <\/span><\/span><span class=\"a\">quienes adoptar\u00e1n, con car\u00e1cter preferente y urgente, las decisiones <\/span><span class=\"a\">pertinentes en cumplimiento de esta ley, cualquiera que fuera el estado de <\/span><span class=\"a\">tramitaci\u00f3n del procedimiento administrativo o del proceso judicial o contable <\/span><span class=\"a\">de que se trate. <\/span><span class=\"a\">Las decisiones se adoptar\u00e1n en el plazo m\u00e1ximo de dos meses, sin perjuicio\u00a0<\/span><span class=\"a\">de los ulteriores recursos, que no tendr\u00e1n efectos suspensivos.<\/span><\/span><\/div>\n<div>\u00a0<\/div>\n<div class=\"ff4\"><span style=\"font-size: 14pt;\"><strong><span class=\"a\">Art\u00edculo 11. Procedimiento en el \u00e1mbito penal<\/span><\/strong><\/span><\/div>\n<div>\u00a0<\/div>\n<div class=\"ff3\"><span style=\"font-size: 14pt;\"><span class=\"a\">1. La amnist\u00eda se aplicar\u00e1 por los \u00f3rganos judiciales en cualquier fase del <\/span><span class=\"a\">proceso penal.<\/span><\/span><\/div>\n<div class=\"ff3\"><span style=\"font-size: 14pt;\"><span class=\"a\">2. De aplicarse durante la fase de instrucci\u00f3n o la fase intermedia se <\/span><span class=\"a\">decretar\u00e1 el sobreseimiento libre, previa audiencia del Ministerio Fiscal y de<\/span><span class=\"a\">las partes, por el \u00f3rgano judicial competente con arreglo al art. 637.3.\u00ba de la <\/span><span class=\"a\">Ley de Enjuiciamiento Criminal.<\/span><\/span><\/div>\n<div class=\"ff3\"><span style=\"font-size: 14pt;\"><span class=\"a\">3. De aplicarse durante la fase de juicio oral el \u00f3rgano judicial que estuviera <\/span><span class=\"a\">conociendo del enjuiciamiento dictar\u00e1 auto de sobreseimiento libre o, en su <\/span><span class=\"a\">caso, sentencia absolutoria, previo cumplimiento de los siguientes tr\u00e1mites: <\/span><\/span><\/div>\n<div class=\"ff3\" style=\"padding-left: 40px;\"><span style=\"font-size: 14pt;\"><span class=\"a\">a)\u00a0Las partes\u00a0<span class=\"l7\">y el\u00a0<span class=\"l6\">Ministerio Fiscal podr\u00e1n proponer la aplicaci\u00f3n de la\u00a0<\/span><\/span><\/span><span class=\"a\">amnist\u00eda como art\u00edculo de previo pronunciamiento de acuerdo con lo <\/span><span class=\"a\">dispuesto en el art\u00edculo 666.4.\u00aa de la Ley de Enjuiciamiento Criminal, <\/span><span class=\"a\">con arreglo a lo establecido en el T\u00edtulo II del Libro III de la Ley de <\/span><span class=\"a\">Enjuiciamiento Criminal o, en su caso, en el art\u00edculo 786 de la misma <\/span><span class=\"a\">ley. <\/span><\/span><\/div>\n<div class=\"ff3\" style=\"padding-left: 40px;\"><span style=\"font-size: 14pt;\"><span class=\"a\">b)\u00a0Tambi\u00e9n podr\u00e1n\u00a0<span class=\"l8\">las partes\u00a0<span class=\"l10\">y el\u00a0<span class=\"l7\">Ministerio\u00a0<span class=\"l6\">Fiscal interesar\u00a0<span class=\"l9\">su aplicaci\u00f3n <\/span><\/span><\/span><\/span><\/span><\/span><span class=\"a\">al momento de formular sus conclusiones definitivas. <\/span><\/span><\/div>\n<div class=\"ff3\" style=\"padding-left: 40px;\"><span style=\"font-size: 14pt;\"><span class=\"a\">c)\u00a0Cuando las\u00a0<span class=\"l9\">partes o\u00a0el Minis<span class=\"l6\">terio Fiscal\u00a0<span class=\"l8\">no interesaran\u00a0la aplicaci\u00f3n\u00a0de<\/span><\/span><\/span><\/span><span class=\"a\">la amnist\u00eda, el \u00f3rgano judicial deber\u00e1 hacerlo de oficio, previa audiencia <\/span><span class=\"a\">del Ministerio Fiscal y de las partes, si concurrieran los presupuestos <\/span><span class=\"a\">para ello, dictando a tal efecto auto de sobreseimiento libre o, en su <\/span><span class=\"a\">caso, sentencia absolutoria.<\/span><\/span><\/div>\n<div>\u00a0<\/div>\n<div class=\"ff3\"><span style=\"font-size: 14pt;\"><span class=\"a\">4. En el caso de sentencias que no hubieran adquirido firmeza, se observar\u00e1n\u00a0<\/span><span class=\"a\">las siguientes reglas: <\/span><\/span><\/div>\n<div class=\"ff3\" style=\"padding-left: 40px;\"><span style=\"font-size: 14pt;\"><span class=\"a\">a)\u00a0Si el\u00a0<span class=\"l7\">recurso contra\u00a0<span class=\"l6\">la sentencia\u00a0a\u00fan no se\u00a0<span class=\"l8\">hubiera sustanciado, las\u00a0<\/span><\/span><\/span><\/span><span class=\"a\">partes y el Ministerio Fiscal podr\u00e1n invocar al interponerlo los preceptos\u00a0<\/span><span class=\"a\">de la presente ley e interesar que los delitos atribuidos a la persona <\/span><span class=\"a\">encausada se declaren amnistiados. <\/span><\/span><\/div>\n<div class=\"ff3\" style=\"padding-left: 40px;\"><span style=\"font-size: 14pt;\"><span class=\"a\">b)\u00a0Si el\u00a0<span class=\"l8\">recurso cont<span class=\"l6\">ra la\u00a0<span class=\"l7\">sentencia se estuviera sustanciando, el tribunal,\u00a0<\/span><\/span><\/span><\/span><span class=\"a\">de oficio o a instancia de parte o del Ministerio Fiscal, les dar\u00e1 audiencia <\/span><span class=\"a\">por un plazo de cinco d\u00edas para que se pronuncien sobre si consideran <\/span><span class=\"a\">amnistiados todos o alguno de los delitos que constituyen objeto del <\/span><span class=\"a\">procedimiento con arreglo a los preceptos de la presente ley. <\/span><\/span><\/div>\n<div class=\"ff3\" style=\"padding-left: 40px;\"><span style=\"font-size: 14pt;\"><span class=\"a\">c)\u00a0En todo\u00a0<span class=\"l7\">caso, al r<span class=\"l6\">esolver el recurso\u00a0<span class=\"l8\">contra la sentencia, el tribunal <\/span><\/span><\/span><\/span><span class=\"a\">declarar\u00e1 de oficio que los actos tipificados como delitos cometidos por <\/span><span class=\"a\">la persona encausada quedan amnistiados cuando concurran los <\/span><span class=\"a\">presupuestos para ello en aplicaci\u00f3n de la presente ley.<\/span><\/span><\/div>\n<div>\u00a0<\/div>\n<div class=\"ff3\"><span class=\"a\" style=\"font-size: 14pt;\">5. De aplicarse durante la fase de ejecuci\u00f3n de las penas, los \u00f3rganos judiciales a los que correspondi\u00f3 el enjuiciamiento en primera instancia revisar\u00e1n las sentencias firmes en aplicaci\u00f3n de la presente ley, incluso en el supuesto de que la pena impuesta estuviera suspendida o la persona condenada se hallara en libertad condicional.<\/span><\/div>\n<div class=\"ff3\"><span style=\"font-size: 14pt;\"><span class=\"a\">6. La concesi\u00f3n de un indulto total o parcial con anterioridad a la entrada en <\/span><span class=\"a\">vigor de la presente ley no impedir\u00e1 la revisi\u00f3n de la sentencia firme.<\/span><\/span><\/div>\n<div class=\"ff3\"><span style=\"font-size: 14pt;\"><span class=\"a\">7. No se revisar\u00e1n las resoluciones judiciales firmes que hubieran <\/span><span class=\"a\">apreciado la extinci\u00f3n de la responsabilidad criminal a causa de la <\/span><span class=\"a\">prescripci\u00f3n del delito con arreglo al art\u00edculo 130.1.6.\u00ba del C\u00f3digo Penal.<\/span><\/span><\/div>\n<div>\u00a0<\/div>\n<\/div>\n<\/div>\n<\/div>\n<\/div>\n<div id=\"outer_page_19\" class=\"outer_page only_ie6_border   not_visible\" style=\"text-align: justify;\">\n<div id=\"page19\" class=\"newpage\">\n<div class=\"text_layer\">\n<div class=\"ie_fix\">\n<div class=\"ff4\"><span style=\"font-size: 14pt;\"><strong><span class=\"a\">Art\u00edculo 12. Procedimiento en el \u00e1mbito contencioso-administrativo<\/span><\/strong><\/span><\/div>\n<div class=\"ff3\"><span style=\"font-size: 14pt;\"><span class=\"a\">1. En los procedimientos tramitados ante la jurisdicci\u00f3n contencioso-<\/span><span class=\"a\">administrativa que tengan por objeto la revisi\u00f3n de resoluciones <\/span><span class=\"a\">administrativas de imposici\u00f3n de sanciones por actos determinantes de <\/span><span class=\"a\">responsabilidad administrativa o contable, la aplicaci\u00f3n de la amnist\u00eda, <\/span><span class=\"a\">cuando concurran los presupuestos establecidos\u00a0para ello en la\u00a0presente ley<span class=\"l6\">, <\/span><\/span><span class=\"a\">corresponder\u00e1 a los \u00f3rganos judiciales ante los cuales se est\u00e9 tramitando el <\/span><span class=\"a\">recurso contencioso-administrativo, en cualquier fase del proceso.<\/span><\/span><\/div>\n<div class=\"ff3\"><span style=\"font-size: 14pt;\"><span class=\"a\">2. Una vez recibido el expediente administrativo y en cualquier momento <\/span><span class=\"a\">previo al del dictado de la sentencia, el Juzgado o Sala, de oficio o a instancia <\/span><span class=\"a\">de parte, aplicar\u00e1 la amnist\u00eda previa audiencia de las partes y dictar\u00e1 <\/span><span class=\"a\">sentencia declarando la nulidad sobrevenida del acto administrativo <\/span><span class=\"a\">impugnado.<\/span><\/span><\/div>\n<div class=\"ff3\"><span style=\"font-size: 14pt;\"><span class=\"a\">3. Cuando el procedimiento ya haya sido resuelto por sentencia que no <\/span><span class=\"a\">hubiera adquirido firmeza, se observar\u00e1n las siguientes reglas: <\/span><\/span><\/div>\n<div class=\"ff3\" style=\"padding-left: 40px;\"><span style=\"font-size: 14pt;\"><span class=\"a\">a) Si el recurso a\u00fan no se hubiera interpuesto, las partes podr\u00e1n invocar al <\/span><span class=\"a\">formularlo los preceptos de la presente ley e interesar que se aplique la <\/span><span class=\"a\">amnist\u00eda y se declare la nulidad sobrevenida del acto administrativo. <\/span><\/span><\/div>\n<div class=\"ff3\" style=\"padding-left: 40px;\"><span style=\"font-size: 14pt;\"><span class=\"a\">b) Si el recurso estuviera pendiente de resoluci\u00f3n, el tribunal competente <\/span><span class=\"a\">para resolverlo, de oficio o a instancia de parte, dar\u00e1 audiencia por un plazo <\/span><span class=\"a\">de cinco d\u00edas para que las partes se pronuncien sobre si consideran de <\/span><span class=\"a\">aplicaci\u00f3n la amnist\u00eda y la consiguiente declaraci\u00f3n de nulidad sobrevenida <\/span><span class=\"a\">del acto. <\/span><\/span><\/div>\n<div class=\"ff3\" style=\"padding-left: 40px;\"><span style=\"font-size: 14pt;\"><span class=\"a\">c) En todo caso, al resolver el recurso, el tribunal aplicar\u00e1 la amnist\u00eda y <\/span><span class=\"a\">declarar\u00e1 la nulidad sobrevenida del acto impugnado cuando concurran los <\/span><span class=\"a\">presupuestos de la presente ley.<\/span><\/span><\/div>\n<div>\u00a0<\/div>\n<div class=\"ff3\"><span style=\"font-size: 14pt;\"><span class=\"a\">4. Si al tiempo en que hubiera de aplicarse la amnist\u00eda hubiera reca\u00eddo <\/span><span class=\"a\">sentencia firme se aplicar\u00e1 el procedimiento previsto en el art\u00edculo 102 de la\u00a0<\/span><span class=\"a\">Ley 29\/1998, de 13 de julio, de la Jurisdicci\u00f3n\u00a0Contencioso-administrativa.<\/span><\/span><\/div>\n<div>\u00a0<\/div>\n<\/div>\n<\/div>\n<\/div>\n<\/div>\n<div id=\"outer_page_20\" class=\"outer_page only_ie6_border   not_visible\" style=\"text-align: justify;\">\n<div id=\"page20\" class=\"newpage\">\n<div class=\"text_layer\">\n<div class=\"ie_fix\">\n<div class=\"ff4\"><span style=\"font-size: 14pt;\"><strong><span class=\"a\">Art\u00edculo 13. Procedimiento en el \u00e1mbito contable<\/span><\/strong><\/span><\/div>\n<div class=\"ff3\"><span style=\"font-size: 14pt;\"><span class=\"a\">1. La amnist\u00eda se aplicar\u00e1 por el Tribunal de Cuentas en cualquier fase del <\/span><span class=\"a\">proceso.<\/span><\/span><\/div>\n<div class=\"ff3\"><span style=\"font-size: 14pt;\"><span class=\"a\">2. En las actuaciones previas previstas en los art\u00edculos 45,46 y 47 de la Ley<\/span><span class=\"a\">7\/1988, de 5 de abril, de Funcionamiento del Tribunal de Cuentas, se dictar\u00e1n <\/span><span class=\"a\">las correspondientes\u00a0resoluciones declarando\u00a0<span class=\"l6\">el archivo de las actuaciones,\u00a0<\/span><\/span><span class=\"a\">previa audiencia del Ministerio Fiscal y de las entidades del sector p\u00fablico <\/span><span class=\"a\">perjudicadas por el menoscabo de los caudales o efectos p\u00fablicos <\/span><span class=\"a\">relacionados con los hechos amnistiados, cuando estas no se hayan <\/span><span class=\"a\">opuesto.<\/span><\/span><\/div>\n<div class=\"ff3\"><span style=\"font-size: 14pt;\"><span class=\"a\">3. Si el proceso de exigencia de responsabilidad contable tramitado por el <\/span><span class=\"a\"><strong>Tribunal de Cuentas<\/strong> se hallara en fase de primera instancia o de apelaci\u00f3n, <\/span><span class=\"a\">los \u00f3rganos competentes de dicho Tribunal, previa audiencia del Ministerio <\/span><span class=\"a\">Fiscal y de las entidades del sector p\u00fablico perjudicadas por el menoscabo <\/span><span class=\"a\">de los caudales o efectos p\u00fablicos relacionados con los hechos amnistiados, <\/span><span class=\"a\">dictar\u00e1n resoluci\u00f3n absolviendo de responsabilidad contable a las personas <\/span><span class=\"a\">f\u00edsicas o jur\u00eddicas demandadas, cuando dichas entidades no se hayan <\/span><span class=\"a\">opuesto.<\/span><\/span><\/div>\n<div>\u00a0<\/div>\n<\/div>\n<\/div>\n<\/div>\n<\/div>\n<div id=\"outer_page_21\" class=\"outer_page only_ie6_border    not_visible\" style=\"text-align: justify;\">\n<div id=\"page21\" class=\"newpage\">\n<div class=\"text_layer\">\n<div class=\"ie_fix\">\n<div class=\"ff4\"><span style=\"font-size: 14pt;\"><strong><span class=\"a\">Art\u00edculo 14. Procedimiento en el \u00e1mbito administrativo<\/span><\/strong><\/span><\/div>\n<div class=\"ff3\"><span style=\"font-size: 14pt;\"><span class=\"a\">1. En los procedimientos que est\u00e9n en la fase de instrucci\u00f3n en relaci\u00f3n con <\/span><span class=\"a\">la comisi\u00f3n de infracciones administrativas, la apreciaci\u00f3n de la amnist\u00eda se <\/span><span class=\"a\">realizar\u00e1 de oficio o a instancia de parte por el \u00f3rgano administrativo <\/span><span class=\"a\">competente, si concurrieran los presupuestos para ello, dictando a tal efecto\u00a0<\/span><span class=\"a\">la resoluci\u00f3n de finalizaci\u00f3n del procedimiento y el archivo de las <\/span><span class=\"a\">actuaciones.<\/span><\/span><\/div>\n<div class=\"ff3\"><span style=\"font-size: 14pt;\"><span class=\"a\">2. De apreciarse la amnist\u00eda frente a actos administrativos firmes o durante <\/span><span class=\"a\">la fase de ejecuci\u00f3n de las sanciones, los \u00f3rganos administrativos <\/span><span class=\"a\">competentes proceder\u00e1n a revisar de oficio o a instancia de parte, las <\/span><span class=\"a\">resoluciones correspondientes.<\/span><\/span><\/div>\n<div class=\"ff3\"><span style=\"font-size: 14pt;\"><span class=\"a\">3. En el caso de resoluciones que no hubieran adquirido firmeza por haber <\/span><span class=\"a\">sido recurridas, el \u00f3rgano competente para la resoluci\u00f3n del recurso <\/span><span class=\"a\">administrativo correspondiente, declarar\u00e1, de oficio o a instancia de parte, <\/span><span class=\"a\">que los hechos objeto del procedimiento quedan amnistiados cuando <\/span><span class=\"a\">concurran los presupuestos para ello\u00a0en aplicaci\u00f3n de\u00a0la presente ley.<\/span><\/span><\/div>\n<div>\u00a0<\/div>\n<div class=\"ff4\"><span style=\"font-size: 14pt;\"><strong><span class=\"a\">Art\u00edculo 15. Plazo para el reconocimiento de los derechos <\/span><span class=\"a\">comprendidos en esta ley<\/span><\/strong><\/span><\/div>\n<div class=\"ff3\"><span style=\"font-size: 14pt;\"><span class=\"a\">Las acciones para el reconocimiento de los derechos establecidos en esta <\/span><span class=\"a\">ley estar\u00e1n sujetas a un plazo de prescripci\u00f3n de cinco a\u00f1os.<\/span><\/span><\/div>\n<div>\u00a0<\/div>\n<div class=\"ff4\"><span style=\"font-size: 14pt;\"><strong><span class=\"a\">Art\u00edculo 16. Recursos<\/span><\/strong><\/span><\/div>\n<div class=\"ff3\"><span style=\"font-size: 14pt;\"><span class=\"a\">1. Contra las resoluciones que resuelvan sobre la extinci\u00f3n de la <\/span><span class=\"a\">responsabilidad criminal o de las infracciones administrativas y contables en <\/span><span class=\"a\">aplicaci\u00f3n de la presente ley cabr\u00e1 interponer los recursos previstos en el <\/span><span class=\"a\">ordenamiento jur\u00eddico.<\/span><\/span><\/div>\n<div class=\"ff3\"><span style=\"font-size: 14pt;\"><span class=\"a\">2. Frente a las resoluciones que resuelvan la revisi\u00f3n de sentencias o de <\/span><span class=\"a\">resoluciones administrativas firmes cabr\u00e1 interponer los mismos recursos <\/span><span class=\"a\">que, en su caso, hubieran procedido contra la sentencia dictada en primera <\/span><span class=\"a\">instancia.<\/span><\/span><\/div>\n<div>\u00a0<\/div>\n<div class=\"ff4\"><span style=\"font-size: 14pt;\"><strong><span class=\"a\">Disposici\u00f3n adicional primera<\/span><\/strong><\/span><\/div>\n<div class=\"ff3\"><span style=\"font-size: 14pt;\"><span class=\"a\">Se modifica el apartado 1 del art\u00edculo 130 del C\u00f3digo Penal, que queda <\/span><span class=\"a\">redactado con el siguiente tenor:<\/span><\/span><\/div>\n<div>\u00a0<\/div>\n<div class=\"ff3\"><span style=\"font-size: 14pt;\"><span class=\"a\">\u00ab<em>1. La responsabilidad criminal se extingue:<\/em><\/span><em><span class=\"a\">1.\u00ba Por la muerte del reo. <\/span><span class=\"a\">2.\u00ba Por el cumplimiento de la condena.<\/span><span class=\"a\">3.\u00ba Por la remisi\u00f3n definitiva de la pena, conforme a lo dispuesto en los <\/span><span class=\"a\">apartados 1 y 2 del art\u00edculo 87.<\/span><span class=\"a\">4.\u00ba Por la amnist\u00eda o el indulto.<\/span><span class=\"a\">5.\u00ba Por el perd\u00f3n de la persona ofendida, cuando se trate de delitos leves <\/span><span class=\"a\">perseguibles a instancias de la persona agraviada o la ley as\u00ed lo prevea. El <\/span><span class=\"a\">perd\u00f3n habr\u00e1 de ser otorgado de forma expresa antes de que se haya dictado\u00a0<\/span><span class=\"a\">sentencia, a cuyo efecto la autoridad judicial sentenciadora deber\u00e1 o\u00edr a la <\/span><span class=\"a\">persona ofendida por el delito antes de dictarla. <\/span><span class=\"a\">En los delitos cometidos contra personas menores de edad o personas con <\/span><span class=\"a\">discapacidad necesitadas de especial protecci\u00f3n que afecten a bienes<\/span><span class=\"a\"> jur\u00eddicos\u00a0eminentemente\u00a0personales,\u00a0el\u00a0perd\u00f3n\u00a0de\u00a0la\u00a0persona\u00a0ofendida\u00a0no\u00a0<\/span><span class=\"a\">extingue la responsabilidad criminal.<\/span><span class=\"a\">6.\u00ba Por la prescripci\u00f3n del delito.<\/span><\/em><span class=\"a\"><em>7.\u00ba Por la prescripci\u00f3n de la pena o de la medida de seguridad.<\/em>\u00bb<\/span><\/span><\/div>\n<div>\u00a0<\/div>\n<\/div>\n<\/div>\n<\/div>\n<\/div>\n<div id=\"outer_page_22\" class=\"outer_page only_ie6_border   not_visible\" style=\"text-align: justify;\">\n<div id=\"page22\" class=\"newpage\">\n<div class=\"text_layer\">\n<div class=\"ie_fix\">\n<div class=\"ff4\"><span style=\"font-size: 14pt;\"><strong><span class=\"a\">Disposici\u00f3n adicional segunda<\/span><\/strong><\/span><\/div>\n<div class=\"ff3\"><span style=\"font-size: 14pt;\"><span class=\"a\">Se modifica el art\u00edculo 39 de la Ley Org\u00e1nica 2\/1982, de 12 de mayo, del <\/span><span class=\"a\">Tribunal de Cuentas, que queda redactado con el siguiente tenor:<\/span><\/span><\/div>\n<div>\u00a0<\/div>\n<div class=\"ff3\"><span style=\"font-size: 14pt;\"><span class=\"a\">\u00ab<em>Art\u00edculo treinta y nueve. <\/em><\/span><em><span class=\"a\">Uno. Quedar\u00e1n exentos de responsabilidad quienes actuaren en virtud de <\/span><span class=\"a\">obediencia debida, siempre que hubieren advertido por escrito la <\/span><span class=\"a\">imprudencia o legalidad de la correspondiente orden, con las razones en que\u00a0<\/span><span class=\"a\">se funden. <\/span><span class=\"a\">Dos. Tampoco se exigir\u00e1 responsabilidad cuando el retraso en la rendici\u00f3n,<\/span><span class=\"a\"> justificaci\u00f3n o\u00a0examen\u00a0de\u00a0las\u00a0cuentas\u00a0y\u00a0en\u00a0la\u00a0solvencia\u00a0de\u00a0los\u00a0reparos\u00a0sea\u00a0<\/span><span class=\"a\">debido al incumplimiento por otros de sus obligaciones espec\u00edficas, siempre <\/span><span class=\"a\">que el responsable as\u00ed lo haya hecho constar por escrito. <\/span><span class=\"a\">Tres. Quedar\u00e1n exentos de responsabilidad quienes hubiesen cometido <\/span><span class=\"a\">actos que hayan sido amnistiados en los t\u00e9rminos en los que se establezca <\/span><\/em><span class=\"a\"><em>en la ley<\/em>. \u00bb<\/span><\/span><\/div>\n<div>\u00a0<\/div>\n<div class=\"ff4\"><span style=\"font-size: 14pt;\"><strong><span class=\"a\">Disposici\u00f3n final<\/span><\/strong><\/span><\/div>\n<div class=\"ff3\"><span style=\"font-size: 14pt;\"><span class=\"a\">La presente ley entrar\u00e1 en vigor el mismo d\u00eda de publicaci\u00f3n en el Bolet\u00edn <\/span><span class=\"a\">Oficial del Estado.<\/span><\/span><\/div>\n<\/div>\n<\/div>\n<\/div>\n<\/div>\n<div id=\"outer_page_23\" class=\"outer_page only_ie6_border   not_visible\">\n<div class=\"b_tl\" style=\"text-align: justify;\">\u00a0<\/div>\n<div id=\"page23\" class=\"newpage\">\n<div class=\"text_layer\">\n<div class=\"ie_fix\">\n<div class=\"ff5\" style=\"text-align: justify;\">\u00a0<\/div>\n<div class=\"ff4\" style=\"text-align: justify;\"><span style=\"font-size: 14pt;\"><strong><span class=\"a\">ANTECEDENTES<\/span><\/strong><\/span><\/div>\n<div class=\"ff3\" style=\"text-align: justify;\"><span class=\"a\" style=\"font-size: 14pt;\">Constituci\u00f3n Espa\u00f1ola.<\/span><\/div>\n<div class=\"ff5\" style=\"text-align: justify;\"><span class=\"a\" style=\"font-size: 14pt;\">Ley 46\/1977, de 15 de octubre, de Amnist\u00eda.\u00a0<\/span><\/div>\n<div class=\"ff5\" style=\"text-align: justify;\"><span class=\"a\" style=\"font-size: 14pt;\">Ley Org\u00e1nica 10\/1995, de 23 de noviembre, del C\u00f3digo Penal.\u00a0<\/span><\/div>\n<div class=\"ff5\" style=\"text-align: justify;\"><span style=\"font-size: 14pt;\"><span class=\"a\">Real Decreto de 14 de Septiembre de 1882, por el que se aprueba la Ley de <\/span><span class=\"a\">Enjuiciamiento Criminal<\/span><\/span><\/div>\n<\/div>\n<\/div>\n<\/div>\n<\/div>\n<p>&nbsp;<\/p>\n<p>&nbsp;<\/p>\n<p><a href=\"https:\/\/puntocritico.com\/ausajpuntocritico\/2023\/07\/26\/la-burguesia-vota-a-sumar\/\"><img loading=\"lazy\" decoding=\"async\" class=\"aligncenter wp-image-2283455 size-full\" src=\"https:\/\/puntocritico.com\/ausajpuntocritico\/wp-content\/uploads\/2023\/07\/Feijolanos-PPAL.jpg\" alt=\"\" width=\"680\" height=\"452\" data-id=\"2283455\" srcset=\"https:\/\/puntocritico.com\/ausajpuntocritico\/wp-content\/uploads\/2023\/07\/Feijolanos-PPAL.jpg 680w, https:\/\/puntocritico.com\/ausajpuntocritico\/wp-content\/uploads\/2023\/07\/Feijolanos-PPAL-300x199.jpg 300w, https:\/\/puntocritico.com\/ausajpuntocritico\/wp-content\/uploads\/2023\/07\/Feijolanos-PPAL-678x452.jpg 678w\" sizes=\"auto, (max-width: 680px) 100vw, 680px\" \/><\/a><\/p>\n<p>&nbsp;<\/p>\n<p><a href=\"https:\/\/puntocritico.com\/ausajpuntocritico\/author\/punto-critico\/\"><img loading=\"lazy\" decoding=\"async\" class=\"aligncenter wp-image-9528\" src=\"https:\/\/puntocritico.com\/ausajpuntocritico\/wp-content\/uploads\/2018\/03\/Mosca_Punto_Cr\u00edtico_40.png\" alt=\"\" width=\"80\" height=\"80\" data-id=\"9528\" \/><\/a><\/p>\n<p>&nbsp;<\/p>\n<p>&nbsp;<\/p>\n","protected":false},"excerpt":{"rendered":"<div class=\"mh-excerpt\"><p>Proposici\u00f3n de Ley Org\u00e1nica de amnist\u00eda &nbsp; LA JUSTICIA BIEN VALE UNA REVOLUCI\u00d3N, por Albert Camus &nbsp; \u201cNo es absolutamente necesario que las doctrinas pol\u00edticas sean nuevas. La pol\u00edtica (no decimos la acci\u00f3n) no tiene <a class=\"mh-excerpt-more\" href=\"https:\/\/puntocritico.com\/ausajpuntocritico\/2023\/11\/16\/proposicion-de-ley-organica-de-amnistia\/\" title=\"LA JUSTICIA BIEN VALE UNA REVOLUCI\u00d3N: \u00abProposici\u00f3n de Ley Org\u00e1nica de amnist\u00eda para la normalizaci\u00f3n institucional, pol\u00edtica y social en Catalu\u00f1a\u00bb\">[&#8230;]<\/a><\/p>\n<\/div>","protected":false},"author":3,"featured_media":7562,"comment_status":"open","ping_status":"open","sticky":false,"template":"","format":"standard","meta":{"_acf_changed":false,"_exactmetrics_skip_tracking":false,"_exactmetrics_sitenote_active":false,"_exactmetrics_sitenote_note":"","_exactmetrics_sitenote_category":0,"footnotes":""},"categories":[6],"tags":[],"class_list":{"0":"post-2290628","1":"post","2":"type-post","3":"status-publish","4":"format-standard","5":"has-post-thumbnail","7":"category-justicia"},"acf":[],"_links":{"self":[{"href":"https:\/\/puntocritico.com\/ausajpuntocritico\/wp-json\/wp\/v2\/posts\/2290628","targetHints":{"allow":["GET"]}}],"collection":[{"href":"https:\/\/puntocritico.com\/ausajpuntocritico\/wp-json\/wp\/v2\/posts"}],"about":[{"href":"https:\/\/puntocritico.com\/ausajpuntocritico\/wp-json\/wp\/v2\/types\/post"}],"author":[{"embeddable":true,"href":"https:\/\/puntocritico.com\/ausajpuntocritico\/wp-json\/wp\/v2\/users\/3"}],"replies":[{"embeddable":true,"href":"https:\/\/puntocritico.com\/ausajpuntocritico\/wp-json\/wp\/v2\/comments?post=2290628"}],"version-history":[{"count":0,"href":"https:\/\/puntocritico.com\/ausajpuntocritico\/wp-json\/wp\/v2\/posts\/2290628\/revisions"}],"wp:featuredmedia":[{"embeddable":true,"href":"https:\/\/puntocritico.com\/ausajpuntocritico\/wp-json\/wp\/v2\/media\/7562"}],"wp:attachment":[{"href":"https:\/\/puntocritico.com\/ausajpuntocritico\/wp-json\/wp\/v2\/media?parent=2290628"}],"wp:term":[{"taxonomy":"category","embeddable":true,"href":"https:\/\/puntocritico.com\/ausajpuntocritico\/wp-json\/wp\/v2\/categories?post=2290628"},{"taxonomy":"post_tag","embeddable":true,"href":"https:\/\/puntocritico.com\/ausajpuntocritico\/wp-json\/wp\/v2\/tags?post=2290628"}],"curies":[{"name":"wp","href":"https:\/\/api.w.org\/{rel}","templated":true}]}}