{"id":2290398,"date":"2023-11-19T00:05:35","date_gmt":"2023-11-18T23:05:35","guid":{"rendered":"https:\/\/puntocritico.com\/ausajpuntocritico\/?p=2290398"},"modified":"2024-04-30T21:00:08","modified_gmt":"2024-04-30T19:00:08","slug":"de-cierta-coincidencia-entre-los-destinos-de-los-jueces-y-de-los-abogados","status":"publish","type":"post","link":"https:\/\/puntocritico.com\/ausajpuntocritico\/2023\/11\/19\/de-cierta-coincidencia-entre-los-destinos-de-los-jueces-y-de-los-abogados\/","title":{"rendered":"CALAMANDREI, \u00abElogio de los Jueces escrito por un Abogado\u00bb (y Cap\u00edtulo 12): \u00abDe cierta coincidencia entre los destinos de los jueces y de los abogados\u00bb"},"content":{"rendered":"<h2 style=\"text-align: justify;\"><span style=\"font-size: 14pt; color: #008000;\">De cierta coincidencia entre los destinos de los jueces y de los abogados<\/span><\/h2>\n\n<p style=\"text-align: center;\">\u00a0<\/p>\n<blockquote>\n<h2 style=\"text-align: center;\"><strong><span style=\"font-size: 24pt;\">ESO QUE LLAM\u00c1IS LIBERTAD<\/span><\/strong><\/h2>\n<p style=\"text-align: justify;\"><a href=\"https:\/\/puntocritico.com\/ausajpuntocritico\/2018\/01\/10\/eso-que-llamais-libertad-por-khalil-gibran\/\"><span style=\"font-size: 14pt;\">Khalil Gibran<\/span><\/a><\/p>\n<p style=\"text-align: center;\"><span style=\"font-size: 14pt; color: #008000;\"><em><strong>\u201cEn verdad, eso que llam\u00e1is libertad es la m\u00e1s peligrosa de vuestras cadenas, a pesar de que sus eslabones brillen al sol y deslumbren vuestros ojos. \u00bfY qu\u00e9 sino fragmentos de vuestro propio yo desechar\u00e9is para poder ser libres? <\/strong><\/em><\/span><\/p>\n<p style=\"text-align: center;\"><span style=\"font-size: 14pt; color: #008000;\"><em><strong>Si lo que dese\u00e1is abolir es una ley injusta, deb\u00e9is saber que esa ley fue escrita con vuestras propias manos sobre vuestras propias frentes. No la borrar\u00e9is quemando vuestros C\u00f3digos ni lavando la frente de vuestros jueces, aunque vaci\u00e9is todo un mar sobre ella. <\/strong><\/em><\/span><\/p>\n<p style=\"text-align: center;\"><span style=\"font-size: 14pt; color: #008000;\"><em><strong>Y si es un tirano el que quer\u00e9is deponer, tratad primero que su trono, erigido en vuestro interior, sea destruido. Porque \u00bfc\u00f3mo puede un tirano obligar a los libres y a los dignos sino a trav\u00e9s de un sometimiento en su propia libertad y una verg\u00fcenza en su propio orgullo?\u201d<\/strong><\/em><\/span><\/p>\n<p class=\"entry-title\" style=\"text-align: center;\"><strong><span style=\"font-size: 14pt; color: #008000;\"><span lang=\"ES-TRAD\">Y<\/span>\u00a0si es un dolor el que quer\u00e9is borrar, ese dolor fue elegido por vosotros m\u00e1s que impuesto a vosotros.<\/span><\/strong><\/p>\n<p class=\"entry-title\" style=\"text-align: center;\"><span style=\"color: #008000;\"><strong><span style=\"font-size: 14pt;\"><span lang=\"ES-TRAD\">Y<\/span>\u00a0si es un miedo el que quer\u00e9is borrar, el lugar de ese miedo est\u00e1 en vuestro coraz\u00f3n y no en el pu\u00f1o del ser temido.<\/span><\/strong><\/span><\/p>\n<p style=\"text-align: center;\" align=\"center\"><span style=\"color: #008000;\"><strong><span style=\"font-size: 18pt;\">* * *<\/span><\/strong><\/span><\/p>\n<p style=\"text-align: center;\"><span style=\"font-size: 18pt;\"><strong>ESO QUE LLAM\u00c1IS LIBERTAD<\/strong><\/span><\/p>\n<p style=\"text-align: center;\" align=\"center\"><span style=\"font-size: 14pt;\"><span lang=\"ES-TRAD\"><strong><a href=\"https:\/\/puntocritico.com\/ausajpuntocritico\/wp-content\/uploads\/2018\/01\/libertad.jpg\" rel=\"lightbox[2290398]\"><img loading=\"lazy\" decoding=\"async\" class=\"aligncenter wp-image-8057 size-full\" src=\"https:\/\/puntocritico.com\/ausajpuntocritico\/wp-content\/uploads\/2018\/01\/libertad.jpg\" alt=\"\" width=\"330\" height=\"336\" srcset=\"https:\/\/puntocritico.com\/ausajpuntocritico\/wp-content\/uploads\/2018\/01\/libertad.jpg 330w, https:\/\/puntocritico.com\/ausajpuntocritico\/wp-content\/uploads\/2018\/01\/libertad-295x300.jpg 295w\" sizes=\"auto, (max-width: 330px) 100vw, 330px\" \/><\/a><\/strong><\/span><\/span><\/p>\n<p align=\"center\">\u00a0<\/p>\n<p align=\"center\"><span style=\"font-size: 14pt;\"><span lang=\"ES-TRAD\"><strong>Y<\/strong><\/span>\u00a0un orador dijo: H\u00e1blanos de la Libertad. Y \u00e9l dijo:<\/span><\/p>\n<p style=\"text-align: center;\" align=\"center\"><span style=\"font-size: 14pt;\"><span lang=\"ES-TRAD\"><strong>A<\/strong><\/span>\u00a0las puertas de la ciudad y a la lumbre de vuestros hogares os he visto hincados, adorando vuestra propia libertad.<\/span><br \/>\n<span style=\"font-size: 14pt;\"><span lang=\"ES-TRAD\"><strong>A<\/strong><\/span>s\u00ed como los esclavos se humillan ante un tirano y lo alaban aun cuando los martiriza.<\/span><\/p>\n<p style=\"text-align: center;\" align=\"center\"><span style=\"font-size: 14pt;\">\u00a1<span lang=\"ES-TRAD\"><strong>O<\/strong><\/span>h, s\u00ed! En el jard\u00edn del templo y a la sombra de la ciudadela he visto a los m\u00e1s libres de vosotros utilizar su libertad como un yugo y un dogal.<\/span><\/p>\n<p style=\"text-align: center;\" align=\"center\"><span style=\"font-size: 14pt;\"><span lang=\"ES-TRAD\"><strong>Y<\/strong><\/span>\u00a0mi coraz\u00f3n sangr\u00f3 porque s\u00f3lo ser\u00e9is libres cuando aun el deseo de perseguir la libertad sea un arn\u00e9s para vosotros y cuando dej\u00e9is de hablar de la libertad como de una meta y una realizaci\u00f3n.<\/span><\/p>\n<p style=\"text-align: center;\" align=\"center\"><span style=\"font-size: 14pt;\"><span lang=\"ES-TRAD\"><strong>S<\/strong><\/span>er\u00e9is en verdad libres, no cuando vuestros d\u00edas est\u00e9n libres de cuidado y vuestras noches vac\u00edas de necesidad y pena.<\/span><br \/>\n<span style=\"font-size: 14pt;\"><span lang=\"ES-TRAD\"><strong>S<\/strong><\/span>ino, m\u00e1s bien, cuando la necesidad y la angustia rodeen vuestra vida y, sin embargo, se\u00e1is capaces de elevaros sobre ellas desnudos y sin ataduras.<\/span><\/p>\n<p style=\"text-align: center;\" align=\"center\"><span style=\"font-size: 14pt;\">\u00bf<span lang=\"ES-TRAD\"><strong>Y<\/strong><\/span>\u00a0c\u00f3mo har\u00e9is para elevaros m\u00e1s all\u00e1 de vuestros d\u00edas y vuestras noches sin romper las cadenas que atasteis alrededor de vuestro mediod\u00eda, en el amanecer de vuestro entendimiento?<\/span><\/p>\n<p style=\"text-align: center;\" align=\"center\"><span style=\"font-size: 14pt;\"><span lang=\"ES-TRAD\"><strong>E<\/strong><\/span>n verdad, eso que llam\u00e1is libertad es la m\u00e1s peligrosa de vuestras cadenas, a pesar de que sus eslabones brillen al sol y deslumbren vuestros ojos.<\/span><\/p>\n<p style=\"text-align: center;\" align=\"center\"><span style=\"font-size: 14pt;\">\u00bf<span lang=\"ES-TRAD\"><strong>Y<\/strong><\/span>\u00a0qu\u00e9 sino fragmentos de vuestro propio yo desechar\u00e9is para poder ser libres?<\/span><\/p>\n<p style=\"text-align: center;\" align=\"center\"><span style=\"font-size: 14pt;\"><span lang=\"ES-TRAD\"><strong>S<\/strong><\/span>i lo que dese\u00e1is abolir es una ley injusta, deb\u00e9is saber que esa ley fue escrita con vuestras propias manos sobre vuestras propias frentes.<\/span><br \/>\n<span style=\"font-size: 14pt;\"><span lang=\"ES-TRAD\"><strong>N<\/strong><\/span>o la borrar\u00e9is quemando vuestros C\u00f3digos ni lavando la frente de vuestros jueces, aunque vaci\u00e9is todo un mar sobre ella.<\/span><\/p>\n<p style=\"text-align: center;\" align=\"center\"><span style=\"font-size: 14pt;\"><span lang=\"ES-TRAD\"><strong>Y<\/strong><\/span>\u00a0si es un tirano el que quer\u00e9is deponer, tratad primero de que su trono, erigido en vuestro interior, sea destruido.<\/span><br \/>\n<span style=\"font-size: 14pt;\"><span lang=\"ES-TRAD\"><strong>P<\/strong><\/span>orque \u00bfc\u00f3mo puede un tirano obligar a los libres y a los dignos sino a trav\u00e9s de un sometimiento en su propia libertad y una verg\u00fcenza en su propio orgullo?<\/span><\/p>\n<p style=\"text-align: center;\" align=\"center\"><span style=\"font-size: 14pt;\"><span lang=\"ES-TRAD\"><strong>Y<\/strong><\/span>\u00a0si es un dolor el que quer\u00e9is borrar, ese dolor fue elegido por vosotros m\u00e1s que impuesto a vosotros.<\/span><br \/>\n<span style=\"font-size: 14pt;\"><span lang=\"ES-TRAD\"><strong>Y<\/strong><\/span>\u00a0si es un miedo el que quer\u00e9is borrar, el lugar de ese miedo est\u00e1 en vuestro coraz\u00f3n y no en el pu\u00f1o del ser temido.<\/span><\/p>\n<p style=\"text-align: center;\" align=\"center\"><span style=\"font-size: 14pt;\"><span lang=\"ES-TRAD\"><strong>E<\/strong><\/span>n verdad, todo lo que percib\u00eds se mueve en vosotros como luces y sombras apareadas.<\/span><br \/>\n<span style=\"font-size: 14pt;\"><span lang=\"ES-TRAD\"><strong>Y<\/strong><\/span>\u00a0cuando la sombra huye desvanecida para siempre, la luz que queda se convierte en sombra de otra luz.<\/span><\/p>\n<p style=\"text-align: center;\"><span style=\"font-size: 14pt;\"><span lang=\"ES-TRAD\"><strong>A<\/strong><\/span>s\u00ed, vuestra libertad, cuando pierde sus cadenas, se vuelve ella misma cadena de una libertad mayor.<\/span><\/p>\n<p style=\"text-align: center;\">* * *<\/p>\n<p style=\"text-align: justify;\"><span style=\"font-size: 14pt;\"><span style=\"color: #339966;\"><b>KHALIL GIBRAN<\/b><\/span>,\u00a0<i>El profeta<\/i>. Obras completas, Ediciones Bosmar, 1980. <a href=\"http:\/\/www.filosofiadigital.com\/2011\/08\/vuestra-libertad-cadena-de-una-libertad-mayor-por-khalil-gibran\/\" target=\"_blank\" rel=\"noopener\">Filosof\u00eda Digital,<\/a> 2007.<\/span><\/p>\n<p style=\"text-align: center;\"><span style=\"color: #008000; font-size: 14pt;\">\u2666\u2666\u2666\u2666\u2666\u2666\u2666<\/span><\/p>\n<p><img loading=\"lazy\" decoding=\"async\" class=\"aligncenter wp-image-2002676\" src=\"https:\/\/puntocritico.com\/ausajpuntocritico\/wp-content\/uploads\/2021\/03\/gibran_khalil_gibran-300x135.jpg\" alt=\"\" width=\"480\" height=\"217\" data-id=\"2002676\" srcset=\"https:\/\/puntocritico.com\/ausajpuntocritico\/wp-content\/uploads\/2021\/03\/gibran_khalil_gibran-300x135.jpg 300w, https:\/\/puntocritico.com\/ausajpuntocritico\/wp-content\/uploads\/2021\/03\/gibran_khalil_gibran-1024x462.jpg 1024w, https:\/\/puntocritico.com\/ausajpuntocritico\/wp-content\/uploads\/2021\/03\/gibran_khalil_gibran-768x346.jpg 768w, https:\/\/puntocritico.com\/ausajpuntocritico\/wp-content\/uploads\/2021\/03\/gibran_khalil_gibran-1536x693.jpg 1536w, https:\/\/puntocritico.com\/ausajpuntocritico\/wp-content\/uploads\/2021\/03\/gibran_khalil_gibran-2048x924.jpg 2048w, https:\/\/puntocritico.com\/ausajpuntocritico\/wp-content\/uploads\/2021\/03\/gibran_khalil_gibran-610x275.jpg 610w\" sizes=\"auto, (max-width: 480px) 100vw, 480px\" \/><\/p>\n<p>&nbsp;<\/p>\n<p style=\"text-align: center;\"><span style=\"color: #008000;\"><strong><span style=\"font-size: 14pt;\">\u00ab<em>Los dones que provienen de la justicia son superiores a los que se originan en la caridad<\/em>\u00bb (Khalil Gibran)<\/span><\/strong><\/span><\/p>\n<p style=\"text-align: center;\">\u00a0<\/p>\n<\/blockquote>\n<p style=\"text-align: center;\"><span style=\"font-size: 18pt;\"><strong><span style=\"color: #008000;\">*******<\/span><\/strong><\/span><\/p>\n<blockquote>\n<h2 style=\"text-align: center;\"><span style=\"font-size: 24pt;\"><strong>ELOGIO DE LOS JUECES ESCRITO POR UN ABOGADO:\u00a0<\/strong><strong>\u00cdNDICE<\/strong><\/span><\/h2>\n<p class=\"entry-title\" style=\"text-align: center;\"><a href=\"https:\/\/puntocritico.com\/ausajpuntocritico\/2023\/08\/27\/elogio-de-los-jueces-escrito-por-un-abogado-por-piero-calamandrei-presentacion-y-prologo\/\"><span style=\"font-size: 14pt;\">Presentaci\u00f3n y Pr\u00f3logo<\/span><\/a><\/p>\n<p style=\"padding-left: 40px; text-align: center;\"><a href=\"https:\/\/puntocritico.com\/ausajpuntocritico\/2023\/09\/03\/calamandrei-fe-en-los-jueces\/\"><span style=\"font-size: 14pt;\"><strong>I.<\/strong> De la fe en los jueces primer requisito del abogado\u00a0<\/span><\/a><\/p>\n<p style=\"padding-left: 40px; text-align: center;\"><a href=\"https:\/\/puntocritico.com\/ausajpuntocritico\/2023\/09\/10\/capitulo-ii-calamandrei-de-la-urbanidad\/\"><span style=\"font-size: 14pt;\"><strong>II.<\/strong> De la urbanidad ( o bien de la discreci\u00f3n) de los jueces\u00a0\u00a0<\/span><\/a><\/p>\n<p style=\"padding-left: 40px; text-align: center;\"><a href=\"https:\/\/puntocritico.com\/ausajpuntocritico\/2023\/09\/17\/calamandrei-capitulo-iii-de-ciertas-semejanzas-y-diferencias-entre-jueces-y-abogados\/\"><span style=\"font-size: 14pt;\"><strong>III.<\/strong> De ciertas semejanzas y diferencias entre jueces y abogados\u00a0<\/span><\/a><\/p>\n<p style=\"padding-left: 40px; text-align: center;\"><a href=\"https:\/\/puntocritico.com\/ausajpuntocritico\/2023\/09\/24\/calamandrei-oratoria-forense\/\"><span style=\"font-size: 14pt;\"><strong>IV.<\/strong> De la llamada oratoria forense\u00a0<\/span><\/a><\/p>\n<p style=\"padding-left: 40px; text-align: center;\"><a href=\"https:\/\/puntocritico.com\/ausajpuntocritico\/2023\/10\/01\/calamandrei-de-cierta-inmovilidad-de-los-jueces-en-audiencia-publica\/\"><span style=\"font-size: 14pt;\"><strong>V.<\/strong> De cierta inmovilidad de los jueces en audiencia publica<\/span><\/a><\/p>\n<p style=\"padding-left: 40px; text-align: center;\"><a href=\"https:\/\/puntocritico.com\/ausajpuntocritico\/2023\/10\/08\/calamandrei-de-ciertas-relaciones-entre-los-abogados-y-la-verdad\/\"><span style=\"font-size: 14pt;\"><strong>VI.<\/strong> De ciertas relaciones entre los abogados y la verdad, o bien de la justa parcialidad del defensor\u00a0<\/span><\/a><\/p>\n<p style=\"padding-left: 40px; text-align: center;\"><a href=\"https:\/\/puntocritico.com\/ausajpuntocritico\/2023\/10\/15\/calamandrei-de-ciertas-aberraciones-de-los-clientes\/\"><span style=\"font-size: 14pt;\"><strong>VII.<\/strong> De ciertas aberraciones de los clientes, que los jueces deben recordar en disculpa de los abogados\u00a0\u00a0<\/span><\/a><\/p>\n<p style=\"padding-left: 40px; text-align: center;\"><a href=\"https:\/\/puntocritico.com\/ausajpuntocritico\/2023\/10\/22\/calamandrei-de-la-predileccion-de-abogados-y-jueces-por-las-cuestiones-de-derecho-o-por-las-de-hecho\/\"><span style=\"font-size: 14pt;\"><strong>VIII<\/strong>. De la predilecci\u00f3n de abogados y jueces por las cuestiones de derecho o por las de hecho\u00a0<\/span><\/a><\/p>\n<p style=\"padding-left: 40px; text-align: center;\"><a href=\"https:\/\/puntocritico.com\/ausajpuntocritico\/2023\/10\/29\/calamandrei-del-sentimiento-y-de-la-logica-en-las-sentencias\/\"><span style=\"font-size: 14pt;\"><strong>IX.<\/strong> Del sentimiento y de la l\u00f3gica en las sentencias\u00a0<\/span><\/a><\/p>\n<p style=\"padding-left: 40px; text-align: center;\"><a href=\"https:\/\/puntocritico.com\/ausajpuntocritico\/2023\/11\/05\/calamandrei-del-amor-de-los-abogados-por-los-jueces-y-viceversa\/\"><span style=\"font-size: 14pt;\"><strong>X.<\/strong> Del amor de los abogados por los jueces y viceversa\u00a0<\/span><\/a><\/p>\n<p style=\"padding-left: 40px; text-align: center;\"><a href=\"https:\/\/puntocritico.com\/ausajpuntocritico\/2023\/11\/12\/calamandrei-de-algunas-tristezas-y-heroismos-de-la-vida-de-los-jueces-11\/\"><span style=\"font-size: 14pt;\"><strong>XI.<\/strong> De algunas tristezas y hero\u00edsmos de la vida de los jueces\u00a0<\/span><\/a><\/p>\n<p style=\"padding-left: 40px; text-align: center;\"><span style=\"font-size: 14pt;\"><strong>XII<\/strong>. De cierta coincidencia entre los destinos de los jueces y de los abogados\u00a0<\/span><\/p>\n<\/blockquote>\n<p>&nbsp;<\/p>\n<p><img loading=\"lazy\" decoding=\"async\" class=\"aligncenter size-full wp-image-2237367\" src=\"https:\/\/puntocritico.com\/ausajpuntocritico\/wp-content\/uploads\/2021\/12\/Calamandrei-elogio-jueces-PPAL2.jpg\" alt=\"\" width=\"678\" height=\"381\" data-id=\"2237367\" srcset=\"https:\/\/puntocritico.com\/ausajpuntocritico\/wp-content\/uploads\/2021\/12\/Calamandrei-elogio-jueces-PPAL2.jpg 678w, https:\/\/puntocritico.com\/ausajpuntocritico\/wp-content\/uploads\/2021\/12\/Calamandrei-elogio-jueces-PPAL2-300x169.jpg 300w, https:\/\/puntocritico.com\/ausajpuntocritico\/wp-content\/uploads\/2021\/12\/Calamandrei-elogio-jueces-PPAL2-610x343.jpg 610w\" sizes=\"auto, (max-width: 678px) 100vw, 678px\" \/><\/p>\n<p style=\"text-align: center;\"><span style=\"color: #99cc00;\"><strong><span style=\"font-size: 24pt;\">***<\/span><\/strong><\/span><\/p>\n<p style=\"text-align: center; padding-left: 40px;\"><strong><span style=\"font-size: 24pt;\">CAPTIULO XII<\/span><\/strong><\/p>\n<h2 style=\"text-align: center; padding-left: 40px;\"><strong><span style=\"font-size: 24pt;\">DE CIERTA COINCIDENCIA ENTRE LOS DESTINOS DE LOS JUECES <\/span><\/strong><strong><span style=\"font-size: 24pt;\">Y DE LOS ABOGADOS<\/span><\/strong><\/h2>\n<p><img loading=\"lazy\" decoding=\"async\" class=\"aligncenter wp-image-2290271\" src=\"https:\/\/puntocritico.com\/ausajpuntocritico\/wp-content\/uploads\/2023\/11\/personajes_biblicos_historia-og-300x225.webp\" alt=\"De cierta coincidencia entre los destinos de los jueces y de los abogados\" width=\"400\" height=\"300\" data-id=\"2290271\" srcset=\"https:\/\/puntocritico.com\/ausajpuntocritico\/wp-content\/uploads\/2023\/11\/personajes_biblicos_historia-og-300x225.webp 300w, https:\/\/puntocritico.com\/ausajpuntocritico\/wp-content\/uploads\/2023\/11\/personajes_biblicos_historia-og-1024x768.webp 1024w, https:\/\/puntocritico.com\/ausajpuntocritico\/wp-content\/uploads\/2023\/11\/personajes_biblicos_historia-og-768x576.webp 768w, https:\/\/puntocritico.com\/ausajpuntocritico\/wp-content\/uploads\/2023\/11\/personajes_biblicos_historia-og-678x509.webp 678w, https:\/\/puntocritico.com\/ausajpuntocritico\/wp-content\/uploads\/2023\/11\/personajes_biblicos_historia-og-326x245.webp 326w, https:\/\/puntocritico.com\/ausajpuntocritico\/wp-content\/uploads\/2023\/11\/personajes_biblicos_historia-og-80x60.webp 80w, https:\/\/puntocritico.com\/ausajpuntocritico\/wp-content\/uploads\/2023\/11\/personajes_biblicos_historia-og-1320x990.webp 1320w, https:\/\/puntocritico.com\/ausajpuntocritico\/wp-content\/uploads\/2023\/11\/personajes_biblicos_historia-og.webp 1400w\" sizes=\"auto, (max-width: 400px) 100vw, 400px\" \/><\/p>\n<p>&nbsp;<\/p>\n<p style=\"text-align: justify;\"><strong><em><span style=\"font-size: 14pt;\">El abogado<\/span><\/em><\/strong><span style=\"font-size: 14pt;\">. \u2014 Feliz t\u00fa, juez, que puedes seguir en tu trabajo el regulado ritmo del horario de la audiencia y sentir a tu alrededor, cuando trabajas, el reposante respeto de la sala o el secreto recogimiento del despacho. Cuando entra el Tribunal, calla todo murmullo. Tu obra se desarrolla alejada del tumulto, sin acontecimientos imprevistos y sin precipitaciones; t\u00fa ignoras el ansia de improvisar, las sorpresas de la \u00faltima hora; <strong>t\u00fa no tienes que fatigarte para encontrar argumentos, porque est\u00e1s llamado solamente a escoger entre los buscados por nosotros, que realizamos por ti el duro trabajo de excavar<\/strong>, y para mejor meditar tu elecci\u00f3n, tienes el deber de sentarte en tu c\u00f3modo sill\u00f3n; tanto que, mientras los otros hombres se sientan para descansar, \u201c<em>sesi\u00f3n<\/em>\u201d se llama para ti el per\u00edodo de mayor trabajo. Pero l<strong>a fatiga del abogado no conoce horario ni tregua; cada proceso abre un nuevo camino, cada cliente suscita un nuevo enigma<\/strong>. El abogado debe estar presente, al mismo tiempo, en cien sitios distintos, de la misma manera que su esp\u00edritu debe seguir al mismo tiempo cien pistas. A los clientes y no a \u00e9l, les pertenecen tambi\u00e9n sus horas nocturnas, que son aquellas en que \u00e9l, tormentosamente, elabora para ellos los m\u00e1s preciosos argumentos. \u00c9l es, material y espiritualmente, la proteiforme inquietud que vigila alerta, como t\u00fa <\/span><span style=\"font-size: 14pt;\">eres, \u00a1oh juez!, la ol\u00edmpica inmovilidad que, sin prisa, espera. <\/span><\/p>\n<p style=\"text-align: justify;\"><span style=\"font-size: 14pt;\"><em><strong>El juez<\/strong>.<\/em>\u2014Pero t\u00fa no sabes qu\u00e9 tumulto de peticiones, qu\u00e9 fluctuar de incertidumbres se agitan a veces dentro de la aparente inmovilidad del magistrado sentado. Si a menudo, durante la noche, sientes llamar a tu puerta al importuno cliente, m\u00e1s a menudo yo siento hasta el alba, en medio del insomnio, martillar en mi coraz\u00f3n la angustia de la duda. \u00bfQu\u00e9 juez podr\u00e1 dormir la v\u00edspera de una sentencia de muerte? Y, adem\u00e1s, el peso de la condena pronunciada recae todo sobre el juez; el temor del error; el angustioso pensamiento de haber acaso encadenado la inocencia, le obsesiona y le abate. <strong>Los jueces no saben ya reir, porque sobre su cara se imprime con los a\u00f1os, como en una careta, el espasmo de la piedad que combate con el rigor<\/strong>. Cuando con tu defensa has cumplido tu deber, puedes t\u00fa, abogado, esperar sereno los acontecimientos; pero<strong> el juez, si consigue estar impasible, no consigue estar sereno<\/strong>. <\/span><\/p>\n<p style=\"text-align: justify;\"><span style=\"font-size: 14pt;\"><strong><em>El abogado<\/em><\/strong>.\u2014\u00bfSereno crees t\u00fa al abogado?<strong> \u00bfNo te das cuenta, desde tu alto estrado, de que los abogados encanecen precozmente y pasan por la vida m\u00e1s deprisa que t\u00fa? El abogado vive cien existencias en una; le consumen juntos los cuidados de cien diversos destinos<\/strong>. Aun si, una semana al a\u00f1o, consigue aislarse sobre la cima de un monte o a bordo de un velero, le acompa\u00f1an inexorablemente en sus vacaciones, los dolores, las codicias, las esperanzas de las personas que le han inoculado, despiadadamente, sus penas, para poder as\u00ed librarse de ellas. <strong>Aunque \u00e9l sea un dilapidador de su dinero, debe luchar para conservar el de sus clientes; aunque sea un hombre de bien, debe perder el sue\u00f1o por las malas acciones de los otros<\/strong>; si <\/span><span style=\"font-size: 14pt;\">es un coraz\u00f3n pac\u00edfico que prefiere verse robado por un criado a tomarle las cuentas, debe envenenarse la existencia para vigilar hasta el c\u00e9ntimo a los criados de los dem\u00e1s. <strong>Y hablas despu\u00e9s de la<\/strong> <strong>angustia del juzgar<\/strong>. <strong>\u00bfPero t\u00fa has imaginado nunca el tormento del abogado que sabe, o cree saber, que de su habilidad depende en gran parte la orientaci\u00f3n de tu juicio?<\/strong> A \u00e9l le corresponde encontrar argumentos que sepan convencerte;<strong> y si t\u00fa te equivocas, es culpa del abogado que no ha sabido sacarte a tiempo del campo del error<\/strong>. Nadie sabe describir <strong>la angustia del abogado<\/strong>, <strong>cuyo cliente es inocente y no consigue demostrarlo<\/strong>; que se siente inferior e impotente frente a la maestr\u00eda o a las trampas del abogado contrario; que despu\u00e9s de la derrota irreparable encuentra, por fin, pero demasiado tarde, el argumento que le habr\u00eda asegurado la justa victoria. <\/span><\/p>\n<p>&nbsp;<\/p>\n<figure id=\"attachment_2290704\" aria-describedby=\"caption-attachment-2290704\" style=\"width: 480px\" class=\"wp-caption aligncenter\"><a href=\"https:\/\/es.wikipedia.org\/wiki\/John_Marshall\" target=\"_blank\" rel=\"noopener\" data-schema-attribute=\"\"><img loading=\"lazy\" decoding=\"async\" class=\"wp-image-2290704\" src=\"https:\/\/puntocritico.com\/ausajpuntocritico\/wp-content\/uploads\/2023\/11\/Juez-John-Marshall-escultura-300x166.webp\" alt=\"\" width=\"480\" height=\"266\" data-id=\"2290704\" srcset=\"https:\/\/puntocritico.com\/ausajpuntocritico\/wp-content\/uploads\/2023\/11\/Juez-John-Marshall-escultura-300x166.webp 300w, https:\/\/puntocritico.com\/ausajpuntocritico\/wp-content\/uploads\/2023\/11\/Juez-John-Marshall-escultura.webp 640w\" sizes=\"auto, (max-width: 480px) 100vw, 480px\" \/><\/a><figcaption id=\"caption-attachment-2290704\" class=\"wp-caption-text\"><span style=\"color: #008000;\"><a href=\"https:\/\/es.wikipedia.org\/wiki\/John_Marshall\" target=\"_blank\" rel=\"noopener\" data-schema-attribute=\"\">John Marshall<\/a> (24 de septiembre de 1755 \u2013 6 de julio de 1835) fue un abogado, juez, pol\u00edtico, diplom\u00e1tico, legislador, estadista, jurista y militar estadounidense<\/span><\/figcaption><\/figure>\n<p>&nbsp;<\/p>\n<p style=\"text-align: justify;\"><strong><span style=\"font-size: 14pt;\"><em>El <\/em><\/span><\/strong><span style=\"font-size: 14pt;\"><strong><em>juez<\/em><\/strong>.\u2014Lo comprendo; pero al menos, <strong>\u00a1qu\u00e9 premio no <\/strong><\/span><span style=\"font-size: 14pt;\"><strong>representa para el abogado el conseguir la victoria al final de ciertos juicios! Durante todo el proceso, el centro de todas las curiosidades y de todas las simpat\u00edas es el defensor<\/strong>; el p\u00fablico vive, uno tras otro, todos sus movimientos, que exalta con su elocuencia. El juez est\u00e1 al fondo de la Sala, silencioso y pasivo, como una in\u00fatil figura decorativa de la escena; <strong>y si al fin la verdad triunfa, el aplauso y la emoci\u00f3n no van al juez que ha sabido destilarla del tumulto de su coraz\u00f3n, sino que van al abogado, quien aparece siempre como el triunfador de la justicia, a quien corresponde, en pago del oscuro tormento del juez, la gloria y la riqueza<\/strong>. <\/span><\/p>\n<p style=\"text-align: justify;\"><strong><span style=\"font-size: 14pt;\"><em>El <\/em><\/span><\/strong><span style=\"font-size: 14pt;\"><strong><em>abogado<\/em><\/strong>.\u2014No hables de riqueza; <strong>t\u00fa sabes que el verda<\/strong><\/span><strong><span style=\"font-size: 14pt;\">dero abogado, el que dedica toda su vida al patrocinio, muere pobre; ricos se hacen solamente aquellos que <\/span><\/strong><span style=\"font-size: 14pt;\"><strong>bajo el t\u00edtulo de abogados, son en realidad comerciantes o mediadores o hasta, como hacen ciertos especia- listas en materia de divorcio, desenvueltos alcahuetes<\/strong>. Y en cuanto a la gloria y al reconocimiento de la clientela, debes agradecer al abogado que coloc\u00e1ndose como un tr\u00e1mite entre t\u00fa y su cliente, te ahorra de verlos en persona. <strong>T\u00fa conoces el mundo a trav\u00e9s de la palabra del abogado<\/strong>, que te presenta con buenas maneras y con bello estilo forense el caso, ya aislado, de las escorias de la cruda realidad, y ya traducido en comprensibles t\u00e9rminos jur\u00eddicos; <strong>pero todas las insolencias de los litigantes, todas sus locuras y toda su villan\u00eda se desahogan, antes de subir a la Sala, en el despacho del abogado, que sostiene el primer choque y que opera la primera purificaci\u00f3n a la luz, no solamente de los c\u00f3digos, sino tambi\u00e9n de la gram\u00e1tica y de la urbanidad<\/strong>. \u00c9l es para ti <strong>el clarificador y el bru\u00f1idor de la grosera realidad<\/strong>; el que limpia los hechos del fango con que viven mezclados, para presentarlos limpios y floridos, con una inclinaci\u00f3n, sobre tu mesa.\u00a0<\/span><span style=\"font-size: 14pt;\">Pero en este duro trabajo de afinamiento y de desinfecci\u00f3n, no creas que el abogado se halla confortado con la gratitud de los que recurren a su obra; si se arriesga a explicar cort\u00e9smente que el abogado no est\u00e1 hecho para servir de mampara a sus mentiras, el cliente se ofende; si se le aconseja que no empiece una litis temeraria, el cliente lo juzga pusil\u00e1nime; si se le advierte que para no aburrir a los magistrados es preciso ser sobrio al escribir y al hablar, el cliente le juzga un holgaz\u00e1n. <strong>Cuando el abogado consigue, a precio qui\u00e9n sabe de cuantos esfuerzos, vencer una causa que parec\u00eda desesperada, el cliente da a entender que por la <\/strong><\/span><span style=\"font-size: 14pt;\"><strong>victoria, m\u00e1s que a la maestr\u00eda de la defensa, se deben dar las gracias a una recomendaci\u00f3n de un viejo amigo que ha intervenido a tiempo a espaldas del defensor; cuando la pierde, el cliente est\u00e1 convencido de que su abogado se ha dejado corromper por el adversario; cuando se demora el fallo porque el Tribunal tiene vacaciones, es culpa del abogado, que, prolong\u00e1ndola, quiere ganar m\u00e1s<\/strong>. Y no digamos nada de la despiadada negligencia con que el cliente olvida que tambi\u00e9n las fuerzas del abogado tienen su l\u00edmite; que tambi\u00e9n es un hombre sujeto al cansancio y a las enfermedades; si al cliente que te cuenta por d\u00e9cima vez lo que le ocurre, le haces observar con una cansada sonrisa que no puedes escucharle m\u00e1s porque tienes fiebre, te mirar\u00e1 at\u00f3nito, sin comprender, y empezar\u00e1 de nuevo el hilo de su discurso, porque <strong>si el abogado tiene el deber de interesarse por sus asuntos privados, \u00e9l no tiene obligaci\u00f3n de tomarse inter\u00e9s por los del abogado<\/strong>.<\/span><\/p>\n<p>&nbsp;<\/p>\n<blockquote>\n<p style=\"text-align: center;\"><strong><span style=\"font-size: 14pt; color: #008000;\">No creas que el abogado se halla confortado con la gratitud de los que recurren a su obra; si se arriesga a explicar cort\u00e9smente que el abogado no est\u00e1 hecho para servir de mampara a sus mentiras, el cliente se ofende; si se le aconseja que no empiece una litis temeraria, el cliente lo juzga pusil\u00e1nime; si se le advierte que para no aburrir a los magistrados es preciso ser sobrio al escribir y al hablar, el cliente le juzga un holgaz\u00e1n<\/span><\/strong><\/p>\n<\/blockquote>\n<p>&nbsp;<\/p>\n<p style=\"text-align: justify;\"><span style=\"font-size: 14pt;\"><strong><em>El juez<\/em><\/strong>.\u2014Pero tambi\u00e9n <strong>el oficio del juez es cruel; y cruel contra los jueces eres, a menudo, tambi\u00e9n t\u00fa, abogado<\/strong>. A veces el coraz\u00f3n de aquel hombre que se sienta en la Sala envuelto en la toga del juzgador, sufre las pasiones de la dolorida humanidad: la angustia de un amor traicionado, el ansia de un hijo moribundo. Pero estas voces deben callar en audiencia;<strong> el coraz\u00f3n del juez debe estar despejado, aun cuando est\u00e9 lleno de sus afectos m\u00e1s secretos<\/strong>. El que como hombre siente que la cuesti\u00f3n que est\u00e1 llamado a resolver es cien veces menos importante que su dolor, debe considerar su dolor como una miseria sin importancia, frente a la cuesti\u00f3n m\u00e1s f\u00fatil que est\u00e1 llamado a juzgar; <strong>y<\/strong> <strong>mientras el hombre solloza pensando en el hijo que muri\u00f3\u00a0<\/strong><\/span><span style=\"font-size: 14pt;\"><strong>ayer, el magistrado debe prestar atenci\u00f3n al defensor que sin piedad habla hasta dos y tres horas, para contarle qu\u00e9 razones tuvo el inquilino para no pagar la renta<\/strong>. <\/span><\/p>\n<p style=\"text-align: justify;\"><span style=\"font-size: 14pt;\"><strong><em>El abogado<\/em><\/strong>.\u2014Acusas al abogado de no tener piedad de ti que le escuchas, como si \u00e9l hablase por su gusto; pero, <strong>\u00bfno has pensado nunca en la pena del que, convencido de que defiende una causa justa, habla para transmitir a los jueces su convicci\u00f3n y se da cuenta de que no lo consigue, y se obstina desesperadamente, aunque se debiliten sus fuerzas, en hablar bajo la anhelante sensaci\u00f3n de deber todav\u00eda a\u00f1adir alguna cosa, a costa de la vida, por el triunfo de la verdad?<\/strong> \u00bfNo has visto alguna vez desde tu sill\u00f3n palidecer al abogado mientras habla, y llevarse por un instante la mano al coraz\u00f3n, con un r\u00e1pido gesto de pena, que en seguida hace desaparecer el flujo del discurso? Y, adem\u00e1s, si la muerte no le llega a la mitad de su informe, viene poco a poco, con la vejez, la desconsoladora soledad. <strong>Tambi\u00e9n los clientes de los abogados siguen la moda y prefieren la segura audacia de los j\u00f3venes a la tr\u00e9mula sabidur\u00eda de los viejos<\/strong>. Y los viejos quedan solos en su estudio polvoriento, que ya nadie visita, mirando con ojos extraviados, en las largas horas de ocio, los estantes donde desde hace cincuenta a\u00f1os custodian los in\u00fatiles legajos que los nietos arrojar\u00e1n, sin abrirlos, a la basura. <\/span><\/p>\n<p style=\"text-align: justify;\"><span style=\"font-size: 14pt;\"><strong><em>El juez<\/em><\/strong>.\u2014Pero <strong>m\u00e1s solos se quedan los viejos magistrados jubilados, despojados del oro y del armi\u00f1o, convirti\u00e9ndose en d\u00e9biles viejos desocupados<\/strong> que buscan un poco de sol en los bancos de los jardines p\u00fablicos y pasan sus d\u00edas rememorando el inmenso grupo de amigos devotos que ten\u00edan a su alrededor cuando estaban en activo, y que ha quedado disperso <\/span><span style=\"font-size: 14pt;\">de un golpe al alcanzar ellos el l\u00edmite de edad. <strong>Y si para redondear la pensi\u00f3n o para no permanecer alejados de las conocidas salas, intentan dedicarse a la abogac\u00eda, la soledad de estos viejos principiantes, perdidos entre la multitud de los abogados j\u00f3venes, es todav\u00eda m\u00e1s profunda y m\u00e1s triste<\/strong>. <\/span><\/p>\n<p style=\"text-align: justify;\"><span style=\"font-size: 14pt;\"><strong><em>El abogado<\/em><\/strong>.\u2014Esta es nuestra vida, \u00a1oh juez!; <strong>este ser\u00eda al fin nuestro porvenir si por acaso nos es permitido llegar a viejos. Y sin embargo, siento que no querr\u00eda a ning\u00fan precio cambiar mi destino<\/strong>. <\/span><\/p>\n<p style=\"text-align: justify;\"><span style=\"font-size: 14pt;\"><strong><em>El juez<\/em><\/strong>.\u2014<strong>Ni yo; porque me parece que entre todas las profesiones que los mortales pueden ejercer, ninguna otra puede ayudar mejor a mantener la paz entre los hombres, que la del juez que sepa dispensar aquel b\u00e1lsamo para todas las heridas, que se llama justicia<\/strong>. Por esto, tambi\u00e9n, el final de mi vida me puede aparecer, aunque solitario, dulce y sereno; porque <strong>s\u00e9 que la conciencia de haber empleado la parte mejor de m\u00ed mismo en procurar la justa felicidad de los otros, me dar\u00e1 tranquilidad y esperanza en el \u00faltimo suspiro<\/strong>. En esta esperanza, \u00a1oh abogado!, nuestros dos destinos se encontrar\u00e1n a su t\u00e9rmino terreno;<strong> por esta meta com\u00fan podemos, como hermanos, darnos la mano<\/strong>.<\/span><\/p>\n<p>&nbsp;<\/p>\n<figure id=\"attachment_2290705\" aria-describedby=\"caption-attachment-2290705\" style=\"width: 480px\" class=\"wp-caption aligncenter\"><a href=\"https:\/\/es.wikipedia.org\/wiki\/Edward_Coke\" target=\"_blank\" rel=\"noopener\" data-schema-attribute=\"\"><img loading=\"lazy\" decoding=\"async\" class=\"wp-image-2290705\" src=\"https:\/\/puntocritico.com\/ausajpuntocritico\/wp-content\/uploads\/2023\/11\/Juez-Edward-Coke-frase.jpg\" alt=\"\" width=\"480\" height=\"275\" data-id=\"2290705\" \/><\/a><figcaption id=\"caption-attachment-2290705\" class=\"wp-caption-text\"><span style=\"color: #008000;\"><a href=\"https:\/\/es.wikipedia.org\/wiki\/Edward_Coke\" target=\"_blank\" rel=\"noopener\" data-schema-attribute=\"\">Edward Coke<\/a>\u200b (1 de febrero de 1552-3 de septiembre de 1634) fue un jurisconsulto ingl\u00e9s, sucesivamente abogado de la Corona (1592), procurador general y presidente del Court of Common Pleas, primer juez del Tribunal Supremo (1613)<\/span><\/figcaption><\/figure>\n<p>&nbsp;<\/p>\n<p style=\"text-align: center;\"><strong><span style=\"font-size: 24pt;\">FIN DE LA OBRA<\/span><\/strong><\/p>\n<p>&nbsp;<\/p>\n<p><img loading=\"lazy\" decoding=\"async\" class=\"aligncenter wp-image-2290706\" src=\"https:\/\/puntocritico.com\/ausajpuntocritico\/wp-content\/uploads\/2023\/11\/Piero-Calamandrei-frase-aprender-derecho.jpg\" alt=\"\" width=\"480\" height=\"388\" data-id=\"2290706\" \/><\/p>\n<p style=\"text-align: center;\"><strong><span style=\"color: #008000; font-size: 18pt;\">*******<\/span><\/strong><\/p>\n<div class=\"elementor-element elementor-element-196358f elementor-widget__width-initial elementor-widget-mobile__width-auto elementor-widget elementor-widget-heading\" data-id=\"196358f\" data-element_type=\"widget\" data-widget_type=\"heading.default\">\n<div class=\"elementor-widget-container\">\n<h2 class=\"elementor-heading-title elementor-size-xxl\" style=\"text-align: center;\"><span style=\"font-size: 24pt;\">SOLI HISPANI<\/span><\/h2>\n<\/div>\n<\/div>\n<div class=\"elementor-element elementor-element-d2a2365 elementor-widget elementor-widget-heading\" data-id=\"d2a2365\" data-element_type=\"widget\" data-widget_type=\"heading.default\">\n<div class=\"elementor-widget-container\">\n<div style=\"text-align: justify;\"><span style=\"font-size: 14pt;\">Por Hughes<\/span><\/div>\n<div class=\"elementor-heading-title elementor-size-default\" style=\"text-align: justify;\"><span style=\"font-size: 14pt;\"><a href=\"https:\/\/gaceta.es\/opinion\/la-risa-de-sanchez-20231117-0500\/?scroll-event=true\" target=\"_blank\" rel=\"noopener\">Gaceta<\/a>, 17 NOV 2023<\/span><\/div>\n<\/div>\n<\/div>\n<p><img loading=\"lazy\" decoding=\"async\" class=\"aligncenter wp-image-26167 size-full\" src=\"https:\/\/puntocritico.com\/ausajpuntocritico\/wp-content\/uploads\/2020\/01\/ESPA\u00d1A-EN-LLAMAS-Principal-678x381.jpg\" alt=\"\" width=\"678\" height=\"381\" data-id=\"26167\" srcset=\"https:\/\/puntocritico.com\/ausajpuntocritico\/wp-content\/uploads\/2020\/01\/ESPA\u00d1A-EN-LLAMAS-Principal-678x381.jpg 678w, https:\/\/puntocritico.com\/ausajpuntocritico\/wp-content\/uploads\/2020\/01\/ESPA\u00d1A-EN-LLAMAS-Principal-678x381-300x169.jpg 300w\" sizes=\"auto, (max-width: 678px) 100vw, 678px\" \/><\/p>\n<p>&nbsp;<\/p>\n<div class=\"elementor-element elementor-element-6493d3f contenido-single-general elementor-widget elementor-widget-theme-post-content\" data-id=\"6493d3f\" data-element_type=\"widget\" data-widget_type=\"theme-post-content.default\">\n<div class=\"elementor-widget-container\">\n<p style=\"text-align: justify;\"><span style=\"font-size: 14pt;\">El golpe no es golpe de una sola sacudida, sino un proceso, otro, y ayer se dio un paso: la investidura.<\/span><\/p>\n<p style=\"text-align: justify;\"><span style=\"font-size: 14pt;\">Tres o cuatro mil art\u00edculos derechiles despu\u00e9s apelando a\u00a0<strong>la conciencia de los socialistas<\/strong>, todos votaron lo que dijo su due\u00f1o.<\/span><\/p>\n<p style=\"text-align: justify;\"><span style=\"font-size: 14pt;\">El cacareado\u00a0<strong>Estado de derecho<\/strong>\u00a0ya hab\u00eda dado todo lo que era capaz: manifiestos y comunicados. En el mejor de los casos. Algunos ni eso. No es que no quieran, es que no pueden. Citar\u00e9 a <strong>Pascal<\/strong> (<em>espero que sea Pascal<\/em>): <a href=\"https:\/\/puntocritico.com\/ausajpuntocritico\/2016\/12\/22\/la-justicia-emana-del-pueblo\/\">\u00abLa justicia sin fuerza es impotencia, la fuerza sin justicia es tiran\u00eda\u00bb<\/a>.<\/span><\/p>\n<p style=\"text-align: justify;\"><span style=\"font-size: 14pt;\">En no pudiendo hacer de jueces y fiscales, han hecho de\u00a0<strong>\u2018integrantes de la cultura\u2019<\/strong>\u00a0firmando manifiestos.<\/span><\/p>\n<p style=\"text-align: justify;\"><span style=\"font-size: 14pt;\">Cultura Espa\u00f1ola es eso que calla mientras se da\u00f1a a Espa\u00f1a. Solo Calamaro (<em>hispanoargentino<\/em>) y Bos\u00e9 (<em>italoespa\u00f1ol<\/em>), astrales y de vuelta los dos, lib\u00e9rrimos por c\u00e9lula y gen, han sido capaces de protestar.<\/span><\/p>\n<p style=\"text-align: justify;\"><span style=\"font-size: 14pt;\">De la prensa, mejor no hablar; son, en su calidad de <strong>propagandistas <\/strong><strong>gubernamentales<\/strong>, unos\u00a0<strong>implacables maltratadores psicol\u00f3gicos<\/strong>. Lo que los antidisturbios de <strong>Marlaska<\/strong> hacen con las porras lo hacen ellos con sus micr\u00f3fonos y sus tertulias y su gran burricie ufana.<\/span><\/p>\n<\/div>\n<\/div>\n<p>&nbsp;<\/p>\n<blockquote>\n<p style=\"text-align: center;\"><strong><span style=\"font-size: 14pt; color: #008000;\">\u00a0El PP cumple as\u00ed una doble funci\u00f3n: legitimar lo que se haga y despistar y adormecer al pueblo todo lo que pueda, haci\u00e9ndole sentir incluso que est\u00e1 protestando. Lo har\u00e1n una vez a la semana, los s\u00e1bados, con dj, igual que los viejos de mi barrio quedan en el parque a hacer zumba al sol.<\/span><\/strong><\/p>\n<\/blockquote>\n<p>&nbsp;<\/p>\n<div class=\"elementor-element elementor-element-6493d3f contenido-single-general elementor-widget elementor-widget-theme-post-content\" data-id=\"6493d3f\" data-element_type=\"widget\" data-widget_type=\"theme-post-content.default\">\n<div class=\"elementor-widget-container\">\n<p style=\"text-align: justify;\"><span style=\"font-size: 14pt;\"><strong>Disfrazado de pastorcillo jur\u00eddico, el PP tambi\u00e9n participa del abandono<\/strong>. En el debate, Feijoo no dud\u00f3 de la legalidad de lo que pasaba, pero s\u00ed de su legitimidad. Ya era mucho hacerse el tonto, pero al d\u00eda siguiente (<em>ayer<\/em>) dio la mano solemne al investido de manera que, en parte, subsanaba la ilegitimidad.\u00a0<strong>El PP cumple as\u00ed una doble funci\u00f3n<\/strong>: legitimar lo que se haga y despistar y adormecer al pueblo todo lo que pueda, haci\u00e9ndole sentir incluso que est\u00e1 protestando. Lo har\u00e1n una vez a la semana, los s\u00e1bados, con dj, igual que los viejos de mi barrio quedan en el parque a hacer zumba al sol.<\/span><\/p>\n<p style=\"text-align: justify;\"><span style=\"font-size: 14pt;\"><strong>Faltaba Europa<\/strong>. El horizonte de nuestra vida espa\u00f1ola desde hace m\u00e1s de medio siglo. Europa nos salvar\u00eda de nosotros mismos,\u00a0<strong>Europa<\/strong>\u00a0ser\u00eda \u00e1rbitro de legalidad, \u00a1nos saldr\u00edan pelillos rubios hasta en la entrepierna!\u2026 pero de Europa ha llegado una cartita y las felicitaciones de <strong>Charles Michel <\/strong>y<strong> Von der Leyen<\/strong>, <em><strong>Consejo<\/strong><\/em> y <em><strong>Comisi\u00f3n<\/strong><\/em>. Y ninguno de los dos est\u00e1 \u00ab<em>deeply concerned<\/em>\u00bb sino que los dos \u00ab<em>look forward to<\/em>\u00bb.<\/span><\/p>\n<p style=\"text-align: justify;\"><span style=\"font-size: 14pt;\">El Estado de derecho ha demostrado ser un castillo de papel, y estando la Cultura, la Prensa, el PP y Europa en el ajo o\u00a0<em>in the garlic<\/em>\u00a0como dijo ayer un tuitero, queda poco m\u00e1s que el pueblo (<em>y ya despu\u00e9s, si acaso, el del Mercadona<\/em>).<\/span><\/p>\n<\/div>\n<\/div>\n<p>&nbsp;<\/p>\n<blockquote>\n<p style=\"text-align: center;\"><strong><span style=\"font-size: 14pt;\"><span style=\"color: #008000;\">El Estado de derecho ha demostrado ser un castillo de papel, y estando la Cultura, la Prensa, el PP y Europa en el ajo o\u00a0<em>in the garlic<\/em>\u00a0como dijo ayer un tuitero, queda poco m\u00e1s que el pueblo<\/span> <\/span><\/strong><\/p>\n<\/blockquote>\n<p>&nbsp;<\/p>\n<div class=\"elementor-element elementor-element-6493d3f contenido-single-general elementor-widget elementor-widget-theme-post-content\" data-id=\"6493d3f\" data-element_type=\"widget\" data-widget_type=\"theme-post-content.default\">\n<div class=\"elementor-widget-container\">\n<p style=\"text-align: justify;\"><span style=\"font-size: 14pt;\">Esta soledad nacional recuerda un episodio hist\u00f3rico que ha contado <strong>Pedro Insua<\/strong> en su\u00a0<em>Cuando Espa\u00f1a ech\u00f3 a andar<\/em>. En los proleg\u00f3menos de la batalla de\u00a0<strong>Las Navas de Tolosa<\/strong>\u00a0(1212), ante el moro, los cruzados traspirenaicos fueron enviados de vuelta a sus lugares de origen y quedaron los que quedaron,\u00a0<em>soli hispani<\/em>, solo los espa\u00f1oles.<\/span><\/p>\n<p style=\"text-align: justify;\"><span style=\"font-size: 14pt;\">Predicada por<strong> Inocencio III<\/strong> la <em><strong>Santa Cruzada<\/strong><\/em>, acudieron a la lucha castellanos, catalanes y aragoneses, las tropas de <strong>L\u00f3pez de Haro<\/strong>, <em><strong>se\u00f1or de Vizcaya<\/strong><\/em>, los gallegos, portugueses y leoneses y las \u00f3rdenes venidas de m\u00e1s all\u00e1 de los pirineos. Pero estas, por problemas varios, se acabaron yendo seg\u00fan nos cuenta <strong>Jimenez de Rada<\/strong>:\u00a0<em>Soli hispani cum paucis ultramontani<\/em>,\u00a0<strong>solo lucharon los espa\u00f1oles con algunos ultramontanos<\/strong>. De esta forma, por contraste entre los que se quedaban a reconquistar y los que no, se defin\u00eda lo espa\u00f1ol como envolvente ib\u00e9rica y singularidad innegable ya en el siglo XIII.<\/span><\/p>\n<p style=\"text-align: justify;\"><span style=\"font-size: 14pt;\">Pero es la soledad lo que mueve el recuerdo. Espa\u00f1oles solos, solo los espa\u00f1oles para luchar, entonces como ahora, por la\u00a0<em>salus Hispaniae<\/em>, la salvaci\u00f3n de Espa\u00f1a.<\/span><\/p>\n<\/div>\n<\/div>\n<p>&nbsp;<\/p>\n<p><img loading=\"lazy\" decoding=\"async\" class=\"aligncenter wp-image-7085 size-full\" src=\"https:\/\/puntocritico.com\/ausajpuntocritico\/wp-content\/uploads\/2017\/11\/prometeo-trae-el-fuego-a-los-hombres-por-heinrich-fueger-1817-fdr.jpg\" alt=\"\" width=\"230\" height=\"320\" data-id=\"7085\" srcset=\"https:\/\/puntocritico.com\/ausajpuntocritico\/wp-content\/uploads\/2017\/11\/prometeo-trae-el-fuego-a-los-hombres-por-heinrich-fueger-1817-fdr.jpg 230w, https:\/\/puntocritico.com\/ausajpuntocritico\/wp-content\/uploads\/2017\/11\/prometeo-trae-el-fuego-a-los-hombres-por-heinrich-fueger-1817-fdr-216x300.jpg 216w\" sizes=\"auto, (max-width: 230px) 100vw, 230px\" \/><\/p>\n<p style=\"text-align: center;\"><strong><span style=\"color: #008000; font-size: 18pt;\">*******<\/span><\/strong><\/p>\n<blockquote>\n<p style=\"text-align: justify;\"><span style=\"color: #008000; font-size: 14pt;\">SOLIDARIDAD CON LOS INSOLIDARIOS<\/span><\/p>\n<h2 class=\"title\" style=\"text-align: center;\"><span style=\"font-size: 24pt;\">DESAGRAVIO A CATALUNYA<\/span><\/h2>\n<div class=\"social-buttons social-top\">\n<div class=\"heateor_sss_sharing_container heateor_sss_horizontal_sharing\" data-heateor-ss-offset=\"0\" data-heateor-sss-href=\"https:\/\/www.publico.es\/es\/opinion\/desagravio-a-catalunya\/\">\n<div class=\"heateorSssClear\" style=\"text-align: justify;\"><span style=\"font-size: 14pt;\">Por An\u00edbal Malvar<\/span><\/div>\n<\/div>\n<\/div>\n<div style=\"text-align: justify;\"><span style=\"font-size: 14pt;\"><a href=\"https:\/\/www.publico.es\/es\/opinion\/desagravio-a-catalunya\/\" target=\"_blank\" rel=\"noopener\">Publico<\/a>, 12 NOV 2023<\/span><\/div>\n<div>\n<p><img loading=\"lazy\" decoding=\"async\" class=\"aligncenter wp-image-23035\" src=\"https:\/\/puntocritico.com\/ausajpuntocritico\/wp-content\/uploads\/2019\/10\/Catalu\u00f1a-empresonat-retocada-un-poco-300x300.jpg\" alt=\"\" width=\"440\" height=\"440\" data-id=\"23035\" srcset=\"https:\/\/puntocritico.com\/ausajpuntocritico\/wp-content\/uploads\/2019\/10\/Catalu\u00f1a-empresonat-retocada-un-poco-300x300.jpg 300w, https:\/\/puntocritico.com\/ausajpuntocritico\/wp-content\/uploads\/2019\/10\/Catalu\u00f1a-empresonat-retocada-un-poco-150x150.jpg 150w, https:\/\/puntocritico.com\/ausajpuntocritico\/wp-content\/uploads\/2019\/10\/Catalu\u00f1a-empresonat-retocada-un-poco-768x768.jpg 768w, https:\/\/puntocritico.com\/ausajpuntocritico\/wp-content\/uploads\/2019\/10\/Catalu\u00f1a-empresonat-retocada-un-poco.jpg 960w\" sizes=\"auto, (max-width: 440px) 100vw, 440px\" \/><\/p>\n<p>&nbsp;<\/p>\n<\/div>\n<p style=\"text-align: justify;\"><span style=\"font-size: 14pt;\">La amnist\u00eda a los\u00a0<em>procesistas\u00a0<\/em>catalanes no es una derrota ni una concesi\u00f3n, sino un desagravio justo y necesario de los espa\u00f1oles a los catalanes. Me da la ligera impresi\u00f3n de que nadie se atreve a decirlo. Los\u00a0<em>procesistas\u00a0<\/em>no cometieron ninguna ilegalidad hasta que el Estado espa\u00f1ol\/judicial les cerr\u00f3 todas las ratoneras democr\u00e1ticas conque defender sus argumentos. Espa\u00f1a se neg\u00f3 a escuchar la voz dem\u00f3crata y amparada en la Constituci\u00f3n del nacionalismo catal\u00e1n.<\/span><\/p>\n<p style=\"text-align: justify;\"><span style=\"font-size: 14pt;\">Todo empez\u00f3 en 2006, con la reforma del Estatut de Autonom\u00eda catal\u00e1n. Fue estudiado y aprobado por las cortes catalanas, despu\u00e9s enviado y tambi\u00e9n votado positivamente en el congreso espa\u00f1ol, y finalmente sometido a refer\u00e9ndum entre los catalanes. Tanto orden constitucional no lo supera ni Marie Kondo en sus armarios. Pero al PP no le convencen ni los parlamentos democr\u00e1ticos ni las urnas, y decidi\u00f3 llevar el Estatut al Tribunal Constitucional.<\/span><\/p>\n<p style=\"text-align: justify;\"><span style=\"font-size: 14pt;\">En aquel TC hab\u00eda bastante paridad entre magistrados conservadores y progresistas, y, como la cosa se alarg\u00f3 en el tiempo, se fueron muriendo algunos, pero con bastante orden, dejando las mayor\u00edas m\u00e1s o menos equilibradas. El 18 de mayo de 2008 muri\u00f3 el conservador Garc\u00eda-Calvo y su puesto no fue cubierto. No estoy ironizando sobre la muerte de nadie. Pero la vigencia de aquel Estatut qued\u00f3 al albur de la edad y la salud de unos muy provectos magistrados. Las votaciones a favor o en contra del futuro de Espa\u00f1a dependieron de qui\u00e9n se muriera. Si que se muera un juez te cambia la democracia, no imagino qu\u00e9 te pasar\u00e1 si cambiaras de camello. Lo digo por un amigo. Y es por eso que algunos lo llaman\u00a0<em>lawfare<\/em>.<\/span><\/p>\n<p style=\"text-align: justify;\"><span style=\"font-size: 14pt;\">Al final se dijo, con mayor\u00eda progresista en el TC, que el Estatut catal\u00e1n aprobado por las c\u00e1maras espa\u00f1ola y catalana, por el poder legislativo, era anticonstitucional. Se negaba, entre otras cosas, considerar a Catalunya naci\u00f3n o nacionalidad. Consideraci\u00f3n que no se le hab\u00eda negado al pueblo andaluz, cuyo Estatuto de Autonom\u00eda aclama a Blas Infante, tanto en 1983 como en 2007, como \u201cpadre de la patria andaluza\u201d. En su estatuto de autonom\u00eda, Andaluc\u00eda se reconoce como patria. Y como nacionalidad. Y no le mandan los piolines. Es algo que no se le permite a los catalanes. Y es solo una cuesti\u00f3n sem\u00e1ntica avivada por los que no saben nada de sem\u00e1ntica. O sea, las derechas. Dejemos de bajar al subnivel intelectual de los fascistas y hagamos m\u00e1s caso al legislar que a los berridos.<\/span><\/p>\n<p style=\"text-align: justify;\"><span style=\"font-size: 14pt;\">En 2014, los catalanes nos pidieron a los espa\u00f1oles un favor de forma muy educada. Est\u00e1is jodiendo el Estatut que hemos votado y hab\u00e9is aprobado en los parlamentos (o sea, en las urnas) tanto catalanes como castellanos. \u00bfPodr\u00edais dejarnos hacer un refer\u00e9ndum consultivo sobre si los catalanes queremos seguir o cambiar? El 151 de la Constituci\u00f3n, en su art\u00edculo octavo, hace legal \u201cla ratificaci\u00f3n por refer\u00e9ndum de la iniciativa auton\u00f3mica\u201d, por ejemplo. Antes incluso del golpe de Estado de Tejero, en 1980, el gobierno de Adolfo Su\u00e1rez impuls\u00f3 esta ley que permite a las comunidades aut\u00f3nomas celebrar elecciones consultivas. No fue Pablo Iglesias en el despacho del Doctor No dise\u00f1ando bolivarianos venenos apocal\u00edpticos. Pero se les neg\u00f3 a los catalanes, tambi\u00e9n, ese derecho consultivo constitucional.<\/span><\/p>\n<p style=\"text-align: justify;\"><span style=\"font-size: 14pt;\">Ahora estamos hablando de si indultar a gente que solo puso unas urnas. Nosotros, los de la izquierda, nunca os hubi\u00e9ramos pedido trece a\u00f1os de c\u00e1rcel por poner unas urnas para que vuelva Franco. Los trece son los a\u00f1os que nuestra nefasta justicia le impuso a Oriol Junqueras por saltarse una constituci\u00f3n que se los hab\u00eda saltado a ellos. Condenar a trece a\u00f1os de a\u00f1os de c\u00e1rcel es pena habitual para un homicida, pero que caiga esa pena sobre un pol\u00edtico independentista que abre unas urnas, me provoc\u00f3 y me provoca verg\u00fcenza y rabia.<\/span><\/p>\n<\/blockquote>\n<p>&nbsp;<\/p>\n<div style=\"text-align: justify;\">\n<figure id=\"attachment_2290572\" aria-describedby=\"caption-attachment-2290572\" style=\"width: 480px\" class=\"wp-caption aligncenter\"><img loading=\"lazy\" decoding=\"async\" class=\"wp-image-2290572\" src=\"https:\/\/puntocritico.com\/ausajpuntocritico\/wp-content\/uploads\/2023\/11\/EuropaPress_5565291_secretario_general_junts_per_catalunya_jordi_turull_2i_expresidente-1140x640.jpg-300x168.webp\" alt=\"\" width=\"480\" height=\"269\" data-id=\"2290572\" srcset=\"https:\/\/puntocritico.com\/ausajpuntocritico\/wp-content\/uploads\/2023\/11\/EuropaPress_5565291_secretario_general_junts_per_catalunya_jordi_turull_2i_expresidente-1140x640.jpg-300x168.webp 300w, https:\/\/puntocritico.com\/ausajpuntocritico\/wp-content\/uploads\/2023\/11\/EuropaPress_5565291_secretario_general_junts_per_catalunya_jordi_turull_2i_expresidente-1140x640.jpg-1024x575.webp 1024w, https:\/\/puntocritico.com\/ausajpuntocritico\/wp-content\/uploads\/2023\/11\/EuropaPress_5565291_secretario_general_junts_per_catalunya_jordi_turull_2i_expresidente-1140x640.jpg-768x431.webp 768w, https:\/\/puntocritico.com\/ausajpuntocritico\/wp-content\/uploads\/2023\/11\/EuropaPress_5565291_secretario_general_junts_per_catalunya_jordi_turull_2i_expresidente-1140x640.jpg-678x381.webp 678w, https:\/\/puntocritico.com\/ausajpuntocritico\/wp-content\/uploads\/2023\/11\/EuropaPress_5565291_secretario_general_junts_per_catalunya_jordi_turull_2i_expresidente-1140x640.jpg.webp 1140w\" sizes=\"auto, (max-width: 480px) 100vw, 480px\" \/><figcaption id=\"caption-attachment-2290572\" class=\"wp-caption-text\"><span style=\"color: #008000;\">Pol\u00edticos de Junts en el Parlamento Europeo, a 9 de noviembre de 2023, en Bruselas. Europa Press<\/span><\/figcaption><\/figure>\n<\/div>\n<p style=\"text-align: center;\"><strong><span style=\"color: #008000; font-size: 18pt;\">*******<\/span><\/strong><\/p>\n<blockquote>\n<h2 style=\"text-align: center;\"><span style=\"font-size: 14pt;\"><span style=\"font-size: 24pt;\">MI NEGOCIO\u2026<\/span><\/span><\/h2>\n<p style=\"text-align: justify;\"><span style=\"font-size: 14pt;\">Franz Kafka<\/span><\/p>\n<p><img loading=\"lazy\" decoding=\"async\" class=\"aligncenter wp-image-2209616 size-medium\" src=\"https:\/\/puntocritico.com\/ausajpuntocritico\/wp-content\/uploads\/2021\/05\/El-Proceso-Kafka-3-204x300.jpg\" alt=\"\" width=\"204\" height=\"300\" data-id=\"2209616\" srcset=\"https:\/\/puntocritico.com\/ausajpuntocritico\/wp-content\/uploads\/2021\/05\/El-Proceso-Kafka-3-204x300.jpg 204w, https:\/\/puntocritico.com\/ausajpuntocritico\/wp-content\/uploads\/2021\/05\/El-Proceso-Kafka-3-695x1024.jpg 695w, https:\/\/puntocritico.com\/ausajpuntocritico\/wp-content\/uploads\/2021\/05\/El-Proceso-Kafka-3-768x1132.jpg 768w, https:\/\/puntocritico.com\/ausajpuntocritico\/wp-content\/uploads\/2021\/05\/El-Proceso-Kafka-3-610x899.jpg 610w, https:\/\/puntocritico.com\/ausajpuntocritico\/wp-content\/uploads\/2021\/05\/El-Proceso-Kafka-3.jpg 800w\" sizes=\"auto, (max-width: 204px) 100vw, 204px\" \/><\/p>\n<p style=\"text-align: justify;\"><span style=\"font-size: 14pt;\">Mi negocio recae completamente sobre mis hombros. Dos se\u00f1oritas con m\u00e1quinas de escribir y libros de contabilidad en el antedespacho, mi habitaci\u00f3n con m\u00e1quina de escribir, una caja fuerte, una mesa de consulta, un sill\u00f3n de cuero y tel\u00e9fono, \u00e9se es todo mi aparato laboral. Tan f\u00e1cil de abarcar con la mirada, tan simple de dirigir. Soy joven y los negocios marchan, no me puedo quejar y no me quejo. Desde A\u00f1o Nuevo un hombre joven ha alquilado sin rodeos la peque\u00f1a y vac\u00eda vivienda contigua, que yo, tan desacertado, hab\u00eda dudado largo tiempo en alquilar. Tambi\u00e9n es una habitaci\u00f3n con recibidor, y adem\u00e1s con cocina. Yo podr\u00eda haber necesitado una habitaci\u00f3n con recibidor, mis dos se\u00f1oritas se sienten ya un poco sobrecargadas, pero \u00bfde qu\u00e9 me habr\u00eda servido la cocina? Esa peque\u00f1a objeci\u00f3n fue la culpable de que dejase escapar el apartamento. Ahora est\u00e1 all\u00ed ese joven. Se llama Harras. No s\u00e9 realmente qu\u00e9 puede hacer ah\u00ed. En la puerta s\u00f3lo hay un letrero que indica: \u00ab<strong>Despacho de Harras<\/strong>\u00bb. He iniciado algunas pesquisas, me han dicho que se trata de un negocio similar al m\u00edo, no se puede prevenir lo suficiente en cuesti\u00f3n de concesi\u00f3n de cr\u00e9ditos, pues es un hombre joven y ambicioso, cuyas ideas tal vez tengan futuro, pero no se puede aconsejar un cr\u00e9dito, ya que, por el momento, seg\u00fan todas las apariencias, no hay capital disponible. La informaci\u00f3n habitual que se da, cuando no se sabe nada. A veces me encuentro con <strong>Harras<\/strong> en la escalera, debe de tener siempre una prisa extraordinaria, pasa por mi lado r\u00e1pidamente; a\u00fan no le he podido ver bien, mantiene preparada en la mano la llave del despacho, en un instante ya ha abierto la puerta, se ha deslizado dentro como el rabo de una rata y yo acabo de llegar ante su placa \u00ab<strong>Despacho de Harras<\/strong>\u00bb, que ya he le\u00eddo m\u00e1s veces de las que merece. <strong>Las paredes, miserablemente delgadas, delatan al hombre laborioso y honrado, pero esconden al tramposo<\/strong>. Mi tel\u00e9fono est\u00e1 adosado a la pared que me separa de mi vecino, pero destaco como un hecho ir\u00f3nico que, aun en el caso de que lo colgara en la pared de enfrente, se oir\u00eda todo en la habitaci\u00f3n contigua. He dejado de mencionar los nombres de mis clientes cuando hablo por tel\u00e9fono, pero tampoco se necesita mucha astucia para deducir los nombres a trav\u00e9s de inevitables expresiones caracter\u00edsticas en la conversaci\u00f3n. A veces me agito nervioso, con el receptor del aparato en la oreja, de puntillas, y no puedo evitar que se revelen algunos secretos. Por supuesto que por esta causa mis decisiones profesionales cuando hablo por tel\u00e9fono se han tornado m\u00e1s inseguras, mi voz tiembla. \u00bfQu\u00e9 hace <strong>Harras<\/strong> cuando hablo por tel\u00e9fono? Si quisiera exagerar, algo que se debe hacer con frecuencia para lograr claridad en las cosas, dir\u00eda: <strong>Harras<\/strong> no necesita tel\u00e9fono, utiliza el m\u00edo, ha llevado su canap\u00e9 hasta la pared y escucha all\u00ed sentado; yo, por el contrario, tengo que correr a coger el tel\u00e9fono cuando suena, tengo que corresponder a los deseos de los clientes, tomar decisiones trascendentales, emplear complejas t\u00e1cticas de persuasi\u00f3n, pero sobre todo informar involuntariamente a <strong>Harras<\/strong> a trav\u00e9s de la pared. Tal vez ni siquiera espera a que termine la conversaci\u00f3n, sino que se levanta de su posici\u00f3n de escucha, bien informado sobre el caso, sale disparado, como de costumbre, busca el lugar en la ciudad y, antes de que yo haya colgado el auricular, ya me est\u00e1 quitando el trabajo.<\/span><\/p>\n<\/blockquote>\n<p>&nbsp;<\/p>\n<p><img loading=\"lazy\" decoding=\"async\" class=\"aligncenter wp-image-2290518\" src=\"https:\/\/puntocritico.com\/ausajpuntocritico\/wp-content\/uploads\/2023\/11\/Justicia-politica-votos-2-2-300x141.jpg\" alt=\"\" width=\"555\" height=\"260\" data-id=\"2290518\" srcset=\"https:\/\/puntocritico.com\/ausajpuntocritico\/wp-content\/uploads\/2023\/11\/Justicia-politica-votos-2-2-300x141.jpg 300w, https:\/\/puntocritico.com\/ausajpuntocritico\/wp-content\/uploads\/2023\/11\/Justicia-politica-votos-2-2.jpg 750w\" sizes=\"auto, (max-width: 555px) 100vw, 555px\" \/><\/p>\n<p>&nbsp;<\/p>\n<p style=\"text-align: center;\"><strong><span style=\"font-size: 24pt;\">FIN DE LA \u00abSEGUNDA TEMPORADA\u00bb DE PUNTO CR\u00cdTICO<\/span><\/strong><\/p>\n<p style=\"text-align: center;\"><span style=\"font-size: 18pt;\"><strong>HASTA LA VISTA<\/strong><\/span><\/p>\n<p><a href=\"https:\/\/puntocritico.com\/ausajpuntocritico\/author\/punto-critico\/\"><img loading=\"lazy\" decoding=\"async\" class=\"aligncenter wp-image-9528 smush-detected-img smush-image-2\" src=\"https:\/\/puntocritico.com\/ausajpuntocritico\/wp-content\/uploads\/2018\/03\/Mosca_Punto_Cr%C3%ADtico_40.png\" alt=\"\" width=\"80\" height=\"80\" \/><\/a><\/p>\n<p>&nbsp;<\/p>\n","protected":false},"excerpt":{"rendered":"<div class=\"mh-excerpt\"><p>De cierta coincidencia entre los destinos de los jueces y de los abogados \u00a0 ESO QUE LLAM\u00c1IS LIBERTAD Khalil Gibran \u201cEn verdad, eso que llam\u00e1is libertad es la m\u00e1s peligrosa de vuestras cadenas, a pesar <a class=\"mh-excerpt-more\" href=\"https:\/\/puntocritico.com\/ausajpuntocritico\/2023\/11\/19\/de-cierta-coincidencia-entre-los-destinos-de-los-jueces-y-de-los-abogados\/\" title=\"CALAMANDREI, \u00abElogio de los Jueces escrito por un Abogado\u00bb (y Cap\u00edtulo 12): \u00abDe cierta coincidencia entre los destinos de los jueces y de los abogados\u00bb\">[&#8230;]<\/a><\/p>\n<\/div>","protected":false},"author":3,"featured_media":2290711,"comment_status":"closed","ping_status":"closed","sticky":false,"template":"","format":"standard","meta":{"_acf_changed":false,"_exactmetrics_skip_tracking":false,"_exactmetrics_sitenote_active":false,"_exactmetrics_sitenote_note":"","_exactmetrics_sitenote_category":0,"footnotes":""},"categories":[6],"tags":[70,101],"class_list":{"0":"post-2290398","1":"post","2":"type-post","3":"status-publish","4":"format-standard","5":"has-post-thumbnail","7":"category-justicia","8":"tag-calamandrei","9":"tag-kafka"},"acf":[],"_links":{"self":[{"href":"https:\/\/puntocritico.com\/ausajpuntocritico\/wp-json\/wp\/v2\/posts\/2290398","targetHints":{"allow":["GET"]}}],"collection":[{"href":"https:\/\/puntocritico.com\/ausajpuntocritico\/wp-json\/wp\/v2\/posts"}],"about":[{"href":"https:\/\/puntocritico.com\/ausajpuntocritico\/wp-json\/wp\/v2\/types\/post"}],"author":[{"embeddable":true,"href":"https:\/\/puntocritico.com\/ausajpuntocritico\/wp-json\/wp\/v2\/users\/3"}],"replies":[{"embeddable":true,"href":"https:\/\/puntocritico.com\/ausajpuntocritico\/wp-json\/wp\/v2\/comments?post=2290398"}],"version-history":[{"count":0,"href":"https:\/\/puntocritico.com\/ausajpuntocritico\/wp-json\/wp\/v2\/posts\/2290398\/revisions"}],"wp:featuredmedia":[{"embeddable":true,"href":"https:\/\/puntocritico.com\/ausajpuntocritico\/wp-json\/wp\/v2\/media\/2290711"}],"wp:attachment":[{"href":"https:\/\/puntocritico.com\/ausajpuntocritico\/wp-json\/wp\/v2\/media?parent=2290398"}],"wp:term":[{"taxonomy":"category","embeddable":true,"href":"https:\/\/puntocritico.com\/ausajpuntocritico\/wp-json\/wp\/v2\/categories?post=2290398"},{"taxonomy":"post_tag","embeddable":true,"href":"https:\/\/puntocritico.com\/ausajpuntocritico\/wp-json\/wp\/v2\/tags?post=2290398"}],"curies":[{"name":"wp","href":"https:\/\/api.w.org\/{rel}","templated":true}]}}