{"id":2289709,"date":"2023-10-28T00:05:52","date_gmt":"2023-10-27T22:05:52","guid":{"rendered":"https:\/\/puntocritico.com\/ausajpuntocritico\/?p=2289709"},"modified":"2023-10-28T20:11:46","modified_gmt":"2023-10-28T18:11:46","slug":"el-golem-1920","status":"publish","type":"post","link":"https:\/\/puntocritico.com\/ausajpuntocritico\/2023\/10\/28\/el-golem-1920\/","title":{"rendered":"EL GOL\u00c9M, Pel\u00edcula de P. Wegner (1920). \u00abHamas, el Golem del Mosad\u00bb"},"content":{"rendered":"<p style=\"text-align: justify;\"><strong><span style=\"color: #008000; font-size: 14pt;\">EL GOLEM<\/span><\/strong><\/p>\n\n<p>&nbsp;<\/p>\n<blockquote>\n<h2 style=\"text-align: center;\"><span style=\"font-size: 24pt;\"><strong>Hamas: el \u201cG\u00f3lem de Israel\u201d<\/strong><\/span><\/h2>\n<p style=\"text-align: justify;\"><span style=\"font-size: 14pt;\"><a href=\"https:\/\/noticiasholisticas.com.ar\/hamas-el-golem-de-israel-por-luis-alberto-vittor\/\" target=\"_blank\" rel=\"noopener\">Noticias hol\u00edsticas<\/a>, 14 OCT 2023<\/span><\/p>\n<p style=\"text-align: justify;\"><span style=\"font-size: 14pt;\">Por Luis Alberto Vittor<\/span><\/p>\n<p><img loading=\"lazy\" decoding=\"async\" class=\"aligncenter wp-image-2289721\" src=\"https:\/\/puntocritico.com\/ausajpuntocritico\/wp-content\/uploads\/2023\/10\/Israel-Hamas-Golem-300x169.jpg\" alt=\"\" width=\"555\" height=\"312\" data-id=\"2289721\" srcset=\"https:\/\/puntocritico.com\/ausajpuntocritico\/wp-content\/uploads\/2023\/10\/Israel-Hamas-Golem-300x169.jpg 300w, https:\/\/puntocritico.com\/ausajpuntocritico\/wp-content\/uploads\/2023\/10\/Israel-Hamas-Golem-678x381.jpg 678w, https:\/\/puntocritico.com\/ausajpuntocritico\/wp-content\/uploads\/2023\/10\/Israel-Hamas-Golem.jpg 748w\" sizes=\"auto, (max-width: 555px) 100vw, 555px\" \/><\/p>\n<p style=\"text-align: justify;\">\u00a0<\/p>\n<p style=\"text-align: justify;\"><span style=\"font-size: 14pt;\">El G\u00f3lem es una leyenda tradicional jud\u00eda surgida a mediados del siglo XVI. Se narra que, en tiempos del <strong>Emperador Rodolfo II<\/strong>, desapareci\u00f3 un ni\u00f1o cristiano y la poblaci\u00f3n acus\u00f3 a los jud\u00edos que viv\u00edan en Praga, la ciudad checa donde el Emperador instal\u00f3 su corte, de haberlo secuestrado para asesinarlo y utilizar su sangre en los sacrificios que realizaban durante <em>Pesaj<\/em>. As\u00ed, ante la amenaza que se cern\u00eda sobre los jud\u00edos, un dirigente de su comunidad, el <em>kabbalista <\/em><strong>Jud\u00e1 Lev\u00ed ben Betzalel<\/strong>, conocido como <strong>Rabb\u00ed L\u00f6w<\/strong>, decidi\u00f3 intervenir para probar la falsedad de la acusaci\u00f3n y la inocencia de los jud\u00edos. <strong>El rabino hab\u00eda tenido un sue\u00f1o en el que se le ordenaba hacer un hombre de barro conocido en la tradici\u00f3n jud\u00eda con el nombre de g\u00f3lem<\/strong>.<\/span><\/p>\n<p style=\"text-align: justify;\"><span style=\"font-size: 14pt;\"><strong>Rabb\u00ed L\u00f6w<\/strong> pidi\u00f3 ayuda a dos rabinos amigos y los tres hombres se dirigieron a la orilla del <em>r\u00edo Moldava<\/em> y formaron en el barro la forma de un hombre tumbado y dibujaron su rostro, piernas y brazos. <strong><em>Los dos rabinos amigos de L\u00f6w rodearon al g\u00f3lem siete veces cada uno mientras recitaban ciertos encantamientos, tras lo cual la figura de barro adquiri\u00f3 un tono rojizo, como si estuviera ardiendo<\/em><\/strong>. Su paralelismo con el mito de la creaci\u00f3n de <strong>Ad\u00e1n<\/strong> descrito en el <em>G\u00e9nesis<\/em> es evidente. Hay que recordar que <strong>Ad\u00e1n<\/strong> fue formado del barro y que su nombre significa \u00ab<em>rojo<\/em>\u00bb y \u00ab<em>sangre<\/em>\u00bb. Cuando se enfri\u00f3, el mismo <strong>L\u00f6w<\/strong> lo rode\u00f3 siete veces mientras recitaba ciertos vers\u00edculos sosteniendo los rollos de la <em>Tor\u00e1<\/em> en sus manos. Luego los tres <em>kabbalistas<\/em> recitaron un vers\u00edculo del <strong>G\u00e9nesis (2,7)<\/strong>: \u00ab<em>Entonces form\u00f3 Yahv\u00e9 Elohim al hombre del polvo del suelo, e insuflando en sus narices aliento de vida, qued\u00f3 constituido el hombre como alma viviente<\/em>\u00bb.<\/span><\/p>\n<p style=\"text-align: justify;\"><span style=\"font-size: 14pt;\">Por \u00faltimo,<strong> Rabb\u00ed L\u00f6w <\/strong><em><strong>escribi\u00f3 en la frente del g\u00f3lem la palabra <\/strong><\/em><strong><em>emet<\/em><\/strong> (<em>verdad, en hebreo<\/em>), y as\u00ed el g\u00f3lem cobr\u00f3 vida. El creador del G\u00f3lem le orden\u00f3 a su criatura buscar al ni\u00f1o desaparecido y el g\u00f3lem lo encontr\u00f3 y se present\u00f3 con \u00e9l en brazos durante el juicio que se celebraba para condenar a los jud\u00edos. El ni\u00f1o declar\u00f3 que su padre le hab\u00eda obligado a esconderse en el s\u00f3tano de su propia casa para provocar la destrucci\u00f3n de los jud\u00edos. <strong>Y as\u00ed fue como el g\u00f3lem salv\u00f3 a la comunidad jud\u00eda<\/strong>. La tradici\u00f3n dice que <strong>el g\u00f3lem empez\u00f3 a crecer sin parar y se volvi\u00f3 violento e incontrolable<\/strong>, hasta el punto de que mat\u00f3 a varios <em>gentiles<\/em> (<em>es decir, no jud\u00edos<\/em>) y sembr\u00f3 el p\u00e1nico en toda la ciudad.<\/span><\/p>\n<p style=\"text-align: justify;\"><span style=\"font-size: 14pt;\">Otras versiones afirman que lleg\u00f3 incluso a matar tambi\u00e9n a jud\u00edos. El <em>Golem<\/em>, al igual que <em>Frankenstein<\/em>, es una criatura de la invenci\u00f3n humana. <strong>Estos monstruos, que inicialmente eran inofensivos, acaban rebel\u00e1ndose contra su propio creador<\/strong>. <strong>Rabb\u00ed L\u00f6w<\/strong> se vio obligado a intervenir de nuevo. Tras obtener del emperador la promesa de que no atacar\u00eda a la comunidad jud\u00eda, borr\u00f3 de la frente del G\u00f3lem la letra <em>aleph<\/em> de la palabra <em><strong>\u05d0\u05b6\u05de\u05b6\u05ea<\/strong> (<strong>emet<\/strong>: <strong>Verdad<\/strong>)<\/em> y al suprimir el <em>aleph<\/em> qued\u00f3 la palabra <em><strong>\u05de\u05ea (met) <\/strong><\/em>que en hebreo significa \u00ab<em><strong>muerto<\/strong><\/em>\u00bb. Tras privarlo as\u00ed de vida, <strong>L\u00f6w<\/strong> escondi\u00f3 el cuerpo de barro del g\u00f3lem en el \u00e1tico de la <em>sinagoga de Praga<\/em>, lo encerr\u00f3 con llave y orden\u00f3 que nadie accediera a aquel lugar.<\/span><\/p>\n<p style=\"text-align: justify;\"><span style=\"font-size: 14pt;\">Esta antigua tradici\u00f3n rab\u00ednica viene a cuento para explicar los or\u00edgenes del <strong>Hamas<\/strong>, no en vano llamado por los propios intelectuales jud\u00edos \u00ab<em><strong>el G\u00f3lem de Israel<\/strong><\/em>\u00bb o \u00ab<strong><em>el G\u00f3lem del Mosad<\/em><\/strong>\u00bb. Israel ha declarado a <strong>Hamas<\/strong> \u00ab<em>grupo terrorista<\/em>\u00bb, pero no mucha gente es consciente del hecho de que fue Israel quien contribuy\u00f3 a la creaci\u00f3n de <strong>Ham\u00e1s<\/strong> como contrapeso a la <strong>Organizaci\u00f3n de Liberaci\u00f3n Palestina (OLP)<\/strong> durante la d\u00e9cada de 1980. \u00bfPor qu\u00e9 Israel ayud\u00f3 a la creaci\u00f3n de <strong>Ham\u00e1s<\/strong> y c\u00f3mo utiliz\u00f3 sus recursos para ese prop\u00f3sito? <strong>Israel ayud\u00f3 a crear Hamas para dividir y debilitar a la <em>Resistencia Palestina<\/em> y menguar el protagonismo de la OLP, una organizaci\u00f3n secular y nacionalista formada en 1964<\/strong>.<\/span><\/p>\n<p style=\"text-align: justify;\"><span style=\"font-size: 14pt;\">Gaza, que fue ocupada por Israel como resultado de la guerra \u00e1rabe-israel\u00ed de junio de 1967, patrocinaba a la organizaci\u00f3n <strong>Mujama al-Islamiya<\/strong>, que fue fundada por un <em>Sheij palestino<\/em>, <strong>Ahmed Yasin<\/strong>, con el prop\u00f3sito de promover obras de caridad y asistencia social para la comunidad palestina. Los or\u00edgenes de la organizaci\u00f3n est\u00e1n, sin embargo, estrechamente vinculados a los del nacionalismo palestino y a la creaci\u00f3n en Gaza, en 1946, de la rama local de los <strong>Hermanos Musulmanes<\/strong>, organizaci\u00f3n fundada en marzo de 1928, en Egipto, por el <em>te\u00f3logo panisl\u00e1mico <\/em><strong>Hasan al-Bann\u0101\u2019<\/strong>. Durante su juventud, <strong>Hasan al-Bann\u0101\u2019<\/strong> fue miembro de la orden <em>Sufi <\/em><strong>al-Hassafiyya<\/strong>, pero su pensamiento teol\u00f3gico y jur\u00eddico estuvo fuertemente influido por una interpretaci\u00f3n exagerada de la escuela <em>Hanbal\u00ed<\/em>, lo cual confiere una naturaleza dogm\u00e1tica de corte radical y puritano.<\/span><\/p>\n<p style=\"text-align: justify;\"><span style=\"font-size: 14pt;\">Inspirada por el pensamiento <em>Salafista<\/em> del <em>te\u00f3logo<\/em> egipcio <strong>Hasan al-Bann\u0101\u2019<\/strong>, la Organizaci\u00f3n <strong>Mujama al-Islamiya<\/strong> se convirti\u00f3 m\u00e1s tarde en <strong>Hamas<\/strong>, acr\u00f3nimo \u00e1rabe de \u00ab<em>Movimiento de Resistencia Isl\u00e1mica<\/em>\u00bb (<em>Harakat al-Muq\u00e2wama al-Islamiya<\/em>), antes de que se lanzara la <em>Intifada<\/em> en diciembre de 1987. Israel consideraba a <strong>Mujama al-Islamiya<\/strong> y su organizaci\u00f3n sucesora, <strong>Hamas<\/strong>, un mal menor en comparaci\u00f3n con la <strong>OLP<\/strong> y <strong>pensaba que dividir el frente de la Resistencia Palestina servir\u00eda a los intereses del Estado de Israel<\/strong>. <\/span><\/p>\n<p style=\"text-align: justify;\"><span style=\"font-size: 14pt;\">As\u00ed fue como <strong>Ham\u00e1s<\/strong> termin\u00f3 convirti\u00e9ndose durante la d\u00e9cada del \u201880 en un <strong>aliado natural de Israel contra la OLP<\/strong>. Esta no es una teor\u00eda de la conspiraci\u00f3n. Algunos ex funcionarios israel\u00edes como el <em>general de brigada <\/em><strong>Yitzhak Segev<\/strong>, que fue gobernador militar israel\u00ed en Gaza a principios de los a\u00f1os 1980, declar\u00f3 a\u00f1os m\u00e1s tarde a un periodista del <em>New York Times<\/em> que Israel hab\u00eda ayudado a financiar a <strong>Hamas<\/strong> como \u00ab<em>contrapeso<\/em>\u00bb a la <strong>Organizaci\u00f3n para la Liberaci\u00f3n de Palestina<\/strong> y el partido<strong> Al-Fatah<\/strong>, conducido por <strong>Yasser Arafat<\/strong> quien tambi\u00e9n se refiri\u00f3 a <strong>Hamas<\/strong> como \u00ab<strong><em>una creaci\u00f3n de Israel<\/em><\/strong>\u00bb. El <em>general de brigada <\/em><strong>Segev<\/strong> incluso admiti\u00f3 haber financiado al propio <strong>Hamas<\/strong> con dinero de los contribuyentes israel\u00edes que luego se utiliz\u00f3 para matar a las mismas personas que los financiaban.<\/span><\/p>\n<p style=\"text-align: justify;\"><span style=\"font-size: 14pt;\"><strong>Los arrepentimientos entre los funcionarios israel\u00edes que ayudaron a la creaci\u00f3n de Ham\u00e1s est\u00e1n bien documentados<\/strong>. Por ejemplo, <strong>Avner Cohen<\/strong>, un jud\u00edo nacido en T\u00fanez que fue funcionario israel\u00ed en Gaza que se ocupaba de asuntos religiosos durante los a\u00f1os 1970 y 1980, se lament\u00f3 ante el <em>Wall Street Journal en 2009<\/em> al declarar que<\/span><\/p>\n<p style=\"text-align: justify; padding-left: 40px;\"><strong><span style=\"font-size: 14pt; color: #008000;\"> \u00abHam\u00e1s, para mi gran pesar, es creaci\u00f3n de Israel. En lugar de intentar frenar a los islamistas de Gaza desde el principio, Israel durante a\u00f1os los toler\u00f3 y, en algunos casos, los alent\u00f3 como contrapeso a los nacionalistas seculares de la Organizaci\u00f3n para la Liberaci\u00f3n de Palestina y su facci\u00f3n dominante, Fatah de Yasser Arafat. Israel cooper\u00f3 con un cl\u00e9rigo lisiado y medio ciego llamado Sheij Ahmed Yassin, incluso cuando estaba sentando las bases de lo que se convertir\u00eda en Hamas\u00bb.<\/span><\/strong><\/p>\n<p>&nbsp;<\/p>\n<p style=\"text-align: justify;\"><span style=\"font-size: 14pt;\">A mediados de la d\u00e9cada de 1980, <strong>Cohen<\/strong> incluso <strong>escribi\u00f3 un informe oficial a sus superiores advirti\u00e9ndoles que no se presten al peligroso juego diab\u00f3lico de dividir y gobernar en los <em>Territorios Ocupados<\/em><\/strong>, respaldando a <strong>Hamas<\/strong> contra los secularistas palestinos. Otro <em>ex funcionario israel\u00ed<\/em>, <strong>David <\/strong><strong>Hacham<\/strong>, un ex experto en asuntos \u00e1rabes del ej\u00e9rcito israel\u00ed que estuvo destinado en Gaza en la d\u00e9cada de 1980, declar\u00f3 posteriormente: <\/span><\/p>\n<p style=\"text-align: justify; padding-left: 40px;\"><span style=\"color: #008000;\"><strong><span style=\"font-size: 14pt;\">\u00abCuando miro hacia atr\u00e1s, a la cadena de acontecimientos, creo que cometimos un error, pero en ese momento nadie pens\u00f3 en los posibles resultados. La administraci\u00f3n militar de Israel en Gaza vio con buenos ojos al cl\u00e9rigo parapl\u00e9jico, quien estableci\u00f3 una amplia red de escuelas, cl\u00ednicas, una biblioteca y jardines de infancia. Sheij Yassin form\u00f3 el grupo islamista Mujama al-Islamiya, que fue reconocido oficialmente por Israel como una organizaci\u00f3n ben\u00e9fica y luego, en 1979, como una asociaci\u00f3n. Israel tambi\u00e9n respald\u00f3 el establecimiento de la Universidad Isl\u00e1mica de Gaza, que ahora considera un foco de militancia. La universidad fue uno de los primeros objetivos alcanzados por aviones de combate israel\u00edes en la Operaci\u00f3n 2008-2009. La Organizaci\u00f3n Mujama al-Islamiya de Yassin se convertir\u00eda en Hamas, que, se puede argumentar, era el talib\u00e1n de Israel: un grupo islamista cuyos antecedentes hab\u00edan sido establecidos por Occidente en una batalla contra un enemigo de izquierda. Israel encarcel\u00f3 a Yassin en 1984 con una sentencia de 12 a\u00f1os. Una vez despu\u00e9s del descubrimiento de escondites de armas ocultas, pero fue liberado un a\u00f1o despu\u00e9s\u00bb.<\/span><\/strong><\/span><\/p>\n<p>&nbsp;<\/p>\n<p style=\"text-align: justify;\"><span style=\"font-size: 14pt;\"><strong>Al desmadejar el ovillo de la historia de c\u00f3mo Israel ayud\u00f3 a crear Hamas, nos encontramos con una red de acontecimientos, decisiones y estrategias que incluyeron incentivos y presupuestos otorgados por el gobierno israel\u00ed que permitieron a Hamas financiarse<\/strong>. El papel indirecto de Israel, si bien no es manifiesto, pues fue una operaci\u00f3n de sus servicios de inteligencia, est\u00e1 entrelazado con el panorama pol\u00edtico de la regi\u00f3n. <strong>Todas las declaraciones hechas por ex funcionarios israel\u00edes admiten la responsabilidad de Israel en la creaci\u00f3n de Hamas que, en un intento de gestionar y contener amenazas potenciales de la OLP, hizo favorable las condiciones que ayudaron a Ham\u00e1s a florecer, especialmente a finales de los a\u00f1os ochenta<\/strong>. Se pueden extraer dos conclusiones de todo lo anterior. En primer lugar, nadie en Israel ignora que era puramente de inter\u00e9s israel\u00ed apoyar y patrocinar primero a <strong>Mujama al-Islamiya<\/strong> y luego a <strong>Hamas<\/strong> como un contrapeso a la <strong>OLP<\/strong>. En segundo lugar, el ascenso y avance de <strong>Hamas<\/strong> en la d\u00e9cada de 1990 y, posteriormente, el debilitamiento de la <strong>OLP<\/strong>, tuvo consecuencias nefastas para la comunidad palestina, en tanto que las acciones de <strong>Hamas<\/strong> fortalecieron la ocupaci\u00f3n israel\u00ed en <em>Cisjordania<\/em> y el bloqueo de <em>Gaza<\/em>.<\/span><\/p>\n<p style=\"text-align: justify;\"><span style=\"font-size: 14pt;\"><strong>Israel, al igual que Estados Unidos que, seg\u00fan confesi\u00f3n de la propia ex secretaria de gobierno Hillary Clinton, cre\u00f3 y aliment\u00f3 a varios grupos yihadistas como Al-Qaeda, el Talib\u00e1n e ISIS en Afganist\u00e1n y otros lugares<\/strong>. En una entrevista concedida en mayo de 2012 a la cadena estadounidense <em>Fox News<\/em>, <strong>Clinton <\/strong><strong>admiti\u00f3 que el gobierno de EE.UU. cre\u00f3 a Al-Qaeda<\/strong>. Asimismo afirm\u00f3 que el grupo fue financiado y equipado con misiles, como as\u00ed tambi\u00e9n de todo lo que necesitaban. <strong>Clinton detall\u00f3 que la responsabilidad de crear esta organizaci\u00f3n <em>yihadista<\/em>, fue del gobierno estadounidense<\/strong>:<\/span><\/p>\n<p style=\"text-align: justify; padding-left: 40px;\"><strong><span style=\"font-size: 14pt; color: #008000;\"> \u00ab<em>Cuando la Uni\u00f3n Sovi\u00e9tica invadi\u00f3 Afganist\u00e1n, tuvimos esta brillante idea de ir a Paquist\u00e1n y crear una fuerza de muyahidines o milicianos, los equipamos, les dimos misiles y todo lo dem\u00e1s, para que se enfrentaran a los sovi\u00e9ticos en Afganist\u00e1n, tuvimos \u00e9xito. Los sovi\u00e9ticos se retiraron de Afganist\u00e1n y dejamos a estos milicianos fan\u00e1ticos entrenados y bien armados en Afganist\u00e1n y Paquist\u00e1n<\/em>\u00bb, puntualiz\u00f3 en ese entonces.<\/span><\/strong><\/p>\n<p>&nbsp;<\/p>\n<p style=\"text-align: justify;\"><span style=\"font-size: 14pt;\"><strong>La ex secretaria de gobierno de Barack Obama tambi\u00e9n asegur\u00f3 <\/strong>en una entrevista concedida a la revista The Atlantic, en agosto del pasado 2014,<strong> que Estados Unidos hab\u00eda sido tambi\u00e9n el creador del Estado Isl\u00e1mico<\/strong>:\u00a0<\/span><strong><span style=\"font-size: 14pt;\"> \u00ab<em>Financiamos mal a rebeldes sirios y surgi\u00f3 el Estado Isl\u00e1mico<\/em>\u00bb<\/span><\/strong><span style=\"font-size: 14pt;\">.<\/span><\/p>\n<p style=\"text-align: justify;\"><span style=\"font-size: 14pt;\">El historiador estadounidense <strong>Robert Freeman<\/strong> fue igualmente contundente: \u00ab<em><strong>Lo m\u00e1s importante que hay que entender sobre el Estado Isl\u00e1mico es que fue creado por Estados Unidos<\/strong><\/em>\u00bb. Entrevistado por el<em> portal de noticias Common Dreams<\/em>, <strong>Freeman<\/strong> se refiri\u00f3 a las <strong>3 etapas por las que atraves\u00f3 lo que hoy entendemos como Estado Isl\u00e1mico<\/strong>. <\/span><\/p>\n<p style=\"text-align: justify;\"><span style=\"font-size: 14pt;\">Seg\u00fan <strong>Freeman<\/strong>, <strong>la primera etapa<\/strong> se produjo durante la guerra que Estados Unidos inicia contra Irak y el posterior derrocamiento de <strong>Sadam Husein<\/strong>. \u00ab<em>El primer paso para su creaci\u00f3n fue que los EE.UU. destruyeron el r\u00e9gimen corrupto, pero estabilizador de Saddam Hussein en Irak<\/em>\u201d<em>: durante su gobierno, <strong>Al Qaeda<\/strong> no exist\u00eda dentro de Irak, y el <strong>Estado Isl\u00e1mico<\/strong> tiene su origen precisamente en <strong>Al Qaeda<\/strong><\/em>\u00bb. <\/span><\/p>\n<p style=\"text-align: justify;\"><span style=\"font-size: 14pt;\"><strong>La segunda etapa<\/strong> se dio en la campa\u00f1a contra el Gobierno de <strong>Bashar al Assad<\/strong> en <em>Siria<\/em>. \u00ab<em>El presidente sirio contaba con una fuerza que durante muchos a\u00f1os mantuvo en \u201cpaz relativa\u201d a un conjunto de sectas religiosas dentro del pa\u00eds<\/em>\u00bb, asegura. En sus intentos de desestabilizar al <em>Gobierno de Siria<\/em>, <em>USA<\/em> ayud\u00f3 a los \u00ab<em>precursores<\/em>\u00bb del <strong>Estado Isl\u00e1mico<\/strong> en el pa\u00eds, entre los cuales, se encuentra el <strong>Frente al-Nusra<\/strong> (\u00ab<em>Frente de la Victoria<\/em>\u00bb), una organizaci\u00f3n terrorista asociada a <strong>Al Qaeda<\/strong> que opera en <em>Siria<\/em> y en <em>L\u00edbano<\/em>, creada el 23 de enero 2012 durante la <em>Guerra Civil Siria<\/em>. <\/span><\/p>\n<p style=\"text-align: justify;\"><span style=\"font-size: 14pt;\">Y <strong>la tercera etapa<\/strong> de la formaci\u00f3n del <strong>ISIS<\/strong> tuvo lugar cuando \u00ab<em>EE.UU. organiz\u00f3 a Arabia Saudita y Turqu\u00eda para que financiaran y apoyaran a los rebeldes en Siria<\/em>\u00bb, quienes, seg\u00fan <strong>Freeman<\/strong>, ya eran un \u00ab<em><strong>proto-Estado Isl\u00e1mico<\/strong><\/em>\u00bb.<\/span><\/p>\n<p style=\"text-align: justify;\"><span style=\"font-size: 14pt;\">Hace algunos a\u00f1os, la prensa brit\u00e1nica admiti\u00f3 que en Siria hubo 120 soldados de las fuerzas especiales del ej\u00e9rcito ingl\u00e9s combatiendo bajo estandartes y consignas del Yihadismo del Estado Isl\u00e1mico. Se dejaban barba, se vest\u00edan de negro y hab\u00edan aprendido a gritar en \u00e1rabe <em>Allahu Akbar!<\/em> \u00ab<em>\u00a1Allah es Grande!<\/em>\u00bb. La cifra de 120 es rid\u00edcula. Se calcula que en <em>Siria<\/em> posiblemente hubo m\u00e1s de 6.000 voluntarios de la Uni\u00f3n Europea en las filas del <strong>Estado Isl\u00e1mico<\/strong> y el <strong>Frente Al-Nosra<\/strong>. La noticia de la captura de los <em>euroyihadistas<\/em> en <em>Qusseir<\/em> la public\u00f3 en mayo de 2013 el <em>diario liban\u00e9s Al-Nashra<\/em> que, al mismo tiempo, difund\u00eda unas declaraciones de <strong>Assem Qanso<\/strong>, diputado del <em><strong>partido Baath<\/strong><\/em> local, asegurando que el n\u00famero de europeos capturados por el ej\u00e9rcito regular se elevaba a \u00ab<em>varias decenas<\/em>\u00bb.<\/span><\/p>\n<p>&nbsp;<\/p>\n<p style=\"text-align: center;\"><strong><span style=\"font-size: 14pt; color: #008000;\">Se calcula que en <em>Siria<\/em> posiblemente hubo m\u00e1s de 6.000 voluntarios de la Uni\u00f3n Europea en las filas del Estado Isl\u00e1mico y el Frente Al-Nosra<\/span><\/strong><\/p>\n<p>&nbsp;<\/p>\n<p style=\"text-align: justify;\"><span style=\"font-size: 14pt;\">El <em>diario brit\u00e1nico Express<\/em> public\u00f3 en su edici\u00f3n del s\u00e1bado primero de agosto de 2017 un art\u00edculo firmado por los periodistas <strong>Marco Giannangeli <\/strong>y <strong>Josh Taylor<\/strong> bajo el impactante t\u00edtulo de \u00ab<strong><em>SAS dress as ISIS fighters in undercover war on jihadis<\/em><\/strong>\u00bb. Los autores se\u00f1alan que soldados del <strong>Servicio Especial A\u00e9reo<\/strong> [<em>en ingl\u00e9s <strong>Special Air Service (SAS)<\/strong><\/em>] se disfrazaron como combatientes del <strong>Estado Isl\u00e1mico<\/strong>. <\/span><\/p>\n<p style=\"text-align: justify;\"><span style=\"font-size: 14pt;\">El <strong>Servicio A\u00e9reo Especial [SAS]<\/strong> es cuerpo de \u00e9lite, un regimiento de fuerzas especiales del Ej\u00e9rcito Brit\u00e1nico que sirvi\u00f3 como modelo para las fuerzas especiales de muchos pa\u00edses del mundo. Se trata de un ej\u00e9rcito casi secreto. El <strong>SAS<\/strong>, junto con el <strong>Servicio de Lanchas Especial (SBS)<\/strong>, el <strong>Regimiento de Reconocimiento (SRR)<\/strong>, y el <strong>Grupo de Apoyo a las Fuerzas Especiales (SFSG)<\/strong>, forman las Fuerzas Especiales del Reino Unido bajo mando del <em>Director de las<\/em> <em>Fuerzas Especiales<\/em>. Los tres son apoyados por helic\u00f3pteros del <em>Army Air Corps<\/em> y por 2 escuadrones del <em>Royal Corps of Signals<\/em>, que consiste en personal adiestrado en t\u00e1cticas de combate por los <strong>SAS<\/strong> y personal no adiestrado. Sus funciones en tiempo de guerra son las operaciones especiales, y en tiempo de paz el contraterrorismo principalmente.<\/span><\/p>\n<p style=\"text-align: justify;\"><span style=\"font-size: 14pt;\">Observan <strong>Marco Giannangeli<\/strong> y <strong>Josh Taylor<\/strong> que la t\u00e1ctica poco ortodoxa, consist\u00eda en vestir a las unidades del <strong>SAS<\/strong> con los uniformes de los yihadistas y enarbolando las banderas negras del <strong>Estado Isl\u00e1mico [EI]<\/strong>, \u00ab<em>ha sido comparado con los m\u00e9todos utilizados por el <strong>Long Range Desert Group<\/strong> contra las fuerzas de <strong>Rommel<\/strong> durante la Segunda Guerra Mundial<\/em>\u00bb. M\u00e1s de 120 miembros pertenecientes al regimiento de \u00e9lite permanecieron en el pa\u00eds devastado por la guerra durante la <strong><em>Operaci\u00f3n Shader<\/em><\/strong> con la aparente tarea de destruir los pertrechos b\u00e9licos del <strong>Estado Isl\u00e1mico<\/strong> para evitar los ataques a\u00e9reos de la coalici\u00f3n. En aquel momento, <strong>David Cameron<\/strong> habr\u00eda dado \u00ab<em>carta blanca<\/em>\u00bb al <strong>SAS<\/strong> y al <strong>SBS<\/strong> como parte de la represalia de \u00ab<em>amplio espectro<\/em>\u00bb del Gobierno Brit\u00e1nico luego de que el militante del <strong>Estado Isl\u00e1mico (ISIS)<\/strong>, <strong>Seifeddine<\/strong> \u00a0<strong>Rezgui<\/strong> asesinara a 30 turistas brit\u00e1nicos en el resort de la <em>playa tunecina de Sousse<\/em> .<\/span><\/p>\n<p style=\"text-align: justify;\"><span style=\"font-size: 14pt;\"><strong>A confesi\u00f3n de parte, relevo de pruebas, reza un viejo adagio jur\u00eddico<\/strong>. A la luz de lo anteriormente dicho, tanto Israel no puede escapar de la responsabilidad de crear <strong>Hamas<\/strong> como tampoco <em>Estados Unidos<\/em> puede negar su decisiva participaci\u00f3n en la creaci\u00f3n de grupos extremados y terroristas como <strong>Al-Qaeda<\/strong>, el <strong>Taliban<\/strong> e <strong>ISIS<\/strong> ni el <em>Reino Unido<\/em> a su responsabilidad de alentar el terrorismo m\u00e1s sanguinario tanto en Europa como en Oriente Medio. La prensa occidental canalla sabe bien todas estas cosas, pero las oculta o calla. Servil y genuflexa ante los intereses financieros globales, la prensa occidental canalla solo se ocupa de promover informaci\u00f3n amarillista diciendo que <strong>Hamas<\/strong> ha jurado destruir a Israel, que es un grupo terrorista, proscrito tanto por Estados Unidos como por la Uni\u00f3n Europea o que gobierna <em>Gaza<\/em> con mano de hierro y de manera ileg\u00edtima o que ha matado a cientos de israel\u00edes inocentes con cohetes, morteros y ataques suicidas, pero omite decir que este grupo han sido creado y financiado por Israel, con el benepl\u00e1cito de las potencias occidentales que echan m\u00e1s le\u00f1a al fuego para incendiar todo el Oriente Medio.<\/span><\/p>\n<p>&nbsp;<\/p>\n<p><img loading=\"lazy\" decoding=\"async\" class=\"aligncenter wp-image-2289725\" src=\"https:\/\/puntocritico.com\/ausajpuntocritico\/wp-content\/uploads\/2023\/10\/Golem-1-300x169.webp\" alt=\"\" width=\"400\" height=\"225\" data-id=\"2289725\" srcset=\"https:\/\/puntocritico.com\/ausajpuntocritico\/wp-content\/uploads\/2023\/10\/Golem-1-300x169.webp 300w, https:\/\/puntocritico.com\/ausajpuntocritico\/wp-content\/uploads\/2023\/10\/Golem-1-678x381.webp 678w, https:\/\/puntocritico.com\/ausajpuntocritico\/wp-content\/uploads\/2023\/10\/Golem-1.webp 707w\" sizes=\"auto, (max-width: 400px) 100vw, 400px\" \/><\/p>\n<p>&nbsp;<\/p>\n<p style=\"text-align: justify;\"><span style=\"font-size: 14pt;\">La experiencia de Israel con <strong>Hamas<\/strong> se hace eco de la de Estados Unidos, que, durante la Guerra Fr\u00eda, consideraba a los yihadistas musulmanes como aliados \u00fatiles contra el comunismo. Las fuerzas antisovi\u00e9ticas respaldadas por Estados Unidos despu\u00e9s de la invasi\u00f3n de Afganist\u00e1n por parte de Mosc\u00fa en 1979 se transformaron m\u00e1s tarde en <strong>Al Qaeda<\/strong>, el <em>r\u00e9gimen <strong>Taliban<\/strong><\/em> e <strong>ISIS<\/strong>. Si grupos extremados y violentos como <strong>Hamas<\/strong>, <strong>Al-Qaeda<\/strong>, <strong>ISIS<\/strong>, practican un terrorismo sanguinario, es porque los servicios de inteligencia occidentales e israel\u00edes los han creado con esas caracter\u00edsticas para luego presentarlos ante la opini\u00f3n p\u00fablica internacional como una visi\u00f3n desfigurada del <em>Islam<\/em>. Lo parad\u00f3jico \u2014cuando no falso\u2014 es que tanto Israel como Estados Unidos e Inglaterra culpan del reciente ascenso del <strong>Hamas<\/strong> a Ir\u00e1n. Omiten decir que <strong>Ham\u00e1s<\/strong> en <em>Gaza <\/em>fue construido por el propio Israel \u2014o sus servicios de inteligencia\u2014 como base para su poder sobre la regi\u00f3n y al que respaldaron mediante algunas concesiones y financiaci\u00f3n.<\/span><\/p>\n<p>&nbsp;<\/p>\n<p style=\"text-align: center;\"><strong><span style=\"font-size: 14pt; color: #008000;\">Si grupos extremados y violentos como Hamas, Al-Qaeda, ISIS, practican un terrorismo sanguinario, es porque los servicios de inteligencia occidentales e israel\u00edes los han creado con esas caracter\u00edsticas para luego presentarlos ante la opini\u00f3n p\u00fablica internacional como una visi\u00f3n desfigurada del Islam<\/span><\/strong><\/p>\n<\/blockquote>\n<blockquote>\n<p>&nbsp;<\/p>\n<p style=\"text-align: justify;\"><span style=\"font-size: 14pt;\">Hip\u00f3critamente, el premier israel\u00ed <strong>Benjamin <\/strong><strong>Netanyahu<\/strong>, declar\u00f3: \u00ab<em>Hamas es ISIS y los destruiremos como el mundo destruy\u00f3 a ISIS<\/em>\u00bb. No fue el mundo quien destruy\u00f3 a ISIS, fue el <em>General Iran\u00ed <\/em><strong>Qassim Soleimani<\/strong>, comandante de la <em>Fuerza Quds<\/em>, asesinado cruelmente con drones en el aeropuerto de la capital iraqu\u00ed, durante un ataque artero ordenado por el expresidente estadounidense <strong>Donald <\/strong><strong>Trump<\/strong>, sin notificaci\u00f3n o consulta al Congreso. Causa extra\u00f1eza esta declaraci\u00f3n del primer ministro israel\u00ed ya que ha sido uno de los principales responsables \u2014junto al servicio de inteligencia israel\u00ed\u2014 de que el ataque de <strong>Hamas<\/strong> desatara un conflicto que ha traspasado las fronteras palestinas. El gobierno de <strong>Netanyahu<\/strong> y los servicios de inteligencia y seguridad israel\u00edes est\u00e1n siendo muy criticados por los ciudadanos, por no detectar el \u00ab<em>ataque sorpresa<\/em>\u00bb de <strong>Hamas<\/strong> con antelaci\u00f3n. <strong>Netanyahu<\/strong> ha sido primer ministro de Israel en tres etapas distintas. La primera de ellas, entre 1996 y 1999; la segunda, entre 2009 y 2021 y la \u00faltima, desde finales de 2022 hasta el presente. Es decir, en los 16 a\u00f1os que lleva <strong>Ham\u00e1s<\/strong> controlando la <em>Franja<\/em>, en la mayor parte de ese per\u00edodo <strong>Netanyahu<\/strong> ha estado frente al gobierno.<\/span><\/p>\n<p style=\"text-align: justify;\"><span style=\"font-size: 14pt;\">En 2019, <strong>Netanyahu<\/strong> dijo ante la <em>Kn\u00e9set<\/em> de su partido: \u00ab<em><strong>El que quiera bloquear la creaci\u00f3n de un estado Palestino debe apoyar el crecimiento de Ham\u00e1s y transferir dinero a Ham\u00e1s. Es parte de nuestra estrategia: aislar a los palestinos de Gaza de los palestinos de Cisjordania<\/strong><\/em>\u00bb, lo cual vino a corroborar las sospechas de que <strong>Hamas<\/strong> era un engendro de Israel financiado por el gobierno y direccionado por el <strong>Mosad<\/strong>. Debido a ello, el <em>periodista israel\u00ed <\/em><strong>Amnon Abramovich<\/strong> culp\u00f3 en televisi\u00f3n a <strong>Netanyahu<\/strong> por \u00ab<em>hacer la vista gorda ante Hamas en busca de sus propios logros pol\u00edticos hasta que la ola lo ha sobrepasado, tratando ahora de contrarrestarla<\/em>\u00bb.<\/span><\/p>\n<p style=\"text-align: justify;\"><span style=\"font-size: 14pt;\"><strong>No cabe duda que Hamas y Netanyahu, son dos nombres que han marcado y marcan la pol\u00edtica en la regi\u00f3n en las \u00faltimas d\u00e9cadas<\/strong>. Dos separables inseparables que con sus acciones son los dos principales responsables del grado de polarizaci\u00f3n extrema que se vive en todo Oriente Medio. Si tenemos en cuenta que la opini\u00f3n p\u00fablica israel\u00ed estar\u00eda ya haciendo responsable a <strong>Netanyahu<\/strong> del estrepitoso fallo de seguridad israel\u00ed al menospreciar la advertencia del <em>director de Inteligencia de Egipto<\/em>, el <em>general <\/em><strong>Abbas Kamel<\/strong> que, seg\u00fan revel\u00f3 una fuente cercana al funcionario egipcio al sitio de noticias <em>Ynet<\/em>, avis\u00f3 hace 10 d\u00edas a <strong>Netanyahu<\/strong> sobre el ataque sorpresa de <strong>Hamas<\/strong>.<\/span><\/p>\n<p>&nbsp;<\/p>\n<p style=\"text-align: center;\"><strong><span style=\"font-size: 14pt; color: #008000;\">La opini\u00f3n p\u00fablica israel\u00ed estar\u00eda ya haciendo responsable a Netanyahu del estrepitoso fallo de seguridad israel\u00ed al menospreciar la advertencia del <em>director de Inteligencia de Egipto<\/em>, el <em>general <\/em>Abbas Kamel que, seg\u00fan revel\u00f3 una fuente cercana al funcionario egipcio al sitio de noticias <em>Ynet<\/em>, avis\u00f3 hace 10 d\u00edas a Netanyahu sobre el ataque sorpresa de Hamas.<\/span><\/strong><\/p>\n<p>&nbsp;<\/p>\n<p style=\"text-align: justify;\"><span style=\"font-size: 14pt;\">Si bien la oficina de <strong>Netanyahu<\/strong> neg\u00f3 esa versi\u00f3n y aclar\u00f3 que el primer ministro no se re\u00fane con <strong>Kamel<\/strong> \u00ab<em>desde la formaci\u00f3n de gobierno<\/em>\u00bb, la desmentida no ha logrado disipar las sospechas de la ciudadan\u00eda israel\u00ed respecto a la responsabilidad del Gobierno de <strong>Netanyahu<\/strong> en las consecuencias de esos ataques, por lo que no ser\u00eda improbable el inicio de un proceso penal contra <strong>Netanyahu<\/strong> \u2014que ven\u00eda severamente cuestionado por hechos de corrupci\u00f3n pol\u00edtica\u2014, el <em>ministro de Defensa<\/em> y el <em>director del <\/em><strong>Mosad<\/strong>. <strong>\u00bfFue este ataque de Hamas una situaci\u00f3n no prevista por sus servicios de inteligencia? Casi nadie cree que el Mosad, uno de los servicios de inteligencia m\u00e1s temido y eficaz del mundo, no haya previsto ese ataque<\/strong>.<\/span><\/p>\n<p style=\"text-align: justify;\"><span style=\"font-size: 14pt;\"><strong>Si como algunos periodistas israel\u00edes sospechan, fue un \u00ab<em>ataque de falsa bandera<\/em>\u00bb planificado por los propios servicios de inteligencia, <\/strong><strong>Israel no puede desligarse de la responsabilidad de los cientos de muertos civiles tanto jud\u00edos como palestinos<\/strong>. El tiempo dir\u00e1 si esta sospecha tiene fundamento, pero de lo que no cabe duda es que <strong>Hamas<\/strong> es un engendro de Israel, el \u00ab<strong><em>G\u00f3lem del Mosad<\/em><\/strong>\u00bb. Y esa criatura fue amamantada y mimada, desde un principio, por el <strong>Mosad<\/strong> israel\u00ed al tiempo que financiado por los sucesivos Gobiernos israel\u00edes. Cuando en 1987, se cre\u00f3 <strong>Hamas<\/strong> como fuerza disidente de la <strong>OLP<\/strong>, los servicios de inteligencia israel\u00edes y el propio gobierno israel\u00ed vieron a <strong>Hamas<\/strong> como una suerte de G\u00f3lem, esto es, un salvador de la comunidad jud\u00eda, pero luego, al igual que la criatura de la leyenda, <strong>Hamas<\/strong> escap\u00f3 de las manos de su creador y se volvi\u00f3 un problema.<\/span><\/p>\n<\/blockquote>\n<p style=\"text-align: justify;\">\u00a0<\/p>\n<figure id=\"attachment_2289937\" aria-describedby=\"caption-attachment-2289937\" style=\"width: 260px\" class=\"wp-caption aligncenter\"><a href=\"https:\/\/www.lavanguardia.com\/opinion\/20231021\/9315143\/delenda-est-hamas.html\" target=\"_blank\" rel=\"noopener\"><img loading=\"lazy\" decoding=\"async\" class=\"wp-image-2289937\" src=\"https:\/\/puntocritico.com\/ausajpuntocritico\/wp-content\/uploads\/2023\/10\/Delenda-est-Hamas-223x300.jpeg\" alt=\"\" width=\"260\" height=\"350\" data-id=\"2289937\" srcset=\"https:\/\/puntocritico.com\/ausajpuntocritico\/wp-content\/uploads\/2023\/10\/Delenda-est-Hamas-223x300.jpeg 223w, https:\/\/puntocritico.com\/ausajpuntocritico\/wp-content\/uploads\/2023\/10\/Delenda-est-Hamas.jpeg 449w\" sizes=\"auto, (max-width: 260px) 100vw, 260px\" \/><\/a><figcaption id=\"caption-attachment-2289937\" class=\"wp-caption-text\"><a href=\"https:\/\/www.lavanguardia.com\/opinion\/20231021\/9315143\/delenda-est-hamas.html\" target=\"_blank\" rel=\"noopener\"><span style=\"color: #008000;\">Delenda est Hamas<\/span><\/a><\/figcaption><\/figure>\n<p style=\"text-align: center;\"><strong><span style=\"color: #008000; font-size: 18pt;\">*******<\/span><\/strong><\/p>\n<blockquote>\n<h2 style=\"text-align: center;\"><span style=\"font-size: 24pt;\">Golem, El Coloso De Barro (fragmento)<\/span><\/h2>\n<p style=\"text-align: justify;\"><a href=\"https:\/\/es.wikipedia.org\/wiki\/Isaac_Bashevis_Singer\" target=\"_blank\" rel=\"noopener\" data-schema-attribute=\"\"><span style=\"font-size: 14pt;\">Isaac Bashevis\u00a0Singer<\/span><\/a><\/p>\n<p><img loading=\"lazy\" decoding=\"async\" class=\"aligncenter wp-image-2289726\" src=\"https:\/\/puntocritico.com\/ausajpuntocritico\/wp-content\/uploads\/2023\/10\/El-Golem-2-300x243.jpg\" alt=\"\" width=\"440\" height=\"357\" data-id=\"2289726\" srcset=\"https:\/\/puntocritico.com\/ausajpuntocritico\/wp-content\/uploads\/2023\/10\/El-Golem-2-300x243.jpg 300w, https:\/\/puntocritico.com\/ausajpuntocritico\/wp-content\/uploads\/2023\/10\/El-Golem-2-1024x830.jpg 1024w, https:\/\/puntocritico.com\/ausajpuntocritico\/wp-content\/uploads\/2023\/10\/El-Golem-2-768x623.jpg 768w, https:\/\/puntocritico.com\/ausajpuntocritico\/wp-content\/uploads\/2023\/10\/El-Golem-2.jpg 1068w\" sizes=\"auto, (max-width: 440px) 100vw, 440px\" \/><\/p>\n<p>&nbsp;<\/p>\n<p style=\"text-align: justify;\"><span style=\"font-size: 14pt;\">Casi todo el mundo sabia que esa acusaci\u00f3n era falsa, que la religi\u00f3n judaica prohib\u00eda comer sangre de animales, cuanto mas sangre humana. Pero cada pocos anos se repet\u00eda la misma denuncia. Cada vez que un ni\u00f1o cristiano desaparec\u00eda, los enemigos de los jud\u00edos proclamaban inmediatamente que estos le hab\u00edan asesinado para hacer \u00ab<em>matzot<\/em>\u00bb con su sangre. Nunca faltaban falsos testigos. Se ejecutaba a hombres inocentes, y mas de una vez sucedi\u00f3 que el ni\u00f1o perdido fuera encontrado despu\u00e9s, vivo y sano. <\/span><\/p>\n<p style=\"text-align: justify;\"><span style=\"font-size: 14pt;\"><strong>Rabi <\/strong><strong>Leib<\/strong>, gran conocedor del <em>Talmud<\/em>, era experto en m\u00edstica y magia. Se afirmaba que ten\u00eda el don de curar a los enfermos conjurando a las fuerzas sobrenaturales y utilizando diversos camafeos y talismanes. Cuando un miembro inocente de su comunidad era encarcelado, <em>rabi <\/em><strong>Leib<\/strong> se apresuraba a demostrar su inocencia. Muchos cre\u00edan que <em>rabi <\/em><strong>Leib<\/strong> pod\u00eda invocar la ayuda de \u00e1ngeles, y hasta de demonios y trasgos, si su comunidad corr\u00eda grave peligro. <\/span><\/p>\n<p style=\"text-align: justify;\"><span style=\"font-size: 14pt;\">Viv\u00eda en <em>Praga<\/em> un gentilhombre, el conde <strong>Jan Bratislavski<\/strong>, que hab\u00eda sido inmensamente rico, con muchas tierras y centenares de siervos; pero hab\u00eda perdido su fortuna por darse al juego y a la bebida, y en guerras particulares con otros terratenientes. Su esposa se sent\u00eda tan deshonrada por la mala conducta del conde que cayo enferma y muri\u00f3. Le dejo una hija de corta edad, <strong>Hanka<\/strong>. <\/span><\/p>\n<p style=\"text-align: justify;\"><span style=\"font-size: 14pt;\">Por entonces viv\u00eda tambi\u00e9n en <em>Praga<\/em> un jud\u00edo llamado <strong>Reb Eliezer Polner<\/strong>. Era un hombre muy capaz y diligente para los negocios, y aunque viv\u00eda en el barrio jud\u00edo hab\u00eda llegado a ser un banquero famoso, no solo en <em>Praga<\/em> sino en toda <em>Europa<\/em>. <strong>Reb Eliezer<\/strong> era conocido tambi\u00e9n por su caridad, que ejercitaba lo mismo con jud\u00edos que con cristianos. Contaba cerca de sesenta a\u00f1os, y tenia la barba blanca como la nieve. Todos los d\u00edas de la semana llevaba un sombrero de piel de marta y una t\u00fanica larga de seda, ce\u00f1ida con una ancha faja. <\/span><\/p>\n<p style=\"text-align: justify;\"><span style=\"font-size: 14pt;\"><strong>Reb Eliezer<\/strong> tenia una casa grande, hijos e hijas casados y un mont\u00f3n de nietos. Era un hombre estudioso, a su manera; todos los d\u00edas se levantaba con el alba y se pon\u00eda a rezar y a estudiar la <em>Biblia<\/em> y el <em>Talmud<\/em> hasta la hora del mediod\u00eda. Entonces iba al banco a atender sus negocios. Su esposa, <strong>Sheindel<\/strong>, proced\u00eda de una familia distinguida y era tan piadosa y caritativa como su marido. Diariamente visitaba el asilo, llevando pan y sopa caliente para los pobres y los enfermos. <\/span><\/p>\n<p style=\"text-align: justify;\"><span style=\"font-size: 14pt;\">Como el <em>conde <\/em><strong>Bratislavski<\/strong> estaba siempre necesitado de dinero, tuvo que vender casi todos sus campos y bosques, y tambi\u00e9n sus siervos, que en aquella \u00e9poca a finales del siglo diecis\u00e9is, se compraban y vend\u00edan como si fueran ganado. El <em>conde<\/em> deb\u00eda mucho dinero al banco de <strong>Reb Eliezer<\/strong>, y llego un momento en que <strong>Reb Eliezer<\/strong> tuvo que negarse a hacerle nuevos prestamos.<\/span><\/p>\n<p style=\"text-align: justify;\"><span style=\"font-size: 14pt;\"> Aquel a\u00f1o, en el mes de marzo, que mas o menos coincid\u00eda con el mes jud\u00edo de <em>Nisan<\/em>, el <em>conde<\/em> hab\u00eda estado jugando a las cartas con un grupo de jugadores ricos durante todos los d\u00edas de la semana, y hasta altas horas de la noche. Hab\u00eda perdido todos los ducados de oro que tenia en la bolsa. Estaba ansioso por recuperar su dinero, y empez\u00f3 a jugar al fiado, firmando un papel donde dec\u00eda que reembolsar\u00eda en tres d\u00edas cualquier deuda que pudiera contraer. Entre aquellos jugadores se consideraba que romper una promesa de ese tipo era un grav\u00edsimo deshonor. Mas de una vez hab\u00eda sucedido que un jugador que no pod\u00eda pagar su deuda se hab\u00eda matado de un pistoletazo. <\/span><\/p>\n<p style=\"text-align: justify;\"><span style=\"font-size: 14pt;\">Despu\u00e9s de firmar aquel papel, el <em>conde <\/em><strong>Bratislavski<\/strong> sigui\u00f3 jugando con gran apasionamiento, y todo el rato bebiendo vino y fumando tabaco. Cuando acabo la partida, el <em>conde<\/em> hab\u00eda perdido setenta y cinco mil ducados. Estaba tan bebido que no sabia lo que hab\u00eda hecho. Volvi\u00f3 a su castillo y paso muchas horas durmiendo. Hasta que despert\u00f3 no se dio cuenta de lo que hab\u00eda pasado. No pose\u00eda ni setenta y cinco ducados. Todas sus propiedades hab\u00edan sido vendidas o hipotecadas. <\/span><\/p>\n<p style=\"text-align: justify;\"><span style=\"font-size: 14pt;\">Al morir <strong>Helena<\/strong>, la esposa del conde, hab\u00eda dejado a su hijita <strong>Hanka<\/strong> una gran cantidad de joyas, que val\u00edan mas de un mill\u00f3n de ducados. Esta herencia estaba bajo custodia del tribunal, porque no se pod\u00eda confiar en que el <em>conde <\/em><strong>Bratislavski<\/strong> conservara cosas de tanto valor. Seg\u00fan el testamento de su madre, <strong>Hanka<\/strong> deb\u00eda heredar las joyas al cumplir los dieciocho anos. <\/span><\/p>\n<p style=\"text-align: justify;\"><span style=\"font-size: 14pt;\">Cuando a <strong>Bratislavski<\/strong> se le despejo el entendimiento, cayo en una profunda desesperaci\u00f3n. Amaba demasiado la vida como para suicidarse. Aunque sabia que <strong>Reb Eliezer<\/strong> ya no le pod\u00eda dar mas cr\u00e9dito, ordeno al cochero que aparejase el coche y le llevara a la juder\u00eda, al banco de <strong>Reb Eliezer<\/strong>. Cuando el conde nombro la suma que quer\u00eda tomar prestada, <strong>Reb Eliezer<\/strong> dijo: <\/span><\/p>\n<p style=\"text-align: justify;\"><span style=\"font-size: 14pt;\">&#8211; Excelencia, sab\u00e9is muy bien que nunca podr\u00edais devolver esa cantidad. <\/span><\/p>\n<p style=\"text-align: justify;\"><span style=\"font-size: 14pt;\">&#8211; \u00a1Necesito ese dinero! -vocifero <strong>Bratislavski<\/strong>. <\/span><\/p>\n<p style=\"text-align: justify;\"><span style=\"font-size: 14pt;\">-Lo lamento, pero no lo sacareis de mi banco, -respondi\u00f3 serenamente Reb Eliezer. <\/span><\/p>\n<p style=\"text-align: justify;\"><span style=\"font-size: 14pt;\">-\u00a1Maldito jud\u00edo! \u00a1Lo sacare de donde sea! -grito el conde lleno de rabia-. Y tu pagaras cara tu insolencia al negarle un pr\u00e9stamo al gran conde <strong>Bratislavski<\/strong>. As\u00ed diciendo, el conde escupi\u00f3 a la cara de Reb Eliezer. <\/span><\/p>\n<p style=\"text-align: justify;\"><span style=\"font-size: 14pt;\"><strong>Reb Eliezer<\/strong> se limpio humildemente con el pa\u00f1uelo y dijo: <\/span><\/p>\n<p style=\"text-align: justify;\"><span style=\"font-size: 14pt;\">-Perdonadme, conde, pero fue una insensatez apostar cantidades tan altas y firmar compromisos que no pod\u00e9is cumplir. <\/span><\/p>\n<p style=\"text-align: justify;\"><span style=\"font-size: 14pt;\">-Ten por seguro que conseguir\u00e9 el dinero, mientras que tu te pudrir\u00e1s en la c\u00e1rcel y acabaras ahorcado. Acu\u00e9rdate de lo que te digo. <\/span><\/p>\n<p style=\"text-align: justify;\"><span style=\"font-size: 14pt;\">-La vida y la muerte est\u00e1n en manos de Dios, -dijo <strong>Reb Eliezer<\/strong>-. Si estoy destinado a morir, aceptare el mandato de Dios con humildad. <\/span><\/p>\n<p style=\"text-align: justify;\"><span style=\"font-size: 14pt;\">El conde <strong>Bratislavski<\/strong> volvi\u00f3 a su castillo y se puso a pensar en la manera de salir de su dilema. Estaba \u00e1vido de dos cosas: de dinero para cubrir sus deudas, y de venganza sobre el jud\u00edo. En seguida ideo un plan diab\u00f3lico. <\/span><\/p>\n<p style=\"text-align: justify;\"><span style=\"font-size: 14pt;\">Como faltaban solo dos semanas para la <em>Pascua<\/em>, los jud\u00edos de <em>Praga<\/em> estaban ya cociendo las \u00ab<em>matzot<\/em>\u00bb.\u00a0<\/span><span style=\"font-size: 14pt;\">El invierno hab\u00eda sido mas frio de lo normal, pero el mes de <em>Nisan<\/em> trajo las brisas c\u00e1lidas de la primavera. <strong>Reb Eliezer<\/strong> tenia la costumbre de estudiar la <em>Mishna<\/em>, el c\u00f3digo de leyes de los jud\u00edos, por las noches, antes de acostarse. Aquel d\u00eda hab\u00eda escogido la parte que conten\u00eda las leyes sobre como hab\u00eda que cocer las \u00ab<em>matzot<\/em>\u00bb, preparar el \u00ab<em>seder<\/em>\u00bb, recitar la <em>Hagada<\/em> y beber las cuatro copas de vino santificado. Aunque hab\u00edan transcurrido mas de tres mil a\u00f1os desde el <em>\u00e9xodo<\/em> de Egipto, los jud\u00edos de todo el mundo no hab\u00edan olvidado nunca que hab\u00edan sido esclavos del <em>Fara\u00f3n<\/em>, el rey de los egipcios, y que Dios les hab\u00eda dado la libertad. <\/span><\/p>\n<p style=\"text-align: justify;\"><span style=\"font-size: 14pt;\">De repente <strong>Reb Eliezer<\/strong> oy\u00f3 fuertes pisadas, y luego unos golpes brutales en la puerta. Las criadas y los criados estaban durmiendo. <strong>Reb Eliezer<\/strong> fue a abrir, y se encontr\u00f3 con un grupo de soldados que ten\u00edan las espadas desenvainadas. El cabo que los mandaba pregunto: <\/span><\/p>\n<p style=\"text-align: justify;\"><span style=\"font-size: 14pt;\">-\u00bfEres tu el jud\u00edo <strong>Eliezer Polner<\/strong>? <\/span><\/p>\n<p style=\"text-align: justify;\"><span style=\"font-size: 14pt;\">-Si, yo soy. <\/span><\/p>\n<p style=\"text-align: justify;\"><span style=\"font-size: 14pt;\">-Encadenadle y llev\u00e1osle, -dijo el cabo. <\/span><\/p>\n<p style=\"text-align: justify;\"><span style=\"font-size: 14pt;\">-\u00bfPor que? \u00bfQu\u00e9 mal he hecho? -pregunto <strong>Reb Eliezer<\/strong>, perplejo. <\/span><\/p>\n<p style=\"text-align: justify;\"><span style=\"font-size: 14pt;\">-Eso te lo dir\u00e1n mas tarde. Ahora v\u00e1monos. <\/span><\/p>\n<p style=\"text-align: justify;\"><span style=\"font-size: 14pt;\"><strong>Reb <\/strong><strong>Eliezer<\/strong> paso aquella noche en la c\u00e1rcel. A la ma\u00f1ana siguiente le llevaron a la c\u00e1mara de investigaci\u00f3n. Era a donde llevaban a los delincuentes mas peligrosos. <strong>Reb Eliezer<\/strong> vio que estaban all\u00ed el <em>conde <\/em><strong>Bratislavski<\/strong> y otras personas, entre ellas un hombre que parec\u00eda borracho y una mujer que tenia la cara llena de verrugas y torc\u00eda los ojos. El investigador dijo:<\/span><\/p>\n<p style=\"text-align: justify;\"><span style=\"font-size: 14pt;\"> -Jud\u00edo, se te acusa de haber entrado en la casa de nuestro noble <em>conde <\/em><strong>Bratislavski<\/strong> y haber secuestrado por la fuerza a su hijita <strong>Hanka<\/strong>, con el prop\u00f3sito de asesinarla y poner su sangre en las \u00ab<em>matzot<\/em>\u00bb. <strong>Reb Eliezer<\/strong> palideci\u00f3. <\/span><\/p>\n<p style=\"text-align: justify;\"><span style=\"font-size: 14pt;\">-Nunca he tenido el privilegio de visitar el castillo del <em>conde<\/em>, -dijo, con un nudo en la garganta-. Paso todas las noches en mi casa. Mi esposa, mis hijos, mis yernos, mis nueras y todos mis sirvientes pueden atestiguar que digo la verdad. <\/span><\/p>\n<p style=\"text-align: justify;\"><span style=\"font-size: 14pt;\">-Todos esos son jud\u00edos, -dijo el investigador-. Pero hay dos testigos cristianos que te vieron entrar en el castillo del conde y llevarte a su hija en un saco. <\/span><\/p>\n<p style=\"text-align: justify;\"><span style=\"font-size: 14pt;\">-\u00bfTestigos? \u00bfQu\u00e9 testigos? <\/span><\/p>\n<p style=\"text-align: justify;\"><span style=\"font-size: 14pt;\">-Aqu\u00ed est\u00e1n los testigos. <\/span><\/p>\n<p style=\"text-align: justify;\"><span style=\"font-size: 14pt;\">-El investigador se\u00f1al\u00f3 al hombre borracho y a la mujer de las verrugas-. Decid lo que hab\u00e9is visto. Tu, <strong>Stefan<\/strong>, habla primero. <\/span><\/p>\n<p style=\"text-align: justify;\"><span style=\"font-size: 14pt;\"><strong>Stefan<\/strong> parec\u00eda estar idiotizado por la bebida, aunque era todav\u00eda de ma\u00f1ana. Dio unos pasos arrastrando los pies y balbuci\u00f3: -Ayer por la noche, quiero decir anteayer, no, hace tres d\u00edas, o\u00ed ruido en la habitaci\u00f3n de <strong>Hanka<\/strong>. Encend\u00ed una vela y me asome. All\u00ed estaba este jud\u00edo con un cuchillo en una mano y un saco en la otra. Meti\u00f3 a <strong>Hanka<\/strong> en el saco y se march\u00f3. Le o\u00ed que murmuraba para s\u00ed: \u00ab<em>Su sangre ardiente es justo lo que nos hace falta para las \u00abmatzot\u00bb<\/em>\u00bb. <\/span><\/p>\n<p style=\"text-align: justify;\"><span style=\"font-size: 14pt;\">-\u00bfComo pudiste permitir que me llevara a la hija del conde sin defenderla y sin levantar a todos los del castillo? -pregunto <strong>Reb Eliezer<\/strong> con voz entrecortada-. Eres mas joven y mas fuerte que yo. <\/span><\/p>\n<p style=\"text-align: justify;\"><span style=\"font-size: 14pt;\"><strong>Stefan<\/strong> se quedo con la boca abierta y la lengua fuera. Sus ojos saltones daban vueltas. Los pies le flaquearon, y se sujeto a la pared. <\/span><\/p>\n<p style=\"text-align: justify;\"><span style=\"font-size: 14pt;\">-Tu, jud\u00edo, me amenazaste con el cuchillo. <\/span><\/p>\n<p style=\"text-align: justify;\"><span style=\"font-size: 14pt;\">-Se\u00f1or\u00eda, \u00bfno veis que todo es una mentira descarada? -dijo <strong>Reb Eliezer<\/strong>-. En primer lugar, los jud\u00edos no usamos sangre para nada. En segundo lugar, la ley mosaica dice que en la preparaci\u00f3n de las \u00ab<em>matzot<\/em>\u00bb solo se puede emplear harina y agua. Y adem\u00e1s, \u00bfque razones iba a tener yo, un hombre de sesenta a\u00f1os, banquero, jefe de la comunidad, para cometer semejante abominaci\u00f3n? Hasta en la locura tiene que haber alguna l\u00f3gica. <\/span><\/p>\n<p style=\"text-align: justify;\"><span style=\"font-size: 14pt;\">&#8211;<strong>Barbara<\/strong> estaba all\u00ed y lo vio tambi\u00e9n, -dijo <strong>Stefan<\/strong>. <\/span><\/p>\n<p style=\"text-align: justify;\"><span style=\"font-size: 14pt;\">-\u00bfQue viste tu, <strong>Barbara<\/strong>? -pregun<\/span><span style=\"font-size: 14pt;\">t\u00f3 el investigador. <\/span><\/p>\n<p style=\"text-align: justify;\"><span style=\"font-size: 14pt;\">La mujer torci\u00f3 los ojos. <\/span><\/p>\n<p style=\"text-align: justify;\"><span style=\"font-size: 14pt;\">-Vi al jud\u00edo. Abr\u00ed la puerta y vi como met\u00eda a <strong>Hanka<\/strong> en el saco. <\/span><\/p>\n<p style=\"text-align: justify;\"><span style=\"font-size: 14pt;\">-\u00bfY no pediste ayuda? -pregunto <strong>Reb Eliezer<\/strong>. <\/span><\/p>\n<p style=\"text-align: justify;\"><span style=\"font-size: 14pt;\">-A mi tambi\u00e9n me daba miedo tu cuchillo.\u00a0<\/span><\/p>\n<p style=\"text-align: justify;\"><span style=\"font-size: 14pt;\">(&#8230;)<\/span><\/p>\n<\/blockquote>\n<p>&nbsp;<\/p>\n<p><a href=\"https:\/\/books.google.es\/books\/about\/G%C3%B3lem.html?id=g2HzygAACAAJ&amp;redir_esc=y\" target=\"_blank\" rel=\"noopener\"><img loading=\"lazy\" decoding=\"async\" class=\"aligncenter wp-image-2289727\" src=\"https:\/\/puntocritico.com\/ausajpuntocritico\/wp-content\/uploads\/2023\/10\/el-golem-der-golem-wie-er-in-die-welt-kam-1920-de-paul-wegener-y-carl-boese-5-300x225.webp\" alt=\"\" width=\"400\" height=\"301\" data-id=\"2289727\" srcset=\"https:\/\/puntocritico.com\/ausajpuntocritico\/wp-content\/uploads\/2023\/10\/el-golem-der-golem-wie-er-in-die-welt-kam-1920-de-paul-wegener-y-carl-boese-5-300x225.webp 300w, https:\/\/puntocritico.com\/ausajpuntocritico\/wp-content\/uploads\/2023\/10\/el-golem-der-golem-wie-er-in-die-welt-kam-1920-de-paul-wegener-y-carl-boese-5-768x577.webp 768w, https:\/\/puntocritico.com\/ausajpuntocritico\/wp-content\/uploads\/2023\/10\/el-golem-der-golem-wie-er-in-die-welt-kam-1920-de-paul-wegener-y-carl-boese-5-678x509.webp 678w, https:\/\/puntocritico.com\/ausajpuntocritico\/wp-content\/uploads\/2023\/10\/el-golem-der-golem-wie-er-in-die-welt-kam-1920-de-paul-wegener-y-carl-boese-5-326x245.webp 326w, https:\/\/puntocritico.com\/ausajpuntocritico\/wp-content\/uploads\/2023\/10\/el-golem-der-golem-wie-er-in-die-welt-kam-1920-de-paul-wegener-y-carl-boese-5-80x60.webp 80w, https:\/\/puntocritico.com\/ausajpuntocritico\/wp-content\/uploads\/2023\/10\/el-golem-der-golem-wie-er-in-die-welt-kam-1920-de-paul-wegener-y-carl-boese-5.webp 809w\" sizes=\"auto, (max-width: 400px) 100vw, 400px\" \/><\/a><\/p>\n<p style=\"text-align: center;\"><span style=\"font-size: 18pt; color: #008000;\"><strong>*******<\/strong><\/span><\/p>\n<div id=\"title\" class=\"style-scope ytd-watch-metadata\">\n<h2 class=\"style-scope ytd-watch-metadata\" style=\"text-align: center;\"><span style=\"font-size: 24pt;\">El Golem, pel\u00edcula de P. Wegner (1.920)<\/span><\/h2>\n<\/div>\n<div class=\"item style-scope ytd-watch-metadata\">\u00a0<\/div>\n<div>\u00a0<\/div>\n<div style=\"padding: 81.36% 0 0 0; position: relative;\"><iframe loading=\"lazy\" style=\"position: absolute; top: 0; left: 0; width: 100%; height: 100%;\" title=\"El Golem 1920 -Cine Mudo- (Subtitulada en Espa\u00f1ol)\" src=\"\/\/player.vimeo.com\/video\/875849597?title=0&amp;amp;byline=0\" width=\"425\" height=\"350\" frameborder=\"0\" data-mce-fragment=\"1\"><\/iframe><\/div>\n<p><script src=\"https:\/\/player.vimeo.com\/api\/player.js\"><\/script><\/p>\n<p>&nbsp;<\/p>\n<blockquote>\n<p style=\"text-align: center;\"><span style=\"font-size: 14pt;\">Cl\u00e1sico del cine mudo alem\u00e1n que cuenta la leyenda de una estatua: el Golem. En el siglo XVI, en el gueto de Praga, viv\u00eda el Rabino L\u00f6w, mago y maestro en el arte de la nigromancia. Para evitar la expulsi\u00f3n de los jud\u00edos, ordenada por el emperador Rodolfo II, model\u00f3 la figura de arcilla del Golem e invoc\u00f3 al esp\u00edritu de Astaharot para que le otorgar\u00e1 la vida. Sin embargo, cuando los jud\u00edos consiguen quedarse en la ciudad, y el Golem salva la vida del emperador, el rabino trata de invalidar su conjuro y quitarle la vida porque ya ha realizado su cometido. Pero cuando un sirviente, cegado de amor, se la devuelve, la figura de arcilla escapa de la influencia humana y se convierte en una amenaza. Esta obra maestra del expresionismo, claro precedente del mito de Frankenstein es, seguramente, la primera gran pel\u00edcula sobre monstruos de la historia del cine, porque <strong>otras dos versiones, tambi\u00e9n de Paul Wegener con el Golem como protagonista, desgraciadamente se han perdido para siempre<\/strong>.<\/span><\/p>\n<\/blockquote>\n<p>&nbsp;<\/p>\n<p><img loading=\"lazy\" decoding=\"async\" class=\"aligncenter wp-image-2289754\" src=\"https:\/\/puntocritico.com\/ausajpuntocritico\/wp-content\/uploads\/2023\/10\/der_golem_wie_er_in_die_welt_kam-648207422-mmed-199x300.jpg\" alt=\"\" width=\"260\" height=\"393\" data-id=\"2289754\" srcset=\"https:\/\/puntocritico.com\/ausajpuntocritico\/wp-content\/uploads\/2023\/10\/der_golem_wie_er_in_die_welt_kam-648207422-mmed-199x300.jpg 199w, https:\/\/puntocritico.com\/ausajpuntocritico\/wp-content\/uploads\/2023\/10\/der_golem_wie_er_in_die_welt_kam-648207422-mmed.jpg 298w\" sizes=\"auto, (max-width: 260px) 100vw, 260px\" \/><\/p>\n<p style=\"text-align: center;\"><span style=\"font-size: 18pt;\"><strong><span style=\"color: #008000;\">*******<\/span><\/strong><\/span><\/p>\n<h2 class=\"article-title\" style=\"text-align: center;\"><span style=\"font-size: 24pt;\">EL GOL\u00c9M: un hombre de barro para salvar a los jud\u00edos<\/span><\/h2>\n<p class=\"article-subtitle\" style=\"text-align: center;\"><em><strong><span style=\"font-size: 14pt;\">Seg\u00fan una leyenda, en el siglo XVI un rabino de Praga cre\u00f3 un hombre de barro, el g\u00f3lem, para salvar a la comunidad jud\u00eda de la ciudad<\/span><\/strong><\/em><\/p>\n<p style=\"text-align: justify;\"><span style=\"font-size: 14pt;\">Por <a class=\"lnk-author no-clickable \">Javier Alonso L\u00f3pez<\/a><\/span><\/p>\n<p style=\"text-align: justify;\"><span style=\"font-size: 14pt;\"><a href=\"https:\/\/historia.nationalgeographic.com.es\/a\/golem-hombre-barro-para-salvar-a-judios_14269\" target=\"_blank\" rel=\"noopener\">National Geographic<\/a>, 9 JUNIO 2023<\/span><\/p>\n<figure id=\"attachment_2289711\" aria-describedby=\"caption-attachment-2289711\" style=\"width: 555px\" class=\"wp-caption aligncenter\"><img loading=\"lazy\" decoding=\"async\" class=\"wp-image-2289711\" src=\"https:\/\/puntocritico.com\/ausajpuntocritico\/wp-content\/uploads\/2023\/10\/vista-panoramica-de-la-ciudad-de-praga-uno-de-los-lugares-donde-surgio-la-leyenda-del-golem_e4a52c46_230609115905_1280x853-300x200.jpg\" alt=\"EL GOL\u00c9M\" width=\"555\" height=\"370\" data-id=\"2289711\" srcset=\"https:\/\/puntocritico.com\/ausajpuntocritico\/wp-content\/uploads\/2023\/10\/vista-panoramica-de-la-ciudad-de-praga-uno-de-los-lugares-donde-surgio-la-leyenda-del-golem_e4a52c46_230609115905_1280x853-300x200.jpg 300w, https:\/\/puntocritico.com\/ausajpuntocritico\/wp-content\/uploads\/2023\/10\/vista-panoramica-de-la-ciudad-de-praga-uno-de-los-lugares-donde-surgio-la-leyenda-del-golem_e4a52c46_230609115905_1280x853-1024x682.jpg 1024w, https:\/\/puntocritico.com\/ausajpuntocritico\/wp-content\/uploads\/2023\/10\/vista-panoramica-de-la-ciudad-de-praga-uno-de-los-lugares-donde-surgio-la-leyenda-del-golem_e4a52c46_230609115905_1280x853-768x512.jpg 768w, https:\/\/puntocritico.com\/ausajpuntocritico\/wp-content\/uploads\/2023\/10\/vista-panoramica-de-la-ciudad-de-praga-uno-de-los-lugares-donde-surgio-la-leyenda-del-golem_e4a52c46_230609115905_1280x853.jpg 1280w\" sizes=\"auto, (max-width: 555px) 100vw, 555px\" \/><figcaption id=\"caption-attachment-2289711\" class=\"wp-caption-text\"><span style=\"color: #008000;\">Vista panor\u00e1mica de la ciudad de Praga, uno de los lugares donde surgi\u00f3 la leyenda del g\u00f3lem.<\/span><\/figcaption><\/figure>\n<p>&nbsp;<\/p>\n<p style=\"text-align: justify;\"><span style=\"font-size: 14pt;\">En el siglo XIX, diversos autores recogieron una curiosa historia que se remontaba al tiempo en que el emperador Rodolfo II (1572-1612) instal\u00f3 su corte en la ciudad de Praga. Se contaba, en efecto, que<strong>\u00a0tras la desaparici\u00f3n de un ni\u00f1o cristiano la poblaci\u00f3n acus\u00f3 a los jud\u00edos\u00a0<\/strong>que viv\u00edan en la capital checa de haberlo secuestrado para asesinarlo y utilizar su sangre en los sacrificios que realizaban durante la Pascua. Se trataba de una acusaci\u00f3n falsa, t\u00edpica de los \u00ablibelos de sangre\u00bb que sufrieron los jud\u00edos desde la Edad Media. Rodolfo II no pudo sino condenar al destierro a todos los jud\u00edos de la ciudad, o incluso matarlos, seg\u00fan algunas versiones de la historia.<\/span><\/p>\n<p style=\"text-align: justify;\"><span style=\"font-size: 14pt;\">As\u00ed, ante la amenaza que se cern\u00eda sobre los jud\u00edos, un dirigente de su comunidad,\u00a0<strong>Jud\u00e1 Lev\u00ed ben Betzalel, conocido como Rabb\u00ed L\u00f6w, decidi\u00f3 intervenir<\/strong>. El rabino hab\u00eda tenido un sue\u00f1o en el que se le ordenaba construir un ser artificial conocido en la tradici\u00f3n jud\u00eda con el nombre de g\u00f3lem.<\/span><\/p>\n<p>&nbsp;<\/p>\n<figure id=\"attachment_2289712\" aria-describedby=\"caption-attachment-2289712\" style=\"width: 440px\" class=\"wp-caption aligncenter\"><img loading=\"lazy\" decoding=\"async\" class=\"wp-image-2289712\" src=\"https:\/\/puntocritico.com\/ausajpuntocritico\/wp-content\/uploads\/2023\/10\/fotograma-de-la-pelicula-el-golem-de-1920-con-los-actores-albert-steinruck-y-paul-wegener_59aa6807_230609120054_800x654-300x245.jpg\" alt=\"\" width=\"440\" height=\"360\" data-id=\"2289712\" srcset=\"https:\/\/puntocritico.com\/ausajpuntocritico\/wp-content\/uploads\/2023\/10\/fotograma-de-la-pelicula-el-golem-de-1920-con-los-actores-albert-steinruck-y-paul-wegener_59aa6807_230609120054_800x654-300x245.jpg 300w, https:\/\/puntocritico.com\/ausajpuntocritico\/wp-content\/uploads\/2023\/10\/fotograma-de-la-pelicula-el-golem-de-1920-con-los-actores-albert-steinruck-y-paul-wegener_59aa6807_230609120054_800x654-768x628.jpg 768w, https:\/\/puntocritico.com\/ausajpuntocritico\/wp-content\/uploads\/2023\/10\/fotograma-de-la-pelicula-el-golem-de-1920-con-los-actores-albert-steinruck-y-paul-wegener_59aa6807_230609120054_800x654.jpg 800w\" sizes=\"auto, (max-width: 440px) 100vw, 440px\" \/><figcaption id=\"caption-attachment-2289712\" class=\"wp-caption-text\"><span style=\"color: #008000;\">Fotograma de la pel\u00edcula El g\u00f3lem, de 1920, con los actores Albert Steinruck y Paul Wegener. <\/span><\/figcaption><\/figure>\n<p>&nbsp;<\/p>\n<h3 style=\"text-align: center;\"><span style=\"font-size: 18pt;\">El hombre de fango<\/span><\/h3>\n<p style=\"text-align: justify;\"><span style=\"font-size: 14pt;\"><strong>Rabb\u00ed L\u00f6w<\/strong> pidi\u00f3 ayuda a dos rabinos amigos y los tres hombres se dirigieron a la orilla del r\u00edo Moldava (en checo,\u00a0<em>Vltava<\/em>). All\u00ed trazaron en el barro la forma de un hombre tumbado y dibujaron su rostro, piernas y brazos. Los dos rabinos amigos de <strong>L\u00f6w<\/strong>\u00a0<strong>rodearon al g\u00f3lem siete veces cada uno\u00a0<\/strong>mientras recitaban ciertos encantamientos, tras lo cual la figura adquiri\u00f3 un tono rojizo, como si estuviera ardiendo. Cuando se enfri\u00f3, el mismo <strong>L\u00f6w<\/strong> lo rode\u00f3 siete veces mientras sosten\u00eda una <em>Tor\u00e1<\/em> en sus manos.<\/span><\/p>\n<p>&nbsp;<\/p>\n<blockquote>\n<p style=\"text-align: center;\"><span style=\"font-size: 14pt;\"><strong><span style=\"color: #008000;\">Los tres rabinos trazaron en el barro la forma de un hombre tumbado y dibujaron su rostro, piernas y brazos.<\/span><\/strong><\/span><\/p>\n<\/blockquote>\n<p>&nbsp;<\/p>\n<aside id=\"rel-ad-content-0\" class=\"ad-inline ad-r4 rendered\">\n<div class=\"creatividad\">\n<div id=\"div-gpt-ad-r4-content-0\" class=\"\" data-appear-top-offset=\"1250\" data-mangiro-top-offset=\"2953.60009765625\" data-google-query-id=\"CMmTudLLh4IDFfM4BgAdnekIDw\" data-mangiro-should-reload=\"true\">\n<div id=\"google_ads_iframe_\/1001866\/HG_2__container__\">\n<p style=\"text-align: justify;\"><span style=\"font-size: 14pt;\">Luego los tres hombres recitaron un vers\u00edculo del <strong>G\u00e9nesis (2,7)<\/strong>: \u00abE<em>ntonces form\u00f3\u00a0Yahv\u00e9 Elohim\u00a0al hombre del polvo del suelo, e insuflando en sus narices aliento de vida, qued\u00f3 constituido el hombre como alma viviente<\/em>\u00ab. Por \u00faltimo,\u00a0<strong>Rabb\u00ed L\u00f6w escribi\u00f3 en la frente del g\u00f3lem la palabra\u00a0<em>emet\u00a0<\/em><\/strong>(<em>verdad, en hebreo<\/em>), y as\u00ed el g\u00f3lem cobr\u00f3 vida.<\/span><\/p>\n<p style=\"text-align: justify;\"><span style=\"font-size: 14pt;\">Encargado por <strong>L\u00f6w<\/strong> de buscar al ni\u00f1o desaparecido, el g\u00f3lem lo encontr\u00f3 y se present\u00f3 con \u00e9l en brazos durante el juicio que se celebraba para condenar a los jud\u00edos.\u00a0<strong>El ni\u00f1o declar\u00f3 que su padre le hab\u00eda obligado a esconderse\u00a0<\/strong>en el s\u00f3tano de su propia casa para provocar la destrucci\u00f3n de los jud\u00edos. Y as\u00ed fue como el g\u00f3lem salv\u00f3 a la comunidad jud\u00eda.<\/span><\/p>\n<\/div>\n<\/div>\n<\/div>\n<\/aside>\n<p style=\"text-align: justify;\"><span style=\"font-size: 14pt;\">Sin embargo, la historia no tiene un final feliz.\u00a0<strong>El g\u00f3lem empez\u00f3 a crecer sin parar y se volvi\u00f3 violento e incontrolable<\/strong>, hasta el punto de que mat\u00f3 a varios <em><strong>gentiles<\/strong><\/em> (<em>es decir, no jud\u00edos<\/em>) y sembr\u00f3 el p\u00e1nico en toda la ciudad. Otras versiones afirman que lleg\u00f3 incluso a matar jud\u00edos. <strong>Rabb\u00ed L\u00f6w<\/strong> hubo de intervenir de nuevo. Tras obtener del emperador la promesa de que no atacar\u00eda a los hebreos, elimin\u00f3 la letra\u00a0<em>aleph<\/em>\u00a0de la palabra<em>\u00a0emet<\/em>\u00a0que el <strong><em>g\u00f3lem<\/em><\/strong> llevaba escrita en su frente, con lo que \u00e9sta pas\u00f3 a significar \u00ab<em>muerte<\/em>\u00ab, en hebreo\u00a0<em>met<\/em>. Tras privarlo as\u00ed de vida, <strong>L\u00f6w<\/strong> escondi\u00f3 al g\u00f3lem en el \u00e1tico de la<em> sinagoga Vieja-Nueva de Praga<\/em>, lo encerr\u00f3 con llave y orden\u00f3 que nadie accediera a aquel lugar.<\/span><\/p>\n<p>&nbsp;<\/p>\n<figure id=\"attachment_2289713\" aria-describedby=\"caption-attachment-2289713\" style=\"width: 440px\" class=\"wp-caption aligncenter\"><img loading=\"lazy\" decoding=\"async\" class=\"wp-image-2289713\" src=\"https:\/\/puntocritico.com\/ausajpuntocritico\/wp-content\/uploads\/2023\/10\/la-sinagoga-vieja-nueva-de-la-ciudad-de-praga_d8bd73ff_230609120226_800x538-300x202.jpg\" alt=\"\" width=\"440\" height=\"296\" data-id=\"2289713\" srcset=\"https:\/\/puntocritico.com\/ausajpuntocritico\/wp-content\/uploads\/2023\/10\/la-sinagoga-vieja-nueva-de-la-ciudad-de-praga_d8bd73ff_230609120226_800x538-300x202.jpg 300w, https:\/\/puntocritico.com\/ausajpuntocritico\/wp-content\/uploads\/2023\/10\/la-sinagoga-vieja-nueva-de-la-ciudad-de-praga_d8bd73ff_230609120226_800x538-768x516.jpg 768w, https:\/\/puntocritico.com\/ausajpuntocritico\/wp-content\/uploads\/2023\/10\/la-sinagoga-vieja-nueva-de-la-ciudad-de-praga_d8bd73ff_230609120226_800x538.jpg 800w\" sizes=\"auto, (max-width: 440px) 100vw, 440px\" \/><figcaption id=\"caption-attachment-2289713\" class=\"wp-caption-text\"><span style=\"color: #008000;\">La sinagoga Vieja-Nueva de la ciudad de Praga.<\/span><\/figcaption><\/figure>\n<p>&nbsp;<\/p>\n<h3 style=\"text-align: center;\"><span style=\"font-size: 18pt;\">Lo que dice la Biblia<\/span><\/h3>\n<p style=\"text-align: justify;\"><span style=\"font-size: 14pt;\">La historia del g\u00f3lem ha fascinado a escritores y cineastas de nuestra \u00e9poca, en parte a causa de sus semejanzas con otros relatos que han cautivado la imaginaci\u00f3n popular, como el del monstruo de Frankestein.\u00a0Sin embargo,\u00a0<strong>en el caso del g\u00f3lem no nos encontramos ante una pura creaci\u00f3n novelesca<\/strong>. El motivo est\u00e1 muy enraizado en la tradici\u00f3n religiosa jud\u00eda; de hecho, se inspira directamente en la Biblia.<\/span><\/p>\n<p style=\"text-align: justify;\"><span style=\"font-size: 14pt;\">En efecto, en el G\u00e9nesis se narra c\u00f3mo Dios cre\u00f3 a Ad\u00e1n a partir de la tierra \u2013el nombre Adam procede de la misma ra\u00edz hebrea que la palabra\u00a0<em>adam\u00e1<\/em>, tierra\u2013 insufl\u00e1ndole el aliento divino que\u00a0<strong>no solo le dio la vida, sino tambi\u00e9n un alma<\/strong>. A partir de este pasaje del G\u00e9nesis, algunos estudiosos jud\u00edos especular\u00edan sobre la posibilidad de una r\u00e9plica humana del proceso de creaci\u00f3n divina, moldeando una figura de barro, el g\u00f3lem, a la que se daba vida mediante una serie de rituales m\u00e1gicos.<\/span><\/p>\n<p>&nbsp;<\/p>\n<blockquote>\n<p style=\"text-align: center;\"><span style=\"font-size: 14pt;\"><strong><span style=\"color: #008000;\">Algunos estudiosos jud\u00edos especular\u00edan sobre la posibilidad de una r\u00e9plica humana del proceso de creaci\u00f3n divina.<\/span><\/strong><\/span><\/p>\n<\/blockquote>\n<p style=\"text-align: justify;\">\u00a0<\/p>\n<p style=\"text-align: justify;\"><span style=\"font-size: 14pt;\">Algunos rabinos interpretaban el g\u00f3lem en un sentido m\u00edstico y pensaban que no era m\u00e1s que una met\u00e1fora sobre el despertar espiritual del ser humano tras su contacto trascendente con Dios. Otros, en cambio, llegaron a pensar que una persona piadosa que poseyera conocimientos especiales pod\u00eda crear un ser humano artificial a partir de materia inorg\u00e1nica. As\u00ed,\u00a0<strong>se discuti\u00f3 la posibilidad de que, durante sus primeras horas de vida, Ad\u00e1n hubiera sido un g\u00f3lem<\/strong>, o que el profeta <strong>Jerem\u00edas<\/strong> hubiera creado uno por sus propios medios.<\/span><\/p>\n<p style=\"text-align: justify;\"><span style=\"font-size: 14pt;\">Durante la Edad Media, la obra cabal\u00edstica\u00a0<strong><em>Sefer Yetzira<\/em><\/strong>\u00a0(<em>El libro de la Creaci\u00f3n<\/em>) se convirti\u00f3 en la principal fuente sobre\u00a0<strong>las f\u00f3rmulas m\u00e1gicas concretas que permit\u00edan dar vida a un g\u00f3lem<\/strong>. Por ejemplo, se aconsejaba que el rabino no lo hiciera en solitario, que utilizara tierra virgen y se purificara previamente.<\/span><\/p>\n<p>&nbsp;<\/p>\n<p><img loading=\"lazy\" decoding=\"async\" class=\"aligncenter size-medium wp-image-2289753\" src=\"https:\/\/puntocritico.com\/ausajpuntocritico\/wp-content\/uploads\/2023\/10\/El_golem-339323326-large-213x300.jpg\" alt=\"\" width=\"213\" height=\"300\" data-id=\"2289753\" srcset=\"https:\/\/puntocritico.com\/ausajpuntocritico\/wp-content\/uploads\/2023\/10\/El_golem-339323326-large-213x300.jpg 213w, https:\/\/puntocritico.com\/ausajpuntocritico\/wp-content\/uploads\/2023\/10\/El_golem-339323326-large.jpg 500w\" sizes=\"auto, (max-width: 213px) 100vw, 213px\" \/><\/p>\n<p>&nbsp;<\/p>\n<h3 style=\"text-align: center;\"><span style=\"font-size: 18pt;\">El Golem llega a Praga<\/span><\/h3>\n<p style=\"text-align: justify;\"><span style=\"font-size: 14pt;\">Las leyendas jud\u00edas transmitidas por el <em>Talmud<\/em> hablan de varios rabinos que crearon un g\u00f3lem, pues cualquier sabio suficientemente pr\u00f3ximo a Dios pod\u00eda hacerlo. El folclore popular jud\u00edo de la Edad Media tambi\u00e9n lo mencionaba. El foco de estas historias termin\u00f3 situ\u00e1ndose en <em>Polonia<\/em>, el pa\u00eds que acog\u00eda una comunidad jud\u00eda m\u00e1s numerosa. En particular,\u00a0<strong>se destacaba la figura de un estudioso y cabalista polaco del siglo XVI llamado Eliyahu de Chelm<\/strong>, de quien se dec\u00eda que cre\u00f3 un g\u00f3lem que \u00ab<em>crec\u00eda cada d\u00eda y lleg\u00f3 a ser m\u00e1s grande que todos los que viv\u00edan en su casa<\/em>\u00ab, de modo que hubo de matarlo quit\u00e1ndole una letra de la frente. En cambio, ning\u00fan testimonio indica que <strong>Rabb\u00ed L\u00f6w<\/strong>, que vivi\u00f3 en <em>Praga<\/em> hacia la misma \u00e9poca y alcanz\u00f3 tambi\u00e9n gran fama y prestigio, se dedicara a crear un <em>g\u00f3lem<\/em>.<\/span><\/p>\n<aside id=\"rel-ad-content-3\" class=\"ad-inline ad-r4 rendered\">\n<div class=\"creatividad\">\n<div id=\"div-gpt-ad-r4-content-3\" class=\"\" data-appear-top-offset=\"1250\" data-mangiro-top-offset=\"9707.037353515625\" data-google-query-id=\"CK_12Y7Mh4IDFcLJ3godANYPxQ\" data-mangiro-should-reload=\"true\">\n<div id=\"google_ads_iframe_\/1001866\/HG_5__container__\">\n<p style=\"text-align: justify;\"><span style=\"font-size: 14pt;\">La asociaci\u00f3n del g\u00f3lem con la ciudad de <em>Praga<\/em> surgi\u00f3 mucho m\u00e1s tarde, en el siglo XIX. El primero en evocarla fue el austr\u00edaco <strong>Franz Klutschak<\/strong>, periodista y estudioso del folclore, quien en 1841 public\u00f3 una historia sobre el tema en una revista praguense. En 1847,\u00a0<strong>el m\u00e9dico y folclorista jud\u00edo Leopold Weisel recogi\u00f3 otra versi\u00f3n<\/strong>. El relato m\u00e1s completo lo public\u00f3 en 1909 un rabino y juez jud\u00edo residente en Varsovia, <strong>Yudl Rosenberg<\/strong>. A \u00e9l se debe el motivo del secuestro del ni\u00f1o cristiano y la persecuci\u00f3n antijud\u00eda, un episodio totalmente imaginario que se contradice con el r\u00e9gimen de relativa tolerancia del que gozaban los jud\u00edos de <em>Praga<\/em> en \u00e9poca de <strong>Rodolfo II<\/strong>.<\/span><\/p>\n<p>&nbsp;<\/p>\n<blockquote>\n<p style=\"text-align: center;\"><span style=\"font-size: 14pt;\"><strong><span style=\"color: #008000;\">El relato m\u00e1s completo sobre el g\u00f3lem de Praga lo public\u00f3 en 1909 un rabino y juez jud\u00edo residente en Varsovia, Yudl Rosenberg.<\/span><\/strong><\/span><\/p>\n<\/blockquote>\n<\/div>\n<\/div>\n<\/div>\n<\/aside>\n<p>&nbsp;<\/p>\n<p style=\"text-align: justify;\"><span style=\"font-size: 14pt;\">En cualquier caso,\u00a0<strong>el g\u00f3lem sigue vivo en la conciencia popular jud\u00eda como met\u00e1fora de la soberbia<\/strong>\u00a0del ser humano que pretende hacer lo que le est\u00e1 vedado, el mismo pecado que hallamos tambi\u00e9n en otra creaci\u00f3n humana m\u00e1s reciente: el monstruo de <strong>Frankenstein<\/strong>. Tanto el <em>g\u00f3lem<\/em> de <em>Praga<\/em> como la criatura de <strong>Frankenstein<\/strong> resultan defectuosos y, al final, ingobernables, convirti\u00e9ndose en un castigo contra sus creadores por haber intentado emular a Dios.<\/span><\/p>\n<p>&nbsp;<\/p>\n<figure id=\"attachment_2289714\" aria-describedby=\"caption-attachment-2289714\" style=\"width: 360px\" class=\"wp-caption aligncenter\"><img loading=\"lazy\" decoding=\"async\" class=\"wp-image-2289714\" src=\"https:\/\/puntocritico.com\/ausajpuntocritico\/wp-content\/uploads\/2023\/10\/fotograma-de-la-pelicula-el-golem-de-1920-en-el-que-este-fantastico-ser-se-pasea-por-la-ciudad-de-praga_84bfd7b7_230609120343_800x1191-202x300.jpg\" alt=\"\" width=\"360\" height=\"536\" data-id=\"2289714\" srcset=\"https:\/\/puntocritico.com\/ausajpuntocritico\/wp-content\/uploads\/2023\/10\/fotograma-de-la-pelicula-el-golem-de-1920-en-el-que-este-fantastico-ser-se-pasea-por-la-ciudad-de-praga_84bfd7b7_230609120343_800x1191-202x300.jpg 202w, https:\/\/puntocritico.com\/ausajpuntocritico\/wp-content\/uploads\/2023\/10\/fotograma-de-la-pelicula-el-golem-de-1920-en-el-que-este-fantastico-ser-se-pasea-por-la-ciudad-de-praga_84bfd7b7_230609120343_800x1191-688x1024.jpg 688w, https:\/\/puntocritico.com\/ausajpuntocritico\/wp-content\/uploads\/2023\/10\/fotograma-de-la-pelicula-el-golem-de-1920-en-el-que-este-fantastico-ser-se-pasea-por-la-ciudad-de-praga_84bfd7b7_230609120343_800x1191-768x1143.jpg 768w, https:\/\/puntocritico.com\/ausajpuntocritico\/wp-content\/uploads\/2023\/10\/fotograma-de-la-pelicula-el-golem-de-1920-en-el-que-este-fantastico-ser-se-pasea-por-la-ciudad-de-praga_84bfd7b7_230609120343_800x1191.jpg 800w\" sizes=\"auto, (max-width: 360px) 100vw, 360px\" \/><figcaption id=\"caption-attachment-2289714\" class=\"wp-caption-text\"><span style=\"color: #008000;\">Fotograma de la pel\u00edcula El g\u00f3lem, de 1920, en el que este fant\u00e1stico ser, interpretado por Paul Wegener, se pasea por la ciudad de Praga.<\/span><\/figcaption><\/figure>\n<p style=\"text-align: center;\"><span style=\"font-size: 18pt;\"><strong><span style=\"color: #008000;\">*******<\/span><\/strong><\/span><\/p>\n<blockquote class=\"wp-embedded-content\" data-secret=\"RW3MaxDWcw\"><p><a href=\"https:\/\/puntocritico.com\/ausajpuntocritico\/2023\/10\/21\/laurent-guyenot-9-11-and-israels-great-game\/\">\u00ab9\/11 AND ISRAEL&#8217;S GREAT GAME\u00bb (Documental de Laurent Guy\u00e9not, 2.022). \u00ab11 de septiembre: \u00bfUna operaci\u00f3n que se organiz\u00f3 desde adentro o una operaci\u00f3n del Mosad?\u00bb<\/a><\/p><\/blockquote>\n<p><iframe loading=\"lazy\" class=\"wp-embedded-content\" sandbox=\"allow-scripts\" security=\"restricted\" style=\"position: absolute; clip: rect(1px, 1px, 1px, 1px);\" title=\"\u00ab\u00ab9\/11 AND ISRAEL&#8217;S GREAT GAME\u00bb (Documental de Laurent Guy\u00e9not, 2.022). \u00ab11 de septiembre: \u00bfUna operaci\u00f3n que se organiz\u00f3 desde adentro o una operaci\u00f3n del Mosad?\u00bb\u00bb \u2014 Punto Cr\u00edtico Derechos Humanos\" src=\"https:\/\/puntocritico.com\/ausajpuntocritico\/2023\/10\/21\/laurent-guyenot-9-11-and-israels-great-game\/embed\/#?secret=B2ydvsibst#?secret=RW3MaxDWcw\" data-secret=\"RW3MaxDWcw\" width=\"500\" height=\"282\" frameborder=\"0\" marginwidth=\"0\" marginheight=\"0\" scrolling=\"no\"><\/iframe><\/p>\n<blockquote class=\"wp-embedded-content\" data-secret=\"b4E2jUBRpQ\"><p><a href=\"https:\/\/puntocritico.com\/ausajpuntocritico\/2023\/10\/17\/es-hamas-una-criatura-de-israel-el-11-de-septiembre-del-medio-oriente\/\">\u00bfES HAM\u00c1S UNA CRIATURA DE ISRAEL?: El 11 de septiembre del Medio Oriente<\/a><\/p><\/blockquote>\n<p><iframe loading=\"lazy\" class=\"wp-embedded-content\" sandbox=\"allow-scripts\" security=\"restricted\" style=\"position: absolute; clip: rect(1px, 1px, 1px, 1px);\" title=\"\u00ab\u00bfES HAM\u00c1S UNA CRIATURA DE ISRAEL?: El 11 de septiembre del Medio Oriente\u00bb \u2014 Punto Cr\u00edtico Derechos Humanos\" src=\"https:\/\/puntocritico.com\/ausajpuntocritico\/2023\/10\/17\/es-hamas-una-criatura-de-israel-el-11-de-septiembre-del-medio-oriente\/embed\/#?secret=yBptHpD74l#?secret=b4E2jUBRpQ\" data-secret=\"b4E2jUBRpQ\" width=\"500\" height=\"282\" frameborder=\"0\" marginwidth=\"0\" marginheight=\"0\" scrolling=\"no\"><\/iframe><\/p>\n<p>&nbsp;<\/p>\n<p>&nbsp;<\/p>\n<p><a href=\"https:\/\/puntocritico.com\/ausajpuntocritico\/author\/punto-critico\/\"><img loading=\"lazy\" decoding=\"async\" class=\"aligncenter wp-image-48\" src=\"https:\/\/puntocritico.com\/ausajpuntocritico\/wp-content\/uploads\/2016\/11\/Mosca_Punto_Cr\u00edtico_40.png\" alt=\"\" width=\"80\" height=\"80\" \/><\/a><\/p>\n<p>&nbsp;<\/p>\n","protected":false},"excerpt":{"rendered":"<div class=\"mh-excerpt\"><p>EL GOLEM &nbsp; Hamas: el \u201cG\u00f3lem de Israel\u201d Noticias hol\u00edsticas, 14 OCT 2023 Por Luis Alberto Vittor \u00a0 El G\u00f3lem es una leyenda tradicional jud\u00eda surgida a mediados del siglo XVI. Se narra que, en <a class=\"mh-excerpt-more\" href=\"https:\/\/puntocritico.com\/ausajpuntocritico\/2023\/10\/28\/el-golem-1920\/\" title=\"EL GOL\u00c9M, Pel\u00edcula de P. Wegner (1920). \u00abHamas, el Golem del Mosad\u00bb\">[&#8230;]<\/a><\/p>\n<\/div>","protected":false},"author":3,"featured_media":2289885,"comment_status":"open","ping_status":"open","sticky":false,"template":"","format":"standard","meta":{"_acf_changed":false,"_exactmetrics_skip_tracking":false,"_exactmetrics_sitenote_active":false,"_exactmetrics_sitenote_note":"","_exactmetrics_sitenote_category":0,"footnotes":""},"categories":[10],"tags":[72],"class_list":{"0":"post-2289709","1":"post","2":"type-post","3":"status-publish","4":"format-standard","5":"has-post-thumbnail","7":"category-miscelanea","8":"tag-palestina"},"acf":[],"_links":{"self":[{"href":"https:\/\/puntocritico.com\/ausajpuntocritico\/wp-json\/wp\/v2\/posts\/2289709","targetHints":{"allow":["GET"]}}],"collection":[{"href":"https:\/\/puntocritico.com\/ausajpuntocritico\/wp-json\/wp\/v2\/posts"}],"about":[{"href":"https:\/\/puntocritico.com\/ausajpuntocritico\/wp-json\/wp\/v2\/types\/post"}],"author":[{"embeddable":true,"href":"https:\/\/puntocritico.com\/ausajpuntocritico\/wp-json\/wp\/v2\/users\/3"}],"replies":[{"embeddable":true,"href":"https:\/\/puntocritico.com\/ausajpuntocritico\/wp-json\/wp\/v2\/comments?post=2289709"}],"version-history":[{"count":0,"href":"https:\/\/puntocritico.com\/ausajpuntocritico\/wp-json\/wp\/v2\/posts\/2289709\/revisions"}],"wp:featuredmedia":[{"embeddable":true,"href":"https:\/\/puntocritico.com\/ausajpuntocritico\/wp-json\/wp\/v2\/media\/2289885"}],"wp:attachment":[{"href":"https:\/\/puntocritico.com\/ausajpuntocritico\/wp-json\/wp\/v2\/media?parent=2289709"}],"wp:term":[{"taxonomy":"category","embeddable":true,"href":"https:\/\/puntocritico.com\/ausajpuntocritico\/wp-json\/wp\/v2\/categories?post=2289709"},{"taxonomy":"post_tag","embeddable":true,"href":"https:\/\/puntocritico.com\/ausajpuntocritico\/wp-json\/wp\/v2\/tags?post=2289709"}],"curies":[{"name":"wp","href":"https:\/\/api.w.org\/{rel}","templated":true}]}}