{"id":2289144,"date":"2023-10-16T00:05:24","date_gmt":"2023-10-15T22:05:24","guid":{"rendered":"https:\/\/puntocritico.com\/ausajpuntocritico\/?p=2289144"},"modified":"2025-10-11T10:17:57","modified_gmt":"2025-10-11T08:17:57","slug":"chris-hedges-los-palestinos-hablan-el-lenguaje-de-la-violencia-que-les-enseno-israel","status":"publish","type":"post","link":"https:\/\/puntocritico.com\/ausajpuntocritico\/2023\/10\/16\/chris-hedges-los-palestinos-hablan-el-lenguaje-de-la-violencia-que-les-enseno-israel\/","title":{"rendered":"CHRIS HEDGES: \u00abLos palestinos hablan el lenguaje de la violencia que les ense\u00f1\u00f3 Israel\u00bb"},"content":{"rendered":"<p style=\"text-align: justify;\"><span style=\"font-size: 14pt; color: #008000;\">LOS PALESTINOS HABLAN EL LENGUAJE DE LA VIOLENCIA QUE LES ENSE\u00d1\u00d3 ISRAEL<\/span><\/p>\n\n<p>&nbsp;<\/p>\n<blockquote>\n<h2 class=\"entry-title\" style=\"text-align: center;\"><span style=\"font-size: 24pt;\">Europa nazi<\/span><\/h2>\n<div class=\"author-content\">\n<p class=\"author\" style=\"text-align: justify;\"><span style=\"font-size: 14pt;\">Por An\u00edbal Malvar<\/span><\/p>\n<\/div>\n<p style=\"text-align: justify;\"><span class=\"posted-on\" style=\"font-size: 14pt;\"><time class=\"entry-date published\" datetime=\"2023-10-15T07:05:20+02:00\"><a href=\"https:\/\/blogs.publico.es\/rosa-espinas\/2023\/10\/15\/europa-nazi\/#md=modulo-portada-fila-de-modulos:4x15-t2;mm=mobile-medium\" target=\"_blank\" rel=\"noopener\">P\u00fablico<\/a>, 15 OCTUBRE 2023<\/time><\/span><\/p>\n<figure id=\"attachment_2289306\" aria-describedby=\"caption-attachment-2289306\" style=\"width: 678px\" class=\"wp-caption aligncenter\"><img loading=\"lazy\" decoding=\"async\" class=\"wp-image-2289306 size-mh-magazine-content\" src=\"https:\/\/puntocritico.com\/ausajpuntocritico\/wp-content\/uploads\/2023\/10\/EuropaPress_5503758_handout_13_october_2023_israel_tel_aviv_ursula_von_der_leyen_president_of-1024x683-1-678x381.jpg\" alt=\"\" width=\"678\" height=\"381\" data-id=\"2289306\" \/><figcaption id=\"caption-attachment-2289306\" class=\"wp-caption-text\"><span style=\"color: #008000;\">La presidenta de la Comisi\u00f3n Europea, Ursula Von der Leyen, y el primer ministro de Israel, Benjam\u00edn Netanyahu. \u2014 Europa Press \/ GPO<\/span><\/figcaption><\/figure>\n<p>&nbsp;<\/p>\n<p style=\"text-align: justify;\"><span style=\"font-size: 14pt;\">No nos autoenga\u00f1emos. Europa es nazi. El gobierno progresista de Espa\u00f1a, con su apoyo a Israel, es nazi. <strong>El jud\u00edo Benjamin Netanyahu acaba de decir p\u00fablica y notoriamente que \u00ab<em>Hitler no quer\u00eda exterminar a los jud\u00edos<\/em>\u00ab<\/strong>, y por tanto es un jud\u00edo nazi. T\u00fa y yo somos nazis. Quit\u00e9monos las caretas. Estamos viviendo exactamente lo que se vivi\u00f3 con el nazismo en la primera mitad del siglo XX. La progres\u00eda burguesa y proletaria occidental dormita en actitud tan cr\u00edtica como contemplativa. Cu\u00e1nto da\u00f1o han hecho a la revoluci\u00f3n los sof\u00e1s baratos de Ikea. Ser contemplativo ante el nazismo es ser nazi.<\/span><\/p>\n<p style=\"text-align: justify;\"><span style=\"font-size: 14pt;\">La presidenta de la la Comisi\u00f3n Europea, <a href=\"https:\/\/puntocritico.com\/ausajpuntocritico\/2022\/10\/06\/ursula-von-der-leyen\/\"><strong>Ursula von der Leyen<\/strong><\/a>, da respaldo al genocidio israel\u00ed sin ser entrullada inmediatamente por cr\u00edmenes de guerra, mientras <a href=\"https:\/\/puntocritico.com\/ausajpuntocritico\/2022\/08\/08\/el-camino-de-la-desinformacion\/\"><strong>Julian Assange<\/strong><\/a>, por denunciar ante el mundo los cr\u00edmenes de guerra perpetrados por el Ej\u00e9rcito estadounidense, lleva cuatro a\u00f1os enajenado y enloquecido en una prisi\u00f3n brit\u00e1nica. Y la sociedad biempensante escribimos muchos tuits y despotricamos contra muchas teles, pero nunca hacemos nada. Por tanto somos nazis por omisi\u00f3n. No somos ni siquiera capaces de sacar del talego a <a href=\"https:\/\/puntocritico.com\/ausajpuntocritico\/2023\/07\/25\/acerca-de-la-justicia\/\"><strong>Julian Assange,<\/strong><\/a> pero qu\u00e9 bien tuiteamos y despotricamos. Como los antinazis de sal\u00f3n que, con un t\u00e9 en una mano y un whisky en la otra, vieron pasar ante sus narices el auge del nazismo y se lavaron sin percatarse con arom\u00e1ticos jabones fabricados con grasa de jud\u00edos muertos.<\/span><\/p>\n<p style=\"text-align: justify;\"><span style=\"font-size: 14pt;\">Francia, la cuna de la igualdad, la fraternidad y la libertad, ha prohibido manifestaciones p\u00fablicas en apoyo al pueblo palestino. <strong>Emmanuel Macron<\/strong> ha mandado a la Polic\u00eda democr\u00e1tica a apalizar al pueblo franc\u00e9s que sale a las calles para combatir un genocidio. Lo mismo sucede en Italia. Somos lo que votamos pero, sobre todo, somos lo que vomitamos. Y vomitamos y votamos Polic\u00eda, Ej\u00e9rcito y odio contra el d\u00e9bil. No s\u00e9 si me estoy poniendo muy pesado, pero parecemos nazis. Y no hay que equivocarse: ning\u00fan polic\u00eda ni militar es responsable de esta represi\u00f3n. Somos nosotros. Los europeos progres del sof\u00e1 de Ikea. Los que, muy indignados, nos dejamos hacer. Somos los nazis de la inacci\u00f3n y la buena conciencia, que son los nazis m\u00e1s numerosos, civilizados e inquietantes.<\/span><\/p>\n<p>&nbsp;<\/p>\n<p style=\"text-align: center;\"><span style=\"color: #008000;\"><strong><span style=\"font-size: 14pt;\">No s\u00e9 si me estoy poniendo muy pesado, pero parecemos nazis. Y no hay que equivocarse: ning\u00fan polic\u00eda ni militar es responsable de esta represi\u00f3n. Somos nosotros. Los europeos progres del sof\u00e1 de Ikea. Los que, muy indignados, nos dejamos hacer. Somos los nazis de la inacci\u00f3n y la buena conciencia, que son los nazis m\u00e1s numerosos, civilizados e inquietantes<\/span><\/strong><\/span><\/p>\n<p>&nbsp;<\/p>\n<p style=\"text-align: justify;\"><span style=\"font-size: 14pt;\">Cuando yo era joven, idealista e insustancial, me hicieron creer que Europa era la avanzadilla humanitaria del mundo. Que la sola Uni\u00f3n Europea, con su prestigio \u00e9tico desde 1789 y est\u00e9tico desde Beethoven, ser\u00eda capaz de hacer derivar el mundo hacia posiciones m\u00e1s racionales y descartianas que las que defend\u00edan los gobiernos supremacistas y belicosos de EEUU y su OTAN.<\/span><\/p>\n<p style=\"text-align: justify;\"><span style=\"font-size: 14pt;\">Se me acab\u00f3 la tonter\u00eda antes de cumplir los treinta, cuando <strong>EEUU y la OTAN se inventaron una guerra en el coraz\u00f3n de Europa, en la vieja Yugoslavia<\/strong>. Era un toque de atenci\u00f3n: Europa tiene que poner freno a su idealismo e invertir en armamento y odio.<\/span><\/p>\n<p style=\"text-align: justify;\"><span style=\"font-size: 14pt;\"><a href=\"https:\/\/puntocritico.com\/ausajpuntocritico\/2022\/05\/12\/la-otan-esta-creando-un-vietnam-en-el-corazon-de-europa\/\">Ahora EEUU y la OTAN se han metido en Ucrania y han provocado otra guerra europea<\/a>. Y, como entonces, nos han exigido unanimidad para elegir entre buenos y malos. Los nazis nos van educando muy bien. <strong>Elegimos a los buenos, que son los pobres ucranianos que portan s\u00edmbolos nazis en sus uniformes<\/strong> y que antes de la guerra ataban a los rus\u00f3fonos a las farolas, les bajaban los pantalones y los mataban a latigazos. <strong>O elegimos a los otros buenos, que son los rusos del s\u00e1trapa<\/strong> <strong>Vladimir Putin<\/strong>, que suele invitar a sus rivales a caviares de plutonio enriquecido y que se distrae financiando a la ultraderecha paramilitar de cualquier lugar del continente. Muy europe\u00edsta no parece ninguna de las dos inclinaciones.<\/span><\/p>\n<\/blockquote>\n<p>&nbsp;<\/p>\n<p><img loading=\"lazy\" decoding=\"async\" class=\"aligncenter wp-image-2289295 size-large\" src=\"https:\/\/puntocritico.com\/ausajpuntocritico\/wp-content\/uploads\/2023\/10\/Formacion-de-Israel-1947-2018-1024x580.png\" alt=\"\" width=\"1024\" height=\"580\" data-id=\"2289295\" srcset=\"https:\/\/puntocritico.com\/ausajpuntocritico\/wp-content\/uploads\/2023\/10\/Formacion-de-Israel-1947-2018-1024x580.png 1024w, https:\/\/puntocritico.com\/ausajpuntocritico\/wp-content\/uploads\/2023\/10\/Formacion-de-Israel-1947-2018-300x170.png 300w, https:\/\/puntocritico.com\/ausajpuntocritico\/wp-content\/uploads\/2023\/10\/Formacion-de-Israel-1947-2018-768x435.png 768w, https:\/\/puntocritico.com\/ausajpuntocritico\/wp-content\/uploads\/2023\/10\/Formacion-de-Israel-1947-2018.png 1223w\" sizes=\"auto, (max-width: 1024px) 100vw, 1024px\" \/><\/p>\n<p style=\"text-align: center;\"><span style=\"font-size: 18pt;\"><strong><span style=\"color: #008000;\">*******<\/span><\/strong><\/span><\/p>\n<h2 style=\"text-align: center;\"><span style=\"font-size: 24pt;\">LOS PALESTINOS HABLAN EL LENGUAJE DE LA VIOLENCIA QUE LES ENSE\u00d1\u00d3 ISRAEL<\/span><\/h2>\n<blockquote>\n<p style=\"text-align: center;\"><strong><span style=\"font-size: 14pt;\">\u201c<em>Los \u00e1rabes ser\u00edan los trabajadores y los jud\u00edos los administradores, inspectores, funcionarios y polic\u00edas, principalmente la polic\u00eda secreta.\u00a0Un Estado que gobierna a una poblaci\u00f3n hostil de entre 1,5 y 2 millones de extranjeros se convertir\u00eda necesariamente en un Estado de polic\u00eda secreta, con todo lo que esto implica para la educaci\u00f3n, la libertad de expresi\u00f3n y las instituciones democr\u00e1ticas.\u00a0La corrupci\u00f3n caracter\u00edstica de todo r\u00e9gimen colonial tambi\u00e9n prevalecer\u00eda en el Estado de Israel.\u00a0La administraci\u00f3n tendr\u00eda que reprimir la insurgencia \u00e1rabe, por un lado, y adquirir colaboracionistas \u00e1rabes, por el otro.\u00a0Tambi\u00e9n hay buenos motivos para temer que las Fuerzas de Defensa de Israel, que hasta ahora han sido un ej\u00e9rcito popular, al transformarse en un ej\u00e9rcito de ocupaci\u00f3n, degeneren, y sus comandantes, que se habr\u00e1n convertido en gobernadores militares, se parezcan a sus colegas en otras naciones<\/em>\u201d.<\/span><\/strong><\/p>\n<p style=\"text-align: center;\"><span style=\"font-size: 14pt;\"><strong>\u00abLa pr\u00f3xima etapa de esta lucha ser\u00e1 una campa\u00f1a masiva de matanza industrial en Gaza por parte de Israel, que ya ha comenzado\u00bb.<\/strong><\/span><\/p>\n<p style=\"text-align: center;\"><strong><span style=\"font-size: 14pt;\">(Yeshayahu Leibowitz)<\/span><\/strong><\/p>\n<\/blockquote>\n<p style=\"text-align: justify;\"><span style=\"font-size: 14pt;\">Por Chris Hedges<\/span><\/p>\n<p style=\"text-align: justify;\"><span style=\"font-size: 14pt;\"><a href=\"https:\/\/scheerpost.com\/2023\/10\/08\/chris-hedges-palestinians-speak-the-language-of-violence-israel-taught-them\/\" target=\"_blank\" rel=\"noopener\">Scheerpost<\/a>, 8 OCT 2023<\/span><\/p>\n<p><img loading=\"lazy\" decoding=\"async\" class=\"aligncenter wp-image-2289148 size-mh-magazine-content\" src=\"https:\/\/puntocritico.com\/ausajpuntocritico\/wp-content\/uploads\/2023\/10\/AP23283366304572_edited-678x381.jpg\" alt=\"LOS PALESTINOS HABLAN EL LENGUAJE DE LA VIOLENCIA QUE LES ENSE\u00d1\u00d3 ISRAEL\" width=\"678\" height=\"381\" data-id=\"2289148\" srcset=\"https:\/\/puntocritico.com\/ausajpuntocritico\/wp-content\/uploads\/2023\/10\/AP23283366304572_edited-678x381.jpg 678w, https:\/\/puntocritico.com\/ausajpuntocritico\/wp-content\/uploads\/2023\/10\/AP23283366304572_edited-300x169.jpg 300w, https:\/\/puntocritico.com\/ausajpuntocritico\/wp-content\/uploads\/2023\/10\/AP23283366304572_edited-1024x576.jpg 1024w, https:\/\/puntocritico.com\/ausajpuntocritico\/wp-content\/uploads\/2023\/10\/AP23283366304572_edited-768x432.jpg 768w, https:\/\/puntocritico.com\/ausajpuntocritico\/wp-content\/uploads\/2023\/10\/AP23283366304572_edited-1320x743.jpg 1320w, https:\/\/puntocritico.com\/ausajpuntocritico\/wp-content\/uploads\/2023\/10\/AP23283366304572_edited.jpg 1366w\" sizes=\"auto, (max-width: 678px) 100vw, 678px\" \/><\/p>\n<p>&nbsp;<\/p>\n<p class=\"has-drop-cap\" style=\"text-align: justify;\"><span style=\"font-size: 18.6667px;\">Los disparos indiscriminados contra israel\u00edes por parte de <strong>Ham\u00e1s<\/strong> y otras organizaciones de resistencia palestinas, el secuestro de civiles, el lanzamiento de cohetes contra Israel, los ataques con drones contra una variedad de objetivos, desde tanques hasta nidos de ametralladoras autom\u00e1ticas, son el lenguaje familiar del ocupante israel\u00ed.\u00a0<strong><em>Israel<\/em> ha hablado este sangriento lenguaje de violencia a los palestinos desde que las milicias sionistas se apoderaron de m\u00e1s del 78 por ciento de la <em>Palestina<\/em> hist\u00f3rica, destruyeron unas 530 aldeas y ciudades palestinas y mataron a unos 15.000 palestinos en m\u00e1s de 70 masacres<\/strong>.\u00a0Unos 750.000\u00a0\u00a0<a href=\"https:\/\/www.aljazeera.com\/features\/2017\/5\/23\/the-nakba-did-not-start-or-end-in-1948\" target=\"_blank\" rel=\"noopener\" data-schema-attribute=\"\">palestinos<\/a> \u00a0fueron sometidos a una limpieza \u00e9tnica entre 1947 y 1949 para crear el Estado de Israel en 1948.<\/span><\/p>\n<p>&nbsp;<\/p>\n<blockquote>\n<p style=\"text-align: center;\"><span style=\"color: #008000;\"><strong><span style=\"font-size: 14pt;\">Unos 750.000\u00a0\u00a0palestinos\u00a0\u00a0fueron sometidos a una limpieza \u00e9tnica entre 1947 y 1949 para crear el Estado de Israel en 1948<\/span><\/strong><\/span><\/p>\n<\/blockquote>\n<p>&nbsp;<\/p>\n<p style=\"text-align: justify;\"><span style=\"font-size: 14pt;\">La respuesta de Israel a estas incursiones armadas ser\u00e1 un ataque genocida contra Gaza.\u00a0<strong>Israel matar\u00e1 a decenas de palestinos por cada israel\u00ed asesinado<\/strong>.\u00a0Cientos de palestinos ya han muerto en ataques a\u00e9reos israel\u00edes desde el lanzamiento de la \u201c<em><strong>Operaci\u00f3n Inundaci\u00f3n de Al-Aqsa<\/strong><\/em>\u201d el s\u00e1bado por la ma\u00f1ana, que dej\u00f3 700 israel\u00edes muertos.<\/span><\/p>\n<p style=\"text-align: justify;\"><span style=\"font-size: 14pt;\">El Primer Ministro\u00a0\u00a0<strong><a href=\"https:\/\/twitter.com\/PDeepdive\/status\/1710753589080027411?utm_source=substack&amp;utm_medium=email\" target=\"_blank\" rel=\"noopener\" data-schema-attribute=\"\">Netanyahu<\/a><\/strong>\u00a0\u00a0advirti\u00f3 el domingo a los palestinos en Gaza que \u201c<em>se vayan ahora<\/em>\u201d, porque Israel va a \u201c<em>convertir en escombros todos los escondites de Ham\u00e1s<\/em>\u201d.<\/span><\/p>\n<p>&nbsp;<\/p>\n<figure id=\"attachment_2289354\" aria-describedby=\"caption-attachment-2289354\" style=\"width: 400px\" class=\"wp-caption aligncenter\"><img loading=\"lazy\" decoding=\"async\" class=\"wp-image-2289354\" src=\"https:\/\/puntocritico.com\/ausajpuntocritico\/wp-content\/uploads\/2023\/10\/Netanyahu-por-Mr-Fish-300x216.webp\" alt=\"\" width=\"400\" height=\"288\" data-id=\"2289354\" srcset=\"https:\/\/puntocritico.com\/ausajpuntocritico\/wp-content\/uploads\/2023\/10\/Netanyahu-por-Mr-Fish-300x216.webp 300w, https:\/\/puntocritico.com\/ausajpuntocritico\/wp-content\/uploads\/2023\/10\/Netanyahu-por-Mr-Fish-768x553.webp 768w, https:\/\/puntocritico.com\/ausajpuntocritico\/wp-content\/uploads\/2023\/10\/Netanyahu-por-Mr-Fish.webp 1024w\" sizes=\"auto, (max-width: 400px) 100vw, 400px\" \/><figcaption id=\"caption-attachment-2289354\" class=\"wp-caption-text\"><span style=\"color: #008000;\">Fuera de la vista, fuera de la mente \u2013 por Mr. Fish<\/span><\/figcaption><\/figure>\n<p>&nbsp;<\/p>\n<p style=\"text-align: justify;\"><span style=\"font-size: 14pt;\">Pero \u00bfad\u00f3nde se supone que deben ir los palestinos en Gaza?\u00a0Israel y Egipto bloquean las fronteras terrestres.\u00a0No hay salida por aire ni por mar, que est\u00e1n controlados por Israel.<\/span><\/p>\n<p>&nbsp;<\/p>\n<blockquote>\n<p style=\"text-align: center;\"><span style=\"color: #008000;\"><strong><span style=\"font-size: 14pt;\">Pero \u00bfad\u00f3nde se supone que deben ir los palestinos en Gaza?\u00a0Israel y Egipto bloquean las fronteras terrestres.\u00a0No hay salida por aire ni por mar, que est\u00e1n controlados por Israel.<\/span><\/strong><\/span><\/p>\n<\/blockquote>\n<p>&nbsp;<\/p>\n<p style=\"text-align: justify;\"><span style=\"font-size: 14pt;\"><strong>La retribuci\u00f3n colectiva contra inocentes es una t\u00e1ctica familiar empleada por los gobernantes coloniales<\/strong>. Lo usamos contra los nativos americanos y m\u00e1s tarde en\u00a0<a href=\"https:\/\/www.shsu.edu\/his_rtc\/2014_FALL\/Balangiga_massacre.pdf\" target=\"_blank\" rel=\"noopener\" data-schema-attribute=\"\">Filipinas<\/a> y Vietnam.\u00a0Los alemanes lo utilizaron contra los <em>herero<\/em> y <em>namaqua<\/em> en\u00a0\u00a0<a href=\"https:\/\/www.theholocaustexplained.org\/what-was-the-holocaust\/what-was-genocide\/the-herero-and-namaqua-genocide\/\" target=\"_blank\" rel=\"noopener\" data-schema-attribute=\"\">Namibia<\/a>. Los brit\u00e1nicos en\u00a0<a href=\"https:\/\/www.theguardian.com\/news\/2016\/aug\/18\/uncovering-truth-british-empire-caroline-elkins-mau-mau\" target=\"_blank\" rel=\"noopener\" data-schema-attribute=\"\">Kenia<\/a> \u00a0y Malasia.\u00a0Los\u00a0<strong><a href=\"https:\/\/encyclopedia.ushmm.org\/content\/en\/article\/lidice\" target=\"_blank\" rel=\"noopener\" data-schema-attribute=\"\">nazis<\/a><\/strong> lo utilizaron en las zonas que ocuparon en la Uni\u00f3n Sovi\u00e9tica y en Europa central y oriental.<strong>\u00a0Israel sigue el mismo manual.\u00a0Muerte por muerte.\u00a0Atrocidad por atrocidad.\u00a0Pero siempre es el ocupante quien inicia esta danza macabra y cambia montones de cad\u00e1veres por montones de cad\u00e1veres m\u00e1s altos<\/strong>.<\/span><\/p>\n<p>&nbsp;<\/p>\n<blockquote>\n<p style=\"text-align: center;\"><strong><span style=\"font-size: 14pt; color: #008000;\">No se trata de defender los cr\u00edmenes de guerra de ninguno de los bandos.\u00a0No es alegrarse de los ataques.\u00a0He visto suficiente violencia en los territorios ocupados israel\u00edes, donde cubr\u00ed el conflicto durante siete a\u00f1os, como para detestar la violencia.\u00a0Pero \u00e9ste es el conocido desenlace de todos los proyectos coloniales<\/span><\/strong><\/p>\n<\/blockquote>\n<p>&nbsp;<\/p>\n<p style=\"text-align: justify;\"><span style=\"font-size: 14pt;\">No se trata de defender los cr\u00edmenes de guerra de ninguno de los bandos.\u00a0No es alegrarse de los ataques.\u00a0He visto suficiente violencia en los territorios ocupados israel\u00edes, donde cubr\u00ed el conflicto durante siete a\u00f1os, como para detestar la violencia.\u00a0Pero \u00e9ste es el conocido desenlace de todos los proyectos coloniales.<strong>\u00a0Los reg\u00edmenes implantados y mantenidos mediante la violencia engendran violencia.\u00a0La guerra de liberaci\u00f3n de Hait\u00ed.\u00a0El Mau Mau en Kenia.\u00a0El Congreso Nacional Africano en Sud\u00e1frica.\u00a0Estos levantamientos no siempre tienen \u00e9xito, pero siguen patrones familiares<\/strong>. Los palestinos, como todo pueblo colonizado,\u00a0<a href=\"https:\/\/www.cjpme.org\/fs_236\" target=\"_blank\" rel=\"noopener\" data-schema-attribute=\"\">tienen derecho<\/a> a la resistencia armada seg\u00fan el derecho internacional.<\/span><\/p>\n<p>&nbsp;<\/p>\n<blockquote>\n<p style=\"text-align: center;\"><strong><span style=\"font-size: 14pt; color: #008000;\">Los palestinos, como todo pueblo colonizado,\u00a0\u00a0tienen derecho\u00a0\u00a0a la resistencia armada seg\u00fan el derecho internacional<\/span><\/strong><\/p>\n<\/blockquote>\n<p>&nbsp;<\/p>\n<figure id=\"attachment_2289145\" aria-describedby=\"caption-attachment-2289145\" style=\"width: 440px\" class=\"wp-caption aligncenter\"><img loading=\"lazy\" decoding=\"async\" class=\"wp-image-2289145\" src=\"https:\/\/puntocritico.com\/ausajpuntocritico\/wp-content\/uploads\/2023\/10\/Un-familiar-lleva-el-cuerpo-de-un-nino-Palestino-asesinado-por-Sion-300x200.jpg\" alt=\"\" width=\"440\" height=\"293\" data-id=\"2289145\" srcset=\"https:\/\/puntocritico.com\/ausajpuntocritico\/wp-content\/uploads\/2023\/10\/Un-familiar-lleva-el-cuerpo-de-un-nino-Palestino-asesinado-por-Sion-300x200.jpg 300w, https:\/\/puntocritico.com\/ausajpuntocritico\/wp-content\/uploads\/2023\/10\/Un-familiar-lleva-el-cuerpo-de-un-nino-Palestino-asesinado-por-Sion-1024x683.jpg 1024w, https:\/\/puntocritico.com\/ausajpuntocritico\/wp-content\/uploads\/2023\/10\/Un-familiar-lleva-el-cuerpo-de-un-nino-Palestino-asesinado-por-Sion-768x512.jpg 768w, https:\/\/puntocritico.com\/ausajpuntocritico\/wp-content\/uploads\/2023\/10\/Un-familiar-lleva-el-cuerpo-de-un-nino-Palestino-asesinado-por-Sion-1320x880.jpg 1320w, https:\/\/puntocritico.com\/ausajpuntocritico\/wp-content\/uploads\/2023\/10\/Un-familiar-lleva-el-cuerpo-de-un-nino-Palestino-asesinado-por-Sion.jpg 1366w\" sizes=\"auto, (max-width: 440px) 100vw, 440px\" \/><figcaption id=\"caption-attachment-2289145\" class=\"wp-caption-text\"><span style=\"color: #008000;\">Un familiar lleva el cuerpo de un ni\u00f1o, Amir Ganan, muerto por un ataque a\u00e9reo israel\u00ed, en Khan Younis, Gaza, el 10 de octubre de 2023. Hatem Ali | AP<\/span><\/figcaption><\/figure>\n<p>&nbsp;<\/p>\n<p style=\"text-align: justify;\"><span style=\"font-size: 14pt;\"><strong>Israel nunca tuvo ning\u00fan inter\u00e9s en un acuerdo equitativo con los palestinos.\u00a0Construy\u00f3 un Estado de apartheid y ha ido\u00a0\u00a0<a href=\"https:\/\/www.amnesty.org\/en\/latest\/campaigns\/2017\/06\/israel-occupation-50-years-of-dispossession\/\" target=\"_blank\" rel=\"noopener\" data-schema-attribute=\"\">absorbiendo<\/a>\u00a0cada vez \u00a0mayores extensiones de tierra palestina en una lenta campa\u00f1a de limpieza \u00e9tnica.\u00a0En 2007 convirti\u00f3 a Gaza en la prisi\u00f3n al aire libre m\u00e1s grande del mundo<\/strong>.<\/span><\/p>\n<p style=\"text-align: justify;\"><span style=\"font-size: 14pt;\">\u00bfQu\u00e9 espera Israel o la comunidad mundial? \u00bfC\u00f3mo se puede atrapar a 2,3 millones de personas en Gaza, la mitad de las cuales est\u00e1n desempleadas, en uno de los lugares m\u00e1s densamente poblados del planeta durante 16 a\u00f1os, reducir las vidas de sus residentes, la mitad de los cuales son ni\u00f1os, a un nivel de subsistencia, <a href=\"https:\/\/imeu.org\/article\/putting-palestinians-on-a-diet-israels-siege-blockade-of-gaza?utm_source=substack&amp;utm_medium=email\" target=\"_blank\" rel=\"noopener\" data-schema-attribute=\"\">privarles<\/a>\u00a0 de suministros m\u00e9dicos b\u00e1sicos, alimentos, agua y electricidad, utilizar aviones de ataque, artiller\u00eda, unidades mecanizadas, misiles, ca\u00f1ones navales y unidades de infanter\u00eda para masacrar al azar a civiles desarmados y no esperar una respuesta violenta? Actualmente, Israel est\u00e1 llevando a cabo oleadas de ataques a\u00e9reos contra Gaza, preparando una invasi\u00f3n terrestre y ha cortado el\u00a0\u00a0<a href=\"https:\/\/english.aawsat.com\/arab-world\/4591831-israel-halts-electricity-supply-gaza-says-energy-minister\" target=\"_blank\" rel=\"noopener\" data-schema-attribute=\"\">suministro el\u00e9ctrico<\/a>\u00a0\u00a0a Gaza, que normalmente s\u00f3lo funciona de dos a cuatro horas al d\u00eda.<\/span><\/p>\n<p>&nbsp;<\/p>\n<blockquote>\n<p style=\"text-align: center;\"><strong><span style=\"color: #008000; font-size: 14pt;\">\u00bfQu\u00e9 espera Israel o la comunidad mundial? \u00bfC\u00f3mo se puede atrapar a 2,3 millones de personas en Gaza, la mitad de las cuales est\u00e1n desempleadas, en uno de los lugares m\u00e1s densamente poblados del planeta durante 16 a\u00f1os, reducir las vidas de sus residentes, la mitad de los cuales son ni\u00f1os, a un nivel de subsistencia, <a style=\"color: #008000;\" href=\"https:\/\/imeu.org\/article\/putting-palestinians-on-a-diet-israels-siege-blockade-of-gaza?utm_source=substack&amp;utm_medium=email\" target=\"_blank\" rel=\"noopener\" data-schema-attribute=\"\">privarles<\/a>\u00a0 de suministros m\u00e9dicos b\u00e1sicos, alimentos, agua y electricidad, utilizar aviones de ataque, artiller\u00eda, unidades mecanizadas, misiles, ca\u00f1ones navales y unidades de infanter\u00eda para masacrar al azar a civiles desarmados y no esperar una respuesta violenta? <\/span><\/strong><\/p>\n<\/blockquote>\n<p>&nbsp;<\/p>\n<p style=\"text-align: justify;\"><span style=\"font-size: 14pt;\">Muchos de los combatientes de la resistencia que se infiltraron en Israel sin duda sab\u00edan que los matar\u00edan.\u00a0Pero al igual que los combatientes de la resistencia en otras guerras de liberaci\u00f3n, decidieron que si no pod\u00edan elegir c\u00f3mo vivir\u00edan, elegir\u00edan c\u00f3mo morir.<\/span><\/p>\n<p style=\"text-align: justify;\"><span style=\"font-size: 14pt;\">Era amiga \u00edntima de\u00a0\u00a0<strong><a href=\"https:\/\/en.wikipedia.org\/wiki\/Alina_Margolis-Edelman\" target=\"_blank\" rel=\"noopener\" data-schema-attribute=\"\">Alina Margolis-Edelman<\/a><\/strong>, quien form\u00f3 parte de la resistencia armada en el levantamiento del gueto de Varsovia en la Segunda Guerra Mundial. Su marido,\u00a0<strong><a href=\"https:\/\/en.wikipedia.org\/wiki\/Marek_Edelman\" target=\"_blank\" rel=\"noopener\" data-schema-attribute=\"\">Marek Edelman<\/a><\/strong>, fue el subcomandante del levantamiento y el \u00fanico l\u00edder que sobrevivi\u00f3 a la guerra.\u00a0Los nazis hab\u00edan encerrado a 400.000 jud\u00edos polacos dentro del gueto de Varsovia.\u00a0Los jud\u00edos atrapados murieron por miles, de hambre, enfermedades y violencia indiscriminada.\u00a0<strong>Cuando los nazis comenzaron a transportar a los jud\u00edos restantes a los campos de exterminio, los combatientes de la resistencia contraatacaron.\u00a0Ninguno esperaba sobrevivir<\/strong>.<\/span><\/p>\n<p>&nbsp;<\/p>\n<blockquote>\n<p style=\"text-align: center;\"><span style=\"color: #008000;\"><strong><span style=\"font-size: 14pt;\">Mientras Israel disfrutaba de la mitolog\u00eda del levantamiento del gueto, trataba al \u00fanico l\u00edder superviviente del levantamiento, que se neg\u00f3 a abandonar Polonia, como un paria<\/span><\/strong><\/span><\/p>\n<\/blockquote>\n<p>&nbsp;<\/p>\n<p style=\"text-align: justify;\"><span style=\"font-size: 14pt;\"><strong>Edelman<\/strong>, despu\u00e9s de la guerra, conden\u00f3 el sionismo como una ideolog\u00eda racista utilizada para justificar el robo de tierras palestinas.\u00a0Se puso del lado de los palestinos, apoy\u00f3 su resistencia armada y se reuni\u00f3 frecuentemente con l\u00edderes palestinos.\u00a0<strong>Arremeti\u00f3 contra la apropiaci\u00f3n del Holocausto por parte de Israel para justificar su represi\u00f3n contra el pueblo palestino<\/strong>.\u00a0Mientras Israel disfrutaba de la mitolog\u00eda del levantamiento del gueto, trataba al \u00fanico l\u00edder superviviente del levantamiento, que se neg\u00f3 a abandonar Polonia, como un paria.\u00a0<strong>Edelman<\/strong> entendi\u00f3 que la lecci\u00f3n del Holocausto y el levantamiento del gueto no era que los jud\u00edos sean moralmente superiores o v\u00edctimas eternas.\u00a0La historia, dijo <strong>Edelman<\/strong>, pertenece a todos.\u00a0<strong>Los oprimidos, incluidos los palestinos, ten\u00edan derecho a luchar por la igualdad, la dignidad y la libertad<\/strong>.<\/span><\/p>\n<p style=\"text-align: justify;\">\u00a0<\/p>\n<figure id=\"attachment_2289146\" aria-describedby=\"caption-attachment-2289146\" style=\"width: 440px\" class=\"wp-caption aligncenter\"><img loading=\"lazy\" decoding=\"async\" class=\"wp-image-2289146\" src=\"https:\/\/puntocritico.com\/ausajpuntocritico\/wp-content\/uploads\/2023\/10\/Llamas-y-humo-surgen-de-los-ataques-aereos-israelies-en-Gaza-300x200.jpg\" alt=\"\" width=\"440\" height=\"293\" data-id=\"2289146\" srcset=\"https:\/\/puntocritico.com\/ausajpuntocritico\/wp-content\/uploads\/2023\/10\/Llamas-y-humo-surgen-de-los-ataques-aereos-israelies-en-Gaza-300x200.jpg 300w, https:\/\/puntocritico.com\/ausajpuntocritico\/wp-content\/uploads\/2023\/10\/Llamas-y-humo-surgen-de-los-ataques-aereos-israelies-en-Gaza-1024x683.jpg 1024w, https:\/\/puntocritico.com\/ausajpuntocritico\/wp-content\/uploads\/2023\/10\/Llamas-y-humo-surgen-de-los-ataques-aereos-israelies-en-Gaza-768x512.jpg 768w, https:\/\/puntocritico.com\/ausajpuntocritico\/wp-content\/uploads\/2023\/10\/Llamas-y-humo-surgen-de-los-ataques-aereos-israelies-en-Gaza-1320x880.jpg 1320w, https:\/\/puntocritico.com\/ausajpuntocritico\/wp-content\/uploads\/2023\/10\/Llamas-y-humo-surgen-de-los-ataques-aereos-israelies-en-Gaza.jpg 1366w\" sizes=\"auto, (max-width: 440px) 100vw, 440px\" \/><figcaption id=\"caption-attachment-2289146\" class=\"wp-caption-text\"><span style=\"color: #008000;\">Llamas y humo surgen de los ataques a\u00e9reos israel\u00edes en Gaza despu\u00e9s de que Israel cortara el suministro de agua mientras segu\u00eda bombardeando edificios palestinos abarrotados. Ahmed Zakot | Sipa v\u00eda AP<\/span><\/figcaption><\/figure>\n<p>&nbsp;<\/p>\n<p style=\"text-align: justify;\"><span style=\"font-size: 14pt;\">\u201cS<em>er jud\u00edo significa estar siempre con los oprimidos y nunca con los opresores<\/em>\u201d,\u00a0 dijo <a href=\"https:\/\/www.rebelnews.ie\/2018\/10\/03\/a-tribute-to-marek-edelman\/\" target=\"_blank\" rel=\"noopener\"><strong>Edelman<\/strong><\/a>.<\/span><\/p>\n<p style=\"text-align: justify;\"><span style=\"font-size: 14pt;\">El levantamiento de Varsovia ha inspirado a los palestinos durante mucho tiempo.\u00a0Los representantes de la <strong>Organizaci\u00f3n para la Liberaci\u00f3n de Palestina (OLP)<\/strong> sol\u00edan depositar una ofrenda floral en la conmemoraci\u00f3n anual del levantamiento en Polonia en el monumento del gueto de Varsovia.<\/span><\/p>\n<p style=\"text-align: justify;\"><span style=\"font-size: 14pt;\"><strong>Cuanta m\u00e1s violencia gasta el colonizador para someter a los ocupados, m\u00e1s se transforma en un monstruo<\/strong>. El actual gobierno de Israel est\u00e1\u00a0<a href=\"https:\/\/scheerpost.com\/2022\/12\/12\/chris-hedges-israel-and-the-rise-of-jewish-fascism\/\" target=\"_blank\" rel=\"noopener\" data-schema-attribute=\"\">poblado<\/a> por extremistas jud\u00edos, sionistas fan\u00e1ticos e intolerantes religiosos que est\u00e1n desmantelando la democracia israel\u00ed y pidiendo la expulsi\u00f3n o el asesinato en masa de los palestinos, incluidos los que viven dentro de Israel.<\/span><\/p>\n<p style=\"text-align: justify;\"><span style=\"font-size: 14pt;\">El fil\u00f3sofo israel\u00ed\u00a0\u00a0<strong><a href=\"https:\/\/plato.stanford.edu\/entries\/leibowitz-yeshayahu\/\" target=\"_blank\" rel=\"noopener\" data-schema-attribute=\"\">Yeshayahu Leibowitz<\/a><\/strong>, a quien <strong>Isiah Berlin<\/strong> llam\u00f3 \u201c<strong><em>la conciencia de Israel<\/em><\/strong>\u201d, advirti\u00f3 que si Israel no separaba la Iglesia y el Estado dar\u00eda lugar a un rabinato corrupto que convertir\u00eda al juda\u00edsmo en un culto fascista.<\/span><\/p>\n<p>&nbsp;<\/p>\n<blockquote>\n<p style=\"text-align: center;\"><strong><span style=\"font-size: 14pt; color: #008000;\">\u00ab<em>El nacionalismo religioso es para la religi\u00f3n lo que el nacionalsocialismo fue para el socialismo<\/em>\u00bb (Leibowitz).<\/span><\/strong><\/p>\n<\/blockquote>\n<p>&nbsp;<\/p>\n<p style=\"text-align: justify;\"><span style=\"font-size: 14pt;\">\u00ab<em>El nacionalismo religioso es para la religi\u00f3n lo que el nacionalsocialismo fue para el socialismo<\/em>\u00ab, dijo <strong>Leibowitz<\/strong>, quien muri\u00f3 en 1994.<\/span><\/p>\n<p style=\"text-align: justify;\"><span style=\"font-size: 14pt;\">Entendi\u00f3 que la veneraci\u00f3n ciega de los militares, especialmente despu\u00e9s de la guerra de 1967 que captur\u00f3 el Sina\u00ed de Egipto, Gaza, <em>Cisjordania<\/em> (<em>incluida Jerusal\u00e9n Oriental<\/em>) y los <em>Altos del Gol\u00e1n de Siria<\/em>, era peligrosa y conducir\u00eda a la destrucci\u00f3n final de Israel, junto con cualquier esperanza de democracia.<\/span><\/p>\n<p style=\"text-align: justify;\"><span style=\"font-size: 14pt;\">\u00ab<strong><em>Nuestra situaci\u00f3n se deteriorar\u00e1 hasta convertirse en la de un segundo Vietnam, en una guerra en constante escalada sin perspectivas de una resoluci\u00f3n final<\/em><\/strong>\u00ab, advirti\u00f3. Y presinti\u00f3<\/span>\u00a0que<\/p>\n<blockquote>\n<p style=\"text-align: justify;\"><span style=\"color: #008000;\"><strong>\u201c<span style=\"font-size: 14pt;\"><em>los \u00e1rabes ser\u00edan los trabajadores y los jud\u00edos los administradores, inspectores, funcionarios y polic\u00edas, principalmente la polic\u00eda secreta.\u00a0Un Estado que gobierna a una poblaci\u00f3n hostil de entre 1,5 y 2 millones de extranjeros se convertir\u00eda necesariamente en un Estado de polic\u00eda secreta, con todo lo que esto implica para la educaci\u00f3n, la libertad de expresi\u00f3n y las instituciones democr\u00e1ticas.\u00a0La corrupci\u00f3n caracter\u00edstica de todo r\u00e9gimen colonial tambi\u00e9n prevalecer\u00eda en el Estado de Israel.\u00a0La administraci\u00f3n tendr\u00eda que reprimir la insurgencia \u00e1rabe, por un lado, y adquirir colaboracionistas \u00e1rabes, por el otro.\u00a0Tambi\u00e9n hay buenos motivos para temer que las Fuerzas de Defensa de Israel, que hasta ahora han sido un ej\u00e9rcito popular, al transformarse en un ej\u00e9rcito de ocupaci\u00f3n, degeneren, y sus comandantes, que se habr\u00e1n convertido en gobernadores militares, se parezcan a sus colegas en otras naciones<\/em><\/span>\u201d.<\/strong><\/span><\/p>\n<\/blockquote>\n<p>&nbsp;<\/p>\n<figure id=\"attachment_2289147\" aria-describedby=\"caption-attachment-2289147\" style=\"width: 440px\" class=\"wp-caption aligncenter\"><img loading=\"lazy\" decoding=\"async\" class=\"wp-image-2289147\" src=\"https:\/\/puntocritico.com\/ausajpuntocritico\/wp-content\/uploads\/2023\/10\/escombros-gaza-300x200.jpg\" alt=\"\" width=\"440\" height=\"293\" data-id=\"2289147\" srcset=\"https:\/\/puntocritico.com\/ausajpuntocritico\/wp-content\/uploads\/2023\/10\/escombros-gaza-300x200.jpg 300w, https:\/\/puntocritico.com\/ausajpuntocritico\/wp-content\/uploads\/2023\/10\/escombros-gaza-1024x683.jpg 1024w, https:\/\/puntocritico.com\/ausajpuntocritico\/wp-content\/uploads\/2023\/10\/escombros-gaza-768x512.jpg 768w, https:\/\/puntocritico.com\/ausajpuntocritico\/wp-content\/uploads\/2023\/10\/escombros-gaza-1320x880.jpg 1320w, https:\/\/puntocritico.com\/ausajpuntocritico\/wp-content\/uploads\/2023\/10\/escombros-gaza.jpg 1366w\" sizes=\"auto, (max-width: 440px) 100vw, 440px\" \/><figcaption id=\"caption-attachment-2289147\" class=\"wp-caption-text\"><span style=\"color: #008000;\">Una vista de los escombros de los edificios residenciales afectados por un ataque a\u00e9reo israel\u00ed, en la ciudad de Gaza, el 10 de octubre de 2023. Fatima Shbair | AP<\/span><\/figcaption><\/figure>\n<p>&nbsp;<\/p>\n<p style=\"text-align: justify;\"><strong><span style=\"font-size: 14pt;\">Vio que una ocupaci\u00f3n prolongada de los palestinos inevitablemente generar\u00eda \u201c<\/span><em style=\"font-size: 14pt;\">campos de concentraci\u00f3n<\/em><span style=\"font-size: 14pt;\">\u201d<\/span><\/strong><span style=\"font-size: 14pt;\">.<\/span><span style=\"font-size: 14pt;\">\u00a0<\/span><span style=\"font-size: 14pt;\">\u201c<\/span><em style=\"font-size: 14pt;\">Israel<\/em><span style=\"font-size: 14pt;\">\u201d, dijo, \u201c<\/span><em style=\"font-size: 14pt;\">no merecer\u00eda existir y no valdr\u00e1 la pena preservarlo<\/em><span style=\"font-size: 14pt;\">\u201d.<\/span><\/p>\n<p>&nbsp;<\/p>\n<blockquote>\n<p style=\"text-align: center;\"><span style=\"font-size: 14pt;\"><strong><span style=\"color: #008000;\">La pr\u00f3xima etapa de esta lucha ser\u00e1 una campa\u00f1a masiva de matanza industrial en Gaza por parte de Israel, que ya ha comenzado<\/span><\/strong><\/span><\/p>\n<\/blockquote>\n<p>&nbsp;<\/p>\n<div class=\"entry-content\">\n<p style=\"text-align: justify;\"><span style=\"font-size: 14pt;\"><strong>La pr\u00f3xima etapa de esta lucha ser\u00e1 una campa\u00f1a masiva de matanza industrial en Gaza por parte de Israel, que ya ha comenzado<\/strong>.\u00a0Israel est\u00e1 convencido de que mayores niveles de violencia finalmente aplastar\u00e1n las aspiraciones palestinas.\u00a0Israel est\u00e1 equivocado.\u00a0El terror que Israel inflige es el terror que recibir\u00e1.<\/span><\/p>\n<\/div>\n<p>&nbsp;<\/p>\n<figure id=\"attachment_2289209\" aria-describedby=\"caption-attachment-2289209\" style=\"width: 678px\" class=\"wp-caption aligncenter\"><img loading=\"lazy\" decoding=\"async\" class=\"wp-image-2289209 size-mh-magazine-content\" src=\"https:\/\/puntocritico.com\/ausajpuntocritico\/wp-content\/uploads\/2023\/10\/Ninos-palestinos-asesinados-World-Press-Photo-678x381.jpg\" alt=\"\" width=\"678\" height=\"381\" data-id=\"2289209\" \/><figcaption id=\"caption-attachment-2289209\" class=\"wp-caption-text\"><span style=\"color: #008000;\">Ni\u00f1os musulmanes asesinados (World Press Photo)<\/span><\/figcaption><\/figure>\n<p style=\"text-align: center;\"><strong><span style=\"color: #008000; font-size: 18pt;\">***<\/span><\/strong><\/p>\n<div class=\"entry-content\">\n<blockquote>\n<p style=\"text-align: center;\"><span style=\"font-size: 14pt;\"><strong>Foto destacada<\/strong>: Un ni\u00f1o palestino se sienta entre los escombros de un edificio residencial destruido tras un ataque a\u00e9reo israel\u00ed en Khan Yunis, Gaza, el 10 de octubre de 2023. Abed Rahim Khatib | AP<\/span><\/p>\n<\/blockquote>\n<\/div>\n<blockquote>\n<p style=\"text-align: center;\"><span style=\"font-size: 14pt;\"><strong>Chris Hedges<\/strong>\u00a0es un periodista ganador del <em>Premio Pulitzer<\/em> que fue corresponsal extranjero durante quince a\u00f1os para\u00a0\u00a0<em>The New York Times,\u00a0<\/em>\u00a0donde se desempe\u00f1\u00f3 como jefe de la oficina de Medio Oriente y jefe de la oficina de los Balcanes del peri\u00f3dico.\u00a0Anteriormente trabaj\u00f3 en el extranjero para\u00a0\u00a0<em>The Dallas Morning News<\/em>\u00a0,\u00a0\u00a0<em>The Christian Science Monitor<\/em>\u00a0y NPR.\u00a0Es el presentador del programa\u00a0\u00a0<em>The Chris Hedges Report.<\/em><\/span><\/p>\n<p style=\"text-align: center;\"><span style=\"font-size: 14pt;\">Fue miembro del equipo que gan\u00f3 el Premio Pulitzer de Reportaje Explicativo en 2002 por la cobertura del terrorismo global del New York Times, y recibi\u00f3 el Premio Global de Periodismo de Derechos Humanos de Amnist\u00eda Internacional en 2002.\u00a0Hedges, que tiene una Maestr\u00eda en Divinidad de la Harvard Divinity School, es autor de los bestsellers American Fascists: The Christian Right and the War on America, Empire of Illusion: The End of Literacy and the Triumph of Spectacle y fue cr\u00edtico nacional de libros. Finalista del c\u00edrculo por su libro La guerra es una fuerza que nos da significado.\u00a0Es miembro principal del Nation Institute y escribe una columna en l\u00ednea para el sitio web Truthdig.\u00a0Ha ense\u00f1ado en la Universidad de Columbia, la Universidad de Nueva York, la Universidad de Princeton y la Universidad de Toronto.<\/span><\/p>\n<p class=\"content-disclaimer\" style=\"text-align: center;\">\u00a0<\/p>\n<\/blockquote>\n<figure id=\"attachment_2263410\" aria-describedby=\"caption-attachment-2263410\" style=\"width: 400px\" class=\"wp-caption aligncenter\"><a href=\"https:\/\/puntocritico.com\/ausajpuntocritico\/2018\/04\/17\/las-guerras-por-la-paz-se-basan-en-las-mentiras-en-siria-como-en-irak\/\"><img loading=\"lazy\" decoding=\"async\" class=\"wp-image-2263410\" src=\"https:\/\/puntocritico.com\/ausajpuntocritico\/wp-content\/uploads\/2022\/12\/Hedges-cita-en-ingles-300x225.jpg\" alt=\"\" width=\"400\" height=\"299\" data-id=\"2263410\" srcset=\"https:\/\/puntocritico.com\/ausajpuntocritico\/wp-content\/uploads\/2022\/12\/Hedges-cita-en-ingles-300x225.jpg 300w, https:\/\/puntocritico.com\/ausajpuntocritico\/wp-content\/uploads\/2022\/12\/Hedges-cita-en-ingles-326x245.jpg 326w, https:\/\/puntocritico.com\/ausajpuntocritico\/wp-content\/uploads\/2022\/12\/Hedges-cita-en-ingles-80x60.jpg 80w, https:\/\/puntocritico.com\/ausajpuntocritico\/wp-content\/uploads\/2022\/12\/Hedges-cita-en-ingles.jpg 517w\" sizes=\"auto, (max-width: 400px) 100vw, 400px\" \/><\/a><figcaption id=\"caption-attachment-2263410\" class=\"wp-caption-text\"><span style=\"color: #008000;\">\u00abVivimos en una naci\u00f3n en la que los m\u00e9dicos destruyen la salud, los abogados destruyen la justicia, las universidades destruyen el conocimiento, los gobiernos destruyen la libertad, la prensa destruye la informaci\u00f3n, la religi\u00f3n destruye la moral, y nuestros bancos destruyen la econom\u00eda\u00bb .<\/span><\/figcaption><\/figure>\n<p style=\"text-align: center;\"><strong><span style=\"color: #008000; font-size: 18pt;\">*******<\/span><\/strong><\/p>\n<h2 style=\"text-align: center;\"><span style=\"font-size: 24pt;\">DOCUMENTAL\u00a0<\/span><span style=\"font-size: 24pt;\">(2022)<\/span><span style=\"font-size: 24pt;\">: GAZA FIGHTS BACK<\/span><\/h2>\n<p style=\"text-align: center;\"><strong><span style=\"font-size: 14pt;\">Cuenta la historia de c\u00f3mo la resistencia armada de Gaza intervino en la Jerusal\u00e9n ocupada cuando los colonos israel\u00edes expulsaron a los palestinos de sus hogares y crearon provocaciones en el complejo de al-Aqsa<\/span><\/strong><\/p>\n<p style=\"text-align: center;\"><a href=\"https:\/\/www.mintpressnews.com\/watch-documentary-trailer-gaza-fights-back-dan-cohen\/281457\/\" target=\"_blank\" rel=\"noopener\"><strong><span style=\"font-size: 14pt;\">MINTPRESS NEWS<\/span><\/strong><\/a><\/p>\n<p>&nbsp;<\/p>\n<div style=\"padding: 56.25% 0 0 0; position: relative;\"><iframe loading=\"lazy\" style=\"position: absolute; top: 0; left: 0; width: 100%; height: 100%;\" title=\"Gaza Fights Back _ MintPress News Original Documentary (1080p_50fps_H264-128kbit_AAC)\" src=\"\/\/player.vimeo.com\/video\/874120751?title=0&amp;amp;byline=0\" width=\"425\" height=\"350\" frameborder=\"0\" data-mce-fragment=\"1\"><\/iframe><\/div>\n<p><script src=\"https:\/\/player.vimeo.com\/api\/player.js\"><\/script><\/p>\n<blockquote>\n<p style=\"text-align: center;\"><span style=\"font-size: 14pt;\"><strong>Gaza Fights Back<\/strong> es un documental original de <strong>MintPress News<\/strong>, dirigido por <strong>Dan Cohen<\/strong>. Cuenta la historia de c\u00f3mo la resistencia armada de Gaza intervino en la Jerusal\u00e9n ocupada cuando los colonos israel\u00edes expulsaron a los palestinos de sus hogares y crearon provocaciones en el complejo de al-Aqsa. Con raras entrevistas con la resistencia armada palestina y v\u00edctimas inocentes de la agresi\u00f3n israel\u00ed, <strong>Gaza Fights Back<\/strong> ofrece una mirada \u00fanica a c\u00f3mo el brazo armado de Hamas burl\u00f3 al ej\u00e9rcito m\u00e1s poderoso de la regi\u00f3n y el precio cobrado a la poblaci\u00f3n civil.<\/span><\/p>\n<p style=\"text-align: center;\"><strong><span style=\"font-size: 18pt;\">BORRADO Y CANCELADO POR LOS SIONISTAS DE <a href=\"https:\/\/www.google.com\/aclk?sa=L&amp;ai=DChsSEwj2_4KM2puQAxUCpFAGHVARAkQYACICCAEQABoCZGc&amp;ae=2&amp;co=1&amp;ase=2&amp;gclid=EAIaIQobChMI9v-CjNqbkAMVAqRQBh1QEQJEEAAYASAAEgJRufD_BwE&amp;cce=2&amp;category=acrcp_v1_71&amp;sig=AOD64_1k5pr1t2cjcdqTHyXZ31vhyFoH3A&amp;q&amp;nis=4&amp;adurl&amp;ved=2ahUKEwiGi_6L2puQAxUaZ0EAHVnZFj0Q0Qx6BAgLEAE\" target=\"_blank\" rel=\"noopener\" data-schema-attribute=\"\">VIMEO<\/a>.<\/span><\/strong><\/p>\n<p style=\"text-align: center;\"><span style=\"font-size: 14pt;\"><strong> UN <a href=\"https:\/\/puntocritico.com\/ausajpuntocritico\/2024\/07\/29\/lobotomia\/\" target=\"_blank\" rel=\"noopener\" data-schema-attribute=\"\">GRAVE DELITO<\/a> QUE LA GUARDIA CIVIL SE NEG\u00d3 A INVESTIGAR<\/strong><\/span><\/p>\n<\/blockquote>\n<p>&nbsp;<\/p>\n<p style=\"text-align: center;\"><a href=\"https:\/\/www.youtube.com\/watch?v=f3tsBlqa7SU&amp;embeds_referring_euri=https%3A%2F%2Fcdn.iframe.ly%2F&amp;source_ve_path=Mjg2NjY&amp;feature=emb_logo\" target=\"_blank\" rel=\"noopener\"><strong><span style=\"font-size: 14pt;\">VER EN YOUTUBE (subtitulado)<\/span><\/strong><\/a><\/p>\n<p style=\"text-align: center;\"><iframe loading=\"lazy\" title=\"YouTube video player\" src=\"\/\/www.youtube.com\/embed\/f3tsBlqa7SU?si=Hko_efNtpxxiVhqr\" width=\"560\" height=\"315\" frameborder=\"0\" allowfullscreen=\"allowfullscreen\"><\/iframe><\/p>\n<p>&nbsp;<\/p>\n<p>&nbsp;<\/p>\n<p><a href=\"https:\/\/puntocritico.com\/ausajpuntocritico\/2024\/07\/29\/lobotomia\/\" target=\"_blank\" rel=\"noopener\" data-schema-attribute=\"\"><img loading=\"lazy\" decoding=\"async\" class=\"aligncenter wp-image-2300041\" src=\"https:\/\/puntocritico.com\/ausajpuntocritico\/wp-content\/uploads\/2024\/07\/lobotomia-cerebro-wide-PPAL-300x169.jpg\" alt=\"\" width=\"400\" height=\"225\" srcset=\"https:\/\/puntocritico.com\/ausajpuntocritico\/wp-content\/uploads\/2024\/07\/lobotomia-cerebro-wide-PPAL-300x169.jpg 300w, https:\/\/puntocritico.com\/ausajpuntocritico\/wp-content\/uploads\/2024\/07\/lobotomia-cerebro-wide-PPAL.jpg 678w\" sizes=\"auto, (max-width: 400px) 100vw, 400px\" \/><\/a><\/p>\n<p style=\"text-align: center;\"><span style=\"font-size: 18pt;\"><strong><span style=\"color: #008000;\">***<\/span><\/strong><\/span><\/p>\n<p style=\"text-align: justify;\"><span style=\"font-size: 14pt;\">Filmado\u00a0durante el ataque y en los d\u00edas posteriores al alto el fuego, el documental cuenta la historia de c\u00f3mo los grupos de resistencia armada de Gaza burlaron al ej\u00e9rcito israel\u00ed, muy superior, y establecieron su capacidad para intervenir contra la limpieza \u00e9tnica israel\u00ed de barrios como <em>Sheikh<\/em> <em>Jarrah<\/em> y las provocaciones en al- Complejo de <em>Aqsa<\/em> en la Jerusal\u00e9n Oriental ocupada.<\/span><\/p>\n<p style=\"text-align: justify;\"><span style=\"font-size: 14pt;\">\u00ab<em>Las capacidades militares palestinas no son muy sofisticadas ni destructivas, pero se vuelven muy efectivas cuando son utilizadas por j\u00f3venes palestinos inteligentes que creen en sus derechos y libertade<\/em>s\u00bb, dice un comandante enmascarado de <em>al-Qassam<\/em>.<\/span><\/p>\n<p style=\"text-align: justify;\"><span style=\"font-size: 14pt;\">El documental presenta entrevistas \u00edntimas con supervivientes, muchos de los cuales perdieron a familiares en el bombardeo israel\u00ed.<\/span><\/p>\n<p style=\"text-align: justify;\"><span style=\"font-size: 14pt;\">Entre ellos se encuentra <strong>Omar Abu al-Ouf<\/strong>, quien perdi\u00f3 a 22 familiares en el bombardeo de la casa de su familia en al-Remal, la calle principal de Gaza.<\/span><\/p>\n<blockquote>\n<p style=\"text-align: justify;\"><span style=\"font-size: 14pt;\"><strong><span style=\"color: #008000;\">\u201cEl primer misil cay\u00f3 sobre nosotros en la calle sin previo aviso ni llamada\u201d, relat\u00f3.<\/span><\/strong><\/span><\/p>\n<\/blockquote>\n<p>&nbsp;<\/p>\n<p style=\"text-align: justify;\"><span style=\"font-size: 14pt;\">Entre los asesinados se encontraba el padre de <strong>Omar<\/strong>, el <strong>Dr. Ayman Abu al-Ouf<\/strong>, uno de los m\u00e9dicos m\u00e1s importantes de toda Gaza.<\/span><\/p>\n<p style=\"text-align: justify;\"><span style=\"font-size: 14pt;\">Otros, como <strong>Amal Ramzi Muhammed Nasir<\/strong>, de<strong> 11 a\u00f1os<\/strong>, huyeron en medio del bombardeo para refugiarse en escuelas administradas por las Naciones Unidas.<\/span><\/p>\n<blockquote>\n<p style=\"text-align: justify;\"><span style=\"color: #008000;\"><strong><span style=\"font-size: 14pt;\">\u201c<em>Est\u00e1bamos tratando de dormir.\u00a0Exactamente a la 1 de la madrugada se oyeron ruidos de explosiones y ataques a\u00e9reos en las cercan\u00edas.\u00a0La casa temblaba por la intensidad de las explosiones<\/em>\u201d.<\/span><\/strong><\/span><\/p>\n<\/blockquote>\n<p>&nbsp;<\/p>\n<p style=\"text-align: justify;\"><span style=\"font-size: 14pt;\">Despu\u00e9s de escapar a una escuela, <strong>Nasir<\/strong> y su familia regresaron despu\u00e9s del alto el fuego y encontraron sus hogares en ruinas.<\/span><\/p>\n<blockquote>\n<p style=\"text-align: justify;\"><span style=\"font-size: 14pt; color: #008000;\"><strong>\u201c<em>Llegamos y vimos que nuestro barrio que nos alberg\u00f3 toda nuestra vida, nuestro refugio, estaba completamente arrasado<\/em>\u201d, record\u00f3.\u00a0\u00ab<em>Todas las casas fueron da\u00f1adas y bombardeadas<\/em>\u00ab.<\/strong><\/span><\/p>\n<\/blockquote>\n<p>&nbsp;<\/p>\n<p style=\"text-align: justify;\"><span style=\"font-size: 14pt;\"><strong>Jawad Mahdi<\/strong>, propietario de la torre al-Jalaa, describi\u00f3 c\u00f3mo Israel destruy\u00f3 el lugar donde \u00e9l y su familia vivieron durante 25 a\u00f1os:<\/span><\/p>\n<div class=\"entry-content\">\n<blockquote>\n<p style=\"text-align: justify;\"><span style=\"font-size: 14pt; color: #008000;\"><strong>\u00ab<em>El edificio se derrumb\u00f3 y se llev\u00f3 25 a\u00f1os de recuerdos, un lugar en el que vivimos durante 25 a\u00f1os, con mis hijos, nietos, vecinos y amigos. Imag\u00ednese construir una casa ladrillo a ladrillo, pieza a pieza, viviendo en su hogar con sus conocimientos y sue\u00f1os. De repente, te encuentras fuera de esta casa. Una tragedia indescriptible: ser expulsado de su propia casa en un instante, en cuesti\u00f3n de segundos, incluso en un minuto, por razones inexistentes, il\u00f3gicas y poco \u00e9ticas<\/em>\u201d.<\/strong><\/span><\/p>\n<\/blockquote>\n<p>&nbsp;<\/p>\n<p style=\"text-align: justify;\"><span style=\"font-size: 14pt;\">En cuanto a futuros enfrentamientos con el ej\u00e9rcito israel\u00ed, el comandante de al-Qassam los ve inevitables mientras persista la ocupaci\u00f3n: \u201c<em>La ocupaci\u00f3n israel\u00ed experiment\u00f3 nuestras capacidades militares en la \u00faltima agresi\u00f3n a la Franja de Gaza y el mundo entero lo vio.\u00a0Y todav\u00eda tenemos capacidades m\u00e1s importantes en la sombra<\/em>\u201d.<\/span><\/p>\n<p style=\"text-align: justify;\"><span style=\"font-size: 14pt;\">\u00c9l cree que la resistencia armada presenta un camino viable hacia la liberaci\u00f3n:<\/span><\/p>\n<blockquote>\n<p style=\"text-align: justify;\"><span style=\"color: #008000;\"><strong><span style=\"font-size: 14pt;\"><i>La lecci\u00f3n aprendida de la \u00faltima agresi\u00f3n a la Franja de Gaza es que Israel es un Estado ocupante que puede ser derrotado.\u00a0No es un Estado firme el que ha descrito la maquinaria de propaganda sionista israel\u00ed.\u00a0Los palestinos pueden obtener su liberaci\u00f3n y recuperar sus derechos y libertades\u201d.<\/i><\/span><\/strong><\/span><\/p>\n<\/blockquote>\n<\/div>\n<p>&nbsp;<\/p>\n<p><img loading=\"lazy\" decoding=\"async\" class=\"aligncenter wp-image-2289216 size-full\" src=\"https:\/\/puntocritico.com\/ausajpuntocritico\/wp-content\/uploads\/2023\/10\/ninos-bombardeados-en-Gaza.png\" alt=\"\" width=\"510\" height=\"337\" data-id=\"2289216\" srcset=\"https:\/\/puntocritico.com\/ausajpuntocritico\/wp-content\/uploads\/2023\/10\/ninos-bombardeados-en-Gaza.png 510w, https:\/\/puntocritico.com\/ausajpuntocritico\/wp-content\/uploads\/2023\/10\/ninos-bombardeados-en-Gaza-300x198.png 300w\" sizes=\"auto, (max-width: 510px) 100vw, 510px\" \/><\/p>\n<p style=\"text-align: center;\"><span style=\"font-size: 18pt;\"><strong><span style=\"color: #008000;\">***<\/span><\/strong><\/span><\/p>\n<div class=\"entry-content\">\n<blockquote>\n<p style=\"text-align: center;\">Foto destacada |\u00a0Un ni\u00f1o palestino se sienta sobre los escombros de casas destruidas por los ataques a\u00e9reos israel\u00edes en la ciudad de Beit Hanoun, en el norte de la Franja de Gaza, el 21 de mayo de 2021. Khalil Hamra |\u00a0AP<\/p>\n<p style=\"text-align: center;\"><em><strong>Dan Cohen<\/strong> es corresponsal en Washington DC de Behind The Headlines. Ha producido reportajes en v\u00eddeo y despachos impresos de amplia distribuci\u00f3n en todo Israel y Palestina.\u00a0<\/em><\/p>\n<\/blockquote>\n<\/div>\n<div class=\"creative-commons\">\n<p>&nbsp;<\/p>\n<p><figure id=\"attachment_2289152\" aria-describedby=\"caption-attachment-2289152\" style=\"width: 440px\" class=\"wp-caption aligncenter\"><img loading=\"lazy\" decoding=\"async\" class=\"wp-image-2289152\" src=\"https:\/\/puntocritico.com\/ausajpuntocritico\/wp-content\/uploads\/2023\/10\/Hombres-cargan-a-un-nino-Palestino-que-murio-por-los-ataques-aereos-israelies-300x200.jpg\" alt=\"\" width=\"440\" height=\"293\" data-id=\"2289152\" srcset=\"https:\/\/puntocritico.com\/ausajpuntocritico\/wp-content\/uploads\/2023\/10\/Hombres-cargan-a-un-nino-Palestino-que-murio-por-los-ataques-aereos-israelies-300x200.jpg 300w, https:\/\/puntocritico.com\/ausajpuntocritico\/wp-content\/uploads\/2023\/10\/Hombres-cargan-a-un-nino-Palestino-que-murio-por-los-ataques-aereos-israelies-1024x683.jpg 1024w, https:\/\/puntocritico.com\/ausajpuntocritico\/wp-content\/uploads\/2023\/10\/Hombres-cargan-a-un-nino-Palestino-que-murio-por-los-ataques-aereos-israelies-768x512.jpg 768w, https:\/\/puntocritico.com\/ausajpuntocritico\/wp-content\/uploads\/2023\/10\/Hombres-cargan-a-un-nino-Palestino-que-murio-por-los-ataques-aereos-israelies-1320x880.jpg 1320w, https:\/\/puntocritico.com\/ausajpuntocritico\/wp-content\/uploads\/2023\/10\/Hombres-cargan-a-un-nino-Palestino-que-murio-por-los-ataques-aereos-israelies.jpg 1366w\" sizes=\"auto, (max-width: 440px) 100vw, 440px\" \/><figcaption id=\"caption-attachment-2289152\" class=\"wp-caption-text\"><span style=\"color: #008000;\">Hombres cargan a un ni\u00f1o que muri\u00f3 cuando los ataques a\u00e9reos israel\u00edes tuvieron como objetivo un complejo de apartamentos en Gaza el 16 de mayo de 2021. Foto | AP<\/span><\/figcaption><\/figure>\n<\/div>\n<p style=\"text-align: center;\"><strong><span style=\"color: #008000; font-size: 18pt;\">*******<\/span><\/strong><\/p>\n<h2 style=\"text-align: center;\"><span style=\"font-size: 24pt;\">LOS ARCHIVOS ESTATALES DE ISRAEL REVELAN UNA LARGA Y S\u00d3RDIDA HISTORIA CON LOS EXTREMISTAS ANTISEMITAS EN EUROPA<\/span><\/h2>\n<blockquote>\n<p style=\"text-align: center;\"><strong><span style=\"font-size: 14pt;\">En\u00a0toda Europa, el populismo de extrema derecha est\u00e1 surgiendo.\u00a0Los partidos de derecha con ra\u00edces neofascistas forman parte de coaliciones de gobierno o aumentan sus esca\u00f1os parlamentarios.\u00a0Sin embargo, los temores de que el antisemitismo aumente en Europa no han impedido que Israel se comprometa con los extremistas europeos, una pol\u00edtica de Estado incluso antes de su creaci\u00f3n<\/span><\/strong><\/p>\n<\/blockquote>\n<p style=\"text-align: justify;\"><span style=\"font-size: 14pt;\">Por Jessica Buxbaum<\/span><\/p>\n<p style=\"text-align: justify;\"><span style=\"font-size: 14pt;\"><a href=\"https:\/\/www.mintpressnews.com\/israel-long-supported-europe-anti-semitic-extremists\/285906\/\" target=\"_blank\" rel=\"noopener\">MintPressNews<\/a>, 4 oct 2023<\/span><\/p>\n<p><img loading=\"lazy\" decoding=\"async\" class=\"aligncenter wp-image-2289153 size-mh-magazine-content\" src=\"https:\/\/puntocritico.com\/ausajpuntocritico\/wp-content\/uploads\/2023\/10\/AP23077360634516_edited-678x381.jpg\" alt=\"\" width=\"678\" height=\"381\" data-id=\"2289153\" srcset=\"https:\/\/puntocritico.com\/ausajpuntocritico\/wp-content\/uploads\/2023\/10\/AP23077360634516_edited-678x381.jpg 678w, https:\/\/puntocritico.com\/ausajpuntocritico\/wp-content\/uploads\/2023\/10\/AP23077360634516_edited-300x169.jpg 300w, https:\/\/puntocritico.com\/ausajpuntocritico\/wp-content\/uploads\/2023\/10\/AP23077360634516_edited-1024x576.jpg 1024w, https:\/\/puntocritico.com\/ausajpuntocritico\/wp-content\/uploads\/2023\/10\/AP23077360634516_edited-768x432.jpg 768w, https:\/\/puntocritico.com\/ausajpuntocritico\/wp-content\/uploads\/2023\/10\/AP23077360634516_edited-1320x743.jpg 1320w, https:\/\/puntocritico.com\/ausajpuntocritico\/wp-content\/uploads\/2023\/10\/AP23077360634516_edited.jpg 1366w\" sizes=\"auto, (max-width: 678px) 100vw, 678px\" \/><\/p>\n<p>&nbsp;<\/p>\n<p style=\"text-align: justify;\"><span style=\"font-size: 14pt;\">En\u00a0toda Europa, el populismo de extrema derecha est\u00e1 surgiendo.\u00a0Los partidos de derecha con ra\u00edces neofascistas forman parte de coaliciones de gobierno o aumentan sus esca\u00f1os parlamentarios.\u00a0Sin embargo, los temores de que el antisemitismo aumente en Europa no han impedido que Israel se comprometa con los extremistas europeos, una pol\u00edtica de Estado incluso antes de su creaci\u00f3n.<\/span><\/p>\n<p style=\"text-align: justify;\"><span style=\"font-size: 14pt;\">En agosto, el embajador de Israel en Rumania, <strong>Reuven Azar<\/strong>, se reuni\u00f3 con el l\u00edder del partido de extrema derecha <em>Alianza por la Uni\u00f3n de Rumanos (AUR)<\/em>, <strong>George Simion<\/strong>, provocando indignaci\u00f3n en Israel y entre la di\u00e1spora jud\u00eda.\u00a0<strong>El gobierno israel\u00ed ha boicoteado durante mucho tiempo al partido por su antisemitismo y su ret\u00f3rica de negaci\u00f3n del Holocausto, pero la reuni\u00f3n del embajador pareci\u00f3 revertir esa pol\u00edtica<\/strong>.<\/span><\/p>\n<p style=\"text-align: justify;\"><span style=\"font-size: 14pt;\">El <em>ministro de Asuntos Exteriores israel\u00ed<\/em>, <strong>Eli Cohen<\/strong>, orden\u00f3 a <strong>Azar<\/strong> y al l\u00edder de los colonos <strong>Yossi Dagan<\/strong> que se reunieran con el\u00a0<a href=\"https:\/\/www.haaretz.com\/israel-news\/2023-08-28\/ty-article\/.premium\/israels-fm-orders-envoy-to-romania-to-meet-with-countrys-far-right-party-leader\/0000018a-3be2-d6c0-a3aa-fbeafef90000\" target=\"_blank\" rel=\"noopener\" data-schema-attribute=\"\">jefe del partido AUR<\/a>.\u00a0El Ministerio de Relaciones Exteriores de Israel no respondi\u00f3 a las solicitudes de MintPress News de comentar sobre la reuni\u00f3n.\u00a0Adem\u00e1s de esta controvertida reuni\u00f3n,\u00a0<a href=\"https:\/\/www.jpost.com\/israel-news\/politics-and-diplomacy\/article-750040\" target=\"_blank\" rel=\"noopener\" data-schema-attribute=\"\"><strong>Cohen<\/strong> se reuni\u00f3<\/a>\u00a0en julio con el viceprimer ministro y ministro de Asuntos Exteriores de Italia, <strong>Antonio<\/strong> <strong>Tajani<\/strong>, y enfatiz\u00f3 el fortalecimiento de las relaciones entre los dos estados.\u00a0Este acontecimiento se produce a pesar de que <strong>Giorgia<\/strong> <strong>Meloni<\/strong>, l\u00edder del partido neofascista <em>Hermanos de Italia<\/em>, prest\u00f3 juramento como primera ministra en 2022. La nueva coalici\u00f3n es vista como la m\u00e1s de extrema derecha de Italia desde la Segunda Guerra Mundial.<\/span><\/p>\n<p style=\"text-align: justify;\"><span style=\"font-size: 14pt;\">Si bien los medios de comunicaci\u00f3n y los expertos pol\u00edticos denuncian al Ministerio de Asuntos Exteriores de Israel por lo que perciben como un cambio de pol\u00edtica, <strong>Israel tiene una larga historia de apoyo a reg\u00edmenes fascistas y a pol\u00edticos de derecha en el extranjero<\/strong>.<\/span><\/p>\n<p>&nbsp;<\/p>\n<h3 style=\"text-align: center;\"><span style=\"font-size: 18pt;\"><strong>La larga y s\u00f3rdida historia de Israel con la extrema derecha europea<\/strong><\/span><\/h3>\n<p style=\"text-align: justify;\"><span style=\"font-size: 14pt;\"><strong>La relaci\u00f3n de Israel con la extrema derecha se origina incluso antes del establecimiento del Estado<\/strong>.\u00a0Grupos militantes <em>sionistas<\/em> como <strong>Irgun<\/strong>, <strong>Betar<\/strong> y <strong>Lehi<\/strong> (<em>todos ellos influenciadores del <strong>Partido Likud<\/strong> del primer ministro israel\u00ed <strong>Benjam\u00edn Netanyahu<\/strong><\/em>) estaban <strong>involucrados en movimientos fascistas<\/strong>.\u00a0<strong>Lehi<\/strong> intent\u00f3 aliarse con el <strong><em>Tercer Reich<\/em><\/strong> en 1941, mientras <strong>Betar<\/strong> e <strong>Irgun<\/strong> recib\u00edan el apoyo del dictador italiano <strong>Benito<\/strong> <strong>Mussolini<\/strong>.<\/span><\/p>\n<p style=\"text-align: justify;\"><span style=\"font-size: 14pt;\">Durante una conversaci\u00f3n privada con <strong>Nahum Goldman<\/strong>, fundador del <em>Congreso Jud\u00edo Mundial<\/em>, en noviembre de 1934, <strong>Mussolini<\/strong> expres\u00f3 su admiraci\u00f3n por<strong> Ze&#8217;ev Jabotinsky<\/strong>, fundador de <strong>Betar<\/strong> y <strong>Irgun<\/strong>, y le\u00a0<a href=\"https:\/\/www.palestinechronicle.com\/the-mussolini-jabotinsky-connection-the-hidden-roots-of-israel-fascist-past\/\" target=\"_blank\" rel=\"noopener\" data-schema-attribute=\"\">dijo a Goldman:<\/a><\/span><\/p>\n<blockquote>\n<p style=\"text-align: justify;\"><span style=\"font-size: 14pt; color: #008000;\"><strong>Para que el sionismo tenga \u00e9xito, es necesario tener un Estado jud\u00edo con una bandera y un idioma jud\u00edos. La persona que entiende esto es su fascista Jabotinsky\u201d.<\/strong><\/span><\/p>\n<\/blockquote>\n<p>&nbsp;<\/p>\n<p style=\"text-align: justify;\"><span style=\"font-size: 14pt;\">La admiraci\u00f3n fue mutua, y otros l\u00edderes <em>sionistas<\/em> como <strong>Itamar Ben-Avi<\/strong>\u00a0<a href=\"https:\/\/www.haaretz.com\/israel-news\/2019-07-20\/ty-article-magazine\/.premium\/when-jews-praised-mussolini-and-supported-nazis-meet-israels-first-fascists\/0000017f-dc71-d856-a37f-fdf1fb910000\" target=\"_blank\" rel=\"noopener\" data-schema-attribute=\"\">elogiaron las acciones de <strong>Mussolini<\/strong><\/a>.<\/span><\/p>\n<p style=\"text-align: justify;\"><span style=\"font-size: 14pt;\">Adem\u00e1s, <strong>Jabotinsky<\/strong>, reconocido como el <em>fundador del sionismo revisionista<\/em>, cre\u00f3 la\u00a0<a href=\"https:\/\/decolonizepalestine.com\/myth\/the-mufti-helped-inspire-the-holocaust\/\" target=\"_blank\" rel=\"noopener\" data-schema-attribute=\"\">Academia Naval Betar<\/a>\u00a0en Italia durante el reinado de <strong>Mussolini<\/strong>, donde se entrenaron muchos de los futuros comandantes de la marina israel\u00ed.\u00a0Se sab\u00eda que varios de los cadetes apoyaban las pol\u00edticas de <strong>Mussolini<\/strong>.<\/span><\/p>\n<p>&nbsp;<\/p>\n<figure id=\"attachment_2289154\" aria-describedby=\"caption-attachment-2289154\" style=\"width: 440px\" class=\"wp-caption aligncenter\"><img loading=\"lazy\" decoding=\"async\" class=\"wp-image-2289154\" src=\"https:\/\/puntocritico.com\/ausajpuntocritico\/wp-content\/uploads\/2023\/10\/ershon-Handel-1939-300x186.jpg\" alt=\"\" width=\"440\" height=\"273\" data-id=\"2289154\" srcset=\"https:\/\/puntocritico.com\/ausajpuntocritico\/wp-content\/uploads\/2023\/10\/ershon-Handel-1939-300x186.jpg 300w, https:\/\/puntocritico.com\/ausajpuntocritico\/wp-content\/uploads\/2023\/10\/ershon-Handel-1939-1024x636.jpg 1024w, https:\/\/puntocritico.com\/ausajpuntocritico\/wp-content\/uploads\/2023\/10\/ershon-Handel-1939-768x477.jpg 768w, https:\/\/puntocritico.com\/ausajpuntocritico\/wp-content\/uploads\/2023\/10\/ershon-Handel-1939.jpg 1266w\" sizes=\"auto, (max-width: 440px) 100vw, 440px\" \/><figcaption id=\"caption-attachment-2289154\" class=\"wp-caption-text\"><span style=\"color: #008000;\">Gershon Handel con uniforme de Beitar (segundo desde la derecha) en compa\u00f1\u00eda de Ze&#8217;ev Jabotinsky, Aharon Zvi Props y Menachem Begin, en Varsovia, Polonia, 1939. Foto | Dominio publico<\/span><\/figcaption><\/figure>\n<p>&nbsp;<\/p>\n<p style=\"text-align: justify;\"><span style=\"font-size: 14pt;\">\u201c<strong><em>Israel en realidad est\u00e1 basado en el fascismo<\/em><\/strong>\u201d, dijo a MintPress News el periodista palestino-estadounidense<strong> Ramzy Baroud<\/strong>.\u00a0\u00ab<em>Israel da la ilusi\u00f3n de representaci\u00f3n del pueblo jud\u00edo cuando en realidad es el sionismo el que define las acciones de Israel<\/em>\u00ab.<\/span><\/p>\n<p style=\"text-align: justify;\"><span style=\"font-size: 14pt;\">Lo que comenz\u00f3 como aprecio mutuo pronto se convirti\u00f3 en cooperaci\u00f3n oficial del gobierno.\u00a0Seg\u00fan numerosos documentos desclasificados de los <em>Archivos Estatales de Israel<\/em>, <strong>los ministerios israel\u00edes se han asociado con dictadores durante d\u00e9cadas<\/strong>.<\/span><\/p>\n<p style=\"text-align: justify;\"><span style=\"font-size: 14pt;\">Por ejemplo, el ministro de Asuntos Exteriores de Israel,\u00a0<a href=\"https:\/\/www.archives.gov.il\/404\" target=\"_blank\" rel=\"noopener\" data-schema-attribute=\"\"><strong>Yigal Allon<\/strong>, se reuni\u00f3<\/a>\u00a0con su hom\u00f3logo y dictador rumano <strong>Nicolae Ceausescu<\/strong> en 1975 para discutir acuerdos bilaterales.\u00a0El Ministro de Turismo de Rumania\u00a0<a href=\"https:\/\/www.archives.gov.il\/404\" target=\"_blank\" rel=\"noopener\" data-schema-attribute=\"\">visit\u00f3 Israel en 1984<\/a>\u00a0para discutir futuras asociaciones entre los dos pa\u00edses.<\/span><\/p>\n<p style=\"text-align: justify;\"><span style=\"font-size: 14pt;\">Varios primeros ministros israel\u00edes realizaron visitas oficiales a Rumania a lo largo de las d\u00e9cadas de 1970 y 1980 durante el reinado de <strong>Ceausescu<\/strong>, incluidos <strong>Golda Meir<\/strong> y\u00a0<strong><a href=\"https:\/\/www.archives.gov.il\/en\/archives\/Archive\/0b071706803199f5\/File\/0b07170680d1857f\" target=\"_blank\" rel=\"noopener\" data-schema-attribute=\"\">Menachem Begin<\/a><\/strong>.\u00a0Estas reuniones continuaron a pesar\u00a0<a href=\"https:\/\/www.972mag.com\/israel-romanian-dictator-anti-semitism\/\" target=\"_blank\" rel=\"noopener\" data-schema-attribute=\"\">del conocimiento que Israel<\/a>\u00a0ten\u00eda del r\u00e9gimen opresivo de <strong>Ceausescu<\/strong> y de sus creencias <em>antisemitas<\/em>.<\/span><\/p>\n<figure id=\"attachment_285910\" class=\"wp-caption aligncenter\" aria-describedby=\"caption-attachment-285910\"><\/figure>\n<p>&nbsp;<\/p>\n<figure id=\"attachment_2289155\" aria-describedby=\"caption-attachment-2289155\" style=\"width: 440px\" class=\"wp-caption aligncenter\"><img loading=\"lazy\" decoding=\"async\" class=\"wp-image-2289155\" src=\"https:\/\/puntocritico.com\/ausajpuntocritico\/wp-content\/uploads\/2023\/10\/Golda-Meir-y-Ceauchescu-300x209.jpg\" alt=\"\" width=\"440\" height=\"307\" data-id=\"2289155\" srcset=\"https:\/\/puntocritico.com\/ausajpuntocritico\/wp-content\/uploads\/2023\/10\/Golda-Meir-y-Ceauchescu-300x209.jpg 300w, https:\/\/puntocritico.com\/ausajpuntocritico\/wp-content\/uploads\/2023\/10\/Golda-Meir-y-Ceauchescu-1024x714.jpg 1024w, https:\/\/puntocritico.com\/ausajpuntocritico\/wp-content\/uploads\/2023\/10\/Golda-Meir-y-Ceauchescu-768x536.jpg 768w, https:\/\/puntocritico.com\/ausajpuntocritico\/wp-content\/uploads\/2023\/10\/Golda-Meir-y-Ceauchescu-1320x921.jpg 1320w, https:\/\/puntocritico.com\/ausajpuntocritico\/wp-content\/uploads\/2023\/10\/Golda-Meir-y-Ceauchescu.jpg 1366w\" sizes=\"auto, (max-width: 440px) 100vw, 440px\" \/><figcaption id=\"caption-attachment-2289155\" class=\"wp-caption-text\"><span style=\"color: #008000;\">La primera ministra israel\u00ed, Golda Meir, le da la mano al presidente rumano abiertamente antisemita, Nicolae Ceausescu, 23 de octubre de 1970. J. Spencer Jones | AP<\/span><\/figcaption><\/figure>\n<p>&nbsp;<\/p>\n<p style=\"text-align: justify;\"><span style=\"font-size: 14pt;\">Adem\u00e1s de mantener relaciones c\u00e1lidas con los tiranos europeos, <strong>los gobiernos israel\u00edes han ayudado en los esfuerzos de limpieza \u00e9tnica durante la guerra de Bosnia y en los\u00a0<a href=\"https:\/\/www.mintpressnews.com\/israeli-drone-sales-fueling-military-occupations-around-world\/282748\/\" target=\"_blank\" rel=\"noopener\" data-schema-attribute=\"\">cr\u00edmenes azerbaiyanos<\/a>\u00a0en curso contra personas de etnia armenia en el \u00e1rea de Nagorno-Karabaj mediante la exportaci\u00f3n de armas<\/strong>.\u00a0A pesar de ser plenamente consciente de los <em>campos de concentraci\u00f3n serbios para musulmanes bosnios<\/em>, el gobierno del primer ministro israel\u00ed <strong>Yitzhak Rabin<\/strong> continu\u00f3 exportando\u00a0<a href=\"https:\/\/lobelog.com\/israels-sordid-history-of-supporting-dictatorships\/\" target=\"_blank\" rel=\"noopener\" data-schema-attribute=\"\">armas a Serbia<\/a>\u00a0en los a\u00f1os noventa.<\/span><\/p>\n<p>&nbsp;<\/p>\n<blockquote>\n<p style=\"text-align: center;\"><span style=\"color: #008000;\"><strong><span style=\"font-size: 14pt;\">Hoy, Israel est\u00e1 vinculado al Batall\u00f3n Azov de Ucrania, una milicia neonazi.\u00a0El grupo se form\u00f3 despu\u00e9s de la ocupaci\u00f3n rusa de Crimea en 2014 y finalmente fue absorbido por las fuerzas armadas de Ucrania<\/span><\/strong><\/span><\/p>\n<\/blockquote>\n<p>&nbsp;<\/p>\n<p style=\"text-align: justify;\"><span style=\"font-size: 14pt;\"><strong>Hoy, Israel est\u00e1 vinculado al Batall\u00f3n Azov de Ucrania, una milicia neonazi<\/strong>.\u00a0El grupo se form\u00f3 despu\u00e9s de la ocupaci\u00f3n rusa de Crimea en 2014 y finalmente fue absorbido por las fuerzas armadas de Ucrania.\u00a0El grupo est\u00e1 acusado de cr\u00edmenes de guerra por parte de las Naciones Unidas, y su brazo paramilitar, el Cuerpo Nacional, est\u00e1\u00a0<a href=\"https:\/\/www.haaretz.com\/world-news\/europe\/2022-12-20\/ty-article\/.premium\/downplaying-far-right-ties-ukrainian-war-hero-goes-on-israeli-publicity-binge\/00000185-306c-dcac-a185-b8efb39e0000\" target=\"_blank\" rel=\"noopener\" data-schema-attribute=\"\">asociado con ataques<\/a>\u00a0contra los roman\u00edes locales y la comunidad LGBTQ.\u00a0A pesar de que se afirma lo contrario, el <a href=\"https:\/\/puntocritico.com\/ausajpuntocritico\/2022\/11\/28\/nazis-en-ucrania-el-ministerio-de-la-verdad\/\"><strong>Batall\u00f3n Azov<\/strong><\/a> todav\u00eda utiliza el s\u00edmbolo <a href=\"https:\/\/puntocritico.com\/ausajpuntocritico\/2022\/04\/26\/el-problema-neonazi-en-ucrania\/\"><em>Wollfsangel<\/em><\/a> como parte de su uniforme, un logotipo ampliamente utilizado en la <strong><em>Alemania<\/em><\/strong> <em><strong>nazi<\/strong><\/em> y que sigue siendo popular entre los neonazis en la actualidad.\u00a0Seg\u00fan\u00a0<a href=\"https:\/\/www.972mag.com\/israel-arms-exports-neo-nazis-ukraine\/\" target=\"_blank\" rel=\"noopener\" data-schema-attribute=\"\">m\u00faltiples informes<\/a>, el <strong>Batall\u00f3n Azov<\/strong> ha utilizado armas fabricadas por importantes empresas armament\u00edsticas israel\u00edes como\u00a0<a href=\"https:\/\/electronicintifada.net\/blogs\/asa-winstanley\/israel-still-arming-ukrainian-nazis\" target=\"_blank\" rel=\"noopener\" data-schema-attribute=\"\">Rafael<\/a>\u00a0e\u00a0<a href=\"https:\/\/electronicintifada.net\/content\/israel-arming-neo-nazis-ukraine\/24876\" target=\"_blank\" rel=\"noopener\" data-schema-attribute=\"\">Israel Weapon Industries<\/a>.<\/span><\/p>\n<p style=\"text-align: justify;\"><span style=\"font-size: 14pt;\">En un intento de blanquear la imagen de la brigada, un oficial del <strong>Batall\u00f3n Azov<\/strong>,<strong> Illia Samoilenko<\/strong>,\u00a0<a href=\"https:\/\/www.haaretz.com\/world-news\/europe\/2022-12-20\/ty-article\/.premium\/downplaying-far-right-ties-ukrainian-war-hero-goes-on-israeli-publicity-binge\/00000185-306c-dcac-a185-b8efb39e0000\" target=\"_blank\" rel=\"noopener\">visit\u00f3 Israel<\/a>\u00a0en una gira publicitaria organizada por el grupo activista local <em>Amigos de Israel<\/em> de Ucrania en diciembre.\u00a0Durante su viaje,\u00a0<a href=\"https:\/\/electronicintifada.net\/content\/israel-helps-ukraine-whitewash-its-nazis\/36911\" target=\"_blank\" rel=\"noopener\">Samoilenko se reuni\u00f3 con Naama Lazimi<\/a>, un pol\u00edtico del <em><strong>Partido Laborista<\/strong><\/em> en el parlamento de Israel.<\/span><\/p>\n<p style=\"text-align: justify;\"><span style=\"font-size: 14pt;\"><strong>M\u00e1s all\u00e1 de Europa, Israel ha apoyado reg\u00edmenes autoritarios en \u00c1frica, Asia y Am\u00e9rica Central y del Sur<\/strong>.\u00a0Estas relaciones a menudo involucran negocios de armas, como la venta de armas y el suministro de entrenamiento militar a Chile durante el gobierno del dictador <strong>Augusto Pinochet<\/strong> de 1973 a 1991. Israel tambi\u00e9n vendi\u00f3 armas a reg\u00edmenes militares en Bolivia y Guatemala en los a\u00f1os 1970 y 1980.\u00a0Durante este tiempo, Guatemala cometi\u00f3 genocidio de alrededor de 200.000 personas, en su mayor\u00eda ind\u00edgenas.\u00a0<strong>Las armas israel\u00edes tambi\u00e9n se utilizaron en el genocidio de Ruanda y siguen utiliz\u00e1ndose en el actual genocidio de Myanmar contra el pueblo rohingya<\/strong>.<\/span><\/p>\n<p>&nbsp;<\/p>\n<figure id=\"attachment_2289230\" aria-describedby=\"caption-attachment-2289230\" style=\"width: 440px\" class=\"wp-caption aligncenter\"><a href=\"https:\/\/foreignpolicy.com\/2018\/08\/30\/western-officials-ignored-myanmars-warning-signs-of-genocide\/\" target=\"_blank\" rel=\"noopener\"><img loading=\"lazy\" decoding=\"async\" class=\"wp-image-2289230\" src=\"https:\/\/puntocritico.com\/ausajpuntocritico\/wp-content\/uploads\/2023\/10\/rohingya-genocide-300x200.webp\" alt=\"\" width=\"440\" height=\"293\" data-id=\"2289230\" srcset=\"https:\/\/puntocritico.com\/ausajpuntocritico\/wp-content\/uploads\/2023\/10\/rohingya-genocide-300x200.webp 300w, https:\/\/puntocritico.com\/ausajpuntocritico\/wp-content\/uploads\/2023\/10\/rohingya-genocide-1024x683.webp 1024w, https:\/\/puntocritico.com\/ausajpuntocritico\/wp-content\/uploads\/2023\/10\/rohingya-genocide-768x512.webp 768w, https:\/\/puntocritico.com\/ausajpuntocritico\/wp-content\/uploads\/2023\/10\/rohingya-genocide-1320x880.webp 1320w, https:\/\/puntocritico.com\/ausajpuntocritico\/wp-content\/uploads\/2023\/10\/rohingya-genocide.webp 1536w\" sizes=\"auto, (max-width: 440px) 100vw, 440px\" \/><\/a><figcaption id=\"caption-attachment-2289230\" class=\"wp-caption-text\"><span style=\"color: #008000;\">Un refugiado rohingya reacciona mientras sostiene a su hijo muerto despu\u00e9s de cruzar el r\u00edo Naf desde Myanmar hacia Bangladesh en Whaikhyang el 9 de octubre de 2017. (Indranil Mukherjee\/AFP\/Getty Images)<\/span><\/figcaption><\/figure>\n<p>&nbsp;<\/p>\n<h3 style=\"text-align: center;\"><span style=\"font-size: 18pt;\">Forjando v\u00ednculos con extremistas<\/span><\/h3>\n<p style=\"text-align: justify;\"><span style=\"font-size: 14pt;\">El AUR de Rumania no es el primer partido pol\u00edtico europeo de extrema derecha que se conecta con funcionarios del gobierno israel\u00ed.<strong>\u00a0Gianfranco Fini<\/strong>, ex l\u00edder del ahora desaparecido Movimiento Social Italiano neofascista, que luego pas\u00f3 a denominarse partido Alianza Nacional, visit\u00f3 Israel en 2003. Su partido se origin\u00f3 en el Partido Fascista antisemita de <strong>Mussolini<\/strong>.\u00a0Durante su viaje,\u00a0<a href=\"https:\/\/www.aljazeera.com\/news\/2003\/11\/24\/israel-embraces-italian-neo-fascist\" target=\"_blank\" rel=\"noopener\" data-schema-attribute=\"\">Fini se reuni\u00f3<\/a>\u00a0con el entonces presidente israel\u00ed <strong>Moshe Katsav<\/strong>, el entonces primer ministro Ariel Sharon, el entonces ministro de Asuntos Exteriores Silvan Shalom y el ex primer ministro <strong>Shimon Peres<\/strong>.<\/span><\/p>\n<p style=\"text-align: justify;\"><span style=\"font-size: 14pt;\">Con el reciente ascenso pol\u00edtico del partido de extrema derecha <strong>Alternativa para Alemania (AfD)<\/strong> de Alemania, los l\u00edderes del partido han tratado de establecer v\u00ednculos con Israel para aumentar su legitimidad.\u00a0En 2003,\u00a0<a href=\"https:\/\/www.haaretz.com\/israel-news\/2023-05-02\/ty-article\/.premium\/lawmakers-from-far-right-german-party-afd-visit-israels-holocaust-museum\/00000187-dcdb-dea8-af97-dffb5a150000\" target=\"_blank\" rel=\"noopener\" data-schema-attribute=\"\">los legisladores del AfD visitaron<\/a>\u00a0Yad Vashem, el Museo Conmemorativo del Holocausto de Israel y el Archivo del Holocausto en Jerusal\u00e9n.\u00a0<a href=\"https:\/\/www.haaretz.com\/israel-news\/2023-04-20\/ty-article-opinion\/.premium\/on-independence-day-israel-honors-a-settler-friend-of-nazi-apologists-from-germany\/00000187-9eeb-d6e9-a997-9eefdfde0000\" target=\"_blank\" rel=\"noopener\" data-schema-attribute=\"\">Y en 2019<\/a>, una delegaci\u00f3n de AfD visit\u00f3 asentamientos israel\u00edes en la Cisjordania ocupada y se reuni\u00f3 con la activista pro colonos <strong>Daniella Weiss<\/strong>.<\/span><\/p>\n<p style=\"text-align: justify;\"><span style=\"font-size: 14pt;\"><strong>Rafi Eitan<\/strong>, ex miembro del gabinete israel\u00ed y <em>ex agente del Mossad<\/em>, elogi\u00f3 a <strong>AfD<\/strong> en 2018 y declar\u00f3 en un mensaje de v\u00eddeo al grupo en Facebook: \u201c<em>Todos nosotros en Israel apreciamos su actitud hacia el juda\u00edsmo.\u00a0Estoy seguro de que con mucho trabajo y, sobre todo, con realismo, se podr\u00eda representar no \u00abuna alternativa para Alemania\u00bb, sino una alternativa para toda Europa<\/em>\u201d.\u00a0M\u00e1s tarde\u00a0<a href=\"https:\/\/www.haaretz.com\/israel-news\/2018-02-04\/ty-article\/ex-mossad-agent-regrets-backing-german-party-with-nazi-roots\/0000017f-db6f-db22-a17f-ffff5a970000\" target=\"_blank\" rel=\"noopener\" data-schema-attribute=\"\">lament\u00f3<\/a>\u00a0sus comentarios.<\/span><\/p>\n<p style=\"text-align: justify;\"><span style=\"font-size: 14pt;\">A pesar de ser antisemitas, estos partidos ven a Israel, el autoproclamado \u201c<em>Estado jud\u00edo<\/em>\u201d, como un socio estrat\u00e9gico para promover pol\u00edticas racistas.\u00a0Como explic\u00f3 el abogado israel\u00ed de derechos humanos <strong>Eitay Mack<\/strong> a MintPress News,<\/span><\/p>\n<blockquote>\n<p style=\"text-align: justify;\"><span style=\"font-size: 14pt;\"><strong><span style=\"color: #008000;\">Por un lado, tienen creencias antisemitas, pero por el otro, ven que el Estado de Israel comparte valores en la lucha contra el Islam radical y los inmigrantes de \u00c1frica y otros lugares\u201d.<\/span><\/strong><\/span><\/p>\n<\/blockquote>\n<p>&nbsp;<\/p>\n<figure id=\"attachment_2289156\" aria-describedby=\"caption-attachment-2289156\" style=\"width: 440px\" class=\"wp-caption aligncenter\"><img loading=\"lazy\" decoding=\"async\" class=\"wp-image-2289156\" src=\"https:\/\/puntocritico.com\/ausajpuntocritico\/wp-content\/uploads\/2023\/10\/Simbolos-israelies-300x172.jpg\" alt=\"\" width=\"440\" height=\"252\" data-id=\"2289156\" srcset=\"https:\/\/puntocritico.com\/ausajpuntocritico\/wp-content\/uploads\/2023\/10\/Simbolos-israelies-300x172.jpg 300w, https:\/\/puntocritico.com\/ausajpuntocritico\/wp-content\/uploads\/2023\/10\/Simbolos-israelies-1024x585.jpg 1024w, https:\/\/puntocritico.com\/ausajpuntocritico\/wp-content\/uploads\/2023\/10\/Simbolos-israelies-768x439.jpg 768w, https:\/\/puntocritico.com\/ausajpuntocritico\/wp-content\/uploads\/2023\/10\/Simbolos-israelies.jpg 1366w\" sizes=\"auto, (max-width: 440px) 100vw, 440px\" \/><figcaption id=\"caption-attachment-2289156\" class=\"wp-caption-text\"><span style=\"color: #008000;\">Los s\u00edmbolos israel\u00edes y de la AFD enmarcan un lema contra el D\u00eda de Quds en una manifestaci\u00f3n en Berl\u00edn el 25 de julio de 2014. Hannibal Hanschke | DPA v\u00eda AP<\/span><\/figcaption><\/figure>\n<p>&nbsp;<\/p>\n<p style=\"text-align: justify;\"><span style=\"font-size: 14pt;\">Y este proceso de pensamiento va en ambos sentidos.\u00a0Si bien los detalles de la reuni\u00f3n entre el embajador <strong>Reuven<\/strong>, <strong>Dagan<\/strong> y <strong>Simion<\/strong> no han sido revelados, los analistas especulan que su objetivo es alentar a Rumania a trasladar su embajada de Tel Aviv a Jerusal\u00e9n y obtener apoyo para la actividad de asentamientos israel\u00edes en la ocupada <em>Cisjordania<\/em>.\u00a0Esto est\u00e1 en consonancia con los intereses israel\u00edes del pasado cuando se relaciona con reg\u00edmenes autoritarios.\u00a0<strong>Por ejemplo, los registros de archivos estatales de Israel de la d\u00e9cada de 1980 detallan los esfuerzos de lobby del Ministerio de Relaciones Exteriores en <em>El Salvador<\/em> para presionar al pa\u00eds a trasladar su embajada de Tel Aviv a Jerusal\u00e9n<\/strong>.\u00a0<a href=\"https:\/\/www.972mag.com\/europe-far-right-israel-apartheid\/\" target=\"_blank\" rel=\"noopener\" data-schema-attribute=\"\">En telegramas de 1982<\/a>\u00a0de los embajadores israel\u00edes en <em>El Salvador<\/em>, los funcionarios escribieron c\u00f3mo se reunieron con <strong>Roberto D&#8217;Aubuisson<\/strong>, fundador y l\u00edder del partido de extrema derecha ARENA, que estaba relacionado con la violencia generalizada de los escuadrones de la muerte en el pa\u00eds.\u00a0Luego de estas reuniones, en 1983, <em>El Salvador<\/em> traslad\u00f3 su embajada a Jerusal\u00e9n.<\/span><\/p>\n<p style=\"text-align: justify;\"><span style=\"font-size: 14pt;\">El activista israel\u00ed-estadounidense <strong>Miko<\/strong> <strong>Peled<\/strong> explic\u00f3 que si bien la reuni\u00f3n con el antisemita AUR da\u00f1a temporalmente la imagen internacional de Israel, el estado priorizar\u00e1 su agenda a largo plazo por encima de todo, dijo a MintPress News:<\/span><\/p>\n<blockquote>\n<p style=\"text-align: justify;\"><span style=\"color: #008000;\"><strong><span style=\"font-size: 14pt;\">Si Israel cree que esto va a servir a sus intereses, y si cree que este pol\u00edtico en particular llegar\u00e1 al poder alg\u00fan d\u00eda, y que a Israel le convendr\u00e1 tener buenas relaciones con ellos, entonces ignorar\u00e1n el antisemitismo. .\u201d<\/span><\/strong><\/span><\/p>\n<\/blockquote>\n<p>&nbsp;<\/p>\n<p style=\"text-align: justify;\"><span style=\"font-size: 14pt;\">Las conexiones entre los reg\u00edmenes extremistas de Europa e Israel a menudo han pasado desapercibidas, pero <strong>Mack<\/strong> explica que estas relaciones est\u00e1n apareciendo cada vez m\u00e1s en el centro de atenci\u00f3n, dado que la extrema derecha europea se est\u00e1 normalizando en el escenario mundial al unirse a coaliciones gubernamentales o ganar m\u00e1s esca\u00f1os parlamentarios.<\/span><\/p>\n<p>&nbsp;<\/p>\n<figure id=\"attachment_2289157\" aria-describedby=\"caption-attachment-2289157\" style=\"width: 440px\" class=\"wp-caption aligncenter\"><img loading=\"lazy\" decoding=\"async\" class=\"wp-image-2289157\" src=\"https:\/\/puntocritico.com\/ausajpuntocritico\/wp-content\/uploads\/2023\/10\/AUR-Israel-300x185.jpg\" alt=\"\" width=\"440\" height=\"271\" data-id=\"2289157\" srcset=\"https:\/\/puntocritico.com\/ausajpuntocritico\/wp-content\/uploads\/2023\/10\/AUR-Israel-300x185.jpg 300w, https:\/\/puntocritico.com\/ausajpuntocritico\/wp-content\/uploads\/2023\/10\/AUR-Israel-1024x630.jpg 1024w, https:\/\/puntocritico.com\/ausajpuntocritico\/wp-content\/uploads\/2023\/10\/AUR-Israel-768x472.jpg 768w, https:\/\/puntocritico.com\/ausajpuntocritico\/wp-content\/uploads\/2023\/10\/AUR-Israel.jpg 1213w\" sizes=\"auto, (max-width: 440px) 100vw, 440px\" \/><figcaption id=\"caption-attachment-2289157\" class=\"wp-caption-text\"><span style=\"color: #008000;\">El pol\u00edtico de derecha rumano George Simion de AUR posa con el extremista israel\u00ed Yossi Dagan sosteniendo una menora jud\u00eda. Foto | Consejo Regional de Samaria<\/span><\/figcaption><\/figure>\n<p>&nbsp;<\/p>\n<p style=\"text-align: justify;\"><span style=\"font-size: 14pt;\">\u201c<em>En el pasado, estas relaciones se daban detr\u00e1s de cortinas, pero en el \u00faltimo gobierno de <strong>Netanyahu<\/strong>, estas relaciones se han vuelto m\u00e1s p\u00fablicas, m\u00e1s ceremoniales<\/em>\u201d, dijo <strong>Mack<\/strong>.<\/span><\/p>\n<p style=\"text-align: justify;\"><span style=\"font-size: 14pt;\">En los \u00faltimos a\u00f1os, <strong>Netanyahu<\/strong> ha establecido alianzas con los l\u00edderes conservadores de Europa, espec\u00edficamente dentro del <em>Grupo de Estados de Visegrado<\/em>, que incluye a Hungr\u00eda, Polonia, la Rep\u00fablica Checa y Eslovaquia.\u00a0Sus amistades de extrema derecha incluyen a <strong>Janez<\/strong> <strong>Jansa<\/strong>, el ex primer ministro populista de derecha de Eslovenia, y <strong>Matteo<\/strong> <strong>Salvini<\/strong>, el xen\u00f3fobo ex ministro del Interior italiano.<\/span><\/p>\n<p style=\"text-align: justify;\"><span style=\"font-size: 14pt;\">Los expertos perciben estas conexiones como la forma en que <strong>Netanyahu<\/strong> ejerce presi\u00f3n sobre la Uni\u00f3n Europea, que se ha vuelto cada vez m\u00e1s cr\u00edtica con las violaciones israel\u00edes de derechos humanos contra los palestinos.\u00a0<strong>Netanyahu<\/strong> incluso\u00a0<a href=\"https:\/\/www.haaretz.com\/israel-news\/2018-08-23\/ty-article\/.premium\/netanyahu-heads-to-baltic-states-i-want-to-balance-eus-approach\/0000017f-f606-ddde-abff-fe6728fb0000\" target=\"_blank\" rel=\"noopener\" data-schema-attribute=\"\">declar\u00f3 impl\u00edcitamente esta intenci\u00f3n<\/a>\u00a0antes de volar a una cumbre en Lituania en 2018.<\/span><\/p>\n<blockquote>\n<p style=\"text-align: justify;\"><strong><span style=\"font-size: 14pt; color: #008000;\">Tambi\u00e9n estoy interesado en equilibrar la actitud no siempre amistosa de la Uni\u00f3n Europea hacia Israel para que recibamos un trato m\u00e1s justo y genuino.\u00a0Lo hago a trav\u00e9s de contactos con bloques de pa\u00edses dentro de la Uni\u00f3n Europea, pa\u00edses de Europa del Este, [y] ahora con los pa\u00edses b\u00e1lticos, as\u00ed como, por supuesto, con otros pa\u00edses\u201d.<\/span><\/strong><\/p>\n<\/blockquote>\n<div class=\"em\">\u00a0<\/div>\n<div>\u00a0<\/div>\n<div class=\"tc\">\n<figure id=\"attachment_2289231\" aria-describedby=\"caption-attachment-2289231\" style=\"width: 480px\" class=\"wp-caption aligncenter\"><a href=\"https:\/\/www.aa.com.tr\/es\/mundo\/ni%C3%B1os-palestinos-sufren-de-detenciones-y-abusos-por-parte-de-israel\/1005227\" target=\"_blank\" rel=\"noopener\"><img loading=\"lazy\" decoding=\"async\" class=\"wp-image-2289231\" src=\"https:\/\/puntocritico.com\/ausajpuntocritico\/wp-content\/uploads\/2023\/10\/violaciones-israelies-de-derechos-humanos-contra-los-palestinos.jpg\" alt=\"\" width=\"480\" height=\"269\" data-id=\"2289231\" \/><\/a><figcaption id=\"caption-attachment-2289231\" class=\"wp-caption-text\"><span style=\"color: #008000;\">JERUSAL\u00c9N: Fuerzas de seguridad israel\u00edes mantienen a un ni\u00f1o palestino bajo custodia durante una protesta contra la ocupaci\u00f3n de israel\u00edes en el vecindario de Sheikh Jarrah en Jerusal\u00e9n Este. Septiembre 8, 2017. (Mahmoud Ibrahem &#8211; Agencia Anadolu).<\/span><\/figcaption><\/figure>\n<\/div>\n<div>\u00a0<\/div>\n<h3 style=\"text-align: center;\"><span style=\"font-size: 18pt;\">No s\u00f3lo la extrema derecha<\/span><\/h3>\n<p style=\"text-align: justify;\"><span style=\"font-size: 14pt;\">Si bien Israel ha estado insidiosamente vinculado a instituciones de extrema derecha en todo el mundo durante d\u00e9cadas, <strong>Mack<\/strong> afirma que no es aqu\u00ed a donde se debe prestar atenci\u00f3n, le dijo a MintPress News:<\/span><\/p>\n<blockquote>\n<p style=\"text-align: justify;\"><span style=\"font-size: 14pt; color: #008000;\"><strong>Se presta demasiada atenci\u00f3n a la relaci\u00f3n con la extrema derecha y no con los partidos de centro, de izquierda y conservadores en Europa porque critican los asentamientos, pero no tienen una pol\u00edtica diferente de la de los partidos de extrema derecha en lo que respecta a la asentamientos\u201d<\/strong><\/span><\/p>\n<\/blockquote>\n<p>&nbsp;<\/p>\n<p style=\"text-align: justify;\"><span style=\"font-size: 14pt;\"><strong>Mack<\/strong> se\u00f1al\u00f3 c\u00f3mo, precisamente este mes, el Ministro de Asuntos Exteriores israel\u00ed, <strong>Cohen<\/strong>, se reuni\u00f3 con su\u00a0<a href=\"https:\/\/www.gov.il\/he\/departments\/news\/fm-cohen-met-with-the-foreign-minister-of-norway\" target=\"_blank\" rel=\"noopener\" data-schema-attribute=\"\">hom\u00f3loga noruega<\/a>, <strong>Anniken<\/strong> <strong>Heitfeldt<\/strong>, miembro del Partido Laborista de Noruega, que actualmente forma parte de la coalici\u00f3n de gobierno del pa\u00eds.<\/span><\/p>\n<p style=\"text-align: justify;\"><span style=\"font-size: 14pt;\">Seg\u00fan su presentaci\u00f3n m\u00e1s reciente ante la Comisi\u00f3n de Bolsa y Valores, el fondo soberano estatal noruego\u00a0<a href=\"https:\/\/en.globes.co.il\/en\/article-sec-filing-reveals-norwegian-funds-huge-israeli-holdings-1001438588\" target=\"_blank\" rel=\"noopener\" data-schema-attribute=\"\">posee acciones<\/a>\u00a0en 70 empresas israel\u00edes por valor de miles de millones.\u00a0Las diez mayores inversiones del fondo en empresas israel\u00edes valen 1.800 millones de d\u00f3lares.\u00a0Varias de estas empresas operan en asentamientos israel\u00edes.<\/span><\/p>\n<p style=\"text-align: justify;\"><span style=\"font-size: 14pt;\">A pesar de que\u00a0<a href=\"https:\/\/www.kirkensnodhjelp.no\/en\/news\/latest-news\/close-the-weapons-lopohole\/#:~:text=The%20sale%20of%20weapons%20to,affecting%20innocent%20people%20in%20Gaza\" target=\"_blank\" rel=\"noopener\" data-schema-attribute=\"\">la ley noruega proh\u00edbe<\/a>\u00a0la venta de armas noruegas a pa\u00edses en guerra o donde existe una amenaza de guerra (<em>como Israel<\/em>), Israel utiliza armas de fabricaci\u00f3n noruega.\u00a0Esto se debe a que la ley s\u00f3lo se aplica a las armas de fuego fabricadas en Noruega, mientras que las empresas de armas noruegas con sede en otros pa\u00edses est\u00e1n exentas de esta norma.<\/span><\/p>\n<p style=\"text-align: justify;\"><span style=\"font-size: 14pt;\">El gobierno noruego tambi\u00e9n ha tomado medidas pro-israel\u00edes en el pasado, como optar por\u00a0<a href=\"https:\/\/www.israelhayom.com\/2020\/12\/03\/in-blow-to-bds-movement-norway-to-ignore-un-blacklist\/\" target=\"_blank\" rel=\"noopener\">ignorar la<\/a>\u00a0base de datos de la ONU sobre empresas c\u00f3mplices de la actividad de asentamientos israel\u00edes para que una empresa de turismo pueda continuar operando en el pa\u00eds y\u00a0<a href=\"https:\/\/www.tv7israelnews.com\/norway-takes-pro-israel-action\/\" target=\"_blank\" rel=\"noopener\">recortar la ayuda a Palestina<\/a> por supuesta incitaci\u00f3n en la Autoridad Palestina en los libros de texto.<\/span><\/p>\n<p style=\"text-align: justify;\"><span style=\"font-size: 14pt;\">\u00ab<em>Estos sindicatos est\u00e1n mucho m\u00e1s radicalizados en comparaci\u00f3n con los propios partidos pol\u00edticos<\/em>\u00ab, dijo <strong>Mack<\/strong> sobre las relaciones entre Noruega e Israel, y le dijo a MintPress News que,<\/span><\/p>\n<blockquote>\n<p style=\"text-align: justify;\"><span style=\"font-size: 14pt;\"><strong><span style=\"color: #008000;\">As\u00ed que la extrema derecha en Europa apoyar\u00e1 los asentamientos y tal vez apoye el traslado de la embajada a Jerusal\u00e9n.\u00a0Pero los partidos tradicionales y de centro izquierda son los que est\u00e1n impidiendo sanciones a Israel.\u00a0Son los principales facilitadores del apartheid israel\u00ed\u201d.<\/span><\/strong><\/span><\/p>\n<\/blockquote>\n<p>&nbsp;<\/p>\n<p><img loading=\"lazy\" decoding=\"async\" class=\"aligncenter wp-image-11132\" src=\"https:\/\/puntocritico.com\/ausajpuntocritico\/wp-content\/uploads\/2018\/04\/unnamed-bandera-IP-300x169.jpg\" alt=\"\" width=\"480\" height=\"270\" data-id=\"11132\" srcset=\"https:\/\/puntocritico.com\/ausajpuntocritico\/wp-content\/uploads\/2018\/04\/unnamed-bandera-IP-300x169.jpg 300w, https:\/\/puntocritico.com\/ausajpuntocritico\/wp-content\/uploads\/2018\/04\/unnamed-bandera-IP.jpg 678w\" sizes=\"auto, (max-width: 480px) 100vw, 480px\" \/><\/p>\n<p>&nbsp;<\/p>\n<blockquote>\n<p style=\"text-align: center;\">Foto destacada |\u00a0Los manifestantes israel\u00edes sostienen un cartel que dice \u201cracista y jud\u00edo\u201d y otro en rojo que dice en alem\u00e1n \u201cIsrael sobre todo\u201d con la estrella de David y un Upupa, el ave nacional israel\u00ed.\u00a0Mat\u00e1n Gol\u00e1n |\u00a0Sipa v\u00eda AP<\/p>\n<p style=\"text-align: center;\"><em><strong>Jessica Buxbaum<\/strong>\u00a0es periodista de MintPress News con sede en Jerusal\u00e9n y cubre Palestina, Israel y Siria.\u00a0Su trabajo ha aparecido en Middle East Eye, The New Arab y Gulf News.<\/em><\/p>\n<p style=\"text-align: center;\">\u00a0<\/p>\n<\/blockquote>\n<p><img loading=\"lazy\" decoding=\"async\" class=\"aligncenter wp-image-2289217\" src=\"https:\/\/puntocritico.com\/ausajpuntocritico\/wp-content\/uploads\/2023\/10\/Nina-palestina-bombardeada-300x169.jpg\" alt=\"\" width=\"440\" height=\"248\" data-id=\"2289217\" srcset=\"https:\/\/puntocritico.com\/ausajpuntocritico\/wp-content\/uploads\/2023\/10\/Nina-palestina-bombardeada-300x169.jpg 300w, https:\/\/puntocritico.com\/ausajpuntocritico\/wp-content\/uploads\/2023\/10\/Nina-palestina-bombardeada.jpg 640w\" sizes=\"auto, (max-width: 440px) 100vw, 440px\" \/><\/p>\n<p style=\"text-align: center;\"><span style=\"font-size: 18pt;\"><strong><span style=\"color: #008000;\">*******<\/span><\/strong><\/span><\/p>\n<h2 style=\"text-align: justify;\"><span style=\"font-size: 14pt;\"><strong>RELACIONADOS:<\/strong><\/span><\/h2>\n<blockquote class=\"wp-embedded-content\" data-secret=\"kgov83uNBl\"><p><a href=\"https:\/\/puntocritico.com\/ausajpuntocritico\/2023\/10\/12\/gaza-under-fire\/\">GAZA UNDER FIRE: LA POL\u00cdTICA DEL TERROR: Supervivientes del bombardeo en la Franja de Gaza: \u00abEntraban a las casas a matar a quien fuera. Ha sido una masacre\u00bb<\/a><\/p><\/blockquote>\n<p><iframe loading=\"lazy\" class=\"wp-embedded-content\" sandbox=\"allow-scripts\" security=\"restricted\" style=\"position: absolute; visibility: hidden;\" title=\"\u00abGAZA UNDER FIRE: LA POL\u00cdTICA DEL TERROR: Supervivientes del bombardeo en la Franja de Gaza: \u00abEntraban a las casas a matar a quien fuera. Ha sido una masacre\u00bb\u00bb \u2014 Punto Cr\u00edtico Derechos Humanos\" src=\"https:\/\/puntocritico.com\/ausajpuntocritico\/2023\/10\/12\/gaza-under-fire\/embed\/#?secret=Y6fQ6hTBZQ#?secret=kgov83uNBl\" data-secret=\"kgov83uNBl\" width=\"500\" height=\"282\" frameborder=\"0\" marginwidth=\"0\" marginheight=\"0\" scrolling=\"no\"><\/iframe><\/p>\n<blockquote class=\"wp-embedded-content\" data-secret=\"8qhIsVxYXP\"><p><a href=\"https:\/\/puntocritico.com\/ausajpuntocritico\/2018\/05\/24\/palestina-y-el-terrorismo-de-estado\/\">PALESTINA Y EL TERRORISMO DE ESTADO<\/a><\/p><\/blockquote>\n<p><iframe loading=\"lazy\" class=\"wp-embedded-content\" sandbox=\"allow-scripts\" security=\"restricted\" style=\"position: absolute; visibility: hidden;\" title=\"\u00abPALESTINA Y EL TERRORISMO DE ESTADO\u00bb \u2014 Punto Cr\u00edtico Derechos Humanos\" src=\"https:\/\/puntocritico.com\/ausajpuntocritico\/2018\/05\/24\/palestina-y-el-terrorismo-de-estado\/embed\/#?secret=7ogVi3sAAG#?secret=8qhIsVxYXP\" data-secret=\"8qhIsVxYXP\" width=\"500\" height=\"282\" frameborder=\"0\" marginwidth=\"0\" marginheight=\"0\" scrolling=\"no\"><\/iframe><\/p>\n<blockquote class=\"wp-embedded-content\" data-secret=\"CWSoUcbLmO\"><p><a href=\"https:\/\/puntocritico.com\/ausajpuntocritico\/2018\/04\/17\/las-guerras-por-la-paz-se-basan-en-las-mentiras-en-siria-como-en-irak\/\">Las Guerras por la Paz se basan en las mentiras; en Siria como en Irak<\/a><\/p><\/blockquote>\n<p><iframe loading=\"lazy\" class=\"wp-embedded-content\" sandbox=\"allow-scripts\" security=\"restricted\" style=\"position: absolute; visibility: hidden;\" title=\"\u00abLas Guerras por la Paz se basan en las mentiras; en Siria como en Irak\u00bb \u2014 Punto Cr\u00edtico Derechos Humanos\" src=\"https:\/\/puntocritico.com\/ausajpuntocritico\/2018\/04\/17\/las-guerras-por-la-paz-se-basan-en-las-mentiras-en-siria-como-en-irak\/embed\/#?secret=8lWmwbmPbx#?secret=CWSoUcbLmO\" data-secret=\"CWSoUcbLmO\" width=\"500\" height=\"282\" frameborder=\"0\" marginwidth=\"0\" marginheight=\"0\" scrolling=\"no\"><\/iframe><\/p>\n<blockquote class=\"wp-embedded-content\" data-secret=\"X9Y71j4qwV\"><p><a href=\"https:\/\/puntocritico.com\/ausajpuntocritico\/2022\/04\/09\/secretos-de-estado\/\">\u00abSECRETOS DE ESTADO\u00bb, (\u00abOfficial Secrets\u00bb, pel\u00edcula de Gavin Hood, 2019; basada en hechos reales). LA GUERRA DE IRAK: MENTIRAS DE DESTRUCCI\u00d3N MASIVA: La conocida estrategia de EE.UU. para iniciar guerras.<\/a><\/p><\/blockquote>\n<p><iframe loading=\"lazy\" class=\"wp-embedded-content\" sandbox=\"allow-scripts\" security=\"restricted\" style=\"position: absolute; visibility: hidden;\" title=\"\u00ab\u00abSECRETOS DE ESTADO\u00bb, (\u00abOfficial Secrets\u00bb, pel\u00edcula de Gavin Hood, 2019; basada en hechos reales). LA GUERRA DE IRAK: MENTIRAS DE DESTRUCCI\u00d3N MASIVA: La conocida estrategia de EE.UU. para iniciar guerras.\u00bb \u2014 Punto Cr\u00edtico Derechos Humanos\" src=\"https:\/\/puntocritico.com\/ausajpuntocritico\/2022\/04\/09\/secretos-de-estado\/embed\/#?secret=WrybrVQfWn#?secret=X9Y71j4qwV\" data-secret=\"X9Y71j4qwV\" width=\"500\" height=\"282\" frameborder=\"0\" marginwidth=\"0\" marginheight=\"0\" scrolling=\"no\"><\/iframe><\/p>\n<blockquote class=\"wp-embedded-content\" data-secret=\"jr44vHbVn1\"><p><a href=\"https:\/\/puntocritico.com\/ausajpuntocritico\/2021\/09\/11\/20-anos-del-11-s\/\">20 A\u00d1OS DEL 11-S: NEW WORLD ORDER: SU IMPLANTACI\u00d3N ES AJENA AL PRINCIPIO DEMOCR\u00c1TICO, SE IMPONE POR MEDIO DE UNA CADENA DE \u00abSHOCKS\u00bb: Documentales \u00ab11-S: ZONA CERO\u00bb y \u00ab11S, Arquitectos e Ingenieros Por la Verdad\u00bb<\/a><\/p><\/blockquote>\n<p><iframe loading=\"lazy\" class=\"wp-embedded-content\" sandbox=\"allow-scripts\" security=\"restricted\" style=\"position: absolute; visibility: hidden;\" title=\"\u00ab20 A\u00d1OS DEL 11-S: NEW WORLD ORDER: SU IMPLANTACI\u00d3N ES AJENA AL PRINCIPIO DEMOCR\u00c1TICO, SE IMPONE POR MEDIO DE UNA CADENA DE \u00abSHOCKS\u00bb: Documentales \u00ab11-S: ZONA CERO\u00bb y \u00ab11S, Arquitectos e Ingenieros Por la Verdad\u00bb\u00bb \u2014 Punto Cr\u00edtico Derechos Humanos\" src=\"https:\/\/puntocritico.com\/ausajpuntocritico\/2021\/09\/11\/20-anos-del-11-s\/embed\/#?secret=l8D98UXfEf#?secret=jr44vHbVn1\" data-secret=\"jr44vHbVn1\" width=\"500\" height=\"282\" frameborder=\"0\" marginwidth=\"0\" marginheight=\"0\" scrolling=\"no\"><\/iframe><\/p>\n<p>&nbsp;<\/p>\n<p>&nbsp;<\/p>\n<p><a href=\"https:\/\/puntocritico.com\/ausajpuntocritico\/author\/punto-critico\/\"><img loading=\"lazy\" decoding=\"async\" class=\"aligncenter wp-image-9528 smush-detected-img smush-image-1\" src=\"https:\/\/puntocritico.com\/ausajpuntocritico\/wp-content\/uploads\/2018\/03\/Mosca_Punto_Cr%C3%ADtico_40.png\" alt=\"\" width=\"80\" height=\"80\" \/><\/a><\/p>\n<p>&nbsp;<\/p>\n","protected":false},"excerpt":{"rendered":"<div class=\"mh-excerpt\"><p>LOS PALESTINOS HABLAN EL LENGUAJE DE LA VIOLENCIA QUE LES ENSE\u00d1\u00d3 ISRAEL &nbsp; Europa nazi Por An\u00edbal Malvar P\u00fablico, 15 OCTUBRE 2023 &nbsp; No nos autoenga\u00f1emos. Europa es nazi. El gobierno progresista de Espa\u00f1a, con <a class=\"mh-excerpt-more\" href=\"https:\/\/puntocritico.com\/ausajpuntocritico\/2023\/10\/16\/chris-hedges-los-palestinos-hablan-el-lenguaje-de-la-violencia-que-les-enseno-israel\/\" title=\"CHRIS HEDGES: \u00abLos palestinos hablan el lenguaje de la violencia que les ense\u00f1\u00f3 Israel\u00bb\">[&#8230;]<\/a><\/p>\n<\/div>","protected":false},"author":3,"featured_media":2289224,"comment_status":"open","ping_status":"open","sticky":false,"template":"","format":"standard","meta":{"_acf_changed":false,"_exactmetrics_skip_tracking":false,"_exactmetrics_sitenote_active":false,"_exactmetrics_sitenote_note":"","_exactmetrics_sitenote_category":0,"footnotes":""},"categories":[25,7],"tags":[72],"class_list":{"0":"post-2289144","1":"post","2":"type-post","3":"status-publish","4":"format-standard","5":"has-post-thumbnail","7":"category-documentales","8":"category-politica","9":"tag-palestina"},"acf":[],"_links":{"self":[{"href":"https:\/\/puntocritico.com\/ausajpuntocritico\/wp-json\/wp\/v2\/posts\/2289144","targetHints":{"allow":["GET"]}}],"collection":[{"href":"https:\/\/puntocritico.com\/ausajpuntocritico\/wp-json\/wp\/v2\/posts"}],"about":[{"href":"https:\/\/puntocritico.com\/ausajpuntocritico\/wp-json\/wp\/v2\/types\/post"}],"author":[{"embeddable":true,"href":"https:\/\/puntocritico.com\/ausajpuntocritico\/wp-json\/wp\/v2\/users\/3"}],"replies":[{"embeddable":true,"href":"https:\/\/puntocritico.com\/ausajpuntocritico\/wp-json\/wp\/v2\/comments?post=2289144"}],"version-history":[{"count":0,"href":"https:\/\/puntocritico.com\/ausajpuntocritico\/wp-json\/wp\/v2\/posts\/2289144\/revisions"}],"wp:featuredmedia":[{"embeddable":true,"href":"https:\/\/puntocritico.com\/ausajpuntocritico\/wp-json\/wp\/v2\/media\/2289224"}],"wp:attachment":[{"href":"https:\/\/puntocritico.com\/ausajpuntocritico\/wp-json\/wp\/v2\/media?parent=2289144"}],"wp:term":[{"taxonomy":"category","embeddable":true,"href":"https:\/\/puntocritico.com\/ausajpuntocritico\/wp-json\/wp\/v2\/categories?post=2289144"},{"taxonomy":"post_tag","embeddable":true,"href":"https:\/\/puntocritico.com\/ausajpuntocritico\/wp-json\/wp\/v2\/tags?post=2289144"}],"curies":[{"name":"wp","href":"https:\/\/api.w.org\/{rel}","templated":true}]}}