{"id":2288884,"date":"2023-10-12T00:05:48","date_gmt":"2023-10-11T22:05:48","guid":{"rendered":"https:\/\/puntocritico.com\/ausajpuntocritico\/?p=2288884"},"modified":"2023-10-16T11:00:24","modified_gmt":"2023-10-16T09:00:24","slug":"gaza-under-fire","status":"publish","type":"post","link":"https:\/\/puntocritico.com\/ausajpuntocritico\/2023\/10\/12\/gaza-under-fire\/","title":{"rendered":"GAZA UNDER FIRE: LA POL\u00cdTICA DEL TERROR: Supervivientes del bombardeo en la Franja de Gaza: \u00abEntraban a las casas a matar a quien fuera. Ha sido una masacre\u00bb"},"content":{"rendered":"<h2 style=\"text-align: justify;\"><span style=\"font-size: 14pt; color: #008000;\">GAZA UNDER FIRE<\/span><\/h2>\n<p style=\"text-align: right;\"><span style=\"font-size: 14pt;\"><em>\u00abY har\u00e9 que Babilonia y todos los habitantes de Caldea paguen por todo el da\u00f1o que hicieron en Si\u00f3n, delante de vuestros ojos\u00bb<\/em><\/span><\/p>\n<p style=\"text-align: right;\"><span style=\"font-size: 14pt;\">Jerem\u00edas, 51<em> (Or\u00e1culo de Yahveh)<\/em><\/span><\/p>\n\n<p>&nbsp;<\/p>\n<blockquote>\n<h2 style=\"text-align: center;\" align=\"center\"><span style=\"font-size: 24.0pt;\">HABLAN SUPERVIVIENTES DEL BOMBARDEO EN LA FRANJA DE GAZA: \u00abENTRABAN A LAS CASAS A MATAR A QUIEN FUERA. HA SIDO UNA MASACRE\u00bb<\/span><\/h2>\n<p class=\"post-subtitle\" style=\"text-align: center;\"><span style=\"font-size: 14pt;\"><em><strong>La guerra ha empezado. Israel sufri\u00f3 este s\u00e1bado un ataque por parte de las milicias palestinas que ha arrasado la frontera. &#8216;Vozp\u00f3puli&#8217; habla con algunos supervivientes<\/strong><\/em><\/span><\/p>\n<section class=\"section-post-meta border-bottom mb-4\">\n<div class=\"author-group d-flex mb-3\">\n<p class=\"author-names\" style=\"text-align: justify;\"><span style=\"font-size: 14pt;\"><span class=\"author-names-item\">Por <a href=\"https:\/\/www.vozpopuli.com\/internacional\/supervivientes-gaza-masacre-israel-palestina.html\" target=\"_blank\" rel=\"noopener\">Regina Mar\u00edn Latonda<\/a>, <\/span>09 OCT 2023<\/span><\/p>\n<\/div>\n<div class=\"row\">\n<div class=\"col-md-8 col-6\">\n<div class=\"date-group\">\n<figure id=\"attachment_2288885\" aria-describedby=\"caption-attachment-2288885\" style=\"width: 678px\" class=\"wp-caption aligncenter\"><img loading=\"lazy\" decoding=\"async\" class=\"wp-image-2288885 size-mh-magazine-content\" src=\"https:\/\/puntocritico.com\/ausajpuntocritico\/wp-content\/uploads\/2023\/10\/Un-edificio-de-Gaza-ardiendo-tras-el-bombardeo-de-Israel-678x381.webp\" alt=\"GAZA UNDER FIRE\" width=\"678\" height=\"381\" data-id=\"2288885\" srcset=\"https:\/\/puntocritico.com\/ausajpuntocritico\/wp-content\/uploads\/2023\/10\/Un-edificio-de-Gaza-ardiendo-tras-el-bombardeo-de-Israel-678x381.webp 678w, https:\/\/puntocritico.com\/ausajpuntocritico\/wp-content\/uploads\/2023\/10\/Un-edificio-de-Gaza-ardiendo-tras-el-bombardeo-de-Israel-300x169.webp 300w, https:\/\/puntocritico.com\/ausajpuntocritico\/wp-content\/uploads\/2023\/10\/Un-edificio-de-Gaza-ardiendo-tras-el-bombardeo-de-Israel-1024x576.webp 1024w, https:\/\/puntocritico.com\/ausajpuntocritico\/wp-content\/uploads\/2023\/10\/Un-edificio-de-Gaza-ardiendo-tras-el-bombardeo-de-Israel-768x432.webp 768w, https:\/\/puntocritico.com\/ausajpuntocritico\/wp-content\/uploads\/2023\/10\/Un-edificio-de-Gaza-ardiendo-tras-el-bombardeo-de-Israel.webp 1200w\" sizes=\"auto, (max-width: 678px) 100vw, 678px\" \/><figcaption id=\"caption-attachment-2288885\" class=\"wp-caption-text\"><span style=\"color: #008000;\">Un edificio de Gaza ardiendo tras el bombardeo de Israel &#8211; EUROPA PRESS<\/span><\/figcaption><\/figure>\n<\/div>\n<\/div>\n<div class=\"col-md-4 col-6 d-flex justify-content-end align-items-center\">\u00a0<\/div>\n<\/div>\n<\/section>\n<section class=\"section-post-content\">\n<div id=\"post-text\" class=\"content-entry\">\n<p style=\"text-align: justify;\"><span style=\"font-size: 14pt;\">\u00ab<em>Entraban casa por casa a matar y secuestrar a qui\u00e9n estuviera,\u00a0<strong>ni\u00f1os y ancianos, sin piedad<\/strong>. Ha sido una masacre<\/em>\u00ab. As\u00ed habla Ariel,\u00a0<a href=\"https:\/\/www.vozpopuli.com\/internacional\/400-muertos-israel-313-palestinos-gaza-guerra-hamas.html\" target=\"_blank\" rel=\"noopener\">un superviviente del terrible bombardeo de\u00a0<strong>Gaza<\/strong><\/a>, que acab\u00f3 con la vida de, al menos,\u00a0<strong>600 personas<\/strong>. \u00abAunque ser\u00e1n muchas m\u00e1s, seguro\u00bb, lamenta Ariel. Es argentino de nacimiento, pero lleva viviendo\u00a0<strong>21 a\u00f1os en un\u00a0<a href=\"https:\/\/elordenmundial.com\/que-es-kibutz\/\" target=\"_blank\" rel=\"noopener\"><em>kibutz<\/em><\/a> <\/strong>(una especie de ciudad cerrada), a tres kil\u00f3metros a la frontera. Muy cerca, en la misma zona que \u00e9l y su mujer, viven sus tres hijos y sus tres nietos. Todos presenciaron la tragedia.<\/span><\/p>\n<p>&nbsp;<\/p>\n<\/div>\n<\/section>\n<p style=\"text-align: center;\"><strong><span style=\"font-size: 14pt; color: #008000;\">\u00abEntraban casa por casa a matar y secuestrar a qui\u00e9n estuviera,\u00a0ni\u00f1os y ancianos, sin piedad. Ha sido una masacre\u00bb<\/span><\/strong><\/p>\n<p>&nbsp;<\/p>\n<p><span style=\"font-size: 14pt; text-align: justify;\">Adi, casualmente tambi\u00e9n argentino, vivi\u00f3, como Ariel, \u00abel terror\u00bb de cerca. Con su mujer viven desde hace 43 a\u00f1os exactamente a dos kil\u00f3metros y 400 metros de la mism\u00edsima frontera. \u00abNunca voy a olvidar esa distancia\u00bb, asegura. En la misma zona viven sus cuatro hijos y sus ocho nietos. En su caso, todav\u00eda no es consciente de lo que est\u00e1n viviendo; pero aunque no lo ha procesado a\u00fan, las im\u00e1genes son n\u00edtidas en su cabeza. <\/span><strong style=\"font-size: 14pt; text-align: justify;\">Recuerda cada detalle de c\u00f3mo entraron en los\u00a0<em>kibutz<\/em>, c\u00f3mo arrasaron a las casas, c\u00f3mo violaron a las mujeres y c\u00f3mo secuestraron a los ni\u00f1os<\/strong><span style=\"font-size: 14pt; text-align: justify;\">\u00a0y los mayores. \u00abComo si estuviera volviendo a vivir en una pesadilla. Es una angustia. Pero en este momento no estoy preparado para enfrentarlo\u00bb.<\/span><\/p>\n<section class=\"section-post-content\">\n<div id=\"post-text\" class=\"content-entry\">\n<p style=\"text-align: justify;\"><span style=\"font-size: 14pt;\">Ambos recuerdan con detalle c\u00f3mo fue todo. \u00ab<strong>Todo empez\u00f3 a las seis y veinte de la ma\u00f1ana<\/strong>. Nos dieron la alerta de ataques de cohetes y nos metimos como siempre en el\u00a0<em>bunker\u00a0<\/em>de seguridad que tenemos en casa; al principio no nos asustamos, porque estamos acostumbrados, ya que es frecuente en la zona.\u00a0<strong>Normalmente son solo un par de cohetes, que no suelen causar grandes da\u00f1os. Pero esta vez fue distinto. No fueron un par, fueron 2000<\/strong>. Y llegaron los mercenarios a acabar con todo\u00bb, recuerdan, todav\u00eda en\u00a0<em>shock<\/em>, ambos.<\/span><\/p>\n<p>&nbsp;<\/p>\n<\/div>\n<\/section>\n<p style=\"text-align: center;\"><span style=\"font-size: 14pt;\"><strong><span style=\"color: #008000;\">\u00abEl viernes ten\u00eda el doble de amigos de los que tengo hoy\u00bb<\/span><\/strong><\/span><\/p>\n<p>&nbsp;<\/p>\n<p style=\"text-align: justify;\"><span style=\"font-size: 14pt;\">No se les ha olvidado, \u00abni se les va a olvidar\u00bb, lo que vieron: una marabunta de personas, \u00abmatando, masacrando y abriendo fuego contra todo lo que se moviera\u00bb. \u00abVimos c\u00f3mo quemaban nuestras casas, como raptaban a nuestros ni\u00f1os y a nuestros mayores, sin ning\u00fan remordimiento ni discriminaci\u00f3n, y vimos c\u00f3mo mataban a nuestros vecinos\u00bb, cuenta Ariel. \u00abEl viernes ten\u00eda el doble de amigos de los que tengo hoy\u00bb, a\u00f1ade Adi. Y los dos lo tienen claro:\u00a0<strong>\u00abFue un ataque terrorista; los eufemismos no valen\u00bb<\/strong>.<\/span><\/p>\n<p style=\"text-align: justify;\"><span style=\"font-size: 14pt;\">El dolor para ellos y los suyos es \u00abinconmensurable\u00bb. \u00ab<strong>La sensaci\u00f3n que uno tiene en estos momentos es de una profunda tristeza; no te imaginas la de conocidos que han sido asesinados.<\/strong>\u00a0<strong>La zona es chica, nos conocemos entre todos.\u00a0<\/strong>Estamos rotos. Cu\u00e1nto dolor y cu\u00e1nta injusticia&#8230;\u00bb, lamenta Ariel. Y sobre los que sufrieron el rapto tienen clara una cosa: \u00abA lo mejor vuelven, pero no volver\u00e1n siendo personas, porque los est\u00e1n humillando, los est\u00e1n violando, les est\u00e1n haciendo barbaridades.<strong>\u00a0Creo que lo mejor que le puede pasar a esta gente, aunque cueste decirlo, es que de alguna manera se termine el calvario que est\u00e1n pasando\u00bb.<\/strong><\/span><\/p>\n<h3 class=\"wp-block-heading\" style=\"text-align: center;\"><span style=\"font-size: 18pt;\">\u00abConozco a los asesinos\u00bb<\/span><\/h3>\n<p style=\"text-align: justify;\"><span style=\"font-size: 14pt;\">Hay una cosa que les duele m\u00e1s que las muertes:\u00a0<strong>conocer a los asesinos<\/strong>. \u00abEsa gente, si se le puede llamar as\u00ed, sab\u00eda exactamente a d\u00f3nde ven\u00edan, puesto que hace ya a\u00f1os que trabajan en nuestros establecimientos, que viven con nosotros. Sab\u00edan exactamente donde hab\u00eda gente y donde no, sab\u00edan a d\u00f3nde dirigirse, sab\u00edan a qui\u00e9n buscar. Y el odio inculcado les llev\u00f3 a hacer este holocausto, porque no tiene otra palabra\u00bb, desarrolla Adi.\u00a0<\/span><\/p>\n<p>&nbsp;<\/p>\n<p style=\"text-align: center;\"><strong><span style=\"color: #008000; font-size: 14pt;\">Mataron a quien les estaba construyendo un futuro\u00bb<\/span><\/strong><\/p>\n<p>&nbsp;<\/p>\n<p style=\"text-align: justify;\"><span style=\"font-size: 14pt;\">De hecho, \u00e9l lo vivi\u00f3 en primera persona. El intendente de su regi\u00f3n fue uno de los primeros que cayeron defendiendo su casa y su familia. En los \u00faltimos cinco a\u00f1os, Adi estuvo trabajando con \u00e9l codo a codo para crear un espacio totalmente est\u00e9ril, que ser\u00eda la franja en el paso de frontera de Eres. Ya estaban los planos y los permisos,\u00a0<strong>estaba todo listo para hacer un hospital, una universidad y un centro comercial, todos internacionales, para la gente de Gaza, para que ellos tuvieran un futuro<\/strong>. \u00abO sea, f\u00edjate t\u00fa a qui\u00e9n han matado. Mataron a quien les estaba construyendo un futuro&#8230; pero no odio a los \u00e1rabes. Odio lo que nos hacen los \u00e1rabes\u00bb.<\/span><\/p>\n<h3 class=\"wp-block-heading\" style=\"text-align: center;\"><span style=\"font-size: 18pt;\">\u00abTodav\u00eda no ha terminado; viene algo m\u00e1s grande\u00bb<\/span><\/h3>\n<p style=\"text-align: justify;\"><span style=\"font-size: 14pt;\">El futuro que viene no les gusta. Saben que no ha terminado, que todav\u00eda se siguen librando ataques. Y que el Gobierno de Israel les devolver\u00e1 el da\u00f1o que han hecho. \u00abVa a haber alg\u00fan que otro acontecimiento militar. Y no chico; a lo grande\u00bb, cree Ariel.\u00a0<\/span><\/p>\n<p>&nbsp;<\/p>\n<p style=\"text-align: center;\"><span style=\"font-size: 14pt; color: #008000;\"><strong>\u00abVa a haber alg\u00fan que otro acontecimiento militar. Y no chico; a lo grande\u00bb<\/strong><\/span><\/p>\n<p>&nbsp;<\/p>\n<p style=\"text-align: justify;\"><span style=\"font-size: 14pt;\">\u00ab<em>Por ahora, el pa\u00eds est\u00e1 parado. No podemos hacer nada, nuestra vida no ha vuelto a la normalidad<\/em>\u00ab. No saben qu\u00e9 van a hacer hoy, ni ma\u00f1ana. Y no saben qu\u00e9 futuro les espera. Pero saben una cosa: es el momento de ser fuertes. Tienen que defender a su familia, su hogar, lo suyo. \u00abY\u00a0<strong>cuando todo esto pase nos daremos cuenta y lloraremos por los que no est\u00e1n<\/strong>\u00ab, sentencia Adi.<\/span><\/p>\n<\/blockquote>\n<p>&nbsp;<\/p>\n<p><img loading=\"lazy\" decoding=\"async\" class=\"aligncenter wp-image-12152\" src=\"https:\/\/puntocritico.com\/ausajpuntocritico\/wp-content\/uploads\/2018\/05\/palestina-y-el-terrorismo-de-estado3-300x169.jpg\" alt=\"\" width=\"400\" height=\"225\" data-id=\"12152\" srcset=\"https:\/\/puntocritico.com\/ausajpuntocritico\/wp-content\/uploads\/2018\/05\/palestina-y-el-terrorismo-de-estado3-300x169.jpg 300w, https:\/\/puntocritico.com\/ausajpuntocritico\/wp-content\/uploads\/2018\/05\/palestina-y-el-terrorismo-de-estado3-768x432.jpg 768w, https:\/\/puntocritico.com\/ausajpuntocritico\/wp-content\/uploads\/2018\/05\/palestina-y-el-terrorismo-de-estado3-1024x576.jpg 1024w, https:\/\/puntocritico.com\/ausajpuntocritico\/wp-content\/uploads\/2018\/05\/palestina-y-el-terrorismo-de-estado3-678x381.jpg 678w, https:\/\/puntocritico.com\/ausajpuntocritico\/wp-content\/uploads\/2018\/05\/palestina-y-el-terrorismo-de-estado3.jpg 1280w\" sizes=\"auto, (max-width: 400px) 100vw, 400px\" \/><\/p>\n<p style=\"text-align: center;\"><span style=\"font-size: 18pt;\"><strong><span style=\"color: #008000;\">*******<\/span><\/strong><\/span><\/p>\n<blockquote>\n<h2 style=\"text-align: center;\"><span style=\"font-size: 24pt;\"><strong>HALLAN CAD\u00c1VERES DE BEB\u00c9S ASESINADOS EN EL KIBUTZ DE KFAR AZA<\/strong><\/span><\/h2>\n<p style=\"text-align: center;\"><em><strong><span style=\"font-size: 14pt;\">Algunos peque\u00f1os fueron abatidos junto a sus padres, que intentaron protegerlos <\/span><\/strong><\/em><\/p>\n<p style=\"text-align: center;\"><em><strong><span style=\"font-size: 14pt;\">Netanyahu, a los altos mandos del Ej\u00e9rcito: \u00abLo que Ham\u00e1s vivir\u00e1 ser\u00e1 dif\u00edcil y terrible\u00bb<\/span><\/strong><\/em><\/p>\n<p style=\"text-align: justify;\"><span style=\"font-size: 14pt;\"><a href=\"https:\/\/www.abc.es\/internacional\/matanza-puertas-gaza-israel-encuentra-bebes-asesinados-20231010175735-nt.html\" target=\"_blank\" rel=\"noopener\">ABC<\/a>, 10 OCT 2023<\/span><\/p>\n<figure id=\"attachment_2289009\" aria-describedby=\"caption-attachment-2289009\" style=\"width: 440px\" class=\"wp-caption aligncenter\"><img loading=\"lazy\" decoding=\"async\" class=\"wp-image-2289009\" src=\"https:\/\/puntocritico.com\/ausajpuntocritico\/wp-content\/uploads\/2023\/10\/bebes-U503357977853mL-U60381672616PB-758x531@abc-300x209.webp\" alt=\"\" width=\"440\" height=\"307\" data-id=\"2289009\" srcset=\"https:\/\/puntocritico.com\/ausajpuntocritico\/wp-content\/uploads\/2023\/10\/bebes-U503357977853mL-U60381672616PB-758x531@abc-300x209.webp 300w, https:\/\/puntocritico.com\/ausajpuntocritico\/wp-content\/uploads\/2023\/10\/bebes-U503357977853mL-U60381672616PB-758x531@abc.webp 758w\" sizes=\"auto, (max-width: 440px) 100vw, 440px\" \/><figcaption id=\"caption-attachment-2289009\" class=\"wp-caption-text\"><span style=\"color: #008000;\">El kibutz de Kfar Azza KAR AZZA <\/span><\/figcaption><\/figure>\n<p>&nbsp;<\/p>\n<p class=\"voc-p\" style=\"text-align: justify;\"><span style=\"font-size: 14pt;\">El kibutz de Kfar Aza est\u00e1 situado entre Netivot y Sderot, a unos cinco kil\u00f3metros al este de la franja de Gaza,\u00a0<strong>en la zona m\u00e1s castigada por la embestida de Ham\u00e1s.\u00a0<\/strong>En 2021 ten\u00eda una poblaci\u00f3n de 765 habitantes, aunque este dato tendr\u00e1 que ser revisado despu\u00e9s de lo vivido en las \u00faltimas jornadas.<\/span><\/p>\n<p class=\"voc-p\" style=\"text-align: justify;\"><span style=\"font-size: 14pt;\">El kibutz fue establecido en agosto de 1951 por inmigrantes y refugiados jud\u00edos de Egipto y de la ciudad marroqu\u00ed de T\u00e1nger. Fue abandonado temporalmente en 1955, y dos a\u00f1os despu\u00e9s renaci\u00f3.<\/span><\/p>\n<p class=\"voc-p\" style=\"text-align: justify;\"><span style=\"font-size: 14pt;\">El 7 de octubre de 2023, en plena acometida terrorista, periodistas de la agencia Ap presenciaron el secuestro de cuatro civiles del kibutz. Apenas un aperitivo del horror que se descubri\u00f3 este martes, despu\u00e9s de que el Ej\u00e9rcito israel\u00ed retomara el control de la comuna agr\u00edcola: varios corresponsales internacionales de guerra, acompa\u00f1ados por miembros de las Fuerzas de Defensa de Israel (<em>IDF, por sus siglas en ingl\u00e9s<\/em>) informaron de\u00a0<strong>asesinatos en masa<\/strong>, revelando, estremecidos,\u00a0<strong>el hallazgo de los cuerpos de varios beb\u00e9s<\/strong>. Junto a los cad\u00e1veres, cunas volcadas y cochecitos abandonados.<\/span><\/p>\n<div class=\"voc-c-container\">\n<h3 class=\"voc-d-c__s-title\" style=\"text-align: center;\"><span style=\"font-size: 18pt;\">Desolaci\u00f3n<\/span><\/h3>\n<\/div>\n<p class=\"voc-p\" style=\"text-align: justify;\"><span style=\"font-size: 14pt;\">Los periodistas desplazados a Kfar Aza comunicaron que la ofensiva de Ham\u00e1s termin\u00f3 con las vidas de \u00ab<em>un centenar de personas<\/em>\u00bb en esta comunidad. Uno de los oficiales del Ej\u00e9rcito confirm\u00f3 a una reportera de la televisi\u00f3n local i24 que <strong>entre los restos se hallaron \u00ab<em>un gran n\u00famero de beb\u00e9s<\/em>\u00bb<\/strong>.<\/span><\/p>\n<aside class=\"voc-c-container\">\n<div class=\"ev widget-container ev-engagement\">\n<div class=\"ev-notifier-template\">\n<aside class=\"intextABC intext_Container p-24\">\n<div class=\"intext_infoTimer\" data-voc-rtim-type=\"modal\" data-voc-rtim-action=\"pit-mostrar h1x10campflash-h2flash2m1e\">\n<div class=\"intext_Pill_ABC\" style=\"text-align: justify;\"><span style=\"font-size: 14pt; text-align: justify;\">Apenas pod\u00eda contener las l\u00e1grimas la periodista <\/span><strong style=\"font-size: 14pt; text-align: justify;\">al tiempo que relataba la barbarie\u00a0<\/strong><span style=\"font-size: 14pt; text-align: justify;\">y recordaba las palabras del miembro de las IDF al describir el desolador decorado de este poblado que recordaba al de una distop\u00eda apocal\u00edptica: \u00ab<\/span><em style=\"font-size: 14pt; text-align: justify;\">Esto no es una guerra. No es un campo de batalla: es una masacre. Ves a los beb\u00e9s, a sus madres y sus padres, en las habitaciones y refugios donde trataron de ponerse a salvo&#8230; y c\u00f3mo los terroristas los han matado. No es una guerra<\/em><span style=\"font-size: 14pt; text-align: justify;\">\u00bb, declar\u00f3 el general <\/span><strong style=\"font-size: 14pt; text-align: justify;\">Itai Veruv<\/strong><span style=\"font-size: 14pt; text-align: justify;\"> mientras deambulaban en medio de las ruinas y el silencio.<\/span><\/div>\n<\/div>\n<\/aside>\n<\/div>\n<\/div>\n<\/aside>\n<p class=\"voc-p\" style=\"text-align: justify;\"><span style=\"font-size: 14pt;\">Los efectivos de las IDF\u00a0<strong>echaban mano de las bolsas negras\u00a0<\/strong>para envolver los cad\u00e1veres, que terminaron llenando las calles de Kfar Aza. El \u00e1nimo de los que observaban la tragedia tambi\u00e9n se ti\u00f1\u00f3 de negro.<\/span><\/p>\n<p class=\"voc-p\" style=\"text-align: justify;\"><span style=\"font-size: 14pt;\"><em>\u00abLos<\/em> b\u00e1rbaros de Ham\u00e1s masacraron a muchos beb\u00e9s durante los ataques del 7 de octubre. Israel honrar\u00e1 a cada una de las v\u00edctimas de estos atroces actos terroristas. No nos detendremos ante nada para hacer que paguen un alto precio\u00bb, public\u00f3 la Embajada de Israel en Francia en la red social X.<\/span><\/p>\n<\/blockquote>\n<p>&nbsp;<\/p>\n<figure id=\"attachment_2289010\" aria-describedby=\"caption-attachment-2289010\" style=\"width: 440px\" class=\"wp-caption aligncenter\"><img loading=\"lazy\" decoding=\"async\" class=\"wp-image-2289010\" src=\"https:\/\/puntocritico.com\/ausajpuntocritico\/wp-content\/uploads\/2023\/10\/Cuerpos-en-la-zona-de-Sderot-REUTERS-300x210.webp\" alt=\"\" width=\"440\" height=\"308\" data-id=\"2289010\" srcset=\"https:\/\/puntocritico.com\/ausajpuntocritico\/wp-content\/uploads\/2023\/10\/Cuerpos-en-la-zona-de-Sderot-REUTERS-300x210.webp 300w, https:\/\/puntocritico.com\/ausajpuntocritico\/wp-content\/uploads\/2023\/10\/Cuerpos-en-la-zona-de-Sderot-REUTERS.webp 561w\" sizes=\"auto, (max-width: 440px) 100vw, 440px\" \/><figcaption id=\"caption-attachment-2289010\" class=\"wp-caption-text\"><span style=\"color: #008000;\">Cuerpos en la zona de Sderot REUTERS<\/span><\/figcaption><\/figure>\n<p style=\"text-align: center;\"><span style=\"font-size: 18pt;\"><strong><span style=\"color: #008000;\">*******<\/span><\/strong><\/span><\/p>\n<h2 style=\"text-align: center;\" align=\"center\"><span style=\"font-size: 24.0pt;\">A LA IZQUIERDA RADICAL Y A SUS AMIGOS MEDI\u00c1TICOS NO LES IMPORTAN LOS ASESINATOS EN ISRAEL<\/span><\/h2>\n<p style=\"text-align: justify;\"><span style=\"font-size: 14pt;\">Por <a href=\"https:\/\/www.vozpopuli.com\/opinion\/izquierda-radical-amigos-mediaticos-no-importan-asesinatos-israel.html\" target=\"_blank\" rel=\"noopener\">Rub\u00e9n Arranz<\/a>, 9 OCT 2023<\/span><\/p>\n<figure id=\"attachment_2288886\" aria-describedby=\"caption-attachment-2288886\" style=\"width: 678px\" class=\"wp-caption aligncenter\"><a href=\"https:\/\/www.youtube.com\/watch?v=EFI-rCDfSd0\" target=\"_blank\" rel=\"noopener\"><img loading=\"lazy\" decoding=\"async\" class=\"wp-image-2288886 size-mh-magazine-content\" src=\"https:\/\/puntocritico.com\/ausajpuntocritico\/wp-content\/uploads\/2023\/10\/Mujer-secuestrada-por-los-terroristas-1-678x381.webp\" alt=\"\" width=\"678\" height=\"381\" data-id=\"2288886\" srcset=\"https:\/\/puntocritico.com\/ausajpuntocritico\/wp-content\/uploads\/2023\/10\/Mujer-secuestrada-por-los-terroristas-1-678x381.webp 678w, https:\/\/puntocritico.com\/ausajpuntocritico\/wp-content\/uploads\/2023\/10\/Mujer-secuestrada-por-los-terroristas-1-300x169.webp 300w, https:\/\/puntocritico.com\/ausajpuntocritico\/wp-content\/uploads\/2023\/10\/Mujer-secuestrada-por-los-terroristas-1-1024x576.webp 1024w, https:\/\/puntocritico.com\/ausajpuntocritico\/wp-content\/uploads\/2023\/10\/Mujer-secuestrada-por-los-terroristas-1-768x432.webp 768w, https:\/\/puntocritico.com\/ausajpuntocritico\/wp-content\/uploads\/2023\/10\/Mujer-secuestrada-por-los-terroristas-1.webp 1200w\" sizes=\"auto, (max-width: 678px) 100vw, 678px\" \/><\/a><figcaption id=\"caption-attachment-2288886\" class=\"wp-caption-text\"><a href=\"https:\/\/www.youtube.com\/watch?v=EFI-rCDfSd0\" target=\"_blank\" rel=\"noopener\"><span style=\"color: #008000;\">Mujer secuestrada por los terroristas<\/span><\/a><\/figcaption><\/figure>\n<p>&nbsp;<\/p>\n<p style=\"text-align: justify;\"><span style=\"font-size: 14pt;\">Son<strong>\u00a0los b\u00e1rbaros contempor\u00e1neos.<\/strong>\u00a0Los que ejecutan, los que los respaldan y los que ponen pa\u00f1os calientes para minimizar la dimensi\u00f3n de la barbarie. En realidad, no es tan dif\u00edcil posicionarse en el lado bueno de la historia. Basta con observar. La Comisi\u00f3n Parlamentaria que analiz\u00f3 en Francia los informes policiales del atentado contra la\u00a0<strong>sala Batacl\u00e1n<\/strong>\u00a0concluy\u00f3 que los integristas que los cometieron apu\u00f1alaron en los genitales a algunas de las mujeres asesinadas. Mujeres infieles y, por tanto, merecedoras de ser tratadas como animales para los fundamentalistas. Este s\u00e1bado, aparec\u00edan im\u00e1genes en las que una turista alemana, desnuda y muerta, era escupida por los salvajes mientras transportaban su cuerpo en un cami\u00f3n. Otros, orinaban sobre sus v\u00edctimas. Otros, violaron a una mujer cuyos pantalones aparec\u00edan en una imagen llenos de sangre.<\/span><\/p>\n<p style=\"text-align: justify;\"><span style=\"font-size: 14pt;\">El<strong>\u00a0feminismo nacional\u00a0<\/strong>que pone el grito en el cielo cuando un hombre abre las piernas en el metro o se presenta con dos besos ante una mujer ha vuelto a posicionarse en este caso en favor de\u00a0<strong><a href=\"https:\/\/www.vozpopuli.com\/internacional\/ultima-hora-guerra-israel-gaza-directo.html\" target=\"_blank\" rel=\"noopener\" data-schema-attribute=\"\">Palestina<\/a><\/strong>. El territorio donde los fundamentalistas de Ham\u00e1s tomaron el mando hace mucho tiempo y existen normas como la que impuso el presidente del<strong>\u00a0Consejo Supremo de la Shar\u00eda\u00a0<\/strong>en 2020: \u201cLas mujeres v\u00edrgenes (solteras) o que estuvieran casadas (divorciadas y viudas) de cualquier edad no podr\u00e1n viajar sin permiso de su guardia masculino\u201d.\u00a0<strong>Yolanda D\u00edaz<\/strong>\u00a0lleva esa camiseta, la de la Palestina que ampara a los terroristas y hostiga a su poblaci\u00f3n. \u201cNecesitamos una paz justa, duradera y sostenible y eso pasa por cumplir con el derecho internacional, poner fin a la ocupaci\u00f3n y que el pueblo palestino pueda vivir con dignidad\u201d, aseguraba el pasado s\u00e1bado en sus redes sociales.<\/span><\/p>\n<p style=\"text-align: justify;\"><span style=\"font-size: 14pt;\"><a href=\"https:\/\/ctxt.es\/es\/20230501\/Firmas\/42940\/Jeremy-Corbyn-Internacional-progresista-Israel-Palestina-Cisjordania-apartheid.htm\" target=\"_blank\" rel=\"nofollow noopener\" data-schema-attribute=\"\">El diario digital Ctxt<\/a>\u00a0publicaba un art\u00edculo de<strong>\u00a0Jeremy Corbyn<\/strong>\u00a0-expiatorio para Palestina- en el que se recordaba un asunto que viene al pelo en este contexto, y es que\u00a0<strong>Ada Colau\u00a0<\/strong>decidi\u00f3 el pasado febrero suspender las relaciones de Barcelona con Israel y romper el hermanamiento con\u00a0<strong>Tel Aviv<\/strong>. La exalcaldesa es del partido de Yolanda D\u00edaz y de \u00cd\u00f1igo Errej\u00f3n. El segundo se expresaba de esta forma hace unas horas: \u201cLas im\u00e1genes que llegan hoy de Israel y Palestina son espeluznantes. Lo son tambi\u00e9n en la violencia diaria de la ocupaci\u00f3n y el r\u00e9gimen de\u00a0<em>apartheid<\/em>, que por desgracia no suscitan tanta indignaci\u00f3n. Es necesario un alto el fuego inmediato, con intercambio de prisioneros. Pero la paz justa y duradera s\u00f3lo podr\u00e1 venir de la mano del reconocimiento del derecho del pueblo palestino a la autodeterminaci\u00f3n en su tierra\u201d.<\/span><\/p>\n<h3 class=\"wp-block-heading\" style=\"text-align: center;\"><span style=\"font-size: 18pt;\">La ceguera selectiva<\/span><\/h3>\n<p style=\"text-align: justify;\"><span style=\"font-size: 14pt;\">Supongo que nadie niega a nadie el derecho a debatir sobre la situaci\u00f3n de esa zona del mundo y a analizar las causas del conflicto. Pero hacerlo el d\u00eda de un ataque terrorista que ha provocado decenas de v\u00edctimas civiles y secuestros es tan<strong>\u00a0integrista y repugnante\u00a0<\/strong>que no s\u00f3lo es definitorio de la cala\u00f1a pol\u00edtica que representan determinados partidos, sino tambi\u00e9n de la\u00a0<strong>maldad<\/strong>\u00a0y el integrismo de estos representantes. Porque mientras se relataba la forma en la que camiones con s\u00edmbolos de Hezbol\u00e1 masacraban a civiles -quemaron sus casas y los ejecutaron; y\u00a0<a href=\"https:\/\/www.tabletmag.com\/sections\/news\/articles\/israel-music-festival-massacre-eyewitness-account\" target=\"_blank\" rel=\"noopener\" data-schema-attribute=\"\">violaron a mujeres junto a los cad\u00e1veres de sus amigos<\/a>-, hubo quien no realiz\u00f3 la condena rotunda que merecen estos hechos, sino que aprovech\u00f3 para defender su causa.\u00a0<strong>\u00bfRecuerdan lo que ocurr\u00eda tras cada asesinato de ETA? La actitud es igual.<\/strong><\/span><\/p>\n<p style=\"text-align: justify;\"><span style=\"font-size: 14pt;\">Veremos en los pr\u00f3ximos d\u00edas c\u00f3mo\u00a0<a href=\"https:\/\/www.eldiario.es\/opinion\/zona-critica\/israeli-muerto-20-palestinos_129_10581190.html\" target=\"_blank\" rel=\"noopener\" data-schema-attribute=\"\">el potente aparato medi\u00e1tico de la izquierda<\/a>\u00a0concede m\u00e1s espacio a la reacci\u00f3n que a la acci\u00f3n.\u00a0<strong>\u201cPor cada israel\u00ed muerto, 20 palestinos<\/strong>\u201d, titulaba este lunes un columnista de eldiario.es, en una acci\u00f3n que podr\u00eda equivaler a la de citar Ceuta y Melilla el 12 de marzo o Iraq el 12 de septiembre.\u00a0<a href=\"https:\/\/blogs.publico.es\/vinetas\/2023\/10\/09\/gaza\/#md=modulo-portada-bloque:2col-t1;mm=mobile-big\" target=\"_blank\" rel=\"noopener\" data-schema-attribute=\"\">Gaza est\u00e1 engrilletada<\/a>, daba a entender el vi\u00f1etista de\u00a0<em>P\u00fablico<\/em>. Y\u00a0<a href=\"https:\/\/www.eldiario.es\/opinion\/zona-critica\/si-palestina-fuese-ucrania_129_10580979.html\" target=\"_blank\" rel=\"noopener\" data-schema-attribute=\"\">Ant\u00f3n Losada<\/a>\u00a0comparaba la situaci\u00f3n de Palestina con la de Ucrania, obviando las muy diferentes caracter\u00edsticas religiosas, hist\u00f3ricas o pol\u00edticas de ambos lugares. Se quedaba tan ancho.<\/span><\/p>\n<div id=\"sm-it-main-container-1696849428479\" class=\"sm-it-main-container\" data-it=\"b6e54df5-cdde-43b2-ace7-e226e31773e0\" data-device=\"desktop\" data-index=\"1\">\n<section class=\"section-post-content\">\n<div id=\"post-text\" class=\"content-entry\">\n<p style=\"text-align: justify;\"><span style=\"font-size: 14pt;\">Mientras tanto, uno puede ponerse en lo peor al imaginar el martirio al que es en estos momentos sometida la bella joven morena que fue secuestrada por los salvajes y tomada como reh\u00e9n. Eran terribles las im\u00e1genes en las que aparec\u00eda mientras era transportada en un veh\u00edculo a su celda de castigo. Y, mientras tanto, por supuesto, todo el entorno de\u00a0<strong>Podemos<\/strong>\u00a0hace el don Tancredo de forma execrable sobre las torturas del otro gran enemigo de Israel y el pagador de los terroristas,\u00a0<strong>Ir\u00e1n<\/strong>, donde feministas como\u00a0<strong>Shirin Ebadi<\/strong>\u00a0-y su familia- han sido perseguidas. Otras, como\u00a0<strong>Mahsa Amini,\u00a0<\/strong>directamente martirizadas. Ante todo esto calla la izquierda morada y todo ese\u00a0<strong>aparato medi\u00e1tico descontrolado<\/strong>.<\/span><\/p>\n<\/div>\n<\/section>\n<\/div>\n<p>&nbsp;<\/p>\n<p><a href=\"https:\/\/puntocritico.com\/ausajpuntocritico\/2018\/05\/24\/palestina-y-el-terrorismo-de-estado\/\"><img loading=\"lazy\" decoding=\"async\" class=\"aligncenter wp-image-12156\" src=\"https:\/\/puntocritico.com\/ausajpuntocritico\/wp-content\/uploads\/2018\/05\/Marruecos-excesivo-Israel-protesta-Palestina_EDIIMA20180401_0009_19-300x169.jpg\" alt=\"\" width=\"440\" height=\"248\" data-id=\"12156\" srcset=\"https:\/\/puntocritico.com\/ausajpuntocritico\/wp-content\/uploads\/2018\/05\/Marruecos-excesivo-Israel-protesta-Palestina_EDIIMA20180401_0009_19-300x169.jpg 300w, https:\/\/puntocritico.com\/ausajpuntocritico\/wp-content\/uploads\/2018\/05\/Marruecos-excesivo-Israel-protesta-Palestina_EDIIMA20180401_0009_19.jpg 643w\" sizes=\"auto, (max-width: 440px) 100vw, 440px\" \/><\/a><\/p>\n<div id=\"sm-it-main-container-1696849428479\" class=\"sm-it-main-container\" data-it=\"b6e54df5-cdde-43b2-ace7-e226e31773e0\" data-device=\"desktop\" data-index=\"1\">\n<section class=\"section-post-content\">\n<p style=\"text-align: center;\"><span style=\"font-size: 18pt;\"><strong><span style=\"color: #008000;\">*******<\/span><\/strong><\/span><\/p>\n<\/section>\n<\/div>\n<h2 style=\"text-align: center;\" align=\"center\"><span style=\"font-size: 24.0pt;\">NO ES HAM\u00c1S, \u00a1ES PALESTINA, EST\u00daPIDOS!<\/span><\/h2>\n<div class=\"author-content\">\n<div class=\"author-item\">\n<p style=\"text-align: justify;\"><span style=\"font-size: 14pt;\"><a href=\"https:\/\/blogs.publico.es\/otrasmiradas\/76854\/no-es-hamas-es-palestina-estupidos\/#analytics-portada:lo-mas-leido\" target=\"_blank\" rel=\"noopener\">P\u00fablico<\/a>, 9 OCT 2023<\/span><\/p>\n<p class=\"author\" style=\"text-align: justify;\"><span style=\"font-size: 14pt;\">Por<\/span> IGNACIO GUTI\u00c9RREZ DE TER\u00c1N G\u00d3MEZ-BENITA<\/p>\n<p class=\"description\" style=\"text-align: justify;\"><span style=\"font-size: 14pt;\"><em>Departamento de Estudios \u00c1rabes e Isl\u00e1micos<\/em><\/span><\/p>\n<p class=\"description\" style=\"text-align: justify;\"><span style=\"font-size: 14pt;\"><em>Universidad Aut\u00f3noma de Madrid<\/em><\/span><\/p>\n<\/div>\n<\/div>\n<figure id=\"attachment_2288968\" aria-describedby=\"caption-attachment-2288968\" style=\"width: 480px\" class=\"wp-caption aligncenter\"><a href=\"https:\/\/puntocritico.com\/ausajpuntocritico\/2018\/05\/24\/palestina-y-el-terrorismo-de-estado\/\"><img loading=\"lazy\" decoding=\"async\" class=\"wp-image-2288968\" src=\"https:\/\/puntocritico.com\/ausajpuntocritico\/wp-content\/uploads\/2023\/10\/2023-10-09T104912Z_613452620_RC2YO3AN1ZZF_RTRMADP_3_ISRAEL-PALESTINIANS-SAFRICA-1024x715-1-678x381.jpg\" alt=\"\" width=\"480\" height=\"335\" data-id=\"2288968\" srcset=\"https:\/\/puntocritico.com\/ausajpuntocritico\/wp-content\/uploads\/2023\/10\/2023-10-09T104912Z_613452620_RC2YO3AN1ZZF_RTRMADP_3_ISRAEL-PALESTINIANS-SAFRICA-1024x715-1-300x209.jpg 300w, https:\/\/puntocritico.com\/ausajpuntocritico\/wp-content\/uploads\/2023\/10\/2023-10-09T104912Z_613452620_RC2YO3AN1ZZF_RTRMADP_3_ISRAEL-PALESTINIANS-SAFRICA-1024x715-1-768x536.jpg 768w, https:\/\/puntocritico.com\/ausajpuntocritico\/wp-content\/uploads\/2023\/10\/2023-10-09T104912Z_613452620_RC2YO3AN1ZZF_RTRMADP_3_ISRAEL-PALESTINIANS-SAFRICA-1024x715-1.jpg 1024w\" sizes=\"auto, (max-width: 480px) 100vw, 480px\" \/><\/a><figcaption id=\"caption-attachment-2288968\" class=\"wp-caption-text\"><span style=\"color: #008000;\">Una mujer marcha con una bandera palestina en una manifestaci\u00f3n en apoyo del pueblo palestino tras los \u00faltimos ataques de Israel, en Ciudad del Cabo (Sud\u00e1frica). REUTERS\/Esa Alexander<\/span><\/figcaption><\/figure>\n<p>&nbsp;<\/p>\n<p style=\"text-align: justify;\"><span style=\"font-size: 14pt;\"><strong>Murid al Barguthi<\/strong>, poeta palestino fallecido en 2021 describi\u00f3 en cierta ocasi\u00f3n la cuesti\u00f3n palestina como el acto de una obra teatral en la que se levanta el tel\u00f3n y aparecen tres hombres fieramente vestidos con t\u00fanica y pa\u00f1uelo\u00a0<em>kufiya\u00a0<\/em>pateando a alguien que, resulta evidente, es jud\u00edo. Se baja el tel\u00f3n y ya est\u00e1, se termin\u00f3 la obra. Ese es el resumen de lo que ha devenido el llamado conflicto araboisrael\u00ed durante las \u00faltimas d\u00e9cadas, la muestra de violencia y salvajismo constantes por parte de una gente, los palestinos, que odian la modernidad, la democracia y el derecho de un todo un pueblo, el jud\u00edo, a vivir en paz. Por ello, buena parte de los ciudadanos occidentales piensan que los israel\u00edes (<em>los jud\u00edos de entre ellos, pues una parte significativa pero que no cuenta son \u00e1rabes<\/em>) desempe\u00f1an el papel impuesto de v\u00edctimas. Porque no tienen noticia de que antes de esa escena terrible en la que tres \u00ab<em>energ\u00famenos<\/em>\u00bb agreden a una persona indefensa tenemos una sucesi\u00f3n de actos y cap\u00edtulos en los que millones de palestinos han sido despose\u00eddos de sus casas, sus huertos y sus lugares de trabajo, obligados al destierro y la trashumancia, como un pueblo apestado, por los confines del mundo, implorando que alguien tenga en cuenta su desgracia. Empresa harto complicada: \u00bfc\u00f3mo va a saber nadie de tus miserias si nadie se las cuenta y si t\u00fa mismo careces de voz para hacerla inteligible?<\/span><\/p>\n<p style=\"text-align: justify;\"><span style=\"font-size: 14pt;\">La escena teatral, viciada y corrupta desde el inicio, de la que hablaba <strong>al-Barguthi<\/strong> la he vuelto a contemplar estos d\u00edas, a partir de la madrugada del pasado s\u00e1bado 7 de octubre. Milicianos de <em>Ham\u00e1s<\/em> arrastrando cad\u00e1veres de hombres vestidos de paisano (<em>son militares en muchos casos, pero eso parece secundario; tampoco te lo cuentan<\/em>), dejando a su paso un reguero de muerte en un descampado donde hab\u00eda un festival de m\u00fasica, cerca de <em>Gaza<\/em> (<em>hasta este punto ha llegado la soberbia del sionismo m\u00e1s ac\u00e9rrimo que gobierna Israel hoy, obviar la existencia de millones de palestinos enclaustrados m\u00e1s all\u00e1 de la valla electrificada de 65 kil\u00f3metros, de \u00faltima tecnolog\u00eda \u00a0que separa aquella del territorio israel\u00ed<\/em>). Hemos visto im\u00e1genes de colonos convertidos en rehenes, ni\u00f1os, mujeres, hombres, ancianas tambi\u00e9n, apresados en los asentamientos que <em>Tel Aviv<\/em> amplia y expande por doquier en <em>Palestina<\/em> sin atender a la legalidad internacional ni la misma inviabilidad de muchas de estas construcciones, en un entorno \u00e1rido, sin agua ni infraestructuras sostenibles (<em>un problema menor: ya dir\u00e1 la propaganda oficial que hay sitio para m\u00e1s poblaci\u00f3n, de religi\u00f3n, a costa de los palestinos<\/em>). Hasta los oficiales de alta graduaci\u00f3n ca\u00eddos en el sorpresivo ataque de los \u00ab<em>terroristas<\/em>\u00ab, \u00ab<em>saboteadores<\/em>\u00bb y \u00ab<em>yihadistas<\/em>\u00bb de <em>Ham\u00e1s<\/em> han sido \u00ab<em>asesinados<\/em>\u00bb aun cuando murieron en el campo de batalla, como se dec\u00eda antes en cualquier contexto b\u00e9lico. No debemos preocuparnos por estos juegos de palabras: en cuanto las tropas israel\u00edes entren en <em>Gaza<\/em>, \u00ab<em>neutralizar\u00e1n<\/em>\u00bb a cientos de milicianos armados hasta los dientes, aunque los sorprendan dormido, y a no menos civiles.<strong> El primer ministro israel\u00ed, Benjamin Netanyahu, sostiene que su pa\u00eds est\u00e1 en guerra contra <em>Ham\u00e1s<\/em><\/strong>. Dejando a un lado que m\u00e1s que con <em>Ham\u00e1s<\/em> est\u00e1n en guerra con <em>Palestina<\/em>, desde hace d\u00e9cadas, para apoderarse de cuantas m\u00e1s tierras mejor y despertar de paso la simpat\u00eda y generosa contribuci\u00f3n de la comunidad internacional, la pregunta cae por su peso: <strong>si est\u00e1is en guerra, \u00bfqu\u00e9 tienen de extra\u00f1o ofensivas, despliegues y contraataques?<\/strong> El ataque de <em>Ham\u00e1s<\/em> entra dentro de la l\u00f3gica b\u00e9lica. Las tropas de asalto, la polic\u00eda y los servicios de inteligencia israel\u00edes llevan d\u00e9cadas irrumpiendo en las casas de los civiles palestinos, destrozando sus propiedades y llev\u00e1ndose a rastras a adolescentes e imp\u00faberes. \u00bfNo es esa la guerra que tanto les conven\u00eda?<\/span><\/p>\n<p>&nbsp;<\/p>\n<blockquote>\n<p style=\"text-align: center;\"><strong><span style=\"font-size: 14pt; color: #008000;\">El ataque de Ham\u00e1s entra dentro de la l\u00f3gica b\u00e9lica. Las tropas de asalto, la polic\u00eda y los servicios de inteligencia israel\u00edes llevan d\u00e9cadas irrumpiendo en las casas de los civiles palestinos, destrozando sus propiedades y llev\u00e1ndose a rastras a adolescentes e imp\u00faberes. \u00bfNo es esa la guerra que tanto les conven\u00eda?<\/span><\/strong><\/p>\n<\/blockquote>\n<p>&nbsp;<\/p>\n<p style=\"text-align: justify;\"><span style=\"font-size: 14pt;\"><strong>Al-Barguthi<\/strong> comentaba tambi\u00e9n algo que sol\u00eda ocurrirle cuando depart\u00eda con los colegas \u00ab<em>progresistas<\/em>\u00bb jud\u00edos con nacionalidad israel\u00ed \u2013por si no lo saben, cualquier jud\u00edo que haya en el planeta, aunque no sea capaz de situar <em>Jerusal\u00e9n<\/em> en el mapa, puede llegar a ser israel\u00ed; un palestino, aun habiendo nacido en <em>Palestina<\/em> o teniendo a una madre, un t\u00edo o una abuela que naci\u00f3 all\u00ed, es muy improbable que pueda regresar a su tierra siquiera de visita-. Te dicen que comprenden tu situaci\u00f3n de palestino expoliado, que les parece fatal que la casa de tus padres la ocupen ahora unos reci\u00e9n llegados de Buenos Aires, Toronto o Brooklyn, que les sabe mal que tengas que vivir a la fuerza en el exilio pero que, ea, una injusticia no puede enmendarse con otra mayor, como ser\u00eda expulsar a los jud\u00edos israel\u00edes de un estado moderno y exitoso erigido con el sudor de sus manos, y, bueno, ya se ver\u00e1. Y se vuelven a la <em>Palestina<\/em> ocupada, a comer\u00a0<em>fal\u00e1fil<\/em>, y\u00a0<em>hummus<\/em>\u00a0que ahora, resulta, son una invenci\u00f3n israel\u00ed y a cultivar subrepticiamente el mito de que all\u00ed, antes de las primeras\u00a0<em>aliy\u00e1s\u00a0<\/em>o emigraciones multitudinarias jud\u00edas, apenas hab\u00eda gente viviendo. Y muy rudimentariamente. Sin civilizaci\u00f3n, sin cultura ni modernidad.<\/span><\/p>\n<p style=\"text-align: justify;\"><span style=\"font-size: 14pt;\">Nunca nos dejar\u00e1 de sorprender el simplismo de tanta gente de buena fe que se muestra incondicionalmente partidaria de Israel e incluso justifica sus ataques \u00ab<em>en leg\u00edtima defensa<\/em>\u00bb contra la \u00ab<em>violencia<\/em>\u00bb palestina. No deber\u00edamos: en realidad, s\u00f3lo saben de la misa la media. Cuando lees los recuentos hist\u00f3ricos otomanos o de los mismos colonizadores brit\u00e1nicos sobre los f\u00e9rtiles vergeles de Palestina \u2013el \u00ab<em>granero<\/em>\u00bb de la <em>Gran Puerta<\/em> la llegaron a llamar-, o sobre la vitalidad de la sociedad palestina a principios del S.XX, antes de la proliferaci\u00f3n del<em> movimiento sionista<\/em>, de sus escritoras, intelectuales y movimientos art\u00edsticos te preguntas c\u00f3mo hemos podido llegar que la mitad de la poblaci\u00f3n mundial haya asumido la f\u00e1bula <em>sionista<\/em> de que <em>Palestina<\/em> era un yermo antes de que llegaran\u00a0<em>ellos<\/em>. Cuando repasas los informes de entidades, asociaciones y personalidades jur\u00eddicas internacionales sobre l<a href=\"https:\/\/www.amnesty.org\/es\/petition\/opt-demand-protection-for-janna\/#:~:text=Entre%20enero%20y%20junio%20de,normas%20internacionales%20sobre%20juicios%20justos.\" target=\"_blank\" rel=\"noopener\">os excesos de la ocupaci\u00f3n israel\u00ed<\/a>, la confiscaci\u00f3n ilegal de tierras\u00a0 y propiedades, la expulsi\u00f3n de poblaciones, el rechazo a reconocer el\u00a0<em>ius solis\u00a0<\/em>de los palestinos, las detenciones administrativas, las torturas sistem\u00e1ticas, el cierre arbitrario de territorios enteros, la confiscaci\u00f3n universal de <em>Gaza<\/em>, continuada desde 2007, cuando reparas en todo eso y escuchas los testimonios de tantos y tantos palestinos despose\u00eddos de tierra y memoria no puedes dejar de admirarte. Seg\u00fan las encuestas, la mayor parte de la poblaci\u00f3n joven (<em>jud\u00eda<\/em>) de <em>Israel<\/em> piensa que \u00ab<em>ellos llegaron antes<\/em>\u00bb que los palestinos, sin reparar en que, en muchos casos, sus padres no llevan all\u00ed ni cincuenta a\u00f1os. Normal: a los palestinos los esconden detr\u00e1s de muros, verjas y puestos de control que esos j\u00f3venes tampoco han visto. Otra buena parte de la opini\u00f3n p\u00fablica occidental piensa que <em>Ham\u00e1s<\/em> \u2013 o la <em>Autoridad Nacional Palestina<\/em>, o los grupos de izquierdas, o los islamistas, o individuos que act\u00faan por su cuenta y riesgo- ponen en peligro la paz planetaria por odio y una especie de frustraci\u00f3n cong\u00e9nita. No menos normal: desconocen, por pereza, estolidez o por falta de inter\u00e9s, c\u00f3mo hemos llegado hasta aqu\u00ed.<\/span><\/p>\n<p>&nbsp;<\/p>\n<blockquote>\n<p style=\"text-align: center;\"><span style=\"color: #008000;\"><strong><span style=\"font-size: 14pt;\">Cuando repasas los informes de entidades, asociaciones y personalidades jur\u00eddicas internacionales sobre los excesos de la ocupaci\u00f3n israel\u00ed, la confiscaci\u00f3n ilegal de tierras\u00a0 y propiedades, la expulsi\u00f3n de poblaciones, el rechazo a reconocer el\u00a0<em>ius solis\u00a0<\/em>de los palestinos, las detenciones administrativas, las torturas sistem\u00e1ticas, el cierre arbitrario de territorios enteros, la confiscaci\u00f3n universal de Gaza, continuada desde 2007, cuando reparas en todo eso y escuchas los testimonios de tantos y tantos palestinos despose\u00eddos de tierra y memoria no puedes dejar de admirarte<\/span><\/strong><\/span><\/p>\n<\/blockquote>\n<p>&nbsp;<\/p>\n<p style=\"text-align: justify;\"><span style=\"font-size: 14pt;\"><em>Ham\u00e1s<\/em> compone una organizaci\u00f3n islamista puritana y reaccionaria. Su modo de gobernar <em>Gaza<\/em>\u2013es un decir; poco hay que gestionar all\u00ed- no diferir\u00eda demasiado de c\u00f3mo rigen a su pueblo gobiernos que se proclaman cumplidores estrictos de la <em>Shar\u00eda<\/em> o Ley isl\u00e1mica. <strong>Los responsables del \u00ab<em>estado profundo<\/em>\u00bb de Israel lo saben bien<\/strong>, porque durante mucho tiempo intentaron facilitar que el islamismo palestino se convirtiera en alternativa real a los grupos de izquierda secularistas que dominaban la escena pol\u00edtica en los setenta y ochenta del siglo pasado. <em>Ham\u00e1s<\/em>, y toda la poblaci\u00f3n de <em>Gaza<\/em>, llevan sufriendo un cerco inclemente desde hace m\u00e1s de quince a\u00f1os. Los habitantes de algunos asentamientos y kibutz en el entorno de <em>Gaza<\/em> se quejaban estos d\u00edas de haberse quedado sin luz, agua y combustible. Vaya. Eso ocurre en Gaza de forma sistem\u00e1tica un mes s\u00ed y otro tambi\u00e9n; m\u00e1s a lo largo de las terribles y oscuras jornadas de bombardeos que aguarda a su poblaci\u00f3n. <em>Ham\u00e1s<\/em> ha atacado objetivos civiles y agredido a ciudadanos indefensos, dicen los cr\u00edticos. Algunos han comparado la irrupci\u00f3n en casas y chal\u00e9s con el objetivo de matar o cuando menos apresar a quien se pusiera en su camino con las barbaridades de grupos radicales como <em>al-Qaeda<\/em>. Es una forma de verlo; tambi\u00e9n podr\u00edan comparar las palizas, disparos a quemarropa y bombardeos de escuelas y hospitales cometidos por las tropas israel\u00edes con los desmanes de ej\u00e9rcitos de reg\u00edmenes dictatoriales, pero no lo hacen. Otros apuntan que, instigados por <em>Ir\u00e1n<\/em>, los de <em>Ham\u00e1s<\/em> han tratado de impedir que los pa\u00edses \u00e1rabes \u00abmoderados\u00bb que todav\u00eda no lo han hecho, l\u00e9ase <em>Arabia Saud\u00ed<\/em> en primer lugar, tengan razones para firmar una paz duradera con <em>Israel<\/em>. Otro modo de incidir en la conocida estrategia de despojar a los palestinos de su \u00ab<em>capacidad de agencia<\/em>\u00ab. O no existen o carecen de empoderamiento. Pueden aducir muchas razones y establecer cuantos paralelismos deseen. Pero si no queremos trascender los prejuicios ideol\u00f3gicos, las verdades a medias y los mitos fundacionales de un movimiento colonialista que tanto dolor sigue generando no entenderemos mucho.<\/span><\/p>\n<p>&nbsp;<\/p>\n<p><img loading=\"lazy\" decoding=\"async\" class=\"aligncenter wp-image-12151\" src=\"https:\/\/puntocritico.com\/ausajpuntocritico\/wp-content\/uploads\/2018\/05\/palestina-y-el-terrorismo-de-estado2-300x158.jpg\" alt=\"\" width=\"480\" height=\"253\" data-id=\"12151\" srcset=\"https:\/\/puntocritico.com\/ausajpuntocritico\/wp-content\/uploads\/2018\/05\/palestina-y-el-terrorismo-de-estado2-300x158.jpg 300w, https:\/\/puntocritico.com\/ausajpuntocritico\/wp-content\/uploads\/2018\/05\/palestina-y-el-terrorismo-de-estado2-768x404.jpg 768w, https:\/\/puntocritico.com\/ausajpuntocritico\/wp-content\/uploads\/2018\/05\/palestina-y-el-terrorismo-de-estado2.jpg 950w\" sizes=\"auto, (max-width: 480px) 100vw, 480px\" \/><\/p>\n<p style=\"text-align: center;\"><span style=\"font-size: 18pt;\"><strong><span style=\"color: #008000;\">*******<\/span><\/strong><\/span><\/p>\n<h2 style=\"text-align: center;\"><span style=\"font-size: 24pt;\">MELONI ADVIERTE DEL \u00abRIESGO DE EMULACI\u00d3N DE ATENTADOS DE HAM\u00c1S TAMBI\u00c9N EN ITALIA\u00bb<\/span><\/h2>\n<p class=\"voc-subtitle\" style=\"text-align: center;\"><span style=\"font-size: 14pt;\"><em><strong>La primera ministra particip\u00f3 en una conversaci\u00f3n telef\u00f3nica con Biden, Macron, Scholz y Sunak y cancela el pasado filo-palestino de la derecha hist\u00f3rica italiana<\/strong><\/em><\/span><\/p>\n<p style=\"text-align: justify;\"><span style=\"font-size: 14pt;\">Por \u00c1ngel G\u00f3mez Fuentes<\/span><\/p>\n<p style=\"text-align: justify;\"><span style=\"font-size: 14pt;\"><a href=\"https:\/\/www.abc.es\/internacional\/meloni-advierte-riesgo-emulacion-atentados-hamas-italia-20231010195657-nt.html\" target=\"_blank\" rel=\"noopener\">ABC<\/a>, 11 OCT 2023<\/span><\/p>\n<figure id=\"attachment_2289012\" aria-describedby=\"caption-attachment-2289012\" style=\"width: 440px\" class=\"wp-caption aligncenter\"><img loading=\"lazy\" decoding=\"async\" class=\"wp-image-2289012\" src=\"https:\/\/puntocritico.com\/ausajpuntocritico\/wp-content\/uploads\/2023\/10\/meloni-sinagoga-roma-300x210.webp\" alt=\"\" width=\"440\" height=\"308\" data-id=\"2289012\" srcset=\"https:\/\/puntocritico.com\/ausajpuntocritico\/wp-content\/uploads\/2023\/10\/meloni-sinagoga-roma-300x210.webp 300w, https:\/\/puntocritico.com\/ausajpuntocritico\/wp-content\/uploads\/2023\/10\/meloni-sinagoga-roma.webp 758w\" sizes=\"auto, (max-width: 440px) 100vw, 440px\" \/><figcaption id=\"caption-attachment-2289012\" class=\"wp-caption-text\"><span style=\"color: #008000;\">La primera ministra italiana, Giorgia Meloni, tras visitar la Sinagoga de Roma AFP<\/span><\/figcaption><\/figure>\n<p>&nbsp;<\/p>\n<p class=\"voc-p\" style=\"text-align: justify;\"><span style=\"font-size: 14pt;\"><strong>Giorgia Meloni<\/strong>\u00a0advierte sobre el riesgo de\u00a0<a title=\"atentados tambi\u00e9n en Italia\" href=\"https:\/\/www.abc.es\/internacional\/alerta-italia-refuerza-vigilancia-lugares-relacionados-comunidad-20231008204407-nt.html\" target=\"_blank\" rel=\"noopener\" data-voc-vtm-id=\"in-text-traffic\" data-mrf-link=\"https:\/\/www.abc.es\/internacional\/alerta-italia-refuerza-vigilancia-lugares-relacionados-comunidad-20231008204407-nt.html\" data-schema-attribute=\"\">atentados tambi\u00e9n en Italia<\/a>. En una entrevista por sorpresa a la sinagoga de Roma, para mostrar la solidaridad del Gobierno a la comunidad jud\u00eda, la primera ministra ha manifestado: \u00ab<em><strong>Existe el riesgo de emulaci\u00f3n de los actos criminales de Ham\u00e1s y tambi\u00e9n podr\u00eda llegar a nosotros<\/strong><\/em>\u00bb. <strong>Meloni<\/strong> ha mantenido una hora de conversaci\u00f3n con el <em>gran rabino<\/em> <strong>Riccardo Segni<\/strong> y con el presidente de la comunidad jud\u00eda, <strong>Victor Fadlum<\/strong>. Al salir del encuentro en la sinagoga, <strong>Giorgia Meloni<\/strong> garantiz\u00f3 el compromiso del Estado \u00ab<em>en la defensa de los ciudadanos de toda forma de antisemitismo<\/em>\u00bb.<\/span><\/p>\n<p>&nbsp;<\/p>\n<blockquote>\n<p style=\"text-align: center;\"><span style=\"color: #008000;\"><strong><span style=\"font-size: 14pt;\">\u00ab<em>Existe el riesgo de emulaci\u00f3n de los actos criminales de Ham\u00e1s y tambi\u00e9n podr\u00eda llegar a nosotros<\/em>\u00bb. <\/span><\/strong><\/span><\/p>\n<p style=\"text-align: center;\"><span style=\"color: #008000;\"><strong><span style=\"font-size: 14pt;\">Giorgia Meloni <\/span><\/strong><\/span><\/p>\n<\/blockquote>\n<p>&nbsp;<\/p>\n<p class=\"voc-p\" style=\"text-align: justify;\"><span style=\"font-size: 14pt;\">\u00ab<em>El objetivo de esta visita<\/em> &#8211; dijo la primera ministra-<em> es claramente mostrar la solidaridad a la comunidad jud\u00eda romana e italiana, porque en las\u00a0<a title=\"terribles escenas procedentes de Israel\" href=\"https:\/\/www.abc.es\/internacional\/israel-confirma-hallazgo-cuerpos-1500-miembros-hamas-20231010102705-vi.html\" target=\"_blank\" rel=\"noopener\" data-voc-vtm-id=\"in-text-traffic\" data-mrf-link=\"https:\/\/www.abc.es\/internacional\/israel-confirma-hallazgo-cuerpos-1500-miembros-hamas-20231010102705-vi.html\" data-schema-attribute=\"\">terribles escenas procedentes de Israel<\/a>\u00a0hay algo m\u00e1s de lo que se ve en un escenario normal, pero ya tr\u00e1gico, de una guerra. En la caza casa por casa de civiles, en las redadas de ni\u00f1os y j\u00f3venes, se respira odio hacia el pueblo entero. Debemos intensificar<\/em> &#8211; prosigui\u00f3 <strong>Meloni<\/strong>&#8211; <em>la protecci\u00f3n de los ciudadanos de religi\u00f3n jud\u00eda tambi\u00e9n en nuestro territorio, porque el riesgo de emulaci\u00f3n de actos criminales de Ham\u00e1s podr\u00eda alcanzarnos tambi\u00e9n a nosotros. Estoy aqu\u00ed para decir que defenderemos a estos ciudadanos de todas las formas de antisemitismo. Defender el derecho a existir y defender a Israel<\/em> &#8211; subray\u00f3 <strong>Meloni<\/strong>&#8211; <em>significa defender a estos j\u00f3venes, a estos ni\u00f1os, a estas mujeres<\/em>\u00ab, v\u00edctimas de Ham\u00e1s.<\/span><\/p>\n<p class=\"voc-p\" style=\"text-align: justify;\"><span style=\"font-size: 14pt;\">En cuanto a la pareja de italianos con doble nacionalidad, que viv\u00edan en un kibutz,\u00a0<a title=\"desaparecidos\" href=\"https:\/\/www.abc.es\/espana\/dos-espanoles-sufrido-ataque-gaza-israel-segun-20231009095324-nt.html\" target=\"_blank\" rel=\"noopener\" data-voc-vtm-id=\"in-text-traffic\" data-mrf-link=\"https:\/\/www.abc.es\/espana\/dos-espanoles-sufrido-ataque-gaza-israel-segun-20231009095324-nt.html\" data-schema-attribute=\"\">desaparecidos<\/a> desde el inicio de los ataques de Ham\u00e1s, <strong>Meloni<\/strong> explic\u00f3: \u00ab<em>A\u00fan no hay noticias, estamos muy pendientes, junto con nuestro Ministerio de Asuntos Exteriores, embajada y servicios de inteligencia. Todos est\u00e1n en alerta y tambi\u00e9n para aquellos ciudadanos con doble nacionalidad que se encuentran actualmente en Israel. Obviamente brindamos el m\u00e1ximo apoyo a cada uno de nuestros ciudadanos<\/em>\u00ab.<\/span><\/p>\n<p class=\"voc-p\" style=\"text-align: justify;\"><span style=\"font-size: 14pt;\">Giorgia Meloni adopt\u00f3 de inmediato una posici\u00f3n institucional de firme apoyo a Israel y de rotunda condena de Ham\u00e1s, con un comunicado de Palazzo Chigi, sede de la jefatura del Gobierno, tras mantener una reuni\u00f3n de urgencia con algunos ministros y los m\u00e1ximos dirigentes de los servicios secretos. Con su clara posici\u00f3n atlantista en pol\u00edtica exterior, Meloni se ha ganado la confianza de la Casa Blanca. La primera ministra particip\u00f3 en la noche del lunes en una reuni\u00f3n telef\u00f3nica con el presidente de Estados Unidos,\u00a0<strong><a title=\"Joe Biden\" href=\"https:\/\/www.abc.es\/internacional\/joseph-biden\/\" target=\"_blank\" rel=\"noopener\" data-voc-vtm-id=\"in-text-traffic\" data-mrf-link=\"https:\/\/www.abc.es\/internacional\/joseph-biden\/\" data-schema-attribute=\"\">Joe Biden<\/a><\/strong>; el primer ministro brit\u00e1nico,\u00a0<strong>Rishi Sunak<\/strong>; el presidente de la Rep\u00fablica francesa,\u00a0<strong>Emmanuel Macron<\/strong>, y el canciller alem\u00e1n,\u00a0<strong>Olaf Scholz<\/strong>, \u00ab<em>para examinar la grave crisis abierta tras el b\u00e1rbaro ataque perpetrado el pasado s\u00e1bado por Ham\u00e1s contra el Estado de Israel<\/em>\u00bb, seg\u00fan comunicado de Palacio Chigi.<\/span><\/p>\n<p class=\"voc-p\" style=\"text-align: justify;\"><span style=\"font-size: 14pt;\">\u00ab<em>Los cinco Jefes de Estado o de Gobierno<\/em> -a\u00f1ade la nota- <em>expresaron su firme apoyo a Israel y su condena inequ\u00edvoca a los atroces actos criminales de Hamas, que han causado un terrible n\u00famero de v\u00edctimas inocentes, entre ellas ni\u00f1os, mujeres y ancianos. Luego, hablamos sobre las iniciativas pol\u00edticas m\u00e1s urgentes que debemos emprender juntos<\/em>\u00ab. La protecci\u00f3n de las vidas de los <a title=\"rehenes\" href=\"https:\/\/www.abc.es\/internacional\/festivaleros-ninos-abuelos-soldados-rehenes-hamas-contener-20231009131213-nt.html\" target=\"_blank\" rel=\"noopener\" data-voc-vtm-id=\"in-text-traffic\" data-mrf-link=\"https:\/\/www.abc.es\/internacional\/festivaleros-ninos-abuelos-soldados-rehenes-hamas-contener-20231009131213-nt.html\" data-schema-attribute=\"\">rehenes<\/a>, empezando por los ni\u00f1os, incluidos los m\u00e1s peque\u00f1os, es una prioridad absoluta y en ella se concentrar\u00e1n los esfuerzos diplom\u00e1ticos. La primera ministra <strong>Meloni<\/strong> -concluye el comunicado-, al reafirmar el derecho de Israel a defenderse, indic\u00f3 la necesidad de trabajar para evitar una expansi\u00f3n de la crisis a nivel regional y proteger a la poblaci\u00f3n civil involucrada. Los cinco Jefes de Estado o de Gobierno han acordado permanecer en contacto constante mientras contin\u00fae la crisis.<\/span><\/p>\n<p>&nbsp;<\/p>\n<blockquote>\n<p style=\"text-align: center;\"><strong><span style=\"font-size: 14pt; color: #008000;\">La primera ministra Meloni -concluye el comunicado-, al reafirmar el derecho de Israel a defenderse, indic\u00f3 la necesidad de trabajar para evitar una expansi\u00f3n de la crisis a nivel regional y proteger a la poblaci\u00f3n civil involucrada<\/span><\/strong><\/p>\n<\/blockquote>\n<p>&nbsp;<\/p>\n<p class=\"voc-p\" style=\"text-align: justify;\"><span style=\"font-size: 14pt;\">Para <strong>Giorgia Meloni<\/strong>, su participaci\u00f3n en la mesa de los cinco grandes es un \u00e9xito con un doble significado: el reconocimiento internacional entre los m\u00e1s destacados l\u00edderes europeos y la cancelaci\u00f3n, con su firme defensa de Israel, del pasado filo-palestino de la derecha hist\u00f3rica italiana, aunque a\u00fan queda alguna posici\u00f3n minoritaria pro-palestina dentro de Hermanos de Italia.<\/span><\/p>\n<p>&nbsp;<\/p>\n<p><img loading=\"lazy\" decoding=\"async\" class=\"aligncenter wp-image-2236161\" src=\"https:\/\/puntocritico.com\/ausajpuntocritico\/wp-content\/uploads\/2021\/12\/denuncia-falsa.jpg\" alt=\"\" width=\"400\" height=\"293\" data-id=\"2236161\" srcset=\"https:\/\/puntocritico.com\/ausajpuntocritico\/wp-content\/uploads\/2021\/12\/denuncia-falsa.jpg 300w, https:\/\/puntocritico.com\/ausajpuntocritico\/wp-content\/uploads\/2021\/12\/denuncia-falsa-80x60.jpg 80w\" sizes=\"auto, (max-width: 400px) 100vw, 400px\" \/><\/p>\n<p style=\"text-align: center;\"><span style=\"font-size: 18pt;\"><strong><span style=\"color: #008000;\">*******<\/span><\/strong><\/span><\/p>\n<h2 style=\"text-align: center;\"><span style=\"font-size: 24pt;\">NETANYAHU, CENTRO DE LAS IRAS DE LA OPOSICI\u00d3N POR EL FRACASO DE LA SEGURIDAD Y SU AMBIG\u00dcEDAD PREVIA CON HAM\u00c1S<\/span><\/h2>\n<p class=\"voc-subtitle\" style=\"text-align: center;\"><strong><span style=\"font-size: 18pt;\">La prensa cr\u00edtica recuerda al primer ministro israel\u00ed que \u00ab<em>usted dijo con su propia boca que necesit\u00e1bamos fortalecer a Ham\u00e1s<\/em>\u00bb<\/span><\/strong><\/p>\n<p style=\"text-align: justify;\"><span style=\"font-size: 14pt;\"><a href=\"https:\/\/www.abc.es\/internacional\/netanyahu-centro-iras-oposicion-fracaso-seguridad-ambiguedad-20231010165554-nt.html\" target=\"_blank\" rel=\"noopener\">ABC<\/a>, 10 OCT 2023<\/span><\/p>\n<figure id=\"attachment_2289011\" aria-describedby=\"caption-attachment-2289011\" style=\"width: 440px\" class=\"wp-caption aligncenter\"><img loading=\"lazy\" decoding=\"async\" class=\"wp-image-2289011\" src=\"https:\/\/puntocritico.com\/ausajpuntocritico\/wp-content\/uploads\/2023\/10\/benjamin-Netanyahu-300x210.webp\" alt=\"\" width=\"440\" height=\"308\" data-id=\"2289011\" srcset=\"https:\/\/puntocritico.com\/ausajpuntocritico\/wp-content\/uploads\/2023\/10\/benjamin-Netanyahu-300x210.webp 300w, https:\/\/puntocritico.com\/ausajpuntocritico\/wp-content\/uploads\/2023\/10\/benjamin-Netanyahu.webp 758w\" sizes=\"auto, (max-width: 440px) 100vw, 440px\" \/><figcaption id=\"caption-attachment-2289011\" class=\"wp-caption-text\">Benjamin Netanyahu<\/figcaption><\/figure>\n<p>&nbsp;<\/p>\n<p class=\"voc-p\" style=\"text-align: justify;\"><span style=\"font-size: 14pt;\">En Israel ya se han referido a la ofensiva iniciada por Ham\u00e1s el pasado s\u00e1bado, que hasta el momento se ha cobrado la vida de m\u00e1s de 900 israel\u00edes, como\u00a0<strong>el 11 de Septiembre del Estado jud\u00edo<\/strong>. En una cat\u00e1strofe sin precedentes en los \u00faltimos 50 a\u00f1os, desde la\u00a0<a title=\"guerra del Yom Kipur en 1973\" href=\"https:\/\/es.wikipedia.org\/wiki\/Guerra_de_Yom_Kipur\" target=\"_blank\" rel=\"noopener\" data-voc-vtm-id=\"in-text-traffic\" data-mrf-link=\"https:\/\/es.wikipedia.org\/wiki\/Guerra_de_Yom_Kipur\" data-schema-attribute=\"\">guerra del Yom Kipur en 1973<\/a>, en los primeros compases suele darse el fen\u00f3meno de agrupaci\u00f3n o seguimiento del l\u00edder en busca de seguridad. As\u00ed pas\u00f3 en Estados Unidos, donde la popularidad del entonces presidente,\u00a0<strong>George W. Bush,<\/strong>\u00a0lo llev\u00f3 a lleg\u00f3 a un nivel m\u00e1ximo. Sin embargo, la realidad israel\u00ed no se ajusta a par\u00e1metros convencionales.<\/span><\/p>\n<p class=\"voc-p\" style=\"text-align: justify;\"><span style=\"font-size: 14pt;\">El liderazgo de una naci\u00f3n asediada por supuestos enemigos funda sus bases en la seguridad sobre la supervivencia de todo un pueblo. Un ataque de tal magnitud ha supuesto las cr\u00edticas sobre\u00a0<a title=\"fallos de Inteligencia\" href=\"https:\/\/www.abc.es\/internacional\/error-increible-inteligencia-abre-hamas-puertas-israel-20231007122400-nt.html\" target=\"_blank\" rel=\"noopener\" data-voc-vtm-id=\"in-text-traffic\" data-mrf-link=\"https:\/\/www.abc.es\/internacional\/error-increible-inteligencia-abre-hamas-puertas-israel-20231007122400-nt.html\" data-schema-attribute=\"\">fallos de Inteligencia<\/a>\u00a0israel\u00edes, que no pudieron prevenir lo que se estaba gestando desde hace meses. Incluso desde Egipto se ha trasladado que avisaron de que\u00a0<strong>Ham\u00e1s estaba preparando planes de ataque de gran magnitud<\/strong>\u00a0y, seg\u00fan El Cairo, la oficina del primer ministro israel\u00ed,\u00a0<strong>Benjamin Netanyahu<\/strong>, hizo caso omiso, preocupado m\u00e1s por las divisiones internas por la controvertida reforma judicial del Estado.<\/span><\/p>\n<p class=\"voc-p\" style=\"text-align: justify;\"><span style=\"font-size: 14pt;\">En claro retroceso desde los\u00a0<strong>f<\/strong><strong>racasos de los acuerdos de Oslo<\/strong>\u00a0y la soluci\u00f3n de los dos estados, desde la arrinconada izquierda israel\u00ed -que despu\u00e9s de d\u00e9cadas de hegemon\u00eda en la actualidad no llega ni al 10% en la\u00a0<a title=\"Kn\u00e9set\" href=\"https:\/\/es.wikipedia.org\/wiki\/Kn%C3%A9set\" target=\"_blank\" rel=\"noopener\" data-voc-vtm-id=\"in-text-traffic\" data-mrf-link=\"https:\/\/es.wikipedia.org\/wiki\/Kn%C3%A9set\" data-schema-attribute=\"\">Kn\u00e9set<\/a>, el \u00f3rgano que ostenta el poder legislativo del Estado de Israel-. Su sede se encuentra en Jerusal\u00e9n- han se\u00f1alado desde el mismo s\u00e1bado el fracaso de la pol\u00edtica de seguridad de\u00a0<strong>Benjamin Netanyahu<\/strong>\u00a0y el Gobierno que lidera, siendo este el m\u00e1s derechista de la corta historia del pa\u00eds.<\/span><\/p>\n<p style=\"text-align: justify;\"><span style=\"font-size: 14pt; text-align: justify;\">De esta manera, el diario que mejor representa este espectro,<\/span><strong style=\"font-size: 14pt; text-align: justify;\">\u00a0&#8216;Haaretz&#8217;<\/strong><span style=\"font-size: 14pt; text-align: justify;\">, tradicional publicaci\u00f3n de la intelectualidad progresista del pa\u00eds, titul\u00f3 su editorial del pasado domingo como \u00ab<\/span><em style=\"font-size: 14pt; text-align: justify;\">Netanyahu es responsable de esta guerra entre Israel y Gaza<\/em><span style=\"font-size: 14pt; text-align: justify;\">\u00bb. Rezaba as\u00ed el texto: \u00ab<\/span><strong style=\"font-size: 14pt; text-align: justify;\"><em>El primer ministro, que se enorgullece de su vasta experiencia pol\u00edtica y su sabidur\u00eda insustituible en materia de seguridad,\u00a0no logr\u00f3 identificar los peligros\u00a0a los que estaba llevando conscientemente a Israel al establecer un gobierno de anexi\u00f3n y desposesi\u00f3n<\/em><\/strong><span style=\"font-size: 14pt; text-align: justify;\">\u00bb.<\/span><\/p>\n<section class=\"voc-c-container voc-c-container--bdr\">\n<div class=\"voc-d-c-related-news\">\n<aside class=\"voc-c-container\">\n<div class=\"ev widget-container ev-engagement\">\n<div class=\"ev-notifier-template\">\n<aside class=\"intextABC intext_Container p-24\">\n<div class=\"intext_infoTimer\" data-voc-rtim-type=\"modal\" data-voc-rtim-action=\"pit-mostrar h1x10campflash-h2flash2m1e\">\n<div class=\"intext_Pill_ABC\">\n<p class=\"voc-p\" style=\"text-align: justify;\"><span style=\"font-size: 14pt;\">Otro de los grandes focos de cr\u00edticas al\u00a0<strong>l\u00edder del Likud<\/strong>\u00a0es el papel del partido en el impulso del crecimiento de la banda terrorista islamista Ham\u00e1s. As\u00ed, un periodista israel\u00ed,\u00a0<strong>Amnon Abramovich<\/strong>, culp\u00f3 en televisi\u00f3n a <strong>Netanyahu<\/strong> por\u00a0<strong>hacer la vista gorda ante Ham\u00e1s<\/strong>\u00a0en busca de sus propios logros pol\u00edticos hasta que la ola lo ha sobrepasado, tratando ahora de contrarrestarla: \u00ab<strong><em>Usted dijo con su propia boca que necesit\u00e1bamos fortalecer a Ham\u00e1s<\/em><\/strong>\u00bb.<\/span><\/p>\n<\/div>\n<\/div>\n<\/aside>\n<\/div>\n<\/div>\n<\/aside>\n<\/div>\n<\/section>\n<p>&nbsp;<\/p>\n<blockquote>\n<p style=\"text-align: center;\"><span style=\"font-size: 14pt; color: #008000;\"><em><strong>\u00abEl que quiera bloquear la creaci\u00f3n de un estado Palestino debe apoyar el crecimiento de Ham\u00e1s y transferir dinero a Ham\u00e1s. Es parte de nuestra estrategia: aislar a los palestinos de Gaza de los palestinos de Cisjordania\u00bb<\/strong><\/em><\/span><\/p>\n<p style=\"text-align: center;\"><span style=\"font-size: 14pt; color: #008000;\"><strong>Benjamin Netanyahu, 2019<\/strong><\/span><\/p>\n<p style=\"text-align: center;\">\u00a0<\/p>\n<\/blockquote>\n<section class=\"voc-c-container voc-c-container--bdr\">\n<div class=\"voc-d-c-related-news\">\n<aside class=\"voc-c-container\">\n<div class=\"ev widget-container ev-engagement\">\n<div class=\"ev-notifier-template\">\n<aside class=\"intextABC intext_Container p-24\">\n<div class=\"intext_infoTimer\" data-voc-rtim-type=\"modal\" data-voc-rtim-action=\"pit-mostrar h1x10campflash-h2flash2m1e\">\n<div class=\"intext_Pill_ABC\">\n<p class=\"voc-p\" style=\"text-align: justify;\"><span style=\"font-size: 14pt;\">Lo cierto es que en 2019 el actual primer ministro israel\u00ed expres\u00f3 ante los miembros de la <strong>Kn\u00e9set<\/strong> de su partido que favorecer a la banda terrorista supon\u00eda un\u00a0<strong>torpedo a la creaci\u00f3n de un potencial Estado palestino<\/strong>\u00a0en el futuro: \u00ab<em><strong>El que quiera bloquear la creaci\u00f3n de un estado Palestino debe apoyar el crecimiento de Ham\u00e1s y transferir dinero a Ham\u00e1s. Es parte de nuestra estrategia: aislar a los palestinos de Gaza de los palestinos de Cisjordania<\/strong><\/em>\u00bb.<\/span><\/p>\n<div class=\"voc-c-container\" style=\"text-align: justify;\">\n<h3 class=\"voc-d-c__s-title\" style=\"text-align: center;\"><span style=\"font-size: 18pt;\">Petici\u00f3n de dimisi\u00f3n<\/span><\/h3>\n<\/div>\n<p class=\"voc-p\" style=\"text-align: justify;\"><span style=\"font-size: 14pt;\">En respuesta al gran desaf\u00edo a la seguridad de Israel, Netanyahu ha propuesto a la oposici\u00f3n un\u00a0<strong>gobierno de concentraci\u00f3n<\/strong>, una idea interpretada por diversos analistas como una manera de descargar responsabilidad en las consecuencias letales que puede acarrear la esperada contraofensiva sobre Gaza y el alistamiento de 300.000 reservistas, cifra r\u00e9cord.<\/span><\/p>\n<\/div>\n<\/div>\n<\/aside>\n<\/div>\n<\/div>\n<\/aside>\n<\/div>\n<\/section>\n<p class=\"voc-p\" style=\"text-align: justify;\"><span style=\"font-size: 14pt;\">Voces autorizadas como la del ministro de Defensa de Israel entre 2013 y 2016 -durante uno de los gobiernos del propio Netanyahu- y antiguo Jefe del Estado Mayor,\u00a0<strong>Mosh\u00e9 Yal\u00f3n<\/strong>, han pedido p\u00fablicamente la dimisi\u00f3n del primer ministro israel\u00ed: \u00ab<strong><em>Llamo a la oposici\u00f3n a no formar un gobierno de emergencia con Netanyahu, sino a exigir su dimisi\u00f3n. Fue advertido varias veces y no dej\u00f3 que el jefe de gabinete hablara con el gabinete. No hay confianza en \u00e9l. \u00bfC\u00f3mo se puede llevar a un pueblo a una guerra como \u00e9sta? Cada hora que sigue en el cargo es un perjuicio para el pa\u00eds<\/em><\/strong>\u00bb.<\/span><\/p>\n<div id=\"_wmass_20670000004768372-multi1\">\n<div id=\"jw-6837268372-multi1\">\u00a0<\/div>\n<\/div>\n<p><img loading=\"lazy\" decoding=\"async\" class=\"aligncenter wp-image-2236892\" src=\"https:\/\/puntocritico.com\/ausajpuntocritico\/wp-content\/uploads\/2021\/12\/48932099-concepto-de-terrorismo-y-actos-de-terrorismo-terroristas-volaron-un-helicoptero-silueta-contra-el-ci-300x215.jpg\" alt=\"\" width=\"360\" height=\"258\" data-id=\"2236892\" srcset=\"https:\/\/puntocritico.com\/ausajpuntocritico\/wp-content\/uploads\/2021\/12\/48932099-concepto-de-terrorismo-y-actos-de-terrorismo-terroristas-volaron-un-helicoptero-silueta-contra-el-ci-300x215.jpg 300w, https:\/\/puntocritico.com\/ausajpuntocritico\/wp-content\/uploads\/2021\/12\/48932099-concepto-de-terrorismo-y-actos-de-terrorismo-terroristas-volaron-un-helicoptero-silueta-contra-el-ci.jpg 450w\" sizes=\"auto, (max-width: 360px) 100vw, 360px\" \/><\/p>\n<p style=\"text-align: center;\"><span style=\"font-size: 18pt;\"><strong><span style=\"color: #008000;\">*******<\/span><\/strong><\/span><\/p>\n<p style=\"text-align: justify;\"><a href=\"https:\/\/puntocritico.com\/ausajpuntocritico\/2018\/01\/13\/oliver-stone-la-historia-no-contada-de-estados-unidos-09-bush-y-clinton-el-triunfalismo-americano-y-el-nuevo-orden-mundial\/\"><span style=\"font-size: 14pt; color: #008000;\">\u00bfY EL MOSAD?<\/span><\/a><\/p>\n<div class=\"mb-3\">\n<h2 style=\"text-align: center;\"><span style=\"font-size: 24pt;\"><strong>EL ATENTADO DE HAM\u00c1S INCITA A CULPAR A LOS SERVICIOS DE INTELIGENCIA ISRAEL\u00cdES<\/strong><\/span><\/h2>\n<\/div>\n<div class=\"flex items-center border border-gray-200 border-l-0 border-r-0 py-3 mb-4\">\n<div class=\"flex-none self-start mt-1\">\n<div class=\"w-2.5 h-2.5 bg-primary-500\" style=\"text-align: center;\"><span style=\"font-size: 14pt;\"><strong><em>El ataque incluy\u00f3 docenas de infiltraciones por tierra y mar, junto con ataques con cohetes: un asalto sofisticado que se supone las agencias de inteligencia detectar\u00edan<\/em><\/strong><\/span><\/div>\n<\/div>\n<\/div>\n<p style=\"text-align: justify;\"><span style=\"font-size: 14pt;\">Por <span class=\"font-lato italic underline font-bold\">\u00a0Peter Martin<\/span><\/span><\/p>\n<p><span style=\"font-size: 14pt;\"><a href=\"https:\/\/www.bloomberglinea.com\/2023\/10\/07\/un-atentado-sorpresa-de-hamas-incita-a-culpar-a-los-servicios-de-inteligencia-israelies\/\" target=\"_blank\" rel=\"noopener\">Bloomberg<\/a>, 07 de octubre, 2023<\/span><\/p>\n<figure id=\"attachment_2288971\" aria-describedby=\"caption-attachment-2288971\" style=\"width: 555px\" class=\"wp-caption aligncenter\"><img loading=\"lazy\" decoding=\"async\" class=\"wp-image-2288971\" src=\"https:\/\/puntocritico.com\/ausajpuntocritico\/wp-content\/uploads\/2023\/10\/Hamas-gaza-atentado-300x200.webp\" alt=\"\" width=\"555\" height=\"370\" data-id=\"2288971\" srcset=\"https:\/\/puntocritico.com\/ausajpuntocritico\/wp-content\/uploads\/2023\/10\/Hamas-gaza-atentado-300x200.webp 300w, https:\/\/puntocritico.com\/ausajpuntocritico\/wp-content\/uploads\/2023\/10\/Hamas-gaza-atentado-768x512.webp 768w, https:\/\/puntocritico.com\/ausajpuntocritico\/wp-content\/uploads\/2023\/10\/Hamas-gaza-atentado.webp 800w\" sizes=\"auto, (max-width: 555px) 100vw, 555px\" \/><figcaption id=\"caption-attachment-2288971\" class=\"wp-caption-text\"><span style=\"color: #008000;\"><strong>El atentado de Ham\u00e1s incita a culpar a los servicios de inteligencia israel\u00edes<\/strong>. Un miembro de las fuerzas de seguridad junto a un coche en llamas tras un ataque con cohetes en Ashqelon, Israel, el s\u00e1bado 7 de octubre de 2023. Israel declar\u00f3 el s\u00e1bado un inusual estado de alerta por guerra despu\u00e9s de que militantes dispararan unos 2.200 misiles desde la Franja de Gaza y se infiltraran en zonas del sur del pa\u00eds. Fot\u00f3grafo: Kobi Wolf\/Bloomberg(Bloomberg\/Kobi Wolf)<\/span><\/figcaption><\/figure>\n<p>&nbsp;<\/p>\n<p style=\"text-align: justify;\"><span style=\"font-size: 14pt;\">Bloomberg- El ataque sorpresa del s\u00e1bado contra Israel por parte del grupo palestino Ham\u00e1s puede representar<strong> uno de los mayores fracasos de la inteligencia israel\u00ed desde la guerra del Yom Kippur de 1973<\/strong>.<\/span><\/p>\n<p style=\"text-align: justify;\"><span style=\"font-size: 14pt;\">El ataque incluy\u00f3 docenas de infiltraciones por tierra y mar, junto con ataques con cohetes: <strong>un asalto sofisticado que implica el tipo de planificaci\u00f3n y coordinaci\u00f3n que se supone que las agencias de inteligencia deben detectar<\/strong>. Decenas de personas han muerto en ambos bandos.<\/span><\/p>\n<p style=\"text-align: justify;\"><span style=\"font-size: 14pt;\">Aunque las autoridades israel\u00edes llevan meses afirmando que los grupos militantes palestinos se estaban preparando para la violencia, el momento y la magnitud del ataque parecen haber cogido por sorpresa al primer ministro <strong>Benjamin Netanyahu<\/strong>. Israel y su aliado Estados Unidos -que aport\u00f3 US$3.300 millones a Israel en gastos de defensa en 2022- ya estaban sopesando qui\u00e9n era el m\u00e1ximo responsable y c\u00f3mo ocurri\u00f3.<\/span><\/p>\n<p style=\"text-align: justify;\"><span style=\"font-size: 14pt;\">\u00ab<em><strong>Me resulta chocante que hayan podido hacerlo sin que Israel o Estados Unidos se dieran cuenta<\/strong><\/em>\u00ab, declar\u00f3 <strong>Martin Indyk<\/strong>, <em>ex embajador de Estados Unidos en Israel <\/em>y<em> miembro del Consejo de Relaciones Exteriores<\/em>. \u00ab<em>No se prepararon. No tener tropas a lo largo de la frontera, el fracaso de la valla a lo largo de la frontera por la que pagaron millones de shekels<\/em>\u00ab.<\/span><\/p>\n<p style=\"text-align: justify;\"><span style=\"font-size: 14pt;\">El ataque es tanto m\u00e1s chocante cuanto que se produce 50 a\u00f1os despu\u00e9s de que Israel fracasara en su intento de evitar un ataque sorpresa que Egipto y Siria lanzaron en la festividad jud\u00eda de <em>Yom Kippur<\/em>. Aquel fallo de los servicios de inteligencia dio lugar a la creaci\u00f3n de una comisi\u00f3n para averiguar qu\u00e9 hab\u00eda fallado y se convirti\u00f3 en el tema de innumerables libros y art\u00edculos acad\u00e9micos.<\/span><\/p>\n<p style=\"text-align: justify;\"><span style=\"font-size: 14pt;\">Funcionarios israel\u00edes dijeron que era demasiado pronto para saber qu\u00e9 sali\u00f3 mal, y rechazaron cualquier comparaci\u00f3n con 1973.<\/span><\/p>\n<p style=\"text-align: justify;\"><span style=\"font-size: 14pt;\">\u00ab<em>Por favor, no le den a Ham\u00e1s la sofisticaci\u00f3n de la Guerra de Yom Kippur<\/em>\u00ab, dijo el <em>portavoz de las Fuerzas de Defensa israelies<\/em>, <strong>Richard Hecht<\/strong>. \u00ab<em><strong>S\u00e9 que hay muchas preguntas sobre la inteligencia. Por favor, dejen de preguntar<\/strong>. Ahora mismo estamos luchando. Estoy seguro de que habr\u00e1 muchas discusiones sobre la inteligencia m\u00e1s adelante<\/em>\u00ab.<\/span><\/p>\n<p style=\"text-align: justify;\"><span style=\"font-size: 14pt;\">Los profesionales de la inteligencia suelen distinguir entre fallos de recopilaci\u00f3n, fallos de an\u00e1lisis y fallos de los responsables pol\u00edticos a la hora de prestar atenci\u00f3n a las advertencias de las agencias de inteligencia.<\/span><\/p>\n<p style=\"text-align: justify;\"><span style=\"font-size: 14pt;\">Para empezar, est\u00e1 el simple hecho de que Israel estaba en plenas vacaciones. Y ya se est\u00e1n planteando cuestiones sobre si el ej\u00e9rcito y los servicios de inteligencia israel\u00edes estaban distra\u00eddos por las luchas internas.<\/span><\/p>\n<p style=\"text-align: justify;\"><span style=\"font-size: 14pt;\"><strong>Los israel\u00edes llevan meses protestando contra los esfuerzos de Netanyahu por restar poder al poder Judicial de la naci\u00f3n<\/strong>. El pais tambi\u00e9n est\u00e1 negociando con Estados Unidos y Arabia Saudi un complejo acuerdo a res bandas en el que Washington ofrecer\u00eda garant\u00edas de seguridad a Riad<\/span><\/p>\n<p style=\"text-align: justify;\"><span style=\"font-size: 14pt;\">\u00ab<em>El verdadero problema es que los israel\u00edes no cre\u00edan que Ham\u00e1s se arriesgara a una infiltraci\u00f3n transfronteriza<\/em>\u00ab, afirma <strong>Aaron David Miller<\/strong>, investigador de la <em>Fundaci\u00f3n Carnegie para la Paz Internacional<\/em> y ex negociador del <em>Departamento de Estado para Oriente Pr\u00f3ximo<\/em>. \u00ab<em><strong>La falta de suficientes fuerzas israel\u00edes en esa zona fue un grave fallo<\/strong><\/em>\u00ab.<\/span><\/p>\n<p>&nbsp;<\/p>\n<figure id=\"attachment_2288972\" aria-describedby=\"caption-attachment-2288972\" style=\"width: 480px\" class=\"wp-caption aligncenter\"><img loading=\"lazy\" decoding=\"async\" class=\"wp-image-2288972\" src=\"https:\/\/puntocritico.com\/ausajpuntocritico\/wp-content\/uploads\/2023\/10\/Hamas-gaza-atentado-2-300x200.webp\" alt=\"\" width=\"480\" height=\"320\" data-id=\"2288972\" srcset=\"https:\/\/puntocritico.com\/ausajpuntocritico\/wp-content\/uploads\/2023\/10\/Hamas-gaza-atentado-2-300x200.webp 300w, https:\/\/puntocritico.com\/ausajpuntocritico\/wp-content\/uploads\/2023\/10\/Hamas-gaza-atentado-2-1024x683.webp 1024w, https:\/\/puntocritico.com\/ausajpuntocritico\/wp-content\/uploads\/2023\/10\/Hamas-gaza-atentado-2-768x512.webp 768w, https:\/\/puntocritico.com\/ausajpuntocritico\/wp-content\/uploads\/2023\/10\/Hamas-gaza-atentado-2-1320x880.webp 1320w, https:\/\/puntocritico.com\/ausajpuntocritico\/wp-content\/uploads\/2023\/10\/Hamas-gaza-atentado-2.webp 1440w\" sizes=\"auto, (max-width: 480px) 100vw, 480px\" \/><figcaption id=\"caption-attachment-2288972\" class=\"wp-caption-text\"><span style=\"color: #008000;\">Soldados israel\u00edes en combate contra soldados de Ham\u00e1s en una carretera cerca de Sderot, Israel, el 7 de octubre. (Photographer: Kobi Woll\/Bloomber)<\/span><\/figcaption><\/figure>\n<p>&nbsp;<\/p>\n<p style=\"text-align: justify;\"><span style=\"font-size: 14pt;\">El <strong>Congreso de Estados Unidos<\/strong> tendr\u00e1 que plantear preguntas dif\u00edciles, dado que <strong>deber\u00eda haberse esperado que las agencias de inteligencia israel\u00edes y estadounidenses detectaran un atentado de esta envergadura<\/strong>, seg\u00fan un miembro del personal del Congreso que pidi\u00f3 no ser identificado al hablar de conversaciones privadas.<\/span><\/p>\n<p style=\"text-align: justify;\"><span style=\"font-size: 14pt;\"><strong>El fallo es tanto m\u00e1s sorprendente cuanto que los servicios de seguridad israel\u00edes dedican importantes recursos a vigilar a la sociedad palestina, incluido Ham\u00e1s, a trav\u00e9s de redes de fuentes humanas, as\u00ed como de tecnolog\u00eda de vigilancia.<\/strong><\/span><\/p>\n<p style=\"text-align: center;\"><span style=\"font-size: 18pt;\"><strong>Ataques sorpresa<\/strong><\/span><\/p>\n<p style=\"text-align: justify;\"><span style=\"font-size: 14pt;\">Los atentados por sorpresa han provocado a menudo respuestas masivas por parte de los pa\u00edses afectados. Tanto Pearl Harbor como el 11 de septiembre anunciaron el inicio de nuevas guerras y grandes reorganizaciones en los servicios de seguridad del pa\u00eds.<\/span><\/p>\n<p style=\"text-align: justify;\"><span style=\"font-size: 14pt;\">Pocas horas despu\u00e9s del atentado del s\u00e1bado, las Fuerzas de Defensa israelies lanzaron la <strong>Operaci\u00f3n Espadas de Hierro<\/strong>, con ataques a\u00e9reos contra objetivos en la Franja de Gaza. El Primer Ministro <strong>Netanyahu<\/strong> declar\u00f3 que Israel est\u00e1 \u00aben guerra\u00bb.<\/span><\/p>\n<p style=\"text-align: justify;\"><span style=\"font-size: 14pt;\">El director de la CIA, <strong>William Burns<\/strong>, cancel\u00f3 el discurso de apertura que iba a pronunciar el s\u00e1bado por la tarde\u00a0en la conferencia sobre amenazas The Cipher Brief, en Sea Island (<em>Georgia<\/em>), para trabajar en la crisis, seg\u00fan la organizadora de la conferencia, <strong>Suzanne Kelly<\/strong>.<\/span><\/p>\n<p style=\"text-align: justify;\"><span style=\"font-size: 14pt;\">En la conferencia, el almirante retirado de la Armada <strong>James Stavridis<\/strong>, que fue <em>Comandante Supremo Aliado en la OTAN<\/em> y mantuvo contactos regulares con funcionarios israelies, describi\u00f3 la incursi\u00f3n como un \u00ab<em><strong>estremecedor fallo de inteligencia<\/strong><\/em>\u00ab. Dijo que, aunque no le sorprendia la decisi\u00f3n de Ham\u00e1s de atacar, si le \u00ab<em><strong>sorprendian mucho<\/strong><\/em>\u00bb las t\u00e1cticas adoptadas por el grupo, como la rapidez, las victimas mortales y la toma de rehenes, que, seg\u00fan \u00e9l, ser\u00edan \u00ab<em>monedas de cambio de alto valor<\/em>\u00ab.<\/span><\/p>\n<p style=\"text-align: justify;\"><span style=\"font-size: 14pt;\"><strong>Emily Harding<\/strong>, <em>ex analista de la CIA para Oriente Pr\u00f3ximo<\/em>, dijo que el ataque, que debi\u00f3 planearse durante meses, era especialmente sorprendente dado lo capaces que se han vuelto los servicios de inteligencia de Israel.<\/span><\/p>\n<p style=\"text-align: justify;\"><span style=\"font-size: 14pt;\">\u00ab<strong><em>Es muy sorprendente que los israel\u00edes se perdieran esa planificaci\u00f3n<\/em><\/strong>\u00ab, dijo <strong>Harding<\/strong>, <em>miembro senior del Centro de Estudios Estrat\u00e9gicos e Internacionales<\/em>. \u00ab<em>El tiempo dir\u00e1 lo que ocurri\u00f3 realmente: <strong>habr\u00e1 investigaciones que durar\u00e1n meses para reconstruir lo que las FDI y el Mossad sab\u00edan y cu\u00e1ndo lo sab\u00edan<\/strong><\/em>\u00ab.<\/span><\/p>\n<p>&nbsp;<\/p>\n<div class=\"mceTemp\">\u00a0<\/div>\n<div>\n<figure id=\"attachment_2288945\" aria-describedby=\"caption-attachment-2288945\" style=\"width: 400px\" class=\"wp-caption aligncenter\"><img loading=\"lazy\" decoding=\"async\" class=\"wp-image-2288945\" src=\"https:\/\/puntocritico.com\/ausajpuntocritico\/wp-content\/uploads\/2023\/10\/gaza-under-fire-PPAL-300x199.jpg\" alt=\"\" width=\"400\" height=\"266\" data-id=\"2288945\" srcset=\"https:\/\/puntocritico.com\/ausajpuntocritico\/wp-content\/uploads\/2023\/10\/gaza-under-fire-PPAL-300x199.jpg 300w, https:\/\/puntocritico.com\/ausajpuntocritico\/wp-content\/uploads\/2023\/10\/gaza-under-fire-PPAL-678x452.jpg 678w, https:\/\/puntocritico.com\/ausajpuntocritico\/wp-content\/uploads\/2023\/10\/gaza-under-fire-PPAL.jpg 680w\" sizes=\"auto, (max-width: 400px) 100vw, 400px\" \/><figcaption id=\"caption-attachment-2288945\" class=\"wp-caption-text\"><span style=\"color: #008000;\">Flame and smoke are seen during an Israeli air strike in Gaza City March 25, 2019. REUTERS\/Mohammed Ajour\u00a0<\/span><\/figcaption><\/figure>\n<\/div>\n<div>\u00a0<\/div>\n<div>\n<div>\u00a0<\/div>\n<div>\n<p style=\"text-align: right;\"><span style=\"font-size: 14pt;\"><em>(Esta historia fue actualizada a las 18:28 horas en titulo y con nuevos detalles sobre Burns, Stavridis a partir del p\u00e1rrafo 16)<\/em><\/span><\/p>\n<p style=\"text-align: right;\"><span style=\"font-size: 14pt;\"><em>Con la ayuda de Katrina Manson.<\/em><\/span><\/p>\n<p style=\"text-align: right;\"><span style=\"font-size: 14pt;\"><em>2023 Bloomberg LP.<\/em><\/span><\/p>\n<\/div>\n<\/div>\n<div>\u00a0<\/div>\n<div>\n<figure id=\"attachment_15696\" aria-describedby=\"caption-attachment-15696\" style=\"width: 476px\" class=\"wp-caption aligncenter\"><img loading=\"lazy\" decoding=\"async\" class=\"wp-image-15696 size-full\" src=\"https:\/\/puntocritico.com\/ausajpuntocritico\/wp-content\/uploads\/2018\/12\/2014-Abascal-de-VOX-con-las-hero\u00ednas-rojas-del-PKK-una-organizaci\u00f3n-considerada-terrorista-Twitter.jpg\" alt=\"\" width=\"476\" height=\"259\" data-id=\"15696\" srcset=\"https:\/\/puntocritico.com\/ausajpuntocritico\/wp-content\/uploads\/2018\/12\/2014-Abascal-de-VOX-con-las-hero\u00ednas-rojas-del-PKK-una-organizaci\u00f3n-considerada-terrorista-Twitter.jpg 476w, https:\/\/puntocritico.com\/ausajpuntocritico\/wp-content\/uploads\/2018\/12\/2014-Abascal-de-VOX-con-las-hero\u00ednas-rojas-del-PKK-una-organizaci\u00f3n-considerada-terrorista-Twitter-300x163.jpg 300w\" sizes=\"auto, (max-width: 476px) 100vw, 476px\" \/><figcaption id=\"caption-attachment-15696\" class=\"wp-caption-text\"><span style=\"color: #008000;\">Abascal (VOX) con las hero\u00ednas rojas del PKK en 2014<\/span><\/figcaption><\/figure><\/p>\n<div>\n<div class=\"mceTemp\">\u00a0<\/div>\n<\/div>\n<\/div>\n<div style=\"text-align: center;\"><strong><span style=\"color: #008000; font-size: 18pt;\">*******<\/span><\/strong><\/div>\n<h2 style=\"text-align: center;\"><span style=\"font-size: 24pt;\"><strong>RELACIONADO<\/strong><\/span><\/h2>\n<div>\n<p class=\"entry-title\" style=\"text-align: center;\"><strong><span style=\"font-size: 18pt;\"><a href=\"https:\/\/puntocritico.com\/ausajpuntocritico\/2018\/05\/24\/palestina-y-el-terrorismo-de-estado\/\">PALESTINA Y EL TERRORISMO DE ESTADO<\/a><\/span><\/strong><\/p>\n<\/div>\n<div>\u00a0<\/div>\n<div>\n<figure id=\"attachment_12150\" aria-describedby=\"caption-attachment-12150\" style=\"width: 480px\" class=\"wp-caption aligncenter\"><a href=\"https:\/\/puntocritico.com\/ausajpuntocritico\/2018\/05\/24\/palestina-y-el-terrorismo-de-estado\/\"><img loading=\"lazy\" decoding=\"async\" class=\"wp-image-12150\" src=\"https:\/\/puntocritico.com\/ausajpuntocritico\/wp-content\/uploads\/2018\/05\/palestina-y-el-terrorismo-de-estado-300x169.jpg\" alt=\"\" width=\"480\" height=\"270\" data-id=\"12150\" srcset=\"https:\/\/puntocritico.com\/ausajpuntocritico\/wp-content\/uploads\/2018\/05\/palestina-y-el-terrorismo-de-estado-300x169.jpg 300w, https:\/\/puntocritico.com\/ausajpuntocritico\/wp-content\/uploads\/2018\/05\/palestina-y-el-terrorismo-de-estado.jpg 678w\" sizes=\"auto, (max-width: 480px) 100vw, 480px\" \/><\/a><figcaption id=\"caption-attachment-12150\" class=\"wp-caption-text\"><a href=\"https:\/\/puntocritico.com\/ausajpuntocritico\/2018\/05\/24\/palestina-y-el-terrorismo-de-estado\/\"><strong><span style=\"color: #008000;\">PALESTINA Y EL TERRORISMO DE ESTADO <\/span><\/strong><\/a><\/figcaption><\/figure>\n<\/div>\n<div>\u00a0<\/div>\n<p style=\"text-align: center;\"><span style=\"color: #008000;\"><strong><span style=\"font-size: 18pt;\">***<\/span><\/strong><\/span><\/p>\n<blockquote class=\"wp-embedded-content\" data-secret=\"kfNT7xGBSj\"><p><a href=\"https:\/\/puntocritico.com\/ausajpuntocritico\/2023\/10\/16\/chris-hedges-los-palestinos-hablan-el-lenguaje-de-la-violencia-que-les-enseno-israel\/\">CHRIS HEDGES: \u00abLos palestinos hablan el lenguaje de la violencia que les ense\u00f1\u00f3 Israel\u00bb<\/a><\/p><\/blockquote>\n<p><iframe loading=\"lazy\" class=\"wp-embedded-content\" sandbox=\"allow-scripts\" security=\"restricted\" style=\"position: absolute; clip: rect(1px, 1px, 1px, 1px);\" title=\"\u00abCHRIS HEDGES: \u00abLos palestinos hablan el lenguaje de la violencia que les ense\u00f1\u00f3 Israel\u00bb\u00bb \u2014 Punto Cr\u00edtico Derechos Humanos\" src=\"https:\/\/puntocritico.com\/ausajpuntocritico\/2023\/10\/16\/chris-hedges-los-palestinos-hablan-el-lenguaje-de-la-violencia-que-les-enseno-israel\/embed\/#?secret=Tg5g2vV7g3#?secret=kfNT7xGBSj\" data-secret=\"kfNT7xGBSj\" width=\"500\" height=\"282\" frameborder=\"0\" marginwidth=\"0\" marginheight=\"0\" scrolling=\"no\"><\/iframe><\/p>\n<blockquote class=\"wp-embedded-content\" data-secret=\"7CawF6pR5k\"><p><a href=\"https:\/\/puntocritico.com\/ausajpuntocritico\/2023\/07\/10\/las-perplejidades-de-los-derechos-del-hombre-arendt\/\">LAS PERPLEJIDADES DE LOS DERECHOS DEL HOMBRE, por Hanna Arendt. \u00abEl peligro estriba en que una civilizaci\u00f3n global e interrelacionada universalmente, pueda producir b\u00e1rbaros en su propio medio\u00bb.<\/a><\/p><\/blockquote>\n<p><iframe loading=\"lazy\" class=\"wp-embedded-content\" sandbox=\"allow-scripts\" security=\"restricted\" style=\"position: absolute; clip: rect(1px, 1px, 1px, 1px);\" title=\"\u00abLAS PERPLEJIDADES DE LOS DERECHOS DEL HOMBRE, por Hanna Arendt. \u00abEl peligro estriba en que una civilizaci\u00f3n global e interrelacionada universalmente, pueda producir b\u00e1rbaros en su propio medio\u00bb.\u00bb \u2014 Punto Cr\u00edtico Derechos Humanos\" src=\"https:\/\/puntocritico.com\/ausajpuntocritico\/2023\/07\/10\/las-perplejidades-de-los-derechos-del-hombre-arendt\/embed\/#?secret=kQv58BM8lL#?secret=7CawF6pR5k\" data-secret=\"7CawF6pR5k\" width=\"500\" height=\"282\" frameborder=\"0\" marginwidth=\"0\" marginheight=\"0\" scrolling=\"no\"><\/iframe><\/p>\n<blockquote class=\"wp-embedded-content\" data-secret=\"y6g5sKxcKl\"><p><a href=\"https:\/\/puntocritico.com\/ausajpuntocritico\/2023\/04\/10\/spivak-parte-2-la-violencia-epistemica\/\">\u00bfPUEDE HABLAR EL SUBALTERNO?, por Gayatri\u00a0Chakravorty\u00a0Spivak (Parte 2). \u00abLA VIOLENCIA EPIST\u00c9MICA\u00bb<\/a><\/p><\/blockquote>\n<p><iframe loading=\"lazy\" class=\"wp-embedded-content\" sandbox=\"allow-scripts\" security=\"restricted\" style=\"position: absolute; clip: rect(1px, 1px, 1px, 1px);\" title=\"\u00ab\u00bfPUEDE HABLAR EL SUBALTERNO?, por Gayatri\u00a0Chakravorty\u00a0Spivak (Parte 2). \u00abLA VIOLENCIA EPIST\u00c9MICA\u00bb\u00bb \u2014 Punto Cr\u00edtico Derechos Humanos\" src=\"https:\/\/puntocritico.com\/ausajpuntocritico\/2023\/04\/10\/spivak-parte-2-la-violencia-epistemica\/embed\/#?secret=KOV5HDkOri#?secret=y6g5sKxcKl\" data-secret=\"y6g5sKxcKl\" width=\"500\" height=\"282\" frameborder=\"0\" marginwidth=\"0\" marginheight=\"0\" scrolling=\"no\"><\/iframe><\/p>\n<blockquote class=\"wp-embedded-content\" data-secret=\"NPEcawd0xi\"><p><a href=\"https:\/\/puntocritico.com\/ausajpuntocritico\/2022\/03\/09\/por-que-la-guerra-correspondencia-entre-einstein-y-freud-2\/\">\u00bfPOR QU\u00c9 LA GUERRA? CORRESPONDENCIA ENTRE EINSTEIN Y FREUD<\/a><\/p><\/blockquote>\n<p><iframe loading=\"lazy\" class=\"wp-embedded-content\" sandbox=\"allow-scripts\" security=\"restricted\" style=\"position: absolute; clip: rect(1px, 1px, 1px, 1px);\" title=\"\u00ab\u00bfPOR QU\u00c9 LA GUERRA? CORRESPONDENCIA ENTRE EINSTEIN Y FREUD\u00bb \u2014 Punto Cr\u00edtico Derechos Humanos\" src=\"https:\/\/puntocritico.com\/ausajpuntocritico\/2022\/03\/09\/por-que-la-guerra-correspondencia-entre-einstein-y-freud-2\/embed\/#?secret=oYe3vlk9Gn#?secret=NPEcawd0xi\" data-secret=\"NPEcawd0xi\" width=\"500\" height=\"282\" frameborder=\"0\" marginwidth=\"0\" marginheight=\"0\" scrolling=\"no\"><\/iframe><\/p>\n<blockquote class=\"wp-embedded-content\" data-secret=\"LrmQB6wBqm\"><p><a href=\"https:\/\/puntocritico.com\/ausajpuntocritico\/2022\/03\/24\/la-paz-perpetua-por-inmanuel-kant-2\/\">LA PAZ PERPETUA, por Inmanuel Kant<\/a><\/p><\/blockquote>\n<p><iframe loading=\"lazy\" class=\"wp-embedded-content\" sandbox=\"allow-scripts\" security=\"restricted\" style=\"position: absolute; clip: rect(1px, 1px, 1px, 1px);\" title=\"\u00abLA PAZ PERPETUA, por Inmanuel Kant\u00bb \u2014 Punto Cr\u00edtico Derechos Humanos\" src=\"https:\/\/puntocritico.com\/ausajpuntocritico\/2022\/03\/24\/la-paz-perpetua-por-inmanuel-kant-2\/embed\/#?secret=5JkTw0BghP#?secret=LrmQB6wBqm\" data-secret=\"LrmQB6wBqm\" width=\"500\" height=\"282\" frameborder=\"0\" marginwidth=\"0\" marginheight=\"0\" scrolling=\"no\"><\/iframe><\/p>\n<blockquote class=\"wp-embedded-content\" data-secret=\"ZuDIxOf2tb\"><p><a href=\"https:\/\/puntocritico.com\/ausajpuntocritico\/2021\/07\/24\/el-poder-de-las-pesadillas-parte-2-documental-de-adam-curtis-sayyid-qutb-el-filosofo-del-terror-islamico-letras-libres\/\">EL PODER DE LAS PESADILLAS (Parte 2), Documental de Adam Curtis \/\/ Sayyid Qutb, \u00abEl fil\u00f3sofo del terror isl\u00e1mico\u00bb (Letras Libres)<\/a><\/p><\/blockquote>\n<p><iframe loading=\"lazy\" class=\"wp-embedded-content\" sandbox=\"allow-scripts\" security=\"restricted\" style=\"position: absolute; clip: rect(1px, 1px, 1px, 1px);\" title=\"\u00abEL PODER DE LAS PESADILLAS (Parte 2), Documental de Adam Curtis \/\/ Sayyid Qutb, \u00abEl fil\u00f3sofo del terror isl\u00e1mico\u00bb (Letras Libres)\u00bb \u2014 Punto Cr\u00edtico Derechos Humanos\" src=\"https:\/\/puntocritico.com\/ausajpuntocritico\/2021\/07\/24\/el-poder-de-las-pesadillas-parte-2-documental-de-adam-curtis-sayyid-qutb-el-filosofo-del-terror-islamico-letras-libres\/embed\/#?secret=wlo0EfxGfL#?secret=ZuDIxOf2tb\" data-secret=\"ZuDIxOf2tb\" width=\"500\" height=\"282\" frameborder=\"0\" marginwidth=\"0\" marginheight=\"0\" scrolling=\"no\"><\/iframe><\/p>\n<blockquote class=\"wp-embedded-content\" data-secret=\"jZnTq4QXFT\"><p><a href=\"https:\/\/puntocritico.com\/ausajpuntocritico\/2020\/10\/03\/la-doctrina-del-shock-documental\/\">La doctrina del shock &#8211; Documental<\/a><\/p><\/blockquote>\n<p><iframe loading=\"lazy\" class=\"wp-embedded-content\" sandbox=\"allow-scripts\" security=\"restricted\" style=\"position: absolute; clip: rect(1px, 1px, 1px, 1px);\" title=\"\u00abLa doctrina del shock &#8211; Documental\u00bb \u2014 Punto Cr\u00edtico Derechos Humanos\" src=\"https:\/\/puntocritico.com\/ausajpuntocritico\/2020\/10\/03\/la-doctrina-del-shock-documental\/embed\/#?secret=WcafIGOmdq#?secret=jZnTq4QXFT\" data-secret=\"jZnTq4QXFT\" width=\"500\" height=\"282\" frameborder=\"0\" marginwidth=\"0\" marginheight=\"0\" scrolling=\"no\"><\/iframe><\/p>\n<blockquote class=\"wp-embedded-content\" data-secret=\"LdGc45kOTc\"><p><a href=\"https:\/\/puntocritico.com\/ausajpuntocritico\/2022\/01\/18\/psicosis-de-formacion-masiva\/\">PSICOSIS DE FORMACI\u00d3N MASIVA. COVID-19: \u00abComo los medios corporativos, generando ansiedad, han formado masas que les creen sin cuestionar\u00bb<\/a><\/p><\/blockquote>\n<p><iframe loading=\"lazy\" class=\"wp-embedded-content\" sandbox=\"allow-scripts\" security=\"restricted\" style=\"position: absolute; clip: rect(1px, 1px, 1px, 1px);\" title=\"\u00abPSICOSIS DE FORMACI\u00d3N MASIVA. COVID-19: \u00abComo los medios corporativos, generando ansiedad, han formado masas que les creen sin cuestionar\u00bb\u00bb \u2014 Punto Cr\u00edtico Derechos Humanos\" src=\"https:\/\/puntocritico.com\/ausajpuntocritico\/2022\/01\/18\/psicosis-de-formacion-masiva\/embed\/#?secret=Z6Nd3qvK9W#?secret=LdGc45kOTc\" data-secret=\"LdGc45kOTc\" width=\"500\" height=\"282\" frameborder=\"0\" marginwidth=\"0\" marginheight=\"0\" scrolling=\"no\"><\/iframe><\/p>\n<blockquote class=\"wp-embedded-content\" data-secret=\"oXwgJE55Xb\"><p><a href=\"https:\/\/puntocritico.com\/ausajpuntocritico\/2022\/05\/23\/rusia-y-la-doctrina-del-shock\/\">NOAM CHOMSKY: \u00abEEUU no quiere una salida diplom\u00e1tica (en Ucrania)\u00bb. RUSIA Y LA DOCTRINA DEL SHOCK (privatizaciones corruptas de los 90&#8242;, dise\u00f1adas en la Universidad de Harvard)<\/a><\/p><\/blockquote>\n<p><iframe loading=\"lazy\" class=\"wp-embedded-content\" sandbox=\"allow-scripts\" security=\"restricted\" style=\"position: absolute; clip: rect(1px, 1px, 1px, 1px);\" title=\"\u00abNOAM CHOMSKY: \u00abEEUU no quiere una salida diplom\u00e1tica (en Ucrania)\u00bb. RUSIA Y LA DOCTRINA DEL SHOCK (privatizaciones corruptas de los 90&#8242;, dise\u00f1adas en la Universidad de Harvard)\u00bb \u2014 Punto Cr\u00edtico Derechos Humanos\" src=\"https:\/\/puntocritico.com\/ausajpuntocritico\/2022\/05\/23\/rusia-y-la-doctrina-del-shock\/embed\/#?secret=QMR6K4Spjb#?secret=oXwgJE55Xb\" data-secret=\"oXwgJE55Xb\" width=\"500\" height=\"282\" frameborder=\"0\" marginwidth=\"0\" marginheight=\"0\" scrolling=\"no\"><\/iframe><\/p>\n<blockquote class=\"wp-embedded-content\" data-secret=\"TtOnQmmbpa\"><p><a href=\"https:\/\/puntocritico.com\/ausajpuntocritico\/2022\/09\/17\/memoria-del-saqueo-documental-de-pino-solanas-2\/\">MEMORIA DEL SAQUEO, documental de Pino Solanas<\/a><\/p><\/blockquote>\n<p><iframe loading=\"lazy\" class=\"wp-embedded-content\" sandbox=\"allow-scripts\" security=\"restricted\" style=\"position: absolute; clip: rect(1px, 1px, 1px, 1px);\" title=\"\u00abMEMORIA DEL SAQUEO, documental de Pino Solanas\u00bb \u2014 Punto Cr\u00edtico Derechos Humanos\" src=\"https:\/\/puntocritico.com\/ausajpuntocritico\/2022\/09\/17\/memoria-del-saqueo-documental-de-pino-solanas-2\/embed\/#?secret=4ZW2dXUPmU#?secret=TtOnQmmbpa\" data-secret=\"TtOnQmmbpa\" width=\"500\" height=\"282\" frameborder=\"0\" marginwidth=\"0\" marginheight=\"0\" scrolling=\"no\"><\/iframe><\/p>\n<blockquote class=\"wp-embedded-content\" data-secret=\"yNjrhizUHj\"><p><a href=\"https:\/\/puntocritico.com\/ausajpuntocritico\/2023\/05\/30\/los-servicios-secretos-y-su-guerra-hibrida-contra-el-mundo\/\">NEW WORLD ORDER, TOTALITARISMO GLOBAL: Los Servicios Secretos y su Guerra H\u00edbrida contra el mundo; del 11-S a los bloqueos de Covid<\/a><\/p><\/blockquote>\n<p><iframe loading=\"lazy\" class=\"wp-embedded-content\" sandbox=\"allow-scripts\" security=\"restricted\" style=\"position: absolute; clip: rect(1px, 1px, 1px, 1px);\" title=\"\u00abNEW WORLD ORDER, TOTALITARISMO GLOBAL: Los Servicios Secretos y su Guerra H\u00edbrida contra el mundo; del 11-S a los bloqueos de Covid\u00bb \u2014 Punto Cr\u00edtico Derechos Humanos\" src=\"https:\/\/puntocritico.com\/ausajpuntocritico\/2023\/05\/30\/los-servicios-secretos-y-su-guerra-hibrida-contra-el-mundo\/embed\/#?secret=NFE73aCp1C#?secret=yNjrhizUHj\" data-secret=\"yNjrhizUHj\" width=\"500\" height=\"282\" frameborder=\"0\" marginwidth=\"0\" marginheight=\"0\" scrolling=\"no\"><\/iframe><\/p>\n<blockquote class=\"wp-embedded-content\" data-secret=\"xdWRGXfY9m\"><p><a href=\"https:\/\/puntocritico.com\/ausajpuntocritico\/2022\/04\/21\/gladio-por-umberto-eco-2\/\">\u00abGLADIO\u00bb, por Umberto Eco<\/a><\/p><\/blockquote>\n<p><iframe loading=\"lazy\" class=\"wp-embedded-content\" sandbox=\"allow-scripts\" security=\"restricted\" style=\"position: absolute; clip: rect(1px, 1px, 1px, 1px);\" title=\"\u00ab\u00abGLADIO\u00bb, por Umberto Eco\u00bb \u2014 Punto Cr\u00edtico Derechos Humanos\" src=\"https:\/\/puntocritico.com\/ausajpuntocritico\/2022\/04\/21\/gladio-por-umberto-eco-2\/embed\/#?secret=MJSMsMpxme#?secret=xdWRGXfY9m\" data-secret=\"xdWRGXfY9m\" width=\"500\" height=\"282\" frameborder=\"0\" marginwidth=\"0\" marginheight=\"0\" scrolling=\"no\"><\/iframe><\/p>\n<blockquote class=\"wp-embedded-content\" data-secret=\"uo74ITo08c\"><p><a href=\"https:\/\/puntocritico.com\/ausajpuntocritico\/2021\/09\/11\/20-anos-del-11-s\/\">20 A\u00d1OS DEL 11-S: NEW WORLD ORDER: SU IMPLANTACI\u00d3N ES AJENA AL PRINCIPIO DEMOCR\u00c1TICO, SE IMPONE POR MEDIO DE UNA CADENA DE \u00abSHOCKS\u00bb: Documentales \u00ab11-S: ZONA CERO\u00bb y \u00ab11S, Arquitectos e Ingenieros Por la Verdad\u00bb<\/a><\/p><\/blockquote>\n<p><iframe loading=\"lazy\" class=\"wp-embedded-content\" sandbox=\"allow-scripts\" security=\"restricted\" style=\"position: absolute; clip: rect(1px, 1px, 1px, 1px);\" title=\"\u00ab20 A\u00d1OS DEL 11-S: NEW WORLD ORDER: SU IMPLANTACI\u00d3N ES AJENA AL PRINCIPIO DEMOCR\u00c1TICO, SE IMPONE POR MEDIO DE UNA CADENA DE \u00abSHOCKS\u00bb: Documentales \u00ab11-S: ZONA CERO\u00bb y \u00ab11S, Arquitectos e Ingenieros Por la Verdad\u00bb\u00bb \u2014 Punto Cr\u00edtico Derechos Humanos\" src=\"https:\/\/puntocritico.com\/ausajpuntocritico\/2021\/09\/11\/20-anos-del-11-s\/embed\/#?secret=8v9IzsLEEv#?secret=uo74ITo08c\" data-secret=\"uo74ITo08c\" width=\"500\" height=\"282\" frameborder=\"0\" marginwidth=\"0\" marginheight=\"0\" scrolling=\"no\"><\/iframe><\/p>\n<p>&nbsp;<\/p>\n<p>&nbsp;<\/p>\n<p>&nbsp;<\/p>\n<p><a href=\"https:\/\/puntocritico.com\/ausajpuntocritico\/author\/punto-critico\/\"><img loading=\"lazy\" decoding=\"async\" class=\"aligncenter wp-image-48\" src=\"https:\/\/puntocritico.com\/ausajpuntocritico\/wp-content\/uploads\/2016\/11\/Mosca_Punto_Cr\u00edtico_40.png\" alt=\"\" width=\"80\" height=\"80\" data-id=\"48\" \/><\/a><\/p>\n<p>&nbsp;<\/p>\n","protected":false},"excerpt":{"rendered":"<div class=\"mh-excerpt\"><p>GAZA UNDER FIRE \u00abY har\u00e9 que Babilonia y todos los habitantes de Caldea paguen por todo el da\u00f1o que hicieron en Si\u00f3n, delante de vuestros ojos\u00bb Jerem\u00edas, 51 (Or\u00e1culo de Yahveh) &nbsp; HABLAN SUPERVIVIENTES DEL <a class=\"mh-excerpt-more\" href=\"https:\/\/puntocritico.com\/ausajpuntocritico\/2023\/10\/12\/gaza-under-fire\/\" title=\"GAZA UNDER FIRE: LA POL\u00cdTICA DEL TERROR: Supervivientes del bombardeo en la Franja de Gaza: \u00abEntraban a las casas a matar a quien fuera. Ha sido una masacre\u00bb\">[&#8230;]<\/a><\/p>\n<\/div>","protected":false},"author":3,"featured_media":2289041,"comment_status":"open","ping_status":"open","sticky":false,"template":"","format":"standard","meta":{"_acf_changed":false,"_exactmetrics_skip_tracking":false,"_exactmetrics_sitenote_active":false,"_exactmetrics_sitenote_note":"","_exactmetrics_sitenote_category":0,"footnotes":""},"categories":[7],"tags":[72],"class_list":{"0":"post-2288884","1":"post","2":"type-post","3":"status-publish","4":"format-standard","5":"has-post-thumbnail","7":"category-politica","8":"tag-palestina"},"acf":[],"_links":{"self":[{"href":"https:\/\/puntocritico.com\/ausajpuntocritico\/wp-json\/wp\/v2\/posts\/2288884","targetHints":{"allow":["GET"]}}],"collection":[{"href":"https:\/\/puntocritico.com\/ausajpuntocritico\/wp-json\/wp\/v2\/posts"}],"about":[{"href":"https:\/\/puntocritico.com\/ausajpuntocritico\/wp-json\/wp\/v2\/types\/post"}],"author":[{"embeddable":true,"href":"https:\/\/puntocritico.com\/ausajpuntocritico\/wp-json\/wp\/v2\/users\/3"}],"replies":[{"embeddable":true,"href":"https:\/\/puntocritico.com\/ausajpuntocritico\/wp-json\/wp\/v2\/comments?post=2288884"}],"version-history":[{"count":0,"href":"https:\/\/puntocritico.com\/ausajpuntocritico\/wp-json\/wp\/v2\/posts\/2288884\/revisions"}],"wp:featuredmedia":[{"embeddable":true,"href":"https:\/\/puntocritico.com\/ausajpuntocritico\/wp-json\/wp\/v2\/media\/2289041"}],"wp:attachment":[{"href":"https:\/\/puntocritico.com\/ausajpuntocritico\/wp-json\/wp\/v2\/media?parent=2288884"}],"wp:term":[{"taxonomy":"category","embeddable":true,"href":"https:\/\/puntocritico.com\/ausajpuntocritico\/wp-json\/wp\/v2\/categories?post=2288884"},{"taxonomy":"post_tag","embeddable":true,"href":"https:\/\/puntocritico.com\/ausajpuntocritico\/wp-json\/wp\/v2\/tags?post=2288884"}],"curies":[{"name":"wp","href":"https:\/\/api.w.org\/{rel}","templated":true}]}}