{"id":2286688,"date":"2023-09-22T00:05:24","date_gmt":"2023-09-21T22:05:24","guid":{"rendered":"https:\/\/puntocritico.com\/ausajpuntocritico\/?p=2286688"},"modified":"2023-10-06T14:58:30","modified_gmt":"2023-10-06T12:58:30","slug":"soy-spinozista-1","status":"publish","type":"post","link":"https:\/\/puntocritico.com\/ausajpuntocritico\/2023\/09\/22\/soy-spinozista-1\/","title":{"rendered":"SOY SPINOZISTA (Parte 1): \u00abSpinoza, visionario y fil\u00f3sofo de la alegr\u00eda y el deseo\u00bb, por Jean Loye"},"content":{"rendered":"<p>&nbsp;<\/p>\n<div class=\"title-wrap\">\n<h2 class=\"entry-title title flipboard-title\" style=\"text-align: center;\"><span style=\"font-size: 24pt;\">SOY SPINOZISTA (Parte 1)<\/span><span style=\"font-size: 24pt;\">:\u00a0SPINOZA, VISIONARIO Y FIL\u00d3SOFO DE LA ALEGR\u00cdA Y EL DESEO<\/span><\/h2>\n<\/div>\n<p style=\"text-align: justify;\"><span style=\"font-size: 14pt;\">Por Jean Loye<\/span><\/p>\n<p style=\"text-align: justify;\"><span style=\"font-size: 14pt;\"><a href=\"https:\/\/heconomist.ch\/2020\/04\/04\/je-suis-spinoziste-partie-1-spinoza-visionnaire-et-philosophe-de-la-joie-et-du-desir\/\">HEConomist<\/a>, 4 ABRIL 2020<\/span><\/p>\n<p><a href=\"https:\/\/puntocritico.com\/ausajpuntocritico\/2022\/10\/07\/spinoza-por-sorolla\/\"><img loading=\"lazy\" decoding=\"async\" class=\"aligncenter wp-image-2257861\" src=\"https:\/\/puntocritico.com\/ausajpuntocritico\/wp-content\/uploads\/2022\/10\/spinoza-por-sorolla-3-300x148.jpg\" alt=\"SOY SPINOZISTA\" width=\"555\" height=\"274\" data-id=\"2257861\" srcset=\"https:\/\/puntocritico.com\/ausajpuntocritico\/wp-content\/uploads\/2022\/10\/spinoza-por-sorolla-3-300x148.jpg 300w, https:\/\/puntocritico.com\/ausajpuntocritico\/wp-content\/uploads\/2022\/10\/spinoza-por-sorolla-3-1024x505.jpg 1024w, https:\/\/puntocritico.com\/ausajpuntocritico\/wp-content\/uploads\/2022\/10\/spinoza-por-sorolla-3-768x379.jpg 768w, https:\/\/puntocritico.com\/ausajpuntocritico\/wp-content\/uploads\/2022\/10\/spinoza-por-sorolla-3-610x301.jpg 610w, https:\/\/puntocritico.com\/ausajpuntocritico\/wp-content\/uploads\/2022\/10\/spinoza-por-sorolla-3.jpg 1256w\" sizes=\"auto, (max-width: 555px) 100vw, 555px\" \/><\/a><\/p>\n<p>&nbsp;<\/p>\n<p style=\"text-align: center;\"><em><strong><span style=\"font-size: 14pt;\">Baruch Spinoza es sin duda uno de los fil\u00f3sofos m\u00e1s influyentes de la historia del pensamiento moderno.\u00a0He aqu\u00ed una introducci\u00f3n al pensamiento de Spinoza en tres partes, que, espero, les introducir\u00e1 en un pensamiento \u00fanico en su g\u00e9nero y, tal vez, les har\u00e1 proclamar con ardor: \u00a1Soy spinozista!<\/span><\/strong><\/em><\/p>\n<p>&nbsp;<\/p>\n<h3 style=\"text-align: center;\" align=\"center\"><span style=\"font-size: 18pt; line-height: 107%;\">Spinoza, un librepensador<\/span><\/h3>\n<p style=\"text-align: justify;\"><span style=\"font-size: 14pt;\"><strong>Spinoza<\/strong> naci\u00f3 en 1632 en Amsterdam y muri\u00f3 de tuberculosis en La Haya en 1677. Vivi\u00f3 en un contexto hist\u00f3rico bastante singular, que probablemente<a href=\"https:\/\/puntocritico.com\/ausajpuntocritico\/2019\/04\/12\/spinoza-del-elogio-de-amsterdam-a-la-epistola-a-burgh-por-miquel-beltran-republicado\/\"> le permiti\u00f3 desarrollar sus ideas con mayor libertad<\/a> que en otros lugares.<\/span><\/p>\n<p style=\"text-align: justify;\"><span style=\"font-size: 14pt;\">En 1648, las <strong>Provincias Unidas<\/strong> (<em>nombre que llev\u00f3 la parte norte de los Pa\u00edses Bajos de 1570 a 1795<\/em>) lograron firmar su independencia, un tal<a href=\"https:\/\/puntocritico.com\/ausajpuntocritico\/2022\/08\/05\/spinoza-y-la-intolerancia-en-la-holanda-del-xvii-por-miguel-beltran-2\/\"><strong> Johan de Witt<\/strong><\/a> se convirti\u00f3 en su secretario ejecutivo despu\u00e9s de haber expulsado a <strong>Guillermo II de Orange<\/strong> de la conquista de los <strong>Pa\u00edses Bajos<\/strong>.<\/span><\/p>\n<p style=\"text-align: justify;\"><span style=\"font-size: 14pt;\"><strong>Durante unos veinte a\u00f1os se estableci\u00f3 un gobierno calvinista relativamente liberal, que autoriz\u00f3 cierta forma de libertad religiosa y logr\u00f3 colocar a los Pa\u00edses Bajos en una buena situaci\u00f3n econ\u00f3mica<\/strong>.\u00a0<strong>Spinoza<\/strong> aprovech\u00f3 este particular contexto hist\u00f3rico para desarrollar algunas de sus ideas sin temor a fuertes represalias por parte del Estado.<\/span><\/p>\n<p style=\"text-align: justify;\"><span style=\"font-size: 14pt;\">Sin embargo, las posturas del joven <strong>Baruch<\/strong> ya son controvertidas dentro de la <em>comunidad jud\u00eda de \u00c1msterdam<\/em> de la que procede.\u00a0Sin embargo, habiendo recibido una educaci\u00f3n jud\u00eda tradicional consistente en el estudio de la <em>Tor\u00e1<\/em>, el <em>Talmud<\/em> y el <em>hebreo b\u00edblico<\/em>, <strong>Spinoza<\/strong> muy r\u00e1pidamente tom\u00f3 cursos paralelos de griego, lat\u00edn e historia.\u00a0Adem\u00e1s, estos diversos comentarios cr\u00edticos sobre el an\u00e1lisis de la <em>Tor\u00e1<\/em> y, en general, sobre las religiones, no agradan a todos los miembros de su comunidad.\u00a0Tanto es as\u00ed que a los 23 a\u00f1os, <strong>Spinoza<\/strong> fue castigado con el procedimiento\u00a0<strong><em>herem<\/em><\/strong>, un procedimiento de <a href=\"https:\/\/puntocritico.com\/ausajpuntocritico\/2019\/08\/02\/decreto-de-excomunion-de-baruch-de-spinoza-1656\/\"><strong>excomuni\u00f3n<\/strong> de la <em>comunidad jud\u00eda de \u00c1msterdam<\/em>, por <em>herej\u00eda<\/em> y <em>blasfemia<\/em><\/a>, y se vio obligado a abandonar la juder\u00eda as\u00ed como a evitar cualquier interacci\u00f3n con un miembro de la comunidad.<\/span><\/p>\n<p style=\"text-align: justify;\"><span style=\"font-size: 14pt;\">Muchos han cuestionado las verdaderas razones de este procedimiento\u00a0<strong><em>herem<\/em><\/strong>.\u00a0Es probable que la respuesta a esta pregunta se encuentre en\u00a0<em>el tratado teol\u00f3gico-pol\u00edtico<\/em>\u00a0de <strong>Spinoza<\/strong>, una de las dos \u00fanicas obras que public\u00f3 durante su vida.<\/span><\/p>\n<p>&nbsp;<\/p>\n<figure id=\"attachment_20720\" aria-describedby=\"caption-attachment-20720\" style=\"width: 400px\" class=\"wp-caption aligncenter\"><a href=\"https:\/\/puntocritico.com\/ausajpuntocritico\/2019\/08\/02\/decreto-de-excomunion-de-baruch-de-spinoza-1656\/\"><img loading=\"lazy\" decoding=\"async\" class=\"wp-image-20720\" src=\"https:\/\/puntocritico.com\/ausajpuntocritico\/wp-content\/uploads\/2019\/08\/Decreto-excomunion-Spinoza-principal-300x199.png\" alt=\"\" width=\"400\" height=\"266\" data-id=\"20720\" srcset=\"https:\/\/puntocritico.com\/ausajpuntocritico\/wp-content\/uploads\/2019\/08\/Decreto-excomunion-Spinoza-principal-300x199.png 300w, https:\/\/puntocritico.com\/ausajpuntocritico\/wp-content\/uploads\/2019\/08\/Decreto-excomunion-Spinoza-principal-678x452.png 678w, https:\/\/puntocritico.com\/ausajpuntocritico\/wp-content\/uploads\/2019\/08\/Decreto-excomunion-Spinoza-principal.png 680w\" sizes=\"auto, (max-width: 400px) 100vw, 400px\" \/><\/a><figcaption id=\"caption-attachment-20720\" class=\"wp-caption-text\"><a href=\"https:\/\/puntocritico.com\/ausajpuntocritico\/2019\/08\/02\/decreto-de-excomunion-de-baruch-de-spinoza-1656\/\"><span style=\"color: #008000;\">Decreto de excomuni\u00f3n de Baruch de Spinoza (1656)<\/span><\/a><\/figcaption><\/figure>\n<p>&nbsp;<\/p>\n<h3 style=\"text-align: center;\" align=\"center\"><span style=\"font-size: 18pt; line-height: 107%;\">El Tratado Teol\u00f3gico-Pol\u00edtico<\/span><\/h3>\n<p style=\"text-align: justify;\"><span style=\"font-size: 14pt;\">Este <a href=\"https:\/\/puntocritico.com\/ausajpuntocritico\/2020\/09\/04\/spinoza-tratado-teologico-politico\/\">tratado<\/a> <strong>incluye tanto una ex\u00e9gesis racionalista de la Biblia como varias especulaciones sobre la evoluci\u00f3n de futuros reg\u00edmenes pol\u00edticos<\/strong>.<\/span><\/p>\n<p style=\"text-align: justify;\"><span style=\"font-size: 14pt;\">La posici\u00f3n de <strong>Spinoza<\/strong> respecto a las religiones tiene la particularidad de ser extremadamente cr\u00edtica con ellas, lo que le vali\u00f3 numerosas amenazas por parte de varias comunidades religiosas tras la publicaci\u00f3n del tratado.\u00a0El estado liberal y calvinista de <strong>Johan de Witt<\/strong> probablemente salv\u00f3 a <strong>Spinoza<\/strong> de ser quemado en la hoguera en la plaza p\u00fablica, lo que era com\u00fan en los pa\u00edses de la Inquisici\u00f3n en ese momento.<\/span><\/p>\n<p style=\"text-align: justify;\"><span style=\"font-size: 14pt;\">Para <strong>Spinoza<\/strong>, las mentes de los creyentes estar\u00edan esclavizadas por pseudorreligiones basadas en la superstici\u00f3n.\u00a0Estos prejuicios provienen esencialmente de la lectura literal de los textos sagrados.\u00a0<strong>Spinoza<\/strong> aboga por una lectura racionalista de los textos religiosos, con el fin de comprender su contexto hist\u00f3rico as\u00ed como el objetivo perseguido por sus autores.\u00a0Para ello, desarroll\u00f3 un m\u00e9todo de interpretaci\u00f3n de textos b\u00edblicos.\u00a0Todos los conocimientos adquiridos durante su formaci\u00f3n jud\u00eda, como su dominio del hebreo b\u00edblico y del <em>Antiguo Testamento<\/em>, le resultan de gran utilidad en esta labor.<\/span><\/p>\n<p>&nbsp;<\/p>\n<blockquote>\n<p style=\"text-align: center;\"><strong><span style=\"font-size: 14pt; color: #008000;\">Para Spinoza, las mentes de los creyentes estar\u00edan esclavizadas por pseudorreligiones basadas en la superstici\u00f3n.\u00a0Estos prejuicios provienen esencialmente de la lectura literal de los textos sagrados.\u00a0Spinoza aboga por una lectura racionalista de los textos religiosos, con el fin de comprender su contexto hist\u00f3rico as\u00ed como el objetivo perseguido por sus autores<\/span><\/strong><\/p>\n<\/blockquote>\n<p>&nbsp;<\/p>\n<p style=\"text-align: justify;\"><span style=\"font-size: 14pt;\">La obra que propone <strong>Spinoza<\/strong>, que en su momento pareci\u00f3 digna de la mayor de las herej\u00edas, es en realidad una aproximaci\u00f3n a la ex\u00e9gesis b\u00edblica de los textos sagrados que hoy forma parte de la ense\u00f1anza obligatoria en los cursos universitarios de estudios b\u00edblicos (<em>tanto jud\u00edos como cristianos<\/em>). <strong>Spinoza<\/strong> se sit\u00faa como un precursor en este campo, algunos incluso afirman que est\u00e1 en el origen de la ex\u00e9gesis b\u00edblica moderna.<\/span><\/p>\n<p style=\"text-align: justify;\"><span style=\"font-size: 14pt;\">Para explicar su punto, <strong>Spinoza<\/strong> est\u00e1 particularmente interesado en los mensajes prof\u00e9ticos de la <em>Biblia<\/em>.\u00a0Considera que nunca debemos tomarlos literalmente sino interpretarlos siempre porque se relacionan con la imaginaci\u00f3n, el estado ps\u00edquico, las opiniones y el estilo de vida del profeta.\u00a0<strong>Los <em>profetas<\/em>, a\u00f1ade, hablan todos de forma bastante divergente, pero coinciden en resaltar los valores de la caridad y la justicia<\/strong>.\u00a0Estos dos \u00faltimos puntos son para <strong>Spinoza<\/strong>, el fundamento de todos los escritos sagrados y la verdadera ense\u00f1anza de la religi\u00f3n.<\/span><\/p>\n<p style=\"text-align: justify;\"><span style=\"font-size: 14pt;\">En este tratado, <em><strong>Spinoza<\/strong><\/em> tambi\u00e9n se esforzar\u00e1 por mostrar que la mejor forma de organizaci\u00f3n pol\u00edtica es aquella en la que todos son libres de pensar, creer y expresarse. Para \u00e9l, <strong>la <em>democracia<\/em> es esencial para formar un Estado sostenible y eficaz, y es m\u00e1s capaz de garantizar la cohesi\u00f3n de los ciudadanos<\/strong>. <strong>Spinoza<\/strong> tambi\u00e9n es un firme partidario de una separaci\u00f3n entre poderes religiosos y poderes pol\u00edticos. Adem\u00e1s, afirma que \u201c<em>las pr\u00e1cticas fervientes y religiosas deben ser acordes con el inter\u00e9s p\u00fablico<\/em>\u00ab. (<em>Trait\u00e9 Th\u00e9ologico-politique<\/em>, p.888).\u00a0A\u00f1ade que si determinados cultos religiosos perjudican el orden p\u00fablico, simplemente habr\u00e1 que prohibirlos.<\/span><\/p>\n<p>&nbsp;<\/p>\n<blockquote>\n<p style=\"text-align: center;\"><strong><span style=\"font-size: 14pt; color: #008000;\"> si determinados cultos religiosos perjudican el orden p\u00fablico, simplemente habr\u00e1 que prohibirlos<\/span><\/strong><\/p>\n<\/blockquote>\n<p>&nbsp;<\/p>\n<p style=\"text-align: justify;\"><span style=\"font-size: 14pt;\">En resumen, la visi\u00f3n pol\u00edtica de <strong>Spinoza<\/strong> es simplemente vanguardista.\u00a0Un siglo antes de <a href=\"https:\/\/puntocritico.com\/ausajpuntocritico\/2017\/02\/04\/el-hombre-que-siempre-tenia-razon-por-voltaire\/\"><strong>Voltaire<\/strong><\/a> y la <a href=\"https:\/\/puntocritico.com\/ausajpuntocritico\/2022\/12\/20\/sapere-aude-que-es-la-ilustracion-por-inmanuel-kant\/\"><em><strong>Ilustraci\u00f3n<\/strong><\/em><\/a>, propone lo que pueden considerarse las bases pol\u00edticas de nuestros estados modernos.<\/span><\/p>\n<p>&nbsp;<\/p>\n<p><img loading=\"lazy\" decoding=\"async\" class=\"aligncenter wp-image-2205463\" src=\"https:\/\/puntocritico.com\/ausajpuntocritico\/wp-content\/uploads\/2021\/04\/la-luz-que-acerca-a-dios__1280x853-300x200.jpg\" alt=\"\" width=\"440\" height=\"293\" data-id=\"2205463\" srcset=\"https:\/\/puntocritico.com\/ausajpuntocritico\/wp-content\/uploads\/2021\/04\/la-luz-que-acerca-a-dios__1280x853-300x200.jpg 300w, https:\/\/puntocritico.com\/ausajpuntocritico\/wp-content\/uploads\/2021\/04\/la-luz-que-acerca-a-dios__1280x853-1024x682.jpg 1024w, https:\/\/puntocritico.com\/ausajpuntocritico\/wp-content\/uploads\/2021\/04\/la-luz-que-acerca-a-dios__1280x853-768x512.jpg 768w, https:\/\/puntocritico.com\/ausajpuntocritico\/wp-content\/uploads\/2021\/04\/la-luz-que-acerca-a-dios__1280x853-610x407.jpg 610w, https:\/\/puntocritico.com\/ausajpuntocritico\/wp-content\/uploads\/2021\/04\/la-luz-que-acerca-a-dios__1280x853.jpg 1280w\" sizes=\"auto, (max-width: 440px) 100vw, 440px\" \/><\/p>\n<p>&nbsp;<\/p>\n<h3 style=\"text-align: center;\" align=\"center\"><span style=\"font-size: 18pt; line-height: 107%;\">La <a href=\"https:\/\/puntocritico.com\/ausajpuntocritico\/2023\/05\/05\/spinoza-ateo-diferencia-entre-la-etica-y-la-moral-por-gilles-deleuze\/\">\u00c9tica<\/a>, una obra maestra del arte abstracto<\/span><\/h3>\n<p style=\"text-align: justify;\"><span style=\"font-size: 14pt;\">La influencia de <strong>Ren\u00e9 Descartes<\/strong> en el pensamiento del Siglo\u00a0XVII es considerable.\u00a0Sus ideas, liberadas de la teolog\u00eda autoritaria y basadas en razonamientos deductivos, atrajeron a muchos pensadores, incluido <strong>Spinoza<\/strong>, quien coloc\u00f3 su pensamiento en la larga l\u00ednea de los racionalistas.\u00a0Este \u00faltimo incluso publicar\u00e1 una obra, la primera,\u00a0<strong><em>Los principios de filosof\u00eda de Descartes<\/em><\/strong>, que le crear\u00e1 cierta notoriedad.<\/span><\/p>\n<p style=\"text-align: justify;\"><span style=\"font-size: 14pt;\">Al igual que <a href=\"https:\/\/puntocritico.com\/ausajpuntocritico\/2022\/02\/11\/descartes-spinoza-y-el-materialismo-descartes-versus-spinoza-2\/\"><strong>Descartes<\/strong>, <strong>Spinoza<\/strong><\/a> est\u00e1 convencido de que nuestro razonamiento debe estructurarse de manera l\u00f3gica y deductiva.\u00a0Entonces le pareci\u00f3 obvio presentar sus pensamientos inspir\u00e1ndose en esta forma.\u00a0La obra resultante,\u00a0<em>la <strong>\u00c9tica demostrada seg\u00fan una forma geom\u00e9trica<\/strong>,<\/em>\u00a0rebautizada\u00a0<em>como <a href=\"https:\/\/puntocritico.com\/ausajpuntocritico\/2020\/10\/23\/spinoza-por-vidal-pena-introduccion-a-la-etica-republicado\/\"><strong>\u00c9tica<\/strong><\/a>,<\/em>\u00a0sigue siendo la pieza central de la obra de <strong>Spinoza<\/strong>.\u00a0Escrita entre 1661 y 1675,\u00a0<em>la <strong>\u00c9tica<\/strong><\/em>\u00a0se public\u00f3 un a\u00f1o despu\u00e9s de la muerte de <strong>Spinoza<\/strong> y fue inmediatamente prohibida al a\u00f1o siguiente.<\/span><\/p>\n<p>&nbsp;<\/p>\n<blockquote>\n<p style=\"text-align: center;\"><strong><span style=\"font-size: 14pt; color: #008000;\">Escrita entre 1661 y 1675,\u00a0<em>la \u00c9tica<\/em>\u00a0se public\u00f3 un a\u00f1o despu\u00e9s de la muerte de Spinoza y fue inmediatamente prohibida al a\u00f1o siguiente<\/span><\/strong><\/p>\n<\/blockquote>\n<p>&nbsp;<\/p>\n<p style=\"text-align: justify;\"><span style=\"font-size: 14pt;\">El objetivo de <strong>Spinoza<\/strong>, a trav\u00e9s de esta obra, es proponer una \u00e9tica, <a href=\"https:\/\/puntocritico.com\/ausajpuntocritico\/2022\/01\/21\/la-mas-alta-felicidad-y-la-suprema-libertad-por-baruch-de-spinoza-2\/\">un camino que conduzca a una vida buena y feliz<\/a>, proponiendo una concepci\u00f3n de <a href=\"https:\/\/puntocritico.com\/ausajpuntocritico\/2020\/09\/18\/8049\/\"><em><strong>Dios<\/strong><\/em><\/a> y del mundo.\u00a0En otras palabras, <strong>Spinoza<\/strong> intentar\u00e1 encontrar los caminos que conduzcan al hombre a su liberaci\u00f3n.<\/span><\/p>\n<p style=\"text-align: justify;\"><span style=\"font-size: 14pt;\">Este trabajo est\u00e1 organizado de la siguiente manera.\u00a0En la parte superior del texto: una <em><strong>definici\u00f3n<\/strong><\/em> amplia y sus <em><strong>axiomas<\/strong><\/em> seguida de una <em><strong>proposici\u00f3n<\/strong><\/em> acompa\u00f1ada de una <strong><em>demostraci\u00f3n<\/em><\/strong> y una <em><strong>escolia<\/strong><\/em> (<em>un comentario m\u00e1s libre<\/em>).<\/span><\/p>\n<p>&nbsp;<\/p>\n<blockquote>\n<p style=\"text-align: center;\"><strong><span style=\"font-size: 14pt; color: #008000;\">Este trabajo est\u00e1 organizado de la siguiente manera.\u00a0En la parte superior del texto: una <em>definici\u00f3n<\/em> amplia y sus <em>axiomas<\/em> seguida de una <em>proposici\u00f3n<\/em> acompa\u00f1ada de una <em>demostraci\u00f3n<\/em> y una <em>escolia<\/em> (<em>un comentario m\u00e1s libre<\/em>).<\/span><\/strong><\/p>\n<\/blockquote>\n<p>&nbsp;<\/p>\n<p style=\"text-align: justify;\"><span style=\"font-size: 14pt;\">Aunque superficialmente\u00a0<em>la <strong>\u00c9tica<\/strong><\/em>\u00a0parece un texto ordenado y conciso que sigue una metodolog\u00eda real, en realidad es todo lo contrario.\u00a0Ciertos pasajes de\u00a0<em>la <strong>\u00c9tica<\/strong><\/em>\u00a0son tan abstractos e incongruentes que su interpretaci\u00f3n a\u00fan es objeto de debate entre los especialistas del fil\u00f3sofo.<\/span><\/p>\n<p>&nbsp;<\/p>\n<p><img loading=\"lazy\" decoding=\"async\" class=\"aligncenter wp-image-2229503\" src=\"https:\/\/puntocritico.com\/ausajpuntocritico\/wp-content\/uploads\/2021\/10\/dios-naturaleza-300x188.jpg\" alt=\"\" width=\"440\" height=\"275\" data-id=\"2229503\" srcset=\"https:\/\/puntocritico.com\/ausajpuntocritico\/wp-content\/uploads\/2021\/10\/dios-naturaleza-300x188.jpg 300w, https:\/\/puntocritico.com\/ausajpuntocritico\/wp-content\/uploads\/2021\/10\/dios-naturaleza-610x381.jpg 610w, https:\/\/puntocritico.com\/ausajpuntocritico\/wp-content\/uploads\/2021\/10\/dios-naturaleza.jpg 640w\" sizes=\"auto, (max-width: 440px) 100vw, 440px\" \/><\/p>\n<p>&nbsp;<\/p>\n<h3 style=\"text-align: center;\" align=\"center\"><span style=\"font-size: 18pt; line-height: 107%;\">\u201cDios, es decir, la naturaleza\u201d<\/span><\/h3>\n<p style=\"text-align: justify;\"><span style=\"font-size: 14pt;\">Uno de los principales elementos presentes en\u00a0<em>la <strong>\u00c9tica<\/strong><\/em>\u00a0se refiere a la visi\u00f3n de <em><strong>Dios<\/strong><\/em> de <strong>Spinoza<\/strong>.<\/span><\/p>\n<p style=\"text-align: justify;\"><span style=\"font-size: 14pt;\">Para el fil\u00f3sofo, la visi\u00f3n com\u00fanmente aceptada de <a href=\"https:\/\/puntocritico.com\/ausajpuntocritico\/2022\/05\/06\/la-voluntad-de-dios-ese-asilo-de-la-ignorancia-por-baruch-de-spinoza-2\/\"><em><strong>Dios<\/strong><\/em><\/a> ser\u00eda causa de un principio <strong><em>finalista<\/em><\/strong> (<em>todo en la naturaleza se hace para el bien del hombre<\/em>) y de un principio <strong><em>utilitario<\/em><\/strong> (<em>doy algo a Dios para que \u00e9l me conceda su protecci\u00f3n<\/em>).\u00a0En otras palabras, <strong>Spinoza<\/strong> considera que la religi\u00f3n, tal como la entiende la mayor\u00eda de la poblaci\u00f3n, es puramente similar a una <em><strong><a href=\"https:\/\/puntocritico.com\/ausajpuntocritico\/2022\/04\/29\/los-creadores-de-dioses-por-baruch-de-spinoza-3\/\">superstici\u00f3n<\/a> <\/strong><\/em>que tiene como objetivo tranquilizar a los seres humanos que son presa de temores relacionados con su existencia.<\/span><\/p>\n<p>&nbsp;<\/p>\n<blockquote>\n<p style=\"text-align: center;\"><strong><span style=\"font-size: 14pt; color: #008000;\">Spinoza considera que la religi\u00f3n, tal como la entiende la mayor\u00eda de la poblaci\u00f3n, es puramente similar a una superstici\u00f3n que tiene como objetivo tranquilizar a los seres humanos que son presa de temores relacionados con su existencia.<\/span><\/strong><\/p>\n<p style=\"text-align: center;\"><span style=\"color: #008000;\"><strong><span style=\"font-size: 14pt;\">El <em>Dios<\/em> de Spinoza no cre\u00f3 el universo, no es omnisciente, no tiene conciencia propia y no juzga a los hombres por sus acciones<\/span><\/strong><\/span><\/p>\n<\/blockquote>\n<p>&nbsp;<\/p>\n<p style=\"text-align: justify;\"><span style=\"font-size: 14pt;\">El <strong><em>Dios<\/em><\/strong> de <strong>Spinoza<\/strong> es muy diferente.\u00a0El <strong><em>Dios<\/em><\/strong> de <strong>Spinoza<\/strong> no cre\u00f3 el universo, no es omnisciente, no tiene conciencia propia y no juzga a los hombres por sus acciones.<\/span><\/p>\n<p style=\"text-align: justify;\"><span style=\"font-size: 14pt;\">Para <strong>Spinoza<\/strong> <em><strong>Dios<\/strong><\/em> es una\u00a0<strong><em><a href=\"https:\/\/puntocritico.com\/ausajpuntocritico\/2021\/04\/02\/la-idea-de-substancia-en-spinoza-como-materia-ontologico-general-por-vidal-pena-el-materialismo-de-spinoza-capitulo-3\/\">Sustancia<\/a><\/em>,<\/strong> \u201c<strong><em>entiendo por Sustancia aquello que es en s\u00ed y concebido por s\u00ed mismo, es decir aquello de lo que se puede formar el concepto sin necesidad del concepto de otra cosa<\/em><\/strong>\u201d.\u00a0(<em>\u00c9tica<\/em>\u00a0, primera parte).\u00a0En otras palabras, la sustancia es en s\u00ed misma una causa.<\/span><\/p>\n<p style=\"text-align: justify;\"><span style=\"font-size: 14pt;\">La <em><strong>sustancia<\/strong><\/em> es \u00fanica, necesaria e infinita.\u00a0<a href=\"https:\/\/puntocritico.com\/ausajpuntocritico\/2023\/02\/24\/einstein-solo-creia-en-el-dios-de-spinoza\/\"><strong><em>Dios<\/em><\/strong><\/a> es, por tanto, <strong>la \u00fanica <em>Sustancia<\/em> posible<\/strong> y, por tanto, la \u00fanica <em>causa posible<\/em>.\u00a0Todo lo dem\u00e1s s\u00f3lo puede ser\u00a0<strong>los Atributos<\/strong>, caracteres esenciales de la sustancia que nuestro entendimiento percibe, y\u00a0<strong>los Modos<\/strong>\u00a0que son partes de la sustancia.\u00a0N\u00f3tese que los <strong>atributos<\/strong> que conocemos son\u00a0<strong>Extensi\u00f3n<\/strong>, es decir la parte del\u00a0<em>cuerpo<\/em>\u00a0de la <em><strong>Sustancia<\/strong><\/em>, y\u00a0<strong>Pensamiento<\/strong>,\u00a0<em>el esp\u00edritu<\/em>\u00a0de la <em><strong>Sustancia<\/strong><\/em>.\u00a0Los dos son interdependientes e inseparables.\u00a0<strong>Spinoza<\/strong> se aleja as\u00ed de la visi\u00f3n dualista de <strong>Descartes<\/strong>, para quien el <em><strong>Pensamiento<\/strong><\/em> era superior a la <em><strong>Extensi\u00f3n<\/strong><\/em>, y propone una visi\u00f3n\u00a0<strong>monista<\/strong>, donde el cuerpo y la mente tienen la misma importancia.<\/span><\/p>\n<p>&nbsp;<\/p>\n<blockquote>\n<p style=\"text-align: center;\"><strong><span style=\"font-size: 14pt; color: #008000;\">La sustancia es \u00fanica, necesaria e infinita.\u00a0<em>Dios<\/em> es, por tanto, la \u00fanica <em>Sustancia<\/em> posible y, por tanto, la \u00fanica <em>causa posible<\/em>.\u00a0Todo lo dem\u00e1s s\u00f3lo puede ser\u00a0los Atributos\u00a0, caracteres esenciales de la sustancia que nuestro entendimiento percibe, y\u00a0los Modos\u00a0que son partes de la sustancia.\u00a0N\u00f3tese que los atributos que conocemos son\u00a0Extensi\u00f3n, es decir la parte del\u00a0<em>cuerpo<\/em>\u00a0de la <em>Sustancia<\/em>, y\u00a0Pensamiento\u00a0,\u00a0<em>el esp\u00edritu<\/em>\u00a0de la <em>Sustancia<\/em><\/span><\/strong><\/p>\n<\/blockquote>\n<p>&nbsp;<\/p>\n<p style=\"text-align: justify;\"><span style=\"font-size: 14pt;\">Si los <em><strong>Modos<\/strong><\/em> son partes de <strong><em>Dios<\/em><\/strong>, entonces todos somos \u201c<em>peque\u00f1os pedazos de Dios<\/em>\u201d. Si <a href=\"https:\/\/puntocritico.com\/ausajpuntocritico\/2023\/01\/06\/monada-sustancia-dios-dios-sin-dios-spinoza-y-leibniz-por-oscar-sanchez-vadillo-2\/\"><em><strong>Dios<\/strong><\/em><\/a> es <strong>Sustancia<\/strong>, entonces <em><strong>Dios<\/strong><\/em> lo es todo. En otras palabras \u201c<a href=\"https:\/\/puntocritico.com\/ausajpuntocritico\/2023\/07\/07\/dios-o-naturaleza-spinoza-2\/\"><strong><em>Deus sive natura<\/em><\/strong><\/a>\u201d (<em>\u00abDios, es decir naturaleza\u201d<\/em>). Por <strong><em>Naturaleza<\/em><\/strong>, <strong>Spinoza<\/strong> entiende la totalidad de lo que constituye el universo.<\/span><\/p>\n<p style=\"text-align: justify;\"><span style=\"font-size: 14pt;\">Esta visi\u00f3n\u00a0<a href=\"https:\/\/puntocritico.com\/ausajpuntocritico\/2021\/08\/06\/ateismo-y-panteismo-por-baruch-de-spinoza-2\/\"><strong>pante\u00edsta<\/strong><\/a>\u00a0espec\u00edfica de <strong>Spinoza<\/strong> sigue siendo incre\u00edblemente \u00fanica en la actualidad.\u00a0Entendemos, sin embargo, por qu\u00e9 <strong>Spinoza<\/strong> no se atrevi\u00f3 a publicar\u00a0<em>la <strong>\u00c9tica<\/strong><\/em>\u00a0durante su vida.<\/span><\/p>\n<p>&nbsp;<\/p>\n<p><img loading=\"lazy\" decoding=\"async\" class=\"aligncenter wp-image-17767\" src=\"https:\/\/puntocritico.com\/ausajpuntocritico\/wp-content\/uploads\/2019\/03\/dios-spinoza.jpg\" alt=\"\" width=\"400\" height=\"300\" data-id=\"17767\" srcset=\"https:\/\/puntocritico.com\/ausajpuntocritico\/wp-content\/uploads\/2019\/03\/dios-spinoza.jpg 259w, https:\/\/puntocritico.com\/ausajpuntocritico\/wp-content\/uploads\/2019\/03\/dios-spinoza-80x60.jpg 80w\" sizes=\"auto, (max-width: 400px) 100vw, 400px\" \/><\/p>\n<p>&nbsp;<\/p>\n<h3 style=\"text-align: center;\" align=\"center\"><span style=\"font-size: 18pt; line-height: 107%;\">Spinoza, \u00bfun falso ateo?<\/span><\/h3>\n<p style=\"text-align: justify;\"><span style=\"font-size: 14pt;\">Muchos especialistas de <strong>Spinoza<\/strong> se han hecho esta pregunta y no han llegado a un acuerdo entre ellos.\u00a0De hecho, se podr\u00eda argumentar que si <em><strong>Dios<\/strong><\/em> es inmanente entonces <em><strong>Dios<\/strong><\/em> no existe, si est\u00e1 en todas partes entonces no est\u00e1 en ninguna parte al mismo tiempo.\u00a0En definitiva, <a href=\"https:\/\/puntocritico.com\/ausajpuntocritico\/2023\/02\/17\/dios-es-el-ser-verdadero-por-georg-w-f-hegel\/\">es la serpiente que se muerde la cola<\/a>.<\/span><\/p>\n<p>&nbsp;<\/p>\n<p><img loading=\"lazy\" decoding=\"async\" class=\"aligncenter wp-image-2287728\" src=\"https:\/\/puntocritico.com\/ausajpuntocritico\/wp-content\/uploads\/2023\/09\/CONATUS-300x218.webp\" alt=\"\" width=\"440\" height=\"320\" data-id=\"2287728\" srcset=\"https:\/\/puntocritico.com\/ausajpuntocritico\/wp-content\/uploads\/2023\/09\/CONATUS-300x218.webp 300w, https:\/\/puntocritico.com\/ausajpuntocritico\/wp-content\/uploads\/2023\/09\/CONATUS.webp 588w\" sizes=\"auto, (max-width: 440px) 100vw, 440px\" \/><\/p>\n<p>&nbsp;<\/p>\n<h3 style=\"text-align: center;\" align=\"center\"><span style=\"font-size: 18pt; line-height: 107%;\">Afectos, Deseo y Conatus<\/span><\/h3>\n<p style=\"text-align: justify;\"><span style=\"font-size: 14pt;\">Como hemos dicho, <strong>Spinoza<\/strong> piensa que la <strong><em>Extensi\u00f3n<\/em><\/strong> (<em>el cuerpo<\/em>) y el <strong>Pensamiento<\/strong> (<em>la mente<\/em>) est\u00e1n unidos e interdependientes.\u00a0Tratar tu cuerpo con atenci\u00f3n y cuidarlo es fundamental seg\u00fan \u00e9l.\u00a0Esta visi\u00f3n del cuerpo est\u00e1 muy alejada del ascetismo y el desprecio por lo carnal presentes en el pensamiento filos\u00f3fico y religioso de su \u00e9poca.<\/span><\/p>\n<p style=\"text-align: justify;\"><span style=\"font-size: 14pt;\">El <em>dualismo<\/em> que propone <strong>Spinoza<\/strong> no se produce, como <strong>Descartes<\/strong>, entre <em><strong>Extensi\u00f3n<\/strong><\/em> y <em><strong>Pensamiento<\/strong><\/em> sino entre <em><strong>Alegr\u00eda\u00a0<\/strong><\/em>y\u00a0<em><strong>Tristeza<\/strong><\/em>,\u00a0<strong>que<\/strong>\u00a0\u00e9l considera los dos sentimientos\u00a0<strong>fundamentales<\/strong>.<\/span><\/p>\n<p>&nbsp;<\/p>\n<blockquote>\n<p style=\"text-align: center;\"><strong><span style=\"font-size: 14pt; color: #008000;\">Para Spinoza cada organismo se esfuerza por progresar, de forma natural, hacia una mayor perfecci\u00f3n.\u00a0Este esfuerzo, llamado\u00a0<em>Conatus<\/em>\u00a0por Spinoza, es un componente esencial de la vida<\/span><\/strong><\/p>\n<\/blockquote>\n<p>&nbsp;<\/p>\n<p style=\"text-align: justify;\"><span style=\"font-size: 14pt;\">Para <strong>Spinoza<\/strong> cada organismo se esfuerza por progresar, de forma natural, hacia una mayor perfecci\u00f3n.\u00a0Este esfuerzo, llamado\u00a0<strong><em>Conatus<\/em><\/strong>\u00a0por <strong>Spinoza<\/strong>, es un componente esencial de la vida.<\/span><\/p>\n<p style=\"text-align: justify;\"><span style=\"font-size: 14pt;\">En su progresi\u00f3n, cada organismo experimentar\u00e1 tipos de perturbaciones por parte de cuerpos e ideas que provienen del entorno externo.\u00a0Estos <strong><a href=\"https:\/\/puntocritico.com\/ausajpuntocritico\/2022\/06\/03\/el-camino-recto-hacia-la-felicidad-suprema-por-baruch-de-spinoza-2\/\">afectos<\/a> <\/strong>(<em>que surgen todos de la Alegr\u00eda o de la Tristeza<\/em>) pueden ser negativos y hacernos retroceder, o positivos y hacernos crecer.\u00a0Los <em><strong>afectos positivos<\/strong><\/em> aumentan lo que <strong>Spinoza<\/strong> llama\u00a0<strong>potencia<\/strong>.\u00a0Por el contrario, los <strong><em>afectos negativos<\/em> <\/strong>lo reducen.<\/span><\/p>\n<p style=\"text-align: justify;\"><span style=\"font-size: 14pt;\">El afecto de <a href=\"https:\/\/puntocritico.com\/ausajpuntocritico\/2022\/01\/14\/la-sabiduria-del-amor-la-alegria-y-el-placer-por-baruch-de-spinoza-3\/\"><em><strong>Alegr\u00eda<\/strong><\/em><\/a> puede provenir de un evento que vivimos pero tambi\u00e9n de una idea que tenemos sobre \u00e9l.\u00a0Esta idea tendr\u00e1 el efecto de enga\u00f1arnos y crear una alegr\u00eda ef\u00edmera.\u00a0El camino hacia el poder de ser estar\u00eda entonces ligado a la raz\u00f3n y al conocimiento de nosotros mismos, tanto en su lado positivo como en el negativo.<\/span><\/p>\n<p style=\"text-align: justify;\"><span style=\"font-size: 14pt;\">Lo que <strong>Spinoza<\/strong> sugiere aqu\u00ed encaja bastante l\u00f3gicamente en la famosa m\u00e1xima de <strong>S\u00f3crates<\/strong> \u201c<a href=\"https:\/\/puntocritico.com\/ausajpuntocritico\/2023\/09\/14\/conocete-a-ti-mismo-por-rene-guenon\/\"><em><strong>con\u00f3cete a ti mismo<\/strong><\/em><\/a>\u201d.<\/span><\/p>\n<p>&nbsp;<\/p>\n<p><img loading=\"lazy\" decoding=\"async\" class=\"aligncenter wp-image-2287731\" src=\"https:\/\/puntocritico.com\/ausajpuntocritico\/wp-content\/uploads\/2023\/09\/Spinoza-libertad-es-razon-300x148.jpg\" alt=\"\" width=\"400\" height=\"198\" data-id=\"2287731\" srcset=\"https:\/\/puntocritico.com\/ausajpuntocritico\/wp-content\/uploads\/2023\/09\/Spinoza-libertad-es-razon-300x148.jpg 300w, https:\/\/puntocritico.com\/ausajpuntocritico\/wp-content\/uploads\/2023\/09\/Spinoza-libertad-es-razon.jpg 320w\" sizes=\"auto, (max-width: 400px) 100vw, 400px\" \/><\/p>\n<p>&nbsp;<\/p>\n<p style=\"text-align: justify;\"><span style=\"font-size: 14pt;\">El\u00a0<em><strong>conatus<\/strong>,<\/em>\u00a0este esfuerzo por perseverar y crecer en nuestro ser, es el motor de nuestra existencia.\u00a0En el ser humano, el\u00a0<strong><em>conato<\/em><\/strong>\u00a0lo empuja constantemente al <a href=\"https:\/\/puntocritico.com\/ausajpuntocritico\/2023\/09\/08\/acciones-y-pasiones-en-spinoza\/\"><em><strong>deseo<\/strong><\/em><\/a>.\u00a0En el sentido <em>spinozista<\/em>,\u00a0<strong>el <em>deseo<\/em><\/strong>\u00a0no es malo.\u00a0Es una fuerza vital, un poder necesario y la esencia misma del hombre.<\/span><\/p>\n<p>&nbsp;<\/p>\n<blockquote>\n<p style=\"text-align: center;\"><strong><span style=\"font-size: 14pt; color: #008000;\">Nuestra raz\u00f3n debe acompa\u00f1ar, guiar este <em>Deseo<\/em> para que pueda realizarse plenamente.\u00a0Los movimientos asc\u00e9ticos que contribuyen a reprimir o incluso suprimir este <em>Deseo<\/em> s\u00f3lo disminuyen nuestro poder de ser.<\/span><\/strong><\/p>\n<\/blockquote>\n<p>&nbsp;<\/p>\n<p style=\"text-align: justify;\"><span style=\"font-size: 14pt;\">Nuestra raz\u00f3n debe acompa\u00f1ar, guiar este <a href=\"https:\/\/puntocritico.com\/ausajpuntocritico\/2023\/09\/08\/acciones-y-pasiones-en-spinoza\/\"><strong><em>Deseo<\/em><\/strong><\/a> para que pueda realizarse plenamente.\u00a0Los movimientos asc\u00e9ticos que contribuyen a reprimir o incluso suprimir este <a href=\"https:\/\/puntocritico.com\/ausajpuntocritico\/2023\/09\/08\/acciones-y-pasiones-en-spinoza\/\"><strong><em>Deseo<\/em><\/strong> <\/a>s\u00f3lo disminuyen nuestro poder de ser.<\/span><\/p>\n<p style=\"text-align: justify;\"><span style=\"font-size: 14pt;\">En <strong>Spinoza<\/strong>, la raz\u00f3n tiene la funci\u00f3n de guiar nuestros afectos y nuestro <em><strong>Deseo<\/strong><\/em> de <a href=\"https:\/\/puntocritico.com\/ausajpuntocritico\/2023\/09\/15\/republica-libertad-y-democracia-en-spinoza\/\">alcanzar el poder<\/a>.\u00a0Es decir, discernir lo que nos da\u00f1a, los afectos de tristeza, de lo que nos trae <strong><em>Alegr\u00eda<\/em><\/strong>, <em><strong>Deseo<\/strong><\/em>.<\/span><\/p>\n<p style=\"text-align: justify;\"><span style=\"font-size: 14pt;\">La <a href=\"https:\/\/puntocritico.com\/ausajpuntocritico\/2022\/04\/08\/para-que-sirve-la-filosofia\/\">sabidur\u00eda<\/a>, seg\u00fan <strong>Spinoza<\/strong>, es lograr seleccionar los buenos encuentros de la vida y evitar los malos utilizando nuestra raz\u00f3n y nuestro deseo para gobernar nuestras pasiones, nuestros afectos.<\/span><\/p>\n<p style=\"text-align: justify;\"><span style=\"font-size: 14pt;\"><strong>El deseo nos conducir\u00eda hacia el bien. \u201c<a href=\"https:\/\/puntocritico.com\/ausajpuntocritico\/2023\/08\/11\/libertad-y-necesidad-en-spinoza-1-por-jean-paul-margot\/\"><em>Llamamos bien a lo que deseamos<\/em><\/a>.\u00bb<\/strong> (\u00c9tica, parte III). Es el <em><strong>Deseo<\/strong><\/em> el que nos hace apreciar algo bueno. <strong>Spinoza<\/strong> considera que no existe un mal y un bien trascendentes y universales sino un mal y un bien propios de cada individuo. El bien contribuir\u00eda a aumentar la potencia de nuestro ser mientras que el mal provocar\u00eda el efecto contrario. Por tanto, es bastante natural que los seres humanos busquen lo que es bueno para ellos.<\/span><\/p>\n<p>&nbsp;<\/p>\n<blockquote>\n<p style=\"text-align: center;\"><span style=\"font-size: 14pt; color: #008000;\"><strong>El bien contribuir\u00eda a aumentar la potencia de nuestro ser mientras que el mal provocar\u00eda el efecto contrario. Por tanto, es bastante natural que los seres humanos busquen lo que es bueno para ellos<\/strong><\/span><\/p>\n<\/blockquote>\n<p>&nbsp;<\/p>\n<p style=\"text-align: justify;\"><span style=\"font-size: 14pt;\">Esta b\u00fasqueda del bien no es nada sencilla, muchas veces nuestras pasiones nos enga\u00f1an con falsas alegr\u00edas y lo que pens\u00e1bamos que era bueno en realidad no lo es en absoluto.\u00a0<strong>Es nuestra raz\u00f3n la que nos permitir\u00e1 <a href=\"https:\/\/puntocritico.com\/ausajpuntocritico\/2023\/06\/30\/la-recta-conducta-en-la-vida-2\/\">liberarnos<\/a> del mal y de los afectos de la tristeza para guiarnos hacia el bien, la alegr\u00eda y la potencia de ser<\/strong>, cuestionando, cuestionando constantemente nuestros deseos, nuestras pasiones y desechando nuestros prejuicios.<\/span><\/p>\n<p style=\"text-align: justify;\"><span style=\"font-size: 14pt;\"><strong>Para concluir esta introducci\u00f3n a la filosof\u00eda de Spinoza, veremos, en el pr\u00f3ximo art\u00edculo, la concepci\u00f3n <em>spinozista<\/em> de la libertad. Luego discutiremos las diferentes formas en que Spinoza fue retomado posteriormente por fil\u00f3sofos, economistas, matem\u00e1ticos, psic\u00f3logos y muchos otros pensadores.<\/strong><\/span><\/p>\n<figure id=\"attachment_8296\" class=\"wp-caption aligncenter\" style=\"text-align: justify;\" aria-describedby=\"caption-attachment-8296\"><figcaption id=\"caption-attachment-8296\" class=\"wp-caption-text\"><\/figcaption><\/figure>\n<p style=\"text-align: justify;\">\u00a0<\/p>\n<p><a href=\"https:\/\/puntocritico.com\/ausajpuntocritico\/2020\/05\/29\/ibn-arabi-y-spinoza-sobre-dios-y-el-mundo-por-kamal-m-open-journal-of-philosophy\/\"><img loading=\"lazy\" decoding=\"async\" class=\"aligncenter wp-image-26329\" src=\"https:\/\/puntocritico.com\/ausajpuntocritico\/wp-content\/uploads\/2020\/01\/kaballah-y-spinoza-TER-300x209.jpg\" alt=\"\" width=\"440\" height=\"307\" data-id=\"26329\" srcset=\"https:\/\/puntocritico.com\/ausajpuntocritico\/wp-content\/uploads\/2020\/01\/kaballah-y-spinoza-TER-300x209.jpg 300w, https:\/\/puntocritico.com\/ausajpuntocritico\/wp-content\/uploads\/2020\/01\/kaballah-y-spinoza-TER.jpg 565w\" sizes=\"auto, (max-width: 440px) 100vw, 440px\" \/><\/a><\/p>\n<p>&nbsp;<\/p>\n<p style=\"text-align: justify;\"><a href=\"https:\/\/puntocritico.com\/ausajpuntocritico\/2023\/09\/29\/soy-spinozista-parte-ii-la-libertad-en-spinoza-damasio-freud-y-muchos-otros-por-jean-loye-2\/\"><span style=\"font-size: 14pt;\"><strong><span style=\"color: #008000;\">SOY SPINOZISTA (Parte 2): \u00abLa Libertad en Spinoza; Damasio; Freud y muchos otros\u00bb, por Jean Loye<\/span><\/strong><\/span><\/a><\/p>\n<p class=\"entry-title\"><a href=\"https:\/\/puntocritico.com\/ausajpuntocritico\/2023\/10\/06\/soy-spinozista-parte-iii-frederic-lordon-capitalismo-deseo-y-servidumbre-marx-y-spinoza\/\"><strong><span style=\"font-size: 14pt;\">SOY SPINOZISTA (Parte 3): \u00abFr\u00e9d\u00e9ric Lordon: Capitalismo, deseo y servidumbre: Marx y Spinoza\u00bb, por Jean Loye<\/span><\/strong><\/a><\/p>\n<p class=\"mh-meta entry-meta\">\u00a0<\/p>\n<p>&nbsp;<\/p>\n<p><a href=\"https:\/\/puntocritico.com\/ausajpuntocritico\/author\/punto-critico\/\"><img loading=\"lazy\" decoding=\"async\" class=\"aligncenter wp-image-9528\" src=\"https:\/\/puntocritico.com\/ausajpuntocritico\/wp-content\/uploads\/2018\/03\/Mosca_Punto_Cr\u00edtico_40.png\" alt=\"\" width=\"80\" height=\"80\" data-id=\"9528\" \/><\/a><\/p>\n<p>&nbsp;<\/p>\n","protected":false},"excerpt":{"rendered":"<div class=\"mh-excerpt\"><p>&nbsp; SOY SPINOZISTA (Parte 1):\u00a0SPINOZA, VISIONARIO Y FIL\u00d3SOFO DE LA ALEGR\u00cdA Y EL DESEO Por Jean Loye HEConomist, 4 ABRIL 2020 &nbsp; Baruch Spinoza es sin duda uno de los fil\u00f3sofos m\u00e1s influyentes de la <a class=\"mh-excerpt-more\" href=\"https:\/\/puntocritico.com\/ausajpuntocritico\/2023\/09\/22\/soy-spinozista-1\/\" title=\"SOY SPINOZISTA (Parte 1): \u00abSpinoza, visionario y fil\u00f3sofo de la alegr\u00eda y el deseo\u00bb, por Jean Loye\">[&#8230;]<\/a><\/p>\n<\/div>","protected":false},"author":3,"featured_media":2287738,"comment_status":"closed","ping_status":"closed","sticky":false,"template":"","format":"standard","meta":{"_acf_changed":false,"_exactmetrics_skip_tracking":false,"_exactmetrics_sitenote_active":false,"_exactmetrics_sitenote_note":"","_exactmetrics_sitenote_category":0,"footnotes":""},"categories":[8],"tags":[43],"class_list":{"0":"post-2286688","1":"post","2":"type-post","3":"status-publish","4":"format-standard","5":"has-post-thumbnail","7":"category-filosofia","8":"tag-spinoza"},"acf":[],"_links":{"self":[{"href":"https:\/\/puntocritico.com\/ausajpuntocritico\/wp-json\/wp\/v2\/posts\/2286688","targetHints":{"allow":["GET"]}}],"collection":[{"href":"https:\/\/puntocritico.com\/ausajpuntocritico\/wp-json\/wp\/v2\/posts"}],"about":[{"href":"https:\/\/puntocritico.com\/ausajpuntocritico\/wp-json\/wp\/v2\/types\/post"}],"author":[{"embeddable":true,"href":"https:\/\/puntocritico.com\/ausajpuntocritico\/wp-json\/wp\/v2\/users\/3"}],"replies":[{"embeddable":true,"href":"https:\/\/puntocritico.com\/ausajpuntocritico\/wp-json\/wp\/v2\/comments?post=2286688"}],"version-history":[{"count":0,"href":"https:\/\/puntocritico.com\/ausajpuntocritico\/wp-json\/wp\/v2\/posts\/2286688\/revisions"}],"wp:featuredmedia":[{"embeddable":true,"href":"https:\/\/puntocritico.com\/ausajpuntocritico\/wp-json\/wp\/v2\/media\/2287738"}],"wp:attachment":[{"href":"https:\/\/puntocritico.com\/ausajpuntocritico\/wp-json\/wp\/v2\/media?parent=2286688"}],"wp:term":[{"taxonomy":"category","embeddable":true,"href":"https:\/\/puntocritico.com\/ausajpuntocritico\/wp-json\/wp\/v2\/categories?post=2286688"},{"taxonomy":"post_tag","embeddable":true,"href":"https:\/\/puntocritico.com\/ausajpuntocritico\/wp-json\/wp\/v2\/tags?post=2286688"}],"curies":[{"name":"wp","href":"https:\/\/api.w.org\/{rel}","templated":true}]}}