{"id":2286601,"date":"2023-09-20T00:05:29","date_gmt":"2023-09-19T22:05:29","guid":{"rendered":"https:\/\/puntocritico.com\/ausajpuntocritico\/?p=2286601"},"modified":"2023-09-19T19:10:26","modified_gmt":"2023-09-19T17:10:26","slug":"william-godwin-los-iluminados-robert-owen-y-william-thompson-fourier-y-algunos-fourieristas-por-max-nettlau","status":"publish","type":"post","link":"https:\/\/puntocritico.com\/ausajpuntocritico\/2023\/09\/20\/william-godwin-los-iluminados-robert-owen-y-william-thompson-fourier-y-algunos-fourieristas-por-max-nettlau\/","title":{"rendered":"\u00abWilliam Godwin; los iluminados; Robert Owen y William Thompson; Fourier y algunos fourieristas\u00bb, por Max Nettlau"},"content":{"rendered":"<p>&nbsp;<\/p>\n<h2 style=\"text-align: center;\"><span style=\"font-size: 24pt;\">William Godwin; los iluminados; Robert Owen y William Thompson; Fourier y algunos fourieristas<\/span><\/h2>\n<p style=\"text-align: justify;\"><span style=\"font-size: 14pt;\">Por <a href=\"https:\/\/puntocritico.com\/ausajpuntocritico\/2023\/09\/13\/libertad-y-anarquia-max-nettlau\/\">Max Nettlau<\/a><\/span><\/p>\n<figure id=\"attachment_2287530\" aria-describedby=\"caption-attachment-2287530\" style=\"width: 555px\" class=\"wp-caption aligncenter\"><img loading=\"lazy\" decoding=\"async\" class=\"wp-image-2287530\" src=\"https:\/\/puntocritico.com\/ausajpuntocritico\/wp-content\/uploads\/2023\/09\/Mary-Wollstonecraft-y-William-Godwin-300x193.jpg\" alt=\"\" width=\"555\" height=\"357\" data-id=\"2287530\" srcset=\"https:\/\/puntocritico.com\/ausajpuntocritico\/wp-content\/uploads\/2023\/09\/Mary-Wollstonecraft-y-William-Godwin-300x193.jpg 300w, https:\/\/puntocritico.com\/ausajpuntocritico\/wp-content\/uploads\/2023\/09\/Mary-Wollstonecraft-y-William-Godwin-768x494.jpg 768w, https:\/\/puntocritico.com\/ausajpuntocritico\/wp-content\/uploads\/2023\/09\/Mary-Wollstonecraft-y-William-Godwin.jpg 773w\" sizes=\"auto, (max-width: 555px) 100vw, 555px\" \/><figcaption id=\"caption-attachment-2287530\" class=\"wp-caption-text\"><span style=\"color: #008000;\">En 1790 <strong>Mary Wollstonecraft<\/strong> escribi\u00f3 <em>Vindicaci\u00f3n de los derechos del hombre<\/em>, el libro que la convirti\u00f3 en la mujer m\u00e1s c\u00e9lebre del momento en Europa, poco antes de la toma de La Bastilla, y en 1792 public\u00f3<strong> <em>Vindicaci\u00f3n de los derechos de la mujer<\/em><\/strong>, la obra que se convertir\u00eda en el libro fundacional del feminismo. Durante esos a\u00f1os conoci\u00f3 a <strong>William Godwin<\/strong>, su tercer gran amor, su \u00fanico marido y el padre de su segunda hija, <strong>Mary Shelley<\/strong>, la excepcional autora de Frankenstein<\/span><\/figcaption><\/figure>\n<p>&nbsp;<\/p>\n<p style=\"text-align: justify;\"><em><strong><span style=\"font-size: 14pt;\">Una gran revoluci\u00f3n, es el r\u00edo de la evoluci\u00f3n s\u00fabitamente cambiado en torrente, derram\u00e1ndose por cataratas y fuera del control de sus navegantes que se<\/span><span style=\"font-size: 14pt;\"> e<\/span><span style=\"font-size: 14pt;\">xtraviaron<\/span><span style=\"font-size: 14pt;\"> y perecen casi todos y cuya obra es vuelta a emprender m\u00e1s lejos en nuevas condiciones por sus continuadores<\/span><\/strong><\/em><span style=\"font-size: 14pt;\">.<\/span><\/p>\n<figure id=\"attachment_2287557\" aria-describedby=\"caption-attachment-2287557\" style=\"width: 180px\" class=\"wp-caption alignleft\"><a href=\"https:\/\/es.wikipedia.org\/wiki\/%C3%89lis%C3%A9e_Reclus\" target=\"_blank\" rel=\"noopener\" data-schema-attribute=\"\"><img loading=\"lazy\" decoding=\"async\" class=\"wp-image-2287557\" src=\"https:\/\/puntocritico.com\/ausajpuntocritico\/wp-content\/uploads\/2023\/09\/Elisee_Reclus_by_Nadar_retouched-223x300.jpg\" alt=\"\" width=\"180\" height=\"242\" data-id=\"2287557\" srcset=\"https:\/\/puntocritico.com\/ausajpuntocritico\/wp-content\/uploads\/2023\/09\/Elisee_Reclus_by_Nadar_retouched-223x300.jpg 223w, https:\/\/puntocritico.com\/ausajpuntocritico\/wp-content\/uploads\/2023\/09\/Elisee_Reclus_by_Nadar_retouched.jpg 330w\" sizes=\"auto, (max-width: 180px) 100vw, 180px\" \/><\/a><figcaption id=\"caption-attachment-2287557\" class=\"wp-caption-text\"><a href=\"https:\/\/es.wikipedia.org\/wiki\/%C3%89lis%C3%A9e_Reclus\" target=\"_blank\" rel=\"noopener\"><span style=\"color: #008000;\">Eliseo Reclus<\/span><\/a><\/figcaption><\/figure>\n<p style=\"text-align: justify;\"><span style=\"font-size: 14pt;\">Los que quedan en pie durante una parte de la revoluci\u00f3n, perecen tambi\u00e9n o son transformados, de suerte que despu\u00e9s de la tormenta casi nadie tiene una influencia sana y saludable sobre la nueva evoluci\u00f3n. En otros t\u00e9rminos, <strong>como la guerra, la revoluci\u00f3n destruye, consume o cambia a los hombres, los vuelve autoritarios cualquiera que sea su disposici\u00f3n anterior, y los hace poco aptos para defender una causa liberal despu\u00e9s de tales experiencias<\/strong>. <\/span><\/p>\n<p style=\"text-align: justify;\"><span style=\"font-size: 14pt;\">Los que han quedado en las filas, los que han aprendido una nueva ense\u00f1anza por los errores de la autoridad, los que poseen un \u00edmpetu revolucionario de fuerza excepcional, atraviesan las revoluciones inermes \u2014 <strong>Eliseo Reclus,<\/strong> <strong>Louise<\/strong> <strong>Michel<\/strong>, <strong>Bakunin<\/strong>, representan esas tres categor\u00edas\u2014, pero sobre casi todos los otros el <em>autoritarismo<\/em>, que es todav\u00eda inseparable de las grandes conmociones populares, pesa fatalmente. Fue as\u00ed como, <strong>despu\u00e9s de un per\u00edodo inicial de pocos meses, en Francia, en 1789, como en Rusia, en 1917, el autoritarismo tom\u00f3 la hegemon\u00eda<\/strong>, y esos cuarenta y m\u00e1s a\u00f1os antes de 1789, el brillante per\u00edodo de los <em>enciclopedistas<\/em>, de una cr\u00edtica tan liberal y a veces libertaria de todas las ideas e instituciones del pasado, ese siglo de luchas pol\u00edticas y sociales en Rusia hasta 1917, fueron como nulos y no acontecidos ante la lucha m\u00e1s aguda de los intereses y por la toma del Poder, la <strong>dictadura<\/strong>.<\/span><\/p>\n<p>&nbsp;<\/p>\n<blockquote>\n<p style=\"text-align: center;\"><strong><span style=\"font-size: 14pt; color: #008000;\">Fue as\u00ed como, despu\u00e9s de un per\u00edodo inicial de pocos meses, en Francia, en 1789, como en Rusia, en 1917, el autoritarismo tom\u00f3 la hegemon\u00eda, y esos cuarenta y m\u00e1s a\u00f1os antes de 1789, el brillante per\u00edodo de los <em>enciclopedistas<\/em>, de una cr\u00edtica tan liberal y a veces libertaria de todas las ideas e instituciones del pasado, ese siglo de luchas pol\u00edticas y sociales en Rusia hasta 1917, fueron como nulos y no acontecidos ante la lucha m\u00e1s aguda de los intereses y por la toma del Poder, la dictadura<\/span><\/strong><\/p>\n<\/blockquote>\n<p>&nbsp;<\/p>\n<p><img loading=\"lazy\" decoding=\"async\" class=\"aligncenter size-medium wp-image-2287536\" src=\"https:\/\/puntocritico.com\/ausajpuntocritico\/wp-content\/uploads\/2023\/09\/Coaccion-es-debilidad-GODWIN-300x300.jpg\" alt=\"\" width=\"300\" height=\"300\" data-id=\"2287536\" srcset=\"https:\/\/puntocritico.com\/ausajpuntocritico\/wp-content\/uploads\/2023\/09\/Coaccion-es-debilidad-GODWIN-300x300.jpg 300w, https:\/\/puntocritico.com\/ausajpuntocritico\/wp-content\/uploads\/2023\/09\/Coaccion-es-debilidad-GODWIN-150x150.jpg 150w, https:\/\/puntocritico.com\/ausajpuntocritico\/wp-content\/uploads\/2023\/09\/Coaccion-es-debilidad-GODWIN-768x768.jpg 768w, https:\/\/puntocritico.com\/ausajpuntocritico\/wp-content\/uploads\/2023\/09\/Coaccion-es-debilidad-GODWIN.jpg 800w\" sizes=\"auto, (max-width: 300px) 100vw, 300px\" \/><\/p>\n<p>&nbsp;<\/p>\n<p style=\"text-align: justify;\"><span style=\"font-size: 14pt;\">Fen\u00f3meno que no se puede negar ni disminuir, y que <strong>tiene por causa la enorme influencia de la autoridad sobre el esp\u00edritu de los hombres y los inmensos intereses que son puestos en juego cuando el privilegio y el monopolio son amenazados<\/strong>. Es entonces la lucha a muerte y tal lucha en un mundo autoritario se hace con las armas m\u00e1s eficientes. <\/span><\/p>\n<p style=\"text-align: justify;\"><span style=\"font-size: 14pt;\">Hubo en Francia, en 1789, en los primeros meses, cuando los <em>Estados Generales<\/em> se reunieron, y despu\u00e9s del 14 de julio, de la <em>toma de la Bastilla<\/em>, algunas horas, algunos d\u00edas de alegr\u00eda inmensa, de solidaridad generosa, vibrante, y el mundo entero comparti\u00f3 esa alegr\u00eda, pero ya en las mismas horas la contrarrevoluci\u00f3n conspiraba, y hubo la defensa encarnizada con medios abiertos o p\u00e9rfidos todo el tiempo subsiguiente. Por eso los elementos avanzados obtuvieron muy poco despu\u00e9s del<em> 14 de julio<\/em>, gracias al consenso general, el buen sentido, la generosidad; todo se plante\u00f3 mediante jornadas revolucionarias, grandes impulsos populares bien dirigidos por militantes iniciados, y por la dominaci\u00f3n del aparato gubernamental total, intensificado entonces en el interior por <em>la dictadura central de los Comit\u00e9s y local de las secciones<\/em>, y que, despu\u00e9s de haberse impuesto as\u00ed en el interior, tuvo su centro de gravedad en los ej\u00e9rcitos y de ellos sali\u00f3 la dictadura del jefe de uno de esos ej\u00e9rcitos, <strong>Napole\u00f3n Bonaparte<\/strong>; y su <em>golpe de Estado del <a href=\"https:\/\/puntocritico.com\/ausajpuntocritico\/2023\/01\/29\/tecnica-del-golpe-de-estado-de-curzio-malaparte-capitulo-5-bonaparte-o-el-primer-golpe-de-estado-moderno\/\">Brumario<\/a><\/em>, en el VIII, su <em>Consulado<\/em> y su <em>Imperio<\/em>, la dictadura sobre el Continente de Europa. <\/span><\/p>\n<p style=\"text-align: justify;\"><span style=\"font-size: 14pt;\">La <em>aristocracia<\/em> se hab\u00eda convertido pronto en el <em>ej\u00e9rcito blanco<\/em> de los emigrados; los <em>campesinos<\/em>, para ser protegidos contra un retorno del <em>feudalismo<\/em>, se aliaron al Gobierno m\u00e1s autoritario y militarmente poderoso; la <a href=\"https:\/\/puntocritico.com\/ausajpuntocritico\/2023\/01\/04\/la-burocratizacion-del-mundo-por-bruno-rizzi\/\">burocracia<\/a> entre ambos se enriquec\u00eda, aunque fuese a costa del hambre, aunque fuese por medio de las provisiones para las guerras. Los <em>obreros<\/em> y <em>artesanos<\/em> de las ciudades se vieron enga\u00f1ados por todas partes, <strong>reducidos al silencio por los gobiernos de hierro<\/strong>, entregados a una <em>burgues\u00eda<\/em> floreciente y pasto de los ej\u00e9rcitos insaciables en hombres.<\/span><\/p>\n<p>&nbsp;<\/p>\n<blockquote>\n<p style=\"text-align: center;\"><strong><span style=\"font-size: 14pt; color: #008000;\">todos los socialistas se asociaban al gobierno del terror o exig\u00edan que se le llevase adelante, y el gobierno alternativamente acept\u00f3 e incluso solicit\u00f3 ese concurso o hizo guillotinar y destruy\u00f3 a los socialistas demasiado poco disciplinados<\/span><\/strong><\/p>\n<\/blockquote>\n<p>&nbsp;<\/p>\n<p style=\"text-align: justify;\"><span style=\"font-size: 14pt;\">No hay que asombrarse, pues, de ver manifestarse en tales condiciones del <strong>comunismo ultra-autoritario<\/strong> de <strong>Babeuf<\/strong> y <strong>Buonarroti<\/strong>, en 1796, mientras que durante el per\u00edodo m\u00e1s avanzado de la revoluci\u00f3n, de 1792 a 1794, las aspiraciones socialistas se confund\u00edan con las reclamaciones de los grupos populares m\u00e1s radicales, el ambiente de <strong>Jacques Roux<\/strong>, de <strong>Leclerc<\/strong>, de Jean <strong>Varlet,<\/strong> de <strong>Rose Lacombe<\/strong> y otros. Los <em><strong>Enrag\u00e9s<\/strong><\/em>, los <em>hebertistas<\/em> m\u00e1s decididos, <strong>Chaumette<\/strong>, <strong>Momoro<\/strong>, <strong>Anacharsis Cloots<\/strong> tambi\u00e9n, fueron todos hombres abnegados, de <em>acci\u00f3n popular directa<\/em>, <strong>indignados ante la nueva burocracia revolucionaria<\/strong>, todo lo que se quiera como bravos revolucionarios, pero si uno u otro ten\u00edan alg\u00fan h\u00e1bito libertario, no dijeron nada, y <strong>Sylvain<\/strong> <strong>Mar\u00e9chal<\/strong> se call\u00f3 tambi\u00e9n bajo ese aspecto. <strong>Buonarroti<\/strong>, inspir\u00e1ndose sin embargo en el <em>verdadero<\/em> <em>socialismo<\/em> de <strong>Morelly<\/strong> <em>(Code de la Nature, 1755<\/em>), vio en <strong>Robespierre<\/strong> el hombre que iba a imponer la justicia social. Es decir, todos los socialistas se asociaban al gobierno del terror o exig\u00edan que se le llevase adelante, y el gobierno alternativamente acept\u00f3 e incluso solicit\u00f3 ese concurso o hizo guillotinar y destruy\u00f3 a los socialistas demasiado poco disciplinados. <strong>Jacques<\/strong> <strong>Roux<\/strong>, como m\u00e1s tarde <strong>Darth\u00e9<\/strong>, se matan ante el Tribunal; <strong>Varlet<\/strong> y <strong>Babeuf<\/strong> y otros son ejecutados.<\/span><\/p>\n<p>&nbsp;<\/p>\n<p><img loading=\"lazy\" decoding=\"async\" class=\"aligncenter wp-image-2287535\" src=\"https:\/\/puntocritico.com\/ausajpuntocritico\/wp-content\/uploads\/2023\/09\/godwin-nino-adulto-300x163.jpg\" alt=\"\" width=\"550\" height=\"298\" data-id=\"2287535\" srcset=\"https:\/\/puntocritico.com\/ausajpuntocritico\/wp-content\/uploads\/2023\/09\/godwin-nino-adulto-300x163.jpg 300w, https:\/\/puntocritico.com\/ausajpuntocritico\/wp-content\/uploads\/2023\/09\/godwin-nino-adulto-768x416.jpg 768w, https:\/\/puntocritico.com\/ausajpuntocritico\/wp-content\/uploads\/2023\/09\/godwin-nino-adulto.jpg 960w\" sizes=\"auto, (max-width: 550px) 100vw, 550px\" \/><\/p>\n<p>&nbsp;<\/p>\n<p style=\"text-align: justify;\"><span style=\"font-size: 14pt;\"><strong>Las matanzas se extienden a los revolucionarios<\/strong>, que son algunos grados menos avanzados que el matiz que ha tomado las riendas del Poder; se mata a <strong>Danton<\/strong> y a <strong>Camille Desmoulins<\/strong>, como se ha matado ya a los <em><strong>Girondinos<\/strong><\/em>, y <strong>Condorcet<\/strong> no escapa a la guillotina m\u00e1s que suicid\u00e1ndose en su prisi\u00f3n. <strong>Atreverse a dudar de la centralizaci\u00f3n absoluta, ser sospechoso de federalismo, era la muerte<\/strong>. La leyenda nos ha habituado a ver actos heroicos en esos env\u00edos m\u00faltiples de revolucionarios a la guillotina por sus camaradas de la v\u00edspera. Despu\u00e9s de lo que vemos sucederse en Rusia desde m\u00e1s de cincuenta a\u00f1os, no creemos ya en el hero\u00edsmo de hombres que no saben mantenerse m\u00e1s que por la supresi\u00f3n feroz de los que no reconocen su omnipotencia. Es una manera de obrar inherente a todo sistema autoritario y que los <strong>Napole\u00f3n<\/strong> y los <strong>Mussolini<\/strong> han practicado con la misma ferocidad que los <strong>Robespierre<\/strong> y los <strong>Lenin<\/strong>.<\/span><\/p>\n<p>&nbsp;<\/p>\n<blockquote>\n<p style=\"text-align: center;\"><span style=\"color: #008000;\"><strong><span style=\"font-size: 14pt;\">Despu\u00e9s de lo que vemos sucederse en Rusia desde m\u00e1s de cincuenta a\u00f1os, no creemos ya en el hero\u00edsmo de hombres que no saben mantenerse m\u00e1s que por la supresi\u00f3n feroz de los que no reconocen su omnipotencia<\/span><\/strong><\/span><\/p>\n<\/blockquote>\n<p>&nbsp;<\/p>\n<p style=\"text-align: justify;\"><span style=\"font-size: 14pt;\"><strong>La idea libertaria declin\u00f3, pues, en Francia poco despu\u00e9s de 1789, y apenas un m\u00ednimo de liberalismo ultra-moderado y socialmente conservador continu\u00f3 vegetando en algunos hombres<\/strong>, a quienes sus medios permitieron mantenerse al margen de las carreras del Estado, esos hombres a quienes <strong>Napole\u00f3n<\/strong> con desprecio llamaba los ide\u00f3logos, que volvieron a la escena en 1814 para confundirse despu\u00e9s de 1830 con la burgues\u00eda pr\u00f3spera del reino de <strong>Luis<\/strong> <strong>Felipe<\/strong>. En los otros pa\u00edses del continente europeo, la expansi\u00f3n guerrera de la revoluci\u00f3n a partir de 1792, hallaba algunos adeptos entusiastas en Italia, en B\u00e9lgica, Holanda, en Alemania misma (<em>en Mainz<\/em>) en Ginebra, etc.; pero bien pronto esas guerras de liberaci\u00f3n, fundando Rep\u00fablicas de corta vida, fueron consideradas como simples guerras de conquista y el resentimiento nacional se hizo muy grande, en Espa\u00f1a, en Alemania, en Austria, etc., y para casi todos, <strong>Napole\u00f3n, de h\u00e9roe se transform\u00f3 en tirano, cuya ca\u00edda, en 1814 y 1815, fue un alivio general<\/strong>. <\/span><\/p>\n<p style=\"text-align: justify;\"><span style=\"font-size: 14pt;\"><strong>No debo describir aqu\u00ed el bien que ha causado la revoluci\u00f3n francesa; pero como el sistema ruso de ]os \u00faltimos cincuenta a\u00f1os ha hecho poco bien a la causa anarquista presente, as\u00ed se puede decir que ha hecho poco bien la revoluci\u00f3n francesa a la causa libertaria de entonces<\/strong>. <\/span><\/p>\n<p style=\"text-align: justify;\"><strong><span style=\"font-size: 14pt;\">Esta causa en la segunda mitad del siglo XVIII, estaba en ascenso, la autoridad en descr\u00e9dito,\u00a0<\/span><\/strong><span style=\"font-size: 14pt;\"><strong>en decadencia moral<\/strong>, pero las primeras cuestiones de fuerza y de inter\u00e9s de la <em>Asamblea de 1789<\/em>, pusieron frente a frente la antigua y la nueva autoridad, y en lo sucesivo era preciso ser reaccionario o partidario ardiente de la autoridad republicana, consular, imperial y continuar siendo adepto de la autoridad constitucional o republicana desde 1789 a este d\u00eda, un <em>autoritarismo<\/em> que una <em>dictadura sindicalista<\/em> no podr\u00eda menos de continuar. <\/span><\/p>\n<p style=\"text-align: justify;\"><span style=\"font-size: 14pt;\"><strong>La Anarqu\u00eda deb\u00eda volver a comenzar de nuevo hacia 1840, con Proudhon, y luego, otra vez, cuarenta a\u00f1os m\u00e1s tarde, hacia 1880. La libertad en 1789 perdi\u00f3, pues, su iniciativa en Francia y en todas partes en Europa, lo que fue una gran interrupci\u00f3n de una bella floraci\u00f3n apenas comenzada<\/strong>. Lo que se fund\u00f3 entonces, mezcla de libertad y de autoridad, el <em>sistema mayoritario constitucional o republicano<\/em>, era un cuadro sin vida propia, lleno en los bellos d\u00edas de liberales, en los tiempos malos de conservadores, y no siendo capaz de resistir al asalto de la franca reacci\u00f3n de nuestros d\u00edas, un cuadro lleno de individuos que desde 1789 hasta ahora parecen ser de calidad cada vez peor y que no inspiran ya ninguna simpat\u00eda ni crean ilusiones. <strong>El estatismo en ruinas del antiguo sistema fue reemplazado por el estatismo severo y meticuloso, el antiguo militarismo por el militarismo de los ej\u00e9rcitos populares, del servicio obligatorio<\/strong>. En pensamiento, en literatura y en arte se exaltaba el Estado, la patria, de lo que en el antiguo sistema se hab\u00eda hecho en m\u00e1s de cincuenta a\u00f1os una cr\u00edtica a fondo: <strong>La irreligi\u00f3n de esos a\u00f1os no fue ya de buen tono; la autoridad es siempre religiosa y en caso de necesidad hace un culto de s\u00ed misma<\/strong>; la escuela es un instrumento a su disposici\u00f3n, la Prensa, el cuartel otros tantos.<\/span><\/p>\n<p>&nbsp;<\/p>\n<blockquote>\n<p style=\"text-align: center;\"><strong><span style=\"font-size: 14pt; color: #008000;\">Lo que se fund\u00f3 entonces, mezcla de libertad y de autoridad, el <em>sistema mayoritario constitucional o republicano<\/em>, era un cuadro sin vida propia, lleno en los bellos d\u00edas de liberales, en los tiempos malos de conservadores, y no siendo capaz de resistir al asalto de la franca reacci\u00f3n de nuestros d\u00edas, un cuadro lleno de individuos que desde 1789 hasta ahora parecen ser de calidad cada vez peor y que no inspiran ya ninguna simpat\u00eda ni crean ilusiones<\/span><\/strong><\/p>\n<\/blockquote>\n<p>&nbsp;<\/p>\n<p><img loading=\"lazy\" decoding=\"async\" class=\"aligncenter wp-image-2287534\" src=\"https:\/\/puntocritico.com\/ausajpuntocritico\/wp-content\/uploads\/2023\/09\/ninos-sinceros-william-godwin-300x148.jpg\" alt=\"\" width=\"480\" height=\"237\" data-id=\"2287534\" srcset=\"https:\/\/puntocritico.com\/ausajpuntocritico\/wp-content\/uploads\/2023\/09\/ninos-sinceros-william-godwin-300x148.jpg 300w, https:\/\/puntocritico.com\/ausajpuntocritico\/wp-content\/uploads\/2023\/09\/ninos-sinceros-william-godwin.jpg 736w\" sizes=\"auto, (max-width: 480px) 100vw, 480px\" \/><\/p>\n<p>&nbsp;<\/p>\n<p style=\"text-align: justify;\"><span style=\"font-size: 14pt;\"><strong>As\u00ed todo ese per\u00edodo, de 1789 a 1815, es est\u00e9ril en producciones del pensamiento<\/strong> y s\u00f3lo florecen grandes obras, \u00fatiles a la vida del Estado en grandes proporciones, construcciones, caminos, todo lo que se relaciona con la administraci\u00f3n, con los ej\u00e9rcitos, con las comunicaciones en gran estilo, y unificaciones como el g\u00e9nero m\u00e9trico decimal. <\/span><\/p>\n<p style=\"text-align: justify;\"><span style=\"font-size: 14pt;\"><strong>S\u00f3lo en Inglaterra apareci\u00f3 en febrero de 1793, el primer gran libro libertario, An Enquiry concerning Political Justice <img loading=\"lazy\" decoding=\"async\" class=\"size-medium wp-image-2287648 alignleft\" src=\"https:\/\/puntocritico.com\/ausajpuntocritico\/wp-content\/uploads\/2023\/09\/Political-Justice-libro-Godwin-199x300.jpg\" alt=\"\" width=\"199\" height=\"300\" data-id=\"2287648\" srcset=\"https:\/\/puntocritico.com\/ausajpuntocritico\/wp-content\/uploads\/2023\/09\/Political-Justice-libro-Godwin-199x300.jpg 199w, https:\/\/puntocritico.com\/ausajpuntocritico\/wp-content\/uploads\/2023\/09\/Political-Justice-libro-Godwin-681x1024.jpg 681w, https:\/\/puntocritico.com\/ausajpuntocritico\/wp-content\/uploads\/2023\/09\/Political-Justice-libro-Godwin-768x1155.jpg 768w, https:\/\/puntocritico.com\/ausajpuntocritico\/wp-content\/uploads\/2023\/09\/Political-Justice-libro-Godwin.jpg 851w\" sizes=\"auto, (max-width: 199px) 100vw, 199px\" \/>and its influence on general virtue and happiness (<em>en la segunda edici\u00f3n dice el t\u00edtulo: on morals and happiness<\/em>), es decir Una investigaci\u00f3n sobre la Justicia en pol\u00edtica y sobre su influencia en la virtud general (<em>la moral<\/em>) y en la dicha<\/strong>. (<em>Un libro en 2 vol\u00famenes, de 378 y 379 p\u00e1ginas. La segunda edici\u00f3n, 464 y, 545 p\u00e1ginas \u2014 prefacio del 29 de octubre de 1795\u2014, es retocada en sus partes m\u00e1s\u00a0<\/em><\/span><span style=\"font-size: 14pt;\"><em>importantes \u2014 1796 \u2014. La tercera es de 1798 y la \u00faltima reimpresi\u00f3n antigua, no del todo completa, apareci\u00f3 en 1842 en Londres<\/em>). Hubo ediciones fraudulentas en Dublin, 1793, y en Filadelfia, esta \u00faltima en 1796; 362 y 400 p\u00e1ginas; reproducen sin duda el texto de la segunda edici\u00f3n. S\u00f3lo el primer volumen existe en traducci\u00f3n alemana (W\u00fcrzburg, 1803). <a href=\"https:\/\/puntocritico.com\/ausajpuntocritico\/2022\/09\/19\/discurso-sobre-la-libertad-de-los-antiguos-comparada-con-la-de-los-modernos-por-benjamin-constant\/\"><strong>Benjam\u00edn Constant<\/strong> <\/a>habla en 1817 de varios comienzos de una traducci\u00f3n francesa, entre otras, una de \u00e9l mismo, pero nada hab\u00eda aparecido entonces, ni apareci\u00f3 despu\u00e9s. <strong>El libro no fue pues generalmente accesible m\u00e1s que en lengua inglesa<\/strong>, y en ella en texto no atenuado s\u00f3lo en la edici\u00f3n original, muy cara (<em>3 guineas<\/em>) y en la edici\u00f3n fraudulenta irlandesa que parece ser muy rara, mientras que la edici\u00f3n original, que entr\u00f3 en todas las buenas bibliotecas, se ha conservado duraderamente. <\/span><\/p>\n<p style=\"text-align: justify;\"><span style=\"font-size: 14pt;\"><strong>William Godwin<\/strong> (1756-1836) ha indicado \u00e9l mismo (<em>prefacio del 7 de enero de 1794<\/em>) que hacia 1781 se convenci\u00f3, por los escritos pol\u00edticos de <a href=\"https:\/\/puntocritico.com\/ausajpuntocritico\/2022\/05\/04\/el-arte-de-la-mentira-politica-por-jonathan-swift-parte-i-2\/\"><strong>Jonathan Swift<\/strong><\/a> y los historiadores romanos, que la monarqu\u00eda era una forma de gobierno fundamentalmente corrompida. Hacia ese tiempo, aproximadamente, ley\u00f3 el <em>Systeme de la Nature<\/em> de <strong>d&#8217;Holbach<\/strong> (1770) y escritos de <a href=\"https:\/\/puntocritico.com\/ausajpuntocritico\/2019\/03\/05\/j-j-rousseau-notas-al-discurso-sobre-el-origen-de-la-desigualdad-entre-los-hombres-1754-parte-i\/\"><strong>Rousseau<\/strong><\/a> y de <strong>Helvetis<\/strong>. Concibi\u00f3 una parte de las ideas de su libro desde hac\u00eda mucho, pero no hab\u00eda (<em>escribe<\/em>) llegado completamente a la deseabilidad de un gobierno que ser\u00eda simple en el m\u00e1s alto grado \u2014una manera de describir su ideal anarquista\u2014 m\u00e1s que gracias a ideas sugeridas por la <em>revoluci\u00f3n francesa<\/em>. A ese acontecimiento debe tambi\u00e9n la determinaci\u00f3n de producir esa obra.<strong> El libro fue compuesto, pues, entre 1789 y 1792<\/strong> y en una \u00e9poca en que la opini\u00f3n p\u00fablica inglesa no estaba a\u00fan azuzada odiosamente contra la revoluci\u00f3n en Francia, lo que se hizo ya cuando el libro apareci\u00f3; y se sabe que <strong>s\u00f3lo su precio elevado le hizo eximir de una confiscaci\u00f3n y acusaci\u00f3n<\/strong>, por ser obra evidentemente no destinada a la propaganda popular.<\/span><\/p>\n<p>&nbsp;<\/p>\n<p><img loading=\"lazy\" decoding=\"async\" class=\"aligncenter wp-image-2287538\" src=\"https:\/\/puntocritico.com\/ausajpuntocritico\/wp-content\/uploads\/2023\/09\/Estudioso-inteligente-GODWIN-300x300.jpg\" alt=\"\" width=\"330\" height=\"330\" data-id=\"2287538\" srcset=\"https:\/\/puntocritico.com\/ausajpuntocritico\/wp-content\/uploads\/2023\/09\/Estudioso-inteligente-GODWIN-300x300.jpg 300w, https:\/\/puntocritico.com\/ausajpuntocritico\/wp-content\/uploads\/2023\/09\/Estudioso-inteligente-GODWIN-150x150.jpg 150w, https:\/\/puntocritico.com\/ausajpuntocritico\/wp-content\/uploads\/2023\/09\/Estudioso-inteligente-GODWIN-768x768.jpg 768w, https:\/\/puntocritico.com\/ausajpuntocritico\/wp-content\/uploads\/2023\/09\/Estudioso-inteligente-GODWIN.jpg 800w\" sizes=\"auto, (max-width: 330px) 100vw, 330px\" \/><\/p>\n<p>&nbsp;<\/p>\n<p style=\"text-align: justify;\"><span style=\"font-size: 14pt;\"><strong>Godwin<\/strong> considera el estado moral de los individuos y el papel de los gobiernos, y su conclusi\u00f3n es que la influencia de los gobiernos sobre los hombres es, y no puede menos de ser, delet\u00e9rea, desastrosa &#8230; \u00bfNo puede ser el caso \u2014dice en su modo prudente, pero de razonamiento denso-\u2014 que los grandes males morales que existen, las calamidades que nos oprimen tan lamentablemente, se refieran a sus defectos (los del gobierno) como a su fuente, y que su supresi\u00f3n no puede ser esperada m\u00e1s que de su enmienda (<em>del gobierno<\/em>)? \u00bfNo se podr\u00eda hallar que la tentativa de cambiar la moral de\u00a0<\/span><span style=\"font-size: 14pt;\">los hombres individualmente y en detalle es una empresa err\u00f3nea y f\u00fatil, y que no se har\u00e1 efectiva y decididamente m\u00e1s que cuando, por la regeneraci\u00f3n de las instituciones pol\u00edticas, hayamos cambiado sus motivos y producido un cambio en las influencias que obran sobre ellos? (Vol. I, p\u00e1g. 5; 2a ed.). <strong>Godwin<\/strong> se propone, pues, probar en qu\u00e9 grado el gubernamentalismo hace desgraciados a los hombres y perjudica su desarrollo moral y se esfuerza por establecer las condiciones de political justice, de un estado de justicia social que ser\u00eda el m\u00e1s apto para hacer a los hombres sociales (<em>morales<\/em>) y dichosos. Los resultados, que no resumo aqu\u00ed, son tales y cuales condiciones en propiedad, vida p\u00fablica, etc., que permiten al individuo la mayor libertad; accesibilidad a los medios de existencia, grado de sociabilidad y de individualizaci\u00f3n que le conviene, etc., el todo voluntariamente, inmediatamente, sino de un modo gradual, por la educaci\u00f3n, el razonamiento, la discusi\u00f3n y la persuasi\u00f3n, y ciertamente no por medidas autoritarias de arriba abajo. Es ese camino el que quer\u00eda trazar a las revoluciones que se preparan en el g\u00e9nero humano. El libro fue enviado por \u00e9l a la <em>Convenci\u00f3n nacional de Francia<\/em>, de la que pas\u00f3 este ejemplar al refugiado alem\u00e1n profesor <strong>Georg Forster<\/strong>, que lo ley\u00f3 con entusiasmo, pero muri\u00f3 algunos meses despu\u00e9s.<\/span><\/p>\n<p>&nbsp;<\/p>\n<p><img loading=\"lazy\" decoding=\"async\" class=\"aligncenter size-medium wp-image-2287539\" src=\"https:\/\/puntocritico.com\/ausajpuntocritico\/wp-content\/uploads\/2023\/09\/Procesos-son-graduales-GODWIN-300x300.jpg\" alt=\"\" width=\"300\" height=\"300\" data-id=\"2287539\" srcset=\"https:\/\/puntocritico.com\/ausajpuntocritico\/wp-content\/uploads\/2023\/09\/Procesos-son-graduales-GODWIN-300x300.jpg 300w, https:\/\/puntocritico.com\/ausajpuntocritico\/wp-content\/uploads\/2023\/09\/Procesos-son-graduales-GODWIN-150x150.jpg 150w, https:\/\/puntocritico.com\/ausajpuntocritico\/wp-content\/uploads\/2023\/09\/Procesos-son-graduales-GODWIN-768x768.jpg 768w, https:\/\/puntocritico.com\/ausajpuntocritico\/wp-content\/uploads\/2023\/09\/Procesos-son-graduales-GODWIN.jpg 800w\" sizes=\"auto, (max-width: 300px) 100vw, 300px\" \/><\/p>\n<p>&nbsp;<\/p>\n<p style=\"text-align: justify;\"><span style=\"font-size: 14pt;\">Todav\u00eda hoy por la lectura de <strong>Political Justice<\/strong> se siente uno templado en el <em>antigubernamentalismo<\/em> m\u00e1s l\u00f3gicamente demostrado, pues el gubernamentalismo es disecado hasta la \u00faltima fibra. El libro fue durante cincuenta a\u00f1os y m\u00e1s un libro de verdadero estudio de los radicales y de muchos socialistas ingleses, y el socialismo ingl\u00e9s le debe su larga independencia del estatismo. Es la influencia de las ideas de <strong>Mazzini<\/strong>, del burguesismo del profesor <strong>Huxley<\/strong>, las ambiciones electorales y el profesionalismo de los jefes tradicionalistas, quienes hicieron debilitar hacia mediados del siglo XIX las ense\u00f1anzas de <strong>Godwin<\/strong>. Pero \u00e9ste hab\u00eda florecido tambi\u00e9n en la poes\u00eda, puesto que el libro fascin\u00f3 al joven <strong>Percy Bysshe Shelley<\/strong> y habla a nosotros a trav\u00e9s de esos bellos versos. En cambio a <strong>Godwin<\/strong> mismo, su carrera fue quebrantada por ese libro, ya que, aun cuando no hubo confiscaci\u00f3n y proceso, la propaganda nacionalista, antisocialista de entonces y durante muchos a\u00f1os, llamada anti-jacobina, se refiri\u00f3 odiosamente a \u00e9l y a sus ideas tan claramente antirreligiosas, antimatrimolliales, etc., que \u00e9l, tenaz en sus ideas, pero no un car\u00e1cter fuerte y de primer valor, atenu\u00f3 ya en la segunda edici\u00f3n y se guard\u00f3 bien\u00a0<\/span><span style=\"font-size: 14pt;\">de dar a sus otros libros las cualidades de verdadera independencia intr\u00e9pida que posee <strong>Political Justice<\/strong> de <strong>1793<\/strong>. En una palabra, fue intimidado y no recogi\u00f3 m\u00e1s el guante, sin que por eso haya tenido un repudio flagrante. Eso ha contribuido probablemente a que no haya habido propaganda popular directa de sus ideas tan libertarias. Pero otra raz\u00f3n habr\u00e1 sido que los hombres del pueblo en Inglaterra, cruelmente perseguidos por los tribunales, fueron atra\u00eddos por la pol\u00edtica terrorista, el socialismo autoritario que emanaban de la <em>Francia de la Convenci\u00f3n<\/em> y de <strong>Babeuf<\/strong>; la miseria del trabajo en las nuevas f\u00e1bricas, la caza abierta contra las coaliciones obreras, la insolencia de los gobernantes aristocr\u00e1ticos, todo eso les impuls\u00f3 por la v\u00eda autoritaria y les alej\u00f3 del razonamiento libertario que no pod\u00edan menos que prevenirlos contra el reemplazo de la autoridad de los unos por la autoridad de los otros. Godwin conoce las cr\u00edticas de la propiedad desde <strong>Plat\u00f3n<\/strong> a <strong>Mably<\/strong> y se refiere particularmente a un libro de <strong>Robert Wallace<\/strong> (<em>Various Prospets of Mankind, Nature and providence, 1761<\/em>) y a un <em>Essay on the Right of Property in Land<\/em>, publicado una docena de a\u00f1os antes de su libro, por un habitante ingenioso de <em>North Britain<\/em>; \u00bfes el libro de <strong>William Ogilvie<\/strong>, de <em>Pittensear<\/em>, 1782, reimpreso en Londres en 1891, <em><strong>Birthright in Land<\/strong><\/em>? <\/span><\/p>\n<p>&nbsp;<\/p>\n<figure id=\"attachment_2287695\" aria-describedby=\"caption-attachment-2287695\" style=\"width: 678px\" class=\"wp-caption aligncenter\"><a href=\"https:\/\/portalguarani.com\/museos.php?pormustytr=MTE3\" target=\"_blank\" rel=\"noopener\" data-schema-attribute=\"\"><img loading=\"lazy\" decoding=\"async\" class=\"wp-image-2287695 size-mh-magazine-content\" src=\"https:\/\/puntocritico.com\/ausajpuntocritico\/wp-content\/uploads\/2023\/09\/Mapa-misiones-de-la-compania-de-jesus-gentileza-gustavo-laterza-portalguarani-678x381.jpg\" alt=\"\" width=\"678\" height=\"381\" data-id=\"2287695\" \/><\/a><figcaption id=\"caption-attachment-2287695\" class=\"wp-caption-text\"><span style=\"color: #008000;\">Mapa de las misiones de la Compa\u00f1\u00eda de Jes\u00fas en Paraguay (portalguarani)<\/span><\/figcaption><\/figure>\n<p>&nbsp;<\/p>\n<p style=\"text-align: justify;\"><span style=\"font-size: 14pt;\">Exist\u00eda tambi\u00e9n entonces la agitaci\u00f3n netamente socialista de <strong>Thomas Spence<\/strong>, que comenz\u00f3 en 1775 a proponer sus ideas. Pero no hab\u00eda teor\u00eda socialista autoritaria ante el p\u00fablico o bien <strong>Godwin<\/strong> la hubiera examinado. Se contenta con decir que esos sistemas de <strong>Plat\u00f3n<\/strong> y otros est\u00e1n llenos de imperfecciones y concluye en el valor de la argumentaci\u00f3n contra la propiedad, pues dej\u00f3 su huella a pesar de la imperfecci\u00f3n de los sistemas. Dice tambi\u00e9n las grandes autoridades pr\u00e1cticas son la Creta (<em>Minos<\/em>); la Esparta (<em>Licurgo<\/em>), el Per\u00fa (<em>Ios Incas<\/em>) y el Paraguay (<em>las Misiones de los Jesuitas<\/em>) (II, p\u00e1gina 542, nota).<\/span><\/p>\n<p style=\"text-align: justify;\"><span style=\"font-size: 14pt;\">Una docena de a\u00f1os antes del libro de <strong>Godwin<\/strong> fue redactada por el profesor <strong>Adam Weishaupt<\/strong> la <em>Anrede an die neu aufzunehmenden<\/em>. (<em><strong>Iluminados dirigentes<\/strong><\/em>), una alocuci\u00f3n que deber\u00eda ser le\u00edda en la recepci\u00f3n en ese grado de la <em><strong>sociedad secreta de los Iluminado<\/strong><\/em>s, fundada entonces en Baviera y difundida en todos los pa\u00edses de lengua alemana. A partir de 1784 hubo persecuciones y ese texto fue confiscado con muchos otros documentos y hecho p\u00fablico por orden gubernamental b\u00e1vara en 1787 (<em>Nachtragvan weiteren Originalschriften, welche die llluminatensekte betrefen, M\u00fcnchen, 1787, vol. II, p\u00e1gs. 44-121<\/em>).<\/span><\/p>\n<p style=\"text-align: justify;\"><span style=\"font-size: 14pt;\"><strong>En ese discurso el autor parte del estado de vida sin coacci\u00f3n de los hombres primitivos<\/strong>; muestra con el aumento de la poblaci\u00f3n su coordinaci\u00f3n en sociedades, primero para fines \u00fatiles y tutelares, despu\u00e9s su degeneraci\u00f3n en reinos, en Estados y el sometimiento del g\u00e9nero <img loading=\"lazy\" decoding=\"async\" class=\"alignright wp-image-2287545\" src=\"https:\/\/puntocritico.com\/ausajpuntocritico\/wp-content\/uploads\/2023\/09\/Rite-of-the-revolution-libro-Adam-Weishaupt-197x300.jpg\" alt=\"\" width=\"220\" height=\"335\" data-id=\"2287545\" srcset=\"https:\/\/puntocritico.com\/ausajpuntocritico\/wp-content\/uploads\/2023\/09\/Rite-of-the-revolution-libro-Adam-Weishaupt-197x300.jpg 197w, https:\/\/puntocritico.com\/ausajpuntocritico\/wp-content\/uploads\/2023\/09\/Rite-of-the-revolution-libro-Adam-Weishaupt.jpg 656w\" sizes=\"auto, (max-width: 220px) 100vw, 220px\" \/>humano -descripci\u00f3n razonada y gr\u00e1fica (&#8230; <em>el nacionalismo ocup\u00f3 el lugar del amor al pr\u00f3jimo<\/em> &#8230;)- y concluye en una evoluci\u00f3n que har\u00e1 entrar a los hombres en relaciones mutuas m\u00e1s razonables que las de los Estados &#8230; La naturaleza ha arrancado a la especie humana del salvajismo y la ha asociado en Estados; de los Estados entramos en otra etapa nueva m\u00e1s sensatamente elegida.\u00a0<\/span><\/p>\n<p style=\"text-align: justify;\"><span style=\"font-size: 14pt;\">Para nuestros deseos se forman nuevas alianzas, y por estas llegamos otra vez al lugar de donde hemos partido (<em>es decir a la vida libre, pero en una esfera superior a la primitividad<\/em>), p\u00e1g. 61.\u00a0<\/span><span style=\"font-size: 14pt;\">Los Estados, etapa pasajera, fuente de todo mal, est\u00e1n, pues, condenados a desaparecer y los hombres se agrupar\u00e1n razonablemente. <\/span><\/p>\n<p style=\"text-align: justify;\"><span style=\"font-size: 14pt;\">Es <em>in nuce<\/em> lo que <strong>Godwin<\/strong> demuestra y los procedimientos para llegar a la desaparici\u00f3n de los Estados son en el fondo los mismos, la ense\u00f1anza inteligente, la persuasi\u00f3n, pero se agrega la acci\u00f3n secreta no descrita en esta alocuci\u00f3n, pero descrita o sustentada en otros documentos de la <em>sociedad secreta<\/em>. <\/span><\/p>\n<p style=\"text-align: justify;\"><span style=\"font-size: 14pt;\"><strong>Weishaupt<\/strong> escribe al respecto: <\/span><\/p>\n<blockquote>\n<p style=\"text-align: justify;\"><span style=\"font-size: 14pt; color: #008000;\"><strong><em>\u00abEsos medios son escuelas secretas del saber, estas fueron en todo tiempo los archivos de la naturaleza y de los derechos humanos, por ellas se elevar\u00e1 el hombre de su ca\u00edda y los Estados nacionales desaparecer\u00e1n de la tierra sin violencia, la especie humana llegar\u00e1 un d\u00eda a ser una familia y el mundo la residencia de hombres m\u00e1s razonables. La moral solamente producir\u00e1 esas modificaciones inadvertidamente. Todo padre de familia llegar\u00e1 a ser, como antes Abraham y los patriarcas, el sacerdote y el se\u00f1or ilimitado de su familia y la raz\u00f3n el \u00fanico C\u00f3digo de los seres humanos\u00bb <\/em>(p\u00e1g. 80-81).<\/strong> <\/span><\/p>\n<\/blockquote>\n<p style=\"text-align: justify;\"><span style=\"font-size: 14pt;\">Hecha deducci\u00f3n del estilo antiguo y de las referencias a tradiciones religiosas propias de la mayor\u00eda de las sociedades secretas antiguas y que serv\u00edan tambi\u00e9n para su protecci\u00f3n, el razonamiento de <strong>Waishaupt<\/strong> es tan conclusivo para la condena de todo estatismo como el de <strong>Godwin<\/strong>, y sus procedimientos de persuasi\u00f3n y de acci\u00f3n son los de <strong>Bakunin<\/strong> con su <em>Fraternit\u00e9 internationale<\/em> y la <em>Alliance<\/em> en el seno de los grandes movimientos socialistas p\u00fablicos. <\/span><\/p>\n<p style=\"text-align: justify;\"><span style=\"font-size: 14pt;\">Importa poco que <strong>Weishaupt<\/strong> no fuese un hombre de gran valor personal, y <strong>Godwin<\/strong> no lo fue tampoco. pero uno y otro han construido sobre el mismo fondo la <em>cr\u00edtica antiestatista del siglo XVIII<\/em>, han conocido aproximadamente\u00a0<\/span><span style=\"font-size: 14pt;\">los mismos libros avanzados de este siglo, han podido hacer el mismo estudio del pensamiento avanzado griego y romano y han llegado a las mismas conclusiones. Tampoco <strong>Weishaupt<\/strong> ve\u00eda un socialismo autoritario, un Estado socialista que har\u00eda a todos felices, y <strong>conclu\u00eda en la eliminaci\u00f3n de los Estados que, por la divisi\u00f3n de los hombres en patriotas enemigos, han sembrado el fratricidio entre los hombres, lo mantienen y lo intensifican, y no pueden hacer nada bueno, puesto que su esencia misma es el mal<\/strong>.<\/span><\/p>\n<p>&nbsp;<\/p>\n<figure id=\"attachment_2287543\" aria-describedby=\"caption-attachment-2287543\" style=\"width: 300px\" class=\"wp-caption aligncenter\"><img loading=\"lazy\" decoding=\"async\" class=\"size-medium wp-image-2287543\" src=\"https:\/\/puntocritico.com\/ausajpuntocritico\/wp-content\/uploads\/2023\/09\/Johan-Adam-Weishaupt-300x300.jpg\" alt=\"\" width=\"300\" height=\"300\" data-id=\"2287543\" srcset=\"https:\/\/puntocritico.com\/ausajpuntocritico\/wp-content\/uploads\/2023\/09\/Johan-Adam-Weishaupt-300x300.jpg 300w, https:\/\/puntocritico.com\/ausajpuntocritico\/wp-content\/uploads\/2023\/09\/Johan-Adam-Weishaupt-150x150.jpg 150w, https:\/\/puntocritico.com\/ausajpuntocritico\/wp-content\/uploads\/2023\/09\/Johan-Adam-Weishaupt-768x768.jpg 768w, https:\/\/puntocritico.com\/ausajpuntocritico\/wp-content\/uploads\/2023\/09\/Johan-Adam-Weishaupt.jpg 794w\" sizes=\"auto, (max-width: 300px) 100vw, 300px\" \/><figcaption id=\"caption-attachment-2287543\" class=\"wp-caption-text\"><span style=\"color: #008000;\">Johann Adam Weishaupt<\/span><\/figcaption><\/figure>\n<p>&nbsp;<\/p>\n<p style=\"text-align: justify;\"><span style=\"font-size: 14pt;\"><strong>La Revoluci\u00f3n francesa ha cambiado profundamente tambi\u00e9n las sociedades secretas<\/strong>. He tratado en otras ocasiones, por documentos de los archivos y por fuentes impresas a veces muy ocultas, en otros casos muy f\u00e1ciles de hallar, de ir hasta el fino fondo de esas sociedades entre el per\u00edodo de <strong>Babeuf<\/strong> y <strong>Buonarroti<\/strong> y el de <strong>Mazzini<\/strong>. En el fondo de una de las m\u00e1s renombradas he hallado un <em>Credo igualitario<\/em> (<em>babeuvista<\/em>) en lat\u00edn; en el fondo de otra hall\u00e9 la liberaci\u00f3n por la iniciativa y la supremac\u00eda de Francia, casi una repetici\u00f3n de las guerras de la <em>Revoluci\u00f3n francesa<\/em>; en el fondo de la <em>Joven Europa<\/em> est\u00e1 la creaci\u00f3n de los <em>Estados nacionales<\/em>. M\u00e1s tarde, en <strong>1848<\/strong>, trata as\u00ed de ayudar a la fundaci\u00f3n de<\/span><\/p>\n<figure id=\"attachment_2287544\" aria-describedby=\"caption-attachment-2287544\" style=\"width: 300px\" class=\"wp-caption alignleft\"><img loading=\"lazy\" decoding=\"async\" class=\"size-full wp-image-2287544\" src=\"https:\/\/puntocritico.com\/ausajpuntocritico\/wp-content\/uploads\/2023\/09\/Adam-Weishaupt-1.jpg\" alt=\"\" width=\"300\" height=\"168\" data-id=\"2287544\" \/><figcaption id=\"caption-attachment-2287544\" class=\"wp-caption-text\"><span style=\"color: #008000;\">Johann Adam Weishaupt<\/span><\/figcaption><\/figure>\n<p style=\"text-align: justify;\"><span style=\"font-size: 14pt;\">los organismos nacionales eslavos y a su federaci\u00f3n. No es m\u00e1s que despu\u00e9s del invierno de 1863-64 que el mismo <strong>Bakunin<\/strong> se pone a reunir secretamente elementos para la destrucci\u00f3n de los Estados y la reconstrucci\u00f3n libre de la sociedad. Hubo, pues, setenta u ochenta a\u00f1os de torbellino autoritario entre <strong>Godwin<\/strong> (1792) y <strong>Weishaupt<\/strong> (hacia 1782) y el federalismo de <strong>Proudhon<\/strong>, <strong><a href=\"https:\/\/puntocritico.com\/ausajpuntocritico\/2023\/09\/06\/el-eco-de-la-revolucion-pi-y-margall\/\">Pi y Margall<\/a><\/strong>, <strong>Pisacane<\/strong> y <strong>Bakunin<\/strong>. <\/span><\/p>\n<p style=\"text-align: justify;\"><span style=\"font-size: 14pt;\"><strong>El socialismo autoritario de las m\u00faltiples utop\u00edas<\/strong> y, a partir del siglo XVIII, tambi\u00e9n de libros razonados (<em>Morelly, Mitbly, Charles Hall, etc<\/em>. ) que descuidan la libertad, fue siempre una proyecci\u00f3n de un ambiente presente a una sugesti\u00f3n, un consejo, a veces una adulaci\u00f3n hacia un poder reinante. Las imaginaciones de <a href=\"https:\/\/puntocritico.com\/ausajpuntocritico\/2023\/01\/16\/utopia-por-tomas-moro-parte-1\/\"><strong>Thomas Morus<\/strong><\/a>, <strong>Campanella<\/strong>, <a href=\"https:\/\/puntocritico.com\/ausajpuntocritico\/2018\/07\/11\/errores-y-prejuicios-por-francis-bacon-y-mi-vision-del-mundo-por-albert-einstein\/\"><strong>Bacon<\/strong><\/a>, <strong>Harrington<\/strong> proceden de su ambiente, sus planes, sus personalidades. A algunos Reyes se les sugiri\u00f3 una utop\u00eda que har\u00eda a sus s\u00fabditos m\u00e1s felices a\u00fan, y un <em>Rey in partibus<\/em>, el suegro de <strong>Luis XV<\/strong>, compuso tambi\u00e9n \u00e9l mismo una utop\u00eda del <em>Royaunne de Dumocala<\/em>. Para <strong>Napole\u00f3n I<\/strong>, <strong>P. J. Jaunez Sponville y Nicol\u00e1s Bugnet<\/strong> publicaron en 1808 <em>La Philosophie du Ravarebohni<\/em> (<em>de la verdadera dicha<\/em>) &#8230; Pero tambi\u00e9n deseaba atraer la atenci\u00f3n de las autoridades (<em>Lettre au Grand Juge, 1804<\/em>) y <strong>Robert Owen<\/strong> la de los monarcas de la <em><strong>Santa Alianza<\/strong> <\/em>en 1818, y los <em>saint-simonianos<\/em> ten\u00edan una rama <em>discreta<\/em> destinada al <em>apostolado principesco<\/em>, a persuadir a los Pr\u00edncipes, y vieron as\u00ed la conversi\u00f3n del hijo mayor de <strong>Luis Felipe<\/strong>, el que pereci\u00f3 algunos a\u00f1os despu\u00e9s en un accidente.<\/span><\/p>\n<p>&nbsp;<\/p>\n<figure id=\"attachment_2208376\" aria-describedby=\"caption-attachment-2208376\" style=\"width: 440px\" class=\"wp-caption aligncenter\"><img loading=\"lazy\" decoding=\"async\" class=\"wp-image-2208376\" src=\"https:\/\/puntocritico.com\/ausajpuntocritico\/wp-content\/uploads\/2021\/05\/Robert_Owen_NewHarmony-300x226.jpg\" alt=\"\" width=\"440\" height=\"332\" data-id=\"2208376\" srcset=\"https:\/\/puntocritico.com\/ausajpuntocritico\/wp-content\/uploads\/2021\/05\/Robert_Owen_NewHarmony-300x226.jpg 300w, https:\/\/puntocritico.com\/ausajpuntocritico\/wp-content\/uploads\/2021\/05\/Robert_Owen_NewHarmony-610x460.jpg 610w, https:\/\/puntocritico.com\/ausajpuntocritico\/wp-content\/uploads\/2021\/05\/Robert_Owen_NewHarmony-326x245.jpg 326w, https:\/\/puntocritico.com\/ausajpuntocritico\/wp-content\/uploads\/2021\/05\/Robert_Owen_NewHarmony-80x60.jpg 80w, https:\/\/puntocritico.com\/ausajpuntocritico\/wp-content\/uploads\/2021\/05\/Robert_Owen_NewHarmony.jpg 713w\" sizes=\"auto, (max-width: 440px) 100vw, 440px\" \/><figcaption id=\"caption-attachment-2208376\" class=\"wp-caption-text\"><span style=\"color: #008000;\">New Harmony, la utop\u00eda de Robert Owen<\/span><\/figcaption><\/figure>\n<p>&nbsp;<\/p>\n<p style=\"text-align: justify;\"><span style=\"font-size: 14pt;\"><strong>Te\u00f3ricamente, idealmente los sistemas autoritarios se adaptan a las dimensiones sea territoriales, sea comerciales, sea de interrelaciones financieras del Imperio franc\u00e9s y del per\u00edodo de los grandes Estados conservadores que le siguen<\/strong>.<\/span><\/p>\n<p style=\"text-align: justify;\"><span style=\"font-size: 14pt;\"> <strong>Saint-Sim\u00f3n <\/strong>y\u00a0<strong>Auguste Comte<\/strong> piensan as\u00ed en mundos, y si esa amplitud hay que saludarla como superior a las estrecheces localistas, en la pr\u00e1ctica es la autoridad la que regula esos vastos espacios, los industriales, los sabios que gobiernan, como en la sociedad contempor\u00e1nea de entonces el <em>Emperador<\/em> y los <em>Reyes<\/em>, los financistas y los militares. De ah\u00ed no hay m\u00e1s que un paso a la simple preconizaci\u00f3n y a las tentativas para apoderarse del mecanismo del<\/span><\/p>\n<figure id=\"attachment_2208377\" aria-describedby=\"caption-attachment-2208377\" style=\"width: 228px\" class=\"wp-caption alignleft\"><img loading=\"lazy\" decoding=\"async\" class=\"size-medium wp-image-2208377\" src=\"https:\/\/puntocritico.com\/ausajpuntocritico\/wp-content\/uploads\/2021\/05\/Robert-Owen-1-228x300.jpg\" alt=\"\" width=\"228\" height=\"300\" data-id=\"2208377\" srcset=\"https:\/\/puntocritico.com\/ausajpuntocritico\/wp-content\/uploads\/2021\/05\/Robert-Owen-1-228x300.jpg 228w, https:\/\/puntocritico.com\/ausajpuntocritico\/wp-content\/uploads\/2021\/05\/Robert-Owen-1-610x802.jpg 610w, https:\/\/puntocritico.com\/ausajpuntocritico\/wp-content\/uploads\/2021\/05\/Robert-Owen-1.jpg 730w\" sizes=\"auto, (max-width: 228px) 100vw, 228px\" \/><figcaption id=\"caption-attachment-2208377\" class=\"wp-caption-text\"><span style=\"color: #008000;\">Robert Owen, creador del Cooperativismo<\/span><\/figcaption><\/figure>\n<p style=\"text-align: justify;\"><span style=\"font-size: 14pt;\">Estado tal como es, por los golpes de mano de los <em>blanquistas<\/em> o por la acci\u00f3n electoral del <em>partido democr\u00e1tico y social<\/em>, los <em>dem\u00f3cratas sociales<\/em>, los prototipos de los <em>socialdem\u00f3cratas<\/em>. El Estado es rehabilitado por decirlo as\u00ed; podr\u00e1 organizar el trabajo (<strong>Louis Blanc<\/strong>) y una ensalada de todo eso es el <em>marxismo<\/em>, esa superdoctrina de tres fachadas que ense\u00f1a a la vez el <strong><em>blanquismo<\/em><\/strong> de la <em>dictadura por golpes de mano o golpes de Estado<\/em> \u2014, la conquista del poder por mayor\u00eda electoral (<em>socialdemocracia\u2014, en sus formas presentes tambi\u00e9n por simple participaci\u00f3n en los gobiernos burgueses<\/em>) \u2014 y el <em><strong>automatismo<\/strong><\/em>, es decir la <em>autoeliminaci\u00f3n del capitalismo por su apogeo final, seguido de su ca\u00edda y de la herencia del proletariado<\/em> seg\u00fan el viejo: el Rey ha muerto \u00a1viva el Rey! <strong>Estamos aun entrelazados en esa promiscuidad cada vez m\u00e1s repugnante entre socialismo y autoridad, que ha procreado ya el fascismo y otros miasmas mel\u00edticos<\/strong>.<\/span><\/p>\n<p style=\"text-align: justify;\"><span style=\"font-size: 14pt;\">Ante todo <strong>esa penetraci\u00f3n del socialismo por la autoridad ha hecho detenerse el impulso de muy bellas iniciativas socialistas<\/strong>, la de <strong>Robert Owen <\/strong>y<strong> Charles Fourier<\/strong>, que se inspiraban todav\u00eda en lo mejor del siglo XVIII; lo mismo el impulso de hombres que surgieron a su lado y de los cuales los dos m\u00e1s notables fueron <strong>William Thompson<\/strong> y <strong>V\u00edctor Consid\u00e9rant<\/strong>, pero hab\u00eda muchos otros m\u00e1s. <\/span><\/p>\n<p style=\"text-align: justify;\"><span style=\"font-size: 14pt;\"><strong>Robert Owen<\/strong>, que no ignoraba la obra de <em>Godwin<\/em>, que ten\u00eda una eficacia eminente y \u00fanica entonces por su experiencia industrial y<\/span><\/p>\n<figure id=\"attachment_2287713\" aria-describedby=\"caption-attachment-2287713\" style=\"width: 360px\" class=\"wp-caption alignright\"><img loading=\"lazy\" decoding=\"async\" class=\"wp-image-2287713\" src=\"https:\/\/puntocritico.com\/ausajpuntocritico\/wp-content\/uploads\/2023\/09\/Saint-Simon-y-Auguste-Comte-300x152.jpg\" alt=\"\" width=\"360\" height=\"183\" data-id=\"2287713\" srcset=\"https:\/\/puntocritico.com\/ausajpuntocritico\/wp-content\/uploads\/2023\/09\/Saint-Simon-y-Auguste-Comte-300x152.jpg 300w, https:\/\/puntocritico.com\/ausajpuntocritico\/wp-content\/uploads\/2023\/09\/Saint-Simon-y-Auguste-Comte-768x389.jpg 768w, https:\/\/puntocritico.com\/ausajpuntocritico\/wp-content\/uploads\/2023\/09\/Saint-Simon-y-Auguste-Comte.jpg 848w\" sizes=\"auto, (max-width: 360px) 100vw, 360px\" \/><figcaption id=\"caption-attachment-2287713\" class=\"wp-caption-text\"><span style=\"color: #008000;\">Al fondo, el Conde de Saint-Sim\u00f3n y, al frente, su Secretario, Auguste Comte<\/span><\/figcaption><\/figure>\n<p style=\"text-align: justify;\"><span style=\"font-size: 14pt;\">econ\u00f3mica, su voluntad tenaz y su abnegaci\u00f3n, su esp\u00edritu tan emancipado de las tinieblas religosas y sus grandes medios, que le aseguraban una independencia y\u00a0<\/span><span style=\"font-size: 14pt;\">facultades de acci\u00f3n que nunca posey\u00f3 un grupo social avanzado, hizo todo de 1791 a 1858 (<em>por un per\u00edodo de actividad tan largo como el de <strong>Malatesta<\/strong><\/em>) por experimentaci\u00f3n personal y colectiva, razonamiento, organizaci\u00f3n y todos los caminos de la propaganda, para elaborar y preconizar un socialismo voluntario, integral, rec\u00edproco, t\u00e9cnicamente a la altura de las necesidades. Para \u00e9l, si he comprendido bien su idea, el problema de la anarqu\u00eda se planteaba tan poco como el del estatismo. Buscaba las mejores condiciones de cooperaci\u00f3n equitativa, lo que exig\u00eda eficacia y buena voluntad individuales y los arreglos t\u00e9cnicos y organizadores necesarios. Esos organismos cooperadores, regulan su propia vida y de ser numerosos, generalizados, en interrelaciones \u00fatiles y pr\u00e1cticas, era evidente que el Estado no ten\u00eda ninguna raz\u00f3n de ser ni hallar\u00eda qui\u00e9n le pagase por su mantenimiento. <\/span><\/p>\n<p style=\"text-align: justify;\"><span style=\"font-size: 14pt;\">La cooperaci\u00f3n en producci\u00f3n (<em>poco desarollada<\/em>) y en distribuci\u00f3n (<em>enormemente difundida<\/em>) se derivan directamente de los esfuerzos de <strong>Owen<\/strong> y de sus camaradas, y tan poco como esas asociaciones se cuidan de los patrones y de los comerciantes eliminados por la producci\u00f3n y la distribuci\u00f3n directas, tan poco esos organismos desarrollados en verdaderas comunidades, en <em>townships<\/em> (<em>municipios libres<\/em>) como los concibi\u00f3 <strong>Owen<\/strong>, se molestar\u00edan por pagar a los funcionarios de un Estado que no les sirve para nada.<\/span><\/p>\n<p>&nbsp;<\/p>\n<figure id=\"attachment_2208384\" aria-describedby=\"caption-attachment-2208384\" style=\"width: 555px\" class=\"wp-caption aligncenter\"><img loading=\"lazy\" decoding=\"async\" class=\"wp-image-2208384\" src=\"https:\/\/puntocritico.com\/ausajpuntocritico\/wp-content\/uploads\/2021\/05\/Falansterio-creacion-utopica-de-Fourier-300x242.jpg\" alt=\"\" width=\"555\" height=\"448\" data-id=\"2208384\" srcset=\"https:\/\/puntocritico.com\/ausajpuntocritico\/wp-content\/uploads\/2021\/05\/Falansterio-creacion-utopica-de-Fourier-300x242.jpg 300w, https:\/\/puntocritico.com\/ausajpuntocritico\/wp-content\/uploads\/2021\/05\/Falansterio-creacion-utopica-de-Fourier-1024x826.jpg 1024w, https:\/\/puntocritico.com\/ausajpuntocritico\/wp-content\/uploads\/2021\/05\/Falansterio-creacion-utopica-de-Fourier-768x620.jpg 768w, https:\/\/puntocritico.com\/ausajpuntocritico\/wp-content\/uploads\/2021\/05\/Falansterio-creacion-utopica-de-Fourier-1536x1239.jpg 1536w, https:\/\/puntocritico.com\/ausajpuntocritico\/wp-content\/uploads\/2021\/05\/Falansterio-creacion-utopica-de-Fourier-2048x1653.jpg 2048w, https:\/\/puntocritico.com\/ausajpuntocritico\/wp-content\/uploads\/2021\/05\/Falansterio-creacion-utopica-de-Fourier-610x492.jpg 610w\" sizes=\"auto, (max-width: 555px) 100vw, 555px\" \/><figcaption id=\"caption-attachment-2208384\" class=\"wp-caption-text\"><span style=\"color: #008000;\">Falansterio, la utop\u00eda de Fourier<\/span><\/figcaption><\/figure>\n<p>&nbsp;<\/p>\n<p style=\"text-align: justify;\"><span style=\"font-size: 14pt;\">Esa voluntad de actividad productiva y distributiva directa por los interesados es tambi\u00e9n calurosamente acentuada en la obra de <strong>William<\/strong><\/span><\/p>\n<figure id=\"attachment_2287548\" aria-describedby=\"caption-attachment-2287548\" style=\"width: 220px\" class=\"wp-caption alignleft\"><a href=\"https:\/\/es.wikipedia.org\/wiki\/%C3%89lie_Reclus\" target=\"_blank\" rel=\"noopener\" data-schema-attribute=\"\"><img loading=\"lazy\" decoding=\"async\" class=\"size-medium wp-image-2287548\" src=\"https:\/\/puntocritico.com\/ausajpuntocritico\/wp-content\/uploads\/2023\/09\/ElieReclusNadar-220x300.jpg\" alt=\"\" width=\"220\" height=\"300\" data-id=\"2287548\" srcset=\"https:\/\/puntocritico.com\/ausajpuntocritico\/wp-content\/uploads\/2023\/09\/ElieReclusNadar-220x300.jpg 220w, https:\/\/puntocritico.com\/ausajpuntocritico\/wp-content\/uploads\/2023\/09\/ElieReclusNadar.jpg 270w\" sizes=\"auto, (max-width: 220px) 100vw, 220px\" \/><\/a><figcaption id=\"caption-attachment-2287548\" class=\"wp-caption-text\"><a href=\"https:\/\/es.wikipedia.org\/wiki\/%C3%89lie_Reclus\" target=\"_blank\" rel=\"noopener\"><span style=\"color: #008000;\">\u00c9lie Reclus<\/span><\/a><\/figcaption><\/figure>\n<p style=\"text-align: justify;\"><span style=\"font-size: 14pt;\"><strong>Thompson<\/strong> (1785-1844), un irland\u00e9s, autor del segundo gran libro libertario ingl\u00e9s, <em>An lnquiry into the principles of the distribution of wealth most conductive to human happiness, applied to the newly proposed system of voluntary Equality of Wealth<\/em> (Londres, 1824, 600 p\u00e1gs.), (Investigaci\u00f3n de los principios de reparto de la riqueza que son m\u00e1s apropiados a la dicha humana, aplicada al sistema de la igualdad voluntaria de propiedad recientemente propuesto). Hay que comparar este t\u00edtulo con el de <strong>Godwin<\/strong> y lo que <strong>Godwin<\/strong> hizo con el estatismo, la demostraci\u00f3n de su influencia nefasta, lo hizo <strong>Thompson<\/strong> con la propiedad, y su trabajo muestra su propia evoluci\u00f3n, puesto que despu\u00e9s de haber insistido sobre el producto completo del trabajo como regulador de la distribuci\u00f3n, acab\u00f3 por convertirse \u00e9l mismo al comunismo, a la distribuci\u00f3n sin contar. Public\u00f3 otros tres escritos importantes, en 1825, 1827 y 1830. Y se dedic\u00f3 cada vezm\u00e1s a los esfuerzos de realizaci\u00f3n que habr\u00eda querido ver hacerse (<em>y a favorecerles en sus comienzos con sus propios medios<\/em>) en gran estilo. As\u00ed entre grandes n\u00fameros de trabajadores asociados de los oficios \u00fatiles e importantes, pero tambi\u00e9n entre las sociedades cooperativas, etc. Su muerte en marzo de 1833, fue la mayor p\u00e9rdida para el socialismo ingl\u00e9s de entonces, cuyos dem\u00e1s representantes incluso <strong>Robert<\/strong> <strong>Owen<\/strong>, individualizaban un poco demasiado sus ideas y sus actividades, mientras que <strong>Thompson<\/strong>, creo, habr\u00eda podido coordinar esfuerzos excesivamente dispersos. <\/span><\/p>\n<p style=\"text-align: justify;\"><span style=\"font-size: 14pt;\">De esos hombres independientes, uno muy en vista, pero aislado tambi\u00e9n, fue <strong>John Gray<\/strong>, un <em>mutualista<\/em> (escritos de 1825 a 1848 y sobre todo<em> The Social System; a treatise on the principle of exchange<\/em>. Edinburgh, 1831, 314 p\u00e1ginas. (El sistema social: un tratado sobre el principio del cambio). Otro fue <strong>Thomas Hodgskin<\/strong> (1787-1869); un continuador muy moderado de <strong>Thompson<\/strong> fue<strong> William Pare<\/strong>, etc. En la vida pr\u00e1ctica se formaron numerosas cooperativas de producci\u00f3n, que sus miembros y los que \u00e9stos eligieron como administradores, etc., han mantenido al margen del Estado, al de los partidos, pero que fueron mecanizadas y separadas de las verdaderas luchas emancipadoras. Los esfuerzos para coordinar sus fuerzas con las de las <em>Trade Unions<\/em> y un verdadero desarrollo de la cooperaci\u00f3n productiva no han tenido \u00e9xito; tambi\u00e9n su forma reciente, el <em><strong>Guild Socialism<\/strong><\/em>, se ha vuelto l\u00e1nguida y no se repone. <\/span><\/p>\n<p style=\"text-align: justify;\"><span style=\"font-size: 14pt;\">El <em>no-estatismo<\/em>, siempre viviente en las <em>cooperativas<\/em>, existi\u00f3 largo tiempo en el <em>tradeunionismo<\/em> por el simple razonamiento que los<\/span><\/p>\n<figure id=\"attachment_2287547\" aria-describedby=\"caption-attachment-2287547\" style=\"width: 230px\" class=\"wp-caption alignright\"><a href=\"https:\/\/es.wikipedia.org\/wiki\/Victor_Considerant\" target=\"_blank\" rel=\"noopener\" data-schema-attribute=\"\"><img loading=\"lazy\" decoding=\"async\" class=\"size-medium wp-image-2287547\" src=\"https:\/\/puntocritico.com\/ausajpuntocritico\/wp-content\/uploads\/2023\/09\/330px-Victor_Considerant-230x300.jpg\" alt=\"\" width=\"230\" height=\"300\" data-id=\"2287547\" srcset=\"https:\/\/puntocritico.com\/ausajpuntocritico\/wp-content\/uploads\/2023\/09\/330px-Victor_Considerant-230x300.jpg 230w, https:\/\/puntocritico.com\/ausajpuntocritico\/wp-content\/uploads\/2023\/09\/330px-Victor_Considerant.jpg 330w\" sizes=\"auto, (max-width: 230px) 100vw, 230px\" \/><\/a><figcaption id=\"caption-attachment-2287547\" class=\"wp-caption-text\"><a href=\"https:\/\/es.wikipedia.org\/wiki\/Victor_Considerant\" target=\"_blank\" rel=\"noopener\"><span style=\"color: #008000;\">Victor Considerant<\/span><\/a><\/figcaption><\/figure>\n<p style=\"text-align: justify;\"><span style=\"font-size: 14pt;\">trabajadores coaligados contra los patronos, <strong>no esperaban nada bueno de esos mismos patronos convertidos en legisladores y en cIase que tiene en sus manos el gobierno<\/strong>. Pero el principio de la conquista del poder p\u00fablico por las elecciones min\u00f3 sutilmente la independencia de los trabajadores y por las luchas que culminan en la <em>Reform bilI de 1832<\/em>, por el <em>chartismo<\/em> y por las invasiones cada vez m\u00e1s grandes del\u00a0<\/span><span style=\"font-size: 14pt;\">oportunismo, <strong>esa independencia fue gradualmente sacrificada<\/strong>. <\/span><\/p>\n<p style=\"text-align: justify;\"><span style=\"font-size: 14pt;\">La l\u00f3gica <em>antigubernamental<\/em> de <strong>Godwin<\/strong> (1793), hab\u00eda sido tal que durante generaciones hubiese sido como un testimonium paupertatis intelectual, dar al Estado un rol pol\u00edtico y social que no fuese mal\u00e9fico, es decir, el de una intrusi\u00f3n incapaz y perjudicial. Fueron los j\u00f3venes torys del tipo de <strong>Disraeli<\/strong> (<em>Lord Beaconsfield<\/em>) los que fomentaban la leyenda del Estado social. Los\u00a0<\/span><span style=\"font-size: 14pt;\">pensadores radicales, aunque fuesen antisocialistas, abogaban por la reducci\u00f3n al m\u00ednimo del Estado, sobre todo <strong>Herbert Spencer<\/strong> (<em>en el famoso cap\u00edtulo El derecho a ignorar el Estado en Social Statics, 1850<\/em>), y <strong>John Stuart MilI<\/strong> en el ensayo <em>On Liberty<\/em> (1859), y hasta <strong>Charles Dickens<\/strong> satiriza el aparato gubernamental en la novela <em>Little Dorrit<\/em> (1855-57) \u2014el <em>Circumlocution Ofice<\/em>\u2014 lo que corresponde al sentimiento popular de entonces. <\/span><\/p>\n<p style=\"text-align: justify;\"><span style=\"font-size: 14pt;\">En Francia, <strong>Charles Fourier<\/strong>, hizo lo que le fue humanamente posible para recomendar un socialismo voluntariamente asociativo y para elaborar sus mejores condiciones. Si ha continuado ese socialismo, etapa por etapa, por razonamiento y fantas\u00eda hasta una perfecci\u00f3n<\/span><\/p>\n<figure id=\"attachment_2287546\" aria-describedby=\"caption-attachment-2287546\" style=\"width: 225px\" class=\"wp-caption alignleft\"><a href=\"https:\/\/es.wikipedia.org\/wiki\/Charles_Fourier\" target=\"_blank\" rel=\"noopener\" data-schema-attribute=\"\"><img loading=\"lazy\" decoding=\"async\" class=\"size-medium wp-image-2287546\" src=\"https:\/\/puntocritico.com\/ausajpuntocritico\/wp-content\/uploads\/2023\/09\/Francoise_Foliot_-_Jean_Gigoux_-_Portrait_de_Charles_Fourrier_cropped_1-225x300.jpg\" alt=\"\" width=\"225\" height=\"300\" data-id=\"2287546\" srcset=\"https:\/\/puntocritico.com\/ausajpuntocritico\/wp-content\/uploads\/2023\/09\/Francoise_Foliot_-_Jean_Gigoux_-_Portrait_de_Charles_Fourrier_cropped_1-225x300.jpg 225w, https:\/\/puntocritico.com\/ausajpuntocritico\/wp-content\/uploads\/2023\/09\/Francoise_Foliot_-_Jean_Gigoux_-_Portrait_de_Charles_Fourrier_cropped_1.jpg 330w\" sizes=\"auto, (max-width: 225px) 100vw, 225px\" \/><\/a><figcaption id=\"caption-attachment-2287546\" class=\"wp-caption-text\"><a href=\"https:\/\/es.wikipedia.org\/wiki\/Charles_Fourier\" target=\"_blank\" rel=\"noopener\"><span style=\"color: #008000;\">Charles Fourrier<\/span><\/a><\/figcaption><\/figure>\n<p style=\"text-align: justify;\"><span style=\"font-size: 14pt;\">sublime donde culmina en una anarqu\u00eda perfecta, ha elaborado tambi\u00e9n penosamente sus menores primeros pasos, aplic\u00e1ndole la investigaci\u00f3n de la perfecci\u00f3n t\u00e9cnica, la proporci\u00f3n correcta que es esencial a todo trabajo, sea elemental o muy elevado. Su inmenso <em>Trait\u00e9 de l&#8217;association domestique et agricole<\/em> (Par\u00eds, 1822, 592; 646 p\u00e1ginas, 1823; Summaire, 16 y 121 p\u00e1ginas), y muchos otros escritos lo testimonian, y la gran obra de <strong>Victor Consid\u00e9rant<\/strong> \u2014 Destin\u00e9e sociale (1837, 1838, 184; 558; 351 y 340 p\u00e1ginas). En esos dos autores y otros varios fourieristas, como por ejemplo <strong>Ferdinan Guillon<\/strong> (<em>D\u00e9mocratic pacifique, Par\u00eds, 8 diciembre 1850<\/em>), o el independiente <strong>Edouard de Pomp\u00e9ry<\/strong> que, en su <em>Humanit\u00e9<\/em> del 25 de octubre de 1845, lleva el <em>fourierismo<\/em> hasta una concepci\u00f3n pr\u00f3xima al <em>anarquismo<\/em> <em>comunista<\/em>, se puede recibir una ense\u00f1anza libertaria magn\u00edfica que se eleva sobre todo especialismo sectario. <\/span><\/p>\n<p style=\"text-align: justify;\"><span style=\"font-size: 14pt;\"><strong>Fourier<\/strong> ha podido conocer el <em>asociacionismo<\/em> preconizado por varios en el siglo XVIII, entre otros, por el poco conocido <strong>L &#8216; Ange<\/strong> o <strong>Lange<\/strong>, de <em>Lyon<\/em>, durante la revoluci\u00f3n. <em>Asociaci\u00f3n<\/em> y <em>Federaci\u00f3n<\/em> fueron gratas tambi\u00e9n a otros socialistas, como Constantin Pecqueur, que no pensaba en manera alguna en entregar el trabajo con los pu\u00f1os ligados al Estado, como propuso el jacobinismo comunista <strong>Louis<\/strong> <strong>Blanc<\/strong>. En ninguna parte est\u00e1 tan bien elaborada la <em>Comuna<\/em> <em>societaria<\/em> como en los escritos de <strong>Consid\u00e9rant<\/strong>. En una palabra, del <em>fourierismo<\/em> partieron mil caminos hacia un <em>socialismo libertario<\/em>, y hombres como <strong>El\u00edas Reclus<\/strong>, se sintieron atra\u00eddos toda su vida por esas dos ideas, asociaci\u00f3n y <em>Comuna<\/em>; es decir, su sentimiento les dijo que\u00a0<\/span><span style=\"font-size: 14pt;\">esas dos concepciones, ampliamente comprendidas, no constituyen m\u00e1s que una sola: <strong>el esfuerzo por organizar una vida armoniosa fuera de esa inutilidad nefasta: el Estado<\/strong>.<\/span><\/p>\n<p>&nbsp;<\/p>\n<p><img loading=\"lazy\" decoding=\"async\" class=\"aligncenter wp-image-2287537\" src=\"https:\/\/puntocritico.com\/ausajpuntocritico\/wp-content\/uploads\/2023\/09\/williamgodwin-196x300.jpg\" alt=\"William Godwin\" width=\"280\" height=\"428\" data-id=\"2287537\" srcset=\"https:\/\/puntocritico.com\/ausajpuntocritico\/wp-content\/uploads\/2023\/09\/williamgodwin-196x300.jpg 196w, https:\/\/puntocritico.com\/ausajpuntocritico\/wp-content\/uploads\/2023\/09\/williamgodwin.jpg 275w\" sizes=\"auto, (max-width: 280px) 100vw, 280px\" \/><\/p>\n<p style=\"text-align: center;\"><span style=\"font-size: 18pt;\"><strong><span style=\"color: #008000;\">*******<\/span><\/strong><\/span><\/p>\n<blockquote class=\"wp-embedded-content\" data-secret=\"05Ruvi6mex\"><p><a href=\"https:\/\/puntocritico.com\/ausajpuntocritico\/2023\/09\/13\/libertad-y-anarquia-max-nettlau\/\">\u00abLIBERTAD Y ANARQU\u00cdA: sus m\u00e1s antiguas manifestaciones y las concepciones libertarias hasta 1789\u00bb, por Max Nettlau<\/a><\/p><\/blockquote>\n<p><iframe loading=\"lazy\" class=\"wp-embedded-content\" sandbox=\"allow-scripts\" security=\"restricted\" style=\"position: absolute; clip: rect(1px, 1px, 1px, 1px);\" title=\"\u00ab\u00abLIBERTAD Y ANARQU\u00cdA: sus m\u00e1s antiguas manifestaciones y las concepciones libertarias hasta 1789\u00bb, por Max Nettlau\u00bb \u2014 Punto Cr\u00edtico Derechos Humanos\" src=\"https:\/\/puntocritico.com\/ausajpuntocritico\/2023\/09\/13\/libertad-y-anarquia-max-nettlau\/embed\/#?secret=lepqoyt9nQ#?secret=05Ruvi6mex\" data-secret=\"05Ruvi6mex\" width=\"500\" height=\"282\" frameborder=\"0\" marginwidth=\"0\" marginheight=\"0\" scrolling=\"no\"><\/iframe><\/p>\n<blockquote class=\"wp-embedded-content\" data-secret=\"Hj5WWudRHd\"><p><a href=\"https:\/\/puntocritico.com\/ausajpuntocritico\/2017\/02\/11\/esta-acaso-roto-el-molde-de-la-virtud-por-voltaire\/\">\u00bfEST\u00c1 ACASO ROTO EL MOLDE DE LA VIRTUD?, por Voltaire<\/a><\/p><\/blockquote>\n<p><iframe loading=\"lazy\" class=\"wp-embedded-content\" sandbox=\"allow-scripts\" security=\"restricted\" style=\"position: absolute; clip: rect(1px, 1px, 1px, 1px);\" title=\"\u00ab\u00bfEST\u00c1 ACASO ROTO EL MOLDE DE LA VIRTUD?, por Voltaire\u00bb \u2014 Punto Cr\u00edtico Derechos Humanos\" src=\"https:\/\/puntocritico.com\/ausajpuntocritico\/2017\/02\/11\/esta-acaso-roto-el-molde-de-la-virtud-por-voltaire\/embed\/#?secret=PUX0TJ9WVQ#?secret=Hj5WWudRHd\" data-secret=\"Hj5WWudRHd\" width=\"500\" height=\"282\" frameborder=\"0\" marginwidth=\"0\" marginheight=\"0\" scrolling=\"no\"><\/iframe><\/p>\n<p>&nbsp;<\/p>\n<p><a href=\"https:\/\/puntocritico.com\/ausajpuntocritico\/author\/punto-critico\/\"><img loading=\"lazy\" decoding=\"async\" class=\"aligncenter wp-image-9528\" src=\"https:\/\/puntocritico.com\/ausajpuntocritico\/wp-content\/uploads\/2018\/03\/Mosca_Punto_Cr\u00edtico_40.png\" alt=\"\" width=\"80\" height=\"80\" data-id=\"9528\" \/><\/a><\/p>\n<p>&nbsp;<\/p>\n<p>&nbsp;<\/p>\n","protected":false},"excerpt":{"rendered":"<div class=\"mh-excerpt\"><p>&nbsp; William Godwin; los iluminados; Robert Owen y William Thompson; Fourier y algunos fourieristas Por Max Nettlau &nbsp; Una gran revoluci\u00f3n, es el r\u00edo de la evoluci\u00f3n s\u00fabitamente cambiado en torrente, derram\u00e1ndose por cataratas y <a class=\"mh-excerpt-more\" href=\"https:\/\/puntocritico.com\/ausajpuntocritico\/2023\/09\/20\/william-godwin-los-iluminados-robert-owen-y-william-thompson-fourier-y-algunos-fourieristas-por-max-nettlau\/\" title=\"\u00abWilliam Godwin; los iluminados; Robert Owen y William Thompson; Fourier y algunos fourieristas\u00bb, por Max Nettlau\">[&#8230;]<\/a><\/p>\n<\/div>","protected":false},"author":3,"featured_media":2287554,"comment_status":"closed","ping_status":"closed","sticky":false,"template":"","format":"standard","meta":{"_acf_changed":false,"_exactmetrics_skip_tracking":false,"_exactmetrics_sitenote_active":false,"_exactmetrics_sitenote_note":"","_exactmetrics_sitenote_category":0,"footnotes":""},"categories":[8],"tags":[],"class_list":{"0":"post-2286601","1":"post","2":"type-post","3":"status-publish","4":"format-standard","5":"has-post-thumbnail","7":"category-filosofia"},"acf":[],"_links":{"self":[{"href":"https:\/\/puntocritico.com\/ausajpuntocritico\/wp-json\/wp\/v2\/posts\/2286601","targetHints":{"allow":["GET"]}}],"collection":[{"href":"https:\/\/puntocritico.com\/ausajpuntocritico\/wp-json\/wp\/v2\/posts"}],"about":[{"href":"https:\/\/puntocritico.com\/ausajpuntocritico\/wp-json\/wp\/v2\/types\/post"}],"author":[{"embeddable":true,"href":"https:\/\/puntocritico.com\/ausajpuntocritico\/wp-json\/wp\/v2\/users\/3"}],"replies":[{"embeddable":true,"href":"https:\/\/puntocritico.com\/ausajpuntocritico\/wp-json\/wp\/v2\/comments?post=2286601"}],"version-history":[{"count":0,"href":"https:\/\/puntocritico.com\/ausajpuntocritico\/wp-json\/wp\/v2\/posts\/2286601\/revisions"}],"wp:featuredmedia":[{"embeddable":true,"href":"https:\/\/puntocritico.com\/ausajpuntocritico\/wp-json\/wp\/v2\/media\/2287554"}],"wp:attachment":[{"href":"https:\/\/puntocritico.com\/ausajpuntocritico\/wp-json\/wp\/v2\/media?parent=2286601"}],"wp:term":[{"taxonomy":"category","embeddable":true,"href":"https:\/\/puntocritico.com\/ausajpuntocritico\/wp-json\/wp\/v2\/categories?post=2286601"},{"taxonomy":"post_tag","embeddable":true,"href":"https:\/\/puntocritico.com\/ausajpuntocritico\/wp-json\/wp\/v2\/tags?post=2286601"}],"curies":[{"name":"wp","href":"https:\/\/api.w.org\/{rel}","templated":true}]}}