{"id":2285808,"date":"2023-09-02T00:05:24","date_gmt":"2023-09-01T22:05:24","guid":{"rendered":"https:\/\/puntocritico.com\/ausajpuntocritico\/?p=2285808"},"modified":"2024-12-05T18:43:50","modified_gmt":"2024-12-05T17:43:50","slug":"la-ilusion-de-la-democracia-freedom-from-choice","status":"publish","type":"post","link":"https:\/\/puntocritico.com\/ausajpuntocritico\/2023\/09\/02\/la-ilusion-de-la-democracia-freedom-from-choice\/","title":{"rendered":"LA ILUSI\u00d3N DE LA DEMOCRACIA. \u00abFreedom From Choice\u00bb, Documental de Tim Delmastro (2014)"},"content":{"rendered":"<p class=\"style-scope ytd-watch-metadata\" style=\"text-align: justify;\"><span style=\"font-size: 14pt; color: #008000;\">La ilusi\u00f3n de la democracia (Freedom From Choice)<\/span><\/p>\n\n<p>&nbsp;<\/p>\n<h2 style=\"text-align: center;\"><span style=\"font-size: 24pt;\">Freedom From Choice<\/span><\/h2>\n<div class=\"_5tB6mN dv-dp-node-synopsis\">\n<div class=\"mlmPSf RNNP92 f11d1lkh\">\n<div class=\"_3qsVvm e8yjMf\">\n<blockquote>\n<div dir=\"auto\" style=\"text-align: center;\"><span style=\"font-size: 14pt;\">La vida se trata de elecci\u00f3n.\u00a0Qu\u00e9 comemos, qu\u00e9 leemos, a qui\u00e9n elegimos;\u00a0Todos los d\u00edas tomamos decisiones que determinan c\u00f3mo queremos vivir.\u00a0Pero \u00bfqu\u00e9 pasa si estas elecciones son s\u00f3lo una ilusi\u00f3n?\u00a0Freedom From Choice examina el estado actual de vida y las elecciones personales actuales.\u00a0Expertos de muchos campos diferentes ofrecen una mirada franca y sorprendente a las limitaciones ocultas en nuestra vida diaria.<\/span><\/div>\n<\/blockquote>\n<\/div>\n<\/div>\n<\/div>\n<div class=\"dv-node-dp-badges\">\n<div class=\"Iia8uO _9KGhmj dv-node-dp-badges\">\u00a0<\/div>\n<\/div>\n<p><img loading=\"lazy\" decoding=\"async\" class=\"aligncenter wp-image-2285985\" src=\"https:\/\/puntocritico.com\/ausajpuntocritico\/wp-content\/uploads\/2023\/09\/Frredom-of-choice-signal.jpg\" alt=\"La ilusi\u00f3n de la democracia (Freedom From Choice)\" width=\"440\" height=\"246\" data-id=\"2285985\" \/><\/p>\n<h2 style=\"text-align: center;\"><span style=\"font-size: 18pt;\"><strong><span style=\"font-size: 24pt;\">Documental de Tim Delmastro<\/span> <\/strong><\/span><\/h2>\n<div id=\"title\" class=\"style-scope ytd-watch-metadata\">\n<p class=\"style-scope ytd-watch-metadata\" style=\"text-align: center;\"><span style=\"font-size: 14pt;\"><strong>\u00bfQui\u00e9n controla realmente nuestras vidas?<\/strong><\/span><\/p>\n<div id=\"container\" class=\"style-scope ytd-channel-name\">\n<div id=\"text-container\" class=\"style-scope ytd-channel-name\" style=\"text-align: justify;\"><a href=\"https:\/\/www.youtube.com\/watch?v=mhOOziH7QAo\" target=\"_blank\" rel=\"noopener\"><span style=\"font-size: 14pt;\">Best Documentary <\/span><\/a><\/div>\n<\/div>\n<\/div>\n<div style=\"text-align: center;\">\u00a0<\/div>\n<div>\u00a0<\/div>\n<p style=\"text-align: center;\"><iframe loading=\"lazy\" src=\"https:\/\/mega.nz\/embed\/GQsBmBxT#zPhQJoZFKXLxRbkCnqPFfj06YP1vNhq3HzO1y4BEWOM\" width=\"640\" height=\"360\" frameborder=\"0\" allowfullscreen=\"allowfullscreen\"><\/iframe> <script src=\"https:\/\/player.vimeo.com\/api\/player.js\"><\/script><\/p>\n<p>&nbsp;<\/p>\n<p style=\"text-align: center;\"><span style=\"font-size: 14pt;\">La vida se trata de elecci\u00f3n. Lo que comemos, lo que leemos, a qui\u00e9n elegimos; todos los d\u00edas tomamos decisiones que determinan c\u00f3mo queremos vivir. Pero, \u00bfy si estas elecciones son solo una ilusi\u00f3n? En una era donde las regulaciones y los tr\u00e1mites burocr\u00e1ticos gobiernan todas las industrias, donde los grupos de presi\u00f3n y las grandes empresas ejercen m\u00e1s influencia que nunca, nuestras opciones diarias se han vuelto cada vez m\u00e1s limitadas. Centr\u00e1ndose en \u00e1reas clave como la comida, la medicina, las finanzas y los medios, Freedom From Choice ofrece a los espectadores un vistazo a la mir\u00edada de formas en que sus vidas est\u00e1n siendo dictadas y nos dice qui\u00e9n puede ganar. <\/span><\/p>\n<p style=\"text-align: center;\"><span style=\"font-size: 14pt;\">Director: Tim Delmastro <\/span><\/p>\n<p style=\"text-align: center;\"><span style=\"font-size: 14pt;\">T\u00edtulo original: Freedom from Choice (2014)<\/span><\/p>\n<p>&nbsp;<\/p>\n<p><img loading=\"lazy\" decoding=\"async\" class=\"aligncenter wp-image-2285983\" src=\"https:\/\/puntocritico.com\/ausajpuntocritico\/wp-content\/uploads\/2023\/09\/18_freedom_from_choice_l_1024x1024-300x179.webp\" alt=\"\" width=\"440\" height=\"263\" data-id=\"2285983\" srcset=\"https:\/\/puntocritico.com\/ausajpuntocritico\/wp-content\/uploads\/2023\/09\/18_freedom_from_choice_l_1024x1024-300x179.webp 300w, https:\/\/puntocritico.com\/ausajpuntocritico\/wp-content\/uploads\/2023\/09\/18_freedom_from_choice_l_1024x1024.webp 670w\" sizes=\"auto, (max-width: 440px) 100vw, 440px\" \/><\/p>\n<p style=\"text-align: center;\"><span style=\"font-size: 18pt;\"><strong><span style=\"color: #008000;\">*******<\/span><\/strong><\/span><\/p>\n<blockquote>\n<h3 class=\"sc-afe43def-0 hnYaOZ\" style=\"text-align: center;\" data-testid=\"hero__pageTitle\"><span class=\"sc-afe43def-1 fDTGTb\" style=\"font-size: 18pt;\">Freedom from Choice: Ficha T\u00e9cnica<\/span><\/h3>\n<p><img loading=\"lazy\" decoding=\"async\" class=\"aligncenter wp-image-2285984\" src=\"https:\/\/puntocritico.com\/ausajpuntocritico\/wp-content\/uploads\/2023\/09\/images.jpg\" alt=\"\" width=\"220\" height=\"294\" data-id=\"2285984\" \/><\/p>\n<\/blockquote>\n<p>&nbsp;<\/p>\n<blockquote>\n<p style=\"text-align: center;\"><span style=\"font-size: 14pt;\">La vida se trata de elecci\u00f3n. Qu\u00e9 comemos, qu\u00e9 leemos, a qui\u00e9n elegimos; Todos los d\u00edas tomamos decisiones que determinan c\u00f3mo queremos vivir. Pero \u00bfqu\u00e9 pasa si estas elecciones son s\u00f3lo una ilusi\u00f3n?<\/span><\/p>\n<\/blockquote>\n<div role=\"presentation\">\n<blockquote>\n<p style=\"text-align: center;\"><span class=\"ipc-metadata-list-item__label ipc-metadata-list-item__label--btn\" style=\"font-size: 14pt;\" aria-label=\"Ver todo el reparto y equipo\" aria-disabled=\"false\">Direcci\u00f3n y Producci\u00f3n: <\/span><span style=\"font-size: 14pt;\">Tim Delmastro<\/span><\/p>\n<p style=\"text-align: center;\"><span class=\"ipc-metadata-list-item__label ipc-metadata-list-item__label--btn\" style=\"font-size: 14pt;\" aria-label=\"Ver todo el reparto y equipo\" aria-disabled=\"false\">Gui\u00f3n: <\/span><span style=\"font-size: 14pt;\">Tim Delmastro y <\/span><span style=\"font-size: 14pt;\">Jason Spencer<\/span><\/p>\n<p style=\"text-align: center;\"><span style=\"font-size: 14pt;\">Reparto principal: <\/span><span style=\"font-size: 14pt;\">Jeff Berwick, <\/span><span style=\"font-size: 14pt;\">Gerald Celente, <\/span><span style=\"font-size: 14pt;\">Jonathan Emord<\/span><\/p>\n<\/blockquote>\n<p>&nbsp;<\/p>\n<\/div>\n<p><img loading=\"lazy\" decoding=\"async\" class=\"aligncenter size-full wp-image-2285986\" src=\"https:\/\/puntocritico.com\/ausajpuntocritico\/wp-content\/uploads\/2023\/09\/Frredom-of-choice.jpg\" alt=\"\" width=\"225\" height=\"225\" data-id=\"2285986\" srcset=\"https:\/\/puntocritico.com\/ausajpuntocritico\/wp-content\/uploads\/2023\/09\/Frredom-of-choice.jpg 225w, https:\/\/puntocritico.com\/ausajpuntocritico\/wp-content\/uploads\/2023\/09\/Frredom-of-choice-150x150.jpg 150w\" sizes=\"auto, (max-width: 225px) 100vw, 225px\" \/><\/p>\n<p style=\"text-align: center;\"><span style=\"font-size: 18pt;\"><strong><span style=\"color: #008000;\">*******<\/span><\/strong><\/span><\/p>\n<h2 style=\"text-align: center;\"><span style=\"font-size: 24pt;\">Comentario sobre \u00abFreedom from Choice\u00bb<\/span><\/h2>\n<p style=\"text-align: justify;\"><span style=\"font-size: 14pt;\"><a href=\"https:\/\/topdocumentaryfilms.com\/freedom-from-choice\/\" target=\"_blank\" rel=\"noopener\">Top documentary<\/a><\/span><\/p>\n<p><img loading=\"lazy\" decoding=\"async\" class=\"aligncenter wp-image-2285995\" src=\"https:\/\/puntocritico.com\/ausajpuntocritico\/wp-content\/uploads\/2023\/09\/mqdefault-300x169.jpg\" alt=\"\" width=\"480\" height=\"270\" data-id=\"2285995\" srcset=\"https:\/\/puntocritico.com\/ausajpuntocritico\/wp-content\/uploads\/2023\/09\/mqdefault-300x169.jpg 300w, https:\/\/puntocritico.com\/ausajpuntocritico\/wp-content\/uploads\/2023\/09\/mqdefault.jpg 320w\" sizes=\"auto, (max-width: 480px) 100vw, 480px\" \/><\/p>\n<p>&nbsp;<\/p>\n<p style=\"text-align: justify;\"><span style=\"font-size: 14pt;\">Muchos estadounidenses consideran la libertad como uno de los regalos m\u00e1s preciados de la vida. El documental Freedom from Choice afirma que estas libertades son simplemente una ilusi\u00f3n. Despu\u00e9s de todo, sostiene la pel\u00edcula, \u00bfhasta qu\u00e9 punto podemos ser libres cuando el gobierno de Estados Unidos est\u00e1 en connivencia con las mayores corporaciones de alimentos, finanzas, medios de comunicaci\u00f3n y medicinas?<\/span><\/p>\n<p style=\"text-align: justify;\"><span style=\"font-size: 14pt;\">Cuando entras en una tienda de comestibles y te enfrentas a un pasillo tras otro de opciones, es posible que no te des cuenta de lo que te est\u00e1n negando. Pero los cabilderos adinerados y los pol\u00edticos comprometidos han determinado muchos de los productos que se permite comprar. Quedan excluidos los agricultores independientes m\u00e1s peque\u00f1os que siguen dedicados a la transparencia operativa y a productos libres de pesticidas y procesamientos nocivos.<\/span><\/p>\n<p style=\"text-align: justify;\"><span style=\"font-size: 14pt;\">Incluso los est\u00e1ndares de seguridad de nuestros medicamentos est\u00e1n en riesgo. Se ha aprobado un n\u00famero significativo de medicamentos populares a pesar de las objeciones de los propios revisores m\u00e9dicos de la FDA. \u00bfPor qu\u00e9? Las grandes farmac\u00e9uticas ejercen toda la influencia y dominio sobre los tomadores de decisiones en Washington. Mientras tanto, los ciudadanos comunes y corrientes que dependen de estos medicamentos para sobrevivir son los conejillos de indias de los efectos secundarios adversos e incluso de la muerte.<\/span><\/p>\n<p style=\"text-align: justify;\"><span style=\"font-size: 14pt;\">La crisis financiera de 2008 fue provocada por la corruptibilidad de los reguladores que hab\u00edan jurado protegernos. En lugar de imponer castigos apropiados y promulgar regulaciones m\u00e1s estrictas, los jefes de estas organizaciones bancarias los recompensamos con rescates y bonificaciones considerables.<\/span><\/p>\n<p style=\"text-align: justify;\"><span style=\"font-size: 14pt;\">Quienes buscan noticias sin filtrar suelen recurrir a Internet. Esto plantea una amenaza para figuras profundamente arraigadas en el poder. Es por eso que se han puesto en marcha planes para centralizar y controlar Internet. \u00abTrabajan d\u00eda y noche para intentar asustar a la gente haci\u00e9ndoles creer que Internet debe estar controlado por nuestras figuras pol\u00edticas\u00bb, dice un comentarista.<\/span><\/p>\n<p style=\"text-align: justify;\"><span style=\"font-size: 14pt;\">Esto es s\u00f3lo la punta del iceberg. La pel\u00edcula presenta conversaciones en curso con comentaristas pol\u00edticos, autores, reporteros de investigaci\u00f3n y una variedad de defensores. Nos dan pistas sobre los tratos entre bastidores que efectivamente comprometen nuestras libertades sin que nos demos cuenta.<\/span><\/p>\n<p style=\"text-align: justify;\"><span style=\"font-size: 14pt;\">El tema puede ser espantoso, pero el tono de Freedom from Choice sigue siendo animado y atractivo en todo momento. Presenta una monta\u00f1a de pruebas innegables que todos deber\u00edamos tener en cuenta.<\/span><\/p>\n<p>&nbsp;<\/p>\n<p><img loading=\"lazy\" decoding=\"async\" class=\"size-medium wp-image-2912 aligncenter\" src=\"https:\/\/puntocritico.com\/ausajpuntocritico\/wp-content\/uploads\/2017\/06\/El-canto-m\u00e1s-libre-243x300.jpg\" alt=\"\" width=\"243\" height=\"300\" data-id=\"2912\" srcset=\"https:\/\/puntocritico.com\/ausajpuntocritico\/wp-content\/uploads\/2017\/06\/El-canto-m\u00e1s-libre-243x300.jpg 243w, https:\/\/puntocritico.com\/ausajpuntocritico\/wp-content\/uploads\/2017\/06\/El-canto-m\u00e1s-libre.jpg 260w\" sizes=\"auto, (max-width: 243px) 100vw, 243px\" \/><\/p>\n<p style=\"text-align: center;\"><span style=\"font-size: 18pt;\"><strong><span style=\"color: #008000;\">*******<\/span><\/strong><\/span><\/p>\n<h2 style=\"text-align: center;\"><span style=\"font-family: georgia, palatino, serif; font-size: 24pt;\"><strong>LA TAREA DE UNA GENERACI\u00d3N (CANSADOS Y MODERADOS, ABSTENERSE)<\/strong><\/span><\/h2>\n<p><span style=\"font-family: georgia, palatino, serif; font-size: 14pt;\">Por Jos\u00e9 Javier Esparza<\/span><\/p>\n<p><span style=\"font-family: georgia, palatino, serif; font-size: 14pt;\"><a href=\"https:\/\/gaceta.es\/opinion\/la-tarea-de-una-generacion-cansados-y-moderados-abstenerse-20230822-0500\/\" target=\"_blank\" rel=\"noopener\">Gaceta<\/a>, 22 AGOSTO 2023<\/span><\/p>\n<p><img loading=\"lazy\" decoding=\"async\" class=\"aligncenter wp-image-2285745\" src=\"https:\/\/puntocritico.com\/ausajpuntocritico\/wp-content\/uploads\/2023\/08\/Beso-mural-300x150.jpg\" alt=\"\" width=\"550\" height=\"275\" data-id=\"2285745\" srcset=\"https:\/\/puntocritico.com\/ausajpuntocritico\/wp-content\/uploads\/2023\/08\/Beso-mural-300x150.jpg 300w, https:\/\/puntocritico.com\/ausajpuntocritico\/wp-content\/uploads\/2023\/08\/Beso-mural-1024x512.jpg 1024w, https:\/\/puntocritico.com\/ausajpuntocritico\/wp-content\/uploads\/2023\/08\/Beso-mural-768x384.jpg 768w, https:\/\/puntocritico.com\/ausajpuntocritico\/wp-content\/uploads\/2023\/08\/Beso-mural-1536x768.jpg 1536w, https:\/\/puntocritico.com\/ausajpuntocritico\/wp-content\/uploads\/2023\/08\/Beso-mural-1320x660.jpg 1320w, https:\/\/puntocritico.com\/ausajpuntocritico\/wp-content\/uploads\/2023\/08\/Beso-mural.jpg 2000w\" sizes=\"auto, (max-width: 550px) 100vw, 550px\" \/><\/p>\n<p>&nbsp;<\/p>\n<p style=\"text-align: justify;\"><span style=\"font-family: georgia, palatino, serif; font-size: 14pt;\">Salvo que alg\u00fan gesto de gracia divina lo remedie, en Espa\u00f1a va a pasar algo asombroso, \u00fanico, verdaderamente digno de estudio, a saber: el pa\u00eds va a quedar abiertamente en manos de sus enemigos objetivos. Porque no hay otra palabra para definirlos: separatistas que meten a terroristas en sus listas a modo de homenaje gremial al crimen, otros separatistas que dan golpes de estado para segregar a una regi\u00f3n y huyen de la justicia, gobernantes que entregan la pol\u00edtica del pa\u00eds a la \u00fanica potencia (Marruecos) que ha declarado ambicionar parte del territorio nacional\u2026 A esto lo llaman, y no jocosamente, \u00abmayor\u00eda de progreso\u00bb.<\/span><\/p>\n<p style=\"text-align: justify;\"><span style=\"font-family: georgia, palatino, serif; font-size: 14pt;\">Podr\u00edamos explayarnos largamente sobre las circunstancias del caso, que en t\u00e9rminos pol\u00edticos cl\u00e1sicos no tiene otro nombre que traici\u00f3n. Pero en realidad lo notable no es esto, sino el hecho incontrovertible de que\u00a0<strong>a media Espa\u00f1a le parece bien y a otra gruesa porci\u00f3n le importa un bledo<\/strong>. Luego est\u00e1n, tambi\u00e9n, los que dicen que \u00abno se puede hacer nada\u00bb, o sea, los \u00ababandonistas\u00bb. Y rengl\u00f3n aparte merece la augusta persona, el rey, que tiene que formalizar el trance y que, mejorando el famoso dicho de Lenin, no va a vender, sino que va a regalar al verdugo la soga con la que le ahorcar\u00e1n. \u00bfQui\u00e9n da m\u00e1s?<\/span><\/p>\n<p style=\"text-align: justify;\"><span style=\"font-family: georgia, palatino, serif; font-size: 14pt;\">\u00bfC\u00f3mo hemos podido caer tan bajo? En el quinquenio de S\u00e1nchez hemos visto cosas asombrosas: suelta de violadores, abusos de poder inauditos, despotismo gubernamental, compadreo con los terroristas, sumisi\u00f3n del pa\u00eds a Marruecos, encarecimiento brutal del coste de la vida, corrupci\u00f3n a mansalva\u2026 No es necesario precisar la lista. Son cosas que la gran mayor\u00eda de la gente no ignora. Algunas de ellas las hemos sufrido todos y cada uno de los ciudadanos. No es verdad eso de que \u00abla gente no lo sabe\u00bb. \u00a1Claro que lo sabe!\u00a0<strong>La gran pregunta, precisamente, es por qu\u00e9 hay una porci\u00f3n nada desde\u00f1able del pa\u00eds que considera que esto no es importante y que, a pesar de todas las evidencias, prefiere votar con Txapote<\/strong>, por utilizar la popular figura. Y aqu\u00ed es preciso hacer algunas consideraciones antip\u00e1ticas, porque nada ser\u00eda m\u00e1s necio que esconder la cabeza debajo del ala.<\/span><\/p>\n<h3 style=\"text-align: center;\"><span style=\"font-family: georgia, palatino, serif; font-size: 18pt;\"><strong>Un pa\u00eds embrutecido<\/strong><\/span><\/h3>\n<p style=\"text-align: justify;\"><span style=\"font-family: georgia, palatino, serif; font-size: 14pt;\">Espa\u00f1a es un pa\u00eds ostensiblemente embrutecido. Las causas son numerosas. Una no menor \u2014en absoluto menor\u2014, aunque tal vez no sea la primera, es la decidida contribuci\u00f3n de las televisiones del duopolio, es decir, Mediaset y Atresmedia, al entontecimiento masivo de los espa\u00f1oles. Son muchos a\u00f1os \u2014veintitr\u00e9s, si no recuerdo mal\u2014 de basura audiovisual, de destierro de toda inteligencia, de encanallamiento de la moral ciudadana y de entrega de la programaci\u00f3n a productoras tan movidas por el negocio como por su ideolog\u00eda de extrema izquierda o separatista. Esto nos lleva a otra de esas numerosas causas, a saber: la connivencia del mundo del dinero \u2014s\u00ed, todas esas grandes firmas que usted est\u00e1 pensando\u2014 con la degeneraci\u00f3n nacional. Con muy escasas excepciones \u2014y \u00e9stas, discontinuas\u2014, la gran empresa y la gran banca espa\u00f1olas siempre han estado al lado de los disolventes y nunca de los agregantes. Esto no ha sido as\u00ed porque se trate de gente especialmente torva \u2014aunque de todo habr\u00e1\u2014,\u00a0<strong>sino porque el mundo del dinero y el mundo del poder pol\u00edtico comparten cama en Espa\u00f1a desde hace mucho tiempo<\/strong>, y el poder pol\u00edtico, en nuestro pa\u00eds, tambi\u00e9n ha apostado siempre \u2014siempre, e incluyo al PP\u2014 por privilegiar a los disolventes.<\/span><\/p>\n<p style=\"text-align: justify;\"><span style=\"font-family: georgia, palatino, serif; font-size: 14pt;\">Esta es otra de las causas de nuestra triste hora de hoy:\u00a0<strong>el Estado, en Espa\u00f1a, nunca ha aspirado a construir una sociedad con conciencia nacional, sino que sistem\u00e1ticamente ha optado por favorecer a todas las tendencias que empujaban hacia abajo (o hacia afuera)<\/strong>. Basta pensar en el discurso monocorde de todas aquellas factor\u00edas culturales que dependen del Estado como, por ejemplo, el cine llamado \u00abespa\u00f1ol\u00bb. No hay industria cultural m\u00e1s subvencionada que el cine en nuestro pa\u00eds y no hay tampoco discurso m\u00e1s insistentemente antinacional que el de \u00abnuestro\u00bb cine. \u00bfDe verdad queda alguien que piense que es casualidad? Y el poder pol\u00edtico, \u00bfpor qu\u00e9 ha favorecido siempre a los enemigos de la supervivencia nacional? \u00bfAcaso por afinidad de objetivos? O sea, \u00bfRajoy y Wyoming, el mismo combate?<\/span><\/p>\n<h3 style=\"text-align: center;\"><span style=\"font-family: georgia, palatino, serif; font-size: 18pt;\"><strong>Vocaci\u00f3n de suicidio<\/strong><\/span><\/h3>\n<p style=\"text-align: justify;\"><span style=\"font-family: georgia, palatino, serif; font-size: 14pt;\">No: ocurre que el poder pol\u00edtico, quiera o no, siempre es tributario del poder cultural, y \u00e9ste, en Espa\u00f1a, le fue gozosamente entregado a la izquierda y al separatismo desde el alba de la transici\u00f3n y ah\u00ed sigue, predicando todo el d\u00eda sus sermones sobre lo que est\u00e1 bien (lo de ellos) y lo que est\u00e1 mal. Huelga decir que la derecha nunca consider\u00f3 importante dar aqu\u00ed batalla alguna, al rev\u00e9s. De hecho, sus f\u00e1bricas de opini\u00f3n oficiales est\u00e1n en manos de empresas que al mismo tiempo patrocinan a los medios de izquierda.\u00a0<strong>El otro d\u00eda le\u00ed a un se\u00f1or que es columnista en el\u00a0<\/strong><em><strong>ABC<\/strong><\/em><strong>, y que habla como si fuera \u00abde derechas\u00bb, explicar que \u00e9l \u00abno cree en la batalla cultural\u00bb. Claro: por eso escribe en el\u00a0<\/strong><em><strong>ABC<\/strong><\/em>. La hegemon\u00eda cultural consiste en eso: no es s\u00f3lo que tu voz se oiga m\u00e1s alto que las otras, es tambi\u00e9n, y quiz\u00e1 sobre todo, que las voces opuestas se lo piensen dos, tres, cuatro veces antes de hablar, y que al final no hablen. Y esto, por cierto, no es algo que afecte s\u00f3lo a las factor\u00edas de la opini\u00f3n, sino que se extiende tambi\u00e9n a todos aquellos que por su posici\u00f3n social podr\u00edan tener voz en la vida p\u00fablica y que, por la presi\u00f3n ambiente, prefieren callar o balar con el reba\u00f1o: jueces, m\u00e9dicos, artistas, militares,\u00a0sacerdotes, profesores, qu\u00e9 se yo.<\/span><\/p>\n<p style=\"text-align: justify;\"><span style=\"font-family: georgia, palatino, serif; font-size: 14pt;\">Profesores. Habr\u00e1 constatado usted que, en la enumeraci\u00f3n de las causas de nuestro embrutecimiento, he dejado para el final lo que mucha gente habr\u00eda puesto al principio: la educaci\u00f3n. Es porque, en realidad, eso que se llama educaci\u00f3n, es decir, los sistemas de ense\u00f1anza, no son causa, sino consecuencia.\u00a0<strong>Una sociedad con vocaci\u00f3n suicida, donde los poderes cultural, pol\u00edtico y econ\u00f3mico coinciden en alentar la disoluci\u00f3n de todos los lazos<\/strong>, generar\u00e1 de manera casi espont\u00e1nea un sistema de ense\u00f1anza suicida. Un sistema, por ejemplo, donde se penalice el m\u00e9rito y el esfuerzo, la ideolog\u00eda dominante se convierta en asignatura transversal, las Humanidades sean desterradas y la Historia se reduzca a un relato regional \u00abpol\u00edticamente correcto\u00bb. Este sistema, a su vez, contribuir\u00e1 a intensificar la din\u00e1mica suicida del conjunto. Al cabo de una generaci\u00f3n, las \u00ab\u00e9lites\u00bb del pa\u00eds habr\u00e1n sido ya formateadas. En realidad, lo prodigioso es que siga habiendo tanta resistencia.<\/span><\/p>\n<p style=\"text-align: justify;\"><span style=\"font-family: georgia, palatino, serif; font-size: 14pt;\">Y por todo eso, en fin, y seguramente otras muchas cosas m\u00e1s, estamos en un pa\u00eds donde\u00a0<strong>una buena porci\u00f3n de nuestros conciudadanos considera que merece seguir gobernando un tipo dispuesto a soltar violadores a la calle<\/strong>, supeditar la soberan\u00eda nacional a Marruecos y entregar el destino nacional a partidos racistas, golpistas y crimin\u00f3genos.<\/span><\/p>\n<p style=\"text-align: justify;\"><span style=\"font-family: georgia, palatino, serif; font-size: 14pt;\">Lo esencial es esto: a lo que nos enfrentamos hoy no es s\u00f3lo a un d\u00e9spota capaz de vender a su madre para permanecer en La Moncloa, ni tampoco (s\u00f3lo) a un declarado contubernio de la izquierda y el separatismo para desmantelar la Espa\u00f1a constitucional. No. A lo que de verdad nos enfrentamos hoy, lo que nos ha tra\u00eddo hasta aqu\u00ed, es\u00a0<strong>un aut\u00e9ntico complejo de poder que ba\u00f1a todas las esferas del Estado, p\u00fablicas y privadas, y que crece a costa de nuestra ruina<\/strong>. Desmontar ese monstruoso tinglado es la tarea m\u00e1s excitante que jam\u00e1s pudiera imaginar una generaci\u00f3n.<\/span><\/p>\n<p>&nbsp;<\/p>\n<p style=\"text-align: justify;\">\u00a0<\/p>\n<p><img loading=\"lazy\" decoding=\"async\" class=\"aligncenter wp-image-2285996\" src=\"https:\/\/puntocritico.com\/ausajpuntocritico\/wp-content\/uploads\/2023\/09\/Freedom-fromchoice-vang-300x169.jpg\" alt=\"\" width=\"480\" height=\"270\" data-id=\"2285996\" srcset=\"https:\/\/puntocritico.com\/ausajpuntocritico\/wp-content\/uploads\/2023\/09\/Freedom-fromchoice-vang-300x169.jpg 300w, https:\/\/puntocritico.com\/ausajpuntocritico\/wp-content\/uploads\/2023\/09\/Freedom-fromchoice-vang.jpg 320w\" sizes=\"auto, (max-width: 480px) 100vw, 480px\" \/><\/p>\n<p>&nbsp;<\/p>\n<p><a href=\"https:\/\/puntocritico.com\/ausajpuntocritico\/author\/punto-critico\/\"><img loading=\"lazy\" decoding=\"async\" class=\"aligncenter wp-image-9528\" src=\"https:\/\/puntocritico.com\/ausajpuntocritico\/wp-content\/uploads\/2018\/03\/Mosca_Punto_Cr\u00edtico_40.png\" alt=\"\" width=\"80\" height=\"80\" data-id=\"9528\" \/><\/a><\/p>\n<p>&nbsp;<\/p>\n","protected":false},"excerpt":{"rendered":"<div class=\"mh-excerpt\"><p>La ilusi\u00f3n de la democracia (Freedom From Choice) &nbsp; Freedom From Choice La vida se trata de elecci\u00f3n.\u00a0Qu\u00e9 comemos, qu\u00e9 leemos, a qui\u00e9n elegimos;\u00a0Todos los d\u00edas tomamos decisiones que determinan c\u00f3mo queremos vivir.\u00a0Pero \u00bfqu\u00e9 pasa <a class=\"mh-excerpt-more\" href=\"https:\/\/puntocritico.com\/ausajpuntocritico\/2023\/09\/02\/la-ilusion-de-la-democracia-freedom-from-choice\/\" title=\"LA ILUSI\u00d3N DE LA DEMOCRACIA. \u00abFreedom From Choice\u00bb, Documental de Tim Delmastro (2014)\">[&#8230;]<\/a><\/p>\n<\/div>","protected":false},"author":3,"featured_media":2286000,"comment_status":"open","ping_status":"open","sticky":false,"template":"","format":"standard","meta":{"_acf_changed":false,"_exactmetrics_skip_tracking":false,"_exactmetrics_sitenote_active":false,"_exactmetrics_sitenote_note":"","_exactmetrics_sitenote_category":0,"footnotes":""},"categories":[25,7],"tags":[],"class_list":{"0":"post-2285808","1":"post","2":"type-post","3":"status-publish","4":"format-standard","5":"has-post-thumbnail","7":"category-documentales","8":"category-politica"},"acf":[],"_links":{"self":[{"href":"https:\/\/puntocritico.com\/ausajpuntocritico\/wp-json\/wp\/v2\/posts\/2285808","targetHints":{"allow":["GET"]}}],"collection":[{"href":"https:\/\/puntocritico.com\/ausajpuntocritico\/wp-json\/wp\/v2\/posts"}],"about":[{"href":"https:\/\/puntocritico.com\/ausajpuntocritico\/wp-json\/wp\/v2\/types\/post"}],"author":[{"embeddable":true,"href":"https:\/\/puntocritico.com\/ausajpuntocritico\/wp-json\/wp\/v2\/users\/3"}],"replies":[{"embeddable":true,"href":"https:\/\/puntocritico.com\/ausajpuntocritico\/wp-json\/wp\/v2\/comments?post=2285808"}],"version-history":[{"count":0,"href":"https:\/\/puntocritico.com\/ausajpuntocritico\/wp-json\/wp\/v2\/posts\/2285808\/revisions"}],"wp:featuredmedia":[{"embeddable":true,"href":"https:\/\/puntocritico.com\/ausajpuntocritico\/wp-json\/wp\/v2\/media\/2286000"}],"wp:attachment":[{"href":"https:\/\/puntocritico.com\/ausajpuntocritico\/wp-json\/wp\/v2\/media?parent=2285808"}],"wp:term":[{"taxonomy":"category","embeddable":true,"href":"https:\/\/puntocritico.com\/ausajpuntocritico\/wp-json\/wp\/v2\/categories?post=2285808"},{"taxonomy":"post_tag","embeddable":true,"href":"https:\/\/puntocritico.com\/ausajpuntocritico\/wp-json\/wp\/v2\/tags?post=2285808"}],"curies":[{"name":"wp","href":"https:\/\/api.w.org\/{rel}","templated":true}]}}