{"id":2284222,"date":"2023-10-10T00:05:56","date_gmt":"2023-10-09T22:05:56","guid":{"rendered":"https:\/\/puntocritico.com\/ausajpuntocritico\/?p=2284222"},"modified":"2023-10-09T20:10:48","modified_gmt":"2023-10-09T18:10:48","slug":"black-lives-matter","status":"publish","type":"post","link":"https:\/\/puntocritico.com\/ausajpuntocritico\/2023\/10\/10\/black-lives-matter\/","title":{"rendered":"\u00abBLACK LIVES MATTER\u00bb (BLM): MANIPULACI\u00d3N POL\u00cdTICA Y CONTROL SOCIAL. \u00abLa Revoluci\u00f3n de Colores de George Floyd\u00bb"},"content":{"rendered":"<p style=\"text-align: justify;\"><span style=\"font-size: 14pt; color: #008000;\">BLACK LIVES MATTER<\/span><\/p>\n\n<p>&nbsp;<\/p>\n<div class=\"elementor-element elementor-element-3244f97 elementor-widget elementor-widget-theme-post-title elementor-page-title elementor-widget-heading\" data-id=\"3244f97\" data-element_type=\"widget\" data-widget_type=\"theme-post-title.default\">\n<div class=\"elementor-widget-container\">\n<div class=\"elementor-element elementor-element-3244f97 elementor-widget elementor-widget-theme-post-title elementor-page-title elementor-widget-heading\" data-id=\"3244f97\" data-element_type=\"widget\" data-widget_type=\"theme-post-title.default\">\n<div class=\"elementor-widget-container\">\n<blockquote>\n<h2 class=\"elementor-heading-title elementor-size-default\" style=\"text-align: center;\"><span style=\"font-size: 24pt;\">LA INTRANSIGENCIA MORAL DE LOS MEDIOS<\/span><\/h2>\n<\/blockquote>\n<\/div>\n<\/div>\n<blockquote>\n<div class=\"elementor-element elementor-element-c084de0 elementor-widget elementor-widget-theme-post-excerpt\" data-id=\"c084de0\" data-element_type=\"widget\" data-widget_type=\"theme-post-excerpt.default\">\n<div class=\"elementor-widget-container\" style=\"text-align: center;\"><span style=\"font-size: 14pt;\"><em><strong>Hay en todo este fen\u00f3meno pol\u00edtico-medi\u00e1tico que estamos analizando una instrumentalizaci\u00f3n de la moral, que es utilizada b\u00e1sicamente como garrote contra el enemigo de turno<\/strong><\/em><\/span><\/div>\n<\/div>\n<\/blockquote>\n<\/div>\n<\/div>\n<blockquote>\n<div class=\"elementor-element elementor-element-c084de0 elementor-widget elementor-widget-theme-post-excerpt\" data-id=\"c084de0\" data-element_type=\"widget\" data-widget_type=\"theme-post-excerpt.default\">\n<div>\n<div class=\"autor\" style=\"text-align: justify;\">\n<section class=\"elementor-section elementor-top-section elementor-element elementor-element-fc9d029 elementor-section-content-middle elementor-section-boxed elementor-section-height-default elementor-section-height-default\" data-id=\"fc9d029\" data-element_type=\"section\">\n<div class=\"elementor-container elementor-column-gap-default\">\n<div class=\"elementor-column elementor-col-100 elementor-top-column elementor-element elementor-element-8a2d33f\" data-id=\"8a2d33f\" data-element_type=\"column\">\n<div class=\"elementor-widget-wrap elementor-element-populated\">\n<section class=\"elementor-section elementor-inner-section elementor-element elementor-element-ded23d5 elementor-section-content-middle elementor-section-boxed elementor-section-height-default elementor-section-height-default\" data-id=\"ded23d5\" data-element_type=\"section\">\n<div class=\"elementor-container elementor-column-gap-default\">\n<div class=\"elementor-column elementor-col-50 elementor-inner-column elementor-element elementor-element-b10f97c\" data-id=\"b10f97c\" data-element_type=\"column\">\n<div class=\"elementor-widget-wrap elementor-element-populated\">\n<div class=\"elementor-element elementor-element-b8aebda elementor-widget elementor-widget-autor_entrada\" data-id=\"b8aebda\" data-element_type=\"widget\" data-widget_type=\"autor_entrada.default\">\n<div class=\"elementor-widget-container\">\n<div class=\"grilla-autor_entrada cols- cols-tablet- cols-mobile-\">\n<article class=\"alineacion- alineacion-tablet- alineacion-mobile-\">\n<div class=\"bloque-texto\">\n<div class=\"autor\" style=\"text-align: justify;\"><span style=\"font-size: 14pt;\">Por Javier Bilbao<\/span><\/div>\n<p style=\"text-align: justify;\"><span style=\"font-size: 14pt;\"><a href=\"https:\/\/ideas.gaceta.es\/la-intransigencia-moral-de-los-medios\/\" target=\"_blank\" rel=\"noopener\">Ideas<\/a>, 3 de septiembre de 2023<\/span><\/p>\n<\/div>\n<\/article>\n<\/div>\n<\/div>\n<\/div>\n<\/div>\n<\/div>\n<div class=\"elementor-column elementor-col-50 elementor-inner-column elementor-element elementor-element-07464c1\" data-id=\"07464c1\" data-element_type=\"column\">\n<div class=\"elementor-widget-wrap elementor-element-populated\">\n<div class=\"elementor-element elementor-element-b038741 elementor-share-buttons--view-icon elementor-share-buttons--skin-flat elementor-share-buttons--shape-circle elementor-share-buttons--align-right elementor-share-buttons--color-custom elementor-share-buttons-mobile--align-center elementor-grid-0 elementor-widget elementor-widget-share-buttons\" data-id=\"b038741\" data-element_type=\"widget\" data-widget_type=\"share-buttons.default\">\n<div class=\"elementor-widget-container\">\n<div class=\"elementor-grid\"><img loading=\"lazy\" decoding=\"async\" class=\"aligncenter wp-image-4110 size-full\" src=\"https:\/\/puntocritico.com\/ausajpuntocritico\/wp-content\/uploads\/2017\/07\/libertad-de-prensa.jpg\" alt=\"INGENIER\u00cdA DESINFORMATIVA\" width=\"480\" height=\"352\" data-id=\"4110\" srcset=\"https:\/\/puntocritico.com\/ausajpuntocritico\/wp-content\/uploads\/2017\/07\/libertad-de-prensa.jpg 480w, https:\/\/puntocritico.com\/ausajpuntocritico\/wp-content\/uploads\/2017\/07\/libertad-de-prensa-300x220.jpg 300w, https:\/\/puntocritico.com\/ausajpuntocritico\/wp-content\/uploads\/2017\/07\/libertad-de-prensa-80x60.jpg 80w\" sizes=\"auto, (max-width: 480px) 100vw, 480px\" \/><\/p>\n<div class=\"elementor-grid-item\">\n<div class=\"elementor-share-btn elementor-share-btn_print\" tabindex=\"0\" role=\"button\" aria-label=\"Compartir en print\">\u00a0<\/div>\n<\/div>\n<\/div>\n<\/div>\n<\/div>\n<\/div>\n<\/div>\n<\/div>\n<\/section>\n<\/div>\n<\/div>\n<\/div>\n<\/section>\n<section class=\"elementor-section elementor-top-section elementor-element elementor-element-112c87b elementor-section-boxed elementor-section-height-default elementor-section-height-default\" data-id=\"112c87b\" data-element_type=\"section\">\n<div class=\"elementor-container elementor-column-gap-default\">\n<div class=\"elementor-column elementor-col-100 elementor-top-column elementor-element elementor-element-d5eb397\" data-id=\"d5eb397\" data-element_type=\"column\">\n<div class=\"elementor-widget-wrap elementor-element-populated\">\n<div class=\"elementor-element elementor-element-430ec10 elementor-widget-mobile__width-initial elementor-widget elementor-widget-theme-post-content\" data-id=\"430ec10\" data-element_type=\"widget\" data-widget_type=\"theme-post-content.default\">\n<div class=\"elementor-widget-container\">\n<p style=\"text-align: right;\"><span style=\"font-size: 14pt;\"><em>\u00abEl que de vosotros est\u00e9 sin pecado sea el primero en arrojar la piedra contra ella\u00bb (Juan, 8:7)<\/em><\/span><\/p>\n<p style=\"text-align: right;\"><span style=\"font-size: 14pt;\"><em>\u00ab\u00bfPor qu\u00e9 miras la paja que est\u00e1 en el ojo de tu hermano, y no echas de ver la viga que est\u00e1 en tu propio ojo?\u00bb (Lucas, 6:41)<\/em><\/span><\/p>\n<p style=\"text-align: right;\"><span style=\"font-size: 14pt;\"><em>\u00abCuando, pues, des limosna, no hagas tocar trompeta delante de ti, como hacen los hip\u00f3critas en las sinagogas y en las calles, para ser alabados por los hombres\u00bb (Mateo, 6:2)<\/em><\/span><\/p>\n<\/div>\n<\/div>\n<\/div>\n<\/div>\n<\/div>\n<\/section>\n<\/div>\n<\/div>\n<\/div>\n<p>&nbsp;<\/p>\n<p style=\"text-align: justify;\"><span style=\"font-size: 14pt; text-align: justify;\">Siempre que me cruzo con la inevitable lista de turno sobre \u00ablibros que leer antes de morir\u00bb \u2014despu\u00e9s es m\u00e1s complicado\u2014 me suelen sobrar muchos (\u00bf<\/span><em style=\"font-size: 14pt; text-align: justify;\">El cuento de la criada<\/em><span style=\"font-size: 14pt; text-align: justify;\">, en serio?) y siempre echo en falta entre los mencionados, al margen de las creencias de cada uno, la Biblia. No soy la persona adecuada para hablar desde una perspectiva religiosa, as\u00ed que no huyan los incr\u00e9dulos ni arqueen la ceja los m\u00e1s versados: no pretendo hacer proselitismo ni atizarle a nadie una ex\u00e9gesis que rebasar\u00eda mis capacidades.\u00a0<\/span><strong style=\"font-size: 14pt; text-align: justify;\">S\u00f3lo quiero se\u00f1alar el enorme valor que encierra este libro a la hora de comprender nuestra cultura<\/strong><span style=\"font-size: 14pt; text-align: justify;\">,\u00a0<\/span><strong style=\"font-size: 14pt; text-align: justify;\">llam\u00e9mosla espa\u00f1ola, hispana, europea u occidental<\/strong><span style=\"font-size: 14pt; text-align: justify;\">. Ley\u00e9ndolo pasas a captar referencias que antes se te escapaban y ahora comprendes que est\u00e1n todas unidas por un hilo invisible; es como haber vivido siempre en un paisaje en el que permanec\u00edan dispersos un mill\u00f3n de fragmentos y retroceder en el tiempo para contemplar la obra monumental de la que formaban parte. Ah, as\u00ed que tal frase hecha o met\u00e1fora proven\u00edan de all\u00ed, y aquel nombre com\u00fan de hombre o mujer, y aquella historia, y aquel t\u00edtulo de una pel\u00edcula o de una novela, y aquella canci\u00f3n<\/span><em style=\"font-size: 14pt; text-align: justify;\">. Las uvas de la ira, La escalera de Jacob, Carros de fuego, La herencia del viento, Hijos de los hombres, El s\u00e9ptimo sello, La venganza es m\u00eda, Tiempo de silencio, Tiempo de morir\u2026\u00a0<\/em><span style=\"font-size: 14pt; text-align: justify;\">Las referencias b\u00edblicas abarcan una parte fundamental de la historia del cine; mientras tanto, el pop y el rock se han nutrido de tal forma de sus ramalazos po\u00e9ticos que no sabemos qu\u00e9 quedar\u00eda sin ellos, bien desde\u00a0<\/span><em style=\"font-size: 14pt; text-align: justify;\"><a href=\"https:\/\/www.youtube.com\/watch?v=W4ga_M5Zdn4\" target=\"_blank\" rel=\"noopener\" data-schema-attribute=\"\"><u>Turn! Turn! Turn!<\/u><\/a><\/em><span style=\"font-size: 14pt; text-align: justify;\">\u00a0hasta\u00a0<\/span><a style=\"font-size: 14pt; text-align: justify;\" href=\"https:\/\/www.youtube.com\/watch?v=l3QxT-w3WMo\" target=\"_blank\" rel=\"noopener\" data-schema-attribute=\"\"><em><u>Rivers of Babylon<\/u><\/em><\/a><span style=\"font-size: 14pt; text-align: justify;\">. O ya se trate de la obra de\u00a0<\/span><strong style=\"font-size: 14pt; text-align: justify;\">Lou Reed<\/strong><span style=\"font-size: 14pt; text-align: justify;\">,\u00a0<\/span><strong style=\"font-size: 14pt; text-align: justify;\">Nina Simone<\/strong><em style=\"font-size: 14pt; text-align: justify;\">,\u00a0<\/em><strong style=\"font-size: 14pt; text-align: justify;\">Adele<\/strong><em style=\"font-size: 14pt; text-align: justify;\">,\u00a0<\/em><span style=\"font-size: 14pt; text-align: justify;\">The Rolling Stones\u2026 \u00a1la lista ser\u00eda interminable!<\/span><\/p>\n<\/blockquote>\n<div class=\"elementor-element elementor-element-c084de0 elementor-widget elementor-widget-theme-post-excerpt\" data-id=\"c084de0\" data-element_type=\"widget\" data-widget_type=\"theme-post-excerpt.default\">\n<div class=\"autor\" style=\"text-align: justify;\">\n<section class=\"elementor-section elementor-top-section elementor-element elementor-element-112c87b elementor-section-boxed elementor-section-height-default elementor-section-height-default\" data-id=\"112c87b\" data-element_type=\"section\">\n<div class=\"elementor-container elementor-column-gap-default\">\n<div class=\"elementor-column elementor-col-100 elementor-top-column elementor-element elementor-element-d5eb397\" data-id=\"d5eb397\" data-element_type=\"column\">\n<div class=\"elementor-widget-wrap elementor-element-populated\">\n<div class=\"elementor-element elementor-element-430ec10 elementor-widget-mobile__width-initial elementor-widget elementor-widget-theme-post-content\" data-id=\"430ec10\" data-element_type=\"widget\" data-widget_type=\"theme-post-content.default\">\n<div class=\"elementor-widget-container\">\n<blockquote>\n<p style=\"text-align: justify;\"><span style=\"font-size: 14pt;\">Ahora bien, teniendo en mente lo anterior, cabe se\u00f1alar que\u00a0<strong>la parte m\u00e1s provechosa se encuentra en los Evangelios<\/strong>, pues en ellos adem\u00e1s de su formidable impacto hist\u00f3rico-cultural causa impresi\u00f3n la perspicacia psicol\u00f3gica que subyace en sus par\u00e1bolas y exhortaciones. Quien habla ah\u00ed le ten\u00eda bien tomadas las medidas a la naturaleza humana, a sus debilidades y a sus sesgos cognitivos. M\u00faltiples estudios contempor\u00e1neos le han puesto diversos nombres, desde el efecto Lago Wobegon hasta el <a href=\"https:\/\/puntocritico.com\/ausajpuntocritico\/2023\/04\/18\/efecto-dunning-kruger\/\">efecto Dunning-Kruger<\/a>, que revisten de aura cient\u00edfica a nuestra innata tendencia a sobrevalorar nuestras capacidades, situarnos err\u00f3neamente por encima de la media y a juzgar con doble rasero, reservando la indulgencia para uno mismo y la severidad moral para el resto. Hoy d\u00eda hay incluso quien se empe\u00f1a en creer que existe tal cosa como el \u00ab<a href=\"https:\/\/www.lavanguardia.com\/vivo\/20230517\/8910909\/emma-vallespinos-mujeres-sindrome-impostor.html\" target=\"_blank\" rel=\"noopener\" data-schema-attribute=\"\">s\u00edndrome del impostor<\/a>\u00bb, de manera que la sospecha probablemente fundada que sienta alguien de que es una persona inepta en su cargo ser\u00eda un pensamiento intrusivo del que culpar al patriarcado.\u00a0<\/span><\/p>\n<p style=\"text-align: justify;\"><span style=\"font-size: 14pt;\">La cuesti\u00f3n es que, usemos unos u otros t\u00e9rminos, ya qued\u00f3 constancia hace un par de milenios de lo fundamental sobre la manera en que cualquiera se ve y se juzga a s\u00ed mismo y a los dem\u00e1s. \u00bfQui\u00e9n puede tirar realmente la primera piedra?, precisamente porque hay defectos y errores muy extendidos en los que todos tendemos a caer, aunque a veces ni siquiera seamos conscientes de ello, los Evangelios insisten tanto en la autocr\u00edtica y el examen de conciencia antes de se\u00f1alar al resto y, tambi\u00e9n, en el perd\u00f3n hacia los dem\u00e1s.\u00a0<strong>Pero esto es algo que choca de lleno con el clima actual, pues la esfera p\u00fablica pol\u00edtico-medi\u00e1tica se sustenta ahora mismo en lo opuesto.<\/strong><\/span><\/p>\n<p style=\"text-align: justify;\"><span style=\"font-size: 14pt;\">Tanto los medios de comunicaci\u00f3n estadounidenses como los espa\u00f1oles (que funcionan a modo de franquicia de los primeros) est\u00e1 atravesados hasta el tu\u00e9tano de ideolog\u00eda progresista\/<em>woke<\/em>\u00a0y uno de sus rasgos m\u00e1s llamativos es que en ella no se concibe la piedad, el perd\u00f3n, el arrepentimiento y la redenci\u00f3n, principios nucleares del cristianismo. Aqu\u00ed, ahora, ya no hay proporcionalidad en el castigo, no hay una misma vara de medir para todos y quien sea se\u00f1alado como transgresor de una norma \u2014a menudo no escrita y altamente interpretable\u2014 no podr\u00e1 poner el contador de nuevo a cero y seguir con su vida. \u00bfPor qu\u00e9 esto es as\u00ed?<\/span><\/p>\n<p>&nbsp;<\/p>\n<p><img loading=\"lazy\" decoding=\"async\" class=\"aligncenter wp-image-17325\" src=\"https:\/\/puntocritico.com\/ausajpuntocritico\/wp-content\/uploads\/2019\/03\/vocerolibertaddeprensa-rubiales-224x300.jpeg\" alt=\"\" width=\"240\" height=\"322\" data-id=\"17325\" srcset=\"https:\/\/puntocritico.com\/ausajpuntocritico\/wp-content\/uploads\/2019\/03\/vocerolibertaddeprensa-rubiales-224x300.jpeg 224w, https:\/\/puntocritico.com\/ausajpuntocritico\/wp-content\/uploads\/2019\/03\/vocerolibertaddeprensa-rubiales.jpeg 416w\" sizes=\"auto, (max-width: 240px) 100vw, 240px\" \/><\/p>\n<h3 class=\"wp-block-heading\" style=\"text-align: center;\"><span style=\"font-size: 18pt;\"><strong>Tres causas fundamentales<\/strong><\/span><\/h3>\n<p style=\"text-align: justify;\"><span style=\"font-size: 14pt;\">En primer lugar, para los medios y los periodistas que trabajan en ellos, el se\u00f1alamiento colectivo de turno contiene una funci\u00f3n ejemplarizante. Del ciudadano an\u00f3nimo o la figura p\u00fablica que haya podido hacer o decir algo considerado inapropiado de acuerdo con la nueva moral no importa el da\u00f1o real que pueda haber causado \u00a1si acaso lo hubo! y que por ello sea tratado en justa proporci\u00f3n. No se le juzgar\u00e1 por lo que realmente sea o haga, s\u00f3lo ser\u00e1 una cabeza de turco para\u00a0<strong>que el resto de la poblaci\u00f3n tome nota<\/strong>. Recordemos, por ejemplo, el caso del estudiante que el pasado a\u00f1o profiri\u00f3 unos gritos ciertamente poco elegantes en un Colegio Mayor. Lo que en un mundo normal s\u00f3lo hubiera merecido, como mucho, una reprimenda por parte de alg\u00fan encargado del centro, en este sin embargo fue objeto de un escarnio p\u00fablico que incluy\u00f3 al mismo Presidente del Gobierno y a todos los grandes medios generando tal agitaci\u00f3n que, <a href=\"https:\/\/www.abc.es\/sociedad\/joven-senalado-ahuja-acosaron-quitaron-beca-volver-20230406233836-nt.html\" target=\"_blank\" rel=\"noopener\" data-schema-attribute=\"\">seg\u00fan nos contaron<\/a>, lleg\u00f3 un momento en que \u00ab<strong>no pod\u00eda salir de su casa ante el acoso que sufr\u00eda<\/strong>(\u2026) Perdi\u00f3 la beca y le expulsaron del colegio mayor. La presi\u00f3n fue tal que acab\u00f3 dejando los estudios en Madrid y regres\u00f3 a su Mallorca natal\u00bb. \u00a0\u00a0\u00a0<\/span><\/p>\n<p style=\"text-align: justify;\"><span style=\"font-size: 14pt;\">En segundo lugar, dentro de los esquemas mentales progresistas el concepto de responsabilidad individual est\u00e1 muy diluido, dado que\u00a0<strong>todo pasa a ser estructural<\/strong>\u00a0y por lo tanto mediante la adecuada ingenier\u00eda social se podr\u00eda extirpar completamente el mal del mundo. Acostumbran a representarlo como una pir\u00e1mide o\u00a0<a href=\"https:\/\/blogs.es.amnesty.org\/madrid\/2021\/03\/01\/niunamas-como-karla\/iceberg-violencia-genero-default\/\" target=\"_blank\" rel=\"noopener\" data-schema-attribute=\"\">iceberg<\/a>\u00a0donde en la parte inferior se sit\u00faan, por ejemplo, los chistes sexistas, los celos o el rechazo al lenguaje inclusivo y todo ello termina llevando en pendiente resbaladiza irreversible al asesinato. De forma que, desde su perspectiva, no hay reacci\u00f3n que pueda tacharse de desmedida contra, digamos, un humorista que haya hecho un chiste sobre ligar con mujeres, dado que en \u00faltimo t\u00e9rmino ese chiste estar\u00eda vinculado al asesinato y cualquier grado de ostracismo y vejaci\u00f3n p\u00fablica al que se le someta estar\u00e1 bien merecido. Combatiendo chistes, comportamientos o piropos creen estar salvando vidas en su fervor justiciero y por tanto nunca les parecer\u00e1 estar yendo demasiado lejos.<\/span><\/p>\n<p style=\"text-align: justify;\"><span style=\"font-size: 14pt;\">Por \u00faltimo, hay en todo este fen\u00f3meno pol\u00edtico-medi\u00e1tico que estamos analizando una instrumentalizaci\u00f3n de la moral, que es utilizada b\u00e1sicamente como garrote contra el enemigo de turno. En redes y medios se recurre sin recato a ese\u00a0<strong>exhibicionismo moral<\/strong>\u00a0que se afeaba en el Serm\u00f3n de la monta\u00f1a, es algo que vemos a diario, sin m\u00e1s fin que alimentar la propia vanidad o tal vez para ligar con alguna chica\u2026 ah\u00ed es m\u00e1s disculpable entonces. Pero en casos como el que estamos viendo estos d\u00edas no es dif\u00edcil adivinar una intencionalidad pol\u00edtica. El Gobierno, por la raz\u00f3n que sea, quiere quitarse a alguien de en medio y entonces sus medios afines (o sea, casi todos) deben sobreactuar e hiperventilar todo lo que haga falta para hacer creer a la poblaci\u00f3n que tal o cual gesto o palabra del aludido es un crimen imperdonable. Con frecuencia en tales momentos se podr\u00e1 tirar de hemeroteca para mostrar a alg\u00fan otro, af\u00edn al Gobierno y su coro acusador, en una situaci\u00f3n similar, pero eso evidentemente no generar\u00e1 la misma reacci\u00f3n. Dejar\u00e1 entonces de haber reglas comunes para todos y entraremos en un reino de arbitrariedad y poder descarnado. Ah\u00ed es donde ahora nos encontramos.<\/span><\/p>\n<\/blockquote>\n<\/div>\n<\/div>\n<\/div>\n<\/div>\n<\/div>\n<\/section>\n<\/div>\n<\/div>\n<p style=\"text-align: justify;\">\u00a0<\/p>\n<p><img loading=\"lazy\" decoding=\"async\" class=\"aligncenter wp-image-2288804\" src=\"https:\/\/puntocritico.com\/ausajpuntocritico\/wp-content\/uploads\/2023\/10\/Asterix-La-Cizana-300x147.jpg\" alt=\"\" width=\"480\" height=\"235\" data-id=\"2288804\" srcset=\"https:\/\/puntocritico.com\/ausajpuntocritico\/wp-content\/uploads\/2023\/10\/Asterix-La-Cizana-300x147.jpg 300w, https:\/\/puntocritico.com\/ausajpuntocritico\/wp-content\/uploads\/2023\/10\/Asterix-La-Cizana-1024x501.jpg 1024w, https:\/\/puntocritico.com\/ausajpuntocritico\/wp-content\/uploads\/2023\/10\/Asterix-La-Cizana-768x376.jpg 768w, https:\/\/puntocritico.com\/ausajpuntocritico\/wp-content\/uploads\/2023\/10\/Asterix-La-Cizana.jpg 1200w\" sizes=\"auto, (max-width: 480px) 100vw, 480px\" \/><\/p>\n<p style=\"text-align: center;\"><span style=\"font-size: 18pt;\"><strong><span style=\"color: #008000;\">*******<\/span><\/strong><\/span><\/p>\n<header class=\"entry-header clearfix\">\n<h2 class=\"entry-title\" style=\"text-align: center;\"><span style=\"font-size: 24pt;\">LUCRARSE EN NOMBRE DEL ACTIVISMO<\/span><\/h2>\n<p style=\"text-align: center;\"><em><strong><span style=\"font-size: 14pt;\">Resulta que determinados activismos no s\u00f3lo son vistos por la sociedad como una \u2018causa noble\u2019, sino que tambi\u00e9n resultan muy rentables. Al menos para algunos de los activistas m\u00e1s famosos que dicen defender los derechos de los afroamericanos, el animalismo o pelear por un futuro verde para el planeta. Ellos se han convertido desde hace tiempo en millonarios<\/span><\/strong><\/em><\/p>\n<p style=\"text-align: justify;\"><span style=\"font-size: 14pt;\">Por\u00a0Maria Burke\u00a0<\/span><\/p>\n<p style=\"text-align: justify;\"><span style=\"font-size: 14pt;\"><a href=\"https:\/\/nuevarevolucion.es\/lucrarse-en-nombre-del-activismo\/\" target=\"_blank\" rel=\"noopener\">Periodismo Alternativo<\/a>, 8 SEPT 2023<\/span><\/p>\n<\/header>\n<div class=\"entry-content clearfix\">\n<figure id=\"attachment_2288792\" aria-describedby=\"caption-attachment-2288792\" style=\"width: 555px\" class=\"wp-caption aligncenter\"><img loading=\"lazy\" decoding=\"async\" class=\"wp-image-2288792\" src=\"https:\/\/puntocritico.com\/ausajpuntocritico\/wp-content\/uploads\/2023\/10\/activismo-lucro-300x156.jpg\" alt=\"\" width=\"555\" height=\"289\" data-id=\"2288792\" srcset=\"https:\/\/puntocritico.com\/ausajpuntocritico\/wp-content\/uploads\/2023\/10\/activismo-lucro-300x156.jpg 300w, https:\/\/puntocritico.com\/ausajpuntocritico\/wp-content\/uploads\/2023\/10\/activismo-lucro-768x399.jpg 768w, https:\/\/puntocritico.com\/ausajpuntocritico\/wp-content\/uploads\/2023\/10\/activismo-lucro.jpg 800w\" sizes=\"auto, (max-width: 555px) 100vw, 555px\" \/><figcaption id=\"caption-attachment-2288792\" class=\"wp-caption-text\"><span style=\"color: #008000;\">Determinadas figuras que han liderado el activismo ambientalista, por los derechos de los afroamericanos o de los animales, han terminado benefici\u00e1ndose econ\u00f3micamente.<\/span><\/figcaption><\/figure>\n<\/div>\n<p>&nbsp;<\/p>\n<div class=\"entry-content clearfix\">\n<p style=\"text-align: justify;\"><span style=\"font-size: 14pt;\">Resulta que determinados activismos no s\u00f3lo son vistos por la sociedad como una \u2018<em>causa noble<\/em>\u2019, sino que tambi\u00e9n resultan muy rentables. Al menos para algunos de los activistas m\u00e1s famosos que dicen defender los derechos de los afroamericanos, el animalismo o pelear por un futuro verde para el planeta. Ellos se han convertido desde hace tiempo en millonarios.<\/span><\/p>\n<p style=\"text-align: justify;\"><span style=\"font-size: 14pt;\">La considerada como madre fundadora del movimiento <strong>Black Lives Matter<\/strong>,<strong> Patrisse Cullors<\/strong>, naci\u00f3 en una familia pobre y marginal en Los \u00c1ngeles. Sus hermanos han estado tras las rejas m\u00e1s de una vez por robos y drogas. Pero <strong>Patrice<\/strong> decidi\u00f3 canalizar sus esfuerzos hacia un supuesto activismo social. En 2013, junto con otros miembros, fund\u00f3 el movimiento <strong>Black Lives Matter<\/strong>, con el que obtuvo cierta fama. Seg\u00fan describe <strong>Patrice<\/strong> en su libro, para crear este movimiento se \u2018<em>inspir\u00f3<\/em>\u2019 en el terrible trato que uno de sus hermanos recibi\u00f3 en prisi\u00f3n, con constantes palizas e intimidaci\u00f3n.<\/span><\/p>\n<\/div>\n<p>&nbsp;<\/p>\n<figure id=\"attachment_2288791\" aria-describedby=\"caption-attachment-2288791\" style=\"width: 480px\" class=\"wp-caption aligncenter\"><img loading=\"lazy\" decoding=\"async\" class=\"wp-image-2288791\" src=\"https:\/\/puntocritico.com\/ausajpuntocritico\/wp-content\/uploads\/2023\/10\/cullors-blm-300x209.jpg\" alt=\"\" width=\"480\" height=\"335\" data-id=\"2288791\" srcset=\"https:\/\/puntocritico.com\/ausajpuntocritico\/wp-content\/uploads\/2023\/10\/cullors-blm-300x209.jpg 300w, https:\/\/puntocritico.com\/ausajpuntocritico\/wp-content\/uploads\/2023\/10\/cullors-blm-768x536.jpg 768w, https:\/\/puntocritico.com\/ausajpuntocritico\/wp-content\/uploads\/2023\/10\/cullors-blm.jpg 800w\" sizes=\"auto, (max-width: 480px) 100vw, 480px\" \/><figcaption id=\"caption-attachment-2288791\" class=\"wp-caption-text\"><span style=\"color: #008000;\">Patrisse Cullors<\/span><\/figcaption><\/figure>\n<p>&nbsp;<\/p>\n<div class=\"entry-content clearfix\">\n<p style=\"text-align: justify;\"><span style=\"font-size: 14pt;\">El momento clave para <strong>Cullors<\/strong> lleg\u00f3 en 2020, cuando las protestas masivas bajo el lema <strong>Black Lives Matter<\/strong> se extendieron por todo Estados Unidos. En ese momento, el movimiento ten\u00eda 30 grupos operativos en todo el pa\u00eds. Ese a\u00f1o, seg\u00fan declaraciones de impuestos, el movimiento recibi\u00f3 m\u00e1s de 90 millones de d\u00f3lares y, seg\u00fan algunos informes, cientos de corporaciones y particulares donaron m\u00e1s de 1.000 millones de d\u00f3lares. No hay informaci\u00f3n sobre d\u00f3nde fue a parar la mayor parte de ese dinero.<\/span><\/p>\n<\/div>\n<p>&nbsp;<\/p>\n<blockquote>\n<p style=\"text-align: center;\"><span style=\"color: #008000;\"><strong><span style=\"font-size: 14pt;\"> Ese a\u00f1o (2020), seg\u00fan declaraciones de impuestos, el movimiento recibi\u00f3 m\u00e1s de 90 millones de d\u00f3lares y, seg\u00fan algunos informes, cientos de corporaciones y particulares donaron m\u00e1s de 1.000 millones de d\u00f3lares. No hay informaci\u00f3n sobre d\u00f3nde fue a parar la mayor parte de ese dinero<\/span><\/strong><\/span><\/p>\n<\/blockquote>\n<p>&nbsp;<\/p>\n<div class=\"entry-content clearfix\">\n<p style=\"text-align: justify;\"><span style=\"font-size: 14pt;\">En el invierno de 2020, algunos sectores criticaron a la direcci\u00f3n, denunciando que durante todos los a\u00f1os de existencia del movimiento, no se hab\u00eda desarrollado un sistema de informaci\u00f3n unificado. Esto llev\u00f3 a muchos a cuestionar la integridad de los fundadores del movimiento. Se revel\u00f3 que no constaba en ninguna parte cu\u00e1nto dinero recibi\u00f3 la organizaci\u00f3n por parte de los donantes y qu\u00e9 salario recib\u00eda la propia <strong>Patrice<\/strong>.<\/span><\/p>\n<p style=\"text-align: justify;\"><span style=\"font-size: 14pt;\">En la primavera de 2021 algunos medios de comunicaci\u00f3n\u00a0<a href=\"https:\/\/nypost.com\/2021\/04\/10\/inside-blm-co-founder-patrisse-khan-cullors-real-estate-buying-binge\/\" target=\"_blank\" rel=\"noopener\" data-schema-attribute=\"\">aseguraron<\/a>\u00a0que <strong>Cullors<\/strong> estaba comprando propiedades en un momento en que Estados Unidos estaba sacudido por las protestas. Posteriormente se supo que la fundadora de <strong>Black Lives Matter<\/strong> ten\u00eda cuatro mansiones de lujo, cuyo precio promedio era de 3,2 millones de d\u00f3lares.<\/span><\/p>\n<p style=\"text-align: justify;\"><span style=\"font-size: 14pt;\">En medio del esc\u00e1ndalo, <strong>Patrisse Cullors<\/strong> dej\u00f3 el movimiento en mayo de 2021. En declaraciones a los medios intent\u00f3 justificarse. Afirm\u00f3 que renunci\u00f3 para trabajar en un libro y un contrato televisivo. De hecho, public\u00f3 un libro y luego intent\u00f3 abrir carrera en el mundo del cine y la tv. Pero el negocio del cine no funcion\u00f3. No hace mucho, <em>Warner Bros.<\/em> rescindi\u00f3 el acuerdo con ella porque durante tres a\u00f1os <strong>Patrice<\/strong> no hab\u00eda aportado ideas para pel\u00edculas, series documentales o dibujos animados.<\/span><\/p>\n<p>&nbsp;<\/p>\n<h3 style=\"text-align: center;\"><span style=\"font-size: 18pt;\">El animalismo de Tash Peterson<\/span><\/h3>\n<\/div>\n<p><img loading=\"lazy\" decoding=\"async\" class=\"aligncenter wp-image-2288790\" src=\"https:\/\/puntocritico.com\/ausajpuntocritico\/wp-content\/uploads\/2023\/10\/peterson-animalista-300x169.jpg\" alt=\"\" width=\"480\" height=\"271\" data-id=\"2288790\" srcset=\"https:\/\/puntocritico.com\/ausajpuntocritico\/wp-content\/uploads\/2023\/10\/peterson-animalista-300x169.jpg 300w, https:\/\/puntocritico.com\/ausajpuntocritico\/wp-content\/uploads\/2023\/10\/peterson-animalista-768x433.jpg 768w, https:\/\/puntocritico.com\/ausajpuntocritico\/wp-content\/uploads\/2023\/10\/peterson-animalista-678x381.jpg 678w, https:\/\/puntocritico.com\/ausajpuntocritico\/wp-content\/uploads\/2023\/10\/peterson-animalista.jpg 800w\" sizes=\"auto, (max-width: 480px) 100vw, 480px\" \/><\/p>\n<p>&nbsp;<\/p>\n<div class=\"entry-content clearfix\">\n<p style=\"text-align: justify;\"><span style=\"font-size: 14pt;\">La activista australiana defensora de los derechos de los animales<strong> Tash Peterson<\/strong>, conocida como \u2018<em>Vegan Booty<\/em>\u2019, se dio a conocer con sus apariciones en lugares p\u00fablicos con pancartas reivindicativas.<\/span><\/p>\n<p style=\"text-align: justify;\"><span style=\"font-size: 14pt;\">A pesar del fr\u00edo invernal, <strong>Peterson<\/strong> se manifestaba vistiendo una provocativa ropa interior rosa mostrando su rechazo al uso de mantas y abrigos confeccionados con materiales de animales. Su acci\u00f3n en un restaurante de comida r\u00e1pida le dio gran fama. Tash apareci\u00f3 all\u00ed con un delantal de carnicero y comenz\u00f3 a verter sangre falsa por todo el establecimiento, pidiendo compasi\u00f3n por las gallinas. Y en v\u00edsperas de Navidad, llev\u00f3 flores y fotograf\u00edas de lechones al departamento de carnes del supermercado, calificando la festividad como un holocausto inhumano.<\/span><\/p>\n<p style=\"text-align: justify;\"><span style=\"font-size: 14pt;\">Las irrupciones de la activista terminaron con su prohibici\u00f3n de entrar a bares y restaurantes en Australia Occidental. Posteriormente, <strong>Tash<\/strong> termin\u00f3\u00a0<a href=\"https:\/\/www.perthnow.com.au\/news\/wa\/notorious-vegan-activist-tash-peterson-turns-to-onlyfans-in-bid-to-save-animals-ng-b881999189z\" target=\"_blank\" rel=\"noopener\" data-schema-attribute=\"\">cosific\u00e1ndose<\/a>\u00a0en la plataforma de adultos <em>Onlyfans<\/em>. All\u00ed, <strong>Peterson<\/strong> gana al menos 40.000 d\u00f3lares al mes mostrando su cuerpo a todo el mundo.<\/span><\/p>\n<p style=\"text-align: justify;\"><span style=\"font-size: 14pt;\">\u201c<em>Me acusan de buscar atenci\u00f3n, me acusan de sexualizarme, me acusan de ser una activista por los derechos de los animales solo para promocionar mi cuenta de Onlyfans<\/em>\u201d, escribi\u00f3 la activista en sus redes sociales. Y asegur\u00f3 que la \u00fanica raz\u00f3n por la que demuestra sus encantos es el deseo de llamar m\u00e1s la atenci\u00f3n sobre los problemas de \u2018<em>nuestros hermanos animales<\/em>\u2019.<\/span><\/p>\n<p>&nbsp;<\/p>\n<h3 style=\"text-align: center;\"><span style=\"font-size: 18pt;\">El ambientalismo de Greta Thunberg<\/span><\/h3>\n<\/div>\n<p><img loading=\"lazy\" decoding=\"async\" class=\"aligncenter wp-image-2288789\" src=\"https:\/\/puntocritico.com\/ausajpuntocritico\/wp-content\/uploads\/2023\/10\/Thunberg-Davos-300x200.jpg\" alt=\"\" width=\"480\" height=\"320\" data-id=\"2288789\" srcset=\"https:\/\/puntocritico.com\/ausajpuntocritico\/wp-content\/uploads\/2023\/10\/Thunberg-Davos-300x200.jpg 300w, https:\/\/puntocritico.com\/ausajpuntocritico\/wp-content\/uploads\/2023\/10\/Thunberg-Davos-768x512.jpg 768w, https:\/\/puntocritico.com\/ausajpuntocritico\/wp-content\/uploads\/2023\/10\/Thunberg-Davos.jpg 800w\" sizes=\"auto, (max-width: 480px) 100vw, 480px\" \/><\/p>\n<p>&nbsp;<\/p>\n<div class=\"entry-content clearfix\">\n<p style=\"text-align: justify;\"><span style=\"font-size: 14pt;\">La activista medioambiental sueca <strong>Greta Thunberg<\/strong>, que fue invitada a intervenir en la tribuna de la ONU, se inici\u00f3 a temprana edad, con tan solo 15 a\u00f1os, en el mundo del activismo. Desde que <strong>Thunberg<\/strong> emergi\u00f3 medi\u00e1ticamente como un \u2018<em>\u00edcono del movimiento verde<\/em>\u2019, ha habido rumores de que varios lobbies y empresas la respaldan y la est\u00e1n utilizando en su beneficio.<\/span><\/p>\n<p style=\"text-align: justify;\"><span style=\"font-size: 14pt;\">El primero en monetizar la popularidad de <strong>Greta<\/strong> fue el relaciones p\u00fablicas sueco <strong>Ingmar Rentzhog<\/strong>, quien cre\u00f3 el proyecto ecol\u00f3gico \u00ab<em>No tenemos tiempo<\/em>\u00bb y luego, aprovechando la notoriedad medi\u00e1tica de <strong>Thunberg<\/strong>, atrajo varios millones de d\u00f3lares de inversi\u00f3n. M\u00e1s tarde, los medios de comunicaci\u00f3n establecieron una conexi\u00f3n entre <strong>Rentzhog<\/strong> y el ex vicepresidente estadounidense <strong>Al Gore<\/strong>. El pol\u00edtico impulsa la \u2018<em>agenda verde<\/em>\u2019 desde finales de los a\u00f1os 90 y ha ganado millones de d\u00f3lares negociando cuotas de emisiones de di\u00f3xido de carbono.<\/span><\/p>\n<\/div>\n<p>&nbsp;<\/p>\n<blockquote>\n<p style=\"text-align: center;\"><strong><span style=\"font-size: 14pt; color: #008000;\">En los \u00faltimos cinco a\u00f1os, se han publicado siete libros en los que Greta figura como autora<\/span><\/strong><\/p>\n<\/blockquote>\n<p>&nbsp;<\/p>\n<div class=\"entry-content clearfix\">\n<p style=\"text-align: justify;\"><span style=\"font-size: 14pt;\">Los periodistas tambi\u00e9n establecieron una supuesta conexi\u00f3n entre <strong>Greta<\/strong> y <strong>George Soros<\/strong>. La joven sueca estuvo a menudo rodeada de la activista ambiental alemana <strong>Louise Newbayer<\/strong>, a quien se le atribuy\u00f3 contactos con las organizaciones financieras.<\/span><\/p>\n<p style=\"text-align: justify;\"><span style=\"font-size: 14pt;\">Los periodistas han dicho m\u00e1s de una vez que <strong>Thunberg<\/strong> gan\u00f3 su primer mill\u00f3n de d\u00f3lares incluso antes de llegar a la edad adulta. La activista asegura que el activismo medioambiental como tal no le ha aportado ni una sola corona sueca. Pero su principal ingreso son las bonificaciones. Las transfiere a su\u00a0<a href=\"https:\/\/www.eleconomista.es\/energia\/noticias\/10328319\/01\/20\/Greta-Thunberg-crea-una-marca-comercial-con-su-nombre-y-una-fundacion-para-sus-ingresos-.html\" target=\"_blank\" rel=\"noopener\" data-schema-attribute=\"\">fondo<\/a>, incluidas las regal\u00edas y las ganancias de la venta de libros. En los \u00faltimos cinco a\u00f1os, se han publicado siete libros en los que <strong>Greta<\/strong> figura como autora.<\/span><\/p>\n<\/div>\n<p>&nbsp;<\/p>\n<p>&nbsp;<\/p>\n<p><img loading=\"lazy\" decoding=\"async\" class=\"aligncenter wp-image-2288806\" src=\"https:\/\/puntocritico.com\/ausajpuntocritico\/wp-content\/uploads\/2023\/10\/Captura-de-pantalla-2023-10-08-123028-300x212.png\" alt=\"\" width=\"360\" height=\"255\" data-id=\"2288806\" srcset=\"https:\/\/puntocritico.com\/ausajpuntocritico\/wp-content\/uploads\/2023\/10\/Captura-de-pantalla-2023-10-08-123028-300x212.png 300w, https:\/\/puntocritico.com\/ausajpuntocritico\/wp-content\/uploads\/2023\/10\/Captura-de-pantalla-2023-10-08-123028.png 478w\" sizes=\"auto, (max-width: 360px) 100vw, 360px\" \/><\/p>\n<p style=\"text-align: center;\"><span style=\"font-size: 18pt;\"><strong><span style=\"color: #008000;\">*******<\/span><\/strong><\/span><\/p>\n<h2 style=\"text-align: center;\"><span style=\"font-size: 24pt;\"><strong>DESCUBREN LAS MANSIONES DE LA MARXISTA COFUNDADORA DE BLACK LIVES MATTER<\/strong><\/span><\/h2>\n<p style=\"text-align: center;\"><em><strong><span style=\"font-size: 14pt;\">Denuncian que la activista quiere comprar una propiedad en Las Bahamas en donde tendr\u00eda como vecinos a multimillonarias celebridades.<\/span><\/strong><\/em><\/p>\n<p style=\"text-align: justify;\"><span style=\"font-size: 14pt;\"><a href=\"https:\/\/primerinforme.com\/analisis\/las-mansiones-de-la-marxista-cofundadora-de-black-lives-matter\/\" target=\"_blank\" rel=\"noopener\">Primer informe<\/a>, 13 ABRIL 2021<\/span><\/p>\n<p><img loading=\"lazy\" decoding=\"async\" class=\"aligncenter wp-image-2288795 size-full\" src=\"https:\/\/puntocritico.com\/ausajpuntocritico\/wp-content\/uploads\/2023\/10\/PROPIEDADES_bLM_PRIMERINFORME.jpg\" alt=\"BLACK LIVES MATTER\" width=\"978\" height=\"652\" data-id=\"2288795\" srcset=\"https:\/\/puntocritico.com\/ausajpuntocritico\/wp-content\/uploads\/2023\/10\/PROPIEDADES_bLM_PRIMERINFORME.jpg 978w, https:\/\/puntocritico.com\/ausajpuntocritico\/wp-content\/uploads\/2023\/10\/PROPIEDADES_bLM_PRIMERINFORME-300x200.jpg 300w, https:\/\/puntocritico.com\/ausajpuntocritico\/wp-content\/uploads\/2023\/10\/PROPIEDADES_bLM_PRIMERINFORME-768x512.jpg 768w\" sizes=\"auto, (max-width: 978px) 100vw, 978px\" \/><\/p>\n<p>&nbsp;<\/p>\n<p style=\"text-align: justify;\"><span style=\"font-size: 14pt;\">Mientras aupaban protestas en todo Estados Unidos, una de las cofundadoras del controversial grupo\u00a0<strong>Black Lives Matter (BLM)<\/strong>, encontraba otra cosa en la que ocuparse. Se embarc\u00f3 en la compra de bienes ra\u00edces y se qued\u00f3 con cuatro casas de lujo valoradas $ 3.2 millones, dijo el medio estadounidense\u00a0<strong>The New York Post<\/strong>.<\/span><\/p>\n<p>&nbsp;<\/p>\n<blockquote>\n<p style=\"text-align: center;\"><span style=\"color: #008000;\"><strong><span style=\"font-size: 14pt;\">Se embarc\u00f3 en la compra de bienes ra\u00edces y se qued\u00f3 con cuatro casas de lujo valoradas $ 3.2 millones, dijo el medio estadounidense\u00a0The New York Post<\/span><\/strong><\/span><\/p>\n<\/blockquote>\n<p>&nbsp;<\/p>\n<p style=\"text-align: justify;\"><span style=\"font-size: 14pt;\"><strong>La autodenominada marxista compr\u00f3 el mes pasado una casa de 1,4 millones de d\u00f3lares en una calle apartada a poca distancia de Malib\u00fa en Los \u00c1ngeles, seg\u00fan un informe. Esta ser\u00eda solo una de las tres casas que Khan-Cullors posee en el \u00e1rea de Los \u00c1ngeles, seg\u00fan muestran los registros p\u00fablicos.<\/strong><\/span><\/p>\n<p style=\"text-align: justify;\"><span style=\"font-size: 14pt;\">Las l\u00edderes de BLM nunca han escondido su fascinaci\u00f3n por la\u00a0<a href=\"https:\/\/primerinforme.com\/2020\/06\/07\/informe-los-vinculos-secretos-de-black-lives-matter-y-nicolas-maduro\/\" target=\"_blank\" rel=\"noopener\" data-schema-attribute=\"\">dictadura venezolana y su admiraci\u00f3n por el propio Nicol\u00e1s Maduro con quien mantienen una fruct\u00edfera alianza<\/a>.<\/span><\/p>\n<p style=\"text-align: justify;\"><span style=\"font-size: 14pt;\">Algunos compa\u00f1eros activistas quedaron desconcertados por las revelaciones inmobiliarias.<\/span><\/p>\n<p style=\"text-align: justify;\"><span style=\"font-size: 14pt;\"><strong>Hawk Newsome, director de Black Lives Matter Greater New York City, que no est\u00e1 afiliada a Black Lives Matter Global Network Foundation de Khan-Cullors, pidi\u00f3 una \u00abinvestigaci\u00f3n independiente\u00bb para averiguar c\u00f3mo la red global gasta su dinero.<\/strong><\/span><\/p>\n<p style=\"text-align: justify;\"><span style=\"font-size: 14pt;\">\u00ab<em>Si te llamas socialista, tienes que preguntarte cu\u00e1nto de su dinero personal se destina a causas ben\u00e9ficas<\/em>\u00bb, dijo.<\/span><\/p>\n<p style=\"text-align: justify;\"><span style=\"font-size: 14pt;\">El a\u00f1o pasado, <strong>Khan-Cullors<\/strong> y su esposa <strong>Janaya Khan<\/strong> se aventuraron a Georgia para adquirir un \u00abrancho personalizado\u00bb. El valor de esta cuarta propiedad ser\u00eda de \u00a0$ 415,000.<\/span><\/p>\n<p>&nbsp;<\/p>\n<figure id=\"attachment_2288793\" aria-describedby=\"caption-attachment-2288793\" style=\"width: 480px\" class=\"wp-caption aligncenter\"><img loading=\"lazy\" decoding=\"async\" class=\"wp-image-2288793\" src=\"https:\/\/puntocritico.com\/ausajpuntocritico\/wp-content\/uploads\/2023\/10\/patrisse-cullors_BLM_PRIMERINFORME-300x200.jpg\" alt=\"\" width=\"480\" height=\"320\" data-id=\"2288793\" srcset=\"https:\/\/puntocritico.com\/ausajpuntocritico\/wp-content\/uploads\/2023\/10\/patrisse-cullors_BLM_PRIMERINFORME-300x200.jpg 300w, https:\/\/puntocritico.com\/ausajpuntocritico\/wp-content\/uploads\/2023\/10\/patrisse-cullors_BLM_PRIMERINFORME-768x512.jpg 768w, https:\/\/puntocritico.com\/ausajpuntocritico\/wp-content\/uploads\/2023\/10\/patrisse-cullors_BLM_PRIMERINFORME.jpg 978w\" sizes=\"auto, (max-width: 480px) 100vw, 480px\" \/><figcaption id=\"caption-attachment-2288793\" class=\"wp-caption-text\"><span style=\"color: #008000;\">Patrisse Khan-Cullors, confundadora de Black Lives Matters, grupo que recibi\u00f3 90 millones de d\u00f3lares en ingresos el a\u00f1o pasado.<\/span><\/figcaption><\/figure>\n<p>&nbsp;<\/p>\n<h3 style=\"text-align: center;\"><span style=\"font-size: 18pt;\">Financiamiento opaco<\/span><\/h3>\n<p style=\"text-align: justify;\"><span style=\"font-size: 14pt;\"><strong>En octubre, la activista firm\u00f3 \u00abun acuerdo multiplataforma\u00bb con Warner Bros Television Group para ayudar a producir contenido para \u00abvoces negras que hist\u00f3ricamente han sido marginadas\u00bb, dijo en un comunicado.\u00a0 No se sabe cu\u00e1nto recibi\u00f3 la cofundadora de BLM en compensaci\u00f3n por esa negociaci\u00f3n.<\/strong><\/span><\/p>\n<p style=\"text-align: justify;\"><span style=\"font-size: 14pt;\"><strong>Khan-Cullors<\/strong> comenz\u00f3 su juerga de compras\u00a0 de propiedades en Los \u00c1ngeles en 2016. Apenas unos a\u00f1os despu\u00e9s de que el movimiento de derechos civiles comenzara a darse a conocer con un hashtag, #blacklivesmatter, junto a sus compa\u00f1eras activistas <strong>Alicia Garza<\/strong> y \u200b\u200b<strong>Opal Tometi<\/strong>.<\/span><\/p>\n<p style=\"text-align: justify;\"><span style=\"font-size: 14pt;\"><strong>Ese a\u00f1o, compr\u00f3 una casa de tres habitaciones por $ 510,000. Ahora vale casi $ 800,000.\u00a0<\/strong><\/span><\/p>\n<p style=\"text-align: justify;\"><span style=\"font-size: 14pt;\">Dos a\u00f1os despu\u00e9s, en 2018, <strong>Khan-Cullors<\/strong> compr\u00f3 una casa de cuatro habitaciones en el sur de Los \u00c1ngeles, en un vecindario multi\u00e9tnico. <strong>Khan-Cullors<\/strong> pag\u00f3 $ 590.000 por la casa cuyo valor ahora ser\u00eda de $ 720,000, seg\u00fan registros p\u00fablicos.<\/span><\/p>\n<p style=\"text-align: justify;\"><span style=\"font-size: 14pt;\"><strong>La activista se convirti\u00f3 al marxismo a una edad temprana. \u201cComenz\u00f3 el a\u00f1o en que cumpl\u00ed doce\u201d, escribe. \u00abEse fue el a\u00f1o en que aprend\u00ed que ser negra y pobre me defin\u00eda m\u00e1s que ser brillante, esperanzada y lista\u00bb.<\/strong><\/span><\/p>\n<p style=\"text-align: justify;\"><span style=\"font-size: 14pt;\">En febrero, <strong>Black Lives Matter<\/strong> le dijo a la Associated Press que recibi\u00f3 $90 millones en 2020, con $ 21.7 millones comprometidos para otorgar fondos y ayudar a 30 grupos liderados por negros en todo el pa\u00eds.<\/span><\/p>\n<p style=\"text-align: right;\"><em><span style=\"font-size: 14pt;\">Con informaci\u00f3n de\u00a0<a href=\"https:\/\/nypost.com\/2021\/04\/10\/inside-blm-co-founder-patrisse-khan-cullors-real-estate-buying-binge\/amp\/?__twitter_impression=true&amp;s=09\" target=\"_blank\" rel=\"noopener\" data-schema-attribute=\"\">New York Post<\/a>.<\/span><\/em><\/p>\n<p>&nbsp;<\/p>\n<p><img loading=\"lazy\" decoding=\"async\" class=\"aligncenter wp-image-2288801\" src=\"https:\/\/puntocritico.com\/ausajpuntocritico\/wp-content\/uploads\/2023\/10\/Guerra-psicologica-La-Cizana-Asterix-Perfectus-Detritus-300x125.jpg\" alt=\"\" width=\"555\" height=\"231\" data-id=\"2288801\" srcset=\"https:\/\/puntocritico.com\/ausajpuntocritico\/wp-content\/uploads\/2023\/10\/Guerra-psicologica-La-Cizana-Asterix-Perfectus-Detritus-300x125.jpg 300w, https:\/\/puntocritico.com\/ausajpuntocritico\/wp-content\/uploads\/2023\/10\/Guerra-psicologica-La-Cizana-Asterix-Perfectus-Detritus.jpg 384w\" sizes=\"auto, (max-width: 555px) 100vw, 555px\" \/><\/p>\n<p style=\"text-align: center;\"><span style=\"font-size: 18pt;\"><strong><span style=\"color: #008000;\">*******<\/span><\/strong><\/span><\/p>\n<div class=\"td_block_wrap tdb_title tdi_123 tdb-single-title td-pb-border-top td_block_template_1\" data-td-block-uid=\"tdi_123\">\n<div class=\"tdb-block-inner td-fix-index\">\n<h2 style=\"text-align: center;\"><span style=\"font-size: 24pt;\">LA COFUNDADORA DE BLACK LIVES MATTER RENUNCIA AL MOVIMIENTO TRAS REVELARSE QUE TIENE UN PATRIMONIO DE M\u00c1S DE 3 MILLONES DE D\u00d3LARES<\/span><\/h2>\n<p style=\"text-align: center;\"><em><span style=\"font-size: 14pt;\"><strong>Cullors ha decidido apartarse de la fundaci\u00f3n condenando lo que llama \u00abuna campa\u00f1a de difamaci\u00f3n de grupos de extrema derecha\u00bb que intentan desacreditarla<\/strong><\/span><\/em><\/p>\n<div style=\"text-align: justify;\"><span style=\"font-size: 14pt;\"><a href=\"https:\/\/www.elliberal.com\/la-cofundadora-de-black-lives-matter-renuncia-al-movimiento-tras-revelarse-que-tiene-un-patrimonio-de-mas-de-3-millones-de-dolares\/\" target=\"_blank\" rel=\"noopener\">El Liberal<\/a>, 18 MAYO 2021<\/span><\/div>\n<\/div>\n<\/div>\n<div class=\"wpb_wrapper td_block_separator td_block_wrap vc_separator tdi_126  td_separator_solid td_separator_center\">\u00a0<\/div>\n<div>\n<figure id=\"attachment_2288794\" aria-describedby=\"caption-attachment-2288794\" style=\"width: 480px\" class=\"wp-caption aligncenter\"><img loading=\"lazy\" decoding=\"async\" class=\"wp-image-2288794\" src=\"https:\/\/puntocritico.com\/ausajpuntocritico\/wp-content\/uploads\/2023\/10\/black-lives-matter-patrisse-cullors-1-741x486-1-300x197.webp\" alt=\"\" width=\"480\" height=\"315\" data-id=\"2288794\" srcset=\"https:\/\/puntocritico.com\/ausajpuntocritico\/wp-content\/uploads\/2023\/10\/black-lives-matter-patrisse-cullors-1-741x486-1-300x197.webp 300w, https:\/\/puntocritico.com\/ausajpuntocritico\/wp-content\/uploads\/2023\/10\/black-lives-matter-patrisse-cullors-1-741x486-1.webp 741w\" sizes=\"auto, (max-width: 480px) 100vw, 480px\" \/><figcaption id=\"caption-attachment-2288794\" class=\"wp-caption-text\"><span style=\"color: #008000;\">La cofundadora de Black Lives Matters Patrisse Cullors.<\/span><\/figcaption><\/figure>\n<\/div>\n<div>\u00a0<\/div>\n<p style=\"text-align: justify;\"><span style=\"font-size: 14pt;\"><strong>Patrisse Cullors<\/strong> es la cofundadora del famoso movimiento estadounidense <strong>Black Lives Matter<\/strong> que se encuentra actualmente en medio de fuertes cr\u00edticas por su estilo de vida tachado de \u00ab<em>lujoso<\/em>\u00bb, ya que se revel\u00f3 que posee una ostentosa cartera de bienes inmuebles de m\u00e1s de tres millones de d\u00f3lares. Frente a las cr\u00edticas recibidas, <strong>Cullors<\/strong>\u00a0<strong>ha decidido renunciar a su cargo de directora ejecutiva de Black Lives Matter Global Network Foundation<\/strong>.<\/span><\/p>\n<p style=\"text-align: justify;\"><span style=\"font-size: 14pt;\">La cofundadora del movimiento <strong>Black Lives Matter<\/strong> ha explicado que se separa de este movimiento para poder enfocarse a otros proyectos que tiene entre manos, como es el lanzamiento de su segundo libro y un acuerdo televisivo a largo plazo que tiene con Warner Bros. A estos proyectos se suman las cr\u00edticas recibidas por sus bienes, en consecuencia, <strong>Cullors<\/strong> ha tomado la decisi\u00f3n de apartarse de la fundaci\u00f3n,\u00a0<strong>condenando lo que llama<\/strong>\u00a0<strong>\u00abuna campa\u00f1a de difamaci\u00f3n de grupos de extrema derecha\u00bb que intentan desacreditarla<\/strong>.<\/span><\/p>\n<p style=\"text-align: justify;\"><span style=\"font-size: 14pt;\">Otra de las controversias que hay en relaci\u00f3n con la <strong>fundaci\u00f3n<\/strong> <strong>Black Lives Matter Global Network<\/strong> es las finanzas de esta organizaci\u00f3n y la riqueza personal que ha adquirido en el \u00faltimo tiempo. Con estas controversias, <strong>Cullors<\/strong> ha decidido salir de la fundaci\u00f3n porque ella\u00a0<strong>siente que \u00ab<em>es el momento adecuado<\/em>\u00bb\u00a0<\/strong>y que ha creado \u00ab<em>la infraestructura y el apoyo, y el esqueleto y los cimientos necesarios para poder irme<\/em>\u00bb, asegura.<\/span><\/p>\n<p style=\"text-align: justify;\"><span style=\"font-size: 14pt;\">Aunque <strong>Cullors<\/strong> considere que es el mejor momento para irse porque ya ha creado los \u00ab<em>cimientos necesarios<\/em>\u00bb para la fundaci\u00f3n, sigue siendo objeto de cr\u00edticas por haber adquirido cuatro inmuebles de lujo valorados en 3,2 millones de d\u00f3lares. Por este motivo,\u00a0<strong>muchos ciudadanos se han cuestionado qu\u00e9 porcentaje de las donaciones se destinaban realmente a programas de justicia social<\/strong>, aunque la fundaci\u00f3n ya se ha pronunciado ante estas cr\u00edticas desmintiendo un supuesto manejo indebido de fondos.<\/span><\/p>\n<p>&nbsp;<\/p>\n<blockquote>\n<p style=\"text-align: center;\"><strong><span style=\"font-size: 14pt; color: #008000;\">En el a\u00f1o 2019, esta fundaci\u00f3n\u00a0cerr\u00f3 el a\u00f1o con un saldo de 60 millones de d\u00f3lares, aunque durante ese mismo a\u00f1o recibi\u00f3 90 millones de d\u00f3lares en donativos, de los cuales gastaron casi una cuarta parte de los ingresos en costos operativos y acciones de caridad. Los cr\u00edticos del movimiento sostienen que un alto porcentaje de ese dinero deber\u00eda de haberse donado a las familias de v\u00edctimas de la brutalidad policial que no han tenido ning\u00fan tipo de ayuda<\/span><\/strong><\/p>\n<\/blockquote>\n<p>&nbsp;<\/p>\n<p style=\"text-align: justify;\"><span style=\"font-size: 14pt;\">Tras la renuncia de <strong>Cullors<\/strong> como directora ejecutiva de <strong>Black Lives Matter Global Network Foundation<\/strong>,\u00a0<strong>se espera que asuman este cargo dos activistas que cuenta con una gran experiencia ejecutiva, Monifa Bandele y Makani Themba<\/strong>.<\/span><\/p>\n<p style=\"text-align: justify;\"><span style=\"font-size: 14pt;\">En el a\u00f1o 2019, esta fundaci\u00f3n\u00a0<strong>cerr\u00f3 el a\u00f1o con un saldo de 60 millones de d\u00f3lares<\/strong>, aunque durante ese mismo a\u00f1o recibi\u00f3 90 millones de d\u00f3lares en donativos, de los cuales gastaron casi una cuarta parte de los ingresos en costos operativos y acciones de caridad. Los cr\u00edticos del movimiento sostienen que un alto porcentaje de ese dinero deber\u00eda de haberse donado a las familias de v\u00edctimas de la brutalidad policial que no han tenido ning\u00fan tipo de ayuda.<\/span><\/p>\n<p>&nbsp;<\/p>\n<p><img loading=\"lazy\" decoding=\"async\" class=\"aligncenter wp-image-2288803\" src=\"https:\/\/puntocritico.com\/ausajpuntocritico\/wp-content\/uploads\/2023\/10\/Perfectus-Detritus-Asterix-La-Cizana-300x169.webp\" alt=\"\" width=\"480\" height=\"270\" data-id=\"2288803\" srcset=\"https:\/\/puntocritico.com\/ausajpuntocritico\/wp-content\/uploads\/2023\/10\/Perfectus-Detritus-Asterix-La-Cizana-300x169.webp 300w, https:\/\/puntocritico.com\/ausajpuntocritico\/wp-content\/uploads\/2023\/10\/Perfectus-Detritus-Asterix-La-Cizana-1024x576.webp 1024w, https:\/\/puntocritico.com\/ausajpuntocritico\/wp-content\/uploads\/2023\/10\/Perfectus-Detritus-Asterix-La-Cizana-768x432.webp 768w, https:\/\/puntocritico.com\/ausajpuntocritico\/wp-content\/uploads\/2023\/10\/Perfectus-Detritus-Asterix-La-Cizana-1536x864.webp 1536w, https:\/\/puntocritico.com\/ausajpuntocritico\/wp-content\/uploads\/2023\/10\/Perfectus-Detritus-Asterix-La-Cizana-678x381.webp 678w, https:\/\/puntocritico.com\/ausajpuntocritico\/wp-content\/uploads\/2023\/10\/Perfectus-Detritus-Asterix-La-Cizana-1320x743.webp 1320w, https:\/\/puntocritico.com\/ausajpuntocritico\/wp-content\/uploads\/2023\/10\/Perfectus-Detritus-Asterix-La-Cizana.webp 1900w\" sizes=\"auto, (max-width: 480px) 100vw, 480px\" \/><\/p>\n<p style=\"text-align: center;\"><span style=\"font-size: 18pt;\"><strong><span style=\"color: #008000;\">*******<\/span><\/strong><\/span><\/p>\n<div class=\"elementor-element elementor-element-3244f97 elementor-widget elementor-widget-theme-post-title elementor-page-title elementor-widget-heading\" data-id=\"3244f97\" data-element_type=\"widget\" data-widget_type=\"theme-post-title.default\">\n<div class=\"elementor-widget-container\">\n<h2 class=\"elementor-heading-title elementor-size-default\" style=\"text-align: center;\"><span style=\"font-size: 24pt;\">LA REVOLUCI\u00d3N DE COLORES DE GEORGE FLOYD<\/span><\/h2>\n<\/div>\n<\/div>\n<div class=\"elementor-element elementor-element-c084de0 elementor-widget elementor-widget-theme-post-excerpt\" data-id=\"c084de0\" data-element_type=\"widget\" data-widget_type=\"theme-post-excerpt.default\">\n<div class=\"elementor-widget-container\" style=\"text-align: center;\"><span style=\"font-size: 14pt;\"><strong>El caos y la anarqu\u00eda reinantes dejaron para el recuerdo im\u00e1genes de extrema violencia, combinadas con otras en las que el movimiento Black Lives Matter adquir\u00eda rasgos de devoci\u00f3n religiosa<\/strong><\/span><\/div>\n<\/div>\n<div>\u00a0<\/div>\n<div class=\"autor\" style=\"text-align: justify;\"><span style=\"font-size: 14pt;\">Por Javier Bilbao<\/span><\/div>\n<p style=\"text-align: justify;\"><span style=\"font-size: 14pt;\"><a href=\"https:\/\/ideas.gaceta.es\/la-revolucion-de-colores-de-george-floyd\/\" target=\"_blank\" rel=\"noopener\">La Gaceta<\/a>, 21 de mayo de 2023<\/span><\/p>\n<p><img loading=\"lazy\" decoding=\"async\" class=\"aligncenter wp-image-2287092 size-full\" src=\"https:\/\/puntocritico.com\/ausajpuntocritico\/wp-content\/uploads\/2023\/09\/Iznogud-3.jpg\" alt=\"\" width=\"499\" height=\"271\" data-id=\"2287092\" srcset=\"https:\/\/puntocritico.com\/ausajpuntocritico\/wp-content\/uploads\/2023\/09\/Iznogud-3.jpg 499w, https:\/\/puntocritico.com\/ausajpuntocritico\/wp-content\/uploads\/2023\/09\/Iznogud-3-300x163.jpg 300w\" sizes=\"auto, (max-width: 499px) 100vw, 499px\" \/><\/p>\n<p>&nbsp;<\/p>\n<section class=\"elementor-section elementor-top-section elementor-element elementor-element-112c87b elementor-section-boxed elementor-section-height-default elementor-section-height-default\" data-id=\"112c87b\" data-element_type=\"section\">\n<div class=\"elementor-container elementor-column-gap-default\">\n<div class=\"elementor-column elementor-col-100 elementor-top-column elementor-element elementor-element-d5eb397\" data-id=\"d5eb397\" data-element_type=\"column\">\n<div class=\"elementor-widget-wrap elementor-element-populated\">\n<div class=\"elementor-element elementor-element-430ec10 elementor-widget-mobile__width-initial elementor-widget elementor-widget-theme-post-content\" data-id=\"430ec10\" data-element_type=\"widget\" data-widget_type=\"theme-post-content.default\">\n<div class=\"elementor-widget-container\">\n<p style=\"text-align: justify;\"><span style=\"font-size: 14pt;\">Los periodos preelectorales suelen ser ricos en acontecimientos inusuales de efecto desestabilizador, bien lo sabemos en Espa\u00f1a. Precisamente esta semana se cumplir\u00e1n tres a\u00f1os de uno que sacudi\u00f3 a la sociedad estadounidense con tal intensidad, en tantos \u00f3rdenes distintos, que a\u00fan hoy resulta complicado poder hacer balance de lo ocurrido. <strong>La muerte de George Floyd y la impresionante ola de disturbios que desat\u00f3 tuvo lugar, recordemos, de forma inmediatamente posterior a la mayor pandemia mundial que se hab\u00eda visto en un siglo y pocos meses antes de unas elecciones trascendentales<\/strong>, asemejando el a\u00f1o 2020 a esas pel\u00edculas de serie z que intentan combinar zombies, alien\u00edgenas y vampiros. Pero a diferencia de estas no fueron eventos superpuestos sin orden ni concierto; a encontrar los hilos que los unen dedicaremos las siguientes l\u00edneas.\u00a0<\/span><\/p>\n<p style=\"text-align: justify;\"><span style=\"font-size: 14pt;\">2020 comenz\u00f3 con expectativas prometedoras para que Trump renovase su mandato: la econom\u00eda iba como un cohete, hab\u00eda cumplido promesas valoradas por su electorado como los nombramientos para el Tribunal Supremo y el escenario internacional estaba bastante calmado pues, lejos de los augurios de sus detractores, durante su gobierno no solo no hab\u00eda iniciado nuevas guerras, sino que alcanz\u00f3 acuerdos de paz. Pero las cosas empezaron a torcerse en febrero con la pandemia de COVID-19 o, como \u00e9l lo bautiz\u00f3, \u00abEl virus chino\u00bb. Los confinamientos masivos que se sucedieron tuvieron un gran impacto en el estado de \u00e1nimo de muchas personas \u2014\u00a1c\u00f3mo olvidar aquello!\u2014 a lo que se sum\u00f3 el considerable aumento en el consumo de medios de comunicaci\u00f3n y redes sociales, pues al fin y al cabo no hab\u00eda mucho m\u00e1s que hacer. Cualquier excusa en ese momento hubiera servido para echar a la gente a las calles, reencontrarse unos con otros y, en cierta forma, exorcizar toda su ansiedad previa. La chispa salt\u00f3 de una manera harto previsible en el contexto estadounidense, el agravio racial, motivo que ha desencadenado disturbios en sus grandes ciudades en 17 ocasiones diferentes desde 1990.\u00a0<\/span><\/p>\n<p style=\"text-align: justify;\"><span style=\"font-size: 14pt;\">Todo empez\u00f3 un 25 de mayo cerca de las 8 de la tarde, con una llamada a la polic\u00eda de Minneapolis advirtiendo sobre un hombre que \u00ab<em>no ten\u00eda control sobre s\u00ed mismo<\/em>\u00bb e intentaba pagar con un billete falso en una tienda. Lo encontraron dentro de su coche y ofreci\u00f3 resistencia f\u00edsica a bajar de \u00e9l. Tras lograr esposarlo y mantenerlo 9 minutos en el suelo en una posici\u00f3n que se ense\u00f1aba en ese cuerpo de polic\u00eda (<em>detalle en el que se puso \u00e9nfasis durante la defensa posterior del agente acusado<\/em>) se desvaneci\u00f3 y tuvieron que llamar a una ambulancia, que lo traslado a un hospital donde acabar\u00eda muriendo poco despu\u00e9s. El momento fue grabado en un m\u00f3vil, subido a continuaci\u00f3n a Facebook y ah\u00ed su viralidad se hizo explosiva. \u00ab<em>Entre el creciente descontento e incivilidad, hab\u00eda una cosa que parec\u00eda cada vez m\u00e1s obvia: a nadie parec\u00edan preocuparle los hechos<\/em>\u00bb, dice la periodista\u00a0<strong>Liz Collin<\/strong>\u00a0en\u00a0<em>They\u2019re Lying: The Media, The Left, and The Death of George Floyd<\/em>. Presentadora de una televisi\u00f3n local y esposa de un polic\u00eda compa\u00f1ero de los acusados, fue una testigo de primera mano de todo ese proceso y pag\u00f3 caro su intento de contarlo, pues fue despedida, vejada p\u00fablicamente como racista y tuvo que aguantar, adem\u00e1s, manifestaciones frente a su vivienda, tal como cuenta\u00a0<a href=\"https:\/\/www.youtube.com\/watch?v=hnWje-RJDLo&amp;t=1s.\" target=\"_blank\" rel=\"noopener\" data-schema-attribute=\"\">en esta entrevista<\/a>.<\/span><\/p>\n<p style=\"text-align: justify;\"><span style=\"font-size: 14pt;\">\u00bfY qu\u00e9 hechos sostiene que fueron ignorados? Su libro dedica una considerable atenci\u00f3n a la autopsia, cuyo documento oficial puede verse\u00a0<a href=\"https:\/\/www.hennepin.us\/-\/media\/hennepinus\/residents\/public-safety\/medical-examiner\/floyd-autopsy-6-3-20.pdf\" target=\"_blank\" rel=\"noopener\" data-schema-attribute=\"\">aqu\u00ed<\/a>. <strong>En el informe encontramos que Floyd ten\u00eda enfermedades cardiovasculares y presentaba en su sangre restos de fentanilo y metanfetamina<\/strong>. En este punto hay que recordar que en Estados Unidos murieron solo en 2021 un total de 71.000 personas por sobredosis de la primera y 33.000 por la\u00a0<a href=\"https:\/\/elpais.com\/sociedad\/2022-05-11\/el-fentanilo-eleva-a-maximos-historicos-las-muertes-por-sobredosis-en-ee-uu.html\" target=\"_blank\" rel=\"noopener\" data-schema-attribute=\"\">segunda<\/a>. Ahora bien, \u00bffue la dosis hallada en el cuerpo de Floyd lo suficientemente elevada como para haberle causado la muerte? Seg\u00fan el informe los niveles de fentanilo eran de 11 ng\/ml y de acuerdo con el Centro Europeo de Monitorizaci\u00f3n de Drogas y Adicci\u00f3n a las\u00a0<a href=\"https:\/\/www.emcdda.europa.eu\/publications\/drug-profiles\/fentanyl_en\" target=\"_blank\" rel=\"noopener\" data-schema-attribute=\"\">Drogas<\/a>: \u00ab<em>Las concentraciones en sangre de aproximadamente 7 ng\/ml o m\u00e1s se han asociado con muertes en las que estuvo involucrado el uso de m\u00faltiples sustancias<\/em>\u00bb. Que es justo lo que aqu\u00ed encontramos. No obstante, durante el juicio al principal polic\u00eda encausado,\u00a0<strong>Derek Chauvin<\/strong>, expertos de reconocido prestigio negaron categ\u00f3ricamente que esa fuera la causa del fallecimiento y no tenemos por qu\u00e9 dudar de su palabra\u2026 Aunque ciertamente el juicio levant\u00f3 una considerable expectaci\u00f3n que intimidar\u00eda a m\u00e1s de uno. La emisi\u00f3n del veredicto en directo tuvo una audiencia de 23 millones de espectadores (<em>para que nos hagamos una idea, la retransmisi\u00f3n de la gala de los \u00d3scar este a\u00f1o fue vista por 19 millones<\/em>) y, seg\u00fan hemos visto con <strong>Liz Collin<\/strong>, las consecuencias para ellos de haber sostenido otra cosa podr\u00edan haber sido apreciables por mucho que apelaran a su deber profesional.\u00a0 La defensa pudo encontrar, pese a todo, un m\u00e9dico forense jubilado que testific\u00f3 que la combinaci\u00f3n de drogas y problemas cardiacos preexistentes es lo que pudo haber causado la muerte. No convenci\u00f3 al jurado y <strong>Chauvin<\/strong> fue condenado a 22 a\u00f1os de prisi\u00f3n.<\/span><\/p>\n<h3 style=\"text-align: center;\"><span style=\"font-size: 18pt;\"><strong>Las revueltas<\/strong><\/span><\/h3>\n<p style=\"text-align: justify;\"><span style=\"font-size: 14pt;\">M\u00e1s all\u00e1 de informes forenses mucha gente tuvo claro a qui\u00e9n culpar. Desde el d\u00eda siguiente a su fallecimiento, se sucedieron las protestas y muestras de indignaci\u00f3n primero en Minneapolis y casi inmediatamente en el resto del pa\u00eds y hasta del mundo (<em>en Madrid lleg\u00f3 a haber una concentraci\u00f3n de varios miles de personas<\/em>). El gesto de hincar la rodilla en el suelo imitando al polic\u00eda fue una forma un tanto desconcertante de homenajear a Floyd, cuyas palabras de\u00a0<strong>\u00ab<\/strong>I can\u2019t breathe\u00bb se trasformaron en lema junto a\u00a0<strong>\u00ab<\/strong>defund the police\u00bb, pues se se\u00f1alaba como culpable el abuso policial supuestamente generalizado contra la minor\u00eda negra. Lo cierto es que esta supone el 13% de la poblaci\u00f3n estadounidense y representa en torno al 25% de las muertes a manos de la\u00a0<a href=\"https:\/\/www.statista.com\/statistics\/585152\/people-shot-to-death-by-us-police-by-race\/\" target=\"_blank\" rel=\"noopener\" data-schema-attribute=\"\">polic\u00eda<\/a>, pero si tenemos en\u00a0 cuenta que su tasa de criminalidad per c\u00e1pita es en torno a 2.5 veces mayor que la del\u00a0<a href=\"https:\/\/reason.com\/volokh\/2021\/04\/24\/race-and-violent-crime\/\" target=\"_blank\" rel=\"noopener\" data-schema-attribute=\"\">conjunto del pa\u00eds<\/a>, entonces estad\u00edsticamente la muerte de personas de raza negra estar\u00eda, de hecho, claramente infrarrepresentada.\u00a0 Hay causas que explican esto, como por ejemplo lo que se conoce como\u00a0<a href=\"https:\/\/pubmed.ncbi.nlm.nih.gov\/9832661\/\" target=\"_blank\" rel=\"noopener\" data-schema-attribute=\"\">\u00absuicidio por la polic\u00eda\u00bb<\/a>, pero deja claro que hablar de un racismo sist\u00e9mico policial no tiene mucho sentido.\u00a0<\/span><\/p>\n<p style=\"text-align: justify;\"><span style=\"font-size: 14pt;\">Nada de esto import\u00f3 a las masas agitadas por un aparato medi\u00e1tico pendiente de las elecciones en noviembre, lo que se tradujo en al menos 25 muertos \u2014todos menos uno causados por civiles\u2014 y en torno a 2.000 millones de d\u00f3lares en p\u00e9rdidas por los incendios, saqueos y destrucci\u00f3n de propiedad p\u00fablica y privada. El caos y la anarqu\u00eda reinantes dejaron para el recuerdo im\u00e1genes de\u00a0<a href=\"https:\/\/www.youtube.com\/watch?v=Fv524KCKM_o\" target=\"_blank\" rel=\"noopener\" data-schema-attribute=\"\">extrema violencia<\/a>, combinadas con otras en las que el movimiento Black Lives Matter adquir\u00eda rasgos de devoci\u00f3n religiosa, como\u00a0<a href=\"https:\/\/www.youtube.com\/watch?v=fdX6aVzPgHs\" target=\"_blank\" rel=\"noopener\" data-schema-attribute=\"\">esta escena<\/a>\u00a0en la que un grupo de blancos pide perd\u00f3n de rodillas delante de varios negros en pie ante ellos.\u00a0<a href=\"https:\/\/www.youtube.com\/watch?v=F495IzPuvw0\" target=\"_blank\" rel=\"noopener\" data-schema-attribute=\"\">O esta otra<\/a>, en la que blancos lavan los pies de negros en imitaci\u00f3n de Cristo.\u00a0<\/span><\/p>\n<h3 class=\"wp-block-heading\" style=\"text-align: center;\"><span style=\"font-size: 18pt;\"><strong>Consecuencias<\/strong><\/span><\/h3>\n<p style=\"text-align: justify;\"><span style=\"font-size: 14pt;\">Que Biden participara en el funeral de\u00a0<a href=\"https:\/\/www.dw.com\/es\/biden-lleg%C3%B3-el-momento-de-la-justicia-racial-en-eeuu\/a-53754399\" target=\"_blank\" rel=\"noopener\" data-schema-attribute=\"\">Floyd<\/a>\u00a0da idea del alcance pol\u00edtico que se le quiso dar al acontecimiento desde el primer momento. Dado que ahora es el presidente cabe concluir que el objetivo fundamental se cumpli\u00f3, pero los efectos no acabaron ah\u00ed. Desde 2020 las grandes corporaciones estadounidenses han destinado la asombrosa cifra de\u00a0<a href=\"https:\/\/www.newsweek.com\/americans-deserve-know-who-funded-blm-riots-opinion-1787460\" target=\"_blank\" rel=\"noopener\" data-schema-attribute=\"\">83.000 millones de d\u00f3lares<\/a>\u00a0a movimientos vinculados a Black Lives Matter, de los que esta organizaci\u00f3n se ha embolsado directamente 123 millones de d\u00f3lares. La propia cofundadora de la asociaci\u00f3n emple\u00f3 6 de esos millones en\u00a0<a href=\"https:\/\/www.thetimes.co.uk\/article\/black-lives-matter-co-founder-admits-using-mansion-bought-with-donations-kxxn7t2jv\" target=\"_blank\" rel=\"noopener\" data-schema-attribute=\"\">comprarse una mansi\u00f3n<\/a>.<\/span><\/p>\n<p style=\"text-align: justify;\"><span style=\"font-size: 14pt;\">Por otra parte,<strong>\u00a0los llamamientos de los manifestantes a desfinanciar y abolir la polic\u00eda se llevaron a cabo y, como no es dif\u00edcil deducir, cuando la presencia policial disminuye, la criminalidad aumenta<\/strong>. El analista pol\u00edtico\u00a0<strong>Steve Sailer<\/strong>\u00a0ha estudiado en profundidad las estad\u00edsticas de criminalidad desde el 25 de mayo de 2020 y el resultado es incontestable. En Portland, una ciudad donde las protestas fueron particularmente intensas y se toman el progresismo muy en serio, el \u00edndice de homicidios aument\u00f3 un 167%, mientras que en Minneapolis, donde todo comenz\u00f3, el incremento ha sido del 67%.\u00a0<a href=\"https:\/\/www.takimag.com\/article\/killer-stats-2023\/\" target=\"_blank\" rel=\"noopener\" data-schema-attribute=\"\">Como afirma aqu\u00ed<\/a>\u00a0respecto a la media anual previa en todo el pa\u00eds \u00ab<strong>ha habido un incremento de alrededor de 13.000 asesinatos con armas de fuego desde que se declar\u00f3 el ajuste de cuentas racial el 25 de mayo de 2020<\/strong>, y cerca de 8.000 de los muertos adicionales fueron v\u00edctimas negras (o el doble de la cantidad de afroamericanos linchados en toda la historia)\u00bb. El impacto incluso alcanz\u00f3 a los accidentes de tr\u00e1fico, dado que la menor presencia policial en barrios y localidades de poblaci\u00f3n negra ha tenido como consecuencia que el n\u00famero de muertes en la carretera de este colectivo haya aumentado un 36% respecto a 2019.\u00a0<\/span><\/p>\n<p style=\"text-align: justify;\"><span style=\"font-size: 14pt;\">En definitiva, son muchas las conclusiones que pueden extraerse de todo este episodio hist\u00f3rico: desde la facilidad con que en nuestra \u00e9poca unas im\u00e1genes virales se imponen a la realidad aburrida de las estad\u00edsticas, pasando por la en\u00e9sima constataci\u00f3n del enorme poder de manipulaci\u00f3n de los medios, hasta la sombr\u00eda sospecha de que Estados Unidos parece que nunca podr\u00e1 sobreponerse a su historia y superar sus agravios raciales. Me gustar\u00eda concluir\u00a0<a href=\"https:\/\/www.takimag.com\/article\/the-floyd-effect\/\" target=\"_blank\" rel=\"noopener\" data-schema-attribute=\"\">con unas palabras de Sailer<\/a>, de costumbre comedido pero aqu\u00ed categ\u00f3rico: \u00abla evidencia ahora es abrumadora: las \u00e9lites estadounidenses tienen sangre en sus manos por su respuesta hist\u00e9rica a un incidente de la polic\u00eda local que desde entonces ha dejado muchos miles de cad\u00e1veres en las calles. El fiasco de Floyd ha sido el equivalente en pol\u00edtica interna de la invasi\u00f3n de Irak: una enorme herida nacional autoinfligida\u00bb.<\/span><\/p>\n<p>&nbsp;<\/p>\n<\/div>\n<\/div>\n<\/div>\n<\/div>\n<\/div>\n<\/section>\n<section class=\"elementor-section elementor-top-section elementor-element elementor-element-7bb3dd3 elementor-section-boxed elementor-section-height-default elementor-section-height-default\" data-id=\"7bb3dd3\" data-element_type=\"section\">\n<div class=\"elementor-container elementor-column-gap-default\">\n<div class=\"elementor-column elementor-col-100 elementor-top-column elementor-element elementor-element-ec28fa6\" data-id=\"ec28fa6\" data-element_type=\"column\">\n<div class=\"elementor-widget-wrap elementor-element-populated\">\n<div class=\"elementor-element elementor-element-f9793ed elementor-widget elementor-widget-autor_biografia\" data-id=\"f9793ed\" data-element_type=\"widget\" data-widget_type=\"autor_biografia.default\">\n<div class=\"elementor-widget-container\">\n<div class=\"grilla-autor_biografia cols- cols-tablet- cols-mobile-\">\n<article class=\"alineacion- alineacion-tablet- alineacion-mobile-\">\n<div class=\"bloque-texto\">\n<div class=\"autor\" style=\"text-align: right;\"><span style=\"font-size: 14pt;\"><a href=\"https:\/\/ideas.gaceta.es\/author\/javier-bilbao\/\" target=\"_blank\" rel=\"noopener\">Javier Bilbao<\/a><\/span><\/div>\n<div class=\"biografia\" style=\"text-align: right;\"><em><span style=\"font-size: 14pt;\">De formaci\u00f3n abogado y economista. Ha conciliado diversas actividades empresariales con la traducci\u00f3n de autores como Ayn Rand, Fr\u00e9d\u00e9ric Bastiat o Alexis de Tocqueville.<\/span><\/em><\/div>\n<\/div>\n<\/article>\n<\/div>\n<\/div>\n<\/div>\n<\/div>\n<\/div>\n<\/div>\n<\/section>\n<p style=\"text-align: justify;\">\u00a0<\/p>\n<p>&nbsp;<\/p>\n<p style=\"text-align: justify;\"><img loading=\"lazy\" decoding=\"async\" class=\"aligncenter wp-image-2288810 size-full\" src=\"https:\/\/puntocritico.com\/ausajpuntocritico\/wp-content\/uploads\/2023\/10\/Asterix-La-Cizana-recorte-1.png\" alt=\"\" width=\"347\" height=\"278\" data-id=\"2288810\" srcset=\"https:\/\/puntocritico.com\/ausajpuntocritico\/wp-content\/uploads\/2023\/10\/Asterix-La-Cizana-recorte-1.png 347w, https:\/\/puntocritico.com\/ausajpuntocritico\/wp-content\/uploads\/2023\/10\/Asterix-La-Cizana-recorte-1-300x240.png 300w\" sizes=\"auto, (max-width: 347px) 100vw, 347px\" \/><\/p>\n<p>&nbsp;<\/p>\n<p><a href=\"https:\/\/puntocritico.com\/ausajpuntocritico\/author\/punto-critico\/\"><img loading=\"lazy\" decoding=\"async\" class=\"aligncenter wp-image-9528 smush-detected-img smush-image-1\" src=\"https:\/\/puntocritico.com\/ausajpuntocritico\/wp-content\/uploads\/2018\/03\/Mosca_Punto_Cr%C3%ADtico_40.png\" alt=\"\" width=\"80\" height=\"80\" \/><\/a><\/p>\n<p>&nbsp;<\/p>\n<p>&nbsp;<\/p>\n","protected":false},"excerpt":{"rendered":"<div class=\"mh-excerpt\"><p>BLACK LIVES MATTER &nbsp; LA INTRANSIGENCIA MORAL DE LOS MEDIOS Hay en todo este fen\u00f3meno pol\u00edtico-medi\u00e1tico que estamos analizando una instrumentalizaci\u00f3n de la moral, que es utilizada b\u00e1sicamente como garrote contra el enemigo de turno <a class=\"mh-excerpt-more\" href=\"https:\/\/puntocritico.com\/ausajpuntocritico\/2023\/10\/10\/black-lives-matter\/\" title=\"\u00abBLACK LIVES MATTER\u00bb (BLM): MANIPULACI\u00d3N POL\u00cdTICA Y CONTROL SOCIAL. \u00abLa Revoluci\u00f3n de Colores de George Floyd\u00bb\">[&#8230;]<\/a><\/p>\n<\/div>","protected":false},"author":3,"featured_media":2288816,"comment_status":"closed","ping_status":"closed","sticky":false,"template":"","format":"standard","meta":{"_acf_changed":false,"_exactmetrics_skip_tracking":false,"_exactmetrics_sitenote_active":false,"_exactmetrics_sitenote_note":"","_exactmetrics_sitenote_category":0,"footnotes":""},"categories":[7,12,14],"tags":[],"class_list":{"0":"post-2284222","1":"post","2":"type-post","3":"status-publish","4":"format-standard","5":"has-post-thumbnail","7":"category-politica","8":"category-corrupcion","9":"category-corrupcion_informativa"},"acf":[],"_links":{"self":[{"href":"https:\/\/puntocritico.com\/ausajpuntocritico\/wp-json\/wp\/v2\/posts\/2284222","targetHints":{"allow":["GET"]}}],"collection":[{"href":"https:\/\/puntocritico.com\/ausajpuntocritico\/wp-json\/wp\/v2\/posts"}],"about":[{"href":"https:\/\/puntocritico.com\/ausajpuntocritico\/wp-json\/wp\/v2\/types\/post"}],"author":[{"embeddable":true,"href":"https:\/\/puntocritico.com\/ausajpuntocritico\/wp-json\/wp\/v2\/users\/3"}],"replies":[{"embeddable":true,"href":"https:\/\/puntocritico.com\/ausajpuntocritico\/wp-json\/wp\/v2\/comments?post=2284222"}],"version-history":[{"count":0,"href":"https:\/\/puntocritico.com\/ausajpuntocritico\/wp-json\/wp\/v2\/posts\/2284222\/revisions"}],"wp:featuredmedia":[{"embeddable":true,"href":"https:\/\/puntocritico.com\/ausajpuntocritico\/wp-json\/wp\/v2\/media\/2288816"}],"wp:attachment":[{"href":"https:\/\/puntocritico.com\/ausajpuntocritico\/wp-json\/wp\/v2\/media?parent=2284222"}],"wp:term":[{"taxonomy":"category","embeddable":true,"href":"https:\/\/puntocritico.com\/ausajpuntocritico\/wp-json\/wp\/v2\/categories?post=2284222"},{"taxonomy":"post_tag","embeddable":true,"href":"https:\/\/puntocritico.com\/ausajpuntocritico\/wp-json\/wp\/v2\/tags?post=2284222"}],"curies":[{"name":"wp","href":"https:\/\/api.w.org\/{rel}","templated":true}]}}