{"id":2282740,"date":"2023-07-20T00:05:41","date_gmt":"2023-07-19T22:05:41","guid":{"rendered":"https:\/\/puntocritico.com\/ausajpuntocritico\/?p=2282740"},"modified":"2023-07-21T23:48:10","modified_gmt":"2023-07-21T21:48:10","slug":"quetevoteelnarcodelbote","status":"publish","type":"post","link":"https:\/\/puntocritico.com\/ausajpuntocritico\/2023\/07\/20\/quetevoteelnarcodelbote\/","title":{"rendered":"\u00ab#QueTeVoteElNarcoDelBote\u00bb, por An\u00edbal Malvar y Juan Oliver. \u00abVivir es tomar partido\u00bb (Elizabeth Duval)."},"content":{"rendered":"<p class=\"entry-title\" style=\"text-align: justify;\"><span style=\"font-size: 14pt; color: #008000;\">#QueTeVoteElNarcoDelBote<\/span><\/p>\n\n<p>&nbsp;<\/p>\n<blockquote>\n<h2 class=\"entry-title\" style=\"text-align: center;\"><span style=\"font-size: 24pt;\">#QueTeVoteElNarcoDelBote<\/span><\/h2>\n<p style=\"text-align: justify;\"><span style=\"font-size: 14pt;\">Por An\u00edbal Malvar<\/span><\/p>\n<p style=\"text-align: justify;\"><span style=\"font-size: 14pt;\"><a href=\"https:\/\/blogs.publico.es\/rosa-espinas\/2023\/07\/17\/quetevoteelnarcodelbote\/#md=modulo-portada-fila-de-modulos:4x15-t1;mm=mobile-medium\" target=\"_blank\" rel=\"noopener\">P\u00fablico<\/a>, 17 JULIO 2023<\/span><\/p>\n<figure id=\"attachment_2282742\" aria-describedby=\"caption-attachment-2282742\" style=\"width: 480px\" class=\"wp-caption aligncenter\"><img loading=\"lazy\" decoding=\"async\" class=\"wp-image-2282742\" src=\"https:\/\/puntocritico.com\/ausajpuntocritico\/wp-content\/uploads\/2023\/07\/EuropaPress_4742907_i_d_portavoz_adjunto_ciudadanos_congreso_edmundo_bal_presidente_pp_alberto-1024x714-1-300x209.jpg\" alt=\"#QueTeVoteElNarcoDelBote\" width=\"480\" height=\"335\" data-id=\"2282742\" srcset=\"https:\/\/puntocritico.com\/ausajpuntocritico\/wp-content\/uploads\/2023\/07\/EuropaPress_4742907_i_d_portavoz_adjunto_ciudadanos_congreso_edmundo_bal_presidente_pp_alberto-1024x714-1-300x209.jpg 300w, https:\/\/puntocritico.com\/ausajpuntocritico\/wp-content\/uploads\/2023\/07\/EuropaPress_4742907_i_d_portavoz_adjunto_ciudadanos_congreso_edmundo_bal_presidente_pp_alberto-1024x714-1-768x536.jpg 768w, https:\/\/puntocritico.com\/ausajpuntocritico\/wp-content\/uploads\/2023\/07\/EuropaPress_4742907_i_d_portavoz_adjunto_ciudadanos_congreso_edmundo_bal_presidente_pp_alberto-1024x714-1.jpg 1024w\" sizes=\"auto, (max-width: 480px) 100vw, 480px\" \/><figcaption id=\"caption-attachment-2282742\" class=\"wp-caption-text\"><span style=\"color: #008000;\">Alberto N\u00fa\u00f1ez Feij\u00f3o y Santiago Abascal conversan durante el desfile militar en el D\u00eda de la Hispanidad, a 12 de octubre de 2022, en Madrid.<\/span><\/figcaption><\/figure>\n<p>&nbsp;<\/p>\n<p style=\"text-align: justify;\"><span style=\"font-size: 14pt;\">Nos quitan las encuestas justo ahora que se pon\u00edan interesantes. Entramos en la semana de la inc\u00f3gnita y la caverna plat\u00f3nica para el votante desnortado. Tanteamos papeletas en tinieblas como personajes del\u00a0<em>Ensayo sobre la ceguera<\/em>\u00a0de Jos\u00e9 Saramago. Ya no podremos calibrar la utilidad estimativa de nuestro voto. Y, sobre todo, nunca llegaremos a conocer demoscopias sobre si la sarta de mentiras que solt\u00f3 Alberto N\u00fa\u00f1ez-<em>Fakej\u00f3o<\/em>\u00a0en su cara a cara con Pedro S\u00e1nchez le va a pasar factura electoral o, como dicen los palmeros medi\u00e1ticos, el hecho de\u00a0<em>ganar<\/em>\u00a0el debate, con los m\u00e9todos que fuere, ha frenado mortalmente la presunta remontada del PSOE.<\/span><\/p>\n<p style=\"text-align: justify;\"><span style=\"font-size: 14pt;\">Me llamar\u00e9is ingenuo, impertinentes lectores, si cre\u00e9is que insin\u00fao que alg\u00fan votante\u00a0<em>camisa vieja<\/em>\u00a0del PP se siente ofendido o defraudado por el racimo de mentiras explosivas arrojado por su amado l\u00edder en esos modernos parvularios de opini\u00f3n p\u00fablica llamados televisiones. Ni se me ocurre pensarlo.<\/span><\/p>\n<p style=\"text-align: justify;\"><span style=\"font-size: 14pt;\">El votante\u00a0<em>camisa vieja<\/em>\u00a0del PP y Vox es inmune a la mentira y la corrupci\u00f3n, y vota con m\u00e1s orgullo y entusiasmo cuando sus falaces l\u00edderes largan o perpetran una barbaridad m\u00e1s grande que la de ayer. Son cat\u00f3licos trumpistas de dudosa moral y cero \u00e9tica.<\/span><\/p>\n<p style=\"text-align: justify;\"><span style=\"font-size: 14pt;\">Pero quiz\u00e1\u00a0<em>Fakej\u00f3o<\/em>\u00a0no calibr\u00f3 el\u00a0<em>efecto Froil\u00e1n<\/em>\u00a0que 14 mentiras fehacientes, ametralladas en apenas 40 minutos de parloteo televisivo, podr\u00e1n tener en esos ex votantes socialistas que hasta hoy pensaban entregarse al\u00a0<em>gallego moderado<\/em>.<\/span><\/p>\n<p style=\"text-align: justify;\"><span style=\"font-size: 14pt;\">Encuestas m\u00e1s o menos fiables, incluso bastante conservadoras, nos hablan de que ese trasvase de votos puede rondar el 10%. O sea, que uno de cada diez votantes del PSOE de 2019 ha desertado al PP en estos cinco a\u00f1os. Hablamos de 675.000 papeletas. Har\u00edan falta muchos\u00a0<a href=\"https:\/\/www.revistavanityfair.es\/poder\/articulos\/francisco-granados-comparecencia-congreso-volquete-putas\/29727\" target=\"_blank\" rel=\"noopener\" data-schema-attribute=\"\">volquetes de putas de Francisco Granados y sus secuaces<\/a>\u00a0para transportar tantas toneladas de democracia.<\/span><\/p>\n<p style=\"text-align: justify;\"><span style=\"font-size: 14pt;\">As\u00ed como la inmunidad a la falacia est\u00e1 cient\u00edficamente demostrada en nuestros votantes de derechas, no quiere eso decir que, cual pel\u00edcula de zombies, el virus de la mentira no pueda provocar rechazo en alguien que, de Zapatero a S\u00e1nchez, ha votado socialista.<\/span><\/p>\n<p style=\"text-align: justify;\"><span style=\"font-size: 14pt;\">Ese votante es fundamental para\u00a0<em>Fakej\u00f3o.\u00a0<\/em>Haciendo una estimaci\u00f3n algo zangolotina y acient\u00edfica, es posible que la sola\u00a0 p\u00e9rdida de una tercera parte de ese votante socialista desencantado impida que el PP sume con Vox. A\u00fan queda gente que se niega a ser c\u00f3mplice de la mendacidad. No es porcentaje demasiado alto, pero quiz\u00e1 sea suficiente para desequilibrar la muy sutil balanza que decidir\u00e1 estas elecciones.<\/span><\/p>\n<p style=\"text-align: justify;\"><span style=\"font-size: 14pt;\">Cuando en mi mente ebria y enfermiza visualizo esa balanza, en el platillo derecho veo una escopeta de caza y, en el izquierdo, un libro. Aunque parezca incre\u00edble, pesan casi lo mismo, y el desequilibrio de la balanza, el 23-J, depender\u00e1 del aleteo de una mariposa sobre el libro o la escopeta en unos cuantos pueblos perdidos de nuestra Espa\u00f1a vaciada.<\/span><\/p>\n<p style=\"text-align: justify;\"><span style=\"font-size: 14pt;\">Dice el refr\u00e1n que se pilla antes a un mentiroso que a un cojo. Quiz\u00e1 los desertores del PSOE vieron antes al Pedro S\u00e1nchez cojo, por tener que apoyarse en las muletas de Podemos, ERC y Bildu, que al\u00a0<em>Fakej\u00f3o<\/em>\u00a0mentiroso. Pero ahora que ya lo han visto tan descarnadamente (\u00abel PP apoy\u00f3 la subida de las pensiones\u00bb, p.ej.), quiz\u00e1 algunos sientan la tentaci\u00f3n de volver a acogerse a la \u00e9tica en lugar de a la moral.<\/span><\/p>\n<p style=\"text-align: justify;\"><span style=\"font-size: 14pt;\">El\u00a0<em>e<\/em><em>fecto Froil\u00e1n\u00a0<\/em>del tiro en el pie que puede sufrir\u00a0<em>Fakej\u00f3o\u00a0<\/em>tras mentir tanto en este debate, quiz\u00e1 no solo afecte al desafecto votante que hab\u00eda abandonado a Pedro S\u00e1nchez y puede volver a la rosa y al pu\u00f1o. Tambi\u00e9n puede contribuir a cierta removilizaci\u00f3n de los ultracr\u00edticos con la izquierda\u00a0<em>sunrise<\/em>\u00a0de Yolanda D\u00edaz: los neoabstencionistas de Podemos.<\/span><\/p>\n<p style=\"text-align: justify;\"><span style=\"font-size: 14pt;\">Porque yo no creo que sea casual que, tras la claudicaci\u00f3n de mal estratega de S\u00e1nchez en el debate ante el musculoso\u00a0<em>mentireiro Fakej\u00f3o,\u00a0<\/em>Ione Belarra y Vicky Rosell se hayan echado al monte mitinero a rogarle a los desencantados podemitas -desencantados como ellas- que salgan a votar a quienes vetan a Pablo Iglesias, Irene Montero, Juan Carlos Monedero, Pablo Echenique, Rafa Mayoral, y los que me olvido con disculpa.<\/span><\/p>\n<p style=\"text-align: justify;\"><span style=\"font-size: 14pt;\">Las mentiras de\u00a0<em>Fakej\u00f3o<\/em>, en mi nigrom\u00e1ntica opini\u00f3n, no solo han movilizado (no s\u00e9 si mucho o poquito) a ese votante de Podemos reacio a acatar las humillaciones de Yolanda D\u00edaz. Los mensajes de Rosell y Belarra fueron tan medidos y generosos, tan de humildad casi claudicante de dos guerreras, que hasta a m\u00ed, que soy un c\u00ednico y un anarquista l\u00edrico y despiadado, me produjeron ternura. Despu\u00e9s de escucharlas me puse<em>\u00a0ET,<\/em>\u00a0y me pareci\u00f3 una pel\u00edcula extremadamente violenta.<\/span><\/p>\n<p style=\"text-align: justify;\"><span style=\"font-size: 14pt;\">El tercer caso de\u00a0<em>Efecto Froil\u00e1n<\/em>\u00a0que quiz\u00e1 haya activado suicidamente\u00a0<em>Fakej\u00f3o<\/em>\u00a0es su defensa t\u00e1cita del eslogan\u00a0<em>#QueTeVoteTxapote<\/em>. Lo ando viendo por las redes sociales.<\/span><\/p>\n<p style=\"text-align: justify;\"><span style=\"font-size: 14pt;\">Etiquetas\/respuesta como\u00a0<em>#QueTeVoteElNarcoDelBarco<\/em>\u00a0o\u00a0<em>#QueTeVoteElNarcoDelBote<\/em>\u00a0galopan por las redes con varias fotos del candidato a la presidencia del Gobierno con el narcotraficante convicto Marcial Dorado, en la \u00e9poca en que la droga mataba cada a\u00f1o a m\u00e1s personas que ETA en toda su historia.<\/span><\/p>\n<p style=\"text-align: justify;\"><span style=\"font-size: 14pt;\">Pero quiz\u00e1 no haya\u00a0<em>Efecto Froil\u00e1n<\/em>\u00a0tras las mentiras de\u00a0<em>Fakej\u00f3o<\/em>, tras su negativa a desvelar de d\u00f3nde sac\u00f3 los 600.000 euros de crecimiento de su patrimonio en dos a\u00f1os, tras su ocultaci\u00f3n del salario que percibe del PP, tras sus negativas en sede parlamentaria (<em>galega<\/em>) a mostrar los contratos de la Xunta del PP con el narcotraficante de sus veranos azules. Quiz\u00e1 nada de eso importe ya, porque la mentira ha ganado. Y las plazas ya nunca volver\u00e1n a llenarse de unicornios. Aunque s\u00e9, por experiencia, que el regreso de los unicornios nunca se puede descartar. Por mucho que amenacen los dinosaurios. Que esos s\u00ed, como en el cuento de Monterroso, nunca se fueron ni se ir\u00e1n jam\u00e1s.<\/span><\/p>\n<\/blockquote>\n<p style=\"text-align: justify;\">\u00a0<\/p>\n<figure id=\"attachment_9560\" aria-describedby=\"caption-attachment-9560\" style=\"width: 643px\" class=\"wp-caption aligncenter\"><img loading=\"lazy\" decoding=\"async\" class=\"wp-image-9560 size-full\" src=\"https:\/\/puntocritico.com\/ausajpuntocritico\/wp-content\/uploads\/2018\/03\/Alberto-Nunez-Feijoo-Marcial-Dorado_EDIIMA20130331_0190_4.jpg\" alt=\"\" width=\"643\" height=\"362\" data-id=\"9560\" srcset=\"https:\/\/puntocritico.com\/ausajpuntocritico\/wp-content\/uploads\/2018\/03\/Alberto-Nunez-Feijoo-Marcial-Dorado_EDIIMA20130331_0190_4.jpg 643w, https:\/\/puntocritico.com\/ausajpuntocritico\/wp-content\/uploads\/2018\/03\/Alberto-Nunez-Feijoo-Marcial-Dorado_EDIIMA20130331_0190_4-300x169.jpg 300w\" sizes=\"auto, (max-width: 643px) 100vw, 643px\" \/><figcaption id=\"caption-attachment-9560\" class=\"wp-caption-text\"><span style=\"color: #008000;\">El l\u00edder popular fue fotografiado en 1995 junto a Dorado en un barco. A\u00f1os despu\u00e9s, en marzo de 2013, El Pa\u00eds public\u00f3 la imagen de ambos en el yate. En ese momento, Feij\u00f3o era presidente de la Xunta de Galicia y Dorado ya hab\u00eda pasado por los tribunales. Marcial Dorado naci\u00f3 en Cambados, localidad pontevedresa, en 1950. Tiene un amplio recorrido por los tribunales, el cual comenz\u00f3 en 2005, Fue sentenciado por un delito de cohecho -soborno a dos guardias civiles- a dos a\u00f1os y cinco meses de prisi\u00f3n y una multa de 50.000 euros. Cuatro a\u00f1os m\u00e1s tarde, en 2009, fue condenado por la Audiencia Nacional (AN) a 10 a\u00f1os de prisi\u00f3n por contrabando de coca\u00edna. Posteriormente, en 2015, mientras cumpl\u00eda la sanci\u00f3n, el narcotraficante recibi\u00f3 una nueva condena del Tribunal Supremo (TS) de seis a\u00f1os de c\u00e1rcel por blanqueo de capitales. \u00abDeber\u00e1 pagar una multa de 21,5 millones de euros por ser el jefe de una organizaci\u00f3n que blanqueaba dinero del tr\u00e1fico de drogas mediante una red que inclu\u00eda cuentas en varios para\u00edsos fiscales\u00bb, recoge el Alto Tribunal. A d\u00eda de hoy, Dorado cumple condena en r\u00e9gimen de semilibertad desde 2020. La Secretar\u00eda General de Instituciones Penitenciarias aplic\u00f3 el tercer grado al narcotraficante, que cumplir\u00e1 la condena en el centro Penitenciario Teixeiro de A Coru\u00f1a.<\/span><\/figcaption><\/figure>\n<p style=\"text-align: center;\"><span style=\"font-size: 18pt;\"><strong><span style=\"color: #008000;\">*******<\/span><\/strong><\/span><\/p>\n<div class=\"article-header-title col-12\">\n<h2 style=\"text-align: center;\"><span style=\"font-size: 24pt;\"><strong>LUCES, C\u00c1MARA&#8230; \u00a1FEIJ\u00d3O! (6): 37 MILLONES PARA LA EMPRESA QUE DIRIGE SU HERMANA\u00a0Y ESE NARCOTRAFICANTE DEL QUE USTED ME HABLA<\/strong><\/span><\/h2>\n<\/div>\n<div class=\"article-header-epigraph col-12\">\n<p id=\"m69-68-70\" style=\"text-align: center;\"><em><strong><span style=\"font-size: 14pt;\">Durante los mandatos de Feij\u00f3o en la Xunta entre 2009 y 2022 se han sucedido constantemente los casos de clientelismo, amiguismo y nepotismo.<\/span><\/strong><\/em><\/p>\n<p style=\"text-align: justify;\"><span style=\"font-size: 14pt;\">Por <a href=\"https:\/\/puntocritico.com\/ausajpuntocritico\/2018\/04\/04\/la-enfermedad-de-la-sanidad-publica-es-la-codicia-privada-la-sanidad-gallega-por-juan-oliver\/\">Juan Oliver<\/a><\/span><\/p>\n<p style=\"text-align: justify;\"><span style=\"font-size: 14pt;\"><a href=\"https:\/\/www.publico.es\/politica\/luces-camara-feijoo-6-37-millones-empresa-dirige-hermana-ese-narcotraficante-me-habla.html#md=modulo-portada-bloque:2col-t4;mm=mobile-big\" target=\"_blank\" rel=\"noopener\">P\u00fablico<\/a>, 18 JULIO 2023<\/span><\/p>\n<p><figure id=\"attachment_2282759\" aria-describedby=\"caption-attachment-2282759\" style=\"width: 678px\" class=\"wp-caption aligncenter\"><img loading=\"lazy\" decoding=\"async\" class=\"wp-image-2282759 size-full\" src=\"https:\/\/puntocritico.com\/ausajpuntocritico\/wp-content\/uploads\/2023\/07\/FEIJOO-Y-MARCIAL-DORADO-OK.jpg\" alt=\"\" width=\"678\" height=\"381\" data-id=\"2282759\" srcset=\"https:\/\/puntocritico.com\/ausajpuntocritico\/wp-content\/uploads\/2023\/07\/FEIJOO-Y-MARCIAL-DORADO-OK.jpg 678w, https:\/\/puntocritico.com\/ausajpuntocritico\/wp-content\/uploads\/2023\/07\/FEIJOO-Y-MARCIAL-DORADO-OK-300x169.jpg 300w\" sizes=\"auto, (max-width: 678px) 100vw, 678px\" \/><figcaption id=\"caption-attachment-2282759\" class=\"wp-caption-text\"><span style=\"color: #008000;\">18\/7\/23 El narcotradficante Marcial Dorado con el candidato del PP a la presidencia del Gobierno, Alberto N\u00fa\u00f1ez Feij\u00f3o. <\/span><\/figcaption><\/figure>\n<\/div>\n<p>&nbsp;<\/p>\n<p style=\"text-align: justify;\"><span style=\"font-size: 14pt;\">Si\u00a0se teclea en Google \u00abMarcial Dorado\u00bb\u00a0aparecen al instante 347.000 resultados. Pero\u00a0<a title=\"Las mentiras de Feij\u00f3o\" href=\"https:\/\/www.publico.es\/politica\/marcial-dorado-feijoo-mentiras-no-librarse-lider-pp.html#analytics-noticia:contenido-enlace\" target=\"_blank\" rel=\"noopener\" data-schema-attribute=\"\">si se a\u00f1ade a la b\u00fasqueda la palabra \u00abFeij\u00f3o<\/a>\u00ab, entonces el n\u00famero baja a 39.000 entradas. A primera vista, eso debe significar que poco m\u00e1s de una de cada diez p\u00e1ginas de Internet que citan al\u00a0<b>narcotraficante arousano<\/b>\u00a0lo relacionan de alguna manera con el expresidente de la Xunta y\u00a0<b>candidato del PP\u00a0<\/b>a la presidencia del Gobierno de Espa\u00f1a.<\/span><\/p>\n<p id=\"m460-1-461\" class=\"pb-article-item-iteration\" style=\"text-align: justify;\"><span style=\"font-size: 14pt;\">Han pasado m\u00e1s de diez a\u00f1os desde que\u00a0<i>El Pa\u00eds<\/i>\u00a0publicara las fotograf\u00edas de\u00a0<b>Feij\u00f3o al tim\u00f3n del yate de Dorado<\/b>\u00a0y casi tres d\u00e9cadas desde que se tomaron, en el verano de 1995. Feij\u00f3o ha asegurado en multitud de ocasiones que cuando trab\u00f3 amistad con \u00e9l no sab\u00eda que Dorado era uno de los principales\u00a0<b>capos de la droga\u00a0<\/b>en Galicia.<\/span><\/p>\n<div id=\"sc_intxt_container\">\n<div id=\"sc-intext-passback\" data-google-query-id=\"CICH0by2moADFcPA1QodHu4Kiw\">\n<p id=\"m465-2-466\" class=\"pb-article-item-iteration\" style=\"text-align: justify;\"><span style=\"font-size: 14pt;\">Se le puede creer o no, pero lo cierto es que\u00a0<b>en 1995 Dorado ya hab\u00eda aparecido en las portadas<\/b>\u00a0de peri\u00f3dicos gallegos y estatales y en los titulares de todas las televisiones por su implicaci\u00f3n en varias causas por\u00a0<b>contrabando y por tr\u00e1fico de drogas<\/b>, entre otras durante la operaci\u00f3n N\u00e9cora, que en 1990 sent\u00f3 en el banquillo a 45 personas. La sentencia de aquel caso se hizo p\u00fablica en 1994, pocos meses antes de que los dos\u00a0<b>salieran a pasear en el yate<\/b>\u00a0del primero por la r\u00eda de Arousa.<\/span><\/p>\n<\/div>\n<\/div>\n<p>&nbsp;<\/p>\n<blockquote>\n<p style=\"text-align: center;\"><span style=\"color: #008000;\"><strong><span style=\"font-size: 14pt;\">La sentencia de aquel caso se hizo p\u00fablica en 1994, pocos meses antes de que los dos\u00a0salieran a pasear en el yate\u00a0del primero por la r\u00eda de Arousa<\/span><\/strong><\/span><\/p>\n<\/blockquote>\n<p>&nbsp;<\/p>\n<div id=\"sc_intxt_container\">\n<div id=\"sc-intext-passback\" data-google-query-id=\"CICH0by2moADFcPA1QodHu4Kiw\">\n<div class=\"relacionadas\">\n<div class=\"related-module related-news-between-text\">\n<div class=\"related\">\n<div id=\"m387-386-388\" class=\"item-related-news-between-text add-author no-icon\" data-collection=\"m383-382-384\">\n<p id=\"m470-3-471\" class=\"pb-article-item-iteration\" style=\"text-align: justify;\"><span style=\"font-size: 14pt;\"><a title=\"Los a\u00f1os locos del Feij\u00f3o sindicalista\" href=\"https:\/\/www.publico.es\/politica\/cara-feijoo-anos-locos-feijoo-sindicalista-promovia-encierros-dormia-moquetas-sede-xunta.html#analytics-buscador:listado\" target=\"_blank\" rel=\"noopener\" data-schema-attribute=\"\">Entre 1992 y 1996, Feij\u00f3o era el secretario xeral de la Conseller\u00eda de Sanidade de la Xunta<\/a>\u00a0y el responsable de los expedientes mediante los que\u00a0<b>la Xunta adjudic\u00f3 a las empresas de Dorado<\/b>\u00a0el suministro de la gasolina de las ambulancias del Servizo Galego de Sa\u00fade y del combustible para la calefacci\u00f3n de los hospitales gallegos.<\/span><\/p>\n<p id=\"m475-4-476\" class=\"pb-article-item-iteration\" style=\"text-align: justify;\"><span style=\"font-size: 14pt;\">El narco\u00a0<b>blanqueaba<\/b>\u00a0de esa forma la actividad de sus gasolineras, con las que llenaba los dep\u00f3sitos de las planeadoras y los camiones que transportaban la droga, y de paso pod\u00eda\u00a0<b>lavar el dinero negro\u00a0<\/b>que le reportaba el tr\u00e1fico de drogas gracias al dinero blanco que ingresaba de la Administraci\u00f3n gallega.<\/span><\/p>\n<p id=\"m480-5-481\" class=\"pb-article-item-iteration\" style=\"text-align: justify;\"><span style=\"font-size: 14pt;\">En 2013, la candidata de Sumar a las elecciones del 23 de julio, Yolanda D\u00edaz, por entonces diputada en el Parlamento de Galicia, pidi\u00f3 a Feij\u00f3o que hiciera p\u00fablicos\u00a0<b>los expedientes de aquellas adjudicaciones<\/b>. La Xunta le respondi\u00f3 que no pod\u00eda hacerlo porque hab\u00edan sido destruidos durante unas inundaciones en un instituto de ense\u00f1anza en secundaria en Vigo a donde hab\u00edan sido trasladados a causa de unas obras en los archivos de la Conseller\u00eda de Sanidade en Santiago.<\/span><\/p>\n<div class=\"relacionadas\" style=\"text-align: justify;\">\n<div class=\"related-module related-news-between-text\">\n<div class=\"related\">\n<div id=\"m409-1-410\" class=\"item-related-news-between-text add-author no-icon\" data-collection=\"m383-382-384\">\n<div class=\"img\"><span style=\"font-size: 14pt;\">\u00abLa falta de transparencia es una constante en la Xunta dominada por el PP\u00bb, asegura Pablo Arang\u00fcena, diputado auton\u00f3mico del PSOE y portavoz en la Comisi\u00f3n Institucional del Parlamento de Galicia. \u00abIncluso se niega habitualmente la informaci\u00f3n que los diputados solicitamos al amparo del reglamento del parlamento o se retrasa tanto que cuando llega, deja de tener sentido\u00bb. <\/span><\/div>\n<\/div>\n<\/div>\n<\/div>\n<\/div>\n<\/div>\n<\/div>\n<\/div>\n<\/div>\n<\/div>\n<\/div>\n<div>\u00a0<\/div>\n<blockquote>\n<div style=\"text-align: center;\"><strong><span style=\"font-size: 14pt; color: #008000;\">En 2013, la candidata de Sumar a las elecciones del 23 de julio, Yolanda D\u00edaz, por entonces diputada en el Parlamento de Galicia, pidi\u00f3 a Feij\u00f3o que hiciera p\u00fablicos\u00a0los expedientes de aquellas adjudicaciones. La Xunta le respondi\u00f3 que no pod\u00eda hacerlo porque hab\u00edan sido destruidos durante unas inundaciones en un instituto de ense\u00f1anza en secundaria en Vigo a donde hab\u00edan sido trasladados a causa de unas obras en los archivos de la Conseller\u00eda de Sanidade en Santiago.<\/span><\/strong><\/div>\n<\/blockquote>\n<div>\u00a0<\/div>\n<div id=\"sc_intxt_container\">\n<div id=\"sc-intext-passback\" data-google-query-id=\"CICH0by2moADFcPA1QodHu4Kiw\">\n<div class=\"relacionadas\">\n<div class=\"related-module related-news-between-text\">\n<div class=\"related\">\n<div id=\"m387-386-388\" class=\"item-related-news-between-text add-author no-icon\" data-collection=\"m383-382-384\">\n<div class=\"relacionadas\" style=\"text-align: justify;\">\n<div class=\"related-module related-news-between-text\">\n<div class=\"related\">\n<div id=\"m409-1-410\" class=\"item-related-news-between-text add-author no-icon\" data-collection=\"m383-382-384\">\n<div class=\"img\"><span style=\"font-size: 14pt;\">A mediados de los a\u00f1os 90 <\/span><b style=\"font-size: 14pt;\">Feij\u00f3o no s\u00f3lo se relacion\u00f3 con Dorado<\/b><span style=\"font-size: 14pt;\">, sino con otros <\/span><b style=\"font-size: 14pt;\"><a title=\"Las amistades peligrosas de Feij\u00f3o\" href=\"https:\/\/www.publico.es\/politica\/alberto-nunez-feijoo-amistades-peligrosas-feijoo.html#analytics-noticia:contenido-enlace\" target=\"_blank\" rel=\"noopener\" data-schema-attribute=\"\">testaferros y empresarios relacionados con el narcotr\u00e1fico<\/a><\/b><span style=\"font-size: 14pt;\">. Quien le present\u00f3 al narco ourensano fue Manuel Cruz, militante del PP y ch\u00f3fer del entonces conselleiro de Sanidade, Jos\u00e9 Manuel Romay, y testaferro de varias de las empresas de Dorado. Cruz era el\u00a0<\/span><b style=\"font-size: 14pt;\">l\u00edder de un grupo falangista de Ferrol<\/b><span style=\"font-size: 14pt;\">\u00a0al que tambi\u00e9n estaba adscrito\u00a0<\/span><b style=\"font-size: 14pt;\">Arsenio Fern\u00e1ndez de Mesa<\/b><span style=\"font-size: 14pt;\">, delegado del Gobierno de Aznar en Galicia cuando en 2004 la polic\u00eda encontr\u00f3 en el chal\u00e9 de Dorado las fotos de Feij\u00f3o.<\/span><\/div>\n<\/div>\n<\/div>\n<\/div>\n<\/div>\n<\/div>\n<\/div>\n<\/div>\n<\/div>\n<\/div>\n<\/div>\n<div>\u00a0<\/div>\n<div>\u00a0<\/div>\n<blockquote>\n<div style=\"text-align: center;\"><span style=\"font-size: 14pt;\"><strong><span style=\"color: #008000;\">Cruz era el\u00a0l\u00edder de un grupo falangista de Ferrol\u00a0al que tambi\u00e9n estaba adscrito\u00a0Arsenio Fern\u00e1ndez de Mesa, delegado del Gobierno de Aznar en Galicia cuando en 2004 la polic\u00eda encontr\u00f3 en el chal\u00e9 de Dorado las fotos de Feij\u00f3o<\/span><\/strong><\/span><\/div>\n<\/blockquote>\n<div>\u00a0<\/div>\n<div id=\"sc_intxt_container\">\n<div id=\"sc-intext-passback\" data-google-query-id=\"CICH0by2moADFcPA1QodHu4Kiw\">\n<div class=\"relacionadas\">\n<div class=\"related-module related-news-between-text\">\n<div class=\"related\">\n<div id=\"m387-386-388\" class=\"item-related-news-between-text add-author no-icon\" data-collection=\"m383-382-384\">\n<p id=\"m495-8-496\" class=\"pb-article-item-iteration\" style=\"text-align: justify;\"><span style=\"font-size: 14pt;\">Fern\u00e1ndez de Mesa, a quien Aznar nombrar\u00eda despu\u00e9s director general de la Guardia Civil, fue quien\u00a0<b>alert\u00f3 a Feij\u00f3o de la existencia de las fotos<\/b>\u00a0once a\u00f1os antes de que se publicaran.<\/span><\/p>\n<\/div>\n<\/div>\n<\/div>\n<\/div>\n<\/div>\n<\/div>\n<p>&nbsp;<\/p>\n<figure id=\"attachment_928\" aria-describedby=\"caption-attachment-928\" style=\"width: 330px\" class=\"wp-caption aligncenter\"><a href=\"https:\/\/puntocritico.com\/ausajpuntocritico\/2020\/07\/27\/psicopatas-en-el-poder-2\/\"><img loading=\"lazy\" decoding=\"async\" class=\"wp-image-928\" src=\"https:\/\/puntocritico.com\/ausajpuntocritico\/wp-content\/uploads\/2017\/02\/De_Table-226x300.jpg\" alt=\"\" width=\"330\" height=\"438\" data-id=\"928\" srcset=\"https:\/\/puntocritico.com\/ausajpuntocritico\/wp-content\/uploads\/2017\/02\/De_Table-226x300.jpg 226w, https:\/\/puntocritico.com\/ausajpuntocritico\/wp-content\/uploads\/2017\/02\/De_Table.jpg 620w\" sizes=\"auto, (max-width: 330px) 100vw, 330px\" \/><\/a><figcaption id=\"caption-attachment-928\" class=\"wp-caption-text\"><a href=\"https:\/\/puntocritico.com\/ausajpuntocritico\/2020\/07\/27\/psicopatas-en-el-poder-2\/\"><span style=\"color: #008000;\">Arsenio Fern\u00e1ndez de Mesa, la aberrante desmesura del ego del Jardinero nombrado Alta Autoridad del Estado<\/span><\/a><\/figcaption><\/figure>\n<p>&nbsp;<\/p>\n<div id=\"sc_intxt_container\">\n<div id=\"sc-intext-passback\" data-google-query-id=\"CICH0by2moADFcPA1QodHu4Kiw\">\n<div class=\"relacionadas\">\n<div class=\"related-module related-news-between-text\">\n<div class=\"related\">\n<div id=\"m387-386-388\" class=\"item-related-news-between-text add-author no-icon\" data-collection=\"m383-382-384\">\n<div class=\"relacionadas\" style=\"text-align: justify;\">\n<div class=\"related-module related-news-between-text\">\n<div class=\"related\">\n<div id=\"m431-2-432\" class=\"item-related-news-between-text add-author no-icon\" data-collection=\"m383-382-384\">\n<div class=\"img\"><span style=\"font-size: 14pt;\">Pocos meses despu\u00e9s de que el hoy l\u00edder del PP accediera a la presidencia de la Xunta en 2009, el l\u00edder del PP en la localidad pontevedresa de Caldas de Reis,\u00a0<b>Evaristo Juncal<\/b>, tuvo que dimitir de su cargo de delegado territorial de la Conseller\u00eda de Medio Ambiente en Pontevedra cuando se supo que a mediados de los noventa hab\u00eda vendido varias empresas a Dorado y a Jos\u00e9 Manuel Prado Bugallo,\u00a0<i>Sito Mi\u00f1anco<\/i>,\u00a0<b>el m\u00e1s conocido de los narcos gallegos<\/b>, a trav\u00e9s de Manuel Cruz. Una de esas empresas era, precisamente, <strong>JF Oil<\/strong>, una de las distribuidoras de combustible\u00a0<b>a las que Feij\u00f3o hab\u00eda adjudicado contratos de suministro del Serga<\/b>s cuyos expedientes nunca aparecieron. <\/span><\/div>\n<div>\u00a0<\/div>\n<div class=\"img\"><span style=\"font-size: 14pt;\">Juncal dimiti\u00f3 en 2010 cuando la prensa gallega hizo p\u00fablicas sus relaciones con las redes m\u00e1s poderosas del narcotr\u00e1fico arousano, pero\u00a0<\/span><b style=\"font-size: 14pt;\">Feij\u00f3o<\/b><span style=\"font-size: 14pt;\">, que acababa de obtener hac\u00eda pocos meses su primera mayor\u00eda absoluta,\u00a0<\/span><b style=\"font-size: 14pt;\">no s\u00f3lo no le repudi\u00f3, sino que le protegi\u00f3<\/b><span style=\"font-size: 14pt;\"> manteni\u00e9ndole el sueldo de alto cargo nombr\u00e1ndole jefe de Protecci\u00f3n Civil en Pontevedra. <\/span><\/div>\n<div>\u00a0<\/div>\n<div class=\"img\"><span style=\"font-size: 14pt;\">Aznar y Romay se llevaron a Feij\u00f3o a Madrid en 1996 y le pusieron al frente de la secretar\u00eda general de Asistencia Sanitaria del Ministerio de Sanidad. Tres a\u00f1os despu\u00e9s,<\/span><b style=\"font-size: 14pt;\">\u00a0Manuel Cruz muri\u00f3 en un accidente de tr\u00e1fico<\/b><span style=\"font-size: 14pt;\">\u00a0en la autopista AP9 que\u00a0<\/span><i style=\"font-size: 14pt;\">La Voz de Galicia<\/i><span style=\"font-size: 14pt;\">\u00a0defini\u00f3 como \u00abextra\u00f1o\u00bb.<\/span><\/div>\n<\/div>\n<\/div>\n<\/div>\n<\/div>\n<p>&nbsp;<\/p>\n<h3 id=\"m515-12-516\" class=\"highlighted\" style=\"text-align: center;\"><span style=\"font-size: 18pt;\">Feij\u00f3o al frente de Correos<\/span><\/h3>\n<p id=\"m520-13-521\" class=\"pb-article-item-iteration\" style=\"text-align: justify;\"><span style=\"font-size: 14pt;\">Al a\u00f1o siguiente, Aznar nombr\u00f3 a Feij\u00f3o\u00a0<b>presidente de Correos<\/b>. All\u00ed dirigi\u00f3 la log\u00edstica del voto por correo de varios procesos electorales que nadie puso en duda, como \u00e9l s\u00ed hace ahora con su sucesor en la presidencia de la empresa p\u00fablica\u00a0<a title=\"Feij\u00f3o insin\u00faa fraude en el voto por correo\" href=\"https:\/\/www.publico.es\/publico-tv\/publico-al-dia\/programa\/1062890\/feijoo-agita-el-fantasma-del-fraude-electoral-en-el-voto-por-correo#analytics-noticia:contenido-enlace\" target=\"_blank\" rel=\"noopener\" data-schema-attribute=\"\">insinu\u00e1ndolo como instigador de un fraude electoral<\/a>, por el hecho de que hubiera ocupado un alto cargo en el Gobierno del PP.<\/span><\/p>\n<\/div>\n<\/div>\n<\/div>\n<\/div>\n<\/div>\n<\/div>\n<p>&nbsp;<\/p>\n<figure id=\"attachment_2282990\" aria-describedby=\"caption-attachment-2282990\" style=\"width: 400px\" class=\"wp-caption aligncenter\"><img loading=\"lazy\" decoding=\"async\" class=\"wp-image-2282990\" src=\"https:\/\/puntocritico.com\/ausajpuntocritico\/wp-content\/uploads\/2023\/07\/Correos-efe-300x200.webp\" alt=\"\" width=\"400\" height=\"267\" data-id=\"2282990\" srcset=\"https:\/\/puntocritico.com\/ausajpuntocritico\/wp-content\/uploads\/2023\/07\/Correos-efe-300x200.webp 300w, https:\/\/puntocritico.com\/ausajpuntocritico\/wp-content\/uploads\/2023\/07\/Correos-efe-768x512.webp 768w, https:\/\/puntocritico.com\/ausajpuntocritico\/wp-content\/uploads\/2023\/07\/Correos-efe.webp 990w\" sizes=\"auto, (max-width: 400px) 100vw, 400px\" \/><figcaption id=\"caption-attachment-2282990\" class=\"wp-caption-text\"><span style=\"color: #008000;\">Una oficina de correos de Mah\u00f3n, a 16 de julio de 2023.<\/span><\/figcaption><\/figure>\n<p>&nbsp;<\/p>\n<p id=\"m542-15-543\" class=\"pb-article-item-iteration\" style=\"text-align: justify;\"><span style=\"font-size: 14pt;\">En Correos, Feij\u00f3o conoci\u00f3 a <strong>Regino Mart\u00edn<\/strong>, el sindicalista que ha alentado ese debate que\u00a0<a title=\"Correos desmiente irregularidades en el voto por correo\" href=\"https:\/\/www.publico.es\/politica\/correos-defiende-palabras-feijoo-asegura-voto-correo-seguro-garantista.html#analytics-noticia:contenido-enlace\" target=\"_blank\" rel=\"noopener\" data-schema-attribute=\"\">los hechos y la propia empresa han desmentido<\/a>. Feij\u00f3o asegura que es el \u00fanico \u00ab<em>amigo comunista<\/em>\u00bb que tiene. Se le puede creer o no, pero lo cierto es que en alguna de las fotos que se sac\u00f3 en el yate de Marcial Dorado\u00a0<a href=\"https:\/\/www.publico.es\/actualidad\/lider-ccoo-galicia-yate-feijoo.html#analytics-noticia:contenido-enlace\" target=\"_blank\" rel=\"noopener\" data-schema-attribute=\"\">aparece posando con su pareja de entonces, la exsecretaria de Sanidade de CCOO en Galicia<\/a>, quien luego ocupar\u00eda el mismo cargo en la federaci\u00f3n estatal del mismo sindicato.<\/span><\/p>\n<p id=\"m547-16-548\" class=\"pb-article-item-iteration\" style=\"text-align: justify;\"><span style=\"font-size: 14pt;\">Durante los mandatos de Feij\u00f3o en la Xunta entre 2009 y 2022 se han sucedido constantemente los casos de<b>\u00a0clientelismo<\/b>,\u00a0<b>amiguismo y nepotismo<\/b>. Y no s\u00f3lo en Ourense, donde el presidente de la Deputaci\u00f3n Provincial, Manuel Baltar, por quien\u00a0<a href=\"https:\/\/www.publico.es\/politica\/baltar.html#analytics-noticia:contenido-enlace\" target=\"_blank\" rel=\"noopener\" data-schema-attribute=\"\">el aspirante popular hizo alcalde a Gonzalo P\u00e9rez J\u00e1come<\/a>, acaba de renunciar a su cargo envuelto en sospechas de\u00a0<b>corruptelas\u00a0<\/b>que\u00a0<a title=\"Los audios en los que el hermano de Baltar habla de moridas y pr\u00e1cticas corruptas\" href=\"https:\/\/www.publico.es\/politica\/hermano-baltar-reconoce-mordidas-financiacion-ilegal-pp-me-den-8000-cortado-grifo.html#analytics-noticia:contenido-enlace\" target=\"_blank\" rel=\"noopener\" data-schema-attribute=\"\">implican a su familia en el cobro de mordidas<\/a>\u00a0y a funcionarios de la instituci\u00f3n que habr\u00edan asumido sus\u00a0<b>multas por exceso de velocidad<\/b>.<\/span><\/p>\n<p id=\"m552-17-553\" class=\"pb-article-item-iteration\" style=\"text-align: justify;\"><span style=\"font-size: 14pt;\">El Consello de Contas de Galicia, el organismo encargado de fiscalizar las cuentas de la administraci\u00f3n auton\u00f3mica, alert\u00f3 el verano pasado de que la\u00a0<b>administraci\u00f3n paralela de la Xunta de Feij\u00f3o<\/b>\u00a0a trav\u00e9s de chiringuitos y entidades instrumentales<a title=\"La administraci\u00f3n paralela que Feij\u00f3o mont\u00f3 en la Xunta gestiona el 14% del presupuesto auton\u00f3mico\" href=\"https:\/\/www.publico.es\/politica\/administracion-paralela-feijoo-chiringuitos-fundaciones-agencias-dejo-galicia-deuda-558-millones.html#analytics-noticia:contenido-enlace\" target=\"_blank\" rel=\"noopener\" data-schema-attribute=\"\">\u00a0gestiona ya m\u00e1s de 1.700 millones de euros, es decir el 14% del presupuesto del Ejecutivo auton\u00f3mico<\/a>. La\u00a0<b>deuda que acumulan<\/b>, seg\u00fan el Consello de Contas, asciende a m\u00e1s de\u00a0<b>550 millones de euros<\/b>.<\/span><\/p>\n<p id=\"m557-18-558\" class=\"pb-article-item-iteration\" style=\"text-align: justify;\"><span style=\"font-size: 14pt;\">Cuando Feij\u00f3o dej\u00f3 el Gobierno gallego en mayo de 2021, en Galicia hab\u00eda 29 fundaciones p\u00fablicas, 17 agencias, 15 sociedades mercantiles, 11 organismos aut\u00f3nomos y entidades de consulta, nueve consorcios, cuatro fondos de capital riesgo y dos entidades p\u00fablicas empresariales. Al frente de muchos de ellos, con\u00a0<b>salarios que exceden con mucho lo que cobrar\u00edan como funcionarios\u00a0<\/b>de la administraci\u00f3n convencional,\u00a0 Feij\u00f3o ha colocado a amigos, familiares de amigos, militantes y altos cargos del PP, cuyos curr\u00edculos, en numerosas ocasiones, no ofrecen capacitaci\u00f3n ni relaci\u00f3n alguna con las competencias que les asign\u00f3.<\/span><\/p>\n<p>&nbsp;<\/p>\n<h3 id=\"m562-19-563\" class=\"highlighted\" style=\"text-align: center;\"><span style=\"font-size: 18pt;\">La hermana de Feij\u00f3o<\/span><\/h3>\n<p id=\"m567-20-568\" class=\"pb-article-item-iteration\" style=\"text-align: justify;\"><span style=\"font-size: 14pt;\">Esos organismos e instituciones, adem\u00e1s, acumulan buena parte de los\u00a0<b>contratos p\u00fablicos que la Xunta<\/b>\u00a0ha asignado a las empresas del grupo Eulen, cuya directora para la zona noroeste de Espa\u00f1a es\u00a0<b>su propia hermana, Micaela N\u00fa\u00f1ez Feij\u00f3o<\/b>.\u00a0Entre 2009 y 2022,\u00a0<a href=\"https:\/\/www.publico.es\/actualidad\/empresa-dirige-hermana-feijoo-galicia-recibio-adjudicaciones-record-xunta-ascenderla.html#analytics-noticia:contenido-enlace\" target=\"_blank\" rel=\"noopener\" data-schema-attribute=\"\">Eulen recibi\u00f3 37 millones de euros en adjudicaciones de la administraci\u00f3n gallega<\/a>, y cerca del 80% de esa cantidad se licit\u00f3 a trav\u00e9s de esa administraci\u00f3n paralela en la que Feij\u00f3o coloc\u00f3 a sus fines.\u00a0<\/span><\/p>\n<p id=\"m572-21-573\" class=\"pb-article-item-iteration\" style=\"text-align: justify;\"><span style=\"font-size: 14pt;\">Muchas de esas\u00a0<b>adjudicaciones millonarias<\/b>\u00a0coinciden con nombramientos y ceses a dedo de sus responsables dentro del organigrama de la Xunta. Tambi\u00e9n en Eulen. En 2016, Micaela N\u00fa\u00f1ez, que entonces era directora de la delegaci\u00f3n de la empresa en Galicia, fue nombrada directora territorial para el Noroeste despu\u00e9s de obtener en 2015 el\u00a0<b>el mayor contrato de la Xunta<\/b>, 4,38 millones para la vigilancia de los centros de salud del Servizo Galego de Sa\u00fade (Sergas)\u00a0 en A Coru\u00f1a.<\/span><\/p>\n<p id=\"m577-22-578\" class=\"pb-article-item-iteration\" style=\"text-align: justify;\"><span style=\"font-size: 14pt;\">Dos a\u00f1os despu\u00e9s, Feij\u00f3o nombr\u00f3 al entonces gerente del Sergas que firm\u00f3 aquella adjudicaci\u00f3n,\u00a0<b>Antonio Fern\u00e1ndez-Campa<\/b>, vocal del consejo de administraci\u00f3n de la Autoridad Portuaria de Vilagarc\u00eda de Arousa.\u00a0Fern\u00e1ndez-Campa no ten\u00eda relaci\u00f3n alguna ni con el sector portuario ni con Vilagarc\u00eda, y la oposici\u00f3n acus\u00f3 entonces a Feij\u00f3o de premiarle con\u00a0<b>un cargo a dedo bien remunerado<\/b>\u00a0gracias a las dietas por asistencia a los consejos de la instituci\u00f3n.<\/span><\/p>\n<p id=\"m582-23-583\" class=\"pb-article-item-iteration\" style=\"text-align: justify;\"><span style=\"font-size: 14pt;\">Algo parecido sucedi\u00f3 con\u00a0<b>Jes\u00fas V\u00e1zquez Almui\u00f1a<\/b>, conselleiro de Sanidade entre 2015 y 2020 y m\u00e1ximo responsable de las adjudicaciones del Sergas a Eulen en ese per\u00edodo. Almui\u00f1a es m\u00e9dico de profesi\u00f3n, fue alcalde de Baiona (Pontevedra) y tampoco se le conoc\u00eda vinculaci\u00f3n alguna con la gesti\u00f3n de los puertos hasta que Feij\u00f3o le nombr\u00f3 en 2020\u00a0<b>presidente de la Autoridad Portuaria de Vigo<\/b>, con un salario de\u00a0<b>87.000 euros anuales<\/b>, superior al del presidente del Gobierno.<\/span><\/p>\n<p id=\"m587-24-588\" class=\"pb-article-item-iteration\" style=\"text-align: justify;\"><span style=\"font-size: 14pt;\">La Sociedade Galega de Medio Ambiente (Sogama), que gestiona el tratamiento de basuras de un centenar de municipios gallegos, adjudic\u00f3 Eulen 3,46 millones bajo mando de dos presidentes nombrados a dedo por Feij\u00f3o:\u00a0<b>Luis Lamas,<\/b>\u00a0<b>que tuvo que dimitir\u00a0<\/b>despu\u00e9s de que se supiera que tambi\u00e9n hab\u00eda suscrito contratos de Sogama con su propio despacho de abogados, y\u00a0 J<b>avier Dom\u00ednguez Lino, exconcejal del PP<\/b>\u00a0en Poio (Pontevedra) a quien Feij\u00f3o design\u00f3 como su sucesor. Lamas cobraba en plena crisis financiera m\u00e1s de 72.000 euros, y Dom\u00ednguez Lino, 74.000 euros.<\/span><\/p>\n<p id=\"m592-25-593\" class=\"pb-article-item-iteration\" style=\"text-align: justify;\"><span style=\"font-size: 14pt;\"><b>Alfonso S\u00e1nchez Izquierdo<\/b>, nombrado en 2009 tras la investidura de Feij\u00f3o como director general de la Corporaci\u00f3n Radio e Televisi\u00f3n de Galicia y a quien la oposici\u00f3n y los sindicatos acusan de\u00a0<a title=\"La plantilla de la TVG, en huelga por la manipulaci\u00f3n\" href=\"https:\/\/www.publico.es\/politica\/plantilla-tele-publica-gallega-vuelve-huelga-arranque-campana-denunciar-manipulacion-pp.html#analytics-noticia:contenido-enlace\" target=\"_blank\" rel=\"noopener\" data-schema-attribute=\"\">haber puesto los medios p\u00fablicos de comunicaci\u00f3n al servicio de los intereses del PP<\/a>, ha firmado con Eulen contratos por valor de 2,2 millones de euros. Su salario supera los 92.000 euros.<\/span><\/p>\n<p id=\"m597-26-598\" class=\"pb-article-item-iteration\" style=\"text-align: justify;\"><span style=\"font-size: 14pt;\">Tanto Feij\u00f3o como su sucesor, Alfonso Rueda, se han negado a destituir a\u00a0<a href=\"https:\/\/www.publico.es\/politica\/television-gallega-pp-acumula-17-anos-cerca-400-sentencias-burlar-derechos-fundamentales-laborales.html#analytics-noticia:contenido-enlace\" target=\"_blank\" rel=\"noopener\" data-schema-attribute=\"\">S\u00e1nchez Izquierdo pese a que acumula centenares -si, centenares- de sentencias en contra de los tribunales de justicia por vulneraci\u00f3n de derechos civiles y laborales<\/a>. Lo tendr\u00edan f\u00e1cil, porque fue el PP el que impuls\u00f3 y aprob\u00f3 hace doce a\u00f1os la Lei do Audiovisual Galego, que establece que el director general de la CRTVG debe ser nombrado por el Parlamento.<\/span><\/p>\n<p id=\"m602-27-603\" class=\"pb-article-item-iteration\" style=\"text-align: justify;\"><span style=\"font-size: 14pt;\">La red que proporcion\u00f3 contratas millonarias a la empresa en la que trabaja la hermana de Feij\u00f3o tambi\u00e9n atrap\u00f3 a algunos alcaldes.\u00a0<b>Ernesto Anido<\/b>, quien lleg\u00f3 al Gobierno local de Sada (A Coru\u00f1a) siendo la tercera lista m\u00e1s votada gracias a<b>\u00a0los votos de tr\u00e1nsfugas\u00a0<\/b>de su propio partido, adjudic\u00f3 a Eulen 810.000 euros, el 8% del presupuesto municipal. Hace dos a\u00f1os el Tribunal Supremo le conden\u00f3 a\u00a0<b>ochos a\u00f1os de inhabilitaci\u00f3n\u00a0por un delito de prevaricaci\u00f3n<\/b>\u00a0en la contrataci\u00f3n de una asesora.<\/span><\/p>\n<p style=\"text-align: justify;\">\u00a0<\/p>\n<figure id=\"attachment_2282991\" aria-describedby=\"caption-attachment-2282991\" style=\"width: 400px\" class=\"wp-caption aligncenter\"><img loading=\"lazy\" decoding=\"async\" class=\"wp-image-2282991\" src=\"https:\/\/puntocritico.com\/ausajpuntocritico\/wp-content\/uploads\/2023\/07\/Fakejoo-2-300x200.webp\" alt=\"\" width=\"400\" height=\"267\" data-id=\"2282991\" srcset=\"https:\/\/puntocritico.com\/ausajpuntocritico\/wp-content\/uploads\/2023\/07\/Fakejoo-2-300x200.webp 300w, https:\/\/puntocritico.com\/ausajpuntocritico\/wp-content\/uploads\/2023\/07\/Fakejoo-2-768x512.webp 768w, https:\/\/puntocritico.com\/ausajpuntocritico\/wp-content\/uploads\/2023\/07\/Fakejoo-2.webp 990w\" sizes=\"auto, (max-width: 400px) 100vw, 400px\" \/><figcaption id=\"caption-attachment-2282991\" class=\"wp-caption-text\"><span style=\"color: #008000;\">El l\u00edder del Partido Popular, Alberto N\u00fa\u00f1ez Feij\u00f3o, en la plaza mayor de Os Peares, a 6 de julio de 2023.<\/span><\/figcaption><\/figure>\n<p>&nbsp;<\/p>\n<p id=\"m624-29-625\" class=\"pb-article-item-iteration\" style=\"text-align: justify;\"><span style=\"font-size: 14pt;\">En Melide, a una hora por carretera de Sada, la alcaldesa del PP,\u00a0<b>\u00c1nxeles V\u00e1zquez<\/b>, adjudic\u00f3 a Eulen una cantidad similar, m\u00e1s de 806.000 euros, el 15% del presupuesto local de ese a\u00f1o. V\u00e1zquez es licenciada en Geograf\u00eda e Historia y t\u00e9cnica en informaci\u00f3n y cultura, pero pese a\u00a0<b>no tener experiencia en el sector primario<\/b>\u00a0Feij\u00f3o la ascendi\u00f3 a conselleira de Medio Rural un a\u00f1o despu\u00e9s de aquella operaci\u00f3n.<\/span><\/p>\n<p id=\"m629-30-630\" class=\"pb-article-item-iteration\" style=\"text-align: justify;\"><span style=\"font-size: 14pt;\">En el 2018 la nombr\u00f3 conselleira de Medio Ambiente, Territorio e Vivenda. Hoy es\u00a0\u00a0<b>vicepresidenta segunda<\/b>\u00a0y conselleira de Medio Ambiente, Territorio y Vivienda en el Gobierno de Alfonso Rueda.<\/span><\/p>\n<p>&nbsp;<\/p>\n<h3 id=\"m634-31-635\" class=\"highlighted\" style=\"text-align: center;\"><span style=\"font-size: 18pt;\">Los contratos con Eulen<\/span><\/h3>\n<p id=\"m639-32-640\" class=\"pb-article-item-iteration\" style=\"text-align: justify;\"><span style=\"font-size: 14pt;\">La\u00a0<b>portavoz nacional del BNG, Ana Pont\u00f3n<\/b>,\u00a0<a title=\"El BNG exige en el Parlamento de Galicia una auditor\u00eda externa de los contratos con Eulen de los gobiernos de Feij\u00f3o\" href=\"https:\/\/www.publico.es\/politica\/bloque-presenta-bateria-iniciativas-camara-gallega-bng-exige-parlamento-galicia-auditoria-externa-contratos-eulen-gobiernos-feijoo.html#analytics-noticia:contenido-enlace\" target=\"_blank\" rel=\"noopener\" data-schema-attribute=\"\">reclam\u00f3 a Feij\u00f3o los contratos con Eulen cuando \u00e9ste a\u00fan era presidente de la Xunta<\/a>, asegurando que ten\u00eda \u00abel deber inexcusable\u00bb de explicar por qu\u00e9 la empresa para la que trabajaba su hermana hab\u00eda multiplicado sus negocios con la Administraci\u00f3n y por qu\u00e9 en muchos de los procedimientos de adjudicaci\u00f3n exist\u00edan evidencias de trato de favor e informaci\u00f3n privilegiada.<\/span><\/p>\n<p id=\"m644-33-645\" class=\"pb-article-item-iteration\" style=\"text-align: justify;\"><span style=\"font-size: 14pt;\"><b>Feij\u00f3o nunca respondi\u00f3, ni tampoco lo hicieron Eulen ni su hermana<\/b>, de quien\u00a0<i>P\u00fablico\u00a0<\/i>trat\u00f3, sin \u00e9xito, obtener una versi\u00f3n cuando public\u00f3 hace m\u00e1s de un a\u00f1o las informaciones arriba citadas.<\/span><\/p>\n<p id=\"m649-34-650\" class=\"pb-article-item-iteration\" style=\"text-align: justify;\"><span style=\"font-size: 14pt;\">El diputado socialista Pablo Arang\u00fcena recuerda que el PP ha votado en dos ocasiones en la C\u00e1mara gallega a favor de sendas iniciativas del PSdeG para que la Xunta facilite toda la documentaci\u00f3n relativa a los contratos de la Xunta con la empresa de la que su hermana es apoderada en Galicia. Pero sucede como con los contratos de Marcial Dorado, a quien Feij\u00f3o dec\u00eda no conocer del todo.<\/span><\/p>\n<p id=\"m654-35-655\" class=\"pb-article-item-iteration\" style=\"text-align: justify;\"><span style=\"font-size: 14pt;\">\u00ab<b>El PP vota a favor de entregarnos la documentaci\u00f3n, pero luego no nos la entrega<\/b>. Lo mismo ocurre con muchos otros temas, y eso\u00a0 dificulta mucho investigar la corrupci\u00f3n\u00bb, concluye Arang\u00fcena.<\/span><\/p>\n<p>&nbsp;<\/p>\n<p style=\"text-align: justify;\"><img loading=\"lazy\" decoding=\"async\" class=\"aligncenter wp-image-2282992\" src=\"https:\/\/puntocritico.com\/ausajpuntocritico\/wp-content\/uploads\/2023\/07\/Feijoo-Dorado-sientete-libre-300x193.jpg\" alt=\"\" width=\"440\" height=\"283\" data-id=\"2282992\" srcset=\"https:\/\/puntocritico.com\/ausajpuntocritico\/wp-content\/uploads\/2023\/07\/Feijoo-Dorado-sientete-libre-300x193.jpg 300w, https:\/\/puntocritico.com\/ausajpuntocritico\/wp-content\/uploads\/2023\/07\/Feijoo-Dorado-sientete-libre-768x494.jpg 768w, https:\/\/puntocritico.com\/ausajpuntocritico\/wp-content\/uploads\/2023\/07\/Feijoo-Dorado-sientete-libre.jpg 980w\" sizes=\"auto, (max-width: 440px) 100vw, 440px\" \/><\/p>\n<p style=\"text-align: center;\"><span style=\"font-size: 18pt;\"><strong><span style=\"color: #008000;\">*******<\/span><\/strong><\/span><\/p>\n<p style=\"text-align: justify;\"><span style=\"color: #008000; font-size: 14pt;\">ERREJOLANDA<\/span><\/p>\n<h2 style=\"text-align: center;\"><span style=\"font-size: 18pt;\"><strong>DISIDENCIA CONTROLADA, LA NADA Y EL TIEMPO: \u00bfQUIEN SOBREVIVIR\u00c1 A QUIEN?<\/strong><\/span><\/h2>\n<p><a href=\"https:\/\/puntocritico.com\/ausajpuntocritico\/2021\/11\/04\/temporeras-contra-la-esclavitud-analisis-de-los-informes-de-la-inspeccion-de-trabajo-en-la-demanda-de-amparo-constitucional\/\"><img loading=\"lazy\" decoding=\"async\" class=\"aligncenter wp-image-2282811\" src=\"https:\/\/puntocritico.com\/ausajpuntocritico\/wp-content\/uploads\/2023\/07\/ERREJOLANDA-300x200.jpg\" alt=\"\" width=\"400\" height=\"266\" data-id=\"2282811\" srcset=\"https:\/\/puntocritico.com\/ausajpuntocritico\/wp-content\/uploads\/2023\/07\/ERREJOLANDA-300x200.jpg 300w, https:\/\/puntocritico.com\/ausajpuntocritico\/wp-content\/uploads\/2023\/07\/ERREJOLANDA-1024x682.jpg 1024w, https:\/\/puntocritico.com\/ausajpuntocritico\/wp-content\/uploads\/2023\/07\/ERREJOLANDA-768x511.jpg 768w, https:\/\/puntocritico.com\/ausajpuntocritico\/wp-content\/uploads\/2023\/07\/ERREJOLANDA-1320x879.jpg 1320w, https:\/\/puntocritico.com\/ausajpuntocritico\/wp-content\/uploads\/2023\/07\/ERREJOLANDA.jpg 1524w\" sizes=\"auto, (max-width: 400px) 100vw, 400px\" \/><\/a><\/p>\n<p style=\"text-align: center;\"><span style=\"font-size: 18pt;\"><strong><span style=\"color: #008000;\">*******<\/span><\/strong><\/span><\/p>\n<blockquote>\n<p style=\"text-align: center;\"><span style=\"font-size: 14pt; color: #008000;\"><strong>La trampa nunca falla; la ilusi\u00f3n nunca desaparece. Vote para frenar el aborto y reciba una reducci\u00f3n en impuestos sobre plusval\u00edas. Vote para fortalecer de nuevo nuestro pa\u00eds y reciba desindustrializaci\u00f3n. Vote para darles una lecci\u00f3n a esos profesores universitarios pol\u00edticamente correctos y reciba liberalizaci\u00f3n de la electricidad. Vote para que el Estado les deje en paz y reciba concentraci\u00f3n y monopolio por todas\u00a0 partes, desde los medios hasta el embalaje de la carne. Vote para luchar contra los terroristas y reciba la privatizaci\u00f3n de la Seguridad Social. Vote para asestarle un golpe al elitismo y reciba un orden social en que la riqueza est\u00e1 m\u00e1s concentrada que nunca, en que los trabajadores han sido despojados de su poder y los ejecutivos son recompensados m\u00e1s all\u00e1 de lo imaginable.<\/strong><\/span><\/p>\n<blockquote>\n<p style=\"text-align: center;\">\u00a0<\/p>\n<blockquote>\n<p style=\"text-align: center;\"><a href=\"https:\/\/puntocritico.com\/ausajpuntocritico\/2022\/05\/24\/over-the-rainbow-por-slavoj-zizek-que-pasa-con-kansas-como-los-ultraconservadores-conquistaron-el-corazon-de-estados-unidos-introduccion-por-thomas-frank\/\"><strong><span style=\"color: #008000; font-size: 18pt;\">\u00bfQU\u00c9 PASA CON KANSAS?: INTRODUCCI\u00d3N Por Thomas Frank<\/span><\/strong><\/a><\/p>\n<\/blockquote>\n<\/blockquote>\n<\/blockquote>\n<p><a href=\"https:\/\/puntocritico.com\/ausajpuntocritico\/2022\/05\/24\/over-the-rainbow-por-slavoj-zizek-que-pasa-con-kansas-como-los-ultraconservadores-conquistaron-el-corazon-de-estados-unidos-introduccion-por-thomas-frank\/\"><img loading=\"lazy\" decoding=\"async\" class=\"aligncenter wp-image-1663084\" src=\"https:\/\/puntocritico.com\/ausajpuntocritico\/wp-content\/uploads\/2021\/01\/QU\u00c9-PASA-CON-KANSAS-300x167.jpg\" alt=\"\" width=\"480\" height=\"267\" data-id=\"1663084\" srcset=\"https:\/\/puntocritico.com\/ausajpuntocritico\/wp-content\/uploads\/2021\/01\/QU\u00c9-PASA-CON-KANSAS-300x167.jpg 300w, https:\/\/puntocritico.com\/ausajpuntocritico\/wp-content\/uploads\/2021\/01\/QU\u00c9-PASA-CON-KANSAS-1024x570.jpg 1024w, https:\/\/puntocritico.com\/ausajpuntocritico\/wp-content\/uploads\/2021\/01\/QU\u00c9-PASA-CON-KANSAS-768x428.jpg 768w, https:\/\/puntocritico.com\/ausajpuntocritico\/wp-content\/uploads\/2021\/01\/QU\u00c9-PASA-CON-KANSAS-610x340.jpg 610w, https:\/\/puntocritico.com\/ausajpuntocritico\/wp-content\/uploads\/2021\/01\/QU\u00c9-PASA-CON-KANSAS.jpg 1131w\" sizes=\"auto, (max-width: 480px) 100vw, 480px\" \/><\/a><\/p>\n<p style=\"text-align: center;\"><span style=\"font-size: 18pt;\"><strong><span style=\"color: #008000;\">*******<\/span><\/strong><\/span><\/p>\n<div>\n<figure id=\"attachment_16690\" aria-describedby=\"caption-attachment-16690\" style=\"width: 400px\" class=\"wp-caption aligncenter\"><a href=\"https:\/\/puntocritico.com\/ausajpuntocritico\/2022\/10\/12\/fabricando-disidencia-globalistas-y-elites-controlan-movimientos-populares-por-michel-chossudovsky-2\/\"><img loading=\"lazy\" decoding=\"async\" class=\"wp-image-16690\" src=\"https:\/\/puntocritico.com\/ausajpuntocritico\/wp-content\/uploads\/2019\/02\/disidencia-controlada-2.jpg\" alt=\"\" width=\"400\" height=\"267\" data-id=\"16690\" \/><\/a><figcaption id=\"caption-attachment-16690\" class=\"wp-caption-text\"><span style=\"color: #008000;\">FABRICANDO DISIDENCIA: GLOBALISTAS Y \u00c9LITES CONTROLAN MOVIMIENTOS POPULARES, por Michel Chossudovsky <\/span><\/figcaption><\/figure>\n<\/div>\n<p style=\"text-align: center;\"><span style=\"font-size: 18pt;\"><strong><span style=\"color: #008000;\">*******<\/span><\/strong><\/span><\/p>\n<p class=\"pre-title\" style=\"text-align: justify;\"><span style=\"font-size: 14pt; color: #008000;\">EXTRACTO DE LA NOVELA<\/span><\/p>\n<h2 style=\"text-align: center;\" align=\"center\"><span style=\"font-size: 24.0pt;\">\u00abVIVIR ES TOMAR PARTIDO\u00bb<\/span><\/h2>\n<p class=\"post-subtitle\" style=\"text-align: center;\"><strong><span style=\"font-size: 14pt;\">La editorial Lengua de Trapo comparte en &#8216;Vozp\u00f3puli&#8217; unas p\u00e1ginas clave de &#8216;Madrid ser\u00e1 la tumba&#8217;, de la pensadora <a href=\"https:\/\/elizabethduval.com\/\" target=\"_blank\" rel=\"noopener\">Elizabeth Duval<\/a><\/span><\/strong><\/p>\n<p style=\"text-align: justify;\"><span style=\"font-size: 14pt;\">Por Elizabeth Duval<\/span><\/p>\n<p style=\"text-align: justify;\"><span style=\"font-size: 14pt;\"><a href=\"https:\/\/www.vozpopuli.com\/altavoz\/cultura\/vivir-es-tomar-partido.html\" target=\"_blank\" rel=\"noopener\">Vozpopuli<\/a>, 26 NOV 2021<\/span><\/p>\n<figure id=\"attachment_2282743\" aria-describedby=\"caption-attachment-2282743\" style=\"width: 678px\" class=\"wp-caption aligncenter\"><img loading=\"lazy\" decoding=\"async\" class=\"wp-image-2282743 size-mh-magazine-content\" src=\"https:\/\/puntocritico.com\/ausajpuntocritico\/wp-content\/uploads\/2023\/07\/portadatumba-e1637911282519-678x381.webp\" alt=\"\" width=\"678\" height=\"381\" data-id=\"2282743\" srcset=\"https:\/\/puntocritico.com\/ausajpuntocritico\/wp-content\/uploads\/2023\/07\/portadatumba-e1637911282519-678x381.webp 678w, https:\/\/puntocritico.com\/ausajpuntocritico\/wp-content\/uploads\/2023\/07\/portadatumba-e1637911282519-300x169.webp 300w, https:\/\/puntocritico.com\/ausajpuntocritico\/wp-content\/uploads\/2023\/07\/portadatumba-e1637911282519-1024x577.webp 1024w, https:\/\/puntocritico.com\/ausajpuntocritico\/wp-content\/uploads\/2023\/07\/portadatumba-e1637911282519-768x433.webp 768w, https:\/\/puntocritico.com\/ausajpuntocritico\/wp-content\/uploads\/2023\/07\/portadatumba-e1637911282519-1320x744.webp 1320w, https:\/\/puntocritico.com\/ausajpuntocritico\/wp-content\/uploads\/2023\/07\/portadatumba-e1637911282519.webp 1454w\" sizes=\"auto, (max-width: 678px) 100vw, 678px\" \/><figcaption id=\"caption-attachment-2282743\" class=\"wp-caption-text\"><span style=\"color: #008000;\">Portada de &#8216;Madrid ser\u00e1 la tumba&#8217; <\/span><\/figcaption><\/figure>\n<p style=\"text-align: justify;\">\u00a0<\/p>\n<p style=\"text-align: justify;\"><span style=\"font-size: 14pt;\">Ramiro es un militante. Militar significa obedecer a algo superior a uno mismo. Vivir quiere decir tomar partido. Ser militante es ser un partisano.\u00a0<strong>Odia a los indiferentes<\/strong>, pero es incapaz de sentir desprecio por las fiestas, aunque den n\u00e1useas. Sirven para financiar otros asuntos: la oficina de okupaci\u00f3n, la biblioteca autogestionada, los cursos de lengua de signos, las cafetas populares, la resistencia a la gentrificaci\u00f3n. Tambi\u00e9n son espacios en los que morir sin ataduras.<\/span><\/p>\n<p style=\"text-align: justify;\"><span style=\"font-size: 14pt;\">Mira al latero que sigue vendiendo cervezas y piensa en si ser\u00e1 indio, pakistan\u00ed, norafricano. Se arrepiente inmediatamente de que el impulso primero de su cabeza haya sido la categorizaci\u00f3n, el encasillarlo, pensar en sus or\u00edgenes: una taxonom\u00eda colonizadora. Se da cuenta de que no ser\u00eda capaz de intercambiar muchas palabras con \u00e9l, porque provienen de mundos distintos, y\u00a0<strong>ni siquiera sabe si compartir\u00edan un lenguaje com\u00fan<\/strong>. Si hablaran \u00e9l y el latero de la &#8216;precariedad&#8217; o, peor a\u00fan, de la &#8216;lucha de clases&#8217;, la salida m\u00e1s probable ser\u00eda que el latero lo mandara soberanamente a la mierda.<\/span><\/p>\n<p style=\"text-align: justify;\"><span style=\"font-size: 14pt;\"><strong>Vero<\/strong>, a quien conoce perfectamente \u2014porque militan juntos\u2014, hace el m\u00e1s inesperado de los movimientos, una sutil inclinaci\u00f3n rotativa de unos cuantos grados, y entabla conversaci\u00f3n con el latero. Resulta que viene de Bangladesh, se llama\u00a0<strong>Abdul<\/strong>\u00a0y se expresa con relativa fluidez en el castellano. Para mayor sorpresa y verg\u00fcenza suya, Vero sabe qui\u00e9n es: las reuniones del gremio de lateros suelen tener lugar en la misma casa okupa en la que acaban de estar de fiesta. Hablan de la miseria que Abdul gana por las noches y en c\u00f3mo las cervezas a duras penas llegan para soportar las multas.<\/span><\/p>\n<p style=\"text-align: justify;\"><span style=\"font-size: 14pt;\">Ramiro no vive lejos de la plaza Nelson Mandela, a cuyo nombre no se acostumbra; piensa en irse, pero justo viene la polic\u00eda. La m\u00fasica se apaga y todo el mundo se queda en silencio, se sienta, se esfuma. Pero nadie va a encararse con ellos:\u00a0<strong>los polic\u00edas se acercan a los lateros, buscan a los senegaleses<\/strong>\u00a0que campan por la plaza. Abdul a\u00fan no se ha ido y es interpelado por uno de los agentes. Todos se imaginan mediando, pero nadie lo hace. Al irse escucha a alguien vomitar en una esquina.<\/span><\/p>\n<p style=\"text-align: justify;\">\u00a0<\/p>\n<figure id=\"attachment_2282744\" aria-describedby=\"caption-attachment-2282744\" style=\"width: 480px\" class=\"wp-caption aligncenter\"><img loading=\"lazy\" decoding=\"async\" class=\"wp-image-2282744\" src=\"https:\/\/puntocritico.com\/ausajpuntocritico\/wp-content\/uploads\/2023\/07\/casaroja-300x169.webp\" alt=\"\" width=\"480\" height=\"270\" data-id=\"2282744\" srcset=\"https:\/\/puntocritico.com\/ausajpuntocritico\/wp-content\/uploads\/2023\/07\/casaroja-300x169.webp 300w, https:\/\/puntocritico.com\/ausajpuntocritico\/wp-content\/uploads\/2023\/07\/casaroja-768x432.webp 768w, https:\/\/puntocritico.com\/ausajpuntocritico\/wp-content\/uploads\/2023\/07\/casaroja-678x381.webp 678w, https:\/\/puntocritico.com\/ausajpuntocritico\/wp-content\/uploads\/2023\/07\/casaroja.webp 1024w\" sizes=\"auto, (max-width: 480px) 100vw, 480px\" \/><figcaption id=\"caption-attachment-2282744\" class=\"wp-caption-text\"><span style=\"color: #008000;\">Casa roja, la &#8216;okupa&#8217; en la que se inspira la novela <\/span><\/figcaption><\/figure>\n<p>&nbsp;<\/p>\n<h3 class=\"wp-block-heading\" style=\"text-align: center;\"><span style=\"font-size: 18pt;\">El papel del PSOE<\/span><\/h3>\n<p style=\"text-align: justify;\"><span style=\"font-size: 14pt; text-align: justify;\">Ramiro no sabr\u00eda del todo responder si le preguntaran la raz\u00f3n exacta por la cual empez\u00f3 a militar. S\u00f3lo sabe que la hipocres\u00eda es insoportable y que el Ayuntamiento no est\u00e1 haciendo gran cosa por la miseria que \u00e9l ve cada d\u00eda en la calle. Repetir\u00eda lo que ha escuchado tantas veces dentro del local: de nada sirve que los socialdem\u00f3cratas <\/span><strong style=\"font-size: 14pt; text-align: justify;\">insistan machaconamente en la necesidad del voto \u00fatil a la izquierda<\/strong><span style=\"font-size: 14pt; text-align: justify;\">; despu\u00e9s de las elecciones, &#8216;izquierdas&#8217; y &#8216;derechas&#8217; pondr\u00e1n en pr\u00e1ctica exactamente las mismas medidas. El fascismo siempre ha estado ah\u00ed, habitando en los cimientos y cloacas del presunto Estado democr\u00e1tico. El Estado tiene claros sus enemigos principales y el PSOE es el partido del Estado por excelencia.<\/span><\/p>\n<div id=\"sm-it-main-container-1689624264427\" class=\"sm-it-main-container\" style=\"text-align: center;\" data-it=\"b6e54df5-cdde-43b2-ace7-e226e31773e0\" data-device=\"desktop\" data-index=\"1\">\n<div id=\"content-intext-2\">\u00a0<\/div>\n<blockquote class=\"wp-block-quote\"><p><span style=\"font-size: 14pt;\"><strong><span style=\"color: #008000;\">Los ilusos de Podemos y su buenismo discursivo tan solo repiten la misma historia que se ha escuchado tantas veces antes<\/span><\/strong><\/span><\/p><\/blockquote>\n<p style=\"text-align: justify;\"><span style=\"font-size: 14pt;\">Como est\u00e1 demostrando tras las elecciones, el PSOE prefiere que gobierne la derecha corrupta antes que ceder al t\u00edmido reformismo de Podemos y a las m\u00ednimas concesiones que piden los independentistas; prefiere ir a una repetici\u00f3n electoral a que asome la patita una socialdemocracia de antemano condenada que se oponga \u2014l\u00e9ase: que resista levemente, que niegue tres veces en lugar de cero, que permita que le den por culo con lubricante y no a pelo\u2014 a las medidas de austeridad dictadas por Bruselas y la Uni\u00f3n Europea. Es el partido que ha instaurado de facto nuestro modelo econ\u00f3mico, empezando con\u00a0<strong>Felipe Gonz\u00e1lez\u00a0<\/strong>y\u00a0<strong>Solchaga<\/strong>\u00a0y sus primeras reformas laborales, con la introducci\u00f3n de la precarizaci\u00f3n, la constituci\u00f3n del IBEX 35 y de los monopolios privatizados del Estado o el modelo de fomento de la especulaci\u00f3n del ladrillo y\u00a0<strong>rescate a la banca de Zapatero<\/strong>, que no tuvo ning\u00fan reparo en continuar con la pol\u00edtica inmobiliaria intensificada por Aznar o en firmar con los neoliberales del Partido Popular la reforma del art\u00edculo 135 de la Constituci\u00f3n para asegurar la prioridad del pago de la deuda.<\/span><\/p>\n<p style=\"text-align: justify;\"><span style=\"font-size: 14pt;\">Cualquier partido que se ofrezca a participar de ese juego no puede sino definirse como colaboracionista. Los ilusos de Podemos y su buenismo discursivo tan solo repiten la misma historia que se ha escuchado tantas veces antes. Nadie se cree que ellos vayan a tomar el cielo por asalto, ni elaborar unas genuinas pol\u00edticas para la clase trabajadora; nadie se cree que desde el Estado capitalista pueda hacerse algo en beneficio de la clase trabajadora. A todo el mundo cuenta la misma f\u00e1bula, la de Syriza, para demostrar que incluso en circunstancias m\u00e1s dulces los resultados ser\u00edan completa y absolutamente mediocres. Muy bien, muy bien. \u00bfQu\u00e9 pas\u00f3 con Syriza? Llegaron al Gobierno en enero de 2015 con chuler\u00eda, motos y ganas de plantar cara a los malos. Aparecieron en los primeros m\u00edtines de Podemos. Dijeron que negociar\u00edan duramente con la Troika, que no aguantar\u00edan su desprecio; que Grecia no pod\u00eda continuar por la senda de la austeridad y pagar con su humillaci\u00f3n, que no dejar\u00edan que unos cuantos pa\u00edses ricos del norte mearan en la boca de los Pigs, de unos \u00abgorrinos\u00bb. Convocaron un refer\u00e9ndum. Sali\u00f3 que el pueblo no quer\u00eda austeridad, tal y como ten\u00eda que salir, y sali\u00f3 porque no pod\u00eda salir otra cosa. No hicieron caso. Traicionaron a quienes les hab\u00edan votado y a quienes hab\u00edan visto en ellos un poquito de esperanza, justo como los camaradas del KKE avisaron, los buenos comunistas griegos con ojo avizor. La misma plaza Syntagma que tanto los apoy\u00f3 quiso, durante unas semanas, ver a todos sus ministros ahorcados.\u00a0<strong>Subieron el IVA, jodieron a los jubilados<\/strong>, bajaron las pensiones. Siguieron dici\u00e9ndose de izquierdas, pero no recobraron nunca la verg\u00fcenza que hab\u00edan perdido; condenaron para siempre el futuro de un pa\u00eds, robando a los griegos lo \u00faltimo que ten\u00edan, lo m\u00e1s m\u00ednimo: un poquito de esperanza.<\/span><\/p>\n<p style=\"text-align: justify;\"><span style=\"font-size: 14pt;\">\u00bfQu\u00e9 habr\u00edan hecho los pseudoizquierdistas de Podemos en su lugar? \u00a1Es la l\u00f3gica del parlamentarismo burgu\u00e9s, est\u00fapido! Desde destacamentos reformistas se aspira a convencer a los comunistas de que no existe antagonismo alguno entre votar en las elecciones como apoyo t\u00e1cito y luego sostener al movimiento revolucionario extraparlamentario el resto del a\u00f1o. Se aspira a convencer a los comunistas de que Podemos tiene alguna posibilidad de\u00a0<strong>gobernar Espa\u00f1a y transformar el mundo<\/strong>. Pero la genuina tarea de los comunistas es evitar el secuestro del movimiento popular por el electoralismo, la sustituci\u00f3n de las masas y su fuerza por la moqueta del parlamentarismo burgu\u00e9s. La tarea de Ramiro, a sus ojos, era evitar que tantas ilusiones se perdieran y esperanzas se malgastaran: reunir la rabia para romperlo todo.<\/span><\/p>\n<\/div>\n<p>&nbsp;<\/p>\n<figure id=\"attachment_2282745\" aria-describedby=\"caption-attachment-2282745\" style=\"width: 280px\" class=\"wp-caption aligncenter\"><img loading=\"lazy\" decoding=\"async\" class=\"wp-image-2282745\" src=\"https:\/\/puntocritico.com\/ausajpuntocritico\/wp-content\/uploads\/2023\/07\/duval-1000x1333-1-225x300.jpeg\" alt=\"\" width=\"280\" height=\"373\" data-id=\"2282745\" srcset=\"https:\/\/puntocritico.com\/ausajpuntocritico\/wp-content\/uploads\/2023\/07\/duval-1000x1333-1-225x300.jpeg 225w, https:\/\/puntocritico.com\/ausajpuntocritico\/wp-content\/uploads\/2023\/07\/duval-1000x1333-1-768x1024.jpeg 768w, https:\/\/puntocritico.com\/ausajpuntocritico\/wp-content\/uploads\/2023\/07\/duval-1000x1333-1.jpeg 1000w\" sizes=\"auto, (max-width: 280px) 100vw, 280px\" \/><figcaption id=\"caption-attachment-2282745\" class=\"wp-caption-text\"><span style=\"color: #008000;\">Elizaberh Duval, autora de la novela<\/span><\/figcaption><\/figure>\n<p>&nbsp;<\/p>\n<p style=\"text-align: justify;\"><span style=\"font-size: 14pt;\">Todos sabemos que Ahora Madrid tragar\u00e1 y tragar\u00e1 y tragar\u00e1 con la Operaci\u00f3n Chamart\u00edn. Todos sabemos que el promotor inmobiliario Distrito Castellana Norte est\u00e1 controlado en m\u00e1s de un 70% por el BBVA, y que la prolongaci\u00f3n de la ciudad estar\u00e1 monitorizada en m\u00e1s de un 70% por el BBVA, y que\u00a0<strong>sus resultados efectivos ser\u00e1n vender y privatizar un sector de Madrid para beneficio \u00edntegro del BBVA<\/strong>. Todos sabemos que lo vender\u00e1n como urbanismo sostenible, como la edificaci\u00f3n m\u00e1s verde de la historia; luego seguir\u00e1n vendi\u00e9ndolo y lo gentrificar\u00e1n todo, gentrificar\u00e1n Lavapi\u00e9s, que tan cerquita les queda, para que se construyan nuevos y modernos hoteles h\u00edpsters. Todos sabemos que su hipocres\u00eda es insoportable y que a su hipocres\u00eda s\u00f3lo se puede responder con revoluci\u00f3n.<\/span><\/p>\n<p style=\"text-align: justify;\"><span style=\"font-size: 14pt;\">Una gran parte de estos argumentos, que cruzan su cabecita sobreexcitada, aparecen en la p\u00e1gina web de la organizaci\u00f3n, que \u00e9l se encarga de coordinar, y son difundidos masivamente entre los militantes para poder repetirlos en distintas asambleas de barrio. No nos olvidamos de cuando\u00a0<strong>Manuela Carmena \u00abse desvincul\u00f3 de toda ideolog\u00eda radical\u00a0<\/strong>para calmar a los empresarios\u00bb, cuando afirm\u00f3 con sonrisa aquel dichoso \u00abtranquilos, que yo no soy comunista\u00bb.\u00a0<\/span><\/p>\n<p>&nbsp;<\/p>\n<blockquote>\n<p style=\"text-align: center;\"><span style=\"font-size: 14pt;\"><strong><span style=\"color: #008000;\">Vendr\u00e1 la muerte y tendr\u00e1 los ojos de Carmena, y cuando se vaya la desmovilizaci\u00f3n ser\u00e1 hist\u00f3rica y todo quedar\u00e1 para el PSOE, y siempre todo queda para la PSOE<\/span><\/strong><\/span><\/p>\n<\/blockquote>\n<p>&nbsp;<\/p>\n<p style=\"text-align: justify;\"><span style=\"font-size: 14pt;\">Ramiro dice todas estas cosas, pero nadie le hace mucho caso: Podemos acaba de lograr sesenta y nueve esca\u00f1os en las elecciones generales. Es la tercera fuerza y est\u00e1 a dos pasos de convertirse en el partido mayoritario de la izquierda. Ramiro insiste en que las elecciones est\u00e1n\u00a0<strong>supeditadas a los intereses de la clase dominante\u00a0<\/strong>\u2014que controla los medios de masas que forjan la opini\u00f3n p\u00fablica\u2014 que a trav\u00e9s de un tremebundo espect\u00e1culo medi\u00e1tico en el cual ning\u00fan partido cuestiona la opresi\u00f3n de clase mata la conciencia, y llama la atenci\u00f3n sobre c\u00f3mo\u00a0<strong>Pablo Iglesia<\/strong>s considera que \u00ablos peque\u00f1os y medianos empresarios son los que sacan Espa\u00f1a adelante\u00bb, y no el proletariado.<\/span><\/p>\n<h3 class=\"wp-block-heading\" style=\"text-align: center;\"><span style=\"font-size: 18pt;\">El PSOE, la t\u00f3mbola y el prost\u00edbulo<\/span><\/h3>\n<p style=\"text-align: justify;\"><span style=\"font-size: 14pt;\"><em>Il popolo<\/em>, como quien farda y chincha rabi\u00f1a, que tengo una pi\u00f1a, que tiene pi\u00f1ones, se jacta de sus sesenta y nueve esca\u00f1os, sesenta y nueve diputados, sesenta y nueve oradores, sesenta y nueve trileros, varios ayuntamientos \u2014el madrile\u00f1o incluido\u2014: sesenta y nueve extremos del ciempi\u00e9s humano donde la mierda sale al final disparada por sus bocas. \u00abQuien piense que puede acabar con el capitalismo es un ingenuo, y nosotros de ingenuos no tenemos nada\u00bb, comentaba Pablo Iglesias en La Sexta Noche; los aut\u00e9nticos ingenuos ser\u00e1n quienes piensen que Pablo Iglesias acabar\u00e1 siendo otra cosa que un mejor gestor de la gran maquinaria burguesa,<strong>\u00a0lacayo que del capitalismo mueve la manivela<\/strong>, capaz de besar su bandera y su ideolog\u00eda y su Rey y su patria. Ramiro insiste en todo esto, esforz\u00e1ndose mucho por creer, pero hay amigos que responden con sesenta y nueve diputados y muchas ilusiones.<\/span><\/p>\n<p style=\"text-align: justify;\"><span style=\"font-size: 14pt;\">Ramiro dice que Carmena plantar\u00e1 encantada mil arbolitos para ocultar lo que de verdad hace su Empresa Municipal de la Vivienda y Suelo, pero no ir\u00e1 m\u00e1s all\u00e1 de la est\u00e9tica; los creyentes arguyen\u00a0<strong>movilizando las garant\u00edas de alternativas habitacionales<\/strong>\u00a0o el proyecto de municipalizar la recogida de basuras. Ramiro dice que todo eso quedar\u00e1 en nada; los creyentes responden que ya est\u00e1 propulsando algo y que Madrid ser\u00e1 total y completamente transformada tras unos cuantos a\u00f1os de gobierno y pol\u00edtica, los suficientes para revertir los estragos provocados por el Partido Popular.<\/span><\/p>\n<p>&nbsp;<\/p>\n<figure id=\"attachment_2282746\" aria-describedby=\"caption-attachment-2282746\" style=\"width: 576px\" class=\"wp-caption aligncenter\"><img loading=\"lazy\" decoding=\"async\" class=\"wp-image-2282746 size-mh-magazine-content\" src=\"https:\/\/puntocritico.com\/ausajpuntocritico\/wp-content\/uploads\/2023\/07\/casarojagrande-576x381.webp\" alt=\"\" width=\"576\" height=\"381\" data-id=\"2282746\" \/><figcaption id=\"caption-attachment-2282746\" class=\"wp-caption-text\"><span style=\"color: #008000;\">Casa Roja en Lavapi\u00e9s, barrio c\u00e9ntrico de Madrid<\/span><\/figcaption><\/figure>\n<p>&nbsp;<\/p>\n<section class=\"section-post-content\">\n<div id=\"post-text\" class=\"content-entry\">\n<p style=\"text-align: justify;\"><span style=\"font-size: 14pt;\">S\u00f3lo hace falta leer unas cuantas p\u00e1ginas del programa: auditor\u00eda ciudadana de la deuda p\u00fablica, reestructuraci\u00f3n de la deuda, recuperaci\u00f3n de la gesti\u00f3n p\u00fablica de los servicios municipales externalizados, eliminaci\u00f3n de cesiones, subvenciones y exenciones de tasas injustificadas a organismos privados, creaci\u00f3n de un banco p\u00fablico municipal-regional, freno de todo tipo de venta de patrimonio p\u00fablico, identificaci\u00f3n visible de los agentes de polic\u00eda, paralizaci\u00f3n de desahucios y desalojos forzosos de primera vivienda, aplicaci\u00f3n de la Ley de Memoria Hist\u00f3rica. Ramiro dice que todo eso no pasar\u00e1, que Zapata ya ha ca\u00eddo, que caer\u00e1n muchos m\u00e1s, que no habr\u00e1 en el consistorio nadie de izquierdas y que vendr\u00e1 la muerte y tendr\u00e1 los ojos de Carmena, y cuando se vaya la desmovilizaci\u00f3n ser\u00e1 hist\u00f3rica y todo quedar\u00e1 para el PSOE, y siempre todo queda para la PSOE, partido capaz de\u00a0<strong>convertir el neokeynesiasmo en una t\u00f3mbola de prost\u00edbulo<\/strong>, y c\u00f3mo pueden no darse cuenta del enorme entramado y castillo de naipes que aparece para ilusionarlos y jugar con sus sentimientos, de todos estos castillos en el aire que prometen que el camino hacia un mundo m\u00e1s libre, m\u00e1s bello y m\u00e1s justo lo andar\u00e1n ellos solos y sin dolor, sin esfuerzo, sin que nadie llore bajo ninguna circunstancia.<\/span><\/p>\n<\/div>\n<\/section>\n<p>&nbsp;<\/p>\n<p>&nbsp;<\/p>\n<p><a href=\"https:\/\/puntocritico.com\/ausajpuntocritico\/2023\/05\/27\/hipercapitalismo-y-posdemocracia-yo-soy-generacion-z-documental-de-liz-smith-para-la-gen-z-morfeo-es-solo-el-cabron-que-desconecto-a-neo-de-la-matrix\/\"><img loading=\"lazy\" decoding=\"async\" class=\"aligncenter wp-image-2225045\" src=\"https:\/\/puntocritico.com\/ausajpuntocritico\/wp-content\/uploads\/2021\/09\/cambios-tecnologicos-pandemia-300x208.jpg\" alt=\"\" width=\"420\" height=\"291\" data-id=\"2225045\" srcset=\"https:\/\/puntocritico.com\/ausajpuntocritico\/wp-content\/uploads\/2021\/09\/cambios-tecnologicos-pandemia-300x208.jpg 300w, https:\/\/puntocritico.com\/ausajpuntocritico\/wp-content\/uploads\/2021\/09\/cambios-tecnologicos-pandemia-768x532.jpg 768w, https:\/\/puntocritico.com\/ausajpuntocritico\/wp-content\/uploads\/2021\/09\/cambios-tecnologicos-pandemia-610x422.jpg 610w, https:\/\/puntocritico.com\/ausajpuntocritico\/wp-content\/uploads\/2021\/09\/cambios-tecnologicos-pandemia.jpg 800w\" sizes=\"auto, (max-width: 420px) 100vw, 420px\" \/><\/a><\/p>\n<p style=\"text-align: center;\"><span style=\"font-size: 18pt;\"><strong><span style=\"color: #008000;\">*******<\/span><\/strong><\/span><\/p>\n<figure id=\"attachment_9789\" aria-describedby=\"caption-attachment-9789\" style=\"width: 360px\" class=\"wp-caption aligncenter\"><a href=\"https:\/\/www.youtube.com\/watch?v=K7LihE5-yWs\" target=\"_blank\" rel=\"noopener\"><img loading=\"lazy\" decoding=\"async\" class=\"wp-image-9789\" src=\"https:\/\/puntocritico.com\/ausajpuntocritico\/wp-content\/uploads\/2018\/03\/Ideologia-y-redes-sociales-Tuitter-censura.jpg\" alt=\"\" width=\"360\" height=\"209\" data-id=\"9789\" \/><\/a><figcaption id=\"caption-attachment-9789\" class=\"wp-caption-text\"><a href=\"https:\/\/www.youtube.com\/watch?v=K7LihE5-yWs\" target=\"_blank\" rel=\"noopener\"><span style=\"color: #008000;\">AS\u00cd ENCUBRI\u00d3 YOLANDA a su MANO DERECHA ACUSADA de NOPOR INF\u00c1NTIL | UTBED. <strong>Lectura de un interesante fragmento del ensayo \u00abYolanda D\u00edaz: La seducci\u00f3n del poder\u00bb, de Luca Costantini <\/strong><\/span><\/a><\/figcaption><\/figure>\n<p style=\"text-align: center;\"><span style=\"font-size: 18pt;\"><strong><span style=\"color: #008000;\">*******<\/span><\/strong><\/span><\/p>\n<h2 style=\"text-align: justify;\"><span style=\"font-size: 14pt;\">RELACIONADOS:<\/span><\/h2>\n<blockquote class=\"wp-embedded-content\" data-secret=\"amL74Qg0w9\"><p><a href=\"https:\/\/puntocritico.com\/ausajpuntocritico\/2022\/07\/23\/la-zona-gris-en-las-guerras-hibridas-conferencia\/\">GUERRAS H\u00cdBRIDAS (IV): LA ZONA GRIS. CONFERENCIA DE JOSEP BAQU\u00c9S (Video). \u00abConcepto de Zona Gris; Fundamentos de su creaci\u00f3n y medidas preventivas para afrontarlas\u00bb.<\/a><\/p><\/blockquote>\n<p><iframe loading=\"lazy\" class=\"wp-embedded-content\" sandbox=\"allow-scripts\" security=\"restricted\" style=\"position: absolute; clip: rect(1px, 1px, 1px, 1px);\" title=\"\u00abGUERRAS H\u00cdBRIDAS (IV): LA ZONA GRIS. CONFERENCIA DE JOSEP BAQU\u00c9S (Video). \u00abConcepto de Zona Gris; Fundamentos de su creaci\u00f3n y medidas preventivas para afrontarlas\u00bb.\u00bb \u2014 Punto Cr\u00edtico Derechos Humanos\" src=\"https:\/\/puntocritico.com\/ausajpuntocritico\/2022\/07\/23\/la-zona-gris-en-las-guerras-hibridas-conferencia\/embed\/#?secret=NwFwe5xG89#?secret=amL74Qg0w9\" data-secret=\"amL74Qg0w9\" width=\"500\" height=\"282\" frameborder=\"0\" marginwidth=\"0\" marginheight=\"0\" scrolling=\"no\"><\/iframe><\/p>\n<blockquote class=\"wp-embedded-content\" data-secret=\"spWUxs2SQF\"><p><a href=\"https:\/\/puntocritico.com\/ausajpuntocritico\/2022\/09\/25\/narcoestados-el-socialismo-del-siglo-xxi-jorge-cachinero\/\">NARCOESTADOS: LA ZONA GRIS LATINA; QUE SE EXTIENDE POR ESPA\u00d1\u00c0 Y AMENAZA A EUROPA. \u00abNarco, terror y pol\u00edtica en el suroeste de Europa\u00bb, por Jorge Cachinero (serie completa)<\/a><\/p><\/blockquote>\n<p><iframe loading=\"lazy\" class=\"wp-embedded-content\" sandbox=\"allow-scripts\" security=\"restricted\" style=\"position: absolute; clip: rect(1px, 1px, 1px, 1px);\" title=\"\u00abNARCOESTADOS: LA ZONA GRIS LATINA; QUE SE EXTIENDE POR ESPA\u00d1\u00c0 Y AMENAZA A EUROPA. \u00abNarco, terror y pol\u00edtica en el suroeste de Europa\u00bb, por Jorge Cachinero (serie completa)\u00bb \u2014 Punto Cr\u00edtico Derechos Humanos\" src=\"https:\/\/puntocritico.com\/ausajpuntocritico\/2022\/09\/25\/narcoestados-el-socialismo-del-siglo-xxi-jorge-cachinero\/embed\/#?secret=XP7z6lkIPP#?secret=spWUxs2SQF\" data-secret=\"spWUxs2SQF\" width=\"500\" height=\"282\" frameborder=\"0\" marginwidth=\"0\" marginheight=\"0\" scrolling=\"no\"><\/iframe><\/p>\n<p style=\"text-align: center;\">\u00a0<\/p>\n<p><a href=\"https:\/\/puntocritico.com\/ausajpuntocritico\/author\/punto-critico\/\"><img loading=\"lazy\" decoding=\"async\" class=\"aligncenter wp-image-48\" src=\"https:\/\/puntocritico.com\/ausajpuntocritico\/wp-content\/uploads\/2016\/11\/Mosca_Punto_Cr\u00edtico_40.png\" alt=\"\" width=\"80\" height=\"80\" data-id=\"48\" \/><\/a><\/p>\n<p>&nbsp;<\/p>\n","protected":false},"excerpt":{"rendered":"<div class=\"mh-excerpt\"><p>#QueTeVoteElNarcoDelBote &nbsp; #QueTeVoteElNarcoDelBote Por An\u00edbal Malvar P\u00fablico, 17 JULIO 2023 &nbsp; Nos quitan las encuestas justo ahora que se pon\u00edan interesantes. Entramos en la semana de la inc\u00f3gnita y la caverna plat\u00f3nica para el votante <a class=\"mh-excerpt-more\" href=\"https:\/\/puntocritico.com\/ausajpuntocritico\/2023\/07\/20\/quetevoteelnarcodelbote\/\" title=\"\u00ab#QueTeVoteElNarcoDelBote\u00bb, por An\u00edbal Malvar y Juan Oliver. \u00abVivir es tomar partido\u00bb (Elizabeth Duval).\">[&#8230;]<\/a><\/p>\n<\/div>","protected":false},"author":3,"featured_media":2282759,"comment_status":"closed","ping_status":"closed","sticky":false,"template":"","format":"standard","meta":{"_acf_changed":false,"_exactmetrics_skip_tracking":false,"_exactmetrics_sitenote_active":false,"_exactmetrics_sitenote_note":"","_exactmetrics_sitenote_category":0,"footnotes":""},"categories":[7],"tags":[],"class_list":{"0":"post-2282740","1":"post","2":"type-post","3":"status-publish","4":"format-standard","5":"has-post-thumbnail","7":"category-politica"},"acf":[],"_links":{"self":[{"href":"https:\/\/puntocritico.com\/ausajpuntocritico\/wp-json\/wp\/v2\/posts\/2282740","targetHints":{"allow":["GET"]}}],"collection":[{"href":"https:\/\/puntocritico.com\/ausajpuntocritico\/wp-json\/wp\/v2\/posts"}],"about":[{"href":"https:\/\/puntocritico.com\/ausajpuntocritico\/wp-json\/wp\/v2\/types\/post"}],"author":[{"embeddable":true,"href":"https:\/\/puntocritico.com\/ausajpuntocritico\/wp-json\/wp\/v2\/users\/3"}],"replies":[{"embeddable":true,"href":"https:\/\/puntocritico.com\/ausajpuntocritico\/wp-json\/wp\/v2\/comments?post=2282740"}],"version-history":[{"count":0,"href":"https:\/\/puntocritico.com\/ausajpuntocritico\/wp-json\/wp\/v2\/posts\/2282740\/revisions"}],"wp:featuredmedia":[{"embeddable":true,"href":"https:\/\/puntocritico.com\/ausajpuntocritico\/wp-json\/wp\/v2\/media\/2282759"}],"wp:attachment":[{"href":"https:\/\/puntocritico.com\/ausajpuntocritico\/wp-json\/wp\/v2\/media?parent=2282740"}],"wp:term":[{"taxonomy":"category","embeddable":true,"href":"https:\/\/puntocritico.com\/ausajpuntocritico\/wp-json\/wp\/v2\/categories?post=2282740"},{"taxonomy":"post_tag","embeddable":true,"href":"https:\/\/puntocritico.com\/ausajpuntocritico\/wp-json\/wp\/v2\/tags?post=2282740"}],"curies":[{"name":"wp","href":"https:\/\/api.w.org\/{rel}","templated":true}]}}