{"id":2282430,"date":"2025-12-28T00:05:02","date_gmt":"2025-12-27T23:05:02","guid":{"rendered":"https:\/\/puntocritico.com\/ausajpuntocritico\/?p=2282430"},"modified":"2025-12-28T17:53:10","modified_gmt":"2025-12-28T16:53:10","slug":"la-rebelion-de-la-multitud-los-santos-inocentes","status":"publish","type":"post","link":"https:\/\/puntocritico.com\/ausajpuntocritico\/2025\/12\/28\/la-rebelion-de-la-multitud-los-santos-inocentes\/","title":{"rendered":"LA REBELI\u00d3N DE LA MULTITUD: \u00abLos Santos Inocentes\u00bb. Matar o morir, no importa"},"content":{"rendered":"<p style=\"text-align: justify;\"><span style=\"font-size: 14pt; color: #008000;\">LA REBELI\u00d3N DE LA MULTITUD<\/span><\/p>\n\n<p>&nbsp;<\/p>\n<p style=\"text-align: right;\"><span style=\"font-size: 14pt; color: #008000;\"><em>\u201cEl juez es condenado cuando el culpable es absuelto\u201d (Publilio Siro).<\/em><\/span><\/p>\n<p>&nbsp;<\/p>\n<blockquote>\n<h2 class=\"entry-title\" style=\"text-align: center;\"><span style=\"font-size: 24pt;\">Tribunales atribulados<\/span><\/h2>\n<div class=\"author-content\">\n<p class=\"author\" style=\"text-align: justify;\"><span style=\"font-size: 14pt;\">Por <a href=\"https:\/\/puntocritico.com\/ausajpuntocritico\/2019\/08\/06\/entrevista-a-maria-teresa-gomez-limon-la-mujer-de-la-leyenda-de-la-curva-de-angrois-por-anibal-malvar\/\" target=\"_blank\" rel=\"noopener\" data-schema-attribute=\"\">An\u00edbal Malvar<\/a><\/span><\/p>\n<p style=\"text-align: justify;\"><span style=\"font-size: 14pt;\"><a href=\"https:\/\/blogs.publico.es\/rosa-espinas\/2024\/01\/21\/tribunales-atribulados\/?doing_wp_cron=1705834768.8786709308624267578125#md=modulo-portada-fila-de-modulos:3x2-t2;mm=mobile-medium\" target=\"_blank\" rel=\"noopener\" data-schema-attribute=\"\">Publico<\/a>, 21 Enero 2024<\/span><\/p>\n<\/div>\n<p style=\"text-align: justify;\"><a href=\"https:\/\/puntocritico.com\/ausajpuntocritico\/2017\/04\/24\/corrupcion-judicial-el-iuez-si-iudga-tuerto\/\" target=\"_blank\" rel=\"noopener\" data-schema-attribute=\"\"><img loading=\"lazy\" decoding=\"async\" class=\"aligncenter wp-image-2287415\" src=\"https:\/\/puntocritico.com\/ausajpuntocritico\/wp-content\/uploads\/2023\/09\/jueces-daumier.webp\" alt=\"\" width=\"400\" height=\"265\" srcset=\"https:\/\/puntocritico.com\/ausajpuntocritico\/wp-content\/uploads\/2023\/09\/jueces-daumier.webp 320w, https:\/\/puntocritico.com\/ausajpuntocritico\/wp-content\/uploads\/2023\/09\/jueces-daumier-300x199.webp 300w\" sizes=\"auto, (max-width: 400px) 100vw, 400px\" \/><\/a><\/p>\n<p>&nbsp;<\/p>\n<p style=\"text-align: justify;\"><span style=\"font-size: 14pt;\">No voy a ser yo quien ratifique que en Espa\u00f1a existe y existi\u00f3 siempre\u00a0<em>lawfare<\/em>, pero exclusivamente porque detesto los anglicismos. Sin embargo, la palabreja parece que ya est\u00e1 atribulando mucho en nuestros tribunales, y esa es buena se\u00f1al para la democracia.<\/span><\/p>\n<p style=\"text-align: justify;\"><span style=\"font-size: 14pt;\">Los jueces est\u00e1n nerviosos y con raz\u00f3n, pues ya salen m\u00e1s en los papeles que los putones y putonas cat\u00f3dicos de Tele 5, que cada tarde venden sexualidad nociva e indignidad por un triste plato de diamantes.<\/span><\/p>\n<p style=\"text-align: justify;\"><span style=\"font-size: 14pt;\">Ya no son dioses an\u00f3nimos, los jueces. Cada vez menos gente los observa como arcanos pont\u00edfices de la cieguita de la balanza. Ahora suena su sacerdocio tan a cerdo que se nos confunden las etimolog\u00edas, y las sentencias y sumarios nos huelen a cuadra, a pienso rancio, a piel de patata podrida entre excrementos, a puerco que se zampa a un beb\u00e9 en una novela de Cela.<\/span><\/p>\n<p style=\"text-align: justify;\"><span style=\"font-size: 14pt;\">Pero no nos pongamos tremendistas, cual el citado autor padron\u00e9s, pues s\u00e9 que mi crudel\u00edsima jefa me paga por haceros re\u00edr con vuestras hilarantes desdichas y desesperanzas. Y los jueces son una de ellas. El caso es que nuestros otrora intocables magistrados se est\u00e1n quedando sin amigos ni genuflexos. Ni siquiera el Partido Popular, tan de orden, los respeta ya.<\/span><\/p>\n<p style=\"text-align: justify;\"><span style=\"font-size: 14pt;\">El almirante Alberto N\u00fa\u00f1ez Feij\u00f3o, que anda inquieto desde que el de las mudanzas le anunci\u00f3 que no le dejan entrar los muebles en Moncloa, ha enviado los nav\u00edos de su marcial y dorada Armada contra las costas del Tribunal Constitucional. \u00abGenera inseguridad en los ciudadanos y en mi formaci\u00f3n pol\u00edtica\u00bb, brama.<\/span><\/p>\n<p style=\"text-align: justify;\"><span style=\"font-size: 14pt;\">El gallego de pupilas dilatadas por el sol de Andaluc\u00eda no lo dice porque no sabe hablar ingl\u00e9s, pero est\u00e1 acusando al TC de\u00a0<em>lawfare<\/em>\u00a0sin ser muy consciente, como ese personaje de Torrente Ballester que se asusta al conocer a un psiquiatra porque no quiere que lo quiten de loco, que se vive muy bien.<\/span><\/p>\n<p style=\"text-align: justify;\"><span style=\"font-size: 14pt;\">Feij\u00f3o empieza a vivir muy bien como\u00a0<em>sintecho<\/em>\u00a0monclovita, c\u00f3modo en su papel de loco que se inventa IRPF y conjuras judiciales, pero sin decir nunca\u00a0<em>lawfare<\/em>, no vaya a ser que los jueces se le pongan brav\u00edos y descubran qui\u00e9n es Eme Punto Rajoy y d\u00f3nde fueron a parar los contratos de la Xunta con su batelero narco.<\/span><\/p>\n<p style=\"text-align: justify;\"><span style=\"font-size: 14pt;\">Pero, por mucho que se haga el loco, la acusaci\u00f3n contra el TC ya est\u00e1 hecha, y los jueces son muy suyos y conscientes de que ahora incluso los denigra p\u00fablicamente el Partido Popular.<\/span><\/p>\n<p style=\"text-align: justify;\"><span style=\"font-size: 14pt;\">El PSOE tom\u00f3 ese mismo camino no hace mucho, menos preocupado porque tiene menos delincuentes, cuando Pedro S\u00e1nchez, en plan salvaje, dijo en v\u00edsperas de la pasada Navidad que \u00abno hay caso m\u00e1s paradigm\u00e1tico de\u00a0<em>lawfare<\/em>\u00a0que el secuestro del Poder Judicial por el PP\u00bb.<\/span><\/p>\n<p style=\"text-align: justify;\"><span style=\"font-size: 14pt;\">Cre\u00edanse nuestros jueces que la inexistencia del\u00a0<em>lawfare<\/em>\u00a0era un dogma, como el terraplanismo cristiano, y que si los de Podemos, BNG, ERC, Bildu y Junts lo denunciaban bastaba con arrojarlos inquisitorialmente a la hoguera y someterlos al potro bajo la complacida mirada de los dos grandes partidos, c\u00f3mplices y sobrese\u00eddos o prescritos cuando hac\u00eda falta devolver cortes\u00edas. Ahora parece que todo eso se ha acabado.<\/span><\/p>\n<p style=\"text-align: justify;\"><span style=\"font-size: 14pt;\">Aun a riesgo de que la izquierda de la izquierda etiquete a este anarquista en alguna de sus facciones de ideas abelianas y modales cainitas, dir\u00e9 que esto del canguelo de los jueces, como tantas otras cosas (fin del bipartidismo, reconcienciaci\u00f3n social, feminismo valkirio, primer gobierno de coalici\u00f3n de nuestra democracia&#8230;) se lo debemos a Podemos, un partido que por edad, si fuera un ni\u00f1o, estar\u00eda en el ciclo medio de educaci\u00f3n primaria y lamiendo chupach\u00faps. Diez a\u00f1itos tiene, y sus dientes todav\u00eda deber\u00edan ser diminutas ferocidades.<\/span><\/p>\n<p>&nbsp;<\/p>\n<p style=\"text-align: center;\"><span style=\"color: #008000;\"><strong><span style=\"font-size: 14pt;\">La costumbre era sospechar del reo antes que descreer al juez<\/span><\/strong><\/span><\/p>\n<p>&nbsp;<\/p>\n<p><a href=\"https:\/\/puntocritico.com\/ausajpuntocritico\/2023\/07\/20\/quetevoteelnarcodelbote\/\" target=\"_blank\" rel=\"noopener\" data-schema-attribute=\"\"><img loading=\"lazy\" decoding=\"async\" class=\"aligncenter wp-image-2315670\" src=\"https:\/\/puntocritico.com\/ausajpuntocritico\/wp-content\/uploads\/2025\/12\/Justicia-muerta-PPAL-300x169.jpg\" alt=\"\" width=\"480\" height=\"270\" srcset=\"https:\/\/puntocritico.com\/ausajpuntocritico\/wp-content\/uploads\/2025\/12\/Justicia-muerta-PPAL-300x169.jpg 300w, https:\/\/puntocritico.com\/ausajpuntocritico\/wp-content\/uploads\/2025\/12\/Justicia-muerta-PPAL.jpg 678w\" sizes=\"auto, (max-width: 480px) 100vw, 480px\" \/><\/a><\/p>\n<p>&nbsp;<\/p>\n<p style=\"text-align: justify;\"><span style=\"font-size: 14pt;\">Pero, ya en 2016, a sus dos a\u00f1os de vida, Podemos consigui\u00f3 que el juez Santiago Alba fuera suspendido por delitos de prevaricaci\u00f3n, cohecho, falsedad documental, revelaci\u00f3n de secretos y negociaciones prohibidas a funcionarios.<\/span><\/p>\n<p style=\"text-align: justify;\"><span style=\"font-size: 14pt;\">Alba hab\u00eda conspirado junto al ministro de Industria de Mariano Rajoy, Jos\u00e9 Manuel Soria, para acabar a base de falacias con la carrera pol\u00edtica de la diputada de Podemos Victoria Rosell. La imput\u00f3 y ella abandon\u00f3 la pol\u00edtica activa, siguiendo el c\u00f3digo \u00e9tico de los morados, y renunci\u00f3 a presentarse a las elecciones. Su foto amaneci\u00f3 en todas las portadas y noticiarios durante meses como m\u00e1s que presunta culpable. Los medios de la derecha se cebaron con ella y su familia, y muchos de izquierda estaban tan at\u00f3nitos que tampoco encontraban argumentos para certificar su inocencia. Su r\u00e1pida renuncia aliment\u00f3 la percepci\u00f3n social de que algo raro hab\u00eda, pues aqu\u00ed no dimite ni el dios de los ateos. Pero a\u00fan no hab\u00edamos importado lo del\u00a0<em>lawfare<\/em>\u00a0(maldito anglicismo) y la costumbre era sospechar del reo antes que descreer al juez.<\/span><\/p>\n<p style=\"text-align: justify;\"><span style=\"font-size: 14pt;\">Hoy el juez Salvador Alba est\u00e1 en la c\u00e1rcel, condenado a seis a\u00f1os y medio. Soria se fue de rositas. No se sabe cu\u00e1ntos votos perdi\u00f3 Podemos con las desconfianzas. Los jueces corruptos no se asustaron mucho y volvieron a sus cuidados y prevaricaciones. El\u00a0<em>lawfare\u00a0<\/em>a\u00fan no era popular, y no somos conscientes de las cosas hasta que les ponemos nombre.<\/span><\/p>\n<p style=\"text-align: justify;\"><span style=\"font-size: 14pt;\">Siempre he sospechado que si Victoria Rosell no fuera tambi\u00e9n jueza, jam\u00e1s hubiera ganado aquella batalla. Y hoy estar\u00eda con su bolso de piel marr\u00f3n, sus zapatos de tac\u00f3n y su vestido de domingo viendo pasar los trenes. Porque eran cacer\u00edas de podemitas sin mayor trascendencia social.<\/span><\/p>\n<p style=\"text-align: justify;\"><span style=\"font-size: 14pt;\">Ahora, con esto de las denuncias de\u00a0<em>lawfare\u00a0<\/em>incluso desde el m\u00e1s rancio bipartidismo, se nos pone podemita hasta Alberto N\u00fa\u00f1ez Feij\u00f3o, que cornea con su centralidad beata a los togados del Constitucional. Y el presidente socialista arremete contra el CGPJ. Falta Vox, que no tardar\u00e1 tampoco, pues Fiscal\u00eda ya ha abierto investigaci\u00f3n contra Santi Abascal por delitos de odio. Si un juez acepta el envite, ya hablar\u00e1 Eduardo Inda (reci\u00e9n imputado) de\u00a0<em>lawfare<\/em>\u00a0contra la ultrafacher\u00eda y ser\u00e1 el acabose. Tribulaci\u00f3n en los tribunales. Yo creo que nuestros altos magistrados deber\u00edan ir pidiendo amparo a los servicios jur\u00eddicos de Ciudadanos, que es el \u00fanico apoyo que les queda.<\/span><\/p>\n<p>&nbsp;<\/p>\n<p style=\"text-align: center;\"><strong><span style=\"font-size: 14pt; color: #008000;\">Ahora, con esto de las denuncias de\u00a0<em>lawfare\u00a0<\/em>incluso desde el m\u00e1s rancio bipartidismo, se nos pone podemita hasta Alberto N\u00fa\u00f1ez Feij\u00f3o, que cornea con su centralidad beata a los togados del Constitucional. Y el presidente socialista arremete contra el CGPJ.<\/span><\/strong><\/p>\n<\/blockquote>\n<p>&nbsp;<\/p>\n<figure id=\"attachment_2308426\" aria-describedby=\"caption-attachment-2308426\" style=\"width: 678px\" class=\"wp-caption aligncenter\"><a href=\"https:\/\/puntocritico.com\/ausajpuntocritico\/2017\/04\/24\/corrupcion-judicial-el-iuez-si-iudga-tuerto\/\" target=\"_blank\" rel=\"noopener\" data-schema-attribute=\"\"><img loading=\"lazy\" decoding=\"async\" class=\"wp-image-2308426 size-mh-magazine-content\" src=\"https:\/\/puntocritico.com\/ausajpuntocritico\/wp-content\/uploads\/2025\/03\/Andres-Martinez-Arrieta-TS-678x381.webp\" alt=\"\" width=\"678\" height=\"381\" \/><\/a><figcaption id=\"caption-attachment-2308426\" class=\"wp-caption-text\"><span style=\"color: #008000;\">Andr\u00e9s Mart\u00ednez Arrieta, Magistrado de la Sala de lo Penal del Tribunal Supremo. Cuando se licenci\u00f3 en la carrera de Derecho, no exist\u00eda la Constituci\u00f3n de 1978, que de hecho se aprob\u00f3 a pocos meses de entrar en la Carrera Judicial. Hijo de juez franquista, tambi\u00e9n Magistrado del Supremo, a lo largo de este \u00faltimo medio siglo, ha sido uno de los responsables m\u00e1ximos del penoso estado de degradaci\u00f3n que padece el Poder Judicial espa\u00f1ol, que nunca se ha podido\/querido desvincular de su pasado franquista.<\/span><\/figcaption><\/figure>\n<p style=\"text-align: center;\"><span style=\"font-size: 18pt;\"><strong><span style=\"color: #008000;\">*******<\/span><\/strong><\/span><\/p>\n<h2 style=\"text-align: center;\"><span style=\"font-size: 24pt;\">LOS SANTOS INOCENTES<\/span><\/h2>\n<p style=\"text-align: justify;\"><span style=\"font-size: 14pt;\">No se trata de un cuento s\u00e1dico, sino de una advertencia. Quiz\u00e1s a\u00fan no sea tarde. Por eso publicaremos este fragmento de un cuento, salvado de la hoguera donde arden nuestras ilusiones y esperanzas, que deseo fervientemente no ver convertido en realidad.<\/span><\/p>\n<p style=\"text-align: justify;\"><span style=\"font-size: 14pt;\">El trasfondo del cuento no nos pareci\u00f3 entonces muy relevante. Por ello, tardamos en darnos cuenta de que si lo era. Nos faltaba informaci\u00f3n. Ahora ya no nos falta.<\/span><\/p>\n<p style=\"text-align: justify;\"><span style=\"font-size: 14pt;\">La Justicia es una necesidad humana. La Injusticia, prolongada en el tiempo, deshumaniza. Y estamos, como sociedad, muy avanzados en el camino de la deshumanizaci\u00f3n. <\/span><\/p>\n<p style=\"text-align: justify;\"><span style=\"font-size: 14pt;\">No nos sentimos ya seres humanos, sino marionetas manipuladas por poderes sombr\u00edos, en manos de los muy pocos, que se han impuesto, a lomos de la Impunidad, sobre la sociedad que formamos todos, que ahora no parece m\u00e1s que una sociedad que engloba, indistintamente, v\u00edctimas y victimarios, que intercambian, de manera aparentemente aleatoria, sus papeles. En un bucle infinito.<\/span><\/p>\n<p>&nbsp;<\/p>\n<blockquote>\n<p style=\"text-align: center;\"><span style=\"font-size: 14pt;\"><strong><span style=\"color: #008000;\">No nos sentimos ya seres humanos, sino marionetas manipuladas por los poderes, en manos de los muy pocos, que se han impuesto, a lomos de la Impunidad, sobre la sociedad que formamos todos, que ahora no es m\u00e1s que una sociedad de v\u00edctimas y victimarios, indistintamente.<\/span><\/strong><\/span><\/p>\n<\/blockquote>\n<p>&nbsp;<\/p>\n<p><a href=\"https:\/\/puntocritico.com\/ausajpuntocritico\/2017\/06\/07\/senoria-senoria-que-soy-companero-cono\/\" target=\"_blank\" rel=\"noopener\" data-schema-attribute=\"\"><img loading=\"lazy\" decoding=\"async\" class=\"aligncenter wp-image-2269114 size-full\" src=\"https:\/\/puntocritico.com\/ausajpuntocritico\/wp-content\/uploads\/2023\/03\/Kafka-funcionarios-justicia.jpg\" alt=\"\" width=\"297\" height=\"395\" srcset=\"https:\/\/puntocritico.com\/ausajpuntocritico\/wp-content\/uploads\/2023\/03\/Kafka-funcionarios-justicia.jpg 297w, https:\/\/puntocritico.com\/ausajpuntocritico\/wp-content\/uploads\/2023\/03\/Kafka-funcionarios-justicia-226x300.jpg 226w\" sizes=\"auto, (max-width: 297px) 100vw, 297px\" \/><\/a><\/p>\n<p style=\"text-align: center;\"><span style=\"font-size: 18pt;\"><strong><span style=\"color: #008000;\">*******<\/span><\/strong><\/span><\/p>\n<h2 style=\"text-align: center;\"><span style=\"font-size: 24pt;\">LA REBELI\u00d3N DE LA MULTITUD<\/span><\/h2>\n<p style=\"text-align: center;\"><span style=\"font-size: 14pt;\"><strong>Matar o morir, no importa<\/strong><\/span><\/p>\n<p><a href=\"https:\/\/puntocritico.com\/ausajpuntocritico\/2017\/04\/24\/corrupcion-judicial-el-iuez-si-iudga-tuerto\/\" target=\"_blank\" rel=\"noopener\" data-schema-attribute=\"\"><img loading=\"lazy\" decoding=\"async\" class=\"aligncenter wp-image-2098930\" src=\"https:\/\/puntocritico.com\/ausajpuntocritico\/wp-content\/uploads\/2021\/03\/partes-de-la-m\u00e1quina-rota-viejo-cerca-de-la-justicia-ppal-300x199.jpg\" alt=\"\" width=\"440\" height=\"292\" srcset=\"https:\/\/puntocritico.com\/ausajpuntocritico\/wp-content\/uploads\/2021\/03\/partes-de-la-m\u00e1quina-rota-viejo-cerca-de-la-justicia-ppal-300x199.jpg 300w, https:\/\/puntocritico.com\/ausajpuntocritico\/wp-content\/uploads\/2021\/03\/partes-de-la-m\u00e1quina-rota-viejo-cerca-de-la-justicia-ppal-610x405.jpg 610w, https:\/\/puntocritico.com\/ausajpuntocritico\/wp-content\/uploads\/2021\/03\/partes-de-la-m\u00e1quina-rota-viejo-cerca-de-la-justicia-ppal-678x452.jpg 678w, https:\/\/puntocritico.com\/ausajpuntocritico\/wp-content\/uploads\/2021\/03\/partes-de-la-m\u00e1quina-rota-viejo-cerca-de-la-justicia-ppal.jpg 680w\" sizes=\"auto, (max-width: 440px) 100vw, 440px\" \/><\/a><\/p>\n<p>&nbsp;<\/p>\n<p style=\"text-align: justify;\"><span style=\"font-size: 14pt;\">La multitud se agrupaba en los alrededores de la Audiencia Provincial, distribuy\u00e9ndose en grupos, cada uno alrededor de un orador. Sin organizaci\u00f3n, los habitantes de la peque\u00f1a capital de provincia, se congregaron espont\u00e1neamente a las puertas del edificio donde se juzgaba a sus vecinos, que hab\u00edan denunciado la terrible corrupci\u00f3n pol\u00edtico-judicial que estaba destruyendo la ciudad; y a sus habitantes.<\/span><\/p>\n<p style=\"text-align: justify;\"><span style=\"font-size: 14pt;\">Denunciantes, cuya resplandeciente inocencia no hab\u00eda agrietado la solidez de una corrupci\u00f3n judicial al servicio de quienes est\u00e1n rob\u00e1ndonos la vida, pol\u00edticos corruptos, ahora disfrazados de Jueces y Fiscales, que quer\u00edan condenarlos para hacer callar -por miedo- a las multitudes, incapaces de soportar m\u00e1s corrupci\u00f3n, m\u00e1s humillaciones, m\u00e1s miseria.<\/span><\/p>\n<p style=\"text-align: justify;\"><span style=\"font-size: 14pt;\">Al acercarse a cada corrillo, se iban escuchando las soflamas de los an\u00f3nimos ciudadanos que, por fin, sin el filtro de los medios de desinformaci\u00f3n, pod\u00edan escuchar y hablar con libertad. Sorprendentemente, no hab\u00eda discusiones entre ellos. Cuando hablaba uno, los dem\u00e1s escuchaban, sin cr\u00edticas, que no significaba aquiescencia, sino respeto. All\u00ed no hab\u00eda pol\u00edticos. No se atrev\u00edan a aparecer.<\/span><\/p>\n<p style=\"text-align: justify;\"><span style=\"font-size: 14pt;\">En uno de los corrillos empezaban a juntarse padres a los que sus hijos les hab\u00edan sido robados. Judicialmente robados. Se escuchaban frases sueltas, del estilo \u201c<em>Los que nos han robado a nuestros hijos, son los que acusan a otros de robar ni\u00f1os<\/em>\u201d. \u201c<em>No tengo nada m\u00e1s que perder; s\u00f3lo me queda una esperanza: la de vengarme de todos ellos<\/em>\u201d. \u201c<em>Pena de muerte para las autoridades corruptas<\/em>\u201d. \u201c<em>Muerte en las plazas p\u00fablicas; lapidados por nosotros, sus v\u00edctimas<\/em>\u201d. \u00ab<em>Euro a Euro, nos est\u00e1n robando la vida, como antes nos robaron nuestros hogares<\/em>\u00ab.\u00a0<\/span><\/p>\n<p>&nbsp;<\/p>\n<blockquote>\n<p style=\"text-align: center;\"><span style=\"color: #008000;\"><strong><span style=\"font-size: 14pt;\"><em>\u201cHan robado a mis hijos\u201d<\/em>. \u201c<em>Han asesinado a mis padres\u201d<\/em>. <\/span><\/strong><\/span><\/p>\n<p style=\"text-align: center;\"><span style=\"color: #008000;\"><strong><span style=\"font-size: 14pt;\">\u201c<em>No tengo nada m\u00e1s que perder; s\u00f3lo me queda una esperanza: la de vengarme de todos ellos<\/em>\u201d.<\/span><\/strong><\/span><\/p>\n<p style=\"text-align: center;\"><span style=\"color: #008000;\"><strong><span style=\"font-size: 14pt;\"> \u201c<em>Pena de muerte para las autoridades corruptas<\/em>\u201d. <\/span><\/strong><\/span><\/p>\n<p style=\"text-align: center;\"><span style=\"color: #008000;\"><strong><span style=\"font-size: 14pt;\">\u201c<em>Muerte en las plazas p\u00fablicas; lapidados por nosotros, sus v\u00edctimas<\/em>\u201d. <\/span><\/strong><\/span><\/p>\n<p style=\"text-align: center;\"><span style=\"color: #008000;\"><strong><span style=\"font-size: 14pt;\"><em>\u201cNo son jueces, son verdugos\u201d<\/em>. <\/span><\/strong><\/span><\/p>\n<p style=\"text-align: center;\"><span style=\"color: #008000;\"><strong><span style=\"font-size: 14pt;\"><em>\u201cEuro a Euro, nos est\u00e1n robando la vida, como antes nos robaron nuestros hogares\u201d<\/em>.<\/span><\/strong><\/span><\/p>\n<p style=\"text-align: center;\"><strong><span style=\"font-size: 14pt; color: #008000;\">\u00ab<em>Nos llevan a la guerra at\u00f3mica<\/em>\u00ab. <\/span><\/strong><\/p>\n<p style=\"text-align: center;\"><strong><span style=\"font-size: 14pt; color: #008000;\">\u00ab<em>Llev\u00e9mosles a Juicio, como en N\u00fcremberg, antes de que nos maten por millones<\/em>\u00ab.<\/span><\/strong><\/p>\n<\/blockquote>\n<p>&nbsp;<\/p>\n<figure id=\"attachment_2290524\" aria-describedby=\"caption-attachment-2290524\" style=\"width: 480px\" class=\"wp-caption aligncenter\"><a href=\"https:\/\/puntocritico.com\/ausajpuntocritico\/2024\/02\/08\/poder-judicial-sin-control\/\" target=\"_blank\" rel=\"noopener\" data-schema-attribute=\"\"><img loading=\"lazy\" decoding=\"async\" class=\"wp-image-2290524\" src=\"https:\/\/puntocritico.com\/ausajpuntocritico\/wp-content\/uploads\/2023\/11\/impunidad-OK-300x169.jpg\" alt=\"\" width=\"480\" height=\"270\" srcset=\"https:\/\/puntocritico.com\/ausajpuntocritico\/wp-content\/uploads\/2023\/11\/impunidad-OK-300x169.jpg 300w, https:\/\/puntocritico.com\/ausajpuntocritico\/wp-content\/uploads\/2023\/11\/impunidad-OK.jpg 678w\" sizes=\"auto, (max-width: 480px) 100vw, 480px\" \/><\/a><figcaption id=\"caption-attachment-2290524\" class=\"wp-caption-text\"><span style=\"color: #008000;\">Impunidad<\/span><\/figcaption><\/figure>\n<p>&nbsp;<\/p>\n<p style=\"text-align: justify;\"><span style=\"font-size: 14pt;\">A veces se escuchaban aplausos en alguno de los corrillos, que ve\u00eda crecer su n\u00famero al incorporase, curiosas, gentes que estaban en otros grupos.<\/span><\/p>\n<p style=\"text-align: justify;\"><span style=\"font-size: 14pt;\">Pero all\u00ed no hab\u00eda \u201c<em>talleres de abrazos<\/em>\u201d ni nada parecido. Hab\u00eda una excitaci\u00f3n creciente, igual que el n\u00famero de ciudadanos congregados. Excitaci\u00f3n que deambulaba hacia la ira, anunciando un estallido incontrolable de todos aqu\u00e9llos que hab\u00edan estado, durante d\u00e9cadas, sufriendo silenciosamente las injusticias decididas por las Organizaciones Pol\u00edtico-Criminales que los extorsionan cada d\u00eda. Cada d\u00eda durante d\u00e9cadas.<\/span><\/p>\n<p style=\"text-align: justify;\"><span style=\"font-size: 14pt;\">En el corrillo en el que los padres a los que les hab\u00edan sido robados su hijos proclamaban su voluntad de acabar con la corrupci\u00f3n primero, con los corruptos m\u00e1s tarde, no hab\u00eda provocadores. No hab\u00eda sist\u00e9micos antisistemas de opereta. Solo hab\u00eda una ira que crec\u00eda dentro de cada coraz\u00f3n, \u201c<em>lista para la cosecha<\/em>\u201d.<\/span><\/p>\n<p style=\"text-align: justify;\"><span style=\"font-size: 14pt;\">Y el d\u00eda de la cosecha parec\u00eda haber llegado. Sin embargo, poco a poco pareci\u00f3 que los \u00e1nimos se iban calmando. Pero en realidad se hab\u00eda dado paso a una introspecci\u00f3n de la multitud, que se solidificaba en una masa <\/span><span style=\"font-size: 18.6667px;\">\u00fanica<\/span><span style=\"font-size: 18.6667px;\"> y multiforme<\/span><span style=\"font-size: 14pt;\">, sin individuos, sin raz\u00f3n; plena de una emoci\u00f3n que crec\u00eda y crec\u00eda, alimentada por s\u00ed misma. La emoci\u00f3n era una y la misma: La Ira, una Ira ajena al valor, una Ira destructora y aut\u00f3faga.<\/span><\/p>\n<p style=\"text-align: justify;\"><span style=\"font-size: 14pt;\">Y se despertaba iracunda, dispuesta a tomar su futuro en sus propias manos, en una catarsis colectiva en la que las multitudes de individuos se iban convirtiendo en una \u00fanica voluntad com\u00fan: DESTRUIR.<\/span><\/p>\n<p style=\"text-align: justify;\"><span style=\"font-size: 14pt;\">Fue entonces cuando todo se descontrol\u00f3. Uno de los padres se puso a llorar mientras hablaba. Varios m\u00e1s se le unieron en el llanto. Comenzaron a gritar mirando al edificio judicial: \u201c<em>!Ladrones!<\/em>\u201d, \u201c<em>Corruptos, delincuentes que juzgan inocentes<\/em>\u201d, \u201c<em>Muerte a la injusticia, muerte a los corruptos<\/em>\u201d. \u00ab<em>No son Jueces; son Verdugos<\/em>\u00ab. Comenzaron a escupir a las puertas de la Audiencia. Y entonces todo cambi\u00f3.\u00a0<\/span><\/p>\n<p style=\"text-align: justify;\"><span style=\"font-size: 14pt;\">Uno de los Guardias Civiles que custodiaban el edificio se enfrent\u00f3 a la multitud. Y la multitud se encresp\u00f3. Primero, le tiraron algunos objetos, pero luego uno de los ciudadanos le dio un pu\u00f1etazo. Otros lo patearon hasta tirarlo en el suelo, ensangrentado. Y, entonces, alguien le cogi\u00f3 la pistola. Se hizo el silencio durante un minuto, que pareci\u00f3 eterno. De repente, se escuch\u00f3 un disparo que alcanz\u00f3 a uno de los ciudadanos que protestaban. Le hab\u00eda disparado, desde la puerta de la Audiencia, el otro Guardia Civil que custodiaba el edificio.<\/span><\/p>\n<p style=\"text-align: justify;\"><span style=\"font-size: 14pt;\">Al eco de la detonaci\u00f3n le sigui\u00f3 el desplome de ciudadano herido, que cay\u00f3, ensangrentado, al suelo. El que le hab\u00eda quitado la pistola al agente dispar\u00f3 contra el Guardia Civil de la puerta, que se desplom\u00f3. En menos de un segundo, la multitud hab\u00eda entrado en el edificio judicial, comenzando a romperlo todo.<\/span><\/p>\n<p style=\"text-align: justify;\"><span style=\"font-size: 14pt;\">Algunos subieron por los ascensores, otros por las escaleras, y el resto se situ\u00f3 en las salidas del edificio, para que nadie pudiese salir de all\u00ed.<\/span><\/p>\n<p style=\"text-align: justify;\"><span style=\"font-size: 14pt;\">Los que subieron, corriendo, por las escaleras se juntaron con los que sal\u00edan de los ascensores, en el \u00faltimo piso, y comenzaron a entrar en las dependencias judiciales. Un Juez se puso delante de una de las puertas para impedir el paso. La multitud lo subi\u00f3 sobre sus hombros, y lo tiraron por la ventana, con toga y pu\u00f1etas. Se ve\u00eda una mancha negra en el suelo, sobre un charco de sangre. La mancha \u2013solo era eso, ya no era humano- no se mov\u00eda.<\/span><\/p>\n<p style=\"text-align: justify;\"><span style=\"font-size: 14pt;\">A su alrededor, los ciudadanos enardecidos le gritaban e insultaban, hasta que algunos lo levantaron del suelo e, inerte como estaba, descargaron \u00e9l toda su rabia acumulada durante d\u00e9cadas. El color negro fue desapareciendo. Todo se ti\u00f1o de sangre.<\/span><\/p>\n<p style=\"text-align: justify;\"><span style=\"font-size: 14pt;\">El olor a sangre se adue\u00f1\u00f3 del momento. El rojo ancestral se apoder\u00f3 de la multitud. Apacibles amas de casa y t\u00edmidos oficinistas se transformaron en hordas de b\u00e1rbaros sedientos de m\u00e1s sangre.<\/span><\/p>\n<p style=\"text-align: justify;\"><span style=\"font-size: 14pt;\">En las ventanas superiores del edificio se ve\u00edan las caras, deformadas por el miedo, de Jueces, Fiscales, funcionarios y abogados. Esas caras, odiadas y odiosas, generaron una ola de ira en la multitud, que era imposible de controlar.<\/span><\/p>\n<p style=\"text-align: justify;\"><span style=\"font-size: 14pt;\">Un grupo de ciudadanos empez\u00f3 a acumular madera y papel en la puerta del edificio, y otros les prendieron fuego. Con el incendio y el humo, Funcionarios, Fiscales y Jueces intentaron salir del edificio. Pero las salidas estaban bloqueadas. Los que hab\u00edan cogido las pistolas comenzaron a dispararles, siendo aclamados por todos los all\u00ed congregados, que hab\u00edan dejado de ser individuos para convertirse en parte de una masa humana multiforme, pero con un objetivo com\u00fan: matar, destruir, incendiar. Todos a una.<\/span><\/p>\n<p style=\"text-align: justify;\"><span style=\"font-size: 14pt;\">\u00bfEra una guerra civil lo que hab\u00eda comenzado?<\/span><\/p>\n<p style=\"text-align: justify;\"><span style=\"font-size: 14pt;\">\u00bfEra el ansia de Justicia raz\u00f3n suficiente?<\/span><\/p>\n<p style=\"text-align: justify;\"><span style=\"font-size: 14pt;\">Los congregados, que ya casi sumaban la mayor parte de la poblaci\u00f3n de la peque\u00f1a capital de provincias, enmudecieron a medida que las llamas se iban apagando, al igual que los gritos de quienes mor\u00edan, abrasados por las llamas, all\u00ed.<\/span><\/p>\n<p style=\"text-align: justify;\"><span style=\"font-size: 14pt;\">Entre el silencioso crepitar de las llamas, que envolv\u00edan el edificio donde hab\u00eda estado la Audiencia Provincial, se escuchaba, al principio d\u00e9bilmente, un rumor que iba en crescendo. Cuando se hizo inteligible, se pudo escuchar una voz sollozando: \u201c<em>Han asesinado a nuestros padres. Nos obligaron a dejarlos morir solos, abandonados, en las Residencias<\/em>\u201d. \u00ab<em>Nos llevan a la guerra at\u00f3mica<\/em>\u00ab. \u00ab<em>Llev\u00e9mosles a Juicio, como en N\u00fcremberg, antes de que nos maten por millones<\/em>\u00ab.<\/span><\/p>\n<p style=\"text-align: justify;\"><span style=\"font-size: 14pt;\">El rumor se convirti\u00f3 en grito. \u201c<em>Han matado a nuestros padres<\/em>\u201d, se escuchaba por doquier.<\/span><\/p>\n<p style=\"text-align: justify;\"><span style=\"font-size: 14pt;\">El edificio en llamas era el pasado. El futuro inmediato eran los Partidos Pol\u00edticos. La muchedumbre se desplaz\u00f3 a sus sedes. Cuando derribaron las puertas y entraron en las \u201c<em>casas de los partidos<\/em>\u201d -que era como llamaban a las Cuevas de Ladrones y homicidas, desde donde planificaban sus cr\u00edmenes-, comprobaron que estaban vac\u00edas. Las oficinas hab\u00edan sido\u00a0 abandonadas, dejando sillas tiradas por el suelo y caf\u00e9s derramados sobre las mesas. Pero, en todas ellas, los ordenadores continuaban encendidos.<\/span><\/p>\n<p style=\"text-align: justify;\"><span style=\"font-size: 14pt;\">Pronto las impresoras comenzaron a escupir folios con nombres y direcciones. Los folios se repartieron, y la muchedumbre se dividi\u00f3 en grupos, que partieron en busca de los Ladrones, de los canallas que hab\u00edan acabado con las Libertades de todos, a cambio de un plato de lentejas.<\/span><\/p>\n<p style=\"text-align: justify;\"><span style=\"font-size: 14pt;\">La situaci\u00f3n, que comenz\u00f3 de manera imprevista, aunque no fortuita, se hizo mucho m\u00e1s intensa. El recuerdo del olor a sangre y cuerpos quemados, lejos de amilanar a las multitudes, sirvieron para fortalecer su voluntad de hacer pagar a los Ladrones todos y cada uno de sus cr\u00edmenes.<\/span><\/p>\n<p style=\"text-align: justify;\"><span style=\"font-size: 14pt;\">Comenzaron a volver los grupos que hab\u00edan ido a buscar a los Ladrones. No llegaban con las manos vac\u00edas, sino ensangrentadas. Muchos tra\u00edan a sus v\u00edctimas con ellos, a golpes, muchas veces tan brutales que los Ladrones no se volv\u00edan a levantar del suelo, y los dejaban all\u00ed tirados, d\u00e1ndoles patadas a su paso, con un rencor que hab\u00eda eliminado la humanidad en sus actos. Eran animales golpeando a otros animales. Pero los papeles hab\u00edan cambiado. Los golpes no los recib\u00edan las gentes honestas, sino los canallas que hab\u00edan destruido la ciudad, anta\u00f1o pr\u00f3spera.<\/span><\/p>\n<p style=\"text-align: justify;\"><span style=\"font-size: 14pt;\">Fue entonces cuando comenzaron a llegar los veh\u00edculos militares. Era la hora decisiva. \u00bfQu\u00e9 har\u00edan los soldados?\u00a0<\/span><\/p>\n<p style=\"text-align: right;\"><em><span style=\"font-size: 14pt;\">Chus<\/span><\/em><\/p>\n<p><img loading=\"lazy\" decoding=\"async\" class=\"aligncenter wp-image-26957\" src=\"https:\/\/puntocritico.com\/ausajpuntocritico\/wp-content\/uploads\/2020\/02\/Justicia-crucificada.jpg\" alt=\"LA REBELI\u00d3N DE LA MULTITUD \" width=\"240\" height=\"305\" \/><\/p>\n<p>&nbsp;<\/p>\n<div>\u00a0<\/div>\n<div><a href=\"https:\/\/puntocritico.com\/ausajpuntocritico\/author\/punto-critico\/\" target=\"_blank\" rel=\"noopener\" data-schema-attribute=\"\"><img loading=\"lazy\" decoding=\"async\" class=\"aligncenter wp-image-9528 smush-detected-img smush-image-2\" src=\"https:\/\/puntocritico.com\/ausajpuntocritico\/wp-content\/uploads\/2018\/03\/Mosca_Punto_Cr%C3%ADtico_40.png\" alt=\"\" width=\"80\" height=\"80\" data-id=\"9528\" \/><\/a><\/div>\n<p>&nbsp;<\/p>\n","protected":false},"excerpt":{"rendered":"<div class=\"mh-excerpt\"><p>LA REBELI\u00d3N DE LA MULTITUD &nbsp; \u201cEl juez es condenado cuando el culpable es absuelto\u201d (Publilio Siro). &nbsp; Tribunales atribulados Por An\u00edbal Malvar Publico, 21 Enero 2024 &nbsp; No voy a ser yo quien ratifique <a class=\"mh-excerpt-more\" href=\"https:\/\/puntocritico.com\/ausajpuntocritico\/2025\/12\/28\/la-rebelion-de-la-multitud-los-santos-inocentes\/\" title=\"LA REBELI\u00d3N DE LA MULTITUD: \u00abLos Santos Inocentes\u00bb. Matar o morir, no importa\">[&#8230;]<\/a><\/p>\n<\/div>","protected":false},"author":3,"featured_media":2315686,"comment_status":"closed","ping_status":"closed","sticky":false,"template":"","format":"standard","meta":{"_acf_changed":false,"_exactmetrics_skip_tracking":false,"_exactmetrics_sitenote_active":false,"_exactmetrics_sitenote_note":"","_exactmetrics_sitenote_category":0,"footnotes":""},"categories":[6,12,13],"tags":[],"class_list":{"0":"post-2282430","1":"post","2":"type-post","3":"status-publish","4":"format-standard","5":"has-post-thumbnail","7":"category-justicia","8":"category-corrupcion","9":"category-corrupcion_judicial"},"acf":[],"_links":{"self":[{"href":"https:\/\/puntocritico.com\/ausajpuntocritico\/wp-json\/wp\/v2\/posts\/2282430","targetHints":{"allow":["GET"]}}],"collection":[{"href":"https:\/\/puntocritico.com\/ausajpuntocritico\/wp-json\/wp\/v2\/posts"}],"about":[{"href":"https:\/\/puntocritico.com\/ausajpuntocritico\/wp-json\/wp\/v2\/types\/post"}],"author":[{"embeddable":true,"href":"https:\/\/puntocritico.com\/ausajpuntocritico\/wp-json\/wp\/v2\/users\/3"}],"replies":[{"embeddable":true,"href":"https:\/\/puntocritico.com\/ausajpuntocritico\/wp-json\/wp\/v2\/comments?post=2282430"}],"version-history":[{"count":0,"href":"https:\/\/puntocritico.com\/ausajpuntocritico\/wp-json\/wp\/v2\/posts\/2282430\/revisions"}],"wp:featuredmedia":[{"embeddable":true,"href":"https:\/\/puntocritico.com\/ausajpuntocritico\/wp-json\/wp\/v2\/media\/2315686"}],"wp:attachment":[{"href":"https:\/\/puntocritico.com\/ausajpuntocritico\/wp-json\/wp\/v2\/media?parent=2282430"}],"wp:term":[{"taxonomy":"category","embeddable":true,"href":"https:\/\/puntocritico.com\/ausajpuntocritico\/wp-json\/wp\/v2\/categories?post=2282430"},{"taxonomy":"post_tag","embeddable":true,"href":"https:\/\/puntocritico.com\/ausajpuntocritico\/wp-json\/wp\/v2\/tags?post=2282430"}],"curies":[{"name":"wp","href":"https:\/\/api.w.org\/{rel}","templated":true}]}}