{"id":2279157,"date":"2023-06-17T00:05:07","date_gmt":"2023-06-16T22:05:07","guid":{"rendered":"https:\/\/puntocritico.com\/ausajpuntocritico\/?p=2279157"},"modified":"2024-10-20T13:03:27","modified_gmt":"2024-10-20T11:03:27","slug":"los-nazis-y-el-dinero-la-economia-del-tercer-reich","status":"publish","type":"post","link":"https:\/\/puntocritico.com\/ausajpuntocritico\/2023\/06\/17\/los-nazis-y-el-dinero-la-economia-del-tercer-reich\/","title":{"rendered":"LOS NAZIS Y EL DINERO (Documental): La econom\u00eda del Tercer Reich."},"content":{"rendered":"<h2 style=\"text-align: justify;\"><span style=\"color: #008000; font-size: 14pt;\">Los nazis y el dinero<\/span><\/h2>\n\n<p style=\"text-align: justify;\">\u00a0<\/p>\n<blockquote>\n<h2 style=\"text-align: center;\"><span style=\"font-size: 24pt;\"><strong>EL APOYO DE LAS GRANDES CORPORACIONES A HITLER<\/strong><\/span><\/h2>\n<p class=\"article-lede\" style=\"text-align: center;\"><em><strong><span style=\"font-size: 14pt;\">Kodak, Bayer, Coca Cola, Nestl\u00e9, IBM, BMW, Adidas, Volkswagen entre otras; financiaron y apoyaron al r\u00e9gimen nazi antes y durante la Segunda Guerra Mundial con la complicidad de los pa\u00edses aliados. Esta nota fue publicada originalmente en diciembre de 2016.<\/span><\/strong><\/em><\/p>\n<div class=\"article-details\">\n<div class=\"card-body card-details\">\n<p class=\"autor\" style=\"text-align: justify;\"><span style=\"font-size: 14pt;\">Por Dar\u00edo Brenman<\/span><\/p>\n<p><span class=\"date\" style=\"font-size: 14pt;\"><a href=\"https:\/\/www.izquierdadiario.es\/El-apoyo-de-las-grandes-corporaciones-a-Hitler\" target=\"_blank\" rel=\"noopener\">Izquierda Diario<\/a>, 24 de mayo de 2021<\/span><\/div>\n<\/div>\n<p style=\"text-align: justify;\"><img loading=\"lazy\" decoding=\"async\" class=\"aligncenter wp-image-2279823\" src=\"https:\/\/puntocritico.com\/ausajpuntocritico\/wp-content\/uploads\/2023\/06\/IG-FARBEN-CARTEL-PPAL-300x199.jpg\" alt=\"\" width=\"480\" height=\"319\" data-id=\"2279823\" srcset=\"https:\/\/puntocritico.com\/ausajpuntocritico\/wp-content\/uploads\/2023\/06\/IG-FARBEN-CARTEL-PPAL-300x199.jpg 300w, https:\/\/puntocritico.com\/ausajpuntocritico\/wp-content\/uploads\/2023\/06\/IG-FARBEN-CARTEL-PPAL-678x452.jpg 678w, https:\/\/puntocritico.com\/ausajpuntocritico\/wp-content\/uploads\/2023\/06\/IG-FARBEN-CARTEL-PPAL.jpg 680w\" sizes=\"auto, (max-width: 480px) 100vw, 480px\" \/><\/p>\n<p>&nbsp;<\/p>\n<p style=\"text-align: justify;\"><span style=\"font-size: 14pt;\">Muchas empresas que comercializan actualmente marcas l\u00edderes reconocidas internacionalmente, fueron entre 1933 y 1945 cercanas y beneficiadas por el r\u00e9gimen nacionalsocialista. Estas corporaciones fueron las que sostuvieron gran parte del esfuerzo alem\u00e1n durante la Segunda Guerra Mundial.<strong> Kodak, Bayer, Coca Cola, Nestl\u00e9, IBM, BMW<\/strong>, entre otras. Como era de esperarse, ninguna record\u00f3 durante la posguerra sus v\u00ednculos con el nazismo. Sucede que estas mismas firmas tuvieron un rol fundamental en la recuperaci\u00f3n alemana, por eso los aliados durante muchos a\u00f1os omitieron el rol de estas empresas durante el nazismo.<\/span><\/p>\n<p style=\"text-align: justify;\"><span style=\"font-size: 14pt;\">Cuando finaliz\u00f3 la Primera Guerra Mundial, los pa\u00edses vencedores impusieron a Alemania, en el <strong>Tratado de Versalles<\/strong>, condiciones econ\u00f3micas humillantes para que aceptase toda la responsabilidad moral y material de haber causado la guerra y, bajo los t\u00e9rminos de los art\u00edculos 231-248, Alemania debi\u00f3 desarmarse, realizar importantes concesiones territoriales (<em>que inclu\u00eda la entrega de la zona del Ruhr-regi\u00f3n carbon\u00edfera muy importante para el desarrollo industrial- a Francia<\/em>) y pagar exorbitantes indemnizaciones econ\u00f3micas a los vencedores.<\/span><\/p>\n<p style=\"text-align: justify;\"><span style=\"font-size: 14pt;\">Lograron hacer esto luego de que la ca\u00edda del <strong>K\u00e1iser<\/strong> alem\u00e1n y la derrota de la revoluci\u00f3n obrera de 1918 gracias a la socialdemocracia alemana. A todo esto hay que sumarle la crisis hiperinflacionaria de 1922, las crisis pol\u00edticas, la ca\u00edda de un 40% de los ingresos de divisas luego del crack financiero de 1930; la bajada del nivel de precios de bienes y servicios que deterioraron la industria, y los importantes paros obreros durante 1932.<\/span><\/p>\n<p style=\"text-align: justify;\"><span style=\"font-size: 14pt;\">En ese contexto, las grandes empresas se fueron acercando al partido pol\u00edtico con mayores posibilidades de ganar las elecciones: el Partido Nacionalsocialista alem\u00e1n, el m\u00e1s anticomunista, para combatir las posibles influencias de la URSS.\u00a0<a class=\"spip_out\" href=\"http:\/\/www.laizquierdadiario.com\/Cuando-el-nazismo-gano-las-elecciones-parlamentarias-de-1933\" target=\"_blank\" rel=\"noopener\" data-schema-attribute=\"\">El Triunfo en los comicios fue en 1933 con Hitler como Canciller<\/a>. El empresariado de ese pa\u00eds entrar\u00eda en una puja interna con el gobierno ya que <strong>Hitler<\/strong> propugnaba la nacionalizaci\u00f3n como m\u00e9todo de control absoluto sobre la econom\u00eda.<\/span><\/p>\n<p style=\"text-align: justify;\"><span style=\"font-size: 14pt;\">A\u00fan as\u00ed hay muchos ejemplos empresarios alemanes estaban consustanciados con el nuevo r\u00e9gimen, por eso tuvieron puestos de relevancia en el esquema pol\u00edtico y econ\u00f3mico de ese gobierno. El caso del banquero <strong>Kurt von Schr\u00f6der<\/strong>, que financiar\u00eda a gran parte del partido nacionalsocialista a partir de diciembre de 1932, es uno de ellos.<\/span><\/p>\n<p style=\"text-align: justify;\"><span style=\"font-size: 14pt;\">El programa econ\u00f3mico del <em>Reich<\/em>, fue dise\u00f1ado y dirigido por <strong>Hjalmar Schacht<\/strong>, un funcionario que fue primero presidente del <em>Reichsbank<\/em> y luego ministro de econom\u00eda. Si bien no ten\u00eda un gran apego por la ideolog\u00eda nazi, movi\u00f3 sus influencias para que <strong>Hitler<\/strong> recibiese el apoyo de la gran industria alemana. Como funcionario de econom\u00eda \u201c<em>desarroll\u00f3 un plan de estilo keynesiano, en el que la inversi\u00f3n p\u00fablica y el gasto p\u00fablico se dispararon, todo ello financiado de una forma un tanto particular gracias a los Bonos MEFO \u2013una empresa fantasma que hac\u00eda de intermediario entre el Estado y las empresas de armamento para poder esquivar las restricciones econ\u00f3micas del Tratado de Versalles\u2013. Dicha inversi\u00f3n p\u00fablica crecer\u00eda entre 1933 y 1935 un 350\u00a0% y un 800\u00a0% hasta 1938; mientras el gasto en armamento se elev\u00f3 en un 2300% esos mismos a\u00f1os<\/em>\u201d, sostiene <strong>Fernando Aranc\u00f3n<\/strong>, docente de la Universidad Computense de Madrid.<\/span><\/p>\n<p style=\"text-align: justify;\"><span style=\"font-size: 14pt;\">En el negocio de la guerra, uno de los empresarios emblem\u00e1tico de ese momento fue <strong>Ferdinand Porsche<\/strong>, quien adem\u00e1s de fabricar en masa un auto barato como el <strong>Volkswagen<\/strong>, fue durante la guerra cuando dise\u00f1\u00f3 veh\u00edculos como el <strong>Kubelwagen<\/strong>, e incluso lleg\u00f3 a inventar una versi\u00f3n anfibia como el <em>Schwimmwagen<\/em>. Al finalizar la guerra, <strong>Porsche<\/strong> estuvo <strong><em>preso en Francia acusado de usar mano de obra esclava en sus f\u00e1bricas<\/em><\/strong>. A los dos a\u00f1os fue puesto en libertad.<\/span><\/p>\n<p style=\"text-align: justify;\"><span style=\"font-size: 14pt;\">Otras de las firmas que dieron su apoyo a <strong>Hitler<\/strong> fue <strong>Bayerische Motoren-Werke (BMW)<\/strong>, que estaba consustanciada con el r\u00e9gimen nazi inclusive antes del comienzo de la Segunda Guerra Mundial. Su aporte al nazismo consisti\u00f3 en fabricar piezas para el funcionamiento de las armas as\u00ed como tambi\u00e9n los sistemas el\u00e9ctricos para submarinos y la fabricaci\u00f3n de motores de avi\u00f3n.<\/span><\/p>\n<p style=\"text-align: justify;\"><span style=\"font-size: 14pt;\">La f\u00e1brica <strong>Ford<\/strong> tambi\u00e9n sac\u00f3 tajada de la mano de obra esclava con algunas f\u00e1bricas en Renania. En este caso su due\u00f1o, el estadounidense <strong>Henry Ford<\/strong>, fue un militante <em>antisemita<\/em> que culpaba a los jud\u00edos de las penurias econ\u00f3micas y sociales de Alemania. Los relevamientos hist\u00f3ricos dan cuenta de la gran estima que se ten\u00edan <strong>Ford<\/strong> y <strong>Hitler<\/strong>. La relaci\u00f3n era tan profunda que en 1938 se le regal\u00f3 al magnate americano la <em>Gran Cruz del \u00c1guila<\/em> de ese pa\u00eds, la condecoraci\u00f3n m\u00e1s alta que un extranjero pod\u00eda recibir del r\u00e9gimen nazi.<\/span><\/p>\n<p style=\"text-align: justify;\">\u00a0<\/p>\n<figure id=\"attachment_2279201\" aria-describedby=\"caption-attachment-2279201\" style=\"width: 600px\" class=\"wp-caption aligncenter\"><img loading=\"lazy\" decoding=\"async\" class=\"wp-image-2279201 size-mh-magazine-content\" src=\"https:\/\/puntocritico.com\/ausajpuntocritico\/wp-content\/uploads\/2023\/06\/henry_ford_grand_cross_1938-84de0-600x381.jpg\" alt=\"\" width=\"600\" height=\"381\" data-id=\"2279201\" \/><figcaption id=\"caption-attachment-2279201\" class=\"wp-caption-text\"><span style=\"color: #008000;\">Henry Ford recibe la Gran Cruz del \u00c1guila en 1938<\/span><\/figcaption><\/figure>\n<p>&nbsp;<\/p>\n<p style=\"text-align: justify;\"><span style=\"font-size: 14pt;\">La empresa qu\u00edmica <strong>IG Farben<\/strong>, que hegemonizaba en ese momento casi todo el sector qu\u00edmico, instal\u00f3 una f\u00e1brica en Auschwitz en donde se cree que murieron casi 25.000 jud\u00edos. En ese sentido, establecimientos como <strong>Siemens<\/strong> o <strong>Krupp<\/strong> hicieron lo mismo. Otro caso fue el de la empresa <strong>Bayer<\/strong>, que particip\u00f3 en <em><strong>la fabricaci\u00f3n del gas Zyklon B, usado en las c\u00e1maras de gas<\/strong><\/em>.<\/span><\/p>\n<p>&nbsp;<\/p>\n<figure id=\"attachment_2279202\" aria-describedby=\"caption-attachment-2279202\" style=\"width: 240px\" class=\"wp-caption aligncenter\"><img loading=\"lazy\" decoding=\"async\" class=\"wp-image-2279202\" src=\"https:\/\/puntocritico.com\/ausajpuntocritico\/wp-content\/uploads\/2023\/06\/bayer-2-c9f10.jpg\" alt=\"\" width=\"240\" height=\"336\" data-id=\"2279202\" \/><figcaption id=\"caption-attachment-2279202\" class=\"wp-caption-text\"><span style=\"color: #008000;\">Barril de gas Zyklon B, fabricado por Bayer y utilizado en las c\u00e1maras de gas<\/span><\/figcaption><\/figure>\n<div class=\"foto\">\u00a0<\/div>\n<p style=\"text-align: justify;\"><span style=\"font-size: 14pt;\">Para finales de 1933, los jud\u00edos ya eran perseguidos en toda Alemania. En ese contexto, <strong>Hugo Boss<\/strong>, un fuerte empresario textil, tuvo como trabajo dise\u00f1ar la vestimenta a personeros del r\u00e9gimen. <strong>Boss<\/strong>, <em><strong>miembro del partido nazi<\/strong><\/em>, concibi\u00f3 las camisas pardas de los j\u00f3venes de las <strong>Hitlerjugens<\/strong> y el traje negro de las temibles <strong>SS<\/strong>. Los colores nunca se eleg\u00edan azarosamente, ten\u00edan un significado de lo que se quer\u00eda demostrar. \u201c<i>Si los animales usan colores para avisar de su peligrosidad, estaba claro que los nazis tambi\u00e9n lo hac\u00edan<\/i>\u201d, dec\u00eda <strong>Boss<\/strong>.<\/span><\/p>\n<p style=\"text-align: justify;\">\u00a0<\/p>\n<figure id=\"attachment_2279203\" aria-describedby=\"caption-attachment-2279203\" style=\"width: 678px\" class=\"wp-caption aligncenter\"><img loading=\"lazy\" decoding=\"async\" class=\"wp-image-2279203 size-mh-magazine-content\" src=\"https:\/\/puntocritico.com\/ausajpuntocritico\/wp-content\/uploads\/2023\/06\/hugo-6f681-678x381.jpg\" alt=\"\" width=\"678\" height=\"381\" data-id=\"2279203\" srcset=\"https:\/\/puntocritico.com\/ausajpuntocritico\/wp-content\/uploads\/2023\/06\/hugo-6f681-678x381.jpg 678w, https:\/\/puntocritico.com\/ausajpuntocritico\/wp-content\/uploads\/2023\/06\/hugo-6f681-300x168.jpg 300w, https:\/\/puntocritico.com\/ausajpuntocritico\/wp-content\/uploads\/2023\/06\/hugo-6f681.jpg 720w\" sizes=\"auto, (max-width: 678px) 100vw, 678px\" \/><figcaption id=\"caption-attachment-2279203\" class=\"wp-caption-text\"><span style=\"color: #008000;\">Uniformes del ej\u00e9rcito nazi dise\u00f1ados por Hugo Boss<\/span><\/figcaption><\/figure>\n<p style=\"text-align: justify;\">\u00a0<\/p>\n<p style=\"text-align: justify;\"><span style=\"font-size: 14pt;\">En el contexto de la guerra, la popular marca deportiva a nivel mundial <strong>Adidas<\/strong> reinvent\u00f3 su negocio, al fabricar vestimenta para el ej\u00e9rcito y el lanzagranadas <em>Panzerschrek<\/em>. Al finalizar la contienda mundial, <strong>Rudolf Dasser<\/strong>, uno de los due\u00f1os de este emporio, fue acusado por sus v\u00ednculos con el nazismo. Algunas versiones sostienen que fue delatado por su hermano <strong>Adolf<\/strong>, quien tiempo despu\u00e9s fue el \u00fanico que sigui\u00f3 con la marca <strong>Adidas<\/strong>.<\/span><\/p>\n<h3 class=\"spip\" style=\"text-align: center;\"><span style=\"font-size: 18pt;\">Negocios son negocios<\/span><\/h3>\n<p style=\"text-align: justify;\"><span style=\"font-size: 14pt;\">Siempre se dijo que el capital no tiene fronteras y que negocios son negocios. Por eso, el tema del armamentismo y la esclavitud no es exclusivamente de Alemania. <strong>General Motors<\/strong> compr\u00f3 la marca <strong>Opel<\/strong> antes de la guerra, y <strong>a pesar del enfrentamiento entre Estados Unidos y Alemania lo sigui\u00f3 fabricando desde Colonia<\/strong>.<\/span><\/p>\n<p style=\"text-align: justify;\"><span style=\"font-size: 14pt;\">Otros de los que recibi\u00f3 la <em>Gran Cruz del \u00c1guila<\/em> fue <strong>Thomas Watson<\/strong>, fundador de la empresa inform\u00e1tica <strong>IBM<\/strong>, por su aporte en el <strong>dise\u00f1o de automatizar la destrucci\u00f3n de la vida humana con precisi\u00f3n matem\u00e1tica<\/strong>. Cuando <strong>Adolf<\/strong> <strong>Hitler<\/strong> lleg\u00f3 al poder, su objetivo era la identificaci\u00f3n y apresamiento de unos 600.000 jud\u00edos alemanes. Esto no se hubiese podido realizar sin un mecanismo preciso de relevamiento de datos en registros municipales, religiosos y gubernamentales de toda Alemania y luego en toda Europa. El aporte de <strong>IBM<\/strong> fue fundamental para que el r\u00e9gimen pueda realizar esa tarea.<\/span><\/p>\n<p style=\"text-align: justify;\"><span style=\"font-size: 14pt;\">Dentro del rubro alimenticio aparece la empresa <strong>Nestl\u00e9<\/strong>, quien adem\u00e1s de girar fondos para partidos fascistas de Suiza y otros lugares del mundo, emple\u00f3 miles de prisioneros para su producci\u00f3n. En el a\u00f1o 2000, esta empresa tuvo que solventar 10 millones de euros como resarcimiento a las v\u00edctimas que para ellos trabajaron.<\/span><\/p>\n<p style=\"text-align: justify;\"><span style=\"font-size: 14pt;\"><strong>Coca Cola<\/strong> fue otras de las empresas que estaban en ambos lados de mostrador. La afamada compa\u00f1\u00eda de bebidas no pudo comercializar su producto en ese pa\u00eds, por lo que cre\u00f3 la marca <strong>Fanta<\/strong>, vendida en ese momento \u00fanicamente en Alemania. Se calcula que s\u00f3lo en 1943 vendieron all\u00ed alrededor de tres millones de cajas.<\/span><\/p>\n<p style=\"text-align: justify;\">\u00a0<\/p>\n<figure id=\"attachment_2279204\" aria-describedby=\"caption-attachment-2279204\" style=\"width: 500px\" class=\"wp-caption aligncenter\"><img loading=\"lazy\" decoding=\"async\" class=\"wp-image-2279204 size-full\" src=\"https:\/\/puntocritico.com\/ausajpuntocritico\/wp-content\/uploads\/2023\/06\/fanta-2dd37.png\" alt=\"\" width=\"500\" height=\"250\" data-id=\"2279204\" srcset=\"https:\/\/puntocritico.com\/ausajpuntocritico\/wp-content\/uploads\/2023\/06\/fanta-2dd37.png 500w, https:\/\/puntocritico.com\/ausajpuntocritico\/wp-content\/uploads\/2023\/06\/fanta-2dd37-300x150.png 300w\" sizes=\"auto, (max-width: 500px) 100vw, 500px\" \/><figcaption id=\"caption-attachment-2279204\" class=\"wp-caption-text\"><span style=\"color: #008000;\">Publicidad gr\u00e1fica de Fanta<\/span><\/figcaption><\/figure>\n<p style=\"text-align: justify;\">\u00a0<\/p>\n<p style=\"text-align: justify;\"><span style=\"font-size: 14pt;\"><strong>Hasta 1943, el nazismo no lanz\u00f3 al pa\u00eds hacia una econom\u00eda de guerra<\/strong>. La demora de esta medida se debe a que el objetivo era mantener cierta paz social. En la medida que la guerra avanzaba, muchos prisioneros de guerra e indeseables para la \u201c<em>raza aria<\/em>\u201d eran enviados a Alemania como mano de obra esclava. <strong>Se estima que hacia 1944 en el Tercer Reich hubo unos 7,5 millones de estos esclavos<\/strong>. Empresas de ese pa\u00eds fueron beneficiadas por este tipo de mano de obra que ten\u00eda que trabajar en forma ilimitada, incluso hasta morir. Siempre hab\u00eda m\u00e1s esclavos que pod\u00edan sustituir a los fallecidos.<\/span><\/p>\n<p>&nbsp;<\/p>\n<p style=\"text-align: center;\"><strong><span style=\"font-size: 14pt; color: #008000;\">Cuando culmin\u00f3 la guerra, las mismas empresas que apoyaron el r\u00e9gimen nazi, intentaron convencer a los pa\u00edses vencedores sobre el rol fundamental que ten\u00edan en la reconstrucci\u00f3n alemana. Los aliados no solamente borraron el pasado oscuro de estas corporaciones, sino que tambi\u00e9n reconstruyeron y pusieron en funcionamiento de nuevo las f\u00e1bricas.<\/span><\/strong><\/p>\n<p>&nbsp;<\/p>\n<p style=\"text-align: justify;\"><span style=\"font-size: 14pt;\">Cuando culmin\u00f3 la guerra, las mismas empresas que apoyaron el r\u00e9gimen nazi, intentaron convencer a los pa\u00edses vencedores sobre el rol fundamental que ten\u00edan en la reconstrucci\u00f3n alemana. Los aliados no solamente borraron el pasado oscuro de estas corporaciones, sino que tambi\u00e9n reconstruyeron y pusieron en funcionamiento de nuevo las f\u00e1bricas.<\/span><\/p>\n<p style=\"text-align: justify;\"><span style=\"font-size: 14pt;\">A pesar de la amnesia de varios pa\u00edses, los propios damnificados por el trabajo esclavo lucharon para que aquella tragedia colectiva no quede impune y activaron recursos judiciales contra las empresas que estuvieron vinculadas al Tercer Reich. Algunas de las que no quer\u00edan ver perjudicada su imagen comenzaron a indemnizar a las v\u00edctimas mientras que otras se desmarcaron de su pasado.<\/span><\/p>\n<p style=\"text-align: justify;\"><span style=\"font-size: 14pt;\">Ante la presi\u00f3n internacional, <strong>Alemania cre\u00f3 en 1999 un fondo compensatorio para las v\u00edctimas, por lo tanto muchas empresas como Allianz, BASF, Bayer, BMW, Daimler-Chrysler, el Deutsche Bank, Friedrich-Krupp, Krupp-Hoesch, Hoechst, Siemens, Volkswagen y el Dresdner Bank tuvieron la obligaci\u00f3n de indemnizar a sobrevivientes<\/strong>. Sin embargo, esto ocurri\u00f3 solamente con los afectados de nacionalidad alemana. Los damnificados del este europeo apenas han visto ese dinero.<\/span><\/p>\n<\/blockquote>\n<p>&nbsp;<\/p>\n<div class=\"p-title \" style=\"text-align: justify;\">\n<figure id=\"attachment_2244413\" aria-describedby=\"caption-attachment-2244413\" style=\"width: 330px\" class=\"wp-caption aligncenter\"><a href=\"https:\/\/puntocritico.com\/ausajpuntocritico\/2022\/04\/02\/el-caso-collini\/\"><img loading=\"lazy\" decoding=\"async\" class=\"wp-image-2244413\" src=\"https:\/\/puntocritico.com\/ausajpuntocritico\/wp-content\/uploads\/2022\/04\/En-el-centro-el-conocido-Juez-Nazi-Roland-F.jpg\" alt=\"\" width=\"330\" height=\"222\" data-id=\"2244413\" \/><\/a><figcaption id=\"caption-attachment-2244413\" class=\"wp-caption-text\"><span style=\"color: #008000;\">En el centro, el conocido Juez Nazi Roland Freisler<\/span><\/figcaption><\/figure>\n<\/div>\n<p style=\"text-align: center;\"><span style=\"font-size: 18pt;\"><strong><span style=\"color: #008000;\">*******<\/span><\/strong><\/span><\/p>\n<h2 style=\"text-align: center;\"><span style=\"font-size: 24pt;\">DOCUMENTAL:\u00a0<\/span><span style=\"font-size: 24pt;\">LOS NAZIS Y EL DINERO<\/span><\/h2>\n<p style=\"text-align: center;\"><strong><span style=\"font-size: 18pt;\"><em>La econom\u00eda del Tercer Reich<\/em><\/span><\/strong><\/p>\n<p style=\"text-align: center;\"><em><strong><span style=\"font-size: 14pt;\">Pensamos en Europa, nuevamente asediada por el fascismo (la Nueva Pol\u00edtica no es otra cosa que\u00a0 el fin de los Derechos Humanos y la vuelta del Fascismo, ante el rechazo generalizado a ser ciudadanos titulares de derechos humanos frente al Estado), un Fascismo que engorda gracias a los j\u00f3venes fascistas que se autoperciben comunistas<\/span><\/strong><\/em><\/p>\n<div id=\"description-inner\" class=\"style-scope ytd-watch-metadata\" style=\"text-align: center;\"><strong><span class=\"yt-core-attributed-string yt-core-attributed-string--white-space-pre-wrap\" style=\"font-size: 14pt;\" role=\"text\">Documental de Gil Rabier sobre el modelo econ\u00f3mico aut\u00e1rquico del III Reich y sus conexiones con los grandes empresarios alemanes<\/span><\/strong><\/p>\n<div id=\"snippet\" class=\"style-scope ytd-text-inline-expander\" style=\"text-align: justify;\">\u00a0<\/div>\n<\/div>\n<p style=\"text-align: center;\"><iframe loading=\"lazy\" title=\"YouTube video player\" src=\"\/\/www.youtube.com\/embed\/UCF4nmS6cZQ?si=AIzdw8c4O--WWrEb\" width=\"560\" height=\"315\" frameborder=\"0\" allowfullscreen=\"allowfullscreen\"><\/iframe><\/p>\n<p>&nbsp;<\/p>\n<blockquote>\n<p style=\"text-align: center;\"><span style=\"font-size: 14pt;\">Para hacer la guerra se necesita acero. El acero exige mineral de hierro y carb\u00f3n. El rearme exige tambi\u00e9n petr\u00f3leo, caucho, productos qu\u00edmicos. Se requieren ingenieros, t\u00e9cnicos, obreros, oficinas t\u00e9cnicas para dise\u00f1ar y fabricar las armas. Pero \u00bfc\u00f3mo pagar las facturas? El dinero es el combustible de la guerra. Como no lo tienen, los nazis lo inventan. Ser\u00e1 el ministro de Econom\u00eda y presidente del Reichsbank, Hjalmar Schacht, quien inventa los bonos MEFO. Esos bonos eran emitidos por esa empresa ficticia, que en realidad era una pantalla para que el mundo exterior no pudiera ver lo que estaba pasando. La MEFO no produce nada. No contrata a nadie. No abre ninguna f\u00e1brica. Lo \u00fanico que produc\u00eda era deuda que iba a servir para pagar la mayor parte de los gastos del rearme de Alemania a partir de 1934.<\/span><\/p>\n<\/blockquote>\n<p>&nbsp;<\/p>\n<figure id=\"attachment_2244367\" aria-describedby=\"caption-attachment-2244367\" style=\"width: 480px\" class=\"wp-caption aligncenter\"><img loading=\"lazy\" decoding=\"async\" class=\"wp-image-2244367\" src=\"https:\/\/puntocritico.com\/ausajpuntocritico\/wp-content\/uploads\/2022\/04\/Juristas-bajo-Hitler-678x381.jpg\" alt=\"\" width=\"480\" height=\"270\" data-id=\"2244367\" srcset=\"https:\/\/puntocritico.com\/ausajpuntocritico\/wp-content\/uploads\/2022\/04\/Juristas-bajo-Hitler-678x381.jpg 678w, https:\/\/puntocritico.com\/ausajpuntocritico\/wp-content\/uploads\/2022\/04\/Juristas-bajo-Hitler-300x169.jpg 300w, https:\/\/puntocritico.com\/ausajpuntocritico\/wp-content\/uploads\/2022\/04\/Juristas-bajo-Hitler-610x343.jpg 610w, https:\/\/puntocritico.com\/ausajpuntocritico\/wp-content\/uploads\/2022\/04\/Juristas-bajo-Hitler.jpg 700w\" sizes=\"auto, (max-width: 480px) 100vw, 480px\" \/><figcaption id=\"caption-attachment-2244367\" class=\"wp-caption-text\"><span style=\"color: #008000;\">Juristas bajo Hitler.<\/span><\/figcaption><\/figure>\n<p style=\"text-align: center;\"><span style=\"font-size: 18pt;\"><strong><span style=\"color: #008000;\">*******<\/span><\/strong><\/span><\/p>\n<blockquote>\n<h3 style=\"text-align: center;\"><span style=\"font-size: 18pt;\">FICHA T\u00c9CNICA<\/span><\/h3>\n<p style=\"text-align: justify;\"><span style=\"font-size: 14pt;\">T\u00edtulo original: Les nazis et l&#8217;argent<\/span><\/p>\n<p style=\"text-align: justify;\"><span style=\"font-size: 14pt;\">A\u00f1o 2021<\/span><\/p>\n<p style=\"text-align: justify;\"><span style=\"font-size: 14pt;\">Duraci\u00f3n: 94 min.<\/span><\/p>\n<p style=\"text-align: justify;\"><span style=\"font-size: 14pt;\">Pa\u00eds:<span id=\"country-img\"><\/span>\u00a0Francia<\/span><\/p>\n<p style=\"text-align: justify;\"><span style=\"font-size: 14pt;\">Direcci\u00f3n:\u00a0<span class=\"nb\">Gil Rabier<\/span><\/span><\/p>\n<p style=\"text-align: justify;\"><span style=\"font-size: 14pt;\">Guion:\u00a0<span class=\"nb\">Anne Paschetta,<\/span>\u00a0<span class=\"nb\">Gil Rabier,<\/span>\u00a0<span class=\"nb\">Aude Thuries,<\/span>\u00a0<span class=\"nb\">Olivier Wieviorka<\/span><\/span><\/p>\n<p style=\"text-align: justify;\"><span style=\"font-size: 14pt;\">M\u00fasica:\u00a0<span class=\"nb\">Nicolas Mollard<\/span><\/span><\/p>\n<p style=\"text-align: justify;\"><span style=\"font-size: 14pt;\">Compa\u00f1\u00edas:\u00a0<span class=\"nb\">arte,<\/span>\u00a0<span class=\"nb\">Gogogo Films,<\/span>\u00a0<span class=\"nb\">R\u00e9gion Ile-de-France<\/span><\/span><\/p>\n<p style=\"text-align: justify;\"><span style=\"font-size: 14pt;\">G\u00e9nero: Documental<\/span><\/p>\n<p style=\"text-align: justify;\"><span style=\"font-size: 14pt;\">Sinopsis: El dinero es el combustible de la guerra. Como no lo tienen, los nazis lo inventan. Ser\u00e1 el ministro de Econom\u00eda y presidente del Reichsbank, Hjalmar Schacht, quien inventara los bonos MEFO.<\/span><\/p>\n<p style=\"text-align: right;\"><span style=\"font-size: 14pt;\"><a href=\"https:\/\/www.filmaffinity.com\/es\/film701300.html\" target=\"_blank\" rel=\"noopener\">Filmaffinity<\/a><\/span><\/p>\n<\/blockquote>\n<p style=\"text-align: center;\"><span style=\"font-size: 18pt;\"><strong><span style=\"color: #008000;\">*******<\/span><\/strong><\/span><\/p>\n<div id=\"compartirPrincipal\" class=\"col-md-10\">\n<h2 style=\"text-align: center;\" align=\"center\"><span class=\"titulo\"><span style=\"font-size: 24.0pt;\">EL OTRO NUREMBERG<\/span><\/span><\/h2>\n<div class=\"entradilla\">\n<blockquote>\n<p style=\"text-align: center;\"><em><strong><span style=\"font-size: 14pt;\">Paralelamente a los famosos juicios, se celebraron otros menos conocidos: los tres juicios a los empresarios que financiaron el nacionalsocialismo, colaboraron con el r\u00e9gimen y se beneficiaron de \u00e9l.<\/span><\/strong><\/em><\/p>\n<\/blockquote>\n<p style=\"text-align: justify;\"><span style=\"font-size: 14pt;\">Por \u00c1ngel Ferrero<\/span><\/p>\n<p style=\"text-align: justify;\"><span style=\"font-size: 14pt;\"><a href=\"https:\/\/www.elsaltodiario.com\/memoria-historica\/otro-juicio-nuremberg\" target=\"_blank\" rel=\"noopener\">El Saltodiario<\/a>, 20 NOV 2020<\/span><\/p>\n<\/div>\n<div class=\"compartir\">\n<div class=\"link-rs\">\n<div><img loading=\"lazy\" decoding=\"async\" class=\"aligncenter wp-image-2279216 size-mh-magazine-content\" src=\"https:\/\/puntocritico.com\/ausajpuntocritico\/wp-content\/uploads\/2023\/06\/AMP_7385-678x381.jpg\" alt=\"\" width=\"678\" height=\"381\" data-id=\"2279216\" \/><\/div>\n<\/div>\n<\/div>\n<\/div>\n<p style=\"text-align: justify;\">\u00a0<\/p>\n<p style=\"text-align: justify;\"><span style=\"font-size: 14pt;\">Tal d\u00eda como hoy, hace 75 a\u00f1os, comenzaba en la ciudad de N\u00faremberg el proceso judicial en el Tribunal Militar Internacional (TMI) contra 24 dirigentes de la Alemania nazi. Como este viernes se encargar\u00e1n de recordar los principales medios de comunicaci\u00f3n, este juicio contribuy\u00f3 enormemente al desarrollo del derecho internacional, en particular en los campos de los derechos humanos y el derecho militar, en la tipificaci\u00f3n y persecuci\u00f3n de los cr\u00edmenes de guerra y cr\u00edmenes contra la humanidad, y en el concepto de guerra de agresi\u00f3n, considerada \u201cno solo un crimen internacional, sino el crimen internacional supremo, que difiere de todos los dem\u00e1s cr\u00edmenes de guerra en que contiene en s\u00ed el mal acumulado de todos\u201d. El juicio de N\u00faremberg estableci\u00f3 tambi\u00e9n los fundamentos de la Corte Penal Internacional (CPI), una iniciativa de Naciones Unidas \u2013una organizaci\u00f3n surgida asimismo de las cenizas del conflicto\u2013 que se formalizar\u00eda finalmente en 2002. \u201cN\u00faremberg\u201d es hoy sin\u00f3nimo de un macro-proceso judicial contra una \u00e9lite pol\u00edtica que ha cometido graves cr\u00edmenes de guerra y contra la humanidad.<\/span><\/p>\n<p style=\"text-align: justify;\"><span style=\"font-size: 14pt;\">Casi un a\u00f1o despu\u00e9s de que se iniciase el proceso, los d\u00edas 30 de septiembre y 1 de octubre, se le\u00eda la sentencia que condenaba a los acusados de planificar, iniciar y librar guerras de agresi\u00f3n, as\u00ed como de otros cr\u00edmenes contra la paz, de participar en cr\u00edmenes de guerra y en cr\u00edmenes contra la humanidad. Doce de los acusados fueron condenados a pena de muerte, aunque \u00fanicamente se llevaron a cabo diez, ya que que el responsable la Luftwaffe, Hermann G\u00f6ring, se suicid\u00f3 el d\u00eda anterior a su ejecuci\u00f3n, y el secretario privado de Adolf Hitler, Martin Bormann, fue condenado in absentia (los Aliados desconoc\u00edan que Bormann se hab\u00eda suicidado mientras trataba de escapar del Berl\u00edn sitiado por las tropas sovi\u00e9ticas y que su cad\u00e1ver hab\u00eda sido enterrado cerca de la estaci\u00f3n central). A ninguno de los acusados con rango militar durante el conflicto (Wilhelm Keitel, Alfred J\u00f6dl y G\u00f6ring) se les concedi\u00f3 el derecho a ser ejecutados por un pelot\u00f3n de fusilamiento, seg\u00fan la costumbre castrense, sino por la horca, es decir, como criminales. Tras fotografiar a los cad\u00e1veres como prueba de su muerte con el fin de impedir que surgiese la leyenda de que hab\u00edan escapado y segu\u00edan con vida, sus restos fueron incinerados y arrojados al r\u00edo Isar.<\/span><\/p>\n<p style=\"text-align: justify;\"><span style=\"font-size: 14pt;\">El arquitecto Albert Speer, que hab\u00eda ocupado varios cargos oficiales durante el nazismo, y el l\u00edder de las Juventudes Hitlerianas, Baldur von Schirach, fueron condenados a 20 a\u00f1os de prisi\u00f3n, el diplom\u00e1tico Konstantin von Neurath, a 15 a\u00f1os, y el almirante Karl D\u00f6nitz, presidente del llamado \u201cGobierno de Flensburgo\u201d entre el 30 de abril y el 23 de mayo de 1945, a 10 a\u00f1os. Otros tres acusados fueron condenados a cadena perpetua: el comandante de la Marina, Erich Raeder, el \u00faltimo ministro de Econom\u00eda del Tercer Reich, Walther Funk, y la mano derecha de Hitler, Rudolf Hess. Como los dos primeros fueron liberados en 1955 y 1957 respectivamente por motivos de salud, Hess se convirti\u00f3 en el \u00fanico y \u00faltimo recluso de la prisi\u00f3n de Spandau en Berl\u00edn. Durante a\u00f1os, los neonazis intentaron convertir en bander\u00edn de enganche las peticiones de liberaci\u00f3n de Hess, quien se ahorc\u00f3 el 17 de agosto de 1987, a los 93 a\u00f1os, con el cable de una l\u00e1mpara, aprovechando un descuido de los vigilantes. La prisi\u00f3n de Spandau fue demolida poco despu\u00e9s para evitar su uso propagand\u00edstico por parte del movimiento neonazi, que, a pesar de todo, organiz\u00f3 en los a\u00f1os siguientes marchas anuales a la tumba de Hess en Wunsiedel (Baviera), hasta que la parroquia decidi\u00f3 no renovar la concesi\u00f3n de la parcela y, en 2011, y con el consentimiento de la familia, sus restos fueron incinerados y arrojados al mar.<\/span><\/p>\n<p style=\"text-align: justify;\"><span style=\"font-size: 14pt;\">S\u00f3lo tres de los acusados en aquel juicio fueron absueltos, con el voto en contra del juez sovi\u00e9tico, Iona Nik\u00edtchenko: Hans Fritzsche, uno de los principales responsables de la propaganda nazi (posteriormente condenado a ocho a\u00f1os de prisi\u00f3n); Franz von Papen, vicecanciller alem\u00e1n entre enero de 1933 y agosto de 1934; y Hjalmar Schacht, ministro de Econom\u00eda entre agosto de 1934 y noviembre de 1937, y de quien el fiscal estadounidense, Robert H. Jackson, dijo famosamente que \u201csu superioridad [intelectual] respecto a la mediocridad del com\u00fan de los nazis no es su excusa; es su condena\u201d. El industrial Gustav Krupp no pudo ser juzgado por su avanzado estado de edad y su manifiesta senilidad, aunque no se le retiraron los cargos que se le imputaban. Robert Ley, responsable del Frente Alem\u00e1n del Trabajo, tampoco pudo ser juzgado, ya que se suicid\u00f3 en su celda el 24 de octubre de 1945. Ley, uno de los hombres que hab\u00eda disfrutado de un tren de vida por todo lo alto durante el nazismo, termin\u00f3 ahorc\u00e1ndose con una toalla anudada en torno a la ca\u00f1er\u00eda del inodoro.<\/span><\/p>\n<h3 style=\"text-align: center;\"><span style=\"font-size: 18pt;\">Los \u201cjuicios subsiguientes\u201d<\/span><\/h3>\n<p style=\"text-align: justify;\"><span style=\"font-size: 14pt;\">Menos conocidos, sin embargo, son los doce de los llamados \u201cjuicios subsiguientes\u201d, que las autoridades estadounidenses \u2013no el TMI, aunque se celebraron en la misma sala\u2013 llevaron a cabo en N\u00faremberg, en la zona de ocupaci\u00f3n asignada a los Estados Unidos. Entre \u00e9stos se incluyen \u201cel juicio de los doctores\u201d, en el que se proces\u00f3 a 23 m\u00e9dicos que experimentaron con reclusos de los campos de concentraci\u00f3n y facilitaron los programas de exterminio del r\u00e9gimen, o \u201cel juicio de los jueces\u201d, en el que se sent\u00f3 en el banquillo de los acusados a 16 magistrados, fiscales, juristas y abogados que contribuyeron a dise\u00f1ar la arquitectura legal del nazismo y la implementaron. Tambi\u00e9n se juzg\u00f3 al alto mando militar, a 24 oficiales de los Einsatzgruppen (los escuadrones de la muerte de las SS en Europa oriental y la Uni\u00f3n Sovi\u00e9tica) o a 12 generales responsables de la campa\u00f1a en los Balcanes, entre otros. A\u00fan menos conocidos todav\u00eda, y a\u00fan menos recordados por los medios de comunicaci\u00f3n por motivos que se se\u00f1alar\u00e1n m\u00e1s adelante, son los tres juicios a los empresarios que financiaron el nacionalsocialismo, colaboraron con el r\u00e9gimen y se beneficiaron de \u00e9l.\u00a0<\/span><\/p>\n<p>&nbsp;<\/p>\n<blockquote>\n<p style=\"text-align: center;\"><strong><span style=\"color: #008000; font-size: 14pt;\">El primero de esos juicios fue contra el industrial Friedrich Flick y los administradores de sus empresas por la apropiaci\u00f3n de bienes ajenos mediante el proceso de \u201carianizaci\u00f3n\u201d de la econom\u00eda alemana<\/span><\/strong><\/p>\n<\/blockquote>\n<p>&nbsp;<\/p>\n<p style=\"text-align: justify;\"><span style=\"font-size: 14pt;\">El primero de esos tres juicios fue contra el industrial Friedrich Flick y los administradores de sus empresas (19 de abril \u2013 22 de diciembre de 1947) por cr\u00edmenes contra la humanidad y cr\u00edmenes de guerra, entre ellos el saqueo y espolio de los territorios ocupados, tanto en el Este como en el Oeste, la apropiaci\u00f3n de bienes ajenos mediante el proceso de \u201carianizaci\u00f3n\u201d de la econom\u00eda alemana, el uso de trabajo esclavo en las minas y f\u00e1bricas del grupo, y la pertenencia al Partido Nacional-Socialista del Trabajo Alem\u00e1n (NSDAP) y las SS del propio Flick. Este empresario fue uno de los participantes de la reuni\u00f3n secreta con Hitler del 20 de febrero de 1933 en Berl\u00edn, en la que el dinero fluy\u00f3 a las cajas del partido despu\u00e9s de comprometerse el l\u00edder del NSDAP a respetar la propiedad privada a cambio de aplastar a los marxistas. El propio Flick contribuy\u00f3 con una generosa donaci\u00f3n anual de 100.000 marcos. En correspondencia, las empresas de Flick fueron de las mayores beneficiarias del Tercer Reich: de 1933 a 1943 su capital pas\u00f3 de 225 a 953 millones de marcos. No lo hizo, como se ha adelantado, con m\u00e9todos leg\u00edtimos: en 1944 la mitad de los 130.000 empleados del consorcio eran trabajadores esclavos o internos de los campos de concentraci\u00f3n a quienes se encerraba en barracones sin camas, sin proporcionarles apenas comida y brutalmente golpeados por los guardias con regularidad. Se calcula que m\u00e1s de 10.000 de ellos perecieron por las p\u00e9simas condiciones a las que fueron forzados a trabajar.<\/span><\/p>\n<p style=\"text-align: justify;\"><span style=\"font-size: 14pt;\">Flick \u2013quien desde 1944, ante el avance de las tropas aliadas, hab\u00eda ordenado reunir todas las facturas que acreditaban la financiaci\u00f3n de partidos durante la Rep\u00fablica de Weimar para destruirlas y no dejar ninguna prueba\u2013 fue condenado a siete a\u00f1os de prisi\u00f3n, pero a pesar de cumplir \u00edntegramente su condena, su fortuna qued\u00f3 pr\u00e1cticamente intacta. En 1955, por ejemplo, contaba con un centenar de empresas que le reportaban unas ganancias de 88 millones de marcos. Ello le permiti\u00f3 convertirse en el hombre m\u00e1s rico de Alemania occidental, en el mayor accionista de Daimler-Benz y contar asimismo con participaciones en importantes empresas qu\u00edmicas y sider\u00fargicas como Feldm\u00fchle, Dynamit Nobel, Buderus y Krauss-Maffei. Flick recibi\u00f3 adem\u00e1s la Orden del M\u00e9rito de la Rep\u00fablica Federal de Alemania en 1963, y en Kreuztal (Renania del Norte-Westfalia) un instituto llev\u00f3 su nombre hasta 2008. Tambi\u00e9n se le dedicaron estadios en Rosenberg (Baviera) \u2013el nombre no se modific\u00f3 hasta 2012, despu\u00e9s de una agria pol\u00e9mica\u2013 y calles en varios municipios, de las que todav\u00eda sobreviven cuatro: en Maxh\u00fctte-Haidhof y Schwandorf (Baviera), en Teublitz (Alto Palatinado) y en Burbach (Renania del Norte-Westfalia).<\/span><\/p>\n<p>&nbsp;<\/p>\n<p><img loading=\"lazy\" decoding=\"async\" class=\"aligncenter wp-image-2279217 size-mh-magazine-content\" src=\"https:\/\/puntocritico.com\/ausajpuntocritico\/wp-content\/uploads\/2023\/06\/AMP_7407-678x381.jpg\" alt=\"\" width=\"678\" height=\"381\" data-id=\"2279217\" \/><\/p>\n<p>&nbsp;<\/p>\n<h3 style=\"text-align: center;\"><span style=\"font-size: 18pt;\">Del \u2018Zyklon B\u2019 a la Talidomida<\/span><\/h3>\n<p style=\"text-align: justify;\"><span style=\"font-size: 14pt;\">El siguiente \u201cjuicio subsiguiente\u201d concerniente a los financiadores del nazismo fue contra los responsables de IG Farben (14 de agosto \u2013 30 de julio de 1948), a quienes se acus\u00f3 de cr\u00edmenes contra la humanidad y cr\u00edmenes de guerra, entre ellos: colaborar en la planificaci\u00f3n y los preparativos para la agresi\u00f3n militar as\u00ed como su desenvolvimiento, empleo de trabajo esclavo \u2013la compa\u00f1\u00eda contaba con instalaciones adyacentes al campo de concentraci\u00f3n de Auschwitz\u2013 y experimentos humanos, y pertenencia a organizaci\u00f3n criminal. Las pruebas utilizadas en el proceso procedieron de los documentos incautados por la divisi\u00f3n financiera bajo el mando del general Dwight Eisenhower en la sede de la compa\u00f1\u00eda en Frankfurt am Main, en abril de 1945.<\/span><\/p>\n<p style=\"text-align: justify;\"><span style=\"font-size: 14pt;\">Como recoge el protocolo del proceso, IG Farben suministr\u00f3 a la Wehrmacht caucho sint\u00e9tico, gasolina, nitr\u00f3geno, metales ligeros y, a trav\u00e9s de sus filiales, explosivos. Pose\u00eda, adem\u00e1s, un 42\u20195% de las acciones de Degesch, la empresa de pesticidas que fabric\u00f3 el \u2018Zyklon B\u2019. Como es notorio, este insecticida se utiliz\u00f3 para ejecutar a los prisioneros en las c\u00e1maras de gas de los campos de Majdanek, Mauthausen, Dachau, Buchenwald y Auschwitz. El comandante de este \u00faltimo, Rudolf H\u00f6ss, explicar\u00eda en su juicio que autoriz\u00f3 el uso de \u2018Zyklon B\u2019 tras la recomendaci\u00f3n de un subordinado suyo, el Hauptsturmf\u00fchrer Karl Fritzsch, quien lo hab\u00eda empleado antes con prisioneros de guerra sovi\u00e9ticos a finales de agosto de 1941.\u00a0<\/span><\/p>\n<p>&nbsp;<\/p>\n<blockquote>\n<p style=\"text-align: center;\"><span style=\"font-size: 14pt;\"><strong><span style=\"color: #008000;\">El presidente de Testa e inventor del \u2018Zyklon B\u2019, Bruno Emil Tesch, fue juzgado por un tribunal militar brit\u00e1nico en Hamburgo, que fall\u00f3 que Tesch conoc\u00eda el destino del gas<\/span><\/strong><\/span><\/p>\n<\/blockquote>\n<p>&nbsp;<\/p>\n<p style=\"text-align: justify;\"><span style=\"font-size: 14pt;\">El \u2018Zyklon B\u2019 era adquirido a trav\u00e9s de los distribuidores Heli y Tesch &amp; Stabenow (Testa)\u2013que lleg\u00f3 a ofrecer cursos en Riga y Sachsenhausen a los miembros de las SS para instruirlos en su manejo seguro\u2013, y en ocasiones directamente a los fabricantes. Se calcula que s\u00f3lo Auschwitz recibi\u00f3 23\u20198 toneladas de \u2018Zyklon B\u2019, \u00fanicamente seis de las cuales se utilizaron para lo que hab\u00eda sido originalmente pensado: fumigar plantas. El presidente de Testa e inventor del \u2018Zyklon B\u2019, Bruno Emil Tesch, fue juzgado dos a\u00f1os antes por un tribunal militar brit\u00e1nico en Hamburgo (1-8 marzo de 1946), que fall\u00f3 que Tesch conoc\u00eda el destino del gas y, en consecuencia, lo conden\u00f3 a la pena de muerte. Tesch fue ejecutado en la prisi\u00f3n de Hameln el 16 de mayo de 1946 junto con el vicepresidente de Testa, Karl Weinbacher.<\/span><\/p>\n<p style=\"text-align: justify;\"><span style=\"font-size: 14pt;\">No corrieron sin embargo la misma suerte los 23 procesados en el juicio contra IG Farben, la mayor\u00eda de ellos condenados a penas de prisi\u00f3n de uno a ocho a\u00f1os en la c\u00e1rcel de Landsberg (Baviera), que no siempre cumplieron \u00edntegramente. A pesar de haber sido condenados como criminales de guerra, varios se reintegraron en la vida econ\u00f3mica de la Rep\u00fablica Federal Alemana (RFA) como miembros de los consejos de administraci\u00f3n de empresas qu\u00edmicas y farmac\u00e9uticas. Uno de ellos, el qu\u00edmico Otto Ambrose, lleg\u00f3 incluso a ser asesor del canciller Konrad Adenauer y trabaj\u00f3 para la farmac\u00e9utica Gr\u00fcnenthal, en la que particip\u00f3 en el desarrollo de la Talidomida (comercializada en Alemania occidental como Contergan), un medicamento que se publicitaba como remedio contra la ansiedad y la n\u00e1usea durante el embarazo y que provoc\u00f3 10.000 nacimientos con malformaciones y miles de abortos no deseados. Otro de los condenados, Heinrich B\u00fctefisch, recibi\u00f3 la Orden del M\u00e9rito de la Rep\u00fablica Federal de Alemania en marzo de 1964 por su trabajo en la junta directiva de Ruhrchemie AG, pero cuando se hizo p\u00fablico su pasado nacionalsocialista se le retir\u00f3 el galard\u00f3n.\u00a0<\/span><\/p>\n<p>&nbsp;<\/p>\n<blockquote>\n<p style=\"text-align: center;\"><span style=\"font-size: 14pt;\"><strong><span style=\"color: #008000;\">\u201cCurtido como el cuero y duro como el acero de Krupp\u201d<\/span><\/strong><\/span><\/p>\n<\/blockquote>\n<p>&nbsp;<\/p>\n<p style=\"text-align: justify;\"><span style=\"font-size: 14pt;\">Pocos apellidos alemanes sean posiblemente tan conocidos como el de Krupp, cuya historia como proveedor de armas se remonta a la Guerra de los Treinta A\u00f1os (1618-1648), en la que suministr\u00f3 a todos los bandos combatientes. Las empresas Krupp fueron el objeto del tercero de los \u201cjuicios subsiguientes\u201d (8 de diciembre de 1947 \u2013 31 de julio de 1948) relacionados con el capital que financi\u00f3 al nazismo. Como se encarg\u00f3 de recordar el fiscal Robert H. Jackson en su acusaci\u00f3n, \u201ccuatro generaciones de la familia Krupp han pose\u00eddo y operado las grandes factor\u00edas de armamento y municiones que han sido la principal fuente de suministros de guerra de Alemania. Durante m\u00e1s de 130 a\u00f1os, esta familia ha sido el foco, el s\u00edmbolo y el beneficiario de las fuerzas m\u00e1s siniestras implicadas en la amenaza a la paz en Europa\u201d. La participaci\u00f3n de la empresa en el r\u00e9gimen nazi era innegable: Krupp suministr\u00f3 generosamente a la Wehrmacht desde tanques hasta cruceros y submarinos pasando por ca\u00f1ones de artiller\u00eda y munici\u00f3n. El aprecio por los nazis hacia su patrocinador era tal que en un discurso a las Juventudes Hitlerianas Hitler lleg\u00f3 a afirmar que \u201cel joven alem\u00e1n del futuro debe ser delgado y \u00e1gil, veloz como un lebrel, curtido como el cuero y duro como el acero de Krupp.\u201d\u00a0<\/span><\/p>\n<p>&nbsp;<\/p>\n<blockquote>\n<p style=\"text-align: center;\"><strong><span style=\"font-size: 14pt; color: #008000;\">Krupp suministr\u00f3 generosamente a la Wehrmacht desde tanques hasta cruceros y submarinos pasando por ca\u00f1ones de artiller\u00eda y munici\u00f3n<\/span><\/strong><\/p>\n<\/blockquote>\n<p style=\"text-align: justify;\">\u00a0<\/p>\n<p style=\"text-align: justify;\"><span style=\"font-size: 14pt;\">El material de guerra de Krupp era fabricado por 100.000 trabajadores esclavos, entre ellos m\u00e1s de 23.000 prisioneros de guerra \u2013principalmente en su factor\u00eda en Essen (Renania del Norte-Westfalia)\u2013 y 4.978 internos de los campos de concentraci\u00f3n de Auschwitz y en Wroclaw (en alem\u00e1n: Breslau), invariablemente en condiciones inhumanas: largas jornadas de trabajo, alojamiento inadecuado y expuesto a los bombardeos (en violaci\u00f3n del Tratado de La Haya), malnutrici\u00f3n, falta de asistencia m\u00e9dica y brutalidad por parte de los guardias. En su declaraci\u00f3n ante el tribunal, el Dr. Wilhelm J\u00e4ger, uno de los m\u00e9dicos de la empresa que fue enviado a supervisar las condiciones de los campos, relat\u00f3 en su testimonio que \u201clas condiciones sanitarias eran atroces: en Kr\u00e4merplatz [donde trabajaban 2.000 prisioneros de guerra sovi\u00e9ticos y franceses] solo hab\u00eda 10 cuartos de ba\u00f1o de ni\u00f1os para 1.200 reclusos\u2026 Los excrementos cubr\u00edan el suelo de estos ba\u00f1os por completo. Los t\u00e1rtaros y kirguises eran los que m\u00e1s sufr\u00edan: ca\u00edan como moscas [a causa del] alojamiento, la mala calidad de la insuficiente comida, el exceso de trabajo y la falta de descanso\u2026 Miles de moscas, insectos y otros par\u00e1sitos torturaban a los internos de estos campos\u201d. En N\u00f6ggerathstrasse se lleg\u00f3 a hacer dormir a los prisioneros de guerra franceses durante seis meses \u201cen jaulas para perros\u201d: cinco reclusos dorm\u00edan en cada jaula, \u201cen la que ten\u00edan que entrar a cuatro patas\u201d. Los hijos de las trabajadoras forzadas secuestradas en Europa del Este se alojaban en barracones para ni\u00f1os en condiciones no muy diferentes a las descritas y muchos de ellos murieron por la mala alimentaci\u00f3n y falta de asistencia m\u00e9dica. El presidente, Alfried Krupp, respondi\u00f3 a todos los informes de J\u00e4ger con indiferencia.<\/span><\/p>\n<p style=\"text-align: justify;\"><span style=\"font-size: 14pt;\">Por todo ello, doce directivos de Krupp, incluyendo a su presidente desde 1943, Alfried Krupp von Bohlen y Halbach, fueron sentados en el banquillo de los acusados por cr\u00edmenes contra la humanidad y cr\u00edmenes de guerra. S\u00f3lo uno de los acusados, Karl Heinrich Pfirsch, responsable de ventas de la empresa, fue absuelto: el resto fueron condenados a penas de prisi\u00f3n de entre tres y doce a\u00f1os de prisi\u00f3n, y a Alfried Krupp se le impuso adem\u00e1s la venta de sus posesiones. Como en los casos de Flick e IG Farben, el tribunal rechaz\u00f3 los argumentos de la defensa de que los acusados no hicieron m\u00e1s que \u201ccumplir \u00f3rdenes\u201d y de que actuaron por \u201cnecesidad\u201d, asegurando que se hab\u00edan visto obligados a alcanzar las cuotas de producci\u00f3n impuestas por el gobierno alem\u00e1n y que, para conseguirlo, era necesario hacer uso de la fuerza de trabajo proporcionada por el Estado porque no hab\u00eda otra disponible, y que, de haberla rechazado, ello hubiera acarreado consecuencias para los empresarios y sus administradores. De igual modo, se desestim\u00f3 el argumento de la defensa de que el tribunal estaba aplicando una \u201cjusticia de vencedores\u201d, as\u00ed como que las leyes que se les acusaba infringir no estaban vigentes en el lugar y el momento de las acciones realizadas (nullum crimen, nulla poena sine praevia lege).\u00a0<\/span><\/p>\n<p>&nbsp;<\/p>\n<blockquote>\n<p style=\"text-align: center;\"><span style=\"font-size: 14pt;\"><strong><span style=\"color: #008000;\">El alto comisario de EE UU para la RFA, convencido de la necesidad de restaurar la capacidad industrial de Alemania occidental frente a una emergente URSS, decidi\u00f3 reducir las penas de la mayor\u00eda de los acusados<\/span><\/strong><\/span><\/p>\n<\/blockquote>\n<p>&nbsp;<\/p>\n<p style=\"text-align: justify;\"><span style=\"font-size: 14pt;\">Sin embargo, el alto comisario de EE UU para la RFA, John J. McCloy, convencido de la necesidad de restaurar la capacidad industrial de Alemania occidental frente a una emergente URSS, decidi\u00f3 entre 1951 y 1952 reducir las penas de la mayor\u00eda de los acusados. El propio Alfried Krupp fue amnistiado el 31 de enero de 1951 y se le restituyeron sus propiedades en la RFA, que en la zona de ocupaci\u00f3n sovi\u00e9tica (a partir de 1949 la Rep\u00fablica Democr\u00e1tica Alemana) hab\u00edan sido ya expropiadas. El terreno para la amnist\u00eda lo hab\u00edan preparado antes las c\u00e1maras de comercio, las organizaciones empresariales y los medios de comunicaci\u00f3n conservadores, que hab\u00edan puesto en marcha una intensa campa\u00f1a de relaciones p\u00fablicas para relativizar las acciones de Krupp durante el nazismo. Cabe decir que lograron su cometido con creces, ya que Krupp se convirti\u00f3 como es sabido en una de las empresas m\u00e1s importantes de posguerra. En 1999 se fusion\u00f3 con Thyssen AG, cuyo presidente en el per\u00edodo de entreguerras, Fritz Thyssen, tambi\u00e9n financi\u00f3 generosamente al nacionalsocialismo hasta 1933, cuando su relaci\u00f3n con el r\u00e9gimen comenz\u00f3 a deteriorarse. Thyssen, que abandon\u00f3 Alemania en 1939 y en 1940 publicar\u00eda en Francia una biograf\u00eda titulada\u00a0<i>Yo financi\u00e9 la ascensi\u00f3n de Hitler<\/i>, llegar\u00eda a ser internado tras su detenci\u00f3n en el r\u00e9gimen de Vichy y extradici\u00f3n a Alemania en varios campos de concentraci\u00f3n, aunque siempre recibi\u00f3 un trato de favor por su condici\u00f3n social.<\/span><\/p>\n<p>&nbsp;<\/p>\n<h3 style=\"text-align: center;\"><span style=\"font-size: 18pt;\">\u201cLo hicieron voluntariamente\u201d<\/span><\/h3>\n<blockquote>\n<p style=\"text-align: justify;\"><span style=\"color: #008000;\"><strong><span style=\"font-size: 14pt;\">En el juicio contra IG Farben, el fiscal present\u00f3 como prueba n\u00fam. 58 el siguiente fragmento del interrogatorio a G\u00f6ring:<\/span><\/strong><\/span><\/p>\n<p style=\"padding-left: 40px; text-align: justify;\"><span style=\"color: #008000;\"><strong><span style=\"font-size: 14pt;\">P. \u00bfHabr\u00eda contemplado Alemania su vasto programa de agresi\u00f3n si no hubiesen contado con el pleno apoyo de los industrialistas durante todo el tiempo?<\/span><\/strong><\/span><\/p>\n<p style=\"padding-left: 40px; text-align: justify;\"><span style=\"color: #008000;\"><strong><span style=\"font-size: 14pt;\">R. Los industrialistas son alemanes. Ten\u00edan que apoyar a su pa\u00eds.<\/span><\/strong><\/span><\/p>\n<p style=\"padding-left: 40px; text-align: justify;\"><span style=\"color: #008000;\"><strong><span style=\"font-size: 14pt;\">P. \u00bfLes forzaron a hacerlo o lo hicieron voluntariamente?<\/span><\/strong><\/span><\/p>\n<p style=\"padding-left: 40px; text-align: justify;\"><span style=\"color: #008000;\"><strong><span style=\"font-size: 14pt;\">R. Lo hicieron voluntariamente, pero de haberse negado, el Estado habr\u00eda dado un paso al frente.<\/span><\/strong><\/span><\/p>\n<p style=\"padding-left: 40px; text-align: justify;\"><span style=\"color: #008000;\"><strong><span style=\"font-size: 14pt;\">P. \u00bfPiensa que el Estado habr\u00eda sido lo suficientemente fuerte para forzar a la gran industria a ir a la guerra si \u00e9sta no quer\u00eda la guerra?<\/span><\/strong><\/span><\/p>\n<p style=\"padding-left: 40px; text-align: justify;\"><span style=\"color: #008000;\"><strong><span style=\"font-size: 14pt;\">R. Cuando lleg\u00f3 el momento de ir a la guerra, todas las industrias nos siguieron sin problemas de conciencia.<\/span><\/strong><\/span><\/p>\n<\/blockquote>\n<p>&nbsp;<\/p>\n<p style=\"text-align: justify;\"><span style=\"font-size: 14pt;\">Lo cierto es que tampoco tuvieron problemas de conciencia antes de la guerra: sin las donaciones de los industriales \u2014a quien Hitler hab\u00eda cortejado abiertamente desde 1926-1927 presentando a su partido como dique de contenci\u00f3n del bolchevismo\u2014, el NSDAP no hubiera podido desembolsar por ejemplo los 805.864 marcos que cost\u00f3 la compra y renovaci\u00f3n del Palacio Barlow de M\u00fanich, donde el partido estableci\u00f3 su sede. Despu\u00e9s de la ya mencionada reuni\u00f3n secreta del 20 de febrero de 1933, los \u201ccapitanes de industria\u201d donaron tres millones de marcos\u00a0 \u2014m\u00e1s de dos millones de los cuales se ingresaron en un fondo fiduciaro ad hoc creado por Schacht\u2014 para financiar a la ultraderecha. Los porcentajes son significativos: el 25% se destin\u00f3 al Frente Negro-Blanco-Rojo, la coalici\u00f3n liderada por Franz von Papen, y el 75% restante al NSDAP. Seg\u00fan Martin Blank, uno de los testimonios de aquella reuni\u00f3n, aquel mismo d\u00eda los representantes de la industria siderometal\u00fargica se comprometieron a donar un mill\u00f3n de marcos, mientras que el fabricante de maquinaria Wolfgang Reuter prometi\u00f3 entregar 100.000 marcos, la misma suma que dio Siemens. En el fondo de Schacht aparecen Osram, que don\u00f3 40.000 marcos (27 de febrero), Telefunken, con unos 35.000 (27 de febrero), IG Farben, con unos 400.000 marcos (28 de febrero), o AEG, con 60.000 (3 de marzo), por se\u00f1alar s\u00f3lo las compa\u00f1\u00edas m\u00e1s conocidas de la lista, en la que tambi\u00e9n figuraban empresas mineras y de fabricaci\u00f3n de maquinaria.<\/span><\/p>\n<p style=\"text-align: justify;\"><span style=\"font-size: 14pt;\">No s\u00f3lo fue la industria: el acuerdo entre Papen y Hitler para hacerse con la canciller\u00eda se fragu\u00f3 en la casa de un banquero, Kurt Freiherr von Schr\u00f6der, en Colonia, con la mediaci\u00f3n una vez m\u00e1s de Schacht. En su declaraci\u00f3n en el juicio de N\u00faremberg, Schr\u00f6der narr\u00f3 c\u00f3mo \u201cantes de dar este paso, conmigo hablaron una serie caballeros de la econom\u00eda y me inform\u00e9 en general de c\u00f3mo la econom\u00eda quer\u00eda establecer una cooperaci\u00f3n entre ambos.\u201d \u201cLos mayor\u00eda de los esfuerzos de los hombres de la econom\u00eda se dirig\u00edan\u201d, continuaba Schr\u00f6der en su declaraci\u00f3n, \u201ca ver la llegada al poder de un l\u00edder fuerte en Alemania que construyese un gobierno que permaneciese en el poder por un largo per\u00edodo tiempo\u201d. Cuando \u201cel NSDAP sufri\u00f3 el 6 de noviembre su primer rev\u00e9s en las urnas y alcanz\u00f3 con \u00e9l su techo electoral, el apoyo de la econom\u00eda alemana se hizo especialmente apremiante\u201d. De acuerdo con el testimonio de Schr\u00f6der, \u201cexist\u00eda un inter\u00e9s com\u00fan en la econom\u00eda en el miedo del bolchevismo y la esperanza de que los nacionalsocialistas, una vez en el poder, estableciesen una pol\u00edtica consistente y s\u00f3lidos fundamentos econ\u00f3micos en Alemania\u201d.<\/span><\/p>\n<p style=\"text-align: justify;\"><span style=\"font-size: 14pt;\">Quiz\u00e1 la mayor\u00eda de industriales y banqueros viese a los nazis como parte de la constelaci\u00f3n de fuerzas conservadoras que hab\u00edan de impedir el ascenso del movimiento obrero organizado que supon\u00edan tanto el Partido Socialdem\u00f3crata de Alemania (SPD) como el Partido Comunista de Alemania (KPD) y sus sindicatos. Carl von Ossietzky escribi\u00f3 en Die Weltb\u00fchne c\u00f3mo el magnate de los medios de comunicaci\u00f3n Alfred Hugenberg no quer\u00eda \u201cdejar libre a su golem, Hitler.\u201d \u201cCuando ya no lo necesite m\u00e1s\u201d, cre\u00eda Ossietzky, \u201cle cortar\u00e1 el grifo de la financiaci\u00f3n y el movimiento nacionalsocialista desaparecer\u00e1 tan misteriosamente como estos \u00faltimos dos a\u00f1os misteriosamente ha crecido\u201d. A\u00f1os despu\u00e9s el dramaturgo Heiner M\u00fcller comparar\u00eda a los nazis con un perro rabioso atado a una correa que finalmente se afloj\u00f3 demasiado. Sea como fuere, como escribe Antoni Dom\u00e8nech en El eclipse de la fraternidad (Cr\u00edtica, 2004), \u201clo que el propio [fiscal estadounidense] Telford Taylor llam\u00f3 \u2018guerra civil fr\u00eda\u2019 desencadenada en EE UU contra los \u2018comunistas rooseveltianos\u2019 contribuy\u00f3 decisivamente a que las condenas judiciales a la oligarqu\u00eda industrial y financiera alemana quedaran en nada\u201d, entre otras razones, \u201cgracias a la enorme presi\u00f3n de la derecha empresarial y pol\u00edtica norteamericana que consider\u00f3 \u2013no sin un punto de raz\u00f3n\u2013 que procesar a los Flick, a los Krupp y compa\u00f1\u00eda era tanto, seg\u00fan expres\u00f3 en su d\u00eda el luego tristemente c\u00e9lebre senador McCarthy, \u2018como procesar a los Ford y a los Rockefeller\u2019\u201d.\u00a0<\/span><\/p>\n<p>&nbsp;<\/p>\n<blockquote>\n<p style=\"text-align: center;\"><span style=\"font-size: 14pt;\"><strong><span style=\"color: #008000;\">El capital sin el que el nazismo no hubiera sido posible fue restituido en su lugar, considerado como un \u2018mal necesario\u2019 para hacer de Alemania occidental un muro de contenci\u00f3n contra la expansi\u00f3n del comunismo sovi\u00e9tico<\/span><\/strong><\/span><\/p>\n<\/blockquote>\n<p style=\"text-align: justify;\">\u00a0<\/p>\n<p style=\"text-align: justify;\"><span style=\"font-size: 14pt;\">No se produjo una ca\u00edda de los dioses: el capital sin el que el nazismo no hubiera sido posible fue restituido en su lugar, considerado como un \u2018mal necesario\u2019 para hacer de Alemania occidental un muro de contenci\u00f3n contra la expansi\u00f3n del comunismo sovi\u00e9tico, a pesar de que ello supon\u00eda una violaci\u00f3n del apartado B.12 del Acuerdo de Potsdam de 1945, seg\u00fan el cual \u201cen el plazo m\u00e1s breve posible la vida econ\u00f3mica alemana ha de descentralizarse con el objetivo de destruir la desproporcionada concentraci\u00f3n existente del poder econ\u00f3mico, representada especialmente por los carteles, corporaciones, trusts y otras asociaciones monopolistas\u201d.<\/span><\/p>\n<p style=\"text-align: justify;\"><span style=\"font-size: 14pt;\">La URSS defendi\u00f3 en todo momento el establecimiento de un castigo ejemplar e inequ\u00edvoco a los criminales de guerra nazis: sobre ellos ten\u00eda que caer todo el peso de la ley, sin concesiones. Esta manera de proceder ten\u00eda como fin impedir que su memoria pudiese ser rehabilitada y asestar a un mismo tiempo un golpe definitivo al capital que hab\u00eda posibilitado el peor conflicto de la historia de la humanidad. Buena parte del resto de los Aliados, en cambio, tem\u00eda que el juicio a los notables de la vida econ\u00f3mica alemana se convirtiese en una poderosa herramienta propagand\u00edstica para los sovi\u00e9ticos. Como seguramente se refleje en los medios de comunicaci\u00f3n estos d\u00edas, hubo un N\u00faremberg que ha llegado a ser muy conocido por el p\u00fablico y otro que no, y que, adem\u00e1s, qued\u00f3 incompleto.<\/span><\/p>\n<p>&nbsp;<\/p>\n<p><img loading=\"lazy\" decoding=\"async\" class=\"aligncenter wp-image-2262007\" src=\"https:\/\/puntocritico.com\/ausajpuntocritico\/wp-content\/uploads\/2022\/11\/Nazis-en-USA-PPAL-678x381.jpg\" alt=\"\" width=\"480\" height=\"319\" data-id=\"2262007\" srcset=\"https:\/\/puntocritico.com\/ausajpuntocritico\/wp-content\/uploads\/2022\/11\/Nazis-en-USA-PPAL-300x199.jpg 300w, https:\/\/puntocritico.com\/ausajpuntocritico\/wp-content\/uploads\/2022\/11\/Nazis-en-USA-PPAL-610x405.jpg 610w, https:\/\/puntocritico.com\/ausajpuntocritico\/wp-content\/uploads\/2022\/11\/Nazis-en-USA-PPAL-678x452.jpg 678w, https:\/\/puntocritico.com\/ausajpuntocritico\/wp-content\/uploads\/2022\/11\/Nazis-en-USA-PPAL.jpg 680w\" sizes=\"auto, (max-width: 480px) 100vw, 480px\" \/><\/p>\n<p style=\"text-align: center;\"><span style=\"font-size: 18pt;\"><strong><span style=\"color: #008000;\">*******<\/span><\/strong><\/span><\/p>\n<h2 class=\"black-text-shadow text-align-center pb-35px mx-auto\" style=\"text-align: center;\"><span style=\"font-size: 24pt;\">TRABAJOS FORZADOS<\/span><\/h2>\n<p style=\"text-align: justify;\"><a href=\"https:\/\/encyclopedia.ushmm.org\/content\/es\/article\/forced-labor\" target=\"_blank\" rel=\"noopener\"><span style=\"font-size: 14pt;\">Enciclopedia del Holocausto<\/span><\/a><\/p>\n<div id=\"compartirPrincipal\" class=\"col-md-10\">\n<div class=\"compartir\">\n<div class=\"link-rs\">\n<div>\n<figure id=\"attachment_2279223\" aria-describedby=\"caption-attachment-2279223\" style=\"width: 640px\" class=\"wp-caption aligncenter\"><a href=\"https:\/\/encyclopedia.ushmm.org\/content\/es\/map\/major-nazi-camps-in-greater-germany-1944?parent=es%2F11260\" target=\"_blank\" rel=\"noopener\" data-schema-attribute=\"\"><img loading=\"lazy\" decoding=\"async\" class=\"wp-image-2279223 size-full\" src=\"https:\/\/puntocritico.com\/ausajpuntocritico\/wp-content\/uploads\/2023\/06\/Forced-works-1.gif\" alt=\"\" width=\"640\" height=\"420\" data-id=\"2279223\" \/><\/a><figcaption id=\"caption-attachment-2279223\" class=\"wp-caption-text\"><span style=\"color: #008000;\"><strong>Principales campos Nazis de la Gran Alemania (1.944)<\/strong>. El sistema de los campos nazis se ampli\u00f3 r\u00e1pidamente despu\u00e9s del comienzo de la Segunda Guerra Mundial en septiembre de 1939, dado que los trabajos forzados se volvieron importantes en la producci\u00f3n para la guerra. La escasez de mano de obra en la econom\u00eda de guerra alemana se torn\u00f3 cr\u00edtica despu\u00e9s de la derrota de Alemania en la batalla de Estalingrado en 1942-1943. Como consecuencia, aument\u00f3 el uso de los prisioneros de los campos de concentraci\u00f3n para realizar trabajos forzados en las industrias alemanas de armas. Especialmente en 1943 y 1944, se establecieron cientos de subcampos en plantas industriales o cerca de ellas. Los subcampos sol\u00edan ser por lo general campos m\u00e1s peque\u00f1os, administrados por los campos principales que les enviaban la cantidad de prisioneros requerida. Los campos como Auschwitz en Polonia, Buchenwald en la parte central de Alemania, Gross-Rosen en el este de Alemania, Natzweiler-Struthof en el este de Francia, Ravensbrueck cerca de Berl\u00edn, y Stutthof cerca de Danzig sobre la costa del B\u00e1ltico se convirtieron en los centros administrativos de enormes redes de campos secundarios de trabajos forzados.<\/span><\/figcaption><\/figure>\n<\/div>\n<\/div>\n<\/div>\n<\/div>\n<p>&nbsp;<\/p>\n<p style=\"text-align: justify;\"><span style=\"font-size: 14pt;\">En las zonas ocupadas por los alemanes, los nazis individualizaban a los trabajadores jud\u00edos y los trataban cruelmente. Tambi\u00e9n los somet\u00edan a un trato humillante, como cuando los hombres de las SS obligaban a los jud\u00edos religiosos a someterse a que les cortaran las barbas. Los ghettos funcionaban como bases para la utilizaci\u00f3n de los trabajadores jud\u00edos, al igual que los campos de trabajos forzados para jud\u00edos que hab\u00eda en la Polonia ocupada. En el ghetto de Lodz, por ejemplo, los nazis abrieron 96\u00a0f\u00e1bricas. La capacidad para el trabajo pod\u00eda salvarle la vida a una persona pero, generalmente, solo de manera temporal. Aquellos jud\u00edos a quienes los nazis consideraban improductivos sol\u00edan ser los primeros en ser fusilados o deportados. Los trabajadores jud\u00edos, incluso los que hac\u00edan trabajos forzados, no se consideraban imprescindibles. El exterminio de los jud\u00edos se convirti\u00f3 en la prioridad exclusiva de los nazis.<\/span><\/p>\n<p style=\"text-align: justify;\"><span style=\"font-size: 14pt;\">Los nazis explotaban los trabajos forzados de los \u00abenemigos del estado\u00bb para obtener ganancias econ\u00f3micas. La escasez de mano de obra en la econom\u00eda de guerra alemana se torn\u00f3 cr\u00edtica en especial despu\u00e9s de la derrota de Alemania en la batalla de Stalingrado en 1942-1943. Como consecuencia, aument\u00f3 el uso de los prisioneros para realizar trabajos forzados en las industrias alemanas. Especialmente en 1943 y 1944, se crearon cientos de campos en plantas industriales o cerca de ellas.<\/span><\/p>\n<p style=\"text-align: justify;\"><span style=\"font-size: 14pt;\">Campos como el de Auschwitz en Polonia y el de Buchenwald en el centro de Alemania se convirtieron en los centros administrativos de enormes redes de campos de trabajos forzados. Adem\u00e1s de las empresas que eran propiedad de las SS (por ejemplo, la F\u00e1brica de Armamento Alem\u00e1n), firmas privadas alemanas, como Messerschmidt, Junkers, Siemens, e I. G. Farben, contaban cada vez m\u00e1s con las personas que realizaban trabajos forzados a fin de acelerar la producci\u00f3n para la guerra. Uno de los m\u00e1s infames entre estos campos fue Auschwitz III, o Monowitz, que proporcionaba prisioneros para realizar trabajos forzados a una planta de goma sint\u00e9tica propiedad de I. G. Farben. Los prisioneros de todos los campos de concentraci\u00f3n eran literalmente obligados a trabajar hasta morir.<\/span><\/p>\n<p>&nbsp;<\/p>\n<blockquote>\n<h3 id=\"fechas-claves-0\" style=\"text-align: center;\"><strong><span style=\"font-size: 18pt;\">Fechas Claves<\/span><\/strong><\/h3>\n<h4 style=\"text-align: center;\"><span style=\"font-size: 14pt;\"><strong>26 de octubre de 1939: se instituye trabajos forzados para los jud\u00edos de Polonia<\/strong><\/span><\/h4>\n<p style=\"text-align: justify;\"><span style=\"font-size: 14pt;\">Apenas las fuerzas alemanas ocupan Polonia en septiembre de 1939, los jud\u00edos son tomados para realizar trabajos forzados a fin de limpiar los destrozos de la guerra y reparar las rutas. Esta pr\u00e1ctica se formaliza en octubre, cuando los alemanes instituyen trabajos forzados para los hombres jud\u00edos de 14 a 60 a\u00f1os de edad en la Polonia ocupada. M\u00e1s tarde, las mujeres jud\u00edas y los ni\u00f1os jud\u00edos de 12 a 14 a\u00f1os tambi\u00e9n son obligados a realizar trabajos forzados. En toda la Polonia ocupada hay campos de trabajos forzados para jud\u00edos y los jud\u00edos de los ghettos tienen la obligaci\u00f3n de presentarse ante las autoridades de ocupaci\u00f3n alemanas para trabajar. Los jud\u00edos generalmente trabajan entre 10 y 12 horas por d\u00eda en condiciones extremas y reciben poco o ning\u00fan pago.<\/span><\/p>\n<h4 style=\"text-align: center;\" align=\"center\"><strong><span style=\"font-size: 14pt;\">21 de mayo de 1942: abre la planta de I.G. FARBEN cerca de Auschwitz<\/span><\/strong><\/h4>\n<p style=\"text-align: justify;\"><span style=\"font-size: 14pt;\">La planta de goma sint\u00e9tica y petr\u00f3leo de I.G. Farben abre en <strong>Monowice<\/strong>, cerca de Auschwitz, y usa jud\u00edos prisioneros del campo para realizar trabajos forzados. El conglomerado alem\u00e1n I.G. Farben puso una f\u00e1brica all\u00ed para aprovechar la mano de obra barata del campo de concentraci\u00f3n y la cercan\u00eda de los yacimientos carbon\u00edferos de Silesia. Invirti\u00f3 m\u00e1s de 700 millones de reichsmarks (cerca de 1,4 millones de d\u00f3lares estadounidenses de 1942). Auschwitz III, tambi\u00e9n llamado Buna o Monowitz, se encuentra cerca para proporcionarle obreros que realizaran trabajos forzados para la planta. La expectativa de vida de los trabajadores de la gigante planta era sumamente baja. En 1945, unas 25.000 personas que realizaban trabajos forzados hab\u00edan muerto en la planta de Monowitz.<\/span><\/p>\n<h4 style=\"text-align: center;\" align=\"center\"><strong><span style=\"font-size: 14pt;\">11 de julio de 1942: los jud\u00edos de Sal\u00f3nica, Grecia, son obligados a realizar trabajos forzados<\/span><\/strong><\/h4>\n<p style=\"text-align: justify;\"><span style=\"font-size: 14pt;\">Los alemanes exigen que todos los hombres jud\u00edos de 18 a 45 a\u00f1os que viven en Sal\u00f3nica se presenten en la Plaza de la Libertad, donde se les asignar\u00e1 trabajos forzados. Se presentan 9.000 hombres jud\u00edos. A unos 2.000 se les asignan proyectos de trabajos forzados para el ej\u00e9rcito alem\u00e1n. El resto queda detenido hasta que las comunidades jud\u00edas de Sal\u00f3nica y Atenas les paguen un enorme rescate a las autoridades de ocupaci\u00f3n alemanas por su liberaci\u00f3n. Como parte del pago, el cementerio jud\u00edo de Sal\u00f3nica pasa a ser propiedad de la ciudad. Las autoridades de la ciudad lo desmantelan y usan las piedras del cementerio para la construcci\u00f3n de una universidad en el lugar.<\/span><\/p>\n<\/blockquote>\n<p>&nbsp;<\/p>\n<figure id=\"attachment_2279778\" aria-describedby=\"caption-attachment-2279778\" style=\"width: 480px\" class=\"wp-caption aligncenter\"><img loading=\"lazy\" decoding=\"async\" class=\"wp-image-2279778\" src=\"https:\/\/puntocritico.com\/ausajpuntocritico\/wp-content\/uploads\/2023\/06\/IG-FARBEN-EN-AUSCHWITZ-300x212.jpg\" alt=\"\" width=\"480\" height=\"339\" data-id=\"2279778\" srcset=\"https:\/\/puntocritico.com\/ausajpuntocritico\/wp-content\/uploads\/2023\/06\/IG-FARBEN-EN-AUSCHWITZ-300x212.jpg 300w, https:\/\/puntocritico.com\/ausajpuntocritico\/wp-content\/uploads\/2023\/06\/IG-FARBEN-EN-AUSCHWITZ-768x543.jpg 768w, https:\/\/puntocritico.com\/ausajpuntocritico\/wp-content\/uploads\/2023\/06\/IG-FARBEN-EN-AUSCHWITZ.jpg 808w\" sizes=\"auto, (max-width: 480px) 100vw, 480px\" \/><figcaption id=\"caption-attachment-2279778\" class=\"wp-caption-text\"><span style=\"color: #008000;\">IG Farben fue un conglomerado qu\u00edmico industrial, resultado de la uni\u00f3n en 1925 de las compa\u00f1\u00edas Bayer, Agfa y BASF. IG Farben fue una de las primeras compa\u00f1\u00edas en esclavizar a prisioneros de campos de concentraci\u00f3n, sobre todo en Auschwitz.<\/span><\/figcaption><\/figure>\n<p>&nbsp;<\/p>\n<blockquote>\n<p style=\"text-align: justify;\"><strong style=\"color: #008000; font-size: 14pt; text-align: right;\">Durante la Guerra Civil Espa\u00f1ola<\/strong><span style=\"color: #008000; font-size: 14pt; text-align: right;\">,\u00a0<\/span><strong style=\"color: #008000; font-size: 14pt; text-align: right;\">IG-Farben don\u00f3 en varias ocasiones cantidades de 100.000 pesetas a los golpistas.<\/strong><span style=\"color: #008000; font-size: 14pt; text-align: right;\">\u00a0Junto con Siemens y otras empresas alemanas, el grupo apoy\u00f3 a la Legi\u00f3n C\u00f3ndor equipando a sus combatientes. Por si fuera poco, al parecer\u00a0<\/span><strong style=\"color: #008000; font-size: 14pt; text-align: right;\">IG-Farben produjo las bombas incendiarias con las que la Legi\u00f3n C\u00f3ndor arras\u00f3 Guernica y otras ciudades vascas<\/strong><span style=\"color: #008000; font-size: 14pt; text-align: right;\">\u00a0(Schmelzer, 1966: 25).<\/span><\/p>\n<\/blockquote>\n<p>&nbsp;<\/p>\n<p><img loading=\"lazy\" decoding=\"async\" class=\"aligncenter wp-image-2279789\" src=\"https:\/\/puntocritico.com\/ausajpuntocritico\/wp-content\/uploads\/2023\/06\/IG-Farben-profited-off-the-Holocaust-770x513-1-300x200.webp\" alt=\"\" width=\"440\" height=\"293\" data-id=\"2279789\" srcset=\"https:\/\/puntocritico.com\/ausajpuntocritico\/wp-content\/uploads\/2023\/06\/IG-Farben-profited-off-the-Holocaust-770x513-1-300x200.webp 300w, https:\/\/puntocritico.com\/ausajpuntocritico\/wp-content\/uploads\/2023\/06\/IG-Farben-profited-off-the-Holocaust-770x513-1-768x512.webp 768w, https:\/\/puntocritico.com\/ausajpuntocritico\/wp-content\/uploads\/2023\/06\/IG-Farben-profited-off-the-Holocaust-770x513-1.webp 770w\" sizes=\"auto, (max-width: 440px) 100vw, 440px\" \/><\/p>\n<p style=\"text-align: center;\"><span style=\"font-size: 18pt;\"><strong><span style=\"color: #008000;\">*******<\/span><\/strong><\/span><\/p>\n<div>\n<header class=\"a_e a_e--nm _g _g-xs\">\n<div class=\"a_e_txt _df\">\n<h2 style=\"text-align: center;\" align=\"center\"><span style=\"font-size: 24.0pt; line-height: 107%;\">UNA HERENCIA MALDITA PERSIGUE A LAS QU\u00cdMICAS ALEMANAS<\/span><\/h2>\n<\/div>\n<\/header>\n<div class=\"a_md _g _g-xs ni\">\n<div class=\"a_md_txt\">\n<div class=\"a_md_f\" style=\"text-align: justify;\"><span style=\"font-size: 14pt;\"><a href=\"https:\/\/cincodias.elpais.com\/cincodias\/2003\/11\/27\/empresas\/1069944019_850215.html\" target=\"_blank\" rel=\"noopener\">Cinco Dias<\/a>, 2003<\/span><\/div>\n<\/div>\n<\/div>\n<\/div>\n<div>\n<figure id=\"attachment_2279794\" aria-describedby=\"caption-attachment-2279794\" style=\"width: 480px\" class=\"wp-caption aligncenter\"><a href=\"http:\/\/general-history.com\/ig-farben\/\" target=\"_blank\" rel=\"noopener\"><img loading=\"lazy\" decoding=\"async\" class=\"wp-image-2279794\" src=\"https:\/\/puntocritico.com\/ausajpuntocritico\/wp-content\/uploads\/2023\/06\/IG-FARBEN-INDUSTRIES-300x164.jpg\" alt=\"\" width=\"480\" height=\"263\" data-id=\"2279794\" srcset=\"https:\/\/puntocritico.com\/ausajpuntocritico\/wp-content\/uploads\/2023\/06\/IG-FARBEN-INDUSTRIES-300x164.jpg 300w, https:\/\/puntocritico.com\/ausajpuntocritico\/wp-content\/uploads\/2023\/06\/IG-FARBEN-INDUSTRIES.jpg 303w\" sizes=\"auto, (max-width: 480px) 100vw, 480px\" \/><\/a><figcaption id=\"caption-attachment-2279794\" class=\"wp-caption-text\"><span style=\"color: #008000;\">IG FARBEN INDUSTRIES<\/span><\/figcaption><\/figure>\n<\/div>\n<p style=\"text-align: justify;\">\u00a0<\/p>\n<p class=\"\" style=\"text-align: justify;\"><span style=\"font-size: 14pt;\">Casi sesenta a\u00f1os tras el fin de la Segunda Guerra Mundial, el pasado nazi sigue persiguiendo a algunas grandes empresas germanas. Es lo que ha sucedido con el grupo qu\u00edmico Degussa, uno de los mayores de Europa, que ha estado a punto de perder un importante contrato y sufrir serios da\u00f1os de imagen por sus actividades del pasado. La discusi\u00f3n sobre el pasado nazi de algunos consorcios alemanes, sobre todo, del sector qu\u00edmico, ya estaba abierta.<\/span><\/p>\n<p class=\"\" style=\"text-align: justify;\"><span style=\"font-size: 14pt;\">Degussa recibi\u00f3 el encargo de suministrar 40 toneladas de un protector contra pintadas de graffiteros para proteger el megal\u00edtico monumento a las v\u00edctimas del Holocausto de Berl\u00edn y que consta de 2.700 bloques de cemento en una superficie de 19.000 metros cuadrados. El protector Protectosil de Degussa era la oferta m\u00e1s barata y eficiente de las presentadas. Sin embargo, la firma alemana fue apartada del proyecto tras difundirse que una ex filial suya fabric\u00f3 durante el Tercer Reich el famoso gas Zyklon B, con el que los nazis asesinaron a millones de jud\u00edos. Las obras se paralizaron durante algunas semanas, hasta que el patronato que supervisa la construcci\u00f3n decidi\u00f3 finalmente readmitir a Degussa. &#8216;La Degussa de hoy es una empresa totalmente distinta&#8217;, dijo Wolfgang Thierse, presidente del Parlamento alem\u00e1n y de la fundaci\u00f3n encargada del proyecto.<\/span><\/p>\n<p class=\"\" style=\"text-align: justify;\"><span style=\"font-size: 14pt;\">Para muchos supervivientes del Holocausto o para los descendientes de los que perecieron es dif\u00edcil aceptar que las sucesoras de algunas compa\u00f1\u00edas que apoyaron a Hitler sigan existiendo en la actualidad, pese a ser firmas muy diferentes. Los conocidos grupos qu\u00edmicos BASF, Degussa o Hoechst (hoy Aventis) formaron parte hasta el final de la guerra del poderoso consorcio IG Farben.<\/span><\/p>\n<div class=\"raw_html\" style=\"text-align: justify;\">\n<div>\n<p class=\"autor_cita\"><span style=\"font-size: 14pt;\">El presidente del Parlamento, Wolfgang Thierse, sale en defensa de las empresas del sector<\/span><\/p>\n<\/div>\n<\/div>\n<p class=\"\" style=\"text-align: justify;\"><span style=\"font-size: 14pt;\">Fundado en 1925 tras la fusi\u00f3n de varias qu\u00edmicas, era uno de los mayores grupos industriales del mundo. El apoyo entre la compa\u00f1\u00eda y el r\u00e9gimen nazi fue mutuo y total: &#8216;Sin IG Farben, Alemania nunca se hubiera podido embarcar en una guerra&#8217;, dijo uno de los directivos del grupo, Heinrich B\u00fctefisch, al final de la contienda. En sus f\u00e1bricas trabajaban en 1944 unos 83.000 trabajadores forzosos y prisioneros de los campos de concentraci\u00f3n que fabricaban, entre otros productos, gas para el exterminio de jud\u00edos. Tras la guerra, los aliados dividieron IG Farben en docenas de empresas, entre ellas BASF o Bayer. La compa\u00f1\u00eda se mantuvo, sin embargo, como fideicomisario de los activos que lleg\u00f3 a poseer y sus acciones, que han seguido cotizando en Bolsa, aportaron importantes ganancias. Desde comienzos de 2001 a mediados de 2003 los t\u00edtulos del grupo triplicaron su valor.<\/span><\/p>\n<p class=\"\" style=\"text-align: justify;\"><span style=\"font-size: 14pt;\">A mediados de noviembre se declar\u00f3 la insolvencia del consorcio. Los responsables acusaron de la misma a la sociedad de participaciones WCM, que deber\u00eda haber adquirido los bienes del grupo y finalmente no lo hizo. Las posibilidades de que las v\u00edctimas reciban una compensaci\u00f3n econ\u00f3mica son, ahora, menores que antes, ya que primero cobrar\u00e1n los acreedores. A diferencia de sus empresas sucesoras, IG Farben no particip\u00f3 en el fondo del Gobierno y la industria para compensar a las v\u00edctimas de trabajos forzosos y la fundaci\u00f3n del consorcio creada para este fin no ha repartido hasta el momento ninguna indemnizaci\u00f3n.<\/span><\/p>\n<p>&nbsp;<\/p>\n<figure id=\"attachment_2279795\" aria-describedby=\"caption-attachment-2279795\" style=\"width: 480px\" class=\"wp-caption aligncenter\"><img loading=\"lazy\" decoding=\"async\" class=\"wp-image-2279795\" src=\"https:\/\/puntocritico.com\/ausajpuntocritico\/wp-content\/uploads\/2023\/06\/IG-FARBEN-Frankfurt-300x244.jpg\" alt=\"\" width=\"480\" height=\"390\" data-id=\"2279795\" srcset=\"https:\/\/puntocritico.com\/ausajpuntocritico\/wp-content\/uploads\/2023\/06\/IG-FARBEN-Frankfurt-300x244.jpg 300w, https:\/\/puntocritico.com\/ausajpuntocritico\/wp-content\/uploads\/2023\/06\/IG-FARBEN-Frankfurt-1024x832.jpg 1024w, https:\/\/puntocritico.com\/ausajpuntocritico\/wp-content\/uploads\/2023\/06\/IG-FARBEN-Frankfurt-768x624.jpg 768w, https:\/\/puntocritico.com\/ausajpuntocritico\/wp-content\/uploads\/2023\/06\/IG-FARBEN-Frankfurt.jpg 1312w\" sizes=\"auto, (max-width: 480px) 100vw, 480px\" \/><figcaption id=\"caption-attachment-2279795\" class=\"wp-caption-text\"><span style=\"color: #008000;\">From the Frankfurt Military Post (1959\/60)<\/span><\/figcaption><\/figure>\n<p style=\"text-align: center;\"><span style=\"font-size: 18pt;\"><strong><span style=\"color: #008000;\">*******<\/span><\/strong><\/span><\/p>\n<p><img loading=\"lazy\" decoding=\"async\" class=\"aligncenter wp-image-2279804\" src=\"https:\/\/puntocritico.com\/ausajpuntocritico\/wp-content\/uploads\/2023\/06\/Bayer-ZyKlon.jpg\" alt=\"\" width=\"280\" height=\"317\" data-id=\"2279804\" \/><\/p>\n<p style=\"text-align: center;\"><span style=\"font-size: 18pt;\"><strong><span style=\"color: #008000;\">*******<\/span><\/strong><\/span><\/p>\n<p style=\"text-align: justify;\"><span style=\"color: #008000;\"><strong><span style=\"font-size: 14pt;\">IG Farben<\/span><\/strong><\/span><\/p>\n<h2 style=\"text-align: center;\" align=\"center\"><span style=\"font-size: 24.0pt;\">UN FANTASMA TENEBROSO E INSOLVENTE<\/span><\/h2>\n<p class=\"sc-gicCDI sc-bZkfAO czqpjL hngCMv sc-gJwTLC bbQptl teaser-text\" style=\"text-align: center;\"><em><strong><span style=\"font-size: 14pt;\">La IG Farben, un gigante empresarial de la \u00e9poca nazi, tiene cuentas pendientes con las v\u00edctimas de los trabajos forzados. Ellos podr\u00edan ser los m\u00e1s perjudicados con la insolvencia que anunci\u00f3 la sociedad liquidadora.<\/span><\/strong><\/em><\/p>\n<p style=\"text-align: center;\"><strong><span style=\"font-size: 14pt;\">Desde hace m\u00e1s de medio siglo se encuentra en proceso de liquidaci\u00f3n el que fuera en su d\u00eda el mayor consorcio qu\u00edmico del mundo y el s\u00edmbolo industrial del nacionalsocialismo. Creada en 1925, la IG Farben respald\u00f3 financieramente a los nazis, incluso desde antes de su llegada al poder, para convertirse luego en uno de los puntales econ\u00f3micos del r\u00e9gimen de Hitler.<\/span><\/strong><\/p>\n<div id=\"compartirPrincipal\" class=\"col-md-10\">\n<div class=\"compartir\">\n<div class=\"link-rs\">\n<div style=\"text-align: justify;\"><span class=\"sc-gicCDI sc-kLLXSd czqpjL hYSDHq sc-hAsxaJ jojYes publication\" style=\"font-size: 14pt;\"><span class=\"sr-only sc-eGAhfa fdgShy\"><a href=\"https:\/\/www.dw.com\/es\/un-fantasma-tenebroso-e-insolvente\/a-1026665\" target=\"_blank\" rel=\"noopener\">DW<\/a>, 10 de noviembre de 2003<\/span><\/span><\/div>\n<div>\u00a0<\/div>\n<\/div>\n<\/div>\n<\/div>\n<figure id=\"attachment_2279218\" aria-describedby=\"caption-attachment-2279218\" style=\"width: 678px\" class=\"wp-caption aligncenter\"><img loading=\"lazy\" decoding=\"async\" class=\"wp-image-2279218 size-mh-magazine-content\" src=\"https:\/\/puntocritico.com\/ausajpuntocritico\/wp-content\/uploads\/2023\/06\/1026469_1004-678x381.jpg\" alt=\"\" width=\"678\" height=\"381\" data-id=\"2279218\" \/><figcaption id=\"caption-attachment-2279218\" class=\"wp-caption-text\"><span style=\"color: #008000;\">La antigua central de la IG Farben, hoy parte de la universidad de Fr\u00e1ncfort.<\/span><\/figcaption><\/figure>\n<h3 style=\"text-align: center;\"><strong><span style=\"font-size: 18pt;\">Negro historial<\/span><\/strong><\/h3>\n<p style=\"text-align: justify;\"><span style=\"font-size: 14pt;\">La empresa, que no s\u00f3lo colabor\u00f3 con el ej\u00e9rcito sino tambi\u00e9n con las tropas especiales de las SS, amas\u00f3 fortuna durante la guerra gracias a la fabricaci\u00f3n de productos de importancia b\u00e9lica, como combustibles y explosivos. En 1944 lleg\u00f3 a ocupar m\u00e1s de 38 mil trabajadores forzados, entre los que se contaban muchos prisioneros de los campos de concentraci\u00f3n. De hecho, el consorcio operaba el campo de trabajo de Auschwitz-Monowitz, en el que murieron aproximadamente 120 mil personas. El negro historial no termina all\u00ed. Una filial del consorcio, la firma Degesch (en la que tambi\u00e9n ten\u00eda participaci\u00f3n la empresa Degussa), fue la productora del tristemente Zyklon B, que cobr\u00f3 millares de v\u00edctimas jud\u00edas en las c\u00e1maras de gas.<\/span><\/p>\n<p style=\"text-align: justify;\"><span style=\"font-size: 14pt;\">La tenebrosa historia de la IG Farben explica, por s\u00ed sola, la decisi\u00f3n adoptada por los aliados tras el t\u00e9rmino de la II Guerra Mundial: desbaratar el consorcio. De \u00e9l surgieron gigantes industriales, como Bayer, Hoechst (Aventis) y BASF. Pero un resto qued\u00f3, form\u00e1ndose en 1952 la sociedad en liquidaci\u00f3n. En su primera d\u00e9cada pag\u00f3 unos 30 millones de marcos en indemnizaciones a los trabajadores forzados y, a fines de los a\u00f1o 90, aport\u00f3 cerca de 250 millones de euros a un fondo para el mismo fin. Ahora que anuncia su insolvencia, vuelve a plantearse el tema de las reclamaciones a\u00fan pendientes de los sobrevivientes.<\/span><\/p>\n<h3 style=\"text-align: center;\"><span style=\"font-size: 18pt;\">\u00abAcciones ensangrentadas\u00bb<\/span><\/h3>\n<p style=\"text-align: justify;\"><span style=\"font-size: 14pt;\">Si bien el patrimonio de la empresa qued\u00f3 reducido a unas decenas de millones de euros en inmuebles, este \u00abfantasma industrial\u00bb sigui\u00f3 teniendo presencia en la bolsa. M\u00e1s a\u00fan: durante los \u00faltimos a\u00f1os, especuladores hicieron que el volumen de transacciones de estos valores se elevara a m\u00e1s de 4.600 millones en la bolsa de Fr\u00e1ncfort, desde el 2001. A modo de comparaci\u00f3n, cabe se\u00f1alar que en el mismo per\u00edodo fueron transadas 5.000 millones de acciones de la Telekom.<\/span><\/p>\n<p style=\"text-align: justify;\"><span style=\"font-size: 14pt;\">Henry Mathews, de la agrupaci\u00f3n de \u00abaccionistas cr\u00edticos\u00bb, opin\u00f3 recientemente que se trata de \u00abacciones ensangrentadas\u00bb. A su juicio, \u00abes un esc\u00e1ndalo y una ofensa para los sobrevivientes de los trabajos forzados que todav\u00eda se coticen esas acciones en la bolsa alemana\u00bb. Ahora, la mayor preocupaci\u00f3n de Mathew es que el resto del dinero que quede se destine a las v\u00edctimas de los nazis y evitar que vaya a parar a manos de los bancos acreedores. Tambi\u00e9n el vicepresidente del Comit\u00e9-Auschwitz, Peter Gingold, calific\u00f3 de esc\u00e1ndalo que las v\u00edctimas no reciban m\u00e1s dinero.<\/span><\/p>\n<p style=\"text-align: justify;\">\u00a0<\/p>\n<div class=\"p-title \">\n<blockquote>\n<p><img loading=\"lazy\" decoding=\"async\" class=\"aligncenter wp-image-2279164\" src=\"https:\/\/puntocritico.com\/ausajpuntocritico\/wp-content\/uploads\/2023\/06\/German-hiperinflaction-300x208.jpg\" alt=\"\" width=\"480\" height=\"333\" data-id=\"2279164\" srcset=\"https:\/\/puntocritico.com\/ausajpuntocritico\/wp-content\/uploads\/2023\/06\/German-hiperinflaction-300x208.jpg 300w, https:\/\/puntocritico.com\/ausajpuntocritico\/wp-content\/uploads\/2023\/06\/German-hiperinflaction-768x533.jpg 768w, https:\/\/puntocritico.com\/ausajpuntocritico\/wp-content\/uploads\/2023\/06\/German-hiperinflaction.jpg 772w\" sizes=\"auto, (max-width: 480px) 100vw, 480px\" \/><\/p>\n<\/blockquote>\n<\/div>\n<p style=\"text-align: center;\"><span style=\"font-size: 18pt;\"><strong><span style=\"color: #008000;\">*******<\/span><\/strong><\/span><\/p>\n<h2 style=\"text-align: justify;\"><span style=\"font-size: 14pt;\"><strong>RELACIONADOS<\/strong>:<\/span><\/h2>\n<blockquote class=\"wp-embedded-content\" data-secret=\"bOMIbl979u\"><p><a href=\"https:\/\/puntocritico.com\/ausajpuntocritico\/2022\/04\/02\/el-caso-collini\/\">EL NAZISMO NO TERMIN\u00d3 EN 1945: EL CASO COLLINI (&#8220;The Collini Case&#8221;) &#8211; pel\u00edcula de Marco Kreuzpaintner (Alemania, 2019).<\/a><\/p><\/blockquote>\n<p><iframe loading=\"lazy\" class=\"wp-embedded-content\" sandbox=\"allow-scripts\" security=\"restricted\" style=\"position: absolute; visibility: hidden;\" title=\"\u00abEL NAZISMO NO TERMIN\u00d3 EN 1945: EL CASO COLLINI (&#8220;The Collini Case&#8221;) &#8211; pel\u00edcula de Marco Kreuzpaintner (Alemania, 2019).\u00bb \u2014 Punto Cr\u00edtico Derechos Humanos\" src=\"https:\/\/puntocritico.com\/ausajpuntocritico\/2022\/04\/02\/el-caso-collini\/embed\/#?secret=5gXkTqsxYZ#?secret=bOMIbl979u\" data-secret=\"bOMIbl979u\" width=\"500\" height=\"282\" frameborder=\"0\" marginwidth=\"0\" marginheight=\"0\" scrolling=\"no\"><\/iframe><\/p>\n<blockquote class=\"wp-embedded-content\" data-secret=\"CHF27X1PsO\"><p><a href=\"https:\/\/puntocritico.com\/ausajpuntocritico\/2023\/06\/19\/el-capitalismo-aleman-y-los-origenes-del-nazismo\/\">EL CAPITALISMO ALEM\u00c1N Y LOS OR\u00cdGENES DEL NAZISMO<\/a><\/p><\/blockquote>\n<p><iframe loading=\"lazy\" class=\"wp-embedded-content\" sandbox=\"allow-scripts\" security=\"restricted\" style=\"position: absolute; visibility: hidden;\" title=\"\u00abEL CAPITALISMO ALEM\u00c1N Y LOS OR\u00cdGENES DEL NAZISMO\u00bb \u2014 Punto Cr\u00edtico Derechos Humanos\" src=\"https:\/\/puntocritico.com\/ausajpuntocritico\/2023\/06\/19\/el-capitalismo-aleman-y-los-origenes-del-nazismo\/embed\/#?secret=Q9lpisx3iU#?secret=CHF27X1PsO\" data-secret=\"CHF27X1PsO\" width=\"500\" height=\"282\" frameborder=\"0\" marginwidth=\"0\" marginheight=\"0\" scrolling=\"no\"><\/iframe><\/p>\n<blockquote class=\"wp-embedded-content\" data-secret=\"XI7be19Cq3\"><p><a href=\"https:\/\/puntocritico.com\/ausajpuntocritico\/2023\/03\/06\/ferrovial-agroman\/\">\u00bfQU\u00c9 SE LLEVA A FLANDES FERROVIAL (FERROVIAL-AGROM\u00c1N)?: &#8220;De 1927 hasta hoy: esta es la historia de Agroman&#8221;<\/a><\/p><\/blockquote>\n<p><iframe loading=\"lazy\" class=\"wp-embedded-content\" sandbox=\"allow-scripts\" security=\"restricted\" style=\"position: absolute; visibility: hidden;\" title=\"\u00ab\u00bfQU\u00c9 SE LLEVA A FLANDES FERROVIAL (FERROVIAL-AGROM\u00c1N)?: &#8220;De 1927 hasta hoy: esta es la historia de Agroman&#8221;\u00bb \u2014 Punto Cr\u00edtico Derechos Humanos\" src=\"https:\/\/puntocritico.com\/ausajpuntocritico\/2023\/03\/06\/ferrovial-agroman\/embed\/#?secret=aA6Pva363u#?secret=XI7be19Cq3\" data-secret=\"XI7be19Cq3\" width=\"500\" height=\"282\" frameborder=\"0\" marginwidth=\"0\" marginheight=\"0\" scrolling=\"no\"><\/iframe><\/p>\n<blockquote class=\"wp-embedded-content\" data-secret=\"vrOmTwyPVH\"><p><a href=\"https:\/\/puntocritico.com\/ausajpuntocritico\/2022\/10\/13\/la-evolucion-hacia-el-totalitarismo-nazis-del-siglo-xxi\/\">LA EVOLUCI\u00d3N HACIA EL TOTALITARISMO: Nazis del Siglo XXI: \u201cAhora, todos ustedes son Azov\u201d.<\/a><\/p><\/blockquote>\n<p><iframe loading=\"lazy\" class=\"wp-embedded-content\" sandbox=\"allow-scripts\" security=\"restricted\" style=\"position: absolute; visibility: hidden;\" title=\"\u00abLA EVOLUCI\u00d3N HACIA EL TOTALITARISMO: Nazis del Siglo XXI: \u201cAhora, todos ustedes son Azov\u201d.\u00bb \u2014 Punto Cr\u00edtico Derechos Humanos\" src=\"https:\/\/puntocritico.com\/ausajpuntocritico\/2022\/10\/13\/la-evolucion-hacia-el-totalitarismo-nazis-del-siglo-xxi\/embed\/#?secret=UTbJcUuXyY#?secret=vrOmTwyPVH\" data-secret=\"vrOmTwyPVH\" width=\"500\" height=\"282\" frameborder=\"0\" marginwidth=\"0\" marginheight=\"0\" scrolling=\"no\"><\/iframe><\/p>\n<blockquote class=\"wp-embedded-content\" data-secret=\"v7YkFH7MPo\"><p><a href=\"https:\/\/puntocritico.com\/ausajpuntocritico\/2023\/01\/22\/tecnica-del-golpe-de-estado-de-curzio-malaparte-capitulo-4-kapp-o-marte-contra-marx\/\">&#8220;TECNICA DEL GOLPE DE ESTADO&#8221;, de Curzio Malaparte: Cap\u00edtulo 4: &#8220;Kapp, o Marte contra Marx&#8221;.<\/a><\/p><\/blockquote>\n<p><iframe loading=\"lazy\" class=\"wp-embedded-content\" sandbox=\"allow-scripts\" security=\"restricted\" style=\"position: absolute; visibility: hidden;\" title=\"\u00ab&#8220;TECNICA DEL GOLPE DE ESTADO&#8221;, de Curzio Malaparte: Cap\u00edtulo 4: &#8220;Kapp, o Marte contra Marx&#8221;.\u00bb \u2014 Punto Cr\u00edtico Derechos Humanos\" src=\"https:\/\/puntocritico.com\/ausajpuntocritico\/2023\/01\/22\/tecnica-del-golpe-de-estado-de-curzio-malaparte-capitulo-4-kapp-o-marte-contra-marx\/embed\/#?secret=HbhsXskTMf#?secret=v7YkFH7MPo\" data-secret=\"v7YkFH7MPo\" width=\"500\" height=\"282\" frameborder=\"0\" marginwidth=\"0\" marginheight=\"0\" scrolling=\"no\"><\/iframe><\/p>\n<blockquote class=\"wp-embedded-content\" data-secret=\"ruUzKm8Fsr\"><p><a href=\"https:\/\/puntocritico.com\/ausajpuntocritico\/2022\/05\/02\/cuando-la-gente-se-moria-por-ser-amiga-de-hitler-por-emilio-de-miguel-calabia\/\">&#8220;Cuando la gente se mor\u00eda por ser amiga de Hitler&#8221;, por Emilio de Miguel Calabia<\/a><\/p><\/blockquote>\n<p><iframe loading=\"lazy\" class=\"wp-embedded-content\" sandbox=\"allow-scripts\" security=\"restricted\" style=\"position: absolute; visibility: hidden;\" title=\"\u00ab&#8220;Cuando la gente se mor\u00eda por ser amiga de Hitler&#8221;, por Emilio de Miguel Calabia\u00bb \u2014 Punto Cr\u00edtico Derechos Humanos\" src=\"https:\/\/puntocritico.com\/ausajpuntocritico\/2022\/05\/02\/cuando-la-gente-se-moria-por-ser-amiga-de-hitler-por-emilio-de-miguel-calabia\/embed\/#?secret=58lxvwCW4S#?secret=ruUzKm8Fsr\" data-secret=\"ruUzKm8Fsr\" width=\"500\" height=\"282\" frameborder=\"0\" marginwidth=\"0\" marginheight=\"0\" scrolling=\"no\"><\/iframe><\/p>\n<blockquote class=\"wp-embedded-content\" data-secret=\"zgVcZZ7N1H\"><p><a href=\"https:\/\/puntocritico.com\/ausajpuntocritico\/2023\/02\/19\/tecnica-del-golpe-de-estado-de-curzio-malaparte-capitulo-8-un-dictador-fracasado-hitler\/\">&#8220;TECNICA DEL GOLPE DE ESTADO&#8221;, de Curzio Malaparte: Cap\u00edtulo 8: &#8220;UN DICTADOR FRACASADO: HITLER&#8221;.<\/a><\/p><\/blockquote>\n<p><iframe loading=\"lazy\" class=\"wp-embedded-content\" sandbox=\"allow-scripts\" security=\"restricted\" style=\"position: absolute; visibility: hidden;\" title=\"\u00ab&#8220;TECNICA DEL GOLPE DE ESTADO&#8221;, de Curzio Malaparte: Cap\u00edtulo 8: &#8220;UN DICTADOR FRACASADO: HITLER&#8221;.\u00bb \u2014 Punto Cr\u00edtico Derechos Humanos\" src=\"https:\/\/puntocritico.com\/ausajpuntocritico\/2023\/02\/19\/tecnica-del-golpe-de-estado-de-curzio-malaparte-capitulo-8-un-dictador-fracasado-hitler\/embed\/#?secret=gPRwpJbGoS#?secret=zgVcZZ7N1H\" data-secret=\"zgVcZZ7N1H\" width=\"500\" height=\"282\" frameborder=\"0\" marginwidth=\"0\" marginheight=\"0\" scrolling=\"no\"><\/iframe><\/p>\n<p>https:\/\/puntocritico.com\/ausajpuntocritico\/2022\/08\/20\/hitlers-hollywood-2017-documental-2\/<\/p>\n<blockquote class=\"wp-embedded-content\" data-secret=\"K6cMmWklzh\"><p><a href=\"https:\/\/puntocritico.com\/ausajpuntocritico\/2023\/05\/30\/los-servicios-secretos-y-su-guerra-hibrida-contra-el-mundo\/\">NEW WORLD ORDER, TOTALITARISMO GLOBAL: Los Servicios Secretos y su Guerra H\u00edbrida contra el mundo; del 11-S a los bloqueos de Covid<\/a><\/p><\/blockquote>\n<p><iframe loading=\"lazy\" class=\"wp-embedded-content\" sandbox=\"allow-scripts\" security=\"restricted\" style=\"position: absolute; visibility: hidden;\" title=\"\u00abNEW WORLD ORDER, TOTALITARISMO GLOBAL: Los Servicios Secretos y su Guerra H\u00edbrida contra el mundo; del 11-S a los bloqueos de Covid\u00bb \u2014 Punto Cr\u00edtico Derechos Humanos\" src=\"https:\/\/puntocritico.com\/ausajpuntocritico\/2023\/05\/30\/los-servicios-secretos-y-su-guerra-hibrida-contra-el-mundo\/embed\/#?secret=MmnpJb5zpL#?secret=K6cMmWklzh\" data-secret=\"K6cMmWklzh\" width=\"500\" height=\"282\" frameborder=\"0\" marginwidth=\"0\" marginheight=\"0\" scrolling=\"no\"><\/iframe><\/p>\n<p>&nbsp;<\/p>\n<p><a href=\"https:\/\/puntocritico.com\/ausajpuntocritico\/author\/punto-critico\/\"><img loading=\"lazy\" decoding=\"async\" class=\"aligncenter wp-image-48\" src=\"https:\/\/puntocritico.com\/ausajpuntocritico\/wp-content\/uploads\/2016\/11\/Mosca_Punto_Cr\u00edtico_40.png\" alt=\"\" width=\"80\" height=\"80\" \/><\/a><\/p>\n<p>&nbsp;<\/p>\n","protected":false},"excerpt":{"rendered":"<div class=\"mh-excerpt\"><p>Los nazis y el dinero \u00a0 EL APOYO DE LAS GRANDES CORPORACIONES A HITLER Kodak, Bayer, Coca Cola, Nestl\u00e9, IBM, BMW, Adidas, Volkswagen entre otras; financiaron y apoyaron al r\u00e9gimen nazi antes y durante la <a class=\"mh-excerpt-more\" href=\"https:\/\/puntocritico.com\/ausajpuntocritico\/2023\/06\/17\/los-nazis-y-el-dinero-la-economia-del-tercer-reich\/\" title=\"LOS NAZIS Y EL DINERO (Documental): La econom\u00eda del Tercer Reich.\">[&#8230;]<\/a><\/p>\n<\/div>","protected":false},"author":3,"featured_media":2280598,"comment_status":"open","ping_status":"closed","sticky":false,"template":"","format":"standard","meta":{"_acf_changed":false,"_exactmetrics_skip_tracking":false,"_exactmetrics_sitenote_active":false,"_exactmetrics_sitenote_note":"","_exactmetrics_sitenote_category":0,"footnotes":""},"categories":[7,25],"tags":[],"class_list":{"0":"post-2279157","1":"post","2":"type-post","3":"status-publish","4":"format-standard","5":"has-post-thumbnail","7":"category-politica","8":"category-documentales"},"acf":[],"_links":{"self":[{"href":"https:\/\/puntocritico.com\/ausajpuntocritico\/wp-json\/wp\/v2\/posts\/2279157","targetHints":{"allow":["GET"]}}],"collection":[{"href":"https:\/\/puntocritico.com\/ausajpuntocritico\/wp-json\/wp\/v2\/posts"}],"about":[{"href":"https:\/\/puntocritico.com\/ausajpuntocritico\/wp-json\/wp\/v2\/types\/post"}],"author":[{"embeddable":true,"href":"https:\/\/puntocritico.com\/ausajpuntocritico\/wp-json\/wp\/v2\/users\/3"}],"replies":[{"embeddable":true,"href":"https:\/\/puntocritico.com\/ausajpuntocritico\/wp-json\/wp\/v2\/comments?post=2279157"}],"version-history":[{"count":0,"href":"https:\/\/puntocritico.com\/ausajpuntocritico\/wp-json\/wp\/v2\/posts\/2279157\/revisions"}],"wp:featuredmedia":[{"embeddable":true,"href":"https:\/\/puntocritico.com\/ausajpuntocritico\/wp-json\/wp\/v2\/media\/2280598"}],"wp:attachment":[{"href":"https:\/\/puntocritico.com\/ausajpuntocritico\/wp-json\/wp\/v2\/media?parent=2279157"}],"wp:term":[{"taxonomy":"category","embeddable":true,"href":"https:\/\/puntocritico.com\/ausajpuntocritico\/wp-json\/wp\/v2\/categories?post=2279157"},{"taxonomy":"post_tag","embeddable":true,"href":"https:\/\/puntocritico.com\/ausajpuntocritico\/wp-json\/wp\/v2\/tags?post=2279157"}],"curies":[{"name":"wp","href":"https:\/\/api.w.org\/{rel}","templated":true}]}}