{"id":2278947,"date":"2025-03-21T00:05:14","date_gmt":"2025-03-20T23:05:14","guid":{"rendered":"https:\/\/puntocritico.com\/ausajpuntocritico\/?p=2278947"},"modified":"2025-03-19T18:45:19","modified_gmt":"2025-03-19T17:45:19","slug":"metafisica-de-la-servidumbre-voluntaria-alvarez-asiain","status":"publish","type":"post","link":"https:\/\/puntocritico.com\/ausajpuntocritico\/2025\/03\/21\/metafisica-de-la-servidumbre-voluntaria-alvarez-asiain\/","title":{"rendered":"METAF\u00cdSICA DE LA SERVIDUMBRE VOLUNTARIA, por Enrique \u00c1lvarez Asia\u00edn. \u00ab\u00bfPor qu\u00e9 los hombres luchan por su esclavitud como si se tratase de su libertad?\u00bb"},"content":{"rendered":"<p style=\"text-align: justify;\"><span style=\"font-size: 14pt; color: #008000;\">METAF\u00cdSICA DE LA SERVIDUMBRE VOLUNTARIA<\/span><\/p>\n\n<p>&nbsp;<\/p>\n<p><a href=\"https:\/\/puntocritico.com\/ausajpuntocritico\/2022\/09\/01\/la-servidumbre-voluntaria-por-esteban-de-la-boetie-republicado\/\"><img loading=\"lazy\" decoding=\"async\" class=\"aligncenter wp-image-67294 size-full\" src=\"https:\/\/puntocritico.com\/ausajpuntocritico\/wp-content\/uploads\/2020\/04\/EdelaBoetie.jpg\" alt=\"\" width=\"612\" height=\"224\" data-id=\"67294\" srcset=\"https:\/\/puntocritico.com\/ausajpuntocritico\/wp-content\/uploads\/2020\/04\/EdelaBoetie.jpg 612w, https:\/\/puntocritico.com\/ausajpuntocritico\/wp-content\/uploads\/2020\/04\/EdelaBoetie-300x110.jpg 300w\" sizes=\"auto, (max-width: 612px) 100vw, 612px\" \/><\/a><\/p>\n<p style=\"text-align: center;\"><span style=\"font-size: 18pt; color: #008000;\"><strong>***<\/strong><\/span><\/p>\n<h2 style=\"text-align: center;\"><strong><em><span style=\"font-size: 24pt;\">METAF\u00cdSICA DE LA SERVIDUMBRE VOLUNTARIA<\/span><\/em><\/strong><\/h2>\n<p style=\"text-align: center;\"><span style=\"color: #008000; font-size: 18pt;\"><strong>Por Enrique \u00c1lvarez Asia\u00edn<\/strong><\/span><\/p>\n<blockquote>\n<p style=\"text-align: center;\"><span style=\"font-size: 14pt;\"><em><strong>\u00bfPor qu\u00e9 los hombres luchan por su esclavitud como si se tratase de su libertad?\u00a0<\/strong><\/em><\/span><\/p>\n<p style=\"text-align: center;\"><span style=\"font-size: 14pt;\"><em><strong>No s\u00f3lo los hombres son esclavos, sino que parecen contentos de serlo y luchan por permanecer en ese estado, \u00bfpor qu\u00e9?\u00a0 <\/strong><\/em><\/span><\/p>\n<p style=\"text-align: center;\"><span style=\"font-size: 14pt;\"><em><strong>Una pol\u00edtica sin ontolog\u00eda es digna de toda sospecha, porque se reduce a t\u00e9cnica de poder y se convierte en mero brazo ejecutor de qui\u00e9n sabe qu\u00e9 principios metaf\u00edsicos ocultos. <\/strong><\/em><\/span><\/p>\n<p style=\"text-align: center;\"><span style=\"font-size: 14pt;\"><em><strong>Hay una relaci\u00f3n fundamental entre la filosof\u00eda primera y la pol\u00edtica, y es importante mostrar que dependiendo de c\u00f3mo se piense aquella se seguir\u00e1n modos muy distintos de pensar y de hacer pol\u00edtica. <\/strong><\/em><\/span><\/p>\n<p style=\"text-align: center;\"><span style=\"font-size: 14pt;\"><em><strong>La propuesta inmanentista de Spinoza plantea un abordaje de lo pol\u00edtico donde lo primordial es c\u00f3mo ser libre y c\u00f3mo efectuar la potencia de los hombres en las mejores condiciones.<\/strong><\/em><\/span><\/p>\n<p style=\"text-align: center;\"><span style=\"font-size: 14pt;\"><strong><em>Todos los hombres valen lo mismo desde el punto de vista del Ser, no hay jerarqu\u00eda posible en esta ontolog\u00eda que, aplicada al dominio de lo pol\u00edtico, hace tambalear las cl\u00e1sicas legitimaciones de la servidumbre y produce un cambio en las prioridades. <\/em><\/strong><\/span><\/p>\n<p style=\"text-align: center;\"><span style=\"font-size: 14pt;\"><strong><em>La subversi\u00f3n de la metaf\u00edsica es subversi\u00f3n de la pol\u00edtica, subversi\u00f3n constructiva y principio del fin de la servidumbre<\/em><\/strong><\/span><\/p>\n<\/blockquote>\n<p>&nbsp;<\/p>\n<p align=\"center\"><img loading=\"lazy\" decoding=\"async\" class=\"alignnone wp-image-67320\" src=\"https:\/\/puntocritico.com\/ausajpuntocritico\/wp-content\/uploads\/2020\/04\/spinoza.jpeg\" alt=\"METAF\u00cdSICA DE LA SERVIDUMBRE VOLUNTARIA\" width=\"360\" height=\"350\" data-id=\"67320\" \/><\/p>\n<h3 style=\"text-align: center;\" align=\"center\"><span style=\"font-size: 18pt; color: #008000;\"><strong>DESLEGITIMACI\u00d3N ONTOL\u00d3GICA DE LA SERVIDUMBRE<\/strong><\/span><\/h3>\n<p style=\"text-align: justify;\"><span style=\"font-size: 14pt;\"><span lang=\"ES-TRAD\">D<\/span>esde la perspectiva de\u00a0<strong>Gilles Deleuze<\/strong>, hay una pregunta formulada por\u00a0<strong>Spinoza <\/strong>en el <em><strong>pr\u00f3logo<\/strong> <\/em>del <em><strong>Tratado teol\u00f3gico-pol\u00edtico<\/strong><\/em> que tiene el poder de sintetizar el proyecto Principal de toda la filosof\u00eda pol\u00edtica del fil\u00f3sofo de <em>\u00c1msterdam<\/em>.\u00a0<strong>Deleuze <\/strong>cree encontrar la pregunta que motiva la investigaci\u00f3n pol\u00edtica de\u00a0<strong>Spinoza<\/strong>\u00a0por su capacidad para sorprender, para violentar al pensamiento.<\/span><\/p>\n<p style=\"text-align: justify;\"><span style=\"font-size: 14pt;\"><strong>\u00bf<em><span lang=\"ES-TRAD\">P<\/span>or qu\u00e9 los hombres luchan por su esclavitud como si se tratase de su libertad<\/em>?<\/strong> <\/span><\/p>\n<p style=\"text-align: justify;\"><span style=\"font-size: 14pt;\">La paradoja exige una respuesta al pensamiento, salida de sus cauces habituales que es como el primer momento de la filosof\u00eda, all\u00ed donde podemos decir que un problema nuevo ha surgido.\u00a0<\/span><\/p>\n<p style=\"text-align: justify;\"><span style=\"font-size: 14pt;\"><strong>Deleuze<\/strong>\u00a0piensa que <strong>toda la filosof\u00eda pol\u00edtica de\u00a0Spinoza es un intento de dar respuesta a esta paradoja que se le presenta como una pregunta obsesiva, casi intolerable<\/strong>.\u00a0<\/span><span style=\"font-size: 14pt;\"><span lang=\"ES-TRAD\">N<\/span>o s\u00f3lo los hombres son esclavos, sino que parecen contentos de serlo y luchan por permanecer en ese estado, \u00bfpor qu\u00e9?<\/span><\/p>\n<p>&nbsp;<\/p>\n<blockquote>\n<p style=\"text-align: center;\"><strong><span style=\"font-size: 14pt;\"><span style=\"color: #008000;\"><span lang=\"ES-TRAD\">N<\/span>o s\u00f3lo los hombres son esclavos, sino que parecen contentos de serlo y luchan por permanecer en ese estado, \u00bfpor qu\u00e9?<\/span> <\/span><\/strong><\/p>\n<\/blockquote>\n<p>&nbsp;<\/p>\n<p style=\"text-align: justify;\"><span style=\"font-size: 14pt;\"><img loading=\"lazy\" decoding=\"async\" class=\"wp-image-67371 aligncenter\" src=\"https:\/\/puntocritico.com\/ausajpuntocritico\/wp-content\/uploads\/2020\/04\/ayatola-jomeini-fdr-300x201.jpg\" alt=\"\" width=\"360\" height=\"241\" data-id=\"67371\" srcset=\"https:\/\/puntocritico.com\/ausajpuntocritico\/wp-content\/uploads\/2020\/04\/ayatola-jomeini-fdr-300x201.jpg 300w, https:\/\/puntocritico.com\/ausajpuntocritico\/wp-content\/uploads\/2020\/04\/ayatola-jomeini-fdr.jpg 320w\" sizes=\"auto, (max-width: 360px) 100vw, 360px\" \/><\/span><\/p>\n<p>&nbsp;<\/p>\n<p style=\"text-align: justify;\"><span style=\"font-size: 14pt;\">En este punto la filosof\u00eda pol\u00edtica de <strong>Spinoza<\/strong> debe vincularse <strong>no s\u00f3lo a la \u00e9tica, sino tambi\u00e9n a la ontolog\u00eda<\/strong>, porque las tres forman parte de un mismo tejido donde cada elemento necesita del otro para ser explicado. P<\/span><span style=\"font-size: 14pt;\">ara empezar a entender la propuesta pol\u00edtica de\u00a0<strong>Spinoza<\/strong>, y su intento de <strong>dar respuesta al problema de la servidumbre,<\/strong> no debemos perder de vista la <strong>vinculaci\u00f3n entre pol\u00edtica y ontolog\u00eda<\/strong>. <\/span><\/p>\n<p>&nbsp;<\/p>\n<blockquote>\n<p style=\"text-align: center;\"><strong><span style=\"font-size: 14pt; color: #008000;\"><span lang=\"ES-TRAD\">P<\/span>ara empezar a entender la propuesta pol\u00edtica de\u00a0Spinoza, y su intento de dar respuesta al problema de la servidumbre, no debemos perder de vista la vinculaci\u00f3n entre pol\u00edtica y ontolog\u00eda<\/span><\/strong><\/p>\n<\/blockquote>\n<p>&nbsp;<\/p>\n<p style=\"text-align: justify;\"><span style=\"font-size: 14pt;\">Esta vinculaci\u00f3n no responde \u00fanicamente a la necesidad de ubicar el pensamiento pol\u00edtico de\u00a0<strong>Spinoz<\/strong>a, sino a una raz\u00f3n de m\u00e1s peso, pues aunque se quiera con frecuencia <strong>desvincular lo <em>pol\u00edtico<\/em> de lo<\/strong> <em><strong>ontol\u00f3gico<\/strong> <\/em><strong>o<\/strong> <em><strong>metaf\u00edsico<\/strong> <\/em>para darle un <strong>espacio de entidad y consistencia propias<\/strong>, esta maniobra esconde a menudo un doble juego, un trasfondo <em><strong>metaf\u00edsico<\/strong> <\/em>-ll\u00e1mese <em>teolog\u00eda<\/em>, <em>moral<\/em> o simplemente <em>saber<\/em>&#8211; que acaba imponi\u00e9ndose desde el silencio.<\/span><\/p>\n<p>&nbsp;<\/p>\n<blockquote>\n<p style=\"text-align: center;\"><strong><span style=\"font-size: 14pt; color: #008000;\"><span lang=\"ES-TRAD\">S<\/span>pinoza\u00a0afirma la conexi\u00f3n intr\u00ednseca entre ontolog\u00eda y pol\u00edtica desde esta posici\u00f3n cr\u00edtica que muestra que la supuesta autonom\u00eda de ambas no es original ni inocente<\/span><\/strong><\/p>\n<\/blockquote>\n<p>&nbsp;<\/p>\n<p style=\"text-align: justify;\"><span style=\"font-size: 14pt;\"><strong><span lang=\"ES-TRAD\">S<\/span>pinoza<\/strong>\u00a0afirma la conexi\u00f3n intr\u00ednseca entre ontolog\u00eda y pol\u00edtica desde esta posici\u00f3n cr\u00edtica que muestra que la supuesta autonom\u00eda de ambas no es original ni inocente. Hacer de la <em><strong>ontolog\u00eda<\/strong> <\/em>una <em><strong>metaf\u00edsica<\/strong> <\/em>separada es un modo de consolidarla, de \u00ab<em><strong>sacralizarla<\/strong><\/em>\u00bb, de hacerla inamovible elev\u00e1ndola a fundamento m\u00e1s all\u00e1 de toda discusi\u00f3n o rechazo. <\/span><\/p>\n<p style=\"text-align: justify;\"><span style=\"font-size: 14pt;\">Asimismo, <strong>una pol\u00edtica sin ontolog\u00eda<\/strong> es digna de toda sospecha, porque <strong>se reduce a t\u00e9cnica de poder<\/strong> y se convierte en <strong>mero brazo ejecutor de qui\u00e9n sabe qu\u00e9 principios metaf\u00edsicos ocultos<\/strong>.<\/span><\/p>\n<p style=\"text-align: justify;\"><span style=\"font-size: 14pt;\"><span lang=\"ES-TRAD\">H<\/span>ay una relaci\u00f3n fundamental entre la filosof\u00eda primera y la pol\u00edtica, y es importante mostrar que dependiendo de c\u00f3mo se piense aquella se seguir\u00e1n modos muy distintos de pensar y de hacer pol\u00edtica.\u00a0<a href=\"https:\/\/puntocritico.com\/ausajpuntocritico\/2023\/05\/12\/deleuze-en-medio-de-spinoza\/\"><strong>Deleuze<\/strong><\/a>\u00a0puede arrojar luz sobre este punto cuando nos muestra la caracter\u00edstica principal del \u00ab<em>pensamiento ontol\u00f3gico<\/em>\u00bb presente en la filosof\u00eda pol\u00edtica de\u00a0<strong>Spinoza<\/strong>.<\/span><\/p>\n<p>&nbsp;<\/p>\n<p><a href=\"https:\/\/puntocritico.com\/ausajpuntocritico\/2023\/05\/05\/spinoza-ateo-diferencia-entre-la-etica-y-la-moral-por-gilles-deleuze\/\"><img loading=\"lazy\" decoding=\"async\" class=\"aligncenter wp-image-2272921\" src=\"https:\/\/puntocritico.com\/ausajpuntocritico\/wp-content\/uploads\/2023\/05\/deleuze-spinoza-PPAL-300x199.jpg\" alt=\"\" width=\"440\" height=\"292\" srcset=\"https:\/\/puntocritico.com\/ausajpuntocritico\/wp-content\/uploads\/2023\/05\/deleuze-spinoza-PPAL-300x199.jpg 300w, https:\/\/puntocritico.com\/ausajpuntocritico\/wp-content\/uploads\/2023\/05\/deleuze-spinoza-PPAL-610x405.jpg 610w, https:\/\/puntocritico.com\/ausajpuntocritico\/wp-content\/uploads\/2023\/05\/deleuze-spinoza-PPAL-678x452.jpg 678w, https:\/\/puntocritico.com\/ausajpuntocritico\/wp-content\/uploads\/2023\/05\/deleuze-spinoza-PPAL.jpg 680w\" sizes=\"auto, (max-width: 440px) 100vw, 440px\" \/><\/a><\/p>\n<p>&nbsp;<\/p>\n<blockquote>\n<p style=\"text-align: center;\"><span style=\"color: #008000;\"><strong><span style=\"font-size: 14pt;\"><span lang=\"ES-TRAD\">L<\/span>a ontolog\u00eda de\u00a0Spinoza\u00a0es una \u00ab<em>ontolog\u00eda pura<\/em>\u00bb, seg\u00fan\u00a0Deleuze, que se diferencia de las llamadas \u00ab<em>filosof\u00edas de lo Uno<\/em>\u00bb<\/span><\/strong><\/span><\/p>\n<\/blockquote>\n<p>&nbsp;<\/p>\n<p style=\"text-align: justify;\"><span style=\"font-size: 14pt;\"><span lang=\"ES-TRAD\">L<\/span>a ontolog\u00eda de<strong>\u00a0Spinoza<\/strong>\u00a0es una \u00ab<em>ontolog\u00eda pura<\/em>\u00bb, seg\u00fan\u00a0<strong>Deleuze<\/strong>, que se diferencia de las llamadas \u00ab<em>filosof\u00edas de lo Uno<\/em>\u00bb. <strong>La primera se singulariza por su repudio a las jerarqu\u00edas<\/strong>, porque en la \u00ab<em>ontolog\u00eda pura<\/em>\u00bb no hay <em>Uno<\/em> superior al <em>Ser<\/em>:\u00a0<\/span><\/p>\n<blockquote>\n<p style=\"text-align: justify;\"><span style=\"font-size: 14pt; color: #008000;\"><strong><em>\u00abel Ser se dice de todo lo que es, se dice de todo ente en un mismo y \u00fanico sentido\u00bb <\/em><\/strong><a id=\"ref1a\" style=\"color: #008000;\"><\/a><strong><a style=\"color: #008000;\" href=\"#ref1\">(1)<\/a>.<\/strong> <\/span><\/p>\n<\/blockquote>\n<p>&nbsp;<\/p>\n<p style=\"text-align: justify;\"><span style=\"font-size: 14pt;\">Se trata aqu\u00ed de un <strong>mundo de pura inmanencia<\/strong> que se caracteriza por ser <strong>esencialmente antijer\u00e1rquico<\/strong>, lo cual se reflejar\u00e1 en la concepci\u00f3n pol\u00edtica.<\/span><\/p>\n<p style=\"text-align: justify;\"><span style=\"font-size: 14pt;\"><span lang=\"ES-TRAD\">A<\/span>s\u00ed, mientras las <strong>filosof\u00edas de lo Uno<\/strong> (<em>donde lo Uno transciende al Ser y, por lo tanto, establece rangos<\/em>) conciben la pol\u00edtica, en coherencia con su <em>pensamiento metaf\u00edsico<\/em>, seg\u00fan la siguiente l\u00f3gica: <strong>alguien manda y los dem\u00e1s obedecen<\/strong>, la propuesta <em><strong>inmanentista<\/strong> <\/em>de\u00a0<strong>Spinoza<\/strong>\u00a0plantea un <strong>abordaje de lo pol\u00edtico donde lo primordial es c\u00f3mo ser libre y c\u00f3mo efectuar la potencia de los hombres en las mejores condiciones<\/strong>.<\/span><\/p>\n<p style=\"text-align: justify;\"><span style=\"font-size: 14pt;\"><strong><span lang=\"ES-TRAD\">T<\/span>odos los hombres valen lo mismo desde el punto de vista del <em>Ser<\/em>, no hay jerarqu\u00eda posible en esta <em>ontolog\u00eda <\/em>que, aplicada al dominio de lo pol\u00edtico, hace tambalear las cl\u00e1sicas legitimaciones de la servidumbre y produce un cambio en las prioridades<\/strong>.\u00a0<\/span><span style=\"font-size: 14pt;\">Como se ha se\u00f1alado muy acertadamente a prop\u00f3sito de\u00a0<strong>Spinoza<\/strong>, la subversi\u00f3n de la metaf\u00edsica es subversi\u00f3n de la pol\u00edtica, <strong>subversi\u00f3n constructiva y principio del fin de la servidumbre<\/strong> <a id=\"ref2a\"><\/a><a href=\"#ref2\"><strong> (2)<\/strong><\/a>.<\/span><\/p>\n<p>&nbsp;<\/p>\n<blockquote>\n<p style=\"text-align: center;\"><span style=\"color: #008000;\"><strong><span style=\"font-size: 14pt;\">La subversi\u00f3n de la metaf\u00edsica es subversi\u00f3n de la pol\u00edtica, subversi\u00f3n constructiva y principio del fin de la servidumbre<\/span><\/strong><\/span><\/p>\n<\/blockquote>\n<p>&nbsp;<\/p>\n<p style=\"text-align: justify;\"><span style=\"font-size: 14pt;\"><strong><span lang=\"ES-TRAD\">C<\/span>\u00f3mo hacer que los hombres sean libres, c\u00f3mo lograr la efectuaci\u00f3n de su potencia en las mejores condiciones posibles, esa es la prioridad de una pol\u00edtica pensada de acuerdo con los par\u00e1metros ontol\u00f3gicos descritos<\/strong>. La relaci\u00f3n pol\u00edtica de la obediencia, primaria para los defensores de las <strong>filosof\u00edas de lo Uno<\/strong>, pasa aqu\u00ed a un segundo t\u00e9rmino. <\/span><\/p>\n<p style=\"text-align: justify;\"><span style=\"font-size: 14pt;\">Para\u00a0<strong>Spinoza<\/strong>\u00a0<strong>la obediencia es secundaria<\/strong> y s\u00f3lo tendr\u00e1 cabida si se inscribe <strong><em>previamente<\/em> <\/strong>en un <strong>sistema<\/strong> en el que <strong>la sociedad s\u00f3lo puede significar una cosa, a saber: el mejor medio para que un hombre efect\u00fae su potencia<\/strong>.<span id=\"more-2021\"><\/span><\/span><\/p>\n<p>&nbsp;<\/p>\n<p style=\"text-align: justify;\"><span style=\"font-size: 14pt;\"><span lang=\"ES-TRAD\"><strong><img loading=\"lazy\" decoding=\"async\" class=\"wp-image-67370 aligncenter\" src=\"https:\/\/puntocritico.com\/ausajpuntocritico\/wp-content\/uploads\/2020\/04\/franco-y-hitler-en-hendaya-fdr.jpg\" alt=\"\" width=\"320\" height=\"356\" data-id=\"67370\" \/><\/strong><\/span><\/span><\/p>\n<h3 style=\"text-align: center;\" align=\"center\"><span style=\"font-size: 18pt; color: #008000;\"><strong>ONTOLOG\u00cdA, \u00c9TICA Y MORAL<\/strong><\/span><\/h3>\n<p style=\"text-align: justify;\"><span style=\"font-size: 14pt;\"><span lang=\"ES-TRAD\">L<\/span>a concepci\u00f3n ontol\u00f3gica del pensamiento de\u00a0<strong>Spinoza<\/strong>\u00a0debe vincularse no s\u00f3lo a la pol\u00edtica, sino tambi\u00e9n a la \u00e9tica. Ya dijimos que en la filosof\u00eda de\u00a0<strong>Spinoza<\/strong>\u00a0hay una implicaci\u00f3n entre ontolog\u00eda, \u00e9tica y pol\u00edtica que es constitutiva de su sistema.\u00a0<\/span><\/p>\n<p style=\"text-align: justify;\"><span style=\"font-size: 14pt;\"><span lang=\"ES-TRAD\">P<\/span>recisamente a ra\u00edz de la concepci\u00f3n ontol\u00f3gica y su diferenciaci\u00f3n respecto a las <strong>filosof\u00edas de lo Uno<\/strong>, es conveniente referirse a la diferencia entre la \u00e9tica y la moral presente en el pensamiento de\u00a0<strong>Spinoza<\/strong>. De nuevo es\u00a0<a href=\"https:\/\/puntocritico.com\/ausajpuntocritico\/2023\/05\/12\/deleuze-en-medio-de-spinoza\/\"><strong>Gilles Deleuze<\/strong><\/a> quien ha marcado insistentemente esta diferencia que puede ayudarnos a acercarnos un poco m\u00e1s al problema de la servidumbre <a id=\"ref3a\"><\/a><a href=\"#ref3\"><strong> (3)<\/strong><\/a>.<\/span><\/p>\n<p style=\"text-align: justify;\"><span style=\"font-size: 14pt;\"><span lang=\"ES-TRAD\">P<\/span>ara <strong>Deleuze<\/strong> es importante se\u00f1alar la diferencia entre \u00e9tica y la moral a prop\u00f3sito de\u00a0<strong>Spinoza<\/strong>, porque en consonancia con el pensamiento ontol\u00f3gico del fil\u00f3sofo holand\u00e9s, s\u00f3lo la palabra \u00e9tica ser\u00eda adecuada. La moral implica siempre algo superior al ser, el nombre de lo <em>Uno<\/em> que fascina y produce un efecto de encantamiento sobre los hombres, como ya nos dijera\u00a0<strong>La Bo\u00e9tie\u00a0<\/strong><a id=\"ref4a\"><\/a><a href=\"#ref4\"><strong>(4)<\/strong><\/a>, y que en este caso lleva el nombre de <em><strong>Bien<\/strong><\/em>. La \u00e9tica, por el contrario, no reconoce una instancia superior al ser, y se constituye como una \u00ab<em>ciencia pr\u00e1ctica<\/em>\u00bb referida a las distintas maneras de ser que se caracteriza por respetar las singularidades.<\/span><\/p>\n<p>&nbsp;<\/p>\n<blockquote>\n<p style=\"text-align: center;\"><span style=\"color: #008000;\"><strong><span style=\"font-size: 14pt;\">La \u00e9tica, por el contrario, no reconoce una instancia superior al ser, y se constituye como una \u00ab<em>ciencia pr\u00e1ctica<\/em>\u00bb referida a las distintas maneras de ser que se caracteriza por respetar las singularidades.<\/span><\/strong><\/span><\/p>\n<\/blockquote>\n<p>&nbsp;<\/p>\n<figure id=\"attachment_2256089\" aria-describedby=\"caption-attachment-2256089\" style=\"width: 260px\" class=\"wp-caption aligncenter\"><a href=\"https:\/\/puntocritico.com\/ausajpuntocritico\/2024\/03\/20\/la-servidumbre-voluntaria-por-esteban-de-la-boetie-republicado\/\"><img loading=\"lazy\" decoding=\"async\" class=\"wp-image-2256089\" src=\"https:\/\/puntocritico.com\/ausajpuntocritico\/wp-content\/uploads\/2022\/09\/boetie_montaigne-235x300.webp\" alt=\"\" width=\"260\" height=\"332\" srcset=\"https:\/\/puntocritico.com\/ausajpuntocritico\/wp-content\/uploads\/2022\/09\/boetie_montaigne-235x300.webp 235w, https:\/\/puntocritico.com\/ausajpuntocritico\/wp-content\/uploads\/2022\/09\/boetie_montaigne.webp 550w\" sizes=\"auto, (max-width: 260px) 100vw, 260px\" \/><\/a><figcaption id=\"caption-attachment-2256089\" class=\"wp-caption-text\"><span style=\"color: #008000;\"><a style=\"color: #008000;\" href=\"https:\/\/puntocritico.com\/ausajpuntocritico\/2024\/03\/20\/la-servidumbre-voluntaria-por-esteban-de-la-boetie-republicado\/\"><strong>LA SERVIDUMBRE VOLUNTARIA, por Esteban de La Bo\u00e9tie<\/strong><\/a>. Imagen de Etienne de la Boetie con Michel de Montaigne <\/span><\/figcaption><\/figure>\n<p>&nbsp;<\/p>\n<p style=\"text-align: justify;\"><span style=\"font-size: 14pt;\"><span lang=\"ES-TRAD\">L<\/span>o que esta en juego en una moral es el tema de la esencia, la cual se encuentra en potencia en el hombre y debe ser realizada. Este punto de vista de la esencia es lo que legitima el poder de dar \u00f3rdenes que se adjudica la moral, dado que se presenta a s\u00ed misma como el proceso de realizaci\u00f3n de la esencia humana frente a posibles desviaciones. La esencia humana s\u00f3lo est\u00e1 en potencia, hay que realizarla, y esa es la tarea de la moral, que toma la esencia como fin y se construye como un conjunto de juicios en torno a valores (<em>bien y mal<\/em>).<\/span><\/p>\n<p style=\"text-align: justify;\"><span style=\"font-size: 14pt;\"><span lang=\"ES-TRAD\">A<\/span>hora bien, para la \u00e9tica de\u00a0<strong>Spinoza<\/strong> la esencia no es universal, no podemos hablar de algo as\u00ed como una \u00ab<em><strong>esencia humana<\/strong><\/em>\u00bb, porque la esencia es siempre una determinaci\u00f3n singular. Desde el punto de vista de la \u00e9tica no hay ideas generales ni valores transcendentes en base a los cuales puedan fundamentarse los juicios. La \u00e9tica se refiere a los existentes concretos, se interesa por los existentes en su singularidad, respeta las diferencias, porque el \u00fanico valor que reconoce es el de la libertad del hombre.<\/span><\/p>\n<p style=\"text-align: justify;\"><span style=\"font-size: 14pt;\"><span lang=\"ES-TRAD\">E<\/span>s importante remarcar el cambio de perspectiva que implica el pensamiento de\u00a0<strong>Spinoza<\/strong>. Por un lado, la ontolog\u00eda no hace diferencias en cuanto al ser: <strong>todos los seres valen lo mismo y no hay jerarqu\u00edas, porque no se admite el <em>Uno <\/em>desde el cual el ser puede ser juzgado<\/strong>. Por otro lado, y en consonancia con lo anterior, la \u00e9tica rescata las diferencias de cada existente singular, diferencias anuladas por la perspectiva moral que se limita a juzgar a los hombres en raz\u00f3n de una esencia universal.<\/span><\/p>\n<p style=\"text-align: justify;\"><span style=\"font-size: 14pt;\"><span lang=\"ES-TRAD\">A<\/span>\u00a0la \u00e9tica no le interesa referir la existencia a valores transcendentes, lo que le interesa son las existencias singulares, los modos concretos de existencia.\u00a0<em>\u00abNo sabemos lo que puede el cuerpo\u2026\u00bb,<\/em>\u00a0nos dice\u00a0<strong>Spinoza<\/strong>\u00a0en la\u00a0<strong><em>\u00c9tica<\/em><\/strong>, y esto supone un cambio radical de perspectiva, porque <strong>lo importante ya no es la pregunta por la esencia, sino por la potencia<\/strong>; <strong>ning\u00fan hombre vale m\u00e1s que otro por razones de jerarqu\u00eda sino <a href=\"https:\/\/puntocritico.com\/ausajpuntocritico\/2025\/02\/14\/spinoza-y-la-concepcion-de-la-politica-como-potencia-por-cristian-andres-tejeda-gomez\/\">por razones de potencia y de<\/a><\/strong> <strong>efectuaci\u00f3n de la potencia<\/strong>. Esto significa que no hay un orden preestablecido en las cosas, que no sabemos cual es ese orden, porque las cosas no se definen por lo que son sino por lo que pueden.<\/span><\/p>\n<p style=\"text-align: justify;\"><span style=\"font-size: 14pt;\"><span lang=\"ES-TRAD\">Y<\/span>\u00a0habr\u00eda que a\u00f1adir: por lo que pueden en un entramado de relaciones entre cuerpos donde ya no tiene cabida ning\u00fan tipo de jerarqu\u00eda preestablecida, sino tan solo los encuentros que incrementan o disminuyen nuestra potencia de actuar, que nos ayudan o nos dificultan la tarea consistente en realizar nuestra libertad.<\/span><\/p>\n<p>&nbsp;<\/p>\n<p><a href=\"https:\/\/puntocritico.com\/ausajpuntocritico\/2023\/08\/11\/libertad-y-necesidad-en-spinoza-1-por-jean-paul-margot\/\"><img loading=\"lazy\" decoding=\"async\" class=\"aligncenter wp-image-9806\" src=\"https:\/\/puntocritico.com\/ausajpuntocritico\/wp-content\/uploads\/2018\/03\/Spinoza-faro-ola-2-196x300.jpg\" alt=\"\" width=\"300\" height=\"458\" srcset=\"https:\/\/puntocritico.com\/ausajpuntocritico\/wp-content\/uploads\/2018\/03\/Spinoza-faro-ola-2-196x300.jpg 196w, https:\/\/puntocritico.com\/ausajpuntocritico\/wp-content\/uploads\/2018\/03\/Spinoza-faro-ola-2.jpg 491w\" sizes=\"auto, (max-width: 300px) 100vw, 300px\" \/><\/a><\/p>\n<p>&nbsp;<\/p>\n<p style=\"text-align: justify;\"><span style=\"font-size: 14pt;\"><span lang=\"ES-TRAD\">S<\/span>eg\u00fan la teor\u00eda del <strong><em>Conatus<\/em>\u00a0<\/strong>de\u00a0<strong>Spinoza<\/strong>, cada uno se esfuerza por perseverar en su ser, es decir, en la efectuaci\u00f3n de la potencia consistente en alcanzar lo m\u00e1ximo que uno puede. A este <a href=\"https:\/\/puntocritico.com\/ausajpuntocritico\/2024\/10\/11\/el-concepto-de-poder-en-spinoza-parte-iii-por-f-javier-ansuategui-roig-republicado\/\"><em><strong>Conatus<\/strong><\/em><\/a><em><strong>\u00a0<\/strong><\/em>o esfuerzo del hombre por perseverar en su ser,\u00a0<strong>Spinoza <\/strong>lo llama\u00a0<em>apetito<\/em>\u00a0o\u00a0<em>deseo<\/em>, y por ello resulta enormemente dif\u00edcil aceptar que los hombres puedan desear su servidumbre. El deseo de servidumbre es algo que atenta contra el <em><strong>Conatus\u00a0<\/strong><\/em>como principio ontol\u00f3gico.<\/span><\/p>\n<p style=\"text-align: justify;\"><span style=\"font-size: 14pt;\"><span lang=\"ES-TRAD\">S<\/span>in embargo, no podemos pasar por alto que el deseo tambi\u00e9n puede ser pervertido, alienado, porque siempre estamos en relaci\u00f3n con una cierta exterioridad que nos afecta. Necesitamos relacionarnos para vivir, para aumentar nuestra potencia de actuar, para realizar nuestra libertad, y el encuentro con otros cuerpos puede aumentar nuestra potencia de ser, pero tambi\u00e9n puede disminuirla.<\/span><\/p>\n<p>&nbsp;<\/p>\n<blockquote>\n<p style=\"text-align: center;\"><span style=\"color: #008000;\"><strong><span style=\"font-size: 14pt;\"><span lang=\"ES-TRAD\">N<\/span>o puede hablarse ya, desde esta perspectiva de la \u00e9tica, del <em>Bien <\/em>y el <em>Mal <\/em>como entidades aut\u00f3nomas y transcendentes, sino de lo que es bueno o malo para m\u00ed, es decir, de aquello que es o no componible conmigo<\/span><\/strong><\/span><\/p>\n<\/blockquote>\n<p>&nbsp;<\/p>\n<p style=\"text-align: justify;\"><span style=\"font-size: 14pt;\"><span lang=\"ES-TRAD\">N<\/span>o puede hablarse ya, desde esta perspectiva de la \u00e9tica, del <em><strong>Bien<\/strong> <\/em>y el <em><strong>Mal<\/strong> <\/em>como entidades aut\u00f3nomas y transcendentes, sino de lo que es bueno o malo para m\u00ed, es decir, de aquello que es o no componible conmigo. <strong>Lo bueno ser\u00e1 aquello que resulta conveniente a mi naturaleza y aumenta mi potencia; lo malo ser\u00e1, obviamente, lo contrario<\/strong>.<\/span><\/p>\n<p style=\"text-align: justify;\"><span style=\"font-size: 14pt;\"><span lang=\"ES-TRAD\">E<\/span>l encuentro entre dos cuerpos puede ser componible o incomponible. Aqu\u00ed es donde se revela el <strong>car\u00e1cter pr\u00e1ctico de la \u00e9tica<\/strong>, cuyo objetivo principal consistir\u00e1 en <strong>favorecer los encuentros compatibles<\/strong> (<em>las pasiones alegres<\/em>) <strong>y evitar los encuentros incompatibles<\/strong> (<em>las pasiones tristes<\/em>).<\/span><\/p>\n<p>&nbsp;<\/p>\n<p><img loading=\"lazy\" decoding=\"async\" class=\"aligncenter wp-image-67318\" src=\"https:\/\/puntocritico.com\/ausajpuntocritico\/wp-content\/uploads\/2020\/04\/DELEUZE.jpg\" alt=\"\" width=\"480\" height=\"335\" data-id=\"67318\" \/><\/p>\n<h3 style=\"text-align: center;\" align=\"center\"><span style=\"font-size: 18pt; color: #008000;\"><strong>LA POL\u00cdTICA DE LAS PASIONES<\/strong><\/span><\/h3>\n<p style=\"text-align: justify;\"><span style=\"font-size: 14pt;\"><span lang=\"ES-TRAD\">E<\/span>l an\u00e1lisis de las pasiones llevado a cabo por\u00a0<strong>Spinoza<\/strong>\u00a0est\u00e1 muy relacionado con su manera de concebir la filosof\u00eda pol\u00edtica, en la cual toma en consideraci\u00f3n las pasiones precisamente como unidades elementales de la constituci\u00f3n de la vida en com\u00fan de los hombres.<\/span><\/p>\n<p style=\"text-align: justify;\"><span style=\"font-size: 14pt;\"><strong><span lang=\"ES-TRAD\">S<\/span>pinoza<\/strong>\u00a0cree firmemente en la relaci\u00f3n de las pasiones con la pol\u00edtica, y cr\u00edtica a los fil\u00f3sofos m\u00e1s puros que desprecian las pasiones en tanto vicios, para ocuparse de ideales morales o fines \u201c<em>m\u00e1s elevados<\/em>\u201d. Es precisamente a partir del an\u00e1lisis de las pasiones como\u00a0<strong>Spinoza<\/strong>\u00a0puede desenmascarar todo el entramado de ilusiones transcendentes que sirven para la esclavizaci\u00f3n de los hombres. Hasta tal punto las pasiones est\u00e1n en la base de la configuraci\u00f3n pol\u00edtica, que una forma de gobierno dada podr\u00e1 ser interpretada en virtud de las pasiones que la animan y que le confieren su materia.<\/span><\/p>\n<p style=\"text-align: justify;\"><span style=\"font-size: 14pt;\"><span lang=\"ES-TRAD\">A<\/span>s\u00ed, la pregunta que nos ocupa, y que\u00a0<strong>Deleuze<\/strong>\u00a0presenta como el eje sobre el cual gira toda la filosof\u00eda pol\u00edtica de\u00a0<strong>Spinoza<\/strong>\u00a0\u00bf<em>por qu\u00e9 los hombres luchan por su esclavitud como si se tratara de su salvaci\u00f3n<\/em>? nos remite a una configuraci\u00f3n espec\u00edfica de las pasiones: aquella en la que predominan las \u00ab<em>pasiones tristes\u00bb<\/em> de las que se alimenta el poder del tirano. Las pasiones constituyen formas de concebir el mundo, modos de estar en \u00e9l, maneras de relacionarse con los otros, y es en ellas donde deber\u00e1 buscarse la clave de la obediencia pol\u00edtica, sea en sus formas leg\u00edtimas, como en sus formas serviles.<\/span><\/p>\n<p>&nbsp;<\/p>\n<figure id=\"attachment_2272928\" aria-describedby=\"caption-attachment-2272928\" style=\"width: 440px\" class=\"wp-caption aligncenter\"><a href=\"https:\/\/puntocritico.com\/ausajpuntocritico\/2023\/05\/12\/deleuze-en-medio-de-spinoza\/\"><img loading=\"lazy\" decoding=\"async\" class=\"wp-image-2272928\" src=\"https:\/\/puntocritico.com\/ausajpuntocritico\/wp-content\/uploads\/2023\/05\/deleuze-spinoza-PPAL-1-300x199.jpg\" alt=\"\" width=\"440\" height=\"292\" srcset=\"https:\/\/puntocritico.com\/ausajpuntocritico\/wp-content\/uploads\/2023\/05\/deleuze-spinoza-PPAL-1-300x199.jpg 300w, https:\/\/puntocritico.com\/ausajpuntocritico\/wp-content\/uploads\/2023\/05\/deleuze-spinoza-PPAL-1-610x405.jpg 610w, https:\/\/puntocritico.com\/ausajpuntocritico\/wp-content\/uploads\/2023\/05\/deleuze-spinoza-PPAL-1-678x452.jpg 678w, https:\/\/puntocritico.com\/ausajpuntocritico\/wp-content\/uploads\/2023\/05\/deleuze-spinoza-PPAL-1.jpg 680w\" sizes=\"auto, (max-width: 440px) 100vw, 440px\" \/><\/a><figcaption id=\"caption-attachment-2272928\" class=\"wp-caption-text\"><a href=\"https:\/\/puntocritico.com\/ausajpuntocritico\/2023\/05\/12\/deleuze-en-medio-de-spinoza\/\"><span style=\"color: #008000;\">Deleuze y Spinoza <\/span><\/a><\/figcaption><\/figure>\n<p>&nbsp;<\/p>\n<p style=\"text-align: justify;\"><span style=\"font-size: 14pt;\"><span lang=\"ES-TRAD\">H<\/span>ay toda una estimaci\u00f3n de las pasiones en el pensamiento de\u00a0<strong>Spinoza<\/strong>, pero eso no impide que se haga cargo de sus aspectos negativos. En cierto sentido, la pasi\u00f3n es entendida como una deficiencia con relaci\u00f3n a la acci\u00f3n y al conocimiento, porque en tanto padecer, implica una barrera y una inadecuaci\u00f3n.<\/span><\/p>\n<p style=\"text-align: justify;\"><span style=\"font-size: 14pt;\"><span lang=\"ES-TRAD\">P<\/span>or eso el esfuerzo \u00e9tico-pol\u00edtico consiste en transformar las pasiones tristes en pasiones alegres, y \u00e9stas \u00faltimas en acciones, o lo que es lo mismo, pasar a una mayor potencia que es a la vez un progreso en la escala del conocimiento y en el dominio de uno mismo. Mientras padecemos estamos sujetos al dominio de las pasiones y, por lo tanto, carecemos de autonom\u00eda y de libertad.<\/span><\/p>\n<p style=\"text-align: justify;\"><span style=\"font-size: 14pt;\"><span lang=\"ES-TRAD\">E<\/span>l problema de las condiciones de la servidumbre remite, de acuerdo con este modo de enfocar la pol\u00edtica en\u00a0<strong>Spinoza<\/strong>, a dos pasiones principales: <strong>el miedo y la esperanza<\/strong>, aunque las dos podr\u00edan agruparse en una sola en raz\u00f3n de su implicaci\u00f3n mutua. <strong>Esperanza y miedo son las \u00ab<em>pasiones comunes<\/em>\u00bb que est\u00e1n en la base de la formaci\u00f3n del estado civil<\/strong>.<\/span><\/p>\n<p>&nbsp;<\/p>\n<blockquote>\n<p style=\"text-align: center;\"><strong><span style=\"font-size: 14pt; color: #008000;\">Esperanza y miedo son las \u00ab<em>pasiones comunes<\/em>\u00bb que est\u00e1n en la base de la formaci\u00f3n del estado civil<\/span><\/strong><\/p>\n<\/blockquote>\n<p>&nbsp;<\/p>\n<p><a href=\"https:\/\/puntocritico.com\/ausajpuntocritico\/2023\/11\/10\/la-concordia-social-y-la-libertad-por-baruch-de-spinoza-2\/\"><img loading=\"lazy\" decoding=\"async\" class=\"aligncenter wp-image-6787\" src=\"https:\/\/puntocritico.com\/ausajpuntocritico\/wp-content\/uploads\/2017\/11\/concordia-300x169.jpg\" alt=\"\" width=\"480\" height=\"270\" srcset=\"https:\/\/puntocritico.com\/ausajpuntocritico\/wp-content\/uploads\/2017\/11\/concordia-300x169.jpg 300w, https:\/\/puntocritico.com\/ausajpuntocritico\/wp-content\/uploads\/2017\/11\/concordia.jpg 678w\" sizes=\"auto, (max-width: 480px) 100vw, 480px\" \/><\/a><\/p>\n<p>&nbsp;<\/p>\n<p style=\"text-align: justify;\"><span style=\"font-size: 14pt;\"><span lang=\"ES-TRAD\">E<\/span>l contrato social es instituido a partir del miedo imperante en el estado de naturaleza, y en orden a la seguridad -pasi\u00f3n derivada de la esperanza, en cuanto \u00e9sta pierde su incertidumbre- provista por el estado civil, que en lo que sigue se conserva de manera negativa gracias a la promesa mantenida de seguridad, al miedo a los castigos y a la esperanza de recompensas.<\/span><\/p>\n<p style=\"text-align: justify;\"><span style=\"font-size: 14pt;\"><a href=\"https:\/\/puntocritico.com\/ausajpuntocritico\/2024\/02\/05\/entre-el-miedo-y-la-esperanza-2\/\"><span lang=\"ES-TRAD\"><strong>E<\/strong><\/span><strong>speranza y miedo<\/strong><\/a> son, as\u00ed pues, concebidas por\u00a0<strong>Spinoza<\/strong>\u00a0como <strong>dispositivos de dominio que inducen a la pasividad, que obstruyen o bloquean el incremento de nuestra potencia de existir<\/strong>, cuya realizaci\u00f3n es la forma misma de la vida buena. Mientras duran, estas pasiones dominan el cuerpo, la imaginaci\u00f3n y la mente de los hombres, llev\u00e1ndolos a la inactividad y al sometimiento (TTP: II, X).<\/span><\/p>\n<p>&nbsp;<\/p>\n<p><a href=\"https:\/\/puntocritico.com\/ausajpuntocritico\/2024\/02\/05\/entre-el-miedo-y-la-esperanza-2\/\"><img loading=\"lazy\" decoding=\"async\" class=\"aligncenter wp-image-15301\" src=\"https:\/\/puntocritico.com\/ausajpuntocritico\/wp-content\/uploads\/2018\/12\/Entre-el-Miedo-y-la-Esperanza678x381-1-300x169.jpg\" alt=\"\" width=\"480\" height=\"270\" srcset=\"https:\/\/puntocritico.com\/ausajpuntocritico\/wp-content\/uploads\/2018\/12\/Entre-el-Miedo-y-la-Esperanza678x381-1-300x169.jpg 300w, https:\/\/puntocritico.com\/ausajpuntocritico\/wp-content\/uploads\/2018\/12\/Entre-el-Miedo-y-la-Esperanza678x381-1-267x150.jpg 267w, https:\/\/puntocritico.com\/ausajpuntocritico\/wp-content\/uploads\/2018\/12\/Entre-el-Miedo-y-la-Esperanza678x381-1.jpg 678w\" sizes=\"auto, (max-width: 480px) 100vw, 480px\" \/><\/a><\/p>\n<p>&nbsp;<\/p>\n<p style=\"text-align: justify;\"><span style=\"font-size: 14pt;\"><span lang=\"ES-TRAD\">D<\/span>esde esta perspectiva cuestionadora de la esperanza y el miedo,\u00a0<strong>Spinoza<\/strong>\u00a0discute con el poder teol\u00f3gico-pol\u00edtico, la raz\u00f3n de estado y las utop\u00edas cuyas falsas ilusiones debilitan nuestra potencia de actuar. A sus ojos, la esfera m\u00e1s \u00ab<em>elevada<\/em>\u00bb del esp\u00edritu, formada por las ilusiones de la teolog\u00eda, la metaf\u00edsica y la moral, muestra oscuras connivencias pol\u00edticas, revel\u00e1ndose como justificaci\u00f3n de lo inaceptable.<\/span><\/p>\n<p style=\"text-align: justify;\"><span style=\"font-size: 14pt;\"><span lang=\"ES-TRAD\">E<\/span>l poder pol\u00edtico-religioso hace uso de las pasiones que nos afligen para crear todo un entramado ficticio de prejuicios que no por falsos dejan de ser consistentes, y que forman una red tan densa y eficaz que tiende a convertirse en el tejido sobre el que se configura la realidad que nos aprisiona y nos convierte en esclavos. Los prejuicios configuran un mundo de creencias imaginarias, metaf\u00edsica; pero real para nosotros.<\/span><\/p>\n<p style=\"text-align: justify;\"><span style=\"font-size: 14pt;\"><span lang=\"ES-TRAD\">U<\/span>niverso redondo, perfecto, colmado de ideales, fines, juicios y poderes abstractos que nos sujetan como una tela de ara\u00f1a con sus promesas de seguridad y salvaci\u00f3n.\u00a0<strong>Spinoza<\/strong>\u00a0se propone analizar este entramado para desenmascararlo, para frustrar sus intereses ocultos de dominaci\u00f3n, lo cual marca el car\u00e1cter cr\u00edtico de su filosof\u00eda pr\u00e1ctica, consistente en denunciar a quienes cultivan y dependen de las pasiones tristes de los hombres <a id=\"ref5a\"><\/a><a href=\"#ref5\"><strong>(5)<\/strong><\/a>.<\/span><\/p>\n<p>&nbsp;<\/p>\n<p><img loading=\"lazy\" decoding=\"async\" class=\"aligncenter wp-image-2259697\" src=\"https:\/\/puntocritico.com\/ausajpuntocritico\/wp-content\/uploads\/2022\/10\/BARAUCH-SPINOZA-DURMIENTE-IP-300x199.jpg\" alt=\"\" width=\"440\" height=\"292\" srcset=\"https:\/\/puntocritico.com\/ausajpuntocritico\/wp-content\/uploads\/2022\/10\/BARAUCH-SPINOZA-DURMIENTE-IP-300x199.jpg 300w, https:\/\/puntocritico.com\/ausajpuntocritico\/wp-content\/uploads\/2022\/10\/BARAUCH-SPINOZA-DURMIENTE-IP-610x405.jpg 610w, https:\/\/puntocritico.com\/ausajpuntocritico\/wp-content\/uploads\/2022\/10\/BARAUCH-SPINOZA-DURMIENTE-IP-678x452.jpg 678w, https:\/\/puntocritico.com\/ausajpuntocritico\/wp-content\/uploads\/2022\/10\/BARAUCH-SPINOZA-DURMIENTE-IP.jpg 680w\" sizes=\"auto, (max-width: 440px) 100vw, 440px\" \/><\/p>\n<p style=\"text-align: center;\" align=\"center\"><strong><span style=\"color: #008000; font-size: 18pt;\">* * *<\/span><\/strong><\/p>\n<p style=\"text-align: justify;\"><span style=\"font-size: 14pt;\"><a href=\"https:\/\/philpapers.org\/rec\/ASILID\" target=\"_blank\" rel=\"noopener\" data-schema-attribute=\"\"><strong>ENRIQUE \u00c1LVAREZ ASIA\u00cdN<\/strong><\/a>,\u00a0<em>Una lectura deleuziana del problema de la servidumbre en Spinoza<\/em> (UCM\/UBA). [<a href=\"https:\/\/www.filosofiadigital.com\/metafisica-de-la-servidumbre-voluntaria\/\" target=\"_blank\" rel=\"noopener noreferrer\">Filosofia Digital<\/a> , 19\/02\/2007]<\/span><\/p>\n<p>&nbsp;<\/p>\n<p><img loading=\"lazy\" decoding=\"async\" class=\"aligncenter wp-image-67319\" src=\"https:\/\/puntocritico.com\/ausajpuntocritico\/wp-content\/uploads\/2020\/04\/liquidity_money_350.259-300x160.jpg\" alt=\"\" width=\"480\" height=\"257\" data-id=\"67319\" srcset=\"https:\/\/puntocritico.com\/ausajpuntocritico\/wp-content\/uploads\/2020\/04\/liquidity_money_350.259-300x160.jpg 300w, https:\/\/puntocritico.com\/ausajpuntocritico\/wp-content\/uploads\/2020\/04\/liquidity_money_350.259-768x411.jpg 768w, https:\/\/puntocritico.com\/ausajpuntocritico\/wp-content\/uploads\/2020\/04\/liquidity_money_350.259.jpg 830w\" sizes=\"auto, (max-width: 480px) 100vw, 480px\" \/><\/p>\n<p>&nbsp;<\/p>\n<hr \/>\n<blockquote>\n<h3 style=\"text-align: center;\"><span style=\"font-size: 14pt; background-color: #ccffcc;\"><strong>NOTAS<\/strong><\/span><\/h3>\n<p style=\"text-align: center;\"><em><a id=\"ref1\"><\/a><a href=\"#ref1a\">1)<\/a> G. Deleuze. En medio de Spinoza, Buenos Aires: Cactus, 2003, p. 54. <\/em><\/p>\n<p style=\"text-align: center;\"><em><a id=\"ref2\"><\/a><a href=\"#ref2a\">2)<\/a> A. Tosel. Spinoza ou le cr\u00e9puscule de la servitude, Paris: Aubier, 1984, pp. 296 y 274-275. <\/em><\/p>\n<p style=\"text-align: center;\"><em><a id=\"ref3\"><\/a><a href=\"#ref3a\">3)<\/a> Cf. G. Deleuze. Spinoza: filosof\u00eda pr\u00e1ctica, Buenos Aires: Tusquets, 2004, pp. 27-40. <\/em><\/p>\n<p style=\"text-align: center;\"><em><a id=\"ref4\"><\/a><a href=\"#ref4a\">4)<\/a> \u00abCosa inaudita, por cierto, y sin embargo tan com\u00fan que m\u00e1s bien es menester lamentarlo que sorprenderse, ver a un mill\u00f3n de hombres que se someten miserablemente con el cuello bajo el yugo, no obligados por una fuerza mayor sino (al parecer) encantados y fascinados por el solo nombre de uno\u00bb. \u00c9tienne De la Bo\u00e9tie. Discurso de la servidumbre voluntaria, Buenos Aires: Superabundans Haut, 2006, p.<\/em><\/p>\n<p style=\"text-align: center;\"><em><a id=\"ref5\"><\/a><a href=\"#ref5a\">5)<\/a> Cf. G. Deleuze. Spinoza et le probl\u00e8me de l\u2019expression, Par\u00eds: Les \u00e9ditions de Minuit, 1968, p. 272.<\/em><\/p>\n<p style=\"text-align: center;\">\u00a0<\/p>\n<\/blockquote>\n<p><img loading=\"lazy\" decoding=\"async\" class=\"aligncenter wp-image-21675\" src=\"https:\/\/puntocritico.com\/ausajpuntocritico\/wp-content\/uploads\/2019\/09\/La-Servidumbre-humana-Spinoza-Principal-300x169.jpg\" alt=\"\" width=\"440\" height=\"247\" data-id=\"21675\" srcset=\"https:\/\/puntocritico.com\/ausajpuntocritico\/wp-content\/uploads\/2019\/09\/La-Servidumbre-humana-Spinoza-Principal-300x169.jpg 300w, https:\/\/puntocritico.com\/ausajpuntocritico\/wp-content\/uploads\/2019\/09\/La-Servidumbre-humana-Spinoza-Principal.jpg 678w\" sizes=\"auto, (max-width: 440px) 100vw, 440px\" \/><\/p>\n<p style=\"text-align: center;\"><strong><span style=\"color: #008000; font-size: 18pt;\">*******<\/span><\/strong><\/p>\n<h2><span style=\"font-size: 14pt; background-color: #ccffcc;\"><strong>RELACIONADOS<\/strong>:\u00a0<\/span><\/h2>\n<blockquote class=\"wp-embedded-content\" data-secret=\"PFlsACxdrg\"><p><a href=\"https:\/\/puntocritico.com\/ausajpuntocritico\/2023\/05\/05\/spinoza-ateo-diferencia-entre-la-etica-y-la-moral-por-gilles-deleuze\/\">GILLES DELEUZE: \u00abSpinoza, ateo. Diferencia entre la \u00c9tica y la Moral\u00bb.<\/a><\/p><\/blockquote>\n<p><iframe loading=\"lazy\" class=\"wp-embedded-content\" sandbox=\"allow-scripts\" security=\"restricted\" style=\"position: absolute; visibility: hidden;\" title=\"\u00abGILLES DELEUZE: \u00abSpinoza, ateo. Diferencia entre la \u00c9tica y la Moral\u00bb.\u00bb \u2014 Punto Cr\u00edtico Derechos Humanos\" src=\"https:\/\/puntocritico.com\/ausajpuntocritico\/2023\/05\/05\/spinoza-ateo-diferencia-entre-la-etica-y-la-moral-por-gilles-deleuze\/embed\/#?secret=vRjNN0JDOv#?secret=PFlsACxdrg\" data-secret=\"PFlsACxdrg\" width=\"500\" height=\"282\" frameborder=\"0\" marginwidth=\"0\" marginheight=\"0\" scrolling=\"no\"><\/iframe><\/p>\n<blockquote class=\"wp-embedded-content\" data-secret=\"gDqocbV0Ef\"><p><a href=\"https:\/\/puntocritico.com\/ausajpuntocritico\/2023\/05\/12\/deleuze-en-medio-de-spinoza\/\">Deleuze en medio de Spinoza<\/a><\/p><\/blockquote>\n<p><iframe loading=\"lazy\" class=\"wp-embedded-content\" sandbox=\"allow-scripts\" security=\"restricted\" style=\"position: absolute; visibility: hidden;\" title=\"\u00abDeleuze en medio de Spinoza\u00bb \u2014 Punto Cr\u00edtico Derechos Humanos\" src=\"https:\/\/puntocritico.com\/ausajpuntocritico\/2023\/05\/12\/deleuze-en-medio-de-spinoza\/embed\/#?secret=WTroPN7Gu3#?secret=gDqocbV0Ef\" data-secret=\"gDqocbV0Ef\" width=\"500\" height=\"282\" frameborder=\"0\" marginwidth=\"0\" marginheight=\"0\" scrolling=\"no\"><\/iframe><\/p>\n<blockquote class=\"wp-embedded-content\" data-secret=\"ijBZWmqrUh\"><p><a href=\"https:\/\/puntocritico.com\/ausajpuntocritico\/2024\/03\/20\/la-servidumbre-voluntaria-por-esteban-de-la-boetie-republicado\/\">LA SERVIDUMBRE VOLUNTARIA, por Esteban de La Bo\u00e9tie. \u00ab\u00bfPorqu\u00e9 consideramos la Independencia de los Jueces como un bien?\u00bb<\/a><\/p><\/blockquote>\n<p><iframe loading=\"lazy\" class=\"wp-embedded-content\" sandbox=\"allow-scripts\" security=\"restricted\" style=\"position: absolute; visibility: hidden;\" title=\"\u00abLA SERVIDUMBRE VOLUNTARIA, por Esteban de La Bo\u00e9tie. \u00ab\u00bfPorqu\u00e9 consideramos la Independencia de los Jueces como un bien?\u00bb\u00bb \u2014 Punto Cr\u00edtico Derechos Humanos\" src=\"https:\/\/puntocritico.com\/ausajpuntocritico\/2024\/03\/20\/la-servidumbre-voluntaria-por-esteban-de-la-boetie-republicado\/embed\/#?secret=KODZITeOeA#?secret=ijBZWmqrUh\" data-secret=\"ijBZWmqrUh\" width=\"500\" height=\"282\" frameborder=\"0\" marginwidth=\"0\" marginheight=\"0\" scrolling=\"no\"><\/iframe><\/p>\n<blockquote class=\"wp-embedded-content\" data-secret=\"YsJzoBxqyI\"><p><a href=\"https:\/\/puntocritico.com\/ausajpuntocritico\/2021\/12\/14\/sobre-la-libertad\/\">\u00abSOBRE LA LIBERTAD\u00bb, de John Stuart Mill. \u00abNo hay mejor prueba del progreso de la civilizaci\u00f3n que el progreso del poder de cooperaci\u00f3n\u00bb.<\/a><\/p><\/blockquote>\n<p><iframe loading=\"lazy\" class=\"wp-embedded-content\" sandbox=\"allow-scripts\" security=\"restricted\" style=\"position: absolute; visibility: hidden;\" title=\"\u00ab\u00abSOBRE LA LIBERTAD\u00bb, de John Stuart Mill. \u00abNo hay mejor prueba del progreso de la civilizaci\u00f3n que el progreso del poder de cooperaci\u00f3n\u00bb.\u00bb \u2014 Punto Cr\u00edtico Derechos Humanos\" src=\"https:\/\/puntocritico.com\/ausajpuntocritico\/2021\/12\/14\/sobre-la-libertad\/embed\/#?secret=auWpMJk9CD#?secret=YsJzoBxqyI\" data-secret=\"YsJzoBxqyI\" width=\"500\" height=\"282\" frameborder=\"0\" marginwidth=\"0\" marginheight=\"0\" scrolling=\"no\"><\/iframe><\/p>\n<blockquote class=\"wp-embedded-content\" data-secret=\"3i7LaZUdIP\"><p><a href=\"https:\/\/puntocritico.com\/ausajpuntocritico\/2021\/12\/22\/prohibido-prohibir-john-stuart-mill\/\">PROHIBIDO PROHIBIR: INTRODUCCI\u00d3N A \u00abSobre la Libertad\u00bb, de John Stuart Mill<\/a><\/p><\/blockquote>\n<p><iframe loading=\"lazy\" class=\"wp-embedded-content\" sandbox=\"allow-scripts\" security=\"restricted\" style=\"position: absolute; visibility: hidden;\" title=\"\u00abPROHIBIDO PROHIBIR: INTRODUCCI\u00d3N A \u00abSobre la Libertad\u00bb, de John Stuart Mill\u00bb \u2014 Punto Cr\u00edtico Derechos Humanos\" src=\"https:\/\/puntocritico.com\/ausajpuntocritico\/2021\/12\/22\/prohibido-prohibir-john-stuart-mill\/embed\/#?secret=vyJ8BAMRNf#?secret=3i7LaZUdIP\" data-secret=\"3i7LaZUdIP\" width=\"500\" height=\"282\" frameborder=\"0\" marginwidth=\"0\" marginheight=\"0\" scrolling=\"no\"><\/iframe><\/p>\n<blockquote class=\"wp-embedded-content\" data-secret=\"l6QXadYr0X\"><p><a href=\"https:\/\/puntocritico.com\/ausajpuntocritico\/2017\/03\/25\/discurso-sobre-la-libertad-de-los-antiguos-comparada-con-la-de-los-modernos-benjamin-constant\/\">DISCURSO SOBRE LA LIBERTAD DE LOS ANTIGUOS COMPARADA CON LA DE LOS MODERNOS &#8211; Benjamin Constant<\/a><\/p><\/blockquote>\n<p><iframe loading=\"lazy\" class=\"wp-embedded-content\" sandbox=\"allow-scripts\" security=\"restricted\" style=\"position: absolute; visibility: hidden;\" title=\"\u00abDISCURSO SOBRE LA LIBERTAD DE LOS ANTIGUOS COMPARADA CON LA DE LOS MODERNOS &#8211; Benjamin Constant\u00bb \u2014 Punto Cr\u00edtico Derechos Humanos\" src=\"https:\/\/puntocritico.com\/ausajpuntocritico\/2017\/03\/25\/discurso-sobre-la-libertad-de-los-antiguos-comparada-con-la-de-los-modernos-benjamin-constant\/embed\/#?secret=8smnB39s2q#?secret=l6QXadYr0X\" data-secret=\"l6QXadYr0X\" width=\"500\" height=\"282\" frameborder=\"0\" marginwidth=\"0\" marginheight=\"0\" scrolling=\"no\"><\/iframe><\/p>\n<blockquote class=\"wp-embedded-content\" data-secret=\"oqCbHcYOdY\"><p><a href=\"https:\/\/puntocritico.com\/ausajpuntocritico\/2019\/07\/03\/isaiah-berlin-dos-conceptos-de-libertad\/\">ISAIAH BERLIN: DOS CONCEPTOS DE LIBERTAD. \u00abLa Libertad de los lobos es la muerte para los corderos\u00bb.<\/a><\/p><\/blockquote>\n<p><iframe loading=\"lazy\" class=\"wp-embedded-content\" sandbox=\"allow-scripts\" security=\"restricted\" style=\"position: absolute; visibility: hidden;\" title=\"\u00abISAIAH BERLIN: DOS CONCEPTOS DE LIBERTAD. \u00abLa Libertad de los lobos es la muerte para los corderos\u00bb.\u00bb \u2014 Punto Cr\u00edtico Derechos Humanos\" src=\"https:\/\/puntocritico.com\/ausajpuntocritico\/2019\/07\/03\/isaiah-berlin-dos-conceptos-de-libertad\/embed\/#?secret=wpm4vU2xTc#?secret=oqCbHcYOdY\" data-secret=\"oqCbHcYOdY\" width=\"500\" height=\"282\" frameborder=\"0\" marginwidth=\"0\" marginheight=\"0\" scrolling=\"no\"><\/iframe><\/p>\n<blockquote class=\"wp-embedded-content\" data-secret=\"DertvLEFJ4\"><p><a href=\"https:\/\/puntocritico.com\/ausajpuntocritico\/2019\/06\/28\/el-esclavo-apasionado-una-lectura-fenomenologica-de-la-teoria-de-las-emociones-en-baruch-de-spinoza-por-victor-alvarado-davila\/\">\u00abEl Esclavo Apasionado\u00bb (PARTE 1). Una lectura fenomenol\u00f3gica de la teor\u00eda de las Emociones en Baruch de Spinoza, por V\u00edctor Alvarado D\u00e1vila<\/a><\/p><\/blockquote>\n<p><iframe loading=\"lazy\" class=\"wp-embedded-content\" sandbox=\"allow-scripts\" security=\"restricted\" style=\"position: absolute; visibility: hidden;\" title=\"\u00ab\u00abEl Esclavo Apasionado\u00bb (PARTE 1). Una lectura fenomenol\u00f3gica de la teor\u00eda de las Emociones en Baruch de Spinoza, por V\u00edctor Alvarado D\u00e1vila\u00bb \u2014 Punto Cr\u00edtico Derechos Humanos\" src=\"https:\/\/puntocritico.com\/ausajpuntocritico\/2019\/06\/28\/el-esclavo-apasionado-una-lectura-fenomenologica-de-la-teoria-de-las-emociones-en-baruch-de-spinoza-por-victor-alvarado-davila\/embed\/#?secret=FQSjKt2J9a#?secret=DertvLEFJ4\" data-secret=\"DertvLEFJ4\" width=\"500\" height=\"282\" frameborder=\"0\" marginwidth=\"0\" marginheight=\"0\" scrolling=\"no\"><\/iframe><\/p>\n<blockquote class=\"wp-embedded-content\" data-secret=\"LaNmqRmCki\"><p><a href=\"https:\/\/puntocritico.com\/ausajpuntocritico\/2019\/07\/05\/el-esclavo-apasionado-parte-2-una-lectura-fenomenologica-de-la-teoria-de-las-emociones-en-baruch-de-spinoza-por-victor-alvarado-davila\/\">\u00abEl Esclavo Apasionado\u00bb (PARTE 2). Una lectura fenomenol\u00f3gica de la Teor\u00eda de las Emociones en Baruch de Spinoza, por V\u00edctor Alvarado D\u00e1vila<\/a><\/p><\/blockquote>\n<p><iframe loading=\"lazy\" class=\"wp-embedded-content\" sandbox=\"allow-scripts\" security=\"restricted\" style=\"position: absolute; visibility: hidden;\" title=\"\u00ab\u00abEl Esclavo Apasionado\u00bb (PARTE 2). Una lectura fenomenol\u00f3gica de la Teor\u00eda de las Emociones en Baruch de Spinoza, por V\u00edctor Alvarado D\u00e1vila\u00bb \u2014 Punto Cr\u00edtico Derechos Humanos\" src=\"https:\/\/puntocritico.com\/ausajpuntocritico\/2019\/07\/05\/el-esclavo-apasionado-parte-2-una-lectura-fenomenologica-de-la-teoria-de-las-emociones-en-baruch-de-spinoza-por-victor-alvarado-davila\/embed\/#?secret=VIybC9sUl3#?secret=LaNmqRmCki\" data-secret=\"LaNmqRmCki\" width=\"500\" height=\"282\" frameborder=\"0\" marginwidth=\"0\" marginheight=\"0\" scrolling=\"no\"><\/iframe><\/p>\n<blockquote class=\"wp-embedded-content\" data-secret=\"Jjyf1YoBQb\"><p><a href=\"https:\/\/puntocritico.com\/ausajpuntocritico\/2019\/05\/17\/los-hombres-luchan-por-su-esclavitud-como-si-fuera-su-salvacion-por-mariana-periodico-el-libertario\/\">TRATADO TEOL\u00d3GICO POL\u00cdTICO (Spinoza): \u00abLos hombres luchan por su esclavitud como si fuera su salvaci\u00f3n\u00bb, por Mariana (peri\u00f3dico \u00abEl Libertario\u00bb)<\/a><\/p><\/blockquote>\n<p><iframe loading=\"lazy\" class=\"wp-embedded-content\" sandbox=\"allow-scripts\" security=\"restricted\" style=\"position: absolute; visibility: hidden;\" title=\"\u00abTRATADO TEOL\u00d3GICO POL\u00cdTICO (Spinoza): \u00abLos hombres luchan por su esclavitud como si fuera su salvaci\u00f3n\u00bb, por Mariana (peri\u00f3dico \u00abEl Libertario\u00bb)\u00bb \u2014 Punto Cr\u00edtico Derechos Humanos\" src=\"https:\/\/puntocritico.com\/ausajpuntocritico\/2019\/05\/17\/los-hombres-luchan-por-su-esclavitud-como-si-fuera-su-salvacion-por-mariana-periodico-el-libertario\/embed\/#?secret=Cim0XKdl3P#?secret=Jjyf1YoBQb\" data-secret=\"Jjyf1YoBQb\" width=\"500\" height=\"282\" frameborder=\"0\" marginwidth=\"0\" marginheight=\"0\" scrolling=\"no\"><\/iframe><\/p>\n<blockquote class=\"wp-embedded-content\" data-secret=\"4W9vv8tOep\"><p><a href=\"https:\/\/puntocritico.com\/ausajpuntocritico\/2019\/06\/29\/the-trap-3-we-will-force-you-to-be-free-adam-curtis-documental-con-subtitulos\/\">The Trap 3 &#8211; We Will Force You to Be Free &#8211; Adam Curtis (documental con subtitulos) \/\/ \u2018Dos conceptos de libertad\u2019 (Isaiah Berlin), por Leonardo Garc\u00eda Jaramillo<\/a><\/p><\/blockquote>\n<p><iframe loading=\"lazy\" class=\"wp-embedded-content\" sandbox=\"allow-scripts\" security=\"restricted\" style=\"position: absolute; visibility: hidden;\" title=\"\u00abThe Trap 3 &#8211; We Will Force You to Be Free &#8211; Adam Curtis (documental con subtitulos) \/\/ \u2018Dos conceptos de libertad\u2019 (Isaiah Berlin), por Leonardo Garc\u00eda Jaramillo\u00bb \u2014 Punto Cr\u00edtico Derechos Humanos\" src=\"https:\/\/puntocritico.com\/ausajpuntocritico\/2019\/06\/29\/the-trap-3-we-will-force-you-to-be-free-adam-curtis-documental-con-subtitulos\/embed\/#?secret=2pvdu0CjR3#?secret=4W9vv8tOep\" data-secret=\"4W9vv8tOep\" width=\"500\" height=\"282\" frameborder=\"0\" marginwidth=\"0\" marginheight=\"0\" scrolling=\"no\"><\/iframe><\/p>\n<p>&nbsp;<\/p>\n<p>&nbsp;<\/p>\n<p style=\"text-align: center;\"><a href=\"https:\/\/puntocritico.com\/ausajpuntocritico\/author\/punto-critico\/\"><img loading=\"lazy\" decoding=\"async\" class=\"wp-image-48 aligncenter\" src=\"https:\/\/puntocritico.com\/ausajpuntocritico\/wp-content\/uploads\/2016\/11\/Mosca_Punto_Cr\u00edtico_40.png\" alt=\"\" width=\"80\" height=\"80\" data-id=\"48\" \/><\/a><\/p>\n<p>&nbsp;<\/p>\n","protected":false},"excerpt":{"rendered":"<div class=\"mh-excerpt\"><p>METAF\u00cdSICA DE LA SERVIDUMBRE VOLUNTARIA &nbsp; *** METAF\u00cdSICA DE LA SERVIDUMBRE VOLUNTARIA Por Enrique \u00c1lvarez Asia\u00edn \u00bfPor qu\u00e9 los hombres luchan por su esclavitud como si se tratase de su libertad?\u00a0 No s\u00f3lo los hombres <a class=\"mh-excerpt-more\" href=\"https:\/\/puntocritico.com\/ausajpuntocritico\/2025\/03\/21\/metafisica-de-la-servidumbre-voluntaria-alvarez-asiain\/\" title=\"METAF\u00cdSICA DE LA SERVIDUMBRE VOLUNTARIA, por Enrique \u00c1lvarez Asia\u00edn. \u00ab\u00bfPor qu\u00e9 los hombres luchan por su esclavitud como si se tratase de su libertad?\u00bb\">[&#8230;]<\/a><\/p>\n<\/div>","protected":false},"author":3,"featured_media":67144,"comment_status":"open","ping_status":"closed","sticky":false,"template":"","format":"standard","meta":{"_acf_changed":false,"_exactmetrics_skip_tracking":false,"_exactmetrics_sitenote_active":false,"_exactmetrics_sitenote_note":"","_exactmetrics_sitenote_category":0,"footnotes":""},"categories":[8],"tags":[43],"class_list":{"0":"post-2278947","1":"post","2":"type-post","3":"status-publish","4":"format-standard","5":"has-post-thumbnail","7":"category-filosofia","8":"tag-spinoza"},"acf":[],"_links":{"self":[{"href":"https:\/\/puntocritico.com\/ausajpuntocritico\/wp-json\/wp\/v2\/posts\/2278947","targetHints":{"allow":["GET"]}}],"collection":[{"href":"https:\/\/puntocritico.com\/ausajpuntocritico\/wp-json\/wp\/v2\/posts"}],"about":[{"href":"https:\/\/puntocritico.com\/ausajpuntocritico\/wp-json\/wp\/v2\/types\/post"}],"author":[{"embeddable":true,"href":"https:\/\/puntocritico.com\/ausajpuntocritico\/wp-json\/wp\/v2\/users\/3"}],"replies":[{"embeddable":true,"href":"https:\/\/puntocritico.com\/ausajpuntocritico\/wp-json\/wp\/v2\/comments?post=2278947"}],"version-history":[{"count":0,"href":"https:\/\/puntocritico.com\/ausajpuntocritico\/wp-json\/wp\/v2\/posts\/2278947\/revisions"}],"wp:featuredmedia":[{"embeddable":true,"href":"https:\/\/puntocritico.com\/ausajpuntocritico\/wp-json\/wp\/v2\/media\/67144"}],"wp:attachment":[{"href":"https:\/\/puntocritico.com\/ausajpuntocritico\/wp-json\/wp\/v2\/media?parent=2278947"}],"wp:term":[{"taxonomy":"category","embeddable":true,"href":"https:\/\/puntocritico.com\/ausajpuntocritico\/wp-json\/wp\/v2\/categories?post=2278947"},{"taxonomy":"post_tag","embeddable":true,"href":"https:\/\/puntocritico.com\/ausajpuntocritico\/wp-json\/wp\/v2\/tags?post=2278947"}],"curies":[{"name":"wp","href":"https:\/\/api.w.org\/{rel}","templated":true}]}}