{"id":2276942,"date":"2023-06-10T00:05:33","date_gmt":"2023-06-09T22:05:33","guid":{"rendered":"https:\/\/puntocritico.com\/ausajpuntocritico\/?p=2276942"},"modified":"2025-03-26T12:58:47","modified_gmt":"2025-03-26T11:58:47","slug":"nestor-makhno-campesino-de-ucrania-anaquismo-real-en-el-donbass","status":"publish","type":"post","link":"https:\/\/puntocritico.com\/ausajpuntocritico\/2023\/06\/10\/nestor-makhno-campesino-de-ucrania-anaquismo-real-en-el-donbass\/","title":{"rendered":"N\u00c9STOR MAKHNO, CAMPESINO DE UCRANIA (DOCUMENTAL). El Territorio Libre de Makhnovia (1917-1921), el estado anarquista que los bolcheviques convirtieron en parte de Ucrania."},"content":{"rendered":"<h2 style=\"text-align: justify;\"><span style=\"color: #008000; font-size: 14pt;\">N\u00c9STOR MAKHNO y el Territorio Libre de Majnovia<\/span><\/h2>\n<div role=\"img\" data-tooltip-contained=\"true\" data-tooltip-align=\"b,l\" data-tooltip-delay=\"1500\" aria-label=\"Mensaje importante porque se te ha enviado directamente\"><\/div>\n<div role=\"img\" data-tooltip-contained=\"true\" data-tooltip-align=\"b,l\" data-tooltip-delay=\"1500\" aria-label=\"Mensaje importante porque se te ha enviado directamente\">\u00a0<\/div>\n<div role=\"img\" data-tooltip-contained=\"true\" data-tooltip-align=\"b,l\" data-tooltip-delay=\"1500\" aria-label=\"Mensaje importante porque se te ha enviado directamente\">\n<h2 style=\"text-align: center;\" role=\"img\" data-tooltip-contained=\"true\" data-tooltip-align=\"b,l\" data-tooltip-delay=\"1500\" aria-label=\"Mensaje importante porque se te ha enviado directamente\"><span style=\"font-size: 24pt;\">\u00c9RASE UNA VEZ UN PAIS ANARQUISTA EN EUROPA<\/span><\/h2>\n<p style=\"text-align: center;\"><span style=\"font-size: 14pt;\"><strong>Se llam\u00f3 Territorio Libre y tambi\u00e9n Majnovia, en honor a su creador y h\u00e9roe de esta aventura, N\u00e9stor Makhno (Majn\u00f3)<\/strong><\/span><\/p>\n<div role=\"img\" data-tooltip-contained=\"true\" data-tooltip-align=\"b,l\" data-tooltip-delay=\"1500\" aria-label=\"Mensaje importante porque se te ha enviado directamente\"><a href=\"https:\/\/panamarevista.com\/erase-una-vez-un-pais-anarquista-en-europa\/\" target=\"_blank\" rel=\"noopener\">Panam\u00e1revista.com<\/a><\/div>\n<div role=\"img\" data-tooltip-contained=\"true\" data-tooltip-align=\"b,l\" data-tooltip-delay=\"1500\" aria-label=\"Mensaje importante porque se te ha enviado directamente\">\u00a0<\/div>\n<div role=\"img\" data-tooltip-contained=\"true\" data-tooltip-align=\"b,l\" data-tooltip-delay=\"1500\" aria-label=\"Mensaje importante porque se te ha enviado directamente\">\n<figure id=\"attachment_2278477\" aria-describedby=\"caption-attachment-2278477\" style=\"width: 678px\" class=\"wp-caption aligncenter\"><a href=\"https:\/\/es.wikipedia.org\/wiki\/Majn%C3%B3vschina#Majnovia\" target=\"_blank\" rel=\"noopener\"><img loading=\"lazy\" decoding=\"async\" class=\"wp-image-2278477 size-mh-magazine-content\" src=\"https:\/\/puntocritico.com\/ausajpuntocritico\/wp-content\/uploads\/2023\/06\/Makhnowia-678x381.png\" alt=\"\" width=\"678\" height=\"381\" data-id=\"2278477\" \/><\/a><figcaption id=\"caption-attachment-2278477\" class=\"wp-caption-text\"><span style=\"color: #008000;\">Majnovia. Hoy, la Guerra de Ucrania est\u00e1 -nuevamente- destruyendo el que fu\u00e9 Territorio Libre de Majnovia (<span class=\"mw-page-title-main\"><a href=\"https:\/\/es.wikipedia.org\/wiki\/Majn%C3%B3vschina#Majnovia\" target=\"_blank\" rel=\"noopener\">Majn\u00f3vschina<\/a>)<\/span><\/span><\/figcaption><\/figure>\n<\/div>\n<div role=\"img\" data-tooltip-contained=\"true\" data-tooltip-align=\"b,l\" data-tooltip-delay=\"1500\" aria-label=\"Mensaje importante porque se te ha enviado directamente\">\u00a0<\/div>\n<div role=\"img\" data-tooltip-contained=\"true\" data-tooltip-align=\"b,l\" data-tooltip-delay=\"1500\" aria-label=\"Mensaje importante porque se te ha enviado directamente\">\u00a0<\/div>\n<p style=\"text-align: justify;\"><span style=\"font-size: 14pt;\">A esta altura del siglo XXI la bandera ha sido olvidada y muchos de los nombres se han perdido. No hay\u00a0monumentos que recuerden a los que lideraron a tantos hombres y a tantas mujeres, casi no existen\u00a0recuerdos de quienes fueron h\u00e9roes y hoy, si alguien los menciona, son apenas un asterisco en la historia o un personaje de reparto para un relato mayor. Ahora el color negro fue reemplazado por el m\u00e1s famoso y marketinero s\u00edmbolo de la letra A rodeada por un c\u00edrculo, tan f\u00e1cil de grafitear en cualquier pared, de hacer remera, poster o tapa de disco punk. Y eso no quiere decir que los movimientos anarquistas no existan m\u00e1s, ni siquiera que no haya peque\u00f1as comunidades y experimentos sociales en sinton\u00eda con las ideas de este movimiento. Pero los proyectos a gran escala parecen cosa de un pasado lejano, de cuando las primeras revoluciones obreras daban lugar a nuevos gobiernos y a pa\u00edses con estructuras in\u00e9ditas.<\/span><\/p>\n<p style=\"text-align: justify;\"><span style=\"font-size: 14pt;\">Como aquel territorio que se declar\u00f3 anarquista alguna vez, el mayor proyecto de este tipo de la historia.\u00a0Fue un pedazo de tierra entre dos imperios decadentes, entre varias revoluciones y con el trasfondo de\u00a0una guerra mundial interrumpida por una guerra civil. Se llam\u00f3 <strong>Territorio Libre<\/strong> y tambi\u00e9n <strong>Majnovia<\/strong>, en\u00a0honor a su creador y h\u00e9roe de esta aventura.<\/span><\/p>\n<p style=\"text-align: justify;\"><span style=\"font-size: 14pt;\">Para fines del siglo XIX, la actual Ucrania era una zona netamente rural y con baj\u00edsima densidad\u00a0poblacional, tan parecida a casi todo el resto de la Rusia Zarista. All\u00ed, en una peque\u00f1a aldea predominantemente cosaca, naci\u00f3 un tal <a href=\"https:\/\/es.wikipedia.org\/wiki\/N%C3%A9stor_Majn%C3%B3\" target=\"_blank\" rel=\"noopener\"><strong>N\u00e9stor Majn\u00f3<\/strong><\/a>. Como tantos otros por esa \u00e9poca y en esa zona, era extremadamente pobre, as\u00ed que no tuvo m\u00e1s alternativa que comenzar a trabajar a los siete a\u00f1os y\u00a0abandonar la escuela a los 12. Muy pronto se vio influenciado por los nacientes movimientos socialistas y anarquistas que irrumpieron en un pa\u00eds con profundas diferencias de clase, en donde la aristocracia rusa hablaba franc\u00e9s y menos del 20% de los campesinos sab\u00eda leer. Entonces lleg\u00f3 la revoluci\u00f3n. No, no la famosa revoluci\u00f3n de octubre del 17 sino su preludio en 1905 y la masacre de 15 mil personas a manos del r\u00e9gimen de <strong>Nicol\u00e1s II<\/strong>.<\/span><\/p>\n<p>&nbsp;<\/p>\n<blockquote>\n<p style=\"text-align: center;\"><span style=\"font-size: 14pt; color: #008000;\"><strong>Para fines del siglo XIX, la actual Ucrania era una zona netamente rural y con baj\u00edsima densidad poblacional, tan parecida a casi todo el resto de la Rusia Zarista.\u00a0All\u00ed, en una peque\u00f1a aldea predominantemente cosaca, naci\u00f3 un tal N\u00e9stor Majn\u00f3<\/strong><\/span><\/p>\n<\/blockquote>\n<p>&nbsp;<\/p>\n<p style=\"text-align: justify;\"><span style=\"font-size: 14pt;\">Para el joven <strong>Majn\u00f3<\/strong> fue una revelaci\u00f3n el ver a la fuerza del Estado contra su propio pueblo, lo interpret\u00f3 como una prueba irrefutable de que ya no pod\u00eda confiar no s\u00f3lo en el Zar, sino en ning\u00fan otro gobernante.\u00a0Pronto se incorpor\u00f3 al peque\u00f1o grupo anarquista de su pueblo y pas\u00f3 algunos a\u00f1os entrando y saliendo\u00a0de prisiones, hasta que eventualmente fue condenado a la horca en 1908. Ten\u00eda 20 a\u00f1os.<\/span><\/p>\n<p>&nbsp;<\/p>\n<figure id=\"attachment_2278479\" aria-describedby=\"caption-attachment-2278479\" style=\"width: 400px\" class=\"wp-caption aligncenter\"><img loading=\"lazy\" decoding=\"async\" class=\"wp-image-2278479\" src=\"https:\/\/puntocritico.com\/ausajpuntocritico\/wp-content\/uploads\/2023\/06\/Makhno_group-300x209.jpg\" alt=\"\" width=\"400\" height=\"279\" data-id=\"2278479\" srcset=\"https:\/\/puntocritico.com\/ausajpuntocritico\/wp-content\/uploads\/2023\/06\/Makhno_group-300x209.jpg 300w, https:\/\/puntocritico.com\/ausajpuntocritico\/wp-content\/uploads\/2023\/06\/Makhno_group-768x535.jpg 768w, https:\/\/puntocritico.com\/ausajpuntocritico\/wp-content\/uploads\/2023\/06\/Makhno_group.jpg 800w\" sizes=\"auto, (max-width: 400px) 100vw, 400px\" \/><figcaption id=\"caption-attachment-2278479\" class=\"wp-caption-text\"><span style=\"color: #008000;\">El joven Majn\u00f3<\/span><\/figcaption><\/figure>\n<h3 style=\"text-align: center;\"><span style=\"font-size: 18pt;\">Revoluciones contrarrevolucionarias<\/span><\/h3>\n<p style=\"text-align: justify;\"><span style=\"font-size: 14pt;\">Es curioso imaginar c\u00f3mo hubiera sido la vida de Majn\u00f3 tan s\u00f3lo algunas d\u00e9cadas antes, sin revoluci\u00f3n de 1905, con un zarismo m\u00e1s fuerte y sin bolcheviques golpeando a las puertas de una nueva Rusia. Porque el contexto llev\u00f3 a que su sentencia fuera reducida de pena de muerte a prisi\u00f3n perpetua. Los ocho a\u00f1os que pas\u00f3 en un calabozo de Mosc\u00fa fueron duros, pero le dejaron algunas lecciones de historia, pol\u00edtica, literatura, adem\u00e1s de algunos contactos y de un profundo resentimiento hacia la autoridad y el sistema penitenciario en general. Fue liberado durante la revoluci\u00f3n de febrero de 1917, cuando Nicol\u00e1s II abdic\u00f3 al trono y comenz\u00f3 un escueto periodo de poder dual que colapsar\u00eda a los pocos meses con la revoluci\u00f3n de octubre.<\/span><\/p>\n<p style=\"text-align: justify;\"><span style=\"font-size: 14pt;\">Majn\u00f3 regres\u00f3 a su aldea en medio de una guerra civil entre bolcheviques y zaristas, entre el Ej\u00e9rcito Rojo y el Ej\u00e9rcito Blanco, y con una guerra mundial que no hab\u00eda terminado. Pronto se convirti\u00f3 en una figura de renombre, en el profeta en su propia tierra que volv\u00eda del infierno de Mosc\u00fa para traer cambios a las masas hambreadas. Y lo escucharon, claro que lo escucharon. Especialmente cuando organiz\u00f3 a los campesinos y forz\u00f3 a los terratenientes a entregar sus propiedades.<\/span><\/p>\n<p style=\"text-align: justify;\"><span style=\"font-size: 14pt;\">Lo que sigui\u00f3 a la revoluci\u00f3n fue caos: Ucrania se declar\u00f3 independiente como Rep\u00fablica Popular de la\u00a0mano de austr\u00edacos, alemanes y otomanos, pero apenas tres meses despu\u00e9s hubo un golpe de estado por parte de un general cosaco zarista que cre\u00f3 un Estado conocido como Hetmanato e implant\u00f3 una fuerte represi\u00f3n a toda disidencia. Como respuesta, Majn\u00f3 conform\u00f3 grupos guerrilleros que ser\u00edan el inicio del <strong>Ej\u00e9rcito Revolucionario Insurgente de Ucrania (Ej\u00e9rcito Negro)<\/strong>, fuerza de m\u00e1s de cien mil hombres que no combat\u00eda bajo bandera roja, como los bolcheviques, ni blanca, como los zaristas, sino negra. Un ej\u00e9rcito anarquista, tan revolucionario como contrarrevolucionario.<\/span><\/p>\n<p style=\"text-align: justify;\"><span style=\"font-size: 14pt;\">Majn\u00f3 quer\u00eda distinguirse, pero no pretend\u00eda quedar solo frente a un gobierno ucraniano que contaba con apoyo pol\u00edtico y militar alem\u00e1n. As\u00ed que en junio de 1918 viaj\u00f3 a Mosc\u00fa y se reuni\u00f3 con Vladimir Lenin. \u201cLos anarquistas son ciegos y fan\u00e1ticos\u201d, le dijo el bolchevique, \u201cdejan escapar el presente por un futuro lejano\u201d. Majn\u00f3 le respondi\u00f3 que esa idea se deb\u00eda a que en Mosc\u00fa estaban muy mal informados de la realidad en Ucrania, \u201cy porque est\u00e1n a\u00fan peor informados sobre el papel que nosotros jugamos en la misma\u201d.<\/span><\/p>\n<p>&nbsp;<\/p>\n<blockquote>\n<p style=\"text-align: center;\"><strong><span style=\"color: #008000; font-size: 14pt;\">Majn\u00f3 conform\u00f3 grupos guerrilleros que ser\u00edan el inicio del Ej\u00e9rcito Revolucionario Insurgente de Ucrania, fuerza que no combat\u00eda bajo bandera roja, como los bolcheviques, ni blanca, como los zaristas, sino negra. Un ej\u00e9rcito anarquista, tan revolucionario como contrarrevolucionario<\/span><\/strong><\/p>\n<\/blockquote>\n<p>&nbsp;<\/p>\n<p style=\"text-align: justify;\"><span style=\"font-size: 14pt;\">Si de algo sirvieron aquellas conversaciones con Lenin fue para corroborar que el anarquismo eventualmente se quedar\u00eda solo y que la revoluci\u00f3n no pod\u00eda m\u00e1s que bifurcarse. Mientras Alemania se rend\u00eda y el Hetmanato comenzaba a extinguirse, el nuevo l\u00edder del campesinado gui\u00f3 a sus tropas y avanz\u00f3 tomando ciudades y pueblos del sudeste ucraniano. Hab\u00eda nacido el <a href=\"https:\/\/es-academic.com\/dic.nsf\/eswiki\/1139694\" target=\"_blank\" rel=\"noopener\">Territorio Libre<\/a>.<\/span><\/p>\n<p>&nbsp;<\/p>\n<figure id=\"attachment_2278476\" aria-describedby=\"caption-attachment-2278476\" style=\"width: 440px\" class=\"wp-caption aligncenter\"><img loading=\"lazy\" decoding=\"async\" class=\"wp-image-2278476\" src=\"https:\/\/puntocritico.com\/ausajpuntocritico\/wp-content\/uploads\/2023\/06\/800px-RPAU_flag.svg_-300x180.png\" alt=\"\" width=\"440\" height=\"264\" data-id=\"2278476\" srcset=\"https:\/\/puntocritico.com\/ausajpuntocritico\/wp-content\/uploads\/2023\/06\/800px-RPAU_flag.svg_-300x180.png 300w, https:\/\/puntocritico.com\/ausajpuntocritico\/wp-content\/uploads\/2023\/06\/800px-RPAU_flag.svg_-768x461.png 768w, https:\/\/puntocritico.com\/ausajpuntocritico\/wp-content\/uploads\/2023\/06\/800px-RPAU_flag.svg_.png 800w\" sizes=\"auto, (max-width: 440px) 100vw, 440px\" \/><figcaption id=\"caption-attachment-2278476\" class=\"wp-caption-text\">La \u00abBandera Negra\u00bb, con una calavera junto a la leyenda \u201cmuerte a todos los que se entrometan en la obtenci\u00f3n de libertad del pueblo trabajador\u201d<\/figcaption><\/figure>\n<p>&nbsp;<\/p>\n<h3 style=\"text-align: center;\"><span style=\"font-size: 18pt;\">La bandera negra<\/span><\/h3>\n<p style=\"text-align: justify;\"><span style=\"font-size: 14pt;\">Majnovia lleg\u00f3 a contar con alrededor de 7 millones de habitantes y a controlar aproximadamente un\u00a0tercio de la actual Ucrania. La capital de facto se encontraba en la peque\u00f1a Guliaipole natal de Majn\u00f3,\u00a0desde donde se comand\u00f3 la lucha frente a alemanes, al Ej\u00e9rcito Blanco zarista y, m\u00e1s tarde, al Ej\u00e9rcito\u00a0Rojo. Si bien Majn\u00f3 lideraba el Ej\u00e9rcito Negro, la idea era vivir sin un poder pol\u00edtico central, sin patria y sin Estado. En el Territorio Libre se suspendi\u00f3 la actividad de todo partido pol\u00edtico y tambi\u00e9n desaparecieron la polic\u00eda y las prisiones, al tiempo que se breg\u00f3 por la libertad de prensa, de expresi\u00f3n y de reuni\u00f3n. El campesinado se organiz\u00f3 en comunas de trabajo autogestionadas a trav\u00e9s de Consejos (<em>sovi\u00e9ts<\/em>) de trabajadores y buena parte del intercambio comercial se realizaba a trav\u00e9s del trueque, tanto de productos agr\u00edcolas y manufacturados, como de servicios. Se celebraron adem\u00e1s tres Congresos Regionales que funcionaban como una suerte de parlamento para toda Majnovia, como un espacio de debate y consolidaci\u00f3n de las pol\u00edticas internas y de organizaci\u00f3n de la defensa frente a las fuerzas zaristas.<\/span><\/p>\n<p style=\"text-align: justify;\"><span style=\"font-size: 14pt;\">En el cuasi pa\u00eds se rechazaba la dictadura del proletariado que promov\u00edan los bolcheviques, pero tambi\u00e9n el llamado \u201c<em>periodo de transici\u00f3n<\/em>\u201d, un camino hacia el comunismo inaugurado con la revoluci\u00f3n de 1917.\u00a0Anarquistas y bolcheviques ten\u00edan enemigos en com\u00fan, pero Majn\u00f3 acusaba a los bolcheviques de\u00a0d\u00e9spotas, de pretender coartar la libertad de los trabajadores a trav\u00e9s de la imposici\u00f3n de una dictadura, por m\u00e1s que fuera del proletariado. No es casual entonces que la bandera de Majnovia fuera negra y exhibiera una calavera junto a la leyenda \u201c<em>muerte a todos los que se entrometan en la obtenci\u00f3n de libertad del pueblo trabajador<\/em>\u201d. La gente de Majn\u00f3 no se andaba con vueltas.<\/span><\/p>\n<p>&nbsp;<\/p>\n<blockquote>\n<p style=\"text-align: center;\"><span style=\"font-size: 14pt;\"><strong><span style=\"color: #008000;\">Majnovia lleg\u00f3 a contar con alrededor de 7 millones de habitantes y a controlar aproximadamente un tercio de la actual Ucrania. La capital de facto se encontraba en la peque\u00f1a Guliaipole, desde donde se\u00a0comand\u00f3 la lucha frente a alemanes, al Ej\u00e9rcito Blanco zarista y, m\u00e1s tarde, al Ej\u00e9rcito Rojo<\/span><\/strong><\/span><\/p>\n<\/blockquote>\n<p>&nbsp;<\/p>\n<h3 style=\"text-align: center;\"><span style=\"font-size: 18pt;\">El enemigo del enemigo<\/span><\/h3>\n<p style=\"text-align: justify;\"><span style=\"font-size: 14pt;\">Para 1919 Ucrania segu\u00eda siendo un gigantesco campo de batalla, un territorio en disputa por muchas,\u00a0demasiadas facciones. A\u00fan cuando la Primera Guerra Mundial hubiera concluido en noviembre del a\u00f1o\u00a0anterior, all\u00ed continuaban enfrent\u00e1ndose zaristas, bolcheviques, anarquistas, seguidores del Hetmanato y partidarios de la Rep\u00fablica Popular Ucraniana. A comienzos de a\u00f1o los ej\u00e9rcitos Rojo y Negro combatieron codo a codo, pero esto no dur\u00f3 mucho porque simplemente no exist\u00eda confianza mutua. Eran dos grupos que dec\u00edan representar a los mismos trabajadores, pero con revoluciones que apuntaban a destinos casi contrapuestos. Para abril Majnovia estaba rodeada y en junio la peque\u00f1a capital de Guliaipole fue tomada por el Ej\u00e9rcito Blanco. La respuesta bolchevique fue ambigua: envi\u00f3 soldados en apoyo a Majn\u00f3 al tiempo que orden\u00f3 su captura. En un escenario complejo, el enemigo del enemigo segu\u00eda siendo un amigo, pero no del todo.<\/span><\/p>\n<\/div>\n<p>&nbsp;<\/p>\n<p><img loading=\"lazy\" decoding=\"async\" class=\"aligncenter wp-image-2278478\" src=\"https:\/\/puntocritico.com\/ausajpuntocritico\/wp-content\/uploads\/2023\/06\/11111-300x297.jpg\" alt=\"\" width=\"360\" height=\"357\" data-id=\"2278478\" srcset=\"https:\/\/puntocritico.com\/ausajpuntocritico\/wp-content\/uploads\/2023\/06\/11111-300x297.jpg 300w, https:\/\/puntocritico.com\/ausajpuntocritico\/wp-content\/uploads\/2023\/06\/11111-1024x1015.jpg 1024w, https:\/\/puntocritico.com\/ausajpuntocritico\/wp-content\/uploads\/2023\/06\/11111-150x150.jpg 150w, https:\/\/puntocritico.com\/ausajpuntocritico\/wp-content\/uploads\/2023\/06\/11111-768x762.jpg 768w, https:\/\/puntocritico.com\/ausajpuntocritico\/wp-content\/uploads\/2023\/06\/11111-1320x1309.jpg 1320w, https:\/\/puntocritico.com\/ausajpuntocritico\/wp-content\/uploads\/2023\/06\/11111.jpg 1536w\" sizes=\"auto, (max-width: 360px) 100vw, 360px\" \/><\/p>\n<p>&nbsp;<\/p>\n<div role=\"img\" data-tooltip-contained=\"true\" data-tooltip-align=\"b,l\" data-tooltip-delay=\"1500\" aria-label=\"Mensaje importante porque se te ha enviado directamente\">\n<p style=\"text-align: justify;\"><span style=\"font-size: 14pt;\">Los zaristas lograron importantes avances entre 1919 y 1920, a medida que los ej\u00e9rcitos Rojo y Negro se\u00a0replegaban. Pero en noviembre de 1920 una nueva y brev\u00edsima alianza entre anarquistas y comunistas\u00a0llev\u00f3 a la derrota de las fuerzas imperiales rusas. Ya sin aquel enemigo en com\u00fan que garantizaba al menos la posibilidad de una colaboraci\u00f3n, los bolcheviques volvieron las armas hacia la gente de Majn\u00f3. La mayor parte de sus seguidores fueron detenidos o asesinados, mientras que unos 350 mil soldados destru\u00edan cualquier rastro del Territorio Libre y del movimiento majnovista. El Ej\u00e9rcito Negro desapareci\u00f3 en agosto de 1921 cuando Majn\u00f3, herido y agotado, fue expulsado a Rumania junto a sus \u00faltimos 77 hombres. De all\u00ed pas\u00f3 a Polonia, en donde naci\u00f3 su hija, luego a Alemania y finalmente a Par\u00eds.<\/span><\/p>\n<p style=\"text-align: justify;\"><span style=\"font-size: 14pt;\">El final de la historia <strong>Majn\u00f3<\/strong> es casi tan curioso como el resto de su vida: muri\u00f3 en 1934 de tuberculosis y lo sucedieron su esposa, <strong>Galina<\/strong>, y su hija. Ambas fueron enviadas a Alemania durante la Segunda Guerra\u00a0Mundial y, en 1946, arrestadas por las autoridades sovi\u00e9ticas y condenadas a 8 y 5 a\u00f1os de trabajos\u00a0forzosos en un gulag. Se las acusaba de colaboracionismo y actividades contrarrevolucionarias. Como si la familia de <strong>Majn\u00f3<\/strong> nunca hubiera podido quitarse de encima el karma del Ej\u00e9rcito Rojo. Ni siquiera lo logr\u00f3 en 2017, cuando se cumpli\u00f3 el 100\u00b0 aniversario de la Revoluci\u00f3n de Octubre. Ese a\u00f1o el Ministerio de Cultura ruso financi\u00f3 la producci\u00f3n de la miniserie <em>Peregrinaci\u00f3n por los caminos del dolor<\/em>, basada en la trilog\u00eda hom\u00f3nima de <strong>Aleks\u00e9i<\/strong><strong>Tolst\u00f3i<\/strong> y que sigue la historia de dos hermanas desde 1914 a 1919. Majn\u00f3 aparece all\u00ed como un criminal violento, salvaje, que roba a civiles, viola y ejecuta sin miramientos.\u00a0<\/span><span style=\"font-size: 14pt;\">Un siglo despu\u00e9s el l\u00edder anarquista a\u00fan es para Mosc\u00fa lo que fue siempre: poco m\u00e1s que un personaje de reparto, poco m\u00e1s que un villano \u00fatil.<\/span><\/p>\n<p>&nbsp;<\/p>\n<\/div>\n<div role=\"img\" data-tooltip-contained=\"true\" data-tooltip-align=\"b,l\" data-tooltip-delay=\"1500\" aria-label=\"Mensaje importante porque se te ha enviado directamente\">\n<figure id=\"attachment_2278794\" aria-describedby=\"caption-attachment-2278794\" style=\"width: 660px\" class=\"wp-caption aligncenter\"><a href=\"https:\/\/puntocritico.com\/ausajpuntocritico\/tag\/ucrania\/\"><img loading=\"lazy\" decoding=\"async\" class=\"wp-image-2278794\" src=\"https:\/\/puntocritico.com\/ausajpuntocritico\/wp-content\/uploads\/2023\/06\/Mapa-politico-de-Ucrania-Territorio-anarquista-1-300x230.jpg\" alt=\"\" width=\"660\" height=\"506\" data-id=\"2278794\" srcset=\"https:\/\/puntocritico.com\/ausajpuntocritico\/wp-content\/uploads\/2023\/06\/Mapa-politico-de-Ucrania-Territorio-anarquista-1-300x230.jpg 300w, https:\/\/puntocritico.com\/ausajpuntocritico\/wp-content\/uploads\/2023\/06\/Mapa-politico-de-Ucrania-Territorio-anarquista-1-1024x785.jpg 1024w, https:\/\/puntocritico.com\/ausajpuntocritico\/wp-content\/uploads\/2023\/06\/Mapa-politico-de-Ucrania-Territorio-anarquista-1-768x589.jpg 768w, https:\/\/puntocritico.com\/ausajpuntocritico\/wp-content\/uploads\/2023\/06\/Mapa-politico-de-Ucrania-Territorio-anarquista-1-1536x1177.jpg 1536w, https:\/\/puntocritico.com\/ausajpuntocritico\/wp-content\/uploads\/2023\/06\/Mapa-politico-de-Ucrania-Territorio-anarquista-1-2048x1570.jpg 2048w, https:\/\/puntocritico.com\/ausajpuntocritico\/wp-content\/uploads\/2023\/06\/Mapa-politico-de-Ucrania-Territorio-anarquista-1-80x60.jpg 80w, https:\/\/puntocritico.com\/ausajpuntocritico\/wp-content\/uploads\/2023\/06\/Mapa-politico-de-Ucrania-Territorio-anarquista-1-1320x1012.jpg 1320w\" sizes=\"auto, (max-width: 660px) 100vw, 660px\" \/><\/a><figcaption id=\"caption-attachment-2278794\" class=\"wp-caption-text\"><span style=\"color: #008000;\">MAJNOVIA, \u00a0el estado anarquista que los bolcheviques convirtieron en parte de Ucrania (1917-1921). Fueron 85.440 km2 de Territorio Libre Anarquista. Un territorio casi tan grande como Andaluc\u00eda. El Territorio Libre lleg\u00f3 a ocupar una quinta parte de Ucrania y agrupar a unos 7 millones de personas, organizadas en una sociedad anarquista, sin Estado.\u00a0<\/span><\/figcaption><\/figure>\n<\/div>\n<div role=\"img\" data-tooltip-contained=\"true\" data-tooltip-align=\"b,l\" data-tooltip-delay=\"1500\" aria-label=\"Mensaje importante porque se te ha enviado directamente\">\u00a0<\/div>\n<div style=\"text-align: center;\" role=\"img\" data-tooltip-contained=\"true\" data-tooltip-align=\"b,l\" data-tooltip-delay=\"1500\" aria-label=\"Mensaje importante porque se te ha enviado directamente\"><span style=\"color: #008000; font-size: 18pt;\"><strong>*******<\/strong><\/span><\/div>\n<div role=\"img\" data-tooltip-contained=\"true\" data-tooltip-align=\"b,l\" data-tooltip-delay=\"1500\" aria-label=\"Mensaje importante porque se te ha enviado directamente\">\n<h2 id=\":pu\" class=\"hP\" style=\"text-align: center;\" tabindex=\"-1\" data-thread-perm-id=\"thread-a:r-2469236820040295127\" data-legacy-thread-id=\"18853e5b0b80600f\"><span style=\"font-size: 24pt;\">DOCUMENTAL: N\u00e9stor Makhno, campesino de Ucrania<\/span><\/h2>\n<\/div>\n<div class=\"pG\" style=\"text-align: center;\" role=\"img\" data-tooltip-contained=\"true\" data-tooltip-align=\"b,l\" data-tooltip-delay=\"1500\" aria-label=\"Mensaje importante porque se te ha enviado directamente\"><iframe loading=\"lazy\" title=\"YouTube video player\" src=\"\/\/www.youtube.com\/embed\/iYr5jGkh9iI?si=L5QNV0ucraVBo9Vv\" width=\"560\" height=\"315\" frameborder=\"0\" allowfullscreen=\"allowfullscreen\"><\/iframe><\/div>\n<div role=\"img\" data-tooltip-contained=\"true\" data-tooltip-align=\"b,l\" data-tooltip-delay=\"1500\" aria-label=\"Mensaje importante porque se te ha enviado directamente\">\u00a0<\/div>\n<div style=\"text-align: center;\" role=\"img\" data-tooltip-contained=\"true\" data-tooltip-align=\"b,l\" data-tooltip-delay=\"1500\" aria-label=\"Mensaje importante porque se te ha enviado directamente\"><a href=\"https:\/\/www.youtube.com\/watch?v=iYr5jGkh9iI\" target=\"_blank\" rel=\"noopener\"><span style=\"font-size: 14pt;\"><strong><span style=\"color: #008000;\">VER EN YOUTUBE<\/span><\/strong><\/span><\/a><\/div>\n<div role=\"img\" data-tooltip-contained=\"true\" data-tooltip-align=\"b,l\" data-tooltip-delay=\"1500\" aria-label=\"Mensaje importante porque se te ha enviado directamente\">\u00a0<\/div>\n<div role=\"img\" data-tooltip-contained=\"true\" data-tooltip-align=\"b,l\" data-tooltip-delay=\"1500\" aria-label=\"Mensaje importante porque se te ha enviado directamente\">\n<figure id=\"attachment_2278482\" aria-describedby=\"caption-attachment-2278482\" style=\"width: 400px\" class=\"wp-caption aligncenter\"><a href=\"https:\/\/es.wikipedia.org\/wiki\/Juliaipole\" target=\"_blank\" rel=\"noopener\"><img loading=\"lazy\" decoding=\"async\" class=\"wp-image-2278482\" src=\"https:\/\/puntocritico.com\/ausajpuntocritico\/wp-content\/uploads\/2023\/06\/Juiliai-Pole.jpg\" alt=\"\" width=\"400\" height=\"259\" data-id=\"2278482\" srcset=\"https:\/\/puntocritico.com\/ausajpuntocritico\/wp-content\/uploads\/2023\/06\/Juiliai-Pole.jpg 314w, https:\/\/puntocritico.com\/ausajpuntocritico\/wp-content\/uploads\/2023\/06\/Juiliai-Pole-300x194.jpg 300w\" sizes=\"auto, (max-width: 400px) 100vw, 400px\" \/><\/a><figcaption id=\"caption-attachment-2278482\" class=\"wp-caption-text\"><a href=\"https:\/\/es.wikipedia.org\/wiki\/Juliaipole\" target=\"_blank\" rel=\"noopener\"><span style=\"color: #008000;\">Juliaipole. En 2009, se declar\u00f3 a Makhno h\u00e9roe local de\u00a0Guliaipole, su ciudad natal <\/span><\/a><\/figcaption><\/figure>\n<\/div>\n<div role=\"img\" data-tooltip-contained=\"true\" data-tooltip-align=\"b,l\" data-tooltip-delay=\"1500\" aria-label=\"Mensaje importante porque se te ha enviado directamente\">\n<div style=\"text-align: center;\" role=\"img\" data-tooltip-contained=\"true\" data-tooltip-align=\"b,l\" data-tooltip-delay=\"1500\" aria-label=\"Mensaje importante porque se te ha enviado directamente\"><span style=\"color: #008000; font-size: 18pt;\"><strong>*******<\/strong><\/span><\/div>\n<\/div>\n<blockquote>\n<h3 style=\"text-align: center;\"><span style=\"font-size: 18pt;\">Ficha T\u00e9cnica<\/span><\/h3>\n<p><img loading=\"lazy\" decoding=\"async\" class=\"aligncenter wp-image-2276944\" src=\"https:\/\/puntocritico.com\/ausajpuntocritico\/wp-content\/uploads\/2023\/05\/Nestor-Makhno-1.jpg\" alt=\"N\u00e9stor Makhno\" width=\"330\" height=\"330\" data-id=\"2276944\" srcset=\"https:\/\/puntocritico.com\/ausajpuntocritico\/wp-content\/uploads\/2023\/05\/Nestor-Makhno-1.jpg 450w, https:\/\/puntocritico.com\/ausajpuntocritico\/wp-content\/uploads\/2023\/05\/Nestor-Makhno-1-300x300.jpg 300w, https:\/\/puntocritico.com\/ausajpuntocritico\/wp-content\/uploads\/2023\/05\/Nestor-Makhno-1-150x150.jpg 150w\" sizes=\"auto, (max-width: 330px) 100vw, 330px\" \/><\/p>\n<p style=\"text-align: center;\"><span style=\"font-size: 14pt;\"><strong>T\u00edtulo original<\/strong>: N\u00e9stor Makhno, paysan d&#8217;Ukraine<\/span><\/p>\n<p style=\"text-align: center;\"><span style=\"font-size: 14pt;\"><strong>A\u00f1o<\/strong>: 1996<\/span><\/p>\n<p style=\"text-align: center;\"><span style=\"font-size: 14pt;\"><strong>Duraci\u00f3n<\/strong>: 60 min.<\/span><\/p>\n<p style=\"text-align: center;\"><span style=\"font-size: 14pt;\"><strong>Pa\u00eds<\/strong>:<span id=\"country-img\"><\/span>\u00a0Francia<\/span><\/p>\n<p style=\"text-align: center;\"><span style=\"font-size: 14pt;\"><strong>Direcci\u00f3n<\/strong>:\u00a0<span class=\"nb\"><a title=\"H\u00e9l\u00e8ne Chatelain\" href=\"https:\/\/www.filmaffinity.com\/es\/name.php?name-id=760794270\" target=\"_blank\" rel=\"noopener\" data-schema-attribute=\"\">H\u00e9l\u00e8ne Chatelain<\/a><\/span><\/span><\/p>\n<p style=\"text-align: center;\"><span style=\"font-size: 14pt;\"><strong>M\u00fasica<\/strong>:\u00a0<span class=\"nb\">Jean-Fran\u00e7ois Priester<\/span><\/span><\/p>\n<p style=\"text-align: center;\"><span style=\"font-size: 14pt;\"><strong>Coproducci\u00f3n Francia-Ucrania<\/strong>: <span class=\"nb\">13 Production,<\/span>\u00a0<span class=\"nb\">La Sept-Arte,<\/span>\u00a0<span class=\"nb\">La Parole Errante<\/span><\/span><\/p>\n<p style=\"text-align: center;\"><span style=\"font-size: 14pt;\"><strong>G\u00e9nero<\/strong>: Documental\u00a0|\u00a0Pol\u00edtica.\u00a0Documental sobre Historia.\u00a0Revoluci\u00f3n Rusa<\/span><\/p>\n<p style=\"text-align: center;\"><span style=\"font-size: 14pt;\"><strong>Sinopsis<\/strong>: Documental que narra los avatares del movimiento libertario makhnovista y recoge los testimonios de historiadores y de familiares de los protagonistas que despu\u00e9s de haber sido silenciados durante los a\u00f1os del terror comunista recobran la palabra y recuerdan lo que el poder quiso silenciar. (<a href=\"https:\/\/www.filmaffinity.com\/es\/film727379.html\" target=\"_blank\" rel=\"noopener\">FILMAFFINITY<\/a>)<\/span><\/p>\n<\/blockquote>\n<p>&nbsp;<\/p>\n<div role=\"img\" data-tooltip-contained=\"true\" data-tooltip-align=\"b,l\" data-tooltip-delay=\"1500\" aria-label=\"Mensaje importante porque se te ha enviado directamente\"><img loading=\"lazy\" decoding=\"async\" class=\"aligncenter size-full wp-image-2276943\" src=\"https:\/\/puntocritico.com\/ausajpuntocritico\/wp-content\/uploads\/2023\/05\/nestor_makhno_paysan_d_ukraine-386633825-mmed.jpg\" alt=\"\" width=\"300\" height=\"300\" data-id=\"2276943\" srcset=\"https:\/\/puntocritico.com\/ausajpuntocritico\/wp-content\/uploads\/2023\/05\/nestor_makhno_paysan_d_ukraine-386633825-mmed.jpg 300w, https:\/\/puntocritico.com\/ausajpuntocritico\/wp-content\/uploads\/2023\/05\/nestor_makhno_paysan_d_ukraine-386633825-mmed-150x150.jpg 150w\" sizes=\"auto, (max-width: 300px) 100vw, 300px\" \/><\/div>\n<p>&nbsp;<\/p>\n<p style=\"text-align: center;\"><span style=\"color: #008000; font-size: 18pt;\"><strong>*******<\/strong><\/span><\/p>\n<h2 style=\"text-align: center;\"><span style=\"font-size: 24pt;\">EL EJ\u00c9RCITO NEGRO: AS\u00cd FUE LA UTOP\u00cdA ANARQUISTA EN UCRANIA<\/span><\/h2>\n<p style=\"text-align: center;\"><span style=\"font-size: 14pt;\"><strong>Las haza\u00f1as del Ej\u00e9rcito Negro fueron y son una inspiraci\u00f3n para el movimiento anarquista en sus distintas corrientes y organizaciones, muy especialmente en Espa\u00f1a.<\/strong><\/span><\/p>\n<p style=\"text-align: justify;\"><span style=\"font-size: 14pt;\">Por\u00a0Adri\u00e1n Juste<\/span><\/p>\n<div class=\"mh-meta entry-meta\" style=\"text-align: justify;\"><span style=\"font-size: 14pt;\"><a href=\"https:\/\/nuevarevolucion.es\/el-ejercito-negro-asi-fue-la-utopia-anarquista-en-ucrania\/\" target=\"_blank\" rel=\"noopener\">Periodismo Alternativo<\/a>, 10 ABRIL 2022<\/span><\/div>\n<div>\u00a0<\/div>\n<div>\n<figure id=\"attachment_2278487\" aria-describedby=\"caption-attachment-2278487\" style=\"width: 660px\" class=\"wp-caption aligncenter\"><img loading=\"lazy\" decoding=\"async\" class=\"wp-image-2278487\" src=\"https:\/\/puntocritico.com\/ausajpuntocritico\/wp-content\/uploads\/2023\/06\/Bandera-Territorio-Libre-de-Ucrania-300x167.jpg\" alt=\"\" width=\"660\" height=\"367\" data-id=\"2278487\" srcset=\"https:\/\/puntocritico.com\/ausajpuntocritico\/wp-content\/uploads\/2023\/06\/Bandera-Territorio-Libre-de-Ucrania-300x167.jpg 300w, https:\/\/puntocritico.com\/ausajpuntocritico\/wp-content\/uploads\/2023\/06\/Bandera-Territorio-Libre-de-Ucrania-768x427.jpg 768w, https:\/\/puntocritico.com\/ausajpuntocritico\/wp-content\/uploads\/2023\/06\/Bandera-Territorio-Libre-de-Ucrania.jpg 800w\" sizes=\"auto, (max-width: 660px) 100vw, 660px\" \/><figcaption id=\"caption-attachment-2278487\" class=\"wp-caption-text\"><span style=\"color: #008000;\">Bandera del Territorio Libre de Ucrania<\/span><\/figcaption><\/figure>\n<\/div>\n<p>&nbsp;<\/p>\n<p style=\"text-align: justify;\"><span style=\"font-size: 14pt;\">Eran campesinos. Eran r\u00e1pidos. Eran respetados. Era el\u00a0<strong>Ej\u00e9rcito Negro<\/strong>, una milicia popular de ideolog\u00eda anarquista que existi\u00f3 entre 1918 y 1921 en el sur de Ucrania y algunos territorios de Rusia y que, de forma an\u00e1loga al movimiento anarcosindicalista espa\u00f1ol, desarroll\u00f3 una de las pocas experiencias anarquistas que se conocen en el mundo en el llamado<strong>\u00a0Territorio Libre<\/strong>\u00a0y que lleg\u00f3 a ocupar\u00a0<strong>una cuarta parte de la Ucrania actual<\/strong>\u00a0y aproximadamente 7 millones de habitantes.<\/span><\/p>\n<p style=\"text-align: justify;\"><span style=\"font-size: 14pt;\">Siendo uno de sus m\u00e1ximos exponentes el ucraniano\u00a0<strong>N\u00e9stor Makhno\u00a0<\/strong>(castellanizado como Majn\u00f3), el Ej\u00e9rcito Negro apareci\u00f3 en pleno apogeo y construcci\u00f3n de ideas de extrema derecha y de extrema izquierda, y en un contexto belicista donde varias potencias de gran calibre pugnaban por los bastos territorios de Ucrania, numerosos grupos de campesinos decidieron que era el momento de defender sus vidas y su pan de cada d\u00eda no solo empu\u00f1ando las armas, sino\u00a0<strong>organiz\u00e1ndose y creando una alternativa<\/strong>\u00a0al Estado que buscaban los movimientos nacionalistas.<\/span><\/p>\n<p style=\"text-align: justify;\"><span style=\"font-size: 14pt;\">Se organizaron en consejos y asambleas populares, que tomaban las decisiones de forma asamblearia, rechazando la idea de Estado y de partidos pol\u00edticos, donde la propiedad privada era colectiva. Al contrario de lo que se suele pensar sobre el anarquismo, el grado de organizaci\u00f3n y coordinaci\u00f3n era muy alto, tanto as\u00ed que\u00a0<strong>lograron derrotar a todos los ej\u00e9rcitos a los que se enfrentaron.<\/strong><\/span><\/p>\n<p style=\"text-align: justify;\"><span style=\"font-size: 14pt;\">Tanto as\u00ed, que el fin del Territorio Libre no signific\u00f3 el fin del Ej\u00e9rcito Negro. Aunque dej\u00f3 de existir como tal, antiguos combatientes a\u00fan acudieron a ayudar a la Segunda Rep\u00fablica en la Guerra Civil Espa\u00f1ola como parte de las\u00a0<strong><a href=\"https:\/\/aldescubierto.org\/2020\/12\/25\/las-brigadas-internacionales-solidaridad-internacional-contra-el-fascismo\/\" target=\"_blank\" rel=\"noopener\" data-schema-attribute=\"\">Brigadas Internacionales<\/a><\/strong>, o hicieron frente a la Alemania Nazi, siempre<strong>\u00a0blandiendo la bandera negra<\/strong>, como una leyenda que nunca desfallece.<\/span><\/p>\n<h3 style=\"text-align: center;\"><span style=\"font-size: 18pt;\"><strong>Ucrania: una tierra dividida<\/strong><\/span><\/h3>\n<figure id=\"attachment_2278488\" aria-describedby=\"caption-attachment-2278488\" style=\"width: 555px\" class=\"wp-caption aligncenter\"><img loading=\"lazy\" decoding=\"async\" class=\"wp-image-2278488\" src=\"https:\/\/puntocritico.com\/ausajpuntocritico\/wp-content\/uploads\/2023\/06\/gubernias_de_ucrania_-_eng-300x205.webp\" alt=\"\" width=\"555\" height=\"380\" data-id=\"2278488\" srcset=\"https:\/\/puntocritico.com\/ausajpuntocritico\/wp-content\/uploads\/2023\/06\/gubernias_de_ucrania_-_eng-300x205.webp 300w, https:\/\/puntocritico.com\/ausajpuntocritico\/wp-content\/uploads\/2023\/06\/gubernias_de_ucrania_-_eng.webp 768w\" sizes=\"auto, (max-width: 555px) 100vw, 555px\" \/><figcaption id=\"caption-attachment-2278488\" class=\"wp-caption-text\"><span style=\"color: #008000;\">Ucrania en 1917. Autor y fuente: weaponsandwarfare.com<\/span><\/figcaption><\/figure>\n<p>&nbsp;<\/p>\n<p style=\"text-align: justify;\"><span style=\"font-size: 14pt;\">Antes de la Primera Guerra Mundial, Ucrania no era el pa\u00eds que se puede encontrar en los mapas hoy en d\u00eda. Su territorio estaba dividido entre el\u00a0<strong>Reino de Galitzia y Lodomeria<\/strong>, que formaba parte del\u00a0<strong>Imperio Austroh\u00fangaro<\/strong>\u00a0bajo la Casa de Austria, y el Imperio Ruso bajo la dinast\u00eda de los zares. Como consecuencia de este reparto, exist\u00eda un sentimiento nacionalista que pugnaba por la independencia del pa\u00eds y que se acentu\u00f3 con el estallido de la Gran Guerra en 1914.<\/span><\/p>\n<p style=\"text-align: justify;\"><span style=\"font-size: 14pt;\">La poblaci\u00f3n ucraniana se vio obligada a participar, ya que tanto Austria-Hungr\u00eda como Rusia entraron en la misma, pero en bandos distintos (Potencias Centrales y Aliados, respectivamente). Esto signific\u00f3 que Ucrania vivi\u00f3 una guerra fraternal que despert\u00f3 todav\u00eda m\u00e1s las ansias de independencia.<\/span><\/p>\n<p style=\"text-align: justify;\"><span style=\"font-size: 14pt;\">Tras el fin del conflicto, en 1918,<strong>\u00a0el Imperio Austroh\u00fangaro se deshizo en mil pedazos<\/strong>\u00a0y Rusia estaba en una guerra civil debido a la Revoluci\u00f3n Bolchevique de 1917 donde el Ej\u00e9rcito Blanco trataba de hacer frente a la insurrecci\u00f3n comunista. As\u00ed, diferentes grupos pol\u00edticos vieron la oportunidad de hacer realidad de librarse de estas dos potencias y construir un nuevo pa\u00eds.<\/span><\/p>\n<p style=\"text-align: justify;\"><span style=\"font-size: 14pt;\">As\u00ed, en el oeste se constituy\u00f3 la\u00a0<strong>Rep\u00fablica Popular de Ucrania Occidental<\/strong>, con sede en Le\u00f3polis (donde viv\u00eda el que ser\u00eda el futuro l\u00edder fascista ucraniano, Stepan Bandera), tras un levantamiento armado de los movimientos nacionalistas y conservadores; en el este, se cre\u00f3 la\u00a0<strong>Rep\u00fablica Popular de Ucrania.<\/strong>\u00a0Y en el sur, la sociedad no ve\u00eda nada claro este asunto de desarrollar modelos de Estado centralizados.<\/span><\/p>\n<p style=\"text-align: justify;\"><span style=\"font-size: 14pt;\">La Rep\u00fablica de Ucrania Occidental, situada en los territorios de Galicia y Lodomeria, fue reclamada por Polonia, Estado formado tras la disoluci\u00f3n del Imperio Austroh\u00fangaro, y en menos de ocho meses su ej\u00e9rcito derrot\u00f3 a la d\u00e9bil rep\u00fablica, ocupando su territorio y sometiendo a la poblaci\u00f3n a una represi\u00f3n sin precedentes.<\/span><\/p>\n<p style=\"text-align: justify;\"><span style=\"font-size: 14pt;\">Pero el sur era diferente. Siendo un basto territorio de campesinado donde se encontraban grandes zonas de cultivo, motivo por el cual Ucrania era codiciada por las potencias de alrededor (lo que sigue sucediendo en la actualidad), quienes trabajaban la tierra llevaban muchos a\u00f1os acostumbrados a defenderse por s\u00ed mismos, a cooperar para proteger sus tierras y a vivir conflictos fronterizos de diferentes Estados (rusos, austroh\u00fangaros, ucranianos del norte\u2026).<\/span><\/p>\n<h3 style=\"text-align: center;\"><span style=\"font-size: 18pt;\"><strong>Las primeras milicias anarquistas<\/strong><\/span><\/h3>\n<p style=\"text-align: justify;\"><span style=\"font-size: 14pt;\">A esto se le suma que recibieron una influencia considerable de las ideas comunistas y anarquistas, especialmente llegadas de Rusia. Uno de los antecedentes m\u00e1s claros fue el movimiento\u00a0<strong>Hacia la Gente o Ir a la Gente<\/strong>, impulsado por estudiantes pero con una fuerte participaci\u00f3n del campesinado que trat\u00f3 de reivindicar en 1874 las ideas de<strong>\u00a0Mijail Bakunin<\/strong>, considerado el padre del anarquismo.<\/span><\/p>\n<p>&nbsp;<\/p>\n<figure id=\"attachment_2278489\" aria-describedby=\"caption-attachment-2278489\" style=\"width: 678px\" class=\"wp-caption aligncenter\"><img loading=\"lazy\" decoding=\"async\" class=\"wp-image-2278489 size-mh-magazine-content\" src=\"https:\/\/puntocritico.com\/ausajpuntocritico\/wp-content\/uploads\/2023\/06\/Arrest_of_a_Propagandist-678x381.jpg\" alt=\"\" width=\"678\" height=\"381\" data-id=\"2278489\" \/><figcaption id=\"caption-attachment-2278489\" class=\"wp-caption-text\"><span style=\"color: #008000;\">Arresto de un propagandista, obra de Ilya Repin pintada 1892 inspirada en los sucesos de 1874<\/span><\/figcaption><\/figure>\n<p>&nbsp;<\/p>\n<p style=\"text-align: justify;\"><span style=\"font-size: 14pt;\">Sin embargo, el antecedente m\u00e1s claro se encuentra en la\u00a0<a href=\"http:\/\/www.claseshistoria.com\/revolucionrusa\/crisisrevol1905.htm\" target=\"_blank\" rel=\"noopener\" data-schema-attribute=\"\"><strong>Revoluci\u00f3n rusa de 1905<\/strong><\/a>, donde el Imperio Ruso recibi\u00f3 una oleada de huelgas, protestas, atentados e insurrecciones que por poco derriban la monarqu\u00eda absoluta de los zares y que sent\u00f3 el precedente de lo que estar\u00eda por venir en 1917.<\/span><\/p>\n<p style=\"text-align: justify;\"><span style=\"font-size: 14pt;\">Las corrientes anarquistas participaron de dichas revueltas. Se cre\u00f3 en 1903 un grupo conocido como<strong>\u00a0La Bandera Negra<\/strong>, cuyo nombre real era\u00a0<strong>Chernoe Znamia<\/strong>. Fue una organizaci\u00f3n anarquista que ten\u00eda fuerza especialmente en las provincias al sur y oeste del Imperio, incluyendo ciudades como Byalistok (hoy Polonia).<\/span><\/p>\n<p>&nbsp;<\/p>\n<blockquote class=\"wp-block-quote\">\n<p style=\"text-align: justify;\"><span style=\"color: #008000;\"><strong><span style=\"font-size: 14pt;\">La tierra no le pertenece a nadie y s\u00f3lo la puede utilizar quien la trabaje. La tierra debe pasar gratuitamente a manos de los campesinos laboriosos de Ucrania, seg\u00fan una norma igualitaria de trabajo, es decir que debe servir para garantizar las necesidades de cada quien. Hasta la resoluci\u00f3n de la cuesti\u00f3n agraria, el congreso desea que los comit\u00e9s agrarios locales establezcan inmediatamente el inventario de las tierras de terratenientes, tierras comunales y del resto.<\/span><\/strong><\/span><\/p>\n<p style=\"text-align: justify;\"><span style=\"color: #008000;\"><strong><span style=\"font-size: 14pt;\">Posteriormente dichos comit\u00e9s las repartir\u00e1n entre los campesinos que no tienen tierra y los que no tienen suficiente para vivir, surti\u00e9ndolos as\u00ed mismo de material para cultivar.<\/span><\/strong><\/span><\/p>\n<p style=\"text-align: right;\"><span style=\"color: #008000;\"><strong><span style=\"font-size: 14pt;\"><cite>N\u00e9stor Makhno<\/cite><\/span><\/strong><\/span><\/p>\n<\/blockquote>\n<p>&nbsp;<\/p>\n<p style=\"text-align: justify;\"><span style=\"font-size: 14pt;\">Conformado por ucranianos, polacos y rusos, con una fuerte presencia de minor\u00edas \u00e9tnicas perseguidas como la jud\u00eda, es\u00a0<strong><a href=\"https:\/\/archive.org\/details\/russiananarchist0000avri\" target=\"_blank\" rel=\"nofollow noopener\" data-schema-attribute=\"\">considerado por historiadores<\/a><\/strong>\u00a0como uno de los primeros grupos anarquistas que tom\u00f3 la v\u00eda de la insurrecci\u00f3n enfrent\u00e1ndose a las fuerzas armadas mediante la violencia. Como la organizaci\u00f3n anarquista m\u00e1s grande de Rusia,<strong>\u00a0tuvo su papel en la Revoluci\u00f3n de 1905.<\/strong><\/span><\/p>\n<p style=\"text-align: justify;\"><span style=\"font-size: 14pt;\">Ese a\u00f1o, en una de las provincias fronterizas con Rusia en Ucrania, se cre\u00f3 la\u00a0<strong>Uni\u00f3n de Pobres Campesinos<\/strong>, una pionera organizaci\u00f3n campesina que buscaba la expropiaci\u00f3n de las tierras para colectivizarlas. Llegaron a ser apenas 50 miembros, pero se dedicaron a partir de 1906 a atacar las propiedades de las personas m\u00e1s ricas para repartir sus propiedades entre el campesinado, hasta que finalmente las autoridades policiales consiguieron disolver el grupo en 1908.<\/span><\/p>\n<p style=\"text-align: justify;\"><span style=\"font-size: 14pt;\">Form\u00f3 parte de esta uni\u00f3n el anarquista N\u00e9stor Makhno, quien vio de nuevo su oportunidad en 1917 con la Revoluci\u00f3n Bolchevique en Rusia. Cuando estall\u00f3 la guerra civil en Rusia,\u00a0<strong>Makhno impuls\u00f3 la organizaci\u00f3n del campesinado en Ucrania<\/strong>\u00a0para aprovechar el momento. En pocos meses, desarrollaron comunidades agr\u00edcolas autogestionadas preparadas para defenderse y que expropiaron tierras a la burgues\u00eda local. Y \u00e9l se convirti\u00f3 en todo un referente.<\/span><\/p>\n<p style=\"text-align: justify;\">\u00a0<\/p>\n<figure id=\"attachment_2278490\" aria-describedby=\"caption-attachment-2278490\" style=\"width: 400px\" class=\"wp-caption aligncenter\"><img loading=\"lazy\" decoding=\"async\" class=\"wp-image-2278490\" src=\"https:\/\/puntocritico.com\/ausajpuntocritico\/wp-content\/uploads\/2023\/06\/Chernoe_Znamia_Meeting_Minsk-300x233.png\" alt=\"\" width=\"400\" height=\"310\" data-id=\"2278490\" srcset=\"https:\/\/puntocritico.com\/ausajpuntocritico\/wp-content\/uploads\/2023\/06\/Chernoe_Znamia_Meeting_Minsk-300x233.png 300w, https:\/\/puntocritico.com\/ausajpuntocritico\/wp-content\/uploads\/2023\/06\/Chernoe_Znamia_Meeting_Minsk.png 763w\" sizes=\"auto, (max-width: 400px) 100vw, 400px\" \/><figcaption id=\"caption-attachment-2278490\" class=\"wp-caption-text\"><span style=\"color: #008000;\">Miembros de La Bandera Negra, antecedente del Ej\u00e9rcito Negro, en 1906<\/span><\/figcaption><\/figure>\n<p>&nbsp;<\/p>\n<p style=\"text-align: justify;\"><span style=\"font-size: 14pt;\">Pero no estuvo solo. Aqu\u00ed entra la figura de\u00a0<strong>Maria Nikiforova<\/strong>. Desde el principio, la revoluci\u00f3n bolchevique sent\u00f3 discrepancias con otros grupos izquierdistas, incluyendo anarquistas, que no ve\u00edan con buenos ojos la creaci\u00f3n de un \u00abej\u00e9rcito rojo\u00bb centralizado controlado por un partido y un Estado. As\u00ed, Nikiforova, anarquista rusa, impuls\u00f3 la creaci\u00f3n de las\u00a0<strong>Guardias Negras<\/strong>, milicias armadas de trabajadores, estudiantes y campesinos que cosecharon \u00e9xitos r\u00e1pidamente, tomando la ciudad de Orikhiv en Ucrania y consiguiendo recursos y armas.<\/span><\/p>\n<p style=\"text-align: justify;\"><span style=\"font-size: 14pt;\">Inicialmente, este grupo apoy\u00f3 a los bolcheviques en la guerra civil rusa. En Ucrania se cre\u00f3 un comit\u00e9 revolucionario para coordinar las milicias anarquistas y estructurarlas para poder hacer frente a los movimientos nacionalistas, dando<strong>\u00a0un paso definitivo hacia la militarizaci\u00f3n del movimiento.<\/strong><\/span><\/p>\n<p style=\"text-align: justify;\"><span style=\"font-size: 14pt;\">Sin embargo, todas las conquistas y logros obtenidos quedaron truncados al a\u00f1o siguiente cuando Ucrania qued\u00f3 bajo el control de Alemania y el Imperio Austroh\u00fangaro, ya que Rusia se hab\u00eda retirado de la guerra, inmersa en la guerra civil tras la Revoluci\u00f3n Bolchevique. El campesinado, que hab\u00eda apoyado a activistas anarquistas como Makhno o Nikiforova (que fueron detenidos)<strong>, se vieron obligados a sufrir represalias y a perder de nuevo sus tierras<\/strong>\u00a0por el Estado de Ucrania, la entidad t\u00edtere de las Potencias Centrales, de la mano del llamado<strong>\u00a0<\/strong><a href=\"https:\/\/www.labrujulaverde.com\/2020\/10\/ejercito-verde-los-campesinos-que-se-enfrentaron-al-ejercito-blanco-y-al-ejercito-rojo-en-la-guerra-civil-rusa\" target=\"_blank\" rel=\"nofollow noopener\" data-schema-attribute=\"\"><strong>Ej\u00e9rcito Verde<\/strong><\/a>.<\/span><\/p>\n<p style=\"text-align: justify;\"><span style=\"font-size: 14pt;\">As\u00ed, en verano de 1918, decidieron que era el momento de tomar las riendas de su destino.<\/span><\/p>\n<h3 style=\"text-align: center;\"><span style=\"font-size: 18pt;\"><strong>La fundaci\u00f3n del Ej\u00e9rcito Negro<\/strong><\/span><\/h3>\n<p style=\"text-align: justify;\"><span style=\"font-size: 14pt;\">El Ej\u00e9rcito Negro recogi\u00f3 las estructuras organizativas y recursos de las milicias anarquistas que le precedieron. Se enfrentaron tanto al Ej\u00e9rcito Verde (las fuerzas armadas del Estado de Ucrania) como al Ej\u00e9rcito Blanco que combat\u00eda a los bolcheviques en Rusia, adem\u00e1s de a soldados del Imperio Austroh\u00fangaro y de Alemania.<\/span><\/p>\n<p style=\"text-align: justify;\"><span style=\"font-size: 14pt;\">Todo esto contribuy\u00f3 a fabricar un imaginario de rechazo a los Estados, que ve\u00edan como instituciones invasivas para sus intereses. Sin embargo, debido a cercan\u00edas ideol\u00f3gicas e intereses estrat\u00e9gicos, tuvieron simpat\u00edas y alianzas iniciales con los comunistas bolcheviques rusos, aunque en esto tambi\u00e9n hab\u00eda divisi\u00f3n. Por ejemplo,<strong>\u00a0Makhno y su c\u00edrculo cercano era partidario de aliarse con ellos<\/strong>\u00a0pero otros tem\u00edan que, si los bolcheviques ganaban la guerra, se terminar\u00edan enfrentando a los anarquistas (y a cualquier disidencia).<\/span><\/p>\n<p style=\"text-align: justify;\">\u00a0<\/p>\n<figure id=\"attachment_2278491\" aria-describedby=\"caption-attachment-2278491\" style=\"width: 678px\" class=\"wp-caption aligncenter\"><img loading=\"lazy\" decoding=\"async\" class=\"wp-image-2278491 size-mh-magazine-content\" src=\"https:\/\/puntocritico.com\/ausajpuntocritico\/wp-content\/uploads\/2023\/06\/1919._\u041f\u043e\u0432\u0441\u0442\u0430\u043d\u0446\u044b_\u0441\u043e\u0432\u0435\u0442\u0443\u044e\u0442\u0441\u044f_\u0441_\u0431\u0430\u0442\u044c\u043a\u043e\u0439_\u041c\u0430\u0445\u043d\u043e-678x381.jpg\" alt=\"\" width=\"678\" height=\"381\" data-id=\"2278491\" \/><figcaption id=\"caption-attachment-2278491\" class=\"wp-caption-text\"><span style=\"color: #008000;\">Comandantes del Ej\u00e9rcito Negro, de izquierda a derecha: Simon Karetnik, Fedir Schchus y N\u00e9stor Makhno<\/span><\/figcaption><\/figure>\n<p>&nbsp;<\/p>\n<p style=\"text-align: justify;\"><span style=\"font-size: 14pt;\">De hecho, Makhno lleg\u00f3 a reunirse en verano de 1918 con Vladimir Lenin, l\u00edder del Partido Bolchevique, cuando sali\u00f3 de prisi\u00f3n tras 9 a\u00f1os hecho prisionero por la Rusia zarista.<\/span><\/p>\n<p style=\"text-align: justify;\"><span style=\"font-size: 14pt;\">Aunque inicialmente las milicias anarquistas fueron vencidas por las Potencias Centrales, en 1918 se vieron superadas por los Aliados, lo que llev\u00f3 a su derrota y al fin del conflicto. Esto\u00a0<strong>desmembr\u00f3 al Imperio Austroh\u00fangaro<\/strong>, lo que dio pie a un escenario donde diversos grupos pol\u00edticos y sociales en Ucrania pugnaron por la construcci\u00f3n de un nuevo pa\u00eds.<\/span><\/p>\n<p style=\"text-align: justify;\"><span style=\"font-size: 14pt;\">Mientras la Rep\u00fablica Popular de Ucrania Occidental se enfrentaba al\u00a0<strong>Ej\u00e9rcito Nacional de Polonia<\/strong>, y por otro lado surg\u00eda la Rep\u00fablica Popular de Ucrania, el Ej\u00e9rcito Negro aprovech\u00f3 para reorganizarse y recuperar buena parte de las conquistas perdidas. Se cre\u00f3 el<strong>\u00a0Consejo Insurgente\u00a0<\/strong>para gestionar y organizar los territorios y recursos conquistados en el plano militar.<\/span><\/p>\n<p style=\"text-align: justify;\"><span style=\"font-size: 14pt;\">Hasta fin de 1918, se dieron diversas batallas entre los restos de las tropas austroh\u00fangaras y del Ej\u00e9rcito Verde con los anarquistas de Makhno, contando varias victorias y derrotas.<\/span><\/p>\n<p>&nbsp;<\/p>\n<blockquote class=\"wp-block-quote\">\n<p style=\"text-align: justify;\"><span style=\"font-size: 14pt;\"><strong><span style=\"color: #008000;\">\u00a1Nosotros, como anarquistas, estamos de acuerdo con los socialistas- revolucionarios en cuanto a la necesidad que ustedes tienen de organizarse en una Uni\u00f3n, pero no en vistas de servir de apoyo al partido socialista revolucionario en su futura lucha oratoria contra los socialdem\u00f3cratas y los Cadetes (el partido de la derecha) en el seno de la futura Constituyente, si alguna vez \u00e9sta es convocada!<\/span><\/strong><\/span><\/p>\n<p style=\"text-align: right;\"><span style=\"font-size: 14pt;\"><strong><span style=\"color: #008000;\"><cite>N\u00e9stor Makhno<\/cite><\/span><\/strong><\/span><\/p>\n<\/blockquote>\n<p>&nbsp;<\/p>\n<p style=\"text-align: justify;\"><span style=\"font-size: 14pt;\">En este punto, se dieron colaboraciones con el Ej\u00e9rcito Rojo, ya que ten\u00edan el mismo enemigo com\u00fan. Historiadores rusos consideran incluso que formaban parte del mismo ej\u00e9rcito, si bien los de Makhno siempre fueron una fuerza independiente de Mosc\u00fa.<\/span><\/p>\n<p style=\"text-align: justify;\"><span style=\"font-size: 14pt;\">No obstante, se cre\u00f3 en el llamado\u00a0<strong>Territorio Libre<\/strong>, las tierras conquistadas por el Ej\u00e9rcito Negro,\u00a0<strong>el Soviet Militar Revolucionario de los Obreros y los Campesinos Insurgentes.\u00a0<\/strong>Los<em>\u00a0soviets\u00a0<\/em>eran asambleas constituidas por obreros en Rusia impulsadas por los movimientos socialistas y comunistas para organizar la pol\u00edtica, la sociedad y la econom\u00eda, y la idea de los bolcheviques era que los soviets terminaran desplazando al poder establecido.<\/span><\/p>\n<p style=\"text-align: justify;\"><span style=\"font-size: 14pt;\">Si bien la idea del Soviet de Ucrania era colaborar con los de Makhno, surgieron muchas fricciones porque dicho Soviet deb\u00eda obedecer \u00f3rdenes directas desde Mosc\u00fa, mientras que el campesinado del Territorio Libre no aceptaba dicha autoridad.<\/span><\/p>\n<p>&nbsp;<\/p>\n<figure id=\"attachment_2278492\" aria-describedby=\"caption-attachment-2278492\" style=\"width: 678px\" class=\"wp-caption aligncenter\"><img loading=\"lazy\" decoding=\"async\" class=\"wp-image-2278492 size-mh-magazine-content\" src=\"https:\/\/puntocritico.com\/ausajpuntocritico\/wp-content\/uploads\/2023\/06\/800px-Makhnovia.svg_-678x381.png\" alt=\"\" width=\"678\" height=\"381\" data-id=\"2278492\" \/><figcaption id=\"caption-attachment-2278492\" class=\"wp-caption-text\"><span style=\"color: #008000;\">Territorio Libre de Ucrania, controlado por el Ej\u00e9rcito Negro: en rojo oscuro las zonas que controlaban en su totalidad, en rojo claro las zonas donde manten\u00edan posiciones. Autor: Thespoondragon, 13\/11\/2018. Fuente: Wikimedia Commons \/ CC BY-SA 4.0<\/span><\/figcaption><\/figure>\n<p>&nbsp;<\/p>\n<p style=\"text-align: justify;\"><span style=\"font-size: 14pt;\">A esto se le suma que a los bolcheviques les ven\u00eda bien cualquier alianza debido a su desventaja frente al Ej\u00e9rcito Blanco en la guerra civil. Llegaron a mostrar simpat\u00eda incluso por el Ej\u00e9rcito Verde, con la esperanza de que sus intereses chocaran con los del Ej\u00e9rcito Blanco, lo cual no agradaba tampoco a los anarquistas.<\/span><\/p>\n<p style=\"text-align: justify;\"><span style=\"font-size: 14pt;\">Por otro lado, hab\u00edan sectores del Ej\u00e9rcito Verde que simpatizaban con las fuerzas de Makhno. Esto se deb\u00eda a que ambas organizaciones eran ucranianas y no toleraban las insurgencias extranjeras. Aunque siempre fueron del todo incompatibles, existieron colaboraciones puntuales y alg\u00fan que otro acuerdo, sobre todo en el plano militar.<\/span><\/p>\n<p style=\"text-align: justify;\"><span style=\"font-size: 14pt;\">Es decir,<strong>\u00a0el fin de la Gran Guerra abri\u00f3 un periodo donde diversas facciones se disputaban la hegemon\u00eda de Ucrania\u00a0<\/strong>con intereses dispares en el plano ideol\u00f3gico, cultural y pol\u00edtico, y donde se dieron extra\u00f1as alianzas, amistades y conflictos.<\/span><\/p>\n<p style=\"text-align: justify;\"><span style=\"font-size: 14pt;\">Para 2019, ya se hab\u00edan dado escaramuzas y conflictos entre rusos y ucranianos, un conflicto que se extender\u00eda en toda Ucrania, pero que no termin\u00f3 de estallar entre el Ej\u00e9rcito Negro y el Ej\u00e9rcito Rojo debido a las continuas ofensivas del Movimiento Blanco en Rusia. No obstante, a pesar de sus esperanzas en logar una futura alianza con los comunistas, ten\u00eda miedo de que, en cuanto el contexto se estabilizase,\u00a0<strong>su sociedad anarquista ser\u00eda atacada e invadida<\/strong>.<\/span><\/p>\n<p style=\"text-align: justify;\"><span style=\"font-size: 14pt;\">No iba muy desencaminado.<\/span><\/p>\n<h3 style=\"text-align: center;\"><span style=\"font-size: 18pt;\"><strong>La conquista del Ej\u00e9rcito Negro<\/strong><\/span><\/h3>\n<p style=\"text-align: justify;\"><span style=\"font-size: 14pt;\">Los primeros meses de 2019 se tradujeron en fuertes victorias para el Ej\u00e9rcito Negro, ayud\u00e1ndose de algunas tropas bolcheviques. El Territorio Libre lleg\u00f3 a ocupar una quinta parte de Ucrania y agrupar a unos 7 millones de personas, organizadas en una sociedad anarquista, sin Estado.<\/span><\/p>\n<p style=\"text-align: justify;\"><span style=\"font-size: 14pt;\">Esta aparente utop\u00eda cada vez chocaba m\u00e1s con las aspiraciones bolcheviques, por lo que<strong>\u00a0los enfrentamientos fueron cada vez m\u00e1s comunes<\/strong>.<\/span><\/p>\n<p style=\"text-align: justify;\"><span style=\"font-size: 14pt;\">Justo antes de que todo se fuera por la borda, hubo un desembarco en Ucrania de numerosas tropas inglesas, francesas y polacas para ayudar al Ej\u00e9rcito Blanco en la guerra civil rusa, aliadas con el Ej\u00e9rcito Verde nacionalista. Esto fue un profundo rev\u00e9s para anarquistas y comunistas, que evidentemente no pod\u00edan entretenerse en una confrontaci\u00f3n con tantos frentes abiertos.<\/span><\/p>\n<p>&nbsp;<\/p>\n<figure id=\"attachment_2278493\" aria-describedby=\"caption-attachment-2278493\" style=\"width: 678px\" class=\"wp-caption aligncenter\"><img loading=\"lazy\" decoding=\"async\" class=\"wp-image-2278493 size-mh-magazine-content\" src=\"https:\/\/puntocritico.com\/ausajpuntocritico\/wp-content\/uploads\/2023\/06\/Grupo_de_Combate_del_Ejercito_Negro-678x381.jpg\" alt=\"\" width=\"678\" height=\"381\" data-id=\"2278493\" \/><figcaption id=\"caption-attachment-2278493\" class=\"wp-caption-text\"><span style=\"color: #008000;\">Grupo de combate del Ej\u00e9rcito Negro<\/span><\/figcaption><\/figure>\n<p>&nbsp;<\/p>\n<p style=\"text-align: justify;\"><span style=\"font-size: 14pt;\">Sin embargo, una parte del Ej\u00e9rcito Verde m\u00e1s d\u00edscola, al mando de\u00a0<strong>Nik\u00edfor Grig\u00f3riev<\/strong>, militante del\u00a0<strong>Partido Social-Revolucionario<\/strong>, se declar\u00f3 en rebeld\u00eda y lleg\u00f3 a acuerdos con el Ej\u00e9rcito Negro para aplastar las injerencias extranjeras. En primer lugar, dirigi\u00f3 su ataque contra el propio Ej\u00e9rcito Verde, enarbolando una bandera roja, y m\u00e1s tarde combati\u00f3 contra las tropas de los Aliados hasta expulsarlas al Mar de Azov, haci\u00e9ndose con el control de Odesa (en el sur).<\/span><\/p>\n<p style=\"text-align: justify;\"><span style=\"font-size: 14pt;\">Expulsados estos, se dirigi\u00f3 entonces contra los bolcheviques, que hab\u00edan aprovechado sus victorias para adentrarse en territorio ucraniano, y contra el Ej\u00e9rcito Blanco.<\/span><\/p>\n<p style=\"text-align: justify;\"><span style=\"font-size: 14pt;\">Para estas campa\u00f1as militares, se ali\u00f3 con el Ej\u00e9rcito Negro, siendo general de varias tropas conjuntas.<\/span><\/p>\n<p style=\"text-align: justify;\"><span style=\"font-size: 14pt;\">Pero el Ej\u00e9rcito Negro se enfrentaba a dos problemas: por un lado, por mucho que la alianza con Grig\u00f3riev les sirviera, era de profundas ideas nacionalistas y antisemitas, muy cercano a las corrientes ultranacionalistas que se estaban gestando en el pa\u00eds y de la que\u00a0<strong><a href=\"https:\/\/aldescubierto.org\/2022\/03\/28\/stepan-bandera-el-historico-lider-fascista-de-ucrania\/\" target=\"_blank\" rel=\"noopener\" data-schema-attribute=\"\">Stepan Bandera<\/a><\/strong>\u00a0ser\u00eda su m\u00e1ximo exponente m\u00e1s tarde. De hecho, Grig\u00f3riev y sus tropas participaron en progromos jud\u00edos y varias matanzas antisemitas.<\/span><\/p>\n<p style=\"text-align: justify;\"><span style=\"font-size: 14pt;\">Por otro lado, el Ej\u00e9rcito Rojo bolchevique cada vez protagonizaba m\u00e1s saqueos, asesinatos y fusilamientos entre la poblaci\u00f3n ucraniana para mantener el orden y conseguir ventaja en la guerra civil.<\/span><\/p>\n<p style=\"text-align: justify;\"><span style=\"font-size: 14pt;\">As\u00ed, Makhno y los suyos tuvieron que cabalgar estas contradicciones y colaborar con ambos ej\u00e9rcitos para derrotar al Movimiento Blanco. Lo que finalmente sucedi\u00f3: el Ej\u00e9rcito Negro obtuvo victorias costosas, pero incontestables, haci\u00e9ndose con el control de muy buena parte de Ucrania, robando recursos y cortando las v\u00edas de abastecimiento del Ej\u00e9rcito Blanco e favoreciendo de forma considerable la futura victoria bolchevique.<\/span><\/p>\n<p style=\"text-align: justify;\"><span style=\"font-size: 14pt;\">Es en este periodo cuando las milicias campesinas anarquistas se fraguan una gran fama como fieros combatientes, r\u00e1pidos en actuar y con gran capacidad estrat\u00e9gica. Se dice que los bolcheviques, conscientes de su pericia en combate y su utilidad, adem\u00e1s de por cierta afinidad ideol\u00f3gica, prefirieron ponerse del lado de Makhno y no de Grig\u00f3riev, quien\u00a0<strong>fue finalmente asesinado por orden de Makhno en un congreso anarquista en 1919<\/strong>\u00a0acusado de traici\u00f3n cuando se descubri\u00f3 que se carteaba con oficiales del Ej\u00e9rcito Blanco (<em>si bien las circunstancias y los motivos generan discrepancias entre historiadores<\/em>).<\/span><\/p>\n<p style=\"text-align: justify;\"><span style=\"font-size: 14pt;\">Para finales de 2019, las numerosas victorias del Ej\u00e9rcito Negro le hicieron contar con m\u00e1s de 100.000 combatientes, apoyados por milicias campesinas, y un basto territorio autogestionado que combat\u00eda contra poderosos ej\u00e9rcitos, saliendo victorioso. El general Denikin, al mando de las tropas extranjeras del Ej\u00e9rcito Blanco, tiene que retirarse una y otra vez, hasta que se recluye en Crimea, donde es derrotado por el Ej\u00e9rcito Rojo.<\/span><\/p>\n<h3 style=\"text-align: center;\"><span style=\"font-size: 18pt;\"><strong>La heroica derrota de N\u00e9stor Makhno<\/strong><\/span><\/h3>\n<p style=\"text-align: justify;\"><span style=\"font-size: 14pt;\">El Ej\u00e9rcito Blanco, aliado con nacionalistas ucranianos, se reorganiz\u00f3 bajo el mando del alem\u00e1n Bar\u00f3n Wrangel e inici\u00f3 una nueva ofensiva contra los bolcheviques. Estos intentaron lo propio, instando a Makhno a colaborar con ellos y a\u00a0<strong>sumar fuerzas para repeler al invasor.<\/strong><\/span><\/p>\n<p>&nbsp;<\/p>\n<figure id=\"attachment_2278494\" aria-describedby=\"caption-attachment-2278494\" style=\"width: 615px\" class=\"wp-caption aligncenter\"><img loading=\"lazy\" decoding=\"async\" class=\"wp-image-2278494 size-mh-magazine-content\" src=\"https:\/\/puntocritico.com\/ausajpuntocritico\/wp-content\/uploads\/2023\/06\/1920._\u0428\u0442\u0430\u0431_\u041f\u043e\u0432\u0441\u0442\u0430\u043d\u0447\u0435\u0441\u043a\u043e\u0439_\u0410\u0440\u043c\u0438\u0438_\u0438_\u043a\u043e\u043c\u0441\u043e\u0441\u0442\u0430\u0432_\u043e\u0431\u0441\u0443\u0436\u0434\u0430\u0435\u0442_\u043f\u0440\u043e\u0435\u043a\u0442_\u0440\u0430\u0437\u0433\u0440\u043e\u043c\u0430_\u0432\u0440\u0430\u043d\u0433\u0435\u043b\u0435\u0432\u0446\u0435\u0432_\u0421\u0442\u0430\u0440\u043e\u0431\u0435\u043b\u044c\u0441\u043a-615x381.jpg\" alt=\"\" width=\"615\" height=\"381\" data-id=\"2278494\" \/><figcaption id=\"caption-attachment-2278494\" class=\"wp-caption-text\"><span style=\"color: #008000;\">Tropas del Ej\u00e9rcito Negro revisando el plan de la conquista de Crimea para derrotar a los restos del Ej\u00e9rcito Blanco<\/span><\/figcaption><\/figure>\n<p>&nbsp;<\/p>\n<p style=\"text-align: justify;\"><span style=\"font-size: 14pt;\">Pero el Consejo de Insurgentes, el \u00f3rgano pol\u00edtico del Territorio Libre,\u00a0<strong>se neg\u00f3.<\/strong>\u00a0Y es que los bolcheviques hab\u00edan poblado buena parte de Ucrania, estableciendo sus s\u00f3viets a las \u00f3rdenes de Mosc\u00fa, y entrando en continuos conflictos con el campesinado. Esta negativa a aceptar una autoridad superior fue tildada de traici\u00f3n y difundida por las tropas sovi\u00e9ticas como una alianza entre el Ej\u00e9rcito Negro y el Blanco, lo cual era falso.<\/span><\/p>\n<p style=\"text-align: justify;\"><span style=\"font-size: 14pt;\">As\u00ed, con el Ej\u00e9rcito Blanco y las tropas nacionalistas ucranianas menguadas, anarquistas y bolcheviques entraron en guerra. Una guerra que lleg\u00f3 a tal punto que uno de los hermanos de Makhno,\u00a0<strong>Sawa, fue apresado y asesinado por soldados del Ej\u00e9rcito Rojo.<\/strong><\/span><\/p>\n<p style=\"text-align: justify;\"><span style=\"font-size: 14pt;\">Durante meses, el Ej\u00e9rcito Negro tuvo que enfrentarse a dos considerables enemigos. N\u00e9stor Makhno, pese a todo, sigui\u00f3 considerando que el entendimiento con los bolcheviques era posible, y centr\u00f3 los esfuerzos de sus tropas en atacar a las tropas de Wrangel, mientras que del Ej\u00e9rcito Rojo simplemente adopt\u00f3 una posici\u00f3n defensiva que alternaba con peticiones de paz y de acuerdos que nunca fueron respondidas.<\/span><\/p>\n<p style=\"text-align: justify;\"><span style=\"font-size: 14pt;\">Para colmo, una epidemia de tifus sacudi\u00f3 a los anarquistas, aniquilando cerca de la mitad de soldados.<\/span><\/p>\n<p style=\"text-align: justify;\"><span style=\"font-size: 14pt;\">Finalmente, el Ej\u00e9rcito Rojo s\u00ed accedi\u00f3 a un acuerdo de paz con Makhno ante el avance del Ej\u00e9rcito Blanco. El\u00a0<strong>Tratazo de Paz\u00a0<\/strong>se firm\u00f3 en octubre de 1920, donde se reconoc\u00eda que los anarquistas no eran traidores en modo alguno, se acordaba una cooperaci\u00f3n conjunta y se otorgaban derechos territoriales. No obstante,<strong>\u00a0la mayor\u00eda de historiadores coincide en que el acuerdo bastante m\u00e1s favorable a bolcheviques que al Ej\u00e9rcito Negro.<\/strong><\/span><\/p>\n<p style=\"text-align: justify;\"><span style=\"font-size: 14pt;\">El acuerdo dio sus frutos y pronto Wrangel corri\u00f3 la misma suerte que Denikin, su predecesor, teniendo que retirarse a Crimea. All\u00ed, trazaron un plan donde, casualidades, el mayor esfuerzo b\u00e9lico y riesgo corr\u00eda a cargo del Ej\u00e9rcito Negro, que deb\u00eda capturar varias posiciones mientras los bolcheviques sitiaban Perekop, la ciudad que abr\u00eda el paso a Crimea.<\/span><\/p>\n<p>&nbsp;<\/p>\n<figure id=\"attachment_2278495\" aria-describedby=\"caption-attachment-2278495\" style=\"width: 555px\" class=\"wp-caption aligncenter\"><img loading=\"lazy\" decoding=\"async\" class=\"wp-image-2278495\" src=\"https:\/\/puntocritico.com\/ausajpuntocritico\/wp-content\/uploads\/2023\/06\/800px-Perekop\u2013Chongar_operation_Soviet_plan_map-en.svg_.png\" alt=\"\" width=\"555\" height=\"617\" data-id=\"2278495\" srcset=\"https:\/\/puntocritico.com\/ausajpuntocritico\/wp-content\/uploads\/2023\/06\/800px-Perekop\u2013Chongar_operation_Soviet_plan_map-en.svg_.png 800w, https:\/\/puntocritico.com\/ausajpuntocritico\/wp-content\/uploads\/2023\/06\/800px-Perekop\u2013Chongar_operation_Soviet_plan_map-en.svg_-270x300.png 270w, https:\/\/puntocritico.com\/ausajpuntocritico\/wp-content\/uploads\/2023\/06\/800px-Perekop\u2013Chongar_operation_Soviet_plan_map-en.svg_-768x854.png 768w\" sizes=\"auto, (max-width: 555px) 100vw, 555px\" \/><figcaption id=\"caption-attachment-2278495\" class=\"wp-caption-text\"><span style=\"color: #008000;\">El plan acordado por bolcheviques y el Ej\u00e9rcito Negro. Autor: Goran tek-en, 17\/01\/2018. Fuente: Wikimedia Commons \/ CC BY-SA 4.0<\/span><\/figcaption><\/figure>\n<p>&nbsp;<\/p>\n<p style=\"text-align: justify;\"><span style=\"font-size: 14pt;\">El plan fue un \u00e9xito. El Ej\u00e9rcito Rojo tom\u00f3 la ciudad sin sufrir apenas bajas y tom\u00f3 posiciones en Ucrania. Con esta aplastante victoria por parte de los bolcheviques, que terminar\u00edan creando la\u00a0<strong>Uni\u00f3n de Rep\u00fablicas Socialistas Sovi\u00e9ticas (URSS),<\/strong>\u00a0Simon Kar\u00e9tnik, uno de los generales del Ej\u00e9rcito Negro, es llamado al Consejo Militar de los bolcheviques en lo que parec\u00eda una comunicaci\u00f3n rutinaria.<\/span><\/p>\n<p style=\"text-align: justify;\"><span style=\"font-size: 14pt;\">Pero se fragu\u00f3 la traici\u00f3n: Kar\u00e9tnik es apresado y fusilado al d\u00eda siguiente. Ese mismo d\u00eda, el Ej\u00e9rcito Rojo ataca todas las posiciones capturadas por el Ej\u00e9rcito Negro en la pen\u00ednsula de Crimea con una superioridad num\u00e9rica considerable. Los anarquistas apenas eran 5.000, acabados de combatir. Los bolcheviques eran 150.000. Evidentemente, fueron derrotados.<\/span><\/p>\n<p style=\"text-align: justify;\"><span style=\"font-size: 14pt;\">No ser\u00eda la \u00faltima palabra de Makhno. El debilitado y reducido Ej\u00e9rcito Negro se reagrup\u00f3 y plant\u00f3 cara a los bolcheviques siendo rid\u00edculamente menos en n\u00famero, apenas 2.500. Tras unas cuantas semanas de combate,\u00a0<strong>los anarquistas consiguieron recuperar territorio ucraniano,<\/strong>\u00a0obligando a Lenin a enviar refuerzos desde Rusia.<\/span><\/p>\n<p style=\"text-align: justify;\"><span style=\"font-size: 14pt;\">Las proezas en combate, la tenacidad en la resistencia y el valor de las tropas anarquistas fue tal que incluso prisioneros de guerra bolcheviques se unieron a sus filas para defender su causa. Si bien ser\u00eda derrotado sin lugar a dudas ante un ej\u00e9rcito mucho m\u00e1s numeroso, mejor armado e incansable, Makhno luch\u00f3 hasta al final por su Territorio Libre.<\/span><\/p>\n<p style=\"text-align: justify;\"><span style=\"font-size: 14pt;\">A mediados de diciembre, reducido a apenas unos centenares de tropas, con la URSS haci\u00e9ndose con el control de Ucrania, pasaron a combatir en guerra de guerrillas, hostigando y resistiendo en peque\u00f1as escaramuzas hasta al menos 1924. Los bolcheviques hicieron todo lo posible por perseguir, apresar y acabar con todo rastro del movimiento anarquista ucraniano.<\/span><\/p>\n<p style=\"text-align: justify;\"><span style=\"font-size: 14pt;\">Con m\u00faltiples heridas de bala y un tobillo rojo, N\u00e9stor Makhno y un pu\u00f1ado de hombres, tan heridos o m\u00e1s que \u00e9l, rompieron el cerco rojo y huyeron a Ruman\u00eda. De ah\u00ed fue a Danzing, donde fue ayudado por grupos anarquistas hasta llegar a Par\u00eds, donde malvivi\u00f3, arrastrando enfermedades y heridas hasta su muerte, en la pr\u00e1ctica indigencia y enfermo de tuberculosis en 1934.<\/span><\/p>\n<h3 style=\"text-align: center;\"><span style=\"font-size: 18pt;\"><strong>Legado del Ej\u00e9rcito Negro<\/strong><\/span><\/h3>\n<p style=\"text-align: justify;\"><span style=\"font-size: 14pt;\">Las haza\u00f1as del Ej\u00e9rcito Negro fueron y son una inspiraci\u00f3n para el movimiento anarquista en sus distintas corrientes y organizaciones, muy especialmente en Espa\u00f1a, donde organizaciones como la\u00a0<strong>Confederaci\u00f3n Nacional del Trabajo (CNT)<\/strong>, sindicato anarcosindicalista, ten\u00eda mucha fuerza en los a\u00f1os 20 y 30.<\/span><\/p>\n<p style=\"text-align: justify;\"><span style=\"font-size: 14pt;\">Seguidores de Makhno y sus ideas siguieron perdurando en grupos y organizaciones clandestinas en Ucrania, incluso durante la ocupaci\u00f3n nazi, y se sabe que acudieron antiguos combatientes y seguidores del Ej\u00e9rcito Negro en las Brigadas Internacionales, las tropas voluntarias que acudieron en auxilio de la Rep\u00fablica en la Guerra Civil Espa\u00f1ola.<\/span><\/p>\n<p style=\"text-align: justify;\"><span style=\"font-size: 14pt;\">La bandera negra de Makhno ha sido agitada y utilizada en protestas, manifestaciones y concentraciones.<\/span><\/p>\n<p style=\"text-align: justify;\"><span style=\"font-size: 14pt;\">Una de las cuestiones m\u00e1s admiradas por el Ej\u00e9rcito Negro fue su operatividad en combate y su organizaci\u00f3n. Se basaba en tres principios: en primer lugar,\u00a0<strong>la pertenencia era voluntaria,<\/strong>\u00a0es decir, a nadie se le obligaba a alistarse; en segundo lugar,<strong>\u00a0los puestos de responsabilidad eran elegidos de forma asamblearia,\u00a0<\/strong>tanto los puestos pol\u00edticos como militares, primero por su unidad y luego por el ej\u00e9rcito en su totalidad; y en tercer lugar,\u00a0<strong>el reglamento interno se elaboraba de forma colaborativa<\/strong>\u00a0y era refrendado tambi\u00e9n de forma asamblearia.<\/span><\/p>\n<p>&nbsp;<\/p>\n<figure id=\"attachment_2278496\" aria-describedby=\"caption-attachment-2278496\" style=\"width: 678px\" class=\"wp-caption aligncenter\"><img loading=\"lazy\" decoding=\"async\" class=\"wp-image-2278496 size-mh-magazine-content\" src=\"https:\/\/puntocritico.com\/ausajpuntocritico\/wp-content\/uploads\/2023\/06\/1918._\u041d\u043e\u0432\u043e\u0441\u043f\u0430\u0441\u043e\u0432\u0441\u043a\u0438\u0439_\u043e\u0442\u0440\u044f\u0434._\u0422._\u0412\u0434\u043e\u0432\u0438\u0447\u0435\u043d\u043a\u043e_\u0445\u043e\u0440\u043e\u043d\u0438\u0442_\u043f\u043e\u0432\u0441\u0442\u0430\u043d\u0446\u0435\u0432_\u0443\u0431\u0438\u0442\u044b\u0445_\u0432_\u0431\u043e\u044f\u0445_\u0441_\u0430\u0432\u0441\u0442\u0440\u0438\u0439\u0446\u0430\u043c\u0438-678x381.jpg\" alt=\"\" width=\"678\" height=\"381\" data-id=\"2278496\" \/><figcaption id=\"caption-attachment-2278496\" class=\"wp-caption-text\"><span style=\"color: #008000;\">Comuna agraria del Territorio Libre de Ucrania, controlado por el Ej\u00e9rcito Negro<\/span><\/figcaption><\/figure>\n<p>&nbsp;<\/p>\n<p style=\"text-align: justify;\"><span style=\"font-size: 14pt;\">El cumplimiento de la normativa reca\u00eda en la propia responsabilidad de sus miembros, es decir, las autoridades superiores no ejerc\u00edan una labor de polic\u00eda en ese sentido. De hecho, N\u00e9stor Makhno daba total libertad a las unidades para organizarse y actuar, marcando simplemente unas pocas directrices, siempre refrendadas posteriormente.<\/span><\/p>\n<p style=\"text-align: justify;\"><span style=\"font-size: 14pt;\">Exist\u00eda tambi\u00e9n una rotaci\u00f3n en las tropas. Cada pocas semanas, los combatientes se marchaban con sus familias, descansaban un tiempo, y luego regresaban al frente.<\/span><\/p>\n<p style=\"text-align: justify;\"><span style=\"font-size: 14pt;\">Pese a todo lo anterior, exist\u00eda una estructura muy definida que lleg\u00f3 a ser muy amplia, como un ej\u00e9rcito profesional. Lleg\u00f3 a estar considerado de los mejores ej\u00e9rcitos del mundo en ese momento, con una capacidad de despliegue muy alta debido a que la infanter\u00eda se mov\u00eda en unos carruajes propios de la regi\u00f3n (<em>y que hoy se exhibe en museos<\/em>). Dado que el campesinado conoc\u00eda muy bien el terreno y \u00e9ste era llano,\u00a0<strong>eran capaces de recorrer much\u00edsima distancia en poco tiempo<\/strong>\u00a0y defender las posiciones requeridas desplazando e intercambiando tropas r\u00e1pidamente. Su unidad de caballer\u00eda era tambi\u00e9n muy admirada.<\/span><\/p>\n<p style=\"text-align: justify;\"><span style=\"font-size: 14pt;\">Otro punto a su favor era que ten\u00edan el total apoyo de la poblaci\u00f3n local, por lo que no gastaban recursos en log\u00edstica, redes de abastecimiento o infraestructura. Para esto exist\u00eda un \u00f3rgano pol\u00edtico, la\u00a0<strong>Confederaci\u00f3n de Organizaciones Anarquistas Nabat<\/strong>, punto en com\u00fan de las diferentes comunidades en las que se organizaba la sociedad ucraniana, compuesta por trabajadores y campesinos, siguiendo las teor\u00edas de la colectivizaci\u00f3n econ\u00f3mica de\u00a0<strong>Pedro Kropotkin<\/strong>.<\/span><\/p>\n<p style=\"text-align: justify;\"><span style=\"font-size: 14pt;\">El <strong>Territorio Libre<\/strong> respet\u00f3 los derechos humanos y las libertades civiles b\u00e1sicas, incluyendo la libertad de prensa, de informaci\u00f3n y de comunicaci\u00f3n, motivo por el cual se convirti\u00f3 en un territorio de divulgaci\u00f3n de un gran n\u00famero de peri\u00f3dicos de editoriales diversas. La primera comuna, que llevaba el nombre de <strong>Rosa Luxemburgo<\/strong>, fue todo un \u00e9xito: en ella, adem\u00e1s de repartir la propiedad de los medios de producci\u00f3n de manera colectiva,\u00a0<strong>se respet\u00f3 a todo el mundo en igualdad de condiciones, incluyendo entre hombres y mujeres.<\/strong><\/span><\/p>\n<p style=\"text-align: justify;\"><span style=\"font-size: 14pt;\">Muchos comuneros consideraban que la vida comunal era la \u00ab<em>forma m\u00e1s alta de justicia social<\/em>\u00bb, y algunos antiguos terratenientes incluso adoptaron voluntariamente el nuevo estilo de vida<\/span><\/p>\n<p style=\"text-align: justify;\"><span style=\"font-size: 14pt;\">Por supuesto, existieron comunas que no terminaron de funcionar y alg\u00fan que otro conflicto interno en la forma de organizar la propiedad colectiva. Sin embargo, por lo general, el <strong>Territorio Libre<\/strong> no registr\u00f3 graves problemas ni de criminalidad ni de discrepancias internas, siendo sus conflictos en la inmensa mayor\u00eda de los casos producto de injerencias externas.<\/span><\/p>\n<p style=\"text-align: justify;\"><span style=\"font-size: 14pt;\">En los 80, el legado anarquista de Ucrania pareci\u00f3 renacer. Se cre\u00f3 en 1994 la\u00a0<strong>Confederaci\u00f3n Revolucionaria Anarcosindicalista (RKAS),<\/strong>\u00a0que reivindicaba la figura de N\u00e9stor Makhno.\u00a0<strong>Acci\u00f3n Revolucionaria<\/strong>, una de las organizaciones anarquistas m\u00e1s importantes de Bielorrusia, se fund\u00f3 en 2005 recogiendo tambi\u00e9n la herencia de las ideas del l\u00edder anarquista.<\/span><\/p>\n<p style=\"text-align: justify;\"><span style=\"font-size: 14pt;\">En 2009, se declar\u00f3 a Makhno h\u00e9roe local de\u00a0<strong>Guliaipole<\/strong>, su ciudad natal, y se le erigi\u00f3 una peque\u00f1a estatua. Desde 2019, la ciudad intenta traer de vuelta sus restos desde el cementerio de Par\u00eds en un intento por reivindicar su figura y potenciar el turismo hist\u00f3rico de la ciudad.<\/span><\/p>\n<p style=\"text-align: justify;\"><span style=\"font-size: 14pt;\">Por supuesto, tambi\u00e9n ha sido referenciado en el arte, el cine y la literatura. La obra m\u00e1s conocida es la serie rusa titulada<strong><em>\u00a0Las nueve vidas de N\u00e9stor Makhno<\/em><\/strong>, estrenada en 2005 y que cont\u00f3 con el aplauso de la cr\u00edtica y varios historiadores, a pesar de diversas licencias art\u00edsticas.<\/span><\/p>\n<p>&nbsp;<\/p>\n<figure id=\"attachment_2278497\" aria-describedby=\"caption-attachment-2278497\" style=\"width: 678px\" class=\"wp-caption aligncenter\"><img loading=\"lazy\" decoding=\"async\" class=\"wp-image-2278497 size-mh-magazine-content\" src=\"https:\/\/puntocritico.com\/ausajpuntocritico\/wp-content\/uploads\/2023\/06\/RussianSpringOdessa1stMay2014_17-678x381.jpg\" alt=\"\" width=\"678\" height=\"381\" data-id=\"2278497\" \/><figcaption id=\"caption-attachment-2278497\" class=\"wp-caption-text\"><span style=\"color: #008000;\">Concentraci\u00f3n del D\u00eda del Trabajador en Odesa donde se ve una pancarta con N\u00e9stor Makhno, comandante del Ej\u00e9rcito Negro. Autor: HOBOPOCC, 01\/05\/2014 Fuente: Wikimedia Commons \/ CC BY-SA 4.0<\/span><\/figcaption><\/figure>\n<p>&nbsp;<\/p>\n<div role=\"img\" data-tooltip-contained=\"true\" data-tooltip-align=\"b,l\" data-tooltip-delay=\"1500\" aria-label=\"Mensaje importante porque se te ha enviado directamente\">\n<p style=\"text-align: justify;\"><span style=\"font-size: 14pt;\">El Ej\u00e9rcito Negro y el Territorio Libre de Ucrania es una de las poqu\u00edsimas experiencias anarquistas que se han dado en la Historia, y una de las dos \u00fanicas en territorios geogr\u00e1ficamente extensos (la otra se dio en Espa\u00f1a, durante la Guerra Civil, en Arag\u00f3n).Por desgracia, es muy poco conocida, pero es necesario entender muy bien este poderoso precedente para entender la tradici\u00f3n anarquista y antifascista en Ucrania.<\/span><\/p>\n<p style=\"text-align: justify;\"><span style=\"font-size: 14pt;\">Como entonces, buena parte de los grupos antifascistas de Ucrania se encuentran en conflicto entre varios frentes, especialmente en el sur y este del pa\u00eds: por un lado, el ej\u00e9rcito invasor ruso; por otro lado, los grup\u00fasculos neonazis asimilados por las fuerzas de seguridad de su propio pa\u00eds. Aunque no ocupan medios de comunicaci\u00f3n ni grandes portadas, la bandera negra de Makhno sigue inspirando a mucha gente que piensa que, definitivamente,\u00a0<strong>un Territorio Libre es posible en el coraz\u00f3n de Ucrania<\/strong>.<\/span><\/p>\n<p style=\"text-align: justify;\">\u00a0<\/p>\n<blockquote class=\"wp-block-quote\">\n<p style=\"text-align: center;\"><span style=\"font-size: 14pt;\"><strong><span style=\"color: #008000;\">\u00a1Muerte a todos los que se interponen en el camino de la libertad para un pueblo trabajador!<\/span><\/strong><\/span><\/p>\n<p style=\"text-align: center;\"><span style=\"font-size: 14pt;\"><strong><span style=\"color: #008000;\"><cite>Lema del Territorio Libre de Ucrania<\/cite><\/span><\/strong><\/span><\/p>\n<\/blockquote>\n<\/div>\n<div role=\"img\" data-tooltip-contained=\"true\" data-tooltip-align=\"b,l\" data-tooltip-delay=\"1500\" aria-label=\"Mensaje importante porque se te ha enviado directamente\">\u00a0<\/div>\n<div role=\"img\" data-tooltip-contained=\"true\" data-tooltip-align=\"b,l\" data-tooltip-delay=\"1500\" aria-label=\"Mensaje importante porque se te ha enviado directamente\">\u00a0<\/div>\n<div role=\"img\" data-tooltip-contained=\"true\" data-tooltip-align=\"b,l\" data-tooltip-delay=\"1500\" aria-label=\"Mensaje importante porque se te ha enviado directamente\">\n<figure id=\"attachment_2278500\" aria-describedby=\"caption-attachment-2278500\" style=\"width: 200px\" class=\"wp-caption aligncenter\"><a href=\"https:\/\/es.wikipedia.org\/wiki\/N%C3%A9stor_Majn%C3%B3\" target=\"_blank\" rel=\"noopener\"><img loading=\"lazy\" decoding=\"async\" class=\"wp-image-2278500\" src=\"https:\/\/puntocritico.com\/ausajpuntocritico\/wp-content\/uploads\/2023\/06\/Machno.jpg\" alt=\"\" width=\"200\" height=\"285\" data-id=\"2278500\" \/><\/a><figcaption id=\"caption-attachment-2278500\" class=\"wp-caption-text\"><a href=\"https:\/\/es.wikipedia.org\/wiki\/N%C3%A9stor_Majn%C3%B3\" target=\"_blank\" rel=\"noopener\"><span style=\"color: #008000;\">N\u00e9stor Majn\u00f3<\/span><\/a><\/figcaption><\/figure>\n<\/div>\n<div role=\"img\" data-tooltip-contained=\"true\" data-tooltip-align=\"b,l\" data-tooltip-delay=\"1500\" aria-label=\"Mensaje importante porque se te ha enviado directamente\">\u00a0<\/div>\n<div style=\"text-align: justify;\" role=\"img\" data-tooltip-contained=\"true\" data-tooltip-align=\"b,l\" data-tooltip-delay=\"1500\" aria-label=\"Mensaje importante porque se te ha enviado directamente\">\u00a0<\/div>\n<div role=\"img\" data-tooltip-contained=\"true\" data-tooltip-align=\"b,l\" data-tooltip-delay=\"1500\" aria-label=\"Mensaje importante porque se te ha enviado directamente\">\u00a0<\/div>\n<p><a href=\"https:\/\/puntocritico.com\/ausajpuntocritico\/author\/punto-critico\/\"><img loading=\"lazy\" decoding=\"async\" class=\"aligncenter wp-image-48\" src=\"https:\/\/puntocritico.com\/ausajpuntocritico\/wp-content\/uploads\/2016\/11\/Mosca_Punto_Cr\u00edtico_40.png\" alt=\"\" width=\"80\" height=\"80\" \/><\/a><\/p>\n<p>&nbsp;<\/p>\n","protected":false},"excerpt":{"rendered":"<div class=\"mh-excerpt\"><p>N\u00c9STOR MAKHNO y el Territorio Libre de Majnovia \u00a0 \u00c9RASE UNA VEZ UN PAIS ANARQUISTA EN EUROPA Se llam\u00f3 Territorio Libre y tambi\u00e9n Majnovia, en honor a su creador y h\u00e9roe de esta aventura, N\u00e9stor <a class=\"mh-excerpt-more\" href=\"https:\/\/puntocritico.com\/ausajpuntocritico\/2023\/06\/10\/nestor-makhno-campesino-de-ucrania-anaquismo-real-en-el-donbass\/\" title=\"N\u00c9STOR MAKHNO, CAMPESINO DE UCRANIA (DOCUMENTAL). El Territorio Libre de Makhnovia (1917-1921), el estado anarquista que los bolcheviques convirtieron en parte de Ucrania.\">[&#8230;]<\/a><\/p>\n<\/div>","protected":false},"author":3,"featured_media":2279106,"comment_status":"open","ping_status":"closed","sticky":false,"template":"","format":"standard","meta":{"_acf_changed":false,"_exactmetrics_skip_tracking":false,"_exactmetrics_sitenote_active":false,"_exactmetrics_sitenote_note":"","_exactmetrics_sitenote_category":0,"footnotes":""},"categories":[7],"tags":[39],"class_list":{"0":"post-2276942","1":"post","2":"type-post","3":"status-publish","4":"format-standard","5":"has-post-thumbnail","7":"category-politica","8":"tag-ucrania"},"acf":[],"_links":{"self":[{"href":"https:\/\/puntocritico.com\/ausajpuntocritico\/wp-json\/wp\/v2\/posts\/2276942","targetHints":{"allow":["GET"]}}],"collection":[{"href":"https:\/\/puntocritico.com\/ausajpuntocritico\/wp-json\/wp\/v2\/posts"}],"about":[{"href":"https:\/\/puntocritico.com\/ausajpuntocritico\/wp-json\/wp\/v2\/types\/post"}],"author":[{"embeddable":true,"href":"https:\/\/puntocritico.com\/ausajpuntocritico\/wp-json\/wp\/v2\/users\/3"}],"replies":[{"embeddable":true,"href":"https:\/\/puntocritico.com\/ausajpuntocritico\/wp-json\/wp\/v2\/comments?post=2276942"}],"version-history":[{"count":0,"href":"https:\/\/puntocritico.com\/ausajpuntocritico\/wp-json\/wp\/v2\/posts\/2276942\/revisions"}],"wp:featuredmedia":[{"embeddable":true,"href":"https:\/\/puntocritico.com\/ausajpuntocritico\/wp-json\/wp\/v2\/media\/2279106"}],"wp:attachment":[{"href":"https:\/\/puntocritico.com\/ausajpuntocritico\/wp-json\/wp\/v2\/media?parent=2276942"}],"wp:term":[{"taxonomy":"category","embeddable":true,"href":"https:\/\/puntocritico.com\/ausajpuntocritico\/wp-json\/wp\/v2\/categories?post=2276942"},{"taxonomy":"post_tag","embeddable":true,"href":"https:\/\/puntocritico.com\/ausajpuntocritico\/wp-json\/wp\/v2\/tags?post=2276942"}],"curies":[{"name":"wp","href":"https:\/\/api.w.org\/{rel}","templated":true}]}}