{"id":2274489,"date":"2023-05-18T00:05:36","date_gmt":"2023-05-17T22:05:36","guid":{"rendered":"https:\/\/puntocritico.com\/ausajpuntocritico\/?p=2274489"},"modified":"2023-05-19T12:37:39","modified_gmt":"2023-05-19T10:37:39","slug":"informe-de-las-violaciones-de-los-derechos-humanos-de-estados-unidos-en-2022-oficina-de-informacion-del-consejo-de-estado-de-la-republica-popular-china-marzo-2023","status":"publish","type":"post","link":"https:\/\/puntocritico.com\/ausajpuntocritico\/2023\/05\/18\/informe-de-las-violaciones-de-los-derechos-humanos-de-estados-unidos-en-2022-oficina-de-informacion-del-consejo-de-estado-de-la-republica-popular-china-marzo-2023\/","title":{"rendered":"Informe de las violaciones de los derechos humanos de Estados Unidos en 2022  (Oficina de Informaci\u00f3n del Consejo de Estado de la Rep\u00fablica Popular China),  Marzo, 2023"},"content":{"rendered":"\n<h2 style=\"text-align: center;\" align=\"center\"><strong><span style=\"font-size: 24.0pt;\">INFORME DE LAS VIOLACIONES DE LOS DERECHOS HUMANOS DE ESTADOS UNIDOS EN 2022<\/span><\/strong><\/h2>\n<p style=\"text-align: center;\"><strong><span style=\"font-size: 18pt;\">Oficina de Informaci\u00f3n del Consejo de Estado de la Rep\u00fablica Popular China<\/span><\/strong><\/p>\n<p style=\"text-align: center;\"><span style=\"font-size: 14pt;\">Marzo, 2023<\/span><\/p>\n<p><a href=\"http:\/\/co.china-embassy.gov.cn\/esp\/sghd\/202303\/t20230331_11052047.htm\" target=\"_blank\" rel=\"noopener\"><img loading=\"lazy\" decoding=\"async\" class=\"aligncenter wp-image-2274493\" src=\"https:\/\/puntocritico.com\/ausajpuntocritico\/wp-content\/uploads\/2023\/05\/320px-\u4e2d\u5357\u6d77_\u508d\u665a_\u6b63\u65b9\u5411.jpg\" alt=\"Informe de las violaciones de los derechos humanos de Estados Unidos en 2022  (Oficina de Informaci\u00f3n del Consejo de Estado de la Rep\u00fablica Popular China),  Marzo, 2023\" width=\"440\" height=\"293\" data-id=\"2274493\" srcset=\"https:\/\/puntocritico.com\/ausajpuntocritico\/wp-content\/uploads\/2023\/05\/320px-\u4e2d\u5357\u6d77_\u508d\u665a_\u6b63\u65b9\u5411.jpg 320w, https:\/\/puntocritico.com\/ausajpuntocritico\/wp-content\/uploads\/2023\/05\/320px-\u4e2d\u5357\u6d77_\u508d\u665a_\u6b63\u65b9\u5411-300x200.jpg 300w\" sizes=\"auto, (max-width: 440px) 100vw, 440px\" \/><\/a><\/p>\n<p>&nbsp;<\/p>\n<blockquote>\n<h2 style=\"text-align: center;\"><span style=\"font-size: 18pt;\"><strong>\u00cdNDICE<\/strong><\/span><\/h2>\n<p style=\"text-align: center;\"><a href=\"https:\/\/puntocritico.com\/ausajpuntocritico\/2023\/05\/18\/informe-de-las-violaciones-de-los-derechos-humanos-de-estados-unidos-en-2022-oficina-de-informacion-del-consejo-de-estado-de-la-republica-popular-china-marzo-2023\/#Prefacio\"><span style=\"font-size: 14pt;\">Prefacio<\/span><\/a><\/p>\n<p style=\"text-align: center;\"><a href=\"https:\/\/puntocritico.com\/ausajpuntocritico\/2023\/05\/18\/informe-de-las-violaciones-de-los-derechos-humanos-de-estados-unidos-en-2022-oficina-de-informacion-del-consejo-de-estado-de-la-republica-popular-china-marzo-2023\/#I_El_disfuncional_sistema_de_proteccion_de_los_derechos_civiles\"><span style=\"font-size: 14pt;\">I. El disfuncional sistema de protecci\u00f3n de los derechos civiles<\/span><\/a><\/p>\n<p style=\"text-align: center;\"><a href=\"https:\/\/puntocritico.com\/ausajpuntocritico\/2023\/05\/18\/informe-de-las-violaciones-de-los-derechos-humanos-de-estados-unidos-en-2022-oficina-de-informacion-del-consejo-de-estado-de-la-republica-popular-china-marzo-2023\/#II_La_insustancial_democracia_electoral_al_estilo_americano\"><span style=\"font-size: 14pt;\">II. La insustancial democracia electoral al estilo americano<\/span><\/a><\/p>\n<p style=\"text-align: center;\"><a href=\"https:\/\/puntocritico.com\/ausajpuntocritico\/2023\/05\/18\/informe-de-las-violaciones-de-los-derechos-humanos-de-estados-unidos-en-2022-oficina-de-informacion-del-consejo-de-estado-de-la-republica-popular-china-marzo-2023\/#III_La_creciente_discriminacion_racial_y_desigualdad\"><span style=\"font-size: 14pt;\">III. La creciente discriminaci\u00f3n racial y desigualdad<\/span><\/a><\/p>\n<p style=\"text-align: center;\"><a href=\"https:\/\/puntocritico.com\/ausajpuntocritico\/2023\/05\/18\/informe-de-las-violaciones-de-los-derechos-humanos-de-estados-unidos-en-2022-oficina-de-informacion-del-consejo-de-estado-de-la-republica-popular-china-marzo-2023\/#IV_La_pauperizada_crisis_de_supervivencia_de_la_clase_baja\"><span style=\"font-size: 14pt;\">IV. La pauperizada crisis de supervivencia de la clase baja<\/span><\/a><\/p>\n<p style=\"text-align: center;\"><a href=\"https:\/\/puntocritico.com\/ausajpuntocritico\/2023\/05\/18\/informe-de-las-violaciones-de-los-derechos-humanos-de-estados-unidos-en-2022-oficina-de-informacion-del-consejo-de-estado-de-la-republica-popular-china-marzo-2023\/#V_El_reves_historico_para_los_derechos_de_mujeres_y_ninos\"><span style=\"font-size: 14pt;\">V. El rev\u00e9s hist\u00f3rico para los derechos de mujeres y ni\u00f1os<\/span><\/a><\/p>\n<p style=\"text-align: center;\"><a href=\"https:\/\/puntocritico.com\/ausajpuntocritico\/2023\/05\/18\/informe-de-las-violaciones-de-los-derechos-humanos-de-estados-unidos-en-2022-oficina-de-informacion-del-consejo-de-estado-de-la-republica-popular-china-marzo-2023\/#VI_La_violacion_flagrante_de_los_derechos_humanos_y_de_la_justicia_en_otros_paises\"><span style=\"font-size: 14pt;\">VI. La violaci\u00f3n flagrante de los derechos humanos y de la justicia en otros pa\u00edses<\/span><\/a><\/p>\n<\/blockquote>\n<p>&nbsp;<\/p>\n<p><a href=\"https:\/\/www.un.org\/es\/events\/childrenday\/pdf\/derechos.pdf\" target=\"_blank\" rel=\"noopener\"><img loading=\"lazy\" decoding=\"async\" class=\"aligncenter wp-image-2268507\" src=\"https:\/\/puntocritico.com\/ausajpuntocritico\/wp-content\/uploads\/2023\/03\/CONVENCION-DERECHOS-NINOS-293x300.jpg\" alt=\"\" width=\"300\" height=\"308\" data-id=\"2268507\" srcset=\"https:\/\/puntocritico.com\/ausajpuntocritico\/wp-content\/uploads\/2023\/03\/CONVENCION-DERECHOS-NINOS-293x300.jpg 293w, https:\/\/puntocritico.com\/ausajpuntocritico\/wp-content\/uploads\/2023\/03\/CONVENCION-DERECHOS-NINOS-768x787.jpg 768w, https:\/\/puntocritico.com\/ausajpuntocritico\/wp-content\/uploads\/2023\/03\/CONVENCION-DERECHOS-NINOS-610x625.jpg 610w, https:\/\/puntocritico.com\/ausajpuntocritico\/wp-content\/uploads\/2023\/03\/CONVENCION-DERECHOS-NINOS.jpg 799w\" sizes=\"auto, (max-width: 300px) 100vw, 300px\" \/><\/a><\/p>\n<h3 style=\"text-align: center;\"><span style=\"font-size: 18pt;\"><strong>Prefacio<\/strong><\/span><\/h3>\n<p style=\"text-align: justify;\"><span style=\"font-size: 14pt;\">El a\u00f1o 2022 ha sido testigo de un rev\u00e9s hist\u00f3rico de la situaci\u00f3n de los derechos humanos en Estados Unidos. En el pa\u00eds, quien se califica a s\u00ed mismo como \u00ab<em>defensor de los derechos humanos<\/em>\u00ab, han aumentado en\u00e9rgicamente ciertos males cr\u00f3nicos, como la corrupci\u00f3n pol\u00edtica, la discriminaci\u00f3n racial, el incremento de armas de fuego, la violencia policial y la polarizaci\u00f3n de la riqueza. La legislaci\u00f3n y la justicia sobre los derechos humanos han experimentado un retroceso extremo, socavando a\u00fan m\u00e1s los derechos y libertades b\u00e1sicos de los estadounidenses.<\/span><\/p>\n<p>&nbsp;<\/p>\n<blockquote>\n<p style=\"text-align: center;\"><strong><span style=\"font-size: 14pt; color: #008000;\"><span style=\"font-size: 14pt;\">En el pa\u00eds, quien se califica a s\u00ed mismo como \u00ab<em>defensor de los derechos humanos<\/em>\u00ab, han aumentado en\u00e9rgicamente ciertos <\/span>males cr\u00f3nicos, como la corrupci\u00f3n pol\u00edtica, la discriminaci\u00f3n racial, el incremento de armas de fuego, la violencia policial y la polarizaci\u00f3n de la riqueza. La legislaci\u00f3n y la justicia sobre los derechos humanos han experimentado un retroceso extremo, socavando a\u00fan m\u00e1s los derechos y libertades b\u00e1sicos de los estadounidenses<\/span><\/strong><\/p>\n<\/blockquote>\n<p>&nbsp;<\/p>\n<p style=\"text-align: justify;\"><span style=\"font-size: 14pt;\">El gobierno de Estados Unidos, por su parte, ha relajado en gran medida el control de armas, lo que ha provocado que el n\u00famero de las muertes por violencia armada contin\u00fae en alza. La decisi\u00f3n de la <strong>Corte Suprema de Estados Unidos sobre el caso Bruen en 2022<\/strong> se convirti\u00f3 en <em>un paso atr\u00e1s hist\u00f3rico en el campo del control de armas<\/em> local. Casi la mitad de los estados del pa\u00eds han ablandado las restricciones de armas. Estados Unidos ocupa el primer lugar en el mundo en t\u00e9rminos de posesi\u00f3n de las mismas, homicidios relacionados con armas de fuego y tiroteos masivos, registrando <strong>m\u00e1s de 80.000 personas muertas o heridas por violencia armada en 2022<\/strong>, el tercer a\u00f1o consecutivo registrado en que Estados Unidos experimenta m\u00e1s de 600 tiroteos masivos. La violencia armada se ha convertido en una \u00ab<em>enfermedad estadounidense<\/em>\u00ab.<\/span><\/p>\n<p style=\"text-align: justify;\"><span style=\"font-size: 14pt;\">Las elecciones de medio t\u00e9rmino han resultado las m\u00e1s costosas de Estados Unidos, superando los 16.700 millones de d\u00f3lares en 2022, y la democracia al estilo estadounidense ha perdido su apoyo popular. <strong>Las donaciones pol\u00edticas de los milmillonarios representaron el 15 por ciento de todas las d\u00e1divas pol\u00edticas federales, frente a un 11 por ciento en el ciclo electoral de 2020<\/strong>. Las donaciones de \u00ab<em>dinero oscuro<\/em>\u00bb manipulan furtivamente las elecciones estadounidenses, y la <strong>polarizaci\u00f3n pol\u00edtica<\/strong> y la <strong>fragmentaci\u00f3n social<\/strong> dificultan que el pa\u00eds alcance un consenso democr\u00e1tico. Mientras el 69 por ciento de los estadounidenses cree que su democracia est\u00e1 en \u00ab<em>riesgo de colapso<\/em>\u00bb y el 86 por ciento de los votantes sostiene que la democracia del pa\u00eds enfrenta \u00ab<em>amenazas muy graves<\/em>\u00ab, se siente la desesperaci\u00f3n en torno a la democracia al estilo estadounidense.<\/span><\/p>\n<p style=\"text-align: justify;\"><span style=\"font-size: 14pt;\"><strong>El racismo va en aumento y las minor\u00edas \u00e9tnicas sufren una discriminaci\u00f3n generalizada<\/strong>. Los <strong>cr\u00edmenes de odio basados en prejuicios raciales<\/strong> en Estados Unidos aumentaron extremadamente entre 2020 y 2022. La masacre racista en un supermercado de Buffalo, que acab\u00f3 con la vida de diez afroamericanos, ha conmocionado al mundo. Un total del <strong>81 por ciento de los estadounidenses de origen asi\u00e1tico dice que la violencia contra sus comunidades est\u00e1 aumentando<\/strong>. Los afrodescendientes tienen 2,78 veces m\u00e1s de posibilidad de ser asesinados por la polic\u00eda que los blancos. Los sufrimientos causados por el genocidio y la asimilaci\u00f3n cultural del gobierno de Estados Unidos contra los indios y otros abor\u00edgenes en la historia contin\u00faan hasta nuestros d\u00edas.<\/span><\/p>\n<p style=\"text-align: justify;\"><span style=\"font-size: 14pt;\"><strong>La esperanza de vida se ha desplomado y las muertes por abuso de drogas siguen aumentando<\/strong>. Seg\u00fan un informe publicado en agosto de 2022 por el <strong>Centro Nacional de Estad\u00edsticas de Salud de los Centros para el Control y la Prevenci\u00f3n de Enfermedades<\/strong> de Estados Unidos, <strong>la esperanza de vida promedio en el pa\u00eds se redujo en 2,7 a\u00f1os entre 2019 y 2021, a 76,1 a\u00f1os, la m\u00e1s baja desde 1996<\/strong>. Grupos de inter\u00e9s y pol\u00edticos <strong>intercambian poder por dinero<\/strong>, permitiendo que florezca el <strong>abuso de drogas y sustancia<\/strong>s. La cantidad de estadounidenses que mueren a causa de tal abuso ha aumentado dr\u00e1sticamente en los \u00faltimos a\u00f1os, a <strong>m\u00e1s de 100,000 casos por a\u00f1o<\/strong>. El abuso de sustancias se ha convertido en una de las crisis de salud p\u00fablica m\u00e1s devastadoras del pa\u00eds norteamericano.<\/span><\/p>\n<p>&nbsp;<\/p>\n<figure id=\"attachment_2274530\" aria-describedby=\"caption-attachment-2274530\" style=\"width: 440px\" class=\"wp-caption aligncenter\"><a href=\"https:\/\/cadenaser.com\/nacional\/2022\/09\/16\/la-america-drogada-cadena-ser\/\" target=\"_blank\" rel=\"noopener\" data-schema-attribute=\"\"><img loading=\"lazy\" decoding=\"async\" class=\"wp-image-2274530\" src=\"https:\/\/puntocritico.com\/ausajpuntocritico\/wp-content\/uploads\/2023\/05\/droga-en-eeuu-20210907-1227016-300x169.jpg\" alt=\"\" width=\"440\" height=\"248\" data-id=\"2274530\" srcset=\"https:\/\/puntocritico.com\/ausajpuntocritico\/wp-content\/uploads\/2023\/05\/droga-en-eeuu-20210907-1227016-300x169.jpg 300w, https:\/\/puntocritico.com\/ausajpuntocritico\/wp-content\/uploads\/2023\/05\/droga-en-eeuu-20210907-1227016-1024x576.jpg 1024w, https:\/\/puntocritico.com\/ausajpuntocritico\/wp-content\/uploads\/2023\/05\/droga-en-eeuu-20210907-1227016-768x432.jpg 768w, https:\/\/puntocritico.com\/ausajpuntocritico\/wp-content\/uploads\/2023\/05\/droga-en-eeuu-20210907-1227016-610x343.jpg 610w, https:\/\/puntocritico.com\/ausajpuntocritico\/wp-content\/uploads\/2023\/05\/droga-en-eeuu-20210907-1227016-678x381.jpg 678w, https:\/\/puntocritico.com\/ausajpuntocritico\/wp-content\/uploads\/2023\/05\/droga-en-eeuu-20210907-1227016.jpg 1280w\" sizes=\"auto, (max-width: 440px) 100vw, 440px\" \/><\/a><figcaption id=\"caption-attachment-2274530\" class=\"wp-caption-text\"><span style=\"color: #008000;\">Las intoxicaciones por drogas se han convertido ya en la principal causa de muerte de los estadounidenses de entre 18 y 45 a\u00f1os<\/span><\/figcaption><\/figure>\n<p>&nbsp;<\/p>\n<p style=\"text-align: justify;\"><span style=\"font-size: 14pt;\">Las mujeres han perdido las protecciones constitucionales para el aborto y el entorno de vida de los ni\u00f1os es preocupante. L<strong>a decisi\u00f3n de la Corte Suprema de Estados Unidos de anular el fallo de Roe contra Wade ha acabado con el derecho de las mujeres al aborto, protegido por la Constituci\u00f3n durante casi 50 a\u00f1os<\/strong>, lo que supone un duro golpe para los derechos humanos de las mujeres y la igualdad de g\u00e9nero. En 2022, <strong>m\u00e1s de 5.800 menores de 18 a\u00f1os resultaron heridos o murieron por disparos<\/strong> en Estados Unidos, y el n\u00famero de tiroteos en escuelas lleg\u00f3 a 302, el m\u00e1s alto desde 1970. La <strong>tasa de pobreza infantil aument\u00f3 del 12,1 por ciento<\/strong> en diciembre de 2021 al 16,6 en mayo de 2022, contando<strong> 3,3 millones m\u00e1s de ni\u00f1os viviendo en la pobreza<\/strong>. El pa\u00eds ha visto <strong>un aumento de casi el 70 por ciento del trabajo infantil ilegal<\/strong> desde 2018, y un incremento del 26 por ciento en menores empleados especialmente en ocupaciones peligrosas en el a\u00f1o fiscal 2022.<\/span><\/p>\n<p style=\"text-align: justify;\"><span style=\"font-size: 14pt;\"><strong>El abuso de fuerza y sanciones unilaterales de Estados Unidos ha generado desastres humanitarios<\/strong>. Desde principios del siglo XXI, Estados Unidos ha llevado a cabo<strong> operaciones militares en 85 pa\u00edses<\/strong> en nombre del \u00ab<em>antiterrorismo<\/em>\u00ab, lo que ha resultado directamente en la <strong>muerte de al menos 929.000 civiles y el desplazamiento de 38 millones de personas<\/strong>. Estados Unidos ha impuesto m\u00e1s sanciones unilaterales que cualquier otro pa\u00eds del mundo, y todav\u00eda sostiene penas vigentes contra m\u00e1s de 20 pa\u00edses, lo que resulta en la incapacidad de estos para proporcionar alimentos y medicamentos b\u00e1sicos a su pueblo.<strong> El tema de la inmigraci\u00f3n se ha convertido en una herramienta de lucha partidista y se han montado farsas de env\u00edos de inmigrantes a gran escala, haciendo que estos enfrenten situaciones de xenofobia extrema y tratos crueles<\/strong>. En 2022, hubo casi 2,4 millones de arrestos de inmigrantes en la frontera de la naci\u00f3n, la cifra m\u00e1s alta jam\u00e1s registrado, y el n\u00famero de muertos de inmigrantes en su frontera sur lleg\u00f3 a 856, el m\u00e1s elevado en un solo a\u00f1o.<\/span><\/p>\n<p>&nbsp;<\/p>\n<blockquote>\n<p style=\"text-align: center;\"><strong><span style=\"font-size: 14pt; color: #008000;\">Estados Unidos, fundado en base al colonialismo, la esclavitud racista y la desigualdad de trabajo, posesi\u00f3n y distribuci\u00f3n, ha ca\u00eddo a\u00fan m\u00e1s en un atolladero de fallos del sistema, d\u00e9ficits de gobernabilidad, divisi\u00f3n racial y malestar social en los \u00faltimos a\u00f1os como consecuencia de la interacci\u00f3n de un modelo de distribuci\u00f3n econ\u00f3mica polarizada, un patr\u00f3n social dominado por el conflicto racial y una modalidad pol\u00edtica controlada por grupos de inter\u00e9s capitalista.<\/span><\/strong><\/p>\n<\/blockquote>\n<p>&nbsp;<\/p>\n<p style=\"text-align: justify;\"><span style=\"font-size: 14pt;\"><strong>Estados Unidos, fundado en base al colonialismo, la esclavitud racista y la desigualdad de trabajo, posesi\u00f3n y distribuci\u00f3n<\/strong>, ha ca\u00eddo a\u00fan m\u00e1s en un atolladero de fallos del sistema, d\u00e9ficits de gobernabilidad, divisi\u00f3n racial y malestar social en los \u00faltimos a\u00f1os como consecuencia de la interacci\u00f3n de un modelo de distribuci\u00f3n econ\u00f3mica polarizada, un patr\u00f3n social dominado por el <strong>conflicto racial<\/strong> y una modalidad <strong>pol\u00edtica controlada por grupos de inter\u00e9s capitalista<\/strong>.<\/span><\/p>\n<p>&nbsp;<\/p>\n<figure id=\"attachment_2274531\" aria-describedby=\"caption-attachment-2274531\" style=\"width: 440px\" class=\"wp-caption aligncenter\"><a href=\"https:\/\/www.es.amnesty.org\/en-que-estamos\/blog\/historia\/articulo\/ku-klux-klan-simbolo-infame-del-odio-racista\/\" target=\"_blank\" rel=\"noopener\"><img loading=\"lazy\" decoding=\"async\" class=\"wp-image-2274531\" src=\"https:\/\/puntocritico.com\/ausajpuntocritico\/wp-content\/uploads\/2023\/05\/csm_AP9511250962_KKK_racismo_7e281e65cd-300x186.webp\" alt=\"\" width=\"440\" height=\"273\" data-id=\"2274531\" srcset=\"https:\/\/puntocritico.com\/ausajpuntocritico\/wp-content\/uploads\/2023\/05\/csm_AP9511250962_KKK_racismo_7e281e65cd-300x186.webp 300w, https:\/\/puntocritico.com\/ausajpuntocritico\/wp-content\/uploads\/2023\/05\/csm_AP9511250962_KKK_racismo_7e281e65cd-1024x636.webp 1024w, https:\/\/puntocritico.com\/ausajpuntocritico\/wp-content\/uploads\/2023\/05\/csm_AP9511250962_KKK_racismo_7e281e65cd-768x477.webp 768w, https:\/\/puntocritico.com\/ausajpuntocritico\/wp-content\/uploads\/2023\/05\/csm_AP9511250962_KKK_racismo_7e281e65cd-610x379.webp 610w, https:\/\/puntocritico.com\/ausajpuntocritico\/wp-content\/uploads\/2023\/05\/csm_AP9511250962_KKK_racismo_7e281e65cd.webp 1280w\" sizes=\"auto, (max-width: 440px) 100vw, 440px\" \/><\/a><figcaption id=\"caption-attachment-2274531\" class=\"wp-caption-text\"><span style=\"color: #008000;\">Ku Klux Klan, s\u00edmbolo infame del odio racista<\/span><\/figcaption><\/figure>\n<p>&nbsp;<\/p>\n<p style=\"text-align: justify;\"><span style=\"font-size: 14pt;\"><strong>Los pol\u00edticos estadounidenses, al servicio de los intereses de los oligarcas, han perdido gradualmente su voluntad subjetiva y su capacidad objetiva para responder a las demandas b\u00e1sicas de la gente com\u00fan y defender sus derechos b\u00e1sicos, al tiempo que no lograron resolver los problemas estructurales de derechos humanos de su pa\u00eds<\/strong>. En cambio, usan a los derechos humanos como excusa arbitraria para atacar a otros pa\u00edses, generando confrontaci\u00f3n, divisi\u00f3n y caos en la comunidad internacional, y se han convertido en un <strong>saboteador<\/strong> y un obst\u00e1culo para el desarrollo global de los derechos humanos.<\/span><\/p>\n<p>&nbsp;<\/p>\n<h3 style=\"text-align: center;\"><span style=\"font-size: 18pt;\"><strong>I. El disfuncional sistema de protecci\u00f3n de los derechos civiles<\/strong><\/span><\/h3>\n<p style=\"text-align: justify;\"><span style=\"font-size: 14pt;\"><strong>Estados Unidos es un pa\u00eds definido por la violencia extrema, donde las personas se ven amenazadas tanto por delitos violentos como por una agresiva aplicaci\u00f3n de la ley, y no se puede garantizar su seguridad<\/strong>. Las <strong>prisiones<\/strong> est\u00e1n superpobladas y se han convertido en lugares de esclavitud moderna donde el trabajo forzado y la explotaci\u00f3n sexual son comunes. Los autoproclamados derechos y libertades civiles de Estados Unidos son pura palabrer\u00eda.<\/span><\/p>\n<p style=\"text-align: justify;\"><span style=\"font-size: 14pt;\"><strong>La convivencia entre pol\u00edticos y empresas paraliza la agenda de control de armas<\/strong>. Los grupos de inter\u00e9s de armas de Estados Unidos han llevado a cabo un poderoso cabildeo pol\u00edtico para defender sus propios intereses.<\/span><\/p>\n<p>&nbsp;<\/p>\n<p><img loading=\"lazy\" decoding=\"async\" class=\"aligncenter wp-image-2274532\" src=\"https:\/\/puntocritico.com\/ausajpuntocritico\/wp-content\/uploads\/2023\/05\/dicks-sporting-goods-kSqD-620x349@abc-300x169.jpg\" alt=\"\" width=\"440\" height=\"248\" data-id=\"2274532\" srcset=\"https:\/\/puntocritico.com\/ausajpuntocritico\/wp-content\/uploads\/2023\/05\/dicks-sporting-goods-kSqD-620x349@abc-300x169.jpg 300w, https:\/\/puntocritico.com\/ausajpuntocritico\/wp-content\/uploads\/2023\/05\/dicks-sporting-goods-kSqD-620x349@abc-610x344.jpg 610w, https:\/\/puntocritico.com\/ausajpuntocritico\/wp-content\/uploads\/2023\/05\/dicks-sporting-goods-kSqD-620x349@abc.jpg 619w\" sizes=\"auto, (max-width: 440px) 100vw, 440px\" \/><\/p>\n<p>&nbsp;<\/p>\n<p style=\"text-align: justify;\"><span style=\"font-size: 14pt;\">Ignorando la opini\u00f3n p\u00fablica, el Gobierno ha relajado dr\u00e1sticamente los controles de armas, permitiendo que se porten en lugares p\u00fablicos llenos de gente como hospitales, escuelas, bares y estadios deportivos.<\/span><\/p>\n<p style=\"text-align: justify;\"><span style=\"font-size: 14pt;\">Bloomberg News inform\u00f3 el 3 de julio de 2022 que la <strong>decisi\u00f3n de la Corte Suprema de Estados Unidos en el caso Bruen del 23 de junio anul\u00f3 la legislaci\u00f3n de control de armas que ya reg\u00eda hace medio siglo en Nueva York y otros seis estados<\/strong>. A los residentes de estos estados se les permiti\u00f3 llevar armas ocultas, lo que se convirti\u00f3 en un paso atr\u00e1s hist\u00f3rico en el \u00e1mbito del control de armas en Estados Unidos.<\/span><\/p>\n<p style=\"text-align: justify;\"><span style=\"font-size: 14pt;\">El New York Times inform\u00f3 el 28 de octubre de 2022 que <strong>un tribunal federal de Texas dictamin\u00f3 que una ley estatal que prohib\u00eda a los adultos menores de 21 a\u00f1os portar armas de fuego era inconstitucional<\/strong>. Casi la mitad de los estados de Estados Unidos ahora han relajado las restricciones de armas.<\/span><\/p>\n<p>&nbsp;<\/p>\n<p><img loading=\"lazy\" decoding=\"async\" class=\"aligncenter wp-image-2274533\" src=\"https:\/\/puntocritico.com\/ausajpuntocritico\/wp-content\/uploads\/2023\/05\/bebe-mata-padre-florida-kfDI-U1703448583383fG-1248x770@El-Correo-300x185.jpg\" alt=\"\" width=\"440\" height=\"271\" data-id=\"2274533\" srcset=\"https:\/\/puntocritico.com\/ausajpuntocritico\/wp-content\/uploads\/2023\/05\/bebe-mata-padre-florida-kfDI-U1703448583383fG-1248x770@El-Correo-300x185.jpg 300w, https:\/\/puntocritico.com\/ausajpuntocritico\/wp-content\/uploads\/2023\/05\/bebe-mata-padre-florida-kfDI-U1703448583383fG-1248x770@El-Correo-1024x632.jpg 1024w, https:\/\/puntocritico.com\/ausajpuntocritico\/wp-content\/uploads\/2023\/05\/bebe-mata-padre-florida-kfDI-U1703448583383fG-1248x770@El-Correo-768x474.jpg 768w, https:\/\/puntocritico.com\/ausajpuntocritico\/wp-content\/uploads\/2023\/05\/bebe-mata-padre-florida-kfDI-U1703448583383fG-1248x770@El-Correo-610x376.jpg 610w, https:\/\/puntocritico.com\/ausajpuntocritico\/wp-content\/uploads\/2023\/05\/bebe-mata-padre-florida-kfDI-U1703448583383fG-1248x770@El-Correo.jpg 1248w\" sizes=\"auto, (max-width: 440px) 100vw, 440px\" \/><\/p>\n<p>&nbsp;<\/p>\n<p style=\"text-align: justify;\"><span style=\"font-size: 14pt;\">\u00ab<em>El pa\u00eds se ha estado moviendo en su conjunto, en los \u00faltimos dos o tres d\u00e9cadas, muy clara y dram\u00e1ticamente hacia la flexibilizaci\u00f3n de las leyes de portaci\u00f3n de armas<\/em>\u00ab, dijo<strong> Ali Rowhani-Rahbar<\/strong>, profesor de la Universidad de Washington.<\/span><\/p>\n<p style=\"text-align: justify;\"><span style=\"font-size: 14pt;\">El libro de la acad\u00e9mica estadounidense <strong>Pamela Haag<\/strong>, \u00ab<em>El tiroteo de Estados Unidos: negocios y la creaci\u00f3n de la cultura de las armas estadounidense<\/em>\u00ab, se\u00f1ala que las armas en dicho pa\u00eds representan una cadena industrial que \u00ab<em>comienza con la l\u00ednea de producci\u00f3n y termina con la muerte de las v\u00edctimas<\/em>\u00ab.<\/span><\/p>\n<p style=\"text-align: justify;\"><span style=\"font-size: 14pt;\">\u00ab<em>La tragedia de la violencia armada en Estados Unidos tiene sus ra\u00edces en el comercio secular de armas<\/em>\u00ab, escribi\u00f3.<\/span><\/p>\n<p style=\"text-align: justify;\"><span style=\"font-size: 14pt;\">La violencia armada aumenta junto con la posesi\u00f3n de armas. Un estudio publicado en el <strong>British Medical Journal<\/strong> sugiere que la relajaci\u00f3n del control de armas en Estados Unidos ha conducido a un aumento simult\u00e1neo de posesi\u00f3n de armas y tiroteos masivos.<\/span><\/p>\n<p style=\"text-align: justify;\"><span style=\"font-size: 14pt;\"><strong>Con menos del 5 por ciento de la poblaci\u00f3n mundial, Estados Unidos posee el 46 por ciento de las armas civiles del mundo<\/strong>. Lidera la lista en posesi\u00f3n de armas, homicidios con armas y tiroteos masivos a nivel global.<\/span><\/p>\n<p style=\"text-align: justify;\"><span style=\"font-size: 14pt;\">Seg\u00fan el sitio web <strong>Gun Violence Archive<\/strong>, la cantidad de tiroteos masivos en el pa\u00eds ha aumentado significativamente en los \u00faltimos a\u00f1os. <strong>En 2022, la violencia armada caus\u00f3 la muerte de 43.341 personas e hiri\u00f3 a 37.763, al tiempo que hubo 636 tiroteos masivos en Estados Unidos, un promedio de dos por d\u00eda<\/strong>.<\/span><\/p>\n<p style=\"text-align: justify;\"><span style=\"font-size: 14pt;\">La tasa de homicidios con armas de fuego en Estados Unidos es ocho veces mayor que la de Canad\u00e1, 13 veces mayor que la de Francia y 23 veces mayor que la de Australia.<\/span><\/p>\n<p>&nbsp;<\/p>\n<p><img loading=\"lazy\" decoding=\"async\" class=\"aligncenter wp-image-2274534\" src=\"https:\/\/puntocritico.com\/ausajpuntocritico\/wp-content\/uploads\/2023\/05\/72b2f942-4000-4ec8-88b2-28ef42f1606d_alta-libre-aspect-ratio_default_0-300x196.jpg\" alt=\"\" width=\"440\" height=\"287\" data-id=\"2274534\" srcset=\"https:\/\/puntocritico.com\/ausajpuntocritico\/wp-content\/uploads\/2023\/05\/72b2f942-4000-4ec8-88b2-28ef42f1606d_alta-libre-aspect-ratio_default_0-300x196.jpg 300w, https:\/\/puntocritico.com\/ausajpuntocritico\/wp-content\/uploads\/2023\/05\/72b2f942-4000-4ec8-88b2-28ef42f1606d_alta-libre-aspect-ratio_default_0-1024x669.jpg 1024w, https:\/\/puntocritico.com\/ausajpuntocritico\/wp-content\/uploads\/2023\/05\/72b2f942-4000-4ec8-88b2-28ef42f1606d_alta-libre-aspect-ratio_default_0-768x502.jpg 768w, https:\/\/puntocritico.com\/ausajpuntocritico\/wp-content\/uploads\/2023\/05\/72b2f942-4000-4ec8-88b2-28ef42f1606d_alta-libre-aspect-ratio_default_0-610x399.jpg 610w, https:\/\/puntocritico.com\/ausajpuntocritico\/wp-content\/uploads\/2023\/05\/72b2f942-4000-4ec8-88b2-28ef42f1606d_alta-libre-aspect-ratio_default_0.jpg 1200w\" sizes=\"auto, (max-width: 440px) 100vw, 440px\" \/><\/p>\n<p>&nbsp;<\/p>\n<p style=\"text-align: justify;\"><span style=\"font-size: 14pt;\">En un art\u00edculo de opini\u00f3n publicado el 25 de junio de 2022, <strong>The Australian<\/strong> dijo que Estados Unidos <em>\u00abes un pa\u00eds casi definido por la ultraviolencia, en sus medios de comunicaci\u00f3n y en sus calles<\/em>\u00ab.<\/span><\/p>\n<p style=\"text-align: justify;\"><span style=\"font-size: 14pt;\">La violencia armada se ha convertido en una \u00ab<em>enfermedad estadounidense<\/em>\u00ab, remat\u00f3 el peri\u00f3dico australiano.<\/span><\/p>\n<p style=\"text-align: justify;\"><span style=\"font-size: 14pt;\"><strong>Los delitos graves como el asesinato y el robo siguen creciendo<\/strong>. <strong>USA Today<\/strong> inform\u00f3 el 11 de septiembre de 2022 que, en la primera mitad de 2022, los homicidios en las ciudades miembros de la Asociaci\u00f3n de Jefes de Ciudades Mayores (MCCA, siglas en ingl\u00e9s) aumentaron en un 50 por ciento y las agresiones agravadas en casi un 36 por ciento, en comparaci\u00f3n con el mismo periodo en 2019.<\/span><\/p>\n<p style=\"text-align: justify;\"><span style=\"font-size: 14pt;\">The <strong>Wall Street Journal<\/strong> report\u00f3 el 6 de septiembre de 2022 que, hasta septiembre de 2022, la tasa de homicidios en Nueva Orleans aument\u00f3 un 141 por ciento, los tiroteos un 100 por ciento, los robos de veh\u00edculos un 210 por ciento y los robos a mano armada un 25 por ciento, en comparaci\u00f3n con el mismo periodo durante 2019.<\/span><\/p>\n<p style=\"text-align: justify;\"><span style=\"font-size: 14pt;\">Seg\u00fan un i<strong>nforme del Consejo de Justicia Criminal del 28 de julio de 2022<\/strong>, en la primera mitad de 2022, los robos aumentaron un 19 por ciento y los hurtos un 20 en las ciudades principales de Estados Unidos.<\/span><\/p>\n<p style=\"text-align: justify;\"><span style=\"font-size: 14pt;\"><strong>Fox<\/strong> <strong>News<\/strong> inform\u00f3 el 7 de julio de 2022 que, desde junio de 2021, la delincuencia general en la ciudad de Nueva York se elev\u00f3 en un 31 por ciento, los hurtos mayores en un 41 por ciento, los robos en un 36 por ciento, los robos con allanamiento de morada en casi un 34 por ciento y las v\u00edctimas de agresiones graves aument\u00f3 en alrededor de 1.000 por trimestre.<\/span><\/p>\n<p style=\"text-align: justify;\"><span style=\"font-size: 14pt;\">Seg\u00fan un informe de <strong>CNN<\/strong> del 8 de junio de 2022, el 72 por ciento de los estadounidenses no se siente satisfechos con las pol\u00edticas del pa\u00eds para reducir o controlar los cr\u00edmenes, y el 80 por ciento se preocupa mucho o moderadamente sobre el crimen y la violencia, nivel m\u00e1s alto en cualquier otro momento de los \u00faltimos diez a\u00f1os.<\/span><\/p>\n<p style=\"text-align: justify;\"><span style=\"font-size: 14pt;\"><strong>La violencia policial empeora<\/strong>. En 2022, un r\u00e9cord hist\u00f3rico de 1.239 personas murieron como resultado de la violencia policial, seg\u00fan el sitio web <strong>Mapping Police Violence<\/strong>. Durante el a\u00f1o, solo hubo 10 d\u00edas en los que no ocurri\u00f3 ning\u00fan asesinato policial.<\/span><\/p>\n<p>&nbsp;<\/p>\n<figure id=\"attachment_2274540\" aria-describedby=\"caption-attachment-2274540\" style=\"width: 440px\" class=\"wp-caption aligncenter\"><a href=\"https:\/\/religionnews.com\/2021\/05\/11\/the-seeds-of-police-brutality-in-the-bible\/\" target=\"_blank\" rel=\"noopener\"><img loading=\"lazy\" decoding=\"async\" class=\"wp-image-2274540\" src=\"https:\/\/puntocritico.com\/ausajpuntocritico\/wp-content\/uploads\/2023\/05\/Police-violence-Floyd-300x198.jpg\" alt=\"\" width=\"440\" height=\"290\" data-id=\"2274540\" srcset=\"https:\/\/puntocritico.com\/ausajpuntocritico\/wp-content\/uploads\/2023\/05\/Police-violence-Floyd-300x198.jpg 300w, https:\/\/puntocritico.com\/ausajpuntocritico\/wp-content\/uploads\/2023\/05\/Police-violence-Floyd-768x506.jpg 768w, https:\/\/puntocritico.com\/ausajpuntocritico\/wp-content\/uploads\/2023\/05\/Police-violence-Floyd-610x402.jpg 610w, https:\/\/puntocritico.com\/ausajpuntocritico\/wp-content\/uploads\/2023\/05\/Police-violence-Floyd.jpg 912w\" sizes=\"auto, (max-width: 440px) 100vw, 440px\" \/><\/a><figcaption id=\"caption-attachment-2274540\" class=\"wp-caption-text\"><span style=\"color: #008000;\">La polic\u00eda ordena a los automovilistas que bajen de su veh\u00edculo durante una protesta en South Washington Street, el domingo 31 de mayo de 2020, en Minneapolis. Las protestas continuaron luego de la muerte de George Floyd, quien muri\u00f3 luego de ser inmovilizado por agentes de polic\u00eda de Minneapolis el D\u00eda de los Ca\u00eddos. (Foto AP\/John Minchillo)<\/span><\/figcaption><\/figure>\n<p>&nbsp;<\/p>\n<p style=\"text-align: justify;\"><span style=\"font-size: 14pt;\">La mayor\u00eda de los asesinatos policiales ocurren durante labores de rutina, como los controles de paradas vehiculares, o cuando ellos abordan delitos no violentos. Rara vez se acusa a la polic\u00eda de usar fuerza excesiva.<\/span><\/p>\n<p style=\"text-align: justify;\"><span style=\"font-size: 14pt;\"><strong>En los homicidios policiales entre 2013 y 2022, el 98,1 por ciento de los agentes implicados no fueron acusados de ning\u00fan delito<\/strong>. El 27 de junio de 2022, <strong>la polic\u00eda de Akron, Ohio, dispar\u00f3 a Jayland Walker, un afroamericano desarmado de 25 a\u00f1os, m\u00e1s de 90 veces<\/strong>, causando su muerte. Seg\u00fan un informe m\u00e9dico preliminar, Walker ten\u00eda m\u00e1s de 60 heridas en su cuerpo. Este fue el tercer tiroteo policial en la ciudad de Akron entre diciembre de 2021 y junio de 2022.<\/span><\/p>\n<p style=\"text-align: justify;\"><span style=\"font-size: 14pt;\"><strong>La vida y la salud de los presos est\u00e1n amenazadas<\/strong>. Estados Unidos es poseedor de<strong> la tasa de encarcelamiento m\u00e1s alta del mundo y las condiciones carcelarias son terribles<\/strong>. Seg\u00fan un informe de <strong>The Guardian<\/strong> del 1 de octubre de 2022, casi 500 personas de cada 100.000 fueron encarceladas en Estados Unidos, lo que representa aproximadamente cinco veces de la tasa de Reino Unido, seis de la de Canad\u00e1 y nueve de la de Alemania.<\/span><\/p>\n<p style=\"text-align: justify;\"><span style=\"font-size: 14pt;\">Seg\u00fan un art\u00edculo publicado el 25 de abril de 2022 por la organizaci\u00f3n <strong>The Fair Justice Initiativ<\/strong>e, los reclusos en las prisiones de Mississippi se manten\u00edan en celdas oscuras sin luz ni agua limpia, y la temperatura del ambiente era extremadamente alta. El <strong>Chicago Sun-Times<\/strong> inform\u00f3 el 19 de febrero de 2022 que las celdas de la prisi\u00f3n de Joliet en Illinois estaban infestadas de ratas, mientras la comida podrida y aguas residuales sin tratar desbordaban las \u00e1reas comunes.<\/span><\/p>\n<p style=\"text-align: justify;\"><span style=\"font-size: 14pt;\"><strong>La vida de los presos no est\u00e1 garantizada<\/strong>. Seg\u00fan un estudio publicado en octubre de 2022 en <strong>Prison Legal News<\/strong>, una publicaci\u00f3n sobre los derechos de los reclusos, la escasez de guardias y la infraestructura inadecuada en el sistema penitenciario de Alabama generaron altas tasas de violencia y muertes entre los reclusos. Hubo 39 fallecidos en los primeros ocho meses de 2022, 30 de las cuales murieron de forma no natural.<\/span><\/p>\n<p>&nbsp;<\/p>\n<figure id=\"attachment_2274541\" aria-describedby=\"caption-attachment-2274541\" style=\"width: 480px\" class=\"wp-caption aligncenter\"><a href=\"https:\/\/www.contrainfo.com\/28528\/el-negocio-de-las-prisiones-privadas-en-estados-unidos\/\" target=\"_blank\" rel=\"noopener\"><img loading=\"lazy\" decoding=\"async\" class=\"wp-image-2274541\" src=\"https:\/\/puntocritico.com\/ausajpuntocritico\/wp-content\/uploads\/2023\/05\/prision_negocio_privado_estados_unidos-768x409-1-300x160.jpg\" alt=\"\" width=\"480\" height=\"256\" data-id=\"2274541\" srcset=\"https:\/\/puntocritico.com\/ausajpuntocritico\/wp-content\/uploads\/2023\/05\/prision_negocio_privado_estados_unidos-768x409-1-300x160.jpg 300w, https:\/\/puntocritico.com\/ausajpuntocritico\/wp-content\/uploads\/2023\/05\/prision_negocio_privado_estados_unidos-768x409-1-610x325.jpg 610w, https:\/\/puntocritico.com\/ausajpuntocritico\/wp-content\/uploads\/2023\/05\/prision_negocio_privado_estados_unidos-768x409-1.jpg 768w\" sizes=\"auto, (max-width: 480px) 100vw, 480px\" \/><\/a><figcaption id=\"caption-attachment-2274541\" class=\"wp-caption-text\"><span style=\"color: #008000;\">Las prisiones exigen una cuota m\u00ednima de ocupaci\u00f3n a los gobiernos, suba o baje el crimen. La b\u00fasqueda del m\u00e1ximo beneficio genera en EE UU casos de malos tratos y violencia<\/span><\/figcaption><\/figure>\n<p>&nbsp;<\/p>\n<p style=\"text-align: justify;\"><span style=\"font-size: 14pt;\"><strong>Las prisiones se han convertido en lugares de esclavitud moderna<\/strong>. Seg\u00fan un reporte publicado conjuntamente por la <strong>Facultad de Derecho de la Universidad de Chicago<\/strong> y la <strong>Uni\u00f3n Estadounidense de Libertades Civiles<\/strong> el 16 de junio de 2022, Estados Unidos encarcela a<strong> m\u00e1s de 1,2 millones de personas en prisiones estatales y federales, y entre ellos unas 800.000 trabajan de forma forzada<\/strong>, lo que representa alrededor del 65 por ciento del n\u00famero total de prisioneros.<\/span><\/p>\n<p style=\"text-align: justify;\"><span style=\"font-size: 14pt;\">M\u00e1s del 76 por ciento de los presos encuestados informaron haber sido obligados a continuar trabajando y fueron amenazados con confinamiento solitario, postergaci\u00f3n de sus fechas de libertad condicional o p\u00e9rdida de los derechos de visita por sus familiares si se negaban a trabajar.<\/span><\/p>\n<p style=\"text-align: justify;\"><span style=\"font-size: 14pt;\">Los trabajadores encarcelados se vieron obligados a proporcionar servicios de alimentaci\u00f3n, lavander\u00eda y otras actividades, pero casi sin derechos ni protecciones, seg\u00fan un informe de <strong>Prison Policy Initiative<\/strong> del 14 de marzo de 2022. <strong>Las prisiones estadounidenses pagan poco o nada a los prisioneros que trabajan, y se han convertido en verdaderas f\u00e1bricas de esclavitud modernas<\/strong>.<\/span><\/p>\n<p>&nbsp;<\/p>\n<figure id=\"attachment_2274542\" aria-describedby=\"caption-attachment-2274542\" style=\"width: 480px\" class=\"wp-caption aligncenter\"><a href=\"https:\/\/psmag.com\/social-justice\/la-esclavitud-moderna\" target=\"_blank\" rel=\"noopener\"><img loading=\"lazy\" decoding=\"async\" class=\"wp-image-2274542\" src=\"https:\/\/puntocritico.com\/ausajpuntocritico\/wp-content\/uploads\/2023\/05\/Estados-Unidos-carceles-trabajo-forzado-300x169.jpg\" alt=\"\" width=\"480\" height=\"270\" data-id=\"2274542\" srcset=\"https:\/\/puntocritico.com\/ausajpuntocritico\/wp-content\/uploads\/2023\/05\/Estados-Unidos-carceles-trabajo-forzado-300x169.jpg 300w, https:\/\/puntocritico.com\/ausajpuntocritico\/wp-content\/uploads\/2023\/05\/Estados-Unidos-carceles-trabajo-forzado-768x432.jpg 768w, https:\/\/puntocritico.com\/ausajpuntocritico\/wp-content\/uploads\/2023\/05\/Estados-Unidos-carceles-trabajo-forzado-610x343.jpg 610w, https:\/\/puntocritico.com\/ausajpuntocritico\/wp-content\/uploads\/2023\/05\/Estados-Unidos-carceles-trabajo-forzado-678x381.jpg 678w, https:\/\/puntocritico.com\/ausajpuntocritico\/wp-content\/uploads\/2023\/05\/Estados-Unidos-carceles-trabajo-forzado.jpg 900w\" sizes=\"auto, (max-width: 480px) 100vw, 480px\" \/><\/a><figcaption id=\"caption-attachment-2274542\" class=\"wp-caption-text\"><span style=\"color: #008000;\">LA ESCLAVITUD MODERNA EN LA FUERZA LABORAL EN LA PRISI\u00d3N DE ESTADOS UNIDOS <\/span><\/figcaption><\/figure>\n<p>&nbsp;<\/p>\n<p style=\"text-align: justify;\"><span style=\"font-size: 14pt;\"><strong>Se intensifica la intolerancia religiosa<\/strong>. Seg\u00fan las \u00ab<em>Estad\u00edsticas de delitos de odio para 2021<\/em>\u00bb publicadas el 15 de diciembre de 2022 por la <strong>Oficina Federal de Investigaciones<\/strong>, se registraron un total de 1.005 delitos de odio religioso en Estados Unidos durante el a\u00f1o 2021, de los cuales el 31,9 por ciento fue <strong>antisemita<\/strong>, el 21,3 por ciento <strong>antisij<\/strong>, el 9,5 por ciento <strong>antiisl\u00e1mico<\/strong>, el 6,1 por ciento <strong>anticat\u00f3lico<\/strong> y el 6,5 por ciento <strong>antiortodoxas<\/strong>.<\/span><\/p>\n<p style=\"text-align: justify;\"><span style=\"font-size: 14pt;\">La <strong>intolerancia hacia el islamismo<\/strong> en Estados Unidos se ha intensificado y los musulmanes son gravemente discriminados, seg\u00fan un informe publicado por el <strong>Consejo de Relaciones Estadounidenses-Isl\u00e1micas<\/strong> en 2022.<\/span><\/p>\n<p style=\"text-align: justify;\"><span style=\"font-size: 14pt;\">En 2021, el organismo recibi\u00f3 6.720 quejas, incluidas 308 relacionadas con incidentes de odio y prejuicio, un aumento del 28 por ciento con respecto a 2020; 679 denuncias de extralimitaci\u00f3n de las fuerzas del orden p\u00fablico y gubernamentales, un incremento del 35 por ciento; 1.298 incidentes de discriminaci\u00f3n en lugares de trabajo y p\u00fablicos, un alza del 13 por ciento.<\/span><\/p>\n<p style=\"text-align: justify;\"><span style=\"font-size: 14pt;\">Un estudio que hizo p\u00fablico <strong>Middle East Eye<\/strong> inform\u00f3 el 23 de agosto de 2022 que los musulmanes tienen cinco veces m\u00e1s probabilidades de sufrir acoso policial debido a su religi\u00f3n en comparaci\u00f3n con otros religiosos.<\/span><\/p>\n<p>&nbsp;<\/p>\n<h3 style=\"text-align: center;\"><span style=\"font-size: 18pt;\"><strong>II. La insustancial democracia electoral al estilo americano<\/strong><\/span><\/h3>\n<p style=\"text-align: justify;\"><span style=\"font-size: 14pt;\"><strong>Las donaciones pol\u00edticas han hecho que las elecciones en Estados Unidos sean un juego de ricos<\/strong>. La alineaci\u00f3n a los dos partidos ha degenerado en <strong>polarizaci\u00f3n pol\u00edtica<\/strong>. Y <strong><em>la democracia estadounidense est\u00e1 perdiendo las bases del apoyo popular<\/em><\/strong>.<\/span><\/p>\n<p style=\"text-align: justify;\"><span style=\"font-size: 14pt;\">El expresidente de Estados Unidos, <strong>Jimmy Carter<\/strong>, dijo una vez que<strong> el soborno pol\u00edtico ha contaminado el sistema pol\u00edtico estadounidense<\/strong>. \u00ab<em>Es solo una oligarqu\u00eda con sobornos pol\u00edticos ilimitados en la esencia de obtener las nominaciones para presidente o elegir al presidente<\/em>\u00ab, dijo Carter.<\/span><\/p>\n<p>&nbsp;<\/p>\n<p><img loading=\"lazy\" decoding=\"async\" class=\"aligncenter wp-image-2274543\" src=\"https:\/\/puntocritico.com\/ausajpuntocritico\/wp-content\/uploads\/2023\/05\/Pelosi-manos-arriba-es-un-atraco-300x169.webp\" alt=\"\" width=\"440\" height=\"248\" data-id=\"2274543\" srcset=\"https:\/\/puntocritico.com\/ausajpuntocritico\/wp-content\/uploads\/2023\/05\/Pelosi-manos-arriba-es-un-atraco-300x169.webp 300w, https:\/\/puntocritico.com\/ausajpuntocritico\/wp-content\/uploads\/2023\/05\/Pelosi-manos-arriba-es-un-atraco-1024x576.webp 1024w, https:\/\/puntocritico.com\/ausajpuntocritico\/wp-content\/uploads\/2023\/05\/Pelosi-manos-arriba-es-un-atraco-768x432.webp 768w, https:\/\/puntocritico.com\/ausajpuntocritico\/wp-content\/uploads\/2023\/05\/Pelosi-manos-arriba-es-un-atraco-1536x864.webp 1536w, https:\/\/puntocritico.com\/ausajpuntocritico\/wp-content\/uploads\/2023\/05\/Pelosi-manos-arriba-es-un-atraco-610x343.webp 610w, https:\/\/puntocritico.com\/ausajpuntocritico\/wp-content\/uploads\/2023\/05\/Pelosi-manos-arriba-es-un-atraco-678x381.webp 678w, https:\/\/puntocritico.com\/ausajpuntocritico\/wp-content\/uploads\/2023\/05\/Pelosi-manos-arriba-es-un-atraco-1320x743.webp 1320w, https:\/\/puntocritico.com\/ausajpuntocritico\/wp-content\/uploads\/2023\/05\/Pelosi-manos-arriba-es-un-atraco.webp 1900w\" sizes=\"auto, (max-width: 440px) 100vw, 440px\" \/><\/p>\n<p>&nbsp;<\/p>\n<p style=\"text-align: justify;\"><span style=\"font-size: 14pt;\"><strong>El dinero en las elecciones ha establecido un nuevo r\u00e9cord<\/strong>. Las elecciones de Estados Unidos son el coraz\u00f3n de su democracia, potenciado por el dinero. <strong>Los costes electorales se han disparado desde que el l\u00edmite sobre las donaciones se levant\u00f3<\/strong> en 2010 y, de nuevo, en 2014.<\/span><\/p>\n<p style=\"text-align: justify;\"><span style=\"font-size: 14pt;\">Seg\u00fan un an\u00e1lisis publicado por <strong>OpenSecrets<\/strong>, <strong><em>el coste total de las elecciones estatales y federales de medio t\u00e9rmino de 2022 rond\u00f3 los 17 mil millones de d\u00f3lares, siendo los comicios m\u00e1s caros de toda la historia<\/em><\/strong>. Los candidatos federales y comit\u00e9s pol\u00edticos gastaron 8.900 millones de d\u00f3lares; mientras que los candidatos en los estados, los comit\u00e9s de partidos pol\u00edticos y los comit\u00e9s dedicados al recuento se gastaron 7.800 millones de dolares, superando ambas partidas sus registros hist\u00f3ricos.<\/span><\/p>\n<p style=\"text-align: justify;\"><span style=\"font-size: 14pt;\">La <strong>CNN<\/strong> inform\u00f3 el 8 de diciembre de 2022 que las cinco carreras m\u00e1s caras al Senado, entre las elecciones primarias y generales, costaron casi 1.300 millones de d\u00f3lares. La m\u00e1s cara fue la carrera electoral al Senado en Pennsylvania, donde se gastaron casi 375 millones de d\u00f3lares durante la campa\u00f1a en este ciclo electoral.<\/span><\/p>\n<p style=\"text-align: justify;\"><span style=\"font-size: 14pt;\"><strong>Las donaciones pol\u00edticas crean una oligarqu\u00eda<\/strong>. <em><strong>La pol\u00edtica de Estados Unidos ha sido secuestrada por el capital y existe una relaci\u00f3n estable de \u00abrecuperaci\u00f3n del dinero\u00bb<\/strong><\/em>. El lema \u00ab<em>Del pueblo, por el pueblo y para el pueblo<\/em>\u00bb se ha convertido en otro que podr\u00eda rezar \u00ab<em>Del 1 por ciento, por el 1 por ciento y para el 1 por ciento<\/em>\u00ab. O, como se\u00f1ala el lema del movimiento <strong>Occupy Wall Street<\/strong>, \u00ab<em>somos el 99 por ciento, pero estamos controlados por el 1 por ciento<\/em>\u00ab.<\/span><\/p>\n<p style=\"text-align: justify;\"><span style=\"font-size: 14pt;\"><strong>Helene Landemore<\/strong>, te\u00f3rica pol\u00edtica de la <em>Universidad de Yale<\/em>, escribi\u00f3 en un art\u00edculo publicado en diciembre de 2021 por la revista <strong>Foreign Policy<\/strong> que<strong> la democracia estadounidense carece \u00ab<em>del poder de la gente<\/em>\u00ab<\/strong> y que <strong>solamente los m\u00e1s ricos<\/strong>, una parte muy peque\u00f1a de la poblaci\u00f3n, pueden utilizar su extremadamente elevada posici\u00f3n econ\u00f3mica para impulsar una serie de prioridades pol\u00edticas que sirven a sus intereses.<\/span><\/p>\n<p style=\"text-align: justify;\"><span style=\"font-size: 14pt;\">La revista <strong>Fortune<\/strong>, el 9 de diciembre de 2022, public\u00f3 un art\u00edculo titulado \u00abL<em>os milmillonarios tuvieron un bill\u00f3n de d\u00f3lares extra para influir sobre las elecciones de medio t\u00e9rmino. Salvemos la democracia estadounidense subiendo impuestos a los m\u00e1s ricos<\/em>\u00ab.<\/span><\/p>\n<p style=\"text-align: justify;\"><span style=\"font-size: 14pt;\">En dicho texto, denunci\u00f3 que \u00ab<em><strong>los milmillonarios estadounidenses han gastado la extraordinaria cifra de 880 millones de d\u00f3lares en las elecciones hasta finales de octubre, como nunca antes<\/strong>, mientras que el monte total definitivo se podr\u00eda aproximar al astron\u00f3mico n\u00famero de los 1.000 millones de d\u00f3lares. Es una cantidad de dinero suficiente como para cambiar las reglas del juego que sin lugar a dudas tiene influencia sobre los resultados electorales que estamos viendo<\/em>\u00ab.<\/span><\/p>\n<p>&nbsp;<\/p>\n<blockquote>\n<p style=\"text-align: center;\"><strong><span style=\"font-size: 14pt; color: #008000;\">La fortuna de los milmillonarios ha estado \u00ab<em>hundiendo nuestra democracia<\/em>\u00ab<\/span><\/strong><\/p>\n<\/blockquote>\n<p>&nbsp;<\/p>\n<p style=\"text-align: justify;\"><span style=\"font-size: 14pt;\">La fortuna de los milmillonarios ha estado \u00ab<em>hundiendo nuestra democracia<\/em>\u00ab, como indica el director ejecutivo de <strong>Estadounidenses por la Justicia Fiscal<\/strong>, <strong>Frank Clemente<\/strong>, public\u00f3 la revista.<\/span><\/p>\n<p style=\"text-align: justify;\"><span style=\"font-size: 14pt;\"><strong>Los milmillonarios representaron el 15 por ciento de todas las donaciones pol\u00edticas declaradas a nivel federal<\/strong>, del 1 de enero de 2021 al 30 de septiembre de 2022, frente a la un 11 por ciento en el ciclo electoral de 2020, inform\u00f3 la agencia de noticias <strong>Reuters<\/strong> el 9 de noviembre de 2022, a\u00f1adiendo que el magnate de las finanzas,<strong> George Soros<\/strong>,<em><strong> fue el primer donante individual<\/strong><\/em>, tras haberse gastado 128 millones de d\u00f3lares en apoyar las campa\u00f1as del Partido Dem\u00f3crata.<\/span><\/p>\n<p>&nbsp;<\/p>\n<p><a href=\"https:\/\/puntocritico.com\/ausajpuntocritico\/2020\/03\/17\/el-poder-judicial-internacional-del-new-world-order-las-ong-y-los-jueces-del-tribunal-europeo-de-derechos-humanos-2009-2019-informe-de-cedj-soros-y-su-influencia\/\"><img loading=\"lazy\" decoding=\"async\" class=\"aligncenter wp-image-20664\" src=\"https:\/\/puntocritico.com\/ausajpuntocritico\/wp-content\/uploads\/2019\/08\/SOROS-Principal-300x237.jpeg\" alt=\"\" width=\"360\" height=\"284\" data-id=\"20664\" srcset=\"https:\/\/puntocritico.com\/ausajpuntocritico\/wp-content\/uploads\/2019\/08\/SOROS-Principal-300x237.jpeg 300w, https:\/\/puntocritico.com\/ausajpuntocritico\/wp-content\/uploads\/2019\/08\/SOROS-Principal.jpeg 709w\" sizes=\"auto, (max-width: 360px) 100vw, 360px\" \/><\/a><\/p>\n<p>&nbsp;<\/p>\n<p style=\"text-align: justify;\"><strong><span style=\"font-size: 14pt;\">Con los plut\u00f3cratas utilizando su dinero para controlar el resultado electoral, las elecciones en Estados Unidos se alejan cada vez m\u00e1s de su naturaleza democr\u00e1tica.<\/span><\/strong><\/p>\n<p style=\"text-align: justify;\"><span style=\"font-size: 14pt;\"><strong>Las donaciones en \u00ab<em>dinero oscuro<\/em>\u00bb manipulan en secreto el curso de las elecciones<\/strong>. El \u00ab<em>dinero oscuro<\/em>\u00bb ha estado influyendo, de forma invisible, sobre las elecciones de Estados Unidos.<\/span><\/p>\n<p style=\"text-align: justify;\"><span style=\"font-size: 14pt;\">El <strong>Centro Brennan para la Justicia<\/strong> inform\u00f3 el 16 de noviembre de 2022 que cuatro grupos partidistas con \u00ab<em>dinero<\/em> <em>oscuro<\/em>\u00bb inyectaron casi 300 millones de d\u00f3lares en este ciclo electoral a trav\u00e9s de donaciones a los s\u00faper Comit\u00e9s de Acci\u00f3n Pol\u00edtica (<em>PAC, siglas en ingl\u00e9s<\/em>) hermanos o pagando por anuncios ingeniosamente redactados. <strong>Hay otros cientos de grupos pol\u00edticamente activos inyectando dinero secreto en las elecciones<\/strong>.<\/span><\/p>\n<p style=\"text-align: justify;\"><span style=\"font-size: 14pt;\"><strong>Un milmillonario transfiri\u00f3 1.600 millones de d\u00f3lares en secreto a un grupo pol\u00edtico del Partido Republicano<\/strong>, la mayor donaci\u00f3n pol\u00edtica conocida en la historia de Estados Unidos, seg\u00fan un informe publicado el 29 de agosto de 2022, en <strong>The Guardian<\/strong>, bajo el t\u00edtulo \u00ab<em>Miles de millones de d\u00f3lares en &#8216;dinero oscuro&#8217; est\u00e1n influyendo sobre la pol\u00edtica de Estados Unidos<\/em>\u00ab.<\/span><\/p>\n<p>&nbsp;<\/p>\n<blockquote>\n<p style=\"text-align: center;\"><strong><span style=\"font-size: 14pt; color: #008000;\"> \u00ab<em>Miles de millones de d\u00f3lares en &#8216;dinero oscuro&#8217; est\u00e1n influyendo sobre la pol\u00edtica de Estados Unidos<\/em>\u00ab<\/span><\/strong><\/p>\n<\/blockquote>\n<p>&nbsp;<\/p>\n<p style=\"text-align: justify;\"><span style=\"font-size: 14pt;\">Solamente en 2020, m\u00e1s de 1.000 millones de d\u00f3lares en \u00ab<em>dinero oscuro<\/em>\u00bb se canaliz\u00f3 hacia las elecciones estadounidenses como consecuencia de la laxitud normativa existente para declararlo.<\/span><\/p>\n<p style=\"text-align: justify;\"><span style=\"font-size: 14pt;\">La situaci\u00f3n se empeor\u00f3 en las elecciones de 2022. Los <strong>PAC<\/strong> principales de los dos partidos para Congreso y Senado fueron <strong>financiados por grupos an\u00f3nimos de \u00ab<em>dinero oscuro<\/em>\u00bb que no necesitaban declarar la identidad de sus donantes<\/strong>.<\/span><\/p>\n<p style=\"text-align: justify;\"><span style=\"font-size: 14pt;\"><strong>El \u00ab<em>dinero oscuro<\/em>\u00bb ha secuestrado en secreto a los partidos pol\u00edticos y el gobierno estadounidenses mientras que la mayor\u00eda de los votantes se han convertido en instrumentos del juego pol\u00edtico<\/strong>.<\/span><\/p>\n<p style=\"text-align: justify;\"><span style=\"font-size: 14pt;\"><strong>T\u00e1cticas m\u00faltiples y manipulaci\u00f3n de los resultados electorales<\/strong>. Muchos estadounidenses han abandonado por completo la idea de igualdad, y siempre son estas personas que reniegan de este concepto quienes dicten las normas a seguir de los dem\u00e1s, escribi\u00f3 <strong>J. R. Pole<\/strong> en su libro titulado \u00ab<em>La b\u00fasqueda de la igualdad en la historia de Estados Unidos<\/em>\u00ab.<\/span><\/p>\n<p>&nbsp;<\/p>\n<p><a href=\"https:\/\/puntocritico.com\/ausajpuntocritico\/2020\/11\/18\/canceling-the-people-elecciones-ee-uu-2020-algunas-pruebas-inexistentes\/\"><img loading=\"lazy\" decoding=\"async\" class=\"aligncenter wp-image-1391307\" src=\"https:\/\/puntocritico.com\/ausajpuntocritico\/wp-content\/uploads\/2020\/11\/Globalistas-y-patriotas.jpg\" alt=\"\" width=\"360\" height=\"224\" data-id=\"1391307\" \/><\/a><\/p>\n<p>&nbsp;<\/p>\n<p style=\"text-align: justify;\"><span style=\"font-size: 14pt;\"><strong>Leyes restrictivas de la elegibilidad de los votantes son aprobadas con frecuencia<\/strong>. Seg\u00fan un estudio publicado el 26 de mayo de 2022 por el <strong>Centro Brennan para la Justicia<\/strong>, 18 estados aprobaron 34 leyes restrictivas en 2021.<\/span><\/p>\n<p style=\"text-align: justify;\"><span style=\"font-size: 14pt;\">Durante el periodo de sesiones de 2022, los legisladores en 39 estados han tomado en consideraci\u00f3n hasta 393 leyes restrictivas, las cuales han tenido un <strong>efecto desproporcionado sobre los votantes de color al haberles impuesto una serie de barreras para votar<\/strong>. Tantos como 200.000 votantes est\u00e1n en riesgo de que sus registros censales sean cancelados despu\u00e9s de que Arizona aprobase una ley regulando la presentaci\u00f3n de documentaci\u00f3n acreditativa sobre la ciudadan\u00eda para registrarse en el censo electoral.<\/span><\/p>\n<p style=\"text-align: justify;\"><span style=\"font-size: 14pt;\">El 4 de agosto de 2022, el <strong>Proyecto Global contra el Odio y el Extremismo<\/strong> public\u00f3 un reportaje titulado \u00ab<em>Temores de los estadounidenses por supresi\u00f3n de su participaci\u00f3n en la democracia<\/em>\u00ab, seg\u00fan el cual un 40 por ciento de la poblaci\u00f3n negra y un 37 por ciento de la hispana estaban muy preocupados por el hecho de que se les denegase la posibilidad de votar.<\/span><\/p>\n<p style=\"text-align: justify;\"><span style=\"font-size: 14pt;\"><strong>Las estrictas leyes sobre el registro de voto impidieron participar en las elecciones a cerca del 16 por ciento de la poblaci\u00f3n negra de Mississippi en edad de votar<\/strong>. <strong>Mississippi<\/strong> tiene una de las mayores concentraciones de poblaci\u00f3n negra en el pa\u00eds pero nunca ha elegido todav\u00eda a ning\u00fan candidato negro como gobernador del estado en m\u00e1s de un siglo, describi\u00f3 el diario brit\u00e1nico <strong>The Guardian<\/strong> en un art\u00edculo de su p\u00e1gina web titulado \u00ab<strong><em>La ley racista de 1890 que a\u00fan impide votar a estadounidenses negros<\/em><\/strong>\u00ab, publicado el 8 de enero de 2022.<\/span><\/p>\n<p style=\"text-align: justify;\"><span style=\"font-size: 14pt;\">El 12 de abril de 2022, la <strong>Liga Nacional Urbana<\/strong> public\u00f3 el documento \u00ab<em>El estado de la Am\u00e9rica negra en 2022: Bajo el asedio del complot para destruir la democracia<\/em>\u00ab, el cual mostr\u00f3 que, solamente en 2021, 20 estados hab\u00edan actuado sobre los datos del censo electoral para reconfigurar los mapas de las circunscripciones al Congreso. <em><strong>Estas artima\u00f1as para manipular las elecciones han impedido votar a un buen n\u00famero de votantes convirtiendo el derecho al voto en papel mojado<\/strong><\/em>.<\/span><\/p>\n<p style=\"text-align: justify;\"><span style=\"font-size: 14pt;\"><strong>Las elecciones en Estados Unidos van acompa\u00f1adas de violencia e intimidaci\u00f3n<\/strong>. Su historia pol\u00edtica no ha estado exenta de violencia y terror. Hist\u00f3ricamente, grupos de infame recuerdo como el <strong>Ku Klux Klan<\/strong> impidieron a los afroamericanos ejercer su derecho al voto mediante la violencia como palizas, linchamientos y asesinatos; <em><strong>creando una atm\u00f3sfera de terror que todav\u00eda perdura hasta hoy<\/strong><\/em>.<\/span><\/p>\n<p style=\"text-align: justify;\"><span style=\"font-size: 14pt;\"><strong>Los votantes pueden sufrir intimidaci\u00f3n en los centros electorales y m\u00e1s all\u00e1 por actores organizados<\/strong>, se\u00f1al\u00f3 el <strong>Centro Brennan para la Justicia<\/strong> en un informe publicado el 28 de octubre de 2022, a\u00f1adiendo que, en Arizona, grupos extremistas de derecha han reclutado a voluntarios para vigilar las urnas, algunos de los cuales se han presentado armados y con equipo t\u00e1ctico.<\/span><\/p>\n<p style=\"text-align: justify;\"><span style=\"font-size: 14pt;\">El <strong>Proyecto Global Contra el Odio y el Extremismo<\/strong> indic\u00f3 en un informe del 4 de agosto de 2022 que <em><strong>hay una creciente sensaci\u00f3n de miedo entre los estadounidenses, con minor\u00edas particularmente preocupadas por la seguridad en los centros de votaci\u00f3n<\/strong><\/em>. En total, el 63 por ciento de los encuestados afirmaron estar \u00ab<em>muy<\/em> <em>preocupados<\/em>\u00bb por cuestiones como la violencia, el acoso y la intimidaci\u00f3n sufrida en sus colegios electorales. La alargada sombra de los <em><strong>linchamientos<\/strong><\/em> y la atm\u00f3sfera de terror se han convertido en un gran obst\u00e1culo de los electores para ejercer su derecho a votar.<\/span><\/p>\n<p style=\"text-align: justify;\"><span style=\"font-size: 14pt;\"><strong>El sistema pol\u00edtico bipartidista se ha convertido en algo polarizado<\/strong>. La polarizaci\u00f3n pol\u00edtica, especialmente la del bipartidismo, ha sido una de las caracter\u00edsticas m\u00e1s desconcertantes de la pol\u00edtica estadounidense en las \u00faltimas tres d\u00e9cadas. <em><strong>La creciente divisi\u00f3n ideol\u00f3gica y oposici\u00f3n entre el Partido Dem\u00f3crata y el Partido Republicano han intensificado la ruptura en la sociedad estadounidense y vaciado de contenido la pol\u00edtica de Estados Unidos<\/strong><\/em>.<\/span><\/p>\n<p style=\"text-align: justify;\"><span style=\"font-size: 14pt;\">Alrededor del 28 por ciento de los estadounidenses se\u00f1alaron al \u00ab<em>extremismo pol\u00edtico o polarizaci\u00f3n<\/em>\u00bb como uno de los asuntos m\u00e1s importantes que afronta el pa\u00eds, seg\u00fan una encuesta publicada el 14 de junio de 2022 por la demosc\u00f3pica estadounidense, <strong>FiveThirtyEight<\/strong>, a\u00f1adiendo que <em><strong>el 64 por ciento afirm\u00f3 sentir que la polarizaci\u00f3n es algo incentivado sobre todo desde las \u00e9lites pol\u00edticas y sociales<\/strong><\/em>.<\/span><\/p>\n<p style=\"text-align: justify;\"><span style=\"font-size: 14pt;\">Seg\u00fan un informe de <strong>NBC NEWS<\/strong>, del 23 de octubre de 2022, el 81 por ciento de los votantes del Partido Dem\u00f3crata afirm\u00f3 creer que la agenda pol\u00edtica del Partido Republicano supone una amenaza que, de no ser frenada, destruir\u00e1 Estados Unidos; mientras que el 79 por ciento de los republicanos piensa lo mismo de la agenda del Partido Dem\u00f3crata. El 71 por ciento de los votantes opin\u00f3 que el pa\u00eds iba por la direcci\u00f3n equivocada.<\/span><\/p>\n<p>&nbsp;<\/p>\n<blockquote>\n<p style=\"text-align: center;\"><strong><span style=\"font-size: 14pt; color: #008000;\">\u00ab<em>Parece que los votantes no buscan m\u00e1s un &#8216;Contrato con Estados Unidos&#8217;. Quieren un divorcio<\/em>\u00ab<\/span><\/strong><\/p>\n<\/blockquote>\n<p>&nbsp;<\/p>\n<p style=\"text-align: justify;\"><span style=\"font-size: 14pt;\">\u00ab<em>Parece que los votantes no buscan m\u00e1s un &#8216;Contrato con Estados Unidos&#8217;. Quieren un divorcio<\/em>\u00ab; argument\u00f3 el encuestador dem\u00f3crata <strong>Jeff Horwitt<\/strong>, de <strong>Hart Research Associates<\/strong>.<\/span><\/p>\n<p style=\"text-align: justify;\"><span style=\"font-size: 14pt;\"><strong>La polarizaci\u00f3n pol\u00edtica y las divisiones sociales han hecho dif\u00edcil alcanzar consensos democr\u00e1ticos<\/strong>. Y la <strong>farsa<\/strong> <strong>electoral<\/strong>, junto con el <strong>caos<\/strong> despu\u00e9s de las elecciones, se han convertido en rasgos reconocibles de la pol\u00edtica en Estados Unidos.<\/span><\/p>\n<p style=\"text-align: justify;\"><span style=\"font-size: 14pt;\"><strong>La polarizaci\u00f3n representada por la contenci\u00f3n partidista y la rivalidad obsesiva ha conducido al colapso de la confianza pol\u00edtica, adem\u00e1s de provocar una grave crisis de gobernanza<\/strong> en Estados Unidos, reflexionaron <strong>Marc J. Hetherington<\/strong>, profesor de Ciencia Pol\u00edtica en la Universidad de Vanderbilt y <strong>Thomas J. Rudolph<\/strong>, profesor de Ciencia Pol\u00edtica en la Universidad de Illinois, a trav\u00e9s de su libro \u00ab<em>Por qu\u00e9 Washington no podr\u00e1 funcionar: Polarizaci\u00f3n, confianza pol\u00edtica y crisis de gobernanza<\/em>\u00ab.<\/span><\/p>\n<p style=\"text-align: justify;\"><span style=\"font-size: 14pt;\"><strong>Los funcionarios del gobierno se aprovechan de sus puestos para beneficiarse personalmente<\/strong>. Los pol\u00edticos de alto nivel pueden tener acceso anticipado a una gran cantidad de <strong>informaci\u00f3n<\/strong> <strong>confidencial<\/strong> que podr\u00eda permitirles obtener ganancias.<\/span><\/p>\n<p style=\"text-align: justify;\"><span style=\"font-size: 14pt;\"><strong>El valor neto de los activos declarados de la expresidenta de la C\u00e1mara de Representantes, Nancy Pelosi, junto con su esposo, Paul Pelosi, es superior a los 114 millones de d\u00f3lares, teniendo la mayor parte de su riqueza un origen en acciones y opciones<\/strong>, seg\u00fan revel\u00f3 <strong>The Hill<\/strong> en un art\u00edculo editorial al respecto publicado el 24 de julio de 2022.<\/span><\/p>\n<p>&nbsp;<\/p>\n<figure id=\"attachment_2274569\" aria-describedby=\"caption-attachment-2274569\" style=\"width: 480px\" class=\"wp-caption aligncenter\"><a href=\"https:\/\/www.hispanidad.com\/politica\/internacional\/eeuu-marido-nancy-pelosi-es-acusado-comprar-mas-1-millon-dolares-en-acciones-chips-dias-antes-congreso-apruebe-ayudas-esa-industria_12035503_102.html\" target=\"_blank\" rel=\"noopener\"><img loading=\"lazy\" decoding=\"async\" class=\"wp-image-2274569\" src=\"https:\/\/puntocritico.com\/ausajpuntocritico\/wp-content\/uploads\/2023\/05\/Nancy-y-John-Pelosi-informacion-privilegiada-300x169.webp\" alt=\"\" width=\"480\" height=\"270\" data-id=\"2274569\" srcset=\"https:\/\/puntocritico.com\/ausajpuntocritico\/wp-content\/uploads\/2023\/05\/Nancy-y-John-Pelosi-informacion-privilegiada-300x169.webp 300w, https:\/\/puntocritico.com\/ausajpuntocritico\/wp-content\/uploads\/2023\/05\/Nancy-y-John-Pelosi-informacion-privilegiada-610x343.webp 610w, https:\/\/puntocritico.com\/ausajpuntocritico\/wp-content\/uploads\/2023\/05\/Nancy-y-John-Pelosi-informacion-privilegiada-678x381.webp 678w, https:\/\/puntocritico.com\/ausajpuntocritico\/wp-content\/uploads\/2023\/05\/Nancy-y-John-Pelosi-informacion-privilegiada.webp 720w\" sizes=\"auto, (max-width: 480px) 100vw, 480px\" \/><\/a><figcaption id=\"caption-attachment-2274569\" class=\"wp-caption-text\"><span style=\"color: #008000;\">Nancy y John Pelosi. Con una fortuna que ronda los 114 millones de d\u00f3lares, la l\u00edder del Partido Dem\u00f3cratas es una de las personas m\u00e1s ricas del Congreso de EEUU, gracias a la presunta informaci\u00f3n privilegiada que obtiene al ser esposa de un importante corredor de bolsa de Nueva York. EE.UU. El marido de Nancy Pelosi es acusado de comprar m\u00e1s de 1 mill\u00f3n de d\u00f3lares en acciones de chips, d\u00edas antes de que el Congreso apruebe ayudas a esa industria<\/span><\/figcaption><\/figure>\n<p>&nbsp;<\/p>\n<p style=\"text-align: justify;\"><span style=\"font-size: 14pt;\">En marzo de 2021, <strong>Paul<\/strong> ejecut\u00f3 opciones en bolsa para comprar 25.000 acciones de <strong>Microsoft<\/strong>, por un valor superior a los m\u00e1s de 5 millones de d\u00f3lares. Menos de dos semanas despu\u00e9s, el Ej\u00e9rcito de los Estados Unidos revel\u00f3 un acuerdo de 21.900 millones de d\u00f3lares con <strong>Microsoft<\/strong>. <em><strong>Y las acciones de la compa\u00f1\u00eda subieron bruscamente despu\u00e9s de que se anunciara el acuerdo<\/strong><\/em>.<\/span><\/p>\n<p style=\"text-align: justify;\"><span style=\"font-size: 14pt;\">En junio de 2022, <strong>Paul<\/strong> tambi\u00e9n compr\u00f3 hasta 5 millones de d\u00f3lares en opciones sobre acciones de <strong>Nvidia<\/strong>, una empresa l\u00edder en semiconductores. <em><strong>La compra se produjo cuando el Congreso estaba listo para votar una legislaci\u00f3n que resultar\u00eda en 52.000 millones de d\u00f3lares en subsidios asignados para impulsar a la industria de producci\u00f3n de chips<\/strong><\/em>.<\/span><\/p>\n<p style=\"text-align: justify;\"><span style=\"font-size: 14pt;\">Durante el mandato de <strong>Nancy Pelosi<\/strong> como presidenta de la <strong>C\u00e1mara de Representantes<\/strong>, <em><strong>\u00e9sta gan\u00f3 unos 30 millones de d\u00f3lares en operaciones que involucran a grandes empresas de tecnolog\u00eda, las cuales estaban bajo su supervisi\u00f3n<\/strong><\/em>.<\/span><\/p>\n<p style=\"text-align: justify;\"><span style=\"font-size: 14pt;\"><strong>De los 435 miembros de la C\u00e1mara, 183 negociaron acciones bien personalmente o mediante familiares directos<\/strong> entre 2019 y 2021, relat\u00f3 el <strong>Daily Mail<\/strong> en un editorial del 13 de septiembre de 2022. A\u00f1adi\u00f3 que al menos 97 compraron o vendieron acciones, bonos u otros activos financieros bien personalmente o a trav\u00e9s de sus c\u00f3nyuges, <strong><em>interfiriendo directamente con su trabajo como congresistas<\/em><\/strong>.<\/span><\/p>\n<p>&nbsp;<\/p>\n<figure id=\"attachment_2274570\" aria-describedby=\"caption-attachment-2274570\" style=\"width: 480px\" class=\"wp-caption aligncenter\"><a href=\"https:\/\/panampost.com\/mamela-fiallo\/2022\/01\/17\/nancy-pelosi-negocios-vinculan-su-hijo\/\" target=\"_blank\" rel=\"noopener\"><img loading=\"lazy\" decoding=\"async\" class=\"wp-image-2274570\" src=\"https:\/\/puntocritico.com\/ausajpuntocritico\/wp-content\/uploads\/2023\/05\/NANCY-PELOSI-Y-PAUL-JR-TW-300x167.jpg\" alt=\"\" width=\"480\" height=\"268\" data-id=\"2274570\" srcset=\"https:\/\/puntocritico.com\/ausajpuntocritico\/wp-content\/uploads\/2023\/05\/NANCY-PELOSI-Y-PAUL-JR-TW-300x167.jpg 300w, https:\/\/puntocritico.com\/ausajpuntocritico\/wp-content\/uploads\/2023\/05\/NANCY-PELOSI-Y-PAUL-JR-TW-768x428.jpg 768w, https:\/\/puntocritico.com\/ausajpuntocritico\/wp-content\/uploads\/2023\/05\/NANCY-PELOSI-Y-PAUL-JR-TW-610x340.jpg 610w, https:\/\/puntocritico.com\/ausajpuntocritico\/wp-content\/uploads\/2023\/05\/NANCY-PELOSI-Y-PAUL-JR-TW.jpg 950w\" sizes=\"auto, (max-width: 480px) 100vw, 480px\" \/><\/a><figcaption id=\"caption-attachment-2274570\" class=\"wp-caption-text\"><span style=\"color: #008000;\">Nancy Pelosi salpicada por negocios fraudulentos que vinculan a su hijo.<\/span><\/figcaption><\/figure>\n<p>&nbsp;<\/p>\n<p style=\"text-align: justify;\"><span style=\"font-size: 14pt;\">Una investigaci\u00f3n del <strong>Wall Street Journal<\/strong>, fechada el 11 de octubre de 2022, descubri\u00f3 que m\u00e1s de 2.600 funcionarios de agencias, desde el Departamento de Comercio hasta el Departamento del Tesoro, <strong>revelaron inversiones en acciones en empresas mientras esas mismas compa\u00f1\u00edas cabildeaban a sus agencias<\/strong> para obtener pol\u00edticas favorables.<\/span><\/p>\n<p style=\"text-align: justify;\"><span style=\"font-size: 14pt;\"><strong>En lo que se conoci\u00f3 como el esc\u00e1ndalo de ni\u00f1os por dinero en efectivo, los exjueces de Pensilvania, Mark Ciavarella y Michael Conahan, cerraron un centro de detenci\u00f3n juvenil administrado por el condado aceptando 2,8 millones de d\u00f3lares en pagos ilegales de dos c\u00e1rceles con fines de lucro<\/strong>, seg\u00fan la agencia de noticias <strong>The Associated Press<\/strong> (<em><strong>AP<\/strong>, siglas en ingl\u00e9s<\/em>), en una informaci\u00f3n del 18 de agosto de 2022. <strong>Ciavarella<\/strong> impuls\u00f3 una pol\u00edtica de tolerancia cero, <strong><em>asegur\u00e1ndose de que un gran n\u00famero de ni\u00f1os ser\u00edan enviados a las instalaciones penitenciarias<\/em><\/strong>, concluy\u00f3 el informe. Muchos de los principales pol\u00edticos estadounidenses hicieron promesas vac\u00edas a los votantes mientras aprovechaban sus posiciones para beneficiarse econ\u00f3micamente.<\/span><\/p>\n<p>&nbsp;<\/p>\n<figure id=\"attachment_2274529\" aria-describedby=\"caption-attachment-2274529\" style=\"width: 440px\" class=\"wp-caption aligncenter\"><a href=\"https:\/\/www.infobae.com\/america\/eeuu\/2022\/08\/17\/ninos-por-dinero-dos-jueces-de-eeuu-enviaban-a-prision-a-menores-de-edad-a-cambio-de-sobornos\/\" target=\"_blank\" rel=\"noopener\" data-schema-attribute=\"\"><img loading=\"lazy\" decoding=\"async\" class=\"wp-image-2274529\" src=\"https:\/\/puntocritico.com\/ausajpuntocritico\/wp-content\/uploads\/2023\/05\/Ninos-por-dinero-dos-jueces-de-EEUU-enviaban-a-prision-a-menores-de-edad-a-cambio-de-sobornos.jpg\" alt=\"\" width=\"440\" height=\"246\" data-id=\"2274529\" \/><\/a><figcaption id=\"caption-attachment-2274529\" class=\"wp-caption-text\"><span style=\"color: #008000;\"><strong>\u201cNi\u00f1os por dinero\u201d<\/strong>: dos jueces de EEUU enviaban a prisi\u00f3n a menores de edad a cambio de sobornos<\/span><\/figcaption><\/figure>\n<p>&nbsp;<\/p>\n<p style=\"text-align: justify;\"><span style=\"font-size: 14pt;\"><strong>La confianza del p\u00fablico en la democracia estadounidense sigue en declive<\/strong>. Los acad\u00e9micos estadounidenses, <strong>Thomas R. Dye<\/strong>, <strong>Harmon Zeigler<\/strong> y <strong>Louis Schubert<\/strong>, se\u00f1alaron en su libro titulado \u00ab<em>Iron\u00eda de la democracia: Una introducci\u00f3n fuera de lo com\u00fan a la pol\u00edtica de Estados Unidos<\/em>\u00bb que pocos estadounidenses creen todav\u00eda que el gobierno se gu\u00eda por los intereses del pueblo.<\/span><\/p>\n<p style=\"text-align: justify;\"><span style=\"font-size: 14pt;\"><strong>La mayor\u00eda ve al sistema pol\u00edtico como algo controlado por unos pocos grandes grupos de inter\u00e9s que solo buscan sus beneficios particulares, dejando al estadounidense medio en el olvido<\/strong>, describi\u00f3 la obra. El 67 por ciento de los estadounidenses piensa que la democracia de su naci\u00f3n est\u00e1 en peligro, reflej\u00f3 la encuesta de la <strong>Universidad de Quinnipiac<\/strong> del 31 de agosto de 2022.<\/span><\/p>\n<p style=\"text-align: justify;\"><span style=\"font-size: 14pt;\">En una nota del 19 de octubre de 2022, <strong>AP<\/strong> se\u00f1al\u00f3 que <strong>existe un descontento general con la democracia estadounidense tras d\u00e9cadas de polarizaci\u00f3n pol\u00edtica a nivel nacional<\/strong>. Solamente el <strong>9 por ciento<\/strong> de los adultos estadounidenses piensa que la democracia est\u00e1 funcionando \u00ab<em>extremadamente bien<\/em>\u00bb o \u00ab<em>muy bien<\/em>\u00ab, mientras que el <strong>52 por ciento<\/strong> opina que <strong>no est\u00e1 funcionando bien<\/strong>, agreg\u00f3.<\/span><\/p>\n<p style=\"text-align: justify;\"><span style=\"font-size: 14pt;\">El 4 de noviembre de 2022, <strong>PR Newswire<\/strong> p\u00fablico una encuesta independiente antes de las elecciones de medio t\u00e9rmino mostrando que, <strong>seg\u00fan el 86 por ciento de los votantes, la democracia en Estados Unidos afronta graves desaf\u00edos<\/strong>. El 72 por ciento de los votantes estadounidenses califica el estado de la democracia estadounidense como \u00ab<em>paup\u00e9rrimo<\/em>\u00ab, el 64 por ciento considera que hay demasiado dinero en pol\u00edtica, el 61 por ciento dice que la pol\u00edtica de Estados Unidos es corrupta, mientras que el 58 opina que existe demasiada desinformaci\u00f3n y manipulaci\u00f3n medi\u00e1tica en la democracia estadounidense.<\/span><\/p>\n<p>&nbsp;<\/p>\n<blockquote>\n<p style=\"text-align: center;\"><strong><span style=\"font-size: 14pt; color: #008000;\">el 72 por ciento de los votantes dem\u00f3cratas, el 68 por ciento de los republicanos y el 70 de los independientes coinciden en que la democracia est\u00e1 amenazada<\/span><\/strong><\/p>\n<\/blockquote>\n<p>&nbsp;<\/p>\n<p style=\"text-align: justify;\"><span style=\"font-size: 14pt;\">Y seg\u00fan otra encuesta de <strong>NBC News<\/strong>, publicada el 9 de noviembre de 2022, el 72 por ciento de los votantes dem\u00f3cratas, el 68 por ciento de los republicanos y el 70 de los independientes coinciden en que la democracia est\u00e1 amenazada. <strong>La confianza del p\u00fablico en la democracia estadounidense sigue disminuyendo, lo cual se refleja en su p\u00e9rdida de respaldo popular<\/strong>.<\/span><\/p>\n<p>&nbsp;<\/p>\n<h3 style=\"text-align: center;\"><span style=\"font-size: 18pt;\"><strong>III. La creciente discriminaci\u00f3n racial y desigualdad<\/strong><\/span><\/h3>\n<p style=\"text-align: justify;\"><span style=\"font-size: 14pt;\">El <strong>Comit\u00e9 para la Eliminaci\u00f3n de la Discriminaci\u00f3n Racial de la ONU<\/strong> sostuvo en las observaciones finales sobre los informes combinados del d\u00e9cimo al duod\u00e9cimo sobre Estados Unidos, publicados el 21 de septiembre de 2022, que <strong>los legados persistentes del colonialismo y la esclavitud contin\u00faan alimentando el racismo y la discriminaci\u00f3n racial<\/strong> en el pa\u00eds.<\/span><\/p>\n<p style=\"text-align: justify;\"><span style=\"font-size: 14pt;\">En los \u00faltimos a\u00f1os, lo<strong>s delitos de odio y los incidentes de incitaci\u00f3n al odio<\/strong> en Estados Unidos han aumentado significativamente, la cantidad de muertes por armas de fuego relacionadas con la raza tambi\u00e9n ha registrado un aumento sustancial, y las personas de color y las minor\u00edas \u00e9tnicas contin\u00faan enfrentando la discriminaci\u00f3n sistem\u00e1tica en la atenci\u00f3n m\u00e9dica, la educaci\u00f3n, la vivienda y otros campos, seg\u00fan la misma agencia.<\/span><\/p>\n<p>&nbsp;<\/p>\n<p><img loading=\"lazy\" decoding=\"async\" class=\"aligncenter wp-image-2274608\" src=\"https:\/\/puntocritico.com\/ausajpuntocritico\/wp-content\/uploads\/2023\/05\/Racismo-policia-USA-300x169.webp\" alt=\"\" width=\"440\" height=\"248\" data-id=\"2274608\" srcset=\"https:\/\/puntocritico.com\/ausajpuntocritico\/wp-content\/uploads\/2023\/05\/Racismo-policia-USA-300x169.webp 300w, https:\/\/puntocritico.com\/ausajpuntocritico\/wp-content\/uploads\/2023\/05\/Racismo-policia-USA-1024x576.webp 1024w, https:\/\/puntocritico.com\/ausajpuntocritico\/wp-content\/uploads\/2023\/05\/Racismo-policia-USA-768x432.webp 768w, https:\/\/puntocritico.com\/ausajpuntocritico\/wp-content\/uploads\/2023\/05\/Racismo-policia-USA-610x343.webp 610w, https:\/\/puntocritico.com\/ausajpuntocritico\/wp-content\/uploads\/2023\/05\/Racismo-policia-USA-678x381.webp 678w, https:\/\/puntocritico.com\/ausajpuntocritico\/wp-content\/uploads\/2023\/05\/Racismo-policia-USA.webp 1280w\" sizes=\"auto, (max-width: 440px) 100vw, 440px\" \/><\/p>\n<p>&nbsp;<\/p>\n<p style=\"text-align: justify;\"><span style=\"font-size: 14pt;\"><strong>La discriminaci\u00f3n racial est\u00e1 muy extendida<\/strong>. La \u00ab<em>inferioridad y la superioridad raciales<\/em>\u00bb se han vuelto \u00ab<em>inextricables<\/em>\u00bb para las instituciones estadounidenses. <strong>Entrevistas con m\u00e1s de 3.000 afroamericanos mostraron que el 82 por ciento de ellos considera el racismo como un problema importante para los negros en Estados Unidos<\/strong>, mientras que el 79 por ciento informa haber experimentado discriminaci\u00f3n por su raza o etnia, y el 68 por ciento dice que la discriminaci\u00f3n racial es la raz\u00f3n principal por la que muchas personas negras no pueden salir adelante, inform\u00f3 <strong>CNN<\/strong> el 30 de agosto de 2022.<\/span><\/p>\n<p>&nbsp;<\/p>\n<p><img loading=\"lazy\" decoding=\"async\" class=\"aligncenter wp-image-2242569\" src=\"https:\/\/puntocritico.com\/ausajpuntocritico\/wp-content\/uploads\/2022\/03\/las-mujeres-del-ku-klus-klan-3-778x1024-1-228x300.jpg\" alt=\"\" width=\"330\" height=\"434\" data-id=\"2242569\" srcset=\"https:\/\/puntocritico.com\/ausajpuntocritico\/wp-content\/uploads\/2022\/03\/las-mujeres-del-ku-klus-klan-3-778x1024-1-228x300.jpg 228w, https:\/\/puntocritico.com\/ausajpuntocritico\/wp-content\/uploads\/2022\/03\/las-mujeres-del-ku-klus-klan-3-778x1024-1-768x1011.jpg 768w, https:\/\/puntocritico.com\/ausajpuntocritico\/wp-content\/uploads\/2022\/03\/las-mujeres-del-ku-klus-klan-3-778x1024-1-610x803.jpg 610w, https:\/\/puntocritico.com\/ausajpuntocritico\/wp-content\/uploads\/2022\/03\/las-mujeres-del-ku-klus-klan-3-778x1024-1.jpg 778w\" sizes=\"auto, (max-width: 330px) 100vw, 330px\" \/><\/p>\n<p>&nbsp;<\/p>\n<p style=\"text-align: justify;\"><span style=\"font-size: 14pt;\">Seg\u00fan una encuesta publicada por el grupo Ipsos el 29 de marzo de 2022, el 65 por ciento de los latinoamericanos encuestados informa haber experimentado prejuicios en el \u00faltimo a\u00f1o. Seg\u00fan un informe publicado el 30 de marzo de 2022 por el estadounidense <strong>Foro Nacional de Mujeres Estadounidenses de Asia y el Pac\u00edfico<\/strong>, <strong>el 74 por ciento de las mujeres asi\u00e1tico-americanas, nativas de Haw\u00e1i y de las islas del Pac\u00edfico revela haber sufrido racismo o discriminaci\u00f3n en los \u00faltimos 12 meses<\/strong>, el 53 por ciento reporta a un extra\u00f1o como perpetrador y el 47 por ciento denuncia incidentes sucedidos en lugares p\u00fablicos como restaurantes y centros comerciales.<\/span><\/p>\n<p style=\"text-align: justify;\"><span style=\"font-size: 14pt;\"><strong>Los delitos de odio racial siguen siendo elevados<\/strong>. Quince de las principales ciudades de Estados Unidos experimentaron aumentos porcentuales de dos d\u00edgitos en los delitos de odio entre 2020 y 2021, y un aumento de alrededor del cinco por ciento en incidentes motivados por prejuicios hasta agosto de 2022, seg\u00fan un estudio del <strong>Centro para el Estudio del Odio y el Extremismo de la Universidad Estatal de California de San Bernardino<\/strong>.<\/span><\/p>\n<p style=\"text-align: justify;\"><span style=\"font-size: 14pt;\">En un art\u00edculo titulado \u00ab<em>Aumento de informes de delitos de odio<\/em>\u00ab, publicado el 21 de octubre de 2022, el <strong>Chicago Sun-Times<\/strong> inform\u00f3 que hasta el 18 de octubre de ese a\u00f1o el <strong>Departamento de Polic\u00eda de Chicago<\/strong> ha recibido informes de 120 delitos de odio.<\/span><\/p>\n<p style=\"text-align: justify;\"><span style=\"font-size: 14pt;\">El 14 de mayo de 2022, <strong>Payton Gendron<\/strong>, un agresor blanco de 19 a\u00f1os, mat\u00f3 a diez afroamericanos e hiri\u00f3 a otros tres en una masacre racista en un supermercado en Buffalo, Nueva York. El asesino tambi\u00e9n grab\u00f3 en video el ataque para transmitirlo en vivo.<\/span><\/p>\n<p>&nbsp;<\/p>\n<figure id=\"attachment_2274609\" aria-describedby=\"caption-attachment-2274609\" style=\"width: 440px\" class=\"wp-caption aligncenter\"><a href=\"https:\/\/larepublica.pe\/mundo\/2022\/05\/16\/ee-uu-quien-es-payton-gendron-el-supremacista-de-18-anos-que-mato-a-10-personas-en-buffalo-y-lo-transmitio-en-vivo\" target=\"_blank\" rel=\"noopener\"><img loading=\"lazy\" decoding=\"async\" class=\"wp-image-2274609\" src=\"https:\/\/puntocritico.com\/ausajpuntocritico\/wp-content\/uploads\/2023\/05\/Gendron-300x176.jpg\" alt=\"\" width=\"440\" height=\"259\" data-id=\"2274609\" srcset=\"https:\/\/puntocritico.com\/ausajpuntocritico\/wp-content\/uploads\/2023\/05\/Gendron-300x176.jpg 300w, https:\/\/puntocritico.com\/ausajpuntocritico\/wp-content\/uploads\/2023\/05\/Gendron-610x358.jpg 610w, https:\/\/puntocritico.com\/ausajpuntocritico\/wp-content\/uploads\/2023\/05\/Gendron.jpg 640w\" sizes=\"auto, (max-width: 440px) 100vw, 440px\" \/><\/a><figcaption id=\"caption-attachment-2274609\" class=\"wp-caption-text\"><span style=\"color: #008000;\">Gendron qued\u00f3 detenido sin derecho a fianza, bajo los cargos de homicidio en primer grado, y comparecer\u00e1 por primera vez el martes por la ma\u00f1ana ante el juez. El autor del tiroteo en Buffalo, Nueva York, investig\u00f3 qu\u00e9 barrios ten\u00edan m\u00e1s poblaci\u00f3n afroamericana antes de perpetrar este crimen de odio. Foto: AFP<\/span><\/figcaption><\/figure>\n<p>&nbsp;<\/p>\n<p style=\"text-align: justify;\"><span style=\"font-size: 14pt;\">Seg\u00fan un informe publicado en febrero de 2023 por la <strong>Liga Antidifamaci\u00f3n<\/strong> con sede en Estados Unidos, l<strong>a cantidad de asesinatos en masa en Estados Unidos se dispar\u00f3 durante la \u00faltima d\u00e9cada, y todos los asesinatos extremistas identificados en 2022 estaban relacionados con el extremismo de derecha, con un especial alto n\u00famero vinculado a la supremac\u00eda blanca<\/strong>. \u00ab<em>No es una exageraci\u00f3n decir que vivimos en una era de asesinatos en masa cometidos por extremistas<\/em>\u00ab.<\/span><\/p>\n<p style=\"text-align: justify;\"><span style=\"font-size: 14pt;\"><strong>Delito de odio es particularmente rampante contra los estadounidenses de origen asi\u00e1tico<\/strong>. Un informe emitido por la organizaci\u00f3n sin fines de lucro <strong>Stop AAPI Hate (Detener el odio contra los asi\u00e1tico-americanos y los americanos de las islas del Pac\u00edfico)<\/strong> muestra que recibi\u00f3 informes de casi 11.500 incidentes de odio entre el 19 de marzo de 2020 y el 31 de marzo de 2022.<\/span><\/p>\n<p style=\"text-align: justify;\"><span style=\"font-size: 14pt;\">Una encuesta en l\u00ednea realizada por la firma de investigaci\u00f3n AAPI Data encontr\u00f3 que uno de cada seis estadounidenses de origen asi\u00e1tico en todo el pa\u00eds experiment\u00f3 violencia racial en 2021, inform\u00f3 el 22 de marzo de 2022 <strong>Los Angeles Times<\/strong>.<\/span><\/p>\n<p style=\"text-align: justify;\"><span style=\"font-size: 14pt;\"><strong>The New York Times<\/strong> inform\u00f3 el 14 de marzo de 2022 que un hombre de 28 a\u00f1os fue acusado de delitos de odio en relaci\u00f3n con una ola de ataques de dos horas de duraci\u00f3n contra siete mujeres de ascendencia asi\u00e1tica en Manhattan. <strong>Cuatro asi\u00e1tico-americanos residentes en Nueva York murieron en los \u00faltimos meses despu\u00e9s de ser atacados<\/strong>.<\/span><\/p>\n<p style=\"text-align: justify;\"><span style=\"font-size: 14pt;\">La <strong>CNN<\/strong> inform\u00f3 el 30 de noviembre de 2022 que en Yonkers <strong>un hombre golpe\u00f3 a una anciana asi\u00e1tica m\u00e1s de cien veces, le lanz\u00f3 insultos racistas, pisote\u00f3 su cuerpo repetidamente y la escupi\u00f3<\/strong>.<\/span><\/p>\n<p>&nbsp;<\/p>\n<figure id=\"attachment_2274610\" aria-describedby=\"caption-attachment-2274610\" style=\"width: 440px\" class=\"wp-caption aligncenter\"><a href=\"https:\/\/cnnespanol.cnn.com\/video\/ataque-anciana-asiatica-violencia-racismo-san-francisco-coronavirus-estados-unidos-pkg-original-digital\/\" target=\"_blank\" rel=\"noopener\"><img loading=\"lazy\" decoding=\"async\" class=\"wp-image-2274610\" src=\"https:\/\/puntocritico.com\/ausajpuntocritico\/wp-content\/uploads\/2023\/05\/210318173715-san-francisco-asian-woman-attacked-full-169-300x169.webp\" alt=\"\" width=\"440\" height=\"248\" data-id=\"2274610\" srcset=\"https:\/\/puntocritico.com\/ausajpuntocritico\/wp-content\/uploads\/2023\/05\/210318173715-san-francisco-asian-woman-attacked-full-169-300x169.webp 300w, https:\/\/puntocritico.com\/ausajpuntocritico\/wp-content\/uploads\/2023\/05\/210318173715-san-francisco-asian-woman-attacked-full-169-1024x576.webp 1024w, https:\/\/puntocritico.com\/ausajpuntocritico\/wp-content\/uploads\/2023\/05\/210318173715-san-francisco-asian-woman-attacked-full-169-768x432.webp 768w, https:\/\/puntocritico.com\/ausajpuntocritico\/wp-content\/uploads\/2023\/05\/210318173715-san-francisco-asian-woman-attacked-full-169-1536x864.webp 1536w, https:\/\/puntocritico.com\/ausajpuntocritico\/wp-content\/uploads\/2023\/05\/210318173715-san-francisco-asian-woman-attacked-full-169-610x343.webp 610w, https:\/\/puntocritico.com\/ausajpuntocritico\/wp-content\/uploads\/2023\/05\/210318173715-san-francisco-asian-woman-attacked-full-169-678x381.webp 678w, https:\/\/puntocritico.com\/ausajpuntocritico\/wp-content\/uploads\/2023\/05\/210318173715-san-francisco-asian-woman-attacked-full-169-1320x743.webp 1320w, https:\/\/puntocritico.com\/ausajpuntocritico\/wp-content\/uploads\/2023\/05\/210318173715-san-francisco-asian-woman-attacked-full-169.webp 1600w\" sizes=\"auto, (max-width: 440px) 100vw, 440px\" \/><\/a><figcaption id=\"caption-attachment-2274610\" class=\"wp-caption-text\"><span style=\"color: #008000;\">Una mujer asi\u00e1tica de 75 a\u00f1os fue golpeada en San Francisco. La polic\u00eda dice que su atacante tambi\u00e9n es responsable de otro ataque a un hombre asi\u00e1tico de 83 a\u00f1os. La mujer logr\u00f3 defenderse del agresor.<\/span><\/figcaption><\/figure>\n<p>&nbsp;<\/p>\n<p style=\"text-align: justify;\"><span style=\"font-size: 14pt;\"><strong>Houston Public Media<\/strong> inform\u00f3 sobre m\u00faltiples <strong>ataques contra personas de ascendencia asi\u00e1tica en San Francisco el 22 de agosto de 2022.<\/strong> Una de las v\u00edctimas, <strong>Amy Li<\/strong>, dijo que todav\u00eda ve al delincuente en su vecindario casi todos los d\u00edas. \u00ab<em>He denunciado este caso a la polic\u00eda y no he recibido ninguna respuesta&#8230; Todos los d\u00edas mi hijo y yo vivimos con miedo<\/em>\u00ab.<\/span><\/p>\n<p style=\"text-align: justify;\"><span style=\"font-size: 14pt;\"><strong>El 57 por ciento de los estadounidenses de origen asi\u00e1tico dice que a menudo o en algunas ocasiones se siente inseguro en p\u00fablico debido a su raza o etnia<\/strong>, el 81 por ciento del grupo est\u00e1 de acuerdo en que la violencia contra la comunidad estadounidense de origen asi\u00e1tico ha aumentado y el 73 por ciento considera que la violencia representa una amenaza mayor ahora en comparaci\u00f3n con los d\u00edas anteriores a la pandemia, seg\u00fan un informe publicado el 12 de abril de 2022 en la revista m\u00e9dica <strong>Health Affairs<\/strong>.<\/span><\/p>\n<p style=\"text-align: justify;\"><span style=\"font-size: 14pt;\">Seg\u00fan el testimonio de <strong>Erika Lee<\/strong>, profesora de Historia y Estudios Asi\u00e1tico-Americanos de la Universidad de Minnesota, especializada en discriminaci\u00f3n y violencia contra los asi\u00e1ticos estadounidenses, dijo ante una audiencia en el Congreso de Estados Unidos que \u00ab<em>por impactantes que sean estos incidentes, es vital comprender que no son actos aleatorios perpetrados por personas trastornadas. Son una expresi\u00f3n de la larga historia de racismo sist\u00e9mico y violencia racial de nuestro pa\u00eds contra los estadounidenses de origen asi\u00e1tico y de las islas del Pac\u00edfico<\/em>\u00ab.<\/span><\/p>\n<p style=\"text-align: justify;\"><span style=\"font-size: 14pt;\"><strong>La discriminaci\u00f3n racial est\u00e1 arraigada en la aplicaci\u00f3n de la ley y la justicia<\/strong>. Un informe final de la <strong>Convenci\u00f3n Internacional sobre la Eliminaci\u00f3n de Todas las Formas de Discriminaci\u00f3n Racial<\/strong> revel\u00f3 que a\u00fan persiste ampliamente en Estados Unidos que los funcionarios encargados de hacer cumplir la ley utilicen una violencia excesiva contra las personas de color y los grupos minoritarios sin ser castigados.<\/span><\/p>\n<p style=\"text-align: justify;\"><span style=\"font-size: 14pt;\">Las estad\u00edsticas del sitio web \u00ab<em><strong>Mapping Police Violence<\/strong><\/em>\u00bb muestran que<strong> en los asesinatos policiales entre 2013 y 2022 los estadounidenses negros tienen 2,78 veces m\u00e1s de probabilidades de ser asesinados por la polic\u00eda que los blancos<\/strong>. Adem\u00e1s, los estadounidenses negros desarmados tienen 1,3 veces m\u00e1s de probabilidades de ser asesinados por la polic\u00eda que sus pares blancos. <strong>En Boston, Minneapolis y Chicago los negros tienen 20 veces m\u00e1s de probabilidades de ser asesinados por la polic\u00eda que los blancos<\/strong>.<\/span><\/p>\n<p style=\"text-align: justify;\"><span style=\"font-size: 14pt;\">La <strong>Radio P\u00fablica Nacional<\/strong> inform\u00f3 el 27 de septiembre de 2022, citando un informe del <strong>Registro Nacional de Exoneraciones<\/strong>, que l<strong>os negros ocupan menos del 14 por ciento de la poblaci\u00f3n de Estados Unidos, pero representan el 53 por ciento de los condenados falsamente por un delito grave<\/strong> para cumplir al menos una parte de su sentencia. Los afroamericanos tienen siete veces m\u00e1s probabilidades de ser condenados injustamente por tres delitos importantes que los blancos, y los negros tienen 19 veces m\u00e1s de probabilidades de ser condenados injustamente por delitos de drogas, agreg\u00f3 la misma fuente.<\/span><\/p>\n<p style=\"text-align: justify;\"><span style=\"font-size: 14pt;\"><strong>El sistema de justicia penal impregnado de racismo<\/strong> \u00ab<em>est\u00e1 sirviendo cada vez m\u00e1s como una importante puerta de entrada a un sistema mucho m\u00e1s grande de estigmatizaci\u00f3n y marginaci\u00f3n a largo plazo<\/em>\u00ab, se\u00f1al\u00f3 el libro \u00ab<em>El aumento del encarcelamiento en Estados Unidos: Explorando causas y consecuencias<\/em>\u00ab, publicado por <strong>National<\/strong> <strong>Academies<\/strong> <strong>Press<\/strong>.<\/span><\/p>\n<p style=\"text-align: justify;\"><span style=\"font-size: 14pt;\"><strong>Se viene ampliando la brecha de riqueza racial<\/strong>. Los trabajadores de color se han visto obligados a \u00ab<em>lavar ropa sucia<\/em>\u00bb desde hace mucho tiempo debido a las barreras racistas que afrontan en el trabajo.<\/span><\/p>\n<p style=\"text-align: justify;\"><span style=\"font-size: 14pt;\">La <strong>CNN<\/strong> inform\u00f3 el 30 de agosto de 2022 que dos tercios de los afroamericanos considera que el creciente enfoque en la raza y la desigualdad racial en Estados Unidos no ha llevado a cambios favorables para el mejoramiento de la vida de los negros.<\/span><\/p>\n<p style=\"text-align: justify;\"><span style=\"font-size: 14pt;\">Un estudio reciente, coeditado por investigadores de las <strong>universidades de Princeton y de Bonn<\/strong>, encontr\u00f3 que <strong>la brecha de riqueza racial es la mayor de las disparidades econ\u00f3micas entre los estadounidenses negros y blancos, con una proporci\u00f3n de riqueza per c\u00e1pita de blancos a negros de 6 a 1<\/strong>. Despu\u00e9s de la abolici\u00f3n de la esclavitud, la convergencia de la riqueza racial entre negros y blancos sigui\u00f3 un camino a\u00fan m\u00e1s lento y luego se estanc\u00f3 en la d\u00e9cada de 1950. Desde la d\u00e9cada de 1980, la brecha de riqueza se ha ampliado nuevamente, ya que<strong> las ganancias de capital han beneficiado predominantemente a los blancos<\/strong>.<\/span><\/p>\n<p style=\"text-align: justify;\"><span style=\"font-size: 14pt;\"><strong>En 2021, el 19,5 por ciento de los negros en Estados Unidos vive por debajo del umbral de la pobreza, en comparaci\u00f3n con el 8,2 por ciento de los blancos<\/strong>, indica el proveedor de estad\u00edsticas Statista en un informe del 30 de septiembre de 2022. M\u00e1s de la mitad de las familias negras y latinas y m\u00e1s de dos tercios de los nativos americanos informan que los recientes aumentos de precios impulsados por la inflaci\u00f3n les causaron serios problemas financieros, citando una encuesta nacional publicada conjuntamente el 8 de agosto de 2022 por <strong>NPR<\/strong>, la <strong>Fundaci\u00f3n Robert Wood Johnson <\/strong>y<strong> Harvard T.H. Chan School of Public Health<\/strong>. El impacto de la inflaci\u00f3n en los estadounidenses negros es \u00ab<em>extremadamente devastador<\/em>\u00ab, dijo el profesor <strong>William Darity Jr.<\/strong> de la Universidad de Duke. \u00ab<em>La gente tendr\u00e1 que tomar decisiones muy muy dif\u00edciles sobre si comprar o no medicamentos o comprar alimentos o renunciar al pago de sus servicios p\u00fablicos<\/em>\u00ab.<\/span><\/p>\n<p style=\"text-align: justify;\"><span style=\"font-size: 14pt;\"><strong>Se registra la discriminaci\u00f3n en las pol\u00edticas de vivienda<\/strong>. El <strong>Comit\u00e9 para la Eliminaci\u00f3n de la Discriminaci\u00f3n Racial de la ONU<\/strong> informa en sus observaciones finales que <strong>existe un alto grado de segregaci\u00f3n racial residencial<\/strong>, una pol\u00edtica persistente y una discriminaci\u00f3n legal en el acceso a la vivienda por motivos de raza, color y origen nacional o \u00e9tnico.<\/span><\/p>\n<p style=\"text-align: justify;\"><span style=\"font-size: 14pt;\"><strong>La brecha entre las tasas de propiedad de vivienda de blancos y negros en Estados Unidos es la m\u00e1s amplia en 120 a\u00f1os, seg\u00fan un informe de la BBC<\/strong> del 10 de julio de 2022. Alrededor del 19,4 por ciento de los solicitantes negros obtuvo una negativa para una hipoteca en 2021, en comparaci\u00f3n con el 10,8 por ciento de los solicitantes blancos, seg\u00fan la firma inmobiliaria <strong>Zillow<\/strong>.<\/span><\/p>\n<p style=\"text-align: justify;\"><span style=\"font-size: 14pt;\">Para muchos propietarios negros, las tasas de inter\u00e9s son a menudo m\u00e1s altas que los blancos, independientemente de sus ingresos, inform\u00f3 <strong>The Hill<\/strong> el 28 de agosto de 2022 citando un estudio de la <strong>Universidad de Harvard de 2021<\/strong>. Solo el 45.3 por ciento de las familias negras y el 48.3 por ciento de las hispanas son due\u00f1os de sus casas durante el segundo trimestre de 2022, en comparaci\u00f3n con el 74,6 por ciento de los blancos, agreg\u00f3 la misma fuente.<\/span><\/p>\n<p style=\"text-align: justify;\"><span style=\"font-size: 14pt;\"><strong>Existe una grave desigualdad racial en los servicios de salud<\/strong>. El <strong>Comit\u00e9 para la Eliminaci\u00f3n de la Discriminaci\u00f3n Racial de la ONU<\/strong> dice en sus observaciones finales que l<strong>as minor\u00edas raciales y \u00e9tnicas se ven afectadas de manera desproporcionada por tasas m\u00e1s altas de mortalidad y morbilidad materna<\/strong>. Las disparidades \u00e9tnicas y raciales en la tasa de mortalidad materna aumentaron significativamente, especialmente para las mujeres negras no hispanas en 2020, llegando a 2,9 veces la de las mujeres blancas no hispanas, seg\u00fan un informe publicado el 23 de febrero de 2022 por el <strong>Centro Nacional de Estad\u00edsticas de Salud<\/strong>.<\/span><\/p>\n<p style=\"text-align: justify;\"><span style=\"font-size: 14pt;\"><strong>Las disparidades raciales y \u00e9tnicas persisten en el tratamiento ambulatorio de COVID-19 entre pacientes negros, hispanos y nativos americanos<\/strong>, seg\u00fan el informe de los <strong>Centros para el Control y la Prevenci\u00f3n de Enfermedades (CDC, siglas en ingl\u00e9s)<\/strong> de Estados Unidos publicado el 28 de octubre de 2022. La pandemia de COVID-19 ha causado un impacto desproporcionado en los grupos minoritarios raciales y \u00e9tnicos, seg\u00fan los CDC.<\/span><\/p>\n<p style=\"text-align: justify;\"><span style=\"font-size: 14pt;\"><strong>Los servicios de salud inequitativos afectan el derecho a la vida de los pacientes pertenecientes a minor\u00edas<\/strong>. <strong>Las poblaciones hispanas en California perdieron 5,7 a\u00f1os de esperanza de vida entre 2019 y 2021<\/strong>. <strong>Las poblaciones negras perdieron 3,8 a\u00f1os y las poblaciones asi\u00e1ticas perdieron tres a\u00f1os, mientras que las poblaciones blancas perdieron 1,9 a\u00f1os<\/strong>, seg\u00fan un estudio de la <strong>Escuela de Asuntos P\u00fablicos e Internacionales de Princeton<\/strong> publicado el 7 de julio de 2022.<\/span><\/p>\n<p>&nbsp;<\/p>\n<blockquote>\n<p style=\"text-align: center;\"><span style=\"font-size: 14pt; color: #008000;\"><strong>Las poblaciones hispanas en California perdieron 5,7 a\u00f1os de esperanza de vida entre 2019 y 2021<\/strong>. <strong>Las poblaciones negras perdieron 3,8 a\u00f1os y las poblaciones asi\u00e1ticas perdieron tres a\u00f1os, mientras que las poblaciones blancas perdieron 1,9 a\u00f1os<\/strong><\/span><\/p>\n<\/blockquote>\n<p>&nbsp;<\/p>\n<p style=\"text-align: justify;\"><span style=\"font-size: 14pt;\"><strong>Los indios americanos no han visto aliviada su miseria<\/strong>. \u00ab<em>La primera ra\u00edz de Estado Unidos fue el genocidio colonial de sus pueblos ind\u00edgenas. Esta ra\u00edz sigue siendo un pilar fundamental de la sociedad estadounidense y se penetra en su cultura<\/em>\u00ab. El <strong>Departamento del Interior de Estados Unidos<\/strong> public\u00f3 la primera parte de la <em>\u00abIniciativa federal de internados ind\u00edgenas<\/em>\u00bb el 11 de mayo de 2022, en la cual admite los esfuerzos anteriores del gobierno federal para <strong>asimilar a los ni\u00f1os nativos americanos en la sociedad blanca de Estados Unidos separ\u00e1ndolos de sus familias y despoj\u00e1ndolos de sus idiomas y culturas<\/strong>.<\/span><\/p>\n<p style=\"text-align: justify;\"><span style=\"font-size: 14pt;\">El documento se\u00f1ala que desde 1819 hasta 1969 hubo 408 escuelas federales en 37 estados. Los ni\u00f1os y adolescentes en estas escuelas estaban sujetos a metodolog\u00edas sistem\u00e1ticas de orden militar y de alteraci\u00f3n de identidad por parte del gobierno federal, que inclu\u00edan llevar nombres en ingl\u00e9s, cortes de cabello y la prohibici\u00f3n de usar sus idiomas nativos y ejercer sus religiones. La investigaci\u00f3n inicial encontr\u00f3 que <strong>19 internados fueron responsables de la muerte de m\u00e1s de 500 ni\u00f1os indios americanos, nativos de Alaska y de Haw\u00e1i<\/strong>. Se espera que el n\u00famero de muertes registradas aumente a <em><strong>decenas de miles<\/strong><\/em> a medida que avanza la investigaci\u00f3n.<\/span><\/p>\n<p style=\"text-align: justify;\"><span style=\"font-size: 14pt;\"><strong>Es un genocidio,<\/strong> dijo <strong>Marsha Small<\/strong>, investigadora de los <em>cheyenes del norte<\/em>.<\/span><\/p>\n<p style=\"text-align: justify;\"><span style=\"font-size: 14pt;\"><strong>Donald Neconie<\/strong>, un anciano tribal nativo americano que fue estudiante en un internado indio apadrinado por el gobierno, testific\u00f3 sobre los sufrimientos que experiment\u00f3, entre ellos palizas, azotes, agresiones sexuales, cortes de pelo forzados y apodos dolorosos. <strong>Neconie<\/strong> record\u00f3 que lo golpeaban si hablaba su idioma nativo, el <em>kiowa<\/em>.<\/span><\/p>\n<p>&nbsp;<\/p>\n<figure id=\"attachment_2255289\" aria-describedby=\"caption-attachment-2255289\" style=\"width: 440px\" class=\"wp-caption aligncenter\"><a href=\"https:\/\/puntocritico.com\/ausajpuntocritico\/2022\/08\/29\/como-mueren-las-democracias\/\"><img loading=\"lazy\" decoding=\"async\" class=\"wp-image-2255289\" src=\"https:\/\/puntocritico.com\/ausajpuntocritico\/wp-content\/uploads\/2022\/08\/Monks-Mound-300x239.webp\" alt=\"\" width=\"440\" height=\"350\" data-id=\"2255289\" srcset=\"https:\/\/puntocritico.com\/ausajpuntocritico\/wp-content\/uploads\/2022\/08\/Monks-Mound-300x239.webp 300w, https:\/\/puntocritico.com\/ausajpuntocritico\/wp-content\/uploads\/2022\/08\/Monks-Mound-1024x815.webp 1024w, https:\/\/puntocritico.com\/ausajpuntocritico\/wp-content\/uploads\/2022\/08\/Monks-Mound-768x611.webp 768w, https:\/\/puntocritico.com\/ausajpuntocritico\/wp-content\/uploads\/2022\/08\/Monks-Mound-610x485.webp 610w, https:\/\/puntocritico.com\/ausajpuntocritico\/wp-content\/uploads\/2022\/08\/Monks-Mound-1320x1050.webp 1320w, https:\/\/puntocritico.com\/ausajpuntocritico\/wp-content\/uploads\/2022\/08\/Monks-Mound.webp 1366w\" sizes=\"auto, (max-width: 440px) 100vw, 440px\" \/><\/a><figcaption id=\"caption-attachment-2255289\" class=\"wp-caption-text\"><span style=\"color: #008000;\">Los visitantes contemplan Monks Mound, los \u00faltimos restos de una construcci\u00f3n prehist\u00f3rica en el \u00abNuevo Mundo\u00bb. James A Finley<\/span><\/figcaption><\/figure>\n<p>&nbsp;<\/p>\n<p style=\"text-align: justify;\"><span style=\"font-size: 14pt;\">\u00ab<em>Cada vez que intentaba hablar en kiowa me met\u00edan lej\u00eda en la boca (&#8230;) Fueron 12 a\u00f1os de infierno (&#8230;) Nunca, nunca perdonar\u00e9 a esta escuela por lo que me hicieron<\/em>\u00ab, dijo.<\/span><\/p>\n<p style=\"text-align: justify;\"><span style=\"font-size: 14pt;\">Un informe de los <strong>CDC<\/strong> de Estados Unidos demuestra que <strong>las muertes maternas de las ind\u00edgenas americanas y nativas de Alaska son m\u00e1s del doble de las blancas, por causas relacionadas con el embarazo, pero a menudo se subestiman en los datos de salud debido a una clasificaci\u00f3n err\u00f3nea<\/strong>, report\u00f3 el 19 de septiembre de 2022 el diario <strong>USA Today<\/strong>. Seg\u00fan el an\u00e1lisis, m\u00e1s del 90 por ciento de las muertes de madres ind\u00edgenas eran prevenibles. \u00ab<em>Tanto en los afroamericanos como en los nativos americanos, vemos esta hist\u00f3rica y desafortunada disparidad constante en los resultados\u00bb<\/em>, dijo la <strong>Dra<\/strong>. <strong>Andrea Jackson<\/strong>, jefa de divisi\u00f3n de obstetricia y ginecolog\u00eda de la <strong>Universidad de California en San Francisco<\/strong>.<\/span><\/p>\n<p>&nbsp;<\/p>\n<h3 style=\"text-align: center;\"><span style=\"font-size: 18pt;\"><strong>IV. La pauperizada crisis de supervivencia de la clase baja<\/strong><\/span><\/h3>\n<p style=\"text-align: justify;\"><span style=\"font-size: 14pt;\">Estados Unidos vive una ampliaci\u00f3n de la brecha de riqueza, un empeoramiento de las condiciones de vida de los grupos de bajos ingresos, un aumento de personas sin hogar, un abuso de drogas que amenaza la vida, y una disminuci\u00f3n de la esperanza de vida promedio. <strong>La clase baja estadounidense se enfrenta a una grave crisis de supervivencia<\/strong>.<\/span><\/p>\n<p style=\"text-align: justify;\"><span style=\"font-size: 14pt;\"><strong>La brecha de riqueza se ha ampliado a\u00fan m\u00e1s. Estados Unidos es una sociedad pobre con muchos s\u00faperricos<\/strong>. A trav\u00e9s de un an\u00e1lisis profundo de la sociedad estadounidense, el libro \u00ab<em>Sociedad de nueva clase: \u00bfAdi\u00f3s al sue\u00f1o americano?<\/em>\u00bb expone la amplia desigualdad en clase, g\u00e9nero y raza en Estados Unidos.<\/span><\/p>\n<p style=\"text-align: justify;\"><span style=\"font-size: 14pt;\">En coautor\u00eda con <strong>Earl Wysong<\/strong>, profesor de sociolog\u00eda en la <strong>Universidad de Indiana Kokomo, Robert Perrucci<\/strong>, profesor de sociolog\u00eda en la <strong>Universidad Purdue<\/strong>, y <strong>David Wright,<\/strong> profesor de sociolog\u00eda en la<strong> Universidad Estatal de Wichita<\/strong>, la cuarta edici\u00f3n de este libro evidencia que <strong>una nueva estructura social polarizada en forma de doble diamante muestra los privilegiados del 20 por ciento de la poblaci\u00f3n que son ricos y que han surgido nuevas clases trabajadoras que representan el 80 por ciento de la poblaci\u00f3n que es cada vez m\u00e1s pobre e inestable<\/strong>.<\/span><\/p>\n<p style=\"text-align: justify;\"><span style=\"font-size: 14pt;\">Seg\u00fan los datos publicados por <strong>Statista<\/strong>, el 30 de septiembre de 2022, el <a href=\"https:\/\/es.wikipedia.org\/wiki\/Coeficiente_de_Gini\" target=\"_blank\" rel=\"noopener\"><em>coeficiente de Gini<\/em><\/a> en Estados Unidos lleg\u00f3 a un r\u00e9cord de 0,49 en 2021, y la <strong>tasa de pobreza<\/strong> aument\u00f3 por segundo a\u00f1o consecutivo con <strong>37,9 millones de personas en situaci\u00f3n de pobreza<\/strong>.<\/span><\/p>\n<p>&nbsp;<\/p>\n<p><a href=\"https:\/\/puntocritico.com\/ausajpuntocritico\/2022\/08\/29\/como-mueren-las-democracias\/\"><img loading=\"lazy\" decoding=\"async\" class=\"aligncenter wp-image-2255482\" src=\"https:\/\/puntocritico.com\/ausajpuntocritico\/wp-content\/uploads\/2022\/08\/No-Future-PPAL-300x202.jpg\" alt=\"\" width=\"440\" height=\"296\" data-id=\"2255482\" srcset=\"https:\/\/puntocritico.com\/ausajpuntocritico\/wp-content\/uploads\/2022\/08\/No-Future-PPAL-300x202.jpg 300w, https:\/\/puntocritico.com\/ausajpuntocritico\/wp-content\/uploads\/2022\/08\/No-Future-PPAL-610x411.jpg 610w, https:\/\/puntocritico.com\/ausajpuntocritico\/wp-content\/uploads\/2022\/08\/No-Future-PPAL.jpg 671w\" sizes=\"auto, (max-width: 440px) 100vw, 440px\" \/><\/a><\/p>\n<p>&nbsp;<\/p>\n<p style=\"text-align: justify;\"><span style=\"font-size: 14pt;\">Seg\u00fan las estad\u00edsticas de la <strong>Reserva Federal de Estados Unidos<\/strong>, la riqueza total del 1 por ciento de la poblaci\u00f3n del pa\u00eds alcanz\u00f3 un r\u00e9cord de 45,9 billones de d\u00f3lares estadounidenses a fines del cuarto trimestre de 2021 y su riqueza registr\u00f3 un aumento de m\u00e1s de 12 billones de d\u00f3lares, o m\u00e1s de un tercio, durante la pandemia la de COVID-19. <strong>De los aproximadamente 1,7 billones de d\u00f3lares en exceso de ahorro que ten\u00edan los hogares estadounidenses a mediados de 2022, la mitad superior dispon\u00eda de alrededor de 1,35 billones de d\u00f3lares, mientras que la mitad inferior solo contaba con 350.000 millones de d\u00f3lares<\/strong>.<\/span><\/p>\n<p style=\"text-align: justify;\"><span style=\"font-size: 14pt;\"><strong>La inflaci\u00f3n sigue golpeando a los hogares de bajos ingresos.<\/strong> Aunque los ahorros de los residentes de Estados Unidos se han agotado, las necesidades como la reparaci\u00f3n de autom\u00f3viles, los alimentos y la vivienda se vuelven mucho m\u00e1s caras, inform\u00f3 el 25 de noviembre de 2022 <strong>The New York Times<\/strong>. Mientras tanto, los precios aumentaron un 7,7 por ciento en ese a\u00f1o hasta octubre, teniendo el mayor impacto negativo en los grupos de bajos ingresos.<\/span><\/p>\n<p style=\"text-align: justify;\"><span style=\"font-size: 14pt;\"><strong>Lael Brainard<\/strong>, <strong>g<em><strong>obernadora<\/strong> de la Reserva Federal<\/em><\/strong>, dijo que los hogares de bajos ingresos gastan el 77 por ciento de sus ingresos en necesidades, en comparaci\u00f3n con solo el 31 por ciento de los hogares de mayores ingresos.<\/span><\/p>\n<p style=\"text-align: justify;\"><span style=\"font-size: 14pt;\">El an\u00e1lisis publicado por las <strong>Asociaciones Nacionales de Directores de Asistencia Energ\u00e9tica<\/strong> el 12 de abril de 2022 muestra que para las familias de ingresos bajos y moderados, que constituyen el 40 por ciento de los hogares en la sociedad estadounidense, <strong>el fuerte aumento en los precios de la energ\u00eda obligar\u00eda a muchos a no poder adquirir bienes y servicios b\u00e1sicos<\/strong>.<\/span><\/p>\n<p style=\"text-align: justify;\"><span style=\"font-size: 14pt;\"><strong>La cantidad de personas sin hogar ha aumentado dram\u00e1ticamente<\/strong>. Seg\u00fan el \u00ab<em>Informe anual de evaluaci\u00f3n de personas sin hogar de 2022<\/em>\u00bb publicado por el <strong>Departamento de Vivienda y Desarrollo Urbano<\/strong> de Estados Unidos, m\u00e1s de 580.000 estadounidenses se quedaron sin hogar por una noche en 2022, y el 40 por ciento de ellos no ten\u00eda refugio y se alojaba en un lugar inadecuado para vivir.<\/span><\/p>\n<p>&nbsp;<\/p>\n<figure id=\"attachment_2274615\" aria-describedby=\"caption-attachment-2274615\" style=\"width: 440px\" class=\"wp-caption aligncenter\"><a href=\"https:\/\/www.latimes.com\/espanol\/eeuu\/articulo\/2019-08-03\/california-cuenta-con-la-mayoria-de-personas-sin-hogar-en-el-pais-pero-l-a-sigue-siendo-un-modelo-nacional\" target=\"_blank\" rel=\"noopener\"><img loading=\"lazy\" decoding=\"async\" class=\"wp-image-2274615\" src=\"https:\/\/puntocritico.com\/ausajpuntocritico\/wp-content\/uploads\/2023\/05\/Sin-hogar-california-300x169.webp\" alt=\"\" width=\"440\" height=\"248\" data-id=\"2274615\" srcset=\"https:\/\/puntocritico.com\/ausajpuntocritico\/wp-content\/uploads\/2023\/05\/Sin-hogar-california-300x169.webp 300w, https:\/\/puntocritico.com\/ausajpuntocritico\/wp-content\/uploads\/2023\/05\/Sin-hogar-california-1024x576.webp 1024w, https:\/\/puntocritico.com\/ausajpuntocritico\/wp-content\/uploads\/2023\/05\/Sin-hogar-california-768x432.webp 768w, https:\/\/puntocritico.com\/ausajpuntocritico\/wp-content\/uploads\/2023\/05\/Sin-hogar-california-610x343.webp 610w, https:\/\/puntocritico.com\/ausajpuntocritico\/wp-content\/uploads\/2023\/05\/Sin-hogar-california-678x381.webp 678w, https:\/\/puntocritico.com\/ausajpuntocritico\/wp-content\/uploads\/2023\/05\/Sin-hogar-california.webp 1200w\" sizes=\"auto, (max-width: 440px) 100vw, 440px\" \/><\/a><figcaption id=\"caption-attachment-2274615\" class=\"wp-caption-text\"><span style=\"color: #008000;\">California tiene la cifra m\u00e1s alta de personas sin hogar en el pa\u00eds. Pero L.A sigue siendo un modelo nacional<\/span><\/figcaption><\/figure>\n<p>&nbsp;<\/p>\n<p style=\"text-align: justify;\"><span style=\"font-size: 14pt;\"><strong>Durante los \u00faltimos tres a\u00f1os, la cantidad de personas sin un lugar estable aument\u00f3 al menos de 22.500 a 173.800 personas en California<\/strong>. Sin embargo, el estado solamente ofreci\u00f3 alrededor de 5.000 camas para personas sin hogar, frente a unas 16.000 brindadas en agosto de 2020, seg\u00fan el<strong> Departamento de Servicios Sociales<\/strong> del estado.<\/span><\/p>\n<p style=\"text-align: justify;\"><span style=\"font-size: 14pt;\">El diario <strong>Los Angeles Times<\/strong> inform\u00f3 el 21 de diciembre de 2022 que la cantidad de personas sin hogar en <strong>Long Beach<\/strong>, California, aument\u00f3 dr\u00e1sticamente un 62 por ciento en comparaci\u00f3n con 2020, incluidas 1.282 personas con discapacidades.<\/span><\/p>\n<p style=\"text-align: justify;\"><span style=\"font-size: 14pt;\">Seg\u00fan una investigaci\u00f3n publicada en <strong>California Law Review<\/strong> por <strong>Sara K. Rankin<\/strong>, profesora de la <strong>Facultad de Derecho de la Universidad de Seattle<\/strong> y fundadora y directora del <strong>Proyecto de defensa de los derechos de las personas sin hogar<\/strong>, las personas sin casa en Estados Unidos suelen ser los \u00ab<em>grupos marginados que incluyen los discapacitados, los negros, los inmigrantes, los refugiados y las minor\u00edas sexuales<\/em>\u00ab, que son objeto de persecuci\u00f3n, detenci\u00f3n, encarcelamiento o segregaci\u00f3n, representando una discriminaci\u00f3n sist\u00e9mica en Estados Unidos.<\/span><\/p>\n<p>&nbsp;<\/p>\n<blockquote>\n<p style=\"text-align: center;\"><strong><span style=\"font-size: 14pt; color: #008000;\">las personas sin casa en Estados Unidos suelen ser los \u00ab<em>grupos marginados que incluyen los discapacitados, los negros, los inmigrantes, los refugiados y las minor\u00edas sexuales<\/em>\u00ab, que son objeto de persecuci\u00f3n, detenci\u00f3n, encarcelamiento o segregaci\u00f3n, representando una discriminaci\u00f3n sist\u00e9mica en Estados Unidos<\/span><\/strong><\/p>\n<\/blockquote>\n<p>&nbsp;<\/p>\n<p style=\"text-align: justify;\"><span style=\"font-size: 14pt;\"><strong>La esperanza de vida ha disminuido significativamente<\/strong>. Un informe publicado por el <strong>Centro Nacional de Estad\u00edsticas de Salud de los CDC<\/strong> en agosto de 2022 muestra que <strong>la esperanza de vida en el pa\u00eds norteamericano disminuy\u00f3 2,7 a\u00f1os entre 2019 y 2021 a 76,1 a\u00f1os, la m\u00e1s baja desde 1996<\/strong>. Los nativos americanos no hispanos y nativos de Alaska experimentaron el mayor declive: 6,6 a\u00f1os.<\/span><\/p>\n<p style=\"text-align: justify;\"><span style=\"font-size: 14pt;\"><strong>Las disminuciones dram\u00e1ticas en la esperanza de vida son infrecuentes en tiempos de paz<\/strong>. Los datos publicados por <strong>CDC<\/strong> muestran que, al 29 de diciembre de 2022, Estados Unidos report\u00f3 m\u00e1s de 1,08 millones de muertes por la COVID-19, incluidas m\u00e1s de 260.000 en 2022. Si bien los pol\u00edticos de Estados Unidos no dicen nada sobre la esperanza de vida, la misma es probablemente el indicador m\u00e1s importante para evaluar qu\u00e9 buena es la vida en un pa\u00eds e incluso, hasta cierto punto, qu\u00e9 poderoso es un pa\u00eds, inform\u00f3 el peri\u00f3dico alem\u00e1n <strong>Die Welt<\/strong> el 15 de enero de 2023.<\/span><\/p>\n<p style=\"text-align: justify;\"><span style=\"font-size: 14pt;\"><strong>Adem\u00e1s de la pandemia de COVID-19, las causas de la dram\u00e1tica disminuci\u00f3n de la esperanza de vida en Estados Unidos incluyen el abuso de drogas, la violencia armada y otros factores<\/strong>. Seg\u00fan un estudio conjunto publicado en el <strong>British Medical Journal<\/strong> por acad\u00e9micos de la <strong>Virginia Commonwealth University<\/strong>, la <strong>Universidad de Colorado Boulder<\/strong> y el <strong>Urban Institute<\/strong>, <strong>el deterioro de la situaci\u00f3n de salud, las altas tasas de mortalidad y la continua injusticia contra las minor\u00edas en Estados Unidos son en gran parte el producto de las pol\u00edticas inadecuadas en el largo plazo y el racismo sist\u00e9mico<\/strong>. La mortalidad masiva por la COVID-19 refleja no solo la inconveniencia de las decisiones pol\u00edticas en respuesta a la pandemia, sino tambi\u00e9n el deterioro de la situaci\u00f3n de salud durante las \u00faltimas d\u00e9cadas.<\/span><\/p>\n<p>&nbsp;<\/p>\n<blockquote>\n<p style=\"text-align: center;\"><span style=\"font-size: 14pt; color: #008000;\"><strong>el deterioro de la situaci\u00f3n de salud, las altas tasas de mortalidad y la continua injusticia contra las minor\u00edas en Estados Unidos son en gran parte el producto de las pol\u00edticas inadecuadas en el largo plazo y el racismo sist\u00e9mico<\/strong><\/span><\/p>\n<\/blockquote>\n<p>&nbsp;<\/p>\n<p style=\"text-align: justify;\"><span style=\"font-size: 14pt;\"><strong>El Gobierno de Estados Unidos promueve activamente la legalizaci\u00f3n de la marihuana sin importar la salud de las personas<\/strong>. La <strong>marihuana<\/strong> es una droga narc\u00f3tica controlada por las convenciones internacionales de control de drogas de la ONU.<\/span><\/p>\n<p style=\"text-align: justify;\"><span style=\"font-size: 14pt;\">En la d\u00e9cada de 1970, Estados Unidos promulg\u00f3 la <strong>Ley de Sustancias Controladas (CSA)<\/strong>, que clasific\u00f3 a la <strong>marihuana<\/strong> como una <strong>sustancia controlada por el Gobierno federal<\/strong>. Los Gobiernos federal y estatales no lograron regular las drogas y el abuso de ellas e <strong>incluso impulsaron la legalizaci\u00f3n de la marihuana bajo el cabildeo de grupos de inter\u00e9s<\/strong>, convirtiendo a m\u00e1s j\u00f3venes en v\u00edctimas.<\/span><\/p>\n<p style=\"text-align: justify;\"><span style=\"font-size: 14pt;\">En su libro \u00ab<em>\u00bfPuede triunfar la yerba legal? Las crudas realidades de la econom\u00eda del cannabis<\/em>\u00bb publicado en 2022, <strong>Robin Goldstein<\/strong> y <strong>Daniel Sumner<\/strong>, investigadores de la <strong>Universidad de California<\/strong>, subrayan que <strong>uno de los sue\u00f1os imposibles detr\u00e1s del impulso a la legalizaci\u00f3n es la intenci\u00f3n de hacer del cannabis legal una nueva fuente de ingresos para el Gobierno a trav\u00e9s de los impuestos<\/strong>.<\/span><\/p>\n<p style=\"text-align: justify;\"><span style=\"font-size: 14pt;\"><strong>Las ventas de marihuana en Estados Unidos han superado los 30.000 millones de d\u00f3lares hasta el momento, y se espera que alcance los 65.000 millones de d\u00f3lares para 2030<\/strong>. Seg\u00fan los datos publicados por <strong>Open Secrets<\/strong>, <strong>de 2018 a 2021 algunas empresas y asociaciones comerciales relacionadas con la marihuana y sus productos en Estados Unidos gastaron m\u00e1s de 16,6 millones de d\u00f3lares en cabildeo pol\u00edtico, cuyo promedio anual representa diez veces de la de 2016<\/strong>. Durante los tres primeros trimestres de 2022 gastaron m\u00e1s de 5,6 millones de d\u00f3lares en cabildeo. Empresas, organizaciones y pol\u00edticos relacionados con la marihuana forman grupos de inter\u00e9s, lo que permite que las drogas y el abuso de estas sustancias se vuelvan cada vez m\u00e1s grave, reflejando el fracaso de la gobernanza social del Gobierno estadounidense.<\/span><\/p>\n<p>&nbsp;<\/p>\n<blockquote>\n<p style=\"text-align: center;\"><span style=\"color: #008000;\"><strong><span style=\"font-size: 14pt;\">de 2018 a 2021 algunas empresas y asociaciones comerciales relacionadas con la marihuana y sus productos en Estados Unidos gastaron m\u00e1s de 16,6 millones de d\u00f3lares en cabildeo pol\u00edtico, cuyo promedio anual representa diez veces de la de 2016<\/span><\/strong><\/span><\/p>\n<\/blockquote>\n<p>&nbsp;<\/p>\n<p style=\"text-align: justify;\"><span style=\"font-size: 14pt;\"><strong>Las drogas y el abuso de estas sustancias ponen en peligro la vida y la salud<\/strong>. Seg\u00fan una encuesta publicada por la <strong>Administraci\u00f3n de Servicios de Salud Mental y Abuso de Sustancias<\/strong> de Estados Unidos, 59,3 millones de estadounidenses mayores de 12 a\u00f1os de edad abusaron de drogas en 2020, de los cuales 49,6 millones fumaron <strong>marihuana<\/strong>.<\/span><\/p>\n<p style=\"text-align: justify;\"><span style=\"font-size: 14pt;\">Seg\u00fan informaci\u00f3n p\u00fablica de los <strong>CDC<\/strong>, <strong>casi el 40 por ciento de los estudiantes de secundaria estadounidenses usan marihuana durante mucho tiempo<\/strong>. Seg\u00fan un informe publicado por los <strong>Institutos Nacionales de Salud<\/strong> de Estados Unidos en agosto de 2022, el 43 por ciento de los j\u00f3venes estadounidenses fum\u00f3 marihuana dentro de un a\u00f1o, el 8 por ciento consumi\u00f3 alucin\u00f3genos y el 11 por ciento fuma marihuana todos los d\u00edas, <strong>el nivel m\u00e1s alto de la historia<\/strong>.<\/span><\/p>\n<p style=\"text-align: justify;\"><span style=\"font-size: 14pt;\">Seg\u00fan un estudio publicado el 4 de agosto de 2022 por el <strong>Instituto de Estudios de Pol\u00edticas de Manhattan<\/strong>, la cantidad de estadounidenses que mueren a causa de las drogas y el abuso de estas sustancias ha aumentado dr\u00e1sticamente en los \u00faltimos a\u00f1os, en m\u00e1s de 100.000 por a\u00f1o.<\/span><\/p>\n<p style=\"text-align: justify;\"><span style=\"font-size: 14pt;\"><strong>M\u00e1s de 107.000 casos de muerte por sobredosis de drogas ocurrieron en el per\u00edodo de 12 meses que termin\u00f3 en agosto de 2022, seg\u00fan datos de CDC<\/strong> de Estados Unidos. <strong>Marta Sokolowska<\/strong>, directora adjunta del <strong>Centro de Uso de Sustancias y Salud Conductual del Centro de Evaluaci\u00f3n e Investigaci\u00f3n de Medicamentos de la FDA<\/strong> en Estados Unidos, se\u00f1ala que <strong>el abuso de drogas se ha convertido en una de las crisis de salud p\u00fablica m\u00e1s devastadoras en esa naci\u00f3n<\/strong>.<\/span><\/p>\n<p>&nbsp;<\/p>\n<blockquote>\n<p style=\"text-align: center;\"><span style=\"font-size: 14pt; color: #008000;\"><strong>el abuso de drogas se ha convertido en una de las crisis de salud p\u00fablica m\u00e1s devastadoras en esa naci\u00f3n<\/strong><\/span><\/p>\n<\/blockquote>\n<p>&nbsp;<\/p>\n<p style=\"text-align: justify;\"><span style=\"font-size: 14pt;\"><strong>La ausencia de gobernanza pone en peligro los derechos ambientales<\/strong>. La <strong>American Broadcasting Company (ABC)<\/strong> inform\u00f3 el 21 de junio de 2022 que en Luisiana, una gran cantidad de desechos industriales ha causado muchos \u00ab<em>callejones de c\u00e1ncer<\/em>\u00bb a lo largo del <em>r\u00edo Mississippi<\/em>, <strong>elevando el riesgo de c\u00e1ncer con un 95 por ciento m\u00e1s alto que el resto del pa\u00eds, debido a la contaminaci\u00f3n del aire<\/strong>.<\/span><\/p>\n<p>&nbsp;<\/p>\n<blockquote>\n<p style=\"text-align: center;\"><strong><span style=\"font-size: 14pt; color: #008000;\">en Luisiana, una gran cantidad de desechos industriales ha causado muchos \u00ab<em>callejones de c\u00e1ncer<\/em>\u00bb a lo largo del <em>r\u00edo Mississippi<\/em>, elevando el riesgo de c\u00e1ncer con un 95 por ciento m\u00e1s alto que el resto del pa\u00eds, debido a la contaminaci\u00f3n del aire<\/span><\/strong><\/p>\n<\/blockquote>\n<p>&nbsp;<\/p>\n<p style=\"text-align: justify;\"><span style=\"font-size: 14pt;\">El <strong>Chicago Tribune<\/strong> inform\u00f3 el 13 de julio de 2022 que se detect\u00f3 al menos una sustancia de <em><strong>perfluoroalquilo<\/strong> <\/em>y <em><strong>polifluoroalquilo<\/strong><\/em>, conocidas como sustancias qu\u00edmicas de larga permanencia que pueden ser da\u00f1inas para la salud, <strong>en el agua potable de m\u00e1s de ocho millones de residentes de Illinois<\/strong>, lo que representa alrededor del 60 por ciento de la poblaci\u00f3n local.<\/span><\/p>\n<p style=\"text-align: justify;\"><span style=\"font-size: 14pt;\">En el contexto del deterioro de la situaci\u00f3n ambiental, <strong>el Tribunal Supremo de Estados Unidos dict\u00f3 en junio de 2022 que la Agencia de Protecci\u00f3n Ambiental no tiene derecho a regular las emisiones de carbono sin la autorizaci\u00f3n del Congreso<\/strong>, tampoco puede exigir a las centrales el\u00e9ctricas que cambien de combustibles f\u00f3siles a energ\u00edas renovables.<\/span><\/p>\n<p style=\"text-align: justify;\"><span style=\"font-size: 14pt;\"><strong>Stephane Dujarric<\/strong>, vocero de las Naciones Unidas, se\u00f1al\u00f3 que el fallo del<strong> Tribunal Supremo<\/strong> de Estados Unidos fue \u00ab<em>un retroceso en nuestra lucha contra el cambio clim\u00e1tico<\/em>\u00ab.<\/span><\/p>\n<p>&nbsp;<\/p>\n<h3 style=\"text-align: center;\"><span style=\"font-size: 18pt;\"><strong>V. El rev\u00e9s hist\u00f3rico para los derechos de mujeres y ni\u00f1os<\/strong><\/span><\/h3>\n<p style=\"text-align: justify;\"><span style=\"font-size: 14pt;\"><strong>En 2022, se produjo un rev\u00e9s importante en la protecci\u00f3n de los derechos de las mujeres y ni\u00f1os en Estados Unidos. El derecho de la mujer al aborto fue privado de protecci\u00f3n constitucional<\/strong>. Los abusos sexuales en escuelas, el ej\u00e9rcito y las prisiones siguen siendo muy numerosos. <strong>Las vidas y derechos legales de los ni\u00f1os enfrentan amenazas serias<\/strong>.<\/span><\/p>\n<p style=\"text-align: justify;\"><span style=\"font-size: 14pt;\"><strong>La ilegalizaci\u00f3n del aborto vulnera los derechos de las mujeres<\/strong>. <em><strong>En 2022, la Corte Suprema de Estados Unidos tumb\u00f3 los casos Roe contra Wade y Planned Parenthood contra Casey que garantizaban el derecho de la mujer a abortar<\/strong><\/em>, acabando con medio siglo de protecci\u00f3n legal y que podr\u00eda conducir a la prohibici\u00f3n del aborto en aproximadamente la mitad de los estados.<\/span><\/p>\n<p style=\"text-align: justify;\"><span style=\"font-size: 14pt;\"><strong>Reuters<\/strong> inform\u00f3 el 1 de diciembre de 2022 que <strong>el fiscal general de Indiana dio instrucciones al consejo m\u00e9dico del estado para que sancionara a un doctor que practic\u00f3 un aborto a una ni\u00f1a de diez a\u00f1os que hab\u00eda sido violada en Ohio<\/strong>, la cual no pudo abortar porque Ohio proh\u00edbe interrumpir cualquier embarazo despu\u00e9s de seis semanas.<\/span><\/p>\n<p style=\"text-align: justify;\"><span style=\"font-size: 14pt;\">La <strong>BBC<\/strong> inform\u00f3 el 29 de junio de 2022 que el <strong>secretario de Sanidad de Estados Unidos<\/strong>, <strong>Xavier Becerra<\/strong>, dijo que \u00ab<em>es dif\u00edcil creer que Estados Unidos se coloca en el furg\u00f3n de cola, retrocede, cuando el resto del mundo evoluciona concediendo a las mujeres unos derechos que deber\u00edan haber podido disfrutar desde hace tiempo<\/em>\u00ab.<\/span><\/p>\n<p style=\"text-align: justify;\"><span style=\"font-size: 14pt;\"><strong>Michelle Bachelet<\/strong>, la entonces <strong>Alta Comisionada para los Derechos Humanos de la ONU<\/strong>, apunt\u00f3 el 24 de junio de 2022 que la decisi\u00f3n de la <strong>Corte Suprema<\/strong> de Estados Unidos sobre el <strong>aborto<\/strong> es \u00ab<em>un enorme golpe a los derechos de las mujeres y la igualdad de g\u00e9nero<\/em>\u00ab, y \u00ab<em>representa un importante retroceso tras cinco d\u00e9cadas de protecci\u00f3n sobre los derechos sexuales y la salud reproductiva a trav\u00e9s de Roe contra Wade en Estados Unidos<\/em>\u00ab.<\/span><\/p>\n<p style=\"text-align: justify;\"><span style=\"font-size: 14pt;\"><strong>Las cifras de abusos sexuales a mujeres son estremecedoras<\/strong>. Una de cada cinco estudiantes en Estados Unidos asegura haber sido abusada sexualmente en la instituci\u00f3n de ense\u00f1anza superior, traumatiz\u00e1ndolas durante toda su etapa estudiantil.<\/span><\/p>\n<p style=\"text-align: justify;\"><span style=\"font-size: 14pt;\">La <strong>CNN<\/strong> inform\u00f3 el 1 de septiembre de 2022 de que <strong>los abusos sexuales dentro del ej\u00e9rcito estadounidense repuntaron un 13 por ciento en 2021, con una cuarta parte de mujeres reconociendo haber sido abusadas durante el servicio y la mitad haber sufrido acoso sexual.<\/strong><\/span><\/p>\n<p style=\"text-align: justify;\"><span style=\"font-size: 14pt;\">El <strong>Senado<\/strong> de Estados Unidos public\u00f3 el 13 de diciembre de 2022 un documento de investigaci\u00f3n, reconociendo que <strong>los abusos sexuales sobre la poblaci\u00f3n femenina encarcelada, por parte de los funcionarios de prisiones, se produjeron en m\u00e1s de dos tercios de las c\u00e1rceles federales, con 5.415 casos denunciados<\/strong> por las autoridades en Estados Unidos.<\/span><\/p>\n<p style=\"text-align: justify;\"><span style=\"font-size: 14pt;\">La agencia <strong>AP<\/strong> inform\u00f3 el 6 de febrero de 2022 que <strong>hubo 422 denuncias contra funcionarios de prisiones por abusar sexualmente de las prisioneras<\/strong>. Una prisi\u00f3n federal de mujeres en Dublin, California, ha recibido el sobrenombre de \u00ab<em>el club de la violaci\u00f3n<\/em>\u00ab, donde las presas aseguran haber sido v\u00edctimas de abusos sexuales rampantes por <strong><em>funcionarios<\/em><\/strong> del correccional e incluso el <em><strong>alcaide<\/strong><\/em>.<\/span><\/p>\n<p>&nbsp;<\/p>\n<blockquote>\n<p style=\"text-align: center;\"><span style=\"font-size: 14pt; color: #008000;\"><strong>de 2011 a 2021, cerca de 18.500 ni\u00f1os menores de 18 a\u00f1os fueron asesinados violentamente con armas de fuego en Estados Unidos<span style=\"font-size: 14pt;\">. En 2021, muri\u00f3 una media de siete menores al d\u00eda por disparos<\/span><\/strong><\/span><\/p>\n<\/blockquote>\n<p>&nbsp;<\/p>\n<p style=\"text-align: justify;\"><span style=\"font-size: 14pt;\"><strong>El descontrol de la violencia por armas de fuego amenaza las vidas de los ni\u00f1os<\/strong>. El 14 de octubre de 2022, la <strong>Kaiser Family Foundation<\/strong> public\u00f3 un informe se\u00f1alando que, <strong>de 2011 a 2021, cerca de 18.500 ni\u00f1os menores de 18 a\u00f1os fueron asesinados violentamente con armas de fuego en Estados Unidos. En 2021, muri\u00f3 una media de siete menores al d\u00eda por disparos<\/strong>.<\/span><\/p>\n<p style=\"text-align: justify;\"><span style=\"font-size: 14pt;\">El 11 de diciembre de 2022, <strong>The Washington Post<\/strong> public\u00f3 que <strong>m\u00e1s de 5.800 menores de 18 a\u00f1os resultaron heridos o murieron asesinados por disparos en Estados Unidos durante 2022<\/strong>. A d\u00eda 1 de diciembre de 2022, las muertes violentas de menores por disparos se multiplicaron por m\u00e1s de dos veces con respecto a 2021, mientras que los ni\u00f1os implicados en tiroteos sin v\u00edctimas mortales se incrementaron un 80 por ciento.<\/span><\/p>\n<p style=\"text-align: justify;\"><span style=\"font-size: 14pt;\">En junio de 2022, el presidente de Estados Unidos, <strong>Joe Biden<\/strong>, admiti\u00f3 p\u00fablicamente que \u00ab<em>las armas de fuego son el asesino n\u00famero uno de ni\u00f1os en los Estados Unidos de Am\u00e9rica. El n\u00famero uno. M\u00e1s que los accidentes de tr\u00e1fico. M\u00e1s que las muertes por c\u00e1ncer<\/em>\u00ab.<\/span><\/p>\n<p style=\"text-align: justify;\"><span style=\"font-size: 14pt;\"><strong>Los tiroteos en escuelas siguen aumentando<\/strong>. Estados Unidos es el pa\u00eds con la mayor frecuencia de tiroteos en los colegios del mundo. Seg\u00fan la base de datos \u00ab<em><strong>K-12 School Shooting Database<\/strong><\/em>\u00ab, el n\u00famero de tiroteos en las escuelas estadounidenses fue de 302 en 2022, la cifra m\u00e1s elevada desde 1970. El n\u00famero de muertos alcanz\u00f3 los 332, el m\u00e1s elevado en los \u00faltimos cinco a\u00f1os.<\/span><\/p>\n<p>&nbsp;<\/p>\n<figure id=\"attachment_2274618\" aria-describedby=\"caption-attachment-2274618\" style=\"width: 480px\" class=\"wp-caption aligncenter\"><a href=\"https:\/\/cnnespanol.cnn.com\/2022\/05\/30\/problemas-horror-tiroteo-escuela-primaria-robb-uvalde-trax\/\" target=\"_blank\" rel=\"noopener\"><img loading=\"lazy\" decoding=\"async\" class=\"wp-image-2274618\" src=\"https:\/\/puntocritico.com\/ausajpuntocritico\/wp-content\/uploads\/2023\/05\/220527195351-uvalde-robb-elementary-school-052722-full-169-300x169.jpg\" alt=\"\" width=\"480\" height=\"270\" data-id=\"2274618\" srcset=\"https:\/\/puntocritico.com\/ausajpuntocritico\/wp-content\/uploads\/2023\/05\/220527195351-uvalde-robb-elementary-school-052722-full-169-300x169.jpg 300w, https:\/\/puntocritico.com\/ausajpuntocritico\/wp-content\/uploads\/2023\/05\/220527195351-uvalde-robb-elementary-school-052722-full-169-1024x576.jpg 1024w, https:\/\/puntocritico.com\/ausajpuntocritico\/wp-content\/uploads\/2023\/05\/220527195351-uvalde-robb-elementary-school-052722-full-169-768x432.jpg 768w, https:\/\/puntocritico.com\/ausajpuntocritico\/wp-content\/uploads\/2023\/05\/220527195351-uvalde-robb-elementary-school-052722-full-169-1536x864.jpg 1536w, https:\/\/puntocritico.com\/ausajpuntocritico\/wp-content\/uploads\/2023\/05\/220527195351-uvalde-robb-elementary-school-052722-full-169-610x343.jpg 610w, https:\/\/puntocritico.com\/ausajpuntocritico\/wp-content\/uploads\/2023\/05\/220527195351-uvalde-robb-elementary-school-052722-full-169-678x381.jpg 678w, https:\/\/puntocritico.com\/ausajpuntocritico\/wp-content\/uploads\/2023\/05\/220527195351-uvalde-robb-elementary-school-052722-full-169-1320x743.jpg 1320w, https:\/\/puntocritico.com\/ausajpuntocritico\/wp-content\/uploads\/2023\/05\/220527195351-uvalde-robb-elementary-school-052722-full-169.jpg 1600w\" sizes=\"auto, (max-width: 480px) 100vw, 480px\" \/><\/a><figcaption id=\"caption-attachment-2274618\" class=\"wp-caption-text\"><a href=\"https:\/\/cnnespanol.cnn.com\/2022\/05\/30\/problemas-horror-tiroteo-escuela-primaria-robb-uvalde-trax\/\" target=\"_blank\" rel=\"noopener\"><span style=\"color: #008000;\">&#8216;Estamos en problemas&#8217;. 80 minutos de horror en la Escuela Primaria Robb<\/span><\/a><\/figcaption><\/figure>\n<p>&nbsp;<\/p>\n<p style=\"text-align: justify;\"><span style=\"font-size: 14pt;\">El 24 de mayo de 2022 se produjo un grave tiroteo masivo en la <strong>Escuela Primaria Robb de Uvalde, Texas<\/strong>. Un estudiante de bachillerato, de 18 a\u00f1os, entr\u00f3 al campus armado con un rifle de asalto AR-15, adquirido en una tienda de deportes, y mat\u00f3 a 19 estudiantes y dos profesoras.<\/span><\/p>\n<p style=\"text-align: justify;\"><span style=\"font-size: 14pt;\">Se trata del tiroteo m\u00e1s mort\u00edfero despu\u00e9s del vivido en la <strong>Escuela Primaria Sandy Hook<\/strong> en 2012. En sus declaraciones sobre el incidente, <strong>Biden<\/strong> reconoci\u00f3 que, <strong>desde el tiroteo de Sandy Hook hace una d\u00e9cada, se han producido m\u00e1s de 900 tiroteos en escuelas<\/strong>. \u00ab<em>Lo que me impacta es que este tipo de tiroteos masivos raramente suceden en otros lugares del mundo<\/em>\u00ab, declar\u00f3.<\/span><\/p>\n<p style=\"text-align: justify;\"><span style=\"font-size: 14pt;\"><strong>The Washington Post<\/strong> report\u00f3 el 28 de mayo de 2022 que la base de datos \u00ab<em><strong>K-12 School Shooting Database<\/strong><\/em>\u00bb ha registrado <strong>m\u00e1s de 2.500 casos de amenazas de tiroteos en colegios desde 2018<\/strong>. Seg\u00fan un reportaje de la <strong>BBC<\/strong> del 25 de mayo de 2022, <strong>Cheryl Lero Jonson<\/strong>, experta estadounidense sobre tiroteos en escuelas, apunt\u00f3 que <strong>los j\u00f3venes estadounidenses de ahora se han convertido en una \u00ab<em>generaci\u00f3n de tiradores masivos<\/em>\u00ab<\/strong>.<\/span><\/p>\n<p style=\"text-align: justify;\"><span style=\"font-size: 14pt;\"><strong>Las tasas de pobreza infantil son desproporcionadamente altas<\/strong>. Seg\u00fan datos publicados el 13 de septiembre de 2022 por el Bur\u00f3 del Censo de Estados Unidos, la tasa nacional de pobreza en Estados Unidos fue del 12,8 por ciento en 2021, mientras que entre los menores fue del 16,9 por ciento.<\/span><\/p>\n<p style=\"text-align: justify;\"><span style=\"font-size: 14pt;\">En los estados de Mississippi y Louisiana, as\u00ed como Washington D.C., las tasas de pobreza infantil se elevan al 27,7 por ciento, 26,9 por ciento y 23,9 por ciento respectivamente. Una investigaci\u00f3n del Centro sobre Pobreza y Pol\u00edtica Social de la Universidad de Columbia apunt\u00f3 que la tasa de pobreza infantil en Estados Unidos subi\u00f3 del 12,1 por ciento en diciembre de 2021 al 16,6 por ciento en mayo de 2022, con 3,3 millones m\u00e1s de ni\u00f1os en situaci\u00f3n de pobreza.<\/span><\/p>\n<p style=\"text-align: justify;\"><span style=\"font-size: 14pt;\">El libro \u00ab<em>Los estadounidenses invisibles: El tr\u00e1gico coste de la pobreza infantil<\/em>\u00ab, escrito por el columnista estadounidense, <strong>Jeff Madrick<\/strong>, apunta que Estados Unidos es un pa\u00eds con prejuicios hist\u00f3ricos hacia la pobreza, incapaz incluso de reconocer las cifras reales ni mucho menos reducir las cifras de pobreza general e infantil.<\/span><\/p>\n<p>&nbsp;<\/p>\n<figure id=\"attachment_2274627\" aria-describedby=\"caption-attachment-2274627\" style=\"width: 440px\" class=\"wp-caption aligncenter\"><a href=\"https:\/\/www.contrainfo.com\/27791\/escalofriantes-datos-de-mortalidad-infantil-en-estados-unidos\/\" target=\"_blank\" rel=\"noopener\"><img loading=\"lazy\" decoding=\"async\" class=\"wp-image-2274627\" src=\"https:\/\/puntocritico.com\/ausajpuntocritico\/wp-content\/uploads\/2023\/05\/homeless_estados_unidos_pobreza-768x439-1-300x171.jpg\" alt=\"\" width=\"440\" height=\"252\" data-id=\"2274627\" srcset=\"https:\/\/puntocritico.com\/ausajpuntocritico\/wp-content\/uploads\/2023\/05\/homeless_estados_unidos_pobreza-768x439-1-300x171.jpg 300w, https:\/\/puntocritico.com\/ausajpuntocritico\/wp-content\/uploads\/2023\/05\/homeless_estados_unidos_pobreza-768x439-1-610x349.jpg 610w, https:\/\/puntocritico.com\/ausajpuntocritico\/wp-content\/uploads\/2023\/05\/homeless_estados_unidos_pobreza-768x439-1.jpg 768w\" sizes=\"auto, (max-width: 440px) 100vw, 440px\" \/><\/a><figcaption id=\"caption-attachment-2274627\" class=\"wp-caption-text\"><span style=\"color: #008000;\">Madre y sus hijos \u00abhomeless\u00bb en Estados Unidos<\/span><\/figcaption><\/figure>\n<p>&nbsp;<\/p>\n<p style=\"text-align: justify;\"><span style=\"font-size: 14pt;\">Medido con un est\u00e1ndar m\u00e1s justo y actualizado, el n\u00famero real de pobres en Estados Unidos se sit\u00faa en torno a los 60 millones, mientras que la cifra aut\u00e9ntica de pobreza infantil podr\u00eda sobrepasar los 20 millones. \u00ab<em><strong>La pobreza infantil en Estados Unidos es una desgracia<\/strong><\/em>\u00ab.<\/span><\/p>\n<p style=\"text-align: justify;\"><span style=\"font-size: 14pt;\">Contin\u00faa el empleo ilegal de mano de obra infantil a pesar de las prohibiciones recurrentes. Seg\u00fan las estimaciones del <strong>Centro Nacional para la Salud de los Agricultores<\/strong>, una organizaci\u00f3n sin fines de lucro de Estados Unidos,<strong> entre 300.000 y 800.000 menores fueron empleados en el sector agr\u00edcola de Estados Unidos<\/strong>.<\/span><\/p>\n<p style=\"text-align: justify;\"><span style=\"font-size: 14pt;\">La revista <strong>Slate<\/strong> apunt\u00f3 que los empleadores de comida r\u00e1pida cometieron una serie de violaciones en el trabajo infantil, haciendo trabajar un n\u00famero excesivo de horas a los adolescentes, superando los l\u00edmites para proteger el derecho de los menores a la salud y la educaci\u00f3n. <strong>La constante prohibici\u00f3n del empleo infantil siempre termina en fracaso porque la causa del mismo subyace en los vac\u00edos legales del sistema estadounidense<\/strong>.<\/span><\/p>\n<p style=\"text-align: justify;\"><span style=\"font-size: 14pt;\">Afectado por la pandemia de la COVID-19 y la crisis en la cadena de suministro, Estados Unidos ha estado sufriendo escasez de mano de obra. Muchos estados han aprobado leyes para extender los horarios laborales de los menores.<\/span><\/p>\n<p style=\"text-align: justify;\"><span style=\"font-size: 14pt;\">Seg\u00fan el Departamento de Trabajo de Estados Unidos, millones de adolescentes estadounidenses estaban empleados en agricultura, restauraci\u00f3n, sector minorista, ocio e industrias de la construcci\u00f3n en 2022.<\/span><\/p>\n<p style=\"text-align: justify;\"><span style=\"font-size: 14pt;\">Seg\u00fan una noticia de Reuters publicada el 28 de febrero de 2023, el asunto del empleo ilegal entre los menores se ha convertido en algo cada vez m\u00e1s serio, tras haber experimentado un alza cercana al 70 por ciento en la vulneraci\u00f3n de los derechos del menor en el trabajo desde 2018.<\/span><\/p>\n<p style=\"text-align: justify;\"><span style=\"font-size: 14pt;\">Seg\u00fan datos del Departamento del Trabajo de Estados Unidos correspondientes al \u00faltimo a\u00f1o fiscal, se descubri\u00f3 que 835 empresas vulneraron derechos laborales de los menores empleando a 3.800 ni\u00f1os, mientras que el empleo de menores en actividades de riesgo se increment\u00f3 tambi\u00e9n un 26 por ciento.<\/span><\/p>\n<p style=\"text-align: justify;\"><span style=\"font-size: 14pt;\">El diario <strong>USA<\/strong> <strong>Today<\/strong> report\u00f3 el 13 de noviembre de 2022 que una empresa de limpieza de Wisconsin fue acusada de emplear a m\u00e1s de 30 menores, de entre 13 y 17 a\u00f1os, como limpiadores en plantas procesadoras de carne y granjas. Muchos empleados menores de edad sufrieron heridas durante su actividad, incluido un ni\u00f1o de 13 a\u00f1os que se quem\u00f3 con qu\u00edmicos corrosivos de limpieza.<\/span><\/p>\n<p style=\"text-align: justify;\"><span style=\"font-size: 14pt;\"><strong>Reuters<\/strong> public\u00f3 el 16 de diciembre de 2022 que al menos cuatro grandes proveedores de empresas automovil\u00edsticas han empleado a menores en compa\u00f1\u00edas de Alabama, mientras empresas de contrataci\u00f3n han suministrado menores inmigrantes para trabajar en las f\u00e1bricas.<\/span><\/p>\n<p style=\"text-align: justify;\"><span style=\"font-size: 14pt;\">Actualmente, <strong>Estados Unidos sigue siendo el \u00fanico pa\u00eds de los 193 pa\u00edses miembros de las Naciones Unidas que no ha estampado su firma en la Convenci\u00f3n de los Derechos del Ni\u00f1o<\/strong>. Las perspectivas de soluci\u00f3n para el problema del trabajo infantil son desalentadoras.<\/span><\/p>\n<p>&nbsp;<\/p>\n<figure id=\"attachment_2274628\" aria-describedby=\"caption-attachment-2274628\" style=\"width: 440px\" class=\"wp-caption aligncenter\"><a href=\"https:\/\/www.lainformacion.com\/espana\/eeuu-el-unico-pais-del-mundo-que-no-ha-ratificado-la-convencion-de-los-derechos-del-nino_OxTBacJqyxKWsgXefUK0w2\/\" target=\"_blank\" rel=\"noopener\"><img loading=\"lazy\" decoding=\"async\" class=\"wp-image-2274628\" src=\"https:\/\/puntocritico.com\/ausajpuntocritico\/wp-content\/uploads\/2023\/05\/Estados-Unidos-sigue-siendo-el-unico-pais-de-los-193-paises-miembros-de-las-Naciones-Unidas-que-no-ha-estampado-su-firma-en-la-Convencion-de-los-Derechos-del-Nino-300x169.jpeg\" alt=\"\" width=\"440\" height=\"248\" data-id=\"2274628\" srcset=\"https:\/\/puntocritico.com\/ausajpuntocritico\/wp-content\/uploads\/2023\/05\/Estados-Unidos-sigue-siendo-el-unico-pais-de-los-193-paises-miembros-de-las-Naciones-Unidas-que-no-ha-estampado-su-firma-en-la-Convencion-de-los-Derechos-del-Nino-300x169.jpeg 300w, https:\/\/puntocritico.com\/ausajpuntocritico\/wp-content\/uploads\/2023\/05\/Estados-Unidos-sigue-siendo-el-unico-pais-de-los-193-paises-miembros-de-las-Naciones-Unidas-que-no-ha-estampado-su-firma-en-la-Convencion-de-los-Derechos-del-Nino-610x344.jpeg 610w, https:\/\/puntocritico.com\/ausajpuntocritico\/wp-content\/uploads\/2023\/05\/Estados-Unidos-sigue-siendo-el-unico-pais-de-los-193-paises-miembros-de-las-Naciones-Unidas-que-no-ha-estampado-su-firma-en-la-Convencion-de-los-Derechos-del-Nino.jpeg 656w\" sizes=\"auto, (max-width: 440px) 100vw, 440px\" \/><\/a><figcaption id=\"caption-attachment-2274628\" class=\"wp-caption-text\"><span style=\"color: #008000;\">EEUU, el \u00fanico pa\u00eds del mundo que no ha ratificado la Convenci\u00f3n de los Derechos del Ni\u00f1o<\/span><\/figcaption><\/figure>\n<p>&nbsp;<\/p>\n<p style=\"text-align: justify;\"><span style=\"font-size: 14pt;\"><strong>Las condiciones de detenci\u00f3n en los correcionales de menores son duras<\/strong>. El diario <strong>The Houston Chronicle<\/strong> inform\u00f3 el 23 de agosto de 2022 sobre las paup\u00e9rrimas condiciones del centro de detenci\u00f3n de menores localizado en Gatesville, Texas.<\/span><\/p>\n<p style=\"text-align: justify;\"><span style=\"font-size: 14pt;\"><strong>Los adolescentes que cumplen penas por graves delitos son aislados en celdas estrechas durante 23 horas diarias<\/strong>. <strong>En lugar de dejarles salir al servicio, se les dan botellas vac\u00edas para hacer ah\u00ed sus necesidades. Los programas deportivos y otras actividades dirigidas a rehabilitar y orientar a los j\u00f3venes conflictivos han sido eliminadas<\/strong>. En lugar de ir a clase, se les asignan deberes para hacer dentro de la celda, impidiendo su acceso a asesoramiento y terapia.<\/span><\/p>\n<p>&nbsp;<\/p>\n<p><a href=\"https:\/\/puntocritico.com\/ausajpuntocritico\/2022\/07\/20\/fabricando-pederastas\/\"><img loading=\"lazy\" decoding=\"async\" class=\"aligncenter wp-image-27316\" src=\"https:\/\/puntocritico.com\/ausajpuntocritico\/wp-content\/uploads\/2020\/03\/Pederastia-principal-678x381-1-300x169.jpg\" alt=\"\" width=\"480\" height=\"270\" data-id=\"27316\" srcset=\"https:\/\/puntocritico.com\/ausajpuntocritico\/wp-content\/uploads\/2020\/03\/Pederastia-principal-678x381-1-300x169.jpg 300w, https:\/\/puntocritico.com\/ausajpuntocritico\/wp-content\/uploads\/2020\/03\/Pederastia-principal-678x381-1.jpg 678w\" sizes=\"auto, (max-width: 480px) 100vw, 480px\" \/><\/a><\/p>\n<p>&nbsp;<\/p>\n<p style=\"text-align: justify;\"><span style=\"font-size: 14pt;\">El 29 de noviembre de 2022, <strong>Los Angeles Times<\/strong> revel\u00f3 que el sistema juvenil de detenci\u00f3n del condado de Los \u00c1ngeles se sumi\u00f3 en el caos. La crisis de personal en los centros juveniles de detenci\u00f3n provoc\u00f3 conflictos frecuentes entre los jovenes internos y la dura respuesta de sus guardias. <strong>El aislamiento creciente, la falta de estructura de apoyo y la violencia tuvieron efectos que diezman la salud mental de los j\u00f3venes. Un menor encarcelado asegur\u00f3 no sentirse \u00ab<em>tratado como un ser humano<\/em>\u00ab<\/strong>.<\/span><\/p>\n<p>&nbsp;<\/p>\n<h3 style=\"text-align: center;\"><span style=\"font-size: 18pt;\"><strong>VI. La violaci\u00f3n flagrante de los derechos humanos y de la justicia en otros pa\u00edses<\/strong><\/span><\/h3>\n<p style=\"text-align: justify;\"><span style=\"font-size: 14pt;\">El acad\u00e9mico estadounidense, <strong>John<\/strong> <strong>Mearsheimer<\/strong>, se\u00f1ala que, bajo la pol\u00edtica de \u00ab<em>hegemon\u00eda liberal<\/em>\u00ab, Estados Unidos tiende a provocar guerras constantemente, lo cual aumenta los conflictos dentro del sistema internacional y crea inestabilidad.<\/span><\/p>\n<p style=\"text-align: justify;\"><span style=\"font-size: 14pt;\">\u00ab<em>Estos conflictos armados suelen acabar en fracaso, a veces de forma desastrosa, sobre todo a expensas del estado que supuestamente est\u00e1 siendo rescatado por el \u00abGoliat liberal<\/em>\u00ab.<\/span><\/p>\n<p style=\"text-align: justify;\"><span style=\"font-size: 14pt;\">Estados Unidos persigue la pol\u00edtica de poder en la comunidad internacional, usa con frecuencia la fuerza, provoca guerras indirectas o en terceros pa\u00edses, impone sanciones unilateral e indiscriminadamente, viola gravemente los derechos de la poblaci\u00f3n inmigrante, rechaza clausurar el campo de detenci\u00f3n de la <strong>Bah\u00eda de Guant\u00e1namo<\/strong> y se torna en destructor de la paz global, el desarrollo y un obst\u00e1culo para el desarrollo de los derechos humanos.<\/span><\/p>\n<p>&nbsp;<\/p>\n<blockquote>\n<p style=\"text-align: center;\"><strong><span style=\"font-size: 14pt; color: #008000;\">Estados Unidos persigue la pol\u00edtica de poder en la comunidad internacional, usa con frecuencia la fuerza, provoca guerras indirectas o en terceros pa\u00edses, impone sanciones unilateral e indiscriminadamente, viola gravemente los derechos de la poblaci\u00f3n inmigrante, rechaza clausurar el campo de detenci\u00f3n de la Bah\u00eda de Guant\u00e1namo y se torna en destructor de la paz global, el desarrollo y un obst\u00e1culo para el desarrollo de los derechos humanos.<\/span><\/strong><\/p>\n<\/blockquote>\n<p>&nbsp;<\/p>\n<p style=\"text-align: justify;\"><span style=\"font-size: 14pt;\">Las operaciones militares en el exterior provocaron cat\u00e1strofes humanitarias. El medio estadounidense sin \u00e1nimo de lucro <strong>Common Dreams<\/strong> elabor\u00f3 un art\u00edculo titulado \u00ab<em>Warren y Jacobs acusan al Pent\u00e1gono de contabilizar muy a la baja los civiles asesinados por el ej\u00e9rcito de Estados Unidos<\/em>\u00ab, el 20 de diciembre de 2022, se\u00f1alando que seg\u00fan el grupo de monitoreo basado en Reino Unido, Airwars, solo los bombardeos a\u00e9reos de Estados Unidos han matado al menos a 48.000 civiles en cerca de 100.000 ofensivas en Afganist\u00e1n, Irak, Libia, Pakist\u00e1n, Somalia, Siria y Yemen desde 2001.<\/span><\/p>\n<p>&nbsp;<\/p>\n<blockquote>\n<p style=\"text-align: center;\"><span style=\"font-size: 14pt; color: #008000;\"><strong>el gobierno de Estados Unidos ha ejecutado actividades que denomina \u00ab<em>antiterroristas<\/em>\u00bb en 85 pa\u00edses desde que se inici\u00f3 el siglo XXI, matando directamente a 929.000 personas y desplazando a otros 38 millones<\/strong><\/span><\/p>\n<\/blockquote>\n<p>&nbsp;<\/p>\n<p style=\"text-align: justify;\"><span style=\"font-size: 14pt;\">Seg\u00fan datos del proyecto \u00ab<strong><em>Los Costes de la Guerra<\/em><\/strong>\u00ab, de la <strong>Universidad de Brown<\/strong>, <strong>el gobierno de Estados Unidos ha ejecutado actividades que denomina \u00ab<em>antiterroristas<\/em>\u00bb en 85 pa\u00edses desde que se inici\u00f3 el siglo XXI, matando directamente a 929.000 personas y desplazando a otros 38 millones<\/strong>. Una mujer y dos ni\u00f1os fueron asesinados tras el ataque de un dron estadounidense en la zona de Al-Hadba, en Al-Wadi, Yemen, el 30 de noviembre de 2022. \u00ab<em>La violencia caracteriza al Estados Unidos moderno al interior de sus fronteras y en su conducta en el exterior, desde la prevalencia de las muertes por armas de fuego hasta las controversias sobre los ataques militares preventivos y bombardeos con drones<\/em>\u00ab.<\/span><\/p>\n<p style=\"text-align: justify;\"><span style=\"font-size: 14pt;\"><strong>Conspirar entre bambalinas para provocar guerras instrumentalizando a terceros<\/strong>. Para perseguir sus propios intereses, Estados Unidos act\u00faa como una \u00ab<em>mano negra<\/em>\u00bb entre bambalinas para provocar guerras en otros pa\u00edses y regiones.<\/span><\/p>\n<p style=\"text-align: justify;\"><span style=\"font-size: 14pt;\"><strong>Colm<\/strong> <strong>Quinn<\/strong>, articulista en <strong>Foreign Policy<\/strong>, public\u00f3 una pieza el 14 de julio de 2022 diciendo que las operaciones de Estados Unidos no solo se limitan a la regi\u00f3n del Medio Oriente, sino que han ampliado su espectro geogr\u00e1fico, solo que de una manera m\u00e1s encubierta.<\/span><\/p>\n<p style=\"text-align: justify;\"><span style=\"font-size: 14pt;\"><strong>Katherine Yon Ebright<\/strong>, consejera del programa sobre libertad y seguridad nacional del <strong>Centro Brennan para la Justicia<\/strong>, lo describi\u00f3 como una \u00ab<strong><em>guerra de huella ligera<\/em><\/strong>\u00ab. Bajo el programa conocido como \u00ab<strong><em>127e<\/em><\/strong>\u00ab, las fuerzas de operaciones especiales estadounidenses est\u00e1n autorizadas a entrenar fuerzas delegadas para ejecutar misiones en el exterior. Milicianos extranjeros con acceso a armamento, entrenamiento e inteligencia estadounidense son desplegados en misiones lideradas por Estados Unidos contra sus enemigos y para cumplir con los objetivos estadounidenses.<\/span><\/p>\n<p style=\"text-align: justify;\"><span style=\"font-size: 14pt;\">De 2017 a 2020, el <strong>Pent\u00e1gono<\/strong> lanz\u00f3 23 guerras subsidiarias en nombre del \u00ab<em><strong>127e<\/strong><\/em>\u00bb en las regiones de Medio Oriente y Asia-Pac\u00edfico. Al menos una docena de pa\u00edses han participado en operaciones para atacar a Siria, Yemen, Irak, T\u00fanez, Camer\u00fan o Libia, entre otros.<\/span><\/p>\n<p style=\"text-align: justify;\"><span style=\"font-size: 14pt;\"><strong>Imposici\u00f3n arbitraria de sanciones unilaterales de largo plazo<\/strong>. En a\u00f1os recientes, las sanciones unilaterales impuestas por Estados Unidos sobre otros pa\u00edses han aumentado exponencialmente, lo cual ha reducido la capacidad y el nivel en la protecci\u00f3n de los derechos humanos de los pa\u00edses sancionados.<\/span><\/p>\n<p style=\"text-align: justify;\"><span style=\"font-size: 14pt;\">El diario <em>banglades\u00ed<\/em> <strong>The Daily Star<\/strong> report\u00f3 el 28 de diciembre de 2022 que <strong>Estados Unidos, el sancionador unilateral m\u00e1s prol\u00edfico del mundo, ha impuesto sanciones actualmente sobre m\u00e1s de veinte pa\u00edses<\/strong>, incluida Cuba, desde 1962; Ir\u00e1n, desde 1979; Siria, desde 2011 y Afganist\u00e1n, en a\u00f1os recientes. Muchos de ellos son incapaces de suministrar alimentos b\u00e1sicos ni medicinas a sus poblaciones.<\/span><\/p>\n<p style=\"text-align: justify;\"><span style=\"font-size: 14pt;\">El <strong>Washington Post<\/strong> revel\u00f3 el 13 de junio de 2022 que cerca de la mitad de todos los afganos no tienen alimentos suficientes, por lo que est\u00e1 aumentando la malnutrici\u00f3n infantil.<\/span><\/p>\n<p style=\"text-align: justify;\"><span style=\"font-size: 14pt;\">El 20 de diciembre de 2022, varios expertos independientes del <strong>Consejo de los Derechos Humanos de la ONU<\/strong> emitieron un comunicado conjunto denunciando que las sanciones de Estados Unidos contra Ir\u00e1n contribuyen a su degradaci\u00f3n medioambiental, impidiendo a todos los iran\u00edes disfrutar plenamente de sus derechos a la salud y la vida y vulnerando el derecho del pueblo iran\u00ed a un medioambiente limpio.<\/span><\/p>\n<p style=\"text-align: justify;\"><span style=\"font-size: 14pt;\">El 10 de noviembre de 2022, <strong>la relatora especial de la ONU sobre el impacto de las medidas coercitivas unilaterales sobre los derechos humanos<\/strong>, <strong>Alena Douhan<\/strong>, declar\u00f3 que las sanciones unilaterales ha exacerbado el sufrimiento del pueblo sirio, siendo esto una grave vulneraci\u00f3n de sus derechos humanos.<\/span><\/p>\n<p style=\"text-align: justify;\"><span style=\"font-size: 14pt;\">La obsesi\u00f3n estadounidense de imponer sanciones ha desatado crisis de derechos humanos en otros pa\u00edses recibiendo una fuerte condena por parte de la comunidad internacional. El 3 de noviembre de 2022, la <strong>Asamblea General de la ONU<\/strong> vot\u00f3 condenar el embargo econ\u00f3mico, comercial y financiero de Estados Unidos sobre Cuba por trig\u00e9simo a\u00f1o. De los 193 pa\u00edses miembros de la <strong>Asamblea<\/strong> <strong>General<\/strong>, 185 votaron a favor.<\/span><\/p>\n<p>&nbsp;<\/p>\n<blockquote>\n<p style=\"text-align: center;\"><strong><span style=\"font-size: 14pt; color: #008000;\">Estados Unidos, en t\u00e9rminos acumulativos, es el primer emisor mundial de gases de efecto invernadero con una elevada emisi\u00f3n de carbono por habitante. Sin embargo, rechaz\u00f3 ratificar el Protocolo de Kyoto, se retir\u00f3 una vez de forma arbitraria del Acuerdo de Par\u00eds y retras\u00f3 el cumplimiento de sus compromisos con el Fondo Verde del Clima<\/span><\/strong><\/p>\n<\/blockquote>\n<p>&nbsp;<\/p>\n<p style=\"text-align: justify;\"><span style=\"font-size: 14pt;\"><strong>Socavar constante y deliberadamente la gobernanza global sobre el clima<\/strong>. Estados Unidos, en t\u00e9rminos acumulativos, es el primer emisor mundial de gases de efecto invernadero con una elevada emisi\u00f3n de carbono por habitante. Sin embargo, rechaz\u00f3 ratificar el <strong>Protocolo de Kyoto<\/strong>, se retir\u00f3 una vez de forma arbitraria del <strong>Acuerdo de Par\u00eds<\/strong> y retras\u00f3 el cumplimiento de sus compromisos con el <strong>Fondo Verde del Clima<\/strong>. Incluso tras volver al <strong>Acuerdo de Par\u00eds<\/strong>, Estados Unidos no ha traducido todav\u00eda sus compromisos en hechos concretos. Al contrario, ha instrumentalizado el cambio clim\u00e1tico como una herramienta de manipulaci\u00f3n pol\u00edtica.<\/span><\/p>\n<p style=\"text-align: justify;\"><span style=\"font-size: 14pt;\">Seg\u00fan estimaciones de la firma de investigaciones econ\u00f3micas <strong>Rhodium Group<\/strong>, publicadas el 10 de enero de 2023, las emisiones estadounidenses de gases de efecto invernadero aumentaron un 1,3 por ciento interanual en 2022.<\/span><\/p>\n<p style=\"text-align: justify;\"><span style=\"font-size: 14pt;\">Falta sinceridad y efectividad a la hora de cumplir con las obligaciones del <strong>Acuerdo de Par\u00eds<\/strong>. El proyecto \u00ab<em><strong>Los costes de la guerra<\/strong><\/em>\u00ab, de la <strong>Universidad de Brown<\/strong>, revela que <strong>el Departamento de Defensa de Estados Unidos es uno de los principales emisores de gases de efecto invernadero del mundo<\/strong>. Las guerras posteriores al 11 de septiembre de 2001 tambi\u00e9n \u00ab<em>han contribuido de manera significativa<\/em>\u00bb al cambio clim\u00e1tico.<\/span><\/p>\n<p style=\"text-align: justify;\"><span style=\"font-size: 14pt;\"><strong>Las pol\u00edticas migratorias excluyentes provocan tragedias<\/strong>. Estados Unidos arresta masivamente a personas migrantes en su frontera sur creando una grave crisis humanitaria. Cerca de 2,4 millones de migrantes fueron arrestados en la frontera estadounidense durante 2022, un crecimiento del 37 por ciento con respecto a 2021, la cifra m\u00e1s alta de toda la historia.<\/span><\/p>\n<p style=\"text-align: justify;\"><span style=\"font-size: 14pt;\"><strong>El derecho a la vida de los migrantes est\u00e1 seriamente amenazado<\/strong>. Un reportaje de Fox News del 22 de octubre de 2022 dijo que 856 migrantes perdieron la vida en la frontera sur de Estados Unidos durante 2022, otro r\u00e9cord hist\u00f3rico.<\/span><\/p>\n<p style=\"text-align: justify;\"><span style=\"font-size: 14pt;\">El diario Mexico <strong>News Daily<\/strong> inform\u00f3 el 16 de noviembre de 2022 que el gobernador de Texas, <strong>Greg Abbott<\/strong>, declar\u00f3 una \u00ab<em>invasi\u00f3n<\/em>\u00bb de inmigrantes en la frontera estadounidense con M\u00e9xico, a\u00f1adiendo que adoptar\u00eda medidas como desplegar a la <strong>Guardia Nacional<\/strong> para expulsar a los migrantes ilegales, adem\u00e1s de lanchas patrulleras armadas para defender la frontera.<\/span><\/p>\n<p>&nbsp;<\/p>\n<blockquote>\n<p style=\"text-align: center;\"><span style=\"font-size: 14pt; color: #008000;\"><strong>las pol\u00edticas migratorias de Estados Unidos ponen en peligro a los inmigrantes y solicitantes de asilo, con miles secuestrados, abusados sexualmente o atacados con violencia<\/strong><\/span><\/p>\n<\/blockquote>\n<p>&nbsp;<\/p>\n<p style=\"text-align: justify;\"><span style=\"font-size: 14pt;\">La <strong>CNN<\/strong> report\u00f3 el 16 de diciembre de 2022 que <strong>las pol\u00edticas migratorias de Estados Unidos ponen en peligro a los inmigrantes y solicitantes de asilo, con miles secuestrados, abusados sexualmente o atacados con violencia.<\/strong><\/span><\/p>\n<p style=\"text-align: justify;\"><span style=\"font-size: 14pt;\"><strong>La estrategia migratoria se ha roto en mil pedazos bajo el contexto de polarizaci\u00f3n pol\u00edtica<\/strong>. Los migrantes han quedado reducidos a una herramienta de divisi\u00f3n partidista, sufriendo una <strong>xenofobia extrema<\/strong>, adem\u00e1s de un trato cruel. <strong>La mascarada de \u00ab<em>soltar<\/em>\u00bb inmigrantes se ha vuelto algo habitual<\/strong>.<\/span><\/p>\n<p style=\"text-align: justify;\"><span style=\"font-size: 14pt;\">El 26 de diciembre de 2022, la <strong>CNN<\/strong> inform\u00f3 de que m\u00e1s de 100 inmigrantes, <em><strong>ni\u00f1os incluidos<\/strong><\/em>, fueron trasladados a Washington D.C. para ser <strong>abandonados en la carretera durante la Nochebuena de 2022<\/strong>. <strong>Aquellos inmigrantes apenas vest\u00edan unas camisetas de manga corta mientras estaban expuestos a temperaturas bajo cero<\/strong>.<\/span><\/p>\n<p style=\"text-align: justify;\"><span style=\"font-size: 14pt;\"><strong>Volker T\u00fcrk,<\/strong> el <strong>Alto Comisionado de la ONU para los Derechos Humanos<\/strong>, critic\u00f3 la pol\u00edtica migratoria de Estados Unidos en la frontera como <strong>una amenaza contra el derecho fundamental de los solicitantes de asilo<\/strong>, adem\u00e1s de socavar los principios internacionales de los derechos humanos y leyes de refugiados.<\/span><\/p>\n<p style=\"text-align: justify;\"><span style=\"font-size: 14pt;\">Renuncia a cerrar el campo de detenci\u00f3n de la <strong>Bah\u00eda de Guant\u00e1namo<\/strong>, establecido en 2002, que lleg\u00f3 a albergar un m\u00e1ximo de 780 prisioneros, muchos de los cuales fueron detenidos sin juicio y sujetos a un trato cruel e inhumano.<\/span><\/p>\n<p style=\"text-align: justify;\"><span style=\"font-size: 14pt;\"><strong>El campo es \u00ab<em>un horrible cap\u00edtulo de violaci\u00f3n implacable de los derechos humanos<\/em>\u00bb por parte de Estados Unidos<\/strong>. <strong>Fionnuala N\u00ed Aol\u00e1in<\/strong>, <strong>relatora especial de la ONU para la promoci\u00f3n y protecci\u00f3n de los derechos humanos y libertades fundamentales en la lucha contra el terrorismo<\/strong>, as\u00ed como otros expertos independientes, hicieron p\u00fablico un comunicado conjunto en enero de 2022, apuntando que la tristemente c\u00e9lebre <strong>c\u00e1rcel de Guant\u00e1namo<\/strong> es \u00ab<em>una mancha en el compromiso del gobierno estadounidense con el imperio de la ley<\/em>\u00ab.<\/span><\/p>\n<p>&nbsp;<\/p>\n<blockquote>\n<p style=\"text-align: center;\"><strong><span style=\"font-size: 14pt; color: #008000;\">Exigieron que el gobierno de Estados Unidos cierre la c\u00e1rcel y proporcione remedio y reparaci\u00f3n a aquellos atrozmente torturados y detenidos arbitrariamente, al mismo tiempo de hacer responsables a las personas que autorizaron o formaron parte activa de las torturas, tal como establece el derecho internacional.<\/span><\/strong><\/p>\n<\/blockquote>\n<p>&nbsp;<\/p>\n<p style=\"text-align: justify;\"><span style=\"font-size: 14pt;\">Exigieron que el gobierno de Estados Unidos cierre la c\u00e1rcel y proporcione remedio y reparaci\u00f3n a aquellos atrozmente torturados y detenidos arbitrariamente, al mismo tiempo de hacer responsables a las personas que autorizaron o formaron parte activa de las torturas, tal como establece el derecho internacional.<\/span><\/p>\n<p style=\"text-align: justify;\">\u00a0<\/p>\n<p style=\"text-align: center;\"><strong><span style=\"font-size: 18pt;\">Fin<\/span><\/strong><\/p>\n<p>&nbsp;<\/p>\n<p><a href=\"http:\/\/spanish.peopledaily.com.cn\/n3\/2023\/0515\/c31619-20018609.html\" target=\"_blank\" rel=\"noopener\" data-schema-attribute=\"\"><img loading=\"lazy\" decoding=\"async\" class=\"aligncenter wp-image-2274511\" src=\"https:\/\/puntocritico.com\/ausajpuntocritico\/wp-content\/uploads\/2023\/05\/Ucrania-granero-de-pasta-para-el-crimen-global-300x216.jpg\" alt=\"\" width=\"480\" height=\"346\" data-id=\"2274511\" srcset=\"https:\/\/puntocritico.com\/ausajpuntocritico\/wp-content\/uploads\/2023\/05\/Ucrania-granero-de-pasta-para-el-crimen-global-300x216.jpg 300w, https:\/\/puntocritico.com\/ausajpuntocritico\/wp-content\/uploads\/2023\/05\/Ucrania-granero-de-pasta-para-el-crimen-global-610x440.jpg 610w, https:\/\/puntocritico.com\/ausajpuntocritico\/wp-content\/uploads\/2023\/05\/Ucrania-granero-de-pasta-para-el-crimen-global.jpg 700w\" sizes=\"auto, (max-width: 480px) 100vw, 480px\" \/><\/a><\/p>\n<p>&nbsp;<\/p>\n<p><a href=\"https:\/\/puntocritico.com\/ausajpuntocritico\/author\/punto-critico\/\"><img loading=\"lazy\" decoding=\"async\" class=\"aligncenter wp-image-9528\" src=\"https:\/\/puntocritico.com\/ausajpuntocritico\/wp-content\/uploads\/2018\/03\/Mosca_Punto_Cr\u00edtico_40.png\" alt=\"\" width=\"80\" height=\"80\" data-id=\"9528\" \/><\/a><\/p>\n<p>&nbsp;<\/p>\n","protected":false},"excerpt":{"rendered":"<div class=\"mh-excerpt\"><p>INFORME DE LAS VIOLACIONES DE LOS DERECHOS HUMANOS DE ESTADOS UNIDOS EN 2022 Oficina de Informaci\u00f3n del Consejo de Estado de la Rep\u00fablica Popular China Marzo, 2023 &nbsp; \u00cdNDICE Prefacio I. El disfuncional sistema de <a class=\"mh-excerpt-more\" href=\"https:\/\/puntocritico.com\/ausajpuntocritico\/2023\/05\/18\/informe-de-las-violaciones-de-los-derechos-humanos-de-estados-unidos-en-2022-oficina-de-informacion-del-consejo-de-estado-de-la-republica-popular-china-marzo-2023\/\" title=\"Informe de las violaciones de los derechos humanos de Estados Unidos en 2022  (Oficina de Informaci\u00f3n del Consejo de Estado de la Rep\u00fablica Popular China),  Marzo, 2023\">[&#8230;]<\/a><\/p>\n<\/div>","protected":false},"author":3,"featured_media":2274625,"comment_status":"open","ping_status":"closed","sticky":false,"template":"","format":"standard","meta":{"_acf_changed":false,"_exactmetrics_skip_tracking":false,"_exactmetrics_sitenote_active":false,"_exactmetrics_sitenote_note":"","_exactmetrics_sitenote_category":0,"footnotes":""},"categories":[7],"tags":[],"class_list":{"0":"post-2274489","1":"post","2":"type-post","3":"status-publish","4":"format-standard","5":"has-post-thumbnail","7":"category-politica"},"acf":[],"_links":{"self":[{"href":"https:\/\/puntocritico.com\/ausajpuntocritico\/wp-json\/wp\/v2\/posts\/2274489","targetHints":{"allow":["GET"]}}],"collection":[{"href":"https:\/\/puntocritico.com\/ausajpuntocritico\/wp-json\/wp\/v2\/posts"}],"about":[{"href":"https:\/\/puntocritico.com\/ausajpuntocritico\/wp-json\/wp\/v2\/types\/post"}],"author":[{"embeddable":true,"href":"https:\/\/puntocritico.com\/ausajpuntocritico\/wp-json\/wp\/v2\/users\/3"}],"replies":[{"embeddable":true,"href":"https:\/\/puntocritico.com\/ausajpuntocritico\/wp-json\/wp\/v2\/comments?post=2274489"}],"version-history":[{"count":0,"href":"https:\/\/puntocritico.com\/ausajpuntocritico\/wp-json\/wp\/v2\/posts\/2274489\/revisions"}],"wp:featuredmedia":[{"embeddable":true,"href":"https:\/\/puntocritico.com\/ausajpuntocritico\/wp-json\/wp\/v2\/media\/2274625"}],"wp:attachment":[{"href":"https:\/\/puntocritico.com\/ausajpuntocritico\/wp-json\/wp\/v2\/media?parent=2274489"}],"wp:term":[{"taxonomy":"category","embeddable":true,"href":"https:\/\/puntocritico.com\/ausajpuntocritico\/wp-json\/wp\/v2\/categories?post=2274489"},{"taxonomy":"post_tag","embeddable":true,"href":"https:\/\/puntocritico.com\/ausajpuntocritico\/wp-json\/wp\/v2\/tags?post=2274489"}],"curies":[{"name":"wp","href":"https:\/\/api.w.org\/{rel}","templated":true}]}}