{"id":2274045,"date":"2023-05-20T00:05:52","date_gmt":"2023-05-19T22:05:52","guid":{"rendered":"https:\/\/puntocritico.com\/ausajpuntocritico\/?p=2274045"},"modified":"2024-09-02T23:15:38","modified_gmt":"2024-09-02T21:15:38","slug":"the-corporation-la-corporacion-documental-ano-2003","status":"publish","type":"post","link":"https:\/\/puntocritico.com\/ausajpuntocritico\/2023\/05\/20\/the-corporation-la-corporacion-documental-ano-2003\/","title":{"rendered":"\u00abLA CORPORACI\u00d3N: CORPORACIONES \u00bfINSTITUCIONES O PSIC\u00d3PATAS?\u00bb, Documental, 2003. (\u00abThe Corporation\u00bb)"},"content":{"rendered":"<p style=\"text-align: justify;\"><span style=\"font-size: 14pt; color: #008000;\">LA CORPORACI\u00d3N: Corporaciones \u00bfInstituciones o psic\u00f3patas?<\/span><\/p>\n\n<p style=\"text-align: justify;\">\u00a0<\/p>\n<blockquote>\n<h2 style=\"text-align: center;\"><span style=\"font-size: 24pt;\">DOCUMENTAL THE CORPORATION: \u00bfINSTITUCIONES O PSIC\u00d3PATAS?<\/span><\/h2>\n<p style=\"text-align: center;\"><strong><span style=\"font-size: 14pt;\">Mark Achbar (\u2019Noam Chomsky: Manufacturing Consent\u2019) y Jennifer Abbott<\/span><\/strong><\/p>\n<p style=\"text-align: justify;\"><a href=\"https:\/\/www.antimilitaristas.org\/Documental-The-Corporation-Instituciones-o-Psicopatas.html\" target=\"_blank\" rel=\"noopener\"><span style=\"font-size: 14pt;\">Insumissia<\/span><\/a><\/p>\n<p><img loading=\"lazy\" decoding=\"async\" class=\"aligncenter wp-image-2274341 size-full\" src=\"https:\/\/puntocritico.com\/ausajpuntocritico\/wp-content\/uploads\/2023\/05\/hometopleft.gif\" alt=\"\" width=\"608\" height=\"219\" data-id=\"2274341\" \/><\/p>\n<p style=\"text-align: center;\"><span style=\"font-size: 14pt; color: #008000;\"><strong>THE CORPORATION: \u00bfINSTITUCIONES O PSIC\u00d3PATAS? (2003)<\/strong><\/span><\/p>\n<p style=\"text-align: center;\"><span style=\"font-size: 14pt;\"><strong><span style=\"color: #008000;\"><i>\u00abHace 150 a\u00f1os, la corporaci\u00f3n era una instituci\u00f3n insignificante. Hoy es una presencia viva, dram\u00e1tica y persuasiva en todas nuestras vidas. Al igual que la Iglesia, la Monarqu\u00eda y el Partido Comunista en otros tiempos o lugares, la corporaci\u00f3n es hoy la instituci\u00f3n dominante. Pero la historia hace caer a las instituciones dominantes. Todas han sido abatidas, reducidas o absorbidas en un nuevo orden. La corporaci\u00f3n tiene pocas posibilidades de desafiar la historia.\u201d<\/i><\/span><\/strong><\/span><\/p>\n<p>&nbsp;<\/p>\n<p style=\"text-align: justify;\"><span style=\"font-size: 14pt;\">\u2019<strong>The Corporation<\/strong>\u2019 es una pel\u00edcula dirigida por <strong>Mark<\/strong> <strong>Achbar<\/strong> y <strong>Jennifer<\/strong> <strong>Abbot<\/strong> que en tres cap\u00edtulos de una hora se interna en el <strong>mundo empresarial psicop\u00e1tico<\/strong>. Est\u00e1 basado en el libro con el t\u00edtulo \u2018<em>La Corporaci\u00f3n &#8211; la persecuci\u00f3n patol\u00f3gica del beneficio y el poder<\/em>\u2019, de <strong>Joel Bakan<\/strong>.<\/span><\/p>\n<p style=\"text-align: justify;\"><span style=\"font-size: 14pt;\">La pel\u00edcula, entre otros premios acaba de ganar el <strong><em>premio de la audiencia al mejor documental en el festival de cine de<\/em><\/strong> <em><strong>Sundance<\/strong><\/em>, al que por premura no se present\u00f3, pero fue invitada especialmente y aclamada por el p\u00fablico.<\/span><\/p>\n<p style=\"text-align: justify;\"><strong><em><span style=\"font-size: 14pt;\">Los responsables de la pel\u00edcula (de izquierda a derecha) Director Mark Achbar, Escritor Joel Bakan, y la Directora Jennifer Abbott.<\/span><\/em><\/strong><\/p>\n<figure id=\"attachment_2274360\" aria-describedby=\"caption-attachment-2274360\" style=\"width: 400px\" class=\"wp-caption aligncenter\"><img loading=\"lazy\" decoding=\"async\" class=\"wp-image-2274360 size-mh-magazine-content\" src=\"https:\/\/puntocritico.com\/ausajpuntocritico\/wp-content\/uploads\/2023\/05\/PsyCorpMAsmall-400x381.jpg\" alt=\"\" width=\"400\" height=\"381\" data-id=\"2274360\" \/><figcaption id=\"caption-attachment-2274360\" class=\"wp-caption-text\"><span style=\"color: #008000;\">Los responsables de la pel\u00edcula (de izquierda a derecha): Mark Achbar, Joel Bakan, y Jennifer Abbott.<\/span><\/figcaption><\/figure>\n<p>&nbsp;<\/p>\n<h3 style=\"text-align: justify;\"><strong>A la caza del comportamiento psicop\u00e1tico de las empresas<\/strong><\/h3>\n<p style=\"text-align: justify;\"><span style=\"font-size: 14pt;\">Una investigaci\u00f3n cr\u00edtica y actual. La pel\u00edcula THE CORPORATION invita a jugadores, figuras y peones a un reto gr\u00e1fico que engancha, para revelar el funcionamiento interno de las corporaciones, historia curiosa, impactos controvertidos y posibles futuros.<\/span><\/p>\n<p style=\"text-align: justify;\"><span style=\"font-size: 14pt;\">Estudios anal\u00edticos, an\u00e9cdotas y confesiones reales dejan al descubierto las tensiones e influencias detr\u00e1s de la escena de varios dramas corporativas y anticorporativas. Cada uno ilumina un aspecto del complejo car\u00e1cter de la corporaci\u00f3n.<\/span><\/p>\n<p style=\"text-align: justify;\"><span style=\"font-size: 14pt;\">Entre los 43 entrevistados se encuentran gerentes, ejecutivos de alto nivel de industrias como del crudo, farmac\u00e9uticas, ordenadores, neum\u00e1ticos, relaciones p\u00fablicas, promoci\u00f3n de marcas y patentes, publicidad y marketing \u2019<em>latente<\/em>\u2019 y subliminal como siniestro; adicionalmente participan un premio N\u00f3bel de econom\u00eda, el gur\u00fa #1 de gerencia de empresas, un esp\u00eda corporativo as\u00ed como un amplio repertorio de acad\u00e9micos, cr\u00edticos, historiadores y pensadores.<\/span><\/p>\n<h3 style=\"text-align: justify;\"><strong>Una \u2019persona\u2019 legal<\/strong><\/h3>\n<p style=\"text-align: justify;\"><span style=\"font-size: 14pt;\">En la mitad del siglo diecinueve la corporaci\u00f3n emerge como \u2019<em>persona<\/em>\u2019 legal. Imbuida con una personalidad de puro inter\u00e9s ego\u00edsta, fueron los siguientes 100 a\u00f1os que vieron la subida de la corporaci\u00f3n hasta el dominio. La corporaci\u00f3n creaba riqueza sin precedentes. \u00bfPero a qu\u00e9 coste? <strong>Milton Friedmann<\/strong> explica: \u2019&#8230; <em>las consecuencias para una tercera parte no pretendidas por las negociaciones entre dos partes son responsables de los incontables casos de enfermedad, muerte, pobreza, poluci\u00f3n, explotaci\u00f3n y mentiras<\/em>.\u2019<\/span><\/p>\n<h3 style=\"text-align: justify;\"><strong>La patolog\u00eda del comercio: casos cl\u00ednicos<\/strong><\/h3>\n<p style=\"text-align: justify;\"><span style=\"font-size: 14pt;\">Para conocer mejor a la \u2019<em>personalidad<\/em>\u2019 de una corporaci\u00f3n, a esa \u2019<em>persona<\/em>\u2019 en forma de empresa gigante, se emplea una lista de puntos por analizar y verificar. De hecho se han utilizado los criterios actuales de la<strong> Organizaci\u00f3n Mundial de la Salud <\/strong>y el<strong> DSM IV<\/strong>, es decir la herramienta est\u00e1ndar de psiquiatras y psic\u00f3logos.<\/span><\/p>\n<p style=\"text-align: justify;\"><span style=\"font-size: 14pt;\">Estos criterios dan a la corporaci\u00f3n una <strong>personalidad abiertamente antisocial<\/strong>. La corporaci\u00f3n es ego\u00edsta, inmoral, cruel y da\u00f1ina, destruye l\u00edmites y est\u00e1ndares morales y legales para conseguir sus objetivos, no sufre en absoluto de sentimiento de culpa o culpa, ni puede responder con las cualidades humanas de empat\u00eda, cuidados\/preocupaci\u00f3n o altruismo. Cuatro estudios cl\u00ednicos, elegidos del universo de las actividades de la corporaci\u00f3n demuestran claramente da\u00f1o inflingido a trabajadores, salud humana, animales y biosfera. Concluyendo el an\u00e1lisis punto por punto, el documental-pel\u00edcula entrega una diagn\u00f3stico molesto:\u00a0<strong>las corporaciones cumplen en todos los puntos con el perfil de&#8230; psic\u00f3patas<\/strong>.<\/span><\/p>\n<p>&nbsp;<\/p>\n<p><img loading=\"lazy\" decoding=\"async\" class=\"aligncenter wp-image-2274361 size-full\" src=\"https:\/\/puntocritico.com\/ausajpuntocritico\/wp-content\/uploads\/2023\/05\/Girl_with_barcode_maskforal.jpg\" alt=\"\" width=\"400\" height=\"226\" data-id=\"2274361\" srcset=\"https:\/\/puntocritico.com\/ausajpuntocritico\/wp-content\/uploads\/2023\/05\/Girl_with_barcode_maskforal.jpg 400w, https:\/\/puntocritico.com\/ausajpuntocritico\/wp-content\/uploads\/2023\/05\/Girl_with_barcode_maskforal-300x170.jpg 300w\" sizes=\"auto, (max-width: 400px) 100vw, 400px\" \/><\/p>\n<p>&nbsp;<\/p>\n<h3 style=\"text-align: justify;\"><span style=\"font-size: 14pt;\"><strong>Juegos de mentes<\/strong><\/span><\/h3>\n<p style=\"text-align: justify;\"><span style=\"font-size: 14pt;\">La corporaci\u00f3n \u2019<em><strong>Initiative<\/strong><\/em>\u2019 se gasta unos 22 billones de d\u00f3lares en todo el mundo para llegar al cliente con publicidad de todo lo imaginable e inimaginable utilizando medios de igual talante. Un nuevo medio: ni\u00f1os de muy corta edad. Se les manipula para que influyan en sus padres para la compra de todo tipo de productos, desde propios de su edad hasta dep\u00f3sitos financieros. El \u2019<em>Nag factor<\/em>\u2019 o factor \u2018<em>dar la lata<\/em>\u2019 a los padres ha logrado ventas estimadas de 10.3 billones de euros en el a\u00f1o pasado y supera en marzo ya los 8.4 billones en clara se\u00f1al de activaci\u00f3n de un nuevo mercado. El vicepresidente de la corporaci\u00f3n \u2019<em><strong>Initiative<\/strong><\/em>\u2019 se explica: \u00ab<strong><em>Puedes manipular a los consumidores hasta que desean y as\u00ed compren tus productos. Es un juego<\/em><\/strong>.\u00bb<\/span><\/p>\n<p style=\"text-align: justify;\"><span style=\"font-size: 14pt;\">Un juego dise\u00f1ado por expertos en la manipulaci\u00f3n psicol\u00f3gica y con profundos conocimientos psiqui\u00e1tricos, como se descubri\u00f3 hace poco. Programas y ensayos, en los que se probaban m\u00e9todos para aumentar la capacidad de presi\u00f3n de los ni\u00f1os sobre sus padres. A nivel mundial.<\/span><\/p>\n<h3 style=\"text-align: justify;\"><span style=\"font-size: 14pt;\"><strong>El precio de ser mensajero<\/strong><\/span><\/h3>\n<p style=\"text-align: justify;\"><span style=\"font-size: 14pt;\">Resulta que es un prop\u00f3sito caro levantar la mano por un bien p\u00fablico. Pregunten a <strong>Jane Akre<\/strong> y <strong>Steve Wilson<\/strong>, dos reporteros de investigaci\u00f3n que fueron despedidos por <strong>Fox News<\/strong> despu\u00e9s de que se negaran a olvidar un reportaje sobre <strong>rBGH<\/strong>, una <em>hormona sint\u00e9tica<\/em> utilizada de forma generalizada en los Estados Unidos (<em>pero prohibida en Europa o Canad\u00e1<\/em>). Esta hormona aumenta dr\u00e1sticamente la capacidad de producci\u00f3n de leche, pero causa diversas enfermedades a la vaca que tiene que ser tratados con antibi\u00f3ticos. Como es l\u00f3gico, una parte de esos antibi\u00f3ticos pasa a la leche y posteriormente al organismo humano que la ingiere, reduciendo las defensas propias y perdiendo efectividad como medicamento.<\/span><\/p>\n<p style=\"text-align: justify;\"><span style=\"font-size: 14pt;\">La <strong>corporaci\u00f3n Monsanto<\/strong>, fabricante del <strong>rBGH<\/strong> amenaz\u00f3 a la <strong>Fox<\/strong> con \u2019<em>lastimosas<\/em> <em>consecuencias<\/em>\u2019 si se publicase el reportaje. La <strong>Fox<\/strong> se agach\u00f3 y despidi\u00f3 a <strong>Akre<\/strong> y <strong>Wilson<\/strong>.<\/span><\/p>\n<p style=\"text-align: justify;\"><span style=\"font-size: 14pt;\">Ambos reporteros demandaron a la <strong>Fox<\/strong> y ganaron. En la segunda instancia, <strong>Jane<\/strong> <strong>Akre<\/strong> no obstante perdi\u00f3 por un tecnicismo.<\/span><\/p>\n<h3 style=\"text-align: justify;\"><strong>Responsabilidades monstruosas<\/strong><\/h3>\n<p style=\"text-align: justify;\"><span style=\"font-size: 14pt;\">Otro caso enfocado: <strong>Sir Mark Moody-Stuart<\/strong> cuenta como fue, junto a su esposa, despertado una buena ma\u00f1ana en su lujosa mansi\u00f3n de campo por activistas de \u2019<em>Earth First<\/em>\u2019 \/ \u2019<em>La Tierra primero<\/em>\u2019. <strong>Moody<\/strong> <strong>Stuart<\/strong> era miembro del consejo de la <strong>Shell<\/strong> (<em><strong>Royal Dutch Shell<\/strong><\/em>) en esa \u00e9poca. Los activistas desplegaron un mensaje claro sobre el tejado de la casa: \u2019<em>ASESINOS<\/em>\u2019. La respuesta del matrimonio sorprendido no fue llamar a la polic\u00eda, sino entablar conversaci\u00f3n con los activistas, invitarles a t\u00e9 y discutir sobre los derechos humanos y el medio ambiente. Pero mientras la se\u00f1ora <strong>Moody-Stuart<\/strong> se deshizo en disculpas por no tener leche de soja para los participantes veganos de la acci\u00f3n, en Nigeria,<strong> Shell<\/strong> <em>explota, sin medidas de control de ning\u00fan tipo, una de las f\u00e1bricas de mayor impacto medioambiental del mundo<\/em>. Peor a\u00fan. Las preocupaciones del matrimonio no liberan a <strong>Ken Saro Wiwa<\/strong> y otros ocho activistas opositores en Nigeria de ser <strong><em>ahorcados<\/em><\/strong>.<\/span><\/p>\n<h3 style=\"text-align: justify;\"><strong>Sin sentimientos, sin empat\u00eda alguna<\/strong><\/h3>\n<p style=\"text-align: justify;\"><span style=\"font-size: 14pt;\">Las corporaciones existen para crear riquezas personales e incluso desastres a nivel mundial pueden convertirse en centros de beneficios. <strong>Carlton Brown<\/strong>, un agente de bolsa explica con toda naturalidad como reaccionan los especuladores a la hora en que las <em>Torres Gemelas<\/em> aplastaron a miles. La primera pregunta en todas las llamadas entrantes fue: \u2019<em>\u00bfHa subido el oro?<\/em>\u2019<\/span><\/p>\n<h3 style=\"text-align: justify;\"><strong>La tierra privatizada<\/strong><\/h3>\n<p style=\"text-align: justify;\"><span style=\"font-size: 14pt;\">Pensar que temas como desastres, pureza de la ni\u00f1ez o incluso leche se encuentran entre agua y aire como lo m\u00e1s sagrado, es equivocarse. <em><strong>Las corporaciones no contienen en su funcionamiento l\u00edmite alguno en cuanto a lo que puedan explotar para obtener beneficios<\/strong><\/em>. Lo que en 1500 empez\u00f3 como medida de vallado, hoy privatiza cualquier cosa, cada \u00e1tomo de este mundo. Incluso al ADN de usted. Las corporaciones tienen <em><strong>patentes<\/strong><\/em> sobre todo, sean animales, seres humanos o cosas. Las protecciones contra las corporaciones que los estados manten\u00edan en a\u00f1os pasados, han ca\u00eddo como papel ante la avalancha voraz. <strong>Michael Walker<\/strong> del <em><strong>instituto<\/strong><\/em> <strong><em>Fraser<\/em><\/strong> lo dice bien claro: \u00ab<em><strong>Deber\u00eda privatizarse cada metro de tierra, metro c\u00fabico de aire y agua en este planeta<\/strong><\/em>.\u00bb<\/span><\/p>\n<h3 style=\"text-align: justify;\"><strong>Democracia S.A.<\/strong><\/h3>\n<p style=\"text-align: justify;\"><span style=\"font-size: 14pt;\">La democracia es un valor que las corporaciones no comprenden. De hecho, las corporaciones han participado y participan activamente en la destrucci\u00f3n de democracias si estas resultan ser obst\u00e1culos en su carrera unilateral y descerebrada por mayores beneficios. Desde el i<em>ntento de golpe de estado para posicionar un presidente militar-corporativo en<\/em> la <em>Casa Blanca<\/em> en <em><strong>1934<\/strong><\/em> &#8211; que evit\u00f3 el <em>general de marine<\/em> <strong>Smedley Darlington Butler<\/strong>, hasta el d\u00eda de hoy d\u00f3nde los bufetes de abogados de las corporaciones se encargan de producir las leyes estatales, las corporaciones siempre han comprado poder militar, m\u00fasculo pol\u00edtico y la opini\u00f3n p\u00fablica.<\/span><\/p>\n<p style=\"text-align: justify;\"><span style=\"font-size: 14pt;\">Las corporaciones no dudan en tomar ventaja de la ausencia de democracia tampoco. Una de las historias m\u00e1s espeluznantes del siglo XX es, sin duda, la estrategia de <strong>IBM<\/strong> y su horrenda alianza con <strong>Adolf Hitler<\/strong>. <strong>Edwin Black<\/strong> cuenta en la pel\u00edcula como desde <strong>1933<\/strong> &#8211; comienzos de dictadura de <strong>Hitler<\/strong> en la <em><strong>Alemania nazi<\/strong><\/em> &#8211; <strong>IBM<\/strong> empez\u00f3 a tratar con el <em>r\u00e9gimen nazi<\/em> hasta muy adentrada la <em><strong>Segunda Guerra Mundial<\/strong><\/em>.<\/span><\/p>\n<h3 style=\"text-align: justify;\"><strong>La respuesta del levantamiento<\/strong><\/h3>\n<p style=\"text-align: justify;\"><span style=\"font-size: 14pt;\">La pel\u00edcula no s\u00f3lo ofrece una visi\u00f3n que se expande desde el n\u00facleo de decisiones y planes de la corporaci\u00f3n, sino que tambi\u00e9n muestra a una ciudadan\u00eda cada vez m\u00e1s involucrada en combatir la maquinaria corporativista. El funcionamiento de la informaci\u00f3n distribuida por la red, la investigaci\u00f3n period\u00edstica cibern\u00e9tica y un cada vez mayor n\u00famero de publicaciones digitales que enfocan a la corporaci\u00f3n como enemigo real de la humanidad y del planeta.<\/span><\/p>\n<\/blockquote>\n<p>&nbsp;<\/p>\n<p><img loading=\"lazy\" decoding=\"async\" class=\"aligncenter wp-image-2274342\" src=\"https:\/\/puntocritico.com\/ausajpuntocritico\/wp-content\/uploads\/2023\/05\/psychopath-share-fb-300x158.jpg\" alt=\"\" width=\"440\" height=\"231\" data-id=\"2274342\" srcset=\"https:\/\/puntocritico.com\/ausajpuntocritico\/wp-content\/uploads\/2023\/05\/psychopath-share-fb-300x158.jpg 300w, https:\/\/puntocritico.com\/ausajpuntocritico\/wp-content\/uploads\/2023\/05\/psychopath-share-fb-1024x538.jpg 1024w, https:\/\/puntocritico.com\/ausajpuntocritico\/wp-content\/uploads\/2023\/05\/psychopath-share-fb-768x403.jpg 768w, https:\/\/puntocritico.com\/ausajpuntocritico\/wp-content\/uploads\/2023\/05\/psychopath-share-fb-610x320.jpg 610w, https:\/\/puntocritico.com\/ausajpuntocritico\/wp-content\/uploads\/2023\/05\/psychopath-share-fb.jpg 1200w\" sizes=\"auto, (max-width: 440px) 100vw, 440px\" \/><\/p>\n<p style=\"text-align: center;\"><span style=\"font-size: 18pt;\"><strong><span style=\"color: #008000;\">*******<\/span><\/strong><\/span><\/p>\n<h2 style=\"text-align: center;\" align=\"center\"><span style=\"font-size: 24.0pt;\">DOCUMENTAL\u00a0<\/span><span style=\"font-size: 24.0pt;\">\u00abLA CORPORACI\u00d3N\u00bb<\/span><\/h2>\n<p style=\"text-align: center;\" align=\"center\"><strong><span style=\"font-size: 18pt;\">(\u00abTHE CORPORATION\u00bb, 2003)<\/span><\/strong><\/p>\n<section id=\"synopsis-details\" class=\"section ovw ovw-synopsis\">\n<div class=\"content-txt \" style=\"text-align: center;\"><span style=\"font-size: 14pt;\"><strong>Documental que versa sobre el concepto de multinacional desde su pasado reciente hasta su dominaci\u00f3n presente.<\/strong><\/span><\/div>\n<div id=\"mobile-referrer-atf\" style=\"text-align: justify;\"><a href=\"https:\/\/www.documaniatv.com\/\" target=\"_blank\" rel=\"noopener\"><span style=\"font-size: 14pt;\">Documania<\/span><\/a><\/div>\n<\/section>\n<p><iframe loading=\"lazy\" title=\"The Corporation - La Corporacion (espa\u00f1ol - spanish)\" width=\"500\" height=\"375\" src=\"https:\/\/www.youtube.com\/embed\/Bkr-paaAYJ8?start=1&#038;feature=oembed\" frameborder=\"0\" allow=\"accelerometer; autoplay; clipboard-write; encrypted-media; gyroscope; picture-in-picture; web-share\" referrerpolicy=\"strict-origin-when-cross-origin\" allowfullscreen><\/iframe><\/p>\n<p>&nbsp;<\/p>\n<div id=\"container\" class=\"style-scope ytd-channel-name\">\n<blockquote>\n<div id=\"tooltip\" class=\"style-scope tp-yt-paper-tooltip fade-in-animation\" style=\"text-align: center;\"><span style=\"text-align: center;\">The Corporation&#8217; es un documental dirigido por Mark Achbar y Jennifer Abbott que durante dos horas y cincuenta y tres minutos se interna en el mundo empresarial psicop\u00e1tico. Est\u00e1 basado en el libro con el t\u00edtulo &#8216;La Corporaci\u00f3n, la persecuci\u00f3n patol\u00f3gica del beneficio y el poder&#8217;, de Joel Bakan. Con entrevistas realizadas tanto a ejecutivos de multinacionales, brokers de bolsa, esp\u00edas industriales, as\u00ed como a activistas y pensadores contra la globalizaci\u00f3n (Noam Chomsky, Naomi Klein y Michael Moore, entre otros) se analiza el comportamiento de las multinacionales. Todo adornado con im\u00e1genes de anuncios y noticias de la televisi\u00f3n y videos promocionales de las empresas. La linea argumental consiste en dar por v\u00e1lida la hip\u00f3tesis legal por la cual una empresa es \u00abuna persona\u00bb con derechos y obligaciones. Si es as\u00ed la pel\u00edcula se adentra en su comportamiento, su conducta y sus deseos. Amoral, \u00fanica y exclusivamente motivada por la b\u00fasqueda del beneficio propio, no obstante busca la autojustificaci\u00f3n y dar una cara humana. Sometiendole a un test psiqui\u00e1trico propuesto por la Organizaci\u00f3n Mundial de la Salud, Joel Bakan demuestra que \u00abLa Corporaci\u00f3n\u00bb responde al perfil de un psic\u00f3pata, y para testificarlo entrevistan a un alto cargo del FBI especializado en Psic\u00f3patas. La pel\u00edcula, entre otros premios, gan\u00f3 el de la audiencia al mejor documental en el festival de cine de Sundance, al que por premura no se present\u00f3, pero fue invitada especialmente y aclamada por el p\u00fablico. A partir de este premio, el autor decidi\u00f3 distribuir libremente la serie por las redes de pares.<\/span><\/div>\n<div style=\"text-align: right;\"><a href=\"https:\/\/www.youtube.com\/watch?v=Bkr-paaAYJ8&amp;t=1s\" target=\"_blank\" rel=\"noopener\">Pamela Rodriguez<\/a><\/div>\n<\/blockquote>\n<\/div>\n<p>&nbsp;<\/p>\n<p><a href=\"https:\/\/puntocritico.com\/ausajpuntocritico\/2021\/02\/04\/que-es-el-fascismo-por-george-orwell\/\"><img loading=\"lazy\" decoding=\"async\" class=\"aligncenter wp-image-1796974\" src=\"https:\/\/puntocritico.com\/ausajpuntocritico\/wp-content\/uploads\/2021\/02\/Fascismo-y-capitalismo-300x199.jpg\" alt=\"\" width=\"440\" height=\"292\" data-id=\"1796974\" srcset=\"https:\/\/puntocritico.com\/ausajpuntocritico\/wp-content\/uploads\/2021\/02\/Fascismo-y-capitalismo-300x199.jpg 300w, https:\/\/puntocritico.com\/ausajpuntocritico\/wp-content\/uploads\/2021\/02\/Fascismo-y-capitalismo-610x405.jpg 610w, https:\/\/puntocritico.com\/ausajpuntocritico\/wp-content\/uploads\/2021\/02\/Fascismo-y-capitalismo-678x452.jpg 678w, https:\/\/puntocritico.com\/ausajpuntocritico\/wp-content\/uploads\/2021\/02\/Fascismo-y-capitalismo.jpg 680w\" sizes=\"auto, (max-width: 440px) 100vw, 440px\" \/><\/a><\/p>\n<p style=\"text-align: center;\"><strong><span style=\"color: #008000; font-size: 18pt;\">*******<\/span><\/strong><\/p>\n<h2 style=\"text-align: center;\"><span style=\"font-size: 24pt;\"><strong>SOBRE EL DOCUMENTAL \u00abTHE CORPORATION\u00bb<\/strong><\/span><\/h2>\n<header>\n<p class=\"byline author vcard meta\" style=\"text-align: justify;\"><span style=\"font-size: 14pt;\"><a href=\"https:\/\/faircompanies.com\/articles\/sobre-el-documental-the-corporation\/\" target=\"_blank\" rel=\"noopener\">faircompanies<\/a>, 12 <time class=\"updated\" datetime=\"2007-05-12T17:20:00+00:00\">MAYO\u00a0 2007<\/time><\/span><\/p>\n<\/header>\n<p><img loading=\"lazy\" decoding=\"async\" class=\"aligncenter wp-image-2274341 size-full\" src=\"https:\/\/puntocritico.com\/ausajpuntocritico\/wp-content\/uploads\/2023\/05\/hometopleft.gif\" alt=\"La Corporaci\u00f3n\" width=\"608\" height=\"219\" data-id=\"2274341\" \/><\/p>\n<p style=\"text-align: justify;\"><span style=\"font-size: 14pt; text-align: justify;\">La decimocuarta enmienda de la Constituci\u00f3n estadounidense, modelo junto a la Revoluci\u00f3n Francesa de las libertades institucionalizadas de las democracias modernas, garantiza el derecho de las empresas a ser tratadas como personas.<\/span><\/p>\n<div class=\"entry-content\">\n<p style=\"text-align: justify;\"><span style=\"font-size: 14pt;\">Las implicaciones de este detalle jur\u00eddico en la historia del ser humano, sobre todo despu\u00e9s de 1945, son explicadas por este notable documental canadiense.<\/span><\/p>\n<p style=\"text-align: justify;\"><span style=\"font-size: 14pt;\"><em>The Corporation<\/em>\u00a0es un documental canadiense rodado en 2003 que documenta el paso en las sociedades modernas del derecho a la propiedad privada a la creaci\u00f3n de la empresa privada, las entidades con m\u00e1s poder en el mundo y la importancia de un detalle jur\u00eddico que las protege: el haber sido reconocidas como personas jur\u00eddicas y poder actuar como cualquier otra persona a efectos legales, lo que permiti\u00f3 a los propietarios de las grandes empresas gozar de inmunidad jur\u00eddica ante los problemas causados por las corporaciones.<\/span><\/p>\n<p style=\"text-align: justify;\"><span style=\"font-size: 14pt;\"><em>The Corporation<\/em>\u00a0es un trabajo tan cr\u00edtico como buen documentado sobre el advenimiento de las corporaciones como la instituci\u00f3n dominante en el mundo tras la II Guerra Mundial y su evoluci\u00f3n como entidades jur\u00eddicas con un com\u00fan denominador a lo largo de su historia: la b\u00fasqueda de beneficios a corto plazo para contentar a los aut\u00e9nticos propietarios de las firmas, los grandes accionistas y su regular demanda de dividendos burs\u00e1tiles.<\/span><\/p>\n<p style=\"text-align: justify;\"><span style=\"font-size: 14pt;\">Se agradece la participaci\u00f3n en el documental de personas de gran talla intelectual que abordan los principales aspectos pol\u00e9micos de las grandes corporaciones: la dificultad de poner cota a su poder, la falta de control ante algunas actividades empresariales que causan efectos directos sobre la salud humana y el medio ambiente o los peligros que supone dejar a las empresas que se regulen a s\u00ed mismas, en lugar de abordar los principales problemas que \u00e9stas causan mediante una legislaci\u00f3n actualizada y cr\u00edtica con la situaci\u00f3n actual en el mundo.<\/span><\/p>\n<p style=\"text-align: justify;\"><span style=\"font-size: 14pt;\">Entre las aportaciones al documental, destacan las de Jeremy Rifkin, profesor de la escuela de negocios Wharton, asesor de varios gobiernos y autor de libros tan influyentes como\u00a0<em>El fin del trabajo<\/em>\u00a0o\u00a0<em>La econom\u00eda del hidr\u00f3geno<\/em>; Noam Chomsky, profesor em\u00e9rito del Instituto Tecnol\u00f3gico de Massachusetts -MIT- y a su vez influyente autor y te\u00f3rico de campos como la filosof\u00eda, la semi\u00f3tica y el lenguaje; Naomi Klein, periodista y autora del libro sobre el poder de las marcas\u00a0<em>No logo<\/em>; el recientemente desaparecido Nobel de Econom\u00eda Milton Friedman; o Michael Moore -no hace falta presentar a Moore, gracias a su gusto por la promoci\u00f3n y a su entrada en la cultura popular con sus documentales-.<\/span><\/p>\n<h3 style=\"text-align: center;\"><span style=\"font-size: 18pt;\"><strong>La corporaci\u00f3n, una persona jur\u00eddica ante la ley<\/strong><\/span><\/h3>\n<p style=\"text-align: justify;\"><span style=\"font-size: 14pt;\">La corporaci\u00f3n moderna, que parte del reconocimiento de su car\u00e1cter de persona jur\u00eddica por parte del mundo anglosaj\u00f3n, as\u00ed como su comportamiento ante la sociedad durante las \u00faltimas d\u00e9cadas, son abordados con detalle en un trabajo documental que, pese a contar con una versi\u00f3n comercial de 165 minutos, fue ofrecida al p\u00fablico canadiense a trav\u00e9s de la Televisi\u00f3n de Ontario (Estado m\u00e1s poblado y rico de Canad\u00e1) en su versi\u00f3n extendida de varias horas en distintos cap\u00edtulos.<\/span><\/p>\n<p style=\"text-align: justify;\"><span style=\"font-size: 14pt;\">Hay tiempo en semejante metraje para abordar con hondura complots del mundo corporativo contra algunos gobiernos estadounidenses; la relaci\u00f3n entre las grandes empresas estadounidenses y europeas con el advenimiento del fascismo, los desmanes del Tercer Reich y la Soluci\u00f3n Final (el exterminio de millones de seres humanos pudo ser calculado de modo milim\u00e9trico gracias al uso de m\u00e1quinas de c\u00e1lculo, predecesoras de los actuales ordenadores, vendidas por IBM al gobierno nazi), y tambi\u00e9n de la creaci\u00f3n de Fanta por Coca-Cola para intentar copar el gusto de la Alemania nazi, otra gran perla olvidada por los libros de historia.<\/span><\/p>\n<p style=\"text-align: justify;\"><span style=\"font-size: 14pt;\">Ford y Opel (perceneciente, entonces y ahora, a la estadounidense General Motors) prosiguieron con su actividad industrial durante toda la guerra en Alemania, algo que no deber\u00eda sorprender dada la personal amistad entre, por ejemplo, Henry Ford y Adolf Hitler.<\/span><\/p>\n<p style=\"text-align: justify;\"><span style=\"font-size: 14pt;\">Tambi\u00e9n se explica el uso de hormonas del crecimiento sobre las vacas estadounidenses pese al da\u00f1o sobre la salud humana y de los animales, que llev\u00f3 a Canad\u00e1 y a la UE a prohibir este producto de Monsanto, que sin embargo ha podido seguir comercializ\u00e1ndolo en Estados Unidos.<\/span><\/p>\n<p style=\"text-align: justify;\"><span style=\"font-size: 14pt;\">Un grupo de periodistas de la cadena televisiva Fox, controlada por el magnate australiano nacionalizado estadounidense Rupert Murdoch, simpatizante de las doctrinas neoconservadoras, fue presionado por Monsanto y los equipos publicitarios de Fox para que no emitieran un serio trabajo period\u00edstico sobre los da\u00f1os producidos por el uso de esta hormona sobre las vacas.<\/span><\/p>\n<p style=\"text-align: justify;\"><span style=\"font-size: 14pt;\"><em>The Corporation<\/em>\u00a0tiene tiempo para hablar sobre la explotaci\u00f3n de trabajadores en pa\u00edses pobres con legislaciones laborales d\u00e9biles, inexistentes o corruptas, as\u00ed como de los beneficiosos que la denuncia p\u00fablica de determinadas actividades tiene sobre la actitud de las corporaciones.<\/span><\/p>\n<p style=\"text-align: justify;\"><span style=\"font-size: 14pt;\">Finalmente, se aborda la llamada responsabilidad social corporativa y los riesgos que tiene de convertirse en una operaci\u00f3n de maquillaje beneficiosa para las grandes empresas, de no existir legislaciones que protejan a los consumidores y los trabajadores de todo el mundo, el derecho de los animales y el medio ambiente.<\/span><\/p>\n<p style=\"text-align: justify;\"><span style=\"font-size: 14pt;\"><em>The Corporation<\/em>\u00a0deber\u00eda convertirse en sesi\u00f3n audiovisual para los estudiantes de secundaria de los pa\u00edses ricos. Tambi\u00e9n para los diputados, gobernantes y funcionarios de los mismos pa\u00edses.<\/span><\/p>\n<\/div>\n<p style=\"text-align: center;\">\u00a0<\/p>\n<p><img loading=\"lazy\" decoding=\"async\" class=\"aligncenter size-medium wp-image-2235547\" src=\"https:\/\/puntocritico.com\/ausajpuntocritico\/wp-content\/uploads\/2021\/12\/0005-Capitalismo-Salvaje-300x240.jpg\" alt=\"\" width=\"300\" height=\"240\" data-id=\"2235547\" srcset=\"https:\/\/puntocritico.com\/ausajpuntocritico\/wp-content\/uploads\/2021\/12\/0005-Capitalismo-Salvaje-300x240.jpg 300w, https:\/\/puntocritico.com\/ausajpuntocritico\/wp-content\/uploads\/2021\/12\/0005-Capitalismo-Salvaje-1024x819.jpg 1024w, https:\/\/puntocritico.com\/ausajpuntocritico\/wp-content\/uploads\/2021\/12\/0005-Capitalismo-Salvaje-768x614.jpg 768w, https:\/\/puntocritico.com\/ausajpuntocritico\/wp-content\/uploads\/2021\/12\/0005-Capitalismo-Salvaje-610x488.jpg 610w, https:\/\/puntocritico.com\/ausajpuntocritico\/wp-content\/uploads\/2021\/12\/0005-Capitalismo-Salvaje-1320x1056.jpg 1320w, https:\/\/puntocritico.com\/ausajpuntocritico\/wp-content\/uploads\/2021\/12\/0005-Capitalismo-Salvaje.jpg 1350w\" sizes=\"auto, (max-width: 300px) 100vw, 300px\" \/><\/p>\n<p style=\"text-align: center;\"><strong><span style=\"color: #008000; font-size: 14pt;\">*******<\/span><\/strong><\/p>\n<div class=\"entry-content\">\n<blockquote>\n<h3 style=\"text-align: center;\"><span style=\"font-size: 18pt;\"><strong>Ficha t\u00e9cnica<\/strong><\/span><\/h3>\n<p style=\"text-align: center;\"><span style=\"font-size: 14pt;\">T\u00edtulo:\u00a0<em>La corporaci\u00f3n<\/em>\u00a0(<em>The Corporation<\/em>)<\/span><\/p>\n<p style=\"text-align: center;\"><span style=\"font-size: 14pt;\">Autor: Mark Achbar y Jennifer Abbott<\/span><\/p>\n<p style=\"text-align: center;\"><span style=\"font-size: 14pt;\">Compa\u00f1\u00eda: Mark Achbar<\/span><\/p>\n<p style=\"text-align: center;\"><span style=\"font-size: 14pt;\">G\u00e9nero: documental<\/span><\/p>\n<p style=\"text-align: center;\"><span style=\"font-size: 14pt;\">Duraci\u00f3n: 165 minutos<\/span><\/p>\n<p style=\"text-align: center;\"><span style=\"font-size: 14pt;\">A\u00f1o: 2003<\/span><\/p>\n<\/blockquote>\n<\/div>\n<p>&nbsp;<\/p>\n<p><img loading=\"lazy\" decoding=\"async\" class=\"aligncenter wp-image-24495\" src=\"https:\/\/puntocritico.com\/ausajpuntocritico\/wp-content\/uploads\/2019\/11\/capitalismo-300x212.jpg\" alt=\"\" width=\"360\" height=\"254\" data-id=\"24495\" srcset=\"https:\/\/puntocritico.com\/ausajpuntocritico\/wp-content\/uploads\/2019\/11\/capitalismo-300x212.jpg 300w, https:\/\/puntocritico.com\/ausajpuntocritico\/wp-content\/uploads\/2019\/11\/capitalismo.jpg 600w\" sizes=\"auto, (max-width: 360px) 100vw, 360px\" \/><\/p>\n<p style=\"text-align: center;\"><strong><span style=\"color: #008000; font-size: 18pt;\">*******<\/span><\/strong><\/p>\n<h2 style=\"text-align: justify;\"><span style=\"font-size: 14pt;\"><strong>RELACIONADOS:<\/strong><\/span><\/h2>\n<blockquote class=\"wp-embedded-content\" data-secret=\"UjbXXoFLeG\"><p><a href=\"https:\/\/puntocritico.com\/ausajpuntocritico\/2022\/08\/17\/informe-petras-el-diagnostico-que-hace-20-anos-predijo-la-ruina-de-la-juventud-contemporanea\/\">INFORME PETRAS: EL DIAGN\u00d3STICO QUE HACE 20 A\u00d1OS PREDIJO LA RUINA DE LA JUVENTUD CONTEMPOR\u00c1NEA<\/a><\/p><\/blockquote>\n<p><iframe loading=\"lazy\" class=\"wp-embedded-content\" sandbox=\"allow-scripts\" security=\"restricted\" style=\"position: absolute; visibility: hidden;\" title=\"\u00abINFORME PETRAS: EL DIAGN\u00d3STICO QUE HACE 20 A\u00d1OS PREDIJO LA RUINA DE LA JUVENTUD CONTEMPOR\u00c1NEA\u00bb \u2014 Punto Cr\u00edtico Derechos Humanos\" src=\"https:\/\/puntocritico.com\/ausajpuntocritico\/2022\/08\/17\/informe-petras-el-diagnostico-que-hace-20-anos-predijo-la-ruina-de-la-juventud-contemporanea\/embed\/#?secret=iaUf5BcaOA#?secret=UjbXXoFLeG\" data-secret=\"UjbXXoFLeG\" width=\"500\" height=\"282\" frameborder=\"0\" marginwidth=\"0\" marginheight=\"0\" scrolling=\"no\"><\/iframe><\/p>\n<blockquote class=\"wp-embedded-content\" data-secret=\"Yph04doJqd\"><p><a href=\"https:\/\/puntocritico.com\/ausajpuntocritico\/2022\/10\/12\/fabricando-disidencia-globalistas-y-elites-controlan-movimientos-populares-por-michel-chossudovsky-2\/\">FABRICANDO DISIDENCIA: GLOBALISTAS Y \u00c9LITES CONTROLAN MOVIMIENTOS POPULARES, por Michel Chossudovsky<\/a><\/p><\/blockquote>\n<p><iframe loading=\"lazy\" class=\"wp-embedded-content\" sandbox=\"allow-scripts\" security=\"restricted\" style=\"position: absolute; visibility: hidden;\" title=\"\u00abFABRICANDO DISIDENCIA: GLOBALISTAS Y \u00c9LITES CONTROLAN MOVIMIENTOS POPULARES, por Michel Chossudovsky\u00bb \u2014 Punto Cr\u00edtico Derechos Humanos\" src=\"https:\/\/puntocritico.com\/ausajpuntocritico\/2022\/10\/12\/fabricando-disidencia-globalistas-y-elites-controlan-movimientos-populares-por-michel-chossudovsky-2\/embed\/#?secret=3o5T3EKu1p#?secret=Yph04doJqd\" data-secret=\"Yph04doJqd\" width=\"500\" height=\"282\" frameborder=\"0\" marginwidth=\"0\" marginheight=\"0\" scrolling=\"no\"><\/iframe><\/p>\n<blockquote class=\"wp-embedded-content\" data-secret=\"ZO3kKiog71\"><p><a href=\"https:\/\/puntocritico.com\/ausajpuntocritico\/2020\/07\/27\/psicopatas-en-el-poder-2\/\">Psic\u00f3patas en el poder<\/a><\/p><\/blockquote>\n<p><iframe loading=\"lazy\" class=\"wp-embedded-content\" sandbox=\"allow-scripts\" security=\"restricted\" style=\"position: absolute; visibility: hidden;\" title=\"\u00abPsic\u00f3patas en el poder\u00bb \u2014 Punto Cr\u00edtico Derechos Humanos\" src=\"https:\/\/puntocritico.com\/ausajpuntocritico\/2020\/07\/27\/psicopatas-en-el-poder-2\/embed\/#?secret=iw9AOm4jzd#?secret=ZO3kKiog71\" data-secret=\"ZO3kKiog71\" width=\"500\" height=\"282\" frameborder=\"0\" marginwidth=\"0\" marginheight=\"0\" scrolling=\"no\"><\/iframe><\/p>\n<blockquote class=\"wp-embedded-content\" data-secret=\"otSubRVNhN\"><p><a href=\"https:\/\/puntocritico.com\/ausajpuntocritico\/2020\/07\/29\/sociopatia-y-psicopatia-en-politica-los-politicos-suelen-aferrarse-al-poder-como-psicopatas-2\/\">SOCIOPAT\u00cdA y PSICOPAT\u00cdA EN POL\u00cdTICA; \u00abLos pol\u00edticos suelen aferrarse al poder como psic\u00f3patas\u00bb<\/a><\/p><\/blockquote>\n<p><iframe loading=\"lazy\" class=\"wp-embedded-content\" sandbox=\"allow-scripts\" security=\"restricted\" style=\"position: absolute; visibility: hidden;\" title=\"\u00abSOCIOPAT\u00cdA y PSICOPAT\u00cdA EN POL\u00cdTICA; \u00abLos pol\u00edticos suelen aferrarse al poder como psic\u00f3patas\u00bb\u00bb \u2014 Punto Cr\u00edtico Derechos Humanos\" src=\"https:\/\/puntocritico.com\/ausajpuntocritico\/2020\/07\/29\/sociopatia-y-psicopatia-en-politica-los-politicos-suelen-aferrarse-al-poder-como-psicopatas-2\/embed\/#?secret=DyOKsE5yeN#?secret=otSubRVNhN\" data-secret=\"otSubRVNhN\" width=\"500\" height=\"282\" frameborder=\"0\" marginwidth=\"0\" marginheight=\"0\" scrolling=\"no\"><\/iframe><\/p>\n<blockquote class=\"wp-embedded-content\" data-secret=\"pBnx5zD5zh\"><p><a href=\"https:\/\/puntocritico.com\/ausajpuntocritico\/2022\/04\/27\/psicopatia-ideologia-y-sociedad-por-inmaculada-jauregui-balenciaga-4\/\">PSICOPAT\u00cdA, IDEOLOG\u00cdA y SOCIEDAD, por Inmaculada J\u00e1uregui Balenciaga<\/a><\/p><\/blockquote>\n<p><iframe loading=\"lazy\" class=\"wp-embedded-content\" sandbox=\"allow-scripts\" security=\"restricted\" style=\"position: absolute; visibility: hidden;\" title=\"\u00abPSICOPAT\u00cdA, IDEOLOG\u00cdA y SOCIEDAD, por Inmaculada J\u00e1uregui Balenciaga\u00bb \u2014 Punto Cr\u00edtico Derechos Humanos\" src=\"https:\/\/puntocritico.com\/ausajpuntocritico\/2022\/04\/27\/psicopatia-ideologia-y-sociedad-por-inmaculada-jauregui-balenciaga-4\/embed\/#?secret=w1p0P4y9tf#?secret=pBnx5zD5zh\" data-secret=\"pBnx5zD5zh\" width=\"500\" height=\"282\" frameborder=\"0\" marginwidth=\"0\" marginheight=\"0\" scrolling=\"no\"><\/iframe><\/p>\n<blockquote class=\"wp-embedded-content\" data-secret=\"LHq1bUkR1j\"><p><a href=\"https:\/\/puntocritico.com\/ausajpuntocritico\/2022\/01\/18\/psicosis-de-formacion-masiva\/\">PSICOSIS DE FORMACI\u00d3N MASIVA. COVID-19: &#8220;Como los medios corporativos, generando ansiedad, han formado masas que les creen sin cuestionar&#8221;<\/a><\/p><\/blockquote>\n<p><iframe loading=\"lazy\" class=\"wp-embedded-content\" sandbox=\"allow-scripts\" security=\"restricted\" style=\"position: absolute; visibility: hidden;\" title=\"\u00abPSICOSIS DE FORMACI\u00d3N MASIVA. COVID-19: &#8220;Como los medios corporativos, generando ansiedad, han formado masas que les creen sin cuestionar&#8221;\u00bb \u2014 Punto Cr\u00edtico Derechos Humanos\" src=\"https:\/\/puntocritico.com\/ausajpuntocritico\/2022\/01\/18\/psicosis-de-formacion-masiva\/embed\/#?secret=Jje67CUZTW#?secret=LHq1bUkR1j\" data-secret=\"LHq1bUkR1j\" width=\"500\" height=\"282\" frameborder=\"0\" marginwidth=\"0\" marginheight=\"0\" scrolling=\"no\"><\/iframe><\/p>\n<blockquote class=\"wp-embedded-content\" data-secret=\"NUDohF7YsO\"><p><a href=\"https:\/\/puntocritico.com\/ausajpuntocritico\/2022\/01\/11\/narcisismo-y-psicopatia-3\/\">NARCISISMO y PSICOPAT\u00cdA<\/a><\/p><\/blockquote>\n<p><iframe loading=\"lazy\" class=\"wp-embedded-content\" sandbox=\"allow-scripts\" security=\"restricted\" style=\"position: absolute; visibility: hidden;\" title=\"\u00abNARCISISMO y PSICOPAT\u00cdA\u00bb \u2014 Punto Cr\u00edtico Derechos Humanos\" src=\"https:\/\/puntocritico.com\/ausajpuntocritico\/2022\/01\/11\/narcisismo-y-psicopatia-3\/embed\/#?secret=DV1q9S3Qir#?secret=NUDohF7YsO\" data-secret=\"NUDohF7YsO\" width=\"500\" height=\"282\" frameborder=\"0\" marginwidth=\"0\" marginheight=\"0\" scrolling=\"no\"><\/iframe><\/p>\n<blockquote class=\"wp-embedded-content\" data-secret=\"1geMGKmP5U\"><p><a href=\"https:\/\/puntocritico.com\/ausajpuntocritico\/2021\/12\/11\/la-mala-semilla\/\">LA PSICOPAT\u00cdA EN EL CINE: La mala semilla (Pel\u00edcula,1956)<\/a><\/p><\/blockquote>\n<p><iframe loading=\"lazy\" class=\"wp-embedded-content\" sandbox=\"allow-scripts\" security=\"restricted\" style=\"position: absolute; visibility: hidden;\" title=\"\u00abLA PSICOPAT\u00cdA EN EL CINE: La mala semilla (Pel\u00edcula,1956)\u00bb \u2014 Punto Cr\u00edtico Derechos Humanos\" src=\"https:\/\/puntocritico.com\/ausajpuntocritico\/2021\/12\/11\/la-mala-semilla\/embed\/#?secret=JLMdZSvxcp#?secret=1geMGKmP5U\" data-secret=\"1geMGKmP5U\" width=\"500\" height=\"282\" frameborder=\"0\" marginwidth=\"0\" marginheight=\"0\" scrolling=\"no\"><\/iframe><\/p>\n<blockquote class=\"wp-embedded-content\" data-secret=\"6D5zgGAaR8\"><p><a href=\"https:\/\/puntocritico.com\/ausajpuntocritico\/2022\/01\/24\/prostitucion-de-menores\/\">JUECES Y PSIC\u00d3PATAS: Prostituci\u00f3n de menores y esclavitud de mujeres vulnerables: Prohibido investigar.<\/a><\/p><\/blockquote>\n<p><iframe loading=\"lazy\" class=\"wp-embedded-content\" sandbox=\"allow-scripts\" security=\"restricted\" style=\"position: absolute; visibility: hidden;\" title=\"\u00abJUECES Y PSIC\u00d3PATAS: Prostituci\u00f3n de menores y esclavitud de mujeres vulnerables: Prohibido investigar.\u00bb \u2014 Punto Cr\u00edtico Derechos Humanos\" src=\"https:\/\/puntocritico.com\/ausajpuntocritico\/2022\/01\/24\/prostitucion-de-menores\/embed\/#?secret=lPzvzxThXz#?secret=6D5zgGAaR8\" data-secret=\"6D5zgGAaR8\" width=\"500\" height=\"282\" frameborder=\"0\" marginwidth=\"0\" marginheight=\"0\" scrolling=\"no\"><\/iframe><\/p>\n<blockquote class=\"wp-embedded-content\" data-secret=\"AW2C44IUUX\"><p><a href=\"https:\/\/puntocritico.com\/ausajpuntocritico\/2020\/07\/28\/corporaciones-psicopatas-inmortales-2\/\">CORPORACIONES \u2013 PSIC\u00d3PATAS INMORTALES<\/a><\/p><\/blockquote>\n<p><iframe loading=\"lazy\" class=\"wp-embedded-content\" sandbox=\"allow-scripts\" security=\"restricted\" style=\"position: absolute; visibility: hidden;\" title=\"\u00abCORPORACIONES \u2013 PSIC\u00d3PATAS INMORTALES\u00bb \u2014 Punto Cr\u00edtico Derechos Humanos\" src=\"https:\/\/puntocritico.com\/ausajpuntocritico\/2020\/07\/28\/corporaciones-psicopatas-inmortales-2\/embed\/#?secret=UIQgiGRcK9#?secret=AW2C44IUUX\" data-secret=\"AW2C44IUUX\" width=\"500\" height=\"282\" frameborder=\"0\" marginwidth=\"0\" marginheight=\"0\" scrolling=\"no\"><\/iframe><\/p>\n<p>&nbsp;<\/p>\n<p>&nbsp;<\/p>\n<p>&nbsp;<\/p>\n<p>&nbsp;<\/p>\n<p><a href=\"https:\/\/puntocritico.com\/ausajpuntocritico\/author\/punto-critico\/\"><img loading=\"lazy\" decoding=\"async\" class=\"aligncenter wp-image-9528\" src=\"https:\/\/puntocritico.com\/ausajpuntocritico\/wp-content\/uploads\/2018\/03\/Mosca_Punto_Cr\u00edtico_40.png\" alt=\"\" width=\"80\" height=\"80\" data-id=\"9528\" \/><\/a><\/p>\n<p>&nbsp;<\/p>\n","protected":false},"excerpt":{"rendered":"<div class=\"mh-excerpt\"><p>LA CORPORACI\u00d3N: Corporaciones \u00bfInstituciones o psic\u00f3patas? \u00a0 DOCUMENTAL THE CORPORATION: \u00bfINSTITUCIONES O PSIC\u00d3PATAS? Mark Achbar (\u2019Noam Chomsky: Manufacturing Consent\u2019) y Jennifer Abbott Insumissia THE CORPORATION: \u00bfINSTITUCIONES O PSIC\u00d3PATAS? (2003) \u00abHace 150 a\u00f1os, la corporaci\u00f3n era <a class=\"mh-excerpt-more\" href=\"https:\/\/puntocritico.com\/ausajpuntocritico\/2023\/05\/20\/the-corporation-la-corporacion-documental-ano-2003\/\" title=\"\u00abLA CORPORACI\u00d3N: CORPORACIONES \u00bfINSTITUCIONES O PSIC\u00d3PATAS?\u00bb, Documental, 2003. (\u00abThe Corporation\u00bb)\">[&#8230;]<\/a><\/p>\n<\/div>","protected":false},"author":3,"featured_media":2274348,"comment_status":"open","ping_status":"closed","sticky":false,"template":"","format":"standard","meta":{"_acf_changed":false,"_exactmetrics_skip_tracking":false,"_exactmetrics_sitenote_active":false,"_exactmetrics_sitenote_note":"","_exactmetrics_sitenote_category":0,"footnotes":""},"categories":[10,25],"tags":[],"class_list":{"0":"post-2274045","1":"post","2":"type-post","3":"status-publish","4":"format-standard","5":"has-post-thumbnail","7":"category-miscelanea","8":"category-documentales"},"acf":[],"_links":{"self":[{"href":"https:\/\/puntocritico.com\/ausajpuntocritico\/wp-json\/wp\/v2\/posts\/2274045","targetHints":{"allow":["GET"]}}],"collection":[{"href":"https:\/\/puntocritico.com\/ausajpuntocritico\/wp-json\/wp\/v2\/posts"}],"about":[{"href":"https:\/\/puntocritico.com\/ausajpuntocritico\/wp-json\/wp\/v2\/types\/post"}],"author":[{"embeddable":true,"href":"https:\/\/puntocritico.com\/ausajpuntocritico\/wp-json\/wp\/v2\/users\/3"}],"replies":[{"embeddable":true,"href":"https:\/\/puntocritico.com\/ausajpuntocritico\/wp-json\/wp\/v2\/comments?post=2274045"}],"version-history":[{"count":0,"href":"https:\/\/puntocritico.com\/ausajpuntocritico\/wp-json\/wp\/v2\/posts\/2274045\/revisions"}],"wp:featuredmedia":[{"embeddable":true,"href":"https:\/\/puntocritico.com\/ausajpuntocritico\/wp-json\/wp\/v2\/media\/2274348"}],"wp:attachment":[{"href":"https:\/\/puntocritico.com\/ausajpuntocritico\/wp-json\/wp\/v2\/media?parent=2274045"}],"wp:term":[{"taxonomy":"category","embeddable":true,"href":"https:\/\/puntocritico.com\/ausajpuntocritico\/wp-json\/wp\/v2\/categories?post=2274045"},{"taxonomy":"post_tag","embeddable":true,"href":"https:\/\/puntocritico.com\/ausajpuntocritico\/wp-json\/wp\/v2\/tags?post=2274045"}],"curies":[{"name":"wp","href":"https:\/\/api.w.org\/{rel}","templated":true}]}}